{"administration":"pref83","administration_name":"Pr\u00e9fecture du Var","content":"VAR\nRECUEIL DES ACTES\nADMINISTRATIFS\nN\u00b083-2024-026\nPUBLI\u00c9 LE  6 MARS 2024\nSommaire\nDirection d\u00e9partementale de l'emploi, du travail et des solidarit\u00e9s du Var /\nDirection de la DDETS\n83-2024-02-27-00008 - AAP programme 104 action12 2024 (27 pages) Page 4\nDirection d\u00e9partementale des territoires et de la mer du Var / Service eau et\nbiodiversit\u00e9 de la DDTM\n83-2024-03-05-00002 - ARR\u00caT\u00c9 PR\u00c9FECTORAL n\u00b0 DDTM/SEBIO/2024-19 du\n05 mars 2024 portant d\u00e9rogation \u00e0 la capture ou l\u25a1enl\u00e8vement de\nsp\u00e9cimens d'esp\u00e8ces animales prot\u00e9g\u00e9es d\u00e9finie \u00e0 l\u25a1article 4 du L.411-2 du\nCode de l\u25a1Environnement au b\u00e9n\u00e9fice de Jean-Baptiste FOURVEL charg\u00e9 de\nrecherche au CNRS\npour proc\u00e9der ou faire proc\u00e9der\nsur les communes\ndu d\u00e9partement du Var\n\u00e0 la capture, l\u25a1enl\u00e8vement et la d\u00e9tention \u00e0 but\nscientifique de sp\u00e9cimens - individus morts - de\nTortue d\u25a1Hermann -\nTestudo hermanni (Gmelin, 1789) pour les ann\u00e9es 2024 \u00e0 2028 inclus. (7\npages) Page 32\n83-2024-03-05-00004 - ARR\u00caT\u00c9 PR\u00c9FECTORAL n\u00b0 DDTM/SEBIO/2024-20 du\n05 mars 2024 portant d\u00e9rogation \u00e0 l\u25a1interdiction de perturbation\nintentionnelle\nd\u25a1esp\u00e8ces animales prot\u00e9g\u00e9es\nd\u00e9finie \u00e0 l\u25a1article L.411-2\ndu Code de l\u25a1Environnement au b\u00e9n\u00e9fice de monsieur Lucas STOFA,\nm\u00e9diateur naturaliste, ornithologue, r\u00e9alisateur pour proc\u00e9der ou faire\nproc\u00e9der,\nsur le territoire de la commune de La Garde,\nsur le site de\nl'espace nature d\u00e9partemental du Plan, \u00e0 un suivi scientifique film\u00e9 de\nnidification\ndu Blongios nain - Ixobrychus minutus (Linn\u00e9, 1766) et de la\nRousserolle turdo\u00efde - Acrocephalus arundinaceus (Linn\u00e9, 1758) pour\nl'ann\u00e9e 2024 (8 pages) Page 40\n83-2024-03-05-00003 - ARR\u00caT\u00c9 PR\u00c9FECTORAL n\u00b0 DDTM/SEBIO/2024-21 du\n05 mars 2024 portant d\u00e9rogation \u00e0 l\u25a1interdiction d'exposition de\nsp\u00e9cimens d\u25a1esp\u00e8ces animales prot\u00e9g\u00e9es d\u00e9finies \u00e0 l\u25a1article L.411-2 du\ncode de l\u25a1environnement au b\u00e9n\u00e9fice de la f\u00e9d\u00e9ration d\u00e9partementale des\nchasseurs du Var (FDC83) pour proc\u00e9der ou faire proc\u00e9der\n\u00e0\nl'acheminement, la pr\u00e9paration, la conservation et l'exposition, l'\u00e9tude\net la valorisation\nd'oiseaux naturalis\u00e9s \u00e0 partir de 2024 et sans limite de\ntemps (7 pages) Page 49\nPr\u00e9fecture du VAR / Direction de la citoyennet\u00e9 et de la l\u00e9galit\u00e9\n83-2024-02-28-00057 - Arr\u00eat\u00e9 pr\u00e9fectoral n\u00b0 DCL/BERG/2024/40 du 28\nf\u00e9vrier 2024 (3 pages) Page 57\n83-2024-02-28-00058 - Arr\u00eat\u00e9 pr\u00e9fectoral n\u00b0 DCL/BERG/2024/41 du 28\nf\u00e9vrier 2024 (3 pages) Page 61\n2\nPr\u00e9fecture du VAR / Direction des s\u00e9curit\u00e9s\n83-2024-03-01-00010 - AP renouv Agr\u00e9ment sign\u00e9 (2 pages) Page 65\n3\nDirection d\u00e9partementale de l'emploi, du travail\net des solidarit\u00e9s du Var\n83-2024-02-27-00008\nAAP programme 104 action12 2024\nDirection d\u00e9partementale de l'emploi, du travail et des solidarit\u00e9s du Var - 83-2024-02-27-00008 - AAP programme 104 action12 2024 4\nPREFET\nDU  VAR\nLibert\u00e9\nEgalit\u00e9\nFraternit\u00e9\nDirection D\u00e9partementale\nde l'Emploi, du Travail \net des Solidarit\u00e9s\nService Acc\u00e8s \u00e0 l'Autonomie\ndes Populations Vuln\u00e9rables\nAppel \u00e0 projets 2024\nPolitique d'accueil et d'int\u00e9gration des \u00e9trangers en France\nBOP 104 : Int\u00e9gration et acc\u00e8s \u00e0 la nationalit\u00e9 fran\u00e7aise\nAction 12 : \u00ab Actions d'int\u00e9gration des \u00e9trangers en situation r\u00e9guli\u00e8re  \u00bb\nDate limite de d\u00e9p\u00f4t des projets  :\n31 mars 2024 (minuit)\nDirection d\u00e9partementale de l'emploi, du travail et des solidarit\u00e9s du Var - 83-2024-02-27-00008 - AAP programme 104 action12 2024 5\n1 - Une strat\u00e9gie d\u00e9partementale en pleine application de la strat\u00e9gie nationale.   \n\u00a0\n\uf0b7Les  principales  orientations  de  l'instruction  du  8  f\u00e9vrier  2023  relative  \u00e0  l'int\u00e9gration  de  \nr\u00e9fugi\u00e9s et primo arrivants.\nInscrite \u00a0dans \u00a0la\u00a0continuit\u00e9 \u00a0de\u00a0la\u00a0strat\u00e9gie \u00a0nationale \u00a0pour\u00a0l'int\u00e9gration, \u00a0l'instruction \u00a0nationale \u00a02023 \u00a0reprend\nles\u00a0orientations \u00a0des\u00a0instructions \u00a0pr\u00e9c\u00e9dentes, \u00a0mettant \u00a0en\u00a0exergue \u00a0les\u00a0sujets \u00a0qui\u00a0irriguent \u00a0les\u00a0\u00e9changes\nintervenant \u00a0entre \u00a0\u00e9chelon \u00a0national \u00a0et\u00a0\u00e9chelon \u00a0local \u00a0depuis \u00a02018, \u00a0parmi \u00a0lesquels\u00a0:\u00a0la\u00a0mise \u00a0en\u00a0place \u00a0de\ndispositifs \u00a0d'int\u00e9gration \u00a0sans \u00a0coutures \u00a0ciblant \u00a0les\u00a0r\u00e9fugi\u00e9s, \u00a0l'accent \u00a0sur\u00a0l'acc\u00e8s \u00a0\u00e0\u00a0l'emploi, \u00a0l'organisation\nd'une \u00a0politique \u00a0locale \u00a0lisible, \u00a0anim\u00e9e \u00a0et\u00a0suivie.\nLes\u00a0priorit\u00e9s \u00a02024 \u00a0reprennent \u00a0globalement \u00a0celles \u00a0de\u00a02023\u00a0:\n-\u00a0Maintenir \u00a0les\u00a0grands \u00a0objectifs\u00a0sur\u00a0la\u00a0formation \u00a0linguistique, \u00a0l'accompagnement \u00a0vers\u00a0l'emploi, \u00a0la\u00a0priorit\u00e9\nsur\u00a0les\u00a0femmes \u00a0primo-arrivantes, \u00a0le\u00a0d\u00e9veloppement \u00a0de\u00a0la\u00a0VAE, \u00a0le\u00a0renforcement \u00a0de\u00a0la\u00a0mobilit\u00e9, \u00a0le\u00a0rappel\ndes\u00a0valeurs \u00a0de\u00a0la\u00a0R\u00e9publique \u00a0fran\u00e7aise. \u00a0\n-\u00a0Renforcer \u00a0l'axe\u00a0sant\u00e9, \u00a0les\u00a0actions \u00a0vers\u00a0la\u00a0culture \u00a0et\u00a0le\u00a0sport \u00a0sont\u00a0encourag\u00e9es\n-\u00a0L'acc\u00e8s \u00a0aux\u00a0droits \u00a0est\u00a0prioris\u00e9 \u00a0avec \u00a0la\u00a0n\u00e9cessit\u00e9 \u00a0de\u00a0renforcer \u00a0les\u00a0liens \u00a0avec \u00a0les\u00a0services \u00a0CAF, \u00a0CPAM,\nservice \u00a0public \u00a0de\u00a0l'emploi\n-\u00a0Am\u00e9liorer \u00a0l'acc\u00e8s \u00a0au\u00a0logement \u00a0des\u00a0b\u00e9n\u00e9ficiaires \u00a0de\u00a0la\u00a0protection \u00a0internationale\n-\u00a0Pr\u00e9parer \u00a0ou\u00a0d\u00e9ployer \u00a0le\u00a0dispositif \u00a0AGIR \u00a0sur\u00a0les\u00a0territoires \u00a0concern\u00e9s \u00a0avec \u00a0une\u00a0forte\u00a0mobilisation \u00a0des\u00a0\nservices \u00a0des\u00a0directions \u00a0d\u00e9partementales \u00a0de\u00a0l'emploi, \u00a0du\u00a0travail \u00a0et\u00a0des\u00a0solidarit\u00e9s \u00a0et\u00a0de\u00a0l'OFII.\n-\u00a0D\u00e9velopper \u00a0le\u00a0dispositif \u00a0Volont'R\n-\u00a0Renforcer \u00a0le\u00a0dispositif \u00a0\u00ab\u00a0Ouvrir \u00a0l'Ecole \u00a0aux\u00a0Parents \u00a0pour\u00a0la\u00a0r\u00e9ussite \u00a0des\u00a0enfants\u00a0\u00bb\u00a0(OEPRE)\n-\u00a0D\u00e9velopper \u00a0le\u00a0partenariat \u00a0avec \u00a0les\u00a0collectivit\u00e9s \u00a0territoriales\nLe\u00a0programme \u00a0HOPE \u00a0demeure \u00a0ouvert \u00a0aux\u00a0b\u00e9n\u00e9ficiaires \u00a0de\u00a0la\u00a0protection \u00a0temporaire \u00a0en\u00a02024.\nLa priorit\u00e9 \u00e0 l'insertion professionnelle\nL'instruction \u00a0\u00e9nonce \u00a0en\u00a0point \u00a0central \u00a0la\u00a0priorit\u00e9 \u00a0\u00e0\u00a0l'insertion \u00a0professionnelle. \u00a0Celle-ci \u00a0doit\u00a0prendre \u00a0la\u00a0forme\nde\u00a0la\u00a0mobilisation \u00a0du\u00a0service \u00a0public \u00a0de\u00a0l'emploi \u00a0notamment \u00a0vis-\u00e0-vis \u00a0de\u00a0la\u00a0d\u00e9clinaison \u00a0de\u00a0l'accord \u00a0cadre\nOFII\u00a0\u2013\u00a0\u00a0Service \u00a0public \u00a0de\u00a0l'emploi.\nCet\u00a0engagement \u00a0r\u00e9solu \u00a0en\u00a0faveur \u00a0de\u00a0l'emploi \u00a0doit\u00a0trouver \u00a0sa\u00a0traduction \u00a0dans \u00a0la\u00a0priorisation \u00a0des\u00a0actions\nli\u00e9es\u00a0\u00e0\u00a0l'emploi, \u00a0\u00e0\u00a0l'accompagnement \u00a0global \u00a0ou\u00a0\u00e0\u00a0l'apprentissage \u00a0du\u00a0fran\u00e7ais \u00a0en\u00a0contexte \u00a0professionnel,\nau\u00a0mentorat.\nLa\u00a0circulaire \u00a0met\u00a0\u00e9galement \u00a0l'accent \u00a0sur\u00a0un\u00a0objectif \u00a0de\u00a0fluidit\u00e9 \u00a0de\u00a0d\u00e9livrance \u00a0et\u00a0de\u00a0renouvellement \u00a0du\ntitre\u00a0de\u00a0s\u00e9jour \u00a0pour\u00a0les\u00a0primo-arrivants \u00a0actifs.\nUne attention particuli\u00e8re aux b\u00e9n\u00e9ficiaires de la protection \u00a0internationale et de la protection\ntemporaire ainsi qu'aux femmes\nL'instruction \u00a0insiste \u00a0sur\u00a0la\u00a0n\u00e9cessit\u00e9\u00a0de\u00a0pr\u00e9voir \u00a0des\u00a0actions \u00a0relatives \u00a0\u00e0\u00a0la\u00a0prise \u00a0en\u00a0charge \u00a0des\u00a0freins\np\u00e9riph\u00e9riques \u00a0\u00e0\u00a0l'insertion \u00a0professionnelle \u00a0notamment \u00a0les\u00a0freins \u00a0de\u00a0sant\u00e9.\nLe\u00a0programme \u00a0AGIR \u00a0a\u00a0\u00e9t\u00e9\u00a0mis\u00a0en\u00a0place \u00a0au\u00a0second \u00a0semestre \u00a02023. \u00a0Le\u00a0dispositif \u00a0se\u00a0substitue \u00a0ainsi \u00a0aux\nactions \u00a0et\u00a0programmes \u00a0d'int\u00e9gration \u00a0pr\u00e9existants \u00a0dans \u00a0les\u00a0diff\u00e9rents \u00a0d\u00e9partements \u00a0de\u00a0France, \u00a0avec \u00a0un\nd\u00e9ploiement \u00a0sur\u00a0le\u00a0territoire \u00a0fran\u00e7ais \u00a0g\u00e9n\u00e9ralis\u00e9 \u00a0en\u00a02024.\nPour \u00a0l'acc\u00e8s\u00a0au\u00a0logement \u00a0des\u00a0r\u00e9fugi\u00e9s, \u00a0des\u00a0objectifs \u00a0sp\u00e9cifiques \u00a0seront \u00a0attribu\u00e9s \u00a0par\u00a0la\u00a0DIHAL. \u00a0La\u00a0mise\nen\u00a0place \u00a0d'actions \u00a0\u00ab\u00a0d'aller\u00a0vers\u00a0les\u00a0femmes\u00a0\u00bb\u00a0pour\u00a0l'insertion \u00a0professionnelle \u00a0des\u00a0femmes \u00a0\u00e9trang\u00e8res\nparticuli\u00e8rement \u00a0touch\u00e9es \u00a0par\u00a0le\u00a0ch\u00f4mage \u00a0est\u00a0encourag\u00e9e.\n2/27Direction d\u00e9partementale de l'emploi, du travail et des solidarit\u00e9s du Var - 83-2024-02-27-00008 - AAP programme 104 action12 2024 6\nUne comitologie dynamique et une attention tourn\u00e9e vers les collectivit\u00e9s locales\nIl\u00a0est\u00a0\u00e0\u00a0nouveau \u00a0rappel\u00e9 \u00a0la\u00a0n\u00e9cessit\u00e9 \u00a0d'asseoir \u00a0les\u00a0politiques \u00a0d'int\u00e9gration \u00a0locales \u00a0sur\u00a0une\u00a0comitologie\nassociant, \u00a0dans \u00a0le\u00a0cadre \u00a0du\u00a0comit\u00e9 \u00a0int\u00e9gration \u00a0et\u00a0sous \u00a0la\u00a0houlette \u00a0du\u00a0r\u00e9f\u00e9rent \u00a0int\u00e9gration, \u00a0l'ensemble \u00a0des\npartenaires \u00a0associatifs \u00a0et\u00a0institutionnels \u00a0intervenant \u00a0sur\u00a0cette \u00a0politique \u00a0interminist\u00e9rielle.\nParmi \u00a0ces\u00a0partenaires, \u00a0les\u00a0collectivit\u00e9s \u00a0territoriales \u00a0(notamment \u00a0communes, \u00a0communaut\u00e9s \u00a0de\ncommunes \u00a0et\u00a0m\u00e9tropoles) \u00a0et\u00a0les\u00a0EPCI \u00a0apparaissent \u00a0comme \u00a0des\u00a0partenaires \u00a0incontournables \u00a0d'une\npolitique \u00a0d'int\u00e9gration \u00a0r\u00e9ussie. \u00a0Les\u00a0efforts \u00a0\u00e0\u00a0consentir \u00a0en\u00a0termes \u00a0de\u00a0contractualisation \u00a0et\u00a0le\nd\u00e9veloppement \u00a0de\u00a0contrats \u00a0territoriaux \u00a0d'accueil \u00a0et\u00a0d'int\u00e9gration \u00a0font\u00a0l'objet \u00a0de\u00a0points \u00a0d'attention\nappuy\u00e9s \u00a0par\u00a0la\u00a0DIAN \u00a0et\u00a0la\u00a0DiAir.\nLa bonne articulation des actions soutenues avec les dispositifs de droit commun, notamment\nde l'int\u00e9gration et de l'emploi\nL'instruction \u00a0pr\u00e9cise \u00a0que\u00a0les\u00a0actions \u00a0sp\u00e9cialis\u00e9es \u00a0ne\u00a0doivent \u00a0pas\u00a0se\u00a0substituer \u00a0ou\u00a0retarder \u00a0l'acc\u00e8s \u00a0au\ndroit\u00a0commun, \u00a0mais \u00a0au\u00a0contraire \u00a0le\u00a0pr\u00e9parer \u00a0et\u00a0le\u00a0faciliter, \u00a0ce\u00a0qui\u00a0suppose \u00a0que\u00a0les\u00a0porteurs \u00a0fassent \u00a0\u00e9tat\ndans \u00a0leur\u00a0demande \u00a0de\u00a0la\u00a0bonne \u00a0connaissance \u00a0des\u00a0dispositifs \u00a0de\u00a0droit\u00a0commun \u00a0(acteurs \u00a0du\u00a0service\npublic \u00a0de\u00a0l'insertion \u00a0et\u00a0de\u00a0l'emploi \u00a0SPIE, \u00a0dispositif \u00a0du\u00a0contrat \u00a0d'int\u00e9gration \u00a0r\u00e9publicain \u00a0CIR\u00a0de\u00a0l'OFII,\nprogramme \u00a0AGIR, \u00a0des\u00a0organismes \u00a0de\u00a0la\u00a0s\u00e9curit\u00e9 \u00a0sociale, \u00a0des\u00a0collectivit\u00e9s \u00a0territoriales \u00a0et\u00a0des\u00a0EPCI\u2026).\n\uf0b7L'\u00e9tat des lieux et les perspectives 2024 dans le Var en mati\u00e8re d'int\u00e9gration  \nLe\u00a0d\u00e9partement \u00a0du\u00a0Var\u00a0totalise \u00a01112 \u00a0contrats \u00a0d'int\u00e9gration \u00a0r\u00e9publicaine \u00a0sign\u00e9s \u00a0en\u00a02023 \u00a0(dont \u00a046,85 \u00a0%\nde\u00a0femmes).\nLes\u00a04\u00a0nationalit\u00e9s \u00a0les\u00a0plus\u00a0repr\u00e9sent\u00e9es \u00a0sont\u00a0la\u00a0Tunisie \u00a0(175\u00a0ressortissants), \u00a0le\u00a0Maroc \u00a0(137\u00a0ressortis-\nsants), \u00a0la\u00a0Turquie \u00a0(175\u00a0ressortissants) \u00a0et\u00a0l'Afghanistan \u00a0(88\u00a0ressortissants).\nParmi \u00a0les\u00a0signataires \u00a0du\u00a0CIR,\u00a0pr\u00e8s\u00a0de\u00a024%\u00a0sont\u00a0\u00e2g\u00e9s \u00a0de\u00a016\u00a0\u00e0\u00a025\u00a0ans,\u00a022%\u00a0sont\u00a0\u00e2g\u00e9s \u00a0de\u00a019\u00a0\u00e0\u00a025\u00a0ans,\n66%\u00a0sont\u00a0\u00e2g\u00e9s \u00a0de\u00a026\u00a0\u00e0\u00a045\u00a0ans\u00a0et\u00a010%\u00a0sont\u00a0\u00e2g\u00e9s \u00a0de\u00a046\u00a0\u00e0\u00a065\u00a0ans.\u00a0\nDes\u00a0\u00e9l\u00e9ments \u00a0sur\u00a0la\u00a0situation \u00a0du\u00a0d\u00e9partement \u00a0du\u00a0Var\u00a0en\u00a0janvier \u00a02023 \u00a0sont\u00a0disponibles \u00a0dans \u00a0le\ndiagnostic \u00a0pr\u00e9-op\u00e9rationnel \u00a0AGIR \u00a0(annexe \u00a04\u00a0de\u00a0l'appel \u00a0\u00e0\u00a0projet \u00a0Programme \u00a0104\u00a0ann\u00e9e \u00a02023 \u00a0\u2013\npublication \u00a0au\u00a0recueil \u00a0des\u00a0actes \u00a0administratif \u00a0du\u00a0Var\u00a0n\u00b0\u00a087\u00a0en\u00a0date\u00a0du\u00a012\u00a0mai\u00a02023).\nLes\u00a0cinq\u00a0principales \u00a0communes \u00a0de\u00a0domiciliation \u00a0des\u00a0signataires \u00a0du\u00a0CIR\u00a0sont\u00a0Toulon \u00a0(31,62%), \u00a0Dragui-\ngnan \u00a0(9,77%), \u00a0La\u00a0Seyne-sur-Mer \u00a0et\u00a0Fr\u00e9jus \u00a0(6,79%) \u00a0et\u00a0Hy\u00e8res\u00a0(6,23%).\nEn\u00a02023, \u00a0la\u00a0plateforme \u00a0linguistique \u00a0ABCD \u00a0FLE\u00a0a\u00a0accueilli \u00a0237\u00a0b\u00e9n\u00e9ficiaires \u00a0dont\u00a0102\u00a0signataires \u00a0du\u00a0CIR.\nEn\u00a0vigueur \u00a0jusqu'au \u00a03\u00e8me \u00a0trimestre \u00a02023, \u00a0le\u00a0programme \u00a0d'int\u00e9gration \u00a0varois \u00a0Bienvenu(e)s \u00a0a\u00a0d\u00e9pass\u00e9\nl'objectif \u00a0fix\u00e9\u00a0de\u00a0150\u00a0accompagnements \u00a0globaux \u00a0annuels\u00a0:\u00a0177\u00a0BPI\u00a0accompagn\u00e9s, 165\u00a0sur\u00a0le\u00a0volet \u00a0em-\nploi\u00a048%\u00a0sorties \u00a0positives, \u00a0105\u00a0BPI\u00a0accompagn\u00e9s \u00a0sur\u00a0le\u00a0social \u00a0dont\u00a020%\u00a0sorties \u00a0positives \u00a0logement \u00a0(21\nrelogements).\nDes mesures d'int\u00e9gration r\u00e9solument tourn\u00e9es vers l'insertion professionnelle\nD\u00e8s\u00a02019, \u00a0l'insertion \u00a0professionnelle \u00a0a\u00a0\u00e9t\u00e9,\u00a0avec \u00a0l'acc\u00e8s \u00a0au\u00a0logement, \u00a0une\u00a0des\u00a0th\u00e9matiques \u00a0centrales \u00a0de\nla\u00a0politique \u00a0soutenue \u00a0par\u00a0la\u00a0direction \u00a0d\u00e9partementale \u00a0de\u00a0l'emploi, \u00a0du\u00a0travail \u00a0et\u00a0des\u00a0solidarit\u00e9s \u00a0du\u00a0Var.\nDepuis \u00a02019,\u00a0l'appel \u00a0\u00e0\u00a0projets \u00a0annuel \u00a0du\u00a0BOP \u00a0104\u00a0pr\u00e9voit \u00a0que\u00a0les\u00a0cours \u00a0de\u00a0langue \u00a0financ\u00e9s \u00a0en\u00a0compl\u00e9-\nment \u00a0des\u00a0formations \u00a0obligatoires \u00a0dispens\u00e9es \u00a0par\u00a0l'OFII \u00a0doivent \u00a0\u00eatre\u00a0ax\u00e9s \u00a0sur\u00a0une\u00a0th\u00e9matique \u00a0profes-\nsionnelle.\nLe\u00a0d\u00e9partement \u00a0du\u00a0Var\u00a0a\u00a0par\u00a0ailleurs \u00a0\u00e9t\u00e9\u00a0le\u00a0premier \u00a0d\u00e9partement \u00a0de\u00a0la\u00a0r\u00e9gion \u00a0PACA \u00a0\u00e0\u00a0contresigner \u00a0en\noctobre \u00a02021 \u00a0la\u00a0d\u00e9clinaison \u00a0d\u00e9partementale \u00a0de\u00a0l'accord \u00a0cadre \u00a0national \u00a0OFII\u00a0-\u00a0Service \u00a0Public \u00a0de\u00a0l'Emploi.\nCet\u00a0accord \u00a0cadre \u00a0comprend \u00a0de\u00a0nombreuses \u00a0actions \u00a0concr\u00e8tes\u00a0favorisant \u00a0la\u00a0connaissance \u00a0mutuelle \u00a0et\u00a0la\ncoordination \u00a0entre \u00a0les\u00a0services \u00a0de\u00a0l'OFII, \u00a0de\u00a0P\u00f4le\u00a0Emploi, \u00a0de\u00a0Cap\u00a0emploi \u00a0et\u00a0des\u00a0missions \u00a0locales \u00a0va-Direction d\u00e9partementale de l'emploi, du travail et des solidarit\u00e9s du Var - 83-2024-02-27-00008 - AAP programme 104 action12 2024 7\nroises. \u00a0Cet\u00a0accord \u00a0a\u00a0pr\u00e9figur\u00e9 \u00a0la\u00a0collaboration \u00a0entre \u00a0le\u00a0Service \u00a0Public \u00a0de\u00a0l'Emploi \u00a0et\u00a0AGIR. \u00a0Une\u00a0conven-\ntion\u00a0a\u00a0d'ailleurs \u00a0\u00e9t\u00e9\u00a0sign\u00e9e \u00a0entre \u00a0l'op\u00e9rateur \u00a0AGIR \u00a0et\u00a0les\u00a0membres \u00a0du\u00a0SPE\u00a0en\u00a0d\u00e9cembre \u00a02023.\nLa\u00a0feuille \u00a0de\u00a0route \u00a02022 \u00a0du\u00a0comit\u00e9 \u00a0d'int\u00e9gration \u00a0a\u00a0pr\u00e9vu, \u00a0sur\u00a0la\u00a0th\u00e9matique \u00a0de\u00a0l'acc\u00e8s\u00a0aux\u00a0droits, \u00a0la\u00a0v\u00e9rifi-\ncation \u00a0des\u00a0proc\u00e9dures \u00a0d'actualisation \u00a0du\u00a0titre\u00a0de\u00a0s\u00e9jour \u00a0dans \u00a0l'objectif \u00a0de\u00a0garantir \u00a0la\u00a0continuit\u00e9 \u00a0des\u00a0ac-\ntions \u00a0d'insertion \u00a0par\u00a0l'emploi \u00a0et\u00a0d'\u00e9viter \u00a0les\u00a0ruptures \u00a0de\u00a0parcours \u00a0li\u00e9es \u00a0\u00e0\u00a0des\u00a0freins \u00a0administratifs \u00a0\u00e9vi-\ntables. \u00a0Un\u00a0partenariat \u00a0avec \u00a0la\u00a0CAF\u00a0du\u00a0Var\u00a0s'est \u00a0construit \u00a0afin\u00a0d'acc\u00e9l\u00e9rer \u00a0la\u00a0r\u00e9solution \u00a0des\u00a0difficult\u00e9s\nd'acc\u00e8s \u00a0aux\u00a0allocations \u00a0et\u00a0autres \u00a0droits \u00a0sociaux. \u00a0En\u00a0parall\u00e8le, \u00a0des\u00a0conventions \u00a0ont\u00a0d\u00e9j\u00e0\u00a0\u00e9t\u00e9\u00a0conclues\nentre \u00a0les\u00a0op\u00e9rateurs \u00a0et\u00a0la\u00a0CPAM.\nLa\u00a0feuille \u00a0de\u00a0route \u00a0sera\u00a0mise \u00a0\u00e0\u00a0jour\u00a0de\u00a0fa\u00e7on \u00a0partenariale \u00a0en\u00a02024 \u00a0,\u00a0notamment \u00a0en\u00a0lien\u00a0avec \u00a0les\u00a0op\u00e9ra-\nteurs \u00a0de\u00a0l'\u00c9tat \u00a0financ\u00e9s \u00a0via\u00a0le\u00a0programme \u00a0104\u00a0action \u00a012.\u00a0Elle\u00a0pr\u00e9voira \u00a0de\u00a0r\u00e9aliser \u00a0ou\u00a0de\u00a0compl\u00e9ter \u00a0les\nactions \u00a0men\u00e9es \u00a0en\u00a02022.\nUne politique d'int\u00e9gration qui cible les probl\u00e9matiques des r\u00e9fugi\u00e9s et des migrants victimes de\npsycho trauma, assure leur information et leur expression.\nL'objectif \u00a0majeur \u00a0de\u00a02023 \u00a0a\u00a0consist\u00e9 \u00a0\u00e0\u00a0pr\u00e9parer \u00a0et\u00a0\u00e0\u00a0d\u00e9ploiement \u00a0du\u00a0programme \u00a0national \u00a0AGIR \u00a0en\u00a0sub-\nstitution \u00a0du\u00a0programme \u00a0d'int\u00e9gration \u00a0varois \u00a0\u00ab\u00a0Bienvenues\u00a0\u00bb\u00a0existant. \u00a0Il\u00a0est\u00a0rappel\u00e9 \u00a0que\u00a0le\u00a0march\u00e9 \u00a0natio-\nnal\u00a0AGIR \u00a0pr\u00e9voit \u00a0la\u00a0mise \u00a0en\u00a0place \u00a0d'un\u00a0dispositif \u00a0d'accompagnement \u00a0global \u00a0des\u00a0r\u00e9fugi\u00e9s \u00a0unifi\u00e9 \u00a0dans \u00a0tous\nles\u00a0d\u00e9partements \u00a0de\u00a0France. \u00a0Sur\u00a0la\u00a0base \u00a0d'un\u00a0cahier \u00a0des\u00a0charges \u00a0commun, \u00a0il\u00a0s'agit \u00a0d'uniformiser \u00a0les\u00a0ob-\njectifs, \u00a0financements \u00a0et\u00a0indicateurs \u00a0de\u00a0performance \u00a0relatifs \u00a0\u00e0\u00a0la\u00a0mise \u00a0en\u00a0place \u00a0d'un\u00a0parcours \u00a0sans \u00a0cou-\ntures \u00a0pour\u00a0les\u00a0b\u00e9n\u00e9ficiaires \u00a0de\u00a0la\u00a0protection \u00a0internationale \u00a0signataire \u00a0du\u00a0contrat \u00a0d'int\u00e9gration \u00a0r\u00e9publicaine\n(CIR).\nDans \u00a0cette \u00a0perspective, \u00a0en\u00a02023, \u00a0en\u00a0application \u00a0des\u00a0directives \u00a0nationales, \u00a0la\u00a0DDETS\u00a0a\u00a0r\u00e9actualis\u00e9 \u00a0le\ndiagnostic \u00a0d\u00e9partemental \u00a0de\u00a0l'int\u00e9gration \u00a0intervenu \u00a0en\u00a0f\u00e9vrier \u00a02020. \u00a0Ce\u00a0diagnostic \u00a0r\u00e9nov\u00e9 \u00a0a\u00a0servi \u00a0de\nbase \u00a0\u00e0\u00a0la\u00a0mise \u00a0en\u00a0concurrence \u00a0des\u00a0op\u00e9rateurs \u00a0concourant \u00a0pour\u00a0le\u00a0dispositif \u00a0AGIR. \u00a0Pour \u00a0le\u00a0Var,\u00a0la\u00a0transi-\ntion\u00a0vers\u00a0AGIR \u00a0a\u00a0eu\u00a0lieu\u00a0entre \u00a0juillet \u00a0et\u00a0octobre \u00a02023.\nLe\u00a0th\u00e8me \u00a0de\u00a0l'acc\u00e8s \u00a0au\u00a0logement \u00a0a\u00a0fait\u00a0l'objet \u00a0d'un \u00a0traitement \u00a0dans \u00a0le\u00a0cadre \u00a0du\u00a0programme\nBIENVENU(E)S. \u00a0Des\u00a0objectifs \u00a0d'acc\u00e8s \u00a0au\u00a0logement \u00a0et\u00a0les\u00a0financements \u00a0correspondants \u00a0ont\u00a0ensuite \u00a0\u00e9t\u00e9\nint\u00e9gr\u00e9s \u00a0au\u00a0dispositif \u00a0AGIR \u00a0pour\u00a0le\u00a0Var\u00a0\u00e0\u00a0compter \u00a0de\u00a0l'\u00e9t\u00e9\u00a02023.\nil\u00a0est\u00a0rappel\u00e9 \u00a0que\u00a0dans \u00a0le\u00a0domaine \u00a0de\u00a0la\u00a0prise \u00a0en\u00a0charge \u00a0psychologique \u00a0des\u00a0migrants \u00a0demandeurs\nd'asile \u00a0et\u00a0r\u00e9fugi\u00e9s \u00a0victimes \u00a0de\u00a0psycho \u00a0trauma, \u00a0l'action \u00a0de\u00a0l'association \u00a0France \u00a0terre\u00a0d'asile \u00a0(FTDA), \u00a0sou-\ntenue \u00a0par\u00a0la\u00a0DGEF, \u00a0a\u00a0connu \u00a0en\u00a02022 \u00a0une\u00a0extension \u00a0de\u00a0p\u00e9rim\u00e8tre.\u00a0En\u00a0partenariat \u00a0avec \u00a0l'association \u00a0mar-\nseillaise \u00a0Osiris, \u00a0sp\u00e9cialiste \u00a0du\u00a0psycho \u00a0trauma \u00a0et\u00a0de\u00a0l'interpr\u00e9tariat \u00a0en\u00a0sant\u00e9, \u00a0FTDA \u00a0a\u00a0mis\u00a0en\u00a0place \u00a0une\nplate-forme \u00a0d\u00e9partementalis\u00e9e \u00a0d'acc\u00e8s \u00a0aux\u00a0consultations \u00a0psychologiques \u00a0et\u00a0psychiatrique, \u00a0consultations\ntraduites \u00a0aux\u00a0int\u00e9ress\u00e9s \u00a0par\u00a0des\u00a0professionnels \u00a0form\u00e9s \u00a0aux\u00a0probl\u00e9matiques \u00a0des\u00a0migrants. \u00a0L'ensemble\ndes\u00a0r\u00e9fugi\u00e9s \u00a0et\u00a0demandeurs \u00a0d'asile \u00a0suivis \u00a0par\u00a0le\u00a0programme \u00a0d'int\u00e9gration \u00a0ou\u00a0h\u00e9berg\u00e9s \u00a0sur\u00a0le\u00a0dispositif\nvarois \u00a0en\u00a0b\u00e9n\u00e9ficie, \u00a0soit\u00a0environ \u00a01\u00a0500\u00a0personnes. \u00a0\nDans \u00a0le\u00a0domaine \u00a0de\u00a0l'information \u00a0des\u00a0usagers \u00a0sur\u00a0les\u00a0services \u00a0et\u00a0ressources \u00a0existants \u00a0dans \u00a0le\u00a0Var,\u00a0l'ap-\nplication \u00a0Fin(DA)way \u00a0lanc\u00e9e \u00a0en\u00a0mai\u00a02021 \u00a0contribue \u00a0\u00e0\u00a0la\u00a0l'information \u00a0des\u00a0usagers \u00a0sur\u00a0le\u00a0territoire. \u00a0Un\nclub\u00a0de\u00a0relecture \u00a0s'est \u00a0r\u00e9uni \u00a0en\u00a0f\u00e9vrier \u00a02023 \u00a0pour\u00a0actualiser \u00a0son\u00a0contenu \u00a0et\u00a0pr\u00e9voir \u00a0ses\u00a0\u00e9volutions. \u00a0La\nDDETS \u00a0compte \u00a0sur\u00a0le\u00a0soutien \u00a0des\u00a0op\u00e9rateurs \u00a0en\u00a0vue\u00a0d'une \u00a0participation \u00a0renforc\u00e9e \u00a0aux\u00a0prochains \u00a0clubs\nde\u00a0relecture, \u00a0pour\u00a0un\u00a0outil\u00a0qui\u00a0soit\u00a0utile\u00a0aux\u00a0usagers. \u00a0\nLes travaux du comit\u00e9 d'int\u00e9gration sous l'\u00e9gide de la r\u00e9f\u00e9rente int\u00e9gration\nEn\u00a02024, \u00a0le\u00a0comit\u00e9 \u00a0d'int\u00e9gration \u00a0se\u00a0r\u00e9unira \u00a0chaque \u00a0semestre \u00a0sous \u00a0la\u00a0pr\u00e9sidence \u00a0de\u00a0Mme \u00a0la\u00a0sous-pr\u00e9f\u00e8te\ncharg\u00e9e \u00a0de\u00a0mission, \u00a0r\u00e9f\u00e9rente \u00a0Int\u00e9gration. \u00a0Ces\u00a0r\u00e9unions \u00a0incluront \u00a0les\u00a0comit\u00e9s \u00a0de\u00a0pilotage \u00a0d\u00e9partemen-\ntaux\u00a0du\u00a0dispositif \u00a0AGIR. \u00a0Des\u00a0comit\u00e9s \u00a0techniques \u00a0d\u00e9partementaux \u00a0trimestriels \u00a0pr\u00e9senteront \u00a0un\u00a0\u00e9tat\u00a0des\nactions \u00a0pr\u00e9vues \u00a0et\u00a0r\u00e9alis\u00e9es \u00a0par\u00a0AGIR \u00a0et\u00a0la\u00a0situation \u00a0du\u00a0d\u00e9partement \u00a0du\u00a0Var\u00a0par\u00a0rapport \u00a0aux\u00a0tendances\nnationales. \u00a0\n4/27Direction d\u00e9partementale de l'emploi, du travail et des solidarit\u00e9s du Var - 83-2024-02-27-00008 - AAP programme 104 action12 2024 8\nEn\u00a0septembre \u00a02023, \u00a0le\u00a0comit\u00e9 \u00a0de\u00a0lancement \u00a0d'AGIR \u00a0a\u00a0\u00e9t\u00e9\u00a0l'occasion \u00a0de\u00a0pr\u00e9senter \u00a0le\u00a0bilan \u00a0du\u00a0pro-\ngramme \u00a0Bienvenu(es- \u00a0sur\u00a0les\u00a0ann\u00e9es \u00a02020-2023 \u00a0et\u00a0la\u00a0transition \u00a0vers\u00a0AGIR.\n2 -  Les chiffres des \u00e9trangers primo-arrivants dans le Var pour 2023\n(source\u00a0:\u00a0OFII\u00a0direction \u00a0territoriale \u00a0de\u00a0Marseille)\nR\u00e9partition des Contrats d'Int\u00e9gration R\u00e9publicaine (CIR) sign\u00e9s par sexe\nSEXE Var\nHommes 591\nFemmes 521\nTOTAL GENERAL 1112\nR\u00e9partition des CIR sign\u00e9s par statut\nSTATUT Var\nASILE 365\nIncluant les R\u00e9fugi\u00e9s et les B\u00e9n\u00e9ficiaires de la protection subsidiaire\nFAMILIAL 566\nIncluant :\nFamilles de fran\u00e7ais : conjoints\nFamilles de fran\u00e7ais : parent d'enfant fran\u00e7ais\nLiens personnels et familiaux\nRegroupement familial\nMembres de familles de r\u00e9fugi\u00e9s/apatrides/protection subsidiaire\nFamilles de travailleurs\nECONOMIQUE 141\nIncluant :\nSalari\u00e9s\nEntrepreneurs/Professions lib\u00e9rales\nActifs non salari\u00e9s\nAUTRES 40\nIncluant :\nConsid\u00e9rations humanitaires\nDivers (aide sociale \u00e0 l'enfance etc...)\nEnfants entr\u00e9s en France avant l'\u00e2ge de 16 ans dans le cadre du \nregroupement familial\nTotal g\u00e9n\u00e9ral 1112Direction d\u00e9partementale de l'emploi, du travail et des solidarit\u00e9s du Var - 83-2024-02-27-00008 - AAP programme 104 action12 2024 9\n| ||' \u00e0\nR\u00e9partition des CIR sign\u00e9s par tranche d'\u00e2ges\nTranche d'\u00e2ges Var\n16-18 ans 22\n19-25 ans 242\n26-45 ans 729\n46-65 ans 106\nPlus 65 ans 13\nTotal g\u00e9n\u00e9ral 1112\nR\u00e9partition des CIR sign\u00e9s tous statuts par commune de r\u00e9sidence dans le Var\nPrincipales communes de r\u00e9sidence Nombre de signataires de CIR\nTOULON 340\nDRAGUIGNAN 105\nLA\u00a0SEYNE-SUR-MER 73\nFREJUS 73\n\u00a0HYERES 67\nSAINT-RAPHAEL 26\nBRIGNOLES 26\nLORGUES 26\nSAINTE-MAXIME 25\nLE\u00a0MUY 20\nVIDAUBAN 17\nCUERS 16\nLA\u00a0VALETTE \u00a0DU\u00a0VAR 14\nSAINT \u00a0MAXIMIN \u00a0LA\u00a0SAINTE \u00a0BAUME 14\nCOGOLIN 12\nSIX-FOURS-LES-PLAGES 12\nBORMES \u00a0LES\u00a0MIMOSAS 11\nLA\u00a0GARDE 10\nCAVALAIRE 10\nBANDOL 8\nSAINT-TROPEZ 8\nPUGET \u00a0SUR \u00a0ARGENS 8\nOLLIOULES 7\nROQUEBRUNE-SUR-ARGENS 7\nLE\u00a0CANNET \u00a0DES\u00a0MAURES 7\nLA\u00a0LONDE \u00a0LES\u00a0MAURES 7\nSANARY-SUR-MER 6\nLE\u00a0LUC\u00a0EN\u00a0PROVENCE 6\nR\u00e9partition des CIR sign\u00e9s et des formations linguistiques prescrites\nVar\nCIR sign\u00e9s 1112\nFormations linguistiques prescrites FL A1 554\n% FL A1 prescrites 49,82%\nDont prescriptions FL A1 femmes signataires de CIR 224\n% FL A1 prescrites aux femmes signataires de CIR 40,43 %\n6/27Direction d\u00e9partementale de l'emploi, du travail et des solidarit\u00e9s du Var - 83-2024-02-27-00008 - AAP programme 104 action12 2024 10\n3 \u2013 Les \u00e9l\u00e9ments de l'appel \u00e0 projets\n3-1. Le public cible\nL'identification \u00a0du\u00a0public-cible \u00a0est\u00a0le\u00a0premier \u00a0crit\u00e8re \u00a0d'entr\u00e9e \u00a0dans \u00a0le\u00a0dispositif.\nLes\u00a0b\u00e9n\u00e9ficiaires \u00a0de\u00a0ces\u00a0actions \u00a0sont\u00a0les\u00a0\u00e9trangers \u00a0primo-arrivants, \u00a0dont \u00a0les\u00a0b\u00e9n\u00e9ficiaires \u00a0de\u00a0la\nprotection \u00a0internationale \u00a0(les\u00a0r\u00e9fugi\u00e9s \u00a0statutaires, \u00a0les\u00a0b\u00e9n\u00e9ficiaires \u00a0de\u00a0la\u00a0protection \u00a0subsidiaire \u00a0et\u00a0les\napatrides). \u00a0Ces\u00a0derniers \u00a0sont\u00a0destinataires \u00a0d'actions \u00a0sp\u00e9cifiques \u00a0visant \u00a0\u00e0\u00a0faciliter \u00a0leur\u00a0int\u00e9gration \u00a0en\nprenant \u00a0en\u00a0compte \u00a0leurs \u00a0vuln\u00e9rabilit\u00e9s \u00a0particuli\u00e8res \u00a0eu\u00a0\u00e9gard \u00a0\u00e0\u00a0leurs \u00a0parcours \u00a0migratoires.\nLes\u00a0\u00e9trangers \u00a0primo-arrivants \u00a0sont \u00a0d\u00e9finis \u00a0comme \u00a0des\u00a0ressortissants \u00a0de\u00a0pays \u00a0tiers \u00a0\u00e0\u00a0l'Union\neurop\u00e9enne, \u00a0titulaires \u00a0depuis \u00a0moins \u00a0de\u00a05\u00a0ans\u00a0d'un\u00a0titre\u00a0de\u00a0s\u00e9jour \u00a0d\u00e9livr\u00e9 \u00a0au\u00a0titre\u00a0de\u00a0l'immigration\nfamiliale, \u00a0de\u00a0l'immigration \u00a0professionnelle \u00a0ou\u00a0de\u00a0la\u00a0protection \u00a0internationale \u00a0et\u00a0les\u00a0b\u00e9n\u00e9ficiaires \u00a0de\u00a0la\nprotection \u00a0temporaire \u00a0(BPT) \u00a0b\u00e9n\u00e9ficiant \u00a0d'une \u00a0autorisation \u00a0provisoire \u00a0de\u00a0s\u00e9jour \u00a0en\u00a0cours \u00a0de\u00a0validit\u00e9.\n\u00c9tranger primo-arrivant titulaire \n- d'un titre de s\u00e9jour depuis moins de 5 \u00a0ans au titre de\u00a0:\n+ Contrat d'int\u00e9gration r\u00e9publicain sign\u00e9\n- d'une autorisation provisoire de s\u00e9jour en cours de validit\u00e9 \u00a0:\nNe\u00a0rel\u00e8vent \u00a0pas\u00a0de\u00a0cet\u00a0appel \u00a0\u00e0\u00a0projets, \u00a0les\u00a0projets \u00a0\u00e0\u00a0destination \u00a0des\u00a0ressortissants \u00a0\u00e9trangers \u00a0qui\u00a0n'ont\npas\u00a0sign\u00e9 \u00a0de\u00a0CIR\u00a0et\u00a0notamment\u00a0:\u00a0\n-\u00a0les\u00a0\u00e9tudiants \u00a0\u00e9trangers,\n-\u00a0les\u00a0travailleurs \u00a0temporaires, \u00a0saisonniers \u00a0ou\u00a0d\u00e9tach\u00e9s,\n-\u00a0les\u00a0demandeurs \u00a0d'asile,\n-\u00a0les\u00a0personnes \u00a0d\u00e9bout\u00e9es \u00a0de\u00a0leur\u00a0demande \u00a0d'asile,\n-\u00a0les\u00a0personnes \u00a0sans \u00a0titre\u00a0de\u00a0s\u00e9jour\n-\u00a0les\u00a0mineurs \u00a0non\u00a0accompagn\u00e9s.les b\u00e9n\u00e9ficiaires de la \nprotection temporaire\nBPTl'immigration familiale l'immigration professionnellela protection internationale \n(r\u00e9fugi\u00e9s, b\u00e9n\u00e9ficiaires de la \nprotection subsidiaire, \napatrides) BPIDirection d\u00e9partementale de l'emploi, du travail et des solidarit\u00e9s du Var - 83-2024-02-27-00008 - AAP programme 104 action12 2024 11\n3-2. Les territoires concern\u00e9s\nL'ensemble \u00a0du\u00a0d\u00e9partement \u00a0du\u00a0Var\u00a0est\u00a0\u00e9ligible \u00a0\u00e0\u00a0l'appel \u00a0\u00e0\u00a0projets.\nSeront \u00a0prioritairement \u00a0pris\u00a0en\u00a0compte \u00a0les\u00a0territoires \u00a0o\u00f9\u00a0le\u00a0nombre \u00a0de\u00a0signataires \u00a0de\u00a0CIR\u00a0est\u00a0le\u00a0plus\nimportant\u00a0:\u00a0Toulon, \u00a0Draguignan, \u00a0La\u00a0Seyne-sur-Mer, \u00a0Fr\u00e9jus \u00a0et\u00a0Hy\u00e8res.\nUne\u00a0attention \u00a0particuli\u00e8re \u00a0sera\u00a0port\u00e9e \u00a0aux\u00a0projets \u00a0couvrant \u00a0les\u00a0territoires \u00a0du\u00a0Centre \u00a0Var\u00a0et\u00a0du\u00a0Haut \u00a0Var.\n3-3. Les d\u00e9penses \u00e9ligibles\nLes\u00a0d\u00e9penses \u00a0\u00e9ligibles \u00a0se\u00a0composent \u00a0de\u00a0d\u00e9penses \u00a0exclusivement \u00a0imputables \u00a0\u00e0\u00a0la\u00a0mise \u00a0en\u00a0\u0153uvre \u00a0des\nobjectifs \u00a0vis\u00e9s \u00a0par\u00a0le\u00a0pr\u00e9sent \u00a0appel \u00a0\u00e0\u00a0projet \u00a0et\u00a0ne\u00a0doivent \u00a0pas\u00a0couvrir \u00a0les\u00a0d\u00e9penses \u00a0de\u00a0fonctionnement\nde\u00a0la\u00a0structure.\nLa demande de subvention ne doit pas exc\u00e9der 80  % des d\u00e9penses \u00e9ligibles.\nLes\u00a0d\u00e9penses \u00a0d'investissement \u00a0ne\u00a0sont\u00a0pas\u00a0\u00e9ligibles.\nSi\u00a0l'action \u00a0s'adresse \u00a0\u00e0\u00a0des\u00a0publics \u00a0plus\u00a0vari\u00e9s \u00a0que\u00a0ceux \u00a0touch\u00e9s \u00a0par\u00a0le\u00a0pr\u00e9sent \u00a0appel \u00a0\u00e0\u00a0projets \u00a0(pour\nrappel, \u00a0les\u00a0signataires \u00a0de\u00a0CIR\u00a0de\u00a0moins \u00a0de\u00a05\u00a0ans\u00a0et\u00a0les\u00a0b\u00e9n\u00e9ficiaires \u00a0de\u00a0la\u00a0protection \u00a0internationale) \u00a0des\ncofinancements \u00a0devront \u00a0intervenir \u00a0de\u00a0fa\u00e7on \u00a0proportionnelle \u00a0dans \u00a0le\u00a0budget \u00a0pr\u00e9visionnel.\nPour \u00a0rappel, \u00a0la\u00a0s\u00e9lection \u00a0d'un\u00a0projet \u00a0en\u00a0ann\u00e9e \u00a0N-1\u00a0n'ouvre \u00a0pas\u00a0droit\u00a0\u00e0\u00a0la\u00a0reconduction \u00a0automatique \u00a0en\nann\u00e9e \u00a0N.\n3-4. Compl\u00e9mentarit\u00e9\nIl\u00a0est\u00a0imp\u00e9ratif \u00a0de\u00a0faire\u00a0appara\u00eetre \u00a0la\u00a0compl\u00e9mentarit\u00e9 \u00a0des\u00a0projets \u00a0avec \u00a0:\n\u2022Le\u00a0dispositif \u00a0AGIR \u00a0(pour \u00a0lequel \u00a0une\u00a0preuve \u00a0de\u00a0conventionnement \u00a0ou\u00a0a\u00a0d\u00e9faut \u00a0de\u00a0d\u00e9marches \u00a0en\nvue\u00a0de\u00a0conventionner \u00a0est\u00a0attendue).\n\u2022la\u00a0plateforme \u00a0linguistique \u00a0d\u00e9partementale \u00a0pour \u00a0les\u00a0formations \u00a0linguistiques \u00a0sur\u00a0les\u00a0modalit\u00e9s\nd'orientation \u00a0des\u00a0publics\u00a0;\n\u2022Les\u00a0autres \u00a0actions \u00a0d'int\u00e9gration \u00a0(apprentissage \u00a0de\u00a0la\u00a0langue, \u00a0citoyennet\u00e9, \u00a0formation\nprofessionnelle, \u00a0etc.)\u00a0qui\u00a0se\u00a0d\u00e9roulent \u00a0sur\u00a0le\u00a0territoire \u00a0(collectivit\u00e9s \u00a0territoriales, \u00a0EPCI \u00a0etc.)\u00a0;\n\u2022Les\u00a0actions \u00a0obligatoires \u00a0mises \u00a0en\u00a0\u0153uvre \u00a0par\u00a0l'OFII \u00a0dans \u00a0le\u00a0cadre \u00a0du\u00a0CIR\u00a0;\n\u2022le\u00a0droit\u00a0commun \u00a0de\u00a0l'accompagnement \u00a0vers\u00a0le\u00a0logement, \u00a0l'emploi \u00a0et\u00a0l'acc\u00e8s \u00a0aux\u00a0droits, \u00a0en\nfonction \u00a0de\u00a0la\u00a0th\u00e9matique \u00a0du\u00a0projet. \u00a0\u00a0\n\u2022L'offre \u00a0de\u00a0formation \u00a0du\u00a0Conseil \u00a0r\u00e9gional.\nLes\u00a0op\u00e9rateurs \u00a0devront \u00a0rechercher \u00a0toutes \u00a0les\u00a0offres \u00a0existantes \u00a0sur\u00a0leur\u00a0secteur \u00a0g\u00e9ographique, \u00a0et\nproposer \u00a0une\u00a0orientation \u00a0vers\u00a0l'offre \u00a0existante. \u00a0Ce\u00a0n'est \u00a0qu'en \u00a0l'absence \u00a0d'offre \u00a0qu'ils \u00a0concevront \u00a0eux-\nm\u00eames, \u00a0ou\u00a0en\u00a0collaboration \u00a0avec \u00a0d'autres \u00a0partenaires, \u00a0une\u00a0r\u00e9ponse \u00a0adapt\u00e9e.\nIls\u00a0communiqueront \u00a0dans \u00a0leur\u00a0r\u00e9ponse \u00a0\u00e0\u00a0cet\u00a0appel \u00a0\u00e0\u00a0projets \u00a0une\u00a0fiche \u00a0de\u00a0pr\u00e9sentation \u00a0de\u00a0cette \u00a0action\n(cf.\u00a0mod\u00e8le \u00a0joint\u00a0en\u00a0annexe), \u00a0et\u00a0un\u00a0courrier \u00a0d'intention \u00a0pour\u00a0le\u00a0conventionnement \u00a0avec \u00a0le\u00a0programme\nAGIR \u00a0(sur\u00a0papier \u00a0libre) \u00a0ou\u00a0la\u00a0convention \u00a0si\u00a0elle\u00a0a\u00a0\u00e9t\u00e9\u00a0sign\u00e9e.\nUne\u00a0fois\u00a0leur\u00a0dossier \u00a0retenu, \u00a0ils\u00a0adresseront \u00a0leur\u00a0fiche \u00a0de\u00a0pr\u00e9sentation \u00a0aux\u00a0services \u00a0de\u00a0la\u00a0DDETS \u00a0et\u00a0\u00e0\nl'op\u00e9rateur \u00a0du\u00a0programme \u00a0AGIR.\n8/27Direction d\u00e9partementale de l'emploi, du travail et des solidarit\u00e9s du Var - 83-2024-02-27-00008 - AAP programme 104 action12 2024 12\n3-5. Le calendrier\nLe\u00a0calendrier \u00a0retenu \u00a0de\u00a0d\u00e9roulement \u00a0de\u00a0l'action \u00a0est\u00a0l'ann\u00e9e \u00a0civile, \u00a0\u00e0\u00a0l'exception \u00a0des\u00a0actions \u00a0recevant \u00a0un\npremier \u00a0financement. \u00a0La\u00a0date\u00a0de\u00a0d\u00e9but \u00a0de\u00a0l'action \u00a0correspondra \u00a0alors \u00a0\u00e0\u00a0la\u00a0date\u00a0de\u00a0signature \u00a0de\u00a0la\nconvention.\nTout\u00a0\u00e9ventuel \u00a0report \u00a0de\u00a0l'action \u00a0sur\u00a0l'ann\u00e9e \u00a0suivante \u00a0doit\u00a0faire\u00a0l'objet \u00a0d'une \u00a0demande \u00a0\u00e9crite \u00a0\u00e0\u00a0la\u00a0DDETS. \u00a0\n4 - Le  s axes prioritaires de l'appel \u00e0 projets  \n4-1. L'accompagnement vers l'emploi\nL'int\u00e9gration \u00a0par\u00a0l'emploi \u00a0est\u00a0la\u00a0priorit\u00e9 \u00a0premi\u00e8re \u00a0de\u00a0l'int\u00e9gration, \u00a0en\u00a0ce\u00a0qu'elle \u00a0facilite \u00a0l'acc\u00e8s \u00a0\u00e0\nl'autonomie \u00a0des\u00a0\u00e9trangers, \u00a0permet \u00a0d'approfondir \u00a0les\u00a0interactions \u00a0avec \u00a0la\u00a0soci\u00e9t\u00e9 \u00a0d'accueil \u00a0et\u00a0r\u00e9pond \u00a0aux\nbesoins \u00a0de\u00a0l'\u00e9conomie \u00a0fran\u00e7aise. \u00a0Les\u00a0actions \u00a0en\u00a0la\u00a0mati\u00e8re \u00a0pourront \u00a0\u00eatre\u00a0d\u00e9clin\u00e9es \u00a0en\u00a0fonctions \u00a0des\naxes \u00a0suivants\u00a0:\u00a0\n-\u00a0par\u00a0la\u00a0valorisation \u00a0des\u00a0qualifications \u00a0et\u00a0exp\u00e9riences \u00a0professionnelles \u00a0des\u00a0primo-arrivants \u00a0\u00e0\u00a0l'\u00e9tranger\u00a0et\nfaire\u00a0\u00e9tat\u00a0de\u00a0la\u00a0prise \u00a0en\u00a0compte \u00a0des\u00a0probl\u00e9matiques \u00a0sp\u00e9cifiques \u00a0(barri\u00e8res\u00a0:\u00a0administrative, \u00a0de\u00a0la\u00a0langue,\nculturelle \u00a0etc.)\u00a0;\n-\u00a0pour\u00a0tout\u00a0public, \u00a0dans \u00a0une\u00a0d\u00e9marche \u00a0d'accompagnement \u00a0global \u00a0et\u00a0individualis\u00e9 \u00a0visant \u00a0la\u00a0lev\u00e9e \u00a0des\nfreins \u00a0p\u00e9riph\u00e9riques \u00a0rendant \u00a0plus\u00a0difficile \u00a0l'insertion \u00a0professionnelle \u00a0(acc\u00e8s \u00a0aux\u00a0droits, \u00a0\u00e0\u00a0la\u00a0sant\u00e9, \u00a0garde\nd'enfant, \u00a0aide\u00a0\u00e0\u00a0la\u00a0mobilit\u00e9\u2026) \u00a0et\u00a0l'accompagnement \u00a0\u00e0\u00a0l'int\u00e9gration \u00a0des\u00a0dispositifs \u00a0de\u00a0droit\u00a0commun \u00a0en\ntermes \u00a0de\u00a0formation \u00a0ou\u00a0d'insertion \u00a0professionnelle. \u00a0Dans \u00a0le\u00a0Var,\u00a0les\u00a0b\u00e9n\u00e9ficiaires \u00a0de\u00a0la\u00a0protection\ninternationale \u00a0signataires \u00a0du\u00a0CIR\u00a0seront \u00a0syst\u00e9matiquement \u00a0orient\u00e9s \u00a0vers\u00a0le\u00a0dispositif \u00a0AGIR \u00a0;\n-\u00a0au-del\u00e0 \u00a0de\u00a0la\u00a0phase \u00a0de\u00a0diagnostic \u00a0des\u00a0comp\u00e9tences \u00a0professionnelles \u00a0op\u00e9r\u00e9es \u00a0en\u00a0amont \u00a0par\u00a0l'OFII, \u00a0les\nactions \u00a0doivent \u00a0permettre \u00a0aux\u00a0b\u00e9n\u00e9ficiaires \u00a0d'acc\u00e9der \u00a0\u00e0\u00a0des\u00a0emplois \u00a0qualifi\u00e9s \u00a0et\u00a0\u00e0\u00a0des\u00a0m\u00e9tiers \u00a0en\ntension. \u00a0Les\u00a0actions \u00a0doivent \u00a0viser \u00a0les\u00a0secteurs \u00a0professionnels \u00a0les\u00a0plus\u00a0en\u00a0tension \u00a0en\u00a0r\u00e9gion \u00a0PACA. \u00a0L\u00e0\naussi, \u00a0le\u00a0lien\u00a0doit\u00a0\u00eatre\u00a0fait\u00a0dans \u00a0le\u00a0Var\u00a0avec \u00a0le\u00a0dispositif \u00a0AGIR.\n\u00a0\n4-2.   Apprentissage de la langue  \nLa\u00a0ma\u00eetrise \u00a0de\u00a0la\u00a0langue \u00a0fran\u00e7aise \u00a0est\u00a0un\u00a0\u00e9l\u00e9ment \u00a0essentiel \u00a0d'autonomie \u00a0et\u00a0d'int\u00e9gration. \u00a0C'est \u00a0elle\u00a0qui\nrend\u00a0possible \u00a0les\u00a0autres \u00a0actions, \u00a0en\u00a0particulier \u00a0celles \u00a0visant \u00a0l'acc\u00e8s \u00a0\u00e0\u00a0l'emploi \u00a0et\u00a0\u00e0\u00a0la\u00a0formation. \u00a0Compte\ntenu\u00a0du\u00a0doublement \u00a0des\u00a0heures \u00a0de\u00a0formation \u00a0depuis \u00a0mars \u00a02019 \u00a0dans \u00a0le\u00a0cadre \u00a0du\u00a0CIR, \u00a0les\u00a0actions\nd'apprentissage \u00a0de\u00a0la\u00a0langue \u00a0fran\u00e7aise \u00a0soutenues \u00a0dans \u00a0le\u00a0cadre \u00a0de\u00a0cet\u00a0appel \u00a0\u00e0\u00a0projets \u00a0devront\ns'articuler \u00a0en\u00a0coh\u00e9rence \u00a0et\u00a0en\u00a0compl\u00e9mentarit\u00e9 \u00a0avec \u00a0la\u00a0formation \u00a0prescrite \u00a0par\u00a0l'OFII \u00a0afin\u00a0d'\u00e9viter \u00a0pour\nles\u00a0\u00e9trangers \u00a0les\u00a0ruptures \u00a0de\u00a0parcours \u00a0qui\u00a0freinent \u00a0leur\u00a0int\u00e9gration. \u00a0Les\u00a0formations \u00a0linguistiques \u00a0devront\ns'adresser \u00a0\u00e0\u00a0un\u00a0public \u00a0ayant \u00a0atteint \u00a0le\u00a0niveau \u00a0A1.\u00a0Toutefois, \u00a0dans \u00a0l'hypoth\u00e8se \u00a0o\u00f9\u00a0le\u00a0niveau \u00a0A1\u00a0ne\u00a0serait\npas\u00a0atteint \u00a0en\u00a0sortie \u00a0de\u00a0formation \u00a0OFII, \u00a0des\u00a0formations \u00a0linguistiques \u00a0visant \u00a0ce\u00a0niveau \u00a0sont\u00a0possibles. \u00a0Les\nformations \u00a0linguistiques \u00a0ax\u00e9es \u00a0sur\u00a0le\u00a0langage \u00a0de\u00a0l'entreprise \u00a0seront \u00a0prioris\u00e9es.\nAinsi, \u00a0l'offre \u00a0territoriale \u00a0en\u00a0mati\u00e8re \u00a0d'apprentissage \u00a0du\u00a0fran\u00e7ais \u00a0(ateliers \u00a0sociolinguistiques, \u00a0ateliers\nOEPRE, \u00a0offre\u00a0OFII\u00a0adapt\u00e9e) \u00a0doit\u00a0\u00eatre\u00a0abondamment \u00a0relay\u00e9e \u00a0aupr\u00e8s \u00a0de\u00a0ce\u00a0public \u00a0et\u00a0des\u00a0acteurs \u00a0de\u00a0l'in-\nt\u00e9gration \u00a0via\u00a0les\u00a0outils \u00a0de\u00a0communication \u00a0sp\u00e9cifiquement \u00a0d\u00e9di\u00e9s \u00a0(flyers \u00a0traduits \u00a0et\u00a0personnalisables). \u00a0La\ncoordination \u00a0des\u00a0acteurs \u00a0locaux \u00a0doit\u00a0\u00e9galement \u00a0\u00eatre\u00a0renforc\u00e9e \u00a0pour\u00a0am\u00e9liorer \u00a0la\u00a0lisibilit\u00e9 \u00a0des\u00a0dispositifs.\nLe\u00a0d\u00e9ploiement \u00a0de\u00a0d\u00e9marches \u00a0d'aller-vers \u00a0pour\u00a0favoriser \u00a0l'insertion \u00a0professionnelle \u00a0des\u00a0b\u00e9n\u00e9ficiaires \u00a0de\nla\u00a0protection \u00a0internationale \u00a0doit\u00a0continuer \u00a0\u00e0\u00a0\u00eatre\u00a0men\u00e9e \u00a0en\u00a0lien\u00a0\u00e9troit \u00a0avec \u00a0le\u00a0service \u00a0public \u00a0de\u00a0l'emploi.\nUne\u00a0attention \u00a0particuli\u00e8re \u00a0devra \u00a0\u00eatre\u00a0port\u00e9e \u00a0sur\u00a0les\u00a0actions \u00a0qui\u00a0int\u00e8grent \u00a0des\u00a0partenariats \u00a0visant \u00a0\u00e0\u00a0fa-Direction d\u00e9partementale de l'emploi, du travail et des solidarit\u00e9s du Var - 83-2024-02-27-00008 - AAP programme 104 action12 2024 13\nvoriser \u00a0l'acc\u00e8s \u00a0\u00e0\u00a0la\u00a0garde \u00a0d'enfants. \u00a0Par\u00a0ailleurs, \u00a0l'acc\u00e8s \u00a0de\u00a0ce\u00a0public \u00a0aux\u00a0dispositifs \u00a0de\u00a0la\u00a0politique \u00a0d'in-\nt\u00e9gration, \u00a0tel\u00a0que\u00a0le\u00a0programme \u00a0HOPE, \u00a0doit\u00a0\u00eatre\u00a0renforc\u00e9. \u00a0\nLes\u00a0formations \u00a0linguistiques \u00a0devront \u00a0s'inscrire \u00a0dans \u00a0une\u00a0logique \u00a0de\u00a0parcours \u00a0progressif \u00a0et\u00a0coh\u00e9rent \u00a0(les\npromoteurs \u00a0indiqueront \u00a0pr\u00e9cis\u00e9ment \u00a0comment), \u00a0concourant \u00a0\u00e0\u00a0la\u00a0progression \u00a0linguistique \u00a0des\u00a0publics,\npermettant \u00a0de\u00a0rendre \u00a0lisible \u00a0pour\u00a0les\u00a0b\u00e9n\u00e9ficiaires \u00a0comme \u00a0pour\u00a0les\u00a0formateurs \u00a0ou\u00a0les\u00a0organismes \u00a0ce\u00a0qui\na\u00a0\u00e9t\u00e9\u00a0acquis \u00a0et\u00a0ce\u00a0qui\u00a0reste \u00a0\u00e0\u00a0construire, \u00a0en\u00a0termes \u00a0de\u00a0comp\u00e9tences \u00a0linguistiques \u00a0attendues. \u00a0Toute\naction \u00a0propos\u00e9e \u00a0sur\u00a0cette \u00a0th\u00e9matique \u00a0suppose \u00a0un\u00a0engagement \u00a0au\u00a0conventionnement \u00a0\u00e0\u00a0la\u00a0plateforme\nd\u00e9partementale \u00a0linguistique \u00a0ABCD \u00a0FLE.\nUne\u00a0attention \u00a0particuli\u00e8re \u00a0sera\u00a0port\u00e9e \u00a0aux\u00a0actions \u00a0formalisant \u00a0le\u00a0degr\u00e9 \u00a0d'acquisition \u00a0des\u00a0connaissances\net\u00a0des\u00a0comp\u00e9tences \u00a0ainsi \u00a0que\u00a0la\u00a0progression \u00a0de\u00a0la\u00a0personne \u00a0(annonce \u00a0d'indicateurs \u00a0cibles \u00a0concernant\nles\u00a0objectifs \u00a0de\u00a0progression \u00a0de\u00a0niveau \u00a0et\u00a0de\u00a0pr\u00e9sentation \u00a0aux\u00a0examens \u00a0ainsi\u00a0que\u00a0leur\u00a0taux\u00a0de\u00a0r\u00e9ussite).\nLes\u00a0intervenants \u00a0enseignants \u00a0seront\u00a0:\n-des\u00a0professionnels \u00a0salari\u00e9s \u00a0disposant \u00a0d'un\u00a0dipl\u00f4me \u00a0de\u00a0FLE\u00a0(fran\u00e7ais \u00a0langue \u00a0\u00e9trang\u00e8re) \u00a0/\u00a0FLI\n(fran\u00e7ais \u00a0langue \u00a0d'int\u00e9gration)\n-des\u00a0intervenants \u00a0b\u00e9n\u00e9voles \u00a0exp\u00e9riment\u00e9s \u00a0d\u00e8s\u00a0lors\u00a0que\u00a0ceux-ci \u00a0b\u00e9n\u00e9ficient \u00a0d'un\u00a0encadrement \u00a0par\u00a0un\nprofessionnel \u00a0salari\u00e9 \u00a0dipl\u00f4m\u00e9 \u00a0(dans \u00a0ce\u00a0cas,\u00a0le\u00a0projet \u00a0devra \u00a0pr\u00e9voir \u00a0des\u00a0actions \u00a0de\u00a0formation \u00a0des\nacteurs).\nLes\u00a0\u00e9l\u00e9ments \u00a0attestant \u00a0du\u00a0niveau \u00a0de\u00a0qualification \u00a0de\u00a0chacun \u00a0des\u00a0intervenants \u00a0doivent \u00a0appara\u00eetre \u00a0dans \u00a0le\ndossier.\nLes\u00a0classes \u00a0passerelles \u00a0destin\u00e9es \u00a0aux\u00a0mineurs \u00a0primo-arrivants\u00a0\u00e2g\u00e9s \u00a0de\u00a0plus\u00a0de\u00a016\u00a0ans\u00a0qui\u00a0ne\u00a0sont\u00a0pas\nsoumis \u00a0\u00e0\u00a0l'obligation \u00a0scolaire, \u00a0pourront \u00a0continuer \u00a0d'\u00eatre \u00a0financ\u00e9es \u00a0pour \u00a0permettre \u00a0\u00e0\u00a0ces\u00a0jeunes \u00a0de\nreprendre \u00a0ou\u00a0poursuivre \u00a0leur\u00a0scolarit\u00e9 \u00a0en\u00a0France. \u00a0Cependant \u00a0les\u00a0associations \u00a0sont\u00a0incit\u00e9es \u00a0\u00e0\u00a0rechercher\nde\u00a0nouveaux \u00a0cofinancements \u00a0pour\u00a0en\u00a0assurer \u00a0la\u00a0p\u00e9rennit\u00e9.\u00a0Cette \u00a0action \u00a0men\u00e9e \u00a0en\u00a0collaboration \u00a0avec \u00a0le\nminist\u00e8re \u00a0de\u00a0l'\u00c9ducation \u00a0nationale \u00a0se\u00a0d\u00e9roulera \u00a0selon \u00a0le\u00a0calendrier \u00a0scolaire. \u00a0Les\u00a0classes \u00a0sont\nconstitu\u00e9es \u00a0de\u00a030\u00a0personnes \u00a0au\u00a0maximum \u00a0et\u00a0pourront \u00a0\u00eatre\u00a0d\u00e9doubl\u00e9es \u00a0en\u00a0groupes \u00a0de\u00a08\u00a0\u00e0\u00a015\npersonnes. \u00a0Chaque \u00a0structure \u00a0pourra \u00a0toutefois \u00a0r\u00e9organiser \u00a0et\u00a0d\u00e9velopper \u00a0certains \u00a0th\u00e8mes \u00a0en\u00a0fonction\ndes\u00a0comp\u00e9tences \u00a0particuli\u00e8res \u00a0et\u00a0des\u00a0champs \u00a0d'intervention \u00a0qui\u00a0lui\u00a0sont\u00a0propres, \u00a0qu'elle \u00a0devra \u00a0alors\nexposer.\n4-3  Les actions d'accompagnement global\nElles \u00a0mettront \u00a0l'accent \u00a0sur\u00a0:\n-\u00a0l'aide \u00a0\u00e0\u00a0la\u00a0mobilit\u00e9,\n-\u00a0la\u00a0sant\u00e9, \u00a0notamment \u00a0la\u00a0sant\u00e9 \u00a0psychique \u00a0(en\u00a0cofinancement \u00a0secondaire \u00a0de\u00a0projets \u00a0d\u00e9j\u00e0\nsoutenus \u00a0par\u00a0des\u00a0budgets \u00a0fl\u00e9ch\u00e9s),\n-\u00a0la\u00a0garde \u00a0d'enfants,\n-\u00a0l'acc\u00e8s \u00a0aux\u00a0droits.\nCes\u00a0actions \u00a0concerneront \u00a0les\u00a0primo-arrivants \u00a0\u00e0\u00a0l'exception \u00a0des\u00a0BPI.\u00a0\nPour \u00a0les\u00a0BPI\u00a0en\u00a0effet, \u00a0depuis \u00a0l'\u00e9t\u00e9\u00a02023, \u00a0ces\u00a0actions \u00a0entre \u00a0dans \u00a0le\u00a0cadre \u00a0du\u00a0programme \u00a0AGIR.\n10/27Direction d\u00e9partementale de l'emploi, du travail et des solidarit\u00e9s du Var - 83-2024-02-27-00008 - AAP programme 104 action12 2024 14\n4-4. L'action sur et avec la soci\u00e9t\u00e9 d'accueil\nLe programme Volont'R \u00a0a\u00a0\u00e9t\u00e9\u00a0lanc\u00e9 \u00a0en\u00a02018 \u00a0par\u00a0la\u00a0D\u00e9l\u00e9gation \u00a0Direction \u00a0Interminist\u00e9rielle \u00a0\u00e0\u00a0l'Accueil \u00a0et\n\u00e0\u00a0l'Int\u00e9gration \u00a0des\u00a0R\u00e9fugi\u00e9s \u00a0(Diair) \u00a0en\u00a0partenariat \u00a0avec \u00a0l'Agence \u00a0du\u00a0Service \u00a0Civique\n(https://www.service-civique.gouv.fr/accueillir-un-volontaire).\nLe\u00a0programme \u00a0Volont'R \u00a0continuera \u00a0\u00e0\u00a0se\u00a0d\u00e9ployer \u00a0dans \u00a0le\u00a0Var\u00a0en\u00a02024 \u00a0pour \u00a0l'accompagnement \u00a0des\n\u00e9trangers \u00a0\u00e9ligibles, \u00a0dont\u00a0les\u00a0primo-arrivants \u00a0\u00e9ligibles \u00a0au\u00a0pr\u00e9sent \u00a0appel \u00a0\u00e0\u00a0projet.\nPlus\u00a0d'informations \u00a0via\u00a0le\u00a0lien\u00a0:\u00a0https://accueil-integration-refugies.fr/volontr-service-civique/\nEn\u00a0compl\u00e9mentarit\u00e9 \u00a0des\u00a0actions \u00a0men\u00e9es \u00a0par\u00a0le\u00a0minist\u00e8re \u00a0de\u00a0l'\u00c9ducation \u00a0nationale \u00a0et\u00a0de\u00a0la\u00a0jeunesse, \u00a0les\ncr\u00e9dits \u00a0de\u00a0l'action \u00a012\u00a0du\u00a0programme \u00a0104\u00a0pourront \u00a0\u00eatre\u00a0mobilis\u00e9s \u00a0afin\u00a0de\u00a0financer \u00a0l'ing\u00e9nierie \u00a0de\nl'accompagnement \u00a0des\u00a0jeunes \u00a0r\u00e9fugi\u00e9s \u00a0et\u00a0autres \u00a0\u00e9trangers \u00a0\u00e9ligibles \u00a0en\u00a0service \u00a0civique \u00a0(cours \u00a0de\nfran\u00e7ais, \u00a0tutorat \u00a0renforc\u00e9, \u00a0accompagnement \u00a0dans \u00a0un\u00a0projet \u00a0d'avenir), \u00a0ainsi \u00a0que\u00a0l'animation \u00a0du\nprogramme \u00a0au\u00a0niveau \u00a0r\u00e9gional \u00a0et/ou \u00a0d\u00e9partemental, \u00a0notamment \u00a0par\u00a0l'organisation \u00a0de\u00a0rencontres\nterritoriales.\nLes\u00a0projets \u00a0d'accueil \u00a0de\u00a0jeunes \u00a0\u00e9trangers \u00a0en\u00a0service \u00a0civique \u00a0qui\u00a0proposent \u00a0des\u00a0missions \u00a0en\u00a0bin\u00f4me\navec \u00a0des\u00a0jeunes \u00a0volontaires \u00a0fran\u00e7ais \u00a0devront \u00a0\u00eatre\u00a0privil\u00e9gi\u00e9s.\n4-5 Les points d'attention 2024\nUne\u00a0attention \u00a0particuli\u00e8re \u00a0sera\u00a0port\u00e9e\u00a0:\n-aux\u00a0projets \u00a0traitant \u00a0les\u00a0difficult\u00e9s \u00a0p\u00e9riph\u00e9riques \u00a0rendant \u00a0plus\u00a0difficile \u00a0l'insertion \u00a0professionnelle\ndes\u00a0\u00e9trangers \u00a0\u00e9ligibles, \u00a0qu'il\u00a0s'agisse \u00a0de\u00a0l'acc\u00e8s \u00a0aux\u00a0droits, \u00a0de\u00a0la\u00a0sant\u00e9 \u00a0ou\u00a0de\u00a0la\u00a0mobilit\u00e9.\n-aux\u00a0projets \u00a0s'adressant \u00a0particuli\u00e8rement \u00a0aux\u00a0femmes \u00a0primo-arrivantes, \u00a0notamment \u00a0dans \u00a0leurs\nprobl\u00e9matiques \u00a0sp\u00e9cifiques \u00a0d'acc\u00e8s \u00a0\u00e0\u00a0l'emploi. \u00a0Des\u00a0actions \u00a0en\u00a0faveur \u00a0de\u00a0la\u00a0garde \u00a0d'enfants\nseront \u00a0recherch\u00e9es.\n-aux\u00a0actions \u00a0relatives \u00a0\u00e0\u00a0la\u00a0prise \u00a0en\u00a0charge \u00a0du\u00a0psychotraumatisme \u00a0des\u00a0r\u00e9fugi\u00e9s.\n-Aux\u00a0projets \u00a0innovants, \u00a0notamment \u00a0intervenant \u00a0sur\u00a0la\u00a0th\u00e9matique \u00a0de\u00a0la\u00a0sensibilisation \u00a0aux\u00a0valeurs\nde\u00a0la\u00a0R\u00e9publique. \u00a0\nEn\u00a0compl\u00e9ment \u00a0des\u00a0actions \u00a0d\u00e9velopp\u00e9es \u00a0dans \u00a0le\u00a0cadre \u00a0du\u00a0pacte \u00a0local \u00a0des\u00a0solidarit\u00e9s \u00a0du\u00a0Var,\u00a0seront\nexamin\u00e9s \u00a0avec \u00a0une\u00a0attention \u00a0particuli\u00e8re, \u00a0les\u00a0projets \u00a0innovants \u00a0permettant \u00a0un\u00a0accompagnement \u00a0cibl\u00e9\ndes\u00a0publics \u00a0primo \u00a0arrivants \u00a0sur\u00a0les\u00a0th\u00e9matiques \u00a0pour\u00a0lesquelles \u00a0des\u00a0fragilit\u00e9s \u00a0sp\u00e9cifiques \u00a0sont\u00a0relev\u00e9es\ndans \u00a0le\u00a0d\u00e9partement \u00a0du\u00a0Var\u00a0:\u00a0\n\u2022l'acc\u00e8s \u00a0au\u00a0logement,\n\u2022l'acc\u00e8s \u00a0au\u00a0service \u00a0public,\n\u2022l'acc\u00e8s \u00a0\u00e0\u00a0l'emploi \u00a0et\u00a0l'accompagnement \u00a0\u00e0\u00a0l'autonomie \u00a0des\u00a0jeunes \u00a0majeurs,\n\u2022la\u00a0mobilit\u00e9,\n\u2022la\u00a0prise \u00a0en\u00a0compte \u00a0des\u00a0besoins \u00a0sp\u00e9cifiques \u00a0des\u00a0familles \u00a0monoparentales,\n\u2022la\u00a0sant\u00e9 \u00a0notamment \u00a0psychique.\nToutes \u00a0les\u00a0propositions \u00a0sur\u00a0ces\u00a0th\u00e8mes \u00a0doivent \u00a0\u00eatre\u00a0travaill\u00e9es \u00a0en\u00a0lien\u00a0\u00e9troit \u00a0avec \u00a0les\u00a0acteurs \u00a0de\u00a0droit\u00a0\ncommun \u00a0et\u00a0dans \u00a0la\u00a0perspective \u00a0d'acc\u00e9l\u00e9rer \u00a0ou\u00a0d'am\u00e9liorer \u00a0l'acc\u00e8s \u00a0\u00e0\u00a0ce\u00a0doit\u00a0commun.Direction d\u00e9partementale de l'emploi, du travail et des solidarit\u00e9s du Var - 83-2024-02-27-00008 - AAP programme 104 action12 2024 15\nPour \u00a0ces\u00a0motifs, \u00a0les\u00a0projets \u00a0d\u00e9pos\u00e9s \u00a0devront \u00a0obligatoirement\u00a0:\n-pr\u00e9ciser \u00a0quel\u00a0type\u00a0de\u00a0public \u00a0est\u00a0vis\u00e9\u00a0par\u00a0l'action \u00a0et\u00a0dans \u00a0quelle \u00a0proportion,\n-d\u00e9crire \u00a0les\u00a0modalit\u00e9s \u00a0de\u00a0publicit\u00e9 \u00a0de\u00a0l'action \u00a0pour\u00a0toucher \u00a0les\u00a0signataires,\n-indiquer \u00a0le\u00a0nombre \u00a0des\u00a0signataires \u00a0du\u00a0CIR\u00a0et\u00a0les\u00a0b\u00e9n\u00e9ficiaires \u00a0de\u00a0la\u00a0protection \u00a0internationale \u00a0d\u00e9j\u00e0\ncibl\u00e9s.\n-indiquer \u00a0les\u00a0outils \u00a0utilis\u00e9s \u00a0pour\u00a0identifier \u00a0les\u00a0publics \u00a0\u00e9ligibles \u00a0lors\u00a0du\u00a0d\u00e9roul\u00e9 \u00a0de\u00a0l'action.\n-renseigner \u00a0une\u00a0fiche \u00a0de\u00a0pr\u00e9sentation \u00a0de\u00a0l'action \u00a0envisag\u00e9e, \u00a0selon \u00a0le\u00a0mod\u00e8le \u00a0joint\u00a0en\u00a0annexe.\n-pr\u00e9senter \u00a0le\u00a0calendrier \u00a0pr\u00e9visionnel \u00a0de\u00a0d\u00e9roulement \u00a0de\u00a0l'action.\n-respecter \u00a0le\u00a0R\u00e8glement \u00a0G\u00e9n\u00e9ral \u00a0sur\u00a0la\u00a0Protection \u00a0des\u00a0Donn\u00e9es \u00a0(RGPD) \u00a0au\u00a0moment \u00a0de\u00a0l'accueil\ndes\u00a0personnes \u00a0lors\u00a0du\u00a0recueil \u00a0des\u00a0donn\u00e9es \u00a0personnelles \u00a0(annexe \u00a01\u00a0fiche \u00a0synth\u00e9tique \u00a0sur\u00a0le\nRGPD).\n5 \u2013 Les crit\u00e8res de s\u00e9lection des projets     :  \n5-1 . Les crit\u00e8res de forme (recevabilit\u00e9) \u00a0\nLe\u00a0dossier \u00a0de\u00a0demande \u00a0de\u00a0subvention \u00a0CERFA \u00a0n\u00b012156*06 \u00a0doit\u00a0\u00eatre\u00a0compl\u00e9t\u00e9 \u00a0et\u00a0sign\u00e9 \u00a0avant \u00a0envoi\n(disponible \u00a0via\u00a0https://www.service-public.fr/particuliers/vosdroits/R1271 \u00a0).\u00a0\nLes\u00a0porteurs \u00a0doivent \u00a0remplir \u00a0le\u00a0formulaire \u00a0CERFA \u00a0de\u00a0mani\u00e8re \u00a0exhaustive, \u00a0conform\u00e9ment \u00a0\u00e0\u00a0la\u00a0notice\nd'aide \u00a0CERFA \u00a0n\u00b0\u00a051781#04. \u00a0Les\u00a0porteurs \u00a0de\u00a0projets \u00a0pourront \u00a0par\u00a0ailleurs \u00a0y\u00a0ajouter \u00a0tout\u00a0document \u00a0qu'ils\njugeraient \u00a0utile.\nLes\u00a0organismes \u00a0autres \u00a0que\u00a0les\u00a0associations \u00a0relevant \u00a0de\u00a0la\u00a0loi\u00a01901 \u00a0sont\u00a0invit\u00e9s \u00a0\u00e0\u00a0remplir \u00a0le\u00a0formulaire\nCERFA \u00a0de\u00a0la\u00a0fa\u00e7on \u00a0la\u00a0plus\u00a0appropri\u00e9e \u00a0aux\u00a0caract\u00e9ristiques \u00a0de\u00a0leur\u00a0statut.\n12/27Direction d\u00e9partementale de l'emploi, du travail et des solidarit\u00e9s du Var - 83-2024-02-27-00008 - AAP programme 104 action12 2024 16\nPour \u00a0\u00eatre\u00a0recevable, \u00a0le\u00a0dossier \u00a0de\u00a0candidature \u00a0devra \u00a0obligatoirement \u00a0\u00eatre\u00a0re\u00e7u\u00a0dans \u00a0le\u00a0d\u00e9lai \u00a0imparti \u00a0et\ncomporter\u00a0:\n-\u00a0\u00a0\u00a0\u00a0une\u00a0fiche \u00a0de\u00a0pr\u00e9sentation \u00a0de\u00a0l'action \u00a0renseign\u00e9e \u00a0(annexe \u00a02)\u00a0et\u00a0son\u00a0calendrier \u00a0de\nd\u00e9ploiement\u00a0;\n-les\u00a0statuts \u00a0de\u00a0l'organisme, \u00a0la\u00a0liste\u00a0des\u00a0dirigeants\u00a0;\n-les\u00a0documents \u00a0attestant \u00a0de\u00a0la\u00a0d\u00e9l\u00e9gation \u00a0de\u00a0signature \u00a0de\u00a0la\u00a0personne \u00a0signataire \u00a0de\u00a0la\ndemande \u00a0de\u00a0subvention, \u00a0si\u00a0celle-ci \u00a0n'est \u00a0pas\u00a0le/la\u00a0pr\u00e9sident(e) \u00a0de\u00a0l'organisme\u00a0;\n-une\u00a0fiche \u00a0et\u00a0un\u00a0budget \u00a0pr\u00e9visionnel \u00a0pour\u00a0chaque \u00a0action \u00a0propos\u00e9e \u00a0dans \u00a0le\u00a0dossier \u00a0COSA\u00a0;\n-un\u00a0Relev\u00e9 \u00a0d'Identit\u00e9 \u00a0Bancaire \u00a0(RIB) \u00a0correspondant \u00a0aux\u00a0donn\u00e9es \u00a0bancaires \u00a0mentionn\u00e9es \u00a0sur\nle\u00a0dossier \u00a0de\u00a0demande \u00a0de\u00a0subvention\u00a0;\n-pour\u00a0les\u00a0associations \u00a0ayant \u00a0b\u00e9n\u00e9fici\u00e9 \u00a0d'une \u00a0subvention \u00a0en\u00a02023 \u00a0au\u00a0titre\u00a0du\u00a0programme \u00a0104,\nle\u00a0compte-rendu \u00a0financier \u00a0de\u00a0l'action \u00a02023 \u00a0(bilan \u00a0qualitatif \u00a0et\u00a0quantitatif) \u00a0\u00e0\u00a0l'aide \u00a0du\u00a0dossier\nCERFA \u00a015059*02 \u00a0faisant \u00a0appara\u00eetre \u00a0notamment \u00a0le\u00a0nombre \u00a0de\u00a0primo-arrivants \u00a0concern\u00e9s, \u00a0les\ncofinancements \u00a0obtenus\u00a0et\u00a0les\u00a0demandes \u00a0de\u00a0report \u00a0de\u00a0cr\u00e9dits\u00a0;\n-pour\u00a0les\u00a0associations \u00a0ayant \u00a0b\u00e9n\u00e9fici\u00e9 \u00a0d'une \u00a0subvention \u00a0en\u00a02023 \u00a0au\u00a0titre\u00a0du\u00a0programme \u00a0104,\nle\u00a0questionnaire \u00a0de\u00a0bilan \u00a0interm\u00e9diaire \u00a0QUESTIONNAIRE \u00a0(cf\u00a0annexe)\u00a0;\n-Les\u00a0crit\u00e8res \u00a0d'indicateurs \u00a0de\u00a0suivi\u00a0et\u00a0de\u00a0r\u00e9sultats \u00a0seront \u00a0\u00e0\u00a0transmettre \u00a0aux\u00a0fins\u00a0d'\u00e9valuation\n(cf\u00a0annexe)\u00a0;\n-le\u00a0cas\u00a0\u00e9ch\u00e9ant \u00a0la\u00a0pr\u00e9sentation \u00a0des\u00a0comptes \u00a0annuels \u00a0et\u00a0du\u00a0rapport \u00a0du\u00a0commissaire \u00a0aux\ncomptes \u00a0des\u00a0associations \u00a0soumises \u00a0\u00e0\u00a0certaines \u00a0obligations \u00a0comptables\u00a0;\n-la\u00a0lettre \u00a0d'engagement \u00a0avec \u00a0la\u00a0plateforme \u00a0linguistique \u00a0varoise \u00a0et\u00a0avec \u00a0le\u00a0dispositif \u00a0AGIR \u00a0(ou\ncopie \u00a0de\u00a0la\u00a0convention \u00a0d\u00e9j\u00e0\u00a0sign\u00e9e)\u00a0;\n-la\u00a0lettre \u00a0d'engagement \u00a0\u00e0\u00a0faire\u00a0r\u00e9f\u00e9rencer \u00a0l'action/les \u00a0actions \u00a0retenue(s) \u00a0dans \u00a0le\u00a0cadre \u00a0du\npr\u00e9sent \u00a0appel \u00a0\u00e0\u00a0projet \u00a0sur\u00a0le\u00a0site\u00a0https://refugies.info/fr \u00a0;\n-la\u00a0lettre \u00a0par\u00a0laquelle \u00a0le\u00a0porteur \u00a0de\u00a0projet \u00a0s'engage \u00a0\u00e0\u00a0pr\u00e9senter \u00a0l'action/les \u00a0actions \u00a0retenues\ndans \u00a0le\u00a0cadre \u00a0du\u00a0pr\u00e9sent \u00a0appel \u00a0\u00e0\u00a0projet \u00a0\u00e0\u00a0la/aux \u00a0collectivit\u00e9(s) \u00a0territoriale(s)/EPCI \u00a0dans \u00a0le\nressort \u00a0de\u00a0laquelle/desquelles \u00a0l'action/les \u00a0actions \u00a0se\u00a0d\u00e9roule(nt). \u00a0Cette \u00a0d\u00e9marche \u00a0devra\nintervenir \u00a0dans \u00a0les\u00a06\u00a0mois \u00a0suivant \u00a0la\u00a0notification \u00a0d'attribution \u00a0de\u00a0la\u00a0subvention\u00a0;\n-conform\u00e9ment \u00a0\u00e0\u00a0l'article \u00a010-1\u00a0de\u00a0la\u00a0loi\u00a0n\u00b0\u00a02000-321 \u00a0du\u00a012\u00a0avril\u00a02000 \u00a0relative \u00a0aux\u00a0droits \u00a0des\ncitoyens \u00a0dans \u00a0leurs \u00a0relations \u00a0avec \u00a0les\u00a0administrations, \u00a0les\u00a0associations \u00a0b\u00e9n\u00e9ficiaires \u00a0du\npr\u00e9sent \u00a0appel \u00a0\u00e0\u00a0projets \u00a0s'engagent \u00a0\u00e0\u00a0souscrire \u00a0au\u00a0contrat \u00a0d'engagement \u00a0r\u00e9publicain \u00a0fix\u00e9\u00a0par\nle\u00a0d\u00e9cret \u00a0n\u00b0\u00a02021-1947 \u00a0du\u00a031\u00a0d\u00e9cembre \u00a02021\u00a0;\n-les\u00a0projets \u00a0pr\u00e9sentant \u00a0une\u00a0demande \u00a0de\u00a0financement \u00a0sp\u00e9cifique \u00a0en\u00a0direction \u00a0des\u00a0publics\nb\u00e9n\u00e9ficiaires \u00a0de\u00a0la\u00a0protection \u00a0temporaire \u00a0devront \u00a0\u00eatre\u00a0intitul\u00e9s \u00a0\u00ab\u00a0UKRAINE...\u00a0\u00bb.\nSeuls \u00a0les\u00a0dossiers \u00a0complets \u00a0feront \u00a0l'objet \u00a0de\u00a0l'examen \u00a0par\u00a0les\u00a0services \u00a0de\u00a0l'\u00c9tat.Direction d\u00e9partementale de l'emploi, du travail et des solidarit\u00e9s du Var - 83-2024-02-27-00008 - AAP programme 104 action12 2024 17\n5-2. Les \u00e9l\u00e9ments d'information devant figurer au projet\nAfin\u00a0d'analyser \u00a0les\u00a0projets \u00a0d\u00e9pos\u00e9s, \u00a0ceux-ci \u00a0devront \u00a0obligatoirement \u00a0contenir \u00a0les\u00a0informations \u00a0suivantes \u00a0:\n-L'analyse \u00a0des\u00a0besoins \u00a0du\u00a0public \u00a0vis\u00e9\u00a0par\u00a0l'action \u00a0et\u00a0sa\u00a0pertinence. \u00a0En\u00a0ce\u00a0sens, \u00a0les\u00a0porteurs \u00a0de\nprojets \u00a0devront \u00a0notamment \u00a0d\u00e9crire \u00a0les\u00a0modalit\u00e9s \u00a0mises \u00a0en\u00a0\u0153uvre \u00a0pour \u00a0trouver \u00a0le\u00a0public \u00a0primo-\narrivant, \u00a0analyser \u00a0les\u00a0r\u00e9ponses \u00a0existantes \u00a0et\u00a0leurs \u00a0limites \u00a0et\u00a0sa\u00a0capacit\u00e9 \u00a0\u00e0\u00a0r\u00e9pondre \u00a0\u00e0\u00a0ce\u00a0besoin.\n-Le\u00a0public \u00a0au\u00a0sein\u00a0de\u00a0l'action \u00a0envisag\u00e9e. \u00a0Les\u00a0promoteurs \u00a0s'attacheront \u00a0\u00e0\u00a0fixer\u00a0un\u00a0objectif \u00a0cible \u00a0de\nb\u00e9n\u00e9ficiaires \u00a0et\u00a0\u00e0\u00a0le\u00a0motiver. \u00a0Le\u00a0nombre \u00a0de\u00a0femmes \u00a0et\u00a0le\u00a0nombre \u00a0d'hommes \u00a0b\u00e9n\u00e9ficiaires \u00a0de\u00a0l'action\nsera\u00a0quantifi\u00e9 \u00a0et\u00a0les\u00a0\u00e9ventuels \u00a0d\u00e9s\u00e9quilibres \u00a0seront \u00a0expliqu\u00e9s.\n-Le\u00a0recours \u00a0au\u00a0partenariat \u00a0:\u00a0le\u00a0porteur \u00a0exposera \u00a0sa\u00a0capacit\u00e9 \u00a0\u00e0\u00a0travailler \u00a0en\u00a0r\u00e9seau \u00a0de\u00a0mani\u00e8re\neffective \u00a0avec \u00a0les\u00a0diff\u00e9rents \u00a0acteurs \u00a0de\u00a0l'int\u00e9gration, \u00a0et\u00a0notamment \u00a0avec \u00a0le\u00a0porteur \u00a0du\u00a0dispositif \u00a0AGIR.\n-La\u00a0soutenabilit\u00e9 \u00a0du\u00a0budget \u00a0pr\u00e9visionnel \u00a0et\u00a0du\u00a0plan\u00a0de\u00a0financement \u00a0doit\u00a0\u00eatre\u00a0d\u00e9montr\u00e9e. \u00a0Le\u00a0recours\naux\u00a0cofinancements \u00a0doit\u00a0\u00eatre\u00a0justifi\u00e9.\n-L'expertise \u00a0:\u00a0le\u00a0porteur \u00a0d\u00e9tient \u00a0un\u00a0savoir-faire, \u00a0une\u00a0exp\u00e9rience \u00a0dans \u00a0le\u00a0domaine \u00a0pr\u00e9sent\u00e9, \u00a0une\ncapacit\u00e9 \u00a0\u00e0\u00a0s'entourer \u00a0de\u00a0collaborateurs \u00a0exp\u00e9riment\u00e9s \u00a0et/ou \u00a0professionnels. \u00a0Les\u00a0dipl\u00f4mes \u00a0et\nqualification \u00a0des\u00a0professionnels \u00a0intervenant \u00a0sur\u00a0le\u00a0projet \u00a0devront \u00a0\u00eatre\u00a0mentionn\u00e9s.\n-La\u00a0communication \u00a0et\u00a0la\u00a0publicit\u00e9 \u00a0:\u00a0le\u00a0porteur \u00a0int\u00e8gre \u00a0\u00e0\u00a0son\u00a0projet \u00a0les\u00a0modalit\u00e9s \u00a0de\u00a0sa\u00a0diffusion \u00a0et\u00a0de\nson\u00a0accompagnement \u00a0aupr\u00e8s \u00a0du\u00a0public \u00a0cible.\n-Les\u00a0outils, \u00a0les\u00a0moyens \u00a0et\u00a0m\u00e9thodes \u00a0mis\u00a0en\u00a0\u0153uvre \u00a0seront \u00a0annonc\u00e9s \u00a0pr\u00e9cis\u00e9ment. \u00a0Il\u00a0s'agit \u00a0des\nobjectifs, \u00a0des\u00a0contenus \u00a0(recherche \u00a0d'innovation, \u00a0de\u00a0coh\u00e9rence \u00a0et\u00a0de\u00a0compl\u00e9mentarit\u00e9 \u00a0avec \u00a0d'autres\nactions \u00a0existantes), \u00a0des\u00a0formations \u00a0OFII\u00a0notamment, \u00a0du\u00a0format, \u00a0du\u00a0d\u00e9lai \u00a0de\u00a0conception, \u00a0des\u00a0suites\ndonn\u00e9es \u00a0aux\u00a0produits \u00a0con\u00e7us \u00a0(diffusion, \u00a0prise \u00a0en\u00a0main, \u00a0accompagnement \u00a0des\u00a0utilisateurs\u2026) \u00a0et\u00a0des\ncrit\u00e8res \u00a0d'\u00e9valuation \u00a0interne \u00a0des\u00a0actions.\n-Si\u00a0l'action \u00a0a\u00a0b\u00e9n\u00e9fici\u00e9 \u00a0d'une \u00a0subvention \u00a0dans \u00a0le\u00a0cadre \u00a0du\u00a0programme \u00a0104\u00a0en\u00a02023, \u00a0il\u00a0conviendra \u00a0de\njoindre \u00a0imp\u00e9rativement\u00a0:\n\uf0d8les\u00a0justificatifs \u00a0des\u00a0cofinancements \u00a0obtenus,\n\uf0d8le\u00a0bilan \u00a0quantitatif \u00a0et\u00a0qualitatif \u00a0des\u00a0actions \u00a0r\u00e9alis\u00e9es \u00a0en\u00a02023 \u00a0faisant\u00a0appara\u00eetre \u00a0notamment\nle\u00a0nombre \u00a0de\u00a0primo-arrivants \u00a0touch\u00e9s, \u00a0d\u00e9j\u00e0\u00a0cit\u00e9\u00a0dans \u00a0les\u00a0crit\u00e8res \u00a0de\u00a0forme,\n\uf0d8leur\u00a0proportion \u00a0par\u00a0rapport \u00a0\u00e0\u00a0la\u00a0file\u00a0active \u00a0totale,\n\uf0d8la\u00a0formalisation \u00a0de\u00a0l'\u00e9valuation \u00a0de\u00a0la\u00a0progression \u00a0des\u00a0participants,\n\uf0d8la\u00a0liste\u00a0anonymis\u00e9e \u00a0des\u00a0personnes \u00a0suivies \u00a0et\u00a0la\u00a0dur\u00e9e \u00a0finale \u00a0de\u00a0prise \u00a0en\u00a0charge \u00a0\u00e0\u00a0la\u00a0sortie,\n\uf0d8les\u00a0r\u00e9sultats \u00a0attendus, \u00a0les\u00a0r\u00e9sultats \u00a0obtenus \u00a0et\u00a0l'explication \u00a0des\u00a0\u00e9carts.\nEn\u00a0l'absence \u00a0de\u00a0ces\u00a0\u00e9l\u00e9ments \u00a0d'appr\u00e9ciation, \u00a0le\u00a0projet \u00a0ne\u00a0sera\u00a0pas\u00a0recevable.\n14/27Direction d\u00e9partementale de l'emploi, du travail et des solidarit\u00e9s du Var - 83-2024-02-27-00008 - AAP programme 104 action12 2024 18\nLes\u00a0services \u00a0de\u00a0l'\u00c9tat, \u00a0se\u00a0r\u00e9servent \u00a0le\u00a0droit \u00a0de\u00a0demander \u00a0des\u00a0informations \u00a0et/ou \u00a0pi\u00e8ces\ncompl\u00e9mentaires \u00a0\u00e0\u00a0r\u00e9ception \u00a0du\u00a0dossier.\nDe\u00a0m\u00eame, \u00a0la\u00a0commission \u00a0de\u00a0s\u00e9lection \u00a0des\u00a0projets \u00a0peut \u00a0demander \u00a0de\u00a0nouveaux \u00a0\u00e9l\u00e9ments\nd'informations, \u00a0ou\u00a0la\u00a0modification \u00a0du\u00a0projet \u00a0pr\u00e9sent\u00e9.\nCompte \u00a0tenu\u00a0des\u00a0priorit\u00e9s \u00a0fix\u00e9es \u00a0par\u00a0le\u00a0minist\u00e8re \u00a0de\u00a0l'Int\u00e9rieur \u00a0et\u00a0des\u00a0Outre-Mer, \u00a0les\u00a0demandes \u00a0de\nfinancement \u00a0d'actions \u00a0d'int\u00e9gration \u00a0\u00e9galement \u00a0ouvertes \u00a0\u00e0\u00a0d'autres \u00a0publics \u00a0que\u00a0ceux \u00a0vis\u00e9s \u00a0dans \u00a0le\u00a0cadre\ndu\u00a0pr\u00e9sent \u00a0appel \u00a0\u00e0\u00a0projets \u00a0devront \u00a0faire\u00a0l'objet \u00a0d'une \u00a0recherche \u00a0de\u00a0cofinancements, \u00a0au\u00a0prorata \u00a0du\nnombre \u00a0de\u00a0personnes \u00a0concern\u00e9es.\nUne\u00a0synergie \u00a0est\u00a0\u00e0\u00a0rechercher \u00a0au\u00a0niveau \u00a0local \u00a0avec \u00a0les\u00a0appels \u00a0\u00e0\u00a0projets \u00a0au\u00a0titre\u00a0de\u00a0la\u00a0politique \u00a0de\u00a0la\nville,\u00a0de\u00a0la\u00a0pr\u00e9vention \u00a0de\u00a0la\u00a0d\u00e9linquance \u00a0et\u00a0de\u00a0la\u00a0lutte\u00a0contre \u00a0le\u00a0racisme, \u00a0l'antis\u00e9mitisme \u00a0et\u00a0la\u00a0haine \u00a0anti-\nLGBT. \u00a0Pour \u00a0les\u00a0projets \u00a0structurants, \u00a0il\u00a0est\u00a0conseill\u00e9 \u00a0de\u00a0recourir \u00a0en\u00a0priorit\u00e9 \u00a0aux\u00a0financements \u00a0pluriannuels\ndu\u00a0FAMI.\nUne\u00a0attention \u00a0particuli\u00e8re \u00a0sera\u00a0port\u00e9e \u00a0\u00e0\u00a0la\u00a0couverture \u00a0territoriale \u00a0des\u00a0projets, \u00a0\u00e0\u00a0la\u00a0compl\u00e9mentarit\u00e9 \u00a0des\nactions \u00a0sur\u00a0un\u00a0m\u00eame \u00a0territoire, \u00a0et\u00a0\u00e0\u00a0la\u00a0mutualisation \u00a0des\u00a0projets.\n6 \u2013 Le suivi et l'\u00e9valuation des actions financ\u00e9es\n\u00c9valuation \u00a0des\u00a0actions \u00a0et\u00a0suivi\u00a0des\u00a0publics\nUne\u00a0\u00e9valuation \u00a0de\u00a0l'impact \u00a0des\u00a0actions \u00a0financ\u00e9es \u00a0par\u00a0le\u00a0programme \u00a0104\u00a0au\u00a0niveau \u00a0national \u00a0est\u00a0pr\u00e9vue.\nCette \u00a0\u00e9valuation, \u00a0doit\u00a0permettre \u00a0de\u00a0rendre \u00a0compte \u00a0de\u00a0l'efficacit\u00e9 \u00a0de\u00a0la\u00a0politique \u00a0men\u00e9e \u00a0et\u00a0de\u00a0la\u00a0bonne\nutilisation \u00a0des\u00a0cr\u00e9dits \u00a0publics. \u00a0Le\u00a0retour \u00a0des\u00a0porteurs \u00a0sur\u00a0les\u00a0actions \u00a0men\u00e9es \u00a0\u00e9tant \u00a0indispensable \u00a0pour\nl'\u00e9laboration \u00a0de\u00a0ces\u00a0synth\u00e8ses, \u00a0l'organisme \u00a0s'engage \u00a0\u00e0\u00a0compl\u00e9ter, \u00a0dans \u00a0les\u00a0d\u00e9lais \u00a0impartis, \u00a0les\u00a0diff\u00e9rents\noutils \u00a0et\u00a0indicateurs \u00a0qui\u00a0lui\u00a0seront \u00a0transmis.\nLes\u00a0services \u00a0de\u00a0l'\u00c9tat \u00a0peuvent \u00a0par\u00a0ailleurs \u00a0r\u00e9aliser \u00a0des\u00a0visites \u00a0sur\u00a0site\u00a0chez \u00a0le\u00a0porteur \u00a0de\u00a0projet \u00a0financ\u00e9\nafin\u00a0d'analyser \u00a0le\u00a0d\u00e9roulement \u00a0d'une \u00a0action \u00a0en\u00a0cours. \u00a0La\u00a0qualit\u00e9 \u00a0de\u00a0primo-arrivant \u00a0du\u00a0public \u00a0pris\u00a0en\ncharge, \u00a0ainsi \u00a0que\u00a0son\u00a0adresse \u00a0devront \u00a0pouvoir \u00a0\u00eatre\u00a0justifi\u00e9es \u00a0par\u00a0le\u00a0porteur \u00a0de\u00a0projet \u00a0qui\u00a0doit\u00a0donc\ns'organiser \u00a0en\u00a0amont \u00a0afin\u00a0de\u00a0pouvoir \u00a0apporter \u00a0le\u00a0justificatif \u00a0adapt\u00e9 \u00a0:\u00a0tableau \u00a0de\u00a0suivi, \u00a0feuilles\nd'\u00e9margement, \u00a0ou\u00a0tout\u00a0autre \u00a0document \u00a0contenant \u00a0des\u00a0indications \u00a0comme \u00a0la\u00a0nationalit\u00e9, \u00a0le\u00a0sexe, \u00a0la\u00a0date\nd'obtention \u00a0du\u00a0premier \u00a0titre\u00a0de\u00a0s\u00e9jour, \u00a0le\u00a0num\u00e9ro \u00a0de\u00a0CIR\u00a0et\u00a0l'adresse \u00a0du\u00a0b\u00e9n\u00e9ficiaire \u00a0lors\u00a0de\u00a0l'inscription.\nLes\u00a0porteurs \u00a0retenus \u00a0devront\u00a0:\n-\u00a0Avant \u00a0le\u00a030\u00a0juin\u00a02024 \u00a0:\u00a0transmettre \u00a0le\u00a0compte-rendu \u00a0financier \u00a0(document \u00a0CERFA \u00a0n\u00b015059*02 \u00a0bilan\nquantitatif \u00a0et\u00a0qualitatif).Direction d\u00e9partementale de l'emploi, du travail et des solidarit\u00e9s du Var - 83-2024-02-27-00008 - AAP programme 104 action12 2024 19\n7 - Le calendrier et les modalit\u00e9s de d\u00e9p\u00f4t des dossiers\n7-1. Calendrier\n-Entre le 27 f\u00e9vrier et le 15 mars 2024 \u00a0:\u00a0Publication \u00a0de\u00a0l'appel \u00a0\u00e0\u00a0projets \u00a0au\u00a0recueil \u00a0des\u00a0actes\nadministratif \u00a0du\u00a0Var\u00a0et\u00a0ouverture \u00a0de\u00a0l'acc\u00e8s \u00a0\u00e0\u00a0D\u00e9marches \u00a0simplifi\u00e9es.\n-31 mars 2024\u00a0minuit \u00a0:\u00a0Date \u00a0limite \u00a0de\u00a0d\u00e9p\u00f4t \u00a0des\u00a0dossiers \u00a0par\u00a0les\u00a0porteurs \u00a0de\u00a0projets\nAucun dossier ne sera recevable au-del\u00e0 de cette date .\n7-2. Modalit\u00e9s de d\u00e9p\u00f4t     \nChaque \u00a0porteur \u00a0de\u00a0projet \u00a0devra \u00a0envoyer \u00a0un\u00a0dossier \u00a0complet \u00a0sur\u00a0le\u00a0site\u00a0D\u00e9marches simplifi\u00e9es .\nPlus\u00a0d'informations \u00a0via\u00a0le\u00a0lien\u00a0:\u00a0https://www.service-public.fr/P10015 \u00a0\nEn\u00a0cas\u00a0de\u00a0difficult\u00e9 \u00a0d'acc\u00e8s\u00a0\u00e0\u00a0D\u00e9marches \u00a0simplifi\u00e9es, \u00a0un\u00a0exemplaire \u00a0pourra \u00a0\u00eatre\u00a0adress\u00e9 \u00a0aux\u00a0services\nde\u00a0l'\u00c9tat, \u00a0direction \u00a0d\u00e9partementale \u00a0de\u00a0l'emploi, \u00a0du\u00a0travail \u00a0et\u00a0des\u00a0solidarit\u00e9s \u00a0(DDETS) \u00a0par\u00a0voie\nd\u00e9mat\u00e9rialis\u00e9e \u00a0uniquement \u00a0\u00e0\u00a0l'adresse\u00a0:\nddets-saapv@var.gouv.f  r  \nEnvoi \u00a0des\u00a0fichiers \u00a0volumineux \u00a0via\u00a0le\u00a0lien\u00a0:\u00a0\u00a0http://melanissimo.developpement-durable.gouv.fr\nContacts \u00a0:\nEmma \u00a0IACIANCIO \u00a0m\u00e9l\u00a0:\u00a0emma.iaciancio@var.gouv.fr \u00a0\nMarie-Laure \u00a0ALVAREZ \u00a0m\u00e9l\u00a0:\u00a0marie-laure.alvarez@var.gouv.fr \u00a0\nMathilde \u00a0MICHAUD-MOTTET \u00a0m\u00e9l\u00a0:\u00a0mathilde.michaud-mottet@var.gouv.fr\nA\u00a0Toulon, \u00a0le\u00a027\u00a0f\u00e9vrier \u00a02024.\nPour \u00a0le\u00a0pr\u00e9fet \u00a0et\u00a0par\u00a0d\u00e9l\u00e9gation,\n\u00a0\u00a0\u00a0\u00a0\u00a0\u00a0La\u00a0sous-pr\u00e9f\u00e8te \u00a0charg\u00e9e \u00a0de\u00a0mission,\nSign\u00e9\u00a0:\u00a0\n\u00a0\u00a0\u00a0\u00a0\u00a0\u00a0Agn\u00e8s \u00a0BONJEAN\n16/27Direction d\u00e9partementale de l'emploi, du travail et des solidarit\u00e9s du Var - 83-2024-02-27-00008 - AAP programme 104 action12 2024 20\nSynth\u00e8se \u00a0des\u00a0annexes\u00a0:\u00a0\nAnnexe\u00a01\u00a0\u00a0\u00a0\u00a0\u00a0:\u00a0\u00a0\u00a0Fiche\u00a0utile\u00a0sur\u00a0le\u00a0R\u00e8glement \u00a0G\u00e9n\u00e9ral\u00a0sur\u00a0la\u00a0Protection \u00a0des\u00a0Donn\u00e9es\u00a0pour\u00a0les\u00a0associations\nAnnexe\u00a02\u00a0\u00a0\u00a0\u00a0\u00a0:\u00a0\u00a0\u00a0Fiche\u00a0action\nAnnexe\u00a03\u00a0\u00a0\u00a0\u00a0\u00a0:\u00a0\u00a0\u00a0AGIR\u00a0communiqu\u00e9 \u00a0de\u00a0presse\u00a0(2022)\nAnnexe\u00a04\u00a0\u00a0\u00a0\u00a0\u00a0:\u00a0\u00a0\u00a0QuestionnaireDirection d\u00e9partementale de l'emploi, du travail et des solidarit\u00e9s du Var - 83-2024-02-27-00008 - AAP programme 104 action12 2024 21\nAnnexe 1\nFiche utile sur le R\u00e8glement G\u00e9n\u00e9ral sur la Protection des Donn\u00e9es pour les associations\nPublic vis\u00e9 :\u00a0Associations \u00a0sociolinguistiques \u00a0de\u00a0la\u00a0loi\u00a01901, \u00a0financ\u00e9es \u00a0par\u00a0une\u00a0DDETS\nContexte :\u00a0Dans \u00a0le\u00a0cadre \u00a0de\u00a0votre \u00a0activit\u00e9 \u00a0vous \u00a0\u00eates\u00a0amen\u00e9 \u00a0\u00e0\u00a0collecter \u00a0diverses \u00a0informations \u00a0rendant\nidentifiables \u00a0vos\u00a0b\u00e9n\u00e9ficiaires. \u00a0Cette \u00a0collecte \u00a0d'informations \u00a0est\u00a0soumise \u00a0au\u00a0R\u00e8glement \u00a0europ\u00e9en \u00a0sur\u00a0la\nprotection \u00a0des\u00a0donn\u00e9es \u00a0(RGPD).\nObjectif :\u00a0Fournir \u00a0des\u00a0\u00e9l\u00e9ments \u00a0de\u00a0base \u00a0pour\u00a0\u00eatre\u00a0en\u00a0conformit\u00e9 \u00a0avec \u00a0le\u00a0RGPD.\nCadre juridique :\u00a0Le\u00a0RGPD \u00a0est\u00a0un\u00a0r\u00e8glement \u00a0de\u00a0l'Union \u00a0europ\u00e9enne \u00a0qui\u00a0a\u00a0pour\u00a0objectif \u00a0de\u00a0prot\u00e9ger \u00a0les\ndroits \u00a0fondamentaux \u00a0des\u00a0citoyens \u00a0europ\u00e9ens \u00a0qui\u00a0sont\u00a0:\u00a0la\u00a0vie\u00a0priv\u00e9e \u00a0et\u00a0le\u00a0droit\u00a0\u00e0\u00a0la\u00a0protection \u00a0des\ndonn\u00e9es \u00a0personnelles.\nLes changements dus \u00e0 l'adoption du RGPD :\n\u2022\u00a0La\u00a0d\u00e9claration \u00a0pr\u00e9alable \u00a0de\u00a0fichier \u00a0aupr\u00e8s \u00a0de\u00a0la\u00a0CNIL \u00a0est\u00a0supprim\u00e9e \u00a0;\n\u2022\u00a0Le\u00a0traitement \u00a0papier \u00a0est\u00a0consid\u00e9r\u00e9 \u00a0comme \u00a0un\u00a0traitement \u00a0de\u00a0donn\u00e9es \u00a0personnelles \u00a0;\nNouvelles obligations :\nObligation \u00a0g\u00e9n\u00e9rale \u00a0:\n\u2022\u00a0Mettre \u00a0en\u00a0\u0153uvre \u00a0les\u00a0mesures \u00a0de\u00a0s\u00e9curit\u00e9 \u00a0des\u00a0locaux \u00a0et\u00a0des\u00a0syst\u00e8mes \u00a0d'information \u00a0pour\u00a0emp\u00eacher\nque\u00a0les\u00a0fichiers \u00a0soient \u00a0d\u00e9form\u00e9s, \u00a0endommag\u00e9s \u00a0ou\u00a0que\u00a0des\u00a0tiers\u00a0non\u00a0autoris\u00e9s \u00a0y\u00a0aient \u00a0acc\u00e8s.\nLorsque \u00a0qu'une \u00a0association \u00a0re\u00e7oit \u00a0et\u00a0collecte \u00a0des\u00a0informations, \u00a0elle\u00a0doit\u00a0informer \u00a0le\u00a0b\u00e9n\u00e9ficiaire \u00a0de\u00a0:\n\u2022\u00a0L'identit\u00e9 \u00a0du\u00a0responsable \u00a0du\u00a0fichier \u00a0;\n\u2022\u00a0La\u00a0finalit\u00e9 \u00a0du\u00a0traitement \u00a0des\u00a0donn\u00e9es \u00a0;\n\u2022\u00a0Le\u00a0caract\u00e8re \u00a0obligatoire \u00a0ou\u00a0facultatif \u00a0des\u00a0r\u00e9ponses \u00a0;\n\u2022\u00a0Les\u00a0droits \u00a0d'acc\u00e8s \u00a0aux\u00a0informations \u00a0d\u00e9livr\u00e9es, \u00a0de\u00a0rectification, \u00a0d'interrogation \u00a0et\u00a0d'opposition.\nLes\u00a0autres \u00a0obligations \u00a0li\u00e9es\u00a0au\u00a0RGPD \u00a0sont\u00a0de\u00a0:\n\u2022\u00a0Recueillir \u00a0l'accord \u00a0des\u00a0b\u00e9n\u00e9ficiaires \u00a0et\u00a0leur\u00a0consentement \u00a0d'une \u00a0mani\u00e8re \u00a0explicite \u00a0(\u00e0\u00a0travers \u00a0la\nsignature \u00a0d'une \u00a0fiche \u00a0l'information \u00a0de\u00a0ces\u00a0droits \u00a0et\u00a0la\u00a0demande \u00a0de\u00a0son\u00a0consentement \u00a0pour\u00a0traiter \u00a0les\ninformations) \u00a0;\n\u2022\u00a0Veiller \u00a0\u00e0\u00a0la\u00a0s\u00e9curit\u00e9 \u00a0des\u00a0syst\u00e8mes \u00a0d'information \u00a0;\n\u2022\u00a0Assurer \u00a0la\u00a0confidentialit\u00e9 \u00a0des\u00a0donn\u00e9es \u00a0;\n\u2022\u00a0Indiquer \u00a0une\u00a0dur\u00e9e \u00a0de\u00a0conservation \u00a0des\u00a0donn\u00e9es.\nAttention, \u00a0le\u00a0non-respect \u00a0du\u00a0r\u00e8glement \u00a0peut\u00a0entra\u00eener \u00a0des\u00a0sanctions \u00a0administratives \u00a0et/ou \u00a0p\u00e9nales.\nSources de la fiche :\u00a0Le\u00a0site\u00a0officiel \u00a0de\u00a0l'administration \u00a0fran\u00e7aise, \u00a0obligation \u00a0en\u00a0mati\u00e8re \u00a0de\u00a0protection\ndes\u00a0donn\u00e9es \u00a0personnelles \u00a0consult\u00e9 \u00a0le\u00a03\u00a0avril\u00a02019, \u00a0Direction \u00a0de\u00a0l'information \u00a0l\u00e9gale \u00a0et\u00a0administrative,\nMinist\u00e8re \u00a0de\u00a0la\u00a0justice\n18/27Direction d\u00e9partementale de l'emploi, du travail et des solidarit\u00e9s du Var - 83-2024-02-27-00008 - AAP programme 104 action12 2024 22\nAnnexe 2 FICHE ACTION\n(une note explicative peut \u00eatre annex\u00e9e \u00e0 la pr\u00e9sente fiche)\nPORTEUR :\nIntitul\u00e9 de l'action\nR\u00e9partition des \nfinancements N-1 et \ndemandes pour \nl'ann\u00e9e N en cours \nObjectif\nLieu de d\u00e9roulement \nde l'action\nB\u00e9n\u00e9ficiaires\nDescription de l'action\nETP affect\u00e9s \u00e0 l'action \net qualifications\nNombre d'interventions \npar semaine\nDur\u00e9e totale du \nparcours\n \nIndicateurs de \nperformance (atteinte \n2023 et cible 2024)Direction d\u00e9partementale de l'emploi, du travail et des solidarit\u00e9s du Var - 83-2024-02-27-00008 - AAP programme 104 action12 2024 23\nMINISTERE\nDE L'INT\u00c9RIEUR\nET DES  OUTRE-MER\nLiberr\u00e9\nEgalit\u00e9\nFraterait\u00e9\nCOMMUNIQU\u00c9  DE PRESSE\nAGIR,  pour  le logement  et l''emploi  des  personnes  r\u00e9fugi\u00e9es\nAGIR  est un programme  d'accompagnement  global  et individualis\u00e9  vers  l'emploi  et le logement  destin\u00e9\naux personnes  b\u00e9n\u00e9ficiaires  de la protection  internationale  (BPI).  Il consiste  en un guichet  unique\nd\u00e9partemental  de l'int\u00e9gration  des  r\u00e9fugi\u00e9s  visant  \u00e0 assurer  un parcours  d'int\u00e9gration  sans  rupture  \u00e0\ntous  les r\u00e9fugi\u00e9s.\nL'ambition  du programme  AGIR  est de conduire  au moins  60%  des  r\u00e9fugi\u00e9s  accompagn\u00e9s  vers  l'emploi\nou la formation,  et 80%  vers  le logement.\nLe programme  se d\u00e9ploie  dans  27 d\u00e9partements  m\u00e9tropolitains  en 2022  Une  nouvelle  vague  de\nd\u00e9ploiement  s'ouvrira  en 2023  dans  25 d\u00e9partements.  L'objectif  est sa g\u00e9n\u00e9ralisation  sur le territoire\nnational  en 2024.\nPourquoi  le programme  AGIR  ?\n500 000 b\u00e9n\u00e9ficiaires  de la protection  internationale  (BPI)  sont  install\u00e9s  en France.  Leur  int\u00e9gration  est\nun enjeu  majeur  pour  la coh\u00e9sion  de notre  soci\u00e9t\u00e9.  Destin\u00e9s  \u00e0 rester  durablement  sur notre  territoire,\nceux-ci  doivent  pouvoir  acc\u00e9der  en particulier  \u00e0 un travail  et \u00e0 un logement,  facteurs  essentiels\nd'int\u00e9gration.  Les programmes  d'accompagnement  global,  charg\u00e9s  d'apporter  une  r\u00e9ponse\nindividualis\u00e9e  aux diff\u00e9rents  besoins  de prise  en charge  rencontr\u00e9s  par les BPI dans  leurs  parcours\nd'int\u00e9gration  pr\u00e9sentent  le plus  de garantie  de succ\u00e8s  avec  un acc\u00e8s  p\u00e9renne  de leurs  b\u00e9n\u00e9ficiaires  \u00e0\nl''emploi  et au logement.\nIssu  d'un  travail  collaboratif  \u00e9troit  entre  les minist\u00e8res  charg\u00e9s  de l'int\u00e9rieur,  du travail,  la d\u00e9l\u00e9gation\ninterminist\u00e9rielle  \u00e0 I'h\u00e9bergement  et \u00e0 I'acc\u00e9s  au logement  (DIHAL),  la d\u00e9l\u00e9gation  interminist\u00e9rielle  \u00e0\nl'accueil  et \u00e0 I'int\u00e9gration  des  r\u00e9fugi\u00e9s  (DIAIR)  et l'Office  fran\u00e7ais  de I'immigration  et de l'int\u00e9gration\n(OFII),  AGIR  marque  un engagement  sans  pr\u00e9c\u00e9dent  de l'Etat  pour  acc\u00e9l\u00e9rer  l'autonomie  des  BPI par\nl'acc\u00e8s  au logement  et \u00e0 I'emploi,\nLes b\u00e9n\u00e9ficiaires  d'AGIR  :\n< Les r\u00e9fugi\u00e9s  majeurs  et mineurs  signataires  du contrat  d'int\u00e9gration  r\u00e9publicaine  (CIR)  ayant  obtenu  le\nstatut  de la protection  internationale  depuis  moins  de deux  ans  ;\n+ Les personnes  les rejoignant  (conjoints,  enfants  mineurs,  parents),  m\u00eame  s'ils n'ont  pas eux-m\u00eames  le\nstatut  de r\u00e9fugi\u00e9s  b\u00e9n\u00e9ficiaires  de la protection  internationale.\nAGIR  n'est  pas  obligatoire  : les b\u00e9n\u00e9ficiaires  int\u00e9grent  le programme  sur la base  du volontariat.\nPlace  Beauvau\n75800  PARIS  Cedex  08\nStandard:  01 49 27 49 27\u2014 01 40 07 60 60\nAdresse  internet:  www.interieur.gouv.fr  1/2\nAnnexe 3\nAGIR     : communiqu\u00e9 de presse (2022)  \nsource\u00a0:\u00a0https://www.immigration.interieur.gouv.fr/Integration-et-Acces-a-la-nationalite/AGIR-\npour-l-emploi-et-le-logement-des-personnes-refugiees \u00a0\n20/27\nDirection d\u00e9partementale de l'emploi, du travail et des solidarit\u00e9s du Var - 83-2024-02-27-00008 - AAP programme 104 action12 2024 24\nL'accompagnement  d'AGIR  c'est...\nUn accompagnement  social  : s\u00e9curisation  des  droits  au s\u00e9jour,  document  de voyages,  prestations\nsociales  et familiales  ; information,  orientation,  acc\u00e8s  \u00e0 la sant\u00e9;  soutien  \u00e0 la parentalit\u00e9;  orientation\nvers  des  dispositifs  d'int\u00e9gration  ; soutien  dans  les d\u00e9marches  en fonction  du degr\u00e9  d'autonomie\n(compte  bancaire...).\nUn accompagnement  vers  le logement  : diagnostic  de l'acc\u00e8s  au logement,  \u00e9laboration  du projet  de\nlogement,  aide  \u00e0 l'installation  dans  le logement,  aide  au maintien  dans  le logement.\nUn accompagnement  vers  la formation  professionnelle  et I'emploi  durable  : diagnostic  de la situation\nprofessionnelle,  inscription  \u00e0 P\u00f4le  Emploi  ; appui  et orientation  vers  des  formations  en tenant  compte\nde la barri\u00e8re  de la langue;  accompagnement  direct  par P\u00f4le  Emploi,  Missions  locales  et APEC  si niveau\nde langue  requis;  consolidation  d'un  projet  professionnel.\nDirection d\u00e9partementale de l'emploi, du travail et des solidarit\u00e9s du Var - 83-2024-02-27-00008 - AAP programme 104 action12 2024 25\nAnnexe 4\nQUESTIONNAIRE RELATIF AUX STRUCTURES FINANC\u00c9ES SUR LE PROGRAMME 104   \n1.  \u00a0  \u00a0  \u00a0     Identification      \nNom du porteur de projet Nom du projet\nStatut juridique du porteur Date de la visite\n\u00a0\n\u00a0\u00a0\nAnn\u00e9e de financement Financement BOP 104 Cofinancements Co\u00fbt total du projet\n2023  \u20ac \u00a0 \u00a0\nAdresse du porteur/lieu de la visite Orientation th\u00e9matique \u00e0 laquelle r\u00e9pond le projet (cochez)\n\u00a0\u00a8 Apprentissage de lalangue fran\u00e7aise\u00a8 Apprentissage de lacitoyennet\u00e9 et des valeursr\u00e9publicaines\u00a8 Accompagnement vers l'emploi\n\u00a8 Autre (\u00e0 pr\u00e9ciser)\n\u00a8 Accompagnement global\n\u00a0\nPersonne en charge de r\u00e9aliser la visite Interlocuteur du porteur de projet rencontr\u00e9 dans le cadre de la visite\nPr\u00e9nom, NomFonctionServicePr\u00e9nom, NomFonction Email\n\u00a0\n\u00a0\u00a0\u00a0\u00a0\u00a0 \u00a0\n\u00a0\nDescription succincte du projet  :\n22/27Direction d\u00e9partementale de l'emploi, du travail et des solidarit\u00e9s du Var - 83-2024-02-27-00008 - AAP programme 104 action12 2024 26\n2.  \u00a0  Mise en \u0153uvre du projet      \na) Les activit\u00e9s mises en \u0153uvre correspondent-elles aux activit\u00e9s conventionn\u00e9es?\nb) Y-a-t-il eu des modifications dans l'analyse des besoins (du territoire ou du public) qui ont requis une\nadaptation du projet?\nc) Comment est organis\u00e9e l'\u00e9quipe mobilis\u00e9e pour la mise en \u0153uvre du projet  (nombre d'ETP , fonctions,\ndispositif de pilotage interne)?\nd) Quel dispositif a \u00e9t\u00e9 mis en place pour assurer la conformit\u00e9 et le suivi du public cible ? Direction d\u00e9partementale de l'emploi, du travail et des solidarit\u00e9s du Var - 83-2024-02-27-00008 - AAP programme 104 action12 2024 27\ne) Pr\u00e9ciser les modalit\u00e9s de contr\u00f4le de l'absent\u00e9isme et les \u00e9ventuels outils utilis\u00e9s pour lever les freins\n\u00e9ventuels au manque d'adh\u00e9sion des publics de l'action \nf) Pr\u00e9ciser la m\u00e9thode d'\u00e9valuation de la progression linguistique (taux de r\u00e9ussite aux examens)\ng) La satisfaction du public accueilli est-elle suivie gr\u00e2ce \u00e0 des questionnaires, des \u00e9valuations informelles  ?\nf) Le contenu p\u00e9dagogique des ateliers (si applicable) est-il \u00e9labor\u00e9 par le porteur de projet lui-m\u00eame  ? si\noui, a-t-il \u00e9t\u00e9 partag\u00e9 avec d'autres partenaires  ?\n\u00a0\n3.  \u00a0  Conditions d'accueil et locaux      \na) Les locaux sont-ils facilement accessibles  ? (accessibilit\u00e9, visibilit\u00e9, situation dans la ville\u2026)\nb) Quels types de locaux sont d\u00e9di\u00e9s \u00e0 l'accueil du public  ? (salles de formation, salles d'attente, bureaux\npour entretiens \u2026) Sont-ils adapt\u00e9s \u00e0 l'activit\u00e9 envisag\u00e9e  ?\n24/27Direction d\u00e9partementale de l'emploi, du travail et des solidarit\u00e9s du Var - 83-2024-02-27-00008 - AAP programme 104 action12 2024 28\n4.  \u00a0  Partenariats mis en r\u00e9seau      \na) Quels sont les partenaires du porteur de projet  ? S'agit-il de partenaires au niveau d\u00e9partemental et/ou\nr\u00e9gional ? \n\u00a0\nNom du partenaire Statut juridique du porteur Localisation du porteur\n\u00a0\n\u00a0\u00a0\u00a0\n\u00a0\n\u00a0\u00a0\u00a0\n\u00a0\n\u00a0\u00a0\u00a0\n\u00a0\n\u00a0\u00a0\u00a0\n\u00a0\n\u00a0\u00a0\u00a0\n\u00a0\nb)  Le  porteur  de  projet  anime-t-il  des  activit\u00e9s  au  niveau  du  r\u00e9seau  ?  (formation  de  professionnels,\n\u00e9changes  avec  le  r\u00e9seau  dans  le  cadre  de  l'orientation  du  public  accueilli  vers  ses  partenaires,\norganisation d'\u00e9v\u00e8nements communs\u2026)\nc) Le porteur de projet participe-t-il \u00e0 des comit\u00e9s de pilotage au niveau de la r\u00e9gion ou du d\u00e9partement,\navec les services de l'Etat  et/ou les collectivit\u00e9s locales?Direction d\u00e9partementale de l'emploi, du travail et des solidarit\u00e9s du Var - 83-2024-02-27-00008 - AAP programme 104 action12 2024 29\nd) Quelles sont les modalit\u00e9s d'orientation du public  ?\ne) Le porteur a t'il pass\u00e9 une convention avec le programme d'int\u00e9gration AGIR et plateforme\nlinguistique ABCD FLE  ?\n\u00a05.     Impact du projet  \n\u00a0\na)   Quels sont les premiers r\u00e9sultats du projet  (\u00e9l\u00e9ments qualitatifs) ? Sont-ils conformes aux r\u00e9sultats\nattendus ?\nb) Le cas \u00e9ch\u00e9ant, comment a \u00e9volu\u00e9 le projet par rapport \u00e0 l'ann\u00e9e pr\u00e9c\u00e9dente  ?\nEn termes du nombre de \npersonnes accueillies ou \naccompagn\u00e9es\u00a0\nEn termes de mise en \u0153uvre \n(\u00e9quipe, locaux, fr\u00e9quence des \nateliers\u2026) \u00a0\nEn termes de contenu \np\u00e9dagogique (le cas \u00e9ch\u00e9ant)\u00a0\nAutres \u00a0\n\u00a0\n26/27Direction d\u00e9partementale de l'emploi, du travail et des solidarit\u00e9s du Var - 83-2024-02-27-00008 - AAP programme 104 action12 2024 30\nc) Des moyens de communication autour du projet ont-ils \u00e9t\u00e9 mis en place  ? Lesquels ? (flyers, affiches, \nsites internet, presse\u2026)\nd) Des difficult\u00e9s particuli\u00e8res de mise en \u0153uvre ont-elles \u00e9t\u00e9 relev\u00e9es par le porteur de projet  ?\ne)  Appr\u00e9ciation g\u00e9n\u00e9rale (champs libre)\nf)  L'action m\u00e9riterait-elle d'\u00eatre reconduite l'ann\u00e9e prochaine  ? \u00e0 l'identique ?Direction d\u00e9partementale de l'emploi, du travail et des solidarit\u00e9s du Var - 83-2024-02-27-00008 - AAP programme 104 action12 2024 31\nDirection d\u00e9partementale des territoires et de la\nmer du Var\n83-2024-03-05-00002\nARR\u00caT\u00c9 PR\u00c9FECTORAL n\u00b0 DDTM/SEBIO/2024-19\ndu 05 mars 2024 portant d\u00e9rogation \u00e0 la capture\nou l\u25a1enl\u00e8vement de sp\u00e9cimens d'esp\u00e8ces\nanimales prot\u00e9g\u00e9es d\u00e9finie \u00e0 l\u25a1article 4 du\nL.411-2 du Code de l\u25a1Environnement au b\u00e9n\u00e9fice\nde Jean-Baptiste FOURVEL charg\u00e9 de recherche\nau CNRS\npour proc\u00e9der ou faire proc\u00e9der\nsur les communes du d\u00e9partement du Var\n\u00e0 la capture, l\u25a1enl\u00e8vement et la d\u00e9tention \u00e0 but\nscientifique de sp\u00e9cimens - individus morts - de\nTortue d\u25a1Hermann - Testudo hermanni (Gmelin,\n1789) pour les ann\u00e9es 2024 \u00e0 2028 inclus.\nDirection d\u00e9partementale des territoires et de la mer du Var - 83-2024-03-05-00002 - ARR\u00caT\u00c9 PR\u00c9FECTORAL n\u00b0 DDTM/SEBIO/2024-19\ndu 05 mars 2024 portant d\u00e9rogation \u00e0 la capture ou l\u25a1enl\u00e8vement de sp\u00e9cimens d'esp\u00e8ces animales prot\u00e9g\u00e9es d\u00e9finie \u00e0 l\u25a1article 4 du\nL.411-2 du Code de l\u25a1Environnement au b\u00e9n\u00e9fice de Jean-Baptiste FOURVEL charg\u00e9 de recherche au CNRS\npour proc\u00e9der ou faire proc\u00e9der\nsur les communes du d\u00e9partement du Var\n\u00e0 la capture, l\u25a1enl\u00e8vement et la d\u00e9tention \u00e0 but scientifique de sp\u00e9cimens - individus morts - de\nTortue d\u25a1Hermann - Testudo hermanni (Gmelin, 1789) pour les ann\u00e9es 2024 \u00e0 2028 inclus.32\nEx\nPREFET\nDU  VAR\nL'z'berte'\nEgalit\u00e9\nFraternit\u00e9\nARR\u00caT\u00c9 PR\u00c9FECTORAL n\u00b0 DDTM/SEBIO/2024-19 du 05 mars 2024\nportant d\u00e9rogation \u00e0 la capture ou l'enl\u00e8vement\nde sp\u00e9cimens d'esp\u00e8ces animales prot\u00e9g\u00e9es\nd\u00e9finie \u00e0 l'article 4 du L.411-2 du Code de l'Environnement\nau b\u00e9n\u00e9fice de Jean-Baptiste FOURVEL\ncharg\u00e9 de recherche au CNRS\npour proc\u00e9der ou faire proc\u00e9der\nsur les communes du d\u00e9partement du Var\n\u00e0 la capture, l'enl\u00e8vement et la d\u00e9tention \u00e0 but scientifique\nde sp\u00e9cimens - individus morts - de\nTortue d'Hermann - Testudo hermanni (Gmelin, 1789) \npour les ann\u00e9es 2024 \u00e0 2028 inclus.\nLe pr\u00e9fet du Var,\nVU  la  directive  europ\u00e9enne  n\u00b092/43/CEE  du  Conseil  du  21  mai  1992  concernant  la\nconservation des habitats naturels ainsi que de la faune et de la flore sauvages ;\nVU la loi n\u00b02002-276 du 27 f\u00e9vrier 2002 relative \u00e0 la d\u00e9mocratie de proximit\u00e9, et notamment\nson article 109 ;\nVU la loi n\u00b02012-1460 du  27 d\u00e9cembre 2012 relative \u00e0 la mise en \u0153uvre du principe de\nparticipation du public d\u00e9fini \u00e0 l'article 7 de la charte de l'environnement  ;\nVU le d\u00e9cret n\u00b02004-374 du 29 avril 2004, relatif aux pouvoirs des pr\u00e9fets, \u00e0 l'organisation et \u00e0\nl'action  des  services  de  l'\u00c9tat  dans  les  r\u00e9gions  et  les  d\u00e9partements,  et  notamment  son\narticle 11 ;\nVU  le  d\u00e9cret  du  Pr\u00e9sident  de  la  R\u00e9publique  du  13  juillet  2023  portant  nomination  de\nmonsieur Philippe MAH\u00c9, en qualit\u00e9 de pr\u00e9fet du Var ;\nVU le code de l'environnement, notamment ses articles L.171-7 , L.171-8, L.411-1 \u00e0 L.411-3 et\nR.411-1 \u00e0 R.411-14, et R.412-11  ;\nVU le code des relations entre le public et l'administration, notamment son article L.131-1 et\nson article R.132-10  ;\nAP2024 \u2013 d\u00e9tention sp\u00e9cimens morts de Tortue d'Hermann \u2013 Charg\u00e9 de recherche CNRS - page 1/7\nDirection d\u00e9partementale\ndes territoires et de la mer du Var\nAdresse postale : Pr\u00e9fecture \u2013 DDTM/Service Eau et Biodiversit\u00e9 -  CS 31 209 - 83070 TOULON CEDEXAccueil du public sur RV : 244 avenue de l'infanterie de marine \u00e0 Toulon face aux pompiersT\u00e9l\u00e9phone 04 94 46 83 83Courriel : ddtm-sebio@var.gouv.frwww.var.gouv.frDirection d\u00e9partementale des territoires et de la mer du Var - 83-2024-03-05-00002 - ARR\u00caT\u00c9 PR\u00c9FECTORAL n\u00b0 DDTM/SEBIO/2024-19\ndu 05 mars 2024 portant d\u00e9rogation \u00e0 la capture ou l\u25a1enl\u00e8vement de sp\u00e9cimens d'esp\u00e8ces animales prot\u00e9g\u00e9es d\u00e9finie \u00e0 l\u25a1article 4 du\nL.411-2 du Code de l\u25a1Environnement au b\u00e9n\u00e9fice de Jean-Baptiste FOURVEL charg\u00e9 de recherche au CNRS\npour proc\u00e9der ou faire proc\u00e9der\nsur les communes du d\u00e9partement du Var\n\u00e0 la capture, l\u25a1enl\u00e8vement et la d\u00e9tention \u00e0 but scientifique de sp\u00e9cimens - individus morts - de\nTortue d\u25a1Hermann - Testudo hermanni (Gmelin, 1789) pour les ann\u00e9es 2024 \u00e0 2028 inclus.33\nVU l'arr\u00eat\u00e9 minist\u00e9riel du 19 novembre 2007 fixant les listes des amphibiens et des reptiles\nprot\u00e9g\u00e9s sur l'ensemble du territoire et les modalit\u00e9s de leur protection ;\nVU l'arr\u00eat\u00e9 minist\u00e9riel du 18 d\u00e9cembre 2014 fixant les conditions et limites dans lesquelles des\nd\u00e9rogations \u00e0 l'interdiction de capture de sp\u00e9cimens d'esp\u00e8ces animales prot\u00e9g\u00e9es peuvent\n\u00eatre accord\u00e9es par les pr\u00e9fets pour certaines op\u00e9rations pour lesquelles la capture est suivie\nd'un rel\u00e2cher imm\u00e9diat sur place ;\nVU l'arr\u00eat\u00e9 du 08 octobre 2018 fixant les r\u00e8gles g\u00e9n\u00e9rales de d\u00e9tention d'animaux d'esp\u00e8ces\nnon domestiques ;\nVU  l'arr\u00eat\u00e9  minist\u00e9riel  du  08  janvier  2021  fixant  la  liste  des  amphibiens  et  des  reptiles\nrepr\u00e9sent\u00e9s sur le territoire m\u00e9tropolitain prot\u00e9g\u00e9s sur l'ensemble du territoire national et les\nmodalit\u00e9s de leur protection ;\nVU l'arr\u00eat\u00e9 pr\u00e9fectoral n\u00b02023/63/MCI du 21 ao\u00fbt 2023 portant d\u00e9l\u00e9gation de signature de\nmonsieur  le  pr\u00e9fet  du  Var  \u00e0  monsieur  Laurent  BOULET,  directeur  d\u00e9partemental  des\nterritoires et de la mer du Var ;\nVU l'arr\u00eat\u00e9 pr\u00e9fectoral n\u00b0DDTM/MPCA/2023-03 du 26 septembre 2023 portant subd\u00e9l\u00e9gation\nde signature \u00e0 des agents de la DDTM, notamment monsieur Olivier BIELEN, chef du service\neau et biodiversit\u00e9 ;\nVU le plan national d'actions (PNA) 2018-2027 en faveur de la Tortue d'Hermann du Minist\u00e8re\nde la transition \u00e9cologique et solidaire (MTES) d'ao\u00fbt 2018, visant notamment \u00e0 p\u00e9renniser les\nactions en \u00e9laborant une gouvernance solide post-PNA et des outils op\u00e9rationnels adapt\u00e9s\naux probl\u00e9matiques de l'esp\u00e8ce et du territoire ;\nVU la note de la DREAL PACA du 04 janvier 2010 relative aux modalit\u00e9s de prise en compte\nde la Tortue d'Hermann et de ses habitats dans les projets d'am\u00e9nagement  ;\nVU le R\u00e8glement Sanitaire D\u00e9partemental du Var  ;\nVU la demande de d\u00e9rogation d\u00e9pos\u00e9e par monsieur Jean-Baptiste FOURVEL , en sa qualit\u00e9 de\ncharg\u00e9 de recherche au c entre national de la recherche scientifique (CNRS) , compos\u00e9e du\nformulaire CERFA n\u00b013  616*01 du 06 septembre 2023 et de sa pi\u00e8ce annexe, en vue d'\u00e9tude\nscientifique de sp\u00e9cimens morts de Tortue d'Hermann  ;\nVU le protocole exp\u00e9rimental \u00e9tabli le 01 mars 2023 avec la station d'observation et de\nprotection  des  tortues  et  de  leurs  milieux  (SOPTOM)  et  le  centre  de  recherche  et  de\nconservation des ch\u00e9loniens (CRCC) de Carnoules (Var) en vue de collecter les sp\u00e9cimens \u2013\nindividus morts ;\nVU  la  mise  \u00e0  disposition  du  public  men\u00e9e  du  08  janvier  au  28  janvier  2024  inclus  en\napplication de l'article L.123-19-1 et l'absence d'observation formul\u00e9e durant cette p\u00e9riode  ;\nCONSID\u00c9RANT la note exposant les r\u00e9sultats de la mise \u00e0 disposition du public  ;\nCONSID\u00c9RANT que ce projet de recherche (approches arch\u00e9ologiques, pal\u00e9ontologiques et\ntaphonomiques  visant  \u00e0  comprendre  les  modalit\u00e9s  de  subsistance  des  communaut\u00e9s\nhumaines  pass\u00e9es  \u00e0  partir  de  restes  de  ch\u00e9loniens  retrouv\u00e9s  sur  des  sites  de  fouilles  :\ncarapaces  fractur\u00e9es  et  br\u00fbl\u00e9es),  bas\u00e9  sur  des  reconstitutions  \u00e0  partir  de  sp\u00e9cimens  -\nindividus morts - est sans incidence sur la population vivante existante ;\nCONSID\u00c9RANT que la SOPTOM est la structure \"r\u00e9f\u00e9rente\" et fournisseur de sp\u00e9cimens -\nindividus morts, au vu du protocole \u00e9tabli ;\nAP2024 \u2013 d\u00e9tention sp\u00e9cimens morts de Tortue d'Hermann \u2013 Charg\u00e9 de recherche CNRS - page 2/7Direction d\u00e9partementale des territoires et de la mer du Var - 83-2024-03-05-00002 - ARR\u00caT\u00c9 PR\u00c9FECTORAL n\u00b0 DDTM/SEBIO/2024-19\ndu 05 mars 2024 portant d\u00e9rogation \u00e0 la capture ou l\u25a1enl\u00e8vement de sp\u00e9cimens d'esp\u00e8ces animales prot\u00e9g\u00e9es d\u00e9finie \u00e0 l\u25a1article 4 du\nL.411-2 du Code de l\u25a1Environnement au b\u00e9n\u00e9fice de Jean-Baptiste FOURVEL charg\u00e9 de recherche au CNRS\npour proc\u00e9der ou faire proc\u00e9der\nsur les communes du d\u00e9partement du Var\n\u00e0 la capture, l\u25a1enl\u00e8vement et la d\u00e9tention \u00e0 but scientifique de sp\u00e9cimens - individus morts - de\nTortue d\u25a1Hermann - Testudo hermanni (Gmelin, 1789) pour les ann\u00e9es 2024 \u00e0 2028 inclus.34\nCONSID\u00c9RANT que l'exp\u00e9rimentation doit se faire avec un nombre de sp\u00e9cimens morts\nsuffisants  pour  garantir  une  bonne  connaissance  des  pratiques  ;  connaissance  qui  sera\npartag\u00e9e, notamment avec la communaut\u00e9 scientifique ;\nCONSID\u00c9RANT que la d\u00e9rogation ne nuit pas au maintien, dans un \u00e9tat de conservation\nfavorable, de la population d'esp\u00e8ce, objet de la demande, dans son aire de r\u00e9partition\nnaturelle ;\nSur proposition du directeur d\u00e9partemental des territoires et de la mer du Var ,\nARR\u00caTE\nArticle 1  er   : Identit\u00e9 du b\u00e9n\u00e9ficiaire/des mandataires et champ d'application de l'arr\u00eat\u00e9\nLe b\u00e9n\u00e9ficiaire de l'autorisation est monsieur Jean-Baptiste FOURVEL, en sa qualit\u00e9 de charg\u00e9\nde recherche au centre national de la recherche scientifique (CNRS).\nL'adresse postale de r\u00e9f\u00e9rence est : 4 rue Auguste Comte - 31400 TOULOUSE\nLe si\u00e8ge social de l'organisme de rattachement  : CRCN  CNRS, UMR7269 LAMPEA, AMU,\nMaison M\u00e9diterran\u00e9enne des Sciences de l'Homme, 5 Rue du Ch\u00e2teau de l'Horloge, CS90412,\n13097 Aix-en-Provence Cedex 2 , r\u00e9gion Provence-Alpes C\u00f4te d'Azur, France.\nAu vu du protocole \u00e9tabli, la SOPTOM pourra fournir le b\u00e9n\u00e9ficiaire en sp\u00e9cimens morts et le\nconseiller dans son projet de recherche.\nLe  b\u00e9n\u00e9ficiaire  pourra  s'appuyer  sur  des  b\u00e9n\u00e9voles  et  des  stagiaires  pour  des  aides\ntechniques et logistiques ponctuelles, qui seront sous sa responsabilit\u00e9 et sa surveillance, en\nrappelant les consignes de s\u00e9curit\u00e9 et d'intervention. Le b\u00e9n\u00e9ficiaire engage au pr\u00e9alable un\ntemps  de  sensibilisation  aux  probl\u00e9matiques  des  esp\u00e8ces  de  ch\u00e9loniens  et  \u00e0  leur\nconnaissance.\nLe b\u00e9n\u00e9ficiaire est en charge de l'application de la pr\u00e9sente d\u00e9rogation. Il est responsable de\nla bonne mise en \u0153uvre de l'ensemble de l'arr\u00eat\u00e9 de d\u00e9rogation, y compris en cas de recours\n\u00e0 tierce personne.\nArticle 2 : Nature de l'autorisation\nLe b\u00e9n\u00e9ficiaire est autoris\u00e9, sous r\u00e9serve des dispositions d\u00e9finies dans le pr\u00e9sent arr\u00eat\u00e9, \u00e0\nproc\u00e9der  ou  faire  proc\u00e9der,  \u00e0  la  r\u00e9cup\u00e9ration,  au  transport,  \u00e0  la  manipulation  et  la\ndestruction dans un objectif de recherche et d'exp\u00e9rimentation sur des sp\u00e9cimens - individus\nmorts - de l'esp\u00e8ce prot\u00e9g\u00e9e suivante  :\n- Tortue d'Hermann - Testudo hermanni hermanni  (Gmelin, 1789)\nLa pr\u00e9sente autorisation vaut autorisation de transport du d\u00e9partement du Var vers le site\nd'exp\u00e9rimentation.\nCette autorisation est \u00e9galement d\u00e9livr\u00e9e pour les cas suivants :\n- transfert des sp\u00e9cimens vers le CNRS ou bien vers un laboratoire \u00e0 des fins scientifiques.\n- transfert des sp\u00e9cimens vers un mus\u00e9um, une exposition temporaire, \u00e0 des fins \np\u00e9dagogiques.\n- transfert de pr\u00e9l\u00e8vements biologiques pour analyses dans un centre agr\u00e9\u00e9.\nAP2024 \u2013 d\u00e9tention sp\u00e9cimens morts de Tortue d'Hermann \u2013 Charg\u00e9 de recherche CNRS - page 3/7Direction d\u00e9partementale des territoires et de la mer du Var - 83-2024-03-05-00002 - ARR\u00caT\u00c9 PR\u00c9FECTORAL n\u00b0 DDTM/SEBIO/2024-19\ndu 05 mars 2024 portant d\u00e9rogation \u00e0 la capture ou l\u25a1enl\u00e8vement de sp\u00e9cimens d'esp\u00e8ces animales prot\u00e9g\u00e9es d\u00e9finie \u00e0 l\u25a1article 4 du\nL.411-2 du Code de l\u25a1Environnement au b\u00e9n\u00e9fice de Jean-Baptiste FOURVEL charg\u00e9 de recherche au CNRS\npour proc\u00e9der ou faire proc\u00e9der\nsur les communes du d\u00e9partement du Var\n\u00e0 la capture, l\u25a1enl\u00e8vement et la d\u00e9tention \u00e0 but scientifique de sp\u00e9cimens - individus morts - de\nTortue d\u25a1Hermann - Testudo hermanni (Gmelin, 1789) pour les ann\u00e9es 2024 \u00e0 2028 inclus.35\nLe nombre des sp\u00e9cimens - individus morts - utiles \u00e0 l'exp\u00e9rimentation n'est pas limit\u00e9.\n- un inventaire devra \u00eatre tenu \u00e0 jour par la SOPTOM,\n- le rapport d\u00e9taill\u00e9 produit par le b\u00e9n\u00e9ficiaire devra en faire mention.\nCes deux documents devront mentionner : nombre, sexe, \u00e2ge des sp\u00e9cimens et pr\u00e9ciser s'ils\nsont complets ou partiels, calcin\u00e9s ou non, ainsi que tous les autres \u00e9l\u00e9ments assurant un\ndescriptif complet de l'\u00e9tat de r\u00e9ception, de traitement et de conservation.\nArticle 3 : Modalit\u00e9s de mise en \u0153uvre de l'autorisation\nLes lieux de collecte\n- centre de recherche et de conservation des ch\u00e9loniens (CRCC) de Carnoules (Var)\n- La SOPTOM d\u00e9finira le lieu de collecte de l'individu mort sur le terrain, s'il y a lieu.  \nLa manipulation \nLe mat\u00e9riel utilis\u00e9 sera r\u00e9guli\u00e8rement d\u00e9sinfect\u00e9 pour \u00e9viter le transfert de maladies. Ceux qui\nmanipulent devront se laver les mains avec des produits de type \"gels anti-bact\u00e9riens\".\nLe conditionnement en vue du transport\nLes individus morts sont conditionn\u00e9s de fa\u00e7on \u00e0 ne pas diffuser d'odeurs et de suintement,\net \u00e0 garder au maximum l'int\u00e9grit\u00e9 du sp\u00e9cimen.\nLes \u00e9chantillons sont pr\u00e9serv\u00e9s dans des conditionnements \u00e9tanches.\nLes pr\u00e9cautions d'usage\nEn cas de destruction du sp\u00e9cimen par inadvertance lors du transport, le motif devra \u00eatre\njustifi\u00e9  dans  le  bilan  annuel  et  le  rapport  final.  Les  frais  \u00e9ventuels  sont  \u00e0  la  charge  du\nb\u00e9n\u00e9ficiaire.\nLa pr\u00e9sente autorisation ne dispense pas d'autres accords ou autorisations qui pourraient\n\u00eatre par ailleurs n\u00e9cessaires pour la r\u00e9alisation de l'op\u00e9ration.\nLes droits des tiers sont et demeurent express\u00e9ment r\u00e9serv\u00e9s. En particulier, cet arr\u00eat\u00e9 ne\nvaut  pas  autorisation  de  p\u00e9n\u00e9tration  dans  des  propri\u00e9t\u00e9s  closes  relevant  de  la  loi  du\n29 d\u00e9cembre 1892 susvis\u00e9e, ou de la loi n\u00b0 43-374 du 08 juillet 1943.\nLe pr\u00e9sent arr\u00eat\u00e9 ne se substitue pas et ne fait pas obstacle aux autres r\u00e9glementations\n\u00e9ventuellement applicables.\nArticle 4 : Dur\u00e9e et p\u00e9riode d'intervention\nLe b\u00e9n\u00e9ficiaire dispose d'une dur\u00e9e de 5 ans pour lancer et finaliser son exp\u00e9rimentation, de\n2024 \u00e0 2028 inclus.\nLes  p\u00e9riodes  de  r\u00e9cup\u00e9ration  des  sp\u00e9cimens  sont  laiss\u00e9es  \u00e0 l'appr\u00e9ciation  du  charg\u00e9 de\nrecherche. Mais, elles devront \u00eatre consign\u00e9es par la SOPTOM et figurer dans le rapport final.\nArticle 5 : Mesures de r\u00e9ductions et d'accompagnement\nEn  compl\u00e9ment  des  op\u00e9rations  identifi\u00e9es  et  des  pr\u00e9cautions  qui  seront  prises,  il  est\nindispensable de participer \u00e0 la conservation des habitats.\nAP2024 \u2013 d\u00e9tention sp\u00e9cimens morts de Tortue d'Hermann \u2013 Charg\u00e9 de recherche CNRS - page 4/7Direction d\u00e9partementale des territoires et de la mer du Var - 83-2024-03-05-00002 - ARR\u00caT\u00c9 PR\u00c9FECTORAL n\u00b0 DDTM/SEBIO/2024-19\ndu 05 mars 2024 portant d\u00e9rogation \u00e0 la capture ou l\u25a1enl\u00e8vement de sp\u00e9cimens d'esp\u00e8ces animales prot\u00e9g\u00e9es d\u00e9finie \u00e0 l\u25a1article 4 du\nL.411-2 du Code de l\u25a1Environnement au b\u00e9n\u00e9fice de Jean-Baptiste FOURVEL charg\u00e9 de recherche au CNRS\npour proc\u00e9der ou faire proc\u00e9der\nsur les communes du d\u00e9partement du Var\n\u00e0 la capture, l\u25a1enl\u00e8vement et la d\u00e9tention \u00e0 but scientifique de sp\u00e9cimens - individus morts - de\nTortue d\u25a1Hermann - Testudo hermanni (Gmelin, 1789) pour les ann\u00e9es 2024 \u00e0 2028 inclus.36\nCertaines pr\u00e9conisations ou gestes simples peuvent permettre le maintien de conditions\nfavorables \u00e0 l'esp\u00e8ce :\n\u2022collecter des d\u00e9chets et des plastiques et les mettre dans des points de collecte,\n\u2022limiter les intrants dans le point d'eau, en signalant les \u00e9ventuelles pollutions constat\u00e9es,\n\u2022veiller \u00e0 ne pas d\u00e9truire la v\u00e9g\u00e9tation au moment de d\u00e9placement sur site,\n\u2022ne pas effectuer des incursions proches des sites de pontes identifi\u00e9s.\nArticle 6 : Documents de suivis et de bilans \nLe b\u00e9n\u00e9ficiaire rendra compte \u00e0 la direction d\u00e9partementale des territoires et de la mer\n(DDTM) du Var, des conditions d'ex\u00e9cution de la pr\u00e9sente d\u00e9rogation, sous la forme de :\n1) Un bilan annuel d\u00e9taill\u00e9 et complet des op\u00e9rations est \u00e9tabli par les mandataires et sign\u00e9\npar  le  b\u00e9n\u00e9ficiaire.  Il  est  fourni  uniquement  durant  l'ann\u00e9e  n  en  fin  d'ann\u00e9e.  Il  porte\nnotamment sur le nombre de sp\u00e9cimens utilis\u00e9s. \nLa communication du bilan annuel, interviendra avant le 31 d\u00e9cembre de l'ann\u00e9e courante\nou, \u00e0 d\u00e9faut, avant le  31 mars de l'ann\u00e9e suivante, d\u00e9lai de rigueur,\n2) Un rapport final de synth\u00e8se  d\u00e9taill\u00e9 est fourni \u00e0 l'issue des cinq ann\u00e9es afin de conna\u00eetre\nles  r\u00e9sultats  de l'op\u00e9ration,  de  s'assurer  de  son  succ\u00e8s  en termes  d'exp\u00e9rimentation,  de\nconna\u00eetre les conclusions, d'envisager les suites \u00e0 donner \u00e0 cette op\u00e9ration.\nCe rapport pourra utilement r\u00e9pondre au plan suivant (pr\u00e9sentation non exhaustive):\nI.  Le  rappel  de  la  justification  de  la  demande  et  de  la  localisation  des  zones/secteurs\nd'intervention,  \u00e0  l'aide  d'une  cartographie  (localisation  cartographique  des  sites\nd'intervention \u2013 emplacements g\u00e9o-r\u00e9f\u00e9renc\u00e9s).\nIl. La description des mesures prises. \nIII. Le d\u00e9roulement des op\u00e9rations :\n1. Les dates des interventions ;\n2. La m\u00e9thodologie utilis\u00e9e au cours des op\u00e9rations ;\n4. Les r\u00e9sultats constat\u00e9s : le comptage de l'esp\u00e8ce, le stade du sp\u00e9cimen, autres\nesp\u00e8ces rencontr\u00e9es, ... .\nIV. L'\u00e9valuation de la mise en \u0153uvre de la d\u00e9rogation sur l'esp\u00e8ce :\n1. Nombre de jours  ;\n2. Constats ;\n3. R\u00e9sultats ;\n4. Conclusion.\nLes donn\u00e9es produites seront des donn\u00e9es de propri\u00e9t\u00e9 patrimoniale publique. \nLes donn\u00e9es d'exp\u00e9rimentation seront vers\u00e9es au syst\u00e8me d'information sur la nature et les\npaysages (base r\u00e9gionale SILENE) par le b\u00e9n\u00e9ficiaire.\nL'ensemble des donn\u00e9es acquises-produites-obtenues dans le cadre du pr\u00e9sent arr\u00eat\u00e9 de\nd\u00e9rogation seront transmises \u00e0 la DDTM sous forme de bases de donn\u00e9es num\u00e9riques en\nversion modifiable sous LibreOffice (.odt, calc, \u2026) et au format pdf.\nCette communication du rapport de synth\u00e8se de l'op\u00e9ration interviendra id\u00e9alement, au plus\ntard en janvier 2029.\nAP2024 \u2013 d\u00e9tention sp\u00e9cimens morts de Tortue d'Hermann \u2013 Charg\u00e9 de recherche CNRS - page 5/7Direction d\u00e9partementale des territoires et de la mer du Var - 83-2024-03-05-00002 - ARR\u00caT\u00c9 PR\u00c9FECTORAL n\u00b0 DDTM/SEBIO/2024-19\ndu 05 mars 2024 portant d\u00e9rogation \u00e0 la capture ou l\u25a1enl\u00e8vement de sp\u00e9cimens d'esp\u00e8ces animales prot\u00e9g\u00e9es d\u00e9finie \u00e0 l\u25a1article 4 du\nL.411-2 du Code de l\u25a1Environnement au b\u00e9n\u00e9fice de Jean-Baptiste FOURVEL charg\u00e9 de recherche au CNRS\npour proc\u00e9der ou faire proc\u00e9der\nsur les communes du d\u00e9partement du Var\n\u00e0 la capture, l\u25a1enl\u00e8vement et la d\u00e9tention \u00e0 but scientifique de sp\u00e9cimens - individus morts - de\nTortue d\u25a1Hermann - Testudo hermanni (Gmelin, 1789) pour les ann\u00e9es 2024 \u00e0 2028 inclus.37\nArticle 7 : Dur\u00e9e de validit\u00e9 de l'autorisation\nLa pr\u00e9sente d\u00e9cision est valable \u00e0 compter de la date de publication de l'arr\u00eat\u00e9 au recueil des\nactes administratifs (RAA) de la pr\u00e9fecture du Var, et jusqu'au 31  d\u00e9cembre 2028. \nArticle 8 : Mesures de contr\u00f4les et sanctions encourues\nConform\u00e9ment  aux  articles  L.171-1  et  suivants  du  code  de  l'environnement,  relatifs  aux\ncontr\u00f4les  administratifs  et  mesures  de  police,  les  fonctionnaires  et  agents  charg\u00e9s  des\ncontr\u00f4les sont habilit\u00e9s \u00e0 v\u00e9rifier la bonne mise en \u0153uvre de la pr\u00e9sente autorisation. Les\ncontr\u00f4les pourraient porter sur :\n- le respect de l'ensemble des conditions d'octroi de la d\u00e9rogation  ;\n- les documents de suivis et les bilans.\nLa mise en \u0153uvre des dispositions d\u00e9finies au pr\u00e9sent arr\u00eat\u00e9 peut faire l'objet de contr\u00f4le par\nles agents charg\u00e9s de constater les infractions mentionn\u00e9es \u00e0 l'article L.415-3 du code de\nl'environnement.\nLa DDTM du Var devra \u00eatre avertie par le b\u00e9n\u00e9ficiaire du d\u00e9marrage de l'op\u00e9ration, avec au\nmoins 48 heures (jours ouvr\u00e9s) de pr\u00e9avis.\nDurant l'ensemble de l'op\u00e9ration, les intervenants doivent \u00eatre en mesure de pr\u00e9senter une\ncopie du pr\u00e9sent arr\u00eat\u00e9 \u00e0 toute autorit\u00e9 dot\u00e9e d'un pouvoir de police en la mati\u00e8re.\nLe non-respect du pr\u00e9sent arr\u00eat\u00e9 est puni des sanctions d\u00e9finies \u00e0 l'article L.415-3 du code de\nl'environnement. En cas de non-respect de l'ensemble des prescriptions du pr\u00e9sent arr\u00eat\u00e9 le\nb\u00e9n\u00e9ficiaire s'expose aux sanctions administratives pr\u00e9vues \u00e0 l'article L.171-8 du  code de\nl'environnement, dont la suspension des travaux jusqu'\u00e0 ex\u00e9cution compl\u00e8te des conditions\nimpos\u00e9es.\nModifications, suspension, retrait : l'arr\u00eat\u00e9 de d\u00e9rogation pourra \u00eatre modifi\u00e9, suspendu ou\nretir\u00e9 si l'une des obligations faites au b\u00e9n\u00e9ficiaire n'\u00e9tait pas respect\u00e9e. La modification, la\nsuspension ou le retrait ne feront pas obstacle \u00e0 d'\u00e9ventuelles poursuites, notamment au titre\nde l'article L.415-1 \u00e0 6 du code de l'environnement.\nArticle 9 : Voies et d\u00e9lais de recours\nConform\u00e9ment  aux  dispositions  de  l'article  R.421-1  du  code  de  justice  administrative,  le\npr\u00e9sent arr\u00eat\u00e9 peut faire l'objet d'un recours gracieux ou hi\u00e9rarchique dans un d\u00e9lai de 2 mois\n\u00e0 compter de sa notification. Il peut aussi faire l'objet d'un recours contentieux devant le\ntribunal administratif de Toulon dans ce m\u00eame d\u00e9lai.\nLes tiers \u00e0 la d\u00e9cision peuvent, dans les m\u00eames conditions que le demandeur, exercer leur\ndroit de recours dans un d\u00e9lai de deux mois \u00e0 compter de la publication du pr\u00e9sent arr\u00eat\u00e9.\nLe d\u00e9faut de r\u00e9ponse de l'administration au recours gracieux ou hi\u00e9rarchique dans un d\u00e9lai de\n2 mois apr\u00e8s sa r\u00e9ception fait na\u00eetre une d\u00e9cision implicite de rejet qui peut elle-m\u00eame faire\nl'objet d'un recours contentieux devant le tribunal administratif dans un d\u00e9lai de 2 mois.\nLe  tribunal  administratif  peut-\u00eatre  saisi  par  l'application  informatique  \u00ab  T\u00e9l\u00e9recours\ncitoyens \u00bb, accessible sur le site internet  : \u00ab www.telerecours.fr  \u00bb.\nAP2024 \u2013 d\u00e9tention sp\u00e9cimens morts de Tortue d'Hermann \u2013 Charg\u00e9 de recherche CNRS - page 6/7Direction d\u00e9partementale des territoires et de la mer du Var - 83-2024-03-05-00002 - ARR\u00caT\u00c9 PR\u00c9FECTORAL n\u00b0 DDTM/SEBIO/2024-19\ndu 05 mars 2024 portant d\u00e9rogation \u00e0 la capture ou l\u25a1enl\u00e8vement de sp\u00e9cimens d'esp\u00e8ces animales prot\u00e9g\u00e9es d\u00e9finie \u00e0 l\u25a1article 4 du\nL.411-2 du Code de l\u25a1Environnement au b\u00e9n\u00e9fice de Jean-Baptiste FOURVEL charg\u00e9 de recherche au CNRS\npour proc\u00e9der ou faire proc\u00e9der\nsur les communes du d\u00e9partement du Var\n\u00e0 la capture, l\u25a1enl\u00e8vement et la d\u00e9tention \u00e0 but scientifique de sp\u00e9cimens - individus morts - de\nTortue d\u25a1Hermann - Testudo hermanni (Gmelin, 1789) pour les ann\u00e9es 2024 \u00e0 2028 inclus.38\nArticle 10 : Ex\u00e9cution et transmission\nLe secr\u00e9taire g\u00e9n\u00e9ral de la pr\u00e9fecture du Var, le directeur r\u00e9gional de l'environnement, de\nl'am\u00e9nagement  et  du  logement  de  la  r\u00e9gion  Provence-Alpes-C\u00f4te  d'Azur,  la  directrice\nd\u00e9partementale de la protection des populations du Var, le chef du service d\u00e9partemental\nde l'office fran\u00e7ais de la biodiversit\u00e9, le directeur d\u00e9partemental des territoires et de la mer\ndu Var, sont charg\u00e9s, chacun en ce qui le concerne, de l'ex\u00e9cution du pr\u00e9sent arr\u00eat\u00e9, qui sera\npubli\u00e9 au recueil des actes administratifs de la pr\u00e9fecture du Var. \nLe pr\u00e9sent arr\u00eat\u00e9 sera, en outre, transmis en copie :\n\u2022au directeur de la s tation d'observation et de protection des tortues et de leurs milieux\n(SOPTOM) ;\n\u2022centre de recherche et de conservation des ch\u00e9loniens (CRCC)\n\u2022centre de soins faunes sauvage (CSFS)\n\u2022au directeur du c entre national de la recherche scientifique (CNRS) .\nFait \u00e0 Toulon, le 05 mars 2024\nPour le Pr\u00e9fet et par sub-d\u00e9l\u00e9gation,\nLe chef du service eau et biodiversit\u00e9,\nSign\u00e9\nOlivier BIELEN\nAP2024 \u2013 d\u00e9tention sp\u00e9cimens morts de Tortue d'Hermann \u2013 Charg\u00e9 de recherche CNRS - page 7/7Direction d\u00e9partementale des territoires et de la mer du Var - 83-2024-03-05-00002 - ARR\u00caT\u00c9 PR\u00c9FECTORAL n\u00b0 DDTM/SEBIO/2024-19\ndu 05 mars 2024 portant d\u00e9rogation \u00e0 la capture ou l\u25a1enl\u00e8vement de sp\u00e9cimens d'esp\u00e8ces animales prot\u00e9g\u00e9es d\u00e9finie \u00e0 l\u25a1article 4 du\nL.411-2 du Code de l\u25a1Environnement au b\u00e9n\u00e9fice de Jean-Baptiste FOURVEL charg\u00e9 de recherche au CNRS\npour proc\u00e9der ou faire proc\u00e9der\nsur les communes du d\u00e9partement du Var\n\u00e0 la capture, l\u25a1enl\u00e8vement et la d\u00e9tention \u00e0 but scientifique de sp\u00e9cimens - individus morts - de\nTortue d\u25a1Hermann - Testudo hermanni (Gmelin, 1789) pour les ann\u00e9es 2024 \u00e0 2028 inclus.39\nDirection d\u00e9partementale des territoires et de la\nmer du Var\n83-2024-03-05-00004\nARR\u00caT\u00c9 PR\u00c9FECTORAL n\u00b0 DDTM/SEBIO/2024-20\ndu 05 mars 2024 portant d\u00e9rogation \u00e0\nl\u25a1interdiction de perturbation intentionnelle\nd\u25a1esp\u00e8ces animales prot\u00e9g\u00e9es\nd\u00e9finie \u00e0 l\u25a1article L.411-2 du Code de\nl\u25a1Environnement au b\u00e9n\u00e9fice de monsieur Lucas\nSTOFA, m\u00e9diateur naturaliste, ornithologue,\nr\u00e9alisateur pour proc\u00e9der ou faire proc\u00e9der,\nsur le territoire de la commune de La Garde,\nsur le site de l'espace nature d\u00e9partemental du\nPlan, \u00e0 un suivi scientifique film\u00e9 de nidification\ndu Blongios nain - Ixobrychus minutus (Linn\u00e9,\n1766) et de la Rousserolle turdo\u00efde -\nAcrocephalus arundinaceus (Linn\u00e9, 1758) pour\nl'ann\u00e9e 2024\nDirection d\u00e9partementale des territoires et de la mer du Var - 83-2024-03-05-00004 - ARR\u00caT\u00c9 PR\u00c9FECTORAL n\u00b0 DDTM/SEBIO/2024-20\ndu 05 mars 2024 portant d\u00e9rogation \u00e0 l\u25a1interdiction de perturbation intentionnelle\nd\u25a1esp\u00e8ces animales prot\u00e9g\u00e9es\nd\u00e9finie \u00e0 l\u25a1article L.411-2 du Code de l\u25a1Environnement au b\u00e9n\u00e9fice de monsieur Lucas STOFA, m\u00e9diateur naturaliste, ornithologue,\nr\u00e9alisateur pour proc\u00e9der ou faire proc\u00e9der,\nsur le territoire de la commune de La Garde,\nsur le site de l'espace nature d\u00e9partemental du Plan, \u00e0 un suivi scientifique film\u00e9 de nidification\ndu Blongios nain - Ixobrychus minutus (Linn\u00e9, 1766) et de la Rousserolle turdo\u00efde - Acrocephalus arundinaceus (Linn\u00e9, 1758) pour\nl'ann\u00e9e 202440\nEx\nPREFET\nDU  VAR\nL'z'berte'\nEgalit\u00e9\nFraternit\u00e9\nARR\u00caT\u00c9 PR\u00c9FECTORAL n\u00b0 DDTM/SEBIO/2024-20 du 05 mars 2024\nportant d\u00e9rogation \u00e0 l'interdiction de perturbation intentionnelle\nd'esp\u00e8ces animales prot\u00e9g\u00e9es\nd\u00e9finie \u00e0 l'article L.411-2 du Code de l'Environnement\nau b\u00e9n\u00e9fice de monsieur Lucas STOFA,\nm\u00e9diateur naturaliste, ornithologue, r\u00e9alisateur\npour proc\u00e9der ou faire proc\u00e9der,\nsur le territoire de la commune de La Garde,\nsur le site de l'espace nature d\u00e9partemental du Plan,\n\u00e0 un suivi scientifique film\u00e9 de nidification\ndu Blongios nain - Ixobrychus minutus (Linn\u00e9, 1766)\net de la Rousserolle turdo\u00efde - Acrocephalus arundinaceus (Linn\u00e9, 1758)\npour l'ann\u00e9e 2024\nLe pr\u00e9fet du Var,\nVU  la  directive  europ\u00e9enne  n\u00b092/43/CEE  du  Conseil  du  21  mai  1992  concernant  la\nconservation des habitats naturels ainsi que de la faune et de la flore sauvages ;\nVU la loi n\u00b02002-276 du 27 f\u00e9vrier 2002 relative \u00e0 la d\u00e9mocratie de proximit\u00e9, et notamment\nson article 109 ;\nVU la directive europ\u00e9enne n\u00b02009/147/CE du 30 novembre 2009 concernant la conservation\ndes oiseaux sauvages, notamment son article 9  ;\nVU la loi n\u00b02012-1460 du 27 d\u00e9cembre 2012 relative \u00e0 la mise en \u0153uvre du principe de\nparticipation du public d\u00e9fini \u00e0 l'article 7 de la charte de l'environnement  ;\nVU le d\u00e9cret n\u00b02004-374 du 29 avril 2004, relatif aux pouvoirs des pr\u00e9fets, \u00e0 l'organisation et \u00e0\nl'action  des  services  de  l'\u00c9tat  dans  les  r\u00e9gions  et  les  d\u00e9partements,  et  notamment  son\narticle 11 ;\nVU  le  d\u00e9cret  du  Pr\u00e9sident  de  la  R\u00e9publique  du  13  juillet  2023  portant  nomination  de\nM. Philippe MAH\u00c9, en qualit\u00e9 de pr\u00e9fet du Var ;\nVU le code de l'environnement, notamment ses articles L.411-1 \u00e0 L.411-3 et R.411-1 \u00e0 R.411-14, et\nR.412-11 ;\nAP2024 d\u00e9rogation perturbation intentionnelle - oiseaux \u2013 STOFA - page 1/8\nDirection d\u00e9partementale\ndes territoires et de la mer du Var\nAdresse postale : Pr\u00e9fecture \u2013 DDTM/Service Eau et Biodiversit\u00e9 -  CS 31 209 - 83070 TOULON CEDEXAccueil du public : 244 avenue de l'infanterie de marine \u00e0 Toulon face aux pompiersT\u00e9l\u00e9phone 04 94 46 83 83Courriel : ddtm-dep@var.gouv.frwww.var.gouv.frDirection d\u00e9partementale des territoires et de la mer du Var - 83-2024-03-05-00004 - ARR\u00caT\u00c9 PR\u00c9FECTORAL n\u00b0 DDTM/SEBIO/2024-20\ndu 05 mars 2024 portant d\u00e9rogation \u00e0 l\u25a1interdiction de perturbation intentionnelle\nd\u25a1esp\u00e8ces animales prot\u00e9g\u00e9es\nd\u00e9finie \u00e0 l\u25a1article L.411-2 du Code de l\u25a1Environnement au b\u00e9n\u00e9fice de monsieur Lucas STOFA, m\u00e9diateur naturaliste, ornithologue,\nr\u00e9alisateur pour proc\u00e9der ou faire proc\u00e9der,\nsur le territoire de la commune de La Garde,\nsur le site de l'espace nature d\u00e9partemental du Plan, \u00e0 un suivi scientifique film\u00e9 de nidification\ndu Blongios nain - Ixobrychus minutus (Linn\u00e9, 1766) et de la Rousserolle turdo\u00efde - Acrocephalus arundinaceus (Linn\u00e9, 1758) pour\nl'ann\u00e9e 202441\nVU le code des relations entre le public et l'administration, notamment ses articles L.131-1 \u00e0\nL.135-2, ses articles R.132-8 \u00e0 R.132-10  ;\nVU l'arr\u00eat\u00e9 minist\u00e9riel du 23 avril 2007 modifi\u00e9, fixant la liste des mammif\u00e8res terrestres\nprot\u00e9g\u00e9s sur l'ensemble du territoire national  ;\nVU l'arr\u00eat\u00e9 minist\u00e9riel du 29 octobre 2009 fixant la liste des oiseaux prot\u00e9g\u00e9s sur l'ensemble\ndu territoire et les modalit\u00e9s de leur protection ;\nVU l'arr\u00eat\u00e9 minist\u00e9riel du 26 novembre 2013 fixant les conditions et les limites dans lesquelles\ndes  d\u00e9rogations  \u00e0  l'interdiction  de  perturbation  intentionnelle  de  sp\u00e9cimens  d'esp\u00e8ces\nanimales prot\u00e9g\u00e9es peuvent \u00eatre accord\u00e9es par les pr\u00e9fets  ; \nVU  l'arr\u00eat\u00e9  minist\u00e9riel  du  06  janvier  2020  modifiant  les  conditions  d'instruction  des\nd\u00e9rogations d\u00e9finies au 4\u00b0 de l'article L. 411-2 du code de l'environnement ;\nVU l'arr\u00eat\u00e9 pr\u00e9fectoral n\u00b02023/63/MCI du 21 ao\u00fbt 2023 portant d\u00e9l\u00e9gation de signature de\nmonsieur le pr\u00e9fet du Var \u00e0 monsieur Laurent BOULET, directeur d\u00e9partemental des territoires\net de la mer du Var ;\nVU l'arr\u00eat\u00e9 pr\u00e9fectoral n\u00b0DDTM/MPCA/2023-03 du 26 septembre 2023 portant subd\u00e9l\u00e9gation\nde signature \u00e0 des agents de la DDTM, notamment monsieur Olivier BIELEN, chef du service\neau et biodiversit\u00e9 ;\nVU le R\u00e8glement Sanitaire D\u00e9partemental du Var  ;\nVU  la  demande  de  d\u00e9rogation  au  r\u00e9gime  de  protection  des  esp\u00e8ces  pour  perturbation\nintentionnelle,  d\u00e9pos\u00e9e  le  10  janvier  2024  par  monsieur  Lucas  STOFA,  en  sa  qualit\u00e9  de\nm\u00e9diateur naturaliste - ornithologue - r\u00e9alisateur  ; demande compos\u00e9e du formulaire CERFA\nn\u00b013 616*01 assorti d'une note explicative ;\nVU  le  protocole  de  suivi  de  nidification  du  Blongios  nain  (Ixobrychus  minutus)  et  de  la\nRousserolle turdo\u00efde (Acrocephalus arundinaceus) \u00e9tabli sp\u00e9cifiquement par le demandeur et\nl'association  \"Chercheurs  en  herbe\"  pour  la  recherche  scientifique  et  le  tournage\ndocumentaire animalier sur le site \"Espace nature d\u00e9partemental du Plan - 83130, LA GARDE\" ;\nVU la saisine du 17 janvier 2024 de la Ligue pour la Protection des Oiseaux Provence-Alpes-\nC\u00f4te d'Azur (LPO PACA), association de protection de l'environnement ;\nVU la mise \u00e0 disposition du public men\u00e9e du 25 janvier au 14 f\u00e9vrier 2024 inclus en application\nde l'article L.123-19-1  et l'absence d'observation formul\u00e9e durant cette p\u00e9riode  ;\nVU la note exposant les r\u00e9sultats de la mise \u00e0 disposition du public  ;\nCONSID\u00c9RANT que, conform\u00e9ment \u00e0 l'article L.411-2 du code de l'environnement, le projet\nest autoris\u00e9 dans le cadre de la protection de la faune et de la flore sauvages et de la\nconservation  des  habitats  naturels,  et  \u00e0  des  fins  de  recherche  et  d'\u00e9ducation,  de\nrepeuplement et de r\u00e9introduction de ces esp\u00e8ces  ;\nCONSID\u00c9RANT que le demandeur,  de par ses connaissances et son exp\u00e9rience,  de par ses\nactivit\u00e9s et ses fonctions, de par protocole \u00e9tabli, peut contribuer \u00e0 la connaissance des\nhabitats et des esp\u00e8ces prot\u00e9g\u00e9es sur l'espace naturel sensible (ENS) de type zone humide\nrenaturalis\u00e9e du \"Plan de La Garde\" situ\u00e9 sur la commune de la Garde (83130) et du Pradet\n(83220) dans le d\u00e9partement du Var ;\nAP2024 d\u00e9rogation perturbation intentionnelle - oiseaux \u2013 STOFA - page 2/8Direction d\u00e9partementale des territoires et de la mer du Var - 83-2024-03-05-00004 - ARR\u00caT\u00c9 PR\u00c9FECTORAL n\u00b0 DDTM/SEBIO/2024-20\ndu 05 mars 2024 portant d\u00e9rogation \u00e0 l\u25a1interdiction de perturbation intentionnelle\nd\u25a1esp\u00e8ces animales prot\u00e9g\u00e9es\nd\u00e9finie \u00e0 l\u25a1article L.411-2 du Code de l\u25a1Environnement au b\u00e9n\u00e9fice de monsieur Lucas STOFA, m\u00e9diateur naturaliste, ornithologue,\nr\u00e9alisateur pour proc\u00e9der ou faire proc\u00e9der,\nsur le territoire de la commune de La Garde,\nsur le site de l'espace nature d\u00e9partemental du Plan, \u00e0 un suivi scientifique film\u00e9 de nidification\ndu Blongios nain - Ixobrychus minutus (Linn\u00e9, 1766) et de la Rousserolle turdo\u00efde - Acrocephalus arundinaceus (Linn\u00e9, 1758) pour\nl'ann\u00e9e 202442\nCONSID\u00c9RANT la vocation scientifique et p\u00e9dagogique du documentaire animalier envisag\u00e9\nen faveur de la sensibilisation aux enjeux de protection des oiseaux et les pr\u00e9cautions et\nengagement  pr\u00e9vus  par  le  demandeur  pour  \u00e9viter  toute  perturbation  ou  tout  stress  des\nanimaux lors des prises de vue  par un personnel exp\u00e9riment\u00e9  ;\nCONSID\u00c9RANT qu'il n'existe pas d'autre solution alternative satisfaisante au projet ;\nCONSID\u00c9RANT que la d\u00e9rogation ne nuit pas au maintien, dans un \u00e9tat de conservation\nfavorable, des populations des esp\u00e8ces vis\u00e9es par la demande dans leur lieu d'implantation\nou leur aire de r\u00e9partition naturelle ;\nSur proposition du directeur d\u00e9partemental des territoires et de la mer du Var  ;\nARR\u00caTE\nArticle 1  er   : Identit\u00e9 du b\u00e9n\u00e9ficiaire et champ d'application de l'arr\u00eat\u00e9\nLe  b\u00e9n\u00e9ficiaire  de  l'autorisation  est  monsieur  Lucas  STOFA,  responsable  du  projet  en  sa\nqualit\u00e9 de m\u00e9diateur naturaliste, ornithologue, r\u00e9alisateur.\nLe si\u00e8ge administratif se situe : 733 chemin de Saint-Esprit - 83300 Draguignan, Var, Provence-\nAlpes-C\u00f4te d'Azur, France.  \nLe b\u00e9n\u00e9ficiaire pourra \u00eatre assist\u00e9 des membres de l'association \"Chercheurs en herbe\" dont\nle directeur est monsieur C\u00e9dric LARROD \u00c9.\nLe si\u00e8ge administratif de l'association est : 250 avenue Franklin Roosevelt - 83000 Toulon, Var,\nProvence-Alpes-C\u00f4te d'Azur, France.  \nLes personnes r\u00e9alisant les op\u00e9rations sur site doivent justifier qu'elles ont suivi une formation\nadapt\u00e9e pour identifier les esp\u00e8ces et approcher les nids en toute s\u00e9curit\u00e9. \nLe b\u00e9n\u00e9ficiaire pourra s'appuyer sur des techniciens, des b\u00e9n\u00e9voles et des stagiaires pour des\naides techniques et logistiques ponctuelles sur le terrain. Ils seront obligatoirement encadr\u00e9s\npar  le  b\u00e9n\u00e9ficiaire.  Le  b\u00e9n\u00e9ficiaire  engage  au  pr\u00e9alable  un  temps  de  sensibilisation  aux\nprobl\u00e9matiques des esp\u00e8ces et \u00e0 leur connaissance, en rappelant les consignes de s\u00e9curit\u00e9 et\nd'intervention.\nLe b\u00e9n\u00e9ficiaire  est en charge de l'application de la pr\u00e9sente d\u00e9rogation. Le b\u00e9n\u00e9ficiaire assure\nnotamment le suivi technique et le rendu compte. \nLe b\u00e9n\u00e9ficiaire est responsable de la bonne mise en \u0153uvre de l'ensemble de l'arr\u00eat\u00e9 de\nd\u00e9rogation, y compris en cas de recours \u00e0 tierce personne.\nArticle 2 : Nature de l'autorisation\nAfin d'\u00e9tablir un inventaire de la population et un suivi scientifique de la nidification pour la\nr\u00e9alisation d'un projet p\u00e9dagogique et de sensibilisation, le b\u00e9n\u00e9ficiaire vis\u00e9 \u00e0 l'article 1 est\nautoris\u00e9,  sous  r\u00e9serve  des  dispositions  d\u00e9finies  dans  le  pr\u00e9sent  arr\u00eat\u00e9,  \u00e0  approcher  les\nsp\u00e9cimens,  en  vue  de  r\u00e9aliser  des  prises  de  vue  sur  les  sp\u00e9cimens  d'esp\u00e8ces  prot\u00e9g\u00e9es\nsuivantes :\n- du Blongios nain - Ixobrychus minutus  (Linn\u00e9, 1766)\n- de la Rousserolle turdo\u00efde - Acrocephalus arundinaceus  (Linn\u00e9, 1758)\nAP2024 d\u00e9rogation perturbation intentionnelle - oiseaux \u2013 STOFA - page 3/8Direction d\u00e9partementale des territoires et de la mer du Var - 83-2024-03-05-00004 - ARR\u00caT\u00c9 PR\u00c9FECTORAL n\u00b0 DDTM/SEBIO/2024-20\ndu 05 mars 2024 portant d\u00e9rogation \u00e0 l\u25a1interdiction de perturbation intentionnelle\nd\u25a1esp\u00e8ces animales prot\u00e9g\u00e9es\nd\u00e9finie \u00e0 l\u25a1article L.411-2 du Code de l\u25a1Environnement au b\u00e9n\u00e9fice de monsieur Lucas STOFA, m\u00e9diateur naturaliste, ornithologue,\nr\u00e9alisateur pour proc\u00e9der ou faire proc\u00e9der,\nsur le territoire de la commune de La Garde,\nsur le site de l'espace nature d\u00e9partemental du Plan, \u00e0 un suivi scientifique film\u00e9 de nidification\ndu Blongios nain - Ixobrychus minutus (Linn\u00e9, 1766) et de la Rousserolle turdo\u00efde - Acrocephalus arundinaceus (Linn\u00e9, 1758) pour\nl'ann\u00e9e 202443\nLes visites des nids seront r\u00e9duites au strict n\u00e9cessaire pour la pose et la maintenance des\ndispositifs  d'enregistrements  qui  captent  les  comportements  de  ces  esp\u00e8ces  au  nid.  La\npr\u00e9sence de l'op\u00e9rateur au nid sera de maximum 5 minutes.\nPour proc\u00e9der \u00e0 la r\u00e9alisation de prises de vue, l'op\u00e9rateur respectera une distance minimale\nde non d\u00e9rangement du nid de 60 centim\u00e8tres.\nAucun contact physique avec le nid, ni avec les \u00e9ventuels \u0153ufs, poussins et adultes n'est\nautoris\u00e9. \nLa  d\u00e9rogation  n'autorise  pas  la  destruction  directe  de  sp\u00e9cimens  (\u00e9crasement  des  \u0153ufs,\noisillons,  adultes)  ni  l'enl\u00e8vement  des  nids  occup\u00e9s,  pour  quelque  raison  que  ce  soit.\nCependant, s'il est n\u00e9cessaire de proc\u00e9der \u00e0 l'enl\u00e8vement des nids pour des raisons sanitaires\nou de s\u00e9curit\u00e9, cela ne pourra se faire qu'une fois la p\u00e9riode de nidification termin\u00e9e. Le motif\ndevra \u00eatre justifi\u00e9 dans le rapport de fin d'op\u00e9ration.\nLa manipulation \u00e9ventuelle des sp\u00e9cimens dans le nid est effectu\u00e9e apr\u00e8s utilisation d'un gel\nhydroalcoolique permettant de r\u00e9duire les risques de propagation de champignons et de\nbact\u00e9ries.  Effectivement,  si  des  poussins  venaient  \u00e0  \u00eatre  bless\u00e9s  suite  \u00e0  l'intervention\nhumaine,  ou  si  un  nid  contenant  des  \u0153ufs  et/ou  des  poussins  devait  \u00eatre  d\u00e9truit  par\ninadvertance  ou  pour  des  raisons  imp\u00e9ratives  de  s\u00e9curit\u00e9,  les  \u0153ufs  et  poussins  seraient\ntransf\u00e9r\u00e9s \u00e0 un centre de sauvegarde de la faune sauvage. Les frais \u00e9ventuels sont \u00e0 la charge\ndu b\u00e9n\u00e9ficiaire.\nLocalisation de l'intervention\nLe secteur d'intervention se situe au sein de l'espace naturel sensible de l'espace nature\nd\u00e9partemental du Plan sur la commune de La Garde dans le d\u00e9partement du Var.\nLe b\u00e9n\u00e9ficiaire devra au pr\u00e9alable obtenir l'autorisation du gestionnaire du site.\nLes secteurs favorables \u00e0 la nidification de ces esp\u00e8ces se basent sur les caract\u00e9ristiques de la\nroseli\u00e8re identifi\u00e9es lors d'une ou plusieurs visites pr\u00e9alables. \nLes droits des tiers sont et demeurent express\u00e9ment r\u00e9serv\u00e9s. En particulier, cet arr\u00eat\u00e9 ne vaut\npas autorisation de p\u00e9n\u00e9tration dans des propri\u00e9t\u00e9s closes relevant de la loi du 29 d\u00e9cembre\n1892 susvis\u00e9e, ou de la loi n\u00b0 43-374 du 08 juillet 1943.\nLe pr\u00e9sent arr\u00eat\u00e9 ne se substitue pas et ne fait pas obstacle aux autres r\u00e9glementations\n\u00e9ventuellement applicables.\nLa pr\u00e9sente autorisation ne dispense pas d'autres accords ou autorisations qui pourraient \u00eatre\npar ailleurs n\u00e9cessaires pour la r\u00e9alisation de l'op\u00e9ration, au titre d'autres l\u00e9gislations.\nArticle 3 : Dur\u00e9e et p\u00e9riode d'intervention\nLa pr\u00e9sente autorisation est d\u00e9livr\u00e9e pour une ann\u00e9e civile : l'ann\u00e9e 2024.\nLes p\u00e9riodes d'intervention sur l'ann\u00e9e sont d\u00e9finies dans le protocole d'investigation se\nd\u00e9composant en deux phases temporelles :\n- La premi\u00e8re survient lors de la p\u00e9riode hivernale (janvier-f\u00e9vrier 2024), en amont de l'arriv\u00e9e\ndu Blongios nain et de la Rousserolle turdo\u00efde sous nos latitudes (migration pr\u00e9-nuptiale).\n- La  seconde  commence  au  printemps,  lors  de  l'arriv\u00e9e  de  ces  esp\u00e8ces  sur  le  site  pour\nnidification et se termine en \u00e9t\u00e9, d\u00e8s la migration post-nuptiale (avril-ao\u00fbt 2024).\nLes op\u00e9rations peuvent se d\u00e9rouler en plusieurs passages.\nAP2024 d\u00e9rogation perturbation intentionnelle - oiseaux \u2013 STOFA - page 4/8Direction d\u00e9partementale des territoires et de la mer du Var - 83-2024-03-05-00004 - ARR\u00caT\u00c9 PR\u00c9FECTORAL n\u00b0 DDTM/SEBIO/2024-20\ndu 05 mars 2024 portant d\u00e9rogation \u00e0 l\u25a1interdiction de perturbation intentionnelle\nd\u25a1esp\u00e8ces animales prot\u00e9g\u00e9es\nd\u00e9finie \u00e0 l\u25a1article L.411-2 du Code de l\u25a1Environnement au b\u00e9n\u00e9fice de monsieur Lucas STOFA, m\u00e9diateur naturaliste, ornithologue,\nr\u00e9alisateur pour proc\u00e9der ou faire proc\u00e9der,\nsur le territoire de la commune de La Garde,\nsur le site de l'espace nature d\u00e9partemental du Plan, \u00e0 un suivi scientifique film\u00e9 de nidification\ndu Blongios nain - Ixobrychus minutus (Linn\u00e9, 1766) et de la Rousserolle turdo\u00efde - Acrocephalus arundinaceus (Linn\u00e9, 1758) pour\nl'ann\u00e9e 202444\nArticle 4 : Modalit\u00e9s de mise en \u0153uvre de l'autorisation\nphase pr\u00e9paratoire\nUne ou plusieurs visites pr\u00e9alables \u00e0 toute installation du mat\u00e9riel de prise de vue permettra\nde bien identifier les lieux de nidification. Le rep\u00e9rage des oiseaux et de leurs nids s'effectuera\nuniquement \u00e0 la jumelle et \u00e0 l'\u0153il ; aucun drone ne sera utilis\u00e9.\nLe b\u00e9n\u00e9ficiaire joindra au rapport de fin d'op\u00e9ration une cartographie des sites d'intervention\nindiquant les emplacements des nids de Blongios nain et de Rousserolle turdo\u00efde.\nLe  mat\u00e9riel  d'imagerie  sera  test\u00e9  pour  optimiser  son  autonomie,  son  stockage  et  son\ninstallation pour ainsi r\u00e9duire au maximum la pr\u00e9sence humaine au nid.\nphase op\u00e9rationnelle sur le terrain\nUn  comptage  des  individus  et  l'identification  des  nids  devront  \u00eatre  effectu\u00e9s  avant  la\npremi\u00e8re campagne de prises de vue. Un second comptage pourra utilement \u00eatre r\u00e9alis\u00e9 \u00e0\nl'issue de la p\u00e9riode autoris\u00e9e pour proc\u00e9der au recensement des poussins et des jeunes \u00e0\nl'envol.\nAucune  image  ne  sera  tourn\u00e9e  en  cas  de  comportement  de  stress  observ\u00e9  chez  les\nsp\u00e9cimens.\nSi une fuite des oiseaux \u00e0 petite vitesse est observ\u00e9e en pr\u00e9sence des \u00e9quipes, les personnes\nquitteront les lieux imm\u00e9diatement, mais sans pr\u00e9cipitation.\nM\u00eame dans le cas o\u00f9 les animaux ne manifestent aucun signe de d\u00e9rangement, la pr\u00e9sence de\nl'\u00e9quipe \u00e0 leurs c\u00f4t\u00e9s dans la zone de vigilance ne devra, en aucun cas d\u00e9passer 60 minutes.\nToute interaction ou contact physique avec les animaux pr\u00e9sents sur le site sera proscrite.\nphase post-op\u00e9ration\nLe documentaire et les diff\u00e9rents supports p\u00e9dagogiques \u00e9labor\u00e9s diffuseront un message de\nsensibilisation du public sur les oiseaux, sur leurs enjeux de conservation et de protection ;\nl'espace sensible y sera valoris\u00e9, ainsi que la pr\u00e9sente autorisation.\nLe documentaire mentionnera la pr\u00e9sente autorisation.\nLe documentaire ne diffusera aucun message de publicit\u00e9 commerciale ou assimil\u00e9. Aucune\nimage ne montrera dans le m\u00eame champ des membres de l'\u00e9quipe et un oiseau.\nLe b\u00e9n\u00e9ficiaire est responsable de la bonne mise en \u0153uvre de l'ensemble de l'arr\u00eat\u00e9 de\nd\u00e9rogation, y compris en cas de recours \u00e0 tierce personne.\nArticle 5 : Mesures de r\u00e9ductions et d'accompagnement\nEn compl\u00e9ment des op\u00e9rations pr\u00e9-cit\u00e9es, le b\u00e9n\u00e9ficiaire s'assure de mettre en place et de\nfaire respecter des mesures suivantes:\n-  interdiction  de  nourrir  les  oiseaux,  notamment  en  respect  du  R\u00e8glement  sanitaire\nd\u00e9partemental,\n- limitation des acc\u00e8s aux oiseaux aux ressources alimentaires (poubelles par exemple),\n- collecte des d\u00e9chets et des plastiques afin que les oiseaux ne puissent pas les utiliser comme\nmat\u00e9riaux pour construire les nids,\n- enl\u00e8vement, tri et stockage des d\u00e9chets produits, dans des containers adapt\u00e9s \u00e0 les recevoir\net ferm\u00e9s,\nAP2024 d\u00e9rogation perturbation intentionnelle - oiseaux \u2013 STOFA - page 5/8Direction d\u00e9partementale des territoires et de la mer du Var - 83-2024-03-05-00004 - ARR\u00caT\u00c9 PR\u00c9FECTORAL n\u00b0 DDTM/SEBIO/2024-20\ndu 05 mars 2024 portant d\u00e9rogation \u00e0 l\u25a1interdiction de perturbation intentionnelle\nd\u25a1esp\u00e8ces animales prot\u00e9g\u00e9es\nd\u00e9finie \u00e0 l\u25a1article L.411-2 du Code de l\u25a1Environnement au b\u00e9n\u00e9fice de monsieur Lucas STOFA, m\u00e9diateur naturaliste, ornithologue,\nr\u00e9alisateur pour proc\u00e9der ou faire proc\u00e9der,\nsur le territoire de la commune de La Garde,\nsur le site de l'espace nature d\u00e9partemental du Plan, \u00e0 un suivi scientifique film\u00e9 de nidification\ndu Blongios nain - Ixobrychus minutus (Linn\u00e9, 1766) et de la Rousserolle turdo\u00efde - Acrocephalus arundinaceus (Linn\u00e9, 1758) pour\nl'ann\u00e9e 202445\nDans toutes publications, et quelques soient les supports, le b\u00e9n\u00e9ficiaire :\n- pr\u00e9cise dans le cadre de ses publications papier et internet que cette op\u00e9ration a \u00e9t\u00e9\nr\u00e9alis\u00e9e sous couvert d'une autorisation pr\u00e9fectorale relative aux esp\u00e8ces prot\u00e9g\u00e9es.\n- informe et sensibilise la population varoise sur les esp\u00e8ces prot\u00e9g\u00e9es et les pr\u00e9cautions\nprises afin de r\u00e9aliser le pr\u00e9sent projet sans d\u00e9rangement excessif sur ces esp\u00e8ces.\nArticle 6 : Documents de suivis et de bilans \nUn rapport d\u00e9taill\u00e9 et complet en fin d'op\u00e9ration est \u00e9tabli par le b\u00e9n\u00e9ficiaire et communiqu\u00e9\n\u00e0 la direction d\u00e9partementale des territoires et de la mer (DDTM) du Var, id\u00e9alement avant le\n31 d\u00e9cembre de l'ann\u00e9e courante, ou \u00e0 d\u00e9faut avant le 1er mars de l'ann\u00e9e suivante (d\u00e9lai de\nrigueur).\nCe rapport rappelle la justification de la demande et la localisation des zones de nidification\nconnues, pr\u00e9cise les dates des interventions, la m\u00e9thodologie utilis\u00e9e au cours des op\u00e9rations,\nles  zones  trait\u00e9es,  les  raisons  pour  lesquelles  certaines  zones  n'ont  pu  \u00eatre  trait\u00e9es,  les\nr\u00e9sultats constat\u00e9s. Il est accompagn\u00e9 d'une description des mesures de pr\u00e9vention prises.\nCe rapport peut utilement r\u00e9pondre au plan suivant:\nI. Le rappel de la justification de la demande et de la localisation des zones de nidification\nconnues, \u00e0 l'aide d'une cartographie ;\nIl. La description des mesures de pr\u00e9vention prises\nIII. Le d\u00e9roulement des op\u00e9rations :\n1. Les dates des interventions ;\n2. La m\u00e9thodologie utilis\u00e9e au cours des op\u00e9rations (nombre de jours, conditions de\nprises de vue, nombre de couples nicheurs suivis, difficult\u00e9s, ) ;\n3. Les zones trait\u00e9es, avec leur repr\u00e9sentation graphique ;\n4. Les raisons pour lesquelles certaines zones n'ont pu \u00eatre trait\u00e9es;\n5. Les r\u00e9sultats constat\u00e9s : \nLe comptage des nids, \u0153ufs et poussins doivent figurer dans des tableaux distincts,\nafin que le suivi de ces populations soit facilement analysable.\nLe bilan doit \u00e9galement pr\u00e9ciser le nombre d'animaux transf\u00e9r\u00e9s en centre de soins,\navec la date de transfert, la raison de ce transfert, le stade du sp\u00e9cimen transf\u00e9r\u00e9 (oeuf,\npoussin, adulte), l'esp\u00e8ce concern\u00e9e et le centre de soins d'accueil.\nIV. L'\u00e9valuation de la mise en \u0153uvre de la d\u00e9rogation :\n1. L'\u00e9volution de la population \n2. Les nidifications constat\u00e9es \n3. Le recensement de la population sur le site en d\u00e9but de nidification et en fin de\ncampagne d'intervention.\n4. Le pourcentage de la population pr\u00e9sente sur le site, impact\u00e9e par les op\u00e9rations. \nL'ensemble des donn\u00e9es produites et acquises dans le cadre du pr\u00e9sent arr\u00eat\u00e9 doivent \u00eatre\nfournies \u00e0 la DDTM sous forme de bases de donn\u00e9es num\u00e9riques en version modifiable sous\nLibreOffice (.odt, calc, \u2026) et au format pdf.\nPr\u00e9fecture du Var/DDTM83/SEBIO/BIODIV - DEP\nBoulevard du 112\u00e8me R\u00e9giment d'Infanterie\nCS 31209\n83070 TOULON CEDEX\nddtm-dep@var.gouv.fr\nAP2024 d\u00e9rogation perturbation intentionnelle - oiseaux \u2013 STOFA - page 6/8Direction d\u00e9partementale des territoires et de la mer du Var - 83-2024-03-05-00004 - ARR\u00caT\u00c9 PR\u00c9FECTORAL n\u00b0 DDTM/SEBIO/2024-20\ndu 05 mars 2024 portant d\u00e9rogation \u00e0 l\u25a1interdiction de perturbation intentionnelle\nd\u25a1esp\u00e8ces animales prot\u00e9g\u00e9es\nd\u00e9finie \u00e0 l\u25a1article L.411-2 du Code de l\u25a1Environnement au b\u00e9n\u00e9fice de monsieur Lucas STOFA, m\u00e9diateur naturaliste, ornithologue,\nr\u00e9alisateur pour proc\u00e9der ou faire proc\u00e9der,\nsur le territoire de la commune de La Garde,\nsur le site de l'espace nature d\u00e9partemental du Plan, \u00e0 un suivi scientifique film\u00e9 de nidification\ndu Blongios nain - Ixobrychus minutus (Linn\u00e9, 1766) et de la Rousserolle turdo\u00efde - Acrocephalus arundinaceus (Linn\u00e9, 1758) pour\nl'ann\u00e9e 202446\nLes donn\u00e9es produites seront des donn\u00e9es de propri\u00e9t\u00e9 patrimoniale publique. L'ensemble\ndes  donn\u00e9es  obtenues  dans  le  cadre  de  cette  d\u00e9rogation  et  transmises  \u00e0  la  DDTM\ndeviendront des donn\u00e9es publiques. \nLes donn\u00e9es collect\u00e9es devront \u00eatre \u00e9galement d\u00e9pos\u00e9es sur le syst\u00e8me d'information sur la\nnature et les paysages (SINP) de Provence-Alpes-C\u00f4te-d'Azur, la base r\u00e9gionale SILENE.\nArticle 7 : Dur\u00e9e de validit\u00e9 de l'autorisation\nLa dur\u00e9e de validit\u00e9 de la pr\u00e9sente autorisation est d'une ann\u00e9e, jusqu'au 31 d\u00e9cembre inclu,\ndans le cadre tel que pr\u00e9sent\u00e9. Dans le cas contraire, en cas de changement notable, ou si la\nr\u00e9glementation \u00e9volue, l'administration se r\u00e9serve le droit de mettre fin, sans indemnit\u00e9, \u00e0\ncette autorisation.\nArticle 8 : Mesures de contr\u00f4les et sanctions encourues\nConform\u00e9ment  aux  articles  L.171-1  et  suivants  du  code  de  l'environnement,  relatifs  aux\ncontr\u00f4les  administratifs  et  mesures  de  police,  les  fonctionnaires  et  agents  charg\u00e9s  des\ncontr\u00f4les sont habilit\u00e9s \u00e0 v\u00e9rifier la bonne mise en \u0153uvre de la pr\u00e9sente autorisation. \nLes contr\u00f4les pourraient porter sur :\n- le respect de l'ensemble des conditions d'octroi de la d\u00e9rogation,\n- les documents de suivis et les bilans.\nLa mise en \u0153uvre des dispositions d\u00e9finies au pr\u00e9sent arr\u00eat\u00e9 peut faire l'objet de contr\u00f4le par\nles agents charg\u00e9s de constater les infractions mentionn\u00e9es \u00e0 l'article L.415-3 du code de\nl'environnement.\nL'office fran\u00e7ais de la biodiversit\u00e9 (OFB), ainsi que la DDTM du Var, devront \u00eatre avertis par le\nb\u00e9n\u00e9ficiaire du d\u00e9marrage de l'op\u00e9ration, au moins 48  heures (jours ouvr\u00e9s) \u00e0 l'avance.\nDurant l'ensemble de l'op\u00e9ration, les intervenants doivent \u00eatre en mesure de pr\u00e9senter une\ncopie du pr\u00e9sent arr\u00eat\u00e9 \u00e0 toute autorit\u00e9 dot\u00e9e d'un pouvoir de police en la mati\u00e8re.\nLe non-respect du pr\u00e9sent arr\u00eat\u00e9 est puni des sanctions d\u00e9finies \u00e0 l'article L.415-3 du code de\nl'environnement. En cas de non-respect de l'ensemble des prescriptions du pr\u00e9sent arr\u00eat\u00e9 le\nb\u00e9n\u00e9ficiaire  s'expose  aux  sanctions  administratives  pr\u00e9vues  \u00e0  l'article  L.171-8  du  code  de\nl'environnement, dont la suspension des travaux jusqu'\u00e0 ex\u00e9cution compl\u00e8te des conditions\nimpos\u00e9es.\nModifications,  suspensions,  retrait,  renouvellement  :  l'arr\u00eat\u00e9  de  d\u00e9rogation  pourra  \u00eatre\nmodifi\u00e9, suspendu ou retir\u00e9 si l'une des obligations faites au b\u00e9n\u00e9ficiaire n'\u00e9tait pas respect\u00e9e.\nLa modification, la suspension ou le retrait ne feront pas obstacle \u00e0 d'\u00e9ventuelles poursuites,\nnotamment au titre de l'article L.415-1 \u00e0 6 du code de l'environnement.\nArticle 9 : Voies et d\u00e9lais de recours\nConform\u00e9ment  aux  dispositions  de  l'article  R421-1  du  code  de  justice  administrative,  le\npr\u00e9sent arr\u00eat\u00e9 peut faire l'objet d'un recours gracieux ou hi\u00e9rarchique dans un d\u00e9lai de 2 mois\n\u00e0 compter de sa notification. Il peut aussi faire l'objet d'un recours contentieux devant le\ntribunal administratif de Toulon dans ce m\u00eame d\u00e9lai.\nLes tiers \u00e0 la d\u00e9cision peuvent, dans les m\u00eames conditions que le demandeur, exercer leur\ndroit de recours dans un d\u00e9lai de deux mois \u00e0 compter de la publication du pr\u00e9sent arr\u00eat\u00e9.\nAP2024 d\u00e9rogation perturbation intentionnelle - oiseaux \u2013 STOFA - page 7/8Direction d\u00e9partementale des territoires et de la mer du Var - 83-2024-03-05-00004 - ARR\u00caT\u00c9 PR\u00c9FECTORAL n\u00b0 DDTM/SEBIO/2024-20\ndu 05 mars 2024 portant d\u00e9rogation \u00e0 l\u25a1interdiction de perturbation intentionnelle\nd\u25a1esp\u00e8ces animales prot\u00e9g\u00e9es\nd\u00e9finie \u00e0 l\u25a1article L.411-2 du Code de l\u25a1Environnement au b\u00e9n\u00e9fice de monsieur Lucas STOFA, m\u00e9diateur naturaliste, ornithologue,\nr\u00e9alisateur pour proc\u00e9der ou faire proc\u00e9der,\nsur le territoire de la commune de La Garde,\nsur le site de l'espace nature d\u00e9partemental du Plan, \u00e0 un suivi scientifique film\u00e9 de nidification\ndu Blongios nain - Ixobrychus minutus (Linn\u00e9, 1766) et de la Rousserolle turdo\u00efde - Acrocephalus arundinaceus (Linn\u00e9, 1758) pour\nl'ann\u00e9e 202447\nLe d\u00e9faut de r\u00e9ponse de l'administration au recours gracieux ou hi\u00e9rarchique dans un d\u00e9lai de\n2 mois apr\u00e8s sa r\u00e9ception fait na\u00eetre une d\u00e9cision implicite de rejet qui peut elle-m\u00eame faire\nl'objet d'un recours contentieux devant le tribunal administratif dans un d\u00e9lai de 2 mois.\nLe tribunal administratif peut-\u00eatre saisi par l'application informatique \u00ab  T\u00e9l\u00e9recours citoyens  \u00bb,\naccessible sur le site internet  : \u00ab www.telerecours.fr  \u00bb.\nArticle 10 : Ex\u00e9cution et transmission\nLe secr\u00e9taire g\u00e9n\u00e9ral de la pr\u00e9fecture du Var, le directeur r\u00e9gional de l'environnement, de\nl'am\u00e9nagement  et  du  logement  de  la  r\u00e9gion  Provence-Alpes-C\u00f4te  d'Azur,  la  directrice\nd\u00e9partementale de la protection des populations du Var, le chef du service d\u00e9partemental de\nl'office fran\u00e7ais de la biodiversit\u00e9, le directeur d\u00e9partemental des territoires et de la mer du\nVar, sont charg\u00e9s chacun en ce qui les concerne de l'ex\u00e9cution du pr\u00e9sent arr\u00eat\u00e9, qui sera\npubli\u00e9 au recueil des actes administratifs de la pr\u00e9fecture du Var. \nLe pr\u00e9sent arr\u00eat\u00e9 sera, en outre, transmis en copie :\n\u2022au directeur de l'agence r\u00e9gionale de la sant\u00e9 (ARS) \u2013 d\u00e9l\u00e9gation territoriale de Toulon ;\n\u2022au pr\u00e9sident du conseil d\u00e9partemental du Var ;\n\u2022au pr\u00e9sident de l'association des maires du Var ;\n\u2022au maire de la commune concern\u00e9e. \nFait \u00e0 Toulon, le 05 mars 2024\nPour le Pr\u00e9fet et par sub-d\u00e9l\u00e9gation,\nLe chef du service eau et biodiversit\u00e9,\nSign\u00e9\nOlivier BIELEN\nAP2024 d\u00e9rogation perturbation intentionnelle - oiseaux \u2013 STOFA - page 8/8Direction d\u00e9partementale des territoires et de la mer du Var - 83-2024-03-05-00004 - ARR\u00caT\u00c9 PR\u00c9FECTORAL n\u00b0 DDTM/SEBIO/2024-20\ndu 05 mars 2024 portant d\u00e9rogation \u00e0 l\u25a1interdiction de perturbation intentionnelle\nd\u25a1esp\u00e8ces animales prot\u00e9g\u00e9es\nd\u00e9finie \u00e0 l\u25a1article L.411-2 du Code de l\u25a1Environnement au b\u00e9n\u00e9fice de monsieur Lucas STOFA, m\u00e9diateur naturaliste, ornithologue,\nr\u00e9alisateur pour proc\u00e9der ou faire proc\u00e9der,\nsur le territoire de la commune de La Garde,\nsur le site de l'espace nature d\u00e9partemental du Plan, \u00e0 un suivi scientifique film\u00e9 de nidification\ndu Blongios nain - Ixobrychus minutus (Linn\u00e9, 1766) et de la Rousserolle turdo\u00efde - Acrocephalus arundinaceus (Linn\u00e9, 1758) pour\nl'ann\u00e9e 202448\nDirection d\u00e9partementale des territoires et de la\nmer du Var\n83-2024-03-05-00003\nARR\u00caT\u00c9 PR\u00c9FECTORAL n\u00b0 DDTM/SEBIO/2024-21\ndu 05 mars 2024 portant d\u00e9rogation \u00e0\nl\u25a1interdiction d'exposition de sp\u00e9cimens\nd\u25a1esp\u00e8ces animales prot\u00e9g\u00e9es d\u00e9finies \u00e0 l\u25a1article\nL.411-2 du code de l\u25a1environnement au b\u00e9n\u00e9fice\nde la f\u00e9d\u00e9ration d\u00e9partementale des chasseurs\ndu Var (FDC83) pour proc\u00e9der ou faire proc\u00e9der\n\u00e0\nl'acheminement, la pr\u00e9paration, la conservation\net l'exposition, l'\u00e9tude et la valorisation\nd'oiseaux naturalis\u00e9s \u00e0 partir de 2024 et sans\nlimite de temps\nDirection d\u00e9partementale des territoires et de la mer du Var - 83-2024-03-05-00003 - ARR\u00caT\u00c9 PR\u00c9FECTORAL n\u00b0 DDTM/SEBIO/2024-21\ndu 05 mars 2024 portant d\u00e9rogation \u00e0 l\u25a1interdiction d'exposition de sp\u00e9cimens d\u25a1esp\u00e8ces animales prot\u00e9g\u00e9es d\u00e9finies \u00e0 l\u25a1article\nL.411-2 du code de l\u25a1environnement au b\u00e9n\u00e9fice de la f\u00e9d\u00e9ration d\u00e9partementale des chasseurs du Var (FDC83) pour proc\u00e9der ou\nfaire proc\u00e9der \u00e0\nl'acheminement, la pr\u00e9paration, la conservation et l'exposition, l'\u00e9tude et la valorisation\nd'oiseaux naturalis\u00e9s \u00e0 partir de 2024 et sans limite de temps49\nEx\nPREFET\nDU  VAR\nL'z'berte'\nEgalit\u00e9\nFraternit\u00e9\nARR\u00caT\u00c9 PR\u00c9FECTORAL n\u00b0 DDTM/SEBIO/2024-21 du 05 mars 2024\nportant d\u00e9rogation \u00e0 l'interdiction d'exposition\nde sp\u00e9cimens d'esp\u00e8ces animales prot\u00e9g\u00e9es\nd\u00e9finies \u00e0 l'article L.411-2 du code de l'environnement\nau b\u00e9n\u00e9fice de la f\u00e9d\u00e9ration d\u00e9partementale des chasseurs du Var (FDC83)\npour proc\u00e9der ou faire proc\u00e9der \u00e0\nl'acheminement, la pr\u00e9paration, la conservation et l'exposition, l'\u00e9tude et la valorisation\nd'oiseaux naturalis\u00e9s\n\u00e0 partir de 2024 et sans limite de temps\nLe pr\u00e9fet du Var,\nVU  la  directive  europ\u00e9enne  n\u00b092/43/CEE  du  Conseil  du  21  mai  1992  concernant  la\nconservation des habitats naturels ainsi que de la faune et de la flore sauvages ;\nVU la loi n\u00b02002-276 du 27 f\u00e9vrier 2002 relative \u00e0 la d\u00e9mocratie de proximit\u00e9, et notamment\nson article 109 ;\nVU la loi n\u00b02012-1460 du  27 d\u00e9cembre 2012 relative \u00e0 la mise en \u0153uvre du principe de\nparticipation du public d\u00e9fini \u00e0 l'article 7 de la charte de l'environnement  ;\nVU le d\u00e9cret n\u00b02004-374 du 29 avril 2004, relatif aux pouvoirs des pr\u00e9fets, \u00e0 l'organisation et \u00e0\nl'action des services de l'\u00c9tat dans les r\u00e9gions et les d\u00e9partements, et notamment son article\n11 ;\nVU  le  d\u00e9cret  du  Pr\u00e9sident  de  la  R\u00e9publique  du  13  juillet  2023  portant  nomination  de\nM. Philippe MAH\u00c9, en qualit\u00e9 de pr\u00e9fet du Var ;\nVU le code de l'environnement, notamment ses articles L.411-1 \u00e0 L.411-3 et R.411-1 \u00e0 R.411-14, et\nR.412-11 ;\nVU le code des relations entre le public et l'administration, notamment ses articles L.131-1 \u00e0\nL.131-2, ses articles R.132-8 \u00e0 R.132-10  ;\nAP2024 d\u00e9rogation exposition \u2013 FDC83 - page 1/7\nDirection d\u00e9partementale\ndes territoires et de la mer du Var\nAdresse postale : Pr\u00e9fecture \u2013 DDTM/Service Eau et Biodiversit\u00e9 -  CS 31 209 - 83070 TOULON CEDEXAccueil du public : 244 avenue de l'infanterie de marine \u00e0 Toulon face aux pompiersT\u00e9l\u00e9phone 04 94 46 83 83Courriel : ddtm-dep@var.gouv.frwww.var.gouv.frDirection d\u00e9partementale des territoires et de la mer du Var - 83-2024-03-05-00003 - ARR\u00caT\u00c9 PR\u00c9FECTORAL n\u00b0 DDTM/SEBIO/2024-21\ndu 05 mars 2024 portant d\u00e9rogation \u00e0 l\u25a1interdiction d'exposition de sp\u00e9cimens d\u25a1esp\u00e8ces animales prot\u00e9g\u00e9es d\u00e9finies \u00e0 l\u25a1article\nL.411-2 du code de l\u25a1environnement au b\u00e9n\u00e9fice de la f\u00e9d\u00e9ration d\u00e9partementale des chasseurs du Var (FDC83) pour proc\u00e9der ou\nfaire proc\u00e9der \u00e0\nl'acheminement, la pr\u00e9paration, la conservation et l'exposition, l'\u00e9tude et la valorisation\nd'oiseaux naturalis\u00e9s \u00e0 partir de 2024 et sans limite de temps50\nVU l'arr\u00eat\u00e9 minist\u00e9riel du 23 avril 2007 modifi\u00e9, fixant la liste des mammif\u00e8res terrestres\nprot\u00e9g\u00e9s sur l'ensemble du territoire national  ;\nVU l'arr\u00eat\u00e9 minist\u00e9riel du 29 octobre 2009 fixant la liste des oiseaux prot\u00e9g\u00e9s sur l'ensemble\ndu territoire et les modalit\u00e9s de leur protection ;\nVU l'arr\u00eat\u00e9 minist\u00e9riel du 26 novembre 2013 fixant les conditions et les limites dans lesquelles\ndes d\u00e9rogations \u00e0 l'interdiction de naturalisation de sp\u00e9cimens d'esp\u00e8ces animales prot\u00e9g\u00e9es\npeuvent \u00eatre accord\u00e9es par les pr\u00e9fets  ; \nVU l'arr\u00eat\u00e9 minist\u00e9riel du 08 octobre 2018 fixant les r\u00e8gles g\u00e9n\u00e9rales de d\u00e9tention d'animaux\nd'esp\u00e8ces non domestiques ;\nVU  l'arr\u00eat\u00e9  minist\u00e9riel  du  06  janvier  2020  modifiant  les  conditions  d'instruction  des\nd\u00e9rogations d\u00e9finies au 4\u00b0 de l'article L. 411-2 du code de l'environnement ;\nVU l'arr\u00eat\u00e9 pr\u00e9fectoral n\u00b02023/63/MCI du 21 ao\u00fbt 2023 portant d\u00e9l\u00e9gation de signature de\nmonsieur  le  pr\u00e9fet  du  Var  \u00e0  monsieur  Laurent  BOULET,  directeur  d\u00e9partemental  des\nterritoires et de la mer du Var ;\nVU l'arr\u00eat\u00e9 pr\u00e9fectoral n\u00b0DDTM/MPCA/2023-03 du 26 septembre 2023 portant subd\u00e9l\u00e9gation\nde signature \u00e0 des agents de la DDTM, notamment monsieur Olivier BIELEN, chef du service\neau et biodiversit\u00e9 ;\nVU le R\u00e8glement Sanitaire D\u00e9partemental du Var  ;\nVU  la  demande  de  d\u00e9rogation  au  r\u00e9gime  de  protection  des  esp\u00e8ces  pour  l'exposition,\nd\u00e9pos\u00e9e le 29 janvier 2024 par la f\u00e9d\u00e9ration d\u00e9partementale des chasseurs du Var (FDC83),\nrepr\u00e9sent\u00e9e par monsieur Laurent FAUDON, en sa qualit\u00e9 de pr\u00e9sident  ; demande compos\u00e9e\ndu formulaire CERFA n\u00b011 628*02 assorti de la note explicative ;\nVU la mise \u00e0 disposition du public men\u00e9e du 08 au 28 f\u00e9vrier 2024 inclus en application de\nl'article L.123-19-1  et l'absence d'observation formul\u00e9e durant cette p\u00e9riode  ;\nVU la note exposant les r\u00e9sultats de la mise \u00e0 disposition du public  ;\nCONSID\u00c9RANT que, conform\u00e9ment \u00e0 l'article L.411-2 du code de l'environnement, le projet\nest autoris\u00e9 dans le cadre de la protection de la faune et de la flore sauvages et de la\nconservation  des  habitats  naturels  et  \u00e0  des  fins  de  recherche  et  d'\u00e9ducation,  de\nrepeuplement et de r\u00e9introduction de ces esp\u00e8ces  ;\nCONSID\u00c9RANT que le b\u00e9n\u00e9ficiaire, de par ses missions de service public, de par ses activit\u00e9s\net  ses  fonctions,  peut  contribuer  \u00e0  la  connaissance et  l'\u00e9ducation  du  public  en  mati\u00e8re\nd'esp\u00e8ces prot\u00e9g\u00e9es  ;\nCONSID\u00c9RANT que la demande est effectu\u00e9e \u00e0 des fins p\u00e9dagogiques et scientifiques, par\nun personnel exp\u00e9riment\u00e9  ;\nCONSID\u00c9RANT que le moyen le plus adapt\u00e9 pour acqu\u00e9rir cette connaissance des esp\u00e8ces\nne peut se faire que par la collecte, le transport, l'utilisation et la cession, la manipulation,\nmais  surtout  la  conservation  de  sp\u00e9cimens,  dans  des  lieux  de  stockage  ou  d'exposition\nadapt\u00e9s ; \nCONSID\u00c9RANT qu'il n'existe pas d'autre solution alternative satisfaisante au projet ;\nCONSID\u00c9RANT que la d\u00e9rogation ne nuit pas au maintien, dans un \u00e9tat de conservation\nfavorable, des populations d'esp\u00e8ces vis\u00e9es par la demande dans leur aire de r\u00e9partition\nnaturelle puisqu'il s'agit d'animaux d\u00e9j\u00e0 naturalis\u00e9s \u00e0 titre conservatoire  ;\nAP2024 d\u00e9rogation exposition \u2013 FDC83 - page 2/7Direction d\u00e9partementale des territoires et de la mer du Var - 83-2024-03-05-00003 - ARR\u00caT\u00c9 PR\u00c9FECTORAL n\u00b0 DDTM/SEBIO/2024-21\ndu 05 mars 2024 portant d\u00e9rogation \u00e0 l\u25a1interdiction d'exposition de sp\u00e9cimens d\u25a1esp\u00e8ces animales prot\u00e9g\u00e9es d\u00e9finies \u00e0 l\u25a1article\nL.411-2 du code de l\u25a1environnement au b\u00e9n\u00e9fice de la f\u00e9d\u00e9ration d\u00e9partementale des chasseurs du Var (FDC83) pour proc\u00e9der ou\nfaire proc\u00e9der \u00e0\nl'acheminement, la pr\u00e9paration, la conservation et l'exposition, l'\u00e9tude et la valorisation\nd'oiseaux naturalis\u00e9s \u00e0 partir de 2024 et sans limite de temps51\nn\u00b0 nom  nom latin  ordre  famille  statut\n1| bernache  du canada  Branta  canadensis  ans\u00e9riformes  anatid\u00e9s  prot\u00e9gee\n2| bemache  \u00e0 couroux  | Branta  ruficollis  ans\u00e9riformes  anatid\u00e9s  prot\u00e9g\u00e9e\n3| bernache  nonette  Branta  leucopsis  ans\u00e9riformes  anatid\u00e9s  prot\u00e8g\u00e9e\n4 | cygne  chanteur  Cygnus  cygnus  ans\u00e9riformes  anatides  prot\u00e9g\u00e9e\n5| cygne  tubercul\u00e9  Cygnus  olor ans\u00e9riformes  anatid\u00e9s  prot\u00e9g\u00e9e\n17 femelle  | Aythya  nyroca  ans\u00e9riformes  anatid\u00e9s  prot\u00e9g\u00e9e  |\n18 | fuligule  nyroca  femelle  |Aythya  nyroca  ans\u00e9riformes  anatid\u00e9s  prot\u00e8g\u00e9e\n19 | fuligule  nyroca  male  Aythya  nyroca  ans\u00e9riformes  anatides  prot\u00e9g\u00e9e\n23 | ole naine  Anser  erythropus  ans\u00e9riformes  anatid\u00e9s  prot\u00e8g\u00e9e\n33 | tadorne  de belon  Tadorna  tadorna  ans\u00e9riformes  anatides  prot\u00e9gee\n39| barge  \u00e0 queue  noire  | Limosa  limosa  charadriiformes  scolopacid\u00e9s  prot\u00e9g\u00e9e  |\n40 | b\u00e9casseau  variable  Calidris  alpina  charadriiformes  scolopacid\u00e9s  prot\u00e9g\u00e9e\n41 | b\u00e9cassine  double  Gallinago  media  charadriiformes  scolopacid\u00e9s  prot\u00e9g\u00e9e\n45 | chevalier  cul blanc  Tringa  ochropus  charadriiformes  scolopacid\u00e9s  prot\u00e8g\u00e9e\n47 | grand  gravelot  Charadrius  hiaticula  charadriiformes  charadriid\u00e9s  prot\u00e9gee\n49 | chevalier  guignette  Actitis  hypoleucos  charadriformes  scolopacid\u00e9s  prot\u00e9g\u00e9e\n51 | 0edicn\u00e8me  criard  Burhinus  oedicnemus  | charadriiformes  burhinid\u00e9s  prot\u00e8g\u00e9e\n52 | petit  gravelot  Charadrius  dubius  charadriiformes  charadriid\u00e9s  prot\u00e9g\u00e9e\n55 | chevalier  Sytvain  Tringa  glareola  charadriiformes  scolopacid\u00e9s  prot\u00e8g\u00e9e\n56 | vanneau  \u00e9perronn\u00e9  Vanellus  spinosus  charadriiformes  charadriid\u00e9s  prot\u00e9gee\n57 | h\u00e9ron  cendr\u00e9  Ardea  cinerea  p\u00e9l\u00e9caniformes  ard\u00e9id\u00e9s  prot\u00e9g\u00e9e\n61 | busard  des roseaux  Circus  aeruginosus  accipitritormes  accipitrid\u00e9s  prot\u00e9g\u00e9e\n62 | buse variable  Buteo  buteo  accipitritormes  accipitrid\u00e9s  |prot\u00e9g\u00e9e  |\n72 | grand  t\u00e9tras  femelle  Tetrao  urogallus  galliformes  phasianid\u00e9s  prot\u00e9g\u00e9e\n73 | grand  t\u00e9tras  femelle  Tetrao  urogallus  galliformes  phasianid\u00e9s  prot\u00e9g\u00e9e\n78 | marouette  ponctu\u00e9e  Porzana  porzana  gruiformes  rallid\u00e9s  prot\u00e9g\u00e9e\n95 | marouette  ponctu\u00e9e  | Porzana  porzana  gruiformes  rallid\u00e9s  prot\u00e8g\u00e9e\n|__  99 | rale des gen\u00eats  Crex  crex  gruiformes  rallides  prot\u00e9gee  |\n81| choucas  des tours  Coloeus  monedula  passeriformes  corvid\u00e9s  prot\u00e9gee\n82 | comeille  mantel\u00e9e  Corvus  cornix  passeriformes  corvid\u00e9s  prot\u00e9gee\n86 | merte  \u00e0 plastron  Turdus  torquatus  pass\u00e9riformes  turdid\u00e9s  prot\u00e9g\u00e9e\n88 | locustelle  lanc\u00e9ol\u00e9e  _ |Locustellalanceolata  | pass\u00e9riformes  locustellid\u00e9s  prot\u00e8g\u00e9e\n92 | bruant  ortolan  Emberiza  hortulana  pass\u00e9riformes  emb\u00e9rizid\u00e9s  prot\u00e9g\u00e9e\n93 | cormoran  hupp\u00e9  Gulosus  aristotelis  suliformes  phalacrocoracid\u00e9s  | prot\u00e9g\u00e9e\n94 | flamand  rose  Phoenicopterus  roseus  | phoenicopt\u00e9riformes  | phoenicopt\u00e9rid\u00e9s  | prot\u00e9g\u00e9e  |\n96 | outarde  canepeti\u00e8re  | Tetrax  tetrax  otidiformes  otidid\u00e9s  prot\u00e9g\u00e9e\nSur proposition du directeur d\u00e9partemental des territoires et de la mer du Var  ;\nARR\u00caTE\nArticle 1  er   : Identit\u00e9 du b\u00e9n\u00e9ficiaire et champ d'application de l'arr\u00eat\u00e9\nLe  b\u00e9n\u00e9ficiaire  de  l'autorisation  est  la  f\u00e9d\u00e9ration  d\u00e9partementale  des  chasseurs  du  Var\n(FDC83), repr\u00e9sent\u00e9e par  monsieur Laurent FAUDON, en sa qualit\u00e9 de pr\u00e9sident . \nLe si\u00e8ge administratif se situe  21 rue de Tielt - Place Cl\u00e9menceau  - 83170 Brignoles, Var,\nProvence-Alpes-C\u00f4te d'Azur, France.  \nEmail : contact@fdc83.com\nSite Internet : www.fdc83.com\nLa  personne  en  charge  d'appliquer  la  pr\u00e9sente  d\u00e9rogation,  d\u00e9nomm\u00e9e  ci-apr\u00e8s  \u00ab  le\nmandataire \u00bb, est : \n\u2022monsieur Michel PONS - Technicien FDC83\nLe mandataire assure notamment le suivi technique et le rendu compte. \nLes personnes participant \u00e0 la r\u00e9alisation des op\u00e9rations de manipulation, de transport et\nd'acheminement, de pr\u00e9paration, d'exposition et de conservation, sont sous la responsabilit\u00e9\ndu mandataire.\nArticle 2 : Nature de l'autorisation\nLe b\u00e9n\u00e9ficiaire, de par sa qualit\u00e9 et ses missions, de par ses activit\u00e9s et ses fonctions, est\nautoris\u00e9,  sous  r\u00e9serve  des  conditions  \u00e9nonc\u00e9es  aux  articles  suivants,  \u00e0  d\u00e9roger  aux\ninterdictions  de  manipulation,  de  transport  et  d 'acheminement,  d'exposition  et  de\nconservation, sur les sp\u00e9cimens d'esp\u00e8ces animales prot\u00e9g\u00e9es suivants  :\nAP2024 d\u00e9rogation exposition \u2013 FDC83 - page 3/7\nDirection d\u00e9partementale des territoires et de la mer du Var - 83-2024-03-05-00003 - ARR\u00caT\u00c9 PR\u00c9FECTORAL n\u00b0 DDTM/SEBIO/2024-21\ndu 05 mars 2024 portant d\u00e9rogation \u00e0 l\u25a1interdiction d'exposition de sp\u00e9cimens d\u25a1esp\u00e8ces animales prot\u00e9g\u00e9es d\u00e9finies \u00e0 l\u25a1article\nL.411-2 du code de l\u25a1environnement au b\u00e9n\u00e9fice de la f\u00e9d\u00e9ration d\u00e9partementale des chasseurs du Var (FDC83) pour proc\u00e9der ou\nfaire proc\u00e9der \u00e0\nl'acheminement, la pr\u00e9paration, la conservation et l'exposition, l'\u00e9tude et la valorisation\nd'oiseaux naturalis\u00e9s \u00e0 partir de 2024 et sans limite de temps52\nNombre d'oiseaux naturalis\u00e9s expos\u00e9s\n32 esp\u00e8ces d'oiseaux prot\u00e9g\u00e9s, soit un nombre de 36 oiseaux (couples ou doublons).\nProvenance\nPr\u00eat de l'institut national de formation des personnels du minist\u00e8re de l'agriculture (INFOMA)\nsis 16, rue du Vercors - 69960 CORBAS\nLocalisation de l'exposition\nLes sp\u00e9cimens sont conserv\u00e9s dans l'\u00e9comus\u00e9e ou les locaux de la FDC83 sise \u00e0 Brignoles, ou\nses annexes et ses r\u00e9serves.\nConservation\nL'exposition d'animaux naturalis\u00e9s s'effectue dans un d\u00e9cor naturel ou dans des vitrines. Dans\ntous les cas, l'\u00e9tat de conservation sous forme enti\u00e8re doit \u00eatre garanti.\nLe pr\u00e9sent arr\u00eat\u00e9 ne se substitue pas et ne fait pas obstacle aux autres r\u00e9glementations\n\u00e9ventuellement applicables.\nLa pr\u00e9sente autorisation ne dispense pas d'autres accords ou autorisations qui pourraient\n\u00eatre par ailleurs n\u00e9cessaires pour la r\u00e9alisation de l'op\u00e9ration, au titre d'autres l\u00e9gislations.\nArticle 3 : Modalit\u00e9s de mise en \u0153uvre de l'autorisation\nLa  manipulation  des  sp\u00e9cimens  est  effectu\u00e9e  apr\u00e8s  utilisation  d'un  gel  hydroalcoolique\npermettant de r\u00e9duire les risques de propagation de champignons et de bact\u00e9ries.\nToutes les pi\u00e8ces justificatives de l'origine du sp\u00e9cimen seront conserv\u00e9es avec le registre\nd'inventaire. \n- le num\u00e9ro d'inventaire qui doit \u00eatre report\u00e9 sur le registre d'inventaire de la collection o\u00f9\ndoivent figurer, en face de chaque num\u00e9ro, les noms vernaculaire et scientifique de l'esp\u00e8ce\nainsi que l'origine du sp\u00e9cimen.\n-  \u00e9ventuellement,  si  n\u00e9cessaire,  le  nom  du  taxidermiste  ayant  effectu\u00e9  la\nnaturalisation/traitement de conservation et le num\u00e9ro d'inscription de celui-ci au r\u00e9pertoire\ndes m\u00e9tiers ou au registre du commerce.\n- le nom du b\u00e9n\u00e9ficiaire de la d\u00e9rogation \u00e0 l'interdiction de naturalisation et d'exposition et la\ndate de la d\u00e9rogation.\nAfin d'identifier le sp\u00e9cimen, devront figurer (\u00e0 minima) \u00e0 proximit\u00e9 du sp\u00e9cimen expos\u00e9\n(socle, \u00e9tiquette, film, ...) :\n- les noms vernaculaire et scientifique de l'esp\u00e8ce et la forme de protection juridique dont\nelle b\u00e9n\u00e9ficie ;\n-  les  caract\u00e9ristiques  du  sp\u00e9cimen  :  m\u00e2le,  femelle,  juv\u00e9nile,  ...,  \u00e9ventuellement,  \u00e2ge,\ncouleurs, ... ;\n- si elle est connue, la date de d\u00e9couverte du sp\u00e9cimen et le lieu, la cause de la mort  .\nLorsque le sp\u00e9cimen est inclus dans une collection destin\u00e9e \u00e0 l'\u00e9ducation du public, il doit\n\u00eatre  pr\u00e9sent\u00e9  dans  des  conditions  de  sc\u00e9nographie  respectant  les  caract\u00e9ristiques\nbiologiques des esp\u00e8ces dans leur milieu et la r\u00e9alit\u00e9 de la cohabitation des esp\u00e8ces entre\nelles, ou destin\u00e9e \u00e0 donner une information scientifique coh\u00e9rente de fa\u00e7on apparente. \nLes  expositions  permanentes  de  sp\u00e9cimens  naturalis\u00e9s  doivent  disposer  de  syst\u00e8mes  de\nprotection des sp\u00e9cimens contre le vol, la destruction et les effets des rayonnements solaires\nAP2024 d\u00e9rogation exposition \u2013 FDC83 - page 4/7Direction d\u00e9partementale des territoires et de la mer du Var - 83-2024-03-05-00003 - ARR\u00caT\u00c9 PR\u00c9FECTORAL n\u00b0 DDTM/SEBIO/2024-21\ndu 05 mars 2024 portant d\u00e9rogation \u00e0 l\u25a1interdiction d'exposition de sp\u00e9cimens d\u25a1esp\u00e8ces animales prot\u00e9g\u00e9es d\u00e9finies \u00e0 l\u25a1article\nL.411-2 du code de l\u25a1environnement au b\u00e9n\u00e9fice de la f\u00e9d\u00e9ration d\u00e9partementale des chasseurs du Var (FDC83) pour proc\u00e9der ou\nfaire proc\u00e9der \u00e0\nl'acheminement, la pr\u00e9paration, la conservation et l'exposition, l'\u00e9tude et la valorisation\nd'oiseaux naturalis\u00e9s \u00e0 partir de 2024 et sans limite de temps53\net ultraviolets ainsi que de syst\u00e8mes permettant le maintien de conditions de temp\u00e9rature et\nd'hygrom\u00e9trie ambiantes compatibles avec leur conservation de longue dur\u00e9e. \nLes  acc\u00e8s  grand  public  et  ceux  pour  les  utilisateurs  identifi\u00e9s  permettent  \u00e0 chacun  une\nconsultation et une pleine exploitation \u00e0 leur niveau. \nLe  b\u00e9n\u00e9ficiaire  demeure  responsable  des  accidents  ou  dommages  qui  seraient  la\ncons\u00e9quence de l'activit\u00e9 d'exposition ; si tel en est le cas, il devra en faire \u00e9tat dans le bilan.\nLe b\u00e9n\u00e9ficiaire est responsable de la bonne mise en \u0153uvre de l'ensemble de l'arr\u00eat\u00e9 de\nd\u00e9rogation, y compris en cas de recours \u00e0 tierce personne.\nArticle 4 : Mesures de r\u00e9ductions et d'accompagnement\nEn  compl\u00e9ment  des  op\u00e9rations  pr\u00e9-cit\u00e9es,  le  b\u00e9n\u00e9ficiaire  pr\u00e9cise  dans  le  cadre  de  ses\npublications que cette exposition a \u00e9t\u00e9 r\u00e9alis\u00e9e sous couvert d'une autorisation pr\u00e9fectorale,\nrelative aux esp\u00e8ces prot\u00e9g\u00e9es.\nDans le cas d'op\u00e9rations exemplaires pour la connaissance de la biodiversit\u00e9 et des habitats,\nle projet peut \u00eatre l'occasion de r\u00e9aliser des actions de communication/sensibilisation aux\nenjeux, \u00e0 la prise en compte et \u00e0 la conservation de la biodiversit\u00e9 concern\u00e9e. Le b\u00e9n\u00e9ficiaire\npeut d\u00e9crire alors le programme qu'il souhaite conduire, les publics \"cibles\" et les r\u00e9sultats\nattendus.\nLe b\u00e9n\u00e9ficiaire valorisera cette action  p\u00e9dagogique afin de sensibiliser tous les acteurs \u00e0 la\nprotection de l'environnement, notamment des esp\u00e8ces prot\u00e9g\u00e9es et de leurs milieux.\nArticle 5 : Documents de suivis et de bilans \nLa premi\u00e8re ann\u00e9e, un bilan annuel d\u00e9taill\u00e9 et complet des op\u00e9rations engag\u00e9es est \u00e9tabli par\nle b\u00e9n\u00e9ficiaire. Il est communiqu\u00e9 \u00e0 la direction d\u00e9partementale des territoires et de la mer\n(DDTM) du Var, id\u00e9alement avant le 31  d\u00e9cembre de l'ann\u00e9e courante, ou \u00e0 d\u00e9faut le 1er mars\nde l'ann\u00e9e suivante (d\u00e9lai de rigueur).\nAu bout de cinq ann\u00e9es , est \u00e9galement communiqu\u00e9 un rapport de synth\u00e8se, id\u00e9alement\navant le 31 d\u00e9cembre, ou \u00e0 d\u00e9faut le 1er mars de l'ann\u00e9e suivante (d\u00e9lai de rigueur).\nCe  rapport  pr\u00e9cisera  notamment  le  mode,  la  dur\u00e9e  et  les  conditions  d'exposition,  ses\nmodalit\u00e9s de pr\u00e9sentation et de conservation, sa fr\u00e9quentation. Les modalit\u00e9s de classement\net stockage seront pr\u00e9cis\u00e9es, si mise en \u0153uvre.\nCe rapport doit envisager les suites \u00e0 donner \u00e0 cette op\u00e9ration, afin de s'assurer de son\nsucc\u00e8s en termes de conservation de la population, sur les secteurs d'\u00e9tude.\nLes donn\u00e9es produites seront des donn\u00e9es de propri\u00e9t\u00e9 patrimoniale publique. \nL'ensemble des donn\u00e9es produites et acquises dans le cadre du pr\u00e9sent arr\u00eat\u00e9 doivent \u00eatre\nfournies \u00e0 la DDTM sous forme de bases de donn\u00e9es num\u00e9riques en version modifiable sous\nLibreOffice (.odt, calc, \u2026) et au format pdf.\nPr\u00e9fecture du Var/DDTM83/SEBIO/BIODIV - DEP\nBoulevard du 112\u00e8me R\u00e9giment d'Infanterie\nCS 31209\n83070 TOULON CEDEX\nddtm-dep@var.gouv.fr\nAP2024 d\u00e9rogation exposition \u2013 FDC83 - page 5/7Direction d\u00e9partementale des territoires et de la mer du Var - 83-2024-03-05-00003 - ARR\u00caT\u00c9 PR\u00c9FECTORAL n\u00b0 DDTM/SEBIO/2024-21\ndu 05 mars 2024 portant d\u00e9rogation \u00e0 l\u25a1interdiction d'exposition de sp\u00e9cimens d\u25a1esp\u00e8ces animales prot\u00e9g\u00e9es d\u00e9finies \u00e0 l\u25a1article\nL.411-2 du code de l\u25a1environnement au b\u00e9n\u00e9fice de la f\u00e9d\u00e9ration d\u00e9partementale des chasseurs du Var (FDC83) pour proc\u00e9der ou\nfaire proc\u00e9der \u00e0\nl'acheminement, la pr\u00e9paration, la conservation et l'exposition, l'\u00e9tude et la valorisation\nd'oiseaux naturalis\u00e9s \u00e0 partir de 2024 et sans limite de temps54\nArticle 6 : Dur\u00e9e de validit\u00e9 de l'autorisation\nLa dur\u00e9e de validit\u00e9 de la pr\u00e9sente autorisation est illimit\u00e9e, dans le cadre tel que pr\u00e9sent\u00e9.\nDans  le  cas  contraire,  en  cas  de  changement  notable,  ou  si  la  r\u00e9glementation  \u00e9volue,\nl'administration se r\u00e9serve le droit de mettre fin, sans indemnit\u00e9, \u00e0 cette autorisation.\nArticle 7 : Mesures de contr\u00f4les et sanctions encourues\nConform\u00e9ment  aux  articles  L.171-1  et  suivants  du  code  de  l'environnement,  relatifs  aux\ncontr\u00f4les  administratifs  et  mesures  de  police,  les  fonctionnaires  et  agents  charg\u00e9s  des\ncontr\u00f4les sont habilit\u00e9s \u00e0 v\u00e9rifier la bonne mise en \u0153uvre de la pr\u00e9sente autorisation. \nLes contr\u00f4les pourraient porter sur :\n- le respect de l'ensemble des conditions d'octroi de la d\u00e9rogation,\n- les documents de suivis et les bilans.\nLa mise en \u0153uvre des dispositions d\u00e9finies au pr\u00e9sent arr\u00eat\u00e9 peut faire l'objet de contr\u00f4le par\nles agents charg\u00e9s de constater les infractions mentionn\u00e9es \u00e0 l'article L.415-3 du code de\nl'environnement.\nL'office fran\u00e7ais de la biodiversit\u00e9 (OFB), ainsi que la DDTM du Var, devront \u00eatre avertis par le\nb\u00e9n\u00e9ficiaire du d\u00e9marrage de l'op\u00e9ration, au moins 48  heures (jours ouvr\u00e9s) \u00e0 l'avance.\nDurant l'ensemble de l'op\u00e9ration, les intervenants doivent \u00eatre en mesure de pr\u00e9senter une\ncopie du pr\u00e9sent arr\u00eat\u00e9 \u00e0 toute autorit\u00e9 dot\u00e9e d'un pouvoir de police en la mati\u00e8re.\nLe non-respect du pr\u00e9sent arr\u00eat\u00e9 est puni des sanctions d\u00e9finies \u00e0 l'article L.415-3 du code de\nl'environnement. En cas de non-respect de l'ensemble des prescriptions du pr\u00e9sent arr\u00eat\u00e9 le\nb\u00e9n\u00e9ficiaire s'expose aux sanctions administratives pr\u00e9vues \u00e0 l'article L.171-8 du  code de\nl'environnement, dont la suspension des travaux jusqu'\u00e0 ex\u00e9cution compl\u00e8te des conditions\nimpos\u00e9es.\nModifications,  suspensions,  retrait,  renouvellement  :  l'arr\u00eat\u00e9  de  d\u00e9rogation  pourra  \u00eatre\nmodifi\u00e9,  suspendu  ou  retir\u00e9  si  l'une  des  obligations  faites  au  b\u00e9n\u00e9ficiaire  n'\u00e9tait  pas\nrespect\u00e9e. La modification, la suspension ou le retrait ne feront pas obstacle \u00e0 d'\u00e9ventuelles\npoursuites, notamment au titre de l'article L.415-1 \u00e0 6 du code de l'environnement.\nArticle 8 : Voies et d\u00e9lais de recours\nConform\u00e9ment  aux  dispositions  de  l'article  R421-1  du  code  de  justice  administrative,  le\npr\u00e9sent arr\u00eat\u00e9 peut faire l'objet d'un recours gracieux ou hi\u00e9rarchique dans un d\u00e9lai de 2 mois\n\u00e0 compter de sa notification. Il peut aussi faire l'objet d'un recours contentieux devant le\ntribunal administratif de Toulon dans ce m\u00eame d\u00e9lai.\nLes tiers \u00e0 la d\u00e9cision peuvent, dans les m\u00eames conditions que le demandeur, exercer leur\ndroit de recours dans un d\u00e9lai de deux mois \u00e0 compter de la publication du pr\u00e9sent arr\u00eat\u00e9.\nLe d\u00e9faut de r\u00e9ponse de l'administration au recours gracieux ou hi\u00e9rarchique dans un d\u00e9lai\nde 2 mois apr\u00e8s sa r\u00e9ception fait na\u00eetre une d\u00e9cision implicite de rejet qui peut elle-m\u00eame\nfaire l'objet d'un recours contentieux devant le tribunal administratif dans un d\u00e9lai de 2 mois.\nLe  tribunal  administratif  peut-\u00eatre  saisi  par  l'application  informatique  \u00ab  T\u00e9l\u00e9recours\ncitoyens \u00bb, accessible sur le site internet  : \u00ab www.telerecours.fr  \u00bb.\nAP2024 d\u00e9rogation exposition \u2013 FDC83 - page 6/7Direction d\u00e9partementale des territoires et de la mer du Var - 83-2024-03-05-00003 - ARR\u00caT\u00c9 PR\u00c9FECTORAL n\u00b0 DDTM/SEBIO/2024-21\ndu 05 mars 2024 portant d\u00e9rogation \u00e0 l\u25a1interdiction d'exposition de sp\u00e9cimens d\u25a1esp\u00e8ces animales prot\u00e9g\u00e9es d\u00e9finies \u00e0 l\u25a1article\nL.411-2 du code de l\u25a1environnement au b\u00e9n\u00e9fice de la f\u00e9d\u00e9ration d\u00e9partementale des chasseurs du Var (FDC83) pour proc\u00e9der ou\nfaire proc\u00e9der \u00e0\nl'acheminement, la pr\u00e9paration, la conservation et l'exposition, l'\u00e9tude et la valorisation\nd'oiseaux naturalis\u00e9s \u00e0 partir de 2024 et sans limite de temps55\nArticle 9 : Ex\u00e9cution et transmission\nLe secr\u00e9taire g\u00e9n\u00e9ral de la pr\u00e9fecture du Var, le directeur r\u00e9gional de l'environnement, de\nl'am\u00e9nagement  et  du  logement  de  la  r\u00e9gion  Provence-Alpes-C\u00f4te  d'Azur,  la  directrice\nd\u00e9partementale de la protection des populations du Var, le chef du service d\u00e9partemental\nde l'office fran\u00e7ais de la biodiversit\u00e9, le directeur d\u00e9partemental des territoires et de la mer\ndu Var, sont charg\u00e9s chacun en ce qui les concerne de l'ex\u00e9cution du pr\u00e9sent arr\u00eat\u00e9, qui sera\npubli\u00e9 au recueil des actes administratifs de la pr\u00e9fecture du Var. \nLe pr\u00e9sent arr\u00eat\u00e9 sera, en outre, transmis en copie :\n    \u2022 au pr\u00e9sident du conseil d\u00e9partemental du Var\n    \u2022 au pr\u00e9sident de l'association des maires du Var\nFait \u00e0 Toulon, le 05 mars 2024\nPour le Pr\u00e9fet et par sub-d\u00e9l\u00e9gation,\nLe chef du service eau et biodiversit\u00e9,\nSign\u00e9\nOlivier BIELEN\nAP2024 d\u00e9rogation exposition \u2013 FDC83 - page 7/7Direction d\u00e9partementale des territoires et de la mer du Var - 83-2024-03-05-00003 - ARR\u00caT\u00c9 PR\u00c9FECTORAL n\u00b0 DDTM/SEBIO/2024-21\ndu 05 mars 2024 portant d\u00e9rogation \u00e0 l\u25a1interdiction d'exposition de sp\u00e9cimens d\u25a1esp\u00e8ces animales prot\u00e9g\u00e9es d\u00e9finies \u00e0 l\u25a1article\nL.411-2 du code de l\u25a1environnement au b\u00e9n\u00e9fice de la f\u00e9d\u00e9ration d\u00e9partementale des chasseurs du Var (FDC83) pour proc\u00e9der ou\nfaire proc\u00e9der \u00e0\nl'acheminement, la pr\u00e9paration, la conservation et l'exposition, l'\u00e9tude et la valorisation\nd'oiseaux naturalis\u00e9s \u00e0 partir de 2024 et sans limite de temps56\nPr\u00e9fecture du VAR\n83-2024-02-28-00057\nArr\u00eat\u00e9 pr\u00e9fectoral n\u00b0 DCL/BERG/2024/40 du 28\nf\u00e9vrier 2024\nPr\u00e9fecture du VAR - 83-2024-02-28-00057 - Arr\u00eat\u00e9 pr\u00e9fectoral n\u00b0 DCL/BERG/2024/40 du 28 f\u00e9vrier 2024 57\nEx\nPREFET\nDU  VAR\nLibert\u00e9\nEgalit\u00e9\nFraternit\u00e9\nDirection de la citoyennet\u00e9 et de la l\u00e9galit\u00e9 \nBureau des \u00e9lections et de la r\u00e9glementation g\u00e9n\u00e9rale \nARR\u00caT\u00c9 PR\u00c9FECTORAL n\u00b0 DCL/BERG/2024/ 40 du 28 f\u00e9vrier 2024 \nportant agr\u00e9ment d'un gardien de fourri\u00e8re et des installations de celle-ci\nde Monsieur Pascal ALBANESE  \nentrepreneur individuel dirigeant  la Carrosserie ALBANESE Fils \nZAC des Pradeaux \n 83270 SAINT-CYR-SUR-MER\nAgr\u00e9ment enregistr\u00e9 sous le n\u00b0 111\nLe pr\u00e9fet du Var,\nVU  le code de la route et notamment ses articles L.325-1 \u00e0 L.325-13, R.325-1, R.325-1-1 et\nR.325-12 \u00e0 R.325-52  ;\nVU la circulaire du 25 octobre 1996 du minist\u00e8re de l'int\u00e9rieur relative au renforcement de la\nr\u00e9glementation des fourri\u00e8res  ;\nVU le  d\u00e9cret  du  pr\u00e9sident  de  la  R\u00e9publique  du  13  juillet  2023  portant  nomination  de\nMonsieur Philippe MAHE, pr\u00e9fet du Var  ;\nVU l'arr\u00eat\u00e9 pr\u00e9fectoral n\u00b0 2023/4 7/MCI du 21 ao\u00fbt 2023 portant d\u00e9l\u00e9gation de signature \u00e0\nMonsieur  Lucien  GIUDICELLI,  secr\u00e9taire  g\u00e9n\u00e9ral  de  la  pr\u00e9fecture  du  Var,  sous-pr\u00e9fet  de\nl'arrondissement de Toulon  ;\nVU l'arr\u00eat\u00e9 pr\u00e9fectoral du 7 juillet 2023 modifiant l'arr\u00eat\u00e9 pr\u00e9fectoral du 10 mars 2023 portant\ncomposition de la commission d\u00e9partementale de la s\u00e9curit\u00e9 routi\u00e8re (CDSR) du Var  ;\nVU  la  demande  en  date  du  4  novembre  2023  de  Monsieur  Pascal  ALBANESE\ng\u00e9rant la  Carrosserie ALBANESE et Fils,  en vue d'obtenir l'agr\u00e9ment de gardien de fourri\u00e8re\nautomobile pour l'exploitation et les installations de celle-ci  ;\nVU le rapport d'enqu\u00eate des services de gendarmerie du 31 janvier 2024  ;\nVU l'avis favorable \u00e9mis par la commission d\u00e9partementale de la s\u00e9curit\u00e9 routi\u00e8re, section\nsp\u00e9cialis\u00e9e fourri\u00e8res automobiles, lors de sa s\u00e9ance du 13 f\u00e9vrier 2024  ;\nPage 1/2\nPr\u00e9fecture du VAR - 83-2024-02-28-00057 - Arr\u00eat\u00e9 pr\u00e9fectoral n\u00b0 DCL/BERG/2024/40 du 28 f\u00e9vrier 2024 58\nConsid\u00e9rant que toutes les pi\u00e8ces n\u00e9cessaires ont \u00e9t\u00e9 r\u00e9unies pour permettre la d\u00e9livrance de\nl'agr\u00e9ment ;\nSur proposition du secr\u00e9taire g\u00e9n\u00e9ral de la pr\u00e9fecture du Var  ;\nARR\u00caTE :\nARTICLE 1 : Monsieur Pascal ALBANESE, g\u00e9rant la Carrosserie ALBANESE et Fils,  est agr\u00e9\u00e9 en\nqualit\u00e9 de gardien pour  l'exploitation d'une fourri\u00e8re et des installations de celle-ci, situ\u00e9e\nZAC des Pradeaux \u00e0 SAINT-CYR-SUR-MER (83270 ).\nARTICLE 2 : Cet agr\u00e9ment est accord\u00e9 pour une dur\u00e9e de  quatre ans \u00e0 compter de la date du\npr\u00e9sent arr\u00eat\u00e9 et porte le num\u00e9ro 111.\nARTICLE 3 : Le b\u00e9n\u00e9ficiaire de la pr\u00e9sente d\u00e9cision devr a se conformer aux dispositions des\ntextes susvis\u00e9s, notamment \u00e0 l'article R.325-24 du code de la route.\nARTICLE 4 : Toute demande de renouvellement d'agr\u00e9ment devra \u00eatre adress\u00e9e, au plus tard,\ntrois mois avant sa date d'\u00e9ch\u00e9ance. \nARTICLE 5 : Les engagements pris par Monsieur Pascal ALBANESE , dans le document intitul\u00e9\n\u00ab engagement \u00e9crit du gardien de fourri\u00e8re automobile  \u00bb, dont un exemplaire est annex\u00e9 au\npr\u00e9sent arr\u00eat\u00e9, devront \u00eatre strictement respect\u00e9s.\nARTICLE 6 : Le secr\u00e9taire g\u00e9n\u00e9ral de la pr\u00e9fecture du Var, le directeur interd\u00e9partemental de\nla police nationale, le commandant du groupement de gendarmerie du Var, sont charg\u00e9s,\nchacun en ce qui le concerne, de l'ex\u00e9cution du pr\u00e9sent arr\u00eat\u00e9 qui sera publi\u00e9 au recueil des\nactes administratifs de la pr\u00e9fecture du Var, et dont une copie sera adress\u00e9e au demandeur.\n                                                                                             Fait \u00e0 Toulon, le 28 f\u00e9vrier 2024\n                                                                                              Pour le pr\u00e9fet \n                                                                                              et par d\u00e9l\u00e9gation, \n                                                                                              Le secr\u00e9taire g\u00e9n\u00e9ral \n     \n                                                                                       sign\u00e9  : Lucien GIUDICELLI \nDans un d\u00e9lai de deux mois \u00e0 compter de la date de notification de la pr\u00e9sente d\u00e9cision, les recours suivants peuvent \u00eatre introduits conform\u00e9mentaux dispositions des articles R. 421-1 et suivants du code de justice administrative :\n- un recours gracieux, adress\u00e9 \u00e0 : M. le Pr\u00e9fet du Var \u2013 Bd du 112\u00e8me r\u00e9giment d'infanterie- CS 31209 - 83070 TOULON CEDEX\nDans ce cas, le silence de l'administration vaut rejet implicite au terme d'un d\u00e9lai de deux mois.\nApr\u00e8s un recours gracieux, le d\u00e9lai du recours contentieux ne court qu'\u00e0 compter du rejet explicite ou implicite de ce recours.- un recours contentieux, en saisissant le Tribunal Administratif de Toulon  : 5 rue Racine -BP 40510 - 83  041 TOULON CEDEX 9\nLe  tribunal  administratif  peut  \u00eatre  saisi  par  l'application  informatique  \u00ab  T\u00e9l\u00e9recours  citoyens \u00bb  accessible  par  le  site  internet\u00ab www.telerecours.fr \u00bb.\nPage 2/2Pr\u00e9fecture du VAR - 83-2024-02-28-00057 - Arr\u00eat\u00e9 pr\u00e9fectoral n\u00b0 DCL/BERG/2024/40 du 28 f\u00e9vrier 2024 59\nPREFET  Direction  de la citoyennet\u00e9  et de la l\u00e9galit\u00e9\nDU VAR Section  fourri\u00e8res  automobiles\nLibert\u00e9\n\u00c9galit\u00e9\nFraternit\u00e9\n-\nANNEXE  1 - ENGAGEMENT  ECRIT  DU GARDIEN  DE FOURRIERE  AUTOMOBILE\nJe soussign\u00e9(e)  \u00cet( ?03' ca,P fl&)\u00fbn(%f  repr\u00e9sentant  la soci\u00e9t\u00e9\nrc  sseaie  _ fflonene  L\nFait  \u00e0\nBd du 112\u00e8me  R\u00e9giment  d'Infanterie\nCS 31 209  - 83070  TOULON  CEDEX\nT\u00e9l : 04 94 18 82 87\nM\u00e9l : pref-fourrieres@vargouv.fr  UAd\u00e9clare  avoir pris connaissance  de toutes les obligations  r\u00e9glementaires  li\u00e9es \u00e0 mon activit\u00e9.\nrespecter  les lois et les r\u00e8glements  en vigueur,  ainsi que la convention  \u00e0 venir, le cas \u00e9ch\u00e9ant,\nentre  moi-m\u00eame  et l'autorit\u00e9  dont  rel\u00e8ve  la fourri\u00e8re  ;\nex\u00e9cuter,  sur la demande  des autorit\u00e9s  comp\u00e9tentes,  leurs d\u00e9cisions  de mise en fourri\u00e8re,  dans\nla limite  des capacit\u00e9s  de stockage  de la fourri\u00e8re  et de ses moyens  d'enl\u00e8vement  disponibles  ;\nex\u00e9cuter  les op\u00e9rations  d'enl\u00e8vement,  de garde  et de restitution  ou de remise  des v\u00e9hicules,\ndans  les d\u00e9lais  et selon  les modalit\u00e9s  pr\u00e9vues  ; _\ntenir \u00e0 jour constamment  un \"tableau  de bord\"  de la gestion  de la fourri\u00e9re  (cf Annexe  3)\ngarder  les v\u00e9hicules  mis en fourri\u00e8re  dans un local ou un terrain  clos, plac\u00e9 sous surveillance  de\njour et de nuit, respectant  les dispositions  l\u00e9gales  et r\u00e9glementaires  applicables  aux installations\n' class\u00e9es  pour  la protection  de l'environnement  ;\nafficher  et facturer  les frais de fourri\u00e8re  et ne pas d\u00e9passer  les tarifs  limites  ; :\ntransmettre  sans d\u00e9lai \u00e0 l'officier  de police  judiciaire  charg\u00e9  de prononcer  la mainlev\u00e9e  de mise\nen fourri\u00e8re  tout certificat  d'immatriculation  de v\u00e9hicule  mis en fourri\u00e8re  et confi\u00e9  \u00e0 ma garde  ;\ncommuniquer  \u00e0 l'autorit\u00e9  dont rel\u00e8ve  la fourri\u00e8re,  ainsi qu'au  Pr\u00e9fet  du d\u00e9partement  (s'il n'est\npas aussi l'autorit\u00e9  pr\u00e9cit\u00e9e),  toutes  informations  utiles,  notamment  statistiques,  ainsi qu'un\nbilan  annuel  d'activit\u00e9  ; '\ninformer  l'autorit\u00e9  dont rel\u00e8ve  la fourri\u00e8re,  et le Pr\u00e9fet  du d\u00e9partement,  de tout fait susceptible\nde remettre  en cause  son agr\u00e9ment  (cessation  d'activit\u00e9,  par exemple)  ;\nn'exercer  parall\u00e8lement,  \u00e0 I'activit\u00e9  de gardien  de fourri\u00e8re,  aucune  activit\u00e9  de destruction  ou de\nretraitement  des v\u00e9hicules  hors d'usage,  \u00e0 savoir  des op\u00e9rations  de d\u00e9molition,  de r\u00e9cup\u00e9ration,\net de recyclage  de mat\u00e9riaux.\n%Y d({'( E n'ft' Le 2' Nov \u00c6Z\u00cf) Signature  et cachet :\nGARAGE  CARROSSERIE  MECANIQUE\nk A\nQuartier  les Progl\u00e9dys  0 Sainf Cyr sur Mer\nMAJ  le 10 nov  2022\nPr\u00e9fecture du VAR - 83-2024-02-28-00057 - Arr\u00eat\u00e9 pr\u00e9fectoral n\u00b0 DCL/BERG/2024/40 du 28 f\u00e9vrier 2024 60\nPr\u00e9fecture du VAR\n83-2024-02-28-00058\nArr\u00eat\u00e9 pr\u00e9fectoral n\u00b0 DCL/BERG/2024/41 du 28\nf\u00e9vrier 2024\nPr\u00e9fecture du VAR - 83-2024-02-28-00058 - Arr\u00eat\u00e9 pr\u00e9fectoral n\u00b0 DCL/BERG/2024/41 du 28 f\u00e9vrier 2024 61\nEx\nPREFET\nDU  VAR\nLibert\u00e9\nEgalit\u00e9\nFraternit\u00e9\nDirection de la citoyennet\u00e9 et de la l\u00e9galit\u00e9 \nBureau des \u00e9lections et de la r\u00e9glementation g\u00e9n\u00e9rale \nARR\u00caT\u00c9 PR\u00c9FECTORAL n\u00b0 DCL/BERG/2024/ 41 du 28 f\u00e9vrier 2024 \nportant agr\u00e9ment d'un gardien de fourri\u00e8re et des installations de celle-ci\nde Madame Annie MAIGRE n\u00e9e FLACHET\ng\u00e9rante du GARAGE DE LA ZONE\n437 , avenue des entrepreneurs\n 83560 VINON-SUR-VERDON\nAgr\u00e9ment enregistr\u00e9 sous le n\u00b0 112\nLe pr\u00e9fet du Var,\nVU  le code de la route et notamment ses articles L.325-1 \u00e0 L.325-13, R.325-1, R.325-1-1 et\nR.325-12 \u00e0 R.325-52  ;\nVU la circulaire du 25 octobre 1996 du minist\u00e8re de l'int\u00e9rieur relative au renforcement de la\nr\u00e9glementation des fourri\u00e8res  ;\nVU le  d\u00e9cret  du  pr\u00e9sident  de  la  R\u00e9publique  du  13  juillet  2023  portant  nomination  de\nMonsieur Philippe MAHE, pr\u00e9fet du Var  ;\nVU l'arr\u00eat\u00e9 pr\u00e9fectoral n\u00b0 2023/4 7/MCI du 21 ao\u00fbt 2023 portant d\u00e9l\u00e9gation de signature \u00e0\nMonsieur  Lucien  GIUDICELLI,  secr\u00e9taire  g\u00e9n\u00e9ral  de  la  pr\u00e9fecture  du  Var,  sous-pr\u00e9fet  de\nl'arrondissement de Toulon  ;\nVU l'arr\u00eat\u00e9 pr\u00e9fectoral du 7 juillet 2023 modifiant l'arr\u00eat\u00e9 pr\u00e9fectoral du 10 mars 2023 portant\ncomposition de la commission d\u00e9partementale de la s\u00e9curit\u00e9 routi\u00e8re (CDSR) du Var  ;\nVU  la demande en date du 14 novembre 2023 de  Madame Annie MAIGRE n\u00e9e FLACHET\ng\u00e9rante  du  GARAGE  DE  LA  ZONE,  e n  vue  d'obtenir  l'agr\u00e9ment  de  gardien  de  fourri\u00e8re\nautomobile pour l'exploitation et les installations de celle-ci  ;\nVU le rapport d'enqu\u00eate des services de gendarmerie du 30 janvier 2024  ;\nVU l'avis  favorable,  avec  r\u00e9serve,  \u00e9mis  par  la  commission  d\u00e9partementale  de  la  s\u00e9curit\u00e9\nrouti\u00e8re, section sp\u00e9cialis\u00e9e fourri\u00e8res automobiles, lors de sa s\u00e9ance du 13 f\u00e9vrier 2024  ;\nPage 1/2\nPr\u00e9fecture du VAR - 83-2024-02-28-00058 - Arr\u00eat\u00e9 pr\u00e9fectoral n\u00b0 DCL/BERG/2024/41 du 28 f\u00e9vrier 2024 62\nConsid\u00e9rant que la CDSR, qui s'est tenue le 13 f\u00e9vrier 2024 \u00e0 la pr\u00e9fecture du Var, a \u00e9mis un\navis favorable sous r\u00e9serve de justifier que les installations de la fourri\u00e8res ne contreviennent\npas aux dispositions de l'alin\u00e9a 2 de l'article R. 325-24 du code de la route\nConsid\u00e9rant que l'article pr\u00e9cit\u00e9 dispose que les gardiens de fourri\u00e8re ne peuvent exercer les\nactivit\u00e9s de destruction ou de retraitement des v\u00e9hicules usag\u00e9s  ; qu'il ressort de l'instruction\ndu dossier qu'au regard de la configuration des lieux, l'activit\u00e9 de fourri\u00e8re se situe \u00e0 proximit\u00e9\nd'une  activit\u00e9  de  destruction  ou  de  retraitement  de  v\u00e9hicules  usagers  ;  que,  dans  ces\nconditions, il y a lieu de d\u00e9livrer provisoirement un agr\u00e9ment pour une dur\u00e9e de 3 mois dans\nl'attente de la lev\u00e9e des r\u00e9serves  ; \n \nSur proposition du secr\u00e9taire g\u00e9n\u00e9ral de la pr\u00e9fecture du Var  ;\nARR\u00caTE :\nARTICLE 1 :  Madame Annie MAIGRE n\u00e9e FLACHET,  g\u00e9rante du GARAGE DE LA ZONE,  est\nagr\u00e9\u00e9 en qualit\u00e9 de gardien pour  l'exploitation d'une fourri\u00e8re et des installations de celle-ci,\nsitu\u00e9e 437 avenue des entrepreneurs \u00e0 VINON-SUR-VERDON (83560).\nARTICLE 2 : Cet agr\u00e9ment est accord\u00e9 pour une dur\u00e9e de  trois mois \u00e0 compter de la date du\npr\u00e9sent arr\u00eat\u00e9 et porte le num\u00e9ro 112.\nARTICLE 3 : La b\u00e9n\u00e9ficiaire de la pr\u00e9sente d\u00e9cision devr a se conformer aux dispositions des\ntextes susvis\u00e9s, notamment \u00e0 l'article R.325-24 du code de la route.\nARTICLE  4:  Les  engagements  pris  par  Madame  Annie  MAIGRE  n\u00e9e  FLACHET,  dans  le\ndocument  intitul\u00e9  \u00ab  engagement  \u00e9crit  du  gardien  de  fourri\u00e8re  automobile  \u00bb,  dont  un\nexemplaire est annex\u00e9 au pr\u00e9sent arr\u00eat\u00e9, devront \u00eatre strictement respect\u00e9s.\nARTICLE 5 : Le secr\u00e9taire g\u00e9n\u00e9ral de la pr\u00e9fecture du Var, le directeur interd\u00e9partemental de\nla police nationale, le commandant du groupement de gendarmerie du Var, sont charg\u00e9s,\nchacun en ce qui le concerne, de l'ex\u00e9cution du pr\u00e9sent arr\u00eat\u00e9 qui sera publi\u00e9 au recueil des\nactes administratifs de la pr\u00e9fecture du Var, et dont une copie sera adress\u00e9e au demandeur.\n                                                                                             Fait \u00e0 Toulon, le 28 f\u00e9vrier 2024\n                                                                                              Pour le pr\u00e9fet \n                                                                                              et par d\u00e9l\u00e9gation, \n                                                                                              Le secr\u00e9taire g\u00e9n\u00e9ral \n     \n                                                                                       sign\u00e9  : Lucien GIUDICELLI \nDans un d\u00e9lai de deux mois \u00e0 compter de la date de notification de la pr\u00e9sente d\u00e9cision, les recours suivants peuvent \u00eatre introduits conform\u00e9mentaux dispositions des articles R. 421-1 et suivants du code de justice administrative :\n- un recours gracieux, adress\u00e9 \u00e0 : M. le Pr\u00e9fet du Var \u2013 Bd du 112\u00e8me r\u00e9giment d'infanterie- CS 31209 - 83070 TOULON CEDEX\nDans ce cas, le silence de l'administration vaut rejet implicite au terme d'un d\u00e9lai de deux mois.\nApr\u00e8s un recours gracieux, le d\u00e9lai du recours contentieux ne court qu'\u00e0 compter du rejet explicite ou implicite de ce recours.- un recours contentieux, en saisissant le Tribunal Administratif de Toulon  : 5 rue Racine -BP 40510 - 83  041 TOULON CEDEX 9\nLe  tribunal  administratif  peut  \u00eatre  saisi  par  l'application  informatique  \u00ab  T\u00e9l\u00e9recours  citoyens \u00bb  accessible  par  le  site  internet\u00ab www.telerecours.fr \u00bb.\nPage 2/2Pr\u00e9fecture du VAR - 83-2024-02-28-00058 - Arr\u00eat\u00e9 pr\u00e9fectoral n\u00b0 DCL/BERG/2024/41 du 28 f\u00e9vrier 2024 63\n,\nE .\nPREFET  \"+% Direction  de la citoyennet\u00e9  et de la l\u00e9galit\u00e9\nDU VAR ; {\u00fff\"\" | Section  fourri\u00e8res  automobiles\ns ; '\nLibert\u00e9  SS  | es u0\u00c9galz't\u00e9 '_// O\u00ab\u00d4 - '\\'%\"{} ,\u2014(\u00c7g\u2014 \"__;: CCUrfler  C\u0178'\u00cf\u00cbV\u00c9 ...3,\nFraternit\u00e9  \u00eb Q\u0178* <\u00a7,~ SR = S\n& O (P \" DEC, 07 -\n| ANNEXE  1 - ENGAGEMENT  ECRIT DU GARDIEN  DE FOURRI\u00c8RE  AUTOMOBILE  q\n-\n; \u00a3 AN ,repr\u00ebsentant  la soci\u00e9t\u00e9  G\u00f1 LAGE  X( A\n\u00ab respecter  les lois et les r\u00e8glements  en vigueur,  ainsi que la convention  \u00e0 venir, le cas \u00e9ch\u00e9ant,\nentre  moi-m\u00eame  et l'autorit\u00e9  dont  rel\u00e8ve  la fourri\u00e8re  ;\n< ex\u00e9cuter,  sur la demande  des autorit\u00e9s  comp\u00e9tentes,  leurs d\u00e9cisions  de mise en fourri\u00e8re,  dans\nla limite  des capacit\u00e9s  de stockage  de la fourri\u00e8re  et de ses moyens  d'enl\u00e8vement  disponibles  ;\n\" e ex\u00e9cuter  les op\u00e9rations  d'enl\u00e8vement,  de garde  et de restitution  ou de remise  des v\u00e9hicules,\ndans  les d\u00e9lais  et selon  les modalit\u00e9s  pr\u00e9vues  ;\n* tenir \u00e0 jour constamment  un \"tableau  de bord\"  de la gestion  de la fourri\u00e8re  (cf Annexe  3);\n< garder  les v\u00e9hicules  mis en fourri\u00e8re  dans un local ou un terrain  clos, plac\u00e9 sous surveillance  de\njour et de nuit, respectant  les dispositions  l\u00e9gales  et r\u00e9glementaires  applicables  aux installations\nclass\u00e9es  pour  la protection  de l'environnement  ;\ne _ afficher  et facturer  les frais de fourri\u00e8re  et ne pas d\u00e9passer  les tarifs  limites  ;\ne transmettre  sans d\u00e9lai \u00e0 l'officier  de police  judiciaire  charg\u00e9  de prononcer  la mainlev\u00e9e  de mise\nen fourri\u00e8re  tout certificat  d'immatriculation  de v\u00e9hicule  mis en fourri\u00e8re  et confi\u00e9  \u00e0 ma garde  ;\n* communiquer  \u00e0 l'autorit\u00e9  dont rel\u00e8ve  la fourri\u00e8re,  ainsi qu'au Pr\u00e9fet  du d\u00e9partement  (s'il n'est\npas aussi l'autorit\u00e9  pr\u00e9cit\u00e9e),  toutes  informations  utiles,  notamment  statistiques,  ainsi qu'un\nbilan  annuel  d''activit\u00e9  ; _\n\u00b0 informer  l'autorit\u00e9  dont rel\u00e8ve  la fourri\u00e8re,  et le Pr\u00e9fet  du d\u00e9partement,  de tout fait susceptible\nde remettre  en cause  son agr\u00e9ment  (cessation  d'activit\u00e9,  par exemple)  ;\n\" n'exercer  parall\u00e8lement,  \u00e0 l'activit\u00e9  de gardien  de fourri\u00e8re,  aucune  activit\u00e9  de destruction  ou de\nretraitement  des v\u00e9hicules  hors d'usage,  \u00e0 savoir  des op\u00e9rations  de d\u00e9molition,  de r\u00e9cup\u00e9ration,\net de recyclage  de mat\u00e9riaux.\nFait \u00e0 ) ) OMJ Le , J(_.\" M '?Q[j  Signature  et cachet  :\n437  Ave da\u00a3fitrepreneurs\n83560  Vindn sAVer '\nBd du 112\u00e8me  R\u00e9giment  d'Infanterie\nCS 31 209  - 83070  TOULON  CEDEX\nT\u00e9l : 04 94 18 82 87\nM\u00e9l : pref-fourrieres@var.gouv.fr  1/1 MAJ le 10 nov 2022\nPr\u00e9fecture du VAR - 83-2024-02-28-00058 - Arr\u00eat\u00e9 pr\u00e9fectoral n\u00b0 DCL/BERG/2024/41 du 28 f\u00e9vrier 2024 64\nPr\u00e9fecture du VAR\n83-2024-03-01-00010\nAP renouv Agr\u00e9ment sign\u00e9\nPr\u00e9fecture du VAR - 83-2024-03-01-00010 - AP renouv Agr\u00e9ment sign\u00e9 65\nEx\nPREFET\nDU  VAR\nL'z'berte'\nEgalit\u00e9\nFraternit\u00e9\nDirection des s\u00e9curit\u00e9s\nService de l'\u00e9ducation et\n de la s\u00e9curit\u00e9 routi\u00e8res\nP\u00f4le \u00e9ducation routi\u00e8re\nARR\u00caT\u00c9 PR\u00c9FECTORAL n\u00b02024- 15 du 1er mars 2024\nportant renouvellement d'agr\u00e9ment d'un \u00e9tablissement d'enseignement \nde la conduite des v\u00e9hicules \u00e0 moteur et de  la s\u00e9curit\u00e9 routi\u00e8re\nLe pr\u00e9fet du Var,\nOfficier de la L\u00e9gion d'honneur\nVu le Code de la Route et notamment ses articles L 213-1 \u00e0 L 213-8 et R 213-1 \u00e0 R 213-6 ;\nVu le d\u00e9cret n\u00b0 2009-1678 du 29 d\u00e9cembre 2009 relatif \u00e0 l'enseignement de la conduite et \u00e0\nl'animation de stages de sensibilisation \u00e0 la s\u00e9curit\u00e9 routi\u00e8re ;\nVu l'arr\u00eat\u00e9 n\u00b0 0100026A du 8 janvier 2001 modifi\u00e9 du Minist\u00e8re de l'\u00c9quipement, des Transports et\ndu Logement relatif \u00e0 l'exploitation des \u00e9tablissements d'enseignement, \u00e0 titre on\u00e9reux, de la\nconduite des v\u00e9hicules \u00e0 moteur et de la s\u00e9curit\u00e9 routi\u00e8re ;\nVu le d\u00e9cret 2015-1537 du 25 novembre 2015 portant diverses dispositions relatives \u00e0 la formation\n\u00e0 la conduite et \u00e0 la s\u00e9curit\u00e9 routi\u00e8re ;\nVu  l'arr\u00eat\u00e9  pr\u00e9fectoral  n\u00b0  2024/04/MCI  du  12  f\u00e9vrier  2024  portant  d\u00e9l\u00e9gation  de  signature  \u00e0\nMadame Agn\u00e8s Bonjean, sous-pr\u00e9f\u00e8te charg\u00e9e de mission, secr\u00e9taire g\u00e9n\u00e9rale adjointe, assurant\nl'int\u00e9rim de la Directrice de cabinet de la pr\u00e9fecture du Var  ;\nVu l'arr\u00eat\u00e9 pr\u00e9fectoral du 4 f\u00e9vrier 2019 autorisant Monsieur Fabien DECOR, \u00e0 exploiter, \u00e0 titre\non\u00e9reux, l'\u00e9tablissement d'enseignement de la conduite des v\u00e9hicules \u00e0 moteur et de la s\u00e9curit\u00e9\nrouti\u00e8re  d\u00e9nomm\u00e9  \u00abMAXI-MOMES\u00bb,  situ\u00e9  6  rue  de  la  R\u00e9publique  83210  SOLLIES-PONT et\nidentifi\u00e9 sous le num\u00e9ro E1908300020 ;\nVu la demande de Monsieur Fabien DECOR re\u00e7ue en pr\u00e9fecture le 19 F\u00e9vrier 2024 , par laquelle il\nsollicite le renouvellement de son agr\u00e9ment d'exploitation ;\nConsid\u00e9rant que la demande de l'int\u00e9ress\u00e9 remplit, ce jour, toutes les conditions r\u00e9glementaires ;\nSur proposition de Madame Agn\u00e8s Bonjean, sous-pr\u00e9f\u00e8te charg\u00e9e de mission, secr\u00e9taire g\u00e9n\u00e9rale\nadjointe, assurant l'int\u00e9rim de la Directrice de cabinet de la pr\u00e9fecture du Var  ;\n.../...\n1/2\nPr\u00e9fecture du VAR - 83-2024-03-01-00010 - AP renouv Agr\u00e9ment sign\u00e9 66\nARR  \u00ca  TE  \nARTICLE 1     :\nL'arr\u00eat\u00e9 pr\u00e9fectoral du 4 f\u00e9vrier 2019 autorisant Monsieur Fabien DECOR, \u00e0 exploiter, \u00e0 titre\non\u00e9reux, l'\u00e9tablissement d'enseignement de la conduite des v\u00e9hicules \u00e0 moteur et de la s\u00e9curit\u00e9\nrouti\u00e8re  d\u00e9nomm\u00e9  \u00abMAXI-MOMES\u00bb,  situ\u00e9  6  rue  de  la  R\u00e9publique  83210  SOLLIES-PONT et\nidentifi\u00e9 sous le num\u00e9ro E1908300020  est renouvel\u00e9 pour une dur\u00e9e de cinq ans \u00e0 compter de la\ndate de publication du pr\u00e9sent arr\u00eat\u00e9 au recueil des actes administratifs de la pr\u00e9fecture du Var.\nARTICLE 2     :\nL'\u00e9tablissement  est  habilit\u00e9,  au  vu  des  autorisations  d'enseigner  fournies,  \u00e0  dispenser  les\nformations de cat\u00e9gorie  : AAC ; B/B1/AM \u2013 Quadri-l\u00e9ger  ; AM Cyclo ; A/A1/A2.\nARTICLE 3 :\nMadame Agn\u00e8s Bonjean, sous-pr\u00e9f\u00e8te charg\u00e9e de mission, secr\u00e9taire g\u00e9n\u00e9rale adjointe, assurant\nl'int\u00e9rim de la Directrice de cabinet de la pr\u00e9fecture du Var  est charg\u00e9e de l'ex\u00e9cution du pr\u00e9sent\narr\u00eat\u00e9 qui sera publi\u00e9 au recueil des actes administratifs de la pr\u00e9fecture du Var.\nARTICLE 4:\nLe pr\u00e9sent arr\u00eat\u00e9 peut faire l'objet d'un recours gracieux aupr\u00e8s du pr\u00e9fet du Var dans un d\u00e9lai de\ndeux mois \u00e0 compter de la notification du pr\u00e9sent arr\u00eat\u00e9 ou d'un recours contentieux devant le\ntribunal administratif territorialement comp\u00e9tent dans les m\u00eames conditions de d\u00e9lai.\nFait \u00e0 Toulon, le 1er mars 2024\nPour le pr\u00e9fet et par d\u00e9l\u00e9gation,\nLe D\u00e9l\u00e9gu\u00e9 \u00e0 l'Education Routi\u00e8re du Var\nSign\u00e9\nDominique THIEL\nConform\u00e9ment aux dispositions de l'article R. 421-1 et suivants du code de justice administrative, le pr\u00e9sent arr\u00eat\u00e9 peut faire l'objetdans un d\u00e9lai de deux mois \u00e0 compter de sa parution  :\u2013  d'un recours administratif (recours gracieux aupr\u00e8s du pr\u00e9fet du Var ou recours hi\u00e9rarchique aupr\u00e8s du ministre de l'int\u00e9rieur)\u2013 d'un  recours  contentieux  devant  le  tribunal  administratif  de  Toulon.  Le  tribunal  administratif  peut  \u00eatre  saisi  par  l'applicationinformatique \u00ab T\u00e9l\u00e9recours citoyens \u00bb accessible par le site Internet www.telerecours.fr\n2/2Pr\u00e9fecture du VAR - 83-2024-03-01-00010 - AP renouv Agr\u00e9ment sign\u00e9 67","date":"2024-03-06","first_seen_on":"2024-08-21T10:43:54+00:00","id":"539f38e0e1882bb348e2642f0d618ee2b37ce6c6251f7d31335546a8d42b0ea6","name":"RAA N\u00b0026 du 6 mars 2024","pdf_creation_date":"2024-03-06T14:21:31+00:00","pdf_modification_date":null,"timezone":"Europe/Paris","url":"https://www.var.gouv.fr/contenu/telechargement/33568/223849/file/RAA%20N%C2%B0026%20du%206%20mars%202024%20non%20nominatif.pdf"}
