{"administration":"pref72","administration_name":"Pr\u00e9fecture de la Sarthe","content":"SARTHE\nRECUEIL DES ACTES\nADMINISTRATIFS\nN\u00b0 22 11 2024 \nPUBLI\u00c9 LE 22 NOVEMBRE 2024\nSommaire\nPr\u00e9fecture de la Sarthe / DCPPAT\n72-2024-11-21-00001 - 20241114 Arrete nomination CLPE Sarthe Nord V2 (3\npages) Page 3\nPr\u00e9fecture de la Sarthe / Service des s\u00e9curit\u00e9s\n72-2024-11-22-00003 - Arr\u00eat\u00e9 pr\u00e9fectoral portant interdiction de toute\nmanifestation d'action de b\u00e2chage de radars, d\u00e9clar\u00e9e ou non\nd\u00e9clar\u00e9e, sur l'ensemble des routes du d\u00e9partement de la Sarthe,\nle vendredi 22 novembre 2024 (2 pages) Page 7\n2\nPr\u00e9fecture de la Sarthe\n72-2024-11-21-00001\n20241114 Arrete nomination CLPE Sarthe Nord\nV2\nPr\u00e9fecture de la Sarthe - 72-2024-11-21-00001 - 20241114 Arrete nomination CLPE Sarthe Nord V2 3\nEnPREFETDE LA SARTHELibert\u00e9Egalit\u00e9Fraternit\u00e9\nDirection d\u00e9partementale de l'emploi,\ndu travail et des solidarit\u00e9s\nLe Mans, le 21/11/2024\nARR\u00caT\u00c9 PR\u00c9FECTORAL N\u00b0\nportant nomination au sein du comit\u00e9 local pour l'emploi Sarthe Nord\nLe Pr\u00e9fet de la Sarthe\nChevalier de la L\u00e9gion d'honneur\nChevalier de l'Ordre national du M\u00e9rite\nVU Vu le code des relations entre le public et l'administration, notamment son article L. 411-2 ;\nVU le code du travail, notamment ses articles L. 5311-10, R. 5311-32, R. 5311-33 et R. 5311-36 ;\nVU l'arr\u00eat\u00e9  pr\u00e9fectoral  n\u00b0DCPPAT  2024-0246  du  20  septembre  2024  portant  composition  et\nr\u00e9partition des voix au sein du comit\u00e9 local pour l'emploi Sarthe Nord ;\nCONSID\u00c9RANT les d\u00e9signations op\u00e9r\u00e9es par les membres du comit\u00e9 ;\nSur proposition du directeur d\u00e9partemental de l'emploi, du travail et des solidarit\u00e9s,\nARR\u00caTE\nArticle 1 :\nLe comit\u00e9 local pour l'emploi Sarthe Nord est pr\u00e9sid\u00e9 par M. le sous-pr\u00e9fet de l'arrondissement de\nMamers  pour  l'\u00c9tat,  Mme  Anne  BEAUCHEF  pour  le  Conseil  r\u00e9gional,  Mme  Fabienne  LABRETTE-\nMENAGER pour le Conseil  d\u00e9partemental,  et M.  Vincent  GODEFROY pour les communes et  leurs\ngroupements ; ou leurs repr\u00e9sentants respectifs.\nArticle 2 :\nSont nomm\u00e9s membres du comit\u00e9 local pour l'emploi : \n1\u00b0 En qualit\u00e9 de repr\u00e9sentant de l'\u00c9tat : \n- le directeur d\u00e9partemental de l'emploi, du travail et des solidarit\u00e9s, titulaire ;\n- le directeur d\u00e9partemental adjoint de l'emploi, du travail et des solidarit\u00e9s, suppl\u00e9ant ;\n- le charg\u00e9 de d\u00e9veloppement emploi et territoire, suppl\u00e9ant.\nPlace Aristide Briand \u2013 72 041 LE MANS Cedex 9 \u2013\nStandard : 02 85 32 72 72\nwww.sarthe.gouv.fr \u2013 pref-mail@sarthe.gouv.fr - Twitter : @Prefet72 - Facebook : Pr\u00e9fecture de la Sarthe\n1\nPr\u00e9fecture de la Sarthe - 72-2024-11-21-00001 - 20241114 Arrete nomination CLPE Sarthe Nord V2 4\n2\u00b0 En qualit\u00e9 de repr\u00e9sentants des collectivit\u00e9s territoriales :\na) Sur proposition du pr\u00e9sident du conseil r\u00e9gional : \n- M. Didier REVEAU, conseiller r\u00e9gional, titulaire ;\n- Mme Anne BEAUCHEF, conseill\u00e8re r\u00e9gionale, suppl\u00e9ante.\nb) Sur proposition du pr\u00e9sident du conseil d\u00e9partemental :\n- Mme Monique NICOLAS-LIBERGE, conseill\u00e8re d\u00e9partementale, titulaire ;\n- un repr\u00e9sentant de la Direction Emploi Insertion Logement du conseil d\u00e9partemental, \nsuppl\u00e9ant.\nc) Sur proposition de l'association des maires du d\u00e9partement :\n- M. Alain HORPIN, vice-pr\u00e9sident en charge du d\u00e9veloppement \u00e9conomique et de l'emploi de la \ncommunaut\u00e9 de communes de la Champagne Conlinoise et du Pays de Sill\u00e9, titulaire ;\n- Mme Val\u00e9rie RADOU, pr\u00e9sidente de la communaut\u00e9 de communes de la Champagne \nConlinoise et du Pays de Sill\u00e9, suppl\u00e9ante ;\n- M. Philippe RALLU, 1er vice-pr\u00e9sident en charge du d\u00e9veloppement \u00e9conomique et du tourisme \nde la communaut\u00e9 de communes Haute Sarthe Alpes Mancelles, titulaire ;\n- Mme St\u00e9phanie BOUQUET, 8e vice-pr\u00e9sidente de la communaut\u00e9 de communes Haute \nSarthe Alpes Mancelles, suppl\u00e9ante ;\n- M. Guy COSME, vice-pr\u00e9sident en charge du d\u00e9veloppement \u00e9conomique de la communaut\u00e9 \nde communes du Maine Saosnois, titulaire ;\n- M. Didier TORCHE, conseiller communautaire d\u00e9l\u00e9gu\u00e9 \u00e0 l'\u00e9conomie de la communaut\u00e9 de \ncommunes du Pays de L'Huisne Sarthoise, titulaire ;\n- M. G\u00e9rard GUESNE, conseiller communautaire de la communaut\u00e9 de communes du Pays de\nL'Huisne Sarthoise, suppl\u00e9ant ;\n- M. Michel LEROY, pr\u00e9sident de la communaut\u00e9 de communes des Vall\u00e9es de la Braye et de \nl'Anille, titulaire ;\n- M. Benjamin LABURTHE-TOLRA, 6e vice-pr\u00e9sident de la communaut\u00e9 de communes des \nVall\u00e9es de la Braye et de l'Anille, suppl\u00e9ant.\nArticle 3 :\nLes  membres  d\u00e9sign\u00e9s  aux  articles  pr\u00e9c\u00e9dents  sont  nomm\u00e9s  pour  un  mandat  de  trois  ans\nrenouvelables.\nToute vacance ou perte de la qualit\u00e9 au titre de laquelle les membres ont \u00e9t\u00e9 d\u00e9sign\u00e9s donne lieu \u00e0 une\nnouvelle d\u00e9signation pour la dur\u00e9e du mandat restant \u00e0 courir.\nArticle 4 :\nLe pr\u00e9sent arr\u00eat\u00e9 peut faire l'objet d'un recours contentieux aupr\u00e8s du tribunal administratif de Nantes\ndans un d\u00e9lai de deux mois \u00e0 compter de sa publication. Le tribunal administratif peut \u00eatre saisi par\nl'application t\u00e9l\u00e9recours accessible sur le site www.telerecours.fr.\nIl peut \u00e9galement, dans le m\u00eame d\u00e9lai, faire l'objet d'un recours gracieux aupr\u00e8s du pr\u00e9fet de la Sarthe\net d'un recours hi\u00e9rarchique aupr\u00e8s du ministre charg\u00e9 de l'emploi. \nLe recours gracieux ou/et hi\u00e9rarchique prolonge le d\u00e9lai de recours contentieux qui doit alors \u00eatre\nintroduit dans les deux mois suivant la d\u00e9cision implicite ou explicite de l'autorit\u00e9 comp\u00e9tente, le\nsilence de l'administration pendant un d\u00e9lai de deux mois valant d\u00e9cision implicite de rejet.\nPlace Aristide Briand \u2013 72 041 LE MANS Cedex 9 \u2013\nStandard : 02 85 32 72 72\nwww.sarthe.gouv.fr \u2013 pref-mail@sarthe.gouv.fr - Twitter : @Prefet72 - Facebook : Pr\u00e9fecture de la Sarthe\n2\nPr\u00e9fecture de la Sarthe - 72-2024-11-21-00001 - 20241114 Arrete nomination CLPE Sarthe Nord V2 5\nArticle 5 :\nLe directeur  d\u00e9partemental  de l'emploi,  du travail  et  des  solidarit\u00e9s est  charg\u00e9 de l'ex\u00e9cution du\npr\u00e9sent arr\u00eat\u00e9 qui sera publi\u00e9 au recueil des actes administratifs de la pr\u00e9fecture de la Sarthe.\nLe Pr\u00e9fet,\n                                                                                                                                                    SIGNE\n                    Emmanuel AUBRY\nPlace Aristide Briand \u2013 72 041 LE MANS Cedex 9 \u2013\nStandard : 02 85 32 72 72\nwww.sarthe.gouv.fr \u2013 pref-mail@sarthe.gouv.fr - Twitter : @Prefet72 - Facebook : Pr\u00e9fecture de la Sarthe\n3\nPr\u00e9fecture de la Sarthe - 72-2024-11-21-00001 - 20241114 Arrete nomination CLPE Sarthe Nord V2 6\nPr\u00e9fecture de la Sarthe\n72-2024-11-22-00003\nArr\u00eat\u00e9 pr\u00e9fectoral portant interdiction de toute\nmanifestation d'action de b\u00e2chage de radars,\nd\u00e9clar\u00e9e ou non d\u00e9clar\u00e9e, sur l'ensemble des\nroutes du d\u00e9partement de la Sarthe, le vendredi\n22 novembre 2024\nPr\u00e9fecture de la Sarthe - 72-2024-11-22-00003 - Arr\u00eat\u00e9 pr\u00e9fectoral portant interdiction de toute manifestation d'action de b\u00e2chage de\nradars, d\u00e9clar\u00e9e ou non d\u00e9clar\u00e9e, sur l'ensemble des routes du d\u00e9partement de la Sarthe, le vendredi 22 novembre 2024 7\nPREFETDE LA SARTHELibert\u00e9Egalit\u00e9Fraternit\u00e9\nDirection du cabinet\nService des s\u00e9curit\u00e9s\nBureau de l'ordre public, de la pr\u00e9vention\nde la d\u00e9linquance et de la radicalisation\nARR\u00caT\u00c9 PR\u00c9FECTORAL\nportant interdiction de toute manifestation d'action de b\u00e2chage de radars,\nd\u00e9clar\u00e9e ou non d\u00e9clar\u00e9e, sur l'ensemble des routes du d\u00e9partement de la Sarthe,\nle vendredi 22 novembre 2024\n \nLe pr\u00e9fet de la Sarthe\nChevalier de la L\u00e9gion d'Honneur\nChevalier de l'Ordre National du M\u00e9rite\n \nVu le code p\u00e9nal, notamment ses articles 431-3 et suivants, 431-9, 431-9-1, R 610-5 et R 644-4 ;\nVu le code g\u00e9n\u00e9ral des collectivit\u00e9s territoriales et notamment son article L 2214-4 et L. 2215-1 ;\nVu le code de la s\u00e9curit\u00e9 int\u00e9rieure, notamment ses articles L 211-1 \u00e0 L 211-4 ;\nVu le d\u00e9cret n\u00b02004-374 du 29 avril 2004 modifi\u00e9 relatif aux pouvoirs des pr\u00e9fets, \u00e0 l'organisation et \u00e0\nl'action des services de l'\u00c9tat dans les r\u00e9gions et d\u00e9partements ;\nVu le d\u00e9cret du Pr\u00e9sident de la R\u00e9publique du 15 f\u00e9vrier 2022 nommant M. Emmanuel AUBRY, pr\u00e9fet de\nla Sarthe ;\nConsid\u00e9rantla mobilisation des agriculteurs sur le territoire national \u00e0 l'appel de certaines organisations\nsyndicales depuis le 18 novembre 2024  ;\nConsid\u00e9rantla d\u00e9claration de manifestation pour des actions de b\u00e2chagede radars sur les routes du\nd\u00e9partement de la Sarthe le vendredi 22 novembre 2024, qui a \u00e9t\u00e9 adress\u00e9e le 21 novembre 2024 par M.\nSt\u00e9phane PORTE, pr\u00e9sident de la Coordination Rurale de la Sarthe, \u00e0 la pr\u00e9fecture de la Sarthe ;\nConsid\u00e9rantqu'en application de l'article L.211-1 du code de la s\u00e9curit\u00e9 int\u00e9rieure, sont soumis \u00e0\nl'obligation d'une d\u00e9claration pr\u00e9alable tous cort\u00e8ges, d\u00e9fil\u00e9s et rassemblements de personnes, et,\nd'une fa\u00e7on g\u00e9n\u00e9rale, toutes manifestations sur la voie publique ; qu'en application de l'article L.211-2\ndu m\u00eame code, la d\u00e9claration doit \u00eatre faite aupr\u00e8s de la pr\u00e9fecture de la Sarthe, trois jours francs au\nmoins et quinze jours au plus avant la date de la manifestation ; qu'en application de l'article L.211-4 du\nm\u00eame code, si l'autorit\u00e9 administrative estime que les manifestations projet\u00e9es, d\u00e9clar\u00e9es ou non, sont\nde nature \u00e0 troubler l'ordre public, elle peut les interdire par arr\u00eat\u00e9 ;\nConsid\u00e9rantque l'occultation ou le b\u00e2chage de radars est un d\u00e9lit qui rel\u00e8ve des articles 322-1 et article\n322-2 du code p\u00e9nal ;\nConsid\u00e9rant que les b\u00e2chages de radars mettraient en danger les usagers de la route ; \nConsid\u00e9rantque, dans ces circonstances, seule l'interdiction de ces actions est de nature \u00e0 pr\u00e9venir\nefficacement et de mani\u00e8re proportionn\u00e9e les risques d'accidents routiers et les troubles \u00e0 l'ordre\npublic li\u00e9s au risque manifeste de d\u00e9gradations ;\nPlace Aristide Briand \u2013 72 041 LE MANS Cedex 9 \u2013 Standard : 02 85 32 72 72\nwww.sarthe.gouv.fr \u2013 pref-mail@sarthe.gouv.fr - @Prefet72\nPr\u00e9fecture de la Sarthe - 72-2024-11-22-00003 - Arr\u00eat\u00e9 pr\u00e9fectoral portant interdiction de toute manifestation d'action de b\u00e2chage de\nradars, d\u00e9clar\u00e9e ou non d\u00e9clar\u00e9e, sur l'ensemble des routes du d\u00e9partement de la Sarthe, le vendredi 22 novembre 2024 8\nConsid\u00e9rantenfin qu'il appartient \u00e0 l'autorit\u00e9 investie du pouvoir de police administrative de concilier\nl'exercice du droit de manifester, comme il est entendu et encadr\u00e9 par la loi, avec les imp\u00e9ratifs de\nl'ordre public, et que dans ce cadre elle se doit de prendre toutes les mesures proportionn\u00e9es\nn\u00e9cessaires pour garantir la s\u00e9curit\u00e9, la salubrit\u00e9, l'hygi\u00e8ne et la tranquillit\u00e9 publiques et pr\u00e9venir tant la\ncommission d'infractions p\u00e9nales que les troubles \u00e0 l'ordre public ; \nSur proposition de Monsieur le pr\u00e9fet de la Sarthe, \nA R R E T E\nArticle 1  er     : Toutes manifestations d'action de b\u00e2chage de radars et de panneaux de signalisation\nrouti\u00e8re sont interdites sur les routes du d\u00e9partement de laSarthe, notamment celle d\u00e9clar\u00e9e le 21\nnovembre 2024 par la Coordination Rurale de la Sarthe pour la manifestation du 22 novembre 2024.\nArticle 2     :  Toute infraction au pr\u00e9sent arr\u00eat\u00e9 sera passible, s'agissant des organisateurs, dans les\nconditions fix\u00e9es des articles 322-1 et article 322-2 du code p\u00e9nal : \n\u2022 pour avoir affich\u00e9 des autocollants, fait des graffitis, occult\u00e9 ou b\u00e2ch\u00e9 les vitres d'un radar :\nl'auteur des d\u00e9gradations risque jusqu'\u00e0 15 000 euros d'amende et une peine d'int\u00e9r\u00eat g\u00e9n\u00e9ral,\n\u2022 pour avoir d\u00e9truit ou endommag\u00e9 un radar (incendie, vol, explosion) : l'auteur des d\u00e9gradations\nrisque jusqu'\u00e0 75 000 euros d'amende et 5 ans d'emprisonnement,\n\u2022 Si l'action a \u00e9t\u00e9 men\u00e9e par un groupe de personne, ou un individu masqu\u00e9, la peine est encore\nplus lourde : jusqu'\u00e0 100 000 euros d'amende et 7 ans d'emprisonnement,\nElle entra\u00eene donc une inscription au casier judiciaire.\nArticle 3\u2013 Le pr\u00e9fet de la Sarthe, le directeur d\u00e9partemental de la police nationale de la Sarthe, le\ncommandant du groupement de gendarmerie d\u00e9partementale dela Sarthe, sont charg\u00e9s, chacun en ce\nqui le concerne, de l'ex\u00e9cution du pr\u00e9sent arr\u00eat\u00e9 qui sera publi\u00e9 au recueil des actes administratifs de la\npr\u00e9fecture de la Sarthe.\nFait au Mans, le 22 novembre 2024\nLe pr\u00e9fet,\nSIGN\u00c9 :\nEmmanuel AUBRY\nVoies de recours :\nSelon les dispositions du II bis de l'article 9 de la loi du 5 juillet 2000 modifi\u00e9e, le pr\u00e9sent arr\u00eat\u00e9 peut faire l'objet d'un recours\ndevant le tribunal administratif de Nantes dans le d\u00e9lai mentionn\u00e9 \u00e0 son article 1er :\n\u00ab Article 9-II bis- Les personnes destinataires de la d\u00e9cision de mise en demeure pr\u00e9vue auII, ainsi que le propri\u00e9taire oule titulaire\ndu droit d'usage du terrain peuvent, dans le d\u00e9lai fix\u00e9 par celle-ci, demander son annulation au tribunal administratif. Le recours\nsuspend l'ex\u00e9cutionde la d\u00e9cisiondupr\u00e9fet\u00e0 leur \u00e9gard.Lepr\u00e9sident dutribunalouson d\u00e9l\u00e9gu\u00e9 statue dans und\u00e9laide quarante-\nhuit heures \u00e0 compter de sa saisine. \u00bb\nLe tribunal administratif de Nantes peut \u00e9galement \u00eatre saisi via l'application t\u00e9l\u00e9recours citoyens accessible \u00e0 partir du site\nwww.telerecours.fr\nPlace Aristide Briand \u2013 72 041 LE MANS Cedex 9 \u2013 Standard : 02 85 32 72 72\nwww.sarthe.gouv.fr \u2013 pref-mail@sarthe.gouv.fr - @Prefet72\nPr\u00e9fecture de la Sarthe - 72-2024-11-22-00003 - Arr\u00eat\u00e9 pr\u00e9fectoral portant interdiction de toute manifestation d'action de b\u00e2chage de\nradars, d\u00e9clar\u00e9e ou non d\u00e9clar\u00e9e, sur l'ensemble des routes du d\u00e9partement de la Sarthe, le vendredi 22 novembre 2024 9","date":"2024-11-22","first_seen_on":"2025-08-31T01:53:01+00:00","id":"541dcd380c5eedfa9587db9941e873ffb8f09bb9a93f533e529ff479f4cb0b4c","name":"RAA n\u00b0198 du 22 novembre 2024","pdf_creation_date":"2024-11-22T14:32:45+00:00","pdf_modification_date":null,"timezone":"Europe/Paris","url":"https://www.sarthe.gouv.fr/contenu/telechargement/22917/144154/file/recueil-22-11-2024-recueil-des-actes-administratifs.pdf"}
