{"administration":"pref80","administration_name":"Pr\u00e9fecture de la Somme","content":"PR\u00c9FET\nDE LA SOMME\nRECUEIL DES ACTES\nADMINISTRATIFS SP\u00c9CIAL\n(NOMINATIFS)\nN\u00b02026-079\nPUBLI\u00c9 LE 23 MARS 2026\nSommaire\nCentre Hospitalier d'Amiens /\n80-2026-03-23-00002 - D\u00e9cicion n\u00b071 - D\u00e9signation du M\u00e9diateur\nnon m\u00e9dical suppl\u00e9ant \u00e0 la CDU (1 page) Page 3\n2\nCentre Hospitalier d'Amiens\n80-2026-03-23-00002\nD\u00e9cicion n\u00b071 - D\u00e9signation du M\u00e9diateur non\nm\u00e9dical suppl\u00e9ant \u00e0 la CDU\nCentre Hospitalier d'Amiens - 80-2026-03-23-00002 - D\u00e9cicion n\u00b071 - D\u00e9signation du M\u00e9diateur non m\u00e9dical suppl\u00e9ant \u00e0 la CDU 3\nGroupe Hospitalier de TerritoireSomme Littoral SudCHUAMIENSPICARDIED\u00c9CISION N\u00b071D\u00e9signation du M\u00e9diateur non m\u00e9dical suppl\u00e9ant \u00e0 la Commission des Usagers\nLE DIRECTEUR GENERAL,CHEVALIER DE LA LEGION D'HONNEUR,Vu la Loi n\u00b02009-879 du 21 juillet 2009 portant r\u00e9forme de l'h\u00f4pital et relative aux patients, \u00e0 la sant\u00e9 et auxterritoires ;Vu l'article R1112-81 du Code de la sant\u00e9 publique relatif \u00e0 la composition de la Commission des relations avec lesusagers et de la qualit\u00e9 de la prise en charge ;Vu le D\u00e9cret n\u00b02016-726 du 1\u00b0 juin 2016 relatif \u00e0 la Commission des usagers des \u00e9tablissements de sant\u00e9 ;Vu le D\u00e9cret du Pr\u00e9sident de la R\u00e9publique en date du 21 ao\u00fbt 2023 nommant M. Didier RENAUT en qualit\u00e9 deDirecteur G\u00e9n\u00e9ral du CHU Amiens-Picardie \u00e0 compter du 06 septembre 2023 ;Vu l'Arr\u00eat\u00e9 du Centre National de Gestion en date du 24 ao\u00fbt 2023 affectant M. Didier RENAUT au sein de laDirection commune constitu\u00e9e entre le CHU Amiens-Picardie, le CH de Doullens, le CHI de Montdidier-Roye etl'EHPAD de Domart-en-Ponthieu \u00e0 compter du 06 septembre 2023 ;\nDECIDE :Article 1Mme Blandine BYHET-SAVARY, Directrice des Affaires Juridiques, est d\u00e9sign\u00e9e en qualit\u00e9 de M\u00e9diateur nonm\u00e9dical suppl\u00e9ant \u00e0 la Commission des Usagers.\nArticle 2Cette D\u00e9cision prend effet \u00e0 compter de sa signature. Elle cessera automatiquement en cas de changementd'affectation ou de d\u00e9part de l'\u00e9tablissement de Mme BYHET-SAVARY.\nArticle 3La pr\u00e9sente D\u00e9cision est notifi\u00e9e \u00e0 l'int\u00e9ress\u00e9 et affich\u00e9e dans l'\u00e9tablissement.\nArticle 4La pr\u00e9sente D\u00e9cision peut faire l'objet d'un recours gracieux ou d'un recours contentieux devant le TribunalAdministratif d'Amiens.\nFait \u00e0 Amiens, le 23/03/2026.\nDidier RENAUT\nCentre Hospitalier Universitaire Amiens - Picardie80054 Amiens Cedex 1 # www.chu-amiens.fr\nCentre Hospitalier d'Amiens - 80-2026-03-23-00002 - D\u00e9cicion n\u00b071 - D\u00e9signation du M\u00e9diateur non m\u00e9dical suppl\u00e9ant \u00e0 la CDU 4","date":"2026-03-23","first_seen_on":"2026-03-23T17:45:30+00:00","id":"54561ffd13bbf4e1a2d0f6b97b3927df26764f07874ada3f868f318b3f8a44df","name":"RAA n\u00b079 sp\u00e9cial (nominatifs) du 23 mars 2026","pdf_creation_date":"2026-03-23T15:41:26+00:00","pdf_modification_date":null,"timezone":"Europe/Paris","url":"https://www.somme.gouv.fr/contenu/telechargement/55567/364529/file/recueil-2026-079-recueil-des-actes-administratifs-nominatifs.pdf"}
