{"administration":"pref09","administration_name":"Pr\u00e9fecture de l\u2019Ari\u00e8ge","content":"ARI\u00c8GE\nRECUEIL DES ACTES\nADMINISTRATIFS\nN\u00b009-2024-002\nPUBLI\u00c9 LE  4 JANVIER 2024\nSommaire\n09 \u25a1 PREFECTURE DE L\u25a1ARIEGE \u25a1 DIRECTION DE LA COORDINATION\nINTERMINISTERIELLE ET DE L\u25a1APPUI TERRITORIAL / BUREAU DE LA\nCOORDINATION INTERMINISTERIELLE\n09-2024-01-04-00001 - Arr\u00eat\u00e9 pr\u00e9fectoral donnant d\u00e9l\u00e9gation de signature\nen mati\u00e8re de transmission\naux collectivit\u00e9s locales des \u00e9l\u00e9ments de\nfiscalit\u00e9 directe locale \u00e0 M. Marc COCCHIO, g\u00e9rant int\u00e9rim DDFIP (2 pages) Page 3\n09-2024-01-04-00002 - Arr\u00eat\u00e9 pr\u00e9fectoral donnant d\u00e9l\u00e9gation de signature\nen mati\u00e8re domaniale \u00e0\nM. Marc COCCHIO, g\u00e9rant int\u00e9rimaire DDFIP (3\npages) Page 5\n09-2024-01-04-00003 - Arr\u00eat\u00e9 pr\u00e9fectoral portant d\u00e9l\u00e9gation de\nsignature\nen mati\u00e8re de pouvoir adjudicateur \u00e0 M. Marc COCCHIO,\ng\u00e9rant int\u00e9rimaire DDFIP (2 pages) Page 8\n09-2024-01-04-00004 - Arr\u00eat\u00e9 pr\u00e9fectoral portant d\u00e9l\u00e9gation de\nsignature\nen mati\u00e8re d\u25a1ouverture ou de fermeture exceptionnelle des\nservices d\u00e9concentr\u00e9s\nde la direction d\u00e9partementale des Finances\npubliques de l\u25a1Ari\u00e8ge \u00e0 M. Marc COCCHIO, g\u00e9rant int\u00e9rimaire DDFIP (2\npages) Page 10\n09-2024-01-04-00005 - Arr\u00eat\u00e9 pr\u00e9fectoral portant d\u00e9l\u00e9gation de signature \u00e0\nMme Karine SABLE-TEYCHENE, en mati\u00e8re d\u25a1ordonnancement secondaire\net de comptabilit\u00e9 g\u00e9n\u00e9rale de l'\u00c9tat (3 pages) Page 12\n2\nEx\nPR\u00c9FET  .\nDE L'ARI\u00c8GE\nLibert\u00e9\nEgalit\u00e9\nFraternit\u00e9\nPR\u00c9FECTURE\nDirection de la coordination interminist\u00e9rielle\net de l'appui territorial\nBureau de la coordination interminist\u00e9rielle\nCourriel\u00a0:\u00a0pref-coordination@ariege.gouv.fr\nArr\u00eat\u00e9 pr\u00e9fectoral donna nt d\u00e9l\u00e9gation de signature en mati\u00e8re de transmission\naux collectivit\u00e9s locales des \u00e9l\u00e9ments de fiscalit\u00e9 directe locale\n\u00e0 M. Marc COCCHIO, administrateur de l'\u00c9tat,\ng\u00e9rant int\u00e9rimaire de la Direction d\u00e9partementale des Finances publiques de l'Ari\u00e8ge \nLe pr\u00e9fet de l'Ari\u00e8ge\nVu\u00a0les\u00a0articles\u00a0D\u00a01612.1\u00a0\u00e0\u00a0D\u00a01612.5\u00a0du\u00a0Code\u00a0g\u00e9n\u00e9ral\u00a0des\u00a0collectivit\u00e9s\u00a0territoriales\u00a0(CGCT)\u00a0;\nVu\u00a0le\u00a0d\u00e9cret\u00a0n\u00b0\u00a02004-374\u00a0du\u00a029\u00a0avril\u00a02004\u00a0relatif\u00a0au\u00a0pouvoir\u00a0des\u00a0pr\u00e9fets,\u00a0\u00e0\u00a0l'organisation \u00a0et\u00a0\u00e0\u00a0l'action\ndes\u00a0services\u00a0de\u00a0l'\u00c9tat\u00a0dans\u00a0les\u00a0r\u00e9gions\u00a0et\u00a0les\u00a0d\u00e9partements, \u00a0modifi\u00e9\u00a0par\u00a0le\u00a0d\u00e9cret\u00a0n\u00b02010-146\u00a0du\n16\u00a0f\u00e9vrier\u00a02010\u00a0et\u00a0par\u00a0le\u00a0d\u00e9cret\u00a0\u00a0n\u00b02010-687\u00a0du\u00a024\u00a0juin\u00a02010\u00a0;\nVu\u00a0le\u00a0d\u00e9cret\u00a0n\u00b02008-309\u00a0du\u00a03\u00a0avril\u00a02008\u00a0portant\u00a0dispositions\u00a0transitoires\u00a0relatives\u00a0\u00e0\u00a0la\u00a0Direction\u00a0\ng\u00e9n\u00e9rale\u00a0des\u00a0Finances\u00a0publiques\u00a0;\nVu\u00a0le\u00a0d\u00e9cret\u00a0n\u00b02008-310\u00a0du\u00a03\u00a0avril\u00a02008\u00a0relatif\u00a0\u00e0\u00a0la\u00a0Direction\u00a0g\u00e9n\u00e9rale\u00a0des\u00a0Finances\u00a0publiques\u00a0;\nVu\u00a0le\u00a0d\u00e9cret\u00a0n\u00b02009-707\u00a0du\u00a016\u00a0juin\u00a02009\u00a0relatif\u00a0aux\u00a0services\u00a0d\u00e9concentr\u00e9s \u00a0de\u00a0la\u00a0Direction\u00a0g\u00e9n\u00e9rale\ndes\u00a0Finances\u00a0publiques\u00a0;\nVu\u00a0le\u00a0d\u00e9cret\u00a0n\u00b02012-1246\u00a0du\u00a07\u00a0novembre\u00a02012\u00a0modifi\u00e9\u00a0relatif\u00a0\u00e0\u00a0la\u00a0gestion\u00a0budg\u00e9taire\u00a0et\u00a0comptable\npublique\u00a0;\nVu\u00a0le\u00a0d\u00e9cret\u00a0n\u00b02021-1550\u00a0du\u00a01er\u00a0d\u00e9cembre\u00a02021\u00a0modifi\u00e9\u00a0portant\u00a0statut\u00a0particulier\u00a0du\u00a0corps\u00a0des\u00a0\nadministrateurs \u00a0de\u00a0l'\u00c9tat\u00a0;\nVu\u00a0le\u00a0d\u00e9cret\u00a0du\u00a013\u00a0juillet\u00a02023\u00a0portant\u00a0nomination\u00a0de\u00a0M.\u00a0Simon\u00a0BERTOUX\u00a0en\u00a0qualit\u00e9\u00a0de\u00a0pr\u00e9fet\u00a0du\nd\u00e9partement \u00a0de\u00a0l'Ari\u00e8ge\u00a0;\nVu\u00a0le\u00a0d\u00e9cret\u00a0du\u00a017\u00a0juillet\u00a02023\u00a0portant\u00a0int\u00e9gration\u00a0(administrateurs \u00a0de\u00a0l'\u00c9tat)\u00a0;\nVu\u00a0l'arr\u00eat\u00e9\u00a0du\u00a09\u00a0juin\u00a02010\u00a0portant\u00a0cr\u00e9ation\u00a0de\u00a0la\u00a0Direction\u00a0d\u00e9partementale \u00a0des\u00a0Finances\u00a0publiques\nde\u00a0l'Ari\u00e8ge\u00a0;\nVu\u00a0l'arr\u00eat\u00e9\u00a0du\u00a029\u00a0d\u00e9cembre\u00a02022\u00a0relatif\u00a0\u00e0\u00a0l'organisation \u00a0du\u00a0service\u00a0des\u00a0comptables\u00a0publics\u00a0;\nVu\u00a0l'arr\u00eat\u00e9\u00a0du\u00a014\u00a0novembre\u00a02023\u00a0portant\u00a0admission\u00a0\u00e0\u00a0la\u00a0retraite\u00a0de\u00a0M.\u00a0Paul\u00a0CHATAIL\u00a0;\nVu\u00a0l'arr\u00eat\u00e9\u00a0du\u00a08\u00a0d\u00e9cembre\u00a02023\u00a0(BOFIP-RHO-23-1433) \u00a0confiant\u00a0\u00e0\u00a0M.\u00a0Marc\u00a0COCCHIO,\u00a0administrateur\nde\u00a0l'\u00c9tat\u00a0du\u00a0deuxi\u00e8me\u00a0grade,\u00a0directeur-adjoint \u00a0de\u00a0la\u00a0Direction\u00a0d\u00e9partementale \u00a0des\u00a0Finances\npubliques\u00a0de\u00a0l'Ari\u00e8ge,\u00a0l'int\u00e9rim\u00a0de\u00a0la\u00a0Direction\u00a0d\u00e9partementale \u00a0des\u00a0Finances\u00a0publiques\u00a0de\nl'Ari\u00e8ge\u00a0en\u00a0remplacement \u00a0de\u00a0M.\u00a0Paul\u00a0CHATAIL\u00a0;\n2\u00a0rue\u00a0de\u00a0la\u00a0Pr\u00e9fecture\u00a0-\u00a0Pr\u00e9fet\u00a0Claude\u00a0-\u00a0Erignac\u00a0B.P.\u00a040087\u00a0-\u00a009007\u00a0Foix\u00a0Cedex\u00a0\u2013\u00a0T\u00e9l\u00a0:\u00a005\u00a061\u00a002\u00a010\u00a0\u00a000\nSite\u00a0internet\u00a0:\u00a0www.ariege.gouv.fr09 \u25a1 PREFECTURE DE L\u25a1ARIEGE \u25a1 DIRECTION DE LA COORDINATION INTERMINISTERIELLE ET DE L\u25a1APPUI TERRITORIAL -\n09-2024-01-04-00001 - Arr\u00eat\u00e9 pr\u00e9fectoral donnant d\u00e9l\u00e9gation de signature en mati\u00e8re de transmission\naux collectivit\u00e9s locales des \u00e9l\u00e9ments de fiscalit\u00e9 directe locale \u00e0 M. Marc COCCHIO, g\u00e9rant int\u00e9rim DDFIP3\nSur\u00a0proposition\u00a0du\u00a0secr\u00e9taire\u00a0g\u00e9n\u00e9ral\u00a0;\nARR\u00caTE\nArticle 1er\u00a0:\u00a0\nD\u00e9l\u00e9gation\u00a0est\u00a0donn\u00e9e\u00a0\u00e0\u00a0M.\u00a0Marc\u00a0COCCHIO,\u00a0administrateur \u00a0de\u00a0l'\u00c9tat,\u00a0g\u00e9rant\u00a0int\u00e9rimaire\u00a0de\u00a0la\u00a0Direction\nd\u00e9partementale \u00a0des\u00a0Finances\u00a0publiques\u00a0de\u00a0l'Ari\u00e8ge,\u00a0\u00e0\u00a0l'effet\u00a0de\u00a0communiquer \u00a0chaque\u00a0ann\u00e9e,\u00a0aux\ncollectivit\u00e9s\u00a0territoriales\u00a0et\u00a0\u00e9tablissements \u00a0publics\u00a0de\u00a0coop\u00e9ration\u00a0intercommunale \u00a0\u00e0\u00a0fiscalit\u00e9\u00a0propre\ndu\u00a0d\u00e9partement, \u00a0les\u00a0diff\u00e9rents\u00a0\u00e9tats\u00a0indiquant,\u00a0notamment, \u00a0conform\u00e9ment \u00a0aux\u00a0articles\u00a0D\u00a01612.1\u00a0\u00e0\nD\u00a01612.5\u00a0du\u00a0CGCT,\u00a0le\u00a0montant\u00a0pr\u00e9visionnel\u00a0des\u00a0bases\u00a0nettes\u00a0imposables,\u00a0les\u00a0taux\u00a0nets\u00a0d'imposition\nadopt\u00e9s\u00a0l'ann\u00e9e\u00a0pr\u00e9c\u00e9dente\u00a0et\u00a0les\u00a0informations \u00a0n\u00e9cessaires\u00a0au\u00a0vote\u00a0du\u00a0produit\u00a0fiscal.\nArticle 2\u00a0:\nL'arr\u00eat\u00e9\u00a0pr\u00e9fectoral\u00a0du\u00a021\u00a0ao\u00fbt\u00a02023\u00a0portant\u00a0d\u00e9l\u00e9gation\u00a0de\u00a0signature\u00a0\u00e0\u00a0M.\u00a0Paul\u00a0CHATAIL,\nadministrateur \u00a0g\u00e9n\u00e9ral\u00a0des\u00a0finances\u00a0publiques,\u00a0directeur\u00a0d\u00e9partemental \u00a0des\u00a0finances\u00a0publiques\u00a0de\nl'Ari\u00e8ge,\u00a0est\u00a0abrog\u00e9.\u00a0\nArticle 3 :\nLe\u00a0pr\u00e9sent\u00a0arr\u00eat\u00e9\u00a0peut\u00a0faire\u00a0l'objet\u00a0d'un\u00a0recours\u00a0devant\u00a0le\u00a0tribunal\u00a0administratif \u00a0de\u00a0Toulouse,\u00a0dans\u00a0un\nd\u00e9lai\u00a0de\u00a0deux\u00a0mois\u00a0\u00e0\u00a0compter\u00a0de\u00a0sa\u00a0publication,\u00a0par\u00a0courrier\u00a0et\u00a0\u00e9galement\u00a0par\u00a0l'application\u00a0informa-\ntique\u00a0T\u00e9l\u00e9recours,\u00a0accessible\u00a0par\u00a0le\u00a0lien\u00a0:\u00a0http://www.telerecours.fr.\nArticle   4  \u00a0:\u00a0\nLe\u00a0secr\u00e9taire\u00a0g\u00e9n\u00e9ral\u00a0de\u00a0la\u00a0pr\u00e9fecture\u00a0et\u00a0le\u00a0g\u00e9rant\u00a0int\u00e9rimaire\u00a0de\u00a0la\u00a0Direction\u00a0d\u00e9partementale \u00a0des\nfinances\u00a0publiques\u00a0de\u00a0l'Ari\u00e8ge,\u00a0sont\u00a0charg\u00e9s\u00a0de\u00a0l'ex\u00e9cution\u00a0du\u00a0pr\u00e9sent\u00a0arr\u00eat\u00e9\u00a0qui\u00a0sera\u00a0publi\u00e9\u00a0au\u00a0recueil\ndes\u00a0actes\u00a0administratifs \u00a0des\u00a0services\u00a0de\u00a0l'\u00c9tat\u00a0dans\u00a0le\u00a0d\u00e9partement. \u00a0\nFait\u00a0\u00e0\u00a0Foix,\u00a0le\u00a04\u00a0janvier\u00a02024\u00a0\u00a0\u00a0\u00a0\u00a0\u00a0\u00a0\u00a0\u00a0\u00a0\u00a0\u00a0\u00a0\nLe\u00a0pr\u00e9fet\nSign\u00e9\nSimon BERTOUX09 \u25a1 PREFECTURE DE L\u25a1ARIEGE \u25a1 DIRECTION DE LA COORDINATION INTERMINISTERIELLE ET DE L\u25a1APPUI TERRITORIAL -\n09-2024-01-04-00001 - Arr\u00eat\u00e9 pr\u00e9fectoral donnant d\u00e9l\u00e9gation de signature en mati\u00e8re de transmission\naux collectivit\u00e9s locales des \u00e9l\u00e9ments de fiscalit\u00e9 directe locale \u00e0 M. Marc COCCHIO, g\u00e9rant int\u00e9rim DDFIP4\nEx\nPR\u00c9FET  .\nDE L'ARI\u00c8GE\nLibert\u00e9\nEgalit\u00e9\nFraternit\u00e9\nPR\u00c9FECTURE\nDirection de la coordination interminist\u00e9rielle\net de l'appui territorial\nBureau de la coordination interminist\u00e9rielle\nCourriel : pref-coordination@ariege.gouv.fr\nArr\u00eat\u00e9 pr\u00e9fectoral donnant d\u00e9l\u00e9gation de signature en mati\u00e8re domaniale \u00e0\nM. Marc COCCHIO, Administrateur  de l'\u00c9tat,\ng\u00e9rant int\u00e9rimaire de la Direction d\u00e9partementale des Finances publiques de l'Ari\u00e8ge \nLe pr\u00e9fet de l'Ari\u00e8ge\nVu le code g\u00e9n\u00e9ral de la propri\u00e9t\u00e9 des personnes publiques  ;\nVu le code du domaine de l'\u00c9tat  ;\nVu le code de l'environnement ;\nVu l'ordonnance n\u00b0 2006-460 du 21 avril 2006 relative \u00e0 la partie l\u00e9gislative du code g\u00e9n\u00e9ral de la\npropri\u00e9t\u00e9 des personnes publiques  ;\nVu le d\u00e9cret n\u00b0 2004-374 du 29 avril 2004 relatif aux pouvoirs des pr\u00e9fets, \u00e0 l'organisation et \u00e0\nl'action des services de l'\u00c9tat dans les r\u00e9gions et d\u00e9partements,  et notamment les articles 43,\n44 et 45 ;\nVu le d\u00e9cret n\u00b0 2011-1612 du 22 novembre 2011 relatif aux premi\u00e8re, deuxi\u00e8me, troisi\u00e8me et\nquatri\u00e8me parties r\u00e9glementaires du code g\u00e9n\u00e9ral de la propri\u00e9t\u00e9 des personnes publiques  ;\nVu l'arr\u00eat\u00e9 interminist\u00e9riel du 29 janvier 1973 rendant applicable dans le d\u00e9partement le r\u00e9gime\ndes proc\u00e9dures fonci\u00e8res institu\u00e9 par les articles R. 1212-9 \u00e0 R. 1212-16 du code g\u00e9n\u00e9ral de la\npropri\u00e9t\u00e9 des personnes publiques, par le d\u00e9cret n\u00b0 67-568 du 12 juillet 1967 relatif \u00e0 la\nr\u00e9alisation des acquisitions fonci\u00e8res pour le compte des collectivit\u00e9s publiques dans certains\nd\u00e9partements et  par  l'article  4  du  d\u00e9cret  n\u00b0  2011-1612  du  22  novembre  2011  relatif  aux\npremi\u00e8re, deuxi\u00e8me, troisi\u00e8me et quatri\u00e8me parties r\u00e9glementaires du code g\u00e9n\u00e9ral de la\npropri\u00e9t\u00e9 des personnes publiques ;\nVu le d\u00e9cret n\u00b02008-309 du 3 avril 2008 portant dispositions transitoires relatives \u00e0 la Direction\ng\u00e9n\u00e9rale des Finances publiques ;\nVu le d\u00e9cret n\u00b02008-310 du 3 avril 2008 relatif \u00e0 la Direction g\u00e9n\u00e9rale des Finances publiques ;\nVu le  d\u00e9cret  n\u00b02009-707  du  16  juin  2009  relatif  aux  services  d\u00e9concentr\u00e9s  de  la  Direction\ng\u00e9n\u00e9rale des Finances publiques ;\nVu le  d\u00e9cret  n\u00b02012-1246  du  7  novembre  2012  modifi\u00e9  relatif  \u00e0  la  gestion  budg\u00e9taire  et\ncomptable publique ;\nVu le d\u00e9cret n\u00b02021-1550 du 1er d\u00e9cembre 2021 modifi\u00e9 portant statut particulier du corps des \nadministrateurs de l'\u00c9tat ;\nVu le d\u00e9cret du 13 juillet 2023 portant nomination de M. Simon BERTOUX en qualit\u00e9 de pr\u00e9fet du\nd\u00e9partement de l'Ari\u00e8ge  ;\nVu le d\u00e9cret du 17 juillet 2023 portant int\u00e9gration (administrateurs de l'\u00c9tat) ;\nVu l'arr\u00eat\u00e9  du  9  juin  2010  portant  cr\u00e9ation  de  la  Direction  d\u00e9partementale  des  Finances  \npubliques de l'Ari\u00e8ge ;\n2 rue de la Pr\u00e9fecture - Pr\u00e9fet Claude - Erignac B.P. 40087 - 09007 Foix Cedex \u2013 T\u00e9l : 05 61 02 10  00\nSite internet : www.ariege.gouv.fr09 \u25a1 PREFECTURE DE L\u25a1ARIEGE \u25a1 DIRECTION DE LA COORDINATION INTERMINISTERIELLE ET DE L\u25a1APPUI TERRITORIAL -\n09-2024-01-04-00002 - Arr\u00eat\u00e9 pr\u00e9fectoral donnant d\u00e9l\u00e9gation de signature en mati\u00e8re domaniale \u00e0\nM. Marc COCCHIO, g\u00e9rant int\u00e9rimaire DDFIP5\nVu l'arr\u00eat\u00e9 du 29 d\u00e9cembre 2022 relatif \u00e0 l'organisation du service des comptables publics ;\nVu l'arr\u00eat\u00e9 du 14 novembre 2023 portant admission \u00e0 la retraite de M. Paul CHATAIL;\nVu l'arr\u00eat\u00e9 du 8 d\u00e9cembre 2023 (BOFIP-RHO-23-1433) confiant \u00e0 M. Marc COCCHIO, administrateur\nde l'\u00c9tat du deuxi\u00e8me grade, Directeur-adjoint de la Direction d\u00e9partementale des Finances\npubliques de l'Ari\u00e8ge, l'int\u00e9rim de la Direction d\u00e9partementale des Finances publiques de l'Ari\u00e8ge\nen remplacement de M. Paul CHATAI L ;\nSur proposition du secr\u00e9taire g\u00e9n\u00e9ral  :\nARR\u00caTE\nArt. 1er. - D\u00e9l\u00e9gation de signature est donn\u00e9e \u00e0  M. Marc COCCHIO, administrateur de  l'\u00c9tat, g\u00e9rant\nint\u00e9rimaire de la Direction d\u00e9partementale des Finances publiques de l'Ari\u00e8ge  \u00e0 l'effet de signer, dans la\nlimite de ses attributions et comp\u00e9tences, les d\u00e9cisions, contrats, conclusions, m\u00e9moires et, d'une\nfa\u00e7on plus g\u00e9n\u00e9rale, tous les actes, y compris les actes de proc\u00e9dure, se rapportant aux questions,\naffaires ou mati\u00e8res suivantes  :\nNum\u00e9ro Nature des attributions R\u00e9f\u00e9rences\n1Toutes op\u00e9rations se rapportant \u00e0 la passation et\n\u00e0  la  signature  au  nom  de  l'\u00c9tat  des  actes  de\ngestion,  d'utilisation  et  de  cession  des  biens\ndomaniauxArt.  L. 3212-2,  R.  1111-2,  R.  2123-2,  R.\n2123-8, R. 2222-1, R. 2222-6, R. 2222-9,\nR. 2222-15,   R. 2222-24, R. 3211-3,   R.\n3211-4, R. 3211-6, R. 3211-7, R. 3211-25, R.\n3211-26, R. 3211-39, R. 3211-44 R. 3212-\n1 du code g\u00e9n\u00e9ral de la propri\u00e9t\u00e9 des\npersonnes publiques, art. A. 116 du code\ndu domaine de l'\u00c9tat, art. R. 322-8-1 du\ncode de l'environnement.\n2Passation  au  nom  de  l'\u00c9tat  des  actes\nd'acquisition, de prise en location d'immeubles et\nde droits immobiliers ou de fonds de commerce\nint\u00e9ressant les services publics civils ou militaires\nde l'\u00c9tat.Art.  R.  1212-1  et  R.  4111-8  du  code\ng\u00e9n\u00e9ral de la propri\u00e9t\u00e9 des personnes\npubliques.\n3Autorisation d'incorporation au domaine public\ndes biens du domaine priv\u00e9 de l'\u00c9tat.Art.  R.  2111-1  du  code  g\u00e9n\u00e9ral  de  la\npropri\u00e9t\u00e9 des personnes publiques.\n4Toutes op\u00e9rations se rapportant \u00e0 la passation et\n\u00e0 la signature des conventions d'utilisation avec le\nservice ou l'\u00e9tablissement utilisateur.Art.   R.  2313-3  et  R.  4121-2  du  code\ng\u00e9n\u00e9ral de la propri\u00e9t\u00e9 des personnes\npubliques.\n5Attribution  des  concessions  de  logements  et\npassation des conventions d'occupation pr\u00e9caire\navec astreinte.Art. R. 2124-66, R. 2124-69, R. 2222-18\net  R.  4121-3  du  code  g\u00e9n\u00e9ral  de  la\npropri\u00e9t\u00e9 des personnes publiques. \n6Instances domaniales de toute nature autres que\ncelles  qui  se  rapportent  \u00e0  l'assiette  et  au\nrecouvrement des droits, redevances et produits\ndomaniaux.Art.  R. 2331-1-1\u00b0 et 2\u00b0,  R. 2331-2, R.\n2331-3, R. 2331-4, R. 2331-5, R. 2331-6,\nR.  3231-1,  R.  3231-2  et  R.  4111-11  du\ncode  g\u00e9n\u00e9ral  de  la  propri\u00e9t\u00e9  des\npersonnes publiques.\n7Dans  les  d\u00e9partements  en  \u00ab  service foncier \u00bb :\ntous actes de proc\u00e9dures et toutes formalit\u00e9s\nrelatifs aux acquisitions d'immeubles, de droits\nimmobiliers  ou  de  fonds  de  commerceArt. R. 1212-9 \u00e0  R. 1212-11, R. 1212-14 et\nR.  1212-23   du  code  g\u00e9n\u00e9ral  de  la\npropri\u00e9t\u00e9 des personnes publiques.\nArt. 4 du d\u00e9cret n\u00b02011-1612 du 22 no -09 \u25a1 PREFECTURE DE L\u25a1ARIEGE \u25a1 DIRECTION DE LA COORDINATION INTERMINISTERIELLE ET DE L\u25a1APPUI TERRITORIAL -\n09-2024-01-04-00002 - Arr\u00eat\u00e9 pr\u00e9fectoral donnant d\u00e9l\u00e9gation de signature en mati\u00e8re domaniale \u00e0\nM. Marc COCCHIO, g\u00e9rant int\u00e9rimaire DDFIP6\npoursuivies,  soit  \u00e0  l'amiable,  soit  par  voie\nd'expropriation, \u00e0 l'exclusion de ceux vis\u00e9s aux\narticles R. 1212-12 et R. 1212-13 du code g\u00e9n\u00e9ral\nde la propri\u00e9t\u00e9 des personnes publiques et aux\narticles 4 et 5 du d\u00e9cret n\u00b0 67-568 du 12 juillet\n1967  relatif  \u00e0  la  r\u00e9alisation  d'acquisitions\nfonci\u00e8res  pour  le  compte  des  collectivit\u00e9s\npubliques dans certains d\u00e9partements.\nDans  les  cas  d'op\u00e9rations  poursuivies  pour  le\ncompte  des  d\u00e9partements,  de  communes  ou\nd'\u00e9tablissements  publics  d\u00e9pendant  de  ces\ncollectivit\u00e9s, signature de la convention conclue\navec ces collectivit\u00e9s ou \u00e9tablissements en vue\nde l'accomplissement de ces op\u00e9rations par les\nservices  de  la  direction  g\u00e9n\u00e9rale  des  finances\npubliques.vembre  2011  relatif  aux  premi\u00e8re,\ndeuxi\u00e8me, troisi\u00e8me et quatri\u00e8me par -\nties r\u00e9glementaires du code g\u00e9n\u00e9ral de\nla propri\u00e9t\u00e9 des personnes publiques.  \nD\u00e9cret n\u00b067-568 du 12 juillet 1967\nArt. 59 du d\u00e9cret n\u00b0 2004-374 du 29\navril 2004.\nArt. 2. - M. Marc COCCHIO, administrateur de l'\u00c9tat, g\u00e9rant int\u00e9rimaire de la Direction d\u00e9partementale\ndes Finances publiques de l'Ari\u00e8ge  peut donner sa subd\u00e9l\u00e9gation aux agents plac\u00e9s sous son autorit\u00e9,\npour signer les actes relatifs aux affaires pour lesquelles il a lui-m\u00eame re\u00e7u d\u00e9l\u00e9gation. Cette d\u00e9l\u00e9gation\nde signature sera prise, au nom du pr\u00e9fet de l'Ari\u00e8ge, par arr\u00eat\u00e9 de d\u00e9l\u00e9gation qui devra \u00eatre transmis\nau pr\u00e9fet de l'Ari\u00e8ge  aux fins de publication au recueil des actes administratifs de la pr\u00e9fecture. \nArt. 3. -  L'arr\u00eat\u00e9 pr\u00e9fectoral du 21 ao\u00fbt 2023 portant d\u00e9l\u00e9gation de signature en mati\u00e8re domaniale \u00e0\nM. Paul CHATAIL, directeur d\u00e9partemental des Finances publiques, est abrog\u00e9. \nArt.4. -  Le pr\u00e9sent arr\u00eat\u00e9 peut faire l'objet d'un recours devant le tribunal administratif de Toulouse,\ndans un d\u00e9lai de deux mois \u00e0 compter de sa publication, par courrier et \u00e9galement par l'application\ninformatique T\u00e9l\u00e9recours, accessible par le lien  : http://www.telerecours.fr.\nArt. 5. - Le secr\u00e9taire g\u00e9n\u00e9ral de la pr\u00e9fecture et le g\u00e9rant int\u00e9rimaire de la Direction d\u00e9partementale\ndes Finances publiques de l'Ari\u00e8ge  sont charg\u00e9s, chacun en ce qui le concerne, de l'ex\u00e9cution du\npr\u00e9sent  arr\u00eat\u00e9,  qui  sera  publi\u00e9  au  recueil  des  actes  administratifs  des  services  de  l'\u00c9tat dans  le\nd\u00e9partement.\nFait \u00e0 Foix, le 4 janvier 2024             \nLe pr\u00e9fet\nSign\u00e9\nSimon BERTOUX09 \u25a1 PREFECTURE DE L\u25a1ARIEGE \u25a1 DIRECTION DE LA COORDINATION INTERMINISTERIELLE ET DE L\u25a1APPUI TERRITORIAL -\n09-2024-01-04-00002 - Arr\u00eat\u00e9 pr\u00e9fectoral donnant d\u00e9l\u00e9gation de signature en mati\u00e8re domaniale \u00e0\nM. Marc COCCHIO, g\u00e9rant int\u00e9rimaire DDFIP7\nEx\nPR\u00c9FET  .\nDE L'ARI\u00c8GE\nLibert\u00e9\nEgalit\u00e9\nFraternit\u00e9\nPR\u00c9FECTURE\nDirection de la coordination interminist\u00e9rielle\net de l'appui territorial\nBureau de la coordination interminist\u00e9rielle\nCourriel : pref-coordination@ariege.gouv.fr\nArr\u00eat\u00e9 pr\u00e9fectoral portant d\u00e9l\u00e9gation de signature\nen mati\u00e8re de pouvoir  adjudicateur\nLe pr\u00e9fet de l'Ari\u00e8ge\nVu la loi n\u00b082-213 du 2 mars 1982 relative aux droits et libert\u00e9s communes, des d\u00e9partements et\ndes r\u00e9gions ;\nVu la loi d'orientation n\u00b092-125 du 6 f\u00e9vrier 1992 relative \u00e0 l'administration territoriale de la\nR\u00e9publique ;\nVu le code des march\u00e9s publics  ;\nVu le d\u00e9cret n\u00b092-604 du 1er juillet 1992 modifi\u00e9 portant charte de d\u00e9concentration  ;\nVu le d\u00e9cret n\u00b02004-374 du 29 avril 2004 relatif au pouvoir des pr\u00e9fets, \u00e0 l'organisation et \u00e0  \nl'action des services de l'\u00c9tat dans les r\u00e9gions et les d\u00e9partements, modifi\u00e9 par le d\u00e9cret  \nn\u00b02010-146 du 16 f\u00e9vrier 2010 et par le d\u00e9cret  n\u00b02010-687 du 24 juin 2010 ;\nVu le d\u00e9cret n\u00b02008-309 du 3 avril 2008 portant dispositions transitoires relatives \u00e0 la Direction \ng\u00e9n\u00e9rale des Finances publiques ;\nVu le d\u00e9cret n\u00b02008-310 du 3 avril 2008 relatif \u00e0 la Direction g\u00e9n\u00e9rale des Finances publiques ;\nVu le  d\u00e9cret  n\u00b02009-707  du  16  juin  2009  relatif  aux  services  d\u00e9concentr\u00e9s  de  la  Direction\ng\u00e9n\u00e9rale des Finances publiques ;\nVu le  d\u00e9cret  n\u00b02012-1246  du  7  novembre  2012  modifi\u00e9  relatif  \u00e0  la  gestion  budg\u00e9taire  et\ncomptable publique ;\nVu le d\u00e9cret n\u00b02021-1550 du 1er d\u00e9cembre 2021 modifi\u00e9 portant statut particulier du corps des\nadministrateurs de l'\u00c9tat ;\nVu le d\u00e9cret du 17 juillet 2023 portant int\u00e9gration (administrateurs de l'\u00c9tat) ;\nVu le d\u00e9cret du 13 juillet 2023 portant nomination de M. Simon BERTOUX en qualit\u00e9 de pr\u00e9fet du\nd\u00e9partement de l'Ari\u00e8ge  ;\nVu l'arr\u00eat\u00e9  du  9  juin  2010  portant  cr\u00e9ation  de  la  Direction  d\u00e9partementale  des  Finances\npubliques de l'Ari\u00e8ge ;\nVu l'arr\u00eat\u00e9 du 29 d\u00e9cembre 2022 relatif \u00e0 l'organisation du service des comptables publics ;\nVul'arr\u00eat\u00e9 du 14 novembre 2023 portant admission \u00e0 la retraite de M. Paul CHATAIL ;\nVu l'arr\u00eat\u00e9  du  8  d\u00e9cembre  2023  (BOFIP-RHO-23-1433)  confiant  \u00e0  M.  Marc  COCCHIO,\nadministrateur  de  l'\u00c9tat  du  deuxi\u00e8me  grade,  directeur-adjoint  de  la  Direction\nd\u00e9partementale des Finances publiques de l'Ari\u00e8ge, l'int\u00e9rim de la Direction d\u00e9partementale\ndes Finances publiques de l'Ari\u00e8ge en remplacement de M. Paul CHATAIL  ;\nVu l'arr\u00eat\u00e9 pr\u00e9fectoral du 4 janvier 2024 portant d\u00e9l\u00e9gation de signature \u00e0 Mme Karine SABLE-\nTEYCHENE,  adjointe  au  responsable  du  p\u00f4le  pilotage  et  ressources  en  mati\u00e8re  \nd'ordonnancement secondaire et de comptabilit\u00e9 g\u00e9n\u00e9rale de l'\u00c9tat  ;\n2 rue de la Pr\u00e9fecture - Pr\u00e9fet Claude - Erignac B.P. 40087 - 09007 Foix Cedex \u2013 T\u00e9l : 05 61 02 10  00\nSite internet : www.ariege.gouv.fr09 \u25a1 PREFECTURE DE L\u25a1ARIEGE \u25a1 DIRECTION DE LA COORDINATION INTERMINISTERIELLE ET DE L\u25a1APPUI TERRITORIAL -\n09-2024-01-04-00003 - Arr\u00eat\u00e9 pr\u00e9fectoral portant d\u00e9l\u00e9gation de signature\nen mati\u00e8re de pouvoir adjudicateur \u00e0 M. Marc COCCHIO, g\u00e9rant int\u00e9rimaire DDFIP8\nSur proposition du secr\u00e9taire g\u00e9n\u00e9ral ;\nARR\u00caTE\nArticle 1\nD\u00e9l\u00e9gation est donn\u00e9e \u00e0 M. Marc COCCHIO, Administrateur de l'\u00c9tat, g\u00e9rant int\u00e9rimaire de la Direction\nd\u00e9partementale des finances publiques de l'Ari\u00e8ge, \u00e0 l'effet de signer, dans la mesure o\u00f9 ils rel\u00e8vent de\nses attributions, les actes relevant du pouvoir adjudicateur, \u00e0 l'exception de ceux portant engagement,\nliquidation et ordonnancement au sens du d\u00e9cret n\u00b0 2012-1246 du 7 novembre 2012 modifi\u00e9.\nArticle 2\nD\u00e9l\u00e9gation est donn\u00e9e \u00e0 M me Karine SABLE-TEYCHENE, adjointe au  responsable du p\u00f4le pilotage et\nressources de la direction d\u00e9partementale des Finances publiques de l'Ari\u00e8ge \u00e0 l'effet de signer, dans la\nmesure o\u00f9 ils rel\u00e8vent de ses attributions, les actes d'ordonnancement secondaire dans les limites de\nl'arr\u00eat\u00e9 du 7 novembre 2022  susvis\u00e9 et relevant du pouvoir adjudicateur.\nArticle 3\nL'arr\u00eat\u00e9  pr\u00e9fectoral  du  21  ao\u00fbt  2023  portant  d\u00e9l\u00e9gation  de  signature  en  mati\u00e8re  de  pouvoir\nadjudicateur est abrog\u00e9. \nArticle 4\nLe pr\u00e9sent arr\u00eat\u00e9 peut faire l'objet d'un recours devant le tribunal administratif de Toulouse, dans un\nd\u00e9lai de deux mois \u00e0 compter de sa publication, par courrier et \u00e9galement par l'application informa -\ntique T\u00e9l\u00e9recours, accessible par le lien  : http://www.telerecours.fr.\nArticle 5\nLe secr\u00e9taire g\u00e9n\u00e9ral de la pr\u00e9fecture  et  le  g\u00e9rant int\u00e9rimaire de la Direction d\u00e9partementale des fi -\nnances publiques de l'Ari\u00e8ge , sont charg\u00e9s, chacun en ce qui le concerne, de l'ex\u00e9cution du pr\u00e9sent ar -\nr\u00eat\u00e9 qui sera publi\u00e9 au recueil des actes administratifs des services de l'\u00c9tat dans le d\u00e9partement.\nFait \u00e0 Foix, le 4 janvier 2024             \nLe pr\u00e9fet\nSign\u00e9\nSimon BERTOUX09 \u25a1 PREFECTURE DE L\u25a1ARIEGE \u25a1 DIRECTION DE LA COORDINATION INTERMINISTERIELLE ET DE L\u25a1APPUI TERRITORIAL -\n09-2024-01-04-00003 - Arr\u00eat\u00e9 pr\u00e9fectoral portant d\u00e9l\u00e9gation de signature\nen mati\u00e8re de pouvoir adjudicateur \u00e0 M. Marc COCCHIO, g\u00e9rant int\u00e9rimaire DDFIP9\nEx\nPR\u00c9FET  .\nDE L'ARI\u00c8GE\nLibert\u00e9\nEgalit\u00e9\nFraternit\u00e9\nPR\u00c9FECTURE\nDirection de la coordination interminist\u00e9rielle\net de l'appui territorial\nBureau de la coordination interminist\u00e9rielle\nCourriel : pref-coordination@ariege.gouv.fr\nArr\u00eat\u00e9 pr\u00e9fectoral portant d\u00e9l\u00e9gation de signature\nen mati\u00e8re d'ouverture ou de fermeture exceptionnelle des services d\u00e9concentr\u00e9s\nde la direction d\u00e9partementale des Finances publiques de l'Ari\u00e8ge\n\u00e0 \nM. Marc COCCHIO, Administrateur de l'\u00c9tat,\ng\u00e9rant int\u00e9rimaire de la Direction d\u00e9partementale des finances publiques de l'Ari\u00e8ge\nLe pr\u00e9fet de l'Ari\u00e8ge\nVu le d\u00e9cret n\u00b071-69 du 26 janvier 1971 relatif au r\u00e9gime d'ouverture au public des services  \next\u00e9rieurs de l'\u00c9tat  ; \nVu le d\u00e9cret n\u00b0 2004-374 du 29 avril 2004 modifi\u00e9 relatif au pouvoir des pr\u00e9fets, \u00e0 l'organisation\net \u00e0 l'action des  services de l'\u00c9tat dans  les r\u00e9gions et les d\u00e9partements, notamment ses\narticles 26 et 43 ;\nVu le d\u00e9cret n\u00b02008-309 du 3 avril 2008 portant dispositions transitoires relatives \u00e0 la Direction\ng\u00e9n\u00e9rale des Finances publiques ;\nVu le d\u00e9cret n\u00b02008-310 du 3 avril 2008 relatif \u00e0 la Direction g\u00e9n\u00e9rale des Finances publiques ;\nVu le d\u00e9cret du 20 f\u00e9vrier 2009 relatif au statut particulier des administrateurs des Finances  \npubliques ;\nVu le  d\u00e9cret  n\u00b02009-707  du  16  juin  2009  relatif  aux  services  d\u00e9concentr\u00e9s  de  la  Direction\ng\u00e9n\u00e9rale des Finances publiques ;\nVu le  d\u00e9cret  n\u00b02012-1246  du  7  novembre  2012  modifi\u00e9  relatif  \u00e0  la  gestion  budg\u00e9taire  et\ncomptable publique ;\nVu le d\u00e9cret n\u00b02021-1550 du 1er d\u00e9cembre 2021 modifi\u00e9 portant statut particulier du corps des\nadministrateurs de l'\u00c9tat ;\nVu le d\u00e9cret du 13 juillet 2023 portant nomination de M. Simon BERTOUX en qualit\u00e9 de pr\u00e9fet du\nd\u00e9partement de l'Ari\u00e8ge  ;\nVu le d\u00e9cret du 17 juillet 2023 portant int\u00e9gration (administrateurs de l'\u00c9tat) ;\nVu l'arr\u00eat\u00e9  du  9  juin  2010  portant  cr\u00e9ation  de  la  Direction  d\u00e9partementale  des  Finances\npubliques de l'Ari\u00e8ge ;\nVu l'arr\u00eat\u00e9 du 29 d\u00e9cembre 2022 relatif \u00e0 l'organisation du service des comptables publics ;\nVu l'arr\u00eat\u00e9 du 14 novembre 2023 portant admission \u00e0 la retraite de M. Paul CHATAIL ;\nVu l'arr\u00eat\u00e9  du  8  d\u00e9cembre  2023  (B OFIP-RHO-23-1433)  confiant  \u00e0  M.  Marc  COCCHIO,\nadministrateur  de  l'\u00c9tat  du  deuxi\u00e8me  grade,  directeur-adjoint  de  la  Direction\nd\u00e9partementale des Finances publiques de l'Ari\u00e8ge, l'int\u00e9rim de la Direction d\u00e9partementale\ndes Finances publiques de l'Ari\u00e8ge en remplacement de M. Paul CHATAIL  ;\n2 rue de la Pr\u00e9fecture - Pr\u00e9fet Claude - Erignac B.P. 40087 - 09007 Foix Cedex \u2013 T\u00e9l : 05 61 02 10  00\nSite internet : www.ariege.gouv.fr09 \u25a1 PREFECTURE DE L\u25a1ARIEGE \u25a1 DIRECTION DE LA COORDINATION INTERMINISTERIELLE ET DE L\u25a1APPUI TERRITORIAL -\n09-2024-01-04-00004 - Arr\u00eat\u00e9 pr\u00e9fectoral portant d\u00e9l\u00e9gation de signature\nen mati\u00e8re d\u25a1ouverture ou de fermeture exceptionnelle des services d\u00e9concentr\u00e9s\nde la direction d\u00e9partementale des Finances publiques de l\u25a1Ari\u00e8ge \u00e0 M. Marc COCCHIO, g\u00e9rant int\u00e9rimaire DDFIP10\nSur proposition du secr\u00e9taire g\u00e9n\u00e9ral ;\nARR\u00caTE\nArticle 1  er   :\nD\u00e9l\u00e9gation de signature est donn\u00e9e \u00e0 M. Marc COCCHIO, administrateur de l'\u00c9tat, g\u00e9rant int\u00e9rimaire de\nla Direction d\u00e9partementale des Finances publiques de l'Ari\u00e8ge , \u00e0 l'effet de signer, dans la limite de ses\nattributions  et  comp\u00e9tences,  les  arr\u00eat\u00e9s  relatifs  \u00e0  la  fermeture  exceptionnelle  des  services  de  la\nDirection d\u00e9partementale des Finances publiques de l'Ari\u00e8ge.\nArticle 2     :  \nLe pr\u00e9sent arr\u00eat\u00e9 peut faire l'objet d'un recours devant le tribunal administratif de Toulouse, dans un\nd\u00e9lai  de  deux  mois  \u00e0  compter  de  sa  publication,  par  courrier  et  \u00e9galement  par  l'application\ninformatique T\u00e9l\u00e9recours, accessible par le lien  : http://www.telerecours.fr .\nArticle 3 : \nL'arr\u00eat\u00e9 pr\u00e9fectoral du 21 ao\u00fbt 2023 portant d\u00e9l\u00e9gation de signature \u00e0 M. Paul CHATAIL en mati\u00e8re\nd'ouverture ou de fermeture exceptionnelle des services d\u00e9concentr\u00e9s de la direction d\u00e9partementale\ndes Finances publiques de l'Ari\u00e8ge, est abrog\u00e9. \nArticle   4     :\nLe secr\u00e9taire g\u00e9n\u00e9ral de la pr\u00e9fecture  et  le  g\u00e9rant int\u00e9rimaire de la Direction d\u00e9partementale des\nFinances publiques de l'Ari\u00e8ge , sont charg\u00e9s, chacun en ce qui le concerne, de l'ex\u00e9cution du pr\u00e9sent\narr\u00eat\u00e9 qui sera publi\u00e9 au recueil des actes administratifs des services de l'\u00c9tat dans le d\u00e9partement.\nFait \u00e0 Foix, le 4 janvier 2024             \nLe pr\u00e9fet\nSign\u00e9\nSimon BERTOUX09 \u25a1 PREFECTURE DE L\u25a1ARIEGE \u25a1 DIRECTION DE LA COORDINATION INTERMINISTERIELLE ET DE L\u25a1APPUI TERRITORIAL -\n09-2024-01-04-00004 - Arr\u00eat\u00e9 pr\u00e9fectoral portant d\u00e9l\u00e9gation de signature\nen mati\u00e8re d\u25a1ouverture ou de fermeture exceptionnelle des services d\u00e9concentr\u00e9s\nde la direction d\u00e9partementale des Finances publiques de l\u25a1Ari\u00e8ge \u00e0 M. Marc COCCHIO, g\u00e9rant int\u00e9rimaire DDFIP11\nEx\nPR\u00c9FET  .\nDE L'ARI\u00c8GE\nLibert\u00e9\nEgalit\u00e9\nFraternit\u00e9\nPR\u00c9FECTURE\nDirection de la coordination interminist\u00e9rielle\net de l'appui territorial\nBureau de la coordination interminist\u00e9rielle\nCourriel : pref-coordination@ariege.gouv.fr\nArr\u00eat\u00e9 pr\u00e9fectoral portant d\u00e9l\u00e9gation de signature \u00e0 Mme Karine SABL \u00c9-TEYCHEN\u00c9\nInspectrice divisionnaire des finances publiques\nen mati\u00e8re d'ordonnancement secondaire et de comptabilit\u00e9 g\u00e9n\u00e9rale de l'\u00c9tat\nLe pr\u00e9fet de l'Ari\u00e8ge\nVu la loi organique n\u00b02001-692 du 1er ao\u00fbt 2001 relative aux lois de finances ;\nVu la loi n\u00b082-213 du 2 mars 1982 relative aux droits et libert\u00e9s communes, des d\u00e9partements et des \nr\u00e9gions ;\nVu  la  loi  d'orientation  n\u00b092-125  du  6  f\u00e9vrier  1992  relative  \u00e0  l'administration  territoriale  de  la\nR\u00e9publique ;\nVu le d\u00e9cret n\u00b092-604 du 1er juillet 1992 modifi\u00e9 portant charte de d\u00e9concentration ;\nVu le d\u00e9cret n\u00b0 2004-374 du 29 avril 2004 relatif au pouvoir des pr\u00e9fets, \u00e0 l'organisation et \u00e0 l'action \ndes services de l'\u00c9tat dans les r\u00e9gions et les d\u00e9partements, modifi\u00e9 par le  d\u00e9cret n\u00b02010-146 du 16\nf\u00e9vrier 2010 et par le d\u00e9cret n\u00b02010-687 du 24 juin 2010 ;\nVu le d\u00e9cret n\u00b02008-309 du 3 avril 2008 portant dispositions transitoires relatives \u00e0 la Direction  \ng\u00e9n\u00e9rale des Finances publiques ;\nVu le d\u00e9cret n\u00b02008-310 du 3 avril 2008 relatif \u00e0 la Direction g\u00e9n\u00e9rale des Finances publiques ;\nVu le d\u00e9cret n\u00b02009-707 du 16 juin 2009 relatif aux services d\u00e9concentr\u00e9s de la Direction g\u00e9n\u00e9rale \ndes Finances publiques ;\nVu le d\u00e9cret n\u00b02012-1246 du 7 novembre 2012 modifi\u00e9 relatif \u00e0 la gestion budg\u00e9taire et comptable \npublique ;\nVu le d\u00e9cret n\u00b02020-99 du 7 f\u00e9vrier 2020 relatif \u00e0 l'organisation et aux missions des secr\u00e9tariats  \ng\u00e9n\u00e9raux communs d\u00e9partementaux ;\nVu le d\u00e9cret n\u00b02021-1550 du 1er d\u00e9cembre 2021 modifi\u00e9 portant statut particulier du corps des  \nadministrateurs de l'\u00c9tat ;\nVu le d\u00e9cret du 13 juillet 2023 portant nomination de M. Simon BERTOUX en qualit\u00e9 de pr\u00e9fet du \nd\u00e9partement de l'Ari\u00e8ge ;\nVu le d\u00e9cret du 17 juillet 2023 portant int\u00e9gration (administrateurs de l'\u00c9tat) ;\nVu l'arr\u00eat\u00e9 du 9 juin 2010 portant cr\u00e9ation de la Direction d\u00e9partementale des Finances publiques de\nl'Ari\u00e8ge ;\nVu l'arr\u00eat\u00e9 de nomination du 7 juin 2021 de Mme Anne MONE \u00e0 la DDFIP de l'Ari\u00e8ge  ;\nVu l'arr\u00eat\u00e9 du 29 d\u00e9cembre 2022 relatif \u00e0 l'organisation du service des comptables publics ;\nVu l'arr\u00eat\u00e9 du 14 novembre 2023 portant admission \u00e0 la retraite ;\nVu l'arr\u00eat\u00e9 du 8 d\u00e9cembre 2023 (BOFIP-RHO-23-1433) confiant \u00e0 M. Marc COCCHIO, administrateur\nde l'\u00c9tat  du  deuxi\u00e8me grade,  directeur-adjoint  de la  Direction d\u00e9partementale des  Finances\npubliques de l'Ari\u00e8ge, l'int\u00e9rim de la Direction d\u00e9partementale des Finances publiques de l'Ari\u00e8ge\nen remplacement d e M. Paul CHATAIL  ;\n2 rue de la Pr\u00e9fecture - Pr\u00e9fet Claude - Erignac B.P . 40087 - 09007 Foix Cedex \u2013 T\u00e9l : 05 61 02 10 00\nSite internet : www.ariege.gouv.fr09 \u25a1 PREFECTURE DE L\u25a1ARIEGE \u25a1 DIRECTION DE LA COORDINATION INTERMINISTERIELLE ET DE L\u25a1APPUI TERRITORIAL -\n09-2024-01-04-00005 - Arr\u00eat\u00e9 pr\u00e9fectoral portant d\u00e9l\u00e9gation de signature \u00e0 Mme Karine SABLE-TEYCHENE, en mati\u00e8re\nd\u25a1ordonnancement secondaire et de comptabilit\u00e9 g\u00e9n\u00e9rale de l'\u00c9tat12\nVu la circulaire en date du 12 juin 2019 relative \u00e0 la mise en \u0153uvre de la r\u00e9forme territoriale de l'\u00c9tat ;\nVu la d\u00e9cision de nomination du 31 d\u00e9cembre 2021 de M. Marc COCCHIO, responsable du p\u00f4le  \npilotage et ressources \u00e0 la DDFIP de l'Ari\u00e8ge;\nSur  proposition du secr\u00e9taire g\u00e9n\u00e9ral de la pr\u00e9fecture de l'Ari\u00e8ge :\nARR\u00caTE\nArticle 1  er  \nD\u00e9l\u00e9gation  de signature est  donn\u00e9e  \u00e0  Mme Karine  SABL\u00c9-TEYCHEN\u00c9,  inspectrice divisionnaire des\nFinances publiques, adjointe au responsable du p\u00f4le pilotage et ressources, \u00e0 effet de :\n- signer, dans la limite de ses attributions et comp\u00e9tences, tout document, acte, d\u00e9cision, contrat,\nconclusion, m\u00e9moire et, d'une fa\u00e7on plus g\u00e9n\u00e9rale, tous les actes se traduisant par l'ordonnancement\nde  d\u00e9penses  ou  de  recettes  se  rapportant  au  fonctionnement  ou  \u00e0  l'\u00e9quipement  de  la  direction\nd\u00e9partementale des finances publiques de l'Ari\u00e8ge, ainsi que l'ordonnancement de toute recette se\nrapportant aux attributions et activit\u00e9s de la direction d\u00e9partementale des finances publiques de\nl'Ari\u00e8ge ;\n- recevoir les cr\u00e9dits des programmes suivants  :\nn\u00b0 362 \u00ab Plan de relance \u2013 \u00e9cologie  \u00bb\nn\u00b0 348 \u00ab Performance et r\u00e9silience des b\u00e2timents de l'\u00c9tat et de ses op\u00e9rateurs  \u00bb\nn\u00b0 156  \u00ab Gestion fiscale et financi\u00e8re de l'\u00c9tat et du secteur public local  \u00bb\nn\u00b0 218  \u00ab Conduite et pilotage des politiques \u00e9conomique et financi\u00e8re  \u00bb\nn\u00b0 723 \u00ab Contribution aux d\u00e9penses immobili\u00e8res  \u00bb\n- proc\u00e9der \u00e0 l'ordonnancement secondaire des recettes et des d\u00e9penses de l'\u00c9tat imput\u00e9es sur les titres\n2, 3 et 5 des programmes pr\u00e9cit\u00e9s.\nCette d\u00e9l\u00e9gation porte sur l'engagement, la liquidation et le mandatement des d\u00e9penses, ainsi que sur\nl'\u00e9mission et la signature des titres de recettes.\nArticle 2\nD\u00e9l\u00e9gation de signature est donn\u00e9e \u00e0 Madame Anne MONE, administratrice des Finances publiques\nadjointe, responsable du p\u00f4le gestion publique, \u00e0 effet de  :\n- signer, dans la limite de ses attributions et comp\u00e9tences, toute d\u00e9claration de conformit\u00e9 en mati\u00e8re\nd'op\u00e9rations d'inventaire et, d'une fa\u00e7on plus g\u00e9n\u00e9rale, tous les actes se traduisant par la constatation\ndes droits et obligations et l'inventaire des biens se rapportant \u00e0 l'activit\u00e9 financi\u00e8re de la direction\nd\u00e9partementale des finances publiques de l'Ari\u00e8ge.\nArticle 3     \nDemeurent r\u00e9serv\u00e9s \u00e0 la signature du Pr\u00e9fet de l'Ari\u00e8ge  :09 \u25a1 PREFECTURE DE L\u25a1ARIEGE \u25a1 DIRECTION DE LA COORDINATION INTERMINISTERIELLE ET DE L\u25a1APPUI TERRITORIAL -\n09-2024-01-04-00005 - Arr\u00eat\u00e9 pr\u00e9fectoral portant d\u00e9l\u00e9gation de signature \u00e0 Mme Karine SABLE-TEYCHENE, en mati\u00e8re\nd\u25a1ordonnancement secondaire et de comptabilit\u00e9 g\u00e9n\u00e9rale de l'\u00c9tat13\n- les ordres de r\u00e9quisition du comptable public  ;\n- les d\u00e9cisions de passer outre aux refus de visas et aux avis d\u00e9favorables de l'autorit\u00e9 charg\u00e9e du\ncontr\u00f4le financier en mati\u00e8re d'engagement des d\u00e9penses  ;\n- l'ordonnancement secondaire des d\u00e9penses de l'\u00c9tat du programme 833 \u2013 Avances sur le montant des\nimpositions revenant aux r\u00e9gions, d\u00e9partements, communes, \u00e9tablissements et divers organismes.\nArticle 4     \nMesdames  Karine  SABL\u00c9-TEYCHEN\u00c9  et  Anne  MONE  peuvent,  en  tant  que  de  besoin  et  sous  leur\nresponsabilit\u00e9, donner d\u00e9l\u00e9gation de signature aux agents plac\u00e9s sous leur autorit\u00e9 dans les conditions\npr\u00e9vues par l'article 44 du d\u00e9cret n\u00b02004-374 modifi\u00e9 du 29 avril 2004.\nArticle 5     \nL'arr\u00eat\u00e9 pr\u00e9fectoral du  21 ao\u00fbt 2023 portant d\u00e9l\u00e9gation de signature en mati\u00e8re d'ordonnancement\nsecondaire et de comptabilit\u00e9 g\u00e9n\u00e9rale de l'\u00c9tat est abrog\u00e9.\nArticle 6\nLe pr\u00e9sent arr\u00eat\u00e9 peut faire l'objet d'un recours devant le tribunal administratif de Toulouse, dans un\nd\u00e9lai  de  deux  mois  \u00e0  compter  de  sa  publication,  par  courrier  et  \u00e9galement  par  l'application\ninformatique T\u00e9l\u00e9recours, accessible par le lien  : http://www.telerecours.fr .\nArticle 7     \nLe Secr\u00e9taire g\u00e9n\u00e9ral de la pr\u00e9fecture et le g\u00e9rant int\u00e9rimaire de la direction d\u00e9partementale des\nfinances publiques de l'Ari\u00e8ge sont charg\u00e9s, chacun en ce qui le concerne, de l'ex\u00e9cution du pr\u00e9sent\narr\u00eat\u00e9 qui sera publi\u00e9 au recueil des actes administratifs de la pr\u00e9fecture de l'Ari\u00e8ge.\nFait \u00e0 Foix, le 4 janvier 2024             \nLe pr\u00e9fet\nSign\u00e9\nSimon BERTOUX09 \u25a1 PREFECTURE DE L\u25a1ARIEGE \u25a1 DIRECTION DE LA COORDINATION INTERMINISTERIELLE ET DE L\u25a1APPUI TERRITORIAL -\n09-2024-01-04-00005 - Arr\u00eat\u00e9 pr\u00e9fectoral portant d\u00e9l\u00e9gation de signature \u00e0 Mme Karine SABLE-TEYCHENE, en mati\u00e8re\nd\u25a1ordonnancement secondaire et de comptabilit\u00e9 g\u00e9n\u00e9rale de l'\u00c9tat14","date":"2024-01-04","first_seen_on":"2024-08-21T18:13:34+00:00","id":"549e9fbab810ca2d7784547fac1da91676acc257c282407f12a207b5a7c97677","name":"recueil-09-2024-002-recueil-des-actes-administratifs","pdf_creation_date":"2024-01-04T08:06:47+00:00","pdf_modification_date":null,"timezone":"Europe/Paris","url":"https://www.ariege.gouv.fr/contenu/telechargement/28510/193529/file/recueil-09-2024-002-recueil-des-actes-administratifs.pdf"}
