{"administration":"prefidf","administration_name":"Pr\u00e9fecture de la r\u00e9gion \u00cele-de-France","content":"PREFECTURE\nREGION ILE DE\nFRANCE\nRECUEIL DES ACTES\nADMINISTRATIFS SP\u00c9CIAL\nN\u00b0IDF-063-2025-03\nPUBLI\u00c9 LE 28 MARS 2025\nSommaire\nAgence R\u00e9gionale de Sant\u00e9 /\nIDF-2025-02-13-00008 - Arr\u00eat\u00e9 2025-082 portant prorogation de\nl'arr\u00eat\u00e9 2022-193 du 14 octobre 2022 et de l'arr\u00eat\u00e9 2018-175 du 16\noctobre 2018 relatif de l'autorisation de cr\u00e9ation d'une unit\u00e9\nrenforc\u00e9e d'accueil de transition (URAT) de 6 places au sein de la Maison\nd'Accueil Sp\u00e9cialis\u00e9e \"Le Ponant\" \u00e0 Etampes g\u00e9r\u00e9e par\nl'Etablissement Public de Sant\u00e9 Barth\u00e9l\u00e9my Durand (EPS BD) (4 pages) Page 3\nIDF-2025-03-14-00011 - Arr\u00eat\u00e9 2025-083 portant autorisation d'extension\nde capacit\u00e9 de 100 \u00e0 150 places du CAMSP Les Comptines \u00e0\nSaint-Denis g\u00e9r\u00e9 par l'association Entraide Union (4 pages) Page 8\nIDF-2025-03-14-00012 - Arr\u00eat\u00e9 2025-84 portant autorisation de\nchangement de d\u00e9nomination de l'Institut Edouard Clapar\u00e8de \u00e0\nNeuilly-sur-Seine (4 pages) Page 13\nIDF-2025-03-27-00030 - Arr\u00eat\u00e9 n\u00b0 2025-76 portant autorisation de\ncr\u00e9ation d'un centre de ressources territorial                                      \nport\u00e9 par le service de soins infirmiers \u00e0 domicile (SSIAD) de Mormant\nsis 1 rue du Pourtoir \u00e0 Aubepierre-Ozouer-le-Repos (77720) g\u00e9r\u00e9 par\nl'association de soins infirmiers \u00e0 domicile\n (3 pages) Page 18\nDirection r\u00e9gionale et interd\u00e9partementale de l'\u00e9conomie, de l'emploi,\ndu travail et des solidarit\u00e9s d'\u00cele-de-France / P\u00f4le Politique du travail\nIDF-2025-03-28-00002 - D\u00e9cision n\u00b0 2025-046 du 28 mars 2025 relative\n\u00e0 la localisation et \u00e0 la d\u00e9limitation des unit\u00e9s de contr\u00f4le de la\ndirection d\u00e9partementale de l'emploi, du travail et des solidarit\u00e9s\ndes Yvelines (9 pages) Page 22\n2\nAgence R\u00e9gionale de Sant\u00e9\nIDF-2025-02-13-00008\nArr\u00eat\u00e9 2025-082 portant prorogation de l'arr\u00eat\u00e9\n2022-193 du 14 octobre 2022 et de l'arr\u00eat\u00e9\n2018-175 du 16 octobre 2018 relatif de\nl'autorisation de cr\u00e9ation d'une unit\u00e9 renforc\u00e9e\nd'accueil de transition (URAT) de 6 places au sein\nde la Maison d'Accueil Sp\u00e9cialis\u00e9e \"Le Ponant\" \u00e0\nEtampes g\u00e9r\u00e9e par l'Etablissement Public de\nSant\u00e9 Barth\u00e9l\u00e9my Durand (EPS BD)\nAgence R\u00e9gionale de Sant\u00e9 - IDF-2025-02-13-00008 - Arr\u00eat\u00e9 2025-082 portant prorogation de l'arr\u00eat\u00e9 2022-193 du 14 octobre 2022 et\nde l'arr\u00eat\u00e9 2018-175 du 16 octobre 2018 relatif de l'autorisation de cr\u00e9ation d'une unit\u00e9 renforc\u00e9e d'accueil de transition (URAT) de 6\nplaces au sein de la Maison d'Accueil Sp\u00e9cialis\u00e9e \"Le Ponant\" \u00e0 Etampes g\u00e9r\u00e9e par l'Etablissement Public de Sant\u00e9 Barth\u00e9l\u00e9my Durand\n(EPS BD)\n3\nREPUBLIQUEFRANCAISELibert\u00e9Egalit\u00e9Fraternit\u00e9 e D Agence R\u00e9gionale de Sant\u00e9Ile-de-France\n \n   \n \n \n \n \n \n \n \n \n \nARRETE N\u00b0 2025 \u2013 082   \n     \nPortant prorogation de l'arr\u00eat\u00e9 N\u00b0 2022-193 du 14 octobre 2022  et de l'arr\u00eat\u00e9 n\u00b0 2018-175 \ndu 16 octobre 2018 relatif \u00e0 l' autorisation de cr\u00e9ation d'une unit\u00e9 renforc\u00e9e d'accueil de \ntransition (URAT) de 6 places au sein de la Maison d'Accueil Sp\u00e9cialis\u00e9 e \u00ab Le Ponant \u00bb \u00e0 \nEtampes (91) g\u00e9r\u00e9e par l'Etablissement Public de Sant\u00e9 Barth\u00e9l\u00e9my Durand (EPS BD) \n \n \nLE DIRECTEUR G\u00c9N\u00c9RAL DE L'AGENCE R\u00c9GIONALE DE SANT\u00c9 \u00ceLE-DE-FRANCE \n \n \nVU le code de l'action sociale et des familles et notamment les articles L. 312-1, L. 313-1,   \nL. 314-3 et suivants ; \n \nVU        le d\u00e9cret du 10 avril 2024 portant nomination de Monsieur Denis ROBIN, Directeur g\u00e9n\u00e9ral \nde l'Agence r\u00e9gionale de sant\u00e9 Ile-de-France \u00e0 compter du 29 avril 2024 ; \n \nVU le d\u00e9cret n\u00b0 2017 -1620 du 28 novembre 2017 relatif \u00e0 la caducit\u00e9 de l'autorisation des \n\u00e9tablissements sociaux et m\u00e9dico -sociaux mentionn\u00e9s \u00e0 l'article L. 313 -1 du code de \nl'action sociale et des familles ; \n \nVU l'arr\u00eat\u00e9 DS N SG/DRH2024-15 du 24 d\u00e9cembre 2024 portant nomination de Monsieur \nRichade FAHAS aux fonctions de Directeur de la d\u00e9l\u00e9gation d\u00e9partementale de l'Essonne \nde l'Agence r\u00e9gionale de sant\u00e9 \u00cele-de-France ; \n \nVU l'arr\u00eat\u00e9 DS N\u00b0  123/2024 du 31 d\u00e9cembre 2024 portant d\u00e9l\u00e9gation de signature de \nMonsieur Richade FAHAS, directeur de la d\u00e9l\u00e9gation d\u00e9partementale de l'Essonne ; \n \nVU l'arr\u00eat\u00e9 n\u00b0 DIRNOV-2023/08 de la Directrice g\u00e9n\u00e9rale de l'Agence r\u00e9gionale de sant\u00e9 Ile-\nde-France en date du 26 octobre 2023 portant adoption du cadre d'orientation strat\u00e9gique \n2018-2028 du projet r\u00e9gional de sant\u00e9 d'\u00cele-de-France ; \n \nVU l'arr\u00eat\u00e9 n\u00b0 DIRNOV-2023/09 de la Directrice g\u00e9n\u00e9rale de l'Agence r\u00e9gionale de sant\u00e9 Ile-\nde-France en date du 26 octobre 2023 portant adoption du sch\u00e9ma r\u00e9gional de sant\u00e9 \n2023-2028 du projet r\u00e9gional de sant\u00e9 d' \u00cele-de-France, modifi\u00e9 par l'arr\u00eat\u00e9 n\u00b0DIRNOV -\n2023/09 en date du 12 janvier 2024 ; \n \nVU l'arr\u00eat\u00e9 n\u00b0 2023-346 de la Directrice g\u00e9n\u00e9rale de l'Agence r\u00e9gionale de sant\u00e9 Ile-de-France \nen date du 4 d\u00e9cembre 2023 \u00e9tablissant le programme interd\u00e9partemental \nd'accompagnement des handicaps et de la perte d'autonomie (PRIAC) 2023-2027 pour la \nr\u00e9gion Ile-de-France ; \n \nVu l'arr\u00eat\u00e9 n\u00b0 2010 -DDASS-PMS-100540 du pr\u00e9fet de l'Essonne en date du 3 f\u00e9vrier 2010 \nautorisant la cr\u00e9ation d'une MAS \u00e0 Etampes destin\u00e9e \u00e0 la prise en charge de personnes \nhandicap\u00e9es souffrant de troubles psychiques ; \n \nVu l'arr\u00eat\u00e9 n\u00b0 2012 -144 du Directeur g\u00e9n\u00e9ral de l'Agen ce r\u00e9gionale de sant\u00e9 Ile -de-France \nportant la capacit\u00e9 totale de cet \u00e9tablissement \u00e0 60 places dont  57 en h\u00e9bergement \npermanent et 3 en accueil temporaire ; \n \nAgence R\u00e9gionale de Sant\u00e9 - IDF-2025-02-13-00008 - Arr\u00eat\u00e9 2025-082 portant prorogation de l'arr\u00eat\u00e9 2022-193 du 14 octobre 2022 et\nde l'arr\u00eat\u00e9 2018-175 du 16 octobre 2018 relatif de l'autorisation de cr\u00e9ation d'une unit\u00e9 renforc\u00e9e d'accueil de transition (URAT) de 6\nplaces au sein de la Maison d'Accueil Sp\u00e9cialis\u00e9e \"Le Ponant\" \u00e0 Etampes g\u00e9r\u00e9e par l'Etablissement Public de Sant\u00e9 Barth\u00e9l\u00e9my Durand\n(EPS BD)\n4\n2 \n \nVu l'arr\u00eat\u00e9 n\u00b0 2018 -175 du 16 octobre 2018 portant autorisation  de cr\u00e9ation d'une unit\u00e9 \nrenforc\u00e9e d'accueil de transition (URAT) de 6 places au sein de la Maison d'Accueil \nSp\u00e9cialis\u00e9e \u00ab Le Ponant \u00bb \u00e0 Etampes (91150) g\u00e9r\u00e9 par l'EPS BD \n \nVu  l'arr\u00eat\u00e9 n\u00b0 2022-193 du 14 octobre 2022 portant prorogation de l'arr\u00eat\u00e9 n\u00b0 2018-175 du 16 \noctobre 2018 portant autorisation de cr\u00e9ation d'une URAT ; \n \nVu l'avis d'appel \u00e0 candidature pour la cr\u00e9ation d'unit\u00e9s renforc\u00e9es d'accueil de transition \npour adultes pr\u00e9sentant des situations complexes de troubles du spectre autistique publi\u00e9 \nau recueil des actes administratifs de la r\u00e9gion \u00cele-de-France le 5 septembre 2017 ; \n \nVu les dossiers recevables en r\u00e9ponse \u00e0 l'appel \u00e0 candidatures ; \n \nVu  le projet pr\u00e9sent\u00e9 par l'Etablissement Public de Sant\u00e9 Barth\u00e9l\u00e9my Durand ; \n \nVu l'avis de classement de la commission r\u00e9gionale de s\u00e9lection des appels \u00e0 candidatures \nqui s'est tenue le 22 mars 2018 ; \n \n \nCONSID\u00c9RANT        que le  projet d\u00e9pos\u00e9 par l'Etablissement Public de Sant\u00e9 Barth\u00e9l\u00e9my \nDurand r\u00e9pond \u00e0 un besoin identifi\u00e9 sur le d\u00e9partement ; \n \nCONSID\u00c9RANT  que les contraintes financi\u00e8res, techniques et environnement ales ont \nconduit \u00e0 retravailler le projet \u00e0 plusieurs reprises ; \n \nCONSID\u00c9RANT que l'autorisation de cr\u00e9ation d'une unit\u00e9 renforc\u00e9e d'accueil de transition \n(URAT) de 6 places au sein de la Maison d'Accueil Sp\u00e9cialis\u00e9 e \u00ab Le \nPonant \u00bb \u00e0 Etampes (91) g\u00e9r\u00e9e par l'Etablissement Public de Sant\u00e9 \nBarth\u00e9l\u00e9my Durand est caduque en l'absence d'ouverture au public d e \nl'\u00e9tablissement dans un d\u00e9lai de quatre ans tel qu'indiqu\u00e9 dans l'arr\u00eat\u00e9 \nd'autorisation de cr\u00e9ation du 16 octobre 2018 ; \n \nCONSID\u00c9RANT        que ce projet est d\u00e9sormais programm\u00e9 pour une ouverture au printemps \n2025 au regard des travaux engag\u00e9s ; \n \nCONSID\u00c9RANT  que ce projet reste compatible avec les objectifs et r\u00e9pond aux besoins \nsociaux et m\u00e9dico-sociaux fix\u00e9s par les sch\u00e9mas et plan ;  \n \nCONSID\u00c9RANT que le projet pr\u00e9sente un co\u00fbt de fonctionnement  en ann\u00e9e pleine \ncompatible avec le PRIAC \u00cele-de-France et avec le montant de l'une des \ndotations mentionn\u00e9es \u00e0 l'article L. 314-3 du code de l'action sociale et des \nfamilles ; \n \nCONSID\u00c9RANT que l'Agence r\u00e9gionale de sant\u00e9 \u00cele-de-France dispose pour ce projet des \ncr\u00e9dits n\u00e9cessaires \u00e0 sa mise en \u0153uvre \u00e0 hauteur de 1 140 000 \u20ac au titre \nde l'autorisation d'engagement 2014 sur cr\u00e9dits de paiement 2017 ; \n    \n \nARR\u00caTE \n \n \nARTICLE 1er :   Le d\u00e9lai de mise en \u0153uvre de l'autorisation accord\u00e9e par arr\u00eat\u00e9 du 16 octobre 2018 \npour la cr\u00e9ation d'une unit\u00e9 renforc\u00e9e d'accueil de transition de 6 places au sein de \nla Maison d'Accueil Sp\u00e9cialis\u00e9e \u00ab Le Ponant \u00bb \u00e0 Etampes est prolong\u00e9 de deux ans \n\u00e0 compter du 16 octobre 2023 ; \nAgence R\u00e9gionale de Sant\u00e9 - IDF-2025-02-13-00008 - Arr\u00eat\u00e9 2025-082 portant prorogation de l'arr\u00eat\u00e9 2022-193 du 14 octobre 2022 et\nde l'arr\u00eat\u00e9 2018-175 du 16 octobre 2018 relatif de l'autorisation de cr\u00e9ation d'une unit\u00e9 renforc\u00e9e d'accueil de transition (URAT) de 6\nplaces au sein de la Maison d'Accueil Sp\u00e9cialis\u00e9e \"Le Ponant\" \u00e0 Etampes g\u00e9r\u00e9e par l'Etablissement Public de Sant\u00e9 Barth\u00e9l\u00e9my Durand\n(EPS BD)\n5\n3 \n \nA d\u00e9faut de commencement d'ex\u00e9cution de ladite autorisation avant le 16 octobre \n2025, la caducit\u00e9 de l'autorisation de cr\u00e9ation sera \u00e0 nouveau constat\u00e9e. \n \nARTICLE 2  :   La dur\u00e9e de validit\u00e9 de l'autorisation de cr\u00e9ation est de 15 ans \u00e0 compter du  \n16 octobre 2018 conform\u00e9ment \u00e0 l'article L.313-1 du code de l' action sociale et des \nfamilles ; \n \n Le renouvellement de l'autorisation est subordonn\u00e9 aux r\u00e9sultats de l'\u00e9valuation \nexterne mentionn\u00e9e \u00e0 l'article L.312-8 du code de l'action sociale et des familles dans \nles conditions pr\u00e9vues \u00e0 l'article L.313-5 du m\u00eame code.  \n \nARTICLE 3 :   La capacit\u00e9 de la Maison d'Accueil Sp\u00e9cialis\u00e9 e est port\u00e9e de 60 \u00e0 66 places ainsi \nr\u00e9parties : \n \n- 60 places pour personnes pr\u00e9sentant un handicap psychique dont 57 places en \nh\u00e9bergement permanent et 3 places d'accueil temporaire ; \n- 6 places pour personnes pr\u00e9sentant des troubles du spectre de l'autisme en unit\u00e9 \nrenforc\u00e9e d'accueil de transition ; \n \nARTICLE 4 : Cette structure est r\u00e9pertori\u00e9e dans le Fichier National des Etablissements Sanitaires \net Sociaux (FINESS) de la fa\u00e7on suivante : \n \n \nEntit\u00e9 juridique  \n \nNum\u00e9ro FINESS 91 014 002 9 \nRaison sociale  Etablissement Public de Sant\u00e9 Barth\u00e9l\u00e9my Durand  \nAdresse  Etampes - 91 \nStatut Juridique  11 \n \n \nEntit\u00e9 g\u00e9ographique  \n \nNum\u00e9ro FINESS 91 001 921 5 \nAdresse  Etampes - 91 \nCat\u00e9gorie \nd'\u00e9tablissement \n255 (Maison d'Accueil Sp\u00e9cialis\u00e9) \nDiscipline 964 (accueil et accompagnement sp\u00e9cialis\u00e9 personnes \nhandicap\u00e9es \nClient\u00e8le 206 (handicap psychique), 437 (troubles du spectre de l'autisme) \nMode de fonctionnement 11 (h\u00e9berg. Complet), 40 (accueil temporaire avec h\u00e9berg.) \nMode de tarification  05 ARS/non DG, tarif de s\u00e9ance, prix de journ\u00e9e, tarif journalier \n \n \nARTICLE 5 :    Conform\u00e9ment aux dispositions de l'article L.313-6 du code de l'action sociale et des \nfamilles la pr\u00e9sente autorisation est valable sous r\u00e9serve du r\u00e9sultat positif de la visite \nde conformit\u00e9 ;  \n \n  ARTICLE 6 :  Tout changement important dans l'activit\u00e9, l'installation, l'organisation, la direction le \nfonctionnement de l'\u00e9tablissement ou du service doit \u00eatre port\u00e9 \u00e0 la connaissance des \nautorit\u00e9s comp\u00e9tentes ; \n \nARTICLE 7 :   Un recours contre le pr\u00e9sent arr\u00eat\u00e9 peut \u00eatre form\u00e9 d evant le tribunal administratif \ncomp\u00e9tent dans un d\u00e9lai de deux mois \u00e0 compter de sa notification ; \nAgence R\u00e9gionale de Sant\u00e9 - IDF-2025-02-13-00008 - Arr\u00eat\u00e9 2025-082 portant prorogation de l'arr\u00eat\u00e9 2022-193 du 14 octobre 2022 et\nde l'arr\u00eat\u00e9 2018-175 du 16 octobre 2018 relatif de l'autorisation de cr\u00e9ation d'une unit\u00e9 renforc\u00e9e d'accueil de transition (URAT) de 6\nplaces au sein de la Maison d'Accueil Sp\u00e9cialis\u00e9e \"Le Ponant\" \u00e0 Etampes g\u00e9r\u00e9e par l'Etablissement Public de Sant\u00e9 Barth\u00e9l\u00e9my Durand\n(EPS BD)\n6\n4 \n \n  \n \n \nARTICLE 8 :    Le Directeur de la d\u00e9l\u00e9gation d\u00e9partementale de l'Essonne de l'Agence r\u00e9gionale de \n                         sant\u00e9 \u00cele-de-France est charg\u00e9, de l'ex\u00e9cution du pr\u00e9sent arr\u00eat\u00e9  qui sera publi\u00e9 aux \nrecueils des actes administratifs de la R\u00e9gion \u00cele-de-France et au bulletin officiel du \nD\u00e9partement de l'Essonne.  \n \n         \n \nFait \u00e0 Evry-Courcouronnes, le 13 fev 2025 \n \n  \nPour le Directeur g\u00e9n\u00e9ral  \nde l'Agence r\u00e9gionale de sant\u00e9  \n\u00cele-de-France et par d\u00e9l\u00e9gation,  \nLe Directeur de la d\u00e9l\u00e9gation  \nL'Essonne \n \n \n \n \nRichade FAHAS \n \n \n \n \n \nAgence R\u00e9gionale de Sant\u00e9 - IDF-2025-02-13-00008 - Arr\u00eat\u00e9 2025-082 portant prorogation de l'arr\u00eat\u00e9 2022-193 du 14 octobre 2022 et\nde l'arr\u00eat\u00e9 2018-175 du 16 octobre 2018 relatif de l'autorisation de cr\u00e9ation d'une unit\u00e9 renforc\u00e9e d'accueil de transition (URAT) de 6\nplaces au sein de la Maison d'Accueil Sp\u00e9cialis\u00e9e \"Le Ponant\" \u00e0 Etampes g\u00e9r\u00e9e par l'Etablissement Public de Sant\u00e9 Barth\u00e9l\u00e9my Durand\n(EPS BD)\n7\nAgence R\u00e9gionale de Sant\u00e9\nIDF-2025-03-14-00011\nArr\u00eat\u00e9 2025-083 portant autorisation\nd'extension de capacit\u00e9 de 100 \u00e0 150 places du\nCAMSP Les Comptines \u00e0 Saint-Denis g\u00e9r\u00e9 par\nl'association Entraide Union\nAgence R\u00e9gionale de Sant\u00e9 - IDF-2025-03-14-00011 - Arr\u00eat\u00e9 2025-083 portant autorisation d'extension de capacit\u00e9 de 100 \u00e0 150 places\ndu CAMSP Les Comptines \u00e0 Saint-Denis g\u00e9r\u00e9 par l'association Entraide Union 8\nREPUBLIQUE seine-saintpens feo LALibert\u00e9 @ D Agence R\u00e9gionale de Sant\u00e9pa LE D\u00c9PARTEMENT MieFraternit\u00e9\n \n \n \n \n \n \n \n \n \n \n \nAGENCE R\u00c9GIONALE DE SANT\u00c9 \u00ceLE-DE-FRANCE \n \nARRETE N\u00b02025 \u2013 083  \n  \nportant autorisation d'extension de capacit\u00e9 de 100 \u00e0 150 places du CAMSP Les Comptines \nsis 1, place Youri Gagarine \u00e0 Saint-Denis 93200 \n \ng\u00e9r\u00e9 par l'association ENTRAIDE UNION \n \n \nLE DIRECTEUR G\u00c9N\u00c9RAL DE L'AGENCE R\u00c9GIONALE DE SANT\u00c9 \u00ceLE-DE-FRANCE \n \nLE PRESIDENT DU CONSEIL DEPARTEMENTAL DE SEINE-SAINT-DENIS \n \n \nVU le code de l'action sociale et des familles et notamment les article s L. 312-1, L. 313-1, L. \n314-3 et suivants ; \n \n   VU le code g\u00e9n\u00e9ral des collectivit\u00e9s territoriales ;  \n \nVU le d\u00e9cret du 10 avril 2024 portant nomination de Monsieur Denis ROBIN, Directeur g\u00e9n\u00e9ral \nde l'Agence r\u00e9gionale de sant\u00e9 Ile-de-France \u00e0 compter du 29 avril 2024 ; \n \nVU l'\u00e9lection le 1 er juillet 2021 de M. St\u00e9phane TROUSSEL \u00e0 la pr\u00e9sidence du conseil \nd\u00e9partemental de la Seine-Saint-Denis ;  \n \nVU l'arr\u00eat\u00e9 du pr\u00e9sident du conseil d\u00e9partemental n\u00b02021 -271 du 1 er juillet 2021, donnant \nd\u00e9l\u00e9gation de signature \u00e0 M. Olivier VEBER, directeur g\u00e9n\u00e9ral des services du \nD\u00e9partement ;  \n \nVU l'arr\u00eat\u00e9 n\u00b0 DIRNOV-2023/08 de la Directrice g\u00e9n\u00e9rale de l'Agence r\u00e9gionale de sant\u00e9 Ile -\nde-France en date du 26 octobre 2023 portant adoption du cadre d'orientation strat\u00e9gique \n2018-2028 du projet r\u00e9gional de sant\u00e9 d'Ile -de-France, modifi\u00e9 par l'arr\u00eat\u00e9 n\u00b0DIRNOV -\n2023/09 en date du 12 janvier 2024 ; \n \nVU l'arr\u00eat\u00e9 n\u00b0 DIRNOV-2023/09 de la Directrice g\u00e9n\u00e9rale de l'Agence r\u00e9gionale de sant\u00e9 Ile -\nde-France en date du 26 octobre 2023 portant adoption du sch\u00e9ma r\u00e9gional de sant\u00e9 2023-\n2028 du projet r\u00e9gional de sant\u00e9 d'Ile-de-France ; \n \nVU l'arr\u00eat\u00e9 n\u00b0 2023-346 de la Directrice g\u00e9n\u00e9rale de l'Agence r\u00e9gionale de sant\u00e9 Ile-de-France \nen date du 4 d\u00e9cembre 2023 \u00e9tablissant le programme interd\u00e9partemental \nd'accompagnement des handicaps et de la perte d'autonomie (PRIAC) 2023 -2027 pour la \nr\u00e9gion Ile-de-France ; \n \nVU  le Sch\u00e9ma d\u00e9partemental en faveur des personnes handicap\u00e9es ; \n \nVU l'arr\u00eat\u00e9 n\u00b0 78-405 en date du 12 juin 1978 de Monsieur le Pr\u00e9fet de la r\u00e9gion Ile-de-France \nportant autorisation de cr\u00e9ation d'un centre d'action m\u00e9dico -social pr\u00e9coce (CAMSP) \u00e0 \nSaint-Denis, g\u00e9r\u00e9 par l'association m\u00e9dico-p\u00e9dagogique (AMP) de Saint-Denis ; \n \nAgence R\u00e9gionale de Sant\u00e9 - IDF-2025-03-14-00011 - Arr\u00eat\u00e9 2025-083 portant autorisation d'extension de capacit\u00e9 de 100 \u00e0 150 places\ndu CAMSP Les Comptines \u00e0 Saint-Denis g\u00e9r\u00e9 par l'association Entraide Union 9\n2 \n \n \nVU l'arr\u00eat\u00e9 n\u00b0 2018-144 en date du 22 ao \u00fbt 2018 portant autorisation d'extension du CAMSP  \ng\u00e9r\u00e9 par l'association m\u00e9dico-p\u00e9dagogique (AMP) de Saint-Denis ; \n \nVU l'arr\u00eat\u00e9 n\u00b098-2021 en date du 25 juin 2021 portant approbation de cession d'autorisation du \ncentre d'action m\u00e9dico -sociales pr\u00e9coce (CAMSP) \u00ab Les Comptines  \u00bb g\u00e9r\u00e9 par \nl'association m\u00e9dico-p\u00e9dagogique (AMP) de Saint-Denis au profit de l'association Entraide \nUniversitaire ;  \n \nVU le contrat pluriannuel d'objectifs et de moyens portant sur les ann\u00e9es 2023 \u00e0 2027 sign\u00e9 le \n1er janvier 2023 ; \n \nVU la demande de l'association Entraide Union   visant \u00e0 une augmentation de la file active du \nCAMSP \u00ab Les comptines \u00bb pour r\u00e9pondre aux besoins du territoire ; \n \n \nCONSID\u00c9RANT  que le projet r\u00e9pond \u00e0 un besoin de d\u00e9veloppement de l'offre m\u00e9dico-sociale \nidentifi\u00e9 sur le d\u00e9partement de la Seine-Saint-Denis ; \n \nCONSID\u00c9RANT qu'en application de l'article D 313 -2 du code de l'action sociale et des \nfamilles, le Directeur g\u00e9n\u00e9ral de l'Agence r\u00e9gionale de sant\u00e9 Ile -de-France \net le Pr\u00e9sident du Conseil d\u00e9partemental de  Seine-Saint-Denis peuvent \nd\u00e9roger aux seuils fix\u00e9s aux I \u00e0 IV de cet article au -del\u00e0 desquels les \nautorisations d'extension d'\u00e9tablissements ou de services m\u00e9dico -sociaux \ndoivent \u00eatre pr\u00e9c\u00e9d\u00e9es de la proc\u00e9dure d'appel \u00e0 projet pr\u00e9vue par l'article \nL. 313-1-1 du m\u00eame code, lorsqu'un motif d'int\u00e9r\u00eat g\u00e9n\u00e9ral le justifie et pour \ntenir compte de circonstances locales ; \n \nCONSID\u00c9RANT qu'il est  compatible avec les objectifs et r\u00e9pond aux besoins sociaux et \nm\u00e9dico-sociaux fix\u00e9s par le sch\u00e9ma r\u00e9gional de sant\u00e9 ;  \n \nCONSID\u00c9RANT qu'il satisfait aux r\u00e8gles d'organisation et de fonctionnement pr\u00e9vues par le \ncode de l'action sociale et des familles ;  \n \nCONSID\u00c9RANT qu'il pr\u00e9sente un co\u00fbt de fonctionnement  en ann\u00e9e pleine compatible avec \nle PRIAC  Ile-de-France et avec le montant de l'une des dotations \nmentionn\u00e9es \u00e0 l'article L. 314-3 du code de l'action sociale et des familles ; \n \nCONSID\u00c9RANT que l'Agence r\u00e9gionale de sant\u00e9  Ile-de-France dispose pour ce projet des \ncr\u00e9dits n\u00e9cessaires \u00e0 sa mise en \u0153uvre \u00e0 hauteur de 526 919 euros et le \nConseil d\u00e9partemental de Seine-Saint-Denis \u00e0 hauteur de 131  729 euros, \nsoit un total de 658 648 euros ;   \n       \nARR\u00caTE  \nARTICLE 1er :  L'autorisation visant \u00e0 l'extension de capacit\u00e9  de 50 places du CAMSP \u00ab Les \ncomptines \u00bb sis 1, place Youri Gagarine \u00e0  Saint-Denis (93 200), destin\u00e9 es \u00e0 des \nenfants de 0 \u00e0 6 ans pr\u00e9sentant tous types de d\u00e9ficiences et/ou handicaps est accord\u00e9e \n\u00e0 l'association  Entraide Uni on dont le si\u00e8ge social est situ\u00e9 31, rue d'Al\u00e9sia  Paris \n(75 014). \n \n     En application du V de l'article D. 313 -2 du code de l'action sociale et des familles, le \nseuil d'extension pr\u00e9vu par cet article est fix\u00e9, dans le cadre de la pr\u00e9sente autorisation, \n\u00e0 hauteur de 50 % de la capacit\u00e9 de l'\u00e9tablissement.                       \nAgence R\u00e9gionale de Sant\u00e9 - IDF-2025-03-14-00011 - Arr\u00eat\u00e9 2025-083 portant autorisation d'extension de capacit\u00e9 de 100 \u00e0 150 places\ndu CAMSP Les Comptines \u00e0 Saint-Denis g\u00e9r\u00e9 par l'association Entraide Union 10\n3 \n \n \nARTICLE 2e :  La capacit\u00e9 totale du CAMSP \u00ab Les Comptines \u00bb est port\u00e9e \u00e0 150 places destin\u00e9es \u00e0 \ndes enfants pr\u00e9sentant tous types de d\u00e9ficiences et/ou handicaps. \n \n \nARTICLE 3e :  Conform\u00e9ment aux termes du dernier alin\u00e9a du I de l'article D. 312 -0-3 du code de \nl'action sociale et des familles, a ucune sp\u00e9cialisation n'exclut la prise en charge de \npersonnes pr\u00e9sentant des troubles associ\u00e9s \u00e0 ceux qui font l'objet de la pr\u00e9sente \nautorisation.  \n \nARTICLE 4e :   Cette structure est r\u00e9pertori\u00e9e dans le Fichier National des Etablissements Sanitaires \net Sociaux (FINESS) de la fa\u00e7on suivante : \n \nN\u00b0 FINESS de l'\u00e9tablissement : 93 067 001 3 \n \nCode cat\u00e9gorie : [190] - Centre Action M\u00e9dico-Sociale Pr\u00e9coce (C.A.M.S.P.) \n \nCode discipline : [900] - Action M\u00e9dico-Sociale Pr\u00e9coce \n \nCode fonctionnement : [47] \u2013 Accueil de jour et accompagnement en milieu ordinaire \n(150 places) \n \nCode client\u00e8le : [010] - Tous Types de D\u00e9ficiences Pers. Handicap. (150 places) \n \nCode mode de fixation des tarifs : [57] ARS Dotation forfait ou prix de journ\u00e9e globalis\u00e9 \ndans le cadre d'un CPOM   \n \nN\u00b0 FINESS du gestionnaire : 940031339 \n \nCode statut : 60 + Association Loi 1901 non Reconnue d'Utilit\u00e9 Publique \n \n \nARTICLE 5e  Conform\u00e9ment aux dispositions de l'article D. 313-12-1 du code de l'action sociale et \ndes familles, la pr\u00e9sente autorisation est valable sous r\u00e9serve de la transmission, \u00e0 \nl'autorit\u00e9 comp\u00e9tente , avant la date d'entr\u00e9e en service de la nouvelle capacit\u00e9 \nautoris\u00e9e, d'une d\u00e9claration sur l'honneur attestant de la conformit\u00e9 de l'\u00e9tablissement \nou du service aux conditions techniques minimales d'organisation et de fonctionnement \nmentionn\u00e9es au II de l'article L. 312-1 du m\u00eame code. \n \n \nARTICLE 6e :    Elle est caduque en l'absence d'ouverture au public de l'\u00e9tablissement ou du service  \ndans un d\u00e9lai de quatre ans suivant la notification de la d\u00e9cision d'autorisation  \nconform\u00e9ment aux articles L . 313-1 et D . 313-7-2 du code de l'action sociale et des \nfamilles. \n \n \nARTICLE 7e :   Tout changement important dans l'activit\u00e9, l'installation, l'organisation, la direction ou le \nfonctionnement de l'\u00e9tablissement ou du service doit \u00eatre port\u00e9 \u00e0 la connaissance des \nautorit\u00e9s comp\u00e9tentes. \n \n \nARTICLE 8e :  Un recours contre le pr\u00e9sent arr\u00eat\u00e9 peut \u00eatre form\u00e9 devant le tribunal administratif \ncomp\u00e9tent dans un d\u00e9lai de deux mois \u00e0 compter de sa notification ou, pour les tiers, \n\u00e0 compter de sa publication.   \n \nAgence R\u00e9gionale de Sant\u00e9 - IDF-2025-03-14-00011 - Arr\u00eat\u00e9 2025-083 portant autorisation d'extension de capacit\u00e9 de 100 \u00e0 150 places\ndu CAMSP Les Comptines \u00e0 Saint-Denis g\u00e9r\u00e9 par l'association Entraide Union 11\n4 \n \n \n \nARTICLE 9e :   La Directrice de la d\u00e9l\u00e9gation d\u00e9partementale de la Seine-Saint-Denis de l'Agence \nr\u00e9gionale de sant\u00e9 Ile -de-France et le Pr\u00e9sident du Conseil d\u00e9partemental de Seine-\nSaint-Denis sont charg\u00e9s, chacun en ce qui le concerne, de l'ex\u00e9cution du pr\u00e9sent \narr\u00eat\u00e9 qui sera publi\u00e9 au recueil des actes administratifs de la R\u00e9gion Ile-de-France et \nau bulletin officiel du D\u00e9partement de Seine-Saint-Denis. \n \n \n        \n   Fait \u00e0 Saint-Denis, le 14 mars 2025  \n \n \n         \nLe Directeur g\u00e9n\u00e9ral \nde l'Agence r\u00e9gionale de sant\u00e9 \nIle-de-France \n \n \n \n \n \nDenis ROBIN \nPour le Pr\u00e9sident du Conseil \nd\u00e9partemental de Seine-Saint-Denis \nLe Directeur g\u00e9n\u00e9ral adjoint des services \ndu d\u00e9partement  \n \n \n \n  \nOlivier VEBER \n \nAgence R\u00e9gionale de Sant\u00e9 - IDF-2025-03-14-00011 - Arr\u00eat\u00e9 2025-083 portant autorisation d'extension de capacit\u00e9 de 100 \u00e0 150 places\ndu CAMSP Les Comptines \u00e0 Saint-Denis g\u00e9r\u00e9 par l'association Entraide Union 12\nAgence R\u00e9gionale de Sant\u00e9\nIDF-2025-03-14-00012\nArr\u00eat\u00e9 2025-84 portant autorisation de\nchangement de d\u00e9nomination de l'Institut\nEdouard Clapar\u00e8de \u00e0 Neuilly-sur-Seine\nAgence R\u00e9gionale de Sant\u00e9 - IDF-2025-03-14-00012 - Arr\u00eat\u00e9 2025-84 portant autorisation de changement de d\u00e9nomination de\nl'Institut Edouard Clapar\u00e8de \u00e0 Neuilly-sur-Seine 13\nREPUBLIQUEFRANCAISELibert\u00e9Egalit\u00e9Fraternit\u00e9\ne \u00bb Agence R\u00e9gionale de Sant\u00e9Ile-de-France\n \n \n                                                                          \n \n \n \n \n \n \n \n \nAGENCE R\u00c9GIONALE DE SANT\u00c9 \u00ceLE-DE-FRANCE \n \nARRETE N\u00b0 2025 \u2013 084       \n \nportant autorisation de changement de d\u00e9nomination de l'Institut Edouard Clapar\u00e8de, sis \n5 rue du G\u00e9n\u00e9ral Cordonnier \u00e0 Neuilly-sur-Seine (92200) \n \n \n \nLE DIRECTEUR G\u00c9N\u00c9RAL DE L'AGENCE R\u00c9GIONALE DE SANT\u00c9 \u00ceLE-DE-FRANCE \n \n \n \n \n \n \n \n \nVU le code de l'action sociale et des familles et notamment les articles L . 312-1, L. 313-1, \nL.  314-3 et suivants ; \n \nVU        le d\u00e9cret du 10 avril 2024 portant nomination de Monsieur Denis ROBIN, Directeur \ng\u00e9n\u00e9ral de l'Agence r\u00e9gionale de sant\u00e9 \u00cele-de-France \u00e0 compter du 29 avril 2024 ; \n \nVU l'arr\u00eat\u00e9 n\u00b0 119-2024 portant d\u00e9l\u00e9gation de signature du Directeur G\u00e9n\u00e9ral de l'Agence \nr\u00e9gionale de sant\u00e9 \u00cele-de-France au Directeur de la d\u00e9l\u00e9gation d\u00e9partementale des Hauts-\nde-Seine en date du 4 novembre 2024 ; \n \nVU l'arr\u00eat\u00e9 n\u00b0 DIRNOV-2023/08 de la Directrice g\u00e9n\u00e9rale de l'Agence r\u00e9gionale de sant\u00e9 \u00cele-\nde-France en date du 26 octobre 2023 portant adoption du cadre d'orientation strat\u00e9gique \n2018-2028 du projet r\u00e9gional de sant\u00e9 d' \u00cele-de-France, modifi\u00e9 par l'arr\u00eat\u00e9 n\u00b0DIRNOV -\n2023/09 en date du 12 janvier 2024 ; \n \nVU l'arr\u00eat\u00e9 n\u00b0 DIRNOV-2023/09 de la Directrice g\u00e9n\u00e9rale de l'Agence r\u00e9gionale de sant\u00e9 \u00cele-\nde-France en date du 26  octobre 2023 portant adoption du sch\u00e9ma r\u00e9gional de sant\u00e9 \n2023-2028 du projet r\u00e9gional de sant\u00e9 d'\u00cele-de-France ; \n \nVU l'arr\u00eat\u00e9 n\u00b0 2023-346 de la Directrice g\u00e9n\u00e9rale de l'Agence r\u00e9gionale de sant\u00e9 \u00cele-de-\nFrance en date du  4 d\u00e9cembre 2023  \u00e9tablissant le programme interd\u00e9partemental \nd'accompagnement des handicaps et de l a perte d'autonomie (PRIAC) 2023 -2027 pour \nla r\u00e9gion \u00cele-de-France ;  \n \nVU la convention en date du 20 juin 1969, sign\u00e9e entre Monsieur le Pr\u00e9fet des Hauts -de-\nSeine et Monsieur le Pr\u00e9sident de l'association du Centre R\u00e9gional de Paris pour \nl'enfance et l'adolescence inadapt\u00e9e dont le si\u00e8ge social est \u00e0 Paris 20, rue Euler ; fixant \nles conditions de fonctionnement et d'organisation de l'Institut Edouard Clapar\u00e8de, sis 5 \nrue du G\u00e9n\u00e9ral Cordonnier \u00e0 Neuilly sur Seine ;  \nAgence R\u00e9gionale de Sant\u00e9 - IDF-2025-03-14-00012 - Arr\u00eat\u00e9 2025-84 portant autorisation de changement de d\u00e9nomination de\nl'Institut Edouard Clapar\u00e8de \u00e0 Neuilly-sur-Seine 14\n \n \n       2/4 \n \n  \nVU  l'arr\u00eat\u00e9 n\u00b0 2011-12 du 1er f\u00e9vrier 2011 du Directeur g\u00e9n\u00e9ral de l'Agence r\u00e9gionale de sant\u00e9 \nIle-de-France portant autorisation de l'extension de la capacit\u00e9 d'accueil du CMPP \nEdouard Clapar\u00e8de \u00e0 Neuilly Sur Seine par le transfert de l'activit\u00e9 du Centre M\u00e9dico \nPsychologique de l'Association Institut Edouard Clapar\u00e8de ; \n \nVU  l'agr\u00e9ment n\u00b0 29.I.1948 du 3 f\u00e9vrier 1948 du Minist\u00e8re de la Production Industrielle et du \nTravail et des Assurances Sociales service r\u00e9gionale de Paris portant autorisation de \ncr\u00e9ation du Centre-Psycho-P\u00e9dagogique au Lyc\u00e9e Claude-Bernard, sis 1 avenue du Parc \ndes Princes \u00e0 Paris (75016) ;  \nVU  l'agr\u00e9ment n\u00b0 22365 du 24 mars 1965 du Minist\u00e8re du Travail et de la Direction R\u00e9gionale \nde la S\u00e9curit\u00e9 sociale de Paris portant autorisation d'extension de la limite d'\u00e2ge des \nconsultants re\u00e7us dans les Centres M\u00e9dico -Psycho-P\u00e9dagogiques de Cure Ambulatoire \n\u00ab Claude Bernard \u00bb sis 4, rue Danton \u2013 Paris (6\u00e8me) ;  \n \nVU  le courrier du 5 d\u00e9cembre 2016 de la D\u00e9l\u00e9gu\u00e9e d\u00e9partementale des Hauts -de-Seine de \nl'Agence r\u00e9gionale de sant\u00e9 renouvelant l'autorisation du CMPP de l'Institut Edouard \nClapar\u00e8de \u00e0 compter du 3 janvier 2017 ;  \n \nVU  le courrier du 16 d\u00e9cembre 2016 du D\u00e9l\u00e9gu\u00e9 d\u00e9partemental de Paris de l'Agence \nr\u00e9gionale de sant\u00e9 renouvelant l'autorisation du CMPP/BAPU de l'association du Centre \nClaude Bernard \u00e0 compter du 3 janvier 2017 ;  \n \nVU   l'arr\u00eat\u00e9 n\u00b0  2023-248 du 18 septembre 2023 de la Directrice g\u00e9n\u00e9rale de l'Agence \nr\u00e9gionale de sant\u00e9 Ile-de-France portant autorisation d'extension pour la prise en charge \ndes enfants en difficult\u00e9 scolaire sans notification de la Maison D\u00e9partementale des \nPersonnes Handicap\u00e9es (MDPH) de l'ESMS CMPP Claude Bernard, sis 20 rue Larrey \u2013 \n75005 Paris ;  \n \nVU  l'arr\u00eat\u00e9 n\u00b0 347-2023 du 19 d\u00e9cembre 2023 de la Directrice g\u00e9n\u00e9rale de l'Agence r\u00e9gionale \nde sant\u00e9 Ile-de-France portant approbation de cession d'autorisation du Centre M\u00e9dico -\nPsycho-P\u00e9dagogique (CMPP) et du Bureau d'Aide Psychologique Universitaire (BAPU ) \nde l'association du Centre Claude Bernard, sise 20 rue Larrey \u00e0 Paris (75005) au profit \nde l'Institut Edouard Clapar\u00e8de, sis 5 rue du G\u00e9n\u00e9ral Cordonnier \u00e0 Neuilly-sur-Seine ; \n \nVU  le trait\u00e9 de fusion  emportant d\u00e9volution de patrimoine de l'association Centre Claude \nBernard de Paris \u00e0 l'association Institut Edouard Clapar\u00e8de du 19 d\u00e9cembre 2023 ;  \n \nVU les statuts de l'association PAIDEIA, constitu\u00e9e par suite de la fusion entre les  \nassociations Centre Claude Bernard et Institut Edouard Clapar\u00e8de, approuv\u00e9s  lors de \nl'assembl\u00e9e g\u00e9n\u00e9rale extraordinaire du 19 d\u00e9cembre 2023 ; \n \nVU  le Journal officiel de la R\u00e9publique fran\u00e7aise des associations et fondations d'entreprise, \ndu 26 septembre  2024, annonce n\u00b0 1689 75 -Paris, concernant la d\u00e9claration \u00e0 la \npr\u00e9fecture de police de la modification de la d\u00e9nomination de l'Institut \u00c9douard Clapar\u00e8de, \nancien titre, en PAIDEIA, nouveau titre ;  \n \nVU la demande de l'association Institut Edouard Clapar\u00e8de visant \u00e0 modifier la d\u00e9nomination \nde la fusion des associations Centre Claude Bernard et Institut Edouard Clapar\u00e8de, sous \nle nom de PAIDEIA ;  \n \n \n \nAgence R\u00e9gionale de Sant\u00e9 - IDF-2025-03-14-00012 - Arr\u00eat\u00e9 2025-84 portant autorisation de changement de d\u00e9nomination de\nl'Institut Edouard Clapar\u00e8de \u00e0 Neuilly-sur-Seine 15\n \n \n       3/4 \n \nCONSID\u00c9RANT         que la demande de changement de d\u00e9nomination est port\u00e9e par la \ndirection de l'association PAIDEIA ;   \n \n \n \n \nARR\u00caTE \n \n \n  ARTICLE 1er : \n \n \n \nL'autorisation visant \u00e0 modifier la d\u00e9nomination de l'Institut Edouard Clapar\u00e8de \nen PAIDEIA est accord\u00e9e. \n \nARTICLE 2e : \n \nL'association PAIDEIA accompagne, via les CMPP, des enfants et adolescents \n\u00e2g\u00e9s de 0 \u00e0 20 ans, pr\u00e9sentant tous types de d\u00e9ficiences sans aucune limite de \ncapacit\u00e9 et, via les BAPU, des \u00e9tudiants pr\u00e9sentant tous types de d\u00e9ficiences \nsans aucune limite d'\u00e2ge ni de capacit\u00e9. \n \n  ARTICLE 3e : \n \nConform\u00e9ment aux termes du dernier alin\u00e9a du I de l'article D. 312 -0-3 du code \nde l'action sociale et des familles, aucune sp\u00e9cialisation n'exclut la prise en charge \nde personnes pr\u00e9sentant des troubles associ\u00e9s \u00e0 ceux qui font l'objet de la \npr\u00e9sente autorisation.  \n \n \nARTICLE 4e : \n \nElle est r\u00e9pertori\u00e9e dans le Fichier National des Etablissements Sanitaires et \nSociaux (FINESS) de la fa\u00e7on suivante : \n \nRaison sociale : ASSOCIATION PAIDEIA \n \nN\u00b0 FINESS : 92 017 005 7 \n \nCode statut : [61] \u2013 Association Loi 1901 non Reconnue d'Utilit\u00e9 Publique \n \n \nSes \u00e9tablissements sont r\u00e9pertori\u00e9s dans le Fichier National des Etablissements \nSanitaires et Sociaux (FINESS) de la fa\u00e7on suivante : \n \nCMPP et BAPU Centre Claude Bernard : \n \nN\u00b0 FINESS de l'\u00e9tablissement : 75 068 007 6 \n \nCode cat\u00e9gorie :    [189] \u2013 Centre M\u00e9dico-Psycho-P\u00e9dagogique (C.M.P.P.) \n                              [221] \u2013 Bureau d'Aide Psychologique Universitaire (BAPU) \n \nCode discipline :     [320] \u2013 Activit\u00e9 CMPP \n                               [278] - Aide Psychologique Universitaire \nCode  \nfonctionnement :      [47] \u2013 Accueil de jour et accompagnement en milieu ordinaire \n \nCode client\u00e8le :       [010] \u2013 Tous types de d\u00e9ficiences  \n                                            Pers.Handicap  (sans autre indic.) \n \nCode mode de fixation des tarifs : [57] \u2013 ARS Dotation globalis\u00e9e   \n \nAgence R\u00e9gionale de Sant\u00e9 - IDF-2025-03-14-00012 - Arr\u00eat\u00e9 2025-84 portant autorisation de changement de d\u00e9nomination de\nl'Institut Edouard Clapar\u00e8de \u00e0 Neuilly-sur-Seine 16\n \n \n       4/4 \n \n \n \nCMPP et BAPU Institut Edouard Clapar\u00e8de : \n \nN\u00b0 FINESS de l'\u00e9tablissement : 92 068 005 5 \n \nCode cat\u00e9gorie :     [189] \u2013 Centre M\u00e9dico-Psycho-P\u00e9dagogique (C.M.P.P.) \n                               [221] \u2013 Bureau d'Aide Psychologique Universitaire (BAPU) \n \nCode discipline :     [320] \u2013 Activit\u00e9 CMPP \n                               [278] - Aide Psychologique Universitaire \nCode  \nFonctionnement :      [47] \u2013 Accueil de jour et accompagnement en milieu ordinaire  \n \nCode client\u00e8le :      [010] \u2013 Tous types de d\u00e9ficiences  \n                                            Pers.Handicap  (sans autre indic.) \n \nCode mode de fixation des tarifs :  [57] \u2013 ARS Dotation globalis\u00e9e   \n \n \n \n  \n  ARTICLE 5e : \n \nTout changement important dans l'activit\u00e9, l'installation, l'organisation, la \ndirection ou le fonctionnement de l'\u00e9tablissement ou du service doit \u00eatre port\u00e9 \u00e0 \nla connaissance des autorit\u00e9s comp\u00e9tentes. \n \n  ARTICLE 6e : \n \nUn recours contre le pr\u00e9sent arr\u00eat\u00e9 peut \u00eatre form\u00e9 devant le tribunal administratif \ncomp\u00e9tent dans un d\u00e9lai de deux mois \u00e0 compter de sa notification ou, pour les \ntiers, \u00e0 compter de sa publication. \n \nARTICLE 7e : \n \n \n \nLe Directeur de la D\u00e9l\u00e9gation d\u00e9partementale des Hauts -de-Seine de l'Agence \nr\u00e9gionale de sant\u00e9 Ile-de-France est charg\u00e9 de l'ex\u00e9cution du pr\u00e9sent arr\u00eat\u00e9 qui \nsera publi\u00e9 au recueil des actes administratifs de la R\u00e9gion Ile-de-France. \n \n \n                                   \n                                                                               Fait \u00e0 Saint-Denis, le 11 mars 2025  \n \nPour le Directeur g\u00e9n\u00e9ral  \nde l'Agence r\u00e9gionale de sant\u00e9  \n\u00cele-de-France et par d\u00e9l\u00e9gation \n \n \n \n  \n \n \nV\u00e9ronique DUGAY \nDirectrice adjointe de la  \nD\u00e9l\u00e9gation d\u00e9partementale des Hauts-de-Seine \nAgence R\u00e9gionale de Sant\u00e9 - IDF-2025-03-14-00012 - Arr\u00eat\u00e9 2025-84 portant autorisation de changement de d\u00e9nomination de\nl'Institut Edouard Clapar\u00e8de \u00e0 Neuilly-sur-Seine 17\nAgence R\u00e9gionale de Sant\u00e9\nIDF-2025-03-27-00030\nArr\u00eat\u00e9 n\u00b0 2025-76 portant autorisation de\ncr\u00e9ation d'un centre de ressources territorial        \n                              port\u00e9 par le service de soins\ninfirmiers \u00e0 domicile (SSIAD) de Mormant sis 1\nrue du Pourtoir \u00e0 Aubepierre-Ozouer-le-Repos\n(77720) g\u00e9r\u00e9 par l'association de soins infirmiers\n\u00e0 domicile\nAgence R\u00e9gionale de Sant\u00e9 - IDF-2025-03-27-00030 - Arr\u00eat\u00e9 n\u00b0 2025-76 portant autorisation de cr\u00e9ation d'un centre de ressources\nterritorial                                       port\u00e9 par le service de soins infirmiers \u00e0 domicile (SSIAD) de Mormant sis 1 rue du Pourtoir \u00e0\nAubepierre-Ozouer-le-Repos (77720) g\u00e9r\u00e9 par l'association de soins infirmiers \u00e0 domicile\n18\nExREPUBLIQUEFRAN\u00c7AISELibert\u00e9Egalit\u00e9Fraternit\u00e9\nAr\u00a9 D Agence R\u00e9gionale de Sant\u00e9\u00cele-de-France\n \n          \n                                                                                                            \n \n \nAGENCE R\u00c9GIONALE DE SANT\u00c9 \u00ceLE-DE-FRANCE \n \nARR\u00caT\u00c9 N\u00b0 2025 \u2013 76  \n \nportant autorisation de cr\u00e9ation d'un centre de ressources territorial                                       \nport\u00e9 par le service de soins infirmiers \u00e0 domicile (SSIAD) de Mormant                                     \nsis 1 rue du Pourtoir \u00e0 Aubepierre-Ozouer-le-Repos (77720) \ng\u00e9r\u00e9 par l'association de soins infirmiers \u00e0 domicile \n     \n \nLE DIRECTEUR G\u00c9N\u00c9RAL DE L'AGENCE R\u00c9GIONALE DE SANT\u00c9 \u00ceLE-DE-FRANCE \n \n  \nVU le code de l'action sociale et des familles et notamment les articles L. 312 -1, L. 313-1, L. 314-3 et \nsuivants ;  \n \nVU le d\u00e9cret du 10 avril 2024 portant nomination de Monsieur Denis ROBIN, Directeur g\u00e9n\u00e9ral de \nl'Agence r\u00e9gionale de sant\u00e9 \u00cele-de-France, \u00e0 compter du 29 avril 2024 ; \n \nVU l'arr\u00eat\u00e9 DS N\u00b0115/2024 du 25 septembre 2024 portant d\u00e9l\u00e9gation de signature \u00e0 Madame \nSt\u00e9phanie TALBOT, Directrice de l'autonomie ; \n \nVU l'arr\u00eat\u00e9 n\u00b0 DIRNOV-2023/08 du 26 octobre 2023 de la Directrice g\u00e9n\u00e9rale de l'Agence r\u00e9gionale de \nsant\u00e9 \u00cele-de-France portant modification du cadre d'orientation strat\u00e9gique 2018 -2028 du projet \nr\u00e9gional de sant\u00e9 \u00cele-de-France ; \n \nVU l'arr\u00eat\u00e9 n\u00b0 DIRNOV-2023/09 du 26 octobre 2023 de la Directrice g\u00e9n\u00e9rale de l'Agence r\u00e9gionale de \nsant\u00e9 \u00cele-de-France portant adoption du sch\u00e9ma r\u00e9gional de sant\u00e9 2023 -2028 du projet r\u00e9gional \nde sant\u00e9 \u00cele-de-France ; \n \nVU l'arr\u00eat\u00e9 n\u00b0 2023-162 de la Directrice g\u00e9n\u00e9rale de l'Agence r\u00e9gionale de sant\u00e9 \u00cele-de-France du 19 \njuin 2023 \u00e9tablissant le programme interd\u00e9partemental d'accompagnement des handicaps et de la \nperte d'autonomie (PRIAC) 2022-2026 pour la r\u00e9gion \u00cele-de-France ; \n \nVU l'arr\u00eat\u00e9 n\u00b0 2024-432 en date du 31 d\u00e9cembre 2024 portant autorisation d'extension de 15 places \npour personnes \u00e2g\u00e9es du SSIAD de Mormant ; \n \nVU l'avis d'appel \u00e0 candidatures du 2 avril 2024 pour le d\u00e9ploiement de la mission de centre s de \nressources territoriaux \u00e0 destination des personnes \u00e2g\u00e9es en R\u00e9gion \u00cele-de-France ; \n  \nVU l'avis de s\u00e9lection de l'appel \u00e0 candidatures pour le d\u00e9ploiement de la mission de centre s de \nressources territoriaux \u00e0 destination des personnes \u00e2g\u00e9es en R\u00e9gion \u00cele-de-France en date du 15 \nnovembre 2024 ; \n \n \nCONSID\u00c9RANT que la mise en place d'un suivi et l'\u00e9valuation de l'activit\u00e9 du CRT sont r\u00e9alis\u00e9es par \nles autorit\u00e9s de tutelle ;  \n \nCONSID\u00c9RANT que le centre de ressources territorial comporte deux modalit\u00e9s d'intervention devant \n\u00eatre men\u00e9es conjointement :  \n- Volet 1 : une mission d'appui aux professionnels du territoire ; \n- Volet 2 : une mission d'accompagnement renforc\u00e9 pour des personnes \u00e2g\u00e9es en  \nperte d'autonomie n\u00e9cessitant un accompagnement \u00e0 domicile plus intensif, en \nalternative \u00e0 l'EHPAD ; \n \n \nAgence R\u00e9gionale de Sant\u00e9 - IDF-2025-03-27-00030 - Arr\u00eat\u00e9 n\u00b0 2025-76 portant autorisation de cr\u00e9ation d'un centre de ressources\nterritorial                                       port\u00e9 par le service de soins infirmiers \u00e0 domicile (SSIAD) de Mormant sis 1 rue du Pourtoir \u00e0\nAubepierre-Ozouer-le-Repos (77720) g\u00e9r\u00e9 par l'association de soins infirmiers \u00e0 domicile\n19\n2 \n \n \n \nAu titre du volet 2 le centre de ressources territorial dispose d'une file active de 30 \nb\u00e9n\u00e9ficiaires minimum ; \n \nCONSID\u00c9RANT que le projet d\u00e9pos\u00e9 par le SSIAD de Mormant , g\u00e9r\u00e9 par  l'association de soins \ninfirmiers \u00e0 domicile, a \u00e9t\u00e9 retenu par la commission de s\u00e9lection ;  \n \nCONSID\u00c9RANT que l'arr\u00eat\u00e9 n\u00b0 2024 -432 susvis\u00e9 omet de mentionner l'autorisation du SSIAD de \ng\u00e9rer 5 places de nuit sur les 15 places pour personnes \u00e2g\u00e9es accord\u00e9e s ; qu'il \nconvient d'acter ces 5 places de nuit, portant la capacit\u00e9 totale du SSIAD \u00e0 96 places \n(91 places pour personnes \u00e2g\u00e9es dont 5 places de nuit, et 5 places pour personnes \nhandicap\u00e9es) ; \n \nCONSID\u00c9RANT que le projet r\u00e9pond \u00e0 un besoin identifi\u00e9 sur le d\u00e9partement ; \n \nCONSID\u00c9RANT que le projet est compatible avec les objectifs et r\u00e9pond aux besoins m\u00e9dico-sociaux \nfix\u00e9s par le sch\u00e9ma r\u00e9gional de sant\u00e9 ;  \n  \nCONSID\u00c9RANT qu'il satisfait aux r\u00e8gles d'organisation et de fonctionnement pr\u00e9vues par le code de \nl'action sociale et des familles ; \n \n \n                 ARR\u00caTE \n \n \n \nARTICLE 1er : L'autorisation de cr\u00e9ation d'un centre de ressources territorial port\u00e9 par le SSIAD  de \nMormant sis 1, rue Pourtoir \u00e0 Aubepierre -Ozouer-le-Repos ( 77720), est accord\u00e9e au \nprofit de l'association de soins infirmiers \u00e0 domicile de Mormant. \n \nARTICLE 2e : La capacit\u00e9 totale du SSIAD est fix\u00e9e \u00e0 96 places r\u00e9parties de la mani\u00e8re suivante : \n \n- 91 places pour personnes \u00e2g\u00e9es, dont 5 places de nuit  \n- 5 places pour personnes handicap\u00e9es. \n \nLe SSIAD est porteur d'un centre de ressource s territorial sur le d\u00e9partement de Seine-\net-Marne, sur le territoire du dispositif d'appui \u00e0 la coordination (DAC) 77 Sud.  \n \nARTICLE 3e : Cette structure est r\u00e9pertori\u00e9e dans le Fichier National des Etablissements Sanitaires et \nSociaux (FINESS) de la fa\u00e7on suivante : \n \nN\u00b0 FINESS Etablissement : 77 081 539 7 \nCode cat\u00e9gorie : [354] Service de Soins infirmiers \u00e0 domicile (SSIAD) \n \nCode discipline : [358] Soins infirmiers \u00e0 domicile \nCode fonctionnement : [16] Prestation en milieu ordinaire \nCode client\u00e8le : [700] Personnes Ag\u00e9es  \n \nCode discipline : [358] Soins infirmiers \u00e0 domicile \nCode fonctionnement : [16] Prestation en milieu ordinaire \nCode client\u00e8le : [010] Tous Types de D\u00e9ficiences Personnes Handicap\u00e9es \n \nCode discipline [412] : Centre de ressources territorial pour les personnes \u00e2g\u00e9es \nCode fonctionnement : [48] Tous modes d'accueil et d'accompagnement  \nCode client\u00e8le: [040] Aidants/aid\u00e9s Personnes \u00e2g\u00e9es \n \nN\u00b0 FINESS Gestionnaire : 77 000 118 8 \nCode statut : [60] Association Loi 1901 non Reconnue d'Utilit\u00e9 Publique \n \n \n \n \nAgence R\u00e9gionale de Sant\u00e9 - IDF-2025-03-27-00030 - Arr\u00eat\u00e9 n\u00b0 2025-76 portant autorisation de cr\u00e9ation d'un centre de ressources\nterritorial                                       port\u00e9 par le service de soins infirmiers \u00e0 domicile (SSIAD) de Mormant sis 1 rue du Pourtoir \u00e0\nAubepierre-Ozouer-le-Repos (77720) g\u00e9r\u00e9 par l'association de soins infirmiers \u00e0 domicile\n20\nsig\n3 \n \n \nARTICLE 4e : Tout changement important dans l'activit\u00e9, l'installation, l'organisation, la direction ou le \nfonctionnement d'un \u00e9tablissement ou d'un service par rapport aux caract\u00e9ristiques \nprises en consid\u00e9ration pour son autorisation devra \u00eatre port\u00e9 \u00e0 la connaissanc e des \nautorit\u00e9s comp\u00e9tentes selon l'article L.313-1 du code de l'action sociale et des familles.  \n \n  L'autorisation ne peut \u00eatre c\u00e9d\u00e9e sans l'accord des autorit\u00e9s comp\u00e9tentes concern\u00e9es.  \n \nARTICLE 5e : Le d\u00e9ploiement de la mission de centre de ressources territorial , comportant \u00e0 la fois le \nvolet 1 et le volet 2, intervient \u00e0 compter du 1er janvier 2025 (laur\u00e9ats de l'AAC 2024).  \n  Au titre du volet 2, le centre de ressources territorial  dispose d'une file active de 30 \nb\u00e9n\u00e9ficiaires minimum. \n \nARTICLE 6e : Le pr\u00e9sent arr\u00eat\u00e9 est sans effet concernant la dur\u00e9e d'autorisation accord\u00e9e \u00e0 \nl'\u00e9tablissement pour 15 ans \u00e0 compter de sa date de cr\u00e9ation ou de renouvellement \nd'autorisation conform\u00e9ment aux conditions pr\u00e9vues aux articles L.312 -8 et L.313 -5 du \ncode de l'action sociale et des familles. \n \nARTICLE 7e :  Un recours contre le pr\u00e9sent arr\u00eat\u00e9 peut \u00eatre form\u00e9 devant le tribunal administratif \ncomp\u00e9tent dans un d\u00e9lai de deux mois \u00e0 compter de sa notification.   \n \nARTICLE 8e :   La directrice de la d\u00e9l\u00e9gation d\u00e9partementale de l' Agence r\u00e9gionale de sant\u00e9  de Seine-\net-Marne est charg\u00e9e de l'ex\u00e9cution du pr\u00e9sent arr\u00eat\u00e9 qui sera notifi\u00e9 aux int\u00e9ress\u00e9s et \npubli\u00e9 au x Recueils des actes administratifs de la R\u00e9gion \u00cele-de-France et du \nd\u00e9partement de Seine-et-Marne. \n \n \n \n       Fait \u00e0 Saint Denis, le 27/03/2025 \n \n \nPour le Directeur g\u00e9n\u00e9ral \nde l'Agence r\u00e9gionale de sant\u00e9 \n\u00cele-de-France  \net par d\u00e9l\u00e9gation \nLa Directrice de l'autonomie \n \n \n \nSt\u00e9phanie TALBOT \n \n \n \n \n \n  \n \n \n \n \n \nAgence R\u00e9gionale de Sant\u00e9 - IDF-2025-03-27-00030 - Arr\u00eat\u00e9 n\u00b0 2025-76 portant autorisation de cr\u00e9ation d'un centre de ressources\nterritorial                                       port\u00e9 par le service de soins infirmiers \u00e0 domicile (SSIAD) de Mormant sis 1 rue du Pourtoir \u00e0\nAubepierre-Ozouer-le-Repos (77720) g\u00e9r\u00e9 par l'association de soins infirmiers \u00e0 domicile\n21\nDirection r\u00e9gionale et interd\u00e9partementale de\nl'\u00e9conomie, de l'emploi, du travail et des\nsolidarit\u00e9s d'\u00cele-de-France\nIDF-2025-03-28-00002\nD\u00e9cision n\u00b0 2025-046 du 28 mars 2025 relative \u00e0\nla localisation et \u00e0 la d\u00e9limitation des unit\u00e9s de\ncontr\u00f4le de la direction d\u00e9partementale de\nl'emploi, du travail et des solidarit\u00e9s des Yvelines\nDirection r\u00e9gionale et interd\u00e9partementale de l'\u00e9conomie, de l'emploi, du travail et des solidarit\u00e9s d'\u00cele-de-France -\nIDF-2025-03-28-00002 - D\u00e9cision n\u00b0 2025-046 du 28 mars 2025 relative \u00e0 la localisation et \u00e0 la d\u00e9limitation des unit\u00e9s de contr\u00f4le de la\ndirection d\u00e9partementale de l'emploi, du travail et des solidarit\u00e9s des Yvelines\n22\nEMINIST\u00c8RE ;DU TRAVAIL, DE LA SANTE,DES SOLIDARITESET DES FAMILLESL thert\u00e9Egalit\u00e9Fraternit\u00e9\n \nDRIEETS Ile de France   \n19/21 rue Madeleine Vionnet   \n93 300 AUBERVILLIERS                                                                                                                                                                                                                   \n \nDirection r\u00e9gionale et interd\u00e9partementale \nde l'\u00e9conomie, de l'emploi, \ndu travail et des solidarit\u00e9s \nd'Ile de France \n  \n  \n  \n \nD\u00e9cision n\u00b0 2025-046 du 28 mars 2025  \nrelative \u00e0 la localisation et \u00e0 la d\u00e9limitation des unit\u00e9s de contr\u00f4le  \nde la direction d\u00e9partementale de l'emploi, du travail et des solidarit\u00e9s des Yvelines  \n  \n \nLe directeur r\u00e9gional et interd\u00e9partemental de l'\u00e9conomie, de l'emploi, du travail et des solidarit\u00e9s d'Ile de France ; \nVu l'article R. 8122-6 du code du travail ;  \nVu l'arr\u00eat\u00e9 minist\u00e9riel du 25 mars 2024 portant cr\u00e9ation et r\u00e9partition des unit\u00e9s de contr\u00f4le de l'inspection du \ntravail ;  \nVu les consultations du Comit\u00e9 Technique des Services D\u00e9concentr\u00e9s d'Ile de France en date du 23 janvier 2018 et \ndu 29 janvier 2019 ;  \n \nDECIDE : \n  \nArticle 1er  \n  \nLa direction d\u00e9partementale de l'emploi, du travail et des solidarit\u00e9s des Yvelines comprend 4 unit\u00e9s de contr\u00f4le \n(UC n\u00b01, UC n\u00b02, UC n\u00b03 et UC n\u00b04) compos\u00e9es de 38 sections d'inspection du travail sises : \n- Immeuble La Diagonale, 34 avenue du Centre, 78182 S AINT-QUENTIN-EN-YVELINES (UC n\u00b02, UC n\u00b03 et  \nUC n\u00b04) \n- 48 avenue de la R\u00e9publique, 78200 MANTES-LA-JOLIE (UC n\u00b01).  \n  \nLa r\u00e9partition des comp\u00e9tences entre les sections d'inspection de la direction d\u00e9partementale de l'emploi, du \ntravail et des solidarit\u00e9s des Yvelines s'effectue selon les r\u00e8gles suivantes , et ce sans pr\u00e9judice des dispositions de \nl'article R. 8122-10 du code du travail permettant une intervention de chaque agent de contr\u00f4le sur l'ensemble du \nterritoire de l'unit\u00e9 d\u00e9partementale lorsqu'une action le rend n\u00e9cessaire :  \n  \na) Une section comp\u00e9tente pour le contr\u00f4le d'un \u00e9tablissement a comp\u00e9tence pour le contr\u00f4le de toutes les \nactivit\u00e9s de toute nature exerc\u00e9es par d'autres entreprises en son sein (entreprises ext\u00e9rieures, chantiers\u2026).  \n  \nb) Une section comp\u00e9tente pour le contr\u00f4le d'un chantier en b\u00e2timent a comp\u00e9tence pour le contr\u00f4le de toutes \nles activit\u00e9s de toute nature exerc\u00e9es en son sein (par exemple : livraisons, nettoyage\u2026).  \n  \nc) Chaque section a comp\u00e9tence pour le contr\u00f4le de tous les \u00e9tablissements de l'ensemble des secteurs \nprofessionnels au sein d'un territoire d\u00e9limit\u00e9 par communes et/ou rues, \u00e0 l'exception :  \n \n\u2022 Des \u00e9tablissements de transports routiers relevant de la comp\u00e9tence des sections 1 -1 (UC1), 2-4 (UC2), \n3-8 (UC3) et 4-1 (UC4). Ces \u00e9tablissements sont ceux dont les activit\u00e9s rel\u00e8vent des codes NAF suivants:  \n- Transports urbains et suburbains de voyageurs (NAF 49.31Z)  \n- Transports de voyageurs par taxis (NAF 49.32Z)  \n- Transports routiers r\u00e9guliers de voyageurs (NAF 49.39A)  \n- Autres transports routiers de voyageurs (NAF 49.39B)  \n- Transports routiers de fret interurbains (NAF 49.41A)  \n- Transports routiers de fret de proximit\u00e9 (NAF 49.41B)  \nDirection r\u00e9gionale et interd\u00e9partementale de l'\u00e9conomie, de l'emploi, du travail et des solidarit\u00e9s d'\u00cele-de-France -\nIDF-2025-03-28-00002 - D\u00e9cision n\u00b0 2025-046 du 28 mars 2025 relative \u00e0 la localisation et \u00e0 la d\u00e9limitation des unit\u00e9s de contr\u00f4le de la\ndirection d\u00e9partementale de l'emploi, du travail et des solidarit\u00e9s des Yvelines\n23\n2 / 9  \n- Location de camions avec chauffeur (NAF 49.41C)  \n- Services de d\u00e9m\u00e9nagement (NAF 49.42Z)  \n- Messagerie, fret express (NAF 52.29A)  \n- Affr\u00e8tement et organisation des transports (NAF 52.29B)  \n- Autres activit\u00e9s de poste et de courrier (NAF 53.20Z).  \n  \nLeur comp\u00e9tence s'\u00e9tend \u00e9galement \u00e0 toutes les activit\u00e9s des entreprises de transports routiers \nexerc\u00e9es dans leur p\u00e9rim\u00e8tre g\u00e9ographique, \u00e0 l'exception de celles d\u00e9crites aux points a) et b) ci-dessus.  \n  \n\u2022 Des \u00e9tablissements de la SNCF concourant aux activit\u00e9s de transport et des \u00e9tablissements de transport \nferroviaire (codes NAF 49.10Z Transport ferroviaire interurbain de voyageurs et 49.20Z Transport \nferroviaire de fret) relevant des sections 1-1, 2-4, 3-8 et 4-1.  \n \nLa comp\u00e9tence des sections 1-1, 2-4, 3-8 et 4-1 s'\u00e9tend \u00e0 toutes les activit\u00e9s de toute nature s'exer\u00e7ant \nau sein des enceintes ferroviaires, lesquelles comprennent les gares et le domaine public ferroviaire.  \n \nLa comp\u00e9tence des sections 1-1, 2-4, 3-8 et 4-1 s'\u00e9tend aux \u00e9tablissements de maintenance du mat\u00e9riel \nroulant.  \n \n\u2022 Des \u00e9tablissements de la RATP d\u00e9di\u00e9s aux activit\u00e9s de transport, relevant de la comp\u00e9tence des sections \n1-1, 2-4, 3-8 et 4-1.  \n \nLa comp\u00e9tence des sections 1-1, 2-4, 3-8 et 4-1 s'\u00e9tend \u00e0 toutes les activit\u00e9s de toute nature s'exer\u00e7ant \nau sein des enceintes ferroviaires (gares et domaine public ferroviaire). \n \nLa comp\u00e9tence des sections 1 -1, 2-4, 3-8 et 4-1 s'\u00e9tend \u00e9galement aux \u00e9tablissements de maintenance \ndu mat\u00e9riel roulant routier et ferroviaire.  \n \n\u2022 Des \u00e9tablissements de transport fluvial relevant des codes NAF 50.30Z (transport fluvial de passagers) \net 50.40Z (transport fluvial de fret) et des activit\u00e9s de navigation int\u00e9rieure, relevant de la comp\u00e9tence \ndes sections 1-1, 2-4, 3-8 et 4-1.  \n \nLes sections 1-1, 2-4, 3-8 et 4-1 sont comp\u00e9tentes pour contr\u00f4ler, sur les voies navigables, les bateaux, \nles engins flottants et les \u00e9tablissements flottants tels que d\u00e9finis \u00e0 l'article L.4000 -3 du code des \ntransports, \u00e0 l'exception des bateaux restant \u00e0  demeure \u00e0 quai et utilis\u00e9s pour des activit \u00e9s \ncommerciales ou de loisirs (par exemple : discoth\u00e8que, caf\u00e9s ou restaurants).  \n \nLa comp\u00e9tence des sections 1 -1, 2 -4, 3 -8 et 4 -1 s'exerce sur tout le domaine public fluvial (voies \nnavigables, quais, berges, chemins de halage) et les \u00e9cluses.  \n \nLa comp\u00e9tence des sections 1-1, 2-4, 3-8 et 4-1 s'\u00e9tend aux \u00e9tablissements d\u00e9pendant de l'\u00e9tablissement \npublic Voies Navigables de France (si\u00e8ges, \u00e9tablissements et \u00e9cluses).  \n \n\u2022 Des \u00e9tablissements agricoles tels que d\u00e9finis \u00e0 l'article L.717-1 du code rural relevant de la comp\u00e9tence \ndes sections 3-6, 3-7 et 3-9 de l'unit\u00e9 de contr\u00f4le n\u00b03.  \n \nDes \u00e9tablissements situ\u00e9s ou intervenant dans l'enceinte d'un \u00e9tablissement agricole relevant de la \ncomp\u00e9tence des sections 3 -6, 3 -7 et 3 -9 de l'unit\u00e9 de contr\u00f4le n\u00b03 , ainsi qu e l'ensemble des \n\u00e9tablissements situ\u00e9s \u00e0 l'int\u00e9rieur de l'enceinte des golfs et des activit\u00e9s s'exer\u00e7ant dans cette m\u00eame \nenceinte.  \n \n\u2022 Des activit\u00e9s exerc\u00e9es sur les chantiers dont le contr\u00f4le rel\u00e8ve de la comp\u00e9tence de l'unit\u00e9 r\u00e9gionale \nd'appui et de contr\u00f4le des grands chantiers.  \n \nDirection r\u00e9gionale et interd\u00e9partementale de l'\u00e9conomie, de l'emploi, du travail et des solidarit\u00e9s d'\u00cele-de-France -\nIDF-2025-03-28-00002 - D\u00e9cision n\u00b0 2025-046 du 28 mars 2025 relative \u00e0 la localisation et \u00e0 la d\u00e9limitation des unit\u00e9s de contr\u00f4le de la\ndirection d\u00e9partementale de l'emploi, du travail et des solidarit\u00e9s des Yvelines\n24\n3 / 9  \nArticle 2  \n  \nLa d\u00e9limitation de l'unit\u00e9 de contr\u00f4le n\u00b01 est fix\u00e9e comme suit :  \n  \nCommunes d'Ach\u00e8res, Aigremont, Andr\u00e9sy, Aubergenville, Auffreville -Brasseuil, Aulnay -sur-Mauldre, Bazemont, \nBennecourt, Blaru, Boinville -en-Mantois, Boissy-Mauvoisin, Bonni\u00e8res-sur-Seine, Bouafle, Breuil -Bois-Robert, Br\u00e9val, \nBrueil-en-Vexin, Buchelay, Carri\u00e8res -sous-Poissy, Chambourcy, Chanteloup -les-Vignes, Chapet, Chaufour -l\u00e8s-\nBonni\u00e8res, Conflans -Sainte-Honorine, Cravent, Drocourt, Ecquevilly, \u00c9p\u00f4ne, \u00c9vecquemont, La Falaise, Favrieux, \nFlins-sur-Seine, Follainville -Dennemont, Fontenay -Mauvoisin, Fontenay -Saint-P\u00e8re, Fourqueux, Freneuse, Gaillon -\nsur-Montcient, Gargenville, Gommecourt, Goussonville, Guernes, Guerv ille, Guitrancourt, Hardricourt, Issou, \nJambville, Jeufosse, Jouy-Mauvoisin, Juziers, Lainville-en-Vexin, Limay, Limetz-Villez, Lommoye, Magnanville, Mantes-\nla-Jolie, Mantes-la-Ville, Mareil-Marly, Maurecourt, M\u00e9dan, M\u00e9nerville, M\u00e9ricourt, Meulan -en-Yvelines, M\u00e9zi\u00e8res-sur-\nSeine, M\u00e9zy-sur-Seine, Moisson, Montalet -le-Bois, Morainvilliers, Mousseaux -sur-Seine, Les Mureaux, Neauphlette, \nN\u00e9zel, Oinville -sur-Montcient, Orgeval, Perdreauville, Poissy, Porcheville, Port -Villez, Rolleboise, Rosny -sur-Seine, \nSailly, Saint-Germain-en-Laye, Saint-Illiers-la-Ville, Saint-Illiers-le-Bois, Saint-Martin-la-Garenne, Soindres, Le Tertre -\nSaint-Denis, Tessancourt -sur-Aubette, Triel -sur-Seine, Vaux -sur-Seine, Verneuil -sur-Seine, Vernouillet, Vert, La \nVilleneuveen-Chevrie, Villennes-sur-Seine.  \n  \nLe nombre de sections d'inspection du travail de l'UC n\u00b01 est fix\u00e9 \u00e0 11. La d\u00e9limitation des 11 sections d'inspection \ndu travail de l'UC n\u00b01 de la direction d\u00e9partementale de l'emploi, du travail et des solidarit\u00e9s des Yvelines est fix\u00e9e \ncomme suit :  \n  \nSection 1 -1 : Communes d'Auffreville -Brasseuil, Boinville -en-Mantois, Breuil -Bois-Robert, Buchelay, Goussonville, \nGuerville, Magnanville, Mantes-la-Ville, Vert, Soindres.  \n  \nLa section 1 -1 est par ailleurs charg\u00e9e du contr\u00f4le des \u00e9tablissements de transports routiers, des \u00e9tablissements \nferroviaires dont la SNCF et des activit\u00e9s exerc\u00e9es dans les enceintes ferroviaires, des \u00e9tablissements RATP et des \nactivit\u00e9s exerc\u00e9es dans le s enceintes RATP, des \u00e9tablissements de transport fluvial ainsi que de la navigation \nint\u00e9rieure, tels que d\u00e9finis \u00e0 l'article 1er, dans l'ensemble des communes de l'unit\u00e9 de contr\u00f4le.  \n  \nSection 1 -2 : Communes de Bennecourt, Blaru, Boissy -Mauvoisin, Bonni\u00e8res -sur-Seine, Br\u00e9val, Chaufour -l\u00e8s-\nBonni\u00e8res, Cravent, Favrieux, Fontenay-Mauvoisin, Freneuse, Gommecourt, Jeufosse, Jouy-Mauvoisin, Limetz-Villez, \nLommoye, Mantes -la-Jolie, M\u00e9nerville, M\u00e9ricourt, Moisson, Mousseaux -sur-Seine, Neauphlette, Perdreauville, \nPortVillez, Rolleboise, Rosny -sur-Seine, Saint -Illiers-la-Ville, Saint -Illiers-le-Bois, Le Tertre -Saint-Denis, La \nVilleneuveen-Chevrie.  \n  \nSection 1-3 : Communes de Bazemont, Bouafle, Chapet, Ecquevilly, Flins-sur-Seine, Morainvilliers, Orgeval, Villennes-\nsur-Seine.  \n  \nSection 1-4 : Communes de Conflans-Sainte-Honorine, Maurecourt.  \n  \nSection 1-5 : Communes d'Aulnay-sur-Mauldre, Brueil-en-Vexin, Drocourt, \u00c9p\u00f4ne, La Falaise, Follainville-Dennemont, \nFontenay-Saint-P\u00e8re, Gaillon-sur-Montcient, Gargenville, Guernes, Hardricourt, Issou, Jambville, Juziers, Lainville-en-\nVexin, Meulan -en-Yvelines, Mezy-sur-Seine, Montalet -le-Bois, Nezel, Oinville -sur-Montcient, Sailly, Saint -Martin-la-\nGarenne, Tessancourt-sur-Aubette.  \n \nCette section n'est pas comp\u00e9tente pour le contr\u00f4le du centre hospitalier intercommunal de Meulan-Les Mureaux, \nsis 1 rue du Fort \u00e0 Meulan-en-Yvelines, qui rel\u00e8ve de la section 1-10. \n \nSection 1-6 : Communes d'Aubergenville, Guitrancourt, Limay, M\u00e9zi\u00e8res-sur-Seine, Porcheville.  \n \nCette section est \u00e9galement comp\u00e9tente pour toutes les activit\u00e9s exerc\u00e9es sur l'emprise des carri\u00e8res au sein de \nl'UC n\u00b0 1, sauf pour celles relevant de la comp\u00e9tence de la section 1-5. \n  \nDirection r\u00e9gionale et interd\u00e9partementale de l'\u00e9conomie, de l'emploi, du travail et des solidarit\u00e9s d'\u00cele-de-France -\nIDF-2025-03-28-00002 - D\u00e9cision n\u00b0 2025-046 du 28 mars 2025 relative \u00e0 la localisation et \u00e0 la d\u00e9limitation des unit\u00e9s de contr\u00f4le de la\ndirection d\u00e9partementale de l'emploi, du travail et des solidarit\u00e9s des Yvelines\n25\n4 / 9  \nSection 1-7 : Communes d'Aigremont, Chambourcy, Fourqueux, Mareil-Marly.  \nCommune de Poissy sud : toutes les rues situ\u00e9es au sud de la voie ferr\u00e9e du RER A  ainsi que le 43 rue Jean -Pierre \nTIMBAUD.  \n \nSection 1-8 : Communes d'Ach\u00e8res, Andr\u00e9sy.  \nCommune de Poissy nord : toutes les rues situ\u00e9es au nord de la voie ferr\u00e9e du RER A  \u00e0 l'exception du 43 rue Jean -\nPierre TIMBAUD.  \n  \nCette section est \u00e9galement comp\u00e9tente pour toutes activit\u00e9s exerc\u00e9es au sein de  l'usine Seine Aval du SIAAP \nsitu\u00e9e sur les communes d'Ach\u00e8res, Maisons-Laffitte et Saint Germain en Laye. \n  \nSection 1 -9 : Communes de Carri\u00e8res -sous-Poissy, Chanteloup -les-Vignes, \u00c9vecquemont, M\u00e9dan, Triel -sur-Seine, \nVaux-sur-Seine, Vernouillet.  \n  \nSection 1-10 : Communes de Les Mureaux, Verneuil-sur-Seine.  \n  \nCette section est comp\u00e9tente pour le contr\u00f4le du centre hospitalier intercommunal de Meulan -Les Mureaux, sis 1 \nrue du Fort \u00e0 Meulan-en-Yvelines.  \n  \nSection 1-11 : Commune de Saint-Germain-en-Laye.  \n \nCette section n'est pas comp\u00e9tente pour les activit\u00e9s exerc\u00e9es au sein de l'usine Seine Aval du SIAAP situ\u00e9e sur les \ncommunes d'Ach\u00e8res, Maisons-Laffitte et Saint-Germain-en-Laye qui rel\u00e8ve de la comp\u00e9tence de la section 1-8. \n \nLa d\u00e9limitation de l'unit\u00e9 de contr\u00f4le n\u00b02 est fix\u00e9e comme suit :  \n  \nCommunes de Bougival, Carri\u00e8res-sur-Seine, La Celle-Saint-Cloud, Chatou, Le Chesnay, Croissy-sur-Seine, Houilles, \nLouveciennes, Maisons -Laffitte, Marly-le-Roi, Le Mesnil -le-Roi, Montesson, Le Pecq, Le Port -Marly, Rocquencourt, \nSartrouville, Versailles, Le V\u00e9sinet.  \n  \nLe nombre de sections d'inspection du travail de l'UC n\u00b02 est fix\u00e9 \u00e0 8. La d\u00e9limitation des 8 sections d'inspection \ndu travail de l'UC n\u00b02 de la direction d\u00e9partementale de l'emploi, du travail et des solidarit\u00e9s des Yvelines est fix\u00e9e \ncomme suit :  \n  \nSection 2-1 : Commune de Versailles nord-est : rue Salomon de Brosse (n\u00b0 pairs), rue de l'Ermitage (n\u00b0 pairs), rue du \nMar\u00e9chal Gallieni (n\u00b0 pairs), rue Maurepas (n\u00b0 pairs), rue de la Paroisse (n\u00b0 impairs) de la rue Maurepas jusqu'\u00e0 la rue \ndes R\u00e9servoirs, rue des R\u00e9servoirs (n\u00b0 pairs) de la rue de la Paroisse jusqu'\u00e0 la place L\u00e9on Gambetta, place L\u00e9on \nGambetta, rue Robert de Cotte (n\u00b0 impairs) de la place L\u00e9on Gambetta jusqu'\u00e0  l'avenue Nepveu nord, avenue \nNepveu nord, avenue Rockefeller de l'avenue Nepveu nord jusqu'\u00e0 l'avenue de Paris, avenue de Paris (n\u00b0 impairs) ; \ntoutes les rues situ\u00e9es au nord et \u00e0 l'est de l'axe constitu\u00e9 par ces voies.   \n  \nSection 2-2 : Communes de Le Chesnay, La Celle-Saint-Cloud, Rocquencourt.  \n  \nSection 2-3 : Communes de Bougival, Croissy-sur-Seine, Louveciennes, Marly-le-Roi, Le Port-Marly.  \n  \nSection 2-4 : Communes de Le Pecq, Le V\u00e9sinet.  \n  \nLa section 2 -4 est par ailleurs charg\u00e9e du contr\u00f4le des \u00e9tablissements de transports routiers, des \u00e9tablissements \nferroviaires dont la SNCF et des activit\u00e9s exerc\u00e9es dans les enceintes ferroviaires, des \u00e9tablissements RATP et des \nactivit\u00e9s exerc\u00e9es dans le s enceintes RATP, des \u00e9tablissements de transport fluvial ainsi que de la navigation \nint\u00e9rieure, tels que d\u00e9finis \u00e0 l'article 1er, dans l'ensemble des communes de l'unit\u00e9 de contr\u00f4le.  \n  \nSection 2-5 : Commune de Versailles sud : route de Saint Germain , boulevard Saint Antoine de la route de Saint \nGermain jusqu'\u00e0 la rue Salomon de Brosse, rue Salomon de Brosse (n\u00b0 impairs), rue de l'Ermitage (n\u00b0 impairs), rue du \nDirection r\u00e9gionale et interd\u00e9partementale de l'\u00e9conomie, de l'emploi, du travail et des solidarit\u00e9s d'\u00cele-de-France -\nIDF-2025-03-28-00002 - D\u00e9cision n\u00b0 2025-046 du 28 mars 2025 relative \u00e0 la localisation et \u00e0 la d\u00e9limitation des unit\u00e9s de contr\u00f4le de la\ndirection d\u00e9partementale de l'emploi, du travail et des solidarit\u00e9s des Yvelines\n26\n5 / 9  \nMar\u00e9chal Gallieni (n\u00b0 impairs), rue Maurepas (n\u00b0 pairs),  rue de la Paroisse (n\u00b0 impairs) de la rue Maurepas jusqu'\u00e0 la \nrue des r\u00e9servoirs, rue des R\u00e9servoirs (n\u00b0 impairs) de  la rue de la Paroisse jusqu'\u00e0 la place L\u00e9on Gambetta, place \nL\u00e9on Gambetta (cot\u00e9 ch\u00e2teau), rue Robert de Cotte (n\u00b0 pairs) de la place L\u00e9on Gambetta jusqu'\u00e0 la place d'Armes, \nplace d'Armes, avenue de Paris (n\u00b0 pairs) ; toutes les rues situ\u00e9es au sud de l'axe constitu\u00e9 par ces voies.  \n \nSection 2-6 : Communes de Maisons-Laffitte, Le Mesnil-le-Roi.   \nCommune de Sartrouville ouest : route de Cormeilles (n\u00b0 impairs), rue Jean Mermoz (n\u00b0 impairs) de la route de \nCormeilles \u00e0 la rue Voltaire, rue Voltaire (n\u00b0 impairs), avenue de la Convention (n\u00b0 pairs), avenue de Tobrouk (n\u00b0 \npairs) ; toutes les rues situ\u00e9es \u00e0 l'ouest de l'axe constitu\u00e9 par ces voies.  \n \nCette section n'est pas comp\u00e9tente pour les activit\u00e9s exerc\u00e9es au sein de l'usine Seine Aval du SIAAP situ\u00e9e sur les \ncommunes d'Ach\u00e8res, Maisons-Laffitte et Saint-Germain-en-Laye qui rel\u00e8ve de la comp\u00e9tence de la section 1-8. \n  \nSection 2-7 : Communes de Carri\u00e8res-sur-Seine, Chatou, Houilles.  \n  \nSection 2-8 : Commune de Montesson.  \n  \nCommune de Sartrouville est : route de Cormeilles (n\u00b0 pairs), rue Jean Mermoz (n\u00b0 pairs) de la route de Cormeilles \n\u00e0 la rue Voltaire, rue Voltaire (n\u00b0 pairs), avenue de la Convention (n\u00b0 impairs), avenue de Tobrouk (n\u00b0 impairs) ; \ntoutes les rues situ\u00e9es \u00e0 l'est de l'axe constitu\u00e9 par ces voies.  \n  \nCette section est par ailleurs comp\u00e9tente pour le contr\u00f4le de l'ensemble de l'\u00e9tab lissement de l'entreprise \nPHOTOBOX, sise 37 rue de Beauce \u00e0 Sartrouville, \u00e9galement implant\u00e9 de mani\u00e8re contig\u00fce sur la commune de \nCormeilles en Parisis dans le Val d'Oise.  \n \nLa d\u00e9limitation de l'unit\u00e9 de contr\u00f4le n\u00b03 est fix\u00e9e comme suit :  \n  \nCommunes de Les Alluets-le-Roi, Bailly, Buc, Cernay-la-Ville, Ch\u00e2teaufort, Chavenay, Chevreuse, Choisel, Crespi\u00e8res, \nDampierre-en-Yvelines, Davron, L'\u00c9tang-la-Ville, Feucherolles, Fontenay-le-Fleury, Guyancourt, Herbeville, Jouy-en-\nJosas, L\u00e9vis-Saint-Nom, Les Loges-en-Josas, Magny-les-Hameaux, Mareil-sur-Mauldre, Maule, Le Mesnil -Saint-Denis, \nMilon-la-Chapelle, Montainville, Noisy -le-Roi, Rennemoulin, Saint -Cyr-l'\u00c9cole, Saint -Forget, Saint -Lambert, Saint -\nNom-la-Bret\u00e8che, Saint-R\u00e9my-l\u00e8s-Chevreuse, Senlisse, Thiverval-Grignon, Toussus-le-Noble, V\u00e9lizy-Villacoublay, La \nVerri\u00e8re, Villepreux, Viroflay, Voisins-le-Bretonneux.  \n  \nLe nombre de sections d'inspection du travail de l'UC n\u00b03 est fix\u00e9 \u00e0 9. La d\u00e9limitation des 9 sections d'inspection \ndu travail de l'UC n\u00b03 la direction d\u00e9partementale de l'emploi, du travail et des solidarit\u00e9s des Yvelines est fix\u00e9e \ncomme suit :  \n  \nSection 3-1 : Commune de Viroflay.  \n  \nCommune de V\u00e9lizy -Villacoublay nord est : autoroute A86 de la limite de Jouy en Josas jusqu'\u00e0 l'avenue Louis \nBr\u00e9guet, avenue Louis Br\u00e9guet (n\u00b0 pairs), avenue de l'Europe (n\u00b0 pairs) de l'avenue Louis Br\u00e9guet jusqu'\u00e0 l'avenue \nMorane Saulnier, avenue Morane S aulnier (n\u00b0 impairs) ; toutes les rues situ\u00e9es au nord de l'axe constitu\u00e9 par ces \nvoies.  \n \nSection 3-2 : Commune de Jouy-en-Josas, Les Loges-en-Josas, Toussus-le-Noble.  \n \nCommune de V\u00e9lizy -Villacoublay : avenue Morane Saulnier (n\u00b0 pairs) jusqu'\u00e0 la rue Paul Dautier, rue Paul Dautier \n(n\u00b0 impairs), avenue de l'Europe (n\u00b0 impairs) de la rue Paul Dautier jusqu'\u00e0 la hauteur de l'autoroute A86, autoroute \nA86 jusqu'au croisement avec la N118, N118 de l'autoroute A86 jusqu'\u00e0 la limite de Meudon-la-For\u00eat; toutes les rues \n\u00e0 l'int\u00e9rieur du p\u00e9rim\u00e8tre d\u00e9fini par ces voies.  \n  \nSection 3-3 : Commune de V\u00e9lizy-Villacoublay sud et est :   \nDirection r\u00e9gionale et interd\u00e9partementale de l'\u00e9conomie, de l'emploi, du travail et des solidarit\u00e9s d'\u00cele-de-France -\nIDF-2025-03-28-00002 - D\u00e9cision n\u00b0 2025-046 du 28 mars 2025 relative \u00e0 la localisation et \u00e0 la d\u00e9limitation des unit\u00e9s de contr\u00f4le de la\ndirection d\u00e9partementale de l'emploi, du travail et des solidarit\u00e9s des Yvelines\n27\n6 / 9  \n- Toutes les rues situ\u00e9es au sud d'un axe constitu\u00e9 par l'autoroute A86 de la limite de Jouy en Josas jusqu'\u00e0 l'avenue \nLouis Br\u00e9guet, l'avenue Louis Br\u00e9guet, l'avenue de l'Europe de l'avenue Louis Br\u00e9guet jusqu'\u00e0 l'avenue Morane \nSaulnier, l'avenue Morane Saulnier de l'avenue de l'Europe jusqu'\u00e0 la rue Paul Dautier, la rue Paul Dautier, l'avenue \nde l'Europe de la rue Paul Dautier jusqu'\u00e0 la hauteur de l'autoroute A86, l'autoroute A86 de la hauteur de l'extr\u00e9mit\u00e9 \nde l'avenue de l'Europe jusqu'\u00e0 la limite communale de Clamart,   \n- Avenue Louis Br\u00e9guet  (n\u00b0 impairs), avenue de l'Europe (n\u00b0 impairs) de l'avenue Louis Br\u00e9guet jusqu'\u00e0 l'avenue \nMorane Saulnier (incluant la place de l'Europe), avenue Morane Saulnier (n\u00b0 impairs) de l'avenue de l'Europe jusqu'\u00e0 \nla rue Paul Dautier, rue Paul Dautier (n\u00b0 pairs), avenue de l'Europe (n\u00b0 pairs) de la rue Paul Dautier jusqu'\u00e0 la hauteur \nde l'autoroute A86, autoroute A86 de la N118 jusqu'\u00e0 la limite communale de Clamart.  \n- Toutes les rues comprises entre la N118, l'autoroute A86 et les limites des communes de Meudon -la-For\u00eat et \nClamart.  \n \nSection 3-4 : Communes de Buc, Ch\u00e2teaufort, Magny-les-Hameaux.  \n  \nSection 3-5 : Commune de Guyancourt, \u00e0 l'exception des p\u00e9rim\u00e8tres d\u00e9finis pour les sections 3-6 et 3-8.  \n  \nSection 3-6 : Commune de Guyancourt centre et nord-est : route de Saint Cyr (c\u00f4t\u00e9 ouest), rond-point des Saules, \navenue Claude Monet (n\u00b0 pairs), boulevard Paul C\u00e9zanne (n\u00b0 pairs du 22 au 26) de l'avenue Claude Monet jusqu'\u00e0 \nla rue Henri de Toulouse Lautrec, rue Henri de Toulouse Lautrec, rue Maurice Utrillo dans sa partie formant impasse \nde la rue Henri de Toulouse Lautrec jusqu'\u00e0 la hauteur de l'avenue des Garennes, avenue des Garennes (c\u00f4t\u00e9 Est) \nde la hauteur de la rue Maurice Utrillo jusqu'\u00e0 l'avenue de l'Europe (n\u00b0 pairs), avenue de l'Europe (n\u00b0 pairs) de \nl'avenue des Garennes jusqu'\u00e0 la hauteur de la rue de Dampierre, rue de Dampierre (n\u00b0 impairs), avenue L\u00e9on Blum \n(n\u00b0 impairs) de la hauteur de la rue de Dampierre jusqu'\u00e0 la rue Louis Bl\u00e9riot, rue Louis  Bl\u00e9riot (n\u00b0 impairs) ; toutes \nles rues situ\u00e9es \u00e0 l'est et au nord de l'axe constitu\u00e9 par ces voies.  \n  \nLa section 3-6 est par ailleurs charg\u00e9e du contr\u00f4le des \u00e9tablissements agricoles, ainsi que des \u00e9tablissements situ\u00e9s \nou intervenants au sein des \u00e9tablissements agricoles, dans les communes d'Adainville, Auteuil, Autouillet, Bailly, \nBazainville, Bazoches-sur-Guyonne, B\u00e9houst, Beynes, Bois -d'Arcy, Boisset, Boissy-sans-Avoir, Bougival, Bourdonn\u00e9, \nCarri\u00e8res-sur-Seine, Chatou, Chavenay, Civry -la-For\u00eat, Coigni\u00e8res, Cond\u00e9 -sur-Vesgre, Courgent, Croissy -sur-Seine, \nDammartin-en-Serve,  Dannemarie, \u00c9lancourt, Flins -neuve-Eglise, Fontenay-le-Fleury, Flexanville, Galluis, Gambais, \nGambaiseuil, Garanci\u00e8res, Grandchamp, Gressey, Grosrouvre, Houdan, Ho uilles, Jouars -Pontchartrain, La Celle -\nSaint-Cloud, La Hauteville, La Queue-les-Yvelines, La Verri\u00e8re, Le Chesnay, L'Etang-la-Ville, Le Port-Marly, Le Tartre-\nGaudran, Le Tremblay -sur-Mauldre, Le V\u00e9sinet, Les Br\u00e9viaires, Les Clayes -sous-Bois, Les Mesnuls, Longnes,  \nLouveciennes, Mareil -le-Guyon, Maions -Laffitte, Marcq, Marly -le-Roi, Maulette, Maurepas, M\u00e9r\u00e9, Millemont, \nMontfort-l'Amaury, Mond reville, Montchauvet, Mulcent, Neauphle-le-Ch\u00e2teau, Neauphle -le-Vieux, Noisy -le-Roi, \nOrgerus, Orvilliers, Osmoy, Plaisi r, Prunay-le-Temple, Rennemoulin, Richebourg, Rocquencourt, Saint -Cyr-l'\u00c9cole, \nSaint-Germain-de-la-Grange, Saint -L\u00e9ger-en-Yvelines, Saint -Martin-des-Champs, Saint -Nom-la-Bret\u00e8che, Saint -\nR\u00e9my-l'Honor\u00e9, Sartrouville, Saulx -Marchais, Septeuil, Tacoigni\u00e8res, Thiverval -Grignon, Tilly, Trappes, V\u00e9lizy -\nVillacoublay, Versailles, Vicq, Villiers-Saint-Fr\u00e9deric, Villiers-le-Mahieu, Villepreux, Viroflay.  \n  \nSection 3 -7 : Communes de Maule, Herbeville, Mareil -sur-Maudre, Montainville, les Alluets -le-Roi, Crespi\u00e8res, \nDavron, Thiverval Grignon, Chavenay, Villepreux, Fontenay-le-Fleury, Saint-Cyr-l'Ecole, Feucherolles, Saint-Nom-la-\nBret\u00e8che, L'Etang-la-ville, Noisy-le-Roi, Bailly, Rennemoulin.  \n  \nLa section 3-7 est par ailleurs charg\u00e9e du contr\u00f4le des \u00e9tablissements agricoles, ainsi que des \u00e9tablissements situ\u00e9s \nou intervenants au sein des \u00e9tablissements agricoles, dans les communes d'Ach\u00e8res, Aigremont, Andelu, Andr\u00e9sy, \nArnouville-l\u00e8s-Mantes, Aubergenville, Auffreville -Brasseuil, Aulnay -sur-Mauldre, Bazemont, Bennecourt, Blaru, \nBoinville-en-Mantois, Boinvilliers, Boissy -Mauvoisin, Bonni\u00e8res-sur-Seine, Bouafle, Breuil -Bois-Robert, Br\u00e9val, Brueil -\nen-Vexin, Buchelay, Carri\u00e8res -sous-Poissy, Chambourcy,  Chanteloup-les-Vignes, Chapet, Chaufour -l\u00e8s-Bonni\u00e8res, \nConflans-Sainte-Honorine, Cravent, Crespi\u00e8res,  Davron, Drocourt, Ecquevilly, \u00c9p\u00f4ne, \u00c9vecquemont, Favrieux, \nFeucherolles, Flacourt, Flins -sur-Seine, Follainville -Dennemont, Fontenay -Mauvoisin, Fontenay -Saint-P\u00e8re, \nFourqueux, Freneuse, Gaillon -sur-Montcient, Gargenville, Gommecourt, Goupilli\u00e8res, Goussonville, Guernes, \nGuerville, Guitrancourt, Hardricourt, Hargeville, Herbeville,  Issou, Jambville, Jeufosse, Jouy-Mauvoisin, Jumeauville, \nJuziers, La Falaise, La Villeneuve-en-Chevrie, Lainville-en-Vexin, Le Mesnil-le-Roi, Le Pecq,  Le Tertre-Saint-Denis, Les \nAlluets-le-Roi, Les Mureaux, Limay, Limetz -Villez, Lommoye, Magnanville, Mantes -la-Jolie, Mantes -la-Ville, Mareil -\nDirection r\u00e9gionale et interd\u00e9partementale de l'\u00e9conomie, de l'emploi, du travail et des solidarit\u00e9s d'\u00cele-de-France -\nIDF-2025-03-28-00002 - D\u00e9cision n\u00b0 2025-046 du 28 mars 2025 relative \u00e0 la localisation et \u00e0 la d\u00e9limitation des unit\u00e9s de contr\u00f4le de la\ndirection d\u00e9partementale de l'emploi, du travail et des solidarit\u00e9s des Yvelines\n28\n7 / 9  \nMarly, Mareil -sur-Mauldre, Maule, Maurecourt, M\u00e9dan, M\u00e9nerville, M\u00e9ricourt, Meulan -en-Yvelines, M\u00e9zi\u00e8res -sur-\nSeine, M\u00e9zy -sur-Seine, Moisson, Montainville, Montalet -le-Bois, Montesson, Morainvilliers, Mousseaux -sur-Seine, \nNeauphlette, N\u00e9zel, Oinville-sur-Montcient, Orgeval, Perdreauville, Poissy, Porcheville, Port-Villez, Rolleboise, Rosay, \nRosny-sur-Seine, Sa illy, Saint -Germain-en-Laye, Saint -Illiers-la-Ville, Saint -Illiers-le-Bois, Saint -Martin-la-Garenne, \nSoindres, Tessancourt sur Aubette, Thoiry, Triel -sur-Seine, Vaux -sur-Seine, Verneuil -sur-Seine, Vernouillet, Vert, \nVillennes-sur-Seine, Villette.  \n  \nSection 3-8 : Commune de Guyancourt sud est : avenue Joseph Kessel, rue Eug\u00e8ne Viollet (n\u00b0 impairs) de l'avenue \nJoseph Kessel jusqu'\u00e0 la rue de l'Ukraine, rue de l'Ukraine (c\u00f4t\u00e9 oues t), avenue L\u00e9on Blum (n\u00b0 pairs) de la rue de \nl'Ukraine jusqu'\u00e0 la rue Louis Bl\u00e9riot, rue Louis Bl\u00e9riot (n\u00b0 pairs) ; toutes les rues situ\u00e9es au sud de l'axe constitu\u00e9 par \nces voies.  \nCommune de Voisins-le-Bretonneux.  \n \nLa section 3 -8 est par ailleurs charg\u00e9e du contr\u00f4le des \u00e9tablissements de transports routiers, des \u00e9tablissements \nferroviaires dont la SNCF et des activit\u00e9s exerc\u00e9es dans les enceintes ferroviaires, des \u00e9tablissements RATP et des \nactivit\u00e9s exerc\u00e9es dans les enceintes RATP, des \u00e9tablissements de transport fluvial ainsi que de la navigation \nint\u00e9rieure, tels que d\u00e9finis \u00e0 l'article 1er, dans l'ensemble des communes de l'unit\u00e9 de contr\u00f4le.  \n \nSection 3-9 : Communes de Cernay-la-Ville, Chevreuse, Choisel, Dampierre-en-Yvelines, L\u00e9vis-Saint-Nom, Le Mesnil-\nSaint-Denis, Milon-la-Chapelle, Saint-Forget, Saint-Lambert, Saint-R\u00e9my-l\u00e8s-Chevreuse, Senlisse, La Verri\u00e8re.  \n  \nLa section 3-9 est par ailleurs charg\u00e9e du contr\u00f4le des \u00e9tablissements agricoles, ainsi que des \u00e9tablissements situ\u00e9s \nou intervenants au sein des \u00e9tablissements agricoles,  dans les communes d'Ablis, Allainville, Auffargis, Boinville-le-\nGaillard, Bonnelles, Buc, Bullion, Cernay -la-Ville, Ch\u00e2teaufort, Chevreuse, Choisel, Clairefontaine -en-Yvelines, \nDampierre-en-Yvelines, \u00c9manc\u00e9, Gazeran, Guyancourt, Hermeray, Jouy -en-Josas, La Boissi\u00e8re -\u00c9cole, La Celle -les-\nBordes, Le Mesnil -Saint-Denis, Le Perray -en-Yvelines, Les Essarts -le-Roi, Les Loges -en-Josas, L\u00e9vis -Saint-Nom, \nLongvilliers, Magny -les-Hameaux, Milon -la-Chapelle, Mittainville, Montigny -le-Bretonneux, Orcemont, Orphin, \nOrsonville, Paray-Douaville, Poigny-la-For\u00eat, Ponth\u00e9vrard, Prunay-en-Yvelines, Raizeux, Rambouillet, Rochefort-en-\nYvelines, Saint -Arnoult-en-Yvelines, Saint -Lambert-des-Bois, Sainte -Mesme, Saint -Forget, Saint -Hilarion, Saint -\nMartin-de-Br\u00e9thencourt, Saint -R\u00e9my-l\u00e8s-Chevreuse, Senlisse, Sonchamp, Toussus -le-Noble, Vieille -\u00c9glise-en-\nYvelines, Voisins-le-Bretonneux.  \n \nLa d\u00e9limitation de l'unit\u00e9 de contr\u00f4le n\u00b04 est fix\u00e9e comme suit :  \n  \nCommunes d'Ablis, Adainville, Allainville, Andelu, Arnouville -l\u00e8s-Mantes, Auffargis, Auteuil, Autouillet, Bazainville, \nBazoches-sur-Guyonne, B\u00e9houst, Beynes, Boinville -le-Gaillard, Boinvilliers, Bois -d'Arcy, Boissets, La Boissi\u00e8re -\u00c9cole, \nBoissy-sans-Avoir, Bonnelles, Bourdonn\u00e9, Les Br\u00e9viaires, Bullion, La Celle -les-Bordes, Civry-la-For\u00eat, Clairefontaine-\nen-Yvelines, Les Clayes -sous-Bois, Coigni\u00e8res, Cond\u00e9 -sur-Vesgre, Courgent, Dammartin -en-Serve, Dannemarie, \n\u00c9lancourt, \u00c9manc\u00e9, Les E ssarts-le-Roi, Flacourt, Flexanville, Flins -Neuve-Eglise, Galluis, Gambais, Gambaiseuil, \nGaranci\u00e8res, Gazeran, Goupilli\u00e8res, Grandchamp, Gressey, Grosrouvre, Hargeville, La Hauteville, Hermeray, \nHoudan, Jouars -Pontchartrain, Jumeauville, Longnes, Longvilliers, Marcq, Mareil -le-Guyon, Maulette, Maurepas, \nM\u00e9r\u00e9, Les Mesnuls, Millemont, Mittainville, Mondreville, Montchauvet, Montfort-l'Amaury, Montigny-le-Bretonneux, \nMulcent, Neauphle-le-Ch\u00e2teau, Neauphle-le-Vieux, Orcemont, Orgerus, Orphin, Orsonville, Orvilliers, Osmoy, Paray-\nDouaville, Le Perray -en-Yvelines, Plaisir, Poigny -la-For\u00eat, Ponth\u00e9vrard, Prunay -le-Temple, Prunay -en-Yvelines, La \nQueue-les-Yvelines, Raizeux, Rambouillet, Richebourg, Rochefort -en-Yvelines, Rosay, Saint -Arnoult-en-Yvelines, \nSaint-Germain-de-la-Grange, Saint -Hilarion, Saint -L\u00e9ger-en-Yvelines, Saint -Martin-de-Br\u00e9thencourt, Saint -Martin-\ndes-Champs, Sainte -Mesme, Saint -R\u00e9my-l'Honor\u00e9, Saulx -Marchais, Septeuil, Sonchamp, Tacoigni\u00e8res, Le Tartre -\nGaudran, Thoiry, Tilly, Trappes, Le Tremblay-sur-Mauldre, Vicq, Vieille-\u00c9glise-en-Yvelines, Villette, Villiers-le-Mahieu, \nVilliers-Saint-Fr\u00e9deric.  \n  \nLe nombre de sections d'inspection du travail de l'UC n\u00b04 est fix\u00e9 \u00e0 10. La d\u00e9limitation des 10 sections d'inspection \ndu travail de l'UC n\u00b04 de la direction d\u00e9partementale de l'emploi, du travail et des solidarit\u00e9s des Yvelines est fix\u00e9e \ncomme suit :  \n  \n \nDirection r\u00e9gionale et interd\u00e9partementale de l'\u00e9conomie, de l'emploi, du travail et des solidarit\u00e9s d'\u00cele-de-France -\nIDF-2025-03-28-00002 - D\u00e9cision n\u00b0 2025-046 du 28 mars 2025 relative \u00e0 la localisation et \u00e0 la d\u00e9limitation des unit\u00e9s de contr\u00f4le de la\ndirection d\u00e9partementale de l'emploi, du travail et des solidarit\u00e9s des Yvelines\n29\n8 / 9  \nSection 4-1 : Commune de Bois-d'Arcy.  \nCommune de Trappes nord : R12 (c\u00f4t\u00e9 ouest) de la limite d'Elancourt jusqu'\u00e0 la route de Dreux, route de Dreux \n(c\u00f4t\u00e9 nord) de la R12 jusqu'\u00e0 la RN10, RN10 (c\u00f4t\u00e9 nord) de la route de Dreux jusqu'\u00e0 la limite de Montigny le \nBretonneux ; toutes les rues situ\u00e9es au nord de l'axe constitu\u00e9 par ces voies.  \n  \nLa section 4 -1 est par ailleurs charg\u00e9e du contr\u00f4le des \u00e9tablissements de transports routiers, des \u00e9tablissements \nferroviaires dont la SNCF et des activit\u00e9s exerc\u00e9es dans les enceintes ferroviaires, des \u00e9tablissements RATP et des \nactivit\u00e9s exerc\u00e9es dans le s enceintes RATP, des \u00e9tablissements de transport fluvial ainsi que de la navigation \nint\u00e9rieure, tels que d\u00e9finis \u00e0 l'article 1er, dans l'ensemble des communes de l'unit\u00e9 de contr\u00f4le.  \n  \nSection 4-2 : Communes des Clayes-sous-Bois, Neauphle-le-Ch\u00e2teau, Saint-Germain-de-la-Grange.  \nCommune de Plaisir nord : Chemin rural n\u00b04 (dit de Villancy) des limites de la commune de Plaisir avec celles de \nNeauphle-le Ch\u00e2teau, rue Alexandre Dumas (n\u00b0 pairs), jusqu'au chemin du Pr\u00e9 Poulet, chemin du Pr\u00e9 Poulet (n\u00b0 \nimpairs) jusqu'au chemin rural n\u00b0 26, chemin rural n\u00b0 26 jusqu'au chemin rural n\u00b0 7 (dit de Pontchartrain \u00e0 Plaisir), \nchemin rural n\u00b07 jusqu'\u00e0 la rue Jules R\u00e9gnier, rue Jules R\u00e9gnier (n\u00b0 impairs), jusqu'\u00e0 l'avenue du Pressoir, avenue du \nPressoir jusqu'\u00e0 la RD 30, rue Pierre Curie (n\u00b0 impairs) de la RD 30 jusqu'\u00e0 la rue Elsa Triolet, rue Elsa Triolet (n\u00b0 pairs) \njusqu'au chemin rural n\u00b0 59 (dit chemin de la Bataille), chemin rural n\u00b0 59 jusqu'aux limites de la commune de Plaisir \navec celle de Clayes-sous-Bois.  \n \nSection 4-3 : Commune de Montigny -le-Bretonneux sud et ouest : avenue des Fr\u00e8res Lumi\u00e8re (c\u00f4t\u00e9 sud) jusqu'\u00e0 \nl'autoroute A12, autoroute A12 de l'avenue des Fr\u00e8res Lumi\u00e8re jusqu'\u00e0 l'avenue Paul Delouvrier, avenue Paul \nDelouvrier (c\u00f4t\u00e9 sud) de l'autoroute A12 jusqu'\u00e0 l'avenue du Passage du Lac, avenue du Passage du Lac (n\u00b0 impairs) \nde l'avenue Paul Delouvrier jusqu'\u00e0 l'avenue des Pr\u00e9s, avenue des Pr\u00e9s (c\u00f4t\u00e9 sud), de l'avenue du Passage du Lac \njusqu'\u00e0 la rue de l'Aqueduc, rue de l'Aqueduc (c\u00f4t\u00e9 Sud), rue Jo\u00ebl Le Theule (n\u00b0 pairs) de la rue de l'Aqueduc jusqu'\u00e0 \nl'avenue Gustave Eiffel, avenue Gustave Eiffel (n\u00b0 impairs), boulevard Vauban (n\u00b0 pairs) de l'avenue du Centre \njusqu'au boulevard d'Alembert, boulevard d'Alembert (n\u00b0 pairs), avenue de l'Europe (c\u00f4t\u00e9 sud) ; toutes les rues \nsitu\u00e9es \u00e0 l'ouest de l'axe constitu\u00e9 par ces voies.  \n  \nSection 4-4 : Commune de Montigny-le-Bretonneux nord et est :   \n- Toutes les rues situ\u00e9es \u00e0 l'est d'un axe constitu\u00e9 par l'avenue des Fr\u00e8res Lumi\u00e8re jusqu'\u00e0 l'autoroute A12, \nl'autoroute A12 de l'avenue des Fr\u00e8res Lumi\u00e8re jusqu'\u00e0 l'avenue Paul Delouvrier, l'avenue Paul Delouvrier de \nl'autoroute A12 jusqu'\u00e0 l'avenue du Passage du Lac, l'avenue du Passage du Lac de l'avenue Paul Delouvrier jusqu'\u00e0 \nl'avenue des Pr\u00e9s, avenue des Pr\u00e9s de l'avenue du Passage du Lac jusqu'\u00e0 la rue de l'Aqueduc, rue de l'Aqueduc, rue \nJo\u00ebl Le Theule de la rue de l'Aqueduc jusqu'\u00e0 l'avenue Gustave  Eiffel, avenue Gustave Eiffel, boulevard Vauban de \nl'avenue du Centre jusqu'au boulevard d'Alembert, boulevard d'Alembert, avenue de l'Europe.  \n- Avenue des Fr\u00e8res Lumi\u00e8re (c\u00f4t\u00e9 nord) jusqu'\u00e0 l'avenue Paul Delouvrier, avenue Paul Delouvrier (c\u00f4t\u00e9 nord) de \nl'autoroute A12 jusqu'\u00e0 l'avenue du Passage du Lac, avenue du Passage du Lac (n\u00b0 pairs) de l'avenue Paul Delouvrier \njusqu'\u00e0 l'avenue des Pr\u00e9s, ave nue des Pr\u00e9s (c\u00f4t\u00e9 Nord) de l'avenue du Passage du Lac jusqu'\u00e0 la rue de l'Aqueduc, \nrue de l'Aqueduc, (c\u00f4t\u00e9 nord)  rue Jo\u00ebl Le Theule (n\u00b0 impairs) de la rue de l'Aqueduc jusqu'\u00e0 l'avenue Gustave Eiffel, \navenue Gustave Eiffel (n\u00b0 pairs), boulevard Vauban (n\u00b0 impairs) de l'avenue du Centre jusqu'au boulevard \nd'Alembert, boulevard d'Alembert (n\u00b0 impairs), avenue de l'Europe (c\u00f4t\u00e9 nord)  \n  \nSection 4-5 : Commune de Trappes sud : R12 (c\u00f4t\u00e9 est) de la limite d'Elancourt jusqu'\u00e0 la route de Dreux, route de \nDreux (c\u00f4t\u00e9 sud) de la R12 \u00e0 la RN10, RN10 (c\u00f4t\u00e9 sud) de la route de Dreux jusqu'\u00e0 la limite de Montigny -le-\nBretonneux ; toutes les rues situ\u00e9es au sud de l'axe constitu\u00e9 par ces voies en incluant la totalit\u00e9 de la ZA Trappes-\nElancourt situ\u00e9e au sud-est de la voie ferr\u00e9e (dont une partie du territoire d\u00e9pend de la commune d'Elancourt).  \n  \nSection 4-6 : Commune d'Elancourt sauf le territoire de la ZA Trappes-Elancourt situ\u00e9e au sud-est de la voie ferr\u00e9e. \nCommune de Maurepas est : boulevard du Rhin (c\u00f4t\u00e9 est), boulevard de la Loire (c\u00f4t\u00e9 est) ; toutes les rues situ\u00e9es \n\u00e0 l'est de l'axe constitu\u00e9 par ces voies.  \n  \nSection 4-7 : Communes de Coigni\u00e8res, Jouars-Pontchartrain.  \nCommune de Maurepas ouest : boulevard du Rhin (c\u00f4t\u00e9 ouest), boulevard de la Loire (c\u00f4t\u00e9 ouest) ; toutes les rues \nsitu\u00e9es \u00e0 l'ouest de l'axe constitu\u00e9 par ces voies.  \nDirection r\u00e9gionale et interd\u00e9partementale de l'\u00e9conomie, de l'emploi, du travail et des solidarit\u00e9s d'\u00cele-de-France -\nIDF-2025-03-28-00002 - D\u00e9cision n\u00b0 2025-046 du 28 mars 2025 relative \u00e0 la localisation et \u00e0 la d\u00e9limitation des unit\u00e9s de contr\u00f4le de la\ndirection d\u00e9partementale de l'emploi, du travail et des solidarit\u00e9s des Yvelines\n30\n9 / 9  \nCette section n'est pas comp\u00e9tente pour le contr\u00f4le des \u00e9tablissements du groupe LA POSTE sis dans son \np\u00e9rim\u00e8tre, qui rel\u00e8vent de la section 4-10.  \n  \nSection 4-8 : Communes d'Adainville, La Boissi\u00e8re-Ecole, Bourdonn\u00e9, Cond\u00e9-sur-Vesgre, Dannemarie, Gambaiseuil, \nGazeran, Grandchamp, Grosrouvre, La Hauteville, Hermeray, Mittainville, Montfort -l'Amaury, Poigny -la-For\u00eat, \nRaizeux, Rambouillet, Saint-L\u00e9ger-en-Yvelines, Le Tartre-Gaudran.  \n  \nSection 4-9 : Communes d'Andelu, Arnouville -l\u00e8s-Mantes, Auteuil, Autouillet, Bazainville, Bazoches \u2013sur-Guyonne, \nB\u00e9houst, Beynes, Boinvilliers, Boissets, Boissy -sans-Avoir, Civry-la-For\u00eat, Courgent, Dammartin -en-Serve, Flacourt, \nFlexanville, Flins -Neuve-Eglise, Gallui s, Gambais, Garanci\u00e8res, Goupilli\u00e8res, Gressey, Hargeville, Houdan, \nJumeauville, Longnes, Marcq, Mareil -le-Guyon, Maulette, M\u00e9r\u00e9, Millemont, Mondreville, Montchauvet, Mulcent, \nNeauphle-le-Vieux, Orgerus, Orvilliers, Osmoy, Prunay -le-Temple, La Queue-les-Yvelines, Le Tremblay-sur-Mauldre,  \nRichebourg, Rosay, Saint -Martin-des-Champs, Saulx -Marchais, Septeuil, Tacoigni\u00e8res, Thoiry, Tilly, Vicq, Villette, \nVilliers-le-Mahieu, Villiers-Saint-Fr\u00e9d\u00e9ric.  \n \nSection 4 -10 : Communes d'Ablis, Allainville, Auffargis, Boinville -le-Gaillard, Bonnelles, Bullion, Clairefontaine-en-\nYvelines, Emanc\u00e9, La Celle -les-Bordes, Le Perra y-en-Yvelines, Les Br\u00e9viaires, Les Essarts -le-Roi, Les Mesnuls, \nLongvilliers, Orcemont, Orphin, Orsonville, Paray -Douaville, Ponth\u00e9vrard, Prunay -en-Yvelines, Rochefort -en-\nYvelines, Sonchamp, Saint-Arnoult-en-Yvelines, Saint-Hilarion, Saint-Martin-de-Br\u00e9thencourt, Saint-R\u00e9my-l'Honor\u00e9, \nSainte-Mesme, Vieille-\u00c9glise-en-Yvelines.   \n \nCommune de Plaisir Sud : Chemin rural n\u00b04 (dit de Villancy) des limites de la commune de Plaisir avec celles de \nNeauphle-le Ch\u00e2teau, rue Alexandre Dumas (n\u00b0 impairs), jusqu'au chemin du Pr\u00e9 Poulet, chemin du Pr\u00e9 Poulet (n\u00b0 \npairs) jusqu'au chemin rural n\u00b0 2 6, chemin rural n\u00b0 26 jusqu'au chemin rural n\u00b0 7 (dit de Pontchatrain \u00e0 Plaisir), \nchemin rural n\u00b07 jusqu'\u00e0 la rue Jules R\u00e9gnier, rue Jules R\u00e9gnier (n\u00b0 pairs), jusqu'\u00e0 l'avenue du Pressoir, avenue du \nPressoir jusqu'\u00e0 la RD 30, rue Pierre Curie (n\u00b0 pairs) de la RD 30 jusqu'\u00e0 la rue Elsa Triolet, rue Elsa Triolet (n\u00b0 impairs) \njusqu'au chemin rural n\u00b0 59 (dit chemin de la bataille), chemin rural n\u00b0 59 jusqu'aux limites de la commune de Plaisir \navec celles de Clayes-sous-Bois  \n  \nEn outre, cette section est comp\u00e9tente pour le contr\u00f4le des \u00e9tablissements du groupe LA POSTE sis dans le \np\u00e9rim\u00e8tre de la section 4-7.  \n \nArticle 3  \n  \nLa pr\u00e9sente d\u00e9cision entre en vigueur le 1er avril 2025.  \n  \nArticle 4  \n  \nLa d\u00e9cision n\u00b0 2023-194 du 26 d\u00e9cembre 2023 relative \u00e0 la localisation et \u00e0 la d\u00e9limitation des unit\u00e9s de contr\u00f4le et \ndes sections d'inspection du travail de la direction d\u00e9partementale de l'emploi, du travail et des solidarit\u00e9s des \nYvelines est abrog\u00e9e.  \n  \nArticle 5   \n  \nLe directeur r\u00e9gional et interd\u00e9partemental de l'\u00e9conomie, de l'emploi, du travail et des solidarit\u00e9s d'Ile-de-France \net le directeur d\u00e9partemental de l'emploi, du travail et des solidarit\u00e9s des Yvelines sont charg\u00e9s de l'application de \nla pr\u00e9sente d\u00e9cision, qui sera publi\u00e9e au recueil des actes administratifs de la r\u00e9gion Ile de France.   \n \nFait \u00e0 Aubervilliers, le 28 mars 2025 \n \nLe Directeur, \n \nSIGN\u00c9 \n \nGa\u00ebtan RUDANT \nDirection r\u00e9gionale et interd\u00e9partementale de l'\u00e9conomie, de l'emploi, du travail et des solidarit\u00e9s d'\u00cele-de-France -\nIDF-2025-03-28-00002 - D\u00e9cision n\u00b0 2025-046 du 28 mars 2025 relative \u00e0 la localisation et \u00e0 la d\u00e9limitation des unit\u00e9s de contr\u00f4le de la\ndirection d\u00e9partementale de l'emploi, du travail et des solidarit\u00e9s des Yvelines\n31","date":"2025-03-28","first_seen_on":"2025-03-28T17:52:27+00:00","id":"54e9b8840a5ad79b8374629179fc438b0040e0fe853ee157f4d8fd30fd6ed166","name":"recueil-idf-063-2025-03-recueil-des-actes-administratifs-special du 28.03.2025","pdf_creation_date":"2025-03-28T16:00:44+00:00","pdf_modification_date":null,"timezone":"CET","url":"https://www.prefectures-regions.gouv.fr/ile-de-france/irecontenu/telechargement/126606/935099/file/recueil-idf-063-2025-03-recueil-des-actes-administratifs-special%20du%2028.03.2025.pdf"}
