{"administration":"pref50","administration_name":"Pr\u00e9fecture de la Manche","content":"RECUEIL DES ACTES\nADMINISTRATIFS\nDE LA MANCHE\nDOCUMENTATION\nET\nINFORMATIONS\nJUILLET 2023\nNUMERO SPECIAL N\u00b0 66\nLe contenu int\u00e9gral des textes et/ou les documents et plans annex\u00e9s\npeut \u00eatre consult\u00e9 aupr\u00e8s du service sous le timbre duquel la publication\nest r\u00e9alis\u00e9e et sur le site Internet de la pr\u00e9fecture :\nhttp://www.manche.gouv.fr\nRubrique : Publications - Annonces et avis - Recueil des actes administratifs\n\nS O M M A I R E\nDIVERS........................................................................................................................................................................................................................2\nDIRM : DIRECTION INTERR\u00c9GIONALE DE LA MER MANCHE EST-MER DU NORD...............................................................................................................2\nArr\u00eat\u00e9 n\u00b0 130/2023 du 26 juillet 2023 portant subd\u00e9l\u00e9gation de signature du directeur interr\u00e9gional de la mer Manche Est \u2014 mer du \nNord aux personnes plac\u00e9es sous sa responsabilit\u00e9 pour les actes et les d\u00e9cisions en mati\u00e8re de police sanitaire pour les zones de \np\u00eache des pectinid\u00e9s en Manche Est \u2014 mer du Nord................................................................................................................................................2\nDSDEN - DIRECTION DES SERVICES D\u00c9PARTEMENTAUX DE L'EDUCATION NATIONALE DE LA MANCHE............................................................................3\nArr\u00eat\u00e9 n\u00b0 INTERDICTION-BIHET/2023 du  20 juillet 2023 portant interdiction d'exercer quelque fonction que ce soit aupr\u00e8s de mineurs \naccueillis dans le cadre de l'article L.227-4 et suivants du code de l'action sociale et des familles..........................................................................3\n\uf0bf\nDIVERS\nDIRM : Direction Interr\u00e9gionale de la mer Manche Est-Mer du Nord\nArr\u00eat\u00e9 n\u00b0 130/2023 du 26 juillet 2023 portant subd\u00e9l\u00e9gation de signature du directeur interr\u00e9gional de la mer Manche Est \u2014 mer du\nNord aux personnes plac\u00e9es sous sa responsabilit\u00e9 pour les actes et les d\u00e9cisions en mati\u00e8re de police sanitaire pour les zones de\np\u00eache des pectinid\u00e9s en Manche Est \u2014 mer du Nord\nVu le r\u00e8glement CE/178/2002 du Parlement europ\u00e9en et du Conseil du 28 janvier 2002 modifi\u00e9 \u00e9tablissant les principes g\u00e9n\u00e9raux et les\nprescriptions g\u00e9n\u00e9rales de la l\u00e9gislation alimentaire, instituant l'Autorit\u00e9 europ\u00e9enne de s\u00e9curit\u00e9 des aliments et fixant les proc\u00e9dures\nrelatives \u00e0 la s\u00e9curit\u00e9 des denr\u00e9es alimentaires ;\nVu le r\u00e8glement CE/853/2004 du Parlement europ\u00e9en et du Conseil du 29 avril 2004 modifi\u00e9 fixant les r\u00e8gles sp\u00e9cifiques d'hygi\u00e8ne\napplicables aux denr\u00e9es alimentaires d'origine animale ;\nVu le r\u00e8glement CE/854/2004 du Parlement europ\u00e9en et du Conseil du 29 avril 2004 modifi\u00e9 fixant les r\u00e8gles sp\u00e9cifiques d'organisation des\ncontr\u00f4les officiels concernant les produits d'origine animale destin\u00e9s \u00e0 la consommation humaine ;\nVu le r\u00e8glement (UE) 2017/625 du Parlement europ\u00e9en et du Conseil du 15 mars 2017 concernant les contr\u00f4les officiels et les autres\nactivit\u00e9s officielles servant \u00e0 assurer le respect de la l\u00e9gislation alimentaire et de la l\u00e9gislation relative aux aliments pour animaux ainsi que\ndes r\u00e8gles relatives \u00e0 la sant\u00e9 et au bien-\u00eatre des animaux, \u00e0 la sant\u00e9 des v\u00e9g\u00e9taux et aux produits phytopharmaceutiques, modifiant les\nr\u00e8glements du Parlement europ\u00e9en et du Conseil (CE) n\u00b0 999/2001, (CE) n\u00b0 396/2005, (CE) n\u00b0 1069/2009, (CE) n\u00b0 1107/2009, (UE) n\u00b0\n1151/2012, (UE) n\u00b0 652/2014, (UE) 2016/429 et (UE) 2016/2031, les r\u00e8glements du Conseil (CE) n\u00b0 1/2005 et (CE) n\u00b0 1099/2009 ainsi que\nles directives du Conseil 98/58/CE, 1999/74/CE, 2007/43/CE, 2008/119/CE et 2008/120/CE, et abrogeant les r\u00e8glements du Parlement\neurop\u00e9en  et  du  Conseil  (CE)  n\u00b0  854/2004  et  (CE)  n\u00b0  882/2004,  les  directives  du  Conseil  89/608/CEE,  89/662/CEE,  90/425/CEE,\n91/496/CEE, 96/23/CE, 96/93/CE et 97/78/CE ainsi que la d\u00e9cision 92/438/CEE du Conseil (r\u00e8glement sur les contr\u00f4les officiels)Texte\npr\u00e9sentant de l'int\u00e9r\u00eat pour l'EEE ;\nVu le code des relations entre le public et l'administration, notamment son article L.221-2 ;\nVu le code rural et de la p\u00eache maritime, et notamment ses articles R.231-35 et suivants ;\nVu la loi n\u00b0 82-213 du 2 mars 1982 modifi\u00e9e relative aux droits et libert\u00e9s des communes, des d\u00e9partements et des r\u00e9gions ;\nVu la loi d'orientation n\u00b092-125 du 6 f\u00e9vrier 1992 modifi\u00e9e relative \u00e0 l'administration territoriale de la R\u00e9publique ;\nVu le d\u00e9cret n\u00b02004-374 du 29 avril 2004 modifi\u00e9 relatif aux pouvoirs des pr\u00e9fets, \u00e0 l'organisation et \u00e0 l'action des services de l'\u00c9tat dans les\nr\u00e9gions et d\u00e9partements, et notamment son article 29 ;\nVu le d\u00e9cret n\u00b0 2010-130 du 11 f\u00e9vrier 2010 relatif \u00e0 l'organisation et aux missions des directions interr\u00e9gionales de la mer ;\nVu le d\u00e9cret n\u00b02010-429 du 29 avril 2010 relatif \u00e0 l'organisation et aux missions des directions r\u00e9gionales de l'alimentation, de l'agriculture\net de la for\u00eat ;\nVu le d\u00e9cret n\u00b02015-510 du 7 mai 2015 portant charte de la d\u00e9concentration ;\nVu le d\u00e9cret du 11 janvier 2023 nommant M. Jean-Beno\u00eet ALBERTINI pr\u00e9fet de la r\u00e9gion Normandie, pr\u00e9fet de la Seine-Maritime ;\nVu l'arr\u00eat\u00e9 minist\u00e9riel du 21 ao\u00fbt 2020 portant nomination de Monsieur Herv\u00e9 THOMAS, directeur interr\u00e9gional de la mer Manche-Est \u2013 mer\ndu Nord, \u00e0 compter du 1er septembre 2020 ;\nVu l'arr\u00eat\u00e9 pr\u00e9fectoral du 2 mai 2018 portant cr\u00e9ation de la d\u00e9l\u00e9gation interservices charg\u00e9e d'assurer la police sanitaire de la p\u00eache des\npectinid\u00e9s pour les zones de p\u00eache non class\u00e9es dans les eaux au large de la fa\u00e7ade maritime Manche-Est \u2013 mer du Nord (DIS Manche\n\u00ab pectinid\u00e9s \u00bb Manche-Est \u2013 mer du Nord) ;\nVu la convention de coop\u00e9ration interservices du 11 d\u00e9cembre 2017 des pr\u00e9fets de la Manche, du Calvados, de la Somme, du Pas-de-\nCalais, de la pr\u00e9f\u00e8te de la r\u00e9gion Normandie, pr\u00e9f\u00e8te de la Seine-Maritime et du pr\u00e9fet de la r\u00e9gion Hauts-de-France, pour la cr\u00e9ation d'une\nd\u00e9l\u00e9gation interservices charg\u00e9e d'assurer la police sanitaire de la p\u00eache des pectinid\u00e9s pour les zones de p\u00eache non class\u00e9es dans les\neaux au large de la fa\u00e7ade maritime Manche-Est \u2013 mer du Nord, assur\u00e9e par le directeur interr\u00e9gional de la mer Manche Est \u2013 mer du Nord\n(DIRM MEMN) ;\nVu les circulaires du Premier ministre n\u00b05316/SG du 7 juillet 2008 et n\u00b05359/SG du 31 d\u00e9cembre 2008, relatives \u00e0 l'organisation de\nl'administration d\u00e9partementale de l'\u00c9tat ;\nVu la circulaire du Premier ministre n\u00b05506/SG du 13 d\u00e9cembre 2010 relative \u00e0 l'application du d\u00e9cret n\u00b02010-146 du 16 f\u00e9vrier 2010\nmodifiant le d\u00e9cret n\u00b02004-374 du 29 avril 2004 relatif aux pouvoirs des pr\u00e9fets, \u00e0 l'organisation et \u00e0 l'action des services de l'\u00c9tat dans les\nr\u00e9gions et d\u00e9partements ;\nVu l'arr\u00eat\u00e9 du pr\u00e9fet du Pas-de-Calais du 10 ao\u00fbt 2022 portant d\u00e9l\u00e9gation de signature \u00e0 M. Herv\u00e9 THOMAS, directeur interr\u00e9gional de la\nmer Manche-Est - mer du Nord, \u00e0 l'effet de signer les actes en rapport avec les attributions de la DIS \u00ab pectinid\u00e9s \u00bb Manche-Est \u2014 mer du\nNord du Pas-de-Calais ;\nVu l'arr\u00eat\u00e9 du pr\u00e9fet de la Somme du 24 juillet 2023 portant d\u00e9l\u00e9gation de signature \u00e0 M. Herv\u00e9 THOMAS, directeur interr\u00e9gional de la mer\nManche-Est - mer du Nord, \u00e0 l'effet de signer les actes en rapport avec les attributions de la DIS \u00ab pectinid\u00e9s \u00bb Manche-Est \u2014 mer du Nord\nde la Somme ;\nVu l'arr\u00eat\u00e9 no 23-016 du pr\u00e9fet de la Seine-Maritime du 30 janvier 2023 portant d\u00e9l\u00e9gation de signature \u00e0 M. Herv\u00e9 THOMAS, directeur\ninterr\u00e9gional de la mer Manche-Est - mer du Nord, \u00e0 l'effet de signer les actes en rapport avec les attributions de la DIS \u00ab pectinid\u00e9s \u00bb\nManche-Est \u2014 mer du Nord de la Seine-Maritime ;\nVu l'arr\u00eat\u00e9 n\u00b02021-102 VN du pr\u00e9fet de la Manche du 22 novembre 2021 portant d\u00e9l\u00e9gation de signature \u00e0 M. Herv\u00e9 THOMAS, directeur\ninterr\u00e9gional de la mer Manche-Est - mer du Nord, \u00e0 l'effet de signer les actes en rapport avec les attributions de la d\u00e9l\u00e9gation interservices\n\u00ab pectinid\u00e9s \u00bb Manche-Est \u2014 mer du Nord du d\u00e9partement de la Manche ;\nVu l'arr\u00eat\u00e9 du Pr\u00e9fet du Calvados du 27 avril 2022 portant d\u00e9l\u00e9gation de signature \u00e0 M. Herv\u00e9 THOMAS, Directeur Interr\u00e9gional de la mer\nManche-Est - mer du Nord, \u00e0 l'effet de signer les actes en rapport avec les attributions de la DIS \u00ab pectinid\u00e9s \u00bb Manche-Est - mer du Nord\ndu Calvados ;\nArt. 1  : Les d\u00e9l\u00e9gations de signature au directeur interr\u00e9gional de la mer Manche-Est - mer du Nord pour les actes et les d\u00e9cisions en\nmati\u00e8re de police sanitaire pour les zones de p\u00eache des pectinid\u00e9s en Manche Est \u2014 mer du Nord conf\u00e9r\u00e9es par les arr\u00eat\u00e9s pr\u00e9fectoraux\nsusvis\u00e9s  des  pr\u00e9fets  des  d\u00e9partements  du Pas-de-Calais,  de la Somme,  de la Seine-Maritime,  du Calvados  et  de la Manche  sont\nsubd\u00e9l\u00e9gu\u00e9es aux chefs de service suivants de la direction interr\u00e9gionale de la mer :\n- M. Olivier Marc DION, Chef du Service R\u00e9glementation et Contr\u00f4le des Activit\u00e9s Maritimes\n- M. Pierre MAIZIERES, Adjoint au Chef du Service R\u00e9glementation et Contr\u00f4le des Activit\u00e9s Maritimes\n- M. S\u00e9bastien ROUX, Adjoint au Directeur Interr\u00e9gional de la Mer\n- Mme Muriel ROUYER, Cheffe du Service Formation et Emploi Maritimes\n- Mme Sophie SANQUER, Directrice Interr\u00e9gionale adjointe de la Mer\nArt. 2 : L'arr\u00eat\u00e9 020/2023 du 1er f\u00e9vrier 2023 est abrog\u00e9.\nSign\u00e9 : L'Administrateur en Chef des Affaires Maritimes, la Directrice Interr\u00e9gionale Adjointe de la Mer Manche Est \u2013 Mer du Nord  : Sophie\nSANQUER\n\uf0bf\nDSDEN - Direction des Services D\u00e9partementaux de l'Education Nationale de la Manche\nArr\u00eat\u00e9 n\u00b0 INTERDICTION-BIHET/2023 du  20 juillet 2023 portant interdiction d'exercer quelque fonction que ce soit aupr\u00e8s de mineurs\naccueillis dans le cadre de l'article L.227-4 et suivants du code de l'action sociale et des familles\nArt. 1 : Il est fait interdiction \u00e0 Monsieur Dorian BIHET, n\u00e9 le 05/05/1992 domicili\u00e9 41 rue de l'Ombr\u00e9e \u00e0 Saint-L\u00f4, d'exercer quelque fonction \nque ce soit aupr\u00e8s des mineurs accueillis dans le cadre des dispositions de l'article L.227-4 du code de l'action sociale et des familles, sous \npeine des sanctions pr\u00e9vues \u00e0 l'article L.227-8 de ce m\u00eame code.\nArt. 2 : Cette interdiction prend effet \u00e0 compter de la notification du pr\u00e9sent arr\u00eat\u00e9 \u00e0 l'int\u00e9ress\u00e9.\nArt. 3 :  Cette interdiction est d\u00e9finitive.\nSign\u00e9 : Pour le Pr\u00e9fet et par d\u00e9l\u00e9gation, la Secr\u00e9taire g\u00e9n\u00e9rale : Perrine SERRE\nD\u00e9partement de la Manche - Imprimerie administrative - Directeur de la publication : Mme la Secr\u00e9taire g\u00e9n\u00e9rale","date":"2023-07-28","first_seen_on":"2025-07-18T12:01:46+00:00","id":"5522bf92481370cb3b2bc8adb7e2030bbe91a7e917ac8bd5b0416960d134afa6","name":"RAA SP n\u00b066","pdf_creation_date":"2023-07-28T13:47:16+00:00","pdf_modification_date":null,"timezone":"Europe/Paris","url":"https://www.manche.gouv.fr/contenu/telechargement/57153/444169/file/SP%2066.pdf"}
