{"administration":"pref13","administration_name":"Pr\u00e9fecture des Bouches-du-Rh\u00f4ne","content":"BOUCHES-DU-\nRH\u00d4NE\nRECUEIL DES ACTES\nADMINISTRATIFS SP\u00c9CIAL\nN\u00b013-2025-180\nPUBLI\u00c9 LE 16 JUIN 2025\nSommaire\nDDETS 13 /\n13-2025-06-16-00004 - Arr\u00eat\u00e9 portant agr\u00e9ment d'un organisme de\nservices \u00e0 la personne au b\u00e9n\u00e9fice de Monsieur SARAVELLI Patrick, en\nqualit\u00e9 de G\u00e9rant de la SARL \u00ab\u00a0PRESTI-SERVICES\u00a0\u00bb dont le\nsi\u00e8ge social est situ\u00e9 16 Boulevard de la F\u00e9d\u00e9ration, Immeuble les Iris\n- 13004 MARSEILLE  (3 pages) Page 3\n13-2025-06-16-00005 - R\u00e9c\u00e9piss\u00e9 de d\u00e9claration au titre des\nServices \u00e0 la Personne au b\u00e9n\u00e9fice de   Monsieur SARAVELLI Patrick\nen qualit\u00e9 de G\u00e9rant, pour la SARL \u00ab\u00a0 PRESTI-SERVICES\u00a0\u00bb dont\nl'\u00e9tablissement principal est situ\u00e9 16 Boulevard de la F\u00e9d\u00e9ration,\nImmeuble les Iris - 13004 MARSEILLE (2 pages) Page 7\n13-2025-06-16-00006 - R\u00e9c\u00e9piss\u00e9 de d\u00e9claration au titre des\nServices \u00e0 la Personne au b\u00e9n\u00e9fice de  Madame BRUSCHINI Am\u00e9lie\nen qualit\u00e9 d'entrepreneur individuel, situ\u00e9 2 Boulevard de Boigne -\n13011 MARSEILLE (2 pages) Page 10\n13-2025-06-16-00002 - R\u00e9c\u00e9piss\u00e9 de d\u00e9claration au titre des\nServices \u00e0 la Personne au b\u00e9n\u00e9fice de Madame  UYTTEBROECK\nMyl\u00e8ne en qualit\u00e9 d'entrepreneure individuelle domicili\u00e9e au 25\nrue des Halles 13150 TARASCON (2 pages) Page 13\n13-2025-06-16-00001 - R\u00e9c\u00e9piss\u00e9 de d\u00e9claration au titre des\nServices \u00e0 la Personne au b\u00e9n\u00e9fice de Madame ERUDEL Oc\u00e9ane en\nqualit\u00e9 d'entrepreneure individuelle domicili\u00e9e au 1 Impasse du\nComt\u00e9 de Nice 13220 CHATEAUNEUF-LES-MARTIGUES   (2 pages) Page 16\n13-2025-06-16-00003 - R\u00e9c\u00e9piss\u00e9 de d\u00e9claration au titre des\nServices \u00e0 la Personne au b\u00e9n\u00e9fice de Madame TABET Fr\u00e9d\u00e9rique\nen qualit\u00e9 d'entrepreneure individuelle domicili\u00e9e au 17 rue\nAum\u00f4ne Vieille 13100 AIX-EN-PROVENCE \n (2 pages) Page 19\nPr\u00e9fecture des Bouches-du-Rhone / Direction de la Citoyennet\u00e9, de la\nL\u00e9galit\u00e9 et de l'Environnement\n13-2025-06-10-00003 - ARR\u00caT\u00c9 du 10 JUIN 2025\nportant institution\nd'une r\u00e9gie de recettes d'\u00e9tat aupr\u00e8s de la police municipale\nde la\ncommune de CH\u00c2TEAURENARD (13160) (2 pages) Page 22\n13-2025-06-10-00004 - ARR\u00caT\u00c9 du 10 JUIN 2025\nportant nomination\nd'un r\u00e9gisseur titulaire et suppl\u00e9ant aupr\u00e8s de la police\nmunicipale\nde la commune de CH\u00c2TEAURENARD (13160) (2 pages) Page 25\nPr\u00e9fecture du VAR /\n13-2025-05-28-00014 - Arr\u00eat\u00e9 pr\u00e9fectoral portant composition\nnominative\nde la commission consultative de l'environnement de\nl'a\u00e9roport du Castellet (4 pages) Page 28\n2\nDDETS 13\n13-2025-06-16-00004\nArr\u00eat\u00e9 portant agr\u00e9ment d'un organisme de\nservices \u00e0 la personne au b\u00e9n\u00e9fice de Monsieur\nSARAVELLI Patrick, en qualit\u00e9 de G\u00e9rant de la\nSARL \u00ab\u00a0PRESTI-SERVICES\u00a0\u00bb dont le si\u00e8ge social\nest situ\u00e9 16 Boulevard de la F\u00e9d\u00e9ration,\nImmeuble les Iris - 13004 MARSEILLE \nDDETS 13 - 13-2025-06-16-00004 - Arr\u00eat\u00e9 portant agr\u00e9ment d'un organisme de services \u00e0 la personne au b\u00e9n\u00e9fice de Monsieur\nSARAVELLI Patrick, en qualit\u00e9 de G\u00e9rant de la SARL \u00ab\u00a0PRESTI-SERVICES\u00a0\u00bb dont le si\u00e8ge social est situ\u00e9 16 Boulevard de la F\u00e9d\u00e9ration,\nImmeuble les Iris - 13004 MARSEILLE \n3\nPREFETDES BOUCHES-DU-RHONELibert\u00e9Egalit\u00e9Fraternit\u00e9\nDirection D\u00e9partementale\nde l'Emploi, du Travail\n et des Solidarit\u00e9s\ndes Bouches du Rh\u00f4ne\nP\u00f4le Economie Emploi Entreprises\nD\u00e9partement Insertion Professionnelle\nARRETE N\u00b0\u2026\u2026\u2026\u2026\u2026\u2026\u2026\u2026 PORTANT AGREMENT  \nD'UN ORGANISME DE SERVICES A LA PERSONNE\nNUMERO  : SAP803067180\n  \nLe pr\u00e9fet de la R\u00e9gion Provence-Alpes-C\u00f4te d'Azur\nPr\u00e9fet de la Zone de D\u00e9fense et de S\u00e9curit\u00e9 Sud\nPr\u00e9fet des Bouches-du-Rh\u00f4ne\nEt par d\u00e9l\u00e9gation,\nLa Directrice D\u00e9partementale de l'Emploi, du Travail\net des Solidarit\u00e9s des Bouches-du-Rh\u00f4ne\nVu le code du travail et notamment les articles L.7232-1, R.7232-1 \u00e0 R.7232-13, \nD.7231-1, D.7231-2 et D.7233-1,\nVu la loi n\u00b0 2015-1776 du 28 d\u00e9cembre 2015 relative \u00e0 l'adaptation de la soci\u00e9t\u00e9 au  \nvieillissement,\n  Vu l'arr\u00eat\u00e9 du 24 novembre 2023 fixant le cahier des charges relatif \u00e0 l'agr\u00e9ment,\nVu la demande d'agr\u00e9ment d\u00e9clar\u00e9e compl\u00e8te le 6 mai 2025 formul\u00e9e par Monsieur \nSARAVELLI Patrick , en qualit\u00e9 de G\u00e9rant de la  SARL \u00ab  PRESTI-SERVICES \u00bb dont le  \nsi\u00e8ge  social  est  situ\u00e9  16  Boulevard  de  la  F\u00e9d\u00e9ration,  Immeuble  les  Iris  \u2013  13004 \nMARSEILLE,\nVu  l'avis  re\u00e7u  en  date  du  12  juin  2025  de  Madame  la  Pr\u00e9sidente  du  Conseil \nD\u00e9partemental  des  Bouches-du-Rh\u00f4ne  -  Direction  de  la  Protection  Maternelle  et \nInfantile et de la Sant\u00e9 Publique,\nConsid\u00e9rant que la demande d'agr\u00e9ment  r\u00e9pond aux dispositions pr\u00e9vues \u00e0 l'article  \nR.7232-4, 3\u00e8me alin\u00e9a, du code du travail,\nSur  proposition  de  la  Directrice  D\u00e9partementale  de  l'Emploi,  du  Travail  et  des \nSolidarit\u00e9s des Bouches-du-Rh\u00f4ne,   \nDDETS 13 - 13-2025-06-16-00004 - Arr\u00eat\u00e9 portant agr\u00e9ment d'un organisme de services \u00e0 la personne au b\u00e9n\u00e9fice de Monsieur\nSARAVELLI Patrick, en qualit\u00e9 de G\u00e9rant de la SARL \u00ab\u00a0PRESTI-SERVICES\u00a0\u00bb dont le si\u00e8ge social est situ\u00e9 16 Boulevard de la F\u00e9d\u00e9ration,\nImmeuble les Iris - 13004 MARSEILLE \n4\n  \nARR\u00caTE\nARTICLE 1 :\nL'agr\u00e9ment  de  la  SARL  \u00ab PRESTI-SERVICES \u00bb  dont  le  si\u00e8ge  social  est  situ\u00e9  16 \nBoulevard de la F\u00e9d\u00e9ration, Immeuble les Iris \u2013 13004 MARSEILLE, est accord\u00e9  \u00e0 \ncompter du 6 mai 2025 pour une dur\u00e9e de cinq ans. \nLa demande de renouvellement devra \u00eatre d\u00e9pos\u00e9e dans les conditions fix\u00e9es par \nl'article R.7232-8 du Code du Travail et, au plus tard, trois mois avant la fin de cet \nagr\u00e9ment.\nARTICLE 2 :\nCet agr\u00e9ment couvre les activit\u00e9s suivantes :\n\u2022 Garde  d'enfants  de  moins  de  trois  ans  ou  de  moins  de  dix-huit  ans \nhandicap\u00e9s ;\n\u2022 Accompagnement des enfants de moins de trois ans ou de moins de dix-huit  \nans handicap\u00e9s\nLes  activit\u00e9s  ci-dessus  seront  effectu\u00e9es  selon  les  modes  PRESTATAIRE  sur  le \nd\u00e9partement des BOUCHES-DU-RHONE.\nARTICLE 3 :\nSi l'organisme envisage de fournir des activit\u00e9s autres que celles pour lesquelles il est  \nagr\u00e9\u00e9 ou d'exercer ses activit\u00e9s sur un d\u00e9partement autre que celui pour lequel il est  \nagr\u00e9\u00e9, il devra solliciter une modification pr\u00e9alable de son agr\u00e9ment.\nSi l'organisme propose des activit\u00e9s de garde ou d'accompagnement d'enfant de  \nmoins de 3 ans, il devra solliciter une modification pr\u00e9alable de son agr\u00e9ment en cas  \nde changement de mode d'intervention.\nL'ouverture  d'un  nouvel  \u00e9tablissement  ou  d'un  nouveau  local  d'accueil  dans  un \nd\u00e9partement pour lequel il est agr\u00e9\u00e9 devra \u00e9galement faire l'objet d'une information  \npr\u00e9alable aupr\u00e8s de l'unit\u00e9 d\u00e9partementale.\nARTICLE 4 :\nLe pr\u00e9sent agr\u00e9ment pourra \u00eatre retir\u00e9 si l'organisme agr\u00e9\u00e9 :\n- cesse de remplir les conditions ou de respecter les obligations mentionn\u00e9es aux  \narticles R.7232-4 \u00e0 R.7232-9 du code du travail,\n- ne respecte pas les dispositions l\u00e9gales relatives \u00e0 la sant\u00e9 et \u00e0 la s\u00e9curit\u00e9 au  \ntravail,\n- exerce d'autres activit\u00e9s que celles mentionn\u00e9es dans le pr\u00e9sent arr\u00eat\u00e9,\n- ne  transmet  pas  au  pr\u00e9fet  comp\u00e9tent  les  statistiques  mentionn\u00e9es  \u00e0  l'article \nR.7232-9 du code du travail.\nARTICLE 5 :\n 55, Boulevard Perier - 13415 MARSEILLE cedex 20  \uf028\uf028 04 91 57.97 12 -  \uf026\uf032 04 91 57 96 40\n       Mel : ddets-sap@bouches-du-rhone.gouv.fr\n2\nDDETS 13 - 13-2025-06-16-00004 - Arr\u00eat\u00e9 portant agr\u00e9ment d'un organisme de services \u00e0 la personne au b\u00e9n\u00e9fice de Monsieur\nSARAVELLI Patrick, en qualit\u00e9 de G\u00e9rant de la SARL \u00ab\u00a0PRESTI-SERVICES\u00a0\u00bb dont le si\u00e8ge social est situ\u00e9 16 Boulevard de la F\u00e9d\u00e9ration,\nImmeuble les Iris - 13004 MARSEILLE \n5\nCet agr\u00e9ment n'ouvre pas droit aux avantages fiscaux et sociaux fix\u00e9s par l'article L.  \n7233-2 du code du travail et L. 241-10 du code de la s\u00e9curit\u00e9 sociale. Conform\u00e9ment  \n\u00e0  l'article  L.7232-1-1  du  code  du  travail,  pour  ouvrir  droit  \u00e0  ces  dispositions, \nl'organisme doit se d\u00e9clarer et n'exercer que les activit\u00e9s d\u00e9clar\u00e9es, \u00e0 l'exclusion de  \ntoute autre (ou tenir une comptabilit\u00e9 s\u00e9par\u00e9e pour les organismes dispens\u00e9s de  \ncette condition par l'article L. 7232-1-2).\nARTICLE 6 :\nLe pr\u00e9sent arr\u00eat\u00e9 sera publi\u00e9 au Recueil des Actes Administratifs de la Pr\u00e9fecture.\nFait \u00e0 Marseille, le 16 juin 2025\nPour le Pr\u00e9fet et par d\u00e9l\u00e9gation,\nPar emp\u00eachement de la Directrice \nd\u00e9partementale de l'Emploi, du Travail et \ndes Solidarit\u00e9s des Bouches-du-Rh\u00f4ne \nLa Responsable du d\u00e9partement  \n\u00ab Insertion Professionnelle \u00bb,\nSign\u00e9 \n  \nElodie CARITEY\n  \n 55, Boulevard Perier - 13415 MARSEILLE cedex 20  \uf028\uf028 04 91 57.97 12 -  \uf026\uf032 04 91 57 96 40\n       Mel : ddets-sap@bouches-du-rhone.gouv.fr\n3\nDDETS 13 - 13-2025-06-16-00004 - Arr\u00eat\u00e9 portant agr\u00e9ment d'un organisme de services \u00e0 la personne au b\u00e9n\u00e9fice de Monsieur\nSARAVELLI Patrick, en qualit\u00e9 de G\u00e9rant de la SARL \u00ab\u00a0PRESTI-SERVICES\u00a0\u00bb dont le si\u00e8ge social est situ\u00e9 16 Boulevard de la F\u00e9d\u00e9ration,\nImmeuble les Iris - 13004 MARSEILLE \n6\nDDETS 13\n13-2025-06-16-00005\nR\u00e9c\u00e9piss\u00e9 de d\u00e9claration au titre des Services \u00e0\nla Personne au b\u00e9n\u00e9fice de   Monsieur SARAVELLI\nPatrick en qualit\u00e9 de G\u00e9rant, pour la SARL \u00ab\u00a0\nPRESTI-SERVICES\u00a0\u00bb dont l'\u00e9tablissement\nprincipal est situ\u00e9 16 Boulevard de la F\u00e9d\u00e9ration,\nImmeuble les Iris - 13004 MARSEILLE\nDDETS 13 - 13-2025-06-16-00005 - R\u00e9c\u00e9piss\u00e9 de d\u00e9claration au titre des Services \u00e0 la Personne au b\u00e9n\u00e9fice de   Monsieur SARAVELLI\nPatrick en qualit\u00e9 de G\u00e9rant, pour la SARL \u00ab\u00a0 PRESTI-SERVICES\u00a0\u00bb dont l'\u00e9tablissement principal est situ\u00e9 16 Boulevard de la\nF\u00e9d\u00e9ration, Immeuble les Iris - 13004 MARSEILLE\n7\nEnPREFETDES BOUCHES-DU-RHONELibert\u00e9Egalit\u00e9Fraternit\u00e9\n \nDirection D\u00e9partementale\nde l'Emploi, du Travail\n et des Solidarit\u00e9s\ndes Bouches du Rh\u00f4ne\nP\u00f4le \u00c9conomie Emploi Entreprises\nD\u00e9partement Insertion Professionnelle\n      R\u00e9c\u00e9piss\u00e9 de d\u00e9claration n\u00b0 \u2026\u2026\u2026\u2026..\n                   d'un organisme de services \u00e0 la personne\n                      enregistr\u00e9 sous le N\u00b0   SAP803067180\nVu  le  code  du  travail  et  notamment les articles  L.7231-1  \u00e0  L.7233-2,  R.7232-16  \u00e0 \nR.7232-22, D.7231-1 et D.7233-1 \u00e0 D.7233-5,\nLe pr\u00e9fet de la R\u00e9gion Provence-Alpes-C\u00f4te d'Azur  Pr\u00e9fet de la Zone de D\u00e9fense et \nde S\u00e9curit\u00e9 Sud,  Pr\u00e9fet des Bouches-du-Rh\u00f4ne,\nCONSTATE\nQu'une d\u00e9claration d'activit\u00e9s de Services \u00e0 la Personne a \u00e9t\u00e9 d\u00e9pos\u00e9e aupr\u00e8s de la  \nDirection D\u00e9partementale de l'Emploi, du Travail et des Solidarit\u00e9s des Bouches-du-\nRh\u00f4ne le,6 mai 2025 par Monsieur SARAVELLI Patrick en qualit\u00e9 de G\u00e9rant, pour la  \nSARL \u00ab  PRESTI-SERVICES \u00bb dont l'\u00e9tablissement principal est situ\u00e9 16 Boulevard de  \nla  F\u00e9d\u00e9ration,  Immeuble  les  Iris  \u2013  13004  MARSEILLE  et  enregistr\u00e9  sous  le  N\u00b0  \nSAP803067180 pour les activit\u00e9s suivantes en mode  prestataire :\n \u2022   Garde d'enfants de moins de 3 ans et de moins de 18 ans handicap\u00e9s \u00e0 domicile \n \u2022    Accompagnement  des  enfants  de  moins  de  3  ans  ou  de  moins  de  18  ans \nhandicap\u00e9s \n  \u2022   Accompagnement des enfants de plus de 3 ans dans leurs d\u00e9placements \n  \u2022   Entretien de la maison et travaux m\u00e9nagers \n  \u2022   Petits travaux de jardinage \n  \u2022   Travaux de petit bricolage \n  \u2022   Pr\u00e9paration de repas \u00e0 domicile \n  \u2022   Livraison de repas \u00e0 domicile \n  \u2022   Livraison de courses \u00e0 domicile \n  \u2022   Assistance administrative \u00e0 domicile \n  \u2022   T\u00e9l\u00e9-assistance et visio-assistance \n  \u2022   Conduite du v\u00e9hicule des personnes en cas d'invalidit\u00e9 temporaire\n  \u2022   Accompagnement des personnes pr\u00e9sentant une invalidit\u00e9 temporaire \n  \u2022   Assistance aux personnes \u00e2g\u00e9es \n  \u2022   Conduite de v\u00e9hicule des PA/PH \n  \u2022   Accompagnement des PA/PH dans leurs d\u00e9placements\nDDETS 13 - 13-2025-06-16-00005 - R\u00e9c\u00e9piss\u00e9 de d\u00e9claration au titre des Services \u00e0 la Personne au b\u00e9n\u00e9fice de   Monsieur SARAVELLI\nPatrick en qualit\u00e9 de G\u00e9rant, pour la SARL \u00ab\u00a0 PRESTI-SERVICES\u00a0\u00bb dont l'\u00e9tablissement principal est situ\u00e9 16 Boulevard de la\nF\u00e9d\u00e9ration, Immeuble les Iris - 13004 MARSEILLE\n8\n \nToute  modification  concernant  les  activit\u00e9s  exerc\u00e9es  devra  faire  l'objet  d'une  \nd\u00e9claration modificative pr\u00e9alable.\nSous r\u00e9serve d'\u00eatre exerc\u00e9es \u00e0 titre exclusif au profit de particuliers, \u00e0 leur domicile  \n(ou sous r\u00e9serve d'une comptabilit\u00e9 s\u00e9par\u00e9e pour les personnes morales dispens\u00e9es  \nde cette condition), ces activit\u00e9s ouvrent droit au b\u00e9n\u00e9fice des dispositions des  \narticles L.7233-2 du code du travail et L.241-10 du code de la s\u00e9curit\u00e9 sociale dans les  \nconditions pr\u00e9vues par ces articles.\nLes effets de la d\u00e9claration courent \u00e0 compter du jour du d\u00e9p\u00f4t de la d\u00e9claration  \nsous r\u00e9serve des dispositions de  l'article R.7232-18 du code du travail.\nEn application  des articles L.7232-1 et R.7232-1 \u00e0 R.7232-15, les activit\u00e9s n\u00e9cessitant  \nun  agr\u00e9ment  (I  de  l'article  D.7231-1  du  code  du  travail)  n'ouvrent  droit  \u00e0  ces \ndispositions  que  si  la  structure  a  pr\u00e9alablement  obtenu  l'agr\u00e9ment  ou  le  \nrenouvellement  de  cet  agr\u00e9ment  dans  le  ou  les  d\u00e9partements  d'exercice  de  ses \nactivit\u00e9s.\nDe m\u00eame, en application de l'article D.312-6-2 du code de l'action sociale et des  \nfamilles, les activit\u00e9s n\u00e9cessitant une autorisation n'ouvrent droit \u00e0 ces dispositions  \nque si l'organisme a pr\u00e9alablement obtenu l'autorisation ou le renouvellement de  \ncette autorisation.\nLe pr\u00e9sent r\u00e9c\u00e9piss\u00e9 n'est pas limit\u00e9 dans le temps.  La d\u00e9claration a une port\u00e9e  \nnationale.\nL'enregistrement de la d\u00e9claration peut \u00eatre retir\u00e9 dans les conditions fix\u00e9es aux  \narticles R.7232-20 \u00e0 R.7232-22 du code du travail.\nLe pr\u00e9sent r\u00e9c\u00e9piss\u00e9 sera publi\u00e9 au Recueil des Actes Administratifs de la Pr\u00e9fecture  \ndes Bouches-du-Rh\u00f4ne.\nFait \u00e0 Marseille, le 16 juin 2025\nPour le Pr\u00e9fet et par d\u00e9l\u00e9gation,\nPar emp\u00eachement de la Directrice \nd\u00e9partementale de l'Emploi, du Travail et \ndes Solidarit\u00e9s des Bouches-du-Rh\u00f4ne   \nLa Responsable du d\u00e9partement  \n\u00ab Insertion Professionnelle \u00bb,\nSign\u00e9\n              \nElodie CARITEY\n55 boulevard P\u00e9rier \u2013 13415 cedex 20 MARSEILLE Cedex 20 - T\u00e9l\u00e9phone : 04.91.57.96.00 \nMel : ddets-sap@bouches-du-rhone.gouv.fr\n2\nDDETS 13 - 13-2025-06-16-00005 - R\u00e9c\u00e9piss\u00e9 de d\u00e9claration au titre des Services \u00e0 la Personne au b\u00e9n\u00e9fice de   Monsieur SARAVELLI\nPatrick en qualit\u00e9 de G\u00e9rant, pour la SARL \u00ab\u00a0 PRESTI-SERVICES\u00a0\u00bb dont l'\u00e9tablissement principal est situ\u00e9 16 Boulevard de la\nF\u00e9d\u00e9ration, Immeuble les Iris - 13004 MARSEILLE\n9\nDDETS 13\n13-2025-06-16-00006\nR\u00e9c\u00e9piss\u00e9 de d\u00e9claration au titre des Services \u00e0\nla Personne au b\u00e9n\u00e9fice de  Madame BRUSCHINI\nAm\u00e9lie en qualit\u00e9 d'entrepreneur individuel,\nsitu\u00e9 2 Boulevard de Boigne - 13011 MARSEILLE\nDDETS 13 - 13-2025-06-16-00006 - R\u00e9c\u00e9piss\u00e9 de d\u00e9claration au titre des Services \u00e0 la Personne au b\u00e9n\u00e9fice de  Madame BRUSCHINI\nAm\u00e9lie en qualit\u00e9 d'entrepreneur individuel, situ\u00e9 2 Boulevard de Boigne - 13011 MARSEILLE 10\nEnPREFETDES BOUCHES-DU-RHONELibert\u00e9Egalit\u00e9Fraternit\u00e9\n \nDirection D\u00e9partementale\nde l'Emploi, du Travail\n et des Solidarit\u00e9s\ndes Bouches du Rh\u00f4ne\nP\u00f4le \u00c9conomie Emploi Entreprises\nD\u00e9partement Insertion Professionnelle\n      R\u00e9c\u00e9piss\u00e9 de d\u00e9claration n\u00b0 \u2026\u2026\u2026\u2026..\n                   d'un organisme de services \u00e0 la personne\n                      enregistr\u00e9 sous le N\u00b0   SAP944491364\nVu  le  code  du  travail  et  notamment les articles  L.7231-1  \u00e0  L.7233-2,  R.7232-16  \u00e0 \nR.7232-22, D.7231-1 et D.7233-1 \u00e0 D.7233-5,\nLe pr\u00e9fet de la R\u00e9gion Provence-Alpes-C\u00f4te d'Azur  Pr\u00e9fet de la Zone de D\u00e9fense et \nde S\u00e9curit\u00e9 Sud,  Pr\u00e9fet des Bouches-du-Rh\u00f4ne,\nCONSTATE\nQu'une d\u00e9claration d'activit\u00e9s de Services \u00e0 la Personne a \u00e9t\u00e9 d\u00e9pos\u00e9e aupr\u00e8s de la  \nDirection D\u00e9partementale de l'Emploi, du Travail et des Solidarit\u00e9s des Bouches-du-\nRh\u00f4ne le, le 12 juin 2025 par Madame BRUSCHINI Am\u00e9lie en qualit\u00e9 d'entrepreneur  \nindividuel, situ\u00e9 2 Boulevard de Boigne - 13011 MARSEILLE et enregistr\u00e9 sous le N\u00b0  \nSAP944491364 pour les activit\u00e9s suivantes en mode prestataire :\n  \u2022   Entretien de la maison et travaux m\u00e9nagers \n \nToute  modification  concernant  les  activit\u00e9s  exerc\u00e9es  devra  faire  l'objet  d'une  \nd\u00e9claration modificative pr\u00e9alable.\nSous r\u00e9serve d'\u00eatre exerc\u00e9es \u00e0 titre exclusif au profit de particuliers, \u00e0 leur domicile  \n(ou sous r\u00e9serve d'une comptabilit\u00e9 s\u00e9par\u00e9e pour les personnes morales dispens\u00e9es  \nde cette condition), ces activit\u00e9s ouvrent droit au b\u00e9n\u00e9fice des dispositions des  \narticles L.7233-2 du code du travail et L.241-10 du code de la s\u00e9curit\u00e9 sociale dans les  \nconditions pr\u00e9vues par ces articles.\nLes effets de la d\u00e9claration courent \u00e0 compter du jour du d\u00e9p\u00f4t de la d\u00e9claration  \nsous r\u00e9serve des dispositions de  l'article R.7232-18 du code du travail.\nEn application  des articles L.7232-1 et R.7232-1 \u00e0 R.7232-15, les activit\u00e9s n\u00e9cessitant  \nun  agr\u00e9ment  (I  de  l'article  D.7231-1  du  code  du  travail)  n'ouvrent  droit  \u00e0  ces \ndispositions  que  si  la  structure  a  pr\u00e9alablement  obtenu  l'agr\u00e9ment  ou  le  \nDDETS 13 - 13-2025-06-16-00006 - R\u00e9c\u00e9piss\u00e9 de d\u00e9claration au titre des Services \u00e0 la Personne au b\u00e9n\u00e9fice de  Madame BRUSCHINI\nAm\u00e9lie en qualit\u00e9 d'entrepreneur individuel, situ\u00e9 2 Boulevard de Boigne - 13011 MARSEILLE 11\nrenouvellement  de  cet  agr\u00e9ment  dans  le  ou  les  d\u00e9partements  d'exercice  de  ses \nactivit\u00e9s.\nDe m\u00eame, en application de l'article D.312-6-2 du code de l'action sociale et des  \nfamilles, les activit\u00e9s n\u00e9cessitant une autorisation n'ouvrent droit \u00e0 ces dispositions  \nque si l'organisme a pr\u00e9alablement obtenu l'autorisation ou le renouvellement de  \ncette autorisation.\nLe pr\u00e9sent r\u00e9c\u00e9piss\u00e9 n'est pas limit\u00e9 dans le temps.  La d\u00e9claration a une port\u00e9e  \nnationale.\nL'enregistrement de la d\u00e9claration peut \u00eatre retir\u00e9 dans les conditions fix\u00e9es aux  \narticles R.7232-20 \u00e0 R.7232-22 du code du travail.\nLe pr\u00e9sent r\u00e9c\u00e9piss\u00e9 sera publi\u00e9 au Recueil des Actes Administratifs de la Pr\u00e9fecture  \ndes Bouches-du-Rh\u00f4ne.\nFait \u00e0 Marseille, le 16 juin 2025\nPour le Pr\u00e9fet et par d\u00e9l\u00e9gation,\nPar emp\u00eachement de la Directrice \nD\u00e9partementale de l'Emploi, du Travail\n et des Solidarit\u00e9s des Bouches-du-Rh\u00f4ne\nLa Responsable du d\u00e9partement \ninsertion Professionnelle,\nSign\u00e9\nElodie  CARITEY\n55 boulevard P\u00e9rier \u2013 13415 cedex 20 MARSEILLE Cedex 20 - T\u00e9l\u00e9phone : 04.91.57.96.00 \nMel : ddets-sap@bouches-du-rhone.gouv.fr\n2\nDDETS 13 - 13-2025-06-16-00006 - R\u00e9c\u00e9piss\u00e9 de d\u00e9claration au titre des Services \u00e0 la Personne au b\u00e9n\u00e9fice de  Madame BRUSCHINI\nAm\u00e9lie en qualit\u00e9 d'entrepreneur individuel, situ\u00e9 2 Boulevard de Boigne - 13011 MARSEILLE 12\nDDETS 13\n13-2025-06-16-00002\nR\u00e9c\u00e9piss\u00e9 de d\u00e9claration au titre des Services \u00e0\nla Personne au b\u00e9n\u00e9fice de Madame \nUYTTEBROECK Myl\u00e8ne en qualit\u00e9\nd'entrepreneure individuelle domicili\u00e9e au 25 rue\ndes Halles 13150 TARASCON\nDDETS 13 - 13-2025-06-16-00002 - R\u00e9c\u00e9piss\u00e9 de d\u00e9claration au titre des Services \u00e0 la Personne au b\u00e9n\u00e9fice de Madame  UYTTEBROECK\nMyl\u00e8ne en qualit\u00e9 d'entrepreneure individuelle domicili\u00e9e au 25 rue des Halles 13150 TARASCON 13\nEnPREFETDES BOUCHES-DU-RHONELibert\u00e9Egalit\u00e9Fraternit\u00e9\n \nDirection D\u00e9partementale\nde l'Emploi, du Travail\n et des Solidarit\u00e9s\ndes Bouches du Rh\u00f4ne\nP\u00f4le \u00c9conomie Emploi Entreprises\nD\u00e9partement Insertion Professionnelle\n      R\u00e9c\u00e9piss\u00e9 de d\u00e9claration n\u00b0 \u2026\u2026\n                   d'un organisme de services \u00e0 la personne\n                      enregistr\u00e9 sous le N\u00b0 SAP940131899\nVu  le  code  du  travail  et  notamment les articles  L.7231-1  \u00e0  L.7233-2,  R.7232-16  \u00e0 \nR.7232-22, D.7231-1 et D.7233-1 \u00e0 D.7233-5,\nLe pr\u00e9fet de la R\u00e9gion Provence-Alpes-C\u00f4te d'Azur  Pr\u00e9fet de la Zone de D\u00e9fense et \nde S\u00e9curit\u00e9 Sud,  Pr\u00e9fet des Bouches-du-Rh\u00f4ne,\nCONSTATE\nQu'une d\u00e9claration d'activit\u00e9s de Services \u00e0 la Personne a \u00e9t\u00e9 d\u00e9pos\u00e9e aupr\u00e8s de la  \nDirection D\u00e9partementale de l'Emploi, du Travail et des Solidarit\u00e9s des Bouches-du-\nRh\u00f4ne le, UYTTEBROECK Myl\u00e8ne en qualit\u00e9 d'entrepreneure individuelle domicili\u00e9e  \nau 25 rue des Halles 13150 TARASCON et enregistr\u00e9 sous le N\u00b0 SAP940131899 pour  \nles activit\u00e9s suivantes en mode prestataire :\n  \u2022   Entretien de la maison et travaux m\u00e9nagers.\nToute  modification  concernant  les  activit\u00e9s  exerc\u00e9es  devra  faire  l'objet  d'une  \nd\u00e9claration modificative pr\u00e9alable.\nSous r\u00e9serve d'\u00eatre exerc\u00e9es \u00e0 titre exclusif au profit de particuliers, \u00e0 leur domicile  \n(ou sous r\u00e9serve d'une comptabilit\u00e9 s\u00e9par\u00e9e pour les personnes morales dispens\u00e9es  \nde cette condition), ces activit\u00e9s ouvrent droit au b\u00e9n\u00e9fice des dispositions des  \narticles L.7233-2 du code du travail et L.241-10 du code de la s\u00e9curit\u00e9 sociale dans les  \nconditions pr\u00e9vues par ces articles.\nLes effets de la d\u00e9claration courent \u00e0 compter du jour du d\u00e9p\u00f4t de la d\u00e9claration  \nsous r\u00e9serve des dispositions de  l'article R.7232-18 du code du travail.\nEn application  des articles L.7232-1 et R.7232-1 \u00e0 R.7232-15, les activit\u00e9s n\u00e9cessitant  \nun  agr\u00e9ment  (I  de  l'article  D.7231-1  du  code  du  travail)  n'ouvrent  droit  \u00e0  ces \nDDETS 13 - 13-2025-06-16-00002 - R\u00e9c\u00e9piss\u00e9 de d\u00e9claration au titre des Services \u00e0 la Personne au b\u00e9n\u00e9fice de Madame  UYTTEBROECK\nMyl\u00e8ne en qualit\u00e9 d'entrepreneure individuelle domicili\u00e9e au 25 rue des Halles 13150 TARASCON 14\ndispositions  que  si  la  structure  a  pr\u00e9alablement  obtenu  l'agr\u00e9ment  ou  le  \nrenouvellement  de  cet  agr\u00e9ment  dans  le  ou  les  d\u00e9partements  d'exercice  de  ses \nactivit\u00e9s.\nDe m\u00eame, en application de l'article D.312-6-2 du code de l'action sociale et des  \nfamilles, les activit\u00e9s n\u00e9cessitant une autorisation n'ouvrent droit \u00e0 ces dispositions  \nque si l'organisme a pr\u00e9alablement obtenu l'autorisation ou le renouvellement de  \ncette autorisation.\nLe pr\u00e9sent r\u00e9c\u00e9piss\u00e9 n'est pas limit\u00e9 dans le temps.  La d\u00e9claration a une port\u00e9e  \nnationale.\nL'enregistrement de la d\u00e9claration peut \u00eatre retir\u00e9 dans les conditions fix\u00e9es aux  \narticles R.7232-20 \u00e0 R.7232-22 du code du travail.\nLe pr\u00e9sent r\u00e9c\u00e9piss\u00e9 sera publi\u00e9 au Recueil des Actes Administratifs de la Pr\u00e9fecture  \ndes Bouches-du-Rh\u00f4ne.\nFait \u00e0 Marseille, le 16 juin 2025\nPour le Pr\u00e9fet et par d\u00e9l\u00e9gation,\nPar emp\u00eachement de la Directrice \nD\u00e9partementale de l'Emploi, du Travail\n et des Solidarit\u00e9s des Bouches-du-Rh\u00f4ne\nLe Responsable du d\u00e9partement \ninsertion Professionnelle,\nSign\u00e9\nElodie CARITEY\n55 boulevard P\u00e9rier \u2013 13415 cedex 20 MARSEILLE Cedex 20 - T\u00e9l\u00e9phone : 04.91.57.96.00 \nMel : ddets-sap@bouches-du-rhone.gouv.fr\n2\nDDETS 13 - 13-2025-06-16-00002 - R\u00e9c\u00e9piss\u00e9 de d\u00e9claration au titre des Services \u00e0 la Personne au b\u00e9n\u00e9fice de Madame  UYTTEBROECK\nMyl\u00e8ne en qualit\u00e9 d'entrepreneure individuelle domicili\u00e9e au 25 rue des Halles 13150 TARASCON 15\nDDETS 13\n13-2025-06-16-00001\nR\u00e9c\u00e9piss\u00e9 de d\u00e9claration au titre des Services \u00e0\nla Personne au b\u00e9n\u00e9fice de Madame ERUDEL\nOc\u00e9ane en qualit\u00e9 d'entrepreneure individuelle\ndomicili\u00e9e au 1 Impasse du Comt\u00e9 de Nice 13220\nCHATEAUNEUF-LES-MARTIGUES  \nDDETS 13 - 13-2025-06-16-00001 - R\u00e9c\u00e9piss\u00e9 de d\u00e9claration au titre des Services \u00e0 la Personne au b\u00e9n\u00e9fice de Madame ERUDEL Oc\u00e9ane\nen qualit\u00e9 d'entrepreneure individuelle domicili\u00e9e au 1 Impasse du Comt\u00e9 de Nice 13220 CHATEAUNEUF-LES-MARTIGUES  16\nEnPREFETDES BOUCHES-DU-RHONELibert\u00e9Egalit\u00e9Fraternit\u00e9\n \nDirection D\u00e9partementale\nde l'Emploi, du Travail\n et des Solidarit\u00e9s\ndes Bouches du Rh\u00f4ne\nP\u00f4le \u00c9conomie Emploi Entreprises\nD\u00e9partement Insertion Professionnelle\n      R\u00e9c\u00e9piss\u00e9 de d\u00e9claration n\u00b0 \u2026\u2026\n                   d'un organisme de services \u00e0 la personne\n                      enregistr\u00e9 sous le N\u00b0 SAP944424837\nVu  le  code  du  travail  et  notamment les articles  L.7231-1  \u00e0  L.7233-2,  R.7232-16  \u00e0 \nR.7232-22, D.7231-1 et D.7233-1 \u00e0 D.7233-5,\nLe pr\u00e9fet de la R\u00e9gion Provence-Alpes-C\u00f4te d'Azur  Pr\u00e9fet de la Zone de D\u00e9fense et \nde S\u00e9curit\u00e9 Sud,  Pr\u00e9fet des Bouches-du-Rh\u00f4ne,\nCONSTATE\nQu'une d\u00e9claration d'activit\u00e9s de Services \u00e0 la Personne a \u00e9t\u00e9 d\u00e9pos\u00e9e aupr\u00e8s de la  \nDirection D\u00e9partementale de l'Emploi, du Travail et des Solidarit\u00e9s des Bouches-du-\nRh\u00f4ne le,  le 05 juin 2025 par  Madame ERUDEL Oc\u00e9ane  en qualit\u00e9 d'entrepreneure  \nindividuelle domicili\u00e9e au 1 Impasse du Comt\u00e9 de Nice 13220 CHATEAUNEUF-LES-\nMARTIGUES et enregistr\u00e9 sous le N\u00b0 SAP944424837 pour les activit\u00e9s suivantes en  \nmode prestataire :\n  \u2022   Entretien de la maison et travaux m\u00e9nagers ;\n  \u2022   Soins d'esth\u00e9tique \u00e0 domicile pour personnes d\u00e9pendantes.\n \nToute  modification  concernant  les  activit\u00e9s  exerc\u00e9es  devra  faire  l'objet  d'une  \nd\u00e9claration modificative pr\u00e9alable.\nSous r\u00e9serve d'\u00eatre exerc\u00e9es \u00e0 titre exclusif au profit de particuliers, \u00e0 leur domicile  \n(ou sous r\u00e9serve d'une comptabilit\u00e9 s\u00e9par\u00e9e pour les personnes morales dispens\u00e9es  \nde cette condition), ces activit\u00e9s ouvrent droit au b\u00e9n\u00e9fice des dispositions des  \narticles L.7233-2 du code du travail et L.241-10 du code de la s\u00e9curit\u00e9 sociale dans les  \nconditions pr\u00e9vues par ces articles.\nLes effets de la d\u00e9claration courent \u00e0 compter du jour du d\u00e9p\u00f4t de la d\u00e9claration  \nsous r\u00e9serve des dispositions de  l'article R.7232-18 du code du travail.\nDDETS 13 - 13-2025-06-16-00001 - R\u00e9c\u00e9piss\u00e9 de d\u00e9claration au titre des Services \u00e0 la Personne au b\u00e9n\u00e9fice de Madame ERUDEL Oc\u00e9ane\nen qualit\u00e9 d'entrepreneure individuelle domicili\u00e9e au 1 Impasse du Comt\u00e9 de Nice 13220 CHATEAUNEUF-LES-MARTIGUES  17\nEn application  des articles L.7232-1 et R.7232-1 \u00e0 R.7232-15, les activit\u00e9s n\u00e9cessitant  \nun  agr\u00e9ment  (I  de  l'article  D.7231-1  du  code  du  travail)  n'ouvrent  droit  \u00e0  ces \ndispositions  que  si  la  structure  a  pr\u00e9alablement  obtenu  l'agr\u00e9ment  ou  le  \nrenouvellement  de  cet  agr\u00e9ment  dans  le  ou  les  d\u00e9partements  d'exercice  de  ses \nactivit\u00e9s.\nDe m\u00eame, en application de l'article D.312-6-2 du code de l'action sociale et des  \nfamilles, les activit\u00e9s n\u00e9cessitant une autorisation n'ouvrent droit \u00e0 ces dispositions  \nque si l'organisme a pr\u00e9alablement obtenu l'autorisation ou le renouvellement de  \ncette autorisation.\nLe pr\u00e9sent r\u00e9c\u00e9piss\u00e9 n'est pas limit\u00e9 dans le temps.  La d\u00e9claration a une port\u00e9e  \nnationale.\nL'enregistrement de la d\u00e9claration peut \u00eatre retir\u00e9 dans les conditions fix\u00e9es aux  \narticles R.7232-20 \u00e0 R.7232-22 du code du travail.\nLe pr\u00e9sent r\u00e9c\u00e9piss\u00e9 sera publi\u00e9 au Recueil des Actes Administratifs de la Pr\u00e9fecture  \ndes Bouches-du-Rh\u00f4ne.\nFait \u00e0 Marseille, le 16 juin 2025\nPour le Pr\u00e9fet et par d\u00e9l\u00e9gation,\nPar emp\u00eachement de la Directrice \nD\u00e9partementale de l'Emploi, du Travail\n et des Solidarit\u00e9s des Bouches-du-Rh\u00f4ne\nLe Responsable du d\u00e9partement \ninsertion Professionnelle,\nSign\u00e9\nElodie CARITEY\n55 boulevard P\u00e9rier \u2013 13415 cedex 20 MARSEILLE Cedex 20 - T\u00e9l\u00e9phone : 04.91.57.96.00 \nMel : ddets-sap@bouches-du-rhone.gouv.fr\n2\nDDETS 13 - 13-2025-06-16-00001 - R\u00e9c\u00e9piss\u00e9 de d\u00e9claration au titre des Services \u00e0 la Personne au b\u00e9n\u00e9fice de Madame ERUDEL Oc\u00e9ane\nen qualit\u00e9 d'entrepreneure individuelle domicili\u00e9e au 1 Impasse du Comt\u00e9 de Nice 13220 CHATEAUNEUF-LES-MARTIGUES  18\nDDETS 13\n13-2025-06-16-00003\nR\u00e9c\u00e9piss\u00e9 de d\u00e9claration au titre des Services \u00e0\nla Personne au b\u00e9n\u00e9fice de Madame TABET\nFr\u00e9d\u00e9rique en qualit\u00e9 d'entrepreneure\nindividuelle domicili\u00e9e au 17 rue Aum\u00f4ne Vieille\n13100 AIX-EN-PROVENCE \nDDETS 13 - 13-2025-06-16-00003 - R\u00e9c\u00e9piss\u00e9 de d\u00e9claration au titre des Services \u00e0 la Personne au b\u00e9n\u00e9fice de Madame TABET\nFr\u00e9d\u00e9rique en qualit\u00e9 d'entrepreneure individuelle domicili\u00e9e au 17 rue Aum\u00f4ne Vieille 13100 AIX-EN-PROVENCE 19\nEnPREFETDES BOUCHES-DU-RHONELibert\u00e9Egalit\u00e9Fraternit\u00e9\n \nDirection D\u00e9partementale\nde l'Emploi, du Travail\n et des Solidarit\u00e9s\ndes Bouches du Rh\u00f4ne\nP\u00f4le \u00c9conomie Emploi Entreprises\nD\u00e9partement Insertion Professionnelle\n      R\u00e9c\u00e9piss\u00e9 de d\u00e9claration n\u00b0 \u2026\u2026\n                   d'un organisme de services \u00e0 la personne\n                      enregistr\u00e9 sous le N\u00b0 SAP944890441\nVu  le  code  du  travail  et  notamment les articles  L.7231-1  \u00e0  L.7233-2,  R.7232-16  \u00e0 \nR.7232-22, D.7231-1 et D.7233-1 \u00e0 D.7233-5,\nLe pr\u00e9fet de la R\u00e9gion Provence-Alpes-C\u00f4te d'Azur  Pr\u00e9fet de la Zone de D\u00e9fense et \nde S\u00e9curit\u00e9 Sud,  Pr\u00e9fet des Bouches-du-Rh\u00f4ne,\nCONSTATE\nQu'une d\u00e9claration d'activit\u00e9s de Services \u00e0 la Personne a \u00e9t\u00e9 d\u00e9pos\u00e9e aupr\u00e8s de la  \nDirection D\u00e9partementale de l'Emploi, du Travail et des Solidarit\u00e9s des Bouches-du-\nRh\u00f4ne le,  06 juin 2025 par Madame TABET Fr\u00e9d\u00e9rique en qualit\u00e9 d'entrepreneure  \nindividuelle  domicili\u00e9e  au  17  rue  Aum\u00f4ne  Vieille  13100  AIX-EN-PROVENCE  et  \nenregistr\u00e9 sous le N\u00b0 SAP944890441 pour les activit\u00e9s suivantes en mode prestataire :\n  \u2022   Soutien scolaire ou cours \u00e0 domicile.\n \nToute  modification  concernant  les  activit\u00e9s  exerc\u00e9es  devra  faire  l'objet  d'une  \nd\u00e9claration modificative pr\u00e9alable.\nSous r\u00e9serve d'\u00eatre exerc\u00e9es \u00e0 titre exclusif au profit de particuliers, \u00e0 leur domicile  \n(ou sous r\u00e9serve d'une comptabilit\u00e9 s\u00e9par\u00e9e pour les personnes morales dispens\u00e9es  \nde cette condition), ces activit\u00e9s ouvrent droit au b\u00e9n\u00e9fice des dispositions des  \narticles L.7233-2 du code du travail et L.241-10 du code de la s\u00e9curit\u00e9 sociale dans les  \nconditions pr\u00e9vues par ces articles.\nLes effets de la d\u00e9claration courent \u00e0 compter du jour du d\u00e9p\u00f4t de la d\u00e9claration  \nsous r\u00e9serve des dispositions de  l'article R.7232-18 du code du travail.\nDDETS 13 - 13-2025-06-16-00003 - R\u00e9c\u00e9piss\u00e9 de d\u00e9claration au titre des Services \u00e0 la Personne au b\u00e9n\u00e9fice de Madame TABET\nFr\u00e9d\u00e9rique en qualit\u00e9 d'entrepreneure individuelle domicili\u00e9e au 17 rue Aum\u00f4ne Vieille 13100 AIX-EN-PROVENCE 20\nEn application  des articles L.7232-1 et R.7232-1 \u00e0 R.7232-15, les activit\u00e9s n\u00e9cessitant  \nun  agr\u00e9ment  (I  de  l'article  D.7231-1  du  code  du  travail)  n'ouvrent  droit  \u00e0  ces \ndispositions  que  si  la  structure  a  pr\u00e9alablement  obtenu  l'agr\u00e9ment  ou  le  \nrenouvellement  de  cet  agr\u00e9ment  dans  le  ou  les  d\u00e9partements  d'exercice  de  ses \nactivit\u00e9s.\nDe m\u00eame, en application de l'article D.312-6-2 du code de l'action sociale et des  \nfamilles, les activit\u00e9s n\u00e9cessitant une autorisation n'ouvrent droit \u00e0 ces dispositions  \nque si l'organisme a pr\u00e9alablement obtenu l'autorisation ou le renouvellement de  \ncette autorisation.\nLe pr\u00e9sent r\u00e9c\u00e9piss\u00e9 n'est pas limit\u00e9 dans le temps.  La d\u00e9claration a une port\u00e9e  \nnationale.\nL'enregistrement de la d\u00e9claration peut \u00eatre retir\u00e9 dans les conditions fix\u00e9es aux  \narticles R.7232-20 \u00e0 R.7232-22 du code du travail.\nLe pr\u00e9sent r\u00e9c\u00e9piss\u00e9 sera publi\u00e9 au Recueil des Actes Administratifs de la Pr\u00e9fecture  \ndes Bouches-du-Rh\u00f4ne.\nFait \u00e0 Marseille, le 16 juin 2025\nPour le Pr\u00e9fet et par d\u00e9l\u00e9gation,\nPar emp\u00eachement de la Directrice \nD\u00e9partementale de l'Emploi, du Travail\n et des Solidarit\u00e9s des Bouches-du-Rh\u00f4ne\nLe Responsable du d\u00e9partement \ninsertion Professionnelle,\nSign\u00e9\nElodie CARITEY\n55 boulevard P\u00e9rier \u2013 13415 cedex 20 MARSEILLE Cedex 20 - T\u00e9l\u00e9phone : 04.91.57.96.00 \nMel : ddets-sap@bouches-du-rhone.gouv.fr\n2\nDDETS 13 - 13-2025-06-16-00003 - R\u00e9c\u00e9piss\u00e9 de d\u00e9claration au titre des Services \u00e0 la Personne au b\u00e9n\u00e9fice de Madame TABET\nFr\u00e9d\u00e9rique en qualit\u00e9 d'entrepreneure individuelle domicili\u00e9e au 17 rue Aum\u00f4ne Vieille 13100 AIX-EN-PROVENCE 21\nPr\u00e9fecture des Bouches-du-Rhone\n13-2025-06-10-00003\nARR\u00caT\u00c9 du 10 JUIN 2025\nportant institution d'une r\u00e9gie de recettes d'\u00e9tat\naupr\u00e8s de la police municipale\nde la commune de CH\u00c2TEAURENARD (13160)\nPr\u00e9fecture des Bouches-du-Rhone - 13-2025-06-10-00003 - ARR\u00caT\u00c9 du 10 JUIN 2025\nportant institution d'une r\u00e9gie de recettes d'\u00e9tat aupr\u00e8s de la police municipale\nde la commune de CH\u00c2TEAURENARD (13160)\n22\nPREFETDES BOUCHES-DU-RHONELibert\u00e9Egalit\u00e9Fraternit\u00e9\nDIRECTION DE LA CITOYENNETE\nDE LA LEGALITE ET DE L'ENVIRONNEMENT\nBureau des \u00e9lections et de la r\u00e9glementation\nDCLE/BER/BC/2025/RAA N\u00b0                            \nARR\u00caT\u00c9 du 10 JUIN 2025\nportant institution d'une r\u00e9gie de recettes d'\u00e9tat aupr\u00e8s de la police municipale\nde la commune de CH\u00c2TEAURENARD (13160)\nLe pr\u00e9fet de la r\u00e9gion Provence-Alpes-C\u00f4te d'Azur\n         pr\u00e9fet de la zone de d\u00e9fense et de s\u00e9curit\u00e9 Sud\n                       pr\u00e9fet des Bouches-du-Rh\u00f4ne\n               pr\u00e9fet de police des Bouches-du-Rh\u00f4ne\nVU le code g\u00e9n\u00e9ral des collectivit\u00e9s territoriales, notamment son article L 2212-5 ;\nVU le code de la route, notamment son article R 130-2 ;\nVU le d\u00e9cret n\u00b0 2004-374 du 29 avril 2004 relatif aux pouvoirs des pr\u00e9fets, \u00e0 l'organisation et \u00e0 \nl'action des services de l'Etat dans les r\u00e9gions et d\u00e9partements ;\nVU le d\u00e9cret n\u00b02019-798 du 26 juillet 2019 relatif aux r\u00e9gies de recettes et d'avances des \norganismes publics ;\nVU l'arr\u00eat\u00e9 minist\u00e9riel du 29 juillet 1993 modifi\u00e9 habilitant les pr\u00e9fets \u00e0 instituer ou \u00e0 modifier des \nr\u00e9gies  d'avances  et  de  recettes  de  l'Etat  aupr\u00e8s  des  services  r\u00e9gionaux  ou  d\u00e9partementaux \nrelevant du minist\u00e8re de l'int\u00e9rieur et de l'am\u00e9nagement du territoire ;\nVU le d\u00e9cret du 3 janvier 2025 portant nomination de monsieur Georges-Fran\u00e7ois LECLERC en  \nqualit\u00e9 de pr\u00e9fet de la r\u00e9gion Provence-Alpes-C\u00f4te d'Azur, pr\u00e9fet de la zone de d\u00e9fense et de  \ns\u00e9curit\u00e9 Sud, pr\u00e9fet des Bouches-du-Rh\u00f4ne ;\nVU  le d\u00e9cret du 12 mars 2025 portant nomination de monsieur Georges-Fran\u00e7ois LECLERC en  \nqualit\u00e9 de pr\u00e9fet de la r\u00e9gion Provence-Alpes-C\u00f4te d'Azur pr\u00e9fet de la zone de d\u00e9fense et de  \ns\u00e9curit\u00e9 Sud, pr\u00e9fet des Bouches-du-Rh\u00f4ne, en outre pr\u00e9fet de police des Bouches-du-Rh\u00f4ne ;\nVU le d\u00e9cret du 31 janvier 2025 portant nomination de monsieur Fr\u00e9d\u00e9ric POISOT en qualit\u00e9 de  \nsecr\u00e9taire g\u00e9n\u00e9ral de la pr\u00e9fecture des Bouches-du-Rh\u00f4ne, sous-pr\u00e9fet de Marseille ;\nVU  l'arr\u00eat\u00e9 pr\u00e9fectoral du 17 f\u00e9vrier 2025 portant d\u00e9l\u00e9gation de signature \u00e0 monsieur Fr\u00e9d\u00e9ric  \nPOISOT, sous-pr\u00e9fet, secr\u00e9taire g\u00e9n\u00e9ral des Bouches-du-Rh\u00f4ne ;\nConsid\u00e9rant la demande du maire de  Ch\u00e2teaurenard du 11 avril 2025  portant sur la cr\u00e9ation  \nd'une r\u00e9gie de recettes d'Etat pour sa police municipale ;\nPr\u00e9fecture des Bouches-du-Rhone - 13-2025-06-10-00003 - ARR\u00caT\u00c9 du 10 JUIN 2025\nportant institution d'une r\u00e9gie de recettes d'\u00e9tat aupr\u00e8s de la police municipale\nde la commune de CH\u00c2TEAURENARD (13160)\n23\nConsid\u00e9rant l'avis  conforme  de  la  directrice  r\u00e9gionale des  finances  publiques  de  la  r\u00e9gion \nProvence-Alpes-C\u00f4te d'Azur et du d\u00e9partement des Bouches-du-Rh\u00f4ne en date du 22 mai 2025 ;\nSur proposition du secr\u00e9taire g\u00e9n\u00e9ral de la pr\u00e9fecture des Bouches-du-Rh\u00f4ne,\nARR\u00caTE\nArticle 1  er    Il est institu\u00e9 aupr\u00e8s de la police municipale de la commune de Ch\u00e2teaurenard, une  \nr\u00e9gie de recettes de l'Etat pour percevoir le produit des amendes forfaitaires de la police de la  \ncirculation, en application de l'article L 2212-5 du code g\u00e9n\u00e9ral des collectivit\u00e9s territoriales, et le  \nproduit des consignations pr\u00e9vues par l'article L 121-4 du code de la route.\nArticle 2 : Le r\u00e9gisseur titulaire et son suppl\u00e9ant peuvent \u00eatre assist\u00e9s d'autres agents de police  \nmunicipale d\u00e9sign\u00e9s comme mandataires.\nArticle 3 : Le r\u00e9gisseur titulaire, le r\u00e9gisseur suppl\u00e9ant et les mandataires encaissent et reversent  \nles  fonds  \u00e0  la  tr\u00e9sorerie  d\u00e9termin\u00e9e  explicitement  par  le  tr\u00e9sorier-payeur  g\u00e9n\u00e9ral  du \nd\u00e9partement dans lequel la r\u00e9gie est cr\u00e9\u00e9e.\nLa directrice r\u00e9gionale des finances publiques de Provence-Alpes-C\u00f4te d'Azur et du d\u00e9partement \ndes Bouches-du-Rh\u00f4ne doit toujours \u00eatre en possession de la liste exhaustive des mandataires.\nArticle 4 : La pr\u00e9sente d\u00e9cision peut faire l'objet, dans un d\u00e9lai de deux mois \u00e0 compter de sa  \nnotification, d'un recours gracieux aupr\u00e8s de mes services, d'un recours hi\u00e9rarchique aupr\u00e8s de  \nmonsieur le ministre de l'int\u00e9rieur, d'un recours contentieux devant le tribunal administratif de  \nMarseille (31 rue Jean-Fran\u00e7ois LECA, 13002 Marseille)  ; la juridiction administrative comp\u00e9tente  \npeut aussi \u00eatre saisie par l'application T\u00e9l\u00e9recours accessible \u00e0 partir du site www.telerecours.fr.\nArticle 5  :  Le secr\u00e9taire g\u00e9n\u00e9ral de la pr\u00e9fecture des Bouches-du-Rh\u00f4ne, la directrice r\u00e9gionale  \ndes  finances  publiques  de  Provence-Alpes-C\u00f4te  d'Azur  et  du  d\u00e9partement  des  Bouches-du-\nRh\u00f4ne et le maire de la commune de Ch\u00e2teaurenard sont charg\u00e9s chacun en ce qui le concerne  \nde l'ex\u00e9cution du pr\u00e9sent arr\u00eat\u00e9 qui sera publi\u00e9 au recueil des actes administratifs de l'Etat.\nFait \u00e0 Marseille, le 10 JUIN 2025\n    Pour le pr\u00e9fet \n  et par d\u00e9l\u00e9gation,\nle secr\u00e9taire g\u00e9n\u00e9ral\n           SIGNE\n  Fr\u00e9d\u00e9ric POISOT\nPr\u00e9fecture des Bouches-du-Rhone - 13-2025-06-10-00003 - ARR\u00caT\u00c9 du 10 JUIN 2025\nportant institution d'une r\u00e9gie de recettes d'\u00e9tat aupr\u00e8s de la police municipale\nde la commune de CH\u00c2TEAURENARD (13160)\n24\nPr\u00e9fecture des Bouches-du-Rhone\n13-2025-06-10-00004\nARR\u00caT\u00c9 du 10 JUIN 2025\nportant nomination d'un r\u00e9gisseur titulaire et\nsuppl\u00e9ant aupr\u00e8s de la police municipale\nde la commune de CH\u00c2TEAURENARD (13160)\nPr\u00e9fecture des Bouches-du-Rhone - 13-2025-06-10-00004 - ARR\u00caT\u00c9 du 10 JUIN 2025\nportant nomination d'un r\u00e9gisseur titulaire et suppl\u00e9ant aupr\u00e8s de la police municipale\nde la commune de CH\u00c2TEAURENARD (13160)\n25\nPREFETDES BOUCHES-DU-RHONELibert\u00e9Egalit\u00e9Fraternit\u00e9\nDIRECTION DE LA CITOYENNETE\nDE LA LEGALITE ET DE L'ENVIRONNEMENT\nBureau des \u00e9lections et de la r\u00e9glementation\nDCLE/BER/BC/2025/RAA N\u00b0                            \nARR\u00caT\u00c9 du 10 JUIN 2025\nportant nomination d'un r\u00e9gisseur titulaire et suppl\u00e9ant aupr\u00e8s de la police municipale\nde la commune de CH\u00c2TEAURENARD (13160)\nLe pr\u00e9fet de la r\u00e9gion Provence-Alpes-C\u00f4te d'Azur\n         pr\u00e9fet de la zone de d\u00e9fense et de s\u00e9curit\u00e9 Sud\n                       pr\u00e9fet des Bouches-du-Rh\u00f4ne\n               pr\u00e9fet de police des Bouches-du-Rh\u00f4ne\nVU le code g\u00e9n\u00e9ral des collectivit\u00e9s territoriales, notamment son article L 2212-5 ;\nVU le d\u00e9cret n\u00b0 2004-374 du 29 avril 2004 relatif aux pouvoirs des pr\u00e9fets, \u00e0 l'organisation et \u00e0 \nl'action des services de l'Etat dans les r\u00e9gions et d\u00e9partements ;\nVU le d\u00e9cret n\u00b02019-798 du 26 juillet 2019 relatif aux r\u00e9gies de recettes et d'avances des \norganismes publics ;\nVU l'arr\u00eat\u00e9 minist\u00e9riel du 29 juillet 1993 modifi\u00e9 habilitant les pr\u00e9fets \u00e0 instituer ou \u00e0 modifier des \nr\u00e9gies  d'avances  et  de  recettes  de  l'Etat  aupr\u00e8s  des  services  r\u00e9gionaux  ou  d\u00e9partementaux \nrelevant du minist\u00e8re de l'int\u00e9rieur et de l'am\u00e9nagement du territoire ;\nVU le d\u00e9cret du 3 janvier 2025 portant nomination de monsieur Georges-Fran\u00e7ois LECLERC en  \nqualit\u00e9 de pr\u00e9fet de la r\u00e9gion Provence-Alpes-C\u00f4te d'Azur, pr\u00e9fet de la zone de d\u00e9fense et de  \ns\u00e9curit\u00e9 Sud, pr\u00e9fet des Bouches-du-Rh\u00f4ne ;\nVU  le d\u00e9cret du 12 mars 2025 portant nomination de monsieur Georges-Fran\u00e7ois LECLERC en  \nqualit\u00e9 de pr\u00e9fet de la r\u00e9gion Provence-Alpes-C\u00f4te d'Azur pr\u00e9fet de la zone de d\u00e9fense et de  \ns\u00e9curit\u00e9 Sud, pr\u00e9fet des Bouches-du-Rh\u00f4ne, en outre pr\u00e9fet de police des Bouches-du-Rh\u00f4ne ;\nVU le d\u00e9cret du 31 janvier 2025 portant nomination de monsieur Fr\u00e9d\u00e9ric POISOT en qualit\u00e9 de  \nsecr\u00e9taire g\u00e9n\u00e9ral de la pr\u00e9fecture des Bouches-du-Rh\u00f4ne, sous-pr\u00e9fet de Marseille ;\nVU  le d\u00e9cret du 12 mars 2025 portant nomination de monsieur Georges-Fran\u00e7ois LECLERC en  \nqualit\u00e9 de pr\u00e9fet de la r\u00e9gion Provence-Alpes-C\u00f4te d'Azur pr\u00e9fet de la zone de d\u00e9fense et de  \ns\u00e9curit\u00e9 Sud, pr\u00e9fet des Bouches-du-Rh\u00f4ne, en outre pr\u00e9fet de police des Bouches-du-Rh\u00f4ne ;\nVU l'arr\u00eat\u00e9 pr\u00e9fectoral du 17 f\u00e9vrier 2025 portant d\u00e9l\u00e9gation de signature \u00e0 monsieur Fr\u00e9d\u00e9ric  \nPOISOT, sous-pr\u00e9fet, secr\u00e9taire g\u00e9n\u00e9ral des Bouches-du-Rh\u00f4ne ;\nVU l'arr\u00eat\u00e9 pr\u00e9fectoral du  10 juin 2025 portant institution d'une r\u00e9gie de recettes aupr\u00e8s de la  \npolice municipale de la commune de Ch\u00e2teaurenard ;\nPr\u00e9fecture des Bouches-du-Rhone - 13-2025-06-10-00004 - ARR\u00caT\u00c9 du 10 JUIN 2025\nportant nomination d'un r\u00e9gisseur titulaire et suppl\u00e9ant aupr\u00e8s de la police municipale\nde la commune de CH\u00c2TEAURENARD (13160)\n26\nConsid\u00e9rant  la  d\u00e9signation  des  r\u00e9gisseurs  titulaire  et  suppl\u00e9ant  pr\u00e8s  la  police  municipale \nformul\u00e9e par monsieur le maire de Ch\u00e2teaurenard ;\nConsid\u00e9rant l'avis  conforme  de  la  directrice  r\u00e9gionale des  finances  publiques  de  la  r\u00e9gion \nProvence-Alpes-C\u00f4te d'Azur et du d\u00e9partement des Bouches-du-Rh\u00f4ne en date du 22 mai 2025 ;\nSur proposition du secr\u00e9taire g\u00e9n\u00e9ral de la pr\u00e9fecture des Bouches-du-Rh\u00f4ne,\nARR\u00caTE\nArticle  1er :  Monsieur  Mathieu  MOROT-RAQUIN,  garde  champ\u00eatre  de  la  commune  de \nCh\u00e2teaurenard, est nomm\u00e9 r\u00e9gisseur titulaire pour percevoir le produit des amendes forfaitaires  \nde  la  police  de  la  circulation,  en  application  de  l'article  L  2212-5  du  Code  G\u00e9n\u00e9ral  des \nCollectivit\u00e9s Territoriales, et le produit des consignations pr\u00e9vues par l'article L 121-4 du code de  \nla route ;\nArticle 2     : Monsieur Guillaume CARILLO, brigadier chef principal de la police municipale de la  \ncommune de Ch\u00e2teaurenard est nomm\u00e9 r\u00e9gisseur suppl\u00e9ant.\nArticle 3 : Les autres policiers municipaux de la commune de Ch\u00e2teaurenard, s'il y a lieu, sont  \nd\u00e9sign\u00e9s en qualit\u00e9 de mandataires du r\u00e9gisseur principal.\nArticle 4 : La pr\u00e9sente d\u00e9cision peut faire l'objet, dans un d\u00e9lai de deux mois \u00e0 compter de sa  \nnotification, d'un recours gracieux aupr\u00e8s de mes services, d'un recours hi\u00e9rarchique aupr\u00e8s de  \nmonsieur le ministre de l'int\u00e9rieur, d'un recours contentieux devant le tribunal administratif de  \nMarseille (31 rue Jean-Fran\u00e7ois LECA, 13002 Marseille)  ; la juridiction administrative comp\u00e9tente  \npeut aussi \u00eatre saisie par l'application T\u00e9l\u00e9recours accessible \u00e0 partir du site www.telerecours.fr.\nArticle 5  : Le secr\u00e9taire g\u00e9n\u00e9ral de la pr\u00e9fecture des Bouches-du-Rh\u00f4ne, la directrice r\u00e9gionale  \ndes  finances  publiques  de  Provence-Alpes-C\u00f4te  d'Azur  et  du  d\u00e9partement  des  Bouches-du-\nRh\u00f4ne et le maire de la commune de Ch\u00e2teaurenard sont charg\u00e9s chacun en ce qui le concerne  \nde l'ex\u00e9cution du pr\u00e9sent arr\u00eat\u00e9 qui sera publi\u00e9 au recueil des actes administratifs de l'\u00c9tat dans  \nle  d\u00e9partement  des  Bouches-du-Rh\u00f4ne  et  qui  sera  notifi\u00e9  aux  int\u00e9ress\u00e9s  par  le  maire  de  la \ncommune de Ch\u00e2teaurenard.\nFait \u00e0 Marseille, le 10 JUIN 2025\n    Pour le pr\u00e9fet \n  et par d\u00e9l\u00e9gation,\nle secr\u00e9taire g\u00e9n\u00e9ral\n           SIGNE\n  Fr\u00e9d\u00e9ric POISOT\nPr\u00e9fecture des Bouches-du-Rhone - 13-2025-06-10-00004 - ARR\u00caT\u00c9 du 10 JUIN 2025\nportant nomination d'un r\u00e9gisseur titulaire et suppl\u00e9ant aupr\u00e8s de la police municipale\nde la commune de CH\u00c2TEAURENARD (13160)\n27\nPr\u00e9fecture du VAR\n13-2025-05-28-00014\nArr\u00eat\u00e9 pr\u00e9fectoral portant composition\nnominative\nde la commission consultative de\nl'environnement de l'a\u00e9roport du Castellet\nPr\u00e9fecture du VAR - 13-2025-05-28-00014 - Arr\u00eat\u00e9 pr\u00e9fectoral portant composition nominative\nde la commission consultative de l'environnement de l'a\u00e9roport du Castellet 28\n=mPREFETDU VARLibert\u00e9Egalit\u00e9Fraternit\u00e9\nDirection de la coordination des politiques \npubliques et de l'appui territorial\nBureau de l'environnement et \ndu d\u00e9veloppement durable\nARR\u00caT\u00c9 PR\u00c9FECTORAL du 28 mai 2025, portant composition nominative\nde la commission consultative de l'environnement de l'a\u00e9roport du Castellet\nLe Pr\u00e9fet du Var,\nVu le code de l'environnement, notamment les articles L571-13, R571-70 et suivants ;\nVu le code de l'urbanisme, notamment les articles R112-1 \u00e0 R112-17 ;\nVu le code de l'aviation civile ;\nVu le code des relations entre le public et l'administration, notamment les articles R133-1 \u00e0  \nR133-15 ;\nVu  le  D\u00e9cret  modifi\u00e9  n\u00b087-341  du  21  mai  1987  relatif  aux  commissions  consultatives  de \nl'environnement des a\u00e9rodromes ;\nVu la loi n\u00b0 99-588 du 12 juillet 1999 portant cr\u00e9ation de l'Autorit\u00e9 de contr\u00f4le des nuisances  \nsonores a\u00e9roportuaires ; \nVu le d \u00e9cret du Pr\u00e9sident de la R\u00e9publique du 13 juillet 2023 nommant M. Philippe MAH\u00c9  \npr\u00e9fet du Var ;\nVu le d\u00e9cret du Pr\u00e9sident de la R\u00e9publique du 15 avril 2022 nommant M. Lucien GIUDICELLI,  \nsecr\u00e9taire g\u00e9n\u00e9ral de la pr\u00e9fecture du Var, sous-pr\u00e9fet de l'arrondissement de Toulon ;\nVu l'arr\u00eat\u00e9 pr\u00e9fectoral n\u00b02024/56/MCI du 10 d\u00e9cembre 2024 portant d\u00e9l\u00e9gation de signature  \n\u00e0  M.  Lucien  GIUDICELLI,  secr\u00e9taire  g\u00e9n\u00e9ral  de  la  pr\u00e9fecture  du  Var,  sous-pr\u00e9fet  de \nl'arrondissement de Toulon ;\nVu l'arr\u00eat\u00e9 pr\u00e9fectoral du 29 avril 2011  portant cr\u00e9ation  de la commission consultative de  \nl'environnement de l'a\u00e9roport du Castellet  et fixant sa composition ;\nConsid\u00e9rant qu'en application de l'article R571-77 du code de l'environnement, la dur\u00e9e de  \nmandat des membres de la commission consultative de l'environnement repr\u00e9sentant les  \nprofessions a\u00e9ronautiques et les associations est de trois ans ; \nConsid\u00e9rant les consultations effectu\u00e9es en vue de la d\u00e9signation nominative des membres  \nde cette commission ;\nSur proposition du secr\u00e9taire g\u00e9n\u00e9ral de la pr\u00e9fecture du Var,\n1\nPr\u00e9fecture du VAR - 13-2025-05-28-00014 - Arr\u00eat\u00e9 pr\u00e9fectoral portant composition nominative\nde la commission consultative de l'environnement de l'a\u00e9roport du Castellet 29\nA R R \u00ca T E\nArticle 1  er  \nSous la pr\u00e9sidence du pr\u00e9fet du Var ou de son repr\u00e9sentant, la commission consultative de  \nl'environnement de l'a\u00e9roport du Castellet est compos\u00e9e comme suit :\n1. Coll\u00e8ge des professions a\u00e9ronautiques\na) repr\u00e9sentants des personnels exer\u00e7ant leur activit\u00e9 sur l'a\u00e9roport :\ntitulaires suppl\u00e9ants\nM. Thibault GOSSELIN, responsable RSE-DD\nM. Thomas TINLAND, directeur juridique\nb) repr\u00e9sentants des usagers :\ntitulaires suppl\u00e9ants\nM. Damien MAZAUDIER, directeur g\u00e9n\u00e9ral de \nla soci\u00e9t\u00e9 Monacair Maintenance Center, \nbas\u00e9e sur l'a\u00e9roport international du Castellet\nM. Bernard MORIEUL, usager bas\u00e9, priv\u00e9, \npropri\u00e9taire-pilote d'avion l\u00e9ger\nM. Jean-Michel GUEYRAUD, usager bas\u00e9, \npriv\u00e9, propri\u00e9taire-pilote d'avion l\u00e9ger\nAduscat : association des usagers de \nl'a\u00e9roport du Castellet\nc) repr\u00e9sentants de l'exploitant :\ntitulaires suppl\u00e9ants\nM. Nicolas DESCHAUX, directeur g\u00e9n\u00e9ral \ngroupe Excelis\nM. Jean-Fran\u00e7ois DELTOUR, directeur \nd'exploitation d'a\u00e9roport\n2. Coll\u00e8ge des repr\u00e9sentants des collectivit\u00e9s territoriales\na) Conseil r\u00e9gional\ntitulaire suppl\u00e9ant\nM. Serge PEROTTINO M. Jean-Fran\u00e7ois PERILHOU\nb) Conseil d\u00e9partemental du Var\ntitulaire suppl\u00e9ant\nMme Andr\u00e9e SAMAT, vice-pr\u00e9sidente du \nconseil d\u00e9partemental\nM. Marc LAURIOL, conseiller d\u00e9partemental\nPr\u00e9fecture du VAR - 13-2025-05-28-00014 - Arr\u00eat\u00e9 pr\u00e9fectoral portant composition nominative\nde la commission consultative de l'environnement de l'a\u00e9roport du Castellet 30\nc) Conseil d\u00e9partemental des Bouches-du-Rh\u00f4ne\ntitulaire suppl\u00e9ante\nM. Sylvain Di GIOVANNI Mme Amapola VENTRON\nd) Communaut\u00e9 d'agglom\u00e9ration Sud-Sainte Baume\ntitulaires suppl\u00e9antes\nM. Ren\u00e9 CASTELL Mme H\u00e9l\u00e8ne VERDUYN\nM. Laurent CAULET Mme Suzanne ARNAUD\ne) M\u00e9tropole Aix-Marseille-Provence\ntitulaire suppl\u00e9ant\nM. Bernard DESTROST M. Amapola VENTRON\n3.  Coll\u00e8ge  des  repr\u00e9sentants  des  associations  de  riverains  et  de  protection  de  \nl'environnement concern\u00e9es par l'environnement a\u00e9roportuaire\ntitulaires suppl\u00e9ants\nComit\u00e9 d'int\u00e9r\u00eat de quartier du Plan du Castellet\nMme Aline SENOUILLET Mme Nadia COFFIN\nM. Philippe VINCENDEAU M. Jean-Fabrice SAUTON\nM . Daniel CARILLO M. Georges MELIS\nAssociation Arc en Ciel Environnement\nMme B\u00e9atrice MARCHAND Mme Catherine POUECH\nM. Michel LAHUET M. Michel BASTID\nM. Thierry DUBOIS M. Gabriel KULLING\nArticle 2\nLa  dur\u00e9e  du  mandat  des  membres  de  la  commission  consultative  de  l'environnement \nrepr\u00e9sentant les professions a\u00e9ronautiques et les associations est de trois ans.\nLe  mandat  des  repr\u00e9sentants  des  collectivit\u00e9s  territoriales  s'ach\u00e8ve  avec  le  mandat  des \nassembl\u00e9es auxquelles ils appartiennent.\nPar ailleurs, assistent aux r\u00e9unions de la commission, sans voix d\u00e9lib\u00e9rative, les repr\u00e9sentants  \ndes administrations suivantes :\n- la direction d\u00e9partementale des territoires et de la mer du Var (DDTM) ;\n- la direction de la s\u00e9curit\u00e9 de l'aviation civile sud-est (DSAC SE) ;\n- la direction r\u00e9gionale de l'environnement, de l'am\u00e9nagement et du logement de Provence-\nAlpes C\u00f4te d'Azur (DREAL PACA) ;\nPr\u00e9fecture du VAR - 13-2025-05-28-00014 - Arr\u00eat\u00e9 pr\u00e9fectoral portant composition nominative\nde la commission consultative de l'environnement de l'a\u00e9roport du Castellet 31\n- l'agence de la transition \u00e9cologique Provence-Alpes-C\u00f4te d'Azur.\nArticle 3\nLa commission se r\u00e9unit au moins une fois par an en s\u00e9ance pl\u00e9ni\u00e8re. Elle est \u00e9galement  \nr\u00e9unie \u00e0 la demande du tiers au moins de ses membres.\nLe secr\u00e9tariat de la commission consultative de l'environnement est assur\u00e9 par l'exploitant  \nde l'a\u00e9rodrome du Castellet. \nArticle 4 \nLe pr\u00e9sent arr\u00eat\u00e9 sera publi\u00e9 au recueil des actes administratifs de la pr\u00e9fecture du Var et des  \nBouches-du-Rh\u00f4ne et sera affich\u00e9, pendant une dur\u00e9e minimale d'un mois, dans les mairies du  \nCastellet, du Beausset et de Cuges-les-Pins (13).\nArticle 5 \nLe pr\u00e9sent arr\u00eat\u00e9 peut faire l'objet d'un recours devant le tribunal administratif de Toulon  \ndans un d\u00e9lai de deux mois \u00e0 compter du jour de sa publication.\nLe  tribunal  administratif  peut  \u00eatre  saisi  par  l'application  informatique  \u00ab T\u00e9l\u00e9recours \ncitoyens \u00bb, accessible par le site Internet www.telerecours.fr\nArticle 6\nLe secr\u00e9taire g\u00e9n\u00e9ral de la pr\u00e9fecture du Var et le directeur d\u00e9partemental des territoires et  \nde la mer, sont charg\u00e9s, chacun en ce qui le concerne, de l'ex\u00e9cution du pr\u00e9sent arr\u00eat\u00e9, dont  \ncopie  sera  adress\u00e9e  au  Pr\u00e9fet  des  Bouches-du-Rh\u00f4ne,  aux  membres  de  la  commission \nconsultative de l'a\u00e9roport du Castellet, \u00e0 la direction g\u00e9n\u00e9rale de l'aviation civile et aux maires \nconcern\u00e9s.\nFait \u00e0 Toulon, le 28 mai 2025\nPour le pr\u00e9fet et par d\u00e9l\u00e9gation,\nMonsieur Lucien GIUDICELLI,\nSecr\u00e9taire g\u00e9n\u00e9ral de la pr\u00e9fecture du Var\nSign\u00e9\nPr\u00e9fecture du VAR - 13-2025-05-28-00014 - Arr\u00eat\u00e9 pr\u00e9fectoral portant composition nominative\nde la commission consultative de l'environnement de l'a\u00e9roport du Castellet 32","date":"2025-06-16","first_seen_on":"2025-06-16T14:08:34+00:00","id":"552d5cf3fbee5bddcfa17570b4bcd2035dafdcf6c6ae4a9385964df6172230d4","name":"recueil-13-2025-180-recueil-des-actes-administratifs-special du 16 juin 2025","pdf_creation_date":"2025-06-16T13:42:41+00:00","pdf_modification_date":"2025-06-16T14:44:03+00:00","timezone":"Europe/Paris","url":"https://www.bouches-du-rhone.gouv.fr/contenu/telechargement/59845/423906/file/recueil-13-2025-180-recueil-des-actes-administratifs-special%20du%2016%20juin%202025.pdf"}
