{"administration":"prefidf","administration_name":"Pr\u00e9fecture de la r\u00e9gion \u00cele-de-France","content":"PREFECTURE\nREGION ILE DE\nFRANCE\nRECUEIL DES ACTES\nADMINISTRATIFS SP\u00c9CIAL\n(NOMINATIFS)\nN\u00b0IDF-044-2025-12\nPUBLI\u00c9 LE 18 D\u00c9CEMBRE 2025\nSommaire\nAgence R\u00e9gionale de Sant\u00e9 / service r\u00e9gional des transports sanitaires\nIDF-2025-12-18-00011 - Arr\u00eat\u00e9 n\u00b0DOS-2025/5321 portant modification\nde l'arr\u00eat\u00e9 N\u00b0DOS-2025/5300 de la SAS AMBULANCES DU SEREIN (2\npages) Page 3\nDirection r\u00e9gionale et interd\u00e9partementale de l'environnement, de\nl'am\u00e9nagement et des transports d'\u00cele-de-France /\nIDF-2025-12-18-00001 - Arr\u00eat\u00e9 portant vacation en tant que correcteur\ndes copies du sujet des questions r\u00e9dig\u00e9es de l'examen national\n2025 pour les surveillants (BARRET Nicolas) (2 pages) Page 6\nIDF-2025-12-18-00002 - Arr\u00eat\u00e9 portant vacation en tant que correcteur\ndes copies du sujet des questions r\u00e9dig\u00e9es de l'examen national\n2025 pour les surveillants (BERNAR Sophie)  (2 pages) Page 9\nIDF-2025-12-18-00003 - Arr\u00eat\u00e9 portant vacation en tant que correcteur\ndes copies du sujet des questions r\u00e9dig\u00e9es de l'examen national\n2025 pour les surveillants (BONFARNUZZO S\u00e9bastien ) (2 pages) Page 12\nIDF-2025-12-18-00004 - Arr\u00eat\u00e9 portant vacation en tant que correcteur\ndes copies du sujet des questions r\u00e9dig\u00e9es de l'examen national\n2025 pour les surveillants (BOURGEOIS Damien) (2 pages) Page 15\nIDF-2025-12-18-00005 - Arr\u00eat\u00e9 portant vacation en tant que correcteur\ndes copies du sujet des questions r\u00e9dig\u00e9es de l'examen national\n2025 pour les surveillants (GIMARD Bernard) (2 pages) Page 18\nIDF-2025-12-18-00006 - Arr\u00eat\u00e9 portant vacation en tant que correcteur\ndes copies du sujet des questions r\u00e9dig\u00e9es de l'examen national\n2025 pour les surveillants (MARIN LAMELLET Claude) (2 pages) Page 21\nIDF-2025-12-18-00007 - Arr\u00eat\u00e9 portant vacation en tant que correcteur\ndes copies du sujet des questions r\u00e9dig\u00e9es de l'examen national\n2025 pour les surveillants (MEGUENINE Fouad)  (2 pages) Page 24\nIDF-2025-12-18-00008 - Arr\u00eat\u00e9 portant vacation en tant que correcteur\ndes copies du sujet des questions r\u00e9dig\u00e9es de l'examen national\n2025 pour les surveillants (WAHMANE Mbarek)  (2 pages) Page 27\nPr\u00e9fecture de la R\u00e9gion d'Ile de France, Pr\u00e9fecture de Paris  / Cabinet /\nService de la repr\u00e9sentation de l'\u00c9tat\nIDF-2025-12-15-00004 - Arr\u00eat\u00e9 portant attribution de la m\u00e9daille de\nbronze de la jeunesse, des sports et de l'engagement associatif\n(contingent r\u00e9gional) - promotion du 1er janvier 2026 (2 pages) Page 30\n2\nAgence R\u00e9gionale de Sant\u00e9\nIDF-2025-12-18-00011\nArr\u00eat\u00e9 n\u00b0DOS-2025/5321 portant modification\nde l'arr\u00eat\u00e9 N\u00b0DOS-2025/5300 de la SAS\nAMBULANCES DU SEREIN\nAgence R\u00e9gionale de Sant\u00e9 - IDF-2025-12-18-00011 - Arr\u00eat\u00e9 n\u00b0DOS-2025/5321 portant modification de l'arr\u00eat\u00e9 N\u00b0DOS-2025/5300 de la\nSAS AMBULANCES DU SEREIN 3\nREPUBLIQUEFRANCAISELibert\u00e9Egalit\u00e9Fraternit\u00e9\ne \u00bb Agence R\u00e9gionale de Sant\u00e9Ile-de-France\n \n \n \n \n \n \n \nAGENCE R\u00c9GIONALE DE SANT\u00c9 \u00ceLE-DE-FRANCE \nARR\u00caT\u00c9 N\u00b0DOS-2025/5321 \nPortant modification de l'arr\u00eat\u00e9 N\u00b0DOS-2025/5300 de la SAS AMBULANCES DU SEREIN \n(77130 - Montereau-Fault-Yonne) \n \nLE DIRECTEUR G\u00c9N\u00c9RAL DE L'AGENCE R\u00c9GIONALE DE SANT\u00c9 \u00ceLE-DE-FRANCE \n \n \nVU le Code de la Sant\u00e9 Publique et notamment ses articles L.6311-1 \u00e0 L.6311-2, L.6312-1 \u00e0 \nL.6312-5, L.6313-1, R.6312-1 \u00e0 R.6312-23, R.6312-29 \u00e0 R.6312-43, R.6313-5 \u00e0 R.6313-7-1 ; \n \nVU la loi n\u00b0 2009-879 du 21 juillet 2009 portant r\u00e9forme de l'h\u00f4pital et relative aux patients, \u00e0 la \nsant\u00e9 et aux territoires ; \n \nVU le d\u00e9cret n\u00b0 2010-344 du 31 mars 2010 tirant les cons\u00e9quences, au niveau r\u00e8glementaire, de \nl'intervention de la loi n\u00b0 2009-879 du 21 juillet 2009 portant r\u00e9forme de l'h\u00f4pital et relative aux \npatients, \u00e0 la sant\u00e9 et aux territoires ; \n \nVU le d\u00e9cret du 10 avril 2024 portant nomination de Monsieur Denis ROBIN, Directeur g\u00e9n\u00e9ral de \nl'Agence r\u00e9gionale d'\u00cele de France \u00e0 compter du 29 avril 2024 ; \n \nVU l'arr\u00eat\u00e9 minist\u00e9riel du 21 d\u00e9cembre 1987 modifi\u00e9 relatif \u00e0 la composition du dossier d'agr\u00e9ment \ndes personnes effectuant des transports sanitaires terrestres et au contr\u00f4le des v\u00e9hicules \naffect\u00e9s aux transports sanitaires ; \n \nVU l'arr\u00eat\u00e9 du 12 d\u00e9cembre 2017 modifi\u00e9 fixant les caract\u00e9ristiques et les installations mat\u00e9rielles \nexig\u00e9es pour les v\u00e9hicules affect\u00e9s aux transports sanitaires terrestres ; \n \nVU l'arr\u00eat\u00e9 DS N\u00b0034/2024 du Directeur g\u00e9n\u00e9ral de l'Agence r\u00e9gionale d'\u00cele de France en date du \n29 avril 2024, portant d\u00e9l\u00e9gation de signature \u00e0 Monsieur Arnaud CORVAISIER, Directeur de \nl'offre de soins, et \u00e0 certains de ses collaborateurs ; \n \nVU l'arr\u00eat\u00e9 pr\u00e9fectoral n\u00b0 96 DDASS 003 ASP AMB en date du 03 f\u00e9vrier 1996 portant agr\u00e9ment, \nde l'EURL AMBULANCES CARRIC, sise 2, rue de l'Eglise \u00e0 Misy-sur-Yonne (77130) dont le \ng\u00e9rant est Monsieur Bruno CARRIC ; \n  \nVU l'arr\u00eat\u00e9 pr\u00e9fectoral n\u00b0 97 DDASS 48 ASP AMB en date du 10 d\u00e9cembre 1997 portant transfert \ndes locaux, de l'EURL AMBULANCES CARRIC, du 2, rue de l'Eglise \u00e0 Misy-sur-Yonne \n(77130) au 84, Grande Rue \u00e0 Marolles-sur-Seine (77130) ; \n \nVU l'arr\u00eat\u00e9 pr\u00e9fectoral DDASS/2004/ASP/AMB/n\u00b0309 en date du 22 octobre 2004 portant transfert \ndes locaux, de l'EURL AMBULANCES CARRIC, du 84, Grande Rue \u00e0 Marolles-sur-Seine \n(77130) au 18, rue du Petit Fossard \u00e0 Varennes-sur-Seine (77130) ; \n \nVU l'arr\u00eat\u00e9 pr\u00e9fectoral DDASS/2006/ASP/AMB/n\u00b016 en date du 10 janvier 2006 portant transfert \ndes locaux, de l'EURL AMBULANCES CARRIC, 18, rue du Petit Fossard \u00e0 Varennes-sur-\nSeine (77130) 1 bis, boulevard Crette Preignard \u00e0 Montereau-Fault-Yonne (77130) ; \nAgence R\u00e9gionale de Sant\u00e9 - IDF-2025-12-18-00011 - Arr\u00eat\u00e9 n\u00b0DOS-2025/5321 portant modification de l'arr\u00eat\u00e9 N\u00b0DOS-2025/5300 de la\nSAS AMBULANCES DU SEREIN 4\n2 \n \n \nVU l'arr\u00eat\u00e9 N\u00b0DOS-2024-5187 du Directeur G\u00e9n\u00e9ral de l'Agence r\u00e9gionale de sant\u00e9 Ile de France \nen date du 18 novembre 2024 portant changement de responsable l\u00e9gal et de forme juridique \nde l'EURL AMBULANCES CARRIC qui devient la SARL AMBULANCES CARRIC dont le \ng\u00e9rant est Monsieur Olivier BORDAS ; \n \nVU l'arr\u00eat\u00e9 n\u00b0DOS-2025/5300 portant changement de responsable l\u00e9gal, de d\u00e9nomination sociale, \nde nom commercial et de forme juridique de la SARL AMBULANCES CARRIC  qui devient la \nSAS AMBULANCES DU SEREIN ayant pour pr\u00e9sident Monsieur Romain RENARD et pour \ndirecteur g\u00e9n\u00e9ral Monsieur Olivier BORDAS ;  \n \n \nCONSIDERANT la demande adress\u00e9e par Monsieur Romain RENARD, responsable l\u00e9gal de la SAS \nAMBULANCES DU SEREIN, de modifier la date d'ex\u00e9cution de l'arr\u00eat\u00e9 ;  \n \n \nARR\u00caTE \n \nARTICLE 1er : L'article 1er de l'arr\u00eat\u00e9 n\u00b0 DOS-2025/5300 portant changement de responsable l\u00e9gal, de \nd\u00e9nomination sociale, de n om commercial et de forme juridique de la SARL AMBULANCES CARRIC  \nest compl\u00e9t\u00e9 comme suit : \u00ab La SARL AMBULANCES CARRIC, sise 1 bis, boulevard Crette Preignard \n\u00e0 Montereau-Fault-Yonne (77130), a d\u00e9sormais pour d\u00e9nomination sociale la SAS AMBULANCES DU \nSEREIN ayant pour pr\u00e9sident Monsieur Romain RENARD et pour directeur g\u00e9n\u00e9ral Monsieur Olivier \nBORDAS \u00e0 compter du 1er octobre 2025 \u00bb. \n \nLes autres dispositions restent inchang\u00e9es.  \n \nARTICLE 2  : La pr\u00e9sente d\u00e9cision peut faire l'objet d'un recours gracieux aupr\u00e8s de Monsieur le \nDirecteur g\u00e9n\u00e9ral de l'Agence r\u00e9gionale de sant\u00e9, sise 13, rue du Landy 93200 Saint-Denis. \n Un recours contentieux peut \u00e9galement \u00eatre d\u00e9pos\u00e9 aupr\u00e8s du tribunal administratif comp\u00e9tent.   \n Le d\u00e9lai de recours est de deux mois \u00e0 compter de la notification de l'arr\u00eat\u00e9 pour l'int\u00e9ress\u00e9 ou de sa \npublication pour les tiers. \n Ces recours n'ont pas pour effet de suspendre le caract\u00e8re ex\u00e9cutoire de la pr\u00e9sente d\u00e9cision.    \n \nARTICLE 3 : Le Directeur de l'offre de soins est charg\u00e9 de l'ex\u00e9cution du pr\u00e9sent arr\u00eat\u00e9, qui sera publi\u00e9 \nau Recueil des Actes Administratifs des services de l'\u00c9tat.  \n \n \nFait \u00e0 Saint-Denis, le 18/12/2025  \n \nP/La Directeur g\u00e9n\u00e9ral \nde l'Agence r\u00e9gionale de sant\u00e9 \nIle-de-France,  \nLa Responsable du service r\u00e9gional \ndes transports sanitaires, \n \n \n \n \n \nS\u00e9verine TEISSEDRE \n \nSIGNE \nAgence R\u00e9gionale de Sant\u00e9 - IDF-2025-12-18-00011 - Arr\u00eat\u00e9 n\u00b0DOS-2025/5321 portant modification de l'arr\u00eat\u00e9 N\u00b0DOS-2025/5300 de la\nSAS AMBULANCES DU SEREIN 5\nDirection r\u00e9gionale et interd\u00e9partementale de\nl'environnement, de l'am\u00e9nagement et des\ntransports d'\u00cele-de-France\nIDF-2025-12-18-00001\nArr\u00eat\u00e9 portant vacation en tant que correcteur\ndes copies du sujet des questions r\u00e9dig\u00e9es de\nl'examen national 2025 pour les surveillants\n(BARRET Nicolas)\nDirection r\u00e9gionale et interd\u00e9partementale de l'environnement, de l'am\u00e9nagement et des transports d'\u00cele-de-France -\nIDF-2025-12-18-00001 - Arr\u00eat\u00e9 portant vacation en tant que correcteur des copies du sujet des questions r\u00e9dig\u00e9es de l'examen\nnational 2025 pour les surveillants (BARRET Nicolas)\n6\nPREFET _DE LA REGIOND'\u00ceLE-DE-FRANCELibert\u00e9Egalit\u00e9Fraternit\u00e9\nDirection r\u00e9gionale et interd\u00e9partementale\nde l'environnement, de l'am\u00e9nagement\net des transports d'\u00cele-de-France\nARR\u00caT\u00c9 DRIEAT-IdF n\u00b0 \nLE PR\u00c9FET DE LA R\u00c9GION D'\u00ceLE-DE-FRANCE,\nPR\u00c9FET DE PARIS\nVU le code des transports, notamment ses articles R.1422-4-1, R.3113-35 et R.3211-37 , R.1422-4,\nVU l'arr\u00eat\u00e9 du 4 octobre 2011 fixant la r\u00e9mun\u00e9ration des agents publics et des personnes participant, \u00e0\ntitre  accessoire,  \u00e0  des  activit\u00e9s  de  formation  et  de  recrutement  pour  le  minist\u00e8re  de  la  transition\n\u00e9cologique, du d\u00e9veloppement durable, des transports et du logement \u00e0 l'exclusion des agents publics et\ndes personnes relevant de l'\u00c9cole nationale de l'aviation civile,\nVU  l'arr\u00eat\u00e9  du  28  d\u00e9cembre  2011  modifi\u00e9  relatif  \u00e0  la  d\u00e9livrance  des  attestations  de  capacit\u00e9\nprofessionnelle permettant l'exercice de la profession de transporteur public routier,\nVU  l'arr\u00eat\u00e9  du  21  d\u00e9cembre  2015  modifi\u00e9  relatif  \u00e0  la  d\u00e9livrance  de  l'attestation  de  capacit\u00e9\nprofessionnelle permettant l'exercice de la profession de commissionnaire de transport,\nVU l'arr\u00eat\u00e9 IdF n\u00b0 2022-07-19-00005 du 19 juillet 2022 du pr\u00e9fet de la r\u00e9gion \u00cele-de-France, pr\u00e9fet de Paris,\nportant d\u00e9l\u00e9gation de signature \u00e0 Madame Emmanuelle GAY, directrice r\u00e9gionale et interd\u00e9partementale\nde l'environnement, de l'am\u00e9nagement et des transports d'\u00cele-de-France, en mati\u00e8re administrative,\nVU  la  d\u00e9cision  DRIEAT-IdF  n\u00b0  2025-10-24-00014  du  24  octobre  2025  de  la  directrice  r\u00e9gionale  et\ninterd\u00e9partementale de l'environnement, de l'am\u00e9nagement et des transports d'\u00cele-de-France portant\nsubd\u00e9l\u00e9gation de signature en mati\u00e8re administrative pour le compte du Pr\u00e9fet de la r\u00e9gion d'\u00cele-de-\nFrance\u00a0; \nVU l'arr\u00eat\u00e9 du ministre de la Transition \u00e9cologique en date 4 avril 2025 relative \u00e0 la date des examens en\n2025,  pour l'obtention des attestations de capacit\u00e9 professionnelle en transport  routier  lourd et  en\ncommissionnaire de transport,\nVU l'arr\u00eat\u00e9 pour le ministre et par d\u00e9l\u00e9gation du 2 septembre 2025 fixant la composition du jury des\nexamens permettant l'obtention de la capacit\u00e9 professionnelle,\nSSTV/DRTR/DG/UE \n21/23 rue Miollis\u2013 75015 Paris\nStandard\u00a0:  01 40 61 80 80\nwww.drieat.ile-de-france.developpement-durable.gouv.fr 1/2\nDirection r\u00e9gionale et interd\u00e9partementale de l'environnement, de l'am\u00e9nagement et des transports d'\u00cele-de-France -\nIDF-2025-12-18-00001 - Arr\u00eat\u00e9 portant vacation en tant que correcteur des copies du sujet des questions r\u00e9dig\u00e9es de l'examen\nnational 2025 pour les surveillants (BARRET Nicolas)\n7\nARR\u00caTE\nMonsieur BARRET Nicolas\nGrade\u00a0: SACDD CL EX\nNum\u00e9ro de s\u00e9curit\u00e9 sociale\u00a0: 1 81 03 97\u00a0416\u00a0005 34\nEngag\u00e9 en qualit\u00e9 de correcteur des copies du sujet des questions r\u00e9dig\u00e9es de l'examen national 2025.\nPercevra pour sa vacation un montant de \u00a0: 544,67 euros imputables sur le programme 0217-action 99 du\nbudget de l'exercice en cours.\nFait \u00e0 Paris, le 18/12/25\nPour le Pr\u00e9fet de la r\u00e9gion d'\u00cele-de-France,\nPr\u00e9fet de Paris, par d\u00e9l\u00e9gation,\nLe chef du d\u00e9partement r\u00e9gulation des transports routiers\nSIGNE\nRonan MEAR\n2/2\nDirection r\u00e9gionale et interd\u00e9partementale de l'environnement, de l'am\u00e9nagement et des transports d'\u00cele-de-France -\nIDF-2025-12-18-00001 - Arr\u00eat\u00e9 portant vacation en tant que correcteur des copies du sujet des questions r\u00e9dig\u00e9es de l'examen\nnational 2025 pour les surveillants (BARRET Nicolas)\n8\nDirection r\u00e9gionale et interd\u00e9partementale de\nl'environnement, de l'am\u00e9nagement et des\ntransports d'\u00cele-de-France\nIDF-2025-12-18-00002\nArr\u00eat\u00e9 portant vacation en tant que correcteur\ndes copies du sujet des questions r\u00e9dig\u00e9es de\nl'examen national 2025 pour les surveillants\n(BERNAR Sophie) \nDirection r\u00e9gionale et interd\u00e9partementale de l'environnement, de l'am\u00e9nagement et des transports d'\u00cele-de-France -\nIDF-2025-12-18-00002 - Arr\u00eat\u00e9 portant vacation en tant que correcteur des copies du sujet des questions r\u00e9dig\u00e9es de l'examen\nnational 2025 pour les surveillants (BERNAR Sophie) \n9\nE =PREFET |DE LA REGIOND'\u00ceLE-DE-FRANCELibert\u00e9Egalit\u00e9Fraternit\u00e9\nDirection r\u00e9gionale et interd\u00e9partementale\nde l'environnement, de l'am\u00e9nagement\net des transports d'\u00cele-de-France\nARR\u00caT\u00c9 DRIEAT-IdF n\u00b0 \nLE PR\u00c9FET DE LA R\u00c9GION D'\u00ceLE-DE-FRANCE,\nPR\u00c9FET DE PARIS\nVU le code des transports, notamment ses articles R.1422-4-1, R.3113-35 et R.3211-37 , R.1422-4,\nVU l'arr\u00eat\u00e9 du 4 octobre 2011 fixant la r\u00e9mun\u00e9ration des agents publics et des personnes participant, \u00e0\ntitre  accessoire,  \u00e0  des  activit\u00e9s  de  formation  et  de  recrutement  pour  le  minist\u00e8re  de  la  transition\n\u00e9cologique, du d\u00e9veloppement durable, des transports et du logement \u00e0 l'exclusion des agents publics et\ndes personnes relevant de l'\u00c9cole nationale de l'aviation civile,\nVU  l'arr\u00eat\u00e9  du  28  d\u00e9cembre  2011  modifi\u00e9  relatif  \u00e0  la  d\u00e9livrance  des  attestations  de  capacit\u00e9\nprofessionnelle permettant l'exercice de la profession de transporteur public routier,\nVU  l'arr\u00eat\u00e9  du  21  d\u00e9cembre  2015  modifi\u00e9  relatif  \u00e0  la  d\u00e9livrance  de  l'attestation  de  capacit\u00e9\nprofessionnelle permettant l'exercice de la profession de commissionnaire de transport,\nVU l'arr\u00eat\u00e9 IdF n\u00b0 2022-07-19-00005 du 19 juillet 2022 du pr\u00e9fet de la r\u00e9gion \u00cele-de-France, pr\u00e9fet de Paris,\nportant d\u00e9l\u00e9gation de signature \u00e0 Madame Emmanuelle GAY, directrice r\u00e9gionale et interd\u00e9partementale\nde l'environnement, de l'am\u00e9nagement et des transports d'\u00cele-de-France, en mati\u00e8re administrative,\nVU  la  d\u00e9cision  DRIEAT-IdF  n\u00b0  2025-10-24-00014  du  24  octobre  2025  de  la  directrice  r\u00e9gionale  et\ninterd\u00e9partementale de l'environnement, de l'am\u00e9nagement et des transports d'\u00cele-de-France portant\nsubd\u00e9l\u00e9gation de signature en mati\u00e8re administrative pour le compte du Pr\u00e9fet de la r\u00e9gion d'\u00cele-de-\nFrance\u00a0; \nVU l'arr\u00eat\u00e9 du ministre de la Transition \u00e9cologique en date 4 avril 2025 relative \u00e0 la date des examens en\n2025,  pour l'obtention des attestations de capacit\u00e9 professionnelle en transport  routier  lourd et  en\ncommissionnaire de transport,\nVU l'arr\u00eat\u00e9 pour le ministre et par d\u00e9l\u00e9gation du 2 septembre 2025 fixant la composition du jury des\nexamens permettant l'obtention de la capacit\u00e9 professionnelle,\nSSTV/DRTR/DG/UE \n21/23 rue Miollis\u2013 75015 Paris\nStandard\u00a0:  01 40 61 80 80\nwww.drieat.ile-de-france.developpement-durable.gouv.fr 1/2\nDirection r\u00e9gionale et interd\u00e9partementale de l'environnement, de l'am\u00e9nagement et des transports d'\u00cele-de-France -\nIDF-2025-12-18-00002 - Arr\u00eat\u00e9 portant vacation en tant que correcteur des copies du sujet des questions r\u00e9dig\u00e9es de l'examen\nnational 2025 pour les surveillants (BERNAR Sophie) \n10\nARR\u00caTE\nMadame Sophie BERNAR\nGrade\u00a0: SACDD classe sup\u00e9rieure\nNum\u00e9ro de s\u00e9curit\u00e9 sociale\u00a0:  2 77 08 69 383 086 82\nEngag\u00e9 en qualit\u00e9 de correcteur des copies du sujet des questions r\u00e9dig\u00e9es de l'examen national 2025.\nPercevra pour sa vacation un montant de \u00a0:  589  euros imputables sur le programme 0217-action 99 du\nbudget de l'exercice en cours.\nFait \u00e0 Paris, le 18/12/25\nPour le Pr\u00e9fet de la r\u00e9gion d'\u00cele-de-France,\nPr\u00e9fet de Paris, par d\u00e9l\u00e9gation,\nLe chef du d\u00e9partement r\u00e9gulation des transports routiers\nSIGNE\nRonan MEAR\n2/2\nDirection r\u00e9gionale et interd\u00e9partementale de l'environnement, de l'am\u00e9nagement et des transports d'\u00cele-de-France -\nIDF-2025-12-18-00002 - Arr\u00eat\u00e9 portant vacation en tant que correcteur des copies du sujet des questions r\u00e9dig\u00e9es de l'examen\nnational 2025 pour les surveillants (BERNAR Sophie) \n11\nDirection r\u00e9gionale et interd\u00e9partementale de\nl'environnement, de l'am\u00e9nagement et des\ntransports d'\u00cele-de-France\nIDF-2025-12-18-00003\nArr\u00eat\u00e9 portant vacation en tant que correcteur\ndes copies du sujet des questions r\u00e9dig\u00e9es de\nl'examen national 2025 pour les surveillants\n(BONFARNUZZO S\u00e9bastien )\nDirection r\u00e9gionale et interd\u00e9partementale de l'environnement, de l'am\u00e9nagement et des transports d'\u00cele-de-France -\nIDF-2025-12-18-00003 - Arr\u00eat\u00e9 portant vacation en tant que correcteur des copies du sujet des questions r\u00e9dig\u00e9es de l'examen\nnational 2025 pour les surveillants (BONFARNUZZO S\u00e9bastien )\n12\nE =PREFET |DE LA REGIOND'\u00ceLE-DE-FRANCELibert\u00e9Egalit\u00e9Fraternit\u00e9\nDirection r\u00e9gionale et interd\u00e9partementale\nde l'environnement, de l'am\u00e9nagement\net des transports d'\u00cele-de-France\nARR\u00caT\u00c9 DRIEAT-IdF n\u00b0\nLE PR\u00c9FET DE LA R\u00c9GION D'\u00ceLE-DE-FRANCE,\nPR\u00c9FET DE PARIS\nVU le code des transports, notamment ses articles R.1422-4-1, R.3113-35 et R.3211-37 , R.1422-4,\nVU l'arr\u00eat\u00e9 du 4 octobre 2011 fixant la r\u00e9mun\u00e9ration des agents publics et des personnes participant, \u00e0\ntitre  accessoire,  \u00e0  des  activit\u00e9s  de  formation  et  de  recrutement  pour  le  minist\u00e8re  de  la  transition\n\u00e9cologique, du d\u00e9veloppement durable, des transports et du logement \u00e0 l'exclusion des agents publics et\ndes personnes relevant de l'\u00c9cole nationale de l'aviation civile,\nVU  l'arr\u00eat\u00e9  du  28  d\u00e9cembre  2011  modifi\u00e9  relatif  \u00e0  la  d\u00e9livrance  des  attestations  de  capacit\u00e9\nprofessionnelle permettant l'exercice de la profession de transporteur public routier,\nVU  l'arr\u00eat\u00e9  du  21  d\u00e9cembre  2015  modifi\u00e9  relatif  \u00e0  la  d\u00e9livrance  de  l'attestation  de  capacit\u00e9\nprofessionnelle permettant l'exercice de la profession de commissionnaire de transport,\nVU l'arr\u00eat\u00e9 IdF n\u00b0 2022-07-19-00005 du 19 juillet 2022 du pr\u00e9fet de la r\u00e9gion \u00cele-de-France, pr\u00e9fet de Paris,\nportant d\u00e9l\u00e9gation de signature \u00e0 Madame Emmanuelle GAY, directrice r\u00e9gionale et interd\u00e9partementale\nde l'environnement, de l'am\u00e9nagement et des transports d'\u00cele-de-France, en mati\u00e8re administrative,\nVU  la  d\u00e9cision  DRIEAT-IdF  n\u00b0  2025-10-24-00014  du  24  octobre  2025  de  la  directrice  r\u00e9gionale  et\ninterd\u00e9partementale de l'environnement, de l'am\u00e9nagement et des transports d'\u00cele-de-France portant\nsubd\u00e9l\u00e9gation de signature en mati\u00e8re administrative pour le compte du Pr\u00e9fet de la r\u00e9gion d'\u00cele-de-\nFrance\u00a0; \nVU l'arr\u00eat\u00e9 du ministre de la Transition \u00e9cologique en date 4 avril 2025 relative \u00e0 la date des examens en\n2025,  pour l'obtention des attestations de capacit\u00e9 professionnelle en transport  routier  lourd et  en\ncommissionnaire de transport,\nVU l'arr\u00eat\u00e9 pour le ministre et par d\u00e9l\u00e9gation du 2 septembre 2025 fixant la composition du jury des\nexamens permettant l'obtention de la capacit\u00e9 professionnelle,\nSSTV/DRTR/DG/UE \n21/23 rue Miollis\u2013 75015 Paris\nStandard\u00a0:  01 40 61 80 80\nwww.drieat.ile-de-france.developpement-durable.gouv.fr 1/2\nDirection r\u00e9gionale et interd\u00e9partementale de l'environnement, de l'am\u00e9nagement et des transports d'\u00cele-de-France -\nIDF-2025-12-18-00003 - Arr\u00eat\u00e9 portant vacation en tant que correcteur des copies du sujet des questions r\u00e9dig\u00e9es de l'examen\nnational 2025 pour les surveillants (BONFARNUZZO S\u00e9bastien )\n13\nARR\u00caTE\nMonsieur BONFARNUZZO S\u00e9bastien\nGrade\u00a0: SACDD classe SUP\nNum\u00e9ro de s\u00e9curit\u00e9 sociale\u00a0: 1 75 12 32\u00a0013\u00a0024 39\nEngag\u00e9 en qualit\u00e9 de correcteur des copies du sujet des questions r\u00e9dig\u00e9es de l'examen national 2025.\nPercevra pour sa vacation un montant de \u00a0: 665  euros imputables sur le programme 0217-action 99 du\nbudget de l'exercice en cours.\nFait \u00e0 Paris, le 18/12/25\nPour le Pr\u00e9fet de la r\u00e9gion d'\u00cele-de-France,\nPr\u00e9fet de Paris, par d\u00e9l\u00e9gation,\nLe chef du d\u00e9partement r\u00e9gulation des transports routiers\nSIGNE\nRonan MEAR\n2/2\nDirection r\u00e9gionale et interd\u00e9partementale de l'environnement, de l'am\u00e9nagement et des transports d'\u00cele-de-France -\nIDF-2025-12-18-00003 - Arr\u00eat\u00e9 portant vacation en tant que correcteur des copies du sujet des questions r\u00e9dig\u00e9es de l'examen\nnational 2025 pour les surveillants (BONFARNUZZO S\u00e9bastien )\n14\nDirection r\u00e9gionale et interd\u00e9partementale de\nl'environnement, de l'am\u00e9nagement et des\ntransports d'\u00cele-de-France\nIDF-2025-12-18-00004\nArr\u00eat\u00e9 portant vacation en tant que correcteur\ndes copies du sujet des questions r\u00e9dig\u00e9es de\nl'examen national 2025 pour les surveillants\n(BOURGEOIS Damien)\nDirection r\u00e9gionale et interd\u00e9partementale de l'environnement, de l'am\u00e9nagement et des transports d'\u00cele-de-France -\nIDF-2025-12-18-00004 - Arr\u00eat\u00e9 portant vacation en tant que correcteur des copies du sujet des questions r\u00e9dig\u00e9es de l'examen\nnational 2025 pour les surveillants (BOURGEOIS Damien)\n15\nPREFET .DE LA REGIOND'\u00ceLE-DE-FRANCELibert\u00e9\u00c9galit\u00e9Fraternit\u00e9\nDirection r\u00e9gionale et interd\u00e9partementale\nde l'environnement, de l'am\u00e9nagement\net des transports d'\u00cele-de-France\nARR\u00caT\u00c9 DRIEAT-IdF n\u00b0\nLE PR\u00c9FET DE LA R\u00c9GION D'\u00ceLE-DE-FRANCE,\nPR\u00c9FET DE PARIS\nVU le code des transports, notamment ses articles R.1422-4-1, R.3113-35 et R.3211-37 , R.1422-4,\nVU l'arr\u00eat\u00e9 du 4 octobre 2011 fixant la r\u00e9mun\u00e9ration des agents publics et des personnes participant, \u00e0\ntitre  accessoire,  \u00e0  des  activit\u00e9s  de  formation  et  de  recrutement  pour  le  minist\u00e8re  de  la  transition\n\u00e9cologique, du d\u00e9veloppement durable, des transports et du logement \u00e0 l'exclusion des agents publics et\ndes personnes relevant de l'\u00c9cole nationale de l'aviation civile,\nVU  l'arr\u00eat\u00e9  du  28  d\u00e9cembre  2011  modifi\u00e9  relatif  \u00e0  la  d\u00e9livrance  des  attestations  de  capacit\u00e9\nprofessionnelle permettant l'exercice de la profession de transporteur public routier,\nVU  l'arr\u00eat\u00e9  du  21  d\u00e9cembre  2015  modifi\u00e9  relatif  \u00e0  la  d\u00e9livrance  de  l'attestation  de  capacit\u00e9\nprofessionnelle permettant l'exercice de la profession de commissionnaire de transport,\nVU l'arr\u00eat\u00e9 IdF n\u00b0 2022-07-19-00005 du 19 juillet 2022 du pr\u00e9fet de la r\u00e9gion \u00cele-de-France, pr\u00e9fet de Paris,\nportant d\u00e9l\u00e9gation de signature \u00e0 Madame Emmanuelle GAY, directrice r\u00e9gionale et interd\u00e9partementale\nde l'environnement, de l'am\u00e9nagement et des transports d'\u00cele-de-France, en mati\u00e8re administrative,\nVU  la  d\u00e9cision  DRIEAT-IdF  n\u00b0  2025-10-24-00014  du  24  octobre  2025  de  la  directrice  r\u00e9gionale  et\ninterd\u00e9partementale de l'environnement, de l'am\u00e9nagement et des transports d'\u00cele-de-France portant\nsubd\u00e9l\u00e9gation de signature en mati\u00e8re administrative pour le compte du Pr\u00e9fet de la r\u00e9gion d'\u00cele-de-\nFrance\u00a0; \nVU l'arr\u00eat\u00e9 du ministre de la Transition \u00e9cologique en date 4 avril 2025 relative \u00e0 la date des examens en\n2025,  pour l'obtention des attestations de capacit\u00e9 professionnelle en transport  routier  lourd et  en\ncommissionnaire de transport,\nVU l'arr\u00eat\u00e9 pour le ministre et par d\u00e9l\u00e9gation du 2 septembre 2025 fixant la composition du jury des\nexamens permettant l'obtention de la capacit\u00e9 professionnelle,\nSSTV/DRTR/DG/UE \n21/23 rue Miollis\u2013 75015 Paris\nStandard\u00a0:  01 40 61 80 80\nwww.drieat.ile-de-france.developpement-durable.gouv.fr 1/2\nDirection r\u00e9gionale et interd\u00e9partementale de l'environnement, de l'am\u00e9nagement et des transports d'\u00cele-de-France -\nIDF-2025-12-18-00004 - Arr\u00eat\u00e9 portant vacation en tant que correcteur des copies du sujet des questions r\u00e9dig\u00e9es de l'examen\nnational 2025 pour les surveillants (BOURGEOIS Damien)\n16\nARR\u00caTE\nMonsieur BOURGEOIS Damien\nGrade\u00a0: SACDD classe SUP\nNum\u00e9ro de s\u00e9curit\u00e9 sociale\u00a0: 1 97 01 91\u00a0514\u00a0292 33\nEngag\u00e9 en qualit\u00e9 de correcteur des copies du sujet des questions r\u00e9dig\u00e9es de l'examen national 2025.\nPercevra pour sa vacation un montant de \u00a0: 373,67 euros imputables sur le programme 0217-action 99 du\nbudget de l'exercice en cours.\nFait \u00e0 Paris, le 18/12/25\nPour le Pr\u00e9fet de la r\u00e9gion d'\u00cele-de-France,\nPr\u00e9fet de Paris, par d\u00e9l\u00e9gation,\nLe chef du d\u00e9partement r\u00e9gulation des transports routiers\nSIGNE\nRonan MEAR\n2/2\nDirection r\u00e9gionale et interd\u00e9partementale de l'environnement, de l'am\u00e9nagement et des transports d'\u00cele-de-France -\nIDF-2025-12-18-00004 - Arr\u00eat\u00e9 portant vacation en tant que correcteur des copies du sujet des questions r\u00e9dig\u00e9es de l'examen\nnational 2025 pour les surveillants (BOURGEOIS Damien)\n17\nDirection r\u00e9gionale et interd\u00e9partementale de\nl'environnement, de l'am\u00e9nagement et des\ntransports d'\u00cele-de-France\nIDF-2025-12-18-00005\nArr\u00eat\u00e9 portant vacation en tant que correcteur\ndes copies du sujet des questions r\u00e9dig\u00e9es de\nl'examen national 2025 pour les surveillants\n(GIMARD Bernard)\nDirection r\u00e9gionale et interd\u00e9partementale de l'environnement, de l'am\u00e9nagement et des transports d'\u00cele-de-France -\nIDF-2025-12-18-00005 - Arr\u00eat\u00e9 portant vacation en tant que correcteur des copies du sujet des questions r\u00e9dig\u00e9es de l'examen\nnational 2025 pour les surveillants (GIMARD Bernard)\n18\nPREFET .DE LA REGIOND'\u00ceLE-DE-FRANCELibert\u00e9\u00c9galit\u00e9Fraternit\u00e9\nDirection r\u00e9gionale et interd\u00e9partementale\nde l'environnement, de l'am\u00e9nagement\net des transports d'\u00cele-de-France\nARR\u00caT\u00c9 DRIEAT-IdF n\u00b0\nLE PR\u00c9FET DE LA R\u00c9GION D'\u00ceLE-DE-FRANCE,\nPR\u00c9FET DE PARIS\nVU le code des transports, notamment ses articles R.1422-4-1, R.3113-35 et R.3211-37 , R.1422-4,\nVU l'arr\u00eat\u00e9 du 4 octobre 2011 fixant la r\u00e9mun\u00e9ration des agents publics et des personnes participant, \u00e0\ntitre  accessoire,  \u00e0  des  activit\u00e9s  de  formation  et  de  recrutement  pour  le  minist\u00e8re  de  la  transition\n\u00e9cologique, du d\u00e9veloppement durable, des transports et du logement \u00e0 l'exclusion des agents publics et\ndes personnes relevant de l'\u00c9cole nationale de l'aviation civile,\nVU  l'arr\u00eat\u00e9  du  28  d\u00e9cembre  2011  modifi\u00e9  relatif  \u00e0  la  d\u00e9livrance  des  attestations  de  capacit\u00e9\nprofessionnelle permettant l'exercice de la profession de transporteur public routier,\nVU  l'arr\u00eat\u00e9  du  21  d\u00e9cembre  2015  modifi\u00e9  relatif  \u00e0  la  d\u00e9livrance  de  l'attestation  de  capacit\u00e9\nprofessionnelle permettant l'exercice de la profession de commissionnaire de transport,\nVU l'arr\u00eat\u00e9 IdF n\u00b0 2022-07-19-00005 du 19 juillet 2022 du pr\u00e9fet de la r\u00e9gion \u00cele-de-France, pr\u00e9fet de Paris,\nportant d\u00e9l\u00e9gation de signature \u00e0 Madame Emmanuelle GAY, directrice r\u00e9gionale et interd\u00e9partementale\nde l'environnement, de l'am\u00e9nagement et des transports d'\u00cele-de-France, en mati\u00e8re administrative,\nVU  la  d\u00e9cision  DRIEAT-IdF  n\u00b0  2025-10-24-00014  du  24  octobre  2025  de  la  directrice  r\u00e9gionale  et\ninterd\u00e9partementale de l'environnement, de l'am\u00e9nagement et des transports d'\u00cele-de-France portant\nsubd\u00e9l\u00e9gation de signature en mati\u00e8re administrative pour le compte du Pr\u00e9fet de la r\u00e9gion d'\u00cele-de-\nFrance\u00a0; \nVU l'arr\u00eat\u00e9 du ministre de la Transition \u00e9cologique en date 4 avril 2025 relative \u00e0 la date des examens en\n2025,  pour l'obtention des attestations de capacit\u00e9 professionnelle en transport  routier  lourd et  en\ncommissionnaire de transport,\nVU l'arr\u00eat\u00e9 pour le ministre et par d\u00e9l\u00e9gation du 2 septembre 2025 fixant la composition du jury des\nexamens permettant l'obtention de la capacit\u00e9 professionnelle,\nSSTV/DRTR/DG/UE \n21/23 rue Miollis\u2013 75015 Paris\nStandard\u00a0:  01 40 61 80 80\nwww.drieat.ile-de-france.developpement-durable.gouv.fr 1/2\nDirection r\u00e9gionale et interd\u00e9partementale de l'environnement, de l'am\u00e9nagement et des transports d'\u00cele-de-France -\nIDF-2025-12-18-00005 - Arr\u00eat\u00e9 portant vacation en tant que correcteur des copies du sujet des questions r\u00e9dig\u00e9es de l'examen\nnational 2025 pour les surveillants (GIMARD Bernard)\n19\nARR\u00caTE\nMonsieur GIMARD Bernard\nGrade\u00a0: SACDD classe EX\nNum\u00e9ro de s\u00e9curit\u00e9 sociale\u00a0: 1 63 04 97\u00a0120\u00a0315 93\nEngag\u00e9 en qualit\u00e9 de correcteur des copies du sujet des questions r\u00e9dig\u00e9es de l'examen national 2025.\nPercevra pour sa vacation un montant de \u00a0: 810,67 euros imputables sur le programme 0217-action 99 du\nbudget de l'exercice en cours.\nFait \u00e0 Paris, le 18/12/25\nPour le Pr\u00e9fet de la r\u00e9gion d'\u00cele-de-France,\nPr\u00e9fet de Paris, par d\u00e9l\u00e9gation,\nLe chef du d\u00e9partement r\u00e9gulation des transports routiers\nSIGNE\nRonan MEAR\n2/2\nDirection r\u00e9gionale et interd\u00e9partementale de l'environnement, de l'am\u00e9nagement et des transports d'\u00cele-de-France -\nIDF-2025-12-18-00005 - Arr\u00eat\u00e9 portant vacation en tant que correcteur des copies du sujet des questions r\u00e9dig\u00e9es de l'examen\nnational 2025 pour les surveillants (GIMARD Bernard)\n20\nDirection r\u00e9gionale et interd\u00e9partementale de\nl'environnement, de l'am\u00e9nagement et des\ntransports d'\u00cele-de-France\nIDF-2025-12-18-00006\nArr\u00eat\u00e9 portant vacation en tant que correcteur\ndes copies du sujet des questions r\u00e9dig\u00e9es de\nl'examen national 2025 pour les surveillants\n(MARIN LAMELLET Claude)\nDirection r\u00e9gionale et interd\u00e9partementale de l'environnement, de l'am\u00e9nagement et des transports d'\u00cele-de-France -\nIDF-2025-12-18-00006 - Arr\u00eat\u00e9 portant vacation en tant que correcteur des copies du sujet des questions r\u00e9dig\u00e9es de l'examen\nnational 2025 pour les surveillants (MARIN LAMELLET Claude)\n21\nPREFET |DE LA REGIOND'\u00ceLE-DE-FRANCELibert\u00e9Egalit\u00e9Fraternit\u00e9\nDirection r\u00e9gionale et interd\u00e9partementale\nde l'environnement, de l'am\u00e9nagement\net des transports d'\u00cele-de-France\nARR\u00caT\u00c9 DRIEAT-IdF n\u00b0 \nLE PR\u00c9FET DE LA R\u00c9GION D'\u00ceLE-DE-FRANCE,\nPR\u00c9FET DE PARIS\nVU le code des transports, notamment ses articles R.1422-4-1, R.3113-35 et R.3211-37 , R.1422-4,\nVU l'arr\u00eat\u00e9 du 4 octobre 2011 fixant la r\u00e9mun\u00e9ration des agents publics et des personnes participant, \u00e0\ntitre  accessoire,  \u00e0  des  activit\u00e9s  de  formation  et  de  recrutement  pour  le  minist\u00e8re  de  la  transition\n\u00e9cologique, du d\u00e9veloppement durable, des transports et du logement \u00e0 l'exclusion des agents publics et\ndes personnes relevant de l'\u00c9cole nationale de l'aviation civile,\nVU  l'arr\u00eat\u00e9  du  28  d\u00e9cembre  2011  modifi\u00e9  relatif  \u00e0  la  d\u00e9livrance  des  attestations  de  capacit\u00e9\nprofessionnelle permettant l'exercice de la profession de transporteur public routier,\nVU  l'arr\u00eat\u00e9  du  21  d\u00e9cembre  2015  modifi\u00e9  relatif  \u00e0  la  d\u00e9livrance  de  l'attestation  de  capacit\u00e9\nprofessionnelle permettant l'exercice de la profession de commissionnaire de transport,\nVU l'arr\u00eat\u00e9 IdF n\u00b0 2022-07-19-00005 du 19 juillet 2022 du pr\u00e9fet de la r\u00e9gion \u00cele-de-France, pr\u00e9fet de Paris,\nportant d\u00e9l\u00e9gation de signature \u00e0 Madame Emmanuelle GAY, directrice r\u00e9gionale et interd\u00e9partementale\nde l'environnement, de l'am\u00e9nagement et des transports d'\u00cele-de-France, en mati\u00e8re administrative,\nVU  la  d\u00e9cision  DRIEAT-IdF  n\u00b0  2025-10-24-00014  du  24  octobre  2025  de  la  directrice  r\u00e9gionale  et\ninterd\u00e9partementale de l'environnement, de l'am\u00e9nagement et des transports d'\u00cele-de-France portant\nsubd\u00e9l\u00e9gation de signature en mati\u00e8re administrative pour le compte du Pr\u00e9fet de la r\u00e9gion d'\u00cele-de-\nFrance\u00a0; \nVU l'arr\u00eat\u00e9 du ministre de la Transition \u00e9cologique en date 4 avril 2025 relative \u00e0 la date des examens en\n2025,  pour l'obtention des attestations de capacit\u00e9 professionnelle en transport  routier  lourd et  en\ncommissionnaire de transport,\nVU l'arr\u00eat\u00e9 pour le ministre et par d\u00e9l\u00e9gation du 2 septembre 2025 fixant la composition du jury des\nexamens permettant l'obtention de la capacit\u00e9 professionnelle,\nSSTV/DRTR/DG/UE \n21/23 rue Miollis\u2013 75015 Paris\nStandard\u00a0:  01 40 61 80 80\nwww.drieat.ile-de-france.developpement-durable.gouv.fr 1/2\nDirection r\u00e9gionale et interd\u00e9partementale de l'environnement, de l'am\u00e9nagement et des transports d'\u00cele-de-France -\nIDF-2025-12-18-00006 - Arr\u00eat\u00e9 portant vacation en tant que correcteur des copies du sujet des questions r\u00e9dig\u00e9es de l'examen\nnational 2025 pour les surveillants (MARIN LAMELLET Claude)\n22\nARR\u00caTE\nMonsieur MARIN LAMELLET Claude\nGrade\u00a0: SACDD classe exceptionnelle\nNum\u00e9ro de s\u00e9curit\u00e9 sociale\u00a0: 1 64 01 73 303 010 18\nEngag\u00e9 en qualit\u00e9 de correcteur des copies du sujet des questions r\u00e9dig\u00e9es de l'examen national 2025.\nPercevra pour sa vacation un montant de \u00a0:  190  euros imputables sur le programme 0217-action 99 du\nbudget de l'exercice en cours.\nFait \u00e0 Paris, le 18/12/25\nPour le Pr\u00e9fet de la r\u00e9gion d'\u00cele-de-France,\nPr\u00e9fet de Paris, par d\u00e9l\u00e9gation,\nLe chef du d\u00e9partement r\u00e9gulation des transports routiers\nSIGNE\nRonan MEAR\n2/2\nDirection r\u00e9gionale et interd\u00e9partementale de l'environnement, de l'am\u00e9nagement et des transports d'\u00cele-de-France -\nIDF-2025-12-18-00006 - Arr\u00eat\u00e9 portant vacation en tant que correcteur des copies du sujet des questions r\u00e9dig\u00e9es de l'examen\nnational 2025 pour les surveillants (MARIN LAMELLET Claude)\n23\nDirection r\u00e9gionale et interd\u00e9partementale de\nl'environnement, de l'am\u00e9nagement et des\ntransports d'\u00cele-de-France\nIDF-2025-12-18-00007\nArr\u00eat\u00e9 portant vacation en tant que correcteur\ndes copies du sujet des questions r\u00e9dig\u00e9es de\nl'examen national 2025 pour les surveillants\n(MEGUENINE Fouad) \nDirection r\u00e9gionale et interd\u00e9partementale de l'environnement, de l'am\u00e9nagement et des transports d'\u00cele-de-France -\nIDF-2025-12-18-00007 - Arr\u00eat\u00e9 portant vacation en tant que correcteur des copies du sujet des questions r\u00e9dig\u00e9es de l'examen\nnational 2025 pour les surveillants (MEGUENINE Fouad) \n24\nPREFET .DE LA REGIOND'\u00ceLE-DE-FRANCELibert\u00e9\u00c9galit\u00e9Fraternit\u00e9\nDirection r\u00e9gionale et interd\u00e9partementale\nde l'environnement, de l'am\u00e9nagement\net des transports d'\u00cele-de-France\nARR\u00caT\u00c9 DRIEAT-IdF n\u00b0 \nLE PR\u00c9FET DE LA R\u00c9GION D'\u00ceLE-DE-FRANCE,\nPR\u00c9FET DE PARIS\nVU le code des transports, notamment ses articles R.1422-4-1, R.3113-35 et R.3211-37 , R.1422-4,\nVU l'arr\u00eat\u00e9 du 4 octobre 2011 fixant la r\u00e9mun\u00e9ration des agents publics et des personnes participant, \u00e0\ntitre  accessoire,  \u00e0  des  activit\u00e9s  de  formation  et  de  recrutement  pour  le  minist\u00e8re  de  la  transition\n\u00e9cologique, du d\u00e9veloppement durable, des transports et du logement \u00e0 l'exclusion des agents publics et\ndes personnes relevant de l'\u00c9cole nationale de l'aviation civile,\nVU  l'arr\u00eat\u00e9  du  28  d\u00e9cembre  2011  modifi\u00e9  relatif  \u00e0  la  d\u00e9livrance  des  attestations  de  capacit\u00e9\nprofessionnelle permettant l'exercice de la profession de transporteur public routier,\nVU  l'arr\u00eat\u00e9  du  21  d\u00e9cembre  2015  modifi\u00e9  relatif  \u00e0  la  d\u00e9livrance  de  l'attestation  de  capacit\u00e9\nprofessionnelle permettant l'exercice de la profession de commissionnaire de transport,\nVU l'arr\u00eat\u00e9 IdF n\u00b0 2022-07-19-00005 du 19 juillet 2022 du pr\u00e9fet de la r\u00e9gion \u00cele-de-France, pr\u00e9fet de Paris,\nportant d\u00e9l\u00e9gation de signature \u00e0 Madame Emmanuelle GAY, directrice r\u00e9gionale et interd\u00e9partementale\nde l'environnement, de l'am\u00e9nagement et des transports d'\u00cele-de-France, en mati\u00e8re administrative,\nVU  la  d\u00e9cision  DRIEAT-IdF  n\u00b0  2025-10-24-00014  du  24  octobre  2025  de  la  directrice  r\u00e9gionale  et\ninterd\u00e9partementale de l'environnement, de l'am\u00e9nagement et des transports d'\u00cele-de-France portant\nsubd\u00e9l\u00e9gation de signature en mati\u00e8re administrative pour le compte du Pr\u00e9fet de la r\u00e9gion d'\u00cele-de-\nFrance\u00a0; \nVU l'arr\u00eat\u00e9 du ministre de la Transition \u00e9cologique en date 4 avril 2025 relative \u00e0 la date des examens en\n2025,  pour l'obtention des attestations de capacit\u00e9 professionnelle en transport  routier  lourd et  en\ncommissionnaire de transport,\nVU l'arr\u00eat\u00e9 pour le ministre et par d\u00e9l\u00e9gation du 2 septembre 2025 fixant la composition du jury des\nexamens permettant l'obtention de la capacit\u00e9 professionnelle,\nSSTV/DRTR/DG/UE \n21/23 rue Miollis\u2013 75015 Paris\nStandard\u00a0:  01 40 61 80 80\nwww.drieat.ile-de-france.developpement-durable.gouv.fr 1/2\nDirection r\u00e9gionale et interd\u00e9partementale de l'environnement, de l'am\u00e9nagement et des transports d'\u00cele-de-France -\nIDF-2025-12-18-00007 - Arr\u00eat\u00e9 portant vacation en tant que correcteur des copies du sujet des questions r\u00e9dig\u00e9es de l'examen\nnational 2025 pour les surveillants (MEGUENINE Fouad) \n25\nARR\u00caTE\nMonsieur MEGUENINE Fouad\nGrade\u00a0: SACDD classe SUP\nNum\u00e9ro de s\u00e9curit\u00e9 sociale\u00a0: 1 74 07 93\u00a0062\u00a0046 70\nEngag\u00e9 en qualit\u00e9 de correcteur des copies du sujet des questions r\u00e9dig\u00e9es de l'examen national 2025.\nPercevra pour sa vacation un montant de \u00a0: 399 \u00a0euros imputables sur le programme 0217-action 99 du\nbudget de l'exercice en cours.\nFait \u00e0 Paris, le 18/12/25\nPour le Pr\u00e9fet de la r\u00e9gion d'\u00cele-de-France,\nPr\u00e9fet de Paris, par d\u00e9l\u00e9gation,\nLe chef du d\u00e9partement r\u00e9gulation des transports routiers\nSIGNE\nRonan MEAR\n2/2\nDirection r\u00e9gionale et interd\u00e9partementale de l'environnement, de l'am\u00e9nagement et des transports d'\u00cele-de-France -\nIDF-2025-12-18-00007 - Arr\u00eat\u00e9 portant vacation en tant que correcteur des copies du sujet des questions r\u00e9dig\u00e9es de l'examen\nnational 2025 pour les surveillants (MEGUENINE Fouad) \n26\nDirection r\u00e9gionale et interd\u00e9partementale de\nl'environnement, de l'am\u00e9nagement et des\ntransports d'\u00cele-de-France\nIDF-2025-12-18-00008\nArr\u00eat\u00e9 portant vacation en tant que correcteur\ndes copies du sujet des questions r\u00e9dig\u00e9es de\nl'examen national 2025 pour les surveillants\n(WAHMANE Mbarek) \nDirection r\u00e9gionale et interd\u00e9partementale de l'environnement, de l'am\u00e9nagement et des transports d'\u00cele-de-France -\nIDF-2025-12-18-00008 - Arr\u00eat\u00e9 portant vacation en tant que correcteur des copies du sujet des questions r\u00e9dig\u00e9es de l'examen\nnational 2025 pour les surveillants (WAHMANE Mbarek) \n27\nPREFET |DE LA REGIOND'\u00ceLE-DE-FRANCELibert\u00e9Egalit\u00e9Fraternit\u00e9\nDirection r\u00e9gionale et interd\u00e9partementale\nde l'environnement, de l'am\u00e9nagement\net des transports d'\u00cele-de-France\nARR\u00caT\u00c9 DRIEAT-IdF n\u00b0\nLE PR\u00c9FET DE LA R\u00c9GION D'\u00ceLE-DE-FRANCE,\nPR\u00c9FET DE PARIS\nVU le code des transports, notamment ses articles R.1422-4-1, R.3113-35 et R.3211-37 , R.1422-4,\nVU l'arr\u00eat\u00e9 du 4 octobre 2011 fixant la r\u00e9mun\u00e9ration des agents publics et des personnes participant, \u00e0\ntitre  accessoire,  \u00e0  des  activit\u00e9s  de  formation  et  de  recrutement  pour  le  minist\u00e8re  de  la  transition\n\u00e9cologique, du d\u00e9veloppement durable, des transports et du logement \u00e0 l'exclusion des agents publics et\ndes personnes relevant de l'\u00c9cole nationale de l'aviation civile,\nVU  l'arr\u00eat\u00e9  du  28  d\u00e9cembre  2011  modifi\u00e9  relatif  \u00e0  la  d\u00e9livrance  des  attestations  de  capacit\u00e9\nprofessionnelle permettant l'exercice de la profession de transporteur public routier,\nVU  l'arr\u00eat\u00e9  du  21  d\u00e9cembre  2015  modifi\u00e9  relatif  \u00e0  la  d\u00e9livrance  de  l'attestation  de  capacit\u00e9\nprofessionnelle permettant l'exercice de la profession de commissionnaire de transport,\nVU l'arr\u00eat\u00e9 IdF n\u00b0 2022-07-19-00005 du 19 juillet 2022 du pr\u00e9fet de la r\u00e9gion \u00cele-de-France, pr\u00e9fet de Paris,\nportant d\u00e9l\u00e9gation de signature \u00e0 Madame Emmanuelle GAY, directrice r\u00e9gionale et interd\u00e9partementale\nde l'environnement, de l'am\u00e9nagement et des transports d'\u00cele-de-France, en mati\u00e8re administrative,\nVU  la  d\u00e9cision  DRIEAT-IdF  n\u00b0  2025-10-24-00014  du  24  octobre  2025  de  la  directrice  r\u00e9gionale  et\ninterd\u00e9partementale de l'environnement, de l'am\u00e9nagement et des transports d'\u00cele-de-France portant\nsubd\u00e9l\u00e9gation de signature en mati\u00e8re administrative pour le compte du Pr\u00e9fet de la r\u00e9gion d'\u00cele-de-\nFrance\u00a0; \nVU l'arr\u00eat\u00e9 du ministre de la Transition \u00e9cologique en date 4 avril 2025 relative \u00e0 la date des examens en\n2025,  pour l'obtention des attestations de capacit\u00e9 professionnelle en transport  routier  lourd et  en\ncommissionnaire de transport,\nVU l'arr\u00eat\u00e9 pour le ministre et par d\u00e9l\u00e9gation du 2 septembre 2025 fixant la composition du jury des\nexamens permettant l'obtention de la capacit\u00e9 professionnelle,\nSSTV/DRTR/DG/UE \n21/23 rue Miollis\u2013 75015 Paris\nStandard\u00a0:  01 40 61 80 80\nwww.drieat.ile-de-france.developpement-durable.gouv.fr 1/2\nDirection r\u00e9gionale et interd\u00e9partementale de l'environnement, de l'am\u00e9nagement et des transports d'\u00cele-de-France -\nIDF-2025-12-18-00008 - Arr\u00eat\u00e9 portant vacation en tant que correcteur des copies du sujet des questions r\u00e9dig\u00e9es de l'examen\nnational 2025 pour les surveillants (WAHMANE Mbarek) \n28\nARR\u00caTE\nMonsieur WAHMANE Mbarek\nGrade\u00a0: SACDD classe EX\nNum\u00e9ro de s\u00e9curit\u00e9 sociale\u00a0: 1 83 09 75\u00a0115\u00a0045 13\nEngag\u00e9 en qualit\u00e9 de correcteur des copies du sujet des questions r\u00e9dig\u00e9es de l'examen national 2025.\nPercevra pour sa vacation un montant de \u00a0: 652,33 euros imputables sur le programme 0217-action 99 du\nbudget de l'exercice en cours.\nFait \u00e0 Paris, le 18/12/25\nPour le Pr\u00e9fet de la r\u00e9gion d'\u00cele-de-France,\nPr\u00e9fet de Paris, par d\u00e9l\u00e9gation,\nLe chef du d\u00e9partement r\u00e9gulation des transports routiers\nSIGNE\nRonan MEAR\n2/2\nDirection r\u00e9gionale et interd\u00e9partementale de l'environnement, de l'am\u00e9nagement et des transports d'\u00cele-de-France -\nIDF-2025-12-18-00008 - Arr\u00eat\u00e9 portant vacation en tant que correcteur des copies du sujet des questions r\u00e9dig\u00e9es de l'examen\nnational 2025 pour les surveillants (WAHMANE Mbarek) \n29\nPr\u00e9fecture de la R\u00e9gion d'Ile de France,\nPr\u00e9fecture de Paris \nIDF-2025-12-15-00004\nArr\u00eat\u00e9 portant attribution de la m\u00e9daille de\nbronze de la jeunesse, des sports et de\nl'engagement associatif (contingent r\u00e9gional) -\npromotion du 1er janvier 2026\nPr\u00e9fecture de la R\u00e9gion d'Ile de France, Pr\u00e9fecture de Paris  - IDF-2025-12-15-00004 - Arr\u00eat\u00e9 portant attribution de la m\u00e9daille de\nbronze de la jeunesse, des sports et de l'engagement associatif (contingent r\u00e9gional) - promotion du 1er janvier 2026 30\nPREFET |DE LA REGIOND'\u00ceLE-DE-FRANCELibert\u00e9Egalit\u00e9Fraternit\u00e9\nPr\u00e9fecture de la r\u00e9gion d'\u00cele-de-France, pr\u00e9fecture de Paris \n5, rue Leblanc 75 911 Paris Cedex 15 | Standard : 01 82 52 40 00 \nSite internet : https://www.prefectures-regions.gouv.fr/ile-de-france \n  \n \n \n \n \n \nCabinet \nSRE / BDI / d\u00e9corations \n                                                      \n \n \nARRETE \nportant attribution de la m\u00e9daille de bronze de la jeunesse, des sports  \net de l'engagement associatif (contingent r\u00e9gional) \n \n -  promotion du 1er janvier 2026 - \n \n \nLE PR\u00c9FET DE LA R\u00c9GION D'\u00ceLE-DE-FRANCE, \nPR\u00c9FET DE PARIS, \nGRAND OFFICIER DE LA L\u00c9GION D'HONNEUR, \nOFFICIER DE L'ORDRE NATIONAL DU M\u00c9RITE \n \n \n \nVU le d\u00e9cret n\u00b0 70 -26 du 8 janvier 1970 relatif \u00e0 la m\u00e9daille de la jeunesse et des  sports modifi\u00e9 par le  \nd\u00e9cret n\u00b0 2000-543 du 16 juin 2000 ; \n \nVU le d\u00e9cret  n\u00b0 83 -1035 du 22 novembre 1983  portant modifications du d\u00e9cret n\u00b0 69 -942 du 14 octobre \n1969, relatif aux caract\u00e9ristiques et aux modalit\u00e9s d'attribution de la m\u00e9daille de la jeunesse et des sports  ; \n \nVU le d\u00e9cret n\u00b0  2004-374 du 29 avril 2004 modifi\u00e9 relatif aux pouvoirs des pr\u00e9fets, \u00e0 l'organisation et \u00e0 \nl'action des services de l'Etat dans les r\u00e9gions et les d\u00e9partements ; \n \nVU le d\u00e9cret n\u00b0 2013-1191 du 18 d\u00e9cembre 2013 modifiant le d\u00e9cret n\u00b0  69-942 du 14 octobre 1969 modifi\u00e9, \nrelatif aux caract\u00e9ristiques et aux modalit\u00e9s d'attribution de la m\u00e9daille de la jeunesse, des sports et de \nl'engagement associatif ; \n \nVU le d\u00e9cret n\u00b0 2020 -139 du 20 f\u00e9vrier 2020 modifiant certaines dispositions relatives \u00e0 la pr\u00e9fectu re de la \nr\u00e9gion d'Ile-de-France, pr\u00e9fecture de Paris ; \n \nVU le d\u00e9cret du 22 juillet 2020 portant nomination de M. Marc GUILLAUME , en qualit\u00e9 de pr\u00e9fet de la r\u00e9gion \nd'\u00cele-de-France, pr\u00e9fet de Paris ; \n \nVU l'arr\u00eat\u00e9 minist\u00e9riel du 5 octobre 1987 fixant les moda lit\u00e9s d'application des dispositions du d\u00e9cret n\u00b0 83 -\n1035 du 22 novembre 1983 ; \n \nVU l'arr\u00eat\u00e9 pr\u00e9fectoral IDF-2025-07-17-00002 du 17 juillet 2025  portant organisation de la pr\u00e9fecture de la \nr\u00e9gion d'Ile-de-France, pr\u00e9fecture de Paris ; \n \nVU l'instruction min ist\u00e9rielle n\u00b0 87 -197-JS du 10 novembre 1987 , sur le remaniement du contingent de \nm\u00e9dailles et la d\u00e9concentration de la m\u00e9daille de bronze de la jeunesse et des sports ; \n \nVU l'instruction minist\u00e9rielle n\u00b0 2014 -18 du 20 janvier 2014 relative \u00e0 la m\u00e9daille de  la jeunesse, des sports \net de l'engagement associatif ; \n \nSur proposition de la d\u00e9l\u00e9gu\u00e9e r\u00e9gionale  acad\u00e9mique \u00e0 la jeunesse, \u00e0 l'engagement et au sport (DRAJES), \net \u00e0 l'occasion de la promotion du 1er janvier 2026 : \n \n \n \n \n1 \n \nPr\u00e9fecture de la R\u00e9gion d'Ile de France, Pr\u00e9fecture de Paris  - IDF-2025-12-15-00004 - Arr\u00eat\u00e9 portant attribution de la m\u00e9daille de\nbronze de la jeunesse, des sports et de l'engagement associatif (contingent r\u00e9gional) - promotion du 1er janvier 2026 31\nPr\u00e9fecture de la r\u00e9gion d'\u00cele-de-France, pr\u00e9fecture de Paris \n5, rue Leblanc 75 911 Paris Cedex 15 | Standard : 01 82 52 40 00 \nSite internet : https://www.prefectures-regions.gouv.fr/ile-de-france \n \n \nARRETE : \n \n \nArticle 1  : L a m\u00e9daille de bronze  de la jeunesse, des sports et de l' engagement associatif (contingent \nr\u00e9gional) est attribu\u00e9e aux personnes dont les noms suivent : \n \nMadame  CHANEL  Isabelle \n \nMonsieur  DESMARTINS  C\u00e9dric \n \nMonsieur  DUPIN   Pierre-Raoul \n \nMonsieur  HAEUW  St\u00e9phane \n \nMonsieur  LAGRAVE  Michel \n \nMadame  LE DEM  Martine \n \nMonsieur  LOGGIA  Fr\u00e9d\u00e9ric \n \nMadame  RODRIGUES  Pirine \n \nMadame  VEYRAT  H\u00e9lo\u00efse \n \nMadame  ZAJAC   Wanda. \n \n \nArticle 2 : La pr\u00e9f\u00e8te, directr ice de cabinet du pr\u00e9fet de la  r\u00e9gion d'\u00ce le-de-France, pr\u00e9fe t d e Paris et l a \nd\u00e9l\u00e9gu\u00e9e r\u00e9gionale  acad\u00e9mique \u00e0 la jeunesse,  \u00e0 l'engagement et au sport (DRAJES) sont charg\u00e9 es, \nchacune en ce qui l a concerne, de l'ex\u00e9cution du pr\u00e9sent arr\u00eat\u00e9 qui sera publi\u00e9 au recueil des actes \nadministratifs de la pr\u00e9fecture de la r\u00e9gion d'Ile-de-France et accessible sur le site internet de la pr\u00e9fecture \nde la r\u00e9gion d'\u00cele-de-France, pr\u00e9fecture de Paris : http://www.prefectures-regions.gouv.fr/ile-de-france.  \n \n       \nFait \u00e0 Paris, le 15 d\u00e9cembre 2025 \n \n \nLe pr\u00e9fet de la r\u00e9gion d'\u00cele-de-France, \npr\u00e9fet de Paris, \n \n \nSIGN\u00c9 \n \n \nMarc GUILLAUME \n \n \nInformations importantes : \n \nLe pr\u00e9sent arr\u00eat\u00e9 est d\u00e9livr\u00e9 sans pr\u00e9judice du droit des tiers. \n \nRecours : \nLe titulaire du pr\u00e9sent arr\u00eat\u00e9 qui d \u00e9sire le contester peut saisir le tribunal administratif comp\u00e9tent d'un recours contentieux, dans les \ndeux mois \u00e0 partir de sa notification.  \nIl peut \u00e9galement saisir le pr\u00e9fet d'un recours gracieux.  \nCette derni\u00e8re d\u00e9marche prolonge le d\u00e9lai du recours co ntentieux qui doit alors \u00eatre introduit dans les deux mois suivant la r\u00e9ponse. \nL'absence de r\u00e9ponse vaut rejet implicite. \nPr\u00e9fecture de la R\u00e9gion d'Ile de France, Pr\u00e9fecture de Paris  - IDF-2025-12-15-00004 - Arr\u00eat\u00e9 portant attribution de la m\u00e9daille de\nbronze de la jeunesse, des sports et de l'engagement associatif (contingent r\u00e9gional) - promotion du 1er janvier 2026 32","date":"2025-12-18","first_seen_on":"2025-12-18T20:19:12+00:00","id":"5531813f09663743326c976e94ae3673312787f8e4983484fd0b22481c370c43","name":"recueil-idf-044-2025-12-RAA-nominatifs du 18.12.2025","pdf_creation_date":"2025-12-18T15:59:13+00:00","pdf_modification_date":null,"timezone":"Europe/Paris","url":"https://www.prefectures-regions.gouv.fr/ile-de-france/irecontenu/telechargement/133832/980969/file/recueil-idf-044-2025-12-RAA-nominatifs%20du%2018.12.2025.pdf"}
