{"administration":"pref09","administration_name":"Pr\u00e9fecture de l\u2019Ari\u00e8ge","content":"ARI\u00c8GE\nRECUEIL DES ACTES\nADMINISTRATIFS SP\u00c9CIAL\nN\u00b009-2024-038\nPUBLI\u00c9 LE 23 AVRIL 2024\nSommaire\n09 \u25a1 PREFECTURE DE L\u25a1ARIEGE \u25a1 DIRECTION DE LA COORDINATION\nINTERMINISTERIELLE ET DE L\u25a1APPUI TERRITORIAL / BUREAU DE LA\nCOORDINATION INTERMINISTERIELLE\n09-2024-04-23-00001 - Arr\u00eat\u00e9 pr\u00e9fectoral portant d\u00e9l\u00e9gation de signature \u00e0\nM. Jean-Philippe DARGENT\nDirecteur de cabinet du pr\u00e9fet de l'Ari\u00e8ge par\nint\u00e9rim (5 pages) Page 3\n2\nEx\nPR\u00c9FET  .\nDE L'ARI\u00c8GE\nLibert\u00e9\nEgalit\u00e9\nFraternit\u00e9\nPR\u00c9FECTURE\nDirection de la coordination interminist\u00e9rielle\net de l'appui territorial\nBureau de la coordination interminist\u00e9rielle\nCourriel : p  ref-coordination  @ariege.gouv.fr  \nArr\u00eat\u00e9 pr\u00e9fectoral portant d\u00e9l\u00e9gation de signature \u00e0 M. Jean-Philippe DARGENT\nDirecteur de cabinet du pr\u00e9fet de l'Ari\u00e8ge  par int\u00e9rim\nLe pr\u00e9fet de l'Ari\u00e8ge\nVula loi organique n\u00b0 2001-692 du 1er ao\u00fbt 2001 modifi\u00e9e relative aux lois de finances  ;\nVula loi n\u00b0 82-213 du 2 mars 1982 modifi\u00e9e relative aux droits et libert\u00e9s des communes, des\nd\u00e9partements et des r\u00e9gions ;\nVula  loi  n\u00b0  92-125  du  6  f\u00e9vrier  1992  modifi\u00e9e  relative  \u00e0  l'administration  territoriale  de  la  \nR\u00e9publique ;\nVule  d\u00e9cret  n\u00b0  97-34  du  15  janvier  1997  modifi\u00e9  relatif  \u00e0  la  d\u00e9concentration  des  d\u00e9cisions\nadministratives individuelles ;\nVule d\u00e9cret n\u00b0 2004-374 du 29 avril 2004 modifi\u00e9 relatif aux pouvoirs des pr\u00e9fets, \u00e0 l'organisation et\n\u00e0 l'action des services de l'\u00c9tat dans les r\u00e9gions et d\u00e9partements  ;\nVule d\u00e9cret n\u00b0 2015-510 du 7 mai 2015 portant charte de la d\u00e9concentration  ;\nVule d\u00e9cret du 22 avril 2021 portant nomination de Mme Ca therine LUPION en qualit\u00e9 de sous-\npr\u00e9f\u00e8te de l'arrondissement de Saint-Girons  ;\nVu le d\u00e9cret du 4 juillet 2022 portant nomination de M. Jean-Baptiste MORINAUD en qualit\u00e9 de \nsous-pr\u00e9fet de l'arrondissement de Pamiers  ;\nVule d\u00e9cret du 13 juillet 2023 portant nomination de M. Simon BERTOUX en qualit\u00e9 de pr\u00e9fet du\nd\u00e9partement de l'Ari\u00e8ge  ;\nVule d\u00e9cret du 31 octobre 2023 portant nomination de M. Jean-Philippe DARGENT en qualit\u00e9 de \nSecr\u00e9taire g\u00e9n\u00e9ral de la pr\u00e9fecture de l'Ari\u00e8ge, sous-pr\u00e9fet de Foix  ;\nVule d\u00e9cret du 3 avril 2024 portant nomination de M. Guillaume AFONSO en qualit\u00e9 de secr\u00e9taire \ng\u00e9n\u00e9ral adjoint de la pr\u00e9fecture du Nord, sous-pr\u00e9fet charg\u00e9 de mission (groupe IV) aupr\u00e8s du \npr\u00e9fet de la r\u00e9gion Hauts-de-France, pr\u00e9fet de la zone de d\u00e9fense et de s\u00e9curit\u00e9 Nord, pr\u00e9fet du \nNord ;\nVula d\u00e9cision du 29 ao\u00fbt 2017 nommant Mme Audrey VINAUGER, secr\u00e9taire administratif, adjointe\nau chef du bureau de la s\u00e9curit\u00e9 int\u00e9rieure \u00e0 compter du 1er septembre 2017 ;\nVu la d\u00e9cision du 3 janvier 2020 portant d\u00e9signation des responsables de budget op\u00e9rationnel de \nprogramme et des unit\u00e9s op\u00e9rationnelles pour le programme 354 \u00ab  Administration territoriale \nde l'\u00c9tat \u00bb ;\nVu la d\u00e9cision du 1er mars 2022 nommant Mme Constance RITZ,  attach\u00e9e d'administration en  \nqualit\u00e9  de  chef  du  bureau  de  la  repr\u00e9sentation  de  l'\u00c9tat  et  de  la  communication\ninterminist\u00e9rielle ;\nVu la d\u00e9cision du 1er mars 2022 affectant Mme Genevi\u00e8ve LAGARDE , attach\u00e9e d'administration en \nqualit\u00e9  d'adjointe  au  chef  du  bureau  de  la  repr\u00e9sentation  de  l'\u00c9tat  et  de  la\ncommunication  interminist\u00e9rielle  \u00e0 compter du 1er mars 2022 ;09 \u25a1 PREFECTURE DE L\u25a1ARIEGE \u25a1 DIRECTION DE LA COORDINATION INTERMINISTERIELLE ET DE L\u25a1APPUI TERRITORIAL -\n09-2024-04-23-00001 - Arr\u00eat\u00e9 pr\u00e9fectoral portant d\u00e9l\u00e9gation de signature \u00e0 M. Jean-Philippe DARGENT\nDirecteur de cabinet du pr\u00e9fet de l'Ari\u00e8ge par int\u00e9rim3\nVu la d\u00e9cision du 14 d\u00e9cembre 2022  nommant Mme Yumi USSON, attach\u00e9e d'administration , en \nqualit\u00e9 d'adjointe au directeur de cabinet, directrice des s\u00e9curit\u00e9s \u00e0 compter du 1er janvier 2023 ;\nVu la d\u00e9cision d'affectation d u 4 avril 2023 de  M. Maxime SANTA CATALINA, agent contractuel  \naffect\u00e9 au cabinet de la pr\u00e9fecture de l'Ari\u00e8ge en qualit\u00e9 de chef du bureau de la s\u00e9curit\u00e9  \nint\u00e9rieure ; \nVu la  d\u00e9cision  d'affectation  du  29  mars  2024 nommant  M.  Boris  GLINKOWSKI,  attach\u00e9\nd'administration  de l'\u00c9tat, en qualit\u00e9 de chef du service interminist\u00e9riel de d\u00e9fense et de  \nprotection civiles, \u00e0 compter du 1er avril 2024 ;\nSurproposition du secr\u00e9taire g\u00e9n\u00e9ral de la pr\u00e9fecture de l'Ari\u00e8ge,\nARR\u00caTE\nArticle 1  er  \nM.  Jean-Philippe  DARGENT,  secr\u00e9taire  g\u00e9n\u00e9ral  de  la  pr\u00e9fecture,  est  d\u00e9sign\u00e9  en  outre  directeur  de\ncabinet par int\u00e9rim, \u00e0 compter du lundi 22 avril 2024. \n\u00c0 ce titre, d\u00e9l\u00e9gation  de  signature  lui est donn\u00e9e, \u00e0 l'effet  de  signer  les  arr\u00eat\u00e9s,  d\u00e9cisions,  actes,\ncorrespondances, requ\u00eates juridictionnelles, attestations, circulaires, rapports et documents relevant\nde l'organisation, du fonctionnement, des missions ainsi que des attributions du cabinet et des services\nqui lui sont rattach\u00e9s.\nEn sa qualit\u00e9 de chef de projet s\u00e9curit\u00e9 routi\u00e8r e par int\u00e9rim, d\u00e9l\u00e9gation de signature est \u00e9galement\ndonn\u00e9e \u00e0 M. Jean-Philippe DARGENT, sous-pr\u00e9fet, directeur de cabinet du pr\u00e9fet de l'Ari\u00e8g e par int\u00e9rim,\n\u00e0 l'effet de signer les arr\u00eat\u00e9s, d\u00e9cisions, actes, correspondances, requ\u00eates juridictionnelles, attestations,\ncirculaires, rapports et documents relevant de l'organisation, du fonctionnement, des missions ainsi que\ndes attributions du bureau de la s\u00e9curit\u00e9 routi\u00e8re de la Direction d\u00e9partementale des territoires.\nArticle 2\nD\u00e9l\u00e9gation est \u00e9galement donn\u00e9e \u00e0  M. Jean-Philippe DARGENT, sous-pr\u00e9fet,  directeur de cabinet du\npr\u00e9fet  de  l'Ari\u00e8ge par  int\u00e9rim, \u00e0  l'effet  de  signer  toutes  pi\u00e8ces  comptables  (notamment  titres  de\npaiement, de virement, ordres de recettes, \u00e9tats et documents justificatifs de d\u00e9penses et de recettes)\naff\u00e9rentes au budget de l'\u00c9tat concernant les missions exerc\u00e9es par le cabinet  : \n- la gestion des cr\u00e9dits du FIPD (Fonds interminist\u00e9riel de pr\u00e9vention de la d\u00e9linquance) relevant du\nprogramme  216  \u00ab  Conduite  et  pilotage  des  politiques  de  l'int\u00e9rieur  \u00bb,  de  la  MILDECA  (Mission\ninterminist\u00e9rielle de lutte contre les drogues et les conduites addictives) et de la DILCRAH ( D\u00e9l\u00e9gation\ninterminist\u00e9rielle  \u00e0  la  lutte  contre  le  racisme,  l'antis\u00e9mitisme  et  la  haine  anti-LGBT )  relevant  du\nprogramme 129 \u00ab Coordination du travail gouvernemental \u00bb  ;\n- le programme 161 \u00ab  S\u00e9curit\u00e9 civile \u00bb ;\n- le programme 207 \u00ab S\u00e9curit\u00e9 et \u00e9ducation routi\u00e8res \u00bb relevant du Minist\u00e8re de l'Int\u00e9rieur, dans le cadre\nde la mise en \u0153uvre de la politique locale de s\u00e9curit\u00e9 routi\u00e8re.\nDans le cadre de l'ex\u00e9cution du budget de fonctionnement allou\u00e9 au centre de responsabilit\u00e9 \u00ab  cabinet\npr\u00e9fet \u00bb au titre du programme 354 \u00ab  administration territoriale de l'\u00c9tat  \u00bb, dans la limite des montants\ndes cr\u00e9dits programm\u00e9s annuellement, d\u00e9l\u00e9gation est donn\u00e9e \u00e0 l'effet de  :\n- signer les bons de commandes d'un montant unitaire maximum de 5  000 euros, pour l'achat de\nfournitures pour lesquels des fournisseurs proposent des proc\u00e9dures de commandes d\u00e9mat\u00e9rialis\u00e9es,\ndans le cadre d'un march\u00e9 contract\u00e9 au niveau national ou local  ;\n- engager, liquider des d\u00e9penses pour des achats effectu\u00e9s au moyen d'une carte d'achat, dans la limite\nde 1 000 euros par achat et sans que le montant total des achats effectu\u00e9s n'ex c\u00e8de 5 000 euros par an,\nconform\u00e9ment aux documents contractuels relatifs \u00e0 l'acquisition des cartes d'achats \u00e9tablis entre09 \u25a1 PREFECTURE DE L\u25a1ARIEGE \u25a1 DIRECTION DE LA COORDINATION INTERMINISTERIELLE ET DE L\u25a1APPUI TERRITORIAL -\n09-2024-04-23-00001 - Arr\u00eat\u00e9 pr\u00e9fectoral portant d\u00e9l\u00e9gation de signature \u00e0 M. Jean-Philippe DARGENT\nDirecteur de cabinet du pr\u00e9fet de l'Ari\u00e8ge par int\u00e9rim4\nl'\u00c9tat et un prestataire ainsi qu'aux documents internes portant sur les conditions d'utilisation de la\ncarte d'achats valid\u00e9s par le responsable du programme carte d'achats ou le pr\u00e9fet  ;\n- constater le service fait pour les d\u00e9penses ex\u00e9cut\u00e9es et d'une mani\u00e8re g\u00e9n\u00e9rale, certifier toute pi\u00e8ces\nn\u00e9cessaires au r\u00e8glement des d\u00e9penses par la plate-forme CHORUS, d'un montant unitaire maximum de\n5000 euros.\nArticle   3     \nD\u00e9l\u00e9gation est \u00e9galement donn\u00e9e \u00e0  M. Jean-Philippe DARGENT, sous-pr\u00e9fet,  directeur de cabinet du\npr\u00e9fet de l'Ari\u00e8ge par int\u00e9rim, \u00e0 l'effe t de signer : \n1\u00b0 - Les proc\u00e8s-verbaux d'installation et de prestation de serment des fonctionnaires de l'\u00c9tat dans le\nd\u00e9partement ;\n2\u00b0 - Les avis sur les nominations \u00e0 un emploi public ou \u00e0 des fonctions dans des organismes relevant de\nl'administration ;\n3\u00b0 - Les copies conformes de documents et extraits de tous documents ;\n4\u00b0 - Les arr\u00eat\u00e9s, d\u00e9cisions, cor respondances relatifs au service d\u00e9partemental d'incendie et de secours\nde l'Ari\u00e8ge ;\n5\u00b0 - Les m\u00e9moires en d\u00e9fense ou en observation devant les juridictions ;\n6\u00b0 - Les ordres de mission ponctuels pr\u00e9vus par l'article 2 du d\u00e9cret n\u00b0 2006-781 du 3 juillet 2006  ;\n7\u00b0 -  Toutes d\u00e9cisions, arr\u00eat\u00e9s  y  compris  les  saisines  des  juridictions  n\u00e9cessaires dans  le cadre  des\nproc\u00e9dures d'admission ou de prolongation de placement en soins psychiatriques  ;\n8\u00b0 - Les suspensions et retraits du permis de conduire selon les proc\u00e9dures d'urgence  ;\n9\u00b0  -  Les  arr\u00eat\u00e9s  portant  restriction  de  conduire  aux  seuls  v\u00e9hicules  \u00e9quip\u00e9s  d'un  \u00e9thylotest  anti-\nd\u00e9marrage  pour  certains  contrevenants  verbalis\u00e9s  pour  alcool\u00e9mie  au  volant,  en  alternative  aux\nsuspensions de permis de conduire  ;\n10 \u00b0 - Les d\u00e9cisions relatives \u00e0 l'\u00e9laboration et \u00e0 la mise en \u0153uvre du document g\u00e9n\u00e9ral d'orientation en \ns\u00e9curit\u00e9 routi\u00e8re (DGO) et des plans d\u00e9partementaux d'actions de s\u00e9curit\u00e9 routi\u00e8re ;\n11\u00b0 - Les d\u00e9cisions relatives aux intervenants d\u00e9partementaux de s\u00e9curit\u00e9 routi\u00e8re  ; \n12\u00b0 - R\u00e9quisitions des services de police et de gendarmerie  ;\n13\u00b0 - Accord ou refus du concours de la force publique pour l'ex\u00e9cution des d\u00e9cisions de justice. \nArticle   4  \nM. Jean-Philippe DARGENT, sous-pr\u00e9 fet, directeur de cabinet du pr\u00e9fet de l'Ari\u00e8ge par int\u00e9rim , re\u00e7oit\npour l'ensemble du d\u00e9partement, d\u00e9l\u00e9gation de signature \u00e0 l'effet de prendre toute d\u00e9cision n\u00e9cessit\u00e9e\npar une situation d'urgence, notamment les d\u00e9cisions suivantes  :\n- Mise en place de mesures d'\u00e9loignement d'un \u00e9tranger en situation irr\u00e9guli\u00e8re et notamment les\narr\u00eat\u00e9s portant placement en r\u00e9tention administrative  ; d\u00e9cisions ; toutes demandes de prolongation\nde r\u00e9tention et m\u00e9moires en d\u00e9fense adress\u00e9s au juge des libert\u00e9s et de la d\u00e9tention  ; toutes requ\u00eates\nen  appel  et  m\u00e9moires  en  d\u00e9fense  produits  devant  la  cour  d'appel  en  mati\u00e8re  de  r\u00e9tention\nadministrative ;\n-  Les arr\u00eat\u00e9s autorisant la mise en place de toutes mesures d'effarouchement de l'ours brun pour\npr\u00e9venir les dommages aux troupeaux.09 \u25a1 PREFECTURE DE L\u25a1ARIEGE \u25a1 DIRECTION DE LA COORDINATION INTERMINISTERIELLE ET DE L\u25a1APPUI TERRITORIAL -\n09-2024-04-23-00001 - Arr\u00eat\u00e9 pr\u00e9fectoral portant d\u00e9l\u00e9gation de signature \u00e0 M. Jean-Philippe DARGENT\nDirecteur de cabinet du pr\u00e9fet de l'Ari\u00e8ge par int\u00e9rim5\nArticle   5  \nEn cas d'absence ou d'emp\u00eachement de M. Jean-Philippe DARGENT, la d\u00e9l\u00e9gation de signature qui lui\nest consentie par le pr\u00e9sent arr\u00eat\u00e9 est exerc\u00e9e dans l'ordre par  :\n- Mme Catherine LUPION, sous-pr\u00e9f\u00e8te de l'arrondissement de Saint-Girons  ;\n- M. Jean-Baptiste MORINAUD, sous-pr\u00e9fet de l'arrondissement de Pamiers. \nArticle 6\n1\u00b0 \u2013  En cas d'absence ou d'emp\u00eachement de  M.  Jean-Philippe DARGENT , directeur de cabine t par\nint\u00e9rim, la d\u00e9l\u00e9gation de signature qui lui est consentie par le pr\u00e9sent arr\u00eat\u00e9 sera exerc\u00e9e par Mme Yumi\nUSSON, adjointe au directeur de cabinet, directrice des s\u00e9curit\u00e9s  : \n- Pour toutes d\u00e9cisions, actes, correspondances, attestations et documents relevant de l'organisation,\ndu fonctionnement, des missions ainsi que des attributions du cabinet et des services qui lui sont\nrattach\u00e9s, pr\u00e9vus \u00e0 l'article 1 du pr\u00e9sent arr\u00eat\u00e9  ; \n- Pour toutes pi\u00e8ces comptables (notamment titres de paiement, de virement, ordres de recettes, \u00e9tats\net documents justificatifs de d\u00e9penses et de recettes) pr\u00e9vues \u00e0 l'article 2 du pr\u00e9sent arr\u00eat\u00e9  ; \n- Pour toutes d\u00e9cisions, actes, correspondances, attestations et documents relevant des attributions\npr\u00e9vues aux 3\u00b0, 6\u00b0 et 11\u00b0 de l'article 3 du pr\u00e9sent arr\u00eat\u00e9. \nEt, pour les affaires relevant de leurs attributions respectives, \u00e0 l'exception des actes d'autorit\u00e9  : \n2\u00b0 \u2013 D\u00e9l\u00e9gation est donn\u00e9e \u00e0 M. Boris GLINKOWSKI, chef du service interminist\u00e9riel de d\u00e9fense et de\nprotection civiles, \u00e0 l'effet de signer les pi\u00e8ces administratives, correspondances courantes et tous\ndocuments  et  copies  n'emportant  pas  d\u00e9cision,  relevant  de  ses  fonctions  de  chef  du  service\ninterminist\u00e9riel de d\u00e9fense et de protection civiles.\n3\u00b0 \u2013 D\u00e9l\u00e9gation est donn\u00e9e \u00e0 M. Maxime SANTA CATALINA,  chef du bureau de la s\u00e9curit\u00e9 int\u00e9rieure,  \u00e0\nl'effet de signer les pi\u00e8ces administratives, correspondances courantes, les autorisations et d\u00e9clarations\nde d\u00e9tention d'armes et tous documents et copies n'emportant pas d\u00e9cision, relevant de ses fonctions\nde chef du bureau de la s\u00e9curit\u00e9 int\u00e9rieure.\nEn cas d'absence ou d'emp\u00eachement de M. Maxime SANTA CATALINA, la d\u00e9l\u00e9gation de signature qui\nlui est consentie au titre du pr\u00e9sent article est exerc\u00e9e par Mme Audrey VINAUGER, adjointe au chef du\nbureau de la s\u00e9curit\u00e9 int\u00e9rieure. \n4\u00b0 \u2013 D\u00e9l\u00e9gation est donn\u00e9e \u00e0 Mme Constance RITZ, cheffe du bureau de la repr\u00e9sentation de l'\u00c9tat et\nde la communication interminist\u00e9rielle, dans les mati\u00e8res suivantes  :\n- les pi\u00e8ces administratives, correspondances courantes et tous documents et copies n'emportant pas\nd\u00e9cision,  relevant  de  ses  fonctions  de  chef fe du  bureau  de  la  repr\u00e9sentation  de  l'\u00c9tat  et  de  la\ncommunication interminist\u00e9rielle,\n- dans le cadre de l'ex\u00e9cution du budget de fonctionnement (titre 3) allou\u00e9 au centre de responsabilit\u00e9 \u00ab\nr\u00e9sidence pr\u00e9fet \u00bb, au titre du programme 354 \u00ab administration territoriale de l'\u00c9tat  \u00bb, dans la limite des\nmontants des cr\u00e9dits programm\u00e9s annuellement, \u00e0 l'effet de  :\n - signer les bons de commandes  d'un montant unitaire maximum de 5\u00a0000\u00a0euros, pour l'achat de\nfournitures pour lesquels des fournisseurs proposent des proc\u00e9dures de commandes d\u00e9mat\u00e9rialis\u00e9es,\ndans le cadre d'un march\u00e9 contract\u00e9 au niveau national ou local,\n - engager, liquider des d\u00e9penses pour des achats effectu\u00e9s au moyen d'une carte d'achats, dans\nla limite de 1000 \u00a0euros par achat et sans que le montant total des achats effectu\u00e9s n'exc\u00e8d e 15\u00a0000\neuros par an, conform\u00e9ment aux documents contractuels relatifs \u00e0 l'acquisition des cartes d'achats09 \u25a1 PREFECTURE DE L\u25a1ARIEGE \u25a1 DIRECTION DE LA COORDINATION INTERMINISTERIELLE ET DE L\u25a1APPUI TERRITORIAL -\n09-2024-04-23-00001 - Arr\u00eat\u00e9 pr\u00e9fectoral portant d\u00e9l\u00e9gation de signature \u00e0 M. Jean-Philippe DARGENT\nDirecteur de cabinet du pr\u00e9fet de l'Ari\u00e8ge par int\u00e9rim6\n\u00e9tablis  entre  l'\u00c9tat  et  un  prestataire  ainsi  qu'aux  documents  internes  portant  sur  les  conditions\nd'utilisation  de  la  carte  d'achats  valid\u00e9es  par  le  responsable  du  programme carte  d'achats  ou  l a\npr\u00e9f\u00e8te,\n - constater le service fait pour les d\u00e9penses ex\u00e9cut\u00e9es et d'une mani\u00e8re g\u00e9n\u00e9rale, certifier toutes\npi\u00e8ces n\u00e9cessaires au r\u00e8glement des d\u00e9penses par la plate-forme CHORUS, d'un montant unitaire\nmaximum de 5 000 euros.\nEn cas d'absence ou d'emp\u00eachement de Mme Constance RITZ,  la d\u00e9l\u00e9gation de signature qui lui est\nconsentie au titre du pr\u00e9sent article est exerc\u00e9e  par Mme Genevi\u00e8ve LAGARDE, adjointe au chef du\nbureau de la repr\u00e9sentation de l'\u00c9tat et de la communication interminist\u00e9rielle.\nArticle   7  \nLe pr\u00e9sent arr\u00eat\u00e9 abroge l'arr\u00eat\u00e9 pr\u00e9fectoral du 5  avril 2024, portant d\u00e9l\u00e9gation de signature \u00e0 M.\nGuillaume AFONSO, directeur de cabinet du pr\u00e9fet de l'Ari\u00e8ge.\nArticle   8  \nLe pr\u00e9sent arr\u00eat\u00e9 peut faire l'objet d'un recours devant le tribunal administratif de Toulouse, dans un\nd\u00e9lai  de  deux  mois  \u00e0  compter  de  sa  publication,  par  courrier  ou  par  l'application  informatique\nT\u00e9l\u00e9recours, accessible par le lien  : http://www.telerecours.fr  .\nArticle   9  \nLe secr\u00e9taire g\u00e9n\u00e9ral de la pr\u00e9fecture de l'Ari\u00e8ge, le  directeur de cabinet du pr\u00e9fet de l'Ari\u00e8ge par\nint\u00e9rim, le sous-pr\u00e9fet de l'arrondissement de Pamiers, l a sous-pr\u00e9f\u00e8te de l'arrondissement de Saint-\nGirons sont charg\u00e9s, chacun en ce qui le concerne, de l'ex\u00e9cution du pr\u00e9 sent arr\u00eat\u00e9 qui sera publi\u00e9 au\nrecueil des actes administratifs de la pr\u00e9fecture de l'Ari\u00e8ge.\nFait \u00e0 Foix, \nSign\u00e9,\nSimon  BERTOUX  09 \u25a1 PREFECTURE DE L\u25a1ARIEGE \u25a1 DIRECTION DE LA COORDINATION INTERMINISTERIELLE ET DE L\u25a1APPUI TERRITORIAL -\n09-2024-04-23-00001 - Arr\u00eat\u00e9 pr\u00e9fectoral portant d\u00e9l\u00e9gation de signature \u00e0 M. Jean-Philippe DARGENT\nDirecteur de cabinet du pr\u00e9fet de l'Ari\u00e8ge par int\u00e9rim7","date":"2024-04-23","first_seen_on":"2024-05-12T01:18:13+00:00","id":"558fdfbb0d80180eea402152e6c613115991aced61f5f9e15620e9f678cabb49","name":"recueil-09-2024-038-recueil-des-actes-administratifs-special-1","pdf_creation_date":"2024-04-23T08:43:18+00:00","pdf_modification_date":null,"timezone":"Europe/Paris","url":"https://www.ariege.gouv.fr/contenu/telechargement/29677/201514/file/recueil-09-2024-038-recueil-des-actes-administratifs-special-1.pdf"}
