{"administration":"pref50","administration_name":"Pr\u00e9fecture de la Manche","content":"RECUEIL DES ACTES\nADMINISTRATIFS\nDE LA MANCHE\nDOCUMENTATION\nET\nINFORMATIONS\nJANVIER 2023\nNUMERO SPECIAL N\u00b0 01\nLe contenu int\u00e9gral des textes et/ou les documents et plans annex\u00e9s\npeut \u00eatre consult\u00e9 aupr\u00e8s du service sous le timbre duquel la publication\nest r\u00e9alis\u00e9e et sur le site Internet de la pr\u00e9fecture :\nhttp://www.manche.gouv.fr\nRubrique : Publications - Annonces et avis - Recueil des actes administratifs\n\nS O M M A I R E\nCABINET DU PREFET...............................................................................................................................................................................................2\nArr\u00eat\u00e9 n\u00b022-325 du 23 d\u00e9cembre 2022 portant nomination d'un Maire honoraire - SAINT-SAUVEUR-LENDELIN..............................................2\nAGENCE REGIONALE DE SANTE DE NORMANDIE..............................................................................................................................................2\nArr\u00eat\u00e9 n\u00b0 DOS/EFF/2022/107 du 5 d\u00e9cembre 2022 portant rejet de la demande de transfert de la pharmacie MEUNIER-GRUET situ\u00e9e \n134 rue pierre Brossolette, Oree de Senart 91210 DRAVEIL VERS LE CENTRE COMMERCIAL, route de Saint-L\u00f4, ZI de LA \nDETOURBE 50160 SAINT-AMAND- VILLAGES........................................................................................................................................................2\nDIRECTION DEPARTEMENTALE DE L'EMPLOI, DU TRAVAIL ET DES SOLIDARITES.....................................................................................3\nD\u00e9cision du 3 janvier 2023 d\u00e9signant l'instructeur des projets sociaux d\u00e9pos\u00e9s dans le cadre des appels \u00e0 projets et des campagnes \nd'ouverture de places 2023.........................................................................................................................................................................................3\nAppel \u00e0 candidature du 3 janvier 2023- Composition de la commission d'information et de s\u00e9lection d'appels \u00e0 projets sociaux....................... 3\nAvis d'appel \u00e0 projets du 3 janvier 2023 pour la cr\u00e9ation de 15 places de centre provisoire d'h\u00e9bergement (CPH) en 2023 dans le \nd\u00e9partement de la Manche..........................................................................................................................................................................................4\nDIRECTION DEPARTEMENTALE DES TERRITOIRES ET DE LA MER.................................................................................................................9\nArr\u00eat\u00e9 n\u00b0DDTM-DTS-2022-52 du 19 d\u00e9cembre 2022 approuvant la convention de transfert de gestion d'une d\u00e9pendance du domaine \npublic maritime au b\u00e9n\u00e9fice de la commune de Marcey-les-Gr\u00e8ves pour trois voies c\u00f4ti\u00e8res dites \u00ab chemin du Rivage \u00bb, \u00ab chemin des \nGr\u00e8ves \u00bb et \u00ab chemin de l'hippodrome \u00bb.....................................................................................................................................................................9\nArr\u00eat\u00e9 n\u00b0 DDTM CM-S-2023-001 du 4 janvier 2023 portant interdiction temporaire de la p\u00eache, du ramassage, du transport, de la \npurification, de l'exp\u00e9dition, du stockage, de la distribution, de la commercialisation et de la mise \u00e0 la consommation humaine des \ncoquillages issus de la zone de production n\u00b050-14.03 Blainville et prescrivant des mesures compl\u00e9mentaires de gestion li\u00e9es \u00e0 une \ncontamination de ces coquillages par des norovirus................................................................................................................................................12\nDIVERS......................................................................................................................................................................................................................15\nDISP - DIRECTION INTERR\u00c9GIONALE DES SERVICES P\u00c9NITENTIAIRES DE BRETAGNE-NORMANDIE-PAYS DE LOIRE.........................................................15\nArr\u00eat\u00e9 du 2 janvier 2023 portant d\u00e9l\u00e9gation de signature \u00e0 Madame Marilyn BENOOTen qualit\u00e9 de cheffe d'\u00e9tablissement de la maison\nd'arr\u00eat de CHERBOURG \u00e0 compter du 18 janvier 2023...........................................................................................................................................15\nDSDEN - DIRECTION DES SERVICES D\u00c9PARTEMENTAUX DE L'EDUCATION NATIONALE DE LA MANCHE..........................................................................15\nArr\u00eat\u00e9 du 3 janvier 2023 portant d\u00e9signation de la liste des organisations ou f\u00e9d\u00e9rations syndicales autoris\u00e9es \u00e0 d\u00e9signer des \nrepr\u00e9sentants pour le comit\u00e9 social d'administration sp\u00e9cial d\u00e9partemental et sa formation sp\u00e9cialis\u00e9e................................................................15\nCABINET DU PREFET\nArr\u00eat\u00e9 n\u00b022-325 du 23 d\u00e9cembre 2022 portant nomination d'un Maire honoraire - SAINT-SAUVEUR-LENDELIN\nArt. 1 :  Monsieur Patrick LECLERC, ancien Maire, est nomm\u00e9 Maire honoraire de la commune de SAINT-SAUVEUR-LENDELIN, commune\nd\u00e9l\u00e9gu\u00e9e de SAINT-SAUVEUR-VILLAGES.\nArt. 2  :Monsieur le Secr\u00e9taire G\u00e9n\u00e9ral et Monsieur le Directeur de Cabinet sont charg\u00e9s, chacun en ce qui le concerne, de l'ex\u00e9cution du\npr\u00e9sent arr\u00eat\u00e9, dont une copie sera notifi\u00e9e \u00e0 l'int\u00e9ress\u00e9 et mention sera faite au recueil des actes administratifs de la Pr\u00e9fecture de la Manche.\nSign\u00e9 : Le Pr\u00e9fet : Fr\u00e9d\u00e9ric PERISSAT\n\uf0bf\nAGENCE REGIONALE DE SANTE DE NORMANDIE\nArr\u00eat\u00e9 n\u00b0 DOS/EFF/2022/107 du 5 d\u00e9cembre 2022 portant rejet de la demande de transfert de la pharmacie MEUNIER-GRUET situ\u00e9e\n134 rue pierre Brossolette, Oree de Senart 91210 DRAVEIL VERS LE CENTRE COMMERCIAL, route de Saint-L\u00f4, ZI de LA DETOURBE\n50160 SAINT-AMAND- VILLAGES\nConsid\u00e9rant que la commune de DRAVEIL comptabilise une population municipale de 28  867 habitants d'apr\u00e8s le recensement publi\u00e9 au 1er\njanvier 2022 par l'INSEE ; que le quartier d'origine de l'officine transf\u00e9r\u00e9e est pourvu par la pharmacie Or\u00e9e S\u00e9nart situ\u00e9e \u00e0 7 minutes \u00e0 pied de\nla  pharmacie MEUNIER-GRUET  ; le transfert de la pharmacie MEUNIER-GRUET situ\u00e9e 134 rue Pierre Brossolette, Or\u00e9e de S\u00e9nart 91210\nDRAVEIL vers le centre commercial, route de Saint-L\u00f4, ZI de la D\u00e9tourbe 50160 SAINT AMAND VILLAGES n'entra\u00eene pas de compromission\nd'approvisionnement en m\u00e9dicaments des habitants de DRAVEIL ;\nConsid\u00e9rant  qu'il ressort du rapport  du pharmacien inspecteur  de sant\u00e9 publique de l'Agence r\u00e9gionale de sant\u00e9 de Normandie que la\nd\u00e9mographie de Saint-Amand Villages (2500 habitants au dernier recensement) et l'absence de licence en cours d'exploitation dans cette\ncommune permet la pr\u00e9sence d'une licence officinale ; que la population de Saint Amand Villages est aujourd'hui desservie par des pharmacies\nsitu\u00e9es sur d'autres communes, la plus proche \u00e9tant la pharmacie LAISNEY (licence n\u00b050#000245) sise \u00e0 Torigny les villes (50160)  ; que  le\nbesoin d'une optimisation de la desserte est donc constitu\u00e9 sur le crit\u00e8re populationnel ;\nConsid\u00e9rant que les locaux envisag\u00e9s pour le transfert  de la pharmacie sur la commune de Saint  Amand Villages  sont  conformes aux\ndispositions du code de la sant\u00e9 publique  ; que l'implantation choisie respecte les crit\u00e8res de visibilit\u00e9 de l'article L.5125-3-2 du Code de la\nsant\u00e9  publique  gr\u00e2ce  \u00e0  l'installation  d'une  signal\u00e9tique  ext\u00e9rieure  appropri\u00e9e ;  que  l'emplacement  choisi  pour  le  transfert  permet  un\nstationnement ais\u00e9 ;\nConsid\u00e9rant cependant que le rapport du pharmacien inspecteur rel\u00e8ve que l'implantation choisie pr\u00e9sente l'inconv\u00e9nient de ne pas \u00eatre\naccessible par voie pi\u00e9tonni\u00e8re, quel que soit le lieu d'habitation des patients et quelle que soit la voie routi\u00e8re utilis\u00e9e, les 2 routes desservant\nl'emplacement choisi (D974 et D53) n'\u00e9tant pas am\u00e9nag\u00e9es et s\u00e9curis\u00e9es pour cela ;\nConsid\u00e9rant que l'acc\u00e8s aux locaux envisag\u00e9s pour le transfert de la pharmacie sur la commune de Saint Amand Villages -  centre commercial,\nroute de Saint-L\u00f4, ZI de la D\u00e9tourbe 50160 SAINT AMAND VILLAGES -  depuis le centre bourg ne peut se faire qu'au moyen d'un v\u00e9hicule\nmotoris\u00e9 ; que l'implantation choisie n'est donc  pas accessible par voie pi\u00e9tonne  ; que les locaux  envisag\u00e9s  pour  l'implantation ne sont\ndesservis par aucun transport en commun ;\nConsid\u00e9rant  qu'aux  termes  de  l'article L5125-3 du code  de la sant\u00e9  publique,  le transfert  d'une  officine  de  pharmacie  est  subordonn\u00e9\nnotamment \u00e0 la satisfaction optimale des besoins en m\u00e9dicaments de la population r\u00e9sidant dans le quartier d'accueil  ; que cette condition\ns'appr\u00e9cie notamment au regard des seules populations r\u00e9sidentes sans consid\u00e9ration d'une \u00e9ventuelle population de passage ;\nConsid\u00e9rant qu'aux termes de l'article L.5125-3-2 du code de la sant\u00e9 publique, le caract\u00e8re optimal de la desserte en m\u00e9dicaments au regard\ndes besoins pr\u00e9vus \u00e0 l'article L. 5125-3 s'appr\u00e9cie notamment au regard de l'accessibilit\u00e9 \u00e0 la nouvelle officine, que cet acc\u00e8s doit notamment\n\u00eatre ais\u00e9 ou facilit\u00e9 par des am\u00e9nagements pi\u00e9tonniers et le cas \u00e9ch\u00e9ant, des dessertes par les transports en commun ;\nConsid\u00e9rant qu'en application des articles L.5125-18 et R.5125-4 du code de la sant\u00e9 publique, le secteur au sein duquel l'implantation d'une\nofficine am\u00e9liorerait la desserte de la population de Saint-Amand Villages est constitu\u00e9 du centre bourg de Saint-Amand Villages  ; que ce\nsecteur concentre l'essentiel des habitations pr\u00e9sentes et futures, au vu des permis de construire accord\u00e9s ; que ce centre est d\u00e9termin\u00e9 par :\n- la D53 au Nord, la D13 au Sud et \u00e0 l'Est, \n- la D59 \u00e0 l'Ouest et la limite communale entre Saint Amand villages et Torigny les Villes au Sud-Ouest ; \n- les habitations comprises dans la bande des 200 m\u00e8tres en dehors de ce p\u00e9rim\u00e8tre et situ\u00e9es sur la commune de Saint-Amand Villages sont\nconsid\u00e9r\u00e9e comme faisant partie de ce centre bourg ;\nConsid\u00e9rant que la demande de transfert sollicit\u00e9e par Madame Martine MEUNIER (RPPS n\u00b010004045430) ne permet pas une desserte\noptimale de la population telle que d\u00e9finie \u00e0 l'article L.5125-3-2 du code de la sant\u00e9 publique; que les locaux envisag\u00e9s pour le transfert ne sont\npas int\u00e9gr\u00e9s au sein du centre bourg tel que d\u00e9fini supra ou accessible selon la d\u00e9finition du m\u00eame article ;\nArt. 1 : La demande pr\u00e9sent\u00e9e par Madame Martine MEUNIER-GRUET (RPPS n\u00b010004045430) en vue d'obtenir l'autorisation de transf\u00e9rer\nl'officine de pharmacie MEUNIER-GRUET situ\u00e9e 134 rue Pierre Brossolette, Or\u00e9e de S\u00e9nart 91210 DRAVEIL vers un nouveau local situ\u00e9 dans\nle centre commercial, route de Saint-L\u00f4, ZI de la D\u00e9tourbe 50160 SAINT AMAND VILLAGES est rejet\u00e9e.\nArt. 2  : Madame Martine MEUNIER-GRUET (RPPS n\u00b010004045430) dispose d'un d\u00e9lai de neuf mois non renouvelable \u00e0 compter de la\nnotification du pr\u00e9sent arr\u00eat\u00e9 pour proposer un nouveau local r\u00e9pondant aux conditions fix\u00e9es par la d\u00e9cision et pour produire les pi\u00e8ces\njustificatives aff\u00e9rentes.\nArt. 3  : Dans les deux mois suivant sa notification, le pr\u00e9sent arr\u00eat\u00e9 est susceptible d'un recours gracieux aupr\u00e8s du Directeur g\u00e9n\u00e9ral de\nl'Agence r\u00e9gionale de sant\u00e9 de Normandie.\nLe pr\u00e9sent arr\u00eat\u00e9 peut \u00e9galement \u00eatre l'objet d'un recours hi\u00e9rarchique. Ce recours hi\u00e9rarchique peut \u00eatre form\u00e9 aupr\u00e8s de Monsieur le Ministre\nde la Sant\u00e9 et de la Pr\u00e9vention, \u00e0 la Direction g\u00e9n\u00e9rale de l'organisation des soins, bureau R3, 14 avenue Duquesne, 75350 PARIS 07 SP, par\ntout int\u00e9ress\u00e9 dans un d\u00e9lai de deux mois \u00e0 compter de la notification (en ce qui concerne le demandeur) ou de la publication (en ce qui\nconcerne les tiers) du pr\u00e9sent arr\u00eat\u00e9.\nCe recours hi\u00e9rarchique ne constitue pas un pr\u00e9alable obligatoire au recours contentieux. \nArt. 4 : Un recours contentieux peut \u00eatre form\u00e9 devant le Tribunal administratif de Caen sis au 3 rue Arthur Leduc \u2013 BP 25086- 14050 CAEN\nCedex 4, par tout int\u00e9ress\u00e9 dans un d\u00e9lai de deux mois \u00e0 compter de la notification ou de la publication du pr\u00e9sent arr\u00eat\u00e9. La saisine du tribunal\nadministratif de CAEN peut se faire via T\u00e9l\u00e9recours citoyen (www.telerecours.fr).\nArt. 5 : Le pr\u00e9sent arr\u00eat\u00e9 sera notifi\u00e9, sous pli recommand\u00e9 avec accus\u00e9 de r\u00e9ception, \u00e0 Mme MEUNIER-GRUET \u2013 134 rue Pierre Brossolette,\nOr\u00e9e de S\u00e9nart 91210 DRAVEIL- et publi\u00e9 au recueil des actes administratifs de la Pr\u00e9fecture de la r\u00e9gion Ile de France et de la r\u00e9gion\nNormandie.\nSign\u00e9 : Pour la Directrice g\u00e9n\u00e9rale de l'ARS Ile de France et par d\u00e9l\u00e9gation, la Directrice du P\u00f4le Efficience  : B\u00e9n\u00e9dicte DRAGNE-EBRARDT \u2013\nPour le Directeur g\u00e9n\u00e9ral de l'ARS Normandie, le Directeur des soins : Kevin LULLIER\n\uf0bf\nDIRECTION DEPARTEMENTALE DE L'EMPLOI, DU TRAVAIL ET DES SOLIDARITES\nD\u00e9cision du 3 janvier 2023 d\u00e9signant l'instructeur des projets sociaux d\u00e9pos\u00e9s dans le cadre des appels \u00e0 projets et des campagnes\nd'ouverture de places 2023\nArt. 1 :Mme H\u00e9l\u00e8ne SEMINIAKO est d\u00e9sign\u00e9e pour instruire les projets sociaux d\u00e9pos\u00e9s dans le cadre des appels \u00e0 projets et des campagnes\nd'ouverture de places 2023.\nSign\u00e9 : Le Pr\u00e9fet : Fr\u00e9d\u00e9ric PERISSAT\n\uf0bf\nAppel \u00e0 candidature du 3 janvier 2023- Composition de la commission d'information et de s\u00e9lection d'appels \u00e0 projets sociaux\nAUTORITE COMPETENTE : Monsieur le Pr\u00e9fet de la Manche - Pr\u00e9fecture de la Manche - 50000 SAINT L\u00d4\nOBJET DE L'APPEL A CANDIDATURES\nCandidatures en vue de la d\u00e9signation de  4 repr\u00e9sentants d'usagers, membres titulaires de la commission d'information et de s\u00e9lection avec\nvoix d\u00e9lib\u00e9rative (ainsi que 4 suppl\u00e9ants), dont :\n- 2 repr\u00e9sentants d'associations participant \u00e0 l'\u00e9laboration du plan d\u00e9partemental d'action pour le logement et l'h\u00e9bergement des personnes\nd\u00e9favoris\u00e9es, ainsi que 2 suppl\u00e9ants\n- 2 repr\u00e9sentants d'associations \u0153uvrant dans le secteur de la protection judiciaire des majeurs ou de l'aide judiciaire \u00e0 la gestion du budget\nfamilial, ainsi que 2 suppl\u00e9ants\nCONTEXTE\nL'article L. 313-3 du Code de l'Action Sociale et des Familles (CASF) pr\u00e9voit que l'autorisation pour les \u00e9tablissements sociaux et m\u00e9dico-\nsociaux  est  d\u00e9livr\u00e9e par les autorit\u00e9s  comp\u00e9tentes  \u00e0 l'issue d'une  proc\u00e9dure d'appel  \u00e0 projets.  Dans  le cadre de cette  proc\u00e9dure,  une\ncommission de s\u00e9lection examine les projets propos\u00e9s et rend un avis sous forme de classement.\nLa commission d'information et de s\u00e9lection est compos\u00e9e de : \n- membres ayant voix d\u00e9lib\u00e9rative :\n- 3 repr\u00e9sentants des services de l'Etat,\n- 2 repr\u00e9sentants d'associations ou de personnalit\u00e9s \u0153uvrant dans le secteur de la protection judiciaire de l'enfance,\n- 4 repr\u00e9sentants d'usagers d\u00e9sign\u00e9s \u00e0 l'issue d'un appel \u00e0 candidatures, dont :\n- 2 repr\u00e9sentants d'associations participant \u00e0 l'\u00e9laboration du plan d\u00e9partemental d'action pour le logement et l'h\u00e9bergement des personnes\nd\u00e9favoris\u00e9es, ainsi que 2 suppl\u00e9ants,\n- 2 repr\u00e9sentants d'associations \u0153uvrant dans le secteur de la protection judiciaire des majeurs ou de l'aide judiciaire \u00e0 la gestion du budget\nfamilial, ainsi que 2 suppl\u00e9ants.\n- membres ayant voix consultative (d\u00e9sign\u00e9s par le pr\u00e9sident de la commission) :\n- 2 repr\u00e9sentants des unions, f\u00e9d\u00e9rations ou groupements repr\u00e9sentatifs des personnes morales gestionnaires des \u00e9tablissements et services\nsociaux et m\u00e9dico-sociaux,\n- 2 personnalit\u00e9s qualifi\u00e9es,\n- au plus 2 repr\u00e9sentants d'usagers sp\u00e9cialement concern\u00e9s par l'appel \u00e0 projet,\n- au plus 4 personnels techniques qualifi\u00e9s.\nLa d\u00e9signation de 4 repr\u00e9sentants d'usagers \u00e0 l'issue d'un appel \u00e0 candidature (article R313-1 du CASF) a pour but de favoriser l'\u00e9gal acc\u00e8s de\ntous \u00e0 la fonction de repr\u00e9sentant au sein de la commission de s\u00e9lection d'appel \u00e0 projet.\nEn vertu d'un mandat de 3 ans, ces repr\u00e9sentants associatifs si\u00e8gent au sein de la commission de s\u00e9lection, dans le but d'y repr\u00e9senter\nl'ensemble des usagers du secteur qu'ils repr\u00e9sentent.\nCOMPETENCES DE LA COMMISSION D'INFORMATION ET DE SELECTION\nLa commission d'information et de s\u00e9lection rend un avis, sous forme de classement, sur les projets propos\u00e9s. Cet avis ne lie pas l'autorit\u00e9\ncomp\u00e9tente qui peut autoriser un service ou un \u00e9tablissement, sans suivre l'avis rendu par la commission de s\u00e9lection.\nPar ailleurs, la participation \u00e0 la commission de s\u00e9lection des candidats retenus s'effectue \u00e0 titre gratuit, et les membres devront signer une\nd\u00e9claration d'absence de conflit d'int\u00e9r\u00eats.\nCRITERES DE SELECTION DES CANDIDATS\n- le nombre d'adh\u00e9rents de l'association\n- le volume d'activit\u00e9s ou d'actions dans le domaine observ\u00e9\n- le rayonnement de l'association, territoire de pr\u00e9sence et d'activit\u00e9\n- l'appartenance de l'association \u00e0 un collectif ou \u00e0 une f\u00e9d\u00e9ration r\u00e9gionale\n- la diversit\u00e9 et la sp\u00e9cificit\u00e9 des champs couverts par l'association\n- le nombre et le type d'\u00e9tablissements ou services sociaux ou m\u00e9dico-sociaux \u00e9ventuellement   g\u00e9r\u00e9s par l'association\nLes crit\u00e8res ci-dessus \u00e9num\u00e9r\u00e9s ne sont pas class\u00e9s par ordre de priorit\u00e9.\nCANDIDATURES\nLa candidature est obligatoirement constitu\u00e9e des pi\u00e8ces suivantes : \n- dossier de candidature rempli et sign\u00e9 \n- statuts de l'association \nRetour des dossiers de candidatures :\nLes candidatures sont \u00e0 adresser \u00e0 la DDETS de la Manche selon trois modalit\u00e9s possibles (au choix du candidat) : \n- par mail \u00e0 l'adresse ddets@manche.gouv.fr\n- par lettre recommand\u00e9e avec accus\u00e9 de r\u00e9ception, sous double pli cachet\u00e9\n- par d\u00e9p\u00f4t direct contre r\u00e9c\u00e9piss\u00e9\nuniquement \u00e0 l'adresse suivante : Direction d\u00e9partementale de l'emploi, du travail et des solidarit\u00e9s de la Manche - 1 bis rue de la Lib\u00e9ration -\nBP 20524 - 50004 SAINT LO C\u00e9dex\nDoivent imp\u00e9rativement figurer sur l'enveloppe int\u00e9rieure les 2 mentions suivantes : \n- \u00ab Ne pas ouvrir \u00bb \n- \u00ab candidature \u2013 commission de s\u00e9lection\u00bb \nLes dossiers incomplets ou parvenus hors d\u00e9lais ne seront pas instruits.\nDate limite de r\u00e9ception des candidatures :Les candidatures doivent parvenir au plus tard le 1er f\u00e9vrier \u00e0 16h00.\nDEROULEMENT DE LA PROCEDURE\n- R\u00e9ception des dossiers de candidature\n- Examen des candidatures et choix des candidats selon les crit\u00e8res de s\u00e9lection\n- Notification de la d\u00e9cision aux candidats retenus, ainsi qu'\u00e0 l'ensemble des associations et personnalit\u00e9s ayant fait acte de candidature\n- Arr\u00eat\u00e9 portant composition de la commission de s\u00e9lection sign\u00e9 par le Pr\u00e9fet de la Manche\nSign\u00e9 : Le Pr\u00e9fet : Fr\u00e9d\u00e9ric PERISSAT\n\uf0bf\nAvis d'appel \u00e0 projets du 3 janvier 2023 pour la cr\u00e9ation de 15 places de centre provisoire d'h\u00e9bergement (CPH) en 2023 dans le\nd\u00e9partement de la Manche\nL'insertion des b\u00e9n\u00e9ficiaires d'une protection internationale les plus vuln\u00e9rables et les plus \u00e9loign\u00e9s de l'autonomie constitue un enjeu majeur\npour le Gouvernement. Il a d\u00e9cid\u00e9, dans ce cadre, de cr\u00e9er 1 000 nouvelles places en centres provisoires d'h\u00e9bergement (CPH) au niveau\nnational.\nLa Pr\u00e9fecture de la Manche, comp\u00e9tente en vertu de l'article L. 313-3 c du CASF pour d\u00e9livrer l'autorisation, ouvre un appel \u00e0 projets pour la\ncr\u00e9ation de 15 places de CPH dans le d\u00e9partement de la Manche qui seront pr\u00e9sent\u00e9s au minist\u00e8re de l'int\u00e9rieur en vue de la s\u00e9lection finale,\navec une ouverture pr\u00e9vue pour le premier trimestre 2023. \nDate limite de d\u00e9p\u00f4t des projets : 5 mars 2023\n1 \u2013 Qualit\u00e9 et adresse de l'autorit\u00e9 comp\u00e9tente pour d\u00e9livrer l'autorisation :\nMonsieur le Pr\u00e9fet du d\u00e9partement de la Manche, place de la Pr\u00e9fecture 50002 Saint-L\u00f4, conform\u00e9ment aux dispositions de l'article L. 313-3 c)\ndu code de l'action sociale et des familles (CASF).\n2 \u2013 Cadre juridique de l'appel \u00e0 projets\nLes CPH rel\u00e8vent de la 8\u00b0 cat\u00e9gorie d'\u00e9tablissements et services m\u00e9dico-sociaux \u00e9num\u00e9r\u00e9s \u00e0 l'article L. 312-1 I du CASF. La pr\u00e9sente\nproc\u00e9dure d'appel \u00e0 projets est donc soumise aux dispositions sp\u00e9cifiques du Code de l'action sociale et des familles :\n- La loi n\u00b0 2009-879 du 21 juillet 2009 portant r\u00e9forme de l'h\u00f4pital et relative aux patients, \u00e0 la sant\u00e9 et aux territoires (HPST) a r\u00e9nov\u00e9 la\nproc\u00e9dure d'autorisation de cr\u00e9ation, extension et transformation des \u00e9tablissements et services sociaux et m\u00e9dico-sociaux en introduisant une\nproc\u00e9dure d'appel \u00e0 projet ;\n- Le d\u00e9cret n\u00b0 2010-870 du 26 juillet 2010 relatif \u00e0 la proc\u00e9dure d'appel \u00e0 projets et d'autorisation mentionn\u00e9e \u00e0 l'article L. 313-1-1 du code de\nl'action sociale et des familles (CASF), modifi\u00e9 par le d\u00e9cret n\u00b02014-565 du 30 mai 2014 compl\u00e9t\u00e9 par la circulaire du 20 octobre 2014, qui\npr\u00e9cise les dispositions r\u00e9glementaires applicables \u00e0 cette nouvelle proc\u00e9dure d'autorisation des \u00e9tablissements et services m\u00e9dico-sociaux.\nIl est rappel\u00e9 que seules les cr\u00e9ations de places correspondant \u00e0 des extensions significatives (plus de 30 % de la capacit\u00e9 des centres\nconcern\u00e9s) doivent r\u00e9pondre \u00e0 la pr\u00e9sente proc\u00e9dure d'appel \u00e0 projets.\nLes projets de faible ampleur sont exempt\u00e9s en application de l'article D. 313-2 modifi\u00e9 du code de l'action sociale et des familles. Ils ne sont\npas non plus soumis \u00e0 l'avis de la commission de s\u00e9lection, en vertu de l'article D. 313-2 du code de l'action sociale et des familles. Ils font\nuniquement l'objet d'une instruction de s\u00e9lection par les services de l'Etat (\u00e9chelon d\u00e9partemental, r\u00e9gional et national).\nIls devront toutefois respecter les m\u00eames d\u00e9lais et satisfaire les exigences du cahier des charges.\nLa capacit\u00e9 \u00e0 retenir pour le calcul de l'augmentation de capacit\u00e9 est la plus r\u00e9cente des deux capacit\u00e9s suivantes :\n- la derni\u00e8re capacit\u00e9 autoris\u00e9e par appel \u00e0 projets de l'\u00e9tablissement ou du service ;\n- la derni\u00e8re capacit\u00e9 autoris\u00e9e lors du renouvellement de l'autorisation.\n\u00c0 d\u00e9faut de l'une de ces deux capacit\u00e9s, la capacit\u00e9 \u00e0 retenir est celle autoris\u00e9e au 30 mai 2014, date de la publication du d\u00e9cret n\u00b0 2014-565\nmodifiant la proc\u00e9dure d'appel \u00e0 projets et d'autorisation mentionn\u00e9e \u00e0 l'article L. 313-1-1 du code de l'action sociale et des familles. \n3 \u2013 Cahier des charges :\nLe cahier des charges de l'appel \u00e0 projets fait l'objet de l'annexe 1 du pr\u00e9sent avis.\nIl pourra \u00e9galement \u00eatre adress\u00e9 par courrier ou par messagerie, sur simple demande \u00e9crite formul\u00e9e aupr\u00e8s de la direction d\u00e9partementale de\nl'emploi, du travail et des solidarit\u00e9s - 1 bis rue de la Lib\u00e9ration \u2013BP 20524 - 50004 SAINT LO CEDEX.\n4 \u2013 Modalit\u00e9s d'instruction des projets et crit\u00e8res de s\u00e9lection :\nLes projets seront analys\u00e9s par un instructeur d\u00e9sign\u00e9 par le pr\u00e9fet de d\u00e9partement. \nLa v\u00e9rification des dossiers re\u00e7us dans la p\u00e9riode de d\u00e9p\u00f4t se fait selon deux \u00e9tapes :\n- v\u00e9rification de la r\u00e9gularit\u00e9 administrative et de la compl\u00e9tude du dossier, avec demande d'informations suppl\u00e9mentaires le cas \u00e9ch\u00e9ant dans\nun d\u00e9lai de 8 jours ;\n- analyse sur le fond du projet. \nL'instructeur \u00e9tablira un compte rendu d'instruction motiv\u00e9 sur chacun des projets qu'il pr\u00e9sentera \u00e0 la commission de s\u00e9lection d'appel \u00e0\nprojets. \nLa commission de s\u00e9lection d'appel \u00e0 projets est constitu\u00e9e par le pr\u00e9fet de d\u00e9partement, conform\u00e9ment aux dispositions de l'article R. 313-1\ndu CASF, et sa composition est publi\u00e9e au recueil des actes administratifs (RAA) de la Pr\u00e9fecture de d\u00e9partement.\nElle \u00e9tablit une liste de classement des projets, qui vaut avis de la commission, et qui est publi\u00e9e au RAA de la pr\u00e9fecture de d\u00e9partement. \nSur le fondement de l'ensemble des listes d\u00e9partementales r\u00e9ceptionn\u00e9es, ainsi que des projets non soumis \u00e0 l'avis de la commission de\ns\u00e9lection, le minist\u00e8re de l'int\u00e9rieur op\u00e9rera une s\u00e9lection nationale des 1 000 nouvelles places de CPH.\nPour chaque projet retenu, la d\u00e9cision d'autorisation du pr\u00e9fet de d\u00e9partement sera publi\u00e9e au recueil des actes administratifs ; elle sera notifi\u00e9e\nau candidat retenu par lettre recommand\u00e9e avec accus\u00e9 de r\u00e9ception et sera notifi\u00e9e individuellement aux autres candidats.\n5 \u2013 Modalit\u00e9s de transmission du dossier du candidat :\nChaque candidat devra adresser, en une seule fois, un dossier de candidature par courrier recommand\u00e9 avec demande d'avis de r\u00e9ception au\nplus tard pour le 5 mars 2023, le cachet de la poste faisant foi.\nLe dossier sera constitu\u00e9 de :\n- 2 exemplaires en version \"papier\" ;\n- 2 exemplaires en version d\u00e9mat\u00e9rialis\u00e9e (dossier enregistr\u00e9 sur clef USB).\nLe dossier de candidature (version papier et version d\u00e9mat\u00e9rialis\u00e9e) devra \u00eatre adress\u00e9 \u00e0 la Direction D\u00e9partementale de l'Emploi, du Travail et\ndes Solidarit\u00e9s 1 bis rue de la Lib\u00e9ration \u2013BP 20524 - 50004 SAINT LO CEDEX\nIl pourra \u00eatre d\u00e9pos\u00e9 contre r\u00e9c\u00e9piss\u00e9 \u00e0 la m\u00eame adresse et dans les m\u00eames d\u00e9lais \u00e0 la Direction D\u00e9partementale de l'Emploi, du Travail et\ndes Solidarit\u00e9s 1 bis rue de la Lib\u00e9ration \u2013BP 20524 - 50004 SAINT LO CEDEX - Horaires d'ouverture  : de 9 h 00 \u00e0 12h 00 et de 14 h 00 \u00e0 16 h\n00 -prise de rendez vous pr\u00e9alable au 02 50 71 50 00).\nQu'il soit envoy\u00e9 ou d\u00e9pos\u00e9, le dossier de candidature sera ins\u00e9r\u00e9 dans une enveloppe cachet\u00e9e portant la mention \"NE PAS OUVRIR \" et\n\"Appel \u00e0 projets 2023 \u2013 n\u00b0 2023-cat\u00e9gorie CPH\" qui comprendra deux sous-enveloppes :\n- une sous-enveloppe portant la mention \"Appel \u00e0 projets 2023- n\u00b0 2023 - 1 \u2013 (CPH) \u2013 candidature\" ;\n- une sous-enveloppe portant la mention \"Appel \u00e0 projets 2022- n\u00b0 2023 - 1 \u2013 (CPH) \u2013  projet\".\nD\u00e8s la publication du pr\u00e9sent avis, les candidats sont invit\u00e9s \u00e0 faire part de leur d\u00e9claration de candidature, en pr\u00e9cisant leurs coordonn\u00e9es.\n6 \u2013 Composition du dossier :\n6-1 \u2013 Concernant la candidature, les pi\u00e8ces suivantes devront figurer au dossier, conform\u00e9ment \u00e0 l'article R. 313-4-3 du CASF :\na)  les documents permettant une identification du candidat, notamment un exemplaire des statuts s'il s'agit d'une personne morale de droit\npriv\u00e9 ;\nb) une d\u00e9claration sur l'honneur du candidat, certifiant qu'il n'est pas l'objet de l'une des condamnations devenues d\u00e9finitives mentionn\u00e9es au\nlivre III du CASF ;\nc) une d\u00e9claration sur l'honneur certifiant qu'il n'est l'objet d'aucune des proc\u00e9dures mentionn\u00e9es aux articles L. 313-16, L. 331-5, L. 471-3, L.\n472-10, L. 474-2 ou L. 474-5 du CASF ;\nd) une copie de la derni\u00e8re certification du commissaire aux comptes s'il y est tenu en vertu du code du commerce ;\ne) les \u00e9l\u00e9ments descriptifs de son activit\u00e9 dans le domaine m\u00e9dico-social et de la situation financi\u00e8re de cette activit\u00e9 ou de son but m\u00e9dico-\nsocial, tel que r\u00e9sultant de ses statuts lorsqu'il ne dispose par encore d'une telle activit\u00e9.\n6-2 \u2013 Concernant le projet, les documents suivants seront joints :\na) tout document permettant de d\u00e9crire de mani\u00e8re compl\u00e8te le projet en r\u00e9ponse aux besoins d\u00e9crits par le cahier des charges ; \nb) un \u00e9tat descriptif des principales caract\u00e9ristiques auxquelles le projet doit satisfaire :\n- un dossier relatif aux d\u00e9marches et proc\u00e9dures propres \u00e0 garantir la qualit\u00e9 de la prise en charge comprenant :\n- un avant-projet du projet d'\u00e9tablissement ou de service mentionn\u00e9 \u00e0 l'article L. 311-8 du CASF,\n- l'\u00e9nonc\u00e9 des dispositions propres \u00e0 garantir les droits des usagers en application des articles L. 311-3 et L. 311-8 du CASF,\n- la m\u00e9thode d'\u00e9valuation pr\u00e9vue pour l'application du premier alin\u00e9a de l'article L. 312-8 du CASF, ou le r\u00e9sultat des \u00e9valuations faites en\napplication du m\u00eame article dans le cas d'une extension ou d'une transformation,\n- le cas \u00e9ch\u00e9ant, les modalit\u00e9s de coop\u00e9ration envisag\u00e9es en application de l'article L. 312-7 du CASF,\n un dossier relatif aux personnels comprenant une r\u00e9partition pr\u00e9visionnelle des effectifs par type de qualification ;selon la nature de la prise\uf096\nen charge ou en tant que de besoin, un dossier relatif aux exigences architecturales comportant :\n- une note sur le projet architectural d\u00e9crivant avec pr\u00e9cision l'implantation, la surface et la nature des locaux en fonction de leur finalit\u00e9 et du\npublic accompagn\u00e9 ou accueilli.\nun dossier financier comportant :\n- le bilan financier du projet et le plan de financement de l'op\u00e9ration,\n- les comptes annuels consolid\u00e9s de l'organisme gestionnaire lorsqu'ils sont obligatoires,\n- le programme d'investissement pr\u00e9visionnel pr\u00e9cisant la nature des op\u00e9rations, leurs co\u00fbts, leurs modes de financement et un planning de\nr\u00e9alisation,\n- si le projet r\u00e9pond \u00e0 une extension, le bilan comptable de ce centre,\n- les incidences sur le budget d'exploitation du centre du plan de financement mentionn\u00e9 ci-dessus,\n- le budget pr\u00e9visionnel en ann\u00e9e pleine du centre pour sa premi\u00e8re ann\u00e9e de fonctionnement.\nc) dans le cas o\u00f9 plusieurs personnes physiques ou morales gestionnaires s'associent pour proposer un projet, un \u00e9tat descriptif des modalit\u00e9s\nde coop\u00e9ration envisag\u00e9es devra \u00eatre fourni.\n7 \u2013 Publication et modalit\u00e9s de consultation de l'avis d'appel \u00e0 projets : \nLe pr\u00e9sent avis d'appel \u00e0 projets est publi\u00e9 au RAA de la pr\u00e9fecture de d\u00e9partement ; la date de publication au RAA vaut ouverture de la\np\u00e9riode de d\u00e9p\u00f4t des dossiers jusqu'\u00e0 la date de cl\u00f4ture fix\u00e9e le 5 mars 2023.\nCet avis peut \u00eatre remis gratuitement dans un d\u00e9lai de huit jours aux candidats qui le demandent par courrier recommand\u00e9 avec avis de\nr\u00e9ception.\n8 \u2013 Pr\u00e9cisions compl\u00e9mentaires :\nLes candidats peuvent demander \u00e0 la pr\u00e9fecture de d\u00e9partement des compl\u00e9ments d'informations avant le 26 f\u00e9vrier 2023 exclusivement par\nmessagerie \u00e9lectronique aux adresses suivantes : ddets@manche.gouv.fr et helene.seminiako@manche.gouv.fr en mentionnant, dans l'objet\ndu courriel, la r\u00e9f\u00e9rence de l'appel \u00e0 projet \"Appel \u00e0 projets 2023 \u2013 1 - CPH\".\nLa pr\u00e9fecture de d\u00e9partement pourra faire conna\u00eetre \u00e0 l'ensemble des candidats via son site internet (http://www.manche.pref.gouv.fr) des\npr\u00e9cisions de caract\u00e8re g\u00e9n\u00e9ral qu'elle estime n\u00e9cessaires au plus tard le 28 f\u00e9vrier 2023. \n9 \u2013 Calendrier :\nDate de publication de l'avis d'appel \u00e0 projets au RAA : 5 janvier 2023\nDate limite de r\u00e9ception des projets ou de d\u00e9p\u00f4t des dossiers de candidatures : 5 mars 2023\nDate limite de la notification de l'autorisation : 5 septembre 2023 \nSign\u00e9 : Le Pr\u00e9fet : Fr\u00e9d\u00e9ric PERISSAT\nANNEXE 1 - CAHIER DES CHARGES D'APPEL \u00c0 PROJETS\nAvis d'appel \u00e0 projets n\u00b0 1 pour la cr\u00e9ation de places en Centres provisoires d'h\u00e9bergement (CPH) \nDESCRIPTIF DU PROJET\nNATURE Centres provisoires d'h\u00e9bergement CPH)\nPUBLIC B\u00e9n\u00e9ficiaires de la protection internationale\nTERRITOIRE Manche\nPR\u00c9AMBULE\nLe pr\u00e9sent document, annex\u00e9 \u00e0 l'avis d'appel \u00e0 projets \u00e9mis par la pr\u00e9fecture de la Manche en vue de la cr\u00e9ation de places de centres\nprovisoires d'h\u00e9bergement pour b\u00e9n\u00e9ficiaires de la protection internationale dans le d\u00e9partement de la Manche, constitue le cahier des charges\nauquel les dossiers de candidature devront se conformer.\nLes centres provisoires d'h\u00e9bergement (CPH) proposent un h\u00e9bergement temporaire aux b\u00e9n\u00e9ficiaires de la protection internationale les plus\nvuln\u00e9rables et en besoin d'accompagnement renforc\u00e9. Cette p\u00e9riode est mise \u00e0 profit pour les accompagner vers l'autonomie en vue d'une\nint\u00e9gration r\u00e9ussie et durable.\nIls ont pour mission : \n- l'accueil, l'h\u00e9bergement et la domiciliation des b\u00e9n\u00e9ficiaires de la protection internationale ;\n-  l'accompagnement dans les d\u00e9marches administratives et juridiques et le maintien aux droits ;\n- l'accompagnement sanitaire et social;\n- l'accompagnement vers une formation linguistique ;\n- l'accompagnement vers l'emploi et la formation professionnelle ou la reprise d'\u00e9tudes par un projet individualis\u00e9 ;\n- l'accompagnement \u00e0 la scolarisation et le soutien \u00e0 la parentalit\u00e9;\n- l'accompagnement vers des activit\u00e9s sportives, culturelles ou tout autre loisir ;\n- la mobilisation de logements, l'accompagnement \u00e0 la sortie du centre et \u00e0 l'acc\u00e8s \u00e0 un logement p\u00e9renne.\nPour la mise en \u0153uvre de ces actions, les gestionnaires des centres s'appuient sur la gouvernance mise en place par l'Etat (coordonnateur\nd\u00e9partemental ou r\u00e9gional de la politique de l'asile) en mati\u00e8re d'int\u00e9gration des r\u00e9fugi\u00e9s.\nLes gestionnaires des centres d\u00e9veloppent des partenariats avec les collectivit\u00e9s locales, le tissu associatif et les services publics locaux pour\nla bonne mise en \u0153uvre de ses missions.\nI. Le statut et le financement des centres provisoires d'h\u00e9bergement (CPH)\nLes centres provisoires d'h\u00e9bergement (CPH) sont r\u00e9gis par le code de l'action sociale et des familles (CASF, articles L. 349-1  \u00e0 L.349-4), le\nd\u00e9cret n\u00b02016-253 du 2 ao\u00fbt 2016 relatif aux centres provisoires d'h\u00e9bergement des r\u00e9fugi\u00e9s et des b\u00e9n\u00e9ficiaires de la protection internationale\net l'information du 18 avril 2019 relative aux missions et au fonctionnement  des centres provisoires d'h\u00e9bergement (CPH) \nLes CPH sont consid\u00e9r\u00e9s comme des centres d'h\u00e9bergement et de r\u00e9insertion sociale (CHRS), qui sont des \u00e9tablissements sociaux pr\u00e9vus au\n8\u00b0 de l'article L. 312-1 I du CASF. \nIls sont g\u00e9r\u00e9s par des associations de droit public ou priv\u00e9 (association, SEM, CCAS\u2026) et financ\u00e9s sur l'action 15 du programme 104\n\u00ab Int\u00e9gration et acc\u00e8s \u00e0 la nationalit\u00e9 fran\u00e7aise \u00bb, de la mission Immigration, asile et int\u00e9gration du budget de l'Etat. \nLes d\u00e9penses li\u00e9es \u00e0 l'activit\u00e9 des CPH sont prises en charge par l'\u00c9tat sous la forme d'une dotation globale de financement. \nLes CPH sont int\u00e9gr\u00e9s au sch\u00e9ma national d'accueil des demandeurs d'asile et d'int\u00e9gration des r\u00e9fugi\u00e9s qui, tel que pr\u00e9vu par l'article L. 551-1\ndu CESEDA, est d\u00e9clin\u00e9 \u00e0 travers les sch\u00e9mas r\u00e9gionaux d'accueil des demandeurs d'asile et des r\u00e9fugi\u00e9s, documents qui pr\u00e9sentent la\nstrat\u00e9gie r\u00e9gionale concernant la politique de l'asile et qui sont pilot\u00e9s par les pr\u00e9fets de r\u00e9gion. \nII. Les conditions d'ouverture, de conventionnement et d'encadrement des centres provisoires d'h\u00e9bergement (CPH) \n1. Les conditions d'ouverture et de conventionnement\nLa cr\u00e9ation de places se r\u00e9alise dans le cadre d'appels \u00e0 projets d'ouverture de places dans le d\u00e9partement, via des cr\u00e9ations nettes ou des\ntransformations de places d'autres dispositifs. \nChaque \u00e9tablissement doit obtenir l'autorisation du pr\u00e9fet de d\u00e9partement pour l'ouverture de capacit\u00e9s d'accueil.\n  \nL'ensemble  des  places  doit  \u00eatre d\u00e9clar\u00e9  par  les gestionnaires  dans  le syst\u00e8me d'information de l'Office fran\u00e7ais  de l'immigration et  de\nl'int\u00e9gration (le DN@), afin d'avoir une connaissance pr\u00e9cise et actualis\u00e9e du dispositif national d'accueil, d'en permettre le meilleur pilotage et\nd'optimiser l'utilisation des places. Les gestionnaires doivent mettre \u00e0 jour les \u00e9l\u00e9ments concernant les personnes accueillies.\nUne convention est conclue pour 5 ans \u00e0 compter de la date de signature avec les gestionnaires, conform\u00e9ment \u00e0 l'article L.349-4 du CASF.\nCette convention pr\u00e9voit notamment les objectifs, les moyens, les activit\u00e9s et les modalit\u00e9s de contr\u00f4le du centre. Une convention type est \u00e0\ncette fin annex\u00e9e au d\u00e9cret n\u00b02016-253 du 2 mars 2016. \n2. L'encadrement \nPour accomplir leurs  missions, les CPH, conform\u00e9ment aux dispositions des articles L. 314-1 \u00e0 L. 314-13 et R. 314-63 du CASF, doivent\ncompter un ratio d'un ETP pour un minimum de dix personnes accueillies.\nL'effectif  de  chaque  centre  doit  comprendre  au  moins  50  %  d'intervenants  socio-\u00e9ducatifs,  qui  doivent  attester  des  qualifications\nprofessionnelles requises : d\u00e9tenir un dipl\u00f4me de niveau III en travail social (conseiller en \u00e9conomie sociale et familiale, \u00e9ducateur sp\u00e9cialis\u00e9,\nmoniteur \u00e9ducateur, DUT carri\u00e8res sociales etc\u2026) ou un dipl\u00f4me de l'enseignement sup\u00e9rieur de niveau II (licence, licence professionnelle). \nLa composition de l'\u00e9quipe doit privil\u00e9gier la pluridisciplinarit\u00e9 afin d'assurer un accompagnement dans tous les domaines de l'int\u00e9gration. La\npr\u00e9sence dans l'\u00e9quipe d'un charg\u00e9 de mission emploi (par exemple un conseiller en insertion professionnelle) doit \u00eatre privil\u00e9gi\u00e9e.\nDans  la  mesure  du  possible,  une  vacation  d'un  infirmier  ou  d'un  psychologue,  \u00e9ventuellement  mutualis\u00e9e  avec  d'autres  structures\nd'h\u00e9bergement de proximit\u00e9, doit \u00eatre pr\u00e9vue afin de renforcer l'accompagnement des personnes en grande vuln\u00e9rabilit\u00e9. \nIII. Les missions des CPH \nLes principales missions des centres provisoires d'h\u00e9bergement (CPH) sont :\n1. L'accueil et l'h\u00e9bergement\n1.1. Locaux \nLes locaux des CPH doivent offrir des h\u00e9bergements adapt\u00e9s \u00e0 l'accueil des personnes h\u00e9berg\u00e9es permettant de pr\u00e9server l'intimit\u00e9 de la vie\npriv\u00e9e. Ces h\u00e9bergements sont temporaires, les CPH accueillent les b\u00e9n\u00e9ficiaires de  la protection internationale pendant la dur\u00e9e n\u00e9cessaire \u00e0\nl'atteinte d'une autonomie leur permettant d'acc\u00e9der \u00e0 un logement p\u00e9renne. Les locaux doivent \u00eatre \u00e9quip\u00e9s de sanitaires, de mobilier, de\ncuisines collectives ou individuelles am\u00e9nag\u00e9es ainsi que d'un acc\u00e8s \u00e0 internet. A d\u00e9faut, les gestionnaires devront fournir une prestation de\nrestauration.\nLes frais de nourriture sont couverts par les ressources propres des h\u00e9berg\u00e9s.\nLes CPH peuvent \u00eatre am\u00e9nag\u00e9s :\n- soit en structure collective dans lesquelles les personnes sont h\u00e9berg\u00e9es dans des chambres, ou dans des unit\u00e9s de vie adapt\u00e9es \u00e0 la\ncomposition de leur famille ;\n- soit en structures \u00e9clat\u00e9es dans plusieurs lieux d'habitation.\nLes CPH doivent comprendre des bureaux administratifs pour le travail quotidien des \u00e9quipes d'encadrement, notamment pour recevoir les\npersonnes h\u00e9berg\u00e9es dans le cadre de leur suivi socio-administratif et sanitaire. Ces bureaux doivent \u00eatre facilement accessibles aux r\u00e9sidents\ndepuis leur lieu de vie, particuli\u00e8rement dans le cadre de CPH dit diffus.\nLa cohabitation de plusieurs personnes isol\u00e9es ou m\u00e9nages, impliquant le partage des pi\u00e8ces \u00e0 vivre peut \u00eatre organis\u00e9e.\nLe dispositif de bail glissant, qui permet de faire progressivement glisser le bail au nom du r\u00e9fugi\u00e9, d\u00e8s stabilisation de ses ressources, est \u00e0\nprivil\u00e9gier. \nLes places d\u00e9di\u00e9es aux personnes \u00e0 mobilit\u00e9 r\u00e9duite (PMR) devront \u00e9galement \u00eatre privil\u00e9gi\u00e9es.\nEn outre, le centre assure la domiciliation des b\u00e9n\u00e9ficiaires et leur d\u00e9livre \u00e0 ce titre l'attestation aff\u00e9rente.\n1.2. Admission et orientation en CPH\nLes personnes admises en centre provisoire d'h\u00e9bergement sont les b\u00e9n\u00e9ficiaires de la protection internationale (r\u00e9fugi\u00e9s ou b\u00e9n\u00e9ficiaires de la\nprotection subsidiaire), dont la vuln\u00e9rabilit\u00e9 et le besoin d'accompagnement renforc\u00e9 ont \u00e9t\u00e9 \u00e9valu\u00e9s par l'Office fran\u00e7ais de l'immigration et de\nl'int\u00e9gration (OFII), notamment :\n- les personnes n'\u00e9tant pas en capacit\u00e9 de vivre dans un logement autonome ;\n- les jeunes de moins de 25 ans sans ressources ;\n- les personnes pr\u00e9sentant un handicap physique ou psychologique au sens de la loi du 11 f\u00e9vrier 2005 pour l'\u00e9galit\u00e9 des chances, des droits et\nla citoyennet\u00e9 des personnes handicap\u00e9es, \u00e9tant n\u00e9anmoins entendu que les centres ne sauraient se substituer aux dispositifs de droit\ncommun en faveur de ces publics.\nConform\u00e9ment \u00e0 l'article L.349-3.-I du CASF, les orientations en CPH sont assur\u00e9es exclusivement par l'OFII.\nPar d\u00e9rogation aux dispositions r\u00e9gissant les CHRS, la dur\u00e9e de prise en charge en CPH est fix\u00e9e \u00e0 9 mois (article R.349-1 du CASF). Cette\ndur\u00e9e peut \u00eatre prolong\u00e9e, par p\u00e9riode de trois mois, par l'OFII. La d\u00e9cision de prolongation est prise par l'OFII, sur le fondement des\njustifications  adress\u00e9es  par  le  CPH,  notamment  l'\u00e9valuation  de  situation  de  la  personne  ou  de  sa  famille,  et  notifi\u00e9e  par  l'organisme\ngestionnaire. Elle ne peut conduire \u00e0 la mise \u00e0 la rue du b\u00e9n\u00e9ficiaire si aucune proposition de logement ou d'h\u00e9bergement stable ne lui est\npropos\u00e9e.\nEn raison de besoins sp\u00e9cifiques li\u00e9s \u00e0 des situations de vuln\u00e9rabilit\u00e9 subjectives (femmes victimes de violences et ou de traite des \u00eatres\nhumains), une orientation peut \u00eatre faite en centre sp\u00e9cialis\u00e9 sur la question des violences faites aux femmes et/ ou de la traite des \u00eatres\nhumains (TEH). \n1.3. Participation financi\u00e8re et caution\nTout  b\u00e9n\u00e9ficiaire  qui dispose  de ressources  s'acquitte  d'une  participation financi\u00e8re  \u00e0 ses frais d'h\u00e9bergement  dont  le montant  est  fix\u00e9\nconform\u00e9ment au bar\u00e8me \u00e9tabli par l'arr\u00eat\u00e9 du 13 mars 2002 portant application de l'article 8 du d\u00e9cret n\u00b0 2001-576 du 3 juillet 2001 relatif aux\nconditions de fonctionnement et de financement des centres d'h\u00e9bergement et de r\u00e9insertion sociale. Ce bar\u00e8me tient notamment compte des\nressources  de  la  personne  ou  de  la  famille  accueillie  et  des  d\u00e9penses  restant  \u00e0  sa  charge  pendant  la  p\u00e9riode  d'accueil.\nCette contribution constitue une recette en att\u00e9nuation port\u00e9e au budget de fonctionnement du centre. Au cas par cas et avec l'accord de\nl'autorit\u00e9 de tarification, la contribution de la personne h\u00e9berg\u00e9e peut \u00eatre utilis\u00e9e en tout ou partie pour des d\u00e9penses li\u00e9es \u00e0 l'installation dans\nun logement.\nLes gestionnaires de CPH peuvent exiger le versement d'une caution. Cette somme est restitu\u00e9e aux int\u00e9ress\u00e9s \u00e0 leur sortie, d\u00e9duction faite\ndes sommes d\u00e9bours\u00e9es par le centre pour rem\u00e9dier aux \u00e9ventuels d\u00e9g\u00e2ts occasionn\u00e9s aux locaux ou au mat\u00e9riel du centre par les int\u00e9ress\u00e9s\nou leur famille. Il est aussi fait d\u00e9duction des \u00e9ventuelles dettes engag\u00e9es (remboursement du fonds de secours, participation etc.).\n2. L'accompagnement dans les d\u00e9marches administratives et juridiques et le maintien aux droits\nLes  professionnels  des  lieux  d'h\u00e9bergement  accompagnent  les  b\u00e9n\u00e9ficiaires  dans  tous  les actes  de leur vie administrative,  juridique  et\ncitoyenne, y compris de fa\u00e7on d\u00e9mat\u00e9rialis\u00e9e. Cette d\u00e9marche comporte notamment :\n- l'obtention des documents d'\u00e9tat-civil aupr\u00e8s de l'Office fran\u00e7ais de protection des r\u00e9fugi\u00e9s et apatrides (OFPRA) et du titre de s\u00e9jour aupr\u00e8s\nde la pr\u00e9fecture comp\u00e9tente ;\n- la d\u00e9livrance, afin d'acc\u00e9l\u00e9rer l'ouverture des droits sociaux,  de l'attestation familiale provisoire en cas de besoin ;\n- l'accompagnement \u00e0 l'ouverture d'un compte bancaire ;\n- l'accompagnement \u00e0 l'ouverture et au maintien des droits sociaux, notamment la couverture maladie, les prestations familiales, et le revenu de\nsolidarit\u00e9 active, y compris en mati\u00e8re de d\u00e9marches li\u00e9es \u00e0 la r\u00e9troactivit\u00e9 des droits le cas \u00e9ch\u00e9ant ; dans la mesure du possible, les\ngestionnaires des CPH seront r\u00e9f\u00e9rents du contrat d'engagement au RSA ;\n- L'accompagnement pour l'acc\u00e8s aux documents de circulation et titres de voyage pour le b\u00e9n\u00e9ficiaire de la protection internationale et ses\nenfants ;\n- l'accompagnement aux d\u00e9marches de r\u00e9unification familiale ;\n- l'accompagnement aux d\u00e9marches pour l'\u00e9change ou l'acquisition du permis de conduire.\n- Sur demande de la personne, information et accompagnement pour une demande de nationalit\u00e9 fran\u00e7aise.\n3. L'accompagnement sanitaire et social\nLes professionnels des lieux d'h\u00e9bergement facilitent l'acc\u00e8s aux soins des personnes h\u00e9berg\u00e9es notamment par :\n- l'information sur le fonctionnement du syst\u00e8me de sant\u00e9 (PMI, m\u00e9decins, sp\u00e9cialistes, associations sp\u00e9cialis\u00e9es\u2026) et par les acteurs de\npr\u00e9vention (infections sexuellement transmissibles (IST), contraception, addictologie, alcoolisme, surconsommation m\u00e9dicale) ;\n- l'ouverture ou le transfert des droits \u00e0 l'assurance maladie ainsi qu'\u00e0 la compl\u00e9mentaire sant\u00e9 ;\n- l'orientation des personnes h\u00e9berg\u00e9es vers les acteurs de sant\u00e9 et des dispositifs pr\u00e9vus par la circulaire du 8 juin 2018 sur la mise en place\ndu parcours de sant\u00e9 des migrants et des primo-arrivants ;\n- l'orientation vers les maisons d\u00e9partementales des personnes handicap\u00e9es (MDPH) ;\n- la mise en \u0153uvre de partenariats avec les acteurs de sant\u00e9 ou les centres de soins sensibilis\u00e9s aux difficult\u00e9s particuli\u00e8res rencontr\u00e9es par les\npersonnes issues de cultures et de langues diff\u00e9rentes et qui pr\u00e9sentent des vuln\u00e9rabilit\u00e9s li\u00e9es \u00e0 leur parcours d'exil, notamment dans le\nchamp de la prise en charge psychologique ;\n- la conclusion de conventions de partenariat avec les CPAM pourront \u00eatre favoris\u00e9es, comme indiqu\u00e9e dans la circulaire pr\u00e9cit\u00e9e. \n4. L'accompagnement vers la formation linguistique\nLes professionnels des lieux d'h\u00e9bergement doivent accompagner les personnes h\u00e9berg\u00e9es \u00e0 la signature du contrat d'int\u00e9gration r\u00e9publicaine\n(CIR) dans les meilleurs d\u00e9lais pour le suivi des formations civiques et linguistiques, pr\u00e9vues dans ce cadre.\nLes professionnels des lieux d'h\u00e9bergement orientent vers des formations linguistiques compl\u00e9mentaires aux formations prises en charge par le\nCIR, en partenariat avec p\u00f4le emploi, les groupements d'\u00e9tablissements (GRETA), les missions locales pour les 16/25 ans et les centres de\nformation linguistique, les r\u00e9gions.\n5. L'accompagnement vers l'emploi et la formation professionnelle ou la reprise d'\u00e9tudes sup\u00e9rieures par un projet individualis\u00e9\nLes professionnels des lieux d'h\u00e9bergement construisent avec les personnes h\u00e9berg\u00e9es un projet professionnel individualis\u00e9 \u00e0 partir de leurs\nacquis et de leurs exp\u00e9riences afin de faciliter leur int\u00e9gration sur le march\u00e9 de l'emploi. Cet accompagnement s'effectue en lien \u00e9troit avec le\nservice public de l'emploi (missions locales, p\u00f4le emploi, cap emploi, directions r\u00e9gionales des entreprises, de la concurrence, du travail et de\nl'emploi (DIRECCTE)) et les acteurs du monde \u00e9conomique mobilis\u00e9s sur le territoire tels que notamment  : les chambres consulaires, les\nentreprises, les acteurs de l'insertion par l'activit\u00e9 \u00e9conomique.\n L'enjeu de l'accompagnement doit \u00eatre notamment de :\n- r\u00e9aliser le bilan de comp\u00e9tence de fin de CIR compl\u00e9t\u00e9 si besoin d'un bilan de  comp\u00e9tence propos\u00e9 par les diff\u00e9rents services publics de\nl'emploi ;\n- informer sur les droits des salari\u00e9s (code du travail, cong\u00e9s, horaires, salaires et salaire minimum, fiche de paie, contrats de travail\u2026) ;\n- former aux techniques de recherche d'emplois (r\u00e9daction d'un CV, techniques d'entretien d'embauche) ; \n- accompagner aux d\u00e9marches de validation des dipl\u00f4mes et des acquis de l'exp\u00e9rience.\n6. L'accompagnement \u00e0 la scolarisation des enfants et le soutien \u00e0 la parentalit\u00e9 \nLes professionnels des lieux d'h\u00e9bergement accompagnent les familles pour la scolarisation des enfants. Les formalit\u00e9s administratives li\u00e9es \u00e0\nla scolarit\u00e9 des enfants mineurs h\u00e9berg\u00e9s sont renseign\u00e9es par les parents avec l'appui du centre, en application du principe d'obligation\nscolaire \u00e0 partir de 3 ans.\nUne contribution \u00e0 des d\u00e9penses li\u00e9es \u00e0 la scolarit\u00e9 des enfants, cantine ou transports par exemple, peut \u00eatre assur\u00e9e par les CPH dans la\nlimite de la dotation allou\u00e9e. \nLes professionnels des lieux d'h\u00e9bergement veillent au respect de l'ensemble des droits et obligations de chaque b\u00e9n\u00e9ficiaire de la protection\ninternationale et notamment, au principe de la\u00efcit\u00e9 et d'\u00e9galit\u00e9 entre les hommes et les femmes. \nLe gestionnaire du CPH informe le pr\u00e9fet en cas de risque d'atteinte \u00e0 l'ordre public et le procureur en cas de toute infraction.        \nSi besoin, les professionnels des lieux d'h\u00e9bergement accompagnent les parents par la mise en place :\n- de groupes de parole ;\n- de s\u00e9ances  d'information sur le syst\u00e8me \u00e9ducatif  fran\u00e7ais,  notamment  le r\u00f4le et la place de l'enseignant  dans  le syst\u00e8me scolaire et\nl'importance de l'implication personnelle des parents ;\n- d'outils de droit commun sur le territoire concernant le soutien \u00e0 la parentalit\u00e9 (REAAP, CLAS, m\u00e9diation familiale, espaces rencontres\u2026).\nDe par  leur  r\u00f4le d'animation  et  de  coordination,  les  caisses  d'allocations  familiales  (CAF)  sont  des  interlocuteurs  incontournables  pour\nl'int\u00e9gration des publics b\u00e9n\u00e9ficiaires d'une protection internationale dans les politiques locales de soutien \u00e0 la parentalit\u00e9.  \n7. L'accompagnement vers des activit\u00e9s sportives, culturelles ou tout autre loisir \nLes professionnels des lieux d'h\u00e9bergement mettent en place des activit\u00e9s pour les personnes h\u00e9berg\u00e9es en partenariat avec les acteurs\npr\u00e9sents sur le territoire (collectivit\u00e9s locales, associations, etc.) notamment par :\n- l'organisation d'activit\u00e9s ludiques pour les enfants (biblioth\u00e8que, ateliers informatiques, sorties) ;\n- l'orientation vers les offres de loisirs, culturelles et sportives existant sur le territoire.\n8. La mobilisation de logements, l'accompagnement \u00e0 la sortie du centre et \u00e0 l'acc\u00e8s \u00e0 un logement p\u00e9renne  \nLes professionnels des lieux d'h\u00e9bergement mettent en place des mesures d'accompagnement vers une autonomie r\u00e9sidentielle, notamment :\n- en indiquant express\u00e9ment au b\u00e9n\u00e9ficiaire de la protection internationale d\u00e8s son arriv\u00e9e que le s\u00e9jour dans le CPH est provisoire,  en\nl'accompagnant \u00e0 se pr\u00e9parer \u00e0 un logement p\u00e9renne qui peut \u00eatre \u00e9loign\u00e9 du lieu d'implantation du CPH, et  en le sensibilisant \u00e0 la mobilit\u00e9\ng\u00e9ographique ;\n- en accompagnant \u00e0 la recherche d'un logement, le cas \u00e9ch\u00e9ant en mobilisant directement des logements aupr\u00e8s des bailleurs priv\u00e9s et\npublics. Les professionnels pourront accompagner au renseignement du dossier de demande de logement social et \u00e0 son actualisation, en lien\nsi besoin  avec la maison d\u00e9partementale des personnes handicap\u00e9es (MDPH) pour une demande de logement adapt\u00e9 ;\n- en accompagnant les personnes vers d'autres dispositifs pour tous ceux qui ne peuvent acc\u00e9der directement \u00e0 un logement (r\u00e9sidence\nsociale, foyer de jeunes travailleurs) ;\n- en accompagnant l'\u00e9quipement et l'installation dans le logement ;\n- en pr\u00e9parant la gestion de la vie quotidienne, notamment par des s\u00e9ances d'information pour sensibiliser les r\u00e9sidents en mati\u00e8re d'entretien\ndu logement, de r\u00e8glement des factures, de gestion du budget et des fluides, de droits et devoirs des locataires ;\n- en organisant si besoin son int\u00e9gration dans le quartier de r\u00e9sidence ;\n- en accompagnant si besoin les personnes dans leur logement (changement d'adresse, ouverture de comptes bancaires, d\u00e9marches pour le\nmaintien des droits sociaux si changement de d\u00e9partement, relais avec les dispositifs de droit commun).\nLorsqu'il est propos\u00e9 au b\u00e9n\u00e9ficiaire un logement correspondant \u00e0 sa situation et \u00e0 ses ressources ou un h\u00e9bergement alternatif conforme \u00e0 ses\nbesoins, il est tenu de lib\u00e9rer l'h\u00e9bergement qu'il occupe au sein du CPH. \nIV. L'information des personnes h\u00e9berg\u00e9es et leur participation au fonctionnement des CPH\nConform\u00e9ment aux dispositions du CASF, les CPH sont soumis aux obligations l\u00e9gales et r\u00e9glementaires suivantes :\n1. La garantie des droits et libert\u00e9s individuelles des personnes h\u00e9berg\u00e9es \nLes droits et libert\u00e9s individuelles du r\u00e9sident doivent \u00eatre garantis, notamment le respect de sa dignit\u00e9, de son int\u00e9grit\u00e9, de sa vie priv\u00e9e, de\nson intimit\u00e9 et de sa s\u00e9curit\u00e9 (article L. 311-3, 1\u00b0 \u00e0 7\u00b0).\n2. L'information du r\u00e9sident\nLes professionnels des lieux d'h\u00e9bergement remettent aux personnes h\u00e9berg\u00e9es les documents ci-apr\u00e8s : \n- un livret d'accueil (article L. 311-4 du CASF) ;\n- la \u00ab charte des droits et libert\u00e9s de la personne accueillie \u00bb (arr\u00eat\u00e9 du 8 septembre 2003, JO n\u00b0 234 du 9 octobre 2003) ;\n- le r\u00e8glement de fonctionnement du centre (articles L. 311-4 et L. 311-7 du CASF) ;\n- un contrat de s\u00e9jour (article L. 311-4 du CASF). \nCes documents sont remis dans une langue comprise des personnes h\u00e9berg\u00e9es ou, \u00e0 d\u00e9faut, leur sont expliqu\u00e9s \u00e0 l'oral, \u00e0 leur arriv\u00e9e dans les\nCPH, dans une langue qu'elles comprennent.\n3. Les modalit\u00e9s de participation des personnes h\u00e9berg\u00e9es au fonctionnement des lieux d'h\u00e9bergement (article L. 311-6).\nAfin d'associer les personnes h\u00e9berg\u00e9es au fonctionnement des lieux d'h\u00e9bergement, il est institu\u00e9 un conseil de vie sociale ou d'autres formes\nde participation.\n En  application  de  l'article L.  311-8 du  CASF,  les  gestionnaires  des  CPH  \u00e9laborent,  pour  une  dur\u00e9e  maximale  de  cinq  ans,  un  projet\nd'\u00e9tablissement r\u00e9sultant d'un travail associant les administrateurs, les personnels salari\u00e9s et b\u00e9n\u00e9voles ainsi que les personnes h\u00e9berg\u00e9es.\nV. L'\u00e9valuation et le suivi de l'activit\u00e9 des CPH\nLes gestionnaires des CPH doivent se r\u00e9f\u00e9rer aux articles 14 et 15 de la convention annex\u00e9e au d\u00e9cret n\u00b02016-653 du 2 mars 2016, relatifs au\ncontr\u00f4le et \u00e0 l'\u00e9valuation des activit\u00e9s et de la qualit\u00e9 des prestations.\nLes CPH sont notamment soumis \u00e0 une \u00e9valuation interne et externe et il appartient aux gestionnaires de transmettre annuellement aux\nservices de l'Etat le rapport d'activit\u00e9 de l'\u00e9tablissement, qui comprend des \u00e9l\u00e9ments sur la meilleure utilisation des capacit\u00e9s d'h\u00e9bergement, la\nrecherche de solutions de sortie de centres, les partenariats mis en \u0153uvre et la qualit\u00e9 des prestations offertes.\nANNEXE 2 - CALENDRIER PR\u00c9VISIONNEL D'APPEL \u00c0 PROJETS SOCIAUX\nCalendrier pr\u00e9visionnel 2022 \u2013 2023 de l'appel \u00e0 projets relatif \u00e0 la cr\u00e9ation de places de centres provisoires d'h\u00e9bergement (CPH) relevant de\nla comp\u00e9tence de la Pr\u00e9fecture du d\u00e9partement de  la Manche\nCr\u00e9ation de places en centres provisoire d'h\u00e9bergement (CPH)\nCapacit\u00e9s \u00e0 cr\u00e9er\n1 000 places au niveau national et 15 places au niveau \nd\u00e9partemental\nTerritoire d'implantation D\u00e9partement de la Manche\nMise en \u0153uvre Ouverture des places au 1er trimestre 2023\nPopulation cibl\u00e9e B\u00e9n\u00e9ficiaires d'une protection internationale au titre de l'asile\nCalendrier pr\u00e9visionnel \nAvis d'appel \u00e0 projets : 5 janvier 2023\nP\u00e9riode de d\u00e9p\u00f4t : 5 mars 2023\n\uf0bf\nDIRECTION DEPARTEMENTALE DES TERRITOIRES ET DE LA MER\nArr\u00eat\u00e9 n\u00b0DDTM-DTS-2022-52 du 19 d\u00e9cembre 2022 approuvant la convention de transfert de gestion d'une d\u00e9pendance du domaine\npublic maritime au b\u00e9n\u00e9fice de la commune de Marcey-les-Gr\u00e8ves pour trois voies c\u00f4ti\u00e8res dites \u00ab chemin du Rivage \u00bb, \u00ab chemin des\nGr\u00e8ves \u00bb et \u00ab chemin de l'hippodrome \u00bb\nConsid\u00e9rant  que  la  commune  de  Marcey-les-Gr\u00e8ves  entretient  depuis  plusieurs  ann\u00e9es  ces  trois  voies  c\u00f4ti\u00e8res  d'une  surface  totale\nd'occupation sur le DPM de 5 645 m\u00b2 ;\nConsid\u00e9rant qu'un transfert de gestion est le titre adapt\u00e9 aux voies de circulation conform\u00e9ment \u00e0 la circulaire du 20 janvier 2012 ;\nConsid\u00e9rant qu'il s'agit d'une op\u00e9ration pr\u00e9sentant un caract\u00e8re d'int\u00e9r\u00eat g\u00e9n\u00e9ral ;\nSur proposition de la directrice d\u00e9partementale des territoires et de la mer ;\nArt. 1 : La pr\u00e9sente d\u00e9cision approuve la convention de transfert de gestion d'une d\u00e9pendance de 5  645 m\u00b2 du domaine public maritime au\nb\u00e9n\u00e9fice  de  la  commune  de  Marcey-les-Gr\u00e8ves  pour  les  trois  voies  c\u00f4ti\u00e8res  dites  \u00ab chemin  des  Gr\u00e8ves \u00bb  (2520m\u00b2),  \u00ab chemin  du\nRivage \u00bb(2205 m\u00b2) et \u00ab  chemin de l'hippodrome  \u00bb (920 m\u00b2) sur le littoral de cette commune et dont les limites sont d\u00e9finies au plan annex\u00e9 \u00e0\nladite convention.\nArt. 2 : Le transfert de gestion susvis\u00e9 est consenti aux clauses et conditions de la convention ci-jointe annex\u00e9e \u00e0 la pr\u00e9sente d\u00e9cision et ne\nvaut que pour l'objet d\u00e9fini dans ladite convention.\nArt. 3  : Le pr\u00e9sent acte peut faire l'objet, dans un d\u00e9lai de deux mois \u00e0 compter de sa notification pour le b\u00e9n\u00e9ficiaire ou ) compter de sa\npublication pour les tiers int\u00e9ress\u00e9s :\n- d'un recours gracieux aupr\u00e8s de pr\u00e9fet de la Manche ou hi\u00e9rarchique aupr\u00e8s du ministre comp\u00e9tent  ; l'absence de r\u00e9ponse dans un d\u00e9lai de\ndeux mois \u00e0 compter de sa r\u00e9ception par l'autorit\u00e9 administrative vaut d\u00e9cision implicite de rejet ; la d\u00e9cision rejetant ce recours peut faire l'objet\nd'un recours contentieux aupr\u00e8s du tribunal administratif de Caen selon les voies cit\u00e9es ci-dessous, dans un d\u00e9lai de deux mois \u00e0 compter de la\nr\u00e9ception d'une d\u00e9cision expresse ou de la date \u00e0 laquelle na\u00eet une d\u00e9cision implicite ;\n- d'un recours contentieux aupr\u00e8s du tribunal administratif de Caen -3 rue Arthur Le Duc \u2013 BP 25086 \u2013 14050 Caen Cedex- par voie postale ou\npar l'application T\u00e9l\u00e9recours citoyens accessible par le site internet https://www.telerecours.fr.\nSign\u00e9 : Pour le Pr\u00e9fet, le Secr\u00e9taire g\u00e9n\u00e9ral : Laurent SIMPLICIEN\nANNEXE : CONVENTION ET PLANS\nConvention du 19 d\u00e9cembre 2022 de transfert de gestion \u00e9tablie entre l'\u00c9tat et la commune de Marcey-les-Gr\u00e8ves sur une d\u00e9pendance du\ndomaine public maritime \u00e0 usage de voie de circulation aux lieux-dits \u00ab Chemin des Gr\u00e8ves \u00bb et \u00ab Chemin du Rivage \u00bb et \u00ab chemin de\nl'hippodrome \u00bb \nEntre L'\u00c9tat, repr\u00e9sent\u00e9 par le pr\u00e9fet de la Manche, d'une part, et la commune de Marcey-les-Gr\u00e8ves, repr\u00e9sent\u00e9e par madame  la maire,\nd\u00e9sign\u00e9e par la suite sous le nom de b\u00e9n\u00e9ficiaire, d'autre part, il est convenu ce qui suit :\nTitre I : Objet, nature et dur\u00e9e du transfert de gestion\nArticle 1-1 : Objet de la convention\nLa pr\u00e9sente convention a pour objet de fixer les clauses et conditions d'octroi au b\u00e9n\u00e9ficiaire, d'un transfert de gestion d'une d\u00e9pendance du\ndomaine public maritime d'une superficie totale de 5  645 m\u00b2 aux lieux-dits \u00ab  chemin de l'hippodrome \u00bb (920 m\u00b2), \u00ab  chemin des Gr\u00e8ves \u00bb (2520\nm\u00b2), et \u00ab chemin du Rivage \u00bb (2 205 m\u00b2) sur le littoral de la commune de Marcey-les-Gr\u00e8ves, mat\u00e9rialis\u00e9e en bleu sur les plans ci-annex\u00e9s.\nArticle 1-2 : Nature\nLe transfert de gestion est accord\u00e9 \u00e0 titre pr\u00e9caire et r\u00e9vocable.\nLe b\u00e9n\u00e9ficiaire est r\u00e9put\u00e9 bien conna\u00eetre la consistance de la d\u00e9pendance qui ne peut \u00eatre utilis\u00e9e pour un usage autre que celui mentionn\u00e9 \u00e0\nl'article susvis\u00e9.\nLe b\u00e9n\u00e9ficiaire est gestionnaire de la d\u00e9pendance susvis\u00e9e. Il doit en assurer une gestion conforme aux r\u00e8gles applicables \u00e0 son propre\ndomaine public de m\u00eame destination.\nLe transfert de gestion n'est pas constitutif de droits r\u00e9els au sens des articles L2122-6 et suivants du code g\u00e9n\u00e9ral de la propri\u00e9t\u00e9 des\npersonnes publiques.\nArticle 1-3 : Dur\u00e9e\nLa dur\u00e9e du transfert de gestion est fix\u00e9e \u00e0 15 ans \u00e0 compter de la date de l'arr\u00eat\u00e9 pr\u00e9fectoral approuvant la pr\u00e9sente convention \nLe cas \u00e9ch\u00e9ant,  un an au moins avant  la date d'expiration de la pr\u00e9sente convention,  le b\u00e9n\u00e9ficiaire peut  faire une nouvelle demande\nd'occupation du domaine public maritime.\nTitre II : Conditions g\u00e9n\u00e9rales\nArticle 2-1 : Dispositions g\u00e9n\u00e9rales\n1. Le b\u00e9n\u00e9ficiaire est tenu de se conformer :\n- \u00e0 la l\u00e9gislation existante ou \u00e0 venir relative \u00e0 la gestion du domaine public maritime naturel (DPMn).\n- aux lois, r\u00e8glements et r\u00e8gles existants ou \u00e0 intervenir, en obtenant notamment les autorisations qui y sont exig\u00e9es.\n- aux prescriptions relatives \u00e0 la lutte contre les risques de pollutions et de nuisances de toutes sortes pouvant r\u00e9sulter non seulement de\nl'ex\u00e9cution des travaux mais aussi de l'exploitation de la d\u00e9pendance.\n2. Le b\u00e9n\u00e9ficiaire s'engage \u00e0 prendre les dispositions n\u00e9cessaires pour donner en tout temps, libre acc\u00e8s en tout point aux agents des diff\u00e9rents\nservices de l'\u00c9tat charg\u00e9s du contr\u00f4le de la pr\u00e9sente convention.\n3. Le b\u00e9n\u00e9ficiaire n'est fond\u00e9 \u00e0 \u00e9lever aucune r\u00e9clamation dans le cas o\u00f9 l'\u00e9tablissement et l'exploitation d'autres ouvrages, constructions ou\ninstallations seraient autoris\u00e9s \u00e0 proximit\u00e9 de ceux faisant l'objet de la pr\u00e9sente convention.\n4. En aucun cas, la responsabilit\u00e9 de l'\u00c9tat ne peut \u00eatre recherch\u00e9e par le b\u00e9n\u00e9ficiaire, pour quelque cause que ce soit, en cas de dommages\ncaus\u00e9s aux tiers, \u00e0 la d\u00e9pendance ou de g\u00eane apport\u00e9e \u00e0 son exploitation par des tiers, notamment en cas de pollution des eaux de la mer.\n5. Le b\u00e9n\u00e9ficiaire ne peut \u00e9lever contre l'\u00c9tat aucune r\u00e9clamation li\u00e9e au trouble r\u00e9sultant soit de mesures temporaires d'ordre public et de\npolice, soit de travaux ex\u00e9cut\u00e9s par l'\u00c9tat sur le domaine public.\nArticle 2-2 : Risques divers\nLe b\u00e9n\u00e9ficiaire r\u00e9pond des risques divers (incendie,  etc.) li\u00e9s \u00e0 l'occupation ou l'utilisation de la d\u00e9pendance notamment aux ouvrages,\nconstructions, installations, mat\u00e9riels s'y trouvant. Il garantit l'\u00c9tat contre le recours des tiers.\nTitre III : Travaux et entretien de la d\u00e9pendance\nArticle 3-1 : Mesures pr\u00e9alables\nLors des travaux, des op\u00e9rations techniques de visite et d'entretien ex\u00e9cut\u00e9s dans le cadre du transfert de gestion, le b\u00e9n\u00e9ficiaire informe le\nservice gestionnaire du domaine public maritime : \n- avec un pr\u00e9avis minimum de 15 jours, des jours d'intervention notamment afin de pouvoir effectuer des contr\u00f4les,\n- au moins 48h avant, du d\u00e9but et de la fin des travaux notamment sur l'estran afin qu'il puisse s'assurer de la remise en \u00e9tat du site.\nArticle 3-2 : Travaux\nLe b\u00e9n\u00e9ficiaire est tenu de soumettre \u00e0 l'agr\u00e9ment du service gestionnaire du domaine public maritime, en vue de leur approbation, les projets\nd'interventions sur la d\u00e9pendance sans que cet agr\u00e9ment puisse en aucune mani\u00e8re engager la responsabilit\u00e9 de l'\u00c9tat. Ces projets doivent\ncomprendre tous les plans, dessins, m\u00e9moires explicatifs n\u00e9cessaires pour d\u00e9finir les travaux envisag\u00e9s et pr\u00e9ciser leur mode d'ex\u00e9cution.\nTous les travaux doivent \u00eatre ex\u00e9cut\u00e9s conform\u00e9ment aux projets approuv\u00e9s, en mat\u00e9riaux de bonne qualit\u00e9 mis en \u0153uvre suivant les r\u00e8gles de\nl'art.\nLes travaux ne doivent pas pr\u00e9senter de danger pour les tiers.\nLe service gestionnaire du domaine public maritime peut prescrire les \u00e9ventuelles modifications n\u00e9cessaires \u00e0 la bonne gestion du domaine\npublic maritime.\nArticle 3-3 : Entretien\nLe b\u00e9n\u00e9ficiaire est tenu d'entretenir dans les r\u00e8gles de l'art la d\u00e9pendance ainsi que les ouvrages, constructions et installations se rapportant \u00e0\nla pr\u00e9sente convention. A d\u00e9faut, il peut y \u00eatre pourvu d'office apr\u00e8s mise en demeure rest\u00e9e sans effet dans les d\u00e9lais prescrits et \u00e0 la diligence\ndu service gestionnaire du domaine public maritime, aux frais, risques et p\u00e9rils du b\u00e9n\u00e9ficiaire.\nArticle 3-4 : R\u00e9paration des dommages caus\u00e9s au domaine public maritime\nAu fur et \u00e0 mesure de l'avancement des travaux et des op\u00e9rations d'entretien, le b\u00e9n\u00e9ficiaire est tenu d'enlever les d\u00e9p\u00f4ts de toute nature, ainsi\nque les ouvrages provisoires, et de r\u00e9parer imm\u00e9diatement les dommages qui peuvent \u00eatre caus\u00e9s au domaine public maritime ou \u00e0 ses\nd\u00e9pendances, en se conformant, le cas \u00e9ch\u00e9ant, aux instructions qui lui sont donn\u00e9es par le service gestionnaire du domaine public maritime.\nEn cas d'inex\u00e9cution, il peut y \u00eatre pourvu d'office et \u00e0 ses frais, risques et p\u00e9rils, et apr\u00e8s mise en demeure rest\u00e9e sans effet dans les d\u00e9lais\nprescrits et \u00e0 la diligence du service gestionnaire du domaine public maritime.\nTitre IV : Terme mis au transfert de gestion\nArticle 4-1 : Remise en \u00e9tat des lieux et reprise de la d\u00e9pendance\nEn cas de r\u00e9vocation ou de r\u00e9siliation de la pr\u00e9sente convention, le b\u00e9n\u00e9ficiaire doit, \u00e0 ses frais et apr\u00e8s en avoir inform\u00e9 l'\u00c9tat, remettre les\nlieux en leur \u00e9tat naturel. Toute trace d'occupation (ouvrages, constructions, installations, etc.) doit \u00eatre enlev\u00e9e, qu'elle soit ou non du fait du\nb\u00e9n\u00e9ficiaire.\nFaute pour le b\u00e9n\u00e9ficiaire d'y pourvoir, il y est proc\u00e9d\u00e9 d'office et \u00e0 ses frais par l'\u00c9tat, apr\u00e8s mise en demeure rest\u00e9e sans effet, apr\u00e8s\nproc\u00e9dure de contravention de grande voirie.\nToutefois l'\u00c9tat peut, s'il le juge utile, exiger le maintien partiel ou total des ouvrages, constructions, installations, etc. ; ces derniers doivent alors\n\u00eatre remis en parfait \u00e9tat par le b\u00e9n\u00e9ficiaire et deviennent la propri\u00e9t\u00e9 de l'\u00c9tat sans qu'il y ait lieu \u00e0 indemnit\u00e9 \u00e0 ce titre, ni \u00e0 passation d'un acte\npour constater ce transfert. L'\u00c9tat se trouve alors subrog\u00e9 dans tous les droits du b\u00e9n\u00e9ficiaire. Il entre imm\u00e9diatement et gratuitement en leur\npossession.\nArticle 4-2 : R\u00e9vocation du transfert de gestion prononc\u00e9e par l'\u00c9tat\na) R\u00e9vocation dans un but d'int\u00e9r\u00eat g\u00e9n\u00e9ral\nA quelque \u00e9poque que ce soit, l'\u00c9tat a le droit de retirer le transfert de gestion dans un but d'int\u00e9r\u00eat g\u00e9n\u00e9ral se rattachant \u00e0 la conservation ou \u00e0\nl'usage du domaine public maritime moyennant un pr\u00e9avis minimal de six mois.\nDans ce cas, il est dress\u00e9 contradictoirement la liste des divers ouvrages, constructions voire installations \u00e0 caract\u00e8re immobilier ayant fait\nl'objet des d\u00e9clarations pr\u00e9vues au titre \u00ab travaux et entretien de la d\u00e9pendance \u00bb.\nb) R\u00e9vocation pour inex\u00e9cution des clauses de la convention\nLe transfert de gestion peut \u00eatre r\u00e9voqu\u00e9, sans indemnisation, un mois apr\u00e8s une mise en demeure par simple lettre recommand\u00e9e rest\u00e9e sans\neffet en cas d'inex\u00e9cution des clauses et conditions de la pr\u00e9sente convention. Dans ce cas-l\u00e0, les dispositions de l'article \u00ab  remise en \u00e9tat des\nlieux et reprise de la d\u00e9pendance \u00bb s'appliquent.\nArticle 4-3 : R\u00e9siliation \u00e0 la demande du b\u00e9n\u00e9ficiaire\nLe transfert de gestion peut \u00eatre r\u00e9sili\u00e9 avant l'\u00e9ch\u00e9ance de la pr\u00e9sente convention \u00e0 la demande du b\u00e9n\u00e9ficiaire, apr\u00e8s accord de l'\u00c9tat.\nCette r\u00e9siliation produit les m\u00eames effets que ceux pr\u00e9vus \u00e0 l'article \u00ab remise en \u00e9tat des lieux et reprise de la d\u00e9pendance \u00bb.\nTitre V : Conditions financi\u00e8res\nArticle 5-1 : Redevance domaniale\nLe pr\u00e9sent transfert de gestion est accord\u00e9 \u00e0 titre gratuit.\nArticle 5-2 : Frais de construction et d'entretien\nTous les frais de modification et d'entretien de la d\u00e9pendance et d'enl\u00e8vement des divers mat\u00e9riaux sont \u00e0 la charge du b\u00e9n\u00e9ficiaire.\nArticle 5-3 : Indemnit\u00e9s dues \u00e0 des tiers\nLe b\u00e9n\u00e9ficiaire a \u00e0 sa charge, sauf recours contre qui de droit, toutes les indemnit\u00e9s qui peuvent \u00eatre dues \u00e0 des tiers en raison de travaux, de\nla pr\u00e9sence des ouvrages, constructions ou installations, objets de la pr\u00e9sente convention.\nArticle 5-4 : Imp\u00f4ts\nLe b\u00e9n\u00e9ficiaire supporte seul la charge de tous les imp\u00f4ts et notamment des taxes fonci\u00e8res, auxquels peut \u00eatre assujetti le transfert de gestion.\nLe b\u00e9n\u00e9ficiaire est tenu en outre, le cas \u00e9ch\u00e9ant, de souscrire lui-m\u00eame la d\u00e9claration des constructions nouvelles pr\u00e9vues \u00e0 l'article 1406 du\ncode g\u00e9n\u00e9ral des imp\u00f4ts pour b\u00e9n\u00e9ficier, s'il y a lieu, de l'exon\u00e9ration temporaire des imp\u00f4ts fonciers.\nTitre VI  : Dispositions diverses\nArticle 6-1 : Mesures de police\nLes mesures de police qui sont n\u00e9cessaires dans l'int\u00e9r\u00eat de la conservation de la d\u00e9pendance, de la s\u00e9curit\u00e9 publique et du bon ordre public\nsont prises par le pr\u00e9fet ou son repr\u00e9sentant, le b\u00e9n\u00e9ficiaire entendu.\nArticle 6-2 : Droits des tiers\nLes droits des tiers sont et demeurent express\u00e9ment r\u00e9serv\u00e9s.\nTitre VII : Approbation de la convention\nArticle 7 : Approbation\nLa  pr\u00e9sente  convention  approuv\u00e9e  par  le  conseil  municipal  par  d\u00e9lib\u00e9ration  en  date  du  2022,  doit  faire  l'objet  d'un  arr\u00eat\u00e9  pr\u00e9fectoral\nd'approbation, et lui \u00eatre annex\u00e9e.\nSign\u00e9 : La Maire de Marcey-les-Gr\u00e8ves : Ellise ROUSSEL \u2013 Pour le Pr\u00e9fet, le Secr\u00e9taire g\u00e9n\u00e9ral : Laurent SIMPLICIEN\nPitty \\ ae \\ Cx. Marcey-les-GrevesDE LA MANCHE \\ \\ aie, | X Pet du Chemin de l'Hippodrome\nA  'ys\n\u00a9IGN -BDCARTO \u00ae 2020 Source : DDTM 50 Cartographie : DTS - 19.05.2022 Direction D\u00e9partementale des Territoires et de la Mer de la Manche\n=nPREFETDE LA MANCHEAibert\u00e9\nL\u00e9gendeEM transtert wirie\n\u00aeIGN-BDCARTO \u00ae 2020 Source: DDTM 50 Cartographie : DIS - 17.05.2022 Direction D\u00e9partementale des Territoires et de la Mer de la Manche\nANNEXE 1 - PLAN DE LOCALISATION DU TRANSFERT DE GESTION \u00ab CHEMIN DE L'HIPPODROME\u00bb\nANNEXE 2 - PLAN DE LOCALISATION DU TRANSFERT DE GESTION \u00ab CHEMIN DES GR\u00c8VES \u00bb\n\nEsPREFET\nANNEXE 3 - PLAN DE LOCALISATION DU TRANSFERT DE GESTION \u00ab CHEMIN DU RIVAGE\u00bb\n\uf0bf\nArr\u00eat\u00e9 n\u00b0 DDTM CM-S-2023-001 du 4 janvier 2023 portant interdiction temporaire de la p\u00eache, du ramassage, du transport, de la\npurification, de l'exp\u00e9dition, du stockage, de la distribution, de la commercialisation et de la mise \u00e0 la consommation humaine des\ncoquillages issus de la zone de production n\u00b050-14.03 Blainville et prescrivant des mesures compl\u00e9mentaires de gestion li\u00e9es \u00e0 une\ncontamination de ces coquillages par des norovirus\nConsid\u00e9rant la note de service DGAL/SDSSA/2021-990 du 28 d\u00e9cembre 2021 relative \u00e0 la gestion du risque norovirus en lien avec la\nconsommation de coquillages ;\nConsid\u00e9rant le fait que conform\u00e9ment \u00e0 l'arr\u00eat\u00e9 pr\u00e9fectoral de classement de salubrit\u00e9 du 27 d\u00e9cembre 2022, les zones de Gouville (50-14.02)\net Blainville (50-14.03) d\u00e9limit\u00e9es pour le groupe III (bivalves non fouisseurs) ne font au titre du groupe II (bivalves fouisseurs) qu'une seule et\nunique zone ;\nConsid\u00e9rant les cas humains group\u00e9s de toxi-infection alimentaire (TIAC) survenus apr\u00e8s la consommation de coquillages en provenance de la\nzone de production de Blainville (50-14.03) et r\u00e9colt\u00e9s depuis le 16 d\u00e9cembre 2022 ;\nConsid\u00e9rant  les r\u00e9sultats  des  analyses  de recherche  de norovirus  \u00e9dit\u00e9s  le 2 janvier 2023 par  le laboratoire d'analyses  de la Manche\n(LABEO50) sur des hu\u00eetres pr\u00e9lev\u00e9es le 29 d\u00e9cembre 2022 dans l'\u00e9tablissement conchylicole \u00e0 l'origine de la TIAC et ayant la m\u00eame origine\nque des coquillages consomm\u00e9s par des malades ;\nConsid\u00e9rant  les r\u00e9sultats  des  analyses  de recherche  de norovirus  \u00e9dit\u00e9s  le 3 janvier 2023 par  le laboratoire d'analyses  de la Manche\n(LABEO50) sur des hu\u00eetres pr\u00e9lev\u00e9es le 2 janvier 2023 au point REMI n\u00b0018-P-118 de la zone de production de Blainville (50-14.03) ;\nConsid\u00e9rant le danger imm\u00e9diat encouru par les consommateurs en cas d'ingestion de produits susceptibles d'\u00eatre contamin\u00e9s ;\nConsid\u00e9rant le lien \u00e9pid\u00e9miologique av\u00e9r\u00e9 \u00e9tabli entre la survenue des cas humains group\u00e9s et la zone de production de Blainville (50-14.03),\navec la pr\u00e9sence cumul\u00e9e des \u00e9l\u00e9ments suivants  : - une toxi-infection alimentaire collective (TIAC) n\u00b0 463384 a \u00e9t\u00e9 d\u00e9clar\u00e9e le 27 d\u00e9cembre\n2022 ; - les sympt\u00f4mes observ\u00e9s chez les cas humains et l'incubation sont compatibles avec une infection par les norovirus  ; - les coquillages\nsont un aliment suspect dans la TIAC ; - des norovirus ont \u00e9t\u00e9 d\u00e9tect\u00e9s sur des coquillages pr\u00e9lev\u00e9s le 29 d\u00e9cembre 2022 dans l' \u00e9tablissement\nconchylicole concern\u00e9, sur un lot ayant m\u00eame origine que les hu\u00eetres consomm\u00e9es par les malades. - la zone de production de Blainville (50-\n14.03) est contamin\u00e9e d'apr\u00e8s les r\u00e9sultats des analyses en date du 3 janvier 2022 sur les pr\u00e9l\u00e8vements r\u00e9alis\u00e9s le 2 janvier 2023 au point\nREMI n\u00b0 018-P-118 de la zone de production de Blainville (50-14.03) ;\nArt. 1  : Sont interdites les activit\u00e9s professionnelles suivantes  : la r\u00e9colte, le ramassage, le transfert de coquillages de taille marchande,\nl'exp\u00e9dition et la commercialisation de toutes les esp\u00e8ces de coquillages filtreurs en provenance de la zone de production de Blainville (50-\n14.03) \u00e0 compter du 4 janvier 2023, telle qu'indiqu\u00e9e dans la carte annex\u00e9e (annexe1) au pr\u00e9sent arr\u00eat\u00e9, et d\u00e9limit\u00e9es comme suit  : - limite\nnord : situ\u00e9e \u00e0 140m au sud de la cale des Mielles et passant au sud du lotissement conchylicole de Gouville - limite sud  : au droit de la cale de\nCoutainville - limite ouest : laisse de basse mer - limite est  : laisse de haute mer. Les activit\u00e9s d  '\u00e9levage peuvent toutefois y \u00eatre poursuivies et\ndes coquillages \u00ab demi-\u00e9levage \u00bb, naissain ou juv\u00e9niles de cette zone peuvent \u00eatre transf\u00e9r\u00e9es dans une autre zone. La p\u00eache \u00e0 pied de loisir\nde tous les coquillages est \u00e9galement interdite dans la zone de production de Gouville \u00e0 Blainville (50-14.02), telles qu'indiqu\u00e9e dans l'annexe\n2.\nArt. 2 : Les coquillages filtreurs, quelle que soit leur esp\u00e8ce, qui ont \u00e9t\u00e9 r\u00e9colt\u00e9s et/ou p\u00each\u00e9s dans la zone de production de Blainville (50-\n14.03) depuis le 16 d\u00e9cembre 2022 sont consid\u00e9r\u00e9s comme dangereux au sens de l'article 14 du r\u00e8glement (CE) 178/2002. Les lots mis sur le\nmarch\u00e9 depuis plus de 15 jours ne sont pas concern\u00e9s par le rappel des coquillages.  En application de l'article 19 du r\u00e8glement (CE)\nn\u00b0178/2002,  Il  incombe  \u00e0  tout  op\u00e9rateur  qui  a,  depuis  cette  date,  commercialis\u00e9  ces  coquillages  d'engager  imm\u00e9diatement  sous  sa\nresponsabilit\u00e9 leur retrait du march\u00e9, voire leur rappel, et d'en informer la Direction d\u00e9partementale de la protection des populations de la\nManche. \n\nEx Annexe 1PR\u00c9FET D\u00e9limitation de la zone de fermetureDE LA MANCHE - Blainville (50-14.03) pour le groupe des bivalves non fouisseurs (GR3)EstFraterait\u00e9\nlimite au large:laisse de basse mer\n| zone concern\u00e9e par fermetureae \u2014||||| +\nRare a3eat| ae|\n| +Pour \u00eatre annex\u00e9 \u00e0 mon arr\u00eat\u00e9 endatedu 14 4,202%\n'a= == =  +=  EE  =EE  ZE  =  \u00e0ZE  ==:ESS  =,  \u2014.iene TEE ZE EH ES = +a  STE  =.ES  ST =EE-E Ses:n RES  SS ===\u2014 = =Z  == =. == EE SESa \u2014 EE =\u2014 == = SS == ===> =  = =S ==LE  EE  =  :\u00c8S  55  ES  \u00a3=Z= === SS =S SS A} SS 5  =  TT/ =S == : = ZT:ie Sh  >; 22, or=  =  EE\n\u00a9 IGN-BDCARTO \u00ae 2013 Source:DDTM50cartographie SML/EM\nLes produits retir\u00e9s ou rappel\u00e9s doivent \u00eatre d\u00e9truits, selon les modalit\u00e9s fix\u00e9es par le r\u00e8glement (CE) n\u00b01069/2009. Le public est inform\u00e9 de la\ndate \u00e0 partir de laquelle les coquillages sont r\u00e9put\u00e9s dangereux par affichage sur les lieux de p\u00eache concern\u00e9s et tous les lieux d'achat.\nArt. 3 : Il est interdit d'utiliser l'eau de mer provenant de la zone de production de Blainville (50-14.03) pour l'immersion de coquillages filtreurs\nquelles que soient leurs provenances. Seules les op\u00e9rations de lavage de coquillages, sans immersion, sont possibles. Compte-tenu des\nrisques associ\u00e9s, ces interdictions sont \u00e9galement applicables pour l'eau de mer qui aurait \u00e9t\u00e9 pomp\u00e9e dans cette zone depuis le 16 d\u00e9cembre\n2022 et stock\u00e9e dans les bassins et r\u00e9serves des \u00e9tablissements. Les coquillages qui seraient d\u00e9j\u00e0 immerg\u00e9s dans cette eau sont consid\u00e9r\u00e9s\ncomme contamin\u00e9s et ne peuvent \u00eatre commercialis\u00e9s pour la consommation humaine. Ces coquillages peuvent cependant \u00eatre r\u00e9-immerg\u00e9s\ndans la zone ferm\u00e9e en attente de sa r\u00e9ouverture, sous r\u00e9serve de l'accord de la Direction d\u00e9partementale des territoires et de la mer.\nL'utilisation \u00e9ventuelle de forages dunaires, collectifs ou priv\u00e9s, situ\u00e9s au regard des zones ferm\u00e9es, est soumise \u00e0 autorisation individuelle et\ntemporaire des services de l'\u00c9tat.\nArt. 4 : Le pr\u00e9sent arr\u00eat\u00e9 entre en vigueur d\u00e8s sa publication.\nArt. 5  : Le porter \u00e0 connaissance de cet acte sera r\u00e9alis\u00e9 aupr\u00e8s du comit\u00e9 r\u00e9gional des p\u00eaches maritimes et des \u00e9levages marins de\nNormandie (CRPMEM), comit\u00e9 r\u00e9gional de la conchyliculture Normandie-Mer du Nord (CRC) et du maire des communes de Gouville-sur-Mer,\nBlainville-sur-Mer, Agon-Coutainville et aupr\u00e8s du public par affichage par les maires des communes sur les sites concern\u00e9s. L'information des\nprofessionnels est assur\u00e9e par le CRC et par le CRPMEM.\nSign\u00e9 : Le Pr\u00e9fet Fr\u00e9d\u00e9ric PERISSAT\n\nAnnexe 2tion de la zone de fermeture14.02) pour le groupe des bivalves fouisseurs (GR2)D\u00e9limiile (50-lle a BlainviGouvPREFETDE LA MANCHE\n+, 5)aesLi//4r ni eh}|: : HENSrge:basse merlimite au lalaisse de E\nCARBD\u00a9 IGN ource:DDTM50 |DCARTOvfF cartographie SML/EM- janvier 2023\n\n\uf0bf\nDIVERS\nDISP - Direction Interr\u00e9gionale des Services P\u00e9nitentiaires de Bretagne-Normandie-Pays de Loire\nArr\u00eat\u00e9 du 2 janvier 2023 portant d\u00e9l\u00e9gation de signature \u00e0 Madame Marilyn BENOOTen qualit\u00e9 de cheffe d'\u00e9tablissement de la maison\nd'arr\u00eat de CHERBOURG \u00e0 compter du 18 janvier 2023\nVu le code p\u00e9nitentiaire, et notamment en ses articles R.113-65, R.112-7 \u00e0 R.112-9, R.223-2 \u00e0 R.223-7,\nVu  l'arr\u00eat\u00e9  du  29  d\u00e9cembre  2016  modifiant  l'arr\u00eat\u00e9  du  27  d\u00e9cembre  2016  fixant  le  ressort  territorial  des  directions  interr\u00e9gionales  de\nl'administration p\u00e9nitentiaire et de la mission des services p\u00e9nitentiaires de l'outre-mer\nVu le D\u00e9cret n\u00b0 97-3 du 7 janvier 1997 et l'arr\u00eat\u00e9 du 12 mars 2009 relatif \u00e0 la d\u00e9concentration de la gestion de certains personnels des services\nd\u00e9concentr\u00e9s de l'Administration P\u00e9nitentiaire\nVu l'arr\u00eat\u00e9 de la Ministre d'Etat, Garde des Sceaux, Ministre de la Justice du 14 septembre 2018 portant nomination et prise de fonction de\nMadame Marie-Line HANICOT en qualit\u00e9 de Directrice Interr\u00e9gionale des services p\u00e9nitentiaires de Rennes \u00e0 compter du 1er octobre 2018\nVu l'arr\u00eat\u00e9 du 7 d\u00e9cembre 2022 du Directeur de l'Administration P\u00e9nitentiaire portant d\u00e9l\u00e9gation de signature pour la Direction Interr\u00e9gionale\ndes Services P\u00e9nitentiaires de Rennes\nVu l'arr\u00eat\u00e9 de la Ministre d'Etat, Garde des Sceaux, Ministre de la Justice du 28 juillet 2015 portant mutation de Madame Marilyn BENOOT \u00e0\ncompter du 31 ao\u00fbt 2015 en qualit\u00e9 de cheffe d'\u00e9tablissement de la maison d'arr\u00eat de Cherbourg\nVu l'arr\u00eat\u00e9 du Garde des Sceaux, Ministre de la Justice du 1er juin 2022 portant nomination de Monsieur Laurent DI NATALE \u00e0 compter du 1er\nmai 2022 en qualit\u00e9 d'adjoint au chef d'\u00e9tablissement de la maison d'arr\u00eat de Cherbourg\nVu l'arr\u00eat\u00e9 du Garde des Sceaux, Ministre de la Justice du 8 octobre 2021 faisant l'objet du reclassement de Monsieur J\u00e9r\u00f4me CHAMBRILLON\n\u00e0 compter du 1 janvier 2021 en qualit\u00e9 d'adjoint au chef de d\u00e9tention de la maison d'arr\u00eat de Cherbourg\nVu l'arr\u00eat\u00e9 du Garde des Sceaux, Ministre de la Justice du 12 juillet 2021 portant mutation de Monsieur Arnaud MALET \u00e0 compter du 1er\nseptembre 2021 \u00e0 la direction interr\u00e9gionale des services p\u00e9nitentiaires de Rennes en qualit\u00e9 de Directeur Plac\u00e9\nVu la d\u00e9cision de la Directrice Interr\u00e9gionale des Services P\u00e9nitentiaires de Rennes (Bretagne, Normandie et Pays de la Loire) du 2 janvier\n2023 mettant \u00e0 disposition \u00e0 la maison d'arr\u00eat de Cherbourg Monsieur Arnaud MALET, du 18 au 23 janvier 2023 en appui de la direction de cet\n\u00e9tablissement\nArt. 1  : Madame Marie-Line HANICOT, Directrice Interr\u00e9gionale des Services P\u00e9nitentiaires de Rennes, donne d\u00e9l\u00e9gation de signature \u00e0\nMadame Marilyn BENOOT, chef d'\u00e9tablissement de la maison d'arr\u00eat de Cherbourg, pour tout acte ou d\u00e9cision relatifs \u00e0 la gestion individuelle\nou collective des personnes plac\u00e9es sous main de justice, des personnels et ressources humaines, \u00e0 la gestion \u00e9conomique et financi\u00e8re de la\nmaison d'arr\u00eat de Cherbourg, ainsi qu'aux relations partenariales et de communication d\u00e9velopp\u00e9es \u00e0 la maison d'arr\u00eat de Cherbourg, et ce\ndans la limite des fonctions et attributions confi\u00e9es \u00e0 la Directrice Interr\u00e9gionale.\nArt. 2  :En cas d'absence ou d'emp\u00eachement  de Madame Marilyn BENOOT, d\u00e9l\u00e9gation de signature est donn\u00e9e \u00e0 Monsieur Laurent DI\nNATALE,  Adjoint  au  chef  d'\u00e9tablissement  de  la  maison  d'arr\u00eat  de  Cherbourg,  d\u00e9l\u00e9gation  de  signature  est  donn\u00e9e  \u00e0  Monsieur  J\u00e9r\u00f4me\nCHAMBRILLON, adjoint au chef de d\u00e9tention de la maison d'arr\u00eat de Cherbourg, d\u00e9l\u00e9gation de signature temporaire du18 au 23 janvier 2023\nest donn\u00e9e \u00e0 Monsieur Arnaud MALET directeur plac\u00e9 \u00e0 la direction interr\u00e9gionale des services p\u00e9nitentiaires de Rennes \nArt. 3 :Le pr\u00e9sent arr\u00eat\u00e9 sera publi\u00e9 au recueil des actes administratifs de la Pr\u00e9fecture de la Manche.\nSign\u00e9 : La Directrice interr\u00e9gionale des services p\u00e9nitentiaires de Rennes : Marie-Line HANICOT\n\uf0bf\nDSDEN - Direction des Services D\u00e9partementaux de l'Education Nationale de la Manche\nArr\u00eat\u00e9 du 3 janvier 2023 portant d\u00e9signation de la liste des organisations ou f\u00e9d\u00e9rations syndicales autoris\u00e9es \u00e0 d\u00e9signer des\nrepr\u00e9sentants pour le comit\u00e9 social d'administration sp\u00e9cial d\u00e9partemental et sa formation sp\u00e9cialis\u00e9e\nArt. 1  : Un comit\u00e9 social d'administration sp\u00e9cial d\u00e9partemental est institu\u00e9 aupr\u00e8s de l'inspecteur d'acad\u00e9mie, directeur acad\u00e9mique des\nservices de l'\u00e9ducation nationale de la Manche. Il comprend, outre l'inspecteur d'acad\u00e9mie, directeur acad\u00e9mique des services de l'\u00e9ducation\nnationale de la Manche ou son repr\u00e9sentant qui le pr\u00e9side, et la secr\u00e9taire g\u00e9n\u00e9rale ou son repr\u00e9sentant, 10 membres titulaires et 10 membres\nsuppl\u00e9ants repr\u00e9sentant les personnels.\nArt. 2 : Compte-tenu des r\u00e9sultats de d\u00e9sagr\u00e9gation des voix au sein du comit\u00e9 social d'administration (CSA) de l'acad\u00e9mie de Normandie,\npubli\u00e9s le 15 d\u00e9cembre 2022, les organisations ou f\u00e9d\u00e9rations syndicales autoris\u00e9es \u00e0 d\u00e9signer un ou plusieurs repr\u00e9sentants au comit\u00e9 social\nd'administration sp\u00e9cial d\u00e9partemental de la Manche sont les suivantes : \nFSU : 4 repr\u00e9sentants titulaires et 4 repr\u00e9sentants suppl\u00e9ants\nUNSA EDUCATION : 2 repr\u00e9sentants titulaires et 2 repr\u00e9sentants suppl\u00e9ants\nSGEN CFDT : 2 repr\u00e9sentants titulaires et 2 repr\u00e9sentants suppl\u00e9ants\nSUD EDUCATION : 1 repr\u00e9sentant titulaire et 1 repr\u00e9sentant suppl\u00e9ant\nFNEC-FP-FO : 1 repr\u00e9sentant titulaire et 1 repr\u00e9sentant suppl\u00e9ant\nArt. 3 : Les organisations ou f\u00e9d\u00e9rations syndicales mentionn\u00e9es \u00e0 l'article 2 disposent d'un d\u00e9lai de 15 jours \u00e0 compter de la publication du\npr\u00e9sent arr\u00eat\u00e9 pour communiquer la liste de leurs repr\u00e9sentants au sein du comit\u00e9 social d'administration sp\u00e9cial d\u00e9partemental, soit jusqu'au\n18 janvier 2023.\nArt. 4  : Une formation sp\u00e9cialis\u00e9e du comit\u00e9 social d'administration sp\u00e9cial d\u00e9partemental est institu\u00e9e aupr\u00e8s de l'inspecteur d'acad\u00e9mie,\ndirecteur acad\u00e9mique des services de l'\u00e9ducation nationale de la Manche. Elle comprend, outre l'inspecteur d'acad\u00e9mie, directeur acad\u00e9mique\ndes services de l'\u00e9ducation nationale de la Manche ou son repr\u00e9sentant qui la pr\u00e9side, et la secr\u00e9taire g\u00e9n\u00e9rale ou son repr\u00e9sentant, 10\nmembres titulaires et 10 membres suppl\u00e9ants repr\u00e9sentant les personnels.\nArt. 5 : Les organisations ou f\u00e9d\u00e9rations syndicales autoris\u00e9es \u00e0 d\u00e9signer des repr\u00e9sentants pour cette formation sp\u00e9cialis\u00e9e sont les m\u00eames\nque celles mentionn\u00e9es \u00e0 l'article 2 du pr\u00e9sent arr\u00eat\u00e9 (\u00e0 hauteur du m\u00eame nombre de si\u00e8ges). \nArt. 6  : Les organisations ou f\u00e9d\u00e9rations syndicales disposent d'un d\u00e9lai de 15 jours \u00e0 compter de la publication du pr\u00e9sent arr\u00eat\u00e9 pour\ncommuniquer la liste de leurs repr\u00e9sentants au sein de la formation sp\u00e9cialis\u00e9e du comit\u00e9 social d'administration sp\u00e9cial d\u00e9partemental, soit\njusqu'au 18\nSign\u00e9 : L'inspecteur d'acad\u00e9mie, Directeur acad\u00e9mique des services de l'\u00e9ducation nationale de la Manche : St\u00e9phane VAUTIER\n\uf0bf\nD\u00e9partement de la Manche - Imprimerie administrative - Directeur de la publication : M. le secr\u00e9taire g\u00e9n\u00e9ral de la pr\u00e9fecture","date":"2023-01-05","first_seen_on":"2025-07-18T11:41:16+00:00","id":"5597bda5e521e3a9ed167240917768226031d150a1f33e4d5f938e2529a89d31","name":"RAA sp\u00e9cial n\u00b0 01","pdf_creation_date":"2023-01-05T14:40:19+00:00","pdf_modification_date":null,"timezone":"Europe/Paris","url":"https://www.manche.gouv.fr/contenu/telechargement/54291/424140/file/SP%2001.pdf"}
