{"administration":"pref83","administration_name":"Pr\u00e9fecture du Var","content":"VAR\nRECUEIL DES ACTES\nADMINISTRATIFS SP\u00c9CIAL\n(NOMINATIFS)\nN\u00b083-2025-262\nPUBLI\u00c9 LE  1 AO\u00dbT 2025\nSommaire\nDirection d\u00e9partementale de l'emploi, du travail et des solidarit\u00e9s du Var\n/ Direction de la DDETS\n83-2025-06-28-00002 - Arr medecins DDETS 2025 (3 pages) Page 3\nDirection d\u00e9partementale des territoires et de la mer du Var / Service\nplanifications et prospective de la DDTM\n83-2025-07-31-00007 - arr\u00eat\u00e9 pr\u00e9fectoral - RAA portant ouverture et\norganisation d'une enqu\u00eate publique relative \u00e0 la demande\nd'autorisation environnementale d\u00e9cennale pour des travaux de dragage\net de rechargement de plages - communes fr\u00e9jus et Saint-Rapha\u00ebl (6\npages) Page 7\nPr\u00e9fecture du VAR / Direction de la citoyennet\u00e9 et de la l\u00e9galit\u00e9\n83-2025-07-31-00009 - ARR\u00caT\u00c9 PR\u00c9FECTORAL n\u00b0\nDCL/BERG/2025/0100 du 31 juillet 2025 portant habilitation dans le\ndomaine fun\u00e9raire de l'\u00e9tablissement secondaire de pompes\nfun\u00e8bres \u00ab\u00a0LE TREFLE\u00a0\u00bb\nAngle de l'Avenue Gambetta et de\nl'Avenue du 8 mai 1945 \u00e0 HYERES (83400)\nHabilitation N\u00b0\n25-83-0299 (2 pages) Page 14\n83-2025-07-31-00008 - ARR\u00caT\u00c9 PR\u00c9FECTORAL n\u00b0\nDCL/BERG/2025/0158 du 31 juillet 2025 portant habilitation de\nl'auto-entreprise d\u00e9nomm\u00e9e \u00ab\u00a0VERMECH\nCAMILLE\u00a0\u00bb\nexploit\u00e9e par M. VERMECH Camille sise\n17 rue de\nl'\u00e9glise \u00e0 NANS-LES-PINS (83860)\ndans le domaine fun\u00e9raire -\nHabilitation N\u00b0 25-83-0298 (2 pages) Page 17\n2\nDirection d\u00e9partementale de l'emploi, du travail\net des solidarit\u00e9s du Var\n83-2025-06-28-00002\nArr medecins DDETS 2025\nDirection d\u00e9partementale de l'emploi, du travail et des solidarit\u00e9s du Var - 83-2025-06-28-00002 - Arr medecins DDETS 2025 3\n=mPREFETDU VARLibert\u00e9Egalit\u00e9Fraternit\u00e9\nDirection D\u00e9partementale \nde l'Emploi, du Travail et des Solidarit\u00e9s\nService CM/CR\nARR\u00caT\u00c9 PR\u00c9FECTORAL en date du 28 juin 2025\nfixant la composition du Conseil M\u00e9dical D\u00e9partemental du Var\nLe Pr\u00e9fet du Var,\nVu la loi n\u00b083-634 du 13 juillet 1983 portant droits et obligations des fonctionnaires,\nVu la loi n\u00b0 84-16 du 11 janvier 1984 portant dispositions statutaires relatives \u00e0 la Fonction  \nPublique de l'\u00c9tat,\nVu la loi n\u00b0 84-53 du 26 janvier 1984 portant dispositions statutaires relatives \u00e0 la Fonction  \nPublique Territoriale,\nVu la loi n\u00b0 86-33 du 9 janvier 1986 portant dispositions statutaires relatives \u00e0 la Fonction  \nPublique Hospitali\u00e8re,\nVu le d\u00e9cret  n\u00b086-442 du 14 mars 1986 modifi\u00e9 relatif \u00e0 la d\u00e9signation des m\u00e9decins agr\u00e9\u00e9s, \u00e0  \nl'organisation des conseils m\u00e9dicaux, aux conditions d'aptitude physique pour l'admission aux \nemplois publics et au r\u00e9gime des cong\u00e9s de maladie des fonctionnaires,\nVu  le  d\u00e9cret  n\u00b0  2004-374  du  29  avril  2004  modifi\u00e9,  relatif  aux  pouvoirs  des  pr\u00e9fets,  \u00e0 \nl'organisation et \u00e0 l'action des services de l'\u00c9tat dans les r\u00e9gions et d\u00e9partements, \nVu le d\u00e9cret n\u00b0 2009-360 du 31 mars 2009 relatif aux emplois de direction de l'administration  \nterritoriale de l'\u00c9tat, \nVu  le  d\u00e9cret  n\u00b0  2009-1484  du  3  d\u00e9cembre  2009  relatif  aux  directions  d\u00e9partementales \ninterminist\u00e9rielles, \nVu le d\u00e9cret n\u00b0 2022-350 du 11 mars 2022 relatif aux conseils m\u00e9dicaux dans la fonction  \npublique territoriale,\nVu le d\u00e9cret n\u00b0 2022-351 du 11 mars 2022 relatif aux conseils m\u00e9dicaux dans la fonction  \npublique hospitali\u00e8re,\nVu le d\u00e9cret n\u00b0 2022-353 du 11 mars 2022 relatif aux conseils m\u00e9dicaux dans la fonction  \npublique de l'\u00c9tat,\nVu le d\u00e9cret du Pr\u00e9sident de la R\u00e9publique du 15 mai 2025 portant nomination de monsieur  \nSimon BABRE, Pr\u00e9fet du Var,\n1/3\nDirection d\u00e9partementale de l'emploi, du travail et des solidarit\u00e9s du Var - 83-2025-06-28-00002 - Arr medecins DDETS 2025 4\nVu  l'arr\u00eat\u00e9  du  Premier  ministre  et  du  ministre  d'\u00c9tat,  ministre  de  l'int\u00e9rieur,  en  date  du \n17 janvier 2025 portant nomination de madame Sandrine POLYCHRONOPOULOS, directrice  \nd\u00e9partementale de l'emploi, du travail et des solidarit\u00e9s du Var \u00e0 compter du 15 f\u00e9vrier 2025,\nVu  l'arr\u00eat\u00e9  pr\u00e9fectoral  en  date  du  25  mars  2021  portant  organisation  de  la  direction \nd\u00e9partementale de l'emploi, du travail et des solidarit\u00e9s du Var,\nVu  l'arr\u00eat\u00e9  pr\u00e9fectoral  n\u00b02025/23/MCI  en  date  du  03  f\u00e9vrier  2025 portant  d\u00e9l\u00e9gation  de \nsignature \u00e0 madame Sandrine POLYCHRONOPOULOS, directrice d\u00e9partementale de l'emploi, \ndu travail et des solidarit\u00e9s du Var,\nVu l'arr\u00eat\u00e9 pr\u00e9fectoral en date du  27 juin 2025 fixant la liste des m\u00e9decins g\u00e9n\u00e9ralistes et  \nsp\u00e9cialistes agr\u00e9\u00e9s pour le d\u00e9partement du Var, \nSur proposition de la directrice d\u00e9partementale de l'emploi, du travail et des solidarit\u00e9s du  \nVar,\nA R R E T E\nARTICLE 1er : Est nomm\u00e9 Pr\u00e9sident du Conseil M\u00e9dical D\u00e9partemental du Var, Monsieur le \ndocteur Richard BOVET.\nEn cas d'absence du m\u00e9decin-pr\u00e9sident en s\u00e9ance, la pr\u00e9sidence est assur\u00e9e par le m\u00e9decin \nqu'il aura d\u00e9sign\u00e9 ou, \u00e0 d\u00e9faut, par le plus \u00e2g\u00e9 des m\u00e9decins pr\u00e9sents.\nARTICLE 2 :  Sont nomm\u00e9s membres du Conseil M\u00e9dical D\u00e9partemental du Var :\nTitulaires Suppl\u00e9ants\nM. le Dr Richard BOVET M.le Dr Philippe BERNARD\nM. le Dr Jean-Baptiste CHURET  M. le Dr Pierre CRISTOFARI\nMme le Dr H\u00e9l\u00e8ne BERLIOUX SANS M. le Dr Marc DECUGIS\nM. le Dr Herv\u00e9 DE PERETTI\nM. le Dr Yves GARRY\nMme le Dr Genevi\u00e8ve GENET\n M. le Dr Andr\u00e9 GROUSSET\n M. le Dr Bernard JOUSSAUME\n  M. le Dr R\u00e9gis LAURE\n M. le Dr Richard MAGE\nM. le Dr Julien POLICAND\nM. le Dr Jean-Paul REBOUAH\nM. le Dr G\u00e9rard ROZENBAUM\nM. le Dr Jean-Erasme SANTI\n2/3\nDirection d\u00e9partementale de l'emploi, du travail et des solidarit\u00e9s du Var - 83-2025-06-28-00002 - Arr medecins DDETS 2025 5\nARTICLE 3 : Ces praticiens sont d\u00e9sign\u00e9s jusqu'au 27 juin 2028. \nARTICLE 4 : Le Pr\u00e9fet du Var et la directrice d\u00e9partementale de l'emploi, du travail et des  \nsolidarit\u00e9s du Var, sont charg\u00e9s chacun en ce qui les concerne,  de l'ex\u00e9cution du pr\u00e9sent  \narr\u00eat\u00e9  qui  sera  notifi\u00e9  aux  int\u00e9ress\u00e9s  et  publi\u00e9  au  recueil  des  actes  administratifs  de  la \npr\u00e9fecture du Var. \nFait \u00e0 Toulon, le 28 juin 2025\n                 Le Pr\u00e9fet\n          Simon BABRE\n3/3\nDirection d\u00e9partementale de l'emploi, du travail et des solidarit\u00e9s du Var - 83-2025-06-28-00002 - Arr medecins DDETS 2025 6\nDirection d\u00e9partementale des territoires et de la\nmer du Var\n83-2025-07-31-00007\narr\u00eat\u00e9 pr\u00e9fectoral - RAA portant ouverture et\norganisation d'une enqu\u00eate publique relative \u00e0 la\ndemande d'autorisation environnementale\nd\u00e9cennale pour des travaux de dragage et de\nrechargement de plages - communes fr\u00e9jus et\nSaint-Rapha\u00ebl\nDirection d\u00e9partementale des territoires et de la mer du Var - 83-2025-07-31-00007 - arr\u00eat\u00e9 pr\u00e9fectoral - RAA portant ouverture et\norganisation d'une enqu\u00eate publique relative \u00e0 la demande d'autorisation environnementale d\u00e9cennale pour des travaux de dragage\net de rechargement de plages - communes fr\u00e9jus et Saint-Rapha\u00ebl\n7\n=nPREFETDU VARLibert\u00e9Egalit\u00e9Fraternit\u00e9\nARR\u00caT\u00c9 PR\u00c9FECTORAL n\u00b0 DDTM/SML/BEM/2025/ 07 du 31 juillet 2025\nportant ouverture et organisation d'une enqu\u00eate publique relative \u00e0 la demande \nd'autorisation environnementale d\u00e9cennale pour des travaux de dragage de l'embouchure \nde la Garonne et du P\u00e9d\u00e9gal, et le rechargement de plages sur les communes de Fr\u00e9jus et \nSaint-Rapha\u00ebl, port\u00e9e par Esterel C\u00f4te d'Azur Agglom\u00e9ration\nLe pr\u00e9fet du Var,\nVu le Code de l'environnement et notamment ses articles L. 181-1 et suivants, R. 122-3, R. 181-1 \net suivants relatifs \u00e0 l'autorisation environnementale, L. 123-1 et suivants, R. 123-1 et suivants  \nrelatifs aux enqu\u00eates publiques ;\nVu le d\u00e9cret du Pr\u00e9sident de la R\u00e9publique du 15 mai 2025 portant nomination de Monsieur  \nSimon BABRE en qualit\u00e9 de pr\u00e9fet du Var ;\nVu l'arr\u00eat\u00e9  du  Premier  ministre  et  du  ministre  de  l'Int\u00e9rieur  du  4  mars  2022  portant \nnomination  de  Monsieur  Laurent  BOULET,  ing\u00e9nieur  des  ponts,  des  eaux  et  des  for\u00eats, \ndirecteur d\u00e9partemental des territoires et de la mer du Var \u00e0 compter du 1er avril 2022 ;\nVu l'arr\u00eat\u00e9 pr\u00e9fectoral n\u00b0 2025/25/MCI du 2 juin 2025 portant d\u00e9l\u00e9gation de signature \u00e0 M.  \nLaurent BOULET, directeur d\u00e9partemental des territoires et de la mer ;\nVu l'arr\u00eat\u00e9 pr\u00e9fectoral n\u00b0 DDTM/MPCA/2025-04 du 5 juin 2025 donnant subd\u00e9l\u00e9gation de  \nsignature \u00e0 des agents de la Direction d\u00e9partementale des territoires et de la mer du Var ;\nVu l 'arr\u00eat\u00e9  du  Pr\u00e9fet  de  r\u00e9gion  PACA  du  13  octobre  2022  soumettant  le  projet  \u00e0  \u00e9tude \nd'impact ;\nConsid\u00e9rant la demande d'autorisation  environnementale d\u00e9cennale portant sur les travaux  \nde dragage de l'embouchure de la Garonne et du P\u00e9d\u00e9gal ainsi que le rechargement de plages \nsur les communes de Fr\u00e9jus et Saint-Rapha\u00ebl, d\u00e9pos\u00e9e par Est\u00e9rel C\u00f4te d'Azur Agglom\u00e9ration \nle 21 mai 2024 ;\nConsid\u00e9rant l'avis de l'autorit\u00e9 environnementale formul\u00e9 le 4 d\u00e9cembre 2024 sur le dossier  \nde demande d'autorisation ;\nConsid\u00e9rant la d\u00e9cision de monsieur le pr\u00e9sident du tribunal administratif de Toulon du 4 juin \n2025 d\u00e9signant Madame Marie-Christine RAVIART pour assurer la mission de commissaire  \nenqu\u00eateur ;\nDirection d\u00e9partementale\ndes territoires et de la mer du Var\nDirection d\u00e9partementale des territoires et de la mer du Var - 83-2025-07-31-00007 - arr\u00eat\u00e9 pr\u00e9fectoral - RAA portant ouverture et\norganisation d'une enqu\u00eate publique relative \u00e0 la demande d'autorisation environnementale d\u00e9cennale pour des travaux de dragage\net de rechargement de plages - communes fr\u00e9jus et Saint-Rapha\u00ebl\n8\nConsid\u00e9rant la concertation du 3 juillet 2025 avec le commissaire enqu\u00eateur, telle que pr\u00e9vue \npar le premier alin\u00e9a de l'article R. 123-9 du code de l'environnement ;\nConsid\u00e9rant la d\u00e9lib\u00e9ration du Conseil Municipal de la commune de Fr\u00e9jus du 29 juillet 2025  \ndonnant un avis favorable au projet ;\nConsid\u00e9rant la d\u00e9lib\u00e9ration du Conseil Municipal de la commune de Saint-Rapha\u00ebl du 24 avril  \n2025 donnant un avis favorable au projet ;\nConsid\u00e9rant la d\u00e9lib\u00e9ration de la Communaut\u00e9 d'Agglom\u00e9ration Esterel C\u00f4te d'Azur du 10  \navril 2025 donnant un avis favorable au projet ;\nConsid\u00e9rant qu'il  y  a  lieu  de  soumettre  \u00e0  enqu\u00eate  publique  la  demande  d'autorisation \nenvironnementale d\u00e9cennale pour les travaux de dragage de l'embouchure de la Garonne et  \ndu P\u00e9d\u00e9gal ainsi que le rechargement de plages sur les communes de Fr\u00e9jus et Saint-Rapha\u00ebl,  \nd\u00e9pos\u00e9e par Est\u00e9rel C\u00f4te d'Azur Agglom\u00e9ration ; \nSur proposition du directeur d\u00e9partemental des territoires et de la mer ;\nARR\u00caTE :\nArticle 1  er   : Objet de l'enqu\u00eate\nIl  sera  proc\u00e9d\u00e9  \u00e0  une  enqu\u00eate  publique,  dans  les  formes  prescrites  par  le  Code  de \nl'environnement, portant sur la demande d'autorisation environnementale d\u00e9cennale pour  \nles  travaux  de dragage  de  l'embouchure  de  la  Garonne  et  du  P\u00e9d\u00e9gal  ainsi  que  le  \nrechargement de plages sur les communes de Fr\u00e9jus et Saint-Rapha\u00ebl,  d\u00e9pos\u00e9e par Est\u00e9rel  \nC\u00f4te d'Azur Agglom\u00e9ration.\nEst\u00e9rel C\u00f4te d'Azur Agglom\u00e9ration souhaite renouveler l'autorisation de dragage de l'embou -\nchure de la Garonne et du P\u00e9d\u00e9gal pour une dur\u00e9e de 10 ans, et r\u00e9utiliser les sables extraits  \npour recharger les plages alentour en \u00e9rosion. Le volume annuel \u00e0 draguer est inf\u00e9rieur \u00e0 5 000 \nm\u00b3. \nArticle 2 : Publicit\u00e9 de l'enqu\u00eate\nUn avis d'enqu\u00eate informera le public de l'ouverture et des conditions de d\u00e9roulement de  \nl'enqu\u00eate publique.\nIl sera publi\u00e9 par les soins du pr\u00e9fet du Var, en caract\u00e8res apparents et  aux frais d'ECAA,  \ndemanderesse  et  b\u00e9n\u00e9ficiaire  de  l'autorisation  environnementale,  quinze  jours  au  moins \navant le d\u00e9but de l'enqu\u00eate dans deux journaux locaux diffus\u00e9s dans tout le d\u00e9partement.  \nCes  journaux  seront  vers\u00e9s  au  dossier  d'enqu\u00eate.  La  publication  dans  les  journaux  sera \nr\u00e9p\u00e9t\u00e9e dans les huit premiers jours de l'enqu\u00eate.\nL'avis d'enqu\u00eate publique sera, quinze jours au moins avant le d\u00e9but de l'enqu\u00eate et durant  \ntoute  la  dur\u00e9e  de  celle-ci,  affich\u00e9,  sauf  impossibilit\u00e9  mat\u00e9rielle  justifi\u00e9e,  par  les  soins  du \nresponsable  du  projet  sur  les  lieux  ou  en  un  lieu  situ\u00e9  au  voisinage  des  am\u00e9nagements, \nDirection d\u00e9partementale des territoires et de la mer du Var - 83-2025-07-31-00007 - arr\u00eat\u00e9 pr\u00e9fectoral - RAA portant ouverture et\norganisation d'une enqu\u00eate publique relative \u00e0 la demande d'autorisation environnementale d\u00e9cennale pour des travaux de dragage\net de rechargement de plages - communes fr\u00e9jus et Saint-Rapha\u00ebl\n9\nouvrages ou travaux projet\u00e9s et visible de la voie publique, ainsi qu'au si\u00e8ge d'ECAA et en  \nmairies de Fr\u00e9jus et Saint-Rapha\u00ebl. Les caract\u00e9ristiques et dimensions de l'affichage de l'avis  \nd'enqu\u00eate sont fix\u00e9es par arr\u00eat\u00e9 du 9 septembre 2021 (NOR: TRED2124162A). Il sera justifi\u00e9 de \nl'accomplissement de cette formalit\u00e9 par un certificat \u00e9tabli par le pr\u00e9sident d'ECAA et les  \nmaires et vers\u00e9 au dossier d'enqu\u00eate.\nL'avis d'enqu\u00eate publique sera \u00e9galement mis en ligne sur le site internet de l'\u00c9tat dans le Var  \n\u00e0  l'adresse  suivant e :  https://www.var.gouv.fr/Publications/Enquetes-publiques/Enquetes-\npubliques-hors-ICPE\nArticle 3 : Dates et lieu de l'enqu\u00eate\nL'enqu\u00eate se tiendra au kiosque d'information situ\u00e9 sur le pont d'Arcole 83600 FREJUS, du  \nmardi 2 septembre 2025 \u00e0 9h00 au mardi 7 octobre 2025 \u00e0 17h00, soit 36 jours cons\u00e9cutifs.\nLe dossier et le registre d'enqu\u00eate seront tenus \u00e0 la disposition du public pendan t toute la  \ndur\u00e9e de l'enqu\u00eate au si\u00e8ge de l'enqu\u00eate (kiosque d'information). Toute personne, y compris \nles  personnes  \u00e0  mobilit\u00e9  r\u00e9duite,  pourra  en  prendre  connaissance  aux  jours  et  heures \nhabituels d'ouverture des bureaux au public, ce kiosque \u00e9tant accessible PMR :\nKiosque d'information\nPromenade des bains (sur le pont d'Arcole) , 83600 FREJUS\ndu lundi au vendredi, de 9h00 \u00e0 12h00 et de 14h00 \u00e0 18h00\nLe dossier sera en outre consultable pendant la dur\u00e9e de l'enqu\u00eate sur la plateforme d\u00e9di\u00e9e : \nhttps://www.registre-dematerialise.fr/  6529  ,  accessible \u00e9galement via le site internet de l'\u00c9tat  \ndans le Var mentionn\u00e9 \u00e0 l'article 2. \nL'acc\u00e8s gratuit au dossier est \u00e9galement possible depuis un poste informatique install\u00e9 au  \nsi\u00e8ge de l'enqu\u00eate (kiosque d'information) aux heures d'ouverture pr\u00e9cis\u00e9es ci-dessus.\nLe public pourra consigner ses observations et propositions sur le registre d'enqu\u00eate tenu \u00e0 sa \ndisposition au kiosque d'information sur le pont d'Arcole. Ce registre, \u00e9tabli sur feuillets non  \nmobiles, sera ouvert, cot\u00e9 et paraph\u00e9 par le commissaire enqu\u00eateur.\nLe public pourra \u00e9galement transmettre ses contributions et propositions \u00e0 partir du mardi 2 \nseptembre 2025, \u00e0 9h jusqu'au mardi 7 octobre 2025, \u00e0 17h (heure de cl\u00f4ture de l'enqu\u00eate) : \n\u2022 par courrier postal au porteur du projet  : Esterel C\u00f4te d'Azur Agglom\u00e9ration \u2013 enqu\u00eate \npublique dragage Garonne/P\u00e9d\u00e9gal, 624 chemin Aur\u00e9lien 83700 SAINT-RAPHAEL\n\u2022 par voie d\u00e9mat\u00e9rialis\u00e9e :\n\u25e6 directement  sur  le  registre  d\u00e9mat\u00e9rialis\u00e9  s\u00e9curis\u00e9,  \u00e0  l'adresse  URL  suivante  : \nhttps://www.registre-dematerialise.fr/  6529  \n\u25e6 par  courriel  adress\u00e9  au  commissaire  enqu\u00eateur,  \u00e0  l'adresse  mail  d\u00e9di\u00e9e  \u00e0  cette \nenqu\u00eate  publique:  enquete-publique-6529@registre-dematerialise.fr. Les \ncontributions transmises par courriel seront publi\u00e9es dans les meilleurs d\u00e9lais sur le  \nregistre  d\u00e9mat\u00e9rialis\u00e9 :  https://www.registre-dematerialise.fr/6529,  et  donc  visible \npar tous.\nDirection d\u00e9partementale des territoires et de la mer du Var - 83-2025-07-31-00007 - arr\u00eat\u00e9 pr\u00e9fectoral - RAA portant ouverture et\norganisation d'une enqu\u00eate publique relative \u00e0 la demande d'autorisation environnementale d\u00e9cennale pour des travaux de dragage\net de rechargement de plages - communes fr\u00e9jus et Saint-Rapha\u00ebl\n10\nNe sont pris en consid\u00e9ration par le commissaire enqu\u00eateur que les courriels et courriers  \npostaux re\u00e7us pendant la dur\u00e9e de l'enqu\u00eate publique soit du premier jour de celle-ci au 7  \noctobre 2025 \u00e0 17h00.\nLes courriers seront transmis au commissaire enqu\u00eateur qui les visera, les num\u00e9rotera et les  \nannexera au registre d'enqu\u00eate pour \u00eatre tenus \u00e0 la disposition du public.\nArticle 4 : D\u00e9signation et permanences du commissaire enqu\u00eateur\nPar  d\u00e9cision  susvis\u00e9e,  le  pr\u00e9sident  du  tribunal  administratif  de  Toulon  a  d\u00e9sign\u00e9  Marie-\nChristine RAVIART, en qualit\u00e9 de commissaire enqu\u00eateur.\nElle se tiendra \u00e0 la disposition du public pour recevoir ses observations \u00e9crites ou orales aux  \njours et heures ci-dessous mentionn\u00e9s :\nPermanences Kiosque d'information\nsur le pont d'Arcole\nMardi 2 septembre 2025 9h \u2013 12h\nMercredi 10 septembre 2025 14h \u2013 17h\nJeudi 18 septembre 2025 9h \u2013 12h\nMardi 7 octobre 2025 14h \u2013 17h\nArticle 5 : R\u00f4le du commissaire enqu\u00eateur\nPendant la dur\u00e9e de l'enqu\u00eate, le commissaire enqu\u00eateur pourra :\n\u2013 recevoir  toute  information  et,  s'il  estime  que  des  documents  sont  utiles  \u00e0  la  bonne \ninformation du public, demander au ma\u00eetre d'ouvrage de communiquer ces documents au  \npublic,\n\u2013 visiter les lieux concern\u00e9s, \u00e0 l'exception des lieux d'habitation, apr\u00e8s en avoir inform\u00e9 au  \npr\u00e9alable les propri\u00e9taires et les occupants,\n\u2013 entendre toutes les personnes concern\u00e9es par le projet, plan ou programme qui en font la  \ndemande et convoquer toutes les personnes dont il juge l'audition utile,\n\u2013 organiser, sous sa pr\u00e9sidence, toute r\u00e9union d'information et d'\u00e9change avec le public en  \npr\u00e9sence du ma\u00eetre d'ouvrage.\nPar  d\u00e9cision  motiv\u00e9e,  le  commissaire  enqu\u00eateur  pourra,  apr\u00e8s  information  du  pr\u00e9fet , \nprolonger l'enqu\u00eate d'une dur\u00e9e maximale de quinze jours.\nSa d\u00e9cision devra \u00eatre notifi\u00e9e au pr\u00e9fet au plus tard huit jours avant la fin de l'enqu\u00eate. Elle  \nsera port\u00e9e \u00e0 la connaissance du public, au plus tard \u00e0 la date pr\u00e9vue initialement pour la fin  \nde l'enqu\u00eate, par affichage r\u00e9alis\u00e9 dans les conditions de lieux pr\u00e9vues \u00e0 l'article 2 du pr\u00e9sent  \narr\u00eat\u00e9 et le cas \u00e9ch\u00e9ant par tout moyen appropri\u00e9.\nDirection d\u00e9partementale des territoires et de la mer du Var - 83-2025-07-31-00007 - arr\u00eat\u00e9 pr\u00e9fectoral - RAA portant ouverture et\norganisation d'une enqu\u00eate publique relative \u00e0 la demande d'autorisation environnementale d\u00e9cennale pour des travaux de dragage\net de rechargement de plages - communes fr\u00e9jus et Saint-Rapha\u00ebl\n11\nArticle 6 : Cl\u00f4ture de l'enqu\u00eate\n\u00c0  l'expiration  du  d\u00e9lai  d'enqu\u00eate,  le  registre  sera  mis  \u00e0  la  disposition  du  commissaire \nenqu\u00eateur, clos et sign\u00e9 par elle.\nD\u00e8s r\u00e9ception du registre et des documents annex\u00e9s, le commissaire enqu\u00eateur rencontrera,  \ndans un d\u00e9lai de huit jours le responsable du projet (Esterel C\u00f4te d'Azur Agglom\u00e9ration) et lui  \ncommuniquera  les  observations  \u00e9crites  ou  orales  consign\u00e9es  dans  un  proc\u00e8s-verbal  de \nsynth\u00e8se. Le responsable du projet disposera d'un d\u00e9lai de quinze jours, pour produire ses  \nobservations.\nLe commissaire enqu\u00eateur \u00e9tablira un rapport qui relate le d\u00e9roulement de l'enqu\u00eate, et  \ncomporte le rappel de l'objet du projet, la liste de l'ensemble des pi\u00e8ces figurant dans le  \ndossier  d'enqu\u00eate  publique,  une  synth\u00e8se  des  observations  du  public,  une  analyse  des \npropositions produites pendant l'enqu\u00eate et, le cas \u00e9ch\u00e9ant, les observations du responsable  \ndu projet (Esterel C\u00f4te d'Azur Agglom\u00e9ration) en r\u00e9ponse aux observations du public. Elle  \nconsignera dans une pr\u00e9sentation s\u00e9par\u00e9e, ses conclusions motiv\u00e9es, en pr\u00e9cisant si elles sont \nfavorables, favorables sous r\u00e9serves ou d\u00e9favorables au projet.\nArticle 7 : Rapport et conclusions motiv\u00e9es du commissaire enqu\u00eateur\nLe  commissaire  enqu\u00eateur  transmettra  le  rapport,  les  conclusions  motiv\u00e9es,  le  registre \nd'enqu\u00eate et le dossier de l'enqu\u00eate correspondant au Pr\u00e9fet (Direction D\u00e9partementale des  \nTerritoires et de la Mer du Var, Service Mer et Littoral, Bureau de l'Environnement Marin , \nBoulevard du 112\u00e8me R\u00e9giment d'Infanterie \u2013 CS 31209 - 83070 TOULON CEDEX), dans un d\u00e9lai \nde 30 jours \u00e0 compter de la date de cl\u00f4ture de l'enqu\u00eate.\nSimultan\u00e9ment, elle adressera une copie de son rapport et de ses conclusions motiv\u00e9es au  \nPr\u00e9sident du tribunal administratif de Toulon.\nArticle 8 : Diffusion du rapport et des conclusions\nLe pr\u00e9fet adressera, d\u00e8s leur r\u00e9ception, copie du rapport et des conclusions  \u00e0 ECAA . Une  \ncopie du rapport et des conclusions du commissaire enqu\u00eateur sera tenue \u00e0 la disposition du  \npublic pendant un an \u00e0 compter de la date de la cl\u00f4ture de l'enqu\u00eate :\n- \u00e0 la communaut\u00e9 d'agglom\u00e9ration Esterel Cote d'Azur (ECAA)\n- \u00e0 la pr\u00e9fecture du Var (direction d\u00e9partementale des territoires et de la mer du Var, Service  \nMer et Littoral, Bureau Environnement Marin).\nLe rapport et les conclusions du commissaire enqu\u00eateur seront mis en ligne sur le site internet \ndes services de l'\u00c9tat dans le Var \u00e0 l'adresse mentionn\u00e9e \u00e0 l'article 2 du pr\u00e9sent arr\u00eat\u00e9.\nDirection d\u00e9partementale des territoires et de la mer du Var - 83-2025-07-31-00007 - arr\u00eat\u00e9 pr\u00e9fectoral - RAA portant ouverture et\norganisation d'une enqu\u00eate publique relative \u00e0 la demande d'autorisation environnementale d\u00e9cennale pour des travaux de dragage\net de rechargement de plages - communes fr\u00e9jus et Saint-Rapha\u00ebl\n12\nArticle 9 : Autorit\u00e9 comp\u00e9tente et nature de la d\u00e9cision adopt\u00e9e au terme de l'enqu\u00eate\n\u00c0  l'issue  de  la  proc\u00e9dure,  l'autorit\u00e9  comp\u00e9tente  pour  accorder  l'autorisation  \nenvironnementale d\u00e9cennale pour les travaux de  dragage de l'embouchure de la Garonne et  \ndu P\u00e9d\u00e9gal ainsi que le rechargement de plages sur les communes de Fr\u00e9jus et Saint-Rapha\u00ebl,  \nest le pr\u00e9fet du Var, par voie d'arr\u00eat\u00e9.\nArticle 10 : Ex\u00e9cution du pr\u00e9sent arr\u00eat\u00e9\nLe Secr\u00e9taire G\u00e9n\u00e9ral de la pr\u00e9fecture du Var,\nLe Directeur D\u00e9partemental des Territoires et de la Mer,\nLa Communaut\u00e9 d'Agglom\u00e9ration ECAA,\nLe Commissaire enqu\u00eateur,\nsont charg\u00e9s, chacun en ce qui le concerne, de l'ex\u00e9cution du pr\u00e9sent arr\u00eat\u00e9 qui sera publi\u00e9  \nau recueil des actes administratifs de la pr\u00e9fecture du Var.\nFait \u00e0 Toulon, le 31 juillet 2025\nPour le pr\u00e9fet,\nPour le Directeur D\u00e9partemental des \nTerritoires et de la Mer et par d\u00e9l\u00e9gation,\nle Chef du Service Mer et Littoral - PI\n                      sign\u00e9\n     Laurelyne VAN ISEGHEM\nDirection d\u00e9partementale des territoires et de la mer du Var - 83-2025-07-31-00007 - arr\u00eat\u00e9 pr\u00e9fectoral - RAA portant ouverture et\norganisation d'une enqu\u00eate publique relative \u00e0 la demande d'autorisation environnementale d\u00e9cennale pour des travaux de dragage\net de rechargement de plages - communes fr\u00e9jus et Saint-Rapha\u00ebl\n13\nPr\u00e9fecture du VAR\n83-2025-07-31-00009\nARR\u00caT\u00c9 PR\u00c9FECTORAL n\u00b0 DCL/BERG/2025/0100\ndu 31 juillet 2025 portant habilitation dans le\ndomaine fun\u00e9raire de l'\u00e9tablissement secondaire\nde pompes fun\u00e8bres \u00ab\u00a0LE TREFLE\u00a0\u00bb\nAngle de l'Avenue Gambetta et de l'Avenue du 8\nmai 1945 \u00e0 HYERES (83400)\nHabilitation N\u00b0 25-83-0299\nPr\u00e9fecture du VAR - 83-2025-07-31-00009 - ARR\u00caT\u00c9 PR\u00c9FECTORAL n\u00b0 DCL/BERG/2025/0100 du 31 juillet 2025 portant habilitation dans\nle domaine fun\u00e9raire de l'\u00e9tablissement secondaire de pompes fun\u00e8bres \u00ab\u00a0LE TREFLE\u00a0\u00bb\nAngle de l'Avenue Gambetta et de l'Avenue du 8 mai 1945 \u00e0 HYERES (83400)\nHabilitation N\u00b0 25-83-0299\n14\n=mPREFETDU VARLibert\u00e9Egalit\u00e9Fraternit\u00e9\nDirection de la citoyennet\u00e9 et de la l\u00e9galit\u00e9\nBureau des \u00e9lections et de la r\u00e9glementation g\u00e9n\u00e9rale\nARR\u00caT\u00c9 PR\u00c9FECTORAL n\u00b0 DCL/BERG/2025/0100 du 31 juillet 2025\nportant habilitation dans le domaine fun\u00e9raire\nde l'\u00e9tablissement secondaire de pompes fun\u00e8bres \u00ab LE TREFLE \u00bb\nAngle de l'Avenue Gambetta et de l'Avenue du 8 mai 1945 \u00e0 HYERES (83400)\nHabilitation N\u00b0 25-83-0299\nLe Pr\u00e9fet du Var,\nVu le code g\u00e9n\u00e9ral des collectivit\u00e9s territoriales  et notamment ses articles L2223-23 et suivants  \nainsi que ses articles R223-56 et suivants ;\nVu la loi n\u00b0 2008-1350 du 19 d\u00e9cembre 2008 relative \u00e0 la l\u00e9gislation fun\u00e9raire ;\nVu le d\u00e9cret du Pr\u00e9sident de la R\u00e9publique du 15 mai 2025, portant nomination de Monsieur  \nSimon BABRE, pr\u00e9fet du Var ;\nVu l'arr\u00eat\u00e9 pr\u00e9fectoral n\u00b0 2025/12/MCI du 2 juin 2025 portant d\u00e9l\u00e9gation de signature \u00e0 Monsieur  \nLucien GIUDICELLI, secr\u00e9taire g\u00e9n\u00e9ral de la pr\u00e9fecture du Var, sous-pr\u00e9fet de l'arrondissement de  \nToulon ;\nVu  l'arr\u00eat\u00e9  pr\u00e9fectoral  n\u00b0  2025/53/MCI  du  15  juillet  2025  portant  d\u00e9l\u00e9gation  de  signature  \u00e0 \nMonsieur Thibaut DARGON, directeur de la citoyennet\u00e9 et de la l\u00e9galit\u00e9 de la pr\u00e9fecture du Var ;\nVu  l'arr\u00eat\u00e9  pr\u00e9fectoral  du  26  mars  2019  portant  renouvellement  d'habilitation  dans  le \ndomaine fun\u00e9raire de l'\u00e9tablissement secondaire \u00ab LE TREFLE \u00bb, situ\u00e9 Angle avenue Gambetta  \net du 8 mai 1945 \u00e0 Hy\u00e8res (83400), prenant effet le 4 mai 2019 pour une dur\u00e9e de cinq ans  \nsoit jusqu'au 3 mai 2025 ;\nVu la demande le 5 juin 2025 de renouvellement de l 'habilitation dans le domaine fun\u00e9raire  \nformul\u00e9e par Monsieur Gilles GARCIA, g\u00e9rant, de l'\u00e9tablissement secondaire \u00ab  LE TREFLE \u00bb, sis \nAngle de l'Avenue Gambetta et de l'Avenue du 8 mai 1945 \u00e0 Hy\u00e8res (83400) ;\nConsid\u00e9rant que la demande n'a pas \u00e9t\u00e9 re\u00e7ue dans les d\u00e9lais pr\u00e9vus ;\nConsid\u00e9rant la compl\u00e9tude du dossier le 11 juillet 2025 ;\nSur proposition du secr\u00e9taire g\u00e9n\u00e9ral de la pr\u00e9fecture ;\nARR\u00caTE\nArticle  1  :  L '\u00e9tablissement  secondaire  de  pompes  fun\u00e8bres  relevant  de  la  SARL  \n\u00ab STE D'EXPLOITATION LE TREFLE  \u00bb \u00e0 La Seyne-sur-Mer, exploit\u00e9 sous le nom commercial et  \nsous l'enseigne \u00ab LE TREFLE \u00bb sis Angle de l'Avenue Gambetta et de l'Avenue du 8 mai 1945 \u00e0  \nHy\u00e8res  (83400)  dont  Monsieur  Gilles  GARCIA  est  le  g\u00e9rant,  est  habilit\u00e9  pour  exercer  les \nactivit\u00e9s suivantes :\n1 - Transport de corps avant et apr\u00e8s mise en bi\u00e8re,\n1/2\nPr\u00e9fecture du VAR - 83-2025-07-31-00009 - ARR\u00caT\u00c9 PR\u00c9FECTORAL n\u00b0 DCL/BERG/2025/0100 du 31 juillet 2025 portant habilitation dans\nle domaine fun\u00e9raire de l'\u00e9tablissement secondaire de pompes fun\u00e8bres \u00ab\u00a0LE TREFLE\u00a0\u00bb\nAngle de l'Avenue Gambetta et de l'Avenue du 8 mai 1945 \u00e0 HYERES (83400)\nHabilitation N\u00b0 25-83-0299\n15\n2 - Organisation des obs\u00e8ques,\n3 - Soins de con servation, en sous-traitance avec la soci\u00e9t\u00e9 \u00ab OL\u00c9A SERVICES FUNERAIRES  \u00bb \nsise 51 avenue des anciens combattants d'Indochine \u00e0 La Seyne-sur-Mer (83500), habilit\u00e9e  \nsous le num\u00e9ro 22-83-0097 .\n4 - Fourniture des housses, cercueils et accessoires int\u00e9rieur et ext\u00e9rieur ainsi que des urnes\ncin\u00e9raires,\n7 - Fourniture des corbillards et voitures de deuil,\n8 - Fourniture  de  personnels  et  des  objets  et  prestations  n\u00e9cessaires  aux  obs\u00e8ques, \ninhumations, exhumations et cr\u00e9mations.\nArticle 2     : L'habilitation porte le num\u00e9ro 25-83-0299.\nArticle 3     : La pr\u00e9sente habilitation est d\u00e9livr\u00e9e pour une dur\u00e9e de cinq ans.\nPour  solliciter  le  renouvellement  de  la  pr\u00e9sente  habilitation,  le  b\u00e9n\u00e9ficiaire  devra  faire \nparvenir sa demande en pr\u00e9fecture au plus tard deux mois avant sa date de fin de validit\u00e9.\nArticle 4     : Conform\u00e9ment aux articles L.2223-25 et R.2223-64, D.2223-87 du code g\u00e9n\u00e9ral des  \ncollectivit\u00e9s  territoriales,  et  \u00e0  d\u00e9faut  de  la  production,  dans  les  meilleurs  d\u00e9lais,  des \njustificatifs de conformit\u00e9 des \u00e9quipements, la pr\u00e9sente habilitation pourra \u00eatre suspendue  \npour une dur\u00e9e maximale d'un an ou retir\u00e9e, apr\u00e8s mise en demeure, pour les motifs suivants :\n- non-respect des conditions de sa d\u00e9livrance telles qu'elles sont d\u00e9finies par les dispositions  \ndu code g\u00e9n\u00e9ral des collectivit\u00e9s territoriales ;\n- non exercice ou cessation d'exercice des activit\u00e9s au titre desquelles elle a \u00e9t\u00e9 d\u00e9livr\u00e9e ;\n- atteinte \u00e0 l'ordre public ou danger pour la salubrit\u00e9 publique.\nDans  les  cas  o\u00f9  le  b\u00e9n\u00e9ficiaire  est  un  d\u00e9l\u00e9gataire,  le  retrait  d'habilitation  entra\u00eene  la \nd\u00e9ch\u00e9ance des d\u00e9l\u00e9gations.\nArticle 5     : Le secr\u00e9taire g\u00e9n\u00e9ral de la pr\u00e9fecture du Var est charg\u00e9 de l'ex\u00e9cution du pr\u00e9sent  \narr\u00eat\u00e9 qui sera publi\u00e9 au recueil des actes administratifs de la pr\u00e9fecture du Var et dont une  \ncopie sera adress\u00e9e au maire de la commune de Hy\u00e8res pour information.\nFait \u00e0 Toulon, le 31 juillet 2025\nPour le pr\u00e9fet et par d\u00e9l\u00e9gation,\n         l'adjoint au directeur\nde la citoyennet\u00e9 et de la l\u00e9galit\u00e9\nSign\u00e9\nLionel GARENTE\nDans un d\u00e9lai de deux mois \u00e0 compter de la date de la notification ou de la publication du pr\u00e9sent arr\u00eat\u00e9 au recueil des actes administratifs de la \npr\u00e9fecture, les recours suivants peuvent \u00eatre introduits conform\u00e9ment aux dispositions des articles R. 421-1 et suivants du code de justice \nadministrative :\n- un recours gracieux, adress\u00e9 \u00e0 :\nM. le Pr\u00e9fet du Var - Boulevard du 112\u00e8me r\u00e9giment d'infanterie - CS 31209 - 83070 TOULON CEDEX\n- un recours hi\u00e9rarchique, adress\u00e9 au(x) ministre(s) concern\u00e9(s) ;\nDans ces deux cas, le silence de l'Administration vaut rejet implicite au terme d'un d\u00e9lai de deux mois.\nApr\u00e8s un recours gracieux ou hi\u00e9rarchique, le d\u00e9lai du recours contentieux ne court qu'\u00e0 compter du rejet explicite ou implicite de l'un de ces \nrecours.\n- un recours contentieux, en saisissant le Tribunal Administratif de Toulon : 5 rue Racine -BP 40510 - 83 041 TOULON CEDEX 9\nLe tribunal administratif peut \u00eatre saisi par l'application informatique \u00ab T\u00e9l\u00e9cours \u00bb accessible par le site internet www.telecours.fr.\n2/2\nPr\u00e9fecture du VAR - 83-2025-07-31-00009 - ARR\u00caT\u00c9 PR\u00c9FECTORAL n\u00b0 DCL/BERG/2025/0100 du 31 juillet 2025 portant habilitation dans\nle domaine fun\u00e9raire de l'\u00e9tablissement secondaire de pompes fun\u00e8bres \u00ab\u00a0LE TREFLE\u00a0\u00bb\nAngle de l'Avenue Gambetta et de l'Avenue du 8 mai 1945 \u00e0 HYERES (83400)\nHabilitation N\u00b0 25-83-0299\n16\nPr\u00e9fecture du VAR\n83-2025-07-31-00008\nARR\u00caT\u00c9 PR\u00c9FECTORAL n\u00b0 DCL/BERG/2025/0158\ndu 31 juillet 2025 portant habilitation de\nl'auto-entreprise d\u00e9nomm\u00e9e \u00ab\u00a0VERMECH\nCAMILLE\u00a0\u00bb\nexploit\u00e9e par M. VERMECH Camille sise\n17 rue de l'\u00e9glise \u00e0 NANS-LES-PINS (83860)\ndans le domaine fun\u00e9raire - Habilitation N\u00b0\n25-83-0298\nPr\u00e9fecture du VAR - 83-2025-07-31-00008 - ARR\u00caT\u00c9 PR\u00c9FECTORAL n\u00b0 DCL/BERG/2025/0158 du 31 juillet 2025 portant habilitation de\nl'auto-entreprise d\u00e9nomm\u00e9e \u00ab\u00a0VERMECH CAMILLE\u00a0\u00bb\nexploit\u00e9e par M. VERMECH Camille sise\n17 rue de l'\u00e9glise \u00e0 NANS-LES-PINS (83860)\ndans le domaine fun\u00e9raire - Habilitation N\u00b0 25-83-0298\n17\n=mPREFETDU VARLibert\u00e9Egalit\u00e9Fraternit\u00e9\nDirection de la citoyennet\u00e9 et de la l\u00e9galit\u00e9\nBureau des \u00e9lections et de la r\u00e9glementation g\u00e9n\u00e9rale\nARR\u00caT\u00c9 PR\u00c9FECTORAL n\u00b0 DCL/BERG/2025/0158 du 31 juillet 2025\nportant habilitation de l'auto-entreprise d\u00e9nomm\u00e9e \u00ab VERMECH CAMILLE \u00bb\nexploit\u00e9e par M. VERMECH Camille sise\n17 rue de l'\u00e9glise \u00e0 NANS-LES-PINS (83860)\ndans le domaine fun\u00e9raire\nHabilitation N\u00b0 25-83-0298\nLe Pr\u00e9fet du Var,\nVu le code g\u00e9n\u00e9ral des collectivit\u00e9s territoriales  et notamment ses articles L2223-23 et suivants  \nainsi que ses articles R223-56 et suivants ;\nVu la loi n\u00b0 2008-1350 du 19 d\u00e9cembre 2008 relative \u00e0 la l\u00e9gislation fun\u00e9raire ;\nVu le d\u00e9cret du Pr\u00e9sident de la R\u00e9publique du 15 mai 2025, portant nomination de Monsieur  \nSimon BABRE, pr\u00e9fet du Var ;\nVu l'arr\u00eat\u00e9 pr\u00e9fectoral n\u00b0 2025/12/MCI du 2 juin 2025 portant d\u00e9l\u00e9gation de signature \u00e0 Monsieur  \nLucien GIUDICELLI, secr\u00e9taire g\u00e9n\u00e9ral de la pr\u00e9fecture du Var, sous-pr\u00e9fet de l'arrondissement de  \nToulon ;\nVu  l'arr\u00eat\u00e9  pr\u00e9fectoral  n\u00b0  2025/53/MCI  du  15  juillet  2025  portant  d\u00e9l\u00e9gation  de  signature  \u00e0 \nMonsieur Thibaut DARGON, directeur de la citoyennet\u00e9 et de la l\u00e9galit\u00e9 de la pr\u00e9fecture du Var ;\nVu la demande re\u00e7ue le 31 mars 2025 de Monsieur Camille VERMERCH, auto-entrepreneur,  \nsollicitant l'habilitation de l'auto-entreprise d\u00e9nomm\u00e9e \u00ab  VERMECH CAMILLE \u00bb exploit\u00e9e par \nMonsieur VERMECH Camille, sise 17 rue de l'\u00e9glise \u00e0 Nans-les-Pins (83860) dans le domaine  \nfun\u00e9raire ;\nConsid\u00e9rant que Monsieur VERMECH Camille, exploitant, d\u00e9clare exercer une activit\u00e9 de  \nfossoyeur, \u00e0 l'exclusion de toute autre activit\u00e9 ext\u00e9rieure de pompes fun\u00e8bres, l'int\u00e9ress\u00e9 est  \nr\u00e9put\u00e9 satisfaire aux conditions d'aptitude professionnelles pr\u00e9vues par l'article R2223-42 du  \ncode g\u00e9n\u00e9ral des collectivit\u00e9s territoriales ;\nConsid\u00e9rant que la demande est constitu\u00e9e conform\u00e9ment \u00e0 la l\u00e9gislation en vigueur ;\nSur proposition du secr\u00e9taire g\u00e9n\u00e9ral de la pr\u00e9fecture ;\nARR\u00caTE\nArticle  1 :  L'auto-entreprise  d\u00e9nomm\u00e9e  \u00ab VERMECH  CAMILLE \u00bb  sise  17  rue  de  l'\u00e9glise  \u00e0 \nNans-les-Pins (83860) exploit\u00e9e par Monsieur VERMECH Camille, est habilit\u00e9e pour exercer les \nactivit\u00e9s fun\u00e9raires suivantes :\n8 - Fourniture  de  personnels  et  des  objets  et  prestations  n\u00e9cessaires  aux  obs\u00e8ques, \ninhumations, exhumations et cr\u00e9mations.\n1/2\nPr\u00e9fecture du VAR - 83-2025-07-31-00008 - ARR\u00caT\u00c9 PR\u00c9FECTORAL n\u00b0 DCL/BERG/2025/0158 du 31 juillet 2025 portant habilitation de\nl'auto-entreprise d\u00e9nomm\u00e9e \u00ab\u00a0VERMECH CAMILLE\u00a0\u00bb\nexploit\u00e9e par M. VERMECH Camille sise\n17 rue de l'\u00e9glise \u00e0 NANS-LES-PINS (83860)\ndans le domaine fun\u00e9raire - Habilitation N\u00b0 25-83-0298\n18\nArticle 2     : L'habilitation porte le num\u00e9ro 25-83-0298.\nArticle 3     : La pr\u00e9sente habilitation est d\u00e9livr\u00e9e pour une dur\u00e9e de cinq ans.\nPour  solliciter  le  renouvellement  de  la  pr\u00e9sente  habilitation,  le  b\u00e9n\u00e9ficiaire  devra  faire \nparvenir sa demande en pr\u00e9fecture au plus tard deux mois avant sa date de fin de validit\u00e9.\nArticle 4     : Conform\u00e9ment aux articles L.2223-25 et R.2223-64, D.2223-87 du code g\u00e9n\u00e9ral des  \ncollectivit\u00e9s  territoriales,  et  \u00e0  d\u00e9faut  de  la  production,  dans  les  meilleurs  d\u00e9lais,  des \njustificatifs de conformit\u00e9 des \u00e9quipements, la pr\u00e9sente habilitation pourra \u00eatre suspendue  \npour une dur\u00e9e maximale d'un an ou retir\u00e9e, apr\u00e8s mise en demeure, pour les motifs suivants :\n- non-respect des conditions de sa d\u00e9livrance telles qu'elles sont d\u00e9finies par les dispositions  \ndu code g\u00e9n\u00e9ral des collectivit\u00e9s territoriales ;\n- non exercice ou cessation d'exercice des activit\u00e9s au titre desquelles elle a \u00e9t\u00e9 d\u00e9livr\u00e9e ;\n- atteinte \u00e0 l'ordre public ou danger pour la salubrit\u00e9 publique.\nDans  les  cas  o\u00f9  le  b\u00e9n\u00e9ficiaire  est  un  d\u00e9l\u00e9gataire,  le  retrait  d'habilitation  entra\u00eene  la \nd\u00e9ch\u00e9ance des d\u00e9l\u00e9gations.\nArticle 5     : Le secr\u00e9taire g\u00e9n\u00e9ral de la pr\u00e9fecture du Var est charg\u00e9 de l'ex\u00e9cution du pr\u00e9sent  \narr\u00eat\u00e9 qui sera publi\u00e9 au recueil des actes administratifs de la pr\u00e9fecture du Var et dont une  \ncopie sera adress\u00e9e au maire de la commune de Nans-les-Pins pour information.\nFait \u00e0 Toulon, le 31 juillet 2025\nPour le pr\u00e9fet et par d\u00e9l\u00e9gation,\n         l'adjoint au directeur\nde la citoyennet\u00e9 et de la l\u00e9galit\u00e9\nSign\u00e9\nLionel GARENTE\nDans un d\u00e9lai de deux mois \u00e0 compter de la date de la notification ou de la publication du pr\u00e9sent arr\u00eat\u00e9 au recueil des actes administratifs de la \npr\u00e9fecture, les recours suivants peuvent \u00eatre introduits conform\u00e9ment aux dispositions des articles R. 421-1 et suivants du code de justice \nadministrative :\n- un recours gracieux, adress\u00e9 \u00e0 :\nM. le Pr\u00e9fet du Var - Boulevard du 112\u00e8me r\u00e9giment d'infanterie - CS 31209 - 83070 TOULON CEDEX\n- un recours hi\u00e9rarchique, adress\u00e9 au(x) ministre(s) concern\u00e9(s) ;\nDans ces deux cas, le silence de l'Administration vaut rejet implicite au terme d'un d\u00e9lai de deux mois.\nApr\u00e8s un recours gracieux ou hi\u00e9rarchique, le d\u00e9lai du recours contentieux ne court qu'\u00e0 compter du rejet explicite ou implicite de l'un de ces \nrecours.\n- un recours contentieux, en saisissant le Tribunal Administratif de Toulon : 5 rue Racine -BP 40510 - 83 041 TOULON CEDEX 9\nLe tribunal administratif peut \u00eatre saisi par l'application informatique \u00ab T\u00e9l\u00e9cours \u00bb accessible par le site internet www.telecours.fr.\n2/2\nPr\u00e9fecture du VAR - 83-2025-07-31-00008 - ARR\u00caT\u00c9 PR\u00c9FECTORAL n\u00b0 DCL/BERG/2025/0158 du 31 juillet 2025 portant habilitation de\nl'auto-entreprise d\u00e9nomm\u00e9e \u00ab\u00a0VERMECH CAMILLE\u00a0\u00bb\nexploit\u00e9e par M. VERMECH Camille sise\n17 rue de l'\u00e9glise \u00e0 NANS-LES-PINS (83860)\ndans le domaine fun\u00e9raire - Habilitation N\u00b0 25-83-0298\n19","date":"2025-08-01","first_seen_on":"2025-08-04T16:44:25+00:00","id":"55b80287778f5c27b032d50f5f8c1d1d6faf013e558606e89c271e7f2af824d2","name":"RAA N\u00b0262 du 1er ao\u00fbt 2025","pdf_creation_date":"2025-08-01T13:30:45+00:00","pdf_modification_date":null,"timezone":"Europe/Paris","url":"https://www.var.gouv.fr/contenu/telechargement/42218/276232/file/RAA%20N%C2%B0262%20du%201er%20ao%C3%BBt%202025%20NOMINATIF.pdf"}
