{"administration":"pref83","administration_name":"Pr\u00e9fecture du Var","content":"VAR\nRECUEIL DES ACTES\nADMINISTRATIFS\nN\u00b083-2025-335\nPUBLI\u00c9 LE  6 OCTOBRE 2025\nSommaire\nAgence r\u00e9gionale de sant\u00e9 du Var / Direction de l'ARS du var\n83-2025-09-25-00014 - Arr\u00eat\u00e9 du 25 septembre 2025 fixant la\ncomposition nominative du conseil de surveillance du centre hospitalier\nintercommunal de Toulon La Seyne sur Mer (4 pages) Page 4\nDirection d\u00e9partementale des territoires et de la mer du Var / Service\nagriculture et for\u00eat de la DDTM\n83-2025-09-29-00009 - ARR\u00caT\u00c9 PR\u00c9FECTORAL n\u00b0\nDDTM/SAF/BCFSP/2025 - 092 du 29/09/2025\nPORTANT\nMODIFICATION DE LA R\u00c9SERVE DE CHASSE ET DE FAUNE SAUVAGE DE\nL'EOUVIERE SUR LA COMMUNE DE SAINT-JULIEN-LE-MONTAGNIER (3\npages) Page 9\n83-2025-10-01-00015 - ARR\u00caT\u00c9 PR\u00c9FECTORAL n\u00b0\nDDTM/SAF/BCFSP/2025 - 096 DU 01/10/2025\nMODIFIANT\nL'ARR\u00caT\u00c9 PR\u00c9FECTORAL N\u00b0DDTM/SAF/BCFSP 2025 - 038 DU\n06/05/2025 RELATIF A L'OUVERTURE ET A LA CL\u00d4TURE DE LA CHASSE\nPOUR LA CAMPAGNE 2025-2026 DANS LE D\u00c9PARTEMENT DU VAR (2\npages) Page 13\nDirection d\u00e9partementale des territoires et de la mer du Var / Service\nplanifications et prospective de la DDTM\n83-2025-10-01-00017 - arr\u00eat\u00e9 de classement - Monfort sur argens raa (3\npages) Page 16\n83-2025-10-01-00016 - arr\u00eat\u00e9 de classement - Ollioules raa (3 pages) Page 20\n83-2025-10-01-00018 - arr\u00eat\u00e9 de classement - Six fours les plages raa (3\npages) Page 24\n83-2025-10-01-00019 - arr\u00eat\u00e9 de classement - Vins sur Caramy raa (3\npages) Page 28\nDirection des services d\u00e9partementaux de l'\u00e9ducation nationale du Var /\n83-2025-10-02-00005 - Arr\u00eat\u00e9 pr\u00e9fectoral n\u00b0SDJES-2025-040 portant\nr\u00e9ouverture d'une partie d'un \u00e9tablissement dans lequel sont\npratiqu\u00e9es des activit\u00e9s physiques ou sportives (3 pages) Page 32\nDirection des services d\u00e9partementaux de l'\u00e9ducation nationale du Var /\nDirection de la DSDEN du Var\n83-2025-09-24-00004 - Arr\u00eat\u00e9 2025-JEP-0002 du 24092025 - Copains\nd'antonin (2 pages) Page 36\nPr\u00e9fecture du VAR / Direction de la citoyennet\u00e9 et de la l\u00e9galit\u00e9\n83-2025-10-06-00003 - ARR\u00caT\u00c9 PR\u00c9FECTORAL n\u00b0 DCL/BERG/2025/202\ndu 06 octobre 2025 portant modification de l'arr\u00eat\u00e9 n\u00b0\nDCL/BERG/2025/174 du 11 septembre 2025 portant constitution des\ncommissions d'organisation des \u00e9lections pour le renouvellement des\nmembres des tribunaux de commerce de Draguignan, Fr\u00e9jus et Toulon - \nScrutins des 9 et 22 octobre 2025, dans l'hypoth\u00e8se d'un second\ntour (2 pages) Page 39\n2\nPr\u00e9fecture du VAR / Direction des s\u00e9curit\u00e9s\n83-2025-10-02-00003 - Arr\u00eat\u00e9 n\u00b02025-BSP-OP-088 autorisant la\ncaptation, l'enregistrement et la transmission\nd'images au moyen de\ncam\u00e9ras install\u00e9es sur des a\u00e9ronefs (4 pages) Page 42\n83-2025-10-06-00002 - Arr\u00eat\u00e9 n\u00b02025/13/DS/SESR/PDAC du 6 octobre\n2025 portant agr\u00e9ment du Docteur Fran\u00e7ois MICHEL pour le contr\u00f4le\nm\u00e9dical de l'aptitude \u00e0 la conduite (2 pages) Page 47\n3\nAgence r\u00e9gionale de sant\u00e9 du Var\n83-2025-09-25-00014\nArr\u00eat\u00e9 du 25 septembre 2025 fixant la\ncomposition nominative du conseil de\nsurveillance du centre hospitalier intercommunal\nde Toulon La Seyne sur Mer\nAgence r\u00e9gionale de sant\u00e9 du Var - 83-2025-09-25-00014 - Arr\u00eat\u00e9 du 25 septembre 2025 fixant la composition nominative du conseil\nde surveillance du centre hospitalier intercommunal de Toulon La Seyne sur Mer 4\nt\nr AI (REPUBLIQUE \u00a9 D Agence R\u00e9gionale de SanteFRANCAISE Provence-Alpes \"\u00e0: C\u00f4te d'AzurLibert\u00e9\u00c9galit\u00e9Fraternit\u00e9\nARRETE du 25 septembre 2025fixant la composition nominative du conseil de surveillance du centre hospitalierintercommunal de Toulon La Seyne sur Mer situ\u00e9 \u00e0 Toulon (VAR)\nLE DIRECTEUR DE L'AGENCE REGIONALE DE SANTE DE PROVENCE, ALPES, COTE D'AZUR\nVu le code de la sant\u00e9 publique, notamment ses articles L.6143-5, L.6143-6, R.6143-1 \u00e0 R.6143-4 etR.6143-12 ;Vu la loi n\u00b0 2009-879 du 21 juillet 2009 portant r\u00e9forme de l'h\u00f4pital et relative aux patients, \u00e0 la sant\u00e9 etaux territoires ;Vu l'ordonnance n\u00b0 2010-177 du 23 f\u00e9vrier 2010 de coordination avec la loi n\u00b02099-879 du 21 juillet 2009portant r\u00e9forme de l'h\u00f4pital et relative aux patients, \u00e0 la sant\u00e9 et aux territoires ;Vu le d\u00e9cret n\u00b0 2010-336 du 31 mars 2010 portant cr\u00e9ation des agences r\u00e9gionales de sant\u00e9 ;Vu le d\u00e9cret n\u00b0 2010-344 du 31 mars 2010 tirant les cons\u00e9quences, au niveau r\u00e9glementaire, del'intervention de-la loi n\u00b0 2009-879 du 21 juillet 2009 portant r\u00e9forme de l'h\u00f4pital et relative aux patients,a la sant\u00e9 et aux territoires ;Vu le d\u00e9cret n\u00b02010-361 du 8 avril 2010 relatif aux conseils de surveillance des \u00e9tablissements publicsde sant\u00e9 ;Vu le d\u00e9cret du 16 juillet 2024 portant nomination de Monsieur Yann BUBIEN en qualit\u00e9 de directeur g\u00e9n\u00e9ralde l'Agence r\u00e9gionale de Provence -Alpes-C\u00f4te d'Azur \u00e0 compter du 18 juillet 2024 ;Vu l'arr\u00eat\u00e9 du 18 juillet 2024 portant d\u00e9l\u00e9gation de signature \u00e0 Monsieur S\u00e9bastien MONIE, directeur dela d\u00e9l\u00e9gation d\u00e9partementale du Var de l'Agence r\u00e9gionale de sant\u00e9 Provence-Alpes-C\u00f4te d'Azur ;Vu l'arr\u00eat\u00e9 ARS PACA du 12 f\u00e9vrier 2025 fixant la composition nominative du conseil de surveillance ducentre hospitalier intercommunal de Toulon La Seyne sur Mer ;\nARRETE\nArticle 1\u00b0: L'arr\u00eat\u00e9 ARS PACA du 12 f\u00e9vrier 2025 fixant la composition nominative du conseil desurveillance du centre hospitalier intercommunal de Toulon La Seyne sur Mer est modifi\u00e9 ainsi qu'ilsuit :\nI. Sont membres du conseil de surveillance avec voix d\u00e9lib\u00e9rative :\nAgence r\u00e9gionale de sant\u00e9 Provence-Alpes-C\u00e9te d'Azur- D\u00e9l\u00e9gation d\u00e9partementale du Var \u2014 Immeuble TOVA 2 - 177 boulevard duDocteur Charles Barnier\u2014 CS 31302- 83076 Toulon CedexT\u00e9l.: 04 13 55 89 02 / Fax: 04 13 55 80 40 / www.ars.paca.sante.frPage 1/3\nAgence r\u00e9gionale de sant\u00e9 du Var - 83-2025-09-25-00014 - Arr\u00eat\u00e9 du 25 septembre 2025 fixant la composition nominative du conseil\nde surveillance du centre hospitalier intercommunal de Toulon La Seyne sur Mer 5\n1\u00b0) En qualit\u00e9 de repr\u00e9sentant des collectivit\u00e9s territoriales :\n- Madame Brigitte GENETELLI, conseiller communautaire, repr\u00e9sentant la communaut\u00e9d'agglom\u00e9ration Toulon Provence M\u00e9diterran\u00e9e en remplacement de Madame Genevi\u00e8ve LEVY ;\nArticle 2: Le conseil de surveillance du centre hospitalier intercommunal de Toulon La Seyne sur Mer,dont le si\u00e9ge est sis 54, rue Henri Sainte-Claire Deville, 83056 Toulon Cedex, \u00e9tablissement public desant\u00e9 de ressort intercommunal est compos\u00e9 des membre ci-apr\u00e8s :I. Sont membres du conseil de surveillance avec voix d\u00e9lib\u00e9rative :\n1\u00b0) En qualit\u00e9 de repr\u00e9sentant des collectivit\u00e9s territoriales :\n- Madame Jos\u00e9e MASSI, Maire de Toulon, membre de droit, repr\u00e9sentant la commune si\u00e8ge del'\u00e9tablissement pricipal ;- Madame Basma BOUCHKARA, repr\u00e9sentant de la commune de La Seyne sur Mer, principalecommune d'origine des patients en nombre d'entr\u00e9e en hospitalisation au cours du dernierexercice connu, autre que celle du si\u00e8ge de l'\u00e9tablissement principal ;= Madame Dominique ANDREOTTI, conseiller communautaire, repr\u00e9sentant la communaut\u00e9d'agglom\u00e9ration Toulon Provence M\u00e9diterran\u00e9e ;- Madame Brigitte GENETELLI, conseiller communautaire, repr\u00e9sentant la communaut\u00e9d'agglom\u00e9ration Toulon Provence M\u00e9diterran\u00e9e ;- Monsieur Joseph MULE, repr\u00e9sentant du pr\u00e9sident du conseil d\u00e9partemental du Var :\n2\u00b0) En qualit\u00e9 de repr\u00e9sentant du personnel :- Madame Hafida RACHDAOUI, repr\u00e9sentant de la commission de soins infirmiers, de r\u00e9\u00e9ducationet m\u00e9dico-techniques ; .- Madame le Dr Catherine VELLY, repr\u00e9sentant de la commission m\u00e9dicale d'\u00e9tablissement ;- Monsieur le Dr Hadrien PEYRIERE, repr\u00e9sentant de la commission m\u00e9dicale d'\u00e9tablissement ;- Madame Jessica MICHEL, repr\u00e9sentant d\u00e9sign\u00e9 par l'organisation syndicale Force Ouvi\u00e8re ;= Monsieur Gilles MANCHON, repr\u00e9sentant d\u00e9sign\u00e9 par l'organisation syndicale Force Ouvi\u00e8re ;\n3\u00b0) En qualit\u00e9 de personnalit\u00e9 qualifi\u00e9e :- Monsieur Fran\u00e7ois DEBATS, personnalit\u00e9 qualifi\u00e9e d\u00e9sign\u00e9e par le directeur g\u00e9n\u00e9ral de l'Agencer\u00e9gionale de sant\u00e9 de Provence-Alpes-C\u00f4te d'Azur ;- Monsieur G\u00e9rard FIOUX, personnalit\u00e9 qualifi\u00e9e d\u00e9sign\u00e9e par le directeur g\u00e9n\u00e9ral de l'Agencer\u00e9gionale de sant\u00e9 de Provence-Alpes-C\u00f4te d'Azur ;- Madame Janine BELLOT, pr\u00e9sidente du comit\u00e9 du Var de la ligue contre le cancer, repr\u00e9sentantdes usagers d\u00e9sign\u00e9 par le pr\u00e9fet du d\u00e9partement du Var;- Madame Jeannine GHIO, de l'union d\u00e9partementale des association familiales du Var,repr\u00e9sentant des usagers d\u00e9sign\u00e9 par le pr\u00e9fet du d\u00e9partement du Var ;\nAgence r\u00e9gionale de sant\u00e9 Provence-Alpes-C\u00f4te d'Azur - D\u00e9l\u00e9gation d\u00e9partementale du Var \u2014 Immeuble TOVA 2 - 177 boulevard duDocteur Charles Barnier \u2014 CS 31302 - 83076 Toulon CedexT\u00e9l. : 04 13 55 89 02 / Fax : 04 13 55 80 40 / www.ars.paca.sante.frPage 2/3\nAgence r\u00e9gionale de sant\u00e9 du Var - 83-2025-09-25-00014 - Arr\u00eat\u00e9 du 25 septembre 2025 fixant la composition nominative du conseil\nde surveillance du centre hospitalier intercommunal de Toulon La Seyne sur Mer 6\n- Monsieur Alexandre MULLER, directeur g\u00e9n\u00e9ral du groupe Umane, personnalit\u00e9 qualifi\u00e9ed\u00e9sign\u00e9e par le pr\u00e9fet du d\u00e9partement du Var ;\nIL. Sont membres du conseil de surveillance avec voix consultative :- Monsieur le Dr Yannick KNEFATI, pr\u00e9sident de la commision m\u00e9dicale d'\u00e9tablissement,vice-pr\u00e9sident du directoire du centre hospitalier intercommunal de Toulon La Seyne sur Mer ;- Le directeur g\u00e9n\u00e9ral de l'Agence r\u00e9gionale de sant\u00e9 de Provence-Alpes-C\u00f4te d'Azur ;- Monsieur le Dr Julien MERRIEN, pr\u00e9sident de la COMETIC, repr\u00e9sentant de la structure charg\u00e9ede la r\u00e9flexion d'\u00e9thique au sein du centre hospitalier intercommunal de Toulon La Seyne surMer ;- Le directeur de la caisse d'Assurance maladie de Toulon ;- Madame Marie-Jos\u00e9 FERRIN, repr\u00e9sentant des familles de personnes accueillies dansl'\u00e9tablissement h\u00e9bergeant des personnes \u00e2g\u00e9es d\u00e9pendantes ;\nArticle 3 : La dur\u00e9e des fonctions des membres du conseil de surveillance est fix\u00e9e \u00e0 cinq ans sousr\u00e9serve des dispositions particuli\u00e8res pr\u00e9vues \u00e0 l'article R.6143-12 du code de la sant\u00e9 publique.\nArticle 4: Un recours contentieux peut \u00eatre form\u00e9 aupr\u00e8s du tribunal administratif territorialementcomp\u00e9tent dans un d\u00e9lai franc de deux mois \u00e0 compter de la notification du pr\u00e9sent arr\u00eat\u00e9 pour lesint\u00e9ress\u00e9s ou de sa publication pour les tiers.Article 5: Le directeur g\u00e9n\u00e9ral de l'Agence r\u00e9gionale de sant\u00e9 de Provence-Alpes-C\u00e9te d'Azur, ledirecteur de la d\u00e9l\u00e9gation d\u00e9partementale du Var et le directeur du centre hospitalier intercommunal deToulon La Seyne sur Mer sont charg\u00e9s, chacun en ce qui le concerne, de l'ex\u00e9cution du pr\u00e9sent arr\u00eat\u00e9qui sera publi\u00e9 au recueil des actes administratifs de la pr\u00e9fecture de la r\u00e9gion Provence-Alpes-C\u00f4ted'Azur et de la pr\u00e9fecture du d\u00e9partement du Var.\nToulon, le 25 septembre 2025\nPour le g\u00e9n\u00e9ral de l'agencelo girecteur d\u00e9partemental du Var\nS\u00e9bastien Moni\u00e9\nAgence r\u00e9gionale de sant\u00e9 Provence-Alpes-C\u00f4te d'Azur - D\u00e9l\u00e9gation d\u00e9partementale du Var \u2014 Immeuble TOVA 2 - 177 boulevard duDocteur Charles Barnier \u2014 CS 31302 - 83076 Toulon CedexT\u00e9l. : 04 13 55 89 02 / Fax : 04 13 55 80 40 / www.ars.paca.sante.frPage 3/3\nAgence r\u00e9gionale de sant\u00e9 du Var - 83-2025-09-25-00014 - Arr\u00eat\u00e9 du 25 septembre 2025 fixant la composition nominative du conseil\nde surveillance du centre hospitalier intercommunal de Toulon La Seyne sur Mer 7\nADM REN\u00c9E\nAgence r\u00e9gionale de sant\u00e9 du Var - 83-2025-09-25-00014 - Arr\u00eat\u00e9 du 25 septembre 2025 fixant la composition nominative du conseil\nde surveillance du centre hospitalier intercommunal de Toulon La Seyne sur Mer 8\nDirection d\u00e9partementale des territoires et de la\nmer du Var\n83-2025-09-29-00009\nARR\u00caT\u00c9 PR\u00c9FECTORAL n\u00b0\nDDTM/SAF/BCFSP/2025 - 092 du 29/09/2025\nPORTANT MODIFICATION DE LA R\u00c9SERVE DE\nCHASSE ET DE FAUNE SAUVAGE DE L'EOUVIERE\nSUR LA COMMUNE DE\nSAINT-JULIEN-LE-MONTAGNIER\nDirection d\u00e9partementale des territoires et de la mer du Var - 83-2025-09-29-00009 - ARR\u00caT\u00c9 PR\u00c9FECTORAL n\u00b0\nDDTM/SAF/BCFSP/2025 - 092 du 29/09/2025\nPORTANT MODIFICATION DE LA R\u00c9SERVE DE CHASSE ET DE FAUNE SAUVAGE DE L'EOUVIERE SUR LA COMMUNE DE\nSAINT-JULIEN-LE-MONTAGNIER\n9\n=mPREFETDU VARLibert\u00e9Egalit\u00e9Fraternit\u00e9\nDirection d\u00e9partementale\ndes territoires et de la mer du Var\nARR\u00caT\u00c9 PR\u00c9FECTORAL n\u00b0 DDTM/SAF/BCFSP/2025 \u2013 092 du 29/09/2025\nPORTANT MODIFICATION DE LA R\u00c9SERVE DE CHASSE ET DE FAUNE SAUVAGE DE \nL'EOUVIERE SUR LA COMMUNE DE SAINT-JULIEN-LE-MONTAGNIER\nLe pr\u00e9fet du Var,\nVu le code de l'environnement et notamment ses articles L.422-27 et R.422-82 \u00e0 R422-91 ;\nVu l'arr\u00eat\u00e9 du 13 d\u00e9cembre 2006 modifi\u00e9 relatif aux r\u00e9serves de chasse et de faune sauvage ;\nVu l' arr\u00eat\u00e9  pr\u00e9fectoral  du  22  novembre  1978  \u00e9rigeant  en  r\u00e9serve  de  chasse  et  de  faune \nsauvage le lieu-dit de L'Eouviere sur la commune de Saint-Julien-Le-Montagnier ;\nVu la demande de l'union-syndicat des chasseurs de Saint-Julien, d\u00e9tenteur des droits de  \nchasse de la r\u00e9serve de chasse et de faune sauvage de L'Eouviere sur la commune de Saint-\nJulien-Le-Montagnier, en date du 07 ao\u00fbt 2025 ;\nVu l'avis favorable du maire de la commune de Saint-Julien en date du 05 ao\u00fbt 2025 ;\nVu l'avis du pr\u00e9sident de la f\u00e9d\u00e9ration d\u00e9partementale des chasseurs du Var en date du 02  \nseptembre 2025 ;\nConsid\u00e9rant la  modification  des  surfaces  des  parcelles  constituant  la  r\u00e9serve  et  dont  la \ncommune de Saint-Julien-Le-Montagnier est propri\u00e9taire ;\nConsid\u00e9rant  les risques pour les personnes, les atteintes aux biens, les d\u00e9g\u00e2ts agricoles et  \nforestiers  et  les  d\u00e9sordres  de  toute  nature  caus\u00e9s  par  la  prolif\u00e9ration  des  sangliers  et  la \nn\u00e9cessit\u00e9 de r\u00e9guler cette esp\u00e8ce ;\nSur proposition du directeur d\u00e9partemental des territoires et de la mer ;\nARR\u00caTE\nArticle 1er :\nL'arr\u00eat\u00e9 du 22 novembre 1978 \u00e9rigeant en r\u00e9serve de chasse et de faune sauvage le lieu-dit de  \nL'Eouviere sur la commune de Saint-Julien-Le-Montagnier est abrog\u00e9.\nArticle 2 :\nSont \u00e9rig\u00e9es en r\u00e9serve de chasse et de faune sauvage la parcelle BT497 et une partie de la  \nparcelle E261 du lieu-dit de \u00ab  L'Eouviere \u00bb sur la commune de Saint-Julien-Le-Montagnier. Ces \nparcelles  repr\u00e9sentent  une  superficie  totale  de  143ha  48a  40ca  (cartographie  en  annexe) \nd\u00e9taill\u00e9e ci-dessous :\nN\u00b0 de parcelle Surface de la parcelle\n BT497 71ha 95a 82ca\n E261 (partiel) 71ha 52a 58ca\n1/2\nDirection d\u00e9partementale des territoires et de la mer du Var - 83-2025-09-29-00009 - ARR\u00caT\u00c9 PR\u00c9FECTORAL n\u00b0\nDDTM/SAF/BCFSP/2025 - 092 du 29/09/2025\nPORTANT MODIFICATION DE LA R\u00c9SERVE DE CHASSE ET DE FAUNE SAUVAGE DE L'EOUVIERE SUR LA COMMUNE DE\nSAINT-JULIEN-LE-MONTAGNIER\n10\nCes parcelles appartiennent \u00e0 la commune de Saint-Julien-Le-Montagnier, le droit de chasse et \nle droit de destruction sont c\u00e9d\u00e9s \u00e0 l'union-syndicat des chasseurs de Saint-Julien.\nArticle 3 :\nLa mise en r\u00e9serve est prononc\u00e9e \u00e0 partir de la date de publication du pr\u00e9sent arr\u00eat\u00e9 et pour  \nune dur\u00e9e d'au moins cinq ann\u00e9es cons\u00e9cutives, renouvelable par tacite reconduction pour  \ndes p\u00e9riodes de cinq ann\u00e9es.\nLe pr\u00e9fet peut supprimer une r\u00e9serve de chasse et de faune sauvage :\n\u2013 \u00e0 tout moment, pour un motif d'int\u00e9r\u00eat g\u00e9n\u00e9ral ;\n\u2013 sur demande du d\u00e9tenteur du droit de chasse ou de la f\u00e9d\u00e9ration d\u00e9partementale des  \nchasseurs pr\u00e9sent\u00e9e par lettre recommand\u00e9e avec demande d'avis de r\u00e9ception ou tout autre \ndocument  \u00e9quivalent,  six  mois  au  moins  avant  l'expiration  de  p\u00e9riodes  quinquennales \ncourant \u00e0 compter de la date d'institution de la r\u00e9serve.\nArticle 4 :\nLa r\u00e9serve de chasse devra \u00eatre signal\u00e9e sur le terrain par la pose de panneaux aux points  \nd'acc\u00e8s publics de la r\u00e9serve.\nArticle 5 :\nTout acte de chasse est interdit en tout temps sur la r\u00e9serve de chasse et de faune sauvage.\nToutefois, du 15 ao\u00fbt jusqu'\u00e0 la date de fermeture g\u00e9n\u00e9rale de la chasse, des battues au  \nsanglier pourront y \u00eatre autoris\u00e9es par l'autorit\u00e9 administrative lorsque cela est n\u00e9cessaire au  \nmaintien des \u00e9quilibres \u00e9cologiques et agro-sylvo-cyn\u00e9g\u00e9tiques. Ces chasses en battue ne  \npourront \u00eatre organis\u00e9es qu'une fois par semaine, les mercredis ou samedis.\nEn outre, des captures de gibier \u00e0 des fins scientifiques ou de repeuplement pourront y \u00eatre  \nautoris\u00e9es dans les conditions fix\u00e9es par le L.424-11 du code de l'environnement.\nLa destruction des animaux susceptibles d'occasionner des d\u00e9g\u00e2ts pourra \u00e9galement y \u00eatre  \nautoris\u00e9e  avec  l'accord  des  d\u00e9tenteurs  du  droit  de  destruction  et  sur  autorisation \npr\u00e9fectorale.\nArticle 6 :\nLe pr\u00e9sent arr\u00eat\u00e9 est susceptible de faire l'objet d'un recours contentieux devant le Tribunal  \nadministratif de Toulon dans un d\u00e9lai de deux mois \u00e0 compter de sa notification.\nIl est \u00e9galement susceptible de faire l'objet d'un recours gracieux aupr\u00e8s de mes services ainsi  \nque d'un recours hi\u00e9rarchique aupr\u00e8s du Ministre dans le m\u00eame d\u00e9lai. Un recours contentieux  \npeut ensuite \u00eatre form\u00e9 aupr\u00e8s du Tribunal administratif de Toulon dans le d\u00e9lai de deux mois \nsuivant le rejet explicite ou implicite du recours gracieux ou hi\u00e9rarchique.\nArticle 7 : \nLe secr\u00e9taire g\u00e9n\u00e9ral de la pr\u00e9fecture du Var, le directeur d\u00e9partemental des territoires et de  \nla mer du Var, le commandant du groupement de gendarmerie d\u00e9partementale du Var, le  \nchef du service d\u00e9partemental de l'office fran\u00e7ais de la biodiversit\u00e9 sont charg\u00e9s, chacun en  \nce qui le concerne, de l'ex\u00e9cution du pr\u00e9sent arr\u00eat\u00e9 qui sera publi\u00e9 au recueil des actes  \nadministratifs de la pr\u00e9fecture du Var.\nFait \u00e0 Toulon le 29/09/2025\nLe pr\u00e9fet du Var\nSign\u00e9\nSimon BABRE\n2/2\nDirection d\u00e9partementale des territoires et de la mer du Var - 83-2025-09-29-00009 - ARR\u00caT\u00c9 PR\u00c9FECTORAL n\u00b0\nDDTM/SAF/BCFSP/2025 - 092 du 29/09/2025\nPORTANT MODIFICATION DE LA R\u00c9SERVE DE CHASSE ET DE FAUNE SAUVAGE DE L'EOUVIERE SUR LA COMMUNE DE\nSAINT-JULIEN-LE-MONTAGNIER\n11\n\u00e9obvortail\n' 33\" E\n\"59\" N\nr\u00e9serve_Eouviere_St-Julien\n\u00a9 IGN 2023 - www.geoportail.gouv.fr/mentions-\nlegales\nLongitude :\nLatitude :\n5\u00b0 54\u2032 33\u2033 E\n43\u00b0 40\u2032 59\u2033 N\n500 m\nVisualisation cartographique - G\u00e9oportail https://www.geoportail.gouv.fr/carte\n1 sur 1 09/09/2025, 15:15\nDirection d\u00e9partementale des territoires et de la mer du Var - 83-2025-09-29-00009 - ARR\u00caT\u00c9 PR\u00c9FECTORAL n\u00b0\nDDTM/SAF/BCFSP/2025 - 092 du 29/09/2025\nPORTANT MODIFICATION DE LA R\u00c9SERVE DE CHASSE ET DE FAUNE SAUVAGE DE L'EOUVIERE SUR LA COMMUNE DE\nSAINT-JULIEN-LE-MONTAGNIER\n12\nDirection d\u00e9partementale des territoires et de la\nmer du Var\n83-2025-10-01-00015\nARR\u00caT\u00c9 PR\u00c9FECTORAL n\u00b0\nDDTM/SAF/BCFSP/2025 - 096 DU 01/10/2025\nMODIFIANT L'ARR\u00caT\u00c9 PR\u00c9FECTORAL\nN\u00b0DDTM/SAF/BCFSP 2025 - 038 DU 06/05/2025\nRELATIF A L'OUVERTURE ET A LA CL\u00d4TURE DE\nLA CHASSE POUR LA CAMPAGNE 2025-2026\nDANS LE D\u00c9PARTEMENT DU VAR\nDirection d\u00e9partementale des territoires et de la mer du Var - 83-2025-10-01-00015 - ARR\u00caT\u00c9 PR\u00c9FECTORAL n\u00b0 DDTM/SAF/BCFSP/2025\n- 096 DU 01/10/2025\nMODIFIANT L'ARR\u00caT\u00c9 PR\u00c9FECTORAL N\u00b0DDTM/SAF/BCFSP 2025 - 038 DU 06/05/2025 RELATIF A L'OUVERTURE ET A LA CL\u00d4TURE DE\nLA CHASSE POUR LA CAMPAGNE 2025-2026 DANS LE D\u00c9PARTEMENT DU VAR\n13\n=mPREFETDU VARLibert\u00e9Egalit\u00e9Fraternit\u00e9\nDirection d\u00e9partementale\ndes territoires et de la mer du Var\nARR\u00caT\u00c9 PR\u00c9FECTORAL n\u00b0 DDTM/SAF/BCFSP/2025 \u2013 096 DU 01/10/2025\nMODIFIANT L'ARR\u00caT\u00c9 PR\u00c9FECTORAL N\u00b0DDTM/SAF/BCFSP 2025 \u2013 038 DU \n06/05/2025 RELATIF A L'OUVERTURE ET A LA CL\u00d4TURE DE LA CHASSE POUR LA \nCAMPAGNE 2025-2026 DANS LE D\u00c9PARTEMENT DU VAR\nLe pr\u00e9fet du Var,\nVu l'arr\u00eat\u00e9 minist\u00e9riel du 27 ao\u00fbt 2025 encadrant la chasse de certains oiseaux ;\nVu l'arr\u00eat\u00e9 minist\u00e9riel du 27 ao\u00fbt 2025 encadrant la chasse de la tourterelle des bois ;\nVu l'arr\u00eat\u00e9 pr\u00e9fectoral n\u00b0DDTM/SAF/BCFSP/2025 \u2013 038 du 06/05/2025 relatif \u00e0 l'ouverture et \u00e0 \nla cl\u00f4ture de la chasse pour la campagne 2025-2026 dans le d\u00e9partement du Var ;\nSur proposition du directeur d\u00e9partemental des territoires et de la mer ;\nARR\u00caTE\nArticle 1  er   :\nL'article 2 de l'arr\u00eat\u00e9 pr\u00e9fectoral n\u00b0 DDTM/SAF/BCFSP/2025 \u2013 038 du 06/05/2025 est modifi\u00e9  \ncomme suit :\nESP\u00c8CES DE GIBIER DATES\nD'OUVERTURE\nDATES DE\nCL\u00d4TURE\nCONDITIONS SP\u00c9CIFIQUES DE \nCHASSE\nCaille des bl\u00e9s 30 ao\u00fbt 2025. 20 f\u00e9vrier 2026. Pr\u00e9l\u00e8vement  maximum  fix\u00e9  \u00e0  15 \nindividus par jour et par chasseur.\nD\u00e9claration  obligatoire  des  \npr\u00e9l\u00e8vements :\n- sur \u00ab ChassAdapt \u00bb ;\n- \u00e0 d\u00e9faut, sur carnet de pr\u00e9l\u00e8vement \ndistribu\u00e9  par  la  f\u00e9d\u00e9ration  \nd\u00e9partementale des chasseurs ;\n-  \u00e0  d\u00e9faut,  et  pour  la  saison \ncyn\u00e9g\u00e9tique 2025-2026 uniquement,  \nen  fin  de  saison  aupr\u00e8s  de  la \nf\u00e9d\u00e9ration  d\u00e9partementale  des  \nchasseurs du Var.\n Tourterelle des bois 30 ao\u00fbt 2025 20 f\u00e9vrier 2026\nsauf si le plafond \nnational de \npr\u00e9l\u00e8vement de \n10 560 sp\u00e9cimens \nest atteint\nAvant l'ouverture g\u00e9n\u00e9rale, la chasse  \nde  la  tourterelle  des  bois  ne  peut \n\u00eatre  pratiqu\u00e9e  qu'\u00e0  poste  fixe \nmat\u00e9rialis\u00e9 de main d'homme et qu'\u00e0 \nplus de 300 m de tout b\u00e2timent. \nTout chasseur ayant pr\u00e9lev\u00e9 un \nindividu de l'esp\u00e8ce doit l'enregistrer \nen temps r\u00e9el, d\u00e8s qu'il est en \npossession de l'oiseau captur\u00e9, sur \nl'application \u00ab ChassAddapt \u00bb.\nDirection d\u00e9partementale des territoires et de la mer du Var - 83-2025-10-01-00015 - ARR\u00caT\u00c9 PR\u00c9FECTORAL n\u00b0 DDTM/SAF/BCFSP/2025\n- 096 DU 01/10/2025\nMODIFIANT L'ARR\u00caT\u00c9 PR\u00c9FECTORAL N\u00b0DDTM/SAF/BCFSP 2025 - 038 DU 06/05/2025 RELATIF A L'OUVERTURE ET A LA CL\u00d4TURE DE\nLA CHASSE POUR LA CAMPAGNE 2025-2026 DANS LE D\u00c9PARTEMENT DU VAR\n14\nLes esp\u00e8ces list\u00e9es ci-apr\u00e8s font l'objet d'un pr\u00e9l\u00e8vement maximal autoris\u00e9  limit\u00e9 \u00e0 15 oiseaux \npar jour et par chasseur :\n- Canard chipeau ;\n- Canard pilet ;\n- Canard siffleur ;\n- Canard souchet ;\n- Sarcelle d'\u00e9t\u00e9 ;\n- Sarcelle d'hiver ;\n- Fuligule milouinan ;\n- Harelde de Miquelon ;\n- Macreuse noire ;\n- Macreuse brune ;\n- Fuligule morillon ;\n- Garrot \u00e0 \u0153il d'or ;\n- Nette rousse.\nLa chasse au fuligule milouin est soumise \u00e0 un quota de pr\u00e9l\u00e8vement qui sera fix\u00e9 par arr\u00eat\u00e9  \nminist\u00e9riel pour la saison 2025-2026 sur le territoire m\u00e9tropolitain. La chasse de cette esp\u00e8ce  \nne peut ouvrir qu'\u00e0 compter de la publication de cet arr\u00eat\u00e9 fixant le plafond. \nTout chasseur ayant pr\u00e9lev\u00e9 un individu des esp\u00e8ces mentionn\u00e9es ci-dessus doit l'enregistrer  \nen  temps  r\u00e9el,  d\u00e8s  qu'il  est  en  possession  de  l'oiseau  captur\u00e9,  sur  l'application  mobile \n\u00ab Chassadapt \u00bb.\nArticle 2 :\n\u00c0 l'article 4 de l'arr\u00eat\u00e9 pr\u00e9fectoral n\u00b0 DDTM/SAF/BCFSP/2025 \u2013 038 du 06/05/2025 est ajout\u00e9 :\nLa chasse de l'eider \u00e0 duvet est suspendue sur l'ensemble du territoire m\u00e9tropolitain jusqu'au  \n1er juillet 2030.\nArticle 3 : \nLes  autres  articles  de  l'arr\u00eat\u00e9  pr\u00e9fectoral  n\u00b0  DDTM/SAF/BCFSP/2025  \u2013 038  du  06/05/2025 \nrestent inchang\u00e9s.\nArticle 4 : D\u00e9lais et voies de recours \nLe pr\u00e9sent arr\u00eat\u00e9 est susceptible de faire l'objet d'un recours contentieux devant le tribunal  \nadministratif de Toulon dans un d\u00e9lai de deux mois \u00e0 compter de sa notification.\nIl est \u00e9galement susceptible de faire l'objet d'un recours gracieux aupr\u00e8s de mes services ainsi  \nque d'un recours hi\u00e9rarchique aupr\u00e8s du ministre dans le m\u00eame d\u00e9lai. Un recours contentieux \npeut ensuite \u00eatre form\u00e9 aupr\u00e8s du tribunal administratif de Toulon dans le d\u00e9lai de deux mois  \nsuivant le rejet explicite ou implicite du recours gracieux ou hi\u00e9rarchique.\nArticle 5 :\nLe secr\u00e9taire g\u00e9n\u00e9ral de la pr\u00e9fecture du Var, les sous-pr\u00e9fets de Draguignan et de Brignoles,  \nles maires du d\u00e9partement, le directeur d\u00e9partemental de la s\u00e9curit\u00e9 publique, le directeur  \nd\u00e9partemental des territoires et de la mer, le commandant du groupement de gendarmerie,  \nle  chef  du  service  d\u00e9partemental  de  l'office  fran\u00e7ais de  la  biodiversit\u00e9,  le  directeur  de \nl'agence inter-d\u00e9partementale de l'office national des for\u00eats sont charg\u00e9s, chacun en ce qui le \nconcerne, de l'ex\u00e9cution du pr\u00e9sent arr\u00eat\u00e9 qui sera publi\u00e9 au recueil des actes administratifs  \nde la pr\u00e9fecture et affich\u00e9 dans toutes les mairies du d\u00e9partement.\nFait \u00e0 Toulon le 01/10/2025\nPour le pr\u00e9fet et par d\u00e9l\u00e9gation\nLe secr\u00e9taire g\u00e9n\u00e9ral\nSign\u00e9\nLucien GIUDICELLI\nDirection d\u00e9partementale des territoires et de la mer du Var - 83-2025-10-01-00015 - ARR\u00caT\u00c9 PR\u00c9FECTORAL n\u00b0 DDTM/SAF/BCFSP/2025\n- 096 DU 01/10/2025\nMODIFIANT L'ARR\u00caT\u00c9 PR\u00c9FECTORAL N\u00b0DDTM/SAF/BCFSP 2025 - 038 DU 06/05/2025 RELATIF A L'OUVERTURE ET A LA CL\u00d4TURE DE\nLA CHASSE POUR LA CAMPAGNE 2025-2026 DANS LE D\u00c9PARTEMENT DU VAR\n15\nDirection d\u00e9partementale des territoires et de la\nmer du Var\n83-2025-10-01-00017\narr\u00eat\u00e9 de classement - Monfort sur argens raa\nDirection d\u00e9partementale des territoires et de la mer du Var - 83-2025-10-01-00017 - arr\u00eat\u00e9 de classement - Monfort sur argens raa 16\n=mPREFETDU VARLibert\u00e9Egalit\u00e9Fraternit\u00e9\nDirection d\u00e9partementale\ndes territoires et de la mer du Var\nARR\u00caT\u00c9 PR\u00c9FECTORAL n\u00b0 DDTM/SPP/PAU 2025- 43 du 01/10/2025\nportant classement d'une zone agricole prot\u00e9g\u00e9e (ZAP)\nsur la commune de MONTFORT-SUR-ARGENS\nLe pr\u00e9fet du Var,\nVu le code rural et de la p\u00eache maritime et notamment ses articles L. 112-2 et R. 112-1-4 \u00e0  \nR. 112-1-10 ;\nVu le code de l'environnement, et notamment les articles L. 123-1 \u00e0 L. 123-18 ;\nVu le code de l'urbanisme et notamment ses articles L. 151-43, L. 152-7 , L. 153-60 et R. 151-51 ;\nVu l'arr\u00eat\u00e9 pr\u00e9fectoral n\u00b0DDTM-SPP-PAU-2024-36 du 29 octobre 2024 prescrivant l'ouverture et \nl'organisation d'une enqu\u00eate publique relative \u00e0 une demande de cr\u00e9ation d'une zone agricole \nprot\u00e9g\u00e9e (ZAP) sur la commune de Montfort-sur-Argens ;\nVu la d\u00e9lib\u00e9ration du conseil municipal de la commune de  Montfort-sur-Argens du  27 mars \n2025 approuvant le projet de d\u00e9limitation et de classement de la zone agricole prot\u00e9g\u00e9e  \nd\u00e9fini dans le rapport de pr\u00e9sentation ;\nVu le rapport et les conclusions du commissaire-enqu\u00eateur en date du 30 janvier 2025 ;\nConsid\u00e9rant que l'enqu\u00eate publique s'est d\u00e9roul\u00e9e du 02 d\u00e9cembre 2024 au 03 janvier 2025  \ninclus, conform\u00e9ment aux dispositions r\u00e9glementaires ;\nConsid\u00e9rant que la cr\u00e9ation de cette zone agricole prot\u00e9g\u00e9e pr\u00e9sente un int\u00e9r\u00eat g\u00e9n\u00e9ral en  \nraison  du  caract\u00e8re  de  sa  zone  et  sa  position  g\u00e9ographique  et  r\u00e9pond  \u00e0  l'objectif  de \nsauvegarder et d\u00e9velopper l'activit\u00e9 agricole de la commune ;\nSur proposition du secr\u00e9taire g\u00e9n\u00e9ral de la pr\u00e9fecture du Var,\nARR\u00caTE \nArticle 1er : La zone agricole, situ\u00e9e sur la commune de Montfort-sur-Argens et d\u00e9limit\u00e9e dans  \nle plan annex\u00e9 au pr\u00e9sent arr\u00eat\u00e9, fait l'objet d'un classement en zone agricole prot\u00e9g\u00e9e.\nArticle 2  : La d\u00e9limitation de cette zone agricole prot\u00e9g\u00e9e devra, conform\u00e9ment aux articles  \nL 151-43 et R 151-51 du code de l'urbanisme relatifs aux servitudes d'utilit\u00e9 publique, \u00eatre  \nannex\u00e9e au plan local d'urbanisme de la commune de Montfort-sur-Argens.\nDirection d\u00e9partementale des territoires et de la mer du Var - 83-2025-10-01-00017 - arr\u00eat\u00e9 de classement - Monfort sur argens raa 17\nArticle 3 : En application de l'article R 112-1-9 du code rural, le pr\u00e9sent arr\u00eat\u00e9 ainsi que le plan  \nde  d\u00e9limitation  sont  tenus  \u00e0  disposition  du  public  \u00e0  la  direction  d\u00e9partementale  des \nterritoires et de la mer du Var (service planifications et prospective \u2013 p\u00f4le animation et  \nurbanisme) et en mairie de Montfort-sur-Argens.\nArticle 4  : Le pr\u00e9sent arr\u00eat\u00e9 sera affich\u00e9 pendant une dur\u00e9e d'un mois dans les locaux de la  \nmairie de Montfort-sur-Argens et publi\u00e9 sur le site internet de la pr\u00e9fecture. \nMention en est ins\u00e9r\u00e9e en caract\u00e8res apparents, aux frais de la commune de Montfort-sur-\nArgens dans deux journaux diffus\u00e9s dans le d\u00e9partement du Var.\nArticle 5  :  Cette d\u00e9cision peut faire l'objet d'un recours gracieux aupr\u00e8s du pr\u00e9fet dans un  \nd\u00e9lai de deux mois \u00e0 compter de l'ex\u00e9cution de l'ensemble des formalit\u00e9s de publication  \nmentionn\u00e9es \u00e0 l'article 3 susvis\u00e9 et d'un recours contentieux aupr\u00e8s du tribunal administratif  \nde Toulon dans le m\u00eame d\u00e9lai.\nArticle 6 : Ex\u00e9cution du pr\u00e9sent arr\u00eat\u00e9\nLe secr\u00e9taire g\u00e9n\u00e9ral de la pr\u00e9fecture du Var,\nLe directeur d\u00e9partemental des territoires et de la mer,\nLe maire de Montfort-sur-Argens,\nsont charg\u00e9s, chacun en ce qui le concerne, de l'ex\u00e9cution du pr\u00e9sent arr\u00eat\u00e9 qui sera publi\u00e9  \nau recueil des actes administratifs de la pr\u00e9fecture du Var.\nFait \u00e0 Toulon, le 01 octobre 2025 \nPour le pr\u00e9fet et par d\u00e9l\u00e9gation,\n  Le secr\u00e9taire g\u00e9n\u00e9ral,\n  Sign\u00e9\n  Lucien GIUDICELLI\nDirection d\u00e9partementale des territoires et de la mer du Var - 83-2025-10-01-00017 - arr\u00eat\u00e9 de classement - Monfort sur argens raa 18\nPlan de d\u00e9limitation - Zone Agricole Prot\u00e9c \u00e9e : MONTFORT SUR ARGENS EM P\u00e9rim\u00e8treZAP_Montfort-sur-Argens_apr\u00e8s_EP\nMONTIFORTSUR ARGIENS\nR\u00e9alisation : DDTM du Var /SPP/PSIGALE/BSIGDate : 30/09/2025Fond de carte : \u00a9 IGN- N_SCAN25_EXP_L93_083| ORTHO_COUL_0M20_PVA2023_083Sources : DDTM du Var/ Chambre d'Agriculture du Var Pam.\nAnnexe : P\u00e9rim\u00e8tre de la zone agricole prot\u00e9g\u00e9e de la commune de Montfort-sur-Argens\nDirection d\u00e9partementale des territoires et de la mer du Var - 83-2025-10-01-00017 - arr\u00eat\u00e9 de classement - Monfort sur argens raa 19\nDirection d\u00e9partementale des territoires et de la\nmer du Var\n83-2025-10-01-00016\narr\u00eat\u00e9 de classement - Ollioules raa\nDirection d\u00e9partementale des territoires et de la mer du Var - 83-2025-10-01-00016 - arr\u00eat\u00e9 de classement - Ollioules raa 20\n=mPREFETDU VARLibert\u00e9Egalit\u00e9Fraternit\u00e9\nDirection d\u00e9partementale\ndes territoires et de la mer du Var\nARR\u00caT\u00c9 PR\u00c9FECTORAL n\u00b0 DDTM/SPP/PAU 2025- 33 du 01/10/2025\nportant classement d'une zone agricole prot\u00e9g\u00e9e (ZAP)\nsur la commune d'OLLIOULES\nLe pr\u00e9fet du Var,\nVu le code rural et de la p\u00eache maritime et notamment ses articles L. 112-2 et R. 112-1-4 \u00e0  \nR. 112-1-10 ;\nVu le code de l'environnement, et notamment les articles L. 123-1 \u00e0 L. 123-18 ;\nVu le code de l'urbanisme et notamment ses articles L. 151-43, L. 152-7 , L. 153-60 et R. 151-51 ;\nVu l'arr\u00eat\u00e9 pr\u00e9fectoral n\u00b0DDTM-SPP-PAU-2025-05 du 16 janvier 2025 prescrivant l'ouverture et \nl'organisation d'une enqu\u00eate publique relative \u00e0 une demande de cr\u00e9ation d'une zone agricole \nprot\u00e9g\u00e9e (ZAP) sur la commune de Ollioules ;\nVu le rapport et les conclusions du commissaire-enqu\u00eateur en date du 07 avril 2025 ;\nVu la  d\u00e9lib\u00e9ration  du  conseil  municipal  de  la  commune  d'Ollioules du  22  juillet  2025 \napprouvant le projet de d\u00e9limitation et de classement de la zone agricole prot\u00e9g\u00e9e d\u00e9fini  \ndans le rapport de pr\u00e9sentation ;\nConsid\u00e9rant que  l'enqu\u00eate  publique  s'est  d\u00e9roul\u00e9e  du  10  f\u00e9vrier  au  12  mars  2025  inclus, \nconform\u00e9ment aux dispositions r\u00e9glementaires ;\nConsid\u00e9rant que la cr\u00e9ation de cette zone agricole prot\u00e9g\u00e9e pr\u00e9sente un int\u00e9r\u00eat g\u00e9n\u00e9ral en  \nraison  du  caract\u00e8re  de  sa  zone  et  sa  position  g\u00e9ographique  et  r\u00e9pond  \u00e0  l'objectif  de \nsauvegarder et d\u00e9velopper l'activit\u00e9 agricole de la commune ;\nSur proposition du secr\u00e9taire g\u00e9n\u00e9ral de la pr\u00e9fecture du Var,\nARR\u00caTE \nArticle 1 er :  La zone agricole, situ\u00e9e sur la commune d'Ollioules et d\u00e9limit\u00e9e dans le plan  \nannex\u00e9 au pr\u00e9sent arr\u00eat\u00e9, fait l'objet d'un classement en zone agricole prot\u00e9g\u00e9e.\nArticle 2  : La d\u00e9limitation de cette zone agricole prot\u00e9g\u00e9e devra, conform\u00e9ment aux articles  \nL 151-43 et R 151-51 du code de l'urbanisme relatifs aux servitudes d'utilit\u00e9 publique, \u00eatre  \nannex\u00e9e au plan local d'urbanisme de la commune d'Ollioules.\nDirection d\u00e9partementale des territoires et de la mer du Var - 83-2025-10-01-00016 - arr\u00eat\u00e9 de classement - Ollioules raa 21\nArticle 3 : En application de l'article R 112-1-9 du code rural, le pr\u00e9sent arr\u00eat\u00e9 ainsi que le plan  \nde  d\u00e9limitation  sont  tenus  \u00e0  disposition  du  public  \u00e0  la  direction  d\u00e9partementale  des \nterritoires et de la mer du Var (service planifications et prospective \u2013 p\u00f4le animation et  \nurbanisme) et en mairie d'Ollioules.\nArticle 4  : Le pr\u00e9sent arr\u00eat\u00e9 sera affich\u00e9 pendant une dur\u00e9e d'un mois dans les locaux de la  \nmairie de Ollioules et publi\u00e9 sur le site internet de la pr\u00e9fecture. \nMention en est ins\u00e9r\u00e9e en caract\u00e8res apparents, aux frais de la commune d'Ollioules dans  \ndeux journaux diffus\u00e9s dans le d\u00e9partement du Var.\nArticle 5  :  Cette d\u00e9cision peut faire l'objet d'un recours gracieux aupr\u00e8s du pr\u00e9fet dans un  \nd\u00e9lai de deux mois \u00e0 compter de l'ex\u00e9cution de l'ensemble des formalit\u00e9s de publication  \nmentionn\u00e9es \u00e0 l'article 3 susvis\u00e9 et d'un recours contentieux aupr\u00e8s du tribunal administratif  \nde Toulon dans le m\u00eame d\u00e9lai.\nArticle 6 : Ex\u00e9cution du pr\u00e9sent arr\u00eat\u00e9\nLe secr\u00e9taire g\u00e9n\u00e9ral de la pr\u00e9fecture du Var,\nLe directeur d\u00e9partemental des territoires et de la mer,\nLe maire d'Ollioules,\nsont charg\u00e9s, chacun en ce qui le concerne, de l'ex\u00e9cution du pr\u00e9sent arr\u00eat\u00e9 qui sera publi\u00e9  \nau recueil des actes administratifs de la pr\u00e9fecture du Var.\nFait \u00e0 Toulon, le 01 octobre 2025 \nPour le pr\u00e9fet et par d\u00e9l\u00e9gation,\n  Le secr\u00e9taire g\u00e9n\u00e9ral,\n     Sign\u00e9\n Lucien GIUDICELLI\nDirection d\u00e9partementale des territoires et de la mer du Var - 83-2025-10-01-00016 - arr\u00eat\u00e9 de classement - Ollioules raa 22\nPlan de d\u00e9limitation - Zone Agricole P\nA\nrot\u00e9g\u00e9e : OLLIOULES\n=\nAl he1223\n% ; e\nity /| Se  \u2014\u2014 10\n\\ Gorges d'Ollioules2 iBarres We AATE Flere j\nEM P\u00e9rim\u00e8tre ZAP Ollioules apr\u00e8s EPie Croupa\u00fcier 2a\nAnnexe : P\u00e9rim\u00e8tre de la zone agricole prot\u00e9g\u00e9e de la commune d'Ollioules \nDirection d\u00e9partementale des territoires et de la mer du Var - 83-2025-10-01-00016 - arr\u00eat\u00e9 de classement - Ollioules raa 23\nDirection d\u00e9partementale des territoires et de la\nmer du Var\n83-2025-10-01-00018\narr\u00eat\u00e9 de classement - Six fours les plages raa\nDirection d\u00e9partementale des territoires et de la mer du Var - 83-2025-10-01-00018 - arr\u00eat\u00e9 de classement - Six fours les plages raa 24\n=mPREFETDU VARLibert\u00e9Egalit\u00e9Fraternit\u00e9\nDirection d\u00e9partementale\ndes territoires et de la mer du Var\nARR\u00caT\u00c9 PR\u00c9FECTORAL n\u00b0 DDTM/SPP/PAU 2025- 42 du 01/10/2025\nportant classement d'une zone agricole prot\u00e9g\u00e9e (ZAP)\nsur la commune de SIX-FOURS-LES-PLAGES\nLe pr\u00e9fet du Var,\nVu le code rural et de la p\u00eache maritime et notamment ses articles L. 112-2 et R. 112-1-4 \u00e0  \nR. 112-1-10 ;\nVu le code de l'environnement, et notamment les articles L. 123-1 \u00e0 L. 123-18 ;\nVu le code de l'urbanisme et notamment ses articles L. 151-43, L. 152-7 , L. 153-60 et R. 151-51 ;\nVu l'arr\u00eat\u00e9 pr\u00e9fectoral n\u00b0DDTM-SPP-PAU-2024-40 du 20 novembre 2024 prescrivant l'ouverture \net l'organisation d'une enqu\u00eate publique relative \u00e0 une demande de cr\u00e9ation d'une zone  \nagricole prot\u00e9g\u00e9e (ZAP) sur la commune de Six-Fours-les-Plages ;\nVu la d\u00e9lib\u00e9ration du conseil municipal de la commune de Six-Fours-les-Plages du 18 juin 2025 \napprouvant le projet de d\u00e9limitation et de classement de la zone agricole prot\u00e9g\u00e9e d\u00e9fini  \ndans le rapport de pr\u00e9sentation ;\nVu le rapport et les conclusions du commissaire-enqu\u00eateur en date du 06 mars 2025 ;\nConsid\u00e9rant que l'enqu\u00eate publique s'est d\u00e9roul\u00e9e du 06 janvier au 07 f\u00e9vrier 2025  inclus, \nconform\u00e9ment aux dispositions r\u00e9glementaires ;\nConsid\u00e9rant que la cr\u00e9ation de cette zone agricole prot\u00e9g\u00e9e pr\u00e9sente un int\u00e9r\u00eat g\u00e9n\u00e9ral en  \nraison  du  caract\u00e8re  de  sa  zone  et  sa  position  g\u00e9ographique  et  r\u00e9pond  \u00e0  l'objectif  de \nsauvegarder et d\u00e9velopper l'activit\u00e9 agricole de la commune ;\nSur proposition du secr\u00e9taire g\u00e9n\u00e9ral de la pr\u00e9fecture du Var,\nARR\u00caTE \nArticle 1er : La zone agricole, situ\u00e9e sur la commune de Six-Fours-les-Plages et d\u00e9limit\u00e9e dans le \nplan annex\u00e9 au pr\u00e9sent arr\u00eat\u00e9, fait l'objet d'un classement en zone agricole prot\u00e9g\u00e9e.\nArticle 2  : La d\u00e9limitation de cette zone agricole prot\u00e9g\u00e9e devra, conform\u00e9ment aux articles  \nL 151-43 et R 151-51 du code de l'urbanisme relatifs aux servitudes d'utilit\u00e9 publique, \u00eatre  \nannex\u00e9e au plan local d'urbanisme de la commune de Six-Fours-les-Plages.\n1/3\nDirection d\u00e9partementale des territoires et de la mer du Var - 83-2025-10-01-00018 - arr\u00eat\u00e9 de classement - Six fours les plages raa 25\nArticle 3 : En application de l'article R 112-1-9 du code rural, le pr\u00e9sent arr\u00eat\u00e9 ainsi que le plan  \nde  d\u00e9limitation  sont  tenus  \u00e0  disposition  du  public  \u00e0  la  direction  d\u00e9partementale  des \nterritoires et de la mer du Var (service planifications et prospective \u2013 p\u00f4le animation et  \nurbanisme) et en mairie de Six-Fours-les-Plages.\nArticle 4  : Le pr\u00e9sent arr\u00eat\u00e9 sera affich\u00e9 pendant une dur\u00e9e d'un mois dans les locaux de la  \nmairie de Six-Fours-les-Plages et publi\u00e9 sur le site internet de la pr\u00e9fecture. \nMention en est ins\u00e9r\u00e9e en caract\u00e8res apparents, aux frais de la commune de Six-Fours-les-\nPlages dans deux journaux diffus\u00e9s dans le d\u00e9partement du Var.\nArticle 5  :  Cette d\u00e9cision peut faire l'objet d'un recours gracieux aupr\u00e8s du pr\u00e9fet dans un  \nd\u00e9lai de deux mois \u00e0 compter de l'ex\u00e9cution de l'ensemble des formalit\u00e9s de publication  \nmentionn\u00e9es \u00e0 l'article 3 susvis\u00e9 et d'un recours contentieux aupr\u00e8s du tribunal administratif  \nde Toulon dans le m\u00eame d\u00e9lai.\nArticle 6 : Ex\u00e9cution du pr\u00e9sent arr\u00eat\u00e9\nLe secr\u00e9taire g\u00e9n\u00e9ral de la pr\u00e9fecture du Var,\nLe directeur d\u00e9partemental des territoires et de la mer,\nLe maire de Six-Fours-les-Plages,\nsont charg\u00e9s, chacun en ce qui le concerne, de l'ex\u00e9cution du pr\u00e9sent arr\u00eat\u00e9 qui sera publi\u00e9  \nau recueil des actes administratifs de la pr\u00e9fecture du Var.\nFait \u00e0 Toulon, le 01 octobre 2025   \nPour le pr\u00e9fet et par d\u00e9l\u00e9gation,\n     Le secr\u00e9taire g\u00e9n\u00e9ral,\nSign\u00e9\nLucien GIUDICELLI,\n2/3\nDirection d\u00e9partementale des territoires et de la mer du Var - 83-2025-10-01-00018 - arr\u00eat\u00e9 de classement - Six fours les plages raa 26\nEM P\u00e9rim\u00e8tre ZAP_Six Fours_apr\u00e8s_EP .\n\u00ceLES DES EMBIEZ\nR\u00e9alisation : DDTM du Var /SPP/PSIGALE/BSIGDate : 30/09/2025Fond de carte : \u00a9 IGN- N_SCAN25_EXP_L93_083N_ORTHO_COUL_0M20_PVA2023_083Sources : DDTM du Var/ Chambre d'Agriculture du Var\nAnnexe : P\u00e9rim\u00e8tre de la zone agricole prot\u00e9g\u00e9e de la commune de Six-Fours-les-Plages\n3/3\nDirection d\u00e9partementale des territoires et de la mer du Var - 83-2025-10-01-00018 - arr\u00eat\u00e9 de classement - Six fours les plages raa 27\nDirection d\u00e9partementale des territoires et de la\nmer du Var\n83-2025-10-01-00019\narr\u00eat\u00e9 de classement - Vins sur Caramy raa\nDirection d\u00e9partementale des territoires et de la mer du Var - 83-2025-10-01-00019 - arr\u00eat\u00e9 de classement - Vins sur Caramy raa 28\n=mPREFETDU VARLibert\u00e9Egalit\u00e9Fraternit\u00e9\nDirection d\u00e9partementale\ndes territoires et de la mer du Var\nARR\u00caT\u00c9 PR\u00c9FECTORAL n\u00b0 DDTM/SPP/PAU 2025- 44 du 01/10/2025\nportant classement d'une zone agricole prot\u00e9g\u00e9e (ZAP)\nsur la commune de VINS-SUR-CARAMY\nLe pr\u00e9fet du Var,\nVu le code rural et de la p\u00eache maritime et notamment ses articles L. 112-2 et R. 112-1-4 \u00e0  \nR. 112-1-10 ;\nVu le code de l'environnement, et notamment les articles L. 123-1 \u00e0 L. 123-18 ;\nVu le code de l'urbanisme et notamment ses articles L. 151-43, L. 152-7 , L. 153-60 et R. 151-51 ;\nVu l'arr\u00eat\u00e9 pr\u00e9fectoral n\u00b0DDTM-SPP-PAU-2025-09 du 03 f\u00e9vrier 2025 prescrivant l'ouverture et \nl'organisation d'une enqu\u00eate publique relative \u00e0 une demande de cr\u00e9ation d'une zone agricole \nprot\u00e9g\u00e9e (ZAP) sur la commune de Vins-sur-Caramy ;\nVu la d\u00e9lib\u00e9ration du conseil municipal de la commune de Vins-sur-Caramy du 16 juin 2025  \napprouvant le projet de d\u00e9limitation et de classement de la zone agricole prot\u00e9g\u00e9e d\u00e9fini  \ndans le rapport de pr\u00e9sentation ;\nVu le rapport et les conclusions du commissaire-enqu\u00eateur en date du 05 mai 2025 ;\nConsid\u00e9rant que  l'enqu\u00eate  publique  s'est  d\u00e9roul\u00e9e  du  03  mars  au  03  avril  2025  inclus, \nconform\u00e9ment aux dispositions r\u00e9glementaires ;\nConsid\u00e9rant que la cr\u00e9ation de cette zone agricole prot\u00e9g\u00e9e pr\u00e9sente un int\u00e9r\u00eat g\u00e9n\u00e9ral en  \nraison  du  caract\u00e8re  de  sa  zone  et  sa  position  g\u00e9ographique  et  r\u00e9pond  \u00e0  l'objectif  de \nsauvegarder et d\u00e9velopper l'activit\u00e9 agricole de la commune ;\nSur proposition du secr\u00e9taire g\u00e9n\u00e9ral de la pr\u00e9fecture du Var,\nARR\u00caTE \nArticle 1 er : La zone agricole, situ\u00e9e sur la commune de Vins-sur-Caramy et d\u00e9limit\u00e9e dans le  \nplan annex\u00e9 au pr\u00e9sent arr\u00eat\u00e9, fait l'objet d'un classement en zone agricole prot\u00e9g\u00e9e.\nArticle 2  : La d\u00e9limitation de cette zone agricole prot\u00e9g\u00e9e devra, conform\u00e9ment aux articles  \nL 151-43 et R 151-51 du code de l'urbanisme relatifs aux servitudes d'utilit\u00e9 publique, \u00eatre  \nannex\u00e9e au plan local d'urbanisme de la commune de Vins-sur-Caramy.\nDirection d\u00e9partementale des territoires et de la mer du Var - 83-2025-10-01-00019 - arr\u00eat\u00e9 de classement - Vins sur Caramy raa 29\nArticle 3 : En application de l'article R 112-1-9 du code rural, le pr\u00e9sent arr\u00eat\u00e9 ainsi que le plan  \nde  d\u00e9limitation  sont  tenus  \u00e0  disposition  du  public  \u00e0  la  direction  d\u00e9partementale  des \nterritoires et de la mer du Var (service planifications et prospective \u2013 p\u00f4le animation et  \nurbanisme) et en mairie de Vins-sur-Caramy.\nArticle 4  : Le pr\u00e9sent arr\u00eat\u00e9 sera affich\u00e9 pendant une dur\u00e9e d'un mois dans les locaux de la  \nmairie de Vins-sur-Caramy et publi\u00e9 sur le site internet de la pr\u00e9fecture. \nMention en est ins\u00e9r\u00e9e en caract\u00e8res apparents, aux frais de la commune de Vins-sur-Caramy  \ndans deux journaux diffus\u00e9s dans le d\u00e9partement du Var.\nArticle 5  :  Cette d\u00e9cision peut faire l'objet d'un recours gracieux aupr\u00e8s du pr\u00e9fet dans un  \nd\u00e9lai de deux mois \u00e0 compter de l'ex\u00e9cution de l'ensemble des formalit\u00e9s de publication  \nmentionn\u00e9es \u00e0 l'article 3 susvis\u00e9 et d'un recours contentieux aupr\u00e8s du tribunal administratif  \nde Toulon dans le m\u00eame d\u00e9lai.\nArticle 6 : Ex\u00e9cution du pr\u00e9sent arr\u00eat\u00e9\nLe secr\u00e9taire g\u00e9n\u00e9ral de la pr\u00e9fecture du Var,\nLe directeur d\u00e9partemental des territoires et de la mer,\nLe maire de Vins-sur-Caramy,\nsont charg\u00e9s, chacun en ce qui le concerne, de l'ex\u00e9cution du pr\u00e9sent arr\u00eat\u00e9 qui sera publi\u00e9  \nau recueil des actes administratifs de la pr\u00e9fecture du Var.\nFait \u00e0 Toulon, le 01 octobre 2025   \nPour le pr\u00e9fet et par d\u00e9l\u00e9gation,\n     Le secr\u00e9taire g\u00e9n\u00e9ral,\n     Sign\u00e9\n Lucien GIUDICELLI\nDirection d\u00e9partementale des territoires et de la mer du Var - 83-2025-10-01-00019 - arr\u00eat\u00e9 de classement - Vins sur Caramy raa 30\nPlan de d\u00e9limitation - Zone Agricole Prot\u00e9g\u00e9e : VINS-SUR-CARAMY EMI P\u00e9rim\u00e8tre ZAP Vins-sur-Caramy apr\u00e8s EP\nR\u00e9alisation : DDTM du Var /SPP/PSIGALE/BSIGDate : 30/09/2025Fond de carte : \u00a9 IGN- N_SCAN25_EXP_L93_083N_ORTHO_COUL_0M20_PVA2023_083Sources : DDTM du Var / Chambre d'Agriculture du Var\nAnnexe : P\u00e9rim\u00e8tre de la zone agricole prot\u00e9g\u00e9e de la commune de Vins-sur-Caramy\n \nDirection d\u00e9partementale des territoires et de la mer du Var - 83-2025-10-01-00019 - arr\u00eat\u00e9 de classement - Vins sur Caramy raa 31\nDirection des services d\u00e9partementaux de\nl'\u00e9ducation nationale du Var\n83-2025-10-02-00005\nArr\u00eat\u00e9 pr\u00e9fectoral n\u00b0SDJES-2025-040 portant\nr\u00e9ouverture d'une partie d'un \u00e9tablissement\ndans lequel sont pratiqu\u00e9es des activit\u00e9s\nphysiques ou sportives\nDirection des services d\u00e9partementaux de l'\u00e9ducation nationale du Var - 83-2025-10-02-00005 - Arr\u00eat\u00e9 pr\u00e9fectoral n\u00b0SDJES-2025-040\nportant r\u00e9ouverture d'une partie d'un \u00e9tablissement dans lequel sont pratiqu\u00e9es des activit\u00e9s physiques ou sportives 32\nEsPREFETDU VARLibert\u00e9Egalit\u00e9Fraternit\u00e9\n \nDirection des Services D\u00e9partementaux de l'\u00c9ducation Nationale \nService d\u00e9partemental \u00e0 la jeunesse, \u00e0 l'engagement et aux sports \n98 rue Montebello CS 71204 \u2013 83 070 TOULON cedex \n \n 1/3  \n \n \n                                                             Service d\u00e9partemental  \n                                                               \u00e0 la Jeunesse, \u00e0 l'engagement  \n                                                               et aux sports \n                                                                \n \n \n \n \nArret\u00e9 pr\u00e9fectoral n\u00b0SDJES -2025-040 \nPortant r\u00e9ouverture d'une partie d'un \u00e9tablissement  \nDans lequel sont pratiqu\u00e9es \ndes activites physiques ou sportives \n \nLe Pr\u00e9fet du Var \n \n \n \nVu le code du sport et notamment ses articles L. 322-5, R. 322-9, L. 322-2 et R. 322-5 du \ncode du sport ; \n \nVu l'article R. 143-11 du code de la construction et de l'habitation ; \n \nVu l'article PE 27 de l'arr\u00eat\u00e9 du 25 juin 1983 portant approbation des dispositions \ng\u00e9n\u00e9rales  du r\u00e8glement de s\u00e9curit\u00e9 contre les risques d'incendie et panique dans les \n\u00e9tablissements recevant du public (ERP) ; \n \nVu le d\u00e9cret du Pr\u00e9sident de la r\u00e9publique du 15 mai 2025 portant nomination du \npr\u00e9fet du Var, Monsieur BABRE Simon ; \n \nVu le contr\u00f4le effectu\u00e9 dans la structure \u00ab Vita Libert\u00e9 \u00bb le 24 juillet 2025 ; \n \nVu les nombreux dysfonctionnements qui ont \u00e9t\u00e9 relev\u00e9s lors du contr\u00f4le du 24 juillet \n2025 ; \n \nVu l'arr\u00eat\u00e9 N\u00b0SDJES-2025- 25 du 28/07/2025 portant fermeture partielle temporaire de \nl'\u00e9tablissement sportif  \u00ab Vita Libert\u00e9  \u00bb inscrit sous le num\u00e9ro  SIRET \u00ab  825242738 \n00029 ; \n \nVu la contre-visite effectu\u00e9e le 30 septembre 2025 ; \n \nDirection des services d\u00e9partementaux de l'\u00e9ducation nationale du Var - 83-2025-10-02-00005 - Arr\u00eat\u00e9 pr\u00e9fectoral n\u00b0SDJES-2025-040\nportant r\u00e9ouverture d'une partie d'un \u00e9tablissement dans lequel sont pratiqu\u00e9es des activit\u00e9s physiques ou sportives 33\n \nDirection des Services D\u00e9partementaux de l'\u00c9ducation Nationale \nService d\u00e9partemental \u00e0 la jeunesse, \u00e0 l'engagement et aux sports \n98 rue Montebello CS 71204 \u2013 83 070 TOULON cedex \n \n 2/3  \nConsid\u00e9rant que les nombreux dysfontionnements qui ont \u00e9t\u00e9 relev\u00e9s lors du contr\u00f4le \ndu 17 juillet 2025 cr\u00e9aient par eux-m\u00eames un risque grave et imm\u00e9diat pour les usagers ; \n \nConsid\u00e9rant que l'\u00e9tablissement a en cons\u00e9quence fait l'objet d'une fermeture \nadministrative partielle en urgence jusqu'\u00e0 sa mise en conformit\u00e9 ; \n \nConsid\u00e9rant que la structure \u00ab  Vita Libert\u00e9 \u00bb a lev\u00e9 tout es les prescriptions li\u00e9es aux \nd\u00e9clenchements des secours et \u00e0 la s\u00e9curit\u00e9 constat\u00e9es lors du contr\u00f4le effectu\u00e9 le 24 \njuillet 2025 ; \n \nConsid\u00e9rant que le travail de mise en conformit\u00e9 de la  structure \u00ab Vita \nLibert\u00e9 \u00bb remplit les conditions d'hygi\u00e8ne et de s\u00e9curit\u00e9 prescrites et qu'il peut donc \n\u00eatre proc\u00e9d\u00e9 \u00e0 sa r\u00e9ouverture ; \n \n \nARRETE : \n \n \nArticle 1er : La r\u00e9ouverture de l'\u00e9tablissement \u00ab Vita Libert\u00e9 \u00bb, situ\u00e9 161, avenue du co-\nlonel Fabien \u00e0 Toulon est autoris\u00e9e. \n \nArticle 2  : Cette r\u00e9ouverture prend effet \u00e0 compter de la date de la notification du \npr\u00e9sent arr\u00eat\u00e9 au g\u00e9rant de l'\u00e9tablissement. \n \nArticle 3  : L'arr\u00eat\u00e9 pr\u00e9fectoral  N\u00b0SDJES-2025-25 du 28 juillet 2025 portant fermeture \nde l'\u00e9tablissement est abrog\u00e9. \n \nArticle 4 : Le secr\u00e9taire g\u00e9n\u00e9ral de la pr\u00e9fecture du Var, le directeur d\u00e9partemental de \nla s\u00e9curit\u00e9 publique du Var, sont charg\u00e9s, chacun en ce qui le concerne, de l'ex\u00e9cution \ndu pr\u00e9sent arr\u00eat\u00e9 qui sera notifi\u00e9 \u00e0 l'int\u00e9ress\u00e9 et publi\u00e9 au recueil des actes \nadministratifs de la pr\u00e9fecture. \n \n               Fait \u00e0 Toulon, le 02/10/2025 \n \n \nPour le Pr\u00e9fet et par d\u00e9l\u00e9gation, \nLe secr\u00e9taire g\u00e9n\u00e9ral, \n \nSign\u00e9 \n \nLucien GIUDICELLI \n \n \nDirection des services d\u00e9partementaux de l'\u00e9ducation nationale du Var - 83-2025-10-02-00005 - Arr\u00eat\u00e9 pr\u00e9fectoral n\u00b0SDJES-2025-040\nportant r\u00e9ouverture d'une partie d'un \u00e9tablissement dans lequel sont pratiqu\u00e9es des activit\u00e9s physiques ou sportives 34\n \nDirection des Services D\u00e9partementaux de l'\u00c9ducation Nationale \nService d\u00e9partemental \u00e0 la jeunesse, \u00e0 l'engagement et aux sports \n98 rue Montebello CS 71204 \u2013 83 070 TOULON cedex \n \n 3/3  \n \nLa pr\u00e9sente d\u00e9cision est susceptible de contestation, \u00e0 former  dans un d\u00e9lai de deux \nmois \u00e0 compter de sa notification: \n- soit par recours gracieux devant l'auteur de la d\u00e9cision ; \n- soit par recours hi\u00e9rarchique ; \n- soit par recours contentieux devant le tribunal administratif de Toulon. \n  \nEn cas de rejet implicite ou explicite du recours gracieux ou hi\u00e9rarchique,  selon les \ndispositions de l'article R. 421 -1 du code de justice administrative, un recours \ncontentieux peut \u00eatre exerc\u00e9 dans un d\u00e9lai de deux mois \u00e0 compter de ce rejet.  \nDirection des services d\u00e9partementaux de l'\u00e9ducation nationale du Var - 83-2025-10-02-00005 - Arr\u00eat\u00e9 pr\u00e9fectoral n\u00b0SDJES-2025-040\nportant r\u00e9ouverture d'une partie d'un \u00e9tablissement dans lequel sont pratiqu\u00e9es des activit\u00e9s physiques ou sportives 35\nDirection des services d\u00e9partementaux de\nl'\u00e9ducation nationale du Var\n83-2025-09-24-00004\nArr\u00eat\u00e9 2025-JEP-0002 du 24092025 - Copains\nd'antonin\nDirection des services d\u00e9partementaux de l'\u00e9ducation nationale du Var - 83-2025-09-24-00004 - Arr\u00eat\u00e9 2025-JEP-0002 du 24092025 -\nCopains d'antonin 36\nEnACADEMIEDE NICELibert\u00e9Egalit\u00e9Fraternit\u00e9\nArr\u00e9t\u00e9 n\u00b0 2025-JEP-0002portant agr\u00e9ment d\u00e9partemental d'une association de jeunesse et d'\u00e9ducationpopulaire\nVu la loi n\u00b0 2001-624 du 17juillet 2001 portant diverses dispositions d'ordre social, \u00e9ducatifet culturel ;Vu la loi n\u00b0 2021-1109 du 24 ao\u00fbt 2021 confortant le respect des principes de laR\u00e9publique;Vu le d\u00e9cret n\u00b0 2002-571 du 22 avril 2002 pris pour l'application du premier alin\u00e9a del'article 8 de la loi n\u00b0 2001-624 du 17juillet 2001 et relatif \u00e0 l'agr\u00e9ment des associations dejeunesse et d'\u00e9ducation populaire ;Vu le d\u00e9cret n\u00b0 2021-1947 du 31 d\u00e9cembre 2021 pris pour l'application de l'article 10-1 dela loi n\u00b0 2000-321 du 12 avril 2000 et approuvant le contrat d'engagement r\u00e9publicain desassociations et fondations b\u00e9n\u00e9ficiant de subventions publiques ou d'un agr\u00e9ment del'Etat;Vu le d\u00e9cret n\u00b0 2020-1542 du 09 d\u00e9cembre 2020 relatif aux comp\u00e9tences des autorit\u00e9sacad\u00e9miques dans le domaine des politiques de la jeunesse, de l'\u00e9ducation populaire, dela vie associative, de l'engagement civique et des sports et \u00e0 l'organisation des servicescharg\u00e9s de leur mise en \u0153uvre ;Vu le d\u00e9cret n\u00b0 2020-1543 du 09 d\u00e9cembre 2020 relatif aux services d\u00e9concentr\u00e9s duminist\u00e8re de l'Education nationale, de la jeunesse et des sports et du minist\u00e8re del'enseignement sup\u00e9rieur, de la recherche et de l'innovation ;Vu le d\u00e9cret du Pr\u00e9sident de la R\u00e9publique du 31 mai 2024 nommant M. Benoit DELAUNAYen qualit\u00e9 de recteur de la r\u00e9gion acad\u00e9mique Provence-Alpes-C\u00e9te d'Azur;Vu le d\u00e9cret en date du 10 octobre 2022 nommant Monsieur Mathieu SIEYE en qualit\u00e9 dedirecteur d'acad\u00e9mie des services de l'\u00e9ducation nationale du Var ;Vu l'arr\u00eat\u00e9 interminist\u00e9riel en date du 10 juin 2022 nommant et d\u00e9tachant MonsieurS\u00e9bastien BORREL, inspecteur de la jeunesse et des sports, dans l'emploi de conseiller dudirecteur acad\u00e9mique des services de I'Education nationale du Var en mati\u00e8re de jeunesse,d'engagement et de sports,Consid\u00e9rant le dossier de demande d'agr\u00e9ment pr\u00e9sent\u00e9 par l'association ci-dessousd\u00e9sign\u00e9e;\n  \n1/2 \n \n \nDirection des Services d\u00e9partementaux \nde l'\u00c9ducation Nationale du Var \n \n \n \n \n \n \n \n \n \n \nDirection des services d\u00e9partementaux de l'\u00e9ducation nationale du Var - 83-2025-09-24-00004 - Arr\u00eat\u00e9 2025-JEP-0002 du 24092025 -\nCopains d'antonin 37\nArticle 1\u00b0\"L'agr\u00e9ment des associations de jeunesse et d'\u00e9ducation populaire pr\u00e9vu par l'article 8 dela loi n\u00b02001-624 du 17 juillet 2001 est accord\u00e9 \u00e0 l'association dont le nom suit :LES COPAINS D'ANTONINNum\u00e9ro d'agr\u00e9ment : 2025-JEP-0002Adresse de l'association :H\u00f4tel de Villeroute d'Entrecasteaux83510 Saint-Antonin-du-VarNum\u00e9ro RNA : W831011232Article 2Le pr\u00e9sent agr\u00e9ment est attribu\u00e9 pour une dur\u00e9e de cing ans.Article3Pendant cette dur\u00e9e, l'association mentionn\u00e9e est r\u00e9put\u00e9e satisfaire aux conditions fix\u00e9espar l'article 25-1 de la loi n\u00b02000-321 du 12 avril 2000 (tronc commun d'agr\u00e9ment).L'association peut se pr\u00e9valoir du respect de ces conditions dans le cadre de touteproc\u00e9dure d'agr\u00e9ment pr\u00e9vue par la l\u00e9gislation pendant une p\u00e9riode de cinq ans \u00e0compter de la date du pr\u00e9sent arr\u00eat\u00e9.Article 4Le pr\u00e9sent arr\u00eat\u00e9 peut faire l'objet d'un recours contentieux, aupr\u00e8s du tribunaladministratif de Toulon, dans le d\u00e9lai de deux mois, \u00e0 compter de sa notification. Il peut\u00e9galement, dans le m\u00eame d\u00e9lai, faire l'objet d'un recours gracieux aupr\u00e8s de M. le Pr\u00e9fetdu Var et/ou d'un recours hi\u00e9rarchique aupr\u00e8s M. le Ministre de l'Education Nationale.Article5Le Directeur Acad\u00e9mique des Services de l'\u00c9ducation Nationale est charg\u00e9 de l'ex\u00e9cutiondu pr\u00e9sent arr\u00eat\u00e9 qui sera publi\u00e9 au recueil des actes administratifs et notifi\u00e9 auxint\u00e9ress\u00e9s.\nFait \u00e0 Toulon, le 24/09/2025Pour le Recteur de la r\u00e9gion acad\u00e9mique,et par d\u00e9l\u00e9gation,P/Le Directeur acad\u00e9mique des services del'\u00c9ducation nationale du VarLa Chef du service d\u00e9partemental \u00e0 la jeunesse,\u00e0 l'engagement et aux sportsSign\u00e9\nS\u00e9bastien BORREL\n \n2/2 \nDirection des services d\u00e9partementaux de l'\u00e9ducation nationale du Var - 83-2025-09-24-00004 - Arr\u00eat\u00e9 2025-JEP-0002 du 24092025 -\nCopains d'antonin 38\nPr\u00e9fecture du VAR\n83-2025-10-06-00003\nARR\u00caT\u00c9 PR\u00c9FECTORAL n\u00b0 DCL/BERG/2025/202\ndu 06 octobre 2025 portant modification de\nl'arr\u00eat\u00e9 n\u00b0 DCL/BERG/2025/174 du 11 septembre\n2025 portant constitution des commissions\nd'organisation des \u00e9lections pour le\nrenouvellement des membres des tribunaux de\ncommerce de Draguignan, Fr\u00e9jus et Toulon - \nScrutins des 9 et 22 octobre 2025, dans\nl'hypoth\u00e8se d'un second tour\nPr\u00e9fecture du VAR - 83-2025-10-06-00003 - ARR\u00caT\u00c9 PR\u00c9FECTORAL n\u00b0 DCL/BERG/2025/202 du 06 octobre 2025 portant modification\nde l'arr\u00eat\u00e9 n\u00b0 DCL/BERG/2025/174 du 11 septembre 2025 portant constitution des commissions d'organisation des \u00e9lections pour le\nrenouvellement des membres des tribunaux de commerce de Draguignan, Fr\u00e9jus et Toulon -  Scrutins des 9 et 22 octobre 2025, dans\nl'hypoth\u00e8se d'un second tour\n39\n=mPREFETDU VARLibert\u00e9Egalit\u00e9Fraternit\u00e9\nDirection de la citoyennet\u00e9 et de la l\u00e9galit\u00e9\nBureau des \u00e9lections et de la r\u00e9glementation g\u00e9n\u00e9rale\nARR\u00caT\u00c9 PR\u00c9FECTORAL n\u00b0 DCL/BERG/2025/202 du 06 octobre 2025\nportant modification de l'arr\u00eat\u00e9 n\u00b0 DCL/BERG/2025/174 du 11 septembre 2025\nportant constitution des commissions d'organisation des \u00e9lections\npour le renouvellement des membres des tribunaux de commerce\nde Draguignan, Fr\u00e9jus et Toulon\nScrutins des 9 et 22 octobre 2025, dans l'hypoth\u00e8se d'un second tour\nLe pr\u00e9fet du Var,\nVu le code de commerce, et notamment ses articles L.723-13 et R.723-8 ;\nVu le code \u00e9lectoral ;\nVu l'arr\u00eat\u00e9 minist\u00e9riel du 24 mai 2011 relatif aux bulletins de vote pour l'\u00e9lection des juges des tribunaux  \nde commerce, des chambres commerciales des tribunaux de grande instance dans les d\u00e9partements du  \nBas-Rhin, du Haut-Rhin, de la Moselle et des tribunaux mixtes de commerce ;\nVu le d\u00e9cret du Pr\u00e9sident de la R\u00e9publique du 15 mai 2025 portant nomination de M. Simon BABRE, \npr\u00e9fet du Var ;\nVu l'arr\u00eat\u00e9 pr\u00e9fectoral n\u00b02025/12/MCI du 02 juin 2025 portant d\u00e9l\u00e9gation de signature \u00e0 Monsieur  \nLucien GIUDICELLI, secr\u00e9taire g\u00e9n\u00e9ral de la pr\u00e9fecture du Var, sous-pr\u00e9fet de l'arrondissement de  \nToulon  ;\nVu l'arr\u00eat\u00e9 pr\u00e9fectoral n\u00b0DCL/BERG/2025/141 du 17 juillet 2025  portant convocation des \u00e9lecteurs dans  \nle cadre du renouvellement partiel des juges des tribunaux de commerce de Draguignan, Fr\u00e9jus et  \nToulon ;\nVu l'arr\u00eat\u00e9 pr\u00e9fectoral n\u00b0DCL/BERG/2025/142 du 21 juillet 2025  portant modalit\u00e9s d'organisation des  \n\u00e9lections pour le renouvellement des membres des tribunaux de commerce de Draguignan, Fr\u00e9jus et  \nToulon ; \nVu l'arr\u00eat\u00e9 pr\u00e9fectoral n\u00b0DCL/BERG/2025/174 du 11 septembre 2025 portant portant constitution des  \ncommissions  d'organisation  des  \u00e9lections  pour  le  renouvellement  des  membres  des  tribunaux  de  \ncommerce de Draguignan, Fr\u00e9jus et Toulon ; \nVu les ordonnances n\u00b0 2025/489 et 2025/499 du premier pr\u00e9sident de la cour d'appel d'Aix-en-Provence \nportant d\u00e9signation des membres des commissions \u00e9lectorales ;\nSur proposition du secr\u00e9taire g\u00e9n\u00e9ral de la pr\u00e9fecture,\n1/2\nPr\u00e9fecture du VAR - 83-2025-10-06-00003 - ARR\u00caT\u00c9 PR\u00c9FECTORAL n\u00b0 DCL/BERG/2025/202 du 06 octobre 2025 portant modification\nde l'arr\u00eat\u00e9 n\u00b0 DCL/BERG/2025/174 du 11 septembre 2025 portant constitution des commissions d'organisation des \u00e9lections pour le\nrenouvellement des membres des tribunaux de commerce de Draguignan, Fr\u00e9jus et Toulon -  Scrutins des 9 et 22 octobre 2025, dans\nl'hypoth\u00e8se d'un second tour\n40\nA R R E T E   :\nARTICLE 1 :  L'article 1 de l'arr\u00eat\u00e9 pr\u00e9fectoral n\u00b0 DCL/BERG/2025/174 du 11 septembre 2025 susvis\u00e9 est  \nmodifi\u00e9 comme suit :\n\u2022 POUR LE TRIBUNAL DE COMMERCE DE TOULON  \nScrutin du   9 octobre et \u00e9ventuellement du 22 octobre 2025   :\nPr\u00e9sident\ntitulaire\n: Madame Anne LEZER\n1\u00e8re Vice-pr\u00e9sidente au tribunal judiciaire de Toulon\nAssesseur \ntitulaire \n: Monsieur Alexey VARNEK\nJuge au tribunal de commerce de Toulon\nRepr\u00e9sentant \ndu pr\u00e9fet \n: Monsieur Thibaud RIVIECCIO\nChef du bureau des \u00e9lections et de la r\u00e9glementation g\u00e9n\u00e9rale, Pr\u00e9fecture du Var\nSuppl\u00e9ant\u00a0:\u00a0Monsieur Thomas GRIMMELPONT\nChef de la section Elections, Pr\u00e9fecture du Var\nLe secr\u00e9tariat est assur\u00e9 par Monsieur Franklin DOUCEDE, greffier en chef du tribunal de commerce de \nToulon.\nARTICLE 2 : Le reste sans changement.\nARTICLE 3 : Le secr\u00e9taire g\u00e9n\u00e9ral de la pr\u00e9fecture du Var, les pr\u00e9sidentes des commissions d'organisation \ndes \u00e9lections sont charg\u00e9s, chacun en ce qui le concerne, de l'ex\u00e9cution du pr\u00e9sent arr\u00eat\u00e9, qui sera  \npubli\u00e9 au recueil des actes administratifs de la pr\u00e9fecture du Var.\nPour le Pr\u00e9fet du Var et par d\u00e9l\u00e9gation,\nle secr\u00e9taire g\u00e9n\u00e9ral,\nsign\u00e9 : Lucien GIUDICELLI \n2/2\nDans\u00a0un\u00a0d\u00e9lai\u00a0de\u00a0deux\u00a0mois\u00a0\u00e0\u00a0compter\u00a0de\u00a0la\u00a0date\u00a0de\u00a0notification\u00a0et\u00a0conform\u00e9ment\u00a0aux\u00a0dispositions\u00a0des\u00a0articles\u00a0R.\u00a0414-1,\u00a0R.\u00a0414-6\u00a0et\u00a0R421-1\u00a0et\u00a0suivants\u00a0du\u00a0\ncode\u00a0de\u00a0justice\u00a0administrative,\u00a0les\u00a0recours\u00a0suivants\u00a0peuvent\u00a0\u00eatre\u00a0introduits\u00a0:\n-\u00a0recours\u00a0gracieux,\u00a0adress\u00e9\u00a0au\u00a0pr\u00e9fet\u00a0du\u00a0Var,\u00a0Bld\u00a0du\u00a0112\u00e8me\u00a0R.I,\u00a0CS\u00a031209,\u00a083070\u00a0Toulon\u00a0Cedex.\n-\u00a0recours\u00a0hi\u00e9rarchique,\u00a0adress\u00e9\u00a0au(x)\u00a0ministre(s)\u00a0concern\u00e9(s).\nSous\u00a0r\u00e9serve\u00a0des\u00a0dispositions\u00a0l\u00e9gislatives,\u00a0le\u00a0silence\u00a0gard\u00e9\u00a0par\u00a0l'administration\u00a0au\u00a0terme\u00a0d'un\u00a0d\u00e9lai\u00a0de\u00a0deux\u00a0mois\u00a0vaut\u00a0d\u00e9cision\u00a0implicite\u00a0de\u00a0rejet.\u00a0Le\u00a0d\u00e9lai\u00a0de\u00a0\ndeux\u00a0mois\u00a0de\u00a0recours\u00a0contentieux\u00a0court\u00a0\u00e0\u00a0compter\u00a0du\u00a0rejet\u00a0implicite\u00a0ou\u00a0explicite\u00a0des\u00a0recours\u00a0gracieux/hi\u00e9rarchique.\u00a0\nLe\u00a0recours\u00a0contentieux\u00a0est\u00a0introduit\u00a0en\u00a0saisissant\u00a0le\u00a0tribunal\u00a0administratif\u00a0de\u00a0Toulon\u00a0:\n-\u00a0obligatoirement\u00a0via\u00a0le\u00a0module\u00a0\u00ab\u00a0t\u00e9l\u00e9recours\u00a0\u00bb\u00a0pour\u00a0les\u00a0avocats,\u00a0les\u00a0personnes\u00a0morales\u00a0de\u00a0droit\u00a0priv\u00e9\u00a0charg\u00e9es\u00a0d'un\u00a0service\u00a0public\u00a0et\u00a0les\u00a0personnes\u00a0morales\u00a0\nde\u00a0droit\u00a0public\u00a0(optionnel\u00a0pour\u00a0les\u00a0communes\u00a0de\u00a0moins\u00a0de\u00a03\u00a0500\u00a0habitants)\u00a0;\n-\u00a0via\u00a0le\u00a0module\u00a0\u00ab\u00a0t\u00e9l\u00e9recours\u00a0citoyens\u00bb\u00a0pour\u00a0les\u00a0particuliers\u00a0et\u00a0les\u00a0personnes\u00a0morales\u00a0de\u00a0droit\u00a0priv\u00e9\u00a0;\n-\u00a0par\u00a0courrier\u00a0:\u00a05\u00a0rue\u00a0Racine,\u00a0BP\u00a040510,\u00a083041\u00a0Toulon\u00a0Cedex\u00a09.\nLes\u00a0modules\u00a0\u00ab\u00a0t\u00e9l\u00e9recours\u00a0\u00bb\u00a0et\u00a0\u00ab\u00a0t\u00e9l\u00e9recours\u00a0citoyen\u00a0\u00bb\u00a0sont\u00a0accessibles\u00a0via\u00a0le\u00a0portail\u00a0www.telerecours.fr\nPr\u00e9fecture du VAR - 83-2025-10-06-00003 - ARR\u00caT\u00c9 PR\u00c9FECTORAL n\u00b0 DCL/BERG/2025/202 du 06 octobre 2025 portant modification\nde l'arr\u00eat\u00e9 n\u00b0 DCL/BERG/2025/174 du 11 septembre 2025 portant constitution des commissions d'organisation des \u00e9lections pour le\nrenouvellement des membres des tribunaux de commerce de Draguignan, Fr\u00e9jus et Toulon -  Scrutins des 9 et 22 octobre 2025, dans\nl'hypoth\u00e8se d'un second tour\n41\nPr\u00e9fecture du VAR\n83-2025-10-02-00003\nArr\u00eat\u00e9 n\u00b02025-BSP-OP-088 autorisant la\ncaptation, l'enregistrement et la transmission\nd'images au moyen de cam\u00e9ras install\u00e9es sur des\na\u00e9ronefs\nPr\u00e9fecture du VAR - 83-2025-10-02-00003 - Arr\u00eat\u00e9 n\u00b02025-BSP-OP-088 autorisant la captation, l'enregistrement et la transmission\nd'images au moyen de cam\u00e9ras install\u00e9es sur des a\u00e9ronefs 42\nExPREFETDU VAR . .Lit Cabinet du Pr\u00e9fet\u00c9galit\u00e9 Direction des s\u00e9curit\u00e9sFraternit\u00e9 otek 'Bureau de la s\u00e9curit\u00e9 publique\nArr\u00e9t\u00e9 n\u00b0 2025-BSP-OP-088autorisant la captation, l'enregistrement et la transmissiond'images au moyen de cam\u00e9ras install\u00e9es sur des a\u00e9ronefs\nVu le code de la s\u00e9curit\u00e9 int\u00e9rieure et notamment ses articles L. 242-1 \u00e0 L. 242-8 et R. 242-8 aR. 242-14;Vu le d\u00e9cret n\u00b0 2004-374 du 29 avril 2004 relatif aux pouvoirs des pr\u00e9fets, \u00e0 l'organisation et al'action des services de l'\u00c9tat dans les r\u00e9gions et d\u00e9partements ;Vu le d\u00e9cret du 15 mai 2025 portant nomination de Monsieur Simon BABRE, pr\u00e9fet du Var;Vu l'arr\u00eat\u00e9 n\u00b0 2025/54/MCI du 15 juillet 2025 portant d\u00e9l\u00e9gation de signature \u00e0 MadameJos\u00e9phine GUIGLIANO-BOUTONNET, directrice de cabinet du pr\u00e9fet du Var;Vu l'arr\u00eat\u00e9 du ministre de l'Int\u00e9rieur et des outre-mer, en date du 19 avril 2023 relatif aunombre maximal de cam\u00e9ras install\u00e9es sur des a\u00e9ronefs pouvant \u00eatre simultan\u00e9ment utilis\u00e9esdans chaque d\u00e9partement et collectivit\u00e9 d'outre-mer ;Vu la demande en date du 29 septembre 2025, formul\u00e9e par la directioninterd\u00e9partementale de la police nationale du Var, visant \u00e0 obtenir l'autorisation de capter,d'enregistrer et de transmettre des images au moyen de trois cam\u00e9ras install\u00e9es sur desdrones aux fins de r\u00e9aliser des op\u00e9rations de pr\u00e9vention de la d\u00e9linquance sur la communede Fr\u00e9jus, du vendredi 3 octobre 2025 \u00e0 21h au samedi 4 octobre 2025 \u00e0 2h;Consid\u00e9rant que le 1\u00b0 de l'article L. 242-5 du code de la s\u00e9curit\u00e9 int\u00e9rieure permet aux forcesde s\u00e9curit\u00e9 int\u00e9rieure, dans le cadre de la pr\u00e9vention des atteintes \u00e0 la s\u00e9curit\u00e9 des personneset des biens dans des lieux particuli\u00e8rement expos\u00e9s, en raison de leurs caract\u00e9ristiques oudes faits qui s'y sont d\u00e9j\u00e0 d\u00e9roul\u00e9s, \u00e0 des risques d'agressions, de vols ou de trafics d'armes,d'\u00eatres humains ou de stup\u00e9fiants, de proc\u00e9der \u00e0 la captation, \u00e0 l'enregistrement et \u00e0 latransmission d'images au moyen de cam\u00e9ras install\u00e9es sur des a\u00e9ronefs ;Consid\u00e9rant que les forces de l'ordre ont conduit de nombreuses op\u00e9rations de policeadministrative visant \u00e0 pr\u00e9venir les troubles \u00e0 l'ordre public \u00e0 Fr\u00e9jus; que lors de cesinterventions, des atteintes \u00e0 la s\u00e9curit\u00e9 des personnes et des biens ont pu \u00eatre constat\u00e9es ;Consid\u00e9rant que le 12 ao\u00fbt 2025, un quad n'a pas respect\u00e9 un c\u00e9dez-le-passage en passantdevant des policiers, en contr\u00f4le, sur deux roues \u00e0 vive allure; que le 5 septembre 2025, unrassemblement d'une trentaine de v\u00e9hicules l\u00e9gers et d'une vingtaine de motocyclettes a \u00e9t\u00e9d\u00e9couvert sur le parking d'un magasin \u00e0 Fr\u00e9jus ; que certains de ces v\u00e9hicules ne\nPr\u00e9fecture du VAR - 83-2025-10-02-00003 - Arr\u00eat\u00e9 n\u00b02025-BSP-OP-088 autorisant la captation, l'enregistrement et la transmission\nd'images au moyen de cam\u00e9ras install\u00e9es sur des a\u00e9ronefs 43\ncomportaient pas de plaque d'immatriculation et ont \u00e9t\u00e9 verbalis\u00e9s ; que par ailleurs, le 29septembre 2025, un autre v\u00e9hicule a d\u00e9grad\u00e9 en roulant, a vive allure, 30 m\u00e8tres de barri\u00e8resde s\u00e9curit\u00e9 endommageant ainsi du mobilier public urbain et cr\u00e9ant un risque pour las\u00e9curit\u00e9 des personnes ;Consid\u00e9rant que des op\u00e9rations de contr\u00f4le similaires sont conduites par les gendarmes surla commune de Puget-sur-Argens et qu'elles sont susceptibles d'occasionner un effet dereport de l'activit\u00e9 d\u00e9lictuelle sur la commune de Fr\u00e9jus, du fait de sa proximit\u00e9 avec Puget-sur-Argens;Consid\u00e9rant que, pour pr\u00e9venir les atteintes \u00e0 la s\u00e9curit\u00e9 des personnes et des biens ainsi queles risques d'accident, et compte tenu de l'int\u00e9r\u00eat pour les forces de l'ordre de disposerd'une vision en grand angle au regard de l'\u00e9tendue de la zone \u00e0 s\u00e9curiser et de laconfiguration particuli\u00e8re des lieux, le recours aux dispositifs de captation install\u00e9s sur desa\u00e9ronefs est n\u00e9cessaire et adapt\u00e9; qu'il n'existe pas de dispositif moins intrusif permettantde parvenir aux m\u00eames fins ;Consid\u00e9rant que la demande porte sur l'engagement de trois cam\u00e9ras a\u00e9roport\u00e9es dans leseul secteur d\u00e9limit\u00e9 en annexe du pr\u00e9sent arr\u00eat\u00e9; que les lieux surveill\u00e9s sont strictementlimit\u00e9s \u00e0 la zone o\u00f9 sont susceptibles de se commettre les atteintes que l'usage de troiscam\u00e9ras a\u00e9roport\u00e9es vise \u00e0 pr\u00e9venir ; que la dur\u00e9e de l'autorisation est \u00e9galement limit\u00e9e \u00e0 lap\u00e9riode du vendredi 3 octobre 2025 a 21h au samedi 4 octobre 2025 \u00e0 2h; qu'au regard descirconstances susmentionn\u00e9es, la demande n'appara\u00eet pas disproportionn\u00e9e ;Consid\u00e9rant qu'en vertu de l'article R. 242-13 du code de la s\u00e9curit\u00e9 int\u00e9rieure, il y a lieu ded\u00e9roger au principe d'information du public d\u00e8s lors que cette information entre encontradiction avec les finalit\u00e9s pour lesquelles le dispositif est autoris\u00e9; que cependant, cetarr\u00eat\u00e9 fera l'objet d'une publication au recueil des actes administratifs de la pr\u00e9fecture,Sur proposition de la sous-pr\u00e9f\u00e8te, directrice de cabinet du Var;\nARR\u00caTE\nArticle 1\u00b0 - La captation, l'enregistrement et la transmission d'images par la directioninterd\u00e9partementale de la Police Nationale du Var, est autoris\u00e9e au titre de la protection despersonnes et des biens et de la pr\u00e9vention des comportements routiers dangereux sur lacommune de Fr\u00e9jus du vendredi 3 octobre 2025 \u00e0 21h au samedi 4 octobre 2025 \u00e0 2h.Article 2 - Le nombre maximal de cam\u00e9ras pouvant proc\u00e9der simultan\u00e9ment aux traitementsmentionn\u00e9s \u00e0 l'article 1\u00b0 est fix\u00e9 \u00e0 trois, install\u00e9es sur deux drone DJI Mavic 3T et 1 drone D]IMavic 4T.Article 3 - La pr\u00e9sente autorisation est limit\u00e9e au p\u00e9rim\u00e8tre g\u00e9ographique figurant sur le planjoint en annexe, dans un rayon de huit cents m\u00e8tres du centre de la rue Eug\u00e8ne Joly \u00e0 Fr\u00e9jus.Article 4- Le registre mentionn\u00e9 \u00e0 l'article L. 242-4 du code de la s\u00e9curit\u00e9 int\u00e9rieure seratransmis au repr\u00e9sentant de l'\u00c9tat dans le d\u00e9partement \u00e0 l'issue de l'op\u00e9ration.\nPr\u00e9fecture du VAR - 83-2025-10-02-00003 - Arr\u00eat\u00e9 n\u00b02025-BSP-OP-088 autorisant la captation, l'enregistrement et la transmission\nd'images au moyen de cam\u00e9ras install\u00e9es sur des a\u00e9ronefs 44\nArticle 5 - Le pr\u00e9sent arr\u00eat\u00e9 est publi\u00e9 au recueil des actes administratifs de la pr\u00e9fecture etpeut faire l'objet d'un recours devant le tribunal administratif de Toulon dans un d\u00e9lai dedeux mois \u00e0 compter de sa publication.Article 6 - La sous-pr\u00e9f\u00e8te, directrice de cabinet du pr\u00e9fet du Var et le directeurinterd\u00e9partemental de la Police Nationale du Var, sont charg\u00e9s, chacun en ce qui lesconcerne, de l'ex\u00e9cution du pr\u00e9sent arr\u00eat\u00e9.Toulon, le\nwr je rreipes Pnio Diregtriced CabinetTONNE|losephine GUIGLIAN -BOUTONNK\nPr\u00e9fecture du VAR - 83-2025-10-02-00003 - Arr\u00eat\u00e9 n\u00b02025-BSP-OP-088 autorisant la captation, l'enregistrement et la transmission\nd'images au moyen de cam\u00e9ras install\u00e9es sur des a\u00e9ronefs 45\n  \nANNEXE\u00a0:\u00a0Arr\u00eat\u00e9\u00a0n\u00b0\u00a02025-BSP-OP-088\u00a0autorisant\u00a0la\u00a0captation,\u00a0l'enregistrement\u00a0et\u00a0la\u00a0transmission\nd'images\u00a0au\u00a0moyen\u00a0de\u00a0cam\u00e9ras\u00a0install\u00e9es\u00a0sur\u00a0des\u00a0a\u00e9ronefs\nPr\u00e9fecture du VAR - 83-2025-10-02-00003 - Arr\u00eat\u00e9 n\u00b02025-BSP-OP-088 autorisant la captation, l'enregistrement et la transmission\nd'images au moyen de cam\u00e9ras install\u00e9es sur des a\u00e9ronefs 46\nPr\u00e9fecture du VAR\n83-2025-10-06-00002\nArr\u00eat\u00e9 n\u00b02025/13/DS/SESR/PDAC du 6 octobre\n2025 portant agr\u00e9ment du Docteur Fran\u00e7ois\nMICHEL pour le contr\u00f4le m\u00e9dical de l'aptitude \u00e0\nla conduite\nPr\u00e9fecture du VAR - 83-2025-10-06-00002 - Arr\u00eat\u00e9 n\u00b02025/13/DS/SESR/PDAC du 6 octobre 2025 portant agr\u00e9ment du Docteur\nFran\u00e7ois MICHEL pour le contr\u00f4le m\u00e9dical de l'aptitude \u00e0 la conduite 47\n=mPREFETDU VARLibert\u00e9Egalit\u00e9Fraternit\u00e9\nCabinet - Direction des s\u00e9curit\u00e9s\nService de l'\u00e9ducation et\n de la s\u00e9curit\u00e9 routi\u00e8res\nP\u00f4le Droits \u00e0 conduire\n ARR\u00caT\u00c9 n\u00b0 2025/13  /DS/SESR/PDAC du 6 octobre 2025\n          portant agr\u00e9ment du Docteur Fran\u00e7ois MICHEL                       \npour le contr\u00f4le m\u00e9dical de l'aptitude \u00e0 la conduite\nLe Pr\u00e9fet du Var\nChevalier de la L\u00e9gion d'Honneur,\nChevalier de l'Ordre National du M\u00e9rite\nVu le code de la route, notamment les articles R.226-1 \u00e0 R-226-4 ;\nVu le d\u00e9cret n\u00b02012-886 en date du 17 juillet 2012 relatif au contr\u00f4le m\u00e9dical de l'aptitude \u00e0 la \nconduite ;\nVu  le  d\u00e9cret  du  Pr\u00e9sident  de  la  R\u00e9publique  du  15  mai  2025  portant  nomination  \nde M. Simon BABRE, Pr\u00e9fet du Var  ;\nVu l'arr\u00eat\u00e9 du 20 avril 2012 modifi\u00e9, fixant les conditions d'\u00e9tablissement, de d\u00e9livrance et de  \nvalidit\u00e9 du permis de conduire ;\nVu  l'arr\u00eat\u00e9  du  28  mars  2022,  fixant  la  liste  des  affections  m\u00e9dicales  incompatibles  ou  \ncompatibles avec ou sans am\u00e9nagements ou restrictions pour l'obtention, le renouvellement  \nou le maintien du permis de conduire ou pouvant donner lieu \u00e0 la d\u00e9livrance de permis de  \nconduire de dur\u00e9e de validit\u00e9 limit\u00e9e ;\nVu l'article 6 de l'arr\u00eat\u00e9 du 31 juillet 2012 modifi\u00e9, relatif \u00e0 l'organisation du contr\u00f4le m\u00e9dical  \nde l'aptitude \u00e0 la conduite ;\nVu l'arr\u00eat\u00e9 pr\u00e9fectoral n\u00b0 2025/54/MCI du 15 juillet 2025  portant d\u00e9l\u00e9gation de signature \u00e0  \nMme Jos\u00e9phine GUIGLIANO-BOUTONNET, directrice de Cabinet du pr\u00e9fet du Var ;\nVu la demande du Docteur Fran\u00e7ois MICHEL en date du 28 juillet 2025 ;\nSur proposition de la directrice de cabinet du pr\u00e9fet du Var, \nARR\u00caTE :\nArticle  1  er   :   Le  Docteur  Fran\u00e7ois  MICHEL ,  exer\u00e7ant  au  25  boulevard  Jean  Jaur\u00e8s  \n83270 SAINT CYR-SUR-MER, est agr\u00e9\u00e9, dans le d\u00e9partement du Var, en tant que :\n- m\u00e9decin consultant hors commission m\u00e9dicale\nBoulevard du 112\u00e8me R\u00e9giment d'Infanterie\nCS 31209 \u2013 83070 TOULON CEDEX\nT\u00e9l : 04 94 18 83 83\n1/2\nPr\u00e9fecture du VAR - 83-2025-10-06-00002 - Arr\u00eat\u00e9 n\u00b02025/13/DS/SESR/PDAC du 6 octobre 2025 portant agr\u00e9ment du Docteur\nFran\u00e7ois MICHEL pour le contr\u00f4le m\u00e9dical de l'aptitude \u00e0 la conduite 48\nArticle 2 :  L'agr\u00e9ment est accord\u00e9 pour une dur\u00e9e de cinq ans, soit du 8 octobre 2025 au  \n7 octobre 2030.\nArticle 3 : Cet arr\u00eat\u00e9 prend effet \u00e0 compter du 8 octobre 2025.\nArticle 4 :  La directrice de cabinet du pr\u00e9fet du Var est charg\u00e9e de l'ex\u00e9cution du pr\u00e9sent  \narr\u00eat\u00e9 qui sera publi\u00e9 au recueil des actes administratifs de la pr\u00e9fecture du Var.\n Fait \u00e0 Toulon, le 6 octobre 2025\nPour le Pr\u00e9fet et par d\u00e9l\u00e9gation, \nLa Directrice de Cabinet\nSign\u00e9\nJos\u00e9phine GUIGLIANO-BOUTONNET\n2/2\nPr\u00e9fecture du VAR - 83-2025-10-06-00002 - Arr\u00eat\u00e9 n\u00b02025/13/DS/SESR/PDAC du 6 octobre 2025 portant agr\u00e9ment du Docteur\nFran\u00e7ois MICHEL pour le contr\u00f4le m\u00e9dical de l'aptitude \u00e0 la conduite 49","date":"2025-10-06","first_seen_on":"2025-10-06T14:38:35+00:00","id":"55c43ee99cef8ad067a345ed74eacdf60424dbc954710324aaf01b3d460fd922","name":"RAA N\u00b0335 du 6 octobre 2025","pdf_creation_date":"2025-10-06T14:24:13+00:00","pdf_modification_date":null,"timezone":"Europe/Paris","url":"https://www.var.gouv.fr/contenu/telechargement/43001/281341/file/RAA%20N%C2%B0335%20du%206%20octobre%202025%20(Non%20nominatif).pdf"}
