{"administration":"prefidf","administration_name":"Pr\u00e9fecture de la r\u00e9gion \u00cele-de-France","content":"PREFECTURE\nREGION ILE DE\nFRANCE\nRECUEIL DES ACTES\nADMINISTRATIFS SP\u00c9CIAL\nN\u00b0IDF-053-2025-11\nPUBLI\u00c9 LE 28 NOVEMBRE 2025\nSommaire\nAgence R\u00e9gionale de Sant\u00e9 /\nIDF-2025-11-28-00001 - Arr\u00eat\u00e9 n\u00b02025-267 portant autorisation de\ntransformation par requalification du public accueilli de 21 places\nd\u00e9ficience intellectuelle en 8 places polyhandicap et 13 places troubles\ndu spectre de l'autisme (TSA) et d'extension de capacit\u00e9 de 42 \u00e0 43\nplaces de l'Institut M\u00e9dico-Educatif (IME) Andr\u00e9 Coudrier \u00e0\nSaint-Germain-L\u00e8s-Arpajon g\u00e9r\u00e9 par l'association ALTERIT\u00c9 (4 pages) Page 4\nAgence R\u00e9gionale de Sant\u00e9 / Direction Veille et S\u00e9curit\u00e9 Sanitaires\nIDF-2025-07-23-00017 - D\u00e9cision n\u00b0 DVSS - QSPHARMBIO - 2025/056\nportant suppression de l'autorisation de la pharmacie \u00e0 usage int\u00e9rieur\nde l'EHPAD LE VIEUX COLOMBIER (2 pages) Page 9\nIDF-2025-07-25-00012 - D\u00e9cision n\u00b0 DVSS - QSPHARMBIO - 2025/066\nportant renouvellement de l'autorisation de la pharmacie \u00e0 usage\nint\u00e9rieur de la Croix Rouge Fran\u00e7aise EHPAD Annie Beauchais (3 pages) Page 12\nAgence R\u00e9gionale de Sant\u00e9 - D\u00e9l\u00e9gation d\u00e9partementale de\nl'Essonne /\nIDF-2025-11-11-00001 - Arr\u00eat\u00e9 ARS91-2025-OSV n\u00b013 portant\nautorisation de dispenser \u00e0 domicile de l'oxyg\u00e8ne \u00e0 usage m\u00e9dical\npour un site de rattachement d'une structure dispensatrice (3 pages) Page 16\nDirection r\u00e9gionale et interd\u00e9partementale de l'\u00e9conomie, de l'emploi,\ndu travail et des solidarit\u00e9s d'\u00cele-de-France / MJPM\nIDF-2025-11-27-00016 - Arr\u00eat\u00e9 n \u00b0 2025 - 19 fixant le montant de la\ndotation globale de financement et sa r\u00e9partition par financeur public du\nservice mandataire judiciaire \u00e0 la protection des majeurs \u00ab ATFPO, SIRET\n383 550 498 000 91 \u00bb pour l'ann\u00e9e 2025\n\n (5 pages) Page 20\nIDF-2025-11-25-00011 - Arr\u00eat\u00e9 n \u00b0 2025 - 20 fixant le montant de la\ndotation globale de financement et sa r\u00e9partition par financeur public du\nservice mandataire judiciaire \u00e0 la protection des majeurs \u00ab ATY, SIRET\n391 000 130 00057\u00bb pour l'ann\u00e9e 2025\n (5 pages) Page 26\nIDF-2025-11-25-00012 - Arr\u00eat\u00e9 n \u00b0 2025 - 21 fixant le montant de la\ndotation globale de financement et sa r\u00e9partition par financeur public du\nservice mandataire judiciaire \u00e0 la protection des majeurs \u00ab AXE\nMAJEUR-ATM, SIRET 404 068 975 00063\u00bb pour l'ann\u00e9e 2025\n (5 pages) Page 32\nIDF-2025-11-25-00013 - Arr\u00eat\u00e9 n \u00b0 2025 - 22 fixant le montant de la\ndotation globale de financement et sa r\u00e9partition par financeur public du\nservice mandataire judiciaire \u00e0 la protection des majeurs \u00ab UDAF MJPM,\nSIRET 785 152 177 00038 \u00bb pour l'ann\u00e9e 2025\n (5 pages) Page 38\n2\nIDF-2025-11-25-00010 - Arr\u00eat\u00e9 n \u00b0 2025 - 30 fixant le montant de la\ndotation globale de financement et sa r\u00e9partition par financeur public du\nservice mandataire judiciaire \u00e0 la protection des majeurs \u00ab UDAF MJPM\n77, 78497153300020 \u00bb pour l'ann\u00e9e 2025\n (5 pages) Page 44\nIDF-2025-11-25-00014 - Arr\u00eat\u00e9 n \u00b0 2025 - 33 fixant le montant de la\ndotation globale de financement et sa r\u00e9partition par financeur public du\nservice mandataire judiciaire \u00e0 la protection des majeurs \u00ab VYV3 IDF\nMJPM LA SOURCE 91, SIRET480 266 014 00483 \u00bb pour l'ann\u00e9e 2025\n (5\npages) Page 50\nIDF-2025-11-28-00004 - Arr\u00eat\u00e9 n \u00b0 2025 - 37 fixant le montant de la\ndotation globale de financement et sa r\u00e9partition par financeur public du\nservice mandataire judiciaire \u00e0 la protection des majeurs \u00ab ATBB, SIRET\n422 271 635 000 35 \u00bb pour l'ann\u00e9e 2025\n (5 pages) Page 56\nIDF-2025-11-28-00002 - Arr\u00eat\u00e9 n \u00b0 2025 - 40 fixant le montant de la\ndotation globale de financement et sa r\u00e9partition par financeur public du\nservice mandataire judiciaire \u00e0 la protection des majeurs \u00ab AT 3\u00e8me\nAGE, SIRET 398 129 296 000 24 \u00bb pour l'ann\u00e9e 2025\n (6 pages) Page 62\nIDF-2025-11-28-00003 - Arr\u00eat\u00e9 n \u00b0 2025 - 43 fixant le montant de la\ndotation globale de financement et sa r\u00e9partition par financeur public du\nservice mandataire judiciaire \u00e0 la protection des majeurs anciennement\ng\u00e9r\u00e9 par \u00ab NOUVELLES VOIES, SIRET 439 037 078 000 29\u00bb pour\nl'ann\u00e9e 2025\n (6 pages) Page 69\nIDF-2025-11-27-00017 - Arr\u00eat\u00e9 n \u00b0 2025 - 51 fixant le montant de la\ndotation globale de financement et sa r\u00e9partition par financeur public du\nservice mandataire judiciaire \u00e0 la protection des majeurs \u00ab ATIVO 95,\nSIRET 332 537 729 00078 \u00bb pour l'ann\u00e9e 2025\n (5 pages) Page 76\nIDF-2025-11-27-00019 - Arr\u00eat\u00e9 n \u00b0 2025 - 52 fixant le montant de la\ndotation globale de financement et sa r\u00e9partition par financeur public du\nservice mandataire judiciaire \u00e0 la protection des majeurs \u00ab UDAF 95,\nSIRET 34 095 037 00061 \u00bb pour l'ann\u00e9e 2025\n (5 pages) Page 82\nIDF-2025-11-27-00018 - Arr\u00eat\u00e9 n \u00b0 2025 - 53 fixant le montant de la\ndotation globale de financement et sa r\u00e9partition par financeur public du\nservice mandataire judiciaire \u00e0 la protection des majeurs \u00ab APAJH 95,\nSIRET 398 041 442 00326 \u00bb pour l'ann\u00e9e 2025\n (5 pages) Page 88\nDirection r\u00e9gionale et interd\u00e9partementale de l'h\u00e9bergement et du\nlogement / Service de l'accueil, de l'h\u00e9bergement et de l'insertion\nIDF-2025-11-24-00009 - Arr\u00eat\u00e9 fixant la dotation globale de financement\n2025 du CADA COALLIA VAL D OISE (3 pages) Page 94\n3\nAgence R\u00e9gionale de Sant\u00e9\nIDF-2025-11-28-00001\nArr\u00eat\u00e9 n\u00b02025-267 portant autorisation de\ntransformation par requalification du public\naccueilli de 21 places d\u00e9ficience intellectuelle en\n8 places polyhandicap et 13 places troubles du\nspectre de l'autisme (TSA) et d'extension de\ncapacit\u00e9 de 42 \u00e0 43 places de l'Institut\nM\u00e9dico-Educatif (IME) Andr\u00e9 Coudrier \u00e0\nSaint-Germain-L\u00e8s-Arpajon g\u00e9r\u00e9 par l'association\nALTERIT\u00c9\nAgence R\u00e9gionale de Sant\u00e9 - IDF-2025-11-28-00001 - Arr\u00eat\u00e9 n\u00b02025-267 portant autorisation de transformation par requalification du\npublic accueilli de 21 places d\u00e9ficience intellectuelle en 8 places polyhandicap et 13 places troubles du spectre de l'autisme (TSA) et\nd'extension de capacit\u00e9 de 42 \u00e0 43 places de l'Institut M\u00e9dico-Educatif (IME) Andr\u00e9 Coudrier \u00e0 Saint-Germain-L\u00e8s-Arpajon g\u00e9r\u00e9 par\nl'association ALTERIT\u00c9\n4\nREPUBLIQUEFRAN\u00c7AISELibert\u00e9Egalit\u00e9Fraternit\u00e9\n\u00a9 > Agence R\u00e9gionale de Sant\u00e9Ile-de-France\n \n \n \n \n \n \n \n \nAGENCE R\u00c9GIONALE DE SANT\u00c9 \u00ceLE-DE-FRANCE \n \nARR\u00caT\u00c9 N\u00b0 2025 - 267 \n \n  \nportant autorisation de transformation par requalification du public accueilli de 21 places \nd\u00e9ficience intellectuelle en 8 places polyhandicap et 13 places troubles du spectre de \nl'autisme (TSA) et d'extension de capacit\u00e9 de 42 \u00e0 43 places de l'Institut M\u00e9dico-Educatif \n(IME) Andr\u00e9 Coudrier sis 20-22 route de Leuville \u00e0 Saint-Germain-L\u00e8s-Arpajon (91180), \n \n \ng\u00e9r\u00e9 par l'association ALTERIT\u00c9 \n \n \n \nLE DIRECTEUR G\u00c9N\u00c9RAL DE L'AGENCE R\u00c9GIONALE DE SANT\u00c9 \u00ceLE-DE-FRANCE \n \nVU le code de l'action sociale et des familles et notamment les articles L. 312-1, L. 313-1, L. \n314-3 et suivants ; \n \nVU        le d\u00e9cret du 10 avril 2024 portant nomination de Monsieur Denis ROBIN, Directeur g\u00e9n\u00e9ral \nde l'Agence r\u00e9gionale de sant\u00e9 \u00cele-de-France \u00e0 compter du 29 avril 2024 ; \n \nVU l'arr\u00eat\u00e9 DS N\u00b0115/2024 du 25 septembre 2024 portant d\u00e9l\u00e9gation de signature \u00e0 Madame \nSt\u00e9phanie TALBOT, Directrice de l'autonomie ; \n \nVU l'arr\u00eat\u00e9 n\u00b0 DIRNOV-2023/08 de la Directrice g\u00e9n\u00e9rale de l'Agence r\u00e9gionale de sant\u00e9 \u00cele-\nde-France en date du 26 octobre 2023 portant adoption du cadre d'orientation strat\u00e9gique \n2018-2028 du projet r\u00e9gional de sant\u00e9 d'\u00cele-de-France ; \n \nVU l'arr\u00eat\u00e9 n\u00b0 DIRNOV-2023/09 de la Directrice g\u00e9n\u00e9rale de l'Agence r\u00e9gionale de sant\u00e9 \u00cele-\nde-France en date du 26 octobre 2023 portant adoption du sch\u00e9ma r\u00e9gional de sant\u00e9 \n2023-2028 du projet r\u00e9gional de sant\u00e9 d' \u00cele-de-France, modifi\u00e9 par l'arr\u00eat\u00e9 n\u00b0DIRNOV -\n2023/09 en date du 12 janvier 2024 ; \n \nVU l'arr\u00eat\u00e9 n\u00b0 2023-346 de la Directrice g\u00e9n\u00e9rale de l'Agence r\u00e9gionale de sant\u00e9 \u00cele-de-France \nen date du 4 d\u00e9cembre 2023 \u00e9tablissant le programme interd\u00e9partemental \nd'accompagnement des handicaps et de la perte d'autonomie (PRIAC) 2023-2027 pour la \nr\u00e9gion \u00cele-de-France ; \n \nVU l'arr\u00eat\u00e9 n\u00b0  060916 du 15 mai 2006 portant renouvellement de l'autorisation de \nrestructuration avec mise en conformit\u00e9 avec les annexes XXIV et XXIV ter de l'IME \u00ab Le \nBuisson \u00bb et r\u00e9partition \u00e0 \u00e9galit\u00e9 de sa capacit\u00e9 sur 2 sites. Ce m\u00eame arr\u00eat\u00e9 porte \nautorisation de construction de l'IME \u00e0 Saint-Germain-L\u00e8s-Arpajon, d'une capacit\u00e9 de 42 \nlits et places (32 places d'internat et 10 places d'externat), annexe XXIV et XXIV ter ; \n \nVU le mail en date du 11 avril par lequel l'IME \u00ab  Andr\u00e9 Coudrier \u00bb demande la possibilit\u00e9 de \ncr\u00e9er une place pour l'accueil d'une situation complexe critique ; \n \n \n \nAgence R\u00e9gionale de Sant\u00e9 - IDF-2025-11-28-00001 - Arr\u00eat\u00e9 n\u00b02025-267 portant autorisation de transformation par requalification du\npublic accueilli de 21 places d\u00e9ficience intellectuelle en 8 places polyhandicap et 13 places troubles du spectre de l'autisme (TSA) et\nd'extension de capacit\u00e9 de 42 \u00e0 43 places de l'Institut M\u00e9dico-Educatif (IME) Andr\u00e9 Coudrier \u00e0 Saint-Germain-L\u00e8s-Arpajon g\u00e9r\u00e9 par\nl'association ALTERIT\u00c9\n5\n   \n \n       2 \n \nCONSID\u00c9RANT que la requalification des places de l'IME correspond \u00e0 la r\u00e9alit\u00e9 du public \naccueilli et permet \u00e9galement de se conformer \u00e0 la nomenclature FINESS ; \n \nCONSID\u00c9RANT  que l'autorisation d'extension d 'une place  de l'IME  vise \u00e0 proposer un \naccompagnement p\u00e9renne \u00e0 une situation complexe sans solution ; \n \nCONSID\u00c9RANT  que le projet r\u00e9pond \u00e0 un besoin de d\u00e9veloppement de l'offre m\u00e9dico -\nsociale identifi\u00e9 sur le d\u00e9partement de l'Essonne pour les personnes \npr\u00e9sentant des troubles du spectre de l'autisme ; \n \nCONSID\u00c9RANT qu'il est compatible avec les objectifs et r\u00e9pond aux besoins sociaux et \nm\u00e9dico-sociaux fix\u00e9s par le sch\u00e9ma r\u00e9gional de sant\u00e9 ;  \n \nCONSID\u00c9RANT qu'il satisfait aux r\u00e8gles d'organisation et de fonctionnement pr\u00e9vues par le \ncode de l'action sociale et des familles ;  \n \nCONSID\u00c9RANT qu'il pr\u00e9sente un co\u00fbt de fonctionnement en ann\u00e9e pleine compatible avec \nle PRIAC  \u00cele-de-France et avec le montant de l'une des dotations \nmentionn\u00e9es \u00e0 l'article L. 314-3 du code de l'action sociale et des familles ; \n \nCONSID\u00c9RANT que l'Agence r\u00e9gionale de sant\u00e9 \u00cele-de-France dispose pour ce projet des \ncr\u00e9dits n\u00e9cessaires \u00e0 sa mise en \u0153uvre \u00e0 hauteur 90 000 \u20ac au titre du plan \nInclus'IF 2030 ;       \n \n \n \n \n \nARR\u00caTE  \n \n \n \n \nARTICLE 1er :  L'autorisation visant \u00e0  la transformation par requalification de 21 places d\u00e9ficience \nintellectuelle en 8 places polyhandicap et 13 places TSA et \u00e0 l'extension de capacit\u00e9 \nd'une place d'accueil de jour  TSA de l'IME \u00ab  Andr\u00e9 Coudrier \u00bb, sis 20-22, route de \nLeuville \u00e0 Saint-Germain-L\u00e8s-Arpajon (91180) destin\u00e9e \u00e0 accueillir des enfants  et \njeunes adultes \u00e2g\u00e9s de 0 \u00e0 20 ans  est accord\u00e9e \u00e0 l'association ALTERITE dont le \nsi\u00e8ge social se situe 1 Impasse de la Cour de France \u00e0 Juvisy-sur-Orge (91260). \n  \n \n \nARTICLE 2e :  La capacit\u00e9 totale de l'IME \u00ab Andr\u00e9 Coudrier \u00bb est dor\u00e9navant de 43 places destin\u00e9es \n\u00e0 des enfants, adolescents et jeunes adultes \u00e2g\u00e9s de 0 \u00e0 20 ans polyhandicap\u00e9s ou \nporteurs de TSA, ainsi r\u00e9parties ; \n\u2022 32 places d'internat dont : \no 7 places pour personnes porteuses de TSA ; \no 25 places pour personnes polyhandicap\u00e9es. \n\u2022 11 places d'accueil de jour dont : \no 7 places pour personnes porteuses de TSA ; \no 4 places pour personnes polyhandicap\u00e9es. \n \n  \nAgence R\u00e9gionale de Sant\u00e9 - IDF-2025-11-28-00001 - Arr\u00eat\u00e9 n\u00b02025-267 portant autorisation de transformation par requalification du\npublic accueilli de 21 places d\u00e9ficience intellectuelle en 8 places polyhandicap et 13 places troubles du spectre de l'autisme (TSA) et\nd'extension de capacit\u00e9 de 42 \u00e0 43 places de l'Institut M\u00e9dico-Educatif (IME) Andr\u00e9 Coudrier \u00e0 Saint-Germain-L\u00e8s-Arpajon g\u00e9r\u00e9 par\nl'association ALTERIT\u00c9\n6\n   \n \n       3 \n \nARTICLE 3e :  Conform\u00e9ment aux termes du dernier alin\u00e9a du I de l'article D. 312 -0-3 du code de \nl'action sociale et des familles, a ucune sp\u00e9cialisation n'exclut la prise en charge de \npersonnes pr\u00e9sentant des troubles associ\u00e9s \u00e0 ceux qui font l'objet de la pr\u00e9sente \nautorisation.  \n \n \nARTICLE 4e :  Cette structure est r\u00e9pertori\u00e9e dans le Fichier National des Etablissements Sanitaires \net Sociaux (FINESS) de la fa\u00e7on suivante : \n \nN\u00b0 FINESS de l'IME Andr\u00e9 Coudrier : 910017300 \n \nCode cat\u00e9gorie : [183] \u2013 Institut M\u00e9dico-Educatif (IME) \n \nCode discipline :  \n \n[844] \u2013 Tous projets \u00e9ducatifs, p\u00e9dagogiques et \nth\u00e9rapeutiques \n \n \nCode fonctionnement :  \n \n[21] \u2013 Accueil de jour \n[11] \u2013 H\u00e9bergement complet internat \n \n11 places \n32 places \nCode client\u00e8le : [500] \u2013 Polyhandicap  \n[437] \u2013 Troubles du spectre de l'autisme \n29 places \n14 places \n \nCode mode de fixation des tarifs  : 05 ARS \u00e9tablissement m\u00e9dico -soc. Non financ\u00e9s \ndotation globale \n \nN\u00b0 FINESS du gestionnaire : 910808948 \n \nCode statut : [61] \u2013 Association Loi 1901 Reconnue d'Utilit\u00e9 Publique \n \n \nARTICLE 5e :  Conform\u00e9ment aux dispositions de l'article D. 313-12-1 du code de l'action sociale et \ndes familles, la pr\u00e9sente autorisation est valable sous r\u00e9serve de la transmission, aux \nautorit\u00e9s comp\u00e9tentes , avant la date d'entr\u00e9e en service de la nouvelle capacit\u00e9 \nautoris\u00e9e, d'une d\u00e9claration sur l'honneur attestant de la conformit\u00e9 de \nl'\u00e9tablissement ou du service aux conditions techniques minimales d'organisation et \nde fonctionnement mentionn\u00e9es au II de l'article L. 312-1 du m\u00eame code. \n \n \nARTICLE 6e :   Elle est caduque en l'absence d'ouverture au public de l'\u00e9tablissement ou du service \ndans un d\u00e9lai de quatre ans suivant la notification de la d\u00e9cision d'autorisation  \nconform\u00e9ment aux articles L. 313-1 et D. 313-7-2 du code de l'action sociale et des \nfamilles. \n \n \nARTICLE 7e :   Tout changement important dans l'activit\u00e9, l'installation, l'organisation, la direction ou \nle fonctionnement de l'\u00e9tablissement ou du service doit \u00eatre port\u00e9 \u00e0 la connaissance \nde l'autorit\u00e9 comp\u00e9tente. \n \n \nARTICLE 8e :  Un recours contre le pr\u00e9sent arr\u00eat\u00e9 peut \u00eatre form\u00e9 devant le tribunal administratif \ncomp\u00e9tent dans un d\u00e9lai de deux mois \u00e0 compter de sa notification ou, pour les tiers, \n\u00e0 compter de sa publication.   \n \n  \nAgence R\u00e9gionale de Sant\u00e9 - IDF-2025-11-28-00001 - Arr\u00eat\u00e9 n\u00b02025-267 portant autorisation de transformation par requalification du\npublic accueilli de 21 places d\u00e9ficience intellectuelle en 8 places polyhandicap et 13 places troubles du spectre de l'autisme (TSA) et\nd'extension de capacit\u00e9 de 42 \u00e0 43 places de l'Institut M\u00e9dico-Educatif (IME) Andr\u00e9 Coudrier \u00e0 Saint-Germain-L\u00e8s-Arpajon g\u00e9r\u00e9 par\nl'association ALTERIT\u00c9\n7\nsigh\"\n   \n \n       4 \n \nARTICLE 9e :   Le Directeur de la d\u00e9l\u00e9gation d\u00e9partementale de l'Essonne de l'Agence r\u00e9gionale de \nsant\u00e9 \u00cele-de-France est charg\u00e9 de l'ex\u00e9cution du pr\u00e9sent arr\u00eat\u00e9  qui sera publi\u00e9 au \nrecueil des actes administratifs de la R\u00e9gion \u00cele-de-France. \n \n \n \n \n        Fait \u00e0 Saint-Denis, le 28 nov 2025  \n \n Pour le Directeur g\u00e9n\u00e9ral  \n de l'Agence r\u00e9gionale de sant\u00e9  \n  \u00cele-de-France et par d\u00e9l\u00e9gation \n                                       \n \n \n \n    St\u00e9phanie TALBOT              \nAgence R\u00e9gionale de Sant\u00e9 - IDF-2025-11-28-00001 - Arr\u00eat\u00e9 n\u00b02025-267 portant autorisation de transformation par requalification du\npublic accueilli de 21 places d\u00e9ficience intellectuelle en 8 places polyhandicap et 13 places troubles du spectre de l'autisme (TSA) et\nd'extension de capacit\u00e9 de 42 \u00e0 43 places de l'Institut M\u00e9dico-Educatif (IME) Andr\u00e9 Coudrier \u00e0 Saint-Germain-L\u00e8s-Arpajon g\u00e9r\u00e9 par\nl'association ALTERIT\u00c9\n8\nAgence R\u00e9gionale de Sant\u00e9\nIDF-2025-07-23-00017\nD\u00e9cision n\u00b0 DVSS - QSPHARMBIO - 2025/056\nportant suppression de l'autorisation de la\npharmacie \u00e0 usage int\u00e9rieur de l'EHPAD LE VIEUX\nCOLOMBIER\nAgence R\u00e9gionale de Sant\u00e9 - IDF-2025-07-23-00017 - D\u00e9cision n\u00b0 DVSS - QSPHARMBIO - 2025/056 portant suppression de\nl'autorisation de la pharmacie \u00e0 usage int\u00e9rieur de l'EHPAD LE VIEUX COLOMBIER 9\nREPUBLIQUEFRANCAISELibert\u00e9Egalit\u00e9Fraternit\u00e9\nAre \u00bb Agence R\u00e9gionale de Sant\u00e9Ile-de-France\n \n \nAGENCE REGIONALE DE SANTE ILE-DE-FRANCE \nDECISION N\u00b0 DVSS-QSPHARMBIO \u2013 2025/056 \nSUPPRESSION DE L'AUTORISATION DE LA PHARMACIE A USAGE INTERIEUR  \nEHPAD LE VIEUX COLOMBIER \nLE DIRECTEUR GENERAL DE L'AGENCE REGIONALE DE SANTE \u00ceLE-DE-FRANCE \n \nVU le code de la sant\u00e9 publique  et notamment les articles L.5126 -1 \u00e0 L.5126 -11 ainsi que les \narticles R.5126-1 \u00e0 R.5126-41 et R.5126-49 \u00e0 R. 5126-66 ; \nVU l'arr\u00eat\u00e9 du 22 juin 2001 relatif aux bonnes pratiques de pharmacie hospitali\u00e8re  ; \nla d\u00e9cision du 21 juillet 2023, prise en application des articles L.5121 -1 et L.5121-5 du code \nde la sant\u00e9 publique, relative aux bonnes pratiques de pr\u00e9paration ; \nVU le d\u00e9cret du 10 avril 2024 portant nomination de Monsieur Denis ROBIN, Directeur g\u00e9n\u00e9ral \nde l'Agence r\u00e9gionale de sant\u00e9 d'\u00cele-de-France \u00e0 compter du 29 avril 2024 ; \nVU l'arr\u00eat\u00e9 pr\u00e9fectoral en date du 16 novembre 1990 ayant autoris\u00e9 la cr\u00e9ation d'une pharmacie \n\u00e0 usage int\u00e9rieur sous le n\u00b0 H.94-22 au sein de l'EHPAD R\u00e9sidence Le Vieux Colombier sis \n20 avenue de l'Isle \u00e0 Villiers-sur-Marne (94350) ; \nVU la demande d\u00e9pos\u00e9e le 10 janvier 2025 par le  directeur de l'\u00e9tablissement, en vue de \nsupprimer la pharmacie \u00e0 usage int\u00e9rieur de l'\u00e9tablissement ; \nVU le rapport unique d'enqu\u00eate, en date du 2 mai 2025 , \u00e9tabli par le pharmacien inspecteur de \nsant\u00e9 publique ; \nVU l'avis favorable du Conseil central de la section H de l'Ordre des pharmaciens en date du \n3 f\u00e9vrier 2025 ;  \nCONSIDERANT que la suppression intervient suite \u00e0 une carence de moyens en personnel \npharmaceutique dans un cadre national de tension en ressources humaines en \nsant\u00e9 ; \nCONSIDERANT que l'EHPAD R\u00e9sidence Le Vieux Colombier a demand\u00e9 \u00e0 la pharmacie \nd'officine GIRARDOT sise 1, rue Fran\u00e7ois Sautet \u00e0 Chevilly -Larue (94550) de \nproc\u00e9der au recyclage des m\u00e9dicaments ; \nCONSIDERANT les engagements pris par l'\u00e9tablissement suite au rapport d'enqu\u00eate du \npharmacien inspecteur de sant\u00e9 publique : \n- ne pas employer un pr\u00e9parateur en pharmacie, en l'absence de \npharmacien, pour effectuer des actes pharmaceutiques ; \n- r\u00e9viser la convention et le syst\u00e8me qualit\u00e9 en lien avec la prise en \ncharge m\u00e9dicamenteuse ; \n- conserver les registres de la pharmacie \u00e0 usage int\u00e9rieur  dans de \nbonnes conditions et durant le temps d\u00e9finis par la r\u00e9glementation ; \n \nCONSIDERANT  que l'EHPAD le Vieux Colombier ne disposait pas de stocks de m\u00e9dicaments \nstup\u00e9fiants ; \nAgence R\u00e9gionale de Sant\u00e9 - IDF-2025-07-23-00017 - D\u00e9cision n\u00b0 DVSS - QSPHARMBIO - 2025/056 portant suppression de\nl'autorisation de la pharmacie \u00e0 usage int\u00e9rieur de l'EHPAD LE VIEUX COLOMBIER 10\n \n \nDECIDE \n \n \nARTICLE 1 La suppression de la  pharmacie \u00e0 usage int\u00e9rieur au sein de l'EHPAD \nR\u00e9sidence Le Vieux Colombier , sis  20 avenue de l'Isle \u00e0 Villiers -sur-Marne \n(94350) est autoris\u00e9e.  \nARTICLE 2 L'arr\u00eat\u00e9 pr\u00e9fectoral  n\u00b0 94-22 en date du 16 novembre 1990  ayant autoris\u00e9 la \ncr\u00e9ation de la pharmacie \u00e0 usage int\u00e9rieur est abrog\u00e9e. \nARTICLE 3 Un recours contentieux contre la pr\u00e9sente d\u00e9cision peut \u00eatre form\u00e9 aupr\u00e8s du \nTribunal administratif comp\u00e9tent. Le d\u00e9lai de recours est de deux mois \u00e0 \ncompter de la notification de la d\u00e9cision pour les int\u00e9ress\u00e9s ou de sa publication \npour les tiers. Cette juridiction peut notamment \u00eatre saisie via une requ\u00eate \nremise ou envoy\u00e9e au greffe du Tribunal administratif ou aussi par l'application \n\u00ab T\u00e9l\u00e9recours \u00bb accessible \u00e0 partir du site www.telerecours.fr. \nARTICLE 4 Les directeurs de l'Agence r\u00e9gionale de sant\u00e9 \u00ce le-de-France sont charg\u00e9s, \nchacun en ce qui les concerne, de l'ex\u00e9cution de la pr\u00e9sente d\u00e9cision, qui sera \npubli\u00e9e au recueil des actes administratifs de la pr\u00e9fecture de la r\u00e9gion \u00cele-de-\nFrance. \n        \nFait \u00e0 Saint-Denis, le 23 juillet 2025 \n \nLe Directeur g\u00e9n\u00e9ral \nde l'Agence r\u00e9gionale de sant\u00e9  \n\u00cele-de-France \n \nSIGNE \n \nDenis ROBIN \nAgence R\u00e9gionale de Sant\u00e9 - IDF-2025-07-23-00017 - D\u00e9cision n\u00b0 DVSS - QSPHARMBIO - 2025/056 portant suppression de\nl'autorisation de la pharmacie \u00e0 usage int\u00e9rieur de l'EHPAD LE VIEUX COLOMBIER 11\nAgence R\u00e9gionale de Sant\u00e9\nIDF-2025-07-25-00012\nD\u00e9cision n\u00b0 DVSS - QSPHARMBIO - 2025/066\nportant renouvellement de l'autorisation de la\npharmacie \u00e0 usage int\u00e9rieur de la Croix Rouge\nFran\u00e7aise EHPAD Annie Beauchais\nAgence R\u00e9gionale de Sant\u00e9 - IDF-2025-07-25-00012 - D\u00e9cision n\u00b0 DVSS - QSPHARMBIO - 2025/066 portant renouvellement de\nl'autorisation de la pharmacie \u00e0 usage int\u00e9rieur de la Croix Rouge Fran\u00e7aise EHPAD Annie Beauchais 12\nREPUBLIQUEFRANCAISELibert\u00e9Egalit\u00e9Fraternit\u00e9\n\u00a9 \u00bb Agence R\u00e9gionale de Sant\u00e9Ile-de-France\n \n \n1 / 3 \n \n \nAGENCE R\u00c9GIONALE DE SANTE D'\u00ceLE-DE-FRANCE \nD\u00c9CISION n\u00b0 DVSS - QSPHARMBIO - 2025/066 \nportant renouvellement de l'autorisation de la pharmacie \u00e0 usage int\u00e9rieur  \nde la Croix Rouge Fran\u00e7aise EHPAD Annie Beauchais \nLE DIRECTEUR G\u00c9N\u00c9RAL DE L'AGENCE R\u00c9GIONALE DE SANT\u00c9 D'\u00ceLE-DE-FRANCE \n \nVU le code de la  sant\u00e9  publique et notamment les articles L.5126 -1 \u00e0 L.5126 -11 ainsi que les \narticles R.5126-1 \u00e0 R.5126-62 ;  \n \nVU l'ordonnance n\u00b0 2016-1729 en date du 15 d\u00e9cembre 2016 relative aux pharmacies \u00e0 usage \nint\u00e9rieur prise en application de l'article 204 de la loi n\u00b0 2016-41 en date du 26 janvier 2016 de \nmodernisation de notre syst\u00e8me de sant\u00e9 en sa version modifi\u00e9e par l'ordonnance \nn\u00b0  2020- 1407 en date du 18 novembre 2020 relative aux missions des agences r\u00e9gionales \nde sant\u00e9 ; \n \nVU le d\u00e9cret n\u00b0 2019-489 en date du 21 mai 2019 modifi\u00e9 relatif aux pharmacies \u00e0 usage int\u00e9rieur \npris en application de l'ordonnance n\u00b02016-1729, notamment son article 4 ; \n \nVU  l'arr\u00eat\u00e9 en date du 22 juin 2001 relatif aux bonnes pratiques de pharmacie hospitali\u00e8re ; \n \nVU  la d\u00e9cision en date du 21 juillet 2023, prise en application des articles L.5121-1 et L.5121-5 du \ncode de la sant\u00e9 publique, relative aux bonnes pratiques de pr\u00e9paration ; \n \nVU  le d\u00e9cret en date du 10 avril 2024 portant nomination de  Monsieur Denis ROBIN, Direct eur \ng\u00e9n\u00e9ral de l'Agence r\u00e9gionale de sant\u00e9 d'\u00cele-de-France \u00e0 compter du 29 avril 2024 ;  \n \nVU  l'arr\u00eat\u00e9 pr\u00e9fectoral en date du 21 d\u00e9cembre 1995 ayant autoris\u00e9 la cr\u00e9ation d'une pharmacie \u00e0 \nusage int\u00e9rieur sous le n\u00b095 H  25 au sein de  de la Croix Rouge Fran\u00e7aise EHPAD Annie \nBeauchais sis contre All\u00e9e Henri Dunant \u00e0 Sarcelles (95200) ;  \n  \nVU  la demande d\u00e9pos\u00e9e le 26 septembre 2024 par la directrice de l'\u00e9tablissement, repr\u00e9sentant \nl\u00e9gal de la personne morale exploitant la Croix Rouge Fran\u00e7aise EHPAD Annie Beauchais, en \nvue du renouvellement, au titre de  l'article 4 du d\u00e9cret n\u00b0   2019-489 en date du 21 mai 2019 \nmodifi\u00e9 relatif aux pharmacies \u00e0 usage int\u00e9rieur, de l'autorisation de la pharmacie \u00e0 usage \nint\u00e9rieur concernant les missions g\u00e9n\u00e9rales ainsi que les actions de pharmacie clinique, telles \nque d\u00e9finies \u00e0 l'article L.5126 -1 du code de la sant\u00e9 publique, afin de r\u00e9pondre aux besoins \npharmaceutiques des personnes prises en charge ;  \n \nVU  la demande d\u00e9pos\u00e9e le 26 septembre 2024 par la directrice de l'\u00e9tablissement, repr\u00e9sentant \nl\u00e9gal de la personne morale exploitant la Croix Rouge Fran\u00e7aise EHPAD Annie Beauchais, en \nvue du renouvellement, au titre de l'article 4  du d\u00e9cret n\u00b0  2019-489 en date du 21 mai 2019 \nmodifi\u00e9 relatif aux pharmacies \u00e0 usage int\u00e9rieur, de l'autorisation de la pharmacie \u00e0 usage \nint\u00e9rieur et l'activit\u00e9 suivante assur\u00e9e par la pharmacie \u00e0 usage int\u00e9rieur pour son propre \ncompte :  \n- la pr\u00e9paration de doses \u00e0 administrer de m\u00e9dicaments mentionn\u00e9s \u00e0 \nl'article  L.4211-1 du code de la sant\u00e9 publique ; \n \nVU  le rapport d'instruction en date du 13 mai 2025  et la conclusion d\u00e9finitive en date du \n25 juin 2025 \u00e9tablis par le pharmacien inspecteur de sant\u00e9 publique ;  \n  \nAgence R\u00e9gionale de Sant\u00e9 - IDF-2025-07-25-00012 - D\u00e9cision n\u00b0 DVSS - QSPHARMBIO - 2025/066 portant renouvellement de\nl'autorisation de la pharmacie \u00e0 usage int\u00e9rieur de la Croix Rouge Fran\u00e7aise EHPAD Annie Beauchais 13\n \n2 / 3 \n \nVU  l'avis favorable du Conseil central de la section H de l'Ordre des pharmaciens  en date du \n3  f\u00e9vrier 2025 ;  \n  \nCONSID\u00c9RANT  \n \n \nles r\u00e9ponses apport\u00e9es et les engagements pris par l'\u00e9tablissement \u00e0 la suite du \nrapport d'instruction du pharmacien inspecteur de sant\u00e9 publique notamment :  \n \n- augmentation du temps de pr\u00e9sence de la pr\u00e9paratrice ; \n- mise en place du d\u00e9commissionnement des m\u00e9dicaments s\u00e9rialis\u00e9s ; \n- destruction des stup\u00e9fiants p\u00e9rim\u00e9s ; \n- transmission \u00e0 l'ARS d'une proc\u00e9dure relative aux modalit\u00e9s de gestion des \nproduits de sant\u00e9 thermosensibles ; \n \nCONSID\u00c9RANT que la Croix Rouge Fran\u00e7aise EHPAD Annie Beauchais  dispose de locaux, de \nmoyens en personnel, de moyens en \u00e9quipement et d'un syst\u00e8me d'information, \nconform\u00e9ment aux articles R.5126 -8 et R.5126-14 du code de la sant\u00e9 publique , lui \npermettant d'assurer l'ensemble des missions et des activit\u00e9s sollicit\u00e9es ;  \n  \n \n \nDECIDE  \n \n \n \nARTICLE 1  La pharmacie \u00e0 usage int\u00e9rieur implant\u00e9e au sein de la Croix Rouge Fran\u00e7aise EHPAD \nAnnie Beauchais (n\u00b0 FINESS EJ : 750721334 - n\u00b0 FINESS ET : 950800250), sis contre \nAll\u00e9e Henri Dunant \u00e0 Sarcelles (95200) est autoris\u00e9e \u00e0 exercer les missions et l'activit\u00e9 \ncit\u00e9e aux articles suivants. \n \nARTICLE 2   La pharmacie \u00e0 usage int\u00e9rieur assurera pour son propre compte, dans la limite du \nrespect des conditions r\u00e8glementaires fix\u00e9es pour leur exercice au regard du statut de \nl'\u00e9tablissement au sein duquel elle est \u00e9tablie les missions g\u00e9n\u00e9rales ainsi que les \nactions de pharmacie clinique, telles que d\u00e9finies \u00e0 l'article L.5126 -1 du code de la \nsant\u00e9 publique, afin de r\u00e9pondre aux besoins pharmaceutiques des personnes prises \nen charge. \n \nARTICLE 3  La pharmacie \u00e0 usage int\u00e9rieur assurera, pour son propre compte l'activit\u00e9 mentionn\u00e9e \naux articles L.5126-4 et R.5126-9 du code de la sant\u00e9 publique :  \n- la pr\u00e9paration de doses \u00e0 administrer de m\u00e9dicaments mentionn\u00e9s \u00e0 \nl'article  L. 4211-1 du m\u00eame code  : \n\u2981 proc\u00e9d\u00e9 de PDA : manuel ; \n\u2981 type de doses pr\u00e9par\u00e9es : pilulier individuel nominatif, doses unitaires \u2026 \n \nARTICLE 4  La pharmacie \u00e0 usage int\u00e9rieur est install\u00e9e dans des locaux d'une superficie totale \nde 40,37 m\u00b2, comprenant :  \n \n- sas : 2,73 m\u00b2 ; \n- stockage de m\u00e9dicaments : 28,33 m\u00b2 ; \n- stockage des dispositifs m\u00e9dicaux et solut\u00e9s : 9,31 m\u00b2. \n \nARTICLE 5  \n \nLe temps de pr\u00e9sence du pharmacien charg\u00e9 de la g\u00e9rance de trois demi-journ\u00e9es par \nsemaine est en conformit\u00e9 avec les dispositions de l'article R.5126 -39 du code de la \nsant\u00e9 publique. \n \nAgence R\u00e9gionale de Sant\u00e9 - IDF-2025-07-25-00012 - D\u00e9cision n\u00b0 DVSS - QSPHARMBIO - 2025/066 portant renouvellement de\nl'autorisation de la pharmacie \u00e0 usage int\u00e9rieur de la Croix Rouge Fran\u00e7aise EHPAD Annie Beauchais 14\n \n3 / 3 \n \nARTICLE 6  Un recours contentieux contre la pr\u00e9sente d\u00e9cision peut \u00eatre form\u00e9 aupr\u00e8s du Tribunal \nadministratif comp\u00e9tent. Le d\u00e9lai de recours est de deux mois \u00e0 compter de la \nnotification de la d\u00e9cision pour les int\u00e9ress\u00e9s ou de sa publication pour les tiers. Cette \njuridiction peut notamment \u00eatre saisie via une requ\u00eate remise ou envoy\u00e9e au greffe du \nTribunal administratif ou aussi par l'application \u00ab  T\u00e9l\u00e9recours \u00bb accessible \u00e0 partir du \nsite www.telerecours.fr.  \nARTICLE 7  Les Directeurs de l'Agence r\u00e9gionale de sant\u00e9 \u00cele-de-France sont charg\u00e9s, chacun en \nce qui les concerne, de l'ex\u00e9cution de la pr\u00e9sente d\u00e9cision, qui sera publi\u00e9e au recueil \ndes actes administratifs de la Pr\u00e9fecture de r\u00e9gion d'\u00cele-de-France. \n \nFait \u00e0 Saint-Denis, le 25 juillet 2025 \n \nLe Directeur g\u00e9n\u00e9ral \nde l'Agence r\u00e9gionale de sant\u00e9  \nd'\u00cele-de-France \n \nSIGNE \n \nDenis ROBIN \n \nAgence R\u00e9gionale de Sant\u00e9 - IDF-2025-07-25-00012 - D\u00e9cision n\u00b0 DVSS - QSPHARMBIO - 2025/066 portant renouvellement de\nl'autorisation de la pharmacie \u00e0 usage int\u00e9rieur de la Croix Rouge Fran\u00e7aise EHPAD Annie Beauchais 15\nAgence R\u00e9gionale de Sant\u00e9 - D\u00e9l\u00e9gation\nd\u00e9partementale de l'Essonne\nIDF-2025-11-11-00001\nArr\u00eat\u00e9 ARS91-2025-OSV n\u00b013 portant\nautorisation de dispenser \u00e0 domicile de\nl'oxyg\u00e8ne \u00e0 usage m\u00e9dical pour un site de\nrattachement d'une structure dispensatrice\nAgence R\u00e9gionale de Sant\u00e9 - D\u00e9l\u00e9gation d\u00e9partementale de l'Essonne - IDF-2025-11-11-00001 - Arr\u00eat\u00e9 ARS91-2025-OSV n\u00b013 portant\nautorisation de dispenser \u00e0 domicile de l'oxyg\u00e8ne \u00e0 usage m\u00e9dical pour un site de rattachement d'une structure dispensatrice 16\nExREPUBLIQUEFRAN\u00c7AISELibert\u00e9Egalit\u00e9Fraternit\u00e9 @ D Agence R\u00e9gionale de Sant\u00e9Ile-de-France\n \n \n \n \n \n \n \n  \nAGENCE R\u00c9GIONALE DE SANT\u00c9 ILE-DE-FRANCE \nARR\u00c9T\u00c9 ARS91-2025-OSV n\u00b013 \nportant autorisation de dispenser \u00e0 domicile de l'oxyg\u00e8ne \u00e0 usage m\u00e9dical pour un \nsite de rattachement d'une structure dispensatrice \n \n \nLE DIRECTEUR G\u00c9N\u00c9RAL DE L'AGENCE R\u00c9GIONALE DE SANT\u00c9 \u00ceLE-DE-FRANCE  \n \n \nVU  le code de sant\u00e9 publique, notamment ses articles L.4211-5, L.5232-3, R.4211-15, D.5232-1 et \nsuivants ; \nVU  l'arr\u00eat\u00e9 en date du 16 juillet 2015 relatif aux bon nes pratiques de dispensation \u00e0 domicile de \nl'oxyg\u00e8ne \u00e0 usage m\u00e9dical ; \n \nVU  le d\u00e9cret n\u00b0 2010-336 en date du 31 mars 2010 porta nt cr\u00e9ation des agences r\u00e9gionales de \nsant\u00e9 ; \n \nVU  le d\u00e9cret en date du 10 avril 2024 portant nominati on de Monsieur Denis ROBIN, Directeur \ng\u00e9n\u00e9ral de l'Agence r\u00e9gionale de sant\u00e9 \u00cele-de-France \u00e0 compter du 29 avril 2024 ; \n \nVU  l'arr\u00eat\u00e9 DS n\u00b0020-2025 en date du 17 juillet 2025 p ortant d\u00e9l\u00e9gation de signature de Monsieur \nDenis ROBIN, Directeur g\u00e9n\u00e9ral de l'Agence r\u00e9gional e de sant\u00e9 Ile-de-France \u00e0 Monsieur \nRichade FAHAS, directeur de la d\u00e9l\u00e9gation d\u00e9partementale de l'Essonne ; \n \nVU  la demande re\u00e7ue compl\u00e8te le 11 juillet 2025 pr\u00e9sen t\u00e9e par la soci\u00e9t\u00e9 VITALAIRE, en vue de \ntransf\u00e9rer l'ensemble des activit\u00e9s de dispensation  \u00e0 domicile d'oxyg\u00e8ne \u00e0 usage m\u00e9dical du \nsite de rattachement implant\u00e9 au 15 route de Fontai nebleau \u00e0 Vitry-sur-Seine (94400) vers un \nnouveau site de rattachement implant\u00e9 au 5 route de la Bonde \u00e0 Massy (91300) ; \n \nVU  le rapport d'instruction en date du 10 octobre 2025 , et sa conclusion d\u00e9finitive en date du          \n6 novembre 2025, \u00e9tablis par l'inspecteur de l'ARS ayant qualit\u00e9 de pharmacien ; \n \nVU  l'avis favorable du Conseil central de la Section D  de l'ordre national des Pharmaciens en date \ndu 21 octobre 2025 ;  \n \nCONSID\u00c9RANT  que l'aire g\u00e9ographique sollicit\u00e9e par le site de r attachement, objet de la pr\u00e9sente \nd\u00e9cision, ne respecte pas les bonnes pratiques de d ispensation \u00e0 domicile de \nl'oxyg\u00e8ne \u00e0 usage m\u00e9dical (point 2.1.7 \u00a7 3), le d\u00e9p artement de la Marne (51) a \u00e9t\u00e9 \nexclu ; \nCONSI D\u00c9RANT  les engagements pris par la soci\u00e9t\u00e9 VITALAIRE notamment : \n- informer l'ARS de la fermeture du site Vitalaire de Vitry-sur-Seine ; \n- transmettre les attestations d'inscription des ph armaciens du site de \nrattachement de Massy d\u00e8s leur inscription ; \n- effectuer des tests de qualification du syst\u00e8me i nformatique sur le site de \nMassy dans un d\u00e9lai de 6 mois ; \n- transmettre le contrat de sous-traitance sign\u00e9e e ntre Air Liquide Sant\u00e9 \nDomicile Fance et Vitalaire site Massy d\u00e8s l'ouvert ure du site de \nrattachement \u00e0 Massy ; \n- transmettre l'avenant du contrat entre Pharmadom et Vitalaire site \nMassy d\u00e8s l'ouverture du site de rattachement \u00e0 Massy ; \n \n \n \n \n \n \n \n \nAgence R\u00e9gionale de Sant\u00e9 - D\u00e9l\u00e9gation d\u00e9partementale de l'Essonne - IDF-2025-11-11-00001 - Arr\u00eat\u00e9 ARS91-2025-OSV n\u00b013 portant\nautorisation de dispenser \u00e0 domicile de l'oxyg\u00e8ne \u00e0 usage m\u00e9dical pour un site de rattachement d'une structure dispensatrice 17\n \n \n  \nARR\u00caTE \n \nARTICLE 1 La soci\u00e9t\u00e9 VITALAIRE dont le si\u00e8ge social est situ \u00e9 au 6 rue Cognacq Jay \u00e0 Paris \n(75007), est autoris\u00e9e \u00e0 dispenser \u00e0 domicile de l' oxyg\u00e8ne \u00e0 usage m\u00e9dical pour le \nsite de rattachement implant\u00e9 au 5 route de la Bond e \u00e0 Massy (91300) selon les \nmodalit\u00e9s rappel\u00e9es dans le pr\u00e9sent arr\u00eat\u00e9. \n \nARTICLE 2 L'aire g\u00e9ographique desservie comprend les d\u00e9parte ments suivants :  \n \n- Ile-de-France : Paris (75), Seine-et-Marne (77), Yvelines (78), Essonne (91), \nHauts-de-Seine (92), Seine-Saint-Denis (93), Val-de -Marne (94), \nVal d'Oise (95) ; \n- Hauts-de-France : Oise (60) ; \n- Centre-Val de Loire : l'Eure (27), Loiret (45) ; \n- Grand Est : Aube (10) ; \n- Bourgogne-France-Comt\u00e9 : Yonne (89), \n \ndans la limite d'un d\u00e9lai maximum d'intervention au  domicile des patients, de trois \nheures de route, en conditions usuelles de circulat ion, \u00e0 partir du site de \nrattachement concern\u00e9 par la pr\u00e9sente autorisation. \n \nARTICLE 3 Les locaux du site de rattachement, d'une superfici e de 382,24 m\u00b2 se d\u00e9composent \nde la mani\u00e8re suivante : \n \n      au rez-de-chauss\u00e9e : 272,09 m\u00b2 : \n \n- entr\u00e9e : 2,09 m\u00b2 ; \n- d\u00e9gagement : 12,33 m\u00b2 ; \n- bureaux : 26,03 m\u00b2 ; \n- placards (sous climatisation) : 1,92 m\u00b2 ; \n- couloir : 19,46 m\u00b2 ; \n- salle de pause : 12,27 m\u00b2 ; \n- sanitaires personne \u00e0 mobilit\u00e9 r\u00e9duite : 5,33 m\u00b2 ; \n- zone de d\u00e9part/r\u00e9ception : 36,71 m\u00b2 ; \n- zone retour : 21,17 m\u00b2 ; \n- zone stockage : 122,78 m\u00b2 ; \n- zone temp\u00e9rature contr\u00f4l\u00e9e : 12,00 m\u00b2 ; \n \n      \u00e9tage R+1 : 110,15 m\u00b2 : \n \n- d\u00e9gagement : 6,88 m\u00b2 ; \n- salle de r\u00e9union : 21,54 m\u00b2 ; \n- sanitaire : 4,70 m\u00b2 ; \n- bulle 1 : 6,61 m\u00b2 ; \n- bulle 2 : 6,74 m\u00b2 ; \n- local technique : 2,48 m\u00b2 ; \n- open space Vitalaire : 61,20 m\u00b2.   \n                        \nARTICLE 4 Toute modification substantielle des \u00e9l\u00e9ments de l' autorisation devra faire l'objet \nd'une demande pr\u00e9alable de modification de cette au torisation aupr\u00e8s du Directeur \ng\u00e9n\u00e9ral de l'Agence r\u00e9gionale de sant\u00e9 Ile-de-Franc e. Toute autre modification \ndevra faire l'objet d'une d\u00e9claration simple pr\u00e9alable. \n \nARTICLE 5 Le transfert total ou partiel des activit\u00e9s de dis pensation de l'oxyg\u00e8ne \u00e0 usage \nm\u00e9dical r\u00e9alis\u00e9es sur le site de rattachement de la  pr\u00e9sente autorisation vers \nd'autres locaux devra faire l'objet d'une nouvelle demande d'autorisation aupr\u00e8s du \nDirecteur g\u00e9n\u00e9ral de l'Agence r\u00e9gionale de sant\u00e9 Ile-de-France. \n \nARTICLE 6 La structure dispensatrice est tenue de d\u00e9clarer a nnuellement son activit\u00e9 pour \nchaque site de rattachement, au plus tard le 31 mar s de chaque ann\u00e9e, aupr\u00e8s du \nDirecteur g\u00e9n\u00e9ral de l'Agence r\u00e9gionale de sant\u00e9 Ile-de-France. \n \nAgence R\u00e9gionale de Sant\u00e9 - D\u00e9l\u00e9gation d\u00e9partementale de l'Essonne - IDF-2025-11-11-00001 - Arr\u00eat\u00e9 ARS91-2025-OSV n\u00b013 portant\nautorisation de dispenser \u00e0 domicile de l'oxyg\u00e8ne \u00e0 usage m\u00e9dical pour un site de rattachement d'une structure dispensatrice 18\n \n \n  \nARTICLE 7 Un recours contentieux contre le pr\u00e9sent arr\u00eat\u00e9 pe ut \u00eatre form\u00e9 aupr\u00e8s du Tribunal \nadministratif territorialement comp\u00e9tent. Le d\u00e9lai de recours est de deux mois \u00e0 \ncompter de la notification du pr\u00e9sent arr\u00eat\u00e9 pour l es int\u00e9ress\u00e9s ou de sa publication \npour les tiers. Cette juridiction peut notamment \u00eat re saisie via une requ\u00eate remise \nou envoy\u00e9e au greffe du Tribunal administratif ou a ussi par l'application \n\u00ab T\u00e9l\u00e9recours \u00bb accessible \u00e0 partir du site www.telerecours.fr .  \nCe recours ne suspend pas l'application du pr\u00e9sent arr\u00eat\u00e9. \n \nARTICLE 8 Le Directeur g\u00e9n\u00e9ral de l'Agence r\u00e9gionale de sant \u00e9 Ile-de-France est charg\u00e9, de \nl'ex\u00e9cution du pr\u00e9sent arr\u00eat\u00e9 qui sera publi\u00e9 au re cueil des actes administratifs de \nla pr\u00e9fecture de la r\u00e9gion d'Ile-de-France. \n \n \n \n \n \n \nFait \u00e0 Evry-Courcouronnes, le 11 novembre 2025 \n \nPour le Directeur g\u00e9n\u00e9ral de \nl'Agence r\u00e9gionale de sant\u00e9 \nIle-de-France, \nLe Directeur d\u00e9partemental de l'Essonne \n \nSign\u00e9 \n \nRichade FAHAS \n \n \n \n \n \nAgence R\u00e9gionale de Sant\u00e9 - D\u00e9l\u00e9gation d\u00e9partementale de l'Essonne - IDF-2025-11-11-00001 - Arr\u00eat\u00e9 ARS91-2025-OSV n\u00b013 portant\nautorisation de dispenser \u00e0 domicile de l'oxyg\u00e8ne \u00e0 usage m\u00e9dical pour un site de rattachement d'une structure dispensatrice 19\nDirection r\u00e9gionale et interd\u00e9partementale de\nl'\u00e9conomie, de l'emploi, du travail et des\nsolidarit\u00e9s d'\u00cele-de-France\nIDF-2025-11-27-00016\nArr\u00eat\u00e9 n \u00b0 2025 - 19 fixant le montant de la\ndotation globale de financement et sa\nr\u00e9partition par financeur public du service\nmandataire judiciaire \u00e0 la protection des majeurs\n\u00ab ATFPO, SIRET 383 550 498 000 91 \u00bb pour\nl'ann\u00e9e 2025\nDirection r\u00e9gionale et interd\u00e9partementale de l'\u00e9conomie, de l'emploi, du travail et des solidarit\u00e9s d'\u00cele-de-France -\nIDF-2025-11-27-00016 - Arr\u00eat\u00e9 n \u00b0 2025 - 19 fixant le montant de la dotation globale de financement et sa r\u00e9partition par financeur\npublic du service mandataire judiciaire \u00e0 la protection des majeurs \u00ab ATFPO, SIRET 383 550 498 000 91 \u00bb pour l'ann\u00e9e 2025\n20\nPREFET |DE LA REGIOND'\u00ceLE-DE-FRANCELibert\u00e9Egalit\u00e9Fraternit\u00e9\n \n \n Direction r\u00e9gionale et interd\u00e9partementale \nde l'\u00e9conomie, de l'emploi, \ndu travail et des solidarit\u00e9s \n \n \n \n \n \n \n \n \nDRIEETS d'Ile-de-France \n32, rue Jean Jaur\u00e8s 93200 Saint-Denis \nhttp://idf.direccte.gouv.fr/ \n \n \n  \nARR\u00caT\u00c9 n \u00b0 2025 - 19 \nfixant le montant de la dotation globale de financement et sa r\u00e9partition par \nfinanceur public du service mandataire judiciaire \u00e0 la protection des majeurs \n\u00ab ATFPO, SIRET 383 550 498 000 91 \u00bb  \npour l'ann\u00e9e 2025 \n \n \nLE PR\u00c9FET DE LA R\u00c9GION D'ILE-DE-FRANCE \nPR\u00c9FET DE PARIS \nGRAND OFFICIER DE LA L\u00c9GION D'HONNEUR \nOFFICIER DE L'ORDRE NATIONAL DU M\u00c9RITE \n \n \nVu le code de l'action sociale et des familles, notamment ses articles L.312 -1, L.314 -1, L.314-4, L.314 -5,   \nL.314-7, L.361-1 et les articles R.314-2 et suivants ; \n \nVu la loi organique n\u00b0 2001-692 du 1er ao\u00fbt 2001 modifi\u00e9e relative aux lois de finances ; \n \nVu la loi n\u00b0 2000-321 du 12 avril 2000 modifi\u00e9e relative aux droits des citoyens dans leurs relations avec les \nadministrations ; \n \nVu la loi n\u00b0 2025-127 du 14 f\u00e9vrier 2025 de finances pour 2025 ; \n \nVu le d\u00e9cret n\u00b0 2003-1010 du 22 octobre 2003 relatif \u00e0 la gestion budg\u00e9taire, comptable et financi\u00e8re et \naux modalit\u00e9s de financement et de tarification des \u00e9tablissements et services sociaux et m\u00e9dico -\nsociaux mentionn\u00e9s au I de l'article L. 312-1 du code de l'action sociale et des familles ; \n \n  Vu le d\u00e9cret n\u00b0 2008-1500 du 30 d\u00e9cembre 2008 relatif \u00e0 la r\u00e9glementation financi\u00e8re et budg\u00e9taire des \n\u00e9tablissements sociaux et m\u00e9dico-sociaux, notamment son article 3 ; \n \nVu le d\u00e9cret du 22 juillet 2020 portant nomination de Monsieur Marc GUILLAUME en qualit\u00e9 de pr\u00e9fet de \nla r\u00e9gion d'Ile-de-France, pr\u00e9fet de Paris ; \n \nVu le d\u00e9cret n\u00b0 2020 -1545 du 9 d\u00e9cembre 2020 relatif \u00e0 l'organisation et aux missions des directions \nr\u00e9gionales de l'\u00e9conomie, de l'emploi, du travail et des solidarit\u00e9s, des directions d\u00e9partementales de \nl'emploi, du travail et des solidarit\u00e9s et des dire ctions d\u00e9partementales de l'emploi, du travail, des \nsolidarit\u00e9s et de la protection des populations ; \n \n \nDirection r\u00e9gionale et interd\u00e9partementale de l'\u00e9conomie, de l'emploi, du travail et des solidarit\u00e9s d'\u00cele-de-France -\nIDF-2025-11-27-00016 - Arr\u00eat\u00e9 n \u00b0 2025 - 19 fixant le montant de la dotation globale de financement et sa r\u00e9partition par financeur\npublic du service mandataire judiciaire \u00e0 la protection des majeurs \u00ab ATFPO, SIRET 383 550 498 000 91 \u00bb pour l'ann\u00e9e 2025\n21\n2 \n \nVu l'arr\u00eat\u00e9 du 9 juillet 2009 fixant les indicateurs applicables aux services mandataires judiciaires \u00e0 la \nprotection des majeurs et aux services d\u00e9l\u00e9gu\u00e9s aux prestations familiales ;  \n \n  Vu l'arr\u00eat\u00e9 du 31 ao\u00fbt 2018 relatif \u00e0 la d\u00e9termination du co\u00fbt des mesures de protection exerc\u00e9es par les \nmandataires judiciaires \u00e0 la protection des majeurs ; \n \nVu l'arr\u00eat\u00e9 du 12 ao\u00fbt 2025 portant nomination de Monsieur Fabrice MASI, sur l'emploi de directeur \nr\u00e9gional et interd\u00e9partemental de l'\u00e9conomie, de l'emploi, du travail et des solidarit\u00e9s d'Ile-de-France ; \n \nVu l'arr\u00eat\u00e9 du 25 ao\u00fbt 2025 fixant les dotations r\u00e9gionales limitatives relatives aux frais de \nfonctionnement des services mandataires judiciaires \u00e0 la protection des majeurs relevant du I de \nl'article L. 361-1 du code de l'action sociale et des familles ; \nVu l'arr\u00eat\u00e9 pr\u00e9fectoral n\u00b0 75 -2021-03-30-00003 du 30 mars 2021 portant organisation de la direction \nr\u00e9gionale et interd\u00e9partementale de l'\u00e9conomie, de l'emploi, du travail et des solidarit\u00e9s d'Ile -de-\nFrance ;  \nVu l'arr\u00eat\u00e9 pr\u00e9fectoral n\u00b0 IDF -2025-08-27-00002 du 27 ao\u00fbt 2025 portant d\u00e9l\u00e9gation de signature \u00e0 \nMonsieur Fabrice MASI, directeur r\u00e9gional et interd\u00e9partemental de l'\u00e9conomie, de l'emploi, du travail \net des solidarit\u00e9s d'Ile-de-France (DRIEETS), en mati\u00e8re administrative ; \nVu l'arr\u00eat\u00e9 n\u00b0 IDF-2025-08-27-00003 du 27 ao\u00fbt 2025 portant d\u00e9l\u00e9gation de signature \u00e0 Monsieur Fabrice \nMASI, directeur r\u00e9gional et interd\u00e9partemental de l'\u00e9conomie, de l'emploi, du travail et des solidarit\u00e9s \nd'Ile-de-France (DRIEETS), en mati\u00e8re d'ordonnancement secondaire ; \nVu l'arr\u00eat\u00e9 n\u00b0 IDF -2025-167 du 29 ao\u00fbt 2025 portant subd\u00e9l\u00e9gation de signature en mati\u00e8re \nd'ordonnancement secondaire des recettes et des d\u00e9penses de l' \u00c9tat aux agents de la DRIEETS d'\u00cele -\nde-France ; \nVu la d\u00e9cision n\u00b0 2025-164 du 28 ao\u00fbt 2025 portant subd\u00e9l\u00e9gation de signature de Monsieur Fabrice MASI, \ndirecteur r\u00e9gional et interd\u00e9partemental de l'\u00e9conomie, de l'emploi, du travail et des solidarit\u00e9s d'Ile -\nde-France (DRIEETS), aux agents de l'unit\u00e9 r\u00e9gionale ; \n \nVu l'arr\u00eat\u00e9 DDCS-2010-046 du 20 septembre 2010 portant autorisation d'exercer du  service mandataire \njudiciaire \u00e0 la protection des majeurs de l'association tut\u00e9laire de la f\u00e9d\u00e9ration protestante des \u0153uvres \n(ATFPO) ;  \n \nVu les propositions budg\u00e9taires pour l'exercice 202 5 d\u00e9pos\u00e9es au moyen de la plateforme e -FSM par la \npersonne ayant qualit\u00e9 pour repr\u00e9senter le service susvis\u00e9 le 23 octobre 2024 ; \n \nVu l'instruction N\u00b0 DGCS/2A/5A/2025/122 du 8 septembre 2025 relative aux orientations de l'exercice \n2025 pour la campagne budg\u00e9taire des services mandataires judiciaires \u00e0 la protection des majeurs et \ndes services d\u00e9l\u00e9gu\u00e9s aux prestations familiales ; \n \nVu le rapport r\u00e9gional d'orientation budg\u00e9taire pour la campagne budg\u00e9taire 202 5 des services \nmandataires judiciaires \u00e0 la protection des majeurs et des services d\u00e9l\u00e9gu\u00e9s aux prestations famili ales \nde la r\u00e9gion Ile-de-France ; \n \nVu la d\u00e9cision d'autorisation budg\u00e9taire en date du 25 octobre 2025, d\u00e9pos\u00e9 sur la plateforme e -FSM le \n27 octobre 2025, cl\u00f4turant les \u00e9changes effectu\u00e9s durant la proc\u00e9dure contradictoire ;  \nDirection r\u00e9gionale et interd\u00e9partementale de l'\u00e9conomie, de l'emploi, du travail et des solidarit\u00e9s d'\u00cele-de-France -\nIDF-2025-11-27-00016 - Arr\u00eat\u00e9 n \u00b0 2025 - 19 fixant le montant de la dotation globale de financement et sa r\u00e9partition par financeur\npublic du service mandataire judiciaire \u00e0 la protection des majeurs \u00ab ATFPO, SIRET 383 550 498 000 91 \u00bb pour l'ann\u00e9e 2025\n22\n3 \n \n \nSur proposition du directeur r\u00e9gional et interd\u00e9partemental de l'\u00e9conomie, de l'emploi, du travail et des  \nsolidarit\u00e9s. \n \n \n \n \n \nArr\u00eate : \nArticle 1er : \n \nPour l'exercice budg\u00e9taire 2025, les d\u00e9penses et les recettes pr\u00e9visionnelles du service mandataire judiciaire \u00e0 \nla protection des majeurs ATFPO sis, 40 rue de la Plaine - 75020 PARIS sont autoris\u00e9es comme suit : \n \n \n  Groupes fonctionnels Montants \nD\u00e9penses \nGroupe I - D\u00e9penses aff\u00e9rentes \u00e0 \nl'exploitation courante 94 687,12 \u20ac \nDont d\u00e9penses non reconductibles 0,00 \u20ac \nGroupe II - D\u00e9penses aff\u00e9rentes au \npersonnel 1 183 574,79 \u20ac \nDont d\u00e9penses non reconductibles 0,00 \u20ac \nGroupe III \u2013 D\u00e9penses aff\u00e9rentes \u00e0 la \nstructure 134 238,81 \u20ac \nDont d\u00e9penses non reconductibles 0,00 \u20ac \nTotal des d\u00e9penses (I+II+III) 1 412 500,72 \u20ac \nReprise du r\u00e9sultat N-2 (d\u00e9ficit)   \n  Total 1 412 500,72 \u20ac \n      \nRecettes \nGroupe I - Produits de la tarification 1 382 500,72 \u20ac \nDont tarification 1 113 500,72 \u20ac \nDont participation des majeurs 269 000,00 \u20ac \nGroupe II \u2013 Autres produits relatifs \u00e0 \nl'exploitation 0,00 \u20ac \nGroupe III \u2013 Produits financiers et produits \nnon encaissables 0,00 \u20ac \nTotal des recettes (I+II+III) 1 382 500,72 \u20ac \nReport \u00e0 nouveau N-2 (exc\u00e9dent) 30 000,00 \u20ac \nTotal des recettes (I+II+III) 1 412 500,72 \n \n \nArticle 2 : \n \nPour l'exercice budg\u00e9taire 202 5, la dotation globale de financement du service ATFPO est fix\u00e9e \u00e0  \n1 113 500,72 euros ( un million cent treize mille cinq cents euros et soixante -douze centimes ), int\u00e9grant la \nreprise des r\u00e9sultats ant\u00e9rieurs exc\u00e9dentaires \u00e0 hauteur de 30 000 \u20ac. \n \nDirection r\u00e9gionale et interd\u00e9partementale de l'\u00e9conomie, de l'emploi, du travail et des solidarit\u00e9s d'\u00cele-de-France -\nIDF-2025-11-27-00016 - Arr\u00eat\u00e9 n \u00b0 2025 - 19 fixant le montant de la dotation globale de financement et sa r\u00e9partition par financeur\npublic du service mandataire judiciaire \u00e0 la protection des majeurs \u00ab ATFPO, SIRET 383 550 498 000 91 \u00bb pour l'ann\u00e9e 2025\n23\n4 \n \nArticle 3 : \n \nPour l'exercice budg\u00e9taire 202 5, en application de l'article R. 314 -193-1 du code de l'action sociale et des \nfamilles, \n \n1\u00b0 la dotation vers\u00e9e par l'\u00c9tat est fix\u00e9e \u00e0 99,70 %, soit un montant de 1 110 160,22 \u20ac ; \n \n2\u00b0 la dotation vers\u00e9e par le d\u00e9partement des Yvelines est fix\u00e9e \u00e0 0,30 %, soit un montant de 3 340,50 \u20ac. \n \n \nArticle 4 : \n \nLa fraction forfaitaire \u00e9gale, en application de l'article R. 314-107 du code de l'action sociale et des familles, au \ndouzi\u00e8me du montant de la dotation globale de financement, est \u00e9gale \u00e0 :  \n \n1\u00b0 92 513,34 \u20ac pour la dotation mentionn\u00e9e au 1\u00b0 de l'article 3 du pr\u00e9sent arr\u00eat\u00e9 ;  \n \n2\u00b0 278,38 \u20ac pour la dotation mentionn\u00e9e au 2\u00b0 de l'article 3 du pr\u00e9sent arr\u00eat\u00e9 . \n \n \nArticle 5 : \n \nL'ordonnateur de la d\u00e9pense est le pr\u00e9fet de la r\u00e9gion Ile-de-France, pr\u00e9fet de Paris, repr\u00e9sent\u00e9 par le directeur \nr\u00e9gional et interd\u00e9partemental de l'\u00e9conomie, de l'emploi du travail et des solidarit\u00e9s d'Ile -de-France. \n \n \nArticle 6 : \n \nLe comptable assignataire est le directeur r\u00e9gional des finances publiques d'Ile -de-France et du d\u00e9partement \nde Paris. \n \n \nArticle 7 : \n \nUn exemplaire du pr\u00e9sent arr\u00eat\u00e9 sera notifi\u00e9 : \n- \u00e0 la pr\u00e9sidente de l'association gestionnaire du service ; \n- au pr\u00e9sident du conseil d\u00e9partemental des Yvelines ; \n- au directeur d\u00e9partemental de l'emploi, du travail et des solidarit\u00e9s du d\u00e9partement des Yvelines. \n \n \nArticle 8 : \n \nLe pr\u00e9sent arr\u00eat\u00e9 peut faire l'objet d'un recours administratif, soit gracieux aupr\u00e8s d u pr\u00e9fet de la r\u00e9gion d'\u00cele-\nde-France, pr\u00e9fet de Paris, soit hi\u00e9rarchique aupr\u00e8s du ministre des affaires sociales et de la sant\u00e9, dans les deux \nmois suivant la notification du pr\u00e9sent arr\u00eat\u00e9. L'absence de r\u00e9ponse de l'administration au terme d'un d\u00e9lai de \ndeux mois vaut rejet implicite du recours administratif. \n \nUn recours contentieux peut \u00eatre d\u00e9pos\u00e9 aupr\u00e8s du tribunal administratif de Versailles, sis 56, avenue de Saint-\nCloud, 78000 Versailles, dans un d\u00e9lai de deux mois \u00e0 partir de la notification du pr\u00e9sent arr\u00eat\u00e9, ou dans un \nd\u00e9lai de deux mois \u00e0 partir du rejet du recours administratif. Le recours contentieux peut \u00eatre d\u00e9pos\u00e9 en ligne \nvia l'application \u00ab T\u00e9l\u00e9recours citoyens \u00bb accessible par le site internet www.telerecours.fr, par voie postale ou \ndirectement au bureau du greffe de la juridiction. \n \nDirection r\u00e9gionale et interd\u00e9partementale de l'\u00e9conomie, de l'emploi, du travail et des solidarit\u00e9s d'\u00cele-de-France -\nIDF-2025-11-27-00016 - Arr\u00eat\u00e9 n \u00b0 2025 - 19 fixant le montant de la dotation globale de financement et sa r\u00e9partition par financeur\npublic du service mandataire judiciaire \u00e0 la protection des majeurs \u00ab ATFPO, SIRET 383 550 498 000 91 \u00bb pour l'ann\u00e9e 2025\n24\n5 \n \nArticle 9 : \n \nEn application des dispositions du III de l'article R.314-36 du code de l'action sociale et des familles, le pr\u00e9sent \narr\u00eat\u00e9 sera publi\u00e9 au recueil des actes administratifs de la pr\u00e9fecture de la r\u00e9gion d'Ile -de-France. \n \n \nArticle 10 : \n \nLe pr\u00e9fet, secr\u00e9taire g\u00e9n\u00e9ral pour les affaires r\u00e9gionales de la pr\u00e9fecture de la r\u00e9gion d'Ile-de-France le directeur \nr\u00e9gional et interd\u00e9partemental de l'\u00e9conomie, de l'emploi, du travail  et des solidarit\u00e9s d'\u00cele -de-France sont \ncharg\u00e9s de l'ex\u00e9cution du pr\u00e9sent arr\u00eat\u00e9. \n \n \nFait \u00e0 Saint-Denis, le 27 novembre 2025 \n \nPour le pr\u00e9fet de la r\u00e9gion d'Ile-de-France,  \npr\u00e9fet de Paris et par d\u00e9l\u00e9gation, \nle directeur r\u00e9gional \n \nsign\u00e9 \n \nJean MENJON \nL'adjoint au Chef de d\u00e9partement \nsolidarit\u00e9s et emploi  \n \n \n \n \n \n \n \n \n \n \n \n \n \n \n \n \n \n \n \n \n \n \nMadame la Pr\u00e9sidente de l'association \ngestionnaire du service MJPM ATFPO \n40 rue de la Plaine \n75020 paris  \n \nCopie  :  \n- \u00e0 la DDETS des Yvelines \nDirection r\u00e9gionale et interd\u00e9partementale de l'\u00e9conomie, de l'emploi, du travail et des solidarit\u00e9s d'\u00cele-de-France -\nIDF-2025-11-27-00016 - Arr\u00eat\u00e9 n \u00b0 2025 - 19 fixant le montant de la dotation globale de financement et sa r\u00e9partition par financeur\npublic du service mandataire judiciaire \u00e0 la protection des majeurs \u00ab ATFPO, SIRET 383 550 498 000 91 \u00bb pour l'ann\u00e9e 2025\n25\nDirection r\u00e9gionale et interd\u00e9partementale de\nl'\u00e9conomie, de l'emploi, du travail et des\nsolidarit\u00e9s d'\u00cele-de-France\nIDF-2025-11-25-00011\nArr\u00eat\u00e9 n \u00b0 2025 - 20 fixant le montant de la\ndotation globale de financement et sa\nr\u00e9partition par financeur public du service\nmandataire judiciaire \u00e0 la protection des majeurs\n\u00ab ATY, SIRET 391 000 130 00057\u00bb pour l'ann\u00e9e\n2025\nDirection r\u00e9gionale et interd\u00e9partementale de l'\u00e9conomie, de l'emploi, du travail et des solidarit\u00e9s d'\u00cele-de-France -\nIDF-2025-11-25-00011 - Arr\u00eat\u00e9 n \u00b0 2025 - 20 fixant le montant de la dotation globale de financement et sa r\u00e9partition par financeur\npublic du service mandataire judiciaire \u00e0 la protection des majeurs \u00ab ATY, SIRET 391 000 130 00057\u00bb pour l'ann\u00e9e 2025\n26\nPREFET |DE LA REGIOND'\u00ceLE-DE-FRANCELibert\u00e9Egalit\u00e9Fraternit\u00e9\n \n \n Direction r\u00e9gionale et interd\u00e9partementale \nde l'\u00e9conomie, de l'emploi, \ndu travail et des solidarit\u00e9s \n \n \n \n \n \n \n \n \nDRIEETS d'Ile-de-France \n32, rue Jean Jaur\u00e8s 93200 Saint-Denis \nhttp://idf.direccte.gouv.fr/ \n \n \n  \nARR\u00caT\u00c9 n \u00b0 2025 - 20 \nfixant le montant de la dotation globale de financement et sa r\u00e9partition par \nfinanceur public du service mandataire judiciaire \u00e0 la protection des majeurs \n\u00ab ATY, SIRET 391 000 130 00057\u00bb  \npour l'ann\u00e9e 2025 \n \n \nLE PR\u00c9FET DE LA R\u00c9GION D'ILE-DE-FRANCE \nPR\u00c9FET DE PARIS \nGRAND OFFICIER DE LA L\u00c9GION D'HONNEUR \nOFFICIER DE L'ORDRE NATIONAL DU M\u00c9RITE \n \n \nVu le code de l'action sociale et des familles, notamment ses articles L.312 -1, L.314 -1, L.314-4, L.314 -5,   \nL.314-7, L.361-1 et les articles R.314-2 et suivants ; \n \nVu la loi organique n\u00b0 2001-692 du 1er ao\u00fbt 2001 modifi\u00e9e relative aux lois de finances ; \n \nVu la loi n\u00b0 2000-321 du 12 avril 2000 modifi\u00e9e relative aux droits des citoyens dans leurs relations avec les \nadministrations ; \n \nVu la loi n\u00b0 2025-127 du 14 f\u00e9vrier 2025 de finances pour 2025 ; \n \nVu le d\u00e9cret n\u00b0 2003-1010 du 22 octobre 2003 relatif \u00e0 la gestion budg\u00e9taire, comptable et financi\u00e8re et \naux modalit\u00e9s de financement et de tarification des \u00e9tablissements et services sociaux et m\u00e9dico -\nsociaux mentionn\u00e9s au I de l'article L. 312-1 du code de l'action sociale et des familles ; \n \n  Vu le d\u00e9cret n\u00b0 2008-1500 du 30 d\u00e9cembre 2008 relatif \u00e0 la r\u00e9glementation financi\u00e8re et budg\u00e9taire des \n\u00e9tablissements sociaux et m\u00e9dico-sociaux, notamment son article 3 ; \n \nVu le d\u00e9cret du 22 juillet 2020 portant nomination de Monsieur Marc GUILLAUME en qualit\u00e9 de pr\u00e9fet de \nla r\u00e9gion d'Ile-de-France, pr\u00e9fet de Paris ; \n \nVu le d\u00e9cret n\u00b0 2020 -1545 du 9 d\u00e9cembre 2020 relatif \u00e0 l'organisation et aux missions des directions \nr\u00e9gionales de l'\u00e9conomie, de l'emploi, du travail et des solidarit\u00e9s, des directions d\u00e9partementales de \nl'emploi, du travail et des solidarit\u00e9s et des dire ctions d\u00e9partementales de l'emploi, du travail, des \nsolidarit\u00e9s et de la protection des populations ; \n \n \nDirection r\u00e9gionale et interd\u00e9partementale de l'\u00e9conomie, de l'emploi, du travail et des solidarit\u00e9s d'\u00cele-de-France -\nIDF-2025-11-25-00011 - Arr\u00eat\u00e9 n \u00b0 2025 - 20 fixant le montant de la dotation globale de financement et sa r\u00e9partition par financeur\npublic du service mandataire judiciaire \u00e0 la protection des majeurs \u00ab ATY, SIRET 391 000 130 00057\u00bb pour l'ann\u00e9e 2025\n27\n2 \n \nVu l'arr\u00eat\u00e9 du 9 juillet 2009 fixant les indicateurs applicables aux services mandataires judiciaires \u00e0 la \nprotection des majeurs et aux services d\u00e9l\u00e9gu\u00e9s aux prestations familiales ;  \n \n  Vu l'arr\u00eat\u00e9 du 31 ao\u00fbt 2018 relatif \u00e0 la d\u00e9termination du co\u00fbt des mesures de protection exerc\u00e9es par les \nmandataires judiciaires \u00e0 la protection des majeurs ; \n \nVu l'arr\u00eat\u00e9 du 12 ao\u00fbt 2025 portant nomination de Monsieur Fabrice MASI, sur l'emploi de directeur \nr\u00e9gional et interd\u00e9partemental de l'\u00e9conomie, de l'emploi, du travail et des solidarit\u00e9s d'Ile-de-France ; \n \nVu l'arr\u00eat\u00e9 du 25 ao\u00fbt 2025 fixant les dotations r\u00e9gionales limitatives relatives aux frais de \nfonctionnement des services mandataires judiciaires \u00e0 la protection des majeurs relevant du I de \nl'article L. 361-1 du code de l'action sociale et des familles ; \nVu l'arr\u00eat\u00e9 pr\u00e9fectoral n\u00b0 75 -2021-03-30-00003 du 30 mars 2021 portant organisation de la direction \nr\u00e9gionale et interd\u00e9partementale de l'\u00e9conomie, de l'emploi, du travail et des solidarit\u00e9s d'Ile -de-\nFrance ;  \nVu l'arr\u00eat\u00e9 pr\u00e9fectoral n\u00b0 IDF -2025-08-27-00002 du 27 ao\u00fbt 2025 portant d\u00e9l\u00e9gation de signature \u00e0 \nMonsieur Fabrice MASI, directeur r\u00e9gional et interd\u00e9partemental de l'\u00e9conomie, de l'emploi, du travail \net des solidarit\u00e9s d'Ile-de-France (DRIEETS), en mati\u00e8re administrative ; \nVu l'arr\u00eat\u00e9 n\u00b0 IDF-2025-08-27-00003 du 27 ao\u00fbt 2025 portant d\u00e9l\u00e9gation de signature \u00e0 Monsieur Fabrice \nMASI, directeur r\u00e9gional et interd\u00e9partemental de l'\u00e9conomie, de l'emploi, du travail et des solidarit\u00e9s \nd'Ile-de-France (DRIEETS), en mati\u00e8re d'ordonnancement secondaire ; \nVu l'arr\u00eat\u00e9 n\u00b0 IDF -2025-167 du 29 ao\u00fbt 2025 portant subd\u00e9l\u00e9gation de signature en mati\u00e8re \nd'ordonnancement secondaire des recettes et des d\u00e9penses de l' \u00c9tat aux agents de la DRIEETS d'\u00cele -\nde-France ; \nVu la d\u00e9cision n\u00b0 2025-164 du 28 ao\u00fbt 2025 portant subd\u00e9l\u00e9gation de signature de Monsieur Fabrice MASI, \ndirecteur r\u00e9gional et interd\u00e9partemental de l'\u00e9conomie, de l'emploi, du travail et des solidarit\u00e9s d'Ile -\nde-France (DRIEETS), aux agents de l'unit\u00e9 r\u00e9gionale ; \n \nVu l'arr\u00eat\u00e9 DDCS-2010-049 du 20 septembre 2010 portant autorisation d'exercer du  service mandataire \njudiciaire \u00e0 la protection des majeurs de l'association tut\u00e9laires des Yvelines (ATY) ;  \n \nVu les propositions budg\u00e9taires pour l'exercice 202 5 d\u00e9pos\u00e9es au moyen de la plateforme e -FSM par la \npersonne ayant qualit\u00e9 pour repr\u00e9senter le service susvis\u00e9 le 29 octobre 2024 ; \n \nVu l'instruction N\u00b0 DGCS/2A/5A/2025/122 du 8 septembre 2025 relative aux orientations de l'exercice \n2025 pour la campagne budg\u00e9taire des services mandataires judiciaires \u00e0 la protection des majeurs et \ndes services d\u00e9l\u00e9gu\u00e9s aux prestations familiales ; \n \nVu le rapport r\u00e9gional d'orientation budg\u00e9taire pour la campagne budg\u00e9taire 202 5 des services \nmandataires judiciaires \u00e0 la protection des majeurs et des services d\u00e9l\u00e9gu\u00e9s aux prestations famili ales \nde la r\u00e9gion Ile-de-France ; \n \nVu la d\u00e9cision d'autorisation budg\u00e9taire en date du 25 octobre 2025, d\u00e9pos\u00e9e sur la plateforme e-FSM le \n24 octobre 2025, cl\u00f4turant les \u00e9changes effectu\u00e9s durant la proc\u00e9dure contradictoire ;  \n \nDirection r\u00e9gionale et interd\u00e9partementale de l'\u00e9conomie, de l'emploi, du travail et des solidarit\u00e9s d'\u00cele-de-France -\nIDF-2025-11-25-00011 - Arr\u00eat\u00e9 n \u00b0 2025 - 20 fixant le montant de la dotation globale de financement et sa r\u00e9partition par financeur\npublic du service mandataire judiciaire \u00e0 la protection des majeurs \u00ab ATY, SIRET 391 000 130 00057\u00bb pour l'ann\u00e9e 2025\n28\n3 \n \nSur proposition du directeur r\u00e9gional et interd\u00e9partemental de l'\u00e9conomie, de l'emploi, du travail et des  \nsolidarit\u00e9s. \n \n \n \nArr\u00eate : \nArticle 1er : \n \nPour l'exercice budg\u00e9taire 2025, les d\u00e9penses et les recettes pr\u00e9visionnelles du service mandataire judiciaire \u00e0 \nla protection des majeurs ATY sis, 19 avenue du Centre - 78280 GUYANCOURT sont autoris\u00e9es comme suit : \n \n \n  Groupes fonctionnels Montants \nD\u00e9penses \nGroupe I - D\u00e9penses aff\u00e9rentes \u00e0 \nl'exploitation courante 222 646,86 \u20ac \nDont d\u00e9penses non reconductibles 0,00 \u20ac \nGroupe II - D\u00e9penses aff\u00e9rentes au \npersonnel 2 667 459,85 \u20ac \nDont d\u00e9penses non reconductibles 8 000,00 \u20ac \nGroupe III \u2013 D\u00e9penses aff\u00e9rentes \u00e0 la \nstructure 423 473,24 \u20ac \nDont d\u00e9penses non reconductibles 0,00 \u20ac \nTotal des d\u00e9penses (I+II+III) 3 313 579,95 \u20ac \nReprise du r\u00e9sultat N-2 (d\u00e9ficit)   \n  Total 3 313 579,95 \u20ac \n      \nRecettes \nGroupe I - Produits de la tarification 3 254 960,95 \u20ac \nDont tarification 2 854 960,95 \u20ac \nDont participation des majeurs 400 000,00 \u20ac \nGroupe II \u2013 Autres produits relatifs \u00e0 \nl'exploitation 0,00 \u20ac \nGroupe III \u2013 Produits financiers et produits \nnon encaissables 0,00 \u20ac \nTotal des recettes (I+II+III) 3 254 960,95 \u20ac \nReport \u00e0 nouveau N-2 (exc\u00e9dent) 58 619,00 \u20ac \nTotal des recettes (I+II+III) 3 313 579,95 \n \n \nArticle 2 : \n \nPour l'exercice budg\u00e9taire 202 5, la dotation globale de financement du service ATY est fix\u00e9e \u00e0  \n2 854 960,95 euros ( deux millions huit cent cinquante-quatre mille neuf cent soixante euros et quatre -vingt-\nquinze centimes), int\u00e9grant la reprise des r\u00e9sultats  exc\u00e9dentaires ant\u00e9rieurs \u00e0 hauteur de  58 619,00 euros et \ndes cr\u00e9dits non reconductibles \u00e0 hauteur de 8 000 euros.  \n \n  \nDirection r\u00e9gionale et interd\u00e9partementale de l'\u00e9conomie, de l'emploi, du travail et des solidarit\u00e9s d'\u00cele-de-France -\nIDF-2025-11-25-00011 - Arr\u00eat\u00e9 n \u00b0 2025 - 20 fixant le montant de la dotation globale de financement et sa r\u00e9partition par financeur\npublic du service mandataire judiciaire \u00e0 la protection des majeurs \u00ab ATY, SIRET 391 000 130 00057\u00bb pour l'ann\u00e9e 2025\n29\n4 \n \nArticle 3 : \n \nPour l'exercice budg\u00e9taire 202 5, en application de l'article R. 314 -193-1 du code de l'action sociale et des \nfamilles, \n \n1\u00b0 la dotation vers\u00e9e par l'\u00c9tat est fix\u00e9e \u00e0 99,70 %, soit un montant de 2 846 396,07 \u20ac ; \n \n2\u00b0 la dotation vers\u00e9e par le d\u00e9partement des Yvelines est fix\u00e9e \u00e0 0,30 %, soit un montant de 8 564,88 \u20ac. \n \n \nArticle 4 : \n \nLa fraction forfaitaire \u00e9gale, en application de l'article R. 314-107 du code de l'action sociale et des familles, au \ndouzi\u00e8me du montant de la dotation globale de financement, est \u00e9gale \u00e0 :  \n \n1\u00b0 237 199,67 \u20ac pour la dotation mentionn\u00e9e au 1\u00b0 de l'article 3 du pr\u00e9sent arr\u00eat\u00e9 ;  \n \n2\u00b0 713,74 \u20ac pour la dotation mentionn\u00e9e au 2\u00b0 de l'article 3 du pr\u00e9sent arr\u00eat\u00e9 . \n \n \nArticle 5 : \n \nL'ordonnateur de la d\u00e9pense est le pr\u00e9fet de la r\u00e9gion Ile-de-France, pr\u00e9fet de Paris, repr\u00e9sent\u00e9 par le directeur \nr\u00e9gional et interd\u00e9partemental de l'\u00e9conomie, de l'emploi du travail et des solidarit\u00e9s d'Ile-de-France. \n \n \nArticle 6 : \n \nLe comptable assignataire est le directeur r\u00e9gional des finances publiques d'Ile -de-France et du d\u00e9partement \nde Paris. \n \n \nArticle 7 : \n \nUn exemplaire du pr\u00e9sent arr\u00eat\u00e9 sera notifi\u00e9 : \n- au pr\u00e9sident de l'association gestionnaire du service ; \n- au pr\u00e9sident du conseil d\u00e9partemental des Yvelines ; \n- au directeur d\u00e9partemental de l'emploi, du travail et des solidarit\u00e9s du d\u00e9partement des Yvelines. \n \n \nArticle 8 : \n \nLe pr\u00e9sent arr\u00eat\u00e9 peut faire l'objet d'un recours administratif, soit gracieux aupr\u00e8s d u pr\u00e9fet de la r\u00e9gion d'\u00cele-\nde-France, pr\u00e9fet de Paris, soit hi\u00e9rarchique aupr\u00e8s du ministre des affaires sociales et de la sant\u00e9, dans les deux \nmois suivant la notification du pr\u00e9sent arr\u00eat\u00e9. L'absence de r\u00e9ponse de l'administration au terme d'un d\u00e9lai de \ndeux mois vaut rejet implicite du recours administratif. \n \nUn recours contentieux peut \u00eatre d\u00e9pos\u00e9 aupr\u00e8s du tribunal administratif de Versailles, sis 56, avenue de Saint-\nCloud, 78000 Versailles, dans un d\u00e9lai de deux mois \u00e0 partir de la notification du pr\u00e9sent arr\u00eat\u00e9, ou dans un \nd\u00e9lai de deux mois \u00e0 partir du rejet du recours administratif. Le recours contentieux peut \u00eatre d\u00e9pos\u00e9 en ligne \nvia l'application \u00ab T\u00e9l\u00e9recours citoyens \u00bb accessible par le site internet www.telerecours.fr, par voie postale ou \ndirectement au bureau du greffe de la juridiction. \n \nDirection r\u00e9gionale et interd\u00e9partementale de l'\u00e9conomie, de l'emploi, du travail et des solidarit\u00e9s d'\u00cele-de-France -\nIDF-2025-11-25-00011 - Arr\u00eat\u00e9 n \u00b0 2025 - 20 fixant le montant de la dotation globale de financement et sa r\u00e9partition par financeur\npublic du service mandataire judiciaire \u00e0 la protection des majeurs \u00ab ATY, SIRET 391 000 130 00057\u00bb pour l'ann\u00e9e 2025\n30\n5 \n \nArticle 9 : \n \nEn application des dispositions du III de l'article R.314-36 du code de l'action sociale et des familles, le pr\u00e9sent \narr\u00eat\u00e9 sera publi\u00e9 au recueil des actes administratifs de la pr\u00e9fecture de la r\u00e9gion d'Ile -de-France. \n \n \nArticle 10 : \n \nLe pr\u00e9fet, secr\u00e9taire g\u00e9n\u00e9ral pour les affaires r\u00e9gionales de la pr\u00e9fecture de la r\u00e9gion d'Ile-de-France le directeur \nr\u00e9gional et interd\u00e9partemental de l'\u00e9conomie, de l'emploi, du travail  et des solidarit\u00e9s d'\u00cele -de-France sont \ncharg\u00e9s de l'ex\u00e9cution du pr\u00e9sent arr\u00eat\u00e9. \n \n \nFait \u00e0 Saint-Denis, le 25 novembre 2025 \n \nPour le pr\u00e9fet de la r\u00e9gion d'Ile-de-France,  \npr\u00e9fet de Paris et par d\u00e9l\u00e9gation, \nle directeur r\u00e9gional \n \nsign\u00e9 \n \nJean MENJON \nL'adjoint au Chef de d\u00e9partement \nsolidarit\u00e9s et emploi  \n \n \n \n \n \n \n \n \n \n \n \nMonsieur le Pr\u00e9sident de l'association gestionnaire du service MJPM de l'ATY \n19 avenue du Centre \n78280 GUYANCOURT \nEmail : erousseau@at-yvelines.fr \n \nCopie  : \n- \u00e0 la DDETS des Yvelines  \nDirection r\u00e9gionale et interd\u00e9partementale de l'\u00e9conomie, de l'emploi, du travail et des solidarit\u00e9s d'\u00cele-de-France -\nIDF-2025-11-25-00011 - Arr\u00eat\u00e9 n \u00b0 2025 - 20 fixant le montant de la dotation globale de financement et sa r\u00e9partition par financeur\npublic du service mandataire judiciaire \u00e0 la protection des majeurs \u00ab ATY, SIRET 391 000 130 00057\u00bb pour l'ann\u00e9e 2025\n31\nDirection r\u00e9gionale et interd\u00e9partementale de\nl'\u00e9conomie, de l'emploi, du travail et des\nsolidarit\u00e9s d'\u00cele-de-France\nIDF-2025-11-25-00012\nArr\u00eat\u00e9 n \u00b0 2025 - 21 fixant le montant de la\ndotation globale de financement et sa\nr\u00e9partition par financeur public du service\nmandataire judiciaire \u00e0 la protection des majeurs\n\u00ab AXE MAJEUR-ATM, SIRET 404 068 975 00063\u00bb\npour l'ann\u00e9e 2025\nDirection r\u00e9gionale et interd\u00e9partementale de l'\u00e9conomie, de l'emploi, du travail et des solidarit\u00e9s d'\u00cele-de-France -\nIDF-2025-11-25-00012 - Arr\u00eat\u00e9 n \u00b0 2025 - 21 fixant le montant de la dotation globale de financement et sa r\u00e9partition par financeur\npublic du service mandataire judiciaire \u00e0 la protection des majeurs \u00ab AXE MAJEUR-ATM, SIRET 404 068 975 00063\u00bb pour l'ann\u00e9e 2025\n32\nPREFET |DE LA REGIOND'\u00ceLE-DE-FRANCELibert\u00e9Egalit\u00e9Fraternit\u00e9\n \n \n Direction r\u00e9gionale et interd\u00e9partementale \nde l'\u00e9conomie, de l'emploi, \ndu travail et des solidarit\u00e9s \n \n \n \n \n \n \n \n \nDRIEETS d'Ile-de-France \n32, rue Jean Jaur\u00e8s 93200 Saint-Denis \nhttp://idf.direccte.gouv.fr/ \n \n \n \n  \nARR\u00caT\u00c9 n \u00b0 2025 - 21 \nfixant le montant de la dotation globale de financement et sa r\u00e9partition par \nfinanceur public du service mandataire judiciaire \u00e0 la protection des majeurs \n\u00ab AXE MAJEUR-ATM, SIRET 404 068 975 00063\u00bb  \npour l'ann\u00e9e 2025 \n \n \nLE PR\u00c9FET DE LA R\u00c9GION D'ILE-DE-FRANCE \nPR\u00c9FET DE PARIS \nGRAND OFFICIER DE LA L\u00c9GION D'HONNEUR \nOFFICIER DE L'ORDRE NATIONAL DU M\u00c9RITE \n \n \nVu le code de l'action sociale et des familles, notamment ses articles L.312 -1, L.314 -1, L.314-4, L.314 -5,   \nL.314-7, L.361-1 et les articles R.314-2 et suivants ; \n \nVu la loi organique n\u00b0 2001-692 du 1er ao\u00fbt 2001 modifi\u00e9e relative aux lois de finances ; \n \nVu la loi n\u00b0 2000-321 du 12 avril 2000 modifi\u00e9e relative aux droits des citoyens dans leurs relations avec les \nadministrations ; \n \nVu la loi n\u00b0 2025-127 du 14 f\u00e9vrier 2025 de finances pour 2025 ; \n \nVu le d\u00e9cret n\u00b0 2003-1010 du 22 octobre 2003 relatif \u00e0 la gestion budg\u00e9taire, comptable et financi\u00e8re et \naux modalit\u00e9s de financement et de tarification des \u00e9tablissements et services sociaux et m\u00e9dico -\nsociaux mentionn\u00e9s au I de l'article L. 312-1 du code de l'action sociale et des familles ; \n \n  Vu le d\u00e9cret n\u00b0 2008-1500 du 30 d\u00e9cembre 2008 relatif \u00e0 la r\u00e9glementation financi\u00e8re et budg\u00e9taire des \n\u00e9tablissements sociaux et m\u00e9dico-sociaux, notamment son article 3 ; \n \nVu le d\u00e9cret du 22 juillet 2020 portant nomination de Monsieur Marc GUILLAUME en qualit\u00e9 de pr\u00e9fet de \nla r\u00e9gion d'Ile-de-France, pr\u00e9fet de Paris ; \n \nVu le d\u00e9cret n\u00b0 2020 -1545 du 9 d\u00e9cembre 2020 relatif \u00e0 l'organisation et aux missions des directions \nr\u00e9gionales de l'\u00e9conomie, de l'emploi, du travail et des solidarit\u00e9s, des directions d\u00e9partementales de \nl'emploi, du travail et des solidarit\u00e9s et des dire ctions d\u00e9partementales de l'emploi, du travail, des \nsolidarit\u00e9s et de la protection des populations ; \n \n \nDirection r\u00e9gionale et interd\u00e9partementale de l'\u00e9conomie, de l'emploi, du travail et des solidarit\u00e9s d'\u00cele-de-France -\nIDF-2025-11-25-00012 - Arr\u00eat\u00e9 n \u00b0 2025 - 21 fixant le montant de la dotation globale de financement et sa r\u00e9partition par financeur\npublic du service mandataire judiciaire \u00e0 la protection des majeurs \u00ab AXE MAJEUR-ATM, SIRET 404 068 975 00063\u00bb pour l'ann\u00e9e 2025\n33\n2 \n \n \nVu l'arr\u00eat\u00e9 du 9 juillet 2009 fixant les indicateurs applicables aux services mandataires judiciaires \u00e0 la \nprotection des majeurs et aux services d\u00e9l\u00e9gu\u00e9s aux prestations familiales ;  \n \n  Vu l'arr\u00eat\u00e9 du 31 ao\u00fbt 2018 relatif \u00e0 la d\u00e9termination du co\u00fbt des mesures de protection exerc\u00e9es par les \nmandataires judiciaires \u00e0 la protection des majeurs ; \n \nVu l'arr\u00eat\u00e9 du 12 ao\u00fbt 2025 portant nomination de Monsieur Fabrice MASI, sur l'emploi de directeur \nr\u00e9gional et interd\u00e9partemental de l'\u00e9conomie, de l'emploi, du travail et des solidarit\u00e9s d'Ile-de-France ; \n \nVu l'arr\u00eat\u00e9 du 25 ao\u00fbt 2025 fixant les dotations r\u00e9gionales limitatives relatives aux frais de \nfonctionnement des services mandataires judiciaires \u00e0 la protection des majeurs relevant du I de \nl'article L. 361-1 du code de l'action sociale et des familles ; \nVu l'arr\u00eat\u00e9 pr\u00e9fectoral n\u00b0 75 -2021-03-30-00003 du 30 mars 2021 portant organisation de la direction \nr\u00e9gionale et interd\u00e9partementale de l'\u00e9conomie, de l'emploi, du travail et des solidarit\u00e9s d'Ile -de-\nFrance ;  \nVu l'arr\u00eat\u00e9 pr\u00e9fectoral n\u00b0 IDF -2025-08-27-00002 du 27 ao\u00fbt 2025 portant d\u00e9l\u00e9gation de signature \u00e0 \nMonsieur Fabrice MASI, directeur r\u00e9gional et interd\u00e9partemental de l'\u00e9conomie, de l'emploi, du travail \net des solidarit\u00e9s d'Ile-de-France (DRIEETS), en mati\u00e8re administrative ; \nVu l'arr\u00eat\u00e9 n\u00b0 IDF-2025-08-27-00003 du 27 ao\u00fbt 2025 portant d\u00e9l\u00e9gation de signature \u00e0 Monsieur Fabrice \nMASI, directeur r\u00e9gional et interd\u00e9partemental de l'\u00e9conomie, de l'emploi, du travail et des solidarit\u00e9s \nd'Ile-de-France (DRIEETS), en mati\u00e8re d'ordonnancement secondaire ; \nVu l'arr\u00eat\u00e9 n\u00b0 IDF -2025-167 du 29 ao\u00fbt 2025 portant subd\u00e9l\u00e9gation de signature en mati\u00e8re \nd'ordonnancement secondaire des recettes et des d\u00e9penses de l' \u00c9tat aux agents de la DRIEETS d'\u00cele -\nde-France ; \nVu la d\u00e9cision n\u00b0 2025-164 du 28 ao\u00fbt 2025 portant subd\u00e9l\u00e9gation de signature de Monsieur Fabrice MASI, \ndirecteur r\u00e9gional et interd\u00e9partemental de l'\u00e9conomie, de l'emploi, du travail et des solidarit\u00e9s d'Ile -\nde-France (DRIEETS), aux agents de l'unit\u00e9 r\u00e9gionale ; \n \nVu l'arr\u00eat\u00e9 DDCS-2010-045 du 20 septembre 2010  portant autorisation d'exercer du  service mandataire \njudiciaire \u00e0 la protection des majeurs de l'association AXE MAJEUR-ATM ;  \n \nVu les propositions budg\u00e9taires pour l'exercice 202 5 d\u00e9pos\u00e9es au moyen de la plateforme e -FSM par la \npersonne ayant qualit\u00e9 pour repr\u00e9senter le service susvis\u00e9 le 25 octobre 2024 ; \n \nVu l'instruction N\u00b0 DGCS/2A/5A/2025/122 du 8 septembre 2025 relative aux orientations de l'exercice \n2025 pour la campagne budg\u00e9taire des services mandataires judiciaires \u00e0 la protection des majeurs et \ndes services d\u00e9l\u00e9gu\u00e9s aux prestations familiales ; \n \nVu le rapport r\u00e9gional d'orientation budg\u00e9taire pour la campagne budg\u00e9taire 202 5 des services \nmandataires judiciaires \u00e0 la protection des majeurs et des services d\u00e9l\u00e9gu\u00e9s aux prestations famili ales \nde la r\u00e9gion Ile-de-France ; \n \nVu la d\u00e9cision d'autorisation budg\u00e9taire en date du 25 octobre 2025, d\u00e9pos\u00e9 sur la plateforme e -FSM le \n24 octobre 2025, cl\u00f4turant les \u00e9changes effectu\u00e9s durant la proc\u00e9dure contradictoire ;  \nDirection r\u00e9gionale et interd\u00e9partementale de l'\u00e9conomie, de l'emploi, du travail et des solidarit\u00e9s d'\u00cele-de-France -\nIDF-2025-11-25-00012 - Arr\u00eat\u00e9 n \u00b0 2025 - 21 fixant le montant de la dotation globale de financement et sa r\u00e9partition par financeur\npublic du service mandataire judiciaire \u00e0 la protection des majeurs \u00ab AXE MAJEUR-ATM, SIRET 404 068 975 00063\u00bb pour l'ann\u00e9e 2025\n34\n3 \n \n \nSur proposition du directeur r\u00e9gional et interd\u00e9partemental de l'\u00e9conomie, de l'emploi, du travail et des  \nsolidarit\u00e9s. \n \n \n \nArr\u00eate : \nArticle 1er : \n \nPour l'exercice budg\u00e9taire 2025, les d\u00e9penses et les recettes pr\u00e9visionnelles du service mandataire judiciaire \u00e0 \nla protection des majeurs AXE MAJEUR-ATM sis, 10 rue Costes et Bellonte - 78200 Mantes-la-Jolie sont autoris\u00e9es \ncomme suit : \n \n  Groupes fonctionnels Montants \nD\u00e9penses \nGroupe I - D\u00e9penses aff\u00e9rentes \u00e0 \nl'exploitation courante 117 039,92 \u20ac \nDont d\u00e9penses non reconductibles 0,00 \u20ac \nGroupe II - D\u00e9penses aff\u00e9rentes au \npersonnel 1 761 764,45 \u20ac \nDont d\u00e9penses non reconductibles 0,00 \u20ac \nGroupe III \u2013 D\u00e9penses aff\u00e9rentes \u00e0 la \nstructure 295 044,69 \u20ac \nDont d\u00e9penses non reconductibles 0,00 \u20ac \nTotal des d\u00e9penses (I+II+III) 2 173 849,06 \u20ac \nReprise du r\u00e9sultat N-2 (d\u00e9ficit)   \n  Total 2 173 849,06 \u20ac \n      \nRecettes \nGroupe I - Produits de la tarification 2 160 943,06 \u20ac \nDont tarification 1 855 443,06 \u20ac \nDont participation des majeurs 305 500,00 \u20ac \nGroupe II \u2013 Autres produits relatifs \u00e0 \nl'exploitation 0,00 \u20ac \nGroupe III \u2013 Produits financiers et produits \nnon encaissables 0,00 \u20ac \nTotal des recettes (I+II+III) 2 160 943,06 \u20ac \nReport \u00e0 nouveau N-2 (exc\u00e9dent) 12 906,00 \u20ac \nTotal des recettes (I+II+III) 2 173 849,06 \n \n \nArticle 2 : \n \nPour l'exercice budg\u00e9taire 202 5, la dotation globale de financement du service AXE MAJEUR-ATM est fix\u00e9e \u00e0 \n1 855 443,06 euros (un million huit cent cinquante-cinq mille quatre cent quarante-trois euros et six centimes), \nint\u00e9grant la reprise des r\u00e9sultats ant\u00e9rieurs exc\u00e9dentaires \u00e0 hauteur de 12 906,00 euros.  \n \n  \nDirection r\u00e9gionale et interd\u00e9partementale de l'\u00e9conomie, de l'emploi, du travail et des solidarit\u00e9s d'\u00cele-de-France -\nIDF-2025-11-25-00012 - Arr\u00eat\u00e9 n \u00b0 2025 - 21 fixant le montant de la dotation globale de financement et sa r\u00e9partition par financeur\npublic du service mandataire judiciaire \u00e0 la protection des majeurs \u00ab AXE MAJEUR-ATM, SIRET 404 068 975 00063\u00bb pour l'ann\u00e9e 2025\n35\n4 \n \nArticle 3 : \n \nPour l'exercice budg\u00e9taire 202 5, en application de l'article R. 314 -193-1 du code de l'action sociale et des \nfamilles, \n \n1\u00b0 la dotation vers\u00e9e par l'\u00c9tat est fix\u00e9e \u00e0 99,70 %, soit un montant de 1 849 876,73 \u20ac ; \n \n2\u00b0 la dotation vers\u00e9e par le d\u00e9partement des Yvelines est fix\u00e9e \u00e0 0,30 %, soit un montant de 5 566,33 \u20ac. \n \n \nArticle 4 : \n \nLa fraction forfaitaire \u00e9gale, en application de l'article R. 314-107 du code de l'action sociale et des familles, au \ndouzi\u00e8me du montant de la dotation globale de financement, est \u00e9gale \u00e0 :  \n \n1\u00b0 154 156,39 \u20ac pour la dotation mentionn\u00e9e au 1\u00b0 de l'article 3 du pr\u00e9sent arr\u00eat\u00e9 ;  \n \n2\u00b0 463,86 \u20ac pour la dotation mentionn\u00e9e au 2\u00b0 de l'article 3 du pr\u00e9sent arr\u00eat\u00e9 . \n \n \nArticle 5 : \n \nL'ordonnateur de la d\u00e9pense est le pr\u00e9fet de la r\u00e9gion Ile-de-France, pr\u00e9fet de Paris, repr\u00e9sent\u00e9 par le directeur \nr\u00e9gional et interd\u00e9partemental de l'\u00e9conomie, de l'emploi du travail et des solidarit\u00e9s d'Ile-de-France. \n \n \nArticle 6 : \n \nLe comptable assignataire est le directeur r\u00e9gional des finances publiques d'Ile -de-France et du d\u00e9partement \nde Paris. \n \n \nArticle 7 : \n \nUn exemplaire du pr\u00e9sent arr\u00eat\u00e9 sera notifi\u00e9 : \n- au pr\u00e9sident de l'association gestionnaire du service ; \n- au pr\u00e9sident du conseil d\u00e9partemental des Yvelines ; \n- au directeur d\u00e9partemental de l'emploi, du travail et des solidarit\u00e9s du d\u00e9partement des Yvelines. \n \n \nArticle 8 : \n \nLe pr\u00e9sent arr\u00eat\u00e9 peut faire l'objet d'un recours administratif, soit gracieux aupr\u00e8s d u pr\u00e9fet de la r\u00e9gion d'\u00cele-\nde-France, pr\u00e9fet de Paris, soit hi\u00e9rarchique aupr\u00e8s du ministre des affaires sociales et de la sant\u00e9, dans les deux \nmois suivant la notification du pr\u00e9sent arr\u00eat\u00e9. L'absence de r\u00e9ponse de l'administration au terme d'un d\u00e9lai de \ndeux mois vaut rejet implicite du recours administratif. \n \nUn recours contentieux peut \u00eatre d\u00e9pos\u00e9 aupr\u00e8s du tribunal administratif de Versailles, sis 56, avenue de Saint-\nCloud, 78000 Versailles, dans un d\u00e9lai de deux mois \u00e0 partir de la notification du pr\u00e9sent arr\u00eat\u00e9, ou dans un \nd\u00e9lai de deux mois \u00e0 partir du rejet du recours administratif. Le recours contentieux peut \u00eatre d\u00e9pos\u00e9 en ligne \nvia l'application \u00ab T\u00e9l\u00e9recours citoyens \u00bb accessible par le site internet www.telerecours.fr, par voie postale ou \ndirectement au bureau du greffe de la juridiction. \n \nDirection r\u00e9gionale et interd\u00e9partementale de l'\u00e9conomie, de l'emploi, du travail et des solidarit\u00e9s d'\u00cele-de-France -\nIDF-2025-11-25-00012 - Arr\u00eat\u00e9 n \u00b0 2025 - 21 fixant le montant de la dotation globale de financement et sa r\u00e9partition par financeur\npublic du service mandataire judiciaire \u00e0 la protection des majeurs \u00ab AXE MAJEUR-ATM, SIRET 404 068 975 00063\u00bb pour l'ann\u00e9e 2025\n36\n5 \n \nArticle 9 : \n \nEn application des dispositions du III de l'article R.314-36 du code de l'action sociale et des familles, le pr\u00e9sent \narr\u00eat\u00e9 sera publi\u00e9 au recueil des actes administratifs de la pr\u00e9fecture de la r\u00e9gion d'Ile -de-France. \n \n \nArticle 10 : \n \nLe pr\u00e9fet, secr\u00e9taire g\u00e9n\u00e9ral pour les affaires r\u00e9gionales de la pr\u00e9fecture de la r\u00e9gion d'Ile-de-France le directeur \nr\u00e9gional et interd\u00e9partemental de l'\u00e9conomie, de l'emploi, du travail  et des solidarit\u00e9s d'\u00cele -de-France sont \ncharg\u00e9s de l'ex\u00e9cution du pr\u00e9sent arr\u00eat\u00e9. \n \n \nFait \u00e0 Saint-Denis, le 25 novembre 2025 \n \nPour le pr\u00e9fet de la r\u00e9gion d'Ile-de-France,  \npr\u00e9fet de Paris et par d\u00e9l\u00e9gation, \nle directeur r\u00e9gional \n \nsign\u00e9 \n \nJean MENJON \nL'adjoint au Chef de d\u00e9partement \nsolidarit\u00e9s et emploi  \n \n \n \n \n \n \n \n \n \n \n \nMonsieur le Pr\u00e9sident de l'association gestionnaire MJPM  \nAXE MAJEUR-ATM \n10 rue Costes et Bellonte \n78200 Mantes-la-Jolie \ne-mail : contact@laxemajeuratm.fr \n \nCopie  : \n- \u00e0 la DDETS des Yvelines  \nDirection r\u00e9gionale et interd\u00e9partementale de l'\u00e9conomie, de l'emploi, du travail et des solidarit\u00e9s d'\u00cele-de-France -\nIDF-2025-11-25-00012 - Arr\u00eat\u00e9 n \u00b0 2025 - 21 fixant le montant de la dotation globale de financement et sa r\u00e9partition par financeur\npublic du service mandataire judiciaire \u00e0 la protection des majeurs \u00ab AXE MAJEUR-ATM, SIRET 404 068 975 00063\u00bb pour l'ann\u00e9e 2025\n37\nDirection r\u00e9gionale et interd\u00e9partementale de\nl'\u00e9conomie, de l'emploi, du travail et des\nsolidarit\u00e9s d'\u00cele-de-France\nIDF-2025-11-25-00013\nArr\u00eat\u00e9 n \u00b0 2025 - 22 fixant le montant de la\ndotation globale de financement et sa\nr\u00e9partition par financeur public du service\nmandataire judiciaire \u00e0 la protection des majeurs\n\u00ab UDAF MJPM, SIRET 785 152 177 00038 \u00bb pour\nl'ann\u00e9e 2025\nDirection r\u00e9gionale et interd\u00e9partementale de l'\u00e9conomie, de l'emploi, du travail et des solidarit\u00e9s d'\u00cele-de-France -\nIDF-2025-11-25-00013 - Arr\u00eat\u00e9 n \u00b0 2025 - 22 fixant le montant de la dotation globale de financement et sa r\u00e9partition par financeur\npublic du service mandataire judiciaire \u00e0 la protection des majeurs \u00ab UDAF MJPM, SIRET 785 152 177 00038 \u00bb pour l'ann\u00e9e 2025\n38\nPREFET |DE LA REGIOND'\u00ceLE-DE-FRANCELibert\u00e9Egalit\u00e9Fraternit\u00e9\n \n \n Direction r\u00e9gionale et interd\u00e9partementale \nde l'\u00e9conomie, de l'emploi, \ndu travail et des solidarit\u00e9s \n \n \n \n \n \n \n \n \nDRIEETS d'Ile-de-France \n32, rue Jean Jaur\u00e8s 93200 Saint-Denis \nhttp://idf.direccte.gouv.fr/ \n \n \n  \nARR\u00caT\u00c9 n \u00b0 2025 - 22 \nfixant le montant de la dotation globale de financement et sa r\u00e9partition par \nfinanceur public du service mandataire judiciaire \u00e0 la protection des majeurs \n\u00ab UDAF MJPM, SIRET 785 152 177 00038 \u00bb  \npour l'ann\u00e9e 2025 \n \n \nLE PR\u00c9FET DE LA R\u00c9GION D'ILE-DE-FRANCE \nPR\u00c9FET DE PARIS \nGRAND OFFICIER DE LA L\u00c9GION D'HONNEUR \nOFFICIER DE L'ORDRE NATIONAL DU M\u00c9RITE \n \n \nVu le code de l'action sociale et des familles, notamment ses articles L.312 -1, L.314 -1, L.314-4, L.314 -5,  \nL.314-7, L.361-1 et les articles R.314-2 et suivants ; \n \nVu la loi organique n\u00b0 2001-692 du 1er ao\u00fbt 2001 modifi\u00e9e relative aux lois de finances ; \n \nVu la loi n\u00b0 2000-321 du 12 avril 2000 modifi\u00e9e relative aux droits des citoyens dans leurs relations avec les \nadministrations ; \n \nVu la loi n\u00b0 2025-127 du 14 f\u00e9vrier 2025 de finances pour 2025 ; \n \nVu le d\u00e9cret n\u00b0 2003-1010 du 22 octobre 2003 relatif \u00e0 la gestion budg\u00e9taire, comptable et financi\u00e8re et \naux modalit\u00e9s de financement et de tarification des \u00e9tablissements et services sociaux et m\u00e9dico -\nsociaux mentionn\u00e9s au I de l'article L. 312-1 du code de l'action sociale et des familles ; \n \n  Vu le d\u00e9cret n\u00b0 2008-1500 du 30 d\u00e9cembre 2008 relatif \u00e0 la r\u00e9glementation financi\u00e8re et budg\u00e9taire des \n\u00e9tablissements sociaux et m\u00e9dico-sociaux, notamment son article 3 ; \n \nVu le d\u00e9cret du 22 juillet 2020 portant nomination de Monsieur Marc GUILLAUME en qualit\u00e9 de pr\u00e9fet de \nla r\u00e9gion d'Ile-de-France, pr\u00e9fet de Paris ; \n \nVu le d\u00e9cret n\u00b0 2020 -1545 du 9 d\u00e9cembre 2020 relatif \u00e0 l'organisation et aux missions des directions \nr\u00e9gionales de l'\u00e9conomie, de l'emploi, du travail et des solidarit\u00e9s, des directions d\u00e9partementales de \nl'emploi, du travail et des solidarit\u00e9s et des directions d\u00e9partementales de l'emploi, du travail, des \nsolidarit\u00e9s et de la protection des populations ; \n \n \nDirection r\u00e9gionale et interd\u00e9partementale de l'\u00e9conomie, de l'emploi, du travail et des solidarit\u00e9s d'\u00cele-de-France -\nIDF-2025-11-25-00013 - Arr\u00eat\u00e9 n \u00b0 2025 - 22 fixant le montant de la dotation globale de financement et sa r\u00e9partition par financeur\npublic du service mandataire judiciaire \u00e0 la protection des majeurs \u00ab UDAF MJPM, SIRET 785 152 177 00038 \u00bb pour l'ann\u00e9e 2025\n39\n2 \n \n \nVu l'arr\u00eat\u00e9 du 9 juillet 2009 fixant les indicateurs applicables aux services mandataires judiciaires \u00e0 la \nprotection des majeurs et aux services d\u00e9l\u00e9gu\u00e9s aux prestations familiales ;  \n \n  Vu l'arr\u00eat\u00e9 du 31 ao\u00fbt 2018 relatif \u00e0 la d\u00e9termination du co\u00fbt des mesures de protection exerc\u00e9es par les \nmandataires judiciaires \u00e0 la protection des majeurs ; \n \nVu l'arr\u00eat\u00e9 du 12 ao\u00fbt 2025 portant nomination de Monsieur Fabrice MASI, sur l'emploi de directeur \nr\u00e9gional et interd\u00e9partemental de l'\u00e9conomie, de l'emploi, du travail et des solidarit\u00e9s d'Ile-de-France ; \n \nVu l'arr\u00eat\u00e9 du 25 ao\u00fbt 2025 fixant les dotations r\u00e9gionales limitatives relatives aux frais de \nfonctionnement des services mandataires judiciaires \u00e0 la protection des majeurs relevant du I de \nl'article L. 361-1 du code de l'action sociale et des familles ; \nVu l'arr\u00eat\u00e9 pr\u00e9fectoral n\u00b0 75 -2021-03-30-00003 du 30 mars 2021 portant organisation de la direction \nr\u00e9gionale et interd\u00e9partementale de l'\u00e9conomie, de l'emploi, du travail et des solidarit\u00e9s d'Ile -de-\nFrance ;  \nVu l'arr\u00eat\u00e9 pr\u00e9fectoral n\u00b0 IDF -2025-08-27-00002 du 27 ao\u00fbt 2025 portant d\u00e9l\u00e9gation de signature \u00e0 \nMonsieur Fabrice MASI, directeur r\u00e9gional et interd\u00e9partemental de l'\u00e9conomie, de l'emploi, du travail \net des solidarit\u00e9s d'Ile-de-France (DRIEETS), en mati\u00e8re administrative ; \nVu l'arr\u00eat\u00e9 n\u00b0 IDF-2025-08-27-00003 du 27 ao\u00fbt 2025 portant d\u00e9l\u00e9gation de signature \u00e0 Monsieur Fabrice \nMASI, directeur r\u00e9gional et interd\u00e9partemental de l'\u00e9conomie, de l'emploi, du travail et des solidarit\u00e9s \nd'Ile-de-France (DRIEETS), en mati\u00e8re d'ordonnancement secondaire ; \nVu l'arr\u00eat\u00e9 n\u00b0 IDF -2025-167 du 29 ao\u00fbt 2025 portant subd\u00e9l\u00e9gation de signature en mati\u00e8re \nd'ordonnancement secondaire des recettes et des d\u00e9penses de l' \u00c9tat aux agents de la DRIEETS d'\u00cele -\nde-France ; \nVu la d\u00e9cision n\u00b0 2025-164 du 28 ao\u00fbt 2025 portant subd\u00e9l\u00e9gation de signature de Monsieur Fabrice MASI, \ndirecteur r\u00e9gional et interd\u00e9partemental de l'\u00e9conomie, de l'emploi, du travail et des solidarit\u00e9s d'Ile -\nde-France (DRIEETS), aux agents de l'unit\u00e9 r\u00e9gionale ; \n \nVu l'arr\u00eat\u00e9 DDCS-2010-047 du 20 septembre 2010 portant autorisation d'exercer du  service mandataire \njudiciaire \u00e0 la protection des majeurs de l'association de l'Union D\u00e9partementale des Associations \nFamiliales (UDAF) ;  \n \nVu les propositions budg\u00e9taires pour l'exercice 202 5 d\u00e9pos\u00e9es au moyen de la plateforme e -FSM par la \npersonne ayant qualit\u00e9 pour repr\u00e9senter le service susvis\u00e9 le 29 octobre 2024 ; \n \nVu l'instruction N\u00b0 DGCS/2A/5A/2025/122 du 8 septembre 2025 relative aux orientations de l'exercice \n2025 pour la campagne budg\u00e9taire des services mandataires judiciaires \u00e0 la protection des majeurs et \ndes services d\u00e9l\u00e9gu\u00e9s aux prestations familiales ; \n \nVu le rapport r\u00e9gional d'orientation budg\u00e9taire pour la campagne budg\u00e9taire 202 5 des services \nmandataires judiciaires \u00e0 la protection des majeurs et des services d\u00e9l\u00e9gu\u00e9s aux prestations famili ales \nde la r\u00e9gion Ile-de-France ; \n \nDirection r\u00e9gionale et interd\u00e9partementale de l'\u00e9conomie, de l'emploi, du travail et des solidarit\u00e9s d'\u00cele-de-France -\nIDF-2025-11-25-00013 - Arr\u00eat\u00e9 n \u00b0 2025 - 22 fixant le montant de la dotation globale de financement et sa r\u00e9partition par financeur\npublic du service mandataire judiciaire \u00e0 la protection des majeurs \u00ab UDAF MJPM, SIRET 785 152 177 00038 \u00bb pour l'ann\u00e9e 2025\n40\n3 \n \nVu la d\u00e9cision d'autorisation budg\u00e9taire en date du 28 octobre 2025, d\u00e9pos\u00e9 sur la plateforme e -FSM le \n28 octobre 2025, cl\u00f4turant les \u00e9changes effectu\u00e9s durant la proc\u00e9dure contradictoire ;  \n \nSur proposition du directeur r\u00e9gional et interd\u00e9partemental de l'\u00e9conomie, de l'emploi, du travail et des  \nsolidarit\u00e9s. \n \n \n \nArr\u00eate : \nArticle 1er : \n \nPour l'exercice budg\u00e9taire 2025, les d\u00e9penses et les recettes pr\u00e9visionnelles du service mandataire judiciaire \u00e0 \nla protection des majeurs UDAF sis, 5 rue de l' Assembl\u00e9e Nationale - 78000 Versailles sont autoris\u00e9es comme \nsuit : \n \n  Groupes fonctionnels Montants \nD\u00e9penses \nGroupe I - D\u00e9penses aff\u00e9rentes \u00e0 \nl'exploitation courante 138 143,56 \u20ac \nDont d\u00e9penses non reconductibles 0,00 \u20ac \nGroupe II - D\u00e9penses aff\u00e9rentes au \npersonnel 2 215 367,98 \u20ac \nDont d\u00e9penses non reconductibles 40 020,00 \u20ac \nGroupe III \u2013 D\u00e9penses aff\u00e9rentes \u00e0 la \nstructure 225 089,88 \u20ac \nDont d\u00e9penses non reconductibles 2 010,00 \u20ac \nTotal des d\u00e9penses (I+II+III) 2 578 601,42 \u20ac \nReprise du r\u00e9sultat N-2 (d\u00e9ficit) 7 088,63 \u20ac \n  Total 2 585 690,05 \u20ac \n      \nRecettes \nGroupe I - Produits de la tarification 2 585 690,05 \u20ac \nDont tarification 2 213 690,05 \u20ac \nDont participation des majeurs 372 000,00 \u20ac \nGroupe II \u2013 Autres produits relatifs \u00e0 \nl'exploitation 0,00 \u20ac \nGroupe III \u2013 Produits financiers et produits \nnon encaissables 0,00 \u20ac \nTotal des recettes (I+II+III) 2 585 690,05 \u20ac \nReport \u00e0 nouveau N-2 (exc\u00e9dent)   \nTotal des recettes (I+II+III) 2 585 690,05 \n \n \nArticle 2 : \n \nPour l'exercice budg\u00e9taire 202 5, la dotation globale de financement du service UDAF MJPM  est fix\u00e9e \u00e0 \n2 213 690,05 euros ( deux millions deux cent treize mille six cent quatre -vingt-dix euros et cinq centimes ), \nint\u00e9grant la reprise des r\u00e9sultats ant\u00e9rieurs  d\u00e9ficitaires \u00e0 hauteur de  7 088,63 euros  et des cr\u00e9dits non \nreconductibles \u00e0 hauteur de 42 030,00 euros.  \nDirection r\u00e9gionale et interd\u00e9partementale de l'\u00e9conomie, de l'emploi, du travail et des solidarit\u00e9s d'\u00cele-de-France -\nIDF-2025-11-25-00013 - Arr\u00eat\u00e9 n \u00b0 2025 - 22 fixant le montant de la dotation globale de financement et sa r\u00e9partition par financeur\npublic du service mandataire judiciaire \u00e0 la protection des majeurs \u00ab UDAF MJPM, SIRET 785 152 177 00038 \u00bb pour l'ann\u00e9e 2025\n41\n4 \n \nArticle 3 : \n \nPour l'exercice budg\u00e9taire 202 5, en application de l'article R. 314 -193-1 du code de l'action sociale et des \nfamilles, \n \n1\u00b0 la dotation vers\u00e9e par l'\u00c9tat est fix\u00e9e \u00e0 99,70 %, soit un montant de 2 207 048,98 \u20ac ; \n \n2\u00b0 la dotation vers\u00e9e par le d\u00e9partement des Yvelines est fix\u00e9e \u00e0 0,30 %, soit un montant de 6 641,07 \u20ac. \n \n \nArticle 4 : \n \nLa fraction forfaitaire \u00e9gale, en application de l'article R. 314-107 du code de l'action sociale et des familles, au \ndouzi\u00e8me du montant de la dotation globale de financement, est \u00e9gale \u00e0 :  \n \n1\u00b0 183 920,75 \u20ac pour la dotation mentionn\u00e9e au 1\u00b0 de l'article 3 du pr\u00e9sent arr\u00eat\u00e9 ;  \n \n2\u00b0 553,42 \u20ac pour la dotation mentionn\u00e9e au 2\u00b0 de l'article 3 du pr\u00e9sent arr\u00eat\u00e9 . \n \n \nArticle 5 : \n \nL'ordonnateur de la d\u00e9pense est le pr\u00e9fet de la r\u00e9gion Ile-de-France, pr\u00e9fet de Paris, repr\u00e9sent\u00e9 par le directeur \nr\u00e9gional et interd\u00e9partemental de l'\u00e9conomie, de l'emploi du travail et des solidarit\u00e9s d'Ile-de-France. \n \n \nArticle 6 : \n \nLe comptable assignataire est le directeur r\u00e9gional des finances publiques d'Ile -de-France et du d\u00e9partement \nde Paris. \n \n \nArticle 7 : \n \nUn exemplaire du pr\u00e9sent arr\u00eat\u00e9 sera notifi\u00e9 : \n- au pr\u00e9sident de l'association gestionnaire du service ; \n- au pr\u00e9sident du conseil d\u00e9partemental des Yvelines ; \n- au directeur d\u00e9partemental de l'emploi, du travail et des solidarit\u00e9s du d\u00e9partement des Yvelines. \n \n \nArticle 8 : \n \nLe pr\u00e9sent arr\u00eat\u00e9 peut faire l'objet d'un recours administratif, soit gracieux aupr\u00e8s d u pr\u00e9fet de la r\u00e9gion d'\u00cele-\nde-France, pr\u00e9fet de Paris, soit hi\u00e9rarchique aupr\u00e8s du ministre des affaires sociales et de la sant\u00e9, dans les deux \nmois suivant la notification du pr\u00e9sent arr\u00eat\u00e9. L'absence de r\u00e9ponse de l'administration au terme d'un d\u00e9lai de \ndeux mois vaut rejet implicite du recours administratif. \n \nUn recours contentieux peut \u00eatre d\u00e9pos\u00e9 aupr\u00e8s du tribunal administratif de Versailles, sis 56, avenue de Saint-\nCloud, 78000 Versailles, dans un d\u00e9lai de deux mois \u00e0 partir de la notification du pr\u00e9sent arr\u00eat\u00e9, ou dans un \nd\u00e9lai de deux mois \u00e0 partir du rejet du recours administratif. Le recours contentieux peut \u00eatre d\u00e9pos\u00e9 en ligne \nvia l'application \u00ab T\u00e9l\u00e9recours citoyens \u00bb accessible par le site internet www.telerecours.fr, par voie postale ou \ndirectement au bureau du greffe de la juridiction. \n \nDirection r\u00e9gionale et interd\u00e9partementale de l'\u00e9conomie, de l'emploi, du travail et des solidarit\u00e9s d'\u00cele-de-France -\nIDF-2025-11-25-00013 - Arr\u00eat\u00e9 n \u00b0 2025 - 22 fixant le montant de la dotation globale de financement et sa r\u00e9partition par financeur\npublic du service mandataire judiciaire \u00e0 la protection des majeurs \u00ab UDAF MJPM, SIRET 785 152 177 00038 \u00bb pour l'ann\u00e9e 2025\n42\n5 \n \nArticle 9 : \n \nEn application des dispositions du III de l'article R.314-36 du code de l'action sociale et des familles, le pr\u00e9sent \narr\u00eat\u00e9 sera publi\u00e9 au recueil des actes administratifs de la pr\u00e9fecture de la r\u00e9gion d'Ile -de-France. \n \n \nArticle 10 : \n \nLe pr\u00e9fet, secr\u00e9taire g\u00e9n\u00e9ral pour les affaires r\u00e9gionales de la pr\u00e9fecture de la r\u00e9gion d'Ile-de-France le directeur \nr\u00e9gional et interd\u00e9partemental de l'\u00e9conomie, de l'emploi, du travail  et des solidarit\u00e9s d'\u00cele -de-France sont \ncharg\u00e9s de l'ex\u00e9cution du pr\u00e9sent arr\u00eat\u00e9. \n \n \nFait \u00e0 Saint-Denis, le 25 novembre 2025 \n \nPour le pr\u00e9fet de la r\u00e9gion d'Ile-de-France,  \npr\u00e9fet de Paris et par d\u00e9l\u00e9gation, \nle directeur r\u00e9gional \n \nsign\u00e9 \n \nJean MENJON \nL'adjoint au Chef de d\u00e9partement \nsolidarit\u00e9s et emploi  \n \n \n \n \n \n \n \n \n \nMonsieur le Pr\u00e9sident de l'association gestionnaire \ndu service MJPM de l'UDAF des Yvelines \n5 rue de l'Assembl\u00e9e Nationale \n78000 VERSAILLES \nMail : jmpavani@udaf78.asso.fr \n \nCopie  : \n-  \n- \u00e0 la DDETS des Yvelines  \nDirection r\u00e9gionale et interd\u00e9partementale de l'\u00e9conomie, de l'emploi, du travail et des solidarit\u00e9s d'\u00cele-de-France -\nIDF-2025-11-25-00013 - Arr\u00eat\u00e9 n \u00b0 2025 - 22 fixant le montant de la dotation globale de financement et sa r\u00e9partition par financeur\npublic du service mandataire judiciaire \u00e0 la protection des majeurs \u00ab UDAF MJPM, SIRET 785 152 177 00038 \u00bb pour l'ann\u00e9e 2025\n43\nDirection r\u00e9gionale et interd\u00e9partementale de\nl'\u00e9conomie, de l'emploi, du travail et des\nsolidarit\u00e9s d'\u00cele-de-France\nIDF-2025-11-25-00010\nArr\u00eat\u00e9 n \u00b0 2025 - 30 fixant le montant de la\ndotation globale de financement et sa\nr\u00e9partition par financeur public du service\nmandataire judiciaire \u00e0 la protection des majeurs\n\u00ab UDAF MJPM 77, 78497153300020 \u00bb pour\nl'ann\u00e9e 2025\nDirection r\u00e9gionale et interd\u00e9partementale de l'\u00e9conomie, de l'emploi, du travail et des solidarit\u00e9s d'\u00cele-de-France -\nIDF-2025-11-25-00010 - Arr\u00eat\u00e9 n \u00b0 2025 - 30 fixant le montant de la dotation globale de financement et sa r\u00e9partition par financeur\npublic du service mandataire judiciaire \u00e0 la protection des majeurs \u00ab UDAF MJPM 77, 78497153300020 \u00bb pour l'ann\u00e9e 2025\n44\nPREFET |DE LA REGIOND'\u00ceLE-DE-FRANCELibert\u00e9Egalit\u00e9Fraternit\u00e9\n \n \n Direction r\u00e9gionale et interd\u00e9partementale \nde l'\u00e9conomie, de l'emploi, \ndu travail et des solidarit\u00e9s \n \n \n \n \n \n \n \n \nDRIEETS d'Ile-de-France \n32, rue Jean Jaur\u00e8s 93200 Saint-Denis \nhttp://idf.direccte.gouv.fr/ \n \n \n \n  \nARR\u00caT\u00c9 n \u00b0 2025 - 30 \nfixant le montant de la dotation globale de financement et sa r\u00e9partition par \nfinanceur public du service mandataire judiciaire \u00e0 la protection des majeurs \n\u00ab UDAF MJPM 77, 78497153300020 \u00bb  \npour l'ann\u00e9e 2025 \n \n \nLE PR\u00c9FET DE LA R\u00c9GION D'ILE-DE-FRANCE \nPR\u00c9FET DE PARIS \nGRAND OFFICIER DE LA L\u00c9GION D'HONNEUR \nOFFICIER DE L'ORDRE NATIONAL DU M\u00c9RITE \n \n \nVu le code de l'action sociale et des familles, notamment ses articles L.312 -1, L.314 -1, L.314-4, L.314 -5,   \nL.314-7, L.361-1 et les articles R.314-2 et suivants ; \n \nVu la loi organique n\u00b0 2001-692 du 1er ao\u00fbt 2001 modifi\u00e9e relative aux lois de finances ; \n \nVu la loi n\u00b0 2000-321 du 12 avril 2000 modifi\u00e9e relative aux droits des citoyens dans leurs relations avec les \nadministrations ; \n \nVu la loi n\u00b0 2025-127 du 14 f\u00e9vrier 2025 de finances pour 2025 ; \n \nVu le d\u00e9cret n\u00b0 2003-1010 du 22 octobre 2003 relatif \u00e0 la gestion budg\u00e9taire, comptable et financi\u00e8re et \naux modalit\u00e9s de financement et de tarification des \u00e9tablissements et services sociaux et m\u00e9dico -\nsociaux mentionn\u00e9s au I de l'article L. 312-1 du code de l'action sociale et des familles ; \n \n  Vu le d\u00e9cret n\u00b0 2008-1500 du 30 d\u00e9cembre 2008 relatif \u00e0 la r\u00e9glementation financi\u00e8re et budg\u00e9taire des \n\u00e9tablissements sociaux et m\u00e9dico-sociaux, notamment son article 3 ; \n \nVu le d\u00e9cret du 22 juillet 2020 portant nomination de Monsieur Marc GUILLAUME en qualit\u00e9 de pr\u00e9fet de \nla r\u00e9gion d'Ile-de-France, pr\u00e9fet de Paris ; \n \nVu le d\u00e9cret n\u00b0 2020 -1545 du 9 d\u00e9cembre 2020 relatif \u00e0 l'organisation et aux missions des directions \nr\u00e9gionales de l'\u00e9conomie, de l'emploi, du travail et des solidarit\u00e9s, des directions d\u00e9partementales de \nl'emploi, du travail et des solidarit\u00e9s et des dire ctions d\u00e9partementales de l'emploi, du travail, des \nsolidarit\u00e9s et de la protection des populations ; \n \n \nDirection r\u00e9gionale et interd\u00e9partementale de l'\u00e9conomie, de l'emploi, du travail et des solidarit\u00e9s d'\u00cele-de-France -\nIDF-2025-11-25-00010 - Arr\u00eat\u00e9 n \u00b0 2025 - 30 fixant le montant de la dotation globale de financement et sa r\u00e9partition par financeur\npublic du service mandataire judiciaire \u00e0 la protection des majeurs \u00ab UDAF MJPM 77, 78497153300020 \u00bb pour l'ann\u00e9e 2025\n45\n2 \n \n \nVu l'arr\u00eat\u00e9 du 9 juillet 2009 fixant les indicateurs applicables aux services mandataires judiciaires \u00e0 la \nprotection des majeurs et aux services d\u00e9l\u00e9gu\u00e9s aux prestations familiales ;  \n \n  Vu l'arr\u00eat\u00e9 du 31 ao\u00fbt 2018 relatif \u00e0 la d\u00e9termination du co\u00fbt des mesures de protection exerc\u00e9es par les \nmandataires judiciaires \u00e0 la protection des majeurs ; \n \nVu l'arr\u00eat\u00e9 du 12 ao\u00fbt 2025 portant nomination de Monsieur Fabrice MASI, sur l'emploi de directeur \nr\u00e9gional et interd\u00e9partemental de l'\u00e9conomie, de l'emploi, du travail et des solidarit\u00e9s d'Ile-de-France ; \n \nVu l'arr\u00eat\u00e9 du 25 ao\u00fbt 2025 fixant les dotations r\u00e9gionales limitatives relatives aux frais de \nfonctionnement des services mandataires judiciaires \u00e0 la protection des majeurs relevant du I de \nl'article L. 361-1 du code de l'action sociale et des familles ; \nVu l'arr\u00eat\u00e9 pr\u00e9fectoral n\u00b0 75 -2021-03-30-00003 du 30 mars 2021 portant organisation de la direction \nr\u00e9gionale et interd\u00e9partementale de l'\u00e9conomie, de l'emploi, du travail et des solidarit\u00e9s d'Ile -de-\nFrance ;  \nVu l'arr\u00eat\u00e9 pr\u00e9fectoral n\u00b0 IDF -2025-08-27-00002 du 27 ao\u00fbt 2025 portant d\u00e9l\u00e9gation de signature \u00e0 \nMonsieur Fabrice MASI, directeur r\u00e9gional et interd\u00e9partemental de l'\u00e9conomie, de l'emploi, du travail \net des solidarit\u00e9s d'Ile-de-France (DRIEETS), en mati\u00e8re administrative ; \nVu l'arr\u00eat\u00e9 n\u00b0 IDF-2025-08-27-00003 du 27 ao\u00fbt 2025 portant d\u00e9l\u00e9gation de signature \u00e0 Monsieur Fabrice \nMASI, directeur r\u00e9gional et interd\u00e9partemental de l'\u00e9conomie, de l'emploi, du travail et des solidarit\u00e9s \nd'Ile-de-France (DRIEETS), en mati\u00e8re d'ordonnancement secondaire ; \nVu l'arr\u00eat\u00e9 n\u00b0 IDF -2025-167 du 29 ao\u00fbt 2025 portant subd\u00e9l\u00e9gation de signature en mati\u00e8re \nd'ordonnancement secondaire des recettes et des d\u00e9penses de l'Etat aux agents de la DRIEETS d'\u00cele -\nde-France ; \nVu la d\u00e9cision n\u00b0 2025-164 du 28 ao\u00fbt 2025 portant subd\u00e9l\u00e9gation de signature de Monsieur Fabrice MASI, \ndirecteur r\u00e9gional et interd\u00e9partemental de l'\u00e9conomie, de l'emploi, du travail et des solidarit\u00e9s d'Ile -\nde-France (DRIEETS), aux agents de l'unit\u00e9 r\u00e9gionale ; \n \nVu l'arr\u00eat\u00e9 DDCS du 9 septembre 2010 portant autorisation d'exercer du service mandataire judiciaire \u00e0 \nla protection des majeurs de l'association UDAF 77, situ\u00e9 56 Rue Dajot \u2013 77008 MELUN ;  \n \nVu les propositions budg\u00e9taires pour l'exercice 202 5 d\u00e9pos\u00e9es au moyen de la plateforme e -FSM par la \npersonne ayant qualit\u00e9 pour repr\u00e9senter le service susvis\u00e9 le 30 octobre 2024 ; \n \nVu l'instruction N\u00b0 DGCS/2A/5A/2025/122 du 8 septembre 2025 relative aux orientations de l'exercice \n2025 pour la campagne budg\u00e9taire des services mandataires judiciaires \u00e0 la protection des majeurs et \ndes services d\u00e9l\u00e9gu\u00e9s aux prestations familiales ; \n \nVu le rapport r\u00e9gional d'orientation budg\u00e9taire pour la campagne budg\u00e9taire 202 5 des services \nmandataires judiciaires \u00e0 la protection des majeurs et des services d\u00e9l\u00e9gu\u00e9s aux prestations famili ales \nde la r\u00e9gion Ile-de-France ; \n \nVu la d\u00e9cision d'autorisation budg\u00e9taire en date du 28 octobre 2025, d\u00e9pos\u00e9 sur la plateforme e -FSM le \n29 octobre 2025, cl\u00f4turant les \u00e9changes effectu\u00e9s durant la proc\u00e9dure contradictoire ;  \nDirection r\u00e9gionale et interd\u00e9partementale de l'\u00e9conomie, de l'emploi, du travail et des solidarit\u00e9s d'\u00cele-de-France -\nIDF-2025-11-25-00010 - Arr\u00eat\u00e9 n \u00b0 2025 - 30 fixant le montant de la dotation globale de financement et sa r\u00e9partition par financeur\npublic du service mandataire judiciaire \u00e0 la protection des majeurs \u00ab UDAF MJPM 77, 78497153300020 \u00bb pour l'ann\u00e9e 2025\n46\n3 \n \n \nSur proposition du directeur r\u00e9gional et interd\u00e9partemental de l'\u00e9conomie, de l'emploi, du travail et des  \nsolidarit\u00e9s. \n \n \n \nArr\u00eate : \nArticle 1er : \n \nPour l'exercice budg\u00e9taire 2025, les d\u00e9penses et les recettes pr\u00e9visionnelles du service mandataire judiciaire \u00e0 \nla protection des majeurs UDAF 77 sis au 56 rue Dajot 77008 MELUN sont autoris\u00e9es comme suit : \n \n  Groupes fonctionnels Montants \nD\u00e9penses \nGroupe I - D\u00e9penses aff\u00e9rentes \u00e0 \nl'exploitation courante 174 984,00 \u20ac \nDont d\u00e9penses non reconductibles   \nGroupe II - D\u00e9penses aff\u00e9rentes au \npersonnel 2 087 949,00 \u20ac \nDont d\u00e9penses non reconductibles   \nGroupe III \u2013 D\u00e9penses aff\u00e9rentes \u00e0 la \nstructure 236 419,00 \u20ac \nDont d\u00e9penses non reconductibles   \nTotal des d\u00e9penses (I+II+III) 2 499 352,00 \u20ac \nReprise du r\u00e9sultat N-2 (d\u00e9ficit)   \n  Total 2 499 352,00 \u20ac \n      \nRecettes \nGroupe I - Produits de la tarification 2 413 352,00 \u20ac \nDont tarification 2 013 352,00 \u20ac \nDont participation des majeurs 400 000,00 \u20ac \nGroupe II \u2013 Autres produits relatifs \u00e0 \nl'exploitation 0,00 \u20ac \nGroupe III \u2013 Produits financiers et produits \nnon encaissables 0,00 \u20ac \nTotal des recettes (I+II+III) 2 413 352,00 \u20ac \nReport \u00e0 nouveau N-2 (exc\u00e9dent) 86 000,00 \u20ac \nTotal des recettes (I+II+III) 2 499 352,00 \u20ac \n \n \nArticle 2 : \n \nPour l'exercice budg\u00e9taire 202 5, la dotation globale de financement du service UDAF 77  est fix\u00e9e \u00e0 \n2 013 352,00 \u20ac (deux millions treize mille trois cent cinquante-deux euros) , int\u00e9grant la reprise des r\u00e9sultats \nant\u00e9rieurs \u00e0 hauteur de 86 000,00 \u20ac (quatre-vingt-six mille euros). \n \n \n  \nDirection r\u00e9gionale et interd\u00e9partementale de l'\u00e9conomie, de l'emploi, du travail et des solidarit\u00e9s d'\u00cele-de-France -\nIDF-2025-11-25-00010 - Arr\u00eat\u00e9 n \u00b0 2025 - 30 fixant le montant de la dotation globale de financement et sa r\u00e9partition par financeur\npublic du service mandataire judiciaire \u00e0 la protection des majeurs \u00ab UDAF MJPM 77, 78497153300020 \u00bb pour l'ann\u00e9e 2025\n47\n4 \n \nArticle 3 : \n \nPour l'exercice budg\u00e9taire 202 5, en application de l'article R. 314 -193-1 du code de l'action sociale et des \nfamilles, \n \n1\u00b0 la dotation vers\u00e9e par l'Etat est fix\u00e9e \u00e0 99,70 %, soit un montant de 2 007 311,94 \u20ac ; \n \n2\u00b0 la dotation vers\u00e9e par le d\u00e9partement de Seine et Marne est fix\u00e9e \u00e0 0,30 %, soit un montant de 6 040,06 \u20ac. \n \n \nArticle 4 : \n \nLa fraction forfaitaire \u00e9gale, en application de l'article R. 314-107 du code de l'action sociale et des familles, au \ndouzi\u00e8me du montant de la dotation globale de financement, est \u00e9gale \u00e0 :  \n \n1\u00b0 167275,99 \u20ac pour la dotation mentionn\u00e9e au 1\u00b0 de l'article 3 du pr\u00e9sent arr\u00eat\u00e9 ;  \n \n2\u00b0 503,34 \u20ac pour la dotation mentionn\u00e9e au 2\u00b0 de l'article 3 du pr\u00e9sent arr\u00eat\u00e9 . \n \n \nArticle 5 : \n \nL'ordonnateur de la d\u00e9pense est le pr\u00e9fet de la r\u00e9gion Ile-de-France, pr\u00e9fet de Paris, repr\u00e9sent\u00e9 par le directeur \nr\u00e9gional et interd\u00e9partemental de l'\u00e9conomie, de l'emploi du travail et des solidarit\u00e9s d'Ile -de-France. \n \n \nArticle 6 : \n \nLe comptable assignataire est le directeur r\u00e9gional des finances publiques d'Ile -de-France et du d\u00e9partement \nde Paris. \n \n \nArticle 7 : \n \nUn exemplaire du pr\u00e9sent arr\u00eat\u00e9 sera notifi\u00e9 : \n- au pr\u00e9sident de l'association gestionnaire du service ; \n- au pr\u00e9sident du conseil d\u00e9partemental de Seine et Marne ; \n- Le directeur d\u00e9partemental de l'emploi, du travail et des solidarit\u00e9s de Seine et Marne. \n \n \nArticle 8 : \n \nLe pr\u00e9sent arr\u00eat\u00e9 peut faire l'objet d'un recours administratif, soit gracieux aupr\u00e8s d u pr\u00e9fet de la r\u00e9gion d'\u00cele-\nde-France, pr\u00e9fet de Paris, soit hi\u00e9rarchique aupr\u00e8s du ministre des affaires sociales et de la sant\u00e9, dans les deux \nmois suivant la notification du pr\u00e9sent arr\u00eat\u00e9. L'absence de r\u00e9ponse de l'administration au terme d'un d\u00e9lai de \ndeux mois vaut rejet implicite du recours administratif. \n \nUn recours contentieux peut \u00eatre d\u00e9pos\u00e9 aupr\u00e8s du tribunal administratif de Paris, sis 7, rue de Jouy,  75004 \nParis, dans un d\u00e9lai de deux mois \u00e0 partir de la notification du pr\u00e9sent arr\u00eat\u00e9 , ou dans un d\u00e9lai de deux mois \u00e0 \npartir du rejet  du recours administratif.  Le recours contentieux peut \u00eatre d\u00e9pos\u00e9 en ligne via l'application \n\u00ab T\u00e9l\u00e9recours citoyens \u00bb accessible par le site internet www.telerecours.fr, par voie postale ou directement au \nbureau du greffe de la juridiction. \n \nDirection r\u00e9gionale et interd\u00e9partementale de l'\u00e9conomie, de l'emploi, du travail et des solidarit\u00e9s d'\u00cele-de-France -\nIDF-2025-11-25-00010 - Arr\u00eat\u00e9 n \u00b0 2025 - 30 fixant le montant de la dotation globale de financement et sa r\u00e9partition par financeur\npublic du service mandataire judiciaire \u00e0 la protection des majeurs \u00ab UDAF MJPM 77, 78497153300020 \u00bb pour l'ann\u00e9e 2025\n48\n5 \n \nArticle 9 : \n \nEn application des dispositions du III de l'article R.314-36 du code de l'action sociale et des familles, le pr\u00e9sent \narr\u00eat\u00e9 sera publi\u00e9 au recueil des actes administratifs de la pr\u00e9fecture de la r\u00e9gion d'Ile -de-France. \n \n \nArticle 10 : \n \nLe pr\u00e9fet, secr\u00e9taire g\u00e9n\u00e9ral pour les affaires r\u00e9gionales de la pr\u00e9fecture de la r\u00e9gion d'Ile-de-France le directeur \nr\u00e9gional et interd\u00e9partemental de l'\u00e9conomie, de l'emploi, du travail  et des solidarit\u00e9s d'\u00cele -de-France sont \ncharg\u00e9s de l'ex\u00e9cution du pr\u00e9sent arr\u00eat\u00e9. \n \n \nFait \u00e0 Saint-Denis, le 25 novembre 2025 \n \nPour le pr\u00e9fet de la r\u00e9gion d'Ile-de-France,  \npr\u00e9fet de Paris et par d\u00e9l\u00e9gation, \nle directeur r\u00e9gional \n \nsign\u00e9 \n \nJean MENJON \nL'adjoint au Chef de d\u00e9partement \nsolidarit\u00e9s et emploi  \n \n \n \n \n \n \n \nMadame la pr\u00e9sidente de l'association gestionnaire de service MJPM UDAF 77  \n56 Rue Dajot \n77008 MELUN \nPresidentudaf77@udaf77.fr \n \nCopie  : \n\u00e0 la DDETS de Seine et Marne  \n \nDirection r\u00e9gionale et interd\u00e9partementale de l'\u00e9conomie, de l'emploi, du travail et des solidarit\u00e9s d'\u00cele-de-France -\nIDF-2025-11-25-00010 - Arr\u00eat\u00e9 n \u00b0 2025 - 30 fixant le montant de la dotation globale de financement et sa r\u00e9partition par financeur\npublic du service mandataire judiciaire \u00e0 la protection des majeurs \u00ab UDAF MJPM 77, 78497153300020 \u00bb pour l'ann\u00e9e 2025\n49\nDirection r\u00e9gionale et interd\u00e9partementale de\nl'\u00e9conomie, de l'emploi, du travail et des\nsolidarit\u00e9s d'\u00cele-de-France\nIDF-2025-11-25-00014\nArr\u00eat\u00e9 n \u00b0 2025 - 33 fixant le montant de la\ndotation globale de financement et sa\nr\u00e9partition par financeur public du service\nmandataire judiciaire \u00e0 la protection des majeurs\n\u00ab VYV3 IDF MJPM LA SOURCE 91, SIRET480 266\n014 00483 \u00bb pour l'ann\u00e9e 2025\nDirection r\u00e9gionale et interd\u00e9partementale de l'\u00e9conomie, de l'emploi, du travail et des solidarit\u00e9s d'\u00cele-de-France -\nIDF-2025-11-25-00014 - Arr\u00eat\u00e9 n \u00b0 2025 - 33 fixant le montant de la dotation globale de financement et sa r\u00e9partition par financeur\npublic du service mandataire judiciaire \u00e0 la protection des majeurs \u00ab VYV3 IDF MJPM LA SOURCE 91, SIRET480 266 014 00483 \u00bb pour\nl'ann\u00e9e 2025\n50\nPREFET |DE LA REGIOND'\u00ceLE-DE-FRANCELibert\u00e9Egalit\u00e9Fraternit\u00e9\n \n \n Direction r\u00e9gionale et interd\u00e9partementale \nde l'\u00e9conomie, de l'emploi, \ndu travail et des solidarit\u00e9s \n \n \n \n \n \n \n \n \nDRIEETS d'Ile-de-France \n32, rue Jean Jaur\u00e8s 93200 Saint-Denis \nhttp://idf.direccte.gouv.fr/ \n \n \n \n  \nARR\u00caT\u00c9 n \u00b0 2025 - 33 \nfixant le montant de la dotation globale de financement et sa r\u00e9partition par \nfinanceur public du service mandataire judiciaire \u00e0 la protection des majeurs \n\u00ab VYV3 IDF MJPM LA SOURCE 91, SIRET480 266 014 00483 \u00bb  \npour l'ann\u00e9e 2025 \n \n \nLE PR\u00c9FET DE LA R\u00c9GION D'ILE-DE-FRANCE \nPR\u00c9FET DE PARIS \nGRAND OFFICIER DE LA L\u00c9GION D'HONNEUR \nOFFICIER DE L'ORDRE NATIONAL DU M\u00c9RITE \n \n \nVu le code de l'action sociale et des familles, notamment ses articles L.312 -1, L.314 -1, L.314-4, L.314 -5,   \nL.314-7, L.361-1 et les articles R.314-2 et suivants ; \n \nVu la loi organique n\u00b0 2001-692 du 1er ao\u00fbt 2001 modifi\u00e9e relative aux lois de finances ; \n \nVu la loi n\u00b0 2000-321 du 12 avril 2000 modifi\u00e9e relative aux droits des citoyens dans leurs relations avec les \nadministrations ; \n \nVu la loi n\u00b0 2025-127 du 14 f\u00e9vrier 2025 de finances pour 2025 ; \n \nVu le d\u00e9cret n\u00b0 2003-1010 du 22 octobre 2003 relatif \u00e0 la gestion budg\u00e9taire, comptable et financi\u00e8re et \naux modalit\u00e9s de financement et de tarification des \u00e9tablissements et services sociaux et m\u00e9dico -\nsociaux mentionn\u00e9s au I de l'article L. 312-1 du code de l'action sociale et des familles ; \n \n  Vu le d\u00e9cret n\u00b0 2008-1500 du 30 d\u00e9cembre 2008 relatif \u00e0 la r\u00e9glementation financi\u00e8re et budg\u00e9taire des \n\u00e9tablissements sociaux et m\u00e9dico-sociaux, notamment son article 3 ; \n \nVu le d\u00e9cret du 22 juillet 2020 portant nomination de Monsieur Marc GUILLAUME en qualit\u00e9 de pr\u00e9fet de \nla r\u00e9gion d'Ile-de-France, pr\u00e9fet de Paris ; \n \nVu le d\u00e9cret n\u00b0 2020 -1545 du 9 d\u00e9cembre 2020 relatif \u00e0 l'organisation et aux missions des directions \nr\u00e9gionales de l'\u00e9conomie, de l'emploi, du travail et des solidarit\u00e9s, des directions d\u00e9partementales de \nl'emploi, du travail et des solidarit\u00e9s et des dire ctions d\u00e9partementales de l'emploi, du travail, des \nsolidarit\u00e9s et de la protection des populations ; \n \n \nDirection r\u00e9gionale et interd\u00e9partementale de l'\u00e9conomie, de l'emploi, du travail et des solidarit\u00e9s d'\u00cele-de-France -\nIDF-2025-11-25-00014 - Arr\u00eat\u00e9 n \u00b0 2025 - 33 fixant le montant de la dotation globale de financement et sa r\u00e9partition par financeur\npublic du service mandataire judiciaire \u00e0 la protection des majeurs \u00ab VYV3 IDF MJPM LA SOURCE 91, SIRET480 266 014 00483 \u00bb pour\nl'ann\u00e9e 2025\n51\n2 \n \n \nVu l'arr\u00eat\u00e9 du 9 juillet 2009 fixant les indicateurs applicables aux services mandataires judiciaires \u00e0 la \nprotection des majeurs et aux services d\u00e9l\u00e9gu\u00e9s aux prestations familiales ;  \n \n  Vu l'arr\u00eat\u00e9 du 31 ao\u00fbt 2018 relatif \u00e0 la d\u00e9termination du co\u00fbt des mesures de protection exerc\u00e9es par les \nmandataires judiciaires \u00e0 la protection des majeurs ; \n \nVu l'arr\u00eat\u00e9 du 12 ao\u00fbt 2025 portant nomination de Monsieur Fabrice MASI, sur l'emploi de directeur \nr\u00e9gional et interd\u00e9partemental de l'\u00e9conomie, de l'emploi, du travail et des solidarit\u00e9s d'Ile-de-France ; \n \nVu l'arr\u00eat\u00e9 du 25 ao\u00fbt 2025 fixant les dotations r\u00e9gionales limitatives relatives aux frais de \nfonctionnement des services mandataires judiciaires \u00e0 la protection des majeurs relevant du I de \nl'article L. 361-1 du code de l'action sociale et des familles ; \nVu l'arr\u00eat\u00e9 pr\u00e9fectoral n\u00b0 75 -2021-03-30-00003 du 30 mars 2021 portant organisation de la direction \nr\u00e9gionale et interd\u00e9partementale de l'\u00e9conomie, de l'emploi, du travail et des solidarit\u00e9s d'Ile -de-\nFrance ;  \nVu l'arr\u00eat\u00e9 pr\u00e9fectoral n\u00b0 IDF-2025-08-27-00002 du 27 ao\u00fbt 2025  portant d\u00e9l\u00e9gation de signature \u00e0 \nMonsieur Fabrice MASI, directeur r\u00e9gional et interd\u00e9partemental de l'\u00e9conomie, de l'emploi, du travail \net des solidarit\u00e9s d'Ile-de-France (DRIEETS), en mati\u00e8re administrative ; \nVu l'arr\u00eat\u00e9 n\u00b0 IDF-2025-08-27-00003 du 27 ao\u00fbt 2025 portant d\u00e9l\u00e9gation de signature \u00e0 Monsieur Fabrice \nMASI, directeur r\u00e9gional et interd\u00e9partemental de l'\u00e9conomie, de l'emploi, du travail et des solidarit\u00e9s \nd'Ile-de-France (DRIEETS), en mati\u00e8re d'ordonnancement secondaire ; \nVu l'arr\u00eat\u00e9 n\u00b0 IDF -2025-167 du 29 ao\u00fbt 2025 portant subd\u00e9l\u00e9gation de signature en mati\u00e8re \nd'ordonnancement secondaire des recettes et des d\u00e9penses de l'Etat aux agents de la DRIEETS d'\u00cele -\nde-France ; \nVu la d\u00e9cision n\u00b0 2025-164 du 28 ao\u00fbt 2025 portant subd\u00e9l\u00e9gation de signature de Monsieur Fabrice MASI, \ndirecteur r\u00e9gional et interd\u00e9partemental de l'\u00e9conomie, de l'emploi, du travail et des solidarit\u00e9s d'Ile-\nde-France (DRIEETS), aux agents de l'unit\u00e9 r\u00e9gionale ; \n \nVu l'arr\u00eat\u00e9 n\u00b02010-DDCS-91-52 du 6 octobre 2010 portant autorisation d'exercer du  service mandataire \njudiciaire \u00e0 la protection des majeurs de l'association ADGVO ;  \n \nVu l'arr\u00eat\u00e9 n\u00b02023-DDETS-91-35 du 6 avril 2021  portant transfert de l'autorisation d'exercice du service \nde mandataire judiciaire \u00e0 la protection des majeurs de l'association LA SOURCE 91 \u00e0 l'union mutuelle \nVYV CARE ILE DE FRANCE ;  \n \nVu les propositions budg\u00e9taires pour l'exercice 202 5 d\u00e9pos\u00e9es au moyen de la plateforme e -FSM par la \npersonne ayant qualit\u00e9 pour repr\u00e9senter le service susvis\u00e9 le 31 octobre 2024 ; \n \nVu l'instruction N\u00b0 DGCS/2A/5A/2025/122 du 8 septembre 2025 relative aux orientations de l'exercice \n2025 pour la campagne budg\u00e9taire des services mandataires judiciaires \u00e0 la protection des majeurs et \ndes services d\u00e9l\u00e9gu\u00e9s aux prestations familiales ; \n \nDirection r\u00e9gionale et interd\u00e9partementale de l'\u00e9conomie, de l'emploi, du travail et des solidarit\u00e9s d'\u00cele-de-France -\nIDF-2025-11-25-00014 - Arr\u00eat\u00e9 n \u00b0 2025 - 33 fixant le montant de la dotation globale de financement et sa r\u00e9partition par financeur\npublic du service mandataire judiciaire \u00e0 la protection des majeurs \u00ab VYV3 IDF MJPM LA SOURCE 91, SIRET480 266 014 00483 \u00bb pour\nl'ann\u00e9e 2025\n52\n3 \n \nVu le rapport r\u00e9gional d'orientation budg\u00e9taire pour la campagne budg\u00e9taire 202 5 des services \nmandataires judiciaires \u00e0 la protection des majeurs et des services d\u00e9l\u00e9gu\u00e9s aux prestations famili ales \nde la r\u00e9gion Ile-de-France ; \n \nVu la d\u00e9cision d'autorisation budg\u00e9taire en date du 25 octobre 2025, envoy\u00e9 par courriel le 24 octobre \n2025 et d\u00e9pos\u00e9 sur la plateforme e -FSM le 27 octobre 2025, cl\u00f4turant les \u00e9changes effectu\u00e9s durant \nla proc\u00e9dure contradictoire ; \n \nSur proposition du directeur r\u00e9gional et interd\u00e9partemental de l'\u00e9conomie, de l'emploi, du travail et des  \nsolidarit\u00e9s. \n \n \n \n \nArr\u00eate : \nArticle 1er : \n \nPour l'exercice budg\u00e9taire 2025, les d\u00e9penses et les recettes pr\u00e9visionnelles du service mandataire judiciaire \n\u00e0 la protection des majeurs VYV3 IDF MJPM LA SOURCE 91 sis, 4 rue Henri Barbusse \u2014 91290 ARPAJON, sont \nautoris\u00e9es comme suit : \n \n  Groupes fonctionnels Montants \nD\u00e9penses \nGroupe I - D\u00e9penses aff\u00e9rentes \u00e0 l'exploitation \ncourante 9 578,00 \u20ac \nDont d\u00e9penses non reconductibles 0,00 \u20ac \nGroupe II - D\u00e9penses aff\u00e9rentes au personnel 182 580,00 \u20ac \nDont d\u00e9penses non reconductibles 0,00 \u20ac \nGroupe III \u2013 D\u00e9penses aff\u00e9rentes \u00e0 la structure 15 390,00 \u20ac \nDont d\u00e9penses non reconductibles 0,00 \u20ac \nTotal des d\u00e9penses (I+II+III) 207 548,00 \u20ac \nReprise du r\u00e9sultat N-2 (d\u00e9ficit) 0,00 \u20ac \n  Total 207 548,00 \u20ac \n    \nRecettes \nGroupe I - Produits de la tarification 207 548,00 \u20ac \nDont tarification 147 548,00 \u20ac \nDont participation des majeurs 60 000,00 \u20ac \nGroupe II \u2013 Autres produits relatifs \u00e0 \nl'exploitation 0,00 \u20ac \nGroupe III \u2013 Produits financiers et produits non \nencaissables 0,00 \u20ac \nTotal des recettes (I+II+III) 207 548,00 \u20ac \nReport \u00e0 nouveau N-2 (exc\u00e9dent) 0,00 \u20ac \nTotal des recettes (I+II+III) 207 548,00 \n \n \n \n \nDirection r\u00e9gionale et interd\u00e9partementale de l'\u00e9conomie, de l'emploi, du travail et des solidarit\u00e9s d'\u00cele-de-France -\nIDF-2025-11-25-00014 - Arr\u00eat\u00e9 n \u00b0 2025 - 33 fixant le montant de la dotation globale de financement et sa r\u00e9partition par financeur\npublic du service mandataire judiciaire \u00e0 la protection des majeurs \u00ab VYV3 IDF MJPM LA SOURCE 91, SIRET480 266 014 00483 \u00bb pour\nl'ann\u00e9e 2025\n53\n4 \n \nArticle 2 : \n \nPour l'exercice budg\u00e9taire 2025, la dotation globale de financement du service VYV3 IDF MJPM LA SOURCE 91 \nest fix\u00e9e \u00e0 147 548,00 \u20ac (cent quarante-sept mille cinq cent quarante-huit euros). \n \n \nArticle 3 : \n \nPour l'exercice budg\u00e9taire 202 5, en application de l'article R. 314 -193-1 du code de l'action sociale et des \nfamilles, \n \n1\u00b0 la dotation vers\u00e9e par l'Etat est fix\u00e9e \u00e0 99,70 %, soit un montant de 147 105,36 \u20ac ; \n \n2\u00b0 la dotation vers\u00e9e par le d\u00e9partement de l'Essonne est fix\u00e9e \u00e0 0 ,30 %, soit un montant de 442,64 \u20ac. \n \n \nArticle 4 : \n \nLa fraction forfaitaire \u00e9gale, en application de l'article R. 314-107 du code de l'action sociale et des familles, au \ndouzi\u00e8me du montant de la dotation globale de financement, est \u00e9gale \u00e0 :  \n \n1\u00b0 12 258,78 \u20ac pour la dotation mentionn\u00e9e au 1\u00b0 de l'article 3 du pr\u00e9sent arr\u00eat\u00e9 ;  \n \n2\u00b0 36,88 \u20ac pour la dotation mentionn\u00e9e au 2\u00b0 de l'article 3 du pr\u00e9sent arr\u00eat\u00e9 . \n \n \nArticle 5 : \n \nL'ordonnateur de la d\u00e9pense est le pr\u00e9fet de la r\u00e9gion Ile-de-France, pr\u00e9fet de Paris, repr\u00e9sent\u00e9 par le directeur \nr\u00e9gional et interd\u00e9partemental de l'\u00e9conomie, de l'emploi du travail et des solidarit\u00e9s d'Ile-de-France. \n \n \nArticle 6 : \n \nLe comptable assignataire est le directeur r\u00e9gional des finances publiques d'Ile -de-France et du d\u00e9partement \nde Paris. \n \n \nArticle 7 : \n \nUn exemplaire du pr\u00e9sent arr\u00eat\u00e9 sera notifi\u00e9 : \n- au pr\u00e9sident de l'association gestionnaire du service ; \n- au pr\u00e9sident du conseil d\u00e9partemental de l'Essonne ; \n- au directeur d\u00e9partemental de l'emploi, du travail et des solidarit\u00e9s du d\u00e9partement de l'Essonne. \n \n \nArticle 8 : \n \nLe pr\u00e9sent arr\u00eat\u00e9 peut faire l'objet d'un recours administratif, soit gracieux aupr\u00e8s d u pr\u00e9fet de la r\u00e9gion d'\u00cele-\nde-France, pr\u00e9fet de Paris, soit hi\u00e9rarchique aupr\u00e8s du ministre des affaires sociales et de la sant\u00e9, dans les deux \nmois suivant la notification du pr\u00e9sent arr\u00eat\u00e9. L'absence de r\u00e9ponse de l'administration au terme d'un d\u00e9lai de \ndeux mois vaut rejet implicite du recours administratif. \n \nDirection r\u00e9gionale et interd\u00e9partementale de l'\u00e9conomie, de l'emploi, du travail et des solidarit\u00e9s d'\u00cele-de-France -\nIDF-2025-11-25-00014 - Arr\u00eat\u00e9 n \u00b0 2025 - 33 fixant le montant de la dotation globale de financement et sa r\u00e9partition par financeur\npublic du service mandataire judiciaire \u00e0 la protection des majeurs \u00ab VYV3 IDF MJPM LA SOURCE 91, SIRET480 266 014 00483 \u00bb pour\nl'ann\u00e9e 2025\n54\n5 \n \nUn recours contentieux peut \u00eatre d\u00e9pos\u00e9 aupr\u00e8s du tribunal administratif de Versailles, sis 56, avenue de Saint-\nCloud, 78000 Versailles, dans un d\u00e9lai de deux mois \u00e0 partir de la notification du pr\u00e9sent arr\u00eat\u00e9, ou dans un \nd\u00e9lai de deux mois \u00e0 partir du rejet du recours administratif. Le recours contentieux peut \u00eatre d\u00e9pos\u00e9 en ligne \nvia l'application \u00ab T\u00e9l\u00e9recours citoyens \u00bb accessible par le site internet www.telerecours.fr, par voie postale ou \ndirectement au bureau du greffe de la juridiction. \n \n \nArticle 9 : \n \nEn application des dispositions du III de l'article R.314-36 du code de l'action sociale et des familles, le pr\u00e9sent \narr\u00eat\u00e9 sera publi\u00e9 au recueil des actes administratifs de la pr\u00e9fecture de la r\u00e9gion d'Ile-de-France. \n \n \nArticle 10 : \n \nLe pr\u00e9fet, secr\u00e9taire g\u00e9n\u00e9ral pour les affaires r\u00e9gionales de la pr\u00e9fecture de la r\u00e9gion d'Ile-de-France le directeur \nr\u00e9gional et interd\u00e9partemental de l'\u00e9conomie, de l'emploi, du travail  et des solidarit\u00e9s d'\u00cele-de-France sont \ncharg\u00e9s de l'ex\u00e9cution du pr\u00e9sent arr\u00eat\u00e9. \n \n \nFait \u00e0 Saint-Denis, le 25 novembre 2025 \n \nPour le pr\u00e9fet de la r\u00e9gion d'Ile-de-France,  \npr\u00e9fet de Paris et par d\u00e9l\u00e9gation, \nle directeur r\u00e9gional \n \nsign\u00e9 \n \nJean MENJON \nL'adjoint au Chef de d\u00e9partement \nsolidarit\u00e9s et emploi  \n \n \n \n \n \nMadame la Pr\u00e9sidente  \nMarie-Pierre LE BRETON \nVYV3 ILE DE France MJPM LA SOURCE 91 \n4 rue Henri Barbusse \u2014 91290 ARPAJON \nahlem.zraga@idf.vyv3.fr \n \nCopie  : \n- \u00e0 la DDETS de l'Essonne  \nDirection r\u00e9gionale et interd\u00e9partementale de l'\u00e9conomie, de l'emploi, du travail et des solidarit\u00e9s d'\u00cele-de-France -\nIDF-2025-11-25-00014 - Arr\u00eat\u00e9 n \u00b0 2025 - 33 fixant le montant de la dotation globale de financement et sa r\u00e9partition par financeur\npublic du service mandataire judiciaire \u00e0 la protection des majeurs \u00ab VYV3 IDF MJPM LA SOURCE 91, SIRET480 266 014 00483 \u00bb pour\nl'ann\u00e9e 2025\n55\nDirection r\u00e9gionale et interd\u00e9partementale de\nl'\u00e9conomie, de l'emploi, du travail et des\nsolidarit\u00e9s d'\u00cele-de-France\nIDF-2025-11-28-00004\nArr\u00eat\u00e9 n \u00b0 2025 - 37 fixant le montant de la\ndotation globale de financement et sa\nr\u00e9partition par financeur public du service\nmandataire judiciaire \u00e0 la protection des majeurs\n\u00ab ATBB, SIRET 422 271 635 000 35 \u00bb pour l'ann\u00e9e\n2025\nDirection r\u00e9gionale et interd\u00e9partementale de l'\u00e9conomie, de l'emploi, du travail et des solidarit\u00e9s d'\u00cele-de-France -\nIDF-2025-11-28-00004 - Arr\u00eat\u00e9 n \u00b0 2025 - 37 fixant le montant de la dotation globale de financement et sa r\u00e9partition par financeur\npublic du service mandataire judiciaire \u00e0 la protection des majeurs \u00ab ATBB, SIRET 422 271 635 000 35 \u00bb pour l'ann\u00e9e 2025\n56\nPREFET |DE LA REGIOND'\u00ceLE-DE-FRANCELibert\u00e9Egalit\u00e9Fraternit\u00e9\n \n \n Direction r\u00e9gionale et interd\u00e9partementale \nde l'\u00e9conomie, de l'emploi, \ndu travail et des solidarit\u00e9s \n \n \n \n \n \n \n \n \nDRIEETS d'Ile-de-France \n32, rue Jean Jaur\u00e8s 93200 Saint-Denis \nhttp://idf.drieets.gouv.fr  \n \n \n \n  \nARR\u00caT\u00c9 n \u00b0 2025 - 37 \nfixant le montant de la dotation globale de financement et sa r\u00e9partition par \nfinanceur public du service mandataire judiciaire \u00e0 la protection des majeurs \n\u00ab ATBB, SIRET 422 271 635 000 35 \u00bb  \npour l'ann\u00e9e 2025 \n \n \nLE PR\u00c9FET DE LA R\u00c9GION D'ILE-DE-FRANCE \nPR\u00c9FET DE PARIS \nGRAND OFFICIER DE LA L\u00c9GION D'HONNEUR \nOFFICIER DE L'ORDRE NATIONAL DU M\u00c9RITE \n \n \nVu le code de l'action sociale et des familles, notamment ses articles L.312 -1, L.314 -1, L.314-4, L.314 -5,   \nL.314-7, L.361-1 et les articles R.314-2 et suivants ; \n \nVu la loi organique n\u00b0 2001-692 du 1er ao\u00fbt 2001 modifi\u00e9e relative aux lois de finances ; \n \nVu la loi n\u00b0 2000-321 du 12 avril 2000 modifi\u00e9e relative aux droits des citoyens dans leurs relations avec les \nadministrations ; \n \nVu la loi n\u00b0 2025-127 du 14 f\u00e9vrier 2025 de finances pour 2025 ; \n \nVu le d\u00e9cret n\u00b0 2003-1010 du 22 octobre 2003 relatif \u00e0 la gestion budg\u00e9taire, comptable et financi\u00e8re et \naux modalit\u00e9s de financement et de tarification des \u00e9tablissements et services sociaux et m\u00e9dico -\nsociaux mentionn\u00e9s au I de l'article L. 312-1 du code de l'action sociale et des familles ; \n \n  Vu le d\u00e9cret n\u00b0 2008-1500 du 30 d\u00e9cembre 2008 relatif \u00e0 la r\u00e9glementation financi\u00e8re et budg\u00e9taire des \n\u00e9tablissements sociaux et m\u00e9dico-sociaux, notamment son article 3 ; \n \nVu le d\u00e9cret du 22 juillet 2020 portant nomination de Monsieur Marc GUILLAUME en qualit\u00e9 de pr\u00e9fet de \nla r\u00e9gion d'Ile-de-France, pr\u00e9fet de Paris ; \n \nVu le d\u00e9cret n\u00b0 2020 -1545 du 9 d\u00e9cembre 2020 relatif \u00e0 l'organisation et aux missions des directions \nr\u00e9gionales de l'\u00e9conomie, de l'emploi, du travail et des solidarit\u00e9s, des directions d\u00e9partementales de \nl'emploi, du travail et des solidarit\u00e9s et des dire ctions d\u00e9partementales de l'emploi, du travail, des \nsolidarit\u00e9s et de la protection des populations ; \n \n \nDirection r\u00e9gionale et interd\u00e9partementale de l'\u00e9conomie, de l'emploi, du travail et des solidarit\u00e9s d'\u00cele-de-France -\nIDF-2025-11-28-00004 - Arr\u00eat\u00e9 n \u00b0 2025 - 37 fixant le montant de la dotation globale de financement et sa r\u00e9partition par financeur\npublic du service mandataire judiciaire \u00e0 la protection des majeurs \u00ab ATBB, SIRET 422 271 635 000 35 \u00bb pour l'ann\u00e9e 2025\n57\n \n2 \n \n \nVu l'arr\u00eat\u00e9 du 9 juillet 2009 fixant les indicateurs applicables aux services mandataires judiciaires \u00e0 la \nprotection des majeurs et aux services d\u00e9l\u00e9gu\u00e9s aux prestations familiales ;  \n \n  Vu l'arr\u00eat\u00e9 du 31 ao\u00fbt 2018 relatif \u00e0 la d\u00e9termination du co\u00fbt des mesures de protection exerc\u00e9es par les \nmandataires judiciaires \u00e0 la protection des majeurs ; \n \nVu l'arr\u00eat\u00e9 du 12 ao\u00fbt 2025 portant nomination de Monsieur Fabrice MASI, sur l'emploi de directeur \nr\u00e9gional et interd\u00e9partemental de l'\u00e9conomie, de l'emploi, du travail et des solidarit\u00e9s d'Ile-de-France ; \n \nVu l'arr\u00eat\u00e9 du 25 ao\u00fbt 2025 fixant les dotations r\u00e9gionales limitatives relatives aux frais de \nfonctionnement des services mandataires judiciaires \u00e0 la protection des majeurs relevant du I de \nl'article L. 361-1 du code de l'action sociale et des familles ; \nVu l'arr\u00eat\u00e9 pr\u00e9fectoral n\u00b0 75 -2021-03-30-00003 du 30 mars 2021 portant organisation de la direction \nr\u00e9gionale et interd\u00e9partementale de l'\u00e9conomie, de l'emploi, du travail et des solidarit\u00e9s d'Ile -de-\nFrance ;  \nVu l'arr\u00eat\u00e9 pr\u00e9fectoral n\u00b0 IDF-2025-08-27-00002 du 27 ao\u00fbt 2025  portant d\u00e9l\u00e9gation de signature \u00e0 \nMonsieur Fabrice MASI, directeur r\u00e9gional et interd\u00e9partemental de l'\u00e9conomie, de l'emploi, du travail \net des solidarit\u00e9s d'Ile-de-France (DRIEETS), en mati\u00e8re administrative ; \nVu l'arr\u00eat\u00e9 n\u00b0 IDF-2025-08-27-00003 du 27 ao\u00fbt 2025 portant d\u00e9l\u00e9gation de signature \u00e0 Monsieur Fabrice \nMASI, directeur r\u00e9gional et interd\u00e9partemental de l'\u00e9conomie, de l'emploi, du travail et des solidarit\u00e9s \nd'Ile-de-France (DRIEETS), en mati\u00e8re d'ordonnancement secondaire ; \nVu l'arr\u00eat\u00e9 n\u00b0 IDF -2025-167 du 29 ao\u00fbt 2025 portant subd\u00e9l\u00e9gation de signature en mati\u00e8re \nd'ordonnancement secondaire des recettes et des d\u00e9penses de l'Etat aux agents de la DRIEETS d'\u00cele -\nde-France ; \nVu la d\u00e9cision n\u00b0 2025-164 du 28 ao\u00fbt 2025 portant subd\u00e9l\u00e9gation de signature de Monsieur Fabrice MASI, \ndirecteur r\u00e9gional et interd\u00e9partemental de l'\u00e9conomie, de l'emploi, du travail et des solidarit\u00e9s d'Ile-\nde-France (DRIEETS), aux agents de l'unit\u00e9 r\u00e9gionale ; \n \nVu l'arr\u00eat\u00e9 DDCS n\u00b02010-020 du 4 octobre 2010 portant autorisation d'exercer du  service mandataire \njudiciaire \u00e0 la protection des majeurs de l'association ATBB ;  \n \nVu les propositions budg\u00e9taires pour l'exercice 202 5 d\u00e9pos\u00e9es au moyen de la plateforme e -FSM par la \npersonne ayant qualit\u00e9 pour repr\u00e9senter le service susvis\u00e9 le 17 octobre 2025 ; \n \nVu l'instruction N\u00b0 DGCS/2A/5A/2025/122 du 8 septembre 2025 relative aux orientations de l'exercice \n2025 pour la campagne budg\u00e9taire des services mandataires judiciaires \u00e0 la protection des majeurs et \ndes services d\u00e9l\u00e9gu\u00e9s aux prestations familiales ; \n \nVu le rapport r\u00e9gional d'orientation budg\u00e9taire pour la campagne budg\u00e9taire 202 5 des services \nmandataires judiciaires \u00e0 la protection des majeurs et des services d\u00e9l\u00e9gu\u00e9s aux prestations famili ales \nde la r\u00e9gion Ile-de-France ; \n \nVu la d\u00e9cision d'autorisation budg\u00e9taire en date du 28 octobre 2025, d\u00e9pos\u00e9 sur la plateforme e -FSM le \n28 octobre 2025, cl\u00f4turant les \u00e9changes effectu\u00e9s durant la proc\u00e9dure contradictoire ; \nDirection r\u00e9gionale et interd\u00e9partementale de l'\u00e9conomie, de l'emploi, du travail et des solidarit\u00e9s d'\u00cele-de-France -\nIDF-2025-11-28-00004 - Arr\u00eat\u00e9 n \u00b0 2025 - 37 fixant le montant de la dotation globale de financement et sa r\u00e9partition par financeur\npublic du service mandataire judiciaire \u00e0 la protection des majeurs \u00ab ATBB, SIRET 422 271 635 000 35 \u00bb pour l'ann\u00e9e 2025\n58\n \n3 \n \n \nSur proposition du directeur r\u00e9gional et interd\u00e9partemental de l'\u00e9conomie, de l'emploi, du travail et des  \nsolidarit\u00e9s. \n \n \n \nArr\u00eate : \nArticle 1er : \n \nPour l'exercice budg\u00e9taire 2025, les d\u00e9penses et les recettes pr\u00e9visionnelles du service mandataire judiciaire \u00e0 \nla protection des majeurs l'ATBB sis, 35 rue Paul Bert 92100 BOULOGNE BILLANCOURT sont autoris\u00e9es comme \nsuit : \n \n \n \n \nArticle 2 : \n \nPour l'exercice budg\u00e9taire 2025, la dotation globale de financement du service ATBB est fix\u00e9e \u00e0 soixante-neuf \nmille six cent vingt-cinq euros (69 625,00 \u20ac).  \n \n \n  \nGroupes fonctionnels Montants\nGroupe I - D\u00e9penses aff\u00e9rentes \u00e0 \nl'exploitation courante 14 659,00 \u20ac\nDont d\u00e9penses non reconductibles\nGroupe II - D\u00e9penses aff\u00e9rentes au \npersonnel 140 033,00 \u20ac\nDont d\u00e9penses non reconductibles\nGroupe III \u2013 D\u00e9penses aff\u00e9rentes \u00e0 la \nstructure 8 883,00 \u20ac\nDont d\u00e9penses non reconductibles\nTotal des d\u00e9penses (I+II+III) 163 575,00 \u20ac\nReprise du r\u00e9sultat N-2 (d\u00e9ficit)\nTotal 163 575,00 \u20ac\nGroupe I - Produits de la tarification 151 225,00 \u20ac\nDont tarification 69 625,00 \u20ac\nDont participation des majeurs 81 600,00 \u20ac\nGroupe II \u2013 Autres produits relatifs \u00e0 \nl'exploitation 10 300,00 \u20ac\nGroupe III \u2013 Produits financiers et produits\nnon encaissables 2 050,00 \u20ac\nTotal des recettes (I+II+III) 163 575,00 \u20ac\nReport \u00e0 nouveau N-2 (exc\u00e9dent)\nTotal des recettes (I+II+III) 163 575,00 \u20ac\nRecettes\nD\u00e9penses\nDirection r\u00e9gionale et interd\u00e9partementale de l'\u00e9conomie, de l'emploi, du travail et des solidarit\u00e9s d'\u00cele-de-France -\nIDF-2025-11-28-00004 - Arr\u00eat\u00e9 n \u00b0 2025 - 37 fixant le montant de la dotation globale de financement et sa r\u00e9partition par financeur\npublic du service mandataire judiciaire \u00e0 la protection des majeurs \u00ab ATBB, SIRET 422 271 635 000 35 \u00bb pour l'ann\u00e9e 2025\n59\n \n4 \n \nArticle 3 : \n \nPour l'exercice budg\u00e9taire 202 5, en application de l'article R. 314 -193-1 du code de l'action sociale et des \nfamilles, \n \n1\u00b0 la dotation vers\u00e9e par l'Etat est fix\u00e9e \u00e0 99,70 %, soit un montant de 69 416,12 \u20ac ; \n \n2\u00b0 la dotation vers\u00e9e par le d\u00e9partement des Hauts-de-Seine est fix\u00e9e \u00e0 0,30 %, soit un montant de 208,88 \u20ac. \n \n \nArticle 4 : \n \nLa fraction forfaitaire \u00e9gale, en application de l'article R. 314-107 du code de l'action sociale et des familles, au \ndouzi\u00e8me du montant de la dotation globale de financement, est \u00e9gale \u00e0 :  \n \n1\u00b0 5 784,67\u20ac pour la dotation mentionn\u00e9e au 1\u00b0 de l'article 3 du pr\u00e9sent arr\u00eat\u00e9 ;  \n \n2\u00b0 17,41 \u20ac pour la dotation mentionn\u00e9e au 2\u00b0 de l'article 3 du pr\u00e9sent arr\u00eat\u00e9. \n \n \nArticle 5 : \n \nL'ordonnateur de la d\u00e9pense est le pr\u00e9fet de la r\u00e9gion Ile-de-France, pr\u00e9fet de Paris, repr\u00e9sent\u00e9 par le directeur \nr\u00e9gional et interd\u00e9partemental de l'\u00e9conomie, de l'emploi du travail et des solidarit\u00e9s d'Ile -de-France. \n \n \nArticle 6 : \n \nLe comptable assignataire est le directeur r\u00e9gional des finances publiques d'Ile -de-France et du d\u00e9partement \nde Paris. \n \n \nArticle 7 : \n \nUn exemplaire du pr\u00e9sent arr\u00eat\u00e9 sera notifi\u00e9 : \n- au pr\u00e9sident de l'association gestionnaire du service ; \n- au pr\u00e9sident du conseil d\u00e9partemental des Hauts-de-Seine ; \n- \u00e0 la directrice de l'unit\u00e9 d\u00e9partementale de la DRIEETS. \n \n \nArticle 8 : \n \nLe pr\u00e9sent arr\u00eat\u00e9 peut faire l'objet d'un recours administratif, soit gracieux aupr\u00e8s d u pr\u00e9fet de la r\u00e9gion d'\u00cele-\nde-France, pr\u00e9fet de Paris, soit hi\u00e9rarchique aupr\u00e8s du ministre des affaires sociales et de la sant\u00e9, dans les deux \nmois suivant la notification du pr\u00e9sent arr\u00eat\u00e9. L'absence de r\u00e9ponse de l'administration au terme d'un d\u00e9lai de \ndeux mois vaut rejet implicite du recours administratif. \n \nUn recours contentieux peut \u00eatre d\u00e9pos\u00e9 aupr\u00e8s du tribunal administratif de Versailles, sis 56, avenue de Saint-\nCloud, 78000 Versailles, dans un d\u00e9lai de deux mois \u00e0 partir de la notification du pr\u00e9sent arr\u00eat\u00e9, ou dans un \nd\u00e9lai de deux mois \u00e0 partir du rejet du recours administratif. Le recours contentieux peut \u00eatre d\u00e9pos\u00e9 en ligne \nvia l'application \u00ab T\u00e9l\u00e9recours citoyens \u00bb accessible par le site internet www.telerecours.fr, par voie postale ou \ndirectement au bureau du greffe de la juridiction. \n \nDirection r\u00e9gionale et interd\u00e9partementale de l'\u00e9conomie, de l'emploi, du travail et des solidarit\u00e9s d'\u00cele-de-France -\nIDF-2025-11-28-00004 - Arr\u00eat\u00e9 n \u00b0 2025 - 37 fixant le montant de la dotation globale de financement et sa r\u00e9partition par financeur\npublic du service mandataire judiciaire \u00e0 la protection des majeurs \u00ab ATBB, SIRET 422 271 635 000 35 \u00bb pour l'ann\u00e9e 2025\n60\n \n5 \n \nArticle 9 : \n \nEn application des dispositions du III de l'article R.314-36 du code de l'action sociale et des familles, le pr\u00e9sent \narr\u00eat\u00e9 sera publi\u00e9 au recueil des actes administratifs de la pr\u00e9fecture de la r\u00e9gion d'Ile -de-France. \n \n \nArticle 10 : \n \nLe pr\u00e9fet, secr\u00e9taire g\u00e9n\u00e9ral pour les affaires r\u00e9gionales de la pr\u00e9fecture de la r\u00e9gion d'Ile-de-France le directeur \nr\u00e9gional et interd\u00e9partemental de l'\u00e9conomie, de l'emploi, du travail  et des solidarit\u00e9s d'\u00cele -de-France sont \ncharg\u00e9s de l'ex\u00e9cution du pr\u00e9sent arr\u00eat\u00e9. \n \n \nFait \u00e0 Saint-Denis, le 28 novembre 2025 \n \nPour le pr\u00e9fet de la r\u00e9gion d'Ile-de-France,  \npr\u00e9fet de Paris et par d\u00e9l\u00e9gation, \nle directeur r\u00e9gional \n \nsign\u00e9 \n \nJean MENJON \nL'adjoint au Chef de d\u00e9partement \nsolidarit\u00e9s et emploi  \n \n \n \n \n \n \n \n \n \n \n \n \n \nMonsieur le pr\u00e9sident de l'association gestionnaire  \nAssociation Tut\u00e9laire de Boulogne Billancourt \n35 rue Paul Bert \n92100 BOULOGNE BILLANCOURT  \nMail : patrick.lacourte@atbb.fr \n \nCopie  : \n\u00e0 l'UD 92 DRIEETS  \n \nDirection r\u00e9gionale et interd\u00e9partementale de l'\u00e9conomie, de l'emploi, du travail et des solidarit\u00e9s d'\u00cele-de-France -\nIDF-2025-11-28-00004 - Arr\u00eat\u00e9 n \u00b0 2025 - 37 fixant le montant de la dotation globale de financement et sa r\u00e9partition par financeur\npublic du service mandataire judiciaire \u00e0 la protection des majeurs \u00ab ATBB, SIRET 422 271 635 000 35 \u00bb pour l'ann\u00e9e 2025\n61\nDirection r\u00e9gionale et interd\u00e9partementale de\nl'\u00e9conomie, de l'emploi, du travail et des\nsolidarit\u00e9s d'\u00cele-de-France\nIDF-2025-11-28-00002\nArr\u00eat\u00e9 n \u00b0 2025 - 40 fixant le montant de la\ndotation globale de financement et sa\nr\u00e9partition par financeur public du service\nmandataire judiciaire \u00e0 la protection des majeurs\n\u00ab AT 3\u00e8me AGE, SIRET 398 129 296 000 24 \u00bb pour\nl'ann\u00e9e 2025\nDirection r\u00e9gionale et interd\u00e9partementale de l'\u00e9conomie, de l'emploi, du travail et des solidarit\u00e9s d'\u00cele-de-France -\nIDF-2025-11-28-00002 - Arr\u00eat\u00e9 n \u00b0 2025 - 40 fixant le montant de la dotation globale de financement et sa r\u00e9partition par financeur\npublic du service mandataire judiciaire \u00e0 la protection des majeurs \u00ab AT 3\u00e8me AGE, SIRET 398 129 296 000 24 \u00bb pour l'ann\u00e9e 2025\n62\nPREFET _DE LA REGIOND'\u00ceLE-DE-FRANCELibert\u00e9Egalit\u00e9Fraternit\u00e9\n \n \n Direction r\u00e9gionale et interd\u00e9partementale \nde l'\u00e9conomie, de l'emploi, \ndu travail et des solidarit\u00e9s \n \n \n \n \n \n \n \n \nDRIEETS d'Ile-de-France \n32, rue Jean Jaur\u00e8s 93200 Saint-Denis \nhttp://idf.drieets.gouv.fr \n \n \n  \nARR\u00caT\u00c9 n \u00b0 2025 - 40 \nfixant le montant de la dotation globale de financement et sa r\u00e9partition par \nfinanceur public du service mandataire judiciaire \u00e0 la protection des majeurs \n\u00ab AT 3\u00e8me AGE, SIRET 398 129 296 000 24 \u00bb  \npour l'ann\u00e9e 2025 \n \n \nLE PR\u00c9FET DE LA R\u00c9GION D'ILE-DE-FRANCE \nPR\u00c9FET DE PARIS \nGRAND OFFICIER DE LA L\u00c9GION D'HONNEUR \nOFFICIER DE L'ORDRE NATIONAL DU M\u00c9RITE \n \n \nVu le code de l'action sociale et des familles, notamment ses articles L.312 -1, L.314 -1, L.314 -4, L.314 -5,   \nL.314-7, L.361-1 et les articles R.314-2 et suivants ; \n \nVu la loi organique n\u00b0 2001-692 du 1er ao\u00fbt 2001 modifi\u00e9e relative aux lois de finances ;  \n \nVu la loi n\u00b0 2000-321 du 12 avril 2000 modifi\u00e9e relative aux droits des citoyens dans leurs relations avec les \nadministrations ; \n \nVu la loi n\u00b0 2025-127 du 14 f\u00e9vrier 2025 de finances pour 2025  ; \n \nVu le d\u00e9cret n\u00b0 2003-1010 du 22 octobre 2003 relatif \u00e0 la gestion budg\u00e9taire, comptable et financi\u00e8re et \naux modalit\u00e9s de financement et de tarification des \u00e9tablissements et services sociaux et m\u00e9dico -\nsociaux mentionn\u00e9s au I de l'article L. 312-1 du code de l'action sociale et des familles ;  \n \n  Vu le d\u00e9cret n\u00b0 2008-1500 du 30 d\u00e9cembre 2008 relatif \u00e0 la r\u00e9glementation financi\u00e8re et budg\u00e9taire des \n\u00e9tablissements sociaux et m\u00e9dico-sociaux, notamment son article 3 ; \n \nVu le d\u00e9cret du 22 juillet 2020 portant nomination de Monsieur Marc GUILLAUME en qualit\u00e9 de pr\u00e9fet de \nla r\u00e9gion d'Ile-de-France, pr\u00e9fet de Paris ; \n \nVu le d\u00e9cret n\u00b0 2020 -1545 du 9 d\u00e9cembre 2020 relatif \u00e0 l'organisation et aux missions des directions \nr\u00e9gionales de l'\u00e9conomie, de l'emploi, du travail et des solidarit\u00e9s, des directions d\u00e9partementales de \nl'emploi, du travail et des solidarit\u00e9s et des dire ctions d\u00e9partementales de l'emploi, du travail, des \nsolidarit\u00e9s et de la protection des populations  ; \n \n \nDirection r\u00e9gionale et interd\u00e9partementale de l'\u00e9conomie, de l'emploi, du travail et des solidarit\u00e9s d'\u00cele-de-France -\nIDF-2025-11-28-00002 - Arr\u00eat\u00e9 n \u00b0 2025 - 40 fixant le montant de la dotation globale de financement et sa r\u00e9partition par financeur\npublic du service mandataire judiciaire \u00e0 la protection des majeurs \u00ab AT 3\u00e8me AGE, SIRET 398 129 296 000 24 \u00bb pour l'ann\u00e9e 2025\n63\n \n2 \n \n \nVu l'arr\u00eat\u00e9 du 9 juillet 2009 fixant les indicateurs applicables aux services mandataires judiciaires \u00e0 la \nprotection des majeurs et aux services d\u00e9l\u00e9gu\u00e9s aux prestations familiales ;  \n \n  Vu l'arr\u00eat\u00e9 du 31 ao\u00fbt 2018 relatif \u00e0 la d\u00e9termination du co\u00fbt des mesures de protection exerc\u00e9es par les \nmandataires judiciaires \u00e0 la protection des majeurs  ; \n \nVu l'arr\u00eat\u00e9 du 12 ao\u00fbt 2025 portant nomination de Monsieur Fabrice MASI, sur l'emploi de directeur \nr\u00e9gional et interd\u00e9partemental de l'\u00e9conomie, de l'emploi, du travail et des solidarit\u00e9s d'Ile-de-France ; \n \nVu l'arr\u00eat\u00e9 du 25 ao\u00fbt 2025 fixant les dotations r\u00e9gionales limitatives relatives aux frais de \nfonctionnement des services mandataires judiciaires \u00e0 la protection des majeurs relevant du I de \nl'article L. 361-1 du code de l'action sociale et des familles  ; \nVu l'arr\u00eat\u00e9 pr\u00e9fectoral n\u00b0 75 -2021-03-30-00003 du 30 mars 2021 portant organisation de la direction \nr\u00e9gionale et interd\u00e9partementale de l'\u00e9conomie, de l'emploi, du travail et des solidarit\u00e9s d'Ile -de-\nFrance ;  \nVu l'arr\u00eat\u00e9 pr\u00e9fectoral n\u00b0 IDF-2025-08-27-00002 du 27 ao\u00fbt 2025  portant d\u00e9l\u00e9gation de signature \u00e0 \nMonsieur Fabrice MASI, directeur r\u00e9gional et interd\u00e9partemental de l'\u00e9conomie, de l'emploi, du travail \net des solidarit\u00e9s d'Ile-de-France (DRIEETS), en mati\u00e8re administrative ; \nVu l'arr\u00eat\u00e9 n\u00b0 IDF-2025-08-27-00003 du 27 ao\u00fbt 2025 portant d\u00e9l\u00e9gation de signature \u00e0 Monsieur Fabrice \nMASI, directeur r\u00e9gional et interd\u00e9partemental de l'\u00e9conomie, de l'emploi, du travail et des solidarit\u00e9s \nd'Ile-de-France (DRIEETS), en mati\u00e8re d'ordonnancement secondaire ; \nVu l'arr\u00eat\u00e9 n\u00b0 IDF -2025-167 du 29 ao\u00fbt 2025 portant subd\u00e9l\u00e9gation de signature en mati\u00e8re \nd'ordonnancement secondaire des recettes et des d\u00e9penses de l'Etat aux agents de la DRIEETS d'\u00cele -\nde-France ; \nVu la d\u00e9cision n\u00b0 2025-164 du 28 ao\u00fbt 2025 portant subd\u00e9l\u00e9gation de signature de Monsieur Fabrice MASI, \ndirecteur r\u00e9gional et interd\u00e9partemental de l'\u00e9conomie, de l'emploi, du travail et des solidarit\u00e9s d'Ile -\nde-France (DRIEETS), aux agents de l'unit\u00e9 r\u00e9gionale ; \n \nVu l'arr\u00eat\u00e9 DDCS n\u00b0 2010-024 du 4 octobre 2010 portant autorisation d'exercer du  service mandataire \njudiciaire \u00e0 la protection des majeurs de l'association  AT 3\u00e8me AGE ;  \n \nVu l'arr\u00eat\u00e9 n\u00b02024-604 du 19 d\u00e9cembre 2024 portant fixation de la capacit\u00e9 autoris\u00e9e, modifiant l'arr\u00eat\u00e9 \nDDCS n\u00b02010-024 du 4 octobre 2010 ; \n \nVu les propositions budg\u00e9taires pour l'exercice 202 5 d\u00e9pos\u00e9es au moyen de la plateforme e -FSM par la \npersonne ayant qualit\u00e9 pour repr\u00e9senter le service susvis\u00e9 le 30 octobre 2024 ; \n \nVu l'instruction N\u00b0 DGCS/2A/5A/2025/122 du 8 septembre 2025 relative aux orientations de l'exercice \n2025 pour la campagne budg\u00e9taire des services mandataires judiciaires \u00e0 la protection des majeurs et \ndes services d\u00e9l\u00e9gu\u00e9s aux prestations familiales  ; \n \nVu le rapport r\u00e9gional d'orientation budg\u00e9taire pour la campagne budg\u00e9taire 202 5 des services \nmandataires judiciaires \u00e0 la protection des majeurs et des services d\u00e9l\u00e9gu\u00e9s aux prestations famili ales \nde la r\u00e9gion Ile-de-France ; \nDirection r\u00e9gionale et interd\u00e9partementale de l'\u00e9conomie, de l'emploi, du travail et des solidarit\u00e9s d'\u00cele-de-France -\nIDF-2025-11-28-00002 - Arr\u00eat\u00e9 n \u00b0 2025 - 40 fixant le montant de la dotation globale de financement et sa r\u00e9partition par financeur\npublic du service mandataire judiciaire \u00e0 la protection des majeurs \u00ab AT 3\u00e8me AGE, SIRET 398 129 296 000 24 \u00bb pour l'ann\u00e9e 2025\n64\n \n3 \n \nVu la d\u00e9cision d'autorisation budg\u00e9taire en date du 24 octobre 2025, d\u00e9pos\u00e9 sur la plateforme e -FSM le \n27 octobre 2025, cl\u00f4turant les \u00e9changes effectu\u00e9s durant la proc\u00e9dure contradictoire ;  \n \nSur proposition du directeur r\u00e9gional et interd\u00e9partemental de l'\u00e9conomie, de l'emploi, du travail et des  \nsolidarit\u00e9s. \n \n \nArr\u00eate : \nArticle 1er : \n \nPour l'exercice budg\u00e9taire 2025, les d\u00e9penses et les recettes pr\u00e9visionnelles du service mandataire judiciaire \u00e0 \nla protection des majeurs de l'AT 3\u00e8me AGE sis, 94 avenue Achille Peretti 92200 NEUILLY SUR SEINE sont \nautoris\u00e9es comme suit : \n \n \n \n \n \n  \nGroupes fonctionnels Montants\nGroupe I - D\u00e9penses aff\u00e9rentes \u00e0 \nl'exploitation courante 9 500,00 \u20ac\nDont d\u00e9penses non reconductibles\nGroupe II - D\u00e9penses aff\u00e9rentes au \npersonnel 223 724,92 \u20ac\nDont d\u00e9penses non reconductibles 14 220,00 \u20ac\nGroupe III \u2013 D\u00e9penses aff\u00e9rentes \u00e0 la \nstructure 27 495,00 \u20ac\nDont d\u00e9penses non reconductibles 1 132,44 \u20ac\nTotal des d\u00e9penses (I+II+III) 260 719,92 \u20ac\nReprise du r\u00e9sultat N-2 (d\u00e9ficit)\nTotal 260 719,92 \u20ac\nGroupe I - Produits de la tarification 255 610,92 \u20ac\nDont tarification 60 610,92 \u20ac\nDont participation des majeurs 195 000,00 \u20ac\nGroupe II \u2013 Autres produits relatifs \u00e0 \nl'exploitation 500,00 \u20ac\nGroupe III \u2013 Produits financiers et produits\nnon encaissables 4 609,00 \u20ac\nTotal des recettes (I+II+III) 260 719,92 \u20ac\nReport \u00e0 nouveau N-2 (exc\u00e9dent)\nTotal des recettes (I+II+III) 260 719,92 \u20ac\nRecettes\nD\u00e9penses\nDirection r\u00e9gionale et interd\u00e9partementale de l'\u00e9conomie, de l'emploi, du travail et des solidarit\u00e9s d'\u00cele-de-France -\nIDF-2025-11-28-00002 - Arr\u00eat\u00e9 n \u00b0 2025 - 40 fixant le montant de la dotation globale de financement et sa r\u00e9partition par financeur\npublic du service mandataire judiciaire \u00e0 la protection des majeurs \u00ab AT 3\u00e8me AGE, SIRET 398 129 296 000 24 \u00bb pour l'ann\u00e9e 2025\n65\n \n4 \n \nArticle 2 : \n \nPour l'exercice budg\u00e9taire 2025, la dotation globale de financement du service de l'AT 3\u00e8me AGE  est fix\u00e9e \u00e0 \nsoixante mille six cent dix euros et quatre -vingt-douze centimes (60 610,92  \u20ac), dont des cr\u00e9dits non \nreconductibles \u00e0 hauteur de quinze mille trois cent cinquante -deux euros et quarante -quatre centimes \n(15 352,44 \u20ac).  \n \n \n \nArticle 2 bis : \n \nPour l'exercice budg\u00e9taire 2026, en application de l'article D314 -106-1 du code de l'action sociale et des \nfamilles, la dotation globale de financement de reconduction provisoire de l'association tut\u00e9laire 3\u00e8me AGE \nest fix\u00e9e \u00e0 un montant de 29 200,20 \u20ac correspondant \u00e0 la dotation globale de financement (DGF) pour \nl'exercice budg\u00e9taire 2025 diminu\u00e9e des cr\u00e9dits non reconductibles (15 352,44 \u20ac) et du trop-per\u00e7u de dotation \nsur l'exercice 2025 (16 058,28 \u20ac). \n \nCette dotation globale de financement de reconduction provisoire s'applique jusqu'\u00e0 que soit arr\u00eat\u00e9 le tarif \n2026 par l'autorit\u00e9 de tarification, en application du II de l'article L314 -7 du code de l'action sociale et des \nfamilles. \n \n \n \nArticle 3 : \n \nPour l'exercice budg\u00e9taire 202 5, en application de l'article R. 314 -193-1 du code de l'action sociale et des \nfamilles, \n \n1\u00b0 la dotation vers\u00e9e par l'Etat est fix\u00e9e \u00e0 99,70 %, soit un montant de 60 429,09 \u20ac ; \n \n2\u00b0 la dotation vers\u00e9e par le d\u00e9partement des Hauts-de-Seine est fix\u00e9e \u00e0 0,30 %, soit un montant de 181,83 \u20ac. \n \n \n \nArticle 3 bis : \n \nPour l'exercice budg\u00e9taire 2026, en application de l'article R. 314 -193-1 du code de l'action sociale et des \nfamilles, \n \n1\u00b0 la dotation vers\u00e9e par l'Etat est fix\u00e9e \u00e0 99,70 %, soit un montant de 29 112,60 \u20ac ; \n \n2\u00b0 la dotation vers\u00e9e par le d\u00e9partement des Hauts -de-Seine est fix\u00e9e \u00e0 0.30 %, soit un montant de 87,60 \u20ac. \n \n \n \nArticle 4 : \n \nLa fraction forfaitaire \u00e9gale, en application de l'article R. 314 -107 du code de l'action sociale et des familles, au \ndouzi\u00e8me du montant de la dotation globale de financement, est \u00e9gale \u00e0 :  \n \n1\u00b0 5 035,76 \u20ac pour la dotation mentionn\u00e9e au 1\u00b0 de l'article 3 du pr\u00e9sent arr\u00eat\u00e9 ;  \n \n2\u00b0 15,15 \u20ac pour la dotation mentionn\u00e9e au 2\u00b0 de l'article 3 du pr\u00e9sent arr\u00eat\u00e9 . \nComment\u00e9 [JG1]: Pour info: \n16 010,11\u20ac de part Etat \n48,17\u20ac de part CD \nDirection r\u00e9gionale et interd\u00e9partementale de l'\u00e9conomie, de l'emploi, du travail et des solidarit\u00e9s d'\u00cele-de-France -\nIDF-2025-11-28-00002 - Arr\u00eat\u00e9 n \u00b0 2025 - 40 fixant le montant de la dotation globale de financement et sa r\u00e9partition par financeur\npublic du service mandataire judiciaire \u00e0 la protection des majeurs \u00ab AT 3\u00e8me AGE, SIRET 398 129 296 000 24 \u00bb pour l'ann\u00e9e 2025\n66\n \n5 \n \nArticle 4 bis : \n \nLa fraction forfaitaire \u00e9gale, en application de l'article R. 314 -107 du code de l'action sociale et des familles, au \ndouzi\u00e8me du montant de la dotation globale de financement, est \u00e9gale \u00e0 :  \n \n1\u00b0 2 426,05 \u20ac pour la dotation mentionn\u00e9e au 1\u00b0 de l'article 3 du pr\u00e9sent arr\u00eat\u00e9 ; \n \n2\u00b0 7,30 \u20ac pour la dotation mentionn\u00e9e au 2\u00b0 de l'article 3 du pr\u00e9sent arr\u00eat\u00e9.  \n \n \n \nArticle 5 : \n \nL'ordonnateur de la d\u00e9pense est le pr\u00e9fet de la r\u00e9gion Ile-de-France, pr\u00e9fet de Paris, repr\u00e9sent\u00e9 par le directeur \nr\u00e9gional et interd\u00e9partemental de l'\u00e9conomie, de l'emploi du travail et des solidarit\u00e9s d'Ile -de-France. \n \n \n \nArticle 6 : \n \nLe comptable assignataire est le directeur r\u00e9gional des finances publiques d'Ile -de-France et du d\u00e9partement \nde Paris. \n \n \n \nArticle 7 : \n \nUn exemplaire du pr\u00e9sent arr\u00eat\u00e9 sera notifi\u00e9 :  \n- au pr\u00e9sident de l'association gestionnaire du service ;  \n- au pr\u00e9sident du conseil d\u00e9partemental des Hauts-de-Seine; \n- \u00e0 la directrice de l'unit\u00e9 d\u00e9partementale 92 de la DRIEETS. \n \n \n \nArticle 8 : \n \nLe pr\u00e9sent arr\u00eat\u00e9 peut faire l'objet d'un recours administratif, soit gracieux aupr\u00e8s d u pr\u00e9fet de la r\u00e9gion d'\u00cele-\nde-France, pr\u00e9fet de Paris, soit hi\u00e9rarchique aupr\u00e8s du ministre des affaires sociales et de la sant\u00e9, dans les deux \nmois suivant la notification du pr\u00e9sent arr\u00eat\u00e9. L'absence de r\u00e9ponse de l'administration au terme d'un d\u00e9lai de \ndeux mois vaut rejet implicite du recours administratif . \n \nUn recours contentieux peut \u00eatre d\u00e9pos\u00e9 aupr\u00e8s du tribunal administratif de Versailles, sis 56, avenue de Saint-\nCloud, 78000 Versailles, dans un d\u00e9lai de deux mois \u00e0 partir de la notification du pr\u00e9sent arr\u00eat\u00e9, ou dans un \nd\u00e9lai de deux mois \u00e0 partir du rejet du recours administratif. Le recours contentieux peut \u00eatre d\u00e9pos\u00e9 en ligne \nvia l'application \u00ab T\u00e9l\u00e9recours citoyens \u00bb acc essible par le site internet www.telerecours.fr, par voie postale ou \ndirectement au bureau du greffe de la juridiction.  \n \n \n \n  \nDirection r\u00e9gionale et interd\u00e9partementale de l'\u00e9conomie, de l'emploi, du travail et des solidarit\u00e9s d'\u00cele-de-France -\nIDF-2025-11-28-00002 - Arr\u00eat\u00e9 n \u00b0 2025 - 40 fixant le montant de la dotation globale de financement et sa r\u00e9partition par financeur\npublic du service mandataire judiciaire \u00e0 la protection des majeurs \u00ab AT 3\u00e8me AGE, SIRET 398 129 296 000 24 \u00bb pour l'ann\u00e9e 2025\n67\n \n6 \n \nArticle 9 : \n \nEn application des dispositions du III de l'article R.314 -36 du code de l'action sociale et des familles, le pr\u00e9sent \narr\u00eat\u00e9 sera publi\u00e9 au recueil des actes administratifs de la pr\u00e9fecture de la r\u00e9gion d'Ile -de-France. \n \n \n \nArticle 10 : \n \nLe pr\u00e9fet, secr\u00e9taire g\u00e9n\u00e9ral pour les affaires r\u00e9gionales de la pr\u00e9fecture de la r\u00e9gion d'Ile-de-France le directeur \nr\u00e9gional et interd\u00e9partemental de l'\u00e9conomie, de l'emploi, du travail  et des solidarit\u00e9s d'\u00cele -de-France sont \ncharg\u00e9s de l'ex\u00e9cution du pr\u00e9sent arr\u00eat\u00e9. \n \n \nFait \u00e0 Saint-Denis, le 28 novembre 2025 \n \nPour le pr\u00e9fet de la r\u00e9gion d'Ile-de-France,  \npr\u00e9fet de Paris et par d\u00e9l\u00e9gation, \nle directeur r\u00e9gional \n \nsign\u00e9 \n \nJean MENJON \nL'adjoint au Chef de d\u00e9partement \nsolidarit\u00e9s et emploi  \n \n \n \n \n \n \n \n \n \n \nMadame la pr\u00e9sidente de l'association gestionnaire  \nService MJPM AT 3\u00e8me Age \n94 avenue Achille Peretti  \n92200 NEUILLY SUR SEINE \nMail : rossignolmartine92@gmail.com \n \nCopie  : \n\u00e0 l'UD 92 DRIEETS  \n \nDirection r\u00e9gionale et interd\u00e9partementale de l'\u00e9conomie, de l'emploi, du travail et des solidarit\u00e9s d'\u00cele-de-France -\nIDF-2025-11-28-00002 - Arr\u00eat\u00e9 n \u00b0 2025 - 40 fixant le montant de la dotation globale de financement et sa r\u00e9partition par financeur\npublic du service mandataire judiciaire \u00e0 la protection des majeurs \u00ab AT 3\u00e8me AGE, SIRET 398 129 296 000 24 \u00bb pour l'ann\u00e9e 2025\n68\nDirection r\u00e9gionale et interd\u00e9partementale de\nl'\u00e9conomie, de l'emploi, du travail et des\nsolidarit\u00e9s d'\u00cele-de-France\nIDF-2025-11-28-00003\nArr\u00eat\u00e9 n \u00b0 2025 - 43 fixant le montant de la\ndotation globale de financement et sa\nr\u00e9partition par financeur public du service\nmandataire judiciaire \u00e0 la protection des majeurs\nanciennement g\u00e9r\u00e9 par \u00ab NOUVELLES VOIES,\nSIRET 439 037 078 000 29\u00bb pour l'ann\u00e9e 2025\nDirection r\u00e9gionale et interd\u00e9partementale de l'\u00e9conomie, de l'emploi, du travail et des solidarit\u00e9s d'\u00cele-de-France -\nIDF-2025-11-28-00003 - Arr\u00eat\u00e9 n \u00b0 2025 - 43 fixant le montant de la dotation globale de financement et sa r\u00e9partition par financeur\npublic du service mandataire judiciaire \u00e0 la protection des majeurs anciennement g\u00e9r\u00e9 par \u00ab NOUVELLES VOIES, SIRET 439 037 078\n000 29\u00bb pour l'ann\u00e9e 2025\n69\nPREFET |DE LA REGIOND'\u00ceLE-DE-FRANCELibert\u00e9Egalit\u00e9Fraternit\u00e9\n \n \n Direction r\u00e9gionale et interd\u00e9partementale \nde l'\u00e9conomie, de l'emploi, \ndu travail et des solidarit\u00e9s \n \n \n \n \n \n \n \n \nDRIEETS d'Ile-de-France \n32, rue Jean Jaur\u00e8s 93200 Saint-Denis \nhttp://idf.drieets.gouv.fr \n \n \n \n  \nARR\u00caT\u00c9 n \u00b0 2025 - 43 \nfixant le montant de la dotation globale de financement et sa r\u00e9partition par \nfinanceur public du service mandataire judiciaire \u00e0 la protection des majeurs \nanciennement g\u00e9r\u00e9 par \u00ab NOUVELLES VOIES, SIRET 439 037 078 000 29\u00bb  \npour l'ann\u00e9e 2025 \n \n \nLE PR\u00c9FET DE LA R\u00c9GION D'ILE-DE-FRANCE \nPR\u00c9FET DE PARIS \nGRAND OFFICIER DE LA L\u00c9GION D'HONNEUR \nOFFICIER DE L'ORDRE NATIONAL DU M\u00c9RITE \n \n \nVu le code de l'action sociale et des familles, notamment ses articles L.312-1, L.314 -1, L.314 -4, L.314 -5,   \nL.314-7, L.361-1 et les articles R.314-2 et suivants ; \n \nVu la loi organique n\u00b0 2001-692 du 1er ao\u00fbt 2001 modifi\u00e9e relative aux lois de finances ; \n \nVu la loi n\u00b0 2000-321 du 12 avril 2000 modifi\u00e9e relative aux droits des citoyens dans leurs relations avec les \nadministrations ; \n \nVu la loi n\u00b0 2025-127 du 14 f\u00e9vrier 2025 de finances pour 2025 ; \n \nVu le d\u00e9cret n\u00b0 2003-1010 du 22 octobre 2003 relatif \u00e0 la gestion budg\u00e9taire, comptable et financi\u00e8re et \naux modalit\u00e9s de financement et de tarification des \u00e9tablissements et services sociaux et m\u00e9dico -\nsociaux mentionn\u00e9s au I de l'article L. 312-1 du code de l'action sociale et des familles ; \n \n  Vu le d\u00e9cret n\u00b0 2008-1500 du 30 d\u00e9cembre 2008 relatif \u00e0 la r\u00e9glementation financi\u00e8re et budg\u00e9taire des \n\u00e9tablissements sociaux et m\u00e9dico-sociaux, notamment son article 3 ; \n \nVu le d\u00e9cret du 22 juillet 2020 portant nomination de Monsieur Marc GUILLAUME en qualit\u00e9 de pr\u00e9fet de \nla r\u00e9gion d'Ile-de-France, pr\u00e9fet de Paris ; \n \nVu le d\u00e9cret n\u00b0 2020 -1545 du 9 d\u00e9cembre 2020 relatif \u00e0 l'organisation et aux missions des directions \nr\u00e9gionales de l'\u00e9conomie, de l'emploi, du travail et des solidarit\u00e9s, des directions d\u00e9partementales de \nl'emploi, du travail et des solidarit\u00e9s et des dire ctions d\u00e9partementales de l'emploi, du travail, des \nsolidarit\u00e9s et de la protection des populations ; \n \n \nDirection r\u00e9gionale et interd\u00e9partementale de l'\u00e9conomie, de l'emploi, du travail et des solidarit\u00e9s d'\u00cele-de-France -\nIDF-2025-11-28-00003 - Arr\u00eat\u00e9 n \u00b0 2025 - 43 fixant le montant de la dotation globale de financement et sa r\u00e9partition par financeur\npublic du service mandataire judiciaire \u00e0 la protection des majeurs anciennement g\u00e9r\u00e9 par \u00ab NOUVELLES VOIES, SIRET 439 037 078\n000 29\u00bb pour l'ann\u00e9e 2025\n70\n \n2 \n \n \nVu l'arr\u00eat\u00e9 du 9 juillet 2009 fixant les indicateurs applicables aux services mandataires judiciaires \u00e0 la \nprotection des majeurs et aux services d\u00e9l\u00e9gu\u00e9s aux prestations familiales ;  \n \n  Vu l'arr\u00eat\u00e9 du 31 ao\u00fbt 2018 relatif \u00e0 la d\u00e9termination du co\u00fbt des mesures de protection exerc\u00e9es par les \nmandataires judiciaires \u00e0 la protection des majeurs ; \n \nVu l'arr\u00eat\u00e9 du 12 ao\u00fbt 2025 portant nomination de Monsieur Fabrice MASI, sur l'emploi de directeur \nr\u00e9gional et interd\u00e9partemental de l'\u00e9conomie, de l'emploi, du travail et des solidarit\u00e9s d'Ile-de-France ; \n \nVu l'arr\u00eat\u00e9 du 25 ao\u00fbt 2025 fixant les dotations r\u00e9gionales limitatives relatives aux frais de \nfonctionnement des services mandataires judiciaires \u00e0 la protection des majeurs relevant du I de \nl'article L. 361-1 du code de l'action sociale et des familles ; \nVu l'arr\u00eat\u00e9 pr\u00e9fectoral n\u00b0 75 -2021-03-30-00003 du 30 mars 2021 portant organisation de la direction \nr\u00e9gionale et interd\u00e9partementale de l'\u00e9conomie, de l'emploi, du travail et des solidarit\u00e9s d'Ile -de-\nFrance ;  \nVu l'arr\u00eat\u00e9 pr\u00e9fectoral n\u00b0 IDF-2025-08-27-00002 du 27 ao\u00fbt 2025  portant d\u00e9l\u00e9gation de signature \u00e0 \nMonsieur Fabrice MASI, directeur r\u00e9gional et interd\u00e9partemental de l'\u00e9conomie, de l'emploi, du travail \net des solidarit\u00e9s d'Ile-de-France (DRIEETS), en mati\u00e8re administrative ; \nVu l'arr\u00eat\u00e9 n\u00b0 IDF-2025-08-27-00003 du 27 ao\u00fbt 2025 portant d\u00e9l\u00e9gation de signature \u00e0 Monsieur Fabrice \nMASI, directeur r\u00e9gional et interd\u00e9partemental de l'\u00e9conomie, de l'emploi, du travail et des solidarit\u00e9s \nd'Ile-de-France (DRIEETS), en mati\u00e8re d'ordonnancement secondaire ; \nVu l'arr\u00eat\u00e9 n\u00b0 IDF -2025-167 du 29 ao\u00fbt 2025 portant subd\u00e9l\u00e9gation de signature en mati\u00e8re \nd'ordonnancement secondaire des recettes et des d\u00e9penses de l'Etat aux agents de la DRIEETS d'\u00cele -\nde-France ; \nVu la d\u00e9cision n\u00b0 2025-164 du 28 ao\u00fbt 2025 portant subd\u00e9l\u00e9gation de signature de Monsieur Fabrice MASI, \ndirecteur r\u00e9gional et interd\u00e9partemental de l'\u00e9conomie, de l'emploi, du travail et des solidarit\u00e9s d'Ile-\nde-France (DRIEETS), aux agents de l'unit\u00e9 r\u00e9gionale ; \n \nVu l'arr\u00eat\u00e9 DDCS n\u00b0 2010 -021 du 4 octobre 2010 portant autorisation d'exercer du  service mandataire \njudiciaire \u00e0 la protection des majeurs anciennement g\u00e9r\u00e9 par l'association Nouvelles Voies ;  \n \nVu l'arr\u00eat\u00e9 n\u00b02024-615 du 12 d\u00e9cembre 2024 portant fixation de la capacit\u00e9 autoris\u00e9e, modifiant l'arr\u00eat\u00e9 \nDDCS n\u00b02010-021 du 4 octobre 2010 ; \n \nVu la d\u00e9cision DRIEETS -UD 92 n\u00b02025 -509 du 30 septembre 2025 portant refus de renouvellement de \nl'autorisation et portant mise sous administration provisoire du service mandataire judiciaire \u00e0 la \nprotection des majeurs g\u00e9r\u00e9 par l'association nouvelles voies, d'une dur\u00e9e de 6 mois renouvelable sur \nd\u00e9cision expresse ; \n \nVu les propositions budg\u00e9taires pour l'exercice 202 5 d\u00e9pos\u00e9es au moyen de la plateforme e -FSM par la \npersonne ayant qualit\u00e9 pour repr\u00e9senter le service susvis\u00e9 le 31 octobre 2024 ; \n \nDirection r\u00e9gionale et interd\u00e9partementale de l'\u00e9conomie, de l'emploi, du travail et des solidarit\u00e9s d'\u00cele-de-France -\nIDF-2025-11-28-00003 - Arr\u00eat\u00e9 n \u00b0 2025 - 43 fixant le montant de la dotation globale de financement et sa r\u00e9partition par financeur\npublic du service mandataire judiciaire \u00e0 la protection des majeurs anciennement g\u00e9r\u00e9 par \u00ab NOUVELLES VOIES, SIRET 439 037 078\n000 29\u00bb pour l'ann\u00e9e 2025\n71\n \n3 \n \nVu l'instruction N\u00b0 DGCS/2A/5A/2025/122 du 8 septembre 2025 relative aux orientations de l'exercice \n2025 pour la campagne budg\u00e9taire des services mandataires judiciaires \u00e0 la protection des majeurs et \ndes services d\u00e9l\u00e9gu\u00e9s aux prestations familiales ; \n \nVu le rapport r\u00e9gional d'orientation budg\u00e9taire pour la campagne budg\u00e9taire 202 5 des services \nmandataires judiciaires \u00e0 la protection des majeurs et des services d\u00e9l\u00e9gu\u00e9s aux prestations famili ales \nde la r\u00e9gion Ile-de-France ; \n \nVu la d\u00e9cision d'autorisation budg\u00e9taire en date du 28 octobre 2025, d\u00e9pos\u00e9 sur la plateforme e -FSM le \n29 octobre 2025, cl\u00f4turant les \u00e9changes effectu\u00e9s durant la proc\u00e9dure contradictoire ;  \n \nSur proposition du directeur r\u00e9gional et interd\u00e9partemental de l'\u00e9conomie, de l'emploi, du travail et des  \nsolidarit\u00e9s. \n \n \nArr\u00eate : \n \nArticle 1er : \n \nPour l'exercice budg\u00e9taire 2025, les d\u00e9penses et les recettes pr\u00e9visionnelles du service mandataire judiciaire \u00e0 \nla protection des majeurs sis, 17-19 rue Jeanne Braconnier 92360 MEUDON LA FORET  sont autoris\u00e9es comme \nsuit : \n \nGroupes fonctionnels Montants\nGroupe I - D\u00e9penses aff\u00e9rentes \u00e0 \nl'exploitation courante 74 329,00 \u20ac\nDont d\u00e9penses non reconductibles\nGroupe II - D\u00e9penses aff\u00e9rentes au \npersonnel 852 043,44 \u20ac\nDont d\u00e9penses non reconductibles 193 919,00 \u20ac\nGroupe III \u2013 D\u00e9penses aff\u00e9rentes \u00e0 la \nstructure 246 852,00 \u20ac\nDont d\u00e9penses non reconductibles\nTotal des d\u00e9penses (I+II+III) 1 173 224,44 \u20ac\nReprise du r\u00e9sultat N-2 (d\u00e9ficit)\nTotal 1 173 224,44 \u20ac\nGroupe I - Produits de la tarification 1 047 181,67 \u20ac\nDont tarification 867 181,67 \u20ac\nDont participation des majeurs 180 000,00 \u20ac\nGroupe II \u2013 Autres produits relatifs \u00e0 \nl'exploitation 5 600,00 \u20ac\nGroupe III \u2013 Produits financiers et produits\nnon encaissables 650,00 \u20ac\nTotal des recettes (I+II+III) 1 053 431,67 \u20ac\nReport \u00e0 nouveau N-2 (exc\u00e9dent) 119 792,77 \u20ac\nTotal des recettes (I+II+III) 1 173 224,44 \u20ac\nRecettes\nD\u00e9penses\nDirection r\u00e9gionale et interd\u00e9partementale de l'\u00e9conomie, de l'emploi, du travail et des solidarit\u00e9s d'\u00cele-de-France -\nIDF-2025-11-28-00003 - Arr\u00eat\u00e9 n \u00b0 2025 - 43 fixant le montant de la dotation globale de financement et sa r\u00e9partition par financeur\npublic du service mandataire judiciaire \u00e0 la protection des majeurs anciennement g\u00e9r\u00e9 par \u00ab NOUVELLES VOIES, SIRET 439 037 078\n000 29\u00bb pour l'ann\u00e9e 2025\n72\n \n4 \n \nArticle 2 : \n \nPour l'exercice budg\u00e9taire 202 5, la dotation globale de financement du service anciennement g\u00e9r\u00e9 par \nNouvelles Voies est fix\u00e9e \u00e0 huit cent soixante-sept mille cent quatre-vingt-un euros et soixante-sept centimes \n(867 181,67 \u20ac), int\u00e9grant la reprise des r\u00e9sultats ant\u00e9rieurs \u00e0 hauteur de cent dix-neuf mille sept cent quatre -\nvingt-douze euros et soixante-dix-sept centimes (119 792,77 \u20ac) et des cr\u00e9dits non reconductibles \u00e0 hauteur de \ncent quatre-vingt-trois mille neuf cent dix-neuf euros (193 919,00 \u20ac).  \n \n \nArticle 2 bis : \n \nPour l'exercice budg\u00e9taire 2026, en application de l'article D314 -106-1 du code de l'action sociale et des \nfamilles, la dotation globale de financement de reconduction provisoire de l'association tut\u00e9laire 3\u00e8me AGE \nest fix\u00e9e \u00e0 un montant de 793 055,44  \u20ac correspondant \u00e0 la dotation globale de financement (DGF) pour \nl'exercice budg\u00e9taire 2025 diminu\u00e9e des cr\u00e9dits non reconductibles (193 919,00 \u20ac), et r\u00e9int\u00e9grant la reprise du \nreport \u00e0 nouveau de l'exercice 2023 (119 792,77 \u20ac). \n \nCette dotation globale de financement de reconduction provisoire s'applique jusqu'\u00e0 que ce que se mat\u00e9rialise \nl'une ou l'autre des deux options suivantes : la fixation du tarif 2026 par l'autorit\u00e9 de tarification, en application \ndu II de l'article L314-7 du code de l'action sociale et des familles, ou la cessation d\u00e9finitive d'activit\u00e9 du service \nmandataire. \n \n \nArticle 3 : \n \nPour l'exercice budg\u00e9taire 202 5, en application de l'article R. 314 -193-1 du code de l'action sociale et des \nfamilles, \n \n1\u00b0 la dotation vers\u00e9e par l'Etat est fix\u00e9e \u00e0 99,70 %, soit un montant de 864 580,12 \u20ac ; \n \n2\u00b0 la dotation vers\u00e9e par le d\u00e9partement Hauts-de-Seine est fix\u00e9e \u00e0 0,30 %, soit un montant de 2 601,55 \u20ac. \n \n \nArticle 3 bis : \n \n \nPour l'exercice budg\u00e9taire 2026, en application de l'article R. 314 -193-1 du code de l'action sociale et des \nfamilles, \n \n1\u00b0 la dotation vers\u00e9e par l'Etat est fix\u00e9e \u00e0 99,70 %, soit un montant de 790 676,27 \u20ac ; \n \n2\u00b0 la dotation vers\u00e9e par le d\u00e9partement des Hauts-de-Seine est fix\u00e9e \u00e0 0,30 %, soit un montant de 2 379,17 \u20ac. \n \n \nArticle 4 : \n \nLa fraction forfaitaire \u00e9gale, en application de l'article R. 314-107 du code de l'action sociale et des familles, au \ndouzi\u00e8me du montant de la dotation globale de financement, est \u00e9gale \u00e0 :  \n \n1\u00b0 72 048,34 \u20ac pour la dotation mentionn\u00e9e au 1\u00b0 de l'article 3 du pr\u00e9sent arr\u00eat\u00e9 ;  \n \n2\u00b0 216,80 \u20ac pour la dotation mentionn\u00e9e au 2\u00b0 de l'article 3 du pr\u00e9sent arr\u00eat\u00e9 . \n \nDirection r\u00e9gionale et interd\u00e9partementale de l'\u00e9conomie, de l'emploi, du travail et des solidarit\u00e9s d'\u00cele-de-France -\nIDF-2025-11-28-00003 - Arr\u00eat\u00e9 n \u00b0 2025 - 43 fixant le montant de la dotation globale de financement et sa r\u00e9partition par financeur\npublic du service mandataire judiciaire \u00e0 la protection des majeurs anciennement g\u00e9r\u00e9 par \u00ab NOUVELLES VOIES, SIRET 439 037 078\n000 29\u00bb pour l'ann\u00e9e 2025\n73\n \n5 \n \nArticle 4 bis : \n \nLa fraction forfaitaire \u00e9gale, en application de l'article R. 314-107 du code de l'action sociale et des familles, au \ndouzi\u00e8me du montant de la dotation globale de financement, est \u00e9gale \u00e0 :  \n \n1\u00b0 65 889,69 \u20ac pour la dotation mentionn\u00e9e au 1\u00b0 de l'article 3 du pr\u00e9sent arr\u00eat\u00e9 ;  \n \n2\u00b0 198,26 \u20ac pour la dotation mentionn\u00e9e au 2\u00b0 de l'article 3 du pr\u00e9sent arr\u00eat\u00e9. \n \n \nArticle 5 : \n \nL'ordonnateur de la d\u00e9pense est le pr\u00e9fet de la r\u00e9gion Ile-de-France, pr\u00e9fet de Paris, repr\u00e9sent\u00e9 par le directeur \nr\u00e9gional et interd\u00e9partemental de l'\u00e9conomie, de l'emploi du travail et des solidarit\u00e9s d'Ile-de-France. \n \n \nArticle 6 : \n \nLe comptable assignataire est le directeur r\u00e9gional des finances publiques d'Ile -de-France et du d\u00e9partement \nde Paris. \n \n \nArticle 7 : \n \nUn exemplaire du pr\u00e9sent arr\u00eat\u00e9 sera notifi\u00e9 : \n- \u00e0 l'administratrice provisoire du service MJPM ; \n- au pr\u00e9sident du conseil d\u00e9partemental de Hauts-de-Seine ; \n- \u00e0 la directrice de l'unit\u00e9 d\u00e9partementale 92 de la DRIEETS. \n \n \nArticle 8 : \n \nLe pr\u00e9sent arr\u00eat\u00e9 peut faire l'objet d'un recours administratif, soit gracieux aupr\u00e8s du pr\u00e9fet de la r\u00e9gion d'\u00cele-\nde-France, pr\u00e9fet de Paris, soit hi\u00e9rarchique aupr\u00e8s du ministre des affaires sociales et de la sant\u00e9, dans les deux \nmois suivant la notification du pr\u00e9sent arr\u00eat\u00e9. L'absence de r\u00e9ponse de l'administration au terme d'un d\u00e9lai de \ndeux mois vaut rejet implicite du recours administratif. \n \nUn recours contentieux peut \u00eatre d\u00e9pos\u00e9 aupr\u00e8s du tribunal administratif de Versailles, sis 56, avenue de Saint-\nCloud, 78000 Versailles, dans un d\u00e9lai de deux mois \u00e0 partir de la notification du pr\u00e9sent arr\u00eat\u00e9, ou dans un \nd\u00e9lai de deux mois \u00e0 partir du rejet du recours administratif. Le recours contentieux peut \u00eatre d\u00e9pos\u00e9 en ligne \nvia l'application \u00ab T\u00e9l\u00e9recours citoyens \u00bb accessible par le site internet www.telerecours.fr, par voie postale ou \ndirectement au bureau du greffe de la juridiction. \n \n \n  \nDirection r\u00e9gionale et interd\u00e9partementale de l'\u00e9conomie, de l'emploi, du travail et des solidarit\u00e9s d'\u00cele-de-France -\nIDF-2025-11-28-00003 - Arr\u00eat\u00e9 n \u00b0 2025 - 43 fixant le montant de la dotation globale de financement et sa r\u00e9partition par financeur\npublic du service mandataire judiciaire \u00e0 la protection des majeurs anciennement g\u00e9r\u00e9 par \u00ab NOUVELLES VOIES, SIRET 439 037 078\n000 29\u00bb pour l'ann\u00e9e 2025\n74\n \n6 \n \nArticle 9 : \n \nEn application des dispositions du III de l'article R.314-36 du code de l'action sociale et des familles, le pr\u00e9sent \narr\u00eat\u00e9 sera publi\u00e9 au recueil des actes administratifs de la pr\u00e9fecture de la r\u00e9gion d'Ile -de-France. \n \n \nArticle 10 : \n \nLe pr\u00e9fet, secr\u00e9taire g\u00e9n\u00e9ral pour les affaires r\u00e9gionales de la pr\u00e9fecture de la r\u00e9gion d'Ile-de-France le directeur \nr\u00e9gional et interd\u00e9partemental de l'\u00e9conomie, de l'emploi, du travail  et des solidarit\u00e9s d'\u00cele -de-France sont \ncharg\u00e9s de l'ex\u00e9cution du pr\u00e9sent arr\u00eat\u00e9. \n \n \nFait \u00e0 Saint-Denis, le 28 novembre 2025 \n \nPour le pr\u00e9fet de la r\u00e9gion d'Ile-de-France,  \npr\u00e9fet de Paris et par d\u00e9l\u00e9gation, \nle directeur r\u00e9gional \n \nsign\u00e9 \n \nJean MENJON \nL'adjoint au Chef de d\u00e9partement \nsolidarit\u00e9s et emploi  \n \n \n \n \n \n \n \n \n \nMadame Murielle BLONDEAU \nAdministratrice provisoire \nSMJPM \n17-19 rue Jeanne Braconnier  \n92360 MEUDON-LA-FORET \nMail : mblondeau@serenalliance.com \n \nD\u00e9p\u00f4t e-fsm aux fonctions supports  \nMail : avigne.nv@gmail.com \n \n \nCopie  : \n\u00e0 l'UD 92 DRIEETS  \n \nDirection r\u00e9gionale et interd\u00e9partementale de l'\u00e9conomie, de l'emploi, du travail et des solidarit\u00e9s d'\u00cele-de-France -\nIDF-2025-11-28-00003 - Arr\u00eat\u00e9 n \u00b0 2025 - 43 fixant le montant de la dotation globale de financement et sa r\u00e9partition par financeur\npublic du service mandataire judiciaire \u00e0 la protection des majeurs anciennement g\u00e9r\u00e9 par \u00ab NOUVELLES VOIES, SIRET 439 037 078\n000 29\u00bb pour l'ann\u00e9e 2025\n75\nDirection r\u00e9gionale et interd\u00e9partementale de\nl'\u00e9conomie, de l'emploi, du travail et des\nsolidarit\u00e9s d'\u00cele-de-France\nIDF-2025-11-27-00017\nArr\u00eat\u00e9 n \u00b0 2025 - 51 fixant le montant de la\ndotation globale de financement et sa\nr\u00e9partition par financeur public du service\nmandataire judiciaire \u00e0 la protection des majeurs\n\u00ab ATIVO 95, SIRET 332 537 729 00078 \u00bb pour\nl'ann\u00e9e 2025\nDirection r\u00e9gionale et interd\u00e9partementale de l'\u00e9conomie, de l'emploi, du travail et des solidarit\u00e9s d'\u00cele-de-France -\nIDF-2025-11-27-00017 - Arr\u00eat\u00e9 n \u00b0 2025 - 51 fixant le montant de la dotation globale de financement et sa r\u00e9partition par financeur\npublic du service mandataire judiciaire \u00e0 la protection des majeurs \u00ab ATIVO 95, SIRET 332 537 729 00078 \u00bb pour l'ann\u00e9e 2025\n76\nPREFET |DE LA REGIOND'\u00ceLE-DE-FRANCELibert\u00e9Egalit\u00e9Fraternit\u00e9\n \n \n Direction r\u00e9gionale et interd\u00e9partementale \nde l'\u00e9conomie, de l'emploi, \ndu travail et des solidarit\u00e9s \n \n \n \n \n \n \n \n \nDRIEETS d'Ile-de-France \n32, rue Jean Jaur\u00e8s 93200 Saint-Denis \nhttp://idf.direccte.gouv.fr/ \n \n \n \n  \nARR\u00caT\u00c9 n \u00b0 2025 - 51 \nfixant le montant de la dotation globale de financement et sa r\u00e9partition par \nfinanceur public du service mandataire judiciaire \u00e0 la protection des majeurs \n\u00ab ATIVO 95, SIRET 332 537 729 00078 \u00bb  \npour l'ann\u00e9e 2025 \n \n \nLE PR\u00c9FET DE LA R\u00c9GION D'ILE-DE-FRANCE \nPR\u00c9FET DE PARIS \nGRAND OFFICIER DE LA L\u00c9GION D'HONNEUR \nOFFICIER DE L'ORDRE NATIONAL DU M\u00c9RITE \n \n \nVu le code de l'action sociale et des familles, notamment ses articles L.312 -1, L.314 -1, L.314-4, L.314 -5,   \nL.314-7, L.361-1 et les articles R.314-2 et suivants ; \n   \nVu la loi organique n\u00b0 2001-692 du 1er ao\u00fbt 2001 modifi\u00e9e relative aux lois de finances ; \n \nVu la loi n\u00b0 2000-321 du 12 avril 2000 modifi\u00e9e relative aux droits des citoyens dans leurs relations avec les \nadministrations ; \n \nVu la loi n\u00b0 2025-127 du 14 f\u00e9vrier 2025 de finances pour 2025 ; \n \nVu le d\u00e9cret n\u00b0 2003-1010 du 22 octobre 2003 relatif \u00e0 la gestion budg\u00e9taire, comptable et financi\u00e8re et \naux modalit\u00e9s de financement et de tarification des \u00e9tablissements et services sociaux et m\u00e9dico -\nsociaux mentionn\u00e9s au I de l'article L. 312-1 du code de l'action sociale et des familles ; \n \n  Vu le d\u00e9cret n\u00b0 2008-1500 du 30 d\u00e9cembre 2008 relatif \u00e0 la r\u00e9glementation financi\u00e8re et budg\u00e9taire des \n\u00e9tablissements sociaux et m\u00e9dico-sociaux, notamment son article 3 ; \n \nVu le d\u00e9cret du 22 juillet 2020 portant nomination de Monsieur Marc GUILLAUME en qualit\u00e9 de pr\u00e9fet de \nla r\u00e9gion d'Ile-de-France, pr\u00e9fet de Paris ; \n \nVu le d\u00e9cret n\u00b0 2020 -1545 du 9 d\u00e9cembre 2020 relatif \u00e0 l'organisation et aux missions des directions \nr\u00e9gionales de l'\u00e9conomie, de l'emploi, du travail et des solidarit\u00e9s, des directions d\u00e9partementales de \nl'emploi, du travail et des solidarit\u00e9s et des directions d\u00e9partementales de l'emp loi, du travail, des \nsolidarit\u00e9s et de la protection des populations ; \n \n \nDirection r\u00e9gionale et interd\u00e9partementale de l'\u00e9conomie, de l'emploi, du travail et des solidarit\u00e9s d'\u00cele-de-France -\nIDF-2025-11-27-00017 - Arr\u00eat\u00e9 n \u00b0 2025 - 51 fixant le montant de la dotation globale de financement et sa r\u00e9partition par financeur\npublic du service mandataire judiciaire \u00e0 la protection des majeurs \u00ab ATIVO 95, SIRET 332 537 729 00078 \u00bb pour l'ann\u00e9e 2025\n77\n2 \n \n \nVu l'arr\u00eat\u00e9 du 9 juillet 2009 fixant les indicateurs applicables aux services mandataires judiciaires \u00e0 la \nprotection des majeurs et aux services d\u00e9l\u00e9gu\u00e9s aux prestations familiales ;  \n \n  Vu l'arr\u00eat\u00e9 du 31 ao\u00fbt 2018 relatif \u00e0 la d\u00e9termination du co\u00fbt des mesures de protection exerc\u00e9es par les \nmandataires judiciaires \u00e0 la protection des majeurs ; \n \nVu l'arr\u00eat\u00e9 du 12 ao\u00fbt 2025 portant nomination de Monsieur Fabrice MASI, sur l'emploi de directeur \nr\u00e9gional et interd\u00e9partemental de l'\u00e9conomie, de l'emploi, du travail et des solidarit\u00e9s d'Ile-de-France ; \n \nVu l'arr\u00eat\u00e9 du 25 ao\u00fbt 2025 fixant les dotations r\u00e9gionales limitatives relatives aux frais de \nfonctionnement des services mandataires judiciaires \u00e0 la protection des majeurs relevant du I de \nl'article L. 361-1 du code de l'action sociale et des familles ; \nVu l'arr\u00eat\u00e9 pr\u00e9fectoral n\u00b0 75 -2021-03-30-00003 du 30 mars 2021 portant organisation de la direction \nr\u00e9gionale et interd\u00e9partementale de l'\u00e9conomie, de l'emploi, du travail et des solidarit\u00e9s d'Ile -de-\nFrance ;  \nVu l'arr\u00eat\u00e9 pr\u00e9fectoral n\u00b0 IDF-2025-08-27-00002 du 27 ao\u00fbt 2025  portant d\u00e9l\u00e9gation de signature \u00e0 \nMonsieur Fabrice MASI, directeur r\u00e9gional et interd\u00e9partemental de l'\u00e9conomie, de l'emploi, du travail \net des solidarit\u00e9s d'Ile-de-France (DRIEETS), en mati\u00e8re administrative ; \nVu l'arr\u00eat\u00e9 n\u00b0 IDF-2025-08-27-00003 du 27 ao\u00fbt 2025 portant d\u00e9l\u00e9gation de signature \u00e0 Monsieur Fabrice \nMASI, directeur r\u00e9gional et interd\u00e9partemental de l'\u00e9conomie, de l'emploi, du travail et des solidarit\u00e9s \nd'Ile-de-France (DRIEETS), en mati\u00e8re d'ordonnancement secondaire ; \nVu l'arr\u00eat\u00e9 n\u00b0 IDF -2025-167 du 29 ao\u00fbt 2025 portant subd\u00e9l\u00e9gation de signature en mati\u00e8re \nd'ordonnancement secondaire des recettes et des d\u00e9penses de l'Etat aux agents de la DRIEETS d'\u00cele -\nde-France ; \nVu la d\u00e9cision n\u00b0 2025-164 du 28 ao\u00fbt 2025 portant subd\u00e9l\u00e9gation de signature de Monsieur Fabrice MASI, \ndirecteur r\u00e9gional et interd\u00e9partemental de l'\u00e9conomie, de l'emploi, du travail et des solidarit\u00e9s d'Ile-\nde-France (DRIEETS), aux agents de l'unit\u00e9 r\u00e9gionale ; \n \nVu l'arr\u00eat\u00e9 DDCS n\u00b0  95-A-2017-141 du 12 d\u00e9cembre 2017  portant autorisation d'exercer du  service \nmandataire judiciaire \u00e0 la protection des majeurs de l'association ATIVO ;  \n \nVu les propositions budg\u00e9taires pour l'exercice 202 5 d\u00e9pos\u00e9es au moyen de la plateforme e -FSM par la \npersonne ayant qualit\u00e9 pour repr\u00e9senter le service susvis\u00e9 le 22 octobre 2024 ; \n \nVu l'instruction N\u00b0 DGCS/2A/5A/2025/122 du 8 septembre 2025 relative aux orientations de l'exercice \n2025 pour la campagne budg\u00e9taire des services mandataires judiciaires \u00e0 la protection des majeurs et \ndes services d\u00e9l\u00e9gu\u00e9s aux prestations familiales ; \n \nVu le rapport r\u00e9gional d'orientation budg\u00e9taire pour la campagne budg\u00e9taire 202 5 des services \nmandataires judiciaires \u00e0 la protection des majeurs et des services d\u00e9l\u00e9gu\u00e9s aux prestations famili ales \nde la r\u00e9gion Ile-de-France ; \n \nVu la d\u00e9cision d'autorisation budg\u00e9taire en date du 24 octobre 2025, d\u00e9pos\u00e9 sur la plateforme e -FSM le \n27 octobre 2025, cl\u00f4turant les \u00e9changes effectu\u00e9s durant la proc\u00e9dure contradictoire ; \nDirection r\u00e9gionale et interd\u00e9partementale de l'\u00e9conomie, de l'emploi, du travail et des solidarit\u00e9s d'\u00cele-de-France -\nIDF-2025-11-27-00017 - Arr\u00eat\u00e9 n \u00b0 2025 - 51 fixant le montant de la dotation globale de financement et sa r\u00e9partition par financeur\npublic du service mandataire judiciaire \u00e0 la protection des majeurs \u00ab ATIVO 95, SIRET 332 537 729 00078 \u00bb pour l'ann\u00e9e 2025\n78\n3 \n \n \nSur proposition du directeur r\u00e9gional et interd\u00e9partemental de l'\u00e9conomie, de l'emploi, du travail et des  \nsolidarit\u00e9s. \n \n \n \n \n \nArr\u00eate : \n \nArticle 1er : \n \nPour l'exercice budg\u00e9taire 2025, les d\u00e9penses et les recettes pr\u00e9visionnelles du service mandataire judiciaire \u00e0 \nla protection des majeurs ATIVO sis, immeuble Ordinal, 12 rue des Chauffours, CS 80016, 95095 Cergy Pontoise \ncedex, sont autoris\u00e9es comme suit : \n \n \n \n \nArticle 2 : \n \nPour l'exercice budg\u00e9taire 2025, la dotation globale de financement du service ATIVO est fix\u00e9e \u00e0 2 402 195,25 \u20ac \n(deux millions quatre cent deux mille cent quatre-vingt-quinze euros et vingt-cinq centimes), int\u00e9grant la \nreprise des r\u00e9sultats ant\u00e9rieurs \u00e0 haute ur de 195 176,75 \u20ac (cent quatre-vingt-quinze mille cent soixante-seize \neuros et soixante-quinze centimes) ; \n \nGroupes fonctionnels Montants\nGroupe I - D\u00e9penses aff\u00e9rentes \u00e0 \nl'exploitation courante 147 430,00 \u20ac\nDont d\u00e9penses non reconductibles\nGroupe II - D\u00e9penses aff\u00e9rentes au \npersonnel 2 506 104,00 \u20ac\nDont d\u00e9penses non reconductibles\nGroupe III \u2013 D\u00e9penses aff\u00e9rentes \u00e0 la \nstructure 592 165,00 \u20ac\nDont d\u00e9penses non reconductibles\nTotal des d\u00e9penses (I+II+III) 3 245 699,00 \u20ac\nReprise du r\u00e9sultat N-2 (d\u00e9ficit)\nTotal 3 245 699,00 \u20ac\nGroupe I - Produits de la tarification 3 017 347,25 \u20ac\nDont tarification 2 402 195,25 \u20ac\nDont participation des majeurs 615 152,00 \u20ac\nGroupe II \u2013 Autres produits relatifs \u00e0 \nl'exploitation 4 000,00 \u20ac\nGroupe III \u2013 Produits financiers et produits\nnon encaissables 29 175,00 \u20ac\nTotal des recettes (I+II+III) 3 050 522,25 \u20ac\nReport \u00e0 nouveau N-2 (exc\u00e9dent) 195 176,75 \u20ac\nTotal des recettes (I+II+III) 3 245 699,00\nRecettes\nD\u00e9penses\nDirection r\u00e9gionale et interd\u00e9partementale de l'\u00e9conomie, de l'emploi, du travail et des solidarit\u00e9s d'\u00cele-de-France -\nIDF-2025-11-27-00017 - Arr\u00eat\u00e9 n \u00b0 2025 - 51 fixant le montant de la dotation globale de financement et sa r\u00e9partition par financeur\npublic du service mandataire judiciaire \u00e0 la protection des majeurs \u00ab ATIVO 95, SIRET 332 537 729 00078 \u00bb pour l'ann\u00e9e 2025\n79\n4 \n \nArticle 3 : \n \nPour l'exercice budg\u00e9taire 202 5, en application de l'article R. 314 -193-1 du code de l'action sociale et des \nfamilles, \n \n1\u00b0 la dotation vers\u00e9e par l'Etat est fix\u00e9e \u00e0 99,70 %, soit un montant de 2 394 988,66 \u20ac ; \n \n2\u00b0 la dotation vers\u00e9e par le d\u00e9partement du Val-d'Oise est fix\u00e9e \u00e0 0.30 %, soit un montant de 7 206,59 \u20ac. \n \n \nArticle 4 : \n \nLa fraction forfaitaire \u00e9gale, en application de l'article R. 314-107 du code de l'action sociale et des familles, au \ndouzi\u00e8me du montant de la dotation globale de financement, est \u00e9gale \u00e0 :  \n \n1\u00b0 199 582,38 \u20ac pour la dotation mentionn\u00e9e au 1\u00b0 de l'article 3 du pr\u00e9sent arr\u00eat\u00e9 ; \n \n2\u00b0 600,55 \u20ac pour la dotation mentionn\u00e9e au 2\u00b0 de l'article 3 du pr\u00e9sent arr\u00eat\u00e9 . \n \n \nArticle 5 : \n \nL'ordonnateur de la d\u00e9pense est le pr\u00e9fet de la r\u00e9gion Ile-de-France, pr\u00e9fet de Paris, repr\u00e9sent\u00e9 par le directeur \nr\u00e9gional et interd\u00e9partemental de l'\u00e9conomie, de l'emploi du travail et des solidarit\u00e9s d'Ile -de-France. \n \n \nArticle 6 : \n \nLe comptable assignataire est le directeur r\u00e9gional des finances publiques d'Ile -de-France et du d\u00e9partement \nde Paris. \n \n \nArticle 7 : \n \nUn exemplaire du pr\u00e9sent arr\u00eat\u00e9 sera notifi\u00e9 : \n- au pr\u00e9sident de l'association gestionnaire du service ; \n- au pr\u00e9sident du conseil d\u00e9partemental du Val-d'Oise ; \n- \u00e0 la directrice d\u00e9partementale de l'emploi, du travail et des solidarit\u00e9s du d\u00e9partement du Val-d'Oise. \n \n \nArticle 8 : \n \nLe pr\u00e9sent arr\u00eat\u00e9 peut faire l'objet d'un recours administratif, soit gracieux aupr\u00e8s d u pr\u00e9fet de la r\u00e9gion d'\u00cele-\nde-France, pr\u00e9fet de Paris, soit hi\u00e9rarchique aupr\u00e8s du ministre des affaires sociales et de la sant\u00e9, dans les deux \nmois suivant la notification du pr\u00e9sent arr\u00eat\u00e9. L'absence de r\u00e9ponse de l'administration au terme d'un d\u00e9lai de \ndeux mois vaut rejet implicite du recours administratif. \n \nUn recours contentieux peut \u00eatre d\u00e9pos\u00e9 aupr\u00e8s du tribunal administratif de Versailles, sis 56, avenue de Saint-\nCloud, 78000 Versailles, dans un d\u00e9lai de deux mois \u00e0 partir de la notification du pr\u00e9sent arr\u00eat\u00e9, ou dans un \nd\u00e9lai de deux mois \u00e0 partir du rejet du recours administratif. Le recours contentieux peut \u00eatre d\u00e9pos\u00e9 en ligne \nvia l'application \u00ab T\u00e9l\u00e9recours citoyens \u00bb accessible par le site internet www.telerecours.fr, par voie postale ou \ndirectement au bureau du greffe de la juridiction. \n \nDirection r\u00e9gionale et interd\u00e9partementale de l'\u00e9conomie, de l'emploi, du travail et des solidarit\u00e9s d'\u00cele-de-France -\nIDF-2025-11-27-00017 - Arr\u00eat\u00e9 n \u00b0 2025 - 51 fixant le montant de la dotation globale de financement et sa r\u00e9partition par financeur\npublic du service mandataire judiciaire \u00e0 la protection des majeurs \u00ab ATIVO 95, SIRET 332 537 729 00078 \u00bb pour l'ann\u00e9e 2025\n80\n5 \n \nArticle 9 : \n \nEn application des dispositions du III de l'article R.314-36 du code de l'action sociale et des familles, le pr\u00e9sent \narr\u00eat\u00e9 sera publi\u00e9 au recueil des actes administratifs de la pr\u00e9fecture de la r\u00e9gion d'Ile -de-France. \n \n \nArticle 10 : \n \nLe pr\u00e9fet, secr\u00e9taire g\u00e9n\u00e9ral pour les affaires r\u00e9gionales de la pr\u00e9fecture de la r\u00e9gion d'Ile-de-France le directeur \nr\u00e9gional et interd\u00e9partemental de l'\u00e9conomie, de l'emploi, du travail  et des solidarit\u00e9s d'\u00cele -de-France sont \ncharg\u00e9s de l'ex\u00e9cution du pr\u00e9sent arr\u00eat\u00e9. \n \n \nFait \u00e0 Saint-Denis, le 27 novembre 2025 \n \nPour le pr\u00e9fet de la r\u00e9gion d'Ile-de-France,  \npr\u00e9fet de Paris et par d\u00e9l\u00e9gation, \nle directeur r\u00e9gional \n \nsign\u00e9 \n \nJean MENJON \nL'adjoint au Chef de d\u00e9partement \nsolidarit\u00e9s et emploi  \n \n \n \n \n \n \n \n \n \n \n \nDestinataire : \nMadame MAHIEU Jocelyne \nPr\u00e9sidente de l'ATIVO \nImmeuble Ordinal \n12 rue des Chauffours \nCS 80016 \n95095 Cergy-Pontoise \nMail : ifeajm44@gmail.com \n \nCopie : \n- \u00e0 la DDETS du Val-d'Oise (95) \n \nDirection r\u00e9gionale et interd\u00e9partementale de l'\u00e9conomie, de l'emploi, du travail et des solidarit\u00e9s d'\u00cele-de-France -\nIDF-2025-11-27-00017 - Arr\u00eat\u00e9 n \u00b0 2025 - 51 fixant le montant de la dotation globale de financement et sa r\u00e9partition par financeur\npublic du service mandataire judiciaire \u00e0 la protection des majeurs \u00ab ATIVO 95, SIRET 332 537 729 00078 \u00bb pour l'ann\u00e9e 2025\n81\nDirection r\u00e9gionale et interd\u00e9partementale de\nl'\u00e9conomie, de l'emploi, du travail et des\nsolidarit\u00e9s d'\u00cele-de-France\nIDF-2025-11-27-00019\nArr\u00eat\u00e9 n \u00b0 2025 - 52 fixant le montant de la\ndotation globale de financement et sa\nr\u00e9partition par financeur public du service\nmandataire judiciaire \u00e0 la protection des majeurs\n\u00ab UDAF 95, SIRET 34 095 037 00061 \u00bb pour\nl'ann\u00e9e 2025\nDirection r\u00e9gionale et interd\u00e9partementale de l'\u00e9conomie, de l'emploi, du travail et des solidarit\u00e9s d'\u00cele-de-France -\nIDF-2025-11-27-00019 - Arr\u00eat\u00e9 n \u00b0 2025 - 52 fixant le montant de la dotation globale de financement et sa r\u00e9partition par financeur\npublic du service mandataire judiciaire \u00e0 la protection des majeurs \u00ab UDAF 95, SIRET 34 095 037 00061 \u00bb pour l'ann\u00e9e 2025\n82\nPREFET |DE LA REGIOND'\u00ceLE-DE-FRANCELibert\u00e9Egalit\u00e9Fraternit\u00e9\n \n \n Direction r\u00e9gionale et interd\u00e9partementale \nde l'\u00e9conomie, de l'emploi, \ndu travail et des solidarit\u00e9s \n \n \n \n \n \n \n \n \nDRIEETS d'Ile-de-France \n32, rue Jean Jaur\u00e8s 93200 Saint-Denis \nhttp://idf.direccte.gouv.fr/ \n \n \n \n  \nARR\u00caT\u00c9 n \u00b0 2025 - 52 \nfixant le montant de la dotation globale de financement et sa r\u00e9partition par \nfinanceur public du service mandataire judiciaire \u00e0 la protection des majeurs \n\u00ab UDAF 95, SIRET 34 095 037 00061 \u00bb  \npour l'ann\u00e9e 2025 \n \n \nLE PR\u00c9FET DE LA R\u00c9GION D'ILE-DE-FRANCE \nPR\u00c9FET DE PARIS \nGRAND OFFICIER DE LA L\u00c9GION D'HONNEUR \nOFFICIER DE L'ORDRE NATIONAL DU M\u00c9RITE \n \n \nVu le code de l'action sociale et des familles, notamment ses articles L.312 -1, L.314 -1, L.314-4, L.314 -5,   \nL.314-7, L.361-1 et les articles R.314-2 et suivants ; \n \nVu la loi organique n\u00b0 2001-692 du 1er ao\u00fbt 2001 modifi\u00e9e relative aux lois de finances ; \n \nVu la loi n\u00b0 2000-321 du 12 avril 2000 modifi\u00e9e relative aux droits des citoyens dans leurs relations avec les \nadministrations ; \n \nVu la loi n\u00b0 2025-127 du 14 f\u00e9vrier 2025 de finances pour 2025 ; \n \nVu le d\u00e9cret n\u00b0 2003-1010 du 22 octobre 2003 relatif \u00e0 la gestion budg\u00e9taire, comptable et financi\u00e8re et \naux modalit\u00e9s de financement et de tarification des \u00e9tablissements et services sociaux et m\u00e9dico -\nsociaux mentionn\u00e9s au I de l'article L. 312-1 du code de l'action sociale et des familles ; \n \n  Vu le d\u00e9cret n\u00b0 2008-1500 du 30 d\u00e9cembre 2008 relatif \u00e0 la r\u00e9glementation financi\u00e8re et budg\u00e9taire des \n\u00e9tablissements sociaux et m\u00e9dico-sociaux, notamment son article 3 ; \n \nVu le d\u00e9cret du 22 juillet 2020 portant nomination de Monsieur Marc GUILLAUME en qualit\u00e9 de pr\u00e9fet de \nla r\u00e9gion d'Ile-de-France, pr\u00e9fet de Paris ; \n \nVu le d\u00e9cret n\u00b0 2020 -1545 du 9 d\u00e9cembre 2020 relatif \u00e0 l'organisation et aux missions des directions \nr\u00e9gionales de l'\u00e9conomie, de l'emploi, du travail et des solidarit\u00e9s, des directions d\u00e9partementales de \nl'emploi, du travail et des solidarit\u00e9s et des dire ctions d\u00e9partementales de l'emploi, du travail, des \nsolidarit\u00e9s et de la protection des populations ; \n \n \nDirection r\u00e9gionale et interd\u00e9partementale de l'\u00e9conomie, de l'emploi, du travail et des solidarit\u00e9s d'\u00cele-de-France -\nIDF-2025-11-27-00019 - Arr\u00eat\u00e9 n \u00b0 2025 - 52 fixant le montant de la dotation globale de financement et sa r\u00e9partition par financeur\npublic du service mandataire judiciaire \u00e0 la protection des majeurs \u00ab UDAF 95, SIRET 34 095 037 00061 \u00bb pour l'ann\u00e9e 2025\n83\n2 \n \n \nVu l'arr\u00eat\u00e9 du 9 juillet 2009 fixant les indicateurs applicables aux services mandataires judiciaires \u00e0 la \nprotection des majeurs et aux services d\u00e9l\u00e9gu\u00e9s aux prestations familiales ;  \n \n  Vu l'arr\u00eat\u00e9 du 31 ao\u00fbt 2018 relatif \u00e0 la d\u00e9termination du co\u00fbt des mesures de protection exerc\u00e9es par les \nmandataires judiciaires \u00e0 la protection des majeurs ; \n \nVu l'arr\u00eat\u00e9 du 12 ao\u00fbt 2025 portant nomination de Monsieur Fabrice MASI, sur l'emploi de directeur \nr\u00e9gional et interd\u00e9partemental de l'\u00e9conomie, de l'emploi, du travail et des solidarit\u00e9s d'Ile-de-France ; \n \nVu l'arr\u00eat\u00e9 du 25 ao\u00fbt 2025 fixant les dotations r\u00e9gionales limitatives relatives aux frais de \nfonctionnement des services mandataires judiciaires \u00e0 la protection des majeurs relevant du I de \nl'article L. 361-1 du code de l'action sociale et des familles ; \nVu l'arr\u00eat\u00e9 pr\u00e9fectoral n\u00b0 75 -2021-03-30-00003 du 30 mars 2021 portant organisation de la direction \nr\u00e9gionale et interd\u00e9partementale de l'\u00e9conomie, de l'emploi, du travail et des solidarit\u00e9s d'Ile -de-\nFrance ;  \nVu l'arr\u00eat\u00e9 pr\u00e9fectoral n\u00b0 IDF-2025-08-27-00002 du 27 ao\u00fbt 2025  portant d\u00e9l\u00e9gation de signature \u00e0 \nMonsieur Fabrice MASI, directeur r\u00e9gional et interd\u00e9partemental de l'\u00e9conomie, de l'emploi, du travail \net des solidarit\u00e9s d'Ile-de-France (DRIEETS), en mati\u00e8re administrative ; \nVu l'arr\u00eat\u00e9 n\u00b0 IDF-2025-08-27-00003 du 27 ao\u00fbt 2025 portant d\u00e9l\u00e9gation de signature \u00e0 Monsieur Fabrice \nMASI, directeur r\u00e9gional et interd\u00e9partemental de l'\u00e9conomie, de l'emploi, du travail et des solidarit\u00e9s \nd'Ile-de-France (DRIEETS), en mati\u00e8re d'ordonnancement secondaire ; \nVu l'arr\u00eat\u00e9 n\u00b0 IDF -2025-167 du 29 ao\u00fbt 2025 portant subd\u00e9l\u00e9gation de signature en mati\u00e8re \nd'ordonnancement secondaire des recettes et des d\u00e9penses de l'Etat aux agents de la DRIEETS d'\u00cele -\nde-France ; \nVu la d\u00e9cision n\u00b0 2025-164 du 28 ao\u00fbt 2025 portant subd\u00e9l\u00e9gation de signature de Monsieur Fabrice MASI, \ndirecteur r\u00e9gional et interd\u00e9partemental de l'\u00e9conomie, de l'emploi, du travail et des solidarit\u00e9s d'Ile-\nde-France (DRIEETS), aux agents de l'unit\u00e9 r\u00e9gionale ; \n \nVu l'arr\u00eat\u00e9 DDCS n\u00b0  95-A-2017-142 du 12 d\u00e9cembre 2017  portant autorisation d'exercer du  service \nmandataire judiciaire \u00e0 la protection des majeurs de l'association UDAF 95 ;  \n \nVu les propositions budg\u00e9taires pour l'exercice 202 5 d\u00e9pos\u00e9es au moyen de la plateforme e -FSM par la \npersonne ayant qualit\u00e9 pour repr\u00e9senter le service susvis\u00e9 le 30 octobre 2024 ; \n \nVu l'instruction N\u00b0 DGCS/2A/5A/2025/122 du 8 septembre 2025 relative aux orientations de l'exercice \n2025 pour la campagne budg\u00e9taire des services mandataires judiciaires \u00e0 la protection des majeurs et \ndes services d\u00e9l\u00e9gu\u00e9s aux prestations familiales ; \n \nVu le rapport r\u00e9gional d'orientation budg\u00e9taire pour la campagne budg\u00e9taire 202 5 des services \nmandataires judiciaires \u00e0 la protection des majeurs et des services d\u00e9l\u00e9gu\u00e9s aux prestations famili ales \nde la r\u00e9gion Ile-de-France ; \n \nVu la d\u00e9cision d'autorisation budg\u00e9tai re en date du 28 octobre 2025, d\u00e9pos\u00e9 sur la plateforme e -FSM le \n29 octobre 2025, cl\u00f4turant les \u00e9changes effectu\u00e9s durant la proc\u00e9dure contradictoire ; \nDirection r\u00e9gionale et interd\u00e9partementale de l'\u00e9conomie, de l'emploi, du travail et des solidarit\u00e9s d'\u00cele-de-France -\nIDF-2025-11-27-00019 - Arr\u00eat\u00e9 n \u00b0 2025 - 52 fixant le montant de la dotation globale de financement et sa r\u00e9partition par financeur\npublic du service mandataire judiciaire \u00e0 la protection des majeurs \u00ab UDAF 95, SIRET 34 095 037 00061 \u00bb pour l'ann\u00e9e 2025\n84\n3 \n \n \nSur proposition du directeur r\u00e9gional et interd\u00e9partemental de l'\u00e9conomie, de l'emploi, du travail et des  \nsolidarit\u00e9s. \n \n \n \nArr\u00eate : \n \n \nArticle 1er : \n \nPour l'exercice budg\u00e9taire 2025, les d\u00e9penses et les recettes pr\u00e9visionnelles du service mandataire judiciaire \u00e0 \nla protection des majeurs UDAF 95 sis, 28 rue de l'aven, 95891 Cergy -Pontoise cedex sont autoris\u00e9es comme \nsuit : \n \n \n \n \n \nArticle 2 : \n \nPour l'exercice budg\u00e9taire 202 5, la dotation globale de financement du service UDAF 95  est fix\u00e9e \u00e0               \n1 298 231,12 \u20ac (un million deux cent quatre-vingt-dix-huit mille deux cent trente-et-un euros et douze centimes), \nint\u00e9grant la reprise des r\u00e9sultats ant\u00e9rieurs \u00e0 hauteur de 57 024,28 \u20ac (cinquante-sept mille vingt-quatre euros \net vingt-huit centimes)  \n \nGroupes fonctionnels Montants\nGroupe I - D\u00e9penses aff\u00e9rentes \u00e0 \nl'exploitation courante 56 640,00 \u20ac\nDont d\u00e9penses non reconductibles\nGroupe II - D\u00e9penses aff\u00e9rentes au \npersonnel 1 325 971,46 \u20ac\nDont d\u00e9penses non reconductibles\nGroupe III \u2013 D\u00e9penses aff\u00e9rentes \u00e0 la \nstructure 172 643,94 \u20ac\nDont d\u00e9penses non reconductibles\nTotal des d\u00e9penses (I+II+III) 1 555 255,40 \u20ac\nReprise du r\u00e9sultat N-2 (d\u00e9ficit)\nTotal 1 555 255,40 \u20ac\nGroupe I - Produits de la tarification 1 498 231,12 \u20ac\nDont tarification 1 298 231,12 \u20ac\nDont participation des majeurs 200 000,00 \u20ac\nGroupe II \u2013 Autres produits relatifs \u00e0 \nl'exploitation 0,00 \u20ac\nGroupe III \u2013 Produits financiers et produits\nnon encaissables 0,00 \u20ac\nTotal des recettes (I+II+III) 1 498 231,12 \u20ac\nReport \u00e0 nouveau N-2 (exc\u00e9dent) 57 024,28 \u20ac\nTotal des recettes (I+II+III) 1 555 255,40\nRecettes\nD\u00e9penses\nDirection r\u00e9gionale et interd\u00e9partementale de l'\u00e9conomie, de l'emploi, du travail et des solidarit\u00e9s d'\u00cele-de-France -\nIDF-2025-11-27-00019 - Arr\u00eat\u00e9 n \u00b0 2025 - 52 fixant le montant de la dotation globale de financement et sa r\u00e9partition par financeur\npublic du service mandataire judiciaire \u00e0 la protection des majeurs \u00ab UDAF 95, SIRET 34 095 037 00061 \u00bb pour l'ann\u00e9e 2025\n85\n4 \n \nArticle 3 : \n \nPour l'exercice budg\u00e9taire 202 5, en application de l'article R. 314 -193-1 du code de l'action sociale et des \nfamilles, \n \n1\u00b0 la dotation vers\u00e9e par l'Etat est fix\u00e9e \u00e0 99,70 %, soit un montant de 1 294 336,43 \u20ac ; \n \n2\u00b0 la dotation vers\u00e9e par le d\u00e9partement du Val-d'Oise est fix\u00e9e \u00e0 0,30 %, soit un montant de 3 894,69 \u20ac. \n \n \nArticle 4 : \n \nLa fraction forfaitaire \u00e9gale, en application de l'article R. 314-107 du code de l'action sociale et des familles, au \ndouzi\u00e8me du montant de la dotation globale de financement, est \u00e9gale \u00e0 :  \n \n1\u00b0 107 861,36 \u20ac pour la dotation mentionn\u00e9e au 1\u00b0 de l'article 3 du pr\u00e9sent arr\u00eat\u00e9 ;  \n \n2\u00b0 324,56 \u20ac pour la dotation mentionn\u00e9e au 2\u00b0 de l'article 3 du pr\u00e9sent arr\u00eat\u00e9 . \n \n \nArticle 5 : \n \nL'ordonnateur de la d\u00e9pense est le pr\u00e9fet de la r\u00e9gion Ile-de-France, pr\u00e9fet de Paris, repr\u00e9sent\u00e9 par le directeur \nr\u00e9gional et interd\u00e9partemental de l'\u00e9conomie, de l'emploi du travail et des solidarit\u00e9s d'Ile -de-France. \n \n \nArticle 6 : \n \nLe comptable assignataire est le directeur r\u00e9gional des finances publiques d'Ile -de-France et du d\u00e9partement \nde Paris. \n \n \nArticle 7 : \n \nUn exemplaire du pr\u00e9sent arr\u00eat\u00e9 sera notifi\u00e9 : \n- au pr\u00e9sident de l'association gestionnaire du service ; \n- au pr\u00e9sident du conseil d\u00e9partemental du Val-d'Oise ; \n- \u00e0 la directrice d\u00e9partementale de l'emploi, du travail et des solidarit\u00e9s du d\u00e9partement du Val-d'Oise. \n \n \nArticle 8 : \n \nLe pr\u00e9sent arr\u00eat\u00e9 peut faire l'objet d'un recours administratif, soit gracieux aupr\u00e8s d u pr\u00e9fet de la r\u00e9gion d'\u00cele-\nde-France, pr\u00e9fet de Paris, soit hi\u00e9rarchique aupr\u00e8s du ministre des affaires sociales et de la sant\u00e9, dans les deux \nmois suivant la notification du pr\u00e9sent arr\u00eat\u00e9. L'absence de r\u00e9ponse de l'administration au terme d'un d\u00e9lai de \ndeux mois vaut rejet implicite du recours administratif. \n \nUn recours contentieux peut \u00eatre d\u00e9pos\u00e9 aupr\u00e8s du tribunal administratif de Versailles, sis 56, avenue de Saint-\nCloud, 78000 Versailles, dans un d\u00e9lai de deux mois \u00e0 partir de la notification du pr\u00e9sent arr\u00eat\u00e9, ou dans un \nd\u00e9lai de deux mois \u00e0 partir du rejet du recours administratif. Le recours contentieux peut \u00eatre d\u00e9pos\u00e9 en ligne \nvia l'application \u00ab T\u00e9l\u00e9recours citoyens \u00bb accessible par le site internet www.telerecours.fr, par voie postale ou \ndirectement au bureau du greffe de la juridiction. \n \nDirection r\u00e9gionale et interd\u00e9partementale de l'\u00e9conomie, de l'emploi, du travail et des solidarit\u00e9s d'\u00cele-de-France -\nIDF-2025-11-27-00019 - Arr\u00eat\u00e9 n \u00b0 2025 - 52 fixant le montant de la dotation globale de financement et sa r\u00e9partition par financeur\npublic du service mandataire judiciaire \u00e0 la protection des majeurs \u00ab UDAF 95, SIRET 34 095 037 00061 \u00bb pour l'ann\u00e9e 2025\n86\n5 \n \nArticle 9 : \n \nEn application des dispositions du III de l'article R.314-36 du code de l'action sociale et des familles, le pr\u00e9sent \narr\u00eat\u00e9 sera publi\u00e9 au recueil des actes administratifs de la pr\u00e9fecture de la r\u00e9gion d'Ile -de-France. \n \n \nArticle 10 : \n \nLe pr\u00e9fet, secr\u00e9taire g\u00e9n\u00e9ral pour les affaires r\u00e9gionales de la pr\u00e9fecture de la r\u00e9gion d'Ile-de-France le directeur \nr\u00e9gional et interd\u00e9partemental de l'\u00e9conomie, de l'emploi, du travail  et des solidarit\u00e9s d'\u00cele -de-France sont \ncharg\u00e9s de l'ex\u00e9cution du pr\u00e9sent arr\u00eat\u00e9. \n \n \nFait \u00e0 Saint-Denis, le 27 novembre 2025 \n \nPour le pr\u00e9fet de la r\u00e9gion d'Ile-de-France,  \npr\u00e9fet de Paris et par d\u00e9l\u00e9gation, \nle directeur r\u00e9gional \n \nsign\u00e9 \n \nJean MENJON \nL'adjoint au Chef de d\u00e9partement \nsolidarit\u00e9s et emploi  \n \n \n \n \n \n \n \n \n \n \n \n \n \n \nMadame CASSILDE Rachel  \nPr\u00e9sidente de l'UDAF 95 \n28 rue de l'aven \n95891 Cergy-Pontoise Cedex \nMail : r.cassilde@udaf95.fr  \n \nCopie : \n- \u00e0 la DDETS du Val-d'Oise (95) \n \nDirection r\u00e9gionale et interd\u00e9partementale de l'\u00e9conomie, de l'emploi, du travail et des solidarit\u00e9s d'\u00cele-de-France -\nIDF-2025-11-27-00019 - Arr\u00eat\u00e9 n \u00b0 2025 - 52 fixant le montant de la dotation globale de financement et sa r\u00e9partition par financeur\npublic du service mandataire judiciaire \u00e0 la protection des majeurs \u00ab UDAF 95, SIRET 34 095 037 00061 \u00bb pour l'ann\u00e9e 2025\n87\nDirection r\u00e9gionale et interd\u00e9partementale de\nl'\u00e9conomie, de l'emploi, du travail et des\nsolidarit\u00e9s d'\u00cele-de-France\nIDF-2025-11-27-00018\nArr\u00eat\u00e9 n \u00b0 2025 - 53 fixant le montant de la\ndotation globale de financement et sa\nr\u00e9partition par financeur public du service\nmandataire judiciaire \u00e0 la protection des majeurs\n\u00ab APAJH 95, SIRET 398 041 442 00326 \u00bb pour\nl'ann\u00e9e 2025\nDirection r\u00e9gionale et interd\u00e9partementale de l'\u00e9conomie, de l'emploi, du travail et des solidarit\u00e9s d'\u00cele-de-France -\nIDF-2025-11-27-00018 - Arr\u00eat\u00e9 n \u00b0 2025 - 53 fixant le montant de la dotation globale de financement et sa r\u00e9partition par financeur\npublic du service mandataire judiciaire \u00e0 la protection des majeurs \u00ab APAJH 95, SIRET 398 041 442 00326 \u00bb pour l'ann\u00e9e 2025\n88\nPREFET |DE LA REGIOND'\u00ceLE-DE-FRANCELibert\u00e9Egalit\u00e9Fraternit\u00e9\n \n \n Direction r\u00e9gionale et interd\u00e9partementale \nde l'\u00e9conomie, de l'emploi, \ndu travail et des solidarit\u00e9s \n \n \n \n \n \n \n \n \nDRIEETS d'Ile-de-France \n32, rue Jean Jaur\u00e8s 93200 Saint-Denis \nhttp://idf.direccte.gouv.fr/ \n \n \n \n  \nARR\u00caT\u00c9 n \u00b0 2025 - 53 \nfixant le montant de la dotation globale de financement et sa r\u00e9partition par \nfinanceur public du service mandataire judiciaire \u00e0 la protection des majeurs \n\u00ab APAJH 95, SIRET 398 041 442 00326 \u00bb  \npour l'ann\u00e9e 2025 \n \n \nLE PR\u00c9FET DE LA R\u00c9GION D'ILE-DE-FRANCE \nPR\u00c9FET DE PARIS \nGRAND OFFICIER DE LA L\u00c9GION D'HONNEUR \nOFFICIER DE L'ORDRE NATIONAL DU M\u00c9RITE \n \n \nVu le code de l'action sociale et des familles, notamment ses articles L.312 -1, L.314 -1, L.314-4, L.314 -5,   \nL.314-7, L.361-1 et les articles R.314-2 et suivants ; \n \nVu la loi organique n\u00b0 2001-692 du 1er ao\u00fbt 2001 modifi\u00e9e relative aux lois de finances ; \n \nVu la loi n\u00b0 2000-321 du 12 avril 2000 modifi\u00e9e relative aux droits des citoyens dans leurs relations avec les \nadministrations ; \n \nVu la loi n\u00b0 2025-127 du 14 f\u00e9vrier 2025 de finances pour 2025 ; \n \nVu le d\u00e9cret n\u00b0 2003-1010 du 22 octobre 2003 relatif \u00e0 la gestion budg\u00e9taire, comptable et financi\u00e8re et \naux modalit\u00e9s de financement et de tarification des \u00e9tablissements et services sociaux et m\u00e9dico -\nsociaux mentionn\u00e9s au I de l'article L. 312-1 du code de l'action sociale et des familles ; \n \n  Vu le d\u00e9cret n\u00b0 2008-1500 du 30 d\u00e9cembre 2008 relatif \u00e0 la r\u00e9glementation financi\u00e8re et budg\u00e9taire des \n\u00e9tablissements sociaux et m\u00e9dico-sociaux, notamment son article 3 ; \n \nVu le d\u00e9cret du 22 juillet 2020 portant nomination de Monsieur Marc GUILLAUME en qualit\u00e9 de pr\u00e9fet de \nla r\u00e9gion d'Ile-de-France, pr\u00e9fet de Paris ; \n \nVu le d\u00e9cret n\u00b0 2020 -1545 du 9 d\u00e9cembre 2020 relatif \u00e0 l'organisation et aux missions des directions \nr\u00e9gionales de l'\u00e9conomie, de l'emploi, du travail et des solidarit\u00e9s, des directions d\u00e9partementales de \nl'emploi, du travail et des solidarit\u00e9s et des dire ctions d\u00e9partementales de l'emploi, du travail, des \nsolidarit\u00e9s et de la protection des populations ; \n \n \nDirection r\u00e9gionale et interd\u00e9partementale de l'\u00e9conomie, de l'emploi, du travail et des solidarit\u00e9s d'\u00cele-de-France -\nIDF-2025-11-27-00018 - Arr\u00eat\u00e9 n \u00b0 2025 - 53 fixant le montant de la dotation globale de financement et sa r\u00e9partition par financeur\npublic du service mandataire judiciaire \u00e0 la protection des majeurs \u00ab APAJH 95, SIRET 398 041 442 00326 \u00bb pour l'ann\u00e9e 2025\n89\n2 \n \n \nVu l'arr\u00eat\u00e9 du 9 juillet 2009 fixant les indicateurs applicables aux services mandataires judiciaires \u00e0 la \nprotection des majeurs et aux services d\u00e9l\u00e9gu\u00e9s aux prestations familiales ;  \n \n  Vu l'arr\u00eat\u00e9 du 31 ao\u00fbt 2018 relatif \u00e0 la d\u00e9termination du co\u00fbt des mesures de protection exerc\u00e9es par les \nmandataires judiciaires \u00e0 la protection des majeurs ; \n \nVu l'arr\u00eat\u00e9 du 12 ao\u00fbt 2025 portant nomination de Monsieur Fr\u00e9d\u00e9ric Fabrice MASI, sur l'emploi de \ndirecteur r\u00e9gional et interd\u00e9partemental de l'\u00e9conomie, de l'emploi, du travail et des solidarit\u00e9s d'Ile-\nde-France ; \n \nVu l'arr\u00eat\u00e9 du 25 ao\u00fbt 2025 fixant les dotations r\u00e9gionales limitatives relatives aux frais de \nfonctionnement des services mandataires judiciaires \u00e0 la protection des majeurs relevant du I de \nl'article L. 361-1 du code de l'action sociale et des familles ; \nVu l'arr\u00eat\u00e9 pr\u00e9fectoral n\u00b0 75 -2021-03-30-00003 du 30 mars 2021 portant organisation de la direction \nr\u00e9gionale et interd\u00e9partementale de l'\u00e9conomie, de l'emploi, du travail et des solidarit\u00e9s d'Ile -de-\nFrance ;  \nVu l'arr\u00eat\u00e9 pr\u00e9fectoral n\u00b0 IDF-2025-08-27-00002 du 27 ao\u00fbt 2025  portant d\u00e9l\u00e9gation de signature \u00e0 \nMonsieur Fr\u00e9d\u00e9ric Fabrice MASI, directeur r\u00e9gional et interd\u00e9partemental de l'\u00e9conomie, de l'emploi, \ndu travail et des solidarit\u00e9s d'Ile-de-France (DRIEETS), en mati\u00e8re administrative ; \nVu l'arr\u00eat\u00e9 n\u00b0 IDF-2025-08-27-00003 du 27 ao\u00fbt 2025 portant d\u00e9l\u00e9gation de signature \u00e0 Monsieur Fr\u00e9d\u00e9ric \nFabrice MASI, directeur r\u00e9gional et interd\u00e9partemental de l'\u00e9conomie, de l'emploi, du travail et des \nsolidarit\u00e9s d'Ile-de-France (DRIEETS), en mati\u00e8re d'ordonnancement secondaire ; \nVu l'arr\u00eat\u00e9 n\u00b0 IDF -2025-167 du 29 ao\u00fbt 2025 portant subd\u00e9l\u00e9gation de signature en mati\u00e8re \nd'ordonnancement secondaire des recettes et des d\u00e9penses de l'Etat aux agents de la DRIEETS d'\u00cele -\nde-France ; \nVu la d\u00e9cision n\u00b0 2025-164 du 28 ao\u00fbt 2025 portant subd\u00e9l\u00e9gation de signature de Monsieur Fabrice MASI, \ndirecteur r\u00e9gional et interd\u00e9partemental de l'\u00e9conomie, de l'emploi, du travail et des solidarit\u00e9s d'Ile-\nde-France (DRIEETS), aux agents de l'unit\u00e9 r\u00e9gionale ; \n \nVu l'arr\u00eat\u00e9 DDCS n\u00b0  95-A-2017-140 du 12 d\u00e9cembre 2017  portant autorisation d'exercer du  service \nmandataire judiciaire \u00e0 la protection des majeurs de l'association APAJH 95 ;  \n \nVu les propositions budg\u00e9taires pour l'exercice 202 5 d\u00e9pos\u00e9es au moyen de la plateforme e -FSM par la \npersonne ayant qualit\u00e9 pour repr\u00e9senter le service susvis\u00e9 le 30 octobre 2024 ; \n \nVu l'instruction N\u00b0 DGCS/2A/5A/2025/122 du 8 septembre 2025 relative aux orientations de l'exercice \n2025 pour la campagne budg\u00e9taire des services mandataires judiciaires \u00e0 la protection des majeurs et \ndes services d\u00e9l\u00e9gu\u00e9s aux prestations familiales ; \n \nVu le rapport r\u00e9gional d'orientation budg\u00e9taire pour la campagne budg\u00e9taire 202 5 des services \nmandataires judiciaires \u00e0 la protection des majeurs et des services d\u00e9l\u00e9gu\u00e9s aux prestations famili ales \nde la r\u00e9gion Ile-de-France ; \n \nDirection r\u00e9gionale et interd\u00e9partementale de l'\u00e9conomie, de l'emploi, du travail et des solidarit\u00e9s d'\u00cele-de-France -\nIDF-2025-11-27-00018 - Arr\u00eat\u00e9 n \u00b0 2025 - 53 fixant le montant de la dotation globale de financement et sa r\u00e9partition par financeur\npublic du service mandataire judiciaire \u00e0 la protection des majeurs \u00ab APAJH 95, SIRET 398 041 442 00326 \u00bb pour l'ann\u00e9e 2025\n90\n3 \n \nVu la d\u00e9cision d'autorisation budg\u00e9taire en date du 28 octobre 2025, d\u00e9pos\u00e9e sur la plateforme e-FSM le \n29 octobre 2025, cl\u00f4turant les \u00e9changes effectu\u00e9s durant la proc\u00e9dure contradictoire ;  \n \nSur proposition du directeur r\u00e9gional et interd\u00e9partemental de l'\u00e9conomie, de l'emploi, du travail et des  \nsolidarit\u00e9s. \n \n \n \nArr\u00eate : \n \nArticle 1er : \n \nPour l'exercice budg\u00e9taire 2025, les d\u00e9penses et les recettes pr\u00e9visionnelles du service mandataire judiciaire \u00e0 \nla protection des majeurs APAJH95 sis, si\u00e8ge sociale, 05 rue pasteur, CS 50079, 95151 Taverny cedex  sont \nautoris\u00e9es comme suit : \n \n \nGroupes fonctionnels Montants\nGroupe I - D\u00e9penses aff\u00e9rentes \u00e0 \nl'exploitation courante 136 750,00 \u20ac\nDont d\u00e9penses non reconductibles\nGroupe II - D\u00e9penses aff\u00e9rentes au personnel 1 484 502,11 \u20ac\nDont d\u00e9penses non reconductibles 47 969,56 \u20ac\nGroupe III \u2013 D\u00e9penses aff\u00e9rentes \u00e0 la \nstructure 296 871,11 \u20ac\nDont d\u00e9penses non reconductibles\nTotal des d\u00e9penses (I+II+III) 1 918 123,22 \u20ac\nReprise du r\u00e9sultat N-2 (d\u00e9ficit)\nTotal 1 918 123,22 \u20ac\nGroupe I - Produits de la tarification 1 886 081,22 \u20ac\nDont tarification 1 616 081,22 \u20ac\nDont participation des majeurs 270 000,00 \u20ac\nGroupe II \u2013 Autres produits relatifs \u00e0 \nl'exploitation 0,00 \u20ac\nGroupe III \u2013 Produits financiers et produits\nnon encaissables 642,00 \u20ac\nTotal des recettes (I+II+III) 1 886 723,22 \u20ac\nReport \u00e0 nouveau N-2 (exc\u00e9dent) 31 400,00 \u20ac\nTotal des recettes (I+II+III) 1 918 123,22\nRecettes\nD\u00e9penses\n \n  \nDirection r\u00e9gionale et interd\u00e9partementale de l'\u00e9conomie, de l'emploi, du travail et des solidarit\u00e9s d'\u00cele-de-France -\nIDF-2025-11-27-00018 - Arr\u00eat\u00e9 n \u00b0 2025 - 53 fixant le montant de la dotation globale de financement et sa r\u00e9partition par financeur\npublic du service mandataire judiciaire \u00e0 la protection des majeurs \u00ab APAJH 95, SIRET 398 041 442 00326 \u00bb pour l'ann\u00e9e 2025\n91\n4 \n \nArticle 2 : \n \nPour l'exercice budg\u00e9taire 202 5, la dotation globale de financement du service APAJH 95  est fix\u00e9e \n\u00e0  1 616 081,22 \u20ac (un million six cent seize mille et quatre -vingt-un euros et vingt -deux centimes), int\u00e9grant la \nreprise des r\u00e9sultats ant\u00e9rieurs \u00e0 hauteur de 31 400,00 \u20ac (trente-et-un mille quatre cent euros ) et des cr\u00e9dits \nnon reconductibles \u00e0 hauteur de 47 969,56 euros (quarante-sept mille neuf cent soixante -neuf euros et \ncinquante-six centimes). \n \n \nArticle 3 : \n \nPour l'exercice budg\u00e9taire 202 5, en application de l'article R. 314 -193-1 du code de l'action sociale et des \nfamilles, \n \n1\u00b0 la dotation vers\u00e9e par l'Etat est fix\u00e9e \u00e0 99,70 %, soit un montant de 1 611 232,98 \u20ac ; \n \n2\u00b0 la dotation vers\u00e9e par le d\u00e9partement du Val-d'Oise est fix\u00e9e \u00e0 0.30 %, soit un montant de 4 848,24 \u20ac. \n \n \nArticle 4 : \n \nLa fraction forfaitaire \u00e9gale, en application de l'article R. 314-107 du code de l'action sociale et des familles, au \ndouzi\u00e8me du montant de la dotation globale de financement, est \u00e9gale \u00e0 :  \n \n1\u00b0 134 269,41 \u20ac pour la dotation mentionn\u00e9e au 1\u00b0 de l'article 3 du pr\u00e9sent arr\u00eat\u00e9 ;  \n \n2\u00b0 404,02 \u20ac pour la dotation mentionn\u00e9e au 2\u00b0 de l'article 3 du pr\u00e9sent arr\u00eat\u00e9 . \n \n \nArticle 5 : \n \nL'ordonnateur de la d\u00e9pense est le pr\u00e9fet de la r\u00e9gion Ile-de-France, pr\u00e9fet de Paris, repr\u00e9sent\u00e9 par le directeur \nr\u00e9gional et interd\u00e9partemental de l'\u00e9conomie, de l'emploi du travail et des solidarit\u00e9s d'Ile -de-France. \n \n \nArticle 6 : \n \nLe comptable assignataire est le directeur r\u00e9gional des finances publiques d'Ile -de-France et du d\u00e9partement \nde Paris. \n \n \nArticle 7 : \n \nUn exemplaire du pr\u00e9sent arr\u00eat\u00e9 sera notifi\u00e9 : \n- au pr\u00e9sident de l'association gestionnaire du service ; \n- au pr\u00e9sident du conseil d\u00e9partemental du Val-d'Oise ; \n- \u00e0 la directrice d\u00e9partementale de l'emploi, du travail et des solidarit\u00e9s du d\u00e9partement du Val-d'Oise. \n \n \n  \nDirection r\u00e9gionale et interd\u00e9partementale de l'\u00e9conomie, de l'emploi, du travail et des solidarit\u00e9s d'\u00cele-de-France -\nIDF-2025-11-27-00018 - Arr\u00eat\u00e9 n \u00b0 2025 - 53 fixant le montant de la dotation globale de financement et sa r\u00e9partition par financeur\npublic du service mandataire judiciaire \u00e0 la protection des majeurs \u00ab APAJH 95, SIRET 398 041 442 00326 \u00bb pour l'ann\u00e9e 2025\n92\n5 \n \nArticle 8 : \n \nLe pr\u00e9sent arr\u00eat\u00e9 peut faire l'objet d'un recours administratif, soit gracieux aupr\u00e8s d u pr\u00e9fet de la r\u00e9gion d'\u00cele-\nde-France, pr\u00e9fet de Paris, soit hi\u00e9rarchique aupr\u00e8s du ministre des affaires sociales et de la sant\u00e9, dans les deux \nmois suivant la notification du pr\u00e9sent arr\u00eat\u00e9. L'absence de r\u00e9ponse de l'administration au terme d'un d\u00e9lai de \ndeux mois vaut rejet implicite du recours administratif. \n \nUn recours contentieux peut \u00eatre d\u00e9pos\u00e9 aupr\u00e8s du tribunal administratif de Versailles, sis 56, avenue de Saint-\nCloud, 78000 Versailles, dans un d\u00e9lai de deux mois \u00e0 partir de la notification du pr\u00e9sent arr\u00eat\u00e9, ou dans un \nd\u00e9lai de deux mois \u00e0 partir du rejet du recours administratif. Le recours contentieux peut \u00eatre d\u00e9pos\u00e9 en ligne \nvia l'application \u00ab T\u00e9l\u00e9recours citoyens \u00bb accessible par le site internet www.telerecours.fr, par voie postale ou \ndirectement au bureau du greffe de la juridiction. \n \n \nArticle 9 : \n \nEn application des dispositions du III de l'article R.314-36 du code de l'action sociale et des familles, le pr\u00e9sent \narr\u00eat\u00e9 sera publi\u00e9 au recueil des actes administratifs de la pr\u00e9fecture de la r\u00e9gion d'Ile-de-France. \n \n \nArticle 10 : \n \nLe pr\u00e9fet, secr\u00e9taire g\u00e9n\u00e9ral pour les affaires r\u00e9gionales de la pr\u00e9fecture de la r\u00e9gion d'Ile-de-France le directeur \nr\u00e9gional et interd\u00e9partemental de l'\u00e9conomie, de l'emploi, du travail  et des solidarit\u00e9s d'\u00cele -de-France sont \ncharg\u00e9s de l'ex\u00e9cution du pr\u00e9sent arr\u00eat\u00e9. \n \n \nFait \u00e0 Saint-Denis, le 27 novembre 2025 \n \nPour le pr\u00e9fet de la r\u00e9gion d'Ile-de-France,  \npr\u00e9fet de Paris et par d\u00e9l\u00e9gation, \nle directeur r\u00e9gional \n \nsign\u00e9 \n \nJean MENJON \nL'adjoint au Chef de d\u00e9partement \nsolidarit\u00e9s et emploi  \n \n \n \n \n \n \nMadame la pr\u00e9sidente  \nSi\u00e8ge social \n05 rue Pasteur  \nCS 50079 \n95151 Taverny cedex.   \nMail : arlette.giraud@apajh95.fr \n \nCopie : \n- \u00e0 la DDETS du Val-d'Oise (95) \nDirection r\u00e9gionale et interd\u00e9partementale de l'\u00e9conomie, de l'emploi, du travail et des solidarit\u00e9s d'\u00cele-de-France -\nIDF-2025-11-27-00018 - Arr\u00eat\u00e9 n \u00b0 2025 - 53 fixant le montant de la dotation globale de financement et sa r\u00e9partition par financeur\npublic du service mandataire judiciaire \u00e0 la protection des majeurs \u00ab APAJH 95, SIRET 398 041 442 00326 \u00bb pour l'ann\u00e9e 2025\n93\nDirection r\u00e9gionale et interd\u00e9partementale de\nl'h\u00e9bergement et du logement\nIDF-2025-11-24-00009\nArr\u00eat\u00e9 fixant la dotation globale de financement\n2025 du CADA COALLIA VAL D OISE\nDirection r\u00e9gionale et interd\u00e9partementale de l'h\u00e9bergement et du logement - IDF-2025-11-24-00009 - Arr\u00eat\u00e9 fixant la dotation\nglobale de financement 2025 du CADA COALLIA VAL D OISE 94\nE 3PREFET _DE LA REGIOND'\u00ceLE-DE-FRANCELibert\u00e9Egalit\u00e9Fraternit\u00e9\n1 \n \n \nDirection R\u00e9gionale et Interd\u00e9partementale  \nde l'H\u00e9bergement et du Logement \nDRIHL \n \n \n \n \n \n \nCENTRE : CADA DU VAL D'OISE COALLIA \nN\u00b0 SIRET : 775 680 309 00611 \n \nN\u00b0 EJ Chorus : 210 461 2049 \n \n \nARR\u00caTE n \u00b0 \n \n \n \nLE PR\u00c9FET DE LA R\u00c9GION D'\u00ceLE-DE-FRANCE, PR\u00c9FET DE PARIS  \nCOMMANDEUR DE LA L\u00c9GION D'HONNEUR  \nOFFICIER DE L'ORDRE NATIONAL DU M\u00c9RITE \n \n \n \n \n \n \nVu le code de l'action sociale et des familles, notamm ent les articles L 312-1, L 314-1 et suivants, L348 -\n1 \u00e0 L348-4, L351-1 et suivants et dans sa partie r\u00e9 glementaire les articles R314-1 et suivants, R348-\n1 \u00e0 R348-5, R351-1 et suivants ; \n \n \nVu  le code de l'entr\u00e9e et du s\u00e9jour des \u00e9trangers et du droit d'asile ; \n \n \nVu l'arr\u00eat\u00e9 minist\u00e9riel du 19 mai 2025 fixant les dota tions r\u00e9gionales limitatives relatives aux frais de  \nfonctionnement des centres d'accueil pour demandeur s d'asile pour 2025, publi\u00e9 au Journal Officiel \ndu 22 mai 2025 ; \n \n \nVu l'arr\u00eat\u00e9 pr\u00e9fectoral du 12 avril 2017 autorisant la  cr\u00e9ation d'un centre d'accueil pour demandeurs \nd'asile (CADA), sis 6 Boulevard de l'Hautil 95000 CERGY et g\u00e9r\u00e9 par l'association COALLIA ; \n \n \n \nVu  le courrier transmis le 29/10/2024 par lequel la p ersonne ayant qualit\u00e9 pour repr\u00e9senter le centre \nd'accueil pour demandeurs d'asile de l'association COALLIA a adress\u00e9 ses propositions budg\u00e9taires \net leurs annexes pour l'exercice 2024 ;\n \n \n \nVu  la d\u00e9cision d'attribution budg\u00e9taire du 18/07/2025  \n \n \n \n \nDirection r\u00e9gionale et interd\u00e9partementale de l'h\u00e9bergement et du logement - IDF-2025-11-24-00009 - Arr\u00eat\u00e9 fixant la dotation\nglobale de financement 2025 du CADA COALLIA VAL D OISE 95\n2 \n \nARR\u00caTE \n \nArticle 1 \ner : \n \nPour l'exercice budg\u00e9taire 2025, les d\u00e9penses et les recettes pr\u00e9visionnelles du CADA VAL D'OISE g\u00e9r\u00e9 par \nl'association COALLIA, dont la capacit\u00e9 est de 335 places, sont autoris\u00e9es comme suit : \n \n \n \nGroupes fonctionnels Montants \nen Euros \nTotal \nen Euros \nD\u00e9penses \nGroupe I :  \nD\u00e9penses aff\u00e9rentes \u00e0 l'exploitation courante \nDont CNR : \n110 279,00 \u20ac \n2 699 019,00 \u20ac \nGroupe II : \nD\u00e9penses aff\u00e9rentes au personnel  \nDont CNR  : \n1 062 165,00 \u20ac  \nGroupe III : \nD\u00e9penses aff\u00e9rentes \u00e0 la structure \nDont CNR  : 106  900,50 \u20ac  \n1 526 575,00 \u20ac  \nRecettes \nGroupe I : \nProduits de la tarification \nDont CNR  : 106  900,50  \u20ac  \n2 474 367,00 \u20ac  \n2 699 019,00 \u20ac \nGroupe II : \nAutres produits relatifs \u00e0 l'exploitation 16 300,00 \u20ac \nGroupe III : \nProduits financiers et produits non encaissables 0,00 \u20ac \nReprise de l'exc\u00e9dent N-2 208 352,00 \u20ac \n \n \nArticle 2 : \n \nPour l'exercice budg\u00e9taire 2025, la dotation global e de financement du CADA VAL D'OISE est fix\u00e9e \u00e0 \n2 474 367,49 \u20ac, int\u00e9grant des cr\u00e9dits non reconductibles d'un mo ntant de 106 900,50 \u20ac et compl\u00e9t\u00e9e de \nla reprise des r\u00e9sultats ant\u00e9rieurs, soit un exc\u00e9dent de 208 352,00 \u20ac. \n \n \nEn application de l'article R. 314-107 du code de l'action sociale et des familles, la fraction forfaitaire \u00e9gale au \ndouzi\u00e8me de la dotation globale de financement s'\u00e9l\u00e8ve \u00e0 206 197,29  \u20ac. \n \n \nLes 335 places du CADA sont financ\u00e9es au co\u00fbt journ alier de 19,36 \u20ac sur la base d'un fonctionnement en  \nann\u00e9e pleine (365 jours). Les cr\u00e9dits non reconductibles d'un montant de 106 900,50 \u20ac  n'ont pas \u00e9t\u00e9 int\u00e9gr\u00e9s \ndans le calcul, car ils financent des d\u00e9penses non p\u00e9rennes. \n \n \nArticle 3 :\n \n \nCette dotation sera imput\u00e9e sur les cr\u00e9dits du programme 303 \u00ab Immigration et asile \u00bb du Minist\u00e8re de \nl'Int\u00e9rieur, et fera l'objet d'une d\u00e9l\u00e9gation de cr\u00e9dits aupr\u00e8s de l'Unit\u00e9 Op\u00e9rationnelle du d\u00e9partement du V AL \nD'OISE . L'ordonnateur de la d\u00e9pense est le Pr\u00e9fet de la R\u00e9gion Ile-de-France \u2013 Pr\u00e9fet de Paris, repr\u00e9sent\u00e9e \npar le Pr\u00e9fet du Val d'Oise, et par d\u00e9l\u00e9gation la directrice de la DDETS du d\u00e9partement du VAL D'OISE. Le \ncomptable assignataire est le Directeur r\u00e9gional des finances publiques d'\u00cele-de-France et du d\u00e9partement \nde Paris. \n \nArticle 4 : \n \nLes recours dirig\u00e9s contre le pr\u00e9sent arr\u00eat\u00e9 doivent \u00eatre port\u00e9s devant le tribunal administratif de Versailles sis \n56, avenue de Saint Cloud 78011 Versailles, dans le d\u00e9lai d'un mois \u00e0 compter de sa publication ou, po ur les \npersonnes auxquelles il sera notifi\u00e9, \u00e0 compter de sa notification.  \n \n \nDirection r\u00e9gionale et interd\u00e9partementale de l'h\u00e9bergement et du logement - IDF-2025-11-24-00009 - Arr\u00eat\u00e9 fixant la dotation\nglobale de financement 2025 du CADA COALLIA VAL D OISE 96\n3 \n \n \n \n \n \n \nArticle 5 : \n \nLe pr\u00e9fet, secr\u00e9taire g\u00e9n\u00e9ral aux politiques publiq ues de la pr\u00e9fecture de la r\u00e9gion  \nd'\u00cele-de-France, pr\u00e9fecture de Paris et le directeu r r\u00e9gional et interd\u00e9partemental de l'h\u00e9bergement e t du \nlogement d'\u00cele-de-France sont charg\u00e9s, chacun en ce  qui le concerne, de l'ex\u00e9cution du pr\u00e9sent arr\u00eat\u00e9 qui \nsera publi\u00e9 au recueil des actes administratifs de la pr\u00e9fecture de la r\u00e9gion d'\u00cele-de-France, pr\u00e9fecture de Paris.  \n \n \n \n \nFait \u00e0 Paris, le 24/11/2025 \n \nPour le pr\u00e9fet de la r\u00e9gion d'\u00cele-de-France, \npr\u00e9fet de Paris et par d\u00e9l\u00e9gation  \nLe Directeur adjoint \nde l'H\u00e9bergement et du Logement \n \nSIGNE    \n \nJacques-Bertrand de REBOUL \n \nDirection r\u00e9gionale et interd\u00e9partementale de l'h\u00e9bergement et du logement - IDF-2025-11-24-00009 - Arr\u00eat\u00e9 fixant la dotation\nglobale de financement 2025 du CADA COALLIA VAL D OISE 97","date":"2025-11-28","first_seen_on":"2025-11-28T18:28:23+00:00","id":"561fe945505228950d2ad9edd13110d4f3bf2ec1a52ca3e6dfb225ec1f05b258","name":"recueil-idf-053-2025-11-recueil-des-actes-administratifs-special du 28.11.2025","pdf_creation_date":"2025-11-28T16:07:00+00:00","pdf_modification_date":null,"timezone":"Europe/Paris","url":"https://www.prefectures-regions.gouv.fr/ile-de-france/irecontenu/telechargement/133096/976354/file/recueil-idf-053-2025-11-recueil-des-actes-administratifs-special%20du%2028.11.2025.pdf"}
