{"administration":"pref30","administration_name":"Pr\u00e9fecture du Gard","content":"PR\u00c9FET\nDU GARD\nRECUEIL DES ACTES\nADMINISTRATIFS SP\u00c9CIAL\nN\u00b030-2024-065\nPUBLI\u00c9 LE 22 AVRIL 2024\nSommaire\nMaison d'arr\u00eat de N\u00eemes / Direction\n30-2024-04-19-00003 - D\u00e9signation membres CSA 04.2024 (2 pages) Page 3\nPrefecture du Gard / SAPSI\n30-2024-04-17-00006 - Arr\u00eat\u00e9 portant modification de la composition de la\ncommission d\u00e9partementale de vid\u00e9oprotection (2 pages) Page 6\n2\nMaison d'arr\u00eat de N\u00eemes\n30-2024-04-19-00003\nD\u00e9signation membres CSA 04.2024\nMaison d'arr\u00eat de N\u00eemes - 30-2024-04-19-00003 - D\u00e9signation membres CSA 04.2024 3\nREPUBLIQUE FRANCAISEMinist\u00e8re de la justice\nArr\u00eat\u00e9 du 16 d\u00e9cembre 2022fixant la liste des membres du comit\u00e9 social d'administration sp\u00e9cialde la Maison d'arr\u00eat de N\u00eemesVu le code g\u00e9n\u00e9ral de la fonction publique ;Vu le d\u00e9cret n\u00b0 2020-1427 du 20 novembre 2020 modifi\u00e9 relatif aux comit\u00e9s sociauxd'administration dans les administrations et les \u00e9tablissements publics de l'Etat ;Vu l'arr\u00eat\u00e9 du 25 avril 2022 modifi\u00e9 portant cr\u00e9ation des comltes sociauxd'administration relevant du minist\u00e8re de la justice ;Vu l'arr\u00eat\u00e9 du 16 d\u00e9cembre 2022 fixant la liste des organisations syndicales habilit\u00e9es \u00e0d\u00e9signer des repr\u00e9sentants du personnel au sein des comit\u00e9s sociaux d'administrationsp\u00e9ciaux institu\u00e9s dans les \u00e9tablissements et services du ressort de la directioninterr\u00e9gionale des services p\u00e9nitentiaires de Toulouse et le nombre de si\u00e8ges attribu\u00e9 \u00e0chacune d'elles ;Vu les d\u00e9signations effectu\u00e9es par les organisations syndicales ;\nMadame Aur\u00e9lie MARTINIERE, directrice de la maison d'arr\u00eat de N\u00eemesArr\u00e9te :Article 1\u00b0\"Sont d\u00e9sign\u00e9s comme repr\u00e9sentants de l'administrati\u00f4on au comit\u00e9 social d'adm1n1strat10ninstitu\u00e9 aupr\u00e8s du chef d'\u00e9tablissement de la Maison d'arr\u00eat de N\u00eemes,a) En qualit\u00e9 de repr\u00e9sentants titulaires :\u2014 Madame Aur\u00e9lie MARTINIERE, directrice, chef d'etabhssement\u2014 Madame M\u00e9lodie FORIN, attach\u00e9eb) En qualit\u00e9 de repr\u00e9sentants suppl\u00e9ants :\u2014 Madame Christine HAROUAT, directrice adjointe ou tout repr\u00e9sentant d\u00e9sign\u00e9par le chef d'\u00e9tablissement\u2014 Monsieur Farid GUEMAR, chef des services p\u00e9nitentiaires, chef de d\u00e9tention outout repr\u00e9sentant d\u00e9sign\u00e9 par le chef d'\u00e9tablissement\nMaison d'arr\u00eat de N\u00eemes - 30-2024-04-19-00003 - D\u00e9signation membres CSA 04.2024 4\nArticle 2La liste des organisations syndicales et de leurs repr\u00e9sentants si\u00e9geant au sein du comit\u00e9 sociald'administration de la MA de Nimes et le nombre de si\u00e8ges de titulaires et de suppl\u00e9antsattribu\u00e9s a chacune d'elles sont fix\u00e9s comme suit :\na) En qualit\u00e9 de repr\u00e9sentants titulaires :UFAP\u2014 Monsieur Alain COR, surveillant\u2014 Monsieur David DEHAYE, surveillantFO\u2014 Monsieur S\u00e9bastien PAGES, surveillant\nb) Fn qualit\u00e9 de repr\u00e9sentants suppl\u00e9ants :UFAP\u2014 Monsieur Fr\u00e9d\u00e9rick PALLINI, surveillant\u2014 Madame Mathilde CARRILLO, officierFO\u2014 Monsieur Patrick URLI, surveillant\nArticle 3'Le chef d'\u00e9tablissement de la MA de N\u00eemes est charg\u00e9 de l'ex\u00e9cution du pr\u00e9sent arr\u00eat\u00e9, qui serapubli\u00e9 au recueil des actes administratifs de la pr\u00e9fecture du Gard\nFait \u00e0 N\u00eemes, le 18 avril 2024\nMaison d'arr\u00eat de N\u00eemes - 30-2024-04-19-00003 - D\u00e9signation membres CSA 04.2024 5\nPrefecture du Gard\n30-2024-04-17-00006\nArr\u00eat\u00e9 portant modification de la composition\nde la commission d\u00e9partementale de\nvid\u00e9oprotection\nPrefecture du Gard - 30-2024-04-17-00006 - Arr\u00eat\u00e9 portant modification de la composition de la commission d\u00e9partementale de\nvid\u00e9oprotection 6\n1 | | CabinetPREFET Direction des S\u00e9curit\u00e9sDU GARD Service de l'Animation des PolitiquesLibert\u00e9 de S\u00e9curit\u00e9 Int\u00e9rieure\u00c9galit\u00e9Fraternit\u00e9 Bureau des Polices Administratives\nN\u00eemes, le 17 avril 2024\nARR\u00caT\u00c9 n\u00b0 30-2024-04-17-001portant modification de la composition de la commission d\u00e9partementalede vid\u00e9oprotection\u2014 LE PR\u00c9FET DU GARD,Chevalier de la L\u00e9gion d'Honneur,Chevalier de l'Ordre National du M\u00e9rite,VU les articles R. 251-7 \u00e0 251-12 du titre V du livre Il du code de la s\u00e9curit\u00e9 int\u00e9rieure,VU les articles R 133-9 \u00e0 R 133-13 du code des relations entre le public et l'administration,VU l'arr\u00eat\u00e9 minist\u00e9riel et la circulaire du 3 ao\u00fbt 2007 portant d\u00e9finition des normes techniques dessyst\u00e9mes de vid\u00e9oprotection,VU la circulaire n\u00b0 INT D09/00057/C du 12 mars 2009 relative aux conditions de d\u00e9ploiement dessyst\u00e9mes de vid\u00e9oprotection,VU le d\u00e9cret du 13 juillet 2023 nommant Monsieur J\u00e9r\u00f4me BONET, pr\u00e9fet du Gard,VU l'arr\u00eat\u00e9 pr\u00e9fectoral n\u00b0 30-2023-08-21-00006 du 21 ao\u00fbt 2023 donnant d\u00e9l\u00e9gation de signature \u00e0 M.Gr\u00e9goire PIERRE-DESSAUX, sous-pr\u00e9fet, directeur de cabinet du pr\u00e9fet du Gard,VU l'arr\u00eat\u00e9 pr\u00e9fectoral du 26 mars 2024 donnant d\u00e9l\u00e9gation de signature \u00e0 Monsieur Franck LACOSTE,directeur des s\u00e9curit\u00e9s \u00e0 la pr\u00e9fecture du Gard,VU l'ordonnance du Premier Pr\u00e9sident de-la Cour d'Appel de N\u00eemes en date du 17 avril 2024,VU la d\u00e9signation effectu\u00e9e le 2 avril 2024 par le pr\u00e9sident de l'association des maires du Gard enaccord avec le pr\u00e9sident de l'association des maires ruraux du Gard,Vu la d\u00e9signation effectu\u00e9e le 13 novembre 2023 par le pr\u00e9sident de la chambre de commerce etd'industrieConsid\u00e9rant que l'installation de certains syst\u00e8mes de vid\u00e9oprotection sur la voie pubhque par lesautorit\u00e9s publiques et dans les \u00e9tablissements ouverts au public particuli\u00e8rement expos\u00e9s \u00e0 desrisques d'agression ou de vols, doivent obtenir une autorisation d'une commission d\u00e9partementaleinstitu\u00e9e par arr\u00e9t\u00e9 pr\u00e9fectoral,SUR proposition de Monsieur le directeur de cabinet du pr\u00e9fet du Gard,\nH\u00f4tel de la Pr\u00e9fecture \u2014 10 avenue Feuch\u00e8res \u2014 30045 NIMES C\u00e9dex 9T\u00e9l : 04.66.36.43.90 \u2014 Fax : 04.66.36.00.87 \u2014- www.gard.gouv.fr\nPrefecture du Gard - 30-2024-04-17-00006 - Arr\u00eat\u00e9 portant modification de la composition de la commission d\u00e9partementale de\nvid\u00e9oprotection 7\nARRETE :\nArticle 1\" : la commission relative \u00e0 la vid\u00e9oprotection dans le d\u00e9partement du Gard est compos\u00e9ede la mani\u00e8re suivante :Pr\u00e9sidente titulaire : Madame Sylvie DODIVERS, pr\u00e9sidente de chambre \u00e0 la Cour d'Appel de N\u00eemes,Pr\u00e9sidente suppl\u00e9ante : Mme Isabelle DEFARGE, pr\u00e9sidente de chambre \u00e0 la Cour d'Appel de NimesMembres :-repr\u00e9sentants \u00e9lus des collectivit\u00e9s territoriales :- titulaire : Mme Julie DUBREUIL- LOPEZ, maire de SAINT JEAN DU PIN- suppl\u00e9ante : Mme Maria SEUBE, maire de GAUJAC-repr\u00e9sentants de la chambre de commerce et d'industrie:- titulaire : M. Nicolas DELPRAT, membre titulaire \u00e9lu- suppl\u00e9ant.: M. Antoine CAPALDI, membre suppl\u00e9ant \u00e9lu- personnalit\u00e9s qualifi\u00e9es :- titulaire : M. Bertrand VEYRENC, colonel de r\u00e9serve de la gendarmerie nationale,- suppl\u00e9ant: M. Max FROMENTIN, retrait\u00e9, ancien directeur de la r\u00e9glementation et des li-bert\u00e9s publiques \u00e0 la pr\u00e9fecture du Gard,Article 2 - Les membres, titulaires et suppl\u00e9ants, de cette commission sont d\u00e9sign\u00e9s pour trois ans.Les mandats sont renouvelables une seule fois.Article 3 - Le pr\u00e9sent arr\u00eat\u00e9 abroge |' arr\u00e9t\u00e9 pr\u00e9fectoral n\u00b0 30-2023-11-16-001 du 16 novembre 2023.Article 4 - Le directeur de cabinet du pr\u00e9fet du Gard est charg\u00e9 de l'ex\u00e9cution du pr\u00e9sent arr\u00eat\u00e9 quisera publi\u00e9 au recueil des actes administratifs de la pr\u00e9fecture. Un exemplaire de cet arr\u00eat\u00e9 seraadress\u00e9 \u00e0 chacun des membres de la commission.\n_\u2014 Le sous-jr\u00e9fet,/ ' Directeur d\u00a2 CabinetGr\u00e9goire P/\u00c6RRE-DESSAUX\nLe pr\u00e9sent arr\u00e9t\u00e9 peut \u00e9tre contest\u00e9 dans les deux mois suivant sa notification :- soit par voie de recours gracieux form\u00e9 aupr\u00e8s de M. le Pr\u00e9fet du GARD, DS/SAPSI/BPA/Cellule Voie Publique - 10 avenue Feuch\u00e8res - 30045 NIMES C\u00e9dex 9- soit par voie de recours hi\u00e9rarchique form\u00e9 aupr\u00e8s de Monsieur le Ministre de l'Int\u00e9rieur ;- soit par voie de recours contentieux d\u00e9pos\u00e9 devant le Tribunal Administratif \u2014 16 avenue Feuch\u00e8res \u2014 30000 NIMES. Le tribunal administratif peut aussi \u00eatresaisi par l'application informatique \u00ab Telerecours Citoyens \u00bb, accessible par le site internet www.telerecours.fr.\nPrefecture du Gard - 30-2024-04-17-00006 - Arr\u00eat\u00e9 portant modification de la composition de la commission d\u00e9partementale de\nvid\u00e9oprotection 8","date":"2024-04-22","first_seen_on":"2025-01-08T21:10:47+00:00","id":"56aaefb4f3b2f67e8d44491b4484d6f5ec56076e27afe8900a0c4248a7c2f236","name":"recueil-30-2024-065-special du 22 04 2024","pdf_creation_date":"2024-04-22T14:27:27+00:00","pdf_modification_date":null,"timezone":"CET","url":"https://www.gard.gouv.fr/contenu/telechargement/57440/430348/file/recueil-30-2024-065-special%20du%2022%2004%202024.pdf"}
