{"administration":"pref42","administration_name":"Pr\u00e9fecture de la Loire","content":"LOIRE\nRECUEIL DES ACTES\nADMINISTRATIFS SP\u00c9CIAL\nN\u00b042-2026-007\nPUBLI\u00c9 LE 12 JANVIER 2026\nSommaire\n42_CHF_Centre Hospitalier du Forez /\n42-2025-12-31-00004 - 2025-75 D\u00e9l\u00e9gation de signature DSELT RAA (3\npages) Page 3\n42-2025-12-31-00005 - 2025-76 D\u00e9l\u00e9gation de signature DRH DAM RAA\n(3 pages) Page 7\n42-2025-12-31-00006 - 2025-77 D\u00e9l\u00e9gation de signature g\u00e9n\u00e9rale\nRAA (4 pages) Page 11\n42-2025-12-31-00007 - 2025-78 D\u00e9l\u00e9gation de signature Hospitalisations\nsans consentement RAA (3 pages) Page 16\n42-2025-12-31-00008 - 2025-79 D\u00e9l\u00e9gation de signature Astreintes de\ndirection RAA (3 pages) Page 20\n42-2025-12-31-00009 - 2025-80 Actes naissance - registre d\u00e9c\u00e8s RAA (3\npages) Page 24\n42-2025-12-31-00010 - 2025-81 D\u00e9l\u00e9gation de signature EHPAD\nchampdieu RAA (3 pages) Page 28\n42_DDETS_Direction D\u00e9partementale de l'emploi, du travail et des\nsolidarit\u00e9s /\n42-2026-01-12-00001 - Arr\u00eat\u00e9 pr\u00e9fectoral n\u00b026/01 du 12/01/2026\nportant d\u00e9rogation au repos dominical  (3 pages) Page 32\n42_DDT_Direction D\u00e9partementale des Territoires de la Loire /\n42-2026-01-09-00004 - AP fonds urgence DNC 42 (5 pages) Page 36\n42_Pr\u00e9f_Pr\u00e9fecture de la Loire / Publicateur Raa\n42-2025-12-15-00009 - Arr\u00eat\u00e9 n\u00b0 2025- 233 SAT portant\nsubd\u00e9l\u00e9gation de signature en mati\u00e8re d'ordonnancement\nsecondaire pour les affaires relevant de l'IA DASEN de la LOIRE (3 pages) Page 42\n42-2026-01-06-00007 - Arr\u00eat\u00e9 n\u00b0 2026-001 - DIPN portant\nd\u00e9l\u00e9gation de signature (2 pages) Page 46\n42-2026-01-06-00008 - Arr\u00eat\u00e9 n\u00b0 2026-002-DIPN portant d\u00e9l\u00e9gation\nde signature (2 pages) Page 49\n42-2025-12-08-00007 - D\u00c9CISION DE D\u00c9CLASSEMENT DU DOMAINE\nPUBLIC (2 pages) Page 52\n2\n42_CHF_Centre Hospitalier du Forez\n42-2025-12-31-00004\n2025-75 D\u00e9l\u00e9gation de signature DSELT RAA\n42_CHF_Centre Hospitalier du Forez - 42-2025-12-31-00004 - 2025-75 D\u00e9l\u00e9gation de signature DSELT RAA 3\nCHFOREZ\n \n \nPage 1 sur 3 \nDECISION \nportant d\u00e9l\u00e9gation de signature \n \nDate  31 d\u00e9cembre 2025 \n \nN\u00b0 de la d\u00e9cision 2025-75 \n \nObjet DELEGATION DE SIGNATURE \u2013 DIRECTION DES SERVICES ECONOMIQUES, \nLOGISTIQUES ET TECHNIQUES \n \n \nLE DIRECTEUR DU CENTRE HOSPITALIER DU FOREZ \n \n\u2022 VU le code de la sant\u00e9 publique, notamment ses articles L. 6143-7 et D. 6143-33 \u00e0 D. 6143-36 ; \n\u2022 VU l'ordonnance n\u00b02015-899 du 23 juillet 2015 et le d\u00e9cret 2016-360 du 25 mars 2016 ; \n\u2022 VU l'arr\u00eat\u00e9 du Centre national de gestion du 28 octobre 2025 maintenant Monsieur Edmond \nMackowiak en position de d\u00e9tachement dans l'emploi fonctionnel de directeur du Centre \nHospitalier du Forez et des EHPAD de Panissi\u00e8res, de Bussi\u00e8res et de Champdieu (42) \u00e0 \ncompter du 2 novembre 2025 ; \n\u2022 Consid\u00e9rant l'organigramme de Direction du CH du Forez ;  \n \n \nDECIDE \n \n \nARTICLE 1 \n \nMadame Fran\u00e7oise ROUDIER -BASMAGI, directrice -adjointe, charg\u00e9e des Services Economiques, \nLogistiques et Techniques du Centre Hospitalier du Forez, re\u00e7oit d\u00e9l\u00e9gation \u00e0 l'effet de signer tous les \nactes et d\u00e9cisions aff\u00e9rents \u00e0 ses attributions, en particulier ceux relatifs \u00e0/aux : \n \n\u2022 la gestion et \u00e0 la continuit\u00e9 g\u00e9n\u00e9rale de la direction dont elle a la responsabilit\u00e9 ; \n\u2022 la passation et l'ex\u00e9cution des march\u00e9s de fournitures, de travaux et de services pour le \ncompte du Centre Hospitalier du Forez ; \n\u2022 l'achat et la gestion des fournitures en stock et hors stocks (classe 6) ; \n\u2022 la comptabilit\u00e9 mati\u00e8re ; \n\u2022 la gestion des biens immobiliers et mobiliers ; \n\u2022 la gestion directe des assurances et des sinistres automobiles, responsabilit\u00e9, incendies, vols et \ngestion indirecte pour le personnel avec les directions concern\u00e9es ; \n\u2022 les op\u00e9rations d'investissements : \u00e9quipements et investissements classe 2. \n\u2022 la gestion des proc\u00e8s-verbaux de r\u00e9ception relevant des services techniques ; \n\u2022 la gestion des prescriptions \u00e9manant de la Commission D\u00e9partementale de S\u00e9curit\u00e9 Incendie ; \n\u2022 l'ensemble des bons de commande de l'\u00e9tablissement ; \n\u2022 la mise en service, la cession de v\u00e9hicules, la flotte automobile ; \n\u2022 la mise en \u0153uvre de l'assurance dommage \u00e0 l'Ouvrage. \n \nEn cas d'absence et d'emp\u00eachement de Madame Fran\u00e7oise ROUDIER-BASMAGI, d\u00e9l\u00e9gation est donn\u00e9e \n\u00e0 Monsieur Fran\u00e7ois CHORD, ing\u00e9nieur en chef, et \u00e0 Monsieur Didier RAGE, ing\u00e9nieur, tous deux \u00e0 la  \n \n42_CHF_Centre Hospitalier du Forez - 42-2025-12-31-00004 - 2025-75 D\u00e9l\u00e9gation de signature DSELT RAA 4\nCHFOREZ\n \n \nPage 2 sur 3 \n \nDirection des Services Economiques, Logistiques et Techniques, \u00e0 l'effet de signer tou s actes et \ndocuments \u00e9num\u00e9r\u00e9s ci-dessus. \n \n \nARTICLE 2 \nEn dehors des actes express\u00e9ment d\u00e9l\u00e9gu\u00e9s, il est r\u00e9serv\u00e9 \u00e0 Monsieur Edmond MACKOWIAK, Directeur \ndu Centre Hospitalier du Forez, les correspondances et actes engageant l'\u00e9tablissement dans ses \nrelations avec les autorit\u00e9s administratives (ARS, DDPP, DDCCRF, \u2026), les membres du corps \npr\u00e9fectoral, les \u00e9lus, le pr\u00e9sident du Conseil de Surveillance, le Pr\u00e9sident de la Commission M\u00e9dicale \nd'Etablissement, la presse \u00e9crite et audiovisuelle. \n \n \nARTICLE 3 \n \nLa pr\u00e9sente d\u00e9l\u00e9gation est donn\u00e9e \u00e0 titre personnel et ne saurait faire l'objet d'une sous -d\u00e9l\u00e9gation. \nElle peut \u00eatre retir\u00e9e \u00e0 tout moment. \n \nLe d\u00e9l\u00e9gataire doit rendre compte des actes pris dans l'exercice de cette d\u00e9l\u00e9gation au d\u00e9l\u00e9guant, dans \nles plus brefs d\u00e9lais. \n \n \nARTICLE 4 \n \nLa pr\u00e9sente d\u00e9l\u00e9gation de signature est applicable \u00e0 compter de sa publication la rendant consultable.  \n \nElle sera notifi\u00e9e \u00e0 chaque d\u00e9l\u00e9gataire et fera l'objet d'une transmission \u00e0 chaque direction \nfonctionnelle du CH du Forez. Elle sera affich\u00e9e et visible par l'ensemble du personnel et des usagers. \nElle sera port\u00e9e \u00e0 la connaissance du Conseil de surveillance et transmise \u00e0 M. le comptable de \nl'\u00e9tablissement accompagn\u00e9e du mod\u00e8le de signature de l'ensemble des nouveaux d\u00e9l\u00e9gataires. \nElle fera par ailleurs l'objet d'une publication au recueil des actes administratifs du D\u00e9partement de la \nLoire et sera consultable sur le site Internet du CH du Forez dans l'attente de cette publication. \n \n \n \n \n \n \n \n \nLe Directeur, \n \n \n \nEdmond MACKOWIAK \n42_CHF_Centre Hospitalier du Forez - 42-2025-12-31-00004 - 2025-75 D\u00e9l\u00e9gation de signature DSELT RAA 5\nCHFOREZ\n \n \nPage 3 sur 3 \n \nANNEXE A LA DECISION N\u00b0 2025-75 \n \nSPECIMENS DE SIGNATURES \n \n \n \n \n \n \nFran\u00e7oise ROUDIER-BASMAGI \n \n \n \n \n \n \n \n \nFran\u00e7ois CHORD \n \n \n \n \n \n \n \n \nDidier RAGE \n \n \n \n \n \n \n \n \n42_CHF_Centre Hospitalier du Forez - 42-2025-12-31-00004 - 2025-75 D\u00e9l\u00e9gation de signature DSELT RAA 6\n42_CHF_Centre Hospitalier du Forez\n42-2025-12-31-00005\n2025-76 D\u00e9l\u00e9gation de signature DRH DAM RAA\n42_CHF_Centre Hospitalier du Forez - 42-2025-12-31-00005 - 2025-76 D\u00e9l\u00e9gation de signature DRH DAM RAA 7\nCHFOREZ\n \nPage 1 sur 3 \n \nDECISION \nportant d\u00e9l\u00e9gation de signature \n \nDate  31 d\u00e9cembre 2025 \n \nN\u00b0 de la d\u00e9cision 2025-76 \n \nObjet DELEGATION DE SIGNATURE \u2013 DIRECTION DES RESSOURCES HUMAINES ET DES \nAFFAIRES MEDICALES \n \nLE DIRECTEUR  \nDU CENTRE HOSPITALIER DU FOREZ \n \n \n\u2022 VU le code de la sant\u00e9 publique, notamment ses articles L. 6143-7 et D. 6143-33 \u00e0 D. 6143-36 ; \n\u2022 VU l'ordonnance n\u00b02015-899 du 23 juillet 2015 et le d\u00e9cret 2016-360 du 25 mars 2016 ; \n\u2022 VU l'arr\u00eat\u00e9 du Centre national de gestion du 28 octobre 2025 maintenant Monsieur Edmond \nMackowiak en position de d\u00e9tachement dans l'emploi fonctionnel de directeur du Centre \nHospitalier du Forez et des EHPAD de Panissi\u00e8res, de Bussi\u00e8res et de Champdieu (42) \u00e0 \ncompter du 2 novembre 2025 ; \n\u2022 Consid\u00e9rant l'organigramme de Direction du CH du Forez ;  \n \n \nDECIDE \n \n \nARTICLE 1  \n \nMadame Lucille BREYSSE, Directrice adjointe charg\u00e9e des ressources humaines et des affaires \nm\u00e9dicales, re\u00e7oit d\u00e9l\u00e9gation permanente \u00e0 effet de signer tous les courriers, documents, notes, \nconventions, entretiens professionnels, d\u00e9cision s et contrats ayant trait \u00e0 la gestion du personnel \nm\u00e9dical et non m\u00e9dical, ainsi que les bons de commandes et factures ayant trait au fonctionnement de \nla direction des ressources humaines et des affaires m\u00e9dicales.  \n \nD\u00e9l\u00e9gation permanente est donn\u00e9e \u00e0 Ma dame Lucille BREYSSE pour la pr\u00e9sidence de la sous -\ncommission du comit\u00e9 social d'\u00e9tablissement qu'est la formation sp\u00e9cialis\u00e9e en mati\u00e8re de sant\u00e9, de \ns\u00e9curit\u00e9 et des conditions de travail. En cas d'emp\u00eachement ou d'absence du Directeur, il est donn\u00e9 \nd\u00e9l\u00e9gation \u00e0 Madame Lucille BREYSSE pour la pr\u00e9sidence du comit\u00e9 social d'\u00e9tablissement.   \n \nCette d\u00e9l\u00e9gation est assortie de l'obligation :  \n- De n'engager les d\u00e9penses que dans la limite des cr\u00e9dits autoris\u00e9s par compte budg\u00e9taire \n- De rendre compte des op\u00e9rations r\u00e9alis\u00e9es \u00e0 l'autorit\u00e9 d\u00e9l\u00e9gante \n \nEn cas d'absence ou d'emp\u00eachement de Madame Lucille BREYSSE, d\u00e9l\u00e9gation est donn\u00e9e \u00e0 Madame \nAlix GEROSSIER, attach\u00e9e d'administration hospitali\u00e8re (pour le personnel non m\u00e9dical) et \u00e0 Madame \nMathilde MAISON, Ing\u00e9nieur Hospitalier (pour le personnel m\u00e9dical), \u00e0 l'effet de signer tous actes et \ndocuments \u00e9num\u00e9r\u00e9s ci-dessus. \n \n42_CHF_Centre Hospitalier du Forez - 42-2025-12-31-00005 - 2025-76 D\u00e9l\u00e9gation de signature DRH DAM RAA 8\nCHFOREZ\n \nPage 2 sur 3 \n \nEn cas d'emp\u00eachement ou d'absence simultan\u00e9s de Madame Lucille BREYSSE et de Madame Mathilde \nMAISON, d\u00e9l\u00e9gation est donn\u00e9e \u00e0 Madame Alix GEROSSIER, \u00e0 l'effet de signer tous actes et documents \n\u00e9num\u00e9r\u00e9s ci-dessus concernant le personnel m\u00e9dical et non m\u00e9dical. \n \nARTICLE 2 \nEn dehors des actes express\u00e9ment d\u00e9l\u00e9gu\u00e9s, il est r\u00e9serv\u00e9 \u00e0 Monsieur Edmond MACKOWIAK, Directeur \ndu Centre Hospitalier du Forez, les c orrespondances et actes engageant l'\u00e9tablissement dans ses \nrelations avec les autorit\u00e9s administratives (ARS, DDPP, DDCCRF, \u2026), les membres du corps \npr\u00e9fectoral, les \u00e9lus, le pr\u00e9sident du Conseil de Surveillance, le Pr\u00e9sident de la Commission M\u00e9dicale \nd'Etablissement, la presse \u00e9crite et audiovisuelle. \n \n \nARTICLE 3 \n \nLa pr\u00e9sente d\u00e9l\u00e9gation est donn\u00e9e \u00e0 titre personnel et ne saurait faire l'objet d'une sous -d\u00e9l\u00e9gation. \nElle peut \u00eatre retir\u00e9e \u00e0 tout moment. \n \nLe d\u00e9l\u00e9gataire doit rendre compte des actes pris dans l'exercice de cette d\u00e9l\u00e9gation au d\u00e9l\u00e9guant, dans \nles plus brefs d\u00e9lais. \n \n \nARTICLE 4 \n \nLa pr\u00e9sente d\u00e9l\u00e9gation de signature est applicable \u00e0 compter de sa publication la rendant consultable.  \n \nElle sera notifi\u00e9e \u00e0 chaque d\u00e9l\u00e9gataire et fera l'objet d'une tr ansmission \u00e0 chaque direction \nfonctionnelle du CH du Forez. Elle sera affich\u00e9e et visible par l'ensemble du personnel et des usagers. \nElle sera port\u00e9e \u00e0 la connaissance du Conseil de surveillance et transmise \u00e0 M. le comptable de \nl'\u00e9tablissement accompagn\u00e9e du mod\u00e8le de signature de l'ensemble des nouveaux d\u00e9l\u00e9gataires. \nElle fera par ailleurs l'objet d'une publication au recueil des actes administratifs du D\u00e9partement de la \nLoire. \n \n \n \nLe Directeur, \n \n \n \n \nEdmond MACKOWIAK \n42_CHF_Centre Hospitalier du Forez - 42-2025-12-31-00005 - 2025-76 D\u00e9l\u00e9gation de signature DRH DAM RAA 9\nCHFOREZ\n \nPage 3 sur 3 \n \nANNEXE A LA DECISION N\u00b0 2025-76 \n \nSPECIMENS DE SIGNATURES \n \n \n \n \n \nLucille BREYSSE \n \n \n \n \n \n \nAlix GEROSSIER \n \n \n \n \n \n \nMathilde MAISON \n \n \n \n \n \n \n \n \n42_CHF_Centre Hospitalier du Forez - 42-2025-12-31-00005 - 2025-76 D\u00e9l\u00e9gation de signature DRH DAM RAA 10\n42_CHF_Centre Hospitalier du Forez\n42-2025-12-31-00006\n2025-77 D\u00e9l\u00e9gation de signature g\u00e9n\u00e9rale RAA\n42_CHF_Centre Hospitalier du Forez - 42-2025-12-31-00006 - 2025-77 D\u00e9l\u00e9gation de signature g\u00e9n\u00e9rale RAA 11\nCHFOREZ\nPage 1 sur 4\nDECISION \nportant d\u00e9l\u00e9gation g\u00e9n\u00e9rale de signature\nDate  31 d\u00e9cembre 2025 \nN\u00b0 de la d\u00e9cision 2025-77 \nObjet DELEGATION DE SIGNATURE GENERALE \nLE DIRECTEUR DU CENTRE HOSPITALIER DU FOREZ \n\uf0b7 VU le code de la sant\u00e9 publique, notamment ses articles L. 6143-7 et D. 6143-33 \u00e0 D. 6143-36 ; \n\uf0b7 VU l'ordonnance n\u00b02015-899 du 23 juillet 2015 et le d\u00e9cret 2016-360 du 25 mars 2016 ; \n\uf0b7 VU l'arr\u00eat\u00e9 du Centre national de gestion du 28 octobre 2025 maintenant Monsieur Edmond \nMackowiak en position de d\u00e9tachement dans l'emploi fonctionnel de directeur du Centre \nHospitalier du Forez et des EHPAD de Panissi\u00e8res, de Bussi\u00e8res et de Champdieu (42) \u00e0 \ncompter du 2 novembre 2025 ; \n\uf0b7 Consid\u00e9rant l'organigramme de Direction du CH du Forez ;  \nDECIDE \nARTICLE 1 \u2013 OBJET \nLa pr\u00e9sente d\u00e9cision pr\u00e9cise les modalit\u00e9s de d\u00e9l\u00e9gation g\u00e9n\u00e9rale de signature de M. Edmond \nMACKOWIAK, Directeur du Centre Hospitalier du Forez (CHF).  \nARTICLE 2 \u2013 DELEGATION GENERALE DE SIGNATURE EN CAS D'ABSENCE OU \nD'EMPECHEMENT DU DIRECTEUR \nAlin\u00e9a 1 -  \nEn cas d'emp\u00eachement ou d'absence de M. Edmond MACKOWIAK, d\u00e9l\u00e9gation g\u00e9n\u00e9rale de signature est \ndonn\u00e9e \u00e0 M. Paul HUYNH, Adjoint au Directeur, \u00e0 l'effet de signer, pour et au nom de M. Edmond \nMACKOWIAK, toutes correspondances, tous actes et documents administratifs n\u00e9cessaires \u00e0 la bonne \nmarche de l'\u00e9tablissement, ainsi que tous documents li\u00e9s \u00e0 la fonction d'ordonnateur. \nEn cas d'emp\u00eachement ou d'absence simultan\u00e9s de M. Edmond MACKOWIAK et de M. Paul HUYNH, \nd\u00e9l\u00e9gation g\u00e9n\u00e9rale de signature est donn\u00e9e \u00e0 Mme Fran\u00e7oise ROUDIER, Directrice Adjointe, \u00e0 l'effet \nde signer, pour et au nom de M. Edmond MACKOWIAK, toutes correspondances, tous actes et \ndocuments administratifs n\u00e9cessaires \u00e0 la bonne marche de l'\u00e9tablissement, ainsi que tous documents \nli\u00e9s \u00e0 la fonction d'ordonnateur. \n42_CHF_Centre Hospitalier du Forez - 42-2025-12-31-00006 - 2025-77 D\u00e9l\u00e9gation de signature g\u00e9n\u00e9rale RAA 12\nCH\u2014pu\u2014\u2014\nFOREZ\nPage 2 sur 4\nAlin\u00e9a 2 \u2013 Domaines exclus de la d\u00e9l\u00e9gation g\u00e9n\u00e9rale de signature d\u00e9crite \u00e0 l'alin\u00e9a 1 \nLes actes suivants sont r\u00e9serv\u00e9s \u00e0 la signature du Directeur, sauf en cas d'urgence av\u00e9r\u00e9e soumise \u00e0 \nl'appr\u00e9ciation du Directeur G\u00e9n\u00e9ral. \nMesures d'ordre financier et \u00e9conomique \n- contrats d'emprunts ;  \n- actes de disposition concernant le patrimoine de l'\u00e9tablissement. \nMesures relatives \u00e0 la gestion des personnels du CHF \n- d\u00e9cisions relatives \u00e0 l'\u00e9laboration des organigrammes et aux notes de service \u00e0 port\u00e9e g\u00e9n\u00e9rale \nqui ont vocation \u00e0 int\u00e9grer le r\u00e8glement int\u00e9rieur du CH du Forez ; \n- d\u00e9cisions relatives aux cr\u00e9ations, aux transformations ou aux suppressions des emplois \nm\u00e9dicaux ; \n- mesures relatives au recrutement ou \u00e0 la fin de fonction des cadres de direction, cadres \nadministratifs, soignants, techniques ou m\u00e9dico-techniques ; \n- d\u00e9cisions relatives \u00e0 l'engagement des proc\u00e9dures disciplinaires concernant le personnel \nm\u00e9dical, les cadres de direction, l'encadrement sup\u00e9rieur ; \n- d\u00e9cisions relevant de la gestion des logements de service et du patrimoine de la dotation non \naffect\u00e9e ; \n- d\u00e9cisions relatives aux achats et aux affectations des v\u00e9hicules confi\u00e9s aux personnels de \ndirection. \nMesures relatives au contentieux \nLes actes concernant les dossiers contentieux et engageant juridiquement le CH du Forez devant les \ntribunaux. \nARTICLE 3 \u2014 EXTENSION DU CHAMP D'APPLICATION DE LA DELEGATION  \nLe champ d'application de la pr\u00e9sente d\u00e9l\u00e9gation est \u00e9tendu aux EHPAD en direction commune avec le \nCentre Hospitalier du Forez. Les \u00e9tablissements concern\u00e9s sont les EHPAD de Bussi\u00e8res, Panissi\u00e8res et \nChampdieu. \nARTICLE 4 \u2014 ASTREINTES DE DIRECTION  \nDans le cadre des astreintes de direction assur\u00e9es par les personnels de direction du CH du Forez et les \ncadres habilit\u00e9s, d\u00e9l\u00e9gation est donn\u00e9e \u00e0 chaque Directeur et cadre figurant au tableau de garde, selon \nle planning \u00e9tabli par la Direction, \u00e0 l'effet de signer tout document (actes collectifs ou individuels, \ncorrespondances, d\u00e9p\u00f4ts de plainte, etc.) en vue d'assurer la continuit\u00e9 du fonctionnement de \nl'\u00e9tablissement et de r\u00e9pondre aux situations d'urgence ou de n\u00e9cessit\u00e9 de soins. \n42_CHF_Centre Hospitalier du Forez - 42-2025-12-31-00006 - 2025-77 D\u00e9l\u00e9gation de signature g\u00e9n\u00e9rale RAA 13\nCH\u2014pu\u2014\u2014\nFOREZ\nPage 3 sur 4\nARTICLE 5 \u2014 EFFET ET PUBLICITE \nLa pr\u00e9sente d\u00e9l\u00e9gation de signature est applicable \u00e0 compter de sa publication la rendant consultable.  \nElle sera notifi\u00e9e \u00e0 chaque d\u00e9l\u00e9gataire et fera l'objet d'une transmission \u00e0 chaque direction \nfonctionnelle du CH du Forez. Elle sera affich\u00e9e et visible par l'ensemble du personnel et des usagers. \nElle sera port\u00e9e \u00e0 la connaissance du Conseil de surveillance et transmise \u00e0 M. le comptable de \nl'\u00e9tablissement accompagn\u00e9e du mod\u00e8le de signature de l'ensemble des nouveaux d\u00e9l\u00e9gataires. \nElle fera par ailleurs l'objet d'une publication au recueil des actes administratifs du D\u00e9partement de la \nLoire et sera consultable sur le site Internet du CH du Forez dans l'attente de cette publication. \nFait \u00e0 Montbrison, le 31 d\u00e9cembre 2025 \nLe Directeur, \nEdmond MACKOWIAK \n42_CHF_Centre Hospitalier du Forez - 42-2025-12-31-00006 - 2025-77 D\u00e9l\u00e9gation de signature g\u00e9n\u00e9rale RAA 14\nCH\u2014pu\u2014\u2014\nFOREZ\nPage 4 sur 4\nANNEXE A LA DECISION N\u00b0 2025-77 \nSPECIMENS DE SIGNATURES \nPaul HUYNH  \nFran\u00e7oise ROUDIER  \n42_CHF_Centre Hospitalier du Forez - 42-2025-12-31-00006 - 2025-77 D\u00e9l\u00e9gation de signature g\u00e9n\u00e9rale RAA 15\n42_CHF_Centre Hospitalier du Forez\n42-2025-12-31-00007\n2025-78 D\u00e9l\u00e9gation de signature Hospitalisations\nsans consentement RAA\n42_CHF_Centre Hospitalier du Forez - 42-2025-12-31-00007 - 2025-78 D\u00e9l\u00e9gation de signature Hospitalisations sans consentement\nRAA 16\nCHFOREZ\nPage 1 sur 3\nDECISION \nportant d\u00e9l\u00e9gation de signature\nDate  31 d\u00e9cembre 2025 \nN\u00b0 de la d\u00e9cision 2025-78 \nObjet DELEGATION DE SIGNATURE \u2013 HOSPITALISATIONS SANS CONSENTEMENT ET \nREQUETES AU JUGE DES LIBERTES ET DE LA DETENTION DANS LE CADRE DES \nHOSPITALISATIONS SOUS CO NTRAINTE ET DES MESURES D'ISOLEMENT ET/OU DE \nCONTENTION \nLE DIRECTEUR \nDU CENTRE HOSPITALIER DU FOREZ \n\uf0b7 VU la loi n\u00b0 83-634 du 13 juillet 1983 modifi\u00e9e, portant droits et obligations des fonctionnaires ; \n\uf0b7 VU la loi n\u00b0 86-33 du 9 janvier 1986 modifi\u00e9e, portant dispositions statutaires relatives \u00e0 la \nfonction publique hospitali\u00e8re ; \n\uf0b7 VU la loi n\u00b0 2009-879 du 21 juillet 2009 portant r\u00e9forme de l'h\u00f4pital et relative aux patients, \u00e0 la \nsant\u00e9 et aux territoires ; \n\uf0b7 VU le code de la sant\u00e9 publique et notamment ses articles L. 6143-7 et D. 6143-33 \u00e0 D. 6143-35 ; \n\uf0b7 VU l'arr\u00eat\u00e9 du Centre national de gestion du 28 octobre 2025 maintenant Monsieur Edmond \nMackowiak en position de d\u00e9tachement dans l'emploi fonctionnel de directeur du Centre Hospitalier \ndu Forez et des EHPAD de Panissi\u00e8res, de Bussi\u00e8res et de Champdieu (42) \u00e0 compter du 2 \nnovembre 2025 ; \n\uf0b7 Consid\u00e9rant l'organigramme de Direction du CH du Forez ;  \nDECIDE \nARTICLE 1  \nMadame Alexandra DUBEUF, directrice-adjointe, en charge des Affaires Financi\u00e8res et du Num\u00e9rique, \nMonsieur Fran\u00e7ois HORTALA, responsable du service budget \u2013 finances, Madame Patricia CONSEILLON, \nresponsable accueil facturation, Madame Virginie NICOLAS, Contr\u00f4leuse de gestion, et Madame Nadia \nSEMACHE, Cadre socio-\u00e9ducatif, re\u00e7oivent d\u00e9l\u00e9gation de signature \u00e0 l'effet de signer tous les courriers et \ndocuments li\u00e9s aux hospitalisations sans consentement (soins psychiatriques sur demande d'un tiers ou en \ncas de p\u00e9ril imminent ou soins psychiatriques sur d\u00e9cision du repr\u00e9sentant de l'Etat) et \u00e0 l'effet de signer \nles requ\u00eates au juge des libert\u00e9s et de la d\u00e9tention, dans le cadre des hospitalisations sous contrainte et \ndes mesures d'isolement et/ou de contention. \nARTICLE 2 \nEn cas d'absences simultan\u00e9es de Madame Alexandra DUBEUF, Monsieur Fran\u00e7ois HORTALA, Madame \nPatricia CONSEILLON, Madame Virginie NICOLAS, et Madame Nadia SEMACHE ou dans le cadre de leur \nparticipation au tour de garde administrative du Centre Hospitalier du Forez la semaine (chaque jour de 18 \nheures au lendemain 8 heures), le weekend (du vendredi 18 heures au lundi 8 heures) ainsi que les jours \nf\u00e9ri\u00e9s (de la veille 18 heures au lendemain 8 heures), d\u00e9l\u00e9gation de signature est donn\u00e9e \u00e0 : \n42_CHF_Centre Hospitalier du Forez - 42-2025-12-31-00007 - 2025-78 D\u00e9l\u00e9gation de signature Hospitalisations sans consentement\nRAA 17\nCH\u2014  pu\u2014\nFOREZ\nPage 2 sur 3\n- Mme BREYSSE Lucille, directrice d'h\u00f4pital, charg\u00e9e des Ressources Humaines et des \nAffaires M\u00e9dicales, \n- Mme GEROSSIER Alix, attach\u00e9e d'administration Hospitali\u00e8re \u00e0 la direction des Ressources \nHumaines, \n-  Mme HUYNH Catherine, directrice d'h\u00f4pital, charg\u00e9e du p\u00f4le g\u00e9riatrique, d\u00e9l\u00e9gu\u00e9e \u00e0 \nl'EHPAD de Champdieu, \n- M. HUYNH Paul, adjoint au directeur g\u00e9n\u00e9ral, d\u00e9l\u00e9gu\u00e9 aux EHPAD de Bo\u00ebn, Noir\u00e9table et de \nSt Just-en-Chevalet, \n- Mme ROUDIER-BASMAGI Fran\u00e7oise, directrice d'h\u00f4pital, charg\u00e9e des services \u00e9conomiques, \nlogistiques et techniques. \nARTICLE 3 \nEn dehors des actes express\u00e9ment d\u00e9l\u00e9gu\u00e9s, il est r\u00e9serv\u00e9 \u00e0 Monsieur Edmond MACKOWIAK, Directeur du \nCentre Hospitalier du Forez, les correspondances et actes engageant l'\u00e9tablissement dans ses relations \navec les autorit\u00e9s administratives (ARS, DDPP, DDCCRF, \u2026), les membres du corps pr\u00e9fectoral, les \u00e9lus, le \npr\u00e9sident du Conseil de Surveillance, le Pr\u00e9sident de la Commission M\u00e9dicale d'Etablissement, la presse \n\u00e9crite et audiovisuelle. \nARTICLE 4 \nLa pr\u00e9sente d\u00e9l\u00e9gation est donn\u00e9e \u00e0 titre personnel et ne saurait faire l'objet d'une sous-d\u00e9l\u00e9gation. Elle \npeut \u00eatre retir\u00e9e \u00e0 tout moment. \nLe d\u00e9l\u00e9gataire doit rendre compte des actes pris dans l'exercice de cette d\u00e9l\u00e9gation au d\u00e9l\u00e9guant, dans les \nplus brefs d\u00e9lais. \nARTICLE 5 \nLa pr\u00e9sente d\u00e9l\u00e9gation de signature est applicable \u00e0 compter de sa publication la rendant consultable.  \nElle sera notifi\u00e9e \u00e0 chaque d\u00e9l\u00e9gataire ainsi qu'au chef du P\u00f4le de Psychiatrie et fera l'objet d'une \ntransmission \u00e0 chaque direction fonctionnelle du CH du Forez. Elle sera affich\u00e9e et visible par l'ensemble \ndu personnel et des usagers. \nElle sera port\u00e9e \u00e0 la connaissance du Conseil de surveillance et transmise \u00e0 M. le comptable de \nl'\u00e9tablissement accompagn\u00e9e du mod\u00e8le de signature de l'ensemble des nouveaux d\u00e9l\u00e9gataires. \nElle fera par ailleurs l'objet d'une publication au recueil des actes administratifs du D\u00e9partement de la \nLoire et sera consultable sur le site Internet du CH du Forez dans l'attente de cette publication. \nLe Directeur, \nEdmond MACKOWIAK \n42_CHF_Centre Hospitalier du Forez - 42-2025-12-31-00007 - 2025-78 D\u00e9l\u00e9gation de signature Hospitalisations sans consentement\nRAA 18\nCH\u2014pu\u2014\nFOREZ\nPage 3 sur 3\nANNEXE A LA DECISION N\u00b0 2025-78 \nSPECIMENS DE SIGNATURES \nFran\u00e7ois HORTALA        Paul HUYNH \nCatherine HUYNH Patricia CONSEILLON \nFran\u00e7oise ROUDIER-BASMAGI                 Lucille BREYSSE \nVirginie NICOLAS \nNadia SEMACHE \nAlexandra DUBEUF \nAlix GEROSSIER \n42_CHF_Centre Hospitalier du Forez - 42-2025-12-31-00007 - 2025-78 D\u00e9l\u00e9gation de signature Hospitalisations sans consentement\nRAA 19\n42_CHF_Centre Hospitalier du Forez\n42-2025-12-31-00008\n2025-79 D\u00e9l\u00e9gation de signature Astreintes de\ndirection RAA\n42_CHF_Centre Hospitalier du Forez - 42-2025-12-31-00008 - 2025-79 D\u00e9l\u00e9gation de signature Astreintes de direction RAA 20\nCHFOREZ\nPage 1 sur 3\nDECISION \nportant d\u00e9l\u00e9gation de signature\nDate  31 d\u00e9cembre 2025 \nN\u00b0 de la d\u00e9cision 2025-79 \nObjet DELEGATION DE SIGNATURE \u2013 ASTREINTES DE DIRECTION \nLE DIRECTEUR \nDU CENTRE HOSPITALIER DU FOREZ \n\uf0b7 VU le code de la sant\u00e9 publique, notamment ses articles L. 6143-7 et D. 6143-33 \u00e0 D. 6143-36 ; \n\uf0b7 VU l'ordonnance n\u00b02015-899 du 23 juillet 2015 et le d\u00e9cret 2016-360 du 25 mars 2016 ; \n\uf0b7 VU l'arr\u00eat\u00e9 du Centre national de gestion du 28 octobre 2025 maintenant Monsieur Edmond \nMackowiak en position de d\u00e9tachement dans l'emploi fonctionnel de directeur du Centre \nHospitalier du Forez et des EHPAD de Panissi\u00e8res, de Bussi\u00e8res et de Champdieu (42) \u00e0 \ncompter du 2 novembre 2025 ; \n\uf0b7 Consid\u00e9rant l'organigramme de Direction du CH du Forez ;  \nDECIDE \nARTICLE 1 \nDans le cadre des astreintes de direction assur\u00e9es par les personnels de direction du CH du Forez et les \ncadres habilit\u00e9s, d\u00e9l\u00e9gation est donn\u00e9e \u00e0 chaque Directeur et cadre figurant au tableau de garde, selon \nle planning \u00e9tabli par la Direction G\u00e9n\u00e9rale, \u00e0 l'effet de signer tout document (actes collectifs ou \nindividuels, correspondances, d\u00e9p\u00f4ts de plainte, etc\u2026) en vue d'assurer la continuit\u00e9 du \nfonctionnement de l'\u00e9tablissement et de r\u00e9pondre aux situations d'urgence ou de n\u00e9cessit\u00e9 de soins. \nARTICLE 2 \nLe tableau ci-apr\u00e8s liste les personnels de direction du CH du Forez et les cadres habilit\u00e9s \u00e0 assurer des \nastreintes de direction : \nNOM FONCTION \nBREYSSE Lucille Directrice adjointe \nDUBEUF Alexandra Directrice Adjointe \nGEROSSIER Alix Attach\u00e9e d'Administration Hospitali\u00e8re\nHORTALA Fran\u00e7ois Attach\u00e9 d'Administration Hospitali\u00e8re\nHUYNH Catherine Directrice adjointe \nHUYNH Paul Directeur adjoint \nROUDIER-BASMAGI Fran\u00e7oise Directrice adjointe \n42_CHF_Centre Hospitalier du Forez - 42-2025-12-31-00008 - 2025-79 D\u00e9l\u00e9gation de signature Astreintes de direction RAA 21\nCH\u2014pu\u2014\u2014\nFOREZ\nPage 2 sur 3\nARTICLE 3 \nEn dehors des actes express\u00e9ment d\u00e9l\u00e9gu\u00e9s, il est r\u00e9serv\u00e9 \u00e0 M. Edmond MACKOWIAK, Directeur du \nCentre Hospitalier du Forez, les correspondances et actes engageant le Centre Hospitalier dans ses \nrelations avec les autorit\u00e9s administratives, les membres du corps pr\u00e9fectoral, les \u00e9lus, le Pr\u00e9sident du \nConseil de Surveillance, le Pr\u00e9sident de la Commission M\u00e9dicale d'Etablissement, la presse \u00e9crite et \naudiovisuelle. \nARTICLE 4 \nLa pr\u00e9sente d\u00e9l\u00e9gation est donn\u00e9e \u00e0 titre personnel et ne saurait faire l'objet d'une sous-d\u00e9l\u00e9gation. \nElle peut \u00eatre retir\u00e9e \u00e0 tout moment.  \nLe d\u00e9l\u00e9gataire doit rendre compte des actes pris dans l'exercice de cette d\u00e9l\u00e9gation au d\u00e9l\u00e9guant, dans \nles plus brefs d\u00e9lais. \nARTICLE 5 \nLa pr\u00e9sente d\u00e9l\u00e9gation de signature est applicable \u00e0 compter de sa publication la rendant consultable.  \nElle sera notifi\u00e9e \u00e0 chaque d\u00e9l\u00e9gataire et fera l'objet d'une transmission \u00e0 chaque direction \nfonctionnelle du CH du Forez. Elle sera affich\u00e9e et visible par l'ensemble du personnel et des usagers. \nElle sera port\u00e9e \u00e0 la connaissance du Conseil de surveillance et transmise \u00e0 M. le comptable de \nl'\u00e9tablissement accompagn\u00e9e du mod\u00e8le de signature de l'ensemble des nouveaux d\u00e9l\u00e9gataires. \nElle fera par ailleurs l'objet d'une publication au recueil des actes administratifs du D\u00e9partement de la \nLoire et sera consultable sur le site Internet du CH du Forez dans l'attente de cette publication. \nLe Directeur, \nEdmond MACKOWIAK \n42_CHF_Centre Hospitalier du Forez - 42-2025-12-31-00008 - 2025-79 D\u00e9l\u00e9gation de signature Astreintes de direction RAA 22\nCH\u2014pu\u2014\u2014\nFOREZ\nPage 3 sur 3\nANNEXE A LA DECISION N\u00b0 2025-79 \nSPECIMENS DE SIGNATURES \nDUBEUF Alexandra ROUDIER-BASMAGI Fran\u00e7oise \nHORTALA Fran\u00e7ois HUYNH Paul \nHUYNH Catherine GEROSSIER Alix \nBREYSSE Lucille \n42_CHF_Centre Hospitalier du Forez - 42-2025-12-31-00008 - 2025-79 D\u00e9l\u00e9gation de signature Astreintes de direction RAA 23\n42_CHF_Centre Hospitalier du Forez\n42-2025-12-31-00009\n2025-80 Actes naissance - registre d\u00e9c\u00e8s RAA\n42_CHF_Centre Hospitalier du Forez - 42-2025-12-31-00009 - 2025-80 Actes naissance - registre d\u00e9c\u00e8s RAA 24\nCHFOREZ\nPage 1 sur 3\nDECISION \nportant d\u00e9l\u00e9gation de signature\nDate  31 d\u00e9cembre 2025 \nN\u00b0 de la d\u00e9cision 2025-80 \nObjet DELEGATION DE SIGNATURE \u2013 ACTES DE NAISSANCES ET REGISTRES DE DECES \nLE DIRECTEUR DU CENTRE HOSPITALIER DU FOREZ \n\uf0b7 VU le code de la sant\u00e9 publique, notamment ses articles L. 6143-7 et D. 6143-33 \u00e0 D. 6143-36 ; \n\uf0b7 VU l'ordonnance n\u00b02015-899 du 23 juillet 2015 et le d\u00e9cret 2016-360 du 25 mars 2016 ; \n\uf0b7 VU l'arr\u00eat\u00e9 du Centre national de gestion du 28 octobre 2025 maintenant Monsieur Edmond \nMackowiak en position de d\u00e9tachement dans l'emploi fonctionnel de directeur du Centre \nHospitalier du Forez et des EHPAD de Panissi\u00e8res, de Bussi\u00e8res et de Champdieu (42) \u00e0 \ncompter du 2 novembre 2025 ; \n\uf0b7 Consid\u00e9rant l'organigramme de Direction du CH du Forez ;  \nDECIDE \nARTICLE 1 \nMme Patricia CONSEILLON, Adjoint des Cadres Hospitaliers, re\u00e7oit d\u00e9l\u00e9gation de signature des actes \nd'\u00e9tat civil aux mairies de Feurs et de Montbrison. \nEn cas d'absence ou d'emp\u00eachement de Mme Patricia CONSEILLON, d\u00e9l\u00e9gation de signature est \ndonn\u00e9e \u00e0 Mme Marl\u00e8ne HERNANDEZ, Adjoint administratif, \u00e0 l'effet de signer les actes d'\u00e9tat civil \u00e0 la \nmairie de Montbrison. \nEn cas d'absence ou d'emp\u00eachement de Mme Patricia CONSEILLON, d\u00e9l\u00e9gation de signature est \ndonn\u00e9e \u00e0 Mmes Laetitia MOINE et Chantal BOCHARD, Adjoints Administratifs, \u00e0 l'effet de signer les \nactes d'\u00e9tat civil \u00e0 la mairie de Feurs. \nARTICLE 2 \nEn dehors des actes express\u00e9ment d\u00e9l\u00e9gu\u00e9s, il est r\u00e9serv\u00e9 \u00e0 M. Edmond MACKOWIAK, Directeur du \nCentre Hospitalier du Forez, les correspondances et actes engageant le Centre Hospitalier dans ses \nrelations avec les autorit\u00e9s administratives, les membres du corps pr\u00e9fectoral, les \u00e9lus, le Pr\u00e9sident du \nConseil de Surveillance, le Pr\u00e9sident de la Commission M\u00e9dicale d'Etablissement, la presse \u00e9crite et \naudiovisuelle. \n42_CHF_Centre Hospitalier du Forez - 42-2025-12-31-00009 - 2025-80 Actes naissance - registre d\u00e9c\u00e8s RAA 25\nCH\u2014pu\u2014\u2014\nFOREZ\nPage 2 sur 3\nARTICLE 4 \nLa pr\u00e9sente d\u00e9l\u00e9gation est donn\u00e9e \u00e0 titre personnel et ne saurait faire l'objet d'une sous-d\u00e9l\u00e9gation. \nElle peut \u00eatre retir\u00e9e \u00e0 tout moment.  \nLe d\u00e9l\u00e9gataire doit rendre compte des actes pris dans l'exercice de cette d\u00e9l\u00e9gation au d\u00e9l\u00e9guant, dans \nles plus brefs d\u00e9lais. \nARTICLE 5 \nLa pr\u00e9sente d\u00e9l\u00e9gation de signature est applicable \u00e0 compter de sa publication la rendant consultable.  \nElle sera notifi\u00e9e \u00e0 chaque d\u00e9l\u00e9gataire et fera l'objet d'une transmission \u00e0 chaque direction \nfonctionnelle du CH du Forez. Elle sera affich\u00e9e et visible par l'ensemble du personnel et des usagers. \nElle sera port\u00e9e \u00e0 la connaissance du Conseil de surveillance et transmise \u00e0 M. le comptable de \nl'\u00e9tablissement accompagn\u00e9e du mod\u00e8le de signature de l'ensemble des nouveaux d\u00e9l\u00e9gataires. \nElle fera par ailleurs l'objet d'une publication au recueil des actes administratifs du D\u00e9partement de la \nLoire et sera consultable sur le site Internet du CH du Forez dans l'attente de cette publication. \nLe Directeur, \nEdmond MACKOWIAK \n42_CHF_Centre Hospitalier du Forez - 42-2025-12-31-00009 - 2025-80 Actes naissance - registre d\u00e9c\u00e8s RAA 26\nCH\u2014pu\u2014\u2014\nFOREZ\nPage 3 sur 3\nANNEXE A LA DECISION N\u00b0 2025-80 \nSPECIMENS DE SIGNATURES \nPatricia CONSEILLON \nMarl\u00e8ne HERNANDEZ \nLaetitia MOINE \nChantal BOCHARD \n42_CHF_Centre Hospitalier du Forez - 42-2025-12-31-00009 - 2025-80 Actes naissance - registre d\u00e9c\u00e8s RAA 27\n42_CHF_Centre Hospitalier du Forez\n42-2025-12-31-00010\n2025-81 D\u00e9l\u00e9gation de signature EHPAD\nchampdieu RAA\n42_CHF_Centre Hospitalier du Forez - 42-2025-12-31-00010 - 2025-81 D\u00e9l\u00e9gation de signature EHPAD champdieu RAA 28\nCHFOREZ\nPage 1 sur 3\nDECISION \nportant d\u00e9l\u00e9gation de signature\nDate  31 d\u00e9cembre 2025 \nN\u00b0 de la d\u00e9cision 2025-81 \nObjet DELEGATION DE SIGNATURE \u2013 EHPAD Champdieu \nLE DIRECTEUR DU CENTRE HOSPITALIER DU FOREZ \n\uf0b7 VU le code de la sant\u00e9 publique, notamment ses articles L. 6143-7 et D. 6143-33 \u00e0 D. 6143-36 ; \n\uf0b7 VU le code de l'action sociale et des familles  \n\uf0b7 VU l'ordonnance n\u00b02015-899 du 23 juillet 2015 et le d\u00e9cret 2016-360 du 25 mars 2016 ; \n\uf0b7 VU l'arr\u00eat\u00e9 du Centre national de gestion du 28 octobre 2025 maintenant Monsieur Edmond \nMackowiak en position de d\u00e9tachement dans l'emploi fonctionnel de directeur du Centre \nHospitalier du Forez et des EHPAD de Panissi\u00e8res, de Bussi\u00e8res et de Champdieu (42) \u00e0 \ncompter du 2 novembre 2025 ; \n\uf0b7 Consid\u00e9rant l'existence d'une direction commune entre le CHF et l'EHPAD de Champdieu ; \n\uf0b7 Consid\u00e9rant l'organigramme de Direction du CH de Champdieu. \nDECIDE \nARTICLE 1 \nMadame Catherine HUYNH, directrice-adjointe, en charge du p\u00f4le de G\u00e9riatrie du Centre Hospitalier du \nForez, re\u00e7oit d\u00e9l\u00e9gation \u00e0 l'effet de signer tous les actes et d\u00e9cisions aff\u00e9rents au fonctionnement de \nl'EHPAD, dans le cadre d'une direction d\u00e9l\u00e9gu\u00e9e de l'EHPAD de Champdieu. \nARTICLE 2 \nEn dehors des actes express\u00e9ment d\u00e9l\u00e9gu\u00e9s et relatifs au fonctionnement de l'EHPAD, il est r\u00e9serv\u00e9 \u00e0 \nMonsieur Edmond MACKOWIAK, Directeur du Centre Hospitalier du Forez, les correspondances et actes \nengageant l'\u00e9tablissement dans ses relations avec les autorit\u00e9s administratives (ARS, DDPP, DDCCRF, \n\u2026), les membres du corps pr\u00e9fectoral, les \u00e9lus, le pr\u00e9sident du Conseil de Surveillance, le Pr\u00e9sident de \nla Commission M\u00e9dicale d'Etablissement, la presse \u00e9crite et audiovisuelle. \nARTICLE 3 \nLa pr\u00e9sente d\u00e9l\u00e9gation est donn\u00e9e \u00e0 titre personnel et ne saurait faire l'objet d'une sous-d\u00e9l\u00e9gation. \nElle peut \u00eatre retir\u00e9e \u00e0 tout moment. \nLe d\u00e9l\u00e9gataire doit rendre compte des actes pris dans l'exercice de cette d\u00e9l\u00e9gation au d\u00e9l\u00e9guant, dans \nles plus brefs d\u00e9lais. \n42_CHF_Centre Hospitalier du Forez - 42-2025-12-31-00010 - 2025-81 D\u00e9l\u00e9gation de signature EHPAD champdieu RAA 29\nCH\u2014pu\u2014\u2014\nFOREZ\nPage 2 sur 3\nARTICLE 4 \nLa pr\u00e9sente d\u00e9l\u00e9gation de signature est applicable \u00e0 compter de sa publication la rendant consultable.  \nElle sera notifi\u00e9e \u00e0 chaque d\u00e9l\u00e9gataire et fera l'objet d'une transmission \u00e0 l'EHPAD de Champdieu. Elle \nsera affich\u00e9e et visible par l'ensemble du personnel et des usagers. \nElle sera port\u00e9e \u00e0 la connaissance du Conseil d'administration et transmise \u00e0 M. le comptable de \nl'EHPAD accompagn\u00e9e du mod\u00e8le de signature. \nElle fera par ailleurs l'objet d'une publication au recueil des actes administratifs du D\u00e9partement de la \nLoire et sera consultable sur le site Internet du CH du Forez dans l'attente de cette publication. \nLe Directeur, \nEdmond MACKOWIAK \n42_CHF_Centre Hospitalier du Forez - 42-2025-12-31-00010 - 2025-81 D\u00e9l\u00e9gation de signature EHPAD champdieu RAA 30\nCH\u2014pu\u2014\u2014\nFOREZ\nPage 3 sur 3\nANNEXE A LA DECISION N\u00b0 2025-81 \nSPECIMEN DE SIGNATURE \nCatherine HUYNH \n42_CHF_Centre Hospitalier du Forez - 42-2025-12-31-00010 - 2025-81 D\u00e9l\u00e9gation de signature EHPAD champdieu RAA 31\n42_DDETS_Direction D\u00e9partementale de\nl'emploi, du travail et des solidarit\u00e9s\n42-2026-01-12-00001\nArr\u00eat\u00e9 pr\u00e9fectoral n\u00b026/01 du 12/01/2026 portant\nd\u00e9rogation au repos dominical \n42_DDETS_Direction D\u00e9partementale de l'emploi, du travail et des solidarit\u00e9s - 42-2026-01-12-00001 - Arr\u00eat\u00e9 pr\u00e9fectoral n\u00b026/01 du\n12/01/2026 portant d\u00e9rogation au repos dominical 32\n=xPREFETEDE LA LOIRELibert\u00e9Egalit\u00e9Fraternit\u00e9\nArr\u00eat\u00e9 pr\u00e9fectoral n\u00b0 26/01 du 12/01/2026\nportant d\u00e9rogation au repos dominical\nVU le chapitre II du Titre III du livre 1 er 3\u00e8me partie du Code du Travail et notamment les articles  \nL 3132-3, L 3132-20 et suivants, L 3132-25-3 et R 3132-16\u00a0;\nVU le  d\u00e9cret  du  30  juillet  2025  portant  nomination  de  la  pr\u00e9f\u00e8te  de  la  Loire  \nMadame  Muriel  NGUYEN,  publi\u00e9  au  Journal  Officiel  le  31  juillet  2025, \nNOR\u00a0: INTP2522254D\u00a0;\nVU l'arr\u00eat\u00e9 du Premier ministre et du ministre de l'int\u00e9rieur et des outre-mer du 22 d\u00e9cembre 2022,  \nportant  nomination  de  Madame  Agn\u00e8s  COL,  directrice  d\u00e9partementale  de  l'emploi,  du  travail \net  des  solidarit\u00e9s  de  la  Loire,  publi\u00e9  au  Journal  Officiel  le  24  d\u00e9cembre  2022,  \nNOR\u00a0: IOMA2236820A\u00a0;\nVU l'arr\u00eat\u00e9 pr\u00e9fectoral n\u00b0 2025-247 SAT du 02 septembre 2025, portant la d\u00e9l\u00e9gation de signature  \nde Madame Muriel NGUYEN, pr\u00e9f\u00e8te de la Loire \u00e0 Madame Agn\u00e8s COL, directrice d\u00e9partementale  \nde l'emploi, du travail et des solidarit\u00e9s de la Loire, publi\u00e9 au recueil des actes administratifs le  \n03 septembre 2025 sous le num\u00e9ro 42-2025-150 ;\nVU la demande compl\u00e8te d\u00e9pos\u00e9e  le 4 d\u00e9cembre 2025  par la  SAS PAPETERIES PICHON \u2013 ZAC  \nL'Orme  les  Sources  750  rue  Colonel  Louis  Lemaire  42340  VEAUCHE ,  aux  fins  d'obtenir  une  \nd\u00e9rogation exceptionnelle \u00e0 la r\u00e8gle au repos dominical concernant onze salari\u00e9s pour travailler le \ndimanche 8 f\u00e9vrier 2026 de 9h00 \u00e0 12h00 et de 13h00 \u00e0 17h00 ;\nVU la d\u00e9cision unilat\u00e9rale relative au travail du dimanche\u00a0 en date du 1 d\u00e9cembre 2025 ;\nVU l'avis favorable des membres du CSE de la  SAS PAPETERIES PICHON  en date du 1 \u00a0d\u00e9cembre \n2025 sur l'information/consultation relative au travail du dimanche 8 f\u00e9vrier 2026 ;\nVU les attestations individuelles des salari\u00e9s volontaires pour travailler le dimanche concern\u00e9 par la  \ndemande ;\nVU les consultations r\u00e9glementaires effectu\u00e9es et les avis re\u00e7us.\n                          \nCONSID\u00c9RANT que  l'activit\u00e9  principale  de  la  SAS  PAPETERIES  PICHON repose  sur  la  vente  \u00e0  \ndistance  aux  entreprises,  \u00e9tablissements  publics,  collectivit\u00e9s  et  structures  \u00e9ducatives  et  que  \nl'ensemble de leurs clients d\u00e9pend de leur site e-commerce pour passer leurs commandes, suivre  \nleurs livraisons et assurer la continuit\u00e9 de leurs propres missions ;\nCONSID\u00c9RANT que leur site actuel est limit \u00e9 dans ses fonctionnalit\u00e9s et qu'il est essentiel que leur  \nsite e-commerce soit fiable et performant ;\n                Direction d\u00e9partementale\n  de l'emploi, du travail et des solidarit\u00e9s\n42_DDETS_Direction D\u00e9partementale de l'emploi, du travail et des solidarit\u00e9s - 42-2026-01-12-00001 - Arr\u00eat\u00e9 pr\u00e9fectoral n\u00b026/01 du\n12/01/2026 portant d\u00e9rogation au repos dominical 33\nCONSID\u00c9RANT que la demande est motiv \u00e9e   par le fait que  pour s\u00e9curiser leur activit\u00e9 et pour  \nminimiser l'impact client, la migration de l'ancien site vers le nouveau site ainsi que les tests finaux \u00e0  \nr\u00e9aliser sur le nouvel outil et son lancement doivent avoir lieu un dimanche ;\nCONSID\u00c9RANT  de  plus  que  cette  migration  implique  une  interruption  technique  temporaire  \ncomplexe n \u00e9cessitant deux jours cons\u00e9cutifs de tests intensifs et de stabilisation r\u00e9alis\u00e9s par les  \n\u00e9quipes expertes de leur site de Veauche ; \nCONSID\u00c9RANT au vu de ce qui pr\u00e9c\u00e8de que si cette intervention  intervenait en semaine, cela  \nemp\u00eacherait leurs clients d'acc\u00e9der \u00e0 leurs services \u00e0 un moment o\u00f9 leurs besoins sont imm\u00e9diats  \net ne peuvent \u00eatre diff\u00e9r\u00e9s sans perturber leur organisation interne  ce qui porterait pr\u00e9judice \u00e0  \nleurs clients et  entra\u00eenerait une atteinte majeure au fonctionnement normal de leur \u00e9tablissement  \nainsi qu'un risque pour la continuit\u00e9 de leur activit\u00e9 ;\nCONSID\u00c9RANT, par ailleurs, que le choix des salari\u00e9s appel\u00e9s \u00e0 travailler le dimanche se fera sur la  \nbase du volontariat et que les salari\u00e9s b\u00e9n\u00e9ficieront des compensations pr\u00e9vues dans  la d \u00e9cision \nunilat\u00e9rale relative au travail du dimanche\u00a0 en date du 1 d\u00e9cembre 2025.\n               ARR\u00caT\u00c9\nArticle 1er\u00a0:\nLa demande pr\u00e9sent\u00e9e par la SAS PAPETERIES PICHON est  ACCORD\u00c9E selon les horaires indiqu\u00e9s  \ndans la demande pour onze salari\u00e9s volontaires.\nArticle 2 : \nLe travail du dimanche ne peut avoir pour effet de d\u00e9passer la dur\u00e9e maximale du travail journali\u00e8re \nfix\u00e9e \u00e0 10  heures, ni la dur\u00e9e du travail maximale hebdomadaire absolue fix\u00e9e \u00e0 48 heures par  \nsemaine. \nLe refus d'un salari\u00e9 de travailler le dimanche ne constitue ni une faute, ni un motif de licenciement  \net ne peut faire l'objet d'une mesure discriminatoire dans le cadre de l'ex\u00e9cution de son contrat de  \ntravail.\nArticle 3 :\nL'\u00e9tablissement  respectera  les  dispositions  valid\u00e9es  par  les  membres  du  CSE  concernant  les  \ncontreparties pour le travail du dimanche  ; pour les salari\u00e9s non cadres  : une r\u00e9mun\u00e9ration fix\u00e9e au \ndouble de la r\u00e9mun\u00e9ration normale des autres jours de la semaine, une r\u00e9cup\u00e9ration \u00e9quivalente  \nau nombre d'heures effectu\u00e9es ainsi qu'un repos hebdomadaire et pour les cadres en forfait jours  \n(hors directeur) : une r\u00e9mun\u00e9ration ou r\u00e9cup\u00e9ration major\u00e9e de 50  % et un repos hebdomadaire,  \nafin   d'\u00e9viter  que  les  \u00e9quipes  soient  sollicit\u00e9es  plus  de  sept  jours  cons\u00e9cutifs,  les  jeudis  5  et  \n12 f\u00e9vrier 2026 seront non travaill\u00e9s.\nArticle 4 :\nL'entreprise devra tenir \u00e0 la disposition des services de contr\u00f4le de l'inspection du travail tous  \ndocuments  justifiant  du  volontariat  des  salari\u00e9s  occup\u00e9s  le  dimanche,  des  horaires  de  travail  \neffectu\u00e9s ainsi que de l'octroi des compensations pr\u00e9vues par l a d \u00e9cision unilat\u00e9rale relative au  \ntravail du dimanche\u00a0 en date du 1 d\u00e9cembre 2025.\n42_DDETS_Direction D\u00e9partementale de l'emploi, du travail et des solidarit\u00e9s - 42-2026-01-12-00001 - Arr\u00eat\u00e9 pr\u00e9fectoral n\u00b026/01 du\n12/01/2026 portant d\u00e9rogation au repos dominical 34\nArticle 5 :\nMonsieur  le  Secr\u00e9taire  G\u00e9n\u00e9ral  de  la  pr\u00e9fecture  de  la  Loire  et  Madame  la  Directrice  \nd\u00e9partementale de l'emploi, du travail et des solidarit\u00e9s de la Loire sont charg\u00e9s, chacun en ce qui  \nle concerne, de l'ex\u00e9cution de la pr\u00e9sente d\u00e9cision.\nSaint-\u00c9tienne, le 12/01/2026 \nPour La Pr\u00e9f\u00e8te\nPar d\u00e9l\u00e9gation \nLa Directrice d\u00e9partementale de l'emploi, \ndu travail et des solidarit\u00e9s de la Loire \nAgn\u00e8s COL\nVoies de recours :\nCette d\u00e9cision peut faire l'objet, dans un d\u00e9lai de deux mois \u00e0 compter de la r\u00e9ception de la d\u00e9cision :\n- d'un recours gracieux devant mes services ;\n-d'un recours hi\u00e9rarchique aupr\u00e8s de Madame la Ministre du travail et de l'emploi \u2013 Direction G\u00e9n\u00e9rale du Travail \u2013 39/43 \nQuai Andr\u00e9 Citro\u00ebn \u2013 75902 PARIS Cedex 15 ;\n-d'un recours contentieux aupr\u00e8s du pr\u00e9sident du Tribunal Administratif de Lyon - 184, rue Duguesclin \u2013 69433 LYON  \nCEDEX 03 ou par la voie d\u00e9mat\u00e9rialis\u00e9e, par l'application \u00ab T\u00e9l\u00e9recours citoyen \u00bb sur le site www.telerecours.\n42_DDETS_Direction D\u00e9partementale de l'emploi, du travail et des solidarit\u00e9s - 42-2026-01-12-00001 - Arr\u00eat\u00e9 pr\u00e9fectoral n\u00b026/01 du\n12/01/2026 portant d\u00e9rogation au repos dominical 35\n42_DDT_Direction D\u00e9partementale des\nTerritoires de la Loire\n42-2026-01-09-00004\nAP fonds urgence DNC 42\n42_DDT_Direction D\u00e9partementale des Territoires de la Loire - 42-2026-01-09-00004 - AP fonds urgence DNC 42 36\n| =PREFETEDE LA LOIRELibert\u00e9Egalit\u00e9Fraternit\u00e9\nDirection D\u00e9partementale\ndes Territoires\nArr\u00eat\u00e9 n\u00b0DT-26-0014\nPortant instauration d'un fonds d'urgence visant \u00e0 soutenir les exploitations les plus \nfragilis\u00e9es par la diffusion de la dermatose nodulaire contagieuse\nLa pr\u00e9f\u00e8te de la Loire\nVu le r\u00e8glement (UE) n\u00b01408/2013 de la Commission du 18 d\u00e9cembre 2013 relatif \u00e0 l'application des  \narticles 107 et 108 du trait\u00e9 sur le fonctionnement de l'Union europ\u00e9enne aux aides de minimis dans le  \nsecteur de l'agriculture, modifi\u00e9 par le r\u00e8glemen t (UE) 2024/3118 de la Commission du 10 d\u00e9cembre  \n2024, dit \u00ab r\u00e8glement de minimis agricole \u00bb ; \nVu la loi organique n\u00b02001-692 du 1er ao\u00fbt 2001 relative aux lois de finances ;\nVu le d\u00e9cret n\u00b0 2004-374 du 29 avril 2004 modifi\u00e9, relatif aux pouvoirs des pr\u00e9fets et \u00e0 l'action des  \nservices et organismes publics de l'\u00c9tat dans les r\u00e9gions et d\u00e9partements ;\nVu le d\u00e9cret n\u00b0 2012-1246 du 7 novembre 2012 modifi\u00e9, relatif \u00e0 la gestion budg\u00e9taire et comptable  \npublique ;\nVu le  d\u00e9cret  du 30  juillet  2025  nommant  Muriel  NGUYEN,  pr\u00e9f\u00e8te  de  la  Loire,  \u00e0  compter  du  1er \nseptembre 2025 ;\nVu l'instruction technique DGPE/SDC/2020-616 du 7 octobre 2020 relative \u00e0 la mise en \u0153uvre des  \naides de minimis appliqu\u00e9es au secteur agricole et forestier ;\nVu le courrier de la Ministre de l'Agriculture, de l'Agroalime ntaire et de la Souverainet\u00e9 alimentaire aux \nPr\u00e9fets de R\u00e9gion en date du 19 d\u00e9cembre 2025 mettant en \u0153uvre un \u00ab fonds d'urgence \u00bb visant \u00e0  \nsoutenir les exploitations les plus fragilis\u00e9es par la diffusion de la dermatose nodulaire contagieuse ;\nVu l'arr\u00eat\u00e9 pr\u00e9fectoral de la pr\u00e9f\u00e8te de l'Ain n\u00b0DDPP01-25-373 D\u00e9terminant une zone r\u00e9glement\u00e9e  \nsuite aux foyers de dermatose nodulaire contagieuse bovine (DNCB) survenus dans l'Ain, la Savoie et la  \nHaute-Savoie ;\nVu l'arr\u00eat\u00e9  pr\u00e9fectoral  de  la  pr\u00e9f\u00e8te  de  l'Is\u00e8re  n\u00b038-2025-08-25-00013  d\u00e9terminant  une  zone  \nr\u00e9glement\u00e9e suite \u00e0 un foyer de dermatose nodulaire contagieuse bovine (DNCB) ;\nVu l'arr\u00eat\u00e9 pr\u00e9fectoral du pr\u00e9fet du Jura n\u00b0392025128 d\u00e9terminant une zone r\u00e9glement\u00e9e suite \u00e0 un  \nfoyer de dermatose nodulaire contagieuse bovine (DNCB) ;\nVu l'arr\u00eat\u00e9 pr\u00e9fectoral de la pr\u00e9f\u00e8te de Savoie n\u00b0 DDETSPP-PV-PSA-20251004-01d\u00e9terminant une zone  \nr\u00e9glement\u00e9e suite \u00e0 un foyer de dermatose nodulaire contagieuse bovine (DNCB) ;\nT\u00e9l\u00e9phone : 04 77 43 80 00\nSite internet : www.loire.gouv.fr\nAdresse postale : 2 avenue Gr\u00fcner CS 90509 - 42007 Saint-\u00c9tienne cedex 1 1/5\n42_DDT_Direction D\u00e9partementale des Territoires de la Loire - 42-2026-01-09-00004 - AP fonds urgence DNC 42 37\nVu l'arr\u00eat\u00e9  pr\u00e9fectoral  de  la  pr\u00e9f\u00e8te  de  la  Haute  Savoie  n\u00b02025-03246  d\u00e9terminant  une  zone  \nr\u00e9glement\u00e9e suite \u00e0 un foyer de dermatose nodulaire contagieuse bovine (DNCB) ;\nVu l'arr\u00eat\u00e9 pr\u00e9fectoral de la pr\u00e9f\u00e8te de de l'Ain n\u00b0DDPP01-25-343 d\u00e9terminant une zone r\u00e9glement\u00e9e  \nsuite \u00e0 un foyer de dermatose nodulaire contagieuse bovine (DNCB) survenu dans le Rh\u00f4ne ;\nVu l'arr\u00eat\u00e9  pr\u00e9fectoral  de  la  pr\u00e9f\u00e8te  de  l'Is\u00e8re  n\u00b0DDPP-SPA-20250919-01  d\u00e9terminant  une  zone  \nr\u00e9glement\u00e9e suite \u00e0 un foyer de dermatose nodulaire contagieuse bovine (DNCB) ;\nVu l'arr\u00eat\u00e9 pr\u00e9fectoral de la pr\u00e9f\u00e8te de la Loire n\u00b0299-DDPP-25 d\u00e9terminant une zone r\u00e9glement\u00e9e  \nsuite \u00e0 un foyer de dermatose nodulaire contagieuse bovine (DNCB) ;\nVu l'arr\u00eat\u00e9 pr\u00e9fectoral de la pr\u00e9f\u00e8te du Rh\u00f4ne n\u00b0SPA 2025-179 d\u00e9terminant une zone r\u00e9glement\u00e9e  \nsuite \u00e0 un foyer de dermatose nodulaire contagieuse bovine (DNCB) ;\nVu l'arr\u00eat\u00e9 pr\u00e9fectoral de la pr\u00e9f\u00e8te de de l'Ain n\u00b0DDPP01-25-402 d\u00e9terminant une zone r\u00e9glement\u00e9e  \nsuite \u00e0 un foyer de dermatose nodulaire contagieuse bovine (DNCB) survenu dans l'Ain ;\nVu l'arr\u00eat\u00e9  pr\u00e9fectoral  de  la  pr\u00e9f\u00e8te  de  l'Is\u00e8re  n\u00b0DDPP-SPA-20251016-01  d\u00e9terminant  une  zone  \nr\u00e9glement\u00e9e suite \u00e0 un foyer de dermatose nodulaire contagieuse bovine (DNCB) ;\nVu l'arr\u00eat\u00e9  pr\u00e9fectoral  de  la  pr\u00e9f\u00e8te  du  Rh\u00f4ne  n\u00b0SPA-DNC-2025-155  d\u00e9terminant  une  zone  \nr\u00e9glement\u00e9e suite \u00e0 un foyer de dermatose nodulaire contagieuse bovine (DNCB) dans le Rh\u00f4ne ;\nVu l'arr\u00eat\u00e9  pr\u00e9fectoral  de  la  pr\u00e9f\u00e8te  du  Rh\u00f4ne  n\u00b0SPA-DNC-2025-156  d\u00e9terminant  une  zone  \nr\u00e9glement\u00e9e suite \u00e0 un foyer de dermatose nodulaire contagieuse bovine (DNCB) dans le Rh\u00f4ne ;\nSur la proposition du directeur d\u00e9partemental des territoires ;\nARR\u00caTE\nArticle 1er - Objet :\nLe premier foyer de dermatose nodulaire contagieuse (DNC) a \u00e9t\u00e9 d\u00e9clar\u00e9 en France le 29 juin 2025  \ndans le d\u00e9partement de la Savoie. \u00c0 la date du 14 d\u00e9cembre 2025, 113 foyers de DNC ont \u00e9t\u00e9 recens\u00e9s  \nen  France  dans  onze  d\u00e9partements  (Savoie  (32),  Haute-Savoie  (44),  Ain  (03),  Rh\u00f4ne  (1),  Jura  (7), \nPyr\u00e9n\u00e9es-Orientales (21), Doubs (1), Ari\u00e8ge (1), Hautes-Pyr\u00e9n\u00e9es (1), Haute-Garonne (1) et Aude (1).\nConform\u00e9ment \u00e0 la r\u00e9glementation europ\u00e9enne, des mesures sanitaires ont \u00e9t\u00e9 prises afin d'\u00e9radiquer  \ncette maladie class\u00e9e en cat\u00e9gorie ADE, c'est-\u00e0-dire soumise \u00e0 \u00e9radication obligatoire, \u00e0 restriction de  \nmouvement entre \u00c9tats membres et \u00e0 surveillance. En particulier, les \u00e9levages foyers sont d\u00e9peupl\u00e9s  \nen totalit\u00e9 et une zone r\u00e9glement\u00e9e (ZR) d'un rayon de 50 km est mise en place autour de chaque  \nfoyer, instaurant des mesures de pr\u00e9vention par renforcement de la surveillance v\u00e9t\u00e9rinaire, ainsi que  \ndes restrictions notamment sur les d\u00e9placements des bovins. Six zones r\u00e9glement\u00e9es ont \u00e9t\u00e9 ainsi  \nd\u00e9finies.\nEn application des arr\u00eat\u00e9s du 30 mars 2001 modifi\u00e9 et du 16 juillet 2025, l'\u00c9tat prend en charge pour les \n\u00e9levages foyers le co\u00fbt de remplacement des animaux euthanasi\u00e9s sur ordre de l'administration sur la  \nbase de leur valeur marchande objective, les co\u00fbts connexes li\u00e9s au repeuplement ainsi que le d\u00e9ficit  \nmomentan\u00e9 de production r\u00e9sultant de l'abattage des animaux. \nPar ailleurs, l'\u00c9tat a mis en place une vaccination obligatoire des bovins dans les zones r\u00e9glement\u00e9es  \nainsi que dans la r\u00e9gion Corse (suite \u00e0 la demande des professionnels) et prend en charge l'int\u00e9gralit\u00e9  \ndes co\u00fbts de cette campagne vaccinale obligatoire.\nLes exploitations d'\u00e9levage situ\u00e9es dans ces zones r\u00e9glement\u00e9es et vaccinales ont \u00e9t\u00e9 particuli\u00e8rement  \ntouch\u00e9es pendant plusieurs semaines par des mesures de restriction de mouvement, notamment par  \n2/5\n42_DDT_Direction D\u00e9partementale des Territoires de la Loire - 42-2026-01-09-00004 - AP fonds urgence DNC 42 38\ndes co\u00fbts de conservation sur les exploitations des jeunes animaux qui auraient d\u00fb \u00eatre export\u00e9s ou  \ndes difficult\u00e9s de commercialisation.\nAfin  de  soutenir  la  tr\u00e9sorerie  des  exploitations  les  plus  fragilis\u00e9es  \u00e9conomiquement,  un  fonds  \nd'urgence dot\u00e9 de 4 millions d'euros est mis en place.\nLe pr\u00e9sent arr\u00eat\u00e9 a pour objet de fixer les modalit\u00e9s de mises en \u0153uvre de ce fonds d'urgence. \nArticle 2 \u2013 Crit\u00e8res d'\u00e9ligibilit\u00e9 :\nCette aide s'adresse aux exploitations professionnelles d'\u00e9levage de bovins non foyers remplissant les  \nconditions suivantes :\n- avoir son si\u00e8ge social d'exploitation situ\u00e9 en zone r\u00e9glement\u00e9e ou en zone vaccinale (ZV) de la r\u00e9gion  \nAuvergne-Rh\u00f4ne-Alpes.\n- \u00eatre immatricul\u00e9 au r\u00e9pertoire SIRENE de l'INSEE par un num\u00e9ro SIRET actif au moment du d\u00e9p\u00f4t de  \nla demande d'aide,\n- avoir des bovins enregistr\u00e9s dans la base de donn\u00e9es nationale d'identification (BDNI).\nArticle 3 - Enveloppe financi\u00e8re et d\u00e9termination du montant de l'aide :\nL'enveloppe r\u00e9gionale disponible pour ce dispositif est de 4 000 000 \u20ac.\nL'indemnisation sera vers\u00e9e aux exploitations \u00e9ligibles ayant d\u00e9pos\u00e9 une demande d'aide. \nElle prendra la forme d'un forfait par UGB (unit\u00e9 gros b\u00e9tail) \u00e0 partir de 5\u20ac/UGB. Ce forfait sera modul\u00e9  \npart des coefficients de pond\u00e9ration  prenant en compte :\n\u2022 la dur\u00e9e d'immobilisation des animaux (fonction de la dur\u00e9e de chaque ZR),\n\u2022 le type racial de l'animal (lait/mixte/viande).\nL'aide par exploitation :\n\u2022 ne pourra d\u00e9passer le montant de 4 500 \u20ac. \n\u2022 ne sera vers\u00e9e que si le montant \u00e9ligible pour une exploitation d\u00e9passe 500\u20ac. En-dessous, la  \ndemande d'aide sera consid\u00e9r\u00e9e comme in\u00e9ligible,\nEn fonction du nombre de dossiers global d\u00e9pos\u00e9s, un stabilisateur budg\u00e9taire pourra \u00eatre appliqu\u00e9  \npour respecter l'enveloppe attribu\u00e9e \u00e0 la r\u00e9gion.\nL'aide sera vers\u00e9e dans le cadre du r\u00e8glement \u00ab  de minimis agricole  \u00bb, pr\u00e9voyant notamment que le  \ncumul des aides accord\u00e9es ne doit pas exc\u00e9der un plafond de 50 000 \u20ac sur une p\u00e9riode de trois ans.\nArticle 4 \u2013 Gestion administrative de la mesure :\nLa  demande  d'aide  doit  \u00eatre  d\u00e9pos\u00e9e  via  la  plateforme  \u00ab D\u00e9marches  simplifi\u00e9es \u00bb  ouverte  par  la \nDirection  d\u00e9partementale  des  territoires  du  si\u00e8ge  de  l'exploitation,  accompagn\u00e9e  des  pi\u00e8ces  \njustificatives n\u00e9cessaires.\nUn seul dossier par num\u00e9ro SIRET doit \u00eatre d\u00e9pos\u00e9.\nLa demande d'aide doit \u00eatre d\u00e9pos\u00e9e au plus tard le 30 janvier 2026 \u00e0 23h59. Dans le cas o\u00f9 le dossier  \ntransmis s'av\u00e8re incomplet, les \u00e9l\u00e9ments manquants doivent \u00eatre communiqu\u00e9s avant cette m\u00eame  \ndate, sous peine de rejet.\nLa DDT r\u00e9alise l'instruction des dossiers des exploitations dont le si\u00e8ge est situ\u00e9 dans son d\u00e9partement. \nElle pourra demander toute pi\u00e8ce compl\u00e9mentaire qu'elle juge utile au contr\u00f4le et \u00e0 la compr\u00e9hension  \ndu dossier, en fixant un d\u00e9lai de r\u00e9ponse au-del\u00e0 duquel le dossier pourra \u00eatre rejet\u00e9.\nApr\u00e8s instruction, la DDT transmet \u00e0 la DRAAF Auvergne-Rh\u00f4ne-Alpes qui d\u00e9termine les enveloppes  \nd\u00e9partementales.\n3/5\n42_DDT_Direction D\u00e9partementale des Territoires de la Loire - 42-2026-01-09-00004 - AP fonds urgence DNC 42 39\nLa  DDT  proc\u00e8de  \u00e0  l'engagement  et  au  paiement  des  dossiers  retenus  dans  son  d\u00e9partement,  et \nadresse \u00e0 chaque b\u00e9n\u00e9ficiaire un courrier de notification du paiement. Elle est responsable de la  \nl\u00e9galit\u00e9 et de la r\u00e9gularit\u00e9 de la mise en \u0153uvre des d\u00e9penses.\nArticle 5 \u2013 Cadre juridique :\nPourront b\u00e9n\u00e9ficier de la mesure, les exploitants agricoles \u00e0 titre principal, les groupements agricoles  \nd'exploitation en commun (GAEC) avec application de la transparence GAEC s'agissant du plafond par  \nexploitation contenu dans le r\u00e8glement dit de minimis, les exploitations agricoles \u00e0 responsabilit\u00e9  \nlimit\u00e9e (EARL), les autres personnes morales ayant pour objet l'exploitation agricole et dont au moins  \n50 % du capital est d\u00e9tenu par des exploitations \u00e0 titre principal (directement ou indirectement). Les  \nentreprises  faisant  l'objet  d'une  proc\u00e9dure  de  sauvegarde  ou  de  redressement  judiciaire  doivent \ndisposer d'un plan arr\u00eat\u00e9 par le tribunal de Commerce au moment du paiement pour b\u00e9n\u00e9ficier de la  \nmesure d'aide. Les entreprises concern\u00e9es par une proc\u00e9dure de liquidation judiciaire sont exclues de  \nla mesure d'aide, que la proc\u00e9dure de liquidation soit connue au moment du d\u00e9p\u00f4t du dossier ou  \nqu'elle intervienne apr\u00e8s celui-ci (lors des phases d'instruction et de contr\u00f4les administratifs). \nL'aide  est  vers\u00e9e  dans  le  cadre  du  r\u00e8glement  (UE)  n\u00b01408/2013  modifi\u00e9  de  la  Commission  du  18 \nd\u00e9cembre 2013 relatif \u00e0 l'application des articles 107 et 108 du trait\u00e9 sur le fonctionnement de l'Union  \neurop\u00e9enne aux aides de minimis dans le secteur de l'agriculture. Ce r\u00e8glement pr\u00e9voit que les aides  \naccord\u00e9es \u00e0 une entreprise unique, au titre du r\u00e9gime de minimis agricole, ne doivent pas exc\u00e9der un  \nplafond de 50 000 \u20ac par entreprise unique, sur une p\u00e9riode de trois ans, soit au cours des 36 derniers  \nmois, quels que soient la forme et l'objectif des aides de minimis. Cette p\u00e9riode de r\u00e9f\u00e9rence est  \nappr\u00e9ci\u00e9e sur une base glissante de sorte que pour chaque nouvelle aide de minimis octroy\u00e9e, il y a  \nlieu de d\u00e9terminer le montant des aides de minimis accord\u00e9 au cours des trois ann\u00e9es pr\u00e9c\u00e9dentes.  \nPar exemple, si l'aide de minimis agricole est accord\u00e9e le 1er octobre 2025, afin de v\u00e9rifier le respect  \ndu plafond de 50 000 \u20ac sur une p\u00e9riode de trois ans, la p\u00e9riode \u00e0 prendre en compte est celle allant du  \n1er octobre 2022 au 1er octobre 2025.  Le b\u00e9n\u00e9ficiaire doit en \u00eatre inform\u00e9 lors de son attribution. \nLe respect du plafond de minimis pr\u00e9cit\u00e9, dans l'hypoth\u00e8se du versement de l'aide demand\u00e9e, doit  \n\u00eatre v\u00e9rifi\u00e9 dans les conditions d\u00e9crites par l'instruction technique DGPE/SDC/2020-616 du 7 octobre  \n2020. Dans ce cadre, l'utilisation du mod\u00e8le de formulaire joint en annexe est recommand\u00e9e.\nArticle 6 \u2013 Contr\u00f4les :\nDes contr\u00f4les administratifs et physiques pourront \u00eatre diligent\u00e9s par les services comp\u00e9tents, et un  \ncontr\u00f4le  approfondi  des  informations  communiqu\u00e9es  pourra  \u00eatre  r\u00e9alis\u00e9  par  les  administrations \ncomp\u00e9tentes apr\u00e8s paiement.\n\u00c0 cette fin, le b\u00e9n\u00e9ficiaire doit tenir \u00e0 la disposition des administrations comp\u00e9tentes l'ensemble des  \ndocuments permettant de justifier le versement de l'aide jusqu'\u00e0 la fin de la dixi\u00e8me ann\u00e9e civile  \nsuivant celle du versement de l'aide demand\u00e9e au titre du pr\u00e9sent dispositif.\nCes contr\u00f4les peuvent aboutir \u00e0 remettre en cause l'\u00e9ligibilit\u00e9 \u00e0 l'aide et entra\u00eener l'application de  \nr\u00e9duction du montant de l'aide et/ou de sanctions.\nArticle 7 \u2013 Remboursement de l'aide ind\u00fbment per\u00e7ue et sanctions :\nEn cas d'irr\u00e9gularit\u00e9 d\u00e9tect\u00e9e apr\u00e8s paiement, il est demand\u00e9 au b\u00e9n\u00e9ficiaire le reversement de tout  \nou partie de l'aide attribu\u00e9e.\nSi l'irr\u00e9gularit\u00e9 est relev\u00e9e avant paiement, l'aide sollicit\u00e9e pourrait ne pas \u00eatre vers\u00e9e.\nEn cas de fourniture intentionnelle de donn\u00e9es fausses ou de documents falsifi\u00e9s avant ou apr\u00e8s  \npaiement, une sanction administrative est appliqu\u00e9e.\nElle correspond \u00e0 20  % du montant de l'aide ind\u00fbment pay\u00e9e ou qui aurait \u00e9t\u00e9 pay\u00e9e si l'irr\u00e9gularit\u00e9  \nintentionnelle n'avait pas \u00e9t\u00e9 d\u00e9tect\u00e9e.\n4/5\n42_DDT_Direction D\u00e9partementale des Territoires de la Loire - 42-2026-01-09-00004 - AP fonds urgence DNC 42 40\nArticle 8 \u2013 Recours :\nLe pr\u00e9sent arr\u00eat\u00e9 peut faire l'objet d'un recours contentieux devant le tribunal administratif de Lyon,  \ndans le d\u00e9lai de deux mois \u00e0 compter de sa publication.  La juridiction administrative peut aussi \u00eatre  \nsaisie par l'application T\u00e9l\u00e9recours citoyens, accessible \u00e0 partir du site www.telerecours.fr.\nArticle 9 \u2013 Entr\u00e9e en vigueur :\nLe pr\u00e9sent arr\u00eat\u00e9 entrera en vigueur le lendemain de sa publication au recueil des actes administratifs  \nde la pr\u00e9fecture.\nArticle 10 \u2013 Ex\u00e9cution du pr\u00e9sent arr\u00eat\u00e9 : \nLe  directeur  d\u00e9partemental  des  territoires  et  le  secr\u00e9taire  g\u00e9n\u00e9ral  de  la  pr\u00e9fecture  sont  charg\u00e9s, \nchacun en ce qui le concerne, de l'ex\u00e9cution du pr\u00e9sent arr\u00eat\u00e9 qui sera publi\u00e9 au recueil des actes  \nadministratifs de la pr\u00e9fecture de la Loire.\nSaint-\u00c9tienne, le 09 janvier 2026\nLa pr\u00e9f\u00e8te, et par d\u00e9l\u00e9gation,\nle sous-pr\u00e9fet, directeur de Cabinet\nsign\u00e9 : Adrien SPERRY\n5/5\n42_DDT_Direction D\u00e9partementale des Territoires de la Loire - 42-2026-01-09-00004 - AP fonds urgence DNC 42 41\n42_Pr\u00e9f_Pr\u00e9fecture de la Loire\n42-2025-12-15-00009\nArr\u00eat\u00e9 n\u00b0 2025- 233 SAT portant subd\u00e9l\u00e9gation\nde signature en mati\u00e8re d'ordonnancement\nsecondaire pour les affaires relevant de l'IA\nDASEN de la LOIRE\n42_Pr\u00e9f_Pr\u00e9fecture de la Loire - 42-2025-12-15-00009 - Arr\u00eat\u00e9 n\u00b0 2025- 233 SAT portant subd\u00e9l\u00e9gation de signature en mati\u00e8re\nd'ordonnancement secondaire pour les affaires relevant de l'IA DASEN de la LOIRE 42\nEuREGION ACADEMIQUEAUVERGNE-RHONE-ALPESLibert\u00e9\u00c9galit\u00e9Fraternit\u00e9\nSecr\u00e9tariat g\u00e9n\u00e9ral\nde r\u00e9gion acad\u00e9mique\nSGRA\n92, rue de Marseille\nBP 7227\n69354 Lyon cedex 07\nLyon, le 15 d\u00e9cembre 2025\nArr\u00eat\u00e9 n\u00b02025- 233 SAT \nportant subd\u00e9l\u00e9gation de signature en mati\u00e8re \nd'ordonnancement secondaire pour les affaires \nrelevant de l'IA DASEN de la LOIRE\nL'IA DASEN de la Loire\nVu le code de l'\u00e9ducation\u00a0;\nVu le code de la commande publique\u00a0;\nVu la loi organique n\u00b0 2001-692 du 1er ao\u00fbt 2001 relative aux lois de finances ;\nVu la loi n\u00b0 82-213 du 2 mars 1982 relative aux droits et libert\u00e9s des communes, des d\u00e9partements et des \nr\u00e9gions, modifi\u00e9es; \nVu le d\u00e9cret n\u00b0 2012-1246 du 7 novembre 2012 relatif \u00e0 la gestion budg\u00e9taire et comptable publique;\nVu les arr\u00eat\u00e9s interminist\u00e9riels du 3 juillet 2009 portant r\u00e8glement de comptabilit\u00e9 pour la d\u00e9signation  \ndes ordonnateurs secondaires et de leurs d\u00e9l\u00e9gu\u00e9s en ce qui concerne les minist\u00e8res de l'\u00e9ducation  \nnationale et de l'enseignement sup\u00e9rieur et de la recherche;\nVu le d\u00e9cret du 19 janvier 2023 portant nomination de Monsieur Thierry Dickel\u00e9, Directeur acad\u00e9mique \ndes services de l'\u00e9ducation nationale de la LOIRE \u00e0 compter du 23 janvier 2023; \nVu le d\u00e9cret du 30 juillet 2025 portant nomination de Mme Myriam N'GUYEN, pr\u00e9f\u00e8te de la Loire\nVu l'arr\u00eat\u00e9 du 15 octobre 2025 portant nomination de Mme Blandine Brioude dans l'emploi de secr\u00e9taire \ng\u00e9n\u00e9rale de la direction des services d\u00e9partementaux de l'\u00e9ducation nationale;\nVu l'arr\u00eat\u00e9 n\u00b02025-267 en date du 2 septembre 2025 par lequel la pr\u00e9f\u00e8te du d\u00e9partement de la LOIRE  \ndonne d\u00e9l\u00e9gation de signature en mati\u00e8re d'ordonnancement secondaire \u00e0 Monsieur Thierry Dickel\u00e9,  \nDirecteur acad\u00e9mique des services de l'\u00e9ducation nationale de la LOIRE;\nARRETE\nArticle 1  er\n   : En cas d'absence ou d'emp\u00eachement de l'IA-DASSEN, subd\u00e9l\u00e9gation de signature est donn\u00e9e \n\u00e0 Mme Blandine Brioude, secr\u00e9taire g\u00e9n\u00e9rale de la direction des services d\u00e9partementaux de la Loire  \ndans les limites fix\u00e9es par l'arr\u00eat\u00e9 de la pr\u00e9f\u00e8te du d\u00e9partement de la Loire susvis\u00e9, \u00e0 l'effet de proc\u00e9der \u00e0 \nl'ordonnancement  secondaire  des  recettes  et  des  d\u00e9penses  imput\u00e9es  sur  les  programmes  0140 \n\u00ab\u00a0premier degr\u00e9 Public \u00a0\u00bb, 0141 \u00ab \u00a0 second degr\u00e9 public \u00a0\u00bb, 0230 \u00ab \u00a0vie de l'\u00e9l\u00e8ve \u00a0\u00bb et 0214 \u00ab \u00a0Soutien \u00e0 la  \npolitique de l'\u00e9ducation nationale selon les modalit\u00e9s suivantes ;\n- en tant que responsable d'UO, pour les programmes 140 \u00ab \u00a0premier degr\u00e9 Public\u00a0\u00bb, 141 \u00ab\u00a0second degr\u00e9 \npublic\u00a0\u00bb, 230 \u00ab\u00a0Vie de l'\u00e9l\u00e8ve\u00a0\u00bb;\n- en tant que responsable de centres de co\u00fbt, pour le programme 214 (0214-AURA-LYON), \u00ab\u00a0Soutien \u00e0 la \n1\n42_Pr\u00e9f_Pr\u00e9fecture de la Loire - 42-2025-12-15-00009 - Arr\u00eat\u00e9 n\u00b0 2025- 233 SAT portant subd\u00e9l\u00e9gation de signature en mati\u00e8re\nd'ordonnancement secondaire pour les affaires relevant de l'IA DASEN de la LOIRE 43\nEuREGION ACADEMIQUEAUVERGNE-RHONE-ALPESLibert\u00e9\u00c9galit\u00e9Fraternit\u00e9\nSecr\u00e9tariat g\u00e9n\u00e9ral\nde r\u00e9gion acad\u00e9mique\npolitique de l'Education nationale\u00a0\u00bb  \nCette  d\u00e9l\u00e9gation  porte  sur  l'engagement,  la  liquidation  et  le  mandatement  des  d\u00e9penses,  plus \ng\u00e9n\u00e9ralement  tous  les  documents  comptables  pour  lesquels  l'inspecteur  d'acad\u00e9mie,  directeur \nacad\u00e9mique des services de l'\u00e9ducation nationale de la LOIRE a re\u00e7u d\u00e9l\u00e9gation de signature de la  \nPr\u00e9f\u00e8te de la Loire et qui entrent dans le cadre de ses comp\u00e9tences.\nCette d\u00e9l\u00e9gation porte \u00e9galement sur les march\u00e9s publics et l'ensemble des actes et achats d'un  \nmontant inf\u00e9rieur \u00e0 40 \u00a0000 \u20ac HT, les actes subs\u00e9quents en d\u00e9clinaison d'un march\u00e9 public r\u00e9gional,  \nminist\u00e9riel ou interminist\u00e9riel.\nLes actes d'engagement des march\u00e9s sup\u00e9rieurs \u00e0 40 000\u20ac HT rel\u00e8vent du pouvoir adjudicataire de la  \nrectrice de r\u00e9gion acad\u00e9mique, rectrice de l'acad\u00e9mie de Lyon. Les achats d'un montant sup\u00e9rieur \u00e0  \n20\u00a0000 \u20ac HT sont transmis \u00e0 la direction r\u00e9gionale acad\u00e9mique des achats pour avis pr\u00e9alable sur la  \ncomputation des seuils et transmission \u00e0 la plateforme r\u00e9gionale des achats de l'Etat.\nArticle 2  \u00a0  : En cas d'absence ou d'emp\u00eachement de Madame Blandine BRIOUDE, secr\u00e9taire g\u00e9n\u00e9rale de la \ndirection des services d\u00e9partementaux de l'\u00e9ducation nationale de la Loire, subd\u00e9l\u00e9gation de signature \nest donn\u00e9e \u00e0 Monsieur Jean-Michel Basset, chef de la division des personnels enseignants du 1er degr\u00e9  \npublic, \u00e0 l'effet de signer toutes pi\u00e8ces justificatives incombant \u00e0 l'ordonnateur secondaire concernant  \nles d\u00e9penses relatives au remboursement d'honoraires des m\u00e9decins agr\u00e9\u00e9s pour le recrutement des  \nprofesseurs des \u00e9coles stagiaires comme pour toutes d\u00e9penses relatives au remboursement d'honoraires \nd'expertises des m\u00e9decins agr\u00e9\u00e9s intervenant dans une proc\u00e9dure m\u00e9dicale ou d'accident de service.\nArticle 3 : En cas d'absence ou d'emp\u00eachement de Madame Blandine BRIOUDE, secr\u00e9taire g\u00e9n\u00e9rale de la \ndirection des services d\u00e9partementaux de l'\u00e9ducation nationale de la Loire, d\u00e9l\u00e9gation de signature est \ndonn\u00e9e \u00e0 Madame Christine RIVEYRAN, cheffe de la division des affaires g\u00e9n\u00e9rales et financi\u00e8res, \u00e0  \nl'effet de signer\u00a0:\n- tous actes, arr\u00eat\u00e9s, d\u00e9cisions, pi\u00e8ces justificatives incombant \u00e0 l'ordonnateur secondaire et concernant \nl'ex\u00e9cution  des  recettes  et  des  d\u00e9penses  relevant  de  l'activit\u00e9  des  services  d\u00e9partementaux  de \nl'\u00e9ducation nationale et imputables sur le centre de co\u00fbt IACLDGLO de l'UO 0214-AURA-LYON\n- les march\u00e9s publics et tous les actes d\u00e9volus au pouvoir adjudicateur par le code des march\u00e9s publics  \ndans la limite de 40\u00a0000 euros HT.\nArticle 4 : En cas d'absence ou d'emp\u00eachement de Madame Blandine BRIOUDE, secr\u00e9taire g\u00e9n\u00e9rale de la \ndirection des services d\u00e9partementaux de l'\u00e9ducation nationale de la Loire, subd\u00e9l\u00e9gation de signature \nest donn\u00e9e :\nDans les progiciels CHORUS et CHORUS FORMULAIRE , pour la validation des demandes d'achat, des  \ndemandes de subvention et pour la certification des services faits des BOP 0140, 0141, 0214 et 0230 \u00e0 :\n- Madame Christine Riveyran, cheffe de la division des affaires g\u00e9n\u00e9rales et financi\u00e8res\n- Madame Fanny Cannet, SAENES, en charge du suivi budg\u00e9taire et financier de l'action sociale en faveur \ndes personnels (s\u00e9jours d'enfants et APEH), \n- Madame Nadia El-Koulali, SAENES, en charge du suivi administratif des dossiers et de la distribution du \nmat\u00e9riel adapt\u00e9 aux familles (MADAP)\nDans le progiciel GAIA, pour la validation des \u00e9tats de frais de d\u00e9placement et les op\u00e9rations relatives \u00e0 \nl'activit\u00e9 du bureau de la formation continue pour le BOP 0140 \u00e0 :\n- Madame Christine Riveyran, cheffe de la division des affaires g\u00e9n\u00e9rales et financi\u00e8res \n- Madame Fanny Cannet, SAENES, en charge du suivi administratif et financier des frais de d\u00e9placement \nde la formation continue des personnels du 1er degr\u00e9\n2\n42_Pr\u00e9f_Pr\u00e9fecture de la Loire - 42-2025-12-15-00009 - Arr\u00eat\u00e9 n\u00b0 2025- 233 SAT portant subd\u00e9l\u00e9gation de signature en mati\u00e8re\nd'ordonnancement secondaire pour les affaires relevant de l'IA DASEN de la LOIRE 44\nEuREGION ACADEMIQUEAUVERGNE-RHONE-ALPESLibert\u00e9\u00c9galit\u00e9Fraternit\u00e9\nSecr\u00e9tariat g\u00e9n\u00e9ral\nde r\u00e9gion acad\u00e9mique\n- Madame  Nadia  El-Koulali,  SAENES,  en  charge  du  suivi  administratif  et  financier  des  frais  de \nd\u00e9placement de la formation continue des personnels du 1er degr\u00e9\n-  Madame  Maxine  AZAG,  contractuel,  en  charge  du  suivi  administratif  et  financier  des  frais  de \nd\u00e9placement de la formation continue des personnels du 1er degr\u00e9\nDans le progiciel SAXO, pour la validation des demandes de prestations sociales,\n- Madame Christine Riveyran, cheffe de la division des affaires g\u00e9n\u00e9rales et financi\u00e8res \n- Madame Fanny Cannet, SAENES, en charge du suivi administratif et financier des prestations d'action  \nsociale\nDans le progiciel ANAGRAM , pour la validation des paiements et de la certification du service fait des  \nrentes, accidents et maladies professionnelles du BOP 0140 \u00e0 :\n- Monsieur Jean-Michel Basset, chef de la division des personnels enseignants du 1er degr\u00e9\n- Monsieur Loic Gandin, en charge des accidents de service.\nArticle 5 :  Le pr\u00e9sent arr\u00eat\u00e9 abroge et remplace l'arr\u00eat\u00e9 portant subd\u00e9l\u00e9gation de signature pour  \nl'exercice de la comp\u00e9tence d'ordonnateur secondaire en date du 02 septembre 2025.\nArticle 6 : La secr\u00e9taire g\u00e9n\u00e9rale de la Direction des services d\u00e9partementaux de l'Education nationale de \nla LOIRE est charg\u00e9e de l'ex\u00e9cution du pr\u00e9sent arr\u00eat\u00e9 qui sera publi\u00e9 au recueil des actes administratifs  \nde la pr\u00e9fecture de la LOIRE.\nL'inspecteur d'acad\u00e9mie-directeur acad\u00e9mique\ndes services de l'\u00e9ducation nationale de la Loire\nSign\u00e9 Thierry DICKEL\u00c9\nLe 15 d\u00e9cembre 2025\n3\n42_Pr\u00e9f_Pr\u00e9fecture de la Loire - 42-2025-12-15-00009 - Arr\u00eat\u00e9 n\u00b0 2025- 233 SAT portant subd\u00e9l\u00e9gation de signature en mati\u00e8re\nd'ordonnancement secondaire pour les affaires relevant de l'IA DASEN de la LOIRE 45\n42_Pr\u00e9f_Pr\u00e9fecture de la Loire\n42-2026-01-06-00007\nArr\u00eat\u00e9 n\u00b0 2026-001 - DIPN portant d\u00e9l\u00e9gation de\nsignature\n42_Pr\u00e9f_Pr\u00e9fecture de la Loire - 42-2026-01-06-00007 - Arr\u00eat\u00e9 n\u00b0 2026-001 - DIPN portant d\u00e9l\u00e9gation de signature 46\nMINISTEREDE L'INT\u00c9RIEURLibert\u00e9Egalit\u00e9Fraternit\u00e9\nPOLICENATIONALE\ndd\nDirection G\u00e9n\u00e9rale de la Police Nationale\nDirection interd\u00e9partementale de la Police Nationale de la Loire\nService d\u00e9partemental de soutien op\u00e9rationnel\nArr\u00eat\u00e9 n\u00b0 2026-001-DIPN\nportant d\u00e9l\u00e9gation de signature \nLe Directeur Interd\u00e9partemental de la Police Nationale \u00e0 Saint-\u00c9tienne (42), \nVu le d\u00e9cret n\u00b0 2012-1246 du 7 novembre 2012 modifi\u00e9 relatif \u00e0 la gestion budg\u00e9taire et comptable publique ;\nVu le d\u00e9cret n\u00b0 2023-1013 du 2 novembre 2023 relatif aux services d\u00e9concentr\u00e9s et \u00e0 l'organisation de la police  \nnationale ;\nVu l'arr\u00eat\u00e9 du ministre de l'int\u00e9rieur et des outre-mer du 1er ao\u00fbt 2024 portant nomination de Monsieur Yves  \nCELLIER, contr\u00f4leur g\u00e9n\u00e9ral des services actifs de la police nationale, directeur interd\u00e9partemental de la police  \nnationale \u00e0 Saint-\u00c9tienne (42), \u00e0 compter du 1er octobre 2024 ;\nVu l'arr\u00eat\u00e9 de la pr\u00e9f\u00e8te de la Loire n\u00b0 2025-257 SAT du 2 septembre 2025 p ortant d\u00e9l\u00e9gation de signature \u00e0  \nMonsieur Yves CELLIER, directeur interd\u00e9partemental de la police nationale \u00e0 Saint-\u00c9tienne (42) ;\nVu l'arr\u00eat\u00e9 de la pr\u00e9f\u00e8te de la Loire n\u00b0 2025-258 SAT du 2 septembre 2025  portant d\u00e9l\u00e9gation de signature en  \nqualit\u00e9 d'ordonnateur secondaire d\u00e9l\u00e9gu\u00e9 \u00e0 Monsieur Yves CELLIER, directeur interd\u00e9partemental de la police  \nnationale \u00e0 Saint-\u00c9tienne (42).\nArr\u00eate\n-  Article  1er :  D\u00e9l\u00e9gation  de  signature  est  accord\u00e9e  aux  personnes  suivantes,  aux  fins  de  valider  dans \nl'application Chorus DT en qualit\u00e9 de Service Gestionnaire (SG) ou de Gestionnaire Valideur (GV) les ordres de  \nmission et les \u00e9tats de frais  rattach\u00e9s aux enveloppes de moyens de la DIPN42  : PNDCRIMSUE0420176 et  \nPNDSUE042.\nH\u00f4tel de Police de Saint-\u00c9tienne\n99bis cours Fauriel\n42100 Saint-\u00c9tienne\nStandard : 04 77 43 28 28\n42_Pr\u00e9f_Pr\u00e9fecture de la Loire - 42-2026-01-06-00007 - Arr\u00eat\u00e9 n\u00b0 2026-001 - DIPN portant d\u00e9l\u00e9gation de signature 47\nCELLIER Yves GVDARD [Florence GVDILLIES [Marie GVREY Jonathan GVBOGATINOFF Caroline SGDARD [Florence SGDILLIES [Marie SGGUIRONNET __[Pascaline SGRITH |Lauren SGURCEL Solenn SGVALANCONNY [Sabine SG\n- Article 2  : D\u00e9l\u00e9gation de signature est accord\u00e9e aux personnes suivantes aux fins de doter l'enveloppe de  \nmoyens,  suivre  l'ex\u00e9cution  des  d\u00e9penses  relatives  aux  d\u00e9placements  temporaires  gr\u00e2ce  aux  reportings \ndisponibles dans l'outil Chorus DT en qualit\u00e9 de BUDLOCDOT (Responsable des Moyens en local (Consultation  \n/ Dotation)).\n- Article 3 : Le pr\u00e9sent arr\u00eat\u00e9 prend effet \u00e0 compter du lendemain de sa date de publication. \n-  Article  4 :  Cette  d\u00e9l\u00e9gation  cesse  n\u00e9cessairement  de  produire  effet  lorsque,  soit  le  signataire,  soit  le \nb\u00e9n\u00e9ficiaire, n'exerce plus les fonctions au titre desquelles il a soit donn\u00e9, soit re\u00e7u subd\u00e9l\u00e9gation.\n- Article 5  : L'arr\u00eat\u00e9 DIPN n\u00b02025-002 du 17 f\u00e9vrier 2025 portant d\u00e9l\u00e9gation de signature aux utilisateurs de  \nChorus DT est abrog\u00e9.\n- Article 6  : Le d\u00e9l\u00e9gant et les d\u00e9l\u00e9gataires sont charg\u00e9s, chacun en ce qui les concerne, de l'ex\u00e9cution du  \npr\u00e9sent arr\u00eat\u00e9 qui sera publi\u00e9 au recueil des actes administratifs.\nFait \u00e0 Saint-\u00c9tienne, le 6 janvier 2026\nMonsieur Le Directeur Interd\u00e9partemental\nde la Police Nationale\nde la Loire\nSign\u00e9 Yves CELLIER\nNom Pr\u00e9nom R\u00f4le\nDARD Florence BUDLOCDOT\nDILLIES Marie BUDLOCDOT\nGUIRONNET Pascaline BUDLOCDOT\nVALANCONNY Sabine BUDLOCDOT\n42_Pr\u00e9f_Pr\u00e9fecture de la Loire - 42-2026-01-06-00007 - Arr\u00eat\u00e9 n\u00b0 2026-001 - DIPN portant d\u00e9l\u00e9gation de signature 48\n42_Pr\u00e9f_Pr\u00e9fecture de la Loire\n42-2026-01-06-00008\nArr\u00eat\u00e9 n\u00b0 2026-002-DIPN portant d\u00e9l\u00e9gation de\nsignature\n42_Pr\u00e9f_Pr\u00e9fecture de la Loire - 42-2026-01-06-00008 - Arr\u00eat\u00e9 n\u00b0 2026-002-DIPN portant d\u00e9l\u00e9gation de signature 49\nMINISTEREDE L'INT\u00c9RIEURLibert\u00e9Egalit\u00e9Fraternit\u00e9\nPOLICENATIONALE\ndd\nDirection G\u00e9n\u00e9rale de la Police Nationale\nDirection interd\u00e9partementale de la Police Nationale de la Loire\nService d\u00e9partemental de soutien op\u00e9rationnel\nArr\u00eat\u00e9 n\u00b0 2026-002-DIPN\nportant d\u00e9l\u00e9gation de signature \nLe Directeur Interd\u00e9partemental de la Police Nationale \u00e0 Saint-\u00c9tienne (42), \nVu le d\u00e9cret n\u00b0 2012-1246 du 7 novembre 2012 modifi\u00e9 relatif \u00e0 la gestion budg\u00e9taire et comptable publique ;\nVu le d\u00e9cret n\u00b0 2023-1013 du 2 novembre 2023 relatif aux services d\u00e9concentr\u00e9s et \u00e0 l'organisation de la police  \nnationale ;\nVu l'arr\u00eat\u00e9 du ministre de l'int\u00e9rieur et des outre-mer du 1er ao\u00fbt 2024 portant nomination de Monsieur Yves  \nCELLIER, contr\u00f4leur g\u00e9n\u00e9ral des services actifs de la police nationale, directeur interd\u00e9partemental de la police  \nnationale \u00e0 Saint-\u00c9tienne (42), \u00e0 compter du 1er octobre 2024 ;\nVu l'arr\u00eat\u00e9 de la pr\u00e9f\u00e8te de la Loire n\u00b0 2025-257 SAT du 2 septembre 2025 p ortant d\u00e9l\u00e9gation de signature \u00e0  \nMonsieur Yves CELLIER, directeur interd\u00e9partemental de la police nationale \u00e0 Saint-\u00c9tienne (42) ;\nVu l'arr\u00eat\u00e9 de la pr\u00e9f\u00e8te de la Loire n\u00b0 2025-258 SAT du 2 septembre 2025  portant d\u00e9l\u00e9gation de signature en  \nqualit\u00e9 d'ordonnateur secondaire d\u00e9l\u00e9gu\u00e9 \u00e0 Monsieur Yves CELLIER, directeur interd\u00e9partemental de la police  \nnationale \u00e0 Saint-\u00c9tienne (42).\nArr\u00eate\n- Article 1 er : D\u00e9l\u00e9gation de signature est accord\u00e9e aux personnes suivantes aux fins de valider les demandes  \nd'achats, les constatations de services-faits, les certifications de services-faits, les fiches de communication  \ndemandant la modification d'un Engagement Juridique, les fiches de communication demandant l'engagement  \nde DP directes et les factures de Recettes Non Fiscales (factures RNF)  dans l'outil de gestion budg\u00e9taire  \n\u00ab Chorus Formulaires \u00bb en mati\u00e8re d'ex\u00e9cution des d\u00e9penses relevant de leurs attributions :\nH\u00f4tel de Police de Saint-\u00c9tienne\n99bis cours Fauriel\n42100 Saint-\u00c9tienne\nStandard : 04 77 43 28 28\n1/2\n42_Pr\u00e9f_Pr\u00e9fecture de la Loire - 42-2026-01-06-00008 - Arr\u00eat\u00e9 n\u00b0 2026-002-DIPN portant d\u00e9l\u00e9gation de signature 50\n- Article 2 : Le pr\u00e9sent arr\u00eat\u00e9 prend effet \u00e0 compter du lendemain de sa date de publication.\n-  Article  3  :  Cette  d\u00e9l\u00e9gation  cesse  n\u00e9cessairement  de  produire  effet  lorsque,  soit  le  signataire,  soit  le \nb\u00e9n\u00e9ficiaire, n'exerce plus les fonctions au titre desquelles il a soit donn\u00e9, soit re\u00e7u subd\u00e9l\u00e9gation.\n- Article 4 : L'arr\u00eat\u00e9 DIPN n\u00b02025-005 du 30 juin 2025 portant d\u00e9l\u00e9gation de signature  aux utilisateurs de Chorus \nFormulaires est abrog\u00e9.\n- Article 5  : Le d\u00e9l\u00e9gant et les d\u00e9l\u00e9gataires sont charg\u00e9s, chacun en ce qui les concerne, de l'ex\u00e9cution du  \npr\u00e9sent arr\u00eat\u00e9 qui sera publi\u00e9 au recueil des actes administratifs.\nFait \u00e0 Saint-\u00c9tienne, le 6 janvier 2026\nMonsieur Le Directeur Interd\u00e9partemental\nde la Police Nationale\nde la Loire\nSign\u00e9 Yves CELLIER\nH\u00f4tel de Police de Saint-\u00c9tienne\n99bis cours Fauriel\n42100 Saint-\u00c9tienne\nStandard : 04 77 43 28 28\n2/2\nNom Pr\u00e9nom Service\nBOGATINOFF Caroline SDSO \u2013 Bureau des finances\nDARD Florence SDSO\nDILLIES Marie SDSO\nGUIRONNET Pascaline SDSO \u2013 Bureau des finances\nRITH Lauren SDSO \u2013 Bureau des finances\nURCEL Solenn SDSO \u2013 Bureau des finances\nVALANCONNY Sabine SDSO \u2013 Bureau des finances\n42_Pr\u00e9f_Pr\u00e9fecture de la Loire - 42-2026-01-06-00008 - Arr\u00eat\u00e9 n\u00b0 2026-002-DIPN portant d\u00e9l\u00e9gation de signature 51\n42_Pr\u00e9f_Pr\u00e9fecture de la Loire\n42-2025-12-08-00007\nD\u00c9CISION DE D\u00c9CLASSEMENT DU DOMAINE\nPUBLIC\n42_Pr\u00e9f_Pr\u00e9fecture de la Loire - 42-2025-12-08-00007 - D\u00c9CISION DE D\u00c9CLASSEMENT DU DOMAINE PUBLIC 52\n \nDECISION DE DECLASSEMENT DU DOMAINE PUBLIC  \n  \n(\u00c9tablie en deux exemplaires originaux)  \n  \n   \n  \nR\u00e9f. SPA : SE0565-01 \n \n  \nSNCF R\u00e9seau  \n  \n \n  \nVu le code des transports, notamment son article L. 2111-21;   \n  \nVu le code g\u00e9n\u00e9ral de la propri\u00e9t\u00e9 des personnes publiques, et notamment son article L. 2141-\n1,  \n  \nVu le d\u00e9cret n\u00b0 2019 -1587 du 31 d\u00e9cembre 2019 approuvant les statuts de la soci\u00e9t\u00e9 SNCF \nR\u00e9seau et portant diverses dispositions relatives \u00e0 la soci\u00e9t\u00e9 SNCF R\u00e9seau\u202f;  \n  \nVu le d\u00e9cret n\u00b0 2019 -1516 du 30 d\u00e9cembre 2019 relatif aux r\u00e8gles de gestion domaniale \napplicables \u00e0 la soci\u00e9t\u00e9 SNCF R\u00e9seau et sa filiale mentionn\u00e9e au 5\u00b0 de l'article L. 2111 -9 du \nCode des transports (SNCF Gares & Connexions), notamment son article 3,  \n  \nVu l'Arr\u00eat\u00e9 du Ministre de l'\u00e9cologie, du d\u00e9veloppement durable et de l'\u00e9nergie du 25 juin 2015 \nfixant les obligations d'information de l'Autorit\u00e9 de r\u00e9gulation des activit\u00e9s ferroviaires et \nrouti\u00e8res (ARAFER) des projets de d\u00e9classement de la SNCF, SNCF R \u00e9seau et SNCF \nMobilit\u00e9s,  \n  \nVu la d\u00e9cision SIEGE -DP-E1-DGCS-0010 portant d\u00e9l\u00e9gation de pouvoirs du pr\u00e9sident -\ndirecteur g\u00e9n\u00e9ral au directeur g\u00e9n\u00e9ral adjoint clients et services  \n  \nVu la d\u00e9cision DGSE-DP-E2-0050 portant d\u00e9l\u00e9gation de pouvoirs du directeur g\u00e9n\u00e9ral adjoint \nSud-Est \u00e0 la directrice r\u00e9gionale Auvergne-Rh\u00f4ne-Alpes \n  \nVu l'avis tacite du Conseil R\u00e9gional de Auvergne Rh\u00f4ne Alpes en date du 5 aout 2025, \n  \nVu l'autorisation de l'Etat en date du 3 d\u00e9cembre 2025,  \n  \nConsid\u00e9rant que le bien n'est plus affect\u00e9 aux missions de la SA SNCF R\u00e9seau  \n  \n  \n  \nDocusign Envelope ID: D5D76852-E94A-4452-985D-D18332B07782\n42_Pr\u00e9f_Pr\u00e9fecture de la Loire - 42-2025-12-08-00007 - D\u00c9CISION DE D\u00c9CLASSEMENT DU DOMAINE PUBLIC 53\nLoup ban\n \nDECIDE\u202f:  \n  \n  \nARTICLE 1  \n  \nLe terrain non b\u00e2ti sis \u00e0 SAINT-ETIENNE tel qu'il appara\u00eet dans le tableau ci-dessous et sur \nle plan joint \u00e0 la pr\u00e9sente d\u00e9cision sous teinte rouge, est d\u00e9class\u00e9 du domaine public \nferroviaire.  \n  \nCode INSEE \nCommune  Lieu-dit  R\u00e9f\u00e9rences cadastrales  Surface (m\u00b2)  Section  Num\u00e9ro  \n 42218 \nSAINT-ETIENNE \nEsplanade du \npremier train  309 AB 480  719 m\u00b2  \n      TOTAL  719 m\u00b2  \n  \n  \n   \nARTICLE 2  \n   \nCopie de la pr\u00e9sente d\u00e9cision sera communiqu\u00e9e au Pr\u00e9fet de D\u00e9partement de la Loire et au \nMinistre charg\u00e9 des Transports.  \n  \nLa pr\u00e9sente d\u00e9cision de d\u00e9classement sera publi\u00e9e au recueil des actes administratifs de la \nPr\u00e9fecture du d\u00e9partement de la Loire.  \n  \nLa pr\u00e9sente d\u00e9cision sera publi\u00e9e au Bulletin Officiel de SNCF R\u00e9seau.  \n  \n  \n  \nFait \u00e0 Lyon,  \nLe  \n  \n  \nLa Directrice R\u00e9gionale AURA SNCF R\u00e9seau \nB\u00e9atrice LELOUP \n \nDocusign Envelope ID: D5D76852-E94A-4452-985D-D18332B07782\n08-12-2025 | 23:06 CET\n42_Pr\u00e9f_Pr\u00e9fecture de la Loire - 42-2025-12-08-00007 - D\u00c9CISION DE D\u00c9CLASSEMENT DU DOMAINE PUBLIC 54","date":"2026-01-12","first_seen_on":"2026-01-12T17:28:55+00:00","id":"5708bd3590ff3b8c58e36a6ec425ef5cfa26ad8177f9b37de0ce2dd4b4ad0ace","name":"prefecture_loire_RAA_42-2026-007_2026_01_12","pdf_creation_date":"2026-01-12T16:12:51+00:00","pdf_modification_date":"2026-01-12T16:15:25+00:00","timezone":"Europe/Paris","url":"https://www.loire.gouv.fr/contenu/telechargement/22432/164499/file/prefecture_loire_RAA_42-2026-007_2026_01_12.pdf"}
