{"administration":"pref83","administration_name":"Pr\u00e9fecture du Var","content":"VAR\nRECUEIL DES ACTES\nADMINISTRATIFS SP\u00c9CIAL\n(NOMINATIFS)\nN\u00b083-2024-145\nPUBLI\u00c9 LE 20 JUIN 2024\nSommaire\nDirection d\u00e9partementale de l'emploi, du travail et des solidarit\u00e9s du Var /\nDirection de la DDETS\n83-2024-06-17-00012 - 406-2024-recepisse declaration MOLINER PATRICE\ndu 170624 (1 page) Page 3\n83-2024-06-17-00013 - 407-2024-recepisse declaration SAP JARDINS ET\nTRAVAUX-LOUBIERE PIERRE du 170624 (1 page) Page 5\n83-2024-06-17-00014 - 408-2024-recepisse declaration LAURE A DOMICILE\nBONFILLOUP Anne-Laure du 170624 (1 page) Page 7\n83-2024-04-15-00099 - Annule et remplace Arr subd ord second DDETS\n2024 04 (9 pages) Page 9\n83-2024-06-14-00003 - ARRETE PREFECTORAL 2024-2 PORTANT\nMODIFICATION DE LA COMPOSITION DU CONSEIL DE FAMILLES DES\nPUPILLES DE L ETAT DU VAR N\u00b02 (3 pages) Page 19\n2\nDirection d\u00e9partementale de l'emploi, du travail\net des solidarit\u00e9s du Var\n83-2024-06-17-00012\n406-2024-recepisse declaration MOLINER\nPATRICE du 170624\nDirection d\u00e9partementale de l'emploi, du travail et des solidarit\u00e9s du Var - 83-2024-06-17-00012 - 406-2024-recepisse declaration\nMOLINER PATRICE du 170624 3\nx = \u2014\nLibert\u00e9  + Egalit\u00e9  + Fraternit\u00e9\nR\u00c9PUBLIQUE  FRAN\u00c7AISE\nR\u00e9c\u00e9piss\u00e9 de d\u00e9claration\nd'un organisme de services \u00e0 la personne\nenregistr\u00e9 sous le N\u00b0 SAP929220937\nVu le code du travail et notamment les articles L.7231-1 \u00e0 L.7233-2, R.7232-16 \u00e0 R.7232-22, D.7231-1 et\nD.7233-1 \u00e0 D.7233-5 ; \nVu la demande de d\u00e9claration d\u00e9pos\u00e9e par l'organisme , 10 B impasse des Suves 83980 le Lavandou, \nle 11/06/24 ;\nLe pr\u00e9fet du Var\nConstate : \nQu'une d\u00e9claration d'activit\u00e9s de services \u00e0 la personne a \u00e9t\u00e9 d\u00e9pos\u00e9e aupr\u00e8s du service instructeur\ndu  Var,  le  11/06/24  par  M.  MOLINER  Patrice  en  qualit\u00e9  de  dirigeant(e),  pour  l'organisme   dont\nl'\u00e9tablissement principal est situ\u00e9 10 B impasse des Suves 83980 le Lavandou et enregistr\u00e9 sous le N\u00b0\nSAP929220937 pour les activit\u00e9s suivantes :\n  \u2022   Entretien de la maison et travaux m\u00e9nagers (mode d'intervention Prestataire)\n  \u2022   Petits travaux de jardinage (mode d'intervention Prestataire)\n  \u2022   Travaux de petit bricolage (mode d'intervention Prestataire)\n  \u2022   Maintenance, entretien et vigilance temporaires \u00e0 domicile (mode d'intervention Prestataire)\nToute  modification  concernant  les  activit\u00e9s  exerc\u00e9es  devra  faire  l'objet  d'une  d\u00e9claration\nmodificative pr\u00e9alable.\nSous r\u00e9serve d'\u00eatre exerc\u00e9es \u00e0 titre exclusif (ou sous r\u00e9serve d'une comptabilit\u00e9 s\u00e9par\u00e9e pour les\npersonnes  morales  dispens\u00e9es  de  cette  condition),  ces  activit\u00e9s  ouvrent  droit  au  b\u00e9n\u00e9fice  des\ndispositions des articles L. 7233-2 du code du travail et L.241-10 du code de la s\u00e9curit\u00e9 sociale dans\nles conditions pr\u00e9vues par ces articles.\nLes effets de la d\u00e9claration courent \u00e0 compter du jour du d\u00e9p\u00f4t de la d\u00e9claration sous r\u00e9serve des\ndispositions de l'article R.7232-18 du code du travail. Le pr\u00e9sent r\u00e9c\u00e9piss\u00e9 n'est pas limit\u00e9 dans le\ntemps. La d\u00e9claration a une port\u00e9e nationale. L'enregistrement de la d\u00e9claration peut \u00eatre retir\u00e9\ndans les conditions fix\u00e9es aux articles R.7232-20 \u00e0 R.7232-22 du code du travail. Le pr\u00e9sent r\u00e9c\u00e9piss\u00e9\nsera publi\u00e9 au recueil des actes administratifs de la pr\u00e9fecture.\nLe pr\u00e9sent r\u00e9c\u00e9piss\u00e9 peut, \u00e0 compter de sa notification, faire l'objet d'un recours gracieux aupr\u00e8s\nservice instructeur du Var ou d'un recours hi\u00e9rarchique adress\u00e9 au ministre charg\u00e9 de l'\u00e9conomie -\nDirection g\u00e9n\u00e9rale des entreprises \u2013 sous-direction des services marchands, 61 Boulevard Vincent\nAuriol, 75703 PARIS CEDEX 13.\nIl peut \u00e9galement faire l'objet d'un recours contentieux dans un d\u00e9lai de deux mois \u00e0 compter de sa\nnotification aupr\u00e8s du tribunal administratif de Toulon. Le tribunal administratif peut aussi \u00eatre saisi\npar  l'application  informatique  \u00ab  T\u00e9l\u00e9recours  citoyen  \u00bb  accessible  sur  le  site  internet\nhttp://www.telerecours.fr/\nEn cas de rejet du recours gracieux ou hi\u00e9rarchique ou en l'absence de r\u00e9ponse \u00e0 ce recours (rejet\nimplicite), un recours contentieux devant le tribunal administratif de Toulon peut \u00e9galement \u00eatre\nform\u00e9 contre la d\u00e9cision initiale dans un d\u00e9lai de deux mois \u00e0 compter de ce rejet. \nFait \u00e0 CS 31209 - 83070 TOULON Cedex, le\n17/06/24\nddets du var\nSign\u00e9 par le Directeur Arnaud POULY\nDirection d\u00e9partementale de l'emploi, du travail et des solidarit\u00e9s du Var - 83-2024-06-17-00012 - 406-2024-recepisse declaration\nMOLINER PATRICE du 170624 4\nDirection d\u00e9partementale de l'emploi, du travail\net des solidarit\u00e9s du Var\n83-2024-06-17-00013\n407-2024-recepisse declaration SAP JARDINS ET\nTRAVAUX-LOUBIERE PIERRE du 170624\nDirection d\u00e9partementale de l'emploi, du travail et des solidarit\u00e9s du Var - 83-2024-06-17-00013 - 407-2024-recepisse declaration SAP\nJARDINS ET TRAVAUX-LOUBIERE PIERRE du 170624 5\nx = \u2014\nLibert\u00e9  + Egalit\u00e9  + Fraternit\u00e9\nR\u00c9PUBLIQUE  FRAN\u00c7AISE\nR\u00e9c\u00e9piss\u00e9 de d\u00e9claration\nd'un organisme de services \u00e0 la personne\nenregistr\u00e9 sous le N\u00b0 SAP929790574\nVu le code du travail et notamment les articles L.7231-1 \u00e0 L.7233-2, R.7232-16 \u00e0 R.7232-22, D.7231-1 et\nD.7233-1 \u00e0 D.7233-5 ; \nVu la demande de d\u00e9claration d\u00e9pos\u00e9e par l'organisme , 74 Ancien chemin de Tourris 83160 La \nValette du var, le 17/06/24  ;\nLe pr\u00e9fet du Var\nConstate : \nQu'une d\u00e9claration d'activit\u00e9s de services \u00e0 la personne a \u00e9t\u00e9 d\u00e9pos\u00e9e aupr\u00e8s du service instructeur\ndu  Var,  le  17/06/24  par  M.  LOUBIERE  PIERRE  en  qualit\u00e9  de  dirigeant(e),  pour  l'organisme  dont\nl'\u00e9tablissement principal est situ\u00e9 74 ancien chemin de Tourris 83160 La Valette du var et enregistr\u00e9\nsous le N\u00b0 SAP929790574 pour les activit\u00e9s suivantes :\n  \u2022   Petits travaux de jardinage (mode d'intervention Prestataire)\n  \u2022   Travaux de petit bricolage (mode d'intervention Prestataire)\nToute  modification  concernant  les  activit\u00e9s  exerc\u00e9es  devra  faire  l'objet  d'une  d\u00e9claration\nmodificative pr\u00e9alable.\nSous r\u00e9serve d'\u00eatre exerc\u00e9es \u00e0 titre exclusif (ou sous r\u00e9serve d'une comptabilit\u00e9 s\u00e9par\u00e9e pour les\npersonnes  morales  dispens\u00e9es  de  cette  condition),  ces  activit\u00e9s  ouvrent  droit  au  b\u00e9n\u00e9fice  des\ndispositions des articles L. 7233-2 du code du travail et L.241-10 du code de la s\u00e9curit\u00e9 sociale dans\nles conditions pr\u00e9vues par ces articles.\nLes effets de la d\u00e9claration courent \u00e0 compter du jour du d\u00e9p\u00f4t de la d\u00e9claration sous r\u00e9serve des\ndispositions de l'article R.7232-18 du code du travail. Le pr\u00e9sent r\u00e9c\u00e9piss\u00e9 n'est pas limit\u00e9 dans le\ntemps. La d\u00e9claration a une port\u00e9e nationale.\nL'enregistrement de la d\u00e9claration peut \u00eatre retir\u00e9 dans les conditions fix\u00e9es aux articles R.7232-\n20  \u00e0  R.7232-22  du  code  du  travail.  Le  pr\u00e9sent  r\u00e9c\u00e9piss\u00e9  sera  publi\u00e9  au  recueil  des  actes\nadministratifs de la pr\u00e9fecture.\nLe pr\u00e9sent r\u00e9c\u00e9piss\u00e9 peut, \u00e0 compter de sa notification, faire l'objet d'un recours gracieux aupr\u00e8s\nservice instructeur du Var ou d'un recours hi\u00e9rarchique adress\u00e9 au ministre charg\u00e9 de l'\u00e9conomie -\nDirection g\u00e9n\u00e9rale des entreprises \u2013 sous-direction des services marchands, 61 Boulevard Vincent\nAuriol, 75703 PARIS CEDEX 13.\nIl peut \u00e9galement faire l'objet d'un recours contentieux dans un d\u00e9lai de deux mois \u00e0 compter de sa\nnotification aupr\u00e8s du tribunal administratif de Toulon.\nLe tribunal administratif peut aussi \u00eatre saisi par l'application informatique \u00ab T\u00e9l\u00e9recours citoyen \u00bb\naccessible sur le site internet   http://www.telerecours.fr/\nEn cas de rejet du recours gracieux ou hi\u00e9rarchique ou en l'absence de r\u00e9ponse \u00e0 ce recours (rejet\nimplicite), un recours contentieux devant le tribunal administratif de Toulon peut \u00e9galement \u00eatre\nform\u00e9 contre la d\u00e9cision initiale dans un d\u00e9lai de deux mois \u00e0 compter de ce rejet. \nFait \u00e0 CS 31209 - 83070 TOULON Cedex, le\n17/06/24\nddets du var\nSign\u00e9 par le directeur Arnaud POULY\nDirection d\u00e9partementale de l'emploi, du travail et des solidarit\u00e9s du Var - 83-2024-06-17-00013 - 407-2024-recepisse declaration SAP\nJARDINS ET TRAVAUX-LOUBIERE PIERRE du 170624 6\nDirection d\u00e9partementale de l'emploi, du travail\net des solidarit\u00e9s du Var\n83-2024-06-17-00014\n408-2024-recepisse declaration LAURE A\nDOMICILE BONFILLOUP Anne-Laure du 170624\nDirection d\u00e9partementale de l'emploi, du travail et des solidarit\u00e9s du Var - 83-2024-06-17-00014 - 408-2024-recepisse declaration\nLAURE A DOMICILE BONFILLOUP Anne-Laure du 170624 7\nx = \u2014\nLibert\u00e9  + Egalit\u00e9  + Fraternit\u00e9\nR\u00c9PUBLIQUE  FRAN\u00c7AISE\nR\u00e9c\u00e9piss\u00e9 de d\u00e9claration\nd'un organisme de services \u00e0 la personne\nenregistr\u00e9 sous le N\u00b0 SAP918291774\nVu le code du travail et notamment les articles L.7231-1 \u00e0 L.7233-2, R.7232-16 \u00e0 R.7232-22, D.7231-1 et\nD.7233-1 \u00e0 D.7233-5 ; \nVu la demande de d\u00e9claration d\u00e9pos\u00e9e par l'organisme , 540E Chemin Des Combes 83510 Lorgues, le\n13/06/24 ;\nLe pr\u00e9fet du Var\nConstate : \nQu'une d\u00e9claration d'activit\u00e9s de services \u00e0 la personne a \u00e9t\u00e9 d\u00e9pos\u00e9e aupr\u00e8s du service instructeur\ndu Var, le 13/06/24 par Mme. BONFILLOUP Anne-Laure en qualit\u00e9 de dirigeant(e), pour l'organisme\ndont l'\u00e9tablissement principal est situ\u00e9 540E Chemin Des Combes 83510 Lorgues et enregistr\u00e9 sous le\nN\u00b0 SAP918291774 pour les activit\u00e9s suivantes :\n  \u2022   Entretien de la maison et travaux m\u00e9nagers (mode d'intervention Prestataire)\n  \u2022   Soins d'esth\u00e9tique \u00e0 domicile pour personnes d\u00e9pendantes (mode d'intervention Prestataire)\nToute  modification  concernant  les  activit\u00e9s  exerc\u00e9es  devra  faire  l'objet  d'une  d\u00e9claration\nmodificative pr\u00e9alable.\nSous r\u00e9serve d'\u00eatre exerc\u00e9es \u00e0 titre exclusif (ou sous r\u00e9serve d'une comptabilit\u00e9 s\u00e9par\u00e9e pour les\npersonnes  morales  dispens\u00e9es  de  cette  condition),  ces  activit\u00e9s  ouvrent  droit  au  b\u00e9n\u00e9fice  des\ndispositions des articles L. 7233-2 du code du travail et L.241-10 du code de la s\u00e9curit\u00e9 sociale dans\nles conditions pr\u00e9vues par ces articles.\nLes effets de la d\u00e9claration courent \u00e0 compter du jour du d\u00e9p\u00f4t de la d\u00e9claration sous r\u00e9serve des\ndispositions de l'article R.7232-18 du code du travail. Le pr\u00e9sent r\u00e9c\u00e9piss\u00e9 n'est pas limit\u00e9 dans le\ntemps. La d\u00e9claration a une port\u00e9e nationale.\nL'enregistrement de la d\u00e9claration peut \u00eatre retir\u00e9 dans les conditions fix\u00e9es aux articles R.7232-\n20 \u00e0 R.7232-22 du code du travail.\nLe pr\u00e9sent r\u00e9c\u00e9piss\u00e9 sera publi\u00e9 au recueil des actes administratifs de la pr\u00e9fecture.\nLe pr\u00e9sent r\u00e9c\u00e9piss\u00e9 peut, \u00e0 compter de sa notification, faire l'objet d'un recours gracieux aupr\u00e8s\nservice instructeur du Var ou d'un recours hi\u00e9rarchique adress\u00e9 au ministre charg\u00e9 de l'\u00e9conomie -\nDirection g\u00e9n\u00e9rale des entreprises \u2013 sous-direction des services marchands, 61 Boulevard Vincent\nAuriol, 75703 PARIS CEDEX 13.\nIl peut \u00e9galement faire l'objet d'un recours contentieux dans un d\u00e9lai de deux mois \u00e0 compter de sa\nnotification aupr\u00e8s du tribunal administratif de Toulon.\nLe tribunal administratif peut aussi \u00eatre saisi par l'application informatique \u00ab T\u00e9l\u00e9recours citoyen \u00bb\naccessible sur le site internet   http://www.telerecours.fr/\nEn cas de rejet du recours gracieux ou hi\u00e9rarchique ou en l'absence de r\u00e9ponse \u00e0 ce recours (rejet\nimplicite), un recours contentieux devant le tribunal administratif de Toulon peut \u00e9galement \u00eatre\nform\u00e9 contre la d\u00e9cision initiale dans un d\u00e9lai de deux mois \u00e0 compter de ce rejet. \nFait \u00e0 CS 31209 - 83070 TOULON Cedex, le\n17/06/24\nddets du var\nSign\u00e9 par le Directeur Arnaud POULY\nDirection d\u00e9partementale de l'emploi, du travail et des solidarit\u00e9s du Var - 83-2024-06-17-00014 - 408-2024-recepisse declaration\nLAURE A DOMICILE BONFILLOUP Anne-Laure du 170624 8\nDirection d\u00e9partementale de l'emploi, du travail\net des solidarit\u00e9s du Var\n83-2024-04-15-00099\nAnnule et remplace Arr subd ord second DDETS\n2024 04\nDirection d\u00e9partementale de l'emploi, du travail et des solidarit\u00e9s du Var - 83-2024-04-15-00099 - Annule et remplace Arr subd ord\nsecond DDETS 2024 04 9\nzs\nPREFET\nDU  VAR\nLibert\u00e9\nEgalit\u00e9\nFraternit\u00e9\nDirection D\u00e9partementale de l'Emploi, \n du Travail et des Solidarit\u00e9s \nDirection \nARR\u00caT\u00c9 PR\u00c9FECTORAL  en date du 15 avril 2024\nportant subd\u00e9l\u00e9gation de signature au titre de l'article 8 du d\u00e9cret du 7 novembre 2012\nportant r\u00e8glement g\u00e9n\u00e9ral sur la comptabilit\u00e9 publique au sein de la direction\nd\u00e9partementale de l 'emploi, du travail et des solidarit\u00e9s  du Var pour l'ordonnancement\nsecondaire des recettes et des d\u00e9penses imput\u00e9es sur le budget l'\u00c9tat.\nLe Pr\u00e9fet du Var,\nVu la loi n\u00b0 82.213 du 2 mars modifi\u00e9e, relative aux droits et libert\u00e9s des communes, des\nd\u00e9partements et des r\u00e9gions, \nVu la loi n\u00b0 83-8 du 7 janvier 1983 modifi\u00e9e, relative \u00e0 la r\u00e9partition des comp\u00e9tences entre les\ncommunes, les d\u00e9partements, les r\u00e9gions et l'\u00c9tat, \nVu  la  loi  d'orientation  n\u00b0  92-125  du  6  f\u00e9vrier  1992  modifi\u00e9e,  relative  \u00e0  l'administration\nterritoriale de la r\u00e9publique,\nVu la loi organique n\u00b0 2001-692 du 1er ao\u00fbt 2001 modifi\u00e9e, relative aux lois de finances, \nVu la loi n\u00b0 2004-809 du 13 ao\u00fbt 2004 modifi\u00e9e, relative aux libert\u00e9s et responsabilit\u00e9s locales,\nVu  le  d\u00e9cret  n\u00b0  2004-374  du  29  avril  2004  modifi\u00e9,  relatif  aux  pouvoirs  des  pr\u00e9fets,  \u00e0\nl'organisation et \u00e0 l'action des services de l'\u00c9tat dans les r\u00e9gions et les d\u00e9partements,\nVu  le  d\u00e9cret  n\u00b0  2009-1484  du  3  d\u00e9cembre  2009  relatif  aux  directions  d\u00e9partementales\ninterminist\u00e9rielles,\nVu le d\u00e9cret n\u00b0 2012-1246 du 7 novembre 2012 modifi\u00e9 portant r\u00e8glement g\u00e9n\u00e9ral sur la\ncomptabilit\u00e9 publique abrogeant le d\u00e9cret n\u00b0 62-1587 du 29 d\u00e9cembre 1962,\nVu le d\u00e9cret n\u00b0 2012-1247 du 7 novembre 2012 modifi\u00e9 portant adaptation de divers textes\naux nouvelles r\u00e8gles de la gestion budg\u00e9taire et comptable publique, \nVu le d\u00e9cret 2015-510 du 7 mai 2015 portant charte de la d\u00e9concentration,\n1/9\nDirection d\u00e9partementale de l'emploi, du travail et des solidarit\u00e9s du Var - 83-2024-04-15-00099 - Annule et remplace Arr subd ord\nsecond DDETS 2024 04 10\nVu le d\u00e9cret du Pr\u00e9sident de la R\u00e9publique du 13 juillet 2023 portant nomination de Monsieur\nPhilippe Mah\u00e9, Pr\u00e9fet du Var,\nVu l'arr\u00eat\u00e9 interminist\u00e9riel du 30 d\u00e9cembre 1982 modifi\u00e9, portant r\u00e8glement de comptabilit\u00e9\npour  la  d\u00e9signation des  ordonnateurs  secondaires  et de  leurs d\u00e9l\u00e9gu\u00e9s  du minist\u00e8re des\naffaires sanitaires et sociales et de la solidarit\u00e9 nationale,\nVu  l'arr\u00eat\u00e9  interminist\u00e9riel  du  4  janvier  1994  portant  r\u00e8glement  de  comptabilit\u00e9  pour  la\nd\u00e9signation des  ordonnateurs  secondaires  et de  leurs  d\u00e9l\u00e9gu\u00e9s  du  minist\u00e8re  des  affaires\nsociales, de la sant\u00e9 et de la ville dans le cadre de la section budg\u00e9taire ville du budget des\naffaires sociales, sant\u00e9 et ville,\nVu l'arr\u00eat\u00e9 conjoint du Premier ministre et du Ministre de l'int\u00e9rieur en date du 22 mars 2021\nportant nomination de Monsieur Arnaud POULY, directeur d\u00e9partemental de l'emploi, du\ntravail et des solidarit\u00e9s, \nVu l'arr\u00eat\u00e9 conjoint du Premier ministre et du Ministre de l'int\u00e9rieur en date du 22 mars 2021\nnommant Madame Nelcie FERRERE, directrice d\u00e9partementale adjointe de l'emploi, du travail\net des solidarit\u00e9s, \nVu l'arr\u00eat\u00e9 conjoint du Premier ministre et du Ministre de l'int\u00e9rieur en date du 29 mars 2024\nnommant Pascale ROBERDEAU, directrice d\u00e9partementale adjointe de l'emploi, du travail et\ndes solidarit\u00e9s, \nVu  l'arr\u00eat\u00e9  pr\u00e9fectoral  en  date  du  25  mars  2021  portant  organisation  de  la  direction\nd\u00e9partementale de l'emploi, du travail et des solidarit\u00e9s,\nVu l'arr\u00eat\u00e9 pr\u00e9fectoral n\u00b0 2023/87/MCI du 21 ao\u00fbt 2023 portant d\u00e9l\u00e9gation de signature \u00e0\nMonsieur Arnaud POULY, directeur d\u00e9partemental de l'emploi, du travail et des solidarit\u00e9s,\npour l'ordonnancement secondaire des recettes et des d\u00e9penses relevant des attributions de\nla direction d\u00e9partementale de l'emploi, du travail et des solidarit\u00e9s  du Var, imput\u00e9es sur le\nbudget de l'\u00c9tat.\nARR\u00caTE :\nArticle  1  er   :   D\u00e9l\u00e9gation  de  signature  est  donn\u00e9e  \u00e0  Madame  Nelcie  FERRERE,  directrice\nd\u00e9partementale  adjointe  de  l'emploi,  du  travail  et  des  solidarit\u00e9s,  pour  proc\u00e9der  \u00e0\nl'ordonnancement  secondaire  des  recettes  et  des  d\u00e9penses  de  l'\u00c9tat  relevant  de  ses\nattributions, imput\u00e9es sur les programmes des budgets de l'\u00c9tat suivants  : \nMission Administration g\u00e9n\u00e9rale et territoriale de l'\u00c9tat\nProgramme  216 :  Conduite  et  pilotage  des  politiques  de  l'int\u00e9rieur  (indemnisation  aux\npropri\u00e9taires-bailleurs), hors d\u00e9penses d'action sociale, \nMission \u00c9galit\u00e9 des territoires et logement\nProgramme 135 : Urbanisme, territoires et am\u00e9lioration de l'habitat\n2/9Direction d\u00e9partementale de l'emploi, du travail et des solidarit\u00e9s du Var - 83-2024-04-15-00099 - Annule et remplace Arr subd ord\nsecond DDETS 2024 04 11\nProgramme  177 :  H\u00e9bergement,  parcours  vers  le  logement  et  insertion  des  personnes\nvuln\u00e9rables\nMission Immigration, asile et int\u00e9gration\nProgramme 104 : Int\u00e9gration et acc\u00e8s \u00e0 la nationalit\u00e9 fran\u00e7aise\nProgramme 303 : Immigration et asile\nMission politique des territoires\nProgramme 147 : Politique de la ville\nMission Sant\u00e9\nProgramme 183 : Protection maladie\nMission Solidarit\u00e9, insertion et \u00e9galit\u00e9 des chances\nProgramme  124 :  Conduite  et  soutien  des  politiques  sanitaires,  sociales,  du  sport,  de  la\njeunesse et de la vie associative, hors d\u00e9penses d'action sociale\nProgramme 157 : Handicap et d\u00e9pendance\nProgramme 304 : Inclusion sociale et protection des personnes\nMission Lutte contre les discriminations (DILCRAH)\nProgramme 129 : Lutte contre le racisme, l'antis\u00e9mitisme et la haine anti-LGBT\nMission travail et Emploi \nProgramme 102 : Acc\u00e8s et retour \u00e0 l'emploi\nProgramme  103 :  Accompagnement  des  mutations  \u00e9conomiques  et  d\u00e9veloppement  de\nl'emploi\nProgramme 111 : Am\u00e9lioration de la qualit\u00e9 de l'emploi et des relations de travail\nProgramme 155 : Conception, gestion et \u00e9valuation des politiques de l'emploi et du travail\nArticle 2 : D\u00e9l\u00e9gation de signature est donn\u00e9e \u00e0 madame Pascale ROBERDEAU, directrice\nd\u00e9partementale  adjointe  de  l'emploi,  du  travail  et  des  solidarit\u00e9s,  pour  proc\u00e9der  \u00e0\nl'ordonnancement  secondaire  des  recettes  et  des  d\u00e9penses  de  l'\u00c9tat  relevant  de  ses\nattributions, imput\u00e9es sur les programmes des budgets de l'\u00c9tat suivants  : \nMission Administration g\u00e9n\u00e9rale et territoriale de l'\u00c9tat\nProgramme  216 :  Conduite  et  pilotage  des  politiques  de  l'int\u00e9rieur  (indemnisation  aux\npropri\u00e9taires-bailleurs), hors d\u00e9penses d'action sociale, \nMission \u00c9galit\u00e9 des territoires et logement\nProgramme 135 : Urbanisme, territoires et am\u00e9lioration de l'habitat\nProgramme  177 :  H\u00e9bergement,  parcours  vers  le  logement  et  insertion  des  personnes\nvuln\u00e9rables\nMission Immigration, asile et int\u00e9gration\nProgramme 104 : Int\u00e9gration et acc\u00e8s \u00e0 la nationalit\u00e9 fran\u00e7aise\nProgramme 303 : Immigration et asile\nMission politique des territoires\nProgramme 147 : Politique de la ville\n3/9Direction d\u00e9partementale de l'emploi, du travail et des solidarit\u00e9s du Var - 83-2024-04-15-00099 - Annule et remplace Arr subd ord\nsecond DDETS 2024 04 12\nMission Sant\u00e9\nProgramme 183 : Protection maladie\nMission Solidarit\u00e9, insertion et \u00e9galit\u00e9 des chances\nProgramme  124 :  Conduite  et  soutien  des  politiques  sanitaires,  sociales,  du  sport,  de  la\njeunesse et de la vie associative, hors d\u00e9penses d'action sociale\nProgramme 157 : Handicap et d\u00e9pendance\nProgramme 304 : Inclusion sociale et protection des personnes\nMission Lutte contre les discriminations (DILCRAH)\nProgramme 129 : Lutte contre le racisme, l'antis\u00e9mitisme et la haine anti-LGBT\nMission travail et Emploi \nProgramme 102 : Acc\u00e8s et retour \u00e0 l'emploi\nProgramme  103 :  Accompagnement  des  mutations  \u00e9conomiques  et  d\u00e9veloppement  de\nl'emploi\nProgramme 111 : Am\u00e9lioration de la qualit\u00e9 de l'emploi et des relations de travail\nProgramme 155 : Conception, gestion et \u00e9valuation des politiques de l'emploi et du travail\nArticle 3: D\u00e9l\u00e9gation de signature est donn\u00e9e \u00e0 Madame Amandine MARTIN, inspectrice hors\nclasse de l'action sanitaire et sociale, cheffe du service \u00ab  Acc\u00e8s au logement  \u00bb, pour proc\u00e9der\n\u00e0  l'ordonnancement  secondaire  des  recettes  et  des  d\u00e9penses  de  l'\u00c9tat  relevant  de  ses\nattributions, imput\u00e9es sur les programmes de budgets de l'\u00c9tat suivants  :\nMission \u00c9galit\u00e9 des territoires et logement\nProgramme 135 : Urbanisme, territoires et am\u00e9lioration de l'habitat\nProgramme  177 :  H\u00e9bergement,  parcours  vers  le  logement  et  insertion  des  personnes\nvuln\u00e9rables\nMission Administration g\u00e9n\u00e9rale et territoriale de l'\u00c9tat\nProgramme  216 :  Conduite  et  pilotage  des  politiques  de  l'int\u00e9rieur  (indemnisation  aux\npropri\u00e9taires bailleurs)\nMission Solidarit\u00e9, insertion et \u00e9galit\u00e9 des chances\nProgramme 304 : Inclusion sociale et protection des personnes\nArticle  4  : D\u00e9l\u00e9gation  de  signature  est  donn\u00e9e  \u00e0  Madame  Ang\u00e9lique  FRITZ,  attach\u00e9e\nprincipale  d'administration,  adjointe  \u00e0  la  cheffe  du  service  \u00ab  Acc\u00e8s  au  logement  \u00bb  pour\nproc\u00e9der \u00e0 l'ordonnancement secondaire des recettes et des d\u00e9penses de l'\u00c9tat relevant de\nses attributions, imput\u00e9es sur les programmes des budgets de l'\u00c9tat suivants  : \nMission \u00c9galit\u00e9 des territoires et logement\nProgramme 135 : Urbanisme, territoires et am\u00e9lioration de l'habitat\nProgramme  177:  H\u00e9bergement,  parcours  vers  le  logement  et  insertion  des  personnes\nvuln\u00e9rables\nMission Administration g\u00e9n\u00e9rale et territoriale de l'\u00c9tat\nProgramme  216 :  conduite  et  pilotage  des  politiques  de  l'int\u00e9rieur  (indemnisation  aux\npropri\u00e9taires bailleurs)\n4/9Direction d\u00e9partementale de l'emploi, du travail et des solidarit\u00e9s du Var - 83-2024-04-15-00099 - Annule et remplace Arr subd ord\nsecond DDETS 2024 04 13\nMission Solidarit\u00e9, insertion et \u00e9galit\u00e9 des chances\nProgramme 304 : Inclusion sociale et protection des personnes\nArticle 5 : D\u00e9l\u00e9gation de signature est donn\u00e9e \u00e0 Madame Florence REYGROBELLET, attach\u00e9e\nprincipale  d'administration,  responsable  du  d\u00e9partement  \u00ab  Pr\u00e9vention  des  expulsions\nlocatives et contentieux\u00bb, pour proc\u00e9der \u00e0 l'ordonnancement secondaire des recettes et des\nd\u00e9penses de l'\u00c9tat relevant de ses attributions, imput\u00e9es sur les programmes des budgets de\nl'\u00c9tat suivants : \nMission \u00c9galit\u00e9 des territoires et logement\nProgramme 135 : Urbanisme, territoires et am\u00e9lioration de l'habitat\nProgramme  177 :  H\u00e9bergement,  parcours  vers  le  logement  et  insertion  des  personnes\nvuln\u00e9rables\nMission Administration g\u00e9n\u00e9rale et territoriale de l'\u00c9tat\nProgramme  216 :  Conduite  et  pilotage  des  politiques  de  l'int\u00e9rieur  (indemnisation  aux\npropri\u00e9taires bailleurs)\nMission Solidarit\u00e9, insertion et \u00e9galit\u00e9 des chances\nProgramme 304 : Inclusion sociale et protection des personnes\nArticle 6 : D\u00e9l\u00e9gation de signature  est donn\u00e9e \u00e0 Madame  Ariane ROUQUETTE,  attach\u00e9e\nd'administration, responsable du d\u00e9partement \u00ab  Insertion par le logement \u00bb, pour proc\u00e9der \u00e0\nl'ordonnancement  secondaire  des  recettes  et  des  d\u00e9penses  de  l'\u00c9tat  relevant  de  ses\nattributions, imput\u00e9es sur les programmes des budgets de l'\u00c9tat suivants  :\nMission \u00c9galit\u00e9 des territoires et logement\nProgramme 135 : Urbanisme, territoires et am\u00e9lioration de l'habitat\nProgramme  177 :  H\u00e9bergement,  parcours  vers  le  logement  et  insertion  des  personnes\nvuln\u00e9rables\nMission Solidarit\u00e9, insertion et \u00e9galit\u00e9 des chances\nProgramme 304 : Inclusion sociale et protection des personnes\nArticle  7  : D\u00e9l\u00e9gation  de  signature  est  donn\u00e9e  \u00e0  Madame  Justine  MASSIP ,  attach\u00e9e\nd'administration, responsable du d\u00e9partement \u00ab  Insertion par le logement \u00bb, pour proc\u00e9der \u00e0\nl'ordonnancement  secondaire  des  recettes  et  des  d\u00e9penses  de  l'\u00c9tat  relevant  de  ses\nattributions, imput\u00e9es sur les programmes des budgets de l'\u00c9tat suivants  :\nMission \u00c9galit\u00e9 des territoires et logement\nProgramme 135 : Urbanisme, territoires et am\u00e9lioration de l'habitat\nProgramme  177 :  H\u00e9bergement,  parcours  vers  le  logement  et  insertion  des  personnes\nvuln\u00e9rables\nMission Solidarit\u00e9, insertion et \u00e9galit\u00e9 des chances\nProgramme 304 : Inclusion sociale et protection des personnes\n5/9Direction d\u00e9partementale de l'emploi, du travail et des solidarit\u00e9s du Var - 83-2024-04-15-00099 - Annule et remplace Arr subd ord\nsecond DDETS 2024 04 14\nArticle 8 : D\u00e9l\u00e9gation de signature est donn\u00e9e \u00e0 Madame Emma IACIANCIO, inspectrice hors\nclasse de l'action sanitaire et sociale, cheffe du service \u00ab  Acc\u00e8s \u00e0 l'autonomie des populations\nvuln\u00e9rables \u00bb, pour proc\u00e9der \u00e0 l'ordonnancement secondaire des recettes et des d\u00e9penses de\nl'\u00c9tat  relevant  de  ses  attributions,  imput\u00e9es  sur  les  programmes  des  budgets  de  l'\u00c9tat\nsuivants : \nMission \u00c9galit\u00e9 des territoires et logement\nProgramme  177 :  H\u00e9bergement,  parcours  vers  le  logement  et  insertion  des  personnes\nvuln\u00e9rables\nMission Immigration, asile et int\u00e9gration\nProgramme 104 : Int\u00e9gration et acc\u00e8s \u00e0 la nationalit\u00e9 fran\u00e7aise\nProgramme 303 : Immigration et asile\nMission Solidarit\u00e9, insertion et \u00e9galit\u00e9 des chances\nProgramme 157 : Handicap et d\u00e9pendance\nProgramme 304 : Inclusion sociale et protection des personnes\nMission Sant\u00e9\nProgramme 183 : Protection maladie\nArticle 9 : D\u00e9l\u00e9gation de signature est donn\u00e9e \u00e0 Madame Val\u00e9rie LETOURNIANT, attach\u00e9e\nprincipale  d'administration,  adjointe  \u00e0  la  cheffe  du  service  \u00ab  Acc\u00e8s  \u00e0  l'autonomie  des\npopulations vuln\u00e9rables  \u00bb, pour proc\u00e9der \u00e0 l'ordonnancement secondaire des recettes et des\nd\u00e9penses de l'\u00c9tat relevant de ses attributions, imput\u00e9es sur les programmes des budgets de\nl'\u00c9tat suivants : \nMission \u00c9galit\u00e9 des territoires et logement\nProgramme  177 :  H\u00e9bergement,  parcours  vers  le  logement  et  insertion  des  personnes\nvuln\u00e9rables\nMission Immigration, asile et int\u00e9gration\nProgramme 104 : Int\u00e9gration et acc\u00e8s \u00e0 la nationalit\u00e9 fran\u00e7aise\nProgramme 303 : Immigration et asile\nMission Solidarit\u00e9, insertion et \u00e9galit\u00e9 des chances\nProgramme 157 : Handicap et d\u00e9pendance\nProgramme 304 : Inclusion sociale et protection des personnes\nMission Sant\u00e9\nProgramme 183 : Protection maladie\nArticle 10 : D\u00e9l\u00e9gation de signature est donn\u00e9e \u00e0 Madame Marie Laure ALVAREZ, attach\u00e9e\nd'administration,responsable  du  d\u00e9partement  int\u00e9gration,  pour  proc\u00e9der  \u00e0\nl'ordonnancement  secondaire  des  recettes  et  des  d\u00e9penses  de  l'\u00c9tat  relevant  de  ses\nattributions, imput\u00e9es sur les programmes des budgets de l'\u00c9tat suivants  : \n6/9Direction d\u00e9partementale de l'emploi, du travail et des solidarit\u00e9s du Var - 83-2024-04-15-00099 - Annule et remplace Arr subd ord\nsecond DDETS 2024 04 15\nMission \u00c9galit\u00e9 des territoires et logement\nProgramme  177 :  H\u00e9bergement,  parcours  vers  le  logement  et  insertion  des  personnes\nvuln\u00e9rables\nMission Immigration, asile et int\u00e9gration\nProgramme 104 : Int\u00e9gration et acc\u00e8s \u00e0 la nationalit\u00e9 fran\u00e7aise\nProgramme 303 : Immigration et asile\nMission Solidarit\u00e9, insertion et \u00e9galit\u00e9 des chances\nProgramme 157 : Handicap et d\u00e9pendance\nProgramme 304 : Inclusion sociale et protection des personnes\nMission Sant\u00e9\nProgramme 183 : Protection maladie\nArticle  11  : D\u00e9l\u00e9gation  de  signature  est  donn\u00e9e  \u00e0  Madame  M\u00e9lanie  COLLAR,  attach\u00e9e\nprincipale  d'administration,  cheffe  du  service  \u00abAcc\u00e8s  \u00e0  l'Emploi  \u00bb,  pour  proc\u00e9der  \u00e0\nl'ordonnancement  secondaire  des  recettes  et  des  d\u00e9penses  de  l'\u00c9tat  relevant  de  ses\nattributions, imput\u00e9es sur les programmes des budgets de l'\u00c9tat suivants  : \nMission Politique des territoires\nProgramme 147 : Politique de la ville\nMission Travail et Emploi\nProgramme 102 : Acc\u00e8s et retour \u00e0 l'emploi\nArticle  12  : D\u00e9l\u00e9gation  de  signature  est  donn\u00e9e  \u00e0  Madame  Corinne  CESARI,  attach\u00e9e\nprincipale d'administration, adjointe \u00e0 la cheffe du service \u00abAcc\u00e8s \u00e0 l'Emploi  \u00bb, pour proc\u00e9der\n\u00e0  l'ordonnancement  secondaire  des  recettes  et  des  d\u00e9penses  de  l'\u00c9tat  relevant  de  ses\nattributions, imput\u00e9es sur les programmes des budgets de l'\u00c9tat suivants  : \nMission Politique des territoires\nProgramme 147 : Politique de la ville\nMission Travail et Emploi\nProgramme 102 : Acc\u00e8s et retour \u00e0 l'emploi\nArticle  13  : D\u00e9l\u00e9gation  de  signature  est  donn\u00e9e  \u00e0  Madame  Sylvie  GERMI,  attach\u00e9e\nd'administration,  responsable  du  d\u00e9partement  \u00ab\u00c9galit\u00e9  des  chances\u00bb,  pour  proc\u00e9der  \u00e0\nl'ordonnancement  secondaire  des  recettes  et  des  d\u00e9penses  de  l'\u00c9tat  relevant  de  ses\nattributions, imput\u00e9es sur les programmes des budgets de l'\u00c9tat suivants  : \nMission Politique des territoires\nProgramme 147 : Politique de la ville\nMission Travail et Emploi\nProgramme 102 : Acc\u00e8s et retour \u00e0 l'emploi\n7/9Direction d\u00e9partementale de l'emploi, du travail et des solidarit\u00e9s du Var - 83-2024-04-15-00099 - Annule et remplace Arr subd ord\nsecond DDETS 2024 04 16\nArticle  14  : D\u00e9l\u00e9gation  de  signature  est  donn\u00e9e  \u00e0  Madame  Fatiha  PERROT,  attach\u00e9e\nd'administration, responsable du d\u00e9partement \u00abMesures en faveur des publics \u00e9loign\u00e9s de\nl'emploi\u00bb, pour proc\u00e9der \u00e0 l'ordonnancement secondaire des recettes et des d\u00e9penses de\nl'\u00c9tat  relevant  de  ses  attributions,  imput\u00e9es  sur  les  programmes  des  budgets  de  l'\u00c9tat\nsuivants : \nMission Politique des territoires\nProgramme 147 : Politique de la ville\nMission Travail et Emploi\nProgramme 102 : Acc\u00e8s et retour \u00e0 l'emploi\nArticle 15 : D\u00e9l\u00e9gation de signature est donn\u00e9e \u00e0 Madame Severine LARDERET, attach\u00e9e\nprincipale  d'administration,  cheffe  du  service  \u00abAccompagnement  des  entreprises  et\nd\u00e9veloppement des territoires\u00bb,pour proc\u00e9der \u00e0 l'ordonnancement secondaire des recettes\net des d\u00e9penses de l'\u00c9tat relevant de ses attributions, imput\u00e9es sur les programmes des\nbudgets de l'\u00c9tat suivants  : \nMission Travail et Emploi\nProgramme  103 :  Accompagnement  des  mutations  \u00e9conomiques  et  d\u00e9veloppement  de\nl'emploi\nArticle 16 : D\u00e9l\u00e9gation de signature est donn\u00e9e \u00e0 Madame Coralie PHILIP-MONGE attach\u00e9e\nd'administration,  adjointe  \u00e0  la  cheffe  du  service  \u00abAccompagnement  des  entreprises  et\nd\u00e9veloppement des territoires\u00bb, pour proc\u00e9der \u00e0 l'ordonnancement secondaire des recettes\net des d\u00e9penses de l'\u00c9tat relevant de ses attributions, imput\u00e9es sur les programmes des\nbudgets de l'\u00c9tat suivants  : \nMission Travail et Emploi\nProgramme  103 :  Accompagnement  des  mutations  \u00e9conomiques  et  d\u00e9veloppement  de\nl'emploi\nArticle 17 : D\u00e9l\u00e9gation de signature est donn\u00e9e \u00e0 Monsieur Emmanuel JOLY, directeur du\ntravail, chef du service \u00abAppui et relations du travail\u00bb,pour proc\u00e9der \u00e0 l'ordonnancement\nsecondaire des recettes et des d\u00e9penses de l'\u00c9tat relevant de ses attributions, imput\u00e9es sur\nles programmes des budgets de l'\u00c9tat suivants  : \nMission Travail et Emploi\nProgramme 111 : Am\u00e9lioration de la qualit\u00e9 de l'emploi et des relations du travail\nProgramme 155: Conception, gestion et \u00e9valuation des politiques de l'emploi et du travail\n8/9Direction d\u00e9partementale de l'emploi, du travail et des solidarit\u00e9s du Var - 83-2024-04-15-00099 - Annule et remplace Arr subd ord\nsecond DDETS 2024 04 17\nArticle 18 : D\u00e9l\u00e9gation de signature est donn\u00e9e \u00e0 Madame St\u00e9phanie DESEEZ, inspectrice\nhors  classe  de  l'action  sanitaire  et  sociale,  cheffe  de  la  mission   \u00ab  appui  aux  politiques\npubliques \u00bb, pour proc\u00e9der \u00e0 l'ordonnancement secondaire des recettes et des d\u00e9penses de\nl'\u00c9tat  relevant  de  ses  attributions,  imput\u00e9es  sur  les  programmes  des  budgets  de  l'\u00c9tat\nsuivants : \nMission Lutte contre les discriminations (DILCRAH)\nProgramme 129 : Lutte contre le racisme, l'antis\u00e9mitisme et la haine anti-LGBT\nMission Solidarit\u00e9, insertion et \u00e9galit\u00e9 des chances\nProgramme 304 : Inclusion sociale et protection des personnes\nArticle 19 : L'arr\u00eat\u00e9 pr\u00e9fectoral en date du 16 juin 2021 portant subd\u00e9l\u00e9gation de signature au\ntitre  de  l'article  8  du  d\u00e9cret  du  7  novembre  2012  portant  r\u00e8glement  g\u00e9n\u00e9ral  sur  la\ncomptabilit\u00e9 publique au sein de la direction d\u00e9partementale de l'emploi, du travail et des\nsolidarit\u00e9s du Var pour l'ordonnancement secondaire des recettes et des d\u00e9penses imput\u00e9es\nsur le budget de l'\u00c9tat est abrog\u00e9.\nArticle 20 : Le directeur d\u00e9partemental de l'emploi, du travail et des solidarit\u00e9s du Var est\ncharg\u00e9 de l'ex\u00e9cution du pr\u00e9sent arr\u00eat\u00e9 qui sera publi\u00e9 au recueil des actes administratifs de\nla pr\u00e9fecture du Var et dont copie sera adress\u00e9e au directeur d\u00e9partemental des finances\npubliques du Var et au directeur r\u00e9gional des finances publiques des Bouches-du-Rh\u00f4ne.\nFait \u00e0 Toulon, le 15 avril 2024\nSign\u00e9 par le directeur  Arnaud  POULY \n \n9/9Direction d\u00e9partementale de l'emploi, du travail et des solidarit\u00e9s du Var - 83-2024-04-15-00099 - Annule et remplace Arr subd ord\nsecond DDETS 2024 04 18\nDirection d\u00e9partementale de l'emploi, du travail\net des solidarit\u00e9s du Var\n83-2024-06-14-00003\nARRETE PREFECTORAL 2024-2 PORTANT\nMODIFICATION DE LA COMPOSITION DU\nCONSEIL DE FAMILLES DES PUPILLES DE L ETAT\nDU VAR N\u00b02\nDirection d\u00e9partementale de l'emploi, du travail et des solidarit\u00e9s du Var - 83-2024-06-14-00003 - ARRETE PREFECTORAL 2024-2\nPORTANT MODIFICATION DE LA COMPOSITION DU CONSEIL DE FAMILLES DES PUPILLES DE L ETAT DU VAR N\u00b02 19\nEx\nPREFET\nDU  VAR\nLibert\u00e9\nEgalit\u00e9\nFraternit\u00e9\n  \n  \n                                                                                                                   Direction D\u00e9partementale \nde l'Emploi, du Travail\n et des Solidarit\u00e9s\nARR\u00caT\u00c9 PR\u00c9FECTORAL 2024-2-1\nPORTANT MODIFICATION DE LA COMPOSITION DU CONSEIL DE FAMILLE \nDES PUPILLES DE L'\u00c9TAT DU VAR N\u00b02\nLe Pr\u00e9fet du Var,\n \nVU le Code de l'Action Sociale et des Familles, et notamment les articles R224-1 et suivants,\nVU la loi n\u00b0 82-213 du 2 mars 1982 relative aux droits et libert\u00e9s des communes, des d\u00e9partements et des\nr\u00e9gions\nVU la loi n\u00b0 83-663 du 22 Juillet 1983 compl\u00e9tant la loi n\u00b0 83-8 du 7 Janvier 1983, relative \u00e0 la r\u00e9partition des\ncomp\u00e9tences entre les communes, les d\u00e9partements, les r\u00e9gions et l'\u00c9tat,\nVU la loi n\u00b0 84-422 du 6 Juin 1984 relative aux droits des familles dans leurs rapports avec les services\ncharg\u00e9s de la protection de l'enfant, et au statut des Pupilles de l'\u00c9tat,\nVU la loi n\u00b0 2016-297 du 14 mars 2016 relative \u00e0 la protection de l'enfant modifiant et compl\u00e9tant la loi n\u00b0\n2007-293 du 05 mars 2007 r\u00e9formant la protection de l'enfance, \nVU le d\u00e9cret n\u00b0 98-818 du 11 Septembre 1998 relatif au Conseil de Famille des Pupilles de l'\u00c9tat, \nVU  l'arr\u00eat\u00e9 pr\u00e9fectoral en date du 25 mars 2021 portant organisation de la direction d\u00e9partementale de\nl'emploi, du travail et des solidarit\u00e9s,\nVU l'arr\u00eat\u00e9 conjoint du Premier ministre et du ministre de l'Int\u00e9rieur en date du 22 mars 2021 portant\nnomination de Monsieur Arnaud POULY, directeur d\u00e9partemental de l'emploi, du travail et des solidarit\u00e9s,\nVU l'arr\u00eat\u00e9 pr\u00e9fectoral modifi\u00e9 en date du 06 septembre 2023, portant constitution du Conseil de Famille des\nPupilles de l'\u00c9tat n\u00b02 dans le Var,\nVU l'information en date du 28 mai 2024 portant d\u00e9mission de monsieur ABELSADOR, titulaire, au titre de\npersonne qualifi\u00e9e pour l'int\u00e9r\u00eat port\u00e9 \u00e0 la protection de l'enfance et de la famille, Inspecteur de l'\u00c9ducation\nNationale, nomm\u00e9 par le DASEN,\nVU l'information en date du 28 mai 2024 portant nomination de madame Fabienne BONNET, Inspectrice de\nl'\u00c9ducation Nationale, titulaire, au titre de personne qualifi\u00e9e pour l'int\u00e9r\u00eat port\u00e9 \u00e0 la protection de l'enfance\net de la famille, nomm\u00e9e par le DASEN, en remplacement de monsieur ABELSADOR,\n \nCONSIDERANT que le Pr\u00e9fet du Var est le tuteur des pupilles de l'\u00c9tat en application des articles R224-1 et\nsuivants  du  C.A.S.F.  Attribution  d\u00e9l\u00e9gu\u00e9e  au  Directeur  D\u00e9partemental  de  l'Emploi  du  Travail  et  des\nSolidarit\u00e9s (D.D.E.T.S du Var),\nSUR PROPOSITION de Monsieur le Directeur D\u00e9partemental de l'Emploi, du Travail et des Solidarit\u00e9s,\nPr\u00e9fecture du Var \u2013DDETSService Acc\u00e8s \u00e0 l'Autonomie des Populations Vuln\u00e9rablesCS 3120983070  TOULON CEDEX Direction d\u00e9partementale de l'emploi, du travail et des solidarit\u00e9s du Var - 83-2024-06-14-00003 - ARRETE PREFECTORAL 2024-2\nPORTANT MODIFICATION DE LA COMPOSITION DU CONSEIL DE FAMILLES DES PUPILLES DE L ETAT DU VAR N\u00b02 20\nA R R E T E\nArticle 1  er    \nL'article 1 de l'arr\u00eat\u00e9 pr\u00e9fectoral du 06 septembre 2023, relatif \u00e0 la composition du Conseil de Famille des\nPupilles de l'\u00c9tat du Var n\u00b02, est modifi\u00e9 comme suit  :\n Personnes qualifi\u00e9es pour l'int\u00e9r\u00eat port\u00e9 \u00e0 la protection de l'Enfance et de la Famille     :  \n\uf0b7Madame Sophie ABOUDARAM, directrice ADAPT, membre titulaire\n\uf0b7Madame Fabienne BONNET, Inspectrice \u00c9ducation Nationale, membre titulaire\n\uf0b7Madame Julie LEBLANC, Inspectrice \u00c9ducation Nationale, membre suppl\u00e9ant\nArticle 2     \nLa nouvelle composition du Conseil de Familles des Pupilles de l'\u00c9tat n\u00b02 est fix\u00e9e comme suit  :\nRepr\u00e9sentants du Conseil D\u00e9partemental     :  \n\uf0b7 Madame Val\u00e9rie MONDONE, membre titulaire\n\uf0b7 Madame Nathalie JANET, membre titulaire\n Repr\u00e9sentants d'associations familiales     :  \nPour l'Union D\u00e9partementale des associations familiales  (UDAF) : \n\uf0b7Madame Samantha BONAMY, membre titulaire\n\uf0b7Monsieur Didier GUERRINI, membre suppl\u00e9ant\nPour Enfance et Familles d'Adoption (EFA)  :\n\uf0b7Madame Audrey LAMBERT, membre titulaire\n\uf0b7Monsieur Guillaume LAMBERT, membre suppl\u00e9ant\nRepr\u00e9sentants de l'Association D\u00e9partementale d'Entraide aux Pupilles et Anciens Pupilles de l'\u00c9tat     :  \n\uf0b7Madame Sylvie DESANTI, membre titulaire\n\uf0b7Madame Nelly WOOLLEY, membre suppl\u00e9ant\nPersonnes qualifi\u00e9es pour l'int\u00e9r\u00eat port\u00e9 \u00e0 la protection de l'Enfance et de la Famille     :  \n\uf0b7Madame Sophie ABOUDARAM, directrice ADAPT, membre titulaire\n\uf0b7Madame Fabienne BONNET, Inspectrice \u00c9ducation Nationale, membre titulaire\n\uf0b7Madame Julie LEBLANC, Inspectrice \u00c9ducation Nationale, membre suppl\u00e9ant\nPr\u00e9fecture du Var \u2013DDETSService Acc\u00e8s \u00e0 l'Autonomie des Populations Vuln\u00e9rablesCS 3120983070  TOULON CEDEX\n Direction d\u00e9partementale de l'emploi, du travail et des solidarit\u00e9s du Var - 83-2024-06-14-00003 - ARRETE PREFECTORAL 2024-2\nPORTANT MODIFICATION DE LA COMPOSITION DU CONSEIL DE FAMILLES DES PUPILLES DE L ETAT DU VAR N\u00b02 21\nConform\u00e9ment \u00e0 l'article R 224-4 du CASF qui stipule que lorsque la d\u00e9signation de l'un ou l'autre des\nmembres mentionn\u00e9s \u00e0 l'article R224-3 est rendue impossible en raison de l'absence des associations\nconsid\u00e9r\u00e9es dans le d\u00e9partement ou de l'absence ou de l'insuffisance des listes de pr\u00e9sentation, ce qui est\nle  cas  dans  le  Var,  le  pr\u00e9fet  y  suppl\u00e9e  en  nommant  toute  personne  de  son  choix  ayant  la  qualit\u00e9\ncorrespondante.  Ainsi  concernant  la  repr\u00e9sentation  d'association  d'assistant  maternel ,  le  Pr\u00e9fet\nnomme :\n\uf0b7Madame Sophie MILLEREAU, responsable de formation continue d'assistants maternels\n(IFTS), membre titulaire \nArticle     : 3  \nLe Secr\u00e9taire G\u00e9n\u00e9ral de la Pr\u00e9fecture du Var et le Directeur D\u00e9partemental de l'Emploi, du Travail et des\nSolidarit\u00e9s, sont charg\u00e9s chacun en ce qui le concerne, de l'ex\u00e9cution du pr\u00e9sent arr\u00eat\u00e9 qui sera publi\u00e9 au\nRecueil des Actes Administratifs de la Pr\u00e9fecture du Var.\n            Fait \u00e0 Toulon, le  14 juin 2024\n \n                                                                   Le pr\u00e9fet,\n \n                                                                              Philippe MAHE\nPr\u00e9fecture du Var \u2013DDETSService Acc\u00e8s \u00e0 l'Autonomie des Populations Vuln\u00e9rablesCS 3120983070  TOULON CEDEX\n Direction d\u00e9partementale de l'emploi, du travail et des solidarit\u00e9s du Var - 83-2024-06-14-00003 - ARRETE PREFECTORAL 2024-2\nPORTANT MODIFICATION DE LA COMPOSITION DU CONSEIL DE FAMILLES DES PUPILLES DE L ETAT DU VAR N\u00b02 22","date":"2024-06-20","first_seen_on":"2024-06-20T11:14:05+00:00","id":"57308f6ca915574059c7e54c88803bf937af3f9673c88f3d1092372b75a77aa8","name":"RAA N\u00b0145 du 20 juin 2024","pdf_creation_date":"2024-06-20T10:13:33+00:00","pdf_modification_date":null,"timezone":"Europe/Paris","url":"https://www.var.gouv.fr/contenu/telechargement/35120/233547/file/RAA%20N%C2%B0145%20du%2020%20juin%202024%20NOMINATIF.pdf"}
