{"administration":"pref70","administration_name":"Pr\u00e9fecture de Haute-Sa\u00f4ne","content":"HAUTE-SA\u00d4NE\nRECUEIL DES ACTES\nADMINISTRATIFS\nN\u00b070-2025-153\nPUBLI\u00c9 LE 16 D\u00c9CEMBRE 2025\nSommaire\nDDETSPP de Haute-Sa\u00f4ne / Secr\u00e9tariat de Direction\n70-2025-12-15-00011 - Arr\u00eat\u00e9 portant subd\u00e9l\u00e9gation de signature de\nM. Yves LAMBERT, directeur d\u00e9partemental de l'emploi, du travail, des\nsolidarit\u00e9s et de la protection des populations de la Haute-Sa\u00f4ne en\nfaveur des cadres relevant de sa direction. (3 pages) Page 4\nDDFIP de Haute-Sa\u00f4ne /\n70-2025-12-15-00003 - Fermeture exceptionnelle du service de publicit\u00e9\nfonci\u00e8re et d'enregistrement d\u00e9partemental (1 page) Page 8\nDDT de Haute-Sa\u00f4ne / Service \u00c9conomie et Politique Agricoles\n70-2025-12-16-00001 - Arr\u00eat\u00e9 constatant l'indice des fermages et sa\nvariation pour l'ann\u00e9e 2025 (4 pages) Page 10\nDDT de Haute-Sa\u00f4ne / Service Environnement et Risques\n70-2025-12-09-00006 - Bar\u00e8mes indemnisation des d\u00e9g\u00e2ts de gibier\n(CDCFS du 9/12/25) 3eme partie c\u00e9r\u00e9ales \u00e0 paille, ol\u00e9agineux,\nprot\u00e9agineux, l\u00e9gumes (2 pages) Page 15\nDREAL Bourgogne Franche-Comt\u00e9 / Service Biodiversit\u00e9 Eau Patrimoine\n70-2025-12-10-00004 - arr\u00eat\u00e9 portant d\u00e9rogation \u00e0 l'interdiction de\nd\u00e9truire et perturber intentionnellement des sp\u00e9cimens d'esp\u00e8ces\nanimales prot\u00e9g\u00e9es afin d'assurer la s\u00e9curit\u00e9 a\u00e9rienne sur la\nBase A\u00e9rienne 116 \u00e0 Saint Sauveur (70) (4 pages) Page 18\nPr\u00e9fecture de Haute-Sa\u00f4ne / Direction de la citoyennet\u00e9, de\nl'immigration et des libert\u00e9s publiques\n70-2025-12-16-00007 - AR portant habilitation dans le domaine fun\u00e9raire\nde l'\u00e9tablissement secondaire de la SAS FUNECAP EST sous l'enseigne\ncommerciale Pompes Fun\u00e8bres MARBRERIE DIDIER\nsitu\u00e9 7 rue du\nPraley \u00e0 Vesoul (3 pages) Page 23\n70-2025-12-16-00008 - Arr\u00eat\u00e9 portant composition de la commission\nd'expulsion du d\u00e9partement de la Haute-Sa\u00f4ne (2 pages) Page 27\n70-2025-12-16-00005 - Arr\u00eat\u00e9 portant d\u00e9l\u00e9gation de signature \u00e0 M.\nFabrice VUILLAUME, directeur de la citoyennet\u00e9, de l'immigration et des\nlibert\u00e9s publiques (5 pages) Page 30\n70-2025-12-16-00003 - Arr\u00eat\u00e9 portant d\u00e9l\u00e9gation de signature \u00e0 M.\nJean-Victor ROUX, sous-pr\u00e9fet, secr\u00e9taire g\u00e9n\u00e9ral adjoint de la\npr\u00e9fecture de la Haute-Sa\u00f4ne, charg\u00e9 de mission aupr\u00e8s du pr\u00e9fet\nde la Haute-Sa\u00f4ne (3 pages) Page 36\n70-2025-12-16-00004 - Arr\u00eat\u00e9 portant d\u00e9l\u00e9gation de signature \u00e0 M.\nPierrick LOZ\u00c9, sous-pr\u00e9fet de LURE (4 pages) Page 40\n2\n70-2025-12-16-00002 - Arr\u00eat\u00e9 portant d\u00e9l\u00e9gation de signature \u00e0\nMme Annick P\u00c2QUET, secr\u00e9taire g\u00e9n\u00e9rale de la pr\u00e9fecture de la\nHaute-Sa\u00f4ne (2 pages) Page 45\n70-2025-12-16-00006 - Arr\u00eat\u00e9 portant d\u00e9l\u00e9gation de signature \u00e0\nMme C\u00e9cile LECLERCQ-POULIN, directrice des collectivit\u00e9s territoriales\net de la coordination interminist\u00e9rielle (3 pages) Page 48\nPr\u00e9fecture de Haute-Sa\u00f4ne / Direction des collectivit\u00e9s territoriales et\nde la coordination interminist\u00e9rielle\n70-2025-12-15-00012 - Arr\u00eat\u00e9 pr\u00e9fectoral portant cr\u00e9ation du\nsyndicat Saint-Maurice pour la gestion des biens indivis entre les communes\nde Boult et Chaux-la-Loti\u00e8re (6 pages) Page 52\nPr\u00e9fecture de Haute-Sa\u00f4ne / Direction des services du cabinet\n70-2025-12-15-00002 - Arr\u00eat\u00e9 d\u00e9lestage gaz 2025 (4 pages) Page 59\n70-2025-12-12-00008 - Arr\u00eat\u00e9 portant approbation du plan de\nprotection externe de l'installation prioritaire de d\u00e9fense (IPD)\nidentifi\u00e9 sous le num\u00e9ro triplet\u00a0070 283 001 (2 pages) Page 64\n70-2025-12-12-00009 - Arr\u00eat\u00e9 portant approbation du plan de\nprotection externe du point d'importance vitale (PIV) identifi\u00e9 sous le\nnum\u00e9ro triplet\u00a0070 101 001 (2 pages) Page 67\nSous-Pr\u00e9fecture de Lure /\n70-2025-12-15-00001 - Arr\u00eat\u00e9 pr\u00e9fectoral attribuant la m\u00e9daille de\nbronze de la jeunesse, des sports et de l'engagement associatif - promotion\ndu 01-01-26 (2 pages) Page 70\n70-2025-12-15-00005 - Arr\u00eat\u00e9 pr\u00e9fectoral attribuant la m\u00e9daille\nd'honneur des soci\u00e9t\u00e9s musicales et chorales\n\u00e0 l'occasion de\nla promotion du 01-01-26 (2 pages) Page 73\n3\nDDETSPP de Haute-Sa\u00f4ne\n70-2025-12-15-00011\nArr\u00eat\u00e9 portant subd\u00e9l\u00e9gation de signature de M.\nYves LAMBERT, directeur d\u00e9partemental de\nl'emploi, du travail, des solidarit\u00e9s et de la\nprotection des populations de la Haute-Sa\u00f4ne\nen faveur des cadres relevant de sa direction.\nDDETSPP de Haute-Sa\u00f4ne - 70-2025-12-15-00011 - Arr\u00eat\u00e9 portant subd\u00e9l\u00e9gation de signature de M. Yves LAMBERT, directeur\nd\u00e9partemental de l'emploi, du travail, des solidarit\u00e9s et de la protection des populations de la Haute-Sa\u00f4ne en faveur des cadres\nrelevant de sa direction.\n4\nPREFET Direction d\u00e9partementaleDE LA HAUTE- de l'emploi, du travail et des solidarit\u00e9sSAONE et de la protection des populationsibert\u00e9healtFraternit\u00e9\nArr\u00e9t\u00e9portant subd\u00e9l\u00e9gation de signature de M. Yves LAMBERT, directeur d\u00e9partementalde l'emploi, du travail, des solidarit\u00e9s et de la protection des populations de la Haute-Sa\u00f4ne,en faveur des cadres relevant de sa directionLe Pr\u00e9fet de la Haute-Sa\u00f4neChevalier de Ja L\u00e9gion d'honneurChevalier de l'Ordre National du M\u00e9rite\nVU le code de l'action sociale et des familles ;VU le code de commerce ;VU le code de la consommation ;VU le code de l'environnement ;VU le code de la sant\u00e9 publique ;VU le code rural et de la p\u00eache maritime;VU le code du tourisme ;VU la loi n\u00b0 82-213 du 02 mars 1982, modifi\u00e9e et compl\u00e9t\u00e9e, relative aux droits et libert\u00e9s descommunes, des d\u00e9partements et des r\u00e9gions ;VU la loi n\u00b0 83-8 du 07 janvier 1983 modifi\u00e9e, relative \u00e0 la r\u00e9partition des comp\u00e9tences entre lescommunes, les d\u00e9partements et l'\u00c9tat ;VU la loi n\u00b0 83-663 du 22juillet 1983 modifi\u00e9e compl\u00e9tant la loi n\u00b0 83-8 du 07 janvier 1983 susvis\u00e9e,VU la loi d'orientation n\u00b0 92-125 du 06 f\u00e9vrier 1992 modifi\u00e9e relative \u00e0 l'administration territorialede la R\u00e9publique, notamment en son article 4 ;VU le d\u00e9cret n\u00b0 92-604 du 1\u00b0 juillet 1992 modifi\u00e9 portant charte de la d\u00e9concentration ;VU le d\u00e9cret n\u00b0 97-34 du 15 janvier 1997 modifi\u00e9 relatif \u00e0 la d\u00e9concentration des d\u00e9cisionsadministratives individuelles ;VU les d\u00e9crets des 19 et 24 d\u00e9cembre 1997 modifi\u00e9s, pris pour l'application du d\u00e9cret n\u00b0 97-34 du15 janvier 1997 susvis\u00e9 ;VU le d\u00e9cret n\u00b0 2004-374 du 29 avril 2004 modifi\u00e9 relatif aux pouvoirs des pr\u00e9fets, \u00e0 l'organisationet \u00e0 l'action de l'\u00c9tat dans les r\u00e9gions et d\u00e9partements, notamment son article 43 ;VU le d\u00e9cret n\u00b0 2008-158 du 22 f\u00e9vrier 2008 modifi\u00e9 relatif \u00e0 la suppl\u00e9ance des pr\u00e9fets de r\u00e9gion et\u00e0 la d\u00e9l\u00e9gation de signature des pr\u00e9fets et des hauts-commissaires de la R\u00e9publique enPolyn\u00e9sie fran\u00e7aise et en Nouvelle-Cal\u00e9donie ;\nDDETSPP de Haute-Sa\u00f4ne - 70-2025-12-15-00011 - Arr\u00eat\u00e9 portant subd\u00e9l\u00e9gation de signature de M. Yves LAMBERT, directeur\nd\u00e9partemental de l'emploi, du travail, des solidarit\u00e9s et de la protection des populations de la Haute-Sa\u00f4ne en faveur des cadres\nrelevant de sa direction.\n5\nVU le d\u00e9cret n\u00b0 2020-1545360 du 09 d\u00e9cembre 2020 relatif \u00e0 l'organisation et aux missions desdirections d\u00e9partementales de l'emploi, du travail, des solidarit\u00e9s et de la protection despopulations ;VU le d\u00e9cret n\u00b0 2009-360 du 31 mars 2009 modifi\u00e9 relatif aux emplois de direction del'administration territoriale de l'\u00c9tat ;VU l'arr\u00eat\u00e9 du 31 mars 2011 modifi\u00e9 portant d\u00e9concentration des d\u00e9cisions relatives \u00e0 la situationindividuelle des fonctionnaires et agents non-titulaires exer\u00e7ant leurs fonctions dans lesdirections d\u00e9partementales interminist\u00e9rielles ;VU l'arr\u00eat\u00e9 pr\u00e9fectoral n\u00b0 70-2025-09-01-00045 du 1\u00b0 septembre 2025 portant d\u00e9l\u00e9gation designature \u00e0 M. Yves LAMBERT, directeur d\u00e9partemental de l'emploi, du travail, des solidarit\u00e9s etde la protection des populations de la Haute-Sa\u00f4ne;VU l'arr\u00eat\u00e9 DDETSPP n\u00b0 70-2025-09-02-00019 du 2 septembre 2025 ;SUR proposition du directeur d\u00e9partemental de l'emploi, du travail, des solidarit\u00e9s et de la protectiondes populations de la Haute-Sa\u00f4ne ;ARRETEArticle 1: En cas d'absence ou d'emp\u00e9chement de M. Yves LAMBERT, directeur d\u00e9partemental del'emploi, du travail, des solidarit\u00e9s et de la protection des populations, la d\u00e9l\u00e9gation de signature quilui est consentie aux articles 2 et 4 de l'arr\u00eat\u00e9 pr\u00e9fectoral n\u00b0 70-2025-09-01-00045 sera exerc\u00e9e par :- Mme Nad\u00e8ge CALENDINI, directrice d\u00e9partementale adjointe de l'emploi, du travail, des solidarit\u00e9set de la protection des populations.- Mme Catherine CHEVIGNY, directrice d\u00e9partementale adjointe de l'emploi, du travail, des solidarit\u00e9set de la protection des populations.Article 2 : En cas d'absence ou d'emp\u00e9chement de M. Yves LAMBERT, de Mme Nad\u00e8ge CALENDINI etde Mme Catherine CHEVIGNY, la d\u00e9l\u00e9gation de signature sera exerc\u00e9e par :M. Laurent DUDNIK, chef du service emploi et d\u00e9veloppement des comp\u00e9tences ouMme Nathalie HOFFMANN, cheffe de service adjointe emploi et d\u00e9veloppement des comp\u00e9tences,pour ce qui concerne les attributions et les comp\u00e9tences du service \u00ab emploi et d\u00e9veloppement descomp\u00e9tences \u00bb.Mme Carole MARCHINI, cheffe de service insertion sociale et solidarit\u00e9s ouMme Adeline MOUSTAKIMA, cheffe de service adjointe insertion sociale et solidarit\u00e9s, pour ce quiconcerne les attributions et les comp\u00e9tences du service \u00ab insertion sociale et solidarit\u00e9s\u00bb.Mme Adeline MOUSTAKIMA, pour ce qui concerne :- le conseil de famille des pupilles de l'\u00c9tat - Exercice de la tutelle des pupilles de l'\u00c9tat.Mme Marie-Elisabeth BURGEL, agente du service insertion sociale et solidarit\u00e9s pour ce qui concerne :- le conseil m\u00e9dical d\u00e9partemental.Mme Catherine LALLEMAND, agente du service insertion sociale et solidarit\u00e9s pour ce qui concerne :\u2014 les d\u00e9cisions relatives au fonds d\u00e9partemental de compensation du handicap (MDPH),- les cartes europ\u00e9ennes de stationnement.Mme Caroline LOPEZ-GUZMAN, d\u00e9l\u00e9gu\u00e9e d\u00e9partementale aux droits des femmes et \u00e0 l'\u00e9galit\u00e9 en cequi concerne ses attributions.Mme Edwige FLEUTIAUX, cheffe de service protection des animaux, en ce qui concerne lesattributions et les comp\u00e9tences du service \u00ab protection des animaux \u00bb.\nDDETSPP de Haute-Sa\u00f4ne - 70-2025-12-15-00011 - Arr\u00eat\u00e9 portant subd\u00e9l\u00e9gation de signature de M. Yves LAMBERT, directeur\nd\u00e9partemental de l'emploi, du travail, des solidarit\u00e9s et de la protection des populations de la Haute-Sa\u00f4ne en faveur des cadres\nrelevant de sa direction.\n6\nM. Abdelmalek SA\u00cfDANI, chef de service protection sanitaire des consommateurs ouM. Jean-Fran\u00e7ois DESMARTIN, chef de service adjoint protection sanitaire des consommateurs, en cequi concerne les attributions et les comp\u00e9tences du service \u00abprotection sanitaire desconsommateurs \u00bb.M. Ludovic PETIT, chef de service protection \u00e9conomique et s\u00e9curit\u00e9 des consommateurs ou M. Ga\u00e9lDUDOUET, chef de service adjoint protection \u00e9conomique et s\u00e9curit\u00e9 des consommateurs en ce quiconcerne les attributions et les comp\u00e9tences des agents concurrence, consommation et r\u00e9pressiondes fraudes, et notamment l'article L.531-6 du code de la consommation (amendes pour pr\u00e9l\u00e8vementsnon conformes), en application de la convention relative \u00e0 la d\u00e9l\u00e9gation de gestion par la pr\u00e9f\u00e8te deHaute-Sa\u00f4ne et le pr\u00e9fet du Territoire de Belfort, des missions de concurrence, consommation etr\u00e9pression des fraudes au pr\u00e9fet du Doubs, du 14 novembre 2016 et de son avenant du 06 novembre2018.Article 3 : Sont exclus de la d\u00e9l\u00e9gation de signature pr\u00e9vue \u00e0 l'article 3 ci-dessus, les actes, documentset d\u00e9cisions vis\u00e9s \u00e0 l'article 3 de l'arr\u00eat\u00e9 pr\u00e9fectoral n\u00b0 70-2025-09-01-00045 du 1\u00b0 septembre 2025portant d\u00e9l\u00e9gation de signature \u00e0 M. Yves LAMBERT, directeur d\u00e9partemental de l'emploi, du travail,des solidarit\u00e9s et de la protection des populations, ainsi que les correspondances aux maires et auxpr\u00e9sidents d'\u00e9tablissements publics intercommunaux, qui restent soumis \u00e0 la signature du pr\u00e9fet.Article 4 : Les actes sign\u00e9s au titre de la pr\u00e9sente subd\u00e9l\u00e9gation comporteront la mention :Pour le pr\u00e9fet et par subd\u00e9l\u00e9gation,(suivi de la fonction et du nom du b\u00e9n\u00e9ficiaire de la subd\u00e9l\u00e9gation)et seront adress\u00e9s sous le timbre suivant :PR\u00c9FET DE LA HAUTE-SA\u00d4NEDirection d\u00e9partementale de l'emploi, du travail, des solidarit\u00e9set de la protection des populationsArticle 5 : L'arr\u00eat\u00e9 DDETSPP n\u00b0 70-2025-09-02-00019 du 2 septembre 2025 est abrog\u00e9.Article 6 : Le pr\u00e9sent arr\u00eat\u00e9 peut faire l'objet d'un recours contentieux aupr\u00e8s du tribunal administratifcomp\u00e9tent, dans un d\u00e9lai de deux mois \u00e0 compter de sa notification ou de sa publication. Lajuridiction administrative comp\u00e9tente peut aussi \u00eatre saisie par l'application \"t\u00e9l\u00e9recours citoyens\"accessible \u00e0 partir du site : www.telerecours.frArticle 7 : Le directeur d\u00e9partemental de l'emploi, du travail, des solidarit\u00e9s et de la protection despopulations de Haute-Sa\u00f4ne, ainsi que les agents pr\u00e9cit\u00e9s, sont charg\u00e9s, chacun en ce qui le concerne,de l'ex\u00e9cution du pr\u00e9sent arr\u00eat\u00e9 qui sera notifi\u00e9 aux int\u00e9ress\u00e9s, communiqu\u00e9 au pr\u00e9fet dud\u00e9partement de la Haute-Sa\u00f4ne et publi\u00e9 au recueil des actes administratifs de la pr\u00e9fecture de laHaute-Sa\u00f4ne.Fait \u00e0 VESOUL, le 15 d\u00e9cembre 2025.Pour le Pr\u00e9fet et par d\u00e9l\u00e9gation,le directeur d\u00e9partemental V\u00e9mploi, du travail, des solidarit\u00e9set de la LE ion des populations,\nYves LAMBERT\nDDETSPP de Haute-Sa\u00f4ne - 70-2025-12-15-00011 - Arr\u00eat\u00e9 portant subd\u00e9l\u00e9gation de signature de M. Yves LAMBERT, directeur\nd\u00e9partemental de l'emploi, du travail, des solidarit\u00e9s et de la protection des populations de la Haute-Sa\u00f4ne en faveur des cadres\nrelevant de sa direction.\n7\nDDFIP de Haute-Sa\u00f4ne\n70-2025-12-15-00003\nFermeture exceptionnelle du service de publicit\u00e9\nfonci\u00e8re et d'enregistrement d\u00e9partemental\nDDFIP de Haute-Sa\u00f4ne - 70-2025-12-15-00003 - Fermeture exceptionnelle du service de publicit\u00e9 fonci\u00e8re et d'enregistrement\nd\u00e9partemental 8\nEn PREPUBLIQUE | |FRAN\u00c7AISE FINANCES PUBLIQUESLibert\u00e9Egalit\u00e9Fraternit\u00e9\nDirection d\u00e9partementaledes Finances publiques de la Haute-Sa\u00f4ne8, place Pierre RENET ~ BP 39970 014 VESOUL\nArr\u00eat\u00e9 n\u00b0 43 / 2025relatif \u00e0 la fermeture exceptionnelledu service de publicit\u00e9 fonci\u00e8re et d'enregistrement d\u00e9partementalLe directeur d\u00e9partemental des finances publiques de la Haute-Sa\u00f4ne,Vu le d\u00e9cret n\u00b0 71-69 du 26 janvier 1971 relatif au r\u00e9gime d'ouverture au public desservices ext\u00e9rieurs de l'Etat ;Vu le d\u00e9cret n\u00b0 2004-374 du 29 avril 2004 modifi\u00e9 relatif aux pouvoirs des pr\u00e9fets, al'organisation et a l'action des services de l'\u00c9tat, dans les r\u00e9gions et les d\u00e9partements;Vu le d\u00e9cret n\u00b0 2008-310 du 3 avril 2008 modifi\u00e9 relatif a la direction g\u00e9n\u00e9rale desfinances publiques ;Vu le d\u00e9cret n\u00b0 2009-208 du 20 f\u00e9vrier 2009 modifi\u00e9 relatif au statut particulier desadministrateurs des finances publiques ;Vu le d\u00e9cret n\u00b0 2009-707 du 16 juin 2009 modifi\u00e9 relatif aux services d\u00e9concentr\u00e9s de ladirection g\u00e9n\u00e9rale des finances publiques ;Vu l'arr\u00e9t\u00e9 pr\u00e9fectoral n\u00b0 70-2025-09-01-00012 du 01/09/2025 portant d\u00e9l\u00e9gation designature en mati\u00e9re de fermeture exceptionnelle des services d\u00e9concentr\u00e9s de la directiond\u00e9partementale des finances publiques de la Haute-Sa\u00f4ne;\nARRETE:\nArticle 1er : Le service de publicit\u00e9 fonci\u00e8re et d'enregistrement d\u00e9partemental sera ferm\u00e9au public \u00e0 titre exceptionnel les vendredi 02 janvier 2024 et lundi 05 janvier 2026 matin.Article 2 : Le pr\u00e9sent arr\u00eat\u00e9 sera publi\u00e9 au recueil des actes administratifs du d\u00e9partementde la Haute-Sa\u00f4ne et affich\u00e9 dans les locaux des services vis\u00e9s \u00e0 l'article 1.\nFait \u00e0 Vesoul, le 15/12/2025L'administrateur de l'\u00c9tat,Directeur d\u00e9partemental des finances publiques de la Haute-Sa\u00f4ne\nDDFIP de Haute-Sa\u00f4ne - 70-2025-12-15-00003 - Fermeture exceptionnelle du service de publicit\u00e9 fonci\u00e8re et d'enregistrement\nd\u00e9partemental 9\nDDT de Haute-Sa\u00f4ne\n70-2025-12-16-00001\nArr\u00eat\u00e9 constatant l'indice des fermages et sa\nvariation pour l'ann\u00e9e 2025\nDDT de Haute-Sa\u00f4ne - 70-2025-12-16-00001 - Arr\u00eat\u00e9 constatant l'indice des fermages et sa variation pour l'ann\u00e9e 2025 10\nPREFET Direction D\u00e9partementaleDE LA HAUTE- des Territoires de laSAONE Haute-SadneLibert\u00e9Egalit\u00e9Fraternit\u00e9\nArr\u00e9t\u00e9 N\u00b0constatant l'indice des fermages et sa variation pour l'ann\u00e9e 2025\nLe pr\u00e9fet de la Haute-Sa\u00f4neChevalier de la L\u00e9gion d'honneurChevalier de l'Ordre national du M\u00e9rite\nVU le code rural et de la p\u00eache maritime et notamment les articles L.411-11, R.411-9-1, R.411-9-2 etR.411- 9-3 ;VU la loi n\u00b0 2010-874 du 27juillet 2010 de modernisation de l'agriculture et de la p\u00eache ;VU le d\u00e9cret n\u00b0 2004-374 du 29 avril 2004 relatif aux pouvoirs des pr\u00e9fets \u00e0 l'organisation et \u00e0 l'actiondes services de l'\u00c9tat dans les r\u00e9gions et dans les d\u00e9partements ;VU le d\u00e9cret n\u00b0 2010-1126 du 27 septembre 2010 d\u00e9terminant les modalit\u00e9s de calcul de l'indicenational des fermages et de ses composantes ;VU l'arr\u00eat\u00e9 DDT/SEPA n\u00b0 05215 du 28 janvier 2010 portant application du statut des baux ruraux,modifi\u00e9 par l'arr\u00eat\u00e9 pr\u00e9fectoral n\u00b0728 du 20 d\u00e9cembre 2012 ;VU l'arr\u00eat\u00e9 du 23juillet 2025 constatant pour 2025 l'indice national des fermages ;VU le d\u00e9cret du 23 juillet 2025 portant nomination du pr\u00e9fet de la Haute-Sa\u00f4ne, Monsieur SergeJACOB;VU l'arr\u00eat\u00e9 pr\u00e9fectoral n\u00b0 70-2025-09-04-00003 du 4 septembre 2025 portant d\u00e9l\u00e9gation de signature \u00e0Monsieur Didier CHAPUIS, directeur d\u00e9partemental des territoires de la Haute-Sa\u00f4ne ;VU l'arr\u00eat\u00e9 70-2025-09-12-00001 du 12 septembre 2025 portant subd\u00e9l\u00e9gation de signature deMonsieur Didier CHAPUIS, directeur d\u00e9partemental des territoires \u00e0 ses collaborateurs ;\nARR\u00caTE\nArticle ter:L'indice des fermages est calcul\u00e9 a partir de l'ann\u00e9e r\u00e9f\u00e9rence 2009 (base 100). Il est actualis\u00e9 chaqueann\u00e9e \u00e0 partir de l'indice national publi\u00e9 par le ministre charg\u00e9 de l'agriculture.\nDirection D\u00e9partementale des Territoires de la Haute-Sa\u00f4ne24, boulevard des Alli\u00e9s - CS 5038970014 Vesoul CedexT\u00e9l : 03 63 37 92 00 - mel : ddt@haute-saone. gouv.fr Site internet : http://www.haute-saone.gouv.fr\nDDT de Haute-Sa\u00f4ne - 70-2025-12-16-00001 - Arr\u00eat\u00e9 constatant l'indice des fermages et sa variation pour l'ann\u00e9e 2025 11\nCet indice est applicable pour les \u00e9ch\u00e9ances annuelles du 1\u00b0 octobre 2025 au 30 septembre 2026.\nArticle 2:L'indice national constat\u00e9 par arr\u00eat\u00e9 minist\u00e9riel, pour l'ann\u00e9e 2025, est de 123,06. II en r\u00e9sulte que letaux de variation a appliquer au montant du fermage 2024 est de 0,42%.L'actualisation des loyers se fera en multipliant le montant de l'ann\u00e9e 2009 par un coefficient de1,2306 ou en multipliant le montant de l'ann\u00e9e 2024 par le coefficient de 1,0042.\nArticle 3 :Les valeurs de r\u00e9f\u00e9rence des minima et maxima pour 2025 sont les suivantes :Pour les terres agricoles : Euros/ha 2025Minima 11,4Maxima 141,63En application de l'article 7 de l'arr\u00eat\u00e9 pr\u00e9fectoral n\u00b0 05215 du 28 janvier 2010 (cf annexe), la valeur dupoint est \u00e9gale au centi\u00e8me de la valeur maximale du fonds de 1\u00b0 cat\u00e9gorie soit 1,4163 \u20ac.Pour les b\u00e2timents d'exploitation : Euros/m?| maxima 2,961\u00b0\" cat\u00e9gorieminima 2,26| maxima 2,262\u00b0\" cat\u00e9gorieminima 1,58maxima 1,583\u00b0\" cat\u00e9gorieminima 0,87maxima 0,874\u00b0\" cat\u00e9gorieminima 0,20\nPour les b\u00e2timents d'habitation :Conform\u00e9ment \u00e0 l'article L.411-11 du code rural et de la p\u00eache maritime, le loyer des b\u00e2timentsd'habitation, ainsi que les maxima et minima (cf article 14 de l'arr\u00eat\u00e9 pr\u00e9fectoral n\u00b0 05215 du 28janvier2010) sont actualis\u00e9s, chaque ann\u00e9e, selon la variation de l'indice de R\u00e9f\u00e9rence des Loyers publi\u00e9 parl'Institut national de la statistique et des \u00e9tudes \u00e9conomiques chaque trimestre et qui correspond \u00e0 lamoyenne, sur les douze derniers mois, de l'\u00e9volution du prix \u00e0 la consommation hors tabac et horsloyers.\nDDT de Haute-Sa\u00f4ne - 70-2025-12-16-00001 - Arr\u00eat\u00e9 constatant l'indice des fermages et sa variation pour l'ann\u00e9e 2025 12\nArticle 4:Le directeur d\u00e9partemental des territoires de la Haute-Sa\u00f4ne est charg\u00e9 de l'ex\u00e9cution du pr\u00e9sentarr\u00eat\u00e9 qui sera publi\u00e9 au recueil des actes administratifs de la pr\u00e9fecture de la Haute-Sa\u00f4ne.\nArticle 5 :Le pr\u00e9sent arr\u00eat\u00e9 peut faire l'objet d'un recours contentieux aupr\u00e8s du tribunal administratif deBesan\u00e7on dans un d\u00e9lai de deux mois \u00e0 compter de sa notification ou de sa publication. Le tribunalpeut \u00eatre saisi par l'application informatique \u00ab T\u00e9l\u00e9recours citoyens\u00bb accessible par le sitewww.telerecours.fr |\nFait \u00e0 Vesoul, le AG/A a [202 =Pour le pr\u00e9fet et par subd\u00e9l\u00e9gationLa cheffe du service \u00e9co\nDDT de Haute-Sa\u00f4ne - 70-2025-12-16-00001 - Arr\u00eat\u00e9 constatant l'indice des fermages et sa variation pour l'ann\u00e9e 2025 13\nDDT de Haute-Sa\u00f4ne - 70-2025-12-16-00001 - Arr\u00eat\u00e9 constatant l'indice des fermages et sa variation pour l'ann\u00e9e 2025 14\nDDT de Haute-Sa\u00f4ne\n70-2025-12-09-00006\nBar\u00e8mes indemnisation des d\u00e9g\u00e2ts de gibier\n(CDCFS du 9/12/25) 3eme partie c\u00e9r\u00e9ales \u00e0 paille,\nol\u00e9agineux, prot\u00e9agineux, l\u00e9gumes\nDDT de Haute-Sa\u00f4ne - 70-2025-12-09-00006 - Bar\u00e8mes indemnisation des d\u00e9g\u00e2ts de gibier (CDCFS du 9/12/25) 3eme partie c\u00e9r\u00e9ales \u00e0\npaille, ol\u00e9agineux, prot\u00e9agineux, l\u00e9gumes 15\nPREFETRARE DIRECTION D\u00c9PARTEMENTALE DES TERRITOIRES24 boulevard des Alli\u00e9s 70 014 VESOUL - T\u00e9l. 03 63 37 92 00Libert\u00e9Egalit\u00e9Fraternit\u00e9Commission d\u00e9partementale de la chasse et de la faune sauvage du 9 d\u00e9cembre 2025formation sp\u00e9cialis\u00e9e : indemnisation des d\u00e9g\u00e2ts de gibier| BAREMES III - 2025 |CULTURES PRIX DU QUINTAL (en euros)Mais grain 13,20 \u20ac/qMais ensilage 3,65 \u20ac/qTournesol 47,00 \u20ac/qSoja 40,00 \u20ac/qSorgho grain 18,00 \u20ac/qEpeautre _ 20,00 \u20ac/qSeigle fourrager 13,00 \u20ac/qLentille verte 45,00 \u20ac/q\nL\u00e9gumes __|CULTURE PRIX UNITAIRET\u00e9te de salade (Batavia) 1,00 \u20ac\nLes cultures de qualit\u00e9 sup\u00e9rieure ou sous contrat peuvent \u00eatre indemnis\u00e9es \u00e0 des prix plus \u00e9lev\u00e9s que ceuxde cette base, sous r\u00e9serve que le r\u00e9clamant apporte la preuve du prix en joignant \u00e0 la d\u00e9claration lesjustificatifs correspondants aux num\u00e9ros de parcelles.Pour les 21 communes class\u00e9es \u00ab zone de montagne \u00bb (cf. arr\u00eat\u00e9 pr\u00e9fectoral du 4 juillet 2016) :la majoration de 20 % en cas d'autoconsommation est applicable pour le mais ensilage sur les communessuivantes :Amage, Amont-et-Effreney, Belfahy, Beulotte-Saint-Laurent, Champagney, Clairegoutte (en partie),Corravillers, Esmouli\u00e9res, Faucogney-et-la-Mer, Fresse, Haut-du-Them-Ch\u00e2teau-Lambert, La Longine,La Montagne, La Rosi\u00e8re, Plancher-Bas, Plancher-les-Mines, Ronchamp, Saint-Barth\u00e9l\u00e9my, Saint-Bresson,Servance-Miellin, Ternuay-Mekay-et-Saint-Hilaire.\nAuto-consommation des denr\u00e9es (valable pour les 2 bar\u00e8mes ci-avant sauf ma\u00efs ensilage en communesclass\u00e9es zone de montagne) :majoration forfaitaire de 15 % du bar\u00e8me, sous r\u00e9serve de remplir les conditions suivantes :- mention par l'agriculteur sur sa premi\u00e8re d\u00e9claration que la denr\u00e9e fait l'objet d'une auto-consommation,- pr\u00e9sentation de la facture de rachat,- pr\u00e9sentation d'une attestation sur l'honneur \u00e9tablie par l'agriculteur signifiant qu'il n'est pas vendeur dela denr\u00e9e en question.\nVesoul, le 9 d\u00e9cembre 2025La Pr\u00e9sidente de s\u00e9ance,\nElisabeth LEMAIRE\nDDT de Haute-Sa\u00f4ne - 70-2025-12-09-00006 - Bar\u00e8mes indemnisation des d\u00e9g\u00e2ts de gibier (CDCFS du 9/12/25) 3eme partie c\u00e9r\u00e9ales \u00e0\npaille, ol\u00e9agineux, prot\u00e9agineux, l\u00e9gumes 16\nPREFETDE LA HAUTE- | |SAONE 'Libert\u00e9 aIGRICULTURESEgalit\u00e9 | & TERRITOIRESFraternit\u00e9 CHAMBRE D'AGRICULTUREBOURGOGNE-FRANCHE-COMT\u00c9Commission d\u00e9partementale de la chasse et de la faune sauvage du 9 d\u00e9cembre 2025,formation sp\u00e9cialis\u00e9e indemnisation des d\u00e9g\u00e2ts agricoles\n1) si l'agriculteur doit racheter pour ses animaux ce qu'il a perduAB* Semences \u20ac/ha[Soja graine 800 jt 405[Ma\u00efs grain 445 ft 355[Ma\u00efs fourrage plante enti\u00e8re : 170 \u20ac/t brute 1355Ma\u00efs : calcul bas\u00e9 sur l'\u00e9quivalence de 10,5 tonnes de M.S. pour 60 quintaux de grain\n2) Ce que l'agriculteur aurait pu vendre (r\u00e9paration du pr\u00e9judice)AB* Semences \u20ac/haSoja (semences inoculum inclus) 850 \u20ac/t 405Soja alimentation humaine 1100 ft 405Tournesol linoleique 830 \u20ac/t 130Tournesol oleique 865 \u20ac/t 120Mais grain 350 \u20ac/t 355Sarrasin 800 \u20ac/t 220Seigle 240 \u20ac/t 200Sorgho 290 \u20ac/tGrand Epeautre (non d\u00e9cortiqu\u00e9) 425 \u20ac/t 310\n*AB : production certifi\u00e9e Agriculture biologique\nSource : Divers Conseillers AB des Chambres d'Agriculture R\u00e9gion BFC\nVesoul, le 9 d\u00e9cembre 2025\nLa Pr\u00e9sidente de s\u00e9ance,\nalaElisabeth LEMAIRE\nDDT de Haute-Sa\u00f4ne - 70-2025-12-09-00006 - Bar\u00e8mes indemnisation des d\u00e9g\u00e2ts de gibier (CDCFS du 9/12/25) 3eme partie c\u00e9r\u00e9ales \u00e0\npaille, ol\u00e9agineux, prot\u00e9agineux, l\u00e9gumes 17\nDREAL Bourgogne Franche-Comt\u00e9\n70-2025-12-10-00004\narr\u00eat\u00e9 portant d\u00e9rogation \u00e0 l'interdiction de\nd\u00e9truire et perturber intentionnellement des\nsp\u00e9cimens d'esp\u00e8ces animales prot\u00e9g\u00e9es afin\nd'assurer la s\u00e9curit\u00e9 a\u00e9rienne sur la Base\nA\u00e9rienne 116 \u00e0 Saint Sauveur (70)\nDREAL Bourgogne Franche-Comt\u00e9 - 70-2025-12-10-00004 - arr\u00eat\u00e9 portant d\u00e9rogation \u00e0 l'interdiction de d\u00e9truire et perturber\nintentionnellement des sp\u00e9cimens d'esp\u00e8ces animales prot\u00e9g\u00e9es afin d'assurer la s\u00e9curit\u00e9 a\u00e9rienne sur la Base A\u00e9rienne 116 \u00e0 Saint\nSauveur (70)\n18\nPREFETDE LA HAUTE-SAONELibert\u00e9Egalit\u00e9Fraternit\u00e9\nDirection r\u00e9gionale de l'environnement,\nde l'am\u00e9nagement et du logement\nBourgogne Franche-Comt\u00e9\nARR\u00caT\u00c9 N\u00b0 \nArr\u00eat\u00e9 portant d\u00e9rogation \u00e0 l'interdiction de d\u00e9truire et perturber intentionnellement des sp\u00e9cimens\nd'esp\u00e8ces animales prot\u00e9g\u00e9es\nafin d'assurer la s\u00e9curit\u00e9 a\u00e9rienne sur la Base A\u00e9rienne 116 \u00e0 Saint Sauveur (70)\nLE PR\u00c9FET DE LA HAUTE-SAONE\nChevalier de la L\u00e9gion d' Honneur\nChevalier de l'Ordre National du M\u00e9rite\nVu le code de l'environnement, notamment ses articles L.411-1 et L.411-2 et les articles R.411-1 \u00e0 R.411-14\u00a0;\nVu le d\u00e9cret  n\u00b097-34  du  15  janvier  1997  et  le d\u00e9cret  n\u00b097-1204  du  19  d\u00e9cembre 1997  relatifs  \u00e0 la\nd\u00e9concentration  des  d\u00e9cisions  administratives  individuelles,  notamment  en  mati\u00e8re  de  capture\nd'esp\u00e8ces animales prot\u00e9g\u00e9es\u00a0;\nVu le d\u00e9cret n\u00b02004-374 du 29 avril 2004 relatif aux pouvoirs des pr\u00e9fets, \u00e0 l'organisation et \u00e0 l'action\ndes services de l'\u00c9tat dans les r\u00e9gions et d\u00e9partements\u00a0;\nVu le d\u00e9cret du 23 juillet 2025 portant nomination de M. Serge Jacob , pr\u00e9fet de la Haute-Sa\u00f4ne,\u00a0;\nVu l'arr\u00eat\u00e9 interminist\u00e9riel du 19 f\u00e9vrier 2007 modifi\u00e9 fixant les conditions de demande et d'instruction\ndes d\u00e9rogations d\u00e9finies au 4\u00b0 de l'article L.411-2 du code de l'environnement portant sur des esp\u00e8ces\nde faune et de flore sauvages prot\u00e9g\u00e9es\u00a0; \nVu l'arr\u00eat\u00e9 du 10 avril 2007 relatif \u00e0 la pr\u00e9vention du p\u00e9ril animalier sur les a\u00e9rodromes\u00a0;\nVu l'arr\u00eat\u00e9 du 29 octobre 2009 fixant la liste des oiseaux prot\u00e9g\u00e9s sur l'ensemble du territoire et les\nmodalit\u00e9s de leur protection\u00a0; \nVu  l'arr\u00eat\u00e9  du  13  f\u00e9vrier  2015  fixant  les  conditions  et  limites  dans  lesquelles  des  d\u00e9rogations  \u00e0\nl'interdiction de destruction de sp\u00e9cimens de certaines esp\u00e8ces animales prot\u00e9g\u00e9es  peuvent  \u00eatre\naccord\u00e9es par les pr\u00e9fets pour assurer la s\u00e9curit\u00e9 a\u00e9rienne\u00a0;\nAdresse postale : P\u00f4le Viotte - 5 voie Gis\u00e8le Halimi - BP 31269 - 25005 Besan\u00e7on cedex \u2013 03 39 59 62 00\nwww.bourgogne-franche-comte.developpement-durable.gouv.fr 1/4\nDREAL Bourgogne Franche-Comt\u00e9 - 70-2025-12-10-00004 - arr\u00eat\u00e9 portant d\u00e9rogation \u00e0 l'interdiction de d\u00e9truire et perturber\nintentionnellement des sp\u00e9cimens d'esp\u00e8ces animales prot\u00e9g\u00e9es afin d'assurer la s\u00e9curit\u00e9 a\u00e9rienne sur la Base A\u00e9rienne 116 \u00e0 Saint\nSauveur (70)\n19\nVu l'arr\u00eat\u00e9 pr\u00e9fectoral du 1 er\n septembre 2025 portant d\u00e9l\u00e9gation de signature \u00e0 M. Olivier DAVID,\ndirecteur  r\u00e9gional  de  l'environnement,  de  l'am\u00e9nagement  et  du  logement  en  r\u00e9gion  Bourgogne-\nFranche-Comt\u00e9\u00a0;\nVu l'arr\u00eat\u00e9 pr\u00e9fectoral du 2 septembre 2025 portant subd\u00e9l\u00e9gation de signature aux agents de la\nDREAL pour les missions sous autorit\u00e9 du pr\u00e9fet de d\u00e9partement de la Haute-Sa\u00f4ne\u00a0;\nVu la demande de d\u00e9rogation au r\u00e9gime de protection des esp\u00e8ces formul\u00e9e le 27 octobre 2025 par la\nbase a\u00e9rienne 116 (BA 116), \u00e0 LUXEUIL-AIR (Luxeuil-Saint-Sauveur)\u00a0;\nVu les r\u00e9sultats des pr\u00e9l\u00e8vements d'esp\u00e8ces prot\u00e9g\u00e9es r\u00e9alis\u00e9es sur la Base a\u00e9rienne 116 effectu\u00e9s lors\ndes op\u00e9rations pr\u00e9c\u00e9dentes\u00a0;\nConsid\u00e9rant que la demande de d\u00e9rogation porte sur la destruction, la capture, l'enl\u00e8vement et la\nperturbation intentionnelle de sp\u00e9cimens des esp\u00e8ces animales prot\u00e9g\u00e9es de Faucon cr\u00e9cerelle, Buse\nvariable, H\u00e9ron cendr\u00e9, Milan noir et Grand Cormoran, afin d'assurer la s\u00e9curit\u00e9 a\u00e9rienne sur la BA\u00a0116\u00a0;\nConsid\u00e9rant que la destruction des sp\u00e9cimens d'esp\u00e8ces animales prot\u00e9g\u00e9es susvis\u00e9es n'intervient que\nlorsque  les  mesures  d'effarouchement  classiques  (syst\u00e8mes  acoustique  et  pyrotechnique)  ne\nfonctionnent pas\u00a0;\nConsid\u00e9rant  qu'il  n'existe pas  d'autres  solutions  alternatives satisfaisantes  pour  assurer  la s\u00e9curit\u00e9\na\u00e9rienne sur la base de Luxeuil-Saint-Sauveur\u00a0;\nConsid\u00e9rant les mesures de pr\u00e9ventions du p\u00e9ril animalier prises sur la BA \u00a0116 conform\u00e9ment \u00e0 l'arr\u00eat\u00e9\ndu 10 avril 2007 et les mesures d'accompagnement mises en place afin de limiter l'attractivit \u00e9 du site\npour les oiseaux\u00a0;\nConsid\u00e9rant que la demande de d\u00e9rogation ne nuit pas au maintien, dans un \u00e9tat de conservation\nfavorable, des populations des esp\u00e8ces prot\u00e9g\u00e9es concern\u00e9es dans leur aire de r\u00e9partition naturelle\u00a0;\nSur  proposition  du  directeur  r\u00e9gional  de  l'environnement,  de  l'am\u00e9nagement  et  du  logement  de\nBourgogne-Franche-Comt\u00e9, \nARRETE\nArticle 1er\u00a0: Identit\u00e9 du b\u00e9n\u00e9ficiaire\nLe b\u00e9n\u00e9ficiaire de la d\u00e9rogation est la Base a\u00e9rienne 116, repr\u00e9sent\u00e9e par le commandant de la Base\na\u00e9rienne 116. Il est responsable du respect des dispositions correspondantes du pr\u00e9sent arr\u00eat\u00e9.\nArticle\u00a02\u00a0: Nature de la d\u00e9rogation\nLe  b\u00e9n\u00e9ficiaire  d\u00e9fini  \u00e0  l'article  1  est  autoris\u00e9,  sous  r\u00e9serve  du  respect  des  modalit\u00e9s  d\u00e9finies  \u00e0\nl'article\u00a04  du  pr\u00e9sent  arr\u00eat\u00e9  \u00e0  d\u00e9roger  aux  interdictions  de  destruction  et  de  perturbation\n2/4\nDREAL Bourgogne Franche-Comt\u00e9 - 70-2025-12-10-00004 - arr\u00eat\u00e9 portant d\u00e9rogation \u00e0 l'interdiction de d\u00e9truire et perturber\nintentionnellement des sp\u00e9cimens d'esp\u00e8ces animales prot\u00e9g\u00e9es afin d'assurer la s\u00e9curit\u00e9 a\u00e9rienne sur la Base A\u00e9rienne 116 \u00e0 Saint\nSauveur (70)\n20\nintentionnelle de sp\u00e9cimens de Faucon cr\u00e9cerelle, Buse variable, H\u00e9ron cendr\u00e9, Milan noir et Grand\ncormoran, et ce afin d'assurer la s\u00e9curit\u00e9 a\u00e9rienne sur la Base a\u00e9rienne 116 \u00e0 Luxeuil-Saint-Sauveur.\nArticle\u00a03\u00a0: Localisation\nLes d\u00e9rogations aux interdictions list\u00e9es \u00e0 l'article 2 sont accord\u00e9es sur la BA 116 \u00e0 Luxeuil-Saint-Sauveur\ndans le d\u00e9partement de la Haute-Sa\u00f4ne.\nArticle\u00a04\u00a0: Conditions de la d\u00e9rogation\nLa pr\u00e9sente d\u00e9rogation est d\u00e9livr\u00e9e sous r\u00e9serve du respect des conditions \u00e9nonc\u00e9es ci-apr\u00e8s.\nDans le cas o\u00f9 les mesures telles que pr\u00e9vues au pr\u00e9sent arr\u00eat\u00e9 ne pourraient \u00eatre mises en \u0153uvre du\nfait  de difficult\u00e9s  techniques  ou financi\u00e8res,  le b\u00e9n\u00e9ficiaire doit  en  informer  sans d\u00e9lai  le service\nBiodiversit\u00e9 Eau Patrimoine de la DREAL Bourgogne-Franche-Comt\u00e9,  pour  validation pr\u00e9alable des\nmodifications.\nAu maximum, deux individus de chaque esp\u00e8ce list\u00e9e dans l'article 2 peuvent \u00eatre d\u00e9truits par ann\u00e9e\nde  l'autorisation.  Ces  pr\u00e9l\u00e8vements  ne  doivent  \u00eatre  effectu\u00e9s  qu'en  dernier  recours  lorsque  les\nm\u00e9thodes actives d'effarouchement se sont r\u00e9v\u00e9l\u00e9es inefficaces.\nUn compte-rendu annuel pr\u00e9cisant  le nombre de sp\u00e9cimens d\u00e9truits de chaque esp\u00e8ce doit  \u00eatre\ntransmis \u00e0 la DREAL de Bourgogne-Franche-Comt\u00e9, service Biodiversit\u00e9 Eau Patrimoine avant le 31 mars\nde l'ann\u00e9e suivante (especesprotegees-drealbfc@developpement-durable.gouv.fr).\nArticle\u00a05\u00a0: Dur\u00e9e de validit\u00e9 de la d\u00e9rogation\nLa pr\u00e9sente d\u00e9rogation est valable \u00e0 compter de la date de notification du pr\u00e9sent arr\u00eat\u00e9 jusqu'au 31\nd\u00e9cembre 2028 et permet la r\u00e9alisation des activit\u00e9s et prescriptions vis\u00e9es aux articles 2 et 4.\nArticle\u00a06\u00a0: Autres proc\u00e9dures\nLa pr\u00e9sente d\u00e9cision ne dispense pas de l'obtention d'autres accords ou autorisations par ailleurs\nn\u00e9cessaires pour la r\u00e9alisation de l'op\u00e9ration susmentionn\u00e9e.\nArticle\u00a07\u00a0: Mesures de contr\u00f4le\nLa mise en \u0153uvre des dispositions d\u00e9finies aux articles \u00a02 et 4 peut faire l'objet des contr\u00f4les pr\u00e9vus \u00e0\nl'article\u00a0L.170-1 du code de l'environnement par les agents charg\u00e9s de constater les manquements aux\nprescriptions pr\u00e9vues au pr\u00e9sent arr\u00eat\u00e9 ou les infractions mentionn\u00e9es \u00e0 l'article \u00a0L.415-3 du code de\nl'environnement.\nArticle\u00a08\u00a0: Sanctions\nLe non-respect du pr\u00e9sent arr\u00eat\u00e9 est passible des mesures et sanctions d\u00e9finies aux articles \u00a0L.171-8 et\nL.415-3 du code de l'environnement.\nArticle 9 : Publication - Notification\nLe  dossier  de  demande  de  d\u00e9rogation  au  r\u00e9gime de protection des  esp\u00e8ces  est  consultable \u00e0 la\nDirection R\u00e9gionale de l'Environnement, de l'Am\u00e9nagement et du Logement de Bourgogne-Franche-\nComt\u00e9, service Biodiversit\u00e9 Eau Patrimoine.\nLe pr\u00e9sent arr\u00eat\u00e9 est publi\u00e9 au recueil des actes administratifs de la pr\u00e9fecture de la Haute-Sa\u00f4ne et\nnotifi\u00e9 au b\u00e9n\u00e9ficiaire. \nArticle\u00a010\u00a0: Droits des tiers\n3/4\nDREAL Bourgogne Franche-Comt\u00e9 - 70-2025-12-10-00004 - arr\u00eat\u00e9 portant d\u00e9rogation \u00e0 l'interdiction de d\u00e9truire et perturber\nintentionnellement des sp\u00e9cimens d'esp\u00e8ces animales prot\u00e9g\u00e9es afin d'assurer la s\u00e9curit\u00e9 a\u00e9rienne sur la Base A\u00e9rienne 116 \u00e0 Saint\nSauveur (70)\n21\nLes droits des tiers sont et demeurent express\u00e9ment r\u00e9serv\u00e9s.\nArticle\u00a011\u00a0: D\u00e9lais et voies de recours\nLe pr\u00e9sent arr\u00eat\u00e9 peut faire l'objet d'un recours contentieux aupr\u00e8s du tribunal administratif de Besan -\n\u00e7on dans un d\u00e9lai de deux mois \u00e0 compter de sa notification ou de sa publication. Le tribunal adminis -\ntratif peut \u00eatre saisi par l'application informatique \u00ab\u00a0Telerecours citoyens\u00a0\u00bb accessible sur le site internet\nwww.telerecours.fr.\nArticle\u00a012\u00a0: Ex\u00e9cution\nMme  la  Secr\u00e9taire  G\u00e9n\u00e9rale  de  la  pr\u00e9fecture  de  la  Haute-Sa\u00f4ne  et  M.  le  Directeur  R\u00e9gional  de\nl'Environnement,  de  l'Am\u00e9nagement  et  du  Logement  de  Bourgogne-Franche-Comt\u00e9,  sont  charg\u00e9s,\nchacun en ce qui le concerne, de l'ex\u00e9cution du pr\u00e9sent arr\u00eat\u00e9 dont copie sera transmise \u00e0\u00a0:\n\u2022 M. le Pr\u00e9fet de la Haute-Sa\u00f4ne,\n\u2022 M.\u00a0le Directeur d\u00e9partemental des territoires de la Haute-Sa\u00f4ne, \n\u2022 M. le Commandant du groupement de gendarmerie de la Haute-Sa\u00f4ne, \n\u2022 M. le Chef du service d\u00e9partemental de l'OFB de la Haute-Sa\u00f4ne et du Territoire-de-Belfort.\n\u2022 M. le commandant de la Base a\u00e9rienne 116,\nFait \u00e0 Besan\u00e7on, le 10 d\u00e9cembre 2025\nPour le pr\u00e9fet de la Haute-Saone\net par subd\u00e9l\u00e9gation    \nLe chef de service Biodiversit\u00e9 Eau Patrimoine \n de la DREAL Bourgogne-Franche Comt\u00e9  \nHadrien MAURIAC \n4/4\nDREAL Bourgogne Franche-Comt\u00e9 - 70-2025-12-10-00004 - arr\u00eat\u00e9 portant d\u00e9rogation \u00e0 l'interdiction de d\u00e9truire et perturber\nintentionnellement des sp\u00e9cimens d'esp\u00e8ces animales prot\u00e9g\u00e9es afin d'assurer la s\u00e9curit\u00e9 a\u00e9rienne sur la Base A\u00e9rienne 116 \u00e0 Saint\nSauveur (70)\n22\nPr\u00e9fecture de Haute-Sa\u00f4ne\n70-2025-12-16-00007\nAR portant habilitation dans le domaine\nfun\u00e9raire de l'\u00e9tablissement secondaire de la\nSAS FUNECAP EST sous l'enseigne commerciale\nPompes Fun\u00e8bres MARBRERIE DIDIER\nsitu\u00e9 7 rue du Praley \u00e0 Vesoul\nPr\u00e9fecture de Haute-Sa\u00f4ne - 70-2025-12-16-00007 - AR portant habilitation dans le domaine fun\u00e9raire de l'\u00e9tablissement secondaire\nde la SAS FUNECAP EST sous l'enseigne commerciale Pompes Fun\u00e8bres MARBRERIE DIDIER\nsitu\u00e9 7 rue du Praley \u00e0 Vesoul\n23\nPREFET Direction de la citoyennet\u00e9,DE LA HAUTE- de l'immigration et des libert\u00e9s publiquesSAONE Bureau des \u00e9lections et de la r\u00e9glementationLibert\u00e9Egalit\u00e9Fraternit\u00e9\nArr\u00e9t\u00e9 n\u00b0 70-2025-12-16-00007portant habilitation dans le domaine fun\u00e9rairede l'\u00e9tablissement secondaire de la SAS FUNECAP ESTsous l'enseigne commerciale Pompes Fun\u00e8bres MARBRERIE DIDIERsitu\u00e9 7 rue du Praley a Vesoul\nLe pr\u00e9fet de la Haute-Sa\u00f4neChevalier de la L\u00e9gion d'HonneurChevalier de l'Ordre National du M\u00e9rite\nVU le code g\u00e9n\u00e9ral des collectivit\u00e9s territoriales et en particulier les articles L2223-19 \u00e0L2223-43 et R2223-56 \u00e0 R2223-65 ;VU la loi n\u00b02008-1350 du 19 d\u00e9cembre 2008, relative \u00e0 la l\u00e9gislation fun\u00e9raire ;VU l'ordonnance n\u00b02005-855 du 28juillet 2005 relative aux op\u00e9rations fun\u00e9raires;VU le d\u00e9cret n\u00b02012-608 du 30 avril 2012 relatif aux dipl\u00f4mes dans le secteur fun\u00e9raire ;VU le d\u00e9cret n\u00b02004-374 du 29 avril 2004 modifi\u00e9 relatif aux pouvoirs des pr\u00e9fets, \u00e0l'organisation et \u00e0 l'action des services de l'Etat dans les r\u00e9gions et d\u00e9partements ;VU le d\u00e9cret du 23 juillet 2025 portant nomination de M. Serge JACOB, pr\u00e9fet de laHaute-Sa\u00f4ne ;VU le d\u00e9cret du 24 avril 2024 portant nomination de Mme Annick PAQUET, secr\u00e9taireg\u00e9n\u00e9rale de la pr\u00e9fecture de la Haute-Sa\u00f4ne,VU l'arr\u00eat\u00e9 pr\u00e9fectoral n\u00b070-2025-09-01-00001 du 1\" septembre 2025 portant d\u00e9l\u00e9gation designature \u00e0 Mme Annick PAQUET, secr\u00e9taire g\u00e9n\u00e9rale de la pr\u00e9fecture de laHaute-Sa\u00f4ne ;VU la demande d'habilitation re\u00e7ue le 04 juin 2025, adress\u00e9e par M. Xavier THOUMIEUX,repr\u00e9sentant l\u00e9gal de la SAS FUNECAP EST sous l'enseigne commerciale PF MARBRERIEDIDIER;VU les \u00e9l\u00e9ments transmis le 8 d\u00e9cembre 2025 par la SAS FUNECAP EST concernant le rachatde l'entreprise SARL PF MARBRERIE DIDIER de Vesoul ;\n70000 VESOULT\u00e9l. 03 84 77 70 00a irrial : ACROSS A1 = s\u00e9 F SA ur EnCourriel : prefecture@haute-saone.gouv.fi\nPr\u00e9fecture de Haute-Sa\u00f4ne - 70-2025-12-16-00007 - AR portant habilitation dans le domaine fun\u00e9raire de l'\u00e9tablissement secondaire\nde la SAS FUNECAP EST sous l'enseigne commerciale Pompes Fun\u00e8bres MARBRERIE DIDIER\nsitu\u00e9 7 rue du Praley \u00e0 Vesoul\n24\nSUR la proposition de Mme la secr\u00e9taire g\u00e9n\u00e9rale de la pr\u00e9fecture;\nArticle 1:\nArticle 2:\nArticle 3:\nArticle 4:\nArticle 5:\nArticle 6:\nArticle 7:\nARRETEL'habilitation dans le domaine fun\u00e9raire de l'\u00e9tablissement secondaire de la SASFUNECAP EST sous l'enseigne commerciale PF MARBRERIE DIDIER, situ\u00e9 7 rue duPraley \u00e0 Vesoul, est d\u00e9livr\u00e9 pour l'exercice, sur l'ensemble du territoire national,des activit\u00e9s fun\u00e9raires suivantes :\u2014 transport de corps avant mise en bi\u00e8re et apr\u00e8s mise en bi\u00e8re ;\u2014 organisation des obs\u00e8ques ;\u2014 fourniture de housses, cercueils et leurs accessoires int\u00e9rieurs et ext\u00e9rieursainsi que des urnes cin\u00e9raires ;\u2014 gestion et utilisation d'une chambre fun\u00e9raire ;\u2014 fourniture de corbillards et de voitures de deuil ;\u2014 fourniture de personnel et des objets et prestations n\u00e9cessaires aux obs\u00e8ques,inhumations, exhumations et cr\u00e9mations.Le num\u00e9ro de l'habilitation du r\u00e9f\u00e9rentiel op\u00e9rateur fun\u00e9raire (ROF) est :25-70-0082.L'habilitation est accord\u00e9e pour une dur\u00e9e de 5 ans \u00e0 compter de la notificationdu pr\u00e9sent arr\u00eat\u00e9.Pour b\u00e9n\u00e9ficier de la pr\u00e9sente habilitation jusqu'\u00e0 son terme, l'op\u00e9rateur fun\u00e9rairedevra produire, \u00e0 l'expiration de la p\u00e9riode de validit\u00e9, une attestation deconformit\u00e9 d\u00e9livr\u00e9e par un organisme agr\u00e9\u00e9 pour le v\u00e9hicule servant :* au transport de corps avant et apr\u00e8s mise en bi\u00e8re. v\u00e9hicule RENAULT TRAFIC immatricul\u00e9 GS 315 BM le 21 juillet 2028au plus tard.Pour b\u00e9n\u00e9ficier de la pr\u00e9sente habilitation jusqu'\u00e0 son terme, l'op\u00e9rateur fun\u00e9rairedevra produire, \u00e0 l'expiration de la p\u00e9riode de validit\u00e9 de l'attestation deconformit\u00e9 d\u00e9livr\u00e9e par un organisme agr\u00e9\u00e9, pour la chambre fun\u00e9raire situ\u00e9e 7rue du Praley \u00e0 Vesoul, une nouvelle attestation de conformit\u00e9, le28 novembre 2030 au plus tard.Tout changement susceptible de modifier la pr\u00e9sente habilitation doit \u00eatre d\u00e9clar\u00e9au pr\u00e9fet de la Haute-Sa\u00f4ne, direction de la citoyennet\u00e9, de l'immigration et deslibert\u00e9s publiques, dans le d\u00e9lai de deux mois.L'habilitation peut \u00eatre suspendue ou retir\u00e9e par le pr\u00e9fet en cas de condamnationdu responsable de l'entreprise, ou de non respect de la r\u00e9glementation applicable\u00e0 l'activit\u00e9 fun\u00e9raire ou des dispositions pr\u00e9vues \u00e0 l'article 6 pr\u00e9cit\u00e9.\nPr\u00e9fecture de Haute-Sa\u00f4ne - 70-2025-12-16-00007 - AR portant habilitation dans le domaine fun\u00e9raire de l'\u00e9tablissement secondaire\nde la SAS FUNECAP EST sous l'enseigne commerciale Pompes Fun\u00e8bres MARBRERIE DIDIER\nsitu\u00e9 7 rue du Praley \u00e0 Vesoul\n25\nArticle 8 : L'habilitation est renouvelable sur pr\u00e9sentation d'un nouveau dossier completadress\u00e9 en pr\u00e9fecture au moins deux mois avant expiration.Article 9 : L'arr\u00eat\u00e9 pr\u00e9fectoral N\u00b0 70-2020-03-23-002 du 23 mars 2020 relatif aurenouvellement d'habilitation dans le domaine fun\u00e9raire de l'entreprise SARLMARBRERIE DIDIER, situ\u00e9e 7 rue du Praley a Vesoul, est abrog\u00e9 a compter de lanotification du pr\u00e9sent arr\u00e9t\u00e9.Article 10 : La pr\u00e9sente d\u00e9cision peut faire l'objet d'un recours contentieux devant le tribunaladministratif de Besancon (30 rue Charles Nodier 25043 BESANCON CEDEX) dansun d\u00e9lai de deux mois a compter de sa notification :- soit par \u00e9crit adress\u00e9 au Tribunal Administratif - 30 rue Charles Nodier -25043 BESANCON CEDEX,- soit par l'application informatique \u00ab T\u00e9l\u00e9recours citoyens \u00bb accessible par le siteInternet www.telerecours.frArticle 11 : La secr\u00e9taire g\u00e9n\u00e9rale de la pr\u00e9fecture de la Haute-Sa\u00f4ne est charg\u00e9e del'ex\u00e9cution du pr\u00e9sent arr\u00eat\u00e9 qui sera ins\u00e9r\u00e9 au recueil des actes administratifs dela pr\u00e9fecture et dont copie sera adress\u00e9e a:- SAS FUNECAP EST - 7 rue du Praley \u00e0 Vesoul ;- M. le Maire de Vesoul.\n16 DEC. 2025Fait a Vesoul, le\nLe pr\u00e9fet, par d\u00e9l\u00e9gation,La secr\u00e9taire g\u00e9n\u00e9rale,\nAnnick PAQUET\nCourrie\nPr\u00e9fecture de Haute-Sa\u00f4ne - 70-2025-12-16-00007 - AR portant habilitation dans le domaine fun\u00e9raire de l'\u00e9tablissement secondaire\nde la SAS FUNECAP EST sous l'enseigne commerciale Pompes Fun\u00e8bres MARBRERIE DIDIER\nsitu\u00e9 7 rue du Praley \u00e0 Vesoul\n26\nPr\u00e9fecture de Haute-Sa\u00f4ne\n70-2025-12-16-00008\nArr\u00eat\u00e9 portant composition de la commission\nd'expulsion du d\u00e9partement de la Haute-Sa\u00f4ne\nPr\u00e9fecture de Haute-Sa\u00f4ne - 70-2025-12-16-00008 - Arr\u00eat\u00e9 portant composition de la commission d'expulsion du d\u00e9partement de la\nHaute-Sa\u00f4ne 27\nEn Direction de la citoyennet\u00e9,PR\u00c9FET de l'immigration et des libert\u00e9s publiqueschGAL AUTE Bureau des migrations et de l'int\u00e9grationLibert\u00e9\u00c9galit\u00e9Fraternit\u00e9\nVU\nVU\nVU\nVU\nVU\nSur p\nArr\u00eat\u00e9 n\u00b070-2025-portant composition de la commission d'expulsion du d\u00e9partement de laHaute-Sa\u00f4neLe Pr\u00e9fet de la Haute-Sa\u00f4neChevalier de la L\u00e9gion d'honneurChevalier de l'Ordre national du M\u00e9ritele code de l'entr\u00e9e et du s\u00e9jour et du droit d'asile, et notamment ses articles L.631-1 \u00e0L.631-4, L.632-1 \u00e0 L.632-7 et R.632-1 \u00e0 R.632-8 ;le d\u00e9cret du 23 juillet 2025 portant nomination de Monsieur Serge JACOB, pr\u00e9fet de laHaute-Sa\u00f4ne ;l'arr\u00eat\u00e9 pr\u00e9fectoral n\u00b0 70-2025-09-01-00001 du ler septembre 2025 portant d\u00e9l\u00e9gation designature \u00e0 Madame Annick PAQUET, secr\u00e9taire g\u00e9n\u00e9rale de la pr\u00e9fecture de laHaute-Sa\u00f4ne ;la d\u00e9signation le 25 juin 2025 par d\u00e9lib\u00e9ration de l'assembl\u00e9e g\u00e9n\u00e9rale du tribunaljudiciaire de Vesoul de deux magistrats pour \u00eatre membres de cette commission ;la d\u00e9signation le 1er septembre 2025 par la pr\u00e9sidente du tribunal administratif deBesan\u00e7on d'un premier conseiller et d'un suppl\u00e9ant pour la repr\u00e9senter au sein de cettecommission;roposition de Madame la Secr\u00e9taire g\u00e9n\u00e9rale de la Pr\u00e9fecture de la Haute-Sa\u00f4ne ;\nARR\u00caTE\nArticle 1. La commission d\u00e9partementale d'expulsion des \u00e9trangers institu\u00e9e dans led\u00e9partement de la Haute-Sa\u00f4ne est compos\u00e9e comme suit :\u00b0 Pr\u00e9sident : La pr\u00e9sidence de la commission sera assur\u00e9e par Madame Violaine HAMIDI,pr\u00e9sidente du tribunal judiciaire de Vesoul.+ Membres :- Monsieur Yanis ENSAAD, juge du tribunal judiciaire de Vesoul, ou en casd'emp\u00eachement, Madame Anne-Laure CAZENEUVE, juge du tribunal judiciaire deVesoul;\nprefecture@haute-saone.gouv.fr 1\nPr\u00e9fecture de Haute-Sa\u00f4ne - 70-2025-12-16-00008 - Arr\u00eat\u00e9 portant composition de la commission d'expulsion du d\u00e9partement de la\nHaute-Sa\u00f4ne 28\n- Monsieur G\u00e9rard POITREAU, premier conseiller du tribunal administratif de Besancon,ou en cas d'emp\u00e9chement, Monsieur Pascal DEBAT, premier conseiller du tribunaladministratif de Besancon.Article 2. Le Pr\u00e9fet, ou son repr\u00e9sentant, assure les fonctions de rapporteur aupr\u00e8s de laditecommission. Il ne prend pas part aux d\u00e9lib\u00e9rations de la commission.Article 3. Le Directeur d\u00e9partemental de l'emploi, du travail, des solidarit\u00e9s et de la protectiondes populations de la Haute-Sa\u00f4ne, ou son repr\u00e9sentant, est entendu par la commission. Il neprend pas part aux d\u00e9lib\u00e9rations de la commission.Article 4. L'arr\u00eat\u00e9 pr\u00e9fectoral n\u00b070-2025-07-07-00008 du 7juillet 2025 portant composition dela commission d'expulsion du d\u00e9partement de la Haute-Sa\u00f4ne est abrog\u00e9.Article 5. Madame la Secr\u00e9taire g\u00e9n\u00e9rale de la Pr\u00e9fecture de la Haute-Sa\u00f4ne est charg\u00e9e del'ex\u00e9cution du pr\u00e9sent arr\u00eat\u00e9 qui sera publi\u00e9 au recueil des actes administratifs de la pr\u00e9fecturede la Haute-Sa\u00f4ne.\nFait \u00e0 Vesoul, le 16 d\u00e9cembre 2025\nPour le Pr\u00e9fetet par d\u00e9l\u00e9gation,La Secr\u00e9taire g\u00e9n\u00e9rale(4;\nAnnick) PAQUET\n|\n|\n|\nprefecture@haute-saone.gouv.fr 2\nPr\u00e9fecture de Haute-Sa\u00f4ne - 70-2025-12-16-00008 - Arr\u00eat\u00e9 portant composition de la commission d'expulsion du d\u00e9partement de la\nHaute-Sa\u00f4ne 29\nPr\u00e9fecture de Haute-Sa\u00f4ne\n70-2025-12-16-00005\nArr\u00eat\u00e9 portant d\u00e9l\u00e9gation de signature \u00e0 M.\nFabrice VUILLAUME, directeur de la citoyennet\u00e9,\nde l'immigration et des libert\u00e9s publiques\nPr\u00e9fecture de Haute-Sa\u00f4ne - 70-2025-12-16-00005 - Arr\u00eat\u00e9 portant d\u00e9l\u00e9gation de signature \u00e0 M. Fabrice VUILLAUME, directeur de la\ncitoyennet\u00e9, de l'immigration et des libert\u00e9s publiques 30\nDirection de la citoyennet\u00e9,ES de l'immigration et des libert\u00e9s publiquesPREFET Bureau des affaires juridiquesDE LA HAUTE- et du contentieux de l'EtatSAONELibert\u00e9Egalit\u00e9Fraternit\u00e9\nARRETE PREFECTORAL n\u00b0 70-2025-portant d\u00e9l\u00e9gation de signature \u00e0 M. Fabrice VUILLAUME, directeur de la citoyennet\u00e9, del'immigration et des libert\u00e9s publiquesLe pr\u00e9fet de la Haute-Sa\u00f4neChevalier de la L\u00e9gion d'honneurChevalier de l'ordre national du M\u00e9rite\nVU la loi n\u00b0 82-213 du 2 mars 1982 modifi\u00e9e relative aux droits et libert\u00e9s des communes, desd\u00e9partements et des r\u00e9gions ;VU le d\u00e9cret n\u00b0 2004-374 du 29 avril 2004 modifi\u00e9, relatif aux pouvoirs des pr\u00e9fets, \u00e0l'organisation et \u00e0 l'action des services de l'\u00c9tat dans les r\u00e9gions et d\u00e9partements;VU le d\u00e9cret du 23 juillet 2025 portant nomination de M. Serge JACOB, pr\u00e9fet de la Haute-Sa\u00f4ne;VU le d\u00e9cret du 24 avril 2024 portant nomination de Mme Annick PAQUET, secr\u00e9taireg\u00e9n\u00e9rale de la pr\u00e9fecture de la Haute-Sa\u00f4ne, sous-pr\u00e9f\u00e8te de Vesoul ;VU les arr\u00eat\u00e9s minist\u00e9riels n\u00b0 U14636600272262 et U14636600272198 du 16 juin 2021 portantnomination de M. Fabrice VUILLAUME dans l'emploi fonctionnel de conseillerd'administration de l'int\u00e9rieur et de l'outre-mer, en tant que directeur de la citoyennet\u00e9, del'immigration et des libert\u00e9s publiques \u00e0 compter du 1\u00b0 ao\u00fbt 2021;VU l'arr\u00eat\u00e9 pr\u00e9fectoral n\u00b070-2020-12-28-051 du 28 d\u00e9cembre 2020 portant organisation de lapr\u00e9fecture de Haute-Sa\u00f4ne ;Sur proposition de la secr\u00e9taire g\u00e9n\u00e9rale de la pr\u00e9fecture ;ARRETEArticle 1 : D\u00e9l\u00e9gation de signature est donn\u00e9e \u00e0 M. Fabrice VUILLAUME, directeur de lacitoyennet\u00e9, de l'immigration et des libert\u00e9s publiques,\u00e0 l'effet de signer toutes d\u00e9cisions ettous documents relevant des attributions de sa direction, dans les mati\u00e8res suivantes :\u00b0 les refus de s\u00e9jour, les retraits de titre de s\u00e9jour, les obligations de quitter le territoirefrancais, les d\u00e9cisions de refus d'accorder un d\u00e9lai de d\u00e9part volontaire, les interdictions deretour sur le territoire, les interdictions de circuler sur le territoire, les d\u00e9cisions fixant le paysde renvoi, les arr\u00e9t\u00e9s de reconduite a la fronti\u00e9re, les arr\u00e9t\u00e9s de r\u00e9admission pour le pays\n1\nPr\u00e9fecture de Haute-Sa\u00f4ne - 70-2025-12-16-00005 - Arr\u00eat\u00e9 portant d\u00e9l\u00e9gation de signature \u00e0 M. Fabrice VUILLAUME, directeur de la\ncitoyennet\u00e9, de l'immigration et des libert\u00e9s publiques 31\ndans lequel l'\u00e9tranger est l\u00e9galement r\u00e9admissible m\u00eame s'il n'en a pas la nationalit\u00e9, lesarr\u00eat\u00e9s de placement en r\u00e9tention et arr\u00eat\u00e9s d'assignation \u00e0 r\u00e9sidence visant les \u00e9trangers ensituation irr\u00e9guli\u00e8re;* les lettres et ordres de mission concernant les proc\u00e9dures vis\u00e9es \u00e0 l'alin\u00e9a pr\u00e9c\u00e9dent ;\u00a2 les demandes de prolongation de r\u00e9tention pr\u00e9sent\u00e9es devant le juge des libert\u00e9s etde la d\u00e9tention ainsi que l'introduction d'appels contre les ordonnances du m\u00eame juge prisesdans le cadre de la r\u00e9tention ;\u00b0 les arr\u00eat\u00e9s portant maintien en r\u00e9tention;* les m\u00e9moires en d\u00e9fense, principaux et compl\u00e9mentaires, produits aupr\u00e8s desjuridictions administratives etjudiciaires de premi\u00e8re instance et d'appel :\u00b0 en mati\u00e8re de r\u00e9tention des \u00e9trangers ;\u00b0 dans le cadre des r\u00e9f\u00e9r\u00e9s pr\u00e9vus par le code dejustice administrative et portant surles litiges relevant du droit des \u00e9trangers ;\u00b0 dans le cadre des recours jug\u00e9s en application du code de l'entr\u00e9e et du s\u00e9jour des\u00e9trangers en France et du droit d'asile ;* les d\u00e9cisions d'opposition \u00e0 la sortie du territoire.Article2: D\u00e9l\u00e9gation de signature est \u00e9galement donn\u00e9e \u00e0 M. Fabrice VUILLAUME \u00e0 l'effetde signer au nom du pr\u00e9fet de la Haute-Sa\u00f4ne :\u00a2 Programme 354 \u00ab Administration territoriale \u00bb : l'expression des besoins des d\u00e9penseset la constatation du service fait, par carte achat et dans la limite de 1000 euros, ausein du service prescripteur \"moyens et logistique Haute-Sa\u00f4ne\".Article 3: Bureau des \u00e9lections et de la r\u00e9glementationD\u00e9l\u00e9gation est donn\u00e9e \u00e0 M. Bruno LOICHEMOL, attach\u00e9, chef du bureau des \u00e9lections et dela r\u00e9glementation, pour signer les d\u00e9cisions relevant des attributions de son bureau,notamment les mati\u00e8res suivantes :\u00a2 les extraits de documents, accus\u00e9s de r\u00e9ception, demandes de renseignements ettoutes correspondances courantes ne comportant pas une d\u00e9cision ;\u00a2 les r\u00e9c\u00e9piss\u00e9s relatifs au greffe des associations et les courriers constatant un refus ded\u00e9p\u00f4t de dossier pour incompl\u00e9tude ;\u00a2 les pi\u00e8ces comptables relatives aux \u00e9lections;\u00b0 les r\u00e9c\u00e9piss\u00e9s de d\u00e9clarations de cartes permettant l'exercice d'activit\u00e9s nons\u00e9dentaires et r\u00e9c\u00e9piss\u00e9s de d\u00e9clarations de revendeurs d'objets mobiliers ;\u00a2 les d\u00e9penses relatives au service prescripteur \"R\u00e9glementation Haute-Sa\u00f4ne\";* la constatation du service fait sur les factures relatives au service prescripteur\"R\u00e9glementation Haute-Sa\u00f4ne\";+ les r\u00e9c\u00e9piss\u00e9s portant d\u00e9claration de manifestations sportives ;* toute correspondance relative aux manifestations sportives motoris\u00e9es et nonmotoris\u00e9es ;+ les d\u00e9penses relatives aux programmes 218 et 232 pour lesquelles le pr\u00e9fet estresponsable de l'unit\u00e9 op\u00e9rationnelle (RUO), relevant des attributions du bureau (0232-02 et0232-03) ;* la constatation du service fait relevant des programmes 218 et 232 pour lesquels lepr\u00e9fet est responsable de l'unit\u00e9 op\u00e9rationnelle (RUO), relevant des attributions de sonbureau (0232-02 et 0232-03) ;\u00a2 la validation et la transmission, au nom du pr\u00e9fet, dans le logiciel CHORUSFORMULAIRES les actes comptables (validation des expressions de besoin, certification deservice fait et ordres a payer) dans le p\u00e9rim\u00e9tre budg\u00e9taire des programmes 218 et 232relevant des attributions de son bureau (0232-02 et 0232-03).\nPr\u00e9fecture de Haute-Sa\u00f4ne - 70-2025-12-16-00005 - Arr\u00eat\u00e9 portant d\u00e9l\u00e9gation de signature \u00e0 M. Fabrice VUILLAUME, directeur de la\ncitoyennet\u00e9, de l'immigration et des libert\u00e9s publiques 32\nEn cas d'absence ou d'emp\u00e9chement de M. Bruno LOICHEMOL, chef du bureau des \u00e9lectionset de la r\u00e9glementation, les d\u00e9l\u00e9gations de signature pr\u00e9vues au pr\u00e9sent article sont donn\u00e9esa Mme Bilge UGURLU, adjointe au chef du bureau des \u00e9lections. En outre, d\u00e9l\u00e9gation designature est donn\u00e9e a Mme Nathalie HURAUX, agent charg\u00e9 des \u00e9lections, a l'effet devalider et transmettre, au nom du pr\u00e9fet, dans le logiciel CHORUS FORMULAIRES les actescomptables dans les m\u00e9mes dispositions que ci-dessus.Article 4: Bureau des affaires juridiques et du contentieux de l'\u00c9tatD\u00e9l\u00e9gation est donn\u00e9e a Mme Edith LAVILLE, cheffe du bureau des affaires juridiques et ducontentieux de l'\u00c9tat, pour signer les d\u00e9cisions relevant des attributions de son bureau,notamment les mati\u00e9res suivantes :\u00a2 les missions de proximit\u00e9 en lien avec les centres d'expertise et de ressources destitres;+ les suspensions et r\u00e9tentions des permis de conduire;+ les d\u00e9cisions de restriction d'un droit \u00e0 conduire aux seuls v\u00e9hicules \u00e9quip\u00e9s d'un\u00e9thylotest anti-d\u00e9marrage (EAD) ;+ les extraits de documents, accus\u00e9s de r\u00e9ception, demandes de renseignements ettoutes correspondances courantes ne comportant pas une d\u00e9cision ;+ les d\u00e9penses relevant du programme 176 pour lequel le pr\u00e9fet est responsable del'unit\u00e9 op\u00e9rationnelle (RUO), relevant des attributions du bureau ;\u00b0__ la constatation du service fait du programme 176, pour lequel le pr\u00e9fet est responsablede l'unit\u00e9 op\u00e9rationnelle (RUO), relevant des attributions du bureau ;+ la validation et la transmission, au nom du pr\u00e9fet, dans le logiciel CHORUSFORMULAIRES les actes comptables (validation des expressions de besoin, certification deservice fait et ordres \u00e0 payer) dans le p\u00e9rim\u00e8tre budg\u00e9taire du programme 176 relevant desattributions du bureau.En cas d'absence ou d'emp\u00e9chement de Mme Edith LAVILLE, cheffe du bureau des affairesjuridiques et du contentieux de l'\u00c9tat, les d\u00e9l\u00e9gations de signature pr\u00e9vues au pr\u00e9sent articlesont donn\u00e9es \u00e0 M. Mathieu RICHARDET, adjoint \u00e0 la cheffe du bureau des affaires juridiqueset du contentieux de l'Etat.Article 5: Bureau des migrations et de l'int\u00e9grationD\u00e9l\u00e9gation est donn\u00e9e \u00e0 Mme Marie SPADETTO, attach\u00e9e, cheffe du bureau des migrationset de l'int\u00e9gration, \u00e0 l'effet de signer au nom du pr\u00e9fet les d\u00e9cisions suivantes relevant desattributions de son bureau :\u00a2 les extraits de documents, accus\u00e9s de r\u00e9ception, demandes de renseignements ettoutes correspondances courantes ne comportant pas de d\u00e9cision ;\u00a2 les lettres portant refus de d\u00e9p\u00f4t de dossier de demande de titre de s\u00e9jour oud'\u00e9change de permis \u00e9trangers ;+ les r\u00e9c\u00e9piss\u00e9s et attestations relatifs \u00e0 l'asile et au s\u00e9jour ;+ les bordereaux de commande de titres d'identit\u00e9 et de voyage, de formulaires dedemande de titres s\u00e9curis\u00e9s dans la limite de 1 000 \u20ac ;\u00a2 les cartes de s\u00e9jour d'\u00e9trangers, documents de circulation des mineurs et visas der\u00e9gularisation sur passeports d'\u00e9trangers;e les d\u00e9penses, l'engagement juridique et la constatation du service fait pour l'action 6\u00ab Affaires juridiques et contentieuses \u00bb du programme 216 \u00abConduite et pilotage despolitiques de l'int\u00e9rieur \u00bb relevant des attributions du bureau ;\u00a2 la validation et la transmission au nom du pr\u00e9fet dans le logiciel CHORUSFORMULAIRES les actes comptables (validation des expressions de besoin, certification de\nPr\u00e9fecture de Haute-Sa\u00f4ne - 70-2025-12-16-00005 - Arr\u00eat\u00e9 portant d\u00e9l\u00e9gation de signature \u00e0 M. Fabrice VUILLAUME, directeur de la\ncitoyennet\u00e9, de l'immigration et des libert\u00e9s publiques 33\nservice fait et ordres a payer) dans le p\u00e9rim\u00e9tre budg\u00e9taire du programme 303 relevant desattributions du bureau.En cas d'absence ou d'emp\u00e9chement de Mme Marie SPADETTO, cheffe du bureau desmigrations et de l'int\u00e9gration, les d\u00e9l\u00e9gations de signature pr\u00e9vues au pr\u00e9sent article sontdonn\u00e9es \u00e0 Mme Karine BOURGEOIS, adjointe \u00e0 la cheffe du bureau des migrations et del'int\u00e9gration.Article 6 : Lutte contre la fraude documentaireD\u00e9l\u00e9gation est donn\u00e9e \u00e0 Mme Emilie SIRON, \u00e0 l'effet de signer, dans le cadre de sesattributions, les accus\u00e9s de r\u00e9ception, les avis de recevabilit\u00e9 des actes d'\u00e9tat civil produitspar les mineurs non accompagn\u00e9s lors de leur \u00e9valuation par l'aide sociale \u00e0 l'enfance ettoutes correspondances courantes ne comportant pas de d\u00e9cision.Article 7: En cas d'absence ou d'emp\u00eachement de M. Fabrice VUILLAUME, la d\u00e9l\u00e9gationde signature, qui lui est conf\u00e9r\u00e9e \u00e0 l'article 1er du pr\u00e9sent arr\u00eat\u00e9, est exerc\u00e9e par M. BrunoLOICHEMOL, attach\u00e9, adjoint au directeur de la citoyennet\u00e9, de l'immigration et des libert\u00e9spubliques, chef du bureau des \u00e9lections et de la r\u00e9glementation.Article 8: En cas d'absence ou d'emp\u00e9chement de M. Fabrice VUILLAUME, directeur de lacitoyennet\u00e9, de l'immigration et des libert\u00e9s publiques, et de M. Bruno LOICHEMOL, adjointau directeur de la citoyennet\u00e9, de l'immigration et des libert\u00e9s publiques, chef du bureau des\u00e9lections et de la r\u00e9glementation, d\u00e9l\u00e9gation est donn\u00e9e \u00e0 Mme Edith LAVILLE, cheffe dubureau des affaires juridiques et du contentieux de l'\u00c9tat, \u00e0 l'effet de signer :\u00a2 les d\u00e9cisions d'annulation ou de suspension des permis de conduire ;* les d\u00e9cisions de restriction d'un droit \u00e0 conduire aux seuls v\u00e9hicules \u00e9quip\u00e9s d'un\u00e9thylotest anti-d\u00e9marrage (EAD).Article9: Sont exclus de la pr\u00e9sente d\u00e9l\u00e9gation de signature :1. les actes r\u00e9glementaires \u00e0 l'exception :* des actes pr\u00e9cit\u00e9s dans le pr\u00e9sent arr\u00eat\u00e9 ;\u00a2 des actes portant remplacement des d\u00e9l\u00e9gu\u00e9s de l'administration pour la r\u00e9vision deslistes \u00e9lectorales.2. les actes individuels, \u00e0 l'exception des d\u00e9cisions :\u00a2 pr\u00e9cit\u00e9es dans le pr\u00e9sent arr\u00eat\u00e9 ;* autorisant les transports de corps;* pronongant un retrait de r\u00e9c\u00e9piss\u00e9 de d\u00e9claration de v\u00e9hicule pour d\u00e9faut de contr\u00f4letechnique ;\u00a2 relatives a l'agr\u00e9ment des gardes particuliers et les correspondances portantreconstitution des points du permis de conduire, des certificats de capacit\u00e9 professionnellede conducteur de taxi.Article 10: Les d\u00e9cisions et documents pris en application de la pr\u00e9sente d\u00e9l\u00e9gationdevront \u00eatre sign\u00e9s dans les formes suivantes :Pour le pr\u00e9fet et par d\u00e9l\u00e9gation :le directeur de la citoyennet\u00e9, de l'immigrationet des libert\u00e9s publiques,\nPr\u00e9fecture de Haute-Sa\u00f4ne - 70-2025-12-16-00005 - Arr\u00eat\u00e9 portant d\u00e9l\u00e9gation de signature \u00e0 M. Fabrice VUILLAUME, directeur de la\ncitoyennet\u00e9, de l'immigration et des libert\u00e9s publiques 34\nArticle11: L'arr\u00eat\u00e9 pr\u00e9fectoral n\u00b0 70-2025-09-01-00003 du 1\u00b0 septembre 2025 portantd\u00e9l\u00e9gation de signature a M. Fabrice VUILLAUME, directeur de la citoyennet\u00e9, del'immigration et des libert\u00e9s publiques, est abrog\u00e9.Article 12: Le pr\u00e9sent arr\u00eat\u00e9 peut faire l'objet d'un recours contentieux aupr\u00e8s du tribunaladministratif de Besan\u00e7on dans un d\u00e9lai de deux mois \u00e0 compter de sa notification ou de sapublication. Le tribunal administratif peut \u00eatre saisi par l'application informatique\u00ab T\u00e9l\u00e9recours citoyens \u00bb accessible par le site Internet www.telerecours.frArticle 13: La secr\u00e9taire g\u00e9n\u00e9rale de la pr\u00e9fecture est charg\u00e9e de l'ex\u00e9cution du pr\u00e9sentarr\u00eat\u00e9 qui sera publi\u00e9 au recueil des actes administratifs de la pr\u00e9fecture de la Haute-Sa\u00f4ne.Fait \u00e0 Vesoul, le 4 6 DEC. 2025Le pr\u00e9fet,\nSerge JACOB\nPr\u00e9fecture de Haute-Sa\u00f4ne - 70-2025-12-16-00005 - Arr\u00eat\u00e9 portant d\u00e9l\u00e9gation de signature \u00e0 M. Fabrice VUILLAUME, directeur de la\ncitoyennet\u00e9, de l'immigration et des libert\u00e9s publiques 35\nPr\u00e9fecture de Haute-Sa\u00f4ne\n70-2025-12-16-00003\nArr\u00eat\u00e9 portant d\u00e9l\u00e9gation de signature \u00e0 M.\nJean-Victor ROUX, sous-pr\u00e9fet, secr\u00e9taire g\u00e9n\u00e9ral\nadjoint de la pr\u00e9fecture de la Haute-Sa\u00f4ne,\ncharg\u00e9 de mission aupr\u00e8s du pr\u00e9fet de la\nHaute-Sa\u00f4ne\nPr\u00e9fecture de Haute-Sa\u00f4ne - 70-2025-12-16-00003 - Arr\u00eat\u00e9 portant d\u00e9l\u00e9gation de signature \u00e0 M. Jean-Victor ROUX, sous-pr\u00e9fet,\nsecr\u00e9taire g\u00e9n\u00e9ral adjoint de la pr\u00e9fecture de la Haute-Sa\u00f4ne, charg\u00e9 de mission aupr\u00e8s du pr\u00e9fet de la Haute-Sa\u00f4ne 36\nE Direction de la citoyennet\u00e9,de l'immigration et des libert\u00e9s publiquesDEL AUTE- Bureau des affaires juridiquesSA\u00d4NE et du contentieux de l'EtatLibert\u00e9Egalit\u00e9Fraternit\u00e9ARRETE PREFECTORAL n\u00b0 70-2025-portant d\u00e9l\u00e9gation de signature \u00e0 M. Jean-Victor ROUX, sous-pr\u00e9fet, secr\u00e9taire g\u00e9n\u00e9raladjoint de la pr\u00e9fecture de la Haute-Sa\u00f4ne, charg\u00e9 de mission aupr\u00e8s du pr\u00e9fet de la Haute-Sa\u00f4neLe pr\u00e9fet de la Haute-Sa\u00f4neChevalier de la L\u00e9gion d'honneurChevalier de l'ordre national du M\u00e9riteVU la loi n\u00b0 82-213 du 2 mars 1982 modifi\u00e9e relative aux droits et libert\u00e9s des communes,des d\u00e9partements et des r\u00e9gions ;VU le d\u00e9cret n\u00b0 2004-374 du 29 avril 2004 modifi\u00e9 relatif aux pouvoirs des pr\u00e9fets et \u00e0l'organisation et \u00e0 l'action de l'\u00c9tat dans les r\u00e9gions et les d\u00e9partements;VU le d\u00e9cret du 23 juillet 2025 portant nomination de M. Serge JACOB, pr\u00e9fet de laHaute-Sa\u00f4ne ;VU le d\u00e9cret du 24 avril 2024 portant nomination de Mme Annick PAQUET, secr\u00e9taireg\u00e9n\u00e9rale de la pr\u00e9fecture de la Haute-Sa\u00f4ne, sous-pr\u00e9f\u00e8te de Vesoul ;VU le d\u00e9cret du 19 novembre 2025 portant nomination de M. Jean-Victor ROUX,secr\u00e9taire g\u00e9n\u00e9ral adjoint de la pr\u00e9fecture de la Haute-Sa\u00f4ne, sous-pr\u00e9fet charg\u00e9 demission aupr\u00e8s du pr\u00e9fet de la Haute-Sa\u00f4ne;VU la lettre de mission du 1\u00b0 d\u00e9cembre 2025 adress\u00e9e \u00e0 M. Jean-Victor ROUX;VU l'arr\u00eat\u00e9 pr\u00e9fectoral n\u00b0 70-2020-12-28-051 du 28 d\u00e9cembre 2020 portant organisation dela pr\u00e9fecture de Haute-Sa\u00f4ne;Sur la proposition de la secr\u00e9taire g\u00e9n\u00e9rale de la pr\u00e9fecture ;ARRETEArticle 1: D\u00e9l\u00e9gation de signature est donn\u00e9e \u00e0 M. Jean-Victor ROUX, sous-pr\u00e9fet,secr\u00e9taire g\u00e9n\u00e9ral adjoint de la pr\u00e9fecture de la Haute-Sa\u00f4ne, charg\u00e9 de mission aupr\u00e8s dupr\u00e9fet de la Haute-Sa\u00f4ne, \u00e0 l'effet de signer, au nom du pr\u00e9fet de la Haute-Sa\u00f4ne,l'expression des besoins des d\u00e9penses et la constatation du service fait par carte achat,dans la limite de 1 000\u20ac, au sein du service prescripteur \"secr\u00e9taire g\u00e9n\u00e9ral adjoint de laHaute-Sa\u00f4ne\" du programme 354 \u00ab administration territoriale \u00bb.Article 2: Pendant la p\u00e9riode o\u00f9 il assure la permanence des autorit\u00e9s pr\u00e9fectorales(samedi, dimanche, jours f\u00e9ri\u00e9s ou jours de fermeture exceptionnels de la pr\u00e9fecture),d\u00e9l\u00e9gation de signature est donn\u00e9e \u00e0 M. Jean-Victor ROUX, sous-pr\u00e9fet, secr\u00e9taire g\u00e9n\u00e9raladjoint de la pr\u00e9fecture de la Haute-Sa\u00f4ne, charg\u00e9 de mission aupr\u00e8s du pr\u00e9fet de laHaute-Sa\u00f4ne, \u00e0 l'effet de signer, au nom du pr\u00e9fet, pour l'ensemble du d\u00e9partement,\nPr\u00e9fecture de Haute-Sa\u00f4ne - 70-2025-12-16-00003 - Arr\u00eat\u00e9 portant d\u00e9l\u00e9gation de signature \u00e0 M. Jean-Victor ROUX, sous-pr\u00e9fet,\nsecr\u00e9taire g\u00e9n\u00e9ral adjoint de la pr\u00e9fecture de la Haute-Sa\u00f4ne, charg\u00e9 de mission aupr\u00e8s du pr\u00e9fet de la Haute-Sa\u00f4ne 37\ntoutes d\u00e9cisions dans les mati\u00e8res relevant des comp\u00e9tences et attributions durepr\u00e9sentant de l'\u00c9tat dans le d\u00e9partement, notamment dans les mati\u00e8res suivantes :\u00a2 les obligations de quitter le territoire fran\u00e7ais, les d\u00e9cisions de refus d'accorder und\u00e9lai de d\u00e9part volontaire, les interdictions de retour sur le territoire, lesinterdictions de circuler sur le territoire, les d\u00e9cisions fixant le pays de renvoi, lesarr\u00eat\u00e9s de reconduite \u00e0 la fronti\u00e8re, les arr\u00eat\u00e9s de r\u00e9admission pour le pays danslequel l'\u00e9tranger est l\u00e9galement admissible m\u00eame s'il n'en a pas la nationalit\u00e9 ;\u00a2 les arr\u00eat\u00e9s de placement en r\u00e9tention et arr\u00eat\u00e9s d'assignation \u00e0 r\u00e9sidence visant les\u00e9trangers en situation irr\u00e9guli\u00e8re;\u00b0 les demandes de prolongation de r\u00e9tention pr\u00e9sent\u00e9es devant le juge des libert\u00e9s etde la d\u00e9tention ainsi que l'introduction d'appels contre les ordonnances du m\u00eamejuge prises dans le cadre de la r\u00e9tention;* les m\u00e9moires en d\u00e9fense, produits aupr\u00e8s des juridictions administratives etjudiciaires de premi\u00e8re instance et d'appel en mati\u00e8re de r\u00e9tention des \u00e9trangers ;\u00a2 les d\u00e9cisions en mati\u00e8re de suspension et de r\u00e9tention des permis de conduire ;\u00a2 les admissions en soins sans consentement.Article 3 : Sont exclus de la pr\u00e9sente d\u00e9l\u00e9gation :\u00a2 les r\u00e9quisitions de la force arm\u00e9e;\u00a2 la r\u00e9quisition du comptable;\u00b0 les arr\u00eat\u00e9s de conflit ;* les actes li\u00e9s \u00e0 l'exercice du pouvoir adjudicateur pour les engagements financiersde l'\u00c9tat soumis au code de la commande publique.Article 4: M. Jean-Victor ROUX assure, en sus de ses attributions, les fonctions de sous-pr\u00e9fet r\u00e9f\u00e9rent territorial pour les communes et groupements de communes suivants :\u00b0__ Communaut\u00e9 de communes des Combes ;\u00a2 Communaut\u00e9 de communes des Hauts du Val de Sa\u00f4ne ;\u00b0__ Communaut\u00e9 de communes des Monts de Gy ;\u00b0__ Communaut\u00e9 de communes des Quatre Rivi\u00e8res :* Communaut\u00e9 de communes du Val de Gray;* Communaut\u00e9 de communes du Val Marnaysien ;* Communes de La Quarte, La Rochelle, Ouge.Article 5: Au titre de sa mission territorialis\u00e9e, d\u00e9l\u00e9gation de signature est donn\u00e9e aM. Jean-Victor ROUX, sous-pr\u00e9fet, secr\u00e9taire g\u00e9n\u00e9ral adjoint de la pr\u00e9fecture de la Haute-Sa\u00f4ne, charg\u00e9 de mission aupr\u00e8s du pr\u00e9fet de la Haute-Sa\u00f4ne, \u00e0 l'effet de signer :\u00b0 les rapports d'activit\u00e9 ainsi que toutes correspondances courantes relevant desattributions de l'\u00c9tat ne comportant pas une d\u00e9cision, \u00e0 l'exception descorrespondances relatives aux parlementaires et au pr\u00e9sident du conseild\u00e9partemental de la Haute-Sa\u00f4ne;\u00a2 la mise en \u0153uvre des dispositions relatives au contr\u00f4le de l\u00e9galit\u00e9 et au contr\u00f4lebudg\u00e9taire de la loi du 2 mars 1982 et notamment les dispositions des articlesL. 2131-1 et suivants du code g\u00e9n\u00e9ral des collectivit\u00e9s territoriales (CGCT) \u00e0l'exception de la d\u00e9cision de saisir ou non le tribunal administratif ou la chambrer\u00e9gionale des comptes ;\u00b0 la substitution au maire dans les cas pr\u00e9vus par les articles L. 2122-34 et L. 2215-1 duCGCT;* lacr\u00e9ation de d\u00e9l\u00e9gations sp\u00e9ciales pr\u00e9vues par les articles L. 2121-35 \u00e0 L. 2121-39 duCGCT.\nPr\u00e9fecture de Haute-Sa\u00f4ne - 70-2025-12-16-00003 - Arr\u00eat\u00e9 portant d\u00e9l\u00e9gation de signature \u00e0 M. Jean-Victor ROUX, sous-pr\u00e9fet,\nsecr\u00e9taire g\u00e9n\u00e9ral adjoint de la pr\u00e9fecture de la Haute-Sa\u00f4ne, charg\u00e9 de mission aupr\u00e8s du pr\u00e9fet de la Haute-Sa\u00f4ne 38\nArticle 6: Les d\u00e9cisions et documents pris en application de la pr\u00e9sente d\u00e9l\u00e9gationdevront \u00eatre sign\u00e9s dans les formes suivantes :Pour le pr\u00e9fet et par d\u00e9l\u00e9gation :le secr\u00e9taire g\u00e9n\u00e9ral adjoint,\nArticle 7 : Le pr\u00e9sent arr\u00eat\u00e9 peut faire l'objet d'un recours contentieux aupr\u00e8s du tribunaladministratif de Besan\u00e7on dans un d\u00e9lai de deux mois \u00e0 compter de sa notification ou desa publication. Le tribunal administratif peut \u00eatre saisi par l'application informatique\u00ab T\u00e9l\u00e9recours citoyens \u00bb accessible par le site Internet www.telerecours.fr.Article 8: La secr\u00e9taire g\u00e9n\u00e9rale de la pr\u00e9fecture et le sous-pr\u00e9fet, secr\u00e9taire g\u00e9n\u00e9raladjoint de la pr\u00e9fecture, charg\u00e9 de mission aupr\u00e8s du pr\u00e9fet de la Haute-Sa\u00f4ne, sontcharg\u00e9s, chacun en ce qui le concerne, de l'ex\u00e9cution du pr\u00e9sent arr\u00eat\u00e9 qui sera publi\u00e9 aurecueil des actes administratifs de la pr\u00e9fecture de la Haute-Sa\u00f4ne.\nFait \u00e0 Vesoul, le 4 6 DEC. 202\nLe pr\u00e9fet,\nerge JACOB\nPr\u00e9fecture de Haute-Sa\u00f4ne - 70-2025-12-16-00003 - Arr\u00eat\u00e9 portant d\u00e9l\u00e9gation de signature \u00e0 M. Jean-Victor ROUX, sous-pr\u00e9fet,\nsecr\u00e9taire g\u00e9n\u00e9ral adjoint de la pr\u00e9fecture de la Haute-Sa\u00f4ne, charg\u00e9 de mission aupr\u00e8s du pr\u00e9fet de la Haute-Sa\u00f4ne 39\nPr\u00e9fecture de Haute-Sa\u00f4ne\n70-2025-12-16-00004\nArr\u00eat\u00e9 portant d\u00e9l\u00e9gation de signature \u00e0 M.\nPierrick LOZ\u00c9, sous-pr\u00e9fet de LURE\nPr\u00e9fecture de Haute-Sa\u00f4ne - 70-2025-12-16-00004 - Arr\u00eat\u00e9 portant d\u00e9l\u00e9gation de signature \u00e0 M. Pierrick LOZ\u00c9, sous-pr\u00e9fet de LURE 40\nE i Direction de la citoyennet\u00e9,PR\u00c9FET de l'immigration et des libert\u00e9s publiquesDE LA HAUTE- Bureau des affaires juridiquesSA\u00d4NE et du contentieux de l'EtatLibert\u00e9Egalit\u00e9Fraternit\u00e9ARRETE PREFECTORAL n\u00b0 70-2025-portant d\u00e9l\u00e9gation de signature a M. Pierrick LOZE,sous-pr\u00e9fet de LURELe pr\u00e9fet de la Haute-Sa\u00f4neChevalier de la L\u00e9gion d'honneurChevalier de l'ordre national du M\u00e9rite\nVU la loi n\u00b0 82-213 du 2 mars 1982 relative aux droits et libert\u00e9s des communes, desd\u00e9partements et des r\u00e9gions ;VU le d\u00e9cret n\u00b0 2004-374 du 29 avril 2004 modifi\u00e9 relatif aux pouvoirs des pr\u00e9fets, \u00e0l'organisation et \u00e0 l'action des services de l'\u00c9tat dans les r\u00e9gions et les d\u00e9partements ;VU le d\u00e9cret du 23 juillet 2025 portant nomination de M. Serge JACOB, pr\u00e9fet de laHaute-Sa\u00f4ne ;VU le d\u00e9cret du 24 avril 2024 portant nomination de Mme Annick P\u00c2QUET, secr\u00e9taireg\u00e9n\u00e9rale de la pr\u00e9fecture de la Haute-Sa\u00f4ne, sous-pr\u00e9f\u00e8te de Vesoul ;VU le d\u00e9cret du 2 ao\u00fbt 2023 portant nomination de M. Pierrick LOZ\u00c9, sous-pr\u00e9fet de Lure ;VU l'arr\u00eat\u00e9 pr\u00e9fectoral n\u00b0 70-2020-12-28-051 du 28 d\u00e9cembre 2020 portant organisation dela pr\u00e9fecture de Haute-Sa\u00f4ne;Sur la proposition de la secr\u00e9taire g\u00e9n\u00e9rale de la pr\u00e9fecture ;ARRETEArticle1: D\u00e9l\u00e9gation est donn\u00e9e \u00e0 M. Pierrick LOZ\u00c9, sous-pr\u00e9fet de Lure, \u00e0 l'effet designer, pour l'arrondissement de Lure, toutes d\u00e9cisions et tous documents \u00e9num\u00e9r\u00e9s ci-apr\u00e8s:\u00b0 l'expression des besoins des d\u00e9penses et la constatation du service fait sur lesfactures relatives au service d\u00e9pensier \"r\u00e9sidence du sous-pr\u00e9fet de Lure\" au sein duservice prescripteur \"sous pr\u00e9fecture de Lure\" par carte achat et dans la limite de2 000 \u20ac;\u00b0 l'expression des besoins des d\u00e9penses et la constatation du service fait sur lesfactures relatives au service d\u00e9pensier \"services de la sous-pr\u00e9fecture de Lure\" ausein du service prescripteur \"sous pr\u00e9fecture de Lure\" par carte achat dans la limitede 2 000 \u20ac.Article2: D\u00e9l\u00e9gation est donn\u00e9e a M. Pierrick LOZE, sous-pr\u00e9fet de Lure, a l'effet designer, pour l'arrondissement de Lure, toutes d\u00e9cisions et documents \u00e9num\u00e9r\u00e9s ci-apr\u00e8s :\nPr\u00e9fecture de Haute-Sa\u00f4ne - 70-2025-12-16-00004 - Arr\u00eat\u00e9 portant d\u00e9l\u00e9gation de signature \u00e0 M. Pierrick LOZ\u00c9, sous-pr\u00e9fet de LURE 41\nEn mati\u00e8re de police g\u00e9n\u00e9rale :tous documents et actes administratifs concernant la s\u00e9curit\u00e9 et l'accessibilit\u00e9 dansles \u00e9tablissements recevant du public ;les concours de la force publique pour assurer l'ex\u00e9cution des jugementsd'expulsions locatives ;En mati\u00e8re d'administration g\u00e9n\u00e9rale :la signature au nom de l'Etat de contrats ou conventions ;les r\u00e9quisitions de logements ;la d\u00e9saffectation des locaux scolaires ;les d\u00e9rogations en mati\u00e8re de tarification des repas servis dans les cantinesscolaires ;En mati\u00e8re d'administration locale :les arr\u00eat\u00e9s de convocation des \u00e9lecteurs pour les \u00e9lections municipales partielles ;la substitution au maire dans les cas pr\u00e9vus par les articles L. 2122-34 et L. 2215-1 ducode g\u00e9n\u00e9ral des collectivit\u00e9s territoriales (CGCT) ;l'exercice du pouvoir hi\u00e9rarchique sur les arr\u00eat\u00e9s des maires agissant au nom del'\u00c9tat;les enqu\u00eates concernant le projet et les conditions de modification aux limitesterritoriales des communes et le transfert de leurs chefs-lieux, dans les conditionsfix\u00e9es par l'article L. 2112-2 du CGCT et la cr\u00e9ation de la commission syndicalepr\u00e9vue \u00e0 l'article L. 2112-3 du CGCT; la cr\u00e9ation de d\u00e9l\u00e9gations sp\u00e9ciales pr\u00e9vuespar les articles L. 2121-35 aL. 2121-39 du CGCT;la cr\u00e9ation de la commission syndicale pr\u00e9vue \u00e0 l'article L. 52221 du CGCT, charg\u00e9ede l'administration des biens et droits indivis entre plusieurs communes lorsquetoutes les communes int\u00e9ress\u00e9es font partie de l'arrondissement de Lure ;toutes d\u00e9cisions relatives aux \u00e9tablissements publics de coop\u00e9rationintercommunale ayant leur si\u00e8ge dans l'arrondissement de Lure ;les arr\u00eat\u00e9s de concessions en for\u00eat communale ;les demandes de r\u00e9union des conseils municipaux, dans les conditions pr\u00e9vues parl'article L. 2121-9 du CGCT;les porter \u00e0 connaissance, adress\u00e9s par le repr\u00e9sentant de l'Etat aux collectivit\u00e9sterritoriales dans l'\u00e9laboration des documents d'urbanisme ;la signature des permis de construire d\u00e9livr\u00e9s par le repr\u00e9sentant de l'\u00c9tat \u00e0 la suited'avis divergents ; |la signature des r\u00e9ponses aux recours gracieux concernant les d\u00e9cisions individuellesprises en mati\u00e8re d'urbanisme ;les arr\u00eat\u00e9s de composition de la commission locale de l'eau pour les sch\u00e9masd'am\u00e9nagement et de gestion des eaux (SAGE) relevant de l'arrondissement deLURE;En mati\u00e8re de contr\u00f4le de l\u00e9galit\u00e9 des actes des communes, groupements de communes,\u00e9tablissements et offices publics communaux et intercommunaux et des soci\u00e9t\u00e9sd'\u00e9conomie mixte locales ayant leur si\u00e8ge dans l'arrondissement de Lure ;la mise en \u0153uvre des dispositions relatives au contr\u00f4le de l\u00e9galit\u00e9 et au contr\u00f4lebudg\u00e9taire de la loi du 2 mars 1982 (et notamment les dispositions des articlesL. 2131-1 et suivants du CGCT) \u00e0 l'exception de la d\u00e9cision de saisir ou non le\nPr\u00e9fecture de Haute-Sa\u00f4ne - 70-2025-12-16-00004 - Arr\u00eat\u00e9 portant d\u00e9l\u00e9gation de signature \u00e0 M. Pierrick LOZ\u00c9, sous-pr\u00e9fet de LURE 42\ntribunal administratif ou la chambre r\u00e9gionale des comptes (comp\u00e9tence exclusivedu pr\u00e9fet).Article3: D\u00e9l\u00e9gation est donn\u00e9e \u00e0 M. Pierrick LOZE, sous-pr\u00e9fet de Lure, a l'effet designer, pour le d\u00e9partement de la Haute-Sa\u00f4ne, toutes d\u00e9cisions et tous documentsrelatifs a:\u00a2 la commission d\u00e9partementale d'organisation et de modernisation des servicespublics (CDOMSP) ;\u00a2 lacommission d\u00e9partementale de pr\u00e9sence postale territoriale (CDPPT);* au r\u00e9seau France services de la Haute-Sa\u00f4ne;\u00a2 au num\u00e9rique en Haute-Sa\u00f4ne;\u00b0 ala t\u00e9l\u00e9phonie mobile en Haute-Sa\u00f4ne;* ala Chapelle Notre Dame Du Haut de Ronchamp, dans le cadre de son inscriptionau patrimoine mondial de l'UNESCO;+ au Massif des Vosges et, notamment, la repr\u00e9sentation de l'\u00c9tat en Haute-Sa\u00f4nedans les instances qui ont trait \u00e0 ce massif;\u00b0__\u00e0 l'application du plan national d'actions (PNA) sur le loup dans le d\u00e9partement dela Haute-Sa\u00f4ne;\u00b0 au suivi de la mise en \u0153uvre du programme France ruralit\u00e9 ;* au suivi de la mise en \u0153uvre des actions en faveur du handicap et de l'inclusion.Article 4: D\u00e9l\u00e9gation permanente de signature est donn\u00e9e \u00e0 Mme Sabine RACINE,secr\u00e9taire g\u00e9n\u00e9rale de la sous-pr\u00e9fecture de Lure, dans les mati\u00e8res suivantes :\u00a2 les extraits de documents, accus\u00e9s de r\u00e9ception, demandes de renseignements ettoutes correspondances courantes ne comportant pas de d\u00e9cision ; |\u00a2 les documents et actes administratifs concernant la s\u00e9curit\u00e9 et l'accessibilit\u00e9 dansles \u00e9tablissements recevant du public \u00e0 l'exception des \u00e9tablissements recevant dupublic de 1\u00b0* cat\u00e9gorie.En cas d'absence de Mme Sabine RACINE, la d\u00e9l\u00e9gation pr\u00e9vue au pr\u00e9sent article estexerc\u00e9e par M. Fr\u00e9d\u00e9ric LALYMAN, secr\u00e9taire g\u00e9n\u00e9ral adjoint de la sous-pr\u00e9fecture.Article5: Pendant la p\u00e9riode o\u00f9 il assure la permanence des autorit\u00e9s pr\u00e9fectorales(samedi, dimanche, jours f\u00e9ri\u00e9s ou jours de fermeture exceptionnels de la pr\u00e9fecture),M. Pierrick LOZE, sous-pr\u00e9fet de Lure, a d\u00e9l\u00e9gation de signature \u00e0 l'effet de signer, au nomdu pr\u00e9fet, pour le d\u00e9partement de la Haute-Sa\u00f4ne, toutes d\u00e9cisions dans les mati\u00e8resrelevant des comp\u00e9tences et attributions du repr\u00e9sentant de l'\u00c9tat dans le d\u00e9partement,notamment dans les mati\u00e8res suivantes :\u00a2 les obligations de quitter le territoire fran\u00e7ais, les d\u00e9cisions de refus d'accorder und\u00e9lai de d\u00e9part volontaire, les interdictions de retour sur le territoire, lesinterdictions de circuler sur le territoire, les d\u00e9cisions fixant le pays de renvoi, lesarr\u00eat\u00e9s de reconduite \u00e0 la fronti\u00e8re, les arr\u00eat\u00e9s de r\u00e9admission pour le pays danslequel l'\u00e9tranger est l\u00e9galement r\u00e9admissible m\u00eame s'il n'en a pas la nationalit\u00e9;\u00a2 les arr\u00eat\u00e9s de placement en r\u00e9tention et arr\u00eat\u00e9s d'assignation \u00e0 r\u00e9sidence visant les\u00e9trangers en situation irr\u00e9guli\u00e8re;\u00a2 les demandes de prolongation de r\u00e9tention pr\u00e9sent\u00e9es devant le juge des libert\u00e9set de la d\u00e9tention ainsi que l'introduction d'appels contre les ordonnances dum\u00eame juge prises dans le cadre de la r\u00e9tention ;\nPr\u00e9fecture de Haute-Sa\u00f4ne - 70-2025-12-16-00004 - Arr\u00eat\u00e9 portant d\u00e9l\u00e9gation de signature \u00e0 M. Pierrick LOZ\u00c9, sous-pr\u00e9fet de LURE 43\n+ les m\u00e9moires en d\u00e9fense, produits aupr\u00e8s des juridictions administratives etjudiciaires de premi\u00e8re instance et d'appel en mati\u00e8re de r\u00e9tention des \u00e9trangers.Sont exclus de la pr\u00e9sente d\u00e9l\u00e9gation :\u00a2 les r\u00e9quisitions de la force arm\u00e9e ;\u00b0 la r\u00e9quisition du comptable ;+ les arr\u00eat\u00e9s de conflit ;* les actes li\u00e9s \u00e0 l'exercice du pouvoir adjudicateur pour les engagements financiersde l'\u00c9tat soumis au code de la commande publique.Article6: En cas d'absence ou d'emp\u00eachement simultan\u00e9 de M. Pierrick LOZ\u00c9, sous-pr\u00e9fet de Lure, et de Mme Annick PAQUET, secr\u00e9taire g\u00e9n\u00e9rale de la pr\u00e9fecture, lad\u00e9l\u00e9gation consentie aux articles 1 \u00e0 3 du pr\u00e9sent arr\u00eat\u00e9 sera exerc\u00e9e par Mme SabineRACINE, secr\u00e9taire g\u00e9n\u00e9rale de la sous-pr\u00e9fecture.Article 7: Les d\u00e9cisions et documents pris en application de la pr\u00e9sente d\u00e9l\u00e9gationdevront \u00eatre sign\u00e9s dans les formes suivantes :Pour le pr\u00e9fet et par d\u00e9l\u00e9gation :Le sous-pr\u00e9fet de Lure,\nArticle 8: L'arr\u00eat\u00e9 n\u00b0 70-2025-09-01-00007 du 1\u00b0 septembre 2025 portant d\u00e9l\u00e9gation designature \u00e0 M. Pierrick LOZE, sous-pr\u00e9fet de Lure, est abrog\u00e9.Article9: Le pr\u00e9sent arr\u00eat\u00e9 peut faire l'objet d'un recours contentieux devant lajuridiction administrative dans le d\u00e9lai de deux mois \u00e0 compter de sa publication ou de sanotification. Le tribunal administratif peut \u00eatre saisi par l'application informatique\u00ab T\u00e9l\u00e9recours citoyens \u00bb accessible par le site Internet www.telerecours.frArticle 10: La secr\u00e9taire g\u00e9n\u00e9rale de la pr\u00e9fecture et le sous-pr\u00e9fet de Lure sont charg\u00e9s,chacun en ce qui le concerne, de l'ex\u00e9cution du pr\u00e9sent arr\u00eat\u00e9 qui sera publi\u00e9 au recueildes actes administratifs de la pr\u00e9fecture de la Haute-Sa\u00f4ne.\nFait \u00e0 Vesoul, le 1 6 DEC. 2025Le pr\u00e9fet,\nSerge JACOB\nPr\u00e9fecture de Haute-Sa\u00f4ne - 70-2025-12-16-00004 - Arr\u00eat\u00e9 portant d\u00e9l\u00e9gation de signature \u00e0 M. Pierrick LOZ\u00c9, sous-pr\u00e9fet de LURE 44\nPr\u00e9fecture de Haute-Sa\u00f4ne\n70-2025-12-16-00002\nArr\u00eat\u00e9 portant d\u00e9l\u00e9gation de signature \u00e0 Mme\nAnnick P\u00c2QUET, secr\u00e9taire g\u00e9n\u00e9rale de la\npr\u00e9fecture de la Haute-Sa\u00f4ne\nPr\u00e9fecture de Haute-Sa\u00f4ne - 70-2025-12-16-00002 - Arr\u00eat\u00e9 portant d\u00e9l\u00e9gation de signature \u00e0 Mme Annick P\u00c2QUET, secr\u00e9taire g\u00e9n\u00e9rale\nde la pr\u00e9fecture de la Haute-Sa\u00f4ne 45\n| | Direction de la citoyennet\u00e9,PREFET de l'immigration et des libert\u00e9s publiquesDE LA HAUTE- Bureau des affaires juridiquesSA\u00d4NE et du contentieux de l'Etat\nFraternit\u00e9\nARRETE PREFECTORAL n\u00b0 70-2025-portant d\u00e9l\u00e9gation de signature \u00e0 Mme Annick PAQUET,secr\u00e9taire g\u00e9n\u00e9rale de la pr\u00e9fecture de la Haute-Sa\u00f4ne\nLe pr\u00e9fet de la Haute-Sa\u00f4neChevalier de la L\u00e9gion d'honneurChevalier de l'ordre national du M\u00e9rite\nVU la loi n\u00b0 82-213 du 2 mars 1982 modifi\u00e9e relative aux droits et libert\u00e9s des communes,des d\u00e9partements et des r\u00e9gions ;VU le d\u00e9cret n\u00b0 2004-374 du 29 avril 2004 modifi\u00e9 relatif aux pouvoirs des pr\u00e9fets et \u00e0l'organisation et \u00e0 l'action de l'\u00c9tat dans les r\u00e9gions et les d\u00e9partements;VU le d\u00e9cret du 23 juillet 2025 portant nomination de M. Serge JACOB, pr\u00e9fet de laHaute-Sa\u00f4ne ;VU le d\u00e9cret du 24 avril 2024 portant nomination de Mme Annick P\u00c2QUET, secr\u00e9taireg\u00e9n\u00e9rale de la pr\u00e9fecture de la Haute-Sa\u00f4ne, sous-pr\u00e9f\u00e8te de Vesoul ;VU le d\u00e9cret du 2 ao\u00fbt 2023 portant nomination de M. Pierrick LOZ\u00c9, sous-pr\u00e9fet de Lure;VU le d\u00e9cret du 19 novembre 2025 portant nomination de M. Jean-Victor ROUX,secr\u00e9taire g\u00e9n\u00e9ral adjoint de la pr\u00e9fecture de la Haute-Sa\u00f4ne, sous-pr\u00e9fet charg\u00e9 demission aupr\u00e8s du pr\u00e9fet de la Haute-Sa\u00f4ne ;VU l'arr\u00eat\u00e9 pr\u00e9fectoral n\u00b0 70-2020-12-28-051 du 28 d\u00e9cembre 2020 portant organisation dela pr\u00e9fecture de Haute-Sa\u00f4ne; ARRETEArticle 1: D\u00e9l\u00e9gation de signature est donn\u00e9e \u00e0 Mme Annick PAQUET, secr\u00e9taire g\u00e9n\u00e9ralede la pr\u00e9fecture de la Haute-Sa\u00f4ne, \u00e0 l'effet de signer, au nom du pr\u00e9fet, tous arr\u00eat\u00e9s,d\u00e9cisions, circulaires, rapports, correspondances et documents, ainsi que les requ\u00eates,saisines et m\u00e9moires de toutes formes d\u00e9pos\u00e9s aupr\u00e8s des juridictions administratives etjudiciaires \u00e0 l'exception :1) des r\u00e9quisitions de la force arm\u00e9e ;2) de la r\u00e9quisition du comptable ;3) des arr\u00eat\u00e9s de conflit.\nArticle 2: En cas d'absence ou d'emp\u00eachement de Mme Annick PAQUET, secr\u00e9taireg\u00e9n\u00e9rale de la pr\u00e9fecture de la Haute-Sa\u00f4ne, la d\u00e9l\u00e9gation de signature qui lui est1\nPr\u00e9fecture de Haute-Sa\u00f4ne - 70-2025-12-16-00002 - Arr\u00eat\u00e9 portant d\u00e9l\u00e9gation de signature \u00e0 Mme Annick P\u00c2QUET, secr\u00e9taire g\u00e9n\u00e9rale\nde la pr\u00e9fecture de la Haute-Sa\u00f4ne 46\nconsentie par l'article 1\u00b0 est alors exerc\u00e9e par M. Jean-Victor ROUX, sous-pr\u00e9fet, secr\u00e9taireg\u00e9n\u00e9ral adjoint de la pr\u00e9fecture de la Haute-Sa\u00f4ne, charg\u00e9 de mission aupr\u00e8s du pr\u00e9fet dela Haute-Sa\u00f4ne.Article 3: En cas d'absence ou d'emp\u00e9chement concomitant de Mme Annick PAQUET,secr\u00e9taire g\u00e9n\u00e9rale de la pr\u00e9fecture de la Haute-Sa\u00f4ne, et de M. Jean-Victor ROUX, sous-pr\u00e9fet, secr\u00e9taire g\u00e9n\u00e9ral adjoint de la pr\u00e9fecture de la Haute-Sa\u00f4ne, charg\u00e9 de missionaupr\u00e8s du pr\u00e9fet de la Haute-Sa\u00f4ne, la d\u00e9l\u00e9gation de signature consentie \u00e0 l'article 1\u00b0 estalors exerc\u00e9e par M. Pierrick LOZ\u00c9, sous-pr\u00e9fet de Lure.Article 4: Les d\u00e9cisions et documents pris en application de la pr\u00e9sente d\u00e9l\u00e9gationdevront \u00eatre sign\u00e9s dans les formes suivantes :Pour le pr\u00e9fet et par d\u00e9l\u00e9gation :la secr\u00e9taire g\u00e9n\u00e9rale,Article 5: L'arr\u00eat\u00e9 pr\u00e9fectoral n\u00b0 70-2025-09-01-00001 du 1\u00b0 septembre 2025 portantd\u00e9l\u00e9gation de signature \u00e0 Mme Annick PAQUET, secr\u00e9taire g\u00e9n\u00e9rale de la pr\u00e9fecture de laHaute-Sa\u00f4ne, est abrog\u00e9.Article 6 : Le pr\u00e9sent arr\u00eat\u00e9 peut faire l'objet d'un recours contentieux aupr\u00e8s du tribunaladministratif de Besan\u00e7on dans un d\u00e9lai de deux mois \u00e0 compter de sa notification ou desa publication. Le tribunal administratif peut \u00eatre saisi par l'application informatique\u00ab T\u00e9l\u00e9recours citoyens \u00bb accessible par le site Internet www.telerecours.frArticle 7 : La secr\u00e9taire g\u00e9n\u00e9rale de la pr\u00e9fecture, le sous-pr\u00e9fet, secr\u00e9taire g\u00e9n\u00e9ral adjointde la pr\u00e9fecture de la Haute-Sa\u00f4ne, charg\u00e9 de mission aupr\u00e8s du pr\u00e9fet de la Haute-Sa\u00f4ne,et le sous-pr\u00e9fet de Lure sont charg\u00e9s, chacun en ce qui le concerne, de l'ex\u00e9cution dupr\u00e9sent arr\u00eat\u00e9 qui sera publi\u00e9 au recueil des actes administratifs de la pr\u00e9fecture de laHaute-Sa\u00f4ne.\nFait \u00e0 Vesoul, le 1 6 DEC. 2025\nLe pr\u00e9fet,\nSerge JACOB\nPr\u00e9fecture de Haute-Sa\u00f4ne - 70-2025-12-16-00002 - Arr\u00eat\u00e9 portant d\u00e9l\u00e9gation de signature \u00e0 Mme Annick P\u00c2QUET, secr\u00e9taire g\u00e9n\u00e9rale\nde la pr\u00e9fecture de la Haute-Sa\u00f4ne 47\nPr\u00e9fecture de Haute-Sa\u00f4ne\n70-2025-12-16-00006\nArr\u00eat\u00e9 portant d\u00e9l\u00e9gation de signature \u00e0 Mme\nC\u00e9cile LECLERCQ-POULIN, directrice des\ncollectivit\u00e9s territoriales et de la coordination\ninterminist\u00e9rielle\nPr\u00e9fecture de Haute-Sa\u00f4ne - 70-2025-12-16-00006 - Arr\u00eat\u00e9 portant d\u00e9l\u00e9gation de signature \u00e0 Mme C\u00e9cile LECLERCQ-POULIN,\ndirectrice des collectivit\u00e9s territoriales et de la coordination interminist\u00e9rielle 48\nE Direction de la citoyennet\u00e9,de l'immigration et des libert\u00e9s publiquesLH AUTE Bureau des affaires juridiquesSA\u00d4NE et du contentieux de l'EtatLibert\u00e9Egalit\u00e9Fraternit\u00e9\nARRETE PREFECTORAL n\u00b0 70-2025-portant d\u00e9l\u00e9gation de signature \u00e0 Mme C\u00e9cile LECLERCQ-POULIN,directrice des collectivit\u00e9s territoriales et de la coordination interminist\u00e9rielleLe pr\u00e9fet de la Haute-Sa\u00f4neChevalier de la L\u00e9gion d'honneurChevalier de l'ordre national du M\u00e9rite\nVU la loi n\u00b0 82-213 du 2 mars 1982 modifi\u00e9e relative aux droits et libert\u00e9s des communes,des d\u00e9partements et des r\u00e9gions ;VU le d\u00e9cret n\u00b0 2004-374 du 29 avril 2004 modifi\u00e9 relatif aux pouvoirs des pr\u00e9fets et \u00e0l'organisation et \u00e0 l'action de l'\u00c9tat dans les r\u00e9gions et les d\u00e9partements ;VU le d\u00e9cret du 23 juillet 2025 portant nomination de M. Serge JACOB, pr\u00e9fet de laHaute-Sa\u00f4ne ;VU le d\u00e9cret du 24 avril 2024 portant nomination de Mme Annick PAQUET, secr\u00e9taireg\u00e9n\u00e9rale de la pr\u00e9fecture de la Haute-Sa\u00f4ne, sous-pr\u00e9f\u00e8te de Vesoul ;VU les arr\u00eat\u00e9s minist\u00e9riels n\u00b0 U14636600252302 et U14636600252323 du 6 mai 2021portant nomination de Mme C\u00e9cile LECLERCQ-POULIN dans l'emploi fonctionnel deconseiller d'administration de l'int\u00e9rieur et de l'outre-mer, en tant que directrice descollectivit\u00e9s territoriales et de la coordination interminist\u00e9rielle \u00e0 compter du1% juillet 2021 ;VU l'arr\u00eat\u00e9 pr\u00e9fectoral n\u00b0 70-2020-12-28-051 du 28 d\u00e9cembre 2020 portant organisation dela pr\u00e9fecture de Haute-Sa\u00f4ne;Sur la proposition de la secr\u00e9taire g\u00e9n\u00e9rale de la pr\u00e9fecture;\nARRETEArticle1 : D\u00e9l\u00e9gation de signature est donn\u00e9e \u00e0 Mme C\u00e9cile LECLERCQ-POULIN,directrice des collectivit\u00e9s territoriales et de la coordination interminist\u00e9rielle de lapr\u00e9fecture, \u00e0 l'effet de signer tous actes administratifs \u00e0 l'exception :\u00a2 des actes r\u00e9glementaires;\u00a2 des actes pris en la forme d'arr\u00eat\u00e9 ;\u00a2 des d\u00e9cisions faisant grief ou attribuant un avantage financier ;* des actes administratifs faisant l'objet d'une d\u00e9l\u00e9gation au sous-pr\u00e9fet de Lure dansles mati\u00e8res int\u00e9ressant son arrondissement.\nPr\u00e9fecture de Haute-Sa\u00f4ne - 70-2025-12-16-00006 - Arr\u00eat\u00e9 portant d\u00e9l\u00e9gation de signature \u00e0 Mme C\u00e9cile LECLERCQ-POULIN,\ndirectrice des collectivit\u00e9s territoriales et de la coordination interminist\u00e9rielle 49\nEn outre, d\u00e9l\u00e9gation de signature est donn\u00e9e a Mme C\u00e9cile LECLERCQ-POULIN pour :\u00b0 assurer la pr\u00e9sidence de la commission d\u00e9partementale d'am\u00e9nagementcommercial (CDAC) en cas d'absence ou d'emp\u00e9chement d'une autorit\u00e9pr\u00e9fectorale ; |\u00b0 signer les conventions pass\u00e9es avec les collectivit\u00e9s, leurs groupements, lesassociations fonci\u00e8res, visant \u00e0 transmettre leurs actes au repr\u00e9sentant de l'Etat demani\u00e8re d\u00e9mat\u00e9rialis\u00e9e.Article 2: D\u00e9l\u00e9gation de signature est \u00e9galement donn\u00e9e \u00e0 Mme C\u00e9cileLECLERCQ-POULIN, \u00e0 l'effet de signer, au nom du pr\u00e9fet de la Haute-Sa\u00f4ne :\u00b0 programme 354 \u00abadministration territoriale \u00bb: l'expression des besoins desd\u00e9penses et la constatation du service fait, par carte achat et dans la limite de500 euros, au sein du service prescripteur \u00ab moyens et logistique Haute-Sa\u00f4ne \u00bb.Article 3: Bureau du contr\u00f4le budg\u00e9taire et de l\u00e9galit\u00e9D\u00e9l\u00e9gation est donn\u00e9e \u00e0 Mme Virginie CONTINI, cheffe du bureau du contr\u00f4le budg\u00e9taireet de l\u00e9galit\u00e9, \u00e0 l'effet de signer, dans le cadre des attributions dudit bureau :\u00b0 les extraits de documents, accus\u00e9s de r\u00e9ception, demandes de renseignements ettoutes correspondances courantes ne comportant pas une d\u00e9cision ;\u00a2 les ordres \u00e0 payer trimestriels du FCTVA ;\u00b0 la validation des arr\u00eat\u00e9s de versement FCTVA dans l'application ALICE ;\u00b0__le r\u00f4le des associations fonci\u00e8res.En cas d'absence ou d'emp\u00e9chement de Mme Virginie CONTINI, cheffe du bureau ducontr\u00f4le budg\u00e9taire et de l\u00e9galit\u00e9, la d\u00e9l\u00e9gation pr\u00e9vue au pr\u00e9sent article est donn\u00e9e \u00e0Mme Laetitia CHARNAY, adjointe \u00e0 la cheffe du bureau du contr\u00f4le budg\u00e9taire et del\u00e9galit\u00e9.Article 4: Bureau de l'appui aux collectivit\u00e9s territorialesD\u00e9l\u00e9gation est donn\u00e9e \u00e0 Mme Estelle ROSSI, adjointe \u00e0 la directrice des collectivit\u00e9sterritoriales et de la coordination interminist\u00e9rielle et cheffe du bureau de l'appui auxcollectivit\u00e9s territoriales, \u00e0 l'effet de signer, dans le cadre des attributions dudit bureau :\u00b0 les extraits de documents, accus\u00e9s de r\u00e9ception, demandes de renseignements ettoutes correspondances courantes ne comportant pas une d\u00e9cision ;\u00b0__ l'expression des besoins des d\u00e9penses des programmes 119, 112, 120, 122, 362, 363 et754 pour lesquels le pr\u00e9fet est responsable de l'unit\u00e9 op\u00e9rationnelle (RUO) ;+ la constatation du service fait concernant les d\u00e9penses des programmes 119, 112,120, 122, 362, 363 et 754 pour lesquels le pr\u00e9fet est responsable de l'unit\u00e9op\u00e9rationnelle (RUO).En cas d'absence ou d'emp\u00e9chement de Mme Estelle ROSSI, cheffe du bureau de l'appuiaux collectivit\u00e9s territoriales, la d\u00e9l\u00e9gation pr\u00e9vue au pr\u00e9sent article est donn\u00e9e \u00e0 MmeMagalie SARRE, adjointe \u00e0 la cheffe du bureau de l'appui aux collectivit\u00e9s territoriales.\nPr\u00e9fecture de Haute-Sa\u00f4ne - 70-2025-12-16-00006 - Arr\u00eat\u00e9 portant d\u00e9l\u00e9gation de signature \u00e0 Mme C\u00e9cile LECLERCQ-POULIN,\ndirectrice des collectivit\u00e9s territoriales et de la coordination interminist\u00e9rielle 50\nArticle 5: Bureau de la coordination interminist\u00e9rielleD\u00e9l\u00e9gation de signature est donn\u00e9e \u00e0 Mme Anne MARCEIX, cheffe du bureau de lacoordination interminist\u00e9rielle, a l'effet de signer, dans le cadre des attributions duditbureau:\u00b0 les extraits de documents, accus\u00e9s de r\u00e9ception, demandes de renseignements ettoutes correspondances courantes ne comportant pas une d\u00e9cision ;\u00b0 les r\u00e9c\u00e9piss\u00e9s concernant les installations class\u00e9es pour la protection del'environnement soumises \u00e0 d\u00e9claration au titre de la loi du 19 juillet 1976.En cas d'absence ou d'emp\u00e9chement de Mme Anne MARCEIX, cheffe du bureau de lacoordination interminist\u00e9rielle, la d\u00e9l\u00e9gation pr\u00e9vue au pr\u00e9sent article est donn\u00e9e \u00e0 MmeLaura MOUGIN, adjointe \u00e0 la cheffe du bureau de la coordination interminist\u00e9rielle.Article6: En cas d'absence ou d'emp\u00eachement de Mme C\u00e9cile LECLERCQ-POULIN, lad\u00e9l\u00e9gation de signature qui lui est conf\u00e9r\u00e9e \u00e0 l'article 1 du pr\u00e9sent arr\u00eat\u00e9, est exerc\u00e9e parMme Estelle ROSSI, adjointe \u00e0 la directrice des collectivit\u00e9s territoriales et de lacoordination interminist\u00e9rielle et cheffe du bureau de l'appui aux collectivit\u00e9s territoriales.Article 7: Les d\u00e9cisions et documents pris en application de la pr\u00e9sente d\u00e9l\u00e9gationdevront \u00eatre sign\u00e9s dans les formes suivantes :Pour le pr\u00e9fet et par d\u00e9l\u00e9gation :la directrice des collectivit\u00e9s territoriales,et de la coordination interminist\u00e9rielle,\nArticle8: L'arr\u00eat\u00e9 pr\u00e9fectoral n\u00b0 70-2025-09-01-00004 du 1\u00b0 septembre 2025 portantd\u00e9l\u00e9gation de signature \u00e0 Mme C\u00e9cile LECLERCQ-POULIN, directrice des collectivit\u00e9sterritoriales et de la coordination interminist\u00e9rielle, est abrog\u00e9.Article9: Le pr\u00e9sent arr\u00eat\u00e9 peut faire l'objet d'un recours contentieux aupr\u00e8s dutribunal administratif de Besan\u00e7on, dans un d\u00e9lai de deux mois \u00e0 compter de sanotification ou de sa publication. Le tribunal administratif peut \u00eatre saisi par l'applicationinformatique \u00ab T\u00e9l\u00e9recours citoyens \u00bb accessible par le site Internet www.telerecours.fr.Article 10: La secr\u00e9taire g\u00e9n\u00e9rale de la pr\u00e9fecture est charg\u00e9e de l'ex\u00e9cution du pr\u00e9sentarr\u00eat\u00e9 qui sera publi\u00e9 au recueil des actes administratifs de la pr\u00e9fecture.\nFait \u00e0 Vesoul, le \"4 \u00a7 DEC. 202\nLe pr\u00e9fet,\n7\nSerge JACOB\nPr\u00e9fecture de Haute-Sa\u00f4ne - 70-2025-12-16-00006 - Arr\u00eat\u00e9 portant d\u00e9l\u00e9gation de signature \u00e0 Mme C\u00e9cile LECLERCQ-POULIN,\ndirectrice des collectivit\u00e9s territoriales et de la coordination interminist\u00e9rielle 51\nPr\u00e9fecture de Haute-Sa\u00f4ne\n70-2025-12-15-00012\nArr\u00eat\u00e9 pr\u00e9fectoral portant cr\u00e9ation du syndicat\nSaint-Maurice pour la gestion des biens indivis\nentre les communes de Boult et Chaux-la-Loti\u00e8re\nPr\u00e9fecture de Haute-Sa\u00f4ne - 70-2025-12-15-00012 - Arr\u00eat\u00e9 pr\u00e9fectoral portant cr\u00e9ation du syndicat Saint-Maurice pour la gestion des\nbiens indivis entre les communes de Boult et Chaux-la-Loti\u00e8re 52\nPREFET Direction des collectivit\u00e9s territorialesDE LA HAUTE- et de la coordination interminist\u00e9rielleSAONELibert\u00e9Egalit\u00e9Fraternit\u00e9Arr\u00eat\u00e9 N\u00b0 40 - 2045 - 12 -A5-00012 du 45 asile ADASportant cr\u00e9ation du syndicat intercommunal a vocation unique\u00ab Syndicat Saint-Maurice \u00bb pour la gestion des biens indivisentre les communes de Boult et Chaux-la-Loti\u00e9re\nLe Pr\u00e9fet de la Haute-Sa\u00f4ne,Chevalier de la L\u00e9gion d'honneur,Chevalier de l'Ordre national du M\u00e9rite,\nVU le code g\u00e9n\u00e9ral des collectivit\u00e9s territoriales (CGCT), notamment les articles L. 5212-1 et suivants;VU le d\u00e9cret n\u00b0 2004-374 du 29 avril 2004 modifi\u00e9 relatif aux pouvoirs des pr\u00e9fets, \u00e0 l'organisation et \u00e0l'action des services de l'\u00c9tat dans les r\u00e9gions et les d\u00e9partements ;VU le d\u00e9cret du 23juillet 2025 nommant Monsieur Serge JACOB, pr\u00e9fet de la Haute-Sa\u00f4ne ;VU le d\u00e9cret du 24 avril 2024 nommant Madame Annick PAQUET, secr\u00e9taire g\u00e9n\u00e9rale de la pr\u00e9fecturede la Haute-Sa\u00f4ne ;VU l'arr\u00eat\u00e9 pr\u00e9fectoral n\u00b0 70-2025-09-01-00001 du 1er septembre 2025 portant d\u00e9l\u00e9gation de signature\u00e0 Mme Annick PAQUET, secr\u00e9taire g\u00e9n\u00e9rale de la pr\u00e9fecture de la Haute-Sa\u00f4ne ;VU le proc\u00e8s verbal du 15 janvier 1910 mentionnant l'existence d'une commission intercommunalepour la gestion du cimeti\u00e8re et de l'\u00e9glise entre Boult et Chaux-la-Loti\u00e8re ;VU le courrier de mars 1953 r\u00e9dig\u00e9 par la pr\u00e9fecture qui atteste que Chaux-la-Loti\u00e8re estcopropri\u00e9taire pour un tiers du cimeti\u00e8re de Boult ;VU la d\u00e9lib\u00e9ration n\u00b0 2025-044 du conseil municipal de la commune de Boult en date du20 novembre 2025, qui approuve la cr\u00e9ation et les statuts du \u00ab syndicat Saint-Maurice \u00bb ;VU la d\u00e9lib\u00e9ration n\u00b02025-50 du conseil municipal de la commune de Chaux-la-Loti\u00e9re du27 novembre 2025, qui approuve la cr\u00e9ation et les statuts du \u00ab syndicat Saint-Maurice \u00bb ;VU le projet de statuts du \u00ab syndicat Saint-Maurice \u00bb ;VU l'avis du Directeur d\u00e9partemental des finances publiques de la Haute-Sa\u00f4ne du 3 d\u00e9cembre 2025;CONSID\u00c9RANT que les communes se sont prononc\u00e9es de fa\u00e7on concordante sur les statuts du futur\u00ab syndicat Saint-Maurice \u00bb ;CONSID\u00c9RANT que les conditions de cr\u00e9ation du \u00absyndicat Saint-Maurice \u00bb, fix\u00e9es dans l'articleL. 5212-1 du CGCT, sont remplies ;Sur proposition de la secr\u00e9taire g\u00e9n\u00e9rale de la pr\u00e9fecture ;ARRETEArticle 1: Un syndicat regroupant les communes de Boult et Chaux-la-Loti\u00e8re, d\u00e9nomm\u00e9 \u00ab syndicatSaint-Maurice \u00bb, est constitu\u00e9. Il est comp\u00e9tent pour la gestion des biens indivis suivants :\nPREFECTURE DE LA HAUTE-SAONE 1/2BP 429 \u2014 70013 VESOUL CEDEXcourriel : prefecture@haute-saone gouv.fr\nPr\u00e9fecture de Haute-Sa\u00f4ne - 70-2025-12-15-00012 - Arr\u00eat\u00e9 pr\u00e9fectoral portant cr\u00e9ation du syndicat Saint-Maurice pour la gestion des\nbiens indivis entre les communes de Boult et Chaux-la-Loti\u00e8re 53\n- l'\u00e9glise Saint-Maurice ;- le cimeti\u00e8re;- le columbarium.Article 2 : Le syndicat a pour objet :- la prise en charge et la r\u00e9alisation des travaux de fonctionnement et l'investissement ;- la r\u00e9partition entre les collectivit\u00e9s adh\u00e9rentes des d\u00e9penses ;- la recherche des financements n\u00e9cessaires ;- l'organisation de l'exploitation des installations syndicales, le maintien du b\u00e2timent (\u00e9glise) et ducimeti\u00e8re en bon \u00e9tat d'entretien.Article 3 : Le si\u00e8ge du syndicat est fix\u00e9 \u00e0 la mairie de Boult (70190).Article 4 : Le service de gestion comptable de Gray est nomm\u00e9 en qualit\u00e9 de receveur du syndicat.Article 5 : Le syndicat est institu\u00e9 pour une dur\u00e9e illimit\u00e9e.Article 6 : Chaque commune, Boult et Chaux-la-Loti\u00e9re, est repr\u00e9sent\u00e9e au comit\u00e9 syndical par quatreconseillers municipaux soit huit au total, pour la dur\u00e9e du mandat.Article 7 : Le bureau est compos\u00e9 d'un pr\u00e9sident, d'un vice-pr\u00e9sident et d'un membre \u00e9lu de chaquecommune.\nArticle 8 : Les d\u00e9cisions du syndicat sont prises \u00e0 la majorit\u00e9 des suffrages exprim\u00e9s dans les conditionsidentiques \u00e0 celles applicables \u00e0 l'adoption des d\u00e9cisions des conseils municipaux.Article 9: La r\u00e9partition des heures de travail effectu\u00e9es par des employ\u00e9s communaux mis \u00e0disposition du syndicat sera d\u00e9finie par voie de conventions.Article 10: La r\u00e9partition des d\u00e9penses de fonctionnement et d'investissement s'effectue suivant lerecensement de la population (r\u00e9f\u00e9rence INSEE 2022) de chaque commune. Les ressources du syndicatproviennent de la participation des communes sous la forme de contributions budg\u00e9taires, pr\u00e9lev\u00e9essur les budgets communaux, et/ou de contributions fiscalis\u00e9es.Article 11: A compter de la signature du pr\u00e9sent arr\u00eat\u00e9, le syndicat Saint-Maurice sera r\u00e9gi par lesstatuts annex\u00e9s au pr\u00e9sent arr\u00eat\u00e9.Article 12: La pr\u00e9sente d\u00e9cision peut faire l'objet d'un recours contentieux devant le tribunaladministratif de Besan\u00e7on - 30 rue Charles Nodier - dans un d\u00e9lai de deux mois \u00e0 compter de sanotification ou de sa publication. Le tribunal administratif peut \u00eatre saisi par l'application informatique\u00ab T\u00e9l\u00e9recours citoyen \u00bb accessible par le site internet : www.telerecours.frArticle 13: La secr\u00e9taire g\u00e9n\u00e9rale de la pr\u00e9fecture, le directeur d\u00e9partemental des finances publiqueset les maires de chacune des communes concern\u00e9es, sont charg\u00e9s de l'ex\u00e9cution du pr\u00e9sent arr\u00eat\u00e9 quisera publi\u00e9 au recueil des actes administratifs de la pr\u00e9fecture de la Haute-Sa\u00f4ne.\nFait\u00e0 Vesoul, le 45 Saudis kOaSLe pr\u00e9fet,par d\u00e9l\u00e9gation,la secr\u00e8taire g\u00e9n\u00e9rale,|\\Annick PAQUET\nPr\u00e9fecture de Haute-Sa\u00f4ne - 70-2025-12-15-00012 - Arr\u00eat\u00e9 pr\u00e9fectoral portant cr\u00e9ation du syndicat Saint-Maurice pour la gestion des\nbiens indivis entre les communes de Boult et Chaux-la-Loti\u00e8re 54\nSyndicat SAINT-MAURICE\nVu le proc\u00e8s-verbal des commissions intercommunales de Boult et de Chaux-la-Loti\u00e8re des biens defabrique du 15 janvier 1910; .Vu la d\u00e9lib\u00e9ration du conseil municipal de la commune de Boult en date du 20 novembre 2025 ;Vu la d\u00e9lib\u00e9ration du conseil municipal de la commune de Chaux-la-Loti\u00e8re en date du ;Vu les articles L.5212-1 et suivants du code g\u00e9n\u00e9ral des collectivit\u00e9s territoriales relatifs au statut d'un\u00e9tablissement public de coop\u00e9ration intercommunale}, les communes de Boult et Chaux-la-Loti\u00e8re,afin de g\u00e9rer leurs biens paroissiaux indivis, d\u00e9cident de s'associer au sein d'un syndicat qui prend lad\u00e9nomination \u00ab Syndicat SAINT-MAURICE\u00bb et approuvent les pr\u00e9sents statuts ;ARTICLE 1 : CONSTITUTIONll est form\u00e9 entre la Commune de Boult et la Commune de Chaux-la-Loti\u00e8re un syndicat \u00e0 vocationunique qui prend la d\u00e9nomination suivante : \u00ab Syndicat SAINT-MAURICE \u00bbARTICLE 2 : OBJETLe syndicat a pour objet la gestion des biens indivis suivants :- l'\u00e9glise Saint-Maurice, et son entretien comprenant tous les travaux n\u00e9cessaires \u00e0 la conservationdu b\u00e2timent, gros \u0153uvre, ouvrage artistique et mobilier qui y sont attach\u00e9s- le cimeti\u00e8re, et son entretien et la conservation de l'accueilainsi que le colombarium, le cavurne, l'espace du souvenir et l'all\u00e9e lat\u00e9rale \u00e0 l'\u00e9glise.ARTICLE 2 : INVENTAIRE DES BIENS ET DROITS INDIVISLes biens indivis et droits des communs pr\u00e9cit\u00e9s sont situ\u00e9s sur la commune de Boult, etcomprennent :- l'\u00e9glise Saint-Maurice, cadastr\u00e9e C 1040- le cimeti\u00e8re, cadastr\u00e9 C 212Le colombarium, le cavurne et l'espace du souvenir, cadastr\u00e9s C 1118 et l'all\u00e9e lat\u00e9rale \u00e0 l'\u00e9glise sontpropri\u00e9t\u00e9s de la commune de Boult et sont mis \u00e0 disposition du syndicat.En annexe plan cadastral du cimeti\u00e8re et de l'\u00e9glise.ARTICLE 3 : DUR\u00c9ELe syndicat est institu\u00e9 pour une dur\u00e9e ind\u00e9termin\u00e9e.ARTICLE 4 : SI\u00c8GELe si\u00e8ge du syndicat est fix\u00e9 \u00e0 la mairie de Boult.Le Service de gestion comptable de Gray est nomm\u00e9 en qualit\u00e9 de receveur du syndicat.ARTICLE 5 : ORGANES DE DECISIONComit\u00e9 syndical :Chaque commune est repr\u00e9sent\u00e9e par des d\u00e9l\u00e9gu\u00e9s \u00e9lus :- 4 conseillers municipaux pour la commune de Boult\nPr\u00e9fecture de Haute-Sa\u00f4ne - 70-2025-12-15-00012 - Arr\u00eat\u00e9 pr\u00e9fectoral portant cr\u00e9ation du syndicat Saint-Maurice pour la gestion des\nbiens indivis entre les communes de Boult et Chaux-la-Loti\u00e8re 55\n- 4 conseillers municipaux pour la commune de Chaux-la-Loti\u00e9reLes d\u00e9l\u00e9gu\u00e9s sont \u00e9lus par chaque conseil municipal pour la dur\u00e9e du mandat qui leur a \u00e9t\u00e9 confi\u00e9dans la collectivit\u00e9 d'origine.Bureau :Le bureau, en tant qu'organe de gestion, est compos\u00e9 par- un pr\u00e9sident- un vice-pr\u00e9sident- un membre \u00e9lu de chaque communeLe pr\u00e9sident est charg\u00e9 de l'administration et la gestion du syndicat.ARTICLE 6 : COMP\u00c9TENCE DU SYNDICATLe syndicat est comp\u00e9tent pour- les actes relatifs \u00e0 la gestion et administration des biens indivis et des biens mis \u00e0 disposition par lacommune de Boult,- les charges induites par l'utilisation des biens : r\u00e8glement, police d'assurance, d\u00e9penses li\u00e9es \u00e0l'utilisation des biens, eau-chauffage-\u00e9lectricit\u00e9 y compris les abonnements attach\u00e9s \u00e0 ces fluides,- les recettes \u00e9manant de la vente des concessions, FCTVA, les emprunts, les subventions, lesparticipations des communes, l'\u00e9ventuelle fiscalit\u00e9 et toutes autres charges se rapportant aux biensindivis et mis \u00e0 disposition, dont le syndicat a la charge.ARTICLE 7 : EXERCICE DES POUVOIRS DU SYNDICATLes d\u00e9cisions du syndicat sont prises \u00e0 la majorit\u00e9 des suffrages exprim\u00e9s dans les conditionsidentiques \u00e0 celles applicables \u00e0 l'adoption des d\u00e9cisions des conseils municipaux.Aucune commune ne pourra se soustraire \u00e0 sa participation financi\u00e8re au syndicat, il s'agit d'uned\u00e9pense obligatoire pour les communes.ARTICLE 8 : EMPLOY\u00c9S COMMUNAUXSeuls les agents titulaires de la fonction publique ou en CDI pourront \u00eatre mis \u00e0 disposition par lescommunes au syndicat.Le secr\u00e9tariat administratif sera g\u00e9r\u00e9 par le secr\u00e9tariat de la commune de Boult. Une conventionsign\u00e9e entre le syndicat et la commune de Boult en d\u00e9finira les conditions.Les travaux d'entretien seront effectu\u00e9s par les agents techniques des communes de Boult et deChaux-La-Loti\u00e9re. Une convention sign\u00e9e entre le syndicat et les communes de Boult et Chaux-la-Loti\u00e8re en d\u00e9finira les conditions de mise \u00e0 disposition du personnel ainsi que du mat\u00e9riel \u00e0 utiliser.La mise \u00e0 disposition du personnel sera mandat\u00e9e en fonction des heures de travail effectu\u00e9es par lesagents de chaque commune.ARTICLE 9 : CONSTITUTION DU BILAN D'ENTREE- Un PV de mise \u00e0 disposition des immobilisations sera r\u00e9alis\u00e9 d\u00e8s la cl\u00f4ture comptable de l'exercice2025 des communes.\nPr\u00e9fecture de Haute-Sa\u00f4ne - 70-2025-12-15-00012 - Arr\u00eat\u00e9 pr\u00e9fectoral portant cr\u00e9ation du syndicat Saint-Maurice pour la gestion des\nbiens indivis entre les communes de Boult et Chaux-la-Loti\u00e8re 56\n- Les endettements seront transf\u00e9r\u00e9s a savoir pour Chaux-la-Loti\u00e9re 140 800 \u20ac et 284 739.09 \u20ac pourBoult (capital restant d\u00fb au 31/12/2025).ARTICLE 10 : DISPOSITIONS FINANCI\u00c8RES ET COMPTABLESLa r\u00e9partition des participations des communes, pour couvrir les d\u00e9penses de fonctionnement etd'investissement, s'effectue suivant le recensement de la population (r\u00e9f\u00e9rence INSEE 2022) dechaque commune soit, au 01/01/2026- 708 habitants pour la commune de Boult, soit 57.61%- 521 pour la commune de Chaux-la-Loti\u00e9re, soit 42.39%La r\u00e9vision des taux est r\u00e9alis\u00e9e dans les 6 mois qui suivent les \u00e9lections municipales sur la base dudernier recensement INSEE connu, dans le cadre de la modification de statuts. Aucune r\u00e9vision destaux ne sera r\u00e9alis\u00e9e en 2026.Le budget est soumis a la nomenclature M57 abr\u00e9g\u00e9.La participation des communes est fix\u00e9e chaque ann\u00e9e en fonction des taux de r\u00e9partition en vigueurdans les statuts.Le mode de recouvrement de ces participations peut \u00e9tre sous la forme de contributionsbudg\u00e9taires, pay\u00e9s sur les budgets communaux, et/ou de contributions fiscalis\u00e9es, c'est-a-dire desimpositions additionnelles aux imp\u00f4ts communaux.Chaque ann\u00e9e, une d\u00e9lib\u00e9ration du comit\u00e9 syndical acte la fiscalisation ou non des contributions descommunes membres et leurs montants respectifs. Cette d\u00e9lib\u00e9ration doit intervenir au plus tard le15 avril de l'ann\u00e9e N (le 30 avril l'ann\u00e9e des \u00e9lections) afin de fiscaliser les contributions de l'ann\u00e9e N.ARTICLE 11 : DISPOSITIONS TRANSITOIRESToutes recettes relatives aux travaux de restauration de l'Eglise \u2014 phase 1 (FCTVA, subventionsdiverses) per\u00e7ues par le syndicat \u00e0 tort seront revers\u00e9es \u00e0 la commune de Boult.ARTICLE 12 : DISSOLUTIONEn cas de dissolution du syndicat :- Les immobilisations ant\u00e9rieures au 01/01/2026 seront revers\u00e9es aux communes selon le PVde mise \u00e0 disposition des immobilisations- L'ensemble de l'actif et du passif post\u00e9rieur au 01/01/2026 seront r\u00e9partis selon la derni\u00e8recl\u00e9 de r\u00e9partition connue- Les r\u00e9sultats des sections de fonctionnement et de la section d'investissement serontr\u00e9partis selon la derni\u00e8re cl\u00e9 de r\u00e9partition connue.Fait \u00e0 Boult, le 20/11/2025\nLe maire de Boult, Le maire de Chaux-la-Loti\u00e8re,\nDominique GUIGUEN. Alexandre ORMAUX.\nPr\u00e9fecture de Haute-Sa\u00f4ne - 70-2025-12-15-00012 - Arr\u00eat\u00e9 pr\u00e9fectoral portant cr\u00e9ation du syndicat Saint-Maurice pour la gestion des\nbiens indivis entre les communes de Boult et Chaux-la-Loti\u00e8re 57\nPr\u00e9fecture de Haute-Sa\u00f4ne - 70-2025-12-15-00012 - Arr\u00eat\u00e9 pr\u00e9fectoral portant cr\u00e9ation du syndicat Saint-Maurice pour la gestion des\nbiens indivis entre les communes de Boult et Chaux-la-Loti\u00e8re 58\nPr\u00e9fecture de Haute-Sa\u00f4ne\n70-2025-12-15-00002\nArr\u00eat\u00e9 d\u00e9lestage gaz 2025\nPr\u00e9fecture de Haute-Sa\u00f4ne - 70-2025-12-15-00002 - Arr\u00eat\u00e9 d\u00e9lestage gaz 2025 59\nPREFET snp :DE LA HAUTE: Direction du cabinetSAONE Service des s\u00e9curit\u00e9sA erte A zs \u00b0, sr \u00b0\u00b0Egalit\u00e9 P\u00f4le s\u00e9curit\u00e9 civileFraternit\u00e9\nARR\u00caT\u00c9 PR\u00c9FECTORAL N\u00b070-2025-12-15-00002 du 15 d\u00e9cembre 2025fixant les listes du dispositif de d\u00e9lestage des consommateurs de gaz naturel consommantplus de 5 GWh par an\nLe pr\u00e9fet de la Haute-Sa\u00f4neChevalier de la L\u00e9gion d'honneurChevalier de l'ordre national du M\u00e9rite\nVU le code de l'\u00e9nergie, notamment ses articles L. 434-1 \u00e0 L. 434-4 et R. 434-1 \u00e0 R. 434-7;VU le d\u00e9cret n\u00b0 2004-374 modifi\u00e9 du 29 avril 2004, relatif aux pouvoirs des pr\u00e9fets, \u00e0l'organisation et \u00e0 l'action des services de l'\u00c9tat dans les r\u00e9gions et les d\u00e9partements ;VU le d\u00e9cret du 23 juillet 2025 portant nomination de M. Serge JACOB, pr\u00e9fet de laHaute-Sa\u00f4ne ;VU l'instruction du 9 octobre 2023 du directeur g\u00e9n\u00e9ral de la s\u00e9curit\u00e9 civile et de lagestion des crises et de la directrice g\u00e9n\u00e9rale de l'\u00e9nergie et du climat, relative \u00e0l'organisation du d\u00e9lestage de la consommation de gaz naturel;VU les donn\u00e9es communiqu\u00e9es par les gestionnaires de r\u00e9seaux de gaz naturel enapplication de l'article R. 434-1 du code de l'\u00e9nergie, recueillies aupr\u00e8s de chaqueconsommateur raccord\u00e9 \u00e0 leur r\u00e9seau et dont la consommation de gaz naturel a \u00e9t\u00e9sup\u00e9rieure a 5 GWh au cours de l'ann\u00e9e 2024 ;VU les avis des services consult\u00e9s, notamment celui de la direction r\u00e9gionale del'environnement, de l'am\u00e9nagement et du logement ;CONSID\u00c9RANT que, conform\u00e9ment \u00e0 l'article R. 434-4 du code de l'\u00e9nergie, le pr\u00e9fet\u00e9tablit, sur la base des informations re\u00e7ues des gestionnaires de r\u00e9seaux de transport etde distribution de gaz naturel, plusieurs listes de consommateurs de gaz naturelb\u00e9n\u00e9ficiant d'un niveau de protection en cas d'activation du d\u00e9lestage de laconsommation de gaz naturel pr\u00e9vu \u00e0 l'article R. 434-5 du code de l'\u00e9nergie;\nPr\u00e9fecture de Haute-Sa\u00f4ne - 70-2025-12-15-00002 - Arr\u00eat\u00e9 d\u00e9lestage gaz 2025 60\nCONSIDERANT la n\u00e9cessit\u00e9 de mettre a jour les listes de consommateurs de gaz de plusde 5 GWh par an, \u00e9tablies dans le cadre du pr\u00e9c\u00e9dent dispositif de d\u00e9lestage fix\u00e9 parl'arr\u00eat\u00e9 pr\u00e9fectoral n\u00b0 70-2024-12-10-00018 du 10 d\u00e9cembre 2024 ;Sur proposition du directeur r\u00e9gional de l'environnement, de l'am\u00e9nagement et dulogement de la r\u00e9gion Bourgogne - Franche-Comt\u00e9 :\nARRETE\nArticle 1: La liste des consommateurs de gaz naturel consommant plus de 5 GWh par an etexer\u00e7ant une activit\u00e9 de production d'\u00e9lectricit\u00e9 par le biais d'une centrale \u00e9lectriqued'une puissance sup\u00e9rieure a 150 m\u00e9gawatts, pr\u00e9vue par l'article R. 434-4 du code del'\u00e9nergie, n'a pas lieu d'\u00eatre \u00e9tablie en raison de l'absence de tels consommateurs dans led\u00e9partement de la Haute-Sa\u00f4ne.\nArticle 2 : En application de l'article R. 434-4 du code de l'\u00e9nergie, est arr\u00eat\u00e9e, en annexe 2,la liste des consommateurs de gaz naturel consommant plus de 5 GWh par an et assurantdes missions d'int\u00e9r\u00eat g\u00e9n\u00e9ral li\u00e9es \u00e0 la satisfaction des besoins essentiels de la nation enmati\u00e8re notamment de s\u00e9curit\u00e9, de d\u00e9fense et de sant\u00e9, ou fournissant un service dechauffage pour des sites assurant ces missions d'int\u00e9r\u00eat g\u00e9n\u00e9ral ou pour des logements,pour autant que ces consommateurs ne soient pas en mesure de passer \u00e0 d'autrescombustibles que le gaz naturel afin de fournir le service de chauffage.\nArticle 3 : En application de l'article R. 434-4 du code de l'\u00e9nergie, est arr\u00eat\u00e9e, en annexe 3,la liste des consommateurs de gaz naturel consommant plus de 5 GWh par an qui ne sontpas inscrits sur les listes mentionn\u00e9es aux alin\u00e9as pr\u00e9c\u00e9dents et qui sont susceptibles desubir des cons\u00e9quences \u00e9conomiques majeures en cas de r\u00e9duction ou d'arr\u00eat de leurconsommation de gaz naturel, ainsi que, pour chacun de ces consommateurs, le niveaud'alimentation en gaz naturel en dessous duquel ces cons\u00e9quences \u00e9conomiques majeuressont susceptibles d'\u00eatre observ\u00e9es.\nArticle 4 : Les consommateurs inscrits sur les listes d\u00e9finies \u00e0 l'article 2 et \u00e0 l'article 3 dupr\u00e9sent arr\u00eat\u00e9 sont avis\u00e9s de leur inscription.\nArticle 5 : Les listes d\u00e9finies \u00e0 l'article 2 et \u00e0 l'article 3 du pr\u00e9sent arr\u00eat\u00e9 sont transmisesaux gestionnaires du r\u00e9seau de gaz naturel.\nArticle 6 : L'arr\u00eat\u00e9 pr\u00e9fectoral n\u00b0 70-2024-12-10-00018 du 10 d\u00e9cembre 2024 fixant les listes dudispositif de d\u00e9lestage des consommateurs de gaz naturel consommant plus de 5GWh par an dud\u00e9partement de la Haute-Sa\u00f4ne est abrog\u00e9.\nPr\u00e9fecture de Haute-Sa\u00f4ne - 70-2025-12-15-00002 - Arr\u00eat\u00e9 d\u00e9lestage gaz 2025 61\nArticle 7: Le pr\u00e9sent arr\u00e9t\u00e9 sera publi\u00e9 au recueil des actes administratifs de la pr\u00e9fecturede la Haute-Sa\u00f4ne a l'exception de ses annexes.\nArticle 8: La pr\u00e9sente d\u00e9cision peut \u00e9tre contest\u00e9e selon les voies de recours et dans lesd\u00e9lais mentionn\u00e9s ci-dessous (1).\nArticle 9: Le directeur de cabinet du pr\u00e9fet de la Haute-Sa\u00f4ne, le directeur r\u00e9gional del'environnement, de l'am\u00e9nagement et du logement de la r\u00e9gionBourgogne - Franche-Comt\u00e9 et les gestionnaires des r\u00e9seaux de transport et dedistribution de gaz naturel sont charg\u00e9s, chacun en ce qui le concerne, de l'ex\u00e9cution dupr\u00e9sent arr\u00eat\u00e9.\nLe pr sfet,\nSerge JACOB\n(1) Dans un d\u00e9lai de deux mois \u00e0 compter de la date de notification de la pr\u00e9sente d\u00e9cision, les recours suivants peuvent \u00eatre introduits,conform\u00e9ment aux dispositions de l'article R. 421-1 et suivants du code dejustice administrative et du Livre IV du Code des relations entre lepublic et l'administration :- Un recours gracieux, adress\u00e9 \u00e0 M. le pr\u00e9fet de la Haute-Sa\u00f4ne, direction du cabinet, service des s\u00e9curit\u00e9s,1 rue de la Pr\u00e9fecture BP 429 70 013 VESOUL CEDEX;- Un recours hi\u00e9rarchique, adress\u00e9 \u00e0 la ministre de la transition \u00e9cologique ;Dans ces deux cas, le silence de l'Administration vaut rejet implicite au terme d'un d\u00e9lai de deux mois. Apr\u00e8s un recours gracieux ouhi\u00e9rarchique, le d\u00e9lai du recours contentieux ne court qu'\u00e0 compter du rejet explicite ou implicite de l'un de ces recours. Pour les tiers, ced\u00e9lai court \u00e0 compter de l'accomplissement des mesures de publicit\u00e9.- Un recours contentieux, en saisissant le Tribunal administratif de Besan\u00e7on30 rue Charles Nodier 25044 BESANCON CEDEX 3.Le tribunal administratif peut \u00eatre saisi via l'application informatique T\u00e9l\u00e9recours accessible par le site internet www.telerecours.fr\"\nPr\u00e9fecture de Haute-Sa\u00f4ne - 70-2025-12-15-00002 - Arr\u00eat\u00e9 d\u00e9lestage gaz 2025 62\nPr\u00e9fecture de Haute-Sa\u00f4ne - 70-2025-12-15-00002 - Arr\u00eat\u00e9 d\u00e9lestage gaz 2025 63\nPr\u00e9fecture de Haute-Sa\u00f4ne\n70-2025-12-12-00008\nArr\u00eat\u00e9 portant approbation du plan de\nprotection externe de l'installation prioritaire de\nd\u00e9fense (IPD) identifi\u00e9 sous le num\u00e9ro\ntriplet\u00a0070 283 001\nPr\u00e9fecture de Haute-Sa\u00f4ne - 70-2025-12-12-00008 - Arr\u00eat\u00e9 portant approbation du plan de protection externe de l'installation\nprioritaire de d\u00e9fense (IPD) identifi\u00e9 sous le num\u00e9ro triplet\u00a0070 283 001 64\nDirection du CabinetPREFET ni trsDE LA HAUTE- Service des s\u00e9curit\u00e9sSA\u00d4NELibert\u00e9Egalit\u00e9Fraternit\u00e9 Arr\u00eat\u00e9 n\u00b070-2025-12-12-00008portant approbation du plan de protection externe de l'installation prioritaire de d\u00e9fense\nVU\nVUVU\nVUVUVUVU\nVUVU\nVU\nVU\nSur\n(IPD) identifi\u00e9 sous le num\u00e9ro triplet 070 283 001\nLe pr\u00e9fet de la Haute-Sa\u00f4neChevalier de la L\u00e9gion d'honneurChevalier de l'ordre national du M\u00e9rite\nLa note n\u00b083/EMIZ/SG/CD du 7 d\u00e9cembre 2020 concernant le r\u00e9pertoired\u00e9partemental des points d'importance vitale de la zone Est et l'extrait de la based\u00e9partemental DIVA;l'instruction g\u00e9n\u00e9rale interminist\u00e9rielle relative \u00e0 la s\u00e9curit\u00e9 des activit\u00e9sd'importance vitale (SAIV) n\u00b0 6600/SGDN/PSE/PPS du 7 janvier 2014 ;l'instruction minist\u00e9rielle n\u00b0 1544/DEF/CAB/DR du 17 janvier 2017, version amend\u00e9ele 10 ao\u00fbt 2020, relative \u00e0 la d\u00e9fense-s\u00e9curit\u00e9 des activit\u00e9s, moyens et installationsrelevant du ministre de la d\u00e9fense;la DNS-AME approuv\u00e9e par l'arr\u00eat\u00e9 du Premier ministre du 2juillet 2018 ;la directive de s\u00e9curit\u00e9 \u00ab activit\u00e9 militaire de l'\u00c9tat\u00bb n\u00b0 59/ARM/DPID/CD-SF du10 octobre 2018 ;le d\u00e9cret du 11 octobre 2010 portant d\u00e9signation des IPD et d\u00e9limitant des secteursde s\u00e9curit\u00e9 ;le d\u00e9cret n\u00b0 2044-374 du 29 avril 2004 modifi\u00e9 relatif aux pouvoirs des pr\u00e9fets, \u00e0l'organisation et \u00e0 l'action des services de l'\u00c9tat dans les r\u00e9gions et lesd\u00e9partements ;le d\u00e9cret du 23juillet 2025 portant nomination de M. Serge JACOB, pr\u00e9fet de laHaute-Sa\u00f4ne ;l'arr\u00eat\u00e9 pr\u00e9fectoral PREF-DSC-I-2013 n\u00b0 300 du 6 mars 2013 portant approbation duplan de protection externe de l'installation prioritaire de d\u00e9fense (IPD) identifi\u00e9esous le num\u00e9ro triplet 070 283 001;le plan de s\u00e9curit\u00e9 op\u00e9rateur (PSO) - Air approuv\u00e9 sous le timbren\u00b0 08/ARM/EMAAE/SCAc/B.DEFSEC/S-SF en date du 20 d\u00e9cembre 2021 et amend\u00e9par la note n\u00b0 04/ARM/EMAAE/SCAc/B.DEFSEC/S-SF du 16 juin 2022 ;le plan particulier de protection (PPP) approuv\u00e9 par I'EMAAE sous le timbren\u00b0 501048/ARM/EMAA/SCAc/DR du 04 avril 2019 ;proposition du sous-pr\u00e9fet, directeur de cabinet du pr\u00e9fet ;\nPr\u00e9fecture de Haute-Sa\u00f4ne - 70-2025-12-12-00008 - Arr\u00eat\u00e9 portant approbation du plan de protection externe de l'installation\nprioritaire de d\u00e9fense (IPD) identifi\u00e9 sous le num\u00e9ro triplet\u00a0070 283 001 65\nARRETE\nArticle 1: L'arr\u00eat\u00e9 pr\u00e9fectoral n\u00b0 70-2020-01-29-002 portant approbation du plan deprotection externe de l'installation prioritaire de d\u00e9fense (IPD), identifi\u00e9 sous le num\u00e9rotriplet 070 283 001 et modifi\u00e9 par arr\u00eat\u00e9 pr\u00e9fectoral n\u00b0 70-2021-05-17-00005, est abrog\u00e9.\nArticle 2: Les dispositions du plan de protection externe du point d'importance vitale(PIV), identifi\u00e9 sous le num\u00e9ro triplet 070 283 001, telles que d\u00e9finies dans le documentannex\u00e9 au pr\u00e9sent arr\u00eat\u00e9, sont approuv\u00e9es et applicables imm\u00e9diatement.\nArticle 3: Pour des raisons de protection du secret de la d\u00e9fense nationale, le pr\u00e9sentarr\u00eat\u00e9 et le plan de protection externe annex\u00e9 ne seront pas publi\u00e9s au recueil des actesadministratifs. |\nArticle 4 : La secr\u00e9taire g\u00e9n\u00e9rale de la pr\u00e9fecture de la Haute-Sa\u00f4ne, le sous-pr\u00e9fet de Lure,le directeur de cabinet du pr\u00e9fet de la Haute Sa\u00f4ne, le commandant de la base de d\u00e9fenseEpinal-Luxeuil et le colonel commandant le groupement de gendarmerie d\u00e9partementalede la Haute-Sa\u00f4ne sont charg\u00e9s, chacun en ce qui le concerne, de l'ex\u00e9cution du pr\u00e9sentarr\u00eat\u00e9.\nLe pr\u00e9fet\nSerge JACOB\nPr\u00e9fecture de Haute-Sa\u00f4ne - 70-2025-12-12-00008 - Arr\u00eat\u00e9 portant approbation du plan de protection externe de l'installation\nprioritaire de d\u00e9fense (IPD) identifi\u00e9 sous le num\u00e9ro triplet\u00a0070 283 001 66\nPr\u00e9fecture de Haute-Sa\u00f4ne\n70-2025-12-12-00009\nArr\u00eat\u00e9 portant approbation du plan de\nprotection externe du point d'importance vitale\n(PIV) identifi\u00e9 sous le num\u00e9ro triplet\u00a0070 101 001\nPr\u00e9fecture de Haute-Sa\u00f4ne - 70-2025-12-12-00009 - Arr\u00eat\u00e9 portant approbation du plan de protection externe du point d'importance\nvitale (PIV) identifi\u00e9 sous le num\u00e9ro triplet\u00a0070 101 001 67\nDirection du CabinetPREFET evi trsDE LA HAUTE- Service des s\u00e9curit\u00e9sSAONELibert\u00e9Egalit\u00e9Fraternit\u00e9\nArr\u00eat\u00e9 n\u00b070-2025-12-12-00009portant approbation du plan de protection externe du point d'importance vitale (PIV)\nVU\nVUVU\nVUVUVU\nVUVU\nVU\nVU\nSur\nidentifi\u00e9 sous le num\u00e9ro triplet 070 101 001\nLe pr\u00e9fet de la Haute-Sa\u00f4neChevalier de la L\u00e9gion d'honneurChevalier de l'ordre national du M\u00e9rite\nLa note n\u00b083/EMIZ/SG/CD du 7 d\u00e9cembre 2020 concernant le r\u00e9pertoired\u00e9partemental des points d'importance vitale de la zone Est et l'extrait de la based\u00e9partemental DIVA;l'instruction g\u00e9n\u00e9rale interminist\u00e9rielle relative \u00e0 la s\u00e9curit\u00e9 des activit\u00e9sd'importance vitale (SAIV) n\u00b0 6600/SGDN/PSE/PPS du 7 janvier 2014;l'instruction minist\u00e9rielle n\u00b0 1544/DEF/CAB/DR du 17janvier 2017, version amend\u00e9ele 10 ao\u00fbt 2020, relative \u00e0 la d\u00e9fense-s\u00e9curit\u00e9 des activit\u00e9s, moyens et installationsrelevant du ministre de la d\u00e9fense ;la DNS-AME approuv\u00e9e par l'arr\u00eat\u00e9 du Premier ministre du 2 juillet 2018 ;la directive de s\u00e9curit\u00e9 \u00ab activit\u00e9 militaire de l'\u00c9tat\u00bb n\u00b0 59/ARM/DPID/CD-SF du10 octobre 2018 ;le d\u00e9cret n\u00b0 2044-374 du 29 avril 2004 modifi\u00e9 relatif aux pouvoirs des pr\u00e9fets, al'organisation et a l'action des services de l'\u00c9tat dans les r\u00e9gions et lesd\u00e9partements ;le d\u00e9cret du 23 juillet 2025 portant nomination de M. Serge JACOB, pr\u00e9fet de laHaute-Sa\u00f4ne ;l'arr\u00eat\u00e9 pr\u00e9fectoral PREF-DSC-I-2013 n\u00b0 302 du 6 mars 2013 portant approbation duplan de protection externe du point d'importance vitale (PIV) identifi\u00e9 sous lenum\u00e9ro triplet 070 101 001 ;le plan de s\u00e9curit\u00e9 op\u00e9rateur (PSO) - Air approuv\u00e9 sous le timbren\u00b0 08/ARM/EMAAE/SCAc/B.DEFSEC/S-SF en date du 20 d\u00e9cembre 2021 et amend\u00e9par la note n\u00b0 04/ARM/EMAAE/SCAc/B. DEFSEC/S-SF du 16 juin 2022 ;le plan particulier de protection (PPP) approuv\u00e9 par l'EMAAE sous le timbren\u00b0 503098/DEF/EMAA/SCAc/B.EMP/DAO/DR du 30juin 2015 ;proposition du sous-pr\u00e9fet, directeur de cabinet du pr\u00e9fet ;\nPr\u00e9fecture de Haute-Sa\u00f4ne - 70-2025-12-12-00009 - Arr\u00eat\u00e9 portant approbation du plan de protection externe du point d'importance\nvitale (PIV) identifi\u00e9 sous le num\u00e9ro triplet\u00a0070 101 001 68\nARRETE\nArticle 1: L'arr\u00eat\u00e9 pr\u00e9fectoral n\u00b0 PREF-DSC-I-2013 n\u00b0302 du 6mars 2013 portantapprobation du plan de protection externe du point d'importance vitale (PIV), identifi\u00e9sous le num\u00e9ro triplet 070 101 001, est abrog\u00e9.\nArticle 2: Les dispositions du plan de protection externe du point d'importance vitale(PIV), identifi\u00e9 sous le num\u00e9ro triplet 070 101 001, telles que d\u00e9finies dans le documentannex\u00e9 au pr\u00e9sent arr\u00e9t\u00e9, sont approuv\u00e9es et applicables imm\u00e9diatement.\nArticle 3: Pour des raisons de protection du secret de la d\u00e9fense nationale, le pr\u00e9sentarr\u00e9t\u00e9 et le plan de protection externe annex\u00e9 ne seront pas publi\u00e9s au recueil des actesadministratifs.\nArticle 4 : La secr\u00e9taire g\u00e9n\u00e9rale de la pr\u00e9fecture de la Haute-Sa\u00f4ne, le sous-pr\u00e9fet de Lure,le directeur de cabinet du pr\u00e9fet de la Haute Sa\u00f4ne, le commandant de la base de d\u00e9fenseEpinal-Luxeuil et le colonel commandant le groupement de gendarmerie d\u00e9partementalede la Haute-Sa\u00f4ne sont charg\u00e9s, chacun en ce qui le concerne, de l'ex\u00e9cution du pr\u00e9sentarr\u00eat\u00e9.\nFATFait\u00e0 Vesoul, le j\u00e9 GEL. 2025\nLe pr\u00e9fet\nSerge JACOB\nPr\u00e9fecture de Haute-Sa\u00f4ne - 70-2025-12-12-00009 - Arr\u00eat\u00e9 portant approbation du plan de protection externe du point d'importance\nvitale (PIV) identifi\u00e9 sous le num\u00e9ro triplet\u00a0070 101 001 69\nSous-Pr\u00e9fecture de Lure\n70-2025-12-15-00001\nArr\u00eat\u00e9 pr\u00e9fectoral attribuant la m\u00e9daille de\nbronze de la jeunesse, des sports et de\nl'engagement associatif - promotion du 01-01-26\nSous-Pr\u00e9fecture de Lure - 70-2025-12-15-00001 - Arr\u00eat\u00e9 pr\u00e9fectoral attribuant la m\u00e9daille de bronze de la jeunesse, des sports et de\nl'engagement associatif - promotion du 01-01-26 70\nPREFETDE LA HAUTE- Sous-pr\u00e9fecture de LureSAGE P\u00f4le r\u00e9glementation\u00c9galit\u00e9 et coh\u00e9sion socialeFraternit\u00e9\nArr\u00eat\u00e9 N\u00b0Portant attribution de la m\u00e9daille de bronze de la jeunesse, des sports et de l'engagement\nVU\nVU\nVU\nVU\nVU\nVU\nVU\nVU\nVU\nassociatif, au titre de la promotion du 01 janvier 2026\nLe pr\u00e9fet de la Haute-Sa\u00f4neChevalier de la L\u00e9gion d'honneurChevalier de l'Ordre national du M\u00e9rite\nle d\u00e9cret n\u00b069-942 du 14 octobre 1969, modifi\u00e9, relatif aux caract\u00e9ristiques et aux modalit\u00e9sd'attribution de la m\u00e9daille de la jeunesse et des sports ;le d\u00e9cret 83-1035 du 22 novembre 1983 portant modification du d\u00e9cret n\u00b0 69-942 du14 octobre 1969, modifi\u00e9, relatif aux caract\u00e9ristiques et aux modalit\u00e9s d'attribution de lam\u00e9daille de la jeunesse et des sports ;le d\u00e9cret n\u00b02013-1191 du 18 d\u00e9cembre 2013 modifiant le d\u00e9cret n\u00b069-942 du 14 octobre 1969modifi\u00e9, relatif aux caract\u00e9ristiques et aux modalit\u00e9s d'attribution de la m\u00e9daille de lajeunesse et des sports ;l'arr\u00eat\u00e9 minist\u00e9riel du 5 octobre 1987 fixant les modalit\u00e9s d'application du d\u00e9cret n\u00b0 83-1035du 22 novembre 1983 portant attribution de la m\u00e9daille de bronze de la jeunesse et des sportset notamment son article 1\u00b0 portant d\u00e9concentration des d\u00e9cisions d'attribution de lam\u00e9daille de bronze de la jeunesse et des sports ;l'arr\u00eat\u00e9 pr\u00e9fectoral n\u00b02016-159 du 28 juin 2016 portant cr\u00e9ation et composition de lacommission d\u00e9partementale charg\u00e9e d'examiner les candidatures \u00e0 la m\u00e9daille de bronze dela jeunesse, des sports et de l'engagement associatif;l'arr\u00eat\u00e9 pr\u00e9fectoral n\u00b0 70-2021-12-16-00003 du 16 d\u00e9cembre 2021 portant renouvellement desmembres de la commission d\u00e9partementale charg\u00e9e d'examiner les candidatures \u00e0 la m\u00e9daillede bronze de la jeunesse, des sports et de l'engagement associatif;le d\u00e9cret du 23 juillet 2025 portant nomination de Monsieur Serge JACOB, pr\u00e9fet dela Haute -Sa\u00f4ne ;le d\u00e9cret du 02 ao\u00fbt 2023 portant nomination de Monsieur Pierrick LOZ\u00c9, sous-pr\u00e9fet del'arrondissement de Lure;l'avis de la commission d\u00e9partementale du 16 octobre 2025, charg\u00e9e d'examiner lescandidatures \u00e0 la m\u00e9daille de bronze de la jeunesse, des sports et de l'engagement associatif;CONSID\u00c9RANT que les int\u00e9ress\u00e9s se sont distingu\u00e9s d'une mani\u00e8re particuli\u00e8rement honorable au\nSur\nservice de l'\u00e9ducation physique et des sports, des mouvements de jeunesse et des activit\u00e9ssocio-\u00e9ducatives, des \u0153uvres de plein air, des activit\u00e9s de loisir social et de l'\u00e9ducationpopulaire ou d'activit\u00e9s associatives au service de l'int\u00e9r\u00eat g\u00e9n\u00e9ral ;la proposition du sous-pr\u00e9fet de l'arrondissement de Lure :\nSous-Pr\u00e9fecture de Lure - 70-2025-12-15-00001 - Arr\u00eat\u00e9 pr\u00e9fectoral attribuant la m\u00e9daille de bronze de la jeunesse, des sports et de\nl'engagement associatif - promotion du 01-01-26 71\nARRETE\nArticle 1: La m\u00e9daille de la jeunesse, des sports et de l'engagement associatif, \u00e9chelon BRONZE estd\u00e9cern\u00e9e aux personnes dont les noms suivent :- Madame Emilie JOURDY, membre du comit\u00e9 directeur \u00e0 \u00ab AGM GYM \u00bb ;- Madame Alexandra THOMAS, membre du comit\u00e9 directeur a \u00ab AGM GYM \u00bb ;- Madame Emilie BIZE, membre du comit\u00e9 directeur \u00e0 |' \u00ab Association sportive PSA \u00bb de Vesoul \u00bb ;- Monsieur Laurent BELLET, organisateur et animateur de l'\u00ab Office national des combattants etvictimes de guerre a Vesoul \u00bb ;- Monsieur Hamid ZOUGGARI, membre du conseil d'administration au \u00ab comit\u00e9 de vigilance pour lemaintien du service public \u00bb a Lure ;- Monsieur Nicolas MACHIN, vice-pr\u00e9sident \u00e0 l'\u00ab Union nationale des combattants\u00bb et d\u00e9l\u00e9gu\u00e9d\u00e9partemental adjoint \u00e0 \u00ab ANOPEX de Haute-Sa\u00f4ne \u00bb.Article 2: Le pr\u00e9sent arr\u00eat\u00e9 peut faire l'objet soit d'un recours administratif, soit d'un recourscontentieux devant le tribunal administratif de Besan\u00e7on, 30 rue Charles Nodier \u2014 25044 BESANCONCedex 3, dans un d\u00e9lai de deux mois \u00e0 compter de sa publication au recueil des actes administratifsde la Pr\u00e9fecture de la Haute-Sa\u00f4ne. Le tribunal administratif peut \u00eatre saisi via l'applicationinformatique \u00ab T\u00e9l\u00e9recours citoyens \u00bb accessible sur le site internet www.telerecours.frArticle 3: Monsieur le sous-pr\u00e9fet de l'arrondissement de Lure est charg\u00e9 de l'ex\u00e9cution du pr\u00e9sentarr\u00eat\u00e9 qui sera publi\u00e9 au recueil des actes administratifs de la pr\u00e9fecture de la Haute-Sa\u00f4ne.\nFait\u00e0 Lure, le {5 DEC. 2025\nPour le pr\u00e9fet,Le sous-pr\u00e9fet de l'arrondissement de LureD)\nPierrick LOZ\u00c9\nw+ Mm\nSous-Pr\u00e9fecture de Lure - 70-2025-12-15-00001 - Arr\u00eat\u00e9 pr\u00e9fectoral attribuant la m\u00e9daille de bronze de la jeunesse, des sports et de\nl'engagement associatif - promotion du 01-01-26 72\nSous-Pr\u00e9fecture de Lure\n70-2025-12-15-00005\nArr\u00eat\u00e9 pr\u00e9fectoral attribuant la m\u00e9daille\nd'honneur des soci\u00e9t\u00e9s musicales et chorales\n\u00e0 l'occasion de la promotion du 01-01-26\nSous-Pr\u00e9fecture de Lure - 70-2025-12-15-00005 - Arr\u00eat\u00e9 pr\u00e9fectoral attribuant la m\u00e9daille d'honneur des soci\u00e9t\u00e9s musicales et chorales\n\u00e0 l'occasion de la promotion du 01-01-26 73\nPREFAH AUTE Sous-Pr\u00e9fecture de LureSAONE | P\u00f4le R\u00e9glementationLibert\u00e9 et Coh\u00e9sion SocialeEgalit\u00e9Fraternit\u00e9\nArr\u00eat\u00e9 N\u00b0Portant attribution de la m\u00e9daille d'honneur des soci\u00e9t\u00e9s musicales et chorales\u00e0 l'occasion de la promotion du 01 janvier 2026\nLe pr\u00e9fet de la Haute-Sa\u00f4neChevalier de la L\u00e9gion d'honneurChevalier de l'Ordre national du M\u00e9rite\nVU le d\u00e9cret n\u00b02020-977 du 03 ao\u00fbt 2020 relatif \u00e0 la m\u00e9daille d'honneur des soci\u00e9t\u00e9smusicales et chorales;VU l'arr\u00eat\u00e9 du 06 octobre 2020 relatif aux pi\u00e8ces constitutives des dossiers de demandede la m\u00e9daille d'honneur des soci\u00e9t\u00e9s musicales et chorales ;VU le d\u00e9cret du 23juillet 2025 portant nomination de Monsieur Serge JACOB, pr\u00e9fet de laHaute-Sa\u00f4ne ;VU le d\u00e9cret du 02 ao\u00fbt 2023 portant nomination de Monsieur Pierrick LOZ\u00c9, sous-pr\u00e9fetde l'arrondissement de Lure ;Vu l'arr\u00eat\u00e9 pr\u00e9fectoral n\u00b070-2025-09-01-00007 du 01 septembre 2025 portant d\u00e9l\u00e9gationde signature \u00e0 Monsieur Pierrick LOZE, sous-pr\u00e9fet de l'arrondissement de Lure;Sur la proposition du sous-pr\u00e9fet de l'arrondissement de Lure :ARRETEArticle 1\u00b0 : La m\u00e9daille la m\u00e9daille d'honneur des soci\u00e9t\u00e9s musicales et chorales est attribu\u00e9eaux personnes dont les noms suivent :- Mme Isabelle BARTHELEMYMusicienne \u00e0 la Batterie Fanfare des Sapeurs-Pompiers de Villersexel ;- M. Jean BARTHELEMYMusicien a la Batterie Fanfare des Sapeurs-Pompiers de Villersexel ;- Mme Marie BARTHELEMYMusicienne a la Batterie Fanfare des Sapeurs-Pompiers de Villersexel ;- M. Ludovic BOLOTMusicien a la Batterie Fanfare des Sapeurs-Pompiers de Villersexel ;\nsite INTErNET | NCTDS!/ /WWW .NAVUTE-SAONe.ZOUV.IT\nSous-Pr\u00e9fecture de Lure - 70-2025-12-15-00005 - Arr\u00eat\u00e9 pr\u00e9fectoral attribuant la m\u00e9daille d'honneur des soci\u00e9t\u00e9s musicales et chorales\n\u00e0 l'occasion de la promotion du 01-01-26 74\n- M. Jean-Pierre CIETMusicien a la Batterie Fanfare des Sapeurs-Pompiers de Villersexel ;- M. Mario DEL FIOLMusicien a la Batterie Fanfare des Sapeurs-Pompiers de Villersexel ;- M. G\u00e9rard GAYMusicien a la Batterie Fanfare des Sapeurs-Pompiers de Villersexel ;- M. Nicolas GUILLARDMusicien a la Batterie Fanfare des Sapeurs-Pompiers de Villersexel ;- M. Jean-Marc MALACHOWSKIMusicien a la Batterie Fanfare des Sapeurs-Pompiers de Villersexel ;- M. Fr\u00e9d\u00e9ric MARTINEZMusicien a la Batterie Fanfare des Sapeurs-Pompiers de Villersexel ;- M. Jean-Claude MARTINEZMusicien a la Batterie Fanfare des Sapeurs-Pompiers de Villersexel ;- M. Ren\u00e9 NARDINMusicien a la Batterie Fanfare des Sapeurs-Pompiers de Villersexel ;- M. Denis TUNISMusicien a la Batterie Fanfare des Sapeurs-Pompiers de Villersexel.Article 2 : Le pr\u00e9sent arr\u00eat\u00e9 peut faire l'objet soit d'un recours administratif, soir d'un recourscontentieux devant le tribunal administratif de Besan\u00e7on, 30 rue Charles Nodier - 25044BESANCON Cedex 3, dans un d\u00e9lai de deux mois \u00e0 compter de sa publication au recueil desactes administratifs de la Pr\u00e9fecture de la Haute-Sa\u00f4ne. Le tribunal administratif peut \u00eatresaisi via l'application informatique \u00ab T\u00e9l\u00e9recours citoyens \u00bb accessible sur le site internetwww.telerecours.frArticle 3 : Monsieur le sous-pr\u00e9fet de l'arrondissement de Lure est charg\u00e9 de l'ex\u00e9cution dupr\u00e9sent arr\u00eat\u00e9 qui sera publi\u00e9 au recueil des actes administratifs de la pr\u00e9fecture de laHaute-Sa\u00f4ne.\noyFaitaLure,le 2 \u00bb pewraw\nPour le pr\u00e9fet,Le sous-pr\u00e9fet de l'arro ement de Lure\nPierrick LOZ\u00c9\nSous-Pr\u00e9fecture de Lure - 70-2025-12-15-00005 - Arr\u00eat\u00e9 pr\u00e9fectoral attribuant la m\u00e9daille d'honneur des soci\u00e9t\u00e9s musicales et chorales\n\u00e0 l'occasion de la promotion du 01-01-26 75","date":"2025-12-16","first_seen_on":"2025-12-16T15:56:31+00:00","id":"573a09582eb91012d993ac223a96bccbeec0392cad4a2a6ef517a7d0ea78930d","name":"RAA 70-2025-153","pdf_creation_date":"2025-12-16T15:39:54+00:00","pdf_modification_date":null,"timezone":"Europe/Paris","url":"https://www.haute-saone.gouv.fr/contenu/telechargement/46398/370238/file/RAA%2070-2025-153.pdf"}
