{"administration":"pref24","administration_name":"Pr\u00e9fecture de la Dordogne","content":"PR\u00c9FET\nDE LA DORDOGNE\nRECUEIL DES ACTES\nADMINISTRATIFS\nN\u00b024-2025-057\nPUBLI\u00c9 LE 10 JUILLET 2025\nSommaire\nSous-pr\u00e9fecture de Sarlat-La-Can\u00e9da /\n24-2025-07-09-00003 - Arr\u00eat\u00e9 autorisant la captation, l'enregistrement et la\ntransmission d'images au moyen de cam\u00e9ras install\u00e9es sur des a\u00e9ronefs (2\npages) Page 3\n2\nSous-pr\u00e9fecture de Sarlat-La-Can\u00e9da\n24-2025-07-09-00003\nArr\u00eat\u00e9 autorisant la captation, l'enregistrement et la\ntransmission d'images au moyen de cam\u00e9ras\ninstall\u00e9es sur des a\u00e9ronefs\nSous-pr\u00e9fecture de Sarlat-La-Can\u00e9da - 24-2025-07-09-00003 - Arr\u00eat\u00e9 autorisant la captation, l'enregistrement et la transmission d'images au\nmoyen de cam\u00e9ras install\u00e9es sur des a\u00e9ronefs 3\nExPR\u00c9F\u00c8TEDE LADORDOGNELibert\u00e9Egalit\u00e9Fraternit\u00e9\nSOUS-PREFECTURE DE SARLAT-LA-CANEDA\nArr\u00eat\u00e9 n\u00b0 \nautorisant la captation, l'enregistrement et la transmission \nd'images au moyen de cam\u00e9ras install\u00e9es sur des a\u00e9ronefs\nLa Pr\u00e9f\u00e8te de la Dordogne, \nChevalier de la L\u00e9gion d'Honneur,\nChevalier de l'Ordre National du M\u00e9rite\nVu le code de la s\u00e9curit\u00e9 int\u00e9rieure et notamment ses articles L.242-1 \u00e0 L.242-8 et R. 242-8 \u00e0 R.242-14 ;\nVu le d\u00e9cret n\u00b02004-374 du 29 avril 2004 relatif aux pouvoirs des pr\u00e9fets, \u00e0 l'organisation et \u00e0 l'action  \ndes services de l'\u00c9tat dans les r\u00e9gions et d\u00e9partements ;\nVu  l'arr\u00eat\u00e9  pr\u00e9fectoral  de  d\u00e9l\u00e9gation  de  suppl\u00e9ance  et  d'int\u00e9rim  n\u00b0  24-2024-11-25-00006  du  25 \nnovembre 2024 donnant d\u00e9l\u00e9gation de signature \u00e0 M.Beno\u00eet LEGRAND, sous-pr\u00e9f\u00e8te de Nontron;\nVu l'arr\u00eat\u00e9 du ministre de l'int\u00e9rieur et des outre-mer, en date du 19 avril 2023 relatif au nombre  \nmaximal de cam\u00e9ras install\u00e9es sur des a\u00e9ronefs pouvant \u00eatre simultan\u00e9ment utilis\u00e9es dans chaque  \nd\u00e9partement et collectivit\u00e9 d'outre-mer ;\n                                                   \nVu la demande en date du 09 juillet 2025 formul\u00e9e par le groupement de gendarmerie de la Dordogne \nvisant \u00e0 obtenir l'autorisation de capter, d'enregistrer et de transmettre de s images au moyen d 'une \ncam\u00e9ra install\u00e9e sur un a\u00e9ronef aux fins d'assurer la s\u00e9curisation d'une op\u00e9ration \u00e0 vis\u00e9e sanitaire sur la \ncommune d'Eyzerac le 10 juillet 2025 ; \nConsid\u00e9rant la n\u00e9cessit\u00e9 de prendre toutes  dispositions n\u00e9cessaires  au maintien de l'ordre public  \npendant l'op\u00e9ration et afin d'assurer la s\u00e9curit\u00e9 des personnes pr\u00e9sentes sur le site ; \nConsid\u00e9rant que la nature et le p\u00e9rim\u00e8tre du site rendent difficiles la s\u00e9curisation de l'op\u00e9ration malgr\u00e9 \nun dispositif de s\u00e9curit\u00e9 terrestre cons\u00e9quent ;                                         \nConsid\u00e9rant que les dispositions susvis\u00e9es permettent aux forces de s\u00e9curit\u00e9 int\u00e9rieure, dans l'exercice \nde leurs missions de pr\u00e9vention des atteintes \u00e0 l'ordre public et de protection de la s\u00e9curit\u00e9 des  \npersonnes et des biens, de proc\u00e9der \u00e0 la captation, \u00e0 l'enregistrement et \u00e0 la transmission d'images au  \nmoyen de cam\u00e9ras install\u00e9es sur des a\u00e9ronefs ;\nConsid\u00e9rant que la demande porte sur l'engagement d'une cam\u00e9ra a\u00e9roport\u00e9e pendant la seule dur\u00e9e  \nde l'op\u00e9ration ; que les lieux surveill\u00e9s sont strictement limit\u00e9s au site concern\u00e9 et \u00e0 ses abords, o\u00f9 sont \nsusceptibles de se commettre les atteintes que l'usage de la cam\u00e9ra a\u00e9roport\u00e9e vise \u00e0 pr\u00e9venir ; que la \ndur\u00e9e de l'autorisation est \u00e9galement strictement limit\u00e9e \u00e0 la dur\u00e9e de l'\u00e9v\u00e8nement  ; qu'au regard des \ncirconstances sus mentionn\u00e9es, la demande n'appara\u00eet pas disproportionn\u00e9e ; \n        \nSous-pr\u00e9fecture de Sarlat-La-Can\u00e9da - 24-2025-07-09-00003 - Arr\u00eat\u00e9 autorisant la captation, l'enregistrement et la transmission d'images au\nmoyen de cam\u00e9ras install\u00e9es sur des a\u00e9ronefs 4\nSur proposition de Monsieur le Sous-pr\u00e9fet de Sarlat-la-Can\u00e9da par int\u00e9rim, Sous-pr\u00e9fet de Nontron,\nArr\u00eate\nArticle  1er \u2013 La  captation,  l'enregistrement  et  la  transmission  d'images  par  le  groupement  de \ngendarmerie de la Dordogne est autoris\u00e9e au titre de la s\u00e9curit\u00e9, en appui des personnels au sol, en vue \nde leur permettre de maintenir ou de r\u00e9tablir l'ordre public.\nArticle  2  \u2013 Le  nombre  maximal  de  cam\u00e9ras  pouvant  proc\u00e9der  simultan\u00e9ment  aux  traitements \nmentionn\u00e9s \u00e0 l'article 1er est fix\u00e9 \u00e0 une cam\u00e9ra embarqu\u00e9e sur un a\u00e9ronef de la gendarmerie t\u00e9l\u00e9-pilot\u00e9 \nDJI MAVIC 2 ZOOM, SANS VX \u2013 uniquement pour visualisation\nArticle 3 \u2013 La pr\u00e9sente autorisation est limit\u00e9e au p\u00e9rim\u00e8tre g\u00e9ographique correspondant au site de  \nl'op\u00e9ration.\nArticle 4 \u2013  La pr\u00e9sente autorisation est d\u00e9livr\u00e9e pour le 10 juillet 2025 \u00e0 compter de 7 heures du matin \npour une dur\u00e9e de 24 heures.\n  \nArticle 5  - Le registre mentionn\u00e9 \u00e0 l'article L. 242-4 du code de la s\u00e9curit\u00e9 int\u00e9rieure est transmis au  \nrepr\u00e9sentant de l'\u00c9tat dans le d\u00e9partement, \u00e0 l'issue de l'op\u00e9ration.\nArticle 6 - Le pr\u00e9sent arr\u00eat\u00e9 est publi\u00e9 au recueil des actes administratifs de la pr\u00e9fecture et peut faire  \nl'objet d'un recours devant le tribunal administratif de Bordeaux dans un d\u00e9lai de deux mois \u00e0 compter \nde sa publication.\nArticle 7 \u2013 Le sous-pr\u00e9fet, Directeur de Cabinet du Pr\u00e9fet de la Dordogne et le Colonel, commandant le \ngroupement  de  gendarmerie  de  la  Dordogne,  sont  charg\u00e9s,  chacun  en  ce  qui  le  concerne,  de \nl'ex\u00e9cution du pr\u00e9sent arr\u00eat\u00e9 qui sera publi\u00e9 au recueil des actes administratifs de la pr\u00e9fecture.\n  \n                                                                                                    Fait \u00e0 Sarlat-la-Can\u00e9da, le 9 juillet 2025\n  \n                  La pr\u00e9f\u00e8te\nP/ la pr\u00e9f\u00e8te et par d\u00e9l\u00e9gation\n                                                                                                Le sous-pr\u00e9fet de Sarlat-la-Can\u00e9da par int\u00e9rim\n  \n                  Beno\u00eet LEGRAND \n                       place Salvador Allende, 24200 SARLAT-LA-CANEDA\n  T \u00e9l : 05 53 02 24 24 \u2013 www.dordogne.gouv.fr\n                                                                             sp-sarlat@dordogne.gouv.fr \nSous-pr\u00e9fecture de Sarlat-La-Can\u00e9da - 24-2025-07-09-00003 - Arr\u00eat\u00e9 autorisant la captation, l'enregistrement et la transmission d'images au\nmoyen de cam\u00e9ras install\u00e9es sur des a\u00e9ronefs 5","date":"2025-07-10","first_seen_on":"2025-09-27T18:19:37+00:00","id":"580bbae7a268ff658c33e0593558b32560197b067d762b0c14bb8ee0548f9d0a","name":"RAA normal n\u00b07 du 10 juillet 2025","pdf_creation_date":"2025-07-10T06:46:43+00:00","pdf_modification_date":null,"timezone":"Europe/Paris","url":"https://www.dordogne.gouv.fr/contenu/telechargement/49374/384047/file/recueil-24-2025-057%20RAA%20normal%20n%C2%B07%20du%2010%20juillet%202025.pdf"}
