{"administration":"pref03","administration_name":"Pr\u00e9fecture de l\u2019Allier","content":"ALLIER\nRECUEIL DES ACTES\nADMINISTRATIFS SP\u00c9CIAL\nN\u00b003-2026-011\nPUBLI\u00c9 LE 14 JANVIER 2026\nSommaire\n03_Pr\u00e9f_Pr\u00e9fecture de l'Allier / Direction de la Coordination des\nPolitiques Publique\n03-2026-01-14-00001 - Extrait de l'arr\u00eat\u00e9 n\u00b049/2026 du 14 janvier 2026\nportant d\u00e9l\u00e9gation de signature \u00e0 Madame Florence DUFOUR,\ndirectrice du secr\u00e9tariat g\u00e9n\u00e9ral commun de l'Allier (2 pages) Page 3\n2\n03_Pr\u00e9f_Pr\u00e9fecture de l'Allier\n03-2026-01-14-00001\nExtrait de l'arr\u00eat\u00e9 n\u00b049/2026 du 14 janvier 2026\nportant d\u00e9l\u00e9gation de signature \u00e0 Madame\nFlorence DUFOUR, directrice du secr\u00e9tariat\ng\u00e9n\u00e9ral commun de l'Allier\n03_Pr\u00e9f_Pr\u00e9fecture de l'Allier - 03-2026-01-14-00001 - Extrait de l'arr\u00eat\u00e9 n\u00b049/2026 du 14 janvier 2026 portant d\u00e9l\u00e9gation de signature \u00e0\nMadame Florence DUFOUR, directrice du secr\u00e9tariat g\u00e9n\u00e9ral commun de l'Allier 3\nPREFETDE L'ALLIERLibert\u00e9Egalit\u00e9Fraternit\u00e9\nDirection de la coordination des politiques publiques\nExtrait de l'arr\u00eat\u00e9 n\u00b0 49/2026 du 14 janvier 2026\nportant d\u00e9l\u00e9gation de signature\n\u00e0 Madame Florence DUFOUR,\ndirectrice du secr\u00e9tariat g\u00e9n\u00e9ral commun de l'Allier\nArticle 1\u00a0:\u00a0D\u00e9l\u00e9gation\u00a0de\u00a0signature\u00a0est\u00a0donn\u00e9e\u00a0\u00e0\u00a0Mme Florence DUFOUR,\u00a0directrice\u00a0du\u00a0secr\u00e9tariat\ng\u00e9n\u00e9ral\u00a0commun\u00a0de\u00a0l'Allier,\u00a0\u00e0\u00a0l'effet\u00a0de\u00a0signer\u00a0tous\u00a0les\u00a0arr\u00eat\u00e9s,\u00a0d\u00e9cisions\u00a0et\u00a0correspondances\nrelatifs\u00a0aux\u00a0activit\u00e9s\u00a0de\u00a0son\u00a0service\u00a0pour\u00a0les\u00a0mati\u00e8res\u00a0\u00e9num\u00e9r\u00e9es\u00a0ci-dessous\u00a0:\u00a0\n1 GESTION DU PERSONNEL\n1-1 D\u00e9cisions\u00a0individuelles\u00a0concernant\u00a0les\u00a0fonctionnaires\u00a0et\u00a0agents\u00a0non-titulaires\u00a0exer\u00e7ant\u00a0leurs\nfonctions\u00a0au\u00a0SGCD\n1-1-1 Octroi\u00a0des\u00a0cong\u00e9s\u00a0annuels,\u00a0des\u00a0jours\u00a0de\u00a0repos\u00a0au\u00a0titre\u00a0de\u00a0l'ARTT,\u00a0des\u00a0cong\u00e9s\u00a0de\u00a0maternit\u00e9,\nde\u00a0paternit\u00e9\u00a0et\u00a0d'accueil\u00a0de\u00a0l'enfant,\u00a0d'adoption,\u00a0cong\u00e9\u00a0parental,\u00a0cong\u00e9\u00a0de\u00a0pr\u00e9sence\nparentale\u00a0et\u00a0des\u00a0cong\u00e9s\u00a0bonifi\u00e9s\n1-1-2 Octroi\u00a0et\u00a0renouvellement\u00a0des\u00a0cong\u00e9s\u00a0de\u00a0maladie\u00a0ordinaire,\u00a0cong\u00e9s\u00a0pour\u00a0invalidit\u00e9\ntemporaire\u00a0imputable\u00a0au\u00a0service,\u00a0cong\u00e9s\u00a0de\u00a0longue\u00a0maladie,\u00a0cong\u00e9s\u00a0de\u00a0longue\u00a0dur\u00e9e,\ncong\u00e9s\u00a0de\u00a0grave\u00a0maladie,\u00a0disponibilit\u00e9\u00a0pour\u00a0raison\u00a0de\u00a0sant\u00e9\n1-1-3 Autorisation\u00a0d'exercer\u00a0les\u00a0fonctions\u00a0\u00e0\u00a0temps\u00a0partiel,\u00a0y\u00a0compris\u00a0pour\u00a0raison\u00a0th\u00e9rapeutique,\nretour\u00a0dans\u00a0l'exercice\u00a0des\u00a0fonctions\u00a0\u00e0\u00a0temps\u00a0plein\n1-1-4 Imputabilit\u00e9\u00a0au\u00a0service\u00a0des\u00a0accidents\u00a0du\u00a0travail\n1-1-5 Utilisation\u00a0des\u00a0cong\u00e9s\u00a0annuels\u00a0accumul\u00e9s\u00a0sur\u00a0un\u00a0compte\u00a0\u00e9pargne\u00a0temps\n1-1-6 Octroi\u00a0des\u00a0autorisations\u00a0d'absence,\u00a0cong\u00e9s\u00a0avec\u00a0ou\u00a0traitement\u00a0et\u00a0d\u00e9charges\u00a0d'activit\u00e9\n1-1-7 Avertissement\u00a0et\u00a0bl\u00e2me\n1-1-8 Autorisation\u00a0d'exercice\u00a0d'une\u00a0activit\u00e9\u00a0accessoire\u00a0dans\u00a0le\u00a0cadre\u00a0d'un\u00a0cumul\u00a0d'activit\u00e9\n1-1-9 Autorisation\u00a0d'exercer\u00a0des\u00a0fonctions\u00a0en\u00a0t\u00e9l\u00e9travail\n1-1-10 D\u00e9cisions\u00a0relatives\u00a0\u00e0\u00a0la\u00a0r\u00e9mun\u00e9ration\u00a0des\u00a0personnels\u00a0du\u00a0SGCD\n1-1-11 \u00c9tablissement\u00a0de\u00a0la\u00a0cartographie\u00a0des\u00a0postes\u00a0du\u00a0SGCD\u00a0ouvrant\u00a0droit\u00a0\u00e0\u00a0une\u00a0Nouvelle\u00a0\nBonification\u00a0Indiciaire\u00a0et\u00a0d\u00e9cisions\u00a0individuelles\u00a0d'attribution\u00a0des\u00a0points\u00a0de\u00a0NBI\n1-11-12 Recrutement\u00a0du\u00a0personnel\u00a0contractuel\u00a0sur\u00a0le\u00a0fondement\u00a0des\u00a0articles\u00a0L.332-2,\u00a0L.332-3,\nL.332-6,\u00a0L.332-7,\u00a0L.332-8,\u00a0L.332-9\u00a0et\u00a0L.332-22\u00a0du\u00a0code\u00a0g\u00e9n\u00e9ral\u00a0de\u00a0la\u00a0fonction\u00a0publique\n2 ADMINISTRATION G\u00c9N\u00c9RALE\n2-1 Actes\u00a0de\u00a0gestion\u00a0courante\u00a0relatifs\u00a0aux\u00a0domaines\u00a0de\u00a0comp\u00e9tence\u00a0du\u00a0SGCD\n2-2 Notification\u00a0et\u00a0transmission\u00a0de\u00a0toutes\u00a0d\u00e9cisions\u00a0et\u00a0documents\u00a0courants\u00a0relatifs\u00a0aux\ndomaines\u00a0de\u00a0comp\u00e9tence\u00a0du\u00a0SGCD\n2-3 D\u00e9livrance\u00a0et\u00a0retrait\u00a0des\u00a0autorisations\u00a0de\u00a0conduire\u00a0les\u00a0v\u00e9hicules\u00a0de\u00a0service\u00a0du\u00a0SGCD\n2-4 Autorisations\u00a0de\u00a0remisage\u00a0des\u00a0v\u00e9hicules\u00a0de\u00a0service\u00a0du\u00a0SGCD\n2-5 Ordres\u00a0de\u00a0mission\u00a0ponctuels\u00a0et\u00a0permanents\u00a0sur\u00a0le\u00a0territoire\u00a0m\u00e9tropolitain\n1/2\n03_Pr\u00e9f_Pr\u00e9fecture de l'Allier - 03-2026-01-14-00001 - Extrait de l'arr\u00eat\u00e9 n\u00b049/2026 du 14 janvier 2026 portant d\u00e9l\u00e9gation de signature \u00e0\nMadame Florence DUFOUR, directrice du secr\u00e9tariat g\u00e9n\u00e9ral commun de l'Allier 4\nArticle 2 :\u00a0D\u00e9l\u00e9gation\u00a0de\u00a0signature\u00a0est\u00a0donn\u00e9e\u00a0\u00e0\u00a0Mme Florence DUFOUR,\u00a0directrice\u00a0du\u00a0secr\u00e9tariat\ng\u00e9n\u00e9ral\u00a0commun\u00a0de\u00a0l'Allier,\u00a0\u00e0\u00a0l'effet\u00a0de\u00a0signer\u00a0les\u00a0actes\u00a0\u00e9num\u00e9r\u00e9s\u00a0ci-apr\u00e8s\u00a0pour\u00a0les\u00a0agents\u00a0exer\u00e7ant\u00a0leurs\nfonctions\u00a0\u00e0\u00a0la\u00a0pr\u00e9fecture,\u00a0\u00e0\u00a0la\u00a0direction\u00a0d\u00e9partementale\u00a0des\u00a0territoires\u00a0(DDT)\u00a0et\u00a0\u00e0\u00a0la\u00a0direction\nd\u00e9partementale\u00a0de\u00a0l'emploi,\u00a0du\u00a0travail,\u00a0des\u00a0solidarit\u00e9s\u00a0et\u00a0de\u00a0la\u00a0protection\u00a0des\u00a0populations\u00a0(DDETSPP)\u00a0:\n1 GESTION DU PERSONNEL\n1-1 Octroi\u00a0et\u00a0renouvellement\u00a0des\u00a0cong\u00e9s\u00a0de\u00a0maladie\u00a0ordinaire,\u00a0cong\u00e9s\u00a0pour\u00a0invalidit\u00e9\ntemporaire\u00a0imputable\u00a0au\u00a0service,\u00a0cong\u00e9s\u00a0de\u00a0longue\u00a0maladie,\u00a0cong\u00e9s\u00a0de\u00a0longue\u00a0dur\u00e9e,\ncong\u00e9s\u00a0de\u00a0grave\u00a0maladie,\u00a0disponibilit\u00e9\u00a0pour\u00a0raison\u00a0de\u00a0sant\u00e9\n1-2 Octroi\u00a0des\u00a0cong\u00e9s\u00a0de\u00a0maternit\u00e9,\u00a0de\u00a0paternit\u00e9\u00a0et\u00a0d'accueil\u00a0de\u00a0l'enfant,\u00a0d'adoption,\u00a0cong\u00e9\nparental,\u00a0cong\u00e9\u00a0de\u00a0pr\u00e9sence\u00a0parentale,\u00a0de\u00a0proche\u00a0aidant\u00a0et\u00a0des\u00a0cong\u00e9s\u00a0bonifi\u00e9s\n1-3 D\u00e9cision\u00a0de\u00a0mise\u00a0en\u00a0disponibilit\u00e9\u00a0de\u00a0droit\u00a0ou\u00a0sur\u00a0autorisation\n1-4 Autorisation\u00a0d'exercer\u00a0les\u00a0fonctions\u00a0\u00e0\u00a0temps\u00a0partiel\u00a0y\u00a0compris\u00a0pour\u00a0raison\u00a0th\u00e9rapeutique,\u00a0\nretour\u00a0dans\u00a0l'exercice\u00a0des\u00a0fonctions\u00a0\u00e0\u00a0temps\u00a0plein\n1-5 Recrutement\u00a0du\u00a0personnel\u00a0contractuel\u00a0sur\u00a0le\u00a0fondement\u00a0des\u00a0articles\u00a0L.332-2,\u00a0L.332-3,\nL.332-6,\u00a0L.332-7,\u00a0L.332-8\u00a0et\u00a0L.332.9\u00a0et\u00a0L.332-22\u00a0du\u00a0code\u00a0g\u00e9n\u00e9ral\u00a0de\u00a0la\u00a0fonction\u00a0publique\n1-6 Octroi\u00a0des\u00a0autorisations\u00a0d'absence\u00a0pr\u00e9vues\u00a0par\u00a0un\u00a0texte\u00a0l\u00e9gislatif\u00a0ou\u00a0r\u00e9glementaire,\u00a0ou\u00a0en\nvertu\u00a0du\u00a0r\u00e8glement\u00a0int\u00e9rieur\u00a0propre\u00a0\u00e0\u00a0la\u00a0structure\u00a0dans\u00a0laquelle\u00a0l'agent\u00a0est\u00a0affect\u00e9\u00a0\u2013\nvalidation\u00a0de\u00a0l'autorisation\u00a0dans\u00a0le\u00a0logiciel\u00a0de\u00a0gestion\u00a0du\u00a0temps\u00a0propre\u00a0\u00e0\u00a0chaque\u00a0structure.\u00a0\n1-7 Notification\u00a0des\u00a0soldes\u00a0de\u00a0compte\u00a0\u00e9pargne\u00a0temps\n2 ADMINISTRATION G\u00c9N\u00c9RALE\n2-1 D\u00e9livrance\u00a0et\u00a0retrait\u00a0des\u00a0autorisations\u00a0de\u00a0conduire\u00a0les\u00a0v\u00e9hicules\u00a0de\u00a0service\n2-2 Autorisations\u00a0de\u00a0remisage\u00a0des\u00a0v\u00e9hicules\u00a0de\u00a0service\n2-3 Ordres\u00a0de\u00a0mission\u00a0ponctuels\u00a0et\u00a0permanents\u00a0sur\u00a0le\u00a0territoire\u00a0m\u00e9tropolitain\nArticle 3 :\u00a0En\u00a0cas\u00a0d'absence\u00a0ou\u00a0d'emp\u00eachement\u00a0de\u00a0Mme\u00a0Florence\u00a0DUFOUR,\u00a0directrice\u00a0du\nsecr\u00e9tariat\u00a0g\u00e9n\u00e9ral\u00a0commun\u00a0de\u00a0l'Allier,\u00a0la\u00a0d\u00e9l\u00e9gation\u00a0de\u00a0signature\u00a0qui\u00a0lui\u00a0est\u00a0consentie\u00a0aux\u00a0articles\n1\u00a0et\u00a02\u00a0du\u00a0pr\u00e9sent\u00a0arr\u00eat\u00e9\u00a0pourra\u00a0\u00eatre\u00a0exerc\u00e9e,\u00a0dans\u00a0la\u00a0limite\u00a0de\u00a0leurs\u00a0attributions\u00a0respectives,\u00a0par\u00a0les\nchefs\u00a0de\u00a0bureau\u00a0et\u00a0adjoints\u00a0aux\u00a0chefs\u00a0de\u00a0bureau\u00a0du\u00a0SGCD\u00a0plac\u00e9s\u00a0sous\u00a0son\u00a0autorit\u00e9.\u00a0\nArticle 4 :\u00a0Les\u00a0dispositions\u00a0du\u00a0pr\u00e9sent\u00a0arr\u00eat\u00e9\u00a0entrent\u00a0en\u00a0vigueur\u00a0le 15 janvier 2026.\nArticle 5\u00a0:\u00a0L'arr\u00eat\u00e9\u00a0pr\u00e9fectoral\u00a0n\u00b02926/2025\u00a0du\u00a023\u00a0d\u00e9cembre\u00a02025\u00a0portant\u00a0d\u00e9l\u00e9gation\u00a0de\u00a0signature\n\u00e0\u00a0Mme\u00a0Florence\u00a0DUFOUR,\u00a0directrice\u00a0du\u00a0secr\u00e9tariat\u00a0g\u00e9n\u00e9ral\u00a0commun\u00a0de\u00a0l'Allier,\u00a0est\u00a0abrog\u00e9.\nArticle 6 :\u00a0Un\u00a0recours\u00a0contre\u00a0le\u00a0pr\u00e9sent\u00a0arr\u00eat\u00e9\u00a0peut\u00a0\u00eatre\u00a0form\u00e9\u00a0devant\u00a0le\u00a0Tribunal\u00a0Administratif\u00a0de\nClermont-Ferrand\u00a0dans\u00a0un\u00a0d\u00e9lai\u00a0de\u00a0deux\u00a0mois\u00a0\u00e0\u00a0compter\u00a0de\u00a0sa\u00a0publication.\u00a0En\u00a0application\u00a0du\u00a0d\u00e9cret\nn\u00b0\u00a02018-251\u00a0du\u00a06\u00a0avril\u00a02018,\u00a0les\u00a0particuliers\u00a0et\u00a0les\u00a0personnes\u00a0morales\u00a0de\u00a0droit\u00a0priv\u00e9\u00a0non\u00a0repr\u00e9sent\u00e9s\u00a0par\nun\u00a0avocat\u00a0peuvent\u00a0communiquer\u00a0avec\u00a0un\u00a0Tribunal\u00a0administratif\u00a0par\u00a0la\u00a0voie\u00a0de\u00a0l'application\u00a0informatique\n\u00abT\u00e9l\u00e9recours\u00a0citoyens\u00a0\u00bb\u00a0sur\u00a0le\u00a0site\u00a0www.telerecours.fr.\nArticle 7\u00a0:\u00a0Le\u00a0secr\u00e9taire\u00a0g\u00e9n\u00e9ral\u00a0de\u00a0la\u00a0pr\u00e9fecture\u00a0de\u00a0l'Allier,\u00a0les\u00a0directeurs\u00a0d\u00e9partementaux\ninterminist\u00e9riels\u00a0et\u00a0la\u00a0directrice\u00a0du\u00a0secr\u00e9tariat\u00a0g\u00e9n\u00e9ral\u00a0commun\u00a0de\u00a0l'Allier\u00a0sont\u00a0charg\u00e9s\u00a0de\u00a0l'ex\u00e9cution\u00a0du\npr\u00e9sent\u00a0arr\u00eat\u00e9\u00a0qui\u00a0sera\u00a0publi\u00e9\u00a0au\u00a0recueil\u00a0des\u00a0actes\u00a0administratifs\u00a0de\u00a0la\u00a0pr\u00e9fecture\u00a0de\u00a0l'Allier.\nLe\u00a0Pr\u00e9fet\nSign\u00e9\nChristophe\u00a0NO\u00cbL\u00a0du\u00a0PAYRAT\n2/2\n03_Pr\u00e9f_Pr\u00e9fecture de l'Allier - 03-2026-01-14-00001 - Extrait de l'arr\u00eat\u00e9 n\u00b049/2026 du 14 janvier 2026 portant d\u00e9l\u00e9gation de signature \u00e0\nMadame Florence DUFOUR, directrice du secr\u00e9tariat g\u00e9n\u00e9ral commun de l'Allier 5","date":"2026-01-14","first_seen_on":"2026-01-14T15:04:45+00:00","id":"583e35ec55c29f2a1780d4ba17f61d9bbc235d0a0f8e78cae9bd99538efd8fb3","name":"recueil nr sp\u00e9cial - \u00e9dit\u00e9 le 14 janier 2026","pdf_creation_date":"2026-01-14T14:44:47+00:00","pdf_modification_date":null,"timezone":"Europe/Paris","url":"https://www.allier.gouv.fr/contenu/telechargement/19347/132045/file/recueil-03-2026-011-recueil-des-actes-administratifs-special.pdf"}
