{"administration":"pref83","administration_name":"Pr\u00e9fecture du Var","content":"VAR\nRECUEIL DES ACTES\nADMINISTRATIFS SP\u00c9CIAL\n(NOMINATIFS)\nN\u00b083-2024-030\nPUBLI\u00c9 LE  8 MARS 2024\nSommaire\nPr\u00e9fecture du VAR / Direction des titres d'identit\u00e9 et de l'immigration\n83-2024-02-21-00015 - Arr\u00eat\u00e9 pr\u00e9fectoral portant composition COMEX pour\n2024 (2 pages) Page 3\n2\nPr\u00e9fecture du VAR\n83-2024-02-21-00015\nArr\u00eat\u00e9 pr\u00e9fectoral portant composition COMEX\npour 2024\nPr\u00e9fecture du VAR - 83-2024-02-21-00015 - Arr\u00eat\u00e9 pr\u00e9fectoral portant composition COMEX pour 2024 3\nEx\nPREFET\nDU  VAR\nLibert\u00e9\nEgalit\u00e9\nFraternit\u00e9\nDirection des titres d'identit\u00e9 et de l'immigration\nBureau de l'Immigration\nSection DTII \u2013 MOP \nAffaire suivie par : AP\nToulon, le 21 f\u00e9vrier 2024\nARR\u00caT\u00c9 n\u00b083-2024-02-21-00015 du 21 f\u00e9vrier 2024\nRELATIF A LA COMPOSITION DE\nLA COMMISSION D\u00c9PARTEMENTALE D'EXPULSION DU VAR\nLe pr\u00e9fet du Var\nVu le code de l'entr\u00e9e et du s\u00e9jour des \u00e9trangers et du droit d'asile et notamment les articles L. 632-1 et \nR.632-7 ;\nVu la d\u00e9cision du 27 octobre 2021 de la pr\u00e9sidente du tribunal administratif de Toulon  ; \nVu la d\u00e9cision du 10 novembre 2021 de la pr\u00e9sidente du tribunal judiciaire de Toulon  ;\nVu l'ordonnance modificative du 14 f\u00e9vrier 2022 et du 27 juillet 2022 de la pr\u00e9sidente du tribunal judiciaire\nde Toulon et de la pr\u00e9sidente du tribunal administratif de Toulon  ; \nSur proposition du secr\u00e9taire g\u00e9n\u00e9ral de la pr\u00e9fecture du Var ,\nARR\u00caTE :\nArticle 1  er   : la commission d\u00e9partementale d'expulsion du Var est ainsi constitu\u00e9e pour les besoins du\nbureau de l'immigration de la pr\u00e9fecture de Toulon et du bureau de l'immigration de la sous-pr\u00e9fecture de\nDraguignan :  \nMembres : \n- Mme Sylvie MOTTES, pr\u00e9sidente du tribunal judiciaire de Toulon  ; \n- Mme Dalila FEDAL, vice-pr\u00e9sidente du tribunal judiciaire de Toulon  ;   \n- M. Jean-Marie PRIVAT, vice pr\u00e9sidente du tribunal administratif de Toulon  ;\n1/2\nPr\u00e9fecture du VAR - 83-2024-02-21-00015 - Arr\u00eat\u00e9 pr\u00e9fectoral portant composition COMEX pour 2024 4\nSuppl\u00e9ant : \n- Mme Lila MASSARI,  vice-pr\u00e9sidente du tribunal judiciaire de Toulon, suppl\u00e9ante de Mme Sylvie\nMOTTES ;\n- M. Alexey VARNEK, juge au tribunal judiciaire de Toulon, suppl\u00e9ant de Mme Dalila FEDAL\n- Mme Syvie WUSTEFELD, premier conseiller au tribunal administratif de Toulon, suppl\u00e9ant de\nM. Jean-Marie PRIVAT\n- Mme Prune HELFTER-NOAH, suppl\u00e9ante de M. Jean-Marie PRIVAT  ;\n- M. Jean-Alexandre SILVY, suppl\u00e9ant de M. Jean-Marie PRIVAT  ;  \nArticle 2 : Mme Sylvie MOTTES, pr\u00e9sidente du tribunal judiciaire de Toulon, assure la pr\u00e9sidence de la\ncommission d\u00e9partementale d'expulsion du Var.\nArticle 3 : Mme Alexandra PASINI, repr\u00e9sentante du pr\u00e9fet, assurera les fonctions de rapporteur.\nArticle 4 : Le secr\u00e9taire g\u00e9n\u00e9ral de la pr\u00e9fecture du Var est charg\u00e9 de l'ex\u00e9cution du pr\u00e9sent arr\u00eat\u00e9 qui sera\npubli\u00e9 au recueil des actes administratifs de la pr\u00e9fecture du Var.\nPour le Pr\u00e9fet et par d\u00e9l\u00e9gation\nLe secr\u00e9taire g\u00e9n\u00e9ral de pr\u00e9fecture\n                                                                                                                                                  SIGN \u00c9\n                                                                                                                                                Lucien GIUDICELLI\n                                                                                                                                                 Le 21 f\u00e9vrier 2024.\n2/2Pr\u00e9fecture du VAR - 83-2024-02-21-00015 - Arr\u00eat\u00e9 pr\u00e9fectoral portant composition COMEX pour 2024 5","date":"2024-03-08","first_seen_on":"2024-08-21T10:39:45+00:00","id":"595a5d8abbb9f411395dbad59b1831696986c3eaca40ce4566eb425148284c16","name":"RAA N\u00b0030 du 8 mars 2024","pdf_creation_date":"2024-03-08T14:11:23+00:00","pdf_modification_date":null,"timezone":"Europe/Paris","url":"https://www.var.gouv.fr/contenu/telechargement/33618/224164/file/RAA%20N%C2%B0030%20du%208%20mars%202024%20NOMINATIF.pdf"}
