{"administration":"pref21","administration_name":"Pr\u00e9fecture de C\u00f4te-d\u2019Or","content":"PR\u00c9FET\nDE LA C\u00d4TE-D'OR\nRECUEIL DES ACTES\nADMINISTRATIFS SP\u00c9CIAL\n(NOMINATIFS)\nN\u00b021-2024-128\nPUBLI\u00c9 LE 18 SEPTEMBRE 2024\nSommaire\nDirection d\u00e9partementale des territoires de la C\u00f4te-d'Or / Service de l'eau\net des risques\n21-2024-09-12-00002 - AP RETRAIT AGREMENT CL- AAPPMA La Vigilante\nRAA (2 pages) Page 3\nPr\u00e9fecture de la C\u00f4te-d'Or / Direction de l'immigration et de la\nnationalit\u00e9\n21-2024-09-17-00001 - Arr\u00eat\u00e9 pr\u00e9fectoral n\u00b0 1480 / SG du 17\nseptembre 2024 \ndonnant d\u00e9l\u00e9gation de signature \u00e0 Monsieur\nS\u00e9bastien GAUTHEY, attach\u00e9 hors classe,\n directeur de\nl'immigration et de la nationalit\u00e9 (DIN (8 pages) Page 6\nPr\u00e9fecture de la C\u00f4te-d'Or / P\u00f4le juridique inter-services\n21-2024-09-17-00002 - Arr\u00eat\u00e9 pr\u00e9fectoral N\u00b0 1481 / SG du 17\nseptembre 2024 donnant  d\u00e9l\u00e9gation de signature en mati\u00e8re de\ngestion des budgets op\u00e9rationnels\n104-111-112-113-119-122-124-129-135-137-147-148-161-163-172-181-206-207-209-215-216-217-218-219-232-303-348-349-354-357-362-363-364-380-723-754-780-833\ndes fonds europ\u00e9ens et des recettes non fiscales et son annexe 1 (30\npages) Page 15\n2\nDirection d\u00e9partementale des territoires de la\nC\u00f4te-d'Or\nService de l'eau et des risques\n21-2024-09-12-00002\nAP RETRAIT AGREMENT CL- AAPPMA La Vigilante\nRAA\nDirection d\u00e9partementale des territoires de la C\u00f4te-d'Or - 21-2024-09-12-00002 - AP RETRAIT AGREMENT CL- AAPPMA La Vigilante\nRAA 3\nExPREFETDE LACOTE-D'ORL,z'bert\u00e9Egalit\u00e9Fraternit\u00e9\nDirection d\u00e9partementale des territoires\nde la C\u00f4te-d'Or\nService de l'eau et des risques\nBureau pr\u00e9servation de la qualit\u00e9 de l'eau et\ndes milieux aquatiques\nm\u00e9l\u00a0:\u00a0ddt-ser-ope@cote-dor.gouv.fr\nArr\u00eat\u00e9 pr\u00e9fectoral n\u00b0 1452 du 12 septembre 2024 portant retrait de l'agr\u00e9ment \nde M. Christophe LECHAUVE, Pr\u00e9sident de l'Association Agr\u00e9\u00e9e de P\u00eache et de Protection\ndu Milieu Aquatique (AAPPMA) \u00ab La Vigilante de Pontailler \u00bb\nLe\u00a0pr\u00e9fet\u00a0de\u00a0la\u00a0C\u00f4te-d'Or\nVU\u00a0les\u00a0articles\u00a0R.434-26\u00a0et\u00a027\u00a0du\u00a0Code\u00a0de\u00a0l'Environnement\u00a0;\nVU\u00a0le\u00a0d\u00e9cret\u00a0n\u00b02004-374\u00a0du\u00a029\u00a0avril\u00a02004\u00a0modifi\u00e9\u00a0relatif\u00a0aux\u00a0pouvoirs\u00a0des\u00a0pr\u00e9fets,\u00a0\u00e0\nl'organisation\u00a0et\u00a0\u00e0\u00a0l'action\u00a0des\u00a0services\u00a0de\u00a0l'\u00c9tat\u00a0dans\u00a0les\u00a0r\u00e9gions\u00a0et\u00a0d\u00e9partements\u00a0;\nVU\u00a0l'arr\u00eat\u00e9\u00a0minist\u00e9riel\u00a0du\u00a016\u00a0janvier\u00a02013\u00a0modifi\u00e9\u00a0fixant\u00a0les\u00a0conditions\u00a0d'agr\u00e9ment\u00a0et\u00a0les\nstatuts\u00a0types\u00a0des\u00a0associations\u00a0agr\u00e9\u00e9es\u00a0de\u00a0p\u00eache\u00a0et\u00a0de\u00a0protection\u00a0du\u00a0milieu\u00a0aquatique\u00a0;\nVU\u00a0l'arr\u00eat\u00e9\u00a0pr\u00e9fectoral\u00a0n\u00b060\u00a0du\u00a018\u00a0janvier\u00a02022\u00a0portant\u00a0agr\u00e9ment\u00a0de\u00a0l'\u00e9lection\u00a0du\npr\u00e9sident\u00a0et\u00a0du\u00a0tr\u00e9sorier\u00a0des\u00a0associations\u00a0agr\u00e9\u00e9es\u00a0de\u00a0p\u00eache\u00a0et\u00a0de\u00a0protection\u00a0du\u00a0milieu\naquatique,\u00a0mentionnant\u00a0la\u00a0nomination\u00a0de\u00a0M.\u00a0LECHAUVE\u00a0;\nVU\u00a0l'arr\u00eat\u00e9\u00a0pr\u00e9fectoral\u00a0n\u00b01438/SG\u00a0du\u00a029\u00a0septembre\u00a02023\u00a0donnant\u00a0d\u00e9l\u00e9gation\u00a0de\u00a0signature\n\u00e0\u00a0Mme\u00a0Florence\u00a0LAUBIER,\u00a0directrice\u00a0d\u00e9partementale\u00a0des\u00a0territoires\u00a0de\u00a0C\u00f4te-d'Or,\u00a0et\nl'arr\u00eat\u00e9\u00a0n\u00b01381\u00a0du\u00a029\u00a0ao\u00fbt\u00a02024\u00a0portant\u00a0subd\u00e9l\u00e9gation\u00a0de\u00a0signature\u00a0aux\u00a0agents\u00a0de\u00a0la\ndirection\u00a0d\u00e9partementale\u00a0de\u00a0la\u00a0C\u00f4te-d'Or\u00a0;\nVU\u00a0le\u00a0courrier\u00a0de\u00a0la\u00a0F\u00e9d\u00e9ration\u00a0D\u00e9partementale\u00a0de\u00a0P\u00eache\u00a0de\u00a0demande\u00a0de\u00a0retrait\nd'agr\u00e9ment\u00a0de\u00a0M.\u00a0LECHAUVE\u00a0en\u00a0tant\u00a0que\u00a0pr\u00e9sident\u00a0de\u00a0l'AAPPMA\u00a0de\u00a0la\u00a0Vigilante\u00a0de\nPontailler,\u00a0en\u00a0date\u00a0du\u00a023\u00a0ao\u00fbt\u00a02024\u00a0;\nVU\u00a0la\u00a0proc\u00e9dure\u00a0d'audience\u00a0du\u00a0tribunal\u00a0de\u00a0police\u00a0de\u00a0Dijon\u00a0du\u00a010\u00a0juin\u00a02024\u00a0;\n1\nDirection d\u00e9partementale des territoires de la C\u00f4te-d'Or - 21-2024-09-12-00002 - AP RETRAIT AGREMENT CL- AAPPMA La Vigilante\nRAA 4\nCONSIDERANT\u00a0qu'il\u00a0appartient\u00a0au\u00a0pr\u00e9fet\u00a0de\u00a0porter\u00a0agr\u00e9ment\u00a0\u00e0\u00a0l'\u00e9lection\u00a0du\u00a0pr\u00e9sident\u00a0et\ndu\u00a0tr\u00e9sorier\u00a0des\u00a0associations\u00a0agr\u00e9\u00e9es\u00a0de\u00a0p\u00eache\u00a0et\u00a0de\u00a0protection\u00a0du\u00a0patrimoine\u00a0piscicole\u00a0;\nCONSIDERANT\u00a0que\u00a0la\u00a0proc\u00e9dure\u00a0d'audience\u00a0exclut\u00a0M.\u00a0LECHAUVE\u00a0de\u00a0l'AAPPMA\u00a0\u00ab\u00a0La\nVigilante\u00a0de\u00a0Pontailler\u00a0\u00bb\u00a0et\u00a0de\u00a0toutes\u00a0associations\u00a0de\u00a0p\u00eache\u00a0et\u00a0de\u00a0pisciculture;\nA R R \u00ca T E\nArticle 1: Retrait d'agr\u00e9ment\nL'agr\u00e9ment\u00a0accord\u00e9\u00a0dans\u00a0le\u00a0cadre\u00a0de\u00a0l'article\u00a0R434-27\u00a0du\u00a0code\u00a0de\u00a0l'environnement\u00a0\u00e0\nM.LECHAUVE\u00a0Christophe,\u00a0demeurant\u00a018\u00a0rue\u00a0du\u00a0Tremblant\u00a0\u2013\u00a021270\u00a0MAXILLY-SUR-SAONE,\nen\u00a0qualit\u00e9\u00a0de\u00a0pr\u00e9sident\u00a0de\u00a0l'AAPPMA\u00a0\u00ab\u00a0La\u00a0Vigilante\u00a0de\u00a0Pontailler\u00a0\u00bb,\u00a0est\u00a0retir\u00e9.\nArticle 2:   Voies et d\u00e9lais de recours  \nLe\u00a0pr\u00e9sent\u00a0arr\u00eat\u00e9\u00a0peut\u00a0faire\u00a0l'objet\u00a0soit\u00a0d'un\u00a0recours\u00a0gracieux\u00a0aupr\u00e8s\u00a0du\u00a0pr\u00e9fet,\u00a0soit\u00a0d'un\nrecours\u00a0contentieux\u00a0devant\u00a0le\u00a0tribunal\u00a0administratif\u00a0de\u00a0Dijon\u00a0(22\u00a0rue\u00a0d'Assas\u00a0\u2013BP\u00a061916-\n21016\u00a0Dijon\u00a0Cedex)\u00a0dans\u00a0un\u00a0d\u00e9lai\u00a0maximum\u00a0de\u00a02\u00a0mois\u00a0\u00e0\u00a0compter\u00a0de\u00a0la\u00a0date\u00a0de\u00a0publication\nau\u00a0recueil\u00a0des\u00a0actes\u00a0administratifs.\nLe\u00a0tribunal\u00a0administratif\u00a0peut\u00a0\u00eatre\u00a0saisi\u00a0par\u00a0un\u00a0recours\u00a0d\u00e9pos\u00e9\u00a0via\u00a0l'application\u00a0T\u00e9l\u00e9recours\ncitoyens\u00a0accessible\u00a0par\u00a0le\u00a0site\u00a0internet\u00a0www.telerecours.fr.\nArticle 3     : Publication et ex\u00e9cution  \nLe\u00a0secr\u00e9taire\u00a0g\u00e9n\u00e9ral\u00a0de\u00a0la\u00a0pr\u00e9fecture,\u00a0la\u00a0directrice\u00a0d\u00e9partementale\u00a0des\u00a0territoires,\u00a0le\npr\u00e9sident\u00a0de\u00a0la\u00a0f\u00e9d\u00e9ration\u00a0pour\u00a0la\u00a0p\u00eache\u00a0et\u00a0la\u00a0protection\u00a0des\u00a0milieux\u00a0aquatiques\u00a0de\u00a0la\nC\u00f4te-d'Or,\u00a0sont\u00a0charg\u00e9s,\u00a0chacun\u00a0en\u00a0ce\u00a0qui\u00a0le\u00a0concerne,\u00a0de\u00a0l'ex\u00e9cution\u00a0du\u00a0pr\u00e9sent\u00a0arr\u00eat\u00e9\nqui\u00a0sera\u00a0publi\u00e9\u00a0au\u00a0recueil\u00a0des\u00a0actes\u00a0administratifs,\u00a0et\u00a0dont\u00a0cop\u00eee\u00a0sera\u00a0envoy\u00e9e\u00a0\u00e0\u00a0la\nF\u00e9d\u00e9ration\u00a0de\u00a0P\u00eache\u00a0de\u00a0la\u00a0C\u00f4te\u00a0d'Or\u00a0et\u00a0\u00e0\u00a0l'OFB.\nFait\u00a0\u00e0\u00a0Dijon,\u00a0le\u00a012\u00a0septembre\u00a02024\nPour\u00a0le\u00a0pr\u00e9fet\u00a0et\u00a0par\u00a0d\u00e9l\u00e9gation,\nPour\u00a0la\u00a0directrice\u00a0d\u00e9partementale\u00a0des\u00a0territoires\nLa\u00a0responsable\u00a0du\u00a0bureau\u00a0pr\u00e9servation\u00a0de\u00a0la\u00a0qualit\u00e9\u00a0\nde\u00a0l'eau\u00a0et\u00a0des\u00a0milieux\u00a0aquatiques\nSIGNE\nPauline\u00a0SOUCHE-SUCHOVSKY\n2\nDirection d\u00e9partementale des territoires de la C\u00f4te-d'Or - 21-2024-09-12-00002 - AP RETRAIT AGREMENT CL- AAPPMA La Vigilante\nRAA 5\nPr\u00e9fecture de la C\u00f4te-d'Or\nDirection de l'immigration et de la nationalit\u00e9\n21-2024-09-17-00001\nArr\u00eat\u00e9 pr\u00e9fectoral n\u00b0 1480 / SG du 17 septembre\n2024 \ndonnant d\u00e9l\u00e9gation de signature \u00e0 Monsieur\nS\u00e9bastien GAUTHEY, attach\u00e9 hors classe,\n directeur de l'immigration et de la nationalit\u00e9\n(DIN\nPr\u00e9fecture de la C\u00f4te-d'Or - 21-2024-09-17-00001 - Arr\u00eat\u00e9 pr\u00e9fectoral n\u00b0 1480 / SG du 17 septembre 2024 \ndonnant d\u00e9l\u00e9gation de signature \u00e0 Monsieur S\u00e9bastien GAUTHEY, attach\u00e9 hors classe,\n directeur de l'immigration et de la nationalit\u00e9 (DIN\n6\nSECR\u00c9TARIAT G\u00c9N\u00c9RAL\nDirection de la coordination des politiques publiques\net de l'appui territorial\nArr\u00eat\u00e9 pr\u00e9fectoral n\u00b0 1480 / SG du 17 septembre 2024 \ndonnant d\u00e9l\u00e9gation de signature \u00e0 Monsieur S\u00e9bastien GAUTHEY, attach\u00e9 hors classe,\n directeur de l'immigration et de la nationalit\u00e9  (DIN)\nLe pr\u00e9fet de la C\u00f4te-d'Or\nVu la loi n\u00b0 82-213 du 2 mars 1982 modifi\u00e9e relative aux droits et libert\u00e9s des communes, des\nd\u00e9partements et des r\u00e9gions ;\nVu le d\u00e9cret n\u00b0 2004-374 du 29 avril 2004 relatif aux pouvoirs des pr\u00e9fets, \u00e0 l'organisation et \u00e0\nl'action des services de l'\u00c9tat dans les r\u00e9gions et d\u00e9partements, modifi\u00e9 par le d\u00e9cret n\u00b0 2010-146\ndu 16 f\u00e9vrier 2010 et par le d\u00e9cret n\u00b0 2010-687 du 24 juin 2010 ;\nVu le d\u00e9cret n\u00b0 2008-158 du 22 f\u00e9vrier 2008 relatif \u00e0 la suppl\u00e9ance des pr\u00e9fets de r\u00e9gion et \u00e0 la\nd\u00e9l\u00e9gation  de  signature  des  pr\u00e9fets  et  hauts-commissaires  de  la  R\u00e9publique  en  Polyn\u00e9sie\nfran\u00e7aise et en Nouvelle-Cal\u00e9donie ;\nVu le d\u00e9cret n\u00b0 2009-176 du 16 f\u00e9vrier 2009 modifiant le d\u00e9cret n\u00b0 64-805 du 29  juillet 1964 fixant\nles dispositions r\u00e9glementaires applicables aux pr\u00e9fets et le d\u00e9cret n\u00b0  2004-374 du 29 avril 2004\nrelatif aux pouvoirs des pr\u00e9fets, \u00e0 l'organisation et \u00e0 l'action des services de l'\u00c9tat dans les r\u00e9gions\net d\u00e9partements ;\nVu le d\u00e9cret du 26 septembre 2022 nommant Monsieur Franck ROBINE, pr\u00e9fet de la r\u00e9gion\nBourgogne-Franche-Comt\u00e9, pr\u00e9fet de la C\u00f4te d'Or (hors classe); \nVu l'arr\u00eat\u00e9 minist\u00e9riel du 3 mars 2021 portant nomination de Monsieur S\u00e9bastien GAUTHEY,\nattach\u00e9 hors classe, directeur de l'immigration et de la nationalit\u00e9 \u00e0 compter du 1 er janvier 2021 ;\nVu l'arr\u00eat\u00e9 pr\u00e9fectoral du 1251/SG du 18 d\u00e9cembre 2020 portant organisation des services de la\npr\u00e9fecture de la r\u00e9gion Bourgogne-Franche-Comt\u00e9, pr\u00e9fecture du d\u00e9partement de la C\u00f4te d'Or  ;\nVu  l'arr\u00eat\u00e9 pr\u00e9fectoral  n\u00b0  1110/SG du 5 juillet 2024  donnant d\u00e9l\u00e9gation de signature \u00e0  Monsieur\nS\u00e9bastien GAUTHEY, attach\u00e9 hors classe, directeur de l'immigration et de la nationalit\u00e9 (DIN)  ;\nSur proposition du secr\u00e9taire g\u00e9n\u00e9ral de la pr\u00e9fecture de la C\u00f4te-d'Or ;\nARR\u00caTE\n1/8\nPr\u00e9fecture de la C\u00f4te-d'Or - 21-2024-09-17-00001 - Arr\u00eat\u00e9 pr\u00e9fectoral n\u00b0 1480 / SG du 17 septembre 2024 \ndonnant d\u00e9l\u00e9gation de signature \u00e0 Monsieur S\u00e9bastien GAUTHEY, attach\u00e9 hors classe,\n directeur de l'immigration et de la nationalit\u00e9 (DIN\n7\nArticle 1  er     :  L'arr\u00eat\u00e9 pr\u00e9fectoral  n\u00b0  1110/SG du 5 juillet 2024  donnant d\u00e9l\u00e9gation de signature \u00e0\nMonsieur S\u00e9bastien GAUTHEY, attach\u00e9 hors classe, directeur de l'immigration et de la nationalit\u00e9\n(DIN), ainsi que toutes dispositions ant\u00e9rieures et contraires au pr\u00e9sent arr\u00eat\u00e9 sont abrog\u00e9s \u00e0\ncompter de l'entr\u00e9e en vigueur du pr\u00e9sent arr\u00eat\u00e9.\nArticle 2  : D\u00e9l\u00e9gation de signature est donn\u00e9e \u00e0  Monsieur S\u00e9bastien GAUTHEY , attach\u00e9  hors\nclasse, directeur de l'immigration de la nationalit\u00e9 en ce qui concerne :\nSERVICE D'IMMIGRATION ET D'INT\u00c9GRATION :\n\u2022 toutes  d\u00e9cisions  relatives  aux  diverses  proc\u00e9dures  d'autorisation  de  s\u00e9jour  en  France,  y\ncompris les refus de s\u00e9jour, et les refus de s\u00e9jour assortis d'une obligation de quitter le\nterritoire fran\u00e7ais ;\n\u2022 la signature des demandes de laissez-passer consulaires ;\n\u2022 la signature des courriers de saisine adress\u00e9s \u00e0 l'OFPRA (office fran\u00e7ais de protection des\nr\u00e9fugi\u00e9s et apatrides) dans le cadre des demandes d'asile pr\u00e9sent\u00e9es par des \u00e9trangers\nplac\u00e9s en centre de r\u00e9tention administrative ;\n\u2022 les demandes d'escortes pour transf\u00e9rer les \u00e9trangers en situation irr\u00e9guli\u00e8re dans un centre\nde r\u00e9tention administrative ;\n\u2022 la d\u00e9livrance et le refus de d\u00e9livrance des documents suivants   :\n\u2013 cartes de s\u00e9jour  : cartes de s\u00e9jour temporaire, cartes de s\u00e9jour pluriannuelles, cartes de\nr\u00e9sident, cartes de s\u00e9jour de ressortissant d'un \u00c9tat membre de la communaut\u00e9 europ\u00e9enne\nou de l'espace \u00e9conomique europ\u00e9en, certificat de r\u00e9sidence pour les Alg\u00e9riens, carte de\ns\u00e9jour \u00ab retrait\u00e9 \u00bb ;\n\u2013 r\u00e9c\u00e9piss\u00e9s  de  demande  de  titre  de  s\u00e9jour  et  r\u00e9c\u00e9piss\u00e9s  d\u00e9livr\u00e9s  dans  le  cadre  des\ndemandes d'asile ;\n\u2013 attestations de demandes d'asile ;\n\u2013 autorisations provisoires de s\u00e9jour ;\n\u2013 titres d'identit\u00e9 et de voyage ;\n\u2013 sauf-conduits ;\n\u2013 documents de voyage collectif pour \u00e9trangers mineurs dans le cadre de voyages scolaires  ;\n\u2013 documents de circulation pour les mineurs \u00e9trangers \u00e9tablis en France ;\n\u2013 visas de toute nature sur les passeports \u00e9trangers ;\n\u2013 les lettres d'information dans le cadre d'une proc\u00e9dure de r\u00e9admission DUBLIN ainsi que les\nconvocations DUBLIN et les laissez-passer dans le cadre d'une proc\u00e9dure de r\u00e9admission\nDUBLIN.\n\u2022 les  saisines  du  juge  des  libert\u00e9s  pour  les  demandes  de prolongation  en  r\u00e9tention\nadministrative ;\n\u2022 les saisines du juge des libert\u00e9s pour les demandes d'autorisation \u00e0 requ\u00e9rir les services de\npolice  ou  les  unit\u00e9s  de  gendarmerie  pour  qu'ils  visitent  le  domicile  de  l'\u00e9tranger  afin  de\ns'assurer de sa pr\u00e9sence et de le reconduire \u00e0 la fronti\u00e8re sur le fondement de l'article L561-2\nII du CESEDA ;\n\u2022 les saisines du juge des libert\u00e9s pour les demandes d'autorisation \u00e0 requ\u00e9rir les services de\npolice  ou  les  unit\u00e9s  de  gendarmerie  pour  qu'ils  visitent  le  domicile  de  l'\u00e9tranger  afin  de\ns'assurer de sa pr\u00e9sence et de le conduire aupr\u00e8s des autorit\u00e9s consulaires sur le fondement\nde l'article L 513-5 du CESEDA ;\n\u2022 les mandats sp\u00e9ciaux destin\u00e9s aux repr\u00e9sentants charg\u00e9s de d\u00e9fendre le pr\u00e9fet de C\u00f4te d'Or\nlors de l'examen, par le juge des libert\u00e9s et de la d\u00e9tention, des demandes de premi\u00e8re ,\ndeuxi\u00e8me, troisi\u00e8me et quatri\u00e8me prolongation de la r\u00e9tention administrative ;\n\u2022 les arr\u00eat\u00e9s de mandatement des condamnations p\u00e9cuniaires dues par l'\u00c9tat dans le cadre du\ncontentieux des \u00e9trangers ;\n\u2022 les observations \u00e9crites adress\u00e9es \u00e0 une juridiction administrative dans le cadre de recours\ncontentieux trait\u00e9s en proc\u00e9dure orale ;\n\u2022 les observations \u00e9crites adress\u00e9es \u00e0 une juridiction administrative dans le cadre de recours\ncontentieux trait\u00e9s en proc\u00e9dure \u00e9crite ;\n2/8\nPr\u00e9fecture de la C\u00f4te-d'Or - 21-2024-09-17-00001 - Arr\u00eat\u00e9 pr\u00e9fectoral n\u00b0 1480 / SG du 17 septembre 2024 \ndonnant d\u00e9l\u00e9gation de signature \u00e0 Monsieur S\u00e9bastien GAUTHEY, attach\u00e9 hors classe,\n directeur de l'immigration et de la nationalit\u00e9 (DIN\n8\n\u2022 les arr\u00eat\u00e9s pr\u00e9fectoraux d'assignation \u00e0 r\u00e9sidence ;\n\u2022 les arr\u00eat\u00e9s pr\u00e9fectoraux portant refus de s\u00e9jour et obligation de quitter le territoire fran\u00e7ais au\ntitre de l'asile assortie ou non d'un d\u00e9lai de d\u00e9part volontaire et d'une interdiction de retour.\nEn cas d'absence de tout membre du corps pr\u00e9fectoral :\n\u2013 les arr\u00eat\u00e9s de reconduite \u00e0 la fronti\u00e8re, les arr\u00eat\u00e9s de remise d'office,  les Obligations de\nQuitter  le  Territoire  Fran\u00e7ais  sans  d\u00e9lai  de  d\u00e9part  volontaire,  \u00e9ventuellement  assortis\nd'interdiction de retour, les arr\u00eat\u00e9s portant interdiction de retour seule ou les prolongations\nd'interdiction de retour, et les arr\u00eat\u00e9s portant maintien en r\u00e9tention administrative ;\n\u2013 les d\u00e9cisions et arr\u00eat\u00e9s fixant le choix du pays de destination des \u00e9trangers faisant l'objet\nd'une mesure d'\u00e9loignement du territoire fran\u00e7ais.\nPLATEFORME INTERDEPARTEMENTALE DE LA NATURALISATION :\n\u2022 les d\u00e9cisions de classement sans suite en mati\u00e8re de naturalisation et les actes relevant de la\nplateforme interd\u00e9partementale de la naturalisation.\nArticle 3 : En cas d'absence ou d'emp\u00eachement de Monsieur S\u00e9bastien GAUTHEY, la d\u00e9l\u00e9gation qui\nlui  est  conf\u00e9r\u00e9e  par  l'article  2  ci-dessus  sera  exerc\u00e9e  par  Madame  C\u00e9line  MANELLI,  attach\u00e9e\nd'administration de l'\u00c9tat, cheffe du service de l'immigration et de l'int\u00e9gration.\nEn cas d'absence concomitante de Monsieur S\u00e9bastien GAUTHEY et de Madame C\u00e9line MANELLI,\nla d\u00e9l\u00e9gation est conf\u00e9r\u00e9e \u00e0 Madame Anne DELVALLE, attach\u00e9e d'administration de l'\u00c9tat,  chef-\nadjoint du service immigration et int\u00e9gration et chef du p\u00f4le contentieux des \u00e9trangers.\nEn cas d'absence concomitante de Monsieur S\u00e9bastien GAUTHEY, de Madame C\u00e9line MANELLI, et\nde Madame Anne DELVALLE, la d\u00e9l\u00e9gation est conf\u00e9r\u00e9e \u00e0 Monsieur Jean-Christophe THUILLIER,\nattach\u00e9 d'administration de l'\u00c9tat, chef de la plateforme interd\u00e9partementale de la naturalisation.\nEn cas d'absence concomitante de Monsieur S\u00e9bastien GAUTHEY, de Madame C\u00e9line MANELLI, de\nMadame Anne DELVALLE et de Monsieur Jean-Christophe THUILLIER, la d\u00e9l\u00e9gation est conf\u00e9r\u00e9e \u00e0\nMadame Marie-Suzel TABARD, contractuelle longue dur\u00e9e, cheffe de p\u00f4le asile-\u00e9loignement.\nEn cas d'absence concomitante de Monsieur S\u00e9bastien GAUTHEY, de Madame C\u00e9line MANELLI, de\nMadame Anne DELVALLE de Monsieur  Jean-Christophe  THUILLIER et de  Madame Marie-Suzel\nTABARD, la d\u00e9l\u00e9gation est conf\u00e9r\u00e9e \u00e0 Madame Lola PINSONNEAUX, contractuelle longue dur\u00e9e,\nchef-adjoint du p\u00f4le asile-\u00e9loignement.\nEn cas d'absence concomitante de Monsieur S\u00e9bastien GAUTHEY, de Madame C\u00e9line MANELLI, de\nMadame  Anne  DELVALLE  de  Monsieur  Jean-Christophe  THUILLIER,  de  Madame  Marie-Suzel\nTABARD, de Madame Lola PINSONNEAUX, la d\u00e9l\u00e9gation est conf\u00e9r\u00e9e \u00e0 Madame Cateline ZARIC,\nagent  contractuel  en  contrat  \u00e0  dur\u00e9e  ind\u00e9termin\u00e9e,  adjointe  au  chef  de  la  plateforme\ninterd\u00e9partementale de la naturalisation.\n3/8\nPr\u00e9fecture de la C\u00f4te-d'Or - 21-2024-09-17-00001 - Arr\u00eat\u00e9 pr\u00e9fectoral n\u00b0 1480 / SG du 17 septembre 2024 \ndonnant d\u00e9l\u00e9gation de signature \u00e0 Monsieur S\u00e9bastien GAUTHEY, attach\u00e9 hors classe,\n directeur de l'immigration et de la nationalit\u00e9 (DIN\n9\nArticle  4     :  D\u00e9l\u00e9gation  est  donn\u00e9e  \u00e0    Monsieur  Jean-Christophe  THUILLIER,    attach\u00e9  \nd'administration de l'\u00c9tat, chef de la plateforme interd\u00e9partementale de la naturalisation pour     :  \n- les d\u00e9cisions de classement sans suite en mati\u00e8re de naturalisation et les actes relevant de la\nplateforme interd\u00e9partementale de la naturalisation\nEn  cas  d'absence  ou  d'emp\u00eachement  de  Monsieur  Jean-Christophe  THUILLIER,  la  d\u00e9l\u00e9gation\nconf\u00e9r\u00e9e au pr\u00e9sent article sera exerc\u00e9e Madame Cateline ZARIC, agent contractuel en contrat \u00e0\ndur\u00e9e ind\u00e9termin\u00e9e, adjointe au chef de la plateforme interd\u00e9partementale de la naturalisation.\nEn  cas  d'absence  ou  d'emp\u00eachement  de  Monsieur  Jean-Christophe  THUILLIER  et  de  Madame\nCateline  ZARIC,  la d\u00e9l\u00e9gation  conf\u00e9r\u00e9e  au  pr\u00e9sent  article  sera  exerc\u00e9e  par  Madame  B\u00e9n\u00e9dicte\nBOEUF, secr\u00e9taire administratif de classe normale.\n* D\u00e9l\u00e9gation est donn\u00e9e \u00e0 :\n\u27a2 Madame  Tatiana  BOYON,  secr\u00e9taire  administratif  de  classe  sup\u00e9rieure,  Mesdames\nB\u00e9n\u00e9dicte BOEUF, Annie DIARD, S\u00e9verine GROSSEL, Sahar HASSANI et Monsieur\nBaptiste  BOUDAULT,  secr\u00e9taires  administratifs  de  classe  normale,  Madame  Lin\nSANDAFI, contractuelle de longue dur\u00e9e, Messieurs Antoine PORRO, Josua BARRET,\nagents contractuels, pour :\n\u2022 les convocations des postulants et des d\u00e9clarants, \n\u2022 les attestations de d\u00e9p\u00f4t et les accus\u00e9s de r\u00e9ception,\n\u2022 les demandes d'enqu\u00eate,\n\u2022 les saisines des TJ et TGI, \n\u2022 les r\u00e9c\u00e9piss\u00e9s, \n\u2022 la conduite d'entretien et les compte-rendus des entretiens d'assimilation de la nationalit\u00e9\nfran\u00e7aise, \n\u2022 les retours de dossiers incomplets,\n\u2022 les correspondances courantes n'emportant pas de d\u00e9cision.\nArticle 5 :   D\u00e9l\u00e9gation est donn\u00e9e \u00e0 Madame C\u00e9line MANELLI,   cheffe du service de l'immigration et\nde l'int\u00e9gration, attach\u00e9e d'administration de l'\u00c9t  at pour     :  \n\u2022 toutes d\u00e9cisions relatives aux diverses proc\u00e9dures d'autorisation de s\u00e9jour et de refus de\ns\u00e9jour en France ;\n\u2022 la d\u00e9livrance et le refus de d\u00e9livrance des documents suivants :\n\u2013 cartes de s\u00e9jour  : cartes de s\u00e9jour temporaire, cartes de s\u00e9jour pluriannuelles, cartes de\nr\u00e9sident, cartes de s\u00e9jour de ressortissant d'un \u00c9tat membre de la communaut\u00e9 europ\u00e9enne\nou de l'Espace \u00c9conomique Europ\u00e9en, certificat de r\u00e9sidence pour les Alg\u00e9riens, carte de\ns\u00e9jour \u00ab retrait\u00e9 \u00bb ;\n\u2013 r\u00e9c\u00e9piss\u00e9s  de  demande  de  titre  de  s\u00e9jour  et  r\u00e9c\u00e9piss\u00e9s  d\u00e9livr\u00e9s  dans  le  cadre  d'une\ndemande d'asile ;\n\u2013 attestations de demandes d'asile ;\n\u2013 autorisations provisoires de s\u00e9jour ;\n\u2013 titres d'identit\u00e9 et de voyage ;\n\u2013 sauf-conduits ;\n\u2013 documents de voyage collectif pour \u00e9trangers mineurs dans le cadre de voyages scolaires  ;\n\u2013 documents de circulation pour les mineurs \u00e9trangers \u00e9tablis en France ;\n\u2013 visas de toute nature sur les passeports \u00e9trangers ;\n4/8\nPr\u00e9fecture de la C\u00f4te-d'Or - 21-2024-09-17-00001 - Arr\u00eat\u00e9 pr\u00e9fectoral n\u00b0 1480 / SG du 17 septembre 2024 \ndonnant d\u00e9l\u00e9gation de signature \u00e0 Monsieur S\u00e9bastien GAUTHEY, attach\u00e9 hors classe,\n directeur de l'immigration et de la nationalit\u00e9 (DIN\n10\n\u2013 les lettres d'information dans le cadre d'une proc\u00e9dure de r\u00e9admission DUBLIN ainsi que les\nconvocations  DUBLIN,  les  lettres  d'information  des  demandeurs  d'asile  maintenus\nprovisoirement au s\u00e9jour ainsi que les laissez-passer dans le cadre d'une proc\u00e9dure de\nr\u00e9admission DUBLIN.\n\u2022 les refus de prolongation de visa ;\n\u2022 les convocations aux entretiens dans le cadre du contr\u00f4le des cartes de s\u00e9jour pluriannuelles\n\u2022 la signature des demandes de laissez-passer consulaires ;\n\u2022 la signature des courriers de saisine adress\u00e9s \u00e0 l'OFPRA (office fran\u00e7ais de protection des\nr\u00e9fugi\u00e9s et apatrides) dans le cadre des demandes d'asile pr\u00e9sent\u00e9es par des \u00e9trangers\nplac\u00e9s en centre de r\u00e9tention administrative ;\n\u2022 les demandes d'escortes pour transf\u00e9rer les \u00e9trangers en situation irr\u00e9guli\u00e8re dans un centre\nde r\u00e9tention administrative ;\n\u2022 les observations \u00e9crites adress\u00e9es \u00e0 une juridiction administrative dans le cadre de recours\ncontentieux trait\u00e9s en proc\u00e9dure orale ;\n\u2022 les observations \u00e9crites adress\u00e9es \u00e0 une juridiction administrative dans le cadre de recours\ncontentieux trait\u00e9s en proc\u00e9dure \u00e9crite ;\n\u2022 les saisines du juge des libert\u00e9s et de la d\u00e9tention pour les demandes  de prolongation en\nr\u00e9tention administrative ;\n\u2022 les saisines du juge des libert\u00e9s et de la d\u00e9tention pour les demandes d'autorisation \u00e0 requ\u00e9rir\nles services de police ou les unit\u00e9s de gendarmerie pour qu'ils visitent le domicile de l'\u00e9tranger\nafin de s'assurer de sa pr\u00e9sence et de le reconduire \u00e0 la fronti\u00e8re sur le fondement de l'article\nL 561-2 II du CESEDA ;\n\u2022 les saisines du juge des libert\u00e9s et de la d\u00e9tention pour les demandes d'autorisation \u00e0 requ\u00e9rir\nles services de police ou les unit\u00e9s de gendarmerie pour qu'ils visitent le domicile de l'\u00e9tranger\nafin de s'assurer de sa pr\u00e9sence et de le conduire aupr\u00e8s des autorit\u00e9s consulaires sur le\nfondement de l'article L 513-5 du CESEDA ;\n\u2022 les mandats sp\u00e9ciaux destin\u00e9s aux repr\u00e9sentants charg\u00e9s de d\u00e9fendre le pr\u00e9fet de C\u00f4te d'Or\nlors de l'examen, par le juge des libert\u00e9s et de la d\u00e9tention, des demandes  de premi\u00e8re,\ndeuxi\u00e8me, troisi\u00e8me et quatri\u00e8me prolongation de la r\u00e9tention administrative ;\n\u2022 les arr\u00eat\u00e9s de mandatement des condamnations p\u00e9cuniaires dues par l'\u00c9tat dans le cadre du\ncontentieux des \u00e9trangers ;\nEn cas d'absence ou d'emp\u00eachement de Madame C\u00e9line MANELLI, la d\u00e9l\u00e9gation est conf\u00e9r\u00e9e \u00e0\nMadame Anne DELVALLE, attach\u00e9e, chef-adjoint du service immigration et int\u00e9gration et chef du p\u00f4le\ncontentieux des \u00e9trangers.\nEn cas d'absence ou d'emp\u00eachement de Madame C\u00e9line MANELLI et de Madame Anne DELVALLE,\nla d\u00e9l\u00e9gation est conf\u00e9r\u00e9e \u00e0 Madame Marie-Suzel TABARD, contractuelle longue dur\u00e9e, chef du p\u00f4le\nasile-\u00e9loignement du service d'immigration et d'int\u00e9gration.\nEn cas d'absence ou d'emp\u00eachement de Madame C\u00e9line MANELLI, de Madame Anne DELVALLE et\nde  Madame  Marie-Suzel  TABARD,  la  d\u00e9l\u00e9gation  est  conf\u00e9r\u00e9e  \u00e0  Madame  Lola  PINSONNEAUX,\ncontractuelle longue dur\u00e9e, chef-adjoint du p\u00f4le asile-\u00e9loignement.\nEn cas d'absence ou d'emp\u00eachement de Madame C\u00e9line MANELLI, de Madame Anne DELVALLE, de\nMadame Marie-Suzel TABARD et de Madame Lola PINSONNEAUX, la d\u00e9l\u00e9gation est conf\u00e9r\u00e9e \u00e0\nMadame  Catherine  VALENTIN,  attach\u00e9e,  chef  du  p\u00f4le  s\u00e9jour  du  Service  d'immigration  et\nd'int\u00e9gration.\nEn cas d'absence ou d'emp\u00eachement de Madame C\u00e9line MANELLI, de Madame Anne DELVALLE, de\nMadame  Marie-Suzel  TABARD,  de  Madame  Lola  PINSONNEAUX  et  de  Madame  Catherine\nVALENTIN, la d\u00e9l\u00e9gation est conf\u00e9r\u00e9e \u00e0 Monsieur Jean-Claude WEBER, attach\u00e9e, chef-adjoint du\np\u00f4le s\u00e9jour du Service d'immigration et d'int\u00e9gration.\n* Pour le p\u00f4le contentieux des \u00e9trangers, d\u00e9l\u00e9gation est donn\u00e9e \u00e0  : Madame Anne DELVALLE,\nattach\u00e9e, chef-adjoint du service immigration et int\u00e9gration et chef du p\u00f4le contentieux des \u00e9trangers\nMonsieur Manuel DA ROCHA, attach\u00e9, et Mme Anne-Sophie LEVEQUE, contractuelle longue dur\u00e9e,\npour :\n5/8\nPr\u00e9fecture de la C\u00f4te-d'Or - 21-2024-09-17-00001 - Arr\u00eat\u00e9 pr\u00e9fectoral n\u00b0 1480 / SG du 17 septembre 2024 \ndonnant d\u00e9l\u00e9gation de signature \u00e0 Monsieur S\u00e9bastien GAUTHEY, attach\u00e9 hors classe,\n directeur de l'immigration et de la nationalit\u00e9 (DIN\n11\n\u2022 les observations \u00e9crites adress\u00e9es \u00e0 une juridiction administrative dans le cadre de recours\ncontentieux trait\u00e9s en proc\u00e9dure orale ;\n\u2022 les observations \u00e9crites adress\u00e9es \u00e0 une juridiction administrative dans le cadre de recours\ncontentieux trait\u00e9s en proc\u00e9dure \u00e9crite ;\n\u2022 les accus\u00e9s de r\u00e9ception des requ\u00eates devant les juridictions administratives\n\u2022 les correspondances courantes n'emportant pas de d\u00e9cision, les lettre-types, les bordereaux\nd'envoi et t\u00e9l\u00e9copies dans les domaines de l'\u00e9loignement, des r\u00e9admissions et du contentieux.\n* Pour le P\u00f4le S\u00e9jour, d\u00e9l\u00e9gation est donn\u00e9e \u00e0 :\n\u27a2 Madame  Catherine  VALENTIN,  attach\u00e9e,  Cheffe  du  P\u00f4le  S\u00e9jour,  Monsieur  Jean-\nClaude  WEBER,  attach\u00e9,  adjoint  \u00e0  la  Cheffe  du  p\u00f4le  s\u00e9jour,  et  Mme  Justine\nMICHELET, secr\u00e9taire administrative de classe normale, pour :\n\u2022 les bordereaux d'envoi et les t\u00e9l\u00e9copies ;\n\u2022 les correspondances courantes et les lettres-types n'emportant pas d\u00e9cision  ;\n\u2022 les titres de voyage et sauf-conduits pour les \u00e9trangers ;\n\u2022 les visas de toute nature sur les passeports \u00e9trangers ;\n\u2022 les r\u00e9c\u00e9piss\u00e9s de demandes de titre de s\u00e9jour, les autorisations provisoires de s\u00e9jour \n\u2022 la d\u00e9livrance des documents de circulation pour les \u00e9trangers mineurs\n\u2022 les demandes de casier judiciaire ;\n\u2022 la d\u00e9livrance de documents de voyage collectif pour \u00e9trangers mineurs dans le cadre de \nvoyages scolaires ;\n\u2022 les refus de prolongation de visa ;\n\u2022 les premi\u00e8res demandes et les renouvellements de titres de s\u00e9jour ;\n\u2022 les demandes de duplicatas, de changements d'adresse et de modifications de cartes de\ns\u00e9jour temporaires\n\u2022 les attestations sur l'honneur de communaut\u00e9 de vie (d\u00e9claration par mariage),\n\u2022 les demandes d'enqu\u00eates ;\n\u2022 les Proc\u00e8s-Verbaux d'Int\u00e9gration R\u00e9publicaine (PVIR)\n\u27a2 Marine BOUDET, secr\u00e9taire administrative et Chlo\u00e9 TALLANDIER, contractuelle longue\ndur\u00e9e, pour :\n\u2022 les bordereaux d'envoi et les t\u00e9l\u00e9copies ;\n\u2022 les correspondances courantes et les lettres-types n'emportant pas d\u00e9cision  ;\n\u2022 les r\u00e9c\u00e9piss\u00e9s de demande de titre de s\u00e9jour et le renouvellement des r\u00e9c\u00e9piss\u00e9s  ;\n\u2022 les demandes de casier judiciaire ;\n\u2022 les demandes d'enqu\u00eates ;\n\u2022 les Proc\u00e8s-Verbaux d'Int\u00e9gration R\u00e9publicaine (PVIR)\n\u27a2 Mesdames Marie-Christine DAUDET, adjoint administratif principal 1\u00e8re classe,  Emilie\nLORET-MASSON,  adjoint  administratif,  Mesdames  Fatna  KHARBOUCH,  Muriel\nCORDIER, Mil\u00e8ne MARONNAT et Marie GOICHOT, adjointes administratives principal\n2\u00e8me  classe,  Madame  Maeva  LYPS,  agent  contractuel,  et  Madame  C\u00e9lia  MOSA,\nagent contractuel :\n\u27a2 les bordereaux d'envoi et les t\u00e9l\u00e9copies ;\n\u27a2 les correspondances courantes et les lettres-types n'emportant pas d\u00e9cision  ;\n\u27a2 les attestations sur l'honneur de communaut\u00e9 de vie (d\u00e9claration par mariage),\n\u27a2 les r\u00e9c\u00e9piss\u00e9s de titre de s\u00e9jour ainsi que le renouvellement des r\u00e9c\u00e9piss\u00e9s ;\n\u27a2 les demandes de casier judiciaire ;\n6/8\nPr\u00e9fecture de la C\u00f4te-d'Or - 21-2024-09-17-00001 - Arr\u00eat\u00e9 pr\u00e9fectoral n\u00b0 1480 / SG du 17 septembre 2024 \ndonnant d\u00e9l\u00e9gation de signature \u00e0 Monsieur S\u00e9bastien GAUTHEY, attach\u00e9 hors classe,\n directeur de l'immigration et de la nationalit\u00e9 (DIN\n12\n\u27a2 les demandes de duplicatas, de changements d'adresse et de modifications de cartes de\ns\u00e9jour ;\n\u27a2 les  1\u00e8res  demandes  et  renouvellements  de  titres  de  s\u00e9jour  sauf  pour  les  cat\u00e9gories\nsuivantes : conjoint de fran\u00e7ais, parent d'enfant fran\u00e7ais et membre de famille de citoyen de\nl'UE.\n* Pour le P\u00f4le Asile-\u00e9loignement, d\u00e9l\u00e9gation est donn\u00e9e \u00e0 : \n\u27a2 Madame  Marie-Suzel  TABARD,  contractuelle  longue  dur\u00e9e,  cheffe  de  p\u00f4le  asile-\n\u00e9loignement et Madame Lola PINSONNEAUX, contractuelle longue dur\u00e9e, adjointe \u00e0\nla cheffe de p\u00f4le asile-\u00e9loignement pour :\n\u27a2 les convocations DUBLIN ;\n\u27a2 les laissez-passer dans le cadre d'une proc\u00e9dure de r\u00e9admission DUBLIN.\n\u27a2 les r\u00e9c\u00e9piss\u00e9s et attestations de demandes d'asile ;\n\u27a2 les bordereaux d'envoi, t\u00e9l\u00e9copies, correspondances courantes et demandes d'avis li\u00e9s \u00e0\nl'asile,  aux  proc\u00e9dures  de  r\u00e9admission et \u00e0 la reconduite  \u00e0  la  fronti\u00e8re  des demandeurs\nd'asile ;\n\u27a2 les autorisations provisoires de s\u00e9jour ;\n\u27a2 les demandes de r\u00e9admission d'un \u00e9tranger dans un autre \u00c9tat ;\n\u27a2 les fiches d'information transmises \u00e0 l'OFPRA ;\n\u27a2 les lettres d'information du demandeur d'asile  ;\n\u27a2 les accus\u00e9s de r\u00e9ception des requ\u00eates devant les juridictions administratives ;\n\u27a2 les correspondances courantes n'emportant pas de d\u00e9cision, les lettre-types, les bordereaux\nd'envoi  et  t\u00e9l\u00e9copies  dans  les  domaines  de  l'\u00e9loignement,  des  r\u00e9admissions  et  du\ncontentieux ;\n\u27a2 la signature des demandes de laissez-passer consulaires ;\n\u27a2 la signature des courriers de saisine adress\u00e9s \u00e0 l'OFPRA (office fran\u00e7ais de protection des\nr\u00e9fugi\u00e9s et apatrides) dans le cadre des demandes d'asile pr\u00e9sent\u00e9es par des \u00e9trangers\nplac\u00e9s en centre de r\u00e9tention administrative ;\n\u27a2 les lettres d'information dans le cadre d'une proc\u00e9dure de r\u00e9admission DUBLIN ainsi que les\nconvocations  DUBLIN,  les  lettres  d'information  des  demandeurs  d'asile  maintenus\nprovisoirement  au  s\u00e9jour  ainsi  que  les  laissez-passer  dans  le  cadre  d'une  proc\u00e9dure  de\nr\u00e9admission DUBLIN.\n\u27a2 les demandes d'escortes pour transf\u00e9rer les \u00e9trangers en situation irr\u00e9guli\u00e8re dans un centre\nde r\u00e9tention administrative ;\n\u27a2 les saisines du juge des libert\u00e9s et de la d\u00e9tention pour les demandes  de prolongation en\nr\u00e9tention administrative ;\n\u27a2 les saisines du juge des libert\u00e9s et de la d\u00e9tention pour les demandes d'autorisation \u00e0 requ\u00e9rir\nles services de police ou les unit\u00e9s de gendarmerie pour qu'ils visitent le domicile de l'\u00e9tranger\nafin de s'assurer de sa pr\u00e9sence et de le reconduire \u00e0 la fronti\u00e8re sur le fondement de l'article\nL 561-2 II du CESEDA ;\n\u27a2 les saisines du juge des libert\u00e9s et de la d\u00e9tention pour les demandes d'autorisation \u00e0 requ\u00e9rir\nles services de police ou les unit\u00e9s de gendarmerie pour qu'ils visitent le domicile de l'\u00e9tranger\nafin de s'assurer de sa pr\u00e9sence et de le conduire aupr\u00e8s des autorit\u00e9s consulaires sur le\nfondement de l'article L 513-5 du CESEDA ;\n\u27a2 les mandats sp\u00e9ciaux destin\u00e9s aux repr\u00e9sentants charg\u00e9s de d\u00e9fendre le pr\u00e9fet de C\u00f4te d'Or\nlors de l'examen, par le juge des libert\u00e9s et de la d\u00e9tention, des demandes de premi\u00e8re,\ndeuxi\u00e8me, troisi\u00e8me et quatri\u00e8me prolongation de la r\u00e9tention administrative  ;\n\u27a2 les titres internationaux de voyage, les titres de voyage pour r\u00e9fugi\u00e9s et sauf-conduits pour les\n\u00e9trangers ;\n\u27a2 les 1\u00e8res demandes de carte de r\u00e9sident mention r\u00e9fugi\u00e9 et les 1\u00e8res demandes de titres de\ns\u00e9jour au titre de b\u00e9n\u00e9ficiaires de la protection subsidiaire\n\u27a2 les r\u00e9c\u00e9piss\u00e9s de 1\u00e8res demande de carte de r\u00e9sident mention r\u00e9fugi\u00e9 et de 1\u00e8res demandes\nde titres de s\u00e9jour au titre de b\u00e9n\u00e9ficiaires de la protection subsidiaire\n7/8\nPr\u00e9fecture de la C\u00f4te-d'Or - 21-2024-09-17-00001 - Arr\u00eat\u00e9 pr\u00e9fectoral n\u00b0 1480 / SG du 17 septembre 2024 \ndonnant d\u00e9l\u00e9gation de signature \u00e0 Monsieur S\u00e9bastien GAUTHEY, attach\u00e9 hors classe,\n directeur de l'immigration et de la nationalit\u00e9 (DIN\n13\n\u27a2 Mesdames  Corinne  MERCUZOT-TURELLO,  secr\u00e9taire  administrative,  Rachida\nBOUTCHACHA,  secr\u00e9taire  administrative,  et  Marie-Christine  BOUILLOT,  secr\u00e9taire\nadministrative pour :\n\u2022 les convocations DUBLIN ;\n\u2022 les r\u00e9c\u00e9piss\u00e9s et les attestations de demandes d'asile ;\n\u2022 les bordereaux d'envoi, t\u00e9l\u00e9copies, correspondances courantes et demandes d'avis li\u00e9s \u00e0\nl'asile,  aux  proc\u00e9dures  de  r\u00e9admission et \u00e0 la reconduite  \u00e0  la  fronti\u00e8re  des demandeurs\nd'asile ;\n\u2022 les demandes de r\u00e9admission d'un \u00e9tranger dans un autre \u00c9tat ;\n\u2022 les fiches d'information transmises \u00e0 l'OFPRA ;\n\u2022 les lettres d'information du demandeur d'asile ;\n\u2022 les  r\u00e9c\u00e9piss\u00e9s  de  1\u00e8res  demandes  de  carte  de  r\u00e9sident  mention  r\u00e9fugi\u00e9  et  de  1\u00e8res\ndemandes de titres de s\u00e9jour au titre de b\u00e9n\u00e9ficiaires de la protection subsidiaire\n\u27a2 Mesdames  Louison  AMBROSIONI,  contractuelle  longue  dur\u00e9e,  Marl\u00e8ne  ALDAYA,\nsecr\u00e9taire  administrative,  C\u00e9cile  BRETON,  secr\u00e9taire  administrative,  Justine\nKAROTSCH, contractuelle longue dur\u00e9e, C\u00e9line THOMAS,  secr\u00e9taire administrative,\nLyna  AIT  EL FASSY,  secr\u00e9taire  administrative,  et  Caroline  BERNARD,  secr\u00e9taire\nadministrative pour :\n\u2022 les correspondances courantes n'emportant pas de d\u00e9cision, les lettre-types, les bordereaux\nd'envoi et t\u00e9l\u00e9copies dans les domaines de l'\u00e9loignement et des r\u00e9admissions.\nArticle 6 : Le secr\u00e9taire g\u00e9n\u00e9ral de la pr\u00e9fecture de la C\u00f4te d'Or, et les agents b\u00e9n\u00e9ficiaires de la\nd\u00e9l\u00e9gation de signature, sont charg\u00e9s, chacun pour ce qui le concerne, de l'ex\u00e9cution du pr\u00e9sent\narr\u00eat\u00e9 qui sera publi\u00e9 au recueil des actes administratifs de la pr\u00e9fecture de la C\u00f4te-d'Or.\nFait \u00e0 Dijon, le 17 septembre 2024\nLe pr\u00e9fet,\nSign\u00e9 :\nFranck ROBINE\n8/8\nPr\u00e9fecture de la C\u00f4te-d'Or - 21-2024-09-17-00001 - Arr\u00eat\u00e9 pr\u00e9fectoral n\u00b0 1480 / SG du 17 septembre 2024 \ndonnant d\u00e9l\u00e9gation de signature \u00e0 Monsieur S\u00e9bastien GAUTHEY, attach\u00e9 hors classe,\n directeur de l'immigration et de la nationalit\u00e9 (DIN\n14\nPr\u00e9fecture de la C\u00f4te-d'Or\nP\u00f4le juridique inter-services\n21-2024-09-17-00002\nArr\u00eat\u00e9 pr\u00e9fectoral N\u00b0 1481 / SG du 17 septembre\n2024 donnant  d\u00e9l\u00e9gation de signature en\nmati\u00e8re de gestion des budgets op\u00e9rationnels\n104-111-112-113-119-122-124-129-135-137-147-148-1\n61-163-172-181-206-207-209-215-216-217-218-219-\n232-303-348-349-354-357-362-363-364-380-723-7\n54-780-833  des fonds europ\u00e9ens et des recettes\nnon fiscales et son annexe 1\nPr\u00e9fecture de la C\u00f4te-d'Or - 21-2024-09-17-00002 - Arr\u00eat\u00e9 pr\u00e9fectoral N\u00b0 1481 / SG du 17 septembre 2024 donnant  d\u00e9l\u00e9gation de\nsignature en mati\u00e8re de gestion des budgets op\u00e9rationnels\n104-111-112-113-119-122-124-129-135-137-147-148-161-163-172-181-206-207-209-215-216-217-218-219-232-303-348-349-354-357-362-363-3\n64-380-723-754-780-833  des fonds europ\u00e9ens et des recettes non fiscales et son annexe 1\n15\nExN | SECR\u00c9TARIAT G\u00c9N\u00c9RAL- Direction de la coordination des politiques publiquesEI\u00cbELF/ET et de l'appui territorialCOTE-D'ORLibert\u00e9\u00c9galit\u00e9Fraternit\u00e9\nArr\u00eat\u00e9 pr\u00e9fectoral N\u00b0 1481 / SG du 17 septembre 2024 donnant d\u00e9l\u00e9gation de signatureen mati\u00e8re de gestion des budgets op\u00e9rationnels 104-111-112-113-119-122-124-129-135-137-147-148-161-163-172-181-206-207-209-215-216-21 7-218-219-232-303-348-349-354-357-362-363-364-380-723-754-780-833 des fonds europ\u00e9ens et des recettes nonfiscales Le pr\u00e9fet de la C\u00f4te-d'Or\nVu la loi n\u00b0 85.1098 du 11 octobre 1985 relative \u00e0 la prise en charge par l'\u00c9tat, lesd\u00e9partements et les r\u00e9gions des d\u00e9penses de personnel, de fonctionnement et d'\u00e9quipementdes services plac\u00e9s sous leur autorit\u00e9 :Vu le d\u00e9cret n\u00b0 2004-374 du 29 avril 2004 relatif aux pouvoirs des pr\u00e9fets, \u00e0 Forganisation et \u00e0I'action des services de I'Etat dans les r\u00e9gions et d\u00e9partements. modifi\u00e9 par le d\u00e9cret n\u00b0 2010-146 du 16 f\u00e9vrier 2010 et par le d\u00e9cret n\u00b0 2010-687 du 24 juin 2010 :Vu le d\u00e9cret n\u00b0 2009-176 du 16 f\u00e9vrier 2009 modifiant le d\u00e9cret n\u00b0 64-805 du 29 juillet 1964fixant les dispositions r\u00e9glementaires applicables aux pr\u00e9fets et le d\u00e9cretn\u00b0 2004-374 du 29avril 2004 relatif aux pouvoirs des pr\u00e9fets, \u00e0 l'organisation et \u00e0 l'action des services de I'Etatdans les r\u00e9gions et d\u00e9partements :Vu le d\u00e9cret du 26 septembre 2022 nommant Monsieur Franck ROBINE, pr\u00e9fet de la r\u00e9gionBourgogne-Franche-Comt\u00e9, pr\u00e9fet de la C\u00f4te-d'Or (hors classe);Vu le d\u00e9cret du 3 janvier 2024 nommant Monsieur Johann MOUGENOT, sous pr\u00e9fet,secr\u00e9taire g\u00e9n\u00e9ral de la pr\u00e9fecture de la C\u00f4te d'Or, sous-pr\u00e9fet de Dijon (classe fonctionnelleUEVu le d\u00e9cret du 29 d\u00e9cembre 2022 nommant Madame Amelle GHAYOU, administratriceterritoriale, sous-pr\u00e9f\u00e8te charg\u00e9e de mission aupr\u00e8s du pr\u00e9fet de r\u00e9gion Bourgogne-Franche-Comt\u00e9, pr\u00e9fet de la C\u00f4te d'Or :Vu Le d\u00e9cret du 16 ao\u00fbt 2022 portant nomination de Monsieur Olivier GERSTL\u00c9 en qualit\u00e9 desous-pr\u00e9fet, directeur de cabinet du pr\u00e9fet de la r\u00e9gion Bourgogne-Frariche-Comt\u00e9, pr\u00e9fet de laC\u00f4te-d'Or ; 'Vu le d\u00e9cret du 6 juillet 2023 portant nomination de Monsieur Beno\u00eet BYRSKI, sous-pr\u00e9fet deBeaune;Vu le d\u00e9cret du 17 novembre 2023 portant nomination de M. S\u00e9bastien LANOYE, sous-pr\u00e9fetde Montbard ;\n1/3\nPr\u00e9fecture de la C\u00f4te-d'Or - 21-2024-09-17-00002 - Arr\u00eat\u00e9 pr\u00e9fectoral N\u00b0 1481 / SG du 17 septembre 2024 donnant  d\u00e9l\u00e9gation de\nsignature en mati\u00e8re de gestion des budgets op\u00e9rationnels\n104-111-112-113-119-122-124-129-135-137-147-148-161-163-172-181-206-207-209-215-216-217-218-219-232-303-348-349-354-357-362-363-3\n64-380-723-754-780-833  des fonds europ\u00e9ens et des recettes non fiscales et son annexe 1\n16\nVu l'arr\u00eat\u00e9 du Premier Ministre et du Ministre deI'Int\u00e9rieur en date du 12/01/22 nommant MmeAnne COSTE DE CHAMPERON, administratrice de I'Etat hors classe, en qualit\u00e9 de secr\u00e9taireg\u00e9n\u00e9rale pour les affaires r\u00e9gionales de la R\u00e9gion Bourgogne-Franche Comt\u00e9, \u00e0 compter du1/02/22, pour une dur\u00e9e de 4 ans, avec une p\u00e9riode probatoire de 6 mois ;Vu l'arr\u00e9t\u00e9 du Premier Ministre et du Ministre de l'Int\u00e9rieur en date du 2 juin 2021 nommantMme Milada PANTIC, en qualit\u00e9 d'adjointe au secr\u00e9taire g\u00e9n\u00e9ral pour les affaires r\u00e9gionales dela R\u00e9gion Bourgogne \u2014 Franche-Comt\u00e9, en charge du p\u00f4le \u00ab-moyens, modernisation,mutualisations \u00bb, pour une dur\u00e9e de 4 ans \u00e0 compter du 1* juillet 2021 ;Vu l'arr\u00e9t\u00e9 du Premier Ministre et du Ministre de l'Int\u00e9rieur en date du 22 d\u00e9cembre 2022nommant Mme Florence BERNARD, en qualit\u00e9 d'adjointe au secr\u00e9taire g\u00e9n\u00e9ral pour les affairesr\u00e9gionales de la R\u00e9gion Bourgogne \u2014 Franche-Comt\u00e9, en charge du p\u00f4le \u00ab politiques publiquesinterminist\u00e9rielles \u00bb,Vu l'arr\u00eat\u00e9 1184/SG du 3 d\u00e9cembre 2020 portant organisation du Secr\u00e9tariat G\u00e9n\u00e9ral CommunD\u00e9partemental ;Vu l'arr\u00eat\u00e9 pr\u00e9fectoral 1251/SG du 18 d\u00e9cembre 2020 portant organisation des services de lapr\u00e9fecture de la r\u00e9gion Bourgogne-Franche-Comt\u00e9, pr\u00e9fecture du d\u00e9partement de la C\u00f4te d'Or ;Vu l'accord local relatif\u00e0 I'application du protocole d'exp\u00e9rimentation de la carte voyagiste dansle cadre du d\u00e9ploiement de CHORUS DT (D\u00e9placements Temporaires) sign\u00e9 conjointement le17 avril 2018 par Mme Christiane BARRET, Pr\u00e9f\u00e8te de la r\u00e9gion Bourgogne-Franche-Comt\u00e9 etde la C\u00f4te d'Or et Mme Martine VIALLET, Directrice r\u00e9gionale des finances publiques de lar\u00e9gion Bourgogne-Franche-Comt\u00e9 et du d\u00e9partement de la C\u00f4te d'Or,Vu I' arr\u00e9t\u00e9 pr\u00e9fectoral N\u00b0 1241/SG du 30 juillet 2024 donnant d\u00e9l\u00e9gation de signature enmati\u00e8re de gestion des budgets op\u00e9rationnels 104-111-112-119-122-129-137-147-148 -161-172-181-206-207-209-215-216-217-218-232-303-348-349-354-357-380-723-754-780-833, desfonds europ\u00e9ens et des recettes non fiscales ;Sur propositionde Monsieur le secr\u00e9taire g\u00e9n\u00e9ral de la pr\u00e9fecture de la C\u00e9te-d'Or ;\nARR\u00caTE\nArticle 1er : L'arr\u00eat\u00e9 pr\u00e9fectoral N\u00b0 1241/SG du 30 juillet 2024 donnant d\u00e9l\u00e9gation de signatureen mati\u00e8re de gestion des budgets op\u00e9rationnels 104-111-112-119-122-129-137-147-148 -161-172-181-206-207-209-215-216-217-218-232-303-348-349-354-357-380-723-754-780-833,desfonds europ\u00e9ens et des recettes non fiscales et toutes dispositions ant\u00e9rieures et contraires aupr\u00e9sent arr\u00eat\u00e9 sont abrog\u00e9s.\n213\nPr\u00e9fecture de la C\u00f4te-d'Or - 21-2024-09-17-00002 - Arr\u00eat\u00e9 pr\u00e9fectoral N\u00b0 1481 / SG du 17 septembre 2024 donnant  d\u00e9l\u00e9gation de\nsignature en mati\u00e8re de gestion des budgets op\u00e9rationnels\n104-111-112-113-119-122-124-129-135-137-147-148-161-163-172-181-206-207-209-215-216-217-218-219-232-303-348-349-354-357-362-363-3\n64-380-723-754-780-833  des fonds europ\u00e9ens et des recettes non fiscales et son annexe 1\n17\nArticle 2 : D\u00e9l\u00e9gation de signature et de gestion est donn\u00e9e aux membres du corps pr\u00e9fectoralet aux agents mentionn\u00e9s dans le tableay en annexe 1 du pr\u00e9sent arr\u00e9t\u00e9 dans les conditions etlimites pr\u00e9vues, pour l'ex\u00e9cution des d\u00e9penses au titre des BOP 104-111-112-113-119-122-124-129-135-137-147-148-161-163-172-1 81-206-207-209-215-216-217-218-219-232-303-348-349-354-357-362-363-364\u2014380\u2014723\u2014754-780\u2014833, des fonds europ\u00e9ens et des recettes nonfiscales.\nArticle 3 : Le secr\u00e9taire g\u00e9n\u00e9ral de la pr\u00e9fecture de la C\u00f4te-d'Or, la directrice r\u00e9gionale desfinances publiques, les membres du corps pr\u00e9fectoral ainsi que les agents mentionn\u00e9s dansl'annexe vis\u00e9e \u00e0 l'article 2, sont charg\u00e9s, chacun en ce qui le concerne, de l'ex\u00e9cution dupr\u00e9sent arr\u00eat\u00e9 qui sera publi\u00e9 au recueil des actes administratifs de la pr\u00e9fecture de la C\u00f4te-d'Or.\nFait \u00e0 Dijon, le 17 septembre 2024Le Pr\u00e9fet,Sign\u00e9:Franck ROBINE\nPr\u00e9fecture de la C\u00f4te-d'Or - 21-2024-09-17-00002 - Arr\u00eat\u00e9 pr\u00e9fectoral N\u00b0 1481 / SG du 17 septembre 2024 donnant  d\u00e9l\u00e9gation de\nsignature en mati\u00e8re de gestion des budgets op\u00e9rationnels\n104-111-112-113-119-122-124-129-135-137-147-148-161-163-172-181-206-207-209-215-216-217-218-219-232-303-348-349-354-357-362-363-3\n64-380-723-754-780-833  des fonds europ\u00e9ens et des recettes non fiscales et son annexe 1\n18\nPr\u00e9fecture de la C\u00f4te-d'Or - 21-2024-09-17-00002 - Arr\u00eat\u00e9 pr\u00e9fectoral N\u00b0 1481 / SG du 17 septembre 2024 donnant  d\u00e9l\u00e9gation de\nsignature en mati\u00e8re de gestion des budgets op\u00e9rationnels\n104-111-112-113-119-122-124-129-135-137-147-148-161-163-172-181-206-207-209-215-216-217-218-219-232-303-348-349-354-357-362-363-3\n64-380-723-754-780-833  des fonds europ\u00e9ens et des recettes non fiscales et son annexe 1\n19\nANNEXE1\u00e0l'arr\u00eat\u00e9pr\u00e9fectoralN\u00b0U_...._.mm.p._._ozDEm_oz>._.c_~mENMATI\u00c8REDEGESTIONDEL'UNIT\u00c9OP\u00c9RATIONNELLE\nLA\n1481/SGdu17septembre2024DEPARTEMENTALEDELACOTED'ORETDESBUDGETSOPERATIONNELSDEPROGRAMMER\u00c9GIONAL104-111-112-113-119-122-124-129-135-137-147-148-161-163-172-181u\u0153o.\u00abmw.umh-u\u0153o-\u671c.desfondseurop\u00e9ensetdesrecettesnonfiscales\\L-|-\n||Validationde_...mammmm_.:msl\u00f1_\u00dc_\u00cbfim'M.EddyGAFFIOTchefduCentrede_\u0153\u0153\u00eb...ommPartag\u00e9sR\u00e9gionalCHORUS|MmeNathalieBORNOTCheffedup\u00f4le__|commandepubliqueprojetscomplexes|MmeC\u00e9liaMOREAUX,responsablequalit\u00e9h_umlo:sm:om|M.PatrickSCHOUMAKERGestionnaireMmeChristelleMEYNIERGestionnaireMmeBouchraPAGANTGestionnaire|MmeMurielDEMORGestionnaire__<_3mB\u00e9atriceLAVALETTEGestionnaireMmeRachelMAILLARDGestionnaireMmeLeylaLAOUAJGestionnaire||MmeC\u00e9liaMOREAUXResponsablequalit\u00e9etperformance|'M.Beno\u00eetGAUTRETGestionnaire\n|\nValicMmeC\u00e9lineJOUVENCEAUXadjointeau_\n|\necS__|Certificationdu\u00abservicefait\u00bbdansChorussurla\u2014_Ummmdela\u00abconstatationduservicefait\u00bb\u00e9tablieparlescentresprescripteursmBm:amw\u00cfaMuMmfim:lfim...amlm_@m_...am..._....\u00e4Mm\u0153larecettesnonfiscalesme_uo:mmv_mduCSPRCHORUS,cheffedu||p\u00f4lesubventionsrecettes|M.OlivierSOUPRAYENValideurDP,RNF.EJ|:<_3mC\u00e9liaMOREAUX,responsablequalit\u00e9|performance1/25\n-206-207-209-215-216-217-218-21w-nwm-uou-w\u00e0\u0153.\u0153\u00e0\u0153-wm\u00e0.wmu-wmm-\u00e6mw\u00e864-_A---|MmeC\u00e9lineJOUVENCEAUXadjointeau|responsableduCSPRCHORUS,cheffedu|p\u00f4lesubventionsrecettes|M.OlivierSOUPRAYENValideurDP,RNF,EJ|M.EddyGAFFIOTchefduCentredeServicesPartag\u00e9sR\u00e9gionalCHORUS'MmeC\u00e9lineJOUVENCEAUXadjointeau7responsableduCSPRCHORUS,cheffedup\u00f4lesubventionsrecettes-:MmeC\u00e9liaMOREAUX,responsablequalit\u00e9|performanceM.EddyGAFFIOTchefduCentredeServices|Partag\u00e9sR\u00e9gionalCHORUS|\\MmeNathalieBORNOTCheffedup\u00f4le_oo\u00e2\u00e4msa\u0153publiqueprojetscomplexes\nPr\u00e9fecture de la C\u00f4te-d'Or - 21-2024-09-17-00002 - Arr\u00eat\u00e9 pr\u00e9fectoral N\u00b0 1481 / SG du 17 septembre 2024 donnant  d\u00e9l\u00e9gation de\nsignature en mati\u00e8re de gestion des budgets op\u00e9rationnels\n104-111-112-113-119-122-124-129-135-137-147-148-161-163-172-181-206-207-209-215-216-217-218-219-232-303-348-349-354-357-362-363-3\n64-380-723-754-780-833  des fonds europ\u00e9ens et des recettes non fiscales et son annexe 1\n20\n|MmeMartineTHUNOT,AdjointeauchefduServiceBudget-Achat,M.R\u00e9miBARRIER,chefdep\u00f4leauseinduServiceBudget-Achat,MmeMoniqueFIORE\n2/25\nM.JeanPRUDHOMME,chefduServiceBudget-AchatMmeMartineTHUNOT,AdjointeauchefduM.R\u00e9miBARRIER,chefdep\u00f4leauseinduMmeLaurenceGRANGER,MmeMaudDE\nHAROMmeNathalieBERGET,DirectriceduSecr\u00e9tariatg\u00e9n\u00e9ralcommund\u00e9partementalM.JeanPRUDHOMME,chefduServiceBudget-AchatMmeMartineTHUNOT,Adjointeauchefdu\nPr\u00e9fecture de la C\u00f4te-d'Or - 21-2024-09-17-00002 - Arr\u00eat\u00e9 pr\u00e9fectoral N\u00b0 1481 / SG du 17 septembre 2024 donnant  d\u00e9l\u00e9gation de\nsignature en mati\u00e8re de gestion des budgets op\u00e9rationnels\n104-111-112-113-119-122-124-129-135-137-147-148-161-163-172-181-206-207-209-215-216-217-218-219-232-303-348-349-354-357-362-363-3\n64-380-723-754-780-833  des fonds europ\u00e9ens et des recettes non fiscales et son annexe 1\n21\n'M.R\u00e9miBARRIER,chefdep\u00f4leService...'BudgetAchatMmeMaudDEHARO\n\u00cbm:mlecadredeCHORUSDT:M.JeanPRUDHOMME,chefduService|MmeNathalieBERGET,DirectriceduD\u00e9cisionsded\u00e9pensesetderecettesconcernantlesBudgetAchatSecr\u00e9tariatg\u00e9n\u00e9ralcommund\u00e9partementaltransportsetl'h\u00e9bergement(ycomprispour-laformation)MmeMartineTHUNOT,Adjointeauchefdu\\ServiceBudget-AchatM.R\u00e9miBARRIER,chefdep\u00f4leServiceBudget-AchatMmeDEHAROMaud\n.rdA\u2014TIIl-RESIDENCEDUPREFETD\u00e9cisionsded\u00e9pensesetderecettesetcertification'R\u00e9serv\u00e9es\u00e0lasignaturedeSaisiedansChorusFormulairedesDAet|deservicefaitquelquesoitlemontantM.FranckROBINE,Pr\u00e9fet|certificationdesSF:CaroleRATEL,Evelyne|FABRI(suppl\u00e9ance).;SaisiedansChorusFormulaireetcertificationdesSF:MmeMartineTHUNOT,Monique);FIORE,M.LouisDUSARTIV\u2014R\u00c9SIDENCEDUSECR\u00c9TAIREG\u00c9N\u00c9RAL|D\u00e9cisionsded\u00e9pensesetrecettes\u2014certificationduM.JohannMOUGENOT,secr\u00e9taireg\u00e9n\u00e9ral|MmeMoniqueFIORE,MmeMartineTHUNOT_\u2014_\u2014\n|servicefaitM.LouisDUSARTpsp\u2014..iS\u2014s\u2014_5LC=\u2014.JIVBIS\u2014R\u00c9SIDENCEDELASOUS-PREFETE,'MmeAMELLEGHAYOU,secr\u00e9taireg\u00e9n\u00e9raleSaisiedansChorusFormulairedesDAetCHARGEDEMISSIONAUPRESDUPREFETadjointecertificationdesSF:FabienneMICHEAetD\u00e9cisionsded\u00e9pensesetrecettes\u2014certificationduNathalieDEMONT\nservicefait|SaisiedansChorusetcertificationdesSF:MartineTHUNOTetMoniqueFIOREetLouisDUSART\n3/25\nPr\u00e9fecture de la C\u00f4te-d'Or - 21-2024-09-17-00002 - Arr\u00eat\u00e9 pr\u00e9fectoral N\u00b0 1481 / SG du 17 septembre 2024 donnant  d\u00e9l\u00e9gation de\nsignature en mati\u00e8re de gestion des budgets op\u00e9rationnels\n104-111-112-113-119-122-124-129-135-137-147-148-161-163-172-181-206-207-209-215-216-217-218-219-232-303-348-349-354-357-362-363-3\n64-380-723-754-780-833  des fonds europ\u00e9ens et des recettes non fiscales et son annexe 1\n22\nVIl-R\u00c9SIDENCESOUS-PREFECTUREDEBEAUNE|V-R\u00c9SIDENCEDUDIRECTEURDECABINET\u00d4mo_m...o:mamo_mvm:wmmm_\\...\u2014momzmm-om\u00e4aomao:n_c_<_.O_...<...mq\u00aem_\u00bbm4.rm_a..._.mo...mcamoma_:m_\n|servicefait_SaisiedansChorusFormulairedesDAetcertificationdesSF:CaroleRATEL,EvelyneFABRI(suppl\u00e9ance).SaisiedansChorusetcertificationdesSF:MartineTHUNOTetMoniqueFIOREet'LouisDUSART\nVI-R\u00c9SIDENCEDUSGARD\u00e9cisionsded\u00e9pensesetrecettes-certificationduMmeAnneCOSTEDECHAMPERON,servicefait\\secr\u00e9taireg\u00e9n\u00e9ralepourlesaffairesr\u00e9gionalesdeBourgogne\u2014Franche-Comt\u00e9SaisiedansChorusFormulairedesDAetcertificationdesSF:DinaPAPINetC\u00e9cilineLEVENARD.SaisiedansChorusFormulaireetcertification|desSF:M.JulienMARLOT,MmeMoniqueFIORE,MmeMartineTHUNOTetM.LouisDUSART\n|\nD\u00e9cisionsdeamvm:mmwetrecettes-certificationduM.BenoitBYRSKI,w......cm-_u_a.........m_deBeaune\nservicefaitVIlRESIDENCESOUS-PR\u00c9FECTUREMONTBARDD\u00e9cisionsded\u00e9pensesetrecettes-certificationdu._<_.mm_ummam.:LANOYE,mocwfi__fimfiQMservicefaitMontbardSaisiedansChorusFormulairedesDAetcertificationdesSF:MarieFETEIRAetFlorineCAILLOTMmeMoniqueFIORE,MmeMartineTHUNOT'etM.LouisDUSARTSaisiedansChorusFormulairedesDAetcertificationdesSF:MesdamesNo\u00e9miePERNETetEstelleVIOLETMmeMoniqueFIORE,MmeMartineTHUNOT|M.LouisDUSART|4/25\nPr\u00e9fecture de la C\u00f4te-d'Or - 21-2024-09-17-00002 - Arr\u00eat\u00e9 pr\u00e9fectoral N\u00b0 1481 / SG du 17 septembre 2024 donnant  d\u00e9l\u00e9gation de\nsignature en mati\u00e8re de gestion des budgets op\u00e9rationnels\n104-111-112-113-119-122-124-129-135-137-147-148-161-163-172-181-206-207-209-215-216-217-218-219-232-303-348-349-354-357-362-363-3\n64-380-723-754-780-833  des fonds europ\u00e9ens et des recettes non fiscales et son annexe 1\n23\nIX\u2014SERVICESADMINISTRATIFSDELASOUS-PR\u00c9FECTUREDEBEAUNED\u00e9cisionsdeamnm:mmmetrecettesrelativesauxfraisM.LaurentBOILLEE,secr\u00e9taireg\u00e9n\u00e9raldela|SaisiedansChorusFormulairedesDAetderepr\u00e9sentationdusecr\u00e9taireg\u00e9n\u00e9raletcertification'sous-pr\u00e9fecturedeBeaunecertificationdesSF:MarieFETEIRAetFlorineduservicefait|CAILLOTMoniqueFIORE,MartineTHUNOTLouisDUSART\n|\nDanslecadredeCHORUSDT:'M.Beno\u00eetBYRSKI,sous-pr\u00e9fetdeBeauneM.LaurentBOILL\u00c9E,secr\u00e9taireg\u00e9n\u00e9raldelaFraisded\u00e9placement(ycomprisformation),ordresdeBeaunesous-pr\u00e9fecturedeBeaunemissionet\u00e9tatsdefraisentantquevalideurhi\u00e9rarchiqueVH1.MmeLa\u00eflaBENJDIR,secr\u00e9taireg\u00e9n\u00e9raleadjointeD\u00e9cisionsded\u00e9pensesetrecettes-certificationduM.Beno\u00eetBYRSKI,sous-pr\u00e9fetdeBeauneM.LaurentBOILL\u00c9E,secr\u00e9taireg\u00e9n\u00e9raldelaservicefait|sous-pr\u00e9fecturedeBeauneSaisiedansChorusFormulairedesDAetcertificationdesSF:MarieFETEIRAetFlorineCAILLOT,MoniqueFIORE,MartineTHUNOT.R\u00e9miBARRIER,H\u00e9l\u00e9neTURLIER,'LaurenceGRANGER,MaudDEHAROLouisDUSART\nX\u2014SERVICESADMINISTRATIFSDELASOUS-\u2014PREFECTUREDEMONTBARDD\u00e9cisionsded\u00e9pensesetrecettesrelativesauxfrais|\u00e4\u00e4\u00e4amfiw\u00e2o_zomog.secr\u00e9taireSaisiedansChorusFormulairedesDAetderepr\u00e9sentationdusecr\u00e9taireg\u00e9n\u00e9raletcertificationg\u00e9n\u00e9raledelasous-pr\u00e9fecturedeMontbard|certificationdesSF:No\u00e9miePERNETduservicefaitjusqu'au18/09/24,QuentinLECLERCQetEstelleVIOLETMmeMoniqueFIORE,MmeMartineTHUNOT_M._.o:_m\\_ucmb,mfi\n5/25\nPr\u00e9fecture de la C\u00f4te-d'Or - 21-2024-09-17-00002 - Arr\u00eat\u00e9 pr\u00e9fectoral N\u00b0 1481 / SG du 17 septembre 2024 donnant  d\u00e9l\u00e9gation de\nsignature en mati\u00e8re de gestion des budgets op\u00e9rationnels\n104-111-112-113-119-122-124-129-135-137-147-148-161-163-172-181-206-207-209-215-216-217-218-219-232-303-348-349-354-357-362-363-3\n64-380-723-754-780-833  des fonds europ\u00e9ens et des recettes non fiscales et son annexe 1\n24\nDanslecadredeCHORUSDT:\u2014'M.S\u00e9bastienLANOYE,sous-pr\u00e9fetdeFraisded\u00e9placement(ycomprisformation),ordresdeMontbardmissionet\u00e9tatsdefraisentantquevalideur'MmeMargueriteMOINDROTsecr\u00e9taireg\u00e9n\u00e9raledelasous-pr\u00e9fecturedeMontbardMmeIsabelleBAIJOT,chefdup\u00f4lecollectivit\u00e9slocalesetd\u00e9veloppement\nhi\u00e9rarchiqueVH1D\u00e9cisionsdemmummmmmetrecettes-certificationduM.S\u00e9bastienLANOYE,sous-pr\u00e9fetdeservicefaitMontbard_<_3,_m\u00bbMargueriteMOINDROTsecr\u00e9taireg\u00e9n\u00e9raledelasous-pr\u00e9fecturedeMontbardcertificationdesSF:No\u00e9miePERNETjusqu'au18/09/24MartineTHUNOT,LouisDUSART,XI\u2014SERVICESDUCABINETD\u00e9cisionsded\u00e9pensesetrecettesetcertificationduM.OlivierGERSTLE,directeurdeCabinet'M.JohannMOUGENOT,secr\u00e9taireg\u00e9n\u00e9ralSaisiedansChorusFormulairedesDAetMessieursR\u00e9miBARRIERetLouisDUSARTDanslecadredechorus-DT:M.OlivierGERSTLE,directeurdecabinetFraisded\u00e9placement(ycomprisformation)pourlesagentsducabinetetdeladirectiondess\u00e9curit\u00e9s:ordresdemissionet\u00e9tatsdefraisentantquevalideurhi\u00e9rarchiqueVH1\nM.JohannzOcmsz.n\\mmoqm\u00f1m...fimg\u00e9n\u00e9ral'MmeNathalieAUBERTIN,Directricedess\u00e9curit\u00e9s'|MmeC\u00e9cileHERMIER,chefduservice|r\u00e9gionaletd\u00e9partementaldelacommunication|interminist\u00e9rielleMesdamesCaroleRATELet\u00c9velyneFABRI\n6/25\nPr\u00e9fecture de la C\u00f4te-d'Or - 21-2024-09-17-00002 - Arr\u00eat\u00e9 pr\u00e9fectoral N\u00b0 1481 / SG du 17 septembre 2024 donnant  d\u00e9l\u00e9gation de\nsignature en mati\u00e8re de gestion des budgets op\u00e9rationnels\n104-111-112-113-119-122-124-129-135-137-147-148-161-163-172-181-206-207-209-215-216-217-218-219-232-303-348-349-354-357-362-363-3\n64-380-723-754-780-833  des fonds europ\u00e9ens et des recettes non fiscales et son annexe 1\n25\n.m_mowo:mw\u00e4m...m\\am_o...vco:m:d\u00e9cisionsdem..._..._u\u0153:wmmetM.OlivierOm\\_mm._.mm_o_.......mo_m\\cqdenm..._a_:w\u00f1recettes-certificationduservicefaitM.Louis-JosephVANDERSTUYFChefdubureaudelarepr\u00e9sentationdeI'EtatW_.m...mdebouche(exercicesded\u00e9fense):amo...\u0153...\":\u00e6de|M.OlivierGERSTL\u00c9,directeurdecabinetd\u00e9pensesetcertificationduservicefait|MmeNathalieAUBERTIN,Directricedes\ns\u00e9curit\u00e9sM.ThierryBRULE,chefdelas\u00e9curit\u00e9civileM.Timoth\u00e9eDANIEL,chefdubureaud\u00e9fenseets\u00e9curit\u00e9|SaisiedansChorusFormulairedesDAetcertificationdesSF:MesdamesH\u00e9l\u00e8neTURLIER,LaurenceGRANGER,MoniqueFIORE,MartineTHUNOT,MaudDE-HAROMessieursR\u00e9miBARRIERetLouisDUSART\\D\u00e9cisionsded\u00e9pensesetrecettesrelativesauxfraisderepr\u00e9sentationdudirecteurdess\u00e9curit\u00e9setcertificationdeservicefait|MmeNathalieAUBERTIN,Directricedess\u00e9curit\u00e9s\nSaisiedansChorusFormulairedesDAetcertificationdesSF:MmeEvelyneFABRI'MesdamesH\u00e9l\u00e8neTURLIER,LaurenceGRANGER,MoniqueFIORE,MartineTHUNOT,MaudDE-HAROMessieursR\u00e9miBARRIERetLouisDUSART\nD\u00e9cisionsded\u00e9pensesetrecettesrelativesauxfraisderepr\u00e9sentationduchefdubureaudelacommunicationinterminist\u00e9rielleetcertificationduservicefait\nMmeC\u00e9cileHERMIER,cheffeduservicer\u00e9gionaletd\u00e9partementaldelacommunicationinterminist\u00e9rielleCommunicationinterminist\u00e9rielle:d\u00e9cisionsded\u00e9pensesetrecettes>\u00e0250\u20acM.OlivierGERSTL\u00c9,directeurdecabinet\n7125\nSaisiedansChorusFormulairedesDAetcertificationdesSF:M.J\u00e9r\u00f4meCOLIN,|MesdamesH\u00e9l\u00e8neTURLIER,LaurenceGRANGER,MoniqueFIORE,MartineTHUNOT,MaudDE-HAROMessieursR\u00e9miBARRIERetLouisDUSARTMmeC\u00e9cileHERMIER,chefduservicer\u00e9gionaletd\u00e9partementaldelacommunicationinterminist\u00e9rielle\nPr\u00e9fecture de la C\u00f4te-d'Or - 21-2024-09-17-00002 - Arr\u00eat\u00e9 pr\u00e9fectoral N\u00b0 1481 / SG du 17 septembre 2024 donnant  d\u00e9l\u00e9gation de\nsignature en mati\u00e8re de gestion des budgets op\u00e9rationnels\n104-111-112-113-119-122-124-129-135-137-147-148-161-163-172-181-206-207-209-215-216-217-218-219-232-303-348-349-354-357-362-363-3\n64-380-723-754-780-833  des fonds europ\u00e9ens et des recettes non fiscales et son annexe 1\n26\n|_\nCommunication_:......m.\u00e2_..._...m\u00e4zm__m:d\u00e9cisionsde\\d\u00e9pensesetrecettes<\u00e0250\u20ac|SaisiedansChorusFormulairedesDAetcertificationdesSF:M.J\u00e9r\u00f4meCOLIN,|MesdamesH\u00e9l\u00e8neTURLIER,LaurenceGRANGER,MoniqueFIORE,MartineTHUNOT,MaudDE-HAROMessieursR\u00e9mi:w>_.\u00bb_\u00bb_m_\u00bbetLouisDUSART|MmeC\u00e9cileHERMIER,cheffeduservice\\r\u00e9gionaletd\u00e9partementaldela\\communicationinterminist\u00e9rielle'Communicationinterminist\u00e9rielle:certificationdu|servicefaitquelquesoitlemontantM.J\u00e9r\u00f4meCOLIN,adjointauchefduservicer\u00e9gionaletd\u00e9partementaldelacommunicationinterminist\u00e9rielle-SaisiedansChorusFormulairedesDAetcertificationdesSF:M.J\u00e9r\u00f4meCOLIN,MesdamesH\u00e9l\u00e9neTURLIER,LaurenceGRANGER,MoniqueFIORE,MartineTHUNOT,MaudDE-HAROMessieursR\u00e9miBARRIERetLouisDUSARTM:OlivierGERSTLE,directeurdecabinetMmeC\u00e9cileHERMIER,cheffeduservicer\u00e9gionaletd\u00e9partementaldelacommunicationinterminist\u00e9rielle|C\u00e9r\u00e9moniespubliques\u00een...:m...dem\u00e9dailles):d\u00e9cisionsded\u00e9pensesetderecettesetcertificationduservice\nfait\nM.J\u00e9r\u00f4meCOLIN,adjointauchefduservicer\u00e9gionaletd\u00e9partementaldelacommunicationinterminist\u00e9rielle|SaisiedansChorusFormulairedesDAetcertificationdesSF:M.J\u00e9r\u00f4meCOLIN,MesdamesH\u00e9l\u00e8neTURLIER,LaurenceGRANGER,MoniqueFIORE,Martine|THUNOT,MaudDE-HAROMessieursR\u00e9mi'BARRIERetLouisDUSARTMmeC\u00e9cileHERMIER,cheffeduservicer\u00e9gionaletd\u00e9partementaldelacommunicationinterminist\u00e9rielle\"865'M.OlivierGERSTL\u00c9,directeurdecabinetM.J\u00e9r\u00f4meCOLIN,adjointauchefduservice\\interminist\u00e9rielle\nPr\u00e9fecture de la C\u00f4te-d'Or - 21-2024-09-17-00002 - Arr\u00eat\u00e9 pr\u00e9fectoral N\u00b0 1481 / SG du 17 septembre 2024 donnant  d\u00e9l\u00e9gation de\nsignature en mati\u00e8re de gestion des budgets op\u00e9rationnels\n104-111-112-113-119-122-124-129-135-137-147-148-161-163-172-181-206-207-209-215-216-217-218-219-232-303-348-349-354-357-362-363-3\n64-380-723-754-780-833  des fonds europ\u00e9ens et des recettes non fiscales et son annexe 1\n27\n| Saisie\n dans Chorus\n Formulaire\n des DA et\nBARRIER\n et Louis DUSART\ndes membres\n de-la commission\n de vid\u00e9o-surveillance\nmu\u00e6m\n ...:\u0152\u00ab\u00cb:_lm...m...l\u2014...mfi\ngM\u00cb\u00cbm\u00cbo:Mm@mMm_...\"nfi:\u00e6\n Q %s@qmmM\u03ae.m_\n nfi\u0153ofimcfl\n de cabinet\n 'M. Johann\n MOUGENOT,\n secr\u00e9taire\n g\u00e9n\u00e9ral\nMission\n interminist\u00e9rielle\n de lutte contre\n drogues\n et\nconduites\n addictives\n : d\u00e9cisions\n de d\u00e9penses\n \u2014\nDEPARTEMENTAL\n de C\u00d4TE\n d'OR\n\u2014 M. EricLATHUILLE, chef du service\nhumaines\n . \n_\nPr\u00e9fecture de la C\u00f4te-d'Or - 21-2024-09-17-00002 - Arr\u00eat\u00e9 pr\u00e9fectoral N\u00b0 1481 / SG du 17 septembre 2024 donnant  d\u00e9l\u00e9gation de\nsignature en mati\u00e8re de gestion des budgets op\u00e9rationnels\n104-111-112-113-119-122-124-129-135-137-147-148-161-163-172-181-206-207-209-215-216-217-218-219-232-303-348-349-354-357-362-363-3\n64-380-723-754-780-833  des fonds europ\u00e9ens et des recettes non fiscales et son annexe 1\n28\nM.Jeanvmc_uIO_s_sm,chefduservice'Budget-AchatM.R\u00e9miBARRIERchefdep\u00f4leServiceBudget-AchatMmeMartineTHUNOT,AdjointeauchefduServicewca@m....>o:m__:MmeLaurenceGRANGERetMmeMaudDE\nHAROM.EddyGAFFIOT:Responsableducentrede\\servicespartag\u00e9sr\u00e9gionalCHORUS,MmeC\u00e9lineJOUVENCEAUXadjointaur\u00e9sponsableducentredeservicespartag\u00e9s\u00abm.o...o:m_OIOmc\u0153_M.DidierPERALDI,chefduservice_.om...m\u00e4cm\\_\u00e4\u00e2oa_.__.m_.\\\u0153\u0153\u00eb_.ommInternes,M.Jean-ChristopheBRIOT,chefduSDISICM.Jean-LucJOBARD,chefdep\u00f4ledu\nSDISIC\n\"MmeNathalieBERGETitresdeperceptiondesBOPvis\u00e9sentitredelaT,Directricedu'M.EddyGAFFIOT.Responsableducentredepr\u00e9senteannexe,destaxesfiscalesaffect\u00e9es,desSecr\u00e9tariatg\u00e9n\u00e9ralcommund\u00e9partementalservicespartag\u00e9sr\u00e9gionalCHORUSpensionsalimentairesetdesConsignationsMmeC\u00e9line._Oc<mzom>cxadjointauenvironnement,desd\u00e9gr\u00e8vementsderedevances|r\u00e9sponsableducentredeservicespartag\u00e9sarch\u00e9ologiques-\u00e9tatr\u00e9capitulatifdescr\u00e9ancespourr\u00e9gionalCHORUSmiseenrecouvrement-lesadmissionsennon-valeurServicedesressourceshumainesMmeNathalieBERGET,DirectricedyMmeVal\u00e9rieMALATY,cheffedesressources|Secr\u00e9tariatgen\u00e9ralcommund\u00e9partemental|humaines.D\u00e9cisionsded\u00e9pensesetderecettespourM.ThomasOm<mm<_adjoint\u00e0lacheffedul'organisationdesconcourseoom:.o:_mm__mm_publicit\u00e9,Servicedesr\u00e9ssourceshumainesvacations)etler\u00e8glementdeshonorairesm\u00e9dicauxMmeChristelleTHEVENOTcheffedep\u00f4leRH\n10/25\nPr\u00e9fecture de la C\u00f4te-d'Or - 21-2024-09-17-00002 - Arr\u00eat\u00e9 pr\u00e9fectoral N\u00b0 1481 / SG du 17 septembre 2024 donnant  d\u00e9l\u00e9gation de\nsignature en mati\u00e8re de gestion des budgets op\u00e9rationnels\n104-111-112-113-119-122-124-129-135-137-147-148-161-163-172-181-206-207-209-215-216-217-218-219-232-303-348-349-354-357-362-363-3\n64-380-723-754-780-833  des fonds europ\u00e9ens et des recettes non fiscales et son annexe 1\n29\nLaurence GRANGER\n et Monique FIORE,\nPr\u00e9fecture de la C\u00f4te-d'Or - 21-2024-09-17-00002 - Arr\u00eat\u00e9 pr\u00e9fectoral N\u00b0 1481 / SG du 17 septembre 2024 donnant  d\u00e9l\u00e9gation de\nsignature en mati\u00e8re de gestion des budgets op\u00e9rationnels\n104-111-112-113-119-122-124-129-135-137-147-148-161-163-172-181-206-207-209-215-216-217-218-219-232-303-348-349-354-357-362-363-3\n64-380-723-754-780-833  des fonds europ\u00e9ens et des recettes non fiscales et son annexe 1\n30\n'lll\u2014_\u2014_\u2014\u2014\u2014eeCrrr|Umo...m...lo\u00e6\"glmMmM.Mofimlzwa_nlu\u0152mlmlzmv\u00fcwmwoflmfl%_,mlm.m:m\u2014m_Mme\u00e4mflml@ll\u00e4\u00f4c,mmwloqumflmml_,mlmlmformationadjointe.\u00b0M.OlivierGERSTL\u00c9,directeurdecabinetn\u00e9rale\n\\SaisiedansChorusFormulairedesDAetfoma_......om_...o:desSF:MesdamesEmmanuellew022>moo._._EricLATHUILLE,FabienneMERGEY,SylvieDESNOUVAUX,SophieLEFEBVRE\nD\u00e9cisionsded\u00e9pensesetderecettesrelatives\u00e0la\u2014\"|MmeNathalieBERGETDirectricedu\u2014-\\MmeNathalieBERGET,Directricedu|formation<\u00e05000\u20acSecr\u00e9tariatg\u00e9n\u00e9ralcommund\u00e9partemental\u00cf\u0153\u0153oa_m_....m...g\u00e9n\u00e9ralcommund\u00e9partementale|mm_.m...mam:mO:oEm_..o\u00e2c_m__,mammDAetcertificationdesSF-EEmmanuelle\u0153Ozz>m_uO._..SophieLEFEBVREMartineTHUNOT,MoniqueFIORER\u00e9miBARRIER;_.oc_.m__ucm>m._._MaudDE-\nHARO\nD\u00e9cisionsded\u00e9pensesetderecettesrelatives\u00eala\u2014EricLATHUILLE,chefduserviceGCQVTMme.DESNOUVAUXSylvie,adjointeauchefformation<\u00e01000\u20acduserviceGCQVT,cheffeduservicer\u00e9gionalSaisiedansChorusFormulairedesDAetcertificationdesSF:Emmanuellem022>m_u0._._SophieLEFEBVRE_'M.Jean_uxc_uIO_s_s_m.chefduserviceBudget-Achat'MartineTHUNOT,R\u00e9miBARRIERLouisDUSART,MaudDE-HARO\n12/25\nPr\u00e9fecture de la C\u00f4te-d'Or - 21-2024-09-17-00002 - Arr\u00eat\u00e9 pr\u00e9fectoral N\u00b0 1481 / SG du 17 septembre 2024 donnant  d\u00e9l\u00e9gation de\nsignature en mati\u00e8re de gestion des budgets op\u00e9rationnels\n104-111-112-113-119-122-124-129-135-137-147-148-161-163-172-181-206-207-209-215-216-217-218-219-232-303-348-349-354-357-362-363-3\n64-380-723-754-780-833  des fonds europ\u00e9ens et des recettes non fiscales et son annexe 1\n31\nDans le cadre de CHORUS DT: \nMme DESNOUVAUX Sylvie, Mme Nathalie BERGET, Directrice du\nmontant\n13/25\nPr\u00e9fecture de la C\u00f4te-d'Or - 21-2024-09-17-00002 - Arr\u00eat\u00e9 pr\u00e9fectoral N\u00b0 1481 / SG du 17 septembre 2024 donnant  d\u00e9l\u00e9gation de\nsignature en mati\u00e8re de gestion des budgets op\u00e9rationnels\n104-111-112-113-119-122-124-129-135-137-147-148-161-163-172-181-206-207-209-215-216-217-218-219-232-303-348-349-354-357-362-363-3\n64-380-723-754-780-833  des fonds europ\u00e9ens et des recettes non fiscales et son annexe 1\n32\nSaisiedansChorusFormulairedesDAetcertificationdesSF-MesdamesFlorenceVUILLEMIN,C\u00e9lineMEILLIER,IsabelleGUERIN,H\u00e9l\u00e8neTURLIERMartineTHUNOT,Laurence\u00aem>20mm_MoniqueFIORER\u00e9miBARRIER,LouisDUSART,MaudDE-\n'HARO\nI_UMA...m....o:mdeal......._wwmeml\u2014m_m\u00e4&wlwl__mlfll...owwomfiw,mfi..._l\u00ee_<_.l._of:mm:l_,\\_lodm..._,_lo\u00c6l\u0153muo_.l&M..._.mmm:ml\u00ebl_la__Mm,lzlm...wmmnwl\u0153mmmlmmU:moiowm:l-lam\u00e9decinedepr\u00e9vention|Secr\u00e9tariatg\u00e9n\u00e9ralcommund\u00e9partemental(jusqu'\u00e05000\u20ac)_'M.JeanPRUDHOMME,chefduserviceBudget-Achat(jusqu'\u00e01500\u00a2\u20ac)MmeMartineTHUNOTadjointeauchefdyServiceBudget-Achat(usqu'\u00e01500\u20ac)M.R\u00e9miBARRIERChefdep\u00f4leauseindu\\Servicebudgetachat(usqu'\u00e01500\u20ac)SaisiedansChorusFormulairedesDAetcertificationdesSF:MesdamesFlorenceVUILLEMIN,C\u00e9lineMEILLIER,Isabelle|GUERIN,H\u00e9l\u00e8neTURLIER,MartineTHUNOTLaurenceGRANGER,MoniqueFIOREet:MaudDE-HARO,MessieursR\u00e9miBARRIERetLouisDUSART,\nActionsocialeetm\u00e9decinedepr\u00e9vention-M.EricLATHUILLE,chefduserviceGCQUTMmeNathalieBERGET,Directriceduconstatationdeservicefaitquelquesoitlemontant|Secr\u00e9tariatg\u00e9n\u00e9ralcommund\u00e9partemental=2islalationdeservicefait||\\MmeSylvieDESNOUVAUX,adjointeauchef|'duserviceGCQVT,cheffeduservicer\u00e9gionaletd\u00e9partementaldeformation\nPr\u00e9fecture de la C\u00f4te-d'Or - 21-2024-09-17-00002 - Arr\u00eat\u00e9 pr\u00e9fectoral N\u00b0 1481 / SG du 17 septembre 2024 donnant  d\u00e9l\u00e9gation de\nsignature en mati\u00e8re de gestion des budgets op\u00e9rationnels\n104-111-112-113-119-122-124-129-135-137-147-148-161-163-172-181-206-207-209-215-216-217-218-219-232-303-348-349-354-357-362-363-3\n64-380-723-754-780-833  des fonds europ\u00e9ens et des recettes non fiscales et son annexe 1\n33\nM Jean _umc_u_._nwz_z_.m. chef n_:\\mm\u00eb......\u00e4\ncertification\n des SF:\n0\n \n| \nDUSART,\n'\n| Saisie dans CHORUS\n Formulaire\n des DA et\nPr\u00e9fecture de la C\u00f4te-d'Or - 21-2024-09-17-00002 - Arr\u00eat\u00e9 pr\u00e9fectoral N\u00b0 1481 / SG du 17 septembre 2024 donnant  d\u00e9l\u00e9gation de\nsignature en mati\u00e8re de gestion des budgets op\u00e9rationnels\n104-111-112-113-119-122-124-129-135-137-147-148-161-163-172-181-206-207-209-215-216-217-218-219-232-303-348-349-354-357-362-363-3\n64-380-723-754-780-833  des fonds europ\u00e9ens et des recettes non fiscales et son annexe 1\n34\n|M.R\u00e9miBARRIER,Chefdep\u00f4leauseinduM.JeanPRUDHOMME,chefduserviceservicebudgetachatBudget-Achat|SaisiedansChorusFormulairedesDAetcertificationdesSF:MesdamesH\u00e9l\u00e8neTURLIER,LaurenceGRANGER,Monique'FIORE,MartineTHUNOT,etMaudDE-HARO,|MessieursR\u00e9miBARRIERetLouisDUSART,MmeMartineTHUNOT,AdjointeduChefdue!lllll\"fll\u00ab\u00ab'\u2014\u2014\u2014DanslecadredeChorusDT-M.JeanPRUDHOMME,chefduserviceBudget-AchatserviceBudget-AchatD\u00e9cisionsded\u00e9pensesetderecettesrelativesaux-'M.R\u00e9miBARRIER,Chefdep\u00f4leauseindutransports,\u00e0I'h\u00e9bergementetauxfraisdeboucheenserviceBudget-Achat-\\tantquevalideurhi\u00e9rarchiqueVH1,validationgestionnairesduBOP354.administrateurlocalautitre|MesdamesH\u00e9l\u00e8neTURLIER,Laurencedel'aasistancedesutilisateurs.GRANGERetMaudDEHARO|MmeC\u00e9lineJOUVENCEAUXadjointauresponsableducentredeservicespartag\u00e9sr\u00e9gionalCHORUS,f-\u2014\u2014\"Srrrrreme\u2014_\u2014-\u2014|ConstatationdeservicefaitquelquesoitlemontantM.DidierPERALDI,chefduserviceM.KarimBRAHIMI,chefdup\u00f4leimmobilierLogistique,ImmobilieretServicesInternes'MmeGhislaineTOULON,adjointeauchefde||'p\u00f4leimmobilierM.JeanPRUDHOMME,chefduserviceDidierTHEVENET,agentduservice|budgetachatLogistique,ImmobilieretServicesInternes'MmeMartineTHUNOT,AdjointeduchefduServiceBudget-Achat'M.R\u00e9miBARRIER,-chefdep\u00f4leauseinduServiceBudget-Achat,'SaisiedansChorusFormulairedesDAet|certificationdesSF:MesdamesH\u00e9l\u00e8neTURLIER,LaurenceDw>20mm.__<_o:...ncm_FIORE,MartineTHUNOTetMaudDE-HARO,MessieursR\u00e9miBARRIERetLouisDUSART\nPr\u00e9fecture de la C\u00f4te-d'Or - 21-2024-09-17-00002 - Arr\u00eat\u00e9 pr\u00e9fectoral N\u00b0 1481 / SG du 17 septembre 2024 donnant  d\u00e9l\u00e9gation de\nsignature en mati\u00e8re de gestion des budgets op\u00e9rationnels\n104-111-112-113-119-122-124-129-135-137-147-148-161-163-172-181-206-207-209-215-216-217-218-219-232-303-348-349-354-357-362-363-3\n64-380-723-754-780-833  des fonds europ\u00e9ens et des recettes non fiscales et son annexe 1\n35\n_Om_.m\u0153m\\:d\u00e9cisionsdemmum:wmmet_.N...mzmm<\u00e01500\u20ac__<_3mNathaliewm_\u00bbo\\m._._\u0152_\u00e4o\u00e6._omdu._s.DidierPERALDI,chefduserviceSecr\u00e9tariatg\u00e9n\u00e9ralcommund\u00e9partemental|Logistique,ImmobilieretServicesInternesSaisiedansChorusFormulairedesDAetcertificationdesSF:MesdamesH\u00e9l\u00e8neTURLIER,LaurenceGRANGER,MoniqueFIORE,MartineTHUNOTetMaudDE-HARO,MessieursR\u00e9miBARRIERetLouisDUSARTGarage:certificationduservicefaitquelquesoitleM.DidierPERALDI,chefdumm._.<_omM.JeanPRUDHOMME,chefduservicemontantLogistique,ImmobilieretServicesInternesBudget-AchatSaisiedansChorusFormulairedesDAetcertificationdesSF:MesdamesH\u00e9l\u00e8neTURLIER,LaurenceGRANGER,MoniqueFIORE,MartineTHUNOTetMaudDE-HARO,MessieursR\u00e9miBARRIERetLouisDUSARTI-SERVICED\u00c9PARTEMENTALINTERMINIST\u00c9RIELDESSYST\u00c8MESD'INFORMATIONETDECOMMUNICATIOND\u00e9cisionsded\u00e9pensesetderecettesfim_.n..._?mwauM.Johannz_OcmszHsecr\u00e9taireg\u00e9n\u00e9ral|MmeAmelleGHAYOU,secr\u00e9taire@...m:m_.m_\u0153SIDSIC>5000\u20ac_adjointe'M.OlivierGERSTLE,directeurdecabinetSaisiedansChorusFormulairedesDAetcertificationdesSF:MesdamesH\u00e9l\u00e8neTURLIER,LaurenceGRANGER,MoniqueFIORE,MartineTHUNOTetMaudDE-HARO,MessieursR\u00e9miBARRIERetLouisDUSART\n17/25\nPr\u00e9fecture de la C\u00f4te-d'Or - 21-2024-09-17-00002 - Arr\u00eat\u00e9 pr\u00e9fectoral N\u00b0 1481 / SG du 17 septembre 2024 donnant  d\u00e9l\u00e9gation de\nsignature en mati\u00e8re de gestion des budgets op\u00e9rationnels\n104-111-112-113-119-122-124-129-135-137-147-148-161-163-172-181-206-207-209-215-216-217-218-219-232-303-348-349-354-357-362-363-3\n64-380-723-754-780-833  des fonds europ\u00e9ens et des recettes non fiscales et son annexe 1\n36\n_'Umo_m...o:mded\u00e9pensesetdeqm.......m:mwqm_maswmau._<_3mZm\\\u00eem_...mBERGET,U..._\u00e4o_\\zoodu|M.JeanPRUDHOMME,chefduservice'SIDSIC<\u00e05000\u20acSecr\u00e9tariatg\u00e9n\u00e9ralcommund\u00e9partemental|Budget-Achat(jusqu'a1500\u20ac)MmeMartineTHUNOT,AdjointeduChefduserviceBudget-Achat(jusqu'\u00e01500\u20ac)MonsieurR\u00e9miBARRIER,Chefdep\u00f4leau-seinduserviceBudget-Achat(jusqu'a1500\u20ac)SaisiedansChorusFormulairedesDAetcertificationdesSF:MesdamesH\u00e9l\u00e8ne.TURLIER,LaurenceGRANGER,Monique'FIORE,MartineTHUNOTetMaudDE-HARO,MessieursR\u00e9miBARRIERetLouisDUSARTD\u00e9cisionsded\u00e9pensesetderecettesrelativesauM..._mm:-o_fi_w\u2014...\u00ffm%_ol._._%flQc|m0_|m_oll_<_.Jean-LucJOBARD,adjointauchefdu_SIDSIC<\u00e0500\u20acSIDSICSaisiedansChorusFormulairedesDAetcertificationdesSF:MesdamesH\u00e9l\u00e8neTURLIER,LaurenceGRANGER,MoniqueFIORE,MartineTHUNOTetMaudDE-HARO,MessieursR\u00e9miBARRIERetLouisDUSARTOo:flmfi......\u00fc:dem\u0153fi...o\u00e6@m:relatifauml:u\u0153!_m\u00f1fim_ndmg._Ma-o:q...m_o_u:m\u0153md._._\u00e4...\u00e4\u0153o_m_ol_.\u00e4.._mm\u00e4l._wanN_\u00bbnfi&o_\u00e2auo\u00fcdu_soitlemontant|SIDSICM.JeanPRUDHOMME,chefduserviceBudget-Achat_.7MmeMartineTHUNOT,AdjointeduChefduServiceBudget-Achat|_M.R\u00e9miBARRIER,chefdep\u00f4leauseinduServiceBudget-Achat\n18/25\nPr\u00e9fecture de la C\u00f4te-d'Or - 21-2024-09-17-00002 - Arr\u00eat\u00e9 pr\u00e9fectoral N\u00b0 1481 / SG du 17 septembre 2024 donnant  d\u00e9l\u00e9gation de\nsignature en mati\u00e8re de gestion des budgets op\u00e9rationnels\n104-111-112-113-119-122-124-129-135-137-147-148-161-163-172-181-206-207-209-215-216-217-218-219-232-303-348-349-354-357-362-363-3\n64-380-723-754-780-833  des fonds europ\u00e9ens et des recettes non fiscales et son annexe 1\n37\nSaisiedansChorusFormulairedesDAetcertificationdesSF:MesdamesH\u00e9l\u00e8neTURLIER,LaurenceGRANGER,MoniqueFIORE,MartineTHUNOT,etMaudDE-HARO,MessieursR\u00e9miBARRIERetLouisDUSART,...o:mdelivraison-Fichesetrapportsd'interventionsM.Jean-ChristopheBRIOT,chefduSDISICM.Jean-LucJOBARD,adjointauchefdutechniques.7SIDSICII!\u2014DIRECTIONDEL'IMMIGRATIONETDELANATIONALITEFraisderepr\u00e9sentationdudirecteur:d\u00e9cisionsdeMonsieurS\u00e9bastienGAUTHEY,directeurde|d\u00e9pensesetderecettes-certificationduservicefait|l'immigrationetdelanationalit\u00e9\n|\n_|[DanslecadredeCHORUSDT:MonsieurS\u00e9bastienGAUTHEY,directeurde_MmeC\u00e9lineMANELLI,attach\u00e9eFraisded\u00e9placementpourl'ensembledesagentsdeI'immigrationetdelanationalit\u00e9d'administrationdel'\u00c9tat,cheffeduserviceladirection:ordresdemission-et\u00e9tatsdefraisimmigrationetint\u00e9grationM.JeanChristopheTHUILLIER,attach\u00e9d'admnistrationdel'\u00c9tat,responsabledelaplateformenaturalisationMmeCatelineZARIC,adjointduresponsabledelaplateformenaturalisation|\n19/25\nPr\u00e9fecture de la C\u00f4te-d'Or - 21-2024-09-17-00002 - Arr\u00eat\u00e9 pr\u00e9fectoral N\u00b0 1481 / SG du 17 septembre 2024 donnant  d\u00e9l\u00e9gation de\nsignature en mati\u00e8re de gestion des budgets op\u00e9rationnels\n104-111-112-113-119-122-124-129-135-137-147-148-161-163-172-181-206-207-209-215-216-217-218-219-232-303-348-349-354-357-362-363-3\n64-380-723-754-780-833  des fonds europ\u00e9ens et des recettes non fiscales et son annexe 1\n38\nServiced'immigrationetd'int\u00e9gration[|\u2014D\u00e9cisionsded\u00e9pensesetderecettesetcertification|MonsieurS\u00e9bastienGAUTHEY,directeurde|MmeC\u00e9lineMANELLI,attach\u00e9edeservicefaitpourlesvacationsdetraducteurs-interpr\u00e8tesI'immigrationetdelanationalit\u00e9D\u00e9cisionsderecoursauxprestationsd'avocatMonsieurS\u00e9bastienGAUTHEY,directeurdel'immigrationetdelanationalit\u00e9XIV-DIRECTIONDESCOLLECTIVITESLOCALESETDESELECTIONS,_uflmmmderepr\u00e9sentationdua_mmoflmcfi:d\u00e9cisionsQMd\u00e9pensesetderecettes-certificationduservicefait\\DanslecadredeCHORUSDT:Fraisded\u00e9placementpour'ensembledesagentsdeladirection:ordresdemissionet\u00e9tatsdefraislocationsdiverses,bulletinsdevotepourles._,\\_o:m...mcfiJean-LucMILANI,m:mo:m\\:o_.m\nclasse\nd'administrationdel'\u00c9tat,cheffeduserviceimmigrationetint\u00e9grationMmeMartineTHUNOT,AdjointeduChefduServiceBudget-AchatMmeC\u00e9lineMANELLI,attach\u00e9ed'administrationdel'Etat,cheffeduserviceimmigrationetint\u00e9grationMonsieurJean-LucMILANI,directeurdescollectivit\u00e9slocalesetdes\u00e9lectionscollectivit\u00e9slocalesetdes\u00e9lectionsD\u00e9cisionsded\u00e9pensesetconstatationduservicefait_MonsieurJean-LucMILANI,directeurdespourlesfrais(horslignest\u00e9l\u00e9phoniques)relatifs\u00e0l'organisationmat\u00e9rielledesdiff\u00e9rentes\u00e9lections(imprim\u00e9s,acheminementdedocuments\u00e9lectoraux,MmeFadilaELHARTI,cheffedubureaudes|collectivit\u00e9slocalesMmeClaireBROUSSE,chefdubureaudes\u00e9lectionsetdelar\u00e9glementationMmeQm__dBROUSSE,cheffedubureaudes|\u00e9lectionsetdelar\u00e9glementationMmeDelphineHORNY,adjointeauchefdubureaudes\u00e9lectionsetdelar\u00e9glementation\nPr\u00e9fecture de la C\u00f4te-d'Or - 21-2024-09-17-00002 - Arr\u00eat\u00e9 pr\u00e9fectoral N\u00b0 1481 / SG du 17 septembre 2024 donnant  d\u00e9l\u00e9gation de\nsignature en mati\u00e8re de gestion des budgets op\u00e9rationnels\n104-111-112-113-119-122-124-129-135-137-147-148-161-163-172-181-206-207-209-215-216-217-218-219-232-303-348-349-354-357-362-363-3\n64-380-723-754-780-833  des fonds europ\u00e9ens et des recettes non fiscales et son annexe 1\n39\npr\u00e9sidentielles,prestatairedemmE_oM.:vf\u2014\n'MmeFadilaELHARTI,cheffedubureaudescollectivit\u00e9slocales|SaisiedansChorusFormulairedesDAetcertificationdesSF:M.EricFINOT\u2014MmesClaireBROUSSEetDelphineHORNYpourlesfraisrelatifs\u00e0l'installationdeslignest\u00e9l\u00e9phoniquesn\u00e9cessaires\u00e0l'organisationdes\u00e9lectionsdiversesD\u00e9cisionsded\u00e9pensesetcertificationduservicefait|MonsieurJean-LucMILANI,directeurdescollectivit\u00e9slocalesetdes\u00e9lectionsMmeClaireBROUSSE,cheffedubureaudes\u00e9lectionsetdelar\u00e9glementationMmeDelphineHORNY,adjointeauchefdubureaudes\u00e9lectionsetdelar\u00e9glementationMmeFadilaELHARTI,cheffedubureaudescollectivit\u00e9slocalesM.Jean-ChristopheBRIOT,chefduSIDSIC|M.Jean-LucJOBARD,adjointauchefdu\nSIDSICSaisiedansChorusFormulairedesDAetcertificationdesSF:M.EricFINOT\u2014MmesClaireBROUSSEetDelphineHORNYUmo...w...oamderemboursementdesfraisdepropagandeMonsieurJean-LucMILANI,directeurdesauxcandidatsouauximprimeurs,etdesfraisd'affichagedelapropagandeetcertificationdeservice\nfait\ncollectivit\u00e9slocalesetdes\u00e9lectionsMmeClaireBROUSSE,cheffedubureaudes\u00e9lectionsetdelar\u00e9glementationMmeDelphineHORNY,adjointeauchefdubureaudes\u00e9lectionsetdelar\u00e9glementationMmeFadilaELHARTI,cheffedubureaudescollectivit\u00e9slocalesSaisiedansChorusFormulairedesDAetcertificationdesSF:M.EricFINOT\u2014-MmesClaireBROUSSEetDelphineHORNY'D\u00e9cisionsderemboursementQmmfraisdeomBU\\m@:m:,\\_o:m...mc\u2014\\._mm:-_.:oMILANI,directeurdesauxcandidatsayantobtenu5%dessuffragessur&mo_m\\...o:delaCNCCFPetcertificationduservicefaitcollectivit\u00e9slocalesetdes\u00e9lections21/25\nMmeClaireBROUSSE,cheffedubureaudes\u00e9lectionsetdelar\u00e9glementation\nPr\u00e9fecture de la C\u00f4te-d'Or - 21-2024-09-17-00002 - Arr\u00eat\u00e9 pr\u00e9fectoral N\u00b0 1481 / SG du 17 septembre 2024 donnant  d\u00e9l\u00e9gation de\nsignature en mati\u00e8re de gestion des budgets op\u00e9rationnels\n104-111-112-113-119-122-124-129-135-137-147-148-161-163-172-181-206-207-209-215-216-217-218-219-232-303-348-349-354-357-362-363-3\n64-380-723-754-780-833  des fonds europ\u00e9ens et des recettes non fiscales et son annexe 1\n40\nD\u00e9cisionsderemboursementdesfraisrelatifsal'acheminementdesproc\u00e8s-verbaux\u00e0lacommissionderecensementdesvotesetcertificationdeservice\nfaitD\u00e9cisionsderemboursementdesfraisengag\u00e9sparlescommunes(fraisd'assembl\u00e9e,urnes,\u00e9tiquettes,\u00e9tablissementdeslistes\u00e9lectorales)etcertificationduservicefait\nMonsieurJean-LucMILANI,directeurdescollectivit\u00e9slocalesetdes\u00e9lectionsMmeDelphineHORNY,adjointeauchefdubureaudes\u00e9lectionsetdelar\u00e9glementationMmeFadilaELHARTI,cheffedubureaudescollectivit\u00e9slocalesSaisiedansChorusFormulairedesDAetcertificationdesSF:M.EricFINOT\u2014-MmesClaireBROUSSEetDelphineHORNYMmeClaireBROUSSE,cheffedubureaudes\u00e9lectionsetdelar\u00e9glementationMmeDelphineHORNY,adjointeauchefdubureaudes\u00e9lectionsetdelar\u00e9glementationMmeFadilaELHARTI,cheffedubureaudescollectivit\u00e9slocalesSaisiedansChorusFormulairedesDAetcertificationdesSF:M.EricFINOT\u2014-MmesClaireBROUSSEetDelphineHORNY|MonsieurJean-LucMILANI,directeurdescollectivit\u00e9slocalesetdes\u00e9lectionsConstatationdeservicefaitpourleremboursementdesfraisded\u00e9placementElectionss\u00e9natorialesMonsieurJean-LucMILANI,directeurdescollectivit\u00e9slocalesetdes\u00e9lections22/25\n}|\nMmeClaireBROUSSE,cheffedubureaudes\u00e9lectionsetdelar\u00e9glementationMmeDelphineHORNY,adjointeauchefdu.bureaudes\u00e9lectionsetdelar\u00e9glementationMmeFadilaELHARTI,cheffedubureaudescollectivit\u00e9slocalesSaisiedansChorusFormuiairedesDAetcertificationdesSF:M.EricFINOT\u2014MmesClaireBROUSSEetDelphineHORNY\u2014MmeClaireBROUSSE,cheffedubureaudes\u00e9lectionsetdelar\u00e9glementationMmeDelphineHORNY,adjointeauchefdubureaudes\u00e9lectionsetdelar\u00e9glementationMmeFadilaELHARTI,cheffedubureaudescollectivit\u00e9slocales\nPr\u00e9fecture de la C\u00f4te-d'Or - 21-2024-09-17-00002 - Arr\u00eat\u00e9 pr\u00e9fectoral N\u00b0 1481 / SG du 17 septembre 2024 donnant  d\u00e9l\u00e9gation de\nsignature en mati\u00e8re de gestion des budgets op\u00e9rationnels\n104-111-112-113-119-122-124-129-135-137-147-148-161-163-172-181-206-207-209-215-216-217-218-219-232-303-348-349-354-357-362-363-3\n64-380-723-754-780-833  des fonds europ\u00e9ens et des recettes non fiscales et son annexe 1\n41\nXV\u2014DIRECTIONDELACOORDINATIONDESPOLITIQUESPUBLIQUESETDEL'APPUITERRITORIAL_.Umo...w_o:mded\u00e9pensesetderecettes-certificationdu|M.PhilippeGOUTORBE,directeurdelaservicefaitpourlesfraisderepr\u00e9sentationdudirecteurcoordinationdespolitiquespubliquesetdel'appuiterritorial\u00cbm:\u0153lecadredeCHORUSDT:|M.PhilippeGOUTORBE,directeurdela...\\MmeEvelyneMORI,cheffedup\u00f4leFraisded\u00e9placementpourl'ensembledesagentsde|coordinationdespolitiquespubliquesetdeenvironnementeturbanismeladirection:ordresdemissionet\u00e9tatsdefraisl'appuiterritorialMmeMich\u00e8leGUSCHEMANN,cheffedup\u00f4leam\u00e9nagementduterritoire,__uc_u_...omao:\u0153_d'annoncesl\u00e9galesrelativesmS...MmeEvelyneMORI,chefdup\u00f4leM.JohannMOUGENOT,secr\u00e9taireg\u00e9n\u00e9ral'enqu\u00e9tespubliques:d\u00e9cisionsded\u00e9pensesetde\\environnementeturbanisme\\recettes-certificationduservicefait.MPhilippeGOUTORBE,directeurdelacoordinationdespolitiquespubliquesetdel'appuiterritorial,M.GuillaumeBROUILLARD,adjointauchefdup\u00f4leenvironnementeturbanisme\\Dotationsetavancesauxcollectivit\u00e9slocales:MmeMich\u00e8leGUSCHEMANN,chefdup\u00f4le|M.JohannMOUGENOT,secr\u00e9taireg\u00e9n\u00e9rald\u00e9cisionsded\u00e9pensesetderecettes-certificationduam\u00e9nagementduterritoireservicefaitMmeC\u00e9liaHAMOUD,adjointeauchefdup\u00f4leam\u00e9nagementduterritoireSaisiedansChorusFormulairedesDSetcertificationdesSF:FatimaKANKAYA,C\u00e9liaHAMOUDetMmeMarie-PierreAUBRY\n23125\nPr\u00e9fecture de la C\u00f4te-d'Or - 21-2024-09-17-00002 - Arr\u00eat\u00e9 pr\u00e9fectoral N\u00b0 1481 / SG du 17 septembre 2024 donnant  d\u00e9l\u00e9gation de\nsignature en mati\u00e8re de gestion des budgets op\u00e9rationnels\n104-111-112-113-119-122-124-129-135-137-147-148-161-163-172-181-206-207-209-215-216-217-218-219-232-303-348-349-354-357-362-363-3\n64-380-723-754-780-833  des fonds europ\u00e9ens et des recettes non fiscales et son annexe 1\n42\nCertificationdeservicefaitdesd\u00e9pensesd'avocatM.Fr\u00e9d\u00e9ricPELISSIER,chefdup\u00f4lejuridiqueinter-servicesMmeDominiqueLEMAITRE,charg\u00e9edemissiondup\u00f4lejuridiqueinter-servicesCondamnationsdel'\u00c9tatparlesjuridictionsM.Fr\u00e9d\u00e9ricPELISSIER,chefdup\u00f4lejuridiqueinter-servicesMmeDominiqueLEMAITRE,charg\u00e9edemissiondup\u00f4lejuridiqueinter-servicesIndemnisationsparl'\u00c9tatsuiteaurefusdelaforcepubliquedanslecadredesexpulsionslocativesM.Fr\u00e9d\u00e9ricPELISSIER,chefdup\u00f4le\\juridiqueinter-servicesMmeDominique_.m_<_>:._wm.charg\u00e9ede|missiondup\u00f4lejuridiqueinter-services.._.oc_mmautresindemnisationsli\u00e9e\u00e0l''engagementdelaM.Fr\u00e9d\u00e9ricPELISSIER,chefdup\u00f4le-responsabilit\u00e9del'\u00c9tatXVI\u2014SECRETARIATGENERALPOURLESAFFAIRESREGIONALES...juridiqueinter-servicesMmeDominiqueLEMAITRE,charg\u00e9edemissiondup\u00f4lejuridiqueinter-servicesFraisderepr\u00e9sentationdusecr\u00e9taireg\u00e9n\u00e9ralpourlesl\u00e4Bmfi.:mCOSTEDECHAMPERON,\n\u0178\n'affairesr\u00e9gionales:d\u00e9cisionsded\u00e9pensesetderecettes\u2014certificationduservicefait|secr\u00e9taireg\u00e9n\u00e9ralepourlesaffairesr\u00e9gionalesdeBourgogne\u2014Franche-Comt\u00e9'24/25CertificationdesSF:MmesDinaPAPINetC\u00e9cilineLEVENARD\u2014M.JulienMARLOT\nPr\u00e9fecture de la C\u00f4te-d'Or - 21-2024-09-17-00002 - Arr\u00eat\u00e9 pr\u00e9fectoral N\u00b0 1481 / SG du 17 septembre 2024 donnant  d\u00e9l\u00e9gation de\nsignature en mati\u00e8re de gestion des budgets op\u00e9rationnels\n104-111-112-113-119-122-124-129-135-137-147-148-161-163-172-181-206-207-209-215-216-217-218-219-232-303-348-349-354-357-362-363-3\n64-380-723-754-780-833  des fonds europ\u00e9ens et des recettes non fiscales et son annexe 1\n43\n_\\_;_\u2014-_\u2014Rq=;_Fraisderepr\u00e9sentationdesadjointsausecr\u00e9taireM.MmeBERNARD,adjointeausecr\u00e9taireCertificationdesSF:MmesDinaPAPINetg\u00e9n\u00e9ralpourlesaffairesr\u00e9gionales:d\u00e9cisionsdeg\u00e9n\u00e9ralpourlesaffairesr\u00e9gionalesdeC\u00e9cilineLEVENARD\u2014M.JulienMARLOTd\u00e9pensesetderecettes\u2014certificationduservicefaitBourgogne\u2014Franche-Comt\u00e9,charg\u00e9dup\u00f4le|\u00abpolitiquespubliquesinterminist\u00e9rielles\u00bbMMMmeMiladaPANTICadjointeausecr\u00e9taireg\u00e9n\u00e9ralpourlesaffairesr\u00e9gionalesdeBourgogne-Franche-Comt\u00e9,charg\u00e9dup\u00f4lemoyens,mutualisationetmodernisation|DanslecadredeCHORUSDT-MmeMiladaPANTIC,SGAR-adjointe\\...Omn\u00e4mmzomdesm._n)_<_3m\\mDina...u>_u_.../_mMFraisded\u00e9placementpourlesecr\u00e9taireg\u00e9n\u00e9ralpour|M.JulienMARLOT,directeurdelaplate-|C\u00e9cilineLEVENARD-M.JulienMARLOTlesaffairesr\u00e9gionales:ordredemissionet\u00e9tatdeformer\u00e9gionaleFinances,Budgets,frais\\Immobilier|\\DanslecadredeCHORUSDT:MmeMiladaPANTIC,SGAR-adjointeD\u00e9cisionsded\u00e9pensesetderecettesconcernantles|M.JulienMARLOT,directeurdelaplate-transportsetI'n\u00e9bergement(ycomprispourlaformer\u00e9gionaleFinances,Budgets,|\\formation)Immobilier||(MmesDinaPAPINetC\u00e9cilineLEVENARDFait\u00e0Dijon,le13/09/2024LePr\u00e9fetSign\u00e9:FranckROBINE\n25/25\nPr\u00e9fecture de la C\u00f4te-d'Or - 21-2024-09-17-00002 - Arr\u00eat\u00e9 pr\u00e9fectoral N\u00b0 1481 / SG du 17 septembre 2024 donnant  d\u00e9l\u00e9gation de\nsignature en mati\u00e8re de gestion des budgets op\u00e9rationnels\n104-111-112-113-119-122-124-129-135-137-147-148-161-163-172-181-206-207-209-215-216-217-218-219-232-303-348-349-354-357-362-363-3\n64-380-723-754-780-833  des fonds europ\u00e9ens et des recettes non fiscales et son annexe 1\n44\nPr\u00e9fecture de la C\u00f4te-d'Or - 21-2024-09-17-00002 - Arr\u00eat\u00e9 pr\u00e9fectoral N\u00b0 1481 / SG du 17 septembre 2024 donnant  d\u00e9l\u00e9gation de\nsignature en mati\u00e8re de gestion des budgets op\u00e9rationnels\n104-111-112-113-119-122-124-129-135-137-147-148-161-163-172-181-206-207-209-215-216-217-218-219-232-303-348-349-354-357-362-363-3\n64-380-723-754-780-833  des fonds europ\u00e9ens et des recettes non fiscales et son annexe 1\n45","date":"2024-09-18","first_seen_on":"2025-09-14T16:16:37+00:00","id":"595fd1de244b05d50c76dd8221ab701feaab1a4b7787ad96e537993fff349030","name":"RAA n\u00b0 128 du 18 septembre 2024","pdf_creation_date":"2024-09-18T14:07:42+00:00","pdf_modification_date":null,"timezone":"Europe/Paris","url":"https://www.cote-dor.gouv.fr/contenu/telechargement/22120/169194/file/recueil-21-2024-128-recueil-des-actes-administratifs-nominatifs.pdf"}
