{"administration":"pref03","administration_name":"Pr\u00e9fecture de l\u2019Allier","content":"ALLIER\nRECUEIL DES ACTES\nADMINISTRATIFS SP\u00c9CIAL\nN\u00b003-2026-030\nPUBLI\u00c9 LE  4 F\u00c9VRIER 2026\nSommaire\n03_DDETSPP_Direction D\u00e9partementale de l'Emploi, du Travail, des\nSolidarit\u00e9s et de la Protection des Populations de l'Allier /\n03-2026-01-29-00001 - D\u00e9cision du 29 janvier 2026 conf\u00e9rant\nsubd\u00e9l\u00e9gation de signature \u00e0 ses collaborateurs par\nle Directeur\nD\u00e9partemental de l'Emploi, du Travail, des Solidarit\u00e9s\net de la\nProtection des Populations de l'Allier \u00e0 effet de signer\nles d\u00e9cisions,\nactes administratifs, avis et correspondances relevant des comp\u00e9tences\npropres de la DREETS (6 pages) Page 3\n03-2026-02-03-00003 - Extrait de l'arr\u00eat\u00e9 pr\u00e9fectoral n\u00b0170/2026\ndu 3 f\u00e9vrier 2026 de lev\u00e9e de l'arr\u00eat\u00e9 n\u00b02903/2025\nr\u00e9glementant la circulation des porcs \u00e9lev\u00e9s en plein air et des\nsangliers dans le d\u00e9partement de l'Allier suite \u00e0 la d\u00e9claration\nd'infection d'un \u00e9levage de sangliers au regard de la maladie\nd'Aujeszky (1 page) Page 10\n03-2026-02-04-00001 - Extrait de l'arr\u00eat\u00e9 pr\u00e9fectoral n\u00b0193/2026\ndu 4 f\u00e9vrier 2026 relatif aux tarifs des courses de taxi pour l'ann\u00e9e\n2026 (5 pages) Page 12\n2\n03_DDETSPP_Direction D\u00e9partementale de\nl'Emploi, du Travail, des Solidarit\u00e9s et de la\nProtection des Populations de l'Allier\n03-2026-01-29-00001\nD\u00e9cision du 29 janvier 2026 conf\u00e9rant\nsubd\u00e9l\u00e9gation de signature \u00e0 ses collaborateurs\npar\nle Directeur D\u00e9partemental de l'Emploi, du\nTravail, des Solidarit\u00e9s\net de la Protection des Populations de l'Allier \u00e0\neffet de signer\nles d\u00e9cisions, actes administratifs, avis et\ncorrespondances relevant des comp\u00e9tences\npropres de la DREETS\n03_DDETSPP_Direction D\u00e9partementale de l'Emploi, du Travail, des Solidarit\u00e9s et de la Protection des Populations de l'Allier -\n03-2026-01-29-00001 - D\u00e9cision du 29 janvier 2026 conf\u00e9rant subd\u00e9l\u00e9gation de signature \u00e0 ses collaborateurs par\nle Directeur D\u00e9partemental de l'Emploi, du Travail, des Solidarit\u00e9s\net de la Protection des Populations de l'Allier \u00e0 effet de signer\nles d\u00e9cisions, actes administratifs, avis et correspondances relevant des comp\u00e9tences propres de la DREETS\n3\nMINISTERE Direction D\u00e9partementale de l'Emploi,DE acre ELA SANT\u00c9, du Travail, des Solidarit\u00e9s et de laET DES FAMILLES Protection des PopulationsLibert\u00e9 |Egalit\u00e9Fraternit\u00e9\nDECISIONconf\u00e9rant subd\u00e9l\u00e9gation de signature \u00e0 ses collaborateurs parle Directeur D\u00e9partemental de l'Emploi, du Travail, des Solidarit\u00e9set de la Protection des Populations de l'Allier \u00e0 effet de signerles d\u00e9cisions, actes administratifs, avis et correspondances relevant des comp\u00e9tencespropres de la DREETS\nVu le code de l'action sociale et des familles ;Vu le code de la d\u00e9fense ;Vu le code de l'\u00e9ducation ;Vu le code de la s\u00e9curit\u00e9 sociale ;Vu le code des transports ;Vu le code du travail ;Vu le code rural et de la p\u00e9che maritime ;Vu le d\u00e9cret n\u00b02015-1689 du 17 d\u00e9cembre 2015 portant diverses mesures d'organisation et defonctionnement dans les r\u00e9gions de l'administration territoriale de l'\u00c9tat et de commissionsadministratives. ;Vu le d\u00e9cret n\u00b02020-1545 du 9 d\u00e9cembre 2020 relatif \u00e0 l'organisation et aux missions desdirections r\u00e9gionales de l'\u00e9conomie, de l'emploi, du travail et des solidarit\u00e9s, des directionsd\u00e9partementales de l'emploi, du travail et des solidarit\u00e9s et des directions d\u00e9partementales del'emploi, du travail, des solidarit\u00e9s et de la protection des populations ;Vu l'arr\u00eat\u00e9 interminist\u00e9riel du 23 juillet 2025 portant nomination de Madame Fabienne FOURNIER-BERAUD en qualit\u00e9 de directrice r\u00e9gionale de l'\u00e9conomie, de l'emploi, du travail et des solidarit\u00e9sde la r\u00e9gion Auvergne-Rh\u00f4ne-Alpes \u00e0 compter du 1er septembre 2025 ;Vu l'arr\u00eat\u00e9 n\u00b02026-09 du 28 janvier 2026 de la directrice r\u00e9gionale de l'\u00e9conomie, l'emploi, dutravail et des solidarit\u00e9s portant d\u00e9l\u00e9gation de signature aux directeurs d\u00e9partementaux del'emploi, du travail, des solidarit\u00e9s et de la protection des populations ;Sur proposition du Directeur D\u00e9partemental de l'Emploi, du Travail, des Solidarit\u00e9s et de laProtection des Populations de l'Allier,D\u00c9CIDEArticle 1er: En cas d'absence ou d'emp\u00eachement de monsieur No\u00ebl QUIPOURT, DirecteurD\u00e9partemental de l'Emploi, du Travail, des Solidarit\u00e9s et de la Protection des Populations del'Allier, la d\u00e9l\u00e9gation de signature qui lui est conf\u00e9r\u00e9e par la directrice r\u00e9gionale de l'\u00e9conomie,l'emploi, du travail et des solidarit\u00e9s selon l'arr\u00eat\u00e9 n\u00b02026-09 du 28 janvier 2026 susvis\u00e9 estsubd\u00e9l\u00e9gu\u00e9e \u00e0 madame Ingrid MARMIN, inspectrice du travail \u00e0 la DDETSPP de l'Allier, \u00e0 effet designer les d\u00e9cisions, actes administratifs, avis et correspondances relevant des comp\u00e9tences\u00e9num\u00e9r\u00e9es dans le tableau ci-apr\u00e8s :\nDDETSPP de l'Allier20, rue Aristide BriandCS 6004203402 YZEURE Cedexwww.allier.gouv.frT\u00e9l\u00e9phone 04 70 48 35 00T\u00e9l\u00e9copie 04 70 48 35 99 Page 1 sur 6ddetspp@allier.gouv.fr\n03_DDETSPP_Direction D\u00e9partementale de l'Emploi, du Travail, des Solidarit\u00e9s et de la Protection des Populations de l'Allier -\n03-2026-01-29-00001 - D\u00e9cision du 29 janvier 2026 conf\u00e9rant subd\u00e9l\u00e9gation de signature \u00e0 ses collaborateurs par\nle Directeur D\u00e9partemental de l'Emploi, du Travail, des Solidarit\u00e9s\net de la Protection des Populations de l'Allier \u00e0 effet de signer\nles d\u00e9cisions, actes administratifs, avis et correspondances relevant des comp\u00e9tences propres de la DREETS\n4\nNATURE DU POUVOIR TexteA \u2014 EGALITE PROFESSIONNELLE ENTRE LES FEMMES ET LESHOMMES Code du travailOpposition au plan pour l'\u00e9galit\u00e9 professionnelle L. 1143-3D. 1143-6B \u2014 RUPTURE DU CONTRAT DE TRAVAIL A DUREE INDETERMINEERupture conventionnelle (individuelle)D\u00e9cisions d'homologation ou de refus d'homologation desconventions de rupture du contrat de travail\nCode du travailL. 1237-14 et R. 1237-3\nC \u2014 CONTRAT DE TRAVAIL A DUREE DETERMINEE ET CONTRAT DETRAVAIL TEMPORAIREConclusion et ex\u00e9cution du contratD\u00e9rogation \u00e0 l'interdiction de conclure un contrat de travail \u00e0 dur\u00e9ed\u00e9termin\u00e9e ou un contrat de travail avec une entreprise de travailtemporaire pour effectuer certains travaux dangereux et retrait decette d\u00e9rogation\nCode du travail\nL. 1242-6 et D. 1242-5L. 1251-10 et D. 1251-2L. 4154-1, D. 4154-3 \u00e0D. 4154-6D \u2014 EXERCICE DU DROIT SYNDICAL ET REPRESENTATIVITE SYNDICALED\u00e9l\u00e9gu\u00e9 syndicalD\u00e9cision de mettre fin au mandat de d\u00e9l\u00e9gu\u00e9 syndical ou derepr\u00e9sentant de section syndicaleRepr\u00e9sentativit\u00e9 syndicaleD\u00e9cision cons\u00e9cutive \u00e0 un recours gracieux relatif \u00e0 l'inscription sur laliste \u00e9lectorale pour les entreprises de moins de onze salari\u00e9s\nCode du travailL. 2143-11 et R. 2143-6L. 2142-1-2\nR. 2122-21 \u00e0 R. 2122-25\nE \u2014 INSTITUTIONS REPRESENTATIVES DU PERSONNELComit\u00e9 de groupeD\u00e9cision de r\u00e9partition des si\u00e8ges entre les \u00e9lus du ou des coll\u00e8ges\u00e9lectorauxD\u00e9cision de d\u00e9signation du rempla\u00e7ant d'un repr\u00e9sentant dupersonnel ayant cess\u00e9 ses fonctions\nComit\u00e9 d'entreprise europ\u00e9enD\u00e9cision accordant la suppression du comit\u00e9 d'entreprise europ\u00e9en.Commissions paritaires Se eh hd d'hygi\u00e8ne, des\u00e9curit\u00e9 et des conditions de travail en agriculture :D\u00e9cision de nomination des membres de la commissionComit\u00e9 social et \u00e9conomiqueD\u00e9cisions de r\u00e9partition du personnel et des si\u00e8ges entrec oll\u00e8ges \u00e9lectoraux\nPage 2 sur 6\nCode du travail\nL. 2333-4 et R. 2332-1\nL. 2333-6 et R. 2332-1\nL. 2345-1 et R. 2345-1\nCode rural articles L.717-7, D. 717-76 etsuivants\nL. 2314-13 et R. 2314-3S.\n03_DDETSPP_Direction D\u00e9partementale de l'Emploi, du Travail, des Solidarit\u00e9s et de la Protection des Populations de l'Allier -\n03-2026-01-29-00001 - D\u00e9cision du 29 janvier 2026 conf\u00e9rant subd\u00e9l\u00e9gation de signature \u00e0 ses collaborateurs par\nle Directeur D\u00e9partemental de l'Emploi, du Travail, des Solidarit\u00e9s\net de la Protection des Populations de l'Allier \u00e0 effet de signer\nles d\u00e9cisions, actes administratifs, avis et correspondances relevant des comp\u00e9tences propres de la DREETS\n5\nD\u00e9termination du nombre et p\u00e9rim\u00e8tre des \u00e9tablissements distinctsD\u00e9termination du nombre et p\u00e9rim\u00e8tre des \u00e9tablissements distinctsau sein d'une unit\u00e9 \u00e9conomique et sociale\nL. 2313-5 et R. 2313-1 s.L. 2313-8 et R. 2314-3\nF \u2014 PROCEDURE DE REGLEMENT DES CONFLITS COLLECTIFSCommission d\u00e9partementale de conciliationAvis au pr\u00e9fet pour la nomination des membres des commissionsCode du travailR. 2522-14G \u2014 DUREE DU TRAVAIL, REPOS ET CONGESDur\u00e9es maximales du travailD\u00e9rogation a la dur\u00e9e hebdomadaire maximale\nD\u00e9rogation \u00e0 la dur\u00e9e hebdomadaire maximale absolue (professionsagricoles)\nD\u00e9rogation \u00e0 la dur\u00e9e hebdomadaire maximale moyenne\nD\u00e9rogation \u00e0 la dur\u00e9e moyenne hebdomadaire calcul\u00e9e sur 12 moiscons\u00e9cutifs (professions agricoles)\nCode du travailL. 3121-20, L. 3121-21 etR. 3121-8 \u00e0 -10L. 713-13, R. 713-11 aR.713-14 du Code rural etde la p\u00e9che maritimeL. 3121-24, R. 3121-8 a16L. 713-13, R. 713-11 aR.713-14 du Code rural etde la p\u00e9che maritimeH \u2014 REMUNERATION MENSUELLE MINIMALEAllocation compl\u00e9mentaireProposition au pr\u00e9fet de versement direct aux salari\u00e9s de la part del'Etat\nCode du travailL. 3232-9 et R. 3232-6\n| \u2014 AccORDS D'INTERESSEMENT OU DE PARTICIPATION ET REGLEMENTD'UN PLAN D'EPARGNE SALARIALEAccus\u00e9 de r\u00e9ception des d\u00e9p\u00f4ts :- des accords d'int\u00e9ressement\n- des accords de participation- des plans d'\u00e9pargne salariale et de leurs r\u00e8glementsContr\u00f4le lors du d\u00e9p\u00f4tDemande de retrait ou de modification de dispositions ill\u00e9gales desaccords d'int\u00e9ressement, des accords de participation et des plansd'\u00e9pargne salariale\nCode du travail\nL. 3313-3, L. 3345-1, D.3313-4 et D. 3345-5L. 3323-4, L. 3345-1, D.3323-7 et D. 3345-5L. 3332-9, L. 3345-1, R.3332-6 et D. 3345-5\nL. 3345-2\nPage 3 sur 6\n03_DDETSPP_Direction D\u00e9partementale de l'Emploi, du Travail, des Solidarit\u00e9s et de la Protection des Populations de l'Allier -\n03-2026-01-29-00001 - D\u00e9cision du 29 janvier 2026 conf\u00e9rant subd\u00e9l\u00e9gation de signature \u00e0 ses collaborateurs par\nle Directeur D\u00e9partemental de l'Emploi, du Travail, des Solidarit\u00e9s\net de la Protection des Populations de l'Allier \u00e0 effet de signer\nles d\u00e9cisions, actes administratifs, avis et correspondances relevant des comp\u00e9tences propres de la DREETS\n6\nJ \u2014 DisPosiTIONS PARTICULIERES A CERTAINES CATEGORIES DETRAVAILLEURSLocal d\u00e9di\u00e9 \u00e0 l'allaitementAutorisation de d\u00e9passer provisoirement le nombre maximald'enfants pouvant \u00eatre accueillis dans un m\u00eame local.H\u00e9bergement des travailleurs saisonniers agricolesD\u00e9cision de d\u00e9rogation collective aux r\u00e8gles d'h\u00e9bergement\nCode du travail\nR. 4152-17\nR. 716-16-1 du coderural et de la p\u00eachemaritimeK \u2014 AMENAGEMENT DES LIEUX ET POSTES DE TRAVAILRisques d'incendies et d'explosions et \u00e9vacuation. Dispense \u00e0 un ma\u00eetre d'ouvrageDispense \u00e0 un \u00e9tablissementTravaux insalubres ou salissantsDispense \u00e0 l'obligation de mettre des douches journali\u00e8res \u00e0 ladisposition du personnel\nCode du travailR. 4216-32R. 4227-55Arr\u00eat\u00e9 du 23 juillet 1947\nL \u2014 PREVENTION DES RISQUES LIES A CERTAINES OPERATIONSPrescriptions techniques applicables avant l'ex\u00e9cution destravaux de BTPD\u00e9rogations aux r\u00e8gles d'acc\u00e8s au chantier ou de raccordement \u00e0un r\u00e9seau d'eau potable et d'\u00e9lectricit\u00e9\nPr\u00e9vention du risque pyrotechniqueExploitation d'une installation fixe ou mobile de produits explosifs-Avis sur demande d'agr\u00e9ment technique pr\u00e9vu \u00e0 l'article R2352-97du code de la d\u00e9fense-Approbation de l'\u00e9tude de s\u00e9curit\u00e9 pr\u00e9vue \u00e0 l'article R4462-3 ducode du travail-D\u00e9rogation aux dispositions techniques des articles R4462-10,R4462-13, R4462-17 \u00e0 22 du code du travailChantier de d\u00e9pollution pyrotechnique dans le cadre d'un chantierde b\u00e2timent et de g\u00e9nie civil-Approbation de l'\u00e9tude de s\u00e9curit\u00e9 pyrotechnique pr\u00e9vue \u00e0 l'article 6du d\u00e9cret 2005-1325Risques d'exposition aux champs \u00e9lectromagn\u00e9tiquesD\u00e9cision relative au d\u00e9passement des valeurs limites d'exposition auxchamps \u00e9lectromagn\u00e9tiques pour l'utilisation d'imagerie par resonancemagn\u00e9tique (IRM) a des fins m\u00e9dicales\nR. 4533-6 et R. 4533-7\nArt R2352-101 du codede la d\u00e9fenseArt R. 4462-30 du codedu travailArt R4462-36 du code dutravail\nArticle 8 du d\u00e9cret 2005-1325 du 26 octobre 2005\nR. 4453-31\nPage 4 sur 6\n03_DDETSPP_Direction D\u00e9partementale de l'Emploi, du Travail, des Solidarit\u00e9s et de la Protection des Populations de l'Allier -\n03-2026-01-29-00001 - D\u00e9cision du 29 janvier 2026 conf\u00e9rant subd\u00e9l\u00e9gation de signature \u00e0 ses collaborateurs par\nle Directeur D\u00e9partemental de l'Emploi, du Travail, des Solidarit\u00e9s\net de la Protection des Populations de l'Allier \u00e0 effet de signer\nles d\u00e9cisions, actes administratifs, avis et correspondances relevant des comp\u00e9tences propres de la DREETS\n7\nM \u2014 Mises EN DEMEURE ET DEMANDES DE VERIFICATION (sauf activit\u00e9s Code du travailde l'unit\u00e9 de contr\u00f4le \u00e0 comp\u00e9tence r\u00e9gionale charg\u00e9e de la luttecontre le travail ill\u00e9gal URACTI)Mises en demeureSur les principes g\u00e9n\u00e9raux de pr\u00e9vention et obligation g\u00e9n\u00e9rale de L. 4721-1sant\u00e9 et s\u00e9curit\u00e9Dispositions p\u00e9nalesAvis au tribunal sur le plan de r\u00e9alisation des mesures propres \u00e0 L. 4741-11r\u00e9tablir des conditions normales de sant\u00e9 et de s\u00e9curit\u00e9 au travailO \u2014 PROFESSIONS DU SPECTACLE, DE LA PUBLICITE ET DE LA MODE Code du travailEnfants dans le spectacle, les professions ambulantes, lapublicit\u00e9 et la modeInstruction de la demande d'autorisation individuelle d'embauche d'un | L. 7124-1 et R. 7124-4enfant de moins de 16 ans\nP \u2014 TRAVAIL A DOMICILE Code du travailDemande de v\u00e9rification de la comptabilit\u00e9 du donneur d'ouvrage R. 7413-2Avis au Pr\u00e9fet sur la composition de la commission d\u00e9partementale R 7422-2comp\u00e9tente pour donner un avis sur les temps d'ex\u00e9cutionQ \u2014 CONTRIBUTION SPECIALE POUR EMPLOI D'ETRANGER SANS TITRE DE TRAVAIL Code du travailEngagement de la proc\u00e9dure pr\u00e9alable \u00e0 la d\u00e9cision de l'OFII et avissur la possibilit\u00e9 de faire application de la r\u00e8gle de solidarit\u00e9 financi\u00e8re | L. 8254-4, D. 8254-7 etdu donneur d'ordre | D.8254-11Article 2 : Subd\u00e9l\u00e9gation de signature est donn\u00e9e \u00e0 madame Ingrid MARMIN aux fins de proposeret de notifier les transactions p\u00e9nales pr\u00e9vues aux articles L. 8114-4 \u00e0 L. 8114-8, et R. 8114-3 aR.8114-6 du code du travail.\nArticle 3 : La d\u00e9cision, en date du 2 d\u00e9cembre 2025, conf\u00e9rant subd\u00e9l\u00e9gation de signature \u00e0 sescollaborateurs par le Directeur D\u00e9partemental de l'Emploi, du Travail, des Solidarit\u00e9s et de laProtection des Populations de l'Allier \u00e0 effet de signer les d\u00e9cisions, actes administratifs, avis etcorrespondances relevant des comp\u00e9tences propres de la DREETS, est abrog\u00e9e.\nArticle 4: La pr\u00e9sente d\u00e9cision peut faire l'objet d'un recours contentieux devant le tribunaladministratif de Clermont-Ferrand dans le d\u00e9lai de deux mois suivant sa notification, soit parcourrier, soit par l'application informatique T\u00e9l\u00e9recours accessible, sur le site www.telerecours.fr .Ce d\u00e9lai commence \u00e0 courir \u00e0 compter du jour de la notification du pr\u00e9sent arr\u00eat\u00e9. Tout recours \u2014administratif pr\u00e9alable (gracieux ou hi\u00e9rarchique) ou devant une juridiction incomp\u00e9tenten'interrompt pas ce d\u00e9lai.\nPage 5 sur 6\n03_DDETSPP_Direction D\u00e9partementale de l'Emploi, du Travail, des Solidarit\u00e9s et de la Protection des Populations de l'Allier -\n03-2026-01-29-00001 - D\u00e9cision du 29 janvier 2026 conf\u00e9rant subd\u00e9l\u00e9gation de signature \u00e0 ses collaborateurs par\nle Directeur D\u00e9partemental de l'Emploi, du Travail, des Solidarit\u00e9s\net de la Protection des Populations de l'Allier \u00e0 effet de signer\nles d\u00e9cisions, actes administratifs, avis et correspondances relevant des comp\u00e9tences propres de la DREETS\n8\nArticle 5 : Le Directeur D\u00e9partemental de l'Emploi, du Travail, des Solidarit\u00e9s et de la Protectiondes Populations de l'Allier est charg\u00e9 de l'ex\u00e9cution de la pr\u00e9sente d\u00e9cision qui sera publi\u00e9e aurecueil des actes administratifs de la pr\u00e9fecture.\nFait a Yzeure le 29 janvier 2026P/La directrice r\u00e9gionale et par d\u00e9l\u00e9gation,Le directeur d\u00e9partemental de l'Emploi,d\u00fb Travail, des Solidarit\u00e9set de la Protection des Populations,\nPage 6 sur 6\n03_DDETSPP_Direction D\u00e9partementale de l'Emploi, du Travail, des Solidarit\u00e9s et de la Protection des Populations de l'Allier -\n03-2026-01-29-00001 - D\u00e9cision du 29 janvier 2026 conf\u00e9rant subd\u00e9l\u00e9gation de signature \u00e0 ses collaborateurs par\nle Directeur D\u00e9partemental de l'Emploi, du Travail, des Solidarit\u00e9s\net de la Protection des Populations de l'Allier \u00e0 effet de signer\nles d\u00e9cisions, actes administratifs, avis et correspondances relevant des comp\u00e9tences propres de la DREETS\n9\n03_DDETSPP_Direction D\u00e9partementale de\nl'Emploi, du Travail, des Solidarit\u00e9s et de la\nProtection des Populations de l'Allier\n03-2026-02-03-00003\nExtrait de l'arr\u00eat\u00e9 pr\u00e9fectoral n\u00b0170/2026 du 3\nf\u00e9vrier 2026 de lev\u00e9e de l'arr\u00eat\u00e9 n\u00b02903/2025\nr\u00e9glementant la circulation des porcs \u00e9lev\u00e9s en\nplein air et des sangliers dans le d\u00e9partement de\nl'Allier suite \u00e0 la d\u00e9claration d'infection d'un\n\u00e9levage de sangliers au regard de la maladie\nd'Aujeszky\n03_DDETSPP_Direction D\u00e9partementale de l'Emploi, du Travail, des Solidarit\u00e9s et de la Protection des Populations de l'Allier -\n03-2026-02-03-00003 - Extrait de l'arr\u00eat\u00e9 pr\u00e9fectoral n\u00b0170/2026 du 3 f\u00e9vrier 2026 de lev\u00e9e de l'arr\u00eat\u00e9 n\u00b02903/2025 r\u00e9glementant la\ncirculation des porcs \u00e9lev\u00e9s en plein air et des sangliers dans le d\u00e9partement de l'Allier suite \u00e0 la d\u00e9claration d'infection d'un \u00e9levage\nde sangliers au regard de la maladie d'Aujeszky\n10\nPr\u00e9fecture de l'Allier \n2 rue Michel de l'Hospital \nCS 31649 - 03016 MOULINS Cedex \nT\u00e9l. 04 70 48 30 00 \nwww.allier.gouv.fr   \n \n \n \nExtrait de l 'arr\u00eat\u00e9 pr\u00e9fectoral n\u00b0170/2026 du 3 f\u00e9vrier 2026 de lev\u00e9e de l'arr\u00eat\u00e9 \nn\u00b02903/2025 r \u00e9glementant la circulation des porcs \u00e9lev\u00e9s en plein air et des \nsangliers dans le d\u00e9partement de l'Allier suite \u00e0 la d\u00e9claration d'infection d'un \n\u00e9levage de sangliers au regard de la maladie d'Aujeszky \n \nARTICLE 1er :  \n \nL'arr\u00eat\u00e9 pr\u00e9fectoral n\u00b0 2903/2026 du 19 d\u00e9cembre 2025 r\u00e9glementant la circulation des porcs et \nsangliers dans le d\u00e9partement de l'Allier suite \u00e0 la d\u00e9claration d'infection d'un \u00e9levage de \nsangliers au regard de la maladie d'Aujeszky est abrog\u00e9. \n \nARTICLE 2 :  \n \nLa pr\u00e9sente d\u00e9cision peut faire l'objet d'un recours contentieux devant le Tribunal Administratif \nde Clermont-Ferrand dans le d\u00e9lai de deux mois suivant sa notification, soit par courrier, soit par \nl'application informatique T\u00e9l\u00e9recours accessible, su r le site www.telerecours.fr. Ce d\u00e9lai \ncommence \u00e0 courir \u00e0 compter du jour de la notification du pr\u00e9sent arr\u00eat\u00e9. Tout recours \nadministratif pr\u00e9alable (gracieux ou hi\u00e9rarchique) ou devant une juridiction incomp\u00e9 tente \nn'interrompt pas ce d\u00e9lai. \n \nARTICLE 3 : \n \nLe secr\u00e9taire g\u00e9n\u00e9ral de la pr\u00e9fecture, le directeur d\u00e9partemental en charge de la protection des \npopulations de l'Allier, le colonel commandant du groupement de gendarmerie d\u00e9partemental, \nsont charg\u00e9s, chacun en ce qui le concerne, de l'ex\u00e9cution du pr\u00e9sent arr\u00eat\u00e9 qui sera ins\u00e9r\u00e9 au \nrecueil des actes administratifs de la pr\u00e9fecture de l'Allier. \n \n \n \nMoulins, le 3 f\u00e9vrier 2026 \n \n \n \nLe pr\u00e9fet, \n \nSIGN\u00c9 \n \nChristophe NO\u00cbL du PAYRAT \n \n \n \n \n03_DDETSPP_Direction D\u00e9partementale de l'Emploi, du Travail, des Solidarit\u00e9s et de la Protection des Populations de l'Allier -\n03-2026-02-03-00003 - Extrait de l'arr\u00eat\u00e9 pr\u00e9fectoral n\u00b0170/2026 du 3 f\u00e9vrier 2026 de lev\u00e9e de l'arr\u00eat\u00e9 n\u00b02903/2025 r\u00e9glementant la\ncirculation des porcs \u00e9lev\u00e9s en plein air et des sangliers dans le d\u00e9partement de l'Allier suite \u00e0 la d\u00e9claration d'infection d'un \u00e9levage\nde sangliers au regard de la maladie d'Aujeszky\n11\n03_DDETSPP_Direction D\u00e9partementale de\nl'Emploi, du Travail, des Solidarit\u00e9s et de la\nProtection des Populations de l'Allier\n03-2026-02-04-00001\nExtrait de l'arr\u00eat\u00e9 pr\u00e9fectoral n\u00b0193/2026 du 4\nf\u00e9vrier 2026 relatif aux tarifs des courses de taxi\npour l'ann\u00e9e 2026\n03_DDETSPP_Direction D\u00e9partementale de l'Emploi, du Travail, des Solidarit\u00e9s et de la Protection des Populations de l'Allier -\n03-2026-02-04-00001 - Extrait de l'arr\u00eat\u00e9 pr\u00e9fectoral n\u00b0193/2026 du 4 f\u00e9vrier 2026 relatif aux tarifs des courses de taxi pour l'ann\u00e9e\n2026\n12\nExtrait de l'arr\u00eat\u00e9 pr\u00e9fectoral n\u00b0193/2026 du 4 f\u00e9vrier 2026 relatif aux tarifs des\ncourses de taxi pour l'ann\u00e9e 2026\nArticle 1er :\nDans le d\u00e9partement de l'Allier, les tarifs limites, taxes comprises, des transports de\nvoyageurs par taxi, sont fix\u00e9s ainsi qu'il suit :\nPrix maximum de prise en charge : 2.35 \u20ac\nLe tarif minimum, suppl\u00e9ments inclus, susceptible d'\u00eatre per\u00e7u pour une course, est fix\u00e9 \u00e0\n8,00\u20ac \nPrix maximum Horaire d'attente ou de marche lente  : 25,14 \u20ac soit une dur\u00e9e \u00e9coul\u00e9e en\nsecondes entre chaque chute (valeur de la chute 0.1\u20ac) de 14,32 se condes\nTarifs kilom\u00e9triques :\nPosition  du\ncompteur\nPrix  maximum  du\nkilom\u00e8tre (en euros)\nDistance parcourue en m\u00e8tres \nentre chaque chute\n(Valeur de la chute 0,1 \u20ac)\nTarif A\nTarif B\nTarif C\nTarif D\n1.23\u20ac\n1,84\u20ac\n2,46\u20ac\n3,68\u20ac\n81,30 m\n54,35 m\n40,65 m\n27,17 m\nTarif A: Course de jour avec retour en charge \u00e0 la station (de 7h \u00e0 19h).\nTarif B : Course de nuit (de 19h \u00e0 7h), dimanches et jours f\u00e9ri\u00e9s, avec retour en charge \u00e0\nla station. \nTarif C : Course de jour avec retour \u00e0 vide \u00e0 la station (de 7h \u00e0 19h).\nTarif D : Course de nuit (de 19h \u00e0 7h), dimanches et jours f\u00e9ri\u00e9s avec retour \u00e0 vide \u00e0 la\nstation.\nTarif Neige-Verglas :\nLa pratique du tarif neige-verglas est subordonn\u00e9e aux deux conditions suivantes : routes\neffectivement  enneig\u00e9es  ou  verglac\u00e9es  et  utilisation  d'\u00e9quipements  sp\u00e9ciaux  ou  de\npneumatiques sp\u00e9ciaux ou de pneumatiques antid\u00e9rapants dits \u00ab  pneus d'hiver \u00bb.\nCe tarif ne doit pas exc\u00e9der le tarif d'une course de nuit correspondant au type de course\nconcern\u00e9 (tarif B pour les courses avec retour en charge \u00e0 la station, tarif D pour les\ncourses avec retour \u00e0 vide \u00e0 la station)\nArticle 2 :\nLes transporteurs par taxis ne peuvent r\u00e9clamer un prix sup\u00e9rieur \u00e0 celui indiqu\u00e9 au\ncompteur horokilom\u00e9trique et comportant l'addition des \u00e9l\u00e9ments suivants :\n- prise en charge\n- tarif kilom\u00e9trique correspondant \u00e0 la distance parcourue\nPr\u00e9fecture de l'Allier\n2 rue Michel de l'Hospital\nCS 31649 - 03016 MOULINS Cedex\nT\u00e9l. 04 70 48 30 00 - \nwww.allier.gouv.fr\n03_DDETSPP_Direction D\u00e9partementale de l'Emploi, du Travail, des Solidarit\u00e9s et de la Protection des Populations de l'Allier -\n03-2026-02-04-00001 - Extrait de l'arr\u00eat\u00e9 pr\u00e9fectoral n\u00b0193/2026 du 4 f\u00e9vrier 2026 relatif aux tarifs des courses de taxi pour l'ann\u00e9e\n2026\n13\n- tarif horaire en cas de ralentissement, arr\u00eat ou attente.\nPourra \u00eatre per\u00e7u en sus, le cas \u00e9ch\u00e9ant, le prix des suppl\u00e9ments fix\u00e9s \u00e0 l'article 4.\nArticle 3 :\nSont affich\u00e9s dans le taxi :\n1\u00b0 Les taux horaires et kilom\u00e9triques en vigueur et leurs conditions d'application ;\n2\u00b0 Les montants et les conditions d'application de la prise en charge et des suppl\u00e9ments ;\n3\u00b0 Le cas \u00e9ch\u00e9ant, les montants des forfaits et leurs conditions d'application ;\n4\u00b0 Les conditions dans lesquelles la d\u00e9livrance d'une note est obligatoire ou facultative ;\n5\u00b0 L'information selon laquelle le consommateur peut demander que la note mentionne\nson nom ainsi que le lieu de d\u00e9part et le lieu d'arriv\u00e9e de la course ;\n6\u00b0 L'information selon laquelle le consommateur peut r\u00e9gler la course par carte bancaire ;\n7\u00b0  L'adresse  d\u00e9finie  par  arr\u00eat\u00e9  pr\u00e9fectoral,  apr\u00e8s  consultation  des  organisations\nprofessionnelles de taxis et des associations de consommateurs, \u00e0 laquelle peut \u00eatre\nadress\u00e9e une r\u00e9clamation.\nLes tarifs fix\u00e9s par le pr\u00e9sent arr\u00eat\u00e9 doivent \u00eatre affich\u00e9s dans les v\u00e9hicules de fa\u00e7on\napparente, et de telle sorte qu'ils soient lisibles par les passagers des places situ\u00e9es \u00e0\nl'arri\u00e8re.\nUne affichette comportant la mention \u00ab  Quel que soit le montant inscrit au compteur, la\nsomme  per\u00e7ue  par  le  chauffeur  ne  peut  \u00eatre  inf\u00e9rieure  \u00e0  8,00 \u20ac \u00bb,  sera  \u00e9galement\nappos\u00e9e dans les v\u00e9hicules de fa\u00e7on \u00e0 \u00eatre lisible par la client\u00e8le.\nArticle 4 :\nLe tarif des suppl\u00e9ments est fix\u00e9 comme suit :\na) 5\u00e8me passager, suppl\u00e9ment de 4,00 \u20ac taxes comprises.\nb) bagages : aucun suppl\u00e9ment ne peut \u00eatre per\u00e7u pour les bagages \u00e0 main, qu'ils soient\nconserv\u00e9s par les voyageurs \u00e0 l'int\u00e9rieur du v\u00e9hicule ou plac\u00e9s dans le coffre.\nPour les bagages qui ne peuvent \u00eatre transport\u00e9s dans le coffre ou dans l'habitacle du\nv\u00e9hicule et n\u00e9cessitent l'utilisation d'un \u00e9quipement ext\u00e9rieur, un suppl\u00e9ment maximum de\n2,00 \u20ac taxes comprises peut \u00eatre ajout\u00e9.\nLorsqu'un  passager  a  plus  de  trois  valises,  ou  bagages  de  taille  \u00e9quivalente,  un\nsuppl\u00e9ment de 2,00 \u20ac taxes comprises peut \u00eatre ajout\u00e9.\nc) animaux : aucun suppl\u00e9ment ne peut \u00eatre r\u00e9clam\u00e9 pour le transport des animaux.\nArticle 5 :\nLes taxis doivent \u00eatre munis :\n1\u00b0 Une imprimante, connect\u00e9e au taxim\u00e8tre, permettant l'\u00e9dition automatis\u00e9e d'une note\ninformant le client du prix total \u00e0 payer conform\u00e9ment aux dispositions de l'article 9.\n2\u00b0 Un terminal de paiement \u00e9lectronique, mentionn\u00e9 \u00e0 l'article L. 3121-1, en \u00e9tat de\nfonctionnement et visible, tenu \u00e0 la disposition du client.\nPr\u00e9fecture de l'Allier\n2 rue Michel de l'Hospital\nCS 31649 - 03016 MOULINS Cedex\nT\u00e9l. 04 70 48 30 00 - \nwww.allier.gouv.fr\n03_DDETSPP_Direction D\u00e9partementale de l'Emploi, du Travail, des Solidarit\u00e9s et de la Protection des Populations de l'Allier -\n03-2026-02-04-00001 - Extrait de l'arr\u00eat\u00e9 pr\u00e9fectoral n\u00b0193/2026 du 4 f\u00e9vrier 2026 relatif aux tarifs des courses de taxi pour l'ann\u00e9e\n2026\n14\nArticle 6 :\nLes taxis doivent \u00eatre munis d'un dispositif r\u00e9p\u00e9titeur lumineux de tarifs, conform\u00e9ment \u00e0\nl'arr\u00eat\u00e9 minist\u00e9riel du 13 f\u00e9vrier 2009 et notamment son annexe.\nLe r\u00e9p\u00e9titeur doit \u00eatre rev\u00eatu d'un cadre opaque lorsque l'exploitant utilise le v\u00e9hicule \u00e0\ndes fins personnelles.\nLes  taxis  doivent  \u00eatre  munis  d'une  plaque  fix\u00e9e  au  v\u00e9hicule  et  visible  de  l'ext\u00e9rieur,\nindiquant la  commune  ou  le service commun de taxis de  rattachement, ainsi que le\nnum\u00e9ro de l'autorisation de stationnement. \nArticle 7 :\nLe conducteur de taxi doit mettre le taxim\u00e8tre en position de fonctionnement d\u00e8s le d\u00e9part\nde son lieu de stationnement en appliquant les tarifs r\u00e9glementaires et signaler au client\ntout changement de tarif intervenant pendant la course. Ces dispositions s'appliquent\naussi aux transports \u00ab en s\u00e9rie \u00bb (transports r\u00e9p\u00e9t\u00e9s) et aux transports d'enfants.\nArticle 8 :\nLa lettre majuscule L de couleur Verte sera appos\u00e9e sur le cadran du taxim\u00e8tre.\nArticle 9 :\nLes exploitants de taxis sont soumis aux dispositions de l'arr\u00eat\u00e9 minist\u00e9riel du 6 novembre\n2015 relatif \u00e0 l'information du consommateur sur les tarifs des courses de taxi et de\nl'arr\u00eat\u00e9 n\u00b0 83-50/A du 3 octobre 1983 relatif \u00e0 la publicit\u00e9 des prix de tous les services, au\nterme duquel tout service doit faire l'objet, avant le paiement du prix, lorsque celui-ci est\nsup\u00e9rieur ou \u00e9gale \u00e0 25 \u20ac TTC, de la d\u00e9livrance d'une note comportant les informations\nmentionn\u00e9es ci-apr\u00e8s.\n1\u00b0 Sont mentionn\u00e9s au moyen de l'imprimante pr\u00e9vue \u00e0 l'article 5 du pr\u00e9sent arr\u00eat\u00e9 :\na) La date de r\u00e9daction de la note ;\nb) Les heures de d\u00e9but et fin de la course ;\nc) Le nom ou la d\u00e9nomination sociale du prestataire ou de sa soci\u00e9t\u00e9 ;\nd) Le num\u00e9ro d'immatriculation du v\u00e9hicule de taxi ;\ne) L'adresse postale \u00e0 laquelle peut \u00eatre adress\u00e9e une r\u00e9clamation, pr\u00e9vue \u00e0 l'article 10\ndu pr\u00e9sent arr\u00eat\u00e9 ;\nf) Le montant de la course minimum ;\ng) Le prix de la course toutes taxes comprises hors suppl\u00e9ments.\n2\u00b0 Doivent \u00eatre soit imprim\u00e9s, soit port\u00e9s de mani\u00e8re manuscrite :\na) La somme totale \u00e0 payer toutes taxes comprises, qui inclut les suppl\u00e9ments ;\nb) Le d\u00e9tail de chacune des majorations pr\u00e9vues \u00e0 l'article 4 du pr\u00e9sent arr\u00eat\u00e9. Ce d\u00e9tail\nest pr\u00e9c\u00e9d\u00e9 de la mention \u00ab suppl\u00e9ment(s) \u00bb.\n3\u00b0 Si le client le demande, sont soit imprim\u00e9s, soit port\u00e9s de mani\u00e8re manuscrite :\na) Le nom du client ;\nb) Le lieu de d\u00e9part et le lieu d'arriv\u00e9e de la course.\nPr\u00e9fecture de l'Allier\n2 rue Michel de l'Hospital\nCS 31649 - 03016 MOULINS Cedex\nT\u00e9l. 04 70 48 30 00 - \nwww.allier.gouv.fr\n03_DDETSPP_Direction D\u00e9partementale de l'Emploi, du Travail, des Solidarit\u00e9s et de la Protection des Populations de l'Allier -\n03-2026-02-04-00001 - Extrait de l'arr\u00eat\u00e9 pr\u00e9fectoral n\u00b0193/2026 du 4 f\u00e9vrier 2026 relatif aux tarifs des courses de taxi pour l'ann\u00e9e\n2026\n15\nPour les prestations dont le prix ne d\u00e9passe pas 25 \u20ac TTC, la d\u00e9livrance de la note est\nfacultative, mais celle-ci doit \u00eatre remise au client s'il la demande express\u00e9ment.\nLes doubles de notes doivent \u00eatre conserv\u00e9s deux ans et class\u00e9s par ordre de date de\nr\u00e9daction.\nArticle 10 :\nL'adresse  pr\u00e9vue  au  e) de l'article 9, \u00e0 laquelle les usagers pourront adresser leurs\n\u00e9ventuelles r\u00e9clamations est la suivante pour le d\u00e9partement de l'Allier :\nPr\u00e9fecture de l'Allier\nDirection de la citoyennet\u00e9 et de la l\u00e9galit\u00e9\nBureau des \u00e9lections, de la r\u00e9glementation g\u00e9n\u00e9rale\net de l'appui \u00e0 la d\u00e9livrance des titres\nCS 31649\n03016 MOULINS CEDEX\nArticle 11 :\nEn dehors du ressort de l'autorisation de stationnement, les conducteurs de taxis sont\nsoumis \u00e0 l'article L. 3120-2 du Code des Transports, notamment s'agissant de la prise en\ncharge  de  la  client\u00e8le  sur  la  voie  ouverte  \u00e0  la  circulation  publique  sous  r\u00e9serve  de\njustification d'une r\u00e9servation pr\u00e9alable conform\u00e9ment aux dispositions de l'arr\u00eat\u00e9 du 30\njuillet 2013 relatif \u00e0 la justification de la r\u00e9servation pr\u00e9alable.\nLa justification de la r\u00e9servation pr\u00e9alable des taxis est apport\u00e9e par la production d'un\nsupport papier ou \u00e9lectronique comportant obligatoirement les informations mentionn\u00e9es\nci-apr\u00e8s :\n\u2015  nom  ou  d\u00e9nomination  sociale  et  coordonn\u00e9es  de  la  soci\u00e9t\u00e9  exer\u00e7ant  l'activit\u00e9\nd'exploitant de taxis ;\n\u2015 num\u00e9ro d'inscription au registre du commerce et des soci\u00e9t\u00e9s ou au r\u00e9pertoire des\nm\u00e9tiers ;\n\u2015 nom et coordonn\u00e9es t\u00e9l\u00e9phoniques du client sollicitant une prestation de transport ;\n\u2015 date et heure de la r\u00e9servation pr\u00e9alable effectu\u00e9e par le client ;\n\u2015 date et heure de la prise en charge souhait\u00e9es par le client ;\n\u2015 lieu de prise en charge indiqu\u00e9 par le client.\nArticle 12 :\nConform\u00e9ment \u00e0 l'article 88 de la Loi n\u00b087-588, il est interdit aux taxis de refuser la\npr\u00e9sence dans le v\u00e9hicule des chiens guide d'aveugle ou d'assistance, et d'appliquer un\ntarif additionnel au titre de cette pr\u00e9sence.\nArticle 13 :\nLes dispositions des arr\u00eat\u00e9s pr\u00e9fectoraux  n\u00b0470/2025 du 10 mars 2025  cessent d'\u00eatre\napplicables \u00e0 compter de la date du pr\u00e9sent arr\u00eat\u00e9.\nPr\u00e9fecture de l'Allier\n2 rue Michel de l'Hospital\nCS 31649 - 03016 MOULINS Cedex\nT\u00e9l. 04 70 48 30 00 - \nwww.allier.gouv.fr\n03_DDETSPP_Direction D\u00e9partementale de l'Emploi, du Travail, des Solidarit\u00e9s et de la Protection des Populations de l'Allier -\n03-2026-02-04-00001 - Extrait de l'arr\u00eat\u00e9 pr\u00e9fectoral n\u00b0193/2026 du 4 f\u00e9vrier 2026 relatif aux tarifs des courses de taxi pour l'ann\u00e9e\n2026\n16\nArticle 14 : \nLa  pr\u00e9sente  d\u00e9cision  peut  faire  l'objet  d'un  recours  contentieux  devant  le  Tribunal\nAdministratif de Clermont-Ferrand dans le d\u00e9lai de deux mois suivant sa notification, soit\npar  courrier,  soit  par  l'application  informatique  T\u00e9l\u00e9recours  accessible,  sur  le  site\nwww.telerecours.fr. Ce d\u00e9lai commence \u00e0 courir \u00e0 compter du jour de la notification du\npr\u00e9sent arr\u00eat\u00e9.\nArticle 15 :\nLe Secr\u00e9taire G\u00e9n\u00e9ral de la Pr\u00e9fecture, le Sous-pr\u00e9fet de Montlu\u00e7on, le Sous-pr\u00e9fet de\nVichy,  le  Directeur  D\u00e9partemental  de  l'Emploi,  du  Travail,  des  Solidarit\u00e9s  et  de  la\nProtection des Populations, le Directeur D\u00e9partemental de la Police Nationale, le Colonel\ncommandant le groupement de Gendarmerie de l'Allier, sont charg\u00e9s chacun en ce qui le\nconcerne  de  l'ex\u00e9cution  du  pr\u00e9sent  arr\u00eat\u00e9  qui  sera  publi\u00e9  au  recueil  des  actes\nadministratifs.\nPr\u00e9fecture de l'Allier\n2 rue Michel de l'Hospital\nCS 31649 - 03016 MOULINS Cedex\nT\u00e9l. 04 70 48 30 00 - \nwww.allier.gouv.fr\nMoulins, le 4 f\u00e9vrier 2026                              \nP/le Pr\u00e9fet et par d\u00e9l\u00e9gation,\nLe secr\u00e9taire g\u00e9n\u00e9ral,\nSIGN\u00c9\nOlivier MAUREL\n03_DDETSPP_Direction D\u00e9partementale de l'Emploi, du Travail, des Solidarit\u00e9s et de la Protection des Populations de l'Allier -\n03-2026-02-04-00001 - Extrait de l'arr\u00eat\u00e9 pr\u00e9fectoral n\u00b0193/2026 du 4 f\u00e9vrier 2026 relatif aux tarifs des courses de taxi pour l'ann\u00e9e\n2026\n17","date":"2026-02-04","first_seen_on":"2026-02-04T15:05:02+00:00","id":"5995794ab8e18c67744eec9252f575fe14b25974166a37eb1fd7d840532393ff","name":"recueil nr sp\u00e9cial - \u00e9dit\u00e9 le 04 f\u00e9vrier 2026","pdf_creation_date":"2026-02-04T14:48:03+00:00","pdf_modification_date":null,"timezone":"Europe/Paris","url":"https://www.allier.gouv.fr/contenu/telechargement/19471/132791/file/recueil-03-2026-030-recueil-des-actes-administratifs-special.pdf"}
