{"administration":"pref21","administration_name":"Pr\u00e9fecture de C\u00f4te-d\u2019Or","content":"PR\u00c9FET\nDE LA C\u00d4TE-D'OR\nRECUEIL DES ACTES\nADMINISTRATIFS SP\u00c9CIAL\nN\u00b021-2025-016\nPUBLI\u00c9 LE 21 JANVIER 2025\nSommaire\nDirection d\u00e9partementale des territoires de la C\u00f4te-d'Or / Service\nS\u00e9curit\u00e9 et \u00c9ducation Routi\u00e8re\n21-2025-01-15-00003 - Arr\u00eat\u00e9 Permanent Portant r\u00e9glementation\npermanente du r\u00e9gime de priorit\u00e9 au carrefour de la route\nd\u00e9partementale 973, class\u00e9e Route \u00e0 Grande Circulation, de la route\nd\u00e9partementale 20A et de la voie communale Chemin de la Borne, sur la\ncommune de Ruffey-les-Beaune (3 pages) Page 4\nPr\u00e9fecture de la C\u00f4te-d'Or / Direction de la coordination, des politiques\npubliques et de l'appui territorial\n21-2024-12-20-00003 - Arr\u00eat\u00e9 pr\u00e9fectoral n\u00b01925 du 20 d\u00e9cembre\n2024 portant renouvellement de la composition de la Commission de Suivi\nde Site (CSS) du Centre de Stockage de D\u00e9chets Non Dangereux\n(CSDND) de Millery et Vic-de-Chassenay (4 pages) Page 8\nPr\u00e9fecture de la C\u00f4te-d'Or / Direction des Collectivit\u00e9s locales et des\nElections\n21-2025-01-20-00004 - Arr\u00eat\u00e9 pr\u00e9fectoral n\u00b0 118 fixant la liste des\nservices de presse en ligne habilit\u00e9s \u00e0 publier les annonces judiciaires et\nl\u00e9gales dans le d\u00e9partement de la C\u00f4te d'Or pour l'ann\u00e9e 2025 (3\npages) Page 13\nPr\u00e9fecture de la C\u00f4te-d'Or / Direction des s\u00e9curit\u00e9s\n21-2025-01-21-00002 - Arr\u00eat\u00e9 pr\u00e9fectoral portant autorisation\nprovisoire d'installation d'un syst\u00e8me de vid\u00e9oprotection \u00e0\nl'occasion de la Saint-Vincent Tournante de LADOIX-SERRIGNY (4 pages) Page 17\nPr\u00e9fecture de la C\u00f4te-d'Or / Secr\u00e9tariat G\u00e9n\u00e9ral\n21-2025-01-16-00009 - Arr\u00eat\u00e9 pr\u00e9fectoral n\u00b0122 portant\nrenouvellement d'agr\u00e9ment ILGLS du CFA La Noue au titre de l'article\nL.365-4 du code de la construction et de l'habitation (2 pages) Page 22\nSDIS de C\u00f4te-d'Or /\n21-2025-01-14-00006 - 2025_Liste d'aptitude op\u00e9rationnelle dans le\ndomaine de la PREVENTION (2 pages) Page 25\n21-2025-01-02-00004 - 2025_Liste d'aptitude unit\u00e9 op\u00e9rationnelle_\nATLAS Drone (2 pages) Page 28\n21-2025-01-02-00005 - 2025_Liste d'aptitude unit\u00e9 op\u00e9rationnelle_\nCYNOTECHNIE (1 page) Page 31\n21-2025-01-02-00007 - 2025_Liste d'aptitude unit\u00e9 op\u00e9rationnelle_\nRISQUE CHIMIQUE (4 pages) Page 33\n21-2025-01-02-00006 - 2025_Liste d'aptitude unit\u00e9 op\u00e9rationnelle_\nRISQUE RADIOLOGIQUE (3 pages) Page 38\n2\n21-2025-01-02-00008 - 2025_Liste d'aptitude unit\u00e9 op\u00e9rationnelle_\nSAUVETAGE DEBLAIEMENT (2 pages) Page 42\n21-2025-01-02-00011 - 2025_Liste d'aptitude unit\u00e9 op\u00e9rationnelle_\nSECOURS en MILIEU PERILLEUX et MONTAGNE (2 pages) Page 45\n21-2025-01-02-00009 - 2025_Liste d'aptitude unit\u00e9 op\u00e9rationnelle_\nSECOURS NAUTIQUE (2 pages) Page 48\n21-2025-01-02-00010 - 2025_Liste d'aptitude unit\u00e9 op\u00e9rationnelle_\nSYSTEME INFORMATION et COMMUNICATION (4 pages) Page 51\n3\nDirection d\u00e9partementale des territoires de la\nC\u00f4te-d'Or\nService S\u00e9curit\u00e9 et \u00c9ducation Routi\u00e8re\n21-2025-01-15-00003\nArr\u00eat\u00e9 Permanent Portant r\u00e9glementation\npermanente du r\u00e9gime de priorit\u00e9 au carrefour\nde la route d\u00e9partementale 973, class\u00e9e Route \u00e0\nGrande Circulation, de la route d\u00e9partementale\n20A et de la voie communale Chemin de la\nBorne, sur la commune de Ruffey-les-Beaune\nDirection d\u00e9partementale des territoires de la C\u00f4te-d'Or - 21-2025-01-15-00003 - Arr\u00eat\u00e9 Permanent Portant r\u00e9glementation\npermanente du r\u00e9gime de priorit\u00e9 au carrefour de la route d\u00e9partementale 973, class\u00e9e Route \u00e0 Grande Circulation, de la route\nd\u00e9partementale 20A et de la voie communale Chemin de la Borne, sur la commune de Ruffey-les-Beaune\n4\nE=PREFETDE LACOTE-D'ORL,z'berte'Egalit\u00e9Fraternit\u00e9\nDirection D\u00e9partementale des Territoires     Dijon, le 15 janvier 2025\nService de la S\u00e9curit\u00e9 et de l'\u00c9ducation Routi\u00e8re\nBureau de la S\u00e9curit\u00e9 Routi\u00e8re\nArr\u00eat\u00e9 Permanent \n  \nPortant r\u00e9glementation permanente du r\u00e9gime de priorit\u00e9 au carrefour de la route \nd\u00e9partementale 973, class\u00e9e Route \u00e0 Grande Circulation, de la route d\u00e9partementale 20A et \nde la voie communale Chemin de la Borne, sur la commune de Ruffey-les-Beaune\n                                                                               \n           \n   \nVU le Code de la Route et notamment l'article R411-7;\nVU le Code G\u00e9n\u00e9ral des Collectivit\u00e9s Territoriales ;\nVU  la  loi  n\u00b0  82.213  du  2  mars  1982  relative  aux  droits  et  libert\u00e9s  des  communes,  des \nd\u00e9partements et des r\u00e9gions ;\nVU le d\u00e9cret n\u00b02009-615 du 3 juin 2009 fixant la liste des routes \u00e0 grande circulation modifi\u00e9 ;\nVU l'arr\u00eat\u00e9 interminist\u00e9riel du 24 novembre 1967 modifi\u00e9, relatif \u00e0 la signalisation des routes  \net autoroutes ;\nVU l'instruction interminist\u00e9rielle relative \u00e0 la signalisation routi\u00e8re, livre I \u2013 troisi\u00e8me partie \u2013  \nintersection et r\u00e9gime de priorit\u00e9 \u2013 approuv\u00e9 par l'arr\u00eat\u00e9 interminist\u00e9riel du 26 juillet 1974  \nmodifi\u00e9 ;\nDirection d\u00e9partementale des territoires de la C\u00f4te-d'Or\n57 , rue de Mulhouse - BP 53317 - 21033 Dijon CEDEX\nT\u00e9l. : 03 80 29 44 44\nCourriel : ddt@cote-dor.gouv.fr\nN\u00b0 114  de la Pr\u00e9fecture \nde la C\u00f4te-d'Or\nN\u00b0 CIRCUL.001  de la commune\n de Ruffey les Beaune\nLe pr\u00e9fet de la r\u00e9gion \nBourgogne-Franche-Comt\u00e9 \nPr\u00e9fet de la C\u00f4te-d'Or\nLe pr\u00e9sident du Conseil D\u00e9partemental \nde la C\u00f4te-d'Or\nLe maire de \nRuffey-les-Beaune\n Conseil D\u00e9partemental \nde la C\u00f4te-d'Or\nDirection d\u00e9partementale des territoires de la C\u00f4te-d'Or - 21-2025-01-15-00003 - Arr\u00eat\u00e9 Permanent Portant r\u00e9glementation\npermanente du r\u00e9gime de priorit\u00e9 au carrefour de la route d\u00e9partementale 973, class\u00e9e Route \u00e0 Grande Circulation, de la route\nd\u00e9partementale 20A et de la voie communale Chemin de la Borne, sur la commune de Ruffey-les-Beaune\n5\nVU  l'arr\u00eat\u00e9 pr\u00e9fectoral n\u00b01659/SG du 28 octobre 2024 donnant d\u00e9l\u00e9gation de signature \u00e0  \nMadame Florence LAUBIER, Directrice D\u00e9partementale des Territoires de la C\u00f4te-d'Or ;\nVU la demande et le rapport du Conseil D\u00e9partemental de la C\u00f4te-d'Or ;\nCONSID\u00c9RANT qu'il incombe \u00e0 l'autorit\u00e9 d\u00e9tentrice du pouvoir de police de circulation de  \nveiller \u00e0 la s\u00e9curit\u00e9 des usagers de la voie publique ;\nSUR proposition de Madame la directrice d\u00e9partementale des territoires de la C\u00f4te-d'Or ;\nSUR proposition de Monsieur le directeur g\u00e9n\u00e9ral des services du Conseil D\u00e9partemental de la \nC\u00f4te-d'Or ;\nSUR proposition de Monsieur le Maire de Ruffey-les-Beaune ;\nARRETENT\nArticle 1er\nLe r\u00e9gime de priorit\u00e9 de l'intersection, situ\u00e9e hors agglom\u00e9ration, au PR 30+312 entre la route  \nd\u00e9partementale 973, class\u00e9e Route \u00e0 Grande Circulation,  et la route d\u00e9partementale 20A sur la \ncommune de Ruffey-les-Beaune, est un r\u00e9gime \u00ab STOP \u00bb.\nLe r\u00e9gime de priorit\u00e9 de l'intersection, situ\u00e9e hors agglom\u00e9ration, au PR 30+306 entre la route \nd\u00e9partementale 973, class\u00e9e Route \u00e0 Grande Circulation,  et  la voie communale Chemin de la \nBorne sur la commune de Ruffey-les-Beaune, est un r\u00e9gime \u00ab STOP \u00bb.\nArticle 2\nLa signalisation r\u00e9glementaire conforme aux dispositions des 3e partie - intersections et r\u00e9gime \nde priorit\u00e9 - et 7 e septi\u00e8me partie - marques sur chauss\u00e9es - de l'instruction interminist\u00e9rielle  \nsur la signalisation routi\u00e8re sera mise en place par le Conseil D\u00e9partemental de la C\u00f4te-d'Or.\nArticle 3\nLes  dispositions  d\u00e9finies  par  l'article  1er prendront  effet  le  jour  de  la  mise  en  place  de \nl'ensemble de la signalisation pr\u00e9vue \u00e0 l'article 2 ci-dessus.\nArticle 4\nToutes les dispositions ant\u00e9rieures au pr\u00e9sent arr\u00eat\u00e9 et relatives \u00e0 l'intersection mentionn\u00e9e  \nci-dessus, sont rapport\u00e9es.\nArticle 5\nLe pr\u00e9sent arr\u00eat\u00e9 peut faire l'objet d'un recours gracieux aupr\u00e8s du pr\u00e9fet et/ou d'un recours  \ncontentieux  devant  le  tribunal  administratif  dans  un  d\u00e9lai  de  2  mois  \u00e0  compter  de  sa \nnotification.Le tribunal administratif peut \u00eatre saisi par un recours d\u00e9pos\u00e9 via l'application  \nT\u00e9l\u00e9recours citoyens accessible par le site internet www.telerecours.fr \u00bb.\nDirection d\u00e9partementale des territoires de la C\u00f4te-d'Or\n57 , rue de Mulhouse - BP 53317 - 21033 Dijon CEDEX\nT\u00e9l. : 03 80 29 44 44\nCourriel : ddt@cote-dor.gouv.fr\nDirection d\u00e9partementale des territoires de la C\u00f4te-d'Or - 21-2025-01-15-00003 - Arr\u00eat\u00e9 Permanent Portant r\u00e9glementation\npermanente du r\u00e9gime de priorit\u00e9 au carrefour de la route d\u00e9partementale 973, class\u00e9e Route \u00e0 Grande Circulation, de la route\nd\u00e9partementale 20A et de la voie communale Chemin de la Borne, sur la commune de Ruffey-les-Beaune\n6\nArticle 6\n- Le directeur de Cabinet du pr\u00e9fet de la C\u00f4te-d'Or ;\n- Le directeur g\u00e9n\u00e9ral des services du Conseil D\u00e9partemental de la C\u00f4te-d'Or ;\n- Le maire de la commune de Ruffey-les-Beaune ;\n- Le  Commandant  de  la  R\u00e9gion  de  Gendarmerie  de  Bourgogne-Franche-Comt\u00e9  et  du  \nGroupement de la C\u00f4te-d'Or,\nsont charg\u00e9s, chacun en ce qui le concerne, de l'ex\u00e9cution du pr\u00e9sent arr\u00eat\u00e9.\nLe pr\u00e9sent arr\u00eat\u00e9 sera publi\u00e9 au recueil des actes administratifs de la Pr\u00e9fecture de la C\u00f4te-\nd'Or et au bulletin des actes administratifs du Conseil d\u00e9partemental de la C\u00f4te-d'Or et de la  \ncommune de Ruffey-les-Beaune.\n          \n                   Fait \u00e0 Dijon,      Fait \u00e0 Dijon, \n             le 15 janvier 2025                           le 30 d\u00e9cembre 2024\n  \n \nDirection d\u00e9partementale des territoires de la C\u00f4te-d'Or\n57 , rue de Mulhouse - BP 53317 - 21033 Dijon CEDEX\nT\u00e9l. : 03 80 29 44 44\nCourriel : ddt@cote-dor.gouv.fr\nLe pr\u00e9sident du Conseil \nD\u00e9partemental de la C\u00f4te-d'Or\nPour le Pr\u00e9sident et par d\u00e9l\u00e9gation,\nLe Chef de Service de Coordination \ndes Actions Territorialis\u00e9es\nSIGN\u00c9\nJulien ROUET\nLe pr\u00e9fet,\nPour le pr\u00e9fet et par d\u00e9l\u00e9gation,\nLa Directrice D\u00e9partementale des \nTerritoires \nSIGN\u00c9\nFlorence LAUBIER\n  Fait \u00e0 Ruffey-les-Beaune, \nle 20 d\u00e9cembre 2024\n    Le maire,\nPour le maire emp\u00each\u00e9,\nLe premier adjoint,\nSIGN\u00c9\n   Cyril VACHON\nDirection d\u00e9partementale des territoires de la C\u00f4te-d'Or - 21-2025-01-15-00003 - Arr\u00eat\u00e9 Permanent Portant r\u00e9glementation\npermanente du r\u00e9gime de priorit\u00e9 au carrefour de la route d\u00e9partementale 973, class\u00e9e Route \u00e0 Grande Circulation, de la route\nd\u00e9partementale 20A et de la voie communale Chemin de la Borne, sur la commune de Ruffey-les-Beaune\n7\nPr\u00e9fecture de la C\u00f4te-d'Or\nDirection de la coordination, des politiques\npubliques et de l'appui territorial\n21-2024-12-20-00003\nArr\u00eat\u00e9 pr\u00e9fectoral n\u00b01925 du 20 d\u00e9cembre 2024\nportant renouvellement de la composition de la\nCommission de Suivi de Site (CSS) du Centre de\nStockage de D\u00e9chets Non Dangereux (CSDND)\nde Millery et Vic-de-Chassenay\nPr\u00e9fecture de la C\u00f4te-d'Or - 21-2024-12-20-00003 - Arr\u00eat\u00e9 pr\u00e9fectoral n\u00b01925 du 20 d\u00e9cembre 2024 portant renouvellement de la\ncomposition de la Commission de Suivi de Site (CSS) du Centre de Stockage de D\u00e9chets Non Dangereux (CSDND) de Millery et\nVic-de-Chassenay\n8\nExPREFETDE LACOTE-D'ORLibert\u00e9Egalit\u00e9Fraternit\u00e9\nDirection de la coordination des politiques \npubliques et de l'appui territorial\nP\u00f4le Environnement et Urbanisme\nArr\u00eat\u00e9 pr\u00e9fectoral n\u00b0 1925 du 20 d\u00e9cembre 2024\nportant renouvellement de la composition de la Commission de Suivi de Site (CSS) du Centre \nde Stockage de D\u00e9chets Non Dangereux (CSDND) de Millery et Vic-de-Chassenay\nVU le code des relations entre le public et l'administration, notamment les articles R.133-1 \u00e0 \nR.133-15 relatifs aux commissions administratives \u00e0 caract\u00e8re consultatif ;\nVU le code de l'environnement et notamment les articles L.125-2-1, R.125-5, R.125-8,  \nR.125-8-1 \u00e0 R.125-8-5 ;\nVU le code du travail et notamment les articles L.2411-1 et suivants relatifs \u00e0 la protection  \ndes salari\u00e9s investis d'un mandat ;\nVU le d\u00e9cret n\u00b02012-189 du 7 f\u00e9vrier 2012 relatif aux commissions de suivi de site ;\nVU l'arr\u00eat\u00e9  pr\u00e9fectoral  du  13  mars  2006  modifi\u00e9  autorisant  la  soci\u00e9t\u00e9  ECOPOLES \nSERVICES \u00e0 exploiter un centre de stockage de d\u00e9chets non dangereux sur les communes de  \nMillery et de Vic-de-Chassenay ;\nVU l'arr\u00eat\u00e9 pr\u00e9fectoral du 8 d\u00e9cembre 2015 portant mutation de l'autorisation d'exploiter au  \nprofit de la soci\u00e9t\u00e9 COVED ;\nVU l'arr\u00eat\u00e9 pr\u00e9fectoral compl\u00e9mentaire du 6 d\u00e9cembre 2017 autorisant la soci\u00e9t\u00e9 S.A.S  \nCOVED \u00e0 exploiter l'ISDND susvis\u00e9e jusqu'au 30 avril 2018 ;\nVU l'arr\u00eat\u00e9 pr\u00e9fectoral n\u00b0919 du 17 d\u00e9cembre 2018 portant prescriptions compl\u00e9mentaires  \npour le cadrage du suivi post-exploitation et le r\u00e9am\u00e9nagement et la r\u00e9habilitation de l'ISDND ;\nVU l'arr\u00eat\u00e9 pr\u00e9fectoral n \u00b0 665 du 28 octobre 2013  portant cr\u00e9ation de la Commission de  \nsuivi de site (CSS) du Centre de stockage de d\u00e9chets non dangereux (CSDND) de Millery et Vic-\nde-Chassenay, modifi\u00e9 par arr\u00eat\u00e9 pr\u00e9fectoral n\u00b0 838 du 11 avril 2016 et par arr\u00eat\u00e9 pr\u00e9fectoral n\u00b0229  \ndu 9 mai 2017 ;\nVU l'arr\u00eat\u00e9  pr\u00e9fectoral  n\u00b0861  du  4  novembre  2019  portant  renouvellement  de  la \ncomposition de la commission de suivi de site du Centre de stockage de d\u00e9chets non dangereux  \n(CSDND) de Millery et Vic-de-Chassenay ;\nVU les d\u00e9signations et propositions des organismes et associations sollicit\u00e9s ;\nCONSIDERANT que le CSDND de Millery et Vic-de-Chassenay relevait du r\u00e9gime de  \nl'autorisation au titre du code de l'environnement, et a \u00e9t\u00e9 exploit\u00e9 jusqu'au 30 avril 2018 ;\nCONSIDERANT les nuisances, dangers et inconv\u00e9nients susceptibles d'\u00eatre pr\u00e9sent\u00e9s par  \nle CSDND de Millery et Vic-de-Chassenay et l'int\u00e9r\u00eat qu'il y a \u00e0 maintenir en place une CSS en  \nraison des nuisances que les d\u00e9chets sont susceptibles de provoquer ;\n- Page 1 / 4 - \nPr\u00e9fecture de la C\u00f4te-d'Or - 21-2024-12-20-00003 - Arr\u00eat\u00e9 pr\u00e9fectoral n\u00b01925 du 20 d\u00e9cembre 2024 portant renouvellement de la\ncomposition de la Commission de Suivi de Site (CSS) du Centre de Stockage de D\u00e9chets Non Dangereux (CSDND) de Millery et\nVic-de-Chassenay\n9\nCONSIDERANT que  le  mandat  des  membres  de  la  commission  de  suivi  de  site  de \nl'installation de stockage de d\u00e9chets non dangereux de Millery et de Vic-de-Chassenay est arriv\u00e9 \u00e0  \n\u00e9ch\u00e9ance ;\nCONSIDERANT la  n\u00e9cessit\u00e9  de  continuer  \u00e0  informer  les  riverains  du  suivi  post-\nexploitation de cette installation ; \nSUR proposition du secr\u00e9taire g\u00e9n\u00e9ral de la Pr\u00e9fecture de C\u00f4te-d'Or,\nA R R \u00ca T E:\nArticle 1 : Renouvellement et p\u00e9rim\u00e8tre\nLa commission de suivi de site (CSS) pr\u00e9vue \u00e0 l'article L.125-2-1 du code de l'environnement,  \nconcernant  le  Centre  de  stockage  de  d\u00e9chets  non  dangereux (CSDND)  de  Millery  et  Vic-de-\nChassenay, installation class\u00e9e pour la protection de l'environnement soumise \u00e0 autorisation par  \nl'arr\u00eat\u00e9 pr\u00e9fectoral susvis\u00e9 est arriv\u00e9e \u00e0 \u00e9ch\u00e9ance et est renouvel\u00e9e.\nArticle 2 : Pr\u00e9sidence et composition de la Commission de Suivi de Site\nLa commission vis\u00e9e \u00e0 l'article 1 est compos\u00e9e comme suit :\nColl\u00e8ge \u00ab administrations de l'\u00c9tat \u00bb - 4 repr\u00e9sentants  :\n\u25cf le pr\u00e9fet ou son repr\u00e9sentant, qui assure la pr\u00e9sidence de la CSS ;\n\u25cf le directeur r\u00e9gional de l'environnement, de l'am\u00e9nagement et du logement (DREAL) ou son repr\u00e9sentant ;\n\u25cf le directeur d\u00e9partemental de la protection des populations (DDPP) ou son repr\u00e9sentant ;\n\u25cf le directeur g\u00e9n\u00e9ral de l'Agence r\u00e9gionale de sant\u00e9 (ARS) ou son repr\u00e9sentant.\nColl\u00e8ge  \"\u00e9lus  des  collectivit\u00e9s  territoriales  ou  d'\u00e9tablissements  publics  de  coop\u00e9ration  \nintercommunale concern\u00e9s\" - 5 repr\u00e9sentants :\n\u25cf le maire de la commune de Millery ou son repr\u00e9sentant ;\n\u25cf le maire de la commune de Vic-de-Chassenay ou son repr\u00e9sentant ;\n\u25cf le maire de la commune de Genay ou son repr\u00e9sentant ;\n\u25cf le maire de la commune de Semur-en-Auxois ou son repr\u00e9sentant ;\n\u25cf le pr\u00e9sident de la Communaut\u00e9 de communes des Terres d'Auxois ou son repr\u00e9sentant.\nColl\u00e8ge \"exploitant\" - 3 repr\u00e9sentants :\n\u25cf titulaires COVED Environnement :\n\u27a2 M.  Dominique  BERTHELIN :  directeur  des  Exploitations  Bourgogne  Champagne \nArdenne ;\n\u27a2 M. Thomas LEFORT, responsable d'exploitation de l'ISDND de Saint-Florentin (89) ;\n\u27a2 Olivier SCHULTZ, responsable r\u00e9gional ISDND\nColl\u00e8ge \"salari\u00e9s\" : non pourvu en l'absence, sur le site, de salari\u00e9 prot\u00e9g\u00e9 au titre de l'article  \nL.2411-1 du code du travail.\nColl\u00e8ge \"riverain ou associations de protection de l'environnement dont l'objet couvre tout ou  \npartie de la zone g\u00e9ographique pour laquelle la commission a \u00e9t\u00e9 cr\u00e9\u00e9e\" - 5 repr\u00e9sentants :\n\u25cf pour l'association pour la sauvegarde du patrimoine de l'Auxois : \n\u27a2 titulaire : M. Richard RACINE ; \n\u27a2 suppl\u00e9ant : M. Alain AUGER\n- Page 2 / 4 - \nPr\u00e9fecture de la C\u00f4te-d'Or - 21-2024-12-20-00003 - Arr\u00eat\u00e9 pr\u00e9fectoral n\u00b01925 du 20 d\u00e9cembre 2024 portant renouvellement de la\ncomposition de la Commission de Suivi de Site (CSS) du Centre de Stockage de D\u00e9chets Non Dangereux (CSDND) de Millery et\nVic-de-Chassenay\n10\n\u25cf pour l'association Auxois \u00e9cologie :\n\u27a2 titulaire : M. Andr\u00e9 RISETTI ; \n\u27a2 suppl\u00e9ant : M. Bernard CLEMENT\n\u25cf pour  l'association  \"agr\u00e9\u00e9e  au  titre  de  la  protection  de  l'environnement\"  UFC-Que \nChoisir :\n\u27a2 titulaire : M. Pierre LIBANORI ; \n\u27a2 suppl\u00e9ant : M. Pierre GUILLE.\n\u25cf pour les riverains : commune de Millery :\n\u27a2 titulaire : M. Christian CHARLES ; \n\u27a2 suppl\u00e9ant : M. Gilbert BROCH.\n\u25cf pour les riverains : commune de Vic-de-Chassenay :\n\u27a2 titulaire : M. Pierre GROEN ; \n\u27a2 suppl\u00e9ant : M. S\u00e9bastien GROEN.\nPersonnalit\u00e9s qualifi\u00e9es \u2013 3 repr\u00e9sentants \n\u25cf le repr\u00e9sentant de la Direction d\u00e9partementale des services d'incendie et de secours ;\n\u25cf le repr\u00e9sentant du SESAM de Semur-en-Auxois ; \n\u25cf le repr\u00e9sentant COVED Environnement, M. Armindo GOMES.\nArticle 3 : Dur\u00e9e du mandat\nLes membres de la commission de suivi de site sont nomm\u00e9s pour cinq ans. \nTout membre qui perd la qualit\u00e9 au titre de laquelle il a \u00e9t\u00e9 nomm\u00e9, est r\u00e9put\u00e9 d\u00e9missionnaire.  \nLorsqu'un membre doit \u00eatre remplac\u00e9 avant l'\u00e9ch\u00e9ance normale de son mandat, son successeur est  \nd\u00e9sign\u00e9 dans les m\u00eames conditions que le d\u00e9missionnaire, pour la p\u00e9riode restant \u00e0 courir.\nArticle 4 : Bureau et fonctionnement\nLa commission de suivi de site comporte un bureau compos\u00e9 du pr\u00e9sident et d'un repr\u00e9sentant par  \ncoll\u00e8ge d\u00e9sign\u00e9 par les membres des coll\u00e8ges. Les membres de ce bureau seront d\u00e9sign\u00e9s par  \nchacun des coll\u00e8ges lors de la tenue de la premi\u00e8re r\u00e9union suivant l'installation de la CSS dans sa  \nnouvelle composition.\nL'ordre  du  jour  des  r\u00e9unions  de  la  CSS  est  fix\u00e9  par  le  bureau  par  tout  moyen  (y  compris \n\u00e9lectronique). L'inscription \u00e0 l'ordre du jour d'une demande d'avis au titre du premier alin\u00e9a de  \nl'article R.512-19 est de droit.\nLa commission se r\u00e9unit au moins une fois par an ou sur demande d'au moins trois membres du  \nbureau.\nSauf cas d'urgence, la convocation et les documents de s\u00e9ance sont transmis quatorze jours avant la  \ndate de r\u00e9union de la CSS. Ces documents sont communicables au public dans les conditions  \npr\u00e9vues au chapitre IV du titre II du livre 1er du code de l'environnement.\nLa commission de suivi de site met r\u00e9guli\u00e8rement \u00e0 la disposition du public, \u00e9ventuellement par  \nvoie \u00e9lectronique, un bilan de ses actions et les th\u00e8mes de ses prochains d\u00e9bats. Les r\u00e9unions de la  \ncommission peuvent \u00eatre ouvertes au public sur d\u00e9cision du bureau.\nChaque membre peut mandater l'un des membres de la commission pour le remplacer en cas  \nd'emp\u00eachement pour toute r\u00e9union de la commission. Un membre ne peut recevoir plus d'un  \nmandat.\n- Page 3 / 4 - \nPr\u00e9fecture de la C\u00f4te-d'Or - 21-2024-12-20-00003 - Arr\u00eat\u00e9 pr\u00e9fectoral n\u00b01925 du 20 d\u00e9cembre 2024 portant renouvellement de la\ncomposition de la Commission de Suivi de Site (CSS) du Centre de Stockage de D\u00e9chets Non Dangereux (CSDND) de Millery et\nVic-de-Chassenay\n11\nEn cas de vote, chacun des cinq coll\u00e8ges mentionn\u00e9s \u00e0 l'article 2 b\u00e9n\u00e9ficie du m\u00eame poids dans la  \nprise  de  d\u00e9cision.  Ainsi,  en  application  de  l'article  R125-8-4  du  code  de  l'environnement,  les \nmodalit\u00e9s des votes sont arr\u00eat\u00e9es comme suit, chaque coll\u00e8ge b\u00e9n\u00e9ficiant de 60 voix au total :\n\u25cf 15 voix par membre pour le coll\u00e8ge administrations de l'\u00c9tat ;\n\u25cf 12  voix  par  membre  pour  le  coll\u00e8ge  \u00e9lus  des  collectivit\u00e9s  territoriales  ou  \nd'\u00e9tablissements publics de coop\u00e9ration intercommunale concern\u00e9s ;\n\u25cf 20 voix par membre pour le coll\u00e8ge exploitants ;\n\u25cf  -- voix par membre pour le coll\u00e8ge salari\u00e9 ;\n\u25cf 12 voix par membre pour le coll\u00e8ge riverains ou associations pour la protection de  \nl'environnement ;\n\u25cf 20 voix par personnalit\u00e9 qualifi\u00e9e.\nEn cas d'\u00e9galit\u00e9, la voix du pr\u00e9sident est pr\u00e9pond\u00e9rante.\nSur d\u00e9cision du pr\u00e9sident et sauf opposition d'un quart de ses membres, l'avis de la commission sur  \ntous \u00e9l\u00e9ments de son domaine de comp\u00e9tence peut \u00eatre acquis selon une proc\u00e9dure \u00e9lectronique  \ninvitant chaque membre \u00e0 prendre position sur ces \u00e9l\u00e9ments.\nLa d\u00e9lib\u00e9ration est r\u00e9guli\u00e8re si la moiti\u00e9 au moins des membres de la commission ont fait conna\u00eetre  \nle sens de leur vote dans le d\u00e9lai imparti par le pr\u00e9sident, qui ne peut \u00eatre inf\u00e9rieur \u00e0 soixante-douze  \nheures.  Les  observations  \u00e9mises  sur  l'objet  de  la  sollicitation  par  l'un  des  membres  sont \nimm\u00e9diatement communiqu\u00e9es aux autres membres.\nChaque membre peut demander que son opinion, telle qu'il l'aura exprim\u00e9e par voie \u00e9lectronique,  \nsoit jointe au proc\u00e8s-verbal de la d\u00e9lib\u00e9ration.\nLe proc\u00e8s-verbal de la d\u00e9lib\u00e9ration rend compte de l'ensemble des votes exprim\u00e9s et pr\u00e9cise le sens  \nde l'avis qui en r\u00e9sulte. Il comporte, en annexe, le projet soumis \u00e0 la commission ainsi que les  \nopinions mentionn\u00e9es \u00e0 l'alin\u00e9a pr\u00e9c\u00e9dent. Il est communiqu\u00e9 par voie \u00e9lectronique \u00e0 l'ensemble  \ndes membres de la commission.\nArticle 5 : Recours\nLe pr\u00e9sent arr\u00eat\u00e9 peut faire l'objet d'un recours devant le Tribunal administratif de Dijon - 22 rue  \nd'Assas  -  BP  61616  -  21016  Dijon  cedex,  dans  un  d\u00e9lai  de  deux  mois  \u00e0  compter  de  sa \npublication.\nLe  Tribunal  administratif  de  Dijon  peut  \u00eatre  saisi  d'un  recours  d\u00e9pos\u00e9  via  l'application \nt\u00e9l\u00e9recours citoyens accessible par le site internet www.telerecours.fr.\nArticle 6 : Ex\u00e9cution\nLe Secr\u00e9taire g\u00e9n\u00e9ral de la Pr\u00e9fecture de C\u00f4te-d'Or et le Directeur r\u00e9gional de l'environnement, de  \nl'am\u00e9nagement et du logement de Bourgogne-Franche-Comt\u00e9, sont charg\u00e9s, chacun en ce qui le  \nconcerne, de l'ex\u00e9cution du pr\u00e9sent arr\u00eat\u00e9, qui sera publi\u00e9 au recueil des actes administratifs de la  \nPr\u00e9fecture de la C\u00f4te-d'Or, et dont une copie sera adress\u00e9e, \u00e0 titre de notification, \u00e0 chacun des  \nmembres de la Commission de suivi de site du CSDND de Millery et Vic-de-Chassenay.\nFait \u00e0 Dijon, le 20 d\u00e9cembre 2024\nLe pr\u00e9fet,\nPour le pr\u00e9fet et par d\u00e9l\u00e9gation\nLe secr\u00e9taire g\u00e9n\u00e9ral\nSign\u00e9\nDenis BRUEL\n- Page 4 / 4 - \nPr\u00e9fecture de la C\u00f4te-d'Or - 21-2024-12-20-00003 - Arr\u00eat\u00e9 pr\u00e9fectoral n\u00b01925 du 20 d\u00e9cembre 2024 portant renouvellement de la\ncomposition de la Commission de Suivi de Site (CSS) du Centre de Stockage de D\u00e9chets Non Dangereux (CSDND) de Millery et\nVic-de-Chassenay\n12\nPr\u00e9fecture de la C\u00f4te-d'Or\nDirection des Collectivit\u00e9s locales et des\nElections \n21-2025-01-20-00004\nArr\u00eat\u00e9 pr\u00e9fectoral n\u00b0 118 fixant la liste des\nservices de presse en ligne habilit\u00e9s \u00e0 publier les\nannonces judiciaires et l\u00e9gales dans le\nd\u00e9partement de la C\u00f4te d'Or pour l'ann\u00e9e 2025\nPr\u00e9fecture de la C\u00f4te-d'Or - 21-2025-01-20-00004 - Arr\u00eat\u00e9 pr\u00e9fectoral n\u00b0 118 fixant la liste des services de presse en ligne habilit\u00e9s \u00e0\npublier les annonces judiciaires et l\u00e9gales dans le d\u00e9partement de la C\u00f4te d'Or pour l'ann\u00e9e 2025 13\nExPREFETDE LACOTE-D'ORLibert\u00e9Egalit\u00e9Fraternit\u00e9\nDIRECTION DES COLLECTIVITES LOCALES ET DES ELECTIONS\nBureau des \u00e9lections et de la r\u00e9glementation\nAffaire suivie par : Delphine CHERDON\nT\u00e9l : 03 80 44 65 42\nm\u00e9l : delphine.cherdon@cote-dor.gouv.fr\nArr\u00eat\u00e9 pr\u00e9fectoral n\u00b0 118 du 20 janvier 2025\n fixant la liste des services de presse en ligne habilit\u00e9s \u00e0 publier les annonces judiciaires et\nl\u00e9gales dans le d\u00e9partement de la C\u00f4te d'Or pour l'ann\u00e9e 2025\nLe Pr\u00e9fet de la r\u00e9gion Bourgogne-Franche-Comt\u00e9\nPr\u00e9fet de la C\u00f4te-d'Or\nVU la loi n\u00b055-4 du 4 janvier 1955 modifi\u00e9e concernant les annonces judiciaires et l\u00e9gales ;\nVU la loi 86-897 du 1er ao\u00fbt 1986 portant r\u00e9forme du r\u00e9gime juridique de la presse ;\nVU le d\u00e9cret 2009-1340 du 29 octobre 2009 pris pour l'application de l'article 1er de la loi n\u00b086-897 du 1er\nao\u00fbt 1986 portant r\u00e9forme du r\u00e9gime juridique de la presse ;\nVU le d\u00e9cret n\u00b02012-1547 du 28 d\u00e9cembre 2012 relatif \u00e0 l'insertion des annonces judiciaires l\u00e9gales\nportant sur les soci\u00e9t\u00e9s et fonds de commerce dans une base de donn\u00e9es num\u00e9rique centrale ;\nVU le d\u00e9cret n\u00b02019-1216 du 21 novembre 2019 relatif aux annonces judiciaires et l\u00e9gales ;\nVU le d\u00e9cret n\u00b02022-1393 du 31 octobre 2022 modifiant le d\u00e9cret n\u00b02019-1216 du 21 novembre 2019\nrelatif aux annonces judiciaires et l\u00e9gales ;\nVU l'arr\u00eat\u00e9 du 22 d\u00e9cembre 2016 modifiant l'arr\u00eat\u00e9 du 21 d\u00e9cembre 2012 relatif au tarif annuel et aux\nmodalit\u00e9s de publication des annonces judiciaires et l\u00e9gales ;\nVU les demandes d'inscription des services de presse en ligne habilit\u00e9s \u00e0 publier les annonces judiciaires\net l\u00e9gales pr\u00e9sent\u00e9es par les directeurs des journaux ou leurs repr\u00e9sentants ;\nVU les justificatifs fournis \u00e0 l'appui ;\nCONSIDERANT que les publications cit\u00e9es r\u00e9pondent aux crit\u00e8res fix\u00e9s par les textes ;\nSUR proposition du secr\u00e9taire g\u00e9n\u00e9ral de la pr\u00e9fecture de la C\u00f4te d'Or ;\nPr\u00e9fecture de la C\u00f4te-d'Or \n53 rue de la Pr\u00e9fecture - 21041 DIJON cedex\nt\u00e9l : 03 80 44 64 00 \nSite internet : http://www.cote-dor.gouv.fr\nPr\u00e9fecture de la C\u00f4te-d'Or - 21-2025-01-20-00004 - Arr\u00eat\u00e9 pr\u00e9fectoral n\u00b0 118 fixant la liste des services de presse en ligne habilit\u00e9s \u00e0\npublier les annonces judiciaires et l\u00e9gales dans le d\u00e9partement de la C\u00f4te d'Or pour l'ann\u00e9e 2025 14\nA R R E T E \nArticle 1er : La liste des services de presse en ligne habilit\u00e9s \u00e0 publier dans le d\u00e9partement de la C\u00f4te-\nd'Or pour l'ann\u00e9e 2025 les annonces judiciaires et l\u00e9gales est fix\u00e9e comme suit :\nlebienpublic.com\nlagazettefrance.fr\nactu.fr\nlesechos.fr\njournal-du-palais.fr\nagribourgogne.fr\nlejdc.fr\ninfo-chalon.com\n20Minutes.fr\nArticle 2 : Pour \u00eatre admis \u00e0 recevoir les annonces l\u00e9gales, un journal en ligne doit remplir les conditions\nsuivantes :\n\u2022 \u00eatre inscrit \u00e0 la commission paritaire des publications et agences de presse,\n\u2022 ne pas avoir pour objet principal la diffusion de messages publicitaires ou d'annonces,\n\u2022 \u00eatre \u00e9dit\u00e9 depuis plus de six mois,\n\u2022 comporter un volume substantiel d'informations g\u00e9n\u00e9rales, judiciaires ou techniques originales\nd\u00e9di\u00e9es au d\u00e9partement et renouvel\u00e9es sur la base au moins hebdomadaire,\n\u2022 soit   justifier d'une diffusion payante correspondant \u00e0 une vente effective par abonnement fix\u00e9e\npour le d\u00e9partement de la C\u00f4te-d'Or \u00e0 1 980 exemplaires par le d\u00e9cret n\u00b02022-1393 du 31\noctobre 2022,\n\u2022 soit   justifier d'une fr\u00e9quentation, exprim\u00e9e en nombre de visites hebdomadaires, au moins \u00e9gale\naux minimas fix\u00e9s pour le d\u00e9partement de la C\u00f4te-d'Or \u00e0 9 900 visites par le d\u00e9cret n\u00b02022-1393\ndu 31 octobre 2022 susvis\u00e9.\nArticle   3   : La diffusion payante et la fr\u00e9quentation sont certifi\u00e9es par un organisme offrant la garantie\nde moyens d'investigation suffisants et notoirement reconnu comme tel. Le respect des minimas peut\n\u00e9galement \u00eatre attest\u00e9 par un commissaire aux comptes ou par un professionnel inscrit au tableau de\nl'ordre des experts comptables.\n  \nArticle   4   : L'habilitation accord\u00e9e par le pr\u00e9sent arr\u00eat\u00e9 pourra \u00eatre retir\u00e9e si le journal en ligne habilit\u00e9 \u00e0\npublier des annonces judiciaires et l\u00e9gales ne remplit plus, en cours d'ann\u00e9e, les conditions exig\u00e9es par\nla loi et ses textes d'application.\nArticle 5 : Le pr\u00e9sent arr\u00eat\u00e9 annule et remplace l'arr\u00eat\u00e9 pr\u00e9fectoral n\u00b0 1924 du 24 d\u00e9cembre 2024.\nArticle   6   : Le secr\u00e9taire g\u00e9n\u00e9ral de la pr\u00e9fecture de la C\u00f4te d'Or  est charg\u00e9 de l'ex\u00e9cution du pr\u00e9sent\narr\u00eat\u00e9, qui sera ins\u00e9r\u00e9 au recueil des actes administratifs de la pr\u00e9fecture et sera notifi\u00e9 \u00e0 :\n- M. le Procureur G\u00e9n\u00e9ral, Pr\u00e8s la Cour d'Appel de DIJON\n- M. le Procureur de la R\u00e9publique, Pr\u00e8s le Tribunal Judiciaire de DIJON\n- M. le Pr\u00e9sident de la Chambre d\u00e9partementale des notaires \u00e0 DIJON\n- M. le Pr\u00e9sident du Tribunal de Commerce de DIJON\n- MM. les Directeurs des journaux en ligne concern\u00e9s.\n                                                                                                      Dijon, le 20 janvier 2025\nLe Pr\u00e9fet,\nPour le pr\u00e9fet et par d\u00e9l\u00e9gation,\nLe secr\u00e9taire g\u00e9n\u00e9ral\n                                                        Sign\u00e9              Denis BRUEL\nPr\u00e9fecture de la C\u00f4te-d'Or \n53 rue de la Pr\u00e9fecture - 21041 DIJON cedex\nt\u00e9l : 03 80 44 64 00 \nSite internet : http://www.cote-dor.gouv.fr\nPr\u00e9fecture de la C\u00f4te-d'Or - 21-2025-01-20-00004 - Arr\u00eat\u00e9 pr\u00e9fectoral n\u00b0 118 fixant la liste des services de presse en ligne habilit\u00e9s \u00e0\npublier les annonces judiciaires et l\u00e9gales dans le d\u00e9partement de la C\u00f4te d'Or pour l'ann\u00e9e 2025 15\n                        \nPr\u00e9fecture de la C\u00f4te-d'Or \n53 rue de la Pr\u00e9fecture - 21041 DIJON cedex\nt\u00e9l : 03 80 44 64 00 \nSite internet : http://www.cote-dor.gouv.fr\nPr\u00e9fecture de la C\u00f4te-d'Or - 21-2025-01-20-00004 - Arr\u00eat\u00e9 pr\u00e9fectoral n\u00b0 118 fixant la liste des services de presse en ligne habilit\u00e9s \u00e0\npublier les annonces judiciaires et l\u00e9gales dans le d\u00e9partement de la C\u00f4te d'Or pour l'ann\u00e9e 2025 16\nPr\u00e9fecture de la C\u00f4te-d'Or\nDirection des s\u00e9curit\u00e9s\n21-2025-01-21-00002\nArr\u00eat\u00e9 pr\u00e9fectoral portant autorisation\nprovisoire d'installation d'un syst\u00e8me de\nvid\u00e9oprotection \u00e0 l'occasion de la Saint-Vincent\nTournante de LADOIX-SERRIGNY\nPr\u00e9fecture de la C\u00f4te-d'Or - 21-2025-01-21-00002 - Arr\u00eat\u00e9 pr\u00e9fectoral portant autorisation provisoire d'installation d'un syst\u00e8me de\nvid\u00e9oprotection \u00e0 l'occasion de la Saint-Vincent Tournante de LADOIX-SERRIGNY 17\nPREFET | |DELA | Direction des s\u00e9curit\u00e9sC\u00d4TE-D'OR | Bureau d\u00e9fense et s\u00e9curit\u00e9L'iberte'\u00c9galit\u00e9Fraternit\u00e9\nDijon, le 21 janvier 2025\nArr\u00eat\u00e9 pr\u00e9fectoral n\u00b0109portant autorisation provisoire d'installation d'un syst\u00e8me de vid\u00e9oprotection\u00e0 l'occasion de la Saint-Vincent Tournante\" de LADOIX-SERRIGNY'Le pr\u00e9fet de la C\u00f4te-d'Or\nVU le code de la s\u00e9curit\u00e9 int\u00e9rieure, notamment les articles L.211-1, L.251-1 \u00e0 L.255-1 ;VU le d\u00e9cret n\u00b0 96-926 du 17 octobre 1996 modifi\u00e9, relatif \u00e0 la vid\u00e9oprotection ;VU l'arr\u00eat\u00e9 minist\u00e9riel du 3 ao\u00fbt 2007 portant d\u00e9finition des normes techniques dessyst\u00e8mes de vid\u00e9oprotection ;VU l'arr\u00e9t\u00e9 pr\u00e9fectoral n\u00b01646/SG du 28 octobre 2024 donnant d\u00e9l\u00e9gation de signature \u00e0Mme Nathalie AUBERTIN, directrice des s\u00e9curit\u00e9s de la pr\u00e9fecture de la C\u00f4te-d'Or ;VU la demande d'autorisation d'installation d'un syst\u00e8me de vid\u00e9oprotection temporaire \u00e0l'occasion de la Saint-Vincent Tournante qui se d\u00e9roulera le samedi 25 etle dimanche 26 janvier 2025 sur l''emprise des communes de LADOIX-SERRIGNY et SAVIGNY-LES-BEAUNE ; 'CONSID\u00c9RANT l'ampleur de cette manifestation qui pr\u00e9sente des risques particuliersd'atteinte \u00e0 la s\u00e9curit\u00e9 des biens et des personnes et la n\u00e9cessit\u00e9 de pr\u00e9venir tout acte deterrorisme ; | |SUR proposition du sous-pr\u00e9fet, directeur de cabinet du pr\u00e9fet de la r\u00e9gion Bourgogne-Franche-Comt\u00e9, pr\u00e9fet de la C\u00f4te-d'Or ;ARR\u00caTEArticle 1\u00b0 :Les communes de LADOIX-SERRIGNY et SAVIGNY-LES-BEAUNE, repr\u00e9sent\u00e9es par leursmaires, sont autoris\u00e9es, du 24 au 27 janvier 2025, \u00e0 l'occasion de la Saint-Vincent Tournante\u00e0 installer des cam\u00e9ras de vid\u00e9oprotection sur l'emprise des communes de LADOIX-SERRIGNY et SAVIGNY-LES-BEAUNE. | |\n03 80 44 G4 00L*)\"\"f' c ffanavy COrS-cder estiy frATLOS//WWW.COLSE-CIOT ZOUV F\nPr\u00e9fecture de la C\u00f4te-d'Or - 21-2025-01-21-00002 - Arr\u00eat\u00e9 pr\u00e9fectoral portant autorisation provisoire d'installation d'un syst\u00e8me de\nvid\u00e9oprotection \u00e0 l'occasion de la Saint-Vincent Tournante de LADOIX-SERRIGNY 18\nArticle 2 :' Les cam\u00e9ras seront install\u00e9es aux endroits suivants :* point d'inspection et de filtrage (PIF) n\u00b01 nord : avenue de la Plante de l'Orme \u00e0LADOIX-SERRIGNY: 1 cam\u00e9ra* route de Dijon - rond-point de l'autoroute (sur poteau luminaire): 1 cam\u00e9ra \u00e0SAVIGNY-LES-BEAUNE< route de Beaune (sur poteau luminaire) \u00e0 LADOIX-SERRIGNY : 1 cam\u00e9ra< rue Massenet \u00e0 LADOIX-SERRIGNY : 1 cam\u00e9ra |- rue de la Miotte (sur poteau \u00e9lectrique) \u00e0 LADOIX-SERRIGNY : 1 cam\u00e9ra\nElles auront pour finalit\u00e9 la s\u00e9curit\u00e9 des personnes et des biens, la protection des b\u00e2timentspublics ainsi que la pr\u00e9vention d'actes de terrorisme.Artic!e 3:Le pubhc est inform\u00e9 par une signal\u00e9tique appropri\u00e9e, de mani\u00e8re claire et significative, deI'existence d'un syst\u00e8me de vwdeoprotectxonArticle 4 :Hormis le cas d'une enqu\u00eate en flagrance, d'une enqu\u00eate en pr\u00e9liminaire ou d'uneinformation judiciaire, les enregistrements sont d\u00e9truits dans un d\u00e9lai maximum de 7 jours.Article 5 :Les maires de LADOIX-SERRIGNY et SAVIGNY-LES-BEAUNE doivent se porter garant despersonnes susceptibles d'intervenir dans l'exploitation ou le visionnage des images, ainsi quedans la maintenance du syst\u00e8me mis en place. Des consignes tr\u00e9s pr\u00e9cises sur laconfidentialit\u00e9 des images capt\u00e9es et/ou enregistr\u00e9es et des atteintes \u00e0 la vie priv\u00e9e qu'ellespeuvent \u00e9ventuellement impliquer sont donn\u00e9es \u00e0 toutes les personnes concern\u00e9es.Article 6 :Toute personne film\u00e9e peut exercer un droit d'acc\u00e8s aux images la concernant aupr\u00e8s de :. M. le maire de LADOIX-SERRIGNY pour les images film\u00e9es sur sa commune,< M. le maire de SAVIGNY-LES-BEAUNE pour les images film\u00e9es sur sa commune.Article 7 :Sans pr\u00e9judice des sanctions p\u00e9nales applicables, la pr\u00e9sente autorisation peut, apr\u00e9s quel'int\u00e9ress\u00e9 ait \u00e9t\u00e9 mis \u00e0 m\u00e9me de pr\u00e9senter ses observations, \u00eatre retir\u00e9e en cas demanquement aux dispositions figurant aux articles L. 251-2, L. 251-3, L. 252-1 \u00e0 L. 252-6,L. 253-1 \u00e0 L. 253-5 du code de la s\u00e9curit\u00e9 int\u00e9rieure ou \u00e0 celle r\u00e9sultant de l'article 18 dud\u00e9cret du 17 octobre 1996 susvis\u00e9 ou encore en cas de modification des conditions au vudesquelles cette autorisation a \u00e9t\u00e9 d\u00e9livr\u00e9e.\n53 rue de la Pre\u00e9fecture 21041 DIJON cedex\n\u00c7J03 80 4~01'~U\\\nrq jvn.cote-cie;'._{\u00bb_\\,v\\/'.\u00ceY'\nPr\u00e9fecture de la C\u00f4te-d'Or - 21-2025-01-21-00002 - Arr\u00eat\u00e9 pr\u00e9fectoral portant autorisation provisoire d'installation d'un syst\u00e8me de\nvid\u00e9oprotection \u00e0 l'occasion de la Saint-Vincent Tournante de LADOIX-SERRIGNY 19\nArticle 8 :La pr\u00e9sente autorisation est publi\u00e9e au recueil des actes administratifs de la pr\u00e9fecture deDijon. Elle peut faire l'objet d''un recours devant le tribunal administratif de Dijon dans und\u00e9lai de deux mois \u00e0 compter de la date de sa publication au recueil.Article 9 :Le sous-pr\u00e9fet, directeur de cabinet du pr\u00e9fet de la r\u00e9gion Bourgogne-Franche-Comt\u00e9, pr\u00e9fetde la C\u00f4te-d'Or et le g\u00e9n\u00e9ral, commandant la r\u00e9gion de gendarmerie de Bourgogne-Franche-Comt\u00e9 sont charg\u00e9s, chacun pour ce qui le concerne, de I'ex\u00e9cution du pr\u00e9sent arr\u00eat\u00e9.\nLe pr\u00e9fet,Pour le pr\u00e9fet et par d\u00e9l\u00e9gation,La directrice des s\u00e9curit\u00e9s,Sign\u00e9Nathalie AUBERTIN\nPr\u00e9fecture de la C\u00f4te-d'Or - 21-2025-01-21-00002 - Arr\u00eat\u00e9 pr\u00e9fectoral portant autorisation provisoire d'installation d'un syst\u00e8me de\nvid\u00e9oprotection \u00e0 l'occasion de la Saint-Vincent Tournante de LADOIX-SERRIGNY 20\nPr\u00e9fecture de la C\u00f4te-d'Or - 21-2025-01-21-00002 - Arr\u00eat\u00e9 pr\u00e9fectoral portant autorisation provisoire d'installation d'un syst\u00e8me de\nvid\u00e9oprotection \u00e0 l'occasion de la Saint-Vincent Tournante de LADOIX-SERRIGNY 21\nPr\u00e9fecture de la C\u00f4te-d'Or\nSecr\u00e9tariat G\u00e9n\u00e9ral\n21-2025-01-16-00009\nArr\u00eat\u00e9 pr\u00e9fectoral n\u00b0122 portant renouvellement\nd'agr\u00e9ment ILGLS du CFA La Noue au titre de\nl'article L.365-4 du code de la construction et de\nl'habitation\nPr\u00e9fecture de la C\u00f4te-d'Or - 21-2025-01-16-00009 - Arr\u00eat\u00e9 pr\u00e9fectoral n\u00b0122 portant renouvellement d'agr\u00e9ment ILGLS du CFA La\nNoue au titre de l'article L.365-4 du code de la construction et de l'habitation 22\nExPREFETDE LACOTE-D'ORL'z'berte'Egalit\u00e9Fraternit\u00e9\nDirection d\u00e9partementalede l'Emploi, du Travail et des Solidarit\u00e9s\nARR\u00caT\u00c9 PREFECTORAL N\u00b0122Portant renouvellement d'agr\u00e9ment ILGLS du CFA La Noueau titre de l'article L.365-4 du code de la construction et de l'habitationPr\u00e9fet de la C\u00f4te-d'Or,VU la loi n\u00b0 2009-323 du 25 mars 2009 de mobilisation pour le logement et de lutte contre l'exclusion,VU le code de la construction et de l'habitation et notamment l'article L 365-1 et suivants et l'articleR.365-1,VU le d\u00e9cret n\u00b0 2009-1684 du 30 d\u00e9cembre 2009 relatif aux agr\u00e9ments des organismes exer\u00e7ant desactivit\u00e9s en faveur du logement et de l'h\u00e9bergement des personnes d\u00e9favoris\u00e9es,VU la circulaire du 6 septembre 2010 relative aux agr\u00e9ments des organismes agissant en faveur dulogement et de l'h\u00e9bergement des personnes d\u00e9favoris\u00e9es,VU l'arr\u00eat\u00e9 en date du 22 janvier 2015 portant agr\u00e9ment du CFA La Noue au titre de l'article L.365-4du code de la construction et de l'habitation pour une dur\u00e9e de 5 ans renouvelable,VU le dossier de demande de renouvellement transmis le 17 d\u00e9cembre 2024 par le repr\u00e9sentant l\u00e9galdu CFA La Noue et d\u00e9clar\u00e9 complet le 16 janvier 2025,VU l'avis favorable de la Direction D\u00e9partementale de I'Emploi, du Travail et des Solidarit\u00e9s de C\u00f4te-d'Or qui a examin\u00e9 les capacit\u00e9s de l'organisme \u00e0 mener de telles activit\u00e9s conform\u00e9ment \u00e0 l'articleR.365-1 3\u00b0 du code de la construction et de l'habitation.ARR\u00caTEArticle 1er :L'organisme \u00e0 gestion d\u00e9sint\u00e9ress\u00e9e, CFA La Noue sis 1 chemin de la Noue \u2014 21602 Longvic cedex,association de loi 1901, est agr\u00e9\u00e9 pour les activit\u00e9s d'interm\u00e9diation locative et de gestion locativesociale mentionn\u00e9es au b) de |'article R.365-1 3\u00b0 du code de la construction et de l'habitation.Article 2 :L'agr\u00e9ment est d\u00e9livr\u00e9 pour une dur\u00e9e de cing ans renouvelable. L'agr\u00e9ment peut \u00eatre retir\u00e9 \u00e0 toutmoment par l'autorit\u00e9 administrative comp\u00e9tente si l'organisme ne satisfait plus aux conditions ded\u00e9livrance de l'agr\u00e9ment ou s'il est constat\u00e9 un manquement grave ou r\u00e9p\u00e9t\u00e9 \u00e0 ses obligations.Le retrait est prononc\u00e9 apr\u00e8s avoir mis les dirigeants de l'organisme en mesure de pr\u00e9senter leursobservations.DDETS - www.cote-dor.gouv.fr- P\u00f4le travail et entreprises - P\u00f4le solidarit\u00e9s- P\u00f4le Emploi et coh\u00e9sion territoriale Cit\u00e9 administrative Dampierre21 Boulevard Voltaire 6 rue Chancelier de l'HospitalBP 81110 - 21000 Dijon BP 15381 - 21053 DIJON cedextel: 03 80 76 99 10 tel: 03 80 68 30 00\n \n \n  \n  \n  \n \n.\n \n \n \nPr\u00e9fecture de la C\u00f4te-d'Or - 21-2025-01-16-00009 - Arr\u00eat\u00e9 pr\u00e9fectoral n\u00b0122 portant renouvellement d'agr\u00e9ment ILGLS du CFA La\nNoue au titre de l'article L.365-4 du code de la construction et de l'habitation 23\nArticle 3 :Un compte-rendu de l'activit\u00e9 concern\u00e9e et les comptes financiers de l'organisme seront adress\u00e9sannuellement \u00e0 l'autorit\u00e9 administrative comp\u00e9tente qui a d\u00e9livr\u00e9 l'agr\u00e9ment.Cette derniere peut \u00e0 tout moment contr\u00f4ler les conditions d'exercice de l'activit\u00e9 de l'organisme.Toute modification statutaire est notifi\u00e9e sans d\u00e9lai \u00e0 l'autorit\u00e9 administrative.Article 4 :Le secr\u00e9taire g\u00e9n\u00e9ral de la pr\u00e9fecture de la C\u00f4te-d'Or et la Directrice d\u00e9partementale de l'emploi, dutravail et des solidarit\u00e9s sont en charge, chacun en ce qui le concerne, de l'ex\u00e9cution du pr\u00e9sentarr\u00eat\u00e9 qui sera ins\u00e9r\u00e9 au recueil des actes administratifs de la Pr\u00e9fecture.Fait \u00e0 Dijon, le 16 janvier 2025Pour le pr\u00e9fet et par d\u00e9l\u00e9gation,le secr\u00e9taire g\u00e9n\u00e9ral,SIGNEDenis BRUEL\nLe pr\u00e9sent arr\u00eat\u00e9 peut faire l'objet d'un recours devant le Tribunal Administratif sis 22, rue d'Assas \u201421000 DIJON dans les deux mois suivant sa publication au recueil des actes administratifs de laPr\u00e9fecture de la C\u00f4te-d'Or. La juridiction administrative comp\u00e9tente peut aussi \u00eatre saisie parl''application t\u00e9l\u00e9recours citoyens accessible \u00e0 partir du site www.telerecours.frLe m\u00eame recours peut \u00eatre exerc\u00e9 par l'association gestionnaire dans le d\u00e9lai de deux mois \u00e0 compter dela notification du pr\u00e9sent arr\u00eat\u00e9.\nDDETS - www.cote-dor.gouv.fr- P\u00f4le travail et entreprises - P\u00f4le solidarit\u00e9s- P\u00f4le Emploi et coh\u00e9sion territoriale Cit\u00e9 administrative Dampierre21 Boulevard Voltaire 6 rue Chancelier de l'HospitalBP 81110 - 21000 Dijon BP 15381 - 21053 DIJON cedextel: 03 80 76 99 10 tel: 03 80 68 30 00\n \n \n  \n  \n  \n \n \n \nPr\u00e9fecture de la C\u00f4te-d'Or - 21-2025-01-16-00009 - Arr\u00eat\u00e9 pr\u00e9fectoral n\u00b0122 portant renouvellement d'agr\u00e9ment ILGLS du CFA La\nNoue au titre de l'article L.365-4 du code de la construction et de l'habitation 24\nSDIS de C\u00f4te-d'Or\n21-2025-01-14-00006\n2025_Liste d'aptitude op\u00e9rationnelle dans le\ndomaine de la PREVENTION\nSDIS de C\u00f4te-d'Or - 21-2025-01-14-00006 - 2025_Liste d'aptitude op\u00e9rationnelle dans le domaine de la PREVENTION 25\nPREFETs00 <OSLibert\u00e9\u00c9galit\u00e9 22 D Boulevard Winston ChurchillFraternit\u00e9 CS 16209 - 21 062 DIJON CedexSDIS de la C\u00f4te-d'Or\nAffaire suivie par : groupement conseil aux autorit\u00e9sSDIS 21T\u00e9l : 03 80 11 26 50M\u00e9l : gca@sdis21.orgArr\u00eat\u00e9Portant sur la liste d'aptitude op\u00e9rationnelledans le domaine de la pr\u00e9ventionAnn\u00e9e 2025Le pr\u00e9fet de la C\u00f4te-d'OrVu le code g\u00e9n\u00e9ral des collectivit\u00e9s territoriales et particuli\u00e8rement l'article R 1424-52 ;Vu l'arr\u00eat\u00e9 du 22 ao\u00fbt 2019 relatif aux formations des sapeurs-pompiers professionnels et volontaires ;Vu l'arr\u00eat\u00e9 du 15 juillet 2022 relatif \u00e0 la d\u00e9signation et aux missions des r\u00e9f\u00e9rents de sp\u00e9cialit\u00e9s mentionn\u00e9s \u00e0 l'articleR. 722-1 du code de la s\u00e9curit\u00e9 int\u00e9rieure ;Vu le guide national de r\u00e9f\u00e9rence relatif \u00e0 la pr\u00e9vention ;Vu le r\u00e8glement op\u00e9rationnel du service d\u00e9partemental d'incendie et de secours de la C\u00f4te-d'Or en date du 06 octobre2021Vu la participation des agents d\u00e9sign\u00e9s aux activit\u00e9s de formation de maintien et de perfectionnement des acquis ;Vu le nombre de responsable d\u00e9partemental (1), de pr\u00e9ventionnistes (8), de pr\u00e9visionnistes (3) ;Sur proposition de monsieur le directeur d\u00e9partemental des services d'incendie et de secours ;ARR\u00caTEArticle 1 : La liste annuelle d\u00e9partementale d'aptitude op\u00e9rationnelle des sapeurs-pompiers dans ledomaine de la pr\u00e9vention du d\u00e9partement de la C\u00f4te-d'Or s'\u00e9tablit comme suit :\n; \u00cb - - > ; Niveau deNom Pr\u00e9nom Emploi op\u00e9rationnel | Emploi compl\u00e9mentaire qualification\nREGAZZONI Micka\u00ebl * Responsable Investigateur RCCI PRV 3/RCCId\u00e9partementalLEHNHOF Jessica Pr\u00e9ventionniste PRV 2\nROUCHE St\u00e9phane Pr\u00e9ventionniste PRV 2DUVERNOIS Arnaud Investigateur RCCI PRV 2/ RCCIBLANDIN Pascal Pr\u00e9ventionniste Investigateur RCCI PRV 2 / RCCIDECHAUME Sylvain Pr\u00e9ventionniste Investigateur RCCI PRV 2 / RCCIKRAWCZYK Nicolas Investigateur RCCI PRV 3/ RCCI\nSDIS de C\u00f4te-d'Or - 21-2025-01-14-00006 - 2025_Liste d'aptitude op\u00e9rationnelle dans le domaine de la PREVENTION 26\nNom Pr\u00e9nom | Emploi op\u00e9rationnel | Emploi compl\u00e9menta\u00eere qul\u00e2'l'i\u00ee':;g\u00e2riDORMENIL Patrice Pr\u00e9ventionniste | PRV 2RICHARD Didier Pr\u00e9ventionniste | Investigateur RCCI PRV 2/ RCCIDENYS H\u00e9l\u00e8ne Pr\u00e9visionniste Pr\u00e9ventionniste PRV 2MANSOTTE Jean-Marc Pr\u00e9visionniste l | PRV 1VADOT Thierry Pr\u00e9ventionniste i PRV 2SAMORI Laurent Pr\u00e9visionniste Agent de Pr\u00e9vention PRV 1* R\u00e9f\u00e9rent de sp\u00e9cialit\u00e9 \u00ab pr\u00e9vention \u00bb\nArticle 2 : Le sous-pr\u00e9fet, directeur de cabinet, et le directeur d\u00e9partemental des services d'incendie et desecours sont charg\u00e9s, chacun en ce qui le concerne, de I'ex\u00e9cution du pr\u00e9sent arr\u00eat\u00e9 qui sera publi\u00e9 aurecueil des actes administratifs de la pr\u00e9fecture de la C\u00f4te-d'Or.Dijon, le 4 h JAM 2025\nLe pr\u00e9fet, Pourle Pr\u00e9fet et par d\u00e9l\u00e9gation,Le Sous-Pr\u00e9fet,Directeur de Cabinet\n'Olivier GERSTLE\nSDIS de C\u00f4te-d'Or - 21-2025-01-14-00006 - 2025_Liste d'aptitude op\u00e9rationnelle dans le domaine de la PREVENTION 27\nSDIS de C\u00f4te-d'Or\n21-2025-01-02-00004\n2025_Liste d'aptitude unit\u00e9 op\u00e9rationnelle_\nATLAS Drone\nSDIS de C\u00f4te-d'Or - 21-2025-01-02-00004 - 2025_Liste d'aptitude unit\u00e9 op\u00e9rationnelle_ ATLAS Drone 28\nPREFETDE LA A \u2014COTE-D'OR N,LLibert\u00e9Egalit\u00e9 22 D Boulevard Winston ChurchillFraternit\u00e9 CS 16209 - 21 062 DIJON CedexSDIS de la C\u00f4te-d'OrAffaire suivie par : sous-direction optimisation du potentiel op\u00e9rationnelSDIS 21 / service \u00e9quipes sp\u00e9cialis\u00e9esT\u00e9l :03 80 11 27 87M\u00e9l : formation@sdis21.orgArr\u00eat\u00e9Portant sur la liste d'aptitude op\u00e9rationnelleUnit\u00e9 a\u00e9ronefs t\u00e9l\u00e9pilot\u00e9s de lutte, d'appui et de secoursAnn\u00e9e 2025Le pr\u00e9fet de la C\u00f4te-d'OrVu le code g\u00e9n\u00e9ral des collectivit\u00e9s territoriales et particuli\u00e8rement l'article R 1424-54 ;Vu l'arr\u00eat\u00e9 pr\u00e9fectoral du 18 septembre 2020 fixant la liste des unit\u00e9s op\u00e9rationnelles sp\u00e9cialis\u00e9es ;Vu le r\u00e8glement op\u00e9rationnel du service d\u00e9partemental d'incendie et de secours de la C\u00f4te-d'Or en date du 6 octobre2021 ;Vu le SDACR approuv\u00e9 par arr\u00eat\u00e9 pr\u00e9fectoral n\u00b0 250 du 18 mai 2015 ;Vu l'arr\u00eat\u00e9 du 22 ao\u00fbt 2019 relatif aux formations des sapeurs-pompiers professionnels et volontaires ;Vu l'arr\u00eat\u00e9 du 15 juillet 2022 relatif \u00e0 la d\u00e9signation et aux missions des r\u00e9f\u00e9rents de sp\u00e9cialit\u00e9s mentionn\u00e9s \u00e0 l'articleR. 722-1 du code de la s\u00e9curit\u00e9 int\u00e9rieure ;Vu l'article 2 du chapitre 4 de l'annexe de l'arr\u00eat\u00e9 du 3 d\u00e9cembre 2020 relatif \u00e0 la d\u00e9finition des sc\u00e9narios standardnationaux et fixant les conditions applicables aux missions d'a\u00e9ronefs civils sans \u00e9quipage \u00e0 bord exclues du champd'application du r\u00e8glement (UE) 2018/1139 ;Vu la note de doctrine g\u00e9n\u00e9rale relative \u00e0 I'emploi d'a\u00e9ronefs t\u00e9l\u00e9pilot\u00e9s \u00e0 distance pour des missions de s\u00e9curit\u00e9 civiledu 11 juillet 2017 ;Vu le guide de doctrine op\u00e9rationnelle \u00ab appareils t\u00e9l\u00e9pilot\u00e9s de lutte, d'appui et de secours \u00bb de septembre 2022 ;Vu la participation des agents d\u00e9sign\u00e9s aux activit\u00e9s de formation et de maintien et de perfectionnement des acquis ;Vu le nombre chefs de section ATLAS (2), de chefs de sections ATLAS et t\u00e9l\u00e9pilotes professionnels de drone de s\u00e9curit\u00e9civile (2), de t\u00e9l\u00e9pilotes professionnels de drone de s\u00e9curit\u00e9 civile (7) ;Sur proposition de monsieur le directeur d\u00e9partemental des services d'incendie et de secours ;ARR\u00caTEArticle1 : La liste annuelle d\u00e9partementale d'aptitude op\u00e9rationnelle des sapeurs-pompiers de l'unit\u00e9\u00ab a\u00e9ronefs t\u00e9l\u00e9pilot\u00e9s de lutte, d'appui et de secours \u00bb du d\u00e9partement de la C\u00f4te-d'Or s'\u00e9tablit comme suit :: N\u00b0 certificat : eGrade Nom Pr\u00e9nom d'aptitude t\u00e9l\u00e9pilote Emploi(s) op\u00e9rationnel(s)Capitaine PARDON Christophe * Sans objet Chef de section ATLASCapitaine VILBOUX Romain Sans objet Chef de section ATLASChef de section ATLASLieutenant de 1\" classe |DECHAUME Sylvain 384923 T\u00e9l\u00e9pilote professionnel de dronede s\u00e9curit\u00e9 civileChef de section ATLASLieutenant de 2\u00b0 classe |VADOT Thierry 605406 T\u00e9l\u00e9pilote professionnel de dronede s\u00e9curit\u00e9 civile\u00eb T\u00e9l\u00e9pilote professionnel de droneLieutenant FERNANDEZ Manuel 327986 d\u00e9 c\u00e9curit\u00e9 \u00e9tvil\u00e9\u00f9 o T\u00e9l\u00e9pilote professionnel de droneAdjudant-chef GIRARDOT Fr\u00e9d\u00e9ric 531046 de s\u00e9curit\u00e9 civile\nFM \nPR\u00c9FET \nDE LA \nC\u00d4TE-D'OR \nLibert\u00e9 \n\u00c9galit\u00e9 \nFraternit\u00e9 \n22 D Boulevard Winston Churchill \nCS 16209 - 21 062 DIJON Cedex \nSDIS de la C\u00f4te-d'Or \nAffaire suivie par : sous-direction optimisation du potentiel op\u00e9rationnel \nSDIS 21 / service \u00e9quipes sp\u00e9cialis\u00e9es \nT\u00e9l :03 80 11 27 87 \nM\u00e9l : formation@sdis21.org  \nArr\u00eat\u00e9 \nPortant sur la liste d'aptitude op\u00e9rationnelle \nUnit\u00e9 a\u00e9ronefs t\u00e9l\u00e9pilot\u00e9s de lutte, d'appui et de secours \nAnn\u00e9e 2025 \nLe pr\u00e9fet de la C\u00f4te-d'Or \nVu le code g\u00e9n\u00e9ral des collectivit\u00e9s territoriales et particuli\u00e8rement l'article R 1424-54 ; \nVu l'arr\u00eat\u00e9 pr\u00e9fectoral du 18 septembre 2020 fixant la liste des unit\u00e9s op\u00e9rationnelles sp\u00e9cialis\u00e9es ; \nVu le r\u00e8glement op\u00e9rationnel du service d\u00e9partemental d'incendie et de secours de la C\u00f4te-d'Or en date du 6 octobre \n2021 , \nVu le SDACR approuv\u00e9 par arr\u00eat\u00e9 pr\u00e9fectoral n\u00b0 250 du 18 mai 2015 ; \nVu l'arr\u00eat\u00e9 du 22 ao\u00fbt 2019 relatif aux formations des sapeurs-pompiers professionnels et volontaires ; \nVu l'arr\u00eat\u00e9 du 15 juillet 2022 relatif \u00e0 la d\u00e9signation et aux missions des r\u00e9f\u00e9rents de sp\u00e9cialit\u00e9s mentionn\u00e9s \u00e0 l'article \nR. 722-1 du code de la s\u00e9curit\u00e9 int\u00e9rieure ; \nVu l'article 2 du chapitre 4 de l'annexe de l'arr\u00eat\u00e9 du 3 d\u00e9cembre 2020 relatif \u00e0 la d\u00e9finition des sc\u00e9narios standard \nnationaux et fixant les conditions applicables aux missions d'a\u00e9ronefs civils sans \u00e9quipage \u00e0 bord exclues du champ \nd'application du r\u00e8glement (UE) 2018/1139 ; \nVu la note de doctrine g\u00e9n\u00e9rale relative \u00e0 l'emploi d'a\u00e9ronefs t\u00e9l\u00e9pilot\u00e9s \u00e0 distance pour des missions de s\u00e9curit\u00e9 civile \ndu 11 juillet 2017 ; \nVu le guide de doctrine op\u00e9rationnelle \u00ab appareils t\u00e9l\u00e9pilot\u00e9s de lutte, d'appui et de secours \u00bb de septembre 2022 ; \nVu la participation des agents d\u00e9sign\u00e9s aux activit\u00e9s de formation et de maintien et de perfectionnement des acquis ; \nVu le nombre chefs de section ATLAS (2), de chefs de sections ATLAS et t\u00e9l\u00e9pilotes professionnels de drone de s\u00e9curit\u00e9 \ncivile (2), de t\u00e9l\u00e9pilotes professionnels de drone de s\u00e9curit\u00e9 civile (7) ; \nSur proposition de monsieur le directeur d\u00e9partemental des services d'incendie et de secours ; \nARR\u00caTE \nArticle 1 : La liste annuelle d\u00e9partementale d'aptitude op\u00e9rationnelle des sapeurs-pompiers de l'unit\u00e9 \n\u00ab a\u00e9ronefs t\u00e9l\u00e9pilot\u00e9s de lutte, d'appui et de secours \u00bb du d\u00e9partement de la C\u00f4te-d'Or s'\u00e9tablit comme suit : \nGrade Nom Pr\u00e9nom N\u00b0 certificat \nd'aptitude t\u00e9l\u00e9pilote Emploi(s) op\u00e9rationnel(s) \nCapitaine PARDON Christophe * Sans objet Chef de section ATLAS \nCapitaine VILBOUX Romain Sans objet Chef de section ATLAS \nLieutenant de Ife classe DECHAUME Sylvain 384923 \nChef de section ATLAS \nT\u00e9l\u00e9pilote professionnel de drone \nde s\u00e9curit\u00e9 civile \nLieutenant de 2e classe VADOT Thierry 605406 \nChef de section ATLAS \nT\u00e9l\u00e9pilote professionnel de drone \nde s\u00e9curit\u00e9 civile \nLieutenant FERNANDEZ Manuel 327986 T\u00e9l\u00e9pilote professionnel de drone\nde s\u00e9curit\u00e9 civile \nAdjudant-chef GIRARDOT Fr\u00e9d\u00e9ric 531046 T\u00e9l\u00e9pilote professionnel de drone \nde s\u00e9curit\u00e9 civile \nSDIS de C\u00f4te-d'Or - 21-2025-01-02-00004 - 2025_Liste d'aptitude unit\u00e9 op\u00e9rationnelle_ ATLAS Drone 29\nGrade Nom Pr\u00e9nom da p::uccfertti:'zili'gilote Emploi(s) op\u00e9rationnel(s)Adjudant-chef MANSOTTE Jean-Marc 41218895 1 EU Pslehrol AAdjudant PETIT Maxime 349878 '\u00e0'e\u00e9l\u00ee\u00e2\u00efg\u00ee\u00ee\u00e9pg?:\u00efsionnel de droneSergent-chef COUSIN Loic 41218887 l'SIs\u00e9ggE:fi\u00e9pg?\\ffi:sionnel de droneSergent-chef HENNIENE Mohamed 44085969 T\u00e9l\u00e9Mar\u00e9 projessionel deidensSergent-chef TRIDON Philippe 386811964 'clj'\u00eel\u00eeg\u00efgtr\u00e4\u00e9pg\u00ef\u00e4\u00e2sionnel de drone* R\u00e9f\u00e9rent de sp\u00e9cialit\u00e9 \u00ab a\u00e9ronefs t\u00e9l\u00e9pilot\u00e9s de lutte, d'appuis et de secours \u00bbArticle 2 : Le sous-pr\u00e9fet, directeur de cabinet, et le directeur d\u00e9partemental des services d'incendie et desecours sont charg\u00e9s, chacun en ce qui le concerne, de I'ex\u00e9cution du pr\u00e9sent arr\u00e9t\u00e9 qui sera publi\u00e9 aurecueil des actes administratifs de la pr\u00e9fecture de la C\u00f4te-d'Or.Dijon, le 02 JAN. 2{}25\npr\u00e9fet,2Pourle Pr\u00e9fet et par d\u00e9l\u00e9gatiLe Sous-Pr\u00e9fe'g,Directeur de Cabinet\nDlivier GERSTLE\nPour le Pr\u00e9fet et per &l\u00e9gat\u00b0 \nLe Sous-Pr\u00e9fet, \nDirecteur de Cabinet \npr\u00e9fet, \nGrade Nom Pr\u00e9nom N\u00b0 certificat \nd'aptitude t\u00e9l\u00e9pilote Emploi(s) op\u00e9rationnel(s) \nAdjudant-chef MANSOTTE Jean-Marc 41218895 T\u00e9l\u00e9pilote professionnel de drone \nde s\u00e9curit\u00e9 civile \nAdjudant PETIT Maxime 349878 T\u00e9l\u00e9pilote professionnel de drone \nde s\u00e9curit\u00e9 civile \nSergent-chef COUSIN Lo\u00cfc 41218887 T\u00e9l\u00e9pilote professionnel de drone \nde s\u00e9curit\u00e9 civile \nSergent-chef HENNIENE Mohamed 44085969 T\u00e9l\u00e9pilote professionnel de drone \nde s\u00e9curit\u00e9 civile \nSergent-chef TRIDON Philippe 386811964 T\u00e9l\u00e9pilote professionnel de drone \nde s\u00e9curit\u00e9 civile \n* R\u00e9f\u00e9rent de sp\u00e9cialit\u00e9 \u00ab a\u00e9ronefs t\u00e9l\u00e9pilot\u00e9s de lutte, d'appuis et de secours \u00bb \nArticle 2 : Le sous-pr\u00e9fet, directeur de cabinet, et le directeur d\u00e9partemental des services d'incendie et de \nsecours sont charg\u00e9s, chacun en ce qui le concerne, de l'ex\u00e9cution du pr\u00e9sent arr\u00eat\u00e9 qui sera publi\u00e9 au \nrecueil des actes administratifs de la pr\u00e9fecture de la C\u00f4te-d'Or. \nDijon, le 0 2 JAN, 2025 \nlivier GERSTLE \nSDIS de C\u00f4te-d'Or - 21-2025-01-02-00004 - 2025_Liste d'aptitude unit\u00e9 op\u00e9rationnelle_ ATLAS Drone 30\nSDIS de C\u00f4te-d'Or\n21-2025-01-02-00005\n2025_Liste d'aptitude unit\u00e9 op\u00e9rationnelle_\nCYNOTECHNIE\nSDIS de C\u00f4te-d'Or - 21-2025-01-02-00005 - 2025_Liste d'aptitude unit\u00e9 op\u00e9rationnelle_ CYNOTECHNIE 31\nEnPREFET ~ ('\"DE LA SISCOTE-D'ORLibert\u00e9 22 D Boulevard Winston Churchill\u00c9galit\u00e9 CS 16209 - 21 062 DIJON CedexFraternit\u00e9Affaire suivie par : sous-direction optimisation du potentiel op\u00e9rationnelSDIS 21 / service \u00e9quipes sp\u00e9cialis\u00e9esT\u00e9l : 03 80 11 27 87M\u00e9l : formation@sdis21.orgArr\u00eat\u00e9Portant sur la liste d'aptitude op\u00e9rationnelleUnit\u00e9 \u00ab cynotechnique \u00bbAnn\u00e9e 2025Le pr\u00e9fet de la C\u00f4te-d'OrVu le code g\u00e9n\u00e9ral des collectivit\u00e9s territoriales et particuli\u00e8rement l'article R 1424-54 ;Vu l'arr\u00eat\u00e9 du 22 ao\u00fbt 2019 relatif aux formations des sapeurs-pompiers professionnels et volontaires ;Vu l'arr\u00eat\u00e9 du 15 juillet 2022 relatif \u00e0 la d\u00e9signation et aux missions des r\u00e9f\u00e9rents de sp\u00e9cialit\u00e9s mentionn\u00e9s \u00e0 l'articleR. 722-1 du code de la s\u00e9curit\u00e9 int\u00e9rieure ;Vu l'arr\u00eat\u00e9 pr\u00e9fectoral du 18 septembre 2020 fixant la liste des unit\u00e9s op\u00e9rationnelles ;Vu le r\u00e8glement op\u00e9rationnel du service d\u00e9partemental d'incendie et de secours de la C\u00f4te-d'Or en date du 06 octobre2021 ;Vu le SDACR approuv\u00e9 par arr\u00e9t\u00e9 pr\u00e9fectoral n\u00b0 250, du 18 mai 2015 ;Vu le guide de doctrine op\u00e9rationnelle \u00ab engagement des \u00e9quipes cynotechniques \u00bb de novembre 2022 ;Vu la participation des agents d\u00e9sign\u00e9s aux activit\u00e9s de formation et de maintien et de perfectionnement des acquis ;Vu le nombre de chefs d'unit\u00e9 cynotechnique (2), de conducteur cynotechnique (1) ;Sur proposition de monsieur le directeur d\u00e9partemental des services d'incendie et de secours ;ARR\u00caTEArticle 1 : La liste annuelle d'aptitude op\u00e9rationnelle de l'unit\u00e9 \u00ab cynotechnique \u00bb du d\u00e9partement de laC\u00f4te-d'Or, s'\u00e9tablit comme suit :MAITRE-CHIEN CHIENNom Pr\u00e9nom Emploi Nom N\u00b0 de ta\u00efuu::e ou de RaceGAILLARD \u00a5aneTM cfnhoigg;wun?gie Nors | # 25026P9L;301e2273075 eGENTILHOMME Damien C\u00eenletg\u00eeh\"nri'\u00e4\u00eee / / /BOURGETEL Sy/varn c;\u00ee\u00efoo\u00eeg\u00e4\u00eer\u00ee\u00e4t\u00eee RUGED | s 25026PQL\u00caSCOe8747639 Be:ngaenrn%?slge* R\u00e9f\u00e9rent de sp\u00e9cialit\u00e9 \u00ab cynotechnique \u00bbArticle 2 : Le sous-pr\u00e9fet, directeur de cabinet, et le directeur d\u00e9partemental des services d'incendie et desecours sont charg\u00e9s, chacun en ce qui le concerne, de I'ex\u00e9cution du pr\u00e9sent arr\u00e9t\u00e9 qui sera publi\u00e9 aurecueil des actes administratifs de la pr\u00e9fecture de la C\u00f4te-d'Or.Dijon, le 02 JAN, 2025Le pr\u00e9fetpourte Pr\u00e9fet n \u2014 'tagation,a...\u00e6net\n\"blivier GERSTL\u00c9\nDijon, le \t 0 2 JAN, 2025 \nLe p \"feteN \n\t\n-rOur le Pr\u00e9fp' \t \u2022-\u2022 \nLe \t - \n\t\nDirez: .six' \t kiDinet \nPR\u00c9FET \nDE LA \nC\u00d4TE-D'OR \nLibert\u00e9 \n\u00c9galit\u00e9 \nFraternit\u00e9 \n22 D Boulevard Winston Churchill \nCS 16209 - 21 062 DIJON Cedex \nSD1S de la C\u00f4te-d'Or \nAffaire suivie par : sous-direction optimisation du potentiel op\u00e9rationnel \nSDIS 21 / service \u00e9quipes sp\u00e9cialis\u00e9es \nT\u00e9l : 03 80 11 27 87 \nM\u00e9l : formation@sdis21.org  \nArr\u00eat\u00e9 \nPortant sur la liste d'aptitude op\u00e9rationnelle \nUnit\u00e9 \u00ab cynotechnique \u00bb \nAnn\u00e9e 2025 \nLe pr\u00e9fet de la C\u00f4te-d'Or \nVu le code g\u00e9n\u00e9ral des collectivit\u00e9s territoriales et particuli\u00e8rement l'article R 1424-54 ; \nVu l'arr\u00eat\u00e9 du 22 ao\u00fbt 2019 relatif aux formations des sapeurs-pompiers professionnels et volontaires ; \nVu l'arr\u00eat\u00e9 du 15 juillet 2022 relatif \u00e0 la d\u00e9signation et aux missions des r\u00e9f\u00e9rents de sp\u00e9cialit\u00e9s mentionn\u00e9s \u00e0 l'article \nR. 722-1 du code de la s\u00e9curit\u00e9 int\u00e9rieure ; \nVu l'arr\u00eat\u00e9 pr\u00e9fectoral du 18 septembre 2020 fixant la liste des unit\u00e9s op\u00e9rationnelles ; \nVu le r\u00e8glement op\u00e9rationnel du service d\u00e9partemental d'incendie et de secours de la C\u00f4te-d'Or en date du 06 octobre \n2021 , \nVu le SDACR approuv\u00e9 par arr\u00eat\u00e9 pr\u00e9fectoral n\u00b0 250, du 18 mai 2015 ; \nVu le guide de doctrine op\u00e9rationnelle \u00ab engagement des \u00e9quipes cynotechniques \u00bb de novembre 2022 ; \nVu la participation des agents d\u00e9sign\u00e9s aux activit\u00e9s de formation et de maintien et de perfectionnement des acquis ; \nVu le nombre de chefs d'unit\u00e9 cynotechnique (2), de conducteur cynotechnique (1) ; \nSur proposition de monsieur le directeur d\u00e9partemental des services d'incendie et de secours ; \nARR\u00caTE \nArticle 1 : La liste annuelle d'aptitude op\u00e9rationnelle de l'unit\u00e9 \u00ab cynotechnique \u00bb du d\u00e9partement de la \nC\u00f4te-d'Or, s'\u00e9tablit comme suit : \nMAITRE-CHIEN CHIEN \nNom Pr\u00e9nom Emploi Nom N\u00b0 de tato \npuce \nuage ou de Race \nGAILLARD Yann * Chef d'unit\u00e9 \ncynotechnique Noria Puce \nn\u00b0 250269812273075 \nBorder \nCollie \nGENTILHOMME Damien Chef d'unit\u00e9 \ncynotechnique / \nBOURGETEL Sylvain Conducteur \ncynotechnique Ruben Puce \nn\u00b0 250269608747639 \nBerger belge \nmalinois \n* R\u00e9f\u00e9rent de sp\u00e9cialit\u00e9 \u00ab cynotechnique \u00bb \nArticle 2 : Le sous-pr\u00e9fet, directeur de cabinet, et le directeur d\u00e9partemental des services d'incendie et de \nsecours sont charg\u00e9s, chacun en ce qui le concerne, de l'ex\u00e9cution du pr\u00e9sent arr\u00eat\u00e9 qui sera publi\u00e9 au \nrecueil des actes administratifs de la pr\u00e9fecture de la C\u00f4te-d'Or. \n7e)iiVier GERSTL\u00c9 \nSDIS de C\u00f4te-d'Or - 21-2025-01-02-00005 - 2025_Liste d'aptitude unit\u00e9 op\u00e9rationnelle_ CYNOTECHNIE 32\nSDIS de C\u00f4te-d'Or\n21-2025-01-02-00007\n2025_Liste d'aptitude unit\u00e9 op\u00e9rationnelle_\nRISQUE CHIMIQUE\nSDIS de C\u00f4te-d'Or - 21-2025-01-02-00007 - 2025_Liste d'aptitude unit\u00e9 op\u00e9rationnelle_ RISQUE CHIMIQUE 33\nPREFET \u00e0c\u00f4te SISLibert\u00e9\u00cbgalit\u00e9 22 D Boulevard Winston ChurchillFraternit\u00e9 CS 16209 - 21 062 DIJON Cedex\nAffaire suivie par : sous-direction optimisation du potentiel op\u00e9rationnelSDIS 21 / service \u00e9quipes sp\u00e9cialis\u00e9esT\u00e9l : 03 80 11 27 87M\u00e9l : formation@sdis21.orgArr\u00eat\u00e9Portant sur la liste d'aptitude op\u00e9rationnelleUnit\u00e9 de lutte face aux risques chimiquesAnn\u00e9e 2025Le pr\u00e9fet de la C\u00f4te-d'OrVu le code g\u00e9n\u00e9ral des collectivit\u00e9s territoriales et particuli\u00e8rement l'article R 1424-54 ;Vu l'arr\u00e9t\u00e9 du 6 mai 2000 modifi\u00e9 fixant les conditions d'aptitudes m\u00e9dicales des sapeurs-pompiers professionnels etvolontaires ;Vu l'arr\u00eat\u00e9 du 22 ao\u00fbt 2019 relatif aux formations des sapeurs-pompiers professionnels et volontaires ;Vu l'arr\u00eat\u00e9 du 15 juillet 2022 relatif \u00e0 la d\u00e9signation et aux missions des r\u00e9f\u00e9rents de sp\u00e9cialit\u00e9s mentionn\u00e9s \u00e0 l'articleR. 722-1 du code de la s\u00e9curit\u00e9 int\u00e9rieure ;Vu l'arr\u00eat\u00e9 pr\u00e9fectoral du 18 septembre 2020 fixant la liste des unit\u00e9s op\u00e9rationnelles sp\u00e9cialis\u00e9es ;Vu le r\u00e9glement op\u00e9rationnel du service d\u00e9partemental d''incendie et de secours de la C\u00f4te-d'Or en date du 06 octobre2021 ;Vu le SDACR approuv\u00e9 par arr\u00eat\u00e9 pr\u00e9fectoral n\u00b0 1808 du 22 d\u00e9cembre 2023 ;Vu le guide national de r\u00e9f\u00e9rence relatif aux risques chimiques ;Vu la participation des agents d\u00e9sign\u00e9s aux activit\u00e9s de formation de maintien et de perfectionnement des acquis ;Vu le nombre de conseiller technique risques chimiques (2), de conseiller technique risques biologiques (1), de chefs deCMIC (13), de chefs d'\u00e9quipe/\u00e9quipiers intervention RCH (57), de chefs d'\u00e9quipe/\u00e9quipiers reconnaissance RCH (36) ;Sur proposition de monsieur le directeur d\u00e9partemental des services d'incendie et de secours ;ARR\u00caTEArticle 1 : La liste annuelle d\u00e9partementale d'aptitude op\u00e9rationnelle des sapeurs-pompiers de l'unit\u00e9 \u00ab lutteface aux risques chimiques\u00bb du d\u00e9partement de la C\u00f4te-d'Or s'\u00e9tablit comme suit :Nom Pr\u00e9nom Emploi op\u00e9rationnel Formation| <l| BOLTZ Bruno * Conseiller t_echnlque risques | RCH 4| chimiques | ;LEPOUTERE Bertrand Conseiller technique risques | RCH 4chimiquesCHAUSSADE Thomas Conseiller_ tech_nique risques /biologiquesBARGEOT Cyril | Chef de CMIC RCH 3BIDAU Cyril ' Chef de CMIC RCH 3DENYS H\u00e9l\u00e8ne Chef de CMIC RCH 3DESCHAMPS Olivier Chef de CMIC RCH 3DOMBEK Christophe Chef de CMIC RCH 3DUVERNOIS Arnaud Chef de CMIC RCH 3Chef de CMIC RCH 3KRAWCZYK Nicolas\nPR\u00c9FET \nDE LA \nC\u00d4TE-D'OR \nLibert\u00e9 \n\u00c9galit\u00e9 \nFraternit\u00e9 \n22 D Boulevard Winston Churchill \nCS 16209 - 21 062 DIJON Cedex \n \nSDIS de la C\u00f4te-d'Or \nAffaire suivie par : sous-direction optimisation du potentiel op\u00e9rationnel \nSDIS 21 / service \u00e9quipes sp\u00e9cialis\u00e9es \nT\u00e9l : 03 80 11 27 87 \nM\u00e9l : formation@sdis21.org  \nArr\u00eat\u00e9 \nPortant sur la liste d'aptitude op\u00e9rationnelle \nUnit\u00e9 de lutte face aux risques chimiques \nAnn\u00e9e 2025 \nLe pr\u00e9fet de la C\u00f4te-d'Or \nVu le code g\u00e9n\u00e9ral des collectivit\u00e9s territoriales et particuli\u00e8rement l'article R 1424-54 ; \nVu l'arr\u00eat\u00e9 du 6 mai 2000 modifi\u00e9 fixant les conditions d'aptitudes m\u00e9dicales des sapeurs-pompiers professionnels et \nvolontaires ; \nVu l'arr\u00eat\u00e9 du 22 ao\u00fbt 2019 relatif aux formations des sapeurs-pompiers professionnels et volontaires ; \nVu l'arr\u00eat\u00e9 du 15 juillet 2022 relatif \u00e0 la d\u00e9signation et aux missions des r\u00e9f\u00e9rents de sp\u00e9cialit\u00e9s mentionn\u00e9s \u00e0 l'article \nR. 722-1 du code de la s\u00e9curit\u00e9 int\u00e9rieure ; \nVu l'arr\u00eat\u00e9 pr\u00e9fectoral du 18 septembre 2020 fixant la liste des unit\u00e9s op\u00e9rationnelles sp\u00e9cialis\u00e9es ; \nVu le r\u00e8glement op\u00e9rationnel du service d\u00e9partemental d'incendie et de secours de la C\u00f4te-d'Or en date du 06 octobre \n2021 , \nVu le SDACR approuv\u00e9 par arr\u00eat\u00e9 pr\u00e9fectoral n\u00b0 1808 du 22 d\u00e9cembre 2023 ; \nVu le guide national de r\u00e9f\u00e9rence relatif aux risques chimiques ; \nVu la participation des agents d\u00e9sign\u00e9s aux activit\u00e9s de formation de maintien et de perfectionnement des acquis ; \nVu le nombre de conseiller technique risques chimiques (2), de conseiller technique risques biologiques (1), de chefs de \nCMIC (13), de chefs d'\u00e9quipe/\u00e9quipiers intervention RCH (57), de chefs d'\u00e9quipe/\u00e9quipiers reconnaissance RCH (36) ; \nSur proposition de monsieur le directeur d\u00e9partemental des services d'incendie et de secours ; \nARR\u00caTE \nArticle 1 : La liste annuelle d\u00e9partementale d'aptitude op\u00e9rationnelle des sapeurs-pompiers de l'unit\u00e9 \u00ab lutte \nface aux risques chimiques\u00bb du d\u00e9partement de la C\u00f4te-d'Or s'\u00e9tablit comme suit : \nNom Pr\u00e9nom Emploi op\u00e9rationnel Formation \nBOLTZ Bruno * Conseiller technique risques \nchimiques RCH 4 \nConseiller technique risques LEPOUTERE Bertrand chimiques RCH 4 \nCHAUSSADE Thomas Conseiller technique risques \nbiologiques / \nBARGEOT Cyril Chef de CMIC RCH 3 \nBIDAU Cyril Chef de CMIC RCH 3 \nDENYS H\u00e9l\u00e8ne Chef de CMIC RCH 3 \nDESCHAMPS Olivier Chef de CMIC \t RCH 3 \nDOMBEK Christophe Chef de CMIC \nChef de CMIC \nRCH 3 \nDUVERNOIS Arnaud RCH 3 \nKRAWCZYK Nicolas \t Chef de CMIC \t RCH 3 \nSDIS de C\u00f4te-d'Or - 21-2025-01-02-00007 - 2025_Liste d'aptitude unit\u00e9 op\u00e9rationnelle_ RISQUE CHIMIQUE 34\nNom Pr\u00e9nomEmploi op\u00e9rationnelFormation\nMENAGE ChristopheChef d'\u00e9quipe intervention RCH\n| PREIONI Christian Chef de CMIC RCH 3RENAUD Sandrine Chef de CMIC RCH 3ROUCHE St\u00e9phane Chef de CMIC RCH 3SAUSSERET Jean-Michel Chef de CMIC RCH 3SENOT Alexandre Chef de CMIC RCH 3THEUREL J\u00e9r\u00f4me Chef de CMIC RCH 3ANGUENOT Lucas Chef d'\u00e9quipe intervention RCH RCH 2ASDRUBAL M\u00e9lanie Chef d'\u00e9quipe intervention RCH RCH 2BALLAIS Sylvain Chef d'\u00e9quipe intervention RCH RCH 2BELDJOUDI J\u00e9r\u00f4me Chef d'\u00e9quipe intervention RCH RCH2BERNASCONI Reynald Chef d'\u00e9quipe intervention RCH RCH2BOUCHER Thomas Chef d'\u00e9quipe intervention RCH RCH 2BRIYS Ludovic Chef d'\u00e9quipe intervention RCH RCH 2BRULEY Jean-No\u00ebl Chef d'\u00e9quipe intervention RCH RCH 2CALAFATO Alexandre Chef d'\u00e9quipe intervention RCH RCH 2CAMUS David Chef d'\u00e9quipe intervention RCH RCH 2CHABOT Benjamin Chef d'\u00e9quipe intervention RCH RCH 2CHAMPDAVEINE David Chef d'\u00e9quipe intervention RCH RCH 2CHANUT Lilian Chef d'\u00e9quipe intervention RCH RCH 2CHRETIEN Pierre Chef d'\u00e9quipe intervention RCH RCH 2CLET C\u00e9cile Chef d'\u00e9quipe intervention RCH RCH 2; DESSENDRE Romain Chef d'\u00e9quipe intervention RCH RCH 2DUMONT Quentin ; Chef d'\u00e9quipe intervention RCH RCH 2DURAND Florian Chef d'\u00e9quipe intervention RCH RCH 2DURAND Fr\u00e9d\u00e9ric Chef d'\u00e9quipe intervention RCH RCH 2DURAND Maxime Chef d'\u00e9quipe intervention RCH RCH 2FLECHARD Julien Chef d'\u00e9quipe intervention RCH RCH 2FOUTELET Jo\u00ebl Chef d'\u00e9quipe intervention RCH RCH2; GARMATUK Cyril Chef d'\u00e9quipe intervention RCH RCH2GEST Sylvain Chef d'\u00e9quipe intervention RCH RCH2GILLOT Adrien Chef d'\u00e9quipe intervention RCH RCH 2GRAND Micka\u00ebl Chef d'\u00e9quipe intervention RCH RCH 2HEDIEUX Patrick Chef d'\u00e9quipe intervention RCH RCH 2JEANNIN S\u00e9bastien ' Chef d'\u00e9quipe intervention RCH RCH 2; JOUVELOT Olivier Chef d'\u00e9quipe intervention RCH RCH2KARROUM Hakim Chef d'\u00e9quipe intervention RCH RCH2_ LAGNIER Laurent Chef d'\u00e9quipe intervention RCH RCH 2. LEGROS Antoine Chef d'\u00e9quipe intervention RCH RCH 2LEGROS C\u00e9line Chef d'\u00e9quipe intervention RCH RCH2MAGGIOTTO Laurent \" Chef d'\u00e9quipe intervention RCH RCH2MARDAOUI Mouhssine... i Chef d'\u00e9quipe intervention RCH RCH 2; MELOT Christophe Chef d'\u00e9quipe intervention RCH RCH 2RCH 2\nNom Pr\u00e9nom Emploi op\u00e9rationnel Formation \nPREIONI Christian Chef de CMIC RCH 3 \nRENAUD Sandrine Chef de CMIC RCH 3 \nROUCHE St\u00e9phane Chef de CMIC RCH 3 \nSAUSSERET Jean-Michel Chef de CMIC RCH 3 \nSEN OT Alexandre Chef de CMIC RCH 3 \nTHEUREL J\u00e9r\u00f4me Chef de CMIC RCH 3 \nANGUENOT Lucas Chef d'\u00e9quipe intervention RCH RCH 2 \nASDRUBAL M\u00e9lanie Chef d'\u00e9quipe intervention RCH RCH 2 \nBALLAIS Sylvain Chef d'\u00e9quipe intervention RCH RCH 2 \nBELDJOUDI J\u00e9r\u00f4me Chef d'\u00e9quipe intervention RCH RCH 2 \nBERNASCONI Reynald Chef d'\u00e9quipe intervention RCH RCH 2 \nBOUCHER Thomas Chef d'\u00e9quipe intervention RCH RCH 2 \nBRIYS Ludovic Chef d'\u00e9quipe intervention RCH RCH 2 \nBRULEY Jean-No\u00ebl Chef d'\u00e9quipe intervention RCH RCH 2 \nCALAFATO Alexandre Chef d'\u00e9quipe intervention RCH RCH 2 \nCAMUS David Chef d'\u00e9quipe intervention RCH RCH 2 \nCHABOT Benjamin Chef d'\u00e9quipe intervention RCH RCH 2 \nCHAMPDAVEINE David Chef d'\u00e9quipe intervention RCH RCH 2 \nCHANUT Lilian Chef d'\u00e9quipe intervention RCH RCH 2 \nCHRETIEN Pierre Chef d'\u00e9quipe intervention RCH RCH 2 \nCLET C\u00e9cile Chef d'\u00e9quipe intervention RCH RCH 2 \nDESSENDRE Romain Chef d'\u00e9quipe intervention RCH RCH 2 \nDUMONT Quentin Chef d'\u00e9quipe intervention RCH RCH 2 \nDURAND Florian Chef d'\u00e9quipe intervention RCH RCH 2 \nDURAND Fr\u00e9d\u00e9ric Chef d'\u00e9quipe intervention RCH RCH 2 \nDURAND Maxime Chef d'\u00e9quipe intervention RCH RCH 2 \nFLECHARD Julien Chef d'\u00e9quipe intervention RCH RCH 2 \nFOUTELET Jo\u00ebl \t Chef d'\u00e9quipe intervention RCH RCH 2 \nGARMATUK Cyril \t Chef d'\u00e9quipe intervention RCH RCH 2 \nGEST Sylvain Chef d'\u00e9quipe intervention RCH RCH 2 \t 1 \nGILLOT Adrien Chef d'\u00e9quipe intervention RCH RCH 2 \nGRAND Micka\u00ebl Chef d'\u00e9quipe intervention RCH RCH 2 \nHEDIEUX Patrick Chef d'\u00e9quipe intervention RCH RCH 2 \nJEANNIN S\u00e9bastien \t Chef d'\u00e9quipe intervention RCH RCH 2 \nJOUVELOT Olivier Chef d'\u00e9quipe intervention RCH RCH 2 \nKARROUM Hakim Chef d'\u00e9quipe intervention RCH RCH 2 \nLAGNIER Laurent Chef d'\u00e9quipe intervention RCH \t RCH 2 \nLEGROS Antoine Chef d'\u00e9quipe intervention RCH RCH 2 \nLEGROS C\u00e9line \t Chef d'\u00e9quipe intervention RCH RCH 2 \nMAGGIOTTO Laurent \t Chef d'\u00e9quipe intervention RCH RCH 2 \nMARDAOUI Mouhssine \t Chef d'\u00e9quipe intervention RCH RCH 2 \nMELOT Christophe \t Chef d'\u00e9quipe intervention RCH \t RCH 2 \nMENAGE Christophe \t Chef d'\u00e9quipe intervention RCH \t RCH 2 \nSDIS de C\u00f4te-d'Or - 21-2025-01-02-00007 - 2025_Liste d'aptitude unit\u00e9 op\u00e9rationnelle_ RISQUE CHIMIQUE 35\nNom Pr\u00e9nomEmploi op\u00e9rationnelFormationPAGEOT Anthony Chef d'\u00e9quipe intervention RCH RCH2PICARD J\u00e9r\u00e9my Chef d'\u00e9quipe intervention RCH RCH2PIGNET Olivier Chef d'\u00e9quipe intervention RCH RCH2POMMIER Jean-No\u00ebl Chef d'\u00e9quipe intervention RCH RCH2PRADO Micha\u00ebl Chef d'\u00e9quipe intervention RCH RCH2REMBERT Thomas Chef d'\u00e9quipe intervention RCH RCH2REMOND Ga\u00e9tan Chef d'\u00e9quipe intervention RCH RCH2RICHARD Didier Chef d'\u00e9quipe intervention RCH RCH 2RICHARD Laurent Chef d'\u00e9quipe intervention RCH RCH2SAAD Yassine Chef d'\u00e9quipe intervention RCH RCH 2SAGET Loic Chef d'\u00e9quipe intervention RCH RCH 2SAMORI Laurent Chef d'\u00e9quipe intervention RCH RCH2SEURIOT Guillaume Chef d'\u00e9quipe intervention RCH RCH 2THOMAS Christophe Chef d'\u00e9quipe intervention RCH RCH 2THOMERE Alexandre Chef d'\u00e9quipe intervention RCH RCH2VADOT Thierry Chef d'\u00e9quipe intervention RCH RCH 2VANDENSKRICK Julien Chef d'\u00e9quipe intervention RCH RCH2VAXILLAIRE Yann Chef d'\u00e9quipe intervention RCH RCH2VERREY Cyril Chef d'\u00e9quipe intervention RCH RCH2! VOILLEQUIN Venceslas Chef d'\u00e9quipe intervention RCH RCH2ANNEN Florian Chef d'\u00e9quipe reconnaissance RCH RCH 1BARDET Mathieu Chef d'\u00e9quipe reconnaissance RCH RCH 1BENIER C\u00e9dric Chef d'\u00e9quipe reconnaissance RCH RCH 1BERTHET-BONDET Anthony Chef d'\u00e9quipe reconnaissance RCH RCH 1BOUCHE Luca Chef d'\u00e9quipe reconnaissance RCH ! RCH 1BRUNET Morgan Chef d'\u00e9quipe reconnaissance RCH RCH 1] CAVARELLI Nicolas Chef d'\u00e9quipe reconnaissance RCH RCH 1CHAKRI Tarik Chef d'\u00e9quipe reconnaissance RCH RCH 1CHEVALIER Victor ; Chef d'\u00e9quipe reconnaissance RCH RCH 1COMBES Cl\u00e9ment Chef d'\u00e9quipe reconnaissance RCH RCH 1CONVERT Cyril \u2014 Chef d'\u00e9quipe reconnaissance RCH - RCH 1; DAUD Jean-Baptiste Chef d'\u00e9quipe reconnaissance RCH. RCH 1_' DENIEL Jordan Chef d'\u00e9quipe reconnaissance RCH RCH 1| DUBIEF Mathieu Chef d'\u00e9quipe reconnaissance RCH RCH1DUPLUS Aur\u00e9lien \u2014 , Chef d'\u00e9quipe reconnaissance RCH RCH 1FEUGERE Ma\u00e9l | Chef d'\u00e9quipe reconnaissance RCH ! RCH 1FOUTELET Christian _ Chef d'\u00e9quipe reconnaissance RCH RCH 1| JUPILLE Thomas Chef d'\u00e9quipe reconnaissance RCH . RCH 1' LEFOL Geoffroy Chef d'\u00e9quipe reconnaissance RCH | RCH 1\" PAINBLANC Steve - Chef d'\u00e9quipe reconnaissance RCH RCH 1\"PATOZ Camille Chef d'\u00e9quipe reconnaissance RCH | RCH 1- PIGNON S\u00e9bastien Chef d'\u00e9quipe reconnaissance RCH RCH 1RIGOLOT Ga\u00ebl ) ; Chef d'\u00e9quipe reconnaissance RCH RCH 1\nNom Pr\u00e9nom Emploi op\u00e9rationnel Formation \nPAGEOTAnthony Chef d'\u00e9quipe intervention RCH RCH 2 \nPICARD J\u00e9r\u00e9my Chef d'\u00e9quipe intervention RCH 1 \t RCH 2 \nPIGNET Olivier Chef d'\u00e9quipe intervention RCH RCH 2 \nPOMMIER Jean-No& Chef d'\u00e9quipe intervention RCH RCH 2 \nPRADO Micha\u00ebl Chef d'\u00e9quipe intervention RCH RCH 2 \nREMBERT Thomas Chef d'\u00e9quipe intervention RCH RCH 2 \nREMOND Ga\u00ebtan Chef d'\u00e9quipe intervention RCH RCH 2 \nRICHARD Didier  Chef d'\u00e9quipe intervention RCH RCH 2 \nRICHARD Laurent Chef d'\u00e9quipe intervention RCH RCH 2 \nSAAD Yassine Chef d'\u00e9quipe intervention RCH RCH 2 \nSAGET Lo\u00efc Chef d'\u00e9quipe intervention RCH RCH 2 \nSAMORI Laurent Chef d'\u00e9quipe intervention RCH RCH 2 \nSEURIOT Guillaume Chef d'\u00e9quipe intervention RCH RCH 2 \nTHOMAS Christophe Chef d'\u00e9quipe intervention RCH RCH 2 \nTHOMERE Alexandre Chef d'\u00e9quipe intervention RCH RCH 2 \nVADOT Thierry Chef d'\u00e9quipe intervention RCH RCH 2 \nVANDENSKRICK Julien Chef d'\u00e9quipe intervention RCH RCH 2 \nVAXILLAIRE Yann Chef d'\u00e9quipe intervention RCH RCH 2 \nVERREY Cyril \t 1 Chef d'\u00e9quipe intervention RCH RCH 2 \nVOILLEQUIN Venceslas Chef d'\u00e9quipe intervention RCH RCH 2 \nANNEN Florian Chef d'\u00e9quipe reconnaissance RCH RCH 1 \nBARDET Mathieu Chef d'\u00e9quipe reconnaissance RCH RCH 1 \nBENIER C\u00e9dric Chef d'\u00e9quipe reconnaissance RCH RCH 1 \nBERTHET-BONDET Anthony Chef d'\u00e9quipe reconnaissance RCH RCH 1 \nBOUCHE Luca Chef d'\u00e9quipe reconnaissance RCH RCH 1 \nBRUNET Morgan Chef d'\u00e9quipe reconnaissance RCH RCH 1 \nCAVARELLI Nicolas Chef d'\u00e9quipe reconnaissance RCH RCH 1 \nCHAKRI Tank Chef d'\u00e9quipe reconnaissance RCH RCH 1 \nCHEVALIER Victor Chef d'\u00e9quipe reconnaissance RCH RCH 1 \nCOMBES Cl\u00e9ment Chef d'\u00e9quipe reconnaissance RCH RCH 1 \nCONVERT Cyril Chef d'\u00e9quipe reconnaissance RCH \t RCH 1 \nDAUD Jean-Baptiste Chef d'\u00e9quipe reconnaissance RCH \t RCH 1 \nDENIEL Jordan Chef d'\u00e9quipe reconnaissance RCH \t RCH 1 \nDUBIEF Mathieu Chef d'\u00e9quipe reconnaissance RCH RCH 1 \nDUPLUS Aur\u00e9lien Chef d'\u00e9quipe reconnaissance RCH RCH 1 \nFEUGERE Ma\u00ebl Chef d'\u00e9quipe reconnaissance RCH RCH 1 \nFOUTELET Christian Chef d'\u00e9quipe reconnaissance RCH \t RCH 1 \nJUPILLE Thomas Chef d'\u00e9quipe reconnaissance RCH \t RCH 1 \nLEFOL Geoffroy Chef d'\u00e9quipe reconnaissance RCH \t RCH 1 \nPAINBLANC Steve \t Chef d'\u00e9quipe reconnaissance RCH  \nPATOZ Camille \t Chef d'\u00e9quipe reconnaissance RCH \n\t RCH 1 \nPIGNON S\u00e9bastien \t Chef d'\u00e9quipe reconnaissance RCH \t RCH 1 \nRIGOLOT Ga\u00ebl \t Chef d'\u00e9quipe reconnaissance RCH \t RCH 1 \nSDIS de C\u00f4te-d'Or - 21-2025-01-02-00007 - 2025_Liste d'aptitude unit\u00e9 op\u00e9rationnelle_ RISQUE CHIMIQUE 36\n| Nom Pr\u00e9nom ' Emploi op\u00e9rationnel Formation |' RENAUD Thomas Chef d'\u00e9quipe reconnaissance RCH RCH 1TAUBATY Vincent . Chef d'\u00e9quipe reconnaissance RCH RCH 1 |TILLIER Arthur Chef d'\u00e9quipe reconnaissance RCH RCH 1TRAME Romain Chef d'\u00e9quipe reconnaissance RCH RCH 1VAILLE Olivier Chef d'\u00e9quipe reconnaissance RCH; RCH 1BATAILLE Quentin Equipier reconnaissance RCH RCH 1: BRIDON Fran\u00e7ois Equipier reconnaissance RCH RCH 1; CAO THANH Emmanuel | Equipier reconnaissance RCH RCH 1GEORGES Maxime __ Equipier reconnaissance RCH RCH 1 |HANNETON Gabin I Equipier reconnaissance RCH | RCH 1PLAISIER J\u00e9r\u00e9my Equipier reconnaissance RCH | RCH 1 uPLOTON Jessica Equipier reconnaissance RCH RCH 1REBOUL Simon Equipier reconnaissance RCH RCH 1* R\u00e9f\u00e9rent de sp\u00e9cialit\u00e9 \u00ab risques chimiques \u00bbArticle 2 : Le sous-pr\u00e9fet, directeur de cabinet, et le directeur d\u00e9partemental des services d'incendie et desecours sont charg\u00e9s, chacun en ce qui le concerne, de l'ex\u00e9cution du pr\u00e9sent arr\u00eat\u00e9 qui sera publi\u00e9 aurecueil des actes administratifs de la pr\u00e9fecture de la C\u00f4te-d'Or.Dijon, le 0 2 JAN. 2025\nPourle Pr\u00e9fet et par d\u00e9l\u00e9gation,Le Sous-Pr\u00e9fet,Directeur de CabinetLefpr\u00e9fet,\n- Olivler GERSTL\u00c9\nDijon, le \t 0 2 JAN. 2025 \nPour le Pr\u00e9fet et par d\u00e9l\u00e9gation, \nLe Sous-Pr\u00e9fet, \nDirecteur de Cabinet \nLe r\u00e9fet, \nOlivier GERSTL\u00c9 \nNom Pr\u00e9nom Emploi op\u00e9rationnel Formation \nRENAUD Thomas Chef d'\u00e9quipe reconnaissance RCH RCH 1 \nTAUBATY Vincent Chef d'\u00e9quipe reconnaissance RCH RCH 1 \nTILLIER Arthur Chef d'\u00e9quipe reconnaissance RCH RCH 1 \nTRAME Romain Chef d'\u00e9quipe reconnaissance RCH RCH 1 \nVAILLE Olivier Chef d'\u00e9quipe reconnaissance RCH RCH 1 \nBATAILLE Quentin Equipier reconnaissance RCH RCH 1 \nBRIDON Fran\u00e7ois Equipier reconnaissance RCH RCH 1 \nCAO THANH Emmanuel Equipier reconnaissance RCH RCH 1 \nGEORGES Maxime \t Equipier reconnaissance RCH RCH 1 \nHANNETON Gabin Equipier reconnaissance RCH RCH 1 \nPLAISIER J\u00e9r\u00e9my Equipier reconnaissance RCH RCH 1 \nPLOTON Jessica Equipier reconnaissance RCH RCH 1 \nREBOUL Simon Equipier reconnaissance RCH RCH 1 \n* R\u00e9f\u00e9rent de sp\u00e9cialit\u00e9 \u00ab risques chimiques \u00bb \nArticle 2 : Le sous-pr\u00e9fet, directeur de cabinet, et le directeur d\u00e9partemental des services d'incendie et de \nsecours sont charg\u00e9s, chacun en ce qui le concerne, de l'ex\u00e9cution du pr\u00e9sent arr\u00eat\u00e9 qui sera publi\u00e9 au \nrecueil des actes administratifs de la pr\u00e9fecture de la C\u00f4te-d'Or. \nSDIS de C\u00f4te-d'Or - 21-2025-01-02-00007 - 2025_Liste d'aptitude unit\u00e9 op\u00e9rationnelle_ RISQUE CHIMIQUE 37\nSDIS de C\u00f4te-d'Or\n21-2025-01-02-00006\n2025_Liste d'aptitude unit\u00e9 op\u00e9rationnelle_\nRISQUE RADIOLOGIQUE\nSDIS de C\u00f4te-d'Or - 21-2025-01-02-00006 - 2025_Liste d'aptitude unit\u00e9 op\u00e9rationnelle_ RISQUE RADIOLOGIQUE 38\nPREFETC\u00f4T\u00c9 SISCOTE-D'OR SELibert\u00e9\u00cagalz'te' 22 D Boulevard Winston ChurchillFraternit\u00e9 CS 16209 - 21 062 DIJON Cedex\nAffaire suivie par : sous-direction optimisation du potentiel op\u00e9rationnelSDIS 21 / service \u00e9quipes sp\u00e9cialis\u00e9esT\u00e9l : 03 80 11 27 87M\u00e9l : formation@sdis21.orgArr\u00eat\u00e9Portant sur la liste d'aptitude op\u00e9rationnelleUnit\u00e9 de lutte face aux risques radioactifsAnn\u00e9e 2025Le pr\u00e9fet de la C\u00f4te-d'OrVu le code g\u00e9n\u00e9ral des collectivit\u00e9s territoriales et particuli\u00e8rement l'article R 1424-54 ;Vu l'arr\u00eat\u00e9 du 6 mai 2000 modifi\u00e9 fixant les conditions d'aptitudes m\u00e9dicales des sapeurs-pompiers professionnels etvolontaires ;Vu l'arr\u00eat\u00e9 du 22 ao\u00fbt 2019 relatif aux formations des sapeurs-pompiers professionnels et volontaires ;Vu l'arr\u00eat\u00e9 du 15 juillet 2022 relatif \u00e0 la d\u00e9signation et aux missions des r\u00e9f\u00e9rents de sp\u00e9cialit\u00e9s mentionn\u00e9s \u00e0 l'articleR. 722-1 du code de la s\u00e9curit\u00e9 int\u00e9rieure ;Vu l'arr\u00eat\u00e9 pr\u00e9fectoral du 18 septembre 2020 fixant la liste des unit\u00e9s op\u00e9rationnelles ;Vu le r\u00e8glement op\u00e9rationnel du service d\u00e9partemental d'incendie et de secours de la C\u00f4te-d'Or en date du 06 octobre2021 ;Vu le SDACR approuv\u00e9 par arr\u00eat\u00e9 pr\u00e9fectoral n\u00b0 250 du 18 mai 2015 ;Vu le guide national de r\u00e9f\u00e9rence relatif aux risques radiologiques ;Vu la participation des agents d\u00e9sign\u00e9s aux activit\u00e9s de formation de maintien et de perfectionnement des acquis ;Vu le nombre de conseillers technique risques radiologiques (2), de chefs de CMIR (8), de chefs d'\u00e9quipe intervention(25), de chefs d'\u00e9quipe reconnaissance (21) ;Sur proposition de monsieur le directeur d\u00e9partemental des services d''incendie et de secours ;ARR\u00caTEArticle 1 : La liste annuelle d\u00e9partementale d'aptitude op\u00e9rationnelle des sapeurs-pompiers de l'unit\u00e9 \u00ab lutteface aux risques radiologiques \u00bb du d\u00e9partement de la C\u00f4te-d'Or s'\u00e9tablit comme suit :Nom Pr\u00e9nom Emploi op\u00e9rationnel Formation |DUPONT Luc * Conseillr\u00eel:j\u00ee\u00e2'(\u00ca)rg;r?(i]quueeS risques RAD 4\nDOMBEK Christophe** Consei\"r\u00ee\u00e4\u00e2'\u00e8gri'\u00ebqu\"e\u00ee 1Sques RAD 4DESCHAMPS Olivier Chef de CMIR RAD 3DUVERNOIS Arnaud \" Chef de CMIR TT RAD3 |\" GABORIEAU Laurent Cm Chef de CMIR RAD 3KRAWCZYK Nicolas Chef de CMIR RAD 3 |\" PREIONI Christian _ | \" Chef de CMIR | T RADE 7ROUCHE St\u00e9phane | Chef de CMIR RAD 3SAUSSERET Jean-Michel _ | Chefde CMIR \u2014 RAD3 u\nIII! MI \nPR\u00c9FET \nDE LA \nC\u00d4TE-D'OR \nLibert\u00e9 \n\u00c9galit\u00e9 \nFraternit\u00e9 \n22 D Boulevard Winston Churchill \nCS 16209 - 21 062 DIJON Cedex \n \nSDIS de la C\u00f4te-d'Or \nAffaire suivie par : sous-direction optimisation du potentiel op\u00e9rationnel \nSDIS 21 / service \u00e9quipes sp\u00e9cialis\u00e9es \nT\u00e9l : 03 80 11 27 87 \nM\u00e9l : formation@sdis21.org  \nArr\u00eat\u00e9 \nPortant sur la liste d'aptitude op\u00e9rationnelle \nUnit\u00e9 de lutte face aux risques radioactifs \nAnn\u00e9e 2025 \nLe pr\u00e9fet de la C\u00f4te-d'Or \nVu le code g\u00e9n\u00e9ral des collectivit\u00e9s territoriales et particuli\u00e8rement l'article R 1424-54 ; \nVu l'arr\u00eat\u00e9 du 6 mai 2000 modifi\u00e9 fixant les conditions d'aptitudes m\u00e9dicales des sapeurs-pompiers professionnels et \nvolontaires ; \nVu l'arr\u00eat\u00e9 du 22 ao\u00fbt 2019 relatif aux formations des sapeurs-pompiers professionnels et volontaires ; \nVu l'arr\u00eat\u00e9 du 15 juillet 2022 relatif \u00e0 la d\u00e9signation et aux missions des r\u00e9f\u00e9rents de sp\u00e9cialit\u00e9s mentionn\u00e9s \u00e0 l'article \nR. 722-1 du code de la s\u00e9curit\u00e9 int\u00e9rieure ; \nVu l'arr\u00eat\u00e9 pr\u00e9fectoral du 18 septembre 2020 fixant la liste des unit\u00e9s op\u00e9rationnelles ; \nVu le r\u00e8glement op\u00e9rationnel du service d\u00e9partemental d'incendie et de secours de la C\u00f4te-d'Or en date du 06 octobre \n2021 ; \nVu le SDACR approuv\u00e9 par arr\u00eat\u00e9 pr\u00e9fectoral n\u00b0 250 du 18 mai 2015 ; \nVu le guide national de r\u00e9f\u00e9rence relatif aux risques radiologiques ; \nVu la participation des agents d\u00e9sign\u00e9s aux activit\u00e9s de formation de maintien et de perfectionnement des acquis ; \nVu le nombre de conseillers technique risques radiologiques (2), de chefs de CMIR (8), de chefs d'\u00e9quipe intervention \n(25), de chefs d'\u00e9quipe reconnaissance (21) ; \nSur proposition de monsieur le directeur d\u00e9partemental des services d'incendie et de secours ; \nARR\u00caTE \nArticle 1 : La liste annuelle d\u00e9partementale d'aptitude op\u00e9rationnelle des sapeurs-pompiers de l'unit\u00e9 \u00ab lutte \nface aux risques radiologiques \u00bb du d\u00e9partement de la C\u00f4te-d'Or s'\u00e9tablit comme suit : \n   \nNom Pr\u00e9nom Emploi op\u00e9rationnel Formation \n   \n   \nDUPONT Luc * \n \nConseiller technique risques \nradiologiques \nConseiller technique risques \nradiologiques \nRAD 4 \n \nDOMBEK Christophe** RAD 4 \n \nDESCHAMPS Olivier Chef de CMIR \t RAD 3 \nDUVERNOIS Arnaud \t Chef de CMIR \t RAD 3 \nGABORIEAU Laurent \t Chef de CMIR \t RAD 3 \nKRAWCZYK Nicolas Chef de CMIR \nChef de CMIR \nRAD 3 \nPREIONI Christian RAD 3 \nROUCHE St\u00e9phane Chef de CMIR \t RAD 3 \nSAUSSERET Jean-Michel \t Chef de CMIR \t RAD 3 \nSDIS de C\u00f4te-d'Or - 21-2025-01-02-00006 - 2025_Liste d'aptitude unit\u00e9 op\u00e9rationnelle_ RISQUE RADIOLOGIQUE 39\nNom Pr\u00e9nomEmploi op\u00e9rationnelFormationTHEUREL J\u00e9r\u00f4me| Chef de CMIR RAD 3BARDET Mathieu | Chef d'\u00e9quipe interventionRAD RAD 2! BELDJOUDI J\u00e9r\u00f4me ! Chef d'\u00e9quipe intervention RAD RAD 2 uBERNASCONI Reynald Chef d'\u00e9quipe intervention RAD e RAD 2CALAFATO Alexandre Chef d'\u00e9quipe intervention RAD RAD 2CAMUS David Chef d'\u00e9quipe intervention RAD RAD 2 e! CHAMPDAVEINE David Chef d'\u00e9quipe intervention RAD RAD 2 qCLET C\u00e9cile Chef d'\u00e9quipe intervention RAD | RAD 2DENYS H\u00e9l\u00e9ne Chef d'\u00e9quipe intervention RAD c RAD 2DURAND Fr\u00e9d\u00e9ric Chef d'\u00e9quipe intervention RAD RAD 2/ GESTSylain 8 \u2014 Chef d'\u00e9quipe intervention RAD RAD 2GRAND Micka\u00ebl Chef d'\u00e9quipe intervention RAD RAD 2HEDIEUX Patrick Chef d'\u00e9quipe intervention RAD RAD 2! JEANNIN S\u00e9bastien Chef d'\u00e9quipe intervention RAD RAD 2KARROUM Hakim \u2014 \u2014 Chef d'\u00e9quipe intervention RAD RAD 2MELOT Christophe Chef d'\u00e9quipe intervention RAD RAD 2MENAGE Christophe Chef d'\u00e9quipe intervention RAD ' RAD 2- NOUR Yassine Chef d'\u00e9quipe intervention RAD RAD 2 uPAGEOT Anthony Chef d'\u00e9quipe intervention RAD RAD 2PIGNET Olivier Chef d'\u00e9quipe intervention RAD RAD 2POMMIER Jean-No\u00ebl | Chef d'\u00e9quipe intervention RAD ; RAD2 |PRADO Micha\u00ebl ) Chef d'\u00e9quipe intervention RAD RAD 2 |- RICHARD Laurent Chef d'\u00e9quipe intervention RAD ) RAD 2; SAGET Loic f Chef d'\u00e9quipe intervention RAD RAD 2THOMERE Alexandre \" Chef d'\u00e9quipe intervention RAD _ RAD 2 |VANDENSKRICK Julien . Chefd'\u00e9quipe intervention RAD RAD 2ANGUENOT Lucas Chef d'\u00e9quipe recdnnaissance RAD RAD 1' BENIER...\u00d4\u00cb\u00cb\u00dbE\" | Chef d'\u00e9quipe reconnaissance RAD RAD\"1BERTHET-BONDET Anthony Cr;e;fd'\u00e9quipe reconnaissance RAD RAD 1 oi DUMONT Quentin - Chef d'\u00e9quipe reconnaissance RAD RAD 1| DURAND Florian Chef d'\u00e9quipe reconnaissance RAD | RAD 1 4l LAGNIER Laurent Chef d'\u00e9quipe reconnaissance RAD RAD 1MAGGIOTFO Laurent Chef d'\u00e9quipe reconnaissance RAD _ RAD 1 ) _PICAR_DJeremy ' \u2014 Chef d'\u00e9quipe reconnaissance RAD i - RAD 1REMBERT Thomas \" Chef d'\u00e9quipe reconnaissance RAD | RAD1 \u2014|SAADYa;sme\u00ce ; Chef d'\u00e9quipe reconnaissance RAD o \u2014RAD 1 '- SAMORI Laurent ' Chef d'\u00e9quipe reconnaissance RAD RAD1 \u2014SEURIOT Guillaume _ Chef d'\u00e9quipe reconnaissance RAD \" RAD 1 _BRIDON Fran\u00e7ois Equipier reconnaissance RAD RAD 1 oCOMBES Cl\u00e9ment Equipier reconnaissance RAD RAD 1 _' DAUD Jean- Baptlste' Equipier reconnalssance RAD RAD 1 e| _\u00caEUGERE Ma\u00ebl Equipier reconnaissance RAD RAD 1 o- RAD 1PACAUD-PEREIRA I\\/IathleuEquipier reconna|ssance RAD\nBENIER C\u00e9dric \t Chef d'\u00e9quipe reconnaissance RAD \t RAD 1 \nBERTHET-BONDET Anthony \t Chef d'\u00e9quipe reconnaissance RAD \t RAD 1 \nChef d'\u00e9quipe reconnaissance RAD RAD 1 DUMONT Quentin \nDURAND Florian Chef d'\u00e9quipe reconnaissance RAD \t RAD 1 \nLAGNIER Laurent \t Chef d'\u00e9quipe reconnaissance RAD \t RAD 1 \nMAGGIOTTO Laurent \t Chef d'\u00e9quipe reconnaissance RAD \t RAD 1 \nPICARD J\u00e9r\u00e9my Chef d'\u00e9quipe reconnaissance RAD , \t RAD 1 \n   \nREMBERT Thomas \nSAAD Yassine \nChef d'\u00e9quipe reconnaissance RAD RAD 1 \nRAD 1 \n \nChef d'\u00e9quipe reconnaissance RAD \n \nSAMORI Laurent Chef d'\u00e9quipe reconnaissance RAD \t RAD 1 \nSEURIOT Guillaume Chef d'\u00e9quipe reconnaissance RAD \t RAD 1 \nBRIDON Fran\u00e7ois \t Equipier reconnaissance RAD \nCOMBES Cl\u00e9ment \t Equipier reconnaissance RAD \nDAUD Jean-Baptiste \nFEUGERE Ma\u00ebl \t Equipier reconnaissance RAD \nPACAUD-PEREIRA Mathieu \t Equipier reconnaissance RAD \nRAD 1 \nRAD 1 \nRAD 1 \nRAD 1 \nEquipier reconnaissance RAD \t RAD 1 \nNom Pr\u00e9nom Emploi op\u00e9rationnel Formation \nTHEUREL J\u00e9r\u00f4me Chef de CMIR RAD 3 \nBARDET Mathieu Chef d'\u00e9quipe intervention RAD RAD 2 \nBELDJOUDI J\u00e9r\u00f4me Chef d'\u00e9quipe intervention RAD RAD 2 \nBERNASCONI Reynald Chef d'\u00e9quipe intervention RAD RAD 2 \nCALAFATO Alexandre Chef d'\u00e9quipe intervention RAD RAD 2 \nCAMUS David Chef d'\u00e9quipe intervention RAD RAD 2 \nCHAMPDAVEINE David Chef d'\u00e9quipe intervention RAD RAD 2 \nCLET C\u00e9cile \t 1 1  Chef d'\u00e9quipe intervention RAD RAD 2 \nDENYS H\u00e9l\u00e8ne Chef d'\u00e9quipe intervention RAD RAD 2 \nDURAND Fr\u00e9d\u00e9ric Chef d'\u00e9quipe intervention RAD RAD 2 \nGEST Sylvain Chef d'\u00e9quipe intervention RAD RAD 2 \nGRAND Micka\u00ebl \t 1 Chef d'\u00e9quipe intervention RAD RAD 2 \nHEDIEUX Patrick \t 1 1  Chef d'\u00e9quipe intervention RAD RAD 2 \nJEANNIN S\u00e9bastien  Chef d'\u00e9quipe intervention RAD RAD 2 \nKARROUM Hakim Chef d'\u00e9quipe intervention RAD RAD 2 \nMELOT Christophe Chef d'\u00e9quipe intervention RAD RAD 2 \nMENAGE Christophe Chef d'\u00e9quipe intervention RAD RAD 2 \nNOUR Yassine Chef d'\u00e9quipe intervention RAD RAD 2 \nPAGEOT Anthony Chef d'\u00e9quipe intervention RAD RAD 2 \nPIGNET Olivier Chef d'\u00e9quipe intervention RAD RAD 2 \nPOMMIER Jean-No\u00ebl Chef d'\u00e9quipe intervention RAD RAD 2 \nPRADO Micha\u00ebl Chef d'\u00e9quipe intervention RAD RAD 2 \nRICHARD Laurent Chef d'\u00e9quipe intervention RAD RAD 2 \nSAGET Lo\u00efc Chef d'\u00e9quipe intervention RAD RAD 2 \nTHOMERE Alexandre Chef d'\u00e9quipe intervention RAD RAD 2 \nVANDENSKRICK Julien Chef d'\u00e9quipe intervention RAD RAD 2 \nANGUENOT Lucas Chef d'\u00e9quipe reconnaissance RAD \t RAD 1 \nSDIS de C\u00f4te-d'Or - 21-2025-01-02-00006 - 2025_Liste d'aptitude unit\u00e9 op\u00e9rationnelle_ RISQUE RADIOLOGIQUE 40\nNom Pr\u00e9nom Emploi op\u00e9rationnel FormationPLAISIER J\u00e9r\u00e9my ' Equipier reconnaissance RAD RAD 1 u '__. REBOUL Simon Equipier reconnaissance RAD _' RAD 1| TILLIER Arthur | Equipier reconnaissance RAD RAD 1TRAME Romain Equipier reconnaissance RAD RAD 1* R\u00e9f\u00e9rent de sp\u00e9cialit\u00e9 \u00ab risques radiologiques \u00bb** R\u00e9f\u00e9rent de sp\u00e9cialit\u00e9 adjoint \u00ab risques radiologiques \u00bbArticle 2 : Le sous-pr\u00e9fet, directeur de cabinet, et le directeur d\u00e9partemental des services d'incendie et desecours sont charg\u00e9s, chacun en ce qui le concerne, de l'ex\u00e9cution du pr\u00e9sent arr\u00eat\u00e9 qui sera publi\u00e9 aurecueil des actes administratifs de la pr\u00e9fecture de la C\u00f4te-d'Or.\nDion,le 02 JAN, 2025\nPour le Pr\u00e9fet et par d\u00e9l\u00e9gatia:.Le Sous-Pr\u00e9fet.Directeur de CablnatLe pf\u00e9fet,\ne> \u2014\u2014Olivler GERSTL\u00c9\nNom Pr\u00e9nom \t Emploi op\u00e9rationnel \t Formation \nPLAISIER J\u00e9r\u00e9my \t Equipier reconnaissance RAD \t RAD 1 \nREBOUL Simon Equipier reconnaissance RAD \n     \nRAD 1 \nRAD 1 \n  \n        \n          \n          \nTILLIER Arthur Equipier reconnaissance RAD \n       \nTRAME Romain Equipier reconnaissance RAD \n     \nRAD 1 \n  \n           \n* R\u00e9f\u00e9rent de sp\u00e9cialit\u00e9 \u00ab risques radiologiques \u00bb \n** R\u00e9f\u00e9rent de sp\u00e9cialit\u00e9 adjoint \u00ab risques radiologiques \u00bb \nArticle 2 : Le sous-pr\u00e9fet, directeur de cabinet, et le directeur d\u00e9partemental des services d'incendie et de \nsecours sont charg\u00e9s, chacun en ce qui le concerne, de l'ex\u00e9cution du pr\u00e9sent arr\u00eat\u00e9 qui sera publi\u00e9 au \nrecueil des actes administratifs de la pr\u00e9fecture de la C\u00f4te-d'Or. \nDijon, le \t 0 2 JAN, 2025 \nLe pr\u00e9fet, Pour le Pr\u00e9fet et par d\u00e9legatrai.. \nLe Sous-Pr\u00e9fet,  \nDirecteur de Cabinet \n151hrler GERSTL\u00c9 \nSDIS de C\u00f4te-d'Or - 21-2025-01-02-00006 - 2025_Liste d'aptitude unit\u00e9 op\u00e9rationnelle_ RISQUE RADIOLOGIQUE 41\nSDIS de C\u00f4te-d'Or\n21-2025-01-02-00008\n2025_Liste d'aptitude unit\u00e9 op\u00e9rationnelle_\nSAUVETAGE DEBLAIEMENT\nSDIS de C\u00f4te-d'Or - 21-2025-01-02-00008 - 2025_Liste d'aptitude unit\u00e9 op\u00e9rationnelle_ SAUVETAGE DEBLAIEMENT 42\nPREFET \u00f4e <OSLibert\u00e9\u00cbgalite' 22 D Boulevard Winston ChurchillFraternit\u00e9 CS 16209 - 21 062 DIJON CedexSDIS de la C\u00f4te-d'OrAffaire suivie par : sous-direction optimisation du potentiel op\u00e9rationnelSDIS 21 / service \u00e9quipes sp\u00e9cialis\u00e9esT\u00e9l : 03 80 11 27 87M\u00e9l : formation@sdis21.orgArr\u00eat\u00e9Portant sur la liste d'aptitude op\u00e9rationnelleUnit\u00e9 de sauvetage d\u00e9blaiementAnn\u00e9e 2025Le pr\u00e9fet de la C\u00f4te-d'OrVu le code g\u00e9n\u00e9ral des collectivit\u00e9s territoriales et particuli\u00e8rement l'article R 1424-54 ;Vu l'arr\u00eat\u00e9 du 6 mai 2000 modifi\u00e9 fixant les conditions d'aptitudes m\u00e9dicales des sapeurs-pompiers professionnels etvolontaires ;Vu l'arr\u00eat\u00e9 du 22 ao\u00fbt 2019 relatif aux formations des sapeurs-pompiers professionnels et volontaires ;Vu l'arr\u00eat\u00e9 du 15 juillet 2022 relatif \u00e0 la d\u00e9signation et aux missions des r\u00e9f\u00e9rents de sp\u00e9cialit\u00e9s mentionn\u00e9s \u00e0 l'articleR. 722-1 du code de la s\u00e9curit\u00e9 int\u00e9rieure ;Vu l'arr\u00eat\u00e9 pr\u00e9fectoral du 18 septembre 2020 fixant la liste des unit\u00e9s op\u00e9rationnelles ;Vu le r\u00e8glement op\u00e9rationnel du service d\u00e9partemental d'incendie et de secours de la C\u00f4te-d'Or en date du 06 octobre2021 :Vu le SDACR approuv\u00e9 par arr\u00eat\u00e9 pr\u00e9fectoral n\u00b0 1818 du 22 d\u00e9cembre 2023 ;Vu le guide de doctrine op\u00e9rationnelle \u00ab interventions en milieux effondr\u00e9s ou instables \u00bb de septembre 2021 ;Vu la participation des agents d\u00e9sign\u00e9s aux activit\u00e9s de formation de maintien et de perfectionnement des acquis ;Vu le nombre de chef de section (1), chefs d'unit\u00e9 (12), de sauveteurs (35) ;Sur proposition de monsieur le directeur d\u00e9partemental des services d'incendie et de secours ;ARR\u00caTEArticle1 : La liste annuelle d\u00e9partementale d'aptitude op\u00e9rationnelle des sapeurs-pompiers de l'unit\u00e9\u00ab sauvetage d\u00e9blaiement \u00bb du d\u00e9partement de la C\u00f4te-d'Or s'etablit comme suit :Nom Pr\u00e9nom Emploi op\u00e9rationnel Niveau de formation g Mention compl\u00e9mentaire!| |GENELOT Eric * | USAR 3 | Chef de section sauveteur d\u00e9blayeur Risques b\u00e2timentairesALIBERT David i ' MU>SAR 2 Chef d'unit\u00e9 sauveteur d\u00e9blayeur = /7 -\u2014E\u00c6DRAND\"JuVlieVn__ v T USAR 2 Chef d'unit\u00e9 sauv\u00e8{e\u00ffu\u00ffr\u00ffd\u00e8bla\u00ffi\u00ffg\u00ff; . W_\u00cbisques b\u00e4tirr\u00e4entairevs q| BERNARD Philippe USAR 2 m Chef d'unit\u00e9 sauveteur d\u00e9blayeur Risques b\u00e2timentairesBOUCHER Herv\u00e9 - IS > USAR 2 Chef d'unit\u00e9 sauveteur d\u00e9blayeur | \u00ffRi\u00ffsgues b\u00e2-tin{en\u00ceires| \u00c9VO\u00cfL\u00cfJ-IVLLS\u00ce\u00dc\u00d4Iivier USAR 2 Chef d'unit\u00e9 sau?\u00e9teur d\u00e9blayeur Risques b\u00e2timentairesCOUSIN Lo\u00efc - - \u00fc\u00e9AR 2 c| Chef d'unit\u00e9 sauveteur d\u00e9blayeur ' R@es b\u00e2timentair\u00ffe?\u00ff'EENE_TVI\u00c8RV\u00c9runo USAR 2 Chef d'unit;'e \u00e8\u00e0u\u00ffetet};\u00e2\u00e9blayeur Risques b\u00e2timentairesGREBILLE Jean USAR 72 | Cflhef d'unit\u00e9 sauveteur d\u00e9blayeur | /JACdUES_ Pascal \" USAR 2 Chef d'unit\u00e9 sauveteur ;j\u00e9blayeur u / B BJEANNE Emmanuel r 7' c USAR 2 i Chef d'unit\u00e9 sauveteur d\u00e9blayeur Ri\u00e9que\u00e8 b\u00e2\u00e4\u00ef\u00e4a\u00ffire\u00ffs\u00ffLAL\u00ceEM\u00c6D Mgt\u00cbe\u00ffu | | USAR 2 Chef d'unit\u00e9 sauvetel;r d\u00e9blayeur | \u00cbg\u00e4hes b\u00e2fimentairesTILLIER Herv\u00e9 USAR 2 Chef d'unit\u00e9 sauveteur d\u00e9blayeur /\nPR\u00c9FET \nDE LA \nC\u00d4TE-D'OR \nLibert\u00e9 \n\u00c9galit\u00e9 \nFraternit\u00e9 \nG IS \n22 D Boulevard Winston Churchill \nCS 16209 - 21 062 DIJON Cedex \n \nSDiS de la C\u00f4te-d'Or \nAffaire suivie par : sous-direction optimisation du potentiel op\u00e9rationnel \nSDIS 21 / service \u00e9quipes sp\u00e9cialis\u00e9es \nT\u00e9l : 03 80 11 27 87 \nM\u00e9l : formation@sdis21.org  \nArr\u00eat\u00e9 \nPortant sur la liste d'aptitude op\u00e9rationnelle \nUnit\u00e9 de sauvetage d\u00e9blaiement \nAnn\u00e9e 2025 \nLe pr\u00e9fet de la C\u00f4te-d'Or \nVu le code g\u00e9n\u00e9ral des collectivit\u00e9s territoriales et particuli\u00e8rement l'article R 1424-54 ; \nVu l'arr\u00eat\u00e9 du 6 mai 2000 modifi\u00e9 fixant les conditions d'aptitudes m\u00e9dicales des sapeurs-pompiers professionnels et \nvolontaires ; \nVu l'arr\u00eat\u00e9 du 22 ao\u00fbt 2019 relatif aux formations des sapeurs-pompiers professionnels et volontaires ; \nVu l'arr\u00eat\u00e9 du 15 juillet 2022 relatif \u00e0 la d\u00e9signation et aux missions des r\u00e9f\u00e9rents de sp\u00e9cialit\u00e9s mentionn\u00e9s \u00e0 l'article \nR. 722-1 du code de la s\u00e9curit\u00e9 int\u00e9rieure ; \nVu l'arr\u00eat\u00e9 pr\u00e9fectoral du 18 septembre 2020 fixant la liste des unit\u00e9s op\u00e9rationnelles ; \nVu le r\u00e8glement op\u00e9rationnel du service d\u00e9partemental d'incendie et de secours de la C\u00f4te-d'Or en date du 06 octobre \n2021 , \nVu le SDACR approuv\u00e9 par arr\u00eat\u00e9 pr\u00e9fectoral n\u00b0 1818 du 22 d\u00e9cembre 2023 ; \nVu le guide de doctrine op\u00e9rationnelle \u00ab interventions en milieux effondr\u00e9s ou instables \u00bb de septembre 2021 ; \nVu la participation des agents d\u00e9sign\u00e9s aux activit\u00e9s de formation de maintien et de perfectionnement des acquis ; \nVu le nombre de chef de section (1), chefs d'unit\u00e9 (12), de sauveteurs (35) ; \nSur proposition de monsieur le directeur d\u00e9partemental des services d'incendie et de secours ; \nARR\u00caTE \nArticle 1 : La liste annuelle d\u00e9partementale d'aptitude op\u00e9rationnelle des sapeurs-pompiers de l'unit\u00e9 \n\u00ab sauvetage d\u00e9blaiement \u00bb du d\u00e9partement de la C\u00f4te-d'Or s'\u00e9tablit comme suit : \nNom Pr\u00e9nom Emploi op\u00e9rationnel Niveau de formation Mention compl\u00e9mentaire' \nGENELOT Eric * USAR 3 Chef de section sauveteur d\u00e9blayeur Risques b\u00e2timentaires \nALIBERT David USAR 2 Chef d'unit\u00e9 sauveteur d\u00e9blayeur \nBAUDRAND Julien USAR 2 Chef d'unit\u00e9 sauveteur d\u00e9blayeur Risques b\u00e2timentaires \nBERNARD Philippe USAR 2 Chef d'unit\u00e9 sauveteur d\u00e9blayeur Risques b\u00e2timentaires \nBOUCHER Herv\u00e9 USAR 2 Chef d'unit\u00e9 sauveteur d\u00e9blayeur Risques b\u00e2timentaires \nBOUILLOT Olivier USAR 2 Chef d'unit\u00e9 sauveteur d\u00e9blayeur Risques b\u00e2timentaires \nCOUSIN Lo\u00efc USAR 2 Chef d'unit\u00e9 sauveteur d\u00e9blayeur Risques b\u00e2timentaires \nGENETIER Bruno USAR 2 Chef d'unit\u00e9 sauveteur d\u00e9blayeur Risques b\u00e2timentaires \nGREBILLE Jean USAR 2 Chef d'unit\u00e9 sauveteur d\u00e9blayeur / \nJACQUES Pascal USAR 2 \nUSAR 2 \nChef d'unit\u00e9 sauveteur d\u00e9blayeur / \nJEANNE Emmanuel \nLALLEMAND Mathieu \nChef d'unit\u00e9 sauveteur d\u00e9blayeur Risques b\u00e2timentaires \nUSAR 2 Chef d'unit\u00e9 sauveteur d\u00e9blayeur Risques b\u00e2timentaires \nTILLIER Herv\u00e9 USAR 2 Chef d'unit\u00e9 sauveteur d\u00e9blayeur \nSDIS de C\u00f4te-d'Or - 21-2025-01-02-00008 - 2025_Liste d'aptitude unit\u00e9 op\u00e9rationnelle_ SAUVETAGE DEBLAIEMENT 43\nNom Pr\u00e9nom Emploi op\u00e9rationnel Niveau de formation Mention compl\u00e9mentaireALIBERT Th\u00e9o USAR 1 Sauveteur d\u00e9blayeur _ /' AUBRY Christophe USAR 1 Sauveteur d\u00e9blayeur /BAZIN Marc USAR 1 '; Sauveteur d\u00e9blayeur !BOURDIER Roger USAR 1 Sauveteur d\u00e9blayeur . !BOUVIER St\u00e9phane ; USAR 1 i Sauveteur d\u00e9blayeur !CAMUSET J\u00e9r\u00f4me USAR 1 Sauveteur d\u00e9blayeur /COUTACHOT S\u00e9bastien USAR 1 Sauveteur d\u00e9blayeur !. DA SILVA Jules ; USAR 1 i Sauveteur d\u00e9blayeur /DEMARCH Johann USAR 1 Sauveteur d\u00e9blayeur /DEVAUX Antoine USAR 1 Sauveteur d\u00e9blayeur ; /; DUPREY Arnaud ' USAR 1 Sauveteur d\u00e9blayeur !DURAND Florian USAR 1 Sauveteur d\u00e9blayeur ! /FABERT Thomas USAR 1 Sauveteur d\u00e9biayeur | /; FAVRE Philippe USAR 1 : Sauveteur d\u00e9blayeur /FOUQUERAND Ga\u00ebl USAR 1 Sauveteur d\u00e9blayeur /GAUTHEY Eric USAR 1 Sauveteur d\u00e9blayeur /: GOUX Fr\u00e9d\u00e9ric ! USAR 1 ' Sauveteur d\u00e9blayeur /GOUX J\u00e9r\u00e9my USAR 1 Sauveteur d\u00e9blayeur /KURKLINSKI Quentin USAR 1 Sauveteur d\u00e9blayeur | /LESNE Gilles USAR 1 Sauveteur d\u00e9blayeur /| LORET Fr\u00e9d\u00e9ric ; USAR 1 Sauveteur d\u00e9blayeur fMARZAK Amir o USAR 1 Sauveteur d\u00e9blayeur - /MIGNON Claude USAR 1 Sauveteur d\u00e9blayeur !: NICOLAS Micher\u2014...' USAR 1 ; Sauveteur d\u00e9blayeur /NOEL Loic 1 CUSAR1 \u2014 . Sauveteur d\u00e9blayeur 14PATIN Antoine USAR 1 Sauveteur d\u00e9blayeur /PAYSAN Augustir; c USAR 1 Sauveteur d\u00e9blayeur /' PIATON Manuel ' | \" USAR1 Sauveteur d\u00e9blayeur c4; PORCHERAY Gwllaume _: USAR 1 Sauveteur d\u00e9blayeur /_--l'\u00ee[CHARD\u2014i\u00fcd\u00cfJ\u00c7IC | USAR 1 Sauveteur d\u00e9blayeur /; SCHMIDT Cedric ) USAR 1 ' - Sauveteur d\u00e9blayeur ; /TOURNAN J\u00e9r\u00e9my USAR 1 | Sauveteur d\u00e9blayeur | /-\u2014TROUSSAEBEE\u00c8I\u00e2g ; USAR 1 i Sauveteur d\u00e9blayeur / - .\u00e9TURC Rapha\u00ebl - USAR 1 u _l Sauveteur d\u00e9blayeur ! !| VERSCHAEVE Ludwig | USAR 1 Sauveteur d\u00e9blayeur /* R\u00e9f\u00e9rent de sp\u00e9cialit\u00e9 \u00ab sauvetage d\u00e9blaiement \u00bbArticle 2 : Le sous-pr\u00e9fet, directeur de cabinet, et le directeur d\u00e9partemental des services d'incendie et desecours sont charg\u00e9s, chacun en ce qui le concerne, de I'ex\u00e9cution du pr\u00e9sent arr\u00e9t\u00e9 qui sera publie aurecueil des actes administratifs de la pr\u00e9fecture de la C\u00f4te-d'Or.i JAN. 2025Dijon, le PourIeP fetetpard\u00e9l\u00e9ganonLe Sous-Pr\u00e9fet,Directeur de Cabinet\nNom Pr\u00e9nom Emploi op\u00e9rationnel Niveau de formation Mention compl\u00e9mentaire \nALIBERT Th\u00e9o USAR 1 Sauveteur d\u00e9blayeur / \nAUBRY Christophe USAR 1 Sauveteur d\u00e9blayeur / \nBAZIN Marc USAR 1 Sauveteur d\u00e9blayeur / \nBOURDIER Roger USAR 1 Sauveteur d\u00e9blayeur / \nBOUVIER St\u00e9phane USAR 1 Sauveteur d\u00e9blayeur / \nCAMUSET J\u00e9r\u00f4me USAR 1 Sauveteur d\u00e9blayeur / \nCOUTACHOT S\u00e9bastien USAR 1 Sauveteur d\u00e9blayeur / \nDA SILVAJules USAR 1 Sauveteur d\u00e9blayeur / \nDEMARCH Johann USAR 1 Sauveteur d\u00e9blayeur / \nDEVAUX Antoine USAR 1 Sauveteur d\u00e9blayeur / \nDUPREY Arnaud USAR 1 Sauveteur d\u00e9blayeur / \nDURAND Florian USAR 1 Sauveteur d\u00e9blayeur / \nFABERT Thomas USAR 1 Sauveteur d\u00e9blayeur / \nFAVRE Philippe USAR 1 Sauveteur d\u00e9blayeur / \nFOUQUERAND Ga& USAR 1 Sauveteur d\u00e9blayeur I \nGAUTHEY Eric USAR 1 Sauveteur d\u00e9blayeur / \nGOUX Fr\u00e9d\u00e9ric USAR 1 Sauveteur d\u00e9blayeur / \nGOUX J\u00e9r\u00e9my USAR 1 Sauveteur d\u00e9blayeur / \nKURKLINSKI Quentin USAR 1 Sauveteur d\u00e9blayeur / \nLESNE Gilles USAR 1 Sauveteur d\u00e9blayeur / \nLORET Fr\u00e9d\u00e9ric USAR 1 Sauveteur d\u00e9blayeur / \nMARZAK Amir USAR 1 Sauveteur d\u00e9blayeur / \nMIGNON Claude USAR 1 Sauveteur d\u00e9blayeur / \nNICOLAS Michel USAR 1 Sauveteur d\u00e9blayeur / \nNOEL La\u00efc USAR 1 Sauveteur d\u00e9blayeur / \nPATIN Antoine USAR 1 Sauveteur d\u00e9blayeur \t / \nPAYSAN Augustin USAR 1 Sauveteur d\u00e9blayeur \t / \nPIATON Manuel USAR 1 Sauveteur d\u00e9blayeur \t / \nPORCHERAY Guillaume \t USAR 1 Sauveteur d\u00e9blayeur \t / \nL_ RICHARD Ludovic USAR 1 Sauveteur d\u00e9blayeur \t / \nSCHMIDT C\u00e9dric USAR 1 Sauveteur d\u00e9blayeur \t / \nTOURNAN J\u00e9r\u00e9my USAR 1 \t Sauveteur d\u00e9blayeur \nTROUSSARD Nicolas \nTURC Rapha\u00ebl \nUSAR 1 Sauveteur d\u00e9blayeur \nUSAR 1 Sauveteur d\u00e9blayeur \nVERSCHAEVE Ludwig \t USAR 1 \t Sauveteur d\u00e9blayeur \n*R\u00e9f\u00e9rent de sp\u00e9cialit\u00e9 \u00ab sauvetage d\u00e9blaiement \u00bb \nArticle 2 : Le sous-pr\u00e9fet, directeur de cabinet, et le directeur d\u00e9partemental des services d'incendie et de \nsecours sont charg\u00e9s, chacun en ce qui le concerne, de l'ex\u00e9cution du pr\u00e9sent arr\u00eat\u00e9 qui sera publi\u00e9 au \nrecueil des actes administratifs de la pr\u00e9fecture de la C\u00f4te-d'Or. \nDijon, le 0 2 Je, 2025 Pour le Pr\u00e9fet et par d\u00e9l\u00e9gation, \nLe Sous-Pr\u00e9fet, \nDirecteur de Cabinet \nRSTLe, \nSDIS de C\u00f4te-d'Or - 21-2025-01-02-00008 - 2025_Liste d'aptitude unit\u00e9 op\u00e9rationnelle_ SAUVETAGE DEBLAIEMENT 44\nSDIS de C\u00f4te-d'Or\n21-2025-01-02-00011\n2025_Liste d'aptitude unit\u00e9 op\u00e9rationnelle_\nSECOURS en MILIEU PERILLEUX et MONTAGNE\nSDIS de C\u00f4te-d'Or - 21-2025-01-02-00011 - 2025_Liste d'aptitude unit\u00e9 op\u00e9rationnelle_ SECOURS en MILIEU PERILLEUX et MONTAGNE 45\nE.PREFETC\u00d4TE SISCOTE-D'OR eE PLibert\u00e9\u00c9galit\u00e9 22 D Boulevard Winston ChurchillFraternit\u00e9 CS 16209 - 21 062 DIJON CedexSDIS de la C\u00f4te-d'Or\nAffaire suivie par : sous-direction optimisation du potentiel op\u00e9rationnelSDIS 21 / service \u00e9quipes sp\u00e9cialis\u00e9esT\u00e9l : 03 80 11 27 87M\u00e9l : formation@sdis21.orgArr\u00eat\u00e9Portant sur la liste d'aptitude op\u00e9rationnelleUnit\u00e9 secours en milieu p\u00e9rilleux et montagneAnn\u00e9e 2025Le pr\u00e9fet de la C\u00f4te-d'OrVu le code g\u00e9n\u00e9ral des collectivit\u00e9s territoriales et particuli\u00e8rement l'article R 1424-54 ;Vu l'arr\u00eat\u00e9 du 6 mai 2000 modifi\u00e9 fixant les conditions d'aptitudes m\u00e9dicales des sapeurs-pompiers professionnels etvolontaires ;Vu l'arr\u00eat\u00e9 du 22 ao\u00fbt 2019 relatif aux formations des sapeurs-pompiers professionnels et volontaires ;Vu l'arr\u00eat\u00e9 du 15 juillet 2022 relatif \u00e0 la d\u00e9signation et aux missions des r\u00e9f\u00e9rents de sp\u00e9cialit\u00e9s mentionn\u00e9s \u00e0 l'articleR. 722-1 du code de la s\u00e9curit\u00e9 int\u00e9rieure ;Vu l'arr\u00eat\u00e9 pr\u00e9fectoral du 18 septembre 2020 fixant la liste des unit\u00e9s op\u00e9rationnelles ;Vu le r\u00e8glement op\u00e9rationnel du service d\u00e9partemental d'incendie et de secours de la C\u00f4te-d'Or en date du 06 octobre2021 ;Vu le SDACR approuv\u00e9 par arr\u00eat\u00e9 pr\u00e9fectoral n\u00b0 250, du 18 mai 2015 ;Vu le guide de doctrine op\u00e9rationnelle \u00ab interventions en milieux p\u00e9rilleux et montagne \u00bb de juin 2021 ;Vu la participation des agents d\u00e9sign\u00e9s aux activit\u00e9s de formation de maintien et de perfectionnement des acquis ;Vu le nombre de chefs d'unit\u00e9 (8), de sauveteurs (19) ;Sur proposition de monsieur le directeur d\u00e9partemental des services d'incendie et de secours ;ARR\u00caTEArticle 1 : La liste annuelle d\u00e9partementale d'aptitude op\u00e9rationnelle des sapeurs-pompiers de l'unit\u00e9\u00ab secours en milieu p\u00e9rilleux et montagne \u00bb du d\u00e9partement de la C\u00f4te-d'Or s'\u00e9tablit comme suit :Nom Pr\u00e9nom Emploi op\u00e9rationnel | Mention compl\u00e9mentaire lJALLAT G\u00e9rard * Chef d'unit\u00e9 SMPM Intervention en site souterrain_\u0152LIN Julien b Chef d'unit\u00e9 SMPM Intervention en site souterrainBERNARD S\u00e9bastien Chef d'unit\u00e9 SMPM Intervention;n site souterrainCUFF Nicolas Chef d'unit\u00e9 SMPM lntewent-i\u2014\u00f4'r\u00ef\u00ffgr\u00ef \u2014\u00eaite souterrain| GU\u00c8I\u00ca\u00c6 g\u00e9bas'tie-nr | \u00ce\u00cfVVCVr\u00ff\\ef d'unit\u00e9 SMPM - Interrv\u00e9n;i;;en;;(; sout\u00e8rrain\u00cb\u00cbAND S\u00e9bastien | Chef d'unit\u00e9 SMPM Intervention en site souterrainVANDENSKRICK Damien Chef d'unit\u00e9 SMPM Intervention en site souterrain\nNom Pr\u00e9nom Emploi op\u00e9rationnel Mention compl\u00e9mentaire \n   \nJALLAT G\u00e9rard * \t Chef d'unit\u00e9 SMPM \t Intervention en site souterrain \nCOLLIN Julien ** \t Chef d'unit\u00e9 SMPM \t Intervention en site souterrain \nBERNARD S\u00e9bastien \t Chef d'unit\u00e9 SMPM \t Intervention en site souterrain \nII! Il \nPR\u00c9FET \nDE LA \nC\u00d4TE-D'OR \nLibert\u00e9 \n\u00c9galit\u00e9 \nFraternit\u00e9 \n22 D Boulevard Winston Churchill \nCS 16209 - 21 062 DIJON Cedex \n \nSDIS de la C\u00f4te-d'Or \nAffaire suivie par : sous-direction optimisation du potentiel op\u00e9rationnel \nSDIS 21 / service \u00e9quipes sp\u00e9cialis\u00e9es \nT\u00e9l : 03 80 11 27 87 \nM\u00e9l : formation@sdis21.org  \nArr\u00eat\u00e9 \nPortant sur la liste d'aptitude op\u00e9rationnelle \nUnit\u00e9 secours en milieu p\u00e9rilleux et montagne \nAnn\u00e9e 2025 \nLe pr\u00e9fet de la C\u00f4te-d'Or \nVu le code g\u00e9n\u00e9ral des collectivit\u00e9s territoriales et particuli\u00e8rement l'article R 1424-54 ; \nVu l'arr\u00eat\u00e9 du 6 mai 2000 modifi\u00e9 fixant les conditions d'aptitudes m\u00e9dicales des sapeurs-pompiers professionnels et \nvolontaires ; \nVu l'arr\u00eat\u00e9 du 22 ao\u00fbt 2019 relatif aux formations des sapeurs-pompiers professionnels et volontaires ; \nVu l'arr\u00eat\u00e9 du 15 juillet 2022 relatif \u00e0 la d\u00e9signation et aux missions des r\u00e9f\u00e9rents de sp\u00e9cialit\u00e9s mentionn\u00e9s \u00e0 l'article \nR. 722-1 du code de la s\u00e9curit\u00e9 int\u00e9rieure ; \nVu l'arr\u00eat\u00e9 pr\u00e9fectoral du 18 septembre 2020 fixant la liste des unit\u00e9s op\u00e9rationnelles ; \nVu le r\u00e8glement op\u00e9rationnel du service d\u00e9partemental d'incendie et de secours de la C\u00f4te-d'Or en date du 06 octobre \n2021 ; \nVu le SDACR approuv\u00e9 par arr\u00eat\u00e9 pr\u00e9fectoral n\u00b0 250, du 18 mai 2015 ; \nVu le guide de doctrine op\u00e9rationnelle \u00ab interventions en milieux p\u00e9rilleux et montagne \u00bb de juin 2021 ; \nVu la participation des agents d\u00e9sign\u00e9s aux activit\u00e9s de formation de maintien et de perfectionnement des acquis ; \nVu le nombre de chefs d'unit\u00e9 (8), de sauveteurs (19) ; \nSur proposition de monsieur le directeur d\u00e9partemental des services d'incendie et de secours ; \nARR\u00caTE \nArticle 1 : La liste annuelle d\u00e9partementale d'aptitude op\u00e9rationnelle des sapeurs-pompiers de l'unit\u00e9 \n\u00ab secours en milieu p\u00e9rilleux et montagne \u00bb du d\u00e9partement de la C\u00f4te-d'Or s'\u00e9tablit comme suit : \nCUFF Nicolas \t Chef d'unit\u00e9 SMPM \t Intervention en site souterrain \nFARNIER R\u00e9mi Chef d'unit\u00e9 SMPM \t Intervention en site souterrain \nGUERARD S\u00e9bastien Chef d'unit\u00e9 SMPM \t Intervention en site souterrain \nLEGRAND S\u00e9bastien \t Chef d'unit\u00e9 SMPM \t Intervention en site souterrain \nVANDENSKRICK Damien \t Chef d'unit\u00e9 SMPM \t Intervention en site souterrain \nSDIS de C\u00f4te-d'Or - 21-2025-01-02-00011 - 2025_Liste d'aptitude unit\u00e9 op\u00e9rationnelle_ SECOURS en MILIEU PERILLEUX et MONTAGNE 46\nNom Pr\u00e9nomEmploi op\u00e9rationnelMention compl\u00e9mentaireBOUTIN L\u00e9o Sauveteur SMPM /' COMMARET Guillaume Sauveteur SMPM Intervention en site souterrainCORDIER Emmanuel Sauveteur SMPM /CORTOT Tony Sauveteur SMPM Intervention en site souterrain. DAMIENS Jean-Baptiste Sauveteur SMPM Intervention en site souterrainDEVAUX Jean-Christophe Sauveteur SMPM Intervention en site souterrain. DUCHESNE Bertrand Sauveteur SMPM Intervention en site souterrain\u00ce DURUPT Quentin Sauveteur SMPM Intervention en site souterrainGOUJON S\u00e9bastien Sauveteur SMPM Intervention en site souterrain- HAETTICH Jordan Sauveteur SMPM /| HERMAIZE Anthony Sauveteur SMPM Intervention en site souterrainHOBENICHE Anthony Sauveteur SMPM Intervention en site souterrainINTILIA Damien Sauveteur SMPM /| PALLEGOIX Julien Sauveteur SMPM Intervention en site souterrainPOUESSEL Wilfried Sauveteur SMPM Intervention en site souterrainRAPHA Anthony Sauveteur SMPM Intervention en site souterrain. RENAUD Lucas Sauveteur SMPM /RESZKIEWICZ Bruno Sauveteur SMPM Intervention en site souterrain .[ WRAZEN Lo\u00efc Sauveteur SMPM intervention en site souterrain* R\u00e9f\u00e9rent de sp\u00e9cialit\u00e9 \u00ab secours en milieu p\u00e9rilleux et montagne \u00bb** R\u00e9f\u00e9rent de sp\u00e9cialit\u00e9 adjoint \u00ab secours en milieu p\u00e9rilleux et montagne \u00bbArticle 2 : Le sous-pr\u00e9fet, directeur de cabinet, et le directeur d\u00e9partemental des services d'incendie et desecours sont charg\u00e9s, chacun en ce qui le concerne, de I'ex\u00e9cution du pr\u00e9sent arr\u00eat\u00e9 qui sera publi\u00e9 aurecueil des actes administratifs de la pr\u00e9fecture de la C\u00f4te-d'Or.\n02 JAN 2025Dijon, le\nPour le Pr\u00e9fet et par d\u00e9l\u00e9gation,Le Sous-Pr\u00e9fet,( %eurde Cabinet\n-\nLe pr\u00e9fet,\n\u2014-\"\nOlivier GERSTL\u00c9\nNom Pr\u00e9nom Emploi op\u00e9rationnel Mention compl\u00e9mentaire \nBOUTIN L\u00e9o Sauveteur SMPM / \nCOMMARET Guillaume Sauveteur SMPM Intervention en site souterrain \nCORDIER Emmanuel Sauveteur SMPM / \nCORTOT Tony Sauveteur SMPM Intervention en site souterrain \nDAMIENS Jean-Baptiste Sauveteur SMPM Intervention en site souterrain \nDEVAUX Jean-Christophe Sauveteur SMPM Intervention en site souterrain \nDUCHESNE Bertrand Sauveteur SMPM Intervention en site souterrain \nDURUPT Quentin Sauveteur SMPM Intervention en site souterrain \nGOUJON S\u00e9bastien Sauveteur SMPM Intervention en site souterrain \nHAETTICH Jordan Sauveteur SMPM / \nHERMAIZE Anthony Sauveteur SMPM Intervention en site souterrain \nHOBENICHE Anthony Sauveteur SMPM Intervention en site souterrain \nINTILIA Damien Sauveteur SMPM / \nPALLEGOIX Julien Sauveteur SMPM Intervention en site souterrain \nPOUESSEL Wilfried Sauveteur SMPM Intervention en site souterrain \nRAPHA Anthony Sauveteur SMPM Intervention en site souterrain \nRENAUD Lucas Sauveteur SMPM / \nRESZKIEWICZ Bruno \t Sauveteur SMPM Intervention en site souterrain \nWRAZEN Lo\u00efc \t Sauveteur SMPM Intervention en site souterrain \n* R\u00e9f\u00e9rent de sp\u00e9cialit\u00e9 \u00ab secours en milieu p\u00e9rilleux et montagne \u00bb \n** R\u00e9f\u00e9rent de sp\u00e9cialit\u00e9 adjoint \u00ab secours en milieu p\u00e9rilleux et montagne \u00bb \nArticle 2 : Le sous-pr\u00e9fet, directeur de cabinet, et le directeur d\u00e9partemental des services d'incendie et de \nsecours sont charg\u00e9s, chacun en ce qui le concerne, de l'ex\u00e9cution du pr\u00e9sent arr\u00eat\u00e9 qui sera publi\u00e9 au \nrecueil des actes administratifs de la pr\u00e9fecture de la C\u00f4te-d'Or. \nDijon, le \t 0 2 JAN. 2025 \nLe pr\u00e9fet, Pour le Pr\u00e9fet et par d\u00e9l\u00e9gation, \nLe Sous-Pr\u00e9fet, \nDirecteur de Cabinet \nOlivier GERSTL\u00c9 \nSDIS de C\u00f4te-d'Or - 21-2025-01-02-00011 - 2025_Liste d'aptitude unit\u00e9 op\u00e9rationnelle_ SECOURS en MILIEU PERILLEUX et MONTAGNE 47\nSDIS de C\u00f4te-d'Or\n21-2025-01-02-00009\n2025_Liste d'aptitude unit\u00e9 op\u00e9rationnelle_\nSECOURS NAUTIQUE\nSDIS de C\u00f4te-d'Or - 21-2025-01-02-00009 - 2025_Liste d'aptitude unit\u00e9 op\u00e9rationnelle_ SECOURS NAUTIQUE 48\nPREFETc\u00f4r\u00e9 <DISC\u00d4TE-D'OR VZLibert\u00e9Egalz'te' 22 D Boulevard Winston ChurchillFraternit\u00e9 CS 16209 - 21 062 DIJON CedexSDIS de la C\u00f4te-d'Or\nAffaire suivie par : sous-direction optimisation du potentiel op\u00e9rationnelSDIS 21 / service \u00e9quipes sp\u00e9cialis\u00e9esT\u00e9l :03 80 11 27 87M\u00e9l : formation@sdis21.orgArr\u00eat\u00e9Portant sur la liste d'aptitude op\u00e9rationnelleUnit\u00e9 de secours nautiqueAnn\u00e9e 2025Le pr\u00e9fet de la C\u00f4te-d'OrVu le code g\u00e9n\u00e9ral des collectivit\u00e9s territoriales et particuli\u00e8rement l'article R 1424-54;Vu l'arr\u00eat\u00e9 du 6 mai 2000 modifi\u00e9 fixant les conditions d'aptitudes m\u00e9dicales des sapeurs-pompiers professionnels etvolontaires ;Vu l'arr\u00eat\u00e9 du 22 ao\u00fbt 2019 relatif aux formations des sapeurs-pompiers professionnels et volontaires ;Vu l'arr\u00eat\u00e9 du 15 juillet 2022 relatif \u00e0 la d\u00e9signation et aux missions des r\u00e9f\u00e9rents de sp\u00e9cialit\u00e9s mentionn\u00e9s \u00e0 l'articleR. 722-1 du code de la s\u00e9curit\u00e9 int\u00e9rieure ;Vu l'arr\u00eat\u00e9 pr\u00e9fectoral du 18 septembre 2020 fixant la liste des unit\u00e9s op\u00e9rationnelles ;Vu le r\u00e9glement op\u00e9rationnel du service d\u00e9partemental d''incendie et de secours de la C\u00f4te-d'Or en date du 06 octobre2021 ;Vu le SDACR approuv\u00e9 par arr\u00e9t\u00e9 pr\u00e9fectoral n\u00b0 250, du 18 mai 2015 ;Vu le r\u00e9f\u00e9rentiel emplois, activit\u00e9s, comp\u00e9tences pour \u00ab les interventions secours et s\u00e9curit\u00e9 en milieu aquatique ethyperbare \u00bb ;Vu la participation des agents d\u00e9sign\u00e9s aux activit\u00e9s de formation et de maintien et de perfectionnement des acquis ;Vu le nombre de chefs d'unit\u00e9 (5), de scaphandriers autonomes l\u00e9gers (14) ;Sur proposition de monsieur le directeur d\u00e9partemental des services d'incendie et de secours ;ARR\u00caTEArticle1 : La liste annuelle d\u00e9partementale d'aptitude op\u00e9rationnelle des sapeurs-pompiers de l'unit\u00e9\u00ab plong\u00e9e subaquatique \u00bb du d\u00e9partement de la C\u00f4te-d'Or s'\u00e9tablit comme suit :\nNom Pr\u00e9nom Emploi op\u00e9rationnel ON !Aptitude = urface\u00e2 com\u00e4r\u00e4:l:r:taire '. | | profondeur 1 non l'bre____\u00ee\u00ffauveteur aquatiqueLARIVE Enrique CO\"S\u00ce\u00ff\u00ca\u00eb\u00cara\u00e9;'ee\"tb\"BRICHETEAU Florian * Chef d'unit\u00e9g\u00c0L | - 30 mfl SNL 2 SA\\;1-LUCAS K\u00e9vin Chefd'unft\u00e9 SAL \u00c9o\u00ffm\u00ff SNL 2 SAV 1 oHIRESASliNic\u00e9laAsH n Chef d'unit\u00e9 SAL | -730 m | VSNL 27 | SAV 1_I;\u00c2RAT \u00d4\u00e9drf@ B Chef d'unit\u00e9 SA:_ | -30m | SNL 1 | SAV 17RUDE Maxime u Chefrd'unii;SAL -30m SNL 1 EREE SAV 1ANGEL Nicolas SAL -30m non SAV 1\n4.3 \nPR\u00c9FET \nDE LA \nC\u00d4TE-D'OR \nLibert\u00e9 \n\u00c9galit\u00e9 \nFraternit\u00e9 \n22 D Boulevard Winston Churchill \nCS 16209 - 21 062 DIJON Cedex \n \nSUES de la C\u00f4te-d'Or \nAffaire suivie par : sous-direction optimisation du potentiel op\u00e9rationnel \nSDIS 21 / service \u00e9quipes sp\u00e9cialis\u00e9es \nT\u00e9l :03 80 11 27 87 \nM\u00e9l : formation@sdis21.org  \nArr\u00eat\u00e9 \nPortant sur la liste d'aptitude op\u00e9rationnelle \nUnit\u00e9 de secours nautique \nAnn\u00e9e 2025 \nLe pr\u00e9fet de la C\u00f4te-d'Or \nVu le code g\u00e9n\u00e9ral des collectivit\u00e9s territoriales et particuli\u00e8rement l'article R 1424-54; \nVu l'arr\u00eat\u00e9 du 6 mai 2000 modifi\u00e9 fixant les conditions d'aptitudes m\u00e9dicales des sapeurs-pompiers professionnels et \nvolontaires ; \nVu l'arr\u00eat\u00e9 du 22 ao\u00fbt 2019 relatif aux formations des sapeurs-pompiers professionnels et volontaires ; \nVu l'arr\u00eat\u00e9 du 15 juillet 2022 relatif \u00e0 la d\u00e9signation et aux missions des r\u00e9f\u00e9rents de sp\u00e9cialit\u00e9s mentionn\u00e9s \u00e0 l'article \nR. 722-1 du code de la s\u00e9curit\u00e9 int\u00e9rieure ; \nVu l'arr\u00eat\u00e9 pr\u00e9fectoral du 18 septembre 2020 fixant la liste des unit\u00e9s op\u00e9rationnelles ; \nVu le r\u00e8glement op\u00e9rationnel du service d\u00e9partemental d'incendie et de secours de la C\u00f4te-d'Or en date du 06 octobre \n2021 \nVu le SDACR approuv\u00e9 par arr\u00eat\u00e9 pr\u00e9fectoral n\u00b0 250, du 18 mai 2015 ; \nVu le r\u00e9f\u00e9rentiel emplois, activit\u00e9s, comp\u00e9tences pour \u00ab les interventions secours et s\u00e9curit\u00e9 en milieu aquatique et \nhyperbare \nVu la participation des agents d\u00e9sign\u00e9s aux activit\u00e9s de formation et de maintien et de perfectionnement des acquis ; \nVu le nombre de chefs d'unit\u00e9 (5), de scaphandriers autonomes l\u00e9gers (14) ; \nSur proposition de monsieur le directeur d\u00e9partemental des services d'incendie et de secours ; \nARR\u00caTE \nArticle 1 : La liste annuelle d\u00e9partementale d'aptitude op\u00e9rationnelle des sapeurs-pompiers de l'unit\u00e9 \n\u00ab plong\u00e9e subaquatique \u00bb du d\u00e9partement de la C\u00f4te-d'Or s'\u00e9tablit comme suit : \nNom Pr\u00e9nom Emploi op\u00e9rationnel Habilitation lAptitude surface \nprofondeur \t non libre \nEmploi \ncompl\u00e9mentaire \nsauveteur aquatique \nLARIVE Enrique Conseiller pr\u00e9vention \nhyperbare \nBRICHETEAU Florian * Chef d'unit\u00e9 SAL - 30 m SNL 2 SAV 1 \nLUCAS K\u00e9vin Chef d'unit\u00e9 SAL - 30 m SNL 2 SAV 1 \nMIRESSI Nicolas Chef d'unit\u00e9 SAL - 30 m SNL 2 SAV 1 \nPARAT C\u00e9dric Chef d'unit\u00e9 SAL - 30 m SNL 1 SAV 1 \nRUDE Maxime Chef d'unit\u00e9 SAL - 30 m SNL 1 SAV 1 \nANGEL Nicolas SAL - 30 m non SAV 1 \nSDIS de C\u00f4te-d'Or - 21-2025-01-02-00009 - 2025_Liste d'aptitude unit\u00e9 op\u00e9rationnelle_ SECOURS NAUTIQUE 49\nNom Pr\u00e9nom Emploi op\u00e9rationnel Habilitation | Aptitude M urface com\u00e4l?\u00e4l:l\u00eftaire| profondeur non libre sauveteur aquatique| BUREAU Jean-Baptiste SAL -30m SNL 1 SAV 1CHOLLAT-NAMY Micka\u00ebl | SAL -30m non SAV 1 B'DA ROCHA Julie 10 SAL -30 m non SAV 1FICHOT Romain SAL - :30 m SNL 1 SAV 1; FIEVET Aur\u00e9lien SAL -30m SNL 1 SAV 1\u00caANDROT L\u00e9o I SAL -30m non SAV 1GUIBOUX Benjamin SAL -30m non SAV 1LAVERDAN Jean-Paul SAL -30m SNL 1 SAV 1; LEGER Florian | SAL \u00ee30 m non - SAV 1NAUDET Etienne SAL... som | \u2014 ;NL 1 SAV 1'RIMBEAULT Thomas SAL -30 m non SAV 1SIVET Florent SAL -30m non SAV 1* R\u00e9f\u00e9rent de sp\u00e9cialit\u00e9 \u00ab secours nautique \u00bbArticle 2 : Le sous-pr\u00e9fet, directeur de cabinet, et le directeur d\u00e9partemental des services d'incendie et desecours sont charg\u00e9s, chacun en ce qui le concerne, de l'ex\u00e9cution du pr\u00e9sent arr\u00eat\u00e9 qui sera publi\u00e9 aurecueil des actes administratifs de la pr\u00e9fecture de la C\u00f4te-d'Or.\nDijon, le\nLe pk\u00e9fe\n02 JAN, 2025\n; Pour le Pr\u00e9tet et par d\u00e9l\u00e9gation,Le Sous-Pr\u00e9fet,Directeur de Cabinet\n\u00d4livler GERSTL\u00c9\nDijon, le 0 2 JAN. 2025 \n\u00e9fet. POUY le Pr\u00e9fet et par d\u00e9l\u00e9gation, \nLe Sous-Pr\u00e9fet, \nDirecteur de Cabinet \nt'\u00c9vier GERSTL\u00c9 \nLe \nNom Pr\u00e9nom Emploi op\u00e9rationnel Habilitation \nprofondeur \nAptitude surface \nnon libre \nEmploi  compl\u00e9mentaire \nsauveteur aquatique \nBUREAU Jean-Baptiste SAL - 30 m SNL 1 SAV 1 \nCHOAIN Cyril SAL \t -30 m SNL 1 SAV 1 \nCHOLLAT-NAMY Micka\u00ebl SAL \t - 30 m non SAV 1 \nDA ROCHA Julie SAL - 30 m non SAV 1 \nFICHOT Romain SAL - 30 m SNL 1 SAV 1 \nFIEVET Aur\u00e9lien SAL - 30 m SNL 1 SAV 1 \nGANDROT L\u00e9o SAL - 30 m non SAV 1 \nGUIBOUX Benjamin SAL - 30 m non SAV 1 \nLAVERDAN Jean-Paul SAL - 30 m SNL 1 SAV 1 \nLEGER Florian SAL - 30 m non SAV 1 \nNAUDET Etienne SAL - 30 m SNL 1 SAV 1 \nRIMBEAULT Thomas SAL - 30 m non SAV 1 \nSIVET Florent SAL - 30 m non SAV 1 \n*R\u00e9f\u00e9rent de sp\u00e9cialit\u00e9 \u00ab secours nautique \u00bb \nArticle 2 : Le sous-pr\u00e9fet, directeur de cabinet, et le directeur d\u00e9partemental des services d'incendie et de \nsecours sont charg\u00e9s, chacun en ce qui le concerne, de l'ex\u00e9cution du pr\u00e9sent arr\u00eat\u00e9 qui sera publi\u00e9 au \nrecueil des actes administratifs de la pr\u00e9fecture de la C\u00f4te-d'Or. \nSDIS de C\u00f4te-d'Or - 21-2025-01-02-00009 - 2025_Liste d'aptitude unit\u00e9 op\u00e9rationnelle_ SECOURS NAUTIQUE 50\nSDIS de C\u00f4te-d'Or\n21-2025-01-02-00010\n2025_Liste d'aptitude unit\u00e9 op\u00e9rationnelle_\nSYSTEME INFORMATION et COMMUNICATION\nSDIS de C\u00f4te-d'Or - 21-2025-01-02-00010 - 2025_Liste d'aptitude unit\u00e9 op\u00e9rationnelle_ SYSTEME INFORMATION et COMMUNICATION 51\nPREFETps cDISC\u00d4TE-D'OR SLLibert\u00e9Egalit\u00e9 22 D Boulevard Winston ChurchillFraternit\u00e9 CS 16209 - 21 062 DIJON Cedex\nAffaire suivie par : sous-direction optimisation du potentiel op\u00e9rationnelSDIS 21 / service \u00e9quipes sp\u00e9cialis\u00e9esT\u00e9l : 03 80 11 27 87M\u00e9l : formation@sdis21.orgArr\u00eat\u00e9Portant sur la liste d'aptitude op\u00e9rationnelleUnit\u00e9 des syst\u00e8mes d'information et de communicationAnn\u00e9e 2025Le pr\u00e9fet de la C\u00f4te-d'OrVu le code g\u00e9n\u00e9ral des collectivit\u00e9s territoriales et particuli\u00e8rement l'article R 1424-54 ;Vu l'arr\u00eat\u00e9 du 22 ao\u00fbt 2019 relatif aux formations des sapeurs-pompiers professionnels et volontaires ;Vu l'arr\u00eat\u00e9 du 15 juillet 2022 relatif \u00e0 la d\u00e9signation et aux missions des r\u00e9f\u00e9rents de sp\u00e9cialit\u00e9s mentionn\u00e9s \u00e0 l'articleR. 722-1 du code de la s\u00e9curit\u00e9 int\u00e9rieure ;Vu l'arr\u00eat\u00e9 pr\u00e9fectoral du 18 septembre 2020 fixant la liste des unit\u00e9s op\u00e9rationnelles ;Vu l'arr\u00e9t\u00e9 pr\u00e9fectoral de d\u00e9cembre 2022 fixant l'ordre de base d\u00e9partemental des syst\u00e8mes d'information et decommunicationVu le r\u00e9glement op\u00e9rationnel du service d\u00e9partemental d'incendie et de secours de la C\u00f4te-d'Or en date du 06 octobre2021 ;Vu le SDACR approuv\u00e9 par arr\u00eat\u00e9 pr\u00e9fectoral n\u00b0 1808 du 22 d\u00e9cembre 2023 ;Vu le r\u00e9f\u00e9rentiel emploi activit\u00e9 comp\u00e9tences (REAC) du 13 d\u00e9cembre 2016 relatif aux syst\u00e8mes d'information et decommunication ;Vu le r\u00e9f\u00e9rentiel interne de formation et le r\u00e9f\u00e9rentiel interne de certification- du 8 novembre 2018 ;Vu la participation des agents d\u00e9sign\u00e9s aux activit\u00e9s de formation de maintien et de perfectionnement des acquis ;Vu le nombre de COMSIC (2), d'OFFSIC (5), dOFFSIC et chef de salle op\u00e9rationnelle (2), de chefs de salleop\u00e9rationnelle (7), d'adjoints chefs de salle op\u00e9rationnelle (8), de chefs op\u00e9rateurs de salle op\u00e9rationnelle (17),d'op\u00e9rateur en CTA-CODIS (1), d'op\u00e9rateurs poste de commandement tactique (26) ;Sur proposition de monsieur le directeur d\u00e9partemental des services d'incendie et de secours ;ARR\u00caTEArticle 1 : La liste annuelle d\u00e9partementale d'aptitude op\u00e9rationnelle des sapeurs-pompiers de l'unit\u00e9\u00ab syst\u00e8mes d'information et de communication \u00bb du d\u00e9partement de la C\u00f4te-d'Or s'\u00e9tablit comme suit :\nNom Pr\u00e9nom Emploi op\u00e9rationnel Me'ntnon 2compl\u00e9mentaire |DUPONT Luc c | VCommandant des syst\u00e8mes_d'information et de / errc communication , |ROY Olivier * Commandant des syst\u00e8n}es _d'information et /e decommunication ,BIDAU Cyril Officier des syst\u00e8mes_d'irjformation et de /L _ communication \"COQUIO Ga\u00eblle Officier des syst\u00e8mes d'information et de /.y MRE K-t communication \u00ffLAMBERT Jean-Robert Officier des syst\u00e8mes_d'information et de /- communicaton (N oOfficier des syst\u00e8mes d'information et de /LEHNHOF Jessica communication\nROY Olivier * Commandant des syst\u00e8mes d'information et \nde communication \nOfficier des syst\u00e8mes d'information et de \ncommunication \nOfficier des syst\u00e8mes d'information et de \ncommunication \nOfficier des syst\u00e8mes d'information et de \ncommunication \nBIDAU Cyril \nCOQUIO Ga\u00eblle \nLAMBERT Jean-Robert \nIF II \nPR\u00c9FET \nDE LA \nC\u00d4TE-D'OR \nLibert\u00e9 \n\u00c9galit\u00e9 \nFraternit\u00e9 \n22 D Boulevard Winston Churchill \nCS 16209 - 21 062 DIJON Cedex \n \nSDIS de la C\u00f4te-d'Or \nAffaire suivie par : sous-direction optimisation du potentiel op\u00e9rationnel \nSDIS 21 / service \u00e9quipes sp\u00e9cialis\u00e9es \nT\u00e9l : 03 80 11 27 87 \nM\u00e9l : formation@sdis21.org  \nArr\u00eat\u00e9 \nPortant sur la liste d'aptitude op\u00e9rationnelle \nUnit\u00e9 des syst\u00e8mes d'information et de communication \nAnn\u00e9e 2025 \nLe pr\u00e9fet de la C\u00f4te-d'Or \nVu le code g\u00e9n\u00e9ral des collectivit\u00e9s territoriales et particuli\u00e8rement l'article R 1424-54 ; \nVu l'arr\u00eat\u00e9 du 22 ao\u00fbt 2019 relatif aux formations des sapeurs-pompiers professionnels et volontaires ; \nVu l'arr\u00eat\u00e9 du 15 juillet 2022 relatif \u00e0 la d\u00e9signation et aux missions des r\u00e9f\u00e9rents de sp\u00e9cialit\u00e9s mentionn\u00e9s \u00e0 l'article \nR. 722-1 du code de la s\u00e9curit\u00e9 int\u00e9rieure ; \nVu l'arr\u00eat\u00e9 pr\u00e9fectoral du 18 septembre 2020 fixant la liste des unit\u00e9s op\u00e9rationnelles ; \nVu l'arr\u00eat\u00e9 pr\u00e9fectoral de d\u00e9cembre 2022 fixant l'ordre de base d\u00e9partemental des syst\u00e8mes d'information et de \ncommunication \nVu le r\u00e8glement op\u00e9rationnel du service d\u00e9partemental d'incendie et de secours de la C\u00f4te-d'Or en date du 06 octobre \n2021 ; \nVu le SDACR approuv\u00e9 par arr\u00eat\u00e9 pr\u00e9fectoral n\u00b0 1808 du 22 d\u00e9cembre 2023 ; \nVu le r\u00e9f\u00e9rentiel emploi activit\u00e9 comp\u00e9tences (REAC) du 13 d\u00e9cembre 2016 relatif aux syst\u00e8mes d'information et de \ncommunication ; \nVu le r\u00e9f\u00e9rentiel interne de formation et le r\u00e9f\u00e9rentiel interne de certification- du 8 novembre 2018 ; \nVu la participation des agents d\u00e9sign\u00e9s aux activit\u00e9s de formation de maintien et de perfectionnement des acquis ; \nVu le nombre de COMSIC (2), d'OFFSIC (5), d'OFFSIC et chef de salle op\u00e9rationnelle (2), de chefs de salle \nop\u00e9rationnelle (7), d'adjoints chefs de salle op\u00e9rationnelle (8), de chefs op\u00e9rateurs de salle op\u00e9rationnelle (17), \nd'op\u00e9rateur en CTA-CODIS (1), d'op\u00e9rateurs poste de commandement tactique (26) ; \nSur proposition de monsieur le directeur d\u00e9partemental des services d'incendie et de secours ; \nARR\u00caTE \nArticle 1 : La liste annuelle d\u00e9partementale d'aptitude op\u00e9rationnelle des sapeurs-pompiers de l'unit\u00e9 \n\u00ab syst\u00e8mes d'information et de communication \u00bb du d\u00e9partement de la C\u00f4te-d'Or s'\u00e9tablit comme suit : \nNom Pr\u00e9nom Emploi op\u00e9rationnel Mention \ncompl\u00e9mentaire \n  \n   \nDUPONT Luc Commandant des syst\u00e8mes d'information et de \ncommunication \nLEHNHOF Jessica Officier des syst\u00e8mes d'information et de \ncommunication \nSDIS de C\u00f4te-d'Or - 21-2025-01-02-00010 - 2025_Liste d'aptitude unit\u00e9 op\u00e9rationnelle_ SYSTEME INFORMATION et COMMUNICATION 52\nNom Pr\u00e9nom Emploi op\u00e9rationnelMentioncompl\u00e9mentaire| MERME Christophe Officier des syst\u00e9mes_d'ir_\\formation et de CsOcommunicationPARDON Christophe Officier des syst\u00e8mes_d'irjformation et de /communication; VILBOUX Romain Officier des syst\u00e8mes_d'ir_\u00efformation et de CsOcommunicationBECQUET J\u00e9r\u00e9my Chef de salle op\u00e9rationnelle OTAU-OCO; CAO-THANH Emmanu;l\u2014 ' Chef de salle op\u00e9rationnelle OTAU-OCOGREBILLE Jean Chef de salle op\u00e9rationneile OTAU-OCOHANNETON Gabin Chef de salle op\u00e9rationnelle OTAU-OCO| JAUDAUX David Chef de salle op\u00e9rationnelle OTAU-OCOJEANNIN S\u00e9bastien Chef de salle op\u00e9rationnelle OTAU-OCO| MESPOULHES Yann Chef de saile op\u00e9rationnelle OTAU-OCOBERNIER Julien Adjoint chef de salle op\u00e9rationnelle OTAU-OCO; BOLE Xavier Adjoint chef de salle op\u00e9rationnelle OTAU-OCOBOUCHER Herv\u00e9 Adjoint chef de salle op\u00e9rationnelle OTAU-OCOBRUNET Morgan Adjoint chef de salle op\u00e9rationnelle OTAU-OCO: FAUCHARD C\u00e9dric Adjoint chef de salle op\u00e9rationnelle OTAU-OCOISTRIA Anthony Adjoint chef de salle op\u00e9rationnelle OTAU-OCOPETIT Maxime Adjoint chef de salle op\u00e9rationnelle OTAU-OCO- PIGNON S\u00e9bastien Adjoint chef de salle op\u00e9rationnelle OTAU-OCO\u00cb...BAUDEGARD Romain Chef op\u00e9rateur de salle op\u00e9rationnelle OTAU-OCOBOUCHER Thomas N Chef op\u00e9rateur de salle op\u00e9rationnelle OTAU-OCO: BOURGEOIS Blandine I Chef op\u00e9rateur de salle op\u00e9ragiut;;;\u00e9lll';w | ' OTAU-OCO '| BREGAND Matthieu Chef op\u00e9rateur de salle op\u00e9rationnelle OTAU-OCO |DE MESQUITA Emilien Chef op\u00e9rateur de salle op\u00e9rationnelle OTAU-OCO l- DELPIT Geoffr.e...\u00ffw Chef op\u00e9rateur de salle op\u00e9rationnelle OTAU-OCO |DOILLON Hugo 1 \u2014(\u2014\u00ee\u2014l';\u00e8l:op\u00e8rateur de salle op\u00e9rationnelle OTAU-OCOl DURAND Maxime Chef op\u00e9rateur de salle op\u00e9rationnelle OTAU-OCO '_ KURKLINSKI Quentin Chef op\u00e9rateur de salle op\u00e9rationnelle OTAU-OCO- LANNI Thomas - Chef op\u00e9rateur de salle op\u00e9rationnelle OTAU-OCO\u00ceLEGROS Antoine Chef op\u00e9rateur de salle op\u00e9rationnelle OTAU-OCOLEGR'(SgC\u00e9Iine 1 \u2014\u2014-\u2014(-\u00ee_l{\u00ea?o\u2014p;\u00ea_rateur de salle op\u00e9rationnelle OTAU\u2014\u2014OCOChef op\u00e9rateur de s\u00e0lle op\u00e9rationnelle | \"OTAU\u2014OCOMIGEON Matthieu\nOTAU-OCO \nOTAU-OCO \nOTAU-OCO \nDOILLON Hugo \nDUBOIS C\u00e9dric \nDURAND Maxime \nChef op\u00e9rateur de salle op\u00e9rationnelle \nChef op\u00e9rateur de salle op\u00e9rationnelle \nChef op\u00e9rateur de salle op\u00e9rationnelle \nOTAU-OCO \nOTAU-OCO \nKURKLINSKI Quentin \nLANNI Thomas \nChef op\u00e9rateur de salle op\u00e9rationnelle \nChef op\u00e9rateur de salle op\u00e9rationnelle \nNom Pr\u00e9nom Emploi op\u00e9rationnel Mention  compl\u00e9mentaire \nMERME Christophe Officier des syst\u00e8mes d'information et de \ncommunication CSO \nPARDON Christophe Officier des syst\u00e8mes d'information et de \ncommunication / \nVILBOUX Romain Officier des syst\u00e8mes d'information et de \ncommunication CSO \nBECQUET J\u00e9r\u00e9my Chef de salle op\u00e9rationnelle OTAU-OCO \nCAO-THANH Emmanuel Chef de salle op\u00e9rationnelle OTAU-OCO \nGREBILLE Jean Chef de salle op\u00e9rationnelle \t OTAU-OCO \nHANNETON Gabin Chef de salle op\u00e9rationnelle OTAU-OCO \nJAUDAUX David Chef de salle op\u00e9rationnelle OTAU-OCO \nJEANNIN S\u00e9bastien Chef de salle op\u00e9rationnelle OTAU-OCO \nMESPOULHES Yann Chef de salle op\u00e9rationnelle OTAU-OCO \nBERNIER Julien Adjoint chef de salle op\u00e9rationnelle OTAU-OCO \nBOLE Xavier Adjoint chef de salle op\u00e9rationnelle OTAU-OCO \nBOUCHER Herv\u00e9 Adjoint chef de salle op\u00e9rationnelle OTAU-OCO \nBRUNET Morgan Adjoint chef de salle op\u00e9rationnelle OTAU-OCO \nFAUCHARD C\u00e9dric Adjoint chef de salle op\u00e9rationnelle OTAU-OCO \nISTRIAAnthony Adjoint chef de salle op\u00e9rationnelle OTAU-OCO \nPETIT Maxime Adjoint chef de salle op\u00e9rationnelle OTAU-OCO \nPIGNON S\u00e9bastien \t Adjoint chef de salle op\u00e9rationnelle OTAU-OCO \nBAUDEGARD Romain Chef op\u00e9rateur de salle op\u00e9rationnelle OTAU-OCO \nBOUCHER Thomas Chef op\u00e9rateur de salle op\u00e9rationnelle OTAU-OCO \ngni ipnrnie Plandinn rhaf nna'rofaiir ri= colla nnarofinnnalla \t ()TAI i_nrn \nLEGROS Antoine \nLEGROS C\u00e9line \nMIGEON Matthieu \nChef op\u00e9rateur de salle op\u00e9rationnelle \nChef op\u00e9rateur de salle op\u00e9rationnelle \nOTAU-OCO \nOTAU-OCO \nChef op\u00e9rateur de salle op\u00e9rationnelle \t OTAU-OCO \nBREGAND Matthieu Chef op\u00e9rateur de salle op\u00e9rationnelle OTAU-OCO \nDE MESQUITA Emilien Chef op\u00e9rateur de salle op\u00e9rationnelle OTAU-OCO \nDELPIT Geoffrey Chef op\u00e9rateur de salle op\u00e9rationnelle OTAU-OCO \nSDIS de C\u00f4te-d'Or - 21-2025-01-02-00010 - 2025_Liste d'aptitude unit\u00e9 op\u00e9rationnelle_ SYSTEME INFORMATION et COMMUNICATION 53\nNom Pr\u00e9nom Emploi op\u00e9rationnelMentioncompl\u00e9mentairePIVEL Alexis Chef op\u00e9rateur de salle op\u00e9rationnelle OTAU-OCO' RENGEL Teddy c | Chef op\u00e9rateur de salle op\u00e9rationnelle ...E)TAU-OCOTREDEZ Victor Chef op\u00e9rateur de salle op\u00e9rationnelle OTAU-OCOBOUCHER Isabelle Op\u00e9rateur en CTA-CODIS OTAU-OCOBARBE Laurent Op\u00e9rateur de\u00e2;(;lgitr;\u00eettiicc)::l:p\u00e9rationnelle OCO-PCTACBARROT Quefitin Op\u00e9rateur de\u00e2:c;rgitna\u00eettii(\u00e2r:lgp\u00e9rationnelle OCO-PCTACBERNARD Jean-Marc Op\u00e9rateur de coord\u00eenatipn op\u00e9rationnelle OCO-PCTAC= de PC tactique: BERTRAND Lucas Op\u00e9rateur de \u00e2:c;rgitr;\u00eettii(\u00e2r:lgp\u00e9rationnelle OCO-PCTACBOURGEOIS Elodie Op\u00e9rateur de\u00e2gc;rgige:ti\u00e2t:lgp\u00e9rationnelle OCO-PCTACBOUVIER Lola Op\u00e9rateur de ggglgig\u00eettiic:lr:l :p\u00e9rationnelle OCO-PCTAC| BRUNSEAUX Jonathan Op\u00e9rateur de \u00e2g';'gig\u00e4\u00ee\u00e4gp\u9513b\"\"e\"e OCO-PCTACCOMBALUZIER David Op\u00e9rateur de coordinati_on op\u00e9rationnelle OCO-PCTACde PC tactique! COUDRET David Op\u00e9rateur de g:(;rgi&a::tti;;r:l :p\u00e9rationnelle I OCO-PCTAC\" CRETE Laurent Op\u00e9rateur de \u00e2g(;rgig\u00e6::ttii(:::l:p\u00e9rationnelle l OCO-PCTACCRETE-CORTOT Arthur Op\u00e9rateur de coordinati_on op\u00e9rationnelle '\u2014_' OCO-PCTAC_ de PC tactique| DARROUX Bastien ' Op\u00e9rateur de\u00e2z(;rgig\u00eettiic:'z:p\u00e9rationnelle OCO-PCTACDRU Guillaume - Op\u00e9rateur de \u00cagcl):rgig\u00efti%tgp\u00e9rationnelle OCO-PCTACGAUTHIER J\u00e9r\u00e9my _ Op\u00e9rateur de ;:?)rgig;tti;:;:j:p\u00e9rationnelle OCO-PCTAC| GAUTHIER L\u00e9o 1 Op\u00e9rateur de\u00e2:c;rgig::ttiicg:l:p\u00e9r;tionnelle OCO-PCTAC. GUERIN David Op\u00e9rateur de \u00ca:%rgitr;\u00eettiic\u00e4 :p\u00e9rationnelle OCO-PCTAC\u2014JI;ANNE Emmanuel Op\u00e9rateur de \u00e2:c;rgitnaz::t:ic\u00e4:lgp\u00e9rationnelle OCO-PCTAC| JOIE Roma\u00cen\u2014 Op\u00e9rateur de c\u00eeg%rgig\u00eettii\u00e4; :p...\u00e9rat\u00eeonnelle OCO-PCTAC\u00ca\u00caAU Al_l;e\u2014 Op\u00e9rateur de c<i:\u00eau:l)prcc:i\u00eetl;lz::tti::::l:\u00e6)p\u00e9rationnelle OCO-PCTACLOPES David B | Op\u00e9rateur de gg%rgitnae::tti;r:j :p\u00e9rationnelle OCO-PCTACLOPES Valentin 1- - Op\u00e9rateur de g:?:rgi;acttiizr:l :p\u00e9rati;nnelle OCO-PC\u00ceX;:_;ETRIGNET Laurent Op\u00e9rateuf. 'de coordination op\u00e9rationnelle OCO-PCTACde PC tactique\nNom Pr\u00e9nom Emploi op\u00e9rationnel Mention \ncompl\u00e9mentaire \nPIVEL Alexis Chef op\u00e9rateur de salle op\u00e9rationnelle OTAU-OCO \nRENGEL Teddy Chef op\u00e9rateur de salle op\u00e9rationnelle OTAU-OCO \nTREDEZ Victor Chef op\u00e9rateur de salle op\u00e9rationnelle OTAU-OCO \nBOUCHER Isabelle Op\u00e9rateur en CTA-CODIS OTAU-OCO \nBARBE Laurent Op\u00e9rateur de coordination op\u00e9rationnelle \nde PC tactique OCO-PCTAC \nBARROT Quentin Op\u00e9rateur de coordination op\u00e9rationnelle \nde PC tactique OCO-PCTAC \nBERNARD Jean-Marc Op\u00e9rateur de coordination op\u00e9rationnelle \nde PC tactique OCO-PCTAC \nBERTRAND Lucas Op\u00e9rateur de coordination op\u00e9rationnelle \nde PC tactique OCO-PCTAC \nBOURGEOIS Elodie Op\u00e9rateur de coordination op\u00e9rationnelle \nde PC tactique OCO-PCTAC \nBOUVIER Lola Op\u00e9rateur de coordination op\u00e9rationnelle \nde PC tactique OCO-PCTAC \nBRUNSEAUX Jonathan Op\u00e9rateur de coordination op\u00e9rationnelle \nde PC tactique OCO-PCTAC \nCOMBALUZIER David Op\u00e9rateur de coordination op\u00e9rationnelle \nde PC tactique OCO-PCTAC \nCOUDRET David Op\u00e9rateur de coordination op\u00e9rationnelle \nde PC tactique OCO-PCTAC \nCRETE Laurent Op\u00e9rateur de coordination op\u00e9rationnelle \nde PC tactique OCO-PCTAC \nCRETE-CORTOT Arthur Op\u00e9rateur de coordination op\u00e9rationnelle \nde PC tactique OCO-PCTAC \nDARROUX Bastien Op\u00e9rateur de coordination op\u00e9rationnelle OCO-PCTAC de PC tactique \nDRU Guillaume Op\u00e9rateur de coordination op\u00e9rationnelle \t i OCO-PCTAC de PC tactique \nGAUTHIER J\u00e9r\u00e9my Op\u00e9rateur de coordination op\u00e9rationnelle OCO-PCTAC de PC tactique \nGAUTHIER L\u00e9o Op\u00e9rateur de coordination op\u00e9rationnelle OCO-PCTAC de PC tactique \n.. \t .. \t . \t .. \t .. . \nGUERIN David pera eur e co r \nde PC tactique OCO-PCTAC \nJEANNE Emmanuel \n \nOp\u00e9rateur de coordination op\u00e9rationnelle \nde PC tactique OCO-PCTAC \nJOIE Romain \n \nOp\u00e9rateur de coordination op\u00e9rationnelle \nde PC tactique OCO-PCTAC \nJUSSEAU Alice \n \nOp\u00e9rateur de coordination op\u00e9rationnelle \nde PC tactique OCO-PCTAC \nLOPES David \n \nOp\u00e9rateur de coordination op\u00e9rationnelle \nde PC tactique OCO-PCTAC \nLOPES Valentin \n \nOp\u00e9rateur de coordination op\u00e9rationnelle \nde PC tactique OCO-PCTAC \nPETRIGNET Laurent Op\u00e9rateur de coordination op\u00e9rationnelle \nde PC tactique OCO-PCTAC \nSDIS de C\u00f4te-d'Or - 21-2025-01-02-00010 - 2025_Liste d'aptitude unit\u00e9 op\u00e9rationnelle_ SYSTEME INFORMATION et COMMUNICATION 54\n|| ; P  Mention: Nom Pr\u00e9nom Emploi op\u00e9rationnel compl\u00e9mentairePOULLOT Maryne Op\u00e9rateur de coordlnatl_on op\u00e9rationnelle OCO-PCTAC. de PC tactique |POUPAULT Gaylord Op\u00e9rateur de coordmatl_on op\u00e9rationnelle OCO-PCTACde PC tactique! ROZ Camille Op\u00e9rateur de coordinati_on op\u00e9rationnelle OCO-PCTACde PC tactiqueSIMONOT Cl\u00e9ment i Op\u00e9rateur de coordlnati_on op\u00e9rationnelle OCO-PCTAC| de PC tactique |* R\u00e9f\u00e9rent de sp\u00e9cialit\u00e9 \u00ab syst\u00e8mes d'information et de communication \u00bbArticle 2 : Le sous-pr\u00e9fet, directeur de cabinet, et le directeur d\u00e9partemental des services d'incendie et desecours sont charg\u00e9s, chacun en ce qui le concerne, de l'ex\u00e9cution du pr\u00e9sent arr\u00eat\u00e9 qui sera publi\u00e9 aurecueil des actes administratifs de la pr\u00e9fecture de la C\u00f4te-d'Or.\nDijon, le\nLe(ar\u00e9fet,\n// \u00c7'/,,\u2014f_\n0 2 JAN. 2025\nPour le Pr\u00e9fet et par d\u00e9l\u00e9gation,Le Sous-Pr\u00e9fet,Directeur de Cabinet\nOlivier GERSTL\u00c9\nNom Pr\u00e9nom Emploi op\u00e9rationnel Mention  compl\u00e9mentaire \nPOULLOT Maryne Op\u00e9rateur de coordination op\u00e9rationnelle \nde PC tactique OCO-PCTAC \nPOUPAULT Gaylord Op\u00e9rateur de coordination op\u00e9rationnelle \nde PC tactique OCO-PCTAC \nROZ Camille Op\u00e9rateur de coordination op\u00e9rationnelle \nde PC tactique OCO-PCTAC \nSIMONOT Cl\u00e9ment Op\u00e9rateur de coordination op\u00e9rationnelle \nde PC tactique OCO-PCTAC \n* R\u00e9f\u00e9rent de sp\u00e9cialit\u00e9 \u00ab syst\u00e8mes d'information et de communication \u00bb \nArticle 2 : Le sous-pr\u00e9fet, directeur de cabinet, et le directeur d\u00e9partemental des services d'incendie et de \nsecours sont charg\u00e9s, chacun en ce qui le concerne, de l'ex\u00e9cution du pr\u00e9sent arr\u00eat\u00e9 qui sera publi\u00e9 au \nrecueil des actes administratifs de la pr\u00e9fecture de la C\u00f4te-d'Or. \nDijon, le 0 2 JAN, 2025 \nLe \t r\u00e9fet, Pour le Pr\u00e9fet et par d\u00e9l\u00e9gation, \nLe Sous-Pr\u00e9fet, \nDirecteur de Cabinet \nOlivier GERSTL\u00ca \nSDIS de C\u00f4te-d'Or - 21-2025-01-02-00010 - 2025_Liste d'aptitude unit\u00e9 op\u00e9rationnelle_ SYSTEME INFORMATION et COMMUNICATION 55","date":"2025-01-21","first_seen_on":"2025-09-13T23:34:10+00:00","id":"59ab0924551eb18fd781881d8c31e7cf7bb2362f9ca52fb465410bc5a4bc04c7","name":"RAA n\u00b0 016 du 21 janvier 2025","pdf_creation_date":"2025-01-21T15:14:06+00:00","pdf_modification_date":null,"timezone":"Europe/Paris","url":"https://www.cote-dor.gouv.fr/contenu/telechargement/22765/173779/file/recueil-21-2025-016-recueil-des-actes-administratifs-special.pdf"}
