{"administration":"pref30","administration_name":"Pr\u00e9fecture du Gard","content":"PR\u00c9FET\nDU GARD\nRECUEIL DES ACTES\nADMINISTRATIFS SP\u00c9CIAL\nN\u00b030-2025-110\nPUBLI\u00c9 LE 24 JUIN 2025\nSommaire\nPrefecture du Gard / SAPSI\n30-2025-06-23-00003 - ARR\u00caT\u00c9 N\u00b030-2025-06-23-00003 autorisant la\ncaptation, l'enregistrement et la transmission d'images au moyen de\ncam\u00e9ras install\u00e9es sur des a\u00e9ronefs (6 pages) Page 3\n30-2025-06-24-00001 - Arr\u00eat\u00e9 N\u00b030-2025-06-24-00001 portant\ninterdiction des rassemblements festifs \u00e0 caract\u00e8re musical et\ninterdiction de circulation des poids lourds transportant du mat\u00e9riel de\nsons \u00e0 destination d'un rassemblement festif \u00e0 caract\u00e8re musical\nnon autoris\u00e9 dans le d\u00e9partement du Gard du vendredi 27 au lundi 30\njuin 2025 (4 pages) Page 10\n2\nPrefecture du Gard\n30-2025-06-23-00003\nARR\u00caT\u00c9 N\u00b030-2025-06-23-00003 autorisant la\ncaptation, l'enregistrement et la transmission\nd'images au moyen de cam\u00e9ras install\u00e9es sur des\na\u00e9ronefs\nPrefecture du Gard - 30-2025-06-23-00003 - ARR\u00caT\u00c9 N\u00b030-2025-06-23-00003 autorisant la captation, l'enregistrement et la\ntransmission d'images au moyen de cam\u00e9ras install\u00e9es sur des a\u00e9ronefs 3\n| | | CABINET- DIRECTION DES S\u00c9CURIT\u00c9SPR\u00c9FET Service d'animation des politiquesDU GARD . de s\u00e9curit\u00e9 int\u00e9rieurebes Bureau des polices administrativesLibert\u00e9\u00c9galit\u00e9Fraternit\u00e9 ARR\u00caT\u00c9 N\u00b030-2025-06- / 3- OOOO 3autorisant la captation, l'enregistrement et la transmission d'imagesau moyen de cam\u00e9ras install\u00e9es sur des a\u00e9ronefsLe Pr\u00e9fet du GardChevalier de la L\u00e9gion d'HonneurOfficier de l'Ordre National du M\u00e9rite\nVu le code de la s\u00e9curit\u00e9 int\u00e9rieure et notamment ses articles L. 242-1 \u00e0 L. 242-8 et R. 242-8 \u00e0R. 242-14 ;Vu le d\u00e9cret n\u00b0 2004-374 du 29 avril 2004 relatif aux pouvoirs des pr\u00e9fets, \u00e0 l'organisation et \u00e0l'action des services de l'\u00c9tat dans les r\u00e9gions et d\u00e9partements ;Vu le d\u00e9cret du 13 juillet 2023 nommant M. J\u00e9r\u00f4me BONET, pr\u00e9fet du Gard;Vu l'arr\u00eat\u00e9 pr\u00e9fectoral du 18 octobre 2024 n\u00b030-2024-10-18-00005 donnant d\u00e9l\u00e9gation designature \u00e0 M. Yann GERARD, secr\u00e9taire g\u00e9n\u00e9ral de la pr\u00e9fecture du Gard, sous-pr\u00e9fet del'arrondissement de N\u00eemes ;'Vu l'arr\u00eat\u00e9 pr\u00e9fectoral du 18 octobre 2024 n\u00b030-2024-10-18-00006 donnant d\u00e9l\u00e9gation designature \u00e0 M. Mathias NIEPS, sous-pr\u00e9fet, charg\u00e9 de mission aupr\u00e8s du pr\u00e9fet du Gard,secr\u00e9taire g\u00e9n\u00e9ral adjoint de la pr\u00e9fecture du Gard;Vu l'arr\u00eat\u00e9 pr\u00e9fectoral n\u00b030-2024-10-18-00009 du 18 octobre 2024 donnant d\u00e9l\u00e9gation designature \u00e0 Mme Marie-Charlotte EUVRARD, sous-pr\u00e9f\u00e8te, directrice de cabinet du pr\u00e9fet duGard ;Vu l'arr\u00eat\u00e9 pr\u00e9fectoral n\u00b0 30-2024-11-28-00004 du 28 novembre 2024 donnant d\u00e9l\u00e9gation de signature\u00e0 M. Franck LACOSTE, directeur des s\u00e9curit\u00e9s, directeur de cabinet adjoint du pr\u00e9fet du Gard ;Vu l'activation du plan Vigipirate au niveau urgence attentat ;Vu l'arr\u00eat\u00e9 du ministre de l'Int\u00e9rieur et des outre-mer, en date du 19 avril 2023 relatif au nombremaximal de cam\u00e9ras install\u00e9es sur des a\u00e9ronefs pouvant \u00eatre simultan\u00e9ment utilis\u00e9es danschaque d\u00e9partement et collectivit\u00e9 d'outre-mer ;Vu l'arr\u00eat\u00e9 n\u00b030-2024-07-05 du 7 mai 2024 autorisant la captation, l'enregistrement et latransmission d'images au moyen de cam\u00e9ras install\u00e9es sur des a\u00e9ronefs ;Vu la demande en date du 18 juin 2025 form\u00e9e par la direction interd\u00e9partementale de la policenationale du Gard, visant \u00e0 obtenir l'autorisation de capter, d'enregistrer et de transmettre desimages au moyen de cam\u00e9ras install\u00e9es sur des a\u00e9ronefs sans \u00e9quipage \u00e0 bord, afin de pr\u00e9venirles atteintes \u00e0 la s\u00e9curit\u00e9 des personnes et des biens au sein du p\u00e9rim\u00e8tre pr\u00e9cis\u00e9 en annexe du\nH\u00f4tel de la Pr\u00e9fecture 10 avenue Feuch\u00e8res \u2014 30045 NIMES CEDEX 9T\u00e9l : 04.66.36.43.90- Fax : 04.66.36.00.87 \u2014 www.gard.gouv.fr\nPrefecture du Gard - 30-2025-06-23-00003 - ARR\u00caT\u00c9 N\u00b030-2025-06-23-00003 autorisant la captation, l'enregistrement et la\ntransmission d'images au moyen de cam\u00e9ras install\u00e9es sur des a\u00e9ronefs 4\npr\u00e9sent arr\u00eat\u00e9, sur la ville de Nimes, quartier du Mas de Mingue du 23 juin 2025 \u00e0 9h00 au 30 juin2025 \u00e0 20h00.Consid\u00e9rant que les dispositions susvis\u00e9es permettent aux forces de s\u00e9curit\u00e9 int\u00e9rieure, dansl'exercice de leurs missions de protection de la s\u00e9curit\u00e9 des personnes et des biens, de proc\u00e9der\u00e0 la captation, \u00e0 l'enregistrement et \u00e0 la transmission d'images au moyen de cam\u00e9ras install\u00e9essur des a\u00e9ronefs aux fins d'assurer la s\u00e9curit\u00e9 des personnes et des biens ; que notamment, le 1\u00b0de l'article L. 242-5 susvis\u00e9 pr\u00e9voit que ces dispositifs peuvent \u00eatre mis en \u0153uvre au titre de lapr\u00e9vention des atteintes \u00e0 la s\u00e9curit\u00e9 des personnes et des biens dans des lieux particuli\u00e8rementexpos\u00e9s, en raison de leurs caract\u00e9ristiques ou des faits qui s'y sont d\u00e9j\u00e0 d\u00e9roul\u00e9s, \u00e0 des risquesd'agression, de vol ou de trafics d'armes, d'\u00eatres humains ou de stup\u00e9fiants, ainsi que laprotection des b\u00e2timents et installations publics et de leurs abords imm\u00e9diats, lorsqu'ils sontparticuli\u00e8rement expos\u00e9s \u00e0 des risques d'intrusion ou de d\u00e9gradations ;Consid\u00e9rant les pressions et menaces exerc\u00e9es sur les habitants et les services publics (La Poste,transports en commun...) par les membres du trafic de stup\u00e9fiants au sein du quartier du Mas deMingue ;Consid\u00e9rant que les forces de l'ordre, mobilis\u00e9es de fa\u00e7on significative face \u00e0 la r\u00e9currence et lagravit\u00e9 des faits de d\u00e9linquance de voie publique en lien avec le trafic de stup\u00e9fiants, subissentde nombreux jets de projectiles lors de leurs interventions dans le quartier du Mas de Mingue ;Consid\u00e9rant que le quartier du Mas de Mingue b\u00e9n\u00e9ficie du programme de renouvellementurbain (ANRU) avec un engagement de nombreuses soci\u00e9t\u00e9s sur diff\u00e9rents chantiers ; que lesemploy\u00e9s ont fait valoir leur droit de retrait apr\u00e8s avoir \u00e9t\u00e9 menac\u00e9s et que les zones de travauxont subi des d\u00e9gradations ;Consid\u00e9rant que compte tenu du risque d'atteintes \u00e0 la s\u00e9curit\u00e9 des personnes et des biens,ainsi qu'\u00e0 la s\u00e9curit\u00e9 publique, de la sensibilit\u00e9 du quartier, de la topographie urbaine des lieuxconcern\u00e9s, et de l'int\u00e9r\u00eat de disposer d'une vision en grand angle pour permettre le suivi desmouvements de personnes tout en limitant l'engagement des forces au sol, le recours audispositif de captation install\u00e9 sur un drone est n\u00e9cessaire et adapt\u00e9 ; que l'utilisation des autresmoyens est susceptible d'entra\u00eener des menaces graves pour l'int\u00e9grit\u00e9 physique des agents etqu'il n'existe ainsi pas de dispositif moins intrusif permettant de parvenir aux m\u00eames fins ;Consid\u00e9rant que la demande porte sur l'engagement de trois cam\u00e9ras install\u00e9es sur des a\u00e9ronefssans \u00e9quipage \u00e0 bord (drones) du 23 juin 2025 \u00e0 09h00 au 30 juin 2025 \u00e0 20h00 dans le secteurci-dessus cit\u00e9 ; que les lieux surveill\u00e9s sont ainsi strictement limit\u00e9s au p\u00e9rim\u00e8tre sur lequel lesatteintes \u00e0 la s\u00e9curit\u00e9 des personnes et des biens ont \u00e9t\u00e9 constat\u00e9es et au sein duquel sontsusceptibles de se commettre les atteintes que l'usage des cam\u00e9ras a\u00e9roport\u00e9es vise \u00e0 pr\u00e9venir ;que la dur\u00e9e de l'autorisation est \u00e9galement adapt\u00e9e \u00e0 l'objectif poursuivi; qu'au regard descirconstances susmentionn\u00e9es, la demande n'appara\u00eet pas disproportionn\u00e9e ;Consid\u00e9rant que le recours \u00e0 la captation, l'enregistrement et la transmission d'images ferontl'objet d'une publication au recueil des actes administratifs de la pr\u00e9fecture du Gard; quetoutefois, en vertu de l'article R. 242-13 du code de la s\u00e9curit\u00e9 int\u00e9rieure, il y a lieu de d\u00e9roger auprincipe d'information du public d\u00e8s lors que cette information est en contradiction avec lafinalit\u00e9 pour laquelle le dispositif est autoris\u00e9 ;Sur proposition de la directrice de cabinet du pr\u00e9fet du Gard;\nPrefecture du Gard - 30-2025-06-23-00003 - ARR\u00caT\u00c9 N\u00b030-2025-06-23-00003 autorisant la captation, l'enregistrement et la\ntransmission d'images au moyen de cam\u00e9ras install\u00e9es sur des a\u00e9ronefs 5\nArr\u00e9te\nArticle 1%: La captation, l'enregistrement et la transmission d'images par la directioninterd\u00e9partementale de la police nationale du Gard, sont autoris\u00e9s au titre de la pr\u00e9vention desatteintes \u00e0 la s\u00e9curit\u00e9 des personnes et des biens et de l'appui des personnels au sol.Article 2 : Le nombre maximal de cam\u00e9ras pouvant proc\u00e9der simultan\u00e9ment aux traitementsmentionn\u00e9s \u00e0 l'article 1\u00b0 est fix\u00e9 \u00e0 3 (mod\u00e8le DJI MAT).Article 3 : La pr\u00e9sente autorisation est limit\u00e9e au p\u00e9rim\u00e8tre g\u00e9ographique ci-dessus cit\u00e9.Article 4 : La pr\u00e9sente autorisation est d\u00e9livr\u00e9e du 23 juin 2025 \u00e0 09h00 au 30 juin 2025 \u00e0 20h00.Article 5: Le registre mentionn\u00e9 \u00e0 l'article L. 242-4 du code de la s\u00e9curit\u00e9 int\u00e9rieure est transmisau repr\u00e9sentant de l'\u00c9tat dans le d\u00e9partement \u00e0 l'issue de la p\u00e9riode consid\u00e9r\u00e9e.Article 6 : Le pr\u00e9sent arr\u00eat\u00e9 est publi\u00e9 au recueil des actes administratifs de la pr\u00e9fecture et peut\u00eatre contest\u00e9 dans les deux mois suivant sa publication:- soit par voie de recours gracieux form\u00e9 aupr\u00e8s de M. le Pr\u00e9fet du Gard ;- soit par voie de recours hi\u00e9rarchique form\u00e9 aupr\u00e8s de M. le Ministre de l'int\u00e9rieur ;- soit par voie de recours contentieux d\u00e9pos\u00e9 devant le tribunal administratif deN\u00eemes.Le tribunal administratif peut aussi \u00eatre saisi par l'application informatique 'TelerecoursCitoyens', accessible par le site internet www.telerecours.fr.Article 7 : La directrice de cabinet du pr\u00e9fet du Gard, le directeur interd\u00e9partemental de lapolice nationale du Gard, sont charg\u00e9s, chacun en ce qui le concerne, de l'ex\u00e9cution du pr\u00e9sentarr\u00eat\u00e9. | a #N\u00eemes, le 2 3 JUIN 2025\nLeopri\u00e9fe\u00ebtet,_ la sous-pr\u00e9f\u00e8teDirectri\u20ace de a\"PARLE VRARD\nPrefecture du Gard - 30-2025-06-23-00003 - ARR\u00caT\u00c9 N\u00b030-2025-06-23-00003 autorisant la captation, l'enregistrement et la\ntransmission d'images au moyen de cam\u00e9ras install\u00e9es sur des a\u00e9ronefs 6\nPrefecture du Gard - 30-2025-06-23-00003 - ARR\u00caT\u00c9 N\u00b030-2025-06-23-00003 autorisant la captation, l'enregistrement et la\ntransmission d'images au moyen de cam\u00e9ras install\u00e9es sur des a\u00e9ronefs 7\nsarepey np asseduydno--qures 214 np anySAUUSASD Sap anyNOJISN np anyUOIIIA an22/89 9p a10U0H anyjorubeqweg sedSrejeqey anyaubreJuon anypPiesuoy anyaquayyew ang |IOLEW] JUSWID/D anyfeli2g np wiyseor any |puessioly any2ISAL ap sew np uNUaUT3PeI3|d E] op anyeubiqny.p edduby anynainbsajuow sayeys anyuojeosey guay anySLUBAR|D snauBblesuoy 'AyZNiD BUSS aWEG-ANN 'AYluBaAjed Laqoy Jnaubiesuoy 'ayBiusoy esous9 np anySBSSaq ino; ap ary: sed aayuNjap isa auoz anay\n*\nin4Qa18 rig\na | | CE 2! 4 f ke L < ay %, ween' 7 Lt 3ry we +\" a FC LAKi #4\nTFY\nHOST optSAM beFOU IONS dos +.\n:;\nf \u00a9: LL TA, LD; ihe: -\u00b0 >4 a391104 30 NOLLVH4340 |SIMIN Y ANONIN 30 SVN ANONQ Na 39YSN.0 AN0IH4VH90I9 AINOZ\nPrefecture du Gard - 30-2025-06-23-00003 - ARR\u00caT\u00c9 N\u00b030-2025-06-23-00003 autorisant la captation, l'enregistrement et la\ntransmission d'images au moyen de cam\u00e9ras install\u00e9es sur des a\u00e9ronefs 8\nPrefecture du Gard - 30-2025-06-23-00003 - ARR\u00caT\u00c9 N\u00b030-2025-06-23-00003 autorisant la captation, l'enregistrement et la\ntransmission d'images au moyen de cam\u00e9ras install\u00e9es sur des a\u00e9ronefs 9\nPrefecture du Gard\n30-2025-06-24-00001\nArr\u00eat\u00e9 N\u00b030-2025-06-24-00001 portant\ninterdiction des rassemblements festifs \u00e0\ncaract\u00e8re musical et interdiction de circulation\ndes poids lourds transportant du mat\u00e9riel de\nsons \u00e0 destination d'un rassemblement festif \u00e0\ncaract\u00e8re musical non autoris\u00e9 dans le\nd\u00e9partement du Gard du vendredi 27 au lundi\n30 juin 2025\nPrefecture du Gard - 30-2025-06-24-00001 - Arr\u00eat\u00e9 N\u00b030-2025-06-24-00001 portant interdiction des rassemblements festifs \u00e0 caract\u00e8re\nmusical et interdiction de circulation des poids lourds transportant du mat\u00e9riel de sons \u00e0 destination d'un rassemblement festif \u00e0\ncaract\u00e8re musical non autoris\u00e9 dans le d\u00e9partement du Gard du vendredi 27 au lundi 30 juin 2025\n10\nCabinetE xs Direction des s\u00e9curit\u00e9sPREFET Service d'animation des politiques de s\u00e9curit\u00e9 int\u00e9rieureDU GARD |Libert\u00e9Egalit\u00e9Fraternit\u00e9 Nimes le, ? 4 JUIN 2025\n| Arr\u00eat\u00e9 N\u00b030-2025-06- Z 4 - 2090 \u2014Lportant interdiction des rassemblements festifs 4 caract\u00e9re musical et interdiction decirculation des poids lourds transportant du mat\u00e9riel de sons a destination d'unrassemblement festif a caract\u00e9re musical non autoris\u00e9 dans le d\u00e9partement du Garddu vendredi 27 au lundi 30 juin 2025\nLe Pr\u00e9fet,Chevalier de la L\u00e9gion d'Honneur,Chevalier de l'Ordre national du M\u00e9rite,Vu le Code de la s\u00e9curit\u00e9 int\u00e9rieure, notamment ses articles L.211-1, L.211-5 et suivants,L.211-15, R.211-2 et suivants et R.211-27 et suivants ;Vu le Code de la route;Vu le Code de la voirie routi\u00e9re ;Vu le Code g\u00e9n\u00e9ral de collectivit\u00e9s territoriales, notamment son article L.2215-1 ;Vu le Code p\u00e9nal, notamment son article 431-9 ;Vu le d\u00e9cret n\u00b02004-374 du 29 avril 2004 modifi\u00e9 relatif aux pouvoirs des pr\u00e9fets al'organisation et \u00e0 l'action des services de l'\u00c9tat dans les r\u00e9gions et les d\u00e9partements ;Vu le d\u00e9cret du Pr\u00e9sident de la R\u00e9publique du 13 juillet 2023, nommantMonsieur J\u00e9r\u00f4me BONET, pr\u00e9fet du Gard ;Vu l'arr\u00eat\u00e9 pr\u00e9fectoral n\u00b030-2024-10-18-00007 du 18 octobre 2024 donnant d\u00e9l\u00e9gation designature \u00e0 Monsieur Emile SOUMBO, sous-pr\u00e9fet de l'arrondissement d'Al\u00e8s ;Vu l'arr\u00eat\u00e9 pr\u00e9fectoral n\u00b030-2024-10-18-00008 du 18 octobre 2024 donnant d\u00e9l\u00e9gation designature \u00e0 Madame Anne LEVASSEUR, sous-pr\u00e9f\u00e8te de l'arrondissement du Vigan ;Vu l'arr\u00eat\u00e9 pr\u00e9fectoral n\u00b030-2024-10-18-00009 du 18 octobre 2024 donnant d\u00e9l\u00e9gation designature \u00e0 Madame Marie-Charlotte EUVRARD, sous-pr\u00e9f\u00e8te, directrice de cabinet dupr\u00e9fet du Gard;Vu l'arr\u00eat\u00e9 pr\u00e9fectoral n\u00b030-2024-10-18-00005 du 18 octobre 2024 donnant d\u00e9l\u00e9gation designature \u00e0 Monsieur Yann GERARD, secr\u00e9taire g\u00e9n\u00e9ral de la pr\u00e9fecture du Gard, sous-pr\u00e9fet de N\u00eemes ; |\nPrefecture du Gard - 30-2025-06-24-00001 - Arr\u00eat\u00e9 N\u00b030-2025-06-24-00001 portant interdiction des rassemblements festifs \u00e0 caract\u00e8re\nmusical et interdiction de circulation des poids lourds transportant du mat\u00e9riel de sons \u00e0 destination d'un rassemblement festif \u00e0\ncaract\u00e8re musical non autoris\u00e9 dans le d\u00e9partement du Gard du vendredi 27 au lundi 30 juin 2025\n11\nVu l'arr\u00eat\u00e9 pr\u00e9fectoral n\u00b030-2024-10-18-00006 du 18 octobre 2024 donnant d\u00e9l\u00e9gation designature \u00e0 Monsieur Mathias NIEPS, sous-pr\u00e9fet, charg\u00e9 de mission aupr\u00e8s du pr\u00e9fet duGard, secr\u00e9taire g\u00e9n\u00e9ral adjoint de la pr\u00e9fecture du Gard ;Vu l'arr\u00eat\u00e9 minist\u00e9riel du 16 avril 2021 relatif \u00e0 l'interdiction de circulation des v\u00e9hicules detransports de marchandises \u00e0 certaines p\u00e9riodes ;Vu l'arr\u00eat\u00e9 pr\u00e9fectoral du 31 ao\u00fbt 2012 relatif \u00e0 l'emploi du feu dans le d\u00e9partement duGard ;Vu l'arr\u00eat\u00e9 pr\u00e9fectoral du 8 janvier 2013 relatif au d\u00e9broussaillement r\u00e9glementaire destin\u00e9\u00e0 diminuer l'intensit\u00e9 des incendies de for\u00eat et \u00e0 en limiter la propagation dans led\u00e9partement du Gard ;Vu l'instruction minist\u00e9rielle du 16 juillet 2021 relative aux mesures \u00e0 mettre en \u0153uvre dansle cas de rassemblement festifs de jeunes de type festivals (tout type de musique) ou derassemblements festifs de type free party et rave-party ;Consid\u00e9rant que selon les \u00e9l\u00e9ments d'informations disponibles, notamment lesinformations recueillies aupr\u00e8s des services de la Gendarmerie Nationale du Gard et derenseignements, et les annonces sur les r\u00e9seaux sociaux, des rassemblements festifs \u00e0caract\u00e8re musical de type rave-party sont susceptibles de regrouper plusieurs milliers departicipants, sont \u00e0 pr\u00e9voir dans le d\u00e9partement du Gard pendant la p\u00e9riode estivale ;Consid\u00e9rant que plusieurs rassemblements festifs \u00e0 caract\u00e8re musical de type rave-party ;teknival, multi-sons, se sont d\u00e9roul\u00e9s partout sur le territoire national et que, notammentdans le d\u00e9partement du Gard, 4 rassemblements ont \u00e9t\u00e9 recens\u00e9s en 2023 et 1 en 2024;Consid\u00e9rant qu'un rassemblement musical ill\u00e9gal s'est tenu dans le d\u00e9partement du Garddu 19 au 22 avril 2025 r\u00e9unissant 3000 festivaliers, le risque qu'un tel \u00e9v\u00e9nement sereproduise sur le d\u00e9partement du Gard est par cons\u00e9quent av\u00e9r\u00e9 ;Consid\u00e9rant que des effectifs des forces de l'ordre ont \u00e9t\u00e9 pris \u00e0 partie et bless\u00e9s lors de laprise de contact avec les organisateurs du rassemblement ill\u00e9gal du 19 au 22 avril 2025 ;Consid\u00e9rant qu'un rassemblement musical ill\u00e9gal regroupant 10 000 personnes s'est tenudans le d\u00e9partement du Lot du 7 au 11 mai 2025;Consid\u00e9rant qu'un rassemblement musical ill\u00e9gal regroupant environ 200 personnes s'esttenu dans le d\u00e9partement de la Loz\u00e8re du 29 mai 2025 occasionnant des heurts avec lesagriculteurs, n\u00e9cessitant l'intervention des forces de l'ordre ;Consid\u00e9rant qu'un rassemblement musical ill\u00e9gal regroupant environ 3000 personnes s'esttenu dans le d\u00e9partement de l'H\u00e9rault du 6 au 9 juin 2025 ;Consid\u00e9rant que sur les dates concern\u00e9es par l'\u00e9v\u00e9nement projet\u00e9, les forces de l'ordre etles services de secours seront particuli\u00e8rement mobilis\u00e9s sur des \u00e9v\u00e9nementsconcomitants, notamment le Festival de Nimes du 22 juin au 24 juillet, les Belles Journ\u00e9es \u00e0N\u00eemes du 25 au 29 juin, le Festival Beau Weekend du 27 au 28 juin \u00e0 N\u00eemes, les spectaclesSon et lumi\u00e8res au Pont du Gard du 28 juin au 31 ao\u00fbt, les concerts Candlelight au Pont duGard du 27 au 29 juin, Le Festival Autres Rivages du 27 au 29 juin \u00e0 Uz\u00e8s, le Festival du Jazzdu 27 au 29 juin \u00e0 Vauvert, la 37\u00b0\" GEM Bik'Aigoual R\u00e9gion Occitanie du 28 au 29 juin \u00e0L'Esp\u00e9rou, la course Les Foul\u00e9es de la Pyramide le 29 juin \u00e0 Saint Christol-lez-Al\u00e9s, le 14\u00b0TM\u00b0triathlon C\u00e9v\u00e9n'up du Gardon le 29 juin \u00e0 Al\u00e8s, ainsi que les f\u00eates traditionnelles sur\nPrefecture du Gard - 30-2025-06-24-00001 - Arr\u00eat\u00e9 N\u00b030-2025-06-24-00001 portant interdiction des rassemblements festifs \u00e0 caract\u00e8re\nmusical et interdiction de circulation des poids lourds transportant du mat\u00e9riel de sons \u00e0 destination d'un rassemblement festif \u00e0\ncaract\u00e8re musical non autoris\u00e9 dans le d\u00e9partement du Gard du vendredi 27 au lundi 30 juin 2025\n12\nl'ensemble du d\u00e9partement du Gard du 27 au 29 juin inclus ;Consid\u00e9rant qu'\u00e0 ce jour aucune manifestation de ce type n'a fait l'objet d'une d\u00e9clarationpr\u00e9alable en pr\u00e9fecture du Gard, telle que pr\u00e9vue par l'article L.211-5 et suivants du Codede la s\u00e9curit\u00e9 int\u00e9rieure, et qu'\u00e0 d\u00e9faut d'une telle d\u00e9claration, l'organisation d'unemanifestation non d\u00e9clar\u00e9e est un d\u00e9lit pr\u00e9vu par l'article 431-9 alin\u00e9a 1 du Code p\u00e9nal;Consid\u00e9rant que l'absence d'un tel formalisme, en plus de pas \u00eatre conforme auxdispositions pr\u00e9cit\u00e9es, ne permet pas de conna\u00eetre le niveau de s\u00e9curit\u00e9 du rassemblementprojet\u00e9, ni les mesures envisag\u00e9es par l'organisateur pour garantir la s\u00e9curit\u00e9, la salubrit\u00e9,l'hygi\u00e8ne et la tranquillit\u00e9 publique des personnes ainsi que le respect du droit depropri\u00e9t\u00e9 pour le ou les terrains occup\u00e9s ;Consid\u00e9rant qu'en l'absence de toute prise de contact pr\u00e9alable des organisateurs avec lesservices pr\u00e9fectoraux ou les collectivit\u00e9s territoriales concern\u00e9es, la missiond'accompagnement des organisateurs du rassemblement projet\u00e9, conduite par les servicesde l'\u00c9tat et pr\u00e9vue par instruction du 16 juillet 2021, n'a pu \u00eatre mise en \u0153uvre ;Consid\u00e9rant les risques de troubles graves \u00e0 l'ordre public, \u00e0 la s\u00fbret\u00e9, \u00e0 la s\u00e9curit\u00e9 et \u00e0 lasalubrit\u00e9 publique que pr\u00e9senterait le d\u00e9roulement d'un rassemblement d\u00e9pourvu d'unservice d'ordre et d'un dispositif sanitaire, et auquel pourraient participer plusieurs milliersde personnes dans un lieu non am\u00e9nag\u00e9 pour recevoir ce type de rassemblement et n'afait l'objet d'aucune organisation pr\u00e9alable coordonn\u00e9e ;Consid\u00e9rant la n\u00e9cessit\u00e9 de pr\u00e9venir les risque de troubles \u00e0 l'ordre public et que lesmoyens appropri\u00e9s de lutte contre l'incendie et de secours aux personnes, ainsi qu'enmati\u00e8re de s\u00e9curit\u00e9 sanitaire et routi\u00e8re ne sont pas r\u00e9unis dans le cadre durassemblement projet\u00e9 ;Consid\u00e9rant que le regroupement de plus de 500 personnes dans des rassemblements nond\u00e9clar\u00e9s repr\u00e9sente un risque grave pour la s\u00e9curit\u00e9 des participants et qu'il y a lieu deprendre toutes les mesures n\u00e9cessaires ;Consid\u00e9rant que dans ces circonstances, de tels rassemblements sont de nature \u00e0provoquer des troubles s\u00e9rieux \u00e0 l'ordre public et \u00e0 la tranquillit\u00e9 publique et qu'il y a lieude prendre toutes les mesures n\u00e9cessaires ;Consid\u00e9rant la posture du plan VIGIPIRATE \u00e0 son stade maximal \u00ab Urgence attentat \u00bb surl'ensemble du territoire applicable depuis le 7 mai 2024, r\u00e9\u00e9valu\u00e9e le 13 juin 2025 en raisonde la nouvelle d\u00e9gradation s\u00e9curitaire au Proche-Orient, laissant craindre une:forme depolarisation pouvant engendrer des cons\u00e9quences sur le territoire national, notamment depossibles troubles \u00e0 l'ordre public et actions cibl\u00e9es contre certaines communaut\u00e9s, leursb\u00e2timents et repr\u00e9sentants symboliques ; que par cons\u00e9quent les forces de s\u00e9curit\u00e9 sontfortement mobilis\u00e9es ;Consid\u00e9rant que les forces de s\u00e9curit\u00e9 ainsi que les moyens de secours ne pourront faireface en termes de moyens, a de telles manifestations susceptibles de s'installer sansautorisation pr\u00e9alable en divers points du d\u00e9partement ;Consid\u00e9rant l'urgence \u00e0 pr\u00e9venir ces atteintes et \u00e0 assurer la s\u00e9curit\u00e9 des personnes et desbiens ;\nSur proposition de Madame la directrice de cabinet du pr\u00e9fet de Gard:\nPrefecture du Gard - 30-2025-06-24-00001 - Arr\u00eat\u00e9 N\u00b030-2025-06-24-00001 portant interdiction des rassemblements festifs \u00e0 caract\u00e8re\nmusical et interdiction de circulation des poids lourds transportant du mat\u00e9riel de sons \u00e0 destination d'un rassemblement festif \u00e0\ncaract\u00e8re musical non autoris\u00e9 dans le d\u00e9partement du Gard du vendredi 27 au lundi 30 juin 2025\n13\nARRETEArticle 1 - La tenue des rassemblements festifs \u00e0 caract\u00e8re musical r\u00e9pondant \u00e0l'ensemble des caract\u00e9ristiques \u00e9nonc\u00e9s \u00e0 l'article R.211-2 du Code de s\u00e9curit\u00e9 int\u00e9rieure,autres que ceux l\u00e9galement d\u00e9clar\u00e9s et autoris\u00e9s, est interdite sur l'ensemble dud\u00e9partement du Gard du vendredi 27 juin 2025 \u00e0 08h00 au lundi 30 juin 2025 \u00e0 08h00.Article 2 - La circulation des v\u00e9hicules transportant du mat\u00e9riel susceptible d'\u00eatre utilis\u00e9pour un rassemblement festif non autoris\u00e9 est interdite durant la m\u00eame p\u00e9riode.Article 3 - Toute infraction au pr\u00e9sent arr\u00eat\u00e9 est passible de sanctions pr\u00e9vues par le Codep\u00e9nal et par les dispositions des articles L.211-15, R.211-30 du Code de la s\u00e9curit\u00e9 int\u00e9rieureet peut donner lieu notamment \u00e0 la saisie du mat\u00e9riel en vue de sa confiscation par letribunal.Article 4 - Le pr\u00e9sent arr\u00eat\u00e9 pr\u00e9fectoral entre en vigueur \u00e0 compter de sa publication aurecueil des actes administratifs de la pr\u00e9fecture du Gard.Article 5 - Le pr\u00e9sent arr\u00eat\u00e9 peut faire l'objet d'un recours administratif aupr\u00e8s deMonsieur le pr\u00e9fet du Gard (Pr\u00e9fecture du Gard 30 045 Nimes Cedex 9), d'un recourshi\u00e9rarchique adress\u00e9 \u00e0 Monsieur le ministre de l'Int\u00e9rieur \u2014 place Beauvau 75 008 Paris) oud'un recours contentieux devant le tribunal administratif de N\u00eemes, dans un d\u00e9lai de deuxmois suivant sa publication. Le tribunal administratif peut aussi \u00eatre saisi par l'applicationinformatique \u00abTelerecours Citoyens\u00bb accessible par le site internet www.telerecours.fr.Article 6 - Madame la directrice de cabinet du pr\u00e9fet du Gard, Madame la sous-pr\u00e9f\u00e8te del'arrondissement du Vigan, Monsieur le sous-pr\u00e9fet de l'arrondissement d'Al\u00e9s, Monsieur lesecr\u00e9taire g\u00e9n\u00e9ral de la pr\u00e9fecture du Gard, Monsieur le secr\u00e9taire g\u00e9n\u00e9ral adjoint de lapr\u00e9fecture du Gard, Monsieur le Colonel, commandant le groupement de gendarmeried\u00e9partementale du Gard, Monsieur le directeur interd\u00e9partemental de la police nationaledu Gard, Monsieur le directeur interd\u00e9partemental de la police nationale du Vaucluse,Monsieur le directeur interd\u00e9partemental de la police nationale des Bouches du Rh\u00f4nesont charg\u00e9s, chacun en ce qui les concerne, de l'ex\u00e9cution du pr\u00e9sent arr\u00eat\u00e9.Le pr\u00e9fet,Pour le pr\u00e9fet,_laSeus-pr\u00e9fateMarie-Charlotte EUVRARD\nPrefecture du Gard - 30-2025-06-24-00001 - Arr\u00eat\u00e9 N\u00b030-2025-06-24-00001 portant interdiction des rassemblements festifs \u00e0 caract\u00e8re\nmusical et interdiction de circulation des poids lourds transportant du mat\u00e9riel de sons \u00e0 destination d'un rassemblement festif \u00e0\ncaract\u00e8re musical non autoris\u00e9 dans le d\u00e9partement du Gard du vendredi 27 au lundi 30 juin 2025\n14","date":"2025-06-24","first_seen_on":"2025-06-24T08:08:31+00:00","id":"59d9c188c0f17db0731451fb973b78eeecaae78c2df78e5ac277e10fbee81af8","name":"recueil-30-2025-110-recueil-special du24 06 2025","pdf_creation_date":"2025-06-24T07:25:04+00:00","pdf_modification_date":null,"timezone":"Europe/Paris","url":"https://www.gard.gouv.fr/contenu/telechargement/63923/472506/file/recueil-30-2025-110-recueil-special%20du24%2006%202025.pdf"}
