{"administration":"pref01","administration_name":"Pr\u00e9fecture de l\u2019Ain","content":"AIN\nRECUEIL DES ACTES\nADMINISTRATIFS SP\u00c9CIAL\n(NOMINATIFS)\nN\u00b001-2025-395\nPUBLI\u00c9 LE 27 NOVEMBRE 2025\nSommaire\n01_Pref_Pr\u00e9fecture de l'Ain /\n01-2025-11-24-00001 - AP modificatif du 24/11/2025 portant nomination des\nmembres des commissions de contr\u00f4le charg\u00e9es de la r\u00e9gularit\u00e9\ndes listes \u00e9lectorales dans chaque commune du d\u00e9partement de\nl'Ain\nLe document comporte des noms de personnes  (1 page) Page 3\n2\n01_Pref_Pr\u00e9fecture de l'Ain\n01-2025-11-24-00001\nAP modificatif du 24/11/2025 portant nomination\ndes membres des commissions de contr\u00f4le\ncharg\u00e9es de la r\u00e9gularit\u00e9 des listes \u00e9lectorales\ndans chaque commune du d\u00e9partement de l'Ain\nLe document comporte des noms de personnes \n01_Pref_Pr\u00e9fecture de l'Ain - 01-2025-11-24-00001 - AP modificatif du 24/11/2025 portant nomination des membres des commissions\nde contr\u00f4le charg\u00e9es de la r\u00e9gularit\u00e9 des listes \u00e9lectorales dans chaque commune du d\u00e9partement de l'Ain\nLe document comporte des noms de personnes \n3\nE 3PREFETEDE L'AINLibert\u00e9Egalit\u00e9Fraternit\u00e9\nArr\u00eat\u00e9 pr\u00e9fectoral modificatif\nportant nomination des membres des commissions de contr\u00f4le charg\u00e9es de la r\u00e9gularit\u00e9 \ndes listes \u00e9lectorales dans chaque commune du d\u00e9partement de l'Ain\nLa pr\u00e9f\u00e8te\nChevalier de la L\u00e9gion d'Honneur\nOfficier de l'ordre national du M\u00e9rite\nVU le code \u00e9lectoral, notamment ses articles L. 19 et R. 7 \u00e0 R. 11 ;\nVU l'arr\u00eat\u00e9 pr\u00e9fectoral modificatif du 4 novembre 2025 portant nomination des membres\ndes commissions de contr\u00f4le charg\u00e9es de la r\u00e9gularit\u00e9 des listes \u00e9lectorales dans chaque\ncommune du d\u00e9partement de l'Ain ;\nVU la vacance de si\u00e8ge intervenue au sein des commissions de contr\u00f4le \u00e0 la suite du d\u00e9c\u00e8s\nd'un membre ; \nCONSIDERANT qu'il convient de modifier la composition de la commission de contr\u00f4le des\nlistes \u00e9lectorales de la commune d'Izernore ;\nSur proposition de la secr\u00e9taire g\u00e9n\u00e9rale de la pr\u00e9fecture de l'Ain ;\n- A R R \u00ca T E   -\nArticle 1  er        :   Les annexes de l'arr\u00eat\u00e9 du 4 novembre 2025 portant nomination des membres des\ncommissions  de  contr\u00f4le  charg\u00e9es  de  la  r\u00e9gularit\u00e9  des  listes  \u00e9lectorales  dans  chaque\ncommune du d\u00e9partement de l'Ain sont remplac\u00e9es par les tableaux joints au pr\u00e9sent arr\u00eat\u00e9.\nArticle 2     :    La secr\u00e9taire g\u00e9n\u00e9rale de la pr\u00e9fecture, les maires des communes concern\u00e9es sont\ncharg\u00e9s, chacun en ce qui le concerne, de l'ex\u00e9cution du pr\u00e9sent arr\u00eat\u00e9 qui sera publi\u00e9 au\nrecueil des actes administratifs.\nFait \u00e0 Bourg-en-Bresse, le  24/11/2025\nPour la pr\u00e9f\u00e8te\nLa secr\u00e9taire g\u00e9n\u00e9rale\nSign\u00e9 : Virginie GUERIN - ROBINET\n45, Avenue Alsace-Lorraine - CS 80400 -  01012  BOURG-EN-BRESSE CEDEX \nT\u00e9l\u00e9phone : 04.74.32.30.00    Site internet : www.ain.gouv.fr  -  Facebook - Twitter : @Prefet01\nDirection des collectivit\u00e9s et de l'appui territorial\nBureau de la l\u00e9galit\u00e9, de l'intercommunalit\u00e9 et de la\nd\u00e9mocratie locale\n01_Pref_Pr\u00e9fecture de l'Ain - 01-2025-11-24-00001 - AP modificatif du 24/11/2025 portant nomination des membres des commissions\nde contr\u00f4le charg\u00e9es de la r\u00e9gularit\u00e9 des listes \u00e9lectorales dans chaque commune du d\u00e9partement de l'Ain\nLe document comporte des noms de personnes \n4","date":"2025-11-27","first_seen_on":"2025-11-27T17:05:23+00:00","id":"5a1ed056050f8f8ccb4866e15c6888ab8bc224c79287eca7e8a93d1406a4ab7b","name":"recueil-01-2025-395-recueil-des-actes-administratifs-nominatif N\u00b02 du 27 -11 -2025","pdf_creation_date":"2025-11-27T16:37:51+00:00","pdf_modification_date":null,"timezone":"Europe/Paris","url":"https://www.ain.gouv.fr/contenu/telechargement/33919/236868/file/recueil-01-2025-395-recueil-des-actes-administratifs-nominatif%20N%C2%B02%20du%2027%20-11%20-2025%20%20.pdf"}
