{"administration":"pref30","administration_name":"Pr\u00e9fecture du Gard","content":"PR\u00c9FET\nDU GARD\nRECUEIL DES ACTES\nADMINISTRATIFS SP\u00c9CIAL\nN\u00b030-2025-151\nPUBLI\u00c9 LE 28 AO\u00dbT 2025\nSommaire\nDirection interr\u00e9gionale des douanes et des droits indirects /\n30-2025-08-25-00001 - Arr\u00eat\u00e9 Subd\u00e9l\u00e9gation de signature aux agents\nde la DIDDI Occitanie  (5 pages) Page 3\nPrefecture du Gard /\n30-2025-08-27-00006 - Arr\u00eat\u00e9 N\u00b030-2025-08-27-00006\nportant\ninterdiction des rassemblements festifs \u00e0 caract\u00e8re musical et\ninterdiction de circulation des poids lourds transportant du mat\u00e9riel de\nsons \u00e0 destination d'un rassemblement festif \u00e0 caract\u00e8re musical\nnon autoris\u00e9 dans le d\u00e9partement du Gard\ndu vendredi 29 ao\u00fbt au\nlundi 1er septembre 2025 (4 pages) Page 9\n30-2025-08-28-00002 - Arr\u00eat\u00e9 portant mesures temporaires sur la\nnavigation int\u00e9rieure du canal du Rh\u00f4ne \u00e0 S\u00e8te - Spectacle\nPyrotechnique Saint-Gilles (5 pages) Page 14\n2\nDirection interr\u00e9gionale des douanes et des\ndroits indirects\n30-2025-08-25-00001\nArr\u00eat\u00e9 Subd\u00e9l\u00e9gation de signature aux agents de\nla DIDDI Occitanie \nDirection interr\u00e9gionale des douanes et des droits indirects - 30-2025-08-25-00001 - Arr\u00eat\u00e9 Subd\u00e9l\u00e9gation de signature aux agents de\nla DIDDI Occitanie 3\nREPUBLIQUEFRANCAISELibert\u00e9Egalit\u00e9Fraternit\u00e9\nDirection interr\u00e9gionale des douanes\net droits indirects d'Occitanie\nArr\u00eat\u00e9 portant subd\u00e9l\u00e9gation de signature aux agents \nde la direction interr\u00e9gionale des douanes d'Occitanie\nMonsieur Christophe LAIN\u00c9, administrateur sup\u00e9rieur,\ndirecteur interr\u00e9gional des douanes et droits indirects d'Occitanie \nVu la loi organique n\u00b0 2001-692 du 1er ao\u00fbt 2001 relative aux lois de finances ;\nVu la loi n\u00b0 72-619 du 5 juillet 1972 modifi\u00e9e portant cr\u00e9ation et organisation des r\u00e9gions,\nnotamment son article 21-1 ;\nVu le d\u00e9cret n\u00b0 99-89 du 8 f\u00e9vrier 1999 pris pour l'application de l'article 3 du d\u00e9cret n\u00b0 98-81\ndu 11 f\u00e9vrier 1998 modifiant la loi n\u00b0 68-1250 du 31 d\u00e9cembre 1968 relative \u00e0 la prescription\ndes cr\u00e9ances sur l'\u00c9tat, les d\u00e9partements, les communes et les \u00e9tablissements publics et relatif\naux d\u00e9cisions prises par l'\u00c9tat en mati\u00e8re de prescription quadriennale ;\nVu  le  d\u00e9cret  n\u00b0  2004-374  du  29  avril  2004  modifi\u00e9  relatif  aux  pouvoirs  des  pr\u00e9fets,  \u00e0\nl'organisation et \u00e0 l'action des services de l'\u00c9tat dans les r\u00e9gions et d\u00e9partements ;\nVu le d\u00e9cret n\u00b0 2012-1246 du 7 novembre 2012 relatif \u00e0 la gestion budg\u00e9taire et comptable\npublique ;\nVu le d\u00e9cret n\u00b0 2016-360 du 25 mars 2016 relatif aux march\u00e9s publics ;\nVu l'arr\u00eat\u00e9 du ministre de l'\u00e9conomie et des finances du 21 d\u00e9cembre 1982 modifi\u00e9 portant\nr\u00e8glement  de  comptabilit\u00e9  pour  la  d\u00e9signation  des  ordonnateurs  secondaires  et  de  leurs\nd\u00e9l\u00e9gu\u00e9s ;\nVu l'arr\u00eat\u00e9 minist\u00e9riel du 3 juillet 2024 portant nomination de M. Christophe LAIN\u00c9, en qualit\u00e9\nd'administrateur  sup\u00e9rieur  des  douanes  et  droits  indirects,  dans  l'emploi  de  directeur\ninterr\u00e9gional des douanes et droits indirects d'Occitanie ;\nVu l'arr\u00eat\u00e9 minist\u00e9riel du 14 mai 2024 portant nomination de M. Alexis BULIARD, en qualit\u00e9\nd'administrateur  des  douanes  et  droits  indirects,  dans  l'emploi  d'adjoint  au  directeur\ninterr\u00e9gional des douanes d'Occitanie  ;\nVu l'arr\u00eat\u00e9 minist\u00e9riel du 10 juin 2025 portant mutation de Mme Catherine CHERVI DRAN, en\nqualit\u00e9 de directrice principale des services douaniers \u00e0 la direction interr\u00e9gionale des douanes\nd'Occitanie ;\nVu l'arr\u00eat\u00e9 minist\u00e9riel du 25 octobre 2024 portant mutation de M. Philippe PAILHOUS, en\nqualit\u00e9 de directeur des services douaniers de 1\u00e8re classe \u00e0 la direction interr\u00e9gionale des\ndouanes d'Occitanie ;\nVu l'arr\u00eat\u00e9 minist\u00e9riel du 9 ao\u00fbt 2021 portant mutation de Mme Florence BOYER en qualit\u00e9\nd'inspectrice r\u00e9gionale de 1\u00e8re classe \u00e0 la direction interr\u00e9gionale des douanes d'Occitanie ;\nVu l'arr\u00eat\u00e9 minist\u00e9riel du 21 janvier 2021 portant mutation de M. Nicolas SOULIE en qualit\u00e9\nd'agent de cat\u00e9gorie A \u00e0 la direction interr\u00e9gionale des douanes d'Occitanie ;\nSECRETARIAT GENERAL\n18, rue Paul Brousse\n34056 MONTPELLIER Cedex 1\nSite Internet : www.douane.gouv.fr\n1\nDirection interr\u00e9gionale des douanes et des droits indirects - 30-2025-08-25-00001 - Arr\u00eat\u00e9 Subd\u00e9l\u00e9gation de signature aux agents de\nla DIDDI Occitanie 4\nREPUBLIQUEFRANCAISELibert\u00e9Egalit\u00e9Fraternit\u00e9\nDirection interr\u00e9gionale des douanes\net droits indirects d'Occitanie\nVu l'arr\u00eat\u00e9 minist\u00e9riel du 12 novembre 2019 portant mutation de Mme V\u00e9ronique REY en\nqualit\u00e9 d'agent de cat\u00e9gorie B \u00e0 la direction interr\u00e9gionale des douanes d'Occitanie ;\nVu l'arr\u00eat\u00e9 du 9 juin 2023 portant mutation de M. Claude DECOCQ en qualit\u00e9 d'agent de\ncat\u00e9gorie B \u00e0 la direction interr\u00e9gionale des douanes d'Occitanie ;\nVu l'arr\u00eat\u00e9 du 24 juin 2014 portant nomination et titularisation de M. Emilien GIBERT en qualit\u00e9\nd'agent de cat\u00e9gorie C \u00e0 la direction interr\u00e9gionale des douanes d'Occitanie ;\nVu l'arr\u00eat\u00e9 du 19 ao\u00fbt  2024, publi\u00e9 s ous le recueil n\u00b0 R76-2024-08-19-00003 intitul\u00e9 \"Recueil\ndes  actes  administratifs  sp\u00e9cial\",  du  Pr\u00e9fet  de  la  r\u00e9gion Occitanie  portant  d\u00e9l\u00e9gation  de\nsignature  \u00e0  M.  Christophe  LAIN\u00c9,  directeur  interr\u00e9gional  des  douanes  et  droits  indirects\nd'Occitanie, en mati\u00e8re d'administration g\u00e9n\u00e9rale, de responsable de budget op\u00e9rationnel de\nprogramme, de responsable d'unit\u00e9 op\u00e9rationnelle et de pouvoir d'adjudicateur ;\nArr\u00eate     :  \nSECTION I.-\nCOMPETENCE D'ADMINISTRATION GENERALE\nArticle  1er :  D\u00e9l\u00e9gation  est  donn\u00e9e  \u00e0 M.  Alexis  BULIARD,  administrateur  des  douanes,\nMme Catherine  CHERVI  DRAN,  directrice  principale  des  services  douaniers,  M. Philippe\nPAILHOUS,  directeur  des  services  douaniers  de  1\u00e8re  classe, Mme  Florence  BOYER,\ninspectrice r\u00e9gionale de 1\u00e8re classe, \u00e0  l'effet de signer, les actes et les correspondances\nrelatifs \u00e0 la gestion du personnel, des mat\u00e9riels, des locaux et du patrimoine affect\u00e9s au\nservice.\nArticle 2. \u2013 Sont exclus de la pr\u00e9sente d\u00e9l\u00e9gation :\n- les correspondances et d\u00e9cisions adress\u00e9es \u00e0 l'attention personnelle des ministres,\nsecr\u00e9taires d'\u00c9tat, parlementaires en exercice et pr\u00e9fets de d\u00e9partement, aux pr\u00e9sidents\ndu conseil r\u00e9gional, des conseils g\u00e9n\u00e9raux et des communaut\u00e9s d'agglom\u00e9ration ;\n- les courriers et d\u00e9cisions adress\u00e9s \u00e0 l'attention personnelle des \u00e9lus locaux \n- les arr\u00eat\u00e9s de port\u00e9e g\u00e9n\u00e9rale ;\n- les conventions liant l'\u00c9tat aux collectivit\u00e9s territoriales, \u00e0 leurs groupements et \u00e0 leurs\n\u00e9tablissements publics ;\n- la  constitution  et  la  composition  des  comit\u00e9s,  commissions  et  missions  d'enqu\u00eate\ninstitu\u00e9s par des textes l\u00e9gislatifs ou r\u00e9glementaires ;\n- les d\u00e9cisions de gestion du domaine public (acquisition, ali\u00e9nation, affectation) ;\n- les m\u00e9moires devant les juridictions civile, p\u00e9nale et administrative.\n2\nDirection interr\u00e9gionale des douanes et des droits indirects - 30-2025-08-25-00001 - Arr\u00eat\u00e9 Subd\u00e9l\u00e9gation de signature aux agents de\nla DIDDI Occitanie 5\nExREPUBLIQUEFRAN\u00c7AISELibert\u00e9Egalit\u00e9Fraternit\u00e9\nDirection interr\u00e9gionale des douanes\net droits indirects d'Occitanie\nSECTION II.-\nCOMPETENCE DE RESPONSABLE DE BOP\nArticle  3.-  D\u00e9l\u00e9gation  est  donn\u00e9e  \u00e0 M.  Alexis  BULIARD,  administrateur  des  douanes,\nMme Catherine  CHERVI  DRAN,  directrice  principale  des  services  douaniers, M. Philippe\nPAILHOUS, directeur des services douaniers de 1\u00e8re classe,   en qualit\u00e9 de responsable du\nbudget op\u00e9rationnel de programme n\u00b0302 \u00ab  facilitation et s\u00e9curisation des \u00e9changes  \u00bb, \u00e0 l'effet\nde :\n- recevoir les cr\u00e9dits du programme ;\n- proc\u00e9der \u00e0 des r\u00e9allocations en cours d'exercice budg\u00e9taire et entre les actions et les\nsous-actions du programme. \nSECTION III.-\nCOMPETENCE DE RESPONSABLE D'UNITE OPERATIONNELLE\nORDONNANCEMENT SECONDAIRE DELEGUE\nArticle 4.-  D\u00e9l\u00e9gation de signature est donn\u00e9e \u00e0  M. Alexis BULIARD, administrateur des\ndouanes,  Mme  Catherine  CHERVI  DRAN,  directrice  principale  des  services  douaniers,\nM. Philippe  PAILHOUS,  directeur  des  services  douaniers  de  1\u00e8re  classe,   Mme  Florence\nBOYER,  inspectrice  r\u00e9gionale  de  1\u00e8re  classe,  M. Nicolas  SOULIE,  inspecteur, M.  Claude\nDECOCQ, contr\u00f4leur principal, Mme V\u00e9ronique REY contr\u00f4leur de 2\u00e8me classe des douanes\net M. Emilien GIBERT agent de constatation principal de 1\u00e8re classe \u00e0 l'effet de : \n- signer ou de valider dans la limite de leurs attributions et comp\u00e9tences, tout document, acte,\nd\u00e9cision, contrat, conclusion, m\u00e9moire et d'une fa\u00e7on plus g\u00e9n\u00e9rale, tous les actes relatifs aux\nop\u00e9rations de d\u00e9penses et de recettes imput\u00e9es sur les budgets op\u00e9rationnels de programmes\net  se  rapportant  au  fonctionnement  ou  \u00e0  l'\u00e9quipement  de  la  direction  interr\u00e9gionale  des\ndouanes d'Occitanie ;\n- recevoir les cr\u00e9dits des programmes suivants :\n- n\u00b0302 \u00ab Facilitation et s\u00e9curisation des \u00e9changes \u00bb ;\n- n\u00b0723 \u00ab Op\u00e9ration immobili\u00e8res et entretien des b\u00e2timents de l'Etat \u00bb ;\n- n\u00b0218 \u00ab Conduite et pilotage des politiques \u00e9conomiques et financi\u00e8res \u00bb ;\n- n\u00b0200 \u00ab Remboursements et d\u00e9gr\u00e8vements d'imp\u00f4ts d'\u00c9tat \u00bb.\n- n\u00b0362 \u00ab Ecologie\u00bb.\n3\nDirection interr\u00e9gionale des douanes et des droits indirects - 30-2025-08-25-00001 - Arr\u00eat\u00e9 Subd\u00e9l\u00e9gation de signature aux agents de\nla DIDDI Occitanie 6\nREPUBLIQUEFRANCAISELibert\u00e9Egalit\u00e9Fraternit\u00e9\nDirection interr\u00e9gionale des douanes\net droits indirects d'Occitanie\nCette d\u00e9l\u00e9gation porte sur l'engagement, la liquidation, le mandatement des d\u00e9penses, ainsi\nque sur l'\u00e9mission et la signature des titres de recettes et le contr\u00f4le de la recevabilit\u00e9 pour la\nr\u00e9alisation des d\u00e9penses sans ordonnancement relevant du programme 200. \nArticle 5.- Sont exclus de la pr\u00e9sente d\u00e9l\u00e9gation :\n- Les ordres de r\u00e9quisition du comptable public ;\n- en cas de demande de passer outre le refus de visa du contr\u00f4leur budg\u00e9taire, la lettre de\nsaisine du ministre concern\u00e9 ;\n- en cas d'avis pr\u00e9alable d\u00e9favorable, la d\u00e9cision de l'ordonnateur informant le contr\u00f4leur\nbudg\u00e9taire des motifs de ne pas se conformer \u00e0 l'avis donn\u00e9 ;\n- les d\u00e9cisions financi\u00e8res relevant du titre 6 d'un montant \u00e9gal ou sup\u00e9rieur \u00e0 200 000  \u20ac.\nArticle 6.-  D\u00e9l\u00e9gation de signature est donn\u00e9e \u00e0  M. Alexis BULIARD, administrateur des\ndouanes,  Mme  Catherine  CHERVI  DRAN,  directrice  principale  des  services  douaniers,\nM. Philippe  PAILHOUS,  directeur  des  services  douaniers  de  1\u00e8re  classe,   Mme  Florence\nBOYER, inspectrice r\u00e9gionale de 1\u00e8re classe,  pour opposer la prescription quadriennale aux\ntitulaires de cr\u00e9ances sur l'\u00c9tat ainsi que pour relever de la prescription ces m\u00eames cr\u00e9anciers\nsous r\u00e9serve de l'avis conforme du comptable assignataire et dans la limite des seuils fix\u00e9s. En\ncas d'avis non conforme du comptable, le pr\u00e9fet de r\u00e9gion reste seul comp\u00e9tent.\nArticle 7.-  D\u00e9l\u00e9gation de signature est donn\u00e9e \u00e0  M. Alexis BULIARD, administrateur des\ndouanes,  Mme  Catherine  CHERVI  DRAN,  directrice  principale  des  services  douaniers,\nM. Philippe  PAILHOUS,  directeur  des  services  douaniers  de  1\u00e8re  classe,   Mme  Florence\nBOYER,  inspectrice  r\u00e9gionale  de  1\u00e8re  classe,  M. Nicolas  SOULIE,  inspecteur,  M.  Claude\nDECOCQ, contr\u00f4leur principal, Mme V\u00e9ronique REY contr\u00f4leur de 2\u00e8me classe des douanes\net M. Emilien GIBERT agent de constatation principal de 1\u00e8re classe  \u00e0 l'effet de  valider, de\nfa\u00e7on \u00e9lectronique, dans le progiciel comptable CHORUS et les outils de gestion de la d\u00e9pense\n(Chorus-DT,  Chorus  formulaire  \u2013  CFO-   et  Interdep)  pour  les  programmes  budg\u00e9taires\nmentionn\u00e9s  \u00e0  l'article  4,  l'engagement,  la  certification  de  service  fait,  les  demandes  de\npaiement, les ordres \u00e0 payer et les ordres de recettes.\nSECTION IV.-\nCOMPETENCE DE POUVOIR ADJUDICATEUR\nArticle  8.-  D\u00e9l\u00e9gation  est  donn\u00e9e  \u00e0  M.  Alexis  BULIARD,  administrateur  des  douanes,\nMme Catherine  CHERVI  DRAN,  directrice  principale  des  services  douaniers, M. Philippe\nPAILHOUS,  directeur  des  services  douaniers  de  1\u00e8re  classe,   Mme  Florence  BOYER,\ninspectrice r\u00e9gionale de 1\u00e8re classe,  \u00e0 l'effet de signer les actes relatifs \u00e0 la passation des\n4\nDirection interr\u00e9gionale des douanes et des droits indirects - 30-2025-08-25-00001 - Arr\u00eat\u00e9 Subd\u00e9l\u00e9gation de signature aux agents de\nla DIDDI Occitanie 7\nREPUBLIQUEFRANCAISELibert\u00e9Egalit\u00e9Fraternit\u00e9\nDirection interr\u00e9gionale des douanes\net droits indirects d'Occitanie\nmarch\u00e9s publics de fourniture, de service et de travaux et \u00e0 l'ex\u00e9cution des march\u00e9s publics sur\nles sites de la direction interr\u00e9gionale des douanes en Occitanie.\nArticle 9.-  D\u00e9l\u00e9gation de signature est donn\u00e9e \u00e0  M. Alexis BULIARD, administrateur des\ndouanes,  Mme  Catherine  CHERVI  DRAN,  directrice  principale  des  services  douaniers,\nM. Philippe  PAILHOUS,  directeur  des  services  douaniers  de  1\u00e8re  classe,   Mme  Florence\nBOYER,  inspectrice  r\u00e9gionale  de  1\u00e8re  classe, \u00e0  l'effet de  signer,  dans  la  limite  de  leurs\nattributions  et  comp\u00e9tences,  toute  d\u00e9claration  de  conformit\u00e9  en  mati\u00e8re  d'op\u00e9rations\nd'inventaire et d'une fa\u00e7on plus g\u00e9n\u00e9rale tous les actes se traduisant par la constatation des\ndroits et obligations de l'inventaire des biens se rapportant \u00e0 l'activit\u00e9 financi\u00e8re de la DRFIP du\nRh\u00f4ne.\nArticle 10.-  L'arr\u00eat\u00e9 directorial du 1 er d\u00e9cembre 2024 de Monsieur Christophe LAIN\u00c9 portant\nsubd\u00e9l\u00e9gation de signature aux agents de la direction interr\u00e9gionale  des douanes et droits\nindirects d'Occitanie est abrog\u00e9.\nArticle 11.-  Le directeur interr\u00e9gional des douanes d'Occitanie est charg\u00e9 de l'ex\u00e9cution du\npr\u00e9sent arr\u00eat\u00e9 qui sera notifi\u00e9 au comptable assignataire et aux fonctionnaires int\u00e9ress\u00e9s,\npubli\u00e9 au recueil des actes administratifs de la pr\u00e9fecture de r\u00e9gion et entrera en vigueur le 1 er\nseptembre 2025.\nFait \u00e0 Montpellier, le 25 ao\u00fbt 2025\nPour le pr\u00e9fet de la r\u00e9gion Occitanie et par\nd\u00e9l\u00e9gation, \nLe directeur interr\u00e9gional des douanes\n et droits indirects,\nsign\u00e9\nChristophe LAIN\u00c9\n5\nDirection interr\u00e9gionale des douanes et des droits indirects - 30-2025-08-25-00001 - Arr\u00eat\u00e9 Subd\u00e9l\u00e9gation de signature aux agents de\nla DIDDI Occitanie 8\nPrefecture du Gard\n30-2025-08-27-00006\nArr\u00eat\u00e9 N\u00b030-2025-08-27-00006\nportant interdiction des rassemblements festifs \u00e0\ncaract\u00e8re musical et interdiction de circulation\ndes poids lourds transportant du mat\u00e9riel de\nsons \u00e0 destination d'un rassemblement festif \u00e0\ncaract\u00e8re musical non autoris\u00e9 dans le\nd\u00e9partement du Gard\ndu vendredi 29 ao\u00fbt au lundi 1er septembre\n2025\nPrefecture du Gard - 30-2025-08-27-00006 - Arr\u00eat\u00e9 N\u00b030-2025-08-27-00006\nportant interdiction des rassemblements festifs \u00e0 caract\u00e8re musical et interdiction de circulation des poids lourds transportant du\nmat\u00e9riel de sons \u00e0 destination d'un rassemblement festif \u00e0 caract\u00e8re musical non autoris\u00e9 dans le d\u00e9partement du Gard\ndu vendredi 29 ao\u00fbt au lundi 1er septembre 2025\n9\n\" Direction des s\u00e9curit\u00e9sPREFET | Service d'animation des politiques de s\u00e9curit\u00e9 int\u00e9rieureDU GARDLibert\u00e9\u00c9galit\u00e9Fraternit\u00e9\nArr\u00eat\u00e9 N\u00b030-2025-08-portant interdiction des rassemblements festifs \u00e0 caract\u00e8re musical et interdiction decirculation des poids lourds transportant du mat\u00e9riel de sons \u00e0 destination d'unrassemblement festif \u00e0 caract\u00e8re musical non autoris\u00e9 dans le d\u00e9partement du Garddu vendredi 29 ao\u00fbt au lundi 1\u00b0 septembre 2025\nLe Pr\u00e9fet,Chevalier de la L\u00e9gion d'Honneur,Chevalier de l'Ordre national du M\u00e9rite,Vu le Code de la s\u00e9curit\u00e9 int\u00e9rieure, notamment ses articles L.211-1, L.211-5 et suivants,L.211-15, R.211-2 et suivants et R.211-27 et suivants ;Vu le Code de la route ;Vu \" Code de la voirie routi\u00e8re ;Vu le Code g\u00e9n\u00e9ral de collectivit\u00e9s territoriales, notamment son article L.2215-1 ;Vu le Code p\u00e9nal, notamment son article 431-9 ;Vu le d\u00e9cret n\u00b02004-374 du 29 avril 2004 modifi\u00e9 relatif aux pouvoirs des pr\u00e9fets \u00e0l'organisation et \u00e0 l'action des services de l'\u00c9tat dans les r\u00e9gions et les d\u00e9partements ;Vu le d\u00e9cret du Pr\u00e9sident de la R\u00e9publique du 13 juillet 2023, nommantMonsieur J\u00e9r\u00f4me BONET, pr\u00e9fet du Gard ; |Vu l'arr\u00eat\u00e9 pr\u00e9fectoral n\u00b030-2024-10-18-00007 du 18 octobre 2024 donnant d\u00e9l\u00e9gation designature \u00e0 Monsieur Emile SOUMBO, sous-pr\u00e9fet de l'arrondissement d'Al\u00e8s ;Vu l'arr\u00eat\u00e9 pr\u00e9fectoral n\u00b030-2024-10-18-00008 du 18 octobre 2024 donnant d\u00e9l\u00e9gation designature \u00e0 Madame Anne LEVASSEUR, sous-pr\u00e9f\u00e8te de l'arrondissement du Vigan ; |Vu l'arr\u00eat\u00e9 pr\u00e9fectoral n\u00b030-2024-10-18-00009 du 18 octobre 2024 donnant d\u00e9l\u00e9gation designature \u00e0 Madame Marie-Charlotte EUVRARD, sous-pr\u00e9f\u00e8te, directrice de cabinet dupr\u00e9fet du Gard;Vu l'arr\u00eat\u00e9 pr\u00e9fectoral n\u00b030-2024-10-18-00005 du 18 octobre 2024 donnant d\u00e9l\u00e9gation designature \u00e0 Monsieur Yann GERARD, secr\u00e9taire g\u00e9n\u00e9ral de la pr\u00e9fecture du Gard,sous-pr\u00e9fet de N\u00eemes ;\nPrefecture du Gard - 30-2025-08-27-00006 - Arr\u00eat\u00e9 N\u00b030-2025-08-27-00006\nportant interdiction des rassemblements festifs \u00e0 caract\u00e8re musical et interdiction de circulation des poids lourds transportant du\nmat\u00e9riel de sons \u00e0 destination d'un rassemblement festif \u00e0 caract\u00e8re musical non autoris\u00e9 dans le d\u00e9partement du Gard\ndu vendredi 29 ao\u00fbt au lundi 1er septembre 2025\n10\nVu l'arr\u00eat\u00e9 pr\u00e9fectoral n\u00b030-2024-10-18-00006 du 18 octobre 2024 donnant d\u00e9l\u00e9gation designature \u00e0 Monsieur Mathias NIEPS, sous-pr\u00e9fet, charg\u00e9 de mission aupr\u00e8s du pr\u00e9fet duGard, secr\u00e9taire g\u00e9n\u00e9ral adjoint de la pr\u00e9fecture du Gard;Vu l'arr\u00eat\u00e9 minist\u00e9riel du 16 avril 2021 relatif \u00e0 l'interdiction de circulation des v\u00e9hicules detransports de marchandises \u00e0 certaines p\u00e9riodes ; |Vu l'arr\u00eat\u00e9 pr\u00e9fectoral du 31 ao\u00fbt 2012 relatif \u00e0 l'emploi du feu dans le d\u00e9partement duGard ;Vu l'arr\u00eat\u00e9 pr\u00e9fectoral du 8 janvier 2013 relatif au d\u00e9broussaillement r\u00e9glementaire destin\u00e9\u00e0 diminuer l'intensit\u00e9 des incendies de for\u00eat et \u00e0 en limiter la propagation dans led\u00e9partement du Gard;Consid\u00e9rant que selon les \u00e9l\u00e9ments d'informations disponibles, notamment lesinformations recueillies aupr\u00e8s des services de la Gendarmerie Nationale du Gard et derenseignements, et les annonces sur les r\u00e9seaux sociaux, des rassemblements festifs \u00e0caract\u00e8re musical de type rave-party sont susceptibles de regrouper plusieurs milliers departicipants, sont \u00e0 pr\u00e9voir dans le d\u00e9partement du Gard pendant la p\u00e9riode estivale ;Consid\u00e9rant que plusieurs rassemblements festifs \u00e0 caract\u00e8re musical de type rave-party ;teknival, multi-sons, se sont d\u00e9roul\u00e9s partout sur le territoire national et que, notammentdans le d\u00e9partement du Gard, 4 rassemblements ont \u00e9t\u00e9 recens\u00e9s en 2023 et 1 en 2024;Consid\u00e9rant qu'un rassemblement musical ill\u00e9gal s'est tenu dans le d\u00e9partement du Garddu 19 au 22 avril 2025 r\u00e9unissant 3000 festivaliers, le risque qu'un tel \u00e9v\u00e9nement sereproduise sur le d\u00e9partement du Gard est par cons\u00e9quent av\u00e9r\u00e9 ;Consid\u00e9rant que des effectifs des forces de l'ordre ont \u00e9t\u00e9 pris \u00e0 partie et bless\u00e9s lors de laprise de contact avec les organisateurs du rassemblement ill\u00e9gal du 19 au 22 avril 2025 ;Consid\u00e9rant qu'un rassemblement musical ill\u00e9gal regroupant 10 000 personnes s'est tenudans le d\u00e9partement du Lot du 7 au 11 mai 2025 ;Consid\u00e9rant qu'un rassemblement musical ill\u00e9gal regroupant environ 200 personnes s'esttenu dans le d\u00e9partement de la Loz\u00e8re du 29 mai 2025 occasionnant des heurts avec lesagriculteurs, n\u00e9cessitant l'intervention des forces de l'ordre ;Consid\u00e9rant qu'un rassemblement musical ill\u00e9gal regroupant environ 3000 personnes s'esttenu dans le d\u00e9partement de l'H\u00e9rault du 6 au 9 juin 2025 ;Consid\u00e9rant qu'un rassemblement musical ill\u00e9gal regroupant jusqu'\u00e0 12 000 personness'est tenu dans le d\u00e9partement de la Loz\u00e8re du 12 au 14 juillet 2025 ; qu'il a \u00e9t\u00e9 d\u00e9nombr\u00e953 bless\u00e9s l\u00e9gers, 41 personnes en urgence relative et une en urgence absolue ;Consid\u00e9rant qu'un rassemblement musical ill\u00e9gal regroupant 1200 personnes s'est tenudans le d\u00e9partement de la Dr\u00f4me du 1\u00b0 au 4 ao\u00fbt 2025 dans un parc \u00e9olien, sur une zoneclass\u00e9e \u00ab zone naturelle d'int\u00e9r\u00eat \u00e9cologique, faunistique et floristique \u00bb ;Consid\u00e9rant que sur les dates concern\u00e9es par l'\u00e9v\u00e9nement projet\u00e9, les forces de l'ordre etles services de secours seront particuli\u00e8rement mobilis\u00e9s sur des \u00e9v\u00e9nementsconcomitants, notamment Les soir\u00e9es de l'Urban Parc \u00e0 Al\u00e8s le 29 ao\u00fbt, le Tournoi dejoutes R\u00e9gional Lourd au Grau du Roi le 30 ao\u00fbt, La Pouzilhacoise, le Tour de France dans leGard \u00e0 Pouzilhac le 30 ao\u00fbt, la Comm\u00e9moration assembl\u00e9e au d\u00e9sert 1703 \u00e0 Cannes-et-\nPrefecture du Gard - 30-2025-08-27-00006 - Arr\u00eat\u00e9 N\u00b030-2025-08-27-00006\nportant interdiction des rassemblements festifs \u00e0 caract\u00e8re musical et interdiction de circulation des poids lourds transportant du\nmat\u00e9riel de sons \u00e0 destination d'un rassemblement festif \u00e0 caract\u00e8re musical non autoris\u00e9 dans le d\u00e9partement du Gard\ndu vendredi 29 ao\u00fbt au lundi 1er septembre 2025\n11\nClairan le 30 ao\u00fbt, le Festival En Corps Dehors a Garrigues-Sainte-Eulalie du 28 au 30 ao\u00fbt,le 12\u00b0\" Festival Cin\u00e9 \u00e9t\u00e9 \u00e0 Al\u00e8s du 25 au 30 ao\u00fbt, les 4\" Rencontres musicales de Nimesdu 26 au 30 ao\u00fbt, le Vid'boutik, shopping a Nimes du 29 au 30 ao\u00fbt, le FestivalMonomaniax \u00e0 Monoblet du 29 au 30 ao\u00fbt, les concerts de l'\u00e9t\u00e9 au Centaure \u00e0 V\u00e9z\u00e9nobresjusqu'au 29 ao\u00fbt, les spectacles Son et lumi\u00e8res au Pont du Gard du 28 juin au 31 ao\u00fbt, LesForums des associations ainsi que les f\u00eates traditionnelles sur l'ensemble du d\u00e9partementdu Gard du 29 ao\u00fbt au 1\u00b0 septembre inclus ;Consid\u00e9rant qu'\u00e0 ce jour aucune manifestation de ce type n'a fait l'objet d'une d\u00e9clarationpr\u00e9alable en pr\u00e9fecture du Gard, telle que pr\u00e9vue par l'article L.211-5 et suivants du Codede la s\u00e9curit\u00e9 int\u00e9rieure, et qu'\u00e0 d\u00e9faut d'une telle d\u00e9claration, l'organisation d'unemanifestation non d\u00e9clar\u00e9e est un d\u00e9lit pr\u00e9vu par l'article 431-9 alin\u00e9a 1 du Code p\u00e9nal ;Consid\u00e9rant que l'absence d'un tel formalisme, en plus de pas \u00eatre conforme auxdispositions pr\u00e9cit\u00e9es, ne permet pas de conna\u00eetre le niveau de s\u00e9curit\u00e9 du rassemblementprojet\u00e9, ni les mesures envisag\u00e9es par l'organisateur pour garantir la s\u00e9curit\u00e9, la salubrit\u00e9,l'hygi\u00e8ne et la tranquillit\u00e9 publique des personnes ainsi que le respect du droit depropri\u00e9t\u00e9 pour le ou les terrains occup\u00e9s ;Consid\u00e9rant qu'en l'absence de toute prise de contact pr\u00e9alable des organisateurs avec lesservices pr\u00e9fectoraux ou les collectivit\u00e9s territoriales concern\u00e9es, la missiond'accompagnement des organisateurs du rassemblement projet\u00e9, conduite par les servicesde l'\u00c9tat et pr\u00e9vue par instruction du 16 juillet 2021, n'a pu \u00eatre mise en \u0153uvre ;Consid\u00e9rant les risques de troubles graves \u00e0 l'ordre public, \u00e0 la s\u00fbret\u00e9, \u00e0 la s\u00e9curit\u00e9 et \u00e0 lasalubrit\u00e9 publique que pr\u00e9senterait le d\u00e9roulement d'un rassemblement d\u00e9pourvu d'unservice d'ordre et d'un dispositif sanitaire, et auquel pourraient participer plusieurs milliersde personnes dans un lieu non am\u00e9nag\u00e9 pour recevoir ce type de rassemblement et n'afait l'objet d'aucune organisation pr\u00e9alable coordonn\u00e9e ;Consid\u00e9rant la n\u00e9cessit\u00e9 de pr\u00e9venir les risques de troubles \u00e0 l'ordre public et que lesmoyens appropri\u00e9s de lutte contre l'incendie et de secours aux personnes, ainsi qu'enmati\u00e8re de s\u00e9curit\u00e9 sanitaire et routi\u00e8re ne sont pas r\u00e9unis dans le cadre durassemblement projet\u00e9 ;Consid\u00e9rant que le regroupement de plus de 500 personnes dans des rassemblements nond\u00e9clar\u00e9s repr\u00e9sente un risque grave pour la s\u00e9curit\u00e9 des participants et qu'il y a lieu deprendre toutes les mesures n\u00e9cessaires ;Consid\u00e9rant que dans ces circonstances, de tels rassemblements sont de nature aprovoquer des troubles s\u00e9rieux \u00e0 l'ordre public et \u00e0 la tranquillit\u00e9 publique et qu'il y a lieude prendre toutes les mesures n\u00e9cessaires ;Consid\u00e9rant la posture du plan VIGIPIRATE \u00e0 son stade maximal \u00ab Urgence attentat \u00bb surl'ensemble du territoire applicable depuis le 7 mai 2024, r\u00e9\u00e9valu\u00e9e le 13 juin 2025 en raisonde la nouvelle d\u00e9gradation s\u00e9curitaire au Proche-Orient, laissant craindre une forme depolarisation pouvant engendrer des cons\u00e9quences sur le territoire national, notamment depossibles troubles \u00e0 l'ordre public et actions cibl\u00e9es contre certaines communaut\u00e9s, leursb\u00e2timents et repr\u00e9sentants symboliques ; que par cons\u00e9quent les forces de s\u00e9curit\u00e9 sontfortement mobilis\u00e9es ;\nConsid\u00e9rant que les forces de s\u00e9curit\u00e9 ainsi que les moyens de secours ne pourront faireface en termes de moyens, \u00e0 de telles manifestations susceptibles de s'installer sans\nPrefecture du Gard - 30-2025-08-27-00006 - Arr\u00eat\u00e9 N\u00b030-2025-08-27-00006\nportant interdiction des rassemblements festifs \u00e0 caract\u00e8re musical et interdiction de circulation des poids lourds transportant du\nmat\u00e9riel de sons \u00e0 destination d'un rassemblement festif \u00e0 caract\u00e8re musical non autoris\u00e9 dans le d\u00e9partement du Gard\ndu vendredi 29 ao\u00fbt au lundi 1er septembre 2025\n12\nautorisation pr\u00e9alable en divers points du d\u00e9partement ;Consid\u00e9rant l'urgence a pr\u00e9venir ces atteintes et \u00e0 assurer la s\u00e9curit\u00e9 des personnes et desbiens ;Sur proposition de Madame la directrice de cabinet du pr\u00e9fet de Gard :ARR\u00caTEArticle 1 - La tenue des rassemblements festifs \u00e0 caract\u00e8re musical r\u00e9pondant \u00e0l'ensemble des caract\u00e9ristiques \u00e9nonc\u00e9s \u00e0 l'article R.211-2 du Code de s\u00e9curit\u00e9 int\u00e9rieure,autres que ceux l\u00e9galement d\u00e9clar\u00e9s et_autoris\u00e9s, est interdite sur l'ensemble dud\u00e9partement du Gard du vendredi 29 ao\u00fbt 2025 \u00e0 08h00 au lundi 1\u00b0 septembre 2025 a08h00.Article 2 - La circulation des v\u00e9hicules transportant du mat\u00e9riel susceptible d'\u00eatre utilis\u00e9pour un rassemblement festif non autoris\u00e9 est interdite durant la m\u00eame p\u00e9riode.Article 3 - Toute infraction au pr\u00e9sent arr\u00eat\u00e9 est passible de sanctions pr\u00e9vues par le Codep\u00e9nal et par les dispositions des articles L.211-15, R.211-30 du Code de la s\u00e9curit\u00e9 int\u00e9rieureet peut donner lieu notamment \u00e0 la saisie du mat\u00e9riel en vue de sa confiscation par letribunal.Article 4 - Le pr\u00e9sent arr\u00eat\u00e9 pr\u00e9fectoral entre en vigueur \u00e0 compter de sa publication aurecueil des actes administratifs de la pr\u00e9fecture du Gard.Article 5 - Le pr\u00e9sent arr\u00eat\u00e9 peut faire l'objet d'un recours gracieux aupr\u00e8s de Monsieur lepr\u00e9fet du Gard (Pr\u00e9fecture du Gard 30045 Nimes Cedex 9), d'un recours hi\u00e9rarchiqueadress\u00e9 \u00e0 Monsieur le ministre de l'Int\u00e9rieur - place Beauvau 75008 Paris) ou d'un recourscontentieux devant le tribunal administratif de N\u00eemes, dans un d\u00e9lai de deux mois suivantsa publication. Le tribunal administratif peut aussi \u00eatre saisi par l'application informatique\u00abTelerecours Citoyens\u00bb accessible par le site internet www.telerecours.fr.Article 6 - Madame la directrice de cabinet du pr\u00e9fet du Gard, Madame la sous-pr\u00e9f\u00e8te del'arrondissement du Vigan, Monsieur le sous-pr\u00e9fet de l'arrondissement d'Al\u00e9s, Monsieur lesecr\u00e9taire g\u00e9n\u00e9ral de la pr\u00e9fecture du Gard, Monsieur le secr\u00e9taire g\u00e9n\u00e9ral adjoint de lapr\u00e9fecture du Gard, Monsieur le Colonel, commandant le groupement de gendarmeried\u00e9partementale du Gard, Monsieur le directeur interd\u00e9partemental de la police nationaledu Gard, Monsieur le directeur interd\u00e9partemental de la police nationale du Vaucluse,Monsieur le directeur interd\u00e9partemental de la police nationale des Bouches du Rh\u00f4nesont charg\u00e9s, chacun en ce qui les concerne, de l'ex\u00e9cution du pr\u00e9sent arr\u00eat\u00e9.N\u00eemes, le Le pr\u00e9fet,\nPour le pr\u00e9fet,le SOUS-pr\u00e9fet,Secr\u00e9taire g\u00e9n\u00e9ral adjoint\nPrefecture du Gard - 30-2025-08-27-00006 - Arr\u00eat\u00e9 N\u00b030-2025-08-27-00006\nportant interdiction des rassemblements festifs \u00e0 caract\u00e8re musical et interdiction de circulation des poids lourds transportant du\nmat\u00e9riel de sons \u00e0 destination d'un rassemblement festif \u00e0 caract\u00e8re musical non autoris\u00e9 dans le d\u00e9partement du Gard\ndu vendredi 29 ao\u00fbt au lundi 1er septembre 2025\n13\nPrefecture du Gard\n30-2025-08-28-00002\nArr\u00eat\u00e9 portant mesures temporaires sur la\nnavigation int\u00e9rieure du canal du Rh\u00f4ne \u00e0 S\u00e8te -\nSpectacle Pyrotechnique Saint-Gilles\nPrefecture du Gard - 30-2025-08-28-00002 - Arr\u00eat\u00e9 portant mesures temporaires sur la navigation int\u00e9rieure du canal du Rh\u00f4ne \u00e0 S\u00e8te\n- Spectacle Pyrotechnique Saint-Gilles 14\nExPREFETDU GARDLibert\u00e9Egalit\u00e9Fraternit\u00e9\nCabinet du Pr\u00e9fet\nDirection des S\u00e9curit\u00e9s\nSIDPC\nARR\u00caT\u00c9 n\u00b02025-08-0138 du 26 ao\u00fbt 2025\nportant mesures temporaires sur la navigation int\u00e9rieure du canal du Rh\u00f4ne \u00e0 S\u00e8te \ndans le cadre du spectacle pyrotechnique (marrons d'air)\nau port fluvial de Saint-Gilles\nLe pr\u00e9fet du Gard\nChevalier de la L\u00e9gion d'Honneur,\nChevalier de l'Ordre National du M\u00e9rite\nVu le code des transports, notamment l'article R4241-38 ;\nVu la loi 2012-77 du 24 janvier 2012 relative \u00e0 Voies Navigables de France ;\nVu le d\u00e9cret n\u00b02004-374 du 29 avril 2004 relatif aux pouvoirs des pr\u00e9fets, \u00e0 l'organisation  \net \u00e0 l'action des services de l'\u00c9tat dans les r\u00e9gions et d\u00e9partements ;\nVu  le  d\u00e9cret  2012-1556  du  28  d\u00e9cembre  2012  d\u00e9terminant  la  liste  des  mesures \ntemporaires d'interruption ou de modification des conditions de la navigation pouvant  \n\u00eatre prises par le gestionnaire de la voie d'eau ;\nVu le d\u00e9cret du 13 juillet 2023 nommant M. J\u00e9r\u00f4me BONET, pr\u00e9fet du Gard ;\nVu  le  d\u00e9cret  du  24  avril  2024  nommant  M.  Yann  GERARD,  secr\u00e9taire  g\u00e9n\u00e9ral  de  la \npr\u00e9fecture du Gard, sous-pr\u00e9fet de N\u00eemes ;\nVu l'arr\u00eat\u00e9  inter-pr\u00e9fectoral  portant  r\u00e8glement  particulier  de  police  de  la  navigation \nint\u00e9rieure sur itin\u00e9raire Canal du Rh\u00f4ne \u00e0 S\u00e8te et Petit-Rh\u00f4ne en vigueur ;\nVu  l'arr\u00eat\u00e9  du  28  juin  2013  portant  r\u00e8glement  g\u00e9n\u00e9ral  de  police  de  la  navigation \nint\u00e9rieure ;\nVu l'arr\u00eat\u00e9 n\u00b0 30.2024.10.18.00005 du 18 octobre 2024 donnant d\u00e9l\u00e9gation de signature \u00e0  \nM. Yann GERARD, secr\u00e9taire g\u00e9n\u00e9ral de la pr\u00e9fecture du Gard, sous-pr\u00e9fet de N\u00eemes ;\nVu l'arr\u00eat\u00e9 pr\u00e9fectoral N\u00b0  30-2025-07-28-00002 publi\u00e9 le 28 juillet 2025 et autorisant la  \nGaze  de  Saint-Gilles  organis\u00e9e  par  l'association  des  festivit\u00e9s  pour  Saint-Gilles  le \ndimanche 31 ao\u00fbt 2025 sur le Canal du Rh\u00f4ne \u00e0 S\u00e8te,\nVu l'avis \u00e0 batellerie N\u00b0FR/2025/06165 pr\u00e9par\u00e9 par Voies Navigables de France et annex\u00e9  \nau pr\u00e9sent arr\u00eat\u00e9,\nConsid\u00e9rant la demande en date du 18 juillet 2025  par laquelle  la commune de  Saint-\nGilles sollicite l'autorisation d'organiser des tirs de marron d 'air les 29, 30 et 31 ao\u00fbt 2025  \nen bordure de l'axe secondaire du canal du Rh\u00f4ne \u00e0 S\u00e8te entre les PK 24.230 et 24.680 ;\nConsid\u00e9rant l'avis favorable du 20 ao\u00fbt 2025 de Voies Navigables de France ;\nConsid\u00e9rant la n\u00e9cessit\u00e9 de r\u00e9glementer la navigation et le stationnement des bateaux  \ndans la zone de s\u00e9curit\u00e9 du feu d'artifice entre les PK 24.230 et 24.680 ;\nConsid\u00e9rant la  comp\u00e9tence  du  Pr\u00e9fet pour  prendre  des  mesures  temporaires  sur  la \nnavigation int\u00e9rieure en mati\u00e8re de feux d'artifices,\nARR\u00caTE\nArticle 1 :\nLa navigation de toute embarcation, sauf celles de l'\u00e9v\u00e8nement, des secours et de police,  \nsera arr\u00eat\u00e9e sur l'axe secondaire du canal du Rh\u00f4ne \u00e0 S\u00e8te du point kilom\u00e9trique 24.230  \n(aval de la passerelle pi\u00e9tonne) au point kilom\u00e9trique 24.680 (amont du pont routier de la  \nRD 6572), ceci :\n\u2022 le 29 ao\u00fbt 2025 entre 19h25 et 20h05 puis entre 21h55 et 22h35,\n\u2022 le 30 ao\u00fbt 2025 entre 11h55 et 12h35 puis entre 18h55 et 19h35 ainsi qu'entre  \n21h25 et 22h05\nH\u00f4tel de la Pr\u00e9fecture \u2013 10 avenue Feuch\u00e8res \u2013 30 045 N\u00ceMES CEDEX 9\nT\u00e9l :04 66 36 43 90 \u2013 www.gard.gouv.fr\nPrefecture du Gard - 30-2025-08-28-00002 - Arr\u00eat\u00e9 portant mesures temporaires sur la navigation int\u00e9rieure du canal du Rh\u00f4ne \u00e0 S\u00e8te\n- Spectacle Pyrotechnique Saint-Gilles 15\n\u2022 le 31 ao\u00fbt 2025 entre 12h30 et 12h35 puis entre 19h25 et 20h35.  Des  mesures \ntemporaires sont d\u00e9j\u00e0 prises par arr\u00eat\u00e9 du pr\u00e9fet du Gard dans le cadre de la Gaze de  \nSaint-Gilles entre 08h00 et 12h30.\nEn cas de besoin, sur injonction du capitaine du Port de Saint-Gilles aux usagers, le  \nstationnement  des  bateaux  sera  interdit  du  point  kilom\u00e9trique  24.230  (aval  de  la \npasserelle pi\u00e9tonne) au point kilom\u00e9trique 24.680 (amont du pont routier RD 6572) aux  \nm\u00eames jours et aux m\u00eames horaires.\nPersonne ne devra se trouver \u00e0 bord des bateaux stationnant le front d'accostage face au \npas de tir aux m\u00eames jours et aux m\u00eames horaires.\nArticle 2 :\nCes  mesures  temporaires  d'interruption  de la  navigation  seront  diffus\u00e9es  par  Voies \nNavigables de France aux usagers de la voie d'eau au moyen d'un avis \u00e0 batellerie auquel  \nsera joint le pr\u00e9sent arr\u00eat\u00e9 qui sera publi\u00e9 au RAA.\nArticle 3 :\nPar  mesure  de  s\u00e9curit\u00e9  compl\u00e9mentaire  et  pour  pallier  toute  survenue  incongrue \nd'embarcation,  dans  le  p\u00e9rim\u00e8tre  du  tir,  l'organisation  maintiendra  pendant  toute  la \ndur\u00e9e de la manifestation une veille radio et s'annoncera par VHF (canal 10) \u00e0 toute  \nembarcation approchant \u00e0 tort de la zone de s\u00e9curit\u00e9. L'organisation disposera pour cela  \nd'une vigie amont et aval, chacune dot\u00e9e d'une VHF (canal 10) pour rappel de l'arr\u00eat de  \nnavigation d\u00e8s l'approche de la zone interdite et pr\u00e9venance du prestataire charg\u00e9 du  \nspectacle. Les vigies pourront \u00eatre op\u00e9r\u00e9es depuis la rive ou par moyen(s) nautique(s).\nArticle 4 :\nLa pr\u00e9sente manifestation se d\u00e9roulera sous l'enti\u00e8re responsabilit\u00e9 de l'organisateur de  \nl'\u00e9v\u00e9nement.  Les mesures d\u00e9finies dans les trois premiers articles du pr\u00e9sent arr\u00eat\u00e9 ne  \ns'appliquent pas aux bateaux participant \u00e0 la manifestation, aux bateaux des forces de  \nl'ordre et des secours. L e p\u00e9titionnaire devra se conformer aux instructions donn\u00e9es par  \nVNF.\nArticle 5 : \nM\u00eame en l'absence de prescriptions r\u00e9glementaires sp\u00e9ciales, les conducteurs doivent  \nprendre toutes les mesures de pr\u00e9caution en vue d'\u00e9viter :\n\u2022 de causer des dommages aux rives, aux ouvrages et installations de toute nature se \ntrouvant dans la voie navigable ou \u00e0 ses abords,\n\u2022 de mettre en danger la vie des personnes.\nL'autorisation pr\u00e9fectorale sera suspendue d'office ou annul\u00e9e :\n\u2022 au d\u00e9clenchement des Plus Hautes Eaux Navigables (PHEN),\n\u2022 en cas de force majeure, par simple d\u00e9cision de VNF, du port de Saint-Gilles ou de  \nla pr\u00e9fecture,\n\u2022 par simple d\u00e9cision de l'organisateur qui en pr\u00e9viendra alors imm\u00e9diatement VNF,  \nle port de Saint-Gilles, la pr\u00e9fecture et tous participants potentiels.\nL'autorisation pr\u00e9fectorale de manifestation ne dispense pas l'organisateur, d'obtenir ou  \nd'acquitter \u00e0 ce titre :\n\u2022 l'autorisation d'occuper le domaine public fluvial conc\u00e9d\u00e9 ou non,\n\u2022 d'\u00e9ventuelles  autres  autorisations  administratives  ou  domaniales  pr\u00e8s  des  \npersonnes publiques comp\u00e9tentes,\n\u2022 les \u00e9ventuelles taxes ou redevances dues pr\u00e8s des services comp\u00e9tents.\nPrefecture du Gard - 30-2025-08-28-00002 - Arr\u00eat\u00e9 portant mesures temporaires sur la navigation int\u00e9rieure du canal du Rh\u00f4ne \u00e0 S\u00e8te\n- Spectacle Pyrotechnique Saint-Gilles 16\nArticle 6 :\nLe p\u00e9titionnaire devra prendre toutes les mesures de pr\u00e9caution afin de s'assurer de la  \ns\u00e9curit\u00e9 des personnes et des biens de la mise en place des installations jusqu'\u00e0 la fin du  \nspectacle. Le p\u00e9rim\u00e8tre de s\u00e9curit\u00e9 du feu d'artifice sera scrupuleusement respect\u00e9 par  \nl'organisateur  et  les  navigants.  Un  plan  illustr\u00e9  sera  joint  en  annexe  de  l'arr\u00eat\u00e9 \nd'autorisation.\nArticle 7 :\nLe p\u00e9titionnaire devra se tenir inform\u00e9 des conditions m\u00e9t\u00e9orologiques et hydrauliques  \nen se connectant \u00e0 www.vigicrues.ecologie.gouv.fr et www.inforhone.fr.\nLe p\u00e9titionnaire devra se conformer aux prescriptions diffus\u00e9es par avis \u00e0 la batellerie, en  \nparticulier pour conna\u00eetre les conditions de navigation. Il pourra prendre connaissance  \ndes  avis  \u00e0  la  batellerie  sur  le  site  www.vnf.fr ou  contacter  les  subdivisions  de  Voies \nnavigables de France.\nArticle 8 :\nIl  appartient  au  p\u00e9titionnaire  de  prendre  la  d\u00e9cision  d'annuler,  de  retarder  ou \nd'interrompre le spectacle si les conditions dans lesquelles il se d\u00e9roule ne lui paraissent  \npas pr\u00e9senter toutes les garanties de s\u00e9curit\u00e9 souhaitables et notamment, si certains  \nmoyens pr\u00e9vus pour assurer la s\u00e9curit\u00e9 du public ne sont pas op\u00e9rationnels ou si les  \nconditions m\u00e9t\u00e9orologiques ou hydrauliques sont ou deviennent d\u00e9favorables.\nArticle 9 :\nD\u00e8s la fin de chaque spectacle pyrotechnique, la voie d'eau sera lib\u00e9r\u00e9e de tout obstacle.\nArticle 10 :\nLe pr\u00e9sent arr\u00eat\u00e9 peut faire l'objet d'un recours administratif gracieux aupr\u00e8s du pr\u00e9fet  \ndu  Gard  (pr\u00e9fecture  du  Gard  \u2013  10  avenue  feucheres  -  30 045 N\u00ceMES cedex  9),  d'un \nrecours hi\u00e9rarchique adress\u00e9 \u00e0 Monsieur le ministre de l'Int\u00e9rieur \u2013 place Beauvau 75 800 \nPARIS \u2013 ou d'un recours contentieux devant le tribunal administratif de N\u00eemes, dans un  \nd\u00e9lai de deux mois suivant sa publication. Le tribunal administratif peut \u00eatre saisi par  \nl'application  informatique  \u00ab T\u00e9l\u00e9recours  Citoyens \u00bb  accessible  par  le  site  internet \nwww.telerecours.fr\nArticle 11 :\nMonsieur  le  Secr\u00e9taire  G\u00e9n\u00e9ral  de  la  Pr\u00e9fecture  du  Gard,  Monsieur  le  Maire  de  la \ncommune de Saint-Gilles, Monsieur le commandant du groupement de gendarmerie du  \nGard, Monsieur le Chef de la subdivision Grand Delta de Voies Navigables de France sont \ncharg\u00e9s, chacun en ce qui les concerne, de l'ex\u00e9cution du pr\u00e9sent arr\u00eat\u00e9 qui sera publi\u00e9  \nau recueil des actes administratifs de la Pr\u00e9fecture du Gard et dont une ampliation sera  \nadress\u00e9e \u00e0 chacun.\nFait \u00e0 N\u00eemes, le 28 ao\u00fbt 2025\nPour le pr\u00e9fet,\nle secr\u00e9taire g\u00e9n\u00e9ral\nSign\u00e9\nYann G\u00c9RARD\nPrefecture du Gard - 30-2025-08-28-00002 - Arr\u00eat\u00e9 portant mesures temporaires sur la navigation int\u00e9rieure du canal du Rh\u00f4ne \u00e0 S\u00e8te\n- Spectacle Pyrotechnique Saint-Gilles 17\nAnnexe a l'arr\u00eat\u00e9 d'autorisation de tirs de wntmarrons d'air face au port de St-Gillesde France\nAVIS A LA BATELLERIE N\u00b0 FR/2025/06165Pris en application :D\u00e9cret n\u00b0 2012-1556 du 28 d\u00e9cembre 2012Feux d'artifices (tirs de marrons d'airli\u00e9s \u00e0 des manifestations taurines)spectacles taurinsau Port de Saint-GillesArr\u00eat de navigation (sauf embarcations de l'\u00e9v\u00e8nement, dessecours et de police) ( tous les usagers - dans les deux sens )- le 29/08/2025 de 19:25 \u00e0 20:05o Canal du Rh\u00f4ne \u00e0 S\u00e8te, embranchement de Saint-Gillesentre les pk 24.230 (aval de la passerelle pi\u00e9tonne) et pk 24.680 (amont du pontroutier de la RD 6572)le 29/08/2025 de 21:55 \u00e0 22:35o Canal du Rh\u00f4ne \u00e0 S\u00e8te, embranchement de Saint-Gillesentre les pk 24.230 (aval de la passerelle pi\u00e9tonne) et pk 24.680 (amont du pontroutier de la RD 6572)le 30/08/2025 de 11:55 \u00e0 12:35o Canal du Rh\u00f4ne \u00e0 S\u00e8te, embranchement de Saint-Gillesentre les pk 24.230 (aval de la passerelle pi\u00e9tonne) et pk 24.680 (amont du pontroutier de la RD 6572)le 30/08/2025 de 18:55 \u00e0 19:35o Canal du Rh\u00f4ne \u00e0 S\u00e8te, embranchement de Saint-Gillesentre les pk 24.230 (aval de la passerelle pi\u00e9tonne) et pk 24.680 (amont du pontroutier de la RD 6572)le 30/08/2025 de 21:25 \u00e0 22:05o Canal du Rh\u00f4ne \u00e0 S\u00e8te, embranchement de Saint-Gillesentre les pk 24.230 (aval de la passerelle pi\u00e9tonne) et pk 24.680 (amont du pontroutier de la RD 6572)le 31/08/2025 de 12:30 \u00e0 12:35o Canal du Rh\u00f4ne \u00e0 S\u00e8te, embranchement de Saint-Gillesentre les pk 24.230 (aval de la passerelle pi\u00e9tonne) et pk 24.680 (amont du pontroutier de la RD 6572)le 31/08/2025 de 19:25 \u00e0 20:35o Canal du Rh\u00f4ne \u00e0 S\u00e8te, embranchement de Saint-Gilles1/2\nPrefecture du Gard - 30-2025-08-28-00002 - Arr\u00eat\u00e9 portant mesures temporaires sur la navigation int\u00e9rieure du canal du Rh\u00f4ne \u00e0 S\u00e8te\n- Spectacle Pyrotechnique Saint-Gilles 18\n28 ao\u00fbt 2025\nYann GERARD\n      Pour \nle secr\u00e9taire g\u00e9n\u00e9ral  \nPrefecture du Gard - 30-2025-08-28-00002 - Arr\u00eat\u00e9 portant mesures temporaires sur la navigation int\u00e9rieure du canal du Rh\u00f4ne \u00e0 S\u00e8te\n- Spectacle Pyrotechnique Saint-Gilles 19","date":"2025-08-28","first_seen_on":"2025-08-28T14:11:36+00:00","id":"5a5f37c12991cb4e26f9189c992607f514e7eee19b50c852393ed2cbc095c3a3","name":"recueil-30-2025-151-special du 28 08 2025","pdf_creation_date":"2025-08-28T14:05:39+00:00","pdf_modification_date":null,"timezone":"Europe/Paris","url":"https://www.gard.gouv.fr/contenu/telechargement/65178/479782/file/recueil-30-2025-151-special%20du%2028%2008%202025.pdf"}
