{"administration":"pref72","administration_name":"Pr\u00e9fecture de la Sarthe","content":"SARTHE\nRECUEIL DES ACTES\nADMINISTRATIFS\nN\u00b0142 DU 24 09 2024 \nPUBLI\u00c9 LE 24 SEPTEMBRE 2024\nSommaire\nPr\u00e9fecture de la Sarthe / DCL\n72-2024-09-23-00007 - Arr\u00eat\u00e9 du 23 septembre 2024 portant d\u00e9cision\nde classement en cat\u00e9gorie II de l'Office de Tourisme Maine Saosnois.\n(2 pages) Page 3\n72-2024-09-19-00002 - Arr\u00eat\u00e9 pr\u00e9fectoral portant cr\u00e9ation de la\ncommune nouvelle de Val-de-la-Hune\n\u00e0 compter du 1er janvier 2025 (4\npages) Page 6\n72-2024-09-19-00003 - Arr\u00eat\u00e9 pr\u00e9fectoral portant dissolution du\nsyndicat intercommunal \u00e0 vocation multiple de la Hune \u00e0 compter du\n1er janvier 2025 (2 pages) Page 11\n72-2024-09-19-00004 - Arr\u00eat\u00e9 pr\u00e9fectoral portant dissolution du\nsyndicat intercommunal \u00e0 vocation scolaire de Volnay et\nSaint-Mars-de-Locquenay \u00e0 compter du 1er janvier 2025 (2 pages) Page 14\nPr\u00e9fecture de la Sarthe / DCPPAT\n72-2024-09-23-00002 - Arr\u00eat\u00e9 pr\u00e9fectoral portant habilitation pour la\nr\u00e9alisation des analyses d'impact mentionn\u00e9es au III de l'article L.\n752-6 du code de commerce - AID OBSERVATOIRE (3 pages) Page 17\n72-2024-09-23-00003 - Arr\u00eat\u00e9 pr\u00e9fectoral portant habilitation pour la\nr\u00e9alisation des analyses d'impact mentionn\u00e9es au III de l'article L.\n752-6 du code de commerce - C2J CONSEIL (2 pages) Page 21\n72-2024-09-23-00004 - Arr\u00eat\u00e9 pr\u00e9fectoral portant habilitation pour la\nr\u00e9alisation des analyses d'impact mentionn\u00e9es au III de l'article L.\n752-6 du code de commerce - RMD (2 pages) Page 24\n72-2024-09-23-00005 - Arr\u00eat\u00e9 pr\u00e9fectoral portant habilitation pour la\nr\u00e9alisation des analyses d'impact mentionn\u00e9es au III de l'article L.\n752-6 du code de commerce - SAS RONAN HENAFF CONSULTING (3\npages) Page 27\n72-2024-09-23-00001 - D\u00e9l\u00e9gation de signature DCL (10 pages) Page 31\n2\nPr\u00e9fecture de la Sarthe\n72-2024-09-23-00007\nArr\u00eat\u00e9 du 23 septembre 2024 portant d\u00e9cision\nde classement en cat\u00e9gorie II de l'Office de\nTourisme Maine Saosnois.\nPr\u00e9fecture de la Sarthe - 72-2024-09-23-00007 - Arr\u00eat\u00e9 du 23 septembre 2024 portant d\u00e9cision de classement en cat\u00e9gorie II de\nl'Office de Tourisme Maine Saosnois. 3\nPREFETDE LA SARTHELibert\u00e9[ :gd lit\u00e9Fraternit\u00e9\nBureau de la r\u00e9glementation \ng\u00e9n\u00e9rale et des \u00e9lections\nLE PR\u00c9FET DE LA SARTHE\nChevalier de la L\u00e9gion d'Honneur,\nChevalier de l'Ordre national du M\u00e9rite,\nVu  le Code du tourisme et notamment ses articles L.133-10-1 et D. 133-20 et suivants ;\nVu le d\u00e9cret n\u00b0 2019-174 du 7 mars 2019 modifiant le Code du tourisme  ;\nVU le d\u00e9cret du 15 f\u00e9vrier 2022 nommant Monsieur Emmanuel AUBRY Pr\u00e9fet de la Sarthe  ;\nVu le d\u00e9cret du 10 juillet 2024 portant nomination de Madame Christine TORRES en qualit\u00e9 de\nSecr\u00e9taire G\u00e9n\u00e9rale de la pr\u00e9fecture de la Sarthe, prenant ses fonctions le 9 septembre 2024  ;\nVU l'arr\u00eat\u00e9 du Ministre de l'Economie et des Finances du 16 avril 2019, fixant les crit\u00e8res de\nclassement des offices de tourisme ;\nVU l'arr\u00eat\u00e9  DCPPAT  n\u00b0  2024-0219  du  9  septembre  2024  portant  d\u00e9l\u00e9gation  de  signature  \u00e0\nMadame Christine TORRES, Secr\u00e9taire G\u00e9n\u00e9rale de la pr\u00e9fecture de la Sarthe  ;\nVU l'arr\u00eat\u00e9 pr\u00e9fectoral du 26 juin 2019 portant classement en cat\u00e9gorie II de l'Office de Tourisme\nMaine Saosnois  ;\nVU la d\u00e9lib\u00e9ration du 4 juillet 2024 de la Communaut\u00e9 de Communes Maine Saosnois sollicitant\nle classement en cat\u00e9gorie II de l'Office de Tourisme Maine Saosnois ;\nVU la demande de renouvellement du 21 ao\u00fbt 2024 pr\u00e9sent\u00e9e par Monsieur Fr\u00e9d\u00e9ric BEAUCHEF,\npr\u00e9sident de la Communaut\u00e9 de Communes Maine Saosnois, en vue du classement en cat\u00e9gorie\nII de l'Office de Tourisme Maine Saosnois ; \nConsid\u00e9rant que le dossier est complet au regard des conditions exig\u00e9es pour le classement en\ncat\u00e9gorie II ; \nSur proposition de Madame la Secr\u00e9taire G\u00e9n\u00e9rale de la pr\u00e9fecture de la Sarthe  ;\nPlace Aristide Briand \n72041 LE MANS C\u00e9dex 9\nPr\u00e9fecture : 02 43 39 70 00 - Standard : 02 43 39 72 72\nM\u00e9l : pref-mail@sarthe.gouv.fr 1/2\nArr\u00eat\u00e9 du 23 septembre 2024 portant d\u00e9cision de\nclassement en cat\u00e9gorie II de l'Office de Tourisme\nMaine Saosnois.\nDirection de la citoyennet\u00e9\net de la l\u00e9galit\u00e9\nPr\u00e9fecture de la Sarthe - 72-2024-09-23-00007 - Arr\u00eat\u00e9 du 23 septembre 2024 portant d\u00e9cision de classement en cat\u00e9gorie II de\nl'Office de Tourisme Maine Saosnois. 4\nA R R \u00ca T E\nArticle  1 :  L'Office  de  Tourisme  Maine  Saosnois  (collectivit\u00e9  territoriale  de  rattachement :\nCommunaut\u00e9 de Communes Maine Saosnois),  situ\u00e9  50 place Carnot \u00e0  MAMERS  (72600) , est\nclass\u00e9 office de tourisme de cat\u00e9gorie II pour une dur\u00e9e de 5 ans \u00e0 compter de la date du pr\u00e9sent\narr\u00eat\u00e9. \nL'Office  de  Tourisme  Maine  Saosnois  dispose  d'un  bureau  d'information  sis  1  rue  d'Isly  \u00e0\nBONN\u00c9TABLE (72110).\nArticle 2     : L'office de tourisme devra signaler son classement par l'affichage d'un panonceau\nconforme aux mod\u00e8les fix\u00e9s par arr\u00eat\u00e9 du ministre charg\u00e9 du tourisme.\nArticle 3     :   L'arr\u00eat\u00e9 pr\u00e9fectoral du 26 juin 2019 portant classement en cat\u00e9gorie II de l'Office de\nTourisme Maine Saosnois est abrog\u00e9.\nArticle 4 : La pr\u00e9sente d\u00e9cision est susceptible de recours gracieux aupr\u00e8s du Pr\u00e9fet de la Sarthe\n(place Aristide Briand \u2013 72041 Le Mans cedex 9), de recours hi\u00e9rarchique aupr\u00e8s du ministre de\nl'int\u00e9rieur (Place Beauvau \u2013 75800 Paris cedex 08), ou de recours contentieux devant le Tribunal\nAdministratif de Nantes (6, all\u00e9e de l'Ile Gloriette \u2013 BP24111 \u2013 44041 NANTES C\u00e9dex 01) dans le\nd\u00e9lai de deux mois \u00e0 compter de sa notification. La juridiction administrative comp\u00e9tente peut\naussi  \u00eatre  saisie  via  l'application  \u00ab  T\u00e9l\u00e9recours  citoyens \u00bb  accessible  \u00e0  partir  du  site\nwww.telerecours.fr\nArticle 5 : Madame la Secr\u00e9taire G\u00e9n\u00e9rale de la pr\u00e9fecture est charg\u00e9e de l'ex\u00e9cution du pr\u00e9sent\narr\u00eat\u00e9  qui  sera  notifi\u00e9  \u00e0  Monsieur  Fr\u00e9d\u00e9ric  BEAUCHEF,  pr\u00e9sident  de  la  Communaut\u00e9  de\nCommunes Maine Saosnois, \u00e0 Madame Yvette SOURDILLE, pr\u00e9sidente de l'Office de Tourisme\nMaine Saosnois et dont copie sera adress\u00e9e \u00e0 la Direction G\u00e9n\u00e9rale de la Comp\u00e9titivit\u00e9, de\nl'Industrie et des Services \u2013 Section Tourisme, Commerce, Artisanat et Service - PARIS.\nPour le Pr\u00e9fet et par d\u00e9l\u00e9gation,\nLa Secr\u00e9taire G\u00e9n\u00e9rale,\nsign\u00e9 Christine TORRES\nPlace Aristide Briand \n72041 LE MANS C\u00e9dex 9\nPr\u00e9fecture : 02 43 39 70 00 - Standard : 02 43 39 72 72\nM\u00e9l : pref-mail@sarthe.gouv.fr 2/2\nPr\u00e9fecture de la Sarthe - 72-2024-09-23-00007 - Arr\u00eat\u00e9 du 23 septembre 2024 portant d\u00e9cision de classement en cat\u00e9gorie II de\nl'Office de Tourisme Maine Saosnois. 5\nPr\u00e9fecture de la Sarthe\n72-2024-09-19-00002\nArr\u00eat\u00e9 pr\u00e9fectoral portant cr\u00e9ation de la\ncommune nouvelle de Val-de-la-Hune\n\u00e0 compter du 1er janvier 2025\nPr\u00e9fecture de la Sarthe - 72-2024-09-19-00002 - Arr\u00eat\u00e9 pr\u00e9fectoral portant cr\u00e9ation de la commune nouvelle de Val-de-la-Hune\n\u00e0 compter du 1er janvier 2025 6\nPREFETDE LA SARTHELibert\u00e9Egalit\u00e9Fraternit\u00e9\n \nARR\u00caT\u00c9 PR\u00c9FECTORAL\nportant cr\u00e9ation de la commune nouvelle de Val-de-la-Hune\n\u00e0 compter du 1er janvier 2025\nLE PR\u00c9FET DE LA SARTHE\nChevalier de la L\u00e9gion d'Honneur\nOfficier de l'Ordre National du M\u00e9rite\nVu le code g\u00e9n\u00e9ral des collectivit\u00e9s territoriales et notamment ses articles L.  2113-1 \u00e0 L.  2113-22 et\nR. 2113-1 \u00e0 R. 2113-23 ;\nVu la loi n\u00b0  2010-1563 du 16 d\u00e9cembre 2010 modifi\u00e9e de r\u00e9forme des collectivit\u00e9s territoriales et\nnotamment son article 21 ;\nVu la loi n\u00b0  2015-292 du 16 mars 2015 relative \u00e0 l'am\u00e9lioration du r\u00e9gime de la commune nouvelle,\npour des communes fortes et vivantes ;\nVu la  loi  n\u00b0  2016-1500  du  8  novembre  2016  tendant  \u00e0  permettre  le  maintien  des  communes\nassoci\u00e9es, sous forme de communes d\u00e9l\u00e9gu\u00e9es, en cas de cr\u00e9ation d'une commune nouvelle ;\nVu la loi n\u00b0  2019-809 du 1er ao\u00fbt 2019 visant \u00e0 adapter l'organisation des communes nouvelles \u00e0 la\ndiversit\u00e9 des territoires ;\nVu le d\u00e9cret n\u00b0 2012-124 du 30 janvier 2012 relatif \u00e0 la mise en \u0153uvre de diverses dispositions de la\nloi n\u00b0 2010-1563 ;\nVu le d\u00e9cret du 15 f\u00e9vrier 2022 nommant Monsieur Emmanuel AUBRY, Pr\u00e9fet de la Sarthe ;\nVu les d\u00e9lib\u00e9rations concordantes des conseils municipaux des communes de :\n\uf0b7 Volnay en date du 26 juin 2024 ;\n\uf0b7 Saint-Mars-de-Locquenay en date du 26 juin 2024 ;\nConsid\u00e9rant que la demande de cr\u00e9ation de la commune nouvelle a fait l'objet de d\u00e9lib\u00e9rations\nconcordantes des conseils municipaux de toutes les communes concern\u00e9es et que par cons\u00e9quent\nles conditions fix\u00e9es par le 1\u00b0 de l'article L.  2113-2 du code g\u00e9n\u00e9ral des collectivit\u00e9s territoriales pour\nla cr\u00e9ation de la commune nouvelle sont r\u00e9unies ;\nConsid\u00e9rant que  les  communes  de  Volnay  et  de  Saint-Mars-de-Locquenay  sont  contigu\u00ebs  et\nappartiennent \u00e0 la communaut\u00e9 de communes Le Gesnois Bilurien ;\nConsid\u00e9rant que les conseils municipaux des communes de Volnay et de Saint-Mars-de-Locquenay\nn'ont  pas  exclu,  dans  leurs  d\u00e9lib\u00e9rations  concordantes  susvis\u00e9es,  la  cr\u00e9ation  de  communes\nPlace Aristide Briand \n72041 LE MANS C\u00e9dex 9\nPr\u00e9fecture : 02 85 32 72 72\nM\u00e9l : pref-mail@sarthe.gouv.fr 1 / 4\n       Direction de la citoyennet\u00e9 et de la l\u00e9galit\u00e9 \nBureau du contr\u00f4le de l\u00e9galit\u00e9\nPr\u00e9fecture de la Sarthe - 72-2024-09-19-00002 - Arr\u00eat\u00e9 pr\u00e9fectoral portant cr\u00e9ation de la commune nouvelle de Val-de-la-Hune\n\u00e0 compter du 1er janvier 2025 7\nd\u00e9l\u00e9gu\u00e9es reprenant le nom et les limites territoriales de l'ensemble des anciennes communes dont\nla commune nouvelle est issue ;\nSur proposition de la secr\u00e9taire g\u00e9n\u00e9rale de la pr\u00e9fecture de la Sarthe ;\nARR\u00caTE\nArticle  1  er     :   Est  cr\u00e9\u00e9e,  \u00e0  compter  du  1er janvier  2025,  une  commune  nouvelle  constitu\u00e9e  des\ncommunes de Volnay et de Saint-Mars-de-Locquenay, qui a pour nom \u00ab Val-de-la-Hune \u00bb.\nArticle 2     :   Le si\u00e8ge de la commune nouvelle est fix\u00e9 dans l'ancienne commune de Volnay, sis 1, ruelle\nde la Barre \u2013 Volnay \u2013 72220 VAL-DE-LA-HUNE.\nArticle 3     :   Les chiffres de la population de la commune nouvelle s'\u00e9tablissent \u00e0 1  556 habitants pour\nla population totale et \u00e0 1  524 habitants pour la population municipale (chiffres en vigueur au\n1er janvier 2024 \u2013 source INSEE).\nArticle  4     :   \u00c0  compter  de  sa  cr\u00e9ation  et  jusqu'au  prochain  renouvellement  g\u00e9n\u00e9ral  des  conseils\nmunicipaux,  le  conseil  municipal  de  la  commune  nouvelle  de Val-de-la-Hune  est  compos\u00e9  de\nl'ensemble des membres en exercice des conseils municipaux des anciennes communes de Volnay\net de Saint-Mars-de-Locquenay , conform\u00e9ment aux dispositions du 1\u00b0 de l'article L.  2113-7 du code\ng\u00e9n\u00e9ral des collectivit\u00e9s territoriales.\nLe conseil municipal  de la commune nouvelle comptera donc  jusqu'au prochain renouvellement\ng\u00e9n\u00e9ral des conseils municipaux 27 conseillers municipaux dont :\n\uf0b7 14 seront issus du conseil municipal de la commune de Volnay ;\n\uf0b7 13 seront issus du conseil municipal de la commune de Saint-Mars-de-Locquenay.\nLors de sa premi\u00e8re s\u00e9ance, le conseil municipal de la commune nouvelle \u00e9lit le maire et les adjoints.\nArticle 5     :   Des communes d\u00e9l\u00e9gu\u00e9es reprenant le nom et les limites territoriales des deux anciennes\ncommunes dont la commune nouvelle est issue, sont institu\u00e9es au sein de celle-ci :\n\uf0b7 Volnay ;\n\uf0b7 Saint-Mars-de-Locquenay.\nLa cr\u00e9ation de communes d\u00e9l\u00e9gu\u00e9es entra\u00eene de plein droit pour chacune d'elles, l'institution d'un\nmaire d\u00e9l\u00e9gu\u00e9 et la cr\u00e9ation d'une annexe de la mairie dans laquelle sont \u00e9tablis les actes de l'\u00e9tat\ncivil relatifs aux \u00e9v\u00e9nements survenus dans les limites territoriales de la commune d\u00e9l\u00e9gu\u00e9e. Les\npactes civils de solidarit\u00e9 des partenaires ayant fix\u00e9 leur r\u00e9sidence commune dans la commune\nd\u00e9l\u00e9gu\u00e9e y sont \u00e9galement enregistr\u00e9s.\nArticle 6     :   Les communes de Volnay et de Saint-Mars-de-Locquenay  appartiennent toutes deux \u00e0 la\ncommunaut\u00e9 de communes Le Gesnois Bilurien. La cr\u00e9ation de la commune nouvelle de Val-de-la-\nHune entra\u00eene sa substitution aux communes de Volnay et de Saint-Mars-de-Locquenay  au sein de\nl'\u00e9tablissement public de coop\u00e9ration intercommunale \u00e0 fiscalit\u00e9 propre dont \u00e9taient membres les\ncommunes int\u00e9ress\u00e9es.\nLa commune nouvelle disposera de 3 si\u00e8ges au sein du conseil communautaire de la communaut\u00e9 de\ncommunes Le Gesnois Bilurien.\nLa commune nouvelle est substitu\u00e9e aux communes dont elle est issue dans les syndicats dont\ncelles-ci \u00e9taient membres :\n\uf0b7 SMAEP de la r\u00e9gion de Bouloire ;\n\uf0b7 SIAEP du Jalais ;\n\uf0b7 Syndicat intercommunal pour l'assainissement de Surfonds et Volnay.\n2 / 4\nPr\u00e9fecture de la Sarthe - 72-2024-09-19-00002 - Arr\u00eat\u00e9 pr\u00e9fectoral portant cr\u00e9ation de la commune nouvelle de Val-de-la-Hune\n\u00e0 compter du 1er janvier 2025 8\nNi  les  attributions,  ni  le  p\u00e9rim\u00e8tre  dans  lesquels  ces  \u00e9tablissements  publics  de  coop\u00e9ration\nintercommunale exercent leurs comp\u00e9tences ne sont modifi\u00e9s.\nArticle 7     :   La commune nouvelle a seule la qualit\u00e9 de collectivit\u00e9 territoriale.\nLes biens, droits et obligations des communes dont est issue la commune nouvelle sont transf\u00e9r\u00e9s \u00e0\ncette derni\u00e8re.\nLa cr\u00e9ation de la commune nouvelle entra\u00eene sa substitution dans toutes les d\u00e9lib\u00e9rations et dans\ntous les actes pris par les communes qui la composent.\nLes  contrats  sont  ex\u00e9cut\u00e9s  dans  les  conditions  ant\u00e9rieures  jusqu'\u00e0  leur  \u00e9ch\u00e9ance,  sauf  accord\ncontraire des parties. Les cocontractants sont inform\u00e9s de la substitution de personne morale par la\ncommune nouvelle.\nL'int\u00e9gralit\u00e9 du passif et de l'actif de chaque commune fusionn\u00e9e est transf\u00e9r\u00e9e \u00e0 la commune\nnouvelle de Val-de-la-Hune.\nLa commune nouvelle reprendra les r\u00e9sultats de fonctionnement et les r\u00e9sultats d'investissement\ndes  budgets  principaux  et  budgets  annexes  des  communes  ayant  fusionn\u00e9,  ces  r\u00e9sultats  \u00e9tant\nconstat\u00e9s pour chacune d'entre elle au 1 er janvier 2025, conform\u00e9ment au tableau de consolidation\ndes comptes \u00e9tabli par le comptable public.\nArticle 8     :   L'ensemble des personnels des communes dont est issue la commune nouvelle est r\u00e9put\u00e9\nrelever de cette derni\u00e8re dans les conditions de statut et d'emploi qui sont les siennes. L'article\nL. 5111-7 du code g\u00e9n\u00e9ral des collectivit\u00e9s territoriales est applicable.\nArticle  9     :   Afin  d'assurer  la  continuit\u00e9  des  services  et  l'exercice  des  comp\u00e9tences,  les  budgets\nannexes suivants sont cr\u00e9\u00e9s au 1er janvier 2025, en sus du budget principal de la commune nouvelle :\n\uf0b7 budget annexe assainissement.\nArticle 10     :   Les effets fiscaux du pr\u00e9sent arr\u00eat\u00e9 seront effectifs au 1er janvier 2025.\nArticle 11     :   Le comptable assignataire  de la commune nouvelle de Val-de-la-Hune est le comptable\ndu service de gestion comptable (SGC) de La Fert\u00e9-Bernard.\nArticle 12     :   La commune nouvelle proc\u00e9dera, par d\u00e9lib\u00e9ration du conseil municipal, \u00e0 la cr\u00e9ation du\ncentre communal d'action sociale.\nArticle 13     :   Le conseil municipal de la commune nouvelle peut instituer une conf\u00e9rence du maire et\ndes maires d\u00e9l\u00e9gu\u00e9s, pr\u00e9sid\u00e9e par le maire et comprenant les maires d\u00e9l\u00e9gu\u00e9s, au sein de laquelle\npeut  \u00eatre  d\u00e9battue  toute  question  de  coordination  de  l'action  publique  sur  le  territoire  de  la\ncommune nouvelle.\nLa conf\u00e9rence du maire et des maires d\u00e9l\u00e9gu\u00e9s se r\u00e9unit au moins une fois par an, sur convocation\nde son pr\u00e9sident ou \u00e0 la demande de l'ensemble des maires d\u00e9l\u00e9gu\u00e9s qui la composent sur un ordre\ndu jour d\u00e9termin\u00e9.\nArticle 14     :   Des arr\u00eat\u00e9s ult\u00e9rieurs d\u00e9termineront, en tant que de besoin, les dispositions rendues\nn\u00e9cessaires par la cr\u00e9ation de la commune nouvelle.\nArticle 15     :   Dans le d\u00e9lai de deux mois \u00e0 compter de sa publication, le pr\u00e9sent arr\u00eat\u00e9 peut faire\nl'objet  d'un  recours  contentieux,  adress\u00e9  au  tribunal  administratif  de  Nantes  \u2013  6, all\u00e9e  de  l'Ile-\nGloriette  \u2013  CS  24111  \u2013  44041  NANTES  Cedex.  Le  tribunal  administratif  peut  \u00eatre  saisi  par\nl'application T\u00e9l\u00e9recours citoyens, accessible par le site www.telerecours.fr \nArticle 16     :   La secr\u00e9taire g\u00e9n\u00e9rale de la pr\u00e9fecture de la Sarthe, le sous-pr\u00e9fet de Mamers, les maires\ndes communes concern\u00e9es et le directeur d\u00e9partemental des finances publiques de la Sarthe sont\ncharg\u00e9s, chacun en ce qui le concerne, de l'ex\u00e9cution du pr\u00e9sent arr\u00eat\u00e9 qui sera publi\u00e9 au recueil\n3 / 4\nPr\u00e9fecture de la Sarthe - 72-2024-09-19-00002 - Arr\u00eat\u00e9 pr\u00e9fectoral portant cr\u00e9ation de la commune nouvelle de Val-de-la-Hune\n\u00e0 compter du 1er janvier 2025 9\ndes actes administratifs de la pr\u00e9fecture de la Sarthe et fera l'objet d'une mention au Journal officiel\nde la R\u00e9publique fran\u00e7aise.\nLe Mans, le 19 septembre 2024\nLe Pr\u00e9fet\nSign\u00e9\nEmmanuel AUBRY\n4 / 4\nPr\u00e9fecture de la Sarthe - 72-2024-09-19-00002 - Arr\u00eat\u00e9 pr\u00e9fectoral portant cr\u00e9ation de la commune nouvelle de Val-de-la-Hune\n\u00e0 compter du 1er janvier 2025 10\nPr\u00e9fecture de la Sarthe\n72-2024-09-19-00003\nArr\u00eat\u00e9 pr\u00e9fectoral portant dissolution du\nsyndicat intercommunal \u00e0 vocation multiple de\nla Hune \u00e0 compter du 1er janvier 2025\nPr\u00e9fecture de la Sarthe - 72-2024-09-19-00003 - Arr\u00eat\u00e9 pr\u00e9fectoral portant dissolution du syndicat intercommunal \u00e0 vocation multiple\nde la Hune \u00e0 compter du 1er janvier 2025 11\nPREFETDE LA SARTHELibert\u00e9Egalit\u00e9Fraternit\u00e9\n \nARR\u00caT\u00c9 PR\u00c9FECTORAL\nportant dissolution du syndicat intercommunal \u00e0 vocation multiple de la Hune\n\u00e0 compter du 1er janvier 2025\nLE PR\u00c9FET DE LA SARTHE\nChevalier de la L\u00e9gion d'Honneur\nOfficier de l'Ordre National du M\u00e9rite\nVu le code g\u00e9n\u00e9ral des collectivit\u00e9s territoriales, notamment l'article L. 5212-33 ;\nVu le d\u00e9cret du 15 f\u00e9vrier 2022 nommant Monsieur Emmanuel AUBRY, Pr\u00e9fet de la Sarthe ;\nVu l'arr\u00eat\u00e9 pr\u00e9fectoral du 24 mars 1975 autorisant la cr\u00e9ation du SIVOM de la Hune ;\nVu l'arr\u00eat\u00e9 pr\u00e9fectoral du 8 juin 1993 portant modification des statuts du SIVOM de la Hune ;\nVu l'arr\u00eat\u00e9 pr\u00e9fectoral du 19 septembre 2024 portant cr\u00e9ation de la commune nouvelle de Val-de-la-\nHune \u00e0 compter du 1er janvier 2025 ;\nConsid\u00e9rant qu'\u00e0 la cr\u00e9ation de la commune nouvelle de Val-de-la-Hune au 1 er janvier 2025, le\nsyndicat intercommunal \u00e0 vocation multiple (SIVOM) de la Hune ne comptera plus qu'une seule\ncommune membre ; \nConsid\u00e9rant  qu'en  application  des  dispositions  de  l'article  L.  5212-33  du  code  g\u00e9n\u00e9ral  des\ncollectivit\u00e9s territoriales, le SIVOM de la Hune sera dissous de plein droit \u00e0 compter de cette date ;\nSur proposition de la secr\u00e9taire g\u00e9n\u00e9rale de la pr\u00e9fecture de la Sarthe ;\nARR\u00caTE\nArticle 1  er     :   Le SIVOM de la Hune est dissous de plein droit \u00e0 compter du 1er janvier 2025.\nArticle 2     :   L'ensemble des biens, droits et obligations du syndicat dissous est transf\u00e9r\u00e9 \u00e0 la commune\nnouvelle de Val-de-la-Hune \u00e0 compter du 1 er janvier 2025. La commune nouvelle est substitu\u00e9e de\nplein droit, pour l'exercice de ses comp\u00e9tences, au syndicat dissous dans toutes ses d\u00e9lib\u00e9rations et\ntous ses actes.\nArticle 3     :   L'int\u00e9gralit\u00e9 de l'actif et du passif du  SIVOM de la Hune  est transf\u00e9r\u00e9e \u00e0 la commune\nnouvelle de Val-de-la-Hune \u00e0 compter du 1er janvier 2025.\nPlace Aristide Briand \n72041 LE MANS C\u00e9dex 9\nPr\u00e9fecture : 02 85 32 72 72\nM\u00e9l : pref-mail@sarthe.gouv.fr 1 / 2\n       Direction de la citoyennet\u00e9 et de la l\u00e9galit\u00e9 \nBureau du contr\u00f4le de l\u00e9galit\u00e9\nPr\u00e9fecture de la Sarthe - 72-2024-09-19-00003 - Arr\u00eat\u00e9 pr\u00e9fectoral portant dissolution du syndicat intercommunal \u00e0 vocation multiple\nde la Hune \u00e0 compter du 1er janvier 2025 12\nArticle 4     :   Les r\u00e9sultats de fonctionnement et les r\u00e9sultats d'investissement du  SIVOM de la Hune\nsont repris par la commune nouvelle de Val-de-la-Hune conform\u00e9ment au tableau de consolidation\ndes comptes \u00e9tabli par le comptable public \u00e0 la date du 1er janvier 2025.\nArticle 5     :   Les contrats sont ex\u00e9cut\u00e9s dans les conditions ant\u00e9rieures jusqu'\u00e0 leur \u00e9ch\u00e9ance, sauf\naccord  contraire  des  parties.  Les  cocontractants  sont  inform\u00e9s  de  la  substitution  de  personne\nmorale  par  la  commune  nouvelle  de  Val-de-la-Hune.  La  substitution  n'entra\u00eene  aucun  droit  \u00e0\nr\u00e9siliation ou \u00e0 indemnisation pour le cocontractant.\nArticle 6     :   L'ensemble des personnels du syndicat dissous est r\u00e9put\u00e9 relever de la commune nouvelle\nde Val-de-la-Hune dans les conditions de statut et d'emploi qui sont les siennes.\nArticle 7     :   Dans le d\u00e9lai de deux mois \u00e0 compter de sa publication, le pr\u00e9sent arr\u00eat\u00e9 peut faire l'objet\nd'un recours contentieux, adress\u00e9 au tribunal administratif de Nantes \u2013 6, all\u00e9e de l'Ile-Gloriette \u2013 CS\n24111 \u2013 44041 NANTES Cedex. Le tribunal administratif peut \u00eatre saisi par l'application T\u00e9l\u00e9recours\ncitoyens, accessible par le site www.telerecours.fr \nArticle 8     :   La secr\u00e9taire g\u00e9n\u00e9rale de la pr\u00e9fecture de la Sarthe, le sous-pr\u00e9fet de Mamers, le pr\u00e9sident\ndu  SIVOM de la Hune , les maires des communes de Volnay et de Saint-Mars-de-Locquenay et le\ndirecteur d\u00e9partemental des finances publiques de la Sarthe sont charg\u00e9s, chacun en ce qui le\nconcerne, de l'ex\u00e9cution du pr\u00e9sent arr\u00eat\u00e9 qui sera publi\u00e9 au recueil des actes administratifs de la\npr\u00e9fecture de la Sarthe.\nLe Mans, le 19 septembre 2024\nLe Pr\u00e9fet\nSign\u00e9\nEmmanuel AUBRY\n2 / 2\nPr\u00e9fecture de la Sarthe - 72-2024-09-19-00003 - Arr\u00eat\u00e9 pr\u00e9fectoral portant dissolution du syndicat intercommunal \u00e0 vocation multiple\nde la Hune \u00e0 compter du 1er janvier 2025 13\nPr\u00e9fecture de la Sarthe\n72-2024-09-19-00004\nArr\u00eat\u00e9 pr\u00e9fectoral portant dissolution du\nsyndicat intercommunal \u00e0 vocation scolaire de\nVolnay et Saint-Mars-de-Locquenay \u00e0 compter\ndu 1er janvier 2025\nPr\u00e9fecture de la Sarthe - 72-2024-09-19-00004 - Arr\u00eat\u00e9 pr\u00e9fectoral portant dissolution du syndicat intercommunal \u00e0 vocation scolaire\nde Volnay et Saint-Mars-de-Locquenay \u00e0 compter du 1er janvier 2025 14\nPREFETDE LA SARTHELibert\u00e9Egalit\u00e9Fraternit\u00e9\n \nARR\u00caT\u00c9 PR\u00c9FECTORAL\nportant dissolution du syndicat intercommunal \u00e0 vocation scolaire de Volnay et Saint-Mars-\nde-Locquenay \u00e0 compter du 1er janvier 2025\nLE PR\u00c9FET DE LA SARTHE\nChevalier de la L\u00e9gion d'Honneur\nOfficier de l'Ordre National du M\u00e9rite\nVu le code g\u00e9n\u00e9ral des collectivit\u00e9s territoriales, notamment l'article L. 5212-33 ;\nVu le d\u00e9cret du 15 f\u00e9vrier 2022 nommant Monsieur Emmanuel AUBRY, Pr\u00e9fet de la Sarthe ;\nVu l'arr\u00eat\u00e9 pr\u00e9fectoral du 13 juillet 1990 portant cr\u00e9ation du SIVOS de Volnay et Saint-Mars-de-\nLocquenay ;\nVu l'arr\u00eat\u00e9 pr\u00e9fectoral du 19 septembre 2024 portant cr\u00e9ation de la commune nouvelle de Val-de-la-\nHune \u00e0 compter du 1er janvier 2025 ;\nConsid\u00e9rant qu'\u00e0 la cr\u00e9ation de la commune nouvelle de Val-de-la-Hune au 1 er janvier 2025, le SIVOS\nde Volnay et Saint-Mars-de-Locquenay ne comptera plus qu'une seule commune membre ; \nConsid\u00e9rant  qu'en  application  des  dispositions  de  l'article  L. 5212-33  du  code  g\u00e9n\u00e9ral  des\ncollectivit\u00e9s territoriales, le SIVOS de Volnay et Saint-Mars-de-Locquenay sera dissous de plein droit\n\u00e0 compter de cette date ;\nSur proposition de la secr\u00e9taire g\u00e9n\u00e9rale de la pr\u00e9fecture de la Sarthe ;\nARR\u00caTE\nArticle 1  er     :   Le SIVOS de Volnay et Saint-Mars-de-Locquenay est dissous de plein droit \u00e0 compter du\n1er janvier 2025.\nArticle 2     :   L'ensemble des biens, droits et obligations du syndicat dissous est transf\u00e9r\u00e9 \u00e0 la commune\nnouvelle de Val-de-la-Hune \u00e0 compter du 1 er janvier 2025. La commune nouvelle est substitu\u00e9e de\nplein droit, pour l'exercice de ses comp\u00e9tences, au syndicat dissous dans toutes ses d\u00e9lib\u00e9rations et\ntous ses actes.\nArticle 3     :   L'int\u00e9gralit\u00e9 de l'actif et du passif  du SIVOS de Volnay et Saint-Mars-de-Locquenay  est\ntransf\u00e9r\u00e9e \u00e0 la commune nouvelle de Val-de-la-Hune \u00e0 compter du 1er janvier 2025.\nPlace Aristide Briand \n72041 LE MANS C\u00e9dex 9\nPr\u00e9fecture : 02 85 32 72 72\nM\u00e9l : pref-mail@sarthe.gouv.fr 1 / 2\n       Direction de la citoyennet\u00e9 et de la l\u00e9galit\u00e9 \nBureau du contr\u00f4le de l\u00e9galit\u00e9\nPr\u00e9fecture de la Sarthe - 72-2024-09-19-00004 - Arr\u00eat\u00e9 pr\u00e9fectoral portant dissolution du syndicat intercommunal \u00e0 vocation scolaire\nde Volnay et Saint-Mars-de-Locquenay \u00e0 compter du 1er janvier 2025 15\nArticle 4     :   Les r\u00e9sultats de fonctionnement et les r\u00e9sultats d'investissement du SIVOS de Volnay et\nSaint-Mars-de-Locquenay sont repris par la commune nouvelle de Val-de-la-Hune conform\u00e9ment au\ntableau de consolidation des comptes \u00e9tabli par le comptable public \u00e0 la date du 1er janvier 2025.\nArticle 5     :   Les contrats sont ex\u00e9cut\u00e9s dans les conditions ant\u00e9rieures jusqu'\u00e0 leur \u00e9ch\u00e9ance, sauf\naccord  contraire  des  parties.  Les  cocontractants  sont  inform\u00e9s  de  la  substitution  de  personne\nmorale  par  la  commune  nouvelle  de  Val-de-la-Hune.  La  substitution  n'entra\u00eene  aucun  droit  \u00e0\nr\u00e9siliation ou \u00e0 indemnisation pour le cocontractant.\nArticle 6     :   L'ensemble des personnels du syndicat dissous est r\u00e9put\u00e9 relever de la commune nouvelle\nde Val-de-la-Hune dans les conditions de statut et d'emploi qui sont les siennes.\nArticle 7     :   Dans le d\u00e9lai de deux mois \u00e0 compter de sa publication, le pr\u00e9sent arr\u00eat\u00e9 peut faire l'objet\nd'un recours contentieux, adress\u00e9 au tribunal administratif de Nantes \u2013 6, all\u00e9e de l'Ile-Gloriette \u2013 CS\n24111 \u2013 44041 NANTES Cedex. Le tribunal administratif peut \u00eatre saisi par l'application T\u00e9l\u00e9recours\ncitoyens, accessible par le site www.telerecours.fr \nArticle 8     :   La secr\u00e9taire g\u00e9n\u00e9rale de la pr\u00e9fecture de la Sarthe, le sous-pr\u00e9fet de Mamers, le pr\u00e9sident\ndu SIVOS de Volnay et Saint-Mars-de-Locquenay , les maires des communes de Volnay et de Saint-\nMars-de-Locquenay et le directeur d\u00e9partemental des finances publiques de la Sarthe sont charg\u00e9s,\nchacun en ce qui le concerne, de l'ex\u00e9cution du pr\u00e9sent arr\u00eat\u00e9 qui sera publi\u00e9 au recueil des actes\nadministratifs de la pr\u00e9fecture de la Sarthe.\nLe Mans, le 19 septembre 2024\nLe Pr\u00e9fet\nSign\u00e9\nEmmanuel AUBRY\n2 / 2\nPr\u00e9fecture de la Sarthe - 72-2024-09-19-00004 - Arr\u00eat\u00e9 pr\u00e9fectoral portant dissolution du syndicat intercommunal \u00e0 vocation scolaire\nde Volnay et Saint-Mars-de-Locquenay \u00e0 compter du 1er janvier 2025 16\nPr\u00e9fecture de la Sarthe\n72-2024-09-23-00002\nArr\u00eat\u00e9 pr\u00e9fectoral portant habilitation pour la\nr\u00e9alisation des analyses d'impact mentionn\u00e9es\nau III de l'article L. 752-6 du code de commerce -\nAID OBSERVATOIRE\nPr\u00e9fecture de la Sarthe - 72-2024-09-23-00002 - Arr\u00eat\u00e9 pr\u00e9fectoral portant habilitation pour la r\u00e9alisation des analyses d'impact\nmentionn\u00e9es au III de l'article L. 752-6 du code de commerce - AID OBSERVATOIRE 17\nEnPREFETDE LA SARTHELibert\u00e9Egalit\u00e9Fraternit\u00e9\n \n 1\n  Direction de la Coordination des  \nPolitiques Publiques et de  \nl'Appui Territorial \n \n \n \nBureau de l'\u00e9conomie et de la \n \nCoordination Interminist\u00e9rielle  \n \nSecr\u00e9tariat de la CDAC      Le Mans, le 23 SEPTEMBR E 2024  \n \n \nArr\u00eat\u00e9 pr\u00e9fectoral n\u00b0DCPPAT 2024-0226 \n \nPortant habilitation pour la r\u00e9alisation des analyses d'impact \nmentionn\u00e9es au III de l'article L. 752-6 du code de commerce \n \n \nLe Pr\u00e9fet de la Sarthe \nOfficier de la L\u00e9gion d'Honneur \nChevalier de l'Ordre National du M\u00e9rite \n \nVU le code de commerce, et notamment ses articles L. 752-6, R. 752-6-1 et suivants et A. 752-1 ; \n \nVU la loi n\u00b02018-1021 du 23 novembre 2018 portant \u00e9volution du logement, de l'am\u00e9nagement \net du num\u00e9rique  ; \n \nVU  le d\u00e9cret n\u00b02019-331 du 17 avril 2019 relatif \u00e0 la composition et au fonctionnement des \ncommissions d\u00e9partementales d'am\u00e9nagement commercial et aux demandes d'autorisation \nd'exploitation commerciale  ; \n \nVU  l'arr\u00eat\u00e9 du ministre de l'\u00e9conomie et des finances du 19 juin 2019 fixant le contenu du \nformulaire de demande d'habilitation pour r\u00e9aliser l'analyse d'impact mentionn\u00e9e au III de \nl'article L. 752-6 du code de commerce  ; \nVU  le d\u00e9cret du 15 f\u00e9vrier 2022 nommant M. Emmanuel AUBRY, pr\u00e9fet de la Sarthe, prenant ses \nfonctions le 6 mars 2022 ; \n \nVU l'arr\u00eat\u00e9 pr\u00e9fectoral DCPPAT n\u00b02024-0219 du 09 septembre 2024 portant d\u00e9l\u00e9gation de \nsignature \u00e0 Madame Christine TORRES, secr\u00e9taire g\u00e9n\u00e9rale de la pr\u00e9fecture de la Sarthe ; \n \nVU  la demande du 12 septembre 2024 formul\u00e9e par Messieurs David SARRAZIN et Arnaud \nERNST, directeurs associ\u00e9s de la soci\u00e9t\u00e9 AID Observatoire \u2013 SARL COMMERCITE, sise 29 cours \nTolsto\u00ef \u2013 69100  VILLEURBANNE  ;  \n \nConsid\u00e9rant que le demandeur justifie des moyens et outils de collecte et d'analyse suffisants \u00e0 \nla r\u00e9alisation d'analyses d'impact telles que mentionn\u00e9es au III de l'article L. 752-6 du code de \ncommerce  ; \n \nSur proposition de Madame la secr\u00e9taire g\u00e9n\u00e9rale de la pr\u00e9fecture de la Sarthe  ;  \n \n \nARR\u00caTE \n \n \nPr\u00e9fecture de la Sarthe - 72-2024-09-23-00002 - Arr\u00eat\u00e9 pr\u00e9fectoral portant habilitation pour la r\u00e9alisation des analyses d'impact\nmentionn\u00e9es au III de l'article L. 752-6 du code de commerce - AID OBSERVATOIRE 18\n \n 2\nArticle 1  : La soci\u00e9t\u00e9 AID Observatoire \u2013 SARL COMMERCITE, sise 29 cours Tolsto\u00ef - 69100 \nVILLEURBANNE, repr\u00e9sent\u00e9e par Messieurs David SARRA ZIN et Arnaud ERNST, directeurs \nassoci\u00e9s, est habilit\u00e9e pour r\u00e9aliser l'analyse d'impact mentionn\u00e9e au III de l'article L. 752-6 du \ncode de commerce  ;  \n \nArticle 2 \n :  Les personnes autoris\u00e9es \u00e0 exercer l'activit\u00e9 faisant l'objet de la demande \nd'habilitation sont les suivantes :  \n\u2022 M. David SARRAZIN, \n\u2022 M. Arnaud ERNST, \n\u2022 Mme Myriam MAGAND. \n \nArticle 3 \n : La pr\u00e9sente habilitation est enregistr\u00e9e sous le num\u00e9ro d'identification suivant  : 2024-\n72-AI11 \n \nArticle 4 \n : La pr\u00e9sente habilitation est accord\u00e9e pour une dur\u00e9e fix\u00e9e \u00e0 cinq ans et non \nrenouvelable par tacite reconduction. \n \nArticle 5 \n : La demande de renouvellement de la pr\u00e9sente habilitation devra \u00eatre pr\u00e9sent\u00e9e \u00e0 \nl'organisme instructeur au moins trois mois avant la date d'expiration. \n \nArticle 6 \n : Le pr\u00e9sent arr\u00eat\u00e9 abroge et remplace l'arr\u00eat\u00e9 pr\u00e9fectoral DCPPAT 2020-0278 du 20 \nnovembre 2020 habilitant la soci\u00e9t\u00e9 AID Observatoire pour la r\u00e9alisation des analyses d'impact \nmentionn\u00e9es au III de l'article L. 752-6 du code de commerce ; \n \nArticle 7\n : L'habilitation peut \u00eatre suspendue ou retir\u00e9e pour les motifs suivants  :  \n\u2022 non respect des conditions auxquelles \u00e9taient soumises sa d\u00e9livrance, d\u00e9finie en \napplication des dispositions des articles L. 752-6, R. 752-6-1 et R. 752-6-2 du code de \ncommerce, \n\u2022 non exercice ou cessation d'exercice des activit\u00e9s au titre desquelles elle a \u00e9t\u00e9 d\u00e9livr\u00e9e, \n\u2022 atteinte \u00e0 l'ordre public ou danger pour la s\u00e9curit\u00e9 publique. \n \nArticle 8\n : Le pr\u00e9sent arr\u00eat\u00e9 peut faire l'objet, dans un d\u00e9lai de deux mois courant \u00e0 compter de \nsa notification  :  \n\u2022 d'un recours gracieux aupr\u00e8s du pr\u00e9fet de la Sarthe, \n\u2022 d'un recours hi\u00e9rarchique aupr\u00e8s du secr\u00e9tariat de la Commission nationale de \nl'am\u00e9nagement commercial (CNAC) \u2013 Bureau de l'am\u00e9nagement commercial \u2013 Direction \nG\u00e9n\u00e9rale des Entreprises (DGE) \u2013 Minist\u00e8re de l'\u00e9conomie et des finances \u2013 61 boulevard \nVincent Auriol \u2013 72703 PARIS CEDEX 13, \n\u2022 d'un recours contentieux devant le Tribunal administratif de Nantes - 6 all\u00e9e de l'Ile \nGloriette \nBP 24111 - 44041 NANTES CEDEX 1 \n \nLa juridiction comp\u00e9tente peut aussi \u00eatre saisie via l'application t\u00e9l\u00e9recours citoyen, accessible \n\u00e0 partir du site www.telerecours.fr .  \n \nArticle 9\n : Madame la secr\u00e9taire g\u00e9n\u00e9rale de la pr\u00e9fecture de la Sarthe est charg\u00e9e de \nl'ex\u00e9cution  du pr\u00e9sent arr\u00eat\u00e9 qui sera publi\u00e9 au recueil des actes administratifs de la \npr\u00e9fecture et sera notifi\u00e9 \u00e0 l'organisme demandeur.  \n \n Pour le Pr\u00e9fet et par d\u00e9l\u00e9gation, \nLa Secr\u00e9taire G\u00e9n\u00e9rale, \n \nSIGN\u00c9 \n \nChristine TORRES \nPr\u00e9fecture de la Sarthe - 72-2024-09-23-00002 - Arr\u00eat\u00e9 pr\u00e9fectoral portant habilitation pour la r\u00e9alisation des analyses d'impact\nmentionn\u00e9es au III de l'article L. 752-6 du code de commerce - AID OBSERVATOIRE 19\n \n 3\n \nPr\u00e9fecture de la Sarthe - 72-2024-09-23-00002 - Arr\u00eat\u00e9 pr\u00e9fectoral portant habilitation pour la r\u00e9alisation des analyses d'impact\nmentionn\u00e9es au III de l'article L. 752-6 du code de commerce - AID OBSERVATOIRE 20\nPr\u00e9fecture de la Sarthe\n72-2024-09-23-00003\nArr\u00eat\u00e9 pr\u00e9fectoral portant habilitation pour la\nr\u00e9alisation des analyses d'impact mentionn\u00e9es\nau III de l'article L. 752-6 du code de commerce -\nC2J CONSEIL\nPr\u00e9fecture de la Sarthe - 72-2024-09-23-00003 - Arr\u00eat\u00e9 pr\u00e9fectoral portant habilitation pour la r\u00e9alisation des analyses d'impact\nmentionn\u00e9es au III de l'article L. 752-6 du code de commerce - C2J CONSEIL 21\nEnPREFETDE LA SARTHELibert\u00e9Egalit\u00e9Fraternit\u00e9\n \n 1\n  Direction de la Coordination des  \nPolitiques Publiques et de  \nl'Appui Territorial \n \n \nBureau de l'\u00e9conomie et de la  \nCoordination Interminist\u00e9rielle  \n \nSecr\u00e9tariat de la CDAC      Le Mans, le 23 SEPTEMBR E 2024  \n \n \nArr\u00eat\u00e9 pr\u00e9fectoral n\u00b0DCPPAT 2024-0223  \n \nPortant habilitation pour la r\u00e9alisation des analyses d'impact \nmentionn\u00e9es au III de l'article L. 752-6 du code de commerce \n \n \nLe Pr\u00e9fet de la Sarthe \nOfficier de la L\u00e9gion d'Honneur \nChevalier de l'Ordre National du M\u00e9rite \n \nVU le code de commerce, et notamment ses articles L. 752-6, R. 752-6-1 et suivants et A. 752-1 ; \n \nVU la loi n\u00b02018-1021 du 23 novembre 2018 portant \u00e9volution du logement, de l'am\u00e9nagement \net du num\u00e9rique  ; \n \nVU  le d\u00e9cret n\u00b02019-331 du 17 avril 2019 relatif \u00e0 la composition et au fonctionnement des \ncommissions d\u00e9partementales d'am\u00e9nagement commercial et aux demandes d'autorisation \nd'exploitation commerciale  ; \n \nVU  l'arr\u00eat\u00e9 du ministre de l'\u00e9conomie et des finances du 19 juin 2019 fixant le contenu du \nformulaire de demande d'habilitation pour r\u00e9aliser l'analyse d'impact mentionn\u00e9e au III de \nl'article L. 752-6 du code de commerce  ; \nVU  le d\u00e9cret du 15 f\u00e9vrier 2022 nommant M. Emmanuel AUBRY, pr\u00e9fet de la Sarthe, prenant ses \nfonctions le 6 mars 2022 ; \n \nVU l'arr\u00eat\u00e9 pr\u00e9fectoral DCPPAT n\u00b02024-0219 du 09 septembre 2024 portant d\u00e9l\u00e9gation de \nsignature \u00e0 Madame Christine TORRES, secr\u00e9taire g\u00e9n\u00e9rale de la pr\u00e9fecture de la Sarthe ; \n \nVU  la demande du 10 septembre 2024 formul\u00e9e par Madame Christine JEANJEAN, g\u00e9rante et \nconsultante de la soci\u00e9t\u00e9 C2J CONSEIL, sise 4 avenue de la Cr\u00e9ativit\u00e9 - 59650 VILLENEUVE \nD'ASCQ  ;  \n \nConsid\u00e9rant que le demandeur justifie des moyens et outils de collecte et d'analyse suffisants \u00e0 \nla r\u00e9alisation d'analyses d'impact telles que mentionn\u00e9es au III de l'article L. 752-6 du code de \ncommerce  ; \n \nSur proposition de Madame la secr\u00e9taire g\u00e9n\u00e9rale de la pr\u00e9fecture de la Sarthe  ;  \n \n \nARR\u00caTE \n \n \nPr\u00e9fecture de la Sarthe - 72-2024-09-23-00003 - Arr\u00eat\u00e9 pr\u00e9fectoral portant habilitation pour la r\u00e9alisation des analyses d'impact\nmentionn\u00e9es au III de l'article L. 752-6 du code de commerce - C2J CONSEIL 22\n \n 2\nArticle 1  : La soci\u00e9t\u00e9 C2J CONSEIL, sise 4 avenue de la Cr\u00e9ativit\u00e9 - 59650 VILLENEUVE D'ASCQ, \nrepr\u00e9sent\u00e9e par Madame Christine JEANJEAN, g\u00e9rante et consultante, est habilit\u00e9e pour r\u00e9aliser \nl'analyse d'impact mentionn\u00e9e au III de l'article L. 752-6 du code de commerce  ;  \n \nArticle 2 \n :  La personne autoris\u00e9e \u00e0 exercer l'activit\u00e9 faisant l'objet de la demande d'habilitation \nest la suivante  :  \n\u2022 Mme Christine JEANJEAN. \n \nArticle 3 \n : La pr\u00e9sente habilitation est enregistr\u00e9e sous le num\u00e9ro d'identification suivant  : 2024-\n72-AI10 \n \nArticle 4 \n : La pr\u00e9sente habilitation est accord\u00e9e pour une dur\u00e9e fix\u00e9e \u00e0 cinq ans et non \nrenouvelable par tacite reconduction. \n \nArticle 5 \n : La demande de renouvellement de la pr\u00e9sente habilitation devra \u00eatre pr\u00e9sent\u00e9e \u00e0 \nl'organisme instructeur au moins trois mois avant la date d'expiration. \n \nArticle 6 \n : Le pr\u00e9sent arr\u00eat\u00e9 abroge et remplace l'arr\u00eat\u00e9 pr\u00e9fectoral DCPPAT 2019-0229 du 4 \noctobre 2019 habilitant la soci\u00e9t\u00e9 C2J CONSEIL pour la r\u00e9alisation des analyses d'impact \nmentionn\u00e9es au III de l'article L. 752-6 du code de commerce ; \n \nArticle 7\n : L'habilitation peut \u00eatre suspendue ou retir\u00e9e pour les motifs suivants  :  \n\u2022 non respect des conditions auxquelles \u00e9taient soumises sa d\u00e9livrance, d\u00e9finie en \napplication des dispositions des articles L. 752-6, R. 752-6-1 et R. 752-6-2 du code de \ncommerce, \n\u2022 non exercice ou cessation d'exercice des activit\u00e9s au titre desquelles elle a \u00e9t\u00e9 d\u00e9livr\u00e9e, \n\u2022 atteinte \u00e0 l'ordre public ou danger pour la s\u00e9curit\u00e9 publique. \n \nArticle 8\n : Le pr\u00e9sent arr\u00eat\u00e9 peut faire l'objet, dans un d\u00e9lai de deux mois courant \u00e0 compter de \nsa notification  :  \n\u2022 d'un recours gracieux aupr\u00e8s du pr\u00e9fet de la Sarthe, \n\u2022 d'un recours hi\u00e9rarchique aupr\u00e8s du secr\u00e9tariat de la Commission nationale de \nl'am\u00e9nagement commercial (CNAC) \u2013 Bureau de l'am\u00e9nagement commercial \u2013 Direction \nG\u00e9n\u00e9rale des Entreprises (DGE) \u2013 Minist\u00e8re de l'\u00e9conomie et des finances \u2013 61 boulevard \nVincent Auriol \u2013 72703 PARIS CEDEX 13, \n\u2022 d'un recours contentieux devant le Tribunal administratif de Nantes - 6 all\u00e9e de l'Ile \nGloriette \nBP 24111 - 44041 NANTES CEDEX 1 \n \nLa juridiction comp\u00e9tente peut aussi \u00eatre saisie via l'application t\u00e9l\u00e9recours citoyen, accessible \n\u00e0 partir du site \nwww.telerecours.fr .  \n \nArticle 9\n : Madame la secr\u00e9taire g\u00e9n\u00e9rale de la pr\u00e9fecture de la Sarthe est charg\u00e9e de \nl'ex\u00e9cution  du pr\u00e9sent arr\u00eat\u00e9 qui sera publi\u00e9 au recueil des actes administratifs de la \npr\u00e9fecture et sera notifi\u00e9 \u00e0 l'organisme demandeur.  \n \n Pour le Pr\u00e9fet et par d\u00e9l\u00e9gation, \nLa Secr\u00e9taire G\u00e9n\u00e9rale, \n \nSIGN\u00c9 \n \nChristine TORRES \n \nPr\u00e9fecture de la Sarthe - 72-2024-09-23-00003 - Arr\u00eat\u00e9 pr\u00e9fectoral portant habilitation pour la r\u00e9alisation des analyses d'impact\nmentionn\u00e9es au III de l'article L. 752-6 du code de commerce - C2J CONSEIL 23\nPr\u00e9fecture de la Sarthe\n72-2024-09-23-00004\nArr\u00eat\u00e9 pr\u00e9fectoral portant habilitation pour la\nr\u00e9alisation des analyses d'impact mentionn\u00e9es\nau III de l'article L. 752-6 du code de commerce -\nRMD\nPr\u00e9fecture de la Sarthe - 72-2024-09-23-00004 - Arr\u00eat\u00e9 pr\u00e9fectoral portant habilitation pour la r\u00e9alisation des analyses d'impact\nmentionn\u00e9es au III de l'article L. 752-6 du code de commerce - RMD 24\nEnPREFETDE LA SARTHELibert\u00e9Egalit\u00e9Fraternit\u00e9\n \n 1\n  Direction de la Coordination des  \nPolitiques Publiques et de  \nl'Appui Territorial \n \n \n \nBureau de l'\u00e9conomie et de la \n \nCoordination Interminist\u00e9rielle  \n \nSecr\u00e9tariat de la CDAC      Le Mans, le 23 SEPTEMBR E 2024  \n \n \nArr\u00eat\u00e9 pr\u00e9fectoral n\u00b0DCPPAT 2024-0224 \n \nPortant habilitation pour la r\u00e9alisation des analyses d'impact \nmentionn\u00e9es au III de l'article L. 752-6 du code de commerce \n \n \nLe Pr\u00e9fet de la Sarthe \nOfficier de la L\u00e9gion d'Honneur \nChevalier de l'Ordre National du M\u00e9rite \n \nVU le code de commerce, et notamment ses articles L. 752-6, R. 752-6-1 et suivants et A. 752-1 ; \n \nVU la loi n\u00b02018-1021 du 23 novembre 2018 portant \u00e9volution du logement, de l'am\u00e9nagement \net du num\u00e9rique  ; \n \nVU  le d\u00e9cret n\u00b02019-331 du 17 avril 2019 relatif \u00e0 la composition et au fonctionnement des \ncommissions d\u00e9partementales d'am\u00e9nagement commercial et aux demandes d'autorisation \nd'exploitation commerciale  ; \n \nVU  l'arr\u00eat\u00e9 du ministre de l'\u00e9conomie et des finances du 19 juin 2019 fixant le contenu du \nformulaire de demande d'habilitation pour r\u00e9aliser l'analyse d'impact mentionn\u00e9e au III de \nl'article L. 752-6 du code de commerce  ; \nVU  le d\u00e9cret du 15 f\u00e9vrier 2022 nommant M. Emmanuel AUBRY, pr\u00e9fet de la Sarthe, prenant ses \nfonctions le 6 mars 2022 ; \n \nVU l'arr\u00eat\u00e9 pr\u00e9fectoral DCPPAT n\u00b02024-0219 du 09 septembre 2024 portant d\u00e9l\u00e9gation de \nsignature \u00e0 Madame Christine TORRES, secr\u00e9taire g\u00e9n\u00e9rale de la pr\u00e9fecture de la Sarthe ; \n \nVU  la demande du 09 septembre 2024 formul\u00e9e par Madame Carole ROQUE, pr\u00e9sidente de la \nSAS RMD, sise 4 avenue Albip\u00f4le \u2013 81150 TERSSAC ;  \n \nConsid\u00e9rant que le demandeur justifie des moyens et outils de collecte et d'analyse suffisants \u00e0 \nla r\u00e9alisation d'analyses d'impact telles que mentionn\u00e9es au III de l'article L. 752-6 du code de \ncommerce  ; \n \nSur proposition de Madame la secr\u00e9taire g\u00e9n\u00e9rale de la pr\u00e9fecture de la Sarthe  ;  \n \nARR\u00caTE \n \n \nPr\u00e9fecture de la Sarthe - 72-2024-09-23-00004 - Arr\u00eat\u00e9 pr\u00e9fectoral portant habilitation pour la r\u00e9alisation des analyses d'impact\nmentionn\u00e9es au III de l'article L. 752-6 du code de commerce - RMD 25\n \n 2\nArticle 1  : La SAS RMD, sise 4 avenue Albip\u00f4le \u2013 81150 TERSSAC, repr\u00e9sent\u00e9e par Madame \nCarole ROQUE, pr\u00e9sidente, est habilit\u00e9e pour r\u00e9aliser l'analyse d'impact mentionn\u00e9e au III de \nl'article L. 752-6 du code de commerce  ;  \n \nArticle 2 \n :  Les personnes autoris\u00e9es \u00e0 exercer l'activit\u00e9 faisant l'objet de la demande \nd'habilitation sont les suivantes :  \n\u2022 Mme Carole ROQUE, \n\u2022 M. J\u00e9r\u00e9my C\u00c9L\u00c9RIER, \n\u2022 M. Jean-Baptiste GENDRE, \n\u2022 Mme Karine ROUCOUS, \n\u2022 Mme Alexandra BLANC. \n \nArticle 3 \n : La pr\u00e9sente habilitation est enregistr\u00e9e sous le num\u00e9ro d'identification suivant  : 2024-\n72-AI11 \n \nArticle 4 \n : La pr\u00e9sente habilitation est accord\u00e9e pour une dur\u00e9e fix\u00e9e \u00e0 cinq ans et non \nrenouvelable par tacite reconduction. \n \nArticle 5 \n : La demande de renouvellement de la pr\u00e9sente habilitation devra \u00eatre pr\u00e9sent\u00e9e \u00e0 \nl'organisme instructeur au moins trois mois avant la date d'expiration. \n \nArticle 6 \n : Le pr\u00e9sent arr\u00eat\u00e9 abroge et remplace l'arr\u00eat\u00e9 pr\u00e9fectoral DCPPAT 2019-0291 du 30 \nd\u00e9cembre 2019 habilitant la SAS RMD pour la r\u00e9alisation des analyses d'impact mentionn\u00e9es au \nIII de l'article L. 752-6 du code de commerce ; \n \nArticle 7\n : L'habilitation peut \u00eatre suspendue ou retir\u00e9e pour les motifs suivants  :  \n\u2022 non respect des conditions auxquelles \u00e9taient soumises sa d\u00e9livrance, d\u00e9finie en \napplication des dispositions des articles L. 752-6, R. 752-6-1 et R. 752-6-2 du code de \ncommerce, \n\u2022 non exercice ou cessation d'exercice des activit\u00e9s au titre desquelles elle a \u00e9t\u00e9 d\u00e9livr\u00e9e, \n\u2022 atteinte \u00e0 l'ordre public ou danger pour la s\u00e9curit\u00e9 publique. \n \nArticle 8\n : Le pr\u00e9sent arr\u00eat\u00e9 peut faire l'objet, dans un d\u00e9lai de deux mois courant \u00e0 compter de \nsa notification  :  \n\u2022 d'un recours gracieux aupr\u00e8s du pr\u00e9fet de la Sarthe, \n\u2022 d'un recours hi\u00e9rarchique aupr\u00e8s du secr\u00e9tariat de la Commission nationale de \nl'am\u00e9nagement commercial (CNAC) \u2013 Bureau de l'am\u00e9nagement commercial \u2013 Direction \nG\u00e9n\u00e9rale des Entreprises (DGE) \u2013 Minist\u00e8re de l'\u00e9conomie et des finances \u2013 61 boulevard \nVincent Auriol \u2013 72703 PARIS CEDEX 13, \n\u2022 d'un recours contentieux devant le Tribunal administratif de Nantes - 6 all\u00e9e de l'Ile \nGloriette \nBP 24111 - 44041 NANTES CEDEX 1 \n \nLa juridiction comp\u00e9tente peut aussi \u00eatre saisie via l'application t\u00e9l\u00e9recours citoyen, accessible \n\u00e0 partir du site \nwww.telerecours.fr .  \n \nArticle 9\n : Madame la secr\u00e9taire g\u00e9n\u00e9rale de la pr\u00e9fecture de la Sarthe est charg\u00e9e de \nl'ex\u00e9cution  du pr\u00e9sent arr\u00eat\u00e9 qui sera publi\u00e9 au recueil des actes administratifs de la \npr\u00e9fecture et sera notifi\u00e9 \u00e0 l'organisme demandeur.  \n \n Pour le Pr\u00e9fet et par d\u00e9l\u00e9gation, \nLa Secr\u00e9taire G\u00e9n\u00e9rale, \n \nSIGN\u00c9 \nChristine TORRES \nPr\u00e9fecture de la Sarthe - 72-2024-09-23-00004 - Arr\u00eat\u00e9 pr\u00e9fectoral portant habilitation pour la r\u00e9alisation des analyses d'impact\nmentionn\u00e9es au III de l'article L. 752-6 du code de commerce - RMD 26\nPr\u00e9fecture de la Sarthe\n72-2024-09-23-00005\nArr\u00eat\u00e9 pr\u00e9fectoral portant habilitation pour la\nr\u00e9alisation des analyses d'impact mentionn\u00e9es\nau III de l'article L. 752-6 du code de commerce -\nSAS RONAN HENAFF CONSULTING\nPr\u00e9fecture de la Sarthe - 72-2024-09-23-00005 - Arr\u00eat\u00e9 pr\u00e9fectoral portant habilitation pour la r\u00e9alisation des analyses d'impact\nmentionn\u00e9es au III de l'article L. 752-6 du code de commerce - SAS RONAN HENAFF CONSULTING 27\nEnPREFETDE LA SARTHELibert\u00e9Egalit\u00e9Fraternit\u00e9\n \n 1\n  Direction de la Coordination des  \nPolitiques Publiques et de  \nl'Appui Territorial \n \n \nBureau de l'\u00e9conomie et de la  \nCoordination Interminist\u00e9rielle  \n \nSecr\u00e9tariat de la CDAC      Le Mans, le 23 SEPTEMBR E 2024  \n \n \nArr\u00eat\u00e9 pr\u00e9fectoral n\u00b0DCPPAT 2024-0215  \n \nPortant habilitation pour la r\u00e9alisation des analyses d'impact \nmentionn\u00e9es au III de l'article L. 752-6 du code de commerce \n \n \nLe Pr\u00e9fet de la Sarthe \nOfficier de la L\u00e9gion d'Honneur \nChevalier de l'Ordre National du M\u00e9rite \n \nVU le code de commerce, et notamment ses articles L. 752-6, R. 752-6-1 et suivants et A. 752-1 ; \n \nVU la loi n\u00b02018-1021 du 23 novembre 2018 portant \u00e9volution du logement, de l'am\u00e9nagement \net du num\u00e9rique  ; \n \nVU  le d\u00e9cret n\u00b02019-331 du 17 avril 2019 relatif \u00e0 la composition et au fonctionnement des \ncommissions d\u00e9partementales d'am\u00e9nagement commercial et aux demandes d'autorisation \nd'exploitation commerciale  ; \n \nVU  l'arr\u00eat\u00e9 du ministre de l'\u00e9conomie et des finances du 19 juin 2019 fixant le contenu du \nformulaire de demande d'habilitation pour r\u00e9aliser l'analyse d'impact mentionn\u00e9e au III de \nl'article L. 752-6 du code de commerce  ; \nVU  le d\u00e9cret du 15 f\u00e9vrier 2022 nommant M. Emmanuel AUBRY, pr\u00e9fet de la Sarthe, prenant ses \nfonctions le 6 mars 2022 ; \n \nVU l'arr\u00eat\u00e9 pr\u00e9fectoral DCPPAT n\u00b02024-0219 du 09 septembre 2024 portant d\u00e9l\u00e9gation de \nsignature \u00e0 Madame Christine TORRES, secr\u00e9taire g\u00e9n\u00e9rale de la pr\u00e9fecture de la Sarthe ; \n \nVU  la demande du 28 ao\u00fbt 2024 formul\u00e9e par Monsieur Ronan H\u00c9NAFF, Pr\u00e9sident de la SAS \nRonan H\u00e9naff Consulting, sise 4 all\u00e9e Anjela Duval \u2013 29000 QUIMPER  ;  \n \nConsid\u00e9rant que le demandeur justifie des moyens et outils de collecte et d'analyse suffisants \u00e0 \nla r\u00e9alisation d'analyses d'impact telles que mentionn\u00e9es au III de l'article L. 752-6 du code de \ncommerce  ; \n \nSur proposition de Madame la secr\u00e9taire g\u00e9n\u00e9rale de la pr\u00e9fecture de la Sarthe  ;  \n \n \nARR\u00caTE \n \n \nPr\u00e9fecture de la Sarthe - 72-2024-09-23-00005 - Arr\u00eat\u00e9 pr\u00e9fectoral portant habilitation pour la r\u00e9alisation des analyses d'impact\nmentionn\u00e9es au III de l'article L. 752-6 du code de commerce - SAS RONAN HENAFF CONSULTING 28\n \n 2\nArticle 1  : La SAS Ronan H\u00e9naff Consulting, sise 4 all\u00e9e Anjela Duval - 29000 QUIMPER, \nrepr\u00e9sent\u00e9e par Monsieur Ronan H\u00c9NAFF, pr\u00e9sident et consultant, est habilit\u00e9e pour r\u00e9aliser \nl'analyse d'impact mentionn\u00e9e au III de l'article L. 752-6 du code de commerce  ;  \n \nArticle 2 \n :  La personne autoris\u00e9e \u00e0 exercer l'activit\u00e9 faisant l'objet de la demande d'habilitation \nest la suivante  :  \n\u2022 M. Ronan H\u00c9NAFF. \n \nArticle 3 \n : La pr\u00e9sente habilitation est enregistr\u00e9e sous le num\u00e9ro d'identification suivant  : 2024-\n72-AI09 \n \nArticle 4 \n : La pr\u00e9sente habilitation est accord\u00e9e pour une dur\u00e9e fix\u00e9e \u00e0 cinq ans et non \nrenouvelable par tacite reconduction. \n \nArticle 5 \n : La demande de renouvellement de la pr\u00e9sente habilitation devra \u00eatre pr\u00e9sent\u00e9e \u00e0 \nl'organisme instructeur au moins trois mois avant la date d'expiration. \n \nArticle 6 \n : Le pr\u00e9sent arr\u00eat\u00e9 abroge et remplace l'arr\u00eat\u00e9 pr\u00e9fectoral DCPPAT 2019-0280 du 18 \nd\u00e9cembre 2019 modifi\u00e9 par l'arr\u00eat\u00e9 pr\u00e9fectoral DCPPAT n\u00b02022-0128 du 21 mars 2022 \nhabilitant la SAS Ronan H\u00e9naff Consulting pour la r\u00e9alisation des analyses d'impact \nmentionn\u00e9es au III de l'article L. 752-6 du code de commerce ; \n \nArticle 7\n : L'habilitation peut \u00eatre suspendue ou retir\u00e9e pour les motifs suivants  :  \n\u2022 non respect des conditions auxquelles \u00e9taient soumises sa d\u00e9livrance, d\u00e9finie en \napplication des dispositions des articles L. 752-6, R. 752-6-1 et R. 752-6-2 du code de \ncommerce, \n\u2022 non exercice ou cessation d'exercice des activit\u00e9s au titre desquelles elle a \u00e9t\u00e9 d\u00e9livr\u00e9e, \n\u2022 atteinte \u00e0 l'ordre public ou danger pour la s\u00e9curit\u00e9 publique. \n \nArticle 8\n : Le pr\u00e9sent arr\u00eat\u00e9 peut faire l'objet, dans un d\u00e9lai de deux mois courant \u00e0 compter de \nsa notification  :  \n\u2022 d'un recours gracieux aupr\u00e8s du pr\u00e9fet de la Sarthe, \n\u2022 d'un recours hi\u00e9rarchique aupr\u00e8s du secr\u00e9tariat de la Commission nationale de \nl'am\u00e9nagement commercial (CNAC) \u2013 Bureau de l'am\u00e9nagement commercial \u2013 Direction \nG\u00e9n\u00e9rale des Entreprises (DGE) \u2013 Minist\u00e8re de l'\u00e9conomie et des finances \u2013 61 boulevard \nVincent Auriol \u2013 72703 PARIS CEDEX 13, \n\u2022 d'un recours contentieux devant le Tribunal administratif de Nantes - 6 all\u00e9e de l'Ile \nGloriette \nBP 24111 - 44041 NANTES CEDEX 1 \n \nLa juridiction comp\u00e9tente peut aussi \u00eatre saisie via l'application t\u00e9l\u00e9recours citoyen, accessible \n\u00e0 partir du site \nwww.telerecours.fr .  \n \nArticle 9\n : Madame la secr\u00e9taire g\u00e9n\u00e9rale de la pr\u00e9fecture de la Sarthe est charg\u00e9e de \nl'ex\u00e9cution  du pr\u00e9sent arr\u00eat\u00e9 qui sera publi\u00e9 au recueil des actes administratifs de la \npr\u00e9fecture et sera notifi\u00e9 \u00e0 l'organisme demandeur.  \n \n Pour le Pr\u00e9fet et par d\u00e9l\u00e9gation, \nLa Secr\u00e9taire G\u00e9n\u00e9rale, \n \nSIGN\u00c9 \n \nChristine TORRES \nPr\u00e9fecture de la Sarthe - 72-2024-09-23-00005 - Arr\u00eat\u00e9 pr\u00e9fectoral portant habilitation pour la r\u00e9alisation des analyses d'impact\nmentionn\u00e9es au III de l'article L. 752-6 du code de commerce - SAS RONAN HENAFF CONSULTING 29\n \n 3\n \nPr\u00e9fecture de la Sarthe - 72-2024-09-23-00005 - Arr\u00eat\u00e9 pr\u00e9fectoral portant habilitation pour la r\u00e9alisation des analyses d'impact\nmentionn\u00e9es au III de l'article L. 752-6 du code de commerce - SAS RONAN HENAFF CONSULTING 30\nPr\u00e9fecture de la Sarthe\n72-2024-09-23-00001\nD\u00e9l\u00e9gation de signature DCL\nPr\u00e9fecture de la Sarthe - 72-2024-09-23-00001 - D\u00e9l\u00e9gation de signature DCL 31\nEnPREFETDE LA SARTHELibert\u00e9Egalit\u00e9Fraternit\u00e9\n \nPlace Aristide Briand \u2013 72 041 LE MANS Cedex 9 \u2013 \nStandard : 02 43 39 72 72 - T\u00e9l\u00e9copie : 02 43 28 24 09 - Serveur vocal : 02 43 39 70 00  \nwww.sarthe.gouv.fr  \u2013 pref-mail@sarthe.gouv.fr  - Twitter : @Prefet72 - Facebook : Pr\u00e9fecture de la Sarthe \n \n1 \n Direction de la Coordination  \ndes Politiques Publiques  \net de l'Appui Territorial  \nBureau de l'\u00c9conomie et  \nde la Coordination Interminist\u00e9rielle  \n \n \n \nLe Mans, le 23/09/2024 \n \n \nARR\u00caT\u00c9 PR\u00c9FECTORAL N\u00b0 DCPPAT 2024-0232 \n \nObjet  : DIRECTION DE LA CITOYENNET\u00c9 ET DE LA L\u00c9GALIT\u00c9 (DCL) \u2013 D\u00e9l\u00e9gation de signature.  \n \nLe Pr\u00e9fet de la Sarthe \nChevalier de la L\u00e9gion d'honneur \nChevalier de l'Ordre national du M\u00e9rite  \n \nVU  la loi n\u00b0 82.213 du 2 mars 1982 modifi\u00e9e relative aux droits et libert\u00e9s des communes, des \nd\u00e9partements et des r\u00e9gions ;\n \n \nVU le d\u00e9cret n\u00b0 2004-374 du 29 avril 2004 modifi\u00e9 relatif aux pouvoirs des pr\u00e9fets, \u00e0 l'organisation et \n\u00e0 l'action des services de l'\u00c9tat dans les r\u00e9gions et d\u00e9partements ; \n \nVU le d\u00e9cret n\u00b0 2008-158 du 22 f\u00e9vrier 2008 relatif \u00e0 la suppl\u00e9ance des pr\u00e9fets de r\u00e9gion et \u00e0 la \nd\u00e9l\u00e9gation de signature des pr\u00e9fets et des hauts-co mmissaires de la R\u00e9publique en Polyn\u00e9sie \nfran\u00e7aise et en Nouvelle-Cal\u00e9donie ; \n \nVU  le d\u00e9cret du 15 f\u00e9vrier 2022 nommant M. Emmanuel A UBRY pr\u00e9fet de la Sarthe, prenant ses \nfonctions le 6 mars 2022 ; \n \nVU  l'arr\u00eat\u00e9 du ministre de l'Int\u00e9rieur du 30 juin 202 2 portant maintien en d\u00e9tachement de \nM. Pierre-Jean CAMPS dans un emploi fonctionnel de conseiller d'administration de l'int\u00e9rieur et \nde l'outre-mer en qualit\u00e9 de directeur de la citoye nnet\u00e9 et de la l\u00e9galit\u00e9 \u00e0 la pr\u00e9fecture de la \nSarthe \u00e0 compter du 26 juin 2022 ; \n \nVU l'arr\u00eat\u00e9 pr\u00e9fectoral du 26 ao\u00fbt 2024 n\u00b0U12750250911 454   portant la r\u00e9int\u00e9gration de Mme Elise \nMENNEGUERRE \u00e0 compter du 01 septembre 2024  ; \n \nVU l'arr\u00eat\u00e9 pr\u00e9fectoral du 14 d\u00e9cembre 2017 portant cl assement de Mme Val\u00e9rie CAMINATI dans le \ngrade de secr\u00e9taire administrative de classe normal e de l'int\u00e9rieur et de l'outre-mer au titre de \nl'ann\u00e9e 2017 \u00e0 compter du 11 d\u00e9cembre 2017 ; \n \nVU l'arr\u00eat\u00e9 pr\u00e9fectoral du 13 avril 2023 portant changement d'affectation dans l'int\u00e9r\u00eat du service de \nM. Romain PINEAU, en qualit\u00e9 d'attach\u00e9 d'administration, \u00e0 la pr\u00e9fecture de la Sarthe \u00e0 compter \ndu 31 mars 2023 ;\n \n \nVU l'arr\u00eat\u00e9 pr\u00e9fectoral du 12 janvier 2012 classant Mm e Linda POHU dans le grade d'attach\u00e9 \nd'administration \u00e0 compter du 1 er  janvier 2012 ; \nPr\u00e9fecture de la Sarthe - 72-2024-09-23-00001 - D\u00e9l\u00e9gation de signature DCL 32\n \nPlace Aristide Briand \u2013 72 041 LE MANS Cedex 9 \u2013 \nStandard : 02 43 39 72 72 - T\u00e9l\u00e9copie : 02 43 28 24 09 - Serveur vocal : 02 43 39 70 00  \nwww.sarthe.gouv.fr  \u2013 pref-mail@sarthe.gouv.fr  - Twitter : @Prefet72 - Facebook : Pr\u00e9fecture de la Sarthe \n \n2 \n \nVU l'arr\u00eat\u00e9 du minist\u00e8re de l'Int\u00e9rieur du 2 mai 2022 portant avancement de Mme Sylvie ZUCCHETTI \ndans le grade de secr\u00e9taire administrative de l'int \u00e9rieur et de l'outre-mer de classe sup\u00e9rieure \u00e0 \ncompter du 1 er  janvier 2022 ; \n \nVU l'arr\u00eat\u00e9 pr\u00e9fectoral du 21 f\u00e9vrier 2024 affectant M. Yoann PINEAU, en qualit\u00e9 d'agent contractuel \nde cat\u00e9gorie A, \u00e0 la pr\u00e9fecture de la Sarthe \u00e0 compter du 1 er  mars 2024 ; \n \nVU l'arr\u00eat\u00e9 du ministre de l'Int\u00e9rieur du 2 ao\u00fbt 2021 affectant M. Miguel BRAULT, en qualit\u00e9 d'attach\u00e9 \nd'administration de l'\u00c9tat, \u00e0 la pr\u00e9fecture de la Sarthe \u00e0 compter du 1 er  septembre 2021 ; \n \nVU l'arr\u00eat\u00e9 du ministre de l'Int\u00e9rieur du 13 janvier 2 021 portant affectation de Mme Isabelle JACOB, \nen qualit\u00e9 de secr\u00e9taire administrative de l'int\u00e9ri eur et de l'outre-mer de classe normale, \u00e0 \npr\u00e9fecture de la Sarthe \u00e0 compter du 15 f\u00e9vrier 2021 ; \n \nVU l'arr\u00eat\u00e9 pr\u00e9fectoral du 31 d\u00e9cembre 2019 portant no mination et reclassement de \nMme V\u00e9ronique BOISSIERE en qualit\u00e9 d'adjointe admin istrative principale de 1\u00e8re classe \u00e0 \ncompter du 1 er  janvier 2020 ; \n \nVU l'arr\u00eat\u00e9 pr\u00e9fectoral du 1 er  d\u00e9cembre 2005 portant nomination de M. Rapha\u00ebl GER OME en qualit\u00e9 \nd'ouvrier professionnel de pr\u00e9fecture stagiaire \u00e0 l a pr\u00e9fecture de la Sarthe \u00e0 compter \ndu 1 er  d\u00e9cembre 2005 ; \n \nVU  l'arr\u00eat\u00e9 pr\u00e9fectoral du 27 octobre 2016 portant ti tularisation de Mme Laurence TRONCHET dans \nle corps des adjoints administratifs de l'int\u00e9rieur  et de l'outre-mer en qualit\u00e9 d'adjoint \nadministratif de 2 \u00e8me  classe \u00e0 compter du 1 er  septembre 2016 ; \n \nVU l'arr\u00eat\u00e9 pr\u00e9fectoral du 19 janvier 2017 portant nom ination et reclassement de  \nMme Elvina RENVOISE en qualit\u00e9 d'adjointe administrative \u00e0 compter du 1 er  janvier 2017 ; \n \nVU l'arr\u00eat\u00e9 pr\u00e9fectoral du 19 janvier 2017 portant nom ination et reclassement de \nMme Sandrine PELLIEUX en qualit\u00e9 d'adjointe adminis trative principale de 2\u00e8me classe \u00e0 \ncompter du 1 er  janvier 2017 ; \n \nVU l'arr\u00eat\u00e9 pr\u00e9fectoral du 19 janvier 2017 portant nom ination et reclassement de \nMme Anne-Laure CHAMASSI en qualit\u00e9 d'adjointe administrative \u00e0 compter du 1 er  janvier 2017 ; \n \nVU l'arr\u00eat\u00e9 pr\u00e9fectoral du 19 janvier 2017 portant nom ination et reclassement de \nMme Marie-Pierre OGER-GARLAND en qualit\u00e9 d'adjointe  administrative principale de 2\u00e8me \nclasse \u00e0 compter du 1 er  janvier 2017 ; \n \nVU l'arr\u00eat\u00e9 pr\u00e9fectoral du 21 novembre 2022 portant no mination de Mme Am\u00e9lie RAGNI en qualit\u00e9 \nd'adjointe administrative principale de 2\u00e8me classe  stagiaire de l'int\u00e9rieur et de l'outre-mer \u00e0 \ncompter du 12 d\u00e9cembre 2022 ; \n \nVU l'arr\u00eat\u00e9 du ministre de l'Int\u00e9rieur du 11 janvier 2 021 portant affectation de Mme Ma\u00eblle ROBELET \nen qualit\u00e9 d'attach\u00e9e d'administration, \u00e0 la pr\u00e9fecture de la Sarthe \u00e0 compter du 1 er  mars 2021 ; \n \nVU l'arr\u00eat\u00e9 minist\u00e9riel du 20 octobre 2022 portant pri se en charge par voie de d\u00e9tachement dans le \ncorps des attach\u00e9s d'administration de l'\u00c9tat et af fectant Mme Marjorie BOUVIER en qualit\u00e9 \nd'attach\u00e9 d'administration de l'\u00c9tat \u00e0 la pr\u00e9fecture de la Sarthe \u00e0 compter du 1 er  octobre 2022 ;  \n \nVU l'arr\u00eat\u00e9 minist\u00e9riel du 8 juillet 2022 portant chan gement d'affectation de M. S\u00e9bastien DAABEK \nen qualit\u00e9 d'adjoint administratif principal 2\u00e8me classe de l'int\u00e9rieur et de l'outre-mer, \u00e0 compter \ndu 1 er  septembre 2022 ; \n \nVU la d\u00e9cision pr\u00e9fectorale du 23 juin 2017 nommant M.  Pierre-Jean CAMPS directeur de la \ncitoyennet\u00e9 et de la l\u00e9galit\u00e9 de la pr\u00e9fecture de la Sarthe \u00e0 compter du 26 juin 2017 ; \n \nPr\u00e9fecture de la Sarthe - 72-2024-09-23-00001 - D\u00e9l\u00e9gation de signature DCL 33\n \nPlace Aristide Briand \u2013 72 041 LE MANS Cedex 9 \u2013 \nStandard : 02 43 39 72 72 - T\u00e9l\u00e9copie : 02 43 28 24 09 - Serveur vocal : 02 43 39 70 00  \nwww.sarthe.gouv.fr  \u2013 pref-mail@sarthe.gouv.fr  - Twitter : @Prefet72 - Facebook : Pr\u00e9fecture de la Sarthe \n \n3 \nVU la d\u00e9cision pr\u00e9fectoral du 26 ao\u00fbt 2024 portant aff ectation de Mme Elise MENNEGUERRE, en \nqualit\u00e9 de cheffe du bureau du contr\u00f4le budg\u00e9taire au sein de la direction de la citoyennet\u00e9 et \nde la l\u00e9galit\u00e9, \u00e0 la pr\u00e9fecture de la Sarthe  ; \n \nVU la d\u00e9cision pr\u00e9fectorale du 15 d\u00e9cembre 2020 portan t affectation de Mme Val\u00e9rie CAMINATI, \nsecr\u00e9taire administrative de classe normale, en qua lit\u00e9 d'adjointe \u00e0 la cheffe du bureau du \ncontr\u00f4le budg\u00e9taire au sein de la direction de la citoyennet\u00e9 et de la l\u00e9galit\u00e9, \u00e0 la pr\u00e9fecture de la \nSarthe \u00e0 compter du 1er janvier 2021 ; \n \nVU la d\u00e9cision pr\u00e9fectorale du 14 mars 2023 portant af fectation dans l'int\u00e9r\u00eat du service de \nM. Romain PINEAU, attach\u00e9 d'administration de l'\u00c9ta t, en qualit\u00e9 de chef du bureau du contr\u00f4le \nde l\u00e9galit\u00e9 au sein de la direction de la citoyennet\u00e9 et de la l\u00e9galit\u00e9, \u00e0 la pr\u00e9fecture de la Sarthe \u00e0 \ncompter du 31   mars 2023 ; \n \nVU la d\u00e9cision pr\u00e9fectorale du 18 f\u00e9vrier 2021 portant  affectation de Mme Linda POHU, attach\u00e9e de \nl'administration de l'\u00c9tat, en qualit\u00e9 de cheffe de  bureau de la r\u00e9glementation g\u00e9n\u00e9rale et des \n\u00e9lections au sein de la direction de la citoyennet\u00e9  et de la l\u00e9galit\u00e9, \u00e0 la pr\u00e9fecture de la Sarthe \u00e0 \ncompter du 1 er  mars 2021 ; \n \nVU la d\u00e9cision pr\u00e9fectorale du 4 d\u00e9cembre 2020 port ant affectation de Mme Sylvie ZUCCHETTI, \nsecr\u00e9taire administrative de classe normale, en qua lit\u00e9 d'adjointe \u00e0 la cheffe de bureau de la \nr\u00e9glementation g\u00e9n\u00e9rale et des \u00e9lections, \u00e0 compter du 1 er  octobre 2020 ; \n \nVU la d\u00e9cision pr\u00e9fectorale du 21 f\u00e9vrier 2024 portant affectation de M. Yoann PINEAU, en qualit\u00e9 de \nchef du bureau du droit au s\u00e9jour des \u00e9trangers au sein de la direction de la citoyennet\u00e9 et de la \nl\u00e9galit\u00e9, \u00e0 la pr\u00e9fecture de la Sarthe \u00e0 compter du 1er mars 2024 ; \n \nVU la d\u00e9cision pr\u00e9fectorale du 28 juillet 2021 portant  affectation de M. Miguel BRAULT, attach\u00e9 de \nl'administration de l'\u00c9tat, en qualit\u00e9 d'adjoint \u00e0 la cheffe du bureau du droit au s\u00e9jour des \n\u00e9trangers au sein de la direction de la citoyennet\u00e9  et de la l\u00e9galit\u00e9, \u00e0 la pr\u00e9fecture de la Sarthe \u00e0 \ncompter du 1 er  septembre 2021 ;  \n \nVU  la d\u00e9cision pr\u00e9fectorale du 13 d\u00e9cembre 2018 porta nt affectation de Mme Laurence TRONCHET, \nadjointe administrative, en qualit\u00e9 d'agent d'accueil \u2013 instructeur de 1 er  niveau au bureau du droit \nau s\u00e9jour des \u00e9trangers au sein de la direction de la citoyennet\u00e9 et de la l\u00e9galit\u00e9, \u00e0 la pr\u00e9fecture \nde la Sarthe \u00e0 compter du 7 janvier 2018 ; \n \nVU l a d\u00e9cision pr\u00e9fectorale du 26 ao\u00fbt 2019 portant aff ectation de M. Rapha\u00ebl GEROME, adjoint \ntechnique principal de 2\u00e8me classe, en qualit\u00e9 d'ag ent d'accueil \u2013 instructeur de 1 er  niveau au \nbureau du droit au s\u00e9jour des \u00e9trangers au sein de la direction de la citoyennet\u00e9 et de la l\u00e9galit\u00e9, \n\u00e0 la pr\u00e9fecture de la Sarthe \u00e0 compter du 26 ao\u00fbt 2019 ; \n \nVU la d\u00e9cision pr\u00e9fectorale du 11 f\u00e9vrier 2021 portant  affectation de Mme Isabelle JACOB, secr\u00e9taire \nadministrative de classe normale en qualit\u00e9 de r\u00e9da ctrice au bureau du droit au s\u00e9jour des \n\u00e9trangers au sein de la direction de la citoyennet\u00e9  et de la l\u00e9galit\u00e9 \u00e0 la pr\u00e9fecture de la Sarthe \u00e0 \ncompter du 15 f\u00e9vrier 2021 ; \n \nVU la d\u00e9cision pr\u00e9fectorale du 3 ao\u00fbt 2022 portant aff ectation de Mme V\u00e9ronique BOISSIERE, \nsecr\u00e9taire administrative de classe normale en qualit\u00e9 de r\u00e9dactrice au bureau du droit au s\u00e9jour \ndes \u00e9trangers au sein de la direction de la citoyennet\u00e9 et de la l\u00e9galit\u00e9 \u00e0 la pr\u00e9fecture de la Sarthe \n\u00e0 compter du 1 er  septembre 2022 ; \n \nVU la d\u00e9cision pr\u00e9fectorale du 19 d\u00e9cembre 2022 portan t affectation de Mme Am\u00e9lie RAGNI, \nadjointe administrative principale de 2\u00e8me classe d e l'int\u00e9rieur et de l'outre-mer en qualit\u00e9 de \ncharg\u00e9e de l'instruction des demandes des titres de  s\u00e9jour au bureau du droit au s\u00e9jour des \n\u00e9trangers au sein de la direction de la citoyennet\u00e9  et de la l\u00e9galit\u00e9 \u00e0 la pr\u00e9fecture de la Sarthe \u00e0 \ncompter du 12 d\u00e9cembre 2022 ;\n \n \nPr\u00e9fecture de la Sarthe - 72-2024-09-23-00001 - D\u00e9l\u00e9gation de signature DCL 34\n \nPlace Aristide Briand \u2013 72 041 LE MANS Cedex 9 \u2013 \nStandard : 02 43 39 72 72 - T\u00e9l\u00e9copie : 02 43 28 24 09 - Serveur vocal : 02 43 39 70 00  \nwww.sarthe.gouv.fr  \u2013 pref-mail@sarthe.gouv.fr  - Twitter : @Prefet72 - Facebook : Pr\u00e9fecture de la Sarthe \n \n4 \nVU la d\u00e9cision pr\u00e9fectorale du 23 f\u00e9vrier 2021 portant affectation de Mme Ma\u00eblle ROBELET, attach\u00e9e \nde l'administration de l'\u00c9tat, en qualit\u00e9 de cheffe  du bureau de l'asile, l'\u00e9loignement et du \ncontentieux au sein de la direction de la citoyennet\u00e9 et de la l\u00e9galit\u00e9, \u00e0 la pr\u00e9fecture de la Sarthe \n\u00e0 compter du 1er mars 2021 ; \n \nVU la d\u00e9cision pr\u00e9fectorale du 3 ao\u00fbt 2022 portant aff ectation de Mme Marjorie BOUVIER, attach\u00e9e \nde l'administration de l'\u00c9tat, en qualit\u00e9 d'adjoint e \u00e0 la cheffe du bureau de l'asile, l'\u00e9loignement, \net du contentieux au sein de la direction de la cit oyennet\u00e9 et de la l\u00e9galit\u00e9, \u00e0 la pr\u00e9fecture de la \nSarthe \u00e0 compter du 1er octobre 2022 ; \n \nVU la d\u00e9cision pr\u00e9fectorale du 1 er  ao\u00fbt 2022 portant affectation de M. S\u00e9bastien DAAB EK, adjoint \nadministratif principal de 2\u00e8me classe de l'int\u00e9rie ur et de l'outre-mer, en qualit\u00e9 d'agent \nd'accueil \u2212 instructeur du 1 er  niveau au bureau de l'asile, l'\u00e9loignement et du c ontentieux au sein \nde la direction de la citoyennet\u00e9 et de la l\u00e9galit\u00e9  \u00e0 la pr\u00e9fecture de la Sarthe \u00e0 compter \ndu 1er septembre 2022 ; \n \nVU la note de service du  23 juin 2017 \u00e0 laquelle est joint l'organigramme no minatif des nouvelles \ndirections de la pr\u00e9fecture et portant reconduction  sur leur poste au sein de la direction de la \ncitoyennet\u00e9 et de la l\u00e9galit\u00e9 de Mme Elvina RENVOIS E, Mme Sandrine PELLIEUX, \nMme Anne-Laure CHAMASSI, Mme Marie-Pierre OGER-GARLAND  \n \nSUR Proposition du secr\u00e9taire g\u00e9n\u00e9ral de la pr\u00e9fecture de la Sarthe ; \n \n \nARR\u00caTE \n \n \nArticle 1 \n : \n \nD\u00e9l\u00e9gation est donn\u00e9e \u00e0 M. Pierre-Jean CAMPS, directeur de la citoyennet\u00e9 et de la l\u00e9galit\u00e9 , \u00e0 l'effet de \nsigner les arr\u00eat\u00e9s, correspondances, r\u00e9c\u00e9piss\u00e9s, \u00e9tats liquidatifs des d\u00e9penses, certifications conformes \npour service fait, pi\u00e8ces comptables et avis entran t dans le cadre des attributions de la direction de  la \ncitoyennet\u00e9 et de la l\u00e9galit\u00e9.  \n \nLa d\u00e9l\u00e9gation comprend l'inscription au fichier des  personnes recherch\u00e9es et notamment les \ncorrespondances, avis et d\u00e9cisions relatives aux mati\u00e8res ci-apr\u00e8s \u00e9num\u00e9r\u00e9es : \n \nBureau du contr\u00f4le budg\u00e9taire  : \n \n- Correspondance, notification, demande d'avis, tra nsmission de pi\u00e8ces et demande de pi\u00e8ces \ncompl\u00e9mentaires dans le cadre du contr\u00f4le de l\u00e9galit\u00e9 et du contr\u00f4le budg\u00e9taire ; \n- Correspondance, demande d'avis, transmission de p i\u00e8ces et demande de pi\u00e8ces \ncompl\u00e9mentaires dans le cadre des concours financiers de l'\u00c9tat ; \n- Certificats pour paiement, certificats de service  fait, d\u00e9cisions relatives \u00e0 la compl\u00e9tude des \ndossiers ; \n-  D\u00e9l\u00e9gation est, en outre donn\u00e9e \u00e0 M. Pierre-Jean  CAMPS \u00e0 l'effet de valider dans l'application \nALICE (Application pour la Liquidation des Concours de l'\u00c9tat) le paiement des sommes dues \naux collectivit\u00e9s au titre du FCTVA (fonds de compensation sur la valeur ajout\u00e9e) d\u00e8s lors que \nle tableau listant les b\u00e9n\u00e9ficiaires et le montant du FCTVA \u00e0 verser aura \u00e9t\u00e9 valid\u00e9 par le \nsecr\u00e9taire g\u00e9n\u00e9ral de la pr\u00e9fecture, la directrice de cabinet, la sous-pr\u00e9f\u00e8te de La Fl\u00e8che ou le \nsous-pr\u00e9fet de Mamers.  \n \nBureau du contr\u00f4le de l\u00e9galit\u00e9  : \n \n- Correspondance, notification, demandes d'avis, tran smission de pi\u00e8ces et demandes de \npi\u00e8ces compl\u00e9mentaires, dans le cadre des attributions du bureau  \n \nBureau de la r\u00e9glementation g\u00e9n\u00e9rale et des \u00e9lections \n : \nPr\u00e9fecture de la Sarthe - 72-2024-09-23-00001 - D\u00e9l\u00e9gation de signature DCL 35\n \nPlace Aristide Briand \u2013 72 041 LE MANS Cedex 9 \u2013 \nStandard : 02 43 39 72 72 - T\u00e9l\u00e9copie : 02 43 28 24 09 - Serveur vocal : 02 43 39 70 00  \nwww.sarthe.gouv.fr  \u2013 pref-mail@sarthe.gouv.fr  - Twitter : @Prefet72 - Facebook : Pr\u00e9fecture de la Sarthe \n \n5 \n \nMissions de proximit\u00e9 Syst\u00e8me d'Immatriculation des V\u00e9hicules (SIV)  \n \n- Conventions d'habilitation individuelle \u00ab professio nnel de l'automobile \u00bb pour le Syst\u00e8me \nd'Immatriculation des V\u00e9hicules  \n \n- Conventions d'agr\u00e9ment individuelle \u00ab professionnel  de l'automobile \u00bb pour le Syst\u00e8me \nd'Immatriculation des V\u00e9hicules  \n \nMissions de proximit\u00e9 permis de conduire  \n \n- D\u00e9livrance des attestations pr\u00e9fectorales de v\u00e9ri fication m\u00e9dicale de l'aptitude physique \npour le transport public de personnes (Art R221-10 II et IV du Code de la route) \n- Agr\u00e9ment des m\u00e9decins pour le contr\u00f4le m\u00e9dical de  l'aptitude \u00e0 la conduite automobile \n \nR\u00e9glementation g\u00e9n\u00e9rale \n \n \n- R\u00e9c\u00e9piss\u00e9s relatifs au droit d'option des franco- alg\u00e9riens et bi-nationaux \n- Attestations de revendeurs d'objets mobiliers  \n- Domiciliation des entreprises \n- Attestations de d\u00e9livrance du permis de chasser \n- Restitution de cartes professionnelles de conduct eurs de taxi suite \u00e0 rupture du contrat de \ntravail ou cessation d'activit\u00e9  \n- D\u00e9livrances des cartes de taxi \n- D\u00e9livrance ou refus des agr\u00e9ments des centres de sensibilisation \u00e0 la s\u00e9curit\u00e9 routi\u00e8re \n- Autorisation d'animer les stages de sensibilisati on \u00e0 la s\u00e9curit\u00e9 routi\u00e8re \n- D\u00e9livrance du r\u00e9c\u00e9piss\u00e9 de d\u00e9claration en vue de r\u00e9aliser l'examen psychotechnique pr\u00e9vu \ndans le cadre du contr\u00f4le m\u00e9dical de l'aptitude \u00e0 la conduite \n- Classement des offices de tourisme \n- D\u00e9livrances ou refus des titres de ma\u00eetre restaur ateur \n- Autorisations de transport de corps en dehors du territoire m\u00e9tropolitain. \n- Laissez passer mortuaires   \n- Octroi d'un d\u00e9lai suppl\u00e9mentaire pour l'inhumatio n ou la cr\u00e9mation de personnes \nd\u00e9c\u00e9d\u00e9es \n- Arr\u00eat\u00e9s d'autorisation d'inhumer dans une propri\u00e9 t\u00e9 priv\u00e9e \n- Agr\u00e9ments des \u00e9tablissements de pompes fun\u00e8bres \n- Attestations de reconnaissance d'association cult uelle \n- R\u00e9c\u00e9piss\u00e9s de d\u00e9claration de cr\u00e9ation de fonds de  dotation, fondations d'entreprise \n- R\u00e9c\u00e9piss\u00e9s de d\u00e9clarations de foires et salons \n- Agr\u00e9ments de commissaires de courses hippiques  \n- Autorisations d'exercer la profession de loueur d 'alambic ambulant \n- D\u00e9livrance ou refus de la carte de guide conf\u00e9ren cier \n- D\u00e9livrance et retrait de la carte professionnelle  de conducteur de voiture de transport avec \nchauffeur (VTC) \n- D\u00e9livrance et retrait de la carte professionnelle  de conducteur de v\u00e9hicule motoris\u00e9 \u00e0 deux \nou trois roues (VMDTR) \n- Opposition \u00e0 la sortie du territoire \n \n \n \n\u00c9lections  \n \n- Accus\u00e9s de r\u00e9ception, r\u00e9c\u00e9piss\u00e9s de d\u00e9claration d es candidatures aux diverses \u00e9lections, \nd\u00e9pos\u00e9es en Pr\u00e9fecture \n- R\u00e9c\u00e9piss\u00e9s de retrait de candidature aux diverses  \u00e9lections, des demandes d\u00e9pos\u00e9es en \npr\u00e9fecture \n- R\u00e9c\u00e9piss\u00e9s de d\u00e9p\u00f4t de compte de campagne \n- Documents comptables et certification des facture s relatives \u00e0 l'organisation des \u00e9lections \n- R\u00e9c\u00e9piss\u00e9s de d\u00e9claration des mandataires financi ers \nPr\u00e9fecture de la Sarthe - 72-2024-09-23-00001 - D\u00e9l\u00e9gation de signature DCL 36\n \nPlace Aristide Briand \u2013 72 041 LE MANS Cedex 9 \u2013 \nStandard : 02 43 39 72 72 - T\u00e9l\u00e9copie : 02 43 28 24 09 - Serveur vocal : 02 43 39 70 00  \nwww.sarthe.gouv.fr  \u2013 pref-mail@sarthe.gouv.fr  - Twitter : @Prefet72 - Facebook : Pr\u00e9fecture de la Sarthe \n \n6 \n \nMission juridique  \n \n- Correspondances avec les juridictions administratives  \n- Lettres aux avocats relatives \u00e0 la mise en \u0153uvre des paiements au titre du BOP 216 \n- Paiement des frais de justice et des frais d'interpr\u00e9tariat \n- Signature des m\u00e9moires en d\u00e9fense pour le Tribunal Administratif ou la Cour d'Appel \n- Ordre \u00e0 payer sur Chorus des frais de justice de la mission juridique  \n \nBureau du droit au s\u00e9jour  : \n \nNaturalisations  \n \n- Correspondances courantes  \n \nDroit au s\u00e9jour  \n \n- D\u00e9cisions relatives \u00e0 la d\u00e9livrance et au refus d e d\u00e9livrance ou de renouvellement d'un titre \nde s\u00e9jour, d'un r\u00e9c\u00e9piss\u00e9 de carte de s\u00e9jour, d'une  autorisation provisoire de s\u00e9jour y \ncompris celle r\u00e9gie par les dispositions des articles L. 581-1 et suivants et R. 581-1 et suivants \ndu code de l'entr\u00e9e et du s\u00e9jour des \u00e9trangers et d u droit d'asile, d'un document de \ncirculation pour \u00e9tranger mineur, l'abrogation ains i que le retrait de ces d\u00e9cisions et la \nr\u00e9ponse aux recours gracieux ; \n- Visas (octroi et refus, prolongation et refus de prolongation, \u2026) \n- Acceptation ou refus de titres de voyage \n- Acceptation ou refus de regroupement familial \n- Refus de s\u00e9jour \n- Arr\u00eat\u00e9s portant obligation de quitter le territoi re  fran\u00e7ais (OQTF), avec ou sans d\u00e9lai \n- Arr\u00eat\u00e9s et d\u00e9cisions portant fixation du pays de renvoi \n- D\u00e9cisions concernant l'interdiction de retour \n- Arr\u00eat\u00e9s portant interdiction de circulation sur l e territoire fran\u00e7ais \n- M\u00e9moires et requ\u00eates devant le tribunal administr atif ou la Cour administrative d'appel \npour le contentieux du s\u00e9jour et le refus d'\u00e9change des permis de conduire \u00e9trangers \n \nBureau de l'asile, de l'\u00e9loignement et du contentieux \n : \n \n- D\u00e9cisions relatives \u00e0 la d\u00e9livrance et au refus d e d\u00e9livrance ou de renouvellement d'un titre \nde s\u00e9jour, d'un r\u00e9c\u00e9piss\u00e9 de carte de s\u00e9jour, d'une  autorisation provisoire de s\u00e9jour y \ncompris celle r\u00e9gie par les dispositions des articles L. 581-1 et suivants et R. 581-1 et suivants \ndu code de l'entr\u00e9e et du s\u00e9jour des \u00e9trangers et d u droit d'asile, d'un document de \ncirculation pour \u00e9tranger mineur, l'abrogation ains i que le retrait de ces d\u00e9cisions et la \nr\u00e9ponse aux recours gracieux ; \n- Attestation demandeurs asile (ADA) \n- Refus de s\u00e9jour \n- Arr\u00eat\u00e9s portant interdiction de circulation sur l e territoire fran\u00e7ais \n- Arr\u00eat\u00e9s portant obligation de quitter le territoi re  fran\u00e7ais (OQTF), avec ou sans d\u00e9lai \n- Arr\u00eat\u00e9s et d\u00e9cisions portant fixation du pays de renvoi \n- Arr\u00eat\u00e9s portant interdiction de retour sur le ter ritoire Fran\u00e7ais \n- Arr\u00eat\u00e9s d'assignation \u00e0 r\u00e9sidence \n- Arr\u00eat\u00e9s de r\u00e9admission  \n- Arr\u00eat\u00e9s de placement en r\u00e9tention  \n- Arr\u00eat\u00e9s de maintien en r\u00e9tention administrative e t d'irrecevabilit\u00e9 ; \n- Demandes de laissez-passer consulaires \n- D\u00e9livrance de laissez-passer europ\u00e9ens \n- R\u00e9quisition des forces de l'ordre \n- Signalement au procureur de la R\u00e9publique sur le fondement de l'article 40 du code de \nproc\u00e9dure p\u00e9nale \nPr\u00e9fecture de la Sarthe - 72-2024-09-23-00001 - D\u00e9l\u00e9gation de signature DCL 37\n \nPlace Aristide Briand \u2013 72 041 LE MANS Cedex 9 \u2013 \nStandard : 02 43 39 72 72 - T\u00e9l\u00e9copie : 02 43 28 24 09 - Serveur vocal : 02 43 39 70 00  \nwww.sarthe.gouv.fr  \u2013 pref-mail@sarthe.gouv.fr  - Twitter : @Prefet72 - Facebook : Pr\u00e9fecture de la Sarthe \n \n7 \n- Saisine du Procureur de la R\u00e9publique \n- Arr\u00eat\u00e9s de transfert \n-\n Mandat de repr\u00e9sentation devant le juge des libert\u00e9 s et de la d\u00e9tention (JLD) et la Cour \nd'Appel (CA). \n- Saisines et m\u00e9moires devant le juge des libert\u00e9s et de la d\u00e9tention et la cour d'appel \n- M\u00e9moires et requ\u00eates devant les tribunaux adminis tratifs, les cours administratives d'appel ,  \n \nArticle 2  :  \n \nEn cas d'absence ou d'emp\u00eachement de M. Pierre-Jean CAMPS, directeur de la citoyennet\u00e9 et de la \nl\u00e9galit\u00e9 , la d\u00e9l\u00e9gation de signature qui lui est conf\u00e9r\u00e9e p ar l'article 1 sera exerc\u00e9e par \nMme Elise MENNEGUERRE, cheffe du bureau du contr\u00f4le budg\u00e9taire , en ce qui concerne les mati\u00e8res \nentrant dans les attributions de son bureau, \u00e0 l'ex clusion des arr\u00eat\u00e9s, d\u00e9cisions, des lettres \nd'observations et dans un plafond de 200 000 euros pour les mandats des dotations de l'\u00c9tat.  \n \nEn cas d'absence ou d'emp\u00eachement de Mme Elise MENNEGUERRE, cheffe du bureau du contr\u00f4le \nbudg\u00e9taire , la d\u00e9l\u00e9gation de signature qui lui est conf\u00e9r\u00e9e s era exerc\u00e9e soit par \nMme Val\u00e9rie CAMINATI, adjointe \u00e0 la cheffe du bureau du contr\u00f4le budg\u00e9taire, soit par M. Romain \nPINEAU, chef du bureau du contr\u00f4le de l\u00e9galit\u00e9 , soit par Mme Linda POHU , cheffe du bureau de la \nr\u00e9glementation g\u00e9n\u00e9rale et des \u00e9lections.   \n \nArticle 3 \n :  \n \nEn cas d'absence ou d'emp\u00eachement de M. Pierre-Jean CAMPS, directeur de la citoyennet\u00e9 et de la \nl\u00e9galit\u00e9 , la d\u00e9l\u00e9gation de signature qui lui est conf\u00e9r\u00e9e p ar l'article 1 sera exerc\u00e9e par \nM. Romain PINEAU, chef du bureau du contr\u00f4le de l\u00e9galit\u00e9 , en ce qui concerne les mati\u00e8res entrant \ndans les attributions de son bureau, \u00e0 l'exclusion des arr\u00eat\u00e9s, des d\u00e9cisions et des lettres \nd'observations.  \n \nArticle 4  :  \n \nEn cas d'absence ou d'emp\u00eachement de M. Pierre-Jean CAMPS, directeur de la citoyennet\u00e9 et de la \nl\u00e9galit\u00e9 , d\u00e9l\u00e9gation est donn\u00e9e \u00e0 Mme Linda POHU, cheffe du bureau de la r\u00e9glementation g\u00e9n\u00e9rale et \ndes \u00e9lections, \u00e0 l'effet de signer les correspondances courantes et inscriptions au fichier des personnes \nrecherch\u00e9es relevant du bureau de la r\u00e9glementation  g\u00e9n\u00e9rale et des \u00e9lections, la certification \nconforme pour services faits et pi\u00e8ces comptables ainsi que les correspondances, avis et d\u00e9cisions pour \nles attributions indiqu\u00e9es ci-apr\u00e8s : \n \nR\u00e9glementation  \n \n- R\u00e9c\u00e9piss\u00e9s relatifs au droit d'option des franco- alg\u00e9riens et bi-nationaux \n- Attestations de revendeurs d'objets mobiliers  \n- R\u00e9c\u00e9piss\u00e9s de d\u00e9claration de foires et salons \n- Attestations de d\u00e9livrance du permis de chasser \n- Restitution de cartes professionnelles de conduct eurs de taxi suite \u00e0 rupture du contrat de \ntravail ou cessation d'activit\u00e9 \n- D\u00e9livrance des cartes de taxi \n- Autorisations de transport de corps en dehors du territoire m\u00e9tropolitain, laissez passer \nmortuaires \n- Octroi d'un d\u00e9lai suppl\u00e9mentaire pour l'inhumatio n ou la cr\u00e9mation de personnes \nd\u00e9c\u00e9d\u00e9es \n- Opposition \u00e0 la sortie du territoire \n- D\u00e9livrance ou refus de la carte de guide conf\u00e9ren cier \n- D\u00e9livrance ou refus de titre de ma\u00eetre restaurate ur \n- D\u00e9livrance et retrait de la carte professionnelle  de conducteur de voiture de transport avec \nchauffeur (VTC) \n-  D\u00e9livrance et retrait de la carte professionnell e de conducteur de v\u00e9hicule motoris\u00e9 \u00e0 deux \nou trois roues (VMDTR) \n \nPr\u00e9fecture de la Sarthe - 72-2024-09-23-00001 - D\u00e9l\u00e9gation de signature DCL 38\n \nPlace Aristide Briand \u2013 72 041 LE MANS Cedex 9 \u2013 \nStandard : 02 43 39 72 72 - T\u00e9l\u00e9copie : 02 43 28 24 09 - Serveur vocal : 02 43 39 70 00  \nwww.sarthe.gouv.fr  \u2013 pref-mail@sarthe.gouv.fr  - Twitter : @Prefet72 - Facebook : Pr\u00e9fecture de la Sarthe \n \n8 \n \n\u00c9lections  \n \n- Accus\u00e9s de r\u00e9ception, r\u00e9c\u00e9piss\u00e9s de d\u00e9claration d es candidatures aux diverses \u00e9lections, \nd\u00e9pos\u00e9s en pr\u00e9fecture \n- R\u00e9c\u00e9piss\u00e9s de retrait de candidature aux diverses  \u00e9lections, des demandes d\u00e9pos\u00e9es en \npr\u00e9fecture \n- R\u00e9c\u00e9piss\u00e9s de d\u00e9p\u00f4t de compte de campagne \n- R\u00e9c\u00e9piss\u00e9s de d\u00e9claration des mandataires financi ers \n \n \nMissions de proximit\u00e9 permis de conduire  \n \n- D\u00e9livrance des attestations pr\u00e9fectorales de v\u00e9ri fication m\u00e9dicale de l'aptitude physique \npour le transport public de personnes (Art R221-10 II et IV du code de la route).  \n \nMission juridique \n \n \n- Paiement des frais de justice et des frais d'interpr\u00e9tariat \n- Ordre \u00e0 payer sur Chorus des frais de justice de la mission juridique  \n \nEn cas d'absence ou d'emp\u00eachement de Mme Linda POHU, cheffe du bureau de la r\u00e9glementation \ng\u00e9n\u00e9rale et des \u00e9lections , la d\u00e9l\u00e9gation de signature qui lui est conf\u00e9r\u00e9e s era exerc\u00e9e par                                                                   \nMme Sylvie ZUCCHETTI, adjointe \u00e0 la cheffe du bureau de la r\u00e9glementation g\u00e9n\u00e9rale et des \u00e9lections.  \n \nArticle 5  : \n \nEn cas d'absence ou d'emp\u00eachement de M. Pierre-Jean CAMPS, directeur de la citoyennet\u00e9 et de la \nl\u00e9galit\u00e9 , d\u00e9l\u00e9gation est donn\u00e9e \u00e0 M. Yoann PINEAU , chef du bureau du droit au s\u00e9jour des \u00e9trangers, \u00e0 \nl'effet de signer les correspondances courantes rel atives au droit au s\u00e9jour, les inscriptions au fich ier \ndes personnes recherch\u00e9es relevant du bureau du dro it au s\u00e9jour des \u00e9trangers, la certification \nconforme pour services faits et pi\u00e8ces comptables, les correspondances courantes concernant les \nnaturalisations ainsi que les d\u00e9cisions pour les attributions indiqu\u00e9es ci-apr\u00e8s :  \n \n-  D\u00e9cisions relatives \u00e0 la d\u00e9livrance et au refus de d\u00e9livrance ou de renouvellement d'un titre \nde s\u00e9jour, d'un r\u00e9c\u00e9piss\u00e9 de carte de s\u00e9jour, d'une  autorisation provisoire de s\u00e9jour y \ncompris celle r\u00e9gie par les dispositions des articles L. 581-1 et suivants et R. 581-1 et suivants \ndu code de l'entr\u00e9e et du s\u00e9jour des \u00e9trangers et d u droit d'asile, d'un document de \ncirculation pour \u00e9tranger mineur, l'abrogation ains i que le retrait de ces d\u00e9cisions et la \nr\u00e9ponse aux recours gracieux ; \n- Refus de s\u00e9jour \n- Arr\u00eat\u00e9s portant obligation de quitter le territoi re  fran\u00e7ais (OQTF), avec ou sans d\u00e9lai \n- Arr\u00eat\u00e9s et d\u00e9cisions portant fixation du pays de renvoi \n- D\u00e9cisions concernant l'interdiction de retour \n- Arr\u00eat\u00e9s portant interdiction de circulation sur l e territoire fran\u00e7ais \n- Visas (octroi et refus, prolongations et refus de  prolongation\u2026) \n- Acceptation ou refus de titres de voyage \n \n \nEn cas d'absence ou d'emp\u00eachement de  M. Yoann PINEAU , chef du bureau du droit au s\u00e9jour des \n\u00e9trangers , d\u00e9l\u00e9gation est donn\u00e9e \u00e0  M. Miguel BRAULT, adjoint au chef de bureau du droit au s\u00e9jour des \n\u00e9trangers, \u00e0 l'effet de signer les d\u00e9cisions dont d\u00e9l\u00e9gation a  \u00e9t\u00e9 donn\u00e9e \u00e0 M. Yoann PINEAU , chef du \nbureau du droit au s\u00e9jour des \u00e9trangers.  \n \nPar ailleurs, d\u00e9l\u00e9gation est donn\u00e9e \u00e0 Mme Isabelle JACOB  et Mme V\u00e9ronique BOISSIERE \u00e0 l'effet de \nsigner les correspondances courantes relatives au d roit au s\u00e9jour dont les r\u00e9c\u00e9piss\u00e9s de demandes de \ncartes de s\u00e9jour et les autorisations provisoires de s\u00e9jour (APS).  \n \nM. Rapha\u00ebl GEROME, Mme Elvina RENVOISE, Mme Sandrin e PELLIEUX, Mme Laurence TRONCHET, \nMme Anne-Laure CHAMASSI, Mme Marie-Pierre OGER-GARL AND et Mme Am\u00e9lie RAGNI re\u00e7oivent \nPr\u00e9fecture de la Sarthe - 72-2024-09-23-00001 - D\u00e9l\u00e9gation de signature DCL 39\n \nPlace Aristide Briand \u2013 72 041 LE MANS Cedex 9 \u2013 \nStandard : 02 43 39 72 72 - T\u00e9l\u00e9copie : 02 43 28 24 09 - Serveur vocal : 02 43 39 70 00  \nwww.sarthe.gouv.fr  \u2013 pref-mail@sarthe.gouv.fr  - Twitter : @Prefet72 - Facebook : Pr\u00e9fecture de la Sarthe \n \n9 \nd\u00e9l\u00e9gation de signature \u00e0 l'effet de contresigner les visas de r\u00e9gularisation, les maquettes de fabrication \ndes titres de s\u00e9jour ainsi que les documents de cir culation pour \u00e9tranger mineur et les r\u00e9c\u00e9piss\u00e9s de \ndemande de cartes de s\u00e9jour et les titres de voyage  pour \u00e9trangers b\u00e9n\u00e9ficiaires d'une protection \ninternationale. \n \nEn cas d'absence ou d'emp\u00eachement de M. Yoann PINEAU, chef du bureau du droit au s\u00e9jour des \n\u00e9trangers et de M. Miguel BRAULT,  adjoint au chef \ndu bureau du droit au s\u00e9jour des \u00e9tranger s, la \nd\u00e9l\u00e9gation de signature qui leur est conf\u00e9r\u00e9e sera exerc\u00e9e par Mme Ma\u00eblle ROBELET, cheffe du bureau \nde l'asile, de l'\u00e9loignement et du contentieux  ou \u00e0 d\u00e9faut par Mme Marjorie BOUVIER, adjointe \u00e0 la \ncheffe du bureau de l'asile, de l'\u00e9loignement et du contentieux. \n \nArticle 6 \n :  \n \nEn cas d'absence ou d'emp\u00eachement de M. Pierre-Jean CAMPS, directeur de la citoyennet\u00e9 et de la \nl\u00e9galit\u00e9,  d\u00e9l\u00e9gation est donn\u00e9e \u00e0 Mme Ma\u00eblle ROBELET, cheffe du bureau de l'asile, de l'\u00e9loignement et \ndu contentieux , \u00e0 l'effet de signer les correspondances courantes  et inscriptions au fichier des \npersonnes recherch\u00e9es relevant du bureau asile \u00e9loi gnement contentieux, la certification conforme \npour services faits et pi\u00e8ces comptables ainsi que les avis, correspondances et d\u00e9cisions pour les \nattributions indiqu\u00e9es ci-apr\u00e8s : \n \n- D\u00e9cisions relatives \u00e0 la d\u00e9livrance et au refus d e d\u00e9livrance ou de renouvellement d'un titre \nde s\u00e9jour, d'un r\u00e9c\u00e9piss\u00e9 de carte de s\u00e9jour, d'une  autorisation provisoire de s\u00e9jour y \ncompris celle r\u00e9gie par les dispositions des articles L. 581-1 et suivants et R. 581-1 et suivants \ndu code de l'entr\u00e9e et du s\u00e9jour des \u00e9trangers et d u droit d'asile, d'un document de \ncirculation pour \u00e9tranger mineur, l'abrogation ains i que le retrait de ces d\u00e9cisions et la \nr\u00e9ponse aux recours gracieux ; \n- Attestations de demandes d'asile (ADA) \n- Arr\u00eat\u00e9s portant obligation de quitter le territoi re  fran\u00e7ais avec et sans d\u00e9lai (OQTF), et \narr\u00eat\u00e9s de r\u00e9admission et arr\u00eat\u00e9s de transferts dans le cadre des proc\u00e9dures d'\u00e9loignement  \n- Placements en r\u00e9tention et maintien en r\u00e9tention et d'irrecevabilit\u00e9 \n- Assignations \u00e0 r\u00e9sidence \n- Arr\u00eat\u00e9s et d\u00e9cisions portant fixation du pays de renvoi et interdiction de retour sur le \nterritoire fran\u00e7ais \n- Arr\u00eat\u00e9s portant interdiction de circulation sur l e territoire fran\u00e7ais \n- Refus de s\u00e9jour \n- Demandes de laissez-passer consulaires \n- D\u00e9livrance de laissez-passer europ\u00e9ens \n- R\u00e9quisition des forces de l'ordre \n- Signalement au procureur de la R\u00e9publique sur le fondement de l'article 40 du code de \nproc\u00e9dure p\u00e9nale \n- Saisines et m\u00e9moires devant le juge des libert\u00e9s et de la d\u00e9tention et la cour d'appel \n- M\u00e9moires et requ\u00eates devant les tribunaux adminis tratifs, les Cours administratives d'appel \n- Saisine du Procureur de la R\u00e9publique \n- Mandat de repr\u00e9sentation devant le juge des liber t\u00e9s et de la d\u00e9tention (JLD) et la Cour \nd'Appel (CA). \n \n \nEn cas d'absence ou d'emp\u00eachement de  Mme Ma\u00eblle ROBELET, cheffe du bureau de l'asile, de \nl'\u00e9loignement et du contentieux, d\u00e9l\u00e9gation est donn\u00e9e \u00e0 M me Marjorie BOUVIER, adjointe \u00e0 la cheffe \ndu bureau de l'asile, l'\u00e9loignement et du contentieux, \u00e0 l'effet de signer les d\u00e9cisions dont d\u00e9l\u00e9gation a  \n\u00e9t\u00e9 donn\u00e9e \u00e0 Mme Ma\u00eblle ROBELET, cheffe du bureau de l'asile, de l'\u00e9loignement et du contentieux.  \n \nPar ailleurs, en cas d'absence ou d'emp\u00eachement de Mme Ma\u00eblle ROBELET, cheffe du bureau de l'asile, \nde l'\u00e9loignement et du contentieux  et de Mme Marjorie BOUVIER, adjointe \u00e0 la cheffe du bureau de \nl'asile, de l'\u00e9loignement et du contentieux , d\u00e9l\u00e9gation de signature est donn\u00e9e \u00e0 M. Alain NABHAN,  M. \nS\u00e9bastien DAABEK et Mme Julie ANDR\u00c9  \u00e0 effet de signer les demandes de laissez-passer c onsulaires, \nles maquettes de fabrication des titres de s\u00e9jour, les attestations de demandeurs d'asile et les \nr\u00e9c\u00e9piss\u00e9s de demande de titre de s\u00e9jour.  \nPr\u00e9fecture de la Sarthe - 72-2024-09-23-00001 - D\u00e9l\u00e9gation de signature DCL 40\n \nPlace Aristide Briand \u2013 72 041 LE MANS Cedex 9 \u2013 \nStandard : 02 43 39 72 72 - T\u00e9l\u00e9copie : 02 43 28 24 09 - Serveur vocal : 02 43 39 70 00  \nwww.sarthe.gouv.fr  \u2013 pref-mail@sarthe.gouv.fr  - Twitter : @Prefet72 - Facebook : Pr\u00e9fecture de la Sarthe \n \n10  \n \nEn cas d'absence de Mme Ma\u00eblle ROBELET, cheffe du bureau de l'asile, de l'\u00e9loignement et du \ncontentieux,  et Mme Marjorie BOUVIER , adjointe \u00e0 la cheffe du bureau de l'asile, de l'\u00e9loignement et \ndu contentieux,  la d\u00e9l\u00e9gation qui leur est conf\u00e9r\u00e9e est exerc\u00e9e pa r M. Yoann PINEAU, chef du bureau \ndu droit au s\u00e9jour des \u00e9trangers, et M. Miguel BRAULT, adjoint au chef du bureau du droit au s\u00e9jour des \n\u00e9trangers.  \n \n \nArticle 7  :  \n \nL'arr\u00eat\u00e9 N\u00b0 DCPPAT 2024-111 du 13 mai 2024 portant d\u00e9l\u00e9gation de signature pour la direction de la \ncitoyennet\u00e9 et de la l\u00e9galit\u00e9 est abrog\u00e9.  \n \nArticle 8 \n :  \n \nLe secr\u00e9taire g\u00e9n\u00e9ral de la pr\u00e9fecture de la Sarthe et le directeur de la citoyennet\u00e9 et de la l\u00e9galit\u00e9 sont \ncharg\u00e9s, chacun en ce qui le concerne, de l'ex\u00e9cuti on du pr\u00e9sent arr\u00eat\u00e9 qui sera publi\u00e9 au recueil des  \nactes administratifs de la pr\u00e9fecture de la Sarthe. \n \n \n                                      Le Pr\u00e9fet,  \n \n                   SIGNE \n \n \n                                Emmanuel AUBRY \n \nPr\u00e9fecture de la Sarthe - 72-2024-09-23-00001 - D\u00e9l\u00e9gation de signature DCL 41","date":"2024-09-24","first_seen_on":"2025-08-31T01:12:03+00:00","id":"5aca7b0f644273a37e94ccead0af0fc46c1bc8e53c404906478b5419584d8c62","name":"RAA n\u00b0154 du 24 septembre 2024","pdf_creation_date":"2024-09-24T11:08:42+00:00","pdf_modification_date":null,"timezone":"Europe/Paris","url":"https://www.sarthe.gouv.fr/contenu/telechargement/22438/141513/file/recueil-142-du-24-09-2024-recueil-des-actes-administratifs.pdf"}
