{"administration":"pref69","administration_name":"Pr\u00e9fecture du Rh\u00f4ne","content":"PR\u00c9F\u00c8TE\nDU RH\u00d4NE\nRECUEIL DES ACTES\nADMINISTRATIFS SP\u00c9CIAL\nN\u00b069-2025-308\nPUBLI\u00c9 LE 25 NOVEMBRE 2025\nSommaire\n69_DSDEN_direction des services d\u00e9partementaux de l'Education\nnationale du Rh\u00f4ne /\n69-2025-11-17-00004 - Arr\u00eat\u00e9 MCS \u00e9coles publiques RS2025 suite\nCSASD et CDEN octobre novembre 2025 (12 pages) Page 4\n69_HCL_Hospices civils de Lyon / Direction des affaires juridiques\n69-2025-11-18-00016 - D\u00e9cision 25-20 du 14 octobre 2025  du Directeur\nG\u00e9n\u00e9ral des Hospices civils de Lyon sur la mise \u00e0 bail\nemphyt\u00e9otique - Terrain situ\u00e9 7 boulevard des Brotteaux \u00e0 Lyon 6e\n(Masse 327)  (2 pages) Page 17\n69-2025-11-18-00017 - D\u00e9cision 25-21 du 14 octobre 2025 du Directeur\nG\u00e9n\u00e9ral des Hospices civils de Lyon sur la mise \u00e0 bail\nemphyt\u00e9otique - Terrain situ\u00e9 131 rue de Cr\u00e9qui \u00e0 Lyon 3\u00b0 (Masse\n46 nord)  (2 pages) Page 20\n69-2025-11-18-00018 - D\u00e9cision 25-22 du 14 octobre 2025 du Directeur\nG\u00e9n\u00e9ral des Hospices civils de Lyon sur la cession d'un appartement en\ncopropri\u00e9t\u00e9 situ\u00e9 17 avenue Foch \u00e0 Lyon 5e  (1 page) Page 23\n69_Pr\u00e9f_Pr\u00e9fecture du Rh\u00f4ne / Direction de la s\u00e9curit\u00e9 et de la\nprotection civile\n69-2025-11-20-00005 - AP du 20 novembre 2025 portant autorisation\nexploitation syst\u00e8me vid\u00e9oprotection - PANDORA - Lyon 2  (2 pages) Page 25\n69-2025-11-20-00006 - AP du 20 novembre 2025 portant autorisation\nexploitation syst\u00e8me vid\u00e9oprotection - PANDORA - Lyon 3  (2 pages) Page 28\n69_Pr\u00e9f_Pr\u00e9fecture du Rh\u00f4ne / Direction des affaires juridiques et de\nl'administration locale\n69-2025-11-24-00001 - Arr\u00eat\u00e9 autorisant l'inhumation du corps de\nMonsieur Jean, Bruno, Bernard, Jacques, Joseph D'HARCOURT dans un\nmausol\u00e9e familial (SCI du ch\u00e2teau de Montmelas Saint-Sorlin), situ\u00e9\nsur une parcelle priv\u00e9e, au sein du cimeti\u00e8re communal de Montmelas\nSaint-Sorlin (Rh\u00f4ne)  (1 page) Page 31\n69_Pr\u00e9f_Pr\u00e9fecture du Rh\u00f4ne / Pr\u00e9fet d\u00e9l\u00e9gu\u00e9 pour la\nd\u00e9fense et la s\u00e9curit\u00e9\n69-2025-11-24-00002 - Arr\u00eat\u00e9 pr\u00e9fectoral 2025-11-24-002 concernant\nle d\u00e9placement de la ligne fronti\u00e8re dans le cadre des travaux de\nl'enregistrement 15 (3 pages) Page 33\n69_SDMIS_Service d\u00e9partemental et m\u00e9tropolitain d'incendie et de\nsecours /\n69-2025-11-24-00005 - AP -2025-061-GPREV-arr\u00eat\u00e9 d'abrogationCTS\n-C-069-2021-005- N\u00b0 E38300583-000-appartenant \u00e0 Raima@Menestra-Za\nCorrata-30250 SOMMIERES (2 pages) Page 37\n2\n69-2025-11-24-00003 - AP -2025-062-GPREV-arr\u00eat\u00e9 d'abrogation-CTS\n-C-069-2021-013- N\u00b0 E38300591-000 appartenant \u00e0 Raima@Menestra-Za\nCorrata-30250 SOMMIERES (2 pages) Page 40\n69-2025-11-24-00004 - AP--2025-063-GPREV-arr\u00eat\u00e9 d'abrogationCTS\n-C-069-2021-017- N\u00b0 E38300595-000-appartenant \u00e0 Raima@Menestra-Za\nCorrata-30250 SOMMIERES (2 pages) Page 43\n69-2025-10-13-00013 - AP2025-058-GPREV-CTS- S-069-2025-003  \nE38300731-Appartenant \u00e0 BROCHERIE and CO-M.Paul MEDORI 298\nmont\u00e9e du Baconnet-69700 MONTAGNY (2 pages) Page 46\n84_DREAL_Direction r\u00e9gionale de l'environnement, de l'am\u00e9nagement et\ndu logement d'Auvergne-Rh\u00f4ne-Alpes / Secr\u00e9tariat G\u00e9n\u00e9ral\n69-2025-11-10-00015 - Arr\u00eat\u00e9 interpr\u00e9fectoral\nn\u00b0DREAL-AURA-EHN-2025-5 portant d\u00e9rogation aux dispositions de\nl'article L.411-1 du code de l'environnement pour\u00a0capture suivie\nd'un rel\u00e2cher imm\u00e9diat sur place d'esp\u00e8ces animales\nprot\u00e9g\u00e9es  (amphibiens, insectes et reptiles) (7 pages) Page 49\n3\n69_DSDEN_direction des services\nd\u00e9partementaux de l'Education nationale du\nRh\u00f4ne\n69-2025-11-17-00004\nArr\u00eat\u00e9 MCS \u00e9coles publiques RS2025 suite\nCSASD et CDEN octobre novembre 2025\n69_DSDEN_direction des services d\u00e9partementaux de l'Education nationale du Rh\u00f4ne - 69-2025-11-17-00004 - Arr\u00eat\u00e9 MCS \u00e9coles\npubliques RS2025 suite CSASD et CDEN octobre novembre 2025 4\nACAD E M | E Direction des services d\u00e9partementauxde l'\u00e9ducation nationaleDE LYON du Rh\u00e9neLibert\u00e9Egalit\u00e9Fraternit\u00e9Division de l'Organisation ScolaireGestion des moyens du 1\u00b0 degr\u00e9DOS1\nL'INSPECTEUR D'ACADEMIE, DIRECTEUR ACADEMIQUE DES SERVICESDE L'EDUCATION NATIONALE DU RHONEArr\u00eat\u00e9 n\u00b0 DSDEN_DOS_2025_11_17_140 du 17 novembre 2025portant sur les mesures de carte scolaire dans le premier degr\u00e9 \u00e0 la rentr\u00e9e 2025annulant l'arr\u00eat\u00e9 n\u00b0 DSDEN_DOS_2025_07_03_138 du 3 juillet 2025\nVu le Code de l'Education, notamment ses articles R222-19-3 et D211-9,Vu l'avis du Comit\u00e9 Social d'Administration Sp\u00e9cial D\u00e9partemental du 18 f\u00e9vrier, 24 juin, 1\u00b0 juillet et du3 novembre 2025Vu l'avis du Conseil D\u00e9partemental de l'Education Nationale du 17 f\u00e9vrier, 26 juin et du 13 novembre 2025.\nARR\u00caT\u00c9\nArticle 1\u00b0 :Les mesures de carte scolaire du 1\u00b0 degr\u00e9 applicables pour l'ann\u00e9e scolaire 2025-2026 dans les \u00e9colespubliques du Rh\u00f4ne sont d\u00e9crites dans la liste annex\u00e9e \u00e0 cet arr\u00eat\u00e9.\nArticle 2 :Madame la Secr\u00e9taire G\u00e9n\u00e9rale de la Direction des Services D\u00e9partementaux de l'Education Nationaledu Rh\u00f4ne est charg\u00e9e de l'ex\u00e9cution du pr\u00e9sent arr\u00eat\u00e9.\nArticle 3 :Cet arr\u00eat\u00e9 annule et remplace l'arr\u00eat\u00e9 n\u00b0 DSDEN_DOS_2025_03_07_138 du 3juillet 2025.\nLyon, le 17 novembre 2025Pour la rectrice et par d\u00e9l\u00e9gation,L'inspecteur d'acad\u00e9mie, directeur acad\u00e9miquedes services de l'\u00e9ducation nationale du Rh\u00f4ne\nArnaud LECLERC\n- \n- \n- \n \n \n69_DSDEN_direction des services d\u00e9partementaux de l'Education nationale du Rh\u00f4ne - 69-2025-11-17-00004 - Arr\u00eat\u00e9 MCS \u00e9coles\npubliques RS2025 suite CSASD et CDEN octobre novembre 2025 5\nAC AD E M l E Direction des services d\u00e9partementauxde l'\u00e9ducation nationaleDE LYON du Rh\u00e9neLibert\u00e9\u00c9galit\u00e9Fraternit\u00e9\n1 \n le 04/11/2025 \n \n \n \n \n \nDivision de l'Organisation Scolaire \nDOS1 \n \n \n \n \n \n \n \n \nI - CR\u00c9ATIONS, RETRAITS DE CLASSES PAR COMMUNE : 143 cr\u00e9ations et 253 retraits \n \nALBIGNY SUR SA\u00d4NE Ecole primaire Les Fr\u00e8res Voisin 0838L Cr\u00e9ation 4\u00e8me classe maternelle \nAMPUIS Ecole \u00e9l\u00e9mentaire Avenue de la Gare 3103Y Cr\u00e9ation 7\u00e8me classe \nANSE Ecole \u00e9l\u00e9mentaire Marcel Pagnol 1388J Retrait 10\u00e8me classe \nARNAS \n \nEcole maternelle Anne de Fleurieu \nEcole \u00e9l\u00e9mentaire Rue du Beaujolais \n3100V \n3263X \nCr\u00e9ation 6\u00e8me classe \nCr\u00e9ation 10\u00e8me classe \nBAGNOLS \n \nEcole primaire Chemin de la Pompe \n \n0862M \n \nRetrait de la classe maternelle \nCr\u00e9ation 3\u00e8me classe \u00e9l\u00e9mentaire \nBEAUJEU Ecole \u00e9l\u00e9mentaire Route d'Avenas 3115L Retrait 4\u00e8me classe \nBLAC\u00c9 \n \nEcole maternelle du Bourg \nEcole \u00e9l\u00e9mentaire du Bourg \n3234R \n2872X \nRetrait 3\u00e8me classe \nCr\u00e9ation 5\u00e8me classe \nBRIGNAIS Ecole maternelle Jacques Cartier 3461M Cr\u00e9ation 4\u00e8me classe \nBRON \n \n \n \n \n \n \n \n \n \n \n \n \nEcole maternelle Pierre Cot \nEcole maternelle La Garenne \n \nEcole \u00e9l\u00e9mentaire La Garenne \n \nEcole primaire Saint Exup\u00e9ry \n \nEcole primaire Jean Moulin \nEcole primaire Ferdinand Buisson \nEcole primaire Louise Michel \nEcole primaire Jean Mac\u00e9 \nEcole primaire Elisabeth et Robert  \nBadinter \n0451R \n4300Z \n \n3798D \n \n1225G \n \n3212S \n3484M \n3642J \n3944M \n4684S \n \nRetrait 10\u00e8me classe \n4 Retraits (13\u00e8me, 12\u00e8me, 11\u00e8me et 10\u00e8me  \nclasses) \n4 Retraits (21\u00e8me, 20\u00e8me, 19\u00e8me et 18\u00e8me  \nclasses) \nRetrait 6\u00e8me classe maternelle \nRetrait 9\u00e8me classe \u00e9l\u00e9mentaire \nRetrait 13\u00e8me classe \u00e9l\u00e9mentaire \nRetrait 9\u00e8me classe \u00e9l\u00e9mentaire \nCr\u00e9ation 7\u00e8me classe \u00e9l\u00e9mentaire \nRetrait 9\u00e8me classe \u00e9l\u00e9mentaire \n10 Cr\u00e9ations (3 classes maternelles et  \n7 classes \u00e9l\u00e9mentaires) Nouvelle \u00e9cole \nCALUIRE ET CUIRE \n \n \n \nEcole \u00e9l\u00e9mentaire Paul Bert \nEcole \u00e9l\u00e9mentaire Jean Jaur\u00e8s Application \nEcole \u00e9l\u00e9mentaire Montessuy \nEcole primaire Victor Basch \nEcole primaire Jean Moulin Application \n0231B \n2980P \n3748Z \n3841A \n3945N \nRetrait 6\u00e8me classe \nCr\u00e9ation 11\u00e8me classe \nCr\u00e9ation 9\u00e8me classe \nCr\u00e9ation 7\u00e8me classe \u00e9l\u00e9mentaire \nCr\u00e9ation 5\u00e8me classe maternelle \nCERCI\u00c9 \n \nEcole primaire de la Roche Bleue \n \n0961V \n \nRetrait 2\u00e8me classe maternelle \nCr\u00e9ation 4\u00e8me classe \u00e9l\u00e9mentaire \nCHABANI\u00c8RE \n \nEcole primaire Jacques Levine \n(Saint Didier sur Riverie) \n1365J \n \nRetrait 3\u00e8me classe \u00e9l\u00e9mentaire \n \n  \nPR\u00c9PARATION DE LA RENTR\u00c9E SCOLAIRE 2025 \nDANS LES \u00c9COLES PUBLIQUES  \nRECAPITULATIF DES MESURES DE CARTE SCOLAIRE \n69_DSDEN_direction des services d\u00e9partementaux de l'Education nationale du Rh\u00f4ne - 69-2025-11-17-00004 - Arr\u00eat\u00e9 MCS \u00e9coles\npubliques RS2025 suite CSASD et CDEN octobre novembre 2025 6\n2 \nCHAMPAGNE AU MONT D'OR Ecole \u00e9l\u00e9mentaire Dominique Vincent 3153C Retrait 12\u00e8me classe \nCHAPONNAY \n \nEcole maternelle Marl\u00e8ne Jobert \nEcole \u00e9l\u00e9mentaire Les Cl\u00e9menti\u00e8res \n2728R \n2774R \nRetrait 7\u00e8me classe \n2 Retraits (14\u00e8me et 13\u00e8me classes) \nCHARBONNI\u00c8RES LES BAINS Ecole primaire Bernard Paday 0927H Retrait 12\u00e8me classe \u00e9l\u00e9mentaire \nCHARLY Ecole maternelle Les \u00c9cureuils 2849X Cr\u00e9ation 6\u00e8me classe \nCHARNAY Ecole primaire du Bourg 1420U Retrait 4\u00e8me classe \u00e9l\u00e9mentaire \nCHATILLON Ecole maternelle Place de la Poste 1811U Retrait 4\u00e8me classe \nCHAZAY D'AZERGUES Ecole \u00e9l\u00e9mentaire Jules Verne 3196Z Cr\u00e9ation 12\u00e8me classe \nCHESSY Ecole primaire Avenue du Stade 3612B Retrait 6\u00e8me classe \u00e9l\u00e9mentaire \nCOGNY Ecole primaire Le Marais 2910N Cr\u00e9ation 4\u00e8me classe \u00e9l\u00e9mentaire \nCOLLONGES AU MONT D'OR Ecole primaire Monsieur Paul 3846F Retrait 10\u00e8me classe \u00e9l\u00e9mentaire \nCOMMUNAY \n \nEcole \u00e9l\u00e9mentaire Des Brosses \nEcole primaire Des Bonni\u00e8res \n3262W \n2594V \nCr\u00e9ation 7\u00e8me classe \nRetrait 8\u00e8me classe maternelle \nCORBAS Ecole primaire Jean Jaur\u00e8s 3027R Retrait 11\u00e8me classe \u00e9l\u00e9mentaire \nCOURS \n \n \n \nEcole \u00e9l\u00e9mentaire L\u00e9onard de Vinci \n(Cours la Ville) \nEcole primaire Les Marronniers \n(Thel) \n3777F \n \n0368A \n \nRetrait 5\u00e8me classe \n \nCr\u00e9ation d'une classe maternelle \nRetrait 2\u00e8me classe \u00e9l\u00e9mentaire \nCOUZON AU MONT D'OR Ecole primaire Reverchon 2826X Cr\u00e9ation 4\u00e8me classe maternelle \nDARDILLY \n \n \nEcole \u00e9l\u00e9mentaire Les Noyeraies \nEcole primaire Le Gr\u00e9goire \n \n3149Y \n1241Z \n \nCr\u00e9ation 11\u00e8me classe \nRetrait 6\u00e8me classe maternelle \nRetrait 11\u00e8me classe \u00e9l\u00e9mentaire \nD\u00c9CINES - CHARPIEU \n \n \n \n \n \n \n \n \nEcole \u00e9l\u00e9mentaire Jean Jaur\u00e8s \nEcole primaire E. Herriot Le Prainet 1 \n \nEcole primaire Charpieu \nEcole primaire Beauregard \nEcole primaire Pierre Moutin \nEcole primaire Les Sablons Les Marais \nEcole primaire La Soie \n \n3471Y \n3979A \n \n1601R \n3656Z \n4464C \n3946P \n3559U \n \nRetrait 14\u00e8me classe \nCr\u00e9ation 6\u00e8me classe maternelle \nRetrait 11\u00e8me classe \u00e9l\u00e9mentaire \nRetrait 10\u00e8me classe \u00e9l\u00e9mentaire \nRetrait 7\u00e8me classe \u00e9l\u00e9mentaire \nCr\u00e9ation 8\u00e8me classe \u00e9l\u00e9mentaire \nCr\u00e9ation 12\u00e8me classe \u00e9l\u00e9mentaire \nRetrait 6\u00e8me classe maternelle \nCr\u00e9ation 12\u00e8me classe \u00e9l\u00e9mentaire \nDEUX GROSNES \n \nEcole primaire du Bourg \n(Saint Christophe) \n1006U \n \nCr\u00e9ation d'une classe maternelle \nRetrait de la classe \u00e9l\u00e9mentaire \nDOMMARTIN Ecole primaire Bernard Clavel 1431F Retrait 8\u00e8me classe \u00e9l\u00e9mentaire \n\u00c9CULLY \n \nEcole \u00e9l\u00e9mentaire Centre \nEcole \u00e9l\u00e9mentaire Le P\u00e9rollier \n2571V \n3355X \nRetrait 6\u00e8me classe \n2 Cr\u00e9ations (12\u00e8me et 13\u00e8me classes) \nFEYZIN \n \n \nEcole primaire Les Grandes Terres \nEcole primaire du Plateau \nEcole primaire Georges Brassens \nEcole primaire Les Bois du Fort \nEcole primaire La Tour \n4080K \n1588B \n3899N \n4620X \n1585Y \nRetrait 4\u00e8me classe maternelle \nRetrait 7\u00e8me classe \u00e9l\u00e9mentaire \nRetrait 7\u00e8me classe \u00e9l\u00e9mentaire \nCr\u00e9ation 5\u00e8me classe \u00e9l\u00e9mentaire \nRetrait 3\u00e8me classe maternelle \nCr\u00e9ation 6\u00e8me classe \u00e9l\u00e9mentaire \nFLEURIEU SUR SA\u00d4NE Ecole primaire Grande Rue 0846V Retrait 2\u00e8me classe maternelle \nCr\u00e9ation 5\u00e8me classe \u00e9l\u00e9mentaire \n69_DSDEN_direction des services d\u00e9partementaux de l'Education nationale du Rh\u00f4ne - 69-2025-11-17-00004 - Arr\u00eat\u00e9 MCS \u00e9coles\npubliques RS2025 suite CSASD et CDEN octobre novembre 2025 7\n3 \nFLEURIEUX SUR L'ARBRESLE Ecole primaire Le Ch\u00eane 3644L Cr\u00e9ation 4\u00e8me classe maternelle \nFRANCHEVILLE Ecole maternelle Jacques Pr\u00e9vert 1143T Retrait 6\u00e8me classe \nGENAS \n \nEcole primaire Jean d'Azieu \nEcole primaire Joanny Collomb \n1579S \n1580T \nRetrait 5\u00e8me classe maternelle \nRetrait 8\u00e8me classe \u00e9l\u00e9mentaire \nGIVORS \n \n \n \n \n \n \n \n \n \n \nEcole maternelle Joliot Curie \nEcole maternelle Edouard Herriot \nEcole maternelle Louise Michel \nEcole \u00e9l\u00e9mentaire Romain Rolland \nEcole \u00e9l\u00e9mentaire Louise Michel \nEcole \u00e9l\u00e9mentaire Joliot Curie \nEcole primaire Jean Jaur\u00e8s \n \nEcole \u00e9l\u00e9mentaire Picard-Liauthaud \nEcole primaire Henri Wallon \nEcole primaire Simone Veil \n0464E \n0460A \n1732H \n1787T \n2374F \n3339E \n3407D \n \n0791K \n3722W \n0465F \nCr\u00e9ation 8\u00e8me classe \nRetrait 5\u00e8me classe \nRetrait 3\u00e8me classe \nRetrait 9\u00e8me classe \nRetrait 5\u00e8me classe \n2 Retraits (15\u00e8me et 14\u00e8me classes) \nCr\u00e9ation d'une classe maternelle \nRetrait 11\u00e8me classe \u00e9l\u00e9mentaire \nRetrait 14\u00e8me classe \nCr\u00e9ation d'une classe \u00e9l\u00e9mentaire \nCr\u00e9ation 9\u00e8me classe \u00e9l\u00e9mentaire \nGLEIZ\u00c9 \n \nEcole \u00e9l\u00e9mentaire Jos\u00e9phine Baker \nEcole primaire Georges Brassens \n2862L \n3150Z \nRetrait 8\u00e8me classe \nCr\u00e9ation 3\u00e8me classe \u00e9l\u00e9mentaire \nGRIGNY Ecole \u00e9l\u00e9mentaire Louis Pasteur 3258S Cr\u00e9ation 13\u00e8me classe \nHAUTE RIVOIRE Ecole primaire du Bourg 3106B Cr\u00e9ation 4\u00e8me classe \u00e9l\u00e9mentaire \nIRIGNY Ecole \u00e9l\u00e9mentaire Hilaire Dunand 0312P Cr\u00e9ation 8\u00e8me classe \nJONAGE Ecole \u00e9l\u00e9mentaire Raymond Aron 2775S Retrait 10\u00e8me classe \nLA MULATI\u00c8RE \n \nEcole primaire du Grand C\u00e8dre \n \n3775D \n \nRetrait 8\u00e8me classe maternelle \nRetrait 11\u00e8me classe \u00e9l\u00e9mentaire \nLACENAS Ecole primaire Grande Rue 1097T Retrait 2\u00e8me classe maternelle \nCr\u00e9ation 4\u00e8me classe \u00e9l\u00e9mentaire \nLACHASSAGNE Ecole primaire Jean Etienne 1418S Cr\u00e9ation 5\u00e8me classe \u00e9l\u00e9mentaire \nLANCI\u00c9 \n \nEcole primaire du Bourg \n \n0953L \n \nCr\u00e9ation 2\u00e8me classe maternelle \nRetrait 4\u00e8me classe \u00e9l\u00e9mentaire \nL'ARBRESLE \n \nEcole primaire Les Molli\u00e8res \n \n3599M \n \nRetrait 2\u00e8me classe maternelle \nCr\u00e9ation 5\u00e8me classe \u00e9l\u00e9mentaire \nLYON 1ER \n \n \nEcole maternelle Robert Doisneau \nEcole primaire Victor Hugo Application \n(\u00e9cole fusionn\u00e9e) \n1072R \n1300N \n \nRetrait 5\u00e8me classe \nRetrait 8\u00e8me classe \u00e9l\u00e9mentaire \n \nLYON 2\u00c8ME \n \n \nEcole maternelle Alix \nEcole primaire Lucie Aubrac \nEcole primaire Michelet \n1067K \n3952W \n3953X \nRetrait 7\u00e8me classe \nRetrait 4\u00e8me classe \u00e9l\u00e9mentaire \nRetrait 2\u00e8me classe maternelle \nLYON 3\u00c8ME \n \n \n \n \n \n \n \nEcole maternelle Meynis \nEcole \u00e9l\u00e9mentaire Antoine Charial \nEcole primaire Louise \nEcole primaire Andr\u00e9 Philip \nEcole primaire Paul Bert \nEcole primaire Montbrillant \nEcole primaire L\u00e9on Jouhaux \n \n1054W \n1453E \n2262J \n3148X \n3707E \n3993R \n2740D \n \nCr\u00e9ation 10\u00e8me classe \nRetrait 12\u00e8me classe \nCr\u00e9ation 9\u00e8me classe \u00e9l\u00e9mentaire \nRetrait 4\u00e8me classe maternelle \nRetrait 6\u00e8me classe \u00e9l\u00e9mentaire \nRetrait 3\u00e8me classe maternelle \nRetrait 8\u00e8me classe maternelle \nRetrait 13\u00e8me classe \u00e9l\u00e9mentaire \n  \n69_DSDEN_direction des services d\u00e9partementaux de l'Education nationale du Rh\u00f4ne - 69-2025-11-17-00004 - Arr\u00eat\u00e9 MCS \u00e9coles\npubliques RS2025 suite CSASD et CDEN octobre novembre 2025 8\n4 \n \n \nLYON 4\u00c8ME \n \n \n \n \n \nEcole maternelle Commandant Arnaud \nEcole maternelle Jean de la Fontaine \nEcole maternelle Georges Lapierre \nEcole \u00e9l\u00e9mentaire Commandant Arnaud \nEcole primaire des Entrep\u00f4ts \n \n1050S \n3990M \n1046M \n3016D \n3759L \n \nCr\u00e9ation 6\u00e8me classe \nRetrait 7\u00e8me classe \nRetrait 3\u00e8me classe \nRetrait 13\u00e8me classe \nCr\u00e9ation 3\u00e8me classe maternelle \nRetrait 5\u00e8me classe \u00e9l\u00e9mentaire \nLYON 5\u00c8ME \n \n \n \n \n \nEcole maternelle Champvert Ouest \nEcole maternelle Fulchiron \nEcole maternelle Fran\u00e7ois Truffaut \nEcole \u00e9l\u00e9mentaire Jean Gerson \nEcole \u00e9l\u00e9mentaire Ferdinand Buisson \nEcole primaire Joliot Curie \n \n0149M \n1043J \n2824V \n1314D \n3116M \n3385E \n \nCr\u00e9ation 4\u00e8me classe \nRetrait 3\u00e8me classe \nCr\u00e9ation 3\u00e8me classe \nRetrait 6\u00e8me classe \nRetrait 10\u00e8me classe \nCr\u00e9ation 4\u00e8me classe maternelle \nRetrait 10\u00e8me classe \u00e9l\u00e9mentaire \nLYON 6\u00c8ME \n \n \n \n \n \nEcole maternelle Jean Rostand \nEcole \u00e9l\u00e9mentaire Louis Pradel \nEcole \u00e9l\u00e9mentaire Jean Rostand \nApplication \nEcole primaire Pierre Corneille \nEcole primaire Montaigne \n1182K \n3600N \n3031V \n \n3030U \n3839Y \nCr\u00e9ation 6\u00e8me classe \nRetrait 9\u00e8me classe \n2 Retraits (13\u00e8me et 12\u00e8me classes) \n \nCr\u00e9ation 4\u00e8me classe maternelle \nRetrait 6\u00e8me classe \u00e9l\u00e9mentaire \nLYON 7\u00c8ME \n \n \n \n \n \n \n \n \n \n \nEcole \u00e9l\u00e9mentaire Aristide Briand \nEcole \u00e9l\u00e9mentaire Claudius Berthelier \nEcole \u00e9l\u00e9mentaire Marcel Pagnol \nEcole primaire Fran\u00e7ois Auguste Ravier \nEcole primaire Julie - Victoire Daubi\u00e9 \nEcole primaire Frida Kahlo \nEcole primaire Jean Pierre Veyet \nEcole primaire Denise Domenach \nEcole primaire Wangari Maatha\u00ef \n \n \n \n3469W \n3711J \n2384S \n1175C \n4189D \n4367X \n3954Y \n3983E \n4504W \n \n \n \nRetrait 16\u00e8me classe \nRetrait 15\u00e8me classe \nRetrait 13\u00e8me classe \nRetrait 9\u00e8me classe \u00e9l\u00e9mentaire \nRetrait 12\u00e8me classe \u00e9l\u00e9mentaire \nCr\u00e9ation 9\u00e8me classe \u00e9l\u00e9mentaire \nRetrait 11\u00e8me classe \u00e9l\u00e9mentaire \nRetrait 9\u00e8me classe \u00e9l\u00e9mentaire \n2 Cr\u00e9ations (7\u00e8me et 8\u00e8me classes  \nmaternelles) \n2 Cr\u00e9ations (8\u00e8me et 9\u00e8me classes  \n\u00e9l\u00e9mentaires) \nLYON 8\u00c8ME \n \n \n \n \n \n \n \n \n \nEcole maternelle Charles P\u00e9guy \nEcole maternelle Alain Fournier \nEcole maternelle Louis Pasteur \nEcole maternelle Maryse Basti\u00e9 \nEcole \u00e9l\u00e9mentaire Charles P\u00e9guy \nEcole \u00e9l\u00e9mentaire Combe Blanche \nEcole primaire Louis Pergaud \nEcole primaire Lumi\u00e8re \nEcole primaire Anne Sylvestre \nEcole primaire Simone Signoret \n1165S \n4213E \n1164R \n2600B \n3237U \n2744H \n2828Z \n3636C \n4410U \n3955Z \nRetrait 11\u00e8me classe \nCr\u00e9ation 12\u00e8me classe \nRetrait 8\u00e8me classe \nCr\u00e9ation 4\u00e8me classe \nCr\u00e9ation 17\u00e8me classe \nRetrait 15\u00e8me classe \nCr\u00e9ation 12\u00e8me classe \u00e9l\u00e9mentaire \nRetrait 9\u00e8me classe \u00e9l\u00e9mentaire \nCr\u00e9ation 11\u00e8me classe \u00e9l\u00e9mentaire \nRetrait 10\u00e8me classe \u00e9l\u00e9mentaire \n  \n69_DSDEN_direction des services d\u00e9partementaux de l'Education nationale du Rh\u00f4ne - 69-2025-11-17-00004 - Arr\u00eat\u00e9 MCS \u00e9coles\npubliques RS2025 suite CSASD et CDEN octobre novembre 2025 9\n5 \nLYON 9\u00c8ME \n \n \n \n \n \n \n \n \n \n \n \nEcole maternelle Les Foug\u00e8res \nEcole maternelle Hector Berlioz \nEcole maternelle Audrey Hepburn \nEcole maternelle Maurice Car\u00eame \nEcole \u00e9l\u00e9mentaire Jean Zay \nEcole \u00e9l\u00e9mentaire Chapeau Rouge \nEcole primaire Les Bleuets \n \nEcole primaire Joann\u00e8s Masset \nEcole primaire Les An\u00e9mones \nEcole primaire Les G\u00e9raniums \nEcole primaire Les Grillons Application \n1153D \n1147X \n1158J \n1146W \n3418R \n0410W \n3455F \n \n4298X \n2977L \n3991N \n0413Z \nRetrait 4\u00e8me classe \nRetrait 5\u00e8me classe \nCr\u00e9ation 9\u00e8me classe \nCr\u00e9ation 3\u00e8me classe \n2 Retraits (18\u00e8me et 17\u00e8me classes) \nRetrait 12\u00e8me classe \nCr\u00e9ation 4\u00e8me classe maternelle \nRetrait 8\u00e8me classe \u00e9l\u00e9mentaire \nRetrait 7\u00e8me classe maternelle \nCr\u00e9ation 10\u00e8me classe \u00e9l\u00e9mentaire \nRetrait 9\u00e8me classe \u00e9l\u00e9mentaire \nCr\u00e9ation 8\u00e8me classe \u00e9l\u00e9mentaire \nMARCILLY D'AZERGUES Ecole primaire Les Trois Ch\u00e2teaux 1251K Retrait 2\u00e8me classe maternelle \nMESSIMY Ecole \u00e9l\u00e9mentaire La Chatelaise 0741F Retrait 7\u00e8me classe \nMEYZIEU \n \n \n \n \n \nEcole maternelle Le Carreau \nEcole primaire Les Calabres \nEcole primaire Condorcet \n \nEcole primaire Ren\u00e9 Cassin \n \n4459X \n1563Z \n1571H \n \n3338D \n \nRetrait 10\u00e8me classe \nRetrait 11\u00e8me classe \u00e9l\u00e9mentaire \nRetrait 8\u00e8me classe maternelle \nRetrait 12\u00e8me classe \u00e9l\u00e9mentaire \nRetrait 7\u00e8me classe maternelle \nRetrait 15\u00e8me classe \u00e9l\u00e9mentaire \nMILLERY Ecole \u00e9l\u00e9mentaire Mil'Fleurs 2777U Retrait 9\u00e8me classe \nMIONS \n \n \nEcole \u00e9l\u00e9mentaire Joseph Sibuet \nEcole primaire Louis Pasteur \nEcole primaire Germain Fumeux \n3426Z \n2465E \n3466T \nRetrait 12\u00e8me classe \nRetrait 11\u00e8me classe \u00e9l\u00e9mentaire \nRetrait 9\u00e8me classe \u00e9l\u00e9mentaire \nMONTAGNY Ecole primaire du Garon 4099F Retrait 2\u00e8me classe maternelle \nCr\u00e9ation 4\u00e8me classe \u00e9l\u00e9mentaire \nNEUVILLE SUR SA\u00d4NE \n \nEcole \u00e9l\u00e9mentaire La Tati\u00e8re \nEcole primaire Lucie Guimet \n0851A \n0852B \nCr\u00e9ation 8\u00e8me classe \nCr\u00e9ation 7\u00e8me classe \u00e9l\u00e9mentaire \nOULLINS - PIERRE B\u00c9NITE \n \n \n \n \n \n \n \n \n \n \n \nEcole maternelle Pablo Picasso \n(Pierre B\u00e9nite) \nEcole \u00e9l\u00e9mentaire Langevin-Jaur\u00e8s \n(Pierre B\u00e9nite) \nEcole \u00e9l\u00e9mentaire Paul \u00c9luard \n(Pierre B\u00e9nite) \nEcole primaire La Glaci\u00e8re (Oullins) \nEcole primaire La Saulaie (Oullins) \nEcole primaire Jules Ferry (Oullins) \nEcole primaire Amp\u00e8re (Oullins) \nEcole primaire Jean de la Fontaine \n(Oullins) \n1707F \n \n0326E \n \n3716P \n \n1714N \n3568D \n3712K \n3802H \n3715N \n \n2 Retraits (13\u00e8me et 12\u00e8me classes) \n \nCr\u00e9ation 15\u00e8me classe \n \nRetrait 18\u00e8me classe \n \nRetrait 6\u00e8me classe \u00e9l\u00e9mentaire \nCr\u00e9ation 5\u00e8me classe \u00e9l\u00e9mentaire \nRetrait 5\u00e8me classe maternelle \nRetrait 5\u00e8me classe \u00e9l\u00e9mentaire \nCr\u00e9ation 10\u00e8me classe \u00e9l\u00e9mentaire \n \nPOLEYMIEUX AU MONT D'OR Ecole primaire Andr\u00e9 Marie Amp\u00e8re 0853C Retrait 2\u00e8me classe maternelle \nPUSIGNAN Ecole maternelle Charles Perrault 3040E Retrait 6\u00e8me classe \nQUINCIEUX Ecole \u00e9l\u00e9mentaire Marius Gros 0855E Retrait 10\u00e8me classe \nRANCHAL Ecole primaire du Bourg 0365X Retrait 2\u00e8me classe \u00e9l\u00e9mentaire \n69_DSDEN_direction des services d\u00e9partementaux de l'Education nationale du Rh\u00f4ne - 69-2025-11-17-00004 - Arr\u00eat\u00e9 MCS \u00e9coles\npubliques RS2025 suite CSASD et CDEN octobre novembre 2025 10\n6 \nRILLIEUX LA PAPE \n \n \n \n \n \n \nEcole maternelle Les Allagniers \nEcole maternelle Le Mont Blanc \nEcole \u00e9l\u00e9mentaire Le Mont Blanc \nEcole \u00e9l\u00e9mentaire Les Semailles \nEcole \u00e9l\u00e9mentaire Les Allagniers \nEcole \u00e9l\u00e9mentaire Paul Chevallier \nEcole primaire Vancia \n3755G \n3826J \n3431E \n3470X \n3736L \n2869U \n2300A \nRetrait 8\u00e8me classe \nRetrait 9\u00e8me classe \nRetrait 16\u00e8me classe \nRetrait 19\u00e8me classe \nRetrait 15\u00e8me classe \nCr\u00e9ation 10\u00e8me classe \nCr\u00e9ation 4\u00e8me classe maternelle \nSAIN BEL Ecole primaire Jules Chauran 2946C Cr\u00e9ation 3\u00e8me classe maternelle \nSAINT BONNET DE M\u00dbRE Ecole \u00e9l\u00e9mentaire Vercors 2473N Retrait 10\u00e8me classe \nSAINT CYR SUR LE RH\u00d4NE Ecole primaire Route du Grisard 1292E Retrait 4\u00e8me classe \u00e9l\u00e9mentaire \nSAINT FONS \n \n \n \n \n \nEcole primaire Jules Vall\u00e8s \nEcole primaire Simone de Beauvoir \nEcole primaire Maison des 3 Espaces \n \nEcole primaire Simone Veil \n \n3629V \n3962G \n3760M \n \n4299Y \n \nRetrait 16\u00e8me classe \u00e9l\u00e9mentaire \nRetrait 8\u00e8me classe maternelle \nRetrait 6\u00e8me classe maternelle \nRetrait 10\u00e8me classe \u00e9l\u00e9mentaire \nRetrait 5\u00e8me classe maternelle \nCr\u00e9ation 10\u00e8me classe \u00e9l\u00e9mentaire \nSAINT GENIS LAVAL \n \nEcole \u00e9l\u00e9mentaire Guilloux \nEcole primaire Paul Frantz \n3537V \n3848H \nCr\u00e9ation 11\u00e8me classe \nRetrait 9\u00e8me classe \u00e9l\u00e9mentaire \nSAINT LAGER \n \nEcole primaire du Bourg \n \n3157G \n \nCr\u00e9ation 2\u00e8me classe maternelle \nRetrait 4\u00e8me classe \u00e9l\u00e9mentaire \nSAINT MARTIN EN HAUT \n \nEcole primaire Des Petits Fagotiers \n \n1844E \n \nRetrait 3\u00e8me classe maternelle \nCr\u00e9ation 6\u00e8me classe \u00e9l\u00e9mentaire \nSAINT PRIEST \n \n \n \n \n \n \n \n \n \n \n \n \n \n \n \n \n \nEcole maternelle Revaison \nEcole maternelle Jules Ferry \nEcole maternelle Edouard Herriot \nEcole maternelle Fran\u00e7ois Mansart \n(\u00e9cole scissionn\u00e9e) \nEcole \u00e9l\u00e9mentaire \u00c9douard Herriot \nEcole \u00e9l\u00e9mentaire Revaison \nEcole \u00e9l\u00e9mentaire Jules Ferry \nEcole \u00e9l\u00e9mentaire Fran\u00e7ois Mansart \n(\u00e9cole scissionn\u00e9e) \nEcole primaire Simone Signoret \nEcole primaire Mi Plaine \nEcole primaire Plaine de Saythe \nEcole primaire Les Marendiers \n \nEcole primaire Pablo Neruda \nEcole primaire Hector Berlioz \n \n \n4415Z \n1540Z \n1541A \n4685T \n \n3387G \n3532P \n3737M \n0170K \n \n0167G \n2475R \n2614S \n3850K \n \n2752S \n3317F \n \n \nRetrait 8\u00e8me classe \nRetrait 8\u00e8me classe \nCr\u00e9ation 10\u00e8me classe \nRetrait 8\u00e8me classe \n \nRetrait 18\u00e8me classe \nRetrait 14\u00e8me classe \nRetrait 16\u00e8me classe \n2 Cr\u00e9ations (14\u00e8me et 15\u00e8me classes) \n \nRetrait 10\u00e8me classe \u00e9l\u00e9mentaire \nRetrait 10\u00e8me classe \u00e9l\u00e9mentaire \nRetrait 4\u00e8me classe maternelle \nCr\u00e9ation 5\u00e8me classe maternelle \nRetrait 9\u00e8me classe \u00e9l\u00e9mentaire \nRetrait 4\u00e8me classe maternelle \nCr\u00e9ation 7\u00e8me classe maternelle \n2 Retraits (14\u00e8me et 13\u00e8me classes \n\u00e9l\u00e9mentaires) \nSAINT ROMAIN AU MONT D'OR Ecole primaire Les Sources 0860K Retrait 2\u00e8me classe maternelle \nSAINT SYMPHORIEN D'OZON Ecole maternelle Les Marais 2605G Cr\u00e9ation 4\u00e8me classe \nSAINT SYMPHORIEN SUR COISE Ecole primaire Hubert Reeves 2472M Retrait 3\u00e8me classe maternelle \nSAINTE CATHERINE Ecole primaire Des Deux Versants 1371R Retrait de la classe maternelle \nSAINTE CONSORCE Ecole primaire Saint Exup\u00e9ry 0744J Retrait 3\u00e8me classe maternelle \n69_DSDEN_direction des services d\u00e9partementaux de l'Education nationale du Rh\u00f4ne - 69-2025-11-17-00004 - Arr\u00eat\u00e9 MCS \u00e9coles\npubliques RS2025 suite CSASD et CDEN octobre novembre 2025 11\n7 \nSAINTE FOY L\u00c8S LYON \n \n \n \n \n \n \nEcole maternelle Grange Bruy\u00e8re \nEcole maternelle Louise Chassagne \nEcole \u00e9l\u00e9mentaire Paul Fabre \n \nEcole \u00e9l\u00e9mentaire Robert Schuman \nEcole primaire Ch\u00e2telain \nEcole primaire La Gravi\u00e8re \n0495N \n2265M \n0330J \n \n3029T \n0329H \n0234E \n2 Cr\u00e9ations (4\u00e8me et 5\u00e8me classes) \n2 Retraits (2 classes) Fermeture \u00e9cole \n4 Cr\u00e9ations (6\u00e8me, 7\u00e8me,8\u00e8me et 9\u00e8me  \nclasses) \n4 Retraits (4 classes) Fermeture \u00e9cole \nCr\u00e9ation 6\u00e8me classe \u00e9l\u00e9mentaire \nRetrait 5\u00e8me classe maternelle \nSATHONAY CAMP Ecole \u00e9l\u00e9mentaire Louis Regard 3423W Cr\u00e9ation 16\u00e8me classe \nSATHONAY VILLAGE Ecole primaire Les Grains de Bl\u00e9 1643L Retrait 7\u00e8me classe \u00e9l\u00e9mentaire \nSAVIGNY Ecole primaire Des Sources 1446X Retrait 4\u00e8me classe \u00e9l\u00e9mentaire \nSOURCIEUX LES MINES Ecole primaire de La Source 1449A Retrait 3\u00e8me classe maternelle \n2 Cr\u00e9ations (6\u00e8me et 7\u00e8me classes \n\u00e9l\u00e9mentaires) \nTAPONAS \n \nEcole primaire Jean Baptiste Saint Genis \n \n0940X \n \nRetrait 2\u00e8me classe maternelle \nCr\u00e9ation 4\u00e8me classe \u00e9l\u00e9mentaire \nTASSIN LA DEMI LUNE \n \n \n \nEcole maternelle Jacques Pr\u00e9vert \nEcole maternelle La Demi-Lune \nEcole \u00e9l\u00e9mentaire Berlier - Vincent \nEcole primaire Le Baraillon \n1142S \n3138L \n0751S \n3621L \nRetrait 7\u00e8me classe \nCr\u00e9ation 5\u00e8me classe \nCr\u00e9ation 7\u00e8me classe \nCr\u00e9ation 4\u00e8me classe maternelle \nTHIZY LES BOURGS Ecole primaire Mardore 1329V Retrait 2\u00e8me classe \u00e9l\u00e9mentaire \nTHURINS \n \nEcole primaire Les Veloutiers \n \n0753U \n \nRetrait 4\u00e8me classe maternelle \nCr\u00e9ation 6\u00e8me classe \u00e9l\u00e9mentaire \nTUPIN ET SEMONS Ecole primaire du Bourg 1296J Retrait de la classe maternelle \nCr\u00e9ation 2\u00e8me classe \u00e9l\u00e9mentaire \nVAUGNERAY Ecole primaire Rue des Ecoles 0754V Retrait 7\u00e8me classe maternelle \nVAULX EN VELIN \n \n \n \n \n \n \n \n \n \n \n \n \n \n \n \n \n \n \n \n \n \nEcole maternelle Fr\u00e9d\u00e9ric Mistral \nEcole maternelle Ambroise Croizat \nEcole maternelle Pablo Neruda \nEcole maternelle Grandcl\u00e9ment \nEcole maternelle Paul Langevin \nEcole maternelle Angelina Courcelles \nEcole maternelle Henri Wallon \nEcole maternelle Federico Garcia Lorca \nEcole \u00e9l\u00e9mentaire Pierre et Marie Curie \nEcole \u00e9l\u00e9mentaire Grandcl\u00e9ment \nEcole \u00e9l\u00e9mentaire Paul Langevin \nEcole \u00e9l\u00e9mentaire Henri Wallon \nEcole \u00e9l\u00e9mentaire Pasteur M. Luther King \nEcole \u00e9l\u00e9mentaire Ambroise Croizat \nEcole primaire Odette Cartailhac \nEcole primaire Katherine Johnson \n \nEcole primaire Anne Frank \nEcole primaire Anton Makarenko \nEcole primaire Youri Gagarine \n(\u00e9cole fusionn\u00e9e) \nEcole primaire Le Chat Perch\u00e9 \n0504Y \n0503X \n1869G \n0500U \n2167F \n2272V \n3575L \n3719T \n3111G \n1405C \n1412K \n3534S \n2462B \n3155E \n4368Y \n4409T \n \n2615T \n3987J \n0164D \n \n3756H \nRetrait 9\u00e8me classe \nRetrait 6\u00e8me classe \nRetrait 5\u00e8me classe \nRetrait 10\u00e8me classe \nRetrait 10\u00e8me classe \nRetrait 8\u00e8me classe \nRetrait 10\u00e8me classe \nRetrait 9\u00e8me classe \nRetrait 10\u00e8me classe \nRetrait 18\u00e8me classe \nRetrait 17\u00e8me classe \nCr\u00e9ation 16\u00e8me classe \nRetrait 15\u00e8me classe \nRetrait 13\u00e8me classe \nRetrait 6\u00e8me classe maternelle \nRetrait 7\u00e8me classe maternelle \nCr\u00e9ation 12\u00e8me classe \u00e9l\u00e9mentaire \nCr\u00e9ation 6\u00e8me classe maternelle \nRetrait 13\u00e8me classe \u00e9l\u00e9mentaire \n8 Retraits (16\u00e8me,15\u00e8me,14\u00e8me,13\u00e8me,12\u00e8me, \n11\u00e8me, 10\u00e8me et 9\u00e8me classes \u00e9l\u00e9mentaires) \n9 Cr\u00e9ations (9 classes \u00e9l\u00e9mentaires) \n69_DSDEN_direction des services d\u00e9partementaux de l'Education nationale du Rh\u00f4ne - 69-2025-11-17-00004 - Arr\u00eat\u00e9 MCS \u00e9coles\npubliques RS2025 suite CSASD et CDEN octobre novembre 2025 12\n8 \nV\u00c9NISSIEUX \n \n \n \n \n \n \n \n \n \n \n \n \n \n \n \n \n \n \nEcole maternelle Le Charr\u00e9ard \nEcole maternelle Max Barel \nEcole maternelle Joliot Curie \nEcole maternelle Gabriel P\u00e9ri \nEcole maternelle Jean Moulin \nEcole maternelle Saint Exup\u00e9ry \nEcole maternelle Paul Langevin \nEcole maternelle Jules Guesde \nEcole \u00e9l\u00e9mentaire Jules Guesde \nEcole \u00e9l\u00e9mentaire Moulin \u00e0 Vent \nEcole \u00e9l\u00e9mentaire Louis Pergaud B \nEcole \u00e9l\u00e9mentaire Joliot Curie \nEcole \u00e9l\u00e9mentaire Centre \nEcole \u00e9l\u00e9mentaire Jean Moulin \nEcole \u00e9l\u00e9mentaire Flora Tristan \nEcole primaire Ernest Renan \nEcole primaire Louis Pergaud \nEcole primaire Georges L\u00e9vy \nEcole primaire Charles Perrault \n \n \n1190U \n4303C \n4506Y \n4507Z \n1081A \n3900P \n4462A \n1186P \n2882H \n0909N \n2303D \n3035Z \n3514V \n3732G \n4259E \n0908M \n1800G \n2540L \n3852M \n \n \nCr\u00e9ation 11\u00e8me classe \nRetrait 10\u00e8me classe \nRetrait 11\u00e8me classe \nRetrait 10\u00e8me classe \nRetrait 8\u00e8me classe \n2 Retraits (7\u00e8me et 6\u00e8me classes) \nRetrait 9\u00e8me classe \nCr\u00e9ation 10\u00e8me classe \nRetrait 15\u00e8me classe \nRetrait 16\u00e8me classe \nCr\u00e9ation 10\u00e8me classe \nRetrait 16\u00e8me classe \nCr\u00e9ation 20\u00e8me classe \nCr\u00e9ation 15\u00e8me classe \nRetrait 14\u00e8me classe \nRetrait 7\u00e8me classe maternelle \nRetrait 10\u00e8me classe maternelle \nRetrait 10\u00e8me classe \u00e9l\u00e9mentaire \nRetrait 8\u00e8me classe maternelle \n2 Retraits (11\u00e8me et 10\u00e8me classes \n\u00e9l\u00e9mentaires) \nVILLECHEN\u00c8VE Ecole primaire Les Milottiers 1362F Retrait 2\u00e8me classe maternelle \nCr\u00e9ation 3\u00e8me classe \u00e9l\u00e9mentaire \nVILLEFRANCHE SUR SA\u00d4NE \n \n \n \n \n \nEcole maternelle Anne de Beaujeu \nEcole maternelle Paul Eluard \nEcole \u00e9l\u00e9mentaire Ferdinand Buisson \nEcole primaire Jacques Pr\u00e9vert \nEcole primaire Albert Camus \n \nEcole primaire Lamartine \n1196A \n1198C \n3389J \n1790W \n2976K \n \n3110F \nRetrait 9\u00e8me classe \nRetrait 6\u00e8me classe \nRetrait 16\u00e8me classe \nRetrait 8\u00e8me classe maternelle \nRetrait 6\u00e8me classe maternelle \nCr\u00e9ation 10\u00e8me classe \u00e9l\u00e9mentaire \nRetrait 8\u00e8me classe maternelle \nVILLEURBANNE Ecole maternelle Louis Armand \nEcole maternelle Anatole France \nEcole maternelle Ch\u00e2teau Gaillard \nEcole maternelle Simone Veil \nEcole maternelle Jules Ferry \nEcole maternelle Berthelot \nEcole maternelle Jean Jaur\u00e8s \nEcole maternelle L\u00e9on Jouhaux \nEcole maternelle Albert Camus \nEcole maternelle Louis Pasteur \nEcole maternelle Ernest Renan A \nEcole \u00e9l\u00e9mentaire Louis Armand \nEcole \u00e9l\u00e9mentaire Nigritelle Noire \nEcole \u00e9l\u00e9mentaire Saint Exup\u00e9ry \nEcole \u00e9l\u00e9mentaire Anatole France \nEcole \u00e9l\u00e9mentaire Simone Veil \nEcole \u00e9l\u00e9mentaire Antonin Perrin \nEcole \u00e9l\u00e9mentaire Louis Pasteur \n \n3634A \n1210R \n1217Y \n4622Z \n1203H \n1204J \n1214V \n1215W \n1712L \n3753E \n1209P \n0162B \n3303R \n3563Y \n3724Y \n4331H \n3033X \n3042G \n \nRetrait 7\u00e8me classe \nRetrait 8\u00e8me classe \nCr\u00e9ation 11\u00e8me classe \n2 Cr\u00e9ations (13\u00e8me et 14\u00e8me classes) \n2 Retraits (10\u00e8me et 9\u00e8me classes) \nCr\u00e9ation 11\u00e8me classe \nRetrait 11\u00e8me classe \n2 Retraits (9\u00e8me et 8\u00e8me classes) \nRetrait 13\u00e8me classe \nRetrait 13\u00e8me classe \nRetrait 11\u00e8me classe \nRetrait 13\u00e8me classe \nRetrait 12\u00e8me classe \n2 Retraits (16\u00e8me et 15\u00e8me classes) \nRetrait 14\u00e8me classe \nCr\u00e9ation 17\u00e8me classe \n2 Retraits (18\u00e8me et 17\u00e8me classes) \nCr\u00e9ation 19\u00e8me classe \n69_DSDEN_direction des services d\u00e9partementaux de l'Education nationale du Rh\u00f4ne - 69-2025-11-17-00004 - Arr\u00eat\u00e9 MCS \u00e9coles\npubliques RS2025 suite CSASD et CDEN octobre novembre 2025 13\n9 \nVILLEURBANNE (SUITE) \n \n \n \n \n \n \n \n \nEcole \u00e9l\u00e9mentaire Jean Jaur\u00e8s \nEcole \u00e9l\u00e9mentaire Berthelot \nEcole \u00e9l\u00e9mentaire Descartes \nEcole primaire Jacques Pr\u00e9vert \n \nEcole primaire Lakanal \nEcole primaire Niki de Saint Phalle  \n(ex. Grandcl\u00e9ment) \n \nEcole primaire Ernest Renan B \n3291C \n3738N \n3292D \n2609L \n \n0378L \n4505X \n \n \n0373F \n \nRetrait 20\u00e8me classe \nRetrait 19\u00e8me classe \nRetrait 12\u00e8me classe \n2 Cr\u00e9ations (1\u00e8re et 2\u00e8me classes  \n\u00e9l\u00e9mentaires) \nRetrait 9\u00e8me classe \u00e9l\u00e9mentaire \nCr\u00e9ation 6\u00e8me classe maternelle \n2 Cr\u00e9ations (8\u00e8me et 9\u00e8me classes  \n\u00e9l\u00e9mentaires) \nRetrait 7\u00e8me classe maternelle \nCr\u00e9ation 12\u00e8me classe \u00e9l\u00e9mentaire \nVILLI\u00c9 MORGON Ecole \u00e9l\u00e9mentaire Elise et Robert Deville 2755V Retrait 6\u00e8me classe \nVOURLES Ecole primaire Girard Desargues 3964J Retrait 7\u00e8me classe \u00e9l\u00e9mentaire \n \n \n \nII - FUSIONS D'\u00c9COLES (avec direction unique) : \n \nLYON 1ER  maternelle Victor Hugo Application (0691070N) et \u00e9l\u00e9mentaire Victor Hugo Application (0691300N) \nLYON 6\u00c8ME  maternelle Antoine R\u00e9mond (0691183L) et \u00e9l\u00e9mentaire Antoine R\u00e9mond (0693126Y) \nMARCY L'\u00c9TOILE maternelle Fran\u00e7oise Dolto (0693235S) et \u00e9l\u00e9mentaire Fran\u00e7oise Dolto (0690740E) \nVAULX EN VELIN maternelle Youri Gagarine (0692433V) et \u00e9l\u00e9mentaire Youri Gagarine (0690164D)  \nVILLEFRANCHE SUR SA\u00d4NE maternelle Armand Chouffet (0691199D) et \u00e9l\u00e9mentaire Armand Chouffet (0693458J)  \n \n \n \nIII - CR\u00c9ATIONS D'\u00c9COLES : \n \nBRON  Cr\u00e9ation de l'\u00e9cole primaire Elisabeth et Robert Badinter (0694684S) \n \n \n \nIV - FERMETURES D'\u00c9COLES : \n \nSAINTE FOY L\u00c8S LYON   Fermeture de l'\u00e9cole maternelle Louise Chassagne (0692265M) \nSAINTE FOY L\u00c8S LYON   Fermeture de l'\u00e9cole \u00e9l\u00e9mentaire Robert Schuman (0693029T) \n \n \n \nV - SCISSIONS D'\u00c9COLES : \n \nSAINT PRIEST : Scission de l'\u00e9cole primaire Fran\u00e7ois Mansart (0690170K) en deux \u00e9coles distinctes : \n- l'\u00e9cole maternelle Fran\u00e7ois Mansart (0694685T) \n- l'\u00e9cole \u00e9l\u00e9mentaire Fran\u00e7ois Mansart (0690170K) \n \n \n \nVI - SCOLARISATION DES \u00c9L\u00c8VES \u00c0 BESOINS \u00c9DUCATIFS PARTICULIERS : \n \n\uf0d8 R\u00e9f\u00e9rents (ERSEH) : \n- Cr\u00e9ation de trois postes d'enseignants r\u00e9f\u00e9rents : un poste au coll\u00e8ge Les Quatre Vents \u00e0 L'Arbresle (0691482L), un poste \nau coll\u00e8ge Les Servizi\u00e8res \u00e0 Meyzieu (0691668N) et un poste au coll\u00e8ge G\u00e9rard Philipe \u00e0 Saint Priest  (0692160Y) \n \n \n69_DSDEN_direction des services d\u00e9partementaux de l'Education nationale du Rh\u00f4ne - 69-2025-11-17-00004 - Arr\u00eat\u00e9 MCS \u00e9coles\npubliques RS2025 suite CSASD et CDEN octobre novembre 2025 14\n10 \n \n\uf0d8 ULIS \u00e9coles : \n\uf0b7 Cr\u00e9ation : \n- Cr\u00e9ation d'une ULIS TSA (Troubles du Spectre Autistique) \u00e0 l'\u00e9cole primaire Les Marronniers \u00e0 Fontaine s sur Sa\u00f4ne \n(0691074T) \n\uf0b7 Transferts : \n- Suite \u00e0 la fermeture de l'\u00e9cole \u00e9l\u00e9mentaire Robert Schuman \u00e0 Sainte Foy l\u00e8s Lyon (0693029T) le poste d'ULIS est transf\u00e9r\u00e9 \n\u00e0 l'\u00e9cole \u00e9l\u00e9mentaire Paul Fabre de Sainte Foy l\u00e8s Lyon (0690330J) \n\uf0b7 Changements de sp\u00e9cialit\u00e9 : \n-Transformation de l'ULIS -TFC (Troubl es des Fonctions Cognitives) de l'\u00e9cole \u00e9l\u00e9mentaire Langevin-Jaur\u00e8s \u00e0  \nOullins-Pierre B\u00e9nite (0690326E) en ULIS-TSA (Troubles du Spectre Autistique) \n-Transformation de l'ULIS -TFC (Troubles des Fonctions Cognitives) de l'\u00e9cole primaire Charles Perrault \u00e0 V\u00e9 nissieux \n(0693852M) en ULIS-TSA (Troubles du Spectre Autistique) \n\uf0d8 PAS :  cr\u00e9ation de 7 postes de coordonnateurs :  \n3 postes rattach\u00e9s \u00e0 l'IEN ASH3 (0693020H) et 4 postes rattach\u00e9s \u00e0 l'IEN ASH4 (0694261G)  \n\uf0d8 UEMA : Cr\u00e9ation d'un poste (\u00e9cole \u00e0 d\u00e9finir dans la circonscription de l'Arbresle)  \n \n\uf0d8 Postes UPE2A :  \n\uf0b7 Cr\u00e9ations : \n- Cr\u00e9ation d'un demi-poste UPE2A (pour les EFIV) \u00e0 l'\u00e9cole primaire Les Tarentelles \u00e0 Chassieu (0692621Z)  \n\uf0b7 Retraits : \n- Retrait d'un demi-poste UPE2A \u00e0 l'\u00e9cole \u00e9l\u00e9mentaire Pierre Cot \u00e0 Bron (0691219A) \n- Retrait d'un poste UPE2A brigade du secteur de Mornant rattach\u00e9 \u00e0 l'IEN ASH1 (0692726N)  \n\uf0b7 Transferts : \n- Le poste UPE2A implant\u00e9 \u00e0 l'\u00e9cole primaire Simone de Beauvoir \u00e0 Saint Fons (0693962G) est transf\u00e9r\u00e9 \u00e0 l'\u00e9cole \n\u00e9l\u00e9mentaire Langevin-Jaur\u00e8s \u00e0 Oullins-Pierre B\u00e9nite (0690326E) \n- Le poste UPE2A implant\u00e9 \u00e0 l'\u00e9cole primaire Youri Gagarine \u00e0 Vaulx en Velin (0690164D) est transf\u00e9r\u00e9 \u00e0 l'\u00e9cole primaire Le \nChat Perch\u00e9 \u00e0 Vaulx en Velin (0690165E) \n- Le poste UPE2A implant\u00e9 \u00e0 l'\u00e9cole primaire Grandcl\u00e9ment \u00e0 Villeurbanne (0694505X) est transf\u00e9r\u00e9 \u00e0 l'\u00e9cole \u00e9l\u00e9mentaire \nCh\u00e2teau Gaillard \u00e0 Villeurbanne (0693512T) \n\uf0d8 Postes d'enseignants sp\u00e9cialis\u00e9s en \u00e9tablissements m\u00e9dico-\u00e9ducatifs et h\u00f4pitaux : \n\uf0b7 Cr\u00e9ations :  \n- Cr\u00e9ation d'un demi-poste d'enseignant sp\u00e9cialis\u00e9 pour le dispositif exp\u00e9rimental ASE/Handicap (0694690Y) sur le site du \nDIME Aline Renard \u00e0 Rillieux la Pape  \n- Cr\u00e9ation d'un demi-poste d'enseignant sp\u00e9cialis\u00e9 pour le dispositif exp\u00e9rimental ASE/Handicap (0694691Z) sur le site du \nDIME Yves Farge \u00e0 Vaulx en Velin  \n\uf0b7 Retrait :  \n- Retrait d'un poste d'enseignant sp\u00e9cialis\u00e9 au DIME Aline Renard \u00e0 Rillieux la Pape (0693248F)  \n\uf0b7 Transfert de postes : \n- Transfert des 2 postes du DITEP L'\u00e9cossais \u00e0 Limas (0694125J) au DIME Jean Fayard \u00e0 Pommiers (0691828M) \n \n \n \n69_DSDEN_direction des services d\u00e9partementaux de l'Education nationale du Rh\u00f4ne - 69-2025-11-17-00004 - Arr\u00eat\u00e9 MCS \u00e9coles\npubliques RS2025 suite CSASD et CDEN octobre novembre 2025 15\n11 \n \nVII - POSTES FLECH\u00c9S \"langues vivantes\" :  \n\uf0b7 Cr\u00e9ations (sur postes vacants) :  \n- El\u00e9mentaire Aveyron Application \u00e0 Lyon 1er (0693632Y) - 2 postes d'application fl\u00e9ch\u00e9s anglais \n- Primaire Chavant \u00e0 Lyon 7\u00e8me (0690440D) - 1 poste fl\u00e9ch\u00e9 allemand \n- Primaire Fran\u00e7oise H\u00e9riter \u00e0 Lyon 7\u00e8me (0694258D) - 1 poste fl\u00e9ch\u00e9 portugais \n- Primaire Condorcet \u00e0 Meyzieu (0691571H) - 1 poste fl\u00e9ch\u00e9 anglais pour projet EMILE \n- El\u00e9mentaire Anatole France A \u00e0 V\u00e9nissieux (0691717S) - 1 poste fl\u00e9ch\u00e9 anglais pour projet EMILE \n- Primaire Monnet -Roland \u00e0 Villefranche sur Sa\u00f4ne (0691124X) - 1 poste fl\u00e9ch\u00e9 anglais pour projet EMILE pour la \nmaternelle \n\uf0b7 Retraits : \n- El\u00e9mentaire Dominique Vincent \u00e0 Champagne au Mont d'Or (0693153C) : retrait d'un poste fl\u00e9ch\u00e9 allemand \n- El\u00e9mentaire Ir\u00e8ne Joliot Curie \u00e0 Grigny (0690800V) : retrait du poste fl\u00e9ch\u00e9 allemand \n- Primaire Jean Gu\u00e9henno \u00e0 Saint Fons (0691868F) : retrait du poste fl\u00e9ch\u00e9 anglais pour projet EMILE \n- El\u00e9mentaire Fr\u00e9d\u00e9ric Mistral \u00e0 Vaulx en Velin (0691414M) : retrait du poste fl\u00e9ch\u00e9 anglais pour projet EMILE \n- El\u00e9mentaire Max Barel \u00e0 V\u00e9nissieux (0693156F) : retrait du poste fl\u00e9ch\u00e9 allemand \n \nVIII - POSTES ADAPT\u00c9S (PACD-PALD) : le contingent pour la rentr\u00e9e 2025 est de 22 postes (hors postes CNED)  \n \n69_DSDEN_direction des services d\u00e9partementaux de l'Education nationale du Rh\u00f4ne - 69-2025-11-17-00004 - Arr\u00eat\u00e9 MCS \u00e9coles\npubliques RS2025 suite CSASD et CDEN octobre novembre 2025 16\n69_HCL_Hospices civils de Lyon\n69-2025-11-18-00016\nD\u00e9cision 25-20 du 14 octobre 2025  du Directeur\nG\u00e9n\u00e9ral des Hospices civils de Lyon sur la mise \u00e0\nbail emphyt\u00e9otique - Terrain situ\u00e9 7 boulevard\ndes Brotteaux \u00e0 Lyon 6e (Masse 327) \n69_HCL_Hospices civils de Lyon - 69-2025-11-18-00016 - D\u00e9cision 25-20 du 14 octobre 2025  du Directeur G\u00e9n\u00e9ral des Hospices civils\nde Lyon sur la mise \u00e0 bail emphyt\u00e9otique - Terrain situ\u00e9 7 boulevard des Brotteaux \u00e0 Lyon 6e (Masse 327) 17\nHCLHOSPICES CIVILSDE LYON\nDIRECTION GENERALEDirection des Affaires DomanialesDECISIONR\u00e9f. : n\u00b0 25/20 du 14/10/2025OBJET : D\u00e9cision du Directeur G\u00e9n\u00e9ral sur la mise \u00e0 bail emphyt\u00e9otique \u2014 Terrain situ\u00e9 7 boulevarddes Brotteaux \u00e0 Lyon 6\u00b0 (Masse 327)Les Hospices Civils de Lyon sont propri\u00e9taires d'une parcelle de terrain cadastr\u00e9e BC n\u00b019, situ\u00e9e 7boulevard des Brotteaux \u00e0 Lyon 6\u00b0\"\u00b0, d'une superficie totale de 225 m? qu'ils louent au syndicat descopropri\u00e9taires 7 boulevard des Brotteaux, en vertu d'un bail ayant pris effet le 01/07/1990 pour seterminer le 31/06/2020, en contrepartie d'un loyer annuel actuellement fix\u00e9 \u00e0 6 514 \u20ac.Le syndicat des copropri\u00e9taires a sollicit\u00e9 le renouvellement de son bail pour 40 ans.Les Hospices Civils de Lyon ont propos\u00e9 la conclusion d'un nouveau bail avec les caract\u00e9ristiquessuivantes:= Nature du contrat: bail emphyt\u00e9otique conforme aux dispositions des articles L. 451-1 etsuivants du Code Rural et de la P\u00e9che Maritime,= Dur\u00e9e : 40 ans du 1\" janvier 2023 au 31 d\u00e9cembre 2062,\"Loyer annuel : 12 611 \u20ac, payable semestriellement et d'avance le 1\u00b0 jour du semestre civil,\"R\u00e9vision annuelle soumise \u00e0 l'indice du co\u00fbt de la construction,= En cas de cr\u00e9ation de surface en cours de bail : augmentation du loyer \u00e0 due proportion de lasurface de plancher cr\u00e9\u00e9e,= Clause de restitution du terrain nu en fin de bail,\"La conclusion de ce nouveau bail sera r\u00e9alis\u00e9e aux frais exclusifs du preneur.\n69_HCL_Hospices civils de Lyon - 69-2025-11-18-00016 - D\u00e9cision 25-20 du 14 octobre 2025  du Directeur G\u00e9n\u00e9ral des Hospices civils\nde Lyon sur la mise \u00e0 bail emphyt\u00e9otique - Terrain situ\u00e9 7 boulevard des Brotteaux \u00e0 Lyon 6e (Masse 327) 18\nVu la loi n\u00b0 2009-879 du 21 juillet 2009 portant r\u00e9forme de l'h\u00f4pital et relative aux patients, \u00e0 la sant\u00e9et aux territoires ;Vu le d\u00e9cret n\u00b0 2009-1765 du 30 d\u00e9cembre 2009 relatif au Directeur et au Directoire des EPS ;Vu le d\u00e9cret n\u00b0 2010-361 du 8 avril 2010 relatif au Conseil de Surveillance des EPS ;Vu le d\u00e9cret n\u00b0 2010-426 du 29 avril 2010 relatif a l'Assistance Publique - H\u00f4pitaux de Paris, auxHospices Civils de Lyon et \u00e0 l'Assistance Publique - H\u00f4pitaux de Marseille.Apr\u00e8s concertation du Directoire dans sa s\u00e9ance du 16 septembre 2025 ;Apr\u00e8s avis favorable du Conseil de Surveillance dans sa s\u00e9ance du 14 octobre 2025 ;LE DIRECTEUR GENERAL conclut le dossier pr\u00e9sent\u00e9 en d\u00e9cidant la conclusion d'un bail emphyt\u00e9otiqueaux conditions ci-dessus \u00e9nonc\u00e9es et la signature des actes qui en seront la suite ou la cons\u00e9quencepar devant notaire, les frais notari\u00e9s restant \u00e0 la charge du ou des preneurs.Exp\u00e9dition certifi\u00e9e conformePour l'Agence R\u00e9gianale de Sant\u00e9Lyon, le 20Le Directeur G\u00e9n\u00e9ral\nRaymond LE MOIGN\n69_HCL_Hospices civils de Lyon - 69-2025-11-18-00016 - D\u00e9cision 25-20 du 14 octobre 2025  du Directeur G\u00e9n\u00e9ral des Hospices civils\nde Lyon sur la mise \u00e0 bail emphyt\u00e9otique - Terrain situ\u00e9 7 boulevard des Brotteaux \u00e0 Lyon 6e (Masse 327) 19\n69_HCL_Hospices civils de Lyon\n69-2025-11-18-00017\nD\u00e9cision 25-21 du 14 octobre 2025 du Directeur\nG\u00e9n\u00e9ral des Hospices civils de Lyon sur la mise \u00e0\nbail emphyt\u00e9otique - Terrain situ\u00e9 131 rue de\nCr\u00e9qui \u00e0 Lyon 3\u00b0 (Masse 46 nord) \n69_HCL_Hospices civils de Lyon - 69-2025-11-18-00017 - D\u00e9cision 25-21 du 14 octobre 2025 du Directeur G\u00e9n\u00e9ral des Hospices civils de\nLyon sur la mise \u00e0 bail emphyt\u00e9otique - Terrain situ\u00e9 131 rue de Cr\u00e9qui \u00e0 Lyon 3\u00b0 (Masse 46 nord) 20\nHCLHOSPICES CIVILSDE LYON\nDIRECTION GENERALEDirection des Affaires DomanialesDECISIONR\u00e9f. : n\u00b0 25/21 du 14/10/2025OBJET : D\u00e9cision du Directeur G\u00e9n\u00e9ral sur la mise \u00e0 bail emphyt\u00e9otique \u2014 Terrain situ\u00e9 131 rue deCr\u00e9qui a Lyon 3\u00b0 (Masse 46 nord)Les Hospices Civils de Lyon sont propri\u00e9taires d'une parcelle de terrain cadastr\u00e9e BK n\u00b0152 situ\u00e9e 131rue de Cr\u00e9qui a Lyon 3\u00b0, d'une superficie totale de 236 m? qu'ils louent au syndicat des copropri\u00e9taires131 rue de Cr\u00e9qui, en vertu d'un bail ayant pris effet le 01/07/1998 pour se terminer le 30/06/2023,en contrepartie d'un loyer annuel actuellement fix\u00e9 a 4 462 \u20ac.Le syndicat des copropri\u00e9taires a sollicit\u00e9 le renouvellement de son bail pour 30 ans.Les Hospices Civils de Lyon ont propos\u00e9 la conclusion d'un nouveau bail avec les caract\u00e9ristiquessuivantes:= Nature du contrat: bail emphyt\u00e9otique conforme aux dispositions des articles L. 451-1 etsuivants du Code Rural et de la P\u00e9che Maritime,=\" Dur\u00e9e : 30 ans du 1\" janvier 2025 au 31 d\u00e9cembre 2054,= Loyer annuel : 7 886 \u20ac, payable semestriellement et d'avance le 1\u00b0 jour du semestre civil,= R\u00e9vision annuelle soumise a l'indice du co\u00fbt de la construction,= En cas de cr\u00e9ation de surface en cours de bail : augmentation du loyer a due proportion de lasurface de plancher cr\u00e9\u00e9e,= Clause de restitution du terrain nu en fin de bail,= La conclusion de ce nouveau bail sera r\u00e9alis\u00e9e aux frais exclusifs du preneur.\nVu la loi n\u00b0 2009-879 du 21 juillet 2009 portant r\u00e9forme de I'h\u00e9pital et relative aux patients, \u00e0 la sant\u00e9et aux territoires ;Vu le d\u00e9cret n\u00b0 2009-1765 du 30 d\u00e9cembre 2009 relatif au Directeur et au Directoire des EPS ;Vu le d\u00e9cret n\u00b0 2010-361 du 8 avril 2010 relatif au Conseil de Surveillance des EPS ;Vu le d\u00e9cret n\u00b0 2010-426 du 29 avril 2010 relatif \u00e0 l'Assistance Publique - H\u00f4pitaux de Paris, auxHospices Civils de Lyon et a l'Assistance Publique - H\u00f4pitaux de Marseille.Apr\u00e8s concertation du Directoire dans sa s\u00e9ance du 16 septembre 2025 ;Apr\u00e8s avis favorable du Conseil de Surveillance dans sa s\u00e9ance du 14 octobre 2025 ;\n69_HCL_Hospices civils de Lyon - 69-2025-11-18-00017 - D\u00e9cision 25-21 du 14 octobre 2025 du Directeur G\u00e9n\u00e9ral des Hospices civils de\nLyon sur la mise \u00e0 bail emphyt\u00e9otique - Terrain situ\u00e9 131 rue de Cr\u00e9qui \u00e0 Lyon 3\u00b0 (Masse 46 nord) 21\nLE DIRECTEUR GENERAL conclut le dossier pr\u00e9sent\u00e9 en d\u00e9cidant la conclusion d'un bail emphyt\u00e9otiqueaux conditions ci-dessus \u00e9nonc\u00e9es et la signature des actes qui en seront la suite ou la cons\u00e9quencepar devant notaire, les frais notari\u00e9s restant a la charge du ou des preneurs.Exp\u00e9dition certifi\u00e9e conformePour l'Agence R\u00e9gionale de Sant\u00e9Lyon, le 1 e225Le Directeur G\u00e9n\u00e9ral\nRaymond LE MOIGN\n69_HCL_Hospices civils de Lyon - 69-2025-11-18-00017 - D\u00e9cision 25-21 du 14 octobre 2025 du Directeur G\u00e9n\u00e9ral des Hospices civils de\nLyon sur la mise \u00e0 bail emphyt\u00e9otique - Terrain situ\u00e9 131 rue de Cr\u00e9qui \u00e0 Lyon 3\u00b0 (Masse 46 nord) 22\n69_HCL_Hospices civils de Lyon\n69-2025-11-18-00018\nD\u00e9cision 25-22 du 14 octobre 2025 du Directeur\nG\u00e9n\u00e9ral des Hospices civils de Lyon sur la cession\nd'un appartement en copropri\u00e9t\u00e9 situ\u00e9 17\navenue Foch \u00e0 Lyon 5e \n69_HCL_Hospices civils de Lyon - 69-2025-11-18-00018 - D\u00e9cision 25-22 du 14 octobre 2025 du Directeur G\u00e9n\u00e9ral des Hospices civils\nde Lyon sur la cession d'un appartement en copropri\u00e9t\u00e9 situ\u00e9 17 avenue Foch \u00e0 Lyon 5e 23\nHCLHOSPICES CIVILSDE LYON\nDIRECTION GENERALEDirection des Affaires DomanialesDECISIONR\u00e9f. : n\u00b0 25/22 du 14/10/2025OBJET: D\u00e9cision du Directeur G\u00e9n\u00e9ral sur la cession d'un appartement en copropri\u00e9t\u00e9 situ\u00e917 avenue Foch \u00e0 Lyon 6\u00b0Les Hospices Civils de Lyon sont propri\u00e9taires d'un logement en copropri\u00e9t\u00e9 situ\u00e9 17 avenue Foch \u00e0Lyon 6\u00b0 ;Ce logement de type T5 d'une superficie de 227 m? environ situ\u00e9 au 2\u00b0 \u00e9tage de l'immeuble (lot decopropri\u00e9t\u00e9 n\u00b0 6) accompagn\u00e9 de deux caves, la n\u00b02 (lot de copropri\u00e9t\u00e9 n\u00b035) et la n\u00b04 (lot decopropri\u00e9t\u00e9 n\u00b033) est libre de toute occupation ;Ce logement a \u00e9t\u00e9 pr\u00e9c\u00e9demment occup\u00e9 \u00e0 titre de logement de fonction ; conform\u00e9ment auxdispositions de l'article L2141-1 du Code g\u00e9n\u00e9ral de la propri\u00e9t\u00e9 des personnes publiques, il convientde constater la d\u00e9saffectation du logement consid\u00e9r\u00e9 et de prononcer son d\u00e9classement.\nVu la loi n\u00b0 2009-879 du 21 juillet 2009 portant r\u00e9forme de l'h\u00f4pital et relative aux patients, \u00e0 la sant\u00e9et aux territoires ;Vu le d\u00e9cret n\u00b0 2009-1765 du 30 d\u00e9cembre 2009 relatif au Directeur et au Directoire des EPS ;Vu le d\u00e9cret n\u00b0 2010-361 du 8 avril 2010 relatif au Conseil de Surveillance des EPS ;Vu le d\u00e9cret n\u00b0 2010-426 du 29 avril 2010 relatif \u00e0 l'Assistance Publique - H\u00f4pitaux de Paris, auxHospices Civils de Lyon et \u00e0 l'Assistance Publique - H\u00f4pitaux de Marseille.Apr\u00e8s concertation du Directoire dans sa s\u00e9ance du 16 septembre 2025 ;Apr\u00e8s avis favorable du Conseil de Surveillance dans sa s\u00e9ance du 14 octobre 2025 ;LE DIRECTEUR GENERAL conclut le dossier pr\u00e9sent\u00e9 en d\u00e9cidant le d\u00e9classement du domaine publicet la cession de l'appartement situ\u00e9 17 avenue Foch \u00e0 Lyon 6\u00b0 par la proc\u00e9dure de vente aux ench\u00e8resou toute autre forme de vente qu'il appartiendra de retenir et la signature des actes qui en seront lasuite ou la cons\u00e9quence pardevant notaire, les frais d'actes notari\u00e9s restant \u00e0 la charge du ou desacqu\u00e9reurs.Exp\u00e9dition certifi\u00e9e conformePour l'Agence ianale de Sant\u00e9Lyon, le #7 SLe Directeur G\u00e9n\u00e9ral\nRaymond LE MOIGN\n69_HCL_Hospices civils de Lyon - 69-2025-11-18-00018 - D\u00e9cision 25-22 du 14 octobre 2025 du Directeur G\u00e9n\u00e9ral des Hospices civils\nde Lyon sur la cession d'un appartement en copropri\u00e9t\u00e9 situ\u00e9 17 avenue Foch \u00e0 Lyon 5e 24\n69_Pr\u00e9f_Pr\u00e9fecture du Rh\u00f4ne\n69-2025-11-20-00005\nAP du 20 novembre 2025 portant autorisation\nexploitation syst\u00e8me vid\u00e9oprotection -\nPANDORA - Lyon 2 \n69_Pr\u00e9f_Pr\u00e9fecture du Rh\u00f4ne - 69-2025-11-20-00005 - AP du 20 novembre 2025 portant autorisation exploitation syst\u00e8me\nvid\u00e9oprotection - PANDORA - Lyon 2 25\nEPR\u00c9F\u00c8TEDU RH\u00d4NELibert\u00e9Egalit\u00e9Fraternit\u00e9\nPr\u00e9fecture\nDirection de la s\u00e9curit\u00e9 et de la protection civile\nBureau des polices administratives\nDossier 20250842\nArr\u00eat\u00e9 portant autorisation d'exploitation d'un syst\u00e8me de vid\u00e9oprotection\nLa Pr\u00e9f\u00e8te du Rh\u00f4ne\nCommandeur de la L\u00e9gion d'Honneur\nCommandeur de l'ordre national du M\u00e9rite\nVU le code de s\u00e9curit\u00e9 int\u00e9rieure et notamment ses articles L.223-1 \u00e0 L.223-9, L.251-1 \u00e0 L.255-1, ainsi que ses articles  \nR.251-7 et suivants; \nVU l'arr\u00eat\u00e9 minist\u00e9riel du 3 ao\u00fbt 2007 portant d\u00e9finition des normes techniques des syst\u00e8mes de vid\u00e9osurveillance;\nVU le d\u00e9cret en Conseil des Ministres du 11 janvier 2023 portant nomination de Madame Fabienne BUCCIO, pr\u00e9f\u00e8te de  \nla r\u00e9gion Auvergne-Rh\u00f4ne-Alpes, pr\u00e9f\u00e8te de la zone de d\u00e9fense et de s\u00e9curit\u00e9 Sud-Est, pr\u00e9f\u00e8te du Rh\u00f4ne (hors classe)  ;\nVU le d\u00e9cret du 6 novembre 2024 portant nomination de Monsieur Antoine GUERIN, pr\u00e9fet d\u00e9l\u00e9gu\u00e9 pour la d\u00e9fense et la  \ns\u00e9curit\u00e9 aupr\u00e8s de la pr\u00e9f\u00e8te de la r\u00e9gion Auvergne-Rh\u00f4ne-Alpes, pr\u00e9f\u00e8te de la zone de d\u00e9fense et de s\u00e9curit\u00e9 Sud-Est,  \npr\u00e9f\u00e8te du Rh\u00f4ne ;\nVU l'arr\u00eat\u00e9  pr\u00e9fectoral  n\u00b069-2025-10-13-00011  du  13  octobre  2025  portant  d\u00e9l\u00e9gation  de  signature  \u00e0  M  Antoine \nGUERIN, pr\u00e9fet d\u00e9l\u00e9gu\u00e9 pour la d\u00e9fense et la s\u00e9curit\u00e9 aupr\u00e8s de pr\u00e9f\u00e8te de la r\u00e9gion Auvergne-Rh\u00f4ne-Alpes, pr\u00e9f\u00e8te de la \nzone de d\u00e9fense et de s\u00e9curit\u00e9 Sud-Est, pr\u00e9f\u00e8te du Rh\u00f4ne ;\nVU la  demande  pr\u00e9sent\u00e9e  par  directrice  g\u00e9n\u00e9rale  de  la  soci\u00e9t\u00e9  PANDORA  en  vue  d'obtenir  l'autorisation  de \nfonctionnement d'un syst\u00e8me de vid\u00e9oprotection;\nConsid\u00e9rant l'avis favorable \u00e9mis par la Commission d\u00e9partementale de vid\u00e9oprotection le 26/09/2025;\nConsid\u00e9rant que le syst\u00e8me de vid\u00e9oprotection est conforme \u00e0 la r\u00e9glementation ;\nSur proposition de Monsieur le Directeur de la S\u00e9curit\u00e9 et de la Protection Civile.\nARR\u00caTE\nArticle 1er : Le fonctionnement du syst\u00e8me de vid\u00e9oprotection, situ\u00e9 45 rue de la R\u00e9publique  \u00e0 Lyon 2\u00e8me (69002) qui \nfait l'objet de la demande pr\u00e9sent\u00e9e par directrice g\u00e9n\u00e9rale de la soci\u00e9t\u00e9 PANDORA est autoris\u00e9 pour 4 cam\u00e9ras int\u00e9rieures \nsous r\u00e9serve des obligations suivantes : \n- le d\u00e9lai de conservation des images est limit\u00e9 \u00e0 30 jours ;\n- le traitement des images \u00e0 l'\u00e9tranger est formellement interdit ;\n- le titulaire de l'autorisation doit tenir un registre mentionnant les enregistrements r\u00e9alis\u00e9s, la date de destruction des  \nimages et le cas \u00e9ch\u00e9ant la date de leur transmission au parquet ;\n- les personnes charg\u00e9es du traitement du syst\u00e8me de vid\u00e9oprotection sont habilit\u00e9es \u00e0 le faire par le p\u00e9titionnaire ;\n- les personnes habilit\u00e9es \u00e0 acc\u00e9der aux images doivent correspondre \u00e0 celles mentionn\u00e9es dans la d\u00e9claration, elles sont  \nd\u00e9sign\u00e9es par leur identit\u00e9 et/ou leur fonction, toute modification de ces personnes doit \u00eatre faite aupr\u00e8s des services  \npr\u00e9fectoraux ;\n   Pr\u00e9fecture du Rh\u00f4ne \u2013 \n   69419 Lyon cedex 03 \n  04 72 61 61 61\n  www.rhone.gouv.fr 1/2\nLyon, le 20 novembre 2025\n69_Pr\u00e9f_Pr\u00e9fecture du Rh\u00f4ne - 69-2025-11-20-00005 - AP du 20 novembre 2025 portant autorisation exploitation syst\u00e8me\nvid\u00e9oprotection - PANDORA - Lyon 2 26\n- les forces de s\u00e9curit\u00e9 de l'\u00c9tat sont habilit\u00e9es \u00e0 acc\u00e9der aux images en temps r\u00e9el et \u00e0 visionner les enregistrements sur le  \nlieu de traitement des images et une r\u00e9quisition \u00e9crite est n\u00e9cessaire pour toute extraction d'images ;\n- le responsable de la mise en \u0153uvre du syst\u00e8me doit s'assurer que des consignes tr\u00e8s pr\u00e9cises soient donn\u00e9es sur la  \nconfidentialit\u00e9 des images capt\u00e9es et/ou enregistr\u00e9es \u00e0 toutes les personnes concern\u00e9es ;\n- l'acc\u00e8s \u00e0 la salle de visionnage, d'enregistrement et de traitement des images, doit \u00eatre  strictement interdit  \u00e0 toute  \npersonne  qui  n'aura  pas  \u00e9t\u00e9  pr\u00e9alablement  habilit\u00e9e  et  autoris\u00e9e  par  l'autorit\u00e9  responsable  du  syst\u00e8me  ou  de  son \nexploitation ;\n- les cam\u00e9ras ne doivent en aucun cas visionner les zones privatives aux alentours, toutes mesures de protection comme un  \nsyst\u00e8me de masquage ou de \u00ab  floutage \u00bb (notamment pour les lieux privatifs film\u00e9s \u00e0 titre accessoire) doivent \u00eatre prises  \nafin de ne porter, en aucune mani\u00e8re, atteinte \u00e0 l'intimit\u00e9 de la vie priv\u00e9e des riverains qui peuvent se trouver dans leur  \nchamp de vision.\n- l'information du public de l'existence du syst\u00e8me de vid\u00e9oprotection dans la commune, la qualit\u00e9 et les coordonn\u00e9es du  \nresponsable de ce syst\u00e8me doivent appara\u00eetre de mani\u00e8re claire et permanente, l'affichage doit-\u00eatre suffisant et conforme  \nau mod\u00e8le joint \u00e0 la demande ;\n- le syst\u00e8me de vid\u00e9oprotection ne peut pas servir \u00e0 alimenter un fichier nominatif .\nArticle 2 : Les finalit\u00e9s du syst\u00e8me de vid\u00e9oprotection pour lequel la pr\u00e9sente autorisation est d\u00e9livr\u00e9e sont la pr\u00e9vention des  \natteintes \u00e0 la s\u00e9curit\u00e9 des personnes et des biens dans des lieux, ainsi que dans des \u00e9tablissements ouverts au public,  \nparticuli\u00e8rement expos\u00e9s \u00e0 des risques d'agression et de vol.\nArticle 3     : Un d\u00e9port d'images et d'acc\u00e8s aux enregistrements est mis en place vers le service Loss Pr\u00e9vention au 4 place des  \nSaisons Tour Alto \u00e0 Courbevoie (92400).\nArticle 4     : Le titulaire de l'autorisation est tenu d'informer pr\u00e9alablement la pr\u00e9f\u00e8te du Rh\u00f4ne de la date de mise en service du  \nsyst\u00e8me de vid\u00e9oprotection et, le cas \u00e9ch\u00e9ant, du d\u00e9placement des cam\u00e9ras.\nArticle 5 :  Les agents des forces de s\u00e9curit\u00e9 de l'\u00c9tat et du Service D\u00e9partemental M\u00e9tropolitain d'Incendie et de Secours du  \nRh\u00f4ne individuellement d\u00e9sign\u00e9s et d\u00fbment habilit\u00e9s sont destinataires des enregistrements et des images, dans les conditions  \nd\u00e9finies par les conventions de partenariat relatives \u00e0 la vid\u00e9oprotection urbaine conclues le cas \u00e9ch\u00e9ant entre la commune et  \nl'\u00c9tat ou entre la commune et le SDMIS.\nArticle 6 : Toute modification des donn\u00e9es figurant dans le dossier administratif et technique de cette autorisation doit faire  \nl'objet d'une demande de modification d'autorisation aupr\u00e8s des services pr\u00e9fectoraux. La non-ex\u00e9cution de ces dispositions  \nentra\u00eene le retrait de cette autorisation, sans pr\u00e9judice des sanctions p\u00e9nales pr\u00e9vues.\nArticle  7 :  La  pr\u00e9sente  autorisation  est  valable  pour  une  dur\u00e9e  de  cinq  ans  et  devra  faire  l'objet  d'une  demande  de \nrenouvellement quatre mois avant la fin de son \u00e9ch\u00e9ance. \nLe droit d'acc\u00e8s aux informations enregistr\u00e9es est r\u00e9gi par les dispositions de l'article L. 253-5 et des articles R.253-3 et  \nR.253-4 du code de la s\u00e9curit\u00e9 int\u00e9rieure.\nArticle 8 : Le fait de proc\u00e9der \u00e0 des enregistrements de vid\u00e9oprotection sans autorisation, de ne pas les d\u00e9truire dans le d\u00e9lai  \npr\u00e9vu, de les falsifier, d'entraver l'action de la commission d\u00e9partementale de vid\u00e9oprotection ou de la Commission Nationale  \nInformatique et Libert\u00e9s, de faire acc\u00e9der des personnes non habilit\u00e9es aux images ou d'utiliser ces images \u00e0 d'autres fins que  \ncelles pour lesquelles elles sont autoris\u00e9es est puni de trois ans d'emprisonnement et de 45000 euros d'amende sans pr\u00e9judice  \ndes dispositions des articles 226-1 du code p\u00e9nal.\nArticle 9 : le Directeur de la s\u00e9curit\u00e9 et de la protection civile et directrice g\u00e9n\u00e9rale de la soci\u00e9t\u00e9 PANDORA, chacun en ce qui  \nle concerne, est charg\u00e9 de l'ex\u00e9cution du pr\u00e9sent arr\u00eat\u00e9 et qui sera publi\u00e9 au recueil des actes administratifs de la pr\u00e9fecture du  \nRh\u00f4ne.\n Pour la Pr\u00e9f\u00e8te, \nle directeur de la s\u00e9curit\u00e9 et de la protection civile\n       Ernest MOUTOUSSAMY\nSi vous entendez contester le pr\u00e9sent arr\u00eat\u00e9, vous pouvez utiliser les voies de recours suivantes :\n- un recours gracieux motiv\u00e9 peut \u00eatre adress\u00e9 aupr\u00e8s de mes services dans un d\u00e9lai de deux mois \u00e0 compter de la notification du pr\u00e9sent arr\u00eat\u00e9,\n- un recours hi\u00e9rarchique peut \u00eatre introduit aupr\u00e8s de M. le Ministre de l'Int\u00e9rieur, Direction des libert\u00e9s publiques et Affaires juridiques, Bureau des polices Administratives,\nEn l'absence de r\u00e9ponse dans un d\u00e9lai de deux mois \u00e0 compter de la r\u00e9ception de votre recours, celui-ci doit \u00eatre consid\u00e9r\u00e9 comme implicitement rejet\u00e9.\n- un recours contentieux : aupr\u00e8s du Tribunal Administratif de Lyon dans un d\u00e9lai de deux mois \u00e0 compter de la notification du pr\u00e9sent arr\u00eat\u00e9 ou \u00e0 partir de la d\u00e9cision\nImplicite ou explicite de rejet du recours gracieux ou hi\u00e9rarchique. Le tribunal administratif peut \u00eatre saisi d'une requ\u00eate d\u00e9pos\u00e9e sur le site www.telerecours.fr            2/2\n69_Pr\u00e9f_Pr\u00e9fecture du Rh\u00f4ne - 69-2025-11-20-00005 - AP du 20 novembre 2025 portant autorisation exploitation syst\u00e8me\nvid\u00e9oprotection - PANDORA - Lyon 2 27\n69_Pr\u00e9f_Pr\u00e9fecture du Rh\u00f4ne\n69-2025-11-20-00006\nAP du 20 novembre 2025 portant autorisation\nexploitation syst\u00e8me vid\u00e9oprotection -\nPANDORA - Lyon 3 \n69_Pr\u00e9f_Pr\u00e9fecture du Rh\u00f4ne - 69-2025-11-20-00006 - AP du 20 novembre 2025 portant autorisation exploitation syst\u00e8me\nvid\u00e9oprotection - PANDORA - Lyon 3 28\nEPR\u00c9F\u00c8TEDU RH\u00d4NELibert\u00e9Egalit\u00e9Fraternit\u00e9\nPr\u00e9fecture\nDirection de la s\u00e9curit\u00e9 et de la protection civile\nBureau des polices administratives\nDossier 20250840\nArr\u00eat\u00e9 portant autorisation d'exploitation d'un syst\u00e8me de vid\u00e9oprotection\nLa Pr\u00e9f\u00e8te du Rh\u00f4ne\nCommandeur de la L\u00e9gion d'Honneur\nCommandeur de l'ordre national du M\u00e9rite\nVU le code de s\u00e9curit\u00e9 int\u00e9rieure et notamment ses articles L.223-1 \u00e0 L.223-9, L.251-1 \u00e0 L.255-1, ainsi que ses articles  \nR.251-7 et suivants; \nVU l'arr\u00eat\u00e9 minist\u00e9riel du 3 ao\u00fbt 2007 portant d\u00e9finition des normes techniques des syst\u00e8mes de vid\u00e9osurveillance;\nVU le d\u00e9cret en Conseil des Ministres du 11 janvier 2023 portant nomination de Madame Fabienne BUCCIO, pr\u00e9f\u00e8te de  \nla r\u00e9gion Auvergne-Rh\u00f4ne-Alpes, pr\u00e9f\u00e8te de la zone de d\u00e9fense et de s\u00e9curit\u00e9 Sud-Est, pr\u00e9f\u00e8te du Rh\u00f4ne (hors classe)  ;\nVU le d\u00e9cret du 6 novembre 2024 portant nomination de Monsieur Antoine GUERIN, pr\u00e9fet d\u00e9l\u00e9gu\u00e9 pour la d\u00e9fense et la  \ns\u00e9curit\u00e9 aupr\u00e8s de la pr\u00e9f\u00e8te de la r\u00e9gion Auvergne-Rh\u00f4ne-Alpes, pr\u00e9f\u00e8te de la zone de d\u00e9fense et de s\u00e9curit\u00e9 Sud-Est,  \npr\u00e9f\u00e8te du Rh\u00f4ne ;\nVU l'arr\u00eat\u00e9  pr\u00e9fectoral  n\u00b069-2025-10-13-00011  du  13  octobre  2025  portant  d\u00e9l\u00e9gation  de  signature  \u00e0  M  Antoine \nGUERIN, pr\u00e9fet d\u00e9l\u00e9gu\u00e9 pour la d\u00e9fense et la s\u00e9curit\u00e9 aupr\u00e8s de pr\u00e9f\u00e8te de la r\u00e9gion Auvergne-Rh\u00f4ne-Alpes, pr\u00e9f\u00e8te de la \nzone de d\u00e9fense et de s\u00e9curit\u00e9 Sud-Est, pr\u00e9f\u00e8te du Rh\u00f4ne ;\nVU la  demande  pr\u00e9sent\u00e9e  par  directrice  g\u00e9n\u00e9rale  de  la  soci\u00e9t\u00e9  PANDORA  en  vue  d'obtenir  l'autorisation  de \nfonctionnement d'un syst\u00e8me de vid\u00e9oprotection;\nConsid\u00e9rant l'avis favorable \u00e9mis par la Commission d\u00e9partementale de vid\u00e9oprotection le 26/09/2025;\nConsid\u00e9rant que le syst\u00e8me de vid\u00e9oprotection est conforme \u00e0 la r\u00e9glementation ;\nSur proposition de Monsieur le Directeur de la S\u00e9curit\u00e9 et de la Protection Civile.\nARR\u00caTE\nArticle 1er : Le fonctionnement du syst\u00e8me de vid\u00e9oprotection, situ\u00e9 17 rue Docteur Bouchut, dans le centre commercial  \nLa Part Dieu \u00e0 Lyon 3\u00e8me (69003) qui fait l'objet de la demande pr\u00e9sent\u00e9e par directrice g\u00e9n\u00e9rale de la soci\u00e9t\u00e9 PANDORA \nest autoris\u00e9 pour 4 cam\u00e9ras int\u00e9rieures sous r\u00e9serve des obligations suivantes : \n- le d\u00e9lai de conservation des images est limit\u00e9 \u00e0 30 jours ;\n- le traitement des images \u00e0 l'\u00e9tranger est formellement interdit ;\n- le titulaire de l'autorisation doit tenir un registre mentionnant les enregistrements r\u00e9alis\u00e9s, la date de destruction des  \nimages et le cas \u00e9ch\u00e9ant la date de leur transmission au parquet ;\n- les personnes charg\u00e9es du traitement du syst\u00e8me de vid\u00e9oprotection sont habilit\u00e9es \u00e0 le faire par le p\u00e9titionnaire ;\n- les personnes habilit\u00e9es \u00e0 acc\u00e9der aux images doivent correspondre \u00e0 celles mentionn\u00e9es dans la d\u00e9claration, elles sont  \nd\u00e9sign\u00e9es par leur identit\u00e9 et/ou leur fonction, toute modification de ces personnes doit \u00eatre faite aupr\u00e8s des services  \npr\u00e9fectoraux ;\n   Pr\u00e9fecture du Rh\u00f4ne \u2013 \n   69419 Lyon cedex 03 \n  04 72 61 61 61\n  www.rhone.gouv.fr 1/2\nLyon, le 20 novembre 2025\n69_Pr\u00e9f_Pr\u00e9fecture du Rh\u00f4ne - 69-2025-11-20-00006 - AP du 20 novembre 2025 portant autorisation exploitation syst\u00e8me\nvid\u00e9oprotection - PANDORA - Lyon 3 29\n- les forces de s\u00e9curit\u00e9 de l'\u00c9tat sont habilit\u00e9es \u00e0 acc\u00e9der aux images en temps r\u00e9el et \u00e0 visionner les enregistrements sur le  \nlieu de traitement des images et une r\u00e9quisition \u00e9crite est n\u00e9cessaire pour toute extraction d'images ;\n- le responsable de la mise en \u0153uvre du syst\u00e8me doit s'assurer que des consignes tr\u00e8s pr\u00e9cises soient donn\u00e9es sur la  \nconfidentialit\u00e9 des images capt\u00e9es et/ou enregistr\u00e9es \u00e0 toutes les personnes concern\u00e9es ;\n- l'acc\u00e8s \u00e0 la salle de visionnage, d'enregistrement et de traitement des images, doit \u00eatre  strictement interdit  \u00e0 toute  \npersonne  qui  n'aura  pas  \u00e9t\u00e9  pr\u00e9alablement  habilit\u00e9e  et  autoris\u00e9e  par  l'autorit\u00e9  responsable  du  syst\u00e8me  ou  de  son \nexploitation ;\n- les cam\u00e9ras ne doivent en aucun cas visionner les zones privatives aux alentours, toutes mesures de protection comme un  \nsyst\u00e8me de masquage ou de \u00ab  floutage \u00bb (notamment pour les lieux privatifs film\u00e9s \u00e0 titre accessoire) doivent \u00eatre prises  \nafin de ne porter, en aucune mani\u00e8re, atteinte \u00e0 l'intimit\u00e9 de la vie priv\u00e9e des riverains qui peuvent se trouver dans leur  \nchamp de vision.\n- l'information du public de l'existence du syst\u00e8me de vid\u00e9oprotection dans la commune, la qualit\u00e9 et les coordonn\u00e9es du  \nresponsable de ce syst\u00e8me doivent appara\u00eetre de mani\u00e8re claire et permanente, l'affichage doit-\u00eatre suffisant et conforme  \nau mod\u00e8le joint \u00e0 la demande ;\n- le syst\u00e8me de vid\u00e9oprotection ne peut pas servir \u00e0 alimenter un fichier nominatif .\nArticle 2 : Les finalit\u00e9s du syst\u00e8me de vid\u00e9oprotection pour lequel la pr\u00e9sente autorisation est d\u00e9livr\u00e9e sont la pr\u00e9vention des  \natteintes \u00e0 la s\u00e9curit\u00e9 des personnes et des biens dans des lieux, ainsi que dans des \u00e9tablissements ouverts au public,  \nparticuli\u00e8rement expos\u00e9s \u00e0 des risques d'agression et de vol.\nArticle 3     : Un d\u00e9port d'images et d'acc\u00e8s aux enregistrements est mis en place vers le service Loss Pr\u00e9vention au 4 place des  \nSaisons Tour Alto \u00e0 Courbevoie (92400).\nArticle 4     : Le titulaire de l'autorisation est tenu d'informer pr\u00e9alablement la pr\u00e9f\u00e8te du Rh\u00f4ne de la date de mise en service du  \nsyst\u00e8me de vid\u00e9oprotection et, le cas \u00e9ch\u00e9ant, du d\u00e9placement des cam\u00e9ras.\nArticle 5 :  Les agents des forces de s\u00e9curit\u00e9 de l'\u00c9tat et du Service D\u00e9partemental M\u00e9tropolitain d'Incendie et de Secours du  \nRh\u00f4ne individuellement d\u00e9sign\u00e9s et d\u00fbment habilit\u00e9s sont destinataires des enregistrements et des images, dans les conditions  \nd\u00e9finies par les conventions de partenariat relatives \u00e0 la vid\u00e9oprotection urbaine conclues le cas \u00e9ch\u00e9ant entre la commune et  \nl'\u00c9tat ou entre la commune et le SDMIS.\nArticle 6 : Toute modification des donn\u00e9es figurant dans le dossier administratif et technique de cette autorisation doit faire  \nl'objet d'une demande de modification d'autorisation aupr\u00e8s des services pr\u00e9fectoraux. La non-ex\u00e9cution de ces dispositions  \nentra\u00eene le retrait de cette autorisation, sans pr\u00e9judice des sanctions p\u00e9nales pr\u00e9vues.\nArticle  7 :  La  pr\u00e9sente  autorisation  est  valable  pour  une  dur\u00e9e  de  cinq  ans  et  devra  faire  l'objet  d'une  demande  de \nrenouvellement quatre mois avant la fin de son \u00e9ch\u00e9ance. \nLe droit d'acc\u00e8s aux informations enregistr\u00e9es est r\u00e9gi par les dispositions de l'article L. 253-5 et des articles R.253-3 et  \nR.253-4 du code de la s\u00e9curit\u00e9 int\u00e9rieure.\nArticle 8 : Le fait de proc\u00e9der \u00e0 des enregistrements de vid\u00e9oprotection sans autorisation, de ne pas les d\u00e9truire dans le d\u00e9lai  \npr\u00e9vu, de les falsifier, d'entraver l'action de la commission d\u00e9partementale de vid\u00e9oprotection ou de la Commission Nationale  \nInformatique et Libert\u00e9s, de faire acc\u00e9der des personnes non habilit\u00e9es aux images ou d'utiliser ces images \u00e0 d'autres fins que  \ncelles pour lesquelles elles sont autoris\u00e9es est puni de trois ans d'emprisonnement et de 45000 euros d'amende sans pr\u00e9judice  \ndes dispositions des articles 226-1 du code p\u00e9nal.\nArticle 9 : le Directeur de la s\u00e9curit\u00e9 et de la protection civile et directrice g\u00e9n\u00e9rale de la soci\u00e9t\u00e9 PANDORA, chacun en ce qui  \nle concerne, est charg\u00e9 de l'ex\u00e9cution du pr\u00e9sent arr\u00eat\u00e9 et qui sera publi\u00e9 au recueil des actes administratifs de la pr\u00e9fecture du  \nRh\u00f4ne.\n Pour la Pr\u00e9f\u00e8te, \nle directeur de la s\u00e9curit\u00e9 et de la protection civile\n       Ernest MOUTOUSSAMY\nSi vous entendez contester le pr\u00e9sent arr\u00eat\u00e9, vous pouvez utiliser les voies de recours suivantes :\n- un recours gracieux motiv\u00e9 peut \u00eatre adress\u00e9 aupr\u00e8s de mes services dans un d\u00e9lai de deux mois \u00e0 compter de la notification du pr\u00e9sent arr\u00eat\u00e9,\n- un recours hi\u00e9rarchique peut \u00eatre introduit aupr\u00e8s de M. le Ministre de l'Int\u00e9rieur, Direction des libert\u00e9s publiques et Affaires juridiques, Bureau des polices Administratives,\nEn l'absence de r\u00e9ponse dans un d\u00e9lai de deux mois \u00e0 compter de la r\u00e9ception de votre recours, celui-ci doit \u00eatre consid\u00e9r\u00e9 comme implicitement rejet\u00e9.\n- un recours contentieux : aupr\u00e8s du Tribunal Administratif de Lyon dans un d\u00e9lai de deux mois \u00e0 compter de la notification du pr\u00e9sent arr\u00eat\u00e9 ou \u00e0 partir de la d\u00e9cision\nImplicite ou explicite de rejet du recours gracieux ou hi\u00e9rarchique. Le tribunal administratif peut \u00eatre saisi d'une requ\u00eate d\u00e9pos\u00e9e sur le site www.telerecours.fr            2/2\n69_Pr\u00e9f_Pr\u00e9fecture du Rh\u00f4ne - 69-2025-11-20-00006 - AP du 20 novembre 2025 portant autorisation exploitation syst\u00e8me\nvid\u00e9oprotection - PANDORA - Lyon 3 30\n69_Pr\u00e9f_Pr\u00e9fecture du Rh\u00f4ne\n69-2025-11-24-00001\nArr\u00eat\u00e9 autorisant l'inhumation du corps de\nMonsieur Jean, Bruno, Bernard, Jacques, Joseph\nD'HARCOURT dans un mausol\u00e9e familial (SCI du\nch\u00e2teau de Montmelas Saint-Sorlin), situ\u00e9 sur une\nparcelle priv\u00e9e, au sein du cimeti\u00e8re communal\nde Montmelas Saint-Sorlin (Rh\u00f4ne) \n69_Pr\u00e9f_Pr\u00e9fecture du Rh\u00f4ne - 69-2025-11-24-00001 - Arr\u00eat\u00e9 autorisant l'inhumation du corps de Monsieur Jean, Bruno, Bernard,\nJacques, Joseph D'HARCOURT dans un mausol\u00e9e familial (SCI du ch\u00e2teau de Montmelas Saint-Sorlin), situ\u00e9 sur une parcelle priv\u00e9e, au\nsein du cimeti\u00e8re communal de Montmelas Saint-Sorlin (Rh\u00f4ne) \n31\neaPREFETEDU RHONELibert\u00e9Egalit\u00e9Fraternit\u00e9\nLyon, le 21 novembre 2025\nDirection des Affaires Juridiques\net de l'Administration Locale\nBureau des r\u00e9glementations,\ndes \u00e9lections et des associations\nAffaire suivie par : DLP\nT\u00e9l. : 04.72.61.61.29\nCourriel : pref-funeraire@rhone.gouv.fr\nArr\u00eat\u00e9 pr\u00e9fectoral n\u00b0 69-2025-11-        \nautorisant l'inhumation du corps de Monsieur Jean, Bruno, Bernard, Jacques, Joseph D'HARCOURT\ndans un mausol\u00e9e familial (SCI du ch\u00e2teau de Montmelas Saint-Sorlin), situ\u00e9 sur une parcelle priv\u00e9e, au sein du\ncimeti\u00e8re communal de Montmelas Saint-Sorlin (Rh\u00f4ne) \nLa Pr\u00e9f\u00e8te de la r\u00e9gion Auvergne-Rh\u00f4ne-Alpes\nPr\u00e9f\u00e8te du Rh\u00f4ne\nCommandeur de la L\u00e9gion d'honneur\nCommandeur de l'ordre national du M\u00e9rite\nVu le Code g\u00e9n\u00e9ral des collectivit\u00e9s territoriales et notamment les articles R.2213-32, L.2223-9 et L. 2213-10 ;\nVu la demande des pompes fun\u00e8bres  \u00ab Service Catholique des Fun\u00e9railles  \u00bb du 21 novembre 2025, sollicitant\nl'autorisation d'inhumer dans un mausol\u00e9e familial (SCI du ch\u00e2teau de Montmelas  Saint-Sorlin),  situ\u00e9 sur une\nparcelle priv\u00e9e, au sein du cimeti\u00e8re communal de Montmelas Saint-Sorlin, le corps de  Monsieur, Jean, Bruno,\nBernard, Jacques, Joseph D'HARCOURT, n\u00e9 le 15 mai 1943 \u00e0 Lyon 6\u00e8me (Rh\u00f4ne), d\u00e9c\u00e9d\u00e9 le 20 novembre 2025 \u00e0\n10h30 \u00e0 Beaujeu (Rh\u00f4ne),\nVu l'acte de d\u00e9c\u00e8s \u00e9tabli le 21 novembre 2025 par le maire de Beaujeu (Rh\u00f4ne),\nVu l'autorisation de fermeture de cercueil d\u00e9livr\u00e9e le 21 novembre 2025 par le maire de Arnas (Rh\u00f4ne),\nVu l'accord du 20 novembre 2025 de Madame Ma\u00eflys DE PARSCAU, g\u00e9rante de la SCI du Ch\u00e2teau de Montmelas\nSaint-Sorlin,\nVu l'avis favorable du maire de Montmelas Saint-Sorlin (Rh\u00f4ne), du 21 novembre 2025,\nSur la proposition du Pr\u00e9fet, Secr\u00e9taire G\u00e9n\u00e9ral, Pr\u00e9fet d\u00e9l\u00e9gu\u00e9 pour l'\u00e9galit\u00e9 des chances,\nARR\u00caTE\nArticle     1     :    L'inhumation du  corps de Monsieur Jean, Bruno,  Bernard, Jacques, Joseph D'HARCOURT  dans le\nmausol\u00e9e familial (SCI du ch\u00e2teau de Montmelas Saint-Sorlin), situ\u00e9 sur une parcelle priv\u00e9e, au sein du cimeti\u00e8re\ncommunal de Montmelas Saint-Sorlin (Rh\u00f4ne), est autoris\u00e9e.\nArticle     2     :   Il est pr\u00e9cis\u00e9 que le pr\u00e9sent accord ne comporte de la part de l'administration, aucun engagement \u00e0\nl'octroi d'autorisation ult\u00e9rieure.\nArticle     3     :   Le Pr\u00e9fet, Secr\u00e9taire G\u00e9n\u00e9ral, Pr\u00e9fet d\u00e9l\u00e9gu\u00e9 pour l'\u00e9galit\u00e9 des chances, et le maire de  Montmelas\nSaint-Sorlin sont charg\u00e9s, chacun en ce qui le concerne, de l'ex\u00e9cution du pr\u00e9sent arr\u00eat\u00e9 dont copie sera\nadress\u00e9e au Service Catholique des Fun\u00e9railles.\nPour La Pr\u00e9f\u00e8te,\nla directrice des affaires juridiques \net de l'administration locale\nLucie RIGAUX\nPr\u00e9fecture du Rh\u00f4ne\n18 Rue de Bonnel\n69 419 LYON CEDEX 03\nT\u00e9l : 04 72 61 61 61\nwww.rhone.gouv.fr\n69_Pr\u00e9f_Pr\u00e9fecture du Rh\u00f4ne - 69-2025-11-24-00001 - Arr\u00eat\u00e9 autorisant l'inhumation du corps de Monsieur Jean, Bruno, Bernard,\nJacques, Joseph D'HARCOURT dans un mausol\u00e9e familial (SCI du ch\u00e2teau de Montmelas Saint-Sorlin), situ\u00e9 sur une parcelle priv\u00e9e, au\nsein du cimeti\u00e8re communal de Montmelas Saint-Sorlin (Rh\u00f4ne) \n32\n69_Pr\u00e9f_Pr\u00e9fecture du Rh\u00f4ne\n69-2025-11-24-00002\nArr\u00eat\u00e9 pr\u00e9fectoral 2025-11-24-002 concernant le\nd\u00e9placement de la ligne fronti\u00e8re dans le cadre\ndes travaux de l'enregistrement 15\n69_Pr\u00e9f_Pr\u00e9fecture du Rh\u00f4ne - 69-2025-11-24-00002 - Arr\u00eat\u00e9 pr\u00e9fectoral 2025-11-24-002 concernant le d\u00e9placement de la ligne\nfronti\u00e8re dans le cadre des travaux de l'enregistrement 15 33\nARR\u00caT\u00c9 n\u00b0 2025-11-24-002\nModifiant l'arr\u00eat\u00e9 pr\u00e9fectoral du 06 ao\u00fbt 2025 n\u00b0 PDDS 2025-08-05-001 relatif aux mesures de s\u00fbret\u00e9\napplicables sur l'a\u00e9rodrome de Lyon Saint-Exup\u00e9ry\nLE PR\u00c9FET DE LA ZONE DE D\u00c9FENSE ET DE S\u00c9CURIT\u00c9 SUD-EST,\nPR\u00c9FET DE LA R\u00c9GION AUVERGNE-RH\u00d4NE-ALPES,\nPR\u00c9FET DU RH\u00d4NE,\nOFFICIER DE LA L\u00c9GION D'HONNEUR,\nCOMMANDEUR DE L'ORDRE NATIONAL DU M\u00c9RITE,\nVu le r\u00e8glement (CE) n\u00b0 300/2008 du parlement europ\u00e9en et du conseil du 11 mars 2008 modifi\u00e9 d\u00e9finissant des\nr\u00e8gles communes dans le domaine de la s\u00fbret\u00e9 de l'aviation civile et ses r\u00e8glements et d\u00e9cisions de mise en\n\u0153uvre,\nVu le r\u00e8glement (CE) n\u00b0 562/2006 du 15 mars 2006 modifi\u00e9 \u00e9tablissant un Code communautaire relatif au\nr\u00e9gime de franchissement des personnes,\nVu le r\u00e8glement (UE) n\u00b0 2018/1139 du parlement europ\u00e9en et du conseil du 4 juillet 2018 concernant des r\u00e8gles\ncommunes dans le domaine de l'aviation civile,\nVu le r\u00e8glement (UE) n\u00b0 139/2014 de la Commission du 12 f\u00e9vrier 2014 modifi\u00e9 \u00e9tablissant des exigences et des\nproc\u00e9dures administratives relatives aux a\u00e9rodromes,\nVu le code des transports,\nVu le code de l'aviation civile,\nVu le d\u00e9cret n\u00b0 74-78 du 1er f\u00e9vrier 1974 relatif aux attributions des pr\u00e9fets en mati\u00e8re de maintien de l'ordre sur\ncertains a\u00e9rodromes,\nVu le d\u00e9cret n\u00b0 2004-374 du 29 avril 2004 relatif aux pouvoirs des pr\u00e9fets, \u00e0 l'organisation et \u00e0 l'action des\nservices de l'Etat dans les r\u00e9gions et d\u00e9partements,\nVu l'arr\u00eat\u00e9 du 20 avril 1998 portant ouverture des a\u00e9rodromes au trafic a\u00e9rien international,\nVu l'arr\u00eat\u00e9 du 7 janvier 2000 relatif \u00e0 la r\u00e9partition des missions de s\u00e9curit\u00e9 et de paix publiques entre la police\nnationale et la gendarmerie nationale sur l'emprise des a\u00e9rodromes ouverts \u00e0 la circulation a\u00e9rienne publique,\nVu l'arr\u00eat\u00e9 du 2 novembre 2006 modifi\u00e9 relatif aux mesures de s\u00fbret\u00e9 du transport a\u00e9rien,\nVu l'arr\u00eat\u00e9 du 2 mars 2007 autorisant le transfert de la concession des a\u00e9rodromes de Lyon Saint-Exup\u00e9ry et\nLyon-Bron \u00e0 la soci\u00e9t\u00e9 A\u00e9roports de Lyon,\nVu l'arr\u00eat\u00e9 du 11 mai 2007 modifiant la concession des a\u00e9rodromes de Lyon Saint-Exup\u00e9ry et de Lyon-Bron,\nVu l'arr\u00eat\u00e9 interminist\u00e9riel du 11 septembre 2013 modifi\u00e9 relatif aux mesures de s\u00fbret\u00e9 de l'aviation civile, \nVu l'arr\u00eat\u00e9 du 27 juin 2017 portant agr\u00e9ment d'un certificat de qualification professionnelle relatif aux activit\u00e9s\nde s\u00fbret\u00e9 a\u00e9roportuaire,\n69_Pr\u00e9f_Pr\u00e9fecture du Rh\u00f4ne - 69-2025-11-24-00002 - Arr\u00eat\u00e9 pr\u00e9fectoral 2025-11-24-002 concernant le d\u00e9placement de la ligne\nfronti\u00e8re dans le cadre des travaux de l'enregistrement 15 34\nVu la circulaire du 14 mai 2010 relative \u00e0 la d\u00e9livrance de titres de circulation des personnes dans la zone\nr\u00e9serv\u00e9e des a\u00e9rodromes,\nVu l'avis de la directrice de la s\u00e9curit\u00e9 de l'aviation civile Centre-Est,\nVu l'avis du directeur zonal Sud-Est de la Police aux Fronti\u00e8res,\nVu l'avis du commandant de compagnie de la Gendarmerie des Transports A\u00e9riens de Lyon\nVu l'avis du directeur interr\u00e9gional des douanes Centre-Est,\nVu l'avis du pr\u00e9sident du directoire de la soci\u00e9t\u00e9 A\u00e9roports de Lyon, concessionnaire de l'a\u00e9roport,\nVu l'avis de l'officier g\u00e9n\u00e9ral de la zone de d\u00e9fense Sud-Est,\nArr\u00eate\nArticle 1 \nDans le cadre des travaux d'am\u00e9nagement de la zone \u00ab Enregistrement 15 \u00bb au rez-de-chauss\u00e9e du terminal 1A\nde l'a\u00e9roport de Lyon Saint-Exup\u00e9ry, la ligne fronti\u00e8re est modifi\u00e9e en deux phases distinctes \u00e0 partir du 6\noctobre 2025 et pour la dur\u00e9e du chantier, selon les plans joints \u00e0 cet arr\u00eat\u00e9 pour chaque phase.\nArticle 2 \nL'annexe n\u00b0 13 : \u00ab plan terminal 1 hall A niveau rez-de-chauss\u00e9e \u00bb de l'arr\u00eat\u00e9 pr\u00e9fectoral n\u00b0 PDDS 2025-08-05-\n001 du 06 ao\u00fbt 2025 est modifi\u00e9e par les plans joints au pr\u00e9sent arr\u00eat\u00e9. \nArticle 3\nLors du reclassement de la zone, une d\u00e9contamination est r\u00e9alis\u00e9e. \nArticle 4\nLe pr\u00e9sent arr\u00eat\u00e9 entre en vigueur d\u00e8s sa parution, et jusqu'\u00e0 la fin des travaux. \nL'arr\u00eat\u00e9 modificatif n\u00b02025-09-30-002 est abrog\u00e9.\nArticle 5\n- La directrice de la s\u00e9curit\u00e9 de l'aviation civile Centre-Est ;\n- le directeur d\u00e9partemental des territoires du Rh\u00f4ne ;\n- le directeur zonal de la police aux fronti\u00e8res ;\n- le directeur d\u00e9partemental de la s\u00e9curit\u00e9 publique ;\n- le directeur du service interr\u00e9gional des douanes et des droits indirects ;\n- le commandant du groupement de gendarmerie du Rh\u00f4ne ;\n- le commandant de la compagnie de gendarmerie des transports a\u00e9riens de Lyon ;\n- le pr\u00e9sident du directoire de la soci\u00e9t\u00e9 A\u00e9roports de Lyon ;\nsont charg\u00e9s, chacun en ce qui le concerne, de l'ex\u00e9cution du pr\u00e9sent arr\u00eat\u00e9.\nFait \u00e0 Lyon, le 24 novembre 2025\nPour la pr\u00e9f\u00e8te du Rh\u00f4ne et par d\u00e9l\u00e9gation,\nLe pr\u00e9fet d\u00e9l\u00e9gu\u00e9 pour la D\u00e9fense et de S\u00e9curit\u00e9 Sud-Est\nAntoine GUERIN\n69_Pr\u00e9f_Pr\u00e9fecture du Rh\u00f4ne - 69-2025-11-24-00002 - Arr\u00eat\u00e9 pr\u00e9fectoral 2025-11-24-002 concernant le d\u00e9placement de la ligne\nfronti\u00e8re dans le cadre des travaux de l'enregistrement 15 35\nPhase 1:\n4% 1\n#\nAE\nSS/;4\n'ir\n5*D\na,S0,ce,,\na.4\n.\n{YETT\n1|\nETE,\nTERMINAL1 HISTORIQUENIVEAU REZ-DE-CHAUSS\u00c9E\nTERMINAL1 HISTORIQUENIVEAU REZ-DE-CHAUSS\u00c9E\n7,7)7/\nOjicE|simi,f3gBoOTH)OiSEs'7tae|.ftU:a82FETEsisii!:2=10eeBea1hzO>sa)Oe)sites:llLEfiaan\"ZiPe)neuerGelSss|Ou==|3DIN:|a,=FE2NOw:c2|3:ZIZINNDEeli;\n69_Pr\u00e9f_Pr\u00e9fecture du Rh\u00f4ne - 69-2025-11-24-00002 - Arr\u00eat\u00e9 pr\u00e9fectoral 2025-11-24-002 concernant le d\u00e9placement de la ligne\nfronti\u00e8re dans le cadre des travaux de l'enregistrement 15 36\n69_SDMIS_Service d\u00e9partemental et\nm\u00e9tropolitain d'incendie et de secours\n69-2025-11-24-00005\nAP -2025-061-GPREV-arr\u00eat\u00e9 d'abrogationCTS\n-C-069-2021-005- N\u00b0 E38300583-000-appartenant\n\u00e0 Raima@Menestra-Za Corrata-30250\nSOMMIERES\n69_SDMIS_Service d\u00e9partemental et m\u00e9tropolitain d'incendie et de secours - 69-2025-11-24-00005 - AP -2025-061-GPREV-arr\u00eat\u00e9\nd'abrogationCTS -C-069-2021-005- N\u00b0 E38300583-000-appartenant \u00e0 Raima@Menestra-Za Corrata-30250 SOMMIERES 37\nE 5 Service d\u00e9partemental-m\u00e9tropolitainPR\u00c9F\u00c8TE d'incendie et de secoursDU RHONELibert\u00e9Egalit\u00e9Fraternit\u00e9\nSous-direction de la pr\u00e9vention et de l'organisation des secoursGroupement pr\u00e9vention des risques\nARRETE N\u00b0 SDMIS DPOS GPR\u00c9V 2025 061portant abrogation de l'attestation de conformit\u00e9 \u00e0 la r\u00e9glementation de s\u00e9curit\u00e9de chapiteaux, tentes et structures (CTS)La Pr\u00e9f\u00e8te de la r\u00e9gion Auvergne-Rh\u00f4ne-AlpesPr\u00e9f\u00e8te de la zone de d\u00e9fense et de s\u00e9curit\u00e9 Sud-EstPr\u00e9f\u00e8te du Rh\u00f4neCommandeur de la L\u00e9gion d'honneurCommandeur de l'ordre national du M\u00e9rite\nVu le code de la construction et de l'habitation et, notamment, les articles R*123-1 \u00e0 R*123-55 :Vu l'arr\u00eat\u00e9 du 25 juin 1980 modifi\u00e9 portant approbation des dispositions g\u00e9n\u00e9rales du r\u00e8glement de s\u00e9curit\u00e9contre les risques d'incendie et de panique dans les \u00e9tablissements recevant du public ;Vu l'arr\u00eat\u00e9 pr\u00e9fectoral n\u00b0 69-2025-06-11-00001 du 11 juin 2025 portant renouvellement de lasous-commission d\u00e9partementale pour la s\u00e9curit\u00e9 contre les risques d'incendie et de paniquedans les \u00e9tablissements recevant du public et les immeubles de grande hauteur ;Vu l'attestation de conformit\u00e9 \u00e0 la r\u00e9glementation de s\u00e9curit\u00e9 du 25 ao\u00fbt 2021 ;Vu l'avis favorable de la sous-commission d\u00e9partementale pour la s\u00e9curit\u00e9 contre les risques d'incendieet de panique dans les ERP et IGH en date du 25 ao\u00fbt 2021 :Consid\u00e9rant que le CTS vis\u00e9 \u00e0 l'article 1\u00b0 de la pr\u00e9sente d\u00e9cision a \u00e9t\u00e9 v\u00e9rifi\u00e9 le 7 septembre 2025, que lebureau de contr\u00f4le a constat\u00e9 une incoh\u00e9rence dans les num\u00e9ros d'identification : falsification desnum\u00e9ros avec une diff\u00e9rence entre le num\u00e9ro sur le registre de s\u00e9curit\u00e9 et celui indiqu\u00e9 sur la toile ;Consid\u00e9rant que la situation irr\u00e9guli\u00e8re de ce CTS est susceptible de constituer un risque pour le public ;Sur proposition de monsieur le pr\u00e9sident de la sous-commission d\u00e9partementale pour la s\u00e9curit\u00e9 contreles risques d'incendie et de panique dans les \u00e9tablissements recevant du public et les immeublesde grande hauteur ; ARR\u00caTEArticle 1 : Il est proc\u00e9d\u00e9 \u00e0 l'abrogation de l'attestation de conformit\u00e9 du CTS suivant :N\u00b0 E38300583-000- CTS n\u00b0 C-069-2021-005, appartenant \u00e0 Raima@Menestra Za Corrata - 30250SOMMIERESArticle 2 : Le propri\u00e9taire a l'obligation d'adresser son registre de s\u00e9curit\u00e9 d\u00e8s r\u00e9ception de la notificationdu pr\u00e9sent arr\u00eat\u00e9 au service d\u00e9partemental-m\u00e9tropolitain d'incendie et de secours \u2014 groupement pr\u00e9ventiondes risques \u2014 17 rue Rabelais \u2014 69421 Lyon Cedex 03.\nT\u00e9l : 04 72 60 50 11M\u00e9l : gprev@sdmis.fr17 rue Rabelais \u2014 69421 LYON CEDEX 03\n69_SDMIS_Service d\u00e9partemental et m\u00e9tropolitain d'incendie et de secours - 69-2025-11-24-00005 - AP -2025-061-GPREV-arr\u00eat\u00e9\nd'abrogationCTS -C-069-2021-005- N\u00b0 E38300583-000-appartenant \u00e0 Raima@Menestra-Za Corrata-30250 SOMMIERES 38\n(2)Article 3 : Le pr\u00e9sent arr\u00eat\u00e9 peut faire l'objet d'un recours aupr\u00e8s du tribunal administratif de Lyon(184 rue Duguesclin \u2014 69433 Lyon Cedex 03) dans un d\u00e9lai de deux mois \u00e0 compter de sa publication.Article 4 : Le Pr\u00e9fet d\u00e9l\u00e9gu\u00e9 pour la d\u00e9fense et la s\u00e9curit\u00e9, le directeur d\u00e9partemental et m\u00e9tropolitaindes services d'incendie et de secours, les services de police et de gendarmerie, les services d\u00e9concentr\u00e9sde l'\u00c9tat et les maires des communes concern\u00e9es sont charg\u00e9s, chacun en ce qui le concerne, de l'ex\u00e9cutiondu pr\u00e9sent arr\u00eat\u00e9 qui sera publi\u00e9 au recueil des actes administratifs de la pr\u00e9fecture du Rh\u00f4ne.\nFait \u00e0 Lyon, le ? b NOV. 2025\nPour la Pr\u00e9f\u00e8te et par d\u00e9l\u00e9gation,le Pr\u00e9fet d\u00e9l\u00e9gu\u00e9 pour la d\u00e9fense et la s\u00e9curit\u00e9,\nAntoine GUERIN\n69_SDMIS_Service d\u00e9partemental et m\u00e9tropolitain d'incendie et de secours - 69-2025-11-24-00005 - AP -2025-061-GPREV-arr\u00eat\u00e9\nd'abrogationCTS -C-069-2021-005- N\u00b0 E38300583-000-appartenant \u00e0 Raima@Menestra-Za Corrata-30250 SOMMIERES 39\n69_SDMIS_Service d\u00e9partemental et\nm\u00e9tropolitain d'incendie et de secours\n69-2025-11-24-00003\nAP -2025-062-GPREV-arr\u00eat\u00e9 d'abrogation-CTS\n-C-069-2021-013- N\u00b0 E38300591-000 appartenant\n\u00e0 Raima@Menestra-Za Corrata-30250\nSOMMIERES\n69_SDMIS_Service d\u00e9partemental et m\u00e9tropolitain d'incendie et de secours - 69-2025-11-24-00003 - AP -2025-062-GPREV-arr\u00eat\u00e9\nd'abrogation-CTS -C-069-2021-013- N\u00b0 E38300591-000 appartenant \u00e0 Raima@Menestra-Za Corrata-30250 SOMMIERES 40\nE a Service d\u00e9partemental-m\u00e9tropolitainPREFETE d'incendie et de secoursDU RHONELibert\u00e9Egalit\u00e9Fraternit\u00e9\nSous-direction de la pr\u00e9vention et de l'organisation des secoursGroupement pr\u00e9vention des risques\nARR\u00caT\u00c9 N\u00b0 SDMIS _DPOS GPR\u00c9V 2025 062portant abrogation de l'attestation de conformit\u00e9 \u00e0 la r\u00e9glementation de s\u00e9curit\u00e9de chapiteaux, tentes et structures (CTS)La Pr\u00e9f\u00e8te de la r\u00e9gion Auvergne-Rh\u00f4ne-AlpesPr\u00e9f\u00e8te de la zone de d\u00e9fense et de s\u00e9curit\u00e9 Sud-EstPr\u00e9f\u00e8te du Rh\u00f4neCommandeur de la L\u00e9gion d'honneurCommandeur de l'ordre national du M\u00e9rite\nVu le code de la construction et de l'habitation et, notamment, les articles R*123-1 \u00e0 R*123-55 :Vu l'arr\u00eat\u00e9 du 25 juin 1980 modifi\u00e9 portant approbation des dispositions g\u00e9n\u00e9rales du r\u00e8glement de s\u00e9curit\u00e9contre les risques d'incendie et de panique dans les \u00e9tablissements recevant du public ;Vu l'arr\u00eat\u00e9 pr\u00e9fectoral n\u00b0 69-2025-06-11-00001 du 11 juin 2025 portant renouvellement de lasous-commission d\u00e9partementale pour la s\u00e9curit\u00e9 contre les risques d'incendie et de paniquedans les \u00e9tablissements recevant du public et les immeubles de grande hauteur ;Vu l'attestation de conformit\u00e9 \u00e0 la r\u00e9glementation de s\u00e9curit\u00e9 du 25 ao\u00fbt 2021 ;Vu l'avis favorable de la sous-commission d\u00e9partementale pour la s\u00e9curit\u00e9 contre les risques d'incendieet de panique dans les ERP et IGH en date du 25 ao\u00fbt 2021 ;Consid\u00e9rant que le CTS vis\u00e9 \u00e0 l'article 1\u00b0\" de la pr\u00e9sente d\u00e9cision a \u00e9t\u00e9 v\u00e9rifi\u00e9 le 7 septembre 2025, que lebureau de contr\u00f4le a constat\u00e9 une incoh\u00e9rence dans les num\u00e9ros d'identification : falsification desnum\u00e9ros avec une diff\u00e9rence entre le num\u00e9ro sur le registre de s\u00e9curit\u00e9 et celui indiqu\u00e9 sur la toile ;Consid\u00e9rant que la situation irr\u00e9guli\u00e8re de ce CTS est susceptible de constituer un risque pour le public ;Sur proposition de monsieur le pr\u00e9sident de la sous-commission d\u00e9partementale pour la s\u00e9curit\u00e9 contreles risques d'incendie et de panique dans les \u00e9tablissements recevant du public et les immeublesde grande hauteur ; ARR\u00caTEArticle 1 : l/l est proc\u00e9d\u00e9 \u00e0 l'abrogation de l'attestation de conformit\u00e9 du CTS suivant :N\u00b0E38300591-000- CTS n\u00b0 C-069-2021-013 appartenant \u00e0 Raima@Menestra - Za Corrata -30250SOMMIERESArticle 2 : Le propri\u00e9taire a l'obligation d'adresser son registre de s\u00e9curit\u00e9 d\u00e8s r\u00e9ception de la notificationdu pr\u00e9sent arr\u00eat\u00e9 au service d\u00e9partemental-m\u00e9tropolitain d'incendie et de secours \u2014 groupement pr\u00e9ventiondes risques \u2014 17 rue Rabelais \u2014 69421 Lyon Cedex 03.\nT\u00e9l : 04 72 60 50 11M\u00e9l : gprev@sdmis.fr17 rue Rabelais - 69421 LYON CEDEX 03\n69_SDMIS_Service d\u00e9partemental et m\u00e9tropolitain d'incendie et de secours - 69-2025-11-24-00003 - AP -2025-062-GPREV-arr\u00eat\u00e9\nd'abrogation-CTS -C-069-2021-013- N\u00b0 E38300591-000 appartenant \u00e0 Raima@Menestra-Za Corrata-30250 SOMMIERES 41\n(2)Article 3 : Le pr\u00e9sent arr\u00eat\u00e9 peut faire l'objet d'un recours aupr\u00e8s du tribunal administratif de Lyon(184 rue Duguesclin \u2014 69433 Lyon Cedex 03) dans un d\u00e9lai de deux mois \u00e0 compter de sa publication.Article 4 : Le Pr\u00e9fet d\u00e9l\u00e9gu\u00e9 pour la d\u00e9fense et la s\u00e9curit\u00e9, le directeur d\u00e9partemental et m\u00e9tropolitaindes services d'incendie et de secours, les services de police et de gendarmerie, les services d\u00e9concentr\u00e9sde l'\u00c9tat et les maires des communes concern\u00e9es sont charg\u00e9s, chacun en ce qui le concerne, de l'ex\u00e9cutiondu pr\u00e9sent arr\u00eat\u00e9 qui sera publi\u00e9 au recueil des actes administratifs de la pr\u00e9fecture du Rh\u00f4ne.\nFait \u00e0 Lyon, le 2 l NOV. 2025\nPour la Pr\u00e9f\u00e9te et par d\u00e9l\u00e9gation,le Pr\u00e9fet d\u00e9l\u00e9gu\u00e9 pour la d\u00e9fense et la s\u00e9curit\u00e9,\nAntgine GUERIN\n69_SDMIS_Service d\u00e9partemental et m\u00e9tropolitain d'incendie et de secours - 69-2025-11-24-00003 - AP -2025-062-GPREV-arr\u00eat\u00e9\nd'abrogation-CTS -C-069-2021-013- N\u00b0 E38300591-000 appartenant \u00e0 Raima@Menestra-Za Corrata-30250 SOMMIERES 42\n69_SDMIS_Service d\u00e9partemental et\nm\u00e9tropolitain d'incendie et de secours\n69-2025-11-24-00004\nAP--2025-063-GPREV-arr\u00eat\u00e9 d'abrogationCTS\n-C-069-2021-017- N\u00b0 E38300595-000-appartenant\n\u00e0 Raima@Menestra-Za Corrata-30250\nSOMMIERES\n69_SDMIS_Service d\u00e9partemental et m\u00e9tropolitain d'incendie et de secours - 69-2025-11-24-00004 - AP--2025-063-GPREV-arr\u00eat\u00e9\nd'abrogationCTS -C-069-2021-017- N\u00b0 E38300595-000-appartenant \u00e0 Raima@Menestra-Za Corrata-30250 SOMMIERES 43\nE 3 Service d\u00e9partemental-m\u00e9tropolitainPR\u00c9F\u00c8TE d'incendie et de secoursDU RHONELibert\u00e9Egalit\u00e9Fraternit\u00e9\nSous-direction de la pr\u00e9vention et de l'organisation des secoursGroupement pr\u00e9vention des risques\nARR\u00caT\u00c9 N\u00b0 SDMIS DPOS GPR\u00c9V 2025 063portant abrogation de l'attestation de conformit\u00e9 \u00e0 la r\u00e9glementation de s\u00e9curit\u00e9de chapiteaux, tentes et structures (CTS)La Pr\u00e9f\u00e8te de la r\u00e9gion Auvergne-Rh\u00f4ne-AlpesPr\u00e9f\u00e8te de la zone de d\u00e9fense et de s\u00e9curit\u00e9 Sud-EstPr\u00e9f\u00e8te du Rh\u00f4neCommandeur de la L\u00e9gion d'honneurCommandeur de l'ordre national du M\u00e9rite\nVu le code de la construction et de l'habitation et, notamment, les articles R*123-1 \u00e0 R*123-55 ;Vu l'arr\u00eat\u00e9 du 25 juin 1980 modifi\u00e9 portant approbation des dispositions g\u00e9n\u00e9rales du r\u00e8glement de s\u00e9curit\u00e9contre les risques d'incendie et de panique dans les \u00e9tablissements recevant du public ;Vu l'arr\u00eat\u00e9 pr\u00e9fectoral n\u00b0 69-2025-06-11-00001 du 11 juin 2025 portant renouvellement de lasous-commission d\u00e9partementale pour la s\u00e9curit\u00e9 contre les risques d'incendie et de paniquedans les \u00e9tablissements recevant du public et les immeubles de grande hauteur ;Vu l'attestation de conformit\u00e9 \u00e0 la r\u00e9glementation de s\u00e9curit\u00e9 du 25 ao\u00fbt 2021 ;Vu l'avis favorable de la sous-commission d\u00e9partementale pour la s\u00e9curit\u00e9 contre les risques d'incendieet de panique dans les ERP et IGH en date du 25 ao\u00fbt 2021 ;Consid\u00e9rant que le CTS vis\u00e9 \u00e0 l'article 1\u00b0\" de la pr\u00e9sente d\u00e9cision a \u00e9t\u00e9 v\u00e9rifi\u00e9 le 7 septembre 2025, que lebureau de contr\u00f4le a constat\u00e9 une incoh\u00e9rence dans les num\u00e9ros d'identification : falsification desnum\u00e9ros avec une diff\u00e9rence entre le num\u00e9ro sur le registre de s\u00e9curit\u00e9 et celui indiqu\u00e9 sur la toile ;Consid\u00e9rant que la situation irr\u00e9guli\u00e8re de ce CTS est susceptible de constituer un risque pour le public ;Sur proposition de monsieur le pr\u00e9sident de la sous-commission d\u00e9partementale pour la s\u00e9curit\u00e9 contreles risques d'incendie et de panique dans les \u00e9tablissements recevant du public et les immeublesde grande hauteur ; ARR\u00caTEArticle 1 : Il est proc\u00e9d\u00e9 \u00e0 l'abrogation de l'attestation de conformit\u00e9 du CTS suivant :N\u00b0E38300595-000- CTS n\u00b0 C-069-2021-017 appartenant \u00e0 Raima@Menestra - Za Corrata -30250SOMMIERESArticle 2 : Le propri\u00e9taire a l'obligation d'adresser son registre de s\u00e9curit\u00e9 d\u00e8s r\u00e9ception de la notificationdu pr\u00e9sent arr\u00eat\u00e9 au service d\u00e9partemental-m\u00e9tropolitain d'incendie et de secours \u2014 groupement pr\u00e9ventiondes risques \u2014 17 rue Rabelais \u2014 69421 Lyon Cedex 03.\nT\u00e9l : 04 72 60 50 11M\u00e9l : gprev@sdmis.fr17 rue Rabelais \u2014 69421 LYON CEDEX 03\n69_SDMIS_Service d\u00e9partemental et m\u00e9tropolitain d'incendie et de secours - 69-2025-11-24-00004 - AP--2025-063-GPREV-arr\u00eat\u00e9\nd'abrogationCTS -C-069-2021-017- N\u00b0 E38300595-000-appartenant \u00e0 Raima@Menestra-Za Corrata-30250 SOMMIERES 44\neArticle 3 : Le pr\u00e9sent arr\u00eat\u00e9 peut faire l'objet d'un recours aupr\u00e8s du tribunal administratif de Lyon(184 rue Duguesclin \u2014 69433 Lyon Cedex 03) dans un d\u00e9lai de deux mois \u00e0 compter de sa publication.Article 4 : Le Pr\u00e9fet d\u00e9l\u00e9gu\u00e9 pour la d\u00e9fense et la s\u00e9curit\u00e9, le directeur d\u00e9partemental et m\u00e9tropolitaindes services d'incendie et de secours, les services de police et de gendarmerie, les services d\u00e9concentr\u00e9sde l'\u00c9tat et les maires des communes concern\u00e9es sont charg\u00e9s, chacun en ce qui le concerne, de l'ex\u00e9cutiondu pr\u00e9sent arr\u00eat\u00e9 qui sera publi\u00e9 au recueil des actes administratifs de la pr\u00e9fecture du Rh\u00f4ne.\nFait \u00e0 Lyon, le 2 hiNOV202825\nPour la Pr\u00e9f\u00e9te et par d\u00e9l\u00e9gation,le Pr\u00e9fet d\u00e9l\u00e9gu\u00e9 pour la d\u00e9fense et la s\u00e9curit\u00e9,\nAntoine GUERIN\n69_SDMIS_Service d\u00e9partemental et m\u00e9tropolitain d'incendie et de secours - 69-2025-11-24-00004 - AP--2025-063-GPREV-arr\u00eat\u00e9\nd'abrogationCTS -C-069-2021-017- N\u00b0 E38300595-000-appartenant \u00e0 Raima@Menestra-Za Corrata-30250 SOMMIERES 45\n69_SDMIS_Service d\u00e9partemental et\nm\u00e9tropolitain d'incendie et de secours\n69-2025-10-13-00013\nAP2025-058-GPREV-CTS- S-069-2025-003  \nE38300731-Appartenant \u00e0 BROCHERIE and\nCO-M.Paul MEDORI 298 mont\u00e9e du\nBaconnet-69700 MONTAGNY\n69_SDMIS_Service d\u00e9partemental et m\u00e9tropolitain d'incendie et de secours - 69-2025-10-13-00013 - AP2025-058-GPREV-CTS-\nS-069-2025-003   E38300731-Appartenant \u00e0 BROCHERIE and CO-M.Paul MEDORI 298 mont\u00e9e du Baconnet-69700 MONTAGNY 46\nEH Service d\u00e9partemental-m\u00e9tropolitainPR\u00c9F\u00c8TE d'incendie et de secoursDU RHONELibert\u00e9Egalit\u00e9Fraternit\u00e9\nSous-direction de la pr\u00e9vention et de l'organisation des secoursGroupement pr\u00e9vention des risques\nARR\u00caT\u00c9 N\u00b0 SDMIS DPOS GPR\u00c9V 2025 058portant d\u00e9livrance de l'attestation de conformit\u00e9 \u00e0 la r\u00e9glementation de s\u00e9curit\u00e9de chapiteaux, tentes et structures (CTS)La Pr\u00e9f\u00e8te de la r\u00e9gion Auvergne-Rh\u00f4ne-AlpesPr\u00e9f\u00e8te de la zone de d\u00e9fense et de s\u00e9curit\u00e9 Sud-EstPr\u00e9f\u00e8te du Rh\u00f4neCommandeur de la L\u00e9gion d'honneurCommandeur de l'ordre national du M\u00e9rite\nVu le code de la construction et de l'habitation et, notamment, les articles R*143-1 \u00e0 R*143-47 :Vu l'arr\u00eat\u00e9 du 25 juin 1980 modifi\u00e9 portant approbation des dispositions g\u00e9n\u00e9rales du r\u00e8glement de s\u00e9curit\u00e9contre les risques d'incendie et de panique dans les \u00e9tablissements recevant du public :Vu l'arr\u00eat\u00e9 pr\u00e9fectoral n\u00b0 69-2025-06-11-00001 du 11 juin 2025 portant renouvellement de lasous-commission d\u00e9partementale pour la s\u00e9curit\u00e9 contre les risques d'incendie et de paniquedans les \u00e9tablissements recevant du public et les immeubles de grande hauteur ;Vu le dossier de demande de d\u00e9livrance d'attestation de conformit\u00e9 d\u00e9pos\u00e9 par AVERTEK \u2014 23 route deRenneville - 50430 LESSAYVu l'avis favorable de la sous-commission d\u00e9partementale pour la s\u00e9curit\u00e9 contre les risques d'incendieet de panique dans les ERP et IGH en date du 23 septembre 2025 ;Sur proposition de monsieur le pr\u00e9sident de la sous-commission d\u00e9partementale pour la s\u00e9curit\u00e9 contreles risques d'incendie et de panique dans les \u00e9tablissements recevant du public et les immeublesde grande hauteur ; ARR\u00caTEArticle1 : L'attestation de conformit\u00e9 pr\u00e9vue \u00e0 l'article CTS 3 de l'arr\u00eat\u00e9 du 25 juin 1980 modifi\u00e9 estaccord\u00e9e \u00e0 l'\u00e9tablissement recevant du public (ERP) suivant :Nom du propri\u00e9taire (ou raison sociale) | BROCHERIE and CO - M. Paul MEDORIAdresse | 298 mont\u00e9e du Baconnet \u2014 69700 MONTAGNYN\u00b0 ERP \u00a338300731 SOClassement CTS/SDescriptif Structure de couverture noire avec un entourage cristalDimensions 4 modules de structure juxtaposable de 40mx5mNum\u00e9ro d'identification S-069-2025-003\nT\u00e9l : 04 72 60 50 11M\u00e9l : cts@sdmis.fr17 rue Rabelais \u2014 69421 LYON CEDEX 03\n69_SDMIS_Service d\u00e9partemental et m\u00e9tropolitain d'incendie et de secours - 69-2025-10-13-00013 - AP2025-058-GPREV-CTS-\nS-069-2025-003   E38300731-Appartenant \u00e0 BROCHERIE and CO-M.Paul MEDORI 298 mont\u00e9e du Baconnet-69700 MONTAGNY 47\neArticle2 : Le num\u00e9ro d'identification attribu\u00e9 \u00e0 l'article 1 est appos\u00e9 sur la toile de mani\u00e8re visibleet permanente \u00e0 l'int\u00e9rieur et sur chaque panneau formant la couverture, la double couverture et la ceinturede l'ERP.Article 3 : Toute modification du CTS et de coordonn\u00e9es du propri\u00e9taire doit \u00eatre signal\u00e9e sans d\u00e9lai\u00e0 l'adresse suivante :Service d\u00e9partemental-m\u00e9tropolitain d'incendie et de secoursSous-direction de la pr\u00e9vention et de l'organisation des secoursGroupement pr\u00e9vention des risques17 rue Rabelais69421 Lyon Cedex 03cts@sdmis.fr\nArticle 4 : Le pr\u00e9sent arr\u00eat\u00e9 peut faire l'objet d'un recours aupr\u00e8s du tribunal administratif de Lyon(184 rue Duguesclin \u2014 69433 Lyon Cedex 03) dans un d\u00e9lai de deux mois \u00e0 compter de sa publication.Article 5 : Le Pr\u00e9fet d\u00e9l\u00e9gu\u00e9 pour la d\u00e9fense et la s\u00e9curit\u00e9, le directeur d\u00e9partemental et m\u00e9tropolitaindes services d'incendie et de secours, les services de police et de gendarmerie, les services d\u00e9concentr\u00e9sde l'\u00c9tat et les maires des communes concern\u00e9es sont charg\u00e9s, chacun en ce qui le concerne, de l'ex\u00e9cutiondu pr\u00e9sent arr\u00eat\u00e9 qui sera publi\u00e9 au recueil des actes administratifs de la pr\u00e9fecture du Rh\u00f4ne.\n13 OCT. 2025Fait a Lyon, le\nPour la Pr\u00e9f\u00e8te et par d\u00e9l\u00e9gation,le Pr\u00e9fet d\u00e9l\u00e9gu\u00e9 pour la d\u00e9fense et la s\u00e9curit\u00e9,\nAntoine GUERIN\n69_SDMIS_Service d\u00e9partemental et m\u00e9tropolitain d'incendie et de secours - 69-2025-10-13-00013 - AP2025-058-GPREV-CTS-\nS-069-2025-003   E38300731-Appartenant \u00e0 BROCHERIE and CO-M.Paul MEDORI 298 mont\u00e9e du Baconnet-69700 MONTAGNY 48\n84_DREAL_Direction r\u00e9gionale de\nl'environnement, de l'am\u00e9nagement et du\nlogement d'Auvergne-Rh\u00f4ne-Alpes\n69-2025-11-10-00015\nArr\u00eat\u00e9 interpr\u00e9fectoral\nn\u00b0DREAL-AURA-EHN-2025-5 portant d\u00e9rogation\naux dispositions de l'article L.411-1 du code de\nl'environnement pour\u00a0capture suivie d'un\nrel\u00e2cher imm\u00e9diat sur place d'esp\u00e8ces animales\nprot\u00e9g\u00e9es  (amphibiens, insectes et reptiles)\n84_DREAL_Direction r\u00e9gionale de l'environnement, de l'am\u00e9nagement et du logement d'Auvergne-Rh\u00f4ne-Alpes - 69-2025-11-10-00015\n- Arr\u00eat\u00e9 interpr\u00e9fectoral n\u00b0DREAL-AURA-EHN-2025-5 portant d\u00e9rogation aux dispositions de l'article L.411-1 du code de\nl'environnement pour\u00a0capture suivie d'un rel\u00e2cher imm\u00e9diat sur place d'esp\u00e8ces animales prot\u00e9g\u00e9es  (amphibiens, insectes et\nreptiles)\n49\n| |PREFETEDE LA REGIONAUVERGNE-RHONE-ALPESLibert\u00e9Egalit\u00e9Fraternit\u00e9\nLyon, le 10 novembre 2025\nArr\u00eat\u00e9 interpr\u00e9fectoral n\u00b0DREAL-AURA-EHN-2025-5\nportant d\u00e9rogation aux dispositions de l'article L.411-1 du code de l'environnement pour\u00a0: \ncapture suivie d'un rel\u00e2cher imm\u00e9diat sur place d'esp\u00e8ces animales prot\u00e9g\u00e9es \n(amphibiens, insectes et reptiles)\nB\u00e9n\u00e9ficiaire\u00a0: Bureau d'\u00e9tudes EPODE\nLA PR\u00c9F\u00c8TE DE L'AIN,\nChevalier de la L\u00e9gion d'honneur\nOfficier de l'ordre national du M\u00e9rite\nLE PR\u00c9FET DE L'ALLIER\nChevalier de l'ordre national du M\u00e9rite\nLA PR\u00c9F\u00c8TE DE LA DR\u00d4ME\nChevalier de la L\u00e9gion d'honneur\nChevalier de l'ordre national du M\u00e9rite\nLA PR\u00c9F\u00c8TE DE L'IS\u00c8RE\nChevalier de la L\u00e9gion d'honneur\nChevalier de l'ordre national du M\u00e9rite\nLA PR\u00c9F\u00c8TE DE LA R\u00c9GION AUVERGNE-RH\u00d4NE-ALPES\nPR\u00c9F\u00c8TE DU RH\u00d4NE\nCommandeur de la L\u00e9gion d'honneur\nCommandeur de l'ordre national du M\u00e9rite\nLA PR\u00c9F\u00c8TE DE LA SAVOIE,\nChevalier de la L\u00e9gion d'honneur\nOfficier de l'ordre national du M\u00e9rite\nVU le code de l'environnement, et notamment ses articles L.163-5, L.411-1, L.411-1A, L.411-2 et R.411-1 \u00e0\nR.411-14\u00a0;\nVU le code des relations entre le public et l'administration, notamment les articles L.221-2, L.221-3\u00a0;\nVU l'arr\u00eat\u00e9  interminist\u00e9riel  du  19  f\u00e9vrier  2007  modifi\u00e9  fixant  les  conditions  de  demande  et\nd'instruction des d\u00e9rogations d\u00e9finies au 4\u00b0 de l'article L. 411-2 du code de l'environnement portant\nsur les esp\u00e8ces de faune et de flore sauvages prot\u00e9g\u00e9es\u00a0;\nVU l'arr\u00eat\u00e9 interminist\u00e9riel du 23 avril 2007 fixant la liste des insectes prot\u00e9g\u00e9s sur l'ensemble du\nterritoire et les modalit\u00e9s de leur protection\u00a0;\nAdresse postale : 69453 LYON CEDEX 06\nStandard : 04 26 28 60 00 - www.auvergne-rhone-alpes.developpement-durable.gouv.fr page 1/7\nDirection r\u00e9gionale de l'environnement,\nde l'am\u00e9nagement et du logement\nAuvergne-Rh\u00f4ne-Alpes\n84_DREAL_Direction r\u00e9gionale de l'environnement, de l'am\u00e9nagement et du logement d'Auvergne-Rh\u00f4ne-Alpes - 69-2025-11-10-00015\n- Arr\u00eat\u00e9 interpr\u00e9fectoral n\u00b0DREAL-AURA-EHN-2025-5 portant d\u00e9rogation aux dispositions de l'article L.411-1 du code de\nl'environnement pour\u00a0capture suivie d'un rel\u00e2cher imm\u00e9diat sur place d'esp\u00e8ces animales prot\u00e9g\u00e9es  (amphibiens, insectes et\nreptiles)\n50\nVU l'arr\u00eat\u00e9 interminist\u00e9riel du 18 d\u00e9cembre 2014 fixant les conditions et limites dans lesquelles des\nd\u00e9rogations \u00e0 l'interdiction de capture de sp\u00e9cimens d'esp\u00e8ces animales prot\u00e9g\u00e9es peuvent  \u00eatre\naccord\u00e9es par les pr\u00e9fets pour certaines op\u00e9rations pour lesquelles la capture est suivie d'un rel\u00e2cher\nimm\u00e9diat sur place ; \nVU l'arr\u00eat\u00e9 pr\u00e9fecto ral n\u00b001-2025-05-28-00001 du 28 mai 2025 portant d\u00e9l\u00e9gation de signature \u00e0\nM.\u00a0Renaud DURAND, directeur r\u00e9gional par int\u00e9rim de l'environnement, de l'am\u00e9nagement et du\nlogement Auvergne-Rh\u00f4ne-Alpes, dans le ressort du d\u00e9partement de l'Ain\u00a0;\nVU l'arr\u00eat\u00e9 pr\u00e9fectoral n\u00b0DREAL-SG-2025-47/01 du 02 juin 2025 portant subd\u00e9l\u00e9gation de signature\naux agents de la direction r\u00e9gionale de l'environnement, de l'am\u00e9nagement et du logement  (DREAL)\nAuvergne-Rh\u00f4ne-Alpes pour les comp\u00e9tences g\u00e9n\u00e9rales et techniques pour le d\u00e9partement de l'Ain\u00a0;\nVU l'arr\u00eat\u00e9 pr\u00e9fectoral n\u00b0916/2025 du 09 mai 2025 conf\u00e9rant d\u00e9l\u00e9gation de signature \u00e0  M.\u00a0Renaud\nDURAND,  directeur  r\u00e9gional  par  int\u00e9rim de l'environnement,  de l'am\u00e9nagement  et  du  logement\nAuvergne-Rh\u00f4ne-Alpes, dans le ressort du d\u00e9partement de l'Allier\u00a0;\nVU l'arr\u00eat\u00e9 pr\u00e9fectoral n\u00b0DREAL-SG-2025-48/03 du 20 mai 202 portant subd\u00e9l\u00e9gation de signature\naux agents de la DREAL Auvergne-Rh\u00f4ne-Alpes pour les comp\u00e9tences g\u00e9n\u00e9rales et techniques, pour le\nd\u00e9partement de l'Allier\u00a0;\nVU l'arr\u00eat\u00e9 pr\u00e9fectoral n\u00b026 2025-09-02-00016 du 02 septembre 2025 portant d\u00e9l\u00e9gation de signature\n\u00e0  M.\u00a0Renaud DURAND, directeur r\u00e9gional par int\u00e9rim  de l'environnement, de l'am\u00e9nagement et du\nlogement Auvergne-Rh\u00f4ne-Alpes pour le d\u00e9partement de la Dr\u00f4me\u00a0;\nVU l'arr\u00eat\u00e9  pr\u00e9fectoral  n\u00b0DREAL-SG-2025-95  du  03  septembre  2025  portant  subd\u00e9l\u00e9gation  de\nsignature  aux  agents  de  la  DREAL  Auvergne-Rh\u00f4ne-Alpes  pour  les  comp\u00e9tences  g\u00e9n\u00e9rales  et\ntechniques pour le d\u00e9partement de la Dr\u00f4me\u00a0;\nVU l'arr\u00eat\u00e9 pr\u00e9fe ctoral n\u00b038-2025-05-16-00006 du 16 mai 2025 portant  d\u00e9l\u00e9gation de signature \u00e0\nM.Renaud  DURAND,  directeur r\u00e9gional  par  int\u00e9rim  de l'environnement, de l'am\u00e9nagement et du\nlogement Auvergne-Rh\u00f4ne-Alpes pour le d\u00e9partement de l'Is\u00e8re\u00a0;\nVU l'arr\u00eat\u00e9 pr\u00e9fectoral n\u00b0DREAL-SG-2025-52/38 du 19 mai 2025 portant subd\u00e9l\u00e9gation de signature\naux agents de la DREAL Auvergne-Rh\u00f4ne-Alpes pour les comp\u00e9tences g\u00e9n\u00e9rales et techniques pour le\nd\u00e9partement de l'Is\u00e8re\u00a0;\nVU l'arr\u00eat\u00e9 pr\u00e9fectoral n\u00b069-2025-05-09-00003 du 09 mai 2025 portant d\u00e9l\u00e9gation de signature \u00e0\nM.\u00a0Renaud DURAND, directeur r\u00e9gional par int\u00e9rim  de l'environnement, de l'am\u00e9nagement et du\nlogement de la r\u00e9gion Auvergne-Rh\u00f4ne-Alpes dans le ressort du d\u00e9partement du Rh\u00f4ne\u00a0;\nVU l'arr\u00eat\u00e9 pr\u00e9fectoral n\u00b0DREAL-SG-2025-56/69 du 20 mai 2025 portant subd\u00e9l\u00e9gation de signature aux\nagents de la DREAL Auvergne-Rh\u00f4ne-Alpes pour les comp\u00e9tences g\u00e9n\u00e9rales et techniques pour  le\nd\u00e9partement du Rh\u00f4ne\u00a0;\nVU l'arr\u00eat\u00e9  pr\u00e9fectoral  DCL-PEJ  n\u00b046-2025  du  11  juillet  2025  portant  d\u00e9l\u00e9gation  de  signature  \u00e0\nM.Renaud  DURAND,  directeur r\u00e9gional  par  int\u00e9rim de l'environnement, de l'am\u00e9nagement  et du\nlogement Auvergne-Rh\u00f4ne-Alpes, dans le ressort du d\u00e9partement de la Savoie\u00a0;\nVU l'arr\u00eat\u00e9 pr\u00e9fectoral n\u00b0DREAL-SG-2025-81 du 15 juillet 2025 portant subd\u00e9l\u00e9gation de signature aux\nagents de la DREAL Auvergne-Rh\u00f4ne-Alpes pour les comp\u00e9tences g\u00e9n\u00e9rales et techniques pour  le\nd\u00e9partement de la Savoie\u00a0; \nVU les lignes directrices de la DREAL Auvergne-Rh\u00f4ne-Alpes du 30 octobre 2017 pr\u00e9cisant la nature\ndes d\u00e9cisions individuelles, notamment dans le cadre des d\u00e9rogations \u00e0 la protection des esp\u00e8ces,\nsoumises  ou  non  \u00e0  participation  du  public,  au  vu  de  leur  incidence  sur  la  protection  de\nl'environnement, dans l'ensemble des d\u00e9partements de la r\u00e9gion Auvergne-Rh\u00f4ne-Alpes\u00a0;\nVU  la demande  de d\u00e9rogation pou r la capture suivi e d'un rel\u00e2cher imm\u00e9diat sur place d'esp\u00e8ces\nanimales prot\u00e9g\u00e9es d\u00e9pos\u00e9e le 22 avril 2025 et compl\u00e9t\u00e9e le 10 octobre 2025 par le  bureau d'\u00e9tudes\nEPODE\u00a0;\nAdresse postale : 69453 LYON CEDEX 06\nStandard : 04 26 28 60 00 - www.auvergne-rhone-alpes.developpement-durable.gouv.fr page 2/7\n84_DREAL_Direction r\u00e9gionale de l'environnement, de l'am\u00e9nagement et du logement d'Auvergne-Rh\u00f4ne-Alpes - 69-2025-11-10-00015\n- Arr\u00eat\u00e9 interpr\u00e9fectoral n\u00b0DREAL-AURA-EHN-2025-5 portant d\u00e9rogation aux dispositions de l'article L.411-1 du code de\nl'environnement pour\u00a0capture suivie d'un rel\u00e2cher imm\u00e9diat sur place d'esp\u00e8ces animales prot\u00e9g\u00e9es  (amphibiens, insectes et\nreptiles)\n51\nVU le projet d'arr\u00eat\u00e9 transmis le 10 octobre 2025 au p\u00e9titionnaire, et sa r\u00e9ponse du m\u00eame jour;\nCONSID\u00c9RANT que la pr\u00e9sente demande est d\u00e9pos\u00e9e\u00a0:\n\u2022 dans l'int\u00e9r\u00eat de la protection de la faune et de la flore sauvages et de la conservation des\nhabitats naturels\u00a0;\n\u2022 pour permettre, dans des conditions strictement contr\u00f4l\u00e9es, d'une mani\u00e8re s\u00e9lective et dans\nune  mesure  limit\u00e9e,  la  prise  ou  la  d\u00e9tention  d'un  nombre  limit\u00e9  et  sp\u00e9cifi\u00e9  de  certains\nsp\u00e9cimens\u00a0;\nCONSID\u00c9RANT qu'il n'existe pas d'autre solution satisfaisante\u00a0;\nCONSID\u00c9RANT que la d\u00e9rogation ne nuit pas au maintien, dans un \u00e9tat de conservation favorable,\ndes populations d'esp\u00e8ces prot\u00e9g\u00e9es concern\u00e9es dans leur aire de r\u00e9partition naturelle compte tenu\ndes prescriptions mises en \u0153uvre, telles que d\u00e9taill\u00e9es \u00e0 l'article 2 ci-apr\u00e8s\u00a0;\nCONSID\u00c9RANT que les personnes habilit\u00e9es disposent de la comp\u00e9tence pour la mise en \u0153uvre des\nop\u00e9rations consid\u00e9r\u00e9es\u00a0;\nSUR proposition du directeur  r\u00e9gional  par  int\u00e9rim  de l'Environnement, de l'Am\u00e9nagement  et du\nLogement de la r\u00e9gion Auvergne-Rh\u00f4ne-Alpes\u00a0;\nARR\u00caTE\nARTICLE 1\u00a0: B\u00e9n\u00e9ficiaire de l'autorisation et objet\u00a0 \nDans  le  cadre  de ses  actions  d'inventaires  et  de  suivis  d'esp\u00e8ces  animales  prot\u00e9g\u00e9es,  le  bureau\nd'\u00e9tudes EPODE ,  dont le si\u00e8ge social  est situ\u00e9 44 rue Charles Montreuil \u00e0 CHAMBERY (73000),  est\nautoris\u00e9 \u00e0 pratiquer, dans le cadre d\u00e9fini aux articles 2 et suivants du pr\u00e9sent arr\u00eat\u00e9\u00a0:\n\u2022 la capture suivie d'un rel\u00e2cher imm\u00e9diat sur place d'esp\u00e8ces animales prot\u00e9g\u00e9es\u00a0:\n> AMPHIBIENS\nEnsemble des esp\u00e8ces potentiellement pr\u00e9sentes dans le p\u00e9rim\u00e8tre d'\u00e9tude, \u00e0 l'exception \ndes esp\u00e8ces list\u00e9es \u00e0 l'arr\u00eat\u00e9 minist\u00e9riel du 9 juillet 1999 (esp\u00e8ces menac\u00e9es d'extinction)\n> INSECTES\nL\u00e9pidopt\u00e8res rhopaloc\u00e8res, col\u00e9opt\u00e8res, odonates (dont exuvies) et orthopt\u00e8res \npotentiellement pr\u00e9sents dans le p\u00e9rim\u00e8tre d'\u00e9tude\n> REPTILES\nEnsemble des esp\u00e8ces potentiellement pr\u00e9sentes dans le p\u00e9rim\u00e8tre d'\u00e9tude, \u00e0 l'exception \ndes esp\u00e8ces list\u00e9es \u00e0 l'arr\u00eat\u00e9 minist\u00e9riel du 9 juillet 1999 (esp\u00e8ces menac\u00e9es d'extinction)\nARTICLE 2\u00a0: Prescriptions techniques\n> Lieu d'intervention\u00a0: d\u00e9partements de l'Ain, Allier, Dr\u00f4me, Is\u00e8re, Rh\u00f4ne et Savoie.\n> Protocole\u00a0:\nLe b\u00e9n\u00e9ficiaire proc\u00e8de \u00e0 des inventaires de population d'esp\u00e8ces animales sauvages dans le cadre\nde\u00a0:\n\u2022 l'\u00e9valuation  pr\u00e9alable  et  du  suivi  des  impacts  sur  la  biodiversit\u00e9  de  projets  de  travaux,\nd'ouvrages et d'am\u00e9nagements. Les protocoles d'inventaires sont \u00e9tablis par des personnes\nmorales  ou  physiques  d\u00fbment  mandat\u00e9es  par  les  responsables  des  projets  de  travaux,\nd'ouvrages et d'am\u00e9nagements, pour la r\u00e9alisation de tels inventaires,\nAdresse postale : 69453 LYON CEDEX 06\nStandard : 04 26 28 60 00 - www.auvergne-rhone-alpes.developpement-durable.gouv.fr page 3/7\n84_DREAL_Direction r\u00e9gionale de l'environnement, de l'am\u00e9nagement et du logement d'Auvergne-Rh\u00f4ne-Alpes - 69-2025-11-10-00015\n- Arr\u00eat\u00e9 interpr\u00e9fectoral n\u00b0DREAL-AURA-EHN-2025-5 portant d\u00e9rogation aux dispositions de l'article L.411-1 du code de\nl'environnement pour\u00a0capture suivie d'un rel\u00e2cher imm\u00e9diat sur place d'esp\u00e8ces animales prot\u00e9g\u00e9es  (amphibiens, insectes et\nreptiles)\n52\n\u2022 l'\u00e9laboration ou du suivi de plans, de sch\u00e9mas, de programmes ou d'autres documents de\nplanification  n\u00e9cessitant  l'acquisition  de  connaissances  ou  visant  \u00e0  la  pr\u00e9servation  du\npatrimoine naturel pr\u00e9vus par des dispositions du code de l'environnement. Les protocoles\nd'inventaires sont \u00e9tablis par des personnes morales ou physiques d\u00fbment mandat\u00e9es par\nl'autorit\u00e9  d\u00e9sign\u00e9e  par  le  code  de  l'environnement  pour  \u00e9laborer  le  plan,  le  sch\u00e9ma,  le\nprogramme ou le document de planification consid\u00e9r\u00e9.\nLes op\u00e9rations de capture sont strictement limit\u00e9es \u00e0 ce qui est n\u00e9cessaire pour atteindre l'objectif\nrecherch\u00e9.\nLe protocole d'inventaire permet de qualifier correctement le niveau des populations et l'importance\nde celles-ci au regard de l'\u00e9tat de conservation des esp\u00e8ces concern\u00e9es en tenant compte de leur\nbiologie et de leurs cycles biologiques.\n> Mo  dalit\u00e9s  \u00a0  :  \nLes modalit\u00e9s de capture sont les suivantes\u00a0:\n\u2022 les captures et manipulations sont r\u00e9alis\u00e9es uniquement en cas de n\u00e9cessit\u00e9, sur des dur\u00e9es\nles plus courtes possible\u00a0;\n\u2022 les  animaux  captur\u00e9s  sont  manipul\u00e9s  d\u00e9licatement,  prot\u00e9g\u00e9s  contre  les  temp\u00e9ratures\nextr\u00eames et rel\u00e2ch\u00e9s imm\u00e9diatement apr\u00e8s identification sur le lieu de capture\u00a0;\n\u2022 aucune manipulation d'\u0153ufs n'est effectu\u00e9e\u00a0;\n\u2022 les filets et \u00e9puisettes sont v\u00e9rifi\u00e9s, avant chaque utilisation, afin qu'ils ne comportent aucun\n\u00e9l\u00e9ment pouvant blesser les individus\u00a0;\n\u2022 les animaux ne sont pas captur\u00e9s en phase de copulation ou de ponte\u00a0;\n\u2022 les captures sont r\u00e9alis\u00e9es selon des modalit\u00e9s et \u00e0 l'aide de moyens n'occasionnant aucune\nblessure ni mutilation aux animaux captur\u00e9s\u00a0;\n\u2022 aucune op\u00e9ration de marquage n'est r\u00e9alis\u00e9e\u00a0;\n\u2022 aucune capture l\u00e9tale n'est r\u00e9alis\u00e9e\u00a0;\n\u2022 capture d'individus suivie d'un rel\u00e2cher imm\u00e9diat \u00e0 proximit\u00e9 imm\u00e9diate du lieu de capture\ndans le cadre de sauvetages ponctuels, \u00e0 titre exceptionnel et uniquement en dehors du cas\nde travaux d'am\u00e9nagement n\u00e9cessitant \u00e0 ce titre l'obtention d'une d\u00e9rogation \u00e0 la protection\ndes esp\u00e8ces.\nModalit\u00e9s sp\u00e9cifiques concernant   les amphibiens  \u00a0  :  \n\u2022 capture manuelle amphibiens \u00e0 l'aide d'une \u00e9puisette ;\n\u2022 afin de limiter  la diss\u00e9mination de chytridiomycose et  d'autres maladies (ranaviroses),  les\nprescriptions du protocole d'hygi\u00e8ne pour le contr\u00f4le des maladies des amphibiens dans la\nnature \u00e0 destination des op\u00e9rateurs de terrain1\n, sont scrupuleusement respect\u00e9es.\nModalit\u00e9s sp\u00e9cifiques concernant les insectes  \u00a0  :  \n\u2022 capture au filet entomologique pour identification en cas de n\u00e9cessit\u00e9\u00a0;\n\u2022 les odonates sont maintenus par les ailes tandis que les rhopaloc\u00e8res sont observ\u00e9s \u00e0 travers le\nfilet pour ne pas endommager leurs \u00e9cailles\u00a0;\n\u2022 le cas \u00e9ch\u00e9ant, capture temporaire d\u00e9licate des orthopt\u00e8res avec manipulation d\u00e9licate et\nutilisation  de  r\u00e9cipient  adapt\u00e9  pour  identification,  puis  rel\u00e2cher  imm\u00e9diat  sur  le  lieu  de\ncapture.\n1 Miaud C., 2014 - Protocole d'hygi\u00e8ne pour le contr\u00f4le des maladies des amphibiens dans la nature \u00e0 destination des op\u00e9ra -\nteurs de terrain. Agence de l'eau Rh\u00f4ne-M\u00e9diterran\u00e9e Corse, Universit\u00e9 de Savoie et \u00c9cole pratique des Hautes \u00c9tudes\n(eds), 7 p.\nAdresse postale : 69453 LYON CEDEX 06\nStandard : 04 26 28 60 00 - www.auvergne-rhone-alpes.developpement-durable.gouv.fr page 4/7\n84_DREAL_Direction r\u00e9gionale de l'environnement, de l'am\u00e9nagement et du logement d'Auvergne-Rh\u00f4ne-Alpes - 69-2025-11-10-00015\n- Arr\u00eat\u00e9 interpr\u00e9fectoral n\u00b0DREAL-AURA-EHN-2025-5 portant d\u00e9rogation aux dispositions de l'article L.411-1 du code de\nl'environnement pour\u00a0capture suivie d'un rel\u00e2cher imm\u00e9diat sur place d'esp\u00e8ces animales prot\u00e9g\u00e9es  (amphibiens, insectes et\nreptiles)\n53\nModalit\u00e9s sp\u00e9cifiques concernant les reptiles  \u00a0  :  \n\u2022 recherche \u00e0 vue privil\u00e9gi\u00e9e\u00a0;\n\u2022 pose de plaques \u00e0 reptiles\u00a0;\n\u2022 capture manuelle au filet ou au crochet de certains sp\u00e9cimens pour identification, en cas de\nn\u00e9cessit\u00e9.\nLa pression d'inventaire maximale annuelle est \u00e9valu\u00e9e \u00e0 100  \u00a0  jours de terrain par d\u00e9partement  , avec\nl'intervention possible de sept personnes proc\u00e9dant simultan\u00e9ment aux op\u00e9rations.\nARTICLE 3\u00a0: Personnes habilit\u00e9es\u00a0\nLes personnes habilit\u00e9es pour r\u00e9aliser les op\u00e9rations sont au sein du bureau d'\u00e9tudes EPODE\u00a0: \n\u2022 Charles MURE, directeur adjoint \u00e9cologue, titulaire d'un master G\u00e9nie \u00e9cologique\u00a0;\n\u2022 Guillaume  MORAND,  \u00e9cologue,  titulaire  d'un  master  Environnement  et  gestion  de  la\nbiodiversit\u00e9\u00a0;\n\u2022 Mathys SALLAUD, \u00e9cologue fauniste, titulaire d'un master Biodiversit\u00e9, \u00e9cologie, \u00e9volution\u00a0;\n\u2022 Laura SPAGNOLI, \u00e9cologue, titulaire d'un master Sciences de l'environnement appliqu\u00e9es \u00e0 la\nmontagne\u00a0;\n\u2022 Juliette L\u00dcCK, \u00e9cologue, titulaire d'un master \u00c9cologie, \u00e9cophysiologie & \u00e9thologie\u00a0;\n\u2022 Anna IVANEZ, \u00e9cologue cheffe de projets environnement, titulaire d'un master \u00c9quipement,\nprotection et gestion des milieux de montagne\u00a0;\n\u2022 Lucile  ROUZ\u00c9,  \u00e9cologue  botaniste,  charg\u00e9e  de  mission  en  environnement,  titulaire  d'un\nmaster \u00c9quipement, protection et gestion des milieux de montagne.\nLes personnes habilit\u00e9es sont porteuses de la pr\u00e9sente autorisation lors des op\u00e9rations vis\u00e9es, et sont\ntenues de la pr\u00e9senter \u00e0 toute demande des agents commissionn\u00e9s au titre de l'environnement.\nPour tenir compte des mouvements de personnel, le  bureau d'\u00e9tudes EPODE  doit communiquer\nannuellement  \u00e0  la  DREAL  Auvergne-Rh\u00f4ne-Alpes  (service  Eau,  Hydro\u00e9lectricit\u00e9  et  Nature  /  p\u00f4le\nPr\u00e9servation des milieux et des esp\u00e8ces - pme.ehn.dreal-ara@developpement-durable.gouv.fr), la liste\ndes personnels charg\u00e9s de la mise en \u0153uvre de la pr\u00e9sente autorisation.\nARTICLE 4\u00a0: Dur\u00e9e de validit\u00e9 de l'autorisation\nCette autorisation est valable jusqu'au 31 d\u00e9cembre 2030, sous r\u00e9serve stricte de la transmission des\nrapports annuels sur la mise en \u0153uvre de la d\u00e9rogation au cours de l'ann\u00e9e pr\u00e9c\u00e9dente mentionn\u00e9s \u00e0\nl'article 5 ci-apr\u00e8s. La non transmission desdits rapports dans les d\u00e9lais indiqu\u00e9s rend caduque la\npr\u00e9sente d\u00e9rogation. Toute demande de prolongation de la pr\u00e9sente d\u00e9rogation doit \u00eatre d\u00e9pos\u00e9e\navant le 30 juin 2030.\nARTICLE 5\u00a0: Mise \u00e0 disposition des donn\u00e9es\nLe b\u00e9n\u00e9ficiaire met ses donn\u00e9es d'observation d'esp\u00e8ces \u00e0 disposition de la DREAL Auvergne-Rh\u00f4ne-\nAlpes  dans  les  conditions  d\u00e9finies  par  le  syst\u00e8me  d'information  sur  la  nature  et  les  paysages,\nnotamment en ce qui concerne les r\u00e8gles de d\u00e9p\u00f4t, de format de donn\u00e9es et de fichiers applicables\naux  m\u00e9tadonn\u00e9es  et  donn\u00e9es  \u00e9l\u00e9mentaire  d'\u00e9change  relatives  aux  occurrences  d'observation\nd'esp\u00e8ces.\nAdresse postale : 69453 LYON CEDEX 06\nStandard : 04 26 28 60 00 - www.auvergne-rhone-alpes.developpement-durable.gouv.fr page 5/7\n84_DREAL_Direction r\u00e9gionale de l'environnement, de l'am\u00e9nagement et du logement d'Auvergne-Rh\u00f4ne-Alpes - 69-2025-11-10-00015\n- Arr\u00eat\u00e9 interpr\u00e9fectoral n\u00b0DREAL-AURA-EHN-2025-5 portant d\u00e9rogation aux dispositions de l'article L.411-1 du code de\nl'environnement pour\u00a0capture suivie d'un rel\u00e2cher imm\u00e9diat sur place d'esp\u00e8ces animales prot\u00e9g\u00e9es  (amphibiens, insectes et\nreptiles)\n54\nLe b\u00e9n\u00e9ficiaire adresse \u00e0 la DREAL Auvergne-Rh\u00f4ne-Alpes (service Eau, Hydro\u00e9lectricit\u00e9 et Nature /\np\u00f4le Pr\u00e9servation des milieux et des esp\u00e8ces  -  pme.ehn.dreal-ara@developpement-durable.gouv.fr),\nchaque ann\u00e9e avant le 31 mars , un rapport sur la mise en \u0153uvre de la d\u00e9rogation au cours de l'ann\u00e9e\npr\u00e9c\u00e9dente. \nCe rapport comprend\u00a0:\n\u2022 le nombre d'op\u00e9rations conduites sous couvert de la d\u00e9rogation ;\n\u2022 les dates et les lieux par commune des op\u00e9rations ;\n\u2022 les esp\u00e8ces ou groupes d'esp\u00e8ces dont la pr\u00e9sence a \u00e9t\u00e9 identifi\u00e9e ;\n\u2022 le  nombre  de  sp\u00e9cimens  captur\u00e9s  de  chaque  esp\u00e8ce,  le  sexe  lorsque  ce  dernier  est\nd\u00e9terminable et les lieux de capture-rel\u00e2cher\u00a0;\n\u2022 une photographie des faces ventrales et dorsales des individus de Tritons cr\u00eat\u00e9s pour les\nop\u00e9rations r\u00e9alis\u00e9es dans le d\u00e9partement de l'Ain, sur le pays de Gex, en pr\u00e9cisant le nom de\nla commune et du lieu-dit\u00a0;\n\u2022 le nombre d'animaux morts au cours des op\u00e9rations ;\n\u2022 le nombre d'animaux non vis\u00e9s dans la d\u00e9rogation et n\u00e9anmoins pris dans les mat\u00e9riels de\ncapture au cours des op\u00e9rations\u00a0;\n\u2022 le cas \u00e9ch\u00e9ant,  l'\u00e9volution de la liste  des personnels  charg\u00e9s de la mise en \u0153uvre de la\npr\u00e9sente autorisation (article 3), et la justification de leurs comp\u00e9tences.\nARTICLE 6\u00a0: Contr\u00f4les\nLa mise en \u0153uvre des prescriptions du pr\u00e9sent arr\u00eat\u00e9 peut faire l'objet de contr\u00f4les par les agents\nhabilit\u00e9s.\nARTICLE 7\u00a0: Sanctions\nLe  non-respect  des  prescriptions  du  pr\u00e9sent  arr\u00eat\u00e9  est  passible  des  sanctions  pr\u00e9vues  pour  les\ninfractions  p\u00e9nales  d\u00e9finies  et  r\u00e9prim\u00e9es  par  les  articles  L.415-3  et  R.415-1  du  code  de\nl'environnement.\nARTICLE 8\u00a0: Autres l\u00e9gislations et r\u00e9glementations\nLa pr\u00e9sente d\u00e9cision ne dispense pas de l'obtention d'autres accords ou autorisations par ailleurs\nn\u00e9cessaires pour la r\u00e9alisation de l'op\u00e9ration susmentionn\u00e9e et du respect des autres dispositions\nl\u00e9gislatives et r\u00e9glementaires susceptibles d'\u00eatre applicables sur les espaces prot\u00e9g\u00e9s du territoire\nd'\u00e9tude.\nARTICLE 9\u00a0: Voies et d\u00e9lais de recours \nLa pr\u00e9sente d\u00e9cision peut faire l'objet d'un recours dans les deux mois qui suivent sa  publication ou\nsa notification\u00a0:\n\u2022 par la voie d'un recours administratif. L'absence de r\u00e9ponse dans le d\u00e9lai de deux mois fait\nna\u00eetre une d\u00e9cision implicite de rejet, qui peut elle-m\u00eame faire l'objet d'un recours devant le\ntribunal administratif comp\u00e9tent,\n\u2022 par la voie d'un recours contentieux devant le tribunal administratif comp\u00e9tent,\n\u2022 par l'application T\u00e9l\u00e9recours citoyens accessible via le site internet www.telerecours.fr.\nAdresse postale : 69453 LYON CEDEX 06\nStandard : 04 26 28 60 00 - www.auvergne-rhone-alpes.developpement-durable.gouv.fr page 6/7\n84_DREAL_Direction r\u00e9gionale de l'environnement, de l'am\u00e9nagement et du logement d'Auvergne-Rh\u00f4ne-Alpes - 69-2025-11-10-00015\n- Arr\u00eat\u00e9 interpr\u00e9fectoral n\u00b0DREAL-AURA-EHN-2025-5 portant d\u00e9rogation aux dispositions de l'article L.411-1 du code de\nl'environnement pour\u00a0capture suivie d'un rel\u00e2cher imm\u00e9diat sur place d'esp\u00e8ces animales prot\u00e9g\u00e9es  (amphibiens, insectes et\nreptiles)\n55\nARTICLE 10\u00a0: Ex\u00e9cution \nM. le directeur r\u00e9gional de l'environnement, de l'am\u00e9nagement et du logement Auvergne-Rh\u00f4ne-Alpes,\nMM. les chefs des services d\u00e9partementaux de l'Office fran\u00e7ais de la biodiversit\u00e9 de  l'Ain, de l'Allier,\nde la Dr\u00f4me, de l'Is\u00e8re, du Rh\u00f4ne et de la Savoie\u00a0;\nsont charg\u00e9s, chacun en ce qui le concerne, de l'ex\u00e9cution du pr\u00e9sent arr\u00eat\u00e9 qui sera notifi\u00e9 au\nb\u00e9n\u00e9ficiaire et publi\u00e9 au recueil des actes administratifs des pr\u00e9fectures de  l'Ain, de l'Allier, de la\nDr\u00f4me, de l'Is\u00e8re, du Rh\u00f4ne et de la Savoie.\nPour les Pr\u00e9fets et par d\u00e9l\u00e9gation,\nLa cheffe de service d\u00e9l\u00e9gu\u00e9e\nEau, Hydro\u00e9lectricit\u00e9 et Nature\nSIGNE\nLaurence DAYET\nAdresse postale : 69453 LYON CEDEX 06\nStandard : 04 26 28 60 00 - www.auvergne-rhone-alpes.developpement-durable.gouv.fr page 7/7\n84_DREAL_Direction r\u00e9gionale de l'environnement, de l'am\u00e9nagement et du logement d'Auvergne-Rh\u00f4ne-Alpes - 69-2025-11-10-00015\n- Arr\u00eat\u00e9 interpr\u00e9fectoral n\u00b0DREAL-AURA-EHN-2025-5 portant d\u00e9rogation aux dispositions de l'article L.411-1 du code de\nl'environnement pour\u00a0capture suivie d'un rel\u00e2cher imm\u00e9diat sur place d'esp\u00e8ces animales prot\u00e9g\u00e9es  (amphibiens, insectes et\nreptiles)\n56","date":"2025-11-25","first_seen_on":"2025-11-25T15:28:30+00:00","id":"5b53be326ef3411ec0b34565f0c673c53d39fc4ef3d1eeeb2f995f4c642db760","name":"RAA_69-2025-308-251125","pdf_creation_date":"2025-11-25T15:13:58+00:00","pdf_modification_date":"2025-11-25T15:14:59+00:00","timezone":"Europe/Paris","url":"https://www.rhone.gouv.fr/contenu/telechargement/66361/447123/file/RAA_69-2025-308-251125.pdf"}
