{"administration":"pref50","administration_name":"Pr\u00e9fecture de la Manche","content":"RECUEIL DES ACTES\nADMINISTRATIFS\nDE LA MANCHE\nDOCUMENTATION\nET\nINFORMATIONS\nF\u00c9VRIER 2023\nNUMERO SPECIAL N\u00b0 11\nLe contenu int\u00e9gral des textes et/ou les documents et plans annex\u00e9s\npeut \u00eatre consult\u00e9 aupr\u00e8s du service sous le timbre duquel la publication\nest r\u00e9alis\u00e9e et sur le site Internet de la pr\u00e9fecture :\nhttp://www.manche.gouv.fr\nRubrique : Publications - Annonces et avis - Recueil des actes administratifs\n\nS O M M A I R E\nDIRECTION DEPARTEMENTALE DE L'EMPLOI, DU TRAVAIL ET DES SOLIDARITES.....................................................................................2\nArr\u00eat\u00e9 du 8 f\u00e9vrier 2023 fixant la liste des mandataires judiciaires \u00e0 la protection des majeurs et d\u00e9l\u00e9gu\u00e9s aux prestations familiales \npour le d\u00e9partement de la Manche..............................................................................................................................................................................2\nDIRECTION DEPARTEMENTALE DES TERRITOIRES ET DE LA MER.................................................................................................................4\nArr\u00eat\u00e9 n\u00b0 2023-017 du 8 f\u00e9vrier 2023, portant approbation du document-cadre fixant les orientations d'attribution de logements sociaux \nde la communaut\u00e9 d'agglom\u00e9ration Mont-Saint-Michel Normandie...........................................................................................................................4\nArr\u00eat\u00e9 n\u00b0 2023\u2013DDTM-SE\u20130013 en date du 10 f\u00e9vrier 2023 approuvant l'agr\u00e9ment n\u00b0 50-2015-0005 de la SARL PATRICK POISSON \nTP pour la r\u00e9alisation des vidanges des installations d'assainissement non collectif................................................................................................4\nArr\u00eat\u00e9 n\u00b0DDTM -DIR- 2023-01 du 13 f\u00e9vrier 2023 donnant subd\u00e9l\u00e9gation de signature de Mme Martine CAVALLERA-LEVI \u00e0 certains \nde ses collaborateurs...................................................................................................................................................................................................5\nArr\u00eat\u00e9 n\u00b0DDTM-DIR \u2013 2023-02 du 13 f\u00e9vrier 2023 donnant subd\u00e9l\u00e9gation de signature de Mme Martine CAVALLERA-LEVI aux \nordonnateurs secondaires d\u00e9l\u00e9gu\u00e9s.........................................................................................................................................................................10\n\uf0bf\nDIRECTION DEPARTEMENTALE DE L'EMPLOI, DU TRAVAIL ET DES SOLIDARITES\nArr\u00eat\u00e9 du 8 f\u00e9vrier 2023 fixant la liste des mandataires judiciaires \u00e0 la protection des majeurs et d\u00e9l\u00e9gu\u00e9s aux prestations familiales\npour le d\u00e9partement de la Manche\nConsid\u00e9rant  le sch\u00e9ma  r\u00e9gional  des  mandataires  judiciaires  \u00e0 la protection  des  majeurs  et  des  d\u00e9l\u00e9gu\u00e9s  aux  prestations  familiales  de\nNormandie 2020-2024 ;\nConsid\u00e9rant les besoins du d\u00e9partement de la Manche en mati\u00e8re de mandataires judiciaires \u00e0 la protection des majeurs, d\u00e9l\u00e9gu\u00e9s aux\nprestations familiales et pr\u00e9pos\u00e9s d'\u00e9tablissements ;\nArt.1 : La liste des personnes habilit\u00e9es pour \u00eatre d\u00e9sign\u00e9es en qualit\u00e9 de mandataire judiciaire \u00e0 la protection des majeurs par les juges des\ncontentieux de la protection pour exercer des mesures de protection des majeurs au titre de la tutelle, de la curatelle ou du mandat sp\u00e9cial\nauquel il peut \u00eatre recouru dans le cadre de la sauvegarde de justice est ainsi \u00e9tablie pour le d\u00e9partement de la Manche :\nPersonnes morales gestionnaires de services :\n-Association Tut\u00e9laire des Majeurs Prot\u00e9g\u00e9s de la Manche (ATMPM), 745 rue Jules Vall\u00e8s, CS 32509 - 50009 Saint-L\u00f4 Cedex\n- Union D\u00e9partementale des Associations Familiales (UDAF), CS 81209, 291 rue L\u00e9on Jouhaux, 50009 Saint-L\u00f4 C\u00e9dex \nPersonnes physiques exer\u00e7ant \u00e0 titre individuel :\nL'agr\u00e9ment des personnes physiques exer\u00e7ant \u00e0 titre individuel est d\u00e9partemental. Toutefois, pour d'avantage de lisibilit\u00e9, la liste des personnes\nagr\u00e9\u00e9es est pr\u00e9sent\u00e9e par tribunaux, conform\u00e9ment aux demandes d'agr\u00e9ments initiales :\na)  Tribunal judiciaire de Cherbourg-en-Cotentin\nMme Maud BAUDRY n\u00e9e CRESTEY, BP 160 Tourlaville, 50110 Cherbourg-en-Cotentin\nM. Alexandre CLOUET, BP 32, 50700 Valognes\nMme La\u00ebtitia EMBARECK, 1 rue du Vermandois, r\u00e9sidence Guernesey, Appt 2 Cherbourg-Octeville 50100 Cherbourg-en-Cotentin (initialement\nagr\u00e9\u00e9e par le pr\u00e9fet de l'Orne)\nMme Louise FAUVEL BP 40328 \u2013 50103 Cherbourg-en-Cotentin cedex\nMme Ingrid GHYS n\u00e9e NOEL, BP 21, 50760 Barfleur \nMme Chantal LEBOURGEOIS n\u00e9e LAMACHE, BP 50124, Tourlaville 50110 Cherbourg-en-Cotentin\nMme \u00c9lisabeth LEBRENE, 6 boulevard de Verdun, BP 20, 50700 Valognes\nMme Marie LECERF, BP 126, Tourlaville 50110 Cherbourg-en-Cotentin\nM. Jean LEMARDELEY, 2 route de la belle croix, 50200 Heugueville-sur-Sienne (initialement agr\u00e9\u00e9 par le pr\u00e9fet de l'Orne)\nMme Martine LEMARDELEY n\u00e9e LE BRIS, 2 route de la belle croix, 50200 Heugueville-sur-Sienne\nM. Emmanuel LEROY, 217 ter rue des Ecuyers, 50000 Saint-L\u00f4 (initialement agr\u00e9\u00e9 par le pr\u00e9fet du Calvados)\nMme Florence MANUELLE, BP 50 -  50700 Valognes\nMme \u00c9milie MESNIL, 25 rue de Poterie, 50700 Valognes\nMme NOEL Val\u00e9rie n\u00e9e COURTEILLE, 10 avenue du Cotentin, 50000 Saint-Georges-Montcocq\nMme C\u00e9cile PEDRON, 234 rue de Tessy, Appt 33, 50000 Saint-L\u00f4\nMme Alexandra RACHINE n\u00e9e TIRLOY, BP 19, Picauville 50360 Picauville\nMme Pia ROBINE n\u00e9e LOCHER, BP 2, 50340 Les Pieux\nM. Guillaume SOUTRA, Cabinet Tut\u00e9laire du Cotentin 25 rue de Poterie, BP 05, 50700 Valognes\nMme Ang\u00e9lique VAN HAVERBEKE n\u00e9e LE CALVIC, BP N\u00b0154, Tourlaville 50110 Cherbourg-en-Cotentin\nb) - Tribunal judiciaire de Coutances \nMme Clotilde ALLAIN n\u00e9e BETEMPS, 13 bis route du taillis, 50680 Moon-sur-Elle (initialement agr\u00e9\u00e9e par le pr\u00e9fet du Calvados)\nM. Alexandre CLOUET, BP 32, 50700 Valognes\nMme La\u00ebtitia EMBARECK, 1 rue du Vermandois, R\u00e9sidence Guernesey Appt 2, Cherbourg-Octeville 50100 Cherbourg-en-Cotentin (initialement\nagr\u00e9\u00e9e par le pr\u00e9fet de l'Orne)\nMme Marie Line JAMMES n\u00e9e CHESNEL, Cabinet de la S\u00e9e, BP 113, 50301 Avranches c\u00e9dex (initialement agr\u00e9\u00e9e par le pr\u00e9fet de l'Orne)\nMme Chantal LEBOURGEOIS n\u00e9e LAMACHE, BP 50124, Tourlaville 50110 Cherbourg-en-Cotentin\nMme \u00c9lisabeth LEBRENE, 6 boulevard de Verdun, BP 20, 50700 Valognes\nMme Marie LECERF, BP 126, Tourlaville 50110 Cherbourg-en-Cotentin\nM. Jean LEMARDELEY, 2 route de la belle croix, 50200 Heugueville-sur-Sienne (initialement agr\u00e9\u00e9 par le pr\u00e9fet de l'Orne)\nMme Martine LEMARDELEY n\u00e9e LE BRIS, 2 route de la belle croix, 50200 Heugueville-sur-Sienne\nM. Emmanuel LEROY, 217 ter rue des Ecuyers, 50000 Saint-L\u00f4 (initialement agr\u00e9\u00e9 par le pr\u00e9fet du Calvados)\nMme Florence MANUELLE, BP 50 -  50700 Valognes\nMme NOEL Val\u00e9rie n\u00e9e COURTEILLE, 10 avenue du Cotentin, 50000 Saint-Georges Montcocq\nMme C\u00e9cile PEDRON, 234 rue de Tessy, Appt 33, 50000 Saint-L\u00f4\nMme Christelle PETAUD n\u00e9e BERHAULT, Cabinet de la S\u00e9e, BP 113, 50301 Avranches c\u00e9dex (initialement agr\u00e9\u00e9e par le pr\u00e9fet de l'Orne)\nMme Maud POUILLY, 234 rue de Tessy 50000 Saint-L\u00f4\nMme Alexandra RACHINE n\u00e9e TIRLOY, BP 19, Picauville 50360 Picauville\nMme Delphine RIGOT, BP 50002, 50890 Cond\u00e9-sur-Vire\nM. Julien ROBIN, 7 rue du ch\u00e2teau, 50000 Saint-L\u00f4\nM. Guillaume SOUTRA, Cabinet Tut\u00e9laire du Cotentin 25 rue de Poterie, BP 05, 50700 Valognes\nMme Jacqueline THEAULT, Cabinet MJPM, BP 46, 50380 Saint-Pair-sur-Mer (initialement agr\u00e9\u00e9e par le pr\u00e9fet de l'Orne)\nM. Olivier TRANCHANT, 154 rue des Go\u00e9monniers, 50290 Longueville\nc) - Tribunal de proximit\u00e9 d'Avranches\nM. Ludovic BUQUET, BP 101, 50301 Avranches cedex\nMme Marie-Line JAMMES n\u00e9e CHESNEL, Cabinet de la S\u00e9e, BP 113, 50301 Avranches cedex (initialement agr\u00e9\u00e9e par le pr\u00e9fet de l'Orne)\nMme Elisabeth LEBRENE, 6 boulevard de Verdun, BP 20, 50700 Valognes\nM. Jean LEMARDELEY, 2 route de la belle croix, 50200 Heugueville-sur-Sienne (initialement agr\u00e9\u00e9 par le pr\u00e9fet de l'Orne)\nMme Martine LEMARDELEY n\u00e9e LE BRIS, 2 route de la belle croix, 50200 Heugueville-sur-Sienne\nM. Emmanuel LEROY, 217 ter rue des Ecuyers, 50000 Saint-L\u00f4 (initialement agr\u00e9\u00e9 par le pr\u00e9fet du Calvados)\nMme C\u00e9cile PEDRON, 234 rue de Tessy, Appt 33, 50000 Saint-L\u00f4\nMme Christelle PETAUD n\u00e9e BERHAULT, Cabinet de la S\u00e9e, BP 113, 50301 Avranches cedex (initialement agr\u00e9\u00e9e par le pr\u00e9fet de l'Orne)\nM. Pascal RIOULT, 230 rue du monument, BP 10, 50380 St-Pair-sur-Mer\nM. Guillaume SOUTRA, Cabinet Tut\u00e9laire du Cotentin 25 rue de Poterie, BP 05, 50700 Valognes\nMme Jacqueline THEAULT, Cabinet MJPM, BP 46, 50380 Saint-Pair-sur-Mer (initialement agr\u00e9\u00e9e par le pr\u00e9fet de l'Orne)\nM. Olivier TRANCHANT, 154 rue des Go\u00e9monniers, 50290 Longueville\nPersonnes physiques exer\u00e7ant en tant que pr\u00e9pos\u00e9s d'\u00e9tablissements \nMme Val\u00e9rie CHRETIEN n\u00e9e LEBASCLE : \nCentre Hospitalier de Pontorson: \n- Centre hospitalier de l'estran et EHPAD \"Le jardin des Epices\", 7 chauss\u00e9e Villech\u00e9rel, 50170 Pontorson\n- Maison d'accueil sp\u00e9cialis\u00e9e \u00abl'Archipel\u00bb, 50170 Pontorson \n- Maison d'accueil sp\u00e9cialis\u00e9e \u00abl'Escale\u00bb, le bas theil, 50400 Saint-Planchers\nMme Karine LEMONNIER n\u00e9e ROBERT et Mme S\u00e9verine MULOT n\u00e9e BARBEY : \nFondation Bon Sauveur de la Manche :\n- Foyer d'accueil m\u00e9dicalis\u00e9 Augustin Delamare, 50 rue S\u00e9bline, Carentan 50500 Carentan-les-Marais\n- Foyer d'accueil m\u00e9dicalis\u00e9 Augustin Delamare, sis 3 rue Jean Dumeril, 50700 Valognes\n- R\u00e9sidence accueil (maison relai), route de saint Sauveur, 50360 Etienville\n- EHPAD \u00abElisabeth de Surville\u00bb, route de saint Sauveur, Picauville 50360 Picauville\n- EHPAD \u00abElisabeth de Surville\u00bb, 7 rue de la poste, 50690 Martinvast\n- EHPAD Anne Leroy, 68 Rue au Bois Marcel, 50008 Saint-L\u00f4\n- Maison d'accueil sp\u00e9cialis\u00e9e \u00abla Meije\u00bb, route de Saint Sauveur, Picauville 50360 Picauville\n- Institut m\u00e9dico-\u00e9ducatif \u00abla Mondr\u00e9e\u00bb, internat\u2013r\u00e9sidence la montagne, rue Cotis Capel, Quartier la br\u00e8che du bois, Cherbourg-Octeville\n50100 Cherbourg-en-Cotentin\n- Centre de soins de suite et de r\u00e9adaptation en alcoologie et addictologie Beauregard,  11  rue  docteur  Schweitzer  BP11,  La  Glacerie\n50470 Cherbourg-en Cotentin\n- Centre hospitalier sp\u00e9cialis\u00e9, route de saint Sauveur, Picauville 50360 Picauville\n- Centre hospitalier sp\u00e9cialis\u00e9, 65 rue Baltimore, 50000 Saint-L\u00f4\n- R\u00e9sidence Accueil, rue de la Duch\u00e9 50100 Cherbourg-en-Cotentin\nEtablissements ayant pass\u00e9 une convention avec la fondation Bon Sauveur de la Manche :\n- EHPAD de Montebourg, 38 rue Monseigneur Lenordez, BP 57, 50310 Montebourg\n- EHPAD du Val de Saire :\nSite \u00abLe Chosel\u00bb, 77 rue saint Thomas, 50760 Barfleur\nSite \u00abLa Goudalie\u00bb, 2 rue du 8 mai, 50550 Saint-Vaast-la-Hougue\n- Centre hospitalier et EHPAD, 1 avenue qui qu'en grogne, BP 439,Carentan 50500 Carentan-les-Marais\n- EHPAD \u00abr\u00e9sidence les Eglantines\u00bb, 14 rue saint Martin, Percy 50410 Percy-en-Normandie\n- EHPAD la clairi\u00e8re des Bernardins, 5 rue des bernardins, Torigny-sur-Vire 50160 Torigny-les-villes\n- Maison de retraite Hauchemail, rue quartier Miclots, Hauchemail 50480 Sainte-Marie-du-Mont\n- Centre Hospitalier Public du Cotentin : \nCentre hospitalier Louis Pasteur, 46 rue du val de Saire, BP 208, Cherbourg-Octeville 50102 Cherbourg-en-Cotentin\nCentre hospitalier, 1 avenue du 8 mai 1945, 50700 Valognes\nEHPAD \u00able pays valognais\u00bb, 1 Avenue du 8 mai 1945 - 50700 ValognesEHPAD \u00able gros h\u00eatre\u00bb rue Aristide Briand Cherbourg-Octeville,50130\nCherbourg-en-Cotentin\n- EHPAD Les Lices-Jourdan 17 rue des Lices 50390 Saint-Sauveur-Le-Vicomte\n- Mme Val\u00e9rie NOGUES, Mme Fatiha OUIDIR et M. Guillaume JUNDT : \nCentre Hospitalier \u00abAvranches-Granville\u00bb :\n- Site d'Avranches : USLD/EHPAD \u00abarc en S\u00e9e\u00bb, 59 rue de la libert\u00e9 50300 Avranches\n- Site de Granville: USLD/EHPAD \u00abPaul Poirier\u00bb 849 rue des Menneries BP 629,50406 Granville \nEtablissements ayant pass\u00e9 une convention avec le Centre Hospitalier \u00abAvranches-Granville\u00bb : \n- Centre Hospitalier et EHPAD de St Hilaire du Harcouet, Place de Bretagne, Saint-Hilaire-du-Harcou\u00ebt 50600 Saint-Hilaire-du- Harcou\u00ebt\n- EHPAD \u00abr\u00e9sidence Delivet\u00bb, boulevard Jean-Baptiste Delivet BP 31, Ducey 50220 Ducey-les-Ch\u00e9ris\n- Centre hospitalier et EHPAD, 12 rue Jean Gast\u00e9, Villedieu-les-Po\u00eales 50800 Villedieu-les-Po\u00eales-Rouffigny\n- Centre hospitalier \u00abGilles Buisson\u00bb et EHPAD, 18 rue de la 30\u00e8me division a m\u00e9ricaine, BP 2, Mortain 50140 Mortain-Bocage\n- EHAPD \u00abLe Vallon\u00bb, 619 rue du Bocage, 50380 Saint-Pair-sur-Mer\n- EHPAD de l'h\u00f4pital de Saint James, 2 route de Pontorson  BP 18, 50240 St-James \n- Centre d'accueil et de soins :\nMaison d'accueil sp\u00e9cialis\u00e9e :\nSite principal, 43 rue du Mont, 50240 Saint James\nR\u00e9sidence \"Les Marronniers\" \nR\u00e9sidence \"Les Acacias\"\nAvenue de Beaminster, 50240 Saint James : R\u00e9sidence \"Les Hortensias\" \nFoyer occupationnel d'accueil :\nRoute d'Antrain, 50240 Saint-James : Centre Louis Ravalet\n- Mme M\u00e9lanie LAISNE : \n- EHPAD Ana\u00efs de Gourcy, 10 rue de Bastogne, 50190 P\u00e9riers\n- EHPAD, 2 rue Blanche de Castille, 50490 Saint-Sauveur-Lendelin\n- EHPAD Lemp\u00e9ri\u00e8re, La lande, 50250 Neufmesnil\n- EHPAD \u00abLe Loret\u00bb, 15, rue Emile Poirier, La-Haye-du-Puits 50250 \n- EHPAD \u00abla vielle \u00e9glise\u00bb, Lithaire 50250 Montsenelle\n- Mme Aur\u00e9lie VIVET : \n- Centre r\u00e9gional de r\u00e9\u00e9ducation et de r\u00e9adaptation fonctionnelle  \u00abLe Normandy\u00bb, 1 rue Jules Michelet, CS 40619, 50406 Granville c\u00e9dex\n- Mme Sandrine GROULT :\nCentre Hospitalier de Coutances, Rue de la Gare, 50208 Coutances C\u00e9dex\n- EHPAD \u00ables pommiers\u00bb\n- EHPAD \u00ables lilas\u00bb\n- EHPAD \u00able manoir\u00bb\n- EHPAD/USLD \u00able Coisel\u00bb\nEtablissement ayant pass\u00e9 une convention avec le Centre Hospitalier de Coutances :\n- Centre Hospitalier M\u00e9morial et EHPAD/USLD, 715 rue Dunant, 50008 Saint-L\u00f4 C\u00e9dex\nArt.2 : la liste des personnes habilit\u00e9es pour \u00eatre d\u00e9sign\u00e9es en qualit\u00e9 de mandataire judiciaire \u00e0 la protection des majeurs par les juges des\ncontentieux de la protection pour exercer des mesures de protection des majeurs au titre de la mesure d'accompagnement judiciaire est ainsi\n\u00e9tablie pour le d\u00e9partement de la Manche :\nPersonnes morales gestionnaires de services :\n- Association Tut\u00e9laire des Majeurs Prot\u00e9g\u00e9s de la Manche (ATMPM), 745 rue Jules Vall\u00e8s, CS 32509, 50009 Saint-L\u00f4 C\u00e9dex\n- Union D\u00e9partementale des Associations Familiales (UDAF), CS 81209, 291 rue L\u00e9on Jouhaux, 50009 Saint-L\u00f4 C\u00e9dex \nArt.3 : La liste des personnes  habilit\u00e9es pour \u00eatre d\u00e9sign\u00e9es  par les juges des contentieux  de la protection en qualit\u00e9 de d\u00e9l\u00e9gu\u00e9 aux\nprestations familiales est ainsi \u00e9tablie pour le d\u00e9partement de la Manche :\nPersonnes morales gestionnaires de services :\n- Union D\u00e9partementale des Associations Familiales (UDAF), CS 81209, 291 rue L\u00e9on Jouhaux, 50009 Saint-L\u00f4 C\u00e9dex \nArt.4 : Une ampliation du pr\u00e9sent arr\u00eat\u00e9 sera notifi\u00e9e :\naux int\u00e9ress\u00e9s,\nau procureur de la R\u00e9publique pr\u00e8s le tribunal judiciaire de Cherbourg-en-Cotentin,\nau procureur de la R\u00e9publique pr\u00e8s le tribunal judiciaire de Coutances,\naux juges des contentieux de la protection du tribunal judiciaire de Cherbourg-en-Cotentin,\naux juges des contentieux de la protection du tribunal judiciaire de Coutances,\naux juges des contentieux de la protection du tribunal de proximit\u00e9 d'Avranches.\nArt.5 : La pr\u00e9sente d\u00e9cision peut faire l'objet d'un recours administratif, soit gracieux aupr\u00e8s du pr\u00e9fet de la Manche, soit hi\u00e9rarchique aupr\u00e8s de\nla ministre des solidarit\u00e9s, de l'autonomie et des personnes handicap\u00e9es, dans les deux mois suivant sa publication. Un recours contentieux\npeut \u00eatre d\u00e9pos\u00e9 aupr\u00e8s du Tribunal Administratif de Caen, \u00e9galement dans un d\u00e9lai de deux mois \u00e0 compter de la publication, ou dans le d\u00e9lai\nde deux mois \u00e0 partir de la r\u00e9ponse de l'administration si un recours administratif a \u00e9t\u00e9 d\u00e9pos\u00e9. L'absence de r\u00e9ponse de l'administration au\nterme d'un d\u00e9lai de deux mois vaut rejet implicite. Le tribunal administratif peut-\u00eatre saisi par l'application informatique \u00abt\u00e9l\u00e9recours citoyens\u00bb\naccessible par le site internet www.telerecours.fr/. \nArt.6 : Le pr\u00e9sent arr\u00eat\u00e9 annule et remplace les pr\u00e9c\u00e9dents arr\u00eat\u00e9s fixant la liste des mandataires judiciaires \u00e0 la protection des majeurs et\nd\u00e9l\u00e9gu\u00e9s aux prestations familiales pour le d\u00e9partement de la Manche.\nArt.7 : Le pr\u00e9sent arr\u00eat\u00e9 sera publi\u00e9 au recueil des actes administratifs de la pr\u00e9fecture.\nSign\u00e9 : Le Pr\u00e9fet : Fr\u00e9d\u00e9ric PERISSAT\n\uf0bf\nDIRECTION DEPARTEMENTALE DES TERRITOIRES ET DE LA MER\nArr\u00eat\u00e9 n\u00b0 2023-017 du 8 f\u00e9vrier 2023, portant approbation du document-cadre fixant les orientations d'attribution de logements\nsociaux de la communaut\u00e9 d'agglom\u00e9ration Mont-Saint-Michel Normandie.\nArt.1 :   Le document-cadre fixant les orientations d'attribution de logements sociaux de la communaut\u00e9 d'agglom\u00e9ration Mont-Saint-Michel-\nNormandie, annex\u00e9 au pr\u00e9sent arr\u00eat\u00e9, est approuv\u00e9.\nSign\u00e9 : Le Pr\u00e9fet : Fr\u00e9d\u00e9ric PERISSAT\n\uf0bf\nArr\u00eat\u00e9 n\u00b0 2023\u2013DDTM-SE\u20130013 en date du 10 f\u00e9vrier 2023 approuvant l'agr\u00e9ment n\u00b0 50-2015-0005 de la SARL PATRICK POISSON TP\npour la r\u00e9alisation des vidanges des installations d'assainissement non collectif\nConsid\u00e9rant ce qui suit :\n- la demande d'agr\u00e9ment indique la quantit\u00e9 maximale annuelle de mati\u00e8res pour laquelle l'agr\u00e9ment est demand\u00e9 et justifie pour cette m\u00eame\nquantit\u00e9, d'un acc\u00e8s sp\u00e9cifique \u00e0 une ou plusieurs fili\u00e8res d'\u00e9limination des mati\u00e8res de vidange,\n- le bordereau de suivi des mati\u00e8res de vidanges propos\u00e9 par le demandeur est conforme aux prescriptions de l'annexe II de l'arr\u00eat\u00e9 du 7\nseptembre 2009 susvis\u00e9 ;\nArt.1 : B\u00e9n\u00e9ficiaire de l'agr\u00e9ment : Monsieur Patrick POISSON - Entreprise : SARL Patrick POISSON TP - N\u00b0 identification SIRET : 438 589 434\n00010 - Domicili\u00e9e : 2 bis, Le Colombier \u2013 Remilly-sur-Lozon, 50570 REMILLY-LES-MARAIS\nArt.2 : Objet de l'agr\u00e9ment  : La soci\u00e9t\u00e9 repr\u00e9sent\u00e9e par Patrick POISSON est agr\u00e9\u00e9e sous le num\u00e9ro 50-2015-005 pour r\u00e9aliser les vidanges\ndes installations d'assainissement non collectif et prendre en charge le transport et l'\u00e9limination des mati\u00e8res de vidange.\nLa quantit\u00e9 maximale annuelle de mati\u00e8res de vidange vis\u00e9e par le pr\u00e9sent agr\u00e9ment est de 400 m\u00b3.\nLes fili\u00e8res d'\u00e9limination valid\u00e9es par le pr\u00e9sent agr\u00e9ment sont les suivantes : la station d'\u00e9puration de Saint-L\u00f4.\nArt.3 : \u00c9limination des mati\u00e8res de vidanges\nArt.3-1 : D\u00e9potage des mati\u00e8res de vidange :\nSeules  sont  accept\u00e9es  sur  les  stations  d'\u00e9puration  publiques,  les  mati\u00e8res  de  vidange  provenant  d'installations  d'assainissement  non\ncollectif (fosses septiques, fosses toutes eaux, fosses fixes) implant\u00e9es sur le territoire du d\u00e9partement de la Manche.\nLes d\u00e9versements doivent satisfaire les conditions fix\u00e9es par les conventions \u00e9tablies entre le b\u00e9n\u00e9ficiaire de l'agr\u00e9ment, le ma\u00eetre d'ouvrage et\ns'il y a lieu l'exploitant de la (des) station(s) d'\u00e9puration susvis\u00e9e(s), notamment pour ce qui concerne la qualit\u00e9 des produits admissibles ( les\nmati\u00e8res de vidange ne doivent pas contenir de substances toxiques susceptibles de compromettre le fonctionnement de(s) la fili\u00e8re(s) de\ntraitement) ainsi que les conditions d'acc\u00e8s.\nSi les effluents collect\u00e9s ne correspondent pas aux exigences fix\u00e9es par lesdites conventions, le b\u00e9n\u00e9ficiaire de l'agr\u00e9ment informe le service de\nla police de l'eau, du mode d'\u00e9limination auquel il aura recours, avant toute op\u00e9ration de d\u00e9potage sur des sites autres que les fili\u00e8res de\ntraitement susvis\u00e9es.\nArt.4 : Le suivi de l'activit\u00e9 :\nLe b\u00e9n\u00e9ficiaire de l'agr\u00e9ment doit respecter les prescriptions g\u00e9n\u00e9rales d\u00e9finies dans l'arr\u00eat\u00e9 du 7 septembre 2009.\nLe b\u00e9n\u00e9ficiaire de l'agr\u00e9ment \u00e9tablit pour chaque vidange un bordereau de suivi des mati\u00e8res de vidange en trois volets comportant a minima\nles informations pr\u00e9vues \u00e0 l'annexe II de l'arr\u00eat\u00e9 du 7 septembre 2009. Ces trois volets sont conserv\u00e9s respectivement par le propri\u00e9taire de\nl'installation vidang\u00e9e, le b\u00e9n\u00e9ficiaire de l'agr\u00e9ment et le responsable de la fili\u00e8re d'\u00e9limination.  Le volet conserv\u00e9 par le propri\u00e9taire de\nl'installation  vidang\u00e9e  est  sign\u00e9  par  lui-m\u00eame  et  le  b\u00e9n\u00e9ficiaire  de  l'agr\u00e9ment.  Ceux  conserv\u00e9s  par  le  b\u00e9n\u00e9ficiaire  de  l'agr\u00e9ment  et  le\nresponsable de la fili\u00e8re d'\u00e9limination sont sign\u00e9s par les trois parties.\nLe b\u00e9n\u00e9ficiaire de l'agr\u00e9ment tient un registre, class\u00e9 par dates, comportant les bordereaux de suivi des mati\u00e8res de vidange. Ce document est\ntenu en permanence \u00e0 la disposition du Pr\u00e9fet et de ses services. La dur\u00e9e de conservation de ce registre est de dix ann\u00e9es.\nLe b\u00e9n\u00e9ficiaire de l'agr\u00e9ment adresse au service en charge de la police de l'eau, chaque ann\u00e9e avant le 1er avril, un bilan d'activit\u00e9 de vidange\nde l'ann\u00e9e ant\u00e9rieure. Ce bilan comporte a minima :\n- les informations concernant le nombre d'installations vidang\u00e9es par commune et les quantit\u00e9s totales de mati\u00e8res correspondantes ;\n- les quantit\u00e9s de mati\u00e8res dirig\u00e9es vers la fili\u00e8re d'\u00e9limination retenue ;\n- un \u00e9tat des moyens de vidange dont dispose le b\u00e9n\u00e9ficiaire de l'agr\u00e9ment et les \u00e9volutions envisag\u00e9es.\nArt.5 :  Modification des conditions de l'agr\u00e9ment\nEn cas de modification ou de projet de modification de la quantit\u00e9 maximale annuelle de mati\u00e8res de vidange agr\u00e9\u00e9e et/ou de la(des) fili\u00e8re(s)\nd'\u00e9limination, et/ou du site de traitement de r\u00e9ception des mati\u00e8res de vidange, le b\u00e9n\u00e9ficiaire de l'agr\u00e9ment sollicite aupr\u00e8s du Pr\u00e9fet une\nmodification des conditions de son agr\u00e9ment.\nA ce titre, lorsqu'une convention est sign\u00e9e ou d\u00e9nonc\u00e9e par l'une ou l'autre des parties, le b\u00e9n\u00e9ficiaire de l'agr\u00e9ment avertit le Pr\u00e9fet ainsi que\nle service de la police de l'eau.\nArt.6 : Cessation d\u00e9finitive de l'activit\u00e9\nLa cessation d\u00e9finitive d'activit\u00e9 doit faire l'objet d'une d\u00e9claration par le b\u00e9n\u00e9ficiaire de l'agr\u00e9ment aupr\u00e8s du Pr\u00e9fet, dans le mois qui suit. Il est\ndonn\u00e9 acte de cette d\u00e9claration au vu de la copie de la radiation au registre du commerce et des services.\nArt.7 : Contr\u00f4le par l'Administration\nLe Pr\u00e9fet et ses services peuvent proc\u00e9der \u00e0 la r\u00e9alisation des contr\u00f4les n\u00e9cessaires \u00e0 la v\u00e9rification de l'exactitude des d\u00e9clarations effectu\u00e9es\npar le b\u00e9n\u00e9ficiaire de l'agr\u00e9ment et contr\u00f4ler le respect de ses obligations au titre du pr\u00e9sent arr\u00eat\u00e9. Ces op\u00e9rations de contr\u00f4le peuvent \u00eatre\ninopin\u00e9es.\nArt. 8 : Droits des tiers\nLes droits des tiers sont et demeurent express\u00e9ment r\u00e9serv\u00e9s.\nArt. 9 : Autres r\u00e9glementations\nLe pr\u00e9sent arr\u00eat\u00e9 ne dispense en aucun cas le b\u00e9n\u00e9ficiaire de l'agr\u00e9ment de faire les d\u00e9clarations ou d'obtenir les autorisations requises par\nd'autres r\u00e9glementations.\nArt. 10 : Dur\u00e9e de l'agr\u00e9ment\nLa dur\u00e9e de validit\u00e9 de l'agr\u00e9ment est fix\u00e9e au 10 juin 2025.\n\u00c0 l'expiration de cette p\u00e9riode, l'agr\u00e9ment peut \u00eatre renouvel\u00e9 pour une m\u00eame dur\u00e9e, sur demande expresse du b\u00e9n\u00e9ficiaire. La demande de\nrenouvellement de l'agr\u00e9ment est transmise au Pr\u00e9fet au moins six mois avant la date limite de fin de validit\u00e9 de l'agr\u00e9ment initial.\nCette demande est accompagn\u00e9e d'un dossier comportant l'ensemble des pi\u00e8ces mentionn\u00e9es \u00e0 l'annexe 1 de l'arr\u00eat\u00e9 du 7 septembre 2009\nmodifi\u00e9 susvis\u00e9 et actualis\u00e9es.\nLorsque les modalit\u00e9s ci-dessus sont respect\u00e9es, la validit\u00e9 de l'agr\u00e9ment initial est prolong\u00e9e jusqu'\u00e0 notification de la d\u00e9cision pr\u00e9fectorale\nconcernant la demande de renouvellement. Le Pr\u00e9fet peut, toutefois, d\u00e9cider de retirer cette prolongation temporaire d'agr\u00e9ment conform\u00e9ment\n\u00e0 l'Art. 11 du pr\u00e9sent arr\u00eat\u00e9 ou en cas de manquement du demandeur \u00e0 ses obligations dans le cadre de l'instruction de son dossier de\ndemande de renouvellement d'agr\u00e9ment.\nArt. 11 : Retrait ou suspension de l'agr\u00e9ment\nL'agr\u00e9ment peut \u00eatre restreint, modifi\u00e9, suspendu ou retir\u00e9 \u00e0 l'initiative du Pr\u00e9fet dans les conditions pr\u00e9vues \u00e0 l'Art. 6 de l'arr\u00eat\u00e9 minist\u00e9riel du 7\nseptembre 2009 susvis\u00e9.\nLe b\u00e9n\u00e9ficiaire, dont l'agr\u00e9ment a \u00e9t\u00e9 retir\u00e9, ne peut pr\u00e9tendre \u00e0 un nouvel agr\u00e9ment dans les six mois \u00e0 compter de la modification de la\nd\u00e9cision de retrait.\nArt. 12 : Abrogation \nL'arr\u00eat\u00e9 pr\u00e9fectoral n\u00b02015-05 dat\u00e9 du 10 juin 2015 portant agr\u00e9ment de la SARL Patrick POISSON TP pour la r\u00e9alisation des vidanges des\ninstallations d'assainissement non collectif est abrog\u00e9.\nArt. 13 : Publication et information des tiers\nLe pr\u00e9sent arr\u00eat\u00e9 est publi\u00e9 au recueil des actes administratifs de la pr\u00e9fecture de la Manche et mis \u00e0 disposition du public sur le site des\nservices de l'\u00c9tat dans la Manche pendant une dur\u00e9e d'au moins 6 mois. La liste des personnes agr\u00e9\u00e9es est publi\u00e9e sur le site des services de\nl'\u00c9tat dans la Manche.\nArt. 14 : Voies et d\u00e9lais de recours\nLa pr\u00e9sente d\u00e9cision peut \u00eatre d\u00e9f\u00e9r\u00e9e au tribunal administratif de Caen, juridiction territorialement comp\u00e9tente :\n- par le p\u00e9titionnaire, dans un d\u00e9lai de deux mois \u00e0 compter du jour o\u00f9 la pr\u00e9sente d\u00e9cision lui a \u00e9t\u00e9 notifi\u00e9e,\n- par les tiers, personnes physiques ou morales, les communes int\u00e9ress\u00e9es ou leurs groupements, dans un d\u00e9lai de quatre mois \u00e0 compter de\nla publication ou de l'affichage dudit acte.\nLe tribunal administratif peut \u00eatre saisi par l'application informatique \"T\u00e9l\u00e9recours citoyens\" accessible par le site internet www.telerecours.fr.\nSign\u00e9 : Pour le Pr\u00e9fet  de la Manche par d\u00e9l\u00e9gation,  pour la Directrice D\u00e9partementale des Territoires et de la Mer, le Chef du service\n\u00ab Environnement \u00bb : Olivier Cattiaux\n\uf0bf\nArr\u00eat\u00e9 n\u00b0DDTM -DIR- 2023-01 du 13 f\u00e9vrier 2023 donnant subd\u00e9l\u00e9gation de signature de Mme Martine CAVALLERA-LEVI \u00e0 certains de\nses collaborateurs\nVu le d\u00e9cret n\u00b02004-374 du 29 avril 2004 modifi\u00e9, relatif aux pouvoirs des pr\u00e9fets, \u00e0 l'organisation et \u00e0 l'action des services de l'\u00c9tat dans les\nr\u00e9gions et d\u00e9partements ; \nVu le d\u00e9cret n\u00b02008-158 du 22 f\u00e9vrier 2008 relatif \u00e0 la suppl\u00e9ance des pr\u00e9fets de r\u00e9gion et \u00e0 la d\u00e9l\u00e9gation de signature des pr\u00e9fets, hauts-\ncommissaires de la r\u00e9publique en Polyn\u00e9sie fran\u00e7aise et en Nouvelle-Cal\u00e9donie ; \nVu le d\u00e9cret n\u00b02009-1484 du 3 d\u00e9cembre 2009 relatif aux directions d\u00e9partementales interminist\u00e9rielles ; \nVu la circulaire du 5 mars 2008 du ministre de l'int\u00e9rieur, de l'outre-mer et des collectivit\u00e9s territoriales, portant sur la modification du r\u00e9gime de\nd\u00e9l\u00e9gation de signature des pr\u00e9fets ;\nVu la circulaire du premier ministre n\u00b05389/SG du 15 juin 2009 relative \u00e0 la r\u00e9forme de l'administration territoriale de la mer et du littoral ;\nVu l'arr\u00eat\u00e9 du Premier ministre du 3 juin 2015 portant nomination de M. Karl KULINICZ, en qualit\u00e9 de directeur d\u00e9partemental adjoint des\nterritoires et de la mer de la Manche ; \nVu l'arr\u00eat\u00e9 du Premier ministre et du ministre de l'int\u00e9rieur du 14 janvier 2022 portant nomination de Mme Marianne PIQUERET, en qualit\u00e9 de\ndirectrice d\u00e9partementale adjointe des territoires et de la mer, d\u00e9l\u00e9gu\u00e9e \u00e0 la mer et au littoral de la Manche ;\nVu l'arr\u00eat\u00e9 pr\u00e9fectoral du 4 janvier 2010 modifi\u00e9 portant organisation de la direction d\u00e9partementale des territoires et de la mer de la Manche ; \nVu l'arr\u00eat\u00e9 pr\u00e9fectoral n\u00b0 2023-01 VN du 19 janvier 2023 donnant d\u00e9l\u00e9gation de signature \u00e0 Mme Martine CAVALLERA-LEVI, directrice\nd\u00e9partementale des territoires et de la mer de la Manche ;\nArt.1 :  Subd\u00e9l\u00e9gation de signature est donn\u00e9e \u00e0 :\nM. Karl KULINICZ, ing\u00e9nieur des travaux publics de l'\u00c9tat Hors Classe, directeur d\u00e9partemental adjoint des territoires et de la mer de la\nManche, \u00e0 l'effet de signer toutes correspondances administratives, arr\u00eat\u00e9s, d\u00e9cisions portant sur les mati\u00e8res \u00e9num\u00e9r\u00e9es en annexe de la\nd\u00e9l\u00e9gation de signature n\u00b0 2023-01 VN du 19 janvier 2023 conf\u00e9r\u00e9e \u00e0 Mme Martine CAVALLERA-LEVI.\nMme Marianne PIQUERET, ing\u00e9nieure des travaux publics de l'\u00c9tat Hors Classe, directrice d\u00e9partementale adjointe des territoires et de la mer,\nd\u00e9l\u00e9gu\u00e9e \u00e0 la mer et au littoral de la Manche, \u00e0 l'effet de signer toutes correspondances administratives, arr\u00eat\u00e9s, d\u00e9cisions portant sur les\nmati\u00e8res \u00e9num\u00e9r\u00e9es en annexe de la d\u00e9l\u00e9gation de signature n\u00b0 2023-01 VN du 19 janvier 2023 conf\u00e9r\u00e9e \u00e0 Mme Martine CAVALLERA-LEVI.\nArt.2 : Subd\u00e9l\u00e9gation de signature est donn\u00e9e aux personnes d\u00e9sign\u00e9es ci-apr\u00e8s dans la limite des r\u00e9f\u00e9rences indiqu\u00e9es pour chacun et\nfigurant en annexe de la d\u00e9l\u00e9gation de signature n\u00b0 2023-01 VN du 19 janvier 2023 conf\u00e9r\u00e9e \u00e0 Mme Martine CAVALLERA-LEVI.\nDirection \nPersonnes concern\u00e9es Service/unit\u00e9 D\u00e9l\u00e9gations consenties\nMme Cassandre SIMON attach\u00e9e d'administration,\nen tant que charg\u00e9e de mission juridique.\nDIR/JUR Administration et organisation g\u00e9n\u00e9rale\nA1-b1 \u00e0 A1-b2, A1-d1\nService Expertise Territoriale Risques et S\u00e9curit\u00e9\nPersonnes concern\u00e9es Service/unit\u00e9 D\u00e9l\u00e9gations consenties\nM. Erwan BLONDEL, architecte urbaniste de \nl'\u00c9tat,\nen tant que chef du service Expertise Territoriale\nRisques et S\u00e9curit\u00e9.\nSETRIS/DIR Administration et organisation g\u00e9n\u00e9rale\nparagraphe 1 de A1-a1\nA1-b1 (uniquement pour le r\u00e8glement des litiges r\u00e9gis\npar convention du 2/02/93)\nparagraphe 1 de A1-d1\n\u00c9ducation et circulation routi\u00e8res, transports\nA3-a1 \u00e0 A3-d1\nAm\u00e9nagement et urbanisme\nA5-a6 et A5-a7\ndans le cadre des astreintes : Transports\nA3-c4\nMme Marianne LECONTE, ing\u00e9nieure des \ntravaux publics de l'\u00c9tat,\nen tant que responsable de l'unit\u00e9 gestion des \nconnaissances.\nSETRIS/GC Administration et organisation g\u00e9n\u00e9rale\nparagraphe 1 de A1-a1\nMme Alexandra ISKRA, d\u00e9l\u00e9gu\u00e9e au permis de conduire \net \u00e0 la s\u00e9curit\u00e9 routi\u00e8re,\nen tant que responsable de l'unit\u00e9 \u00e9ducation routi\u00e8re.\nEn cas d'absence ou d'emp\u00eachement de Mme Alexandra \nISKRA, la d\u00e9l\u00e9gation qui lui est conf\u00e9r\u00e9e est donn\u00e9e \u00e0 \nMme Nathalie BRIDEL, inspecteur du permis de conduire \nen tant qu'adjointe de l'unit\u00e9 \u00c9ducation Routi\u00e8re.\nSETRIS/ER Administration et organisation g\u00e9n\u00e9rale\nparagraphe 1 de A1-a1\n\u00c9ducation routi\u00e8re\nA3-a1 \u00e0 A3-a2\nM. S\u00e9bastien COLOMBO, ing\u00e9nieur des travaux publics de\nl'\u00c9tat,\nen tant que responsable de l'unit\u00e9 S\u00e9curit\u00e9 Routi\u00e8re.\nEn cas d'absence ou d'emp\u00eachement de M. COLOMBO, la\nd\u00e9l\u00e9gation qui lui est conf\u00e9r\u00e9e est donn\u00e9e \u00e0 Mme M\u00e9lanie \nLEFRANCOIS secr\u00e9taire administratif de classe normale \nen tant que charg\u00e9e de mission coordination s\u00e9curit\u00e9 \nrouti\u00e8re uniquement pour la partie \u00ab\u00c9ducation et circulation\nrouti\u00e8res, transports \u00bb.\nSETRIS/SR Administration et organisation g\u00e9n\u00e9rale\nparagraphe 1 de A1-a1\nA1-b2\n\u00c9ducation et circulation routi\u00e8res, transports\nA3-b1 \u00e0 A3-c1\nA3-c3 \u00e0 A3-d1\nM. Pierre-Henri BAZIN, ing\u00e9nieur des travaux publics de \nl'\u00c9tat,\nen tant que responsable de l'unit\u00e9 risques et soutien crise.\nEn cas d'absence ou d'emp\u00eachement de M. Pierre-\nHenri BAZIN, la d\u00e9l\u00e9gation qui lui est conf\u00e9r\u00e9e est donn\u00e9e \n\u00e0 Mme Lydie MARC, technicien sup\u00e9rieur en chef du \nd\u00e9veloppement durable, en tant qu'adjointe \u00e0 la \nresponsable de l'unit\u00e9.\nSETRIS/RISC Administration et organisation g\u00e9n\u00e9rale\nparagraphe 1 de A1-a1\n\u00c9ducation et circulation routi\u00e8res, transports\nA3-c2 \u00e0 A3-d1\ndans le cadre des astreintes : Transports\nA3-c4\nService Am\u00e9nagement Durable des Territoires\nPersonnes concern\u00e9es Service/unit\u00e9 D\u00e9l\u00e9gations consenties\nM. R\u00e9mi POCHEZ ing\u00e9nieur des ponts, des eaux \net des for\u00eats,\nen tant que chef du service Am\u00e9nagement \nDurable des Territoires \nSADT/DIR Administration et organisation g\u00e9n\u00e9rale\nparagraphe 1 de A1-a1, A1-b1 (uniquement pour le \nr\u00e8glement des litiges r\u00e9gis par convention du 2/02/93)\nparagraphe 1 de A1-d1, A1-e1\nConstruction\nA4-d1 et A4-e1\nAm\u00e9nagement et urbanisme\nA5-a1 \u00e0 A5-a4, A5-a8, A5-a10 \u00e0 A5-d1\nA5-f1 \u00e0 A5-g1, A5-i1 \u00e0 A5-i5, \nA5-j1, A5-j2 uniquement b), A5-j3 \nIng\u00e9nierie publique\nA6-a1 et A6-b1\nSubventions d'investissement \nA10-a1 et A10-b1\ndans le cadre des astreintes : Transports\nA3-c4\nM. Jean-Michel MARC, ing\u00e9nieur des travaux \npublics de l'\u00c9tat,\nen tant qu' adjoint au chef du SADT.\nSADT/DIR Administration et organisation g\u00e9n\u00e9rale\nparagraphe 1 de A1-a1\nparagraphe 1 de A1-d1\nConstruction\nA4-d1 et A4-e1\nAm\u00e9nagement et urbanisme\nA5-a1 \u00e0 A5-a4\nPersonnes concern\u00e9es Service/unit\u00e9 D\u00e9l\u00e9gations consenties\nA5-a8, A5-a10 \u00e0 A5-d1\nA5-i1 \u00e0 A5-i4, \nA5-j1, A5-j2 uniquement b), A5-j3 \nSubventions d'investissement \nA10-a1 et A10-b1\nM. Gilles BERREE, ing\u00e9nieur divisionnaire des \ntravaux publics de l'\u00c9tat,\nen tant que responsable de l'unit\u00e9 droits des sols \net fiscalit\u00e9 de l'am\u00e9nagement.\nMme Anne-Marie BASNIER, secr\u00e9taire \nd'administration et de contr\u00f4le du d\u00e9veloppement \ndurable de classe normale, en tant que \nresponsable du p\u00f4le instruction ADS au \nSADT/DSFA \nSADT/ DSFA Administration et organisation g\u00e9n\u00e9rale\nparagraphe 1 de A1-a1\nAm\u00e9nagement et urbanisme\nA5-a3, A5-a8 \nA5-b1 \u00e0 A5-b7\nA5-d1\nAm\u00e9nagement et urbanisme \nA5-b1 \u00e0 A5-b6\nA5-d1 \u00e0 A5-e1 ; A5-k1 \nMme Nathalie FERRAND, attach\u00e9e \nd'administration,\nen tant que responsable de l'unit\u00e9 qualit\u00e9 de la construction.\nSADT/QC Administration et organisation g\u00e9n\u00e9rale\nparagraphe 1 de A1-a1\nConstruction\nA4-d1\nAm\u00e9nagement et urbanisme\nA5-i1, A5-i2, A5-j1 \nIng\u00e9nierie publique\nA6-a1 et A6-b1\nMme C\u00e9cile LEPETIT, technicien sup\u00e9rieur en chef du \nd\u00e9veloppement durable,\nen tant que responsable de la fili\u00e8re accessibilit\u00e9.\nSADT/QC Am\u00e9nagement et urbanisme\nA5-i2\nM. Bernard LEPETIT, technicien sup\u00e9rieur en chef\ndu d\u00e9veloppement durable,\nen tant que responsable de la fili\u00e8re qualit\u00e9 \nb\u00e2timent.\nSADT/QC  Construction\nA4-d2\nM. Jean Michel MARC, ing\u00e9nieur des travaux \npublics de l'\u00c9tat,\nen tant que responsable de l'unit\u00e9 \naccompagnement des territoires et planification\nSADT/ATeP Administration et organisation g\u00e9n\u00e9rale\nparagraphe 1 de A1-a1\nService Environnement\nPersonnes concern\u00e9es Service/unit\u00e9 D\u00e9l\u00e9gations consenties\nM. Olivier CATTIAUX, ing\u00e9nieur divisionnaire de \nl'agriculture et de l'environnement, \nen tant que chef du service environnement.\nEn cas d'absence ou d'emp\u00eachement de M. \nOlivier CATTIAUX, la d\u00e9l\u00e9gation qui lui est \nconf\u00e9r\u00e9e est donn\u00e9e \u00e0 M. Laurent VATTIER, \ning\u00e9nieur divisionnaire de l'agriculture et de \nl'environnement, except\u00e9 pour la partie \n\u00ab transports \u00bb\nSE/DIR Administration et organisation g\u00e9n\u00e9rale\nparagraphe 1 de A1-a1\nA1-b1 (uniquement pour le r\u00e8glement des litiges r\u00e9gis\npar convention du 2/02/93)\nparagraphe 1 de A1-d1\nA1-e1\nGestion et conservation du domaine public\nA2-c4, A2-c9, A2-c10 et A2-d1\nAm\u00e9nagement et urbanisme\nA5-h1, A5-k1 , A5-n1\nIng\u00e9nierie publique\nA6-a1 et A6-b1\nEnvironnement\nA8-a1 \u00e0 A8-h1\ndans le cadre des astreintes : Transports\nA3-c4\nMme Nathalie LETELLIER, attach\u00e9e \nd'administration de l'\u00c9tat,\nen tant que charg\u00e9e de mission MISEN.\nSE/DIR Environnement\nA8-a10\nM. Hugo WAGNEUR, ing\u00e9nieur des travaux \npublics de l'\u00c9tat,\nen tant que responsable de la mission barrage de \nla S\u00e9lune.\nSE/MBS Administration et organisation g\u00e9n\u00e9rale\nparagraphe 1 de A1-a1\nIng\u00e9nierie publique\nA6-a1, A6-b1\nPersonnes concern\u00e9es Service/unit\u00e9 D\u00e9l\u00e9gations consenties\nMme Marie BATAILLE attach\u00e9e d'administration de l'\u00c9tat,\nen tant que responsable de l'unit\u00e9 protection de la ressource\net am\u00e9nagement.\nSE/ PRA Administration et organisation g\u00e9n\u00e9rale\nparagraphe 1 de A1-a1\nAm\u00e9nagement et urbanisme\nA5-h1, A5-k1\nA5-n1\nEnvironnement\nA8-a2, A8-a4 \u00e0 A8-a9 et A8-h1\nGestion des services publics d'eau et assainissement\nA8-g1\nM. Laurent VATTIER, ing\u00e9nieur divisionnaire de \nl'agriculture et de l'environnement,\nen tant que responsable de l'unit\u00e9 for\u00eat, nature et \nbiodiversit\u00e9.\nSE/FNB Administration et organisation g\u00e9n\u00e9rale\nparagraphe 1 de A1-a1\nEnvironnement\nA8-a9\nChasse, For\u00eat, Biodiversit\u00e9\n A8-c1 \u00e0 A8-e1 et A8-h1\nM. Yann DUWELZ, ing\u00e9nieur des travaux \nm\u00e9t\u00e9orologiques,\nen tant que responsable de l'unit\u00e9 Eaux et Milieux \nAquatiques.\nSE/ EMA Administration et organisation g\u00e9n\u00e9rale\nparagraphe 1 de A1-a1\nGestion et conservation du domaine public\nA2-c4, A2-c9, A2-c10 et A2-d1\nEnvironnement\nA8-a1 \u00e0 A8-a7, A8-a9, A8-b1, \nA8-f1 et A8-h1\nService Habitat\nPersonnes concern\u00e9es Service/unit\u00e9 D\u00e9l\u00e9gations consenties\nMme Isabelle DENIS, attach\u00e9e principale d'administration \nde l'\u00c9tat,\nen tant que cheffe du service habitat.\nSH/DIR Administration et organisation g\u00e9n\u00e9rale\nparagraphe 1 de A1-a1\nparagraphe 1 de A1-d1 et A1-e1\nConstruction\nA4-a1 \u00e0 A4-c5 et A4-e1\ndans le cadre des astreintes : Transports\nA3-c4\nM. St\u00e9phane HEARD, ing\u00e9nieur des travaux publics de \nl'\u00c9tat,\nen tant que chef de l'unit\u00e9 politique de l'habitat social et \nrenouvellement urbain\nSH/PHSRU Administration et organisation g\u00e9n\u00e9rale\nparagraphe 1 de A1-a1\nConstruction\nA4-a1, A4-a6 \u00e0 A4-a7,\nA4-a11 - A4-a17\nA4-b2 \u00e0 A4-b4, A4-e1\nM. Eric MARIE, attach\u00e9 d'administration de l'Etat\nen tant que chef de l'unit\u00e9 habitat et territoires.\nSH/HT Administration et organisation g\u00e9n\u00e9rale\nparagraphe 1 de A1-a1\nConstruction\nA4-a1, A4-a6 \u00e0 A4-a7,\nA4-a11 - A4-a17\nA4-b2 \u00e0 A4-b4, A4-e1\nService \u00c9conomie Agricole et des territoires\nPersonnes concern\u00e9es Service/unit\u00e9 D\u00e9l\u00e9gations consenties\nMme SIMON Catherine, inspecteur en chef de sant\u00e9 \npublique v\u00e9t\u00e9rinaire,\nen tant que cheffe du service \u00e9conomie agricole et des \nterritoires.\nEn cas d'absence ou d'emp\u00eachement de Mme SIMON, la \nd\u00e9l\u00e9gation qui lui est conf\u00e9r\u00e9e est donn\u00e9e \u00e0 M. Pascal \nBRUN, ing\u00e9nieur divisionnaire de l'agriculture et de \nl'environnement, except\u00e9 pour la partie\n\u00ab transports \u00bb\nEn cas d'absence ou d'emp\u00eachement de Mme SIMON et de \nM. BRUN, la d\u00e9l\u00e9gation qui leur est conf\u00e9r\u00e9e est donn\u00e9e \u00e0 \nMarie-Catherine MONIER, ing\u00e9nieure divisionnaire de \nl'agriculture et de l'environnement en tant que cheffe d'unit\u00e9 \ndes aides directes, except\u00e9 pour la partie \u00ab transports \u00bb.\nSEAT/DIR Administration et organisation g\u00e9n\u00e9rale\nparagraphe 1 de A1-a1\nparagraphe 1 de A1-d1\n A1-e1\nProduction-organisation \u00e9conomique et conjoncture\nA9-a1 \u00e0 A9-o1\nSubventions d'investissement \nA10-a1 et A10-b1\ndans le cadre des astreintes : Transports\nA3-c4\nMme Marie-Catherine MONIER, ing\u00e9nieure divisionnaire de \nl'agriculture et de l'environnement, \nen tant que responsable de l'unit\u00e9 aides directes.\nSEAT/ aides directes Administration et organisation g\u00e9n\u00e9rale\nparagraphe 1 de A1-a1\nA1-e1\nProduction-organisation \u00e9conomique et conjoncture\nA9-a1 \u00e0 A9-o1\nSubventions d'investissement \nA10-a1 et A10-b1\nM. Pascal BRUN, ing\u00e9nieur divisionnaire de l'agriculture et SEAT/ PVEA Administration et organisation g\u00e9n\u00e9rale\nPersonnes concern\u00e9es Service/unit\u00e9 D\u00e9l\u00e9gations consenties\nde l'environnement,\nen tant que responsable de l'unit\u00e9 Projets et Vie des \nExploitations Agricoles.\nparagraphe 1 de A1-a1, \nA1-e1\nProduction-organisation \u00e9conomique et conjoncture\nA9-a1 \u00e0 A9-o1\nSubventions d'investissement \nA10-a1 et A10-b1\nService mer et littoral\nPersonnes concern\u00e9es Service/unit\u00e9 D\u00e9l\u00e9gations consenties\nMme Anna MILESI administrateur principal des affaires \nmaritimes,\nen tant que cheffe du service mer et littoral, \nEn cas d'absence ou d'emp\u00eachement de Mme MILESI, la \nd\u00e9l\u00e9gation qui lui est conf\u00e9r\u00e9e est donn\u00e9e \u00e0 Aude DUVAL-\nMOLINOS administratrice 2\u00e8me classe des affaires \nmaritimes, en tant que responsable du p\u00f4le affaires \nmaritimes except\u00e9 pour la partie \u00ab transports \u00bb \nSML/DIR Administration et organisation g\u00e9n\u00e9rale\nparagraphe 1 de A1-a1\nparagraphe 1 de A1-d1 ;A1-e1\nGestion et conservation du domaine public\nA2-b2 \u00e0 A2-b5\nA2-b7 \u00e0 A2-b9\nA2-b11 \nA2-d1\nAm\u00e9nagement et urbanisme\nA5-e1\nDomaine maritime\nA7-a1 \u00e0 A7-i2\nEnvironnement\nA8-a1 \u00e0 A8-a7, A8-f1 et A8-h1, A8-a9\ndans le cadre des astreintes : Transports\nA3-c4\nM. Laurent de FARCY de PONTFARCY, ing\u00e9nieur des \ntravaux publics de l'\u00c9tat,  en tant que responsable du p\u00f4le \ngestion du littoral\nEn cas d'absence ou d'emp\u00eachement de M. Laurent de \nFARCY de PONTFARCY, la d\u00e9l\u00e9gation qui lui est conf\u00e9r\u00e9e \nest donn\u00e9e  \u00e0 M. Ludovic PESNEL, technicien sup\u00e9rieur de\nla m\u00e9t\u00e9orologie, en tant que adjoint au responsable du p\u00f4le\ngestion du littoral,\nSML/ p\u00f4le GL Administration et organisation g\u00e9n\u00e9rale\nparagraphe 1 de A1-a1\nA1-e1\nGestion et conservation du domaine public\nA2-b2 \u00e0 a2-b4a et A2-b5\nA2-b7 \u00e0 A2-b9, A2-b11, A2-d1\nAm\u00e9nagement et urbanisme\nA5-e1\nEnvironnement\nA8-a1 \u00e0 A8-a7, A8-f1 et A8-h1, A8-a9\nMme V\u00e9ronique LE BRIS, ing\u00e9nieure des travaux publics \nde l'\u00c9tat,\nen tant que responsable du p\u00f4le Cultures Marines.\nSML / p\u00f4le CM Administration et organisation g\u00e9n\u00e9rale\nparagraphe 1 de A1-a1\nA1-e1\nDomaine maritime\nA7-f1 \u00e0 A7-f6, A7-g4 et A7-g5\nMme St\u00e9phanie LAGOUCHE, technicien sup\u00e9rieur principal\ndu d\u00e9veloppement durable,\nM. David ETASSE, technicien sup\u00e9rieur principal du \nd\u00e9veloppement durable,\nMme Julie RIVIERE, technicien sup\u00e9rieur du \nd\u00e9veloppement durable.\nSML / p\u00f4le CM Domaine maritime\n A7-f5 et A7-g5 \nMme Aude DUVAL-MOLINOS, administratrice 2\u00e8me classe \ndes affaires maritimes, en tant que responsable du p\u00f4le \naffaires maritimes\nEn cas d'absence ou d'emp\u00eachement de Mme DUVAL-\nMOLINOS la d\u00e9l\u00e9gation qui lui est conf\u00e9r\u00e9e est donn\u00e9e \u00e0 \nMme R\u00e9gine TAVERNIER, secr\u00e9taire d'administration et de\ncontr\u00f4le du d\u00e9veloppement durable de classe \nexceptionnelle, en tant qu'adjointe au responsable du p\u00f4le \nAffaires Maritimes pour la partie administration et \norganisation g\u00e9n\u00e9rale\nuniquement pour la partie administration g\u00e9n\u00e9rale et A7-c2 \n\u00e0 A7-e2 du domaine maritime.\nSML/\np\u00f4le AM \nAdministration et organisation g\u00e9n\u00e9rale\nparagraphe 1 de A1-a1\nA1-e1\nGestion et conservation du domaine public\nA2-d1\nDomaine maritime\nA7-a1 \u00e0 A7-a2\n A7-c1 \u00e0 A7-e2 \nA7-g1 \u00e0 A7-g6\nA7-i1 \u00e0 A7-i2\nMme R\u00e9gine TAVERNIER, secr\u00e9taire d'administration et de\ncontr\u00f4le du d\u00e9veloppement durable de classe \nexceptionnelle, en tant que responsable du bureau p\u00eaches \net r\u00e9glementation des usages.\nSML/ p\u00f4le AM Administration et organisation g\u00e9n\u00e9rale\nparagraphe 1 de A1-a1, A1-e1\nM. Morgan GARNAUD, technicien sup\u00e9rieur en chef du \nd\u00e9veloppement durable en tant que responsable de l'unit\u00e9 \nlittorale des affaires maritimes\nSML/ p\u00f4le AM Administration et organisation g\u00e9n\u00e9rale\nparagraphe 1 de A1-a1, A1-e1\nPersonnes concern\u00e9es Service/unit\u00e9 D\u00e9l\u00e9gations consenties\nM. Fran\u00e7ois MONTAGNE, capitaine de port de 2\u00e8 classe ,\nen tant que commandant de la capitainerie du port de \nCherbourg.\nEn cas d'absence ou d'emp\u00eachement de M. MONTAGNE, \nla d\u00e9l\u00e9gation qui lui est conf\u00e9r\u00e9e est donn\u00e9e \u00e0 Jean-Luc \nMONIN, lieutenant de port 1\u00e8re classe, en tant que \ncommandant adjoint de la capitainerie du port de \nCherbourg par int\u00e9rim.\nSML/\nCapitainerie\nAdministration et organisation g\u00e9n\u00e9rale\nparagraphe 1 de A1-a1\nA1-e1\nD\u00e9l\u00e9gations Territoriales\nPersonnes concern\u00e9es Service/unit\u00e9 D\u00e9l\u00e9gations consenties\nMme Yannick L\u00dcTHI-MAIRE, ing\u00e9nieure divisionnaire des \ntravaux publics de l'\u00c9tat,\nen tant que responsable de la d\u00e9l\u00e9gation territoriale Nord.\nMme Corinne TESNIERE, attach\u00e9e d'administration de \nl'\u00c9tat,\nen tant que charg\u00e9 de mission nouveau conseil au territoire\nen tant que responsable de la d\u00e9l\u00e9gation territoriale Centre \npar int\u00e9rim,\nMme Sandra GRIDAINE, attach\u00e9e principale d'administration de\nl'\u00c9tat,\nen tant que responsable de la d\u00e9l\u00e9gation territoriale Sud. \nDT Nord\nDT Centre\nDT Sud\nAdministration et organisation g\u00e9n\u00e9rale\nparagraphe 1 de A1-a1\nGestion et conservation du domaine public\nA2-b2 \u00e0 A2-b4a\nParagraphe 1 de A2-b7 \u2013 A2-b8\nA2-b9 et A2-b11\nA2-c4 ;A2-d1\nAm\u00e9nagement et urbanisme \nA5-d1 \u00e0 A5-e1 ; A5-k1 \n dans le cadre des astreintes : Transports\nA3-c4 \nMme Patricia STAB, secr\u00e9taire d'administration et de \ncontr\u00f4le du d\u00e9veloppement durable de classe \nexceptionnelle,\nen tant qu'adjointe au chef de la d\u00e9l\u00e9gation territoriale \nCentre,\nMme Sandra GRIDAINE, attach\u00e9e principale d'administration \nde l'\u00c9tat, en cas d'absence d'absence ou d'emp\u00eachement de \nMme Corinne TESNIERE, responsable de la d\u00e9l\u00e9gation \nterritoriale Centre par int\u00e9rim,\nM. Thierry DURAND, attach\u00e9 d'administration de l'\u00c9tat,\nen tant que charg\u00e9 de mission adaptation au changement \nclimatique \u00e0 la DT Sud,\nM. S\u00e9bastien MAZIERES, ing\u00e9nieur de l'agriculture et de \nl'environnement,\nen tant que charg\u00e9 de d\u00e9veloppement de la baie du Mont-\nSt-Michel \u00e0 la DT Sud pour la partie gestion et conservation \ndu domaine public et A5-k1.\nDT Centre\nDT Sud\nDT Sud\nAdministration et organisation g\u00e9n\u00e9rale\nparagraphe 1 de A1-a1\nGestion et conservation du domaine public\nA2-b2 \u00e0 A2-b4a\nParagraphe 1 de A2-b7 \u2013 A2-b8\nA2-b9 et A2-b11\nA2-c4 ;A2-d1\nAm\u00e9nagement et urbanisme \nA5-d1 \u00e0 A5-e1 ; A5-k1 \nEn cas d'absence ou d'emp\u00eachement de Mme Isabelle DENIS, M. Erwan BLONDEL, M. R\u00e9mi POHEZ, M. Olivier CATTIAUX, Mme Catherine\nSIMON, Mme Anna MILESI la subd\u00e9l\u00e9gation qui leur est attribu\u00e9e pourra \u00eatre exerc\u00e9e par Mme Isabelle DENIS, M. Erwan BLONDEL, M. R\u00e9mi\nPOCHEZ, M. Olivier CATTIAUX, Mme Catherine SIMON, Mme Anna MILESI.\nArt.3 : La subd\u00e9l\u00e9gation de signature est accord\u00e9e nominativement. Elle devient caduque en cas de changement du d\u00e9l\u00e9gant ou du d\u00e9l\u00e9gataire.\nLe fonctionnaire charg\u00e9 de l'int\u00e9rim (ou le suppl\u00e9ant) re\u00e7oit la subd\u00e9l\u00e9gation de signature, \u00e0 condition qu'il ait \u00e9t\u00e9 nominativement identifi\u00e9 dans\nle pr\u00e9sent arr\u00eat\u00e9 et dans la limite des r\u00e9f\u00e9rences qui lui ont \u00e9t\u00e9 indiqu\u00e9es.\nArt.4 :  Toutes dispositions contraires au pr\u00e9sent arr\u00eat\u00e9 sont abrog\u00e9es.\nSign\u00e9 : Pour le Pr\u00e9fet, la Directrice d\u00e9partementale des territoires et de la mer : Martine CAVALLERA-LEVI\n\uf0bf\nArr\u00eat\u00e9 n\u00b0DDTM-DIR \u2013 2023-02 du 13 f\u00e9vrier 2023 donnant subd\u00e9l\u00e9gation de signature de Mme Martine CAVALLERA-LEVI aux\nordonnateurs secondaires d\u00e9l\u00e9gu\u00e9s\nVu le code des collectivit\u00e9s territoriales et le code des march\u00e9s publics ;\nVu la loi organique n\u00b02001-692 du 1er ao\u00fbt 2001 relative aux lois de finances, modifi\u00e9e par la loi organique n\u00b02005-779 du 12 juillet 2005 ; \nVu la loi n\u00b082-213 du 2 mars 1982 relative aux droits et libert\u00e9s des communes, des d\u00e9partements et des r\u00e9gions ; \nVu le d\u00e9cret n\u00b02004-374 du 29 avril 2004 modifi\u00e9, relatif aux pouvoirs des pr\u00e9fets, \u00e0 l'organisation et \u00e0 l'action des services de l'\u00c9tat dans les\nr\u00e9gions et d\u00e9partements ; \nVu le d\u00e9cret n\u00b02005-54 du 27 janvier 2005 modifi\u00e9 relatif au contr\u00f4le financier au sein des administrations de l'\u00c9tat ;\nVu le d\u00e9cret n\u00b02012-1246 du 7 novembre 2012 relatif \u00e0 la gestion budg\u00e9taire et comptable publique ;\nVu la circulaire n\u00b02005-20 du 2 mars 2005 du minist\u00e8re de l'\u00e9quipement, des transports, de l'am\u00e9nagement du territoire, du tourisme et de la\nmer, relative \u00e0 la constatation et \u00e0 la liquidation des d\u00e9penses ;\nVu l'arr\u00eat\u00e9 du 2 mai 2002 portant r\u00e8glement de comptabilit\u00e9 du minist\u00e8re de l'agriculture et de la p\u00eache pour la d\u00e9signation des ordonnateurs\nsecondaires et de leurs d\u00e9l\u00e9gu\u00e9s, modifi\u00e9s par les arr\u00eat\u00e9s du 18 juin 2005 et du 25 octobre 2005 ;\nVu l'arr\u00eat\u00e9 du Premier ministre du 3 juin 2015 portant nomination de M. Karl KULINICZ, en qualit\u00e9 de directeur d\u00e9partemental adjoint des\nterritoires et de la mer de la Manche ; \nVu l'arr\u00eat\u00e9 du Premier ministre et du ministre de l'int\u00e9rieur du 14 janvier 2022 portant nomination de Mme Marianne PIQUERET, en qualit\u00e9 de\ndirectrice d\u00e9partementale adjointe des territoires et de la mer, d\u00e9l\u00e9gu\u00e9e \u00e0 la mer et au littoral de la Manche ; \nVu l'arr\u00eat\u00e9 pr\u00e9fectoral n\u00b0 2020/072 du 22 d\u00e9cembre 2020 portant organisation du secr\u00e9tariat g\u00e9n\u00e9ral commun du d\u00e9partement de la Manche ;\nVu l'arr\u00eat\u00e9 pr\u00e9fectoral n\u00b0 2020/077/BRH du 22 d\u00e9cembre 2020 portant  affectation au secr\u00e9tariat g\u00e9n\u00e9ral  commun du d\u00e9partement  de la\nManche ;\nVu l'arr\u00eat\u00e9 pr\u00e9fectoral du 4 janvier 2010 modifi\u00e9 portant organisation de la direction d\u00e9partementale des territoires et de la mer de la Manche ; \nVu l'arr\u00eat\u00e9 pr\u00e9fectoral n\u00b0 2021-80-VN du 22 novembre 2021 portant d\u00e9l\u00e9gation de signature de Mme  Martine CAVALLERA-LEVI, ing\u00e9nieure\ndes  travaux  publics  de  l'\u00c9tat  Hors Classe,  directrice d\u00e9partementale  des  territoires  et  de la mer  de la Manche  pour  l'ordonnancement\nsecondaire des recettes et des d\u00e9penses imput\u00e9es sur les programmes du budget de l'\u00c9tat ; \nVu la convention en date du 31 mai 2021 entre le directeur r\u00e9gional de l'environnement, de l'am\u00e9nagement et du logement et la directrice\nd\u00e9partementale des territoires et de la Mer de la Manche relative \u00e0 la d\u00e9l\u00e9gation de gestion et \u00e0 l'utilisation des cr\u00e9dits du plan France Relance\net son avenant en date du 10 novembre;\nArt.1 :  subd\u00e9l\u00e9gation de signature est donn\u00e9e \u00e0 :\n- M. Karl KULINICZ ing\u00e9nieur des travaux publics de l'\u00c9tat Hors Classe, directeur d\u00e9partemental adjoint des territoires et de la mer, \u00e0 l'effet de\nsigner, toute pi\u00e8ce relative \u00e0 l'exercice de la comp\u00e9tence d'ordonnateur secondaire d\u00e9l\u00e9gu\u00e9, tant pour les d\u00e9penses que pour les recettes, pour\nla totalit\u00e9 des programmes identifi\u00e9s dans l'arr\u00eat\u00e9 pr\u00e9fectoral n\u00b0 2021-80-VN du 22 novembre 2021.\n- Mme Marianne PIQUERET ing\u00e9nieure des travaux publics de l'\u00c9tat Hors Classe, directrice d\u00e9partementale adjointe des territoires et de la\nmer, d\u00e9l\u00e9gu\u00e9e \u00e0 la mer et au littoral de la Manche, \u00e0 l'effet de signer, toute pi\u00e8ce relative \u00e0 l'exercice de la comp\u00e9tence d'ordonnateur\nsecondaire d\u00e9l\u00e9gu\u00e9, tant pour les d\u00e9penses que pour les recettes, pour la totalit\u00e9 des programmes identifi\u00e9s dans l'arr\u00eat\u00e9 pr\u00e9fectoral n\u00b0 2021-\n80-VN du 22 novembre 2021.\nArt.2 :  subd\u00e9l\u00e9gation de signature est donn\u00e9e \u00e0 l'effet de signer dans le cadre de leurs attributions et comp\u00e9tences, en tant que gestionnaires,\nles pi\u00e8ces comptables et documents relatifs \u00e0 l'engagement comptable et juridique, \u00e0 la constatation et \u00e0 la liquidation apr\u00e8s constatation du\nservice fait des d\u00e9penses, \u00e0 :\n- M. Erwan BLONDEL, architecte urbaniste de l'\u00c9tat, chef du service expertise territoriale risques et s\u00e9curit\u00e9,\n- M. R\u00e9mi POCHEZ, ing\u00e9nieur des ponts, des eaux et des for\u00eats, chef du service am\u00e9nagement durable des territoires,\n- M. Olivier CATTIAUX, ing\u00e9nieur divisionnaire de l'agriculture et de l'environnement, chef du service environnement,\n- Mme Isabelle DENIS, attach\u00e9e principale d'administration, cheffe du service habitat,\n- Mme Catherine SIMON, inspecteur en chef de sant\u00e9 publique v\u00e9t\u00e9rinaire, cheffe du service \u00e9conomie agricole et des territoires,\n- Mme Anna MILESI, administrateur principal des affaires maritimes, cheffe du service mer et littoral.\nArt.3 :  sur proposition de la directrice d\u00e9partementale des territoires et de la mer de la Manche, les agents dont les noms suivent, dans les\nlimites de leurs attributions et cr\u00e9dits d\u00e9l\u00e9gu\u00e9s, passent et signent \u00e0 cet effet les engagements juridiques mat\u00e9rialis\u00e9s par des bons ou lettres de\ncommandes et constatent les services faits pour un montant maximum, dans leurs domaines respectifs, d\u00e9fini comme suit : \nService/unit\u00e9 NOM Pr\u00e9nom Macrograde Plafond TTC\nSADT\nSADT/DIR POCHEZ R\u00e9mi A tech 30.000 \u20ac\nSADT/DIR MARC Jean-Michel A tech 5.000 \u20ac\nSADT/DSFA BRIAND V\u00e9ronique C adm 5.000 \u20ac\nSE\nSE/DIR CATTIAUX Olivier A tech 50.000 \u20ac\nSE/MBS WAGNEUR Hugo A tech 30.000 \u20ac\nSE/MBS PALLY Isabelle B Adm 5.000 \u20ac\nSE/EMA DUWELZ Yann A tech 5.000 \u20ac\nSETRIS\nSETRIS/DIR BLONDEL Erwan A tech 30.000 \u20ac\nSETRIS/RISC BAZIN Pierre Henri A Adm 5.000 \u20ac\nSETRIS/RISC MARC Lydie B tech 5.000 \u20ac\nSETRIS/SR COLOMBO S\u00e9bastien A tech 5.000 \u20ac\nSETRIS/SR LEFRANCOIS M\u00e9lanie B adm 5.000 \u20ac\nSETRIS/ER ISKRA Alexandra A adm 5.000 \u20ac\nSETRIS/ER BRIDEL Nathalie B Tech 5.000 \u20ac\nSH\nSH/DIR DENIS Isabelle A adm 30.000 \u20ac\nSH/PHSRU HEARD St\u00e9phane A tech 5.000 \u20ac\nSH/HT MARIE \u00c9ric A adm 5.000 \u20ac\nSEAT\nSEAT/DIR SIMON Catherine A tech 30.000 \u20ac\nSEAT/PVEA BRUN Pascal A Tech 20.000 \u20ac\nSML\nSML/DIR MILESI Anna A tech 30.000 \u20ac\nService/unit\u00e9 NOM Pr\u00e9nom Macrograde Plafond TTC\nSML/GL DE FARCY DE PONTFARCY Laurent A tech 5.000 \u20ac\nSML/AM GARNAUD Morgan B tech 500 \u20ac (BOP 205 \u2013 Carte achat)\nD\u00e9l\u00e9gations territoriales\nCentre LENOIR Perrine C adm 500 \u20ac (BOP 354 \u2013 Carte achat)\nSud BOUQUILLON Bernard B tech 500 \u20ac (BOP 354 \u2013 Carte achat)\nArt.4 : subd\u00e9l\u00e9gation de signature est donn\u00e9e aux utilisateurs ci-dessous \u00e0 l'effet d'engager dans CHORUS Formulaires, les d\u00e9penses de la\nDDTM 50, par des demandes d'achat ou de subvention et d'en constater le service fait, apr\u00e8s validation par leur hi\u00e9rarchie.\nSERVICE UNITE NOM-PRENOM PROFIL SAISISSEUR PROFIL VALIDEUR\nDIR\nKULINICZ KARL OUI OUI\nPIQUERET MARIANNE OUI OUI\nSML\nDIR MILESI ANNA OUI OUI \nGL DE FARCY DE PONTFARCY \nLaurent OUI (BOP 113, 203, 205) OUI (BOP 113, 203, 205)\nDIR LETERRIER CLAUDINE OUI (BOP 113, 203, 205, \n181)\nOUI (BOP 113, 203, 205, 181) pour \nacc\u00e8s Fiches Com\nGL ODOARD CATHERINE OUI (BOP 113, 203, 205, \n181) NON (BOP 113, 203, 205, 181)\nSADT\nDIR POCHEZ REMI OUI OUI \nDIR MARC JEAN-MICHEL OUI OUI \nDSFA BERREE GILLES OUI (BOP 135) NON\nDSFA BRANS SYLVIE OUI OUI (BOP 135-203) pour acc\u00e8s \nFiches Com\nDSFA BRIAND VERONIQUE OUI OUI\nSE \nDIR CATTIAUX OLIVIER OUI OUI\nMBS WAGNEUR HUGO OUI OUI\nMBS GIRET AURORE OUI (BOP 113) NON\nMBS PALLY ISABELLE OUI OUI\nEMA DUWELZ YANN OUI (BOP 113) OUI (BOP 113)\nEMA LELANDAIS ERIK OUI (BOP 113) OUI (BOP 113) pour acc\u00e8s Fiches \nCom\nSETRIS\nDIR BLONDEL ERWAN OUI OUI \nER ISKRA Alexandra OUI (BOP 207) OUI (BOP 207)\nER BRIDEL NATHALIE OUI (BOP 207) OUI (BOP 207)\nER POMMIER ELODIE OUI (BOP 207) OUI (BOP 207) pour acc\u00e8s Fiches \nCom\nRISC MARC LYDIE OUI OUI\nRISC BAZIN PIERRE-HENRI OUI (BOP 181) OUI\nRISC DECASTILLE SANDRA OUI (BOP 181) Oui pour acc\u00e8s Fiches Com\nSR COLOMBO SEBASTIEN OUI (BOP 207) OUI (BOP 207)\nSR LEFRANCOIS MELANIE OUI (BOP 207) OUI (BOP 207)\nSH DIR DENIS ISABELLE OUI OUI\nSH SH/PHSRU HEARD STEPHANE OUI OUI \nSH\nSH/PHSRU GARDIE GISELE OUI OUI pour acc\u00e8s Fiches Com\nSH/HT MARIE ERIC OUI OUI\nSEAT DIR SIMON CATHERINE OUI OUI\nSEAT PVEA BRUN PASCAL OUI (BOP 149) OUI(BOP 149)\nArt.5 : subd\u00e9l\u00e9gation de signature est donn\u00e9e aux utilisateurs ci-dessous \u00e0 l'effet d'engager les d\u00e9penses de la DDTM 50 \u00e0 l'aide de leur carte\nd'achat et d'en contr\u00f4ler l'utilisation.\nListe des utilisateurs d'une carte d'achat :\nAgents Service Proc\u00e9dure de d\u00e9pense Montant TTC autoris\u00e9 par \ntransaction\nPerrine LENOIR DT Centre Achat de petites fournitures, achat de proximit\u00e9 500 \u20ac\nAgents Service Proc\u00e9dure de d\u00e9pense Montant TTC autoris\u00e9 par \ntransaction\nsur le BOP 354Bernard BOUQUILLON DT Sud 500 \u20ac\nISKRA Alexandra SETRIS/ER Achat de fournitures de proximit\u00e9 pour le BOP 207\nuniquement 500 \u20ac\nS\u00e9bastien COLOMBO SETRIS/SR Achat de fournitures de proximit\u00e9 pour le BOP 207\nuniquement 500 \u20ac\nMorgan GARNAUD SML/AM achat de fournitures, de proximit\u00e9 pour le BOP 205\nuniquement 500 \u20ac\nResponsables de programme ( = gestionnaire des cartes : cr\u00e9ation, param\u00e9trage... ) :\n- principal : Isabelle PALLY au SE,\n- secondaire : Aline BESSIN \u00e0 la Direction.\nGestion des relev\u00e9s mensuels des d\u00e9penses faites par carte achat :\n- BOP 354 : SGC 50,\n- BOP M\u00e9tier (205 et 207) : DDTM 50 (Isabelle PALLY au SE)\nArt.6 : subd\u00e9l\u00e9gation de signature est donn\u00e9e aux utilisateurs ci-dessous \u00e0 l'effet d'engager dans CHORUS DT, les d\u00e9penses de la DDTM 50,\npar la validation des ordres de mission :\nSERVICE UNITE NOM-PRENOM PROFIL VH1 PROFIL SERVICE GESTIONNAIRE\nDIR DIR CAVALLERA-LEVI MARTINE OUI\nDIR DIR KULINICZ KARL OUI\nDIR DIR PIQUERET MARIANNE OUI\nSML DIR MILESI ANNA OUI\nSML DIR LETERRIER CLAUDINE OUI (BOP 205 et 113)\nSML GL DE FARCY DE PONTFARCY Laurent OUI\nSML AM DUVAL-MOLINOS AUDE OUI\nSML CM LE BRIS VERONIQUE OUI\nSML CPT MONTAGNE FRANCOIS OUI\nSADT DIR POCHEZ REMI OUI\nSADT DIR MARC JEAN-MICHEL OUI\nSADT DSFA BRIAND VERONIQUE OUI\nSE DIR CATTIAUX OLIVIER OUI\nSE MBS PALLY ISABELLE OUI\nSE FNB VATTIER LAURENT OUI\nSE EMA LELANDAIS Erik OUI (BOP 113)\nSETRIS DIR BLONDEL ERWAN OUI\nSETRIS ER ISKRA Alexandra OUI OUI (BOP 207)\nSETRIS ER BRIDEL NATHALIE OUI OUI (BOP 207)\nSETRIS ER POMMIER ELODIE OUI (BOP 207)\nSH DIR DENIS ISABELLE OUI\nSEAT DIR SIMON CATHERINE OUI\nSEAT DIR COLINOT NATACHA OUI\nDT NORD DT L\u00dcTHI-MAIRE YANNICK OUI\nDT CENTRE DT TESNIERE CORINNE OUI\nDT SUD DT GRIDAINE SANDRA OUI\nVH1 = valideur hi\u00e9rarchique de niveau 1\nArt.7 : Subd\u00e9l\u00e9gation de signature est donn\u00e9e aux utilisateurs ci-dessous \u00e0 l'effet d'engager dans CHORUS DT, les d\u00e9penses de la DDTM 50,\npar la validation des \u00e9tats de frais.\nSERVICE UNITE NOM - PRENOM PROFIL VH1 PROFIL GESTIONNAIRE \nCONTROLEUR\nPROFIL \nGESTIONNAIRE \nVALIDEUR\nDIR DIR CAVALLERA-LEVI MARTINE OUI OUI\nDIR DIR KULINICZ KARL OUI OUI\nDIR DIR PIQUERET MARIANNE OUI OUI (BOP 205) OUI\nSERVICE UNITE NOM - PRENOM PROFIL VH1 PROFIL GESTIONNAIRE \nCONTROLEUR\nPROFIL \nGESTIONNAIRE \nVALIDEUR\nSML DIR MILESI ANNA OUI OUI \u2013 Valideur 1\nSML DIR LETERRIER CLAUDINE OUI  (BOP 205 et 113)\nSML GL DE FARCY DE PONTFARCY Laurent OUI OUI en l'absence \ndu valideur 1\nSML AM DUVAL-MOLINOS AUDE OUI\nSML CM LE BRIS VERONIQUE OUI\nSML CPT MONTAGNE FRANCOIS OUI\nSADT DIR POCHEZ REMI OUI\nSADT DIR MARC JEAN-MICHEL OUI\nSADT DSFA BRIAND VERONIQUE OUI \nSE DIR CATTIAUX OLIVIER OUI OUI \u2013 Valideur 1\nSE MBS PALLY ISABELLE OUI\nSE FNB VATTIER LAURENT OUI OUI en l'absence \ndu valideur 1\nSE EMA LELANDAIS Erik OUI  (BOP 113)\nSETRIS DIR BLONDEL ERWAN OUI OUI \u2013 Valideur 1\nSETRIS ER ISKRA Alexandra OUI OUI en l'absence \ndu valideur 1 = V2\nSETRIS ER BRIDEL NATHALIE OUI (BOP 207) OUI en l'absence \ndu valideur 2 = V3\nSETRIS ER POMMIER ELODIE OUI (BOP 207)\nSH DIR DENIS ISABELLE OUI\nSEAT DIR SIMON CATHERINE OUI\nSEAT DIR COLINOT NATACHA OUI\nDT NORD DT L\u00dcTHI-MAIRE YANNICK OUI\nDT CENTRE DT TESNIERE CORINNE OUI\nDT SUD DT GRIDAINE SANDRA OUI\nArt.8 :  subd\u00e9l\u00e9gation de signature est donn\u00e9e \u00e0 l'effet de signer l'ordonnancement des recettes relatives aux d\u00e9comptes des concours de\nservice de la DDTM pour le compte des collectivit\u00e9s et tiers \u00e0 :\n- M. Karl KULINICZ ing\u00e9nieur des travaux publics de l'\u00c9tat Hors Classe, directeur d\u00e9partemental adjoint des territoires et de la mer.\n- Mme Marianne PIQUERET ing\u00e9nieure des travaux publics de l'\u00c9tat Hors Classe, directrice d\u00e9partementale adjointe des territoires et de la\nmer, d\u00e9l\u00e9gu\u00e9e \u00e0 la mer et au littoral.\nArt.9 : en cas d'absence ou d'emp\u00eachement de Mme Isabelle DENIS, M. Erwan BLONDEL, M. R\u00e9mi POCHEZ, M. Olivier CATTIAUX, Mme\nCatherine  SIMON,  Mme Anna MILESI  la subd\u00e9l\u00e9gation qui  leur  est attribu\u00e9e  pourra  \u00eatre exerc\u00e9e  par  Mme Isabelle DENIS,  M. Erwan\nBLONDEL, M. R\u00e9mi POCHEZ, M. Olivier CATTIAUX, Mme Catherine SIMON, Mme Anna MILESI.\nArt.10 :  toutes dispositions contraires au pr\u00e9sent arr\u00eat\u00e9 sont abrog\u00e9es.\nSign\u00e9 : Pour le Pr\u00e9fet, la Directrice d\u00e9partementale des territoires et de la mer : Martine CAVALLERA-LEVI\n\uf0bf\nD\u00e9partement de la Manche - Imprimerie administrative - Directeur de la publication : M. le secr\u00e9taire g\u00e9n\u00e9ral de la pr\u00e9fecture","date":"2023-02-13","first_seen_on":"2025-07-18T11:43:35+00:00","id":"5b73350ac18023324110bbac1491a1b920ea576083c288037da72d0439602034","name":"RAA sp\u00e9cial n\u00b0 11","pdf_creation_date":"2023-02-13T14:30:05+00:00","pdf_modification_date":null,"timezone":"Europe/Paris","url":"https://www.manche.gouv.fr/contenu/telechargement/54859/428685/file/SP%2011.pdf"}
