{"administration":"ppparis","administration_name":"Pr\u00e9fecture de police de Paris","content":"PREFECTUREDE POLICELibert\u00e9Egalit\u00e9Fraternit\u00e9\nfen\nCABINET DU PREFET\nArr\u00eat\u00e9 n\u00b0 2025-01702\nautorisant les agents du service interne de s\u00e9curit\u00e9 de la RATP \u00e0 proc\u00e9der \u00e0 des \npalpations de s\u00e9curit\u00e9 dans certaines stations, gares et arr\u00eats du r\u00e9seau francilien\ndu 1er janvier 2026 au 31 mars 2026 inclus\nLe pr\u00e9fet de police,\nVu le code de la s\u00e9curit\u00e9 int\u00e9rieure, notamment son article L. 613-2\u00a0;\nVu le code des transports, notamment ses articles L. 2251-9, R. *2250-2 et R.\u00a02251-52\u00a0;\nVu  le  d\u00e9cret  n\u00b02004-374  du  29  avril  2004  modifi\u00e9  relatif  aux  pouvoirs  des  pr\u00e9fets,  \u00e0 \nl'organisation et \u00e0 l'action des services de l'Etat dans les r\u00e9gions et d\u00e9partements\u00a0;\nVu l'arr\u00eat\u00e9 du 28 septembre 2016 relatif \u00e0 la formation des agents des services internes de  \ns\u00e9curit\u00e9 de la SNCF et de la RATP\u00a0;\nVu le d\u00e9cret du 22 octobre 2025 par lequel M. Patrice FAURE, administrateur de l'\u00c9tat du  \ntroisi\u00e8me grade, directeur de cabinet du Pr\u00e9sident de la R\u00e9publique, est nomm\u00e9 pr\u00e9fet de  \npolice (groupe I), \u00e0 compter du 23 octobre 2025 ;\nVu  la  saisine  en  date  du  10  d\u00e9cembre  2025  de  la  direction  de  la  s\u00fbret\u00e9  de  la  R\u00e9gie \nAutonome des Transports Parisiens\u00a0(RATP) ;\nConsid\u00e9rant que, en application l'article R. 2251-52 du code des transports et dans les  \nconditions pr\u00e9vues par l'article R. *2250-2 du m\u00eame code, les agents du service interne de  \ns\u00e9curit\u00e9 de la R\u00e9gie Autonome des Transports Parisiens ne peuvent r\u00e9aliser des palpations  \nde s\u00e9curit\u00e9 dans les gares, stations, arr\u00eats et v\u00e9hicules de transports que dans les limites  \nde la dur\u00e9e et des lieux ou cat\u00e9gories de lieux d\u00e9termin\u00e9s par l'arr\u00eat\u00e9 constatant les  \ncirconstances particuli\u00e8res li\u00e9es \u00e0 l'existence de menaces graves pour la s\u00e9curit\u00e9 publique  \nmentionn\u00e9es \u00e0 l'article L. 613-2 du code de la s\u00e9curit\u00e9 int\u00e9rieure \u00a0; que cet arr\u00eat\u00e9 est pris  \npour les transports en commun de voyageurs de la r\u00e9gion d'Ile-de-France par le pr\u00e9fet de  \npolice\u00a0;\nConsid\u00e9rant que plusieurs attentats ou tentatives d'attentats r\u00e9cents traduisent le niveau  \n\u00e9lev\u00e9 de la menace terroriste en France  ; que le plan VIGIPIRATE \u00ab  urgence attentat  \u00bb a  \n\u00e9t\u00e9  rehauss\u00e9  sur  l'ensemble  du  territoire  national  depuis  le  24  mars  2024\u00a0;  que  le \ndurcissement de la posture VIGIPIRATE associ\u00e9 \u00e0 l'\u00e9volution de l'\u00e9tat de la menace en  \nFrance fait porter un effort plus particulier sur la s\u00e9curit\u00e9 des transports ;\nConsid\u00e9rant que certaines stations, gares et arr\u00eats du r\u00e9seau de la RATP desservent des  \nlieux particuli\u00e8rement expos\u00e9s \u00e0 des risques de vol et divers trafics \u00a0; que des violences  \nsont  r\u00e9guli\u00e8rement  commises  \u00e0  l'int\u00e9rieur  des  installations  ferroviaires,  caract\u00e9ris\u00e9es \nnotamment par des rixes et le port d'armes prohib\u00e9es ; que ces faits repr\u00e9sentent un  \n2025-01702 1\ndanger important pour les usagers ; que des mesures doivent \u00eatre prises pour lutter contre \nces ph\u00e9nom\u00e8nes\u00a0;\nConsid\u00e9rant  que  cette  situation  caract\u00e9rise  les  circonstances  particuli\u00e8res  li\u00e9es  \u00e0 \nl'existence de menaces graves pour la s\u00e9curit\u00e9 publique mentionn\u00e9es \u00e0 l'article L. 613-2 du  \ncode de la s\u00e9curit\u00e9 int\u00e9rieure ;\nConsid\u00e9rant que les forces de s\u00e9curit\u00e9 int\u00e9rieure, fortement mobilis\u00e9es pour assurer la  \ns\u00e9curisation g\u00e9n\u00e9rale de la r\u00e9gion d'Ile-de-France dans un contexte de menace terroriste  \nparticuli\u00e8rement \u00e9lev\u00e9, ne sauraient assurer seules les contr\u00f4les sp\u00e9cifiques n\u00e9cessaires \u00e0  \nla s\u00e9curit\u00e9 des usagers de la RATP, qui rel\u00e8ve au premier chef de la responsabilit\u00e9 de  \nl'exploitant\u00a0;\nConsid\u00e9rant qu'il appartient \u00e0 l'autorit\u00e9 de police comp\u00e9tente de prendre les mesures  \nadapt\u00e9es, n\u00e9cessaires et proportionn\u00e9es visant \u00e0 garantir la s\u00e9curit\u00e9 des personnes et des  \nbiens\u00a0; qu'une mesure autorisant les agents du service interne de s\u00e9curit\u00e9 de la RATP \u00e0  \nproc\u00e9der \u00e0 des palpations de s\u00e9curit\u00e9 dans certaines stations, gares et arr\u00eats du r\u00e9seau,  \nainsi que dans les v\u00e9hicules de transport les desservant, du jeudi  1er janvier 2026 au mardi  \n31 mars 2026 inclus r\u00e9pond \u00e0 ces objectifs\u00a0;\nARR\u00caTE\u00a0:\nArticle 1er \u2013 Les agents du service interne de s\u00e9curit\u00e9 de la R\u00e9gie Autonome des Transports  \nParisiens peuvent proc\u00e9der, outre \u00e0 l'inspection visuelle des bagages \u00e0 main et, avec le  \nconsentement de leur propri\u00e9taire, \u00e0 leur fouille, \u00e0 des palpations de s\u00e9curit\u00e9, du jeudi 1 er \njanvier 2026 au mardi 31 mars 2026 inclus, dans les stations, gares et arr\u00eats de bus suivants  \net dans les v\u00e9hicules de transport les desservant, de leur ouverture \u00e0 leur fermeture\u00a0:\nLignes du r\u00e9seau m\u00e9tropolitain  \u00a0  :  \n\u2013 Ligne 1, entre les stations La D\u00e9fense et Ch\u00e2teau de Vincennes  incluses, y compris les  \nlignes en correspondance\u00a0;\n\u2013 Ligne 2, entre les stations Nation et Porte Dauphine incluses, y compris les lignes en  \ncorrespondance\u00a0;\n\u2013 Ligne 3, entre les stations Pont de Levallois \u2013 B\u00e9con  et Gallieni incluses, y compris les  \nlignes en correspondance\u00a0;\n\u2013 Ligne 3 bis, entre les stations Porte des Lilas et Gambetta incluses, y compris les lignes  \nen correspondance\u00a0;\n\u2013 Ligne 4, entre les stations Porte de Clignancourt et Bagneux \u2013 Lucie Aubrac  incluses, y  \ncompris les lignes en correspondance\u00a0;\n\u2013 Ligne 5, entre les stations Bobigny \u2013 Pablo Picasso  et Place d'Italie incluses, y compris  \nles lignes en correspondance\u00a0;\n\u2013 Ligne 6, entre les stations Charles de Gaulle \u2013 Etoile  et Nation incluses, y compris les  \nlignes en correspondance\u00a0;\n\u2013 Ligne 7, entre les stations La Courneuve \u2013 8 mai 1945 et Villejuif \u2013 Louis Aragon incluses \net entre les stations  Porte d'Italie  et  Mairie d'Ivry  incluses, y compris les lignes en  \ncorrespondance\u00a0;\n\u2013 Ligne 7 bis, entre les stations Louis Blanc et Pr\u00e9-Saint-Gervais incluses\u00a0;\n\u2013 Ligne 8, entre les stations Balard et Cr\u00e9teil \u2013 Pointe du Lac incluses, y compris les lignes \nen correspondance\u00a0;\n2025-01702 2\n\u2013 Ligne 9, entre les stations Pont de S\u00e8vres et Mairie de Montreuil incluses, y compris les  \nlignes en correspondance ;\n\u2013 Ligne  10,  entre  les  stations  Gare  d'Austerlitz et  Boulogne  \u2013  Pont  de  Saint-Cloud \nincluses, y compris les lignes en correspondance\u00a0;\n\u2013 Ligne 11, entre les stations Rosny Bois Perrier  et Ch\u00e2telet incluses, y compris les lignes  \nen correspondance\u00a0;\n\u2013 Ligne 12, entre les stations Mairie d'Aubervilliers et Mairie d'Issy incluses, y compris les  \nlignes en correspondance\u00a0;\n\u2013 Ligne 13, entre les stations Brochant et Asni\u00e8res-Gennevilliers \u2013 les Courtilles incluses et \nentre les stations Ch\u00e2tillon \u2013 Montrouge et Saint-Denis \u2013 Universit\u00e9 incluses, y compris  \nles lignes en correspondance\u00a0;\n\u2013 Ligne 14, entre les stations Saint-Denis Pleyel et A\u00e9roport d'Orly incluses, y compris les \nlignes en correspondance.\nLignes du r\u00e9seau express r\u00e9gional  \u00a0  :  \n- Ligne  A  du  RER,  entre  les  gares  de  Saint-Germain-en-Laye et  de  Marne-la-Vall\u00e9e  - \nChessy incluses  et  entre  les  gares  de  Fontenay-sous-Bois et  de  Boissy-Saint-L\u00e9ger \nincluses, y compris les lignes en correspondance\u00a0;\n- Ligne B du RER, entre les gares de Saint-R\u00e9my-l\u00e8s-Chevreuse et Gare du Nord  incluses \net  entre  les  gares  de  Sceaux et  de  Robinson incluses,  y  compris  les  lignes  en \ncorrespondance.\nLignes de tramways\u00a0:\n- Ligne T1, entre les stations Asni\u00e8res \u2013 Quatre routes et Gare de Noisy-le-Sec incluses, y \ncompris les lignes en correspondance\u00a0;\n- Ligne T2, entre les stations Pont de Bezons et Porte de Versailles incluses y compris les \nlignes en correspondance\u00a0;\n- Ligne T3A, entre les stations  Porte de Vincennes  et  Pont du Garigliano  incluses, y  \ncompris les lignes en correspondance ;\n- Ligne T3B, entre les stations Porte Dauphine et Porte de Vincennes incluses, y compris \nles lignes en correspondance\u00a0;\n- Ligne T5, entre les stations  March\u00e9 de Saint-Denis  et  Garges \u2013 Sarcelles  incluses, y  \ncompris les lignes en correspondance\u00a0;\n- Ligne T6, entre les stations Viroflay \u2013 Rive-Droite  et Ch\u00e2tillon \u2013 Montrouge  incluses, y  \ncompris les lignes en correspondance\u00a0;\n- Ligne T7, entre les stations  Villejuif Louis Aragon  et  Athis-Mons Porte de l'Essonne  \nincluses, y compris les lignes en correspondance\u00a0;\n- Ligne T8, entre les stations Epinay Orgemont et Saint-Denis Porte de Paris et entre les \nstations Delaunay-Belleville et Villetaneuse Universit\u00e9 incluses , y compris les lignes en  \ncorrespondance.\n2025-01702 3\nLignes de bus :\n- Bus TVM, de l'arr\u00eat Antony - La Croix de Berny RER \u00e0 l'arr\u00eat Saint-Maur Cr\u00e9teil RER sur \nl'ensemble de la ligne\u00a0;\n- Bus Ligne 234, de l'arr\u00eat Cimeti\u00e8re \u00e0 l'arr\u00eat Bobigny \u2013 Pablo Picasso sur l'ensemble de  \nla ligne\u00a0;\n- Bus N01, de l'arr\u00eat  Rond-point des Champs-Elys\u00e9es \u2013 Matignon  \u00e0 l'arr\u00eat  Palais de la  \nd\u00e9couverte sur l'ensemble de la ligne\u00a0;\n- Bus N02, de l'arr\u00eat Rond-point des Champs-Elys\u00e9es \u2013 Franklin D. Roosevelt  \u00e0 l'arr\u00eat La \nBo\u00e9tie \u2013 Percier sur l'ensemble de la ligne\u00a0;\n- Bus N11, de l'arr\u00eat Pont de Neuilly \u00e0 l'arr\u00eat Ch\u00e2teau de Vincennes sur l'ensemble de la  \nligne ;\n- Bus N12, de l'arr\u00eat  Pont de S\u00e8vres  \u00e0 l'arr\u00eat  Romainville-Carnot sur l'ensemble de la  \nligne\u00a0;\n- Bus N13, de l'arr\u00eat Mairie d'Issy \u00e0 l'arr\u00eat Bobigny - Pablo Picasso  sur l'ensemble de la  \nligne\u00a0;\n- Bus N14, de l'arr\u00eat Mairie de Saint-Ouen - R\u00e9publique \u00e0 l'arr\u00eat La Croix de Berny RER sur \nl'ensemble de la ligne\u00a0;\n- Bus N15, de l'arr\u00eat Gabriel P\u00e9ri-M\u00e9tro \u00e0 l'arr\u00eat Villejuif - Louis Aragon sur l'ensemble de \nla ligne\u00a0;\n- Bus N16, de l'arr\u00eat Pont de Levallois  \u00e0 l'arr\u00eat Mairie de Montreuil \u2013 Rouget de Lisle  sur \nl'ensemble de la ligne\u00a0;\n- Bus N21, de l'arr\u00eat Ch\u00e2telet \u00e0 l'arr\u00eat H\u00f4pital de Longjumeau sur l'ensemble de la ligne\u00a0;\n- Bus N22, de l'arr\u00eat Ch\u00e2telet \u00e0 l'arr\u00eat Juvisy-sur-Orge sur l'ensemble de la ligne\u00a0;\n- Bus N23, de l'arr\u00eat Ch\u00e2telet \u00e0 l'arr\u00eat Chelles-Gournay sur l'ensemble de la ligne\u00a0;\n- Bus N24, de l'arr\u00eat Ch\u00e2telet \u00e0 l'arr\u00eat Sartrouville RER sur l'ensemble de la ligne\u00a0;\n- Bus N31, de l'arr\u00eat Gare de Lyon \u00e0 l'arr\u00eat A\u00e9roport d'Orly 4 sur l'ensemble de la ligne\u00a0;\n- Bus  N32, de  l'arr\u00eat  Gare  de  Lyon  -  Diderot \u00e0  l'arr\u00eat  Boissy  Saint-L\u00e9ger  RER sur  \nl'ensemble de la ligne\u00a0;\n- Bus N33, de l'arr\u00eat Gare de Lyon - Maison de la RATP  \u00e0 l'arr\u00eat Villiers-sur-Marne \u2013 Le  \nPlessis-Tr\u00e9vise RER sur l'ensemble de la ligne\u00a0;\n- Bus N34, de l'arr\u00eat  Gare de Lyon - Diderot  \u00e0 l'arr\u00eat  Torcy RER  sur l'ensemble de la  \nligne\u00a0;\n2025-01702 4\n- Bus N35, de l'arr\u00eat Gare de Lyon - Diderot \u00e0 l'arr\u00eat Villiers-sur-Marne \u2013 Le Plessis-Tr\u00e9vise  \nRER sur l'ensemble de la ligne\u00a0;\n- Bus N41, de l'arr\u00eat Gare de l'Est \u00e0 l'arr\u00eat Villeparisis \u2013 Mitry-le-Neuf RER  sur l'ensemble \nde la ligne\u00a0;\n- Bus N42, de l'arr\u00eat Gare de l'Est \u00e0 l'arr\u00eat Aulnay-sous-Bois \u2013 Garonor sur l'ensemble de  \nla ligne\u00a0;\n- Bus N43, de l'arr\u00eat Gare de l'Est \u00e0 l'arr\u00eat Gare de Sarcelles \u2013 Saint-Brice  sur l'ensemble \nde la ligne\u00a0;\n- Bus N44, de l'arr\u00eat  Gare de l'Est  \u00e0 l'arr\u00eat  Garges-Sarcelles RER  sur l'ensemble de la  \nligne\u00a0;\n- Bus N45, de l'arr\u00eat Gare de l'Est  \u00e0 l'arr\u00eat H\u00f4pital de Montfermeil  sur l'ensemble de la  \nligne\u00a0;\n- Bus N51, de l'arr\u00eat  Gare Saint-Lazare  \u00e0 l'arr\u00eat  Gare d'Enghien  sur l'ensemble de la  \nligne\u00a0;\n- Bus  N52,  de  l'arr\u00eat  Gare  Saint-Lazare \u00e0  l'arr\u00eat  Gare  de  Cormeilles-en-Parisis sur  \nl'ensemble de la ligne\u00a0;\n- Bus N53, de l'arr\u00eat Gare Saint-Lazare \u00e0 l'arr\u00eat Nanterre \u2013 Anatole France sur l'ensemble \nde la ligne\u00a0;\n- Bus  N61,  de  l'arr\u00eat  Gare  Montparnasse \u00e0  l'arr\u00eat  Clamart  \u2013  Georges  Pompidou sur  \nl'ensemble de la ligne\u00a0;\n- Bus N62, de l'arr\u00eat  Gare Montparnasse  \u00e0 l'arr\u00eat  March\u00e9 international de Rungis  sur \nl'ensemble de la ligne\u00a0;\n- BusxN63, de l'arr\u00eat Gare Montparnasse \u00e0 l'arr\u00eat Polytechnique Vauve sur l'ensemble de \nla ligne\u00a0;\n- Bus N66, de l'arr\u00eat  Gare Montparnasse  \u00e0 l'arr\u00eat  Gare de Chaville \u2013 Rive droite  sur \nl'ensemble de la ligne\u00a0;\n- Bus N71, de l'arr\u00eat  March\u00e9 international de Rungis  \u00e0 l'arr\u00eat  Val de Fontenay RER  sur \nl'ensemble de la ligne\u00a0;\n- BusxN122, de l'arr\u00eat Ch\u00e2telet \u00e0 l'arr\u00eat Saint-R\u00e9my-l\u00e8s-Chevreuse RER sur l'ensemble de \nla ligne\u00a0;\n- Bus  N153,  de  l'arr\u00eat  Gare  Saint-Lazare  \u00e0  l'arr\u00eat  Saint-Germain-en-Laye  RER  sur \nl'ensemble de la ligne\u00a0;\n- \u00e0 l'arr\u00eat Gare Saint-Lazare pour le bus N154\u00a0 ;\n- \u00e0 l'arr\u00eat Argenteuil pour les bus 140, 272, 340 et 361\u00a0;\n- \u00e0 l'arr\u00eat Massy-Palaiseau pour les bus 119, 196, 199, 319 et 399\u00a0;\n- \u00e0 l'arr\u00eat Montparnasse pour les bus 28, 39, 58, 91, 92, 94, 95 et 96\u00a0;\n2025-01702 5\n- \u00e0 l'arr\u00eat Gare de l'Est pour les bus 31, 32, 38, 39 et 46\u00a0;\n- \u00e0 l'arr\u00eat Saint-Denis Porte de Paris pour les bus 153, 170, 239, 253, 255 et 353\u00a0;\n- \u00e0 l'arr\u00eat Val de Fontenay pour les bus 116, 118, 122, 124, 145 et 301\u00a0;\n- \u00e0 l'arr\u00eat Ecole V\u00e9t\u00e9rinaire pour les bus 24, 103, 104, 107, 125, 181 et 325\u00a0;\n- \u00e0 l'arr\u00eat Saint-Denis Universit\u00e9 pour les bus 168, 253, 255, 256, 353 et 356\u00a0;\n- \u00e0 l'arr\u00eat Gabriel P\u00e9ri pour les bus 125, 187, 188 et 197\u00a0;\n- \u00e0 l'arr\u00eat La D\u00e9fense pour les bus 73, 157, 158, 174, 175 et 176\u00a0;\n- \u00e0 l'arr\u00eat Gare du Nord pour les bus 26, 31, 35, 38, 39, 43, 45, 48, 54, 56, 91 et 302\u00a0;\n- \u00e0 l'arr\u00eat Bobigny Pablo Picasso pour les bus 146, 148, 234, 251, 301, 303 et 322\u00a0;\n- \u00e0 l'arr\u00eat Ch\u00e2teau de Vincennes  pour les bus 46, 56 , 112, 114, 115, 118, 124, 210, 318 et  \n325\u00a0;\n- \u00e0 l'arr\u00eat Neuilly-Plaisance pour les bus 113, 114, 203 et 214\u00a0;\n- \u00e0 l'arr\u00eat Noisy-le-Grand \u2013 Mont d'Est pour les bus 120, 206, 207, 303, 306, 310 et 320\u00a0;\n- \u00e0 l'arr\u00eat Champigny pour les bus 11, 116, 117, 208 et 306.\nArticle 2 \u2013 La pr\u00e9fet de Seine-et-Marne, le pr\u00e9fet des Yvelines, la pr\u00e9f\u00e8te de l'Essonne, le  \npr\u00e9fet des Hauts-de-Seine, le pr\u00e9fet de la Seine-Saint-Denis, le pr\u00e9fet du Val-de-Marne, le  \npr\u00e9fet du Val-d'Oise, le pr\u00e9fet, directeur du cabinet du pr\u00e9fet de police, le directeur de la  \ns\u00e9curit\u00e9 de proximit\u00e9 de l'agglom\u00e9ration parisienne et le pr\u00e9sident directeur de la R\u00e9gie  \nautonome  des  transports  parisiens  sont  charg\u00e9s,  chacun  en  ce  qui  le  concerne,  de \nl'ex\u00e9cution  du  pr\u00e9sent  arr\u00eat\u00e9  qui  sera  publi\u00e9  aux  recueils  des  actes  administratifs  du \nd\u00e9partement de Paris et des pr\u00e9fectures de Seine-et-Marne, des Yvelines, de l'Essonne,  \ndes  Hauts-de-Seine,  de  la  Seine-Saint-Denis,  du  Val-de-Marne  et  du  Val-d'Oise  et \nconsultable  sur  le  site  internet  de  la  pr\u00e9fecture  de  \npolice(https://www.prefecturedepolice.interieur.gouv.f  r  ).\nFait \u00e0 Paris, le 24 d\u00e9cembre 2025\nSIGN\u00c9\nPatrice FAURE\n2025-01702 6\nAnnexe de l'arr\u00eat\u00e9 n\u00b0 2025-01702 du 24 d\u00e9cembre 2025\nVOIES ET DELAIS DE RECOURS\n_______________________\nSi vous estimez devoir contester le pr\u00e9sent arr\u00eat\u00e9, il vous est possible, dans un  \nd\u00e9lai  de  deux  mois  \u00e0  compter  de  la  date  de  sa  publication  au  recueil  des  actes \nadministratifs du d\u00e9partement de Paris :\n- soit de saisir d'un RECOURS GRACIEUX\nle Pr\u00e9fet de Police\n7/9, boulevard du Palais - 75195 PARIS RP\n- ou de former un RECOURS HIERARCHIQUE\n  aupr\u00e8s du Ministre de l'int\u00e9rieur\n  Direction des libert\u00e9s publiques et des affaires juridiques\n  place Beauvau - 75008 PARIS\n- soit de saisir d'un RECOURS CONTENTIEUX\nle Tribunal administratif comp\u00e9tent\nAucune  de  ces  voies  et  recours  ne  suspend  l'application  de  la  pr\u00e9sente \nd\u00e9cision.\nLes  recours  GRACIEUX  et  HIERARCHIQUE  doivent  \u00eatre  \u00e9crits,  exposer  les \narguments ou faits nouveaux et comprendre la copie de l'arr\u00eat\u00e9 contest\u00e9.\nLe recours CONTENTIEUX, qui vise \u00e0 contester la LEGALITE de la pr\u00e9sente  \nd\u00e9cision, doit \u00e9galement \u00eatre \u00e9crit et exposer votre argumentation juridique.\nSi vous n'aviez pas de r\u00e9ponse \u00e0 votre recours GRACIEUX ou HIERARCHIQUE  \ndans  un  d\u00e9lai  de  deux  mois  \u00e0  compter  de  la  r\u00e9ception  de  votre  recours  par \nl'administration, votre demande devra \u00eatre consid\u00e9r\u00e9e comme rejet\u00e9e (d\u00e9cision implicite \nde rejet).\nEn  cas  de  rejet  des  recours  GRACIEUX  ou  HIERARCHIQUE,  le  Tribunal \nadministratif  peut  \u00eatre  saisi  d'un  recours  contentieux  dans  le  d\u00e9lai  de  deux  mois  \u00e0 \ncompter de la date de la d\u00e9cision de rejet.\n                                                                                                                                                      7","date":"2025-12-24","first_seen_on":"2025-12-24T15:04:30+00:00","id":"5b85f7720f5c5195a71aee87f4360a6405ebfe9fa537420b7b0d5702dfba8162","name":"Arr\u00eat\u00e9 n\u00b02025-01702 autorisant les agents du service interne de s\u00e9curit\u00e9 de la RATP \u00e0 proc\u00e9der \u00e0 des palpations de s\u00e9curit\u00e9 dans certaines stations, gares et arr\u00eats du r\u00e9seau francilien du 1er janvier 2026 au 31 mars 2026 inclus","pdf_creation_date":"2025-12-24T13:39:19+00:00","pdf_modification_date":null,"timezone":"Europe/Paris","url":"https://www.prefecturedepolice.interieur.gouv.fr/sites/default/files/Documents/2025_01702_24122025.pdf"}
