{"administration":"pref83","administration_name":"Pr\u00e9fecture du Var","content":"VAR\nRECUEIL DES ACTES\nADMINISTRATIFS\nN\u00b083-2025-319\nPUBLI\u00c9 LE 23 SEPTEMBRE 2025\nSommaire\nAgence r\u00e9gionale de sant\u00e9 PACA /\n83-2024-11-15-00004 - agr\u00e9ment Jean Jaur\u00e8s (3 pages) Page 4\n83-2024-08-06-00007 - agr\u00e9ment klarity TOULON (3 pages) Page 8\n83-2024-11-19-00005 - agr\u00e9ment mut fran\u00e7aise BRIGNOLES (3 pages) Page 12\n83-2024-11-19-00006 - agr\u00e9ment mut fran\u00e7aise DRAGUIGNAN (3 pages) Page 16\n83-2024-11-19-00007 - agr\u00e9ment mutualit\u00e9 fran\u00e7aise HYERES (3 pages) Page 20\n83-2024-11-21-00014 - agr\u00e9ment mutualit\u00e9 fran\u00e7aise LE LUC (3 pages) Page 24\n83-2024-11-19-00009 - agr\u00e9ment mutualit\u00e9 fran\u00e7aise St RAPHAEL (3\npages) Page 28\n83-2024-11-21-00015 - agr\u00e9ment mutualit\u00e9 fran\u00e7aise TOULON (3\npages) Page 32\n83-2024-11-19-00008 - agr\u00e9ment mutualit\u00e9 fran\u00e7aise TOURRETTES (3\npages) Page 36\n83-2024-11-19-00010 - agr\u00e9ment vyv3 COGOLIN (3 pages) Page 40\nDirection d\u00e9partementale de l'emploi, du travail et des solidarit\u00e9s du Var\n/ Direction de la DDETS\n83-2025-09-16-00007 - 701-2025-recepisse declaration MAELLYS\nOUNNALAY du 160925 (1 page) Page 44\n83-2025-09-16-00008 - 702-2025-recepisse declaration COURS DE SOUTIEN\nSCOLAIRE MONTAGNE MAXIME du 160925 (2 pages) Page 46\n83-2025-09-17-00005 - 703-2025-recepisse BRILLANT SERVICE 83-BEN\nMILOUD-JOSSELIN ANAIS du 170925 (1 page) Page 49\n83-2025-09-17-00006 - 705-2025-r\u00e9c\u00e9piss\u00e9 d\u00e9claration BOUCHARD\nTHIBAULT du 170925 (2 pages) Page 51\n83-2025-09-17-00007 - 710-2025-recepisse A&G - AOUICHE MERIEM du\n170925 (1 page) Page 54\n83-2025-09-19-00003 - 713-2025-recepisse declaration LFB\nELAGAGE-LUDOVIC BOUQUILLON du 190925 (1 page) Page 56\n83-2025-09-19-00004 - 715-2025-recepisse d\u00e9claration ESPOSITO LAURA\ndu 190925 (2 pages) Page 58\n83-2025-09-19-00005 - 716-2025-recepisse declaration LAETICIA JOSE DA\nSILVA du 190925 (1 page) Page 61\n83-2025-09-19-00006 - 720-2025-recepisse declaration MONFRAIX MARION\ndu 190925 (1 page) Page 63\n83-2025-09-22-00002 - 722-2025-recepisse declaration CARRASCO\nZOONENS JULIE du 220925 (1 page) Page 65\n83-2025-09-22-00004 - 724-2025-recepisse declaration SONIA FAGETTE du\n220925 (1 page) Page 67\n2\nDirection d\u00e9partementale de la protection des populations  du Var / P\u00f4le\n\u00e9tablissement recevant du public DDPP\n83-2025-09-22-00003 -  Arr\u00eat\u00e9 modificatif formation SSIAP - RK2C\nFORMATION (3 pages) Page 69\nDirection d\u00e9partementale des territoires et de la mer du Var / Service\nagriculture et for\u00eat de la DDTM\n83-2025-09-18-00020 - ARR\u00caT\u00c9 PR\u00c9FECTORAL n\u00b0\nDDTM/SAF/BFDFCI/2025-42 du 18 septembre 2025\nportant application\ndu r\u00e9gime forestier sur la for\u00eat communale du Plan-de-la-Tour (3 pages) Page 73\nPr\u00e9fecture du VAR / Direction de la citoyennet\u00e9 et de la l\u00e9galit\u00e9\n83-2025-09-18-00018 - Arr\u00eat\u00e9 pr\u00e9fectoral n\u00b0 186/2025-BCLI \nportant\nfixation du nombre de si\u00e8ges et r\u00e9partition des si\u00e8ges entre les\ncommunes au sein de la communaut\u00e9 Est\u00e9rel C\u00f4te-d'Azur\nagglom\u00e9ration (2 pages) Page 77\n83-2025-09-18-00019 - Arr\u00eat\u00e9 pr\u00e9fectoral n\u00b0188 /2025-BCLI \nportant\nfixation du nombre et r\u00e9partition des si\u00e8ges entre les communes au sein\ndu conseil m\u00e9tropolitain de la M\u00e9tropole Toulon Provence\nM\u00e9diterran\u00e9e (MTPM) (3 pages) Page 80\n83-2025-09-18-00017 - Arr\u00eat\u00e9 pr\u00e9fectoral n\u00b0198 /2025-BCLI \nportant\nfixation du nombre de si\u00e8ges et r\u00e9partition des si\u00e8ges entre les\ncommunes au sein de Drac\u00e9nie Provence Verdon agglom\u00e9ration\n(DPVA). (3 pages) Page 84\nPr\u00e9fecture du VAR / Direction des s\u00e9curit\u00e9s\n83-2025-08-21-00007 - arr\u00eat\u00e9 n\u00b02025/12/DS/SESR/PDAC du 21 ao\u00fbt\n2025 portant agr\u00e9ment du Docteur Pierre ROBIN pour le contr\u00f4le\nm\u00e9dical de l'aptitude \u00e0 la conduire (2 pages) Page 88\n3\nAgence r\u00e9gionale de sant\u00e9 PACA\n83-2024-11-15-00004\nagr\u00e9ment Jean Jaur\u00e8s\nAgence r\u00e9gionale de sant\u00e9 PACA - 83-2024-11-15-00004 - agr\u00e9ment Jean Jaur\u00e8s 4\nREPUBLIQUEFRANCAISELibert\u00e9Egalit\u00e9Fraternit\u00e9\nAr@ D Agence R\u00e9gionale de Sant\u00e9Provence-AlpesC\u00f4te d'Azur\nPage 1/3 \n \n \n \n \n \n \n \n \n \n \n \n \nArr\u00eat\u00e9 portant agr\u00e9ment provisoire du centre de sant\u00e9 Jean Jaur\u00e8s  \nN\u00b0FINESS : 83 002 652 2 \n \n \nLe Directeur G\u00e9n\u00e9ral de l'Agence R\u00e9gionale de Sant\u00e9 Provence-Alpes-C\u00f4te \nd'Azur \n \n \n \nVu le code de la sant\u00e9 publique et notamment ses articles L.6323-1 \u00e0 L. 6323-1-15 et D.6323-\n1 \u00e0 D.6323-12 ; \n \nVu le code de la s\u00e9curit\u00e9 sociale ;  \n \nVu la loi n\u00b02023-378 du 19 mai 2023 visant \u00e0 am\u00e9liorer l'encadrement des centres de sant\u00e9 ; \n \nVu le d\u00e9cret n\u00b02010-336 du 31 mars 2010 portant cr\u00e9ation des agences r\u00e9gionales de sant\u00e9 ; \n \nVu le d\u00e9cret du 16 juillet 2024 portant nomination de Monsieur Yann BUBIEN en qualit\u00e9 de \ndirecteur g\u00e9n\u00e9ral de l'agence r\u00e9gionale de sant\u00e9 Provence-Alpes-C\u00f4te d'Azur \n \nVu l'arr\u00eat\u00e9 du 27 f\u00e9vrier 2018 relatif aux centres de sant\u00e9 ; \n \nVu l'arr\u00eat\u00e9 du 26 octobre 2023 du Directeur g\u00e9n\u00e9ral de l'agence r\u00e9gionale de sant\u00e9 portant \nadoption du Projet R\u00e9gional de Sant\u00e9 Provence-Alpes-C\u00f4te d'Azur 2023-2028 ; \n \nVu le dossier adress\u00e9 le 12/11/2023 par Monsieur Maxime DARMON, gestionnaire du centre \nde sant\u00e9 Jean Jaur\u00e8s, sis, 1 avenue Jean Jaur\u00e8s 83400 Hy\u00e8res, au Directeur g\u00e9n\u00e9ral de \nl'agence r\u00e9gionale de sant\u00e9 Provence-Alpes-C\u00f4te d'Azur, en vue de l'obtention d'un agr\u00e9ment \nprovisoire pour les activit\u00e9s ophtalmologiques/orthoptiques exerc\u00e9es au sein de ce centre ; \n \n \nConsid\u00e9rant qu'en application de l'article L.6323-1-11 du code de la sant\u00e9 publique, les \ncentres de sant\u00e9 ou leurs antennes ayant une activit\u00e9 dentaire, ophtalmologique ou \northoptique sont soumis, \u00e0 l'agr\u00e9ment du directeur g\u00e9n\u00e9ral de l'agence r\u00e9gionale de sant\u00e9; \nqu'\u00e0 cet effet, le repr\u00e9sentant l\u00e9gal de l'organisme gestionnaire adresse au directeur g\u00e9n\u00e9ral \nde l'agence r\u00e9gionale de sant\u00e9 un dossier en vue de l'obtention de cet agr\u00e9ment ; \n \nConsid\u00e9rant que le dossier de demande d'agr\u00e9ment susvis\u00e9 remplit les objectifs de \nconformit\u00e9 notamment en termes de locaux, d'installations mat\u00e9rielles, d'organisation des \nsoins, d'exp\u00e9rience et de qualification du personnel et appara\u00eet compatible avec les objectifs \net les besoins d\u00e9finis dans le cadre du projet r\u00e9gional de sant\u00e9 ;  \n \n \n \nAgence r\u00e9gionale de sant\u00e9 PACA - 83-2024-11-15-00004 - agr\u00e9ment Jean Jaur\u00e8s 5\nPage 2/3 \n \n \n \nARR\u00caTE \n \n \nArticle 1er : Le centre de sant\u00e9 dont la raison sociale est Centre de sant\u00e9 Jean Jaur\u00e8s \n                   situ\u00e9 \u00e0 l'adresse suivante 1 avenue Jean Jaur\u00e8s 8340 Hy\u00e8res \n                   dont le num\u00e9ro FINESS ET est 83 002 652 2 \n                   et dont la structure juridique de l'organisme gestionnaire est Association CDS Jean Jaur\u00e8s \n                   dont le si\u00e8ge social est situ\u00e9 \u00e0 1 avenue Jean Jaur\u00e8s 8340 Hy\u00e8res , \n \n                   EST AGR\u00c9\u00c9 pour ses activit\u00e9s ophtalmologiques/orthoptiques. \n \nCet agr\u00e9ment vaut autorisation de dispenser des soins aux assur\u00e9s sociaux dans le centre ou \nl'antenne concern\u00e9e.  \n \nDans le cadre des activit\u00e9s ophtalmologiques/orthoptiques :  \n \nLes professionnels de sant\u00e9 exer\u00e7ant au sein du centre de sant\u00e9 sont les suivants : \n \nDocteur Jean-Marc SUSZYNZKI - Ophtalmologue - RPPS N\u00b0 : 10002273521 \nDocteur Andr\u00e9a IOBBI - Ophtalmologue - RPPS N\u00b0 :10102032546 \nDocteur Olivia GEREMIA - Ophtalmologue - RPPS N\u00b0 :10109828425 \n \nMadame Pauline REYNAUD - Orthoptiste - RPPS N\u00b0 : 10010780053 \nMadame Giuliana PALLESCHI - Orthoptiste - RPPS N\u00b0 : 10010269818 \nMadame Karlla RODRIGUES - Orthoptiste - RPPS N\u00b0 : 10010146123 \nMadame Paloma GOIN - Orthoptiste - RPPS N\u00b0 : 10010249760 \n \n \nArticle 2 : Le pr\u00e9sent agr\u00e9ment est provisoire et ne devient d\u00e9finitif qu'\u00e0 l'expiration d'une \ndur\u00e9e d'un an \u00e0 compter de sa date de d\u00e9livrance le 15/11/2024. \n \nArticle 3 : Au cours de l'ann\u00e9e suivant la d\u00e9livrance de l'agr\u00e9ment provisoire, l'agence \nr\u00e9gionale de sant\u00e9 peut organiser une visite de conformit\u00e9, dont les r\u00e9sultats sont transmis au \ndirecteur de la caisse locale d'assurance maladie, en application du dernier alin\u00e9a de l'article \nL6323-1-11, III, du code de la sant\u00e9 publique, \n \nL'agr\u00e9ment est retir\u00e9 lorsque la visite r\u00e9v\u00e8le des non-conformit\u00e9s ou une incompatibilit\u00e9 de la \ngestion et de l'offre de soins du centre avec le projet r\u00e9gional de sant\u00e9. \n \nArticle 4: \n \nEn application de l'article D.6323-10 du code de la sant\u00e9 publique, toute modification \nsubstantielle du projet de sant\u00e9, notamment du r\u00e8glement de fonctionnement, le changement \nde l'organisme gestionnaire ou de son repr\u00e9sentant l\u00e9gal, la modification d'implantation \ng\u00e9ographique du centre ou de son ou ses antennes lorsqu'elles existent, la fermeture d'une \nantenne, la modification qualitative ou quantitative du plateau technique, notamment \nl'installation d'un ou de plusieurs fauteuils dentaires suppl\u00e9mentaires, ainsi que toute \nmodification susceptible d'avoir une incidence sur la politique men\u00e9e par le centre de sant\u00e9 en \nmati\u00e8re de qualit\u00e9 et de s\u00e9curit\u00e9 des soins, est port\u00e9e \u00e0 la connaissance du directeur g\u00e9n\u00e9ral \nde l'agence r\u00e9gionale de sant\u00e9 au plus tard dans les quinze jours par tout moyen conf\u00e9rant \ndate certaine \u00e0 sa r\u00e9ception. \n \n \n \n \nAgence r\u00e9gionale de sant\u00e9 PACA - 83-2024-11-15-00004 - agr\u00e9ment Jean Jaur\u00e8s 6\nPage 3/3 \n \n \n \n \nArticle 5: \n \nLe pr\u00e9sent arr\u00eat\u00e9 peut faire l'objet d'un recours contentieux devant le Tribunal Administratif \nterritorialement comp\u00e9tent dans un d\u00e9lai de deux mois \u00e0 compter de sa notification ou de sa \npublication pour les tiers. \n \nArticle 6:  \n \nLe Directeur de la d\u00e9l\u00e9gation d\u00e9partementale du Var de l'Agence R\u00e9gionale de Sant\u00e9 PACA \nest charg\u00e9 de l'ex\u00e9cution du pr\u00e9sent arr\u00eat\u00e9 qui sera publi\u00e9 au recueil des actes administratifs \nde la pr\u00e9fecture de r\u00e9gion Provence-Alpes-C\u00f4te d'Azur. \n \n         \nToulon, le 15/11/2024 \n \nPour le Directeur g\u00e9n\u00e9ral de l'ARS PACA, \nLe Directeur d\u00e9partemental du Var \n \n \n \n \n \n \n \n \nS\u00e9bastien Moni\u00e9 \nsign\u00e9 \nAgence r\u00e9gionale de sant\u00e9 PACA - 83-2024-11-15-00004 - agr\u00e9ment Jean Jaur\u00e8s 7\nAgence r\u00e9gionale de sant\u00e9 PACA\n83-2024-08-06-00007\nagr\u00e9ment klarity TOULON\nAgence r\u00e9gionale de sant\u00e9 PACA - 83-2024-08-06-00007 - agr\u00e9ment klarity TOULON 8\nREPUBLIQUEFRANCAISELibert\u00e9Egalit\u00e9Fraternit\u00e9\nAr@ D Agence R\u00e9gionale de Sant\u00e9Provence-AlpesC\u00f4te d'Azur\nPage 1/3 \n \n \n \n \n \n \n \n \n \n \n \n \nArr\u00eat\u00e9 portant agr\u00e9ment provisoire du centre de sant\u00e9 KLARITY TOULON \n(N\u00b0FINESS : 83 002 740 5) \n \nLe Directeur G\u00e9n\u00e9ral de l'Agence R\u00e9gionale de Sant\u00e9 Provence-Alpes-C\u00f4te \nd'Azur \n \n \n \nVu le code de la sant\u00e9 publique et notamment ses articles L.6323-1 \u00e0 L. 6323-1-15 et D.6323-\n1 \u00e0 D.6323-12 ; \n \nVu le code de la s\u00e9curit\u00e9 sociale ;  \n \nVu la loi n\u00b02023-378 du 19 mai 2023 visant \u00e0 am\u00e9liorer l'encadrement des centres de sant\u00e9 ; \n \nVu le d\u00e9cret n\u00b02010-336 du 31 mars 2010 portant cr\u00e9ation des agences r\u00e9gionales de sant\u00e9 ; \n \nVu le d\u00e9cret du 16 juillet 2024 portant nomination de Monsieur Yann BUBIEN en qualit\u00e9 de \ndirecteur g\u00e9n\u00e9ral de l'agence r\u00e9gionale de sant\u00e9 Provence-Alpes-C\u00f4te d'Azur \n \nVu l'arr\u00eat\u00e9 du 27 f\u00e9vrier 2018 relatif aux centres de sant\u00e9 ; \n \nVu l'arr\u00eat\u00e9 du 26 octobre 2023 du Directeur g\u00e9n\u00e9ral de l'agence r\u00e9gionale de sant\u00e9 portant \nadoption du Projet R\u00e9gional de Sant\u00e9 Provence-Alpes-C\u00f4te d'Azur 2023-2028 ; \n \nVu le dossier adress\u00e9 le 17/11/2023 par Madame Deborah Marcianogestionnaire du centre \nde sant\u00e9 KLARITY TOULON, sis, 18 rue Henri Seillon, 83000 Toulon, au Directeur g\u00e9n\u00e9ral de \nl'agence r\u00e9gionale de sant\u00e9 Provence-Alpes-C\u00f4te d'Azur, en vue de l'obtention d'un agr\u00e9ment \nprovisoire pour les activit\u00e9s dentaires/ophtalmologiques/orthoptiques exerc\u00e9es au sein de ce \ncentre ;  \n \n \nConsid\u00e9rant qu'en application de l'article L.6323-1-11 du code de la sant\u00e9 publique, les \ncentres de sant\u00e9 ou leurs antennes ayant une activit\u00e9 dentaire, ophtalmologique ou \northoptique sont soumis, \u00e0 l'agr\u00e9ment du directeur g\u00e9n\u00e9ral de l'agence r\u00e9gionale de sant\u00e9; \nqu'\u00e0 cet effet, le repr\u00e9sentant l\u00e9gal de l'organisme gestionnaire adresse au directeur g\u00e9n\u00e9ral \nde l'agence r\u00e9gionale de sant\u00e9 un dossier en vue de l'obtention de cet agr\u00e9ment ; \n \nConsid\u00e9rant que le dossier de demande d'agr\u00e9ment susvis\u00e9 remplit les objectifs de \nconformit\u00e9 notamment en termes de locaux, d'installations mat\u00e9rielles, d'organisation des \nsoins, d'exp\u00e9rience et de qualification du personnel et appara\u00eet compatible avec les objectifs \net les besoins d\u00e9finis dans le cadre du projet r\u00e9gional de sant\u00e9 ;  \n \n \n \nAgence r\u00e9gionale de sant\u00e9 PACA - 83-2024-08-06-00007 - agr\u00e9ment klarity TOULON 9\nPage 2/3 \n \n \nARR\u00caTE \n \n \n \n \n \nArticle 1er : Le centre de sant\u00e9 dont la raison sociale est KLARITY TOULON \n                   situ\u00e9 \u00e0 l'adresse suivante, 18 rue Henri Seillon, 83000 Toulon \n                   dont le num\u00e9ro FINESS ET est 83 002 740 5 \n                   et dont la structure juridique de l'organisme gestionnaire est ASSOCIATION OPHTA POUR TOUS  TOULON \n                   dont le si\u00e8ge social est situ\u00e9 \u00e0 18 rue Henri Seillon, 83000 Toulon, \n \n                   EST AGR\u00c9\u00c9 pour ses activit\u00e9s ophtalmologiques et orthoptiques. \n \nCet agr\u00e9ment vaut autorisation de dispenser des soins aux assur\u00e9s sociaux dans le centre ou \nl'antenne concern\u00e9e.  \n \nDans le cadre des activit\u00e9s ophtalmologiques et orthoptiques : \n \nLes professionnels de sant\u00e9 exer\u00e7ant au sein du centre de sant\u00e9 sont les suivants : \nDocteur Diana ANDRONIC \u2013 num\u00e9ro RPPS : 10108576439 \nDocteur Pierre WARY \u2013 num\u00e9ro RPPS : 10004981949 \nMadame Laura Berthier - num\u00e9ro ADELI : 839286218 \n \nLe recrutement de 2 ETP d'ophtalmologues est pr\u00e9vu \u00e0 compter du 1er septembre 2024. \nLe recrutement de 3 ETP d'orthoptistes est pr\u00e9vu \u00e0 compter du 1er septembre 2024. \n \nArticle 2 : Le pr\u00e9sent agr\u00e9ment est provisoire et ne devient d\u00e9finitif qu'\u00e0 l'expiration d'une \ndur\u00e9e d'un an \u00e0 compter du 06/08/2024. \n \nArticle 3 : Au cours de l'ann\u00e9e suivant la d\u00e9livrance de l'agr\u00e9ment provisoire, l'agence \nr\u00e9gionale de sant\u00e9 peut organiser une visite de conformit\u00e9, dont les r\u00e9sultats sont transmis au \ndirecteur de la caisse locale d'assurance maladie, en application du dernier alin\u00e9a de l'article \nL6323-1-11, III, du code de la sant\u00e9 publique, \n \nL'agr\u00e9ment est retir\u00e9 lorsque la visite r\u00e9v\u00e8le des non-conformit\u00e9s ou une incompatibilit\u00e9 de la \ngestion et de l'offre de soins du centre avec le projet r\u00e9gional de sant\u00e9. \n \nArticle 4: \n \nLe pr\u00e9sent arr\u00eat\u00e9 peut faire l'objet d'un recours contentieux devant le Tribunal Administratif \nterritorialement comp\u00e9tent dans un d\u00e9lai de deux mois \u00e0 compter de sa notification ou de sa \npublication pour les tiers. \n \nArticle 5:  \n \nLe Directeur de la d\u00e9l\u00e9gation d\u00e9partementale du Var de l'Agence R\u00e9gionale de Sant\u00e9 PACA \nest charg\u00e9 de l'ex\u00e9cution du pr\u00e9sent arr\u00eat\u00e9 qui sera publi\u00e9 au recueil des actes administratifs \nde la pr\u00e9fecture de r\u00e9gion Provence-Alpes-C\u00f4te d'Azur. \n \n \n \n \n \n \n \nAgence r\u00e9gionale de sant\u00e9 PACA - 83-2024-08-06-00007 - agr\u00e9ment klarity TOULON 10\nPage 3/3 \n \n \nToulon, le 06/08/2024 \n \nPour le Directeur g\u00e9n\u00e9ral de l'ARS PACA, \nLe Directeur d\u00e9partemental adjoint du Var \n \n \n \n \n \n \n \n \nNicolas Lampire \n        \nsign\u00e9 \nAgence r\u00e9gionale de sant\u00e9 PACA - 83-2024-08-06-00007 - agr\u00e9ment klarity TOULON 11\nAgence r\u00e9gionale de sant\u00e9 PACA\n83-2024-11-19-00005\nagr\u00e9ment mut fran\u00e7aise BRIGNOLES\nAgence r\u00e9gionale de sant\u00e9 PACA - 83-2024-11-19-00005 - agr\u00e9ment mut fran\u00e7aise BRIGNOLES 12\nREPUBLIQUEFRANCAISELibert\u00e9Egalit\u00e9Fraternit\u00e9\nAr@ D Agence R\u00e9gionale de Sant\u00e9Provence-AlpesC\u00f4te d'Azur\nPage 1/3 \n \n \n \n \n \n \n \n \n \n \n \n \nArr\u00eat\u00e9 portant agr\u00e9ment provisoire du centre de sant\u00e9 dentaire \nN\u00b0FINESS : 83 000 400 8 \n \nLe Directeur G\u00e9n\u00e9ral de l'Agence R\u00e9gionale de Sant\u00e9 Provence-Alpes-C\u00f4te \nd'Azur \n \n \n \nVu le code de la sant\u00e9 publique et notamment ses articles L.6323-1 \u00e0 L. 6323-1-15 et D.6323-\n1 \u00e0 D.6323-12 ; \n \nVu le code de la s\u00e9curit\u00e9 sociale ;  \n \nVu la loi n\u00b02023-378 du 19 mai 2023 visant \u00e0 am\u00e9liorer l'encadrement des centres de sant\u00e9 ; \n \nVu le d\u00e9cret n\u00b02010-336 du 31 mars 2010 portant cr\u00e9ation des agences r\u00e9gionales de sant\u00e9 ; \n \nVu le d\u00e9cret du 16 juillet 2024 portant nomination de Monsieur Yann BUBIEN en qualit\u00e9 de \ndirecteur g\u00e9n\u00e9ral de l'agence r\u00e9gionale de sant\u00e9 Provence-Alpes-C\u00f4te d'Azur \n \nVu l'arr\u00eat\u00e9 du 27 f\u00e9vrier 2018 relatif aux centres de sant\u00e9 ; \n \nVu l'arr\u00eat\u00e9 du 26 octobre 2023 du Directeur g\u00e9n\u00e9ral de l'agence r\u00e9gionale de sant\u00e9 portant \nadoption du Projet R\u00e9gional de Sant\u00e9 Provence-Alpes-C\u00f4te d'Azur 2023-2028 ; \n \nVu le dossier adress\u00e9 le 20/11/2023 par Monsieur Lionel LE GUEN, gestionnaire du centre \nde sant\u00e9 dentaire, sis, 101 Avenue des Gueules Rouges 83170 Brignoles, au Directeur \ng\u00e9n\u00e9ral de l'agence r\u00e9gionale de sant\u00e9 Provence-Alpes-C\u00f4te d'Azur, en vue de l'obtention \nd'un agr\u00e9ment provisoire pour les activit\u00e9s dentaires exerc\u00e9es au sein de ce centre ;  \n \n \nConsid\u00e9rant qu'en application de l'article L.6323-1-11 du code de la sant\u00e9 publique, les \ncentres de sant\u00e9 ou leurs antennes ayant une activit\u00e9 dentaire, ophtalmologique ou \northoptique sont soumis, \u00e0 l'agr\u00e9ment du directeur g\u00e9n\u00e9ral de l'agence r\u00e9gionale de sant\u00e9; \nqu'\u00e0 cet effet, le repr\u00e9sentant l\u00e9gal de l'organisme gestionnaire adresse au directeur g\u00e9n\u00e9ral \nde l'agence r\u00e9gionale de sant\u00e9 un dossier en vue de l'obtention de cet agr\u00e9ment ; \n \nConsid\u00e9rant que le dossier de demande d'agr\u00e9ment susvis\u00e9 remplit les objectifs de \nconformit\u00e9 notamment en termes de locaux, d'installations mat\u00e9rielles, d'organisation des \nsoins, d'exp\u00e9rience et de qualification du personnel et appara\u00eet compatible avec les objectifs \net les besoins d\u00e9finis dans le cadre du projet r\u00e9gional de sant\u00e9 ;  \n \n \n \n \nAgence r\u00e9gionale de sant\u00e9 PACA - 83-2024-11-19-00005 - agr\u00e9ment mut fran\u00e7aise BRIGNOLES 13\nPage 2/3 \n \n \nARR\u00caTE \n \n \nArticle 1er : Le centre de sant\u00e9 dont la raison sociale est centre de sant\u00e9 dentaire \n                   situ\u00e9 \u00e0 l'adresse suivante 101 Avenue des Gueules Rouges 83170 Brignoles \n                   dont le num\u00e9ro FINESS ET est 83 000 400 8 \n                   et dont la structure juridique de l'organisme gestionnaire est  Mutuelle \n                   dont le si\u00e8ge social est situ\u00e9 \u00e0 1581 avenue Paul Jullien 13100 Le Tholonet, \n \n                   EST AGR\u00c9\u00c9 pour ses activit\u00e9s dentaires. \n \nCet agr\u00e9ment vaut autorisation de dispenser des soins aux assur\u00e9s sociaux dans le centre ou \nl'antenne concern\u00e9e.  \n \nDans le cadre des activit\u00e9s dentaires :  \n \nLe centre dispose de 3 fauteuils dentaires. \n \nLes professionnels de sant\u00e9 exer\u00e7ant au sein du centre de sant\u00e9 sont les suivants : \n \nDocteur Nicolas GUILBAUD - Chirurgien-dentiste - RPPS N\u00b0 : 10100578466 \nDocteur Luc FRANCESCHINI - Chirurgien-dentiste - RPPS N\u00b0 : 10003562658 \nDocteur Caroline HENNINOT - Chirurgien-dentiste - RPPS N\u00b0 : 10100729341 \nDocteur Bruno CALMO - Chirurgien-dentiste - RPPS N\u00b0 : 10003678660 \n \nMadame Cathy FADEAU \u2013 Assistante dentaire qualifi\u00e9e - RPPS N\u00b0 : 10006825789 \nMadame Caroline JUANICO \u2013 Assistante dentaire qualifi\u00e9e - RPPS N\u00b0 : 10006828874 \nMadame C\u00e9cile VALETTE \u2013 Assistante dentaire qualifi\u00e9e - RPPS N\u00b0 : 10006830136 \nMadame Blandine MAUPIOU \u2013 Assistante dentaire qualifi\u00e9e - RPPS N\u00b0 :10006830136 \nMadame Marie-Laure TOINET \u2013 Assistante dentaire qualifi\u00e9e - RPPS N\u00b0 : 10109329770 \n \n \nArticle 2 : Le pr\u00e9sent agr\u00e9ment est provisoire et ne devient d\u00e9finitif qu'\u00e0 l'expiration d'une \ndur\u00e9e d'un an \u00e0 compter de sa date de d\u00e9livrance le 19/11/2024. \n \nArticle 3 : Au cours de l'ann\u00e9e suivant la d\u00e9livrance de l'agr\u00e9ment provisoire, l'agence \nr\u00e9gionale de sant\u00e9 peut organiser une visite de conformit\u00e9, dont les r\u00e9sultats sont transmis au \ndirecteur de la caisse locale d'assurance maladie, en application du dernier alin\u00e9a de l'article \nL6323-1-11, III, du code de la sant\u00e9 publique, \n \nL'agr\u00e9ment est retir\u00e9 lorsque la visite r\u00e9v\u00e8le des non-conformit\u00e9s ou une incompatibilit\u00e9 de la \ngestion et de l'offre de soins du centre avec le projet r\u00e9gional de sant\u00e9. \n \nArticle 4: \n \nEn application de l'article D.6323-10 du code de la sant\u00e9 publique, toute modification \nsubstantielle du projet de sant\u00e9, notamment du r\u00e8glement de fonctionnement, le changement \nde l'organisme gestionnaire ou de son repr\u00e9sentant l\u00e9gal, la modification d'implantation \ng\u00e9ographique du centre ou de son ou ses antennes lorsqu'elles existent, la fermeture d'une \nantenne, la modification qualitative ou quantitative du plateau technique, notamment \nl'installation d'un ou de plusieurs fauteuils dentaires suppl\u00e9mentaires, ainsi que toute \nmodification susceptible d'avoir une incidence sur la politique men\u00e9e par le centre de sant\u00e9 en \nmati\u00e8re de qualit\u00e9 et de s\u00e9curit\u00e9 des soins, est port\u00e9e \u00e0 la connaissance du directeur g\u00e9n\u00e9ral \nde l'agence r\u00e9gionale de sant\u00e9 au plus tard dans les quinze jours par tout moyen conf\u00e9rant \ndate certaine \u00e0 sa r\u00e9ception. \n \nAgence r\u00e9gionale de sant\u00e9 PACA - 83-2024-11-19-00005 - agr\u00e9ment mut fran\u00e7aise BRIGNOLES 14\nPage 3/3 \n \n \n \nArticle 5: \n \nLe pr\u00e9sent arr\u00eat\u00e9 peut faire l'objet d'un recours contentieux devant le Tribunal Administratif \nterritorialement comp\u00e9tent dans un d\u00e9lai de deux mois \u00e0 compter de sa notification ou de sa \npublication pour les tiers. \n \nArticle 6:  \n \nLe Directeur de la d\u00e9l\u00e9gation d\u00e9partementale du Var de l'Agence R\u00e9gionale de Sant\u00e9 PACA \nest charg\u00e9 de l'ex\u00e9cution du pr\u00e9sent arr\u00eat\u00e9 qui sera publi\u00e9 au recueil des actes administratifs \nde la pr\u00e9fecture de r\u00e9gion Provence-Alpes-C\u00f4te d'Azur. \n \n \n         \nToulon, le 19/11/2024 \n \nPour le Directeur g\u00e9n\u00e9ral de l'ARS PACA, \nLe Directeur d\u00e9partemental du Var \n \n \n \n \n \n \n \nS\u00e9bastien Moni\u00e9 \nsign\u00e9 \nAgence r\u00e9gionale de sant\u00e9 PACA - 83-2024-11-19-00005 - agr\u00e9ment mut fran\u00e7aise BRIGNOLES 15\nAgence r\u00e9gionale de sant\u00e9 PACA\n83-2024-11-19-00006\nagr\u00e9ment mut fran\u00e7aise DRAGUIGNAN\nAgence r\u00e9gionale de sant\u00e9 PACA - 83-2024-11-19-00006 - agr\u00e9ment mut fran\u00e7aise DRAGUIGNAN 16\nREPUBLIQUEFRANCAISELibert\u00e9Egalit\u00e9Fraternit\u00e9\nAr@ D Agence R\u00e9gionale de Sant\u00e9Provence-AlpesC\u00f4te d'Azur\nPage 1/3 \n \n \n \n \n \n \n \n \n \n \n \n \nArr\u00eat\u00e9 portant agr\u00e9ment provisoire du centre de sant\u00e9 dentaire \nN\u00b0FINESS : 83 002 116 8 \n \nLe Directeur G\u00e9n\u00e9ral de l'Agence R\u00e9gionale de Sant\u00e9 Provence-Alpes-C\u00f4te \nd'Azur \n \n \n \nVu le code de la sant\u00e9 publique et notamment ses articles L.6323-1 \u00e0 L. 6323-1-15 et D.6323-\n1 \u00e0 D.6323-12 ; \n \nVu le code de la s\u00e9curit\u00e9 sociale ;  \n \nVu la loi n\u00b02023-378 du 19 mai 2023 visant \u00e0 am\u00e9liorer l'encadrement des centres de sant\u00e9 ; \n \nVu le d\u00e9cret n\u00b02010-336 du 31 mars 2010 portant cr\u00e9ation des agences r\u00e9gionales de sant\u00e9 ; \n \nVu le d\u00e9cret du 16 juillet 2024 portant nomination de Monsieur Yann BUBIEN en qualit\u00e9 de \ndirecteur g\u00e9n\u00e9ral de l'agence r\u00e9gionale de sant\u00e9 Provence-Alpes-C\u00f4te d'Azur \n \nVu l'arr\u00eat\u00e9 du 27 f\u00e9vrier 2018 relatif aux centres de sant\u00e9 ; \n \nVu l'arr\u00eat\u00e9 du 26 octobre 2023 du Directeur g\u00e9n\u00e9ral de l'agence r\u00e9gionale de sant\u00e9 portant \nadoption du Projet R\u00e9gional de Sant\u00e9 Provence-Alpes-C\u00f4te d'Azur 2023-2028 ; \n \nVu le dossier adress\u00e9 le 13/11/2023 par Monsieur Lionel LE GUEN, gestionnaire du centre \nde sant\u00e9 dentaire, sis, 206 Rue Emile Zola 83330 Draguignan, au Directeur g\u00e9n\u00e9ral de \nl'agence r\u00e9gionale de sant\u00e9 Provence-Alpes-C\u00f4te d'Azur, en vue de l'obtention d'un agr\u00e9ment \nprovisoire pour les activit\u00e9s dentaires exerc\u00e9es au sein de ce centre ;  \n \n \nConsid\u00e9rant qu'en application de l'article L.6323-1-11 du code de la sant\u00e9 publique, les \ncentres de sant\u00e9 ou leurs antennes ayant une activit\u00e9 dentaire, ophtalmologique ou \northoptique sont soumis, \u00e0 l'agr\u00e9ment du directeur g\u00e9n\u00e9ral de l'agence r\u00e9gionale de sant\u00e9; \nqu'\u00e0 cet effet, le repr\u00e9sentant l\u00e9gal de l'organisme gestionnaire adresse au directeur g\u00e9n\u00e9ral \nde l'agence r\u00e9gionale de sant\u00e9 un dossier en vue de l'obtention de cet agr\u00e9ment ; \n \nConsid\u00e9rant que le dossier de demande d'agr\u00e9ment susvis\u00e9 remplit les objectifs de \nconformit\u00e9 notamment en termes de locaux, d'installations mat\u00e9rielles, d'organisation des \nsoins, d'exp\u00e9rience et de qualification du personnel et appara\u00eet compatible avec les objectifs \net les besoins d\u00e9finis dans le cadre du projet r\u00e9gional de sant\u00e9 ;  \n \n \n \n \nAgence r\u00e9gionale de sant\u00e9 PACA - 83-2024-11-19-00006 - agr\u00e9ment mut fran\u00e7aise DRAGUIGNAN 17\nPage 2/3 \n \n \nARR\u00caTE \n \n \nArticle 1er : Le centre de sant\u00e9 dont la raison sociale est centre de sant\u00e9 dentaire \n                   situ\u00e9 \u00e0 l'adresse suivante 206 Rue Emile Zola 83330 Draguignan \n                   dont le num\u00e9ro FINESS ET est 83 002 116 8 \n                   et dont la structure juridique de l'organisme gestionnaire est  Mutuelle \n                   dont le si\u00e8ge social est situ\u00e9 \u00e0 1581 avenue Paul Jullien 13100 Le Tholonet, \n \n                   EST AGR\u00c9\u00c9 pour ses activit\u00e9s dentaires. \n \nCet agr\u00e9ment vaut autorisation de dispenser des soins aux assur\u00e9s sociaux dans le centre ou \nl'antenne concern\u00e9e.  \n \nDans le cadre des activit\u00e9s dentaires :  \n \nLe centre dispose de 3 fauteuils dentaires dont 1 d\u00e9di\u00e9 \u00e0 l'implantologie. \n \nLes professionnels de sant\u00e9 exer\u00e7ant au sein du centre de sant\u00e9 sont les suivants : \n \nDocteur Lionel AMEN - Chirurgien-dentiste - RPPS N\u00b0 : 10003537668 \nDocteur Radostin ATANASOV - Chirurgien-dentiste - RPPS N\u00b0 : 10109372002 \n \nMadame C\u00e9cile FARAUT \u2013 Assistante dentaire qualifi\u00e9e - RPPS N\u00b0 : 10110001764 \nMadame St\u00e9phanie GARRO \u2013 Assistante dentaire qualifi\u00e9e - RPPS N\u00b0 : 10109622380 \n \n \nArticle 2 : Le pr\u00e9sent agr\u00e9ment est provisoire et ne devient d\u00e9finitif qu'\u00e0 l'expiration d'une \ndur\u00e9e d'un an \u00e0 compter de sa date de d\u00e9livrance le 19/11/2024. \n \nArticle 3 : Au cours de l'ann\u00e9e suivant la d\u00e9livrance de l'agr\u00e9ment provisoire, l'agence \nr\u00e9gionale de sant\u00e9 peut organiser une visite de conformit\u00e9, dont les r\u00e9sultats sont transmis au \ndirecteur de la caisse locale d'assurance maladie, en application du dernier alin\u00e9a de l'article \nL6323-1-11, III, du code de la sant\u00e9 publique, \n \nL'agr\u00e9ment est retir\u00e9 lorsque la visite r\u00e9v\u00e8le des non-conformit\u00e9s ou une incompatibilit\u00e9 de la \ngestion et de l'offre de soins du centre avec le projet r\u00e9gional de sant\u00e9. \n \nArticle 4: \n \nEn application de l'article D.6323-10 du code de la sant\u00e9 publique, toute modification \nsubstantielle du projet de sant\u00e9, notamment du r\u00e8glement de fonctionnement, le changement \nde l'organisme gestionnaire ou de son repr\u00e9sentant l\u00e9gal, la modification d'implantation \ng\u00e9ographique du centre ou de son ou ses antennes lorsqu'elles existent, la fermeture d'une \nantenne, la modification qualitative ou quantitative du plateau technique, notamment \nl'installation d'un ou de plusieurs fauteuils dentaires suppl\u00e9mentaires, ainsi que toute \nmodification susceptible d'avoir une incidence sur la politique men\u00e9e par le centre de sant\u00e9 en \nmati\u00e8re de qualit\u00e9 et de s\u00e9curit\u00e9 des soins, est port\u00e9e \u00e0 la connaissance du directeur g\u00e9n\u00e9ral \nde l'agence r\u00e9gionale de sant\u00e9 au plus tard dans les quinze jours par tout moyen conf\u00e9rant \ndate certaine \u00e0 sa r\u00e9ception. \n \n \n \n \n \n \nAgence r\u00e9gionale de sant\u00e9 PACA - 83-2024-11-19-00006 - agr\u00e9ment mut fran\u00e7aise DRAGUIGNAN 18\nPage 3/3 \n \n \nArticle 5: \n \nLe pr\u00e9sent arr\u00eat\u00e9 peut faire l'objet d'un recours contentieux devant le Tribunal Administratif \nterritorialement comp\u00e9tent dans un d\u00e9lai de deux mois \u00e0 compter de sa notification ou de sa \npublication pour les tiers. \n \nArticle 6:  \n \nLe Directeur de la d\u00e9l\u00e9gation d\u00e9partementale du Var de l'Agence R\u00e9gionale de Sant\u00e9 PACA \nest charg\u00e9 de l'ex\u00e9cution du pr\u00e9sent arr\u00eat\u00e9 qui sera publi\u00e9 au recueil des actes administratifs \nde la pr\u00e9fecture de r\u00e9gion Provence-Alpes-C\u00f4te d'Azur. \n \n         \nToulon, le 19/11/2024 \n \nPour le Directeur g\u00e9n\u00e9ral de l'ARS PACA, \nLe Directeur d\u00e9partemental du Var \n \n \n \n \n \n \n \n \nS\u00e9bastien Moni\u00e9 \nsign\u00e9 \nAgence r\u00e9gionale de sant\u00e9 PACA - 83-2024-11-19-00006 - agr\u00e9ment mut fran\u00e7aise DRAGUIGNAN 19\nAgence r\u00e9gionale de sant\u00e9 PACA\n83-2024-11-19-00007\nagr\u00e9ment mutualit\u00e9 fran\u00e7aise HYERES\nAgence r\u00e9gionale de sant\u00e9 PACA - 83-2024-11-19-00007 - agr\u00e9ment mutualit\u00e9 fran\u00e7aise HYERES 20\nREPUBLIQUEFRANCAISELibert\u00e9Egalit\u00e9Fraternit\u00e9\nAr@ D Agence R\u00e9gionale de Sant\u00e9Provence-AlpesC\u00f4te d'Azur\nPage 1/3 \n \n \n \n \n \n \n \n \n \n \n \n \nArr\u00eat\u00e9 portant agr\u00e9ment provisoire du centre de sant\u00e9 dentaire \nN\u00b0FINESS : 83 002 440 2 \n \nLe Directeur G\u00e9n\u00e9ral de l'Agence R\u00e9gionale de Sant\u00e9 Provence-Alpes-C\u00f4te \nd'Azur \n \n \n \nVu le code de la sant\u00e9 publique et notamment ses articles L.6323-1 \u00e0 L. 6323-1-15 et D.6323-\n1 \u00e0 D.6323-12 ; \n \nVu le code de la s\u00e9curit\u00e9 sociale ;  \n \nVu la loi n\u00b02023-378 du 19 mai 2023 visant \u00e0 am\u00e9liorer l'encadrement des centres de sant\u00e9 ; \n \nVu le d\u00e9cret n\u00b02010-336 du 31 mars 2010 portant cr\u00e9ation des agences r\u00e9gionales de sant\u00e9 ; \n \nVu le d\u00e9cret du 16 juillet 2024 portant nomination de Monsieur Yann BUBIEN en qualit\u00e9 de \ndirecteur g\u00e9n\u00e9ral de l'agence r\u00e9gionale de sant\u00e9 Provence-Alpes-C\u00f4te d'Azur \n \nVu l'arr\u00eat\u00e9 du 27 f\u00e9vrier 2018 relatif aux centres de sant\u00e9 ; \n \nVu l'arr\u00eat\u00e9 du 26 octobre 2023 du Directeur g\u00e9n\u00e9ral de l'agence r\u00e9gionale de sant\u00e9 portant \nadoption du Projet R\u00e9gional de Sant\u00e9 Provence-Alpes-C\u00f4te d'Azur 2023-2028 ; \n \nVu le dossier adress\u00e9 le 14/11/2023 par Monsieur Lionel LE GUEN, gestionnaire du centre \nde sant\u00e9 dentaire, sis, 18 Boulevard de Belgique 83400 Hy\u00e8res, au Directeur g\u00e9n\u00e9ral de \nl'agence r\u00e9gionale de sant\u00e9 Provence-Alpes-C\u00f4te d'Azur, en vue de l'obtention d'un agr\u00e9ment \nprovisoire pour les activit\u00e9s dentaires exerc\u00e9es au sein de ce centre ;  \n \n \nConsid\u00e9rant qu'en application de l'article L.6323-1-11 du code de la sant\u00e9 publique, les \ncentres de sant\u00e9 ou leurs antennes ayant une activit\u00e9 dentaire, ophtalmologique ou \northoptique sont soumis, \u00e0 l'agr\u00e9ment du directeur g\u00e9n\u00e9ral de l'agence r\u00e9gionale de sant\u00e9; \nqu'\u00e0 cet effet, le repr\u00e9sentant l\u00e9gal de l'organisme gestionnaire adresse au directeur g\u00e9n\u00e9ral \nde l'agence r\u00e9gionale de sant\u00e9 un dossier en vue de l'obtention de cet agr\u00e9ment ; \n \nConsid\u00e9rant que le dossier de demande d'agr\u00e9ment susvis\u00e9 remplit les objectifs de \nconformit\u00e9 notamment en termes de locaux, d'installations mat\u00e9rielles, d'organisation des \nsoins, d'exp\u00e9rience et de qualification du personnel et appara\u00eet compatible avec les objectifs \net les besoins d\u00e9finis dans le cadre du projet r\u00e9gional de sant\u00e9 ;  \n \n \n \n \nAgence r\u00e9gionale de sant\u00e9 PACA - 83-2024-11-19-00007 - agr\u00e9ment mutualit\u00e9 fran\u00e7aise HYERES 21\nPage 2/3 \n \n \nARR\u00caTE \n \n \nArticle 1er : Le centre de sant\u00e9 dont la raison sociale est centre de sant\u00e9 dentaire \n                   situ\u00e9 \u00e0 l'adresse suivante 18 Boulevard de Belgique 83400 Hy\u00e8res \n                   dont le num\u00e9ro FINESS ET est 83 002 440 2 \n                   et dont la structure juridique de l'organisme gestionnaire est  Mutuelle \n                   dont le si\u00e8ge social est situ\u00e9 \u00e0 1581 avenue Paul jullien 13100 Le Tholonet, \n \n                   EST AGR\u00c9\u00c9 pour ses activit\u00e9s dentaires. \n \nCet agr\u00e9ment vaut autorisation de dispenser des soins aux assur\u00e9s sociaux dans le centre ou \nl'antenne concern\u00e9e.  \n \nDans le cadre des activit\u00e9s dentaires :  \n \nLe centre dispose de 3 fauteuils dentaires dont 1 d\u00e9di\u00e9 \u00e0 l'implantologie. \n \nLes professionnels de sant\u00e9 exer\u00e7ant au sein du centre de sant\u00e9 sont les suivants : \n \nDocteur Michel NORAIS - Chirurgien-dentiste - RPPS N\u00b0 : 10000328079 \nDocteur Pierre BASTIDE - Chirurgien-dentiste - RPPS N\u00b0 : 10003640181 \nDocteur St\u00e9phane CAUCHOIS - Chirurgien-dentiste - RPPS N\u00b0 : 10101176575 \nDocteur Catherine LACABANNE - Chirurgien-dentiste - RPPS N\u00b0 : 10003603643 \n \nMadame Charlotte BIARD \u2013 Assistante dentaire qualifi\u00e9e - RPPS N\u00b0 : 10006817919 \nMadame Sylvie DESERVETAZ B\u0152UF \u2013 Assistante dentaire qualifi\u00e9e - RPPS N\u00b0 : 10006810476 \nMadame Marie TORRES \u2013 Assistante dentaire qualifi\u00e9e - RPPS N\u00b0 : 10006826845 \n \n \nArticle 2 : Le pr\u00e9sent agr\u00e9ment est provisoire et ne devient d\u00e9finitif qu'\u00e0 l'expiration d'une \ndur\u00e9e d'un an \u00e0 compter de sa date de d\u00e9livrance le 19/11/2024. \n \nArticle 3 : Au cours de l'ann\u00e9e suivant la d\u00e9livrance de l'agr\u00e9ment provisoire, l'agence \nr\u00e9gionale de sant\u00e9 peut organiser une visite de conformit\u00e9, dont les r\u00e9sultats sont transmis au \ndirecteur de la caisse locale d'assurance maladie, en application du dernier alin\u00e9a de l'article \nL6323-1-11, III, du code de la sant\u00e9 publique, \n \nL'agr\u00e9ment est retir\u00e9 lorsque la visite r\u00e9v\u00e8le des non-conformit\u00e9s ou une incompatibilit\u00e9 de la \ngestion et de l'offre de soins du centre avec le projet r\u00e9gional de sant\u00e9. \n \nArticle 4: \n \nEn application de l'article D.6323-10 du code de la sant\u00e9 publique, toute modification \nsubstantielle du projet de sant\u00e9, notamment du r\u00e8glement de fonctionnement, le changement \nde l'organisme gestionnaire ou de son repr\u00e9sentant l\u00e9gal, la modification d'implantation \ng\u00e9ographique du centre ou de son ou ses antennes lorsqu'elles existent, la fermeture d'une \nantenne, la modification qualitative ou quantitative du plateau technique, notamment \nl'installation d'un ou de plusieurs fauteuils dentaires suppl\u00e9mentaires, ainsi que toute \nmodification susceptible d'avoir une incidence sur la politique men\u00e9e par le centre de sant\u00e9 en \nmati\u00e8re de qualit\u00e9 et de s\u00e9curit\u00e9 des soins, est port\u00e9e \u00e0 la connaissance du directeur g\u00e9n\u00e9ral \nde l'agence r\u00e9gionale de sant\u00e9 au plus tard dans les quinze jours par tout moyen conf\u00e9rant \ndate certaine \u00e0 sa r\u00e9ception. \n \n \n \nAgence r\u00e9gionale de sant\u00e9 PACA - 83-2024-11-19-00007 - agr\u00e9ment mutualit\u00e9 fran\u00e7aise HYERES 22\nPage 3/3 \n \n \n \n \n \nArticle 5: \n \nLe pr\u00e9sent arr\u00eat\u00e9 peut faire l'objet d'un recours contentieux devant le Tribunal Administratif \nterritorialement comp\u00e9tent dans un d\u00e9lai de deux mois \u00e0 compter de sa notification ou de sa \npublication pour les tiers. \n \nArticle 6:  \n \nLe Directeur de la d\u00e9l\u00e9gation d\u00e9partementale du Var de l'Agence R\u00e9gionale de Sant\u00e9 PACA \nest charg\u00e9 de l'ex\u00e9cution du pr\u00e9sent arr\u00eat\u00e9 qui sera publi\u00e9 au recueil des actes administratifs \nde la pr\u00e9fecture de r\u00e9gion Provence-Alpes-C\u00f4te d'Azur. \n \n         \nToulon, le 19/11/2024 \n \nPour le Directeur g\u00e9n\u00e9ral de l'ARS PACA, \nLe Directeur d\u00e9partemental du Var \n \n \n \n \n \n \n \nS\u00e9bastien Moni\u00e9 \nsign\u00e9 \nAgence r\u00e9gionale de sant\u00e9 PACA - 83-2024-11-19-00007 - agr\u00e9ment mutualit\u00e9 fran\u00e7aise HYERES 23\nAgence r\u00e9gionale de sant\u00e9 PACA\n83-2024-11-21-00014\nagr\u00e9ment mutualit\u00e9 fran\u00e7aise LE LUC\nAgence r\u00e9gionale de sant\u00e9 PACA - 83-2024-11-21-00014 - agr\u00e9ment mutualit\u00e9 fran\u00e7aise LE LUC 24\nREPUBLIQUEFRANCAISELibert\u00e9Egalit\u00e9Fraternit\u00e9\nAr@ D Agence R\u00e9gionale de Sant\u00e9Provence-AlpesC\u00f4te d'Azur\nPage 1/3 \n \n \n \n \n \n \n \n \n \n \n \n \nArr\u00eat\u00e9 portant agr\u00e9ment provisoire du centre de sant\u00e9 dentaire  \nN\u00b0FINESS : 83 020 811 2 \n \nLe Directeur G\u00e9n\u00e9ral de l'Agence R\u00e9gionale de Sant\u00e9 Provence-Alpes-C\u00f4te \nd'Azur \n \n \n \nVu le code de la sant\u00e9 publique et notamment ses articles L.6323-1 \u00e0 L. 6323-1-15 et D.6323-\n1 \u00e0 D.6323-12 ; \n \nVu le code de la s\u00e9curit\u00e9 sociale ;  \n \nVu la loi n\u00b02023-378 du 19 mai 2023 visant \u00e0 am\u00e9liorer l'encadrement des centres de sant\u00e9 ; \n \nVu le d\u00e9cret n\u00b02010-336 du 31 mars 2010 portant cr\u00e9ation des agences r\u00e9gionales de sant\u00e9 ; \n \nVu le d\u00e9cret du 16 juillet 2024 portant nomination de Monsieur Yann BUBIEN en qualit\u00e9 de \ndirecteur g\u00e9n\u00e9ral de l'agence r\u00e9gionale de sant\u00e9 Provence-Alpes-C\u00f4te d'Azur \n \nVu l'arr\u00eat\u00e9 du 27 f\u00e9vrier 2018 relatif aux centres de sant\u00e9 ; \n \nVu l'arr\u00eat\u00e9 du 26 octobre 2023 du Directeur g\u00e9n\u00e9ral de l'agence r\u00e9gionale de sant\u00e9 portant \nadoption du Projet R\u00e9gional de Sant\u00e9 Provence-Alpes-C\u00f4te d'Azur 2023-2028 ; \n \nVu le dossier adress\u00e9 le 20/11/2023 par Madame Val\u00e9rie MASSENET, gestionnaire du centre \nde sant\u00e9 dentaire, sis, 38 bis rue Lamartine, 83340 Le Luc en Provence, au Directeur g\u00e9n\u00e9ral \nde l'agence r\u00e9gionale de sant\u00e9 Provence-Alpes-C\u00f4te d'Azur, en vue de l'obtention d'un \nagr\u00e9ment provisoire pour les activit\u00e9s dentaires exerc\u00e9es au sein de ce centre ;  \n \n \nConsid\u00e9rant qu'en application de l'article L.6323-1-11 du code de la sant\u00e9 publique, les centres \nde sant\u00e9 ou leurs antennes ayant une activit\u00e9 dentaire, ophtalmologique ou orthoptique sont \nsoumis, \u00e0 l'agr\u00e9ment du directeur g\u00e9n\u00e9ral de l'agence r\u00e9gionale de sant\u00e9; qu'\u00e0 cet effet, le \nrepr\u00e9sentant l\u00e9gal de l'organisme gestionnaire adresse au directeur g\u00e9n\u00e9ral de l'agence \nr\u00e9gionale de sant\u00e9 un dossier en vue de l'obtention de cet agr\u00e9ment ; \n \nConsid\u00e9rant que le dossier de demande d'agr\u00e9ment susvis\u00e9 remplit les objectifs de conformit\u00e9 \nnotamment en termes de locaux, d'installations mat\u00e9rielles, d'organisation des soins, \nd'exp\u00e9rience et de qualification du personnel et appara\u00eet compatible avec les objectifs et les \nbesoins d\u00e9finis dans le cadre du projet r\u00e9gional de sant\u00e9 ;  \n \n \n \n \nAgence r\u00e9gionale de sant\u00e9 PACA - 83-2024-11-21-00014 - agr\u00e9ment mutualit\u00e9 fran\u00e7aise LE LUC 25\nPage 2/3 \n \n \nARR\u00caTE \n \n \nArticle 1er : Le centre de sant\u00e9 dont la raison sociale est Centre de sant\u00e9 dentaire \n                   situ\u00e9 \u00e0 l'adresse suivante 38 bis rue Lamartine, 83340 Le Luc en Provence \n                   dont le num\u00e9ro FINESS ET  est 83 020 811 2 \n                   et dont la structure juridique de l'organisme gestionnaire est  Mutuelle de France \n                   dont le si\u00e8ge social est situ\u00e9 \u00e0 203 Chemin de Faveyrolles 83190 Ollioules \n \n                   EST AGR\u00c9\u00c9 pour ses activit\u00e9s dentaires. \n \nCet agr\u00e9ment vaut autorisation de dispenser des soins aux assur\u00e9s sociaux dans le centre ou \nl'antenne concern\u00e9e.  \n \nDans le cadre des activit\u00e9s dentaires :  \n \nLe centre dispose de 4 fauteuils dentaires dont 1 d\u00e9di\u00e9 \u00e0 l'implantologie. \n \nLes professionnels de sant\u00e9 exer\u00e7ant au sein du centre de sant\u00e9 sont les suivants : \n \nDocteur Alexandra DERYDE- Chirurgien-dentiste - RPPS N\u00b0 : 10006816648 \nDocteur Jean Bernard JULLIEN - Chirurgien-dentiste - RPPS N\u00b0 : 10001386563 \nDocteur Naim ALLAOUI - Chirurgien-dentiste - RPPS N\u00b0 : 10101386679 \nDocteur Dan MORYOUSEF - Chirurgien-dentiste - RPPS N\u00b0 : 10001426336 \nDocteur Olivier SPANO - Chirurgien-dentiste - RPPS N\u00b0 : 10003592465 \n \nMadame Patricia AUTRAN - Assistante dentaire qualifi\u00e9e - RPPS N\u00b0 :10006816648 \nMadame St\u00e9phanie FONSECA - Assistante dentaire qualifi\u00e9e - RPPS N\u00b0 :10006816614 \nMadame Coralie JENISSET - Assistante dentaire qualifi\u00e9e - RPPS N\u00b0 :10006816630 \nMadame St\u00e9phanie ROUGER - Assistante dentaire qualifi\u00e9e - RPPS N\u00b0 :10006816622 \n \n \nArticle 2 : Le pr\u00e9sent agr\u00e9ment est provisoire et ne devient d\u00e9finitif qu'\u00e0 l'expiration d'une dur\u00e9e \nd'un an \u00e0 compter de sa date de d\u00e9livrance le 21/11/2024. \n \nArticle 3 : Au cours de l'ann\u00e9e suivant la d\u00e9livrance de l'agr\u00e9ment provisoire, l'agence r\u00e9gionale \nde sant\u00e9 peut organiser une visite de conformit\u00e9, dont les r\u00e9sultats sont transmis au directeur \nde la caisse locale d'assurance maladie, en application du dernier alin\u00e9a de l'article L6323-1-\n11, III, du code de la sant\u00e9 publique, \n \nL'agr\u00e9ment est retir\u00e9 lorsque la visite r\u00e9v\u00e8le des non-conformit\u00e9s ou une incompatibilit\u00e9 de la \ngestion et de l'offre de soins du centre avec le projet r\u00e9gional de sant\u00e9. \n \nArticle 4: \n \nEn application de l'article D.6323-10 du code de la sant\u00e9 publique, toute modification \nsubstantielle du projet de sant\u00e9, notamment du r\u00e8glement de fonctionnement, le changement \nde l'organisme gestionnaire ou de son repr\u00e9sentant l\u00e9gal, la modification d'implantation \ng\u00e9ographique du centre ou de son ou ses antennes lorsqu'elles existent, la fermeture d'une \nantenne, la modification qualitative ou quantitative du plateau technique, notamment \nl'installation d'un ou de plusieurs fauteuils dentaires suppl\u00e9mentaires, ainsi que toute \nmodification susceptible d'avoir une incidence sur la politique men\u00e9e par le centre de sant\u00e9 en \nmati\u00e8re de qualit\u00e9 et de s\u00e9curit\u00e9 des soins, est port\u00e9e \u00e0 la connaissance du directeur g\u00e9n\u00e9ral \nde l'agence r\u00e9gionale de sant\u00e9 au plus tard dans les quinze jours par tout moyen conf\u00e9rant date \ncertaine \u00e0 sa r\u00e9ception. \n \nAgence r\u00e9gionale de sant\u00e9 PACA - 83-2024-11-21-00014 - agr\u00e9ment mutualit\u00e9 fran\u00e7aise LE LUC 26\nPage 3/3 \n \n \n \nArticle 5: \n \nLe pr\u00e9sent arr\u00eat\u00e9 peut faire l'objet d'un recours contentieux devant le Tribunal Administratif \nterritorialement comp\u00e9tent dans un d\u00e9lai de deux mois \u00e0 compter de sa notification ou de sa \npublication pour les tiers. \n \nArticle 6:  \n \nLe Directeur de la d\u00e9l\u00e9gation d\u00e9partementale du Var de l'Agence R\u00e9gionale de Sant\u00e9 PACA est \ncharg\u00e9 de l'ex\u00e9cution du pr\u00e9sent arr\u00eat\u00e9 qui sera publi\u00e9 au recueil des actes administratifs de la \npr\u00e9fecture de r\u00e9gion Provence-Alpes-C\u00f4te d'Azur. \n \n         \nToulon, le 21/11/2024 \n \nPour le Directeur g\u00e9n\u00e9ral de l'ARS PACA, \nLe Directeur d\u00e9partemental du Var \n \n \n \n \n \n \n \nS\u00e9bastien Moni\u00e9 \nsign\u00e9 \nAgence r\u00e9gionale de sant\u00e9 PACA - 83-2024-11-21-00014 - agr\u00e9ment mutualit\u00e9 fran\u00e7aise LE LUC 27\nAgence r\u00e9gionale de sant\u00e9 PACA\n83-2024-11-19-00009\nagr\u00e9ment mutualit\u00e9 fran\u00e7aise St RAPHAEL\nAgence r\u00e9gionale de sant\u00e9 PACA - 83-2024-11-19-00009 - agr\u00e9ment mutualit\u00e9 fran\u00e7aise St RAPHAEL 28\nREPUBLIQUEFRANCAISELibert\u00e9Egalit\u00e9Fraternit\u00e9\nAr@ D Agence R\u00e9gionale de Sant\u00e9Provence-AlpesC\u00f4te d'Azur\nPage 1/3 \n \n \n \n \n \n \n \n \n \n \n \n \nArr\u00eat\u00e9 portant agr\u00e9ment provisoire du centre de sant\u00e9 dentaire \nN\u00b0FINESS : 83 021 390 6 \n \nLe Directeur G\u00e9n\u00e9ral de l'Agence R\u00e9gionale de Sant\u00e9 Provence-Alpes-C\u00f4te \nd'Azur \n \n \n \nVu le code de la sant\u00e9 publique et notamment ses articles L.6323-1 \u00e0 L. 6323-1-15 et D.6323-\n1 \u00e0 D.6323-12 ; \n \nVu le code de la s\u00e9curit\u00e9 sociale ;  \n \nVu la loi n\u00b02023-378 du 19 mai 2023 visant \u00e0 am\u00e9liorer l'encadrement des centres de sant\u00e9 ; \n \nVu le d\u00e9cret n\u00b02010-336 du 31 mars 2010 portant cr\u00e9ation des agences r\u00e9gionales de sant\u00e9 ; \n \nVu le d\u00e9cret du 16 juillet 2024 portant nomination de Monsieur Yann BUBIEN en qualit\u00e9 de \ndirecteur g\u00e9n\u00e9ral de l'agence r\u00e9gionale de sant\u00e9 Provence-Alpes-C\u00f4te d'Azur \n \nVu l'arr\u00eat\u00e9 du 27 f\u00e9vrier 2018 relatif aux centres de sant\u00e9 ; \n \nVu l'arr\u00eat\u00e9 du 26 octobre 2023 du Directeur g\u00e9n\u00e9ral de l'agence r\u00e9gionale de sant\u00e9 portant \nadoption du Projet R\u00e9gional de Sant\u00e9 Provence-Alpes-C\u00f4te d'Azur 2023-2028 ; \n \nVu le dossier adress\u00e9 le 14/11/2023 par Monsieur Lionel LE GUEN, gestionnaire du centre \nde sant\u00e9 dentaire, sis, Epsilon III, Bat. 8 \u2013 57 Avenue Archim\u00e8de 83700 Saint Rapha\u00ebl, au \nDirecteur g\u00e9n\u00e9ral de l'agence r\u00e9gionale de sant\u00e9 Provence-Alpes-C\u00f4te d'Azur, en vue de \nl'obtention d'un agr\u00e9ment provisoire pour les activit\u00e9s dentaires exerc\u00e9es au sein de ce \ncentre ;  \n \n \nConsid\u00e9rant qu'en application de l'article L.6323-1-11 du code de la sant\u00e9 publique, les \ncentres de sant\u00e9 ou leurs antennes ayant une activit\u00e9 dentaire, ophtalmologique ou \northoptique sont soumis, \u00e0 l'agr\u00e9ment du directeur g\u00e9n\u00e9ral de l'agence r\u00e9gionale de sant\u00e9; \nqu'\u00e0 cet effet, le repr\u00e9sentant l\u00e9gal de l'organisme gestionnaire adresse au directeur g\u00e9n\u00e9ral \nde l'agence r\u00e9gionale de sant\u00e9 un dossier en vue de l'obtention de cet agr\u00e9ment ; \n \nConsid\u00e9rant que le dossier de demande d'agr\u00e9ment susvis\u00e9 remplit les objectifs de \nconformit\u00e9 notamment en termes de locaux, d'installations mat\u00e9rielles, d'organisation des \nsoins, d'exp\u00e9rience et de qualification du personnel et appara\u00eet compatible avec les objectifs \net les besoins d\u00e9finis dans le cadre du projet r\u00e9gional de sant\u00e9 ;  \n \n \n \nAgence r\u00e9gionale de sant\u00e9 PACA - 83-2024-11-19-00009 - agr\u00e9ment mutualit\u00e9 fran\u00e7aise St RAPHAEL 29\nPage 2/3 \n \n \n \nARR\u00caTE \n \n \nArticle 1er : Le centre de sant\u00e9 dont la raison sociale est centre de sant\u00e9 dentaire \n                   situ\u00e9 \u00e0 l'adresse suivante Epsilon III, Bat. 8, 57 Avenue Archim\u00e8de 83700 Saint Rapha\u00ebl \n                   dont le num\u00e9ro FINESS ET est 83 021 390 6 \n                   et dont la structure juridique de l'organisme gestionnaire est  Mutuelle \n                   dont le si\u00e8ge social est situ\u00e9 \u00e0 1581 avenue Paul Jullien 13100 Le Tholonet, \n \n                   EST AGR\u00c9\u00c9 pour ses activit\u00e9s dentaires. \n \nCet agr\u00e9ment vaut autorisation de dispenser des soins aux assur\u00e9s sociaux dans le centre ou \nl'antenne concern\u00e9e.  \n \nDans le cadre des activit\u00e9s dentaires :  \n \nLe centre dispose de 5 fauteuils dentaires dont 1 d\u00e9di\u00e9 \u00e0 l'implantologie. \n \nLes professionnels de sant\u00e9 exer\u00e7ant au sein du centre de sant\u00e9 sont les suivants : \n \nDocteur Luc FRANCESCHINI - Chirurgien-dentiste - RPPS N\u00b0 : 10003562658 \nDocteur Emmanuelle SIMMAT - Chirurgien-dentiste - RPPS N\u00b0 :10000920297 \nDocteur Khedidja BENHENDA - Chirurgien-dentiste - RPPS N\u00b0 :10000586783 \nDocteur Joelle ZITOUN - Chirurgien-dentiste - RPPS N\u00b0 :10001359016 \n \nMadame Nathalie BEAULIEU \u2013 Assistante dentaire qualifi\u00e9e - RPPS N\u00b0 :10006302615 \nMadame Brigitte HERNANDEZ \u2013 Assistante dentaire qualifi\u00e9e - RPPS N\u00b0 :10006823362 \nMadame C\u00e9cile BENEDETTO \u2013 Assistante dentaire qualifi\u00e9e - RPPS N\u00b0 :10109813278 \nMadame Blandine MAUPIOU \u2013 Assistante dentaire qualifi\u00e9e - RPPS N\u00b0 :10006830136 \nMadame Marie-France BUSON \u2013 Assistante dentaire qualifi\u00e9e - RPPS N\u00b0 :10006830482 \nMadame Marion DESVIGNES \u2013 Assistante dentaire qualifi\u00e9e - RPPS N\u00b0 :10006830474 \n \n \nArticle 2 : Le pr\u00e9sent agr\u00e9ment est provisoire et ne devient d\u00e9finitif qu'\u00e0 l'expiration d'une \ndur\u00e9e d'un an \u00e0 compter de sa date de d\u00e9livrance le 19/11/2024. \n \nArticle 3 : Au cours de l'ann\u00e9e suivant la d\u00e9livrance de l'agr\u00e9ment provisoire, l'agence \nr\u00e9gionale de sant\u00e9 peut organiser une visite de conformit\u00e9, dont les r\u00e9sultats sont transmis au \ndirecteur de la caisse locale d'assurance maladie, en application du dernier alin\u00e9a de l'article \nL6323-1-11, III, du code de la sant\u00e9 publique, \n \nL'agr\u00e9ment est retir\u00e9 lorsque la visite r\u00e9v\u00e8le des non-conformit\u00e9s ou une incompatibilit\u00e9 de la \ngestion et de l'offre de soins du centre avec le projet r\u00e9gional de sant\u00e9. \n \nArticle 4: \n \nEn application de l'article D.6323-10 du code de la sant\u00e9 publique, toute modification \nsubstantielle du projet de sant\u00e9, notamment du r\u00e8glement de fonctionnement, le changement \nde l'organisme gestionnaire ou de son repr\u00e9sentant l\u00e9gal, la modification d'implantation \ng\u00e9ographique du centre ou de son ou ses antennes lorsqu'elles existent, la fermeture d'une \nantenne, la modification qualitative ou quantitative du plateau technique, notamment \nl'installation d'un ou de plusieurs fauteuils dentaires suppl\u00e9mentaires, ainsi que toute \nmodification susceptible d'avoir une incidence sur la politique men\u00e9e par le centre de sant\u00e9 en \nmati\u00e8re de qualit\u00e9 et de s\u00e9curit\u00e9 des soins, est port\u00e9e \u00e0 la connaissance du directeur g\u00e9n\u00e9ral \nAgence r\u00e9gionale de sant\u00e9 PACA - 83-2024-11-19-00009 - agr\u00e9ment mutualit\u00e9 fran\u00e7aise St RAPHAEL 30\nPage 3/3 \n \n \nde l'agence r\u00e9gionale de sant\u00e9 au plus tard dans les quinze jours par tout moyen conf\u00e9rant \ndate certaine \u00e0 sa r\u00e9ception. \n \n \nArticle 5: \n \nLe pr\u00e9sent arr\u00eat\u00e9 peut faire l'objet d'un recours contentieux devant le Tribunal Administratif \nterritorialement comp\u00e9tent dans un d\u00e9lai de deux mois \u00e0 compter de sa notification ou de sa \npublication pour les tiers. \n \nArticle 6:  \n \nLe Directeur de la d\u00e9l\u00e9gation d\u00e9partementale du Var de l'Agence R\u00e9gionale de Sant\u00e9 PACA \nest charg\u00e9 de l'ex\u00e9cution du pr\u00e9sent arr\u00eat\u00e9 qui sera publi\u00e9 au recueil des actes administratifs \nde la pr\u00e9fecture de r\u00e9gion Provence-Alpes-C\u00f4te d'Azur. \n \n \n         \nToulon, le 19/11/2024 \n \nPour le Directeur g\u00e9n\u00e9ral de l'ARS PACA, \nLe Directeur d\u00e9partemental du Var \n \n \n \n \n \n \n \nS\u00e9bastien Moni\u00e9 \nsign\u00e9 \nAgence r\u00e9gionale de sant\u00e9 PACA - 83-2024-11-19-00009 - agr\u00e9ment mutualit\u00e9 fran\u00e7aise St RAPHAEL 31\nAgence r\u00e9gionale de sant\u00e9 PACA\n83-2024-11-21-00015\nagr\u00e9ment mutualit\u00e9 fran\u00e7aise TOULON\nAgence r\u00e9gionale de sant\u00e9 PACA - 83-2024-11-21-00015 - agr\u00e9ment mutualit\u00e9 fran\u00e7aise TOULON 32\nREPUBLIQUEFRANCAISELibert\u00e9Egalit\u00e9Fraternit\u00e9\nAr@ D Agence R\u00e9gionale de Sant\u00e9Provence-AlpesC\u00f4te d'Azur\nPage 1/3 \n \n \n \n \n \n \n \n \n \n \n \n \nArr\u00eat\u00e9 portant agr\u00e9ment provisoire du centre de sant\u00e9 dentaire  \nN\u00b0FINESS : 83 021 446 6 \n \nLe Directeur G\u00e9n\u00e9ral de l'Agence R\u00e9gionale de Sant\u00e9 Provence-Alpes-C\u00f4te \nd'Azur \n \n \n \nVu le code de la sant\u00e9 publique et notamment ses articles L.6323-1 \u00e0 L. 6323-1-15 et D.6323-\n1 \u00e0 D.6323-12 ; \n \nVu le code de la s\u00e9curit\u00e9 sociale ;  \n \nVu la loi n\u00b02023-378 du 19 mai 2023 visant \u00e0 am\u00e9liorer l'encadrement des centres de sant\u00e9 ; \n \nVu le d\u00e9cret n\u00b02010-336 du 31 mars 2010 portant cr\u00e9ation des agences r\u00e9gionales de sant\u00e9 ; \n \nVu le d\u00e9cret du 16 juillet 2024 portant nomination de Monsieur Yann BUBIEN en qualit\u00e9 de \ndirecteur g\u00e9n\u00e9ral de l'agence r\u00e9gionale de sant\u00e9 Provence-Alpes-C\u00f4te d'Azur \n \nVu l'arr\u00eat\u00e9 du 27 f\u00e9vrier 2018 relatif aux centres de sant\u00e9 ; \n \nVu l'arr\u00eat\u00e9 du 26 octobre 2023 du Directeur g\u00e9n\u00e9ral de l'agence r\u00e9gionale de sant\u00e9 portant \nadoption du Projet R\u00e9gional de Sant\u00e9 Provence-Alpes-C\u00f4te d'Azur 2023-2028 ; \n \nVu le dossier adress\u00e9 le 20/11/2023 par Madame Val\u00e9rie MASSENET, gestionnaire du centre \nde sant\u00e9 dentaire, sis, 38 avenue Philippe Lebon \u2013 31 avenue Marcel Casti\u00e9 83000 Toulon, au \nDirecteur g\u00e9n\u00e9ral de l'agence r\u00e9gionale de sant\u00e9 Provence-Alpes-C\u00f4te d'Azur, en vue de \nl'obtention d'un agr\u00e9ment provisoire pour les activit\u00e9s dentaires exerc\u00e9es au sein de ce centre ;  \n \n \nConsid\u00e9rant qu'en application de l'article L.6323-1-11 du code de la sant\u00e9 publique, les centres \nde sant\u00e9 ou leurs antennes ayant une activit\u00e9 dentaire, ophtalmologique ou orthoptique sont \nsoumis, \u00e0 l'agr\u00e9ment du directeur g\u00e9n\u00e9ral de l'agence r\u00e9gionale de sant\u00e9; qu'\u00e0 cet effet, le \nrepr\u00e9sentant l\u00e9gal de l'organisme gestionnaire adresse au directeur g\u00e9n\u00e9ral de l'agence \nr\u00e9gionale de sant\u00e9 un dossier en vue de l'obtention de cet agr\u00e9ment ; \n \nConsid\u00e9rant que le dossier de demande d'agr\u00e9ment susvis\u00e9 remplit les objectifs de conformit\u00e9 \nnotamment en termes de locaux, d'installations mat\u00e9rielles, d'organisation des soins, \nd'exp\u00e9rience et de qualification du personnel et appara\u00eet compatible avec les objectifs et les \nbesoins d\u00e9finis dans le cadre du projet r\u00e9gional de sant\u00e9 ;  \n \n \n \n \nAgence r\u00e9gionale de sant\u00e9 PACA - 83-2024-11-21-00015 - agr\u00e9ment mutualit\u00e9 fran\u00e7aise TOULON 33\nPage 2/3 \n \n \nARR\u00caTE \n \n \nArticle 1er : Le centre de sant\u00e9 dont la raison sociale est Centre de sant\u00e9 dentaire \n                   situ\u00e9 \u00e0 l'adresse suivante 38 avenue Philippe Lebon - 31 avenue Marcel Casti\u00e9 83000 Toulon \n                   dont le num\u00e9ro FINESS ET  est 83 021 446 6 \n                   et dont la structure juridique de l'organisme gestionnaire est  Mutuelle \n                   dont le si\u00e8ge social est situ\u00e9 \u00e0 203 Chemin de Faveyrolles 83190 Ollioules \n \n                   EST AGR\u00c9\u00c9 pour ses activit\u00e9s dentaires. \n \nCet agr\u00e9ment vaut autorisation de dispenser des soins aux assur\u00e9s sociaux dans le centre ou \nl'antenne concern\u00e9e.  \n \nDans le cadre des activit\u00e9s dentaires :  \n \nLe centre dispose de 7 fauteuils dentaires dont 1 d\u00e9di\u00e9 \u00e0 l'implantologie. \n \nLes professionnels de sant\u00e9 exer\u00e7ant au sein du centre de sant\u00e9 sont les suivants : \n \nDocteur Nicolas CARRIERE- Chirurgien-dentiste - RPPS N\u00b0 : 1010573987 \nDocteur Fabrice GAMBIER- Chirurgien-dentiste - RPPS N\u00b0 : 10001425809 \nDocteur C\u00e9line GARNIER - Chirurgien-dentiste - RPPS N\u00b0 : 10000254671 \nDocteur Fosiya EL ALLAOUI- Chirurgien-dentiste - RPPS N\u00b0 : 10000799634 \nDocteur No\u00e9mie HELAIN - Chirurgien-dentiste - RPPS N\u00b0 : 100001454775 \nDocteur Florin PATRU - Chirurgien-dentiste - RPPS N\u00b0 : 10005230635 \nDocteur Georges VRABIE - Chirurgien-dentiste - RPPS N\u00b0 : 10108786913 \nDocteur Habib MOSBAH- Chirurgien-dentiste - RPPS N\u00b0 : 10005226781 \n \nMadame Marguerite DALLAY - Assistante dentaire qualifi\u00e9e - RPPS N\u00b0 :1000614098 \nMadame V\u00e9ronique HERINGER - Assistante dentaire qualifi\u00e9e - RPPS N\u00b0 :10006816275 \nMadame Karine DEGEVE - Assistante dentaire qualifi\u00e9e - RPPS N\u00b0 : 10109622190 \nMadame Marion MARTINEZ - Assistante dentaire qualifi\u00e9e - RPPS N\u00b0 :10109369339 \nMadame Cindy MORI - Assistante dentaire qualifi\u00e9e - RPPS N\u00b0 :10006824568 \nMadame St\u00e9phanie PIGONI - Assistante dentaire qualifi\u00e9e - RPPS N\u00b0 :10006814031 \nMadame Sandra TEISSIER - Assistante dentaire qualifi\u00e9e - RPPS N\u00b0 :10006509326 \n \n \nArticle 2 : Le pr\u00e9sent agr\u00e9ment est provisoire et ne devient d\u00e9finitif qu'\u00e0 l'expiration d'une dur\u00e9e \nd'un an \u00e0 compter de sa date de d\u00e9livrance le 21/11/2024. \n \nArticle 3 : Au cours de l'ann\u00e9e suivant la d\u00e9livrance de l'agr\u00e9ment provisoire, l'agence r\u00e9gionale \nde sant\u00e9 peut organiser une visite de conformit\u00e9, dont les r\u00e9sultats sont transmis au directeur \nde la caisse locale d'assurance maladie, en application du dernier alin\u00e9a de l'article L6323-1-\n11, III, du code de la sant\u00e9 publique, \n \nL'agr\u00e9ment est retir\u00e9 lorsque la visite r\u00e9v\u00e8le des non-conformit\u00e9s ou une incompatibilit\u00e9 de la \ngestion et de l'offre de soins du centre avec le projet r\u00e9gional de sant\u00e9. \n \nArticle 4: \n \nEn application de l'article D.6323-10 du code de la sant\u00e9 publique, toute modification \nsubstantielle du projet de sant\u00e9, notamment du r\u00e8glement de fonctionnement, le changement \nde l'organisme gestionnaire ou de son repr\u00e9sentant l\u00e9gal, la modification d'implantation \ng\u00e9ographique du centre ou de son ou ses antennes lorsqu'elles existent, la fermeture d'une \nantenne, la modification qualitative ou quantitative du plateau technique, notamment \nAgence r\u00e9gionale de sant\u00e9 PACA - 83-2024-11-21-00015 - agr\u00e9ment mutualit\u00e9 fran\u00e7aise TOULON 34\nPage 3/3 \n \n \nl'installation d'un ou de plusieurs fauteuils dentaires suppl\u00e9mentaires, ainsi que toute \nmodification susceptible d'avoir une incidence sur la politique men\u00e9e par le centre de sant\u00e9 en \nmati\u00e8re de qualit\u00e9 et de s\u00e9curit\u00e9 des soins, est port\u00e9e \u00e0 la connaissance du directeur g\u00e9n\u00e9ral \nde l'agence r\u00e9gionale de sant\u00e9 au plus tard dans les quinze jours par tout moyen conf\u00e9rant date \ncertaine \u00e0 sa r\u00e9ception. \n \nArticle 5: \n \nLe pr\u00e9sent arr\u00eat\u00e9 peut faire l'objet d'un recours contentieux devant le Tribunal Administratif \nterritorialement comp\u00e9tent dans un d\u00e9lai de deux mois \u00e0 compter de sa notification ou de sa \npublication pour les tiers. \n \nArticle 6:  \n \nLe Directeur de la d\u00e9l\u00e9gation d\u00e9partementale du Var de l'Agence R\u00e9gionale de Sant\u00e9 PACA est \ncharg\u00e9 de l'ex\u00e9cution du pr\u00e9sent arr\u00eat\u00e9 qui sera publi\u00e9 au recueil des actes administratifs de la \npr\u00e9fecture de r\u00e9gion Provence-Alpes-C\u00f4te d'Azur. \n \n \n         \nToulon, le 21/11/2024 \n \nPour le Directeur g\u00e9n\u00e9ral de l'ARS PACA, \nLe Directeur d\u00e9partemental du Var \n \n \n \n \n \n \n \nS\u00e9bastien Moni\u00e9 \nsign\u00e9 \nAgence r\u00e9gionale de sant\u00e9 PACA - 83-2024-11-21-00015 - agr\u00e9ment mutualit\u00e9 fran\u00e7aise TOULON 35\nAgence r\u00e9gionale de sant\u00e9 PACA\n83-2024-11-19-00008\nagr\u00e9ment mutualit\u00e9 fran\u00e7aise TOURRETTES\nAgence r\u00e9gionale de sant\u00e9 PACA - 83-2024-11-19-00008 - agr\u00e9ment mutualit\u00e9 fran\u00e7aise TOURRETTES 36\nREPUBLIQUEFRANCAISELibert\u00e9Egalit\u00e9Fraternit\u00e9\nAr@ D Agence R\u00e9gionale de Sant\u00e9Provence-AlpesC\u00f4te d'Azur\nPage 1/3 \n \n \n \n \n \n \n \n \n \n \n \n \nArr\u00eat\u00e9 portant agr\u00e9ment provisoire du centre de sant\u00e9 dentaire \nN\u00b0FINESS : 83 002 056 6 \n \nLe Directeur G\u00e9n\u00e9ral de l'Agence R\u00e9gionale de Sant\u00e9 Provence-Alpes-C\u00f4te \nd'Azur \n \n \n \nVu le code de la sant\u00e9 publique et notamment ses articles L.6323-1 \u00e0 L. 6323-1-15 et D.6323-\n1 \u00e0 D.6323-12 ; \n \nVu le code de la s\u00e9curit\u00e9 sociale ;  \n \nVu la loi n\u00b02023-378 du 19 mai 2023 visant \u00e0 am\u00e9liorer l'encadrement des centres de sant\u00e9 ; \n \nVu le d\u00e9cret n\u00b02010-336 du 31 mars 2010 portant cr\u00e9ation des agences r\u00e9gionales de sant\u00e9 ; \n \nVu le d\u00e9cret du 16 juillet 2024 portant nomination de Monsieur Yann BUBIEN en qualit\u00e9 de \ndirecteur g\u00e9n\u00e9ral de l'agence r\u00e9gionale de sant\u00e9 Provence-Alpes-C\u00f4te d'Azur \n \nVu l'arr\u00eat\u00e9 du 27 f\u00e9vrier 2018 relatif aux centres de sant\u00e9 ; \n \nVu l'arr\u00eat\u00e9 du 26 octobre 2023 du Directeur g\u00e9n\u00e9ral de l'agence r\u00e9gionale de sant\u00e9 portant \nadoption du Projet R\u00e9gional de Sant\u00e9 Provence-Alpes-C\u00f4te d'Azur 2023-2028 ; \n \nVu le dossier adress\u00e9 le 14/11/2023 par Monsieur Lionel LE GUEN, gestionnaire du centre \nde sant\u00e9 dentaire, sis, Quartier Tassy \u2013 RD 19 83440 Tourrettes, au Directeur g\u00e9n\u00e9ral de \nl'agence r\u00e9gionale de sant\u00e9 Provence-Alpes-C\u00f4te d'Azur, en vue de l'obtention d'un agr\u00e9ment \nprovisoire pour les activit\u00e9s dentaires exerc\u00e9es au sein de ce centre ;  \n \n \nConsid\u00e9rant qu'en application de l'article L.6323-1-11 du code de la sant\u00e9 publique, les \ncentres de sant\u00e9 ou leurs antennes ayant une activit\u00e9 dentaire, ophtalmologique ou \northoptique sont soumis, \u00e0 l'agr\u00e9ment du directeur g\u00e9n\u00e9ral de l'agence r\u00e9gionale de sant\u00e9; \nqu'\u00e0 cet effet, le repr\u00e9sentant l\u00e9gal de l'organisme gestionnaire adresse au directeur g\u00e9n\u00e9ral \nde l'agence r\u00e9gionale de sant\u00e9 un dossier en vue de l'obtention de cet agr\u00e9ment ; \n \nConsid\u00e9rant que le dossier de demande d'agr\u00e9ment susvis\u00e9 remplit les objectifs de \nconformit\u00e9 notamment en termes de locaux, d'installations mat\u00e9rielles, d'organisation des \nsoins, d'exp\u00e9rience et de qualification du personnel et appara\u00eet compatible avec les objectifs \net les besoins d\u00e9finis dans le cadre du projet r\u00e9gional de sant\u00e9 ;  \n \n \n \n \nAgence r\u00e9gionale de sant\u00e9 PACA - 83-2024-11-19-00008 - agr\u00e9ment mutualit\u00e9 fran\u00e7aise TOURRETTES 37\nPage 2/3 \n \n \nARR\u00caTE \n \n \nArticle 1er : Le centre de sant\u00e9 dont la raison sociale est centre de sant\u00e9 dentaire \n                   situ\u00e9 \u00e0 l'adresse suivante Quartier Tassy \u2013 RD 19 83440 Tourrettes \n                   dont le num\u00e9ro FINESS ET est 83 002 056 6 \n                   et dont la structure juridique de l'organisme gestionnaire est  Mutuelle \n                   dont le si\u00e8ge social est situ\u00e9 \u00e0 1581 avenue Paul Jullien 13100 Le Tholonet, \n \n                   EST AGR\u00c9\u00c9 pour ses activit\u00e9s dentaires. \n \nCet agr\u00e9ment vaut autorisation de dispenser des soins aux assur\u00e9s sociaux dans le centre ou \nl'antenne concern\u00e9e.  \n \nDans le cadre des activit\u00e9s dentaires :  \n \nLe centre dispose de 2 fauteuils dentaires. \n \nLes professionnels de sant\u00e9 exer\u00e7ant au sein du centre de sant\u00e9 sont les suivants : \n \nDocteur Prescilia REBELO - Chirurgien-dentiste - RPPS N\u00b0 : 10108586206 \nDocteur Patrick DENARDAUD - Chirurgien-dentiste - RPPS N\u00b0 : 10003628137 \nDocteur Nadine JUAN - Chirurgien-dentiste - RPPS N\u00b0 : 10001042893 \n \nMadame Sylvie MOKADDEM\u2013 Assistante dentaire qualifi\u00e9e - RPPS N\u00b0 : 10006329691 \nMadame Viviane HAYOT \u2013 Assistante dentaire qualifi\u00e9e - RPPS N\u00b0 : 10109580216 \nMadame Fabienne DELOGU \u2013 Assistante dentaire qualifi\u00e9e - RPPS N\u00b0 : 10006815749 \nMadame M\u00e9lanie MOULUN \u2013 Assistante dentaire qualifi\u00e9e - RPPS N\u00b0 : 10109288414 \n \n \nArticle 2 : Le pr\u00e9sent agr\u00e9ment est provisoire et ne devient d\u00e9finitif qu'\u00e0 l'expiration d'une \ndur\u00e9e d'un an \u00e0 compter de sa date de d\u00e9livrance le 19/11/2024. \n \nArticle 3 : Au cours de l'ann\u00e9e suivant la d\u00e9livrance de l'agr\u00e9ment provisoire, l'agence \nr\u00e9gionale de sant\u00e9 peut organiser une visite de conformit\u00e9, dont les r\u00e9sultats sont transmis au \ndirecteur de la caisse locale d'assurance maladie, en application du dernier alin\u00e9a de l'article \nL6323-1-11, III, du code de la sant\u00e9 publique, \n \nL'agr\u00e9ment est retir\u00e9 lorsque la visite r\u00e9v\u00e8le des non-conformit\u00e9s ou une incompatibilit\u00e9 de la \ngestion et de l'offre de soins du centre avec le projet r\u00e9gional de sant\u00e9. \n \nArticle 4: \n \nEn application de l'article D.6323-10 du code de la sant\u00e9 publique, toute modification \nsubstantielle du projet de sant\u00e9, notamment du r\u00e8glement de fonctionnement, le changement \nde l'organisme gestionnaire ou de son repr\u00e9sentant l\u00e9gal, la modification d'implantation \ng\u00e9ographique du centre ou de son ou ses antennes lorsqu'elles existent, la fermeture d'une \nantenne, la modification qualitative ou quantitative du plateau technique, notamment \nl'installation d'un ou de plusieurs fauteuils dentaires suppl\u00e9mentaires, ainsi que toute \nmodification susceptible d'avoir une incidence sur la politique men\u00e9e par le centre de sant\u00e9 en \nmati\u00e8re de qualit\u00e9 et de s\u00e9curit\u00e9 des soins, est port\u00e9e \u00e0 la connaissance du directeur g\u00e9n\u00e9ral \nde l'agence r\u00e9gionale de sant\u00e9 au plus tard dans les quinze jours par tout moyen conf\u00e9rant \ndate certaine \u00e0 sa r\u00e9ception. \n \n \n \nAgence r\u00e9gionale de sant\u00e9 PACA - 83-2024-11-19-00008 - agr\u00e9ment mutualit\u00e9 fran\u00e7aise TOURRETTES 38\nPage 3/3 \n \n \n \nArticle 5: \n \nLe pr\u00e9sent arr\u00eat\u00e9 peut faire l'objet d'un recours contentieux devant le Tribunal Administratif \nterritorialement comp\u00e9tent dans un d\u00e9lai de deux mois \u00e0 compter de sa notification ou de sa \npublication pour les tiers. \n \nArticle 6:  \n \nLe Directeur de la d\u00e9l\u00e9gation d\u00e9partementale du Var de l'Agence R\u00e9gionale de Sant\u00e9 PACA \nest charg\u00e9 de l'ex\u00e9cution du pr\u00e9sent arr\u00eat\u00e9 qui sera publi\u00e9 au recueil des actes administratifs \nde la pr\u00e9fecture de r\u00e9gion Provence-Alpes-C\u00f4te d'Azur. \n \n \n         \nToulon, le 19/11/2024 \n \nPour le Directeur g\u00e9n\u00e9ral de l'ARS PACA, \nLe Directeur d\u00e9partemental du Var \n \n \n \n \n \n \n \n \nS\u00e9bastien Moni\u00e9 \n \nsign\u00e9 \nAgence r\u00e9gionale de sant\u00e9 PACA - 83-2024-11-19-00008 - agr\u00e9ment mutualit\u00e9 fran\u00e7aise TOURRETTES 39\nAgence r\u00e9gionale de sant\u00e9 PACA\n83-2024-11-19-00010\nagr\u00e9ment vyv3 COGOLIN\nAgence r\u00e9gionale de sant\u00e9 PACA - 83-2024-11-19-00010 - agr\u00e9ment vyv3 COGOLIN 40\nREPUBLIQUEFRANCAISELibert\u00e9Egalit\u00e9Fraternit\u00e9\nAr@ D Agence R\u00e9gionale de Sant\u00e9Provence-AlpesC\u00f4te d'Azur\nPage 1/3 \n \n \n \n \n \n \n \n \n \n \n \n \nArr\u00eat\u00e9 portant agr\u00e9ment provisoire du centre de sant\u00e9 dentaire VYV3 Sud Est Cogolin \nN\u00b0FINESS : 83 020 808 8 \n \nLe Directeur G\u00e9n\u00e9ral de l'Agence R\u00e9gionale de Sant\u00e9 Provence-Alpes-C\u00f4te \nd'Azur \n \n \n \nVu le code de la sant\u00e9 publique et notamment ses articles L.6323-1 \u00e0 L. 6323-1-15 et D.6323-\n1 \u00e0 D.6323-12 ; \n \nVu le code de la s\u00e9curit\u00e9 sociale ;  \n \nVu la loi n\u00b02023-378 du 19 mai 2023 visant \u00e0 am\u00e9liorer l'encadrement des centres de sant\u00e9 ; \n \nVu le d\u00e9cret n\u00b02010-336 du 31 mars 2010 portant cr\u00e9ation des agences r\u00e9gionales de sant\u00e9 ; \n \nVu le d\u00e9cret du 16 juillet 2024 portant nomination de Monsieur Yann BUBIEN en qualit\u00e9 de \ndirecteur g\u00e9n\u00e9ral de l'agence r\u00e9gionale de sant\u00e9 Provence-Alpes-C\u00f4te d'Azur \n \nVu l'arr\u00eat\u00e9 du 27 f\u00e9vrier 2018 relatif aux centres de sant\u00e9 ; \n \nVu l'arr\u00eat\u00e9 du 26 octobre 2023 du Directeur g\u00e9n\u00e9ral de l'agence r\u00e9gionale de sant\u00e9 portant \nadoption du Projet R\u00e9gional de Sant\u00e9 Provence-Alpes-C\u00f4te d'Azur 2023-2028 ; \n \nVu le dossier adress\u00e9 le 20/11/2023 par Madame Anne-Julie CLARY, gestionnaire du centre de \nsant\u00e9 dentaire VYV3 Sud Est Cogolin, sis, avenue Sigismond Coulet, Centre commercial \nAGORA, 83310 Cogolin, au Directeur g\u00e9n\u00e9ral de l'agence r\u00e9gionale de sant\u00e9 Provence-Alpes-\nC\u00f4te d'Azur, en vue de l'obtention d'un agr\u00e9ment provisoire pour les activit\u00e9s dentaires exerc\u00e9es \nau sein de ce centre ;  \n \n \nConsid\u00e9rant qu'en application de l'article L.6323-1-11 du code de la sant\u00e9 publique, les centres \nde sant\u00e9 ou leurs antennes ayant une activit\u00e9 dentaire, ophtalmologique ou orthoptique sont \nsoumis, \u00e0 l'agr\u00e9ment du directeur g\u00e9n\u00e9ral de l'agence r\u00e9gionale de sant\u00e9; qu'\u00e0 cet effet, le \nrepr\u00e9sentant l\u00e9gal de l'organisme gestionnaire adresse au directeur g\u00e9n\u00e9ral de l'agence \nr\u00e9gionale de sant\u00e9 un dossier en vue de l'obtention de cet agr\u00e9ment ; \n \nConsid\u00e9rant que le dossier de demande d'agr\u00e9ment susvis\u00e9 remplit les objectifs de conformit\u00e9 \nnotamment en termes de locaux, d'installations mat\u00e9rielles, d'organisation des soins, \nd'exp\u00e9rience et de qualification du personnel et appara\u00eet compatible avec les objectifs et les \nbesoins d\u00e9finis dans le cadre du projet r\u00e9gional de sant\u00e9 ;  \n \n \n \nAgence r\u00e9gionale de sant\u00e9 PACA - 83-2024-11-19-00010 - agr\u00e9ment vyv3 COGOLIN 41\nPage 2/3 \n \n \n \nARR\u00caTE \n \n \nArticle 1er : Le centre de sant\u00e9 dont la raison sociale est Centre de sant\u00e9 dentaire VYV3 Sud Est Cogolin \n                   situ\u00e9 \u00e0 l'adresse suivante avenue Sigismond Coulet, Ccial AGORA, 83310 Cogolin \n                   dont le num\u00e9ro FINESS ET  est 83 020 808 8 \n                   et dont la structure juridique de l'organisme gestionnaire est Mutualiste \n                   dont le si\u00e8ge social est situ\u00e9 \u00e0 5 avenue Carnot, 84 000 Avignon \n \n                   EST AGR\u00c9\u00c9 pour ses activit\u00e9s dentaires. \n \nCet agr\u00e9ment vaut autorisation de dispenser des soins aux assur\u00e9s sociaux dans le centre ou \nl'antenne concern\u00e9e.  \n \nDans le cadre des activit\u00e9s dentaires :  \n \nLe centre dispose de 3 fauteuils dentaires. \n \nLes professionnels de sant\u00e9 exer\u00e7ant au sein du centre de sant\u00e9 sont les suivants : \n \nDocteur Pascal CARON - Chirurgien-dentiste - RPPS N\u00b0 : 10000208412 \nDocteur Saint-Clair ROTH-BIRH - Chirurgien-dentiste - RPPS N\u00b0 : 10101148921 \n \nMadame Fabienne SUZANNE - Assistante dentaire qualifi\u00e9e - RPPS N\u00b0 :10006811490 \nMadame Linda CHASSELA - Assistante dentaire qualifi\u00e9e - RPPS N\u00b0 :10109579945 \n \n \nArticle 2 : Le pr\u00e9sent agr\u00e9ment est provisoire et ne devient d\u00e9finitif qu'\u00e0 l'expiration d'une dur\u00e9e \nd'un an \u00e0 compter de sa date de d\u00e9livrance le 19/11/2024. \n \nArticle 3 : Au cours de l'ann\u00e9e suivant la d\u00e9livrance de l'agr\u00e9ment provisoire, l'agence r\u00e9gionale \nde sant\u00e9 peut organiser une visite de conformit\u00e9, dont les r\u00e9sultats sont transmis au directeur \nde la caisse locale d'assurance maladie, en application du dernier alin\u00e9a de l'article L6323-1-\n11, III, du code de la sant\u00e9 publique, \n \nL'agr\u00e9ment est retir\u00e9 lorsque la visite r\u00e9v\u00e8le des non-conformit\u00e9s ou une incompatibilit\u00e9 de la \ngestion et de l'offre de soins du centre avec le projet r\u00e9gional de sant\u00e9. \n \n \nArticle 4: \n \nEn application de l'article D.6323-10 du code de la sant\u00e9 publique, toute modification \nsubstantielle du projet de sant\u00e9, notamment du r\u00e8glement de fonctionnement, le changement \nde l'organisme gestionnaire ou de son repr\u00e9sentant l\u00e9gal, la modification d'implantation \ng\u00e9ographique du centre ou de son ou ses antennes lorsqu'elles existent, la fermeture d'une \nantenne, la modification qualitative ou quantitative du plateau technique, notamment \nl'installation d'un ou de plusieurs fauteuils dentaires suppl\u00e9mentaires, ainsi que toute \nmodification susceptible d'avoir une incidence sur la politique men\u00e9e par le centre de sant\u00e9 en \nmati\u00e8re de qualit\u00e9 et de s\u00e9curit\u00e9 des soins, est port\u00e9e \u00e0 la connaissance du directeur g\u00e9n\u00e9ral \nde l'agence r\u00e9gionale de sant\u00e9 au plus tard dans les quinze jours par tout moyen conf\u00e9rant date \ncertaine \u00e0 sa r\u00e9ception. \n \n \n \n \nAgence r\u00e9gionale de sant\u00e9 PACA - 83-2024-11-19-00010 - agr\u00e9ment vyv3 COGOLIN 42\nPage 3/3 \n \n \n \nArticle 5: \n \nLe pr\u00e9sent arr\u00eat\u00e9 peut faire l'objet d'un recours contentieux devant le Tribunal Administratif \nterritorialement comp\u00e9tent dans un d\u00e9lai de deux mois \u00e0 compter de sa notification ou de sa \npublication pour les tiers. \n \nArticle 6:  \n \nLe Directeur de la d\u00e9l\u00e9gation d\u00e9partementale du Var de l'Agence R\u00e9gionale de Sant\u00e9 PACA est \ncharg\u00e9 de l'ex\u00e9cution du pr\u00e9sent arr\u00eat\u00e9 qui sera publi\u00e9 au recueil des actes administratifs de la \npr\u00e9fecture de r\u00e9gion Provence-Alpes-C\u00f4te d'Azur. \n \n \n \n         \nToulon, le 19/11/2024 \n \nPour le Directeur g\u00e9n\u00e9ral de l'ARS PACA, \nLe Directeur d\u00e9partemental du Var \n \n \n \n \n \n \n \n \nS\u00e9bastien Moni\u00e9 \nsign\u00e9 \nAgence r\u00e9gionale de sant\u00e9 PACA - 83-2024-11-19-00010 - agr\u00e9ment vyv3 COGOLIN 43\nDirection d\u00e9partementale de l'emploi, du travail\net des solidarit\u00e9s du Var\n83-2025-09-16-00007\n701-2025-recepisse declaration MAELLYS\nOUNNALAY du 160925\nDirection d\u00e9partementale de l'emploi, du travail et des solidarit\u00e9s du Var - 83-2025-09-16-00007 - 701-2025-recepisse declaration\nMAELLYS OUNNALAY du 160925 44\nPF4Libert\u00e9 + \u00c9galit\u00e9 + Fraternit\u00e9R\u00c9PUBLIQUE FRAN\u00c7AISE\nR\u00e9c\u00e9piss\u00e9 de d\u00e9claration\nd'un organisme de services \u00e0 la personne\nenregistr\u00e9 sous le N\u00b0 SAP978291185\nVu le code du travail et notamment les articles L.7231-1 \u00e0 L.7233-2, R.7232-16 \u00e0 R.7232-22, D.7231-1 et \nD.7233-1 \u00e0 D.7233-5 ; \nVu la demande de d\u00e9claration d\u00e9pos\u00e9e par l'organisme , 150 RUE JACQUES PREVERT 83130 LA \nGARDE, le 28/08/25 ;\nLe pr\u00e9fet du Var\nConstate : \nQu'une d\u00e9claration d'activit\u00e9s de services \u00e0 la personne a \u00e9t\u00e9 d\u00e9pos\u00e9e aupr\u00e8s du service instructeur  \ndu Var, le 28/08/25 par Mme. OUNNALAY MA\u00cbLLYS en qualit\u00e9 de dirigeant(e), pour l'organisme  dont \nl'\u00e9tablissement principal est situ\u00e9 150 RUE JACQUES PREVERT 83130 LA GARDE et enregistr\u00e9 sous le  \nN\u00b0 SAP978291185 pour les activit\u00e9s suivantes :\n  \u2022   Entretien de la maison et travaux m\u00e9nagers (mode d'intervention Prestataire)\nToute  modification  concernant  les  activit\u00e9s  exerc\u00e9es  devra  faire  l'objet  d'une  d\u00e9claration \nmodificative pr\u00e9alable.\nSous r\u00e9serve d'\u00eatre exerc\u00e9es \u00e0 titre exclusif (ou sous r\u00e9serve d'une comptabilit\u00e9 s\u00e9par\u00e9e pour les  \npersonnes  morales  dispens\u00e9es  de  cette  condition),  ces  activit\u00e9s  ouvrent  droit  au  b\u00e9n\u00e9fice  des \ndispositions des articles L. 7233-2 du code du travail et L.241-10 du code de la s\u00e9curit\u00e9 sociale dans  \nles conditions pr\u00e9vues par ces articles.\nLes effets de la d\u00e9claration courent \u00e0 compter du jour du d\u00e9p\u00f4t de la d\u00e9claration sous r\u00e9serve des  \ndispositions de l'article R.7232-18 du code du travail. Le pr\u00e9sent r\u00e9c\u00e9piss\u00e9 n'est pas limit\u00e9 dans le  \ntemps. La d\u00e9claration a une port\u00e9e nationale.\nL'enregistrement de la d\u00e9claration peut \u00eatre retir\u00e9 dans les conditions fix\u00e9es aux articles R.7232-\n20 \u00e0 R.7232-22 du code du travail.\nLe pr\u00e9sent r\u00e9c\u00e9piss\u00e9 sera publi\u00e9 au recueil des actes administratifs de la pr\u00e9fecture.\nLe pr\u00e9sent r\u00e9c\u00e9piss\u00e9 peut, \u00e0 compter de sa notification, faire l'objet d'un recours gracieux aupr\u00e8s  \nservice instructeur du Var ou d'un recours hi\u00e9rarchique adress\u00e9 au ministre charg\u00e9 de l'\u00e9conomie -  \nDirection g\u00e9n\u00e9rale des entreprises \u2013 sous-direction des services marchands, 61 Boulevard Vincent  \nAuriol, 75703 PARIS CEDEX 13.\nIl peut \u00e9galement faire l'objet d'un recours contentieux dans un d\u00e9lai de deux mois \u00e0 compter de sa  \nnotification aupr\u00e8s du tribunal administratif de Toulon.\nLe tribunal administratif peut aussi \u00eatre saisi par l'application informatique \u00ab T\u00e9l\u00e9recours citoyen \u00bb  \naccessible sur le site internet  http://www.telerecours.fr/\nEn cas de rejet du recours gracieux ou hi\u00e9rarchique ou en l'absence de r\u00e9ponse \u00e0 ce recours (rejet  \nimplicite), un recours contentieux devant le tribunal administratif de Toulon peut \u00e9galement \u00eatre  \nform\u00e9 contre la d\u00e9cision initiale dans un d\u00e9lai de deux mois \u00e0 compter de ce rejet. \nPour le Pr\u00e9fet et par d\u00e9l\u00e9gation\nPour le Directeur d\u00e9partemental \nde l'emploi, du travail et des solidarit\u00e9s du Var \nLa cheffe du service accompagnement \ndes entreprises et d\u00e9veloppement des territoires\nSign\u00e9 : S\u00e9verine LARDERET\nFait \u00e0 CS 31209 - 83070 TOULON Cedex, le 16/09/25\nDDETS du Var \nDirection d\u00e9partementale de l'emploi, du travail et des solidarit\u00e9s du Var - 83-2025-09-16-00007 - 701-2025-recepisse declaration\nMAELLYS OUNNALAY du 160925 45\nDirection d\u00e9partementale de l'emploi, du travail\net des solidarit\u00e9s du Var\n83-2025-09-16-00008\n702-2025-recepisse declaration COURS DE\nSOUTIEN SCOLAIRE MONTAGNE MAXIME du\n160925\nDirection d\u00e9partementale de l'emploi, du travail et des solidarit\u00e9s du Var - 83-2025-09-16-00008 - 702-2025-recepisse declaration\nCOURS DE SOUTIEN SCOLAIRE MONTAGNE MAXIME du 160925 46\nPF4Libert\u00e9 + \u00c9galit\u00e9 + Fraternit\u00e9R\u00c9PUBLIQUE FRAN\u00c7AISE\nR\u00e9c\u00e9piss\u00e9 de d\u00e9claration\nd'un organisme de services \u00e0 la personne\nenregistr\u00e9 sous le N\u00b0 SAP990983405\nVu le code du travail et notamment les articles L.7231-1 \u00e0 L.7233-2, R.7232-16 \u00e0 R.7232-22, D.7231-1 et \nD.7233-1 \u00e0 D.7233-5 ; \nVu la demande de d\u00e9claration d\u00e9pos\u00e9e par l'organisme Maxime MONTAGNE, 10 LOTISSEMENT LE \nCARDINAL 83220 LE PRADET, le 15/09/25 ;\nLe pr\u00e9fet du Var\nConstate : \nQu'une d\u00e9claration d'activit\u00e9s de services \u00e0 la personne a \u00e9t\u00e9 d\u00e9pos\u00e9e aupr\u00e8s du service instructeur  \ndu Var, le 15/09/25 par M. MONTAGNE Maxime en qualit\u00e9 de dirigeant(e), pour l'organisme Maxime  \nMONTAGNE  dont  l'\u00e9tablissement  principal  est  situ\u00e9  10  LOTISSEMENT  LE  CARDINAL  83220  LE \nPRADET et enregistr\u00e9 sous le N\u00b0 SAP990983405 pour les activit\u00e9s suivantes :\n  \u2022   Soutien scolaire ou cours \u00e0 domicile (mode d'intervention Mandataire, Prestataire)\nToute  modification  concernant  les  activit\u00e9s  exerc\u00e9es  devra  faire  l'objet  d'une  d\u00e9claration \nmodificative pr\u00e9alable.\nSous r\u00e9serve d'\u00eatre exerc\u00e9es \u00e0 titre exclusif (ou sous r\u00e9serve d'une comptabilit\u00e9 s\u00e9par\u00e9e pour les  \npersonnes  morales  dispens\u00e9es  de  cette  condition),  ces  activit\u00e9s  ouvrent  droit  au  b\u00e9n\u00e9fice  des \ndispositions des articles L. 7233-2 du code du travail et L.241-10 du code de la s\u00e9curit\u00e9 sociale dans  \nles conditions pr\u00e9vues par ces articles.\nLes effets de la d\u00e9claration courent \u00e0 compter du jour du d\u00e9p\u00f4t de la d\u00e9claration sous r\u00e9serve des  \ndispositions de l'article R.7232-18 du code du travail. Le pr\u00e9sent r\u00e9c\u00e9piss\u00e9 n'est pas limit\u00e9 dans le  \ntemps. La d\u00e9claration a une port\u00e9e nationale.\nL'enregistrement de la d\u00e9claration peut \u00eatre retir\u00e9 dans les conditions fix\u00e9es aux articles R.7232-\n20 \u00e0 R.7232-22 du code du travail.\nLe pr\u00e9sent r\u00e9c\u00e9piss\u00e9 sera publi\u00e9 au recueil des actes administratifs de la pr\u00e9fecture.\nLe pr\u00e9sent r\u00e9c\u00e9piss\u00e9 peut, \u00e0 compter de sa notification, faire l'objet d'un recours gracieux aupr\u00e8s  \nservice instructeur du Var ou d'un recours hi\u00e9rarchique adress\u00e9 au ministre charg\u00e9 de l'\u00e9conomie -  \nDirection g\u00e9n\u00e9rale des entreprises \u2013 sous-direction des services marchands, 61 Boulevard Vincent  \nAuriol, 75703 PARIS CEDEX 13.\nIl peut \u00e9galement faire l'objet d'un recours contentieux dans un d\u00e9lai de deux mois \u00e0 compter de sa  \nnotification aupr\u00e8s du tribunal administratif de Toulon.\nLe tribunal administratif peut aussi \u00eatre saisi par l'application informatique \u00ab T\u00e9l\u00e9recours citoyen \u00bb  \naccessible sur le site internet  http://www.telerecours.fr/\nEn cas de rejet du recours gracieux ou hi\u00e9rarchique ou en l'absence de r\u00e9ponse \u00e0 ce recours (rejet  \nimplicite), un recours contentieux devant le tribunal administratif de Toulon peut \u00e9galement \u00eatre  \nform\u00e9 contre la d\u00e9cision initiale dans un d\u00e9lai de deux mois \u00e0 compter de ce rejet. \nPour le Pr\u00e9fet et par d\u00e9l\u00e9gation\nPour le Directeur d\u00e9partemental \nde l'emploi, du travail et des solidarit\u00e9s du Var \nLa cheffe du service accompagnement \ndes entreprises et d\u00e9veloppement des territoires\nSign\u00e9 : S\u00e9verine LARDERET\nFait \u00e0 CS 31209 - 83070 TOULON Cedex, le 16/09/25\nDDETS du Var \nDirection d\u00e9partementale de l'emploi, du travail et des solidarit\u00e9s du Var - 83-2025-09-16-00008 - 702-2025-recepisse declaration\nCOURS DE SOUTIEN SCOLAIRE MONTAGNE MAXIME du 160925 47\nDirection d\u00e9partementale de l'emploi, du travail et des solidarit\u00e9s du Var - 83-2025-09-16-00008 - 702-2025-recepisse declaration\nCOURS DE SOUTIEN SCOLAIRE MONTAGNE MAXIME du 160925 48\nDirection d\u00e9partementale de l'emploi, du travail\net des solidarit\u00e9s du Var\n83-2025-09-17-00005\n703-2025-recepisse BRILLANT SERVICE 83-BEN\nMILOUD-JOSSELIN ANAIS du 170925\nDirection d\u00e9partementale de l'emploi, du travail et des solidarit\u00e9s du Var - 83-2025-09-17-00005 - 703-2025-recepisse BRILLANT\nSERVICE 83-BEN MILOUD-JOSSELIN ANAIS du 170925 49\nPF4Libert\u00e9 + \u00c9galit\u00e9 + Fraternit\u00e9R\u00c9PUBLIQUE FRAN\u00c7AISE\nR\u00e9c\u00e9piss\u00e9 de d\u00e9claration\nd'un organisme de services \u00e0 la personne\nenregistr\u00e9 sous le N\u00b0 SAP991184870\nVu le code du travail et notamment les articles L.7231-1 \u00e0 L.7233-2, R.7232-16 \u00e0 R.7232-22, D.7231-1 et \nD.7233-1 \u00e0 D.7233-5 ; \nVu la demande de d\u00e9claration d\u00e9pos\u00e9e par l'organisme BRILLANT SERVICES 83, 11 RUE GABRIEL PERI \n83210 SOLLIES-PONT, le 16/09/25 ;\nLe pr\u00e9fet du Var\nConstate : \nQu'une d\u00e9claration d'activit\u00e9s de services \u00e0 la personne a \u00e9t\u00e9 d\u00e9pos\u00e9e aupr\u00e8s du service instructeur  \ndu  Var,  le  16/09/25  par  Mme.  BEN  MILOUD--JOSSELIN  ANAIS  en  qualit\u00e9  de  dirigeant(e),  pour \nl'organisme BRILLANT SERVICES 83 dont l'\u00e9tablissement principal est situ\u00e9 11 RUE GABRIEL PERI  \n83210 SOLLIES-PONT et enregistr\u00e9 sous le N\u00b0 SAP991184870 pour les activit\u00e9s suivantes :\n  \u2022   Entretien de la maison et travaux m\u00e9nagers (mode d'intervention Prestataire)\n  \u2022   Pr\u00e9paration de repas \u00e0 domicile (mode d'intervention Prestataire)\n  \u2022   Maintenance, entretien et vigilance temporaires \u00e0 domicile (mode d'intervention Prestataire)\nToute  modification  concernant  les  activit\u00e9s  exerc\u00e9es  devra  faire  l'objet  d'une  d\u00e9claration \nmodificative pr\u00e9alable.\nSous r\u00e9serve d'\u00eatre exerc\u00e9es \u00e0 titre exclusif (ou sous r\u00e9serve d'une comptabilit\u00e9 s\u00e9par\u00e9e pour les  \npersonnes  morales  dispens\u00e9es  de  cette  condition),  ces  activit\u00e9s  ouvrent  droit  au  b\u00e9n\u00e9fice  des \ndispositions des articles L. 7233-2 du code du travail et L.241-10 du code de la s\u00e9curit\u00e9 sociale dans  \nles conditions pr\u00e9vues par ces articles.\nLes effets de la d\u00e9claration courent \u00e0 compter du jour du d\u00e9p\u00f4t de la d\u00e9claration sous r\u00e9serve des  \ndispositions de l'article R.7232-18 du code du travail. Le pr\u00e9sent r\u00e9c\u00e9piss\u00e9 n'est pas limit\u00e9 dans le  \ntemps. La d\u00e9claration a une port\u00e9e nationale.\nL'enregistrement de la d\u00e9claration peut \u00eatre retir\u00e9 dans les conditions fix\u00e9es aux articles R.7232-\n20  \u00e0  R.7232-22  du  code  du  travail.  Le  pr\u00e9sent  r\u00e9c\u00e9piss\u00e9  sera  publi\u00e9  au  recueil  des  actes \nadministratifs de la pr\u00e9fecture.  Le pr\u00e9sent r\u00e9c\u00e9piss\u00e9 peut, \u00e0 compter de sa notification, faire  \nl'objet d'un recours gracieux aupr\u00e8s service instructeur  du Var  ou d'un recours hi\u00e9rarchique  \nadress\u00e9 au ministre charg\u00e9 de l'\u00e9conomie - Direction g\u00e9n\u00e9rale des entreprises \u2013 sous-direction  \ndes services marchands, 61 Boulevard Vincent Auriol, 75703 PARIS CEDEX 13.\nIl peut \u00e9galement faire l'objet d'un recours contentieux dans un d\u00e9lai de deux mois \u00e0 compter de sa  \nnotification aupr\u00e8s du tribunal administratif de Toulon. Le tribunal administratif peut aussi \u00eatre saisi  \npar  l'application  informatique  \u00ab  T\u00e9l\u00e9recours  citoyen  \u00bb  accessible  sur  le  site  internet   \nhttp://www.telerecours.fr/\nEn cas de rejet du recours gracieux ou hi\u00e9rarchique ou en l'absence de r\u00e9ponse \u00e0 ce recours (rejet  \nimplicite), un recours contentieux devant le tribunal administratif de Toulon peut \u00e9galement \u00eatre  \nform\u00e9 contre la d\u00e9cision initiale dans un d\u00e9lai de deux mois \u00e0 compter de ce rejet. \nPour le Pr\u00e9fet et par d\u00e9l\u00e9gation\nPour le Directeur d\u00e9partemental \nde l'emploi, du travail et des solidarit\u00e9s du Var \nLa cheffe du service accompagnement \ndes entreprises et d\u00e9veloppement des territoires\nSign\u00e9 : S\u00e9verine LARDERET\nFait \u00e0 CS 31209 - 83070 TOULON Cedex, le 17/09/25\nDDETS du Var \nDirection d\u00e9partementale de l'emploi, du travail et des solidarit\u00e9s du Var - 83-2025-09-17-00005 - 703-2025-recepisse BRILLANT\nSERVICE 83-BEN MILOUD-JOSSELIN ANAIS du 170925 50\nDirection d\u00e9partementale de l'emploi, du travail\net des solidarit\u00e9s du Var\n83-2025-09-17-00006\n705-2025-r\u00e9c\u00e9piss\u00e9 d\u00e9claration BOUCHARD\nTHIBAULT du 170925\nDirection d\u00e9partementale de l'emploi, du travail et des solidarit\u00e9s du Var - 83-2025-09-17-00006 - 705-2025-r\u00e9c\u00e9piss\u00e9 d\u00e9claration\nBOUCHARD THIBAULT du 170925 51\nPF4Libert\u00e9 + \u00c9galit\u00e9 + Fraternit\u00e9R\u00c9PUBLIQUE FRAN\u00c7AISE\nR\u00e9c\u00e9piss\u00e9 de d\u00e9claration\nd'un organisme de services \u00e0 la personne\nenregistr\u00e9 sous le N\u00b0 SAP991359605\nVu le code du travail et notamment les articles L.7231-1 \u00e0 L.7233-2, R.7232-16 \u00e0 R.7232-22, D.7231-1 et \nD.7233-1 \u00e0 D.7233-5 ; \nVu la demande de d\u00e9claration d\u00e9pos\u00e9e par l'organisme Les Sourires du Quotidien, 21 Avenue \nEstienne d'Orves 83430 SAINT-MANDRIER-SUR-MER, le 16/09/25 ;\nLe pr\u00e9fet du Var\nConstate : \nQu'une d\u00e9claration d'activit\u00e9s de services \u00e0 la personne a \u00e9t\u00e9 d\u00e9pos\u00e9e aupr\u00e8s du service instructeur  \ndu Var, le 16/09/25 par M. BOUCHARD Thibault en qualit\u00e9 de dirigeant(e), pour l'organisme Les  \nSourires du Quotidien dont l'\u00e9tablissement principal est situ\u00e9 21 Avenue Estienne d'Orves 83430  \nSAINT-MANDRIER-SUR-MER et enregistr\u00e9 sous le N\u00b0 SAP991359605 pour les activit\u00e9s suivantes :\n  \u2022   Garde d'enfants de plus de 3 ans \u00e0 domicile (mode d'intervention Prestataire)\n  \u2022   Soutien scolaire ou cours \u00e0 domicile (mode d'intervention Prestataire)\n  \u2022   Accompagnement des enfants de plus de 3 ans dans leurs d\u00e9placements (mode d'intervention \nPrestataire)\n  \u2022   Entretien de la maison et travaux m\u00e9nagers (mode d'intervention Prestataire)\n  \u2022   Petits travaux de jardinage (mode d'intervention Prestataire)\n  \u2022   Travaux de petit bricolage (mode d'intervention Prestataire)\n  \u2022   Pr\u00e9paration de repas \u00e0 domicile (mode d'intervention Prestataire)\n  \u2022   Livraison de repas \u00e0 domicile (mode d'intervention Prestataire)\n  \u2022   Livraison de courses \u00e0 domicile (mode d'intervention Prestataire)\n  \u2022   Maintenance, entretien et vigilance temporaires \u00e0 domicile (mode d'intervention Prestataire)\n  \u2022   Assistance informatique \u00e0 domicile (mode d'intervention Prestataire)\n  \u2022   Assistance administrative \u00e0 domicile (mode d'intervention Prestataire)\n  \u2022   T\u00e9l\u00e9-assistance et visio-assistance (mode d'intervention Prestataire)\n  \u2022   Soins et promenade(s) d'animaux pour personnes d\u00e9pendantes (mode d'intervention Prestataire)\n  \u2022   Conduite du v\u00e9hicule des personnes en cas d'invalidit\u00e9 temporaire (mode d'intervention \nPrestataire)\n  \u2022   Accompagnement des personnes pr\u00e9sentant une invalidit\u00e9 temporaire (mode d'intervention \nPrestataire)\n  \u2022   Assistance aux personnes ayant besoin d'une aide temporaire \u00e0 leur domicile (mode \nd'intervention Prestataire)\nToute  modification  concernant  les  activit\u00e9s  exerc\u00e9es  devra  faire  l'objet  d'une  d\u00e9claration \nmodificative pr\u00e9alable.\nSous r\u00e9serve d'\u00eatre exerc\u00e9es \u00e0 titre exclusif (ou sous r\u00e9serve d'une comptabilit\u00e9 s\u00e9par\u00e9e pour les  \npersonnes  morales  dispens\u00e9es  de  cette  condition),  ces  activit\u00e9s  ouvrent  droit  au  b\u00e9n\u00e9fice  des \ndispositions des articles L. 7233-2 du code du travail et L.241-10 du code de la s\u00e9curit\u00e9 sociale dans  \nles conditions pr\u00e9vues par ces articles.\nLes effets de la d\u00e9claration courent \u00e0 compter du jour du d\u00e9p\u00f4t de la d\u00e9claration sous r\u00e9serve des  \ndispositions de l'article R.7232-18 du code du travail. Le pr\u00e9sent r\u00e9c\u00e9piss\u00e9 n'est pas limit\u00e9 dans le  \ntemps. La d\u00e9claration a une port\u00e9e nationale.\nL'enregistrement de la d\u00e9claration peut \u00eatre retir\u00e9 dans les conditions fix\u00e9es aux articles R.7232-\n20 \u00e0 R.7232-22 du code du travail.\nLe pr\u00e9sent r\u00e9c\u00e9piss\u00e9 sera publi\u00e9 au recueil des actes administratifs de la pr\u00e9fecture.\nLe pr\u00e9sent r\u00e9c\u00e9piss\u00e9 peut, \u00e0 compter de sa notification, faire l'objet d'un recours gracieux aupr\u00e8s  \nservice instructeur du Var ou d'un recours hi\u00e9rarchique adress\u00e9 au ministre charg\u00e9 de l'\u00e9conomie -  \nDirection g\u00e9n\u00e9rale des entreprises \u2013 sous-direction des services marchands, 61 Boulevard Vincent  \nAuriol, 75703 PARIS CEDEX 13.\nDirection d\u00e9partementale de l'emploi, du travail et des solidarit\u00e9s du Var - 83-2025-09-17-00006 - 705-2025-r\u00e9c\u00e9piss\u00e9 d\u00e9claration\nBOUCHARD THIBAULT du 170925 52\nIl peut \u00e9galement faire l'objet d'un recours contentieux dans un d\u00e9lai de deux mois \u00e0 compter de sa  \nnotification aupr\u00e8s du tribunal administratif de Toulon.\nLe tribunal administratif peut aussi \u00eatre saisi par l'application informatique \u00ab T\u00e9l\u00e9recours citoyen \u00bb  \naccessible sur le site internet  http://www.telerecours.fr/\nEn cas de rejet du recours gracieux ou hi\u00e9rarchique ou en l'absence de r\u00e9ponse \u00e0 ce recours (rejet  \nimplicite), un recours contentieux devant le tribunal administratif de Toulon peut \u00e9galement \u00eatre  \nform\u00e9 contre la d\u00e9cision initiale dans un d\u00e9lai de deux mois \u00e0 compter de ce rejet. \nPour le Pr\u00e9fet et par d\u00e9l\u00e9gation\nPour le Directeur d\u00e9partemental \nde l'emploi, du travail et des solidarit\u00e9s du Var \nLa cheffe du service accompagnement \ndes entreprises et d\u00e9veloppement des territoires\nSign\u00e9 : S\u00e9verine LARDERET\nFait \u00e0 CS 31209 - 83070 TOULON Cedex, le 17/09/25\nDDETS du Var \nDirection d\u00e9partementale de l'emploi, du travail et des solidarit\u00e9s du Var - 83-2025-09-17-00006 - 705-2025-r\u00e9c\u00e9piss\u00e9 d\u00e9claration\nBOUCHARD THIBAULT du 170925 53\nDirection d\u00e9partementale de l'emploi, du travail\net des solidarit\u00e9s du Var\n83-2025-09-17-00007\n710-2025-recepisse A&G - AOUICHE MERIEM du\n170925\nDirection d\u00e9partementale de l'emploi, du travail et des solidarit\u00e9s du Var - 83-2025-09-17-00007 - 710-2025-recepisse A&G - AOUICHE\nMERIEM du 170925 54\nPF4Libert\u00e9 + \u00c9galit\u00e9 + Fraternit\u00e9R\u00c9PUBLIQUE FRAN\u00c7AISE\nR\u00e9c\u00e9piss\u00e9 de d\u00e9claration\nd'un organisme de services \u00e0 la personne\nenregistr\u00e9 sous le N\u00b0 SAP941708190\nVu le code du travail et notamment les articles L.7231-1 \u00e0 L.7233-2, R.7232-16 \u00e0 R.7232-22, D.7231-1 et \nD.7233-1 \u00e0 D.7233-5 ; \nVu la demande de d\u00e9claration d\u00e9pos\u00e9e par l'organisme , LOCALE - 6 PLACE LOUIS MAURICE FABRE \n83440 MONTAUROUX, le 17/09/25 ;\nLe pr\u00e9fet du Var\nConstate : \nQu'une d\u00e9claration d'activit\u00e9s de services \u00e0 la personne a \u00e9t\u00e9 d\u00e9pos\u00e9e aupr\u00e8s du service instructeur  \ndu Var, le 17/09/25 par Mme. AOUICHE MERIEM en qualit\u00e9 de dirigeant(e), pour l'organisme  dont  \nl'\u00e9tablissement principal est situ\u00e9 LOCALE - 6 PLACE LOUIS MAURICE FABRE 83440 MONTAUROUX  \net enregistr\u00e9 sous le N\u00b0 SAP941708190 pour les activit\u00e9s suivantes :\n  \u2022   Entretien de la maison et travaux m\u00e9nagers (mode d'intervention Prestataire)\n  \u2022   Pr\u00e9paration de repas \u00e0 domicile (mode d'intervention Prestataire)\nToute  modification  concernant  les  activit\u00e9s  exerc\u00e9es  devra  faire  l'objet  d'une  d\u00e9claration \nmodificative pr\u00e9alable.\nSous r\u00e9serve d'\u00eatre exerc\u00e9es \u00e0 titre exclusif (ou sous r\u00e9serve d'une comptabilit\u00e9 s\u00e9par\u00e9e pour les  \npersonnes  morales  dispens\u00e9es  de  cette  condition),  ces  activit\u00e9s  ouvrent  droit  au  b\u00e9n\u00e9fice  des \ndispositions des articles L. 7233-2 du code du travail et L.241-10 du code de la s\u00e9curit\u00e9 sociale dans  \nles conditions pr\u00e9vues par ces articles.\nLes effets de la d\u00e9claration courent \u00e0 compter du jour du d\u00e9p\u00f4t de la d\u00e9claration sous r\u00e9serve des  \ndispositions de l'article R.7232-18 du code du travail. Le pr\u00e9sent r\u00e9c\u00e9piss\u00e9 n'est pas limit\u00e9 dans le  \ntemps. La d\u00e9claration a une port\u00e9e nationale.\nL'enregistrement de la d\u00e9claration peut \u00eatre retir\u00e9 dans les conditions fix\u00e9es aux articles R.7232-\n20 \u00e0 R.7232-22 du code du travail.\nLe pr\u00e9sent r\u00e9c\u00e9piss\u00e9 sera publi\u00e9 au recueil des actes administratifs de la pr\u00e9fecture.\nLe pr\u00e9sent r\u00e9c\u00e9piss\u00e9 peut, \u00e0 compter de sa notification, faire l'objet d'un recours gracieux aupr\u00e8s  \nservice instructeur du Var ou d'un recours hi\u00e9rarchique adress\u00e9 au ministre charg\u00e9 de l'\u00e9conomie -  \nDirection g\u00e9n\u00e9rale des entreprises \u2013 sous-direction des services marchands, 61 Boulevard Vincent  \nAuriol, 75703 PARIS CEDEX 13.\nIl peut \u00e9galement faire l'objet d'un recours contentieux dans un d\u00e9lai de deux mois \u00e0 compter de sa  \nnotification aupr\u00e8s du tribunal administratif de Toulon. Le tribunal administratif peut aussi \u00eatre saisi  \npar  l'application  informatique  \u00ab  T\u00e9l\u00e9recours  citoyen  \u00bb  accessible  sur  le  site  internet   \nhttp://www.telerecours.fr/\nEn cas de rejet du recours gracieux ou hi\u00e9rarchique ou en l'absence de r\u00e9ponse \u00e0 ce recours (rejet  \nimplicite), un recours contentieux devant le tribunal administratif de Toulon peut \u00e9galement \u00eatre  \nform\u00e9 contre la d\u00e9cision initiale dans un d\u00e9lai de deux mois \u00e0 compter de ce rejet. \nPour le Pr\u00e9fet et par d\u00e9l\u00e9gation\nPour le Directeur d\u00e9partemental \nde l'emploi, du travail et des solidarit\u00e9s du Var \nLa cheffe du service accompagnement \ndes entreprises et d\u00e9veloppement des territoires\nSign\u00e9 : S\u00e9verine LARDERET\nFait \u00e0 CS 31209 - 83070 TOULON Cedex, le 17/09/25\nDDETS du Var \nDirection d\u00e9partementale de l'emploi, du travail et des solidarit\u00e9s du Var - 83-2025-09-17-00007 - 710-2025-recepisse A&G - AOUICHE\nMERIEM du 170925 55\nDirection d\u00e9partementale de l'emploi, du travail\net des solidarit\u00e9s du Var\n83-2025-09-19-00003\n713-2025-recepisse declaration LFB\nELAGAGE-LUDOVIC BOUQUILLON du 190925\nDirection d\u00e9partementale de l'emploi, du travail et des solidarit\u00e9s du Var - 83-2025-09-19-00003 - 713-2025-recepisse declaration LFB\nELAGAGE-LUDOVIC BOUQUILLON du 190925 56\nPF4Libert\u00e9 + \u00c9galit\u00e9 + Fraternit\u00e9R\u00c9PUBLIQUE FRAN\u00c7AISE\nR\u00e9c\u00e9piss\u00e9 de d\u00e9claration\nd'un organisme de services \u00e0 la personne\nenregistr\u00e9 sous le N\u00b0 SAP944215565\nVu le code du travail et notamment les articles L.7231-1 \u00e0 L.7233-2, R.7232-16 \u00e0 R.7232-22, D.7231-1 et \nD.7233-1 \u00e0 D.7233-5 ; \nVu la demande de d\u00e9claration d\u00e9pos\u00e9e par l'organisme , 20 BD DES MARTYRS DE LA RESISTANCE \n83640 SAINT-ZACHARIE, le 17/09/25 ;\nLe pr\u00e9fet du Var\nConstate : \nQu'une d\u00e9claration d'activit\u00e9s de services \u00e0 la personne a \u00e9t\u00e9 d\u00e9pos\u00e9e aupr\u00e8s du service instructeur  \ndu Var, le 17/09/25 par M. BOUQUILLON LUDOVIC en qualit\u00e9 de dirigeant(e), pour l'organisme  dont  \nl'\u00e9tablissement principal est situ\u00e9 20 BD DES MARTYRS DE LA RESISTANCE 83640 SAINT-ZACHARIE  \net enregistr\u00e9 sous le N\u00b0 SAP944215565 pour les activit\u00e9s suivantes :\n  \u2022   Petits travaux de jardinage (mode d'intervention Prestataire)\n  \u2022   Travaux de petit bricolage (mode d'intervention Prestataire)\nToute  modification  concernant  les  activit\u00e9s  exerc\u00e9es  devra  faire  l'objet  d'une  d\u00e9claration \nmodificative pr\u00e9alable.\nSous r\u00e9serve d'\u00eatre exerc\u00e9es \u00e0 titre exclusif (ou sous r\u00e9serve d'une comptabilit\u00e9 s\u00e9par\u00e9e pour les  \npersonnes  morales  dispens\u00e9es  de  cette  condition),  ces  activit\u00e9s  ouvrent  droit  au  b\u00e9n\u00e9fice  des \ndispositions des articles L. 7233-2 du code du travail et L.241-10 du code de la s\u00e9curit\u00e9 sociale dans  \nles conditions pr\u00e9vues par ces articles.\nLes effets de la d\u00e9claration courent \u00e0 compter du jour du d\u00e9p\u00f4t de la d\u00e9claration sous r\u00e9serve des  \ndispositions de l'article R.7232-18 du code du travail. Le pr\u00e9sent r\u00e9c\u00e9piss\u00e9 n'est pas limit\u00e9 dans le  \ntemps. La d\u00e9claration a une port\u00e9e nationale.\nL'enregistrement de la d\u00e9claration peut \u00eatre retir\u00e9 dans les conditions fix\u00e9es aux articles R.7232-\n20  \u00e0  R.7232-22  du  code  du  travail.  Le  pr\u00e9sent  r\u00e9c\u00e9piss\u00e9  sera  publi\u00e9  au  recueil  des  actes \nadministratifs de la pr\u00e9fecture.\nLe pr\u00e9sent r\u00e9c\u00e9piss\u00e9 peut, \u00e0 compter de sa notification, faire l'objet d'un recours gracieux aupr\u00e8s  \nservice instructeur du Var ou d'un recours hi\u00e9rarchique adress\u00e9 au ministre charg\u00e9 de l'\u00e9conomie -  \nDirection g\u00e9n\u00e9rale des entreprises \u2013 sous-direction des services marchands, 61 Boulevard Vincent  \nAuriol, 75703 PARIS CEDEX 13. Il peut \u00e9galement faire l'objet d'un recours contentieux dans un d\u00e9lai  \nde deux mois \u00e0 compter de sa notification aupr\u00e8s du tribunal administratif de Toulon.\nLe tribunal administratif peut aussi \u00eatre saisi par l'application informatique \u00ab T\u00e9l\u00e9recours citoyen \u00bb  \naccessible sur le site internet  http://www.telerecours.fr/\nEn cas de rejet du recours gracieux ou hi\u00e9rarchique ou en l'absence de r\u00e9ponse \u00e0 ce recours (rejet  \nimplicite), un recours contentieux devant le tribunal administratif de Toulon peut \u00e9galement \u00eatre  \nform\u00e9 contre la d\u00e9cision initiale dans un d\u00e9lai de deux mois \u00e0 compter de ce rejet. \nPour le Pr\u00e9fet et par d\u00e9l\u00e9gation\nPour le Directeur d\u00e9partemental \nde l'emploi, du travail et des solidarit\u00e9s du Var \nLa cheffe du service accompagnement \ndes entreprises et d\u00e9veloppement des territoires\nSign\u00e9 : S\u00e9verine LARDERET\nFait \u00e0 CS 31209 - 83070 TOULON Cedex, le 19/09/25\nDDETS du Var\n \nDirection d\u00e9partementale de l'emploi, du travail et des solidarit\u00e9s du Var - 83-2025-09-19-00003 - 713-2025-recepisse declaration LFB\nELAGAGE-LUDOVIC BOUQUILLON du 190925 57\nDirection d\u00e9partementale de l'emploi, du travail\net des solidarit\u00e9s du Var\n83-2025-09-19-00004\n715-2025-recepisse d\u00e9claration ESPOSITO LAURA\ndu 190925\nDirection d\u00e9partementale de l'emploi, du travail et des solidarit\u00e9s du Var - 83-2025-09-19-00004 - 715-2025-recepisse d\u00e9claration\nESPOSITO LAURA du 190925 58\nPF4Libert\u00e9 + \u00c9galit\u00e9 + Fraternit\u00e9R\u00c9PUBLIQUE FRAN\u00c7AISE\nR\u00e9c\u00e9piss\u00e9 de d\u00e9claration\nd'un organisme de services \u00e0 la personne\nenregistr\u00e9 sous le N\u00b0 SAP991434580\nVu le code du travail et notamment les articles L.7231-1 \u00e0 L.7233-2, R.7232-16 \u00e0 R.7232-22, D.7231-1 et \nD.7233-1 \u00e0 D.7233-5 ; \nVu la demande de d\u00e9claration d\u00e9pos\u00e9e par l'organisme Pr\u00e8s de vous, RESIDENCE MAS DE \nFAVARD BAT A APP 13 - 571 AVENUE PAUL GAIMARD 83640 SAINT-ZACHARIE, le 18/09/25 ;\nLe pr\u00e9fet du Var\nConstate : \nQu'une d\u00e9claration d'activit\u00e9s de services \u00e0 la personne a \u00e9t\u00e9 d\u00e9pos\u00e9e aupr\u00e8s du service instructeur  \ndu Var, le 18/09/25 par Mme. ESPOSITO LAURA en qualit\u00e9 de dirigeant(e), pour l'organisme Pr\u00e8s de  \nvous dont l'\u00e9tablissement principal est situ\u00e9 RESIDENCE MAS DE FAVARD BAT A APP 13 - 571 \nAVENUE PAUL GAIMARD 83640 SAINT-ZACHARIE et enregistr\u00e9 sous le N\u00b0 SAP991434580 pour les  \nactivit\u00e9s suivantes :\n  \u2022   Garde d'enfants de plus de 3 ans \u00e0 domicile (mode d'intervention Prestataire)\n  \u2022   Soutien scolaire ou cours \u00e0 domicile (mode d'intervention Prestataire)\n  \u2022   Accompagnement des enfants de plus de 3 ans dans leurs d\u00e9placements (mode d'intervention \nPrestataire)\n  \u2022   Entretien de la maison et travaux m\u00e9nagers (mode d'intervention Prestataire)\n  \u2022   Petits travaux de jardinage (mode d'intervention Prestataire)\n  \u2022   Travaux de petit bricolage (mode d'intervention Prestataire)\n  \u2022   Pr\u00e9paration de repas \u00e0 domicile (mode d'intervention Prestataire)\n  \u2022   Livraison de repas \u00e0 domicile (mode d'intervention Prestataire)\n  \u2022   Collecte et livraison \u00e0 domicile de linge repass\u00e9 (mode d'intervention Prestataire)\n  \u2022   Livraison de courses \u00e0 domicile (mode d'intervention Prestataire)\n  \u2022   Maintenance, entretien et vigilance temporaires \u00e0 domicile (mode d'intervention Prestataire)\n  \u2022   Assistance informatique \u00e0 domicile (mode d'intervention Prestataire)\n  \u2022   Assistance administrative \u00e0 domicile (mode d'intervention Prestataire)\n  \u2022   T\u00e9l\u00e9-assistance et visio-assistance (mode d'intervention Prestataire)\n  \u2022   Soins d'esth\u00e9tique \u00e0 domicile pour personnes d\u00e9pendantes (mode d'intervention Prestataire)\n  \u2022   Soins et promenade(s) d'animaux pour personnes d\u00e9pendantes (mode d'intervention Prestataire)\n  \u2022   Conduite du v\u00e9hicule des personnes en cas d'invalidit\u00e9 temporaire (mode d'intervention \nPrestataire)\n  \u2022   Accompagnement des personnes pr\u00e9sentant une invalidit\u00e9 temporaire (mode d'intervention \nPrestataire)\n  \u2022   Assistance aux personnes ayant besoin d'une aide temporaire \u00e0 leur domicile (mode \nd'intervention Prestataire)\nToute  modification  concernant  les  activit\u00e9s  exerc\u00e9es  devra  faire  l'objet  d'une  d\u00e9claration \nmodificative pr\u00e9alable.\nSous r\u00e9serve d'\u00eatre exerc\u00e9es \u00e0 titre exclusif (ou sous r\u00e9serve d'une comptabilit\u00e9 s\u00e9par\u00e9e pour les  \npersonnes  morales  dispens\u00e9es  de  cette  condition),  ces  activit\u00e9s  ouvrent  droit  au  b\u00e9n\u00e9fice  des \ndispositions des articles L. 7233-2 du code du travail et L.241-10 du code de la s\u00e9curit\u00e9 sociale dans  \nles conditions pr\u00e9vues par ces articles.\nLes effets de la d\u00e9claration courent \u00e0 compter du jour du d\u00e9p\u00f4t de la d\u00e9claration sous r\u00e9serve des  \ndispositions de l'article R.7232-18 du code du travail. Le pr\u00e9sent r\u00e9c\u00e9piss\u00e9 n'est pas limit\u00e9 dans le  \ntemps. La d\u00e9claration a une port\u00e9e nationale.\nDirection d\u00e9partementale de l'emploi, du travail et des solidarit\u00e9s du Var - 83-2025-09-19-00004 - 715-2025-recepisse d\u00e9claration\nESPOSITO LAURA du 190925 59\nL'enregistrement de la d\u00e9claration peut \u00eatre retir\u00e9 dans les conditions fix\u00e9es aux articles R.7232-\n20 \u00e0 R.7232-22 du code du travail.\nLe pr\u00e9sent r\u00e9c\u00e9piss\u00e9 sera publi\u00e9 au recueil des actes administratifs de la pr\u00e9fecture.\nLe pr\u00e9sent r\u00e9c\u00e9piss\u00e9 peut, \u00e0 compter de sa notification, faire l'objet d'un recours gracieux aupr\u00e8s  \nservice instructeur du Var ou d'un recours hi\u00e9rarchique adress\u00e9 au ministre charg\u00e9 de l'\u00e9conomie -  \nDirection g\u00e9n\u00e9rale des entreprises \u2013 sous-direction des services marchands, 61 Boulevard Vincent  \nAuriol, 75703 PARIS CEDEX 13.\nIl peut \u00e9galement faire l'objet d'un recours contentieux dans un d\u00e9lai de deux mois \u00e0 compter de sa  \nnotification aupr\u00e8s du tribunal administratif de Toulon.\nLe tribunal administratif peut aussi \u00eatre saisi par l'application informatique \u00ab T\u00e9l\u00e9recours citoyen \u00bb  \naccessible sur le site internet  http://www.telerecours.fr/\nEn cas de rejet du recours gracieux ou hi\u00e9rarchique ou en l'absence de r\u00e9ponse \u00e0 ce recours (rejet  \nimplicite), un recours contentieux devant le tribunal administratif de Toulon peut \u00e9galement \u00eatre  \nform\u00e9 contre la d\u00e9cision initiale dans un d\u00e9lai de deux mois \u00e0 compter de ce rejet. \nPour le Pr\u00e9fet et par d\u00e9l\u00e9gation\nPour le Directeur d\u00e9partemental \nde l'emploi, du travail et des solidarit\u00e9s du Var \nLa cheffe du service accompagnement \ndes entreprises et d\u00e9veloppement des territoires\nSign\u00e9 : S\u00e9verine LARDERET\nFait \u00e0 CS 31209 - 83070 TOULON Cedex, le 19/09/25\nDDETS du Var\n \nDirection d\u00e9partementale de l'emploi, du travail et des solidarit\u00e9s du Var - 83-2025-09-19-00004 - 715-2025-recepisse d\u00e9claration\nESPOSITO LAURA du 190925 60\nDirection d\u00e9partementale de l'emploi, du travail\net des solidarit\u00e9s du Var\n83-2025-09-19-00005\n716-2025-recepisse declaration LAETICIA JOSE\nDA SILVA du 190925\nDirection d\u00e9partementale de l'emploi, du travail et des solidarit\u00e9s du Var - 83-2025-09-19-00005 - 716-2025-recepisse declaration\nLAETICIA JOSE DA SILVA du 190925 61\nPF4Libert\u00e9 + \u00c9galit\u00e9 + Fraternit\u00e9R\u00c9PUBLIQUE FRAN\u00c7AISE\nR\u00e9c\u00e9piss\u00e9 de d\u00e9claration\nd'un organisme de services \u00e0 la personne\nenregistr\u00e9 sous le N\u00b0 SAP991547522\nVu le code du travail et notamment les articles L.7231-1 \u00e0 L.7233-2, R.7232-16 \u00e0 R.7232-22, D.7231-1 et \nD.7233-1 \u00e0 D.7233-5 ; \nVu la demande de d\u00e9claration d\u00e9pos\u00e9e par l'organisme , 52 Corniche Des pins 83980 Le Lavandou, le \n18/09/25 ;\nLe pr\u00e9fet du Var\nConstate : \nQu'une d\u00e9claration d'activit\u00e9s de services \u00e0 la personne a \u00e9t\u00e9 d\u00e9pos\u00e9e aupr\u00e8s du service instructeur  \ndu Var, le 18/09/25 par Mme. Leticia JOSE DA SILVA en qualit\u00e9 de dirigeant(e), pour l'organisme dont  \nl'\u00e9tablissement principal est situ\u00e9 52 Corniche Des pins 83980 Le Lavandou et enregistr\u00e9 sous le N\u00b0  \nSAP991547522 pour les activit\u00e9s suivantes :\n  \u2022   Entretien de la maison et travaux m\u00e9nagers (mode d'intervention Prestataire)\nToute  modification  concernant  les  activit\u00e9s  exerc\u00e9es  devra  faire  l'objet  d'une  d\u00e9claration \nmodificative pr\u00e9alable.\nSous r\u00e9serve d'\u00eatre exerc\u00e9es \u00e0 titre exclusif (ou sous r\u00e9serve d'une comptabilit\u00e9 s\u00e9par\u00e9e pour les  \npersonnes  morales  dispens\u00e9es  de  cette  condition),  ces  activit\u00e9s  ouvrent  droit  au  b\u00e9n\u00e9fice  des \ndispositions des articles L. 7233-2 du code du travail et L.241-10 du code de la s\u00e9curit\u00e9 sociale dans  \nles conditions pr\u00e9vues par ces articles.\nLes effets de la d\u00e9claration courent \u00e0 compter du jour du d\u00e9p\u00f4t de la d\u00e9claration sous r\u00e9serve des  \ndispositions de l'article R.7232-18 du code du travail. Le pr\u00e9sent r\u00e9c\u00e9piss\u00e9 n'est pas limit\u00e9 dans le  \ntemps. La d\u00e9claration a une port\u00e9e nationale.\nL'enregistrement de la d\u00e9claration peut \u00eatre retir\u00e9 dans les conditions fix\u00e9es aux articles R.7232-\n20  \u00e0  R.7232-22  du  code  du  travail.  Le  pr\u00e9sent  r\u00e9c\u00e9piss\u00e9  sera  publi\u00e9  au  recueil  des  actes \nadministratifs de la pr\u00e9fecture.\nLe pr\u00e9sent r\u00e9c\u00e9piss\u00e9 peut, \u00e0 compter de sa notification, faire l'objet d'un recours gracieux aupr\u00e8s  \nservice instructeur du Var ou d'un recours hi\u00e9rarchique adress\u00e9 au ministre charg\u00e9 de l'\u00e9conomie -  \nDirection g\u00e9n\u00e9rale des entreprises \u2013 sous-direction des services marchands, 61 Boulevard Vincent  \nAuriol, 75703 PARIS CEDEX 13.\nIl peut \u00e9galement faire l'objet d'un recours contentieux dans un d\u00e9lai de deux mois \u00e0 compter de sa  \nnotification aupr\u00e8s du tribunal administratif de Toulon.\nLe tribunal administratif peut aussi \u00eatre saisi par l'application informatique \u00ab T\u00e9l\u00e9recours citoyen \u00bb  \naccessible sur le site internet  http://www.telerecours.fr/\nEn cas de rejet du recours gracieux ou hi\u00e9rarchique ou en l'absence de r\u00e9ponse \u00e0 ce recours (rejet  \nimplicite), un recours contentieux devant le tribunal administratif de Toulon peut \u00e9galement \u00eatre  \nform\u00e9 contre la d\u00e9cision initiale dans un d\u00e9lai de deux mois \u00e0 compter de ce rejet. \nPour le Pr\u00e9fet et par d\u00e9l\u00e9gation\nPour le Directeur d\u00e9partemental \nde l'emploi, du travail et des solidarit\u00e9s du Var \nLa cheffe du service accompagnement \ndes entreprises et d\u00e9veloppement des territoires\nSign\u00e9 : S\u00e9verine LARDERET\nFait \u00e0 CS 31209 - 83070 TOULON Cedex, le 19/09/25\nDDETS du Var\nDirection d\u00e9partementale de l'emploi, du travail et des solidarit\u00e9s du Var - 83-2025-09-19-00005 - 716-2025-recepisse declaration\nLAETICIA JOSE DA SILVA du 190925 62\nDirection d\u00e9partementale de l'emploi, du travail\net des solidarit\u00e9s du Var\n83-2025-09-19-00006\n720-2025-recepisse declaration MONFRAIX\nMARION du 190925\nDirection d\u00e9partementale de l'emploi, du travail et des solidarit\u00e9s du Var - 83-2025-09-19-00006 - 720-2025-recepisse declaration\nMONFRAIX MARION du 190925 63\nPF4Libert\u00e9 + \u00c9galit\u00e9 + Fraternit\u00e9R\u00c9PUBLIQUE FRAN\u00c7AISE\nR\u00e9c\u00e9piss\u00e9 de d\u00e9claration\nd'un organisme de services \u00e0 la personne\nenregistr\u00e9 sous le N\u00b0 SAP895011252\nVu le code du travail et notamment les articles L.7231-1 \u00e0 L.7233-2, R.7232-16 \u00e0 R.7232-22, D.7231-1 et \nD.7233-1 \u00e0 D.7233-5 ; \nVu la demande de d\u00e9claration d\u00e9pos\u00e9e par l'organisme , 731 CHEMIN DES EYSSARES 83720 TRANS-\nEN-PROVENCE, le 19/09/25 ;\nLe pr\u00e9fet du Var\nConstate : \nQu'une d\u00e9claration d'activit\u00e9s de services \u00e0 la personne a \u00e9t\u00e9 d\u00e9pos\u00e9e aupr\u00e8s du service instructeur  \ndu Var, le 19/09/25 par Mme. MONFRAIX MARION en qualit\u00e9 de dirigeant(e), pour l'organisme  dont  \nl'\u00e9tablissement  principal  est  situ\u00e9  731  CHEMIN  DES  EYSSARES  83720  TRANS-EN-PROVENCE  et \nenregistr\u00e9 sous le N\u00b0 SAP895011252 pour les activit\u00e9s suivantes :\n  \u2022   Garde d'enfants de plus de 3 ans \u00e0 domicile (mode d'intervention Prestataire)\n  \u2022   Entretien de la maison et travaux m\u00e9nagers (mode d'intervention Prestataire)\n  \u2022   Collecte et livraison \u00e0 domicile de linge repass\u00e9 (mode d'intervention Prestataire)\n  \u2022   Livraison de courses \u00e0 domicile (mode d'intervention Prestataire)\nToute  modification  concernant  les  activit\u00e9s  exerc\u00e9es  devra  faire  l'objet  d'une  d\u00e9claration \nmodificative pr\u00e9alable.\nSous r\u00e9serve d'\u00eatre exerc\u00e9es \u00e0 titre exclusif (ou sous r\u00e9serve d'une comptabilit\u00e9 s\u00e9par\u00e9e pour les  \npersonnes  morales  dispens\u00e9es  de  cette  condition),  ces  activit\u00e9s  ouvrent  droit  au  b\u00e9n\u00e9fice  des \ndispositions des articles L. 7233-2 du code du travail et L.241-10 du code de la s\u00e9curit\u00e9 sociale dans  \nles conditions pr\u00e9vues par ces articles.\nLes effets de la d\u00e9claration courent \u00e0 compter du jour du d\u00e9p\u00f4t de la d\u00e9claration sous r\u00e9serve des  \ndispositions de l'article R.7232-18 du code du travail. Le pr\u00e9sent r\u00e9c\u00e9piss\u00e9 n'est pas limit\u00e9 dans le  \ntemps. La d\u00e9claration a une port\u00e9e nationale. L'enregistrement de la d\u00e9claration peut \u00eatre retir\u00e9  \ndans les conditions fix\u00e9es aux articles R.7232-20 \u00e0 R.7232-22 du code du travail. Le pr\u00e9sent r\u00e9c\u00e9piss\u00e9  \nsera publi\u00e9 au recueil des actes administratifs de la pr\u00e9fecture.\nLe pr\u00e9sent r\u00e9c\u00e9piss\u00e9 peut, \u00e0 compter de sa notification, faire l'objet d'un recours gracieux aupr\u00e8s  \nservice instructeur du Var ou d'un recours hi\u00e9rarchique adress\u00e9 au ministre charg\u00e9 de l'\u00e9conomie -  \nDirection g\u00e9n\u00e9rale des entreprises \u2013 sous-direction des services marchands, 61 Boulevard Vincent  \nAuriol, 75703 PARIS CEDEX 13. Il peut \u00e9galement faire l'objet d'un recours contentieux dans un d\u00e9lai  \nde deux mois \u00e0 compter de sa notification aupr\u00e8s du tribunal administratif de Toulon.\nLe tribunal administratif peut aussi \u00eatre saisi par l'application informatique \u00ab T\u00e9l\u00e9recours citoyen \u00bb  \naccessible sur le site internet  http://www.telerecours.fr/\nEn cas de rejet du recours gracieux ou hi\u00e9rarchique ou en l'absence de r\u00e9ponse \u00e0 ce recours (rejet  \nimplicite), un recours contentieux devant le tribunal administratif de Toulon peut \u00e9galement \u00eatre  \nform\u00e9 contre la d\u00e9cision initiale dans un d\u00e9lai de deux mois \u00e0 compter de ce rejet. \nPour le Pr\u00e9fet et par d\u00e9l\u00e9gation\nPour le Directeur d\u00e9partemental \nde l'emploi, du travail et des solidarit\u00e9s du Var \nLa cheffe du service accompagnement \ndes entreprises et d\u00e9veloppement des territoires\nSign\u00e9 : S\u00e9verine LARDERET\nFait \u00e0 CS 31209 - 83070 TOULON Cedex, le 19/09/25\nDDETS du Var \nDirection d\u00e9partementale de l'emploi, du travail et des solidarit\u00e9s du Var - 83-2025-09-19-00006 - 720-2025-recepisse declaration\nMONFRAIX MARION du 190925 64\nDirection d\u00e9partementale de l'emploi, du travail\net des solidarit\u00e9s du Var\n83-2025-09-22-00002\n722-2025-recepisse declaration CARRASCO\nZOONENS JULIE du 220925\nDirection d\u00e9partementale de l'emploi, du travail et des solidarit\u00e9s du Var - 83-2025-09-22-00002 - 722-2025-recepisse declaration\nCARRASCO ZOONENS JULIE du 220925 65\nPF4Libert\u00e9 + \u00c9galit\u00e9 + Fraternit\u00e9R\u00c9PUBLIQUE FRAN\u00c7AISE\nR\u00e9c\u00e9piss\u00e9 de d\u00e9claration\nd'un organisme de services \u00e0 la personne\nenregistr\u00e9 sous le N\u00b0 SAP912241692\nVu le code du travail et notamment les articles L.7231-1 \u00e0 L.7233-2, R.7232-16 \u00e0 R.7232-22, D.7231-1 et \nD.7233-1 \u00e0 D.7233-5 ; \nVu la demande de d\u00e9claration d\u00e9pos\u00e9e par l'organisme , 525 chemin Serre de Moutte 83830 \nFIGANIERES, le 19/09/25 ;\nLe pr\u00e9fet du Var\nConstate : \nQu'une d\u00e9claration d'activit\u00e9s de services \u00e0 la personne a \u00e9t\u00e9 d\u00e9pos\u00e9e aupr\u00e8s du service instructeur  \ndu Var, le 19/09/25 par Mme. CARRASCO ZOONENS Julie en qualit\u00e9 de dirigeant(e), pour l'organisme  \ndont l'\u00e9tablissement principal est situ\u00e9 525 chemin Serre de Moutte 83830 FIGANIERES et enregistr\u00e9  \nsous le N\u00b0 SAP912241692 pour les activit\u00e9s suivantes :\n  \u2022   Soutien scolaire ou cours \u00e0 domicile (mode d'intervention Prestataire)\nToute  modification  concernant  les  activit\u00e9s  exerc\u00e9es  devra  faire  l'objet  d'une  d\u00e9claration \nmodificative pr\u00e9alable.\nSous r\u00e9serve d'\u00eatre exerc\u00e9es \u00e0 titre exclusif (ou sous r\u00e9serve d'une comptabilit\u00e9 s\u00e9par\u00e9e pour les  \npersonnes  morales  dispens\u00e9es  de  cette  condition),  ces  activit\u00e9s  ouvrent  droit  au  b\u00e9n\u00e9fice  des \ndispositions des articles L. 7233-2 du code du travail et L.241-10 du code de la s\u00e9curit\u00e9 sociale dans  \nles conditions pr\u00e9vues par ces articles.\nLes effets de la d\u00e9claration courent \u00e0 compter du jour du d\u00e9p\u00f4t de la d\u00e9claration sous r\u00e9serve des  \ndispositions de l'article R.7232-18 du code du travail. Le pr\u00e9sent r\u00e9c\u00e9piss\u00e9 n'est pas limit\u00e9 dans le  \ntemps. La d\u00e9claration a une port\u00e9e nationale.\nL'enregistrement de la d\u00e9claration peut \u00eatre retir\u00e9 dans les conditions fix\u00e9es aux articles R.7232-\n20  \u00e0  R.7232-22  du  code  du  travail.  Le  pr\u00e9sent  r\u00e9c\u00e9piss\u00e9  sera  publi\u00e9  au  recueil  des  actes \nadministratifs de la pr\u00e9fecture.\nLe pr\u00e9sent r\u00e9c\u00e9piss\u00e9 peut, \u00e0 compter de sa notification, faire l'objet d'un recours gracieux aupr\u00e8s  \nservice instructeur du Var ou d'un recours hi\u00e9rarchique adress\u00e9 au ministre charg\u00e9 de l'\u00e9conomie -  \nDirection g\u00e9n\u00e9rale des entreprises \u2013 sous-direction des services marchands, 61 Boulevard Vincent  \nAuriol, 75703 PARIS CEDEX 13.\nIl peut \u00e9galement faire l'objet d'un recours contentieux dans un d\u00e9lai de deux mois \u00e0 compter de sa  \nnotification aupr\u00e8s du tribunal administratif de Toulon. Le tribunal administratif peut aussi \u00eatre saisi  \npar  l'application  informatique  \u00ab  T\u00e9l\u00e9recours  citoyen  \u00bb  accessible  sur  le  site  internet   \nhttp://www.telerecours.fr/\nEn cas de rejet du recours gracieux ou hi\u00e9rarchique ou en l'absence de r\u00e9ponse \u00e0 ce recours (rejet  \nimplicite), un recours contentieux devant le tribunal administratif de Toulon peut \u00e9galement \u00eatre  \nform\u00e9 contre la d\u00e9cision initiale dans un d\u00e9lai de deux mois \u00e0 compter de ce rejet. \nPour le Pr\u00e9fet et par d\u00e9l\u00e9gation\nPour le Directeur d\u00e9partemental \nde l'emploi, du travail et des solidarit\u00e9s du Var \nLa cheffe du service accompagnement \ndes entreprises et d\u00e9veloppement des territoires\nSign\u00e9 : S\u00e9verine LARDERET\nFait \u00e0 CS 31209 - 83070 TOULON Cedex, le 22/09/25\nDDETS du Var\nDirection d\u00e9partementale de l'emploi, du travail et des solidarit\u00e9s du Var - 83-2025-09-22-00002 - 722-2025-recepisse declaration\nCARRASCO ZOONENS JULIE du 220925 66\nDirection d\u00e9partementale de l'emploi, du travail\net des solidarit\u00e9s du Var\n83-2025-09-22-00004\n724-2025-recepisse declaration SONIA FAGETTE\ndu 220925\nDirection d\u00e9partementale de l'emploi, du travail et des solidarit\u00e9s du Var - 83-2025-09-22-00004 - 724-2025-recepisse declaration\nSONIA FAGETTE du 220925 67\nPF4Libert\u00e9 + \u00c9galit\u00e9 + Fraternit\u00e9R\u00c9PUBLIQUE FRAN\u00c7AISE\nR\u00e9c\u00e9piss\u00e9 de d\u00e9claration\nd'un organisme de services \u00e0 la personne\nenregistr\u00e9 sous le N\u00b0 SAP988348058\nVu le code du travail et notamment les articles L.7231-1 \u00e0 L.7233-2, R.7232-16 \u00e0 R.7232-22, D.7231-1 et \nD.7233-1 \u00e0 D.7233-5 ; \nVu la demande de d\u00e9claration d\u00e9pos\u00e9e par l'organisme Sonia Fagette, 194 AVENUE BENOIT MALON \n83000 TOULON, le 21/09/25 ;\nLe pr\u00e9fet du Var\nConstate : \nQu'une d\u00e9claration d'activit\u00e9s de services \u00e0 la personne a \u00e9t\u00e9 d\u00e9pos\u00e9e aupr\u00e8s du service instructeur  \ndu Var, le 21/09/25 par Mme. FAGETTE SONIA en qualit\u00e9 de dirigeant(e), pour l'organisme Sonia  \nFagette dont l'\u00e9tablissement principal est situ\u00e9 194 AVENUE BENOIT MALON 83000 TOULON et  \nenregistr\u00e9 sous le N\u00b0 SAP988348058 pour les activit\u00e9s suivantes :\n  \u2022   Entretien de la maison et travaux m\u00e9nagers (mode d'intervention Prestataire)\nToute  modification  concernant  les  activit\u00e9s  exerc\u00e9es  devra  faire  l'objet  d'une  d\u00e9claration \nmodificative pr\u00e9alable.\nSous r\u00e9serve d'\u00eatre exerc\u00e9es \u00e0 titre exclusif (ou sous r\u00e9serve d'une comptabilit\u00e9 s\u00e9par\u00e9e pour les  \npersonnes  morales  dispens\u00e9es  de  cette  condition),  ces  activit\u00e9s  ouvrent  droit  au  b\u00e9n\u00e9fice  des \ndispositions des articles L. 7233-2 du code du travail et L.241-10 du code de la s\u00e9curit\u00e9 sociale dans  \nles conditions pr\u00e9vues par ces articles.\nLes effets de la d\u00e9claration courent \u00e0 compter du jour du d\u00e9p\u00f4t de la d\u00e9claration sous r\u00e9serve des  \ndispositions de l'article R.7232-18 du code du travail. Le pr\u00e9sent r\u00e9c\u00e9piss\u00e9 n'est pas limit\u00e9 dans le  \ntemps. La d\u00e9claration a une port\u00e9e nationale.\nL'enregistrement de la d\u00e9claration peut \u00eatre retir\u00e9 dans les conditions fix\u00e9es aux articles R.7232-\n20  \u00e0  R.7232-22  du  code  du  travail.  Le  pr\u00e9sent  r\u00e9c\u00e9piss\u00e9  sera  publi\u00e9  au  recueil  des  actes \nadministratifs de la pr\u00e9fecture.\nLe pr\u00e9sent r\u00e9c\u00e9piss\u00e9 peut, \u00e0 compter de sa notification, faire l'objet d'un recours gracieux aupr\u00e8s  \nservice instructeur du Var ou d'un recours hi\u00e9rarchique adress\u00e9 au ministre charg\u00e9 de l'\u00e9conomie -  \nDirection g\u00e9n\u00e9rale des entreprises \u2013 sous-direction des services marchands, 61 Boulevard Vincent  \nAuriol, 75703 PARIS CEDEX 13.\nIl peut \u00e9galement faire l'objet d'un recours contentieux dans un d\u00e9lai de deux mois \u00e0 compter de sa  \nnotification aupr\u00e8s du tribunal administratif de Toulon.\nLe tribunal administratif peut aussi \u00eatre saisi par l'application informatique \u00ab T\u00e9l\u00e9recours citoyen \u00bb  \naccessible sur le site internet  http://www.telerecours.fr/\nEn cas de rejet du recours gracieux ou hi\u00e9rarchique ou en l'absence de r\u00e9ponse \u00e0 ce recours (rejet  \nimplicite), un recours contentieux devant le tribunal administratif de Toulon peut \u00e9galement \u00eatre  \nform\u00e9 contre la d\u00e9cision initiale dans un d\u00e9lai de deux mois \u00e0 compter de ce rejet. \nPour le Pr\u00e9fet et par d\u00e9l\u00e9gation\nPour le Directeur d\u00e9partemental \nde l'emploi, du travail et des solidarit\u00e9s du Var \nLa cheffe du service accompagnement \ndes entreprises et d\u00e9veloppement des territoires\nSign\u00e9 : S\u00e9verine LARDERET\nFait \u00e0 CS 31209 - 83070 TOULON Cedex, le 22/09/25\nDDETS du Var\nDirection d\u00e9partementale de l'emploi, du travail et des solidarit\u00e9s du Var - 83-2025-09-22-00004 - 724-2025-recepisse declaration\nSONIA FAGETTE du 220925 68\nDirection d\u00e9partementale de la protection des\npopulations  du Var\n83-2025-09-22-00003\n Arr\u00eat\u00e9 modificatif formation SSIAP - RK2C\nFORMATION\nDirection d\u00e9partementale de la protection des populations  du Var - 83-2025-09-22-00003 -  Arr\u00eat\u00e9 modificatif formation SSIAP -\nRK2C FORMATION 69\n=mPREFETDU VARLibert\u00e9Egalit\u00e9Fraternit\u00e9\nDirection d\u00e9partementale\nde la protection des populations\nP\u00f4le \u00ab \u00c9tablissements recevant du public \u00bb (ERP)\nARR\u00caT\u00c9 PR\u00c9FECTORAL N\u00b025/248 DU 22 SEPTEMBRE 2025 MODIFIANT L'ARR\u00caT\u00c9 \nPR\u00c9FECTORAL DU 11 JUILLET 2022 PORTANT AGR\u00c9MENT D'UN CENTRE POUR LA \nFORMATION DU PERSONNEL PERMANENT DES SERVICES DE S\u00c9CURIT\u00c9 INCENDIE \nDES \u00c9TABLISSEMENTS RECEVANT DU PUBLIC ET DES IMMEUBLES DE GRANDE \nHAUTEUR\nLe Pr\u00e9fet du Var,\nChevalier de la L\u00e9gion d'honneur,\nChevalier de l'ordre national du m\u00e9rite,\nVU le code de la construction et de l'habitation ;\nVU le code du travail, et notamment les articles L. 920-1 \u00e0 L. 920-13 ;\nVU  l'arr\u00eat\u00e9  du  18  octobre  1977  modifi\u00e9  portant  r\u00e8glement  de  s\u00e9curit\u00e9  pour  la \nconstruction des immeubles de grande hauteur et leur protection contre les risques  \nd'incendie et de panique, et notamment les articles GH 60, GH 62 et GH 63 ;\nVU l'arr\u00eat\u00e9 du 25 juin 1980 modifi\u00e9 portant approbation des dispositions g\u00e9n\u00e9rales du \nr\u00e8glement  de  s\u00e9curit\u00e9  contre  les  risques  d'incendie  et  de  panique  dans  les \n\u00e9tablissements recevant du public et notamment les articles MS 46, MS 47 et MS 48 ;\nVU l'arr\u00eat\u00e9 du 2 mai 2005 relatif aux missions, \u00e0 l'emploi et \u00e0 la qualification du  \npersonnel permanent des services de s\u00e9curit\u00e9 incendie des \u00e9tablissements recevant  \ndu public et des immeubles de grande hauteur et notamment l'article 12 ;\nVU  l'arr\u00eat\u00e9  pr\u00e9fectoral  du 11  juillet  2022  portant  agr\u00e9ment  d'un  centre  pour  la \nformation  du  personnel  permanent  des  services  de  s\u00e9curit\u00e9  incendie  des  \n\u00e9tablissements recevant du public et des immeubles de grande hauteur  d\u00e9nomm\u00e9 \nRK2C FORMATION ;\nVU l'arr\u00eat\u00e9  pr\u00e9fectoral  n\u00b0  2025/24/MCI,  du  02  juin  2025,  portant  d\u00e9l\u00e9gation  de \nsignature \u00e0 Madame Nathalie GUERSON, Directrice d\u00e9partementale de la protection  \ndes populations du Var,\nVU l'arr\u00eat\u00e9 n\u00b0 25/141 du 1er juillet 2025, portant subd\u00e9l\u00e9gation de signature \u00e0 Monsieur \nJean-Fran\u00e7ois  CARRI\u00c9,  directeur  d\u00e9partemental  adjoint  de  la  protection  des  \npopulations du Var ;\n1/3\nDirection d\u00e9partementale de la protection des populations  du Var - 83-2025-09-22-00003 -  Arr\u00eat\u00e9 modificatif formation SSIAP -\nRK2C FORMATION 70\nVU la demande du 1 septembre 2025, exprim\u00e9e par M. LABIQUE Christophe, g\u00e9rant de \nla soci\u00e9t\u00e9 RK2C FORMATION, compl\u00e9t\u00e9e par la production d'un dossier ;\nSUR  proposition  de  Madame  la  directrice  d\u00e9partementale  de  la  protection  des \npopulations,\nARR\u00caTE\nARTICLE 1 : L'annexe 1, jointe \u00e0 l'arr\u00eat\u00e9 du 11 juillet 2022, concernant la liste des\nformateurs de l'organisme RK2C Formation est modifi\u00e9e comme suit.\nLe reste de l'arr\u00eat\u00e9 demeure inchang\u00e9.\nARTICLE 2 : La Directrice d\u00e9partementale de la protection des populations et le\nDirecteur d\u00e9partemental des services d'incendie et de secours sont charg\u00e9s, chacun\nen ce qui le concerne, de l'ex\u00e9cution du pr\u00e9sent arr\u00eat\u00e9, qui sera publi\u00e9 au Recueil des\nActes Administratifs de la Pr\u00e9fecture du Var.\nARTICLE 3 : le pr\u00e9sent arr\u00eat\u00e9 peut faire l'objet d'un recours contentieux devant le\nTribunal Administratif de Toulon, dans un d\u00e9lai de deux mois, \u00e0 compter de la date  \nde sa publication,\nToulon, le 22 septembre 2025\n2/3\nPour le Pr\u00e9fet et par d\u00e9l\u00e9gation,\n le directeur d\u00e9partemental adjoint\nde la protection des populations,\nSign\u00e9\nJean-Fran\u00e7ois CARRI\u00c9\nDirection d\u00e9partementale de la protection des populations  du Var - 83-2025-09-22-00003 -  Arr\u00eat\u00e9 modificatif formation SSIAP -\nRK2C FORMATION 71\nANNEXE 1\nLISTE DES FORMATEURS RK2C Formation\nFormations SSIAP\n M. Romain BERTON \u2013 qualification SSIAP 1\n M. Lababa Yves RAMIARAMANANA \u2013 qualification SSIAP 3\nM. Christophe LABIQUE \u2013 qualification SSIAP 2\nM.Laurent JOUFFRAY \u2013 SSIAP 2\nM.Faride MOUSSA\u00cfD \u2013 SSIAP 3\nM. St\u00e9phane POIRRIER \u2013 SSIAP 3\nM.Serge FRULIO \u2013 SSIAP 1\nM.Jos\u00e9 ESTEVES-NOVO \u2013 SSIAP 2\nM. Florent DUCLOUD \u2013 SSIAP 3\nM. Herv\u00e9 PICQUE \u2013 SSIAP 1\nMme. Ana\u00efs MARTINEZ \u2013 SSIAP 1\nM. Pablo PL\u00c9 \u2013 SSIAP 2\nM. Pascal LONGVERT -SSIAP 2\nM. Sylvain DUGUET \u2013 SSIAP 1\nPr\u00e9fecture du Var\nDDPP \u2013 \u00c9tablissements Recevant du Public & Classement Touristique\nBoulevard du 112\u00e8me R\u00e9giment d'Infanterie \u2013 CS 31209 \u2013 83070 TOULON CEDEX\nDirection d\u00e9partementale de la protection des populations  du Var - 83-2025-09-22-00003 -  Arr\u00eat\u00e9 modificatif formation SSIAP -\nRK2C FORMATION 72\nDirection d\u00e9partementale des territoires et de la\nmer du Var\n83-2025-09-18-00020\nARR\u00caT\u00c9 PR\u00c9FECTORAL n\u00b0\nDDTM/SAF/BFDFCI/2025-42 du 18 septembre\n2025\nportant application du r\u00e9gime forestier sur la\nfor\u00eat communale du Plan-de-la-Tour\nDirection d\u00e9partementale des territoires et de la mer du Var - 83-2025-09-18-00020 - ARR\u00caT\u00c9 PR\u00c9FECTORAL n\u00b0\nDDTM/SAF/BFDFCI/2025-42 du 18 septembre 2025\nportant application du r\u00e9gime forestier sur la for\u00eat communale du Plan-de-la-Tour\n73\nExPREFETDU VARLibert\u00e9Egalit\u00e9Fraternit\u00e9\nP\nARR\u00caT\u00c9 PR\u00c9FECTORAL n\u00b0 DDTM/SAF/BFDFCI/2025-42 du 18 septembre 2025\nportant application du r\u00e9gime forestier sur la for\u00eat communale \ndu Plan-de-la-Tour\nLe Pr\u00e9fet du Var,\nVu les articles L. 211-1, L. 214-3 et R. 214-8 du Code forestier ;\nVu l'arr\u00eat\u00e9  du  4  mars  2022  portant  nomination  de  M.  Laurent  BOULET,  directeur \nd\u00e9partemental des territoires et de la mer du Var ;\nVu l'arr\u00eat\u00e9 pr\u00e9fectoral 2025/25/MCI du 2  juin 2025 portant d\u00e9l\u00e9gation de signature \u00e0 M.  \nLaurent BOULET, directeur d\u00e9partemental des territoires et de la mer du Var;\nVu la d\u00e9lib\u00e9ration du conseil municipal de la commune du Plan-de-la-Tour en date du 5 juin  \n2025 ;\nVu le plan des lieux de la for\u00eat communale du Plan-de-la-Tour ;\nVu l'avis du Directeur de l'agence territoriale Alpes Maritimes - Var de l'Office National des  \nFor\u00eats en date du 17 juin 2025 ;\nConsid\u00e9rant l'avis favorable de la direction d\u00e9partementale des territoires et de la mer du  \nVar ;\nSur proposition du directeur d\u00e9partemental des territoires et de la mer du Var,\nARR\u00caTE :\nArticle 1  er     :   L'application du r\u00e9gime forestier est prononc\u00e9e sur les parcelles de terrain forestier \nappartenant  \u00e0  la  commune  du  Plan-de-la-Tour,  pour  une  surface  totale  de  363,1307 ha, \nd\u00e9sign\u00e9es dans le tableau ci-joint, r\u00e9parties sur le territoire communal du Plan-de-la-Tour pour \n213,3371 ha et sur le territoire communal de la Garde-Freinet pour 149,7936 ha.\nArticle  2     :   Tous  les  arr\u00eat\u00e9s  pr\u00e9fectoraux  concernant  l'application  du  r\u00e9gime  forestier  aux \nparcelles de terrain appartenant \u00e0 la commune  du Plan-de-la-Tour et ant\u00e9rieurs au pr\u00e9sent  \narr\u00eat\u00e9 sont abrog\u00e9s.\nDirection d\u00e9partementale\ndes territoires et de la mer du Var\nDirection d\u00e9partementale des territoires et de la mer du Var - 83-2025-09-18-00020 - ARR\u00caT\u00c9 PR\u00c9FECTORAL n\u00b0\nDDTM/SAF/BFDFCI/2025-42 du 18 septembre 2025\nportant application du r\u00e9gime forestier sur la for\u00eat communale du Plan-de-la-Tour\n74\nP\nArticle 3 :  Le pr\u00e9sent arr\u00eat\u00e9 est susceptible d'un recours aupr\u00e8s du tribunal administratif de  \nToulon  dans  un  d\u00e9lai  de  deux  mois  \u00e0  compter  de  sa  publication  au  recueil  des  actes \nadministratifs.\nArticle  4  : Le  secr\u00e9taire  g\u00e9n\u00e9ral  de  la  pr\u00e9fecture  du  Var,  le  directeur  d\u00e9partemental  des \nterritoires et de la mer du Var, le maire de la commune du Plan-de-la-Tour  , le directeur  \nterritorial  de  l'office  national  des  for\u00eats,  sont  charg\u00e9s  chacun  en  ce  qui  le  concerne,  de \nl'ex\u00e9cution du pr\u00e9sent arr\u00eat\u00e9 qui sera affich\u00e9 dans la commune du Plan-de-la-Tour et publi\u00e9 au \nrecueil des actes administratifs de la Pr\u00e9fecture du Var.\nFait \u00e0 Toulon, le 18 septembre 2025\npour le Pr\u00e9fet et par d\u00e9l\u00e9gation,\nle directeur d\u00e9partemental des \nterritoires et de la mer du Var\nSign\u00e9\nLaurent BOULET\n2/2\nDirection d\u00e9partementale des territoires et de la mer du Var - 83-2025-09-18-00020 - ARR\u00caT\u00c9 PR\u00c9FECTORAL n\u00b0\nDDTM/SAF/BFDFCI/2025-42 du 18 septembre 2025\nportant application du r\u00e9gime forestier sur la for\u00eat communale du Plan-de-la-Tour\n75\nFORET COMMUNALE DU PLAN-DE-LA-TOUR\n1\nListe des parcelles cadastrales relevant du r\u00e9gime forestier appartenant \u00e0 la \ncommune du Plan-de-la-Tour sur le territoire communal de la Garde Freinet.\nSECTION N\u00b0PLAN LIEU-DIT\nD 11 SARTOURESSE 201725 201725\nD 12 SARTOURESSE 28525 28525\nD 17 SARTOURESSE 137400 137400\nD 41 LES PORTETTES 13338 13338\nD 46 L AIGRE 26500 26500\nD 54 L AIGRE 637 637\nD 55 L AIGRE 4325 4325\nD 62 L AIGRE 8525 8525\nD 88 CHAIX 18875 18875\nD 90 CHAIX 11850 11850\nD 98 LANGASTOUA 24625 24625\nD 99 LANGASTOUA 23725 23725\nD 110 ANTIBERE 7500 7500\nD 111 ANTIBERE 1550 1550\nD 112 ANTIBERE 481511 481511\nD 151 BOUILLIDOU 154600 154600\nD 152 BOUILLIDOU 284950 284950\nD 155 LE PLANTIER 67525 67525\nD 250 LE PLANTIER 164 250 250\nTotal 1497936\nsoit 149.7936 ha\nListe des parcelles cadastrales relevant du r\u00e9gime forestier appartenant \u00e0 la \ncommune du Plan-de-la-Tour sur le territoire communal du Plan-de-la-Tour\nSECTION N\u00b0PLAN LIEU-DIT\nA 658 TERRE COMMUNALE 33000 33000\nA 659 TERRE COMMUNALE 132450 132450\nA 660 TERRE COMMUNALE 640200 640200\nA 663 TERRE COMMUNALE 282800 282800\nA 684 LE RAUCH 9500 9500\nA 754 LES ROUSSILLONS 30000 30000\nA 1876p LE SOURD 1025 222344 215270\nA 1877 LE SOURD 1017 735626 735626\nA 1881p LE SOURD 1026 20594 8425\nG 790 REVERDI 46100 46100\nTotal 2133371\nsoit 213.3371 ha\nTOTAL FOR\u00caT RF 3631307\nsoit 363.1307 ha\nN\u00b0PARC \nPRIM\nSURFACE \nm2\nREGIME \nFORESTIER\nN\u00b0PARC \nPRIM\nSURFACE \nm2\nREGIME \nFORESTIER\nDirection d\u00e9partementale des territoires et de la mer du Var - 83-2025-09-18-00020 - ARR\u00caT\u00c9 PR\u00c9FECTORAL n\u00b0\nDDTM/SAF/BFDFCI/2025-42 du 18 septembre 2025\nportant application du r\u00e9gime forestier sur la for\u00eat communale du Plan-de-la-Tour\n76\nPr\u00e9fecture du VAR\n83-2025-09-18-00018\nArr\u00eat\u00e9 pr\u00e9fectoral n\u00b0 186/2025-BCLI \nportant fixation du nombre de si\u00e8ges et\nr\u00e9partition des si\u00e8ges entre les communes au\nsein de la communaut\u00e9 Est\u00e9rel C\u00f4te-d'Azur\nagglom\u00e9ration\nPr\u00e9fecture du VAR - 83-2025-09-18-00018 - Arr\u00eat\u00e9 pr\u00e9fectoral n\u00b0 186/2025-BCLI \nportant fixation du nombre de si\u00e8ges et r\u00e9partition des si\u00e8ges entre les communes au sein de la communaut\u00e9 Est\u00e9rel C\u00f4te-d'Azur\nagglom\u00e9ration\n77\n=mPREFETDU VARLibert\u00e9Egalit\u00e9Fraternit\u00e9\n Direction de la citoyennet\u00e9 et de la l\u00e9galit\u00e9\nBureau du contr\u00f4le de l\u00e9galit\u00e9 et de l'intercommunalit\u00e9\nARR\u00caT\u00c9 PR\u00c9FECTORAL n\u00b0 186/2025-BCLI \nportant fixation du nombre de si\u00e8ges et r\u00e9partition des si\u00e8ges entre les communes au sein de \nla communaut\u00e9 Est\u00e9rel C\u00f4te-d'Azur agglom\u00e9ration\nVu le Code g\u00e9n\u00e9ral des collectivit\u00e9s territoriales (CGCT), et notamment son article L.5211-6-1 ;\nVu le Code \u00e9lectoral et notamment son article L.273-1 ;\nVu  la  loi  n\u00b02010-1563  du  16  d\u00e9cembre  2010  de  r\u00e9forme  des  collectivit\u00e9s  territoriales \nmodifi\u00e9es notamment son article 9 ;\nVu la loi n\u00b02015-264 du 9 mars 2015 autorisant l'accord local de r\u00e9partition des si\u00e8ges de  \nconseiller communautaire ;\nVu le d\u00e9cret n\u00b02024-1276 du 31 d\u00e9cembre 2024 authentifiant les chiffres des populations de la \nm\u00e9tropole, des d\u00e9partements d'outre-mer de la Guadeloupe, de la Guyane, de la Martinique  \net le La R\u00e9union, et des collectivit\u00e9s de Saint-Barth\u00e9lemy, de Saint-Martin et de Saint-Pierre-et-\nMiquelon ; \nVu  le  d\u00e9cret  du  Pr\u00e9sident  de  la  R\u00e9publique  du  15  mai  2025  portant  nomination  de \nMonsieur Simon BABRE, pr\u00e9fet du Var ;\nVu  l'arr\u00eat\u00e9  pr\u00e9fectoral  n\u00b02025/12/MCI  du  2  juin  2025,  portant  d\u00e9l\u00e9gation  de  signature  \u00e0 \nMonsieur  Lucien  GIUDICELLI,  secr\u00e9taire  g\u00e9n\u00e9ral  de  la  pr\u00e9fecture  du  Var,  sous-pr\u00e9fet  de \nl'arrondissement de Toulon ; \nVu l'arr\u00eat\u00e9 pr\u00e9fectoral n\u00b020/2012 du 13 d\u00e9cembre 2012, modifi\u00e9, portant cr\u00e9ation d'Est\u00e9rel  \nC\u00f4te d'Azur agglom\u00e9ration ;\nConsid\u00e9rant  qu'en  l'absence  d'accord  local  entre  les  communes  membres,  le  conseil \ncommunautaire est recompos\u00e9 d'office, par arr\u00eat\u00e9 pr\u00e9fectoral, sur une base d\u00e9mographique  \nen application des dispositions de l'article L.5211-6-1 du CGCT.\nSur proposition de Monsieur le secr\u00e9taire g\u00e9n\u00e9ral de la pr\u00e9fecture du Var, \nPr\u00e9fecture du VAR - 83-2025-09-18-00018 - Arr\u00eat\u00e9 pr\u00e9fectoral n\u00b0 186/2025-BCLI \nportant fixation du nombre de si\u00e8ges et r\u00e9partition des si\u00e8ges entre les communes au sein de la communaut\u00e9 Est\u00e9rel C\u00f4te-d'Azur\nagglom\u00e9ration\n78\nARR  \u00ca  TE     :  \nArticle 1  er   : A compter du renouvellement g\u00e9n\u00e9ral des conseillers municipaux en mars 2026, la \ncomposition  du  conseil  communautaire  de  la  Communaut\u00e9  d'Est\u00e9rel  C\u00f4te  d'Azur  \nagglom\u00e9ration est fix\u00e9e \u00e0 48 si\u00e8ges, r\u00e9partis comme suit :\nCommune Nombre de si\u00e8ges par commune\nFr\u00e9jus 23\nSaint-Rapha\u00ebl 15\nRoquebrune-sur-Argens 6\nPuget-sur-Argens 3\nLes Adrets-de-l'Est\u00e9rel 1\nTotal 48\nArticle 2  : Le secr\u00e9taire g\u00e9n\u00e9ral de la pr\u00e9fecture du Var, le pr\u00e9sident de la communaut\u00e9  \nd'Est\u00e9rel  C\u00f4te  d'Azur  agglom\u00e9ration,  les  maires  des  communes  concern\u00e9s  sont  charg\u00e9s, \nchacun en ce qui les concerne, de l'ex\u00e9cution du pr\u00e9sent arr\u00eat\u00e9, qui sera publi\u00e9 au recueil des \nactes administratifs de la pr\u00e9fecture du Var et dont copie sera adress\u00e9e \u00e0 la direction des  \narchives d\u00e9partementales. \nFait \u00e0 Toulon, le 18 septembre 2025\nPour le Pr\u00e9fet et par d\u00e9l\u00e9gation le \nsecr\u00e9taire g\u00e9n\u00e9ral, \nSIGN\u00c9\nLucien GIUDICELLI\nDans un d\u00e9lai de deux mois \u00e0 compter de la date de la notification ou de la publication du pr\u00e9sent arr\u00eat\u00e9, les recours suivants peuvent \u00eatre introduits conform\u00e9ment aux \ndispositions des articles R. 421-1 et suivants du code de justice administrative :\n- un recours gracieux, adress\u00e9 \u00e0 : M. le Pr\u00e9fet du Var \u2013 Bd du 112\u00e8me r\u00e9giment d'infanterie- CS 31209 - 83070 TOULON CEDEX\n- un recours hi\u00e9rarchique, adress\u00e9 au ministre de l'int\u00e9rieur - Place Beauvau - 75800 PARIS\nDans les deux cas, le silence de l'administration vaut rejet implicite au terme d'un d\u00e9lai de deux mois.\nApr\u00e8s un recours gracieux ou hi\u00e9rarchique, le d\u00e9lai du recours contentieux ne court qu'\u00e0 compter du rejet explicite ou implicite de l'un de ces recours.\n- un recours contentieux, en saisissant le Tribunal Administratif de Toulon : 5 rue Racine -BP 40510 - 83 041 TOULON CEDEX 9\nLe tribunal administratif peut \u00eatre saisi par l'application informatique \u00ab T\u00e9l\u00e9recours citoyens \u00bb accessible par le site internet \u00ab www.telerecours.fr \u00bb\nPr\u00e9fecture du VAR - 83-2025-09-18-00018 - Arr\u00eat\u00e9 pr\u00e9fectoral n\u00b0 186/2025-BCLI \nportant fixation du nombre de si\u00e8ges et r\u00e9partition des si\u00e8ges entre les communes au sein de la communaut\u00e9 Est\u00e9rel C\u00f4te-d'Azur\nagglom\u00e9ration\n79\nPr\u00e9fecture du VAR\n83-2025-09-18-00019\nArr\u00eat\u00e9 pr\u00e9fectoral n\u00b0188 /2025-BCLI \nportant fixation du nombre et r\u00e9partition des\nsi\u00e8ges entre les communes au sein du conseil\nm\u00e9tropolitain de la M\u00e9tropole Toulon Provence\nM\u00e9diterran\u00e9e (MTPM)\nPr\u00e9fecture du VAR - 83-2025-09-18-00019 - Arr\u00eat\u00e9 pr\u00e9fectoral n\u00b0188 /2025-BCLI \nportant fixation du nombre et r\u00e9partition des si\u00e8ges entre les communes au sein du conseil m\u00e9tropolitain de la M\u00e9tropole Toulon\nProvence M\u00e9diterran\u00e9e (MTPM)\n80\n=mPREFETDU VARLibert\u00e9Egalit\u00e9Fraternit\u00e9\n Direction de la citoyennet\u00e9 et de la l\u00e9galit\u00e9\nBureau du contr\u00f4le de l\u00e9galit\u00e9 et de l'intercommunalit\u00e9\nARR\u00caT\u00c9 PR\u00c9FECTORAL n\u00b0188 /2025-BCLI \nportant fixation du nombre et r\u00e9partition des si\u00e8ges entre les communes au sein du conseil \nm\u00e9tropolitain de la M\u00e9tropole Toulon Provence M\u00e9diterran\u00e9e (MTPM)\nVu le Code g\u00e9n\u00e9ral des collectivit\u00e9s territoriales (CGCT), et notamment son article L.5211-6-1 ;\nVu le Code \u00e9lectoral et notamment son article L.273-1 ;\nVu  la  loi  n\u00b02010-1563  du  16  d\u00e9cembre  2010  de  r\u00e9forme  des  collectivit\u00e9s  territoriales \nmodifi\u00e9es notamment son article 9 ;\nVu la loi n\u00b02015-264 du 9 mars 2015 autorisant l'accord local de r\u00e9partition des si\u00e8ges de  \nconseiller communautaire ;\nVu le d\u00e9cret n\u00b02024-1276 du 31 d\u00e9cembre 2024 authentifiant les chiffres des populations de la \nm\u00e9tropole, des d\u00e9partements d'outre-mer de la Guadeloupe, de la Guyane, de la Martinique  \net le La R\u00e9union, et des collectivit\u00e9s de Saint-Barth\u00e9lemy, de Saint-Martin et de Saint-Pierre-et-\nMiquelon ; \nVu  le  d\u00e9cret  du  Pr\u00e9sident  de  la  R\u00e9publique  du  15  mai  2025  portant  nomination  de \nMonsieur Simon BABRE, pr\u00e9fet du Var ;\nVu  l'arr\u00eat\u00e9  pr\u00e9fectoral  n\u00b02025/12/MCI  du  2  juin  2025,  portant  d\u00e9l\u00e9gation  de  signature  \u00e0 \nMonsieur  Lucien  GIUDICELLI,  secr\u00e9taire  g\u00e9n\u00e9ral  de  la  pr\u00e9fecture  du  Var,  sous-pr\u00e9fet  de \nl'arrondissement de Toulon ; \nVu le d\u00e9cret n\u00b02017-1758 du 26 d\u00e9cembre 2017 portant cr\u00e9ation de la m\u00e9tropole d\u00e9nomm\u00e9e  \n\u00ab Toulon-Provence-M\u00e9diterran\u00e9e \u00bb ;\nVu  les  d\u00e9lib\u00e9rations  favorables  des  conseils  municipaux  des  communes  de  Toulon \n(24/07/2025),  La  Seyne-sur-Mer  (12/06/2025),  Hy\u00e8res  (20/06/2025),  Six-Fours-les-Plages \n(16/07/2025), La Garde (16/06/2025), La Valette-du-Var (26/06/2025), La Crau (26/06/2025),  \nOllioules (22/07/2025), Le Pradet (23/06/2025), Carqueiranne (16/06/2025) et Saint-Mandrier-\nsur-Mer (30/06/2025), approuvant la composition du conseil communautaire ; \nConsid\u00e9rant  que  les  conditions  de  majorit\u00e9  qualifi\u00e9e  requises  pour  l'approbation  de  la \nr\u00e9partition des si\u00e8ges des conseillers m\u00e9tropolitains sont remplies :  \nSur proposition de Monsieur le secr\u00e9taire g\u00e9n\u00e9ral de la pr\u00e9fecture du Var, \nPr\u00e9fecture du VAR - 83-2025-09-18-00019 - Arr\u00eat\u00e9 pr\u00e9fectoral n\u00b0188 /2025-BCLI \nportant fixation du nombre et r\u00e9partition des si\u00e8ges entre les communes au sein du conseil m\u00e9tropolitain de la M\u00e9tropole Toulon\nProvence M\u00e9diterran\u00e9e (MTPM)\n81\nARR  \u00ca  TE     :  \nArticle 1  er   : A compter du renouvellement g\u00e9n\u00e9ral des conseillers municipaux en mars 2026, la \ncomposition  du  conseil  m\u00e9tropolitain  de  la  M\u00e9tropole  Toulon-Provence-M\u00e9diterran\u00e9e  est \nfix\u00e9e \u00e0 89 si\u00e8ges, r\u00e9partis comme suit : \nCommune Nombre de si\u00e8ges par commune\nToulon 35\nLa Seyne-sur-Mer 12\nHy\u00e8res 11\nSix-Fours-les-Plages 7\nLa Garde 5\nLa Valette-du-Var 5\nLa Crau 4\nOllioules 3\nLe Pradet 2\nCarqueiranne 2\nSaint-Mandrier-sur-Mer 2\nLe Revest-les-Eaux 1\nTotal 89\nArticle 2 : Le secr\u00e9taire g\u00e9n\u00e9ral de la pr\u00e9fecture du Var, le pr\u00e9sident de la M\u00e9tropole Toulon-\nProvence-M\u00e9diterran\u00e9e, les maires des communes concern\u00e9s sont charg\u00e9s, chacun en ce qui  \nles  concerne,  de  l'ex\u00e9cution  du  pr\u00e9sent  arr\u00eat\u00e9,  qui  sera  publi\u00e9  au  recueil  des  actes \nadministratifs de la pr\u00e9fecture du Var et dont copie sera adress\u00e9e \u00e0 la direction des archives  \nd\u00e9partementales. \nFait  \u00e0  Toulon,  le  18  \nseptembre 2025\nPour  le  Pr\u00e9fet  et  par  \nd\u00e9l\u00e9gation  le  secr\u00e9taire  \ng\u00e9n\u00e9ral, \nSIGN\u00c9\nLucien GIUDICELLI\nDans un d\u00e9lai de deux mois \u00e0 compter de la date de la notification ou de la publication du pr\u00e9sent arr\u00eat\u00e9, les recours suivants peuvent \u00eatre introduits conform\u00e9ment aux \ndispositions des articles R. 421-1 et suivants du code de justice administrative :\n- un recours gracieux, adress\u00e9 \u00e0 : M. le Pr\u00e9fet du Var \u2013 Bd du 112\u00e8me r\u00e9giment d'infanterie- CS 31209 - 83070 TOULON CEDEX\n- un recours hi\u00e9rarchique, adress\u00e9 au ministre de l'int\u00e9rieur - Place Beauvau - 75800 PARIS\nDans les deux cas, le silence de l'administration vaut rejet implicite au terme d'un d\u00e9lai de deux mois.\nApr\u00e8s un recours gracieux ou hi\u00e9rarchique, le d\u00e9lai du recours contentieux ne court qu'\u00e0 compter du rejet explicite ou implicite de l'un de ces recours.\n- un recours contentieux, en saisissant le Tribunal Administratif de Toulon : 5 rue Racine -BP 40510 - 83 041 TOULON CEDEX 9\nLe tribunal administratif peut \u00eatre saisi par l'application informatique \u00ab T\u00e9l\u00e9recours citoyens \u00bb accessible par le site internet \u00ab www.telerecours.fr \u00bb\nPr\u00e9fecture du VAR - 83-2025-09-18-00019 - Arr\u00eat\u00e9 pr\u00e9fectoral n\u00b0188 /2025-BCLI \nportant fixation du nombre et r\u00e9partition des si\u00e8ges entre les communes au sein du conseil m\u00e9tropolitain de la M\u00e9tropole Toulon\nProvence M\u00e9diterran\u00e9e (MTPM)\n82\nPr\u00e9fecture du VAR - 83-2025-09-18-00019 - Arr\u00eat\u00e9 pr\u00e9fectoral n\u00b0188 /2025-BCLI \nportant fixation du nombre et r\u00e9partition des si\u00e8ges entre les communes au sein du conseil m\u00e9tropolitain de la M\u00e9tropole Toulon\nProvence M\u00e9diterran\u00e9e (MTPM)\n83\nPr\u00e9fecture du VAR\n83-2025-09-18-00017\nArr\u00eat\u00e9 pr\u00e9fectoral n\u00b0198 /2025-BCLI \nportant fixation du nombre de si\u00e8ges et\nr\u00e9partition des si\u00e8ges entre les communes au\nsein de Drac\u00e9nie Provence Verdon\nagglom\u00e9ration (DPVA).\nPr\u00e9fecture du VAR - 83-2025-09-18-00017 - Arr\u00eat\u00e9 pr\u00e9fectoral n\u00b0198 /2025-BCLI \nportant fixation du nombre de si\u00e8ges et r\u00e9partition des si\u00e8ges entre les communes au sein de Drac\u00e9nie Provence Verdon\nagglom\u00e9ration (DPVA).\n84\n=mPREFETDU VARLibert\u00e9Egalit\u00e9Fraternit\u00e9\n Direction de la citoyennet\u00e9 et de la l\u00e9galit\u00e9\nBureau du contr\u00f4le de l\u00e9galit\u00e9 et de l'intercommunalit\u00e9\nARR\u00caT\u00c9 PR\u00c9FECTORAL n\u00b0198 /2025-BCLI \nportant fixation du nombre de si\u00e8ges et r\u00e9partition des si\u00e8ges entre les communes au sein de \nDrac\u00e9nie Provence Verdon agglom\u00e9ration (DPVA).\nVu le Code g\u00e9n\u00e9ral des collectivit\u00e9s territoriales (CGCT), et notamment son article L.5211-6-1 ;\nVu le Code \u00e9lectoral et notamment son article L.273-1 ;\nVu la loi n\u00b02010-1563 du 16 d\u00e9cembre 2010 de r\u00e9forme des collectivit\u00e9s territoriales modifi\u00e9es \nnotamment son article 9  ;\nVu la loi n\u00b02015-264 du 9 mars 2015 autorisant l'accord local de r\u00e9partition des si\u00e8ges de  \nconseiller communautaire ;\nVu le d\u00e9cret n\u00b02024-1276 du 31 d\u00e9cembre 2024 authentifiant les chiffres des populations de la \nm\u00e9tropole,  des d\u00e9partements d'outre-mer de la Guadeloupe, de la Guyane, de la Martinique  \net le La R\u00e9union, et des collectivit\u00e9s de Saint-Barth\u00e9lemy, de Saint-Martin et de Saint-Pierre-et-\nMiquelon ; \nVu  le  d\u00e9cret  du  Pr\u00e9sident  de  la  R\u00e9publique  du  15  mai  2025  portant  nomination  de \nMonsieur Simon BABRE, pr\u00e9fet du Var ;\nVu  l'arr\u00eat\u00e9  pr\u00e9fectoral  n\u00b02025/12/MCI  du  2  juin  2025,  portant  d\u00e9l\u00e9gation  de  signature  \u00e0 \nMonsieur  Lucien  GIUDICELLI,  secr\u00e9taire  g\u00e9n\u00e9ral  de  la  pr\u00e9fecture  du  Var,  sous-pr\u00e9fet  de \nl'arrondissement de Toulon ; \nVu l'arr\u00eat\u00e9 pr\u00e9fectoral du 31 octobre 2000, modifi\u00e9, portant cr\u00e9ation de la communaut\u00e9  \nd'agglom\u00e9ration Drac\u00e9noise ;\nVu  l'arr\u00eat\u00e9  pr\u00e9fectoral  du  2  mai  2019,  portant  modification  de  d\u00e9nomination  de  la \ncommunaut\u00e9 d'agglom\u00e9ration Drac\u00e9noise en Drac\u00e9nie Provence Verdon Agglom\u00e9ration. \nVu  les  d\u00e9lib\u00e9rations  favorables  des  conseils  municipaux  des  communes  de  Draguignan \n(17/06/2025),  Vidauban  (01/07/2025),  Le  Muy  (07/07/2025),  Lorgues  (12/06/2025),  Les  Arcs \n(23/06/2025), Trans-en-Provence (29/07/2025), Flayosc (03/07/2025), Salernes (16/06/2025), La  \nMotte  (25/06/2025),  Figani\u00e8res  (12/06/2025),  Callas  (26/06/2025),  Taradeau  (20/06/2025), \nMontferrat (17/06/2025), Bargemon (18/06/2025), Ampus (15/07/2025), Saint-Antonin-du-Var  \n(07/07/2025),  Sillans-la-Cascade  (17/06/2025),  Claviers  (11/08/2025),  Ch\u00e2teaudouble  \n(07/072025),  Comps-sur-Artuby  (18/06/2025),  La  Roque-Esclapon  (03/06/2025),  La  Bastide \n(11/07/2025) et Barg\u00e8me (13/06/2025), approuvant la composition du conseil communautaire ; \nConsid\u00e9rant que les conditions de majorit\u00e9 qualifi\u00e9e requises pour l'approbation de l'accord  \nlocal de r\u00e9partition des si\u00e8ges des conseillers communautaires sont remplies ;\nSur proposition de Monsieur le secr\u00e9taire g\u00e9n\u00e9ral de la pr\u00e9fecture du Var, \nPr\u00e9fecture du VAR - 83-2025-09-18-00017 - Arr\u00eat\u00e9 pr\u00e9fectoral n\u00b0198 /2025-BCLI \nportant fixation du nombre de si\u00e8ges et r\u00e9partition des si\u00e8ges entre les communes au sein de Drac\u00e9nie Provence Verdon\nagglom\u00e9ration (DPVA).\n85\nARR  \u00ca  TE     :  \nArticle 1  er   : A compter du renouvellement g\u00e9n\u00e9ral des conseillers municipaux en mars 2026, la \ncomposition du conseil communautaire de la Drac\u00e9nie Provence Verdon Agglom\u00e9ration est  \nfix\u00e9e \u00e0 68 si\u00e8ges, r\u00e9partis comme suit : \nCommune Nombre de si\u00e8ges par commune\nDraguignan 21\nVidauban 7\nLe Muy 5\nLorgues 5\nLes Arcs 4\nTrans-en-Provence 4\nFlayosc 3\nSalernes 2\nLa Motte 2\nFigani\u00e8res 2\nCallas 1\nTaradeau 1\nMontferrat 1\nBargemon 1\nAmpus 1\nSaint-Antonin-du-Var 1\nSillans-la-Cascade 1\nClaviers 1\nCh\u00e2teaudouble 1\nComps-sur-Artuby 1\nLa Roque-Esclapon 1\nLa Bastide 1\nBarg\u00e8me 1\nTotal : 68\nPr\u00e9fecture du VAR - 83-2025-09-18-00017 - Arr\u00eat\u00e9 pr\u00e9fectoral n\u00b0198 /2025-BCLI \nportant fixation du nombre de si\u00e8ges et r\u00e9partition des si\u00e8ges entre les communes au sein de Drac\u00e9nie Provence Verdon\nagglom\u00e9ration (DPVA).\n86\nArticle 2 : Le secr\u00e9taire g\u00e9n\u00e9ral de la pr\u00e9fecture du Var, le pr\u00e9sident de la Drac\u00e9nie Provence  \nVerdon Agglom\u00e9ration, les maires des communes concern\u00e9s sont charg\u00e9s, chacun en ce qui  \nles  concerne,  de  l'ex\u00e9cution  du  pr\u00e9sent  arr\u00eat\u00e9,  qui  sera  publi\u00e9  au  recueil  des  actes \nadministratifs de la pr\u00e9fecture du Var et dont copie sera adress\u00e9e \u00e0 la direction des archives  \nd\u00e9partementales. \nFait \u00e0 Toulon, le 18 septembre 2025\nPour le Pr\u00e9fet et par d\u00e9l\u00e9gation le \nsecr\u00e9taire g\u00e9n\u00e9ral, \nSIGN\u00c9\nLucien GIUDICELLI\nDans un d\u00e9lai de deux mois \u00e0 compter de la date de la notification ou de la publication du pr\u00e9sent arr\u00eat\u00e9, les recours suivants peuvent \u00eatre introduits conform\u00e9ment aux \ndispositions des articles R. 421-1 et suivants du code de justice administrative :\n- un recours gracieux, adress\u00e9 \u00e0 : M. le Pr\u00e9fet du Var \u2013 Bd du 112\u00e8me r\u00e9giment d'infanterie- CS 31209 - 83070 TOULON CEDEX\n- un recours hi\u00e9rarchique, adress\u00e9 au ministre de l'int\u00e9rieur - Place Beauvau - 75800 PARIS\nDans les deux cas, le silence de l'administration vaut rejet implicite au terme d'un d\u00e9lai de deux mois.\nApr\u00e8s un recours gracieux ou hi\u00e9rarchique, le d\u00e9lai du recours contentieux ne court qu'\u00e0 compter du rejet explicite ou implicite de l'un de ces recours.\n- un recours contentieux, en saisissant le Tribunal Administratif de Toulon : 5 rue Racine -BP 40510 - 83 041 TOULON CEDEX 9\nLe tribunal administratif peut \u00eatre saisi par l'application informatique \u00ab T\u00e9l\u00e9recours citoyens \u00bb accessible par le site internet \u00ab www.telerecours.fr \u00bb\nPr\u00e9fecture du VAR - 83-2025-09-18-00017 - Arr\u00eat\u00e9 pr\u00e9fectoral n\u00b0198 /2025-BCLI \nportant fixation du nombre de si\u00e8ges et r\u00e9partition des si\u00e8ges entre les communes au sein de Drac\u00e9nie Provence Verdon\nagglom\u00e9ration (DPVA).\n87\nPr\u00e9fecture du VAR\n83-2025-08-21-00007\narr\u00eat\u00e9 n\u00b02025/12/DS/SESR/PDAC du 21 ao\u00fbt 2025\nportant agr\u00e9ment du Docteur Pierre ROBIN pour\nle contr\u00f4le m\u00e9dical de l'aptitude \u00e0 la conduire\nPr\u00e9fecture du VAR - 83-2025-08-21-00007 - arr\u00eat\u00e9 n\u00b02025/12/DS/SESR/PDAC du 21 ao\u00fbt 2025 portant agr\u00e9ment du Docteur Pierre\nROBIN pour le contr\u00f4le m\u00e9dical de l'aptitude \u00e0 la conduire 88\n=mPREFETDU VARLibert\u00e9Egalit\u00e9Fraternit\u00e9\nCabinet - Direction des s\u00e9curit\u00e9s\nService de l'\u00e9ducation et\n de la s\u00e9curit\u00e9 routi\u00e8res\nP\u00f4le Droits \u00e0 conduire\n ARR\u00caT\u00c9 n\u00b0 2025/12/DS/SESR/PDAC du 21 ao\u00fbt 2025\n          portant agr\u00e9ment du Docteur Pierre ROBIN                       \npour le contr\u00f4le m\u00e9dical de l'aptitude \u00e0 la conduite\nLe Pr\u00e9fet du Var\nChevalier de la L\u00e9gion d'Honneur,\nChevalier de l'Ordre National du M\u00e9rite\nVu le code de la route, notamment les articles R.226-1 \u00e0 R-226-4 ;\nVu le d\u00e9cret n\u00b02012-886 en date du 17 juillet 2012 relatif au contr\u00f4le m\u00e9dical de l'aptitude \u00e0 la \nconduite ;\nVu  le  d\u00e9cret  du  Pr\u00e9sident  de  la  R\u00e9publique  du  15  mai  2025  portant  nomination  \nde M. Simon BABRE, Pr\u00e9fet du Var  ;\nVu l'arr\u00eat\u00e9 du 20 avril 2012 modifi\u00e9, fixant les conditions d'\u00e9tablissement, de d\u00e9livrance et de  \nvalidit\u00e9 du permis de conduire ;\nVu  l'arr\u00eat\u00e9  du  28  mars  2022,  fixant  la  liste  des  affections  m\u00e9dicales  incompatibles  ou  \ncompatibles avec ou sans am\u00e9nagements ou restrictions pour l'obtention, le renouvellement  \nou le maintien du permis de conduire ou pouvant donner lieu \u00e0 la d\u00e9livrance de permis de  \nconduire de dur\u00e9e de validit\u00e9 limit\u00e9e ;\nVu l'article 6 de l'arr\u00eat\u00e9 du 31 juillet 2012 modifi\u00e9, relatif \u00e0 l'organisation du contr\u00f4le m\u00e9dical  \nde l'aptitude \u00e0 la conduite ;\nVu l'arr\u00eat\u00e9 pr\u00e9fectoral n\u00b0 2025/54/MCI du 15 juillet 2025  portant d\u00e9l\u00e9gation de signature \u00e0  \nMme Jos\u00e9phine GUIGLIANO-BOUTONNET, directrice de Cabinet du pr\u00e9fet du Var ;\nVu la demande du Docteur Pierre ROBIN en date du 27 juin 2025 ;\nSur proposition de la directrice de cabinet du pr\u00e9fet du Var, \nARR\u00caTE :\nArticle 1  er   :   Le Docteur Pierre ROBIN, exer\u00e7ant au 4 rue d'Angkor (Vauban) 13006  MARSEILLE, \nest agr\u00e9\u00e9, dans le d\u00e9partement du Var, en tant que :\n- m\u00e9decin consultant hors commission m\u00e9dicale\nBoulevard du 112\u00e8me R\u00e9giment d'Infanterie\nCS 31209 \u2013 83070 TOULON CEDEX\nT\u00e9l : 04 94 18 83 83\n1/2\nPr\u00e9fecture du VAR - 83-2025-08-21-00007 - arr\u00eat\u00e9 n\u00b02025/12/DS/SESR/PDAC du 21 ao\u00fbt 2025 portant agr\u00e9ment du Docteur Pierre\nROBIN pour le contr\u00f4le m\u00e9dical de l'aptitude \u00e0 la conduire 89\nArticle 2 :  L'agr\u00e9ment est accord\u00e9 pour une dur\u00e9e de cinq ans, soit du 19 septembre 2025 au  \n18 septembre 2030.\nArticle 3 : Cet arr\u00eat\u00e9 prend effet \u00e0 compter du 19 septembre 2025.\nArticle 4 :  La directrice de cabinet du pr\u00e9fet du Var est charg\u00e9e de l'ex\u00e9cution du pr\u00e9sent  \narr\u00eat\u00e9 qui sera publi\u00e9 au recueil des actes administratifs de la pr\u00e9fecture du Var.\nFait \u00e0 Toulon, le 21 ao\u00fbt 2025\nPour le Pr\u00e9fet et par d\u00e9l\u00e9gation, \nLe Secr\u00e9taire g\u00e9n\u00e9ral adjoint,\nSous-pr\u00e9fet charg\u00e9 de mission\nSign\u00e9\nJean-Baptiste MORINAUD\n2/2\nPr\u00e9fecture du VAR - 83-2025-08-21-00007 - arr\u00eat\u00e9 n\u00b02025/12/DS/SESR/PDAC du 21 ao\u00fbt 2025 portant agr\u00e9ment du Docteur Pierre\nROBIN pour le contr\u00f4le m\u00e9dical de l'aptitude \u00e0 la conduire 90","date":"2025-09-23","first_seen_on":"2025-09-23T16:37:28+00:00","id":"5bb3c8703eaf2327f66426eb733edd4ae345b53b7280deac9e38fa9354141e95","name":"RAA N\u00b0319 du 23 septembre 2025","pdf_creation_date":"2025-09-23T15:10:16+00:00","pdf_modification_date":null,"timezone":"Europe/Paris","url":"https://www.var.gouv.fr/contenu/telechargement/42873/280453/file/RAA%20N%C2%B0319%20du%2023%20septembre%202025.pdf"}
