{"administration":"pref21","administration_name":"Pr\u00e9fecture de C\u00f4te-d\u2019Or","content":"PR\u00c9F\u00c8TE\nDE LA C\u00d4TE-D'OR\nRECUEIL DES ACTES\nADMINISTRATIFS SP\u00c9CIAL\n(NOMINATIFS)\nN\u00b021-2026-075\nPUBLI\u00c9 LE 28 AVRIL 2026\nSommaire\nDirection d\u00e9partementale de l'emploi, du travail et des solidarit\u00e9s de\nC\u00f4te-d'Or /\n21-2026-04-27-00040 - Arr\u00eat\u00e9 n\u00b0 006 - DDETS du 27 avril 2026 portant\nsubd\u00e9l\u00e9gation de signature aux agents de la direction\nd\u00e9partementale de l'emploi, du travail et des solidarit\u00e9s de la\nC\u00f4te-d'Or\n (4 pages) Page 4\n21-2026-04-24-00004 - R\u00e9c\u00e9piss\u00e9 d\u00e9claration SAP - MILOT Pauline (2\npages) Page 9\n21-2026-04-24-00003 - R\u00e9c\u00e9piss\u00e9 d\u00e9claration SAP - ROMUALD\nMarion (2 pages) Page 12\nDirection d\u00e9partementale de la protection des populations de la\nC\u00f4te-d'Or / Service Protection \u00c9conomique du Consommateur\n21-2026-04-22-00014 - Arr\u00eat\u00e9 pr\u00e9fectoral N\u00b0750/2026 en date du 22\navril 2026 attribuant l habilitation sanitaire \u00e0 Clara Lozano Rodriguez (2\npages) Page 15\nDirection d\u00e9partementale de la protection des populations de la\nC\u00f4te-d'Or / Service Sant\u00e9 et Protections animales, Protection de\nl'Environnement\n21-2026-04-22-00015 - Arr\u00eat\u00e9 pr\u00e9fectoral N\u00b0747/2026 en date du 22\navril 2026 attribuant l habilitation sanitaire \u00e0 Thais SANTOS VIANNA (2\npages) Page 18\n21-2026-04-23-00003 - Arr\u00eat\u00e9 pr\u00e9fectoral N\u00b0755/2026 en date du 23\navril 2026 attribuant l habilitation sanitaire \u00e0 Kate DEROO (2 pages) Page 21\nDirection des services d\u00e9partementaux de l'\u00e9ducation nationale de\nC\u00f4te-d'Or / Gestion financi\u00e8re et logistique\n21-2026-04-23-00004 - arr\u00eat\u00e9 CS 2026-04 portant modification de la\ncarte scolaire dans l'enseignement du premier degr\u00e9 public pour\nl'ann\u00e9e scolaire 2026-2027 (5 pages) Page 24\nPr\u00e9fecture de la C\u00f4te-d'Or / P\u00f4le juridique inter-services\n21-2026-04-27-00048 - Arr\u00eat\u00e9 pr\u00e9fectoral N \u00b0 807 / SG du   27 avril\n2026   donnant  d\u00e9l\u00e9gation de signature en mati\u00e8re de gestion des\nbudgets op\u00e9rationnels\n104-111-112-113-119-122-124-129-135-137-147-148-161-163-172-181-206-207-209-215-216-217-218-219-232-303-348-349-354-357-362-363-364-380-723-754-780-833\ndes fonds europ\u00e9ens et des recettes non fiscales (22 pages) Page 30\n21-2026-04-27-00056 - Arr\u00eat\u00e9 pr\u00e9fectoral n\u00b0  809  / SG du   27 avril\n2026    donnant d\u00e9l\u00e9gation de signature pour l'utilisation d'une\ncarte d'achat nominative (3 pages) Page 53\n2\n21-2026-04-27-00041 - ARR\u00eaT\u00e9 PR\u00e9FECTORAL n\u00b0  813    / SG du  27\navril 2026 donnant d\u00e9l\u00e9gation de signature \u00e0 Mr Jean-Luc BRENNER,\nadministrateur de l'\u00c9tat du grade transitoire , directeur r\u00e9gional des\nfinances publiques de Bourgogne-Franche-Comt\u00e9 et du d\u00e9partement\nde la C\u00f4te-d'Or, pour les actes relevant du pouvoir adjudicateur. (3 pages) Page 57\n3\nDirection d\u00e9partementale de l'emploi, du travail\net des solidarit\u00e9s de C\u00f4te-d'Or\n21-2026-04-27-00040\nArr\u00eat\u00e9 n\u00b0 006 - DDETS du 27 avril 2026 portant\nsubd\u00e9l\u00e9gation de signature aux agents de la\ndirection d\u00e9partementale de l'emploi, du travail\net des solidarit\u00e9s de la C\u00f4te-d'Or\nDirection d\u00e9partementale de l'emploi, du travail et des solidarit\u00e9s de C\u00f4te-d'Or - 21-2026-04-27-00040 - Arr\u00eat\u00e9 n\u00b0 006 - DDETS du 27\navril 2026 portant subd\u00e9l\u00e9gation de signature aux agents de la direction d\u00e9partementale de l'emploi, du travail et des solidarit\u00e9s de la\nC\u00f4te-d'Or\n4\nExPREFETDE LACOTE-D'ORLibert\u00e9Egalit\u00e9Fraternit\u00e9\nVU\n \nT \n \n \n \n \n \n \n \n \n \nArr\u00eat\u00e9 n\u00b0 006 - DDETS du 27 avril 2026 \n \n \nportant subd\u00e9l\u00e9gation de signature aux agents de la direction d\u00e9partementale de \nl'emploi, du travail et des solidarit\u00e9s de la C\u00f4te-d'Or  \n \nLa Directrice d\u00e9partementale de l'emploi, du travail et des solidarit\u00e9s de la C\u00f4te-d'Or \nVU  le d\u00e9cret n\u00b0 2004-374 du 29 avril 2004 modifi\u00e9 relatif aux pouvoirs des pr\u00e9fets, \u00e0 \nl'organisation et \u00e0 l'action des services de l'\u00c9tat dans les r\u00e9gions et \nd\u00e9partements ; \nVU le d\u00e9cret n\u00b0 2009/1484 du 3 d\u00e9cembre 2009 modifi\u00e9 relatif aux directions \nd\u00e9partementales interminist\u00e9rielles  ; \nVU le d\u00e9cret n\u00b0 2020-1545 du 9 d\u00e9cembre 2020 relatif \u00e0 l'organisation et aux \nmissions des directions r\u00e9gionales de l'\u00e9conomie, de l'emploi, du travail et des \nsolidarit\u00e9s, des directions d\u00e9partementales de l'emploi, du travail et des \nsolidarit\u00e9s et des directions d\u00e9partementales de l'emploi, du travail, des \nsolidarit\u00e9s et de la protection des populations ; \nVU le d\u00e9cret du 8 avril 2026 nommant Madame Violaine DEMARET, pr\u00e9f\u00e8te de la \nr\u00e9gion Bourgogne Franche-Comt\u00e9, pr\u00e9f\u00e8te de la C\u00f4te-d'Or ;  \nVU  l'arr\u00eat\u00e9 minist\u00e9riel du 7 octobre 2024 portant nomination dans l'emploi de \ndirectrice d\u00e9partementale de l'emploi, du travail et des solidarit\u00e9s de la C\u00f4te-\nd'Or de Madame Armelle LEON  ; \nVU l'arr\u00eat\u00e9 pr\u00e9fectoral du 26 mars 2021 portant organisation de la direction \nd\u00e9partementale de l'emploi, du travail et des solidarit\u00e9s de la C\u00f4te-d'Or ; \nVU l'arr\u00eat\u00e9 pr\u00e9fectoral n\u00b0 775/SG du 27 avril 2026 portant d\u00e9l\u00e9gation de signature \n\u00e0 Madame Armelle LEON, directrice d\u00e9partementale de l'emploi, du travail et \ndes solidarit\u00e9s de la C\u00f4te-d'Or ; \nVU l'arr\u00eat\u00e9 n\u00b0005 du 13 avril 2026 portant subd\u00e9l\u00e9gation de signature aux agents de \nla direction d\u00e9partementale de l'emploi, du travail et des solidarit\u00e9s de la C\u00f4te-\nd'Or ; \nVU  la convention de d\u00e9l\u00e9gation de gestion du 26 avril 2021 entre la DREETS de \nBourgogne Franche Comt\u00e9 et la DDETS de la C\u00f4te-d'Or relative \u00e0 l'utilisation des \ncr\u00e9dits dont la gestion est confi\u00e9e \u00e0 un service externe au p\u00e9rim\u00e8tre r\u00e9gional et \naux modalit\u00e9s de leur ex\u00e9cution budg\u00e9taire pour les BOP 102,103 et 305 ; \n \nDirection d\u00e9partementale de l'emploi, du travail et des solidarit\u00e9s de C\u00f4te-d'Or - 21-2026-04-27-00040 - Arr\u00eat\u00e9 n\u00b0 006 - DDETS du 27\navril 2026 portant subd\u00e9l\u00e9gation de signature aux agents de la direction d\u00e9partementale de l'emploi, du travail et des solidarit\u00e9s de la\nC\u00f4te-d'Or\n5\nArticle 3 :\nArticle 4 :\n \nT \n \n \nARR\u00caTE \n \nArticle 1 er  : \n \nConform\u00e9ment aux dispositions de l'article 6 de l'arr\u00eat\u00e9 du 27 avril 2026 susvis\u00e9, en \ncas d'absence ou d'emp\u00eachement, d\u00e9l\u00e9gation de signature est donn\u00e9e \u00e0 Mme Alix \nDUMONT SAINT PRIEST et Mme Barbara RUBAGOTTI, direc trices adjointes de la \ndirection d\u00e9partementale de l'emploi, du travail et des solidarit\u00e9s de la C\u00f4te-d'Or, \npour toutes les d\u00e9cisions et tous documents relevant de l'exercice des comp\u00e9tences \nd\u00e9finies \u00e0 la section II ainsi que pour l'ordonnancement des recettes et d\u00e9penses \npr\u00e9vues \u00e0 la section III.  \n \n \nArticle 2 : \n \nConform\u00e9ment aux dispositions de l'article 2 de la convention de d\u00e9l\u00e9gation de \ngestion du 26 avril 2021 susvis\u00e9e, en cas d'absence ou d'emp\u00eachement, d\u00e9l\u00e9gation de \nsignature est donn\u00e9e \u00e0 Mmes Alix DUMONT SAINT PRIEST et Barbara RUBAGOTTI \ndirectrices adjointes de la direction d\u00e9partementale de l'emploi, du travail et des \nsolidarit\u00e9s de la C\u00f4te-d'Or, pour les BOP 102, 103 et 305.  \n \n \nArticle 3 : \n \nEn application de l'article 6 de l'arr\u00eat\u00e9 du 27 avril 2026 susvis\u00e9, en cas d'absence ou \nd'emp\u00eachement de la directrice et des adjointes, subd\u00e9l\u00e9gation de signature est \ndonn\u00e9e, pour les comp\u00e9tences administratives g\u00e9n\u00e9rales pr\u00e9vues \u00e0 la section II et dans \nla limite de leurs attributions fonctionnelles, \u00e0 : \n \n-  Mme Fabienne BAILLY, cheffe du p\u00f4le Emploi et coh\u00e9sion territoriale, \n-  Mme Pauline BODINIER, adjointe au chef de p\u00f4le Solidarit\u00e9s, \n-  M. Pierre GASSER, responsable de l'unit\u00e9 de contr\u00f4le 2, \n-  M. Samuel MICHAUT, chef du p\u00f4le Solidarit\u00e9s, \n-  Mme Marie THIRION, responsable de l'unit\u00e9 de contr\u00f4le 1. \n \n \nArticle 4 : \n \nEn application de l'article 6 de l'arr\u00eat\u00e9 du 27 avril 2026 susvis\u00e9, en cas d'absence ou \nd'emp\u00eachement des trois membres de la direction, de Mmes BODINIER, BAILLY et \nTHIRION, et Mrs GASSER et MICHAUT, subd\u00e9l\u00e9gation de signature est donn\u00e9e aux \npersonnes ci-apr\u00e8s \u00e9num\u00e9r\u00e9es, pour les comp\u00e9tences administratives g\u00e9n\u00e9rales \npr\u00e9vues \u00e0 la section I et dans la limite de leurs attributions fonctionnelles : \n \n-  Mme Elsa BAFFERT, cheffe de l'unit\u00e9 Accueil, h\u00e9bergement, insertion \n-  Mme Marie BEGRAND, cheffe de l'unit\u00e9 Formation, emploi et insertion et DARP \n-  Mme Anna DILBUR, cheffe de l'unit\u00e9 Maintien dans le logement \n-  Mme Anna FERNANDEZ, charg\u00e9e de mission Politique de la Ville \n-  Mme Anne-H\u00e9l\u00e8ne HUET, cheffe de l'unit\u00e9 Protection des personnes vuln\u00e9rables \n-  Mme C\u00e9line JANKECH, cheffe de l'unit\u00e9 Mutations \u00e9conomiques \n-  M. Ghislain POYER, adjoint \u00e0 la responsable de l'unit\u00e9 Accueil, h\u00e9bergement, \ninsertion \n-  Mme Charlotte RIGONNET, adjointe \u00e0 la responsable de l'unit\u00e9 Maintien dans le \nlogement \nDirection d\u00e9partementale de l'emploi, du travail et des solidarit\u00e9s de C\u00f4te-d'Or - 21-2026-04-27-00040 - Arr\u00eat\u00e9 n\u00b0 006 - DDETS du 27\navril 2026 portant subd\u00e9l\u00e9gation de signature aux agents de la direction d\u00e9partementale de l'emploi, du travail et des solidarit\u00e9s de la\nC\u00f4te-d'Or\n6\n \nT \n \n-  Mr Fran\u00e7ois TRIDON, chef de l'unit\u00e9 Acc\u00e8s au logement \n \nArticle 5 : \n \nEn application de l'article 6 de l'arr\u00eat\u00e9 du 27 avril 2026 susvis\u00e9, en cas d'absence ou \nd'emp\u00eachement de la directrice et des adjointes, subd\u00e9l\u00e9gation de signature est \ndonn\u00e9e, dans le champ de leurs missions respectives et dans la limite de 5 000 \u20ac, pour \nl'ordonnancement secondaire tel que pr\u00e9cis\u00e9 \u00e0 la section III de ce m\u00eame arr\u00eat\u00e9 \npr\u00e9fectoral, \u00e0 : \n \n-  Mme Pauline BODINIER, pour les BOP 104, 135, 157, 177, 183, 303, 304,  \n-  Mme Anne-H\u00e9l\u00e8ne HUET, pour les BOP 157, 183 et 304, \n-  Mr Pierre GASSER, pour le BOP 111,  \n-  Mr Samuel MICHAUT, pour les BOP 104, 135, 157, 177, 183, 303, 304, \n-  Mme Marie THIRION, pour le BOP 111. \n \n \nArticle 6 : \n \nEn cas d'absence ou en cas d'emp\u00eachement, en vue de l'application des comp\u00e9tences \nd\u00e9finies \u00e0 la section III de l'arr\u00eat\u00e9 du 27 avril 2026 susvis\u00e9 et dans le cadre exclusif de \nl'utilisation des applications informatiques de l'\u00c9tat ci-dessous mentionn\u00e9es, \nsubd\u00e9l\u00e9gation de signature est donn\u00e9e aux adjointes, Mme Alix DUMONT SAINT \nPRIEST et Mme Barbara RUBAGOTTI,  \n \n-  \u00e0 effet d'ex\u00e9cuter les actes de gestion budg\u00e9taire dans l'application \u00ab CHORUS \u00bb ; \nprogrammation et restitution budg\u00e9taire, et pilotage des cr\u00e9dits ; \n-  \u00e0 effet de valider les actes de gestion financi\u00e8re dans l'application \u00ab CHORUS \nFormulaires \u00bb ; demandes d'achat et de mise en paiement, gestion des engagements \njuridiques ; \n-  \u00e0 effet de valider les actes de gestion financi\u00e8re, demandes de transferts vers \nl'application \u00ab CHORUS \u00bb. \n \nEn cas d'absence ou en cas d'emp\u00eachement de la dire ctrice  ou des adjointes, \nsubd\u00e9l\u00e9gation est donn\u00e9e, pour les comp\u00e9tences pr\u00e9cit\u00e9es et dans la limite de leurs \nattributions fonctionnelles, aux personnes ci-dessous \u00e9num\u00e9r\u00e9es : \n \n-  Mme Elsa BAFFERT, cheffe de l'unit\u00e9 Accueil, h\u00e9bergement, insertion \n-  Mme Fabienne BAILLY, cheffe du p\u00f4le Emploi et coh\u00e9sion territoriale \n-  Mme Marie BEGRAND, cheffe de l'unit\u00e9 Formation, emploi et insertion et DARP \n-  Mme Pauline BODINIER, ajointe au chef du p\u00f4le Solidarit\u00e9s \n-  Mme Christelle CHANEY-LESEUR, gestionnaire budg\u00e9taire  \n-  Mr Samuel DELALANDE, charg\u00e9 de d\u00e9veloppement de l'emploi et des territoires \n-  Mme Anna FERNANDEZ, charg\u00e9e de mission Politique de la Ville, \n-  Mr Pierre GASSER, responsable de l'unit\u00e9 de contr\u00f4le 2  \n-  Mme Anne-H\u00e9l\u00e8ne HUET, cheffe de l'unit\u00e9 Protection des personnes vuln\u00e9rables \n-  Mme C\u00e9line JANKECH, cheffe de l'unit\u00e9 Mutations \u00e9conomiques \n-  Mme Sandrine LESUEUR, charg\u00e9e de d\u00e9veloppement de l'emploi et des territoires \n-  Mr Samuel MICHAUT, chef du p\u00f4le Solidarit\u00e9s \n-  Mr Ghislain POYER, adjoint \u00e0 la responsable de l'unit\u00e9 Accueil, h\u00e9bergement, insertion \n-  Mme Marie THIRION, responsable de l'unit\u00e9 de contr\u00f4le 1  \n \nDirection d\u00e9partementale de l'emploi, du travail et des solidarit\u00e9s de C\u00f4te-d'Or - 21-2026-04-27-00040 - Arr\u00eat\u00e9 n\u00b0 006 - DDETS du 27\navril 2026 portant subd\u00e9l\u00e9gation de signature aux agents de la direction d\u00e9partementale de l'emploi, du travail et des solidarit\u00e9s de la\nC\u00f4te-d'Or\n7\n \nT \n \n \n \nArticle 7 : \n \nSubd\u00e9l\u00e9gation est donn\u00e9e \u00e0 l'effet de valider les \u00e9tats de frais de d\u00e9placement en tant \nque \u00ab VH1 \u00bb dans l'application \u00ab CHORUS DT \u00bb et le cas \u00e9ch\u00e9ant, les \u00e9tats papier, \nrelevant du BOP 354, des agents plac\u00e9s sous leur autorit\u00e9 \n \u00e0 : \n \n-  Mme Elsa BAFFERT , pour l'unit\u00e9 Accueil, h\u00e9bergement, insertion,  \n-  Mme Fabienne BAILLY, pour le p\u00f4le Emploi et coh\u00e9sion territoriale, \n-  Mme Marie BEGRAND, pour l'unit\u00e9 Formation, emploi et insertion, \n-  Mme Pauline BODINIER, ajointe au chef du p\u00f4le Solidarit\u00e9s, \n-  Mme Anna DILBUR, pour l'unit\u00e9 Maintien dans le logement, \n-  Mme Anna FERNANDEZ, charg\u00e9e de mission Politique de la Ville, \n-  Mme Anne-H\u00e9l\u00e8ne HUET, pour l'unit\u00e9 Protection des personnes vuln\u00e9rables, \n-  Mr Pierre GASSER, pour l'unit\u00e9 de contr\u00f4le 2, \n-  Mr Mathieu GORET, pour l'unit\u00e9 de renseignements du public et d'appui \u00e0 \nl'inspection du travail, \n-  Mme C\u00e9line JANKECH, pour l'unit\u00e9 Mutations \u00e9conomiques, \n-  Mr Samuel MICHAUT, pour le p\u00f4le Solidarit\u00e9s, \n-  Mr Ghislain POYER, pour  l'unit\u00e9 Accueil, h\u00e9bergement, insertion \n-  Mme Charlotte RIGONNET, pour l'unit\u00e9 Maintien dans le logement \n- Mme Barbara RUBAGOTTI, pour le p\u00f4le Travail  \n-  Mme Marie THIRION, pour l'unit\u00e9 de contr\u00f4le 1,  \n-  Mr Fran\u00e7ois TRIDON, pour l'unit\u00e9 Acc\u00e8s au logement. \nArticle 8 : \nLe pr\u00e9sent arr\u00eat\u00e9 entre en vigueur le 27 avril 2026. \nToute d\u00e9l\u00e9gation ant\u00e9rieure au pr\u00e9sent arr\u00eat\u00e9 et toutes dispositions contraires \u00e0 celui-\nci sont abrog\u00e9es. \nArticle 9 : \nLa directrice d\u00e9partementale de l'emploi, du travail et des solidarit\u00e9s de la C\u00f4te-d'Or \net les agents concern\u00e9s sont charg\u00e9s, chacun en ce qui le concerne, de l'ex\u00e9cution du \npr\u00e9sent arr\u00eat\u00e9 qui sera publi\u00e9 au recueil des actes administratifs de la pr\u00e9fecture de la \nC\u00f4te-d'Or. \n       Fait \u00e0 Dijon, le 27 avril 2026 \n  \nLa directrice d\u00e9partementale de \nl'emploi, du travail et des solidarit\u00e9s, \n \nSIGN\u00c9 \nArmelle LEON \n \nDirection d\u00e9partementale de l'emploi, du travail et des solidarit\u00e9s de C\u00f4te-d'Or - 21-2026-04-27-00040 - Arr\u00eat\u00e9 n\u00b0 006 - DDETS du 27\navril 2026 portant subd\u00e9l\u00e9gation de signature aux agents de la direction d\u00e9partementale de l'emploi, du travail et des solidarit\u00e9s de la\nC\u00f4te-d'Or\n8\nDirection d\u00e9partementale de l'emploi, du travail\net des solidarit\u00e9s de C\u00f4te-d'Or\n21-2026-04-24-00004\nR\u00e9c\u00e9piss\u00e9 d\u00e9claration SAP - MILOT Pauline\nDirection d\u00e9partementale de l'emploi, du travail et des solidarit\u00e9s de C\u00f4te-d'Or - 21-2026-04-24-00004 - R\u00e9c\u00e9piss\u00e9 d\u00e9claration SAP -\nMILOT Pauline 9\nPREFETDELACOTE-D'ORLibert\u00e9Egalit\u00e9Fraternit\u00e9\nDirection D\u00e9partementale de l'Emploi, \ndu Travail et des Solidarit\u00e9s \u2013 DDETS\nDDETS de la C\u00f4te d'Or\nP\u00f4le Emploi et Coh\u00e9sion Territoriale\nUnit\u00e9 Formation Emploi Insertion\nAffaire suivie par : Anne-Lise CAYRON\nGestionnaire Services \u00e0 la personne\nT\u00e9l.\u00a0: 03 80 68 39 25 // 07 86 14 30 88\nMail : anne-lise.cayron@cote-dor.gouv.fr\nDijon, le 24/04/2026\nMme MILOT Pauline\n10 rue Gilbert B\u00e9caud\n21800 CHEVIGNY-SAINT-SAUVEUR\nR\u00c9C\u00c9PISS\u00c9 DE LA D\u00c9CLARATION\nd'un Organisme de Services \u00e0 la Personne \nenregistr\u00e9 sous le n\u00b0 SAP/ 920524873\nLe Pr\u00e9fet de la C\u00f4te-d'Or, et par subd\u00e9l\u00e9gation de la Directrice D\u00e9partementale de la DDETS, la  \nResponsable du P\u00f4le Emploi et Coh\u00e9sion Territoriale/la Responsable de l'Unit\u00e9 Formation, Emploi,  \nInsertion\nVu le code du travail et notamment les articles L.7231-1 \u00e0 L.7233-2, R.7232-16 \u00e0 R.7232-22, D.7231-1 et \nD.7233-1 \u00e0 D.7233-5 ; \nVu la loi n\u00b0 2015-1776 du 28 d\u00e9cembre 2015 relative \u00e0 l'adaptation de la soci\u00e9t\u00e9 au vieillissement, \nVu le d\u00e9cret n\u00b0 2016-750 du 6 juin 2016 relatif \u00e0 la liste des activit\u00e9s de services \u00e0 la personne  \nsoumises \u00e0 agr\u00e9ment ou \u00e0 autorisation dans le cadre du r\u00e9gime commun de la d\u00e9claration,\nVu la demande de d\u00e9claration d\u00e9pos\u00e9e par l'organisme repr\u00e9sent\u00e9 p ar Mme MILOT Pauline, SIREN, \n920 524 873 dont le si\u00e8ge social est situ\u00e9 10 rue Gilbert B\u00e9caud 21800 CHEVIGNY-SAINT-SAUVEUR, \nConstate\nQu'une d\u00e9claration d'activit\u00e9s de services \u00e0 la personne a \u00e9t\u00e9 d\u00e9pos\u00e9e le 13 avril 2026 sous le  \nnum\u00e9ro 3488840 aupr\u00e8s de la DDETS de C\u00f4te d'Or par Mme MILOT Pauline, dont l'\u00e9tablissement  \nprincipal  est  situ\u00e9  10  rue  Gilbert  B\u00e9caud  21800  CHEVIGNY-SAINT-SAUVEUR,  pour  les  activit\u00e9s \nsuivantes \u00e0 l'exclusion de toute autre\u00a0: \n1. Entretien de la maison et travaux m\u00e9nagers\n\u2026 / ...\nDDETS de la C\u00f4te d'Or\n6 Rue Chancelier de l'Hospital - 21000 DIJON \nT\u00e9l. : 03 80 68 30 00 (Accueil) www.cote-dor.gouv.fr\nDirection d\u00e9partementale de l'emploi, du travail et des solidarit\u00e9s de C\u00f4te-d'Or - 21-2026-04-24-00004 - R\u00e9c\u00e9piss\u00e9 d\u00e9claration SAP -\nMILOT Pauline 10\nCette activit\u00e9 est effectu\u00e9e en qualit\u00e9 de prestataire.\nToute  modification  concernant  les  activit\u00e9s  exerc\u00e9es  devra  faire  l'objet  d'une  d\u00e9claration  \nmodificative pr\u00e9alable.\nSous r\u00e9serve d'\u00eatre exerc\u00e9e \u00e0 titre exclusif, ces activit\u00e9s ouvrent droit au b\u00e9n\u00e9fice des dispositions  \ndes  articles  L.  7233-2  du  code  du  travail  et  L.  241-10  du  code  de  la  s\u00e9curit\u00e9  sociale  dans  les \nconditions pr\u00e9vues par ces articles.\nLes effets de la d\u00e9claration courent \u00e0 compter du jour du d\u00e9p\u00f4t de la d\u00e9claration sous r\u00e9serve des  \ndispositions de l'article R.7232-18 du code du travail. Le pr\u00e9sent r\u00e9c\u00e9piss\u00e9 n'est pas limit\u00e9 dans le  \ntemps. La d\u00e9claration a une port\u00e9e nationale.\nLe cas \u00e9ch\u00e9ant\u00a0:\nEn application des articles L.7232-1 et R.7232-1 \u00e0 R.7232-15, les activit\u00e9s n\u00e9cessitant un agr\u00e9ment (I de  \nl'article  D.7231-1  du  code  du  travail)  n'ouvrent  droit  \u00e0  ces  dispositions  que  si  l'organisme  a  \npr\u00e9alablement obtenu l'agr\u00e9ment ou le renouvellement de cet agr\u00e9ment dans le ou les d\u00e9partement(s) \nd'exercice de ses activit\u00e9s.\nDe m\u00eame, en application de l'article D.312-6-2 du code de l'action sociale et des familles, les activit\u00e9s  \nn\u00e9cessitant une autorisation n'ouvrent droit \u00e0 ces dispositions que si l'organisme a pr\u00e9alablement  \nobtenu l'autorisation ou le renouvellement de cette autorisation.\nL'enregistrement de la d\u00e9claration peut \u00eatre retir\u00e9 dans les conditions fix\u00e9es aux articles R.7232-22 \u00e0 \nR.7232-24 du code du travail.\nLe pr\u00e9sent r\u00e9c\u00e9piss\u00e9 sera publi\u00e9 au recueil des actes administratifs de la pr\u00e9fecture de la C\u00f4te d'Or.\nPour le Pr\u00e9fet de C\u00f4te d'Or, \net par subd\u00e9l\u00e9gation la Directrice \nD\u00e9partementale emp\u00each\u00e9e,\nLa Responsable de l'Unit\u00e9 Formation, Emploi et \nInsertion,\nSign\u00e9\nMarie BEGRAND\nDDETS de la C\u00f4te d'Or\n6 Rue Chancelier de l'Hospital - 21000 DIJON \nT\u00e9l. : 03 80 68 30 00 (Accueil) www.cote-dor.gouv.fr\nDirection d\u00e9partementale de l'emploi, du travail et des solidarit\u00e9s de C\u00f4te-d'Or - 21-2026-04-24-00004 - R\u00e9c\u00e9piss\u00e9 d\u00e9claration SAP -\nMILOT Pauline 11\nDirection d\u00e9partementale de l'emploi, du travail\net des solidarit\u00e9s de C\u00f4te-d'Or\n21-2026-04-24-00003\nR\u00e9c\u00e9piss\u00e9 d\u00e9claration SAP - ROMUALD Marion\nDirection d\u00e9partementale de l'emploi, du travail et des solidarit\u00e9s de C\u00f4te-d'Or - 21-2026-04-24-00003 - R\u00e9c\u00e9piss\u00e9 d\u00e9claration SAP -\nROMUALD Marion 12\nPREFETDELACOTE-D'ORLibert\u00e9Egalit\u00e9Fraternit\u00e9\nDirection D\u00e9partementale de l'Emploi, \ndu Travail et des Solidarit\u00e9s \u2013 DDETS\nDDETS de la C\u00f4te d'Or\nP\u00f4le Emploi et Coh\u00e9sion Territoriale\nUnit\u00e9 Formation Emploi Insertion\nAffaire suivie par : Anne-Lise CAYRON\nGestionnaire Services \u00e0 la personne\nT\u00e9l.\u00a0: 03 80 68 39 25 // 07 86 14 30 88\nMail : anne-lise.cayron@cote-dor.gouv.fr\nDijon, le 24/04/2026\nMme ROMUALD Marion\n4 rue du bataillon de choc\n21000 DIJON\nR\u00c9C\u00c9PISS\u00c9 DE LA D\u00c9CLARATION\nd'un Organisme de Services \u00e0 la Personne \nenregistr\u00e9 sous le n\u00b0 SAP/ 992006411\nLe Pr\u00e9fet de la C\u00f4te-d'Or, et par subd\u00e9l\u00e9gation de la Directrice D\u00e9partementale de la DDETS, la  \nResponsable du P\u00f4le Emploi et Coh\u00e9sion Territoriale/la Responsable de l'Unit\u00e9 Formation, Emploi,  \nInsertion\nVu le code du travail et notamment les articles L.7231-1 \u00e0 L.7233-2, R.7232-16 \u00e0 R.7232-22, D.7231-1 et \nD.7233-1 \u00e0 D.7233-5 ; \nVu la loi n\u00b0 2015-1776 du 28 d\u00e9cembre 2015 relative \u00e0 l'adaptation de la soci\u00e9t\u00e9 au vieillissement, \nVu le d\u00e9cret n\u00b0 2016-750 du 6 juin 2016 relatif \u00e0 la liste des activit\u00e9s de services \u00e0 la personne  \nsoumises \u00e0 agr\u00e9ment ou \u00e0 autorisation dans le cadre du r\u00e9gime commun de la d\u00e9claration,\nVu la demande de d\u00e9claration d\u00e9pos\u00e9e par l'organisme repr\u00e9sent\u00e9 p ar Mme ROMUALD Marion,  \nSIREN, 992 006 411 dont le si\u00e8ge social est situ\u00e9 4 rue du bataillon de choc 21000 DIJON, \nConstate\nQu'une d\u00e9claration d'activit\u00e9s de services \u00e0 la personne a \u00e9t\u00e9 d\u00e9pos\u00e9e le 13 avril 2026 sous le  \nnum\u00e9ro  3488840  aupr\u00e8s  de  la  DDETS  de  C\u00f4te  d'Or  par  Mme  ROMUALD  Marion,  dont  \nl'\u00e9tablissement  principal  est  situ\u00e9  4  rue  du  bataillon  de  choc  21000  DIJON,  pour  les  activit\u00e9s \nsuivantes \u00e0 l'exclusion de toute autre\u00a0: \n1. Entretien de la maison et travaux m\u00e9nagers\n2. Collecte et livraison \u00e0 domicile de linge repass\u00e9\n\u2026 / ...\nDDETS de la C\u00f4te d'Or\n6 Rue Chancelier de l'Hospital - 21000 DIJON \nT\u00e9l. : 03 80 68 30 00 (Accueil) www.cote-dor.gouv.fr\nDirection d\u00e9partementale de l'emploi, du travail et des solidarit\u00e9s de C\u00f4te-d'Or - 21-2026-04-24-00003 - R\u00e9c\u00e9piss\u00e9 d\u00e9claration SAP -\nROMUALD Marion 13\nCes activit\u00e9s sont effectu\u00e9es en qualit\u00e9 de prestataire.\nToute  modification  concernant  les  activit\u00e9s  exerc\u00e9es  devra  faire  l'objet  d'une  d\u00e9claration  \nmodificative pr\u00e9alable.\nSous r\u00e9serve d'\u00eatre exerc\u00e9e \u00e0 titre exclusif, ces activit\u00e9s ouvrent droit au b\u00e9n\u00e9fice des dispositions  \ndes  articles  L.  7233-2  du  code  du  travail  et  L.  241-10  du  code  de  la  s\u00e9curit\u00e9  sociale  dans  les \nconditions pr\u00e9vues par ces articles.\nLes effets de la d\u00e9claration courent \u00e0 compter du jour du d\u00e9p\u00f4t de la d\u00e9claration sous r\u00e9serve des  \ndispositions de l'article R.7232-18 du code du travail. Le pr\u00e9sent r\u00e9c\u00e9piss\u00e9 n'est pas limit\u00e9 dans le  \ntemps. La d\u00e9claration a une port\u00e9e nationale.\nLe cas \u00e9ch\u00e9ant\u00a0:\nEn application des articles L.7232-1 et R.7232-1 \u00e0 R.7232-15, les activit\u00e9s n\u00e9cessitant un agr\u00e9ment (I de  \nl'article  D.7231-1  du  code  du  travail)  n'ouvrent  droit  \u00e0  ces  dispositions  que  si  l'organisme  a  \npr\u00e9alablement obtenu l'agr\u00e9ment ou le renouvellement de cet agr\u00e9ment dans le ou les d\u00e9partement(s) \nd'exercice de ses activit\u00e9s.\nDe m\u00eame, en application de l'article D.312-6-2 du code de l'action sociale et des familles, les activit\u00e9s  \nn\u00e9cessitant une autorisation n'ouvrent droit \u00e0 ces dispositions que si l'organisme a pr\u00e9alablement  \nobtenu l'autorisation ou le renouvellement de cette autorisation.\nL'enregistrement de la d\u00e9claration peut \u00eatre retir\u00e9 dans les conditions fix\u00e9es aux articles R.7232-22 \u00e0 \nR.7232-24 du code du travail.\nLe pr\u00e9sent r\u00e9c\u00e9piss\u00e9 sera publi\u00e9 au recueil des actes administratifs de la pr\u00e9fecture de la C\u00f4te d'Or.\nPour le Pr\u00e9fet de C\u00f4te d'Or, \net par subd\u00e9l\u00e9gation la Directrice \nD\u00e9partementale emp\u00each\u00e9e,\nLa Responsable de l'Unit\u00e9 Formation, Emploi et \nInsertion,\nSign\u00e9\nMarie BEGRAND\nDDETS de la C\u00f4te d'Or\n6 Rue Chancelier de l'Hospital - 21000 DIJON \nT\u00e9l. : 03 80 68 30 00 (Accueil) www.cote-dor.gouv.fr\nDirection d\u00e9partementale de l'emploi, du travail et des solidarit\u00e9s de C\u00f4te-d'Or - 21-2026-04-24-00003 - R\u00e9c\u00e9piss\u00e9 d\u00e9claration SAP -\nROMUALD Marion 14\nDirection d\u00e9partementale de la protection des\npopulations de la C\u00f4te-d'Or\nService Protection \u00c9conomique du\nConsommateur\n21-2026-04-22-00014\nArr\u00eat\u00e9 pr\u00e9fectoral N\u00b0750/2026 en date du 22\navril 2026 attribuant l habilitation sanitaire \u00e0\nClara Lozano Rodriguez\nDirection d\u00e9partementale de la protection des populations de la C\u00f4te-d'Or - 21-2026-04-22-00014 - Arr\u00eat\u00e9 pr\u00e9fectoral N\u00b0750/2026 en\ndate du 22 avril 2026 attribuant l habilitation sanitaire \u00e0 Clara Lozano Rodriguez 15\nE =PREFETDE LACOTE-D'ORLibert\u00e9Egalit\u00e9Fraternit\u00e9\nDirection D\u00e9partementale\nde la Protection des Populations\nService Sant\u00e9 et Protection Animales\nProtection de l'Environnement\nAffaire suivie par : Val\u00e9rie LABUSSIERE\nT\u00e9l. : 03 80 29 44 53\nM\u00e9l : ddpp-spa@cote-dor.gouv.fr\nArr\u00eat\u00e9 pr\u00e9fectoral N\u00b0750/2026 en date du 22 avril 2026\nAttribuant l'habilitation sanitaire \u00e0 Clara Lozano Rodriguez\nPr\u00e9fet de la C\u00f4te-d'Or\nVu  le Code Rural et de la p\u00eache maritime et notamment ses articles L.203-1 \u00e0 L.203-7, L.223-\n6, R.203-1 \u00e0 R.203-15 et R.242-33.\nVu  le d\u00e9cret n\u00b080-516 du 4 juillet 1980, modifi\u00e9 par le d\u00e9cret n\u00b090-1033 du 19 novembre  \n1990 et par le d\u00e9cret 2003-768 du 1 er ao\u00fbt 2003, relatif \u00e0 l'ex\u00e9cution des mesures de  \nprophylaxie collective des maladies des animaux ;\nVu  le  d\u00e9cret  n\u00b02004-374  du  29  avril  2004  modifi\u00e9,  relatif  aux  pouvoirs  des  pr\u00e9fets,  \u00e0  \nl'organisation  et  \u00e0  l'action  des  services  de  l'\u00c9tat  dans  les  r\u00e9gions  et  d\u00e9partements  \nnotamment son article 43 ;\nVu  le d\u00e9cret du 10 octobre 2024 nommant M. Paul MOURIER, pr\u00e9fet de la C\u00f4te-d'Or ;\nVu l'arr\u00eat\u00e9  pr\u00e9fectoral  n\u00b0  1658/SG  du  28/10/2024,  donnant  d\u00e9l\u00e9gation  de  signature  \u00e0  \nMonsieur Didier ROOSE ;\nVu l'arr\u00eat\u00e9 pr\u00e9fectoral n\u00b0781 DDPP du 05/06/2025, donnant subd\u00e9l\u00e9gation de signature ;\nConsid\u00e9rant  que  le  Docteur  V\u00e9t\u00e9rinaire  Clara  Lozano  Rodriguez  remplit  les  conditions  \npermettant l'attribution de l'habilitation sanitaire ;\nSur proposition de Monsieur le directeur d\u00e9partemental de la protection des populations de  \nla C\u00f4te-d'Or ;\nDirection D\u00e9partementale de la Protection des Populations - 57 rue de Mulhouse  -  21 033 DIJON Cedex\nt\u00e9l : 03 80 29 43 53... - Fax : 03 80 29 43 53..... - m\u00e8l : ddpp@cote-dor.gouv.fr\nSite internet : http://www.cote-dor.gouv.fr\npage 1\nDirection d\u00e9partementale de la protection des populations de la C\u00f4te-d'Or - 21-2026-04-22-00014 - Arr\u00eat\u00e9 pr\u00e9fectoral N\u00b0750/2026 en\ndate du 22 avril 2026 attribuant l habilitation sanitaire \u00e0 Clara Lozano Rodriguez 16\nA R R E T E\nArticle 1er :\nL'habilitation sanitaire pr\u00e9vue \u00e0 l'article L.203-1 du code rural et de la p\u00eache maritime susvis\u00e9  \nest attribu\u00e9e pour une dur\u00e9e de 5 ans, \u00e0 compter de la date de signature du pr\u00e9sent arr\u00eat\u00e9,  \u00e0 \nClara Lozano Rodriguez  Docteur V\u00e9t\u00e9rinaire, inscrite au Tableau de l'Ordre des V\u00e9t\u00e9rinaires  \nde la r\u00e9gion Bourgogne-Franche-Comt\u00e9, sous le n\u00b041690, administrativement domicili\u00e9e \u00e0 12A \nrue Arthur Rimbaud 21000 DIJON\nArticle 2 :\nDans la mesure o\u00f9 les conditions requises ont \u00e9t\u00e9 respect\u00e9es, cette habilitation sanitaire est  \nrenouvelable  par  p\u00e9riode  de  cinq  ann\u00e9es  tacitement  reconduites  sous  r\u00e9serve  pour  le  \nv\u00e9t\u00e9rinaire sanitaire de justifier \u00e0 l'issue de chaque p\u00e9riode de cinq ans, aupr\u00e8s du pr\u00e9fet de  \nla C\u00f4te-d'Or du respect de ses obligations de formation continue pr\u00e9vues \u00e0 l'article R.203-12.\nArticle 3 :\nClara Lozano Rodriguez  s'engage \u00e0 respecter les prescriptions techniques, administratives et  \nle cas \u00e9ch\u00e9ant financi\u00e8res de mise en \u0153uvre des mesures de pr\u00e9vention, de surveillance ou  \nde  lutte  prescrites  par  l'autorit\u00e9  administrative  et  des  op\u00e9rations  de  police  sanitaire  \nex\u00e9cut\u00e9es en application de l'article L.203-7 du code rural et de la p\u00eache maritime.\nArticle 4 :\nClara Lozano Rodriguez   pourra \u00eatre appel\u00e9e par le pr\u00e9fet de ses d\u00e9partements d'exercice  \npour la r\u00e9alisation d'op\u00e9rations de police sanitaire au sein des lieux de d\u00e9tention ou des  \n\u00e9tablissements  pour  lesquels  elle  a  \u00e9t\u00e9  d\u00e9sign\u00e9e  v\u00e9t\u00e9rinaire  sanitaire.  Elle  sera  tenue  de \nconcourir \u00e0 ces op\u00e9rations en application des dispositions de l'article L.203-7 du code rural et \nde la p\u00eache maritime.\nArticle 5 :\nTout  manquement  ou  faute  commis  dans  l'exercice  de  la  pr\u00e9sente  habilitation  sanitaire \nentra\u00eenera l'application des dispositions pr\u00e9vues aux articles R.203-15, R.228-6 et suivants du  \ncode rural et de la p\u00eache maritime.\nArticle 6 :\nLa pr\u00e9sente d\u00e9cision peut faire l'objet d'un recours devant le Tribunal Administratif de Dijon  \ndans un d\u00e9lai de deux mois \u00e0 compter de la date de notification, soit par courrier, soit par  \nl'application informatique T\u00e9l\u00e9recours accessible sur le site www.telerecours.fr\nArticle 7 :\nMonsieur le directeur d\u00e9partemental de la protection des populations de la C\u00f4te-d'Or est  \ncharg\u00e9 de l'ex\u00e9cution du pr\u00e9sent arr\u00eat\u00e9 qui sera publi\u00e9 au recueil des actes administratifs de  \nla pr\u00e9fecture de la C\u00f4te-d'Or.\nLa cheffe de service\nSign\u00e9\nFlora AL-HAKKAK\nDirection D\u00e9partementale de la Protection des Populations - 57 rue de Mulhouse  -  21 033 DIJON Cedex\nt\u00e9l : 03 80 29 43 53... - Fax : 03 80 29 43 53..... - m\u00e8l : ddpp@cote-dor.gouv.fr\nSite internet : http://www.cote-dor.gouv.fr\npage 2\nDirection d\u00e9partementale de la protection des populations de la C\u00f4te-d'Or - 21-2026-04-22-00014 - Arr\u00eat\u00e9 pr\u00e9fectoral N\u00b0750/2026 en\ndate du 22 avril 2026 attribuant l habilitation sanitaire \u00e0 Clara Lozano Rodriguez 17\nDirection d\u00e9partementale de la protection des\npopulations de la C\u00f4te-d'Or\nService Sant\u00e9 et Protections animales, Protection\nde l'Environnement\n21-2026-04-22-00015\nArr\u00eat\u00e9 pr\u00e9fectoral N\u00b0747/2026 en date du 22\navril 2026 attribuant l habilitation sanitaire \u00e0\nThais SANTOS VIANNA\nDirection d\u00e9partementale de la protection des populations de la C\u00f4te-d'Or - 21-2026-04-22-00015 - Arr\u00eat\u00e9 pr\u00e9fectoral N\u00b0747/2026 en\ndate du 22 avril 2026 attribuant l habilitation sanitaire \u00e0 Thais SANTOS VIANNA 18\nE =PREFETDE LACOTE-D'ORLibert\u00e9Egalit\u00e9Fraternit\u00e9\nDirection D\u00e9partementale\nde la Protection des Populations\nAffaire suivie par Val\u00e9rie LABUSSIERE                    \nService sant\u00e9 et protection animales,\nprotection de l'environnement\nT\u00e9l : 03 80 29 44 53\nm\u00e9l : ddpp-spa@cote-dor.gouv.fr\nArr\u00eat\u00e9 pr\u00e9fectoral N\u00b0747/2026 en date du 22 avril 2026\nAttribuant l'habilitation sanitaire \u00e0 Thais SANTOS VIANNA\nPr\u00e9fet de la C\u00f4te-d'Or\nVu le Code Rural et de la p\u00eache maritime et notamment ses articles L.203-1 \u00e0 L.203-7 , L.223-\n6, R.203-1 \u00e0 R.203-15 et R.242-33.\nVu le d\u00e9cret n\u00b080-516 du 4 juillet 1980, modifi\u00e9 par le d\u00e9cret n\u00b090-1033 du 19 novembre 1990 \net  par  le  d\u00e9cret  2003-768  du  1 er ao\u00fbt  2003,  relatif  \u00e0  l'ex\u00e9cution  des  mesures  de  \nprophylaxie collective des maladies des animaux ;\nVu le  d\u00e9cret  n\u00b02004-374  du  29  avril  2004  modifi\u00e9,  relatif  aux  pouvoirs  des  pr\u00e9fets,  \u00e0  \nl'organisation  et  \u00e0  l'action  des  services  de  l'\u00c9tat  dans  les  r\u00e9gions  et  d\u00e9partements  \nnotamment son article 43 ;\nVu  le d\u00e9cret du 10 octobre 2024 nommant M. Paul MOURIER, pr\u00e9fet de la C\u00f4te-d' Or ;\nVu l'arr\u00eat\u00e9  pr\u00e9fectoral  n\u00b0  1658/SG  du  28/10/2024,  donnant  d\u00e9l\u00e9gation  de  signature  \u00e0  \nMonsieur Didier ROOSE ;\nVu l'arr\u00eat\u00e9 pr\u00e9fectoral n\u00b0 n\u00b0781 DDPP du 05/06/2025, donnant subd\u00e9l\u00e9gation de signature ;\nConsid\u00e9rant que  le  Docteur  V\u00e9t\u00e9rinaire  Thais  SANTOS  VIANNA  remplit  les  conditions  \npermettant l'attribution de l'habilitation sanitaire ;\nSur proposition de Monsieur le directeur d\u00e9partemental de la protection des populations de  \nla C\u00f4te-d'Or ;\nDirection D\u00e9partementale de la Protection des Populations - 57 rue de Mulhouse  -  21 033 DIJON Cedex\nt\u00e9l : 03 80 29 43 53... - m\u00e8l : ddpp-spa@cote-dor.gouv.fr\nSite internet : http://www.cote-dor.gouv.fr\npage 1\nDirection d\u00e9partementale de la protection des populations de la C\u00f4te-d'Or - 21-2026-04-22-00015 - Arr\u00eat\u00e9 pr\u00e9fectoral N\u00b0747/2026 en\ndate du 22 avril 2026 attribuant l habilitation sanitaire \u00e0 Thais SANTOS VIANNA 19\nA R R E T E\nArticle 1er :\nL'habilitation sanitaire pr\u00e9vue \u00e0 l'article L.203-1 du code rural et de la p\u00eache maritime susvis\u00e9  \nest attribu\u00e9e pour une dur\u00e9e de 5 ans \u00e0 compter de la date de signature du pr\u00e9sent arr\u00eat\u00e9, \u00e0 \nThais SANTOS VIANNA Docteur V\u00e9t\u00e9rinaire inscrite au Tableau de l'Ordre des V\u00e9t\u00e9rinaires de \nla r\u00e9gion Bourgogne-Franche-Comt\u00e9, sous le n\u00b039828 administrativement domicili\u00e9e \u00e0 \nClinique v\u00e9t\u00e9rinaire des grands crus 45 rue de Longvic 21300 CHENOVE\nArticle 2 :\nThais SANTOS VIANNA  s'engage \u00e0 respecter les prescriptions techniques, administratives et  \nle cas \u00e9ch\u00e9ant financi\u00e8res de mise en \u0153uvre des mesures de pr\u00e9vention, de surveillance ou de \nlutte prescrites par l'autorit\u00e9 administrative et des op\u00e9rations de police sanitaire ex\u00e9cut\u00e9es  \nen application de l'article L.203-7 du code rural et de la p\u00eache maritime.\nArticle 3 :\nThais SANTOS VIANNA   pourra \u00eatre appel\u00e9e par le pr\u00e9fet de ses d\u00e9partements d'exercice  \npour la r\u00e9alisation d'op\u00e9rations de police sanitaire au sein des lieux de d\u00e9tention ou des  \n\u00e9tablissements  pour  lesquels  elle  a  \u00e9t\u00e9  d\u00e9sign\u00e9e v\u00e9t\u00e9rinaire  sanitaire.  Elle  sera  tenue  de  \nconcourir \u00e0 ces op\u00e9rations en application des dispositions de l'article L.203-7 du code rural et \nde la p\u00eache maritime.\nArticle 4 :\nTout  manquement  ou  faute  commis  dans  l'exercice  de  la  pr\u00e9sente  habilitation  sanitaire \nentra\u00eenera l'application des dispositions pr\u00e9vues aux articles R.203-15, R.228-6 et suivants du  \ncode rural et de la p\u00eache maritime.\nArticle 5 :\nLa pr\u00e9sente d\u00e9cision peut faire l'objet d'un recours devant le Tribunal Administratif de Dijon  \ndans un d\u00e9lai de deux mois \u00e0 compter de la date de notification, soit par courrier, soit par  \nl'application informatique T\u00e9l\u00e9recours accessible sur le site www.telerecours.fr\nArticle 6 :\nMonsieur le directeur d\u00e9partemental de la protection des populations de la C\u00f4te-d'Or est  \ncharg\u00e9 de l'ex\u00e9cution du pr\u00e9sent arr\u00eat\u00e9 qui sera publi\u00e9 au recueil des actes administratifs de  \nla pr\u00e9fecture de la C\u00f4te-d'Or.\nLa cheffe de service\nSign\u00e9\nFlora AL-HAKKAK\nDirection D\u00e9partementale de la Protection des Populations - 57 rue de Mulhouse  -  21 033 DIJON Cedex\nt\u00e9l : 03 80 29 43 53... - m\u00e8l : ddpp-spa@cote-dor.gouv.fr\nSite internet : http://www.cote-dor.gouv.fr\npage 2\nDirection d\u00e9partementale de la protection des populations de la C\u00f4te-d'Or - 21-2026-04-22-00015 - Arr\u00eat\u00e9 pr\u00e9fectoral N\u00b0747/2026 en\ndate du 22 avril 2026 attribuant l habilitation sanitaire \u00e0 Thais SANTOS VIANNA 20\nDirection d\u00e9partementale de la protection des\npopulations de la C\u00f4te-d'Or\nService Sant\u00e9 et Protections animales, Protection\nde l'Environnement\n21-2026-04-23-00003\nArr\u00eat\u00e9 pr\u00e9fectoral N\u00b0755/2026 en date du 23\navril 2026 attribuant l habilitation sanitaire \u00e0\nKate DEROO\nDirection d\u00e9partementale de la protection des populations de la C\u00f4te-d'Or - 21-2026-04-23-00003 - Arr\u00eat\u00e9 pr\u00e9fectoral N\u00b0755/2026 en\ndate du 23 avril 2026 attribuant l habilitation sanitaire \u00e0 Kate DEROO 21\nE =PREFETDE LACOTE-D'ORLibert\u00e9Egalit\u00e9Fraternit\u00e9\nDirection D\u00e9partementale\nde la Protection des Populations\nAffaire suivie par Val\u00e9rie LABUSSIERE                    \nService sant\u00e9 et protection animales,\nprotection de l'environnement\nT\u00e9l : 03 80 29 44 53\nm\u00e9l : ddpp-spa@cote-dor.gouv.fr\nArr\u00eat\u00e9 pr\u00e9fectoral N\u00b0755/2026 en date du 23 avril 2026\nAttribuant l'habilitation sanitaire \u00e0 Kate DEROO\nPr\u00e9fet de la C\u00f4te-d'Or\nVu le Code Rural et de la p\u00eache maritime et notamment ses articles L.203-1 \u00e0 L.203-7 , L.223-\n6, R.203-1 \u00e0 R.203-15 et R.242-33.\nVu le d\u00e9cret n\u00b080-516 du 4 juillet 1980, modifi\u00e9 par le d\u00e9cret n\u00b090-1033 du 19 novembre 1990 \net  par  le  d\u00e9cret  2003-768  du  1 er ao\u00fbt  2003,  relatif  \u00e0  l'ex\u00e9cution  des  mesures  de  \nprophylaxie collective des maladies des animaux ;\nVu le  d\u00e9cret  n\u00b02004-374  du  29  avril  2004  modifi\u00e9,  relatif  aux  pouvoirs  des  pr\u00e9fets,  \u00e0  \nl'organisation  et  \u00e0  l'action  des  services  de  l'\u00c9tat  dans  les  r\u00e9gions  et  d\u00e9partements  \nnotamment son article 43 ;\nVu  le d\u00e9cret du 10 octobre 2024 nommant M. Paul MOURIER, pr\u00e9fet de la C\u00f4te-d' Or ;\nVu l'arr\u00eat\u00e9  pr\u00e9fectoral  n\u00b0  1658/SG  du  28/10/2024,  donnant  d\u00e9l\u00e9gation  de  signature  \u00e0  \nMonsieur Didier ROOSE ;\nVu l'arr\u00eat\u00e9 pr\u00e9fectoral n\u00b0 n\u00b0781 DDPP du 05/06/2025, donnant subd\u00e9l\u00e9gation de signature ;\nConsid\u00e9rant que  le  Docteur  V\u00e9t\u00e9rinaire  Kate  DEROO  remplit  les  conditions  permettant  \nl'attribution de l'habilitation sanitaire ;\nSur proposition de Monsieur le directeur d\u00e9partemental de la protection des populations de  \nla C\u00f4te-d'Or ;\nDirection D\u00e9partementale de la Protection des Populations - 57 rue de Mulhouse  -  21 033 DIJON Cedex\nt\u00e9l : 03 80 29 43 53... - m\u00e8l : ddpp-spa@cote-dor.gouv.fr\nSite internet : http://www.cote-dor.gouv.fr\npage 1\nDirection d\u00e9partementale de la protection des populations de la C\u00f4te-d'Or - 21-2026-04-23-00003 - Arr\u00eat\u00e9 pr\u00e9fectoral N\u00b0755/2026 en\ndate du 23 avril 2026 attribuant l habilitation sanitaire \u00e0 Kate DEROO 22\nA R R E T E\nArticle 1er :\nL'habilitation sanitaire pr\u00e9vue \u00e0 l'article L.203-1 du code rural et de la p\u00eache maritime susvis\u00e9  \nest attribu\u00e9e pour une dur\u00e9e de 5 ans \u00e0 compter de la date de signature du pr\u00e9sent arr\u00eat\u00e9, \u00e0 \nKate DEROO  Docteur V\u00e9t\u00e9rinaire inscrite au Tableau de l'Ordre des V\u00e9t\u00e9rinaires de la r\u00e9gion \nBourgogne-Franche-Comt\u00e9, sous le n\u00b019143, administrativement domicili\u00e9e \u00e0 17 rue de \nSerrigny 21550 LADOIX SERIIGNY\nArticle 2 :\nKate  DEROO s'engage  \u00e0  respecter  les  prescriptions  techniques,  administratives  et  le  cas  \n\u00e9ch\u00e9ant financi\u00e8res de mise en \u0153uvre des mesures de pr\u00e9vention, de surveillance ou de lutte  \nprescrites par l'autorit\u00e9 administrative et des op\u00e9rations de police sanitaire ex\u00e9cut\u00e9es en  \napplication de l'article L.203-7 du code rural et de la p\u00eache maritime.\nArticle 3 :\nKate  DEROO pourra  \u00eatre  appel\u00e9e  par  le  pr\u00e9fet  de  ses  d\u00e9partements  d'exercice  pour  la  \nr\u00e9alisation  d'op\u00e9rations  de  police  sanitaire  au  sein  des  lieux  de  d\u00e9tention  ou  des  \n\u00e9tablissements  pour  lesquels  elle  a  \u00e9t\u00e9  d\u00e9sign\u00e9e v\u00e9t\u00e9rinaire  sanitaire.  Elle  sera  tenue  de  \nconcourir \u00e0 ces op\u00e9rations en application des dispositions de l'article L.203-7 du code rural et \nde la p\u00eache maritime.\nArticle 4 :\nTout  manquement  ou  faute  commis  dans  l'exercice  de  la  pr\u00e9sente  habilitation  sanitaire \nentra\u00eenera l'application des dispositions pr\u00e9vues aux articles R.203-15, R.228-6 et suivants du  \ncode rural et de la p\u00eache maritime.\nArticle 5 :\nLa pr\u00e9sente d\u00e9cision peut faire l'objet d'un recours devant le Tribunal Administratif de Dijon  \ndans un d\u00e9lai de deux mois \u00e0 compter de la date de notification, soit par courrier, soit par  \nl'application informatique T\u00e9l\u00e9recours accessible sur le site www.telerecours.fr\nArticle 6 :\nMonsieur le directeur d\u00e9partemental de la protection des populations de la C\u00f4te-d'Or est  \ncharg\u00e9 de l'ex\u00e9cution du pr\u00e9sent arr\u00eat\u00e9 qui sera publi\u00e9 au recueil des actes administratifs de  \nla pr\u00e9fecture de la C\u00f4te-d'Or.\nLa cheffe de service\nSign\u00e9\nFlora AL-HAKKAK\nDirection D\u00e9partementale de la Protection des Populations - 57 rue de Mulhouse  -  21 033 DIJON Cedex\nt\u00e9l : 03 80 29 43 53... - m\u00e8l : ddpp-spa@cote-dor.gouv.fr\nSite internet : http://www.cote-dor.gouv.fr\npage 2\nDirection d\u00e9partementale de la protection des populations de la C\u00f4te-d'Or - 21-2026-04-23-00003 - Arr\u00eat\u00e9 pr\u00e9fectoral N\u00b0755/2026 en\ndate du 23 avril 2026 attribuant l habilitation sanitaire \u00e0 Kate DEROO 23\nDirection des services d\u00e9partementaux de\nl'\u00e9ducation nationale de C\u00f4te-d'Or\nGestion financi\u00e8re et logistique \n21-2026-04-23-00004\narr\u00eat\u00e9 CS 2026-04 portant modification de la\ncarte scolaire dans l'enseignement du premier\ndegr\u00e9 public pour l'ann\u00e9e scolaire 2026-2027\nDirection des services d\u00e9partementaux de l'\u00e9ducation nationale de C\u00f4te-d'Or - 21-2026-04-23-00004 - arr\u00eat\u00e9 CS 2026-04 portant\nmodification de la carte scolaire dans l'enseignement du premier degr\u00e9 public pour l'ann\u00e9e scolaire 2026-2027 24\nACAD E M | E Direction des services d\u00e9partementauxde l'\u00e9ducation nationaleDE DIJON de C\u00f4te-d'OrLibert\u00e9Egalit\u00e9Fraternit\u00e9\nP\u00f4le des unit\u00e9s d'enseignement de la C\u00f4te-d'Or\nR\u00e9f\u00e9rence de l'arr\u00eat\u00e9 :arr. n\u00b0 CS \u2014 2026-04\nARRETEportant modification de la carte scolairedans l'enseignement du premier degr\u00e9 public de C\u00f4te-d'Orpour l'ann\u00e9e scolaire 2026-2027\nLe directeur acad\u00e9mique des services de l'\u00e9ducation nationale\nVU la loi n\u00b083-663 du 22 juillet 1983 modifi\u00e9e relative \u00e0 la r\u00e9partition des comp\u00e9tences entre lescommunes, les d\u00e9partements, les r\u00e9gions et l'\u00c9tat,VU le code de l'\u00e9ducation, notamment les articles L211-1 et suivants,VU le d\u00e9cret 2012-16 du 5 janvier 2012 relatif \u00e0 l'organisation acad\u00e9mique,VU la circulaire n\u00b02003-104 du 3 juillet 2003 relative \u00e0 la pr\u00e9paration de la carte scolaire du 1\u00b0 degr\u00e9,VU l'avis des comit\u00e9s sociaux d'administration acad\u00e9miques du 30 mars et du 7 avril 2026 fixant lesmoyens d'enseignement du 1 degr\u00e9 du d\u00e9partement au titre de l'ann\u00e9e scolaire 2026-2027,LE conseil d\u00e9partemental de l'\u00e9ducation nationale r\u00e9uni le 20 avril 2026 et le 23 avril 2026,VU l'avis du pr\u00e9fet de la r\u00e9gion Bourgogne-Franche-Comte\u00e9, pr\u00e9fet de la C\u00f4te-d'Or, du 31 mars 2026,en application des d\u00e9crets n\u00b02025-723, 2025-724 et 2025-726 du 30 juillet 2025 et de la circulaire duPremier minist\u00e8re du 5 septembre 2025.\nDirection des services d\u00e9partementaux de l'\u00e9ducation nationale de C\u00f4te-d'Or - 21-2026-04-23-00004 - arr\u00eat\u00e9 CS 2026-04 portant\nmodification de la carte scolaire dans l'enseignement du premier degr\u00e9 public pour l'ann\u00e9e scolaire 2026-2027 25\nARRETE:\nTITRE |: IMPLANTATIONS D'EMPLOISARTICLE 1Enseignement \u00e9l\u00e9mentaireLes emplois suivants sont attribu\u00e9s \u00e0 compter du 1\u00b0 septembre 2026 :\nBEAUNE 0210379Y | E.E.PU LES REMPARTS 4 \u00aeme classe ordinaireBRAZEY-EN-PLAINE 0211368Y | E.E.PU 7 &TM classe ordinaireDIJON 0211977K | E.E.PU CAMILLE FLAMMARION 10 \u00b0\" classe ordinaireDIJON 0211934N | E.E.PU BUFFON 8 \u00b0\" classe ordinaireDIJON 0211607H | E.E.PU CHAMPS PERDRIX 10 \u00a9\" classe ordinaireDIJON 0211697F | E.E.PU LARREY 8 \u00b0\" classe ordinaireDIJON 0211992B | E.E.PU OUEST 5 \u00aeme classe ordinaireLONGCHAMP 0211572V | E.E.PU R.P.I. CHAMBEIRE 5 \u00b0\" classe ordinaireNORGES-LA-VILLE 0210743U | E.E.PU R.P.I. BRETIGNY 6 '\" classe ordinairePONTAILLER-SUR-SAONE 0211694C | E.E.PU 7 \u00b0\" classe ordinairePRECY-SOUS-THIL 0212034X | E.E.PU 6 \u00b0\" classe ordinaireQUETIGNY 0211467F | E.E.PU FONTAINE AUX JARDINS 5 me classe ordinaireRECEY-SUR-OURCE 0211255A | E.P.PU en \u00e9l\u00e9mentaire 4 \u00b0\" classe ordinaireROUVRAY 0211347A | E.P.PU en \u00e9l\u00e9mentaire 4 \u00aeme classe ordinaire\nEnseignement pr\u00e9\u00e9l\u00e9mentaireBINGES 0212217W | E.M.PU 3 \u00b0\" classe ordinaireBRETENIERE 0211715A | E.M.PU 2 *me classe ordinaireCORGOLOIN 0210222C | E.M.PU R.P.I. COMBLANCHIEN 3 \u00b0\" classe ordinaireDIJON 0211330G | E.M.PU ALSACE 5 me classe ordinaireDIJON 0211404M | E.M.PU COLETTE 4 \u00b0\" classe ordinaireDIJON 0211438Z | E.M.PU JEAN BAPTISTE LALLEMAND 4 *\" classe ordinaireMONTBARD 0211486B | E.M.PU JACQUES-YVES COUSTEAU 4 \u00b0\" classe ordinaireMONTBARD 0210793Y | E.M.PU PASTEUR 5 me classe ordinairePONTAILLER-SUR-SAONE 0211445G | E.M.PU R.P.I. VONGES 4 \u00b0\"\u00ae classe ordinaireTART 02116457 | E.M.PU 4 \u00b0\"\u00ae classe ordinaire\nEnseignement sp\u00e9cialis\u00e9- 0,5 poste option D cognitif au SESSAD UGECAM \u00e0 Dijon.Unit\u00e9 localis\u00e9e pour l'inclusion scolaire (ULIS)* __1 poste option D \u00e0 l'\u00e9cole \u00e9l\u00e9mentaire d'Arc-sur-Tille,* __1 poste option D \u00e0 l'\u00e9cole primaire de Recey-sur-Ource.Poste moins de 3 ans (MTA)\u00b0 1 poste \u00e0 l'\u00e9cole maternelle Bourdeni\u00e9re a Chen\u00e9ve.\n2/5\nDirection des services d\u00e9partementaux de l'\u00e9ducation nationale de C\u00f4te-d'Or - 21-2026-04-23-00004 - arr\u00eat\u00e9 CS 2026-04 portant\nmodification de la carte scolaire dans l'enseignement du premier degr\u00e9 public pour l'ann\u00e9e scolaire 2026-2027 26\nBesoin \u00e9ducatif particulier1 poste de r\u00e9f\u00e9rent rattach\u00e9 \u00e0 la circonscription de l'inspectrice des \u00e9colesd'application.Fonction p\u00e9dagogique exceptionnelle\nTITRE Il: RETRAITS D'EMPLOIS\n0,5 poste rattach\u00e9 \u00e0 la circonscription de l'A.S.H\nARTICLE 2Enseignement \u00e9l\u00e9mentaireLes emplois suivants sont retir\u00e9s \u00e0 compter du 1\u00b0 septembre 2026 :\nARNAY-LE-DUC 0211238G E.E.PU PIERRE MEUNIER 3 \u00b0\" classe ordinaireAUXONNE 0210400W E.E.PU JEAN MOULIN 6 &TM classe ordinaireAUXONNE 0210399V E.P.PU LOUIS PASTEUR en \u00e9l\u00e9mentaire 8 \u00b0\" classe ordinaireBEAUNE 0212100U E.E.PU CHAMPAGNE SAINT NICOLAS 7 \u00aeme classe ordinaireBEAUNE 0211435W E.P.PU LES PEUPLIERS en maternelle 10 \u00b0\" classe ordinaireBELLENEUVE 0210361D E.E.PU 6 \u00b0\" classe ordinaireBLIGNY-LES-BEAUNE 0210337C E.P.PU JEAN DES VIGNES en \u00e9l\u00e8mentaire 5 \u00b0\" classe ordinaireBRETENIERE 0211239H E.E.PU 4 \u00aeme classe ordinaireCHEVIGNY-SAINT-SAUVEUR 0210244B E.E.PU HENRI MARC 7 \u00aeTM\u00b0 classe ordinaireCHEVIGNY-SAINT-SAUVEUR 0211616T E.E.PU BUISSON ROND 7 *TM classe ordinaireDAROIS 0212072N E.P.PU en \u00e9l\u00e9mentaire 7 \u00b0\" classe ordinaireDIJON 0212110E E.E.PU CHATEAU DE POUILLY 9 \u00aeme classe ordinaireDIJON 0211608J E.E.PU COLOMBIERE 5 \u00aeme classe ordinaireDIJON 0211957N E.E.PU COTEAUX DU SUZON 5 \u00b0\" classe ordinaireDIJON 0211639T E.E.PU MANSART 10 ?\" classe ordinaireDIJON 0211884J E.E.PU MONTS DE VIGNES 10 \u00b0\" classe ordinaireDIJON 0211570T E.E.PU YORK 9 me classe ordinaireDIJON 0212099T E.E.PU DARCY MAUCHAUSSE 8 \u00b0\" classe ordinaireFONTAINE-LES-DIJON 0211790G E.E.PU LES PORTE-FEUILLES 5 \u00aeme classe ordinaireFRANXAULT 0210958C E.P.PU en \u00e9l\u00e9mentaire 4 \u00b0\"\u00ae classe ordinaireGEMEAUX 0210954Y E.E.PU R.P.I. PICHANGES - SPOY 5 me classe ordinaireGENLIS 0210951V E.E.PU PAUL BERT 7 \u00aeTM\u00b0 classe ordinaireLONGECOURT-EN-PLAINE 0210881U E.P.PU HENRI VINCENOT en \u00e9l\u00e9mentaire 5 \u00aeme classe ordinaireLONGVIC 0211466E E.E.PU MAURICE MAZUE 6 \u00b0\" classe ordinaireMERCEUIL 0210821D E.P.PU R.P.I. MONTAGNY-LES-BEAUNE en \u00e9l\u00e9mentaire | 6 \u00b0\u00b0 classe ordinaireMOUTIERS-SAINT-JEAN 0210762P E.E.PU R.P.I. VISERNY 3 \u00b0\" classe ordinaireNEUILLY-CRIMOLOIS 0210203G E.P.PU HENRI HIRCHI en \u00e9l\u00e9mentaire 5 \u00b0\" classe ordinaireNOLAY 0211253Y E.E.PU LAZARE CARNOT 5 \u00b0\" classe ordinaireNUITS-SAINT-GEORGES 0210742T E.E.PU HENRI CHALLAND 5 me classe ordinaireOUGES 0210732G E.E.PU 4 *me classe ordinaireQUETIGNY 0210682C E.E.PU HUCHES-FRANCOIS MITTERRAND 7 \u00b0\"\u00ae classe ordinaireRUFFEY-LES-ECHIREY 0211597X E.E.PU 4 *me classe ordinaireSAINT-JEAN-DE-LOSNE 0211256B E.P.PU en \u00e9l\u00e9mentaire 4 \u00b0\" classe ordinaireSENNECEY-LES-DIJON 0210567C E.E.PU ROLAND BELLEVILLE 6 \u00b0\" classe ordinaireSERRIGNY-LADOIX 0211258D E.E.PU R.P.I. CHOREY-LES-BEAUNE 7 \u00b0\"\u00ae classe ordinaireTALANT 0211539J E.E.PU JACQUES PREVERT 9 \u00aeme classe ordinaireTALANT 0211589N E.E.PU ELSA TRIOLET 7 \u00b0\" classe ordinaireTILLENAY 0210528K E.P.PU en \u00e9l\u00e9mentaire 4 me classe ordinaireVENAREY-LES-LAUMES 0212035Y E.E.PU DEBUSSY J. ROSTAND 6 \u00b0\" classe ordinaire3/5\nDirection des services d\u00e9partementaux de l'\u00e9ducation nationale de C\u00f4te-d'Or - 21-2026-04-23-00004 - arr\u00eat\u00e9 CS 2026-04 portant\nmodification de la carte scolaire dans l'enseignement du premier degr\u00e9 public pour l'ann\u00e9e scolaire 2026-2027 27\nEnseignement pr\u00e9\u00e9l\u00e9mentaireBEIRE-LE-CHATEL 0211534D E.M.PU 2 \u00b0\"\u00ae classe ordinaireDAIX 0211669A E.P.PU en maternelle 6 \u00b0\" classe ordinaireDIJON 0210119R E.M.PU CAMILLE FLAMMARION 6 &TM classe ordinaireDIJON 0211402K E.M.PU LAMARTINE 5 \u00aeme classe ordinaireDIJON 0211779V E.M.PU MANSART 6 \u00b0\" classe ordinaireDIJON 0210109E E.M.PU MONTMUZARD 6 \u00b0\" classe ordinaireDIJON 0210101W E.M.PU VOLTAIRE 6 &TM classe ordinaireDIJON 0210100V E.M.PU YORK 4 *me classe ordinaireDIJON 0211373D E.M.PU ANJOU 4 \u00b0\" classe ordinaireDIJON 0211221N E.M.PU CHAMPS PERDRIX 5 me classe ordinaireDIJON 0210121T E.M.PU DRAPEAU 4 \u00aeTM classe ordinaireDIJON 0210102X E.M.PU VICTOR HUGO 6 \u00b0\" classe ordinaireFENAY 0211464C E.M.PU JEAN-PIERRE HALM 2 \u00b0\" classe ordinaireFONTAINE-LES-DIJON 0211048A E.M.PU LES CARROIS 3 \u00b0\" classe ordinaireLONGVIC 0211789F E.M.PU PAUL EMILE VICTOR 5 \u00b0\" classe ordinaireNUITS-SAINT-GEORGES 0210740R E.M.PU BERNARD BARBIER 3 \u00b0\" classe ordinairePERRIGNY-LES-DIJON 0211338R E.P.PU en maternelle 10 \u00b0\" classe ordinaireREMILLY-SUR-TILLE 0210675V E.P.PU en maternelle 6 \u00b0\" classe ordinaireSAINT-APOLLINAIRE 0212141N E.P.PU VAL SULLY en maternelle 8 \u00b0\" classe ordinaireSENAILLY 0212031U E.M.PU 2 &me classe ordinaireTALMAY 0211825V E.M.PU R.P.I. MAXILLY-SUR-TILLE 6 \u00b0\" classe ordinaireTOUTRY 0210524F E.P.PU LE CHAMAIS en maternelle 3 \u00b0\" classe ordinaireVELARS-SUR-OUCHE 0211337P E.P.PU LUCIENNE BEAULIER en maternelle 7 \u00b0\"\u00ae classe ordinaire\nEnseignement sp\u00e9cialis\u00e9+ 0.5 poste option D cognitif au SESSAD UGECAM \u00e0 Dijon.Poste directeur \u00e9tablissement sp\u00e9cialis\u00e9\u00b0 1 poste a l'I.M.E. DIADEM a Dijon.Poste animation soutien0,5 poste rattach\u00e9 \u00e0 l'inspectrice de l'\u00e9ducation nationale ASH.\nTITRE lil: MESURES ADMINISTRATIVESARTICLE 3 Transformation de supports :0211783Z |E.E.PU CHEN\u00d4VE Bourdeni\u00e9re |Transformation d'un dispositif CE1 en un poste \u00e9l\u00e9mentaire0211990Z |E.E.PU CHEN\u00d4VE Gambetta Transformation d'un dispositif CE1 en un dispositif CP0211910M |E.E.PU DIJON Anjou Transformation d'un poste \u00e9l\u00e9mentaire en un dispositif CP021403L |E.E.PU DIJON Lamartine Transformation d'un dispositif CE1 en un dispositif CP0210833S |E.P.PU MARSANNAY-LE-BOIS Transformation d'un poste maternelle en un poste \u00e9l\u00e9mentaire0211334L |E.P.PU VILLERS-LES-POTS Transformation d'un poste maternelle en un poste \u00e9l\u00e9mentaire\n4/5\nDirection des services d\u00e9partementaux de l'\u00e9ducation nationale de C\u00f4te-d'Or - 21-2026-04-23-00004 - arr\u00eat\u00e9 CS 2026-04 portant\nmodification de la carte scolaire dans l'enseignement du premier degr\u00e9 public pour l'ann\u00e9e scolaire 2026-2027 28\nARTICLE 4 Fusion d'\u00e9coles :avec d\u00e9lib\u00e9ration du mairesituation actuelle situation au 1\u00b0 septembre2026typetype n\u00b0RNE de poste | postes | postes type poste postes postesyP dir de dir | ecma ecel dedir | dedir ecma ecelESBARRES E.E.PU 02110012 3 1 2 5 1 2 2ESBARRES E.M.PU 0211536F 2 1 1\nsous r\u00e9serve de la d\u00e9lib\u00e9ration du maire\nsituation actuelle situation au 1\u00b0 septembre2026type poste | postes | postes | type poste postes postesLe]type n\u00b0RNE de dir | ecma ecel de dir | dedir ecma ecelBEAUNE LESREMPARTS E.E.PU | 0210379Y | 3 1 2 6 1 2 3BEAUNE JEANNED'ARC E.M.PU | 0210374T | 2 1 1\nARTICLE 6 AU regard des \u00e9volutions des effectifs pr\u00e9visionnels et des inscriptionsd\u00e9finitives d'\u00e9l\u00e8ves, des ajustements (ouvertures provisoires, fermeturesprovisoires) pourront \u00eatre r\u00e9alis\u00e9s.ARTICLE 7 Le secr\u00e9taire g\u00e9n\u00e9ral de la direction des services d\u00e9partementaux del'\u00e9ducation nationale de la C\u00f4te-d'Or est charg\u00e9 de l'ex\u00e9cution du pr\u00e9sentarr\u00eat\u00e9 qui sera publi\u00e9 au recueil des actes administratifs de la C\u00f4te-d'Or.\nDijon, le 23 avril 2026Le directeur acad\u00e9mique des servicesde l'\u00e9ducation nationale,sign\u00e9\nJ\u00e9r\u00f4me JARDRY\n5/5\nDirection des services d\u00e9partementaux de l'\u00e9ducation nationale de C\u00f4te-d'Or - 21-2026-04-23-00004 - arr\u00eat\u00e9 CS 2026-04 portant\nmodification de la carte scolaire dans l'enseignement du premier degr\u00e9 public pour l'ann\u00e9e scolaire 2026-2027 29\nPr\u00e9fecture de la C\u00f4te-d'Or\nP\u00f4le juridique inter-services\n21-2026-04-27-00048\nArr\u00eat\u00e9 pr\u00e9fectoral N \u00b0 807 / SG du   27 avril 2026 \n donnant  d\u00e9l\u00e9gation de signature en mati\u00e8re de\ngestion des budgets op\u00e9rationnels\n104-111-112-113-119-122-124-129-135-137-147-148-1\n61-163-172-181-206-207-209-215-216-217-218-219-\n232-303-348-349-354-357-362-363-364-380-723-7\n54-780-833  des fonds europ\u00e9ens et des recettes\nnon fiscales\nPr\u00e9fecture de la C\u00f4te-d'Or - 21-2026-04-27-00048 - Arr\u00eat\u00e9 pr\u00e9fectoral N \u00b0 807 / SG du   27 avril 2026   donnant  d\u00e9l\u00e9gation de\nsignature en mati\u00e8re de gestion des budgets op\u00e9rationnels\n104-111-112-113-119-122-124-129-135-137-147-148-161-163-172-181-206-207-209-215-216-217-218-219-232-303-348-349-354-357-362-363-3\n64-380-723-754-780-833  des fonds europ\u00e9ens et des recettes non fiscales\n30\nEsPREFETEDE LACOTE-D'ORLibert\u00e9Egalit\u00e9Fraternit\u00e9\nArr\u00eat\u00e9 pr\u00e9fectoral N \u00b0 807 / SG du   27 avril 2026   donnant  d\u00e9l\u00e9gation de signature en mati\u00e8re \nde gestion des budgets op\u00e9rationnels 104-111-112-113-119-122-124-129-135-137-147-148-161-\n163-172-181-206-207-209-215-216-217-218-219-232-303-348-349-354-357-362-363-364-380-723-\n754-780-833  des fonds europ\u00e9ens et des recettes non fiscales\nLa Pr\u00e9f\u00e8te de la C\u00f4te-d'Or\nVu la loi n\u00b0 85.1098 du 11 octobre 1985 relative \u00e0 la prise en charge par l'\u00c9tat, les d\u00e9partements  \net les r\u00e9gions des d\u00e9penses de personnel, de fonctionnement et d'\u00e9quipement des services  \nplac\u00e9s sous leur autorit\u00e9 ;\nVu le d\u00e9cret n\u00b0 2025-723 du 30 juillet 2025 modifiant le d\u00e9cret n\u00b0 2004-374 du 29 avril 2004  \nrelatif aux pouvoirs des pr\u00e9fets, \u00e0 l'organisation et \u00e0 l'action des services de l'\u00c9tat dans les  \nr\u00e9gions et d\u00e9partements ;\nVu le d\u00e9cret du 6 juillet 2023 portant nomination de Monsieur Beno\u00eet BYRSKI, Sous-pr\u00e9fet de  \nBeaune ;\nVu le d\u00e9cret du 17 novembre 2023 portant nomination de Monsieur S\u00e9bastien LANOYE, Sous-\npr\u00e9fet de Montbard ; \nVu le d\u00e9cret du 14 novembre 2024 portant nomination de Monsieur Denis BRUEL, Secr\u00e9taire  \ng\u00e9n\u00e9ral de la pr\u00e9fecture de la C\u00f4te-d'Or ; \nVu le d\u00e9cret du 6 mars 2025 portant nomination de Madame Aur\u00e9lie CONTRECIVILE, Sous-\npr\u00e9f\u00e8te, en qualit\u00e9 de Sous-pr\u00e9f\u00e8te, Directrice de cabinet du Pr\u00e9fet de la R\u00e9gion Bourgogne-\nFranche-Comt\u00e9, Pr\u00e9fet de la C\u00f4te-d'Or ;\nVu le d\u00e9cret du 23 mai 2025 portant nomination de Madame Magalie MALERBA en qualit\u00e9  \nsecr\u00e9taire g\u00e9n\u00e9rale adjointe de la pr\u00e9fecture de la C\u00f4te d'Or, sous-pr\u00e9f\u00e8te charg\u00e9e de mission  \naupr\u00e8s du Pr\u00e9fet de la R\u00e9gion Bourgogne-Franche-Comt\u00e9, Pr\u00e9fet de la C\u00f4te-d'Or ;\nVu le d\u00e9cret du 8 avril 2026 nommant Madame Violaine DEMARET, Pr\u00e9f\u00e8te de la R\u00e9gion\nBourgogne-Franche-Comt\u00e9, Pr\u00e9f\u00e8te de la C\u00f4te-d'Or;\nVu  l'arr\u00eat\u00e9 du Premier Ministre et du Ministre de l'Int\u00e9rieur en date du 22 d\u00e9cembre 2022  \nnommant Madame Florence BERNARD, en qualit\u00e9 d'adjointe \u00e0 la Secr\u00e9taire g\u00e9n\u00e9rale pour les  \naffaires r\u00e9gionales de la R\u00e9gion Bourgogne-Franche-Comt\u00e9, en charge du p\u00f4le \u00ab  politiques \npubliques interminist\u00e9rielles \u00bb, \nVu  l'arr\u00eat\u00e9  du  Premier  Ministre  et  du  Ministre  de  l'Int\u00e9rieur  du  1 er f\u00e9vrier  2024  nommant  \nMadame Nathalie BERGET directrice du secr\u00e9tariat g\u00e9n\u00e9ral commun d\u00e9partemental de la C\u00f4te-\nd'Or ;\n1/3\nPr\u00e9fecture de la C\u00f4te-d'Or - 21-2026-04-27-00048 - Arr\u00eat\u00e9 pr\u00e9fectoral N \u00b0 807 / SG du   27 avril 2026   donnant  d\u00e9l\u00e9gation de\nsignature en mati\u00e8re de gestion des budgets op\u00e9rationnels\n104-111-112-113-119-122-124-129-135-137-147-148-161-163-172-181-206-207-209-215-216-217-218-219-232-303-348-349-354-357-362-363-3\n64-380-723-754-780-833  des fonds europ\u00e9ens et des recettes non fiscales\n31\nVu l'arr\u00eat\u00e9 du Premier Ministre et du Ministre de l'Int\u00e9rieur en date du 1 er octobre 2025 nommant \nMadame Perrine SERRE, en qualit\u00e9 de Secr\u00e9taire g\u00e9n\u00e9rale pour les affaires r\u00e9gionales de la  \nR\u00e9gion Bourgogne-Franche-Comt\u00e9, \nVu l'arr\u00eat\u00e9 du Premier Ministre et du Ministre de l'Int\u00e9rieur en date du 13 janvier 2026 nommant  \nM. Bernard ROGEON, en qualit\u00e9 d'adjoint \u00e0 la Secr\u00e9taire g\u00e9n\u00e9rale pour les affaires r\u00e9gionales  \nde la R\u00e9gion Bourgogne-Franche-Comt\u00e9, en charge du p\u00f4le \u00abmodernisation des moyens \u00bb, \nVu l'accord local relatif \u00e0 l'application du protocole d'exp\u00e9rimentation de la carte voyagiste dans  \nle cadre du d\u00e9ploiement de CHORUS DT (D\u00e9placements Temporaires) sign\u00e9 conjointement le  \n17 avril 2018 par Madame Christiane BARRET, Pr\u00e9f\u00e8te de la r\u00e9gion Bourgogne-Franche-Comt\u00e9  \net de la C\u00f4te d'Or et Madame Martine VIALLET, Directrice r\u00e9gionale des finances publiques de  \nla r\u00e9gion Bourgogne-Franche-Comt\u00e9 et du d\u00e9partement de la C\u00f4te-d'Or,\nVu  l'arr\u00eat\u00e9  pr\u00e9fectoral  N\u00b0  661/SG  du  7  avril  2026  donnant  d\u00e9l\u00e9gation  de  signature  en  \nmati\u00e8re de gestion des budgets op\u00e9rationnels  104-111-112-119-122-129-137-147-148-161-172- \n181-206-207-209-215-216-217-218-219-232-303-348-349-354-357-380-723-754-780-833des \nfonds europ\u00e9ens et des recettes non fiscales ;\nSur proposition de Monsieur le Secr\u00e9taire g\u00e9n\u00e9ral de la pr\u00e9fecture de la C\u00f4te-d'Or ;\nARR\u00caTE\nArticle 1er : L'arr\u00eat\u00e9 pr\u00e9fectoral N\u00b0 661/SG du 7 avril 2026  donnant d\u00e9l\u00e9gation de signature en  \nmati\u00e8re de gestion des budgets op\u00e9rationnels 104-111-112-113-119-122-124-129-135-137-147-\n148-161-163-172-181-206-207-209-215-216-217-218-219-232-303-348-349-354-357-362-363-\n364-380-723-754-780-833,des  fonds  europ\u00e9ens  et  des  recettes  non  fiscales   et  toutes  \ndispositions ant\u00e9rieures et contraires au pr\u00e9sent arr\u00eat\u00e9 sont abrog\u00e9s.\nArticle 2 : D\u00e9l\u00e9gation de signature et de gestion est donn\u00e9e aux membres du corps pr\u00e9fectoral  \net aux agents mentionn\u00e9s dans le tableau en annexe 1 du pr\u00e9sent arr\u00eat\u00e9 dans les conditions et  \nlimites pr\u00e9vues, pour l'ex\u00e9cution des d\u00e9penses au titre des BOP 104-111-112-113-119-122-124-\n129-135-137-147-148-161-163-172-181-206-207-209-215-216-217-218-219-232-303-348-349- \n354-357-362-363-364-380-723-754-780-833, des fonds europ\u00e9ens et des recettes non fiscales. \nArticle 3 : Le secr\u00e9taire g\u00e9n\u00e9ral de la pr\u00e9fecture de la C\u00f4te-d'Or, le direc teur r\u00e9gional des  \nfinances publiques , les membres du corps pr\u00e9fectoral ainsi que les agents mentionn\u00e9s dans  \nl'annexe vis\u00e9e \u00e0 l'article 2, sont charg\u00e9s, chacun en ce qui le concerne, de l'ex\u00e9cution du  \npr\u00e9sent arr\u00eat\u00e9 qui sera publi\u00e9 au recueil des actes administratifs de la pr\u00e9fecture de la C\u00f4te-\nd'Or.\nFait \u00e0 Dijon, le 27/04/26\nLa Pr\u00e9f\u00e8te,\nSIGNE\n Violaine DEMARET\n2/3\nPr\u00e9fecture de la C\u00f4te-d'Or - 21-2026-04-27-00048 - Arr\u00eat\u00e9 pr\u00e9fectoral N \u00b0 807 / SG du   27 avril 2026   donnant  d\u00e9l\u00e9gation de\nsignature en mati\u00e8re de gestion des budgets op\u00e9rationnels\n104-111-112-113-119-122-124-129-135-137-147-148-161-163-172-181-206-207-209-215-216-217-218-219-232-303-348-349-354-357-362-363-3\n64-380-723-754-780-833  des fonds europ\u00e9ens et des recettes non fiscales\n32\nVoies et d\u00e9lais de recours\nLa  pr\u00e9sente  d\u00e9cision  peut  faire  l'objet  d'un  recours  contentieux,  aupr\u00e8s  du  tribunal  \nadministratif de Dijon, 22 rue d'Assas \u2013 B.P. 61616 \u2013 21 016 DIJON CEDEX dans un d\u00e9lai de  \ndeux (2) mois \u00e0 compter de la publication de la d\u00e9cision.\nDans le m\u00eame d\u00e9lai de 2 mois, un recours gracieux peut . Le silence gard\u00e9 par l'administration \npendant plus deux mois sur la demande de recours gracieux emporte d\u00e9cision implicite de  \nrejet de cette demande, conform\u00e9ment \u00e0 l'article R. 421-2 du  de justice administrative. Celui-\nci prolonge le d\u00e9lai de recours contentieux qui doit \u00eatre introduit dans les 2  mois suivant la  \nr\u00e9ponse.\nLe tribunal administratif peut \u00eatre saisi par un recours d\u00e9pos\u00e9 via l'application T\u00e9l\u00e9recours  \ncitoyens accessible par le site internet : www.telerecours.fr\n3/3\nPr\u00e9fecture de la C\u00f4te-d'Or - 21-2026-04-27-00048 - Arr\u00eat\u00e9 pr\u00e9fectoral N \u00b0 807 / SG du   27 avril 2026   donnant  d\u00e9l\u00e9gation de\nsignature en mati\u00e8re de gestion des budgets op\u00e9rationnels\n104-111-112-113-119-122-124-129-135-137-147-148-161-163-172-181-206-207-209-215-216-217-218-219-232-303-348-349-354-357-362-363-3\n64-380-723-754-780-833  des fonds europ\u00e9ens et des recettes non fiscales\n33\nBOP\nANNEXE \u00e0 l'arr\u00eat\u00e9 pr\u00e9fectoral N\u00b0807 Du 27/04/26\nB\u00c9N\u00c9FICIAIRE DE LA D\u00c9L\u00c9GATION\nGESTION BUDG\u00c9TAIRE ET COMPTABLE\nI - CENTRE DE SERVICES PARTAG\u00c9S R\u00c9GIONAL CHORUS\n  Validation de l'engagement juridique\nD\u00c9L\u00c9GATION DE SIGNATURE EN MATI\u00c8RE DE GESTION DE L'UNIT\u00c9 OP\u00c9RATIONNELLE\nD\u00c9PARTEMENT DE LA C\u00d4TE D'OR ET DES BUDGETS OP\u00c9RATIONNELS DE PROGRAMME R\u00c9GIONAL\n104-111-112-113-119-122-124-129-135-137-147-148-161-163-172-181-206-207-209-215-216-217-218-219-232-\n303-348-349-354-357-362-363-364-380-723-754-780-833, des fonds europ\u00e9ens et des recettes non fiscales\nOBJET DE LA D\u00c9L\u00c9GATION B\u00c9N\u00c9FICIAIRE DE LA D\u00c9L\u00c9GATION\nEN CAS D'ABSENCE OU \nD'EMP\u00caCHEMENT\nEmission de l'Ordre de Payer P\u00e9riodique\nOPP dans le cas du Service Fait Pr\u00e9sum\u00e9\nSFP\nM. Eddy GAFFIOT chef du Centre de\nServices Partag\u00e9s R\u00e9gional CHORUS\nM. Denis BRUEL, secr\u00e9taire g\u00e9n\u00e9ral\nMme Magalie MALERBA secr\u00e9taire g\u00e9n\u00e9rale \nadjointe\nMme C\u00e9line JOUVENCEAUX adjointe\nAu responsable du CSPR CHORUS,\nCheffe du p\u00f4le subventions recettes\nMme Nathalie BORNOT,Cheffe du p\u00f4le \ncommande publique-projets complexes\nSignature des admissions en non valeur\nDans le cadre des RNF\nMme Nathalie BERGET, directrice du \nSecr\u00e9tariat G\u00e9n\u00e9ral Commun D\u00e9partemental\nM. Denis BRUEL, secr\u00e9taire g\u00e9n\u00e9ral\nMme Magalie MALERBA secr\u00e9taire g\u00e9n\u00e9rale \nadjointe\nM. Eddy GAFFIOT, chef du CSPR\nMme C\u00e9line JOUVENCEAUX adjointe\nAu responsable du CSPR CHORUS,\nCheffe du p\u00f4le subventions recettes\nSignature des \u00ab\u00c9tats R\u00e9capitulatif\nDes Cr\u00e9ances \u00bb\nM. Denis BRUEL, secr\u00e9taire g\u00e9n\u00e9ral\nMme Magalie MALERBA, secr\u00e9taire g\u00e9n\u00e9rale \nadjointe\nM. Eddy GAFFIOT chef du Centre de Services\nPartag\u00e9s R\u00e9gional CHORUS\nMme C\u00e9line JOUVENCEAUX adjointe au \nresponsable du CSPR CHORUS, cheffe du \np\u00f4le subventions recettes\nM. Olivier SOUPRAYEN, valideur DP, RNF et \nEJ\nSaisie des demandes de paiement direct\nHors engagement juridique\nMme Murielle DEMOR, gestionnaire\nM. Benoit GAUTRET, gestionnaire\nMme B\u00e9atrice LAVALETTE, gestionnaire\nMme Leyla LAOUAJ, gestionnaire\nMme Rachel MAILLARD, gestionnaire\nMme Christine MAURICE, gestionnaire\nMme Christelle MEYNIER, gestionnaire\nMme Bouchra PAGAN, gestionnaire\nM. Eddy GAFFIOT chef du Centre de Services\nPartag\u00e9s R\u00e9gional CHORUS\nMme C\u00e9line JOUVENCEAUX adjointe au \nresponsable du CSPR CHORUS, cheffe du \np\u00f4le subventions recettes\nMme Nathalie BORNOT, Cheffe du p\u00f4le \ncommande publique-projets complexes,\nMme C\u00e9lia MOREAUX, responsable qualit\u00e9 \nperformance\nM. Olivier SOUPRAYEN, valideur DP, RNF et \nEJ\nM. Eddy GAFFIOT chef du Centre de\nServices Partag\u00e9s R\u00e9gional CHORUS\nMme Nathalie BORNOT Cheffe du p\u00f4le\ncommande publique projets complexes\nMme C\u00e9lia MOREAUX, responsable\nQualit\u00e9 Performance\nM. Denis BRUEL, secr\u00e9taire g\u00e9n\u00e9ral\nMme Magalie MALERBA secr\u00e9taire g\u00e9n\u00e9rale \nadjointe\nMme C\u00e9line JOUVENCEAUX adjointe\nAu responsable du CSPR CHORUS,\nCheffe du p\u00f4le subventions recettes\nM. Olivier SOUPRAYEN Valideur DP,\nRNF, EJ\nPr\u00e9fecture de la C\u00f4te-d'Or - 21-2026-04-27-00048 - Arr\u00eat\u00e9 pr\u00e9fectoral N \u00b0 807 / SG du   27 avril 2026   donnant  d\u00e9l\u00e9gation de\nsignature en mati\u00e8re de gestion des budgets op\u00e9rationnels\n104-111-112-113-119-122-124-129-135-137-147-148-161-163-172-181-206-207-209-215-216-217-218-219-232-303-348-349-354-357-362-363-3\n64-380-723-754-780-833  des fonds europ\u00e9ens et des recettes non fiscales\n34\nBOP\nOrdre \u00e0 payer dans Chorus formulaire.\nSERVICES PRESCRIPTEURS\nI \u2013 PR\u00c9FECTURE DE LA C\u00d4TE D'OR\nCertification du \u00ab service fait \u00bb dans Chorus\nsur la base de la \u00ab constatation du service\nfait \u00bb \u00e9tablie par les centres prescripteurs\nMme Christelle MEYNIER Gestionnaire\nMme Bouchra PAGANT Gestionnaire\nMme Muriel DEMOR Gestionnaire\nMme B\u00e9atrice LAVALETTE Gestionnaire\nMme Rachel MAILLARD Gestionnaire\nMme Leyla LAOUAJ Gestionnaire\nM. Beno\u00eet GAUTRET Gestionnaire\nMme Christine MAURICE Gestionnaire\nM. Denis BRUEL, secr\u00e9taire g\u00e9n\u00e9ral\nMme Magalie MALERBA secr\u00e9taire g\u00e9n\u00e9rale \nadjointe\nM. Eddy GAFFIOT chef du Centre de Services\nPartag\u00e9s R\u00e9gional CHORUS\nMme C\u00e9line JOUVENCEAUX adjointe au\nresponsable du CSPR CHORUS,\ncheffe du p\u00f4le subventions recettes\nMme C\u00e9lia MOREAUX, responsable qualit\u00e9\nPerformance\nValidation des demandes de paiement\net des recettes non fiscales et engagement \nde tiers\nMme C\u00e9line JOUVENCEAUX adjointe\nau responsable du CSPR CHORUS,\nCheffe du p\u00f4le subventions recettes\nM.Olivier SOUPRAYEN Valideur DP,\nRNF et EJ\nMme C\u00e9lia MOREAUX, responsable\nqualit\u00e9 performance\nM. Denis BRUEL, secr\u00e9taire g\u00e9n\u00e9ral\nMme Magalie MALERBA secr\u00e9taire g\u00e9n\u00e9rale \nadjointe\nM. Eddy GAFFIOT chef du Centre de\nServices Partag\u00e9s R\u00e9gional CHORUS\nMme Nathalie BORNOT Cheffe du p\u00f4le\nCommande publique projets complexes\nSignature du formulaire  ordre de paiement \nsuite \u00e0 rejet de paiement\nMme C\u00e9line JOUVENCEAUX adjointe\nCheffe du p\u00f4le subventions recettes\nM. Denis BRUEL, secr\u00e9taire g\u00e9n\u00e9ral\nMme Magalie MALERBA secr\u00e9taire g\u00e9n\u00e9rale \nadjointe\nM. Eddy GAFFIOT chef du Centre de\nServices Partag\u00e9s R\u00e9gional CHORUS\nTenue de la comptabilit\u00e9 auxiliaire\ndes immobilisations\nM. Eddy GAFFIOT chef du Centre de\nServices Partag\u00e9s R\u00e9gional CHORUS\nMme Nathalie BORNOT Cheffe du p\u00f4le\nCommande publique projets complexes\nM. Beno\u00eet GAUTRET Gestionnaire\nM. Denis BRUEL, secr\u00e9taire g\u00e9n\u00e9ral\nMme Magalie MALERBA secr\u00e9taire g\u00e9n\u00e9rale \nadjointe\nMme C\u00e9line JOUVENCEAUX adjointe au \nresponsable du CSPR CHORUS, cheffe du \np\u00f4le subventions recettes\nII R\u00c9F\u00c9RENT D\u00c9PARTEMENTAL\nM. Jean PRUDHOMME, chef de bureau de la \nstrat\u00e9gie financi\u00e8re et immobili\u00e8re\nM. Denis BRUEL, secr\u00e9taire g\u00e9n\u00e9ral\nMme Magalie MALERBA secr\u00e9taire g\u00e9n\u00e9rale \nadjointe\nMme Martine THUNOT, Adjointe au chef de \nbureau de la strat\u00e9gie financi\u00e8re et immobili\u00e8re \nMme Maud DE HARO\nMyl\u00e8ne CUCCHI\nPr\u00e9fecture de la C\u00f4te-d'Or - 21-2026-04-27-00048 - Arr\u00eat\u00e9 pr\u00e9fectoral N \u00b0 807 / SG du   27 avril 2026   donnant  d\u00e9l\u00e9gation de\nsignature en mati\u00e8re de gestion des budgets op\u00e9rationnels\n104-111-112-113-119-122-124-129-135-137-147-148-161-163-172-181-206-207-209-215-216-217-218-219-232-303-348-349-354-357-362-363-3\n64-380-723-754-780-833  des fonds europ\u00e9ens et des recettes non fiscales\n35\nBOP\nII \u2013 SECR\u00c9TARIAT G\u00c9N\u00c9RAL\nIII\u2013 R\u00c9SIDENCE DU PR\u00c9FET\nIV \u2013 R\u00c9SIDENCE DU SECR\u00c9TAIRE G\u00c9N\u00c9RAL\nM. Denis BRUEL, secr\u00e9taire g\u00e9n\u00e9ral\nV \u2013 R\u00c9SIDENCE DU DIRECTEUR DE CABINET\nDans le cadre de CHORUS DT:Frais\nde d\u00e9placement pour les membres\ndu corps pr\u00e9fectoral : ordre de mission et\n\u00e9tat de frais en tant que valideur \nhi\u00e9rarchique\nVH1\nMme Nathalie BERGET, Directrice du\nSecr\u00e9tariat g\u00e9n\u00e9ral commun d\u00e9partemental\nM. Denis BRUEL, secr\u00e9taire g\u00e9n\u00e9ral\nMme Magalie MALERBA secr\u00e9taire g\u00e9n\u00e9rale \nadjointe\nM. David VERGNEAU, Directeur adjoint du\nSecr\u00e9tariat g\u00e9n\u00e9ral commun d\u00e9partemental\nM. Jean PRUDHOMME, chef de bureau de la \nstrat\u00e9gie financi\u00e8re et immobili\u00e8re\nMme Martine THUNOT, Adjointe au chef de \nbureau de la strat\u00e9gie financi\u00e8re et immobili\u00e8re\nMme Laurence GRANGER,\nMme Maud DE HARO , M. Joris MARCHAND,\nMme Myl\u00e8ne CUCCHI, Mme Jade ROLAND, \nMme La\u00ebtitia PATIRAM, M. Louis DUSART\nDans le cadre de CHORUS DT:\n- Frais de d\u00e9placement pour les directeurs \net\nla conseill\u00e8re technique r\u00e9gionale : ordre de\nmission et \u00e9tat de frais\n- Frais de d\u00e9placement pour les assistantes\nsociales de la r\u00e9gion\nBourgogne-Franche-Comt\u00e9 : ordre de\nmission et \u00e9tat de frais en tant que valideur\nHi\u00e9rarchique VH1\nM. Denis BRUEL, secr\u00e9taire g\u00e9n\u00e9ral\nMme Magalie MALERBA secr\u00e9taire g\u00e9n\u00e9rale \nadjointe\nMme \u00c9dith PERRON, conseill\u00e8re technique\nr\u00e9gionale\nMme Nathalie BERGET, Directrice du\nSecr\u00e9tariat g\u00e9n\u00e9ral commun d\u00e9partemental\nM. David VERGNEAU, Directeur adjoint du\nSecr\u00e9tariat g\u00e9n\u00e9ral commun d\u00e9partemental\nM. Jean PRUDHOMME, chef de bureau de la \nstrat\u00e9gie financi\u00e8re et immobili\u00e8re\nMme Martine THUNOT, Adjointe au chef de \nbureau de la strat\u00e9gie financi\u00e8re et immobili\u00e8re\nMme Maud DE HARO\nMme Laurence GRANGER\nM. Joris MARCHAND\nMme Myl\u00e8ne CUCCHI\nMme Jade ROLAND\nMme La\u00ebtitia PATIRAM\nD\u00e9cisions de d\u00e9penses et de recettes et\ncertification de service fait quel que soit\nle montant\nR\u00e9serv\u00e9es \u00e0 la signature de\nMme Violaine DEMARET, Pr\u00e9f\u00e8te Saisie dans Chorus Formulaire des DA et\ncertification des SF : Mme Carole RATEL.\nSaisie dans Chorus Formulaire et\ncertification des SF :Mme Martine THUNOT, M. \nLouis DUSART\nMme Maud DE HARO, Mme Jade ROLAND, \nMme Myl\u00e8ne CUCCHI, Mme La\u00ebtitia PATIRAM, \nM. Joris MARCHAND, M. Jean PRUDHOMME\nD\u00e9cisions de d\u00e9penses et recettes\n\u2013 certification du service fait\nSaisie dans Chorus Formulaire des DA et\ncertification des SF : Mme Nathalie DEMONT, \nMme Marie-Julie JUGNIOT\nMme Martine THUNOT, M. Louis DUSART\nMme Maud DE HARO, Mme Jade ROLAND, \nMme Myl\u00e8ne CUCCHI, Mme La\u00ebtitia PATIRAM, \nM. Joris MARCHAND, M. Jean PRUDHOMME\nIV BIS \u2013 R\u00c9SIDENCE DE LA SOUS-PREFETE, CHARGEE DE MISSION AUPRES DU PREFET \nD\u00e9cisions de d\u00e9penses et recettes\n\u2013 certification du service fait\nMme Magalie MALERBA,\nSecr\u00e9taire g\u00e9n\u00e9rale adjointe Saisie dans Chorus Formulaire des DA et\ncertification des SF : Mme Nathalie DEMONT, \nMme Marie-Julie JUGNIOT\nSaisie dans Chorus et certification des SF :\nMme Martine THUNOT, M. Louis DUSART\nMme Maud DE HARO, Mme Jade ROLAND, \nMme Myl\u00e8ne CUCCHI, Mme La\u00ebtitia PATIRAM, \nM. Joris MARCHAND, M. Jean PRUDHOMME\nPr\u00e9fecture de la C\u00f4te-d'Or - 21-2026-04-27-00048 - Arr\u00eat\u00e9 pr\u00e9fectoral N \u00b0 807 / SG du   27 avril 2026   donnant  d\u00e9l\u00e9gation de\nsignature en mati\u00e8re de gestion des budgets op\u00e9rationnels\n104-111-112-113-119-122-124-129-135-137-147-148-161-163-172-181-206-207-209-215-216-217-218-219-232-303-348-349-354-357-362-363-3\n64-380-723-754-780-833  des fonds europ\u00e9ens et des recettes non fiscales\n36\nBOP\nVI \u2013 R\u00c9SIDENCE DU SGAR\nVII \u2013R\u00c9SIDENCE SOUS-PR\u00c9FECTURE DE BEAUNE\nM. Beno\u00eet BYRSKI, sous-pr\u00e9fet de Beaune\nVIII R\u00c9SIDENCE SOUS-PR\u00c9FECTURE MONTBARD\nIX \u2013 SERVICES ADMINISTRATIFS DE LA SOUS-PR\u00c9FECTURE DE BEAUNE\nM. Beno\u00eet BYRSKI, sous-pr\u00e9fet de Beaune\nD\u00e9cisions de d\u00e9penses et recettes\n- certification du service fait\nMme Aur\u00e9lie CONTRECIVILE, directrice de \ncabinet Saisie dans Chorus Formulaire des DA et\ncertification des SF : Mme Carole RATEL,\nSaisie dans Chorus et certification des SF :\nMme Martine THUNOT, M. Louis DUSART\nMme Maud DE HARO, Mme Jade ROLAND, \nMme Myl\u00e8ne CUCCHI, Mme La\u00ebtitia PATIRAM, \nM. Joris MARCHAND, M. Jean PRUDHOMME\nD\u00e9cisions de d\u00e9penses et recettes\n- certification du service fait\nMme Perrine SERRE, secr\u00e9taire g\u00e9n\u00e9rale \npour les affaires r\u00e9gionales de Bourgogne \u2013 \nFranche-Comt\u00e9\nMme Florence BERNARD, adjointe \u00e0 la \nsecr\u00e9taire g\u00e9n\u00e9rale pour les affaires r\u00e9gionales \nde Bourgogne-Franche-Comt\u00e9, charg\u00e9e du \nP\u00f4le \u00ab politiques publiques interminist\u00e9rielles \u00bb\nM. ROGEON, adjoint \u00e0 la secr\u00e9taire g\u00e9n\u00e9rale \npour les affaires r\u00e9gionales de Bourgogne-\nFranche-Comt\u00e9, charg\u00e9e du p\u00f4le moyens, \nmutualisation et modernisation\nSaisie dans Chorus Formulaire des DA et\ncertification des SF : Mme Zhor HAMANI, Mme \nC\u00e9ciline LEVENARD, M. Julien MARLOT et M. \nOlivier BONNEVIE.\nSaisie dans Chorus Formulaire et certification\ndes SF : Mme Martine THUNOT, M. Louis \nDUSART\nMme Maud DE HARO, Mme Jade ROLAND, \nMme Myl\u00e8ne CUCCHI, Mme La\u00ebtitia PATIRAM, \nM. Joris MARCHAND, M. Jean PRUDHOMME\nD\u00e9cisions de d\u00e9penses et recettes\n- certification du service fait Saisie dans Chorus Formulaire des DA et\ncertification des SF : Florine CAILLOT\nMme Martine THUNOT, M. Louis DUSART\nMme Maud DE HARO, Mme Jade ROLAND, \nMme Myl\u00e8ne CUCCHI, Mme La\u00ebtitia PATIRAM, \nM. Joris MARCHAND, M. Jean PRUDHOMME\nD\u00e9cisions de d\u00e9penses et recettes\n- certification du service fait\nM. S\u00e9bastien LANOYE, sous-pr\u00e9fet de\nMontbard\nSaisie dans Chorus Formulaire des DA et\ncertification des SF :\nMme Chloe BAUDOT\nMme Martine THUNOT, M. Louis DUSART\nMme Maud DE HARO, Mme Jade ROLAND, \nMme Myl\u00e8ne CUCCHI, Mme La\u00ebtitia PATIRAM, \nM. Joris MARCHAND, M. Jean PRUDHOMME\nD\u00e9cisions de d\u00e9penses et recettes relatives\naux frais de repr\u00e9sentation du secr\u00e9taire\nG\u00e9n\u00e9ral et certification du service fait\nM. Laurent BOILL\u00c9E, secr\u00e9taire g\u00e9n\u00e9ral de la \nSous-pr\u00e9fecture de Beaune M. Beno\u00eet BYRSKI, sous-pr\u00e9fet de Beaune\nSaisie dans Chorus Formulaire des DA et\ncertification des SF : Mme Florine CAILLOT\nMme Martine THUNOT, M. Louis DUSART\nMme Maud DE HARO, Mme Jade ROLAND, \nMme Myl\u00e8ne CUCCHI, Mme La\u00ebtitia PATIRAM, \nM. Joris MARCHAND, M. Jean PRUDHOMME\nDans le cadre de CHORUS DT :\nFrais de d\u00e9placement (y compris formation),\nordres de mission et \u00e9tats de frais en\nTant que valideur hi\u00e9rarchique VH1\nM. Laurent BOILL\u00c9E, secr\u00e9taire g\u00e9n\u00e9ral de\nla sous-pr\u00e9fecture de Beaune\nMme La\u00efla BENJDIR, secr\u00e9taire g\u00e9n\u00e9rale\nAdjointe\nPr\u00e9fecture de la C\u00f4te-d'Or - 21-2026-04-27-00048 - Arr\u00eat\u00e9 pr\u00e9fectoral N \u00b0 807 / SG du   27 avril 2026   donnant  d\u00e9l\u00e9gation de\nsignature en mati\u00e8re de gestion des budgets op\u00e9rationnels\n104-111-112-113-119-122-124-129-135-137-147-148-161-163-172-181-206-207-209-215-216-217-218-219-232-303-348-349-354-357-362-363-3\n64-380-723-754-780-833  des fonds europ\u00e9ens et des recettes non fiscales\n37\nBOP\nM. Beno\u00eet BYRSKI, sous-pr\u00e9fet de Beaune\nX \u2013 SERVICES ADMINISTRATIFS DE LA SOUS-PR\u00c9FECTURE DE MONTBARD\nXI \u2013 SERVICES DU CABINET\nD\u00e9cisions de d\u00e9penses et recettes\n- certification du service fait M. Laurent BOILL\u00c9E, secr\u00e9taire g\u00e9n\u00e9ral de la \nsous-pr\u00e9fecture de Beaune\nSaisie dans Chorus Formulaire des DA et \ncertification des SF : Mme Florine CAILLOT, \nMme Martine THUNOT, M. Louis DUSART, \nMme Maud DE HARO, Mme Jade ROLAND, \nMme Myl\u00e8ne CUCCHI, Mme La\u00ebtitia PATIRAM, \nM. Joris MARCHAND, M. Jean PRUDHOMME\nD\u00e9cisions de d\u00e9penses et recettes relatives \naux frais de repr\u00e9sentation du secr\u00e9taire \ng\u00e9n\u00e9ral et certification  du service fait\nMme Marguerite MOINDROT secr\u00e9taire \ng\u00e9n\u00e9rale de la sous- pr\u00e9fecture de Montbard\nM. S\u00e9bastien LANOYE, sous-pr\u00e9fet de \nMontbard\nSaisie dans Chorus Formulaire des DA et\nCertification des SF : Mme Chloe BAUDOT, \nMme Martine THUNOT, M. Louis DUSART, \nMme Maud DE HARO, Mme Jade ROLAND, \nMme Myl\u00e8ne CUCCHI, Mme La\u00ebtitia PATIRAM, \nM. Joris MARCHAND, M. Jean PRUDHOMME\nDans le cadre de CHORUS DT :\nFrais de d\u00e9placement (y compris formation), \nordres de mission et \u00e9tats de frais en tant \nque valideur hi\u00e9rarchique VH1\nM. S\u00e9bastien LANOYE, sous-pr\u00e9fet de \nMontbard Mme Marguerite MOINDROT secr\u00e9taire \ng\u00e9n\u00e9rale de la sous- pr\u00e9fecture de Montbard\nMme Isabelle BAIJOT, chef du p\u00f4le collectivit\u00e9s \nlocales et d\u00e9veloppement territorial\nD\u00e9cisions de d\u00e9penses et recettes - \ncertification du service fait\nM. S\u00e9bastien LANOYE, sous-pr\u00e9fet de \nMontbard Mme Marguerite MOINDROT, secr\u00e9taire \ng\u00e9n\u00e9rale de la sous- pr\u00e9fecture de Montbard\nSaisie dans Chorus Formulaire des DA et \ncertification des SF :\nMme Chloe BAUDOT, Mme Martine THUNOT, \nM. Louis DUSART, Mme Maud DE HARO, \nMme Jade ROLAND, Mme Myl\u00e8ne CUCCHI, \nMme La\u00ebtitia PATIRAM, M. Joris MARCHAND, \nM. Jean PRUDHOMME\nD\u00e9cisions de d\u00e9penses et recettes et \ncertification du service fait\nMme Aur\u00e9lie CONTRECIVILE, directrice de \ncabinet M. Denis BRUEL, secr\u00e9taire g\u00e9n\u00e9ral\nMme Magalie MALERBA secr\u00e9taire g\u00e9n\u00e9rale \nadjointe\nSaisie dans Chorus Formulaire des DA et \ncertification des SF : Mme Martine THUNOT, M. \nLouis DUSART, Mme Maud DE HARO, Mme \nJade ROLAND, Mme Myl\u00e8ne CUCCHI, Mme \nLa\u00ebtitia PATIRAM, M. Joris MARCHAND, M. \nJean PRUDHOMME\nDans le cadre de chorus-DT :\nFrais de d\u00e9placement (y compris formation) \npour les agents du cabinet et de la direction \ndes s\u00e9curit\u00e9s : ordres de mission et \u00e9tats de \nfrais en tant que valideur hi\u00e9rarchique VH1\nMme Aur\u00e9lie CONTRECIVILE, directrice de \ncabinet M. Denis BRUEL, secr\u00e9taire g\u00e9n\u00e9ral\nMme Magalie MALERBA secr\u00e9taire g\u00e9n\u00e9rale \nadjointe\nMme H\u00e9l\u00e8ne MANCIAUX, Directrice des \ns\u00e9curit\u00e9s\nMme C\u00e9cile HERMIER, chef du service r\u00e9gional \net d\u00e9partemental de la communication \ninterminist\u00e9rielle\nMme Carole RATEL, M. Jean PRUDHOMME\n\u00c9lections \u2013 frais de bouche : d\u00e9cisions de \nd\u00e9penses et recettes \u2013 certification du \nservice fait\nMme Aur\u00e9lie CONTRECIVILE, directrice de \ncabinet\nM. Denis BRUEL, secr\u00e9taire g\u00e9n\u00e9ral\nMme Magalie MALERBA secr\u00e9taire g\u00e9n\u00e9rale \nadjointe\nM. Louis -Joseph VANDERSTUYF,Chef du \nbureau de la repr\u00e9sentation de l'\u00c9tat\nMme France HERRSCHER, adjointe au chef du \nbureau de la repr\u00e9sentation de l'\u00c9tat\nPr\u00e9fecture de la C\u00f4te-d'Or - 21-2026-04-27-00048 - Arr\u00eat\u00e9 pr\u00e9fectoral N \u00b0 807 / SG du   27 avril 2026   donnant  d\u00e9l\u00e9gation de\nsignature en mati\u00e8re de gestion des budgets op\u00e9rationnels\n104-111-112-113-119-122-124-129-135-137-147-148-161-163-172-181-206-207-209-215-216-217-218-219-232-303-348-349-354-357-362-363-3\n64-380-723-754-780-833  des fonds europ\u00e9ens et des recettes non fiscales\n38\nBOP\nFrais de bouche (exercices de d\u00e9fense) : \nd\u00e9cisions de d\u00e9penses et certification du \nservice fait\nMme Aur\u00e9lie CONTRECIVILE, directrice de \ncabinet\nM. Denis BRUEL, secr\u00e9taire g\u00e9n\u00e9ral\nMme Magalie MALERBA secr\u00e9taire g\u00e9n\u00e9rale \nadjointe\nMme H\u00e9l\u00e8ne MANCIAUX, Directrice des \ns\u00e9curit\u00e9s\nM. Thierry BRULE, chef de la s\u00e9curit\u00e9 civile\nM. Timoth\u00e9e DANIEL, chef du bureau d\u00e9fense \net s\u00e9curit\u00e9\nSaisie dans Chorus Formulaire des DA et \ncertification des SF :Mme Martine THUNOT, M. \nLouis DUSART, Mme Maud DE HARO, Mme \nJade ROLAND, Mme Myl\u00e8ne CUCCHI, Mme \nLa\u00ebtitia PATIRAM, M. Joris MARCHAND, M. \nJean PRUDHOMME\nD\u00e9cisions de d\u00e9penses et recettes relatives \naux frais de repr\u00e9sentation du directeur des \ns\u00e9curit\u00e9s et certification de service fait\nMme H\u00e9l\u00e8ne MANCIAUX, Directrice des \ns\u00e9curit\u00e9s\nM. Denis BRUEL, secr\u00e9taire g\u00e9n\u00e9ral\nMme Magalie MALERBA secr\u00e9taire g\u00e9n\u00e9rale \nadjointe\nMme Aur\u00e9lie CONTRECIVILE, directrice de \ncabinet\nSaisie dans Chorus Formulaire des DA et \ncertification des SF :\nMme Martine THUNOT, M. Louis DUSART, \nMme Maud DE HARO, Mme Jade ROLAND, \nMme Myl\u00e8ne CUCCHI, Mme La\u00ebtitia PATIRAM, \nM. Joris MARCHAND, M. Jean PRUDHOMME\nD\u00e9cisions de d\u00e9penses et recettes relatives \naux frais de repr\u00e9sentation du chef du \nbureau de la communication \ninterminist\u00e9rielle et certification du service \nfait\nMme C\u00e9cile HERMIER, cheffe du service \nr\u00e9gional et d\u00e9partemental de la \ncommunication interminist\u00e9rielle\nMme Aur\u00e9lie CONTRECIVILE, directrice de \ncabinet\nSaisie dans Chorus Formulaire des DA et \ncertification des SF : M. J\u00e9r\u00f4me COLIN,\nMme Martine THUNOT, M. Louis DUSART, \nMme Maud DE HARO, Mme Jade ROLAND, \nMme Myl\u00e8ne CUCCHI, Mme La\u00ebtitia PATIRAM, \nM. Joris MARCHAND, M. Jean PRUDHOMME\nCommunication interminist\u00e9rielle : d\u00e9cisions \nde d\u00e9penses et recettes > \u00e0 250 \u20ac\nMme Aur\u00e9lie CONTRECIVILE, directrice de \ncabinet\nM. Denis BRUEL, secr\u00e9taire g\u00e9n\u00e9ral\nMme Magalie MALERBA secr\u00e9taire g\u00e9n\u00e9rale \nadjointe\nMme C\u00e9cile HERMIER, chef du service r\u00e9gional \net d\u00e9partemental de la communication \ninterminist\u00e9rielle\nSaisie dans Chorus Formulaire des DA et \ncertification des SF :  M. J\u00e9r\u00f4me COLIN,\nMme Martine THUNOT, M. Louis DUSART, \nMme Maud DE HARO, Mme Jade ROLAND, \nMme Myl\u00e8ne CUCCHI, Mme La\u00ebtitia PATIRAM, \nM. Joris MARCHAND, M. Jean PRUDHOMME\nCommunication interminist\u00e9rielle : d\u00e9cisions \nde d\u00e9penses et recettes < \u00e0 250 \u20ac\nMme C\u00e9cile HERMIER, cheffe du service \nr\u00e9gional et d\u00e9partemental de la \ncommunication interminist\u00e9rielle\nMme Aur\u00e9lie CONTRECIVILE, directrice de \ncabinet\nM. J\u00e9r\u00f4me COLIN, adjoint au chef du service \nr\u00e9gional et d\u00e9partemental de la communication \ninterminist\u00e9rielle\nSaisie dans Chorus Formulaire des DA et \ncertification des SF :  M. J\u00e9r\u00f4me COLIN,\nMme Martine THUNOT, M. Louis DUSART, \nMme Maud DE HARO, Mme Jade ROLAND, \nMme Myl\u00e8ne CUCCHI, Mme La\u00ebtitia PATIRAM, \nM. Joris MARCHAND, M. Jean PRUDHOMME\nCommunication interminist\u00e9rielle : \ncertification du service fait quel que soit le \nmontant Mme C\u00e9cile HERMIER, cheffe du service \nr\u00e9gional et d\u00e9partemental de la \ncommunication interminist\u00e9rielle\nMme Aur\u00e9lie CONTRECIVILE, directrice de \ncabinet\nM. J\u00e9r\u00f4me COLIN, adjoint au chef du service \nr\u00e9gional et d\u00e9partemental de la communication \ninterminist\u00e9rielle\nSaisie dans Chorus Formulaire des DA et \ncertification des SF : Mme Martine THUNOT, M. \nLouis DUSART, Mme Maud DE HARO, Mme \nJade ROLAND, Mme Myl\u00e8ne CUCCHI, Mme \nLa\u00ebtitia PATIRAM, M. Joris MARCHAND, M. \nJean PRUDHOMME\nPr\u00e9fecture de la C\u00f4te-d'Or - 21-2026-04-27-00048 - Arr\u00eat\u00e9 pr\u00e9fectoral N \u00b0 807 / SG du   27 avril 2026   donnant  d\u00e9l\u00e9gation de\nsignature en mati\u00e8re de gestion des budgets op\u00e9rationnels\n104-111-112-113-119-122-124-129-135-137-147-148-161-163-172-181-206-207-209-215-216-217-218-219-232-303-348-349-354-357-362-363-3\n64-380-723-754-780-833  des fonds europ\u00e9ens et des recettes non fiscales\n39\nBOP\nXII \u2013 SECRETARIAT GENERAL COMMUN DEPARTEMENTAL DE C\u00d4TE-D'OR\nService des ressources humaines\nC\u00e9r\u00e9monies publiques (achat de \nm\u00e9dailles) : d\u00e9cisions de d\u00e9penses et de \nrecettes et certification du service fait\nMme C\u00e9cile HERMIER, cheffe du service \nr\u00e9gional et d\u00e9partemental de la \ncommunication interminist\u00e9rielle\nM. Denis BRUEL, secr\u00e9taire g\u00e9n\u00e9ral\nMme Magalie MALERBA secr\u00e9taire g\u00e9n\u00e9rale \nadjointe\nMme Aur\u00e9lie CONTRECIVILE, directrice de \ncabinet\nM. J\u00e9r\u00f4me COLIN, adjoint au chef du service \nr\u00e9gional et d\u00e9partemental de la communication \ninterminist\u00e9rielle\nSaisie dans Chorus Formulaire des DA et \ncertification des SF : Mme Martine THUNOT, M. \nLouis DUSART, Mme Maud DE HARO, Mme \nJade ROLAND, Mme Myl\u00e8ne CUCCHI, Mme \nLa\u00ebtitia PATIRAM, M. Joris MARCHAND, M. \nJean PRUDHOMME\nPolice administrative : d\u00e9cisions de \nd\u00e9penses et recettes, certification de \nservice fait pour les vacations des membres \nde la commission de vid\u00e9o-surveillance\nMme Aur\u00e9lie CONTRECIVILE, directrice de \ncabinet\nM. Denis BRUEL, secr\u00e9taire g\u00e9n\u00e9ral\nMme Magalie MALERBA secr\u00e9taire g\u00e9n\u00e9rale \nadjointe\nFonds interminist\u00e9riel de pr\u00e9vention de la \nd\u00e9linquance - Mission interminist\u00e9rielle de \nlutte contre drogues et conduites \naddictives : d\u00e9cisions de d\u00e9penses \u2013 \nsubventions\nMme Aur\u00e9lie CONTRECIVILE, directrice de \ncabinet\nM. Denis BRUEL, secr\u00e9taire g\u00e9n\u00e9ral\nMme Magalie MALERBA secr\u00e9taire g\u00e9n\u00e9rale \nadjointe\nDans le cadre de CHORUS formulaires :\nFonds interminist\u00e9riel de pr\u00e9vention de la \nd\u00e9linquance - Mission interminist\u00e9rielle de \nlutte contre les drogues et les conduites \naddictives : certification du service fait\nMme Sandrine DA SILVA, charg\u00e9e de mission \npr\u00e9vention d\u00e9linquance\nMme Aur\u00e9lie CONTRECIVILE, directrice de \ncabinet\nMme H\u00e9l\u00e8ne MANCIAUX, Directrice des \ns\u00e9curit\u00e9s\nMme S\u00e9verine LACROIX\nMme Ana\u00efs GASPALON\nDans le cadre de CHORUS DT :\nFrais de d\u00e9placement, ordres de mission et \n\u00e9tats de frais en tant que valideur \nhi\u00e9rarchique VH1\nMme Nathalie BERGET, Directrice du \nSecr\u00e9tariat g\u00e9n\u00e9ral commun d\u00e9partemental\nM. Denis BRUEL, secr\u00e9taire g\u00e9n\u00e9ral\nMme Magalie MALERBA secr\u00e9taire g\u00e9n\u00e9rale \nadjointe\nM. David VERGNEAU, directeur adjoint du \nSGCD\nM. Marc DELVALLEE, chef du service FASQVT\nMme DESNOUVAUX Sylvie, adjointe au chef \ndu serviceformation action sociale et qulit\u00e9 de \nvie au travail FASQVT\nMme Val\u00e9rie MALATY, cheffe des ressources \nhumaines\nM. Thomas GEVREY, adjoint au chef du \nservice des ressources humaines et de la \nformation,\nM. Jean PRUDHOMME, chef du bureau de la \nstrat\u00e9gie financi\u00e8re et immobili\u00e8re\nMme Martine THUNOT, Adjointe au chef du \nbureau de la strat\u00e9gie financi\u00e8re et immobili\u00e8re\nMme Laurence GRANGER, Mme Maud DE \nHARO, Mme La\u00ebtitia PATIRAM, M. Joris \nMARCHAND\nM. Eddy GAFFIOT, Responsable du centre de \nservices partag\u00e9s r\u00e9gional CHORUS,\nMme C\u00e9line JOUVENCEAUX, adjointe ,\nM. Didier PERALDI, chef du service des \nfinances, de l'immobilier et des moyens \ng\u00e9n\u00e9raux,\nM. Jean-Christophe BRIOT, chef du SDISIC\nM. Jean-Luc JOBARD, adjoint\nPr\u00e9fecture de la C\u00f4te-d'Or - 21-2026-04-27-00048 - Arr\u00eat\u00e9 pr\u00e9fectoral N \u00b0 807 / SG du   27 avril 2026   donnant  d\u00e9l\u00e9gation de\nsignature en mati\u00e8re de gestion des budgets op\u00e9rationnels\n104-111-112-113-119-122-124-129-135-137-147-148-161-163-172-181-206-207-209-215-216-217-218-219-232-303-348-349-354-357-362-363-3\n64-380-723-754-780-833  des fonds europ\u00e9ens et des recettes non fiscales\n40\nBOP\nService Formation Action Sociale et Qualit\u00e9 de Vie au Travail FASQVT\nD\u00e9cisions de d\u00e9penses et de recettes pour \nl'organisation des concours (location salles, \npublicit\u00e9, vacations) et le r\u00e8glement des \nhonoraires m\u00e9dicaux\n< 500\u20ac\nMme Nathalie BERGET, Directrice du \nSecr\u00e9tariat g\u00e9n\u00e9ral commun d\u00e9partemental\nM. Denis BRUEL, secr\u00e9taire g\u00e9n\u00e9ral\nMme Magalie MALERBA secr\u00e9taire g\u00e9n\u00e9rale \nadjointe\nM. David VERGNEAU, directeur adjoint du \nSGCD\nMme Val\u00e9rie MALATY, cheffe des ressources \nhumaines\nM. Thomas GEVREY, adjoint \u00e0 la cheffe du \nservice des ressources humaines\nMme Christelle THEVENOT, cheffe de p\u00f4le RH\nSaisie dans Chorus Formulaire des DA et \ncertification des SF :  Mme Coralie HAUTIER, \nMme Maurane HOUSNI, Mme Martine \nTHUNOT, M. Louis DUSART, Mme Maud DE \nHARO, Mme Jade ROLAND, Mme Myl\u00e8ne \nCUCCHI, Mme La\u00ebtitia PATIRAM, M. Joris \nMARCHAND, M. Jean PRUDHOMME, M. \nDidier PERALDI\nD\u00e9cisions de d\u00e9penses et de recettes\n< \u00e0 5 000 \u20ac\nMme Nathalie BERGET, Directrice du \nSecr\u00e9tariat g\u00e9n\u00e9ral commun d\u00e9partemental\nM. Denis BRUEL, secr\u00e9taire g\u00e9n\u00e9ral\nMme Magalie MALERBA secr\u00e9taire g\u00e9n\u00e9rale \nadjointe\nM. David VERGNEAU,directeur adjoint du \nSGCD \nSaisie dans Chorus Formulaire des DA et \ncertification des SF :\nCoralie HAUTIER, Mme Maurane HOUSNI, \nMme Martine THUNOT, M. Louis DUSART, \nMme Maud DE HARO, Mme Jade ROLAND, \nMme Myl\u00e8ne CUCCHI, Mme La\u00ebtitia PADIRAM, \nM. Joris MARCHAND, M. Jean PRUDHOMME, \nM. Didier PERALDI\nD\u00e9penses li\u00e9es \u00e0 l'activit\u00e9 RH: organisation \ndes concours (location salles, publicit\u00e9, \nvacations), le r\u00e8glement des honoraires \nm\u00e9dicaux, gratifications des stagiaires : \ncertification de service fait quel que soit le \nmontant\nMme Nathalie BERGET, Directrice du \nSecr\u00e9tariat g\u00e9n\u00e9ral commun d\u00e9partemental M. Denis BRUEL, secr\u00e9taire g\u00e9n\u00e9ral\nMme Magalie MALERBA secr\u00e9taire g\u00e9n\u00e9rale \nadjointe\nM. David VERGNEAU, directeur adjoint du \nSGCD\nMme Val\u00e9rie MALATY, cheffe des ressources \nhumaines\nM. Thomas GEVREY, adjoint \u00e0 la cheffe du \nservice des ressources humaines\nM. Didier PERALDI, chef du service des \nfinances, de l'immobilier et des moyens \ng\u00e9n\u00e9raux,\nM. Jean PRUDHOMME, chef du bureau de la \nstrat\u00e9gie financi\u00e8re et immobili\u00e8re\nMme Martine THUNOT, Adjointe du chef du \nbureau\nSaisie dans Chorus Formulaire des DA et \ncertification des SF :  Mme Coralie HAUTIER, \nMme Maurane HOUSNI, M. Louis DUSART, \nMme Maud DE HARO, Mme Jade ROLAND, \nMme Myl\u00e8ne CUCCHI, Mme La\u00ebtitia PADIRAM, \nM. Joris MARCHAND, M. Jean PRUDHOMME, \nM. Didier PERALDI\nPr\u00e9fecture de la C\u00f4te-d'Or - 21-2026-04-27-00048 - Arr\u00eat\u00e9 pr\u00e9fectoral N \u00b0 807 / SG du   27 avril 2026   donnant  d\u00e9l\u00e9gation de\nsignature en mati\u00e8re de gestion des budgets op\u00e9rationnels\n104-111-112-113-119-122-124-129-135-137-147-148-161-163-172-181-206-207-209-215-216-217-218-219-232-303-348-349-354-357-362-363-3\n64-380-723-754-780-833  des fonds europ\u00e9ens et des recettes non fiscales\n41\nBOP\n                       \n                       \n                       \n                \nPr\u00e9fecture de la C\u00f4te-d'Or - 21-2026-04-27-00048 - Arr\u00eat\u00e9 pr\u00e9fectoral N \u00b0 807 / SG du   27 avril 2026   donnant  d\u00e9l\u00e9gation de\nsignature en mati\u00e8re de gestion des budgets op\u00e9rationnels\n104-111-112-113-119-122-124-129-135-137-147-148-161-163-172-181-206-207-209-215-216-217-218-219-232-303-348-349-354-357-362-363-3\n64-380-723-754-780-833  des fonds europ\u00e9ens et des recettes non fiscales\n42\nBOP\nD\u00e9cisions de d\u00e9penses et de recettes \nrelatives \u00e0 la formation\nM. Denis BRUEL, secr\u00e9taire g\u00e9n\u00e9ral\nMme Magalie MALERBA secr\u00e9taire g\u00e9n\u00e9rale \nadjointe\nMme Aur\u00e9lie CONTRECIVILE, directrice de \ncabinet\nSaisie dans Chorus Formulaire des DA et \ncertification des SF :\nEmmanuelle BONNARDOT,\n Marc DELVALLEE\nSylvie DESNOUVAUX, Sophie LEFEBVRE\nD\u00e9cisions de d\u00e9penses et de recettes \nrelatives \u00e0 la formation < \u00e0 5000 \u20ac\nMme Nathalie BERGET, Directrice du \nSecr\u00e9tariat g\u00e9n\u00e9ral commun d\u00e9partemental M. Denis BRUEL, secr\u00e9taire g\u00e9n\u00e9ral\nMme Magalie MALERBA secr\u00e9taire g\u00e9n\u00e9rale \nadjointe\nM. David VERGNEAU, directeur adjoint du \nSecr\u00e9tariat g\u00e9n\u00e9ral commun d\u00e9partemental\nSaisie dans Chorus Formulaire des DA et \ncertification des SF :  Emmanuelle \nBONNARDOT, Mme Sophie LEFEBVRE, Mme \nMartine THUNOT, M. Louis DUSART, Mme \nMaud DE HARO, Mme Jade ROLAND, Mme \nMyl\u00e8ne CUCCHI, Mme La\u00ebtitia PATIRAM, M. \nJoris MARCHAND, M. Jean PRUDHOMME, M. \nDidier PERALDI\nD\u00e9cisions de d\u00e9penses et de recettes \nrelatives \u00e0 la formation < \u00e0 1000 \u20ac\nM. Marc DELVALLEE, chef du service de la \nformation l'action sociale et de la qualit\u00e9 de vie \nau travail FASQVT\nM. Denis BRUEL, secr\u00e9taire g\u00e9n\u00e9ral\nMme Magalie MALERBA secr\u00e9taire g\u00e9n\u00e9rale \nadjointe\nMme Nathalie BERGET, Directrice du \nSecr\u00e9tariat g\u00e9n\u00e9ral commun d\u00e9partemental\nM. David VERGNEAU, directeur adjoint du \nSGCD\nMme DESNOUVAUX Sylvie, adjointe au chef \ndu service de la formation, de l'action sociale et \nde la qualit\u00e9 de vie au travail\nSaisie dans Chorus Formulaire des DA et \ncertification des SF :\nEmmanuelle BONNARDOT, Mme Sophie \nLEFEBVRE, Mme Martine THUNOT, M. Louis \nDUSART, Mme Maud DE HARO, Mme Jade \nROLAND, Mme Myl\u00e8ne CUCCHI, Mme La\u00ebtitia \nPATIRAM, M. Joris MARCHAND, M. Jean \nPRUDHOMME, M. Didier PERALDI\nDocuments relatifs aux indemnit\u00e9s \nd'enseignement\nM. Marc DELVALLEE, chef du service de la \nformation l'action sociale et de la qualit\u00e9 de vie \nau travail FASQVT\nM. Denis BRUEL, secr\u00e9taire g\u00e9n\u00e9ral\nMme Magalie MALERBA secr\u00e9taire g\u00e9n\u00e9rale \nadjointe\nMme Nathalie BERGET, Directrice du \nSecr\u00e9tariat g\u00e9n\u00e9ral commun d\u00e9partemental\nM. David VERGNEAU, directeur adjoint du \nSGCD\nMme DESNOUVAUX Sylvie, adjointe au chef \ndu service de la formation, de l'action sociale et \nde la qualit\u00e9 de vie au travail\nPr\u00e9fecture de la C\u00f4te-d'Or - 21-2026-04-27-00048 - Arr\u00eat\u00e9 pr\u00e9fectoral N \u00b0 807 / SG du   27 avril 2026   donnant  d\u00e9l\u00e9gation de\nsignature en mati\u00e8re de gestion des budgets op\u00e9rationnels\n104-111-112-113-119-122-124-129-135-137-147-148-161-163-172-181-206-207-209-215-216-217-218-219-232-303-348-349-354-357-362-363-3\n64-380-723-754-780-833  des fonds europ\u00e9ens et des recettes non fiscales\n43\nBOP\nP\u00f4le d'action sociale\nDans le cadre de CHORUS DT:D\u00e9cisions \nde d\u00e9penses et de recettes relatives aux \ntransports et \u00e0 l'h\u00e9bergement et aux frais de \nbouche des formateurs en tant que valideur \nhi\u00e9rarchique VH1\nM. Marc DELVALLEE, chef du service de la \nformation l'action sociale et de la qualit\u00e9 de vie \nau travail FASQVT\nM. Denis BRUEL, secr\u00e9taire g\u00e9n\u00e9ral\nMme Magalie MALERBA secr\u00e9taire g\u00e9n\u00e9rale \nadjointe\nMme Nathalie BERGET, Directrice du \nSecr\u00e9tariat g\u00e9n\u00e9ral commun d\u00e9partemental\nM. David VERGNEAU, directeur adjoint du \nSGCD\nMme DESNOUVAUX Sylvie, adjointe au chef \ndu service de la formation, de l'action sociale et \nde la qualit\u00e9 de vie au travail\nMme Emmanuelle BONNARDOT, Mme Sophie \nLEFEBVRE, Mme Martine THUNOT, M. Louis \nDUSART, Mme Maud DE HARO, Mme Jade \nROLAND, Mme Myl\u00e8ne CUCCHI, Mme La\u00ebtitia \nPATIRAM, M. Joris MARCHAND, M. Jean \nPRUDHOMME, M. Didier PERALDI\nFormation : certification de service fait quel \nque soit le montant\nM. Marc DELVALLEE, chef du service de la \nformation l'action sociale et de la qualit\u00e9 de vie \nau travail FASQVT\nM. Denis BRUEL, secr\u00e9taire g\u00e9n\u00e9ral\nMme Magalie MALERBA secr\u00e9taire g\u00e9n\u00e9rale \nadjointe\nMme Nathalie BERGET, Directrice du \nSecr\u00e9tariat g\u00e9n\u00e9ral commun d\u00e9partemental\nM. David VERGNEAU, directeur adjoint du \nSGCD\nMme DESNOUVAUX Sylvie, adjointe au chef \ndu service de la formation, de l'action sociale et \nde la qualit\u00e9 de vie au travail\nMme Emmanuelle BONNARDOT\nMme Sophie LEFEBVRE\nMme Martine THUNOT, M. Louis DUSART, \nMme Maud DE HARO, Mme Jade ROLAND, \nMme Myl\u00e8ne CUCCHI, Mme La\u00ebtitia PATIRAM, \nM. Joris MARCHAND, M. Jean PRUDHOMME, \nM. Didier PERALDI\nD\u00e9cisions de d\u00e9penses relatives \u00e0 l'action \nsociale et \u00e0 la m\u00e9decine de pr\u00e9vention\n< 1000 \u20ac\nM. Marc DELVALLEE, chef du service de la \nformation l'action sociale et de la qualit\u00e9 de vie \nau travail FASQVT\nM. Denis BRUEL, secr\u00e9taire g\u00e9n\u00e9ral\nMme Magalie MALERBA secr\u00e9taire g\u00e9n\u00e9rale \nadjointe\nMme Nathalie BERGET, directrice du SGCD\nM. David VERGNEAU, directeur adjoint du \nSGCD\nMme DESNOUVAUX Sylvie, adjointe au chef \ndu service FASQVT, cheffe du service r\u00e9gional \net d\u00e9partemental de formation\nMme Isabelle GUERIN, cheffe du du p\u00f4le \nd\u00e9partementale d'action sociale\nM. Jean PRUDHOMME, chef du service \nstat\u00e9gie financi\u00e8re et immobili\u00e8re\nSaisie dans Chorus Formulaire des DA et \ncertification des SF : Mme Florence \nVUILLEMIN, Mme C\u00e9line MEILLIER, Mme \nIsabelle GUERIN, Mme Martine THUNOT,\nMme Laurence GRANGER, Maud DE -HARO, \nM.Louis DUSART, M. Joris MARCHAND et \nMme Myl\u00e8ne CUCCHI, Mme la\u00ebtitia PATIRAM,  \nM. Jean PRUDHOMME\nD\u00e9cisions de d\u00e9penses relatives \u00e0 l'action \nsociale et \u00e0 la m\u00e9decine de pr\u00e9vention\nM. Denis BRUEL, secr\u00e9taire g\u00e9n\u00e9ral\nMme Magalie MALERBA, secr\u00e9taire g\u00e9n\u00e9rale \nadjointe\nMme Magalie MALERBA secr\u00e9taire g\u00e9n\u00e9rale \nadjointe\nMme Nathalie BERGET, Directrice du \nSecr\u00e9tariat g\u00e9n\u00e9ral commun d\u00e9partemental \n(jusqu'\u00e0 5000 \u20ac)\nM. David VERGNEAU, directeur adjoint du \nSGCD (jusqu'\u00e0 5000 \u20ac)\nM. Didier PERALDI, chef du service des \nfinances, de l'immobilier et des moyens \ng\u00e9n\u00e9raux (jusqu'\u00e0 1500 \u20ac)\nM. Jean PRUDHOMME, chef du bureau de la \nstrat\u00e9gie financi\u00e8re et immobili\u00e8re\n(jusqu'\u00e0 1 500\u20ac)\nMme Martine THUNOT, adjointe au chef du\nBureau (jusqu'\u00e0 1500\u20ac)\nPr\u00e9fecture de la C\u00f4te-d'Or - 21-2026-04-27-00048 - Arr\u00eat\u00e9 pr\u00e9fectoral N \u00b0 807 / SG du   27 avril 2026   donnant  d\u00e9l\u00e9gation de\nsignature en mati\u00e8re de gestion des budgets op\u00e9rationnels\n104-111-112-113-119-122-124-129-135-137-147-148-161-163-172-181-206-207-209-215-216-217-218-219-232-303-348-349-354-357-362-363-3\n64-380-723-754-780-833  des fonds europ\u00e9ens et des recettes non fiscales\n44\nBOP\nSGC_Service Budget Achat et Service Logistique Immobilier Services Internes\nD\u00e9cisions de d\u00e9penses et de recettes\nAction sociale et m\u00e9decine de pr\u00e9vention :\nconstatation de service fait quel que soit le \nmontant\nM. Marc DELVALLEE, chef du service de la \nformation l'action sociale et de la qualit\u00e9 de vie \nau travail FASQVT\nM. Denis BRUEL, secr\u00e9taire g\u00e9n\u00e9ral\nMme Magalie MALERBA secr\u00e9taire g\u00e9n\u00e9rale \nadjointe\nMme Nathalie BERGET, Directrice du \nSecr\u00e9tariat g\u00e9n\u00e9ral commun d\u00e9partemental\nM. David VERGNEAU, Directeur adjoint du \nSecr\u00e9tariat g\u00e9n\u00e9ral commun d\u00e9partemental\nMme Sylvie DESNOUVAUX, adjointe au chef \ndu service de la formation, de l'action sociale et \nde la qualit\u00e9 de vie au travavail\nMme Isabelle GUERIN, cheffe du p\u00f4le \nd\u00e9partementale d'action sociale\nM. Jean PRUDHOMME, chef du bureau de la \nstrat\u00e9gie financi\u00e8re et immobili\u00e8re\nMme Florence VUILLEMIN, adjointe chef du \nSDAS\nSaisie dans Chorus Formulaire des DA et \ncertification des SF :\nFlorence VUILLEMIN, C\u00e9line MEILLIER, Mme \nMartine THUNOT, M. Louis DUSART, Mme \nMaud DE HARO, Mme Jade ROLAND, Mme \nMyl\u00e8ne CUCCHI, Mme La\u00ebtitia PATIRAM, M. \nJoris MARCHAND, M. Didier PERALDI, M. \nJean PRUDHOMME\nM. Denis BRUEL, secr\u00e9taire g\u00e9n\u00e9ral\nMme Magalie MALERBA secr\u00e9taire g\u00e9n\u00e9rale \nadjointe\nMme Aur\u00e9lie CONTRECIVILE, directrice de \ncabinet\nSaisie dans CHORUS\nFormulaire des DA et certification des SF : Mme \nMartine THUNOT, M. Louis DUSART, Mme \nMaud DE HARO, Mme Jade ROLAND, Mme \nMyl\u00e8ne CUCCHI, Mme La\u00ebtitia PATIRAM, M. \nJoris MARCHAND, M. Jean PRUDHOMME, M. \nDidier PERALDI\nD\u00e9cisions de d\u00e9penses et de recettes\n< \u00e0 5000 \u20ac\nMme Nathalie BERGET, Directrice du \nSecr\u00e9tariat g\u00e9n\u00e9ral commun d\u00e9partemental\nM. Denis BRUEL, secr\u00e9taire g\u00e9n\u00e9ral\nMme Magalie MALERBA secr\u00e9taire g\u00e9n\u00e9rale \nadjointe\nM. David VERGNEAU, Directeur adjoint du \nSecr\u00e9tariat g\u00e9n\u00e9ral commun d\u00e9partemental\nSaisie dans Chorus Formulaire des DA et \ncertification des SF : Mme Martine THUNOT, M. \nLouis DUSART, Mme Maud DE HARO, Mme \nJade ROLAND, Mme Myl\u00e8ne CUCCHI, Mme \nLa\u00ebtitia PATIRAM, M. Joris MARCHAND, M. \nJean PRUDHOMME, M. Didier PERALDI\nD\u00e9cisions de d\u00e9penses et de recettes\n< \u00e0 1500 \u20ac M. Didier PERALDI, chef du service \nLogistique, Immobilier et Services Internes\nJean PRUDHOMME, chef du bureau de la \nstrat\u00e9gie financi\u00e8re et immobili\u00e8re\nM. Denis BRUEL, secr\u00e9taire g\u00e9n\u00e9ral\nMme Magalie MALERBA secr\u00e9taire g\u00e9n\u00e9rale \nadjointe\nMme Nathalie BERGET, Directrice du \nSecr\u00e9tariat g\u00e9n\u00e9ral commun d\u00e9partemental\nM. David VERGNEAU, directeur adjoint du \nSGCD\nM. Didier PERALDI, chef du service des \nfinances, de l'immobilier et des moyens \ng\u00e9n\u00e9raux\nM. Jean PRUDHOMME, chef du bureau \nstrat\u00e9gie financi\u00e8re et immobili\u00e8re\nMme Martine THUNOT, Adjointe au chef du \nbureau\nSaisie dans Chorus Formulaire des DA et \ncertification des SF : M. Louis DUSART, Mme \nMaud DE HARO, Mme Martine THUNOT, Mme \nJade ROLAND, Mme Myl\u00e8ne CUCCHI, Mme \nLa\u00ebtitia PATIRAM, M. Joris MARCHAND, M. \nJean PRUDHOMME\nPr\u00e9fecture de la C\u00f4te-d'Or - 21-2026-04-27-00048 - Arr\u00eat\u00e9 pr\u00e9fectoral N \u00b0 807 / SG du   27 avril 2026   donnant  d\u00e9l\u00e9gation de\nsignature en mati\u00e8re de gestion des budgets op\u00e9rationnels\n104-111-112-113-119-122-124-129-135-137-147-148-161-163-172-181-206-207-209-215-216-217-218-219-232-303-348-349-354-357-362-363-3\n64-380-723-754-780-833  des fonds europ\u00e9ens et des recettes non fiscales\n45\nBOP\nD\u00e9cisions de d\u00e9penses et de recettes\n< \u00e0 500 \u20ac Mme Martine THUNOT, adjointe au chef de \nbureau de la strat\u00e9gie financi\u00e8re et \nimmobili\u00e8re\nM. Denis BRUEL, secr\u00e9taire g\u00e9n\u00e9ral\nMme Magalie MALERBA secr\u00e9taire g\u00e9n\u00e9rale \nadjointe\nMme Nathalie BERGET, directrice du SGCD\nM. David VERGNEAU, directeur adjoint du \nSGCD\nM. Didier PERALDI, chef du service des \nfinances, de l'immobilier et des moyens \ng\u00e9n\u00e9raux\nM. Jean PRUDHOMME, chef du bureau \nstrat\u00e9gie financi\u00e8re et immobili\u00e8re\nSaisie dans Chorus Formulaire des DA et \ncertification des SF : M. Louis DUSART, Mme \nMaud DE HARO, Mme Martine THUNOT, Mme \nJade ROLAND, Mme Myl\u00e8ne CUCCHI, Mme \nLa\u00ebtitia PATIRAM, M. Joris MARCHAND, M. \nJean PRUDHOMME, M. Didier PERALDI\nDans le cadre de Chorus DT :\nD\u00e9cisions de d\u00e9penses et de recettes \nrelatives aux transports, \u00e0 l'h\u00e9bergement et \naux frais de bouche en tant que valideur \nhi\u00e9rarchique VH1, validation gestionnaires \ndu BOP 354, administrateur local au titre de \nl'assistance des utilisateurs\nM. Jean PRUDHOMME, chef du bureau \nstrat\u00e9gie financi\u00e8re et immobili\u00e8re\nM. Denis BRUEL, secr\u00e9taire g\u00e9n\u00e9ral\nMme Magalie MALERBA secr\u00e9taire g\u00e9n\u00e9rale \nadjointe\nMme Nathalie BERGET, directrice du SGCD\nM. David VERGNEAU, directeur adjoint du \nSGCD\nMme Martine THUNOT, Adjointe au chef du \nbureau strat\u00e9gie financi\u00e8re et immobili\u00e8re\nMme C\u00e9line JOUVENCEAUX, adjointe au \nresponsable du centre de services partag\u00e9s \nr\u00e9gional CHORUS\nM. Louis DUSART, Mme Maud DE HARO, \nMme Jade ROLAND, Mme Myl\u00e8ne CUCCHI, \nMme La\u00ebtitia PATIRAM, M. Joris MARCHAND, \nM. Didier PERALDI, M. Jean PRUDHOMME\nConstatation de service fait quel que soit le \nmontant\nM. Didier PERALDI, chef du service \nLogistique, Immobilier et Services Internes\nM. Denis BRUEL, secr\u00e9taire g\u00e9n\u00e9ral\nMme Magalie MALERBA secr\u00e9taire g\u00e9n\u00e9rale \nadjointe\nMme Nathalie BERGET, directrice du SGCD\nM. David VERGNEAU, directeur adjoint du \nSGCD\nM. Karim BRAHIMI, chef du p\u00f4le immobilier \nMme Ghislaine TOULON, adjointe au chef de \np\u00f4le immobilier\nDidier THEVENET, agent du service \nLogistique,Immobilier et Services Internes\nMme Martine THUNOT, adjointe au chef de \nbureau de la strat\u00e9gie financi\u00e8re et immobili\u00e8re\nSaisie dans Chorus Formulaire des DA et \ncertification des SF  M. Louis DUSART, Mme \nMaud DE HARO, Mme Martine THUNOT, Mme \nJade ROLAND, Mme Myl\u00e8ne CUCCHI, Mme \nLa\u00ebtitia PATIRAM, M. Jean PRUDHOMME, M. \nJoris MARCHAND, M. Didier PERALDI\nGarage : d\u00e9cisions de d\u00e9penses et recettes\n< \u00e0 1500\u20ac\nMme Nathalie BERGET, Directrice du \nSecr\u00e9tariat g\u00e9n\u00e9ral commun d\u00e9partemental\nM. Denis BRUEL, secr\u00e9taire g\u00e9n\u00e9ral\nMme Magalie MALERBA secr\u00e9taire g\u00e9n\u00e9rale \nadjointe\nM. David VERGNEAU, directeur adjoint du \nSGCD\nM. Didier PERALDI, chef du service des \nfinances, de l'immobilier et des moyens \ng\u00e9n\u00e9raux\nSaisie dans Chorus Formulaire des DA et \ncertification des SF : M. Louis DUSART, Mme \nMaud DE HARO, Mme Martine THUNOT, Mme \nJade ROLAND, Mme Myl\u00e8ne CUCCHI, Mme \nLa\u00ebtitia PATIRAM, M. Jean PRUDHOMME, M. \nJoris MARCHAND, M. Didier PERALDI\nPr\u00e9fecture de la C\u00f4te-d'Or - 21-2026-04-27-00048 - Arr\u00eat\u00e9 pr\u00e9fectoral N \u00b0 807 / SG du   27 avril 2026   donnant  d\u00e9l\u00e9gation de\nsignature en mati\u00e8re de gestion des budgets op\u00e9rationnels\n104-111-112-113-119-122-124-129-135-137-147-148-161-163-172-181-206-207-209-215-216-217-218-219-232-303-348-349-354-357-362-363-3\n64-380-723-754-780-833  des fonds europ\u00e9ens et des recettes non fiscales\n46\nBOP\nXIII- SERVICE D\u00c9PARTEMENTAL INTERMINIST\u00c9RIEL DES SYST\u00c8MES D'INFORMATION ET DE COMMUNICATION\nM. Jean-Christophe BRIOT, chef du SDISIC\nM. Jean-Christophe BRIOT, chef du SDISIC\nGarage : certification du service fait quel \nque soit le montant\nM. Didier PERALDI, chef du service \nLogistique, Immobilier et Services Internes\nM. Denis BRUEL, secr\u00e9taire g\u00e9n\u00e9ral\nMme Magalie MALERBA secr\u00e9taire g\u00e9n\u00e9rale \nadjointe\nMme Nathalie BERGET, directrice du SGCD\nM. David VERGNEAU, directeur adjoint du \nSGCD\nM. Jean PRUDHOMME, chef du bureau de la \nstrat\u00e9gie financi\u00e8re et immobili\u00e8re\nSaisie dans Chorus Formulaire des DA et \ncertification des SF : M. Louis DUSART, Mme \nMaud DE HARO, Mme Martine THUNOT, Mme \nJade ROLAND, Mme Myl\u00e8ne CUCCHI, Mme \nLa\u00ebtitia PATIRAM, M. Jean PRUDHOMME, M. \nJoris MARCHAND, M. Didier PERALDI\nD\u00e9cisions de d\u00e9penses et de recettes \nrelatives au SIDSIC> 5000 \u20ac\nM. Denis BRUEL, secr\u00e9taire g\u00e9n\u00e9ral\nMme Magalie MALERBA secr\u00e9taire g\u00e9n\u00e9rale \nadjointe\nMme Aur\u00e9lie CONTRECIVILE, directrice de \ncabinet\nSaisie dans Chorus Formulaire des DA et \ncertification des SF : M. Louis DUSART, Mme \nMaud DE HARO, Mme Martine THUNOT, Mme \nJade ROLAND, Mme Myl\u00e8ne CUCCHI, Mme \nLa\u00ebtitia PATIRAM, M. Jean PRUDHOMME, M. \nJoris MARCHAND, M. Didier PERALDI\nD\u00e9cisions de d\u00e9penses et de recettes \nrelatives au SIDSIC < \u00e0 5000 \u20ac\nMme Nathalie BERGET, Directrice du \nSecr\u00e9tariat g\u00e9n\u00e9ral commun d\u00e9partemental M. David VERGNEAU, directeur adjoint du \nSGCD\nM. Didier PERALDI, chef de service des \nfinances, de l'immobilier et des moyens \ng\u00e9n\u00e9raux (jusqu'\u00e0 1500\u20ac)\nM. Jean PRUDHOMME, chef du bureau \nstrat\u00e9gie financi\u00e8re et immobili\u00e8re\n(jusqu'\u00e0 1500\u20ac)\nMme Martine THUNOT, adjointe du Chef du \nbureau (jusqu'\u00e0 1500\u20ac)\nSaisie dans Chorus Formulaire des DA et \ncertification des SF : M. Louis DUSART, Mme \nMaud DE HARO, Mme Martine THUNOT, Mme \nJade ROLAND, Mme Myl\u00e8ne CUCCHI, Mme \nLa\u00ebtitia PATIRAM, M. Jean PRUDHOMME, M. \nJoris MARCHAND, M. Didier PERALDI\nD\u00e9cisions de d\u00e9penses et de recettes \nrelatives au SIDSIC < \u00e0 500 \u20ac M. Jean-Luc JOBARD, adjoint au chef du \nSIDSIC\nSaisie dans Chorus Formulaire des DA et \ncertification des SF : M. Louis DUSART, Mme \nMaud DE HARO, Mme Martine THUNOT, Mme \nJade ROLAND, Mme Myl\u00e8ne CUCCHI, Mme \nLa\u00ebtitia PATIRAM, M. Jean PRUDHOMME, M. \nJoris MARCHAND, M. Didier PERALDI\nConstatation de service fait relatif au \nSIDSIC, quel que soit le montant M. Jean-Luc JOBARD, adjoint au chef du \nSIDSIC\nM. Didier PERALDI, chef de service des \nfinances, de l'immobilier et des moyens \ng\u00e9n\u00e9raux\nM. Jean PRUDHOMME, chef du bureau \nstrat\u00e9gie financi\u00e8re et immobili\u00e8re\nMme Martine THUNOT, adjointe du Chef du \nbureau\nSaisie dans Chorus Formulaire des DA et \ncertification des SF : M. Louis DUSART, Mme \nMaud DE HARO, Mme Martine THUNOT, Mme \nJade ROLAND, Mme Myl\u00e8ne CUCCHI, Mme \nLa\u00ebtitia PATIRAM, M. Jean PRUDHOMME, M. \nJoris MARCHAND, M. Didier PERALDI\nPr\u00e9fecture de la C\u00f4te-d'Or - 21-2026-04-27-00048 - Arr\u00eat\u00e9 pr\u00e9fectoral N \u00b0 807 / SG du   27 avril 2026   donnant  d\u00e9l\u00e9gation de\nsignature en mati\u00e8re de gestion des budgets op\u00e9rationnels\n104-111-112-113-119-122-124-129-135-137-147-148-161-163-172-181-206-207-209-215-216-217-218-219-232-303-348-349-354-357-362-363-3\n64-380-723-754-780-833  des fonds europ\u00e9ens et des recettes non fiscales\n47\nBOP\nM. Jean-Christophe BRIOT, chef du SDISIC\nXIV \u2013 DIRECTION DE L'IMMIGRATION ET DE LA NATIONALITE\nService d'immigration et d'int\u00e9gration\nXV-DIRECTION DES COLLECTIVIT\u00c9S LOCALES ET DES \u00c9LECTIONS\nBons de livraison \u2013 Fiches et rapports \nd'interventions techniques. M. Jean-Luc JOBARD, adjoint au chef du \nSIDSIC\nFrais de repr\u00e9sentation du directeur : \nd\u00e9cisions de d\u00e9penses et de recettes - \ncertification du service fait\nMme Nathalie FERNANDEZ, directrice du \nservice immigration et int\u00e9gration, M.Denis BRUEL, secr\u00e9taire g\u00e9n\u00e9ral\nMme Magalie MALERBA secr\u00e9taire g\u00e9n\u00e9rale \nadjointe\nMme BERGET, directrice du SGCD\nM. David VERGNEAU, directeur adjoint du \nSGCD\nDans le cadre de CHORUS DT:\nFrais de d\u00e9placement pour l'ensemble des \nagents de la direction  : ordres de mission et \n\u00e9tats de frais\nMme Nathalie FERNNANDEZ, directrice du \nservice immigration et int\u00e9gration, M. Denis BRUEL, secr\u00e9taire g\u00e9n\u00e9ral\nMme Magalie MALERBA secr\u00e9taire g\u00e9n\u00e9rale \nadjointe\nMme C\u00e9line MANELLI, cheffe du service \nimmigration et int\u00e9gration\nMme Anne DELVALLE, adjointe \u00e0 la cheffe du \nservice immigration et int\u00e9gration, cheffe du \np\u00f4le contentieux\nM. Jean Christophe THUILLIER, responsable \nde la plate forme naturalisation\nMme Cateline ZARIC, adjoint du responsable \nde la plate forme naturalisation\nD\u00e9cisions de d\u00e9penses et de recettes et \ncertification de service fait pour les \nvacations de traducteurs-interpr\u00e8tes\nMme Nathalie FERNANDEZ, directrice du \nservice immigration et int\u00e9gration, M.Denis BRUEL, secr\u00e9taire g\u00e9n\u00e9ral\nMme Magalie MALERBA secr\u00e9taire g\u00e9n\u00e9rale \nadjointe\nMme C\u00e9line MANELLI, cheffe du service \nimmigration et int\u00e9gration\nMme Anne DELVALLE, adjointe \u00e0 la cheffe du \nservice immigration et int\u00e9gration, cheffe du \np\u00f4le contentieux\nMme Nathalie BERGET, directrice du SGCD\nM. David VERGNEAU, directeur adjoint du \nSGCD\nM. Didier PERALDI, chef de service des \nfinances, de l'immobilier et des moyens \ng\u00e9n\u00e9raux\nM. Jean PRUDHOMME, chef du bureau \nstat\u00e9gie financi\u00e8re et et immobili\u00e8re\nMme Martine THUNOT, adjointe au chef du \nbureau\nD\u00e9cisions de recours aux prestations \nd'avocat\nMme Nathalie FERNANDEZ, directrice du \nservice immigration et int\u00e9gration, M. Denis BRUEL, secr\u00e9taire g\u00e9n\u00e9ral\nMme Magalie MALERBA secr\u00e9taire g\u00e9n\u00e9rale \nadjointe\nMme C\u00e9line MANELLI, cheffe du service \nimmigration et int\u00e9gration\nMme Anne DELVALLE, adjointe \u00e0 la cheffe du \nservice immigration et int\u00e9gration, cheffe du \np\u00f4le contentieux\nMme Nathalie BERGET, directrice du SGCD\nM. David VERGNEAU, directeur adjoint du \nSGCD\nM. Didier PERALDI, chef de service des \nfinances, de l'immobilier et des moyens \ng\u00e9n\u00e9raux\nM. Jean PRUDHOMME, chef du bureau \nstrat\u00e9gie financi\u00e8re et immobili\u00e8re\nMme Martine THUNOT, adjointe au chef du \nbureau\nPr\u00e9fecture de la C\u00f4te-d'Or - 21-2026-04-27-00048 - Arr\u00eat\u00e9 pr\u00e9fectoral N \u00b0 807 / SG du   27 avril 2026   donnant  d\u00e9l\u00e9gation de\nsignature en mati\u00e8re de gestion des budgets op\u00e9rationnels\n104-111-112-113-119-122-124-129-135-137-147-148-161-163-172-181-206-207-209-215-216-217-218-219-232-303-348-349-354-357-362-363-3\n64-380-723-754-780-833  des fonds europ\u00e9ens et des recettes non fiscales\n48\nBOP\nFrais de repr\u00e9sentation du directeur : \nd\u00e9cisions de d\u00e9penses et de recettes - \ncertification du service fait\nMonsieur S\u00e9bastien TRES, directeur des \ncollectivit\u00e9s locales et des \u00e9lections M. Denis BRUEL, secr\u00e9taire g\u00e9n\u00e9ral\nMme Magalie MALERBA secr\u00e9taire g\u00e9n\u00e9rale \nadjointe\nMme BERGET, directrice du SGCD\nM. David VERGNEAU, directeur adjoint du \nSGCD\nDans le cadre de CHORUS DT:\nFrais de d\u00e9placement pour l'ensemble des \nagents de la direction : ordres de mission et \n\u00e9tats de frais\nMonsieur S\u00e9bastien TRES, directeur des \ncollectivit\u00e9s locales et des \u00e9lections M. Denis BRUEL, secr\u00e9taire g\u00e9n\u00e9ral\nMme Magalie MALERBA secr\u00e9taire g\u00e9n\u00e9rale \nadjointe\nMme Julie RODDE, cheffe du bureau des \ncollectivit\u00e9s locales\nMme Delphine HORNY, cheffe du bureau des \n\u00e9lections et de la r\u00e9glementation\nD\u00e9cisions de d\u00e9penses et constatation du \nservice fait pour les frais (hors lignes \nt\u00e9l\u00e9phoniques) relatifs \u00e0 l'organisation \nmat\u00e9rielle des diff\u00e9rentes \u00e9lections \n(imprim\u00e9s, acheminement de documents \n\u00e9lectoraux, locations diverses, bulletins de \nvote pour les pr\u00e9sidentielles, prestataire de \nservice\u2026)\nMonsieur S\u00e9bastien TRES, directeur des \ncollectivit\u00e9s locales et des \u00e9lections\nM. Denis BRUEL, secr\u00e9taire g\u00e9n\u00e9ral\nMme Magalie MALERBA secr\u00e9taire g\u00e9n\u00e9rale \nadjointe\nMme Delphine HORNY, cheffe du bureau des \n\u00e9lections et de la r\u00e9glementation\nMme Julie RODDE, cheffe du bureau des \ncollectivit\u00e9s locales\nMme Tassadit YASSA, agjointe \u00e0 la cheffe du \nbureau des \u00e9lections et de la r\u00e9glementation\nSaisie dans Chorus Formulaire des DA et \ncertification des SF : M. Eric FINOT \u2013 Delphine \nHORNY, Tassadit YASSA\nD\u00e9cisions de d\u00e9penses et certification du \nservice fait pour les frais relatifs \u00e0 \nl'installation des lignes t\u00e9l\u00e9phoniques \nn\u00e9cessaires \u00e0 l'organisation des \u00e9lections \ndiverses\nMonsieur S\u00e9bastien TRES, directeur des \ncollectivit\u00e9s locales et des \u00e9lections M. Denis BRUEL, secr\u00e9taire g\u00e9n\u00e9ral\nMme Magalie MALERBA secr\u00e9taire g\u00e9n\u00e9rale \nadjointe\nMme Delphine HORNY, cheffe du bureau des \n\u00e9lections et de la r\u00e9glementation\nMme Julie RODDE, cheffe du bureau des \ncollectivit\u00e9s locales\nMme Tassadit YASSA, agjointe \u00e0 la cheffe du \nbureau des \u00e9lections et de la r\u00e9glementation\nM. Jean-Christophe BRIOT, chef du SIDSIC\nM. Jean-Luc JOBARD, adjoint au chef du \nSIDSIC\nSaisie dans Chorus Formulaire des DA et \ncertification des SF : M. Eric FINOT \u2013 Delphine \nHORNY, Tassadit YASSA\nD\u00e9cisions de remboursement des frais de \npropagande aux candidats ou aux \nimprimeurs, et des frais d'affichage de la \npropagande et certification de service fait\nMonsieur S\u00e9bastien TRES, directeur des \ncollectivit\u00e9s locales et des \u00e9lections\nM. Denis BRUEL, secr\u00e9taire g\u00e9n\u00e9ral\nMme Magalie MALERBA secr\u00e9taire g\u00e9n\u00e9rale \nadjointe\nMme Delphine HORNY, cheffe du bureau des \n\u00e9lections et de la r\u00e9glementation\nMme Julie RODDE, cheffe du bureau des \ncollectivit\u00e9s locales\nMme Tassadit YASSA, agjointe \u00e0 la cheffe du \nbureau des \u00e9lections et de la r\u00e9glementation\nSaisie dans Chorus Formulaire des DA et \ncertification des SF : M. Eric FINOT \u2013 Delphine \nHORNY, Tassadit YASSA\nD\u00e9cisions de remboursement des frais de \ncampagne aux candidats ayant obtenu 5% \ndes suffrages sur d\u00e9cision de la CNCCFP et \ncertification du service fait\nMonsieur S\u00e9bastien TRES, directeur des \ncollectivit\u00e9s locales et des \u00e9lections\nM. Denis BRUEL, secr\u00e9taire g\u00e9n\u00e9ral\nMme Magalie MALERBA secr\u00e9taire g\u00e9n\u00e9rale \nadjointe\nMme Delphine HORNY, cheffe du bureau des \n\u00e9lections et de la r\u00e9glementation\nMme Julie RODDE, cheffe du bureau des \ncollectivit\u00e9s locales (\u00e0 compter du 1/10/25)\nSaisie dans Chorus Formulaire des DA et \ncertification des SF : M. Eric FINOT \u2013 Mme \nDelphine HORNY\nPr\u00e9fecture de la C\u00f4te-d'Or - 21-2026-04-27-00048 - Arr\u00eat\u00e9 pr\u00e9fectoral N \u00b0 807 / SG du   27 avril 2026   donnant  d\u00e9l\u00e9gation de\nsignature en mati\u00e8re de gestion des budgets op\u00e9rationnels\n104-111-112-113-119-122-124-129-135-137-147-148-161-163-172-181-206-207-209-215-216-217-218-219-232-303-348-349-354-357-362-363-3\n64-380-723-754-780-833  des fonds europ\u00e9ens et des recettes non fiscales\n49\nBOP\nXVI\u2013 DIRECTION DE LA COORDINATION DES POLITIQUES PUBLIQUES ET DE L'APPUI TERRITORIAL\n- D\u00e9cisions de remboursement des frais \nengag\u00e9s par les communes (frais \nd'assembl\u00e9e, urnes, \u00e9tiquettes, \n\u00e9tablissement des listes \u00e9lectorales) et \ncertification du service fait\n- D\u00e9cisions de d\u00e9penses et certification du \nservice fait relatives \u00e0 l'indemnisation des \nmembres des diverses commissions et \ndesOPJ dans le cadre de l'organisation des \n\u00e9lections\nMonsieur S\u00e9bastien TRES, directeur des \ncollectivit\u00e9s locales et des \u00e9lections\nM. Denis BRUEL, secr\u00e9taire g\u00e9n\u00e9ral\nMme Magalie MALERBA secr\u00e9taire g\u00e9n\u00e9rale \nadjointe\nMme Delphine HORNY, cheffe du bureau des \n\u00e9lections et de la r\u00e9glementation\nMme Julie RODDE, cheffe du bureau des \ncollectivit\u00e9s locales\nMme Tassadit YASSA, agjointe \u00e0 la cheffe du \nbureau des \u00e9lections et de la r\u00e9glementation\nSaisie dans Chorus Formulaire des DA et \ncertification des SF : M. Eric FINOT \u2013 Delphine \nHORNY , Tassadit YASSA\nConstatation de service fait pour le \nremboursement des frais de d\u00e9placement - \n\u00c9lections s\u00e9natoriales\nMonsieur S\u00e9bastien TRES, directeur des \ncollectivit\u00e9s locales et des \u00e9lections\nM. Denis BRUEL, secr\u00e9taire g\u00e9n\u00e9ral\nMme Magalie MALERBA secr\u00e9taire g\u00e9n\u00e9rale \nadjointe\nMme Delphine HORNY, cheffe du bureau des \n\u00e9lections et de la r\u00e9glementation\nMme Julie RODDE, cheffe du bureau des \ncollectivit\u00e9s locales\nMme Tassadit YASSA, agjointe \u00e0 la cheffe du \nbureau des \u00e9lections et de la r\u00e9glementation\nD\u00e9cisions de d\u00e9penses et de recettes - \ncertification du service fait pour les frais de \nrepr\u00e9sentation du directeur\nMme Nathalie AUBERTIN, directrice de la \ncoordination des politiques publiques et de \nl'appui territorial\nM. Denis BRUEL, secr\u00e9taire g\u00e9n\u00e9ral\nMme Magalie MALERBA secr\u00e9taire g\u00e9n\u00e9rale \nadjointe\nMme Nathalie BERGET, directrice du SGCD\nM. David VERGNEAU, directeur adjoint du \nSGCD\nMme Christelle DA SILVA, adjointe \u00e0 la \ndirectrice de la DCPPAT et cheffe du p\u00f4le \nenvironnement et urbanisme\nDans le cadre de CHORUS DT:\nFrais de d\u00e9placement pour l'ensemble des \nagents de la direction : ordres de mission et \n\u00e9tats de frais\nMme Nathalie AUBERTIN, directrice de la \ncoordination des politiques publiques et de \nl'appui territorial\nM. Denis BRUEL, secr\u00e9taire g\u00e9n\u00e9ral\nMme Magalie MALERBA secr\u00e9taire g\u00e9n\u00e9rale \nadjointe\nMme Christelle DA SILVA, adjointe \u00e0 la \ndirectrice de la DCPPAT et cheffe du p\u00f4le \nenvironnement et urbanisme\nM. M\u00e9d\u00e9ric BOUTTEVILLE, chef du p\u00f4le \nam\u00e9nagement du territoire\nPublications d'annonces l\u00e9gales relatives \naux enqu\u00eates publiques : d\u00e9cisions de \nd\u00e9penses et de recettes - certification du \nservice fait.\nMme Christelle DA SILVA, adjointe \u00e0 la \ndirectrice de la DCPPAT et cheffe du p\u00f4le \nenvironnement et urbanisme\nM. Denis BRUEL, secr\u00e9taire g\u00e9n\u00e9ral\nMme Magalie MALERBA secr\u00e9taire g\u00e9n\u00e9rale \nadjointe\nMme Nathalie AUBERTIN, directrice de la \ncoordination des politiques publiques et de \nl'appui territorial,\nM. Guillaume BROUILLARD, adjoint \u00e0 la cheffe \ndu p\u00f4le environnement et urbanisme\nDotations et avances aux collectivit\u00e9s \nlocales : d\u00e9cisions de d\u00e9penses et de \nrecettes - certification du service fait\nM. M\u00e9d\u00e9ric BOUTTEVILLE, chef du p\u00f4le \nam\u00e9nagement du territoire M. Denis BRUEL, secr\u00e9taire g\u00e9n\u00e9ral\nMme Magalie MALERBA secr\u00e9taire g\u00e9n\u00e9rale \nadjointe\nMme Nathalie AUBERTIN, directrice de la \ncoordination des politiques publiques et de \nl'appui territorial,\nMme Christelle DA SILVA, adjointe \u00e0 la \ndirectrice de la DCPPAT et cheffe du p\u00f4le \nenvironnement et urbanisme\nMme Yasmine DJADDA, adjointe au chef du \np\u00f4le am\u00e9nagement du territoire \nSaisie dans Chorus Formulaire des DS et \ncertification des SF :\nYasmine DJADDA, Marie-Pierre AUBRY, Mme \nAurore CHAMBORAND, Mme Nathalie \nVARNEY, Mme Pauline CORDIER\nPr\u00e9fecture de la C\u00f4te-d'Or - 21-2026-04-27-00048 - Arr\u00eat\u00e9 pr\u00e9fectoral N \u00b0 807 / SG du   27 avril 2026   donnant  d\u00e9l\u00e9gation de\nsignature en mati\u00e8re de gestion des budgets op\u00e9rationnels\n104-111-112-113-119-122-124-129-135-137-147-148-161-163-172-181-206-207-209-215-216-217-218-219-232-303-348-349-354-357-362-363-3\n64-380-723-754-780-833  des fonds europ\u00e9ens et des recettes non fiscales\n50\nBOP\nCondamnations de l'\u00c9tat par les juridictions\nXVII \u2013 SECRETARIAT GENERAL POUR LES AFFAIRES REGIONALES\nCertification de service fait des d\u00e9penses \nd'avocat Mme Nathalie AUBERTIN, directrice de la \ncoordination des politiques publiques et de \nl'appui territorial,\nM. Denis BRUEL, secr\u00e9taire g\u00e9n\u00e9ral\nMme Magalie MALERBA secr\u00e9taire g\u00e9n\u00e9rale \nadjointe\n,\nMme Christelle DA SILVA, adjointe \u00e0 la \ndirectrice de la DCPPAT\nMme Dominique LEMAITRE, charg\u00e9e de \nmission du p\u00f4le juridique inter-services\nMme Nathalie AUBERTIN, directrice de la \ncoordination des politiques publiques et de \nl'appui territoria\nM. Denis BRUEL, secr\u00e9taire g\u00e9n\u00e9ral\nMme Magalie MALERBA secr\u00e9taire g\u00e9n\u00e9rale \nadjointe\nMme Christelle DA SILVA, adjointe \u00e0 la \ndirectrice de la DCPPAT et cheffe du p\u00f4le \nenvironnement et urbanisme\nMme Dominique LEMAITRE, charg\u00e9e de \nmission du p\u00f4le juridique inter-services\nIndemnisations par l'\u00c9tat suite au refus de la \nforce publique dans le cadre des expulsions \nlocatives\nMme Nathalie AUBERTIN, directrice de la \ncoordination des politiques publiques et de \nl'appui territoria\nM. Denis BRUEL, secr\u00e9taire g\u00e9n\u00e9ral\nMme Magalie MALERBA secr\u00e9taire g\u00e9n\u00e9rale \nadjointe\nMme Christelle DA SILVA, adjointe \u00e0 la \ndirectrice de la DCPPAT et cheffe du p\u00f4le \nenvironnement et urbanisme\nMme Dominique LEMAITRE, charg\u00e9e de \nmission du p\u00f4le juridique inter-services\nToutes autres indemnisations li\u00e9es \u00e0 \nl'engagement de la responsabilit\u00e9 de l'\u00c9tat\nMme Nathalie AUBERTIN, directrice de la \ncoordination des politiques publiques et de \nl'appui territorial,\nM. Denis BRUEL, secr\u00e9taire g\u00e9n\u00e9ral\nMme Magalie MALERBA secr\u00e9taire g\u00e9n\u00e9rale \nadjointe\nMme Christelle DA SILVA, adjointe \u00e0 la \ndirectrice de la DCPPAT et cheffe du p\u00f4le \nenvironnement et urbanisme\nMme Dominique LEMAITRE, charg\u00e9e de \nmission du p\u00f4le juridique inter-services\nFrais de repr\u00e9sentation du secr\u00e9taire \ng\u00e9n\u00e9ral pour les affaires r\u00e9gionales : \nd\u00e9cisions de d\u00e9penses et de recettes \u2013 \ncertification  du service fait\nMme Perrine SERRE, secr\u00e9taire g\u00e9n\u00e9rale \npour les affaires r\u00e9gionales de Bourgogne \u2013 \nFranche-Comt\u00e9, charg\u00e9e du p\u00f4le \u00ab politiques \npubliques interminist\u00e9rielles \u00bb\nM. Beno\u00eet ROGEON, adjoint \u00e0 la secr\u00e9taire \ng\u00e9n\u00e9rale pour les affaires r\u00e9gionales de \nBourgogne \u2013 Franche-Comt\u00e9, charg\u00e9 du p\u00f4le \u00ab  \nmodernisation des moyens\nMme Florence BERNARD, adjointe \u00e0 la \nsecr\u00e9taire g\u00e9n\u00e9rale pour les affaires r\u00e9gionales \nde Bourgogne \u2013 Franche-Comt\u00e9, charg\u00e9e du \np\u00f4le \u00ab politiques publiques interminist\u00e9rielles \nSaisie dans Chorus Formulaires des DA et \ncertification des SF : Mme C\u00e9ciline LEVENARD \n\u2013 Mme Zhor HAMANI \u2013\nM. Olivier BONNEVIE \u2013 M. Julien MARLOT\nPr\u00e9fecture de la C\u00f4te-d'Or - 21-2026-04-27-00048 - Arr\u00eat\u00e9 pr\u00e9fectoral N \u00b0 807 / SG du   27 avril 2026   donnant  d\u00e9l\u00e9gation de\nsignature en mati\u00e8re de gestion des budgets op\u00e9rationnels\n104-111-112-113-119-122-124-129-135-137-147-148-161-163-172-181-206-207-209-215-216-217-218-219-232-303-348-349-354-357-362-363-3\n64-380-723-754-780-833  des fonds europ\u00e9ens et des recettes non fiscales\n51\nBOP\nFait \u00e0 dijon le 27/04/26\nLa Pr\u00e9f\u00e8te\nSIGNE\nViolaine DEMARET\nFrais de repr\u00e9sentation des adjoints au \nsecr\u00e9taire g\u00e9n\u00e9ral  pour les affaires \nr\u00e9gionales : d\u00e9cisions de d\u00e9penses et de \nrecettes \u2013 certification du service fait\nMme Florence BERNARD, adjointe au \nsecr\u00e9taire g\u00e9n\u00e9ral pour les affaires r\u00e9gionales \nde Bourgogne \u2013 Franche-Comt\u00e9, charg\u00e9e du \np\u00f4le \u00ab politiques publiques interminist\u00e9rielles\n \nM. Beno\u00eet ROGEON, adjoint \u00e0 la secr\u00e9taire \ng\u00e9n\u00e9rale pour les affaires r\u00e9gionales de \nBourgogne \u2013 Franche-Comt\u00e9, charg\u00e9 du p\u00f4le \u00ab  \nmodernisation des moyens\nSaisie dans Chorus Formulaires des DA et \ncertification des SF : Mme C\u00e9ciline LEVENARD \n\u2013 Mme Zhor HAMANI \u2013\nM. Olivier BONNEVIE \u2013 M. Julien MARLOT\nDans le cadre de CHORUS DT:\nFrais de d\u00e9placement pour le secr\u00e9taire \ng\u00e9n\u00e9ral pour les affaires r\u00e9gionales : ordre \nde mission et \u00e9tat de frais\nFrais de d\u00e9placement pour l'ensemble des \nagents du SGAR : ordre de mission et \u00e9tat \nde frais\nM. Julien MARLOT, directeur de la plate-forme \nr\u00e9gionale des finances et de l'immobilier\nM. ROGEON, adjoint \u00e0 la secr\u00e9taire g\u00e9n\u00e9rale \npour les affaires r\u00e9gionales de Bourgogne \u2013 \nFranche-Comt\u00e9, charg\u00e9 du p\u00f4le \u00ab  \nmodernisation des moyens\nMme Florence BERNARD, adjointe au \nsecr\u00e9taire g\u00e9n\u00e9ral pour les affaires r\u00e9gionales \nde Bourgogne \u2013 Franche-Comt\u00e9, charg\u00e9e du \np\u00f4le \u00ab politiques publiques interminist\u00e9rielles\nM. Olivier BONNEVIE, directeur adjoint de la \nplate-forme r\u00e9gionale des finances et de \nl'immobilier\nM. Arnaud PENTECOTE, directeur de la \ncoordination\nDans le cadre de CHORUS DT:\nD\u00e9cisions de d\u00e9penses et de recettes \nconcernant les transports et l'h\u00e9bergement \n(y compris pour la formation)\nM. Julien MARLOT, directeur de la plate-forme \nr\u00e9gionale des finances et de l'immobilier\nM. Beno\u00eet ROGEON, adjoint \u00e0 la secr\u00e9taire \ng\u00e9n\u00e9rale pour les affaires r\u00e9gionales de \nBourgogne \u2013 Franche-Comt\u00e9, charg\u00e9 du p\u00f4le \u00ab  \nmodernisation des moyens\nMme Florence BERNARD, adjointe au \nsecr\u00e9taire g\u00e9n\u00e9ral pour les affaires r\u00e9gionales \nde Bourgogne \u2013 Franche-Comt\u00e9, charg\u00e9e du \np\u00f4le \u00ab politiques publiques interminist\u00e9rielles\nM. Olivier BONNEVIE, directeur adjoint de la \nplate-forme r\u00e9gionale des finances et de \nl'immobilier\nMme C\u00e9ciline LEVENARD,\nMme Zhor HAMANI\nPr\u00e9fecture de la C\u00f4te-d'Or - 21-2026-04-27-00048 - Arr\u00eat\u00e9 pr\u00e9fectoral N \u00b0 807 / SG du   27 avril 2026   donnant  d\u00e9l\u00e9gation de\nsignature en mati\u00e8re de gestion des budgets op\u00e9rationnels\n104-111-112-113-119-122-124-129-135-137-147-148-161-163-172-181-206-207-209-215-216-217-218-219-232-303-348-349-354-357-362-363-3\n64-380-723-754-780-833  des fonds europ\u00e9ens et des recettes non fiscales\n52\nPr\u00e9fecture de la C\u00f4te-d'Or\nP\u00f4le juridique inter-services\n21-2026-04-27-00056\nArr\u00eat\u00e9 pr\u00e9fectoral n\u00b0  809  / SG du   27 avril 2026 \n  donnant d\u00e9l\u00e9gation de signature pour\nl'utilisation d'une carte d'achat nominative\nPr\u00e9fecture de la C\u00f4te-d'Or - 21-2026-04-27-00056 - Arr\u00eat\u00e9 pr\u00e9fectoral n\u00b0  809  / SG du   27 avril 2026    donnant d\u00e9l\u00e9gation de\nsignature pour l'utilisation d'une carte d'achat nominative 53\nPREFETEDE LACOTE-D'ORLibert\u00e9Egalit\u00e9Fraternit\u00e9\nArr\u00eat\u00e9 pr\u00e9fectoral n\u00b0  809  / SG du   27 avril 2026       \ndonnant d\u00e9l\u00e9gation de signature pour l'utilisation \nd'une carte d'achat nominative\nLa Pr\u00e9f\u00e8te de la C\u00f4te-d'Or\nVu le d\u00e9cret n\u00b0 2025-723 du 30 juillet 2025 modifiant le d\u00e9cret n\u00b0 2004-374 du 29 avril 2004 relatif  \naux pouvoirs des pr\u00e9fets, \u00e0 l'organisation et \u00e0 l'action des services de l'\u00c9tat dans les r\u00e9gions et  \nd\u00e9partements ;\nVu le d\u00e9cret n\u00b0 2012-1246 modifi\u00e9 relatif \u00e0 la gestion budg\u00e9taire et comptable publique ; \nVu le d\u00e9cret du 6 juillet 2023, nommant Monsieur Beno\u00eet BYRSKI, Sous-pr\u00e9fet, Sous-pr\u00e9fet de  \nBeaune ;\nVu le d\u00e9cret du 17 novembre 2023 nommant Monsieur S\u00e9bastien LANOYE, Sous-pr\u00e9fet, Sous-\npr\u00e9fet de Montbard ;\nVu le d\u00e9cret du 14 novembre 2024 nommant Monsieur Denis BRUEL, administrateur de l'\u00c9tat du  \ndeuxi\u00e8me grade, en qualit\u00e9 de Secr\u00e9taire g\u00e9n\u00e9ral de la pr\u00e9fecture de la C\u00f4te-d'Or, Sous-pr\u00e9fet de  \nDijon ;\nVu le d\u00e9cret du 6 mars 2025 portant nomination de Madame Aur\u00e9lie CONTRECIVILE, Sous-\npr\u00e9f\u00e8te, en qualit\u00e9 de Sous-pr\u00e9f\u00e8te, Directrice de cabinet du Pr\u00e9fet de la R\u00e9gion Bourgogne-\nFranche-Comt\u00e9, Pr\u00e9fet de la C\u00f4te-d'Or ;\nVu le  d\u00e9cret  du  23  mai  2025  portant  nomination  de  Madame  Magalie  MALERBA en  qualit\u00e9  \nsecr\u00e9taire g\u00e9n\u00e9rale adjointe de la pr\u00e9fecture de la C\u00f4te d'Or, sous-pr\u00e9f\u00e8te charg\u00e9e de mission  \naupr\u00e8s du Pr\u00e9fet de la R\u00e9gion Bourgogne-Franche-Comt\u00e9, Pr\u00e9fet de la C\u00f4te-d'Or ;\nVu le  d\u00e9cret  du  8  avril  2026  nommant  Madame  Violaine  DEMARET,  Pr\u00e9f\u00e8te  de  la  R\u00e9gion\nBourgogne-Franche-Comt\u00e9, Pr\u00e9f\u00e8te de la C\u00f4te-d'Or;\nVu l'arr\u00eat\u00e9 du Premier Ministre et du Ministre de l'Int\u00e9rieur en date du 22 d\u00e9cembre 2022 nommant  \nMadame Florence BERNARD, en qualit\u00e9 d'adjointe \u00e0 la Secr\u00e9taire g\u00e9n\u00e9rale pour les affaires  \nr\u00e9gionales de la R\u00e9gion Bourgogne \u2013 Franche-Comt\u00e9, en charge du p\u00f4le \u00ab  politiques publiques  \ninterminist\u00e9rielles \u00bb, \nVu l'arr\u00eat\u00e9 du Premier Ministre et du Ministre de l'Int\u00e9rieur en date du 1 er f\u00e9vrier 2024 nommant  \nMme Nathalie BERGET, directrice du secr\u00e9tariat g\u00e9n\u00e9ral commun d\u00e9partemental de la C\u00f4te-d'Or \u00e0  \ncompter de ce jour ;\nVu l'arr\u00eat\u00e9 du Premier Ministre et du Ministre de l'Int\u00e9rieur en date du 1 er octobre 2025 nommant  \nMme Perrine SERRE, en qualit\u00e9 de Secr\u00e9taire g\u00e9n\u00e9rale pour les affaires r\u00e9gionales de la R\u00e9gion  \nBourgogne-Franche-Comt\u00e9 ;\nPr\u00e9fecture de la C\u00f4te-d'Or - 21-2026-04-27-00056 - Arr\u00eat\u00e9 pr\u00e9fectoral n\u00b0  809  / SG du   27 avril 2026    donnant d\u00e9l\u00e9gation de\nsignature pour l'utilisation d'une carte d'achat nominative 54\nVu l'arr\u00eat\u00e9 du Premier Ministre et du Ministre de l'Int\u00e9rieur en date du 13 janvier 2026 nommant  \nM.Benoit ROGEON, en qualit\u00e9 d'adjoint \u00e0 la Secr\u00e9taire g\u00e9n\u00e9rale pour les affaires r\u00e9gionales de la  \nR\u00e9gion Bourgogne-Franche-Comt\u00e9, en charge du p\u00f4le \u00ab moyens, modernisation, mutualisations \u00bb ;\nVu  l'arr\u00eat\u00e9  pr\u00e9fectoral  n\u00b0  182/SG  du  23  janvier  2026  donnant  d\u00e9l\u00e9gation  de  signature  pour  \nl'utilisation d'une carte d'achat nominative ;\nSur proposition de Monsieur le Secr\u00e9taire g\u00e9n\u00e9ral de la pr\u00e9fecture de la C\u00f4te-d'Or ;\nARR\u00caTE\nArticle 1 : L 'arr\u00eat\u00e9 pr\u00e9fectoral n\u00b0 182/SG du 23 janvier 2026 donnant d\u00e9l\u00e9gation de signature pour  \nl'utilisation d'une carte d'achat nominative et toutes dispositions ant\u00e9rieures sont abrog\u00e9s.\nArticle     2   : D\u00e9l\u00e9gation de signature est accord\u00e9e aux personnes figurant dans le tableau en annexe 1  \ndu pr\u00e9sent arr\u00eat\u00e9, afin d'utiliser dans le cadre de leurs attributions, comp\u00e9tences et dans la limite  \nfix\u00e9e, une carte d'achat nominative. \n \nArticle     3   :  Le Secr\u00e9taire g\u00e9n\u00e9ral de la pr\u00e9fecture de la C\u00f4te-d'Or est charg\u00e9 de l'ex\u00e9cution du pr\u00e9sent  \narr\u00eat\u00e9 qui sera publi\u00e9 au recueil des actes administratifs de la pr\u00e9fecture de la C\u00f4te-d'Or.\nFait \u00e0 Dijon, le 27/04/26\nLa Pr\u00e9f\u00e8te\nSIGNE\nViolaine DEMARET\nVoies et d\u00e9lais de recours\nLa  pr\u00e9sente  d\u00e9cision  peut  faire  l'objet  d'un  recours  contentieux,  aupr\u00e8s  du  tribunal  \nadministratif de Dijon, 22 rue d'Assas \u2013 B.P . 61616 \u2013 21 016 DIJON CEDEX dans un d\u00e9lai de deux \n(2) mois \u00e0 compter de la publication de la d\u00e9cision.\nDans le m\u00eame d\u00e9lai de 2 mois, un recours gracieux peut . Le silence gard\u00e9 par l'administration \npendant plus deux mois sur la demande de recours gracieux emporte d\u00e9cision implicite de  \nrejet de cette demande, conform\u00e9ment \u00e0 l'article R. 421-2 du  de justice administrative. Celui-\nci prolonge le d\u00e9lai de recours contentieux qui doit \u00eatre introduit dans les 2  mois suivant la  \nr\u00e9ponse.\nLe tribunal administratif peut \u00eatre saisi par un recours d\u00e9pos\u00e9 via l'application T\u00e9l\u00e9recours  \ncitoyens accessible par le site internet : www.telerecours.fr\n2/2\nPr\u00e9fecture de la C\u00f4te-d'Or - 21-2026-04-27-00056 - Arr\u00eat\u00e9 pr\u00e9fectoral n\u00b0  809  / SG du   27 avril 2026    donnant d\u00e9l\u00e9gation de\nsignature pour l'utilisation d'une carte d'achat nominative 55\nFeuille1\nPage 1\nPorteur de carte d'achat Service Plafond annuel\nBERNARD Florence (carte Repr\u00e9sentation) SGAR ADJOINTE\nBERNARD Florence (carte HFRR) SGAR ADJOINTE\nBRUEL Denis (carte Repr\u00e9sentation) SECR\u00c9TAIRE G\u00c9N\u00c9RAL\nBRUEL Denis (carte HFRR) SECR\u00c9TAIRE G\u00c9N\u00c9RAL\nBRULE Thierry (carte Repr\u00e9sentation) DIRECTION S\u00c9CURIT\u00c9\nBYRSKI BENOIT (carte Repr\u00e9sentation) SOUS PR\u00c9FET BEAUNE\nBYRSKI BENOIT (carte HFRR) SOUS PR\u00c9FET BEAUNE\nCABROL J\u00e9r\u00f4me (carte Repr\u00e9sentation) SP BEAUNE\nCABROL J\u00e9r\u00f4me (carte HFRR) SP BEAUNE\nCAILLOT Florine (carte Repr\u00e9sentation) SP BEAUNE\nCAILLOT Florine (carte HFRR) SP BEAUNE\nCASCHETTA Genevi\u00e8ve (carte Repr\u00e9sentation) DIRECTRICE ADJOINTE DDPP\nCASCHETTA Genevi\u00e8ve (carte HFRR) DIRECTRICE ADJOINTE DDPP\nCLEMENT Serge (carte Repr\u00e9sentation) SGC \u2013 LISI\nCOLIN J\u00e9r\u00f4me (carte Repr\u00e9sentation) COMMUNICATION\nCONORT Bertrand (carte Repr\u00e9sentation R\u00c9SIDENCE PR\u00c9F\u00c8TE\nCONORT Bertrand (carte HFRR) R\u00c9SIDENCE PR\u00c9F\u00c8TE\nSERRE Perrine (carte HFRR) SGAR\nSERRE Perrine (carte Repr\u00e9sentation) SGAR\nBERGET Nathalie (carte Repr\u00e9sentation) DIRECTRICE SGC\nBERGET Nathalie (carte HFRR) DIRECTRICE SGC\nCONTRECIVILE Aur\u00e9lie DIRECTRICE DE CABINET\nCONTRECIVILE Aur\u00e9lie (carte Repr\u00e9sentation) DIRECTRICE DE CABINET\nLANOYE SEBASTIEN (carte Repr\u00e9sentation) SOUS PR\u00c9FET MONTBARD\nLANOYE SEBASTIEN (carte HFRR) SOUS PR\u00c9FET MONTBARD\nDUPUY Manuelle (carte Repr\u00e9sentation) DIRECTRICE DDT\nDUPUY Manuelle (carte HFRR) DIRECTRICE DDT\nLEON Armelle (carte Repr\u00e9sentation) DIRECTEUR DDETS\nLEON Armelle (carte HFRR) DIRECTEUR DDETS\nMALERBA Magalie (carte Repr\u00e9sentation) SGA ADJOINTE\nMALERBA Magalie (carte HFRR) SGA ADJOINTE\nMATHEY BONY Jean-Denis (carte Repr\u00e9sentation) R\u00c9SIDENCE PR\u00c9F\u00c8TE\nMATHEY BONY Jean-Denis(carte HFRR) R\u00c9SIDENCE PR\u00c9F\u00c8TE\nDEMARET Violaine (carte Repr\u00e9sentation) PR\u00c9F\u00c8TE\nDEMARET Violaine (carte HFRR) PR\u00c9F\u00c8TE\nNORDI Hugues (carte HFRR) CONSEILLER DIPLOMATIQUE\nNORDI Hugues (carte Repr\u00e9sentation) CONSEILLER DIPLOMATIQUE\nNOURDIN Isabelle (HORS FRR) DDPP\nPRUDHOMME Jean SGC- BSFI\nRATEL Carole (carte Repr\u00e9sentation) ASSISTANTE PR\u00c9F\u00c8TE\nRATEL Carole (carte HFRR) ASSISTANTE PR\u00c9F\u00c8TE\nROOSE Didier (carte Repr\u00e9sentation) DIRECTEUR DDPP\nROOSE Didier (carte HFRR) DIRECTEUR DDPP\nVERGNEAU David (carte HFRR) DIRECTEUR ADJOINT\nFait \u00e0 Dijon, le 27/04/26\nLa pr\u00e9f\u00e8te\nSIGNE\nViolaine DEMARET\n2\u00a0000,00 \u20ac\n2\u00a0000,00 \u20ac\n5\u00a0000,00 \u20ac\n5\u00a0000,00 \u20ac\n6\u00a0000,00 \u20ac\n6\u00a0000,00 \u20ac\n5\u00a0700,00 \u20ac\n2\u00a0000,00 \u20ac\n2\u00a0000,00 \u20ac\n2\u00a0000,00 \u20ac\n2\u00a0000,00 \u20ac\n5\u00a0000,00 \u20ac\n5\u00a0000,00 \u20ac\n25\u00a0000,00 \u20ac\n15\u00a0000,00 \u20ac\n40\u00a0000,00 \u20ac\n40\u00a0000,00 \u20ac\n1\u00a0500,00 \u20ac\n5\u00a0000,00 \u20ac\n15\u00a0000,00 \u20ac\n30\u00a0000,00 \u20ac\n2\u00a0000,00 \u20ac\n5\u00a0500,00 \u20ac\n6\u00a0000,00 \u20ac\n8\u00a0000,00 \u20ac\n10\u00a0000,00 \u20ac\n2\u00a0000,00 \u20ac\n6\u00a0000,00 \u20ac\n6\u00a0000,00 \u20ac\n3\u00a0500,00 \u20ac\n6\u00a0200,00 \u20ac\n11\u00a0000,00 \u20ac\n45\u00a0000,00 \u20ac\n6\u00a0000,00 \u20ac\n6\u00a0000,00 \u20ac\n1\u00a0000,00 \u20ac\n1\u00a0000,00 \u20ac\n5\u00a0000,00 \u20ac\n115\u00a0000,00 \u20ac\n25\u00a0000,00 \u20ac\n16\u00a0000,00 \u20ac\n5\u00a0000,00 \u20ac\n5\u00a0000,00 \u20ac\n15\u00a0000,00 \u20ac\nPr\u00e9fecture de la C\u00f4te-d'Or - 21-2026-04-27-00056 - Arr\u00eat\u00e9 pr\u00e9fectoral n\u00b0  809  / SG du   27 avril 2026    donnant d\u00e9l\u00e9gation de\nsignature pour l'utilisation d'une carte d'achat nominative 56\nPr\u00e9fecture de la C\u00f4te-d'Or\nP\u00f4le juridique inter-services\n21-2026-04-27-00041\nARR\u00eaT\u00e9 PR\u00e9FECTORAL n\u00b0  813    / SG du  27 avril\n2026 donnant d\u00e9l\u00e9gation de signature \u00e0 Mr\nJean-Luc BRENNER, administrateur de l'\u00c9tat du\ngrade transitoire , directeur r\u00e9gional des finances\npubliques de Bourgogne-Franche-Comt\u00e9 et du\nd\u00e9partement de la C\u00f4te-d'Or, pour les actes\nrelevant du pouvoir adjudicateur.\nPr\u00e9fecture de la C\u00f4te-d'Or - 21-2026-04-27-00041 - ARR\u00eaT\u00e9 PR\u00e9FECTORAL n\u00b0  813    / SG du  27 avril 2026 donnant d\u00e9l\u00e9gation de\nsignature \u00e0 Mr Jean-Luc BRENNER, administrateur de l'\u00c9tat du grade transitoire , directeur r\u00e9gional des finances publiques de\nBourgogne-Franche-Comt\u00e9 et du d\u00e9partement de la C\u00f4te-d'Or, pour les actes relevant du pouvoir adjudicateur.\n57\nEsPREFETEDE LACOTE-D'ORLibert\u00e9Egalit\u00e9Fraternit\u00e9\nArr\u00eat\u00e9 pr\u00e9fectoral n\u00b0  813    / SG du  27 avril 2026\ndonnant d\u00e9l\u00e9gation de signature \u00e0 Mr Jean-Luc BRENNER, administrateur de l'\u00c9tat du \ngrade transitoire , directeur r\u00e9gional des finances publiques de Bourgogne-Franche-Comt\u00e9 \net du d\u00e9partement de la C\u00f4te-d'Or, pour les actes relevant du pouvoir adjudicateur.\nLa pr\u00e9f\u00e8te et de la C\u00f4te-d'Or\nVU la loi n\u00b082-213 du 2 mars 1982 relative aux droits et libert\u00e9s communes, des d\u00e9partements  \net des r\u00e9gions ;\nVU la loi d'orientation n\u00b092-125 du 6 f\u00e9vrier 1992 relative \u00e0 l'administration territoriale de la  \nR\u00e9publique ;\nVU le code des march\u00e9s publics ;\nVU le d\u00e9cret n\u00b092-604 du 1er juillet 1992 modifi\u00e9 portant charte de d\u00e9concentration ;\nVU le d\u00e9cret n\u00b02004-374 du 29 avril 2004 relatif au pouvoir des pr\u00e9fets, \u00e0 l'organisation et \u00e0  \nl'action des services de l'\u00c9tat dans les r\u00e9gions et les d\u00e9partements, modifi\u00e9 par le d\u00e9cret  \nn\u00b02010-146 du 16 f\u00e9vrier 2010 et par le d\u00e9cret  n\u00b02010-687 du 24 juin 2010 ;\nVU le d\u00e9cret n\u00b02009-208 du 20 f\u00e9vrier 2009 relatif au statut particulier des administrateurs des  \nfinances publiques ;\nVU le d\u00e9cret n\u00b02009-707 du 16 juin 2009 modifi\u00e9 relatif aux services d\u00e9concentr\u00e9s de la  \ndirection g\u00e9n\u00e9rale des finances publiques ;\nVU le d\u00e9cret n\u00b0 2012-1246 du 7 novembre 2012 relatif \u00e0 la gestion budg\u00e9taire et comptable  \npublique ;\nVU le  d\u00e9cret  du  8  avril  2026,  nommant  Mme  Violaine  DEMARET  pr\u00e9f\u00e8te  de  la  r\u00e9gion  \nBourgogne-Franche-Comt\u00e9, pr\u00e9f\u00e8te de la C\u00f4te-d'Or ;\nVU le d\u00e9cret du 16 avril 2026 par lequel M. Jean-Luc BRENNER, administrateur de l'\u00c9tat du  \ngrade  transitoire  ,  est  nomm\u00e9  directeur  r\u00e9gional   des  finances  publiques  de  Bourgogne-\nFranche-Comt\u00e9 et du d\u00e9partement de la C\u00f4te-d'Or ;\nVU l'arr\u00eat\u00e9 du Ministre de l'\u00e9conomie et des finances du 4 juin 2025 portant affectation de M.  \nPatrick SALL\u00c8S ing\u00e9nieur g\u00e9n\u00e9ral des Mines ,\u00e0 la direction r\u00e9gionale des finances publiques de  \nla Bourgogne et du d\u00e9partement de la C\u00f4te-d'Or ;\nVU l'arr\u00eat\u00e9 pr\u00e9fectoral  n\u00b0 340 / SG du 12 f\u00e9vrier 2026 , donnant d\u00e9l\u00e9gation de signature \u00e0 M.  \nEtienne LEPAGE, administrateur de l'\u00c9tat du 2\u00e8me grade, en charge de l'int\u00e9rim de la direction  \nr\u00e9gionale des finances publiques de Bourgogne-Franche-Comt\u00e9 et du d\u00e9partement de la C\u00f4te-\nd'Or, pour les actes relevant du pouvoir adjudicateur\nPr\u00e9fecture de la C\u00f4te-d'Or - 21-2026-04-27-00041 - ARR\u00eaT\u00e9 PR\u00e9FECTORAL n\u00b0  813    / SG du  27 avril 2026 donnant d\u00e9l\u00e9gation de\nsignature \u00e0 Mr Jean-Luc BRENNER, administrateur de l'\u00c9tat du grade transitoire , directeur r\u00e9gional des finances publiques de\nBourgogne-Franche-Comt\u00e9 et du d\u00e9partement de la C\u00f4te-d'Or, pour les actes relevant du pouvoir adjudicateur.\n58\nVu l'arr\u00eat\u00e9 pr\u00e9fectoral  n\u00b0 801 / SG du 27 avril 2026 \u00e0  M. Jean-Luc BRENNER, administrateur  \nde  l'\u00c9tat  du  grade  transitoire  ,  directeur  r\u00e9gional  des  finances  publiques  de  Bourgogne-\nFranche-Comt\u00e9 et du d\u00e9partement de la C\u00f4te-d'Or, \u00e0 l'effet de  signer, dans la mesure o\u00f9 ils  \nrel\u00e8vent de ses attributions, les actes relevant du pouvoir adjudicateur, \u00e0 l'exception de ceux  \nportant engagement, liquidation et ordonnancement au sens du d\u00e9cret n\u00b0 2012-1246 du 7  \nnovembre 2012.\nSUR proposition de M. le secr\u00e9taire g\u00e9n\u00e9ral de la pr\u00e9fecture de la C\u00f4te-d'Or;\nA R R E T E\nArticle 1 : L'arr\u00eat\u00e9 pr\u00e9fectoral n\u00b0 801 / SG du 27 avril 2026 donnant d\u00e9l\u00e9gation de signature \u00e0 \nM. Jean-Luc BRENNER, administrateur de l'\u00c9tat du grade transitoire , directeur r\u00e9gional des  \nfinances publiques de Bourgogne-Franche-Comt\u00e9 et du d\u00e9partement de la C\u00f4te-d'Or, \u00e0 l'effet  \nde signer, dans la mesure o\u00f9 ils rel\u00e8vent de ses attributions, les actes relevant du pouvoir  \nadjudicateur, \u00e0 l'exception de ceux portant engagement, liquidation et ordonnancement au sens  \ndu d\u00e9cret n\u00b0 2012-1246 du 7 novembre 2012 , et toutes dispositions ant\u00e9rieures contraires au  \npr\u00e9sent arr\u00eat\u00e9 sont abrog\u00e9s.\nArticle 2     :   D\u00e9l\u00e9gation de signature est donn\u00e9e \u00e0  M. Jean-Luc BRENNER, administrateur de  \nl'\u00c9tat du grade transitoire , directeur r\u00e9gional des finances publiques de Bourgogne-Franche-\nComt\u00e9 et du d\u00e9partement de la C\u00f4te-d'Or , \u00e0 l'effet de signer, dans la mesure o\u00f9 ils rel\u00e8vent de  \nses  attributions,  les  actes  relevant  du  pouvoir  adjudicateur,  \u00e0  l'exception  de  ceux  portant  \nengagement, liquidation et ordonnancement au sens du d\u00e9cret n\u00b0 2012-1246 du 7 novembre  \n2012.\nArticle 3     :   D\u00e9l\u00e9gation est donn\u00e9e \u00e0 M . Patrick  SALL\u00c8S  , responsable du p\u00f4le pilotage et  \nressources \u00e0 la direction r\u00e9gionale des finances publiques de Bourgogne-Franche-Comt\u00e9 et du  \nd\u00e9partement  de  la  C\u00f4te-d'Or,  \u00e0  l'effet  de  signer,  dans  la  mesure  o\u00f9  ils  rel\u00e8vent  de  ses  \nattributions, les actes d'ordonnancement secondaire relevant du pouvoir adjudicateur.\nArticle 4     :   Mrs Jean-Luc BRENNER et Patrick SALL\u00c8S  peuvent, en tant que de besoin et sous \nleur responsabilit\u00e9, donner d\u00e9l\u00e9gation de signature aux agents plac\u00e9s sous leur autorit\u00e9 dans  \nles conditions pr\u00e9vues par l'article 44 du d\u00e9cret n\u00b02004-374 du 29 avril 2004 modifi\u00e9.\nArticle 5: Le secr\u00e9taire g\u00e9n\u00e9ral de la pr\u00e9fecture de la C\u00f4te-d'Or et le  directeur r\u00e9gional des \nfinances  publiques  de  Bourgogne-Franche-Comt\u00e9  et  du  d\u00e9partement  de  la  C\u00f4te-d'Or  sont \ncharg\u00e9s, chacun en ce qui  le concerne, de l'ex\u00e9cution du pr\u00e9sent arr\u00eat\u00e9 qui sera publi\u00e9 au  \nrecueil des actes administratifs de la pr\u00e9fecture de la C\u00f4te-d'Or.\nFait \u00e0 Dijon, le 27 avril 2026\nLa pr\u00e9f\u00e8te,\nSIGNE\nViolaine DEMARET\nVoies et d\u00e9lais de recours\nLa  pr\u00e9sente  d\u00e9cision  peut  faire  l'objet  d'un  recours  contentieux,  aupr\u00e8s  du  tribunal  \nadministratif de Dijon, 22 rue d'Assas \u2013 B.P . 61616 \u2013 21 016 DIJON CEDEX dans un d\u00e9lai de  \ndeux (2) mois \u00e0 compter de la publication de la d\u00e9cision.\nPr\u00e9fecture de la C\u00f4te-d'Or - 21-2026-04-27-00041 - ARR\u00eaT\u00e9 PR\u00e9FECTORAL n\u00b0  813    / SG du  27 avril 2026 donnant d\u00e9l\u00e9gation de\nsignature \u00e0 Mr Jean-Luc BRENNER, administrateur de l'\u00c9tat du grade transitoire , directeur r\u00e9gional des finances publiques de\nBourgogne-Franche-Comt\u00e9 et du d\u00e9partement de la C\u00f4te-d'Or, pour les actes relevant du pouvoir adjudicateur.\n59\nDans  le  m\u00eame  d\u00e9lai  de  2  mois,  un  recours  gracieux  peut  .  Le  silence  gard\u00e9  par  \nl'administration pendant plus deux mois sur la demande de recours gracieux emporte  \nd\u00e9cision implicite de rejet de cette demande, conform\u00e9ment \u00e0 l'article R. 421-2 du  de  \njustice  administrative.  Celui-ci  prolonge  le  d\u00e9lai  de  recours  contentieux  qui  doit  \u00eatre  \nintroduit dans les 2 mois suivant la r\u00e9ponse.\nLe tribunal administratif peut \u00eatre saisi par un recours d\u00e9pos\u00e9 via l'application T\u00e9l\u00e9recours \ncitoyens accessible par le site internet : www.telerecours.fr\nPr\u00e9fecture de la C\u00f4te-d'Or - 21-2026-04-27-00041 - ARR\u00eaT\u00e9 PR\u00e9FECTORAL n\u00b0  813    / SG du  27 avril 2026 donnant d\u00e9l\u00e9gation de\nsignature \u00e0 Mr Jean-Luc BRENNER, administrateur de l'\u00c9tat du grade transitoire , directeur r\u00e9gional des finances publiques de\nBourgogne-Franche-Comt\u00e9 et du d\u00e9partement de la C\u00f4te-d'Or, pour les actes relevant du pouvoir adjudicateur.\n60","date":"2026-04-28","first_seen_on":"2026-04-28T19:32:38+00:00","id":"5bb3fff6bf8623779be302702217af1eb713c07a47ee3c43a3c3bf3df57e5353","name":"RAA n\u00b0 075 du 28 avril 2026","pdf_creation_date":"2026-04-28T14:29:46+00:00","pdf_modification_date":null,"timezone":"Europe/Paris","url":"https://www.cote-dor.gouv.fr/contenu/telechargement/26083/199532/file/recueil-21-2026-075-recueil-des-actes-administratifs-nominatifs.pdf"}
