{"administration":"pref30","administration_name":"Pr\u00e9fecture du Gard","content":"PR\u00c9FET\nDU GARD\nRECUEIL DES ACTES\nADMINISTRATIFS\nN\u00b030-2025-153\nPUBLI\u00c9 LE 29 AO\u00dbT 2025\nSommaire\nAgence R\u00e9gionale de la Sant\u00e9- d\u00e9l\u00e9gation d\u00e9partementale du Gard\n/\n30-2025-08-28-00005 - Arr\u00eat\u00e9 modifiant l'autorisation de distribuer de\nl'eau destin\u00e9e \u00e0 la consommation humaine \u00e0 partir d'un captage\npublic Forage de Cannac  - Commune de Combas (3 pages) Page 4\n30-2025-08-28-00006 - Arr\u00eat\u00e9 modifiant l'autorisation de distribuer de\nl'eau destin\u00e9e \u00e0 la consommation humaine \u00e0 partir d'un captage\npublic Forage de Cannac - Commune de Combas Forage du Mas des\nLecques  - Commune de Beaucaire (2 pages) Page 8\n30-2025-08-28-00001 - arr\u00eat\u00e9 portant r\u00e9quisition d'officines de\npharmacie  (2 pages) Page 11\n30-2025-08-27-00001 - Arr\u00eat\u00e9 pr\u00e9fectoral portant r\u00e9quisition d'un\npersonnel naviguant (pilote et assistant de vol) afin de garantir la\ncontinuit\u00e9 de l'activit\u00e9 H\u00e9liSMUR dans le cadre de l'aide m\u00e9dicale\nurgente les vendredi 29, samedi 30, dimanche 31 ao\u00fbt et lundi 01, mardi\n02, mercredi 03, jeudi 04 septembre 2025 de 08h00 \u00e0 20h00 (heure de\nParis). (4 pages) Page 14\nDirection D\u00e9partementale des Tetrritoires et de la Mer du Gard / SERVICE\nAMENAGEMENT TERRITORIAL CEVENNES\n30-2025-08-22-00004 - arr\u00eat\u00e9 portant retrait et opposition \u00e0 une\nd\u00e9claration pr\u00e9alable n\u00b0 DP 030 234 25 00002 d\u00e9pos\u00e9e par SAS\nCENTRALE SOLAIRE UNO DU GARD pour l'installation d'une centrale\nagrivolta\u00efque au sol sur la commune de ST-BENEZET (10 pages) Page 19\nPrefecture du Gard /\n30-2025-08-27-00004 - AP autorisant la captation, l'enregistrement et la\ntransmission d'images\nau moyen de cam\u00e9ras install\u00e9es sur des\na\u00e9ronefs  Villeneuve les Avignon -04-09 au 04-10-25 (6 pages) Page 30\n30-2025-08-27-00005 - AP autorisant la captation, l'enregistrement et la\ntransmission d'images\nau moyen de cam\u00e9ras install\u00e9es sur des\na\u00e9ronefs sur N\u00eemes Chemin Bas d'Avignon, Clos d'Orville et Mas de\nMingue du 10 au 21-09-25 (6 pages) Page 37\n30-2025-08-22-00002 - AP DE CONVOCATION DES ELECTEURS POUR\nL'ELECTION 2025 DES JUGES AU TRIUBNAL DE COMMERCE DE NIMES (6\npages) Page 44\n30-2025-08-27-00003 - ARR\u00caT\u00c9 N\u00b030-2025-08-27-00003\nautorisant la\ncaptation, l'enregistrement et la transmission d'images\nau moyen\nde cam\u00e9ras install\u00e9es sur des a\u00e9ronefs LES ANGLES  -4 -09 au\n04-10-25 (6 pages) Page 51\n2\n30-2025-08-27-00002 - Arr\u00eat\u00e9 pr\u00e9fectoral\nN\u00b030-2025-08-27-00002\nautorisant la captation, l'enregistrement et\nla transmission d'images\nau moyen de cam\u00e9ras install\u00e9es sur des\na\u00e9ronefs (6 pages) Page 58\n3\nAgence R\u00e9gionale de la Sant\u00e9- d\u00e9l\u00e9gation\nd\u00e9partementale du Gard\n30-2025-08-28-00005\nArr\u00eat\u00e9 modifiant l'autorisation de distribuer de\nl'eau destin\u00e9e \u00e0 la consommation humaine \u00e0\npartir d'un captage public Forage de Cannac  -\nCommune de Combas\nAgence R\u00e9gionale de la Sant\u00e9- d\u00e9l\u00e9gation d\u00e9partementale du Gard - 30-2025-08-28-00005 - Arr\u00eat\u00e9 modifiant l'autorisation de\ndistribuer de l'eau destin\u00e9e \u00e0 la consommation humaine \u00e0 partir d'un captage public Forage de Cannac  - Commune de Combas 4\n| af 5 Agence R\u00e9gionale de Sant\u00e9PREFET D\u00e9l\u00e9gation D\u00e9partementale du GardDU GARDLibert\u00e9Egalit\u00e9Fraternit\u00e9 ARRETE n\u00b0Modifiant l'autorisation de distribuer de l'eau destin\u00e9e \u00e0 la consommation humaine \u00e0partir d'un captage publicForage de Cannac - Commune de Combas\nLE PREFET DU GARDChevalier de la L\u00e9gion d'Honneur,Chevalier de l'ordre nationale du M\u00e9rite,\nVu le Code de la Sant\u00e9 Publique et notamment les articles L1321-1 \u00e0 L1321-10 et R1321-1 \u00e0 R. 1321-63 ;Vu le Code de l'Environnement et notamment les articles L.214-1 \u00e0 L.214-6, L.214-8 etL.215-13 ;Vu le Code Minier et notamment l'article 131;Vu le Code Forestier et notamment les articles R141-30 \u00e0 R141-38 ;Vu le d\u00e9cret du 13 juillet 2023, portant nomination du pr\u00e9fet du Gard, monsieur J\u00e9r\u00f4meBONET;Vu le d\u00e9cret du 24 avril 2024 portant nomination du secr\u00e9taire g\u00e9n\u00e9ral de la pr\u00e9fecturedu Gard, sous-pr\u00e9fet de Nimes (groupe III) - M. GERARD (Yann) ;Vu l'arr\u00eat\u00e9 n\u00b0 30-2024-10-18-00005 donnant d\u00e9l\u00e9gation de signature a M. Yann GERARD,secr\u00e9taire g\u00e9n\u00e9ral de la pr\u00e9fecture du Gard, sous-pr\u00e9fet de Nimes ;Vu l'arr\u00eat\u00e9 pr\u00e9fectoral n\u00b02007-215-4 du 3 ao\u00fbt 2007 portant d\u00e9claration d'utilit\u00e9publique du projet pr\u00e9sent\u00e9 par la commune de Combas ;Vu la demande du 14 octobre 2022 du maire de Combas souhaitant doubler l'ouvragede captage de l'eau destin\u00e9e \u00e0 la consommation humaine situ\u00e9 au sein du p\u00e9rim\u00e8trede protection imm\u00e9diate au lieu dit Le Bosquet ;Vu l'avis favorable \u00e9mis par l'hydrog\u00e9ologue agr\u00e9\u00e9 d\u00e9sign\u00e9 sur ce dossier, en date du16 juin 2023 ;Consid\u00e9rant les am\u00e9nagements constat\u00e9s par les services de la d\u00e9l\u00e9gationd\u00e9partementale du Gard de l'agence r\u00e9gionale de sant\u00e9 Occitanie le 23 mai 2025 ;6, rue du Mail \u2014 CS 21001 \u2014 30906 NIMES CEDEX 2T\u00e9l. : 04.66.76.80.00 \u2014 Fax : 04.66.76.09.10 \u2014 www.ars.occitanie.sante.fr\nAgence R\u00e9gionale de la Sant\u00e9- d\u00e9l\u00e9gation d\u00e9partementale du Gard - 30-2025-08-28-00005 - Arr\u00eat\u00e9 modifiant l'autorisation de\ndistribuer de l'eau destin\u00e9e \u00e0 la consommation humaine \u00e0 partir d'un captage public Forage de Cannac  - Commune de Combas 5\nConsid\u00e9rant que les conditions d'exploitation de la ressource demeurent inchang\u00e9es ;Sur proposition du directeur g\u00e9n\u00e9ral de l'agence r\u00e9gionale de sant\u00e9 Occitanie ;\nArr\u00eateArticle 1erL'article 2 de l'arr\u00eat\u00e9 pr\u00e9fectoral n\u00b02007-215-4 du 3 ao\u00fbt 2007 portant d\u00e9clarationd'utilit\u00e9 publique du projet pr\u00e9sent\u00e9 par la commune de Combas pr\u00e9cisant lalocalisation et les caract\u00e9ristiques de captage est remplac\u00e9 par :\u00ab Les caract\u00e9ristiques sp\u00e9cifiques de l'ouvrage de pr\u00e9l\u00e8vement sont :Nom de l'ouvrage Forage F79 Forage Fe_2022Commune COMBAS COMBASLocalisation cadastrale |D1445 D 1445Coordonn\u00e9es X : 789 093 m X : 789 109 m(Lambert 93) Y: 6306229m Y : 6 306 246mZ:115m Z:95mProfondeur 88 m 77 mCode BSS BSSOO2ERRW BSSOO4FGVBCode SISE EAUX CAP : 144 CAP : 144Ann\u00e9e de construction |1979 2022Ces forages exploitent l'aquif\u00e9re karstique des calcaires Urgoniens du Bois de Lensportant le num\u00e9ro 149c dans la nomenclature du BRGM. \u00bbArticle 2Le pr\u00e9sent arr\u00eat\u00e9 peut faire l'objet d'un recours gracieux aupr\u00e8s de monsieur le pr\u00e9fetdu Gard, dans un d\u00e9lai de deux mois suivant la notification du pr\u00e9sent arr\u00eat\u00e9.L'absence de r\u00e9ponse dans un d\u00e9lai de deux mois vaut d\u00e9cision implicite de rejet.Le pr\u00e9sent arr\u00eat\u00e9 peut \u00e9galement faire l'objet d'un recours hi\u00e9rarchique aupr\u00e8s duministre charg\u00e9 de la sant\u00e9 (Direction g\u00e9n\u00e9rale de la sant\u00e9- EA 2-14, avenue Duquesne,75350 Paris 07 SP) dans un d\u00e9lai de deux mois suivant sa notification. L'absence der\u00e9ponse dans un d\u00e9lai de deux mois vaut d\u00e9cision implicite de rejet.Un recours contentieux peut \u00eatre \u00e9galement d\u00e9pos\u00e9 aupr\u00e8s du tribunal administratifde N\u00eemes situ\u00e9 16 avenue Feuch\u00e8res CS 88010 - 30941 N\u00eemes Cedex 09, dans le d\u00e9laide deux mois \u00e0 compter de sa notification ou dans le d\u00e9lai de deux mois \u00e0 partir de lar\u00e9ponse de l'administration si un recours administratif a \u00e9t\u00e9 d\u00e9pos\u00e9.Le tribunal administratif peut \u00e9galement \u00eatre saisi par l'application informatique\u00ab T\u00e9l\u00e9recours Citoyens \u00bb accessible par le site internet \u00ab www.telerecours.fr \u00bb.\nAgence R\u00e9gionale de la Sant\u00e9- d\u00e9l\u00e9gation d\u00e9partementale du Gard - 30-2025-08-28-00005 - Arr\u00eat\u00e9 modifiant l'autorisation de\ndistribuer de l'eau destin\u00e9e \u00e0 la consommation humaine \u00e0 partir d'un captage public Forage de Cannac  - Commune de Combas 6\nArticle 3Le secr\u00e9taire g\u00e9n\u00e9ral de la pr\u00e9fecture du Gard, le maire de Combas, le directeurd\u00e9partemental des territoires et de la mer du Gard, le directeur d\u00e9partemental de laprotection des populations, le directeur g\u00e9n\u00e9ral de l'agence r\u00e9gionale de sant\u00e9Occitanie, sont charg\u00e9s chacun en ce qui le concerne, de l'ex\u00e9cution du pr\u00e9sent arr\u00eat\u00e9qui sera publi\u00e9 au recueil des actes administratifs.\nN\u00eemes, leLe pr\u00e9fet,sfet,\n28/08/2025\nAgence R\u00e9gionale de la Sant\u00e9- d\u00e9l\u00e9gation d\u00e9partementale du Gard - 30-2025-08-28-00005 - Arr\u00eat\u00e9 modifiant l'autorisation de\ndistribuer de l'eau destin\u00e9e \u00e0 la consommation humaine \u00e0 partir d'un captage public Forage de Cannac  - Commune de Combas 7\nAgence R\u00e9gionale de la Sant\u00e9- d\u00e9l\u00e9gation\nd\u00e9partementale du Gard\n30-2025-08-28-00006\nArr\u00eat\u00e9 modifiant l'autorisation de distribuer de\nl'eau destin\u00e9e \u00e0 la consommation humaine \u00e0\npartir d'un captage public Forage de Cannac -\nCommune de Combas Forage du Mas des\nLecques  - Commune de Beaucaire\nAgence R\u00e9gionale de la Sant\u00e9- d\u00e9l\u00e9gation d\u00e9partementale du Gard - 30-2025-08-28-00006 - Arr\u00eat\u00e9 modifiant l'autorisation de\ndistribuer de l'eau destin\u00e9e \u00e0 la consommation humaine \u00e0 partir d'un captage public Forage de Cannac - Commune de Combas\nForage du Mas des Lecques  - Commune de Beaucaire\n8\nE a Agence R\u00e9gionale de Sant\u00e9PRE FET D\u00e9l\u00e9gation D\u00e9partementale du GardDU GARDLibert\u00e9Egalit\u00e9Fraternit\u00e9 ARRETE n\u00b0Modifiant l'autorisation de distribuer de l'eau destin\u00e9e \u00e0 la consommation humaine \u00e0partir d'un captage priv\u00e9Forage du Mas des Lecques - Commune de Beaucaire\nLE PREFET DU GARDChevalier de la L\u00e9gion d'Honneur,Chevalier de l'ordre nationale du M\u00e9rite,\nVu le Code de la Sant\u00e9 Publique et notamment les articles L.1321-1 \u00e0 L1321-10 et R1321-1 \u00e0 R. 1321-63 ;Vu le Code de l'Environnement et notamment les articles L.214-1 \u00e0 L.214-6, L.214-8 etL.215-13 ;Vu le Code Minier et notamment l'article 131 ;Vu le Code Forestier et notamment les articles R141-30 a R141-38 ;Vu le d\u00e9cret du 13 juillet 2023, portant nomination du pr\u00e9fet du Gard, monsieur J\u00e9r\u00f4meBONET;Vu le d\u00e9cret du 24 avril 2024 portant nomination du secr\u00e9taire g\u00e9n\u00e9ral de la pr\u00e9fecturedu Gard, sous-pr\u00e9fet de Nimes (groupe III) - M. GERARD (Yann) ;Vu l'arr\u00eat\u00e9 n\u00b0 30-2024-10-18-00005 donnant d\u00e9l\u00e9gation de signature \u00e0 M. Yann GERARD,secr\u00e9taire g\u00e9n\u00e9ral de la pr\u00e9fecture du Gard, sous-pr\u00e9fet de Nimes ;Vu l'arr\u00eat\u00e9 pr\u00e9fectoral n\u00b030-2015-11-25-001 du 25 novembre 2015 portant autorisationd'utiliser, au titre du code de la sant\u00e9 publique, de l'eau provenant du captage priv\u00e9dit \u00ab Forage du Mas des Lecques \u00bb situ\u00e9 sur le territoire de la commune de Beaucaire,pour la consommation humaine de la soci\u00e9t\u00e9 civile immobili\u00e8re \u00ab Aux Bois \u00bb ;Vu la demande du 15 d\u00e9cembre 2024 de la famille JALOUX-SOUQUIERE demandant lamodification du b\u00e9n\u00e9ficiaire de l'arr\u00eat\u00e9 pr\u00e9fectoral susmentionn\u00e9 ;Consid\u00e9rant l'attestation du 7 novembre 2024, produite par Ma\u00eetre CharlotteLUSINCHI, notaire \u00e0 Paris, prouvant que la SARL Mas des Lecques, dont le si\u00e8ge est \u00e0Beaucaire (30300), 164 chemin de V\u00e9g\u00e8re ;Consid\u00e9rant que les conditions d'exploitation de la ressource demeurent inchang\u00e9es ;6, rue du Mail \u2014 CS 21001 \u2014 30906 NIMES CEDEX 2TAIL . NA LEW ON NN Daw - NA LLNTILNQGIN areas neo annitania canta fr\nAgence R\u00e9gionale de la Sant\u00e9- d\u00e9l\u00e9gation d\u00e9partementale du Gard - 30-2025-08-28-00006 - Arr\u00eat\u00e9 modifiant l'autorisation de\ndistribuer de l'eau destin\u00e9e \u00e0 la consommation humaine \u00e0 partir d'un captage public Forage de Cannac - Commune de Combas\nForage du Mas des Lecques  - Commune de Beaucaire\n9\nSur proposition du directeur g\u00e9n\u00e9ral de l'agence r\u00e9gionale de sant\u00e9 Occitanie ;\nArr\u00e9teArticle 1erL'arr\u00eat\u00e9 pr\u00e9fectoral n\u00b030-2015-11-25-001 du 25 novembre 2015 portant autorisationd'utiliser, au titre du code de la sant\u00e9 publique, de l'eau provenant du captage priv\u00e9dit \u00ab Forage du Mas des Lecques \u00bb situ\u00e9 sur le territoire de la commune de Beaucaire,pour la consommation humaine de la soci\u00e9t\u00e9 civile immobili\u00e9re \u00ab Aux Bois \u00bb , demeureen vigueur et est applicable a la SARL Mas des Lecques, identifi\u00e9e au SIREN sous lenum\u00e9ro 932286271 et immatricul\u00e9e au registre du Commerce des Soci\u00e9t\u00e9s de Nimes,dont le si\u00e8ge se situe 164 chemin de V\u00e9g\u00e8re \u00e0 Beaucaire (30300).Article 2Le pr\u00e9sent arr\u00eat\u00e9 peut faire l'objet d'un recours gracieux aupr\u00e8s de monsieur le pr\u00e9fetdu Gard, dans un d\u00e9lai de deux mois suivant la notification du pr\u00e9sent arr\u00eat\u00e9.L'absence de r\u00e9ponse dans un d\u00e9lai de deux mois vaut d\u00e9cision implicite de rejet.Le pr\u00e9sent arr\u00eat\u00e9 peut \u00e9galement faire l'objet d'un recours hi\u00e9rarchique aupr\u00e8s duministre charg\u00e9 de la sant\u00e9 (Direction g\u00e9n\u00e9rale de la sant\u00e9- EA 2-14, avenue Duquesne,75350 Paris 07 SP) dans un d\u00e9lai de deux mois suivant sa notification. L'absence der\u00e9ponse dans un d\u00e9lai de deux mois vaut d\u00e9cision implicite de rejet.Un recours contentieux peut \u00eatre \u00e9galement d\u00e9pos\u00e9 aupr\u00e8s du tribunal administratifde N\u00eemes situ\u00e9 16 avenue Feuch\u00e8res CS 88010 - 30941 N\u00eemes Cedex 09, dans le d\u00e9laide deux mois \u00e0 compter de sa notification ou dans le d\u00e9lai de deux mois \u00e0 partir de lar\u00e9ponse de l'administration si un recours administratif a \u00e9t\u00e9 d\u00e9pos\u00e9.Le tribunal administratif peut \u00e9galement \u00eatre saisi par l'application informatique\u00ab T\u00e9l\u00e9recours Citoyens \u00bb accessible par le site internet \u00ab www.telerecours.fr \u00bb.Article 3Le secr\u00e9taire g\u00e9n\u00e9ral de la pr\u00e9fecture du Gard, le maire de Beaucaire, le directeurd\u00e9partemental des territoires et de la mer du Gard, le directeur d\u00e9partemental de laprotection des populations, le directeur g\u00e9n\u00e9ral de l'agence r\u00e9gionale de sant\u00e9Occitanie, sont charg\u00e9s chacun en ce qui le concerne, de l'ex\u00e9cution du pr\u00e9sent arr\u00eat\u00e9qui sera publi\u00e9 au recueil des actes administratifs.\nN\u00eemes, leLe pr\u00e9fet,Pour le pr\u00e9fet,le secre (Fe g\u00e9n\u00e9ralmu\n28/08/2025\nAgence R\u00e9gionale de la Sant\u00e9- d\u00e9l\u00e9gation d\u00e9partementale du Gard - 30-2025-08-28-00006 - Arr\u00eat\u00e9 modifiant l'autorisation de\ndistribuer de l'eau destin\u00e9e \u00e0 la consommation humaine \u00e0 partir d'un captage public Forage de Cannac - Commune de Combas\nForage du Mas des Lecques  - Commune de Beaucaire\n10\nAgence R\u00e9gionale de la Sant\u00e9- d\u00e9l\u00e9gation\nd\u00e9partementale du Gard\n30-2025-08-28-00001\narr\u00eat\u00e9 portant r\u00e9quisition d'officines de\npharmacie \nAgence R\u00e9gionale de la Sant\u00e9- d\u00e9l\u00e9gation d\u00e9partementale du Gard - 30-2025-08-28-00001 - arr\u00eat\u00e9 portant r\u00e9quisition d'officines de\npharmacie 11\npair ArPREFETD U GA R D @ ) Agence R\u00e9gionale de Sant\u00e9FT OccitanieLibert\u00e9\u00c9galit\u00e9Fraternit\u00e9 D\u00e9l\u00e9gation d\u00e9partementale du GardLe pr\u00e9fet du GardChevalier de la L\u00e9gion d'honneurChevalier de l'Ordre national du M\u00e9riteArr\u00eat\u00e9 portant r\u00e9quisition d'officines de pharmacieVU le code de la sant\u00e9 publique et notamment les articles L.5125-17 et R.4235-49 ;VU le code g\u00e9n\u00e9ral des collectivit\u00e9s territoriales et notamment les articles L.2212-2 et L.2215-1 ;VU le d\u00e9cret n\u00b0 2004-374 du 29 avril 2004 modifi\u00e9 relatif aux pouvoirs des pr\u00e9fets ;VU le d\u00e9cret n\u00b02010-336 du 31 mars 2010 portant cr\u00e9ation des agences r\u00e9gionales de sant\u00e9 ;VU le d\u00e9cret du 20 avril 2022 portant nomination de Monsieur Didier JAFFRE en qualit\u00e9 dedirecteur g\u00e9n\u00e9ral de l'agence r\u00e9gionale de sant\u00e9 Occitanie ;VU le d\u00e9cret du 13 juillet 2023 portant nomination du Pr\u00e9fet du Gard, Monsieur J\u00e9r\u00f4me BONET ;VU l'arr\u00eat\u00e9 pr\u00e9fectoral n\u00b030-2024-10-18-00007 du 18 octobre 2024 donnant d\u00e9l\u00e9gation designature \u00e0 Monsieur Emile SOUMBO, sous-pr\u00e9fet de l'arrondissement d'Al\u00e9s ;VU l'arr\u00eat\u00e9 pr\u00e9fectoral n\u00b030-2024-10-18-00008 du 18 octobre 2024 donnant d\u00e9l\u00e9gation designature \u00e0 Madame Anne LEVASSEUR, sous-pr\u00e9f\u00e8te de l'arrondissement du Vigan ;VU l'arr\u00eat\u00e9 pr\u00e9fectoral n\u00b030-2024-10-18-00009 du 18 octobre 2024 donnant d\u00e9l\u00e9gation designature \u00e0 Madame Marie-Charlotte EUVRARD, sous-pr\u00e9f\u00e9te, directrice de cabinet dupr\u00e9fet du Gard ;VU l'arr\u00eat\u00e9 pr\u00e9fectoral n\u00b030-2024-10-18-00005 du 18 octobre 2024 donnant d\u00e9l\u00e9gation designature a Monsieur Yann GERARD, secr\u00e9taire g\u00e9n\u00e9ral de la pr\u00e9fecture du Gard,sous-pr\u00e9fet de Nimes ;VU l'arr\u00eat\u00e9 pr\u00e9fectoral n\u00b030-2024-10-18-00006 du 18 octobre 2024 donnant d\u00e9l\u00e9gation designature \u00e0 Monsieur Mathias NIEPS, sous-pr\u00e9fet, charg\u00e9 de mission aupr\u00e8s du pr\u00e9fet duGard, secr\u00e9taire g\u00e9n\u00e9ral adjoint de la pr\u00e9fecture du Gard ;VU l'arr\u00eat\u00e9 ARS-OC n\u00b02025-5199 en date du 27/08/2025 fixant le service de garde et d'urgencedes officines de pharmacie du Gard ;VU l'appel \u00e0 la gr\u00e8ve des services de garde et d'urgence d\u00e9pos\u00e9 par les organisationsprofessionnelles repr\u00e9sentatives, la F\u00e9d\u00e9ration des Syndicats Pharmaceutiques de France etl'Union des Syndicats de Pharmaciens d'Officine, \u00e0 compter du 1er juillet 2025 et pour une dur\u00e9eind\u00e9termin\u00e9e ;CONSIDERANT l'obligation pour un pharmacien d'officine de participer \u00e0 la mission de servicepublic de la permanence des soins conform\u00e9ment \u00e0 l'article L5125-1-1-A alin\u00e9a 3 du code de lasant\u00e9 publique ; qu'\u00e0 cet effet, le service est organis\u00e9 pour r\u00e9pondre aux besoins de la population\nAgence R\u00e9gionale de la Sant\u00e9- d\u00e9l\u00e9gation d\u00e9partementale du Gard - 30-2025-08-28-00001 - arr\u00eat\u00e9 portant r\u00e9quisition d'officines de\npharmacie 12\nCONSIDERANT le risque de difficult\u00e9 d'approvisionnement en m\u00e9dicaments de la population encas de fermeture d'une d'officine de pharmacie et par voie de cons\u00e9quence le risque sanitairepour les patients ;SUR PROPOSITION du Directeur de la D\u00e9l\u00e9gation d\u00e9partementale de l''ARS du Gard agissantpar d\u00e9l\u00e9gation du Directeur G\u00e9n\u00e9ral de l'Agence R\u00e9gionale de Sant\u00e9 d'Occitanie ;\nARRETEARTICLE 1 : Les officines de pharmacie participant au service de garde et d'urgence sontr\u00e9quisitionn\u00e9es du lundi 01\u00b0 septembre 2025 au dimanche 14 septembre 2025 selon les tableauxjoints en annexe.ARTICLE 2 : Le ou les pharmaciens titulaires de l'officine sont charg\u00e9s de l'organisation de lacontinuit\u00e9 du fonctionnement de leur officine pendant la p\u00e9riode de r\u00e9quisition.ARTICLE 3 : Le pr\u00e9sent arr\u00eat\u00e9 est notifi\u00e9 au(x) titulaire(s) de l'officine.ARTICLE 4 : La pr\u00e9sente r\u00e9quisition prendra fin d\u00e8s la lev\u00e9e du mouvement de gr\u00e8ve par lesorganisations professionnelles repr\u00e9sentatives pr\u00e9cit\u00e9es.ARTICLE 5 : Le recours \u00e9ventuel contre le pr\u00e9sent arr\u00eat\u00e9 doit parvenir au Tribunal Administratifterritorialement comp\u00e9tent dans un d\u00e9lai de deux mois \u00e0 compter de sa notification pour lespersonnes auxquelles il a \u00e9t\u00e9 notifi\u00e9. Le Tribunal Administratif peut \u00eatre saisi par l'applicationinformatique \u00ab T\u00e9l\u00e9recours citoyens \u00bb accessible par le site internet www.telerecours.frARTICLE 6: Monsieur le Pr\u00e9fet du Gard et Monsieur le Directeur de la D\u00e9l\u00e9gationd\u00e9partementale du Gard de l'Agence r\u00e9gionale de sant\u00e9 Occitanie sont charg\u00e9s, chacun en cequi le concerne, de l'ex\u00e9cution du pr\u00e9sent arr\u00eat\u00e9.\nFait \u00e0 N\u00eemes, le\nAgence R\u00e9gionale de la Sant\u00e9- d\u00e9l\u00e9gation d\u00e9partementale du Gard - 30-2025-08-28-00001 - arr\u00eat\u00e9 portant r\u00e9quisition d'officines de\npharmacie 13\nAgence R\u00e9gionale de la Sant\u00e9- d\u00e9l\u00e9gation\nd\u00e9partementale du Gard\n30-2025-08-27-00001\nArr\u00eat\u00e9 pr\u00e9fectoral portant r\u00e9quisition d'un\npersonnel naviguant (pilote et assistant de vol)\nafin de garantir la continuit\u00e9 de l'activit\u00e9\nH\u00e9liSMUR dans le cadre de l'aide m\u00e9dicale\nurgente les vendredi 29, samedi 30, dimanche 31\nao\u00fbt et lundi 01, mardi 02, mercredi 03, jeudi 04\nseptembre 2025 de 08h00 \u00e0 20h00 (heure de\nParis).\nAgence R\u00e9gionale de la Sant\u00e9- d\u00e9l\u00e9gation d\u00e9partementale du Gard - 30-2025-08-27-00001 - Arr\u00eat\u00e9 pr\u00e9fectoral portant r\u00e9quisition d'un\npersonnel naviguant (pilote et assistant de vol) afin de garantir la continuit\u00e9 de l'activit\u00e9 H\u00e9liSMUR dans le cadre de l'aide m\u00e9dicale\nurgente les vendredi 29, samedi 30, dimanche 31 ao\u00fbt et lundi 01, mardi 02, mercredi 03, jeudi 04 septembre 2025 de 08h00 \u00e0 20h00\n(heure de Paris).\n14\nRER ArPREFETDU GARD \u00a9 D Agence R\u00e9gionale de Sant\u00e97 | OccitanieLibert\u00e9Egalit\u00e9PRE D\u00e9l\u00e9gation d\u00e9partementale du Gard. Le pr\u00e9fet du Gard\nLe pr\u00e9fet du. GardChevalier de la L\u00e9gion d'honneurChevalier de l'ordre national du m\u00e9rite\nArr\u00eat\u00e9 pr\u00e9fectoral portant r\u00e9quisition d'un personnel navigant (pilote et assistant de vol)afin de garantir la continuit\u00e9 de l'activit\u00e9 H\u00e9liSMUR dans le cadre de l'aide m\u00e9dicaleurgenteles vendredi 29, samedi 30, dimanche 31 ao\u00fbt 2025 et lundi 01, mardi 02, mercredi 03,jeudi 04 septembre 2025 de 08h00 \u00e0 20h00 (heure de Paris)\nVU l'alin\u00e9a 7 du Pr\u00e9ambule de la Constitution du 27 octobre 1946 ;VU le r\u00e8glement (CE) n\u00b0 216/2008 modifi\u00e9 du Parlement europ\u00e9en et du Conseil du 20 f\u00e9vrier2008 concernant des r\u00e8gles communes dans le domaine de l'aviation civile et instituant uneAgence europ\u00e9enne de la s\u00e9curit\u00e9 a\u00e9rienne, et abrogeant la directive 91/670/CEE du Conseil, ler\u00e8glement (CE) n\u00b0 1592/2002 et la directive 2004/36/CE ;VU la sous-partie \u00ab TC \u00e9quipage technique dans le cadre d'op\u00e9rations SMUH, HHO ou NVIS \u00bb dur\u00e8glement (UE) n\u00b0 965/2012 de la Commission du 5 octobre 2012 d\u00e9terminant les exigencestechniques et les proc\u00e9dures administratives applicables aux op\u00e9rations a\u00e9riennesconform\u00e9ment au r\u00e8glement (CE) n\u00b0 216/2008 du Parlement europ\u00e9en et du Conseil ;VU le code g\u00e9n\u00e9ral des collectivit\u00e9s territoriales et notamment le 4\u00b0 de l'article L. 2215-1 :VU le code de la sant\u00e9 publique et notamment les articles L. 6112-1, L. 6311-1, L. 6311-2, R.6311-1 aR. 6311-7, R. 6123-14 aR. 6123-17, R. 6312-24 aR. 6312-28, et D. 6124-14 \u00e0 D. 6124-16 relatifs \u00e0 l'aide m\u00e9dicale urgente et aux structures mobiles d'urgence et de r\u00e9animation ;VU le d\u00e9cret n\u00b0 2004-374 du 29 avril 2004 relatif aux pouvoirs des pr\u00e9fets et \u00e0 |' action des serviceset organismes publics de l'Etat ;VU le d\u00e9cret n\u00b0 2010-336 du 31 mars 2010 portant cr\u00e9ation des agences r\u00e9gionales de sant\u00e9 ;VU le d\u00e9cret du 20 avril 2022 portant nomination de Monsieur Didier JAFFRE en qualit\u00e9 dedirecteur g\u00e9n\u00e9ral de l'agence r\u00e9gionale de sant\u00e9 Occitanie ;VU le d\u00e9cret du 13 juillet 2023 portant nomination du pr\u00e9fet du Gard, Monsieur J\u00e9r\u00f4me BONET ;VU l'arr\u00eat\u00e9 pr\u00e9fectoral n\u00b030-2024-10-18-00007 du 18 octobre 2024 donnant d\u00e9l\u00e9gation designature a Monsieur Emile SOUMBO, sous-pr\u00e9fet de l'arrondissement d'Al\u00e9s ;\nAgence R\u00e9gionale de la Sant\u00e9- d\u00e9l\u00e9gation d\u00e9partementale du Gard - 30-2025-08-27-00001 - Arr\u00eat\u00e9 pr\u00e9fectoral portant r\u00e9quisition d'un\npersonnel naviguant (pilote et assistant de vol) afin de garantir la continuit\u00e9 de l'activit\u00e9 H\u00e9liSMUR dans le cadre de l'aide m\u00e9dicale\nurgente les vendredi 29, samedi 30, dimanche 31 ao\u00fbt et lundi 01, mardi 02, mercredi 03, jeudi 04 septembre 2025 de 08h00 \u00e0 20h00\n(heure de Paris).\n15\nVU l'arr\u00eat\u00e9 pr\u00e9fectoral n\u00b030-2024-10-18-00008 du 18 octobre 2024 donnant d\u00e9l\u00e9gation designature \u00e0 Madame Anne LEVASSEUR, sous-pr\u00e9f\u00e8te de l'arrondissement du Vigan ;VU l'arr\u00eat\u00e9 pr\u00e9fectoral n\u00b030-2024-10-18-00009 du 18 octobre 2024 donnant d\u00e9l\u00e9gation designature \u00e0 Madame Marie- Charlotte EUVRARD, sous- S-prefete. directrice de cabinet duprefet du Gard ;VU l'arr\u00eat\u00e9 pr\u00e9fectoral n\u00b030-2024-10-18-00005 du 18 octobre 2024 donnant d\u00e9l\u00e9gation designature \u00e0 Monsieur Yann GERARD, secr\u00e9taire g\u00e9n\u00e9ral de la pr\u00e9fecture du Gard,sous-pr\u00e9fet de N\u00eemes ;VU l'arr\u00eat\u00e9 pr\u00e9fectoral n\u00b030-2024-10-18-00006 du 18 octobre 2024 donnant d\u00e9l\u00e9gation designature \u00e0 Monsieur Mathias NIEPS, sous-pr\u00e9fet, charg\u00e9 de mission aupr\u00e8s du pr\u00e9fet duGard, secr\u00e9taire g\u00e9n\u00e9ral adjoint de la pr\u00e9fecture du Gard ;VU l'instruction n\u00b0 DGOS/R2/2015/333 du 10 novembre 2015 relative \u00e0 la mise en conformit\u00e9 desmissions H\u00e9liSMUR avec la r\u00e9glementation europ\u00e9enne de |' aviation civile le 1er janvier 2016 auplus tardVU l'instruction interminist\u00e9rielle n\u00b0 DGOS/R2/DGSCGC/2017/102 du 24 mars 2017 relative auxmoyens h\u00e9liport\u00e9s de la direction g\u00e9n\u00e9rale de la s\u00e9curit\u00e9 civile et de la gestion des crises et des\u00e9tablissements de sant\u00e9 utilis\u00e9s dans le cadre du secours a personne et de l'aide m\u00e9dicaleurgente ;VU la note d'information n\u00b0 DGOS/R2/2016/219 du 4 juillet 2016 relative \u00e0 l'activit\u00e9 SMURh\u00e9liport\u00e9e : Point d'\u00e9tape de la mise en \u0153uvre de la r\u00e9glementation europ\u00e9enne de |'aviation civile\u2014 Composition des \u00e9quipes d'intervention SMUR h\u00e9liport\u00e9esVU le courrier en date du par lequel le Syndicat National des Pilotes de Lignes (SNPL) a d\u00e9pos\u00e9 le16 mai 2025 aupr\u00e9s des soci\u00e9t\u00e9s mettant a disposition des \u00e9tablissements de sant\u00e9 si\u00e9gesd'H\u00e9liSMUR par voie de march\u00e9 public des moyens h\u00e9liport\u00e9s un pr\u00e9avis de gr\u00e8ve national desassistants de vol (TCM) pour la p\u00e9riode du jeudi 29 mai 2025 \u00e0 07h00 au mercredi 4 juin 2025 \u00e006h59 (heure de Paris), p\u00e9riode reconductible ;Consid\u00e9rant les missions de la structure mobile d'urgence et de r\u00e9animation, fix\u00e9es \u00e0 l'article R.6123-15 du code de la sant\u00e9 publique, lesquelles sont les suivantes : \u00ab assurer, en permanence,en tous lieux et prioritairement hors de l'\u00e9tablissement de sant\u00e9 auquel il est rattach\u00e9, la prise encharge d'un patient dont l'\u00e9tat requiert de fa\u00e7on urgente une prise en charge m\u00e9dicale et der\u00e9animation, et, le cas \u00e9ch\u00e9ant, et apr\u00e8s r\u00e9gulation par le SAMU, le transport de ce patient vers un\u00e9tablissement de sant\u00e9 \u00bb, et \u00ab assurer le transfert entre deux \u00e9tablissements de sant\u00e9 d'un patientn\u00e9cessitant une prise en charge m\u00e9dicale pendant le trajet \u00bb ;Consid\u00e9rant qu'en application de l'article D. 6124-13 du code de la sant\u00e9 publique, l'\u00e9quiped'intervention de la structure mobile d'urgence et de r\u00e9animation comprend au moins un m\u00e9decin,un infirmier et un conducteur ou pilote ;Consid\u00e9rant la nature des fonctions de l'assistant de vol, lesquelles consistent \u00e0 assister le pilotependant la mission et \u00e0 porter secours \u00e0 toute personne ayant besoin d une assistance m\u00e9dicaletransport\u00e9e \u00e0 bord de l'h\u00e9licopt\u00e8re ;Consid\u00e9rant la n\u00e9cessit\u00e9 de garantir l'acc\u00e8s aux vecteurs H\u00e9liSMUR dans le cadre de l'aidem\u00e9dicale urgente dans les conditions actuelles du r\u00e9gime de vol SMUH, soit un \u00e9quipageconstitu\u00e9 d'un pilote et d'un assistant de vol, ou de deux pilotes ainsi que de l'\u00e9quipe SMURcompos\u00e9e d'un m\u00e9decin et d'un IDE ;\n2/4\nAgence R\u00e9gionale de la Sant\u00e9- d\u00e9l\u00e9gation d\u00e9partementale du Gard - 30-2025-08-27-00001 - Arr\u00eat\u00e9 pr\u00e9fectoral portant r\u00e9quisition d'un\npersonnel naviguant (pilote et assistant de vol) afin de garantir la continuit\u00e9 de l'activit\u00e9 H\u00e9liSMUR dans le cadre de l'aide m\u00e9dicale\nurgente les vendredi 29, samedi 30, dimanche 31 ao\u00fbt et lundi 01, mardi 02, mercredi 03, jeudi 04 septembre 2025 de 08h00 \u00e0 20h00\n(heure de Paris).\n16\nConsid\u00e9rant l'impact de l'interruption d'activit\u00e9 des assistants de vol sur la disponibilit\u00e9 duvecteur H\u00e9liSMUR ;Consid\u00e9rant la n\u00e9cessit\u00e9 de garantir la continuit\u00e9 de l'activit\u00e9 HeliSMUR r\u00e9gul\u00e9e dans le cadrede l'aide m\u00e9dicale urgente afin de garantir la s\u00e9curit\u00e9 des patients ainsi que la continuit\u00e9 dessoins, mission de service public ;Consid\u00e9rant que l'article L. 2215-1 4\u00b0 du code g\u00e9n\u00e9ral des collectivit\u00e9s territoriales dispose que\u00ab en cas d'urgence, lorsque l'atteinte constat\u00e9e ou pr\u00e9visible au bon ordre, \u00e0 la salubrit\u00e9, \u00e0 latranquillit\u00e9 et a la s\u00e9curit\u00e9 publiques l'exige et que les moyens dont dispose le pr\u00e9fet nepermettent plus de poursuivre les objectifs pour lesquels il d\u00e9tient des pouvoirs de police, celui-cipeut, par arr\u00eat\u00e9 motiv\u00e9, pour toutes les communes du d\u00e9partement ou plusieurs ou une seuled'entre elles, r\u00e9quisitionner tout bien ou service, requ\u00e9rir toute personne n\u00e9cessaire aufonctionnement de ce service ou \u00e0 l'usage de ce bien et prescrire toute mesure utile jusqu'\u00e0 ceque l'atteinte \u00e0 l'ordre public ait pris fin ou que les conditions de son maintien soient assur\u00e9es \u00bb..Consid\u00e9rant le pr\u00e9avis de gr\u00e8ve d\u00e9pos\u00e9 par le Syndicat National des Pilotes de Lignes \u00e0 compterdu 29 mai 2025 de 07h00 heure de Paris jusqu'au 4 juin 2025 06h59 (heure de Paris) ;Consid\u00e9rant la reconduction du pr\u00e9avis de gr\u00e8ve d\u00e9pos\u00e9e par le SNPL \u00e0 compter du mercredi 4juin 2025 \u00e0 7h00 (heure de Paris) pour une dur\u00e9e illimit\u00e9e ;Consid\u00e9rant ainsi qu'il y a lieu de constater l'atteinte pr\u00e9visible a la s\u00e9curit\u00e9 publique parl'existence d'un risque grave pour la sant\u00e9 publique et d'une situation d'urgence ;Consid\u00e9rant dans ces conditions, qu'il convient de prendre des mesures impos\u00e9es par l'urgenceet proportionn\u00e9es aux n\u00e9cessit\u00e9s d'ordre public, au nombre desquelles figurent les imp\u00e9ratifs desant\u00e9 publique en assurant le service de l'activit\u00e9 H\u00e9eliSMUR dans le d\u00e9partement du GARD par lavoie de la r\u00e9quisition des personnels d'assistants de vol ;Sur proposition du Directeur de la D\u00e9l\u00e9gation d\u00e9partementale de l'ARS du Gard agissant pard\u00e9l\u00e9gation du Directeur G\u00e9n\u00e9ral de l'Agence R\u00e9gionale de Sant\u00e9 d'Occitanie\nARRETEArticle 1\u00b0 \u2014 Monsieur Romain GIRARD, assistant de vol demeurant \u00e0 RIBAUTE LES TAVERNES(30), est r\u00e9quisitionn\u00e9 les vendredi 29, samedi 30, dimanche 31 ao\u00fbt 2025 et lundi 01, mardi 02,mercredi 03, jeudi 04 septembre 2025 de 08h00 \u00e0 20h00 {heure de Paris), afin d'assurer lacontinuit\u00e9 de l'activit\u00e9 H\u00e9liSMUR pour le secteur N\u00eemes.Article 2 \u2014 Le pr\u00e9sent arr\u00eat\u00e9 sera notifi\u00e9 individuellement, \u00e0 Monsieur Romain GIRARD.Article 3 \u2014 En cas de refus de d\u00e9f\u00e9rer aux r\u00e9quisitions de l'autorit\u00e9 publique, la personne requises'expose aux sanctions p\u00e9nales ou administratives pr\u00e9vues \u00e0 l'article L. 2215-1 du code g\u00e9n\u00e9raldes collectivit\u00e9s territoriales.Article 4 \u2014 Le pr\u00e9sent arr\u00eat\u00e9 est susceptible dans un d\u00e9lai de deux mois \u00e0 compter de sanotification ou de sa publication de faire l'objet d'une recours contentieux devant le tribunaladministratif territorialement comp\u00e8tent. Le tribunal administratif peut \u00eatre saisi par requ\u00eateadress\u00e9e par lettre recommand\u00e9e avec accus\u00e9 de r\u00e9ception ou de mani\u00e8re d\u00e9mat\u00e9rialis\u00e9e vial'application \u00ab T\u00e9l\u00e9recours citoyen \u00bb accessible sur le site www.telerecours. fr\n3/4\nAgence R\u00e9gionale de la Sant\u00e9- d\u00e9l\u00e9gation d\u00e9partementale du Gard - 30-2025-08-27-00001 - Arr\u00eat\u00e9 pr\u00e9fectoral portant r\u00e9quisition d'un\npersonnel naviguant (pilote et assistant de vol) afin de garantir la continuit\u00e9 de l'activit\u00e9 H\u00e9liSMUR dans le cadre de l'aide m\u00e9dicale\nurgente les vendredi 29, samedi 30, dimanche 31 ao\u00fbt et lundi 01, mardi 02, mercredi 03, jeudi 04 septembre 2025 de 08h00 \u00e0 20h00\n(heure de Paris).\n17\nArticle 5 : Monsieur le pr\u00e9fet du Gard et Monsieur le Directeur de la D\u00e9l\u00e9gation d\u00e9partementale duGard de l'Agence r\u00e9gionale de sant\u00e9 Occitanie sont charg\u00e9s, chacun en ce qui le concerne, del'ex\u00e9cution du pr\u00e9sent arr\u00eat\u00e9 qui sera publi\u00e9 au recueil des actes administratifs de la pr\u00e9fecture duGard et notifi\u00e9 \u00e0 un repr\u00e9sentant l\u00e9gal de la soci\u00e9t\u00e9 exploitant l'activit\u00e9 d'H\u00e9liSMUR.\nFait \u00e0 NIMES, le\n4/4\nAgence R\u00e9gionale de la Sant\u00e9- d\u00e9l\u00e9gation d\u00e9partementale du Gard - 30-2025-08-27-00001 - Arr\u00eat\u00e9 pr\u00e9fectoral portant r\u00e9quisition d'un\npersonnel naviguant (pilote et assistant de vol) afin de garantir la continuit\u00e9 de l'activit\u00e9 H\u00e9liSMUR dans le cadre de l'aide m\u00e9dicale\nurgente les vendredi 29, samedi 30, dimanche 31 ao\u00fbt et lundi 01, mardi 02, mercredi 03, jeudi 04 septembre 2025 de 08h00 \u00e0 20h00\n(heure de Paris).\n18\nDirection D\u00e9partementale des Tetrritoires et de\nla Mer du Gard\n30-2025-08-22-00004\narr\u00eat\u00e9 portant retrait et opposition \u00e0 une\nd\u00e9claration pr\u00e9alable n\u00b0 DP 030 234 25 00002\nd\u00e9pos\u00e9e par SAS CENTRALE SOLAIRE UNO DU\nGARD pour l'installation d'une centrale\nagrivolta\u00efque au sol sur la commune de\nST-BENEZET\nDirection D\u00e9partementale des Tetrritoires et de la Mer du Gard - 30-2025-08-22-00004 - arr\u00eat\u00e9 portant retrait et opposition \u00e0 une\nd\u00e9claration pr\u00e9alable n\u00b0 DP 030 234 25 00002 d\u00e9pos\u00e9e par SAS CENTRALE SOLAIRE UNO DU GARD pour l'installation d'une centrale\nagrivolta\u00efque au sol sur la commune de ST-BENEZET\n19\ndossier n\u00b0 DP 030 234 25 00002E 3PR\u00c9FET date de d\u00e9p\u00f4t : 28 f\u00e9vrier 2025DU GARD demandeur : SAS CENTRALE SOLAIRE UNO DULibert\u00e9 GARD, repr\u00e9sent\u00e9e par Monsieur BOURRELIER\u00c9galit\u00e9 Jean-ClaudeFraternits pour : construction d'une centrale agrivoltaiquede 996 kWc au sol sur la commune de SAINT-BENEZET (30350)adresse terrain : Combe Courte, a Saint-B\u00e9n\u00e9zet(30350)ARRETE N\u00b0portant retrait d'une d\u00e9claration pr\u00e9alable et oppositionau nom de l'\u00c9tat\nLe pr\u00e9fet du Gard,Chevalier de la l\u00e9gion d'honneur,Officier de l'ordre national du m\u00e9rite,Vu la d\u00e9claration pr\u00e9alable pr\u00e9sent\u00e9e le 09 octobre 2024 par la SAS CENTRALE SOLAIRE UNO DU GARD,repr\u00e9sent\u00e9e par M. BOURRELIER Jean-Claude demeurant 1-5 RUE Jean Monnet, Nogent-sur-Marne (94130);Vu l'objet de la d\u00e9claration :* pour la construction d'une centrale agrivolta\u00efque de 996 kWc;* sur Un terrain situ\u00e9 Combe Courte, \u00e0 Saint-B\u00e9n\u00e9zet (30350) ;* pour une surface de plancher cr\u00e9\u00e9e de 14 m\u00b0 ;Vu le code de l'urbanisme ;Vu le code rural et de la p\u00eache maritime ;Vu les pi\u00e8ces fournies en date du 04/04/2025 ;Vu la carte d'al\u00e9as feu de for\u00eat (MTDA) du 17/09/2021 port\u00e9e \u00e0 connaissance de la commune le11/10/2021 ;Vu le port\u00e9 \u00e0 connaissance du 19/04/2011 concernant l'\u00e9volution du zonage sismique dans le Gard ;Vu la lettre du pr\u00e9fet du Gard du 08/04/2011 valant port\u00e9 \u00e0 connaissance concernant le risque retraitgonflement d'argile ;Vu l'avis conforme d\u00e9favorable de Commission d\u00e9partementale de pr\u00e9servation des espaces naturels,agricoles et forestiers en date du 19/06/2025 (copie annex\u00e9e) ;Vu l'avis favorable avec prescriptions du service d\u00e9partemental d'incendie et de secours du Gard en datedu 30/04/2025 (copie annex\u00e9e) ;Vu l'avis r\u00e9put\u00e9 favorable du maire de Saint-B\u00e9n\u00e9zet ;Vu l'arr\u00eat\u00e9 n\u00b0 30-2024-03-21-00007 du 21/03/2024 donnant d\u00e9l\u00e9gation de signature du pr\u00e9fet \u00e0 M. FERRAS\u00e9bastien, directeur d\u00e9partemental des territoires et de la mer du Gard;Vu l'autorisation n\u00e9e tacitement en date du 04/06/2025 ;Vu la lettre de saisine relative \u00e0 la proc\u00e9dure contradictoire notifi\u00e9e le 25/07/2025 ;Vu les observations formul\u00e9es oralement par le b\u00e9n\u00e9ficiaire le 07/08/2025 ;Consid\u00e9rant les dispositions de l'article L111-27 du code de l'urbanisme qui dispose que sont consid\u00e9r\u00e9escomme n\u00e9cessaires \u00e0 l'exploitation agricole, pour l'application des articles L. 111-4, L. 151-11 et L. 161-4 dupr\u00e9sent code, les installations agrivolta\u00efques au sens de l'article L. 314-36 du code de l'\u00e9nergie.Consid\u00e9rant que l'article L.314-36 du code de l'\u00e9nergie pr\u00e9cise que |.-Une installation agrivolta\u00efque estune installation de production d'\u00e9lectricit\u00e9 utilisant l'\u00e9nergie radiative du soleil et dont les modules sontsitu\u00e9s sur Une parcelle agricole o\u00f9 ils contribuent durablement \u00e0 l'installation, au maintien ou aud\u00e9veloppement d'une production agricole ;Il.-Est consid\u00e9r\u00e9e comme agrivoltaique une installation qui apporte directement \u00e0 la parcelle agricole aumoins l'un des services suivants, en garantissant \u00e0 Un agriculteur actif ou \u00e0 une exploitation agricole \u00e0vocation p\u00e9dagogique g\u00e9r\u00e9e par un \u00e9tablissement relevant du titre ler du livre VIII du code rural et de la\nDirection D\u00e9partementale des Tetrritoires et de la Mer du Gard - 30-2025-08-22-00004 - arr\u00eat\u00e9 portant retrait et opposition \u00e0 une\nd\u00e9claration pr\u00e9alable n\u00b0 DP 030 234 25 00002 d\u00e9pos\u00e9e par SAS CENTRALE SOLAIRE UNO DU GARD pour l'installation d'une centrale\nagrivolta\u00efque au sol sur la commune de ST-BENEZET\n20\np\u00eache maritime une production agricole significative et un revenu durable en \u00e9tant issu : 1\u00b0 L'am\u00e9liorationdu potentiel et de l'impact agronomiques ; 2\u00b0 L'adaptation au changement climatique ; 3\u00b0 La protectioncontre les al\u00e9as ; 4\u00b0 L'am\u00e9lioration du bien-\u00e9tre animal ;Ill.-Ne peut pas \u00eatre consid\u00e9r\u00e9e comme agrivoltaique une installation qui porte une atteinte substantielle\u00e0 l'un des services mentionn\u00e9s aux 1\u00b0 \u00e0 4\u00b0 du II ou une atteinte limit\u00e9e \u00e0 deux de ces services.IV.-Ne peut pas \u00eatre consid\u00e9r\u00e9e comme agrivoltaique une installation qui pr\u00e9sente au moins l'une descaract\u00e9ristiques suivantes :1\u00b0 Elle ne permet pas \u00e0 la production agricole d'\u00eatre l'activit\u00e9 principale de la parcelle agricole ; 2\u00b0 Ellen'est pas r\u00e9versible ;V.-Un d\u00e9cret en Conseil d'Etat d\u00e9termine les modalit\u00e9s d'application du pr\u00e9sent article. Il pr\u00e9cise lesservices mentionn\u00e9s aux 1\u00b0 \u00e0 4\u00b0 du Il ainsi qu'une m\u00e9thodologie d\u00e9finissant la production agricolesignificative et le revenu durable en \u00e9tant issu [...] ;Consid\u00e9rant que l'article R.314-117 du code de l'\u00e9nergie dispose que le revenu issu de la productionagricole est consid\u00e9r\u00e9 comme durable lorsque la moyenne des revenus issus de la vente des productionsv\u00e9g\u00e9tales et animales de l'exploitation agricole apr\u00e8s l'implantation de l'installation agrivoltaique n'estpas inf\u00e9rieure \u00e0 la moyenne des revenus issus de la vente des productions v\u00e9g\u00e9tales et animales del'exploitation agricole avant l'implantation de l'installation agrivoltaique, en tenant compte de l'\u00e9volutionde la situation \u00e9conomique g\u00e9n\u00e9rale et de l'exploitation, selon des modalit\u00e9s d\u00e9finies par arr\u00eat\u00e9 ;Consid\u00e9rant que le projet est pr\u00e9sent\u00e9 comme la construction d'une centrale agrivoltaique sur uneparcelle de p\u00e2turage pour ovins de 1,43 ha ;Consid\u00e9rant que les \u00e9l\u00e9ments du dossier font appara\u00eetre une fragilit\u00e9 \u00e9conomique de l'exploitationamorc\u00e9e depuis 2023 avec absence de revenus agricoles en 2024 ;Consid\u00e9rant que le crit\u00e8re de durabilit\u00e9 et significatif du revenu issu de la production agricole n'est pasv\u00e9rifi\u00e9 et que le projet ne d\u00e9montre ainsi pas son caract\u00e8re agrivoltaique ;Consid\u00e9rant par cons\u00e9quent, que le projet ne respecte pas les dispositions de l'article L.111-27 du code del'urbanisme ;Consid\u00e9rant que l'article L111-3 du code de l'urbanisme dispose qu'en l'absence de plan locald'urbanisme, de tout document d'urbanisme en tenant lieu ou de carte communale, les constructions nepeuvent \u00eatre autoris\u00e9es que dans les parties urbanis\u00e9es de la commune ;Consid\u00e9rant que le terrain du projet se situe \u00e0 environ 2,5 km du centre de Saint-B\u00e9n\u00e9zet et \u00e0 environ1,25 km de Maru\u00e9jols-les-Gardon dont il est s\u00e9par\u00e9 par des voies et une vaste plaine agricole vierge detoute construction ;Consid\u00e9rant que le projet se situe \u00e0 proximit\u00e9 d'une seule construction existante au sein d'une vasteplaine \u00e0 vocation agricole ;Consid\u00e9rant en cons\u00e9quence que le projet se trouve en dehors des parties urbanis\u00e9es de la commune ;Consid\u00e9rant par cons\u00e9quent, que le projet ne respecte pas les dispositions de l'article L111-3 du code del'urbanisme ;Consid\u00e9rant qu'en application de l'article L111-4 du code de l'urbanisme, peuvent toutefois \u00eatre autoris\u00e9sen dehors des parties urbanis\u00e9es de la commune :1\u00b0 L'adaptation, le changement de destination, la r\u00e9fection, l'extension des constructions existantes ou laconstruction de b\u00e2timents nouveaux \u00e0 usage d'habitation \u00e0 l'int\u00e9rieur du p\u00e9rim\u00e8tre regroupant lesb\u00e2timents d'une ancienne exploitation agricole, dans le respect des traditions architecturales locales ;2\u00b0 Les constructions et installations n\u00e9cessaires \u00e0 l'exploitation agricole, \u00e0 des \u00e9quipements collectifs d\u00e8slors qu'elles ne sont pas incompatibles avec l'exercice d'une activit\u00e9 agricole, pastorale ou foresti\u00e8re sur leterrain sur lequel elles sont implant\u00e9es, \u00e0 la r\u00e9alisation d'aires d'accueil ou de terrains de passage des gensdu voyage, \u00e0 la mise en valeur des ressources naturelles et \u00e0 la r\u00e9alisation d'op\u00e9rations d'int\u00e9r\u00eat national;2\u00b0 bis Les constructions et installations n\u00e9cessaires \u00e0 la transformation, au conditionnement et \u00e0 lacommercialisation des produits agricoles, lorsque ces activit\u00e9s constituent le prolongement de l'acte deproduction et d\u00e8s lors qu'elles ne sont pas incompatibles avec l'exercice d'une activit\u00e9 agricole, pastoraleou foresti\u00e8re sur le terrain sur lequel elles sont implant\u00e9es. Ces constructions et installations ne peuventpas \u00eatre autoris\u00e9es dans les zones naturelles, ni porter atteinte \u00e0 la sauvegarde des espaces naturels et\nDirection D\u00e9partementale des Tetrritoires et de la Mer du Gard - 30-2025-08-22-00004 - arr\u00eat\u00e9 portant retrait et opposition \u00e0 une\nd\u00e9claration pr\u00e9alable n\u00b0 DP 030 234 25 00002 d\u00e9pos\u00e9e par SAS CENTRALE SOLAIRE UNO DU GARD pour l'installation d'une centrale\nagrivolta\u00efque au sol sur la commune de ST-BENEZET\n21\ndes paysages. L'autorisation d'urbanisme est soumise pour avis \u00e0 la commission d\u00e9partementale de lapr\u00e9servation des espaces naturels, agricoles et forestiers ;3\u00b0 Les constructions et installations incompatibles avec le voisinage des zones habit\u00e9es et l'extensionmesur\u00e9e des constructions et installations existantes ;4\u00b0 Les constructions ou installations, sur d\u00e9lib\u00e9ration motiv\u00e9e du conseil municipal, si celui-ci consid\u00e9reque l'int\u00e9r\u00eat de la commune, en particulier pour \u00e9viter une diminution de la population communale, lejustifie, d\u00e8s lors qu'elles ne portent pas atteinte \u00e0 la sauvegarde des espaces naturels et des paysages, a lasalubrit\u00e9 et \u00e0 la s\u00e9curit\u00e9 publiques, qu'elles n'entra\u00eenent pas un surcro\u00eet important de d\u00e9penses publiqueset que le projet n'est pas contraire aux objectifs vis\u00e9s \u00e0 l'article L101-2 et aux dispositions des chapitres |et Il du titre Il du livre ler ou aux directives territoriales d'am\u00e9nagement pr\u00e9cisant leurs modalit\u00e9sd'application ;Consid\u00e9rant que le projet concerne un agriculteur actuellement cotisant solidaire \u00e0 la MSA, dont lecheptel total porte sur 10 brebis ;Consid\u00e9rant que la r\u00e9alit\u00e9 et le caract\u00e8re significatif de l'activit\u00e9 agricole ne sont pas d\u00e9montr\u00e9es, nonplus que le caract\u00e8re n\u00e9cessaire de la construction par rapport \u00e0 cette activit\u00e9 ;Consid\u00e9rant par cons\u00e9quent, que le projet ne r\u00e9pond \u00e0 aucune des exceptions list\u00e9es \u00e0 l'article L111-4 ducode de l'urbanisme ;Consid\u00e9rant en cons\u00e9quence que le projet ne respecte pas les dispositions l\u00e9gislatives et r\u00e9glementairesapplicables ; ARR\u00caTEArticle 1L'autorisation tacite en date du 04/06/2025 est retir\u00e9e.Article 2Il est fait opposition \u00e0 la d\u00e9claration pr\u00e9alable.\n_La pr\u00e9sente d\u00e9cision peut faire l'objet d'un recours contentieux devant le tribunal administratif|territorialement comp\u00e9tent dans le d\u00e9lai de deux mois \u00e0 compter de la date de sa notification. Ce| recours peut \u00eatre effectu\u00e9 au moyen de l'application informatique \"T\u00e9l\u00e9recours citoyens\" accessible parle site internet www.telerecours.fr.\nDirection D\u00e9partementale des Tetrritoires et de la Mer du Gard - 30-2025-08-22-00004 - arr\u00eat\u00e9 portant retrait et opposition \u00e0 une\nd\u00e9claration pr\u00e9alable n\u00b0 DP 030 234 25 00002 d\u00e9pos\u00e9e par SAS CENTRALE SOLAIRE UNO DU GARD pour l'installation d'une centrale\nagrivolta\u00efque au sol sur la commune de ST-BENEZET\n22\nDirection D\u00e9partementale des Tetrritoires et de la Mer du Gard - 30-2025-08-22-00004 - arr\u00eat\u00e9 portant retrait et opposition \u00e0 une\nd\u00e9claration pr\u00e9alable n\u00b0 DP 030 234 25 00002 d\u00e9pos\u00e9e par SAS CENTRALE SOLAIRE UNO DU GARD pour l'installation d'une centrale\nagrivolta\u00efque au sol sur la commune de ST-BENEZET\n23\n\u00a3 Direction d\u00e9partementalePREFET des territoires et de la merDU GARDLibert\u00e9Fraternit\u00e9Service am\u00e9nagement territorial sud et N\u00eemes, le 49 JA 2025urbanismeAffaire suivie par : Lionel BALADIERT\u00e9l. : 04 66 62 64 79ddtm-cdpenaf@gard.gouv.frAvis rendu par la Commission d\u00e9partementale de pr\u00e9servationdes espaces naturels, agricoles et forestiersS\u00e9ance du 12 juin 2025Document examin\u00e9 :Commune Dossier P\u00e9titionnaire ObjetJean-Claude BOURRELIER, Construction d'uneSAINT-BENEZET | DP 030 234 25 00002 repr\u00e9sentant la SAS Centrale Solaire | centrale agrivolta\u00efque au|UNO DU GARD sol de 996 kWeAvis donn\u00e9 au titre de l'article L. 111-27 du Code de l'urbanisme pour les installations agrivoltaiques ausens de l'article L. 314-36 du Code de l'\u00e9nergie.Selon l'article L111-31 du Code de l'urbanisme, la CDPENAF doit auditionner le p\u00e9titionnaire.Monsieur Jean-Claude BOURRELIER a \u00e9t\u00e9 convoqu\u00e9 le 4 juin 2025 et s'est fait repr\u00e9senter aupr\u00e8s de cettecommission lors de la s\u00e9ance du 12 juin 2025.Monsieur Jean-Claude BOURRELIER, repr\u00e9sentant la SAS Centrale Solaire UNO DU GARD, a d\u00e9pos\u00e9 uned\u00e9claration pr\u00e9alable pour l'installation d'une centrale agrivolta\u00efque au sol, relevant de l'article L. 314-36du Code de l'\u00e9nergie, sur une prairie permanente p\u00e2tur\u00e9e par des ovins. et exploit\u00e9e parMonsieur BRUNEL depuis 2018.Ce dernier est affili\u00e9 \u00e0 la MSA en qualit\u00e9 de cotisant solidaire depuis le 01/01/2018.Monsieur BRUNEL, qui \u00e9l\u00e8ve sept brebis, souhaite d\u00e9velopper son cheptel gr\u00e2ce \u00e0 une installationagrivoltaique au sol et disposer ainsi d'un compl\u00e9ment de revenus lui permettant d'acheter du foin enp\u00e9riode de s\u00e9cheresse. Monsieur BRUNEL d\u00e9clare la pr\u00e9sence d'une bergerie et d'un tunnel agricole sur lesite des travaux.Ce projet agrivoltaique permettra de s\u00e9curiser la parcelle par la r\u00e9alisation d'une cl\u00f4ture continue qui larendra paturable toute l'ann\u00e9e, gr\u00e2ce \u00e0 l'abri et \u00e0 l'ombre port\u00e9e que fourniront les 1600 panneauxphotovolta\u00efques, d'une puissance de 996 kWc. La production annuelle attendue d'\u00e9lectricit\u00e9 est de1,5 Gwh/an.Apr\u00e8s audition des repr\u00e9sentants de Monsieur Jean-Claude BOURRELIER, les membres de la commissionrel\u00e8vent que : |- le b\u00e9n\u00e9fice de ce projet pour l'exploitation et notamment la production agricole, n'est pas d\u00e9montr\u00e9,- le maintien d'un revenu pour l'agriculteur n'est pas assur\u00e9,- le caract\u00e8re agrivolta\u00efque de l'installation n'est pas d\u00e9montr\u00e9 au regard des \u00e9l\u00e9ments du Code del'\u00e9nergie et rel\u00e8verait plut\u00f4t d'une centrale photovolta\u00efque au sol.Apr\u00e8s d\u00e9lib\u00e9ration de ses membres, la commission donne un avis d\u00e9favorable 17 it\u00e9consid\u00e9rant que ni la r\u00e9alit\u00e9 de l'activit\u00e9 agricole, ni le b\u00e9n\u00e9fice du projet pourkexpleftationsn\u00e9 sontd\u00e9montr\u00e9s. dy89, rue Weber - 30907 NIMES CEDEX 2 G\u00e9rariT\u00e9l : 04 66 62 62 00 - Fax : 04 66 23 28 79 - www.gard.gouv.fr \\aerar~GHEVALIERwedosette\nDirection D\u00e9partementale des Tetrritoires et de la Mer du Gard - 30-2025-08-22-00004 - arr\u00eat\u00e9 portant retrait et opposition \u00e0 une\nd\u00e9claration pr\u00e9alable n\u00b0 DP 030 234 25 00002 d\u00e9pos\u00e9e par SAS CENTRALE SOLAIRE UNO DU GARD pour l'installation d'une centrale\nagrivolta\u00efque au sol sur la commune de ST-BENEZET\n24\nDirection D\u00e9partementale des Tetrritoires et de la Mer du Gard - 30-2025-08-22-00004 - arr\u00eat\u00e9 portant retrait et opposition \u00e0 une\nd\u00e9claration pr\u00e9alable n\u00b0 DP 030 234 25 00002 d\u00e9pos\u00e9e par SAS CENTRALE SOLAIRE UNO DU GARD pour l'installation d'une centrale\nagrivolta\u00efque au sol sur la commune de ST-BENEZET\n25\n\"{p ] S% Nimes, le 30/04/2025Service D\u00e9partementald'incendie et de Secoursdu GardGroupement FonctionnelPREVISION281 Avenue Pavlov - CS 5828530942 N\u00eemes Cedex D.D.P.P.R\u00c9F : GF PREVI/N\u00b0 2025-001267/DP /CR 1120 Route de Saint-GillesD: 04.66.63.36.16. 30023 NIMESFax: 04.66.63.36.36.Affaire suivie par le Commandant Pascal DUPUIS.p.dupuis@sdis30.fr\nCOMMUNE : SAINT BENEZET\u00c9TABLISSEMENT : CENTRALE AGRIVOLTAIQUEDEMANDEUR : SAS CENTRALE SOLAIRE UNO DU GARDADRESSE : LIEU DIT COMBE COURTECODE : EN23400006-000DOSSIER : DP0302342500002OBJET : Construction d'une Centrale Agrivoltaique.\nI. DESCRIPTION DU PROJET\nImplantation :\nos Poageerh\nNJ 281, Avenue Pavlov \u2014 CS SR. 30942 NIMES Cedex - @ 04 66 63 36 00 \u2014 T\u00e9l\u00e9copieur 04 66 63 36 01& www.sdis30.fr Sapeurs-pompiers du Gard Compte Officiel W @pompiersdugardToute correspondance doit \u00eatre adress\u00e9e impersonnellement \u00e0Monsieur le Pr\u00e9sident du Conseil d'Administration ou Monsieur le Directeur D\u00e9partemental du Service d'Incendie et de Secours du Gard.\nDirection D\u00e9partementale des Tetrritoires et de la Mer du Gard - 30-2025-08-22-00004 - arr\u00eat\u00e9 portant retrait et opposition \u00e0 une\nd\u00e9claration pr\u00e9alable n\u00b0 DP 030 234 25 00002 d\u00e9pos\u00e9e par SAS CENTRALE SOLAIRE UNO DU GARD pour l'installation d'une centrale\nagrivolta\u00efque au sol sur la commune de ST-BENEZET\n26\nService D\u00e9partemental d' Incendie et de Secours du Gard\nDescription du b\u00e2timent :Construction d'une Centrale Agrivoltaique de 996 kW au sol sur la commune de SAINTBENEZET (30350)Le site d'implantation est situ\u00e9 sur une parcelle d'une surface totale de 14 318 m2. Elle est utilis\u00e9eaujourd'hui pour du p\u00e2turage de moutons, cette activit\u00e9 agricole existante sera conserv\u00e9e lors del'exploitation de la centrale.La centrale sera implant\u00e9e sur la totalit\u00e9 de la parcelle. Les panneaux seront fix\u00e9s sur des rang\u00e9esde tables photovolta\u00efques espac\u00e9es entre elles de 7.4m, enfonc\u00e9es dans le sol avec une hauteurminimale de 1.5 m. Les structures seront ancr\u00e9es au sol \u00e0 l'aide de pieux battus. Un r\u00e9seau dec\u00e2bles enterr\u00e9s acheminera le courant des onduleurs sur l'emprise du site vers une poste\u00e9lectrique d'une emprise au sol de moins de 15 m2.L'installation sera raccord\u00e9e au r\u00e9seau par le biais d'une ligne HTA 20 KV a\u00e9rienne pr\u00e9sente \u00e0l'ouest du projet.\n|Zone ci\u00e8tur\u00e9e : 1,4 hea | \u00e0 i iNb de modules esting 1 488 | : wt F 'Puissenon : 996 Ke i seanettttrreess iModules inclinaison s 30\u00b0 | nr  ER  RER 37 :\u00e0 \" | 2 +t 222}: aifAzirnut : D | at : :Espacement 2 3m : : SEEN PSE TE pea 4PV /Zone cldturd \u00bb 33% | tt ies a ea |er Ree SSSR SSSR SSSRIS SE SSeS Less SESS SSaS 4\u00e0 PERLES ELEETE PETER TER SaaSce 34R\u00c9  EEE::0106 -\nad.\n= |\n\u00e0 4: 39\nx 3\n136 4ee ae SERIE ee| Porcelle du projet Cierne en Porto dospsssbie du pales: NOUVER GIESParc Solaire de ET Table de 12 p phot M pot Vigne ers eats sh\u00e9 necerta ops mrernerepben: sea 4 2 \u00c0Saint-Benezet Piste stabilisde enherb\u00e9e Batiment de stockage existent BalsementResponses cartngraghiges - ane.\"i Aire d'aspiration sn Cloture BBE sabirction we.Plan de masse : . sieBergerle axistants cs Hole & planter\n2025-001267 - CENTRALE AGRIVOLTAIQUE 2/4\nDirection D\u00e9partementale des Tetrritoires et de la Mer du Gard - 30-2025-08-22-00004 - arr\u00eat\u00e9 portant retrait et opposition \u00e0 une\nd\u00e9claration pr\u00e9alable n\u00b0 DP 030 234 25 00002 d\u00e9pos\u00e9e par SAS CENTRALE SOLAIRE UNO DU GARD pour l'installation d'une centrale\nagrivolta\u00efque au sol sur la commune de ST-BENEZET\n27\nService D\u00e9partemental d'Incendie et de Secours du Gard\nbe du ate. =RASE er hie PE ka eA a\nII. REGLEMENTATIONEn r\u00e9f\u00e9rence \u00e0 l'article L 4111-1 du Code du Travail, l'\u00e9tablissement est assujetti auxdispositions de la quatri\u00e8me partie \u00ab SANTE ET SECURITE AU TRAVAIL\u00bb et plusparticuli\u00e8rement \u00e0 son Livre II, Titre 1* et R. 4214-1 \u00e0 R.4216-34III. OBLIGATIONS DE DEBROUSSAILLEMENTPrendre en compte l'arr\u00eat\u00e9 pr\u00e9fectorale 30-2025-03-28-00005 en date du 28 mars 2025 relatif \u00e0 lapr\u00e9vention des incendies de for\u00eat par le d\u00e9broussaillement et le maintien en \u00e9tat d\u00e9broussaill\u00e9dans les espaces expos\u00e9s aux risques d'incendie de for\u00eat.IV. PRESCRIPTIONSN\u00b0 PRESCRIPTIONS PARTICULI\u00c8RESPOUR LES OMBRI\u00c8RES1 | Maintenir libre en permanence les voies d'acc\u00e8s au b\u00e2timent pour les engins de secours.Assurer la d\u00e9fense ext\u00e9rieure contre l'incendie par un point d'eau artificiel de 60 m3, accessible auxengins de secours en tout temps et en toutes circonstances et conforme \u00e0 la fiche technique n\u00b05,annexe 3 du r\u00e8glement d\u00e9partemental de la d\u00e9fense ext\u00e9rieure contre l'incendie.NB: Le r\u00e8glement d\u00e9partemental de la d\u00e9fense ext\u00e9rieure contre l'incendie (RDDECI) valid\u00e9 par lePr\u00e9fet du Gard est un document t\u00e9l\u00e9chargeable sur le site de la Pr\u00e9fecture du GARD.Les installations photovolta\u00efques et le raccordement au r\u00e9seau sont r\u00e9alis\u00e9s de fa\u00e7on \u00e0 pr\u00e9venir lesrisques d'incendie ou d'explosion d'origine \u00e9lectrique et d'\u00e9lectrisation. Les installations doivent \u00eatrer\u00e9alis\u00e9es selon les guides :- UTE C15-712-1, relatif aux installations photovolta\u00efques basse tension raccord\u00e9es au r\u00e9seau publicde distribution- UTEC15-712-2, relatif aux installations autonomes- Norme NF C14-100 pour le raccordement au r\u00e9seau public de distribution d'\u00e9lectricit\u00e9Les canalisations des installations photovolta\u00efques r\u00e9pondent aux exigences 512-2-11 de la norme NFC 15-100 pour ce qui concerne les conditions d'influence externe.\n2025-001267 - CENTRALE AGRIVOLTAIQUE 3/4\nDirection D\u00e9partementale des Tetrritoires et de la Mer du Gard - 30-2025-08-22-00004 - arr\u00eat\u00e9 portant retrait et opposition \u00e0 une\nd\u00e9claration pr\u00e9alable n\u00b0 DP 030 234 25 00002 d\u00e9pos\u00e9e par SAS CENTRALE SOLAIRE UNO DU GARD pour l'installation d'une centrale\nagrivolta\u00efque au sol sur la commune de ST-BENEZET\n28\nService D\u00e9partemental d'Incendie et de Secours du Gard\n3 | Des dispositifs de coupure d'urgence/interrupteurs/disjoncteurs peuvent \u00eatre install\u00e9s au plus pr\u00e8sdes panneaux ou membranes. Ils devront \u00eatre man\u0153uvrables par t\u00e9l\u00e9commande \u00e0 distance depuis leniveau d'acc\u00e8s des secours (palier du RDC) ou regroup\u00e9s avec le dispositif de mise hors tension dub\u00e2timent et rep\u00e9r\u00e9s.4 | Les installations destin\u00e9es \u00e0 la vente totale de l'\u00e9lectricit\u00e9 et inject\u00e9e dans le r\u00e9seau de distributionpublic, doivent obligatoirement \u00eatre \u00e9quip\u00e9es de ces organes de coupure : AGCP de distribution etAGCP de production (AGCP : Appareil G\u00e9n\u00e9ral de commande et de Protection).5 | Les constructeurs, installateurs et exploitants, sont tenus, chacun en ce qui le concerne, de s'assurerque les installations ou \u00e9quipements sont \u00e9tablis, maintenus et entretenus en conformit\u00e9 avec lesdispositions de la pr\u00e9sente r\u00e9glementation. A cet effet, ils font respectivement proc\u00e9der pendant laconstruction et p\u00e9riodiquement en cours d'exploitation aux v\u00e9rifications n\u00e9cessaires.Nota: Les prescriptions \u00e9num\u00e9r\u00e9es ci-dessus ne sont pas limitatives et ne sauraient dispenser le constructeur, lepropri\u00e9taire et l'exploitant de se conformer aux diverses r\u00e9glementations en vigueur s'appliquant ou pouvants'appliquer \u00e0 cet \u00e9tablissement.\nV. CONCLUSIONAu vu des pi\u00e8ces fournies au dossier et sous r\u00e9serve de la r\u00e9alisation des prescriptions cit\u00e9es plushaut, le SDIS 30, \u00e9met un AVIS FAVORABLE \u00e0 la r\u00e9alisation de ce projet.\nCommandant Pascal DUPUISChef du Growbement aa Kindustrieis s\u2014,\nCOPIES POUR INFORMATION/e M. le Chef du Groupement Territorial Secteur C\u00e9vennes-Aigoual.e M. le Chef du Centre de Secours de L\u00e9dignan.\n2025-001267 - CENTRALE AGRIVOLTAIQUE 4/4\nDirection D\u00e9partementale des Tetrritoires et de la Mer du Gard - 30-2025-08-22-00004 - arr\u00eat\u00e9 portant retrait et opposition \u00e0 une\nd\u00e9claration pr\u00e9alable n\u00b0 DP 030 234 25 00002 d\u00e9pos\u00e9e par SAS CENTRALE SOLAIRE UNO DU GARD pour l'installation d'une centrale\nagrivolta\u00efque au sol sur la commune de ST-BENEZET\n29\nPrefecture du Gard\n30-2025-08-27-00004\nAP autorisant la captation, l'enregistrement et la\ntransmission d'images\nau moyen de cam\u00e9ras install\u00e9es sur des a\u00e9ronefs \nVilleneuve les Avignon -04-09 au 04-10-25\nPrefecture du Gard - 30-2025-08-27-00004 - AP autorisant la captation, l'enregistrement et la transmission d'images\nau moyen de cam\u00e9ras install\u00e9es sur des a\u00e9ronefs  Villeneuve les Avignon -04-09 au 04-10-25 30\n| af a | CabinetPREFET | Direction des s\u00e9curit\u00e9sDU GARD Service d'animation des politiques de s\u00e9curit\u00e9 int\u00e9rieureLibert\u00e9\u00c9galit\u00e9Fraternit\u00e9 ARR\u00caT\u00c9 N\u00b030-2025-08-autorisant la captation, l'enregistrement et la transmission d'imagesau moyen de cam\u00e9ras install\u00e9es sur des a\u00e9ronefsLe Pr\u00e9fet,Chevalier de la L\u00e9gion d'Honneur,Chevalier de l'Ordre national du M\u00e9rite,Vu le Code de la s\u00e9curit\u00e9 int\u00e9rieure et notamment ses articles L. 242-1 \u00e0 L. 242-8 et R. 242-8aR. 242-14 ;\nVu le d\u00e9cret n\u00b0 2004-374 du 29 avril 2004 relatif aux pouvoirs des pr\u00e9fets, a l'organisationet a l'action des services de l'\u00c9tat dans les r\u00e9gions et d\u00e9partements ;\nVu le d\u00e9cret du 13 juillet 2023 nommant M. J\u00e9r6me BONET, pr\u00e9fet du Gard ;\nVu l'arr\u00eat\u00e9 pr\u00e9fectoral du 18 octobre 2024 n\u00b030-2024-10-18-00005 donnant d\u00e9l\u00e9gation designature a M. Yann GERARD, secr\u00e9taire g\u00e9n\u00e9ral de la pr\u00e9fecture du Gard, sous-pr\u00e9fet del'arrondissement de Nimes ;\nVu l'arr\u00eat\u00e9 pr\u00e9fectoral du 18 octobre 2024 n\u00b030-2024-10-18-00006 donnant d\u00e9l\u00e9gation designature \u00e0 M. Mathias NIEPS, sous-pr\u00e9fet, charg\u00e9 de mission aupr\u00e8s du pr\u00e9fet du Gard,secr\u00e9taire g\u00e9n\u00e9ral adjoint de la pr\u00e9fecture du Gard;\nVu l'arr\u00eat\u00e9 pr\u00e9fectoral n\u00b030-2024-10-18-00009 du 18 octobre 2024 donnant d\u00e9l\u00e9gation designature \u00e0 Mme Marie-Charlotte EUVRARD, sous-pr\u00e9f\u00e8te, directrice de cabinet du pr\u00e9fetdu Gard;Vu l'arr\u00eat\u00e9 pr\u00e9fectoral n\u00b0 30-2024-11-28-00004 du 28 novembre 2024 donnant d\u00e9l\u00e9gation designature \u00e0 M. Franck LACOSTE, directeur des s\u00e9curit\u00e9s, directeur de cabinet adjoint du pr\u00e9fet .du Gard ;Vu l'activation du plan Vigipirate au niveau urgence attentat ;Vu l'arr\u00eat\u00e9 du ministre de l'Int\u00e9rieur et des outre-mer, en date du 19 avril 2023 relatif aunombre maximal de cam\u00e9ras install\u00e9es sur des a\u00e9ronefs pouvant \u00eatre simultan\u00e9mentutilis\u00e9es dans chaque d\u00e9partement et collectivit\u00e9 d'outre-mer ;\nVu l'arr\u00eat\u00e9 n\u00b030-2024-07-05 du 7 mai 2024 autorisant la captation, l'enregistrement et latransmission d'images au moyen de cam\u00e9ras install\u00e9es sur des a\u00e9ronefs ;\nPrefecture du Gard - 30-2025-08-27-00004 - AP autorisant la captation, l'enregistrement et la transmission d'images\nau moyen de cam\u00e9ras install\u00e9es sur des a\u00e9ronefs  Villeneuve les Avignon -04-09 au 04-10-25 31\nVu la demande en date du 19 ao\u00fbt 2025 form\u00e9e par la direction interd\u00e9partementale de lapolice nationale du Vaucluse, visant a obtenir l'autorisation de capter, d'enregistrer et detransmettre des images au moyen de cam\u00e9ras install\u00e9es sur des a\u00e9ronefs sans \u00e9quipage \u00e0bord, afin de pr\u00e9venir les atteintes \u00e0 la s\u00e9curit\u00e9 des personnes et des biens au sein dup\u00e9rim\u00e8tre de la ville de Villeneuve-les-Avignon;Consid\u00e9rant que les dispositions susvis\u00e9es permettent aux forces de s\u00e9curit\u00e9 int\u00e9rieure,dans l'exercice de leurs missions de protection de la s\u00e9curit\u00e9 des personnes et des biens,de proc\u00e9der \u00e0 la captation, \u00e0 l'enregistrement et \u00e0 la transmission d'images au moyen decam\u00e9ras install\u00e9es sur des a\u00e9ronefs aux fins d'assurer la s\u00e9curit\u00e9 des personnes et desbiens ; que notamment, le 1\u00b0 de l'article L. 242-5 susvis\u00e9 pr\u00e9voit que ces dispositifs peuvent\u00eatre mis en \u0153uvre au titre de la pr\u00e9vention des atteintes \u00e0 la s\u00e9curit\u00e9 des personnes et desbiens dans des lieux particuli\u00e8rement expos\u00e9s, en raison de leurs caract\u00e9ristiques ou desfaits qui s'y sont d\u00e9j\u00e0 d\u00e9roul\u00e9s, \u00e0 des risques d'agression, de vol ou de trafics d'armes,d'\u00eatres humains ou de stup\u00e9fiants, ainsi que la protection des b\u00e2timents et installationspublics et de leurs abords imm\u00e9diats, lorsqu'ils sont particuli\u00e8rement expos\u00e9s \u00e0 desrisques d'intrusion ou de d\u00e9gradations ;\nConsid\u00e9rant que la ville de Villeneuve-les-Avignon est secteur pavillonnaire privil\u00e9gi\u00e9 pourdes vols par effraction ;Consid\u00e9rant que compte tenu du risque d'atteintes a la s\u00e9curit\u00e9 des personnes et desbiens, ainsi qu'a la s\u00e9curit\u00e9 publique, de la sensibilit\u00e9 du quartier, de la topographieurbaine des lieux concern\u00e9s, et de l'int\u00e9r\u00eat de disposer d'une vision en grand angle pourpermettre le suivi des mouvements de personnes tout en limitant l'engagement des forcesau sol, le recours au dispositif de captation install\u00e9 sur un drone est n\u00e9cessaire et adapt\u00e9 ;que l'utilisation des autres moyens est susceptible d'entra\u00eener des menaces graves pourl'int\u00e9grit\u00e9 physique des agents et qu'il n'existe ainsi pas de dispositif moins intrusifpermettant de parvenir aux m\u00eames fins ;\nConsid\u00e9rant que la demande porte sur l'engagement d'une cam\u00e9ra install\u00e9e sur desa\u00e9ronefs sans \u00e9quipage \u00e0 bord (drones) du 04 septembre 2025 \u00e0 06h00 au 04 octobre 2025\u00e0 00h00 dans le secteur ci-dessus cit\u00e9 ; que les lieux surveill\u00e9s sont ainsi strictement limit\u00e9sau p\u00e9rim\u00e8tre sur lequel les atteintes \u00e0 la s\u00e9curit\u00e9 des personnes et des biens ont \u00e9t\u00e9constat\u00e9es et au sein duquel sont susceptibles de se commettre les atteintes que l'usagedes cam\u00e9ras a\u00e9roport\u00e9es vise \u00e0 pr\u00e9venir ; que la dur\u00e9e de l'autorisation est \u00e9galementadapt\u00e9e \u00e0 l'objectif poursuivi; qu'au regard des circonstances susmentionn\u00e9es, lademande n'appara\u00eet pas disproportionn\u00e9e ;Consid\u00e9rant que le recours a la captation, l'enregistrement et la transmission d'imagesferont l'objet d'une publication au recueil des actes administratifs de la pr\u00e9fecture duGard ; que toutefois, en vertu de l'article R. 242-13 du Code de la s\u00e9curit\u00e9 int\u00e9rieure, il y alieu de d\u00e9roger au principe d'information du public d\u00e8s lors que cette information est encontradiction avec la finalit\u00e9 pour laquelle le dispositif est autoris\u00e9 ;Sur proposition de la directrice de cabinet du pr\u00e9fet du Gard;\nPrefecture du Gard - 30-2025-08-27-00004 - AP autorisant la captation, l'enregistrement et la transmission d'images\nau moyen de cam\u00e9ras install\u00e9es sur des a\u00e9ronefs  Villeneuve les Avignon -04-09 au 04-10-25 32\nARRETEArticle 1 - La captation, l'enregistrement et la transmission d'images par la directioninterd\u00e9partementale de la police nationale du Vaucluse, sont autoris\u00e9s au titre de lapr\u00e9vention des atteintes a la s\u00e9curit\u00e9 des personnes et des biens et de l'appui despersonnels au sol.Article 2 - Le nombre maximal de cam\u00e9ras pouvant proc\u00e9der simultan\u00e9ment auxtraitements mentionn\u00e9s \u00e0 l'article 1\u00b0 est fix\u00e9 \u00e0 1 (mod\u00e8le DJ).Article 3 - La pr\u00e9sente autorisation est limit\u00e9e au p\u00e9rim\u00e8tre g\u00e9ographique ci-dessus cit\u00e9.Article 4 - La pr\u00e9sente autorisation est d\u00e9livr\u00e9e du 04 septembre 2025 \u00e0 06h00 au04 octobre 2025 \u00e0 00h00. |\nArticle 5 - Le registre mentionn\u00e9 \u00e0 l'article L. 242-4 du Code de la s\u00e9curit\u00e9 int\u00e9rieure esttransmis au repr\u00e9sentant de l'\u00c9tat dans le d\u00e9partement \u00e0 l'issue de la p\u00e9riode consid\u00e9r\u00e9e.Article 6 - Le pr\u00e9sent arr\u00eat\u00e9 peut faire l'objet d'un recours gracieux aupr\u00e8s de Monsieur lepr\u00e9fet du Gard (Pr\u00e9fecture du Gard 30045 N\u00eemes Cedex 9), d'un recours hi\u00e9rarchiqueadress\u00e9 \u00e0 Monsieur le ministre de l'Int\u00e9rieur - place Beauvau 75008 Paris) ou d'un recourscontentieux devant le tribunal administratif de N\u00eemes, dans un d\u00e9lai de deux mois suivantsa publication. Le tribunal administratif peut aussi \u00eatre saisi par l'application informatique\u00abTelerecours Citoyens\u00bb accessible par le site internet www.telerecours.fr.Article 7 - La directrice de cabinet du pr\u00e9fet du Gard, le directeur interd\u00e9partemental dela police nationale du Vaucluse, sont charg\u00e9s, chacun en ce qui le concerne, de l'ex\u00e9cutiondu pr\u00e9sent arr\u00eat\u00e9. N\u00eemes leLe pr\u00e9fet,\n(our le pr\u00e9fet\u00a9 SOUS-pr\u00e9fetSecr\u00e9taire g\u00e9 al adjoint\nPrefecture du Gard - 30-2025-08-27-00004 - AP autorisant la captation, l'enregistrement et la transmission d'images\nau moyen de cam\u00e9ras install\u00e9es sur des a\u00e9ronefs  Villeneuve les Avignon -04-09 au 04-10-25 33\nPrefecture du Gard - 30-2025-08-27-00004 - AP autorisant la captation, l'enregistrement et la transmission d'images\nau moyen de cam\u00e9ras install\u00e9es sur des a\u00e9ronefs  Villeneuve les Avignon -04-09 au 04-10-25 34\nPrefecture du Gard - 30-2025-08-27-00004 - AP autorisant la captation, l'enregistrement et la transmission d'images\nau moyen de cam\u00e9ras install\u00e9es sur des a\u00e9ronefs  Villeneuve les Avignon -04-09 au 04-10-25 35\na\na7 LS=. _-\" . \" CAx \u2014\u00bb oe *7 : a 14 7oe LC NE des1 i ' + w = n |soo oooe | ote L 2\", L me 7 -!PT EE \u00ab ,, =:v a -: L \u00aba * 1 = 7-* . Fm + 71 a -La = 1! 1, we += L- : i].* LA , == =L 1 =a Tesn e ed, 3,1ue . eo cs\" | \u00a3 +!7 = d L et'7 rDes -_ oe Sq f \u00e9- 1 \"=: yes]= , wis 2 = Loe 7 a\n1\"\nsh 4 7 woos!\u00c0 : :\" - =: . | |as \u00c0 |L ' a L ga Fm=,\nx\n7 \"' a- 1. \"=. + L LLe ff L\ni\n\u00ab : .+ . , _ .= =1 : LE: - m \"\"-7 -\naly- +\n\u00e0. mw\n| r 1.\"r + || =of r Le,7 i | = eileLas : REi) =\n7\nT =._ | 7 : iatDE\" L LE ae ns . - # - | L: md,\" .+ \u2014_ 7 \u2014 :7 1= 4 = mr = : x. \u00a9 7 * | - : :: 4 \u2014. 2 .' . e! 1*, or +. y a oe' i CA a: , = G oo :L = 7 |= ft _ _ 1 : .,| ' a = == - Oofo F1 L i] :_\u00ab CRE \"Fe a : + - : h it L'qo 7 _ mt : : : :| igs \u00e0 ay - fee 4-1\" 4 y Hi1 _: = LELE ete 1 ] ! 7 aed1, L t L 1 = | uy a's 1 - \"3mi. i 7 | i @D z ' 0]LR a Bing t= me |1 : L @r _ L : a a _ : LEEDO mn _ &\u00a7 : Us7 Js 7 7 abw b Sus \u00bb1 La 1 - | os\"@ y | : ; DL = |% 0 7 =: 7 7 1 1a : oe : - ar- + : L' S| = 7 1 =.\" h1 'fs : :En =na \" . 7 Ia Pi io 1\" |_ 7| Le, r :| | |\u00eb 1 : =| a- 1 of 7 || | | \u00c0 Du: ; I :: 7 = |\":sm = | \u00ab 1\" :oe : |\na\n+: 7 | . \u00bb.mnt :1 \"4 : & 1: a | |\nL.\nLa = :' La .7 .1 | : 1\" 7\n\u00ab\n7 : : .\n2\n#\n: : -\n1\n7 7 | E1 = _ \u00ab.. 4 5= 8s I% DE \u00e0 LUZI\n=. = = 7= ~ oh |\n1\n. 1 :y\" \u2014 _ LE\" 4 _ : \" : -7 a \"as 1 =, , = =7 = fab 1 =L CR i :1 = =i ue 7t= ...\n1\n| :: = mw 7 ai a A =?: , |7 5 d\u00e9\" Huafte \u00ab= .\n1\nh :L as |LA : 1\nLn\n1 7 7' .: :-DE 7| .\ns\n1\n- 7 PA\n=\n'\nLA\ne5 h =on *a '\u00c0 | 77 =1 :En 1\n-\nLi\n1 0-\n+ -. Cr 7 16! 7 ih a4- | i7 _\n3\na =i a- 1aimi\u0152 7 1Bay a1\" \"\u00e0. a:: =\n. i 7. 1\n=# LLLA \" || -\n=\n~ te\n1\n: L7 ;to : 4[on7 vO a: [l 2- & |ae\n'\n.\n-, |\n!\naLA\nPrefecture du Gard - 30-2025-08-27-00004 - AP autorisant la captation, l'enregistrement et la transmission d'images\nau moyen de cam\u00e9ras install\u00e9es sur des a\u00e9ronefs  Villeneuve les Avignon -04-09 au 04-10-25 36\nPrefecture du Gard\n30-2025-08-27-00005\nAP autorisant la captation, l'enregistrement et la\ntransmission d'images\nau moyen de cam\u00e9ras install\u00e9es sur des a\u00e9ronefs\nsur N\u00eemes Chemin Bas d'Avignon, Clos d'Orville\net Mas de Mingue du 10 au 21-09-25\nPrefecture du Gard - 30-2025-08-27-00005 - AP autorisant la captation, l'enregistrement et la transmission d'images\nau moyen de cam\u00e9ras install\u00e9es sur des a\u00e9ronefs sur N\u00eemes Chemin Bas d'Avignon, Clos d'Orville et Mas de Mingue du 10 au 21-09-25 37\nE a CabinetPREFET | Direction des s\u00e9curit\u00e9sDU GARD Service d'animation des politiques de s\u00e9curit\u00e9 int\u00e9rieureLibert\u00e9\u00c9galit\u00e9Fraternit\u00e9| ARR\u00caT\u00c9 N\u00b030-2025-08-autorisant la captation, l'enregistrement et la transmission d'imagesau moyen de cam\u00e9ras install\u00e9es sur des a\u00e9ronefsLe Pr\u00e9fet,Chevalier de la L\u00e9gion d'Honneur,Chevalier de l'Ordre national du M\u00e9rite,Vu le Code de la s\u00e9curit\u00e9 int\u00e9rieure et notamment ses articles L. 242-1 \u00e0 L. 242-8 et R. 242-8\u00e0 R. 242-14 ;Vu le d\u00e9cret n\u00b0 2004-374 du 29 avril 2004 relatif aux pouvoirs des pr\u00e9fets, \u00e0 l'organisationet \u00e0 l'action des services de l'\u00c9tat dans les r\u00e9gions et d\u00e9partements ;Vu le d\u00e9cret du 13 juillet 2023 nommant M. J\u00e9r\u00f4me BONET, pr\u00e9fet du Gard ;Vu l'arr\u00eat\u00e9 pr\u00e9fectoral du 18 octobre 2024 n\u00b030-2024-10-18-00005 donnant d\u00e9l\u00e9gation designature \u00e0 M. Yann GERARD, secr\u00e9taire g\u00e9n\u00e9ral de la pr\u00e9fecture du Gard, sous-pr\u00e9fet del'arrondissement de Nimes ;\nVu l'arr\u00eat\u00e9 pr\u00e9fectoral du 18 octobre 2024 n\u00b030-2024-10-18-00006 donnant d\u00e9l\u00e9gation designature \u00e0 M. Mathias NIEPS, sous-pr\u00e9fet, charg\u00e9 de mission aupr\u00e8s du pr\u00e9fet du Gard,secr\u00e9taire g\u00e9n\u00e9ral adjoint de la pr\u00e9fecture du Gard;Vu l'arr\u00eat\u00e9 pr\u00e9fectoral n\u00b030-2024-10-18-00009 du 18 octobre 2024 donnant d\u00e9l\u00e9gation designature \u00e0 Mme Marie-Charlotte EUVRARD, sous-pr\u00e9f\u00e8te, directrice de cabinet du pr\u00e9fetdu Gard ;Vu l'arr\u00eat\u00e9 pr\u00e9fectoral n\u00b0 30-2024-11-28-00004 du 28 novembre 2024 donnant d\u00e9l\u00e9gation designature \u00e0 M. Franck LACOSTE, directeur des s\u00e9curit\u00e9s, directeur de cabinet adjoint du pr\u00e9fetdu Gard ;Vu l'activation du plan Vigipirate au niveau urgence attentat ;Vu l'arr\u00eat\u00e9 du ministre de l'Int\u00e9rieur et des outre-mer, en date du 19 avril 2023 relatif aunombre maximal de cam\u00e9ras install\u00e9es sur des a\u00e9ronefs pouvant \u00eatre simultan\u00e9mentutilis\u00e9es dans chaque d\u00e9partement et collectivit\u00e9 d'outre-mer ;Vu l'arr\u00eat\u00e9 n\u00b030-2024-07-05 du 7 mai 2024 autorisant la captation, l'enregistrement et latransmission d'images au moyen de cam\u00e9ras install\u00e9es sur des a\u00e9ronefs ;\nPrefecture du Gard - 30-2025-08-27-00005 - AP autorisant la captation, l'enregistrement et la transmission d'images\nau moyen de cam\u00e9ras install\u00e9es sur des a\u00e9ronefs sur N\u00eemes Chemin Bas d'Avignon, Clos d'Orville et Mas de Mingue du 10 au 21-09-25 38\nVu la demande en date du 20 ao\u00fbt 2025 form\u00e9e par la direction interd\u00e9partementale de lapolice nationale du Gard, visant \u00e0 obtenir l'autorisation de capter, d'enregistrer et detransmettre des images au moyen de cam\u00e9ras install\u00e9es sur des a\u00e9ronefs sans \u00e9quipage \u00e0bord, afin de pr\u00e9venir les atteintes \u00e0 la s\u00e9curit\u00e9 des personnes et des biens au sein dup\u00e9rim\u00e8tre pr\u00e9cis\u00e9 en annexe du pr\u00e9sent arr\u00eat\u00e9, dans les quartiers du Chemin Basd'Avignon, le Clos d' Orville et du Mas de Mingue du 10 septembre 2025 \u00e0 06h00 au 21septembre 2025 \u00e0 23h59;Consid\u00e9rant que les dispositions susvis\u00e9es permettent aux forces de s\u00e9curit\u00e9 int\u00e9rieure,dans l'exercice de leurs missions de protection de la s\u00e9curit\u00e9 des personnes et des biens,de proc\u00e9der \u00e0 la captation, \u00e0 l'enregistrement et \u00e0 la transmission d'images au moyen decam\u00e9ras install\u00e9es sur des a\u00e9ronefs aux fins d'assurer la s\u00e9curit\u00e9 des personnes et desbiens ; que notamment, le 1\u00b0 de l'article L. 242-5 susvis\u00e9 pr\u00e9voit que ces dispositifs peuvent\u00eatre mis en \u0153uvre au titre de la pr\u00e9vention des atteintes \u00e0 la s\u00e9curit\u00e9 des personnes et desbiens dans des lieux particuli\u00e8rement expos\u00e9s, en raison de leurs caract\u00e9ristiques ou desfaits qui s'y sont d\u00e9j\u00e0 d\u00e9roul\u00e9s, \u00e0 des risques d'agression, de vol ou de trafics d'armes,d'\u00eatres humains ou de stup\u00e9fiants, ainsi que la protection des b\u00e2timents et installationspublics et de leurs abords imm\u00e9diats, lorsqu'ils sont particuli\u00e8rement expos\u00e9s \u00e0 desrisques d'intrusion ou de d\u00e9gradations ;:\nConsid\u00e9rant les pressions et menaces exerc\u00e9es sur les habitants et les services publics parles membres du trafic de stup\u00e9fiants au sein des quartiers du Chemin Bas d'Avignon, leClos d' Orville et du Mas de Mingue ;Consid\u00e9rant que de nombreux faits de violences avec armes, tir d'intimidation, homicideet tentative d'homicide sont constat\u00e9s dans les quartiers sus vis\u00e9s ;Consid\u00e9rant que les forces de l'ordre, mobilis\u00e9es de fa\u00e7on significative face \u00e0 la r\u00e9currenceet la gravit\u00e9 des faits de d\u00e9linquance de voie publique en lien avec le trafic de stup\u00e9fiants,subissent de nombreux jets de projectiles lors de leurs interventions dans les quartiers dela ville de N\u00eemes ;\nConsid\u00e9rant que la ville de N\u00eemes a \u00e9t\u00e9 retenue au titre du dispositif \u00ab ville de s\u00e9curit\u00e9renforc\u00e9e \u00bb ;\nConsid\u00e9rant que compte tenu du risque d'atteintes a la s\u00e9curit\u00e9 des personnes et desbiens, ainsi qu'\u00e0 la s\u00e9curit\u00e9 publique, de la sensibilit\u00e9 du quartier, de la topographieurbaine des lieux concern\u00e9s, et de l'int\u00e9r\u00eat de disposer d'une vision en grand angle pourpermettre le suivi des mouvements de personnes tout en limitant l'engagement des forcesau sol, le recours au dispositif de captation install\u00e9 sur un drone est n\u00e9cessaire et adapt\u00e9 ;que l'utilisation des autres moyens est susceptible d'entra\u00eener des menaces graves pourl'int\u00e9grit\u00e9 physique des agents et qu'il n'existe ainsi pas de dispositif moins intrusifpermettant de parvenir aux m\u00eames fins ;\nConsid\u00e9rant que la demande porte sur l'engagement d'une cam\u00e9ra install\u00e9e sur desa\u00e9ronefs sans \u00e9quipage \u00e0 bord (drones) du 10 septembre 2025 \u00e0 06h00 au 21 septembre2025 \u00e0 23h59 dans le secteur ci-dessus cit\u00e9 ; que les lieux surveill\u00e9s sont ainsi strictementlimit\u00e9s au p\u00e9rim\u00e8tre sur lequel les atteintes \u00e0 la s\u00e9curit\u00e9 des personnes et des biens ont \u00e9t\u00e9\nPrefecture du Gard - 30-2025-08-27-00005 - AP autorisant la captation, l'enregistrement et la transmission d'images\nau moyen de cam\u00e9ras install\u00e9es sur des a\u00e9ronefs sur N\u00eemes Chemin Bas d'Avignon, Clos d'Orville et Mas de Mingue du 10 au 21-09-25 39\nconstat\u00e9es et au sein duquel sont susceptibles de se commettre les atteintes que l'usagedes cam\u00e9ras a\u00e9roport\u00e9es vise \u00e0 pr\u00e9venir ; que la dur\u00e9e de l'autorisation est \u00e9galementadapt\u00e9e \u00e0 l'objectif poursuivi; qu'au regard des circonstances susmentionn\u00e9es, lademande n'appara\u00eet pas disproportionn\u00e9e ;Consid\u00e9rant que le recours \u00e0 la captation, l'enregistrement et la transmission d'imagesferont l'objet d'une publication au recueil des actes administratifs de la pr\u00e9fecture duGard ; que toutefois, en vertu de l'article R. 242-13 du Code de la s\u00e9curit\u00e9 int\u00e9rieure, il y alieu de d\u00e9roger au principe d'information du public d\u00e8s lors que cette information est encontradiction avec la finalit\u00e9 pour laquelle le dispositif est autoris\u00e9 ;\nSur proposition de la directrice de cabinet du pr\u00e9fet du Gard ;\nARR\u00caTE\nArticle 1 - La captation, l'enregistrement et la transmission d'images par la directioninterd\u00e9partementale de la police nationale du Gard, sont autoris\u00e9s au titre de lapr\u00e9vention des atteintes \u00e0 la s\u00e9curit\u00e9 des personnes et des biens et de l'appui despersonnels au sol.\nArticle 2 - Le nombre maximal de cam\u00e9ras pouvant proc\u00e9der simultan\u00e9ment auxtraitements mentionn\u00e9s \u00e0 l'article 1\u00b0 est fix\u00e9 \u00e0 1 (mod\u00e8le Dj)).\nArticle 3 - La pr\u00e9sente autorisation est limit\u00e9e au p\u00e9rim\u00e8tre g\u00e9ographique ci-dessus cit\u00e9.\nArticle 4 - La pr\u00e9sente autorisation est d\u00e9livr\u00e9e du 10 septembre 2025 \u00e0 06h00 au21 septembre 2025 \u00e0 23h59.Article 5 - Le registre mentionn\u00e9 \u00e0 l'article L. 242-4 du Code de la s\u00e9curit\u00e9 int\u00e9rieure esttransmis au repr\u00e9sentant de l'\u00c9tat dans le d\u00e9partement \u00e0 l'issue de la p\u00e9riode consid\u00e9r\u00e9e.Article 6 - Le pr\u00e9sent arr\u00eat\u00e9 peut faire l'objet d'un recours gracieux aupr\u00e8s de Monsieur lepr\u00e9fet du Gard (Pr\u00e9fecture du Gard 30045 Nimes Cedex 9), d'un recours hi\u00e9rarchiqueadress\u00e9 a Monsieur le ministre de l'Int\u00e9rieur \u2014 place Beauvau 75008 Paris) ou d'un recourscontentieux devant le tribunal administratif de N\u00eemes, dans un d\u00e9lai de deux mois suivantsa publication. Le tribunal administratif peut aussi \u00eatre saisi par l'application informatique\u00abTelerecours Citoyens\u00bb accessible par le site internet www.telerecours.fr.Article 7 - La directrice de cabinet du pr\u00e9fet du Gard, le directeur interd\u00e9partemental dela police nationale du Gard, sont charg\u00e9s, chacun en ce qui le concerne, de l'ex\u00e9cution dupr\u00e9sent arr\u00eat\u00e9. N\u00eemes leLe pr\u00e9fet,Pour le pr\u00e9fet,ie ee' -pr\u00e9fet\nPrefecture du Gard - 30-2025-08-27-00005 - AP autorisant la captation, l'enregistrement et la transmission d'images\nau moyen de cam\u00e9ras install\u00e9es sur des a\u00e9ronefs sur N\u00eemes Chemin Bas d'Avignon, Clos d'Orville et Mas de Mingue du 10 au 21-09-25 40\nPrefecture du Gard - 30-2025-08-27-00005 - AP autorisant la captation, l'enregistrement et la transmission d'images\nau moyen de cam\u00e9ras install\u00e9es sur des a\u00e9ronefs sur N\u00eemes Chemin Bas d'Avignon, Clos d'Orville et Mas de Mingue du 10 au 21-09-25 41\n- route de Beaucaire- route d' Avignon- rue Cl\u00e9ment Ader- rue du G\u00e9n\u00e9ral Pierre Koenig- coll\u00e8ge Ada Lovelace |- chemin du mas d'Alesti- impasse Francois Granier- route d' Avignon- avenue de Bir Hakeim- rue de Brunswick \u00a9- rue Nuna Baragnon- route de Beaucaire\nPrefecture du Gard - 30-2025-08-27-00005 - AP autorisant la captation, l'enregistrement et la transmission d'images\nau moyen de cam\u00e9ras install\u00e9es sur des a\u00e9ronefs sur N\u00eemes Chemin Bas d'Avignon, Clos d'Orville et Mas de Mingue du 10 au 21-09-25 42\nPrefecture du Gard - 30-2025-08-27-00005 - AP autorisant la captation, l'enregistrement et la transmission d'images\nau moyen de cam\u00e9ras install\u00e9es sur des a\u00e9ronefs sur N\u00eemes Chemin Bas d'Avignon, Clos d'Orville et Mas de Mingue du 10 au 21-09-25 43\nPrefecture du Gard\n30-2025-08-22-00002\nAP DE CONVOCATION DES ELECTEURS POUR\nL'ELECTION 2025 DES JUGES AU TRIUBNAL DE\nCOMMERCE DE NIMES\nPrefecture du Gard - 30-2025-08-22-00002 - AP DE CONVOCATION DES ELECTEURS POUR L'ELECTION 2025 DES JUGES AU TRIUBNAL\nDE COMMERCE DE NIMES 44\nPREFETDU GARDLibert\u00e9Egalit\u00e9Fraternit\u00e9\nPr\u00e9fecture - Direction de la citoyennet\u00e9,\nde la l\u00e9galit\u00e9 et de la coordination\nService des \u00e9lections, de la r\u00e9glementation g\u00e9n\u00e9rale\net de l'environnement\nBureau des \u00e9lections\nn\u00b0 DCLC-SERGE-BE-30-2025-08-    -000\nArr\u00eat\u00e9\nportant convocation des \u00e9lecteurs\npour l'\u00e9lection des juges au tribunal de commerce de NIMES\nLe pr\u00e9fet du Gard,\nchevalier de la L\u00e9gion d'honneur,\nofficier de l'ordre national du M\u00e9rite,\nVu le code \u00e9lectoral\u00a0;\nVu le code de commerce ;\nVu le nouveau code de proc\u00e9dure civile ;\nVu le d\u00e9cret n\u00b0 2008-563 du 16 juin 2008, et notamment l'annexe 7-2 fixant \u00e0 37 le nombre  \ndes juges du tribunal de commerce de NIMES ;\nVu le d\u00e9cret n\u00b0 2017-1163 du 12 juillet 2017 relatif \u00e0 la d\u00e9ontologie, l'\u00e9ligibilit\u00e9 et la discipline  \ndes juges des tribunaux de commerce ;\nVu l'arr\u00eat\u00e9 du Garde des Sceaux, Ministre de la Justice et des Libert\u00e9s, du 24 mai 2011 relatif  \naux bulletins de vote pour l'\u00e9lection des juges des tribunaux de commerce ;\nVu la note n\u00b0 JUSB2514573C du 19 juin 2025 du ministre d'Etat, Garde des Sceaux, ministre  \nde la Justice relative \u00e0 l'organisation de l'\u00e9lection annuelle 2025 des juges des tribunaux de  \ncommerce en application de l'article L.723-11 du Code de commerce ;\nSUR PROPOSITION du secr\u00e9taire g\u00e9n\u00e9ral de la pr\u00e9fecture \nArr\u00eate :\nArticle 1er : les op\u00e9rations de d\u00e9pouillement et de recensement des votes pour l'\u00e9lection des  \njuges du Tribunal de commerce de NIMES, se d\u00e9rouleront au si\u00e8ge de cette juridiction les :\n- mercredi 8 octobre 2025, \u00e0 10 heures, pour le premier tour de scrutin,\n- mardi 21 octobre 2025, \u00e0 10 heures, pour le second tour de scrutin.\nLe coll\u00e8ge \u00e9lectoral de ce tribunal se compose\u00a0:\na) des membres \u00e9lus des chambres de commerce et d'industrie (CCI) et des chambres de  \nm\u00e9tiers et de l'artisanat (CMA) ;\n1/6\nPrefecture du Gard - 30-2025-08-22-00002 - AP DE CONVOCATION DES ELECTEURS POUR L'ELECTION 2025 DES JUGES AU TRIUBNAL\nDE COMMERCE DE NIMES 45\nb) des juges en exercice au sein de cette juridiction ainsi que des anciens juges du tribunal de  \ncommerce.\nUn \u00e9lecteur cumulant un mandat au sein de la CCI ou de la CMA et la qualit\u00e9 de juge ou  \nd'ancien juge consulaire ne dispose que d'une seule voix dans le ressort du tribunal de  \ncommerce.\nArticle 2\u00a0: sont \u00e0 pourvoir\u00a0:\n- 9 si\u00e8ges en renouvellement, pour un mandat de 4 ans,\n-  3 si\u00e8ges pour un mandat de 2 ans.\nArticle 3 : le vote a lieu par correspondance.\nConform\u00e9ment aux dispositions des articles L.723-13 et R.723-8 du code de commerce, la  \ncommission d'organisation des \u00e9lections du tribunal, pr\u00e9sid\u00e9e par un magistrat de l'ordre  \njudiciaire assist\u00e9 d'un juge du tribunal judiciaire et d'un fonctionnaire repr\u00e9sentant le pr\u00e9fet,  \nest  charg\u00e9e  de  veiller  \u00e0  la  r\u00e9gularit\u00e9  du  scrutin,  de  proclamer  les  r\u00e9sultats  et  de  les \ncommuniquer au Garde des sceaux, ministre de la Justice.\nLes  deux  magistrats  sont  d\u00e9sign\u00e9s  par  le  Premier  pr\u00e9sident  de  la  cour  d'appel ;  le \nfonctionnaire est d\u00e9sign\u00e9 par le pr\u00e9fet du Gard.\nLe secr\u00e9tariat de la commission est assur\u00e9 par le greffier du tribunal de commerce.\nLes dispositions des articles L.49, L.50, L.58 \u00e0 L.67, L.86 \u00e0 L.117 du code \u00e9lectoral s'appliquent  \naux op\u00e9rations \u00e9lectorales organis\u00e9es en vue de la d\u00e9signation des juges des tribunaux de  \ncommerce.\nArticle 4\u00a0: sont \u00e9ligibles\u00a0:\n-  pour une dur\u00e9e de deux ans, les candidats \u00e0 une premi\u00e8re \u00e9lection,\n-  pour une dur\u00e9e de quatre ans, les candidats ayant d\u00e9j\u00e0 accompli un mandat.\nLes conditions d'\u00e9ligibilit\u00e9 pr\u00e9vues \u00e0 l'article L.723-4 du code de commerce sont cumulatives.\nSont \u00e9ligibles aux fonctions de juge d'un tribunal de commerce les personnes \u00e2g\u00e9es de  \ntrente ans au moins :\n1\u00b0 - inscrites  sur  les  listes  \u00e9lectorales  des  chambres  de  commerce  et  d'industrie  et  des \nchambres de m\u00e9tiers et de l'artisanat dress\u00e9es dans le ressort du tribunal de commerce ou  \ndans le ressort des tribunaux de commerce limitrophes ;\n2\u00b0 - qui remplissent la condition de nationalit\u00e9 pr\u00e9vue \u00e0 l'article L.2 du code \u00e9lectoral ;\n2\u00b0 bis - qui  n'ont  pas  \u00e9t\u00e9  condamn\u00e9es  p\u00e9nalement  pour  des  agissements  contraires  \u00e0 \nl'honneur, \u00e0 la probit\u00e9 ou aux bonnes m\u0153urs ;\n3\u00b0 - \u00e0 l'\u00e9gard desquelles une proc\u00e9dure de redressement judiciaire ou de liquidation judiciaire \nn'est pas en cours au jour du scrutin ;\n2/6\nPrefecture du Gard - 30-2025-08-22-00002 - AP DE CONVOCATION DES ELECTEURS POUR L'ELECTION 2025 DES JUGES AU TRIUBNAL\nDE COMMERCE DE NIMES 46\n4\u00b0 - qui, s'agissant des personnes mentionn\u00e9es au 1\u00b0 ou 2\u00b0 du II de l'article L.713-1 du code  \npr\u00e9cit\u00e9, n'appartiennent pas \u00e0 une soci\u00e9t\u00e9 ou \u00e0 un \u00e9tablissement public \u00e0 l'\u00e9gard duquel une  \nproc\u00e9dure de sauvegarde, de redressement judiciaire ou de liquidation judiciaire est en cours \nau jour du scrutin ;\n4\u00b0 bis  - qui n'ont pas fait l'objet des sanctions pr\u00e9vues au titre V du livre VI ou par des  \nl\u00e9gislations \u00e9trang\u00e8res \u00e9quivalentes lorsqu'elles entra\u00eenent ou portent interdiction d'exercer  \nune  profession  commerciale  ou  industrielle,  de  diriger,  d'administrer,  de  g\u00e9rer  ou  de \ncontr\u00f4ler \u00e0 un titre quelconque, directement ou indirectement, pour son propre compte ou  \npour  le  compte  d'autrui,  une  entreprise  commerciale  ou  industrielle  ou  une  soci\u00e9t\u00e9 \ncommerciale ;\n4\u00b0 ter - qui ne sont pas frapp\u00e9es d'une peine d'interdiction, suivant les modalit\u00e9s pr\u00e9vues \u00e0  \nl'article  131-27  du  code  p\u00e9nal,  d'exercer  une  profession  commerciale  ou  industrielle,  de \ndiriger,  d'administrer,  de  g\u00e9rer  ou  de  contr\u00f4ler  \u00e0  un  titre  quelconque,  directement  ou \nindirectement,  pour  leur  propre  compte  ou  pour  le  compte  d'autrui,  une  entreprise \ncommerciale  ou  industrielle  ou  une  soci\u00e9t\u00e9  commerciale,  ou  d'une  peine  prononc\u00e9e  en \napplication de l\u00e9gislations \u00e9trang\u00e8res \u00e9quivalentes ;\n5\u00b0 - et qui justifient soit d'une immatriculation pendant cinq ann\u00e9es au moins au registre du  \ncommerce et des soci\u00e9t\u00e9s ou au r\u00e9pertoire des m\u00e9tiers, soit de l'exercice, pendant une  \ndur\u00e9e totale cumul\u00e9e de cinq ans, de l'une des qualit\u00e9s \u00e9num\u00e9r\u00e9es au I de l'article L.713-3 du  \ncode de commerce ou de l'une des professions \u00e9num\u00e9r\u00e9es au d du 1\u00b0 du II de l'article L.713-1.\n \nSont \u00e9galement \u00e9ligibles : \n- les membres en exercice des tribunaux de commerce, ainsi que les anciens membres de ces  \ntribunaux ayant exerc\u00e9 les fonctions de juge de tribunal de commerce pendant au moins six  \nann\u00e9es et n'ayant pas \u00e9t\u00e9 r\u00e9put\u00e9s d\u00e9missionnaires. Dans l'un et l'autre cas, les candidats  \ndoivent satisfaire aux conditions pr\u00e9vues aux 2\u00b0 et 5\u00b0 du pr\u00e9sent article et \u00eatre domicili\u00e9s ou  \ndisposer d'une r\u00e9sidence dans le ressort du tribunal ou des tribunaux limitrophes ;\n-  les  cadres  qui  exercent  des  fonctions  impliquant  des  responsabilit\u00e9s  de  direction \ncommerciale, technique ou administrative au sein des entreprises ou des \u00e9tablissements  \ninscrits au registre national des entreprises en tant qu'entreprise ou \u00e9tablissement du secteur \ndes m\u00e9tiers et de l'artisanat ou mentionn\u00e9s au II de l'article L. 713-1 situ\u00e9s dans le ressort du  \ntribunal de commerce ou dans le ressort des tribunaux limitrophes. Les candidats doivent  \n\u00eatre employ\u00e9s dans l'un de ces ressorts.\nArticle 5\u00a0: les candidatures doivent \u00eatre d\u00e9clar\u00e9es pour les deux tours de scrutin \u00e0 la\u00a0:\nPREFECTURE DU GARD\nDIRECTION DE LA CITOYENNETE, DE LA LEGALITE ET DE LA COORDINATION\nBureau des \u00e9lections - rue Guillemette \u00e0 NIMES\njusqu'au jeudi 18 septembre 2025 \u00e0 18 H 00.\nLes d\u00e9clarations de candidature doivent \u00eatre faites par \u00e9crit et sign\u00e9es par les candidats.\nElles peuvent \u00eatre individuelles ou collectives.\nElles peuvent \u00eatre d\u00e9pos\u00e9es par un mandataire.\n3/6\nPrefecture du Gard - 30-2025-08-22-00002 - AP DE CONVOCATION DES ELECTEURS POUR L'ELECTION 2025 DES JUGES AU TRIUBNAL\nDE COMMERCE DE NIMES 47\nChaque  candidat  doit,  \u00e0  l'appui  de  sa  candidature,  d\u00e9poser  une  d\u00e9claration  \u00e9crite  sur \nl'honneur mentionnant qu'il remplit les conditions d'\u00e9ligibilit\u00e9 fix\u00e9es aux 1\u00b0 \u00e0 5\u00b0 de l'article  \nL.723-4, qu'il n'est pas frapp\u00e9 de l'une des incapacit\u00e9s, incompatibilit\u00e9s, d\u00e9ch\u00e9ances ou  \nin\u00e9ligibilit\u00e9s pr\u00e9vues aux 1\u00b0 \u00e0 4\u00b0 de l'article L.723-2 et aux articles L.722-6-1, L.722-6-2 et  \nL.723-7, L.724-3-1, L.724-3-2, qu'il ne fait pas l'objet d'une mesure de suspension prise en  \napplication  de  l'article  L.724-4  et  qu'il  n'est  pas  candidat  dans  un  autre  tribunal  de \ncommerce.\nPar ailleurs, pour les candidatures d\u00e9pos\u00e9es sur le fondement du dernier alin\u00e9a de l'article  \nL.723-4 du code de commerce, l'attestation doit \u00e9galement indiquer que le candidat remplit  \nla condition de r\u00e9sidence ou de domicile pr\u00e9vue par cet alin\u00e9a.\nChaque candidat accompagne sa d\u00e9claration de candidature de la copie d'un titre d'identit\u00e9 \n(pour les pi\u00e8ces permettant de justifier son identit\u00e9, se r\u00e9f\u00e9rer \u00e0 l'article 1 de l'arr\u00eat\u00e9 NOR  : \nINTA1827997A du 16 novembre 2018, joint en annexe).\nAucun retrait ou remplacement d'une candidature n'est accept\u00e9 apr\u00e8s son enregistrement  \nen pr\u00e9fecture.\nArticle 6\u00a0: douze jours au moins avant la date du d\u00e9pouillement du premier tour de scrutin  \n(date ultime : vendredi 26 septembre 2025), le pr\u00e9fet adresse aux \u00e9lecteurs, deux enveloppes \n\u00e9lectorales destin\u00e9es, pour chaque tour de scrutin, \u00e0 recevoir le bulletin de vote et deux  \nenveloppes d'envoi portant les mentions \u00abElection des Juges du Tribunal de Commerce. \u2013  \nVote par correspondance\u00bb, \u00abJuridiction :\u00bb, et \u00abNom, pr\u00e9noms et signature de l'\u00e9lecteur \u00a0:\u00bb. \nChacune de ces deux enveloppes d'envoi porte respectivement la mention \u00abPremier tour de  \nscrutin\u00bb et la mention \u00abSecond tour de scrutin\u00bb.\nChaque \u00e9lecteur vote \u00e0 l'aide d'un bulletin qu'il r\u00e9dige lui-m\u00eame. Il peut aussi utiliser l'un des  \nbulletins imprim\u00e9s envoy\u00e9s par les candidats apr\u00e8s avis de la Commission d'organisation des  \n\u00e9lections.  Ce  bulletin  imprim\u00e9  peut  \u00eatre  modifi\u00e9  de  fa\u00e7on  manuscrite  par  l'\u00e9lecteur \nsouhaitant en retrancher ou y ajouter des noms.\nChaque \u00e9lecteur ne met sous enveloppe qu'un seul bulletin.\nLe nombre des candidats d\u00e9sign\u00e9s par chaque \u00e9lecteur sur son bulletin doit \u00eatre \u00e9gal ou  \ninf\u00e9rieur \u00e0 celui des juges \u00e0 \u00e9lire.\nLes suffrages exprim\u00e9s en faveur des personnes dont la candidature n'a pas \u00e9t\u00e9 enregistr\u00e9e  \net affich\u00e9e en pr\u00e9fecture ne sont pas compt\u00e9s lors du recensement des votes.\nPour chaque tour de scrutin, l'\u00e9lecteur place son bulletin de vote dans l'enveloppe \u00e9lectorale  \net place cette enveloppe dans l'enveloppe d'envoi pr\u00e9vue pour le tour de scrutin consid\u00e9r\u00e9.  \nIl adresse cette deuxi\u00e8me enveloppe sous pli ferm\u00e9 au pr\u00e9fet, par voie postale.\nArticle 7\u00a0: le pr\u00e9fet dresse une liste des \u00e9lecteurs dont il a re\u00e7u l'enveloppe d'acheminement  \ndes votes. La liste est close la veille du d\u00e9pouillement du premier tour de scrutin \u00e0 dix-huit  \nheures (mardi 7 octobre 2025).\nLes plis parvenant ult\u00e9rieurement portent la mention de la date et de l'heure auxquelles ils  \nsont parvenus \u00e0 la pr\u00e9fecture et sont conserv\u00e9s par le pr\u00e9fet.\nLa liste est remise avec les enveloppes cachet\u00e9es contenant les enveloppes \u00e9lectorales au  \npr\u00e9sident de la Commission d'organisation des \u00e9lections avant le d\u00e9but des op\u00e9rations de  \nd\u00e9pouillement.\n4/6\nPrefecture du Gard - 30-2025-08-22-00002 - AP DE CONVOCATION DES ELECTEURS POUR L'ELECTION 2025 DES JUGES AU TRIUBNAL\nDE COMMERCE DE NIMES 48\nEntre le premier et le second tour de scrutin, le pr\u00e9fet dresse la liste des \u00e9lecteurs dont il a  \nre\u00e7u l'enveloppe d'acheminement des votes pour le second tour. Il cl\u00f4t la liste la veille du  \nd\u00e9pouillement  du  second  tour  de  scrutin  \u00e0  dix-huit  heures  (lundi  20  octobre  2025)  et \nproc\u00e8de ensuite conform\u00e9ment \u00e0 l'alin\u00e9a pr\u00e9c\u00e9dent.\nUne copie de la liste des \u00e9lecteurs pr\u00e9vue au pr\u00e9sent article tient lieu de liste d'\u00e9margement.\nA la cl\u00f4ture du scrutin, le secr\u00e9taire de la commission d'organisation des \u00e9lections porte sur  \nla  liste  d'\u00e9margement,  en  face  du  nom  de  chaque  \u00e9lecteur,  la  mention  \u00abvote  par \ncorrespondance\u00bb.  Le  pr\u00e9sident  de  la  commission  ouvre  ensuite  chaque  pli,  \u00e9nonce \npubliquement le nom de l'\u00e9lecteur, \u00e9marge et place dans une urne l'enveloppe contenant le  \nbulletin de vote pour \u00eatre d\u00e9pouill\u00e9 avec les autres.\nApr\u00e8s que toutes les enveloppes contenant les bulletins ont \u00e9t\u00e9 gliss\u00e9es dans l'urne, il est  \nproc\u00e9d\u00e9 au d\u00e9nombrement des \u00e9margements. L'urne est ouverte et le nombre d'enveloppes  \nest v\u00e9rifi\u00e9. Si ce nombre est inf\u00e9rieur ou sup\u00e9rieur \u00e0 celui des \u00e9margements, il en est fait  \nmention au proc\u00e8s-verbal.\nLes membres de la commission proc\u00e8dent au d\u00e9pouillement des bulletins contenus dans  \nl'urne. Les enveloppes d'acheminement des votes et la liste des \u00e9lecteurs ayant vot\u00e9 par  \ncorrespondance sont annex\u00e9es \u00e0 la liste d'\u00e9margement et conserv\u00e9es dans les conditions  \nfix\u00e9es \u00e0 l'article 10 du pr\u00e9sent arr\u00eat\u00e9.\nArticle  8\u00a0: les  \u00e9lections  des  juges  des  tribunaux  de  commerce  ont  lieu  au  scrutin \nplurinominal majoritaire \u00e0 deux tours.\nSont d\u00e9clar\u00e9s \u00e9lus au premier tour les candidats ayant obtenu un nombre de voix au moins  \n\u00e9gal \u00e0 la majorit\u00e9 des suffrages exprim\u00e9s et au quart des \u00e9lecteurs inscrits. Si aucun candidat  \nn'est \u00e9lu ou s'il reste des si\u00e8ges \u00e0 pourvoir, l'\u00e9lection est acquise au second tour \u00e0 la majorit\u00e9  \nrelative des suffrages exprim\u00e9s. Si plusieurs candidats obtiennent le m\u00eame nombre de voix  \nau second tour, le plus \u00e2g\u00e9 est proclam\u00e9 \u00e9lu.\nArticle 9 : le d\u00e9pouillement et le recensement des votes sont effectu\u00e9s par la commission  \nd'organisation des \u00e9lections, dont le secr\u00e9tariat communique les r\u00e9sultats au Garde des  \nSceaux, ministre de la Justice.\nLes r\u00e9sultats sont proclam\u00e9s publiquement par le pr\u00e9sident de la commission.\nLa liste des candidats \u00e9lus, \u00e9tablie dans l'ordre d\u00e9croissant du nombre de voix obtenu par  \nchacun d'entre eux, est imm\u00e9diatement affich\u00e9e au greffe du tribunal de commerce.\nLe proc\u00e8s-verbal des op\u00e9rations \u00e9lectorales est dress\u00e9 en trois exemplaires rev\u00eatus de la  \nsignature des membres de la commission d'organisation des \u00e9lections. Le premier exemplaire \nest  envoy\u00e9  au  Procureur  G\u00e9n\u00e9ral,  le  deuxi\u00e8me  au  pr\u00e9fet  (bureau  des  \u00e9lections),  et  le \ntroisi\u00e8me est conserv\u00e9 au greffe du tribunal de commerce.\nArticle 10 : la liste d'\u00e9margement sign\u00e9e par le pr\u00e9sident de la commission d'organisation des  \n\u00e9lections demeure d\u00e9pos\u00e9e pendant huit jours au greffe du tribunal de commerce o\u00f9 elle est \ncommuniqu\u00e9e \u00e0 tout \u00e9lecteur qui en fait la demande.\n5/6\nPrefecture du Gard - 30-2025-08-22-00002 - AP DE CONVOCATION DES ELECTEURS POUR L'ELECTION 2025 DES JUGES AU TRIUBNAL\nDE COMMERCE DE NIMES 49\nArticle 11  :  dans un d\u00e9lai de huit jours \u00e0 compter de la proclamation des r\u00e9sultats, tout  \n\u00e9lecteur peut contester la r\u00e9gularit\u00e9 des op\u00e9rations \u00e9lectorales devant le tribunal judiciaire  \ndans le ressort duquel se trouve situ\u00e9 le si\u00e8ge du tribunal de commerce.\nLe recours est form\u00e9 par d\u00e9claration faite, remise ou adress\u00e9e au greffe du tribunal judiciaire. \nLa d\u00e9claration indique les nom, pr\u00e9noms et adresse du requ\u00e9rant, la qualit\u00e9 en laquelle il agit  \net l'objet du recours. La d\u00e9claration mentionne les nom, pr\u00e9noms et adresse de la ou des  \npersonnes dont l'\u00e9lection est contest\u00e9e.\nLe  recours  est  port\u00e9  \u00e0  la  connaissance  du  pr\u00e9sident  du  tribunal  de  commerce  et  du \nProcureur de la R\u00e9publique par le greffe du tribunal judiciaire.\nArticle 12\u00a0: le secr\u00e9taire g\u00e9n\u00e9ral de la pr\u00e9fecture du Gard,  le Premier pr\u00e9sident de la cour  \nd'appel de NIMES sont charg\u00e9s, chacun en ce qui le concerne, de l'ex\u00e9cution du pr\u00e9sent  \narr\u00eat\u00e9  dont  copie  sera  adress\u00e9e  au p r\u00e9sident  du  tribunal  de  commerce  de  NIMES,  au \nmagistrat, pr\u00e9sident de la commission d'organisation des \u00e9lections et aux sous-pr\u00e9fets des  \narrondissements d'ALES et du VIGAN.\n    \u00e0  N\u00eemes,\nLe pr\u00e9fet,\npour le pr\u00e9fet et par d\u00e9l\u00e9gation,\nle secr\u00e9taire g\u00e9n\u00e9ral\n6/6\nPrefecture du Gard - 30-2025-08-22-00002 - AP DE CONVOCATION DES ELECTEURS POUR L'ELECTION 2025 DES JUGES AU TRIUBNAL\nDE COMMERCE DE NIMES 50\nPrefecture du Gard\n30-2025-08-27-00003\nARR\u00caT\u00c9 N\u00b030-2025-08-27-00003\nautorisant la captation, l'enregistrement et la\ntransmission d'images\nau moyen de cam\u00e9ras install\u00e9es sur des a\u00e9ronefs\nLES ANGLES  -4 -09 au 04-10-25\nPrefecture du Gard - 30-2025-08-27-00003 - ARR\u00caT\u00c9 N\u00b030-2025-08-27-00003\nautorisant la captation, l'enregistrement et la transmission d'images\nau moyen de cam\u00e9ras install\u00e9es sur des a\u00e9ronefs LES ANGLES  -4 -09 au 04-10-25\n51\n| of ae CabinetPREFET Direction des s\u00e9curit\u00e9sDU GARD Service d'animation des politiques de s\u00e9curit\u00e9 int\u00e9rieureLibert\u00e9 |\u00c9galit\u00e9Fraternit\u00e9 ARR\u00caT\u00c9 N\u00b030-2025-08-autorisant la captation, l'enregistrement et la transmission d'imagesau moyen de cam\u00e9ras install\u00e9es sur des a\u00e9ronefsLe Pr\u00e9fet,Chevalier de la L\u00e9gion d'Honneur,Chevalier de l'Ordre national du M\u00e9rite,Vu le Code de la s\u00e9curit\u00e9 int\u00e9rieure et notamment ses articles L. 242-1 \u00e0 L. 242-8 et R. 242-8aR. 242-14;\nVu le d\u00e9cret n\u00b0 2004-374 du 29 avril 2004 relatif aux pouvoirs des pr\u00e9fets, \u00e0 l'organisationet \u00e0 l'action des services de |' Etat dans les r\u00e9gions et d\u00e9partements ;\nVu le d\u00e9cret du 13 juillet 2023 nommant M. J\u00e9r6me BONET, pr\u00e9fet du Gard >\nVu l'arr\u00eat\u00e9 pr\u00e9fectoral du 18 octobre 2024 n\u00b030-2024-10-18-00005 donnant d\u00e9l\u00e9gation designature \u00e0 M. Yann GERARD, secr\u00e9taire g\u00e9n\u00e9ral de la pr\u00e9fecture du Gard, sous-pr\u00e9fet de'arrondissement de Nimes ;\nVu l'arr\u00eat\u00e9 pr\u00e9fectoral du 18 octobre 2024 n\u00b030-2024-10-18-00006 donnant d\u00e9l\u00e9gation designature a M. Mathias NIEPS, sous-pr\u00e9fet, charg\u00e9 de mission aupr\u00e9s du pr\u00e9fet du Gard,secr\u00e9taire g\u00e9n\u00e9ral adjoint de la pr\u00e9fecture du Gard;Vu l'arr\u00eat\u00e9 pr\u00e9fectoral n\u00b030-2024-10-18-00009 du 18 octobre 2024 donnant d\u00e9l\u00e9gation designature \u00e0 Mme Marie-Charlotte EUVRARD, sous-pr\u00e9f\u00e8te, directrice de cabinet du pr\u00e9fetdu Gard;\nVu l'arr\u00eat\u00e9 pr\u00e9fectoral n\u00b0 30-2024-11-28-00004 du 28 novembre 2024 donnant d\u00e9l\u00e9gation designature \u00e0 M. Franck LACOSTE, directeur des s\u00e9curit\u00e9s, directeur de cabinet adjoint du pr\u00e9fetdu Gard ;\nVu l'activation du plan Vigipirate au niveau urgence attentat ;\nVu l'arr\u00eat\u00e9 du ministre de l'Int\u00e9rieur et des outre-mer, en date du 19 avril 2023 relatif aunombre maximal de cam\u00e9ras install\u00e9es sur des a\u00e9ronefs pouvant \u00eatre simultan\u00e9mentutilis\u00e9es dans chaque d\u00e9partement et collectivit\u00e9 d'outre-mer ;\nVu l'arr\u00eat\u00e9 n\u00b030-2024-07-05 du 7 mai 2024 autorisant la captation, l'enregistrement et latransmission d'images au moyen de cam\u00e9ras install\u00e9es sur des a\u00e9ronefs ;\nPrefecture du Gard - 30-2025-08-27-00003 - ARR\u00caT\u00c9 N\u00b030-2025-08-27-00003\nautorisant la captation, l'enregistrement et la transmission d'images\nau moyen de cam\u00e9ras install\u00e9es sur des a\u00e9ronefs LES ANGLES  -4 -09 au 04-10-25\n52\nVu la demande en date du 19 ao\u00fbt 2025 form\u00e9e par la direction interd\u00e9partementale de lapolice nationale du Vaucluse, visant \u00e0 obtenir l'autorisation de capter, d'enregistrer et detransmettre des images au moyen de cam\u00e9ras install\u00e9es sur des a\u00e9ronefs sans \u00e9quipage \u00e0bord, afin de pr\u00e9venir les atteintes \u00e0 la s\u00e9curit\u00e9 des personnes et des biens au sein dup\u00e9rim\u00e8tre de la ville de Les Angles; |Consid\u00e9rant que les dispositions susvis\u00e9es permettent aux forces de s\u00e9curit\u00e9 int\u00e9rieure,dans l'exercice de leurs missions de protection de la s\u00e9curit\u00e9 des personnes et des biens,de proc\u00e9der \u00e0 la captation, \u00e0 l'enregistrement et \u00e0 la transmission d'images au moyen decam\u00e9ras install\u00e9es sur des a\u00e9ronefs aux fins d'assurer la s\u00e9curit\u00e9 des personnes et desbiens ; que notamment, le 1\u00b0 de l'article L. 242-5 susvis\u00e9 pr\u00e9voit que ces dispositifs peuvent\u00eatre mis en \u0153uvre au titre de la pr\u00e9vention des atteintes \u00e0 la s\u00e9curit\u00e9 des personnes et desbiens dans des lieux particuli\u00e8rement expos\u00e9s, en raison de leurs caract\u00e9ristiques ou desfaits qui s'y sont d\u00e9j\u00e0 d\u00e9roul\u00e9s, \u00e0 des risques d'agression, de vol ou de trafics d'armes,d'\u00eatres humains ou de stup\u00e9fiants, ainsi que la protection des b\u00e2timents et installationspublics et de leurs abords imm\u00e9diats, lorsqu'ils sont particuli\u00e8rement expos\u00e9s \u00e0 desrisques d'intrusion ou de d\u00e9gradations ;\nConsid\u00e9rant que la ville Les Angles y compris sa zone commerciale Leclerc estr\u00e9guli\u00e8rement un secteur privil\u00e9gi\u00e9 pour les vols par effraction et par ruse ;Consid\u00e9rant que compte tenu du risque d'atteintes \u00e0 la s\u00e9curit\u00e9 des personnes et desbiens, ainsi qu'\u00e0 la s\u00e9curit\u00e9 publique, de la sensibilit\u00e9 du quartier, de la topographieurbaine des lieux concern\u00e9s, et de l'int\u00e9r\u00eat de disposer d'une vision en grand angle pourpermettre le suivi des mouvements de personnes tout en limitant l'engagement des forcesau sol, le recours au dispositif de captation install\u00e9 sur un drone est n\u00e9cessaire et adapt\u00e9 ;que l'utilisation des autres moyens est susceptible d'entra\u00eener des menaces graves pourl'int\u00e9grit\u00e9 physique des agents et qu'il n'existe ainsi pas de dispositif moins intrusifpermettant de parvenir aux m\u00eames fins ; |Consid\u00e9rant que la demande porte sur l'engag\u00e9ment d'une cam\u00e9ra install\u00e9e sur desa\u00e9ronefs sans \u00e9quipage \u00e0 bord (drones) du 04 septembre 2025 \u00e0 06h00 au 04 octobre 2025\u00e0 OOhOO dans le secteur ci-dessus cit\u00e9 ; que les lieux surveill\u00e9s sont ainsi strictement limit\u00e9sau p\u00e9rim\u00e8tre sur lequel les atteintes \u00e0 la s\u00e9curit\u00e9 des personnes et des biens ont \u00e9t\u00e9constat\u00e9es et au sein duquel sont susceptibles de se commettre les atteintes que l'usagedes cam\u00e9ras a\u00e9roport\u00e9es vise \u00e0 pr\u00e9venir; que la dur\u00e9e de l'autorisation est \u00e9galementadapt\u00e9e \u00e0 l'objectif poursuivi; qu'au regard des circonstances susmentionn\u00e9es, lademande n'appara\u00eet pas disproportionn\u00e9e ;Consid\u00e9rant que le recours \u00e0 la captation, l'enregistrement et la transmission d'imagesferont l'objet d'une publication au recueil des actes administratifs de la pr\u00e9fecture duGard ; que toutefois, en vertu de l'article R. 242-13 du Code de la s\u00e9curit\u00e9 int\u00e9rieure, il y alieu de d\u00e9roger au principe d'information du public d\u00e8s lors que cette information est encontradiction avec la finalit\u00e9 pour laquelle le dispositif est autoris\u00e9 ;Sur proposition de la directrice de cabinet du pr\u00e9fet du Gard;\nPrefecture du Gard - 30-2025-08-27-00003 - ARR\u00caT\u00c9 N\u00b030-2025-08-27-00003\nautorisant la captation, l'enregistrement et la transmission d'images\nau moyen de cam\u00e9ras install\u00e9es sur des a\u00e9ronefs LES ANGLES  -4 -09 au 04-10-25\n53\nARRETEArticle 1 - La captation, l'enregistrement et la transmission d'images par la directioninterd\u00e9partementale de la police nationale du Vaucluse, sont autoris\u00e9s au titre de lapr\u00e9vention des atteintes a la s\u00e9curit\u00e9 des personnes et des biens et de l'appui despersonnels au sol.\nArticle 2 - Le nombre maximal de cam\u00e9ras pouvant proc\u00e9der simultan\u00e9ment aux_ traitements mentionn\u00e9s \u00e0 l'article 1\" est fix\u00e9 \u00e0 1 (mod\u00e8le D)JI).\nArticle 3 - La pr\u00e9sente autorisation est limit\u00e9e au p\u00e9rim\u00e8tre g\u00e9ographique ci-dessus cit\u00e9.Article 4 - La pr\u00e9sente autorisation est d\u00e9livr\u00e9e du 04 septembre 2025 \u00e0 06h00 au04 octobre 2025 \u00e0 00h00.Article 5 - Le registre mentionn\u00e9 \u00e0 l'article L. 242-4 du Code de la s\u00e9curit\u00e9 int\u00e9rieure esttransmis au repr\u00e9sentant de l'\u00c9tat dans le d\u00e9partement \u00e0 l'issue de la p\u00e9riode consid\u00e9r\u00e9e.Article 6 - Le pr\u00e9sent arr\u00eat\u00e9 peut faire l'objet d'un recours gracieux aupr\u00e8s de Monsieur lepr\u00e9fet du Gard (Pr\u00e9fecture du Gard 30045 Nimes Cedex 9), d'un recours hi\u00e9rarchiqueadress\u00e9 \u00e0 Monsieur le ministre de l'Int\u00e9rieur \u2014 place Beauvau 75008 Paris) ou d'un recourscontentieux devant le tribunal administratif de N\u00eemes, dans un d\u00e9lai de deux mois suivantsa publication. Le tribunal administratif peut aussi \u00eatre saisi par l'application informatique\u00abTelerecours Citoyens\u00bb accessible par le site internet www.telerecours.fr.Article 7 - La directrice de cabinet du pr\u00e9fet du Gard, le directeur interd\u00e9partemental dela police nationale du Vaucluse, sont charg\u00e9s, chacun en ce qui le concerne, de l'ex\u00e9cutiondu pr\u00e9sent arr\u00eat\u00e9. | N\u00eemes leLe pr\u00e9fet,\nPour le pr\u00e9fet,le sous-pr\u00e9fet,secr\u00e9taire general adjoint\nathias Ni\nPrefecture du Gard - 30-2025-08-27-00003 - ARR\u00caT\u00c9 N\u00b030-2025-08-27-00003\nautorisant la captation, l'enregistrement et la transmission d'images\nau moyen de cam\u00e9ras install\u00e9es sur des a\u00e9ronefs LES ANGLES  -4 -09 au 04-10-25\n54\nPrefecture du Gard - 30-2025-08-27-00003 - ARR\u00caT\u00c9 N\u00b030-2025-08-27-00003\nautorisant la captation, l'enregistrement et la transmission d'images\nau moyen de cam\u00e9ras install\u00e9es sur des a\u00e9ronefs LES ANGLES  -4 -09 au 04-10-25\n55\nFichier Edition Affichage Historique Marque-pages Qutils Aide& Portail Police Nationale x ) IDIC-SI - \u00e9dition +CG @\nPrefecture du Gard - 30-2025-08-27-00003 - ARR\u00caT\u00c9 N\u00b030-2025-08-27-00003\nautorisant la captation, l'enregistrement et la transmission d'images\nau moyen de cam\u00e9ras install\u00e9es sur des a\u00e9ronefs LES ANGLES  -4 -09 au 04-10-25\n56\nPrefecture du Gard - 30-2025-08-27-00003 - ARR\u00caT\u00c9 N\u00b030-2025-08-27-00003\nautorisant la captation, l'enregistrement et la transmission d'images\nau moyen de cam\u00e9ras install\u00e9es sur des a\u00e9ronefs LES ANGLES  -4 -09 au 04-10-25\n57\nPrefecture du Gard\n30-2025-08-27-00002\nArr\u00eat\u00e9 pr\u00e9fectoral N\u00b030-2025-08-27-00002\nautorisant la captation, l'enregistrement et la\ntransmission d'images\nau moyen de cam\u00e9ras install\u00e9es sur des a\u00e9ronefs\nPrefecture du Gard - 30-2025-08-27-00002 - Arr\u00eat\u00e9 pr\u00e9fectoral N\u00b030-2025-08-27-00002\nautorisant la captation, l'enregistrement et la transmission d'images\nau moyen de cam\u00e9ras install\u00e9es sur des a\u00e9ronefs\n58\n| = CabinetPREFET | | Direction des s\u00e9curit\u00e9sDU GARD Service d'animation des politiques de s\u00e9curit\u00e9 int\u00e9rieureLibert\u00e9\u00c9galit\u00e9Fraternit\u00e9 ARR\u00caT\u00c9 N\u00b030-2025-08-autorisant la captation, l'enregistrement et la transmission d'imagesau moyen de cam\u00e9ras install\u00e9es sur des a\u00e9ronefsLe Pr\u00e9fet,Chevalier de la L\u00e9gion d'Honneur,Chevalier de l'Ordre national du M\u00e9rite,Vu le Code de la s\u00e9curit\u00e9 int\u00e9rieure et notamment ses articles L. 242-1 \u00e0 L. 242-8 et R. 242-8aR. 242-14; .\nVu le d\u00e9cret n\u00b0 2004-374 du 29 avril 2004 relatif aux pouvoirs des pr\u00e9fets, a l'organisationet \u00e0 l'action des services de l'\u00c9tat dans les r\u00e9gions et d\u00e9partements :Vu le d\u00e9cret du 13 juillet 2023 nommant M. J\u00e9r\u00f4me BONET, pr\u00e9fet du Gard ;Vu l'arr\u00eat\u00e9 pr\u00e9fectoral du 18 octobre 2024 n\u00b030-2024-10-18-00005 donnant d\u00e9l\u00e9gation designature \u00e0 M. Yann GERARD, secr\u00e9taire g\u00e9n\u00e9ral de la pr\u00e9fecture du Gard, sous-pr\u00e9fet del'arrondissement de Nimes :\nVu l'arr\u00eat\u00e9 pr\u00e9fectoral du 18 octobre 2024 n\u00b030-2024-10-18-00006 donnant d\u00e9l\u00e9gation designature \u00e0 M. Mathias NIEPS, sous-pr\u00e9fet, charg\u00e9 de mission aupr\u00e8s du pr\u00e9fet du Gard,secr\u00e9taire g\u00e9n\u00e9ral adjoint de la pr\u00e9fecture du Gard;Vu l'arr\u00eat\u00e9 pr\u00e9fectoral n\u00b030-2024-10-18-00009 du 18 octobre 2024 donnant d\u00e9l\u00e9gation designature \u00e0 Mme Marie-Charlotte EUVRARD, sous-pr\u00e9f\u00e8te, directrice de cabinet du pr\u00e9fetdu Gard ;\nVu l'arr\u00eat\u00e9 pr\u00e9fectoral n\u00b0 30-2024-11-28-00004 du 28 novembre 2024 donnant d\u00e9l\u00e9gation designature \u00e0 M. Franck LACOSTE, directeur des s\u00e9curit\u00e9s, directeur de cabinet adjoint du pr\u00e9fetdu Gard ;\nVu l'activation du plan Vigipirate au niveau urgence attentat :Vu l'arr\u00eat\u00e9 du ministre de l'Int\u00e9rieur et des outre-mer, en date du 19 avril 2023 relatif aunombre maximal de cam\u00e9ras install\u00e9es sur des: a\u00e9ronefs pouvant \u00eatre simultan\u00e9mentutilis\u00e9es dans chaque d\u00e9partement et collectivit\u00e9 d'outre-mer :Vu l'arr\u00eat\u00e9 n\u00b030-2024-07-05 du 7 mai 2024 autorisant la captation, l'enregistrement et latransmission d'images au moyen de cam\u00e9ras install\u00e9es sur des a\u00e9ronefs :\nPrefecture du Gard - 30-2025-08-27-00002 - Arr\u00eat\u00e9 pr\u00e9fectoral N\u00b030-2025-08-27-00002\nautorisant la captation, l'enregistrement et la transmission d'images\nau moyen de cam\u00e9ras install\u00e9es sur des a\u00e9ronefs\n59\nVu la demande en date du 20 ao\u00fbt 2025 form\u00e9e par la direction interd\u00e9partementale de lapolice nationale du Gard, visant a obtenir l'autorisation de capter, d'enregistrer et detransmettre des images au moyen de cam\u00e9ras install\u00e9es sur des a\u00e9ronefs sans \u00e9quipage \u00e0bord, afin de pr\u00e9venir les atteintes \u00e0 la s\u00e9curit\u00e9 des personnes et des biens au sein dup\u00e9rim\u00e8tre pr\u00e9cis\u00e9 en annexe du pr\u00e9sent arr\u00eat\u00e9, dans les quartiers de Pissevin et Valdegourdu 1\u00b0 septembre 2025 \u00e0 06h00 au 21 septembre 2025 \u00e0 23h59 ;Consid\u00e9rant que les dispositions susvis\u00e9es permettent aux forces de s\u00e9curit\u00e9 int\u00e9rieure,dans l'exercice de leurs missions de protection de la s\u00e9curit\u00e9 des personnes et des biens,de proc\u00e9der \u00e0 la captation, \u00e0 l'enregistrement et \u00e0 la transmission d'images au moyen decam\u00e9ras install\u00e9es sur des a\u00e9ronefs aux fins d'assurer la s\u00e9curit\u00e9 des personnes et desbiens ; que notamment, le 1\u00b0 de l'article L. 242-5 susvis\u00e9 pr\u00e9voit que ces dispositifs peuvent\u00eatre mis en \u0153uvre au titre de la pr\u00e9vention des atteintes \u00e0 la s\u00e9curit\u00e9 des personnes et desbiens dans des lieux particuli\u00e8rement expos\u00e9s, en raison de leurs caract\u00e9ristiques ou desfaits qui s'y sont d\u00e9j\u00e0 d\u00e9roul\u00e9s, \u00e0 des risques d'agression, de vol ou de trafics d'armes,d'\u00eatres humains ou de stup\u00e9fiants, ainsi que la protection des b\u00e2timents et installationspublics et de leurs abords imm\u00e9diats, lorsqu'ils sont particuli\u00e8rement expos\u00e9s \u00e0 desrisques d'intrusion ou de d\u00e9gradations ;\nConsid\u00e9rant les pressions et menaces exerc\u00e9es sur les habitants et les services publics parles membres du trafic de stup\u00e9fiants au sein des quartiers de Pissevin et Valdegour ;Consid\u00e9rant que les forces de l'ordre, mobilis\u00e9es de fa\u00e7on significative face \u00e0 la r\u00e9currenceet la gravit\u00e9 des faits de d\u00e9linquance de voie publique en lien avec le trafic de stup\u00e9fiants,subissent de nombreux jets de projectiles lors de leurs interventions dans les quartiers dela ville de N\u00eemes ;Consid\u00e9rant que les quartiers de Pissevin et Valdegour b\u00e9n\u00e9ficient du programme derenouvellement urbain (ANRU) avec un engagement de nombreuse soci\u00e9t\u00e9s sur diff\u00e9rentschantiers ; que les employ\u00e9s ont fait valoir leur droit de retrait apr\u00e8s avoir \u00e9t\u00e9 menac\u00e9s etque les zones de travaux ont subi des d\u00e9gradations ;Consid\u00e9rant que la ville de N\u00eemes a \u00e9t\u00e9 retenue au titre du dispositif \u00ab ville de s\u00e9curit\u00e9renforc\u00e9e \u00bb ;\nConsid\u00e9rant que compte tenu du risque d'atteintes \u00e0 la s\u00e9curit\u00e9 des personnes et desbiens, ainsi qu'\u00e0 la s\u00e9curit\u00e9 publique, de la sensibilit\u00e9 du quartier, de la topographieurbaine des lieux concern\u00e9s, et de l'int\u00e9r\u00eat de disposer d'une vision en grand angle pourpermettre le suivi des mouvements de personnes tout en limitant l'engagement des forcesau sol, le recours au dispositif de captation install\u00e9 sur un drone est n\u00e9cessaire et adapt\u00e9 ;que l'utilisation des autres moyens est susceptible d'entra\u00eener des menaces graves pourl'int\u00e9grit\u00e9 physique des agents et qu'il n'existe ainsi pas de dispositif moins intrusifpermettant de parvenir aux m\u00eames fins ;Consid\u00e9rant que la demande porte sur l'engagement d'une cam\u00e9ra install\u00e9e sur desa\u00e9ronefs sans \u00e9quipage \u00e0 bord (drones) du 1\u00b0 septembre 2025 \u00e0 06h00 au 21 septembre2025 \u00e0 23h59 dans le secteur ci-dessus cit\u00e9 ; que les lieux surveill\u00e9s sont ainsi strictementlimit\u00e9s au p\u00e9rim\u00e8tre sur lequel les atteintes \u00e0 la s\u00e9curit\u00e9 des personnes et des biens ont \u00e9t\u00e9\nPrefecture du Gard - 30-2025-08-27-00002 - Arr\u00eat\u00e9 pr\u00e9fectoral N\u00b030-2025-08-27-00002\nautorisant la captation, l'enregistrement et la transmission d'images\nau moyen de cam\u00e9ras install\u00e9es sur des a\u00e9ronefs\n60\nconstat\u00e9es et au sein duquel sont susceptibles de se commettre les atteintes que l'usagedes cam\u00e9ras a\u00e9roport\u00e9es vise \u00e0 pr\u00e9venir ; que la dur\u00e9e de l'autorisation est \u00e9galementadapt\u00e9e \u00e0 l'objectif poursuivi; qu'au regard des circonstances susmentionn\u00e9es, lademande n'appara\u00eet pas disproportionn\u00e9e ;\nConsid\u00e9rant que le recours a la captation, l'enregistrement et la transmission d'imagesferont l'objet d'une publication au recueil des actes administratifs de la pr\u00e9fecture duGard ; que toutefois, en vertu de l'article R. 242-13 du Code de la s\u00e9curit\u00e9 int\u00e9rieure, il y alieu de d\u00e9roger au principe d'information du public d\u00e8s lors que cette information est encontradiction avec la finalit\u00e9 pour laquelle le dispositif est autoris\u00e9 ;Sur proposition de la directrice de cabinet du pr\u00e9fet du Gard ;ARR\u00caTEArticle 1 - La captation, l'enregistrement et la transmission d'images par la directioninterd\u00e9partementale de la police nationale du Gard, sont autoris\u00e9s au titre de lapr\u00e9vention des atteintes \u00e0 la s\u00e9curit\u00e9 des personnes et des biens et de l'appui despersonnels au sol.\nArticle 2 - Le nombre maximal de cam\u00e9ras pouvant proc\u00e9der simultan\u00e9ment auxtraitements mentionn\u00e9s \u00e0 l'article 1\u00b0 est fix\u00e9 \u00e0 1 (mod\u00e8le Djl).\nArticle 3 - La pr\u00e9sente autorisation est limit\u00e9e au p\u00e9rim\u00e8tre g\u00e9ographique ci-dessus cit\u00e9.\nArticle 4 - La pr\u00e9sente autorisation est d\u00e9livr\u00e9e du 1% septembre 2025 \u00e0 06h00 au21 septembre 2025 \u00e0 23h59.\nArticle 5 - Le registre mentionn\u00e9 \u00e0 l'article L. 242-4 du Code de la s\u00e9curit\u00e9 int\u00e9rieure esttransmis au repr\u00e9sentant de l'\u00c9tat dans le d\u00e9partement \u00e0 l'issue de la p\u00e9riode consid\u00e9r\u00e9e.Article 6 - Le pr\u00e9sent arr\u00eat\u00e9 peut faire l'objet d'un recours gracieux aupr\u00e8s de Monsieur lepr\u00e9fet du Gard (Pr\u00e9fecture du Gard 30045 Nimes Cedex 9), d'un recours hi\u00e9rarchiqueadress\u00e9 \u00e0 Monsieur le ministre de l'Int\u00e9rieur \u2014 place Beauvau 75008 Paris) ou d'un recourscontentieux devant le tribunal administratif de N\u00eemes, dans un d\u00e9lai de deux mois suivantsa publication. Le tribunal administratif peut aussi \u00eatre saisi par l'application informatique\u00abTelerecours Citoyens\u00bb accessible par le site internet www.telerecours.fr.Article 7 - La directrice de cabinet du pr\u00e9fet du Gard, le directeur interd\u00e9partemental dela police nationale du Gard, sont charg\u00e9s, chacun en ce qui le concerne, de l'ex\u00e9cution dupr\u00e9sent arr\u00eat\u00e9. N\u00eemes leLe pr\u00e9fet,Pour le pr\u00e9fet,le sous-pr\u00e9fet,secr\u00e9taire general adjoint\nPrefecture du Gard - 30-2025-08-27-00002 - Arr\u00eat\u00e9 pr\u00e9fectoral N\u00b030-2025-08-27-00002\nautorisant la captation, l'enregistrement et la transmission d'images\nau moyen de cam\u00e9ras install\u00e9es sur des a\u00e9ronefs\n61\nPaLy}\"ty\nPrefecture du Gard - 30-2025-08-27-00002 - Arr\u00eat\u00e9 pr\u00e9fectoral N\u00b030-2025-08-27-00002\nautorisant la captation, l'enregistrement et la transmission d'images\nau moyen de cam\u00e9ras install\u00e9es sur des a\u00e9ronefs\n62\nBd Jean JauresRue de VerdunAvenue G, PompidouRoute de SauveChemin de ValdegourBd des Fran\u00e7ais Libres (N106)Bd Pasteur Marc BOEGNER (N106)Avenue G. DayanRue Arnavielle\nPrefecture du Gard - 30-2025-08-27-00002 - Arr\u00eat\u00e9 pr\u00e9fectoral N\u00b030-2025-08-27-00002\nautorisant la captation, l'enregistrement et la transmission d'images\nau moyen de cam\u00e9ras install\u00e9es sur des a\u00e9ronefs\n63\nPrefecture du Gard - 30-2025-08-27-00002 - Arr\u00eat\u00e9 pr\u00e9fectoral N\u00b030-2025-08-27-00002\nautorisant la captation, l'enregistrement et la transmission d'images\nau moyen de cam\u00e9ras install\u00e9es sur des a\u00e9ronefs\n64","date":"2025-08-29","first_seen_on":"2025-08-29T14:15:09+00:00","id":"5bb5307c5b4840aa92976790a851a8995b04ce17f4d32346ee8dbf40f3458801","name":"recueil-30-2025-153-normal du 29 08 2025","pdf_creation_date":"2025-08-29T14:04:19+00:00","pdf_modification_date":null,"timezone":"Europe/Paris","url":"https://www.gard.gouv.fr/contenu/telechargement/65193/479901/file/recueil-30-2025-153-normal%20du%2029%2008%202025.pdf"}
