{"administration":"pref30","administration_name":"Pr\u00e9fecture du Gard","content":"PR\u00c9FET\nDU GARD\nRECUEIL DES ACTES\nADMINISTRATIFS\nN\u00b030-2025-195\nPUBLI\u00c9 LE 31 OCTOBRE 2025\nSommaire\nDirection D\u00e9partementale des Tetrritoires et de la Mer du Gard /\n30-2025-10-27-00003 - Arr\u00eat\u00e9 portant prescriptions modificatives \u00e0\nl'arr\u00eat\u00e9 pr\u00e9fectoral n\u00b030-2021-09-02-00003 du 2 septembre 2021\nportant prescriptions compl\u00e9mentaires au titre de l'article L;214-3 du\ncode de l'environnement aux ouvrages de pr\u00e9l\u00e8vement en eau \u00e0 usage\nd'irrigation exploit\u00e9s par Fran\u00e7oise NOUGUIER  sur la commune de\nSaint-Andr-de-Valborgne (4 pages) Page 4\n30-2025-10-27-00004 - Arr\u00eat\u00e9 portant prorogation de la d\u00e9claration\nd'utilit\u00e9 publique l'expropriation de biens immobiliers expos\u00e9s \u00e0 un\nrisque naturel majeur d'inondation sur le territoire des communes\nd'Aramon, Collias, et Remoulins, et cessibilit\u00e9 des terrains n\u00e9cessaires\nen vue de la mise en s\u00e9curit\u00e9 d'occupants (4 pages) Page 9\nPrefecture du Gard /\n30-2025-10-23-00002 - Arr\u00eat\u00e9 interpr\u00e9fectoral fixant la composition de\nl'organe d\u00e9lib\u00e9rant (nombre et r\u00e9partition des si\u00e8ges) de la\nCommunaut\u00e9 de Communes des \"C\u00e9vennes Gangeoises et\nSum\u00e9noises\" \u00e0 compter du prochain renouvellement g\u00e9n\u00e9ral des\nconseils municipaux de mars 2026 (2 pages) Page 14\n30-2025-10-20-00022 - Arr\u00eat\u00e9 interpr\u00e9fectoral portant composition du\nconseil communautaire de la Communaut\u00e9 de Communes Mont Loz\u00e8re\n\u00e0 compter du prochain renouvellement g\u00e9n\u00e9ral des conseils\nmunicipaux (4 pages) Page 17\n30-2025-10-20-00021 - Arr\u00eat\u00e9 interpr\u00e9fectoral portant recomposition\ndu conseil communautaire de la Communaut\u00e9 de Communes Mont\nLoz\u00e8re \u00e0 compter du prochain renouvellement g\u00e9n\u00e9ral des conseils\nmunicipaux (4 pages) Page 22\n30-2025-10-20-00008 - Arr\u00eat\u00e9 portant recomposition de la r\u00e9partition\ndes si\u00e8ges de l'organe d\u00e9lib\u00e9rant de la Communaut\u00e9\nd'agglom\u00e9ration du Gard Rhodanien (4 pages) Page 27\n30-2025-10-20-00011 - Arr\u00eat\u00e9 portant recomposition du nombre et de la\nr\u00e9partition des si\u00e8ges de l'organe d\u00e9lib\u00e9rant de la Communaut\u00e9\nd'Agglom\u00e9ration de N\u00eemes M\u00e9tropole (2 pages) Page 32\n30-2025-10-20-00020 - Arr\u00eat\u00e9 portant recomposition du nombre et de la\nr\u00e9partition des si\u00e8ges de l'organe d\u00e9lib\u00e9rant de la Communaut\u00e9\nde Communes Beaucaire Terre d'Argence (2 pages) Page 35\n30-2025-10-20-00018 - Arr\u00eat\u00e9 portant recomposition du nombre et de la\nr\u00e9partition des si\u00e8ges de l'organe d\u00e9lib\u00e9rant de la Communaut\u00e9\nde communes Causses Aigoual C\u00e9vennes \"Terres Solidaires\" (4 pages) Page 38\n2\n30-2025-10-20-00019 - Arr\u00eat\u00e9 portant recomposition du nombre et de la\nr\u00e9partition des si\u00e8ges de l'organe d\u00e9lib\u00e9rant de la Communaut\u00e9\nde Communes de Petite Camargue (2 pages) Page 43\n30-2025-10-20-00010 - Arr\u00eat\u00e9 portant recomposition du nombre et de la\nr\u00e9partition des si\u00e8ges de l'organe d\u00e9lib\u00e9rant de la Communaut\u00e9\nde communes du Pays de Sommi\u00e8res (2 pages) Page 46\n30-2025-10-20-00012 - Arr\u00eat\u00e9 portant recomposition du nombre et de la\nr\u00e9partition des si\u00e8ges de l'organe d\u00e9lib\u00e9rant de la Communaut\u00e9\nde Communes du Pays Viganais (2 pages) Page 49\n30-2025-10-20-00014 - Arr\u00eat\u00e9 portant recomposition du nombre et de la\nr\u00e9partition des si\u00e8ges de l'organe d\u00e9lib\u00e9rant de la Communaut\u00e9\nde Communes du Pi\u00e9mont C\u00e9venol (2 pages) Page 52\n30-2025-10-20-00013 - Arr\u00eat\u00e9 portant recomposition du nombre et de la\nr\u00e9partition des si\u00e8ges de l'organe d\u00e9lib\u00e9rant de la Communaut\u00e9\nde Communes du Pont du Gard (2 pages) Page 55\n30-2025-10-20-00017 - Arr\u00eat\u00e9 portant recomposition du nombre et de la\nr\u00e9partition des si\u00e8ges de l'organe d\u00e9lib\u00e9rant de la Communaut\u00e9\nde Communes Rh\u00f4ny Vistre Vidourle (2 pages) Page 58\n30-2025-10-20-00016 - Arr\u00eat\u00e9 portant recomposition du nombre et de la\nr\u00e9partition des si\u00e8ges de l'organe d\u00e9lib\u00e9rant de la Communaut\u00e9\nde Communes Terre de Camargue (2 pages) Page 61\nPrefecture du Gard / SIDPC\n30-2025-10-24-00005 - AP 2025-10-24-0136 portant modification des\nmesures de police applicables sur l'a\u00e9roport N\u00eemes Grande Provence\nM\u00e9diterran\u00e9e (4 pages) Page 64\nSous Pr\u00e9fecture d'Al\u00e8s /\n30-2025-10-28-00005 - AR Habilitation 25-10-46 du 28-10-25 Articles\nFun\u00e9raires Jeristy (2 pages) Page 69\n30-2025-10-28-00006 - AR Habilitation 25-10-47 du 28-10-25 Services\nFun\u00e9raires Jeristy (2 pages) Page 72\n3\nDirection D\u00e9partementale des Tetrritoires et de\nla Mer du Gard\n30-2025-10-27-00003\nArr\u00eat\u00e9 portant prescriptions modificatives \u00e0\nl'arr\u00eat\u00e9 pr\u00e9fectoral n\u00b030-2021-09-02-00003 du 2\nseptembre 2021 portant prescriptions\ncompl\u00e9mentaires au titre de l'article L;214-3 du\ncode de l'environnement aux ouvrages de\npr\u00e9l\u00e8vement en eau \u00e0 usage d'irrigation exploit\u00e9s\npar Fran\u00e7oise NOUGUIER  sur la commune de\nSaint-Andr-de-Valborgne\nDirection D\u00e9partementale des Tetrritoires et de la Mer du Gard - 30-2025-10-27-00003 - Arr\u00eat\u00e9 portant prescriptions modificatives \u00e0\nl'arr\u00eat\u00e9 pr\u00e9fectoral n\u00b030-2021-09-02-00003 du 2 septembre 2021 portant prescriptions compl\u00e9mentaires au titre de l'article L;214-3 du\ncode de l'environnement aux ouvrages de pr\u00e9l\u00e8vement en eau \u00e0 usage d'irrigation exploit\u00e9s par Fran\u00e7oise NOUGUIER  sur la\ncommune de Saint-Andr-de-Valborgne\n4\nExPREFETDU GARDLibert\u00e9Egalit\u00e9Fraternit\u00e9\nDirection d\u00e9partementale\ndes territoires et de la mer\nService eau et nature\nUnit\u00e9 politiques de l'eau et gestion quantitative\nARR\u00caT\u00c9 N\u00b0 30-\nportant prescriptions modificatives \u00e0 l'arr\u00eat\u00e9 pr\u00e9fectoral n\u00b0 30-2021-09-02-00003 du 2 septembre 2021 \nportant prescriptions compl\u00e9mentaires au titre de l'article L.214-3 du code de l'environnement aux \nouvrages de pr\u00e9l\u00e8vement en eau \u00e0 usage d'irrigation exploit\u00e9s par Fran\u00e7oise NOUGUIER sur la commune \nde Saint-Andr\u00e9-de-Valborgne\nLe pr\u00e9fet du Gard\nChevalier de la L\u00e9gion d'honneur\nOfficier de l'Ordre national du m\u00e9rite\nVU La directive n\u00b0 2000/60/CE du Parlement Europ\u00e9en et du Conseil du 23 octobre 2000 \u00e9tablissant un  \ncadre pour une politique communautaire dans le domaine de l'eau ;\nVU La loi n\u00b02006-1772 du 30 d\u00e9cembre 2006 sur l'eau et les milieux aquatiques ;\nVU Le d\u00e9cret du 13 juillet 2023 portant nomination du pr\u00e9fet du Gard \u2013 M. BONET J\u00e9r\u00f4me ;\nVU Le code de l'environnement ;\nVU L'arr\u00eat\u00e9 du 11 septembre 2003 portant application du d\u00e9cret n\u00b0 96-102 du 2 f\u00e9vrier 1996 et fixant les  \nprescriptions g\u00e9n\u00e9rales applicables aux pr\u00e9l\u00e8vements soumis \u00e0 autorisation en application des articles L.  \n214-1 \u00e0 L. 214-3 du code de l'environnement et relevant des rubriques 1.1.2.0, 1.2.1.0, 1.2.2.0 ou 1.3.1.0 de la \nnomenclature annex\u00e9e au d\u00e9cret n\u00b0 93-743 du 29 mars 1993 modifi\u00e9 ;\nVU L'arr\u00eat\u00e9  du  pr\u00e9fet  coordonnateur  de  bassin  du  21  mars  2022  portant  approbation  du  sch\u00e9ma \ndirecteur  d'am\u00e9nagement  et  de  gestion  des  eaux  du  bassin  Rh\u00f4ne  M\u00e9diterran\u00e9e  et  arr\u00eatant  le \nprogramme pluriannuel de mesures correspondant (SDAGE RM pour la p\u00e9riode 2022-2027) ;\nVU L'arr\u00eat\u00e9 inter-pr\u00e9fectoral n\u00b0 30-215-12-18-001 du 18 d\u00e9cembre 2015 portant approbation du sch\u00e9ma  \nd'am\u00e9nagement et de gestion des eaux (SAGE) des Gardons ;\nVU L'arr\u00eat\u00e9  inter-pr\u00e9fectoral  n\u00b0  2013303-0003  du  30  octobre  2013  portant  classement  en  Zone  de \nR\u00e9partition des Eaux du bassin versant amont des Gardons ;\nVU L'arr\u00eat\u00e9 pr\u00e9fectoral n\u00b0 30-2024-03-21-00007 du 21 mars 2024 donnant d\u00e9l\u00e9gation de signature en  \nmati\u00e8re d'administration g\u00e9n\u00e9rale \u00e0 M. S\u00e9bastien FERRA, directeur d\u00e9partemental des territoires et de la  \nmer du Gard ;\nVU La  d\u00e9cision  n\u00b02025-SF-AG02  publi\u00e9e  au  RAA  n\u00b030-2025-09-01-00001  portant  subd\u00e9l\u00e9gation  de \nsignature en mati\u00e8re d'administration g\u00e9n\u00e9rale en date du 1er septembre 2025 ;\n1\n89, rue Weber \u2013 30907 NIMES CEDEX 2\nT\u00e9l : 04 66 62 62 00 - Fax : 04 66 23 28 79 - www.gard.gouv.fr\nDirection D\u00e9partementale des Tetrritoires et de la Mer du Gard - 30-2025-10-27-00003 - Arr\u00eat\u00e9 portant prescriptions modificatives \u00e0\nl'arr\u00eat\u00e9 pr\u00e9fectoral n\u00b030-2021-09-02-00003 du 2 septembre 2021 portant prescriptions compl\u00e9mentaires au titre de l'article L;214-3 du\ncode de l'environnement aux ouvrages de pr\u00e9l\u00e8vement en eau \u00e0 usage d'irrigation exploit\u00e9s par Fran\u00e7oise NOUGUIER  sur la\ncommune de Saint-Andr-de-Valborgne\n5\nVU Le  plan  de  gestion  quantitative  de  la  ressource  en  eau  (PGRE)  du  bassin  versant  des  Gardons \napprouv\u00e9 par le pr\u00e9fet le 28 d\u00e9cembre 2018 ;\nVU L'arr\u00eat\u00e9  pr\u00e9fectoral  n\u00b0  30-2021-09-02-00003  du  2  septembre  2021  portant  prescriptions  \ncompl\u00e9mentaires au titre de l'article L.214-3 du code de l'environnement aux ouvrages de pr\u00e9l\u00e8vement  \nen  eau  \u00e0  usage  d'irrigation  exploit\u00e9s  par  Fran\u00e7oise  NOUGUIER  sur  la  commune  de  Saint-Andr\u00e9-de-\nValborgne ;\nVU Le dossier de demande d\u00e9pos\u00e9 au titre des articles L.214-1 \u00e0 L.214-6 du code de l'environnement,  \nenregistr\u00e9 sous le n\u00b0 30-2025-00129 ;\nVU L'absence d'avis du p\u00e9titionnaire sur le projet d'a rr\u00eat\u00e9 de prescriptions sp\u00e9cifiques \u00e0 d\u00e9claration  \nsollicit\u00e9 le 29 avril 2025 ;\nCONSIDERANT Que le pompage dans le Gardon de Saint-Jean effectu\u00e9 sur la parcelle C761 est exploit\u00e9  \npour permettre l'irrigation suppl\u00e9mentaire de 0,2 ha d'oignons doux du 1er mai au 15 ao\u00fbt ;\nCONSIDERANT Que la capacit\u00e9 de pompage de ce pr\u00e9l\u00e8vement est abaiss\u00e9e de 18 \u00e0 12 m\u00b3/h du fait du  \nremplacement de la pompe initiale tomb\u00e9e en panne ;\nCONSIDERANT Que selon la notification des r\u00e9sultats de l'\u00e9tude d'\u00e9valuation des volumes pr\u00e9levables, le \nbassin versant amont des Gardons pr\u00e9sente un \u00e9quilibre quantitatif pr\u00e9caire ;\nCONSIDERANT Que le bassin versant des Gardons est class\u00e9 au SDAGE Rh\u00f4ne-M\u00e9diterran\u00e9e en bassin  \nversant en d\u00e9s\u00e9quilibre quantitatif sur lequel des actions relatives aux pr\u00e9l\u00e8vements sont n\u00e9cessaires  \npour l'atteinte du bon \u00e9tat des eaux ;\nCONSIDERANT Que les pr\u00e9l\u00e8vements effectu\u00e9s par le p\u00e9titionnaire peuvent avoir un impact important  \nsur l'eau et les milieux aquatiques, notamment en p\u00e9riode d'\u00e9tiage compte tenu de la faible disponibilit\u00e9  \nde la ressource en eau superficielle ;\nCONSIDERANT Que, en application de l'article L.214-18 du code de l'environnement, les pr\u00e9l\u00e8vements  \nexistants en eaux superficielles doivent permettre, dans chaque cours d'eau, le maintien d'un d\u00e9bit  \nminimal garantissant en permanence la vie, la circulation et la reproduction des esp\u00e8ces y vivant, et  \nsup\u00e9rieur au dixi\u00e8me du module du cours d'eau en aval imm\u00e9diat ou au droit des ouvrages ;\nSUR PROPOSITION de Monsieur le directeur d\u00e9partemental des territoires et de la mer du Gard,\nARR\u00caTE\nARTICLE 1 : Modification\nL'article 3 de l'arr\u00eat\u00e9  pr\u00e9fectoral n\u00b0  30-2021-09-02-00003 du 2 septembre 2021 portant prescriptions  \ncompl\u00e9mentaires au titre de l'article L.214-3 du code de l'environnement aux ouvrages de pr\u00e9l\u00e8vement  \nen  eau  \u00e0  usage  d'irrigation  exploit\u00e9s  par  Fran\u00e7oise  NOUGUIER  sur  la  commune  de  Saint-Andr\u00e9-de-\nValborgne est modifi\u00e9 comme suit :\n2\n89, rue Weber \u2013 30907 NIMES CEDEX 2\nT\u00e9l : 04 66 62 62 00 - Fax : 04 66 23 28 79 - www.gard.gouv.fr\nDirection D\u00e9partementale des Tetrritoires et de la Mer du Gard - 30-2025-10-27-00003 - Arr\u00eat\u00e9 portant prescriptions modificatives \u00e0\nl'arr\u00eat\u00e9 pr\u00e9fectoral n\u00b030-2021-09-02-00003 du 2 septembre 2021 portant prescriptions compl\u00e9mentaires au titre de l'article L;214-3 du\ncode de l'environnement aux ouvrages de pr\u00e9l\u00e8vement en eau \u00e0 usage d'irrigation exploit\u00e9s par Fran\u00e7oise NOUGUIER  sur la\ncommune de Saint-Andr-de-Valborgne\n6\nLes caract\u00e9ristiques des ouvrages et des pr\u00e9l\u00e8vements autoris\u00e9s sont les suivantes :\nCommune Saint-Andr\u00e9-de-Valborgne\nLocalisation \ncadastrale E649 E561 C761\nLieu -dit\nD\u00e9nomination Cayla Poujolet Mas Voyer\nBassin versant Gardon de Saint-Jean\nMasse d'eau \nconcern\u00e9e\nRuisseau du Cayla\n(FRDR10316)\nRuisseau du Poujolet\n(FRDR10316)\nGardon de Saint-Jean\n(FRDR382)\nMoyen de \npr\u00e9l\u00e8vement\nCaptage gravitaires\n(conduite PE \u00d8 50 mm)\nCaptage gravitaires\n(conduite PE \u00d8 63 mm) Pompage en cours d'eau\nCapacit\u00e9 \nmaximum de \npr\u00e9l\u00e8vement\n6 m\u00b3/h 8 m\u00b3/h 12 m\u00b3/h\nUsage Irrigation\nSurface irrigu\u00e9e 0,5 ha 0,6 ha 0,3 ha\nType de culture Mara\u00eechage Mara\u00eechage Tournesol semences (0,1 ha)\net oignons doux (0,2 ha)\nP\u00e9riode \nd'utilisation 1er avril au 30 septembre 1er mars au 30 septembre 1er mai au 15 ao\u00fbt\nLe pompage dans le Gardon de Saint-Jean, effectu\u00e9 du 1 er mai au 15 ao\u00fbt sur la parcelle C761, est utilis\u00e9  \npar  Mme  Nouguier,  b\u00e9n\u00e9ficiaire  de  la  pr\u00e9sente  autorisation,  pour  l'irrigation  de  0,1 ha  de  tournesol \nsemences, ainsi que par M. Nouguier R\u00e9mi pour l'irrigation de 0,2 ha d'oignons doux.\nLes volumes mensuels et annuels \u00e0 pr\u00e9lever autoris\u00e9s par le pr\u00e9sent arr\u00eat\u00e9 sont, en m\u00b3 : \njan. f\u00e9v. mars avril mai juin juil. ao\u00fbt sept. oct. nov. d\u00e9c. ann\u00e9e\nE649 0 0 0 100 100 500 500 200 100 0 0 0 1 500\nE561 0 0 25 75 300 500 500 300 300 0 0 0 2 000\nC761 0 0 0 0 500 600 600 300 0 0 0 0 2 000\nTotal 0 0 25 175 900 1 600 1 600 8 000 4 000 0 0 0 5 500\nLe b\u00e9n\u00e9ficiaire ne peut pr\u00e9lever avec un autre ouvrage sans avoir demand\u00e9 et obtenu l'autorisation  \npr\u00e9alable au pr\u00e9fet.\nARTICLE 2 : Autres dispositions\nLes  autres  articles  de  l'arr\u00eat\u00e9  pr\u00e9fectoral  n\u00b0 30-2021-09-02-00003  du  2  septembre  2021  portant \nprescriptions compl\u00e9mentaires au titre de l'article L.214-3 du code de l'environnement aux ouvrages de  \npr\u00e9l\u00e8vement en eau \u00e0 usage d'irrigation exploit\u00e9s par Fran\u00e7oise NOUGUIER sur la commune de Saint-\nAndr\u00e9-de-Valborgne demeurent inchang\u00e9s.\nARTICLE 3 : Voies et d\u00e9lais de recours\nLe pr\u00e9sent arr\u00eat\u00e9 est susceptible de recours devant le tribunal administratif territorialement comp\u00e9tent,  \nconform\u00e9ment \u00e0 l'article R.514-3-1 du code de l'environnement :\nLes d\u00e9cisions peuvent \u00eatre d\u00e9f\u00e9r\u00e9es \u00e0 la juridiction administrative :\n1. Par les p\u00e9titionnaires ou exploitants, dans un d\u00e9lai de deux mois \u00e0 compter du jour o\u00f9 la d\u00e9cision  \nleur a \u00e9t\u00e9 notifi\u00e9e.\n3\n89, rue Weber \u2013 30907 NIMES CEDEX 2\nT\u00e9l : 04 66 62 62 00 - Fax : 04 66 23 28 79 - www.gard.gouv.fr\nDirection D\u00e9partementale des Tetrritoires et de la Mer du Gard - 30-2025-10-27-00003 - Arr\u00eat\u00e9 portant prescriptions modificatives \u00e0\nl'arr\u00eat\u00e9 pr\u00e9fectoral n\u00b030-2021-09-02-00003 du 2 septembre 2021 portant prescriptions compl\u00e9mentaires au titre de l'article L;214-3 du\ncode de l'environnement aux ouvrages de pr\u00e9l\u00e8vement en eau \u00e0 usage d'irrigation exploit\u00e9s par Fran\u00e7oise NOUGUIER  sur la\ncommune de Saint-Andr-de-Valborgne\n7\n2. Par les tiers int\u00e9ress\u00e9s en raison des inconv\u00e9nients ou des dangers pour les int\u00e9r\u00eats mentionn\u00e9s \u00e0  \nl'article L.211-1 du code de l'environnement dans un d\u00e9lai de deux mois \u00e0 compter de :\na)  L'affichage  en  mairie  dans  les  conditions  pr\u00e9vues  \u00e0  l'article  R.214-37  du  code  de \nl'environnement.\nb) La publication de la d\u00e9cision sur le site internet de la pr\u00e9fecture ou la publication au recueil des \nactes  administratifs ;  cette  publication  est  assur\u00e9e  par  le  repr\u00e9sentant  de  L'\u00c9tat  dans  le \nd\u00e9partement dans un d\u00e9lai de quinze jours \u00e0 compter de l'adoption de la d\u00e9cision.\nLe d\u00e9lai court \u00e0 compter de la derni\u00e8re formalit\u00e9 accomplie. Si l'affichage constitue cette derni\u00e8re  \nformalit\u00e9, le d\u00e9lai court \u00e0 compter du premier jour d'affichage de la d\u00e9cision.\nLes d\u00e9cisions mentionn\u00e9es au premier alin\u00e9a peuvent faire l'objet d'un recours gracieux ou hi\u00e9rarchique  \ndans le d\u00e9lai de deux mois. Ce recours administratif prolonge de deux mois les d\u00e9lais mentionn\u00e9s aux 1\u00b0  \net 2\u00b0. Les tiers peuvent \u00e9galement d\u00e9poser une r\u00e9clamation apr\u00e8s la mise en service, aux seules fins de  \ncontester l'insuffisance ou l'inadaptation des prescriptions de l'arr\u00eat\u00e9  : le pr\u00e9fet dispose de deux mois  \npour y r\u00e9pondre. En cas de rejet implicite ou explicite, les int\u00e9ress\u00e9s disposent d'un d\u00e9lai de deux mois  \npour se pourvoir contre cette d\u00e9cision.\nLe  tribunal  administratif  peut  aussi  \u00eatre  saisi  par  l'application  informatique  \u00ab T\u00e9l\u00e9recours  Citoyens \u00bb \naccessible par le site internet www.telerecours.fr.\nARTICLE 4 : Publication et information des tiers\nUne copie de cet arr\u00eat\u00e9 sera transmise \u00e0 la mairie de la commune de Saint-Andr\u00e9-de-Valborgne pour  \naffichage  pendant  une  dur\u00e9e  minimale  d'un  mois,  ainsi  qu'au  pr\u00e9sident  de  l'\u00e9tablissement  public \nterritorial de bassin Gardons. Une copie du dossier est d\u00e9pos\u00e9e en mairie pour y \u00eatre consult\u00e9e.\nCes informations seront mises \u00e0 disposition du public sur le site Internet de la pr\u00e9fecture du Gard  \npendant une dur\u00e9e d'au moins six mois.\nLe pr\u00e9sent arr\u00eat\u00e9 sera publi\u00e9 au recueil des actes administratifs.\nARTICLE 5 : Ex\u00e9cution\nLe secr\u00e9taire g\u00e9n\u00e9ral de la pr\u00e9fecture du Gard, le directeur d\u00e9partemental des territoires et de la mer du  \nGard, le commandant du groupement de gendarmerie du Gard, le chef du service d\u00e9partemental de  \nl'office fran\u00e7ais de la biodiversit\u00e9 du Gard et le maire de la commune de Saint-Andr\u00e9-de-Valborgne sont  \ncharg\u00e9s, chacun en ce qui le concerne, de l'ex\u00e9cution du pr\u00e9sent arr\u00eat\u00e9.\nN\u00eemes, le 27/10/2025\nLe pr\u00e9fet,\nPour le pr\u00e9fet et par d\u00e9l\u00e9gation\np/le directeur d\u00e9partemental des \nterritoires et de la mer du Gard et \npar d\u00e9l\u00e9gation \nla cheffe du service eau et nature\nSIGN\u00c9\nCharlotte COURBIS\n4\n89, rue Weber \u2013 30907 NIMES CEDEX 2\nT\u00e9l : 04 66 62 62 00 - Fax : 04 66 23 28 79 - www.gard.gouv.fr\nDirection D\u00e9partementale des Tetrritoires et de la Mer du Gard - 30-2025-10-27-00003 - Arr\u00eat\u00e9 portant prescriptions modificatives \u00e0\nl'arr\u00eat\u00e9 pr\u00e9fectoral n\u00b030-2021-09-02-00003 du 2 septembre 2021 portant prescriptions compl\u00e9mentaires au titre de l'article L;214-3 du\ncode de l'environnement aux ouvrages de pr\u00e9l\u00e8vement en eau \u00e0 usage d'irrigation exploit\u00e9s par Fran\u00e7oise NOUGUIER  sur la\ncommune de Saint-Andr-de-Valborgne\n8\nDirection D\u00e9partementale des Tetrritoires et de\nla Mer du Gard\n30-2025-10-27-00004\nArr\u00eat\u00e9 portant prorogation de la d\u00e9claration\nd'utilit\u00e9 publique l'expropriation de biens\nimmobiliers expos\u00e9s \u00e0 un risque naturel majeur\nd'inondation sur le territoire des communes\nd'Aramon, Collias, et Remoulins, et cessibilit\u00e9\ndes terrains n\u00e9cessaires en vue de la mise en\ns\u00e9curit\u00e9 d'occupants\nDirection D\u00e9partementale des Tetrritoires et de la Mer du Gard - 30-2025-10-27-00004 - Arr\u00eat\u00e9 portant prorogation de la d\u00e9claration\nd'utilit\u00e9 publique l'expropriation de biens immobiliers expos\u00e9s \u00e0 un risque naturel majeur d'inondation sur le territoire des communes\nd'Aramon, Collias, et Remoulins, et cessibilit\u00e9 des terrains n\u00e9cessaires en vue de la mise en s\u00e9curit\u00e9 d'occupants\n9\nPREFETDU GARDLibert\u00e9Egalit\u00e9Fraternit\u00e9\nDirection d\u00e9partementale des Territoires et de la Mer\nArr\u00eat\u00e9 n\u00b0 \nportant prorogation de la d\u00e9claration d'utilit\u00e9 publique l'expropriation de biens \nimmobiliers \nexpos\u00e9s \u00e0 un risque naturel majeur d'inondation sur le territoire des communes \nd'Aramon, Collias, et Remoulins, \net cessibilit\u00e9 des terrains n\u00e9cessaires en vue de la mise en s\u00e9curit\u00e9 des occupants\nLe pr\u00e9fet du Gard\nChevalier de la L\u00e9gion d'honneur,\nOfficier de l'ordre national du m\u00e9rite,\nVu le code de l'environnement, et notamment ses articles L. 561-1 et suivants et R. 561-1 et  \nsuivants ;\nVu  le code de l'expropriation pour cause d'utilit\u00e9 publique, et notamment ses articles L.1,  \nL.110-1, L. 121-1 et suivants, L. 132-1 et suivants, R. 111-1 et suivants, R. 112-1 \u00e0 R. 112-27 , R.121-1 et \nR. 121-2, R. 131-1 et suivants ;\nVu le code des assurances, et notamment son article L. 125-2 ;\nVu la note technique du 11 f\u00e9vrier 2019 relative au Fonds de pr\u00e9vention des risques naturels  \nmajeurs (FPRNM) ;\nVu les lettres conjointes du Ministre de l'environnement, de l'\u00e9nergie et de la mer, du Ministre  \nde l'int\u00e9rieur et du Ministre de l'\u00e9conomie, de l'industrie et du num\u00e9rique, en date du 27 jan -\nvier 2017 , par lesquelles il est demand\u00e9 au pr\u00e9fet du Gard d'engager la proc\u00e9dure d'expropria-\ntion pour cause d'utilit\u00e9 publique de biens expos\u00e9s \u00e0 un risque naturel majeur d'inondation  \nsur le territoire des communes de REMOULINS et VERS PONT DU GARD, en application de  \nl'article L. 561-1 du code de l'environnement ;\nVu les lettres conjointes du Ministre de la transition \u00e9cologique et solidaire, du Ministre de l'in-\nt\u00e9rieur et du Ministre de l'\u00e9conomie et des finances, en date du 21 novembre 2018, par  \nlesquelles il est demand\u00e9 au pr\u00e9fet du Gard d'engager la proc\u00e9dure d'expropriation pour  \ncause d'utilit\u00e9 publique d'un bien expos\u00e9 \u00e0 un risque naturel majeur d'inondation sur le terri -\ntoire de la commune d'ARAMON, en application de l'article L. 561-1 du code de l'environ -\nnement ;\nDirection D\u00e9partementale des Tetrritoires et de la Mer du Gard - 30-2025-10-27-00004 - Arr\u00eat\u00e9 portant prorogation de la d\u00e9claration\nd'utilit\u00e9 publique l'expropriation de biens immobiliers expos\u00e9s \u00e0 un risque naturel majeur d'inondation sur le territoire des communes\nd'Aramon, Collias, et Remoulins, et cessibilit\u00e9 des terrains n\u00e9cessaires en vue de la mise en s\u00e9curit\u00e9 d'occupants\n10\nVu les lettres conjointes du Ministre de la transition \u00e9cologique et solidaire, du Ministre de l'in-\nt\u00e9rieur et du Ministre de l'\u00e9conomie et des finances, en date du 22 octobre 2018 et du 22 ao\u00fbt \n2019, par lesquelles il est demand\u00e9 au pr\u00e9fet du Gard d'engager la proc\u00e9dure d'expropriation  \npour cause d'utilit\u00e9 publique de biens expos\u00e9s \u00e0 un risque naturel majeur d'inondation sur le  \nterritoire de la commune de COLLIAS, en application de l'article L. 561-1 du code de l'environ-\nnement ;\nVu les dossiers d'enqu\u00eate pr\u00e9alable \u00e0 la d\u00e9claration d'utilit\u00e9 publique en vue de l'expropria -\ntion par l'Etat de biens expos\u00e9s \u00e0 un risque naturel majeur d'inondation et les dossiers d'en -\nqu\u00eate parcellaire, \u00e9tablis conform\u00e9ment aux dispositions de l'article R. 561-2 du code de l'en -\nvironnement et des articles R. 112-5 et R. 112-6 du code de l'expropriation pour cause d'utilit\u00e9  \npublique ;\nVu l'arr\u00eat\u00e9 pr\u00e9fectoral n\u00b0 30-2020-08-28-001 du 28 ao\u00fbt 2020 portant ouverture d'une en -\nqu\u00eate publique conjointe d'utilit\u00e9 publique et parcellaire en vue de l'expropriation de biens  \nexpos\u00e9s \u00e0 un risque naturel majeur d'inondation sur le territoire des communes d'Aramon,  \nCollias, Remoulins et Vers Pont du Gard ;\nVu les pi\u00e8ces constatant que l'avis d'ouverture d'enqu\u00eate a \u00e9t\u00e9 publi\u00e9, ins\u00e9r\u00e9 sur le site de la  \npr\u00e9fecture, affich\u00e9 en mairie et ins\u00e9r\u00e9 dans deux journaux diffus\u00e9s dans le d\u00e9partement huit  \njours au moins avant le d\u00e9but de l'enqu\u00eate publique et rappel\u00e9 dans les huit premiers jours  \nde celle-ci, et que les dossiers de l'enqu\u00eate sont rest\u00e9s d\u00e9pos\u00e9s en mairies d'Aramon, Collias,  \nRemoulins et Vers Pont du Gard du 17 septembre au 6 octobre 2020 inclus ;\nVu l'avis r\u00e9put\u00e9 favorable du conseil municipal de la commune d'Aramon ;\nVu l'avis favorable du conseil municipal de la commune de Remoulins ;\nVu les  avis  favorables  du  conseil  municipal  de  la  commune  de  Collias  pour  les  biens \nChamboredon, Remezy, Cl\u00e9ment, Toussaint, Roger, Laugier et les avis d\u00e9favorables pour les  \nbiens Rousseau, Turpin et Berger ;\nVu  les conclusions favorables,  assorties de r\u00e9serves  \u00e0 l'ex\u00e9cution du projet, \u00e9mises par le  \ncommissaire enqu\u00eateur ;\nVu la note de synth\u00e8se exposant les motifs et consid\u00e9rations justifiant le caract\u00e8re d'utilit\u00e9  \npublique de l'op\u00e9ration ;\nVu l'arr\u00eat\u00e9  de  d\u00e9claration  d'utilit\u00e9  publique  n\u00b030-2020-12-03-006  du  03  d\u00e9cembre  2020 \nportant la d\u00e9claration d'utilit\u00e9 publique l'expropriation de biens immobiliers expos\u00e9s \u00e0 un  \nrisque  naturel  majeur  d'inondation  sur  le  territoire  des  communes  d'Aramon,  Collias  et \nRemoulins, et cessibilit\u00e9 des terrains n\u00e9cessaires en vue de la mise en s\u00e9curit\u00e9 des occupants ;\nVu l'ordonnance d'expropriation n\u00b0RG 20/00025 \u2013 n\u00b0 Portalis DBX2-W-B7E-I37S du 7 janvier  \n2021 ;\nDirection D\u00e9partementale des Tetrritoires et de la Mer du Gard - 30-2025-10-27-00004 - Arr\u00eat\u00e9 portant prorogation de la d\u00e9claration\nd'utilit\u00e9 publique l'expropriation de biens immobiliers expos\u00e9s \u00e0 un risque naturel majeur d'inondation sur le territoire des communes\nd'Aramon, Collias, et Remoulins, et cessibilit\u00e9 des terrains n\u00e9cessaires en vue de la mise en s\u00e9curit\u00e9 d'occupants\n11\nConsid\u00e9rant que le ph\u00e9nom\u00e8ne climatique qui s'est abattu sur le Gard les 8 et 9 septembre  \n2002 \u00e9tait d'une gravit\u00e9 exceptionnelle, et qu'il a entra\u00een\u00e9 la mort de 23 personnes et occa -\nsionn\u00e9 830 millions d'euros de d\u00e9g\u00e2ts ;\nConsid\u00e9rant que la survenance de la catastrophe, par sa brutalit\u00e9 et son intensit\u00e9, n'a pas per-\nmis des \u00e9vacuations pr\u00e9ventives et a rendu l'intervention des secours tr\u00e8s al\u00e9atoire ;\nConsid\u00e9rant qu'il convient de prendre les mesures permettant de ne pas mettre en danger les \npersonnes et les biens lors d'un ph\u00e9nom\u00e8ne de m\u00eame occurrence ;\nConsid\u00e9rant  que les \u00e9tudes techniques r\u00e9alis\u00e9es ont montr\u00e9 que les communes d'Aramon,  \nCollias, Remoulins et Vers Pont du Gard sont situ\u00e9es en zone tr\u00e8s expos\u00e9e au risque de crue \n\u00e0 mont\u00e9e rapide ;\nConsid\u00e9rant qu'une expertise a montr\u00e9 que sur les communes d'Aramon, Collias, Remoulins  \net Vers Pont du Gard, 52 b\u00e2timents repr\u00e9sentaient un risque grave pour les vies humaines, du  \nfait de l'absence de niveau refuge et d'une situation d'isolement dans le lit majeur d'un cours  \nd'eau ;\nConsid\u00e9rant que 40 de ces b\u00e2timents ont \u00e9t\u00e9 acquis par une proc\u00e9dure amiable, puis d\u00e9molis, \nmais que les 12 propri\u00e9taires qui ont refus\u00e9 cette acquisition n'ont pu faire la preuve de la non \ndangerosit\u00e9 de leur situation ;\nConsid\u00e9rant     que malgr\u00e9 les moyens de sauvegarde et de protection mis en place  par les col -\nlecti vit\u00e9s,  la gravit\u00e9 du risque impactant les habitations est r\u00e9elle et ne garantit pas la s\u00e9cu -\nrit\u00e9 des personnes ;\nConsid\u00e9rant que le risque \u00e9tant li\u00e9 aux caract\u00e9ristiques du b\u00e2timent et \u00e0 son exposition, en  \nl'absence d'expropriation, ces biens demeureraient libres \u00e0 la vente \u00e0 des tiers ;\nConsid\u00e9rant  que les mesures collectives de protection de ces habitations auraient un co\u00fbt  \nplus important que le montant cumul\u00e9 des acquisitions et des travaux de d\u00e9molition ;\nConsid\u00e9rant que les biens cit\u00e9s dans l'arr\u00eat\u00e9 de d\u00e9claration d'utilit\u00e9 publique n\u00b030-2020-12-03-\n006 du 03 d\u00e9cembre 2020 n'ont pas tous \u00e9t\u00e9 acquis ;\nConsid\u00e9rant que l'arr\u00eat\u00e9 de d\u00e9claration d'utilit\u00e9 publique n\u00b030-2020-12-03-006 du 03 d\u00e9cem -\nbre 2020 expire le 03 d\u00e9cembre 2025 ;\nSur proposition du directeur d\u00e9partemental des territoires et de la mer du Gard ;\nDirection D\u00e9partementale des Tetrritoires et de la Mer du Gard - 30-2025-10-27-00004 - Arr\u00eat\u00e9 portant prorogation de la d\u00e9claration\nd'utilit\u00e9 publique l'expropriation de biens immobiliers expos\u00e9s \u00e0 un risque naturel majeur d'inondation sur le territoire des communes\nd'Aramon, Collias, et Remoulins, et cessibilit\u00e9 des terrains n\u00e9cessaires en vue de la mise en s\u00e9curit\u00e9 d'occupants\n12\nArr\u00eate :\nArticle 1 :\nl'arr\u00eat\u00e9 de d\u00e9claration d'utilit\u00e9 publique n\u00b030-2020-12-03-006 du 03 d\u00e9cembre 2020 portant \nd\u00e9claration d'utilit\u00e9 publique l'expropriation de biens immobiliers expos\u00e9s \u00e0 un risque naturel \nmajeur  d'inondation  sur  le  territoire  des  communes  d'Aramon,  Collias  et  Remoulins,  et \ncessibilit\u00e9 des terrains n\u00e9cessaires en vue de la mise en s\u00e9curit\u00e9 des occupants, est prorog\u00e9  \npour une dur\u00e9e de cinq ans.\nArticle 2     :  \nLe pr\u00e9sent arr\u00eat\u00e9 peut faire l'objet d'un recours aupr\u00e8s du tribunal administratif de N\u00eemes  \ndans un d\u00e9lai de deux mois \u00e0 compter de sa publication ou de sa notification.\nLe  tribunal  administratif  peut  aussi  \u00eatre  saisi  par  l'application  informatique  \u00ab T\u00e9l\u00e9recours \nCitoyens \u00bb accessible par le site internet www.telerecours.fr\nArticle 3     :  \nLe secr\u00e9taire g\u00e9n\u00e9ral de la pr\u00e9fecture, les maires des communes d'Aramon, de Collias et de  \nRemoulins,  le directeur d\u00e9partemental des finances publiques, le directeur d\u00e9partemental  \ndes territoires et de la mer, sont charg\u00e9s, chacun en ce qui les concerne, de l'ex\u00e9cution du  \npr\u00e9sent arr\u00eat\u00e9, qui sera publi\u00e9 au recueil des actes administratifs de la pr\u00e9fecture et affich\u00e9  \nen mairies d'Aramon, Collias, Remoulins et Vers Pont du Gard.\nN\u00eemes, le 27/10/2025\nLe pr\u00e9fet,\nSIGN\u00c9\nJ\u00e9r\u00f4me BONET\n \nDirection D\u00e9partementale des Tetrritoires et de la Mer du Gard - 30-2025-10-27-00004 - Arr\u00eat\u00e9 portant prorogation de la d\u00e9claration\nd'utilit\u00e9 publique l'expropriation de biens immobiliers expos\u00e9s \u00e0 un risque naturel majeur d'inondation sur le territoire des communes\nd'Aramon, Collias, et Remoulins, et cessibilit\u00e9 des terrains n\u00e9cessaires en vue de la mise en s\u00e9curit\u00e9 d'occupants\n13\nPrefecture du Gard\n30-2025-10-23-00002\nArr\u00eat\u00e9 interpr\u00e9fectoral fixant la composition de\nl'organe d\u00e9lib\u00e9rant (nombre et r\u00e9partition des\nsi\u00e8ges) de la Communaut\u00e9 de Communes des\n\"C\u00e9vennes Gangeoises et Sum\u00e9noises\" \u00e0\ncompter du prochain renouvellement g\u00e9n\u00e9ral\ndes conseils municipaux de mars 2026\nPrefecture du Gard - 30-2025-10-23-00002 - Arr\u00eat\u00e9 interpr\u00e9fectoral fixant la composition de l'organe d\u00e9lib\u00e9rant (nombre et r\u00e9partition\ndes si\u00e8ges) de la Communaut\u00e9 de Communes des \"C\u00e9vennes Gangeoises et Sum\u00e9noises\" \u00e0 compter du prochain renouvellement\ng\u00e9n\u00e9ral des conseils municipaux de mars 2026\n14\nPR\u00c9FET 22 PREFETL 4DE - HERAULT DU GARDLibert\u00e9 tEgalit\u00e9 Libert\u00e9Fraternit\u00e9 \u00c9galit\u00e9 g \u00e0Fraternit\u00e9\nDirection des relations avec Direction de la citoyennet\u00e9,les collectivit\u00e9s locales de la l\u00e9galit\u00e9 et de la coordinationBureau du contr\u00f4le de l\u00e9galit\u00e9 et de Bureau des finances localesl'intercommunalit\u00e9 et de l'intercommunalit\u00e9\nM\u00e9l : pref-intercommunalite@herault.gouv.frMontpellier, le 23/10/2025ARR\u00caT\u00c9 INTERPR\u00c9FECTORAL N\u00b0 2025-DRCL.0448Fixant la composition de l'organe d\u00e9lib\u00e9rant ( nombre et r\u00e9partition des si\u00e8ges )de la communaut\u00e9 de communes des \u00ab C\u00e9vennes Gangeoises et Sum\u00e9noises\u00bb\u00e0 compter du prochain renouvellement g\u00e9n\u00e9raldes conseils municipaux de mars 2026Le pr\u00e9fet de l'H\u00e9rault Le pr\u00e9fet du Gard\nVU le code g\u00e9n\u00e9ral des collectivit\u00e9s territoriales (CGCT) et notamment son article L.5211-6-1 ;VU le d\u00e9cret du Pr\u00e9sident de la R\u00e9publique en date du 13 septembre 2023 portant nominationde Monsieur Fran\u00e7ois-Xavier LAUCH en qualit\u00e9 de pr\u00e9fet de l'H\u00e9rault ;VU le d\u00e9cret du Pr\u00e9sident de la R\u00e9publique en date du 13 juillet 2023 portant nomination deMonsieur J\u00e9r\u00f4me BONET, pr\u00e9fet du Gard ;VU le d\u00e9cret n\u00b0 2024-1276 du 31 d\u00e9cembre 2024 authentifiant les chiffres des populations au 1\u00b0janvier 2022 pour l'ann\u00e9e 2025 des m\u00e9tropoles, des d\u00e9partements d'outre-mer de laGuadeloupe, de la Guyane, de la Martinique et de la R\u00e9union, et des collectivit\u00e9s de SaintBarth\u00e9lemy, de Saint-Martin et Saint-Pierre-et-Miquelon ;VU la circulaire ATDB2503087C du 17 mars 2025 relative \u00e0 la recomposition de l'organed\u00e9lib\u00e9rant des \u00e9tablissements publics de coop\u00e9ration intercommunale \u00e0 fiscalit\u00e9 proprel'ann\u00e9e pr\u00e9c\u00e9dant celle du renouvellement g\u00e9n\u00e9ral des conseils municipaux ;VU l'arr\u00eat\u00e9 pr\u00e9fectoral n\u00b099-l-4691 en date du 31 d\u00e9cembre 1999 modifi\u00e9 autorisant la cr\u00e9ationde la communaut\u00e9 de communes des C\u00e9vennes Gangeoise et Sum\u00e9noises;VU l'arr\u00eat\u00e9 n\u00b0 2019-1-1408 du 21 octobre 2019 fixant la composition de l'organe d\u00e9lib\u00e9rant(nombre et r\u00e9partition des si\u00e8ges) de la communaut\u00e9 de communes \u00ab C\u00e9vennes Gangeoiseset Sum\u00e9noises \u00bb dans la perspective du prochain renouvellement g\u00e9n\u00e9ral des conseilsmunicipaux de mars 2020 ;\nPrefecture du Gard - 30-2025-10-23-00002 - Arr\u00eat\u00e9 interpr\u00e9fectoral fixant la composition de l'organe d\u00e9lib\u00e9rant (nombre et r\u00e9partition\ndes si\u00e8ges) de la Communaut\u00e9 de Communes des \"C\u00e9vennes Gangeoises et Sum\u00e9noises\" \u00e0 compter du prochain renouvellement\ng\u00e9n\u00e9ral des conseils municipaux de mars 2026\n15\nCONSIDERANT qu'\u00e0 d\u00e9faut d'accord conforme aux dispositions de l'article L 5211-6-1 du CGCT,adopt\u00e9 \u00e0 la majorit\u00e9 qualifi\u00e9e requise, la composition du conseil communautaire est arr\u00eat\u00e9e selonles modalit\u00e9s de droit commun pr\u00e9vues aux Il \u00e0 V de l'article L5211-6-1 du CGCT :SUR proposition des secr\u00e9taires g\u00e9n\u00e9raux de la pr\u00e9fecture de l'H\u00e9rault et de la pr\u00e9fecture du Gard ;ARR\u00caTE :ARTICLE1 : l'arr\u00eat\u00e9 n\u00b0 2019-1-1408 du 21 octobre 2019 est abrog\u00e9 ;ARTICLE 2 : La composition du conseil communautaire de la communaut\u00e9 decommunes \u00ab C\u00e9vennes Gangeoises et Sum\u00e9noises \u00bb, corr\u00e9lative au renouvellement g\u00e9n\u00e9ral desconseils municipaux de 2026, et en application des dispositions des III \u00e0 V de l'article L.5211-6-1du CGCT, est fix\u00e9e \u00e0 32 si\u00e8ges.Le nombre de si\u00e8ges attribu\u00e9\u00e0 chaque commune, en fonction des chiffres de la populationmunicipale en vigueur au 1\u00b0 janvier 2025, authentifi\u00e9s par le d\u00e9cret susvis\u00e9, figure dans le tableauci-apr\u00e8s : PopulationCommunes PEU Nombre de si\u00e8gesau 1-1-2025)Ganges 3854 9Saint-Bauzille de Putois 1839 4Laroque 1670 4Cazilhac 1583 3Sum\u00e8ne 1239 3Moul\u00e8s et Baucels 855 2Brissac 592 1Agon\u00e8s 312 1Montoulieu 183 1Saint-Martial 182 1Saint-Roman de Codi\u00e8res 166 1Saint-Julien de la Nef 145 1Gorni\u00e8s 107 1TOTAL 12727 32ARTICLE 3 : Les secr\u00e9taires g\u00e9n\u00e9raux de la pr\u00e9fecture de l'H\u00e9rault et de la pr\u00e9fecture du Gard, lepr\u00e9sident de la communaut\u00e9 de communes \u00ab C\u00e9vennes Gangeoises et Sum\u00e9noises \u00bb et les mairesdes communes membres sont charg\u00e9s, chacun en ce qui le concerne, de l'ex\u00e9cution du pr\u00e9sentarr\u00eat\u00e9 qui sera publi\u00e9 au recueil des actes administratifs de la pr\u00e9fecture de l'H\u00e9rault et de lapr\u00e9fecture du Gard.Le pr\u00e9fet, Le pr\u00e9fet,Pour le pr\u00e9fet et par d\u00e9l\u00e9gation, ETS| Seeley a  g\u00e9n\u00e9ral. nr\nV\u00e9fonique MARTIN SAINT LEON Yann GERARDConform\u00e9ment aux dispositions des articles R. 421-1 et suivants du code dejustice administrative, la pr\u00e9sente d\u00e9cision peut fairel'objet d'un recours contentieux devant le tribunal administratif de Montpellier dans un d\u00e9lai de deux mois \u00e0 compter de la datede sa publication.La requ\u00eate est, selon le cas, transmise \u00e0 la juridiction par voie \u00e9lectronique, au moyen de l'application informatique \"T\u00e9l\u00e9recours\"accessible sur le site internet \u00ab wwwtelerecours.fr \u00bb, en vertu des dispositions des articles R 414-1 et R 522-3 du code de justiceadministrative, ou de l'application \"T\u00e9l\u00e9recours citoyens\" en application de l'article R 414-6 dudit code.\nPrefecture du Gard - 30-2025-10-23-00002 - Arr\u00eat\u00e9 interpr\u00e9fectoral fixant la composition de l'organe d\u00e9lib\u00e9rant (nombre et r\u00e9partition\ndes si\u00e8ges) de la Communaut\u00e9 de Communes des \"C\u00e9vennes Gangeoises et Sum\u00e9noises\" \u00e0 compter du prochain renouvellement\ng\u00e9n\u00e9ral des conseils municipaux de mars 2026\n16\nPrefecture du Gard\n30-2025-10-20-00022\nArr\u00eat\u00e9 interpr\u00e9fectoral portant composition du\nconseil communautaire de la Communaut\u00e9 de\nCommunes Mont Loz\u00e8re \u00e0 compter du prochain\nrenouvellement g\u00e9n\u00e9ral des conseils municipaux\nPrefecture du Gard - 30-2025-10-20-00022 - Arr\u00eat\u00e9 interpr\u00e9fectoral portant composition du conseil communautaire de la\nCommunaut\u00e9 de Communes Mont Loz\u00e8re \u00e0 compter du prochain renouvellement g\u00e9n\u00e9ral des conseils municipaux 17\nPR\u00c9FET \u2014__ DirectionDE LA LOZERE de la citoyennet\u00e9fbert\u00e9Egilitt et de la l\u00e9galit\u00e9ARR\u00caT\u00c9 INTERPREFECTORAL N\u00b0 PREF-DCL-BLE-2005~293~005 EN DATE Du 20 adsl 2 025PORTANT COMPOSITION DU CONSEIL COMMUNAUTAIRE DE LA COMMUNAUTE DE COMMUNESMONT LOZEREA COMPTER DU PROCHAIN RENOUVELLEMENT GENERAL DES CONSEILS MUNICIPAUX\nLe pr\u00e9fet du Gard Le pr\u00e9fet de la Loz\u00e9reChevalier de la L\u00e9gion d'honneur _ Chevalier de la L\u00e9gion d'honneurChevalier de l'ordre national du M\u00e9rite Chevalier de l'ordre national du M\u00e9rite |\nVU le Code g\u00e9n\u00e9ral des collectivit\u00e9s territoriales (CGCT), notamment les articles L.5211-6, L.5211-6-1et R.5211-1-1.VU le Code \u00e9lectoral notamment ses articles L 273-1 et L 273-3.VU le d\u00e9cret du 6 novembre 2024 portant nomination de monsieur Gilles QUENEHERVE, en qualit\u00e9de pr\u00e9fet de la Loz\u00e8re. ,VU le d\u00e9cret du 13 juillet 2023 nommant monsieur J\u00e9r\u00f4me BONET, en qualit\u00e9 de pr\u00e9fet du Gard.VU le d\u00e9cret du 16 d\u00e9cembre 2022 portant nomination de madame Laure TROTIN, en qualit\u00e9 desecr\u00e9taire g\u00e9n\u00e9rale de la pr\u00e9fecture de la Loz\u00e8re \u00e0 compter du 9 janvier 2023.VU l'arr\u00eat\u00e9 pr\u00e9fectoral n\u00b0 PREF-DCIAT-BCPPAT-2024-332-001 du 27 novembre 2024 portant d\u00e9l\u00e9gationde signature \u00e0 madame Laure TROTIN, secr\u00e9taire g\u00e9n\u00e9rale de la pr\u00e9fecture.VU le d\u00e9cret n\u00b0 2024-1276 du 31 d\u00e9cembre 2024 authentifiant les chiffres des populations dem\u00e9tropole, des d\u00e9partements d'outre-mer de la Guadeloupe, de la Guyane, de la Martinique etde la R\u00e9union, et des collectivit\u00e9s de Saint-Barth\u00e9l\u00e9my, de Saint-Martin, et de Saint-Pierre-et-Miquelon.VU le d\u00e9cret n\u00b0 2025-848 du 27 ao\u00fbt 2025 fixant la date du renouvellement des conseillersmunicipaux et communautaires, des conseillers de Paris et des conseillers m\u00e9tropolitains de Lyon,et portant convocation des \u00e9lecteurs.VU l'arr\u00e9t\u00e9 interpr\u00e9fectoral (Gard-Loz\u00e8re) n\u00b0 PREF - BRCL \u2014 2016 - 335 - 0015 du 30 novembre 2016modifi\u00e9 portant cr\u00e9ation du nouvel \u00e9tablissement public de coop\u00e9ration intercommunale issu dela fusion de la communaut\u00e9 de communes du Goulet Mont-Loz\u00e8re, de la communaut\u00e9 decommunes de Villefort, \u00e9tendue aux communes de Laubert et de Montbel, et aux communes deBrenoux, Lanu\u00e9jols et de Saint-Etienne-du-Valdonnez de la communaut\u00e9 de communes duValdonnez, et d\u00e9nomm\u00e9 Mont-Loz\u00e8re.\nCONSID\u00c9RANT les d\u00e9lib\u00e9rations des conseils municipaux de: Villefort (06/07/2025); Brenoux(02/07/2025) ; Ponteils-et-Br\u00e9sis (04/08/2025) ; Lanu\u00e9jols (18/06/2025) ; Pr\u00e9vench\u00e8res (22/05/2025) ;Allenc (06/05/2025); Aliter (25/06/2025) ;. Saint-Andr\u00e9-Capc\u00e9ze (27/06/2025); Pied-de-Borne(20/05/2025) ; Cubi\u00e8res (01/07/2025) ; Chadenet (04/07/2025) ; Laubert (17/07/2025) ; Saint-Fr\u00e9zal-d'Albuge (25/06/2025) et de Cubi\u00e9rettes (17/08/2025) se pronon\u00e7ant pour un accord local \u00e0 38(trente-huit) si\u00e8ges de conseillers communautaires,\n3 rue du Faubourg Montbel48005 Mende CEDEXT\u00e9l. : 0466 4960 00M\u00e9l. : pref-biccl@lozere.gouv.frPREF/DCL/BLE/N\u00b0 1/3\nPrefecture du Gard - 30-2025-10-20-00022 - Arr\u00eat\u00e9 interpr\u00e9fectoral portant composition du conseil communautaire de la\nCommunaut\u00e9 de Communes Mont Loz\u00e8re \u00e0 compter du prochain renouvellement g\u00e9n\u00e9ral des conseils municipaux 18\nCONSID\u00c9RANT la d\u00e9lib\u00e9ration du conseil municipal de Mont-Loz\u00e8re-et-Goulet (28/07/2025) sepronon\u00e7ant pour un accord local \u00e0 34 (trente-quatre) si\u00e8ges de conseillers communautaires,CONSID\u00c9RANT les d\u00e9lib\u00e9rations des conseils municipaux de : Pourcharesses (17/06/2025) et de Malons-et-Elze (27/06/2025) qui n'ont pas statu\u00e9 sur la composition du conseil communautaire de 2026,CONSID\u00c9RANT que les si\u00e8ges \u00e0 pourvoir sont r\u00e9partis entre les communes sur la base de leurpopulation municipale authentifi\u00e9e par le plus r\u00e9cent d\u00e9cret publi\u00e9 en application de l'article 156de la loi n\u00b02002-276 du 27 f\u00e9vrier 2002 relative \u00e0 la d\u00e9mocratie de proximit\u00e9, |CONSID\u00c9RANT qu'en application des dispositions de l'article L.5211-6-1 du CGCT la r\u00e9partition doittenir compte de la population de chaque commune. Chaque commune doit disposer d'au moinsun siege et aucune commune ne peut disposer de plus dela moiti\u00e9 des si\u00e9ges,CONSID\u00c9RANT que l'accord local doit \u00eatre d\u00e9cid\u00e9 au plus tard le 31 ao\u00fbt 2025 par les deux tiers aumoins des conseils municipaux des communes membres repr\u00e9sentant plus de la moiti\u00e9 de lapopulation totale de celles-ci ou par la moiti\u00e9 au moins des conseils municipaux des communesmembres repr\u00e9sentant plus des deux tiers de la population totale de celles-ci. Cette majorit\u00e9 doitcomprendre. le conseil municipal de la commune dont la population est la plus nombreuse,lorsque celle-ci est sup\u00e9rieure au quart de la population des communes membres,CONSID\u00c9RANT que les conseils municipaux des communes membres de la communaut\u00e9 de communesdu Mont Loz\u00e8re se sont prononc\u00e9s par accord local\u00e0 la majorit\u00e9 qualifi\u00e9e sur le nombre de 38(trente-huit) si\u00e8ges et de leur r\u00e9partition de l'organe d\u00e9lib\u00e9rant de l'\u00e9tablissement, en vue duprochain renouvellement g\u00e9n\u00e9ral des conseils municipaux,CONSID\u00c9RANT qu'il y a lieu d'arr\u00eater la composition du conseil communautaire de la communaut\u00e9 decommune du Mont Loz\u00e8re en application des dispositions pr\u00e9vues \u00e0 l'article L.5211-6-1 du CGCT,CONSID\u00c9RANT qu'en application des dispositions de l'article L.5211-6-1-VII du CGCT le nombre total desi\u00e8ges que comptera l'organe d\u00e9lib\u00e9rant de l'\u00e9tablissement public de coop\u00e9rationintercommunale ainsi que celui attribu\u00e9 \u00e0 chaque commune membre lors du prochainrenouvellement g\u00e9n\u00e9ral des conseils municipaux est constat\u00e9 par arr\u00eat\u00e9 du repr\u00e9sentant de l'\u00c9tatdans le d\u00e9partement au plus tard le 31 octobre de l'ann\u00e9e pr\u00e9c\u00e9dant celle du renouvellementg\u00e9n\u00e9ral des conseils municipaux, |CONSID\u00c9RANT que le nombre et la r\u00e9partition des si\u00e8ges de conseillers communautaires demand\u00e9sdans le cadre d'un accord local par les communes membres de la communaut\u00e9 de communes duMont Loz\u00e8re respectent les conditions fix\u00e9es \u00e0 l'article L.5211-6-1 du CGCT,\nSUR proposition de la secr\u00e9taire g\u00e9n\u00e9rale de la pr\u00e9fecture,\nARRETENT:\nARTICLE 1: Nombre total de si\u00e8ges de l'organe d\u00e9lib\u00e9rantLe nombre total de si\u00e8ges de conseillers communautaires de |'assembl\u00e9 d\u00e9lib\u00e9rante du Mont Loz\u00e8re \u00e0compter du prochain renouvellement g\u00e9n\u00e9ral des conseils municipaux est fix\u00e9, en application del'accord local pris \u00e0 la majorit\u00e9 qualifi\u00e9e, \u00e0 38 (trente-huit).ARTICLE 2: R\u00e9partition des si\u00e8ges au sein de l'organe d\u00e9lib\u00e9rantLes 38 (trente-huit) si\u00e8ges du conseil communautaire sont r\u00e9partis comme suit entre les communes :_ Communes membres (21) | Population municipale (habitants) Nombrede si\u00e9gesMont-Loz\u00e9re-et-Goulet 1107 | 5Saint-Etienne-du-Valdonnez 641 3\n2/3\nPrefecture du Gard - 30-2025-10-20-00022 - Arr\u00eat\u00e9 interpr\u00e9fectoral portant composition du conseil communautaire de la\nCommunaut\u00e9 de Communes Mont Loz\u00e8re \u00e0 compter du prochain renouvellement g\u00e9n\u00e9ral des conseils municipaux 19\nVillefort 617 [3Brenoux 388 2Ponteils-et-Br\u00e9sis (Gard) | 368 2Lanu\u00e9jols 370 2Pr\u00e9vench\u00e8res 270 2Allenc . [264 2Altier 216 2Pied-de-Borne 197 2Saint-Andr\u00e9-Capc\u00e8ze 205 2Cubi\u00e8res 189 2Bastide-Puylaurent (la) 178 1Montbel 147 1Pourcharesses | 128 1Chadenet 122 1Malons-et-Elze (Gard) 115 1Laubert 102 1Sainte-H\u00e9l\u00e8ne | 97 1Saint-Fr\u00e9zal-d'Albuges 61 1Cubi\u00e9rettes 45 1ARTICLE 3 ... RecoursLe pr\u00e9sent arr\u00eat\u00e9 peut faire l'objet d'un recours pour exc\u00e8s de pouvoir devant le tribunal administratifde N\u00eemes, 16 avenue Feuch\u00e8res 30000 N\u00eemes, dans le d\u00e9lai de deux mois \u00e0 compter de sa publication,de sa notification ou de son affichage.ARTICLE 4 - Ex\u00e9cutionLa secr\u00e9taire g\u00e9n\u00e9rale de la pr\u00e9fecture de la Loz\u00e8re et le pr\u00e9sident de la communaut\u00e9 de communes duMont Loz\u00e8re, les maires d\u00e9s communes membres sont charg\u00e9s, chacun en ce qui. le concerne, del'ex\u00e9cution du pr\u00e9sent arr\u00eat\u00e9, qui sera ins\u00e9r\u00e9 au recueil des actes administratifs de la pr\u00e9fecture de laLoz\u00e8re.Le pr\u00e9fet du Gard Le pr\u00e9fet de la Loz\u00e8re\nLaure TROTINYann GERARD\n3/3\nPrefecture du Gard - 30-2025-10-20-00022 - Arr\u00eat\u00e9 interpr\u00e9fectoral portant composition du conseil communautaire de la\nCommunaut\u00e9 de Communes Mont Loz\u00e8re \u00e0 compter du prochain renouvellement g\u00e9n\u00e9ral des conseils municipaux 20\nPrefecture du Gard - 30-2025-10-20-00022 - Arr\u00eat\u00e9 interpr\u00e9fectoral portant composition du conseil communautaire de la\nCommunaut\u00e9 de Communes Mont Loz\u00e8re \u00e0 compter du prochain renouvellement g\u00e9n\u00e9ral des conseils municipaux 21\nPrefecture du Gard\n30-2025-10-20-00021\nArr\u00eat\u00e9 interpr\u00e9fectoral portant recomposition\ndu conseil communautaire de la Communaut\u00e9\nde Communes Mont Loz\u00e8re \u00e0 compter du\nprochain renouvellement g\u00e9n\u00e9ral des conseils\nmunicipaux\nPrefecture du Gard - 30-2025-10-20-00021 - Arr\u00eat\u00e9 interpr\u00e9fectoral portant recomposition du conseil communautaire de la\nCommunaut\u00e9 de Communes Mont Loz\u00e8re \u00e0 compter du prochain renouvellement g\u00e9n\u00e9ral des conseils municipaux 22\nPR\u00c9FET \u2014__ DirectionDE LA LOZERE de la citoyennet\u00e9fbert\u00e9Egilitt et de la l\u00e9galit\u00e9ARR\u00caT\u00c9 INTERPREFECTORAL N\u00b0 PREF-DCL-BLE-2005~293~005 EN DATE Du 20 adsl 2 025PORTANT COMPOSITION DU CONSEIL COMMUNAUTAIRE DE LA COMMUNAUTE DE COMMUNESMONT LOZEREA COMPTER DU PROCHAIN RENOUVELLEMENT GENERAL DES CONSEILS MUNICIPAUX\nLe pr\u00e9fet du Gard Le pr\u00e9fet de la Loz\u00e9reChevalier de la L\u00e9gion d'honneur _ Chevalier de la L\u00e9gion d'honneurChevalier de l'ordre national du M\u00e9rite Chevalier de l'ordre national du M\u00e9rite |\nVU le Code g\u00e9n\u00e9ral des collectivit\u00e9s territoriales (CGCT), notamment les articles L.5211-6, L.5211-6-1et R.5211-1-1.VU le Code \u00e9lectoral notamment ses articles L 273-1 et L 273-3.VU le d\u00e9cret du 6 novembre 2024 portant nomination de monsieur Gilles QUENEHERVE, en qualit\u00e9de pr\u00e9fet de la Loz\u00e8re. ,VU le d\u00e9cret du 13 juillet 2023 nommant monsieur J\u00e9r\u00f4me BONET, en qualit\u00e9 de pr\u00e9fet du Gard.VU le d\u00e9cret du 16 d\u00e9cembre 2022 portant nomination de madame Laure TROTIN, en qualit\u00e9 desecr\u00e9taire g\u00e9n\u00e9rale de la pr\u00e9fecture de la Loz\u00e8re \u00e0 compter du 9 janvier 2023.VU l'arr\u00eat\u00e9 pr\u00e9fectoral n\u00b0 PREF-DCIAT-BCPPAT-2024-332-001 du 27 novembre 2024 portant d\u00e9l\u00e9gationde signature \u00e0 madame Laure TROTIN, secr\u00e9taire g\u00e9n\u00e9rale de la pr\u00e9fecture.VU le d\u00e9cret n\u00b0 2024-1276 du 31 d\u00e9cembre 2024 authentifiant les chiffres des populations dem\u00e9tropole, des d\u00e9partements d'outre-mer de la Guadeloupe, de la Guyane, de la Martinique etde la R\u00e9union, et des collectivit\u00e9s de Saint-Barth\u00e9l\u00e9my, de Saint-Martin, et de Saint-Pierre-et-Miquelon.VU le d\u00e9cret n\u00b0 2025-848 du 27 ao\u00fbt 2025 fixant la date du renouvellement des conseillersmunicipaux et communautaires, des conseillers de Paris et des conseillers m\u00e9tropolitains de Lyon,et portant convocation des \u00e9lecteurs.VU l'arr\u00e9t\u00e9 interpr\u00e9fectoral (Gard-Loz\u00e8re) n\u00b0 PREF - BRCL \u2014 2016 - 335 - 0015 du 30 novembre 2016modifi\u00e9 portant cr\u00e9ation du nouvel \u00e9tablissement public de coop\u00e9ration intercommunale issu dela fusion de la communaut\u00e9 de communes du Goulet Mont-Loz\u00e8re, de la communaut\u00e9 decommunes de Villefort, \u00e9tendue aux communes de Laubert et de Montbel, et aux communes deBrenoux, Lanu\u00e9jols et de Saint-Etienne-du-Valdonnez de la communaut\u00e9 de communes duValdonnez, et d\u00e9nomm\u00e9 Mont-Loz\u00e8re.\nCONSID\u00c9RANT les d\u00e9lib\u00e9rations des conseils municipaux de: Villefort (06/07/2025); Brenoux(02/07/2025) ; Ponteils-et-Br\u00e9sis (04/08/2025) ; Lanu\u00e9jols (18/06/2025) ; Pr\u00e9vench\u00e8res (22/05/2025) ;Allenc (06/05/2025); Aliter (25/06/2025) ;. Saint-Andr\u00e9-Capc\u00e9ze (27/06/2025); Pied-de-Borne(20/05/2025) ; Cubi\u00e8res (01/07/2025) ; Chadenet (04/07/2025) ; Laubert (17/07/2025) ; Saint-Fr\u00e9zal-d'Albuge (25/06/2025) et de Cubi\u00e9rettes (17/08/2025) se pronon\u00e7ant pour un accord local \u00e0 38(trente-huit) si\u00e8ges de conseillers communautaires,\n3 rue du Faubourg Montbel48005 Mende CEDEXT\u00e9l. : 0466 4960 00M\u00e9l. : pref-biccl@lozere.gouv.frPREF/DCL/BLE/N\u00b0 1/3\nPrefecture du Gard - 30-2025-10-20-00021 - Arr\u00eat\u00e9 interpr\u00e9fectoral portant recomposition du conseil communautaire de la\nCommunaut\u00e9 de Communes Mont Loz\u00e8re \u00e0 compter du prochain renouvellement g\u00e9n\u00e9ral des conseils municipaux 23\nCONSID\u00c9RANT la d\u00e9lib\u00e9ration du conseil municipal de Mont-Loz\u00e8re-et-Goulet (28/07/2025) sepronon\u00e7ant pour un accord local \u00e0 34 (trente-quatre) si\u00e8ges de conseillers communautaires,CONSID\u00c9RANT les d\u00e9lib\u00e9rations des conseils municipaux de : Pourcharesses (17/06/2025) et de Malons-et-Elze (27/06/2025) qui n'ont pas statu\u00e9 sur la composition du conseil communautaire de 2026,CONSID\u00c9RANT que les si\u00e8ges \u00e0 pourvoir sont r\u00e9partis entre les communes sur la base de leurpopulation municipale authentifi\u00e9e par le plus r\u00e9cent d\u00e9cret publi\u00e9 en application de l'article 156de la loi n\u00b02002-276 du 27 f\u00e9vrier 2002 relative \u00e0 la d\u00e9mocratie de proximit\u00e9, |CONSID\u00c9RANT qu'en application des dispositions de l'article L.5211-6-1 du CGCT la r\u00e9partition doittenir compte de la population de chaque commune. Chaque commune doit disposer d'au moinsun siege et aucune commune ne peut disposer de plus dela moiti\u00e9 des si\u00e9ges,CONSID\u00c9RANT que l'accord local doit \u00eatre d\u00e9cid\u00e9 au plus tard le 31 ao\u00fbt 2025 par les deux tiers aumoins des conseils municipaux des communes membres repr\u00e9sentant plus de la moiti\u00e9 de lapopulation totale de celles-ci ou par la moiti\u00e9 au moins des conseils municipaux des communesmembres repr\u00e9sentant plus des deux tiers de la population totale de celles-ci. Cette majorit\u00e9 doitcomprendre. le conseil municipal de la commune dont la population est la plus nombreuse,lorsque celle-ci est sup\u00e9rieure au quart de la population des communes membres,CONSID\u00c9RANT que les conseils municipaux des communes membres de la communaut\u00e9 de communesdu Mont Loz\u00e8re se sont prononc\u00e9s par accord local\u00e0 la majorit\u00e9 qualifi\u00e9e sur le nombre de 38(trente-huit) si\u00e8ges et de leur r\u00e9partition de l'organe d\u00e9lib\u00e9rant de l'\u00e9tablissement, en vue duprochain renouvellement g\u00e9n\u00e9ral des conseils municipaux,CONSID\u00c9RANT qu'il y a lieu d'arr\u00eater la composition du conseil communautaire de la communaut\u00e9 decommune du Mont Loz\u00e8re en application des dispositions pr\u00e9vues \u00e0 l'article L.5211-6-1 du CGCT,CONSID\u00c9RANT qu'en application des dispositions de l'article L.5211-6-1-VII du CGCT le nombre total desi\u00e8ges que comptera l'organe d\u00e9lib\u00e9rant de l'\u00e9tablissement public de coop\u00e9rationintercommunale ainsi que celui attribu\u00e9 \u00e0 chaque commune membre lors du prochainrenouvellement g\u00e9n\u00e9ral des conseils municipaux est constat\u00e9 par arr\u00eat\u00e9 du repr\u00e9sentant de l'\u00c9tatdans le d\u00e9partement au plus tard le 31 octobre de l'ann\u00e9e pr\u00e9c\u00e9dant celle du renouvellementg\u00e9n\u00e9ral des conseils municipaux, |CONSID\u00c9RANT que le nombre et la r\u00e9partition des si\u00e8ges de conseillers communautaires demand\u00e9sdans le cadre d'un accord local par les communes membres de la communaut\u00e9 de communes duMont Loz\u00e8re respectent les conditions fix\u00e9es \u00e0 l'article L.5211-6-1 du CGCT,\nSUR proposition de la secr\u00e9taire g\u00e9n\u00e9rale de la pr\u00e9fecture,\nARRETENT:\nARTICLE 1: Nombre total de si\u00e8ges de l'organe d\u00e9lib\u00e9rantLe nombre total de si\u00e8ges de conseillers communautaires de |'assembl\u00e9 d\u00e9lib\u00e9rante du Mont Loz\u00e8re \u00e0compter du prochain renouvellement g\u00e9n\u00e9ral des conseils municipaux est fix\u00e9, en application del'accord local pris \u00e0 la majorit\u00e9 qualifi\u00e9e, \u00e0 38 (trente-huit).ARTICLE 2: R\u00e9partition des si\u00e8ges au sein de l'organe d\u00e9lib\u00e9rantLes 38 (trente-huit) si\u00e8ges du conseil communautaire sont r\u00e9partis comme suit entre les communes :_ Communes membres (21) | Population municipale (habitants) Nombrede si\u00e9gesMont-Loz\u00e9re-et-Goulet 1107 | 5Saint-Etienne-du-Valdonnez 641 3\n2/3\nPrefecture du Gard - 30-2025-10-20-00021 - Arr\u00eat\u00e9 interpr\u00e9fectoral portant recomposition du conseil communautaire de la\nCommunaut\u00e9 de Communes Mont Loz\u00e8re \u00e0 compter du prochain renouvellement g\u00e9n\u00e9ral des conseils municipaux 24\nVillefort 617 [3Brenoux 388 2Ponteils-et-Br\u00e9sis (Gard) | 368 2Lanu\u00e9jols 370 2Pr\u00e9vench\u00e8res 270 2Allenc . [264 2Altier 216 2Pied-de-Borne 197 2Saint-Andr\u00e9-Capc\u00e8ze 205 2Cubi\u00e8res 189 2Bastide-Puylaurent (la) 178 1Montbel 147 1Pourcharesses | 128 1Chadenet 122 1Malons-et-Elze (Gard) 115 1Laubert 102 1Sainte-H\u00e9l\u00e8ne | 97 1Saint-Fr\u00e9zal-d'Albuges 61 1Cubi\u00e9rettes 45 1ARTICLE 3 ... RecoursLe pr\u00e9sent arr\u00eat\u00e9 peut faire l'objet d'un recours pour exc\u00e8s de pouvoir devant le tribunal administratifde N\u00eemes, 16 avenue Feuch\u00e8res 30000 N\u00eemes, dans le d\u00e9lai de deux mois \u00e0 compter de sa publication,de sa notification ou de son affichage.ARTICLE 4 - Ex\u00e9cutionLa secr\u00e9taire g\u00e9n\u00e9rale de la pr\u00e9fecture de la Loz\u00e8re et le pr\u00e9sident de la communaut\u00e9 de communes duMont Loz\u00e8re, les maires d\u00e9s communes membres sont charg\u00e9s, chacun en ce qui. le concerne, del'ex\u00e9cution du pr\u00e9sent arr\u00eat\u00e9, qui sera ins\u00e9r\u00e9 au recueil des actes administratifs de la pr\u00e9fecture de laLoz\u00e8re.Le pr\u00e9fet du Gard Le pr\u00e9fet de la Loz\u00e8re\nLaure TROTINYann GERARD\n3/3\nPrefecture du Gard - 30-2025-10-20-00021 - Arr\u00eat\u00e9 interpr\u00e9fectoral portant recomposition du conseil communautaire de la\nCommunaut\u00e9 de Communes Mont Loz\u00e8re \u00e0 compter du prochain renouvellement g\u00e9n\u00e9ral des conseils municipaux 25\nPrefecture du Gard - 30-2025-10-20-00021 - Arr\u00eat\u00e9 interpr\u00e9fectoral portant recomposition du conseil communautaire de la\nCommunaut\u00e9 de Communes Mont Loz\u00e8re \u00e0 compter du prochain renouvellement g\u00e9n\u00e9ral des conseils municipaux 26\nPrefecture du Gard\n30-2025-10-20-00008\nArr\u00eat\u00e9 portant recomposition de la r\u00e9partition\ndes si\u00e8ges de l'organe d\u00e9lib\u00e9rant de la\nCommunaut\u00e9 d'agglom\u00e9ration du Gard\nRhodanien\nPrefecture du Gard - 30-2025-10-20-00008 - Arr\u00eat\u00e9 portant recomposition de la r\u00e9partition des si\u00e8ges de l'organe d\u00e9lib\u00e9rant de la\nCommunaut\u00e9 d'agglom\u00e9ration du Gard Rhodanien 27\nPREFET , oe ; ,DU GARD Pr\u00e9fecture - Direction de la citoyennet\u00e9,Libert\u00e9 de la l\u00e9galit\u00e9 et de la coordinationEEE Service des collectivit\u00e9s, des financesFraternit\u00e9 : TTet de l'intercommunalit\u00e9\nn\u00b0 DCLC-SCFI-BFLI-2025-\nArr\u00eat\u00e9portant recomposition du nombre et de la r\u00e9partition des si\u00e8ges de l'organe d\u00e9lib\u00e9rantde la communaut\u00e9 d'agglom\u00e9ration du Gard Rhodanien\nLe pr\u00e9fet du Gard,chevalier de la L\u00e9gion d'honneur,officier de l'ordre national du M\u00e9rite,\nVu le code g\u00e9n\u00e9ral des collectivit\u00e9s territoriales (CGCT), notamment les articles L.5211-6 et L.5211-6-1 ;Vu le d\u00e9cret du 13juillet 2023 nommant M. J\u00e9r\u00f4me BONET, pr\u00e9fet du Gard ;Vu le d\u00e9cret du 24 avril 2024 nommant M. Yann GERARD, secr\u00e9taire g\u00e9n\u00e9ral de la pr\u00e9fecture du Gard,sous-pr\u00e9fet de N\u00eemes ;Vu la loi n\u00b0 2010-1563 du 16 d\u00e9cembre 2010 de r\u00e9forme des collectivit\u00e9s territoriales ;Vu le d\u00e9cret n\u00b02025-848 du 27 ao\u00fbt 2025 fixant la date du renouvellement des conseillers municipauxet communautaires, des conseillers m\u00e9tropolitains de Lyon, des conseillers de Paris et des conseillersd'arrondissement de Paris, Lyon et Marseille et portant convocation des \u00e9lecteurs ;Vu la circulaire ATDB2503087C du 17 mars 2025 relative \u00e0 la recomposition de l'organe d\u00e9lib\u00e9rant des\u00e9tablissements publics de coop\u00e9ration intercommunale \u00e0 fiscalit\u00e9 propre l'ann\u00e9e pr\u00e9c\u00e9dant celle durenouvellement g\u00e9n\u00e9ral des conseils municipaux ;Vu l'arr\u00eat\u00e9 pr\u00e9fectoral n\u00b02012-198-004 du 16juillet 2012 modifi\u00e9 portant fusion de cinq communaut\u00e9sde communes du Gard rhodanien, extension \u00e0 trois communes et transformation en communaut\u00e9d'agglom\u00e9ration \u00e0 la date du 1\u00b0 janvier 2013 ;Vu l'arr\u00eat\u00e9 n\u00b0 20191109-B3-001 du 11 septembre 2019 portant constatation du nombre et de lar\u00e9partition des si\u00e8ges de l'organe d\u00e9lib\u00e9rant de la Communaut\u00e9 d'Agglom\u00e9ration du Gard Rhodanien ;Consid\u00e9rant qu'en l'absence d'accord local des communes membres de la communaut\u00e9d'agglom\u00e9ration du Gard Rhodanien sur la r\u00e9partition des si\u00e8ges au sein du conseil communautaire, ilconvient d'appliquer la r\u00e9partition de droit commun selon les modalit\u00e9s pr\u00e9vues aux Il et VI de l'articleL.5211-6-1 du CGCT;Sur proposition du secr\u00e9taire g\u00e9n\u00e9ral de la pr\u00e9fecture du Gard;Arr\u00eate :\nArticle 1: || est constat\u00e9 qu'\u00e0 compter du renouvellement g\u00e9n\u00e9ral des conseils municipaux etcommunautaires des 15 et 22 mars 2026 le nombre de conseillers communautaires composantl'organe d\u00e9lib\u00e9rant de la communaut\u00e9 d'agglom\u00e9ration du Gard Rhodanien est de 77 si\u00e8ges.\nPr\u00e9fecture du Gard10 avenue Feuch\u00e8res - 30 045 NIMES CEDEX 9T\u00e9l. 04 66 36 43 90www.gard.gouv.fr\nPrefecture du Gard - 30-2025-10-20-00008 - Arr\u00eat\u00e9 portant recomposition de la r\u00e9partition des si\u00e8ges de l'organe d\u00e9lib\u00e9rant de la\nCommunaut\u00e9 d'agglom\u00e9ration du Gard Rhodanien 28\nArticle 2 : La r\u00e9partition des 77 si\u00e8ges entre les communes membres au sein de l'organe d\u00e9lib\u00e9rantest fix\u00e9e comme suit :Communes Population | Si\u00e8ges Communes Population | Si\u00e8gesmunicipale municipaleBagnols-sur-C\u00e9ze 18124 17 |Saint-Marcel-de-Careiret 873 1Pont-Saint-Esprit 10759 10 |Cavillargues 847 1Laudun-L'Ardoise 6673 6 Saint-Gervais 792 1Saint-Laurent-des- 2984 2 Carsan 790 1ArbresSaint-Victor-La Coste 2222 2 Saint-Michel-d'Euzet 719 1Tavel 2032 2 Codolet 597 1Saint-G\u00e9ni\u00e8s-de- 2013 Verfeuil 594ComolasSaint-Paulet-de-Caisson 1894 1 Saint-Andr\u00e9-de-Roquepertuis 576 1Tresques 1803 1 Saint-Etienne-des-Sorts 537 1Connaux 1702 1 Saint-Laurent-de-Carnols 535 1Sabran 1596 1 Saint-Pons-La Calm 501 1Montfaucon 1525 1 Le Pin 473 1Saint-Julien-de- 1501 1 Saint-Andr\u00e9-d'Ol\u00e9rargues 444 1PeyrolasSaint-Nazaire 1297 1 Issirac 320 1V\u00e9n\u00e9jan 1262 1 Le Garn 255 1Saint-Alexandre 1250 1 Salazac 215 1Orsan 1197 1 Laval-Saint-Roman 213 1Goudargues 1118 1 Aigu\u00e9ze 212 1Gaujac 1069 1 Montclus 177 1Saint-Paul-Les-Fonts 1047 1 La Roque-sur-C\u00e9ze 174 1Chusclan 975 1 Saint-Christol-de-Rodi\u00e8res 160 1Lirac 938 1 TOTAL 75893 77Cornillon 908 1Article 3 : L'arr\u00eat\u00e9 pr\u00e9fectoral n\u00b0 20191109-B3-001 du 11 septembre 2019 portant constatation dunombre et de la r\u00e9partition des si\u00e8ges de l'organe d\u00e9lib\u00e9rant de la communaut\u00e9 d'agglom\u00e9rationdu Gard Rhodanien est abrog\u00e9.Article 4: Le secr\u00e9taire g\u00e9n\u00e9ral de la pr\u00e9fecture, le pr\u00e9sident de la communaut\u00e9 d'agglom\u00e9ration duGard Rhodanien, les maires de ses communes membres sont charg\u00e9s, chacun en ce qui le concerne,de l'ex\u00e9cution du pr\u00e9sent arr\u00eat\u00e9, qui sera ins\u00e9r\u00e9 au recueil des actes administratifs de la pr\u00e9fecturedu Gard. N\u00eemes, le 4 tutsLe pr\u00e9fet,le secr\u00e9taire g\u00e9n\u00e9ralYann G\u00c9RARD\nPrefecture du Gard - 30-2025-10-20-00008 - Arr\u00eat\u00e9 portant recomposition de la r\u00e9partition des si\u00e8ges de l'organe d\u00e9lib\u00e9rant de la\nCommunaut\u00e9 d'agglom\u00e9ration du Gard Rhodanien 29\nLe pr\u00e9sent arr\u00eat\u00e9 peut faire l'objet d'un recours contentieux devant le tribunal administratif de Nimes, dans und\u00e9lai de deux mois \u00e0 compter de sa publication. Le tribunal administratif peut aussi \u00eatre saisi par l'applicationinformatique \u00ab T\u00e9l\u00e9recours Citoyens \u00bb accessible par le site internet www.telerecours.fr.\nPrefecture du Gard - 30-2025-10-20-00008 - Arr\u00eat\u00e9 portant recomposition de la r\u00e9partition des si\u00e8ges de l'organe d\u00e9lib\u00e9rant de la\nCommunaut\u00e9 d'agglom\u00e9ration du Gard Rhodanien 30\nPrefecture du Gard - 30-2025-10-20-00008 - Arr\u00eat\u00e9 portant recomposition de la r\u00e9partition des si\u00e8ges de l'organe d\u00e9lib\u00e9rant de la\nCommunaut\u00e9 d'agglom\u00e9ration du Gard Rhodanien 31\nPrefecture du Gard\n30-2025-10-20-00011\nArr\u00eat\u00e9 portant recomposition du nombre et de\nla r\u00e9partition des si\u00e8ges de l'organe d\u00e9lib\u00e9rant de\nla Communaut\u00e9 d'Agglom\u00e9ration de N\u00eemes\nM\u00e9tropole\nPrefecture du Gard - 30-2025-10-20-00011 - Arr\u00eat\u00e9 portant recomposition du nombre et de la r\u00e9partition des si\u00e8ges de l'organe\nd\u00e9lib\u00e9rant de la Communaut\u00e9 d'Agglom\u00e9ration de N\u00eemes M\u00e9tropole 32\nPREFET . i. .DU GARD Pr\u00e9fecture - Direction de la citoyennet\u00e9,Libert\u00e9 de la l\u00e9galit\u00e9 et de la coordination\u2014 Service des collectivit\u00e9s, des financesFraternit\u00e9 ; TTet de l'intercommunalit\u00e9\nn\u00b0 DCLC-SCFI-BFLI-2025\nArr\u00e9t\u00e9portant recomposition du nombre et de la r\u00e9partition des si\u00e8ges de l'organe d\u00e9lib\u00e9rantde la communaut\u00e9 d'agglom\u00e9ration de Nimes m\u00e9tropole\nLe pr\u00e9fet du Gard,chevalier de la L\u00e9gion d'honneur,officier de l'ordre national du M\u00e9rite,\nVu le code g\u00e9n\u00e9ral des collectivit\u00e9s territoriales (CGCT), notamment les articles L.5211-6 et L.5211-6-1 ;Vu le d\u00e9cret du 13juillet 2023 nommant M. J\u00e9r\u00f4me BONET, pr\u00e9fet du Gard;Vu le d\u00e9cret du 24 avril 2024 nommant M. Yann GERARD, secr\u00e9taire g\u00e9n\u00e9ral de la pr\u00e9fecture du Gard,sous-pr\u00e9fet de N\u00eemes ;Vu la loi n\u00b0 2010-1563 du 16 d\u00e9cembre 2010 de r\u00e9forme des collectivit\u00e9s territoriales ;Vu le d\u00e9cret n\u00b02025-848 du 27 ao\u00fbt 2025 fixant la date du renouvellement des conseillers municipauxet communautaires, des conseillers m\u00e9tropolitains de Lyon, des conseillers de Paris et des conseillersd'arrondissement de Paris, Lyon et Marseille et portant convocation des \u00e9lecteurs ;Vu la circulaire ATDB2503087C du-17 mars 2025 relative \u00e0 la recomposition de l'organe d\u00e9lib\u00e9rant des\u00e9tablissements publics de coop\u00e9ration intercommunale \u00e0 fiscalit\u00e9 propre l'ann\u00e9e pr\u00e9c\u00e9dant celle durenouvellement g\u00e9n\u00e9ral des conseils municipaux ;Vu l'arr\u00eat\u00e9 pr\u00e9fectoral n\u00b02001-362-1 modifi\u00e9 du 28 d\u00e9cembre 2001 portant cr\u00e9ation de la communaut\u00e9d'agglom\u00e9ration N\u00eemes M\u00e9tropole;Vu l'arr\u00eat\u00e9 n\u00b0 20191109-B3-002 du 11 septembre 2019 portant constatation du nombre et de lar\u00e9partition des si\u00e8ges de l'organe d\u00e9lib\u00e9rant de la Communaut\u00e9 d'Agglom\u00e9ration de Nimes M\u00e9trople;Consid\u00e9rant qu'en l'absence d'accord local des communes membres de la communaut\u00e9d'agglom\u00e9ration de Nimes M\u00e9tropole sur la r\u00e9partition des si\u00e8ges au sein du conseil communautaire, ilconvient d'appliquer la r\u00e9partition de droit commun selon les modalit\u00e9s pr\u00e9vues aux Il et VI de l'articleL.5211-6-1 du CGCT ;Sur proposition du secr\u00e9taire g\u00e9n\u00e9ral de la pr\u00e9fecture du Gard;\nArr\u00eate :\nArticle 1: Il est constat\u00e9 qu'\u00e0 compter du renouvellement g\u00e9n\u00e9ral des conseils municipaux etcommunautaires des 15 et 22 mars 2026 le nombre de conseillers communautaires composantl'organe d\u00e9lib\u00e9rant de la communaut\u00e9 d'agglom\u00e9ration de N\u00eemes M\u00e9tropole est de 105 si\u00e8ges.\nPr\u00e9fecture du Gard10 avenue Feuch\u00e8res - 30 045 NIMES CEDEX 9T\u00e9l. 04 66 36 43 90www.gard.gouv.fr\nPrefecture du Gard - 30-2025-10-20-00011 - Arr\u00eat\u00e9 portant recomposition du nombre et de la r\u00e9partition des si\u00e8ges de l'organe\nd\u00e9lib\u00e9rant de la Communaut\u00e9 d'Agglom\u00e9ration de N\u00eemes M\u00e9tropole 33\nArticle 2 : La r\u00e9partition des 105 si\u00e8ges entre les communes membres au sein de l'organe d\u00e9lib\u00e9rantest fix\u00e9e comme suit :Communes Population | Si\u00e9ges Communes Population | Si\u00e8gesmunicipale municipaleN\u00eemes 150444 52 |Saint-Gervasy 1990 1Saint-Gilles 14427 6 Sernhac 1816 1Marguerittes 8370 3 Cabri\u00e8res 1781 1Manduel 7087 3 Sainte-Anastasie 1744 1Milhaud 6142 2 Fons 1734 1Bouillargues 6119 Zz L\u00e9denon 1676 1Garons 5244 2 Saint-Mamert-du-Gard 1617 1Caveirac 4328 2 Saint-Dionisy 1071 1Poulx 4265 2 Sauzet 827 1Clarensac 4257 2 Saint-C\u00f4me-et- 797 1MaruejolsRedessan. 4227 1 Domessargues 750 1Caissargues 4077 1 Gajan 747 1G\u00e9n\u00e9rac 4039 1 Saint-Bauz\u00e8ly 681 1Bernis 3341 1 La Rouvi\u00e8re : 664 1Saint-G\u00e9ni\u00e8s-de-Malgoir\u00e8s 3172 1 Moulezan 640 1Rodilhan 2810 1 Montignargues 559 1La Calmette 2572 1 Dions 531 1Bezouce 2341 1 Montagnac 233 1Langlade 2297 1 Mauressargues 177 1Saint-Chaptes 2030 1 TOTAL 261624 105Article 3: L'arr\u00eat\u00e9 pr\u00e9fectoral n\u00b0 20191109-B3-002 du 11 septembre 2019 portant constatation dunombre et de la r\u00e9partition des si\u00e8ges de l'organe d\u00e9lib\u00e9rant de la communaut\u00e9 d'agglom\u00e9rationde N\u00eemes M\u00e9tropole est abrog\u00e9.Article 4 : Le secr\u00e9taire g\u00e9n\u00e9ral de la pr\u00e9fecture, le pr\u00e9sident de la communaut\u00e9 d'agglom\u00e9ration deN\u00eemes M\u00e9tropole, les maires de ses communes membres sont charg\u00e9s, chacun en ce qui leconcerne, de l'ex\u00e9cution du pr\u00e9sent arr\u00eat\u00e9, qui sera ins\u00e9r\u00e9 au recueil des actes administratifs de lapr\u00e9fecture du Gard. N\u00eemes, le 99 OCT. 2025Le pr\u00e9fet,\nles OUPsbr\u00e9feti'\u20ac J\u00e9n\u00e9raiYann G\u00c9RARD\nLe pr\u00e9sent arr\u00eat\u00e9 peut faire l'objet d'un recours contentieux devant le tribunal administratif de N\u00eemes, dans und\u00e9lai de deux mois \u00e0 compter de sa publication. Le tribunal administratif peut \u00eatre saisi par l'applicationinformatique \"T\u00e9l\u00e9recours Citoyens\" accessible par le site internet www.telerecours.fr.\nPrefecture du Gard - 30-2025-10-20-00011 - Arr\u00eat\u00e9 portant recomposition du nombre et de la r\u00e9partition des si\u00e8ges de l'organe\nd\u00e9lib\u00e9rant de la Communaut\u00e9 d'Agglom\u00e9ration de N\u00eemes M\u00e9tropole 34\nPrefecture du Gard\n30-2025-10-20-00020\nArr\u00eat\u00e9 portant recomposition du nombre et de\nla r\u00e9partition des si\u00e8ges de l'organe d\u00e9lib\u00e9rant de\nla Communaut\u00e9 de Communes Beaucaire Terre\nd'Argence\nPrefecture du Gard - 30-2025-10-20-00020 - Arr\u00eat\u00e9 portant recomposition du nombre et de la r\u00e9partition des si\u00e8ges de l'organe\nd\u00e9lib\u00e9rant de la Communaut\u00e9 de Communes Beaucaire Terre d'Argence 35\nPREFET , oe , .DU GARD Pr\u00e9fecture - Direction de la citoyennet\u00e9,Libert\u00e9 de la l\u00e9galit\u00e9 et de la coordinationond Service des collectivit\u00e9s, des financesFraternit\u00e9 3 aeet de l'intercommunalit\u00e9n\u00b0 DCLC-SCFI-BFLI-2025\nArr\u00eat\u00e9portant recomposition du nombre et de la r\u00e9partition des si\u00e8ges de l'organe d\u00e9lib\u00e9rantde la communaut\u00e9 de communes Beaucaire Terre d'Argence\nLe pr\u00e9fet du Gard,chevalier de la L\u00e9gion d'honneur,officier de l'ordre national du M\u00e9rite,\nVu le code g\u00e9n\u00e9ral des collectivit\u00e9s territoriales (CGCT), notamment les articles L.5211-6 et L.5211-6-1 ;Vu le d\u00e9cret du 13 juillet 2023 nommant M. J\u00e9r\u00f4me BONET, pr\u00e9fet du Gard;Vu le d\u00e9cret du 24 avril 2024 nommant M. Yann GERARD, secr\u00e9taire g\u00e9n\u00e9ral de la pr\u00e9fecture du Gard,sous-pr\u00e9fet de N\u00eemes ;Vu la loi n\u00b0 2010-1563 du 16 d\u00e9cembre 2010 de r\u00e9forme des collectivit\u00e9s territoriales ;Vu le d\u00e9cret n\u00b02025-848 du 27 ao\u00fbt 2025 fixant la date du renouvellement des conseillers municipauxet communautaires, des conseillers m\u00e9tropolitains de Lyon, des conseillers de Paris et des conseillersd'arrondissement de Paris, Lyon et Marseille et portant convocation des \u00e9lecteurs ;Vu la circulaire ATDB2503087C du 17 mars 2025 relative \u00e0 la recomposition de l'organe d\u00e9lib\u00e9rant des\u00e9tablissements publics de coop\u00e9ration intercommunale \u00e0 fiscalit\u00e9 propre l'ann\u00e9e pr\u00e9c\u00e9dant celle durenouvellement g\u00e9n\u00e9ral des conseils municipaux;Vu l'arr\u00eat\u00e9 pr\u00e9fectoral n\u00b0 2001-324-4 modifi\u00e9 du 20 novembre 2001 portant cr\u00e9ation de lacommunaut\u00e9 de communes de Beaucaire Terre d'Argence ;Vu l'arr\u00eat\u00e9 n\u00b0 20191109-B3-003 du 11 septembre 2019 portant constatation du nombre et de lar\u00e9partition des si\u00e8ges de l'organe d\u00e9lib\u00e9rant de la Communaut\u00e9 de Communes Beaucaire Terred'Argence ;Consid\u00e9rant qu'en l'absence d'accord local des communes membres de la communaut\u00e9 decommunes Beaucaire Terre d'Argence sur la r\u00e9partition des si\u00e8ges au sein du conseil communautaire, ilconvient d'appliquer la r\u00e9partition de droit commun selon les modalit\u00e9s pr\u00e9vues aux Il et VI de l'articleL.5211-6-1 du CGCT ;\nSur proposition du secr\u00e9taire g\u00e9n\u00e9ral de la pr\u00e9fecture du Gard;Arr\u00e9te :\nArticle 1: || est constat\u00e9 qu'\u00e0 compter du renouvellement g\u00e9n\u00e9ral des conseils municipaux etcommunautaires des 15 et 22 mars 2026 le nombre de conseillers communautaires composantl'organe d\u00e9lib\u00e9rant de la communaut\u00e9 de communes Beaucaire Terre d'Argence est de 34 si\u00e8ges.\nPr\u00e9fecture du Gard10 avenue Feuch\u00e8res - 30 045 NIMES CEDEX 9T\u00e9l. 04 66 36 43 90www.gard.gouv.fr\nPrefecture du Gard - 30-2025-10-20-00020 - Arr\u00eat\u00e9 portant recomposition du nombre et de la r\u00e9partition des si\u00e8ges de l'organe\nd\u00e9lib\u00e9rant de la Communaut\u00e9 de Communes Beaucaire Terre d'Argence 36\nArticle 2: La r\u00e9partition des 34 si\u00e8ges entre les communes membres au sein de l'organe d\u00e9lib\u00e9rantest fix\u00e9e comme suit :Communes membres Population municipale Nombre de si\u00e8gesBEAUCAIRE 15695 17BELLEGARDE 7929JONQUIERES-SAINT-VINCENT 3886FOURQUES 2701VALLABREGUES 1376 1TOTAL 31587 34Article 3 : L'arr\u00eat\u00e9 pr\u00e9fectoral n\u00b0 20191109-B3-003 du 11 septembre 2019 portant constatation dunombre et de la r\u00e9partition des si\u00e8ges de l'organe d\u00e9lib\u00e9rant de la communaut\u00e9 decommunes Beaucaire Terre d'Argence est abrog\u00e9.Article 4 : Le secr\u00e9taire g\u00e9n\u00e9ral de la pr\u00e9fecture, le pr\u00e9sident de la communaut\u00e9 de communesBeaucaire Terre d'Argence, les maires de ses communes membres sont charg\u00e9s, chacun en ce qui leconcerne, de l'ex\u00e9cution du pr\u00e9sent arr\u00eat\u00e9, qui sera ins\u00e9r\u00e9 au recueil des actes administratifs de lapr\u00e9fecture du Gard. N\u00eemes, le 2 OCT. 2025Le pr\u00e9fet,xpr\u00e9fet,\u00e0 Ge rates M on. \u00a3le secr\u00e9ta\u00f1e-g\u00e9n\u00e9raleeun\nD alYann GERARD\na\nLe pr\u00e9sent arr\u00e9t\u00e9 peut faire l'objet d'un recours contentieux devant le tribunal administratif de Nimes, dans und\u00e9lai de deux mois \u00e0 compter de sa publication. Le tribunal administratif peut \u00eatre saisi par l'applicationinformatique \"T\u00e9l\u00e9recours Citoyens\" accessible par le site internet www.telerecours.fr.\nPrefecture du Gard - 30-2025-10-20-00020 - Arr\u00eat\u00e9 portant recomposition du nombre et de la r\u00e9partition des si\u00e8ges de l'organe\nd\u00e9lib\u00e9rant de la Communaut\u00e9 de Communes Beaucaire Terre d'Argence 37\nPrefecture du Gard\n30-2025-10-20-00018\nArr\u00eat\u00e9 portant recomposition du nombre et de\nla r\u00e9partition des si\u00e8ges de l'organe d\u00e9lib\u00e9rant de\nla Communaut\u00e9 de communes Causses Aigoual\nC\u00e9vennes \"Terres Solidaires\"\nPrefecture du Gard - 30-2025-10-20-00018 - Arr\u00eat\u00e9 portant recomposition du nombre et de la r\u00e9partition des si\u00e8ges de l'organe\nd\u00e9lib\u00e9rant de la Communaut\u00e9 de communes Causses Aigoual C\u00e9vennes \"Terres Solidaires\" 38\n| =PREFET ; i, , .DU GARD Pr\u00e9fecture - Direction de la citoyennet\u00e9,Libert\u00e9 de la l\u00e9galit\u00e9 et de la coordinationite Service des collectivit\u00e9s, des financesFraternit\u00e9 7 >et de l'intercommunalit\u00e9n\u00b0 DCLC-SCFI-BFLI-2025Arr\u00eat\u00e9portant recomposition du nombre et de la r\u00e9partition des si\u00e8ges de l'organe d\u00e9lib\u00e9rantde la communaut\u00e9 de communes Causses Aigoual C\u00e9vennes \u00ab Terres Solidaires \u00bbLe pr\u00e9fet du Gard,chevalier de la L\u00e9gion d'honneur,officier de l'ordre national du M\u00e9rite,Vu le code g\u00e9n\u00e9ral des collectivit\u00e9s territoriales (CGCT), notamment les articles L.5211-6 et L.5211-6-1 ;Vu le d\u00e9cret du 13 juillet 2023 nommant M. J\u00e9r\u00f4me BONET, pr\u00e9fet du Gard;Vu le d\u00e9cret du 24 avril 2024 nommant M. Yann GERARD, secr\u00e9taire g\u00e9n\u00e9ral de la pr\u00e9fecture du Gard,sous-pr\u00e9fet de N\u00eemes ;Vu la loi n\u00b0 2010-1563 du 16 d\u00e9cembre 2010 de r\u00e9forme des collectivit\u00e9s territoriales ;Vu le d\u00e9cret n\u00b02025-848 du 27 ao\u00fbt 2025 fixant la date du renouvellement des conseillers municipauxet communautaires, des conseillers m\u00e9tropolitains de Lyon, des conseillers de Paris et des conseillersd'arrondissement de Paris, Lyon et Marseille et portant convocation des \u00e9lecteurs ;Vu la circulaire ATDB2503087C du 17 mars 2025 relative \u00e0 la recomposition de l'organe d\u00e9lib\u00e9rant des\u00e9tablissements publics de coop\u00e9ration intercommunale \u00e0 fiscalit\u00e9 propre l'ann\u00e9e pr\u00e9c\u00e9dant celle durenouvellement g\u00e9n\u00e9ral des conseils municipaux ;Vu l'arr\u00eat\u00e9 pr\u00e9fectoral n\u00b02012-198-007 modifi\u00e9 du 16juillet 2012 portant fusion des Communaut\u00e9s deCommunes de |'Aigoual et de la Vall\u00e9e Borgne \u00e9tendue et extension \u00e0 deux communes ;Vu l'arr\u00eat\u00e9 n\u00b0 20191109-B3-004 du 11 septembre 2019 portant constatation du nombre et de lar\u00e9partition des si\u00e8ges de l'organe d\u00e9lib\u00e9rant de la Communaut\u00e9 de Communes Causses AigoualC\u00e9vennes \u00ab Terres Solidaires \u00bb ;Vu les d\u00e9lib\u00e9rations des conseils municipaux des communes membres de la communaut\u00e9 decommunes Caisse Aigoual C\u00e9vennes \u00ab Terres Solidaires \u00bb se pronon\u00e7ant en faveur d'un accord localsur le nombre et la r\u00e9partition des si\u00e8ges de l'organe d\u00e9lib\u00e9rant de la communaut\u00e9 de communes :Causse-Begon, par d\u00e9lib\u00e9ration du 17 ao\u00fbt 2025,Dourbies, par d\u00e9lib\u00e9ration du 19juillet 2025,L'Estr\u00e9chure, par d\u00e9lib\u00e9ration du 1\u00b0 ao\u00fbt 2025,Lanuejols, par d\u00e9lib\u00e9ration du 13 juin 2025,Lasalle, par d\u00e9lib\u00e9ration du 19 juin 2025,Les Plantiers, par d\u00e9lib\u00e9ration du 26 juin 2025,Peyrolles-en-C\u00e9vennes, par d\u00e9lib\u00e9ration du 1* juillet 2025,Revens, par d\u00e9lib\u00e9ration du 28 juin 2025,Saint-Andr\u00e9-de-Majencoules, par d\u00e9lib\u00e9ration du 12 juin 2025,Saint-Sauveur-Camprieu, par d\u00e9lib\u00e9ration du 31 juillet 2025,Saumane, par d\u00e9lib\u00e9ration du 24juillet 2025,Soudorgues, par d\u00e9lib\u00e9ration du 25 ao\u00fbt 2025,Tr\u00e9ves, par d\u00e9lib\u00e9ration du 8 ao\u00fbt 2025,Val-d'Aigoual, par d\u00e9lib\u00e9ration du 12 juin 2025 ;\nVVVVVVVVVVV VV WV\nConsid\u00e9rant que les conseils municipaux des communes nomm\u00e9es ci-dessus composant lacommunaut\u00e9 de communes Causses Aigoual C\u00e9vennes \u00ab Terres Solidaires \u00bb se sont prononc\u00e9s dans lesPr\u00e9fecture du Gard10 avenue Feuch\u00e8res \u2014 30 045 NIMES CEDEX 9T\u00e9l. 04 66 36 43 90www.gard.gouv.fr\nPrefecture du Gard - 30-2025-10-20-00018 - Arr\u00eat\u00e9 portant recomposition du nombre et de la r\u00e9partition des si\u00e8ges de l'organe\nd\u00e9lib\u00e9rant de la Communaut\u00e9 de communes Causses Aigoual C\u00e9vennes \"Terres Solidaires\" 39\nconditions de majorit\u00e9 requises en faveur d'un accord local sur le nombre et la r\u00e9partition des si\u00e8gesde l'organe d\u00e9lib\u00e9rant de l'\u00e9tablissement en vue des \u00e9ch\u00e9ances \u00e9lectorales de mars 2026 jConsid\u00e9rant que la commune de Saint-Andr\u00e9-de-Valborgne a inform\u00e9 par courrier \u00e9lectronique du 06octobre 2025 ne pas avoir d\u00e9lib\u00e9r\u00e9 ;Consid\u00e9rant que la r\u00e9partition des si\u00e9ges issue de cet accord local tient compte de la populationmunicipale de chaque commune, que chaque commune dispose d'au moins un siege et qu'aucunecommune ne dispose de plus de la moiti\u00e9 des si\u00e9ges ;Sur proposition du secr\u00e9taire g\u00e9n\u00e9ral de la pr\u00e9fecture du Gard ;Arr\u00e9te :Article 1: Il est constat\u00e9 qu'\u00e0 compter du renouvellement g\u00e9n\u00e9ral des conseils municipaux etcommunautaires des 15 et 22 mars 2026 le nombre de conseillers communautaires composantl'organe d\u00e9lib\u00e9rant de la communaut\u00e9 de communes Causses Aigoual C\u00e9vennes est de 28 si\u00e8ges.Article 2 : La r\u00e9partition des 28 si\u00e8ges entre les communes membres au sein de l'organe d\u00e9lib\u00e9rantest fix\u00e9e comme suit :Communes membres Population municipale Nombre de si\u00e8gesVAL-D'AIGOUAL 1418 7LASALLE 1166 5SAINT-ANDRE-DE-MAJENCOULES 600 3SAINT-ANDRE-DE-VALBORGNE 360 2LANUEJOLS 339 1SAUMANE 296 1SOUDORGUES 268 1LES PLANTIERS 228 1SAINT-SAUVEUR-CAMPRIEU 212 1DOURBIES 157 1L'ESTRECHURE 152 1TREVES __ 108 1CAUSSE-BEGON 25 1PEYROLLES-EN-CEVENNES 31 1REVENS 31 1TOTAL 5391 28Article 3 : L'arr\u00eat\u00e9 pr\u00e9fectoral n\u00b0 20191109-B3-004 du 11 septembre 2019 portant constatation dunombre et de la r\u00e9partition des si\u00e8ges de l'organe d\u00e9lib\u00e9rant de la communaut\u00e9 decommunes Causses Aigoual C\u00e9vennes \u00ab Terres Solidaires \u00bb est abrog\u00e9.Article 4: Le secr\u00e9taire g\u00e9n\u00e9ral de la pr\u00e9fecture, le pr\u00e9sident de la communaut\u00e9 de communesCausses Aigoual C\u00e9vennes \u00ab Terres Solidaires \u00bb, les maires de ses communes membres sont charg\u00e9s,chacun en ce qui le concerne, de l'ex\u00e9cution du pr\u00e9sent arr\u00eat\u00e9, qui sera ins\u00e9r\u00e9 au recueil des actesadministratifs de la pr\u00e9fecture du Gard. N\u00eemes, le 20 QC. 2028Pour HS PRs stYann G\u00c9RARD\nPrefecture du Gard - 30-2025-10-20-00018 - Arr\u00eat\u00e9 portant recomposition du nombre et de la r\u00e9partition des si\u00e8ges de l'organe\nd\u00e9lib\u00e9rant de la Communaut\u00e9 de communes Causses Aigoual C\u00e9vennes \"Terres Solidaires\" 40\nLe pr\u00e9sent arr\u00eat\u00e9 peut faire l'objet d'un recours contentieux devant le tribunal administratif de Nimes, dans und\u00e9lai de deux mois \u00e0 compter de sa publication. Le tribunal administratif peut aussi \u00eatre saisi par l'applicationinformatique \u00ab T\u00e9l\u00e9recours Citoyens \u00bb accessible par le site internet www.telerecours.fr.\nPrefecture du Gard - 30-2025-10-20-00018 - Arr\u00eat\u00e9 portant recomposition du nombre et de la r\u00e9partition des si\u00e8ges de l'organe\nd\u00e9lib\u00e9rant de la Communaut\u00e9 de communes Causses Aigoual C\u00e9vennes \"Terres Solidaires\" 41\nPrefecture du Gard - 30-2025-10-20-00018 - Arr\u00eat\u00e9 portant recomposition du nombre et de la r\u00e9partition des si\u00e8ges de l'organe\nd\u00e9lib\u00e9rant de la Communaut\u00e9 de communes Causses Aigoual C\u00e9vennes \"Terres Solidaires\" 42\nPrefecture du Gard\n30-2025-10-20-00019\nArr\u00eat\u00e9 portant recomposition du nombre et de\nla r\u00e9partition des si\u00e8ges de l'organe d\u00e9lib\u00e9rant de\nla Communaut\u00e9 de Communes de Petite\nCamargue\nPrefecture du Gard - 30-2025-10-20-00019 - Arr\u00eat\u00e9 portant recomposition du nombre et de la r\u00e9partition des si\u00e8ges de l'organe\nd\u00e9lib\u00e9rant de la Communaut\u00e9 de Communes de Petite Camargue 43\nPREFET | ee | |DU GARD Pr\u00e9fecture - Direction de la citoyennet\u00e9,Libert\u00e9 de la l\u00e9galit\u00e9 et de la coordinationEgalit\u00e9Fraternit\u00e9 Service des collectivit\u00e9s, des financeset de l'intercommunalit\u00e9\nn\u00b0 DCLC-SCFI-BFLI-2025-Arr\u00eat\u00e9portant recomposition du nombre et de la r\u00e9partition des si\u00e8ges de l'organe d\u00e9lib\u00e9rantde la communaut\u00e9 de communes de Petite CamargueLe pr\u00e9fet du Gard,chevalier de la L\u00e9gion d'honneur,officier de l'ordre national du M\u00e9rite,\nVu le code g\u00e9n\u00e9ral des collectivit\u00e9s territoriales (CGCT), notamment les articles L.5211-6 et L.5211-6-1 ;Vu le d\u00e9cret du 13juillet 2023 nommant M. J\u00e9r\u00f4me BONET, pr\u00e9fet du Gard ;Vu le d\u00e9cret du 24 avril 2024 nommant M. Yann GERARD, secr\u00e9taire g\u00e9n\u00e9ral de la pr\u00e9fecture du Gard,sous-pr\u00e9fet de N\u00eemes ;Vu la loi n\u00b0 2010-1563 du 16 d\u00e9cembre 2010 de r\u00e9forme des collectivit\u00e9s territoriales ;Vu le d\u00e9cret n\u00b02025-848 du 27 ao\u00fbt 2025 fixant la date du renouvellement des conseillers municipauxet communautaires, des conseillers m\u00e9tropolitains de Lyon, des conseillers de Paris et des conseillersd'arrondissement de Paris, Lyon et Marseille et portant convocation des \u00e9lecteurs ;Vu la circulaire ATDB2503087C du 17 mars 2025 relative \u00e0 la recomposition de l'organe d\u00e9lib\u00e9rant des\u00e9tablissements publics de coop\u00e9ration intercommunale \u00e0 fiscalit\u00e9 propre l'ann\u00e9e pr\u00e9c\u00e9dant celle durenouvellement g\u00e9n\u00e9ral des conseils municipaux ;Vu l'arr\u00eat\u00e9 pr\u00e9fectoral n\u00b02001-324-1 modifi\u00e9 du 20 novembre 2011 portant cr\u00e9ation de la communaut\u00e9de communes de Petite Camargue ;Vu l'arr\u00eat\u00e9 n\u00b0 20191109-B3-010 du 11 septembre 2019 portant constatation du nombre et de lar\u00e9partition des si\u00e8ges de l'organe d\u00e9lib\u00e9rant de la communaut\u00e9 de communes de Petite Camargue;Vu les d\u00e9lib\u00e9rations des conseils municipaux des communes membres de la Communaut\u00e9 deCommunes Petite Camargue se pronon\u00e7ant en faveur d'un accord local sur le nombre et la r\u00e9partitiondes si\u00e8ges de l'organe d\u00e9lib\u00e9rant de la communaut\u00e9 de communes :> Aubord, par d\u00e9lib\u00e9ration du 16juillet 2025,> Le Cailar par d\u00e9lib\u00e9ration du 25juillet 2025,> Vauvert par d\u00e9lib\u00e9ration du 07juillet 2025,Consid\u00e9rant que les communes de Beauvoisin et Aimargues n'ont pas d\u00e9lib\u00e9r\u00e9 au 31 ao\u00fbt 2025 ;Consid\u00e9rant que les trois communes qui ont d\u00e9lib\u00e9r\u00e9 repr\u00e9sentent moins des deux tiers des conseilsmunicipaux repr\u00e9sentant plus de la moiti\u00e9 de la population de celles-ci, l'accord local ne peut \u00eatreadopt\u00e9 ;Consid\u00e9rant que l'accord local des communes membres de la communaut\u00e9 de communes de PetiteCamargue sur la r\u00e9partition des si\u00e8ges au sein du conseil communautaire n'a pu \u00eatre retenu, il convientd'appliquer la r\u00e9partition de droit commun selon les modalit\u00e9s pr\u00e9vues aux Il et VI de l'article L.5211-6-1 du CGCT;Sur proposition du secr\u00e9taire g\u00e9n\u00e9ral de la pr\u00e9fecture du Gard;Pr\u00e9fecture du Gard10 avenue Feuch\u00e9res - 30 045 NIMES CEDEX 9T\u00e9l. 04 66 36 43 90www.gard.gouv.fr\nPrefecture du Gard - 30-2025-10-20-00019 - Arr\u00eat\u00e9 portant recomposition du nombre et de la r\u00e9partition des si\u00e8ges de l'organe\nd\u00e9lib\u00e9rant de la Communaut\u00e9 de Communes de Petite Camargue 44\nArr\u00eate :\nArticle 1: Il est constat\u00e9 qu'\u00e0 compter du renouvellement g\u00e9n\u00e9ral des conseils municipaux etcommunautaires des 15 et 22 mars 2026 le nombre de conseillers communautaires composantl'organe d\u00e9lib\u00e9rant de la communaut\u00e9 de communes de Petite Camargue est de 30 si\u00e8ges.\nArticle 2 : La r\u00e9partition des 30 si\u00e8ges entre les communes membres au sein de l'organe d\u00e9lib\u00e9rantest fix\u00e9e comme suit :Communes membres | Population municipale Nombre de si\u00e8gesVAUVERT 11772 13BEAUVOISIN 5823AIMARGUES 5806LE CAILAR 2566AUBORD 2296TOTAL 28263 30\nArticle 3: L'arr\u00eat\u00e9 pr\u00e9fectoral n\u00b0 20191109-B3-010 du 11 septembre 2019 portant constatation dunombre et de la r\u00e9partition des si\u00e8ges de l'organe d\u00e9lib\u00e9rant de la communaut\u00e9 de communes dePetite Camargue est abrog\u00e9.Article 4: Le secr\u00e9taire g\u00e9n\u00e9ral de la pr\u00e9fecture, le pr\u00e9sident de la communaut\u00e9 de communes dePetite Camargue, les maires de ses communes membres sont charg\u00e9s, chacun en ce qui le concerne,de l'ex\u00e9cution du pr\u00e9sent arr\u00eat\u00e9, qui sera ins\u00e9r\u00e9 au recueil des actes administratifs de la pr\u00e9fecturedu Gard.\nN\u00eemes, le 29 OCT. 2025Le pr\u00e9fet,Pour Ie pp\u00e9tet,le secr\u00e9taire general\nomsameeren\nYann GERARD\nLe pr\u00e9sent arr\u00e9t\u00e9 peut faire l'objet d'un recours contentieux devant le tribunal administratif de Nimes, dans und\u00e9lai de deux mois \u00e0 compter de sa publication. Le tribunal administratif peut \u00eatre saisi par l'applicationinformatique \"T\u00e9l\u00e9recours Citoyens\" accessible par le site internet www.telerecours.fr.\nPrefecture du Gard - 30-2025-10-20-00019 - Arr\u00eat\u00e9 portant recomposition du nombre et de la r\u00e9partition des si\u00e8ges de l'organe\nd\u00e9lib\u00e9rant de la Communaut\u00e9 de Communes de Petite Camargue 45\nPrefecture du Gard\n30-2025-10-20-00010\nArr\u00eat\u00e9 portant recomposition du nombre et de\nla r\u00e9partition des si\u00e8ges de l'organe d\u00e9lib\u00e9rant de\nla Communaut\u00e9 de communes du Pays de\nSommi\u00e8res\nPrefecture du Gard - 30-2025-10-20-00010 - Arr\u00eat\u00e9 portant recomposition du nombre et de la r\u00e9partition des si\u00e8ges de l'organe\nd\u00e9lib\u00e9rant de la Communaut\u00e9 de communes du Pays de Sommi\u00e8res 46\nPREFET ; ae ,DU GARD Pr\u00e9fecture - Direction de la citoyennet\u00e9,Libert\u00e9 de la l\u00e9galit\u00e9 et de la coordinationPrise Service des collectivit\u00e9s, des financesFraternit\u00e9 : TTet de l'intercommunalit\u00e9n\u00b0 DCLC-SCFI-BFLI-2025\nArr\u00eat\u00e9portant recomposition du nombre et de la r\u00e9partition des si\u00e8ges de l'organe d\u00e9lib\u00e9rantde la communaut\u00e9 de communes du Pays de Sommi\u00e8res\nLe pr\u00e9fet du Gard,chevalier de la L\u00e9gion d'honneur,officier de l'ordre national du M\u00e9rite,\nVu le code g\u00e9n\u00e9ral des collectivit\u00e9s territoriales (CGCT), notamment les articles L.5211-6 et L.5211-6-1 ;Vu le d\u00e9cret du 13 juillet 2023 nommant M. J\u00e9r\u00f4me BONET, pr\u00e9fet du Gard ;Vu le d\u00e9cret du 24 avril 2024 nommant M. Yann GERARD, secr\u00e9taire g\u00e9n\u00e9ral de la pr\u00e9fecture du Gard,sous-pr\u00e9fet de N\u00eemes ;Vu la loi n\u00b0 2010-1563 du 16 d\u00e9cembre 2010 de r\u00e9forme des collectivit\u00e9s territoriales ;Vu le d\u00e9cret n\u00b02025-848 du 27 ao\u00fbt 2025 fixant la date du renouvellement des conseillers municipauxet communautaires, des conseillers m\u00e9tropolitains de Lyon, des conseillers de Paris et des conseillersd'arrondissement de Paris, Lyon et Marseille et portant convocation des \u00e9lecteurs ;Vu la circulaire ATDB2503087C du 17 mars 2025 relative \u00e0 la recomposition de l'organe d\u00e9lib\u00e9rant des\u00e9tablissements publics de coop\u00e9ration intercommunale \u00e0 fiscalit\u00e9 propre l'ann\u00e9e pr\u00e9c\u00e9dant celle durenouvellement g\u00e9n\u00e9ral des conseils municipaux ;Vu l'arr\u00eat\u00e9 pr\u00e9fectoral n\u00b0 92-03662 modifi\u00e9 du 30 d\u00e9cembre 1992 portant cr\u00e9ation de la communaut\u00e9de communes du Pays de Sommi\u00e8res ;Vu l'arr\u00eat\u00e9 n\u00b0 20191109-B3-005 du 11 septembre 2019 portant constatation du nombre et de lar\u00e9partition des si\u00e8ges de l'organe d\u00e9lib\u00e9rant de la Communaut\u00e9 de Communes du Pays deSommi\u00e8res;Consid\u00e9rant qu'en l'absence d'accord local des communes membres de la communaut\u00e9 decommunes du Pays de Sommi\u00e8res sur la r\u00e9partition des si\u00e8ges au sein du conseil communautaire, ilconvient d'appliquer la r\u00e9partition de droit commun selon les modalit\u00e9s pr\u00e9vues aux Il et VI de l'articleL.5211-6-1 du CGCT;Sur proposition du secr\u00e9taire g\u00e9n\u00e9ral de la pr\u00e9fecture du Gard;\nArr\u00e9te :\nArticle 1: Il est constat\u00e9 qu'a compter du renouvellement g\u00e9n\u00e9ral des conseils municipaux etcommunautaires des 15 et 22 mars 2026 le nombre de conseillers communautaires composantl'organe d\u00e9lib\u00e9rant de la communaut\u00e9 de communes du Pays de Sommi\u00e8res est de 37 si\u00e8ges.\nPr\u00e9fecture du Gard10 avenue Feuch\u00e9res \u2014 30 045 NIMES CEDEX 9T\u00e9l. 04 66 36 43 90www.gard.gouv.fr\nPrefecture du Gard - 30-2025-10-20-00010 - Arr\u00eat\u00e9 portant recomposition du nombre et de la r\u00e9partition des si\u00e8ges de l'organe\nd\u00e9lib\u00e9rant de la Communaut\u00e9 de communes du Pays de Sommi\u00e8res 47\nArticle 2 : La r\u00e9partition des 37 si\u00e8ges entre les communes membres au sein de l'organe d\u00e9lib\u00e9rantest fix\u00e9e comme suit :Communes membres Population municipale Nombre de si\u00e8gesCALVISSON 6295 10SOMMIERES \u2014 5028 7VILLEVIEILLE 1874 2CONGENIES 1628 2MONTPEZAT 1398 2JUNAS 1260 2SOUVIGNARGUES 932 1AUJARGUES 769 1COMBAS 762 1FONTANES 688 1PARIGNARGUES 656 1CANNES-ET-CLAIRAN 610 1SALINELLES 558 1ASPERES 553 1CRESPIAN 493 1MONTMIRAT 478 1LECQUES 473 1SAINT-CLEMENT 347 1TOTAL 24802 37\nArticle 3: L'arr\u00eat\u00e9 pr\u00e9fectoral n\u00b0 20191109-B3-005 du 11 septembre 2019 portant constatation dunombre et de la r\u00e9partition des si\u00e8ges de l'organe d\u00e9lib\u00e9rant de la communaut\u00e9 de communes duPays de Sommi\u00e8res est abrog\u00e9.Article 4: Le secr\u00e9taire g\u00e9n\u00e9ral de la pr\u00e9fecture, le pr\u00e9sident de la communaut\u00e9 de communes duPays de Sommi\u00e8res, les maires de ses communes membres sont charg\u00e9s, chacun en ce qui leconcerne, de l'ex\u00e9cution du pr\u00e9sent arr\u00eat\u00e9, qui sera ins\u00e9r\u00e9 au recueil des actes administratifs de lapr\u00e9fecture du Gard.\nN\u00eemes, le \"29 OCT. 2025Le pr\u00e9fet,\n: ARSr\u00e9 dE\u00e0le secr\u00e9tairsYann G\u00c9RARD\nLe pr\u00e9sent arr\u00eat\u00e9 peut faire l'objet d'un recours contentieux devant le tribunal administratif de N\u00eemes, dans und\u00e9lai de deux mois \u00e0 compter de sa publication. Le tribunal administratif peut \u00eatre saisi par l'applicationinformatique \"T\u00e9l\u00e9recours Citoyens\" accessible par le site internet www.telerecours.fr.\nPrefecture du Gard - 30-2025-10-20-00010 - Arr\u00eat\u00e9 portant recomposition du nombre et de la r\u00e9partition des si\u00e8ges de l'organe\nd\u00e9lib\u00e9rant de la Communaut\u00e9 de communes du Pays de Sommi\u00e8res 48\nPrefecture du Gard\n30-2025-10-20-00012\nArr\u00eat\u00e9 portant recomposition du nombre et de\nla r\u00e9partition des si\u00e8ges de l'organe d\u00e9lib\u00e9rant de\nla Communaut\u00e9 de Communes du Pays Viganais\nPrefecture du Gard - 30-2025-10-20-00012 - Arr\u00eat\u00e9 portant recomposition du nombre et de la r\u00e9partition des si\u00e8ges de l'organe\nd\u00e9lib\u00e9rant de la Communaut\u00e9 de Communes du Pays Viganais 49\nPREFET , oo. | ,DU GARD Pr\u00e9fecture - Direction de la citoyennet\u00e9,Libert\u00e9 de la l\u00e9galit\u00e9 et de la coordinationFaits Service des collectivit\u00e9s, des financesFraternit\u00e9 M reret de l'intercommunalit\u00e9\nn\u00b0 DCLC-SCFI-BFLI-2025\nArr\u00e9t\u00e9portant recomposition du nombre et de la r\u00e9partition des si\u00e8ges de l'organe d\u00e9lib\u00e9rantde la communaut\u00e9 de communes du Pays Viganais\nLe pr\u00e9fet du Gard,chevalier de la L\u00e9gion d'honneur,officier de l'ordre national du M\u00e9rite,\nVu le code g\u00e9n\u00e9ral des collectivit\u00e9s territoriales (CGCT), notamment les articles L.5211-6 et L.5211-6-1 ;Vu le d\u00e9cret du 13juillet 2023 nommant M. J\u00e9r\u00f4me BONET, pr\u00e9fet du Gard;Vu le d\u00e9cret du 24 avril 2024 nommant M. Yann GERARD, secr\u00e9taire g\u00e9n\u00e9ral de la pr\u00e9fecture du Gard,sous-pr\u00e9fet de Nimes ;Vu la loi n\u00b0 2010-1563 du 16 d\u00e9cembre 2010 de r\u00e9forme des collectivit\u00e9s territoriales ;Vu le d\u00e9cret n\u00b02025-848 du 27 ao\u00fbt 2025 fixant la date du renouvellement des conseillers municipauxet communautaires, des conseillers m\u00e9tropolitains de Lyon, des conseillers de Paris et des conseillersd'arrondissement de Paris, Lyon et Marseille et portant convocation des \u00e9lecteurs ;Vu la circulaire ATDB2503087C du 17 mars 2025 relative \u00e0 la recomposition de l'organe d\u00e9lib\u00e9rant des\u00e9tablissements publics de coop\u00e9ration intercommunale \u00e0 fiscalit\u00e9 propre l'ann\u00e9e pr\u00e9c\u00e9dant celle durenouvellement g\u00e9n\u00e9ral des conseils municipaux ;Vu l'arr\u00eat\u00e9 pr\u00e9fectoral n\u00b0 92 03664 modifi\u00e9 du 30 d\u00e9cembre 1992 portant cr\u00e9ation de la communaut\u00e9de communes du Pays Viganais ;Vu l'arr\u00eat\u00e9 n\u00b0 20191109-B3-006 du 11 septembre 2019 portant constatation du nombre et de lar\u00e9partition des si\u00e8ges de l'organe d\u00e9lib\u00e9rant de la Communaut\u00e9 de Communes du Pays Viganais ;Consid\u00e9rant qu'en l'absence d'accord local des communes membres de la communaut\u00e9 decommunes du Pays Viganais sur la r\u00e9partition des si\u00e8ges au sein du conseil communautaire, il convientd'appliquer la r\u00e9partition de droit commun selon les modalit\u00e9s pr\u00e9vues aux Il et VI de l'article L.5211-6-1 du CGCT;Sur proposition du secr\u00e9taire g\u00e9n\u00e9ral de la pr\u00e9fecture du Gard;Arr\u00eate :\nArticle 1: I] est constat\u00e9 qu'\u00e0 compter du renouvellement g\u00e9n\u00e9ral des conseils municipaux etcommunautaires des 15 et 22 mars 2026 le nombre de conseillers communautaires composantl'organe d\u00e9lib\u00e9rant de la communaut\u00e9 de communes du Pays Viganais est de 42 si\u00e8ges.\nPr\u00e9fecture du Gard10 avenue Feuch\u00e8res - 30 045 NIMES CEDEX 9T\u00e9l. 04 66 36 43 90www.gard.gouv.fr\nPrefecture du Gard - 30-2025-10-20-00012 - Arr\u00eat\u00e9 portant recomposition du nombre et de la r\u00e9partition des si\u00e8ges de l'organe\nd\u00e9lib\u00e9rant de la Communaut\u00e9 de Communes du Pays Viganais 50\nArticle 2: La r\u00e9partition des 42 si\u00e8ges entre les communes membres au sein de l'organe d\u00e9lib\u00e9rantest fix\u00e9e comme suit :Communes membres Population municipale Nombre de si\u00e8gesLE VIGAN 3786 16AVEZE 1059 4MOLIERES-CAVAILLAC 903 5BREAU-MARS 679 2AULAS . 445 1SAINT-LAURENT-LE-MINIER 371 1MANDAGOUT 370 1BEZ-ET-ESPARON 330 1ROQUEDUR 265 1ARRE 258 1AUMESSAS 252 1ARRIGAS 214 1MONTDARDIER 198 1ALZON 184 1CAMPESTRE-ET-LUC 153 1ARPHY 138 1BLANDAS 133 1ROGUES 91 1SAINT-BRESSON 71 1VISSEC 68 1POMMIERS 57 1TOTAL 10025 42\nArticle 3: L'arr\u00eat\u00e9 pr\u00e9fectoral n\u00b0 20191109-B3-006 du 11 septembre 2019 portant constatation dunombre et de la r\u00e9partition des si\u00e8ges de l'organe d\u00e9lib\u00e9rant de la communaut\u00e9 de communes duPays Viganais est abrog\u00e9.Article 4 : Le secr\u00e9taire g\u00e9n\u00e9ral de la pr\u00e9fecture, le pr\u00e9sident de la communaut\u00e9 de communes duPays Viganais, les maires de ses communes membres sont charg\u00e9s, chacun en ce qui le concerne, del'ex\u00e9cution du pr\u00e9sent arr\u00eat\u00e9, qui sera ins\u00e9r\u00e9 au recueil des actes administratifs de la pr\u00e9fecture duGard.\nae\na ~~ la secretai\nNimes, le [2 9 027. 2025Le pr\u00e9fet,poetic. Mareqg\u00e9neraleusYann GERARD\nLe pr\u00e9sent arr\u00eat\u00e9 peut faire l'objet d'un recours contentieux devant le tribunal administratif de N\u00eemes, dans und\u00e9lai de deux mois \u00e0 compter de sa publication. Le tribunal administratif peut \u00eatre saisi par l'applicationinformatique \"T\u00e9l\u00e9recours Citoyens\" accessible par le site internet www.telerecours.fr.\nPrefecture du Gard - 30-2025-10-20-00012 - Arr\u00eat\u00e9 portant recomposition du nombre et de la r\u00e9partition des si\u00e8ges de l'organe\nd\u00e9lib\u00e9rant de la Communaut\u00e9 de Communes du Pays Viganais 51\nPrefecture du Gard\n30-2025-10-20-00014\nArr\u00eat\u00e9 portant recomposition du nombre et de\nla r\u00e9partition des si\u00e8ges de l'organe d\u00e9lib\u00e9rant de\nla Communaut\u00e9 de Communes du Pi\u00e9mont\nC\u00e9venol\nPrefecture du Gard - 30-2025-10-20-00014 - Arr\u00eat\u00e9 portant recomposition du nombre et de la r\u00e9partition des si\u00e8ges de l'organe\nd\u00e9lib\u00e9rant de la Communaut\u00e9 de Communes du Pi\u00e9mont C\u00e9venol 52\nPREFET , oo, ,DU GARD Pr\u00e9fecture - Direction de la citoyennet\u00e9,Libert\u00e9 de la l\u00e9galit\u00e9 et de la coordination\u2014 Service des collectivit\u00e9s, des financesFraternit\u00e9 :et de l'intercommunalit\u00e9\nn\u00b0 DCLC-SCFI-BFLI-2025\nArr\u00eat\u00e9portant recomposition du nombre et de la r\u00e9partition des si\u00e8ges de l'organe d\u00e9lib\u00e9rantde la communaut\u00e9 de communes du Pi\u00e9mont C\u00e9venol\nLe pr\u00e9fet du Gard,chevalier de la L\u00e9gion d'honneur,officier de l'ordre national du M\u00e9rite,\nVu le code g\u00e9n\u00e9ral des collectivit\u00e9s territoriales (CGCT), notamment les articles L.5211-6 et L.5211-6-1 ;Vu le d\u00e9cret du 13 juillet 2023 nommant M. J\u00e9r\u00f4me BONET, pr\u00e9fet du Gard ;Vu le d\u00e9cret du 24 avril 2024 nommant M. Yann GERARD, secr\u00e9taire g\u00e9n\u00e9ral de la pr\u00e9fecture du Gard,sous-pr\u00e9fet de Nimes;Vu la loi n\u00b0 2010-1563 du 16 d\u00e9cembre 2010 de r\u00e9forme des collectivit\u00e9s territoriales ;Vu le d\u00e9cret n\u00b02025-848 du 27 ao\u00fbt 2025 fixant la date du renouvellement des conseillers municipauxet communautaires, des conseillers m\u00e9tropolitains de Lyon, des conseillers de Paris et des conseillersd'arrondissement de Paris, Lyon et Marseille et portant convocation des \u00e9lecteurs ;Vu la circulaire ATDB2503087C du 17 mars 2025 relative a la recomposition de l'organe d\u00e9lib\u00e9rant des\u00e9tablissements publics de coop\u00e9ration intercommunale \u00e0 fiscalit\u00e9 propre l'ann\u00e9e pr\u00e9c\u00e9dant celle durenouvellement g\u00e9n\u00e9ral des conseils municipaux ;Vu l'arr\u00eat\u00e9 pr\u00e9fectoral n\u00b0 2012-198-006 modifi\u00e9 du 16juillet 2012 portant cr\u00e9ation de la communaut\u00e9de communes du Pi\u00e9mont C\u00e9venol ;Vu l'arr\u00eat\u00e9 n\u00b0 20191109-B3-007 du 11 septembre 2019 portant constatation du nombre et de lar\u00e9partition des si\u00e8ges de l'organe d\u00e9lib\u00e9rant de la Communaut\u00e9 de Communes du Pi\u00e9mont C\u00e9venol etl'arr\u00eat\u00e9 n\u00b0 20191809-B23-001 du 18 septembre 2019 portant rectification de l'arr\u00eat\u00e9 pr\u00e9cit\u00e9;Consid\u00e9rant qu'en l'absence d'accord local des communes membres de la communaut\u00e9 decommunes du Pi\u00e9mont C\u00e9venol sur la r\u00e9partition des si\u00e8ges au sein du conseil communautaire , ilconvient d'appliquer la r\u00e9partition de droit commun selon les modalit\u00e9s pr\u00e9vues aux II et VI de l'articleL.5211-6-1 du CGCT;Sur proposition du secr\u00e9taire g\u00e9n\u00e9ral de la pr\u00e9fecture du Gard;Arr\u00eate :Article 1: Il est constat\u00e9 qu'\u00e0 compter du renouvellement g\u00e9n\u00e9ral des conseils municipaux etcommunautaires des 15 et 22 mars 2026 le nombre de conseillers communautaires composantl'organe d\u00e9lib\u00e9rant de la communaut\u00e9 de communes du Pi\u00e9mont C\u00e9venol est de 56 si\u00e8ges.\nPr\u00e9fecture du Gard10 avenue Feuch\u00e8res \u2014 30 045 NIMES CEDEX 9T\u00e9l. 04 66 36 43 90www.gard.gouv.fr\nPrefecture du Gard - 30-2025-10-20-00014 - Arr\u00eat\u00e9 portant recomposition du nombre et de la r\u00e9partition des si\u00e8ges de l'organe\nd\u00e9lib\u00e9rant de la Communaut\u00e9 de Communes du Pi\u00e9mont C\u00e9venol 53\nArticle 2 : La r\u00e9partition des 56 si\u00e8ges entre les communes membres au sein de l'organe d\u00e9lib\u00e9rantest fix\u00e9e comme suit :Communes Population | Si\u00e8ges Communes Population | Si\u00e8gesmunicipale municipaleSaint-Hippolyte-du-Fort 3739 9 Liouc 330 1Quissac 3449 8 |Brouzet-les-Quissac 299 1Sauve 1956 4 |Gailhan 296 1L\u00e9dignan 1520 3 Saint-B\u00e9n\u00e9zet 291 1Cardet 922 2 Maruejols-les-Gardon 275 1Pompignan 914 2 Logrian-Florian 263 1Monoblet 780 1 Cros 256 1Aigremont 777 1 Saint-Jean-de-Crieulon 254 1Durfort-et-Saint-Martin-de- 757 1 Savignargues 238 1SossenacCorconne 620 1 La Cadi\u00e8re-et-Cambo 229 1Vic-le-Fesq 582 1 Colognac 202 1Saint-Th\u00e9odorit 550 1 Saint-F\u00e9lix-de-Pailli\u00e8res 201 1Carnas 540 1 Bragassargues 168 1Canaules-et-Argenti\u00e8res 477 1 Fressac 161 1Cassagnoles 448 1 Conqueyrac TIS 1Orthoux-Serignac-Quilhan 439 1 Saint-Nazaire-des-Gardies 81 1Sardan S52 1 Puechredon 48 1TOTAL 22529 56\nArticle 3: L'arr\u00eat\u00e9 pr\u00e9fectoral n\u00b0 20191109-B3-007 du 11 septembre 2019 portant constatation dunombre et de la r\u00e9partition des si\u00e8ges de l'organe d\u00e9lib\u00e9rant de la communaut\u00e9 de communes duPi\u00e9mont C\u00e9venol et l'arr\u00eat\u00e9 n\u00b0 20191809-B23-001 du 18 septembre 2019 portant rectification del'arr\u00eat\u00e9 pr\u00e9cit\u00e9 sont abrog\u00e9s.Article 4: Le secr\u00e9taire g\u00e9n\u00e9ral de la pr\u00e9fecture, le pr\u00e9sident de la communaut\u00e9 de communes duPi\u00e9mont C\u00e9venol, les maires de ses communes membres sont charg\u00e9s, chacun en ce qui leconcerne, de l'ex\u00e9cution du pr\u00e9sent arr\u00eat\u00e9, qui sera ins\u00e9r\u00e9 au recueil des actes administratifs de lapr\u00e9fecture du Gard.\nN\u00eemes, le gg OCT. 2025Le pr\u00e9fet,Pour le pr\u00e9fet,dite) ung \u00e9n\u00e9ralai =ya oaCv GERARD\nLe pr\u00e9sent arr\u00e9t\u00e9 peut faire l'objet d'un recours contentieux devant le tribunal administratif de Nimes, dans und\u00e9lai de deux mois a compter de sa publication. Le tribunal administratif peut \u00eatre saisi par l'applicationinformatique \"T\u00e9l\u00e9recours Citoyens\" accessible par le site internet www.telerecours.fr.\nPrefecture du Gard - 30-2025-10-20-00014 - Arr\u00eat\u00e9 portant recomposition du nombre et de la r\u00e9partition des si\u00e8ges de l'organe\nd\u00e9lib\u00e9rant de la Communaut\u00e9 de Communes du Pi\u00e9mont C\u00e9venol 54\nPrefecture du Gard\n30-2025-10-20-00013\nArr\u00eat\u00e9 portant recomposition du nombre et de\nla r\u00e9partition des si\u00e8ges de l'organe d\u00e9lib\u00e9rant de\nla Communaut\u00e9 de Communes du Pont du Gard\nPrefecture du Gard - 30-2025-10-20-00013 - Arr\u00eat\u00e9 portant recomposition du nombre et de la r\u00e9partition des si\u00e8ges de l'organe\nd\u00e9lib\u00e9rant de la Communaut\u00e9 de Communes du Pont du Gard 55\nPREFET | _ ,DU GARD Pr\u00e9fecture - Direction de la citoyennet\u00e9,Libert\u00e9 de la l\u00e9galit\u00e9 et de la coordinationPate Service des collectivit\u00e9s, des financesFraternit\u00e9 . bo oket de l'intercommunalit\u00e9\nn\u00b0 DCLC-SCFI-BFLI-2025\nArr\u00e9t\u00e9portant recomposition du nombre et de la r\u00e9partition des si\u00e8ges de l'organe d\u00e9lib\u00e9rantde la communaut\u00e9 de communes du Pont du Gard\nLe pr\u00e9fet du Gard,chevalier de la L\u00e9gion d'honneur,officier de l'ordre national du M\u00e9rite,\nVu le code g\u00e9n\u00e9ral des collectivit\u00e9s territoriales (CGCT), notamment les articles L.5211-6 et L.5211-6-1 ;Vu le d\u00e9cret du 13 juillet 2023 nommant M. J\u00e9r\u00f4me BONET, pr\u00e9fet du Gard ;Vu le d\u00e9cret du 24 avril 2024 nommant M. Yann GERARD, secr\u00e9taire g\u00e9n\u00e9ral de la pr\u00e9fecturedu Gard,sous-pr\u00e9fet de Nimes ;Vu la loi n\u00b0 2010-1563 du 16 d\u00e9cembre 2010 de r\u00e9forme des collectivit\u00e9s territoriales ;Vu le d\u00e9cret n\u00b02025-848 du 27 ao\u00fbt 2025 fixant la date du renouvellement des conseillers municipauxet communautaires, des conseillers m\u00e9tropolitains de Lyon, des conseillers de Paris et des conseillersd'arrondissement de Paris, Lyon et Marseille et portant convocation des \u00e9lecteurs ;Vu la circulaire ATDB2503087C du 17 mars 2025 relative \u00e0 la recomposition de l'organe d\u00e9lib\u00e9rant des\u00e9tablissements publics de coop\u00e9ration intercommunale \u00e0 fiscalit\u00e9 propre l'ann\u00e9e pr\u00e9c\u00e9dant celle durenouvellement g\u00e9n\u00e9ral des conseils municipaux ;Vu l'arr\u00eat\u00e9 pr\u00e9fectoral n\u00b0 2002-176-15 modifi\u00e9 du 25 juin 2002 portant cr\u00e9ation de la communaut\u00e9 decommunes du Pont du Gard;Vu l'arr\u00eat\u00e9 n\u00b0 20191109-B3-008 du 11 septembre 2019 portant constatation du nombre et de lar\u00e9partition des si\u00e8ges de l'organe d\u00e9lib\u00e9rant de la Communaut\u00e9 du Pont du Gard;Consid\u00e9rant qu'en l'absence d'accord local des communes membres de la communaut\u00e9 decommunes du Pont du Gard sur la r\u00e9partition des si\u00e8ges au sein du conseil communautaire, il convientd'appliquer la r\u00e9partition de droit commun selon les modalit\u00e9s pr\u00e9vues aux Il et VI de l'article L.5211-6-1 du CGCT;Sur proposition du secr\u00e9taire g\u00e9n\u00e9ral de la pr\u00e9fecture du Gard;\nArr\u00eate :\nArticle 1: Il est constat\u00e9 qu'\u00e0 compter du renouvellement g\u00e9n\u00e9ral des conseils municipaux etcommunautaires des 15 et 22 mars 2026 le nombre de conseillers communautaires composantl'organe d\u00e9lib\u00e9rant de la communaut\u00e9 de communes du Pont du Gard est de 31 si\u00e8ges.\nPr\u00e9fecture du Gard10 avenue Feuch\u00e8res \u2014 30 045 NIMES CEDEX 9T\u00e9l. 04 66 36 43 90www.gard.gouv.fr\nPrefecture du Gard - 30-2025-10-20-00013 - Arr\u00eat\u00e9 portant recomposition du nombre et de la r\u00e9partition des si\u00e8ges de l'organe\nd\u00e9lib\u00e9rant de la Communaut\u00e9 de Communes du Pont du Gard 56\nArticle 2 : La r\u00e9partition des 31 si\u00e8ges entre les communes membres au sein de l'organe d\u00e9lib\u00e9rantest fix\u00e9e comme suit :Communes membres Population municipale Nombre de si\u00e8gesARAMON 4082 6MONTFRIN 3125 5MEYNES 2576 4REMOULINS 2268 3VERS-PONT-DU-GARD 1758 2COMPS 1703 2SAINT-HILAIRE-D'OZILHAN 1115 1COLLIAS 1080 1THEZIERS 1070 1FOURNES 1058 1DOMAZAN 966 1SAINT-BONNET-DU-GARD 816 1POUZILHAC - 750 1VALLIGUIERES 652 1ESTEZARGUES 605 1TOTAL 23624 31Article 3: L'arr\u00eat\u00e9 pr\u00e9fectoral n\u00b0 20191109-B3-008 du 11 septembre 2019 portant constatation dunombre et de la r\u00e9partition des si\u00e8ges de l'organe d\u00e9lib\u00e9rant de la communaut\u00e9 de communes duPont du Gard est abrog\u00e9.Article 4: Le secr\u00e9taire g\u00e9n\u00e9ral de la pr\u00e9fecture, le pr\u00e9sident de la communaut\u00e9 de communes duPont du Gard, les maires de ses communes membres sont charg\u00e9s, chacun en ce qui le concerne, del'ex\u00e9cution du pr\u00e9sent arr\u00eat\u00e9, qui sera ins\u00e9r\u00e9 au recueil des actes administratifs de la pr\u00e9fecture duGard.\nN\u00eemes, le 2? OCT. 2025Le pr\u00e9fet,\nll Pour rile secratetre g\u00e9n\u00e9ralYann GERARD\nLe pr\u00e9sent arr\u00e9t\u00e9 peut faire l'objet d'un recours contentieux devant le tribunal administratif de Nimes, dans und\u00e9lai de deux mois \u00e0 compter de sa publication. Le tribunal administratif peut \u00eatre saisi par l'applicationinformatique \"T\u00e9l\u00e9recours Citoyens\" accessible par le site internet www.telerecours.fr.\nPrefecture du Gard - 30-2025-10-20-00013 - Arr\u00eat\u00e9 portant recomposition du nombre et de la r\u00e9partition des si\u00e8ges de l'organe\nd\u00e9lib\u00e9rant de la Communaut\u00e9 de Communes du Pont du Gard 57\nPrefecture du Gard\n30-2025-10-20-00017\nArr\u00eat\u00e9 portant recomposition du nombre et de\nla r\u00e9partition des si\u00e8ges de l'organe d\u00e9lib\u00e9rant de\nla Communaut\u00e9 de Communes Rh\u00f4ny Vistre\nVidourle\nPrefecture du Gard - 30-2025-10-20-00017 - Arr\u00eat\u00e9 portant recomposition du nombre et de la r\u00e9partition des si\u00e8ges de l'organe\nd\u00e9lib\u00e9rant de la Communaut\u00e9 de Communes Rh\u00f4ny Vistre Vidourle 58\nPREFET , oo, ,DU GARD Pr\u00e9fecture - Direction de la citoyennet\u00e9,Libert\u00e9 de la l\u00e9galit\u00e9 et de la coordinationeae Service des collectivit\u00e9s, des financesFraternit\u00e9 : ~~et de l'intercommunalit\u00e9n\u00b0 DCLC-SCFI-BFLI-2025Arr\u00eat\u00e9portant recomposition du nombre et de la r\u00e9partition des si\u00e8ges de l'organe d\u00e9lib\u00e9rantde la communaut\u00e9 de communes Rh\u00f4ny Vistre Vidourle\nLe pr\u00e9fet du Gard,chevalier de la L\u00e9gion d'honneur,officier de l'ordre national du M\u00e9rite,\nVu le code g\u00e9n\u00e9ral des collectivit\u00e9s territoriales (CGCT), notamment les articles L.5211-6 et L.5211-6-1 ;Vu le d\u00e9cret du 13juillet 2023 nommant M. J\u00e9r\u00f4me BONET, pr\u00e9fet du Gard ;Vu le d\u00e9cret du 24 avril 2024 nommant M. Yann GERARD, secr\u00e9taire g\u00e9n\u00e9ral de la pr\u00e9fecture du Gard,sous-pr\u00e9fet de N\u00eemes ;Vu la loi n\u00b0 2010-1563 du 16 d\u00e9cembre 2010 de r\u00e9forme des collectivit\u00e9s territoriales ;Vu le d\u00e9cret n\u00b02025-848 du 27 ao\u00fbt 2025 fixant la date du renouvellement des conseillers municipauxet communautaires, des conseillers m\u00e9tropolitains de Lyon, des conseillers de Paris et des conseillersd'arrondissement de Paris, Lyon et Marseille et portant convocation des \u00e9lecteurs ;Vu la circulaire ATDB2503087C du 17 mars 2025 relative \u00e0 la recomposition de l'organe d\u00e9lib\u00e9rant des\u00e9tablissements publics de coop\u00e9ration intercommunale \u00e0 fiscalit\u00e9 propre l'ann\u00e9e pr\u00e9c\u00e9dant celle durenouvellement g\u00e9n\u00e9ral des conseils municipaux ;Vu l'arr\u00eat\u00e9 pr\u00e9fectoral n\u00b000 03718 modifi\u00e9 du 26 d\u00e9cembre 2000 portant cr\u00e9ation de la communaut\u00e9de communes Rh\u00f4ny, Vistre, Vidourle au 31 d\u00e9cembre 2000 ;Vu l'arr\u00eat\u00e9 n\u00b0 20191109-B3-011 du 11 septembre 2019 portant constatation du nombre et de lar\u00e9partition des si\u00e8ges de l'organe d\u00e9lib\u00e9rant de la Communaut\u00e9 de Communes Rh\u00f4ny Vistre Vidourle ;Vu les d\u00e9lib\u00e9rations des conseils municipaux des communes membres de la communaut\u00e9 decommunes Rh\u00f4ny Vistre Vidourle se pronon\u00e7ant en faveur d'un accord local sur le nombre et lar\u00e9partition des si\u00e8ges de l'organe d\u00e9lib\u00e9rant de la communaut\u00e9 de communes :Aigues-Vives, par d\u00e9lib\u00e9ration du 8juillet 2028,Aubais, par d\u00e9lib\u00e9ration du 18 juin 2025,Boissi\u00e8res, par d\u00e9lib\u00e9ration du 11 juin 2025,Codognan, par d\u00e9lib\u00e9ration du 2 juin 2025,Gallargues-le-Montueux, par d\u00e9lib\u00e9ration du 3juillet 2025,Mus, par d\u00e9lib\u00e9ration du 25 ao\u00fbt 2025,Nages-et-Solorgues, ,par d\u00e9lib\u00e9ration du 18 juin 2025,Uchaud, par d\u00e9lib\u00e9ration du 12 ao\u00fbt 2025,Verg\u00e9ze, par d\u00e9lib\u00e9ration du 3juillet 2025,Vestric-et-Candiac, par d\u00e9lib\u00e9ration du 30 juin 2025,\nVVVVVVVVV NV\nConsid\u00e9rant que les conseils municipaux des communes composant la communaut\u00e9 decommunes Rh\u00f4ny Vistre Vidourle se sont prononc\u00e9s a l'unanimit\u00e9 en faveur d'un accord local sur lenombre et la r\u00e9partition des si\u00e8ges de l'organe d\u00e9lib\u00e9rant de l'\u00e9tablissement en vue des \u00e9ch\u00e9ances\u00e9lectorales de mars 2026;\nPr\u00e9fecture du Gard10 avenue Feuch\u00e8res \u2014 30 045 NIMES CEDEX 9T\u00e9l. 04 66 36 43 90www.gard.gouv.fr\nPrefecture du Gard - 30-2025-10-20-00017 - Arr\u00eat\u00e9 portant recomposition du nombre et de la r\u00e9partition des si\u00e8ges de l'organe\nd\u00e9lib\u00e9rant de la Communaut\u00e9 de Communes Rh\u00f4ny Vistre Vidourle 59\nConsid\u00e9rant que la r\u00e9partition des si\u00e8ges issue de cet accord local tient compte de la populationmunicipale de chaque commune, que chaque commune dispose d'au moins un si\u00e8ge et qu'aucunecommune ne dispose de plus de la moiti\u00e9 des si\u00e9ges ;Sur proposition du secr\u00e9taire g\u00e9n\u00e9ral de la pr\u00e9fecture du Gard;Arr\u00e9te :Article 1: Il est constat\u00e9 qu'\u00e0 compter du renouvellement g\u00e9n\u00e9ral des conseils municipaux etcommunautaires des 15 et 22 mars 2026 le nombre de conseillers communautaires composantl'organe d\u00e9lib\u00e9rant de la communaut\u00e9 de communes Rh\u00f4ny Vistre Vidourle est de 37 si\u00e8ges.Article 2 : La r\u00e9partition des 37 si\u00e8ges entre les communes membres au sein de l'organe d\u00e9lib\u00e9rantest fix\u00e9e comme suit :Communes membres Population municipale Nombre de si\u00e8gesVERGEZE 5778 7UCHAUD 4824 6GALLARGUES-LE-MONTUEUX 3615 5AIGUES-VIVES 3340 4AUBAIS 2938 4CODOGNAN 2518 3NAGES-ET-SOLORGUES 2160 3MUS 1597 2VESTRIC-ET-CANDIAC 1345 \u00c0BOISSIERES 295 1TOTAL 28710 37\nArticle 3 : L'arr\u00eat\u00e9 pr\u00e9fectoral n\u00b0 20191109-B3-011 du 11 septembre 2019 portant constatation dunombre et de la r\u00e9partition des si\u00e8ges de l'organe d\u00e9lib\u00e9rant de la communaut\u00e9 decommunes Rh\u00f4ny Vistre Vidourle est abrog\u00e9.Article 4 : Le secr\u00e9taire g\u00e9n\u00e9ral de la pr\u00e9fecture, le pr\u00e9sident de la communaut\u00e9 de communesRh\u00f4ny Vistre Vidourle, les maires de ses communes membres sont charg\u00e9s, chacun en ce qui leconcerne, de l'ex\u00e9cution du pr\u00e9sent arr\u00eat\u00e9, qui sera ins\u00e9r\u00e9 au recueil des actes administratifs de lapr\u00e9fecture du Gard. Nimes, le 29 OCT, 2096Le pr\u00e9fet,Pour le pr\u00e9fet,le secr\u00e9l\u00e8fre g\u00e9n\u00e9ral\u20ac.Yann GERARD\nLe pr\u00e9sent arr\u00e9t\u00e9 peut faire l'objet d'un recours contentieux devant le tribunal administratif de Nimes, dans und\u00e9lai de deux mois \u00e0 compter de sa publication. Le tribunal administratif peut \u00eatre saisi par l'applicationinformatique \"T\u00e9l\u00e9recours Citoyens\" accessible par le site internet www.telerecours.fr.\nPrefecture du Gard - 30-2025-10-20-00017 - Arr\u00eat\u00e9 portant recomposition du nombre et de la r\u00e9partition des si\u00e8ges de l'organe\nd\u00e9lib\u00e9rant de la Communaut\u00e9 de Communes Rh\u00f4ny Vistre Vidourle 60\nPrefecture du Gard\n30-2025-10-20-00016\nArr\u00eat\u00e9 portant recomposition du nombre et de\nla r\u00e9partition des si\u00e8ges de l'organe d\u00e9lib\u00e9rant de\nla Communaut\u00e9 de Communes Terre de\nCamargue\nPrefecture du Gard - 30-2025-10-20-00016 - Arr\u00eat\u00e9 portant recomposition du nombre et de la r\u00e9partition des si\u00e8ges de l'organe\nd\u00e9lib\u00e9rant de la Communaut\u00e9 de Communes Terre de Camargue 61\nPREFET , ae |DU GARD Pr\u00e9fecture - Direction de la citoyennet\u00e9,Libert\u00e9 de la l\u00e9galit\u00e9 et de la coordinationFarm Service des collectivit\u00e9s, des financesFraternit\u00e9 et de l'intercommunalit\u00e9n\u00b0 DCLC-SCFI-BFLI-2025\nArr\u00eat\u00e9portant recomposition du nombre et de la r\u00e9partition des si\u00e8ges de l'organe d\u00e9lib\u00e9rantde la communaut\u00e9 de communes Terre de Camargue\nLe pr\u00e9fet du Gard,chevalier de la L\u00e9gion d'honneur,officier de l'ordre national du M\u00e9rite,\nVu le code g\u00e9n\u00e9ral des collectivit\u00e9s territoriales (CGCT), notamment les articles L.5211-6 et L.5211-6-1 ;Vu le d\u00e9cret du 13 juillet 2023 nommant M. J\u00e9r\u00f4me BONET, pr\u00e9fet du Gard ;Vu le d\u00e9cret du 24 avril 2024 nommant M. Yann GERARD, secr\u00e9taire g\u00e9n\u00e9ral de la pr\u00e9fecture du Gard,sous-pr\u00e9fet de N\u00eemes;Vu la loi n\u00b0 2010-1563 du 16 d\u00e9cembre 2010 de r\u00e9forme des collectivit\u00e9s territoriales ;Vu le d\u00e9cret n\u00b02025-848 du 27 ao\u00fbt 2025 fixant la date du renouvellement des conseillers municipauxet communautaires, des conseillers m\u00e9tropolitains de Lyon, des conseillers de Paris et des conseillersd'arrondissement de Paris, Lyon et Marseille et portant convocation des \u00e9lecteurs ;Vu la circulaire ATDB2503087C du 17 mars 2025 relative \u00e0 la recomposition de l'organe d\u00e9lib\u00e9rant des\u00e9tablissements publics de coop\u00e9ration intercommunale \u00e0 fiscalit\u00e9 propre l'ann\u00e9e pr\u00e9c\u00e9dant celle durenouvellement g\u00e9n\u00e9ral des conseils municipaux ;Vu l'arr\u00eat\u00e9 pr\u00e9fectoral n\u00b02001-344-6 modifi\u00e9 du 10 d\u00e9cembre 2001 portant cr\u00e9ation de la communaut\u00e9de communes Terre de Camargue ;Vu l'arr\u00eat\u00e9 n\u00b0 20191109-B3-012 du 11 septembre 2019 portant constatation du nombre et de lar\u00e9partition des si\u00e8ges de l'organe d\u00e9lib\u00e9rant de la Communaut\u00e9 de Communes Terre de Camargue;Vu les d\u00e9lib\u00e9rations des conseils municipaux des communes membres de la communaut\u00e9 decommunes Terre de Camargue se pronon\u00e7ant en faveur d'un accord local sur le nombre et lar\u00e9partition des si\u00e8ges de l'organe d\u00e9lib\u00e9rant de la communaut\u00e9 de communes :> Aigues-Mortes, par d\u00e9lib\u00e9ration du 18 juin 2025,> Le Grau-du-Roi, par d\u00e9lib\u00e9ration du 4 juin 2025,> Saint-Laurent-d'Aigouze, par d\u00e9lib\u00e9ration du 7juillet 2025,\nConsid\u00e9rant que les conseils municipaux des communes composant la communaut\u00e9 decommunes Terre de Camargue se sont prononc\u00e9s \u00e0 |'unanimit\u00e9 en faveur d'un accord local sur lenombre et la r\u00e9partition des si\u00e8ges de l'organe d\u00e9lib\u00e9rant de l'\u00e9tablissement en vue des \u00e9ch\u00e9ances\u00e9lectorales de mars 2026 ;Consid\u00e9rant que la r\u00e9partition des si\u00e9ges issue de cet accord local tient compte de la populationmunicipale de chaque commune, que chaque commune dispose d'au moins un si\u00e8ge et qu'aucunecommune ne dispose de plus de la moiti\u00e9 des si\u00e9ges ;\nPr\u00e9fecture du Gard10 avenue Feuch\u00e9res - 30 045 NIMES CEDEX 9T\u00e9l. 04 66 36 43 90www.gard.gouv.fr\nPrefecture du Gard - 30-2025-10-20-00016 - Arr\u00eat\u00e9 portant recomposition du nombre et de la r\u00e9partition des si\u00e8ges de l'organe\nd\u00e9lib\u00e9rant de la Communaut\u00e9 de Communes Terre de Camargue 62\nSur proposition du secr\u00e9taire g\u00e9n\u00e9ral de la pr\u00e9fecture du Gard ;Arr\u00eate :Article 1: Il est constat\u00e9 qu'\u00e0 compter du renouvellement g\u00e9n\u00e9ral des conseils municipaux etcommunautaires des 15 et 22 mars 2026 le nombre de conseillers communautaires composantl'organe d\u00e9lib\u00e9rant de la communaut\u00e9 de communes Terre de Camargue est de 32 si\u00e8ges.Article 2 : La r\u00e9partition des 32 si\u00e8ges entre les communes membres au sein de l'organe d\u00e9lib\u00e9rantest fix\u00e9e comme suit :Communes membres Population municipale Nombre de si\u00e8gesAIGUES-MORTES 8707 13Le GRAU-DU-ROI 8513 13SAINT-LAURENT-D'AIGOUZE 3651 6TOTAL 20871 32\nArticle 3: L'arr\u00eat\u00e9 pr\u00e9fectoral n\u00b0 20191109-B3-012 du 11 septembre 2019 portant constatation dunombre et de la r\u00e9partition des si\u00e8ges de l'organe d\u00e9lib\u00e9rant de la communaut\u00e9 decommunes Terre de Camargue est abrog\u00e9.Article 4: Le secr\u00e9taire g\u00e9n\u00e9ral de la pr\u00e9fecture, le pr\u00e9sident de la communaut\u00e9 de communesTerre de Camargue, les maires de ses communes membres sont charg\u00e9s, chacun en ce qui leconcerne, de l'ex\u00e9cution du pr\u00e9sent arr\u00eat\u00e9, qui sera ins\u00e9r\u00e9 au recueil des actes administratifs de lapr\u00e9fecture du Gard.\nNimes,le 29 OCT, 2025Le pr\u00e9fet,sur le pr\u00e9fet,io sacr\u00e9tane g\u00e9n\u00e9ralce\nLe pr\u00e9sent arr\u00e9t\u00e9 peut faire l'objet d'un recours contentieux devant le tribunal administratif de Nimes, dans und\u00e9lai de deux mois \u00e0 compter de sa publication. Le tribunal administratif peut \u00eatre saisi par l'applicationinformatique \"T\u00e9l\u00e9recours Citoyens\" accessible par le site internet www.telerecours.fr.\nPrefecture du Gard - 30-2025-10-20-00016 - Arr\u00eat\u00e9 portant recomposition du nombre et de la r\u00e9partition des si\u00e8ges de l'organe\nd\u00e9lib\u00e9rant de la Communaut\u00e9 de Communes Terre de Camargue 63\nPrefecture du Gard\n30-2025-10-24-00005\nAP 2025-10-24-0136 portant modification des\nmesures de police applicables sur l'a\u00e9roport\nN\u00eemes Grande Provence M\u00e9diterran\u00e9e\nPrefecture du Gard - 30-2025-10-24-00005 - AP 2025-10-24-0136 portant modification des mesures de police applicables sur l'a\u00e9roport\nN\u00eemes Grande Provence M\u00e9diterran\u00e9e 64\nPa!\n# Cabinet du pr\u00e9fet\"y : an | Direction des S\u00e9curit\u00e9sSIDPC. Libert\u00e9\u00c9galit\u00e9Fraternit\u00e9Arr\u00eat\u00e9 pr\u00e9fectoral n\u00b02025-10-24-0136 du 24 octobre 2025portant modification de l'arr\u00eat\u00e9 de police n\u00b02017-04-0028 du 1\u00b0 mars 2017 modifi\u00e9 parl'arr\u00eat\u00e9 2021-02-0012 du 12 f\u00e9vrier 2021 relatif aux mesures de police applicables surl'a\u00e9rodrome de NIMES GRANDE PROVENCE MEDITERRANEELe pr\u00e9fet du GardChevalier de la L\u00e9gion d'Honneur,Officier de l'ordre national du M\u00e9riteVu le r\u00e8glement (CE) n\u00b0 300/2008 du Parlement europ\u00e9en et du Conseil du 11 mars 2008 modifi\u00e9relatif \u00e0 l'instauration de r\u00e8gles communes dans le domaine de la s\u00fbret\u00e9 de l'aviation civile;Vu le r\u00e8glement d'ex\u00e9cution (UE) 2015/1998 de la Commission du 5 novembre 2015 modifi\u00e9 fixantdes mesures d\u00e9taill\u00e9es pour la mise en \u0153uvre des normes de base communes dans le domaine de las\u00fbret\u00e9 de l'aviation civile;Vu la d\u00e9cision d'ex\u00e9cution C(2015)8005 de la Commission du 16 novembre 2015 modifi\u00e9ed\u00e9finissant des mesures d\u00e9taill\u00e9es pour la mise en \u0153uvre des r\u00e8gles communes dans le domaine dela s\u00fbret\u00e9 de l'aviation contenant des informations vis\u00e9es a l'article 18, point a), du r\u00e8glement (CE)n\u00b0300/2008;Vu le d\u00e9cret n\u00b0 2004-374 du 29 avril 2004 modifi\u00e9 relatif aux pouvoirs des pr\u00e9fets, \u00e0 l'organisation eta l'action des services de |' Etat dans les r\u00e9gions et d\u00e9partements;Vu le code g\u00e9n\u00e9ral des collectivit\u00e9s territoriales;Vu le code des transports;Vu l'arr\u00eat\u00e9 du 30juillet 2012 modifi\u00e9 relatif aux mesures de s\u00fbret\u00e9 de l'aviation civile;Vu l'arr\u00eat\u00e9 du 11 septembre 2013 modifi\u00e9 relatif aux mesures de s\u00fbret\u00e9 de l'aviation civile ;Vu l'arr\u00eat\u00e9 du 11 septembre 2013 modifi\u00e9 relatif aux mesures de s\u00fbret\u00e9 sensibles de l'aviation civile ;Vu l'arr\u00eat\u00e9 pr\u00e9fectoral de police n\u00b0 2017-04-0028 du 1\u00b0 mars 2017 relatif aux mesures de policeapplicables sur l'a\u00e9rodrome de N\u00ceMES-GARONS ; |Vu l'arr\u00eat\u00e9 pr\u00e9fectoral de police n\u00b0 2021-02-0012 du 12 f\u00e9vrier 2021 portant modification de l'arr\u00eat\u00e9pr\u00e9fectoral de police n\u00b0 2017-04-0028 du 1\u00b0 mars 2017 relatif aux mesures de police applicables sur. l'a\u00e9rodrome de N\u00ceMES-GARONS;Vu la note pr\u00e9fectorale du 10 mai 2017 relative \u00e0 l'\u00e9valuation locale des risques pour la cr\u00e9ation deszones d\u00e9limit\u00e9es sur l'a\u00e9roport de N\u00ceMES-GARONS;Vu le dossier pr\u00e9sent\u00e9 le 22 mai 2025 par l'exploitant de l'a\u00e9rodrome de N\u00ceMES GRANDEPROVENCE MEDITERRANEE dans le cadre des travaux de r\u00e9am\u00e9nagement d'une partie del'a\u00e9rogare notamment la nouvelle configuration du poste d'inspection filtrage des passagers et desbagages de cabine (IFPBC);Vu l'ach\u00e8vement des travaux de r\u00e9am\u00e9nagement d'une partie de l'a\u00e9rogare notamment le posted'inspection filtrage des passagers et des bagages de cabine,le poste d'inspection filtrage desbagages de soute et le circuit des passagers au d\u00e9part et \u00e0 l'arriv\u00e9e ;Vu l'avis du directeur de l'a\u00e9roport de N\u00ceMES GRANDE PROVENCE M\u00c9DITERRAN\u00c9E du 8septembre 2025 ;Vu l'avis du directeur de la s\u00e9curit\u00e9 de l'aviation civile Sud du 18 septembre 2025;Sur proposition du directeur de la s\u00e9curit\u00e9 de l'aviation civile Sud ;\nPrefecture du Gard - 30-2025-10-24-00005 - AP 2025-10-24-0136 portant modification des mesures de police applicables sur l'a\u00e9roport\nN\u00eemes Grande Provence M\u00e9diterran\u00e9e 65\nARR\u00caTE :\nArticle 1 :annexe 3 de l'arr\u00eat\u00e9 pr\u00e9fectoral n\u00b0 2017-04-0028 du 1\u00b0 mars 2017 modifi\u00e9 par l'arr\u00eat\u00e9 pr\u00e9fectoralde police n\u00b0 2021-02-0012 du 12 f\u00e9vrier 2021 est remplac\u00e9e par l'annexe 3 du pr\u00e9sent arr\u00eat\u00e9.Article 2 :Le pr\u00e9sent arr\u00eat\u00e9 peut faire l'objet d'un recours administratif gracieux aupr\u00e8s de Monsieur le pr\u00e9fetdu Gard (pr\u00e9fecture du Gard 30045 NIMES cedex 9), d'un recours hi\u00e9rarchique adress\u00e9 \u00e0 Monsieurle ministre de l'Int\u00e9rieur - place Beauvau 75800 PARIS - ou d'un recours contentieux devant letribunal administratif de N\u00eemes, dans un d\u00e9lai de deux mois suivant sa publication. Le tribunaladministratif peut \u00eatre saisi par l'application informatique \"T\u00e9l\u00e9recours Citoyens\" accessible par lesite internet www.telerecours.fr |\nArticle 3 :Le directeur de la s\u00e9curit\u00e9 de l'aviation civile Sud, le commandant de groupement de la gendarme-rie d\u00e9partementale du Gard, le commandant de la compagnie de gendarmerie des transports a\u00e9-riens de Toulouse, sont charg\u00e9s, chacun en ce qui les concerne, de l'ex\u00e9cution du pr\u00e9sent arr\u00eat\u00e9 quisera publi\u00e9 au recueil des actes administratifs de la pr\u00e9fecture du Gard.\nN\u00eemes, le 24 octobre 2025.Le pr\u00e9fet,\nJ\u00e9r\u00f4me BONET\nPrefecture du Gard - 30-2025-10-24-00005 - AP 2025-10-24-0136 portant modification des mesures de police applicables sur l'a\u00e9roport\nN\u00eemes Grande Provence M\u00e9diterran\u00e9e 66\nSe'80GCOZALOZIYAY9VSQLoz.\nO0\u20ac:L218497ey:EULOJXNEAB.]BPSEUOZSEPUOSIBIAT]L3G\nnr7\nSZ0Z1008SzNe181961n9HQJU]UYSZOId-AHVIOUH3V,130NVIdSIAM\narebolge,|apUOWeACUSYINAZOOZ\nA9Zd9Z\nHIT\nVee\nwor\nSNOIAYONDIEYS\nPrefecture du Gard - 30-2025-10-24-00005 - AP 2025-10-24-0136 portant modification des mesures de police applicables sur l'a\u00e9roport\nN\u00eemes Grande Provence M\u00e9diterran\u00e9e 67\nPrefecture du Gard - 30-2025-10-24-00005 - AP 2025-10-24-0136 portant modification des mesures de police applicables sur l'a\u00e9roport\nN\u00eemes Grande Provence M\u00e9diterran\u00e9e 68\nSous Pr\u00e9fecture d'Al\u00e8s\n30-2025-10-28-00005\nAR Habilitation 25-10-46 du 28-10-25 Articles\nFun\u00e9raires Jeristy\nSous Pr\u00e9fecture d'Al\u00e8s - 30-2025-10-28-00005 - AR Habilitation 25-10-46 du 28-10-25 Articles Fun\u00e9raires Jeristy 69\nSous-pr\u00e9fecture d'Al\u00e8sIGE AD Bureau de la r\u00e9glementation Fun\u00e9raire et des associationsLibert\u00e9 Service d\u00e9partemental du fun\u00e9raire\u00c9galit\u00e9Fraternit\u00e9\nArr\u00eat\u00e9 n\u00b0 25-10-46portant renouvellement d'habilitation dans le domaine fun\u00e9raire pour une dur\u00e9e de 5 ansLe pr\u00e9fet du Gard,Chevalier de la l\u00e9gion d'honneur,Officier de l'ordre national du M\u00e9rite,\nVu le code g\u00e9n\u00e9ral des collectivit\u00e9s territoriales, notamment les articles L. 2223-19 et suivants;Vu l'arr\u00eat\u00e9 pr\u00e9fectoral n\u00b0 30-2024-10-18-00007 du 18 octobre 2024 donnant d\u00e9l\u00e9gation designature \u00e0 Monsieur Emile SOUMBO, sous-pr\u00e9fet de l'arrondissement d'Al\u00e8s ;Vu l'arr\u00eat\u00e9 pr\u00e9fectoral n\u00b020-11-21 en date du 16 novembre 2020 portant renouvellementd'habilitation dans le domaine fun\u00e9raire pour une dur\u00e9e de 5 ans sous le n\u00b0 20-30-0142, \u00e0 la Sas\u00abArticles Fun\u00e9raires Jeristy \u00bb sous l'enseigne \u00ab AF] \u00bb, pour son \u00e9tablissement situ\u00e9 8, rue Jean-Paul Sartre \u00e0 N\u00eemes (30900), SIRET n\u00b0 820 843 076 00010 dirig\u00e9e par Mme Neonila JERISTY,pr\u00e9sidente;Vu la demande de renouvellement d'habilitation dans le domaine fun\u00e9raire formul\u00e9e par MmeNeonila JERISTY;Vu l'extrait Kbis de la soci\u00e9t\u00e9, \u00e0 jour en date du 16 septembre 2025;Consid\u00e9rant que I'habilitation n\u00b0 20-30-0142 arrive \u00e0 \u00e9ch\u00e9ance \u00e0 la date du 16/11/2025 ;Consid\u00e9rant que la demande de renouvellement d'habilitation est constitu\u00e9e conform\u00e9 ment\u00e0 la r\u00e9glementation en vigueur ;Sur proposition du sous-pr\u00e9fet d'Al\u00e8s ;ARR\u00caTE\nArticle 1*: La Sas \u00abArticles Fun\u00e9raires Jeristy\u00bb sous l'enseigne \u00abAFJ\u00bb, pour son\u00e9tablissement situ\u00e9 8, rue Jean-Paul Sartre \u00e0 Nimes (30900), SIRETn\u00b0 820 843 076 00010 dirig\u00e9e par Mme Neonila JERISTY, est habilit\u00e9 pour exercersur l'ensemble du territoire national, les activit\u00e9s fun\u00e9raires suivantes :\u2014 transport de corps avant et apr\u00e8s mise en bi\u00e8re,- organisation des obs\u00e8ques,- soins de conservation (activit\u00e9 sous-trait\u00e9e),- fourniture des housses, des cercueils et de leurs accessoires int\u00e9rieurs etext\u00e9rieurs ainsi que des urnes cin\u00e9raires,- fourniture de corbillards et de voitures de deuils,- fourniture de personnel, objets et prestations n\u00e9cessaires aux obs\u00e8ques,inhumations, exhumations et cr\u00e9mations (activit\u00e9 sous-trait\u00e9e).SOUS-PREFECTURE d'AL\u00c8S - 3 boulevard Louis Blanc \u2014 - 30100 ALES \u2014 T\u00e9l.: 04.66.56.39.39 \u2014 www.gard.gouv.fr\nSous Pr\u00e9fecture d'Al\u00e8s - 30-2025-10-28-00005 - AR Habilitation 25-10-46 du 28-10-25 Articles Fun\u00e9raires Jeristy 70\nArticle 2: L'op\u00e9rateur fun\u00e9raire d\u00e9clare, dans le cadre d'un contrat de sous-traitance,confier les prestations fun\u00e9raires suivantes :- soins de conservations\u00e0 l'entreprise habilit\u00e9e \u00ab C\u00e9cile MARTI Thanatopracteur\u00bb dont le si\u00e8ge estsitu\u00e9 \u00e0 Al\u00e8s (30100).- fourniture des personnels, objets et prestations n\u00e9cessaires aux obs\u00e8ques,inhumations, exhumations et cr\u00e9mations\u00e0 l'entreprise habilit\u00e9e :SERVICES FUNERAIRES HUCK dont le si\u00e8ge est situ\u00e9 \u00e0 Lattes (34970)Article 3: Les prestations de transport de corps avant et apr\u00e8s mise en bi\u00e8re se font aumoyen des v\u00e9hicules immatricul\u00e9s sous les num\u00e9ros :DE-232-PR ; FZ-518-BH ; HC-279-KCArticle 4: Le num\u00e9ro d'habilitation est: 25-30-0142.Article 5: La dur\u00e9e de la pr\u00e9sente habilitation est fix\u00e9e pour une dur\u00e9e de 5 ans, soitjusqu'au : 17/11/2030.Article6: La pr\u00e9sente habilitation peut \u00eatre retir\u00e9e ou suspendue pour une ou plusieursactivit\u00e9s pour l'un des motifs pr\u00e9vus par l'article L.2223-25 du code g\u00e9n\u00e9raldes collectivit\u00e9s territoriales.Article 7: Le sous-pr\u00e9fet d'Al\u00e9s est charg\u00e9 de l'ex\u00e9cution du pr\u00e9sent arr\u00eat\u00e9 dont unexemplaire est notifi\u00e9 \u00e0 l'int\u00e9ress\u00e9 et ins\u00e9r\u00e9 au recueil des actesadministratifs (RAA) de la pr\u00e9fecture du Gard.\nAl\u00e8s le 28 octobre 2025\nN\u00b0 d'insertion au RAA :\nVoies et d\u00e9lais de recours :La pr\u00e9sente d\u00e9cision peut faire l'objet d'un recours administratif aupr\u00e8s de l'autorit\u00e9 qui l'a d\u00e9livr\u00e9e ou aupr\u00e8s dutribunal administratif de N\u00eemes, dans un d\u00e9lai de deux mois \u00e0 compter de sa notification pour l'int\u00e9ress\u00e9 et de sapublication pour les tiers.SOUS-PREFECTURE d'ALES - 3 boulevard Louis Blanc \u2014 - 30100 ALES \u2014 T\u00e9l.: 04.66.56.39.39 \u2014 www.gard.gouv.fr\nSous Pr\u00e9fecture d'Al\u00e8s - 30-2025-10-28-00005 - AR Habilitation 25-10-46 du 28-10-25 Articles Fun\u00e9raires Jeristy 71\nSous Pr\u00e9fecture d'Al\u00e8s\n30-2025-10-28-00006\nAR Habilitation 25-10-47 du 28-10-25 Services\nFun\u00e9raires Jeristy\nSous Pr\u00e9fecture d'Al\u00e8s - 30-2025-10-28-00006 - AR Habilitation 25-10-47 du 28-10-25 Services Fun\u00e9raires Jeristy 72\nSous-pr\u00e9fecture d'Al\u00e9sGLAD Bureau de la r\u00e9glementation Fun\u00e9raire et des associationsLibert\u00e9 Service d\u00e9partemental du fun\u00e9raire\u00c9galit\u00e9Fraternit\u00e9\nArr\u00eat\u00e9 n\u00b0 25-10-47portant renouvellement d'habilitation dans le domaine fun\u00e9raire pour une dur\u00e9e de 5 ansLe pr\u00e9fet du Gard,Chevalier de la l\u00e9gion d'honneur,Officier de l'ordre national du M\u00e9rite,\nVu le code g\u00e9n\u00e9ral des collectivit\u00e9s territoriales, notamment les articles L. 2223-19 etsuivants:Vu l'arr\u00eat\u00e9 pr\u00e9fectoral n\u00b0 30-2024-10-18-00007 du 18 octobre 2024 donnant d\u00e9l\u00e9gation designature a Monsieur Emile SOUMBO, sous-pr\u00e9fet de l'arrondissement d'Al\u00e8s ;Vu l'arr\u00eat\u00e9 pr\u00e9fectoral n\u00b020-11-22 en date du 16 novembre 2020 portant renouvellementd'habilitation dans le domaine fun\u00e9raire pour une dur\u00e9e de 5 ans sous le n\u00b0 20-30-0055, a laSas \u00abServices Fun\u00e9rairesjeristy \u00bb sous l'enseigne \u00ab SF] \u00bb, pour son \u00e9tablissement situ\u00e9 8, rueJean-Paul Sartre \u00e0 N\u00eemes (30900), SIRET n\u00b0 820 008 130 00014 dirig\u00e9e par M. Sacha JERISTYresponsable d'agence ;Vu la demande de renouvellement d'habilitation dans le domaine fun\u00e9raire formul\u00e9e parMme Neonila JERISTY;Vu l'extrait Kbis de la soci\u00e9t\u00e9, \u00e0 jour en date du 05 octobre 2025;Consid\u00e9rant que l'habilitation n\u00b0 20-30-0055 arrive \u00e0 \u00e9ch\u00e9ance \u00e0 la date du 16/11/2025 ;Consid\u00e9rant que la demande de renouvellement d'habilitation est constitu\u00e9e conform\u00e9-ment \u00e0 la r\u00e9glementation en vigueur ;Sur proposition du sous-pr\u00e9fet d'Al\u00e8s ;ARR\u00caTEArticle 1\": La Sas \u00ab Services Fun\u00e9raires Jeristy \u00bb sous l'enseigne \u00abSFJ\u00bb, pour son\u00e9tablissement situ\u00e9 8, rue Jean-Paul Sartre \u00e0 N\u00eemes (30900), SIRETn\u00b0 820 008 130 00014 dirig\u00e9e par M. Sacha JERISTY est habilit\u00e9 pour exercersur l'ensemble du territoire national, les activit\u00e9s fun\u00e9raires suivantes :- transport de corps avant et apr\u00e8s mise en bi\u00e8re (activit\u00e9 sous-trait\u00e9e),- organisation des obs\u00e8ques,- soins de conservation (activit\u00e9 sous-trait\u00e9e),- fourniture des housses, des cercueils et de leurs accessoires int\u00e9rieurs etext\u00e9rieurs ainsi que des urnes cin\u00e9raires,- fourniture de corbillards et de voitures de deuils,- fourniture de personnel, objets et prestations n\u00e9cessaires aux obs\u00e8ques,inhumations, exhumations et cr\u00e9mations (activit\u00e9 sous-trait\u00e9e).\nSOUS-PREFECTURE d'AL\u00c8S \u2014 3 boulevard Louis Blanc \u2014- 30100 ALES \u2014 T\u00e9l.: 04.66.56.39.39 \u2014 www.gard.gouv.fr\nSous Pr\u00e9fecture d'Al\u00e8s - 30-2025-10-28-00006 - AR Habilitation 25-10-47 du 28-10-25 Services Fun\u00e9raires Jeristy 73\nArticle 2:\nArticle 3:\nArticle 4:Article 5:\nArticle 6:\nArticle 7 :\nL'op\u00e9rateur fun\u00e9raire d\u00e9clare, dans le cadre d'un contrat de sous-traitance,confier les prestations fun\u00e9raires suivantes :- soins de conservations\u00e0 l'entreprise habilit\u00e9e \u00ab C\u00e9cile MARTI Thanatopracteur\u00bb dont le si\u00e8ge estsitu\u00e9 \u00e0 Al\u00e8s (30100).- transports de corps avant et apr\u00e8s mis en bi\u00e8re, fourniture de personnel,objets et prestations n\u00e9cessaires aux obs\u00e8ques, inhumations, exhumations etcr\u00e9mations\u00e0 l'entreprise habilit\u00e9e SERVICES FUNERAIRES HUCK dont le si\u00e8ge est situ\u00e9\u00e0 Lattes (34970)Les prestations de transport de corps avant et apr\u00e8s mise en bi\u00e8re se font aumoyen des v\u00e9hicules immatricul\u00e9s sous les num\u00e9ros :DE-232-PR; FZ-518-BH ; HC-279-KCLe num\u00e9ro d'habilitation est: 25-30-0055.La dur\u00e9e de la pr\u00e9sente habilitation est fix\u00e9e pour une dur\u00e9e de 5 ans, soitjusqu'au: 17/11/2030.La pr\u00e9sente habilitation peut \u00eatre retir\u00e9e ou suspendue pour une ou plusieursactivit\u00e9s pour l'un des motifs pr\u00e9vus par l'article L.2223-25 du code g\u00e9n\u00e9raldes collectivit\u00e9s territoriales.Le sous-pr\u00e9fet d'Ales est charg\u00e9 de l'ex\u00e9cution du pr\u00e9sent arr\u00eat\u00e9 dont unexemplaire est notifi\u00e9 \u00e0 l'int\u00e9ress\u00e9 et ins\u00e9r\u00e9 au recueil des actesadministratifs (RAA) de la pr\u00e9fecture du Gard.\nAl\u00e8s le 28 octobre 2025\nLe sous-pr\u00e9fet\nN\u00b0 d'insertion au RAA :\nVoi slais d urs:La pr\u00e9sente d\u00e9cision peut faire l'objet d'un recours administratif aupr\u00e8s de l'autorit\u00e9 qui l'a d\u00e9livr\u00e9e ou aupr\u00e8s dutribunal administratif de Nimes, dans un d\u00e9lai de deux mois \u00e0 compter de sa notification pour l'int\u00e9ress\u00e9 et de sapublication pour les tiers.\nSOUS-PREFECTURE d'ALES - 3 boulevard Louis Blanc \u2014 - 30100 ALES - T\u00e9l.: 04.66.56.39.39 \u2014 www.gard.gouv.fr\nSous Pr\u00e9fecture d'Al\u00e8s - 30-2025-10-28-00006 - AR Habilitation 25-10-47 du 28-10-25 Services Fun\u00e9raires Jeristy 74","date":"2025-10-31","first_seen_on":"2025-10-31T15:26:26+00:00","id":"5cbbff121d83241e02245ed93866f8d7e50fac181992f26afb05dadf98bb8573","name":"recueil-30-2025-195-normal du 31 10 2025","pdf_creation_date":"2025-10-31T14:59:09+00:00","pdf_modification_date":null,"timezone":"Europe/Paris","url":"https://www.gard.gouv.fr/contenu/telechargement/65893/484636/file/recueil-30-2025-195-normal%20du%2031%2010%202025.pdf"}
