{"administration":"pref37","administration_name":"Pr\u00e9fecture d\u2019Indre-et-Loire","content":"INDRE-ET-LOIRE\nRECUEIL DES ACTES\nADMINISTRATIFS SP\u00c9CIAL\nN\u00b037-2024-07026\nPUBLI\u00c9 LE 16 JUILLET 2024\nSommaire\nPr\u00e9fecture d'Indre et Loire /\n37-2024-07-16-00002 - AP suppl\u00e9ance pr\u00e9fet - SGA (1 page) Page 3\n2\nPr\u00e9fecture d'Indre et Loire\n37-2024-07-16-00002\nAP suppl\u00e9ance pr\u00e9fet - SGA\nPr\u00e9fecture d'Indre et Loire - 37-2024-07-16-00002 - AP suppl\u00e9ance pr\u00e9fet - SGA 3\nExPR\u00c9FETD'INDRE-ET-LOIREL'iberte'Egalit\u00e9Fraternit\u00e9\nARR\u00caT\u00c9organisant la suppl\u00e9ance de Monsieur le Pr\u00e9fet d'Indre-et-Loiredu 19 juillet au 23 juillet 2024 inclusLe pr\u00e9fet d'Indre-et-LoireChevalier de la L\u00e9gion d'honneurOfficier de l'ordre national du M\u00e9rite\nVu la loi n\u00b0 82-213 du 2 mars 1982 modifi\u00e9e relative aux droits et libert\u00e9s des communes, desd\u00e9partements et des r\u00e9gions ;Vu le d\u00e9cret n\u00b0 2004-374 du 29 avril 2004 modifi\u00e9 relatif aux pouvoirs des pr\u00e9fets, \u00e0 l'organisation et \u00e0l'action des services de:l'\u00c9tat dans les r\u00e9gions et d\u00e9partements, notamment le | de l'article 45 ;Vu le d\u00e9cret du 7 d\u00e9cembre 2022 portant nomination de M. Patrice LATRON en qualit\u00e9 de pr\u00e9fetd'Indre-et-Loire ;Vu le d\u00e9cret du 4 juin 2021 portant nomination de M. Guillaume SAINT-CRICQ, sous-pr\u00e9fet charg\u00e9 demission ;Vu l'arr\u00e9t\u00e9 pr\u00e9fectoral du 8 juillet 2024 portant d\u00e9l\u00e9gation de signature \u00e0 M. Guillaume SAINT-CRICQ,secr\u00e9taire g\u00e9n\u00e9ral adjoint de la pr\u00e9fecture d'Indre-et-Loire ;Consid\u00e9rant les absences simultan\u00e9es de Monsieur le Pr\u00e9fet et de Monsieur le Secr\u00e9taire G\u00e9n\u00e9ral de laPr\u00e9fecture d'Indre-et-Loire du vendredi 19 juillet au mardi 23 juillet 2024 inclus ;ARR\u00caTE\nArticle1 Sans pr\u00e9judice de l'arr\u00eat\u00e9 du 8 juillet 2024 susvis\u00e9, M. Guillaume SAINT-CRICQ en qualit\u00e9 desous-pr\u00e9fet, Secr\u00e9taire g\u00e9n\u00e9ral adjoint, est charg\u00e9 d'assurer ma suppl\u00e9ance du vendredi 19 aumardi 23 juillet 2024 inclus.\nArticle 2 M. le Secr\u00e9taire g\u00e9n\u00e9ral de la pr\u00e9fecture d'Indre-et-Loire et M. le Secr\u00e9taire g\u00e9n\u00e9ral adjointsont charg\u00e9s, chacun en ce qui le concerne, de I'ex\u00e9cution du pr\u00e9sent arr\u00eat\u00e9 qui sera publi\u00e9au recueil des actes administratifs de la pr\u00e9fecture.Fait\u00e0 Tours,le 4 6 u 2024\nPatricel_ay>/15, rue Bernard Palissy37925 Tours Cedex 9T\u00e9l. : 02 47 64 37 37M\u00e9l : prefecture@indre-et-loire.gouv.frwww.indre-et-loire.gouv.fr 1/1\nPr\u00e9fecture d'Indre et Loire - 37-2024-07-16-00002 - AP suppl\u00e9ance pr\u00e9fet - SGA 4","date":"2024-07-16","first_seen_on":"2025-09-16T12:52:30+00:00","id":"5d2ef6838ed33a95e6342bd95affdfd6bec87fe6649c70ab0a05403e3cb46ff8","name":"2024-07-16-RAA sp\u00e9cial- AP suppl\u00e9ance pr\u00e9fet - SGA","pdf_creation_date":"2024-07-16T09:47:41+00:00","pdf_modification_date":null,"timezone":"Europe/Paris","url":"https://www.indre-et-loire.gouv.fr/contenu/telechargement/42380/297376/file/2024-07-16-RAA%20sp%C3%A9cial-%20AP%20suppl%C3%A9ance%20pr%C3%A9fet%20-%20SGA.pdf"}
