{"administration":"pref30","administration_name":"Pr\u00e9fecture du Gard","content":"PR\u00c9FET\nDU GARD\nRECUEIL DES ACTES\nADMINISTRATIFS SP\u00c9CIAL\nN\u00b030-2025-117\nPUBLI\u00c9 LE  2 JUILLET 2025\nSommaire\nAgence R\u00e9gionale de la Sant\u00e9- d\u00e9l\u00e9gation d\u00e9partementale du Gard\n/\n30-2025-07-01-00005 - arr\u00eat\u00e9 portant r\u00e9quisition d'officines de\npharmacie  (6 pages) Page 3\nPrefecture du Gard /\n30-2025-06-23-00006 - Convention entre le pr\u00e9fet de la r\u00e9gion\nOccitanie et le pr\u00e9fet du d\u00e9partement du Gard relative \u00e0 la\nd\u00e9l\u00e9gation de gestion et \u00e0 l'utilisation des cr\u00e9dits du programme\n147 \"Politique de la Ville\". (3 pages) Page 10\nPrefecture du Gard / Sous Pr\u00e9fecture d'Al\u00e8s\n30-2025-06-30-00005 - Arr\u00eat\u00e9 n\u00b0 30-2025-30-06-001 du 30/06/25\nportant autorisation de p\u00e9n\u00e9trer dans les propri\u00e9t\u00e9s priv\u00e9es pour\nla r\u00e9alisation de diverses \u00e9tudes dans le cadre du projet\nd'am\u00e9nagement de la RD 904 (16 pages) Page 14\n2\nAgence R\u00e9gionale de la Sant\u00e9- d\u00e9l\u00e9gation\nd\u00e9partementale du Gard\n30-2025-07-01-00005\narr\u00eat\u00e9 portant r\u00e9quisition d'officines de\npharmacie \nAgence R\u00e9gionale de la Sant\u00e9- d\u00e9l\u00e9gation d\u00e9partementale du Gard - 30-2025-07-01-00005 - arr\u00eat\u00e9 portant r\u00e9quisition d'officines de\npharmacie 3\nPRE ATPR\u00c9FETD U G ARD \u00a9 > Agence R\u00e9gionale de Sant\u00e9yop Occitanie \u00c0Libert\u00e9\u00c9galit\u00e9Fraternit\u00e9 D\u00e9l\u00e9gation d\u00e9partementale du Gard\nLe pr\u00e9fet du GardChevalier de la L\u00e9gion d'honneurChevalier de l'Ordre national du M\u00e9riteArr\u00eat\u00e9 portant r\u00e9quisition d'officines de pharmacieVU le code de la sant\u00e9 publique et notamment les articles L.5125-17 et R.4235-49 ;VU le code g\u00e9n\u00e9ral des collectivit\u00e9s territoriales et notamment les articles L.2212-2 et L.2215-1;VU le d\u00e9cret n\u00b0 2004-374 du 29 avril 2004 modifi\u00e9 relatif aux pouvoirs des pr\u00e9fets ;VU le d\u00e9cret n\u00b02010-336 du 31 mars 2010 portant cr\u00e9ation des agences r\u00e9gionales de sant\u00e9 ;VU le d\u00e9cret du 20 avril 2022 portant nomination de Monsieur Didier JAFFRE en qualit\u00e9 dedirecteur g\u00e9n\u00e9ral de l'agence r\u00e9gionale de sant\u00e9 Occitanie ;VU le d\u00e9cret du 13 juillet 2023 portant nomination du Pr\u00e9fet du Gard, Monsieur J\u00e9r\u00f4meBONET ;VU l'arr\u00eat\u00e9 ARS-OC n\u00b02025-3608 en date du 27/06/2025 fixant le service de garde etd'urgence des officines de pharmacie du Gard ;VU l'appel a la gr\u00e8ve des services de garde et d'urgence d\u00e9pos\u00e9 par les organisationsprofessionnelles repr\u00e9sentatives, la F\u00e9d\u00e9ration des Syndicats Pharmaceutiques de France etl'Union des Syndicats de Pharmaciens d'Officine, \u00e0 compter du 1er juillet 2025 et pour une dur\u00e9eind\u00e9termin\u00e9e ;CONSIDERANT l'obligation pour un pharmacien d'officine de participer \u00e0 la mission de servicepublic de la permanence des soins conform\u00e9ment \u00e0 l'article L 5125-1-1-A alin\u00e9a 3 du code de lasant\u00e9 publique ; qu'\u00e0 cet effet, le service est organis\u00e9 pour r\u00e9pondre aux besoins de la populationCONSIDERANT le risque de difficult\u00e9 d'approvisionnement en m\u00e9dicaments de la population encas de fermeture d'une d'officine de pharmacie et par voie de cons\u00e9quence le risque sanitairepour les patients ;SUR PROPOSITION du Directeur de la D\u00e9l\u00e9gation d\u00e9partementale de l''ARS du Gard agissantpar d\u00e9l\u00e9gation du Directeur G\u00e9n\u00e9ral de l'Agence R\u00e9gionale de Sant\u00e9 d'Occitanie ;\nARRETEARTICLE 1 : Les officines de pharmacie participant au service de garde et d'urgence sontr\u00e9quisitionn\u00e9es du mardi 1er juillet 2025 au lundi 14 juillet 2025 selon le tableau joint en annexe.\nAgence R\u00e9gionale de la Sant\u00e9- d\u00e9l\u00e9gation d\u00e9partementale du Gard - 30-2025-07-01-00005 - arr\u00eat\u00e9 portant r\u00e9quisition d'officines de\npharmacie 4\nAgence R\u00e9gionale de la Sant\u00e9- d\u00e9l\u00e9gation d\u00e9partementale du Gard - 30-2025-07-01-00005 - arr\u00eat\u00e9 portant r\u00e9quisition d'officines de\npharmacie 5\nARTICLE 2: Le ou les pharmaciens titulaires de l'officine sont charg\u00e9s de l'organisation de lacontinuit\u00e9 du fonctionnement de leur officine pendant la p\u00e9riode de r\u00e9quisition.ARTICLE 3 : Le pr\u00e9sent arr\u00eat\u00e9 est notifi\u00e9 au(x) titulaire(s) de l'officine.ARTICLE 4 : La pr\u00e9sente r\u00e9quisition prendra fin d\u00e8s la lev\u00e9e du mouvement de gr\u00e8ve par lesorganisations professionnelles repr\u00e9sentatives pr\u00e9cit\u00e9es.ARTICLE 5 : Le recours \u00e9ventuel contre le pr\u00e9sent arr\u00eat\u00e9 doit parvenir au Tribunal Administratifterritorialement comp\u00e9tent dans un d\u00e9lai de deux mois \u00e0 compter de sa notification pour lespersonnes auxquelles il a \u00e9t\u00e9 notifi\u00e9. Le Tribunal Administratif peut \u00eatre saisi par l'applicationinformatique \u00ab T\u00e9l\u00e9recours citoyens \u00bb accessible par le site internet www.telerecours.frARTICLE 6: Monsieur le Pr\u00e9fet du Gard et Monsieur le Directeur de la D\u00e9l\u00e9gationd\u00e9partementale du Gard de l'Agence r\u00e9gionale de sant\u00e9 Occitanie sont charg\u00e9s, chacun en cequi le concerne, de l'ex\u00e9cution du pr\u00e9sent arr\u00eat\u00e9.\nFait \u00e0 N\u00eemes, le\nMarie-Charlotte EUVRARD\n2/2\n01/07/2025\nAgence R\u00e9gionale de la Sant\u00e9- d\u00e9l\u00e9gation d\u00e9partementale du Gard - 30-2025-07-01-00005 - arr\u00eat\u00e9 portant r\u00e9quisition d'officines de\npharmacie 6\nAgence R\u00e9gionale de la Sant\u00e9- d\u00e9l\u00e9gation d\u00e9partementale du Gard - 30-2025-07-01-00005 - arr\u00eat\u00e9 portant r\u00e9quisition d'officines de\npharmacie 7\nJour {pour dimanche) /\nAnnexe\nD\u00e9nomination de la pharmacieCommuneNuit / F\u00e9ri\u00e9mercredi 2 juillet 2025 Nuit Alas + Petite Couronne PHARMACIE RASPAL-DUMAS 30340 - SAINT-PRIVAT-DES-VIEUXJour Roquemaure-Villeneuve PHARMACIE VANIN 30290 - SAINT-VICTOR-LA-COSTEdimanche 6 juillet 2025 Jour Nimes PHARMACIE MARTY ET PAUL-WATREMEZ 30000 - NIMESJour Vaunage-Vistrenque PHARMACIE MICHEL 30670 - AIGUES-VIVESvendredi 11 juillet 2025 Nuit Nimes PHARMACIE PELISSIER 30000 - NIMESNuit Nimes PHARMACIE PELISSIER 30000 - NIMESsamedi 12 juillet 2025 Nuit Le Vigan PHARMACIE ROMBAUT 30120 - LE VIGANuf | | | | 30430 - SAINT-JEAN-DE-MARUEJOLS-ET-Nuit Barjac-Bess\u00e8ges-St Ambroix PHARMACIE DAUBLON AVEJANJour Roquemaure-Villeneuve PHARMACIE ROMO-BORRELLY 30126 - TAVELJour Le Vigan PHARMACIE ROMBAUT 30120 - LE VIGANNuit Le Vigan PHARMACIE ROMBAUT 30120 - LE VIGANi iui 30430 - SAINT-JEAN-DE-MARUEJOLS-ET-dimanche 13 juillet 2025 Jour Barjac-Bess\u00e8ges-St Ambroix PHARMACIE DAUBLONAVEJAN- . s . 30430 - SAINT-JEAN-DE-MARUEJOLS-ET-Nuit Barjac-Besseges-St Ambroix PHARMACIE DAUBLON AVEJANNuit Nimes PHARMACIE PELISSIER 30000 - NIMES4S 4 | 30430 - SAINT-JEAN-DE-MARUEJOLS-ET-F\u00e9ri\u00e9 Barjac-Bess\u00e8ges-St Ambroix PHARMACIE DAUBLON AVEJANlundi 14 juillet 2025 30430 - SAINT-JEAN-DE-MARUEJOLS-ET-RES AUS Nuit Barjac-Bess\u00e8ges-St Ambroix PHARMACIE DAUBLONAVEJANF\u00e9ri\u00e9 Vaunage-Vistrenque PHARMACIE ALBERGE ET ROIG 30820 - CAVEIRAC\nAgence R\u00e9gionale de la Sant\u00e9- d\u00e9l\u00e9gation d\u00e9partementale du Gard - 30-2025-07-01-00005 - arr\u00eat\u00e9 portant r\u00e9quisition d'officines de\npharmacie 8\nAgence R\u00e9gionale de la Sant\u00e9- d\u00e9l\u00e9gation d\u00e9partementale du Gard - 30-2025-07-01-00005 - arr\u00eat\u00e9 portant r\u00e9quisition d'officines de\npharmacie 9\nPrefecture du Gard\n30-2025-06-23-00006\nConvention entre le pr\u00e9fet de la r\u00e9gion\nOccitanie et le pr\u00e9fet du d\u00e9partement du Gard\nrelative \u00e0 la d\u00e9l\u00e9gation de gestion et \u00e0\nl'utilisation des cr\u00e9dits du programme 147\n\"Politique de la Ville\".\nPrefecture du Gard - 30-2025-06-23-00006 - Convention entre le pr\u00e9fet de la r\u00e9gion Occitanie et le pr\u00e9fet du d\u00e9partement du Gard\nrelative \u00e0 la d\u00e9l\u00e9gation de gestion et \u00e0 l'utilisation des cr\u00e9dits du programme 147 \"Politique de la Ville\". 10\n| \u0152\u00c6E PR\u00c9FETPR\u00c9FET DE LA R\u00c9GIONDU GARD OCCITANIELibert\u00e9 Libert\u00e9\u00c9galit\u00e9 \u00c9galit\u00e9Fraternit\u00e9 Frateruit\u00e9\nConvention entrele pr\u00e9fet de la r\u00e9gion Occitanieetle pr\u00e9fet du d\u00e9partement du GardRelative \u00e0 la d\u00e9l\u00e9gation de gestion et \u00e0 l'utilisationdes cr\u00e9dits du programme 147 \u00ab Politique de la ville \u00bb\nLa pr\u00e9sente convention vient compl\u00e9ter la convention g\u00e9n\u00e9rale de d\u00e9l\u00e9gation de gestion,conclue le 8 mars 2016, entre le pr\u00e9fet de la r\u00e9gion Occitanie et le pr\u00e9fet du d\u00e9partement duGard dans le cadre de la d\u00e9l\u00e9gation de l'ordonnancement secondaire en vigueur.\nENTRE LES SOUSSIGN\u00c9S :- le pr\u00e9fet du d\u00e9partement du Gard, d\u00e9sign\u00e9 sous le terme de \u00ab d\u00e9l\u00e9gant \u00bb, d'une part ;\net\n\u2014 le pr\u00e9fet de la r\u00e9gion Occitanie, d\u00e9sign\u00e9 sous le terme de \u00abd\u00e9l\u00e9gataire\u00bb, d'autre part ;\nIl est convenu ce qui suit :\nArticle 1 : Champ de la d\u00e9l\u00e9gationLe champ de la d\u00e9l\u00e9gation porte sur les cr\u00e9dits POLITIQUE DE LA VILLE sur le programme 147selon la nomenclature budg\u00e9taire suivante :Programme 147 \u00ab POLITIQUE DE LA VILLE \u00bb- centre financier : 0147-LAMI-PR30- centre de co\u00fbt : PRFSGO5030- domaine fonctionnel : 01470110_\u2014 activit\u00e9s : 014701010101 (contrats de ville) / 014701010102 (r\u00e9ussite \u00e9ducative) / 014701010108(cit\u00e9s \u00e9ducatives) / 014701010112 (cit\u00e9s de l'emploi) / 014701010115 (quartiers d'\u00e9t\u00e9) /\nPrefecture du Gard - 30-2025-06-23-00006 - Convention entre le pr\u00e9fet de la r\u00e9gion Occitanie et le pr\u00e9fet du d\u00e9partement du Gard\nrelative \u00e0 la d\u00e9l\u00e9gation de gestion et \u00e0 l'utilisation des cr\u00e9dits du programme 147 \"Politique de la Ville\". 11\n014701010306 (\u00e9valuation-accompagnement des acteurs) / 014701020307 (formation desacteurs de la politique de la ville ;Article 2 : Prestations accomplies par les partiesPar le pr\u00e9sent document, le d\u00e9l\u00e9gant confie au d\u00e9l\u00e9gataire, en son nom et pour son compte,dans les conditions pr\u00e9cis\u00e9es dans la pr\u00e9sente d\u00e9l\u00e9gation, la r\u00e9alisation de l'ordonnancementdes d\u00e9penses et des recettes prescrites par l'ordonnateur et ses ordonnateurs d\u00e9l\u00e9gu\u00e9s. Lad\u00e9l\u00e9gation emporte \u00e0 ce titre d\u00e9l\u00e9gation de la fonction technique d'ordonnateur pourl'engagement, la liquidation et l'\u00e9tablissement des ordres \u00e0 payer et l'\u00e9mission des titres deperception, sur la base des d\u00e9cisions du d\u00e9l\u00e9gant.Le d\u00e9l\u00e9gant demeure quant \u00e0 lui responsable du pilotage des autorisations d'engagement (AE)et des cr\u00e9dits de paiement (CP), et n'est pas d\u00e9gag\u00e9 de sa responsabilit\u00e9 sur les actes dont il aconfi\u00e9 la r\u00e9alisation au d\u00e9l\u00e9gataire.La r\u00e9partition des comp\u00e9tences entre les 2 parties signataires est la suivante :Le d\u00e9l\u00e9gant . Le d\u00e9l\u00e9gataire(pr\u00e9fet de d\u00e9partement) (pr\u00e9fet de la r\u00e9gion Occitanie)Est responsable : Est charg\u00e9 :de s'assurer continuellement de lal-d'assurer les prestations qui lui sontdisponibilit\u00e9 des AE et CP ; confi\u00e9es dans les meilleures conditionspossibles d'ex\u00e9cution, notamment par lemaintien de moyens ad\u00e9quats et suffisantspour remplir ses missions ;-de prendre et d'\u00e9tablir les d\u00e9cisionsd'engagement et de paiement apr\u00e8sinstruction des dossiers, conform\u00e9ment \u00e0 lar\u00e9glementation en vigueur et dans le ; \u2014 de valider les engagements juridiques ;- de proc\u00e9der \u00e0 la constatation du service|-de saisir, lorsqu'il y a lieu, l'autorit\u00e9 enfait, une fois l'engagement juridique valid\u00e9,|charge du contr\u00f4le financier au titre desavec l'ensemble des pi\u00e8ces requises et dans le|engagements juridiques ou des paiements ;cadre du calendrier budg\u00e9taire indiqu\u00e9 par lerez , | | \u2014 de valider | rtification rvi it ;d\u00e9l\u00e9gataire ; de valider la certification du service fait ;- de conduire la proc\u00e9dure de reversement-de fournir au d\u00e9l\u00e9gataire toutes un CS eren cas de cr\u00e9dits ind\u00fcment per\u00e7us ;informations ou documents dont led\u00e9l\u00e9gataire a besoin pour l'exercice de ses|_ d'assister le d\u00e9l\u00e9gant dans la mise en \u0153uvremissions ; de ses missions en cas de besoin etnotamment de l'informer sans d\u00e9lai de\u2014de proc\u00e9der \u00e0 des demandes de recyclageP m YB\" | vindisponibilit\u00e9 d'AE ou de CP;en cas de besoin ; \u2014 de rendre compte de son activit\u00e9 en cas debesoin et de r\u00e9pondre a l'ensemble dessollicitations du d\u00e9l\u00e9gant en rapport avec les\u2014de r\u00e9aliser l'archivage des pi\u00e8ces qui lui|prestations, objets de la pr\u00e9sente d\u00e9l\u00e9gation ;incombe ;\n\u2014de mettre en place un contr\u00f4le internefinancier adapt\u00e9 ;\nPrefecture du Gard - 30-2025-06-23-00006 - Convention entre le pr\u00e9fet de la r\u00e9gion Occitanie et le pr\u00e9fet du d\u00e9partement du Gard\nrelative \u00e0 la d\u00e9l\u00e9gation de gestion et \u00e0 l'utilisation des cr\u00e9dits du programme 147 \"Politique de la Ville\". 12\nArticle 3 : Cadre du contr\u00f4leur budg\u00e9tairePour les actes ordonnanc\u00e9s sur l'UO, le contr\u00f4leur budg\u00e9taire comp\u00e9tent est la DRFIP (CBR)territorialement comp\u00e9tente.L'ensemble des prestations ci-dessus d\u00e9crites doit \u00eatre ex\u00e9cut\u00e9 conform\u00e9ment auxdispositions l\u00e9gislatives et r\u00e9glementaires applicables aux subventions.Article 4 : D\u00e9l\u00e9gation et subd\u00e9l\u00e9gationsConform\u00e9ment \u00e0 l'article 38 du d\u00e9cret 2004-374 du 29 avril 2004 modifi\u00e9 relatif aux pouvoirsdes pr\u00e9fets, \u00e0 l'organisation et \u00e0 l'action des services de l'\u00c9tat dans les r\u00e9gions etd\u00e9partements, le d\u00e9l\u00e9gataire peut d\u00e9l\u00e9guer sa signature aux agents plac\u00e9s sous son autorit\u00e9,aux fins d'ex\u00e9cuter les prestations pr\u00e9cit\u00e9es.La liste des agents du d\u00e9l\u00e9gant et du d\u00e9l\u00e9gataire, qui exerceront dans l'outil CHORUS tous lesactes ci-dessus mentionn\u00e9s ou qui interviendront dans le processus d'ordonnancementsecondaire, devra \u00eatre pr\u00e9cis\u00e9e et mise \u00e0 jour r\u00e9guli\u00e8rement dans un arr\u00eat\u00e9 portantd\u00e9l\u00e9gation de signature par leur autorit\u00e9 comp\u00e9tente. Cet acte devra \u00eatre communiqu\u00e9 \u00e0l'autre partie dans le cadre du contr\u00f4le interne financier et pour archivage.Article 5 : Dur\u00e9e, reconduction et r\u00e9siliationLa pr\u00e9sente convention prend effet \u00e0 compter du 23 juin 2025 et sera reconduiteannuellement, par tacite reconduction.Elle pourra \u00eatre modifi\u00e9e d'un commun accord entre les parties, par avenant.Elle pourra faire l'objet d'une r\u00e9siliation, par l'une ou l'autre partie, apr\u00e8s la mise en \u0153uvred'un d\u00e9lai de pr\u00e9avis de 3 mois.Article 6 : Ex\u00e9cutionToute convention ant\u00e9rieure, portant sur la gestion du BOP concern\u00e9, est abrog\u00e9e.Copie de la pr\u00e9sente convention de d\u00e9l\u00e9gation de gestion est transmise \u00e0 l'autorit\u00e9 en chargedu contr\u00f4le financier et au comptable assignataire.Le pr\u00e9fet de r\u00e9gion et le pr\u00e9fet de d\u00e9partement sont charg\u00e9s, chacun en ce qui les concerne,de l'ex\u00e9cution du pr\u00e9sent arr\u00eat\u00e9 qui sera ins\u00e9r\u00e9 au recueil des actes administratifs des deuxparties. ,2 3 Juin 2025Le d\u00e9l\u00e9gant, Le d\u00e9l\u00e9gataire,\u00e9fet du Gard \u2014  pr\u00e9fet de la r\u00e9gion Occitanie\nCe| J\u00e9r\u00e9me BONET : aePierre-Andr\u00e9 DURAND\nPrefecture du Gard - 30-2025-06-23-00006 - Convention entre le pr\u00e9fet de la r\u00e9gion Occitanie et le pr\u00e9fet du d\u00e9partement du Gard\nrelative \u00e0 la d\u00e9l\u00e9gation de gestion et \u00e0 l'utilisation des cr\u00e9dits du programme 147 \"Politique de la Ville\". 13\nPrefecture du Gard\n30-2025-06-30-00005\nArr\u00eat\u00e9 n\u00b0 30-2025-30-06-001 du 30/06/25 portant\nautorisation de p\u00e9n\u00e9trer dans les propri\u00e9t\u00e9s\npriv\u00e9es pour la r\u00e9alisation de diverses \u00e9tudes\ndans le cadre du projet d'am\u00e9nagement de la RD\n904\nPrefecture du Gard - 30-2025-06-30-00005 - Arr\u00eat\u00e9 n\u00b0 30-2025-30-06-001 du 30/06/25 portant autorisation de p\u00e9n\u00e9trer dans les\npropri\u00e9t\u00e9s priv\u00e9es pour la r\u00e9alisation de diverses \u00e9tudes dans le cadre du projet d'am\u00e9nagement de la RD 904 14\nE ii | Sous-pr\u00e9fecture d'Al\u00e9sPREFET Bureau des collectivit\u00e9s territorialesDU GARD ,ies et du d\u00e9veloppement local\u00c9galit\u00e9Fraternit\u00e9\n| Arr\u00eat\u00e9 n\u00b0 30-2025-portant autorisation de p\u00e9n\u00e9trer dans les propri\u00e9t\u00e9s priv\u00e9espour la r\u00e9alisation de diverses \u00e9tudes dans le cadre du projet d'am\u00e9nagement de la RD 904\nLe pr\u00e9fet du GardChevalier de la l\u00e9gion d'Honneur,Chevalier de l'ordre national du M\u00e9rite\nVu la loi du 29 d\u00e9cembre 1892 modifi\u00e9e, relative aux dommages caus\u00e9s \u00e0 la propri\u00e9t\u00e9 priv\u00e9e parl'ex\u00e9cution des travaux publics ;Vu la loi n\u00b0 43-374 du 6 juillet 1943 relative \u00e0 l'ex\u00e9cution des travaux g\u00e9od\u00e9siques et cadastraux et \u00e0 laconservation des signaux, bornes et rep\u00e8res ;Vu le d\u00e9cret n\u00b0 2004-374 du 29 avril 2004 modifi\u00e9 relatif aux pouvoirs des Pr\u00e9fets, \u00e0 l'organisation et \u00e0l'action des services de l'\u00c9tat dans les r\u00e9gions et les d\u00e9partements ;Vu la demande pr\u00e9sent\u00e9e le 12 juin 2025 par le conseil d\u00e9partemental du Gard, Direction G\u00e9n\u00e9raleAdjointe Mobilit\u00e9 Logistique, Direction de la mobilit\u00e9 et des routes, sollicitant de p\u00e9n\u00e9trer et der\u00e9aliser diverses \u00e9tudes sur les propri\u00e9t\u00e9s priv\u00e9es des propri\u00e9taires des parcelles incluses dans lep\u00e9rim\u00e8tre du projet d'am\u00e9nagement d'une section de la RD 904 situ\u00e9e sur les communes de Rousson,Les Mages et Saint-Jean-de-Val\u00e9riscle ;Vu les plans locaux d'urbanisme (PLU) et cartes communales des communes de Rousson, Les Mages etSaint-Jean-de-Val\u00e9riscle ;Vu les plans parcellaires annex\u00e9s au pr\u00e9sent arr\u00eat\u00e9 ;Vu les \u00e9tats parcellaires annex\u00e9s au pr\u00e9sent arr\u00eat\u00e9 ;Consid\u00e9rant la n\u00e9cessit\u00e9 de p\u00e9n\u00e9trer dans les propri\u00e9t\u00e9s priv\u00e9es pour y effectuer ces op\u00e9rations ;Sur proposition du sous-pr\u00e9fet d'Al\u00e9s ;\nArr\u00eate :\nArticle 1: Les ing\u00e9nieurs, techniciens et mandataires de la Direction G\u00e9n\u00e9rale Adjointe Mobilit\u00e9Logistique du D\u00e9partement du Gard, sont autoris\u00e9s, sous r\u00e9serve du droit des tiers, \u00e0 p\u00e9n\u00e9trer sur lespropri\u00e9t\u00e9s priv\u00e9es telles que d\u00e9finies dans le plan joint au pr\u00e9sent arr\u00eat\u00e9 et situ\u00e9es sur le territoire descommunes de Rousson, Les Mages et Saint-Jean-de-Val\u00e9riscle afin de proc\u00e9der aux \u00e9tudes pr\u00e9alablesau projet d'am\u00e9nagement de la RD 904 (\u00e9tudes environnementales et g\u00e9otechniques, dont la pose depi\u00e8zom\u00e8tres, ainsi que des relev\u00e9s topographiques).A cet effet, les agents susvis\u00e9s pourront p\u00e9n\u00e9trer dans les propri\u00e9t\u00e9s priv\u00e9es closes ou non closes (sauf\u00e0 l'int\u00e9rieur des maisons d'habitation) et dans les bois soumis au r\u00e9gime forestier, y planter des balises,y \u00e9tablir des jalons et piquets ou rep\u00e8res, y pratiquer des sondages et autres travaux ou op\u00e9rationsrendus n\u00e9cessaires pour la r\u00e9alisation du projet et y entreposer le mat\u00e9riel n\u00e9cessaire.Ces op\u00e9rations sont autoris\u00e9es pour une dur\u00e9e de cinq ans \u00e0 compter de la date du pr\u00e9sent arr\u00eat\u00e9, surles parcelles figurant au plan annex\u00e9 au pr\u00e9sent arr\u00eat\u00e9.\nPrefecture du Gard - 30-2025-06-30-00005 - Arr\u00eat\u00e9 n\u00b0 30-2025-30-06-001 du 30/06/25 portant autorisation de p\u00e9n\u00e9trer dans les\npropri\u00e9t\u00e9s priv\u00e9es pour la r\u00e9alisation de diverses \u00e9tudes dans le cadre du projet d'am\u00e9nagement de la RD 904 15\nPrefecture du Gard - 30-2025-06-30-00005 - Arr\u00eat\u00e9 n\u00b0 30-2025-30-06-001 du 30/06/25 portant autorisation de p\u00e9n\u00e9trer dans les\npropri\u00e9t\u00e9s priv\u00e9es pour la r\u00e9alisation de diverses \u00e9tudes dans le cadre du projet d'am\u00e9nagement de la RD 904 16\nChacun des agents mandataires de la Direction G\u00e9n\u00e9rale Adjointe Mobilit\u00e9 Logistique du D\u00e9partementdu.Gard, charg\u00e9s des \u00e9tudes sur le terrain sera muni d'une copie du pr\u00e9sent arr\u00eat\u00e9 qu'il sera tenu depr\u00e9senter \u00e0 toute r\u00e9quisition.Article 2: Les personnes vis\u00e9es \u00e0 l'article 1* ne pourront p\u00e9n\u00e9trer dans les propri\u00e9t\u00e9s qu'apr\u00e8saccomplissement des formalit\u00e9s prescrites par les articles 1, 4, 5 et de la loi du 29 d\u00e9cembre 1892modifi\u00e9e.Article 3: Les propri\u00e9taires ne peuvent, sous peine de sanction p\u00e9nale, apporter de troublequelconque \u00e0 l'ex\u00e9cution des travaux.Article 4: Les indemnit\u00e9s qui pourraient \u00eatre dues pour dommages caus\u00e9s aux propri\u00e9t\u00e9s par lepersonnel charg\u00e9 des \u00e9tudes et travaux, seront \u00e0 la charge du Conseil D\u00e9partemental du Gard. Ad\u00e9faut d'accord amiable, elles seront fix\u00e9es par le Tribunal Administratif de NIMES dans les formespr\u00e9vues au code de justice administrative.Article 5: Le pr\u00e9sent arr\u00eat\u00e9 sera p\u00e9rim\u00e9 de plein droit, s'il n'est pas suivi d'un commencementd'ex\u00e9cution dans un d\u00e9lai de six mois suivant sa notification aux diff\u00e9rents propri\u00e9taires._ Article 6 : Le pr\u00e9sent arr\u00eat\u00e9 sera rendu public par affichage en mairies de Rousson, Les Mages et Saint-Jean-de-Val\u00e9riscle pour une dur\u00e9e d'un mois.Les maires de Rousson, Les Mages et Saint-Jean-de-Val\u00e9riscle notifieront \u00e9galement copie du pr\u00e9sentarr\u00eat\u00e9 et de ses annexes aux propri\u00e9taires des terrains, ainsi qu'aux personnes en ayant la gardejuridique, lorsque les propri\u00e9taires ne sont pas domicili\u00e9s sur la commune.Le pr\u00e9sent arr\u00e9t\u00e9 sera conserv\u00e9 en mairies de Rousson, Les Mages et Saint-Jean-de-Val\u00e9riscle , afin depouvoir y \u00e9tre consult\u00e9 par quiconque en pr\u00e9senterait la demande.Il sera publi\u00e9 au recueil des actes administratifs de la pr\u00e9fecture du Gard.Article 7 : Le pr\u00e9sent arr\u00eat\u00e9 peut faire l'objet d'un recours contentieux devant le tribunal administratifde N\u00eemes dans un d\u00e9lai de deux mois suivant sa publication ou sa notification.Ce recours contentieux peut \u00eatre pr\u00e9c\u00e9d\u00e9 dans ce d\u00e9lai d'un recours gracieux aupr\u00e8s du signataire del'acte ou d'un recours hi\u00e9rarchique aupr\u00e8s du ministre de l'int\u00e9rieur.Cette proc\u00e9dure prolonge le d\u00e9lai de recours contentieux qui doit alors \u00eatre introduit dans les: deuxmois suivant la r\u00e9ponse au recours gracieux ou hi\u00e9rarchique (une absence de r\u00e9ponse vaut rejetimplicite \u00e0 l'issue d'un d\u00e9lai de deux mois).Le tribunal administratif peut \u00eatre saisi par l'application informatique \u00abt\u00e9l\u00e9recours citoyens \u00bbaccessible par le site internet www.telerecours.fr.Article 8 : Monsieur le sous-pr\u00e9fet d'Al\u00e9s, monsieur le directeur d\u00e9partemental des territoires et de lamer du Gard, messieurs les maires de Rousson, Les Mages et Saint-Jean-de-Val\u00e9riscle, le colonelcommandant le groupement de gendarmerie d\u00e9partementale du Gard, sont charg\u00e9s, chacun en ce quile concerne, de l'ex\u00e9cution du pr\u00e9sent arr\u00eat\u00e9, qui sera publi\u00e9 au recueil des actes administratifs de lapr\u00e9fecture du Gard.\nPrefecture du Gard - 30-2025-06-30-00005 - Arr\u00eat\u00e9 n\u00b0 30-2025-30-06-001 du 30/06/25 portant autorisation de p\u00e9n\u00e9trer dans les\npropri\u00e9t\u00e9s priv\u00e9es pour la r\u00e9alisation de diverses \u00e9tudes dans le cadre du projet d'am\u00e9nagement de la RD 904 17\nPrefecture du Gard - 30-2025-06-30-00005 - Arr\u00eat\u00e9 n\u00b0 30-2025-30-06-001 du 30/06/25 portant autorisation de p\u00e9n\u00e9trer dans les\npropri\u00e9t\u00e9s priv\u00e9es pour la r\u00e9alisation de diverses \u00e9tudes dans le cadre du projet d'am\u00e9nagement de la RD 904 18\n96TE Lee \u00a3E9E UIBLIO | sopnoouy SST | gL OVsonsIzny .q NOSSNLOUW OVroe6667 CIT LICE uone}iquH AD | LL OV 8 sonsizny.q YD \u20ac OUBJN-QUUV IATAS/LV TIVE AWN 8sonsizny .q NOSSNORU OVPOE QUIAY WPUHAWN/ALNOO 'ANAC86C ele 86C\u00a3 uoneJqeH sD 19 OV i sansizny qd 94D Z eosed/VNITINOV W LS99INOS NOSSNO OPPOE uonReoylind/SOU 'ANAILIE cs OTTE uoneJiQuH . sop sy) | 09 OV 9 S99INO$ S9P AU) I BAIN PIS RAZ TAS (We 9SHOVW SAT 0960\u20acSOPRA] ueor0 871 8\u00e91 UIBIIAT Sop SEM | CG dV iS dHIDNS W Z9qD udlfiluy sino] 1980y / HAIONS W \u00c70 Lest & | dv b \u00ff9801 Lit 5 | w]e .OLST9 O0\u00ffI OL6\u00a39 OIpunoT) \u20ac dVSOPBA9T SHOVW SAT 0960\u20ac0 Ip9e I\u00ff9\u20ac SOP SEM IS dV I OB) SE SIT ROIUMN SA /AGIILSVE'N I(au) sosrergudorg (cur) (Tu) 2INJEN Hp na] oN | UON99S | oneroowg | JOTOUOJxne saquejsai | oynoi ey op sarrsored urjq | aidwos a[IW0Q DOUBSSIEU ap oyep \"SWOUDIG \"SUON sonvipudorgsated sap | sosriduro sop sop anseped ny ne oN | PN spSUOTBAISSQGO ANIAHANS SATTHOUVd SHG NOILVNOISAG o[BSeped 991EUU EI B Soue}oIIdOId sap UOleUSISSq 21P10,4 oNS202 NINFOE a 'sar INLINO go Q1ap4nof 29 ap ajep usaoe9JJOU e SxsUUe 9138 Nod nA484g gJOSSNOX ep sunurutoo ze suep jofod a] sed sagyonoy (sa\u00e7qnouur) sopposied sap sanuoridoid sap as706 Ge LI mod xnvavy soy zed sogjoeduur s9}911d0.1d sap 24919YHNHAV.d LNOd 706 du\nPrefecture du Gard - 30-2025-06-30-00005 - Arr\u00eat\u00e9 n\u00b0 30-2025-30-06-001 du 30/06/25 portant autorisation de p\u00e9n\u00e9trer dans les\npropri\u00e9t\u00e9s priv\u00e9es pour la r\u00e9alisation de diverses \u00e9tudes dans le cadre du projet d'am\u00e9nagement de la RD 904 19\n9 MME. PEREZ/Marie Antoinette 265 Rte de ST 9 AO 79 | Les Encoules Terrain 4514 512 4002Rte oo Ambroix :30440 ROUSSON AO 80 | Rte de St Habitation 2368 128 2240Ambroix10 Commune de ROUSSON Hotel de ville 10 AO 35 184 55 129Espace Jean Jaures30340 ROUSSON11 11 AO 246 | Che des Terrain 13288 2380 10908cerisiers ;AO | 34 Terrain 5641 0AO | 274 | Che des Terrain 41 41 0\ncerisiersAO 275 | Che des Terrain 1000 21 979cerisiersAP 53 | Mas des Terrain 760 94 666\nLevadesAP 54 | Mas des Terrain 808 106 702Levades13 MME. ABERLENC/Paulette Gabrielle 9 Closdes Acacias 13 AP 2 Coundro 9410 52 935874140 St CERGUESMME. ABERLENC/Julienne Yvette 39 Che du Plateau30440 ROUSSON16 MME AZNAR / Muriel 9 Che de Cameyras 16 AO 33 2286 70 2216N\u00e9e JALLAT / Muriel Florentine 30340 ROUSSONTotal des surfaces a acqu\u00e9rir approximatives : 18 351 m?\nPrefecture du Gard - 30-2025-06-30-00005 - Arr\u00eat\u00e9 n\u00b0 30-2025-30-06-001 du 30/06/25 portant autorisation de p\u00e9n\u00e9trer dans les\npropri\u00e9t\u00e9s priv\u00e9es pour la r\u00e9alisation de diverses \u00e9tudes dans le cadre du projet d'am\u00e9nagement de la RD 904 20\nzUI 9909 : SaAnetuiIxo1dde m1gnboe e sooejins sop [P10],ATOSRIAIVAdd NVAL LS 0960\u20ac U9I9H sulouRsy/TAINVC \"AIANTEIT vos 9ETE suoquie) so] | EI a SI suoquied say 9 sinoT [Ned/TAINVG Wy} SINOSSNOY OrE0EXIOIQUIYL6 Sr da! SOSIOABIL S97T | \u00ffpLI a (4 juleg op WY OLE w9jenog/INOVZNOW 'WH t| SHOVN SAT 0960\u20acIS8\u20ac LS 806\u20ac uoneyqey SOSIDABIL S9T | 969 a I JUL Se SIT PORN SSAK/ACILSVE'N I(cu) saierpudosg (Tu) (Tu) AIMEN Jp noi] oN | UOND9G | snvyoowg | ISTOUOFxne SJUL]SOI | nol Lv] ap soqjaoied ueId aydui09 9[IOIUOC SOURSSIBU ap 9J2P 'SUIOUII 'SUION sanpudoiqsoured sop | sastidura sap sap alsepeg ny ne oN 9P oN | sapSUOHBAIOSQO EI@ENECIOS SATTAOUNVd SAC NOLLVNDISAG 9IBHSEPEI soleU EI B Sosley9LIdoId Sop uOnEUSIS?C 24ps0.d oNSADVW SAT ounuwuwuos ej suep jolo1d 9] sed sagyono} (sojqnounur) sejjaored sap soneoridord sap ajsr]706 QI 81 nod xnvav.y soy ed sogj30vd ut s9j911d0.1d sap 24919HNAAV.d LNOd 706 da\nPrefecture du Gard - 30-2025-06-30-00005 - Arr\u00eat\u00e9 n\u00b0 30-2025-30-06-001 du 30/06/25 portant autorisation de p\u00e9n\u00e9trer dans les\npropri\u00e9t\u00e9s priv\u00e9es pour la r\u00e9alisation de diverses \u00e9tudes dans le cadre du projet d'am\u00e9nagement de la RD 904 21\nPrefecture du Gard - 30-2025-06-30-00005 - Arr\u00eat\u00e9 n\u00b0 30-2025-30-06-001 du 30/06/25 portant autorisation de p\u00e9n\u00e9trer dans les\npropri\u00e9t\u00e9s priv\u00e9es pour la r\u00e9alisation de diverses \u00e9tudes dans le cadre du projet d'am\u00e9nagement de la RD 904 22\nzU SICI : Soareuixoidde IHIonboe eB sooejins sap [PJOL819 Ovi SSL suoquie) S9T | GES \u00ae ATOSRIA TVAAd NVAT LS 0960\u20ac suse} SUOULIT/THINVO 'AWNSTEE 077 SESE uoreJIqH SUOQUIET) ST | LES 8) ST suoque S2'T 9 SMO'T [ne d/TAINVd 'W SISOLT SET OPS8T OLE Osuoquies)\n0 ZOT cOl Sap SEM | Lies 2) ATOSTAA TVAsuoqueT Ha NVafr LS 0960\u20ac0 99\u00e7 996 Sap SEIN | IS 2) al p06 OTE dB [PNUBWUWT/A TSWV T OW valSIOVN SAT 0960\u20acOTECI gs SLETT eps 2) I dB) SUN SIT [aoe SOAK / ACILSVAW I(cw) saneyeudorg (Tu) (Tu) SIN Jp na] oN | UOT99S | oreyooreg | JOIOUOxne sajueJsoi | ajno1 ey ap Sa1[9912d ued ajdu09 ayloruiog QOuURSSIBU 9p 9JEP \"SUIOUII 'SUION souerudoigsored sap | sosiiduio sap sop oseped ny ne oN 9P oN sopSuOT]RAIISQO, AOIRIAANS SATTHOUVA SHC NOLLVNDISHG 2[U1SEpLO d1VU BY & Sarle}9LIdOId sap UOIeUsISC] 24PJ0. oN\"ATOSINA TVA AG NVAL LNIVS 9p sunurwos e| suep jofoid 9] red sogyono} (sayqnawiuut) sarooed sap soireyotidoid sop ost]706 GY EI Anod xnvaviy so] avd so9go\u00ebdun s9i911do.1d sap 949[9YANHAV.d LNOd 706 du\nPrefecture du Gard - 30-2025-06-30-00005 - Arr\u00eat\u00e9 n\u00b0 30-2025-30-06-001 du 30/06/25 portant autorisation de p\u00e9n\u00e9trer dans les\npropri\u00e9t\u00e9s priv\u00e9es pour la r\u00e9alisation de diverses \u00e9tudes dans le cadre du projet d'am\u00e9nagement de la RD 904 23\nPrefecture du Gard - 30-2025-06-30-00005 - Arr\u00eat\u00e9 n\u00b0 30-2025-30-06-001 du 30/06/25 portant autorisation de p\u00e9n\u00e9trer dans les\npropri\u00e9t\u00e9s priv\u00e9es pour la r\u00e9alisation de diverses \u00e9tudes dans le cadre du projet d'am\u00e9nagement de la RD 904 24\nONE Vu pour \u00eatre annex\u00e9 \u00e0 notreGARD arr\u00eat\u00e9 |en date de ce jour,Nimes, le | ......Ma\u00eetrise d'ouvrage \u00e0 rap ate RGD\u00e9partement du Gard Le Pr\u00e9fIng\u00e9nierie J\u00e9r\u00f4mb BONETMa\u00eetrise d'OeuvreDirection de la Mobilit\u00e9 et des RoutesDirection Adjointe \"P\u00f4le Ing\u00e9nierie\"Service Ing\u00e9nierie Nord\nRoute D\u00e9partementale n\u00b0904Am\u00e9nagement de la section compriseentre Pont D'Av\u00e8ne et le Mas des CambonsCommunes de Rousson,Les Mages, St Jean de ValeriscleCanton de Rousson\nPlan de Situation\nINDICES MODIFICATIONS DATES | Dress\u00e9 par le chef du Service Ing\u00e9nierie NordN\u00b01 19/01/22 | AALES, le\nPr\u00e9sent\u00e9 par le Directeur Adjoint du \" P\u00f4le Ing\u00e9nierie'\u00c0 N\u00ceMES, leEtabli par : S.I.NA ALES, le 16/04/2024 Ech :1/25000\nP L \u00c0 N D E S| TU A [| O N COMMUNES DE Rousson, Les Mages, St Jean de Valeriscle\nEchelle - 1/ 25000\n\u00ab ' PA NE ss Aa \\: 7 1 Ve Ton es. iaft aed Pee : de Ailes M\u00fcners 4]LS } avt Ko x \u00e0 -7 d\nPrefecture du Gard - 30-2025-06-30-00005 - Arr\u00eat\u00e9 n\u00b0 30-2025-30-06-001 du 30/06/25 portant autorisation de p\u00e9n\u00e9trer dans les\npropri\u00e9t\u00e9s priv\u00e9es pour la r\u00e9alisation de diverses \u00e9tudes dans le cadre du projet d'am\u00e9nagement de la RD 904 25\nPrefecture du Gard - 30-2025-06-30-00005 - Arr\u00eat\u00e9 n\u00b0 30-2025-30-06-001 du 30/06/25 portant autorisation de p\u00e9n\u00e9trer dans les\npropri\u00e9t\u00e9s priv\u00e9es pour la r\u00e9alisation de diverses \u00e9tudes dans le cadre du projet d'am\u00e9nagement de la RD 904 26\n1 iL 5 ;au-e7a ac-e7h (ao 274 ao 34 an !no 275 ay m2 641 mz ' An 39 5T #36 i\", 21 m2 i aa Du itAT: 17? \u00ff 6 at : D  \u00ab = J 70 m2me d | : . : : . \\ 10 ShSaito 0-176 i : \\ ss m2 & [apiece ny ;: 1 KK _ iB ee AU? .Route D\u00e9partel no 246 \\ ns se Al) 22 .380 m2 At eteAm\u00e9nagement de AAT .entre Pont D'Av\u00e8ne et > x ' q 44 \u00c8 ARC SU 1\u00b0: SE  ?  a  3)  alr  An  817  ies  ;\nCommunes de Rous \u00e9 AG 36 \u00b0 2 adRE. .7 = La N PARCELLAIRECHE 1\nCrewst par le 0\" dy Service mor ent PerrAPLES we\nPreaek bar be Eve ges ao gu Pte germaneSte\nDEPARTEMENT DU GARDER PARCELLES IMPACTEES PAR LE PROJET\nMente\n8no 78512 m2 ab 76 337 M2\n4 AD 23Sp \u00ef\nPrefecture du Gard - 30-2025-06-30-00005 - Arr\u00eat\u00e9 n\u00b0 30-2025-30-06-001 du 30/06/25 portant autorisation de p\u00e9n\u00e9trer dans les\npropri\u00e9t\u00e9s priv\u00e9es pour la r\u00e9alisation de diverses \u00e9tudes dans le cadre du projet d'am\u00e9nagement de la RD 904 27\nPrefecture du Gard - 30-2025-06-30-00005 - Arr\u00eat\u00e9 n\u00b0 30-2025-30-06-001 du 30/06/25 portant autorisation de p\u00e9n\u00e9trer dans les\npropri\u00e9t\u00e9s priv\u00e9es pour la r\u00e9alisation de diverses \u00e9tudes dans le cadre du projet d'am\u00e9nagement de la RD 904 28\n123COMMUNE DE ST J DE\\VALERISCLE : \u00ab:Ai\u00e9\u00e9agernentas \u00c0 COMMUNE DE ROUSSON osentre Pont D'Avene el leCommunes de Ro:Cat\u2014\u2014\n\u20ac)N PARCELLAIREPLANCHE 2\n=UNCES MODE KATIQNS DATESv1 wana | ARE\nTreierda parte Cwectour Advont cue Ingivera\"anWes leFee \u00e9lan | Echete : 11600\n] 8 698DU GARD s'\ni ame ie1317 mz Bde?\nPrefecture du Gard - 30-2025-06-30-00005 - Arr\u00eat\u00e9 n\u00b0 30-2025-30-06-001 du 30/06/25 portant autorisation de p\u00e9n\u00e9trer dans les\npropri\u00e9t\u00e9s priv\u00e9es pour la r\u00e9alisation de diverses \u00e9tudes dans le cadre du projet d'am\u00e9nagement de la RD 904 29\nPrefecture du Gard - 30-2025-06-30-00005 - Arr\u00eat\u00e9 n\u00b0 30-2025-30-06-001 du 30/06/25 portant autorisation de p\u00e9n\u00e9trer dans les\npropri\u00e9t\u00e9s priv\u00e9es pour la r\u00e9alisation de diverses \u00e9tudes dans le cadre du projet d'am\u00e9nagement de la RD 904 30","date":"2025-07-02","first_seen_on":"2025-07-02T16:13:35+00:00","id":"5d96909e0b252eac0db899e0486c3f0842c49df3bd39ea52335164d74415d1c0","name":"recueil-30-2025-117-special du 02 07 2025","pdf_creation_date":"2025-07-02T14:23:56+00:00","pdf_modification_date":null,"timezone":"Europe/Paris","url":"https://www.gard.gouv.fr/contenu/telechargement/64067/473324/file/recueil-30-2025-117-special%20du%2002%2007%202025.pdf"}
