{"administration":"pref75","administration_name":"Pr\u00e9fecture de Paris","content":"PREFECTURE\nDE PARIS\nRECUEIL DES ACTES\nADMINISTRATIFS SP\u00c9CIAL\nN\u00b075-2024-481\nPUBLI\u00c9 LE 31 JUILLET 2024\nSommaire\nPr\u00e9fecture de Police / Cabinet\n75-2024-07-31-00011 - Arr\u00eat\u00e9 n\u00b0 2024-01141 du 31 juillet 2024\nportant\nd\u00e9l\u00e9gation de la signature pr\u00e9fectorale au sein du service des affaires\njuridiques et du contentieux et habilitant certains de ses agents \u00e0\nrepr\u00e9senter le pr\u00e9fet de police devant les juridictions (4 pages) Page 3\n2\nPr\u00e9fecture de Police\n75-2024-07-31-00011\nArr\u00eat\u00e9 n\u00b0 2024-01141 du 31 juillet 2024\nportant d\u00e9l\u00e9gation de la signature pr\u00e9fectorale\nau sein du service des affaires juridiques et du\ncontentieux et habilitant certains de ses agents \u00e0\nrepr\u00e9senter le pr\u00e9fet de police devant les\njuridictions\nPr\u00e9fecture de Police - 75-2024-07-31-00011 - Arr\u00eat\u00e9 n\u00b0 2024-01141 du 31 juillet 2024\nportant d\u00e9l\u00e9gation de la signature pr\u00e9fectorale au sein du service des affaires juridiques et du contentieux et habilitant certains de ses\nagents \u00e0 repr\u00e9senter le pr\u00e9fet de police devant les juridictions3\nLUN'lh )|my Zo\"alllWy) cy alMil &\n \n  \n \n1 \n Cabinet du pr\u00e9fet  \n \n \n \n \n \n Arr\u00eat\u00e9 n\u00b0 2024-01141  \nportant d\u00e9l\u00e9gation de la signature pr\u00e9fectorale  \nau sein du service des affaires juridiques et du co ntentieux et habilitant certains de ses agents \u00e0 \nrepr\u00e9senter le pr\u00e9fet de police devant les juridict ions  \n \n \nLe pr\u00e9fet de police,  \n \nVU  le code g\u00e9n\u00e9ral des collectivit\u00e9s territoriales  ; \n \nVU  le code des relations entre le public et l'adminis tration  ; \n \nVU  le d\u00e9cret n\u00b0 2003-737 du 1 er  ao\u00fbt 2003 portant cr\u00e9ation d'un secr\u00e9tariat g\u00e9n\u00e9ra l pour \nl'administration \u00e0 la pr\u00e9fecture de police ;  \n \nVU  le d\u00e9cret n\u00b0 2004-374 du 29 avril 2004 modifi\u00e9 rel atif aux pouvoirs des pr\u00e9fets, \u00e0 l'organisation et \n\u00e0 l'action des services de l'Etat dans les r\u00e9gions et d\u00e9partements  ; \n \nVU  le d\u00e9cret n\u00b0 2014-296 du 6 mars 2014 relatif aux s ecr\u00e9tariats g\u00e9n\u00e9raux pour l'administration du \nminist\u00e8re de l'int\u00e9rieur et modifiant diverses disp ositions du code de la d\u00e9fense et du code de la \ns\u00e9curit\u00e9 int\u00e9rieure  ; \n \nVU le d\u00e9cret du 20 juillet 2022 par lequel M. Laurent NU\u00d1EZ, pr\u00e9fet, coordonnateur national du \nrenseignement et de la lutte contre le terrorisme, est nomm\u00e9 pr\u00e9fet de police (hors classe) ;  \n \nVU  le d\u00e9cret du 22 d\u00e9cembre 2022 par lequel M. Philip pe LE MOING-SURZUR, administrateur g\u00e9n\u00e9ral, \nest nomm\u00e9 pr\u00e9fet, secr\u00e9taire g\u00e9n\u00e9ral pour l'adminis tration de la pr\u00e9fecture de police  ; \n \nVU  la d\u00e9lib\u00e9ration du conseil de Paris n\u00b0 2020-PP-53 des 23 et 24 juillet 2020 portant renouvellement \nde la d\u00e9l\u00e9gation de pouvoir accord\u00e9e au pr\u00e9fet de p olice par le conseil de Paris dans certaines des \nmati\u00e8res \u00e9num\u00e9r\u00e9es par l'article L. 2122-22 du code  g\u00e9n\u00e9ral des collectivit\u00e9s territoriales  ; \n \nVU  la d\u00e9cision du ministre de l'int\u00e9rieur du 28 mai 2 021 par laquelle M. Damien V\u00c9RISSON, \nadministrateur civil hors classe, a \u00e9t\u00e9 affect\u00e9 en qualit\u00e9 de chef du service des affaires juridiques et \ndu contentieux au secr\u00e9tariat g\u00e9n\u00e9ral pour l'admini stration de la pr\u00e9fecture de police, \u00e0 compter du \n7 juin 2021  ; \n \nVU  l'arr\u00eat\u00e9 pr\u00e9fectoral n\u00b0 2022-00311 du 4 avril 2022  relatif aux missions et \u00e0 l'organisation du servic e \ndes affaires juridiques et du contentieux  ;  \n \nVU  l'arr\u00eat\u00e9 pr\u00e9fectoral n\u00b0 2023-00354 du 28 mars 2023  d\u00e9signant M. Damien V\u00c9RISSON en qualit\u00e9 de \nPersonne responsable de l'acc\u00e8s aux documents admin istratifs et des questions relatives \u00e0 la \nr\u00e9utilisation des informations publiques  ; \n \nSUR  proposition du pr\u00e9fet, secr\u00e9taire g\u00e9n\u00e9ral pour l'a dministration, \n \n \n Pr\u00e9fecture de Police - 75-2024-07-31-00011 - Arr\u00eat\u00e9 n\u00b0 2024-01141 du 31 juillet 2024\nportant d\u00e9l\u00e9gation de la signature pr\u00e9fectorale au sein du service des affaires juridiques et du contentieux et habilitant certains de ses\nagents \u00e0 repr\u00e9senter le pr\u00e9fet de police devant les juridictions4\n \n  \n \n2 \n A R R \u00ca T E  \n \nArticle 1 er  \n \nD\u00e9l\u00e9gation est donn\u00e9e \u00e0 M. Damien V\u00c9RISSON, adminis trateur de l'\u00c9tat, chef du service des affaires \njuridiques et du contentieux, directement plac\u00e9 sou s l'autorit\u00e9 du pr\u00e9fet, secr\u00e9taire g\u00e9n\u00e9ral pour \nl'administration, \u00e0 l'effet de signer, au nom du pr \u00e9fet de police, tous actes, arr\u00eat\u00e9s, d\u00e9cisions, r\u00e9p onses \naux demandes d'acc\u00e8s aux donn\u00e9es et documents admin istratifs, m\u00e9moires et recours entrant dans le \nchamp des missions fix\u00e9es par l'arr\u00eat\u00e9 du 4 avril 2 022 susvis\u00e9. \u00c0 cet effet, il repr\u00e9sente, de fa\u00e7on \npermanente, le pr\u00e9fet de police devant toute juridi ction et peut habiliter tout agent \u00e0 cette m\u00eame fin . \n \nD\u00e9l\u00e9gation est \u00e9galement donn\u00e9e \u00e0 M. V\u00c9RISSON \u00e0 l'e ffet de signer les constatations de service fait \npour les prestations r\u00e9alis\u00e9es par des prestataires  ext\u00e9rieurs, les d\u00e9cisions relatives aux cong\u00e9s ann uels \net de maladie ordinaire, au t\u00e9l\u00e9travail et \u00e0 l'\u00e9val uation des personnels relevant de son autorit\u00e9, ain si \nqu'aux fin de signer tout acte visant \u00e0 indemniser les tiers ou \u00e0 engager leur responsabilit\u00e9.  \n \nArticle 2   \n \nD\u00e9l\u00e9gation est donn\u00e9e \u00e0 M. V\u00c9RISSON \u00e0 l'effet de pr ononcer \u00e0 l'encontre des personnels relevant de \nson autorit\u00e9 les sanctions disciplinaires d'avertis sement et de bl\u00e2me, ainsi que l'ensemble des d\u00e9cisi ons \npr\u00e9alables ou n\u00e9cessaires \u00e0 celles-ci. \nEn cas d'absence ou d'emp\u00eachement de M. V\u00c9RISSON, l es d\u00e9l\u00e9gations qui lui sont consenties \u00e0 l'article \n1er et au 1 er  alin\u00e9a du pr\u00e9sent article sont exerc\u00e9es par M. Gau tier TR\u00c9BUCHET, administrateur de l'\u00c9tat, \nadjoint au chef du service des affaires juridiques et du contentieux.  \n \nD\u00e9l\u00e9gation est \u00e9galement donn\u00e9e \u00e0 M. TR\u00c9BUCHET, aux  fins de signer tout acte relatif \u00e0 l'acc\u00e8s aux \ndocuments administratifs, aux informations publique s et aux donn\u00e9es personnelles. \n \n\u00c0 cet effet, il repr\u00e9sente \u00e9galement, de fa\u00e7on perm anente, le pr\u00e9fet de police devant toute juridictio n \net peut habiliter tout agent \u00e0 cette m\u00eame fin. \n \nArticle 3   \n \nEn cas d'absence ou d'emp\u00eachement de M. V\u00c9RISSON et  de M. TR\u00c9BUCHET, les d\u00e9l\u00e9gations qui leur \nsont  consenties sont exerc\u00e9es, dans la limite des attributions d\u00e9finies au chapitre premier de l'arr\u00ea t\u00e9 \ndu 4 avril 2022 susvis\u00e9  : \n- par M. Jean-Fran\u00e7ois LAVAUD, attach\u00e9 principal d' administration de l'\u00c9tat, chef du bureau du \ncontentieux judiciaire et de l'exc\u00e8s de pouvoir  ; \n- en cas d'absence ou d'emp\u00eachement de M. Jean-Fran \u00e7ois LAVAUD, par Mme Aude VANDIER, \nattach\u00e9e d'administration de l'\u00c9tat, adjointe au ch ef du bureau  ; \n- en cas d'absence ou d'emp\u00eachement de M. Jean-Fran \u00e7ois LAVAUD et de Mme Aude \nVANDIER  : \no par Madame Juliette MATHIS, attach\u00e9e d'administrati on de l'\u00c9tat, consultante juridique,  \no par Madame Giulia ORSO, agent contractuel de cat\u00e9go rie B, en qualit\u00e9 de cheffe de la \nsection du contentieux des \u00e9trangers, dans la limit e de ses attributions.  \n\u00c0 cet effet, ils sont habilit\u00e9s \u00e0 repr\u00e9senter le pr \u00e9fet de police devant les juridictions.  \n \nArticle 4   \n \nEn cas d'absence ou d'emp\u00eachement de M. V\u00c9RISSON et  de M. TR\u00c9BUCHET, les d\u00e9l\u00e9gations qui leur \nsont  consenties sont exerc\u00e9es, dans la limite des attributions d\u00e9finies au chapitre 2 de l'arr\u00eat\u00e9 du 4 avril \n2022 susvis\u00e9  : \n- par Mme Olympe ROUSSEL, agent contractuel de cat\u00e9 gorie A, cheffe du bureau du contentieux \ndes responsabilit\u00e9s, \u00e0 l'exception des actes engage ant une d\u00e9pense sup\u00e9rieure \u00e0 10  000 euros  ; Pr\u00e9fecture de Police - 75-2024-07-31-00011 - Arr\u00eat\u00e9 n\u00b0 2024-01141 du 31 juillet 2024\nportant d\u00e9l\u00e9gation de la signature pr\u00e9fectorale au sein du service des affaires juridiques et du contentieux et habilitant certains de ses\nagents \u00e0 repr\u00e9senter le pr\u00e9fet de police devant les juridictions5\n \n  \n \n3 \n - en cas d'absence ou d'emp\u00eachement de Mme ROUSSEL,  par Mme Chlo\u00e9 DHAMBAHADOUR, \nagent contractuel de cat\u00e9gorie A, adjointe \u00e0 la che ffe du bureau, dans les m\u00eames conditions  ; \n- en cas d'absence ou d'emp\u00eachement de Mme ROUSSEL et de Mme DHAMBAHADOUR, par  M. \nDamien SERRE, secr\u00e9taire administratif de classe no rmale, chef de la section des expulsions \nlocatives, dans la limite de ses attributions et \u00e0 l'exception des d\u00e9cisions et actes engageant les \nd\u00e9penses sup\u00e9rieures \u00e0 5  000 euros.  \n\u00c0 cet effet, ils sont habilit\u00e9s \u00e0 repr\u00e9senter le pr \u00e9fet de police devant les juridictions.  \n \nArticle 5  \n \nEn cas d'absence ou d'emp\u00eachement de M. V\u00c9RISSON et  de M. TR\u00c9BUCHET, les d\u00e9l\u00e9gations qui leur \nsont  consenties sont exerc\u00e9es, dans la limite des attributions d\u00e9finies au chapitre 3 de l'arr\u00eat\u00e9 du 4 avril \n2022 susvis\u00e9, par M. Laurent ECKERT, agent contract uel de cat\u00e9gorie A, chef du bureau du droit des \ndonn\u00e9es et des documents administratifs. \n \nD\u00e9l\u00e9gation est \u00e9galement donn\u00e9e \u00e0 M. ECKERT, en cas  d'absence ou d'emp\u00eachement de M. V\u00c9RISSON \net de M. TR\u00c9BUCHET, aux fins de signer tout acte re latif \u00e0 l'acc\u00e8s aux documents administratifs, aux \ninformations publiques et aux donn\u00e9es personnelles.  \n \n\u00c0 cet effet, il est habilit\u00e9 \u00e0 repr\u00e9senter le pr\u00e9fe t de police devant les juridictions.  \n \nArticle 6  \n \nEn cas d'absence ou d'emp\u00eachement de M. V\u00c9RISSON et  de M. TR\u00c9BUCHET, les d\u00e9l\u00e9gations qui leur \nsont  consenties sont exerc\u00e9es, dans la limite des attributions d\u00e9finies au chapitre 4 de l'arr\u00eat\u00e9 du 4 avril \n2022 susvis\u00e9, par Mme Marie-Dominique GABRIELLI, at tach\u00e9e hors classe d'administration de l'\u00c9tat, \ncheffe du bureau de la protection juridique, de l'a ssurance et de la r\u00e9paration.  \n \nEn cas d'absence ou d'emp\u00eachement de Mme Marie-Domi nique GABRIELLI, la d\u00e9l\u00e9gation ainsi \nconsentie est exerc\u00e9e  : \n\uf0a7 dans le cadre de la mise en \u0153uvre de la protection juridique  : \n- par Mme Laurence THIBAULT, attach\u00e9e hors classe d 'administration de l'\u00c9tat, adjointe \u00e0 la cheffe \ndu bureau de la protection juridique, de l'assuranc e et de la r\u00e9paration, cheffe de la section de la \nprotection juridique ;  \n- En cas d'absence ou d'emp\u00eachement de Mme Laurence  THIBAULT, par  : \no M. Yves RIOU, attach\u00e9 principal d'administration de  l'\u00c9tat, adjoint \u00e0 la cheffe du bureau \nde la protection juridique, de l'assurance et de la  r\u00e9paration, chef de la section de \nl'assurance et de la r\u00e9paration ;  \no Mme Isabelle COLLET, secr\u00e9taire administrative de c lasse exceptionnelle, cheffe du p\u00f4le \nde protection juridique regroupant Paris et les d\u00e9p artements des Hauts-de-Seine et de la \nSeine-Saint-Denis, \u00e0 l'exception des d\u00e9cisions de r efus de protection fonctionnelle ;  \no Mme G\u00fclgiz ERMISER, secr\u00e9taire administrative de cl asse normale, cheffe du p\u00f4le de \nprotection juridique regroupant les d\u00e9partements de  Seine-et-Marne, des Yvelines, de \nl'Essonne, du Val-de-Marne et du Val-d'Oise, \u00e0 l'ex ception des d\u00e9cisions de refus de \nprotection fonctionnelle  ; \n\uf0a7 dans le cadre du traitement des attributions en mat i\u00e8re d'assurance et de r\u00e9paration :  \n- par M. Yves RIOU, attach\u00e9 principal d'administratio n de l'\u00c9tat, adjoint \u00e0 la cheffe du bureau de \nla protection juridique, de l'assurance et de la r\u00e9 paration, chef de la section de l'assurance et de \nla r\u00e9paration ;  \n- en cas d'absence ou d'emp\u00eachement de M. Yves RIOU, par Mme Laurence THIBAULT, attach\u00e9e \nd'administration hors classe de l'\u00c9tat, adjointe \u00e0 la cheffe du bureau de la protection juridique, \nde l'assurance et de la r\u00e9paration, cheffe de la se ction de la protection juridique.  \n Pr\u00e9fecture de Police - 75-2024-07-31-00011 - Arr\u00eat\u00e9 n\u00b0 2024-01141 du 31 juillet 2024\nportant d\u00e9l\u00e9gation de la signature pr\u00e9fectorale au sein du service des affaires juridiques et du contentieux et habilitant certains de ses\nagents \u00e0 repr\u00e9senter le pr\u00e9fet de police devant les juridictions6\n \n  \n \n4 \n Article 7  \n \n En cas d'absence ou d'emp\u00eachement de M. V\u00c9RISSON e t de M. TR\u00c9BUCHET, les d\u00e9l\u00e9gations qui leur \nsont  consenties sont exerc\u00e9es dans la limite des a ttributions d\u00e9finies au chapitre 5 de l'arr\u00eat\u00e9 du 4  avril \n2022 susvis\u00e9, par Mme Astrid PROMENEUR, secr\u00e9taire administrative des administrations parisiennes, \u00e0 \nl'exception des d\u00e9cisions et actes engageant les d\u00e9 penses sup\u00e9rieures \u00e0 1  000 euros . \n \nArticle 8  \n \nD\u00e9l\u00e9gation est donn\u00e9e \u00e0 l'effet de signer dans l'ap plication informatique financi\u00e8re de l'\u00c9tat aux fin s de \ncertification du service fait et de validation de d emande d'achat, dans la limite de leurs attribution s \nrespectives, aux agents plac\u00e9s sous l'autorit\u00e9 du c hef du bureau des ressources, du pilotage et de la \nmodernisation, dont les noms suivent  : \n- Mme Jeanne PERRIN, adjointe administrative principa le de premi\u00e8re classe des administrations \nparisiennes ; \n- M. Olivier ARAGO, adjoint administratif principal d e deuxi\u00e8me classe des administrations \nparisiennes.  \n \nArticle 9  \n \nLa pr\u00e9f\u00e8te, directrice de cabinet, et le pr\u00e9fet, se cr\u00e9taire g\u00e9n\u00e9ral pour l'administration, sont charg\u00e9 s, \nchacun en ce qui le concerne, de l'ex\u00e9cution du pr\u00e9 sent arr\u00eat\u00e9 qui sera publi\u00e9 aux recueils des actes \nadministratifs des pr\u00e9fectures des d\u00e9partements de la zone de d\u00e9fense et de s\u00e9curit\u00e9 de Paris.  \n \n \nFait \u00e0 Paris, le 31 juillet 2024  \nSIGN\u00c9  : \nLe pr\u00e9fet de police, \nLaurent NU\u00d1EZ  Pr\u00e9fecture de Police - 75-2024-07-31-00011 - Arr\u00eat\u00e9 n\u00b0 2024-01141 du 31 juillet 2024\nportant d\u00e9l\u00e9gation de la signature pr\u00e9fectorale au sein du service des affaires juridiques et du contentieux et habilitant certains de ses\nagents \u00e0 repr\u00e9senter le pr\u00e9fet de police devant les juridictions7","date":"2024-07-31","first_seen_on":"2024-07-31T16:49:23+00:00","id":"5dd4c711aaab2a3ae98340746ea724c4faf9fcbb8c7f42a08222182e8255b201","name":"recueilDS-75-2024-481-recueil-des-actes-administratifs-special du 31.07.2024","pdf_creation_date":"2024-07-31T14:36:43+00:00","pdf_modification_date":null,"timezone":"Europe/Paris","url":"https://www.prefectures-regions.gouv.fr/ile-de-france/irecontenu/telechargement/118960/884824/file/recueilDS-75-2024-481-recueil-des-actes-administratifs-special%20du%2031.07.2024%20.pdf"}
