{"administration":"pref58","administration_name":"Pr\u00e9fecture de la Ni\u00e8vre","content":"NI\u00c8VRE\nRECUEIL DES ACTES\nADMINISTRATIFS SP\u00c9CIAL\nN\u00b058-2024-226\nPUBLI\u00c9 LE 20 SEPTEMBRE 2024\nSommaire\nPREFECTURE DE LA NIEVRE / DIPIM-PCI\n58-2024-09-20-00003 - Arr\u00eat\u00e9 portant d\u00e9l\u00e9gation de signature pour\nl'immobilisation et la mise en fourri\u00e8re d'un v\u00e9hicule (2 pages) Page 3\n2\nPREFECTURE DE LA NIEVRE\n58-2024-09-20-00003\nArr\u00eat\u00e9 portant d\u00e9l\u00e9gation de signature pour\nl'immobilisation et la mise en fourri\u00e8re d'un\nv\u00e9hicule\n{signataire}\nPREFECTURE DE LA NIEVRE - 58-2024-09-20-00003 - Arr\u00eat\u00e9 portant d\u00e9l\u00e9gation de signature pour l'immobilisation et la mise en\nfourri\u00e8re d'un v\u00e9hicule 3\n| - | Direction du pilotage interminist\u00e9rielPR\u00c9FET .DE LA NI\u00c8VRELibert\u00e9\u00c9galit\u00e9Fraternit\u00e9P\u00f4le de coordination interminist\u00e9rielleAffaire suivie par Martine TORRESm\u00e9l :pref-gestion-publique@nievre.gouv.frImmobil-Admi MG 3\nARRETEportant d\u00e9l\u00e9gation de signature pour I'immobilisationet la mise en fourri\u00e9re d'un v\u00e9hicule\nLe Pr\u00e9fet de la Ni\u00e8vreChevalier de l'Ordre National du M\u00e9riteVU le Code de la route, notamment son article L325-1-2 ;VU la loi n\u00b0 2011-267 du 14 mars 2011 et notamment son article 84 qui attribue au pr\u00e9fet un pouvoird'immobilisation et de mise en fourri\u00e8re des v\u00e9hicules au titre des pouvoirs de police administrative quilui sont conf\u00e9r\u00e9s ;VU le d\u00e9cret n\u00b0 2004-374 du 29 avril 2004 modifi\u00e9, relatif aux pouvoirs des pr\u00e9fets, \u00e0 l'organisation et \u00e0l'action des services de l'\u00c9tat dans les r\u00e9gions et d\u00e9partements, notamment son article 45 ;VU le d\u00e9cret du 2 janvier 2023 portant nomination de Mme Cyrielle FRANCHI en qualit\u00e9 desous-pr\u00e9f\u00e8te de Clamecy ;VU le d\u00e9cret du 14 avril 2023 portant nomination de Mme Magalie MALERBA en qualit\u00e9 de sous-pr\u00e9f\u00e8tede Cosne-Cours-Sur-Loire ;VU le d\u00e9cret du 27 avril 2023 portant nomination de M. Ludovic PIERRAT en qualit\u00e9 de secr\u00e9taireg\u00e9n\u00e9ral de la pr\u00e9fecture de la Ni\u00e8vre;VU le d\u00e9cret du 13 juillet 2023 portant nomination de M. Micha\u00ebl GALY en qualit\u00e9 de pr\u00e9fet de laNi\u00e8vre;VU le d\u00e9cret du 7 ao\u00fbt 2024 portant nomination de Mme \u00c9milie ACQUISTAPACE en qualit\u00e9 de sous-pr\u00e9f\u00e8te de Ch\u00e2teau-Chinon ;VU l'arr\u00eat\u00e9 minist\u00e9riel du 10 ao\u00fbt 2021 portant d\u00e9tachement et nomination dans un emploi fonctionnelde M. Yoann SATURNIN de BALLANGEN (CAIOM) en qualit\u00e9 de directeur des services de cabinet \u00e0 lapr\u00e9fecture de la Ni\u00e8vre ;SUR proposition de M. le Secr\u00e9taire g\u00e9n\u00e9ral de la Pr\u00e9fecture de la Ni\u00e8vre;\nPr\u00e9fecture de la Ni\u00e8vreT\u00e9l. 03 86 60 70 80Courriel : courriervnievre.pret.gouv.fr\nPREFECTURE DE LA NIEVRE - 58-2024-09-20-00003 - Arr\u00eat\u00e9 portant d\u00e9l\u00e9gation de signature pour l'immobilisation et la mise en\nfourri\u00e8re d'un v\u00e9hicule 4\nARRETEArticle 1 :D\u00e9l\u00e9gation de signature est conf\u00e9r\u00e9e \u00e0 M. Ludovic PIERRAT, secr\u00e9taire g\u00e9n\u00e9ral de la Pr\u00e9fecture de laNi\u00e8vre, \u00e0 l'effet de signer tous actes, d\u00e9cisions et arr\u00eat\u00e9s relatifs \u00e0 l'immobilisation et \u00e0 la mise enfourri\u00e8re d'un v\u00e9hicule dans les conditions pr\u00e9vues par l'article L325-1-2 du code de la route.Article 2 :En cas d'absence ou d''emp\u00e9chement de M. Ludovic PIERRAT, secr\u00e9taire g\u00e9n\u00e9ral de la Pr\u00e9fecture dela Ni\u00e8vre, cette d\u00e9l\u00e9gation de signature sera exerc\u00e9e par M. Yoann SATURNIN de BALLANGEN,directeur des services du cabinet.En cas d'absence ou d'emp\u00eachement simultan\u00e9 de M. Ludovic PIERRAT, secr\u00e9taire g\u00e9n\u00e9ral de laPr\u00e9fecture de la Ni\u00e8vre et de M. Yoann SATURNIN de BALLANGEN, directeur des services ducabinet, cette d\u00e9l\u00e9gation de signature sera exerc\u00e9e par Mme Magalie MALERBA, sous-pr\u00e9f\u00e8te deCosne-Cours-Sur-Loire.En cas d'absence ou d'emp\u00eachement simultan\u00e9 de M. Ludovic PIERRAT, secr\u00e9taire g\u00e9n\u00e9ral de laPr\u00e9fecture de la Ni\u00e8vre, de M. Yoann SATURNIN de BALLANGEN, directeur des services du Cabinetet de Mme Magalie MALERBA, sous-pr\u00e9f\u00e8te de Cosne-Cours-Sur-Loire, cette d\u00e9l\u00e9gation de signaturesera exerc\u00e9e par Mme Cyrielle FRANCHI, sous-pr\u00e9f\u00e8te de Clamecy.En cas d'absence ou d'emp\u00eachement simultan\u00e9 de M. Ludovic PIERRAT, secr\u00e9taire g\u00e9n\u00e9ral de laPr\u00e9fecture de la Ni\u00e8vre, de M. Yoann SATURNIN de BALLANGEN, directeur des services du cabinet,de Mme Magalie MALERBA, sous-pr\u00e9f\u00e8te de Cosne-Cours-Sur-Loire, de Mme Cyrielle FRANCHI,sous-pr\u00e9f\u00e8te de \u2014 Clamecy, cette d\u00e9l\u00e9gation de signature sera exerc\u00e9e par Mme \u00c9milieACQUISTAPACE, sous-pr\u00e9f\u00e8te de Ch\u00e2teau-Chinon.Article 3 :Lors des permanences, cette d\u00e9l\u00e9gation de signature sera exerc\u00e9e par le fonctionnaire qui en assurele service.Article4 :Cet arr\u00eat\u00e9 prend effet \u00e0 compter de sa publication au recueil des actes administratifs de lapr\u00e9fecture de la Ni\u00e8vre et abroge toute d\u00e9l\u00e9gation de signature ant\u00e9rieure et toutes dispositions quilui sont contraires.Article 5 :Le pr\u00e9sent arr\u00eat\u00e9 peut faire l'objet d'un recours contentieux devant le tribunal administratif deDijon dans un d\u00e9lai de deux mois \u00e0 compter de sa publication. Ce recours peut \u00eatre d\u00e9pos\u00e9 vial'application \u00ab t\u00e9l\u00e9recours citoyens \u00bb, accessible par le site internet : www.telerecours.fr,Article 6 :M. le secr\u00e9taire g\u00e9n\u00e9ral de la Pr\u00e9fecture de la Ni\u00e8vre, Mme la sous-pr\u00e9f\u00e9te de Cosne-Cours-Sur-Loire,Mme la sous-pr\u00e9f\u00e8te de Clamecy, Mme la sous-pr\u00e9f\u00e8te de Ch\u00e2teau-Chinon, ainsi que M. le directeurdes services du cabinet sont charg\u00e9s, chacun en ce qui le concerne, de l'ex\u00e9cution du pr\u00e9sent arr\u00eat\u00e9qui sera publi\u00e9 au recueil des actes administratifs de la Pr\u00e9fecture de la Ni\u00e8vre.Fait\u00e0 Nevers, le 2 0 SEP. 2024Pr\u00e9fet\n= \u20141;,_\u2014.7\u2014-\u2014\u2014_\u2014_\u2014\u2014Micha\u00e9l GALY\nPREFECTURE DE LA NIEVRE - 58-2024-09-20-00003 - Arr\u00eat\u00e9 portant d\u00e9l\u00e9gation de signature pour l'immobilisation et la mise en\nfourri\u00e8re d'un v\u00e9hicule 5","date":"2024-09-20","first_seen_on":"2025-09-23T22:16:22+00:00","id":"5e140c527d725d0a33e59994cbb8f5dad2f5da04b553dfa19baeccad2beb41e0","name":"recueil-58-2024-226-special du 20 septembre 2024","pdf_creation_date":"2024-09-20T11:03:42+00:00","pdf_modification_date":null,"timezone":"Europe/Paris","url":"https://www.nievre.gouv.fr/contenu/telechargement/19369/161544/file/recueil-58-2024-226-special%20du%2020%20septembre%202024.pdf"}
