{"administration":"pref92","administration_name":"Pr\u00e9fecture des Hauts-de-Seine","content":"EPR\u00c9FETDES HAUTS-DE-SEINELibert\u00e9Egalit\u00e9Fraternit\u00e9\n2 AR D D SR 2 DR DE HER FE 2 OMR LL UE M Se\nmeat ee D SR EE 2 D EE ER D SR EE wm DR EE BUCO = Be pe\nSR Pa Pe Me\n1\nRECUEIL\nDES\nACTES ADMINISTRATIFS\nDIRECTION R\u00c9GIONALE ET\nINTERD\u00c9PARTEMENTALE DE L'\u00c9CONOMIE,\nDE L'EMPLOI, DU TRAVAIL ET DES\nSOLIDARIT\u00c9S\nUnit\u00e9 d\u00e9partementale des Hauts-de-Seine\nN\u00b0 Sp\u00e9cial 04 mars 2026\nLADR DR D D DEEE DRD 2 LILI IRR M  M MIRE\nee  En 0  8  eR  ees,\nan = LA . \u2014 ee ee ee  = = naan=\nmM Mn DURE  AIME\nv4we  ee  eee\n= 7 a . a\n\u2014  \u00ab\nreese a mA MIROIR MM\nnn  mn mA mm  mm  mm  mm\n= mime ae mn\" MIROIR MM\nnn  mn mA MIROIR MM\nnn  mn mA MIROIR MM\n= mime ae mn\" MIROIR MM\n= mime ae mn\" MIROIR MM\n= 7 r\n= 7 r\n7  r\n= 7 r\n= 7 r\n= 7 r\n7  r\n2\nPR\u00c9FET DES HAUTS-DE-SEINE\nRECUEIL DES ACTES ADMINISTRATIFS\nN\u00b0 Sp\u00e9cial DRIEETS-UD92 du 04 mars 2026\nSOMMAIRE\nR\u00e9c\u00e9piss\u00e9s,\narr\u00eat\u00e9s Dates\nDIRECTION R\u00c9GIONALE ET\nINTERD\u00c9PARTEMENTALE DE L'\u00c9CONOMIE,\nDE L'EMPLOI, DU TRAVAIL ET DES\nSOLIDARIT\u00c9S\nPages\nDRIEETS-UD92\nn\u00b02026-044 02.02.2026\nR\u00e9c\u00e9piss\u00e9 de d\u00e9claration d'activit\u00e9s de services\n\u00e0 la personne enregistr\u00e9e sous le n\u00b0\nSAP932328909 au nom de la micro-entreprise\nLOBELA Ange sise 2 Rue de Metz \u00e0\nCOLOMBES (92700)\n10\nDRIEETS-UD92\nn\u00b02026-045 02.02.2026\nR\u00e9c\u00e9piss\u00e9 de d\u00e9claration d'activit\u00e9s de services\n\u00e0 la personne enregistr\u00e9e sous le n\u00b0\nSAP100201474 au nom de la micro-entreprise\nZEPPIERI FREDERIC sise 4 all\u00e9e George Sand\n\u00e0 NANTERRE (92000)\n12\nDRIEETS-UD92\nn\u00b02026-046 02.02.2026\nR\u00e9c\u00e9piss\u00e9 de d\u00e9claration d'activit\u00e9s de services\n\u00e0 la personne enregistr\u00e9e sous le n\u00b0\nSAP993915727 au nom de la micro-entreprise\nLE LOUER KEVIN PATRICE PHILIPPE sise 21\nAvenue de la Redoute \u00e0 ASNIERES-SUR-SEINE\n(92600)\n14\nDRIEETS-UD92\nn\u00b02026-047 02.02.2026\nR\u00e9c\u00e9piss\u00e9 de d\u00e9claration d'activit\u00e9s de services\n\u00e0 la personne enregistr\u00e9e sous le n\u00b0\nSAP944802305 au nom de la micro-entreprise\nSILVIA ARISTOTE sise 288 avenue d'Argenteuil\n\u00e0 ASNIERES-SUR-SEINE (92600)\n16\nDRIEETS-UD92\nn\u00b02026-048 02.02.2026\nR\u00e9c\u00e9piss\u00e9 de d\u00e9claration d'activit\u00e9s de services\n\u00e0 la personne enregistr\u00e9e sous le n\u00b0\nSAP100276351 au nom de la micro-entreprise\nROCHER Justine sise 94 Boulevard Bineau \u00e0\nNEUILLY SUR SEINE (92200)\n18\nDRIEETS-UD92\nn\u00b02026-049 02.02.2026\nR\u00e9c\u00e9piss\u00e9 de d\u00e9claration d'activit\u00e9s de services\n\u00e0 la personne enregistr\u00e9e sous le n\u00b0\nSAP927558965 au nom de la micro-entreprise\nMADEL\u00c9NAT Julien sise 37 Rue de la Tourelle \u00e0\nBOULOGNE-BILLANCOURT\n20\nDRIEETS-UD92\nn\u00b02026-050 02.02.2026\nR\u00e9c\u00e9piss\u00e9 de d\u00e9claration d'activit\u00e9s de services\n\u00e0 la personne enregistr\u00e9e sous le n\u00b0\nSAP993975473 au nom de la micro-entreprise\nDEHAIS COMMANCHE sise 28 Boulevard de\nStalingrad \u00e0 MALAKOFF (92240)\n22\nreese a mA mm  ARR nn  RA  ma\n= 7 , . , . 17 . a \"1 ane  . .\nCe ee ON ell ele eel ae oe nan ARR RAR ARR nn\nCe ee ON ell ele eel ae oe  a nas eo . ' 1 a 1 ~~ \"rar mmCS . an LR IR eS\nMIS  Im  a nas \u2014 . ' . nu . ~ \"rar mmCS ' on LIN IR PR ER\nMIS  Im  A aas DS . ' ' ote ' Las \"rar mmCS . an LR IR eS\n= 7 , . , . 17 . a \"1 ane  . .\nCe ee ON ell ele eel ae oe nan ARR RAR ARR = a\n= 7 , . , 1 17 ' on CE] ane ' .\nMIS  ed nan ARR RAR ARR nan\n2 Zznr  AA  MIA SR  sn APR  nn RRAMIS  Im nan ARR MMM  mm\n= 7 , . , 1 17 ' o oe a CE] dm nur\nMIS  Im mm  ARR nn  RA  am\na aas oe CE] , oe oe oe 1 ' 'MIS  ed an  ARR RAR RA  am\n= 7 , . , . 17 . \" ad ao \"1 an nur\nnn  mn mA MIROIR MM\n3\nDRIEETS-UD92\nn\u00b02026-051 02.02.2026\nR\u00e9c\u00e9piss\u00e9 de d\u00e9claration d'activit\u00e9s de services\n\u00e0 la personne enregistr\u00e9e sous le n\u00b0\nSAP991476136 au nom de la micro-entreprise\nHADDADI Ghenima sise 2 all\u00e9e Claire Bret\u00e9cher\n\u00e0 COLOMBES (92700)\n24\nDRIEETS-UD92\nn\u00b02026-052 02.02.2026\nR\u00e9c\u00e9piss\u00e9 de d\u00e9claration d'activit\u00e9s de services\n\u00e0 la personne enregistr\u00e9e sous le n\u00b0\nSAP100403526 au nom de la micro-entreprise\nBRICHE JEREMY sise 17 Rue Carnot \u00e0\nCOURBEVOIE (92400)\n26\nDRIEETS-UD92\nn\u00b02026-053 02.02.2026 Arr\u00eat\u00e9 Reconnaissant la qualit\u00e9 de Soci\u00e9t\u00e9\nCoop\u00e9rative Ouvri\u00e8re de Production (SCOP) 28\nDRIEETS-UD92\nn\u00b02026-054 02.02.2026 Arr\u00eat\u00e9 Reconnaissant la qualit\u00e9 de Soci\u00e9t\u00e9\nCoop\u00e9rative Ouvri\u00e8re de Production (SCOP) 30\nDRIEETS-UD92\nn\u00b02026-055 02.02.2026 Arr\u00eat\u00e9 Reconnaissant la qualit\u00e9 de Soci\u00e9t\u00e9\nCoop\u00e9rative Ouvri\u00e8re de Production (SCOP) 32\nDRIEETS-UD92\nn\u00b02026-056 02.02.2026\nR\u00e9c\u00e9piss\u00e9 de d\u00e9claration d'activit\u00e9s de services\n\u00e0 la personne enregistr\u00e9e sous le n\u00b0\nSAP989404645 au nom de la micro-entreprise\nLEAL Ma\u00ebline sise 21 Rue Victor Hugo \u00e0\nCOLOMBES (92700)\n34\nDRIEETS-UD92\nn\u00b02026-057 02.02.2026\nR\u00e9c\u00e9piss\u00e9 de d\u00e9claration d'activit\u00e9s de services\n\u00e0 la personne enregistr\u00e9e sous le n\u00b0\nSAP994953388 au nom de la micro-entreprise\nBOUDJEMA KOUSSAILA sise 3 all\u00e9e Fernand\nL\u00e9ger \u00e0 NANTERRE (92000)\n36\nDRIEETS-UD92\nn\u00b02026-058 02.02.2026\nD\u00c9CISION D'AGR\u00c9MENT ENTREPRISE\nSOLIDAIRE D'UTILITE SOCIALE (ESUS)\nN\u00b02026-058 DU 02 F\u00e9vrier 2026 SAS SOSEN\n38\nDRIEETS-UD92\nn\u00b02026-059 02.02.2026\nR\u00e9c\u00e9piss\u00e9 de d\u00e9claration modificative d'activit\u00e9s\nde services \u00e0 la personne enregistr\u00e9e sous le\nn\u00b0SAP978869147 au nom de la micro-entreprise\nOUARAB Mohand sise 35 Rue des Cailloux \u00e0\nClichy (92110)\n40\nDRIEETS-UD92\nn\u00b02026-060 02.02.2026\nArr\u00eat\u00e9 modifiant l'agr\u00e9ment SAP \u202f929283174 de la\nSAS HANDIHEROS sise 48 Rue de l'Alma \u00e0\nCourbevoie (92400)\n43\nDRIEETS-UD92\nn\u00b02026-061 02.02.2026\nR\u00e9c\u00e9piss\u00e9 de d\u00e9claration modificative d'activit\u00e9s\nde services \u00e0 la personne enregistr\u00e9e sous le n\u00b0\nSAP929283174 au nom de la SAS\nHANDIHEROS sise 48 Rue de l'Alma \u00e0\nCourbevoie (92400)\n46\n= mime ae mn\" MIROIR MM\nnn  mn mA MIROIR MM\nnn  mn mA nr  ARR RRA\nreese a mA\nnn  mn mA\nnn  mn mA\n= mime ae mn\"\nnn  mn mA\nnn  mn mA\nNS  ES\nNS  ES\nNS  ES\nNS  ES\nNS  ES\nNS  ES\n4\nDRIEETS-UD92\nn\u00b02026-062 02.02.2026\nR\u00e9c\u00e9piss\u00e9 de d\u00e9claration d'activit\u00e9s de services\n\u00e0 la personne enregistr\u00e9e sous le n\u00b0\nSAP994676997 au nom de l'Association\nFACILIVIE sise 3 R\u00e9sidence la Lut\u00e8ce 178\nR\u00e9sidence la Lut\u00e8ce \u00e0 RUEIL-MALMAISON\n(92500)\n50\nDRIEETS-UD92\nn\u00b02026-063 02.02.2026\nR\u00e9c\u00e9piss\u00e9 de d\u00e9claration d'activit\u00e9s de services\n\u00e0 la personne enregistr\u00e9e sous le n\u00b0\nSAP994121663 au nom de la micro-entreprise\nARDITTI Cyrille sise 74 Bis Rue de l'Aigle \u00e0 LA\nGARENNE-COLOMBES (92250)\n53\nDRIEETS-UD92\nn\u00b02026-064 03.02.2026\nR\u00e9c\u00e9piss\u00e9 de d\u00e9claration d'activit\u00e9s de services\n\u00e0 la personne enregistr\u00e9e sous le n\u00b0\nSAP100000439 au nom de la micro-entreprise\nSAADI Malik sise 101 Boulevard de la\nR\u00e9publique \u00e0 SAINT-CLOUD (92210)\n55\nDRIEETS-UD92\nn\u00b02026-065 04.02.2026\nR\u00e9c\u00e9piss\u00e9 de d\u00e9claration d'activit\u00e9s de services\n\u00e0 la personne enregistr\u00e9e sous le n\u00b0\nSAP999103351 au nom de la SASU SERENITY\nSERVICES sise 7 Rue Gustave Caillebotte \u00e0\nASNIERES-SUR-SEINE (92600)\n57\nDRIEETS-UD92\nn\u00b02026-066 04.02.2026\nR\u00e9c\u00e9piss\u00e9 de d\u00e9claration d'activit\u00e9s de services\n\u00e0 la personne enregistr\u00e9e sous le n\u00b0\nSAP977742196 au nom de la micro-entreprise\nBRAHMI FAYCAL sise 1 Bis Rue Volta \u00e0\nPUTEAUX (92800)\n60\nDRIEETS-UD92\nn\u00b02026-067 04.02.2026\nR\u00e9c\u00e9piss\u00e9 de d\u00e9claration d'activit\u00e9s de services\n\u00e0 la personne enregistr\u00e9e sous le n\u00b0\nSAP100417120 au nom de la micro-entreprise\nBUZE CESARINE sise 47 rue \u00c9douard Vaillant \u00e0\nLEVALLOIS-PERRET (92300)\n62\nDRIEETS-UD92\nn\u00b02026-068 04.02.2026\nR\u00e9c\u00e9piss\u00e9 de d\u00e9claration d'activit\u00e9s de services\n\u00e0 la personne enregistr\u00e9e sous le n\u00b0\nSAP999686785 au nom de la micro-entreprise\nSarah MAMCHAOUI sise 8 Avenue de Verdun \u00e0\nFONTENAY-AUX-ROSES (92260)\n64\nDRIEETS-UD92\nn\u00b02026-069 04.02.2026\nR\u00e9c\u00e9piss\u00e9 de d\u00e9claration d'activit\u00e9s de services\n\u00e0 la personne enregistr\u00e9e sous le n\u00b0\nSAP910043215 au nom de la micro-entreprise\nMUYUMBA DIANE sise 1 Square de l'Abb\u00e9\nMaillet \u00e0 MEUDON (92360)\n66\nDRIEETS-UD92\nn\u00b02026-070 04.02.2026\nR\u00e9c\u00e9piss\u00e9 de d\u00e9claration d'activit\u00e9s de services\n\u00e0 la personne enregistr\u00e9e sous le n\u00b0\nSAP999894355 au nom de la micro-entreprise\nMALINSKY ARNAUD MAX MICHEL sise 2 Rue\nGalli\u00e9ni \u00e0 BOIS-COLOMBES (92270)\n68\nreese a mA ES\nnn  mn mA MMM  MMM\nnn  mn mA MMM  MMM\nnn  mn mA ES\nnn  mn mA MMM  MMM\nnn  mn mA MMM  MMM\nnn  mn mA ES\nnn  mn mA AM OMR PR oe\nnn  mn mA ES\n5\nDRIEETS-UD92\nn\u00b02026-072 09.02.2026\nR\u00e9c\u00e9piss\u00e9 de d\u00e9claration d'activit\u00e9s de services\n\u00e0 la personne enregistr\u00e9e sous le n\u00b0\nSAP943945097 au nom de la micro-entreprise\nDIALLO FAYETTE sise 7 Rue Paul Demange \u00e0\nMEUDON (92360)\n70\nDRIEETS-UD92\nn\u00b02026-073 09.02.2026\nR\u00e9c\u00e9piss\u00e9 de d\u00e9claration d'activit\u00e9s de services\n\u00e0 la personne enregistr\u00e9e sous le n\u00b0\nSAP941219859 au nom de la micro-entreprise\nCORDEMY Ma\u00eblys sise 7 Rue De Verdun \u00e0\nCLAMART (92140)\n72\nDRIEETS-UD92\nn\u00b02026-074 09.02.2026\nR\u00e9c\u00e9piss\u00e9 de d\u00e9claration d'activit\u00e9s de services\n\u00e0 la personne enregistr\u00e9e sous le n\u00b0\nSAP911399137 au nom de l'Association\nKOBITRA sise 31 Rue de la Tour \u00e0 MALAKOFF\n(92240)\n74\nDRIEETS-UD92\nn\u00b02026-075 09.02.2026\nR\u00e9c\u00e9piss\u00e9 de d\u00e9claration d'activit\u00e9s de services\n\u00e0 la personne enregistr\u00e9e sous le n\u00b0\nSAP993032150 au nom de la SARL HORTAL\nsise 31 Bis Boulevard De la Paix \u00e0\nCOURBEVOIE (92400)\n76\nDRIEETS-UD92\nn\u00b02026-076 09.02.2026\nR\u00e9c\u00e9piss\u00e9 de d\u00e9claration d'activit\u00e9s de services\n\u00e0 la personne enregistr\u00e9e sous le n\u00b0\nSAP999922487 au nom de la micro-entreprise\nKONE ROKIATOU sise 32 Avenue Jeanne et\nMaurice Dolivet \u00e0 FONTENAY-AUX-ROSES\n(92260)\n79\nDRIEETS-UD92\nn\u00b02026-077 09.02.2026\nR\u00e9c\u00e9piss\u00e9 de d\u00e9claration d'activit\u00e9s de services\n\u00e0 la personne enregistr\u00e9e sous le n\u00b0\nSAP100319896 au nom de la micro-entreprise\nBELKHIRI FAIROUZ sise 139 Rue Maurice\nArnoux \u00e0 MONTROUGE (92120)\n82\nDRIEETS-UD92\nn\u00b02026-078 09.02.2026\nR\u00e9c\u00e9piss\u00e9 de d\u00e9claration d'activit\u00e9s de services\n\u00e0 la personne enregistr\u00e9e sous le n\u00b0\nSAP999957384 au nom de la micro-entreprise\nDUM\u00c9ZIL Arthur sise 114 Avenue d'Argenteuil \u00e0\nASNIERES-SUR-SEINE (92600)\n84\nDRIEETS-UD92\nn\u00b02026-079 10.02.2026\nR\u00e9c\u00e9piss\u00e9 de d\u00e9claration d'activit\u00e9s de services\n\u00e0 la personne enregistr\u00e9e sous le n\u00b0\nSAP999349269 au nom de la micro-entreprise\nRENAUD Chiara sise 177 Avenue du G\u00e9n\u00e9ral\nLeclerc \u00e0 BOURG-LA-REINE (92340)\n86\nDRIEETS-UD92\nn\u00b02026-080 10.02.2026\nR\u00e9c\u00e9piss\u00e9 de d\u00e9claration d'activit\u00e9s de services\n\u00e0 la personne enregistr\u00e9e sous le n\u00b0\nSAP100695972 au nom de la micro-entreprise\nKROMWEL Josephine sise 2175 avenue roger\nsalengro \u00e0 CHAVILLE (92310)\n88\nreese a mA ES\nnn  mn mA ES\n= mime ae mn\" A A MI  RARE\nnn  mn mA A A MI  RARE\nnn  mn mA\nnn  mn mA A A MI  RARE\nnn  mn mA ES\nnn  mn mA RE  Le Le\nnn  mn mA RE  Le Le\n6\nDRIEETS-UD92\nn\u00b02026-081 10.02.2026\nR\u00e9c\u00e9piss\u00e9 de d\u00e9claration d'activit\u00e9s de services\n\u00e0 la personne enregistr\u00e9e sous le n\u00b0\nSAP100576040 au nom de la micro-entreprise\nBOUKEF YASMINE sise 8 Square de l'Avre \u00e0\nBOULOGNE-BILLANCOURT (92100)\n90\nDRIEETS-UD92\nn\u00b02026-082 10.02.2026\nR\u00e9c\u00e9piss\u00e9 de d\u00e9claration d'activit\u00e9s de services\n\u00e0 la personne enregistr\u00e9e sous le n\u00b0\nSAP100609676 au nom de la micro-entreprise\nAKROUT SAOUSSEN sise 4 Rue Paul Gauguin\n\u00e0 CHATENAY-MALABRY (92290)\n92\nDRIEETS-UD92\nn\u00b02026-083 11.02.2026\nR\u00e9c\u00e9piss\u00e9 de d\u00e9claration d'activit\u00e9s de services\n\u00e0 la personne enregistr\u00e9e sous le n\u00b0\nSAP491505335 au nom de la micro-entreprise\nGeorges DEMORY sise 22 SENTIER des\nChataigniers \u00e0 GARCHES (92380)\n95\nDRIEETS-UD92\nn\u00b02026-084 11.02.2026\nR\u00e9c\u00e9piss\u00e9 de d\u00e9claration d'activit\u00e9s de services\n\u00e0 la personne enregistr\u00e9e sous le n\u00b0\nSAP899331631 au nom de la micro-entreprise\nKUETCHE XAVIERA sise 6 Place Chabanne \u00e0\nISSY-LES-MOULINEAUX (92130)\n97\nDRIEETS-UD92\nn\u00b02026-085 11.02.2026\nR\u00e9c\u00e9piss\u00e9 de d\u00e9claration d'activit\u00e9s de services\n\u00e0 la personne enregistr\u00e9e sous le n\u00b0\nSAP100733799 au nom de la micro-entreprise\nTERPEND MARIE sise 69 Rue du Pr\u00e9sident\nKennedy \u00e0 COLOMBES (92700)\n99\nDRIEETS-UD92\nn\u00b02026-086 11.02.2026\nR\u00e9c\u00e9piss\u00e9 de d\u00e9claration d'activit\u00e9s de services\n\u00e0 la personne enregistr\u00e9e sous le n\u00b0\nSAP100393180 au nom de la SASU SAP\nFRANCE sise 224 Avenue Georges Clemenceau\n\u00e0 NANTERRE (92000)\n101\nDRIEETS-UD92\nn\u00b02026-087 16.02.2026\nR\u00e9c\u00e9piss\u00e9 de d\u00e9claration d'activit\u00e9s de services\n\u00e0 la personne enregistr\u00e9e sous le n\u00b0\nSAP101002095 au nom de la micro-entreprise\nALBEI MARGARETA sise 111 Boulevard Charles\nde Gaulle \u00e0 COLOMBES (92700)\n104\nDRIEETS-UD92\nn\u00b02026-088 16.02.2026\nR\u00e9c\u00e9piss\u00e9 de d\u00e9claration d'activit\u00e9s de services\n\u00e0 la personne enregistr\u00e9e sous le n\u00b0\nSAP100832187 au nom de la micro-entreprise\nACCIPE ADELE sise 19 All\u00e9e Saint-Paul \u00e0\nVILLENEUVE-LA-GARENNE (92390)\n106\nDRIEETS-UD92\nn\u00b02026-089 16.02.2026\nR\u00e9c\u00e9piss\u00e9 de d\u00e9claration d'activit\u00e9s de services\n\u00e0 la personne enregistr\u00e9e sous le n\u00b0\nSAP101009611 au nom de la micro-entreprise\nMACE MELANIE sise 17 avenue Bontemps \u00e0\nCOLOMBES (92700)\n108\nreese a mA RE  Le Le\nnn  mn mA ES\nnn  mn mA RE  Le Le\n= mime ae mn\" RE  Le Le\nnn  mn mA RE  Le Le\nue\nnn  mn mA AM OMR PP PR\nnn  mn mA Fo\nreese a mA AM OMR PP PR\nnn  mn mA Fo\n7\nDRIEETS-UD92\nn\u00b02026-090 16.02.2026\nR\u00e9c\u00e9piss\u00e9 de d\u00e9claration d'activit\u00e9s de services\n\u00e0 la personne enregistr\u00e9e sous le n\u00b0\nSAP101025898 au nom de la micro-entreprise\nKEBBEH MANCHITA sise 1 all\u00e9e de Normandie\n\u00e0 VILLENEUVE-LA-GARENNE (92390)\n110\nDRIEETS-UD92\nn\u00b02026-091 16.02.2026\nR\u00e9c\u00e9piss\u00e9 de d\u00e9claration d'activit\u00e9s de services\n\u00e0 la personne enregistr\u00e9e sous le n\u00b0\nSAP101190544 au nom de la micro-entreprise\nDIBAGA Jangume sise 2 Rue des Mouilleboeufs\n\u00e0 SCEAUX (92330)\n112\nDRIEETS-UD92\nn\u00b02026-092 16.02.2026\nR\u00e9c\u00e9piss\u00e9 de d\u00e9claration d'activit\u00e9s de services\n\u00e0 la personne enregistr\u00e9e sous le n\u00b0\nSAP100156595 au nom de la SAS NINA INVEST\nsise 2 Rue Diderot \u00e0 VANVES (92170)\n114\nDRIEETS-UD92\nn\u00b02026-093 16.02.2026\nArr\u00eat\u00e9 portant renouvellement de l'agr\u00e9ment\nSAP\u202f887656197 \u00e0 la SAS 92 NORD SERVICES\nsise 54 Rue Gallieni \u00e0 Boulogne Billancourt\n(92100)\n116\nDRIEETS-UD92\nn\u00b02026-094 16.02.2026\nR\u00e9c\u00e9piss\u00e9 de d\u00e9claration modificative d'activit\u00e9s\nde services \u00e0 la personne enregistr\u00e9e sous le n\u00b0\nSAP887656197 au nom de la SAS 92 NORD\nSERVICES sise 54 Rue Gallieni \u00e0 Boulogne-\nBillancourt (92100)\n120\nDRIEETS-UD92\nn\u00b02026-097 18.02.2026\nR\u00e9c\u00e9piss\u00e9 de d\u00e9claration d'activit\u00e9s de services\n\u00e0 la personne enregistr\u00e9e sous le n\u00b0\nSAP940260284 au nom de l'EURL ADOMNET\nsise 30 Rue Montaigne \u00e0 ASNIERES-SUR-\nSEINE (92600)\n124\nDRIEETS-UD92\nn\u00b02026-098 18.02.2026\nR\u00e9c\u00e9piss\u00e9 de d\u00e9claration d'activit\u00e9s de services\n\u00e0 la personne enregistr\u00e9e sous le n\u00b0\nSAP100536671 au nom de l'micro-entreprise\nLAMBERT JOSEPH sise 15 Rue Jean-roger\nThorelle \u00e0 BOURG-LA-REINE (92340)\n126\nDRIEETS-UD92\nn\u00b02026-099 18.02.2026\nR\u00e9c\u00e9piss\u00e9 de d\u00e9claration d'activit\u00e9s de services\n\u00e0 la personne enregistr\u00e9e sous le n\u00b0\nSAP101148856 au nom de la micro-entreprise\nTHAUVIN JEANNE HONORINE NADIA sise 52\nRue Gaultier \u00e0 COURBEVOIE (92400)\n128\nDRIEETS-UD92\nn\u00b02026-100 18.02.2026\nR\u00e9c\u00e9piss\u00e9 de d\u00e9claration d'activit\u00e9s de services\n\u00e0 la personne enregistr\u00e9e sous le n\u00b0\nSAP100272491 au nom de la micro-entreprise\nF\u00e9lix CLAVIER sise 7 Rue Theophile Gautier \u00e0\nMONTROUGE (92120)\n130\nreese a mA AM OMR PP PR\nnn  mn mA sR  RR RARE\nreese a mA\nnn  mn mA\nnn  mn mA\nnn  mn mA\nnn  mn mA\nnn  mn mA\nnn  mn mA\nES\nES\nES\nES\nES\nES\nES\n8\nDRIEETS-UD92\nn\u00b02026-101 18.02.2026\nR\u00e9c\u00e9piss\u00e9 de d\u00e9claration d'activit\u00e9s de services\n\u00e0 la personne enregistr\u00e9e sous le n\u00b0\nSAP100181692 au nom de la SAS VITROCLAIR\nLYON sise 41 Rue P\u00e9rier \u00e0 MONTROUGE\n(92120)\n132\nDRIEETS-UD92\nn\u00b02026-102 19.02.2026\nR\u00e9c\u00e9piss\u00e9 de d\u00e9claration d'activit\u00e9s de services\n\u00e0 la personne enregistr\u00e9e sous le n\u00b0\nSAP101315562 au nom de la micro-entreprise\nCHRISTIA MUSQUET sise 236 Avenue des\nGr\u00e9sillons \u00e0 ASNIERES-SUR-SEINE (92600)\n134\nDRIEETS-UD92\nn\u00b02026-103- 24.02.2026\nR\u00e9c\u00e9piss\u00e9 de d\u00e9claration d'activit\u00e9s de services\n\u00e0 la personne enregistr\u00e9e sous le n\u00b0\nSAP819207283 au nom de la micro-entreprise\nVOLLE ANTONIN sise 17 Rue Robert Doisy \u00e0\nANTONY (92160)\n136\nDRIEETS-UD92\nn\u00b02026-104 24.02.2026\nR\u00e9c\u00e9piss\u00e9 de d\u00e9claration d'activit\u00e9s de services\n\u00e0 la personne enregistr\u00e9e sous le n\u00b0\nSAP101209260 au nom de la micro-entreprise\nHERY HARY LUCILE sise 4 Rue Louis Mercier \u00e0\nMALAKOFF (92240)\n138\nDRIEETS-UD92\nn\u00b02026-105 24.02.2026\nR\u00e9c\u00e9piss\u00e9 de d\u00e9claration d'activit\u00e9s de services\n\u00e0 la personne enregistr\u00e9e sous le n\u00b0\nSAP994135705 au nom de la micro-entreprise\nSamy HADDAD sise 2 Square Claude Debussy \u00e0\nANTONY (92160)\n140\nDRIEETS-UD92\nn\u00b02026-106 24.02.2026\nR\u00e9c\u00e9piss\u00e9 de d\u00e9claration d'activit\u00e9s de services\n\u00e0 la personne enregistr\u00e9e sous le n\u00b0\nSAP100411446 au nom de la micro-entreprise\nFOURNIER VIVIEN sise 22 Rue des Puits \u00e0\nSURESNES (92150)\n142\nDRIEETS-UD92\nn\u00b02026-107 24.02.2026\nR\u00e9c\u00e9piss\u00e9 de d\u00e9claration d'activit\u00e9s de services\n\u00e0 la personne enregistr\u00e9e sous le n\u00b0\nSAP101100352 au nom de la micro-entreprise\nHAZI MALIK sise 15 Rue Raspail \u00e0 BOIS-\nCOLOMBES (92270)\n144\nDRIEETS-UD92\nn\u00b02026-108 24.02.2026\nR\u00e9c\u00e9piss\u00e9 de d\u00e9claration d'activit\u00e9s de services\n\u00e0 la personne enregistr\u00e9e sous le n\u00b0\nSAP101122257 au nom de la micro-entreprise\nFRANCOIS Aurelie sise 9 Rue Aristide Briand \u00e0\nCHATENAY-MALABRY (92290)\n146\nDRIEETS-UD92\nn\u00b02026-109 24.02.2026\nR\u00e9c\u00e9piss\u00e9 de d\u00e9claration d'activit\u00e9s de services\n\u00e0 la personne enregistr\u00e9e sous le n\u00b0\nSAP100620640 au nom de la micro-entreprise\nMARTINEZ Sylvie sise 63 boulevard Richard\nWallace \u00e0 PUTEAUX (92800)\n148\nreese a mA mA  MM  MM\nnn  mn mA me  mm  mm  mm\nnn  mn mA n=  AR  RAR\n9\nDRIEETS-UD92\nn\u00b02026-110 24.02.2026\nR\u00e9c\u00e9piss\u00e9 de d\u00e9claration d'activit\u00e9s de services\n\u00e0 la personne enregistr\u00e9e sous le n\u00b0\nSAP952615623 au nom de la micro-entreprise\nRODRIGUES Damien sise 109 Avenue du\nG\u00e9n\u00e9ral Leclerc \u00e0 LA GARENNE COLOMBES\n(92250)\n150\nDRIEETS-UD92\nn\u00b02026-111 25.02.2026\nR\u00e9c\u00e9piss\u00e9 de d\u00e9claration d'activit\u00e9s de services\n\u00e0 la personne enregistr\u00e9e sous le n\u00b0\nSAP995173853 au nom de la micro-entreprise\nSTEPHEN CAROLINE sise 8 Villa la Mesie \u00e0\nCHATILLON (92320)\n152\nDRIEETS-UD92\nn\u00b02026-112 25.02.2026\nR\u00e9c\u00e9piss\u00e9 de d\u00e9claration d'activit\u00e9s de services\n\u00e0 la personne enregistr\u00e9e sous le n\u00b0\nSAP101284131 au nom de la micro-entreprise\nOMAR ZAKARIA sise 8 Rue F\u00e9lix \u00e0 COLOMBES\n(92700)\n154\nEx  Direction r\u00e9gionaleet interd\u00e9partementale\nMINIST\u00c8RE  de l'\u00e9conomie, de l'emploi,\nDU  TRAVAIL, DE LA SANT\u00c9, du travail et des solidarit\u00e9s\nDES  SOLIDARIT\u00c9S\nET  DES  FAMILLES\nfos\nR\u00e9c\u00e9piss\u00e9  n*2026-044  de  d\u00e9claration d'activit\u00e9s de services  \u00e0 la personne\nenregistr\u00e9e sous  le n\u00b0 SAP932328909  au nom  de la micro-entreprise LOBELA\n'Ange  sise 2 Rue  de  Motz  \u00e0 COLOMBES  (92700)\nLE  PREFET  DES  HAUTS-DE-SEINE\nVu  la loi n\u00b0 2010-863  du  23  jullet 2010  relative aux  r\u00e9seaux  consulaires, au commerce  et \u00e0\nl'artisanatet aux services (article 31);\nVu  la loi n\u00b02018-1778 du 28 d\u00e9cembre  2015  relative \u00e0 l'adaptation de la soci\u00e9t\u00e9 au\nviilissement\nVu  l'aricie D7231-1  du  Code  du  travail;\nVu  les d\u00e9crots n\u00b0 2011-1132 et n\u00b0 2011-1133  du 20 septembre 2011 modifiant certaines\ndispostions  du  Code  du  travail, relatives au  ch\u00e8que  emploi-service universel et aux\n'services \u00e0 la personne ;\nVu  le d\u00e9cretn\u00b02016-760  du  6jun  2016  relatif \u00e0 la liste des  activitesde services \u00e0 la personne\nsoumises & agr\u00e9ment ou \u00e0 autorisation dans le cadre du r\u00e9gime commun  de a d\u00e9claration;\nVu  le d\u00e9cret du 31 octobre 2024 portant nomination de Monsieur Alexandre BRUGERE,  en\n'qualit\u00e9 de Pr\u00e9fel des Hauts-de-Seine ;\nVu  l'arr\u00eat\u00e9 interminist\u00e9riel du  12  ao\u00fbt 2025  nommant  Monsieur\nr\u00e9gional et interd\u00e9partemental de l'\u00e9conomie, de l'emploi, du travail et des soda\n'de-France  \u00e0  compter du 25  ao\u00fbt  2025  ;\nice  MASI,  Directeur\nde\nVu  l'arr\u00eat\u00e9 pr\u00e9fectoral n\u00b0202533  du 22 ao\u00fbt 2025  par lequel le Pr\u00e9fet des  Hauts-de-Seine\nd\u00e9l\u00e8gue sa signature\u00e0 Monsieur Fabrice MASI, Directeur r\u00e9gional et interd\u00e9partemental\nde l'\u00e9conomie, de l'emploi, du travail et des solidarit\u00e9s d'\u00cele-de-France\nVu  la d\u00e9cision n\u00b0 2025-187  du  25  ao\u00fbt  2025  portant subd\u00e9l\u00e9gation  de  signature de Monsieur\nFabrice MASI, Directeur r\u00e9gional et interd\u00e9partemental de l'\u00e9conomie, de l'emploi, du\ntravail et des  soidant\u00e9s dle-de-France, aux agents de I Unit\u00e9 d\u00e9partementale des Hauts-\nde-Seine  :\nVu  a  d\u00e9claration d activitesde services \u00e0  la personne  d\u00e9pos\u00e9es  le 22  janvier 2026  au  nom\nde la micro-entreprise LOBELA  Ange  sise 2 Rue  de Metz \u00e0 COLOMBES  (92700)\n\n'Apr\u00e8s  examen  du  dossier,  cette  demande  \u00e9tant  conforme  aux  dispositions  de  l'article L. 7232-1\n1 du  code  du  travail, le pr\u00e9sent  r\u00e9c\u00e9piss\u00e9  de  d\u00e9ciaration  d'activit\u00e9s de  services  \u00e0 la personne  \u00e0\n\u00e9t\u00e9  enregistr\u00e9  au  nom  de  la micro-entreprise  LOBELA  Ange  sous  le num\u00e9ro  SAP  932326908.\nLes  activit\u00e9s d\u00e9ciar\u00e9es  sont  les  suivantes,  \u00e0  l'exclusion  de  toute  autre\nEntretien  de  la maison  et  travaux  m\u00e9nagers  ;\n= Garde  d'enfants  de  plus  de  trois  ans  \u00e0  domicile  ;\nPrestations  relevant  du  b\u00e9n\u00e9fice  de  La r\u00e9duction  d'imp\u00f4t  pr\u00e9vue  \u00e0 l'aricle 199  sexdecies  du  Code\nG\u00e9n\u00e9ral  des  impots.\nLa  structure  exerce  ces  activit\u00e9s  selon  le mode  suivant  :  PRESTATAIRE\n'Sous  r\u00e9serve  d'\u00eatre  exerc\u00e9es  \u00e0 tre  exclusif  parle  d\u00e9clarant  (ou  sous  r\u00e9serve  d'une  comptabilit\u00e9\ns\u00e9par\u00e9e  pour  les personnes  morales  dispens\u00e9es  de  la  concion  d'activit\u00e9 exclusive), ces activites\nouvrent  drot  au  b\u00e9n\u00e9fice  des  dispostions  des  articies L.  7233-2 du  code  du  traval  et L.  241-10,\ndu  code  dela  s\u00e9curit\u00e9 sociale.\nConform\u00e9ment  aux  dispositions  de  l'article R7232-19  du  code  du  travail l'organisme  d\u00e9clar\u00e9  doit\nproduire  au  moins  chaque  trimestre  un  \u00e9tat  d'activit\u00e9  et chaque  ann\u00e9e  un  bilan  quanttat  et\nquaitatf de  l'activit\u00e9 exerc\u00e9e  au  tire de  l'ann\u00e9e \u00e9coul\u00e9e  ainsi qu'un  tableau statistique annuel.\nSi organisme  d\u00e9clar\u00e9  compore  plusieurs  \u00e9tablissements,  les \u00e9tats statistiques ete  ban  annuel\ndistinguent  Factivit\u00e9 exerc\u00e9e  par  chaque  \u00e9tablissement.\nLe  pr\u00e9sent  r\u00e9c\u00e9piss\u00e9  prond  affet  le  22 janvier  2026.\nL'enregistrement de  la d\u00e9claration  pourra \u00eatre  retir\u00e9 si l'organisme d\u00e9clar\u00e9  cesse  de  remplir\nles conditions  ou  de  respecter  les  obligations  mentionn\u00e9es  aux  4\u00b0,6\" et 6\u00b0  de  l'article\nR7232-17 ou  qui m\u00e9connalt  les  obligations  d\u00e9finies \u00e0 l'article R7232-19 du  code  du  travail.\ndevra,  sous\npeine  de  retrait de  Ia  d\u00e9claration, faire l'objet d'une  d\u00e9claration  modificatve  aupr\u00e8s  de  Unit\u00e9\nd\u00e9partementale  des  Hauts-de-Seine.\nLe  pr\u00e9sent  r\u00e9c\u00e9piss\u00e9  sera  publi\u00e9 au  recueil  des  actes  administratifs  de  la pr\u00e9fecture des  Hauts-\nde-Seino.\nFait  \u00e0  Nanterre,  le 02  f\u00e9vrier  2026.\nPour le Pr\u00e9fet\nPar d\u00e9l\u00e9gation et subd\u00e9l\u00e9gation\nLa  Responsable  du  service\nD\u00e9veloppement  de  l'emploi  et des\ncomp\u00e9tences\nCNT\n'Mariama CONDE\n\nEn  Direction r\u00e9gionale et interd\u00e9partementale\nMINIST\u00c8RE de l'\u00e9conomie, de l'emploi,\nDU  TRAVAIL,  DE  LA SANT\u00c9,  du  travail et des solidarit\u00e9s\nDES  SOLIDARIT\u00c9S\nET  DES  FAMILLES\nToa\nR\u00e9c\u00e9piss\u00e9  n\u00b02026-045  de  d\u00e9claration  d'activit\u00e9s  de  services  \u00e0 la personne\nenregistr\u00e9e  sous  le n\u00b0 SAP100201474  au  nom  de  la micro-entreprise  ZEPPIERI\nFREDERIC  sise  4  all\u00e9e  George  Sand  \u00e0  NANTERRE  (92000)\nLE  PREFET  DES  HAUTS-DE-SEINE\nVu  la loi n\u00b0 2010-853  du  23  jullet 2010  relative aux  r\u00e9seaux  consulaires, au  commerce et  \u00e0\nl'aisanat et aux  services (article 31);\nVu  la loi n*2018-1778  du  28  d\u00e9cembre  2015  relative \u00e0 l'adaptation de  la soci\u00e9t\u00e9  au\nviilissement ;\nVu  l'article 07231-1  du  Code  du  travail\nVu  les d\u00e9crets n\u00b0 2011-1132  et n\u00b0 2011-1133  du  20  septembre  2011  modifiant certaines\ndispositions  du  Code  du  travail, relatives au  ch\u00e8que  emploi-service  universel  et aux\nservices \u00e0  la  personne ;\nVu  le d\u00e9cret  n*2016-750 du  6 juin 2016  relatif \u00e0 la liste des activit\u00e9s de  services \u00e0 la personne\nsoumises  & agr\u00e9ment  ou  \u00e0 autorisationdans le cadre du  r\u00e9gime  commun  de la d\u00e9claration\nVu  le d\u00e9cret du  31 octobre 2024  portant nomination  de  Monsieur  Alexandre  BRUGERE,  en\nQualit\u00e9de Pr\u00e9fet des  Hauts-de-Seine\nVu  l'ar\u00e9t\u00e9 interminist\u00e9riel du  12  ao\u00fbt  2025  nommant  Monsieur  Fabrice  MASI,  Directeur\nr\u00e9gional et  interd\u00e9partementa  de  l'\u00e9conomie,  de  l'emploi, du  travail et des  solidarit\u00e9s dle-\nde-France  \u00e0 compter  du  25  ao\u00fbt  2025\nVu  l'arr\u00e9t\u00e9 pr\u00e9fectoral n\u00b02025-33  du  22  ao\u00fbt 2025  par lequel le Pr\u00e9fet des  Hauts-de-Seine\nd\u00e9l\u00e8gue  sa signature \u00e0 Monsieur  Fabrice MASI,  Directeur r\u00e9gional et interd\u00e9partemental\nde l'\u00e9conomie, de l'emploi, du traval et des solidantes d'le-de-France ;\nVu  la d\u00e9cision  n\u00b0 2025-157  du  25  ao\u00fbt  2025  portant  subd\u00e9l\u00e9gation  de  signature  de  Monsieur\nFabrice  MASI,  Directeur  r\u00e9gional  et interd\u00e9partemental  de  l'\u00e9conomie,  de  l'emploi, du\ntravail et des  solidarit\u00e9s d'Ile-de-France, aux  agents  de  l'Unit\u00e9 d\u00e9partementale  des  Hauts-\nde-Seine  ;\nVu  la d\u00e9claration  d'actvit\u00e9s de  services  \u00e0  la personne  d\u00e9pos\u00e9es  le 23 janvier 2028  au  nom\nde  la micro-entreprise  ZEPPIERI  FREDERIC  sise 4 all\u00e9e George  Sand  \u00e0  NANTERRE\n(92000)  ;\n\n'Apr\u00e8s  examen  du  dossier,  cette  demande  \u00e9tant  conforme  aux  dispositions  de  article  L. 7232-1-\n1 du  code  du  travall, le pr\u00e9sent  r\u00e9c\u00e9piss\u00e9  de  d\u00e9claration  d activit\u00e9s  de  services  \u00e0  la personne  a\n\u00e9t\u00e9  enregistr\u00e9  au  nom  de  la micro-entreprise  ZEPPIERI  FREDERIC  sous  le num\u00e9ro  SAP\n1100201474\nLes  activit\u00e9s  d\u00e9clar\u00e9es  sont  les  suivantes,  \u00e0 l'exclusion  de  toute  autre\n= Entretion  de  la  maison  et  travaux  m\u00e9nagers  ;\nPrestations  relevant  du  b\u00e9n\u00e9fice  de  la r\u00e9duction  d'imp\u00f4t  pr\u00e9vue  \u00e0  article  199  sexdecies  du  Code\nG\u00e9n\u00e9ral  des  impots.\nLa  structure  exerce  ces  activit\u00e9s  selon  le mode  suivant  : PRESTATAIRE\nSous  r\u00e9serve  d'\u00eatre exerc\u00e9es  \u00e0  tire exclus  par  le d\u00e9clarant  (ou  sous  r\u00e9serve  d'une  comptabilt\u00e9\ns\u00e9par\u00e9e  pour  les  personnes  morales  dispens\u00e9es  de  la condition  d'activit\u00e9  exclusive)  cos  activit\u00e9s\nouvrent  droit  au  b\u00e9n\u00e9fice  des  dispositions  des  articles  L. 7233-2  du  code  du  traval  et  L. 241-10\ndu  code  de  la s\u00e9curt\u00e9  sociale.\n'Conform\u00e9ment  aux  dispositions  de  l'article R7232-19  du  code  du  travail, organisme  d\u00e9clar\u00e9  doit\nproduire  au  moins  chaque  mestre  un  \u00e9tat d'activit\u00e9 et chaque  ann\u00e9e  un  bilan quantitatif et\nqualtatf de activit\u00e9 exerc\u00e9e  au  tire de  l'ann\u00e9e \u00e9coui\u00e9e  ainsi qu'un  tableau  statistique annuel\nSi organisme  d\u00e9clar\u00e9  comporte  plusieurs  \u00e9tablissements,  les \u00e9tats  statiques et  le bilan  annuel\ndistinguent  l'actiit\u00e9 exerc\u00e9e  par  chaque  \u00e9tablissement\nLe  pr\u00e9sent  r\u00e9c\u00e9piss\u00e9  prend  offet lo 23  janvier  2026.\nL'enregistrement de la d\u00e9claration  pourra  \u00eatre retr\u00e9  si  l'organisme d\u00e9clar\u00e9  cesse  de  remplir\nles conditions  ou  de  respecter  les obligations  mentionn\u00e9es  aux  4\u00b0,5\u00b0 et 6\u00b0  do  l'article\n7232.17  ou  qui  m\u00e9connalt  les  obligations  d\u00e9finies  \u00e0  l'article R7232-19  du  code  du  travail.\n'Toute modification concernant la structure d\u00e9clar\u00e9e ou les activit\u00e9s exorc\u00e9es devra, sous\npaie  de  retrait de  la d\u00e9claration,  fare  Tobjet  dune  d\u00e9caraton  mafcatve  aupr\u00e9s  de  TUNIS\nd\u00e9partementale  des  Hauts-de-Seine\nLe  pr\u00e9sent  r\u00e9c\u00e9piss\u00e9  sera  publi\u00e9  au  recuel  des  actes  administratifs de  la pr\u00e9fecture des  Hauts-\nde-Seine\nFait \u00e0 Nanterre, le 02  f\u00e9vrier 2026\nPour  Pr\u00e9tet\n\"d\u00e9l\u00e9gation  et subd\u00e9l\u00e9gation\nLa  Responsable  du  service\nD\u00e9veloppement  de  l'emploi  et des\ncomp\u00e9tences\n(orcs\nMariarha CONDE\n\nEn  Direction  r\u00e9gionale  et interd\u00e9partementale\nMINISTERE de l'\u00e9conomie, de l'emploi,\nDU  TRAVAIL,  DE  LA  SANT\u00c9,  du travailet des solidarit\u00e9s\nDES  SOLIDARIT\u00c9S\nET  DES  FAMILLES\nLA\nR\u00e9c\u00e9piss\u00e9  n*2026-046  de  d\u00e9claration  d'activit\u00e9s  de  services  \u00e0  la personne\nenregistr\u00e9e  sous  le n\u00b0 SAP993915727  au  nom  de  la micro-entreprise  LE  LOUER\nKEVIN  PATRICE  PHILIPPE  sise  21  Avenue  de  la Redoute  \u00e0  ASNIERES-SUR-SEINE\n(82600)\nLE  PREFET  DES  HAUTS-DE-SEINE\nVu  la oi n\u00b0 2010-853 du 23 juilet 2010 relativeaux r\u00e9seaux consulaires, au commerce et \u00e0\nl'artisanat et aux  services  (article 31);\n'Vu la loi n\u00b02015-1776  du  28  d\u00e9cembre  2015  relative \u00e0  l'adaptation de  la soci\u00e9t\u00e9 au\nviellissement\nVu  l'aricie 07231-1  du  Code  du  travail;\nVu  les d\u00e9crets n\u00b0 2011-1132  et n\u00b0 2011-1133  du  20  septembre  2011  modifant  certaines\ndispositions du  Code  du  travail, relatives au  ch\u00e8que  emplo-service  universel et aux\nservices  \u00e0 la personne\nVu  le d\u00e9cret  2016-750  du  6  jun  2016  relatif \u00e0 la liste des  activit\u00e9s de  services  \u00e0 la personne\nsoumises  \u00e0 agr\u00e9ment ou  \u00e0 autorisation dans  le cadre du  r\u00e9gime  commun  de  la d\u00e9claration\nVu  le d\u00e9cret du  31 octobre 2024  portant nomination  de  Monsieur  Alexandre  BRUGERE,  en\nqualit\u00e9 de Pr\u00e9fet des Hauts-de-Seine ;\nVu  l'arr\u00e9t\u00e9 interminist\u00e9riel du  12 ao\u00fbt 2025  nommant  Monsieur  Fabrice MASI,  Directeur\nr\u00e9gional  et  interd\u00e9partemental de  l'\u00e9conomie,  de l'emploi, du  travailet des solidarit\u00e9s dll\nde-France  \u00e0 compter  du  25  ao\u00fbt  2025\nVu  l'ar\u00e9t\u00e9  pr\u00e9fectoral n\u00b02025-33  du  22  ao\u00fbt  2025  par  lequel le Pr\u00e9fet  des  Hauts-de-Seine\nd\u00e9l\u00e8gue  sa  signature \u00e0 Monsieur  Fabrice MASI,  Directeur r\u00e9gional et interd\u00e9partemental\nde l'\u00e9conomie, de l'emploi du travalet des solidarit\u00e9s d'\u00cele-de-France ;\nVu  la d\u00e9cision  n\u00b0 2025-187  du  25  ao\u00fbt  2025  portant  subd\u00e9l\u00e9gation  de  signature  de  Monsieur\nFabrice  MASI,  Directeur  r\u00e9gional  et interd\u00e9partemental  de  l'\u00e9conomie, de  temploi, du\ntravail et des  soldart\u00e9s  d'le-de-France,  aux  agents  de  l'Unit\u00e9 d\u00e9partementale  des  Hauts-\nde-Seine :\nVu  la  d\u00e9claration d'actit\u00e9s  de  services  \u00e0 la personne  d\u00e9pos\u00e9es  le 24  janvier  2026  au nom\nde  la micro-entreprise  LE  LOUER  KEVIN  PATRICE  PHILIPPE  sise 21  Avenue  de  la\nRedoute  \u00e0  ASNIERES-SUR-SEINE  (82600)\n\nApr\u00e8s  examen  du  dossier, cette demande  \u00e9tant conforme  aux  dispositions  de  Fartcle L. 7232-1-\n1 du  code  du  travail, le pr\u00e9sent  r\u00e9c\u00e9piss\u00e9  de  d\u00e9claration  d'activit\u00e9s  de  services  \u00e0  la personne\n\u00e9t\u00e9  enregistr\u00e9  au  nom  de  la micro-entreprise  LE  LOUER  KEVIN  PATRICE  PHILIPPE  sous  le\nnum\u00e9ro  SAP  993915727.\nLes  activit\u00e9s  d\u00e9clar\u00e9es  sont  les  suivantes,  \u00e0  l'exclusion  de  toute  autre\nEntretien  de  la maison  et  travaux  m\u00e9nagers  ;\n= Travaux  de  petit  bricolage  dits  \u00ab  homme  toutes  mains  \u00bb  ;\nAssistance  aux  personnes  autres  que  personnes  \u00e2g\u00e9es,  handicap\u00e9es  ou  atteintes\nde  pathologies  chroniques  qui  ont  besoin  temporairement  d'une  aide  personnelle  \u00e0\nleur  domicile,  \u00e0  l'exclusion  des  soins  relevant  d'actes  m\u00e9dicaux  ;\nPrestations  relevant  du  b\u00e9n\u00e9fice  dela  r\u00e9duction  d'imp\u00f4t  pr\u00e9vue  \u00e0 l'article 199  sexdecies  du  Code\nG\u00e9n\u00e9ral  des  Imp\u00f4ts.\nLa  structure  exerce  ces  activit\u00e9s  selon  le mode  suivant : PRESTATAIRE\n'Sous  r\u00e9serve  d'\u00eatre exerc\u00e9es  \u00e0 tre exclusif par  le d\u00e9clarant  (ou  sous  r\u00e9serve  d'une  comptabilt\u00e9\ns\u00e9par\u00e9e  pour  les  personnes  morales  dispens\u00e9es de a  condition  d'activit\u00e9  exclusive)  ces  activites\nouvrent  droit au  b\u00e9n\u00e9fice  des  dispositions  des  articles L. 7233-2  du  code  du  travail et L. 241-10\ndu  code  de  la s\u00e9curit\u00e9  sociale\nConform\u00e9ment  aux  dispositions  de  l'article R7232-19  du  code  du  travail, l'organisme  d\u00e9clar\u00e9  doit\nproduire  au  moins  chaque  trimestre  un \u00e9tat  dactivit\u00e9  et chaque  ann\u00e9e  un  bilan  quantitatif  et\nquaitatf  de  activit\u00e9 exerc\u00e9e  au  tire  de  l'ann\u00e9e \u00e9coul\u00e9e  ainsi  qu'un  tableau  statistique  annuel.\nSi 'organisme  d\u00e9clar\u00e9  comporte  plusieurs  \u00e9tablissements,  ls  \u00e9tats statistiques et le bilan annuel\ndistinguent  Factvit\u00e9  exerc\u00e9e  par  chaque  \u00e9tablissement\nLe  pr\u00e9sent  r\u00e9c\u00e9piss\u00e9  prond  effet le 24 janvier  2026.\nL'enregistrement  dela  d\u00e9claration  pourra  \u00eatre  retir\u00e9 si l'organisme  d\u00e9clar\u00e9  cosse de  remplir\nles conditions  ou  de  respecter  les obligations  mentionn\u00e9es  aux  4\u00b0, ot 6\u00b0  do  l'article\n'R7232-17  ou  qui  m\u00e9connait  les  obligations  d\u00e9finies  \u00e0 l'article R7232-19  du  code  du  travail\npeine de  rerat  dela declaration, faire objet  dune  d\u00e9caraton  modficatve  aupr\u00e9s  de  Unt\nd\u00e9partementale  des  Hauts-de-Seine.\nLe  pr\u00e9sent  r\u00e9c\u00e9piss\u00e9  sera  publi\u00e9  au  recueil  des  actes  administratifs  de  la pr\u00e9fecture  des  Hauts-\nde-Seine.\nFait \u00e0 Nanterre,  le 02  fevrier 2026.\nPour  le Pr\u00e9fet\nPar  d\u00e9l\u00e9gation  et  subd\u00e9l\u00e9gation\nLa  Responsable  du  service\nD\u00e9veloppement  de  l'emploi  et des\ncomp\u00e9tences\n(72\nMarlama  CONDE\n\nEE  Direction  r\u00e9gionale et  interd\u00e9partementale\nMINISTERE  de l'\u00e9conomie, de l'emploi,\nDU  TRAVAIL,  DE  LA  SANT\u00c9,  du travail et des solidarit\u00e9s\nDES  SOLIDARIT\u00c9S\nET  DES  FAMILLES\neu\nR\u00e9c\u00e9piss\u00e9  n*2026-047  de  d\u00e9claration  d'activit\u00e9s  de  services  \u00e0  la personne\nenregistr\u00e9e  sous  le n\u00b0  SAP944802305  au  nom  de  la micro-entreprise  SILVIA\nARISTOTE  sise  288 avenue  d'Argenteuil  \u00e0 ASNIERES-SUR-SEINE  (92600)\nLE  PREFET  DES  HAUTS-DE-SEINE\nVu  la loi n\u00b0  2010-853  du  23  jllet  2010  relative  aux  r\u00e9seaux  consulaires,  au  commerce  et \u00e0\nl'artisanat et aux  services  (article 31)\nVu  la loi n'2015-1778  du  28  d\u00e9cembre  2015  relative  \u00e0  l'adaptation  de  la soci\u00e9t\u00e9  au\nviilissement ;\nVu  l'article 07231-1  du  Code  du  travail;\nVu  les d\u00e9crets  n\u00b0 2011-1132  et n\u00b0  2011-1133  du  20  septembre  2011  modifiant  certaines\ndispositions  du  Code  du  travail, relatives  au  ch\u00e8que  emploi-service  universel  et  aux\nservices  \u00e0 la personne  ;\nVu  le d\u00e9cret  n\u00b02016:750  du  8jun  2016  relatif\u00e0 la liste des  activites de  services  \u00e0 la personne\nsoumises \u00e0 agr\u00e9ment  ou  \u00e0 autorisation dans  le  cadre  du  r\u00e9gime  commun  de  la  d\u00e9claration  ;\nVu  le d\u00e9cret  du  31  octobre  2024  portant  nomination  de  Monsieur  Alexandre  BRUGERE,  en\nquait\u00e9 de Pr\u00e9fet des Hauts-de-Seine;\nVu  l'art  interminist\u00e9riel du  12  ao\u00fbt  2025  nommant  Monsieur  Fabrice  MASI,  Directeur\nr\u00e9gional et interd\u00e9partementalde l'\u00e9conomie, de l'emploi, du travail et des solidarit\u00e9s le\n'de-France \u00e0 compter du  25 ao\u00fbt  2025  ;\nVu  l'arr\u00e9t\u00e9 pr\u00e9fectoral n'2025-33  du  22  ao\u00fbt  2025  par  lequel  le Pr\u00e9fet  des  Hauts-de-Seine\nd\u00e9l\u00e8gue  sa  signature  \u00e0  Monsieur  Fabrice  MASI,  Directeur  r\u00e9gional  et interd\u00e9partemental\nde  l'\u00e9conomie, de  l'emploi du  travail et des  solidarit\u00e9s d'\u00cele-de-France;\nVu  la d\u00e9cision  n\u00b0  2025-157  du  25  ao\u00fbt  2025  portant  subd\u00e9l\u00e9gation  de  signature  de  Monsieur\nFabrice  MASI,  Directeur  r\u00e9gional  et interd\u00e9partemental  de  l'\u00e9conomie, de  l'emploi, du\ntravail et des  solidart\u00e9s  dle-de-France,  aux  agents  de  l'Unit\u00e9 d\u00e9partementale  des  Hauts-\nde-Seine  ;\nVu  la  d\u00e9claration  d'activit\u00e9s  de  services  \u00e0 la  personne  d\u00e9pos\u00e9es  le 23 janvier  2026  au  nom\nde  la micro-entreprise  SILVIA  ARISTOTE  sise  288  avenue  d'Argenteuil  \u00e0 ASNIERES-\nSUR-SEINE  (82600  ;\n\nApr\u00e8s  examen  du  dossier,  cette  demande  \u00e9tant  conforme  aux  dispositions  de  article  L. 7232-1-\n1 du  code  du  travail, le pr\u00e9sent  r\u00e9c\u00e9piss\u00e9  de  d\u00e9claration  d'activit\u00e9s  de  services  \u00e0  la personne  a\n\u00e9t\u00e9 enregistr\u00e9  au  nom  de  la micro-entreprise  SILVIA  ARISTOTE  sous  le num\u00e9ro  SAP\n1944802305,\nLes  activites d\u00e9clar\u00e9es  sont  les suivantes, \u00e0  l'exclusion de  toute autre\n~ Soutien  scolaire  ou  cours  \u00e0  domicile\nPrestations  relevant  du  b\u00e9n\u00e9fice  de  la r\u00e9duction  d'imp\u00f4t  pr\u00e9vue  \u00e0 l'article 199  sexdecies  du  Code\nG\u00e9n\u00e9ral  des  Imp\u00f4ts.\nSous  r\u00e9serve  d'\u00eatre exerc\u00e9es  \u00e0  ttre exclusif parle  d\u00e9clarant  (ou sous  r\u00e9serve  dune  comptabiit\u00e9\ns\u00e9par\u00e9e  pour  les  personnes  morales dispens\u00e9es  de  la  condition  d activit\u00e9  exclusive)  ces  activites,\n'ouvrent  droit au  b\u00e9n\u00e9fice des  dispositions des  articles  L. 7233-2  du  code  du  travail et L  241-10\ndu  code  de  la s\u00e9curt\u00e9  sociale\n'Conform\u00e9ment  aux  dispositions  de  l'article R7232-19  du  code  du  travai,Forganisme  d\u00e9clar\u00e9  doit\nproduire  au  moins  chaque  trimestre  un  \u00e9tat  d'activit\u00e9  et  chaque  ann\u00e9e  un  bilan  quanitatt  et\n'quaitatf de  Factivte exerc\u00e9e  au  tre  de  l'ann\u00e9e \u00e9coul\u00e9e  ainsi qu'un  tableau statistique annuel.\nSi organisme  d\u00e9clar\u00e9  comport  plusieurs  \u00e9tablissements,  les \u00e9tats statistiques ete  bilan annuel\ndistinguent  Factivit\u00e9  exerc\u00e9e  par  chaque  \u00e9tablissement\nLe  pr\u00e9sent  r\u00e9c\u00e9piss\u00e9  prend  effet le 23 janvier  2026.\nL'enregistrement  do  la d\u00e9claration  pourra  \u00eatre  retir\u00e9 si l'organisme d\u00e9clar\u00e9  cesse de  remplir\nles conditions  ou  de  respecter  les obligations  mentionn\u00e9es  aux  4,5\"  et 6\u00b0  de  l'article\nR7232-17  ou  qui  m\u00e9connait  les obligations  d\u00e9finies  \u00e0 l'article R7232-19  du  code  du  travail.\ndevra,  sous\naupr\u00e8s  de  FUni\u00e9\nLe  pr\u00e9sent  r\u00e9c\u00e9piss\u00e9  sera  publi\u00e9  au  recueil  des  actes  administratifs  de  la pr\u00e9fecture des  Hauts-\nde-Seine.\nFait \u00e0  Nanterre, le 02  f\u00e9vrier 2026.\nPour  le Pr\u00e9fet\nPar  d\u00e9l\u00e9gation  ot  subd\u00e9l\u00e9gation\nLa  Responsable  du  service\nD\u00e9veloppement  de  l'emplo  et  des\ncomp\u00e9tences\n\nEu  Direction  r\u00e9gionale  otinterd\u00e9partementale\nde  l'\u00e9conomie,  de  l'emploi,\nBUTRASAEL, DE LA SANT\u00c9, di travall et des solidartes\nDES  SOLIDARIT\u00c9S\nET  DES  FAMILLES\neae\nR\u00e9c\u00e9piss\u00e9  n\u00b02026-048  de  d\u00e9claration  d'activit\u00e9s  de  services  \u00e0  la personne\nenrogistr\u00e9e  sous  le n\u00b0  SAP100276351  au  nom  de  la micro-entreprise  ROCHER\nJustine sise  94  Boulevard  Bineau  \u00e0  NEUILLY  SUR  SEINE  (82200)\nLE  PREFET  DES  HAUTS-DE-SEINE\nVu  la loi n\u00b0 2010-853  du  23  jullet 2010  relative aux  r\u00e9seaux  consulaires,  au  commerce  et \u00e0\nl'artisanatet aux  services (article 31) ;\nVu  la loi n\u00b02015-1778  du  28  d\u00e9cembre  2015  relative \u00e0 adaptation  de  la soci\u00e9t\u00e9  au\nvieilissement\n'article 07231-1  du  Code  du  travail;\nVu  les d\u00e9crets  n\u00b0  2011-1132  et n\u00b0 2011-1133  du  20  septembre  2011  modifiant  certaines\ndispositions  du  Code  du  travail, relatives au  ch\u00e8que  emploi-service  universel  et aux\nservices \u00e0 la personne  ;\nVu  le d\u00e9cret  \"2016-750  du  6 juin 2016  relat  \u00e0 la iste des  activit\u00e9s de  services  \u00e0 la personne\nsoumises  \u00e0  agr\u00e9ment  ou  autorisation  dans  le cadre du  r\u00e9gime  commun  dela  d\u00e9claration  ;\n\u00e9\n'Vu le d\u00e9cret  du  31  octobre  2024  portant  nomination  de  Monsieur  Alexandre  BRUGERE,  en\nquait\u00e9 de Pr\u00e9fet des Hauts-de-Seine ;\nVu  l'arr\u00eat\u00e9 interminist\u00e9riel du  12  ao\u00fbt  2025  nommant  Monsieur  Fabrice  MASI,  Directeur\nr\u00e9gional et  interd\u00e9partemental  de  l'\u00e9conomie, de l'emploi, du  travailet des  solidarit\u00e9s d'il\nde-France \u00e0  compler du  25  ao\u00fbt  2025 ;\nVu  l'arr\u00eat\u00e9 pr\u00e9fectoral n\u00b02026-33  du  22  ao\u00fbt  2025  par  lequel le Pr\u00e9fet des  Hauts-de-Seine\nd\u00e9l\u00e8gue  sa  signature  \u00e0  Monsieur  Fabrice  MASI,  Directeur  r\u00e9gional  et interd\u00e9partemental\nde l'\u00e9conomie, de l'emploi, du traval et des solidarit\u00e9s d'\u00cele-de-France ;\n'Vu la d\u00e9cision  n\u00b0 2025-157  du  25  ao\u00fbt  2025  portant subd\u00e9l\u00e9gation  de  signature  de  Monsieur\nFabrice  MASI,  Directeur  r\u00e9gional  et interd\u00e9partemental  de  l'\u00e9conomie,  de  l'emploi, du\ntravail et des solidarit\u00e9s  \u00a2 le-de-France,  aux  agents de  l'Unit\u00e9 d\u00e9partementale  des  Hauts\nde-Seine\nVu  la d\u00e9claration  d'activit\u00e9s de  services  \u00e0  la personne  d\u00e9pos\u00e9es  le 26  janvier 2026  au  nom\nde  la micro-entreprise  ROCHER  Justine  sise 94  Boulevard  Bineau  \u00e0 NEUILLY  SUR  SEINE\n(82200)\n\nApr\u00e8s  examen  du  dossier,  cette  demande  \u00e9tant  conforme  aux  dispositions  de  Farticle L. 7232-1-\n1 du  code  du  traval, le pr\u00e9sent  r\u00e9c\u00e9piss\u00e9  de  d\u00e9claration  dactvit\u00e9s  de  services  \u00e0  la personne  a\n\u00e9t\u00e9 enregistr\u00e9  au  nom  dela  micro-entreprise  ROCHER  Justine  sous  le num\u00e9ro  SAP  100276351,\nLes  activit\u00e9s  d\u00e9ctar\u00e9es  sont  les  suivantes,  \u00e0  l'exclusionde toute  autre\n+ Garde  d'enfants  de  plus  de  trois  ans  \u00e0  domicile ;\n= Soutien  scolaire  ou  cours  \u00e0  domicile\n= Accompagnement  des  enfants  de  plus  de  trois  ans  dans leurs  d\u00e9placements  en\ndehors  de  leur  domicile  (promenades,  transports,  actes  de  la vie courante);\nPrestations  relevant  du  b\u00e9n\u00e9fice  de\nGeneral  des  Imp\u00f4ts.\nLa  structure  exerce  ces  activit\u00e9s  selon  le  mode  suivant  : PRESTATAIRE\nr\u00e9duction  dimp\u00f4t  pr\u00e9vue  \u00e0  l'article 199  sexdecies  du  Code\nSous r\u00e9serve  d'\u00eatre  exerc\u00e9es  \u00e0  ttre  exclusif  par  le d\u00e9clarant  (ou  sous  r\u00e9serve  dune  comptabilit\u00e9\ns\u00e9par\u00e9e  pour  les personnes  morales  dispens\u00e9es  de  la condition  d activit\u00e9 exclusive)  ces  activit\u00e9s\nouvrent  droit au  b\u00e9n\u00e9fice  des  dispositions  des  articles L. 7233-2  du  code  du  traval  et L. 241-10\ndu  code  de  la s\u00e9curit\u00e9  sociale\nConform\u00e9ment  aux  dispositions  de  l'article R7232-19  du  code  du  travail, l'organisme  d\u00e9clar\u00e9  dott\nproduire  au  moins  chaque  timestre  un  \u00e9tat  d'activit\u00e9  et chaque  ann\u00e9e  un  bian  quantitatif  et\nqualtatf  de  l'activit\u00e9 exerc\u00e9e  au  titre de  l'ann\u00e9e  \u00e9coul\u00e9e  ainsi  qu'un  tableau  statistique  annuel\nSi organisme  d\u00e9ciar\u00e9  comporte  plusieurs  \u00e9tablissements  les \u00e9tats statistiques et le bilan annuel\ndistinguent  l'activit\u00e9 exerc\u00e9e  par  chaque  \u00e9tablissement\nLe  pr\u00e9sent  r\u00e9c\u00e9piss\u00e9  prend  effet le 28 janvier  2026.\nL'enregistrement de la d\u00e9claration  pourra  \u00eatre  retir\u00e9 si l'organisme  d\u00e9clar\u00e9  cesse  de  remplir\nles  conditions  ou  de  respocter  les  obligations  mentionn\u00e9es  aux  4',5\u00b0  ot  6\u00b0  do l'article\n7232417  ou  qui  m\u00e9connalt  les obligations d\u00e9finies  \u00e0 l'article R7232-19  du  code  du  travail,\npeine  de  retrait dela  G\u00e9caration,  fare  Tobjet  dune  d\u00e9claration  modiicaive  aupr\u00e9s  de  TUnts\nd\u00e9partementale  des  Hauts-de-Seine.\nLe  pr\u00e9sent  r\u00e9c\u00e9piss\u00e9  sera  publi\u00e9  au  recueil  des  actes  administratifs  de  la pr\u00e9fecture des  Hauts-\nde-Seine.\nFait  a Nanterre,  le 02  f\u00e9vrier  2026.\nPour  lo Pr\u00e9fet\nPar  d\u00e9l\u00e9gation  et subd\u00e9l\u00e9gation\nLa  Responsable  du  service\nD\u00e9veloppement  de  l'emploi  et des\ncomp\u00e9tences\nQE\narm] CONDE\n\nEE  Direction  r\u00e9gionale  et Interd\u00e9partementale\nMINISTERE do l'\u00e9conomie, de l'emploi,\nDU  TRAVAIL,  DE  LA  SANT\u00c9,  du travail et des solidarit\u00e9s\nDES  SOLIDARIT\u00c9S\nET  DES  FAMILLES\nA\nvu\nvu\nvu\nvu\nvu\nvu\nR\u00e9c\u00e9piss\u00e9  n\u00b02028-049  de  d\u00e9claration  d'activit\u00e9s  d\u00e9\nenregistr\u00e9e  sous\nervices  \u00e0  la personne\nn\u00b0 SAP927558965  au nom  de la micro-entreprise MADELENAT\nBOULOGNE-BILLANCOURT  (92100)'Julien sise  37  Rue  de  la Tourell\nLE  PREFET  DES  HAUTS-DE-SEINE\nla loi n\u00b0 2010-853  du  23  juillet 2010 relative aux  r\u00e9seaux  consulaires, au  commerce  et \u00e0\nl'arisanat  et aux  services  (article 31)\nla loi n\u00b02015-1776  du  28  d\u00e9cembre  2015  relative \u00e0  l'adaptation de  la soci\u00e9t\u00e9 au\nvellissement ;\nFarticle D7231-1  du  Code  du  travail;\nles d\u00e9crets n\u00b0 2011-1132  et n\u00b0 2011-1133  du  20  septembre  2011  modifiant certaines\ndispostions  du  Code  du  travail, relatives au  ch\u00e8que  emploi-service universel et aux\nservices  \u00e0 la personne ;\nle d\u00e9cret n\u00b02016-750  du  6  juin 2016  relat  \u00e0 la liste des  activit\u00e9s de  services \u00e0 la personne\n'soumises  \u00e0 agr\u00e9ment ou  \u00e0 autorisation dans  le cadre du r\u00e9gime  commun de  a  d\u00e9claration ;\nle d\u00e9cret du  31 octobre 2024  portant nomination  de  Monsieur  Alexandre  BRUGERE,  en\nquait\u00e9 de Pr\u00e9fet des Hauts-de-Seine ;\nl'arr\u00eat\u00e9 interminist\u00e9riel du  12  ao\u00fbt  2025  nommant  Monsieur  Fabrice MASI, Directeur\nr\u00e9gional et interd\u00e9partementalde l'\u00e9conomie, de l'emploi, du travail et des solidarit\u00e9sd'le-\nde-France  \u00e0 compter  du  25  ao\u00fbt  2025  ;\nl'arr\u00eat\u00e9 pr\u00e9fectoral n\u00b0202533  du  22  ao\u00fbt 2025  par lequel le Pr\u00e9fet des  Hauts-de-Seine\nd\u00e9l\u00e8gue  sa  signature  \u00e0 Monsieur  Fabrice  MASI,  Directeur  r\u00e9gional  et Iterd\u00e9partemental\nde  l'\u00e9conomie, de  l'emploi, du  travailet des solidarit\u00e9s d'le-de-France\nLa d\u00e9cision n\u00b0 2028-187  du  25  ao\u00fbt  2025  portant subd\u00e9l\u00e9gation  de  signature de  Monsieur\nFabrice  MASI,  Directeur  r\u00e9gional  et interd\u00e9partemental  de  \u00e9conomie,  de  l'emploi, du\naval  et des  solidart\u00e9s  d'Ile-de-France,  aux  agents  de  l'Unit\u00e9 d\u00e9partementale  des  Hauts-\nde-Seine\nla d\u00e9claration d'actvit\u00e9s de  services \u00e0 la personne  d\u00e9pos\u00e9es  le 25  janvier 2026  au  nom\nde la micro-entreprise MADELENAT  Julien sise 37 Rue  de la Tourelle \u00e0 BOULOGNE-\nBILLANCOURT  (82100)  ;\n\n'Apr\u00e8s  examen  du  dossier,  cette  demande  \u00e9tant  conforme  aux  dlspastions  de  l'article L. 7232-\n1 du  code  du  travail  le pr\u00e9sent  r\u00e9c\u00e9piss\u00e9  de  d\u00e9claration  d'activit\u00e9s  de services  \u00e0  la personne  a\n\u00e9t\u00e9  enregistr\u00e9  au  nom  de  la micro-entreprise  MADELENAT  Julien sous  le num\u00e9ro  SAP\n927558965,\nLes  activit\u00e9s d\u00e9ctar\u00e9es  sont  les suivantes, exclusion  de  toute  autre\n+ Soutien  scolaire  ou  cours  \u00e0  domicil\nPrestations  relevant  du  b\u00e9n\u00e9fice  de  la r\u00e9duction  d'imp\u00f4t  pr\u00e9vue  \u00e0  Farticle 199  sexdecies  du  Code\nG\u00e9n\u00e9ral  des  Imp\u00f4ts.\nLa  structure  exerce  ces  activit\u00e9s  selon  le mode  suivant : PRESTATAIRE\nSous  r\u00e9serve  d'\u00eatre  exerc\u00e9es  a ttre  exclusif  parle  d\u00e9clarant  (ou  sous  r\u00e9serve  d'une  comptabilt\u00e9\ns\u00e9par\u00e9e  pour  es  personnes  morales  dispens\u00e9es  de  la condition d'actvi\u00e9  exclusive) ces  activit\u00e9s\nouvrent  drot  au  b\u00e9n\u00e9fice  des  dispositions  des  artcies  L. 7233-2  du  code  du  traval  et L. 241-10\ndu  code  de  la s\u00e9curt\u00e9  sociale.\nConform\u00e9ment  aux  dispositions  de  article R7232-19  du  code  du  travail organisme  d\u00e9clar\u00e9  doit\nProduire  au  moins  chaque  trimestre  un  \u00e9tat  d'activit\u00e9  et  chaque  ann\u00e9e un  bilan  quanta  et\nQualitatf de  activit\u00e9  exerc\u00e9e  au  tire de  l'ann\u00e9e  \u00e9coul\u00e9e  ainsi qu'un  tableau  statistique annuel.\nSi organisme  d\u00e9clar\u00e9  comporte  plusieurs  \u00e9tablissements,  les \u00e9tats statistiques et le bilan annuel\ndistinguent  l'actiit\u00e9 exerc\u00e9e  par  chaque  \u00e9tablissement\nLe  pr\u00e9sent  r\u00e9c\u00e9piss\u00e9  prend  effot lo 25  janvier  2026.\n'enregistrement de la d\u00e9claration  pourra \u00eatre retir\u00e9 si l'organisme  d\u00e9clar\u00e9  cesse  de  remplir\nles  conditions  ou  de  respecter  les  obligations  mentionn\u00e9es aux  4,8\"  et  6\u00b0  de  l'article\nR7232-17  ou  qui  m\u00e9connait  los obligations  d\u00e9finies  \u00e0 l'article R7232-19  du  code  du  travail.\ndevra,  sous\npeine  de  retrait de  la d\u00e9claration,  faire  l'objet dune  d\u00e9claration  modificatve  aupr\u00e9s  de  FUnit\u00e9\nd\u00e9partementale  des  Hauts-de-Seine,\nLe  pr\u00e9sent  r\u00e9c\u00e9piss\u00e9  sera  publi\u00e9  au  recueil des  actes  administratifs de  la pr\u00e9fecture  des  Hauts-\nde-Seine.\nFat \u00e0  Nanterre,  le 02  f\u00e9vrier  2026,\nLa  Responsable  du  service\nD\u00e9veloppement  de  l'emploi  et des\n\nEu  Direction r\u00e9gionale et interd\u00e9partementale\nde  l'\u00e9conomie,  de l'emploi,\nDURAVAIL, DE LA SANT\u00c9, du iravalet ds soldats\nDES  SOLIDARIT\u00c9S\nET  DES  FAMILLES\nEr\nR\u00e9c\u00e9piss\u00e9  n\u00b02026-050  de  d\u00e9claration  d'activit\u00e9s  de  services  \u00e0  la personne\nenregistr\u00e9e  sous  le n\u00b0 SAP993975473  au  nom  de  la micro-entreprise  DEHAIS\nCOMMANCHE  sise  28  Boulevard  de  Stalingrad  \u00e0 MALAKOFF  (92240)\nLE  PREFET  DES  HAUTS-DE-SEINE\nVu  la oi  n\u00b0 2010-853  du  23  juilet 2010  relative aux  r\u00e9seaux  consulaires, au  commerce et  \u00e0\nFartisanat et aux  services  (article 31) ;\n'Vu la loi n\u00b02018-1776  du  28  d\u00e9cembre  2015  relative \u00e0 adaptation  de  la soci\u00e9t\u00e9  au\nviilissement ;\nVu  l'article 07231-1  du  Code  du  travail;\nVu  les d\u00e9crets n\u00b0 2011-1132  et n\u00b0 2011-1133  du  20  septembre  2011  modifiant certaines\ndispositions  du  Code  du  travail, relatives au  ch\u00e8que  emplot-service  universel  et aux\nservices  \u00e0 la personne ;\nVu  le  d\u00e9cret  n*2016-750  du  6juin  2016relatif \u00e0 la liste des  activit\u00e9s de  services \u00e0 la personne\nsoumises  \u00e0 agr\u00e9ment  ou  \u00e0 autorisation dans  le cadre  du  r\u00e9gime  commun  de la d\u00e9claration\nVu  le d\u00e9cret du  31  octobre  2024  portant  nomination  de  Monsieur  Alexandre  BRUGERE,\nquait\u00e9 de Pr\u00e9fetdes Hauts-de-Seine ;\nVu  l'ar\u00eat\u00e9 interminist\u00e9riel du  12  ao\u00fbt  2025  nommant  Monsieur  Fabrice  MASI,  Directeur\nr\u00e9gional  et interd\u00e9partemental  de  l'\u00e9conomie,  de  l'emploi, du  travail et des  solidarit\u00e9s d'le-\nde-France  \u00e0  compter  du  25  ao\u00fbt  2025 ;\nVu  Farrbte pr\u00e9fectoral n\u00b02025-33  du  22  ao\u00fbt  2025  par  lequel  le Pr\u00e9fet  des  Hauts-de-Seine\n'd\u00e9l\u00e8gue  sa  signature  \u00e0 Monsieur  Fabrice  MASI, Directeur  r\u00e9gional  et interd\u00e9partemental\n'de l'\u00e9conomie, de l'emploi, du travail et des solidarit\u00e9s d'\u00cele-de-France;\nVu  la d\u00e9cision  n\u00b0  2025-187  du  25  ao\u00fbt  2025  portant  subd\u00e9l\u00e9gation  de  signature  de  Monsieur\nFabrice  MASI,  Directeur  r\u00e9gional  et interd\u00e9partemental  de  \u00e9conomie,  de  l'emploi, du\ntravail et des  solidarit\u00e9s d  le-de-France,  aux  agents  de  l'Unit\u00e9 d\u00e9partementale  des  Hauts-\nde-Seine\nVu  la d\u00e9claration d'actvit\u00e9s de  services \u00e0 la personne  d\u00e9pos\u00e9es  le 27 janvier 2026  au  nom\nde  la micro-entreprise  DEHAIS  COMMANCHE  sise  28  Boulevard  de  Stalingrad  \u00e0\nMALAKOFF  (82240)\n\nApr\u00e8s  examen  du  dossier,  cette  demande  \u00e9tant  conforme  aux  dispositions  de  Farticle L, 7232-1-\n1 du  code  du  travail, le pr\u00e9sent  r\u00e9c\u00e9piss\u00e9  de  d\u00e9claration d activit\u00e9s de  services  \u00e0 la personne  a\n'\u00e9t\u00e9  enregistr\u00e9  au  nom  de  la  micro-entreprise  DEHAIS  COMMANCHE  sous  le num\u00e9ro  SAP.\n1993975473,\nLes  activit\u00e9s d\u00e9ciar\u00e9es  sont  es  suivantes,  \u00e0 l'exclusion de  toute  autre\n= Entretion  de  la  maison  et travaux  m\u00e9nagers ;\nimp\u00f4t  pr\u00e9vue  \u00e0 l'article 199  sexdecies du  CodePrestations  relevant  du  b\u00e9n\u00e9fice  de  la r\u00e9duction\nG\u00e9n\u00e9ral  des  Impbts.\nLa  structure  exerce  ces  activit\u00e9s  selon  le mode  suivant : PRESTATAIRE\n'Sous  r\u00e9serve  d'\u00eatre exerc\u00e9es  a tte  exclusif par  le  d\u00e9clarant  (ou  sous  r\u00e9serve  dune  comptabilt\u00e9\ns\u00e9par\u00e9e  pour  les personnes  morales  dispens\u00e9es  de la condition activit\u00e9 exclusive), ces  activites\n'ouvrent  droit au  b\u00e9n\u00e9fice  des  dispositions des  articlesL.  7233-2  du  code  du  travail  et  L. 241-10\ndu  code de  la  s\u00e9curit\u00e9  sociale,\nConform\u00e9ment  aux  dispositions  de  l'article R7232-19  du  code  du  travail l'organisme  d\u00e9clar\u00e9  doit\nproduire  au  moins  chaque  trimestre  un  \u00e9tat  activit\u00e9  et chaque  ann\u00e9e  un  bilan  quantitatif  et\nquaitatf de l'activit\u00e9 exerc\u00e9e  au  tire  de  l'ann\u00e9e  \u00e9coul\u00e9e  ainsi qu'un  tableau  statistique annuel.\nSi organisme  d\u00e9clar\u00e9  comporte  plusieurs  \u00e9tablissements,  les \u00e9tts  statistiques ete  bilan annuel\ndistinguent  l'activit\u00e9 exerc\u00e9e  par  chaque  \u00e9tablissement,\nLe  pr\u00e9sent  r\u00e9c\u00e9piss\u00e9  prend  offot le 27  janvier  2026.\nL'enregistrement de  la d\u00e9claration  pourra  \u00eatre  rotir\u00e9si l'organisme  d\u00e9clar\u00e9  cesse  de  remplir\nles conditions  ou  de  respecter  les obligations  mentionn\u00e9es  aux  4\u00b0 et 6\u00b0  de  l'article\n723247  ou  qui  m\u00e9connalt  les obligations  d\u00e9finies  \u00e0 l'article R7232-19  du  code  du  travail,\noute  modification  nt la structure  d\u00e9clar\u00e9eou  les activit\u00e9s devra,  sous\npeine  de  retrait de  la d\u00e9claration, faire l'objet dune  d\u00e9ciaration  modicative  aupr\u00e8s  de  l'Unit\u00e9\nd\u00e9partementale  des  Hauts-de-Seine\nLe  pr\u00e9sent  r\u00e9c\u00e9piss\u00e9  sera  publi\u00e9  au  recueil  des  actes  administratifs de la pr\u00e9fecture des  Hauts-\nde-Seine.\nFait \u00e0  Nanterre,  le  02  f\u00e9vrier  2026.\nPour  le Pr\u00e9fet\nr d\u00e9l\u00e9gation  et  subd\u00e9l\u00e9gation\nLa  Responsable  du  service\nD\u00e9veloppement  de  l'emploi  et des\ncomp\u00e9tences\noro\nMariana CONDE\n\nEu  Direction  r\u00e9gionale  et interd\u00e9partementale\nde  l'\u00e9conomie,  de  l'emploi,\nDUTRAVAIL, DE LA SANTE, diva et des sotdart\u00e9e\nDES  SOLIDARIT\u00c9S\nET  DES  FAMILLES\nEE\nR\u00e9c\u00e9piss\u00e9  n\u00b02026-051  de  d\u00e9claration d'activit\u00e9s de  services  \u00e0 la personne\nenregistr\u00e9e  sous  le n\u00b0 SAP991476136  au  nom  de  la micro-entreprise  HADDADI\nGhenima  sise  2 all\u00e9e Claire  Bret\u00e9cher \u00e0 COLOMBES  (92700)\nLE  PREFET  DES  HAUTS-DE-SEINE\nVu  la loi n\u00b0 2010-853  du  23  jullet 2010  relative aux r\u00e9seaux  consulaires, au  commerce  et \u00e0\nFartisanat et aux  services  (article 31) ;\nVu  la loi n\u00b02018-177  du  28  d\u00e9cembre  2015  relative \u00e0  l'adaptation de  la soci\u00e9t\u00e9 au\nviellissement ;\n'Vu l'aricie D7231-1  du  Code  du  travail;\nVu  les d\u00e9crets n\u00b0 2011-1132  et n\u00b0 2011-1133  du  20  septembre  2011  modifiant certaines\ndispositions du  Code  du  traval, relatives au  ch\u00e8que  emploi-service universel et aux\nservices  \u00e0  la personne ;\nVu  le d\u00e9cret n\u00b02016-750  du 6 juin 2016  relatif \u00e0 la ist  des  activit\u00e9s de  services \u00e0 a  personne\nsoumises  \u00e0 agr\u00e9ment ou  \u00e0 autorisation dans  le cadre  du  r\u00e9gime  commun  dela  d\u00e9claration ;\nVu  le d\u00e9cret du  31  octobre 2024  portant nomination  de  Monsieur  Alexandre  BRUGERE,  en\nquait\u00e9 de Pr\u00e9fet des Hauts-de-Seine ;\nVu  l'arr\u00eat\u00e9 interminist\u00e9riel du  12 ao\u00fbt  2025  nommant  Monsieur  Fabrice MASI,  Directeur\nr\u00e9gional et interd\u00e9partementalde l'\u00e9conomie, de l'emploi, du travail et des solidarit\u00e9s'le-\nde-France  \u00e0 compter  du  25  ao\u00fbt  2025  ;\nVu  l'arr\u00eat\u00e9 pr\u00e9fectoral n\u00b02025-33  du  22  ao\u00fb  2025  par lequel le Pr\u00e9fet des  Hauts-de-Seine\nd\u00e9l\u00e8gue  sa  signature  \u00e0  Monsieur  Fabrice  MASI,  Directeur  r\u00e9gional  et interd\u00e9partemental\nde l'\u00e9conomie, de l'emploi du travailet des solidarit\u00e9s d'\u00cele-de-France ;\nVu  la d\u00e9cision n\u00b0 2025-187  du  25  ao\u00fbt  2025  portant subd\u00e9l\u00e9gation  de  signature de  Monsieur\nFabrice MASI,  Directeur r\u00e9gional et interd\u00e9partemental de  l'\u00e9conomie, de  l'emploi, du\ntravail et des  soldart\u00e9s  d'\u00cele-de-France, aux  agents de  I Unit\u00e9 d\u00e9partementale  des  Hauts-\nde-Seine  ;\n'Vu la d\u00e9claration d'actit\u00e9s de services \u00e0 la personne  d\u00e9pos\u00e9es  le 27 janvier 2028  au  nom\n'de la micro-entreprise HADDAD!  Ghenima  sise 2 all\u00e9e Claire Bret\u00e9cher  \u00e0 COLOMBES\n(82700):\n\n'Apres  examen  du  dossier,  cette  demande  \u00e9tant  conforme  aux dispositions  de  l'article L, 7232-1-\n1 du  code du  traval,  le pr\u00e9sent  r\u00e9c\u00e9piss\u00e9  de  d\u00e9claration  d'activit\u00e9s de  services  \u00e0 la  personne  \u00e0\n\u00e9t\u00e9  enregistr\u00e9  au  nom  de  la micro-entreprise  HADDADI  Ghenima  sous  le num\u00e9ro  SAP\n991476136,\nLes  activit\u00e9s d\u00e9clar\u00e9es  sont  les suivantes,  & l'exclusion de  toute  autre\n= Entratien  de la  maison  et  travaux  m\u00e9nagers  ;\n= Garde  d'enfants  de  plus  de  trois ans  \u00e0 domicile  ;\n= Soutien  scolaire  ou  cours  \u00e0  domicile  ;\n= Pr\u00e9paration  de  repas  \u00e0  domicile,  y  compris  le temps  pass\u00e9  aux  courses  ;\n= Collecte  et  Ivraison  \u00e0  domicile  de  linge  repass\u00e9  ;\n= Assistance  informatique  \u00e0  domicile\n= Assistance  administrative  \u00e0  domicile;\nPrestations relevant  du  b\u00e9n\u00e9fice  dela  r\u00e9duction  d'mp\u00f4t  pr\u00e9vue  \u00e0 l'article 199 sexdecies  du  Code\nG\u00e9n\u00e9ral  des  Imp\u00f4ts.\nLa  structure  exerce  ces  activit\u00e9s  selon  le mode  suivant  : PRESTATAIRE\nSous  r\u00e9serve  d'\u00eatre exerc\u00e9es  \u00e0 tire exclusif parle  d\u00e9clarant  (ou  sous  r\u00e9serve  dune  comptabilit\u00e9\ns\u00e9par\u00e9e  pour  les personnes  morales  dispens\u00e9es de  la conxition  activit\u00e9 exclusive), ces  activites\nouvrent  drot  au  b\u00e9n\u00e9fice  des  dispositions  des  articles  L. 7233-2  du  code  du  travall et  L. 241-10\n'du code  de  la s\u00e9curit\u00e9  sociale\nConform\u00e9ment  aux  dispositions  de  l'article R7232-19 du  code  du  travail, l'organisme  d\u00e9clar\u00e9  dott\nproduire  au  moins  chaque  timestre  un  \u00e9tat  d'actvi\u00e9  et chaque  ann\u00e9e  un  bilan  quanttati  et\nquaitatf de l'activit\u00e9 exerc\u00e9e  au  tre  de  l'ann\u00e9e  \u00e9coul\u00e9e  ainsi  qu'un  tableau  statistique  annuel.\nSi organisme d\u00e9clar\u00e9  comporte  plusieurs  \u00e9tablissements,  les \u00e9tats statistiques et fe Dian  annuel\ndistinguent  l'activit\u00e9 exerc\u00e9e  par  chaque  \u00e9tablissement\nLe  pr\u00e9sent  r\u00e9c\u00e9piss\u00e9  prend  effet le 27  janvier  2026.\nL'enrogistrement de la d\u00e9claration  pourra \u00eatro  retir\u00e9 a  l'organisme  d\u00e9clar\u00e9  casse  de  remplir\nles conditions  ou  de  respacter  les obligations  mentionn\u00e9es  aux  4\u00b0,5\u00b0 et  6\u00b0 do  l'article\nR7232-17  ou  qui  m\u00e9connalt  les  obligations  d\u00e9finies  \u00e0 l'article R7232-19  du  code  du  travail.\n'Toute  modification concernant la structure d\u00e9clar\u00e9e ou les activit\u00e9s exerc\u00e9es devra. sous\npeine  de  retrait de  la d\u00e9claration,  faire l'objet d'une  d\u00e9claration  modificative  aupr\u00e9s  de  l'Unit\u00e9\nd\u00e9partementale  des  Hauts-de-Seine\nLe  pr\u00e9sent  r\u00e9c\u00e9piss\u00e9  sera  publi\u00e9  au  recueil  des  actes  administratifs de la pr\u00e9fecture  des  Hauts-\ndeSeine.\nFait \u00e0 Nanterre,  le 02  f\u00e9vrier 2026,\nPour  le Pr\u00e9fet\nPar  d\u00e9l\u00e9gation  et subd\u00e9l\u00e9gation\nLa  Responsable  du  service\nD\u00e9veloppement  de  l'emploi  et  des\nMariama  CONDE\n\nEn  Direction r\u00e9gionale et interd\u00e9partementale\nde  l'\u00e9conomie,  de  l'emploi,\nDUVRAI  DE LA SANT\u00c9, duraval et des soldart\u00e9s\nDES  SOLIDARIT\u00c9S\nET  DES  FAMILLES\npr\nR\u00e9c\u00e9piss6  n\u00b02026-052  de  d\u00e9claration  d'activit\u00e9s  de  services \u00e0 la personne\nenregistr\u00e9e  sous  le n\u00b0 SAP100403526  au  nom  de la micro-entreprise  BRICHE\nJEREMY  sise  17  Rue  Carnot  \u00e0  COURBEVOIE  (92400)\nLE  PREFET  DES  HAUTS-DE-SEINE\nVu  la lo n\u00b0 2010-853  du  23  juillet 2010  relative aux  r\u00e9seaux  consulaires, au  commerce et \u00e0\nFartisanat et aux  services  (article 31)\nVu  la loi n\u00b020161776  du  28  d\u00e9cembre  2015  relative \u00e0 l'adaptation de  la soci\u00e9t\u00e9 au\nvellissement\n'Vu l'aricie 07231-1  du  Code  du  travail\nVu  les d\u00e9crets n\u00b0 2011-1132  et n\u00b0 2011-1133  du  20  septembre  2011  modifiant certaines\ndispositions  du  Code  du  travail, relatives au  ch\u00e8que  emplo-service  universel et aux\nservices \u00e0 la personne  ;\nVu  le d\u00e9cret n\u00b02016-750  du  6  juin 2016  relatif \u00e0 la liste des  activit\u00e9s de  services \u00e0 la personne\nsoumises  \u00e0 agr\u00e9ment ou \u00e0 autorisation dans  le cadre  du  r\u00e9gime  commun  de  la d\u00e9claration\nVu  le d\u00e9cret du 31 octobre 2024 portant nomination de Monsieur Alexandre BRUGERE,  en\n'qualit\u00e9 de  Pr\u00e9fet  des  Hauts-de-Seine  ;\nVu  l'\u00e9t\u00e9  interministriel du 12 ao\u00fbt 2025 nommant  Monsieur Fabrice MASI, Directeur\nr\u00e9gional  et interd\u00e9partemental de l'\u00e9conomie, de l'emploi, du  travailet des solidarit\u00e9s dle\nde-France  \u00e0 compter  du  25  ao\u00fbt  2025  ;\nVu  l'\u00e9t\u00e9  pr\u00e9fectoral n\u00b02025-33  du  22  ao\u00fbt  2025  par lequel ie Pr\u00e9fet des  Hauts-de-Seine\nd\u00e9l\u00e8gue  sa  signature \u00e0 Monsieur  Fabrice  MASI,  Directeur r\u00e9gional et interd\u00e9partemental\nde l'\u00e9conomie, de l'emploi, du travail et des solidantes d'\u00cele-de-France\n'Vu la d\u00e9cision  n\u00b0 2025-157  du  25  ao\u00fbt  2025  portant  subd\u00e9l\u00e9gation  de  signature  de  Monsieur\nFabrice MASI,  Directeur r\u00e9gional et interd\u00e9partemental de  l'\u00e9conomie, de  l'emploi, du\ntravail et des  soldari\u00e9s  d'\u00cele-de-France, aux  agents  de  Unit\u00e9  d\u00e9partementale  des  Hauts-\nde-Seine  ;\nVu  la d\u00e9claration  d'activit\u00e9s de  services  \u00e0 la personne  d\u00e9pos\u00e9es  le 28  janvier 2026  au  nom\nde  la micro-entreprise BRICHE  JEREMY  sise 17  Rue  Carmot  \u00e0 COURBEVOIE  (82400)\n\n'Apr\u00e8s  examen  du  dossier,  cette  demande  \u00e9tant conforme  aux  dispositions  de  Farticle L. 7232-1-\n1 du  code  du  travail, le pr\u00e9sent  r\u00e9c\u00e9piss\u00e9  de  d\u00e9ciaration  d'activit\u00e9s  de  services  \u00e0  la personne  a\n\u00e9t\u00e9  enregistr\u00e9  au  nom  de  la micro-entreprise  BRICHE  JEREMY  sous  le num\u00e9ro  SAP\n100403628,\nLes  activites  d\u00e9clar\u00e9es  sont  les  suivantes,  \u00e0  exclusion  de  toute  autre\nEntretien  de  Ia maison  et  travaux  m\u00e9nager\nPrestations  relevant  du  b\u00e9n\u00e9fice  de  la r\u00e9duction  d'imp\u00f4t  pr\u00e9vue  \u00e0 l'article 199  sexdecies  du  Code\nG\u00e9n\u00e9ral  des  Imp\u00f4ts.\nLa  structure  exerce  ces  activit\u00e9s  selon  le  mode  suivant  : PRESTATAIRE\nSous  r\u00e9serve  d'\u00eatre exerc\u00e9es  \u00e0 tire  exclusif parle  d\u00e9clarant  (ou sous  r\u00e9serve  d'une  comptabilit\u00e9\ns\u00e9par\u00e9e  pour  les  personnes  morales  dispens\u00e9es  de  la condition  d activit\u00e9 exclusive),  ces  activites\nouvrent  drot  au  b\u00e9n\u00e9fice  des  dispositions  des  articles  L. 7233-2  du  code  du  traval  et  L. 241-10\ndu  code  de  la s\u00e9curit\u00e9  sociale.\nConform\u00e9ment  aux  dispositions  de  l'article R7232-19  du  code  du  travail l'organisme  d\u00e9clar\u00e9  doit\nproduire  au  moins  chaque  timestre  un  \u00e9tat d'activit\u00e9 et chaque  ann\u00e9e  un  bilan quantitatif et\nquaitatf  de  Factivite  exerc\u00e9e  au  tire  de  l'ann\u00e9e  \u00e9coul\u00e9e  ainsi  qu'un  tableau  statistique  annuel.\nSi  l'organisme  d\u00e9clar\u00e9  comporte  plusieurs  \u00e9tablissements,  les  \u00e9tats  statistiques  et le bilan  annuel\ndistinguent  l'activit\u00e9 exerc\u00e9e  par  chaque  \u00e9tablissement.\nLo  pr\u00e9sent  r\u00e9c\u00e9piss\u00e9  prend  effet  le 28  janvier  2026.\nL'enregistrement de Ia d\u00e9claration  pourra  \u00eatre  retir\u00e9  si l'organisme d\u00e9clar\u00e9  cesse  de  remplir\nes  conditions  ou  de  respecter  les obligations  mentionn\u00e9es  aux  4,5\u00b0  ot 6\u00b0 de  l'article\n723247 ou  qui  m\u00e9connait les  obligations  d\u00e9finies \u00e0 article  R7232-19  du  code du  travail.\ndevra,  sous\nupr\u00e9s  de  l'Unit\u00e9faraion, faire Tobjet dune d\u00e9claration moicalvea\nd\u00e9partementale  dos  Hauts-de-Ser\nLe  pr\u00e9sent  r\u00e9c\u00e9piss\u00e9  sera  publi  au  recuel  des  actes  administratifs  de  La pr\u00e9fecture  des  Hauts-\nde-  Seine\nFait  \u00e0 Nanterre, le 02  f\u00e9vrier 2028.\nPour  le Pr\u00e9fet\nPar  d\u00e9l\u00e9gation  et  subd\u00e9l\u00e9gation\nLa  Responsable  du service\nD\u00e9veloppement  de  l'emploi  et  des\ncomp\u00e9tences\nleurs\nMariana  CONDE\n\nvu\nvu\nvu\nvu\nw\nvu\nvu\nvu\nPREFECTURE  DES  HAUTS-DE-SEINE\nLE  PREFET  DES  HAUTS-DE-SEINE\nArr\u00eat\u00e9  N\u00b0  2026-053\nReconnaissant  la qualit\u00e9 de  Soci\u00e9t\u00e9  Coop\u00e9rative\nOuvri\u00e8re  de  Production  (SCOP)\nle  d\u00e9cret n\u00b0 82-389  du 10 mai 1982 relatif aux pouvoirs  des pr\u00e9fets ;\nloi n\u00b0 47-1775  du  10  septembre  1947  portant statut de  la coop\u00e9ration\nla loi n\u00b0 78-763  du  19  juillet 1978  portant statut des  Soci\u00e9t\u00e9s  Coop\u00e9ratives  Ouvri\u00e8res  de\nProduction,  et notamment  son article 54  ;\n{a loi n\u00b0  92-643  du  13  ullt  1992  relative \u00e0 la modernisation  des  entreprises  coop\u00e9ratives  ;\nLe code  des  march\u00e9s  publics, et notamment  les articles 53  et 91  dudit code  ;\nle d\u00e9cret n\u00b0 87-276  du  16  avril 1987  portant modification du  d\u00e9cret n\u00b0 79-376  du  10  mai\n1978  fixant les conditions  d'\u00e9tablissement  de  la liste des  Soci\u00e9t\u00e9s  Coop\u00e9ratives  Ouvri\u00e8res\nde  Production  ;\nle d\u00e9cret  n\u00b0 97-34  du  15  janvier 1997  relatif \u00e0  la d\u00e9concentration  des  d\u00e9cisions\nadministratives  individuelles ;\nle  d\u00e9cret  n\u00b0  93-455  du  23  mars  1993  relatif \u00e0 la sortie du statut coop\u00e9ratif;\nle d\u00e9cret n\u00b0 93-1231  du  10  novembre  1993  relatif\u00e0 la reconnaissance de  la qualit\u00e9 de\nSoci\u00e9t\u00e9  Coop\u00e9rative  Ouvri\u00e8re de  Production\nJe d\u00e9cret du  31 octobre  2024  portant nomination  de Monsieur  Alexandre  BRUGERE,  en\nquait\u00e9 de Pr\u00e9fet des Hauts-de-Seine ;\nl'arr\u00eat\u00e9 interminist\u00e9riel 12  ao\u00fbt  2025  nommant  Monsieur  Fabrice  MASI,  Directeur,\nr\u00e9gional et interd\u00e9partemental de l'\u00e9conomie, de l'emploi, du travailet des solidarit\u00e9s\nd'ie-de-France  \u00e0  compter  du  25  ao\u00fbt  2025  ;\nl'arr\u00eat\u00e9 pr\u00e9fectoral  n\u00b02025-33  du  22  ao\u00fbt  2025  par  lequel  le Pr\u00e9fet  des  Hauts-de-Seine\nd\u00e9l\u00e8gue  sa  signature \u00e0 Fabrice MASI,  Directeur r\u00e9gional et interd\u00e9partemental de\nl'\u00e9conomie, de l'emploi, du travalet des solidarit\u00e9s d'\u00cele-de-France ;\n\n'Vu  la d\u00e9cision  n\u00b0  2025-157  du  25  ao\u00fbt  2025  portant  subd\u00e9l\u00e9gation  de  signature  de  Monsieur\nFabrice  MASI,  Directeur  r\u00e9gional  et interd\u00e9partemental  de  l'\u00e9conomie,  de  l'emploi,  du,\ntravail et des  solidant\u00e9s  d'le-de-France,  aux  agents  de  l'Unit\u00e9 d\u00e9partementale  des  Hauts-\nde-Seine  ;\nVu  | l'avis de  la Conf\u00e9d\u00e9ration  G\u00e9n\u00e9rale  des  Soci\u00e9t\u00e9s  Coop\u00e9ratives  Ouvri\u00e8res  de  Production  en\ndate  du  26  janvier 2026.\nARR\u00caTE\nI:  La  soci\u00e9t\u00e9  PANKZSOFT  ~  126  avenue  du  G\u00e9n\u00e9ral  Leclerc  ~  $2100  BOULOGNE\nBILLANCOURT,  est  habilt\u00e9e  \u00e0  prendre  l'appellation de  Soci\u00e9t\u00e9  Coop\u00e9rative  Ouvri\u00e8re  de\nProduction  ou  de  Soci\u00e9t\u00e9  Coop\u00e9rative  de  Travalleurs  ou  \u00e0 utiliser cette appellation  ou les initiales.\n\u00ab S.C.OP.  \u00bb ainsi qu'\u00e0  pr\u00e9tendre  au b\u00e9n\u00e9fice  des  dispositions  pr\u00e9vues  parles  textes  l\u00e9gislatifs ou\nr\u00e9glementaires  relafs  aux  Soci\u00e9t\u00e9s  Coop\u00e9ratives  Ouvri\u00e8res  de  Production,\nArticle 2:  Cette  m\u00eame  soci\u00e9t\u00e9  pourra  pr\u00e9tendre  au  b\u00e9n\u00e9fice  des  avantages  pr\u00e9vus  aux  articles 53\n'et 91  du  code  des  march\u00e9s publics,\nAticle 3 ; Lthabiltaion  accord\u00e9e  en  vertu  du  pr\u00e9sent  arr\u00eat\u00e9, \u00e0 la soci\u00e9t\u00e9  vis\u00e9e  a l'article 1\u00b0, est\nvalable.  sous  r\u00e9serve  des  dispositions  des  articles 2 et 4  du  d\u00e9cret  n\u00b0  93-1231  du  10  novembre\n1993  relaif \u00e0 la reconnaissance  de  la qualit\u00e9 de  Soci\u00e9t\u00e9  Coop\u00e9rative  Ouvri\u00e8re  de  Production,  \u00e0\ncompter  de  la date  dinscription  en  tant que  de  Soci\u00e9t\u00e9  Coop\u00e9rative  Ouvri\u00e8re  de  Production  au\nregistre  du  commerce,  et  jusqu'\u00e0  radiation  prononc\u00e9e  dans  les  conditions  pr\u00e9vues par  les  articles\n6 et 7 du  m\u00eame  texte,\nFait \u00e0  Nanterre,  le 02  f\u00e9vrier 2026\nPour  le Pr\u00e9fot\nPar  d\u00e9l\u00e9gation  ot  subd\u00e9l\u00e9gation\nLa  Responsable  du  service\nD\u00e9veloppement  de  l'emploi  et des\ncomp\u00e9tences\nyp\nNende\n\n=\nvu\nvu\nvu\nvu\nvu\nvu\nvu\nvu\nPREFECTURE  DES  HAUTS-DE-SEINE\nLE  PREFET  DES  HAUTS-DE-SEINE\nArr\u00e8t\u00e9  N\u00b0  2026-054\nReconnaissant  la qualit\u00e9 de  Soci\u00e9t\u00e9  Coop\u00e9rative\nOuvri\u00e8re  de  Production  (SCOP)\nle d\u00e9cret  n\u00b0 82-389  du  10  mai  1982  relatif aux  pouvoirs  des  pr\u00e9fets ;\nLa loin' 47-1775  du  10  septembre  1947  portant  statut de  la coop\u00e9ration\nla loi n\u00b0  78-763  du  19  juillet 1978  portant  statut des  Soci\u00e9t\u00e9s  Coop\u00e9ratives  Ouvri\u00e8res  de\nProduction,  et notamment  son  article 54  ;\nLa loi n\u00b0 92-643  du  13 jullet 1992  relative \u00e0 la modernisation  des  entreprises  coop\u00e9ratives\nle code  des  march\u00e9s  publics, et notamment  les articles 53  et 91  dudit code  ;\nLe d\u00e9cret  n\u00b0  87-276  du  16  avril 1987  portant  modification  du  d\u00e9cret  n\u00b0  79-376  du  10  mai\n1978  fixant les conditions d'\u00e9tablissement  dela  liste des  Soci\u00e9t\u00e9s  Coop\u00e9ratives  Ouvri\u00e8res\nde  Production  ;\nle d\u00e9cret  n\u00b0 97-34  du  15  janvier  1997  relatif \u00e0  la d\u00e9concentration  des  d\u00e9cisions\nadministratives  individuelles ;\nle  d\u00e9cret n\u00b0  93-455  du  23  mars  1903  relatif \u00e0 la sortie du  statut coop\u00e9ratif;\nle d\u00e9cret  n\u00b0 93-1231  du  10  novembre  1983  relatif\u00e0 la reconnaissance de  la qualt\u00e9  de\nSoci\u00e9t\u00e9  Coop\u00e9rative  Ouvri\u00e8re  de  Production\nle d\u00e9cret du  31 octobre  2024  portant nomination  de  Monsieur  Alexandre  BRUGERE,  en\nqualit\u00e9 de Pr\u00e9fet des Hauts-de-Seine\nl'arr\u00eat\u00e9 interminist\u00e9riel 12 ao\u00fbt  2025  nommant  Monsieur  Fabrice MASI,  Direct.\nr\u00e9gional et interd\u00e9partementa  de  l'\u00e9conomie,  de l'emploi, du  travail et des  solidarit\u00e9\ndlle-de-France  \u00e0 compter  du  25  ao\u00fbt  2025\nl'rr\u00e9t\u00e9  pr\u00e9fectoral  n\u00b02025-33  du  22  ao\u00fbt  2025  par  lequel  le Pr\u00e9fet  des  Hauts-de-Seine\nd\u00e9l\u00e8gue  sa  signature  \u00e0 Fabrice  MASI,  Directeur  r\u00e9gional  et interd\u00e9partemental  de\nl'\u00e9conomie, de l'emploi, du travailet des solidarit\u00e9s d'\u00cele-de-France\n\n'Vu la d\u00e9cision  n\u00b0  2025-157  du  25  ao\u00fbt  2025  portant  subd\u00e9l\u00e9gation  de  signature  de  Monsieur\nFabrice  MASI,  Directeur  r\u00e9gional  et interd\u00e9partemental  de  l'\u00e9conomie,  de  l'emploi, du,\ntravail et  des  solidarit\u00e9s  d'lle-de-France,  aux  agents  de  l'Unit\u00e9  d\u00e9partementale  des  Hauts\nde-Seine ;\nVu  l'avis de la Conf\u00e9d\u00e9ration  G\u00e9n\u00e9rale  des  Soci\u00e9t\u00e9s  Coop\u00e9ratives  Ouvri\u00e8res  de  Production  en\n'date  du  27  janvier  2026.\nARR\u00caTE\noci\u00e9t\u00e9  AGENCEMENT  GENERAL  ESNARD  COOPERATIVE  OUVRIERE  DE\n165  Boulevard  Voltaire ~ 92600  ASNIERES-SUR-SEINE,  est hablit\u00e9e  \u00e0 prendre\nl'appellation  de  Soci\u00e9t\u00e9  Coop\u00e9rative  Ouvri\u00e8re  de  Production  ou  de  Soci\u00e9t\u00e9  Coop\u00e9rative  de\nTravaileurs  ou  \u00e0  utiiser cette  appellation  ou  les initiales \u00ab S.C.O.P.  \u00bb ainsi qu'\u00e0  pr\u00e9tendre  au\nb\u00e9n\u00e9fice  des  dispositions  pr\u00e9vues  par  les textes  l\u00e9gislatifs ou  r\u00e9glementaires  relatfs aux  Soci\u00e9t\u00e9s\nCoop\u00e9ratives  Ouvr\u00e8res  de  Production.\nArticle 2  : Cette  m\u00eame soci\u00e9t\u00e9  pourra  pr\u00e9tendre  au  b\u00e9n\u00e9fice  des  avantages  pr\u00e9vus  aux  articles  53\n\"et 91  du  code  des  march\u00e9s  publics,\nAtticie 3:  L'habiitation  accord\u00e9e  en  vertu du  pr\u00e9sent  arr\u00eat\u00e9, \u00e0  la soci\u00e9t\u00e9  vis\u00e9e  \u00e0  l'article 1\u00b0, est\nvalable, sous  r\u00e9serve  des  dispositions  des  artcies  2 et 4 du  d\u00e9cret  n\u00b0 93-1231  du  10  novembre\n1993  relatif\u00e0 la reconnaissance  de  la qualit\u00e9 de  Soci\u00e9t\u00e9  Coop\u00e9rative  Ouvri\u00e8re  de  Production,  \u00e0\ncompter  de  la date dinscription  en  tant que  de  Soci\u00e9t\u00e9  Coop\u00e9rative  Ouvri\u00e8re  de  Production  au\nregistre  du  commerce,  et  jusqu'\u00e0  radiation  prononc\u00e9e  dans  les  conditions  pr\u00e9vues  par  les  art\nGet  7 du  m\u00eame  texte\nFait \u00e0  Nanterre, le 02 f\u00e9vrier 2026\nPour  le Pr\u00e9fet\nPar  d\u00e9l\u00e9gation  et  subd\u00e9l\u00e9gation\nLa  Responsable  du  service\nD\u00e9veloppement  de  l'emploi  ot  des\ncomp\u00e9tences\nads\n'Mariama CONDE\n\nvu\nvu\nvu\nvu\nvu\nvu\nvu\nvu\nvu\nvu\nPREFECTURE  DES  HAUTS-DE-SEINE\nLE  PREFET  DES  HAUTS-DE-SEINE\nArr\u00eat\u00e9  N\u00b0  2026-055\nReconnaissant  la qualit\u00e9 de  Soci\u00e9t\u00e9  Coop\u00e9rative\nOuvri\u00e8re  de  Production  (SCOP)\nle  d\u00e9cret n\u00b0 82-389 du 10 mai  1982  relatif aux pouvoirs des  pr\u00e9fets ;\nloi n\u00b0 47-1775  du  10  septembre 1947  portant statut de la coop\u00e9ration ;\nLa loi n\u00b0 78-763  du  19 juillet 1978  portant statut des  Soci\u00e9t\u00e9s  Coop\u00e9ratives  Ouvri\u00e9res  de\nProduction,  et notamment  son article 54  ;\nla lo n\u00b0 92-643  du  13  juillet 1992  relative \u00e0 la modernisation  des  entreprises coop\u00e9ratives  ;\nLe code  des march\u00e9s  publics, et notamment  les articles 53  et 91 dudit code  ;\nle d\u00e9cret n\u00b0 87-276  du  16  avril 1987  portant modification du  d\u00e9cret n\u00b0 79-376  du  10  mai\n1978  fixant les conditions d'\u00e9tablissement de la liste des  Soci\u00e9t\u00e9s Coop\u00e9ratives  Ouvri\u00e8res\n'de Production  ;\nle d\u00e9cret n\u00b0 97-34  du  15 janvier 1997  relatif \u00e0 la d\u00e9concentration  des  d\u00e9cisions\nadministratives individuelles;\nle  d\u00e9cret n\u00b0 93-455 du  23 mars  1993  relatif \u00e0 la sortiedu statut coop\u00e9ratif\nle d\u00e9cret n\u00b0 93-1231  du  10  novembre  1993  relai \u00e0 la reconnaissance  de  la quait\u00e9  de\nSoci\u00e9t\u00e9  Coop\u00e9rative  Ouvri\u00e8re de Production  ;\nle d\u00e9cret du  31 octobre  2024  portant nomination  de  Monsieur  Alexandre  BRUGERE,  en\nqualit\u00e9de Pr\u00e9fet des Hauts-de-Seine\nl'arr\u00eat\u00e9 interminist\u00e9riel 12 ao\u00fbt 2025  nommant  Monsieur  Fabrice  MASI, Directeur,\nr\u00e9gional  et interd\u00e9partementa  de  l'\u00e9conomie,  de  l'emploi, du travail et des  solidarit\u00e9s\ndlle-de-France  \u00e0 compter  du  25  ao\u00fbt  2025  ;\narr\u00eat\u00e9  pr\u00e9fectoral  n\u00b02025-33  du  22  ao\u00fbt  2025  par  lequel  le Pr\u00e9fet  des  Hauts-de-Seine\nd\u00e9l\u00e8gue  sa  signature \u00e0 Fabrice MASI,  Directeur r\u00e9gional et interd\u00e9partemental de\nl'\u00e9conomie, de l'emploi, du travail et des solidart\u00e9s d'\u00cele-de-France ;\n\nVu  la d\u00e9cision  n\u00b0  2025-157  du  25  ao\u00fbt  2025  portant  subd\u00e9l\u00e9gation  de  signature  de  Monsieur\nFabrice  MASI,  Directeur  r\u00e9gional  et  interd\u00e9partemental  de  l'\u00e9conomie,  de  l'emploi,  du,\ntravail et  des  solidarit\u00e9s  de-de-France,  aux  agents  de  l'Unit\u00e9  d\u00e9partementale  des  Hauts-\nde-Seine ;\nVu  | l'avis de  la Conf\u00e9d\u00e9ration  G\u00e9n\u00e9rale  des  Soci\u00e9t\u00e9s  Coop\u00e9ratives  Ouvri\u00e8res  de  Production  en\ndate  du  28  janvier  2026.\nARRETE\nI\": La  soci\u00e9t\u00e9  THEATRE  DE  GENNEVILLIERS  CENTRE  DRAMATIQUE  NATIONAL  \u2014\n41  Avenue  des  Gr\u00e9silons  ~  92230  GENNEVILLIERS,  est  habilt\u00e9e  \u00e0  prendre  l'appellation  de\nSoci\u00e9t\u00e9  Coop\u00e9rative  Ouvri\u00e8re  de  Production  ou  de  Soci\u00e9t\u00e9  Coop\u00e9rative  de  Travalleurs  ou  \u00e0  utliser\ncette  appellation  ou  les  initiales \u00ab  S.C.OP.  \u00bb  ainsi qu'\u00e0  pr\u00e9tendre  au  b\u00e9n\u00e9fice  des  dispositions.\npr\u00e9vues  par  les  textes l\u00e9gislatifs  ou  r\u00e9glementaires  relatifs aux  Soci\u00e9t\u00e9s  Coop\u00e9ratives  Ouvri\u00e8res.\nde  Production,\nCette  m\u00eame  soci\u00e9t\u00e9  pourra  pr\u00e9tendre  au  b\u00e9n\u00e9fice  des  avantages  pr\u00e9vus  aux  articles 53\n'et 91  du  code  des  march\u00e9s  publics,\nArticle 3.  L'habltation  accord\u00e9e  en  vertu  du  pr\u00e9sent  arr\u00eat\u00e9,  \u00e0  la soci\u00e9t\u00e9  vis\u00e9e  \u00e0  l'article 1\",\nvalable,  sous  r\u00e9serve  des  dispositions  des  articles  2 et  4 du  d\u00e9cret  n\u00b0  93-1231  du  10  novemt\n1993  relatf  \u00e0  la reconnaissance  de  la qualit\u00e9  de  Soci\u00e9t\u00e9  Coop\u00e9rative  Ouvri\u00e8re  de  Production,  \u00e0\ncompter  de  la date  d'inscription en  tant que  de  Soci\u00e9t\u00e9  Coop\u00e9rative  Ouvri\u00e8re  de  Production  au\nregistre du  commerce,  et jusqu'\u00e0  radiation prononc\u00e9e  dans  les conditions  pr\u00e9vues par  les articles\nBet  7 du  m\u00eame  text,\nFait \u00e0 Nanterre  le 02  f\u00e9vrier 2026\nPour  Pr\u00e9tt\nPar  d\u00e9l\u00e9gation  ot  subd\u00e9t\u00e9gatin\nLa  Responsable  du  service\nD\u00e9veloppement  de  l'emploi  et  des\ncomp\u00e9tences\nYoder\nMarlama  CONDE\n\nEE  Direction r\u00e9gionale  et interd\u00e9partementale\n'de l'\u00e9conomie,  de  l'emploi,\nRTL  DELA ARTE  du traval et des solidarit\u00e9s.\nDES  SOLIDARIT\u00c9S\nET  DES  FAMILLES\nme\nR\u00e9c\u00e9piss\u00e9  n\u00b02026-056  de  d\u00e9claration  d'activit\u00e9s  de  services  \u00e0 la personne\nenregistr\u00e9e  sous  le n\u00b0  SAP989404645 au nom  de  la micro-entreprise  LEAL  Ma\u00ebline\nsise  21  Rue  Victor  Hugo  \u00e0  COLOMBES  (92700)\nLE  PREFET  DES  HAUTS-DE-SEINE\nVu  la loi n\u00b0 2010-863  du  23  jullet 2010  relative aux  r\u00e9seaux  consulaires,  au  commerce et \u00e0\nl'artisanat et aux  services (article 31)\nVu  la loi n\u00b02015-1776  du  28  d\u00e9cembre  2015  relative \u00e0 l'adaptation de  la soci\u00e9t\u00e9 au\nviilssement ;\nVu  l'aricie D7231:1  du  Code  du travail;\nVu  les d\u00e9crets n\u00b0 2011-1132  et n\u00b0 2011-1133  du  20  septembre  2011  modifiant certaines\ndispositions  du  Code  du  travail, relatives au  ch\u00e8que  emploi-service  universel  et aux\nservices  \u00e0 a  personne  ;\nVu  le  d\u00e9cret  n\u00b02016:750  du  6 juin 2016  relat  \u00e0 la liste des  activit\u00e9s de  services \u00e0 la personne\nsoumises  \u00e0 agr\u00e9ment  ou  \u00e0 autorisation dans  le cadre  du  r\u00e9gime  commun  de  la d\u00e9claration ;\n'Vu le d\u00e9cret  du  31  octobre  2024  portant  nomination  de  Monsieur  Alexandre  BRUGERE,  en\nqualit\u00e9 de Pr\u00e9fet des Hauts-de-Seine;\nVu  l'ar\u00e9t\u00e9 interminist\u00e9riel du  12 ao\u00fbt 2025  nommant  Monsieur  Fabrice MASI, Directeur\nr\u00e9gional  et interd\u00e9partemental  de  l'\u00e9conomie,  de  l'emploi, du  travail et des  solidarit\u00e9s d'le-\n'de-France \u00e0  compter  du 25  ao\u00fbt  2025  ;\nVu  l'arr\u00e8t\u00e9 pr\u00e9fectoral n\u00b02025-33  du  22  ao\u00fbt  2025  par  lequel  le Pr\u00e9fet  des  Hauts-de-Seine\nd\u00e9l\u00e8gue  sa  signature  \u00e0 Monsieur  Fabrice  MASI,  Directeur  r\u00e9gional  et iterd\u00e9partementai\nde  l'\u00e9conomie, de l'emploi, du traval et des soldarit\u00e9s d'\u00cele-de-France ;\nVu  la d\u00e9cision  n\u00b0  2025-157  du  25  ao\u00fbt  2025  portant  subd\u00e9l\u00e9gation  de  signature  de  Monsieur\nFabrice  MASI,  Directeur  r\u00e9gional  et interd\u00e9partemental  de  l'\u00e9conomie,  de  l'emploi, du\ntravail et des  soldari\u00e9s  d'le-de-France,  aux  agents  de  I Unit\u00e9  d\u00e9partementale  des  Hauts-\nde-Seine\n'Vu la  d\u00e9claration d'activit\u00e9s de services  a la  personne  d\u00e9pos\u00e9es  le 10 novembre 2025  au  nom\nde  la micro-entreprise  LEAL  Maline  sise  21  Rue  Victor Hugo  \u00e0 COLOMBES  (82700)  ;\n\nApr\u00e8s  examen  du  dossier,  cette  demande  \u00e9tant  conforme  aux  dispositions  de  article  L. 7232-1-\n1 du  code  du  travail, le pr\u00e9sent  r\u00e9c\u00e9piss\u00e9  de  d\u00e9claration  d'activit\u00e9s  de  services  \u00e0  la personne  \u00e0\n\u00e9t\u00e9  enregistr\u00e9  au  nom  de  la micro-entreprise  LEAL.  Ma\u00eblne  sous le num\u00e9ro  SAP  989404645,\nLes  activit\u00e9s d\u00e9clar\u00e9es  sont  les suivantes,  \u00e0 l'exclusion de  toute autre\nGarde  d'enfants  de  plus  de  trois ans  \u00e0  domicile;\nSoutien  scolaire  ou  cours  \u00e0  domicli\nPrestations  relevant  du  b\u00e9n\u00e9fice  dela  r\u00e9duction  d'imp\u00f4t  pr\u00e9vue  \u00e0 l'article 199  sexdecies  du  Code\nG\u00e9n\u00e9ral  des  impots,\nLa structure  exerce  ces  activit\u00e9s  selon  le  mode  suivant RESTATAIRE\nSous  r\u00e9serve  d'\u00eatre exerc\u00e9es  \u00e0  tire exclusif parle  d\u00e9clarant  (ou sous  r\u00e9serve  d'une  comptablit\u00e9\ns\u00e9par\u00e9e  pour  les  personnes  morales  dispens\u00e9es  de la condition  d'activit\u00e9  exclusive).  ces  activit\u00e9s.\nouvrent  drot  au  b\u00e9n\u00e9fice  des  dispositions  des  articles L. 7233-2  du  code  du  traval ef L. 241-10\ndu  code  de  la s\u00e9curit\u00e9  sociale\nConform\u00e9ment  aux  dispositions  de  l'article R7232-19  du  code  du  travail, l'organisme  d\u00e9clar\u00e9  doit\nproduire  au  moins  chaque  trimestre  un  \u00e9tat d'actiit\u00e9 et chaque  ann\u00e9e  un  bis\nualtaf  de  l'activit\u00e9 exerc\u00e9e  au  tre  de  l'ann\u00e9e  \u00e9coul\u00e9e  ainsi  qu'un tableau\nSi 'organisme d\u00e9clar\u00e9  comporte  plusieurs  \u00e9tablissements  les \u00e9tats statistique\ndlstinguent  l'activit\u00e9 exerc\u00e9e  par  chaque  \u00e9tablissement\ntle  bilan  annuel\nLo  pr\u00e9sent  r\u00e9c\u00e9piss\u00e9 prend  effet  le  10  novembre  2025.\nL'enregistrement de  la d\u00e9claration  pourra \u00eatre  retir\u00e9 si l'organisme d\u00e9clar\u00e9  cesse  de  remplir\nes  conditions  ou  de  respecter  les obligations  mentionn\u00e9es  aux  4',8\u00b0 et 6\u00b0  de  l'article\nR723247  ou  qui  m\u00e9connait  les  obligations  d\u00e9finies \u00e0 l'article R7232-19  du  code  du  travail.\ntructure  d\u00e9clar\u00e9e o \u00e9s  oxorc\u00e9es  devra,  sous\nre  objet  d'une  d\u00e9claration  modificatve  aupr\u00e9s  de  [Unite\nute modification concernant\npeine  de  retrait de la d\u00e9claration,  fa\n'd\u00e9partementale  des  Hauts-de-Seine.\nLe  pr\u00e9sent  r\u00e9c\u00e9piss\u00e9  sera  publi\u00e9  au  recuel  des  actes  administratifs  de  la pr\u00e9fecture  des  Hauts-\nde-Seine.\nFait \u00e0  Nanterre,  le 02 f\u00e9vrier 2028.\nPour  le Pr\u00e9tet\nPar  d\u00e9l\u00e9gation  et  subd\u00e9l\u00e9gation\nLa  Responsable  du  service\nD\u00e9veloppement  de  l'emploi  et  des\ncomp\u00e9tences  a\nGuet\u00e9\nMariama  CONDE\n\nEs\nMINIST\u00c8RE de l'\u00e9conomie,  de  l'emploi,\nDU  TRAVAIL,  DE  LA  SANT\u00c9,  du travail et des solidarit\u00e9s\nDES  SOLIDARIT\u00c9S\nET  DES  FAMILLES\nEM\nR\u00e9c\u00e9piss\u00e9  n\u00b02026-057  de  d\u00e9claration  d'activit\u00e9s de services  \u00e0  la personne\nenregistr\u00e9e  sous  le n\u00b0  SAP994953388  au  nom  de  la micro-entreprise  BOUDJEMA\nKOUSSAILA  sise  3  all\u00e9e  Fernand  L\u00e9ger  \u00e0  NANTERRE  (92000)\nLE  PREFET  DES  HAUTS-DE-SEINE\nloi n\u00b0 2010-863  du  23  jullet 2010  relative aux  r\u00e9seaux  consul\nl'artisanat et aux  services  (article 31);\nVu  Ia loi n\u00b02015-1776  du  28  d\u00e9cembre  2015  relative \u00e0 l'adaptation de  la soci\u00e9t\u00e9  au\nviilissement ;\nVu  [article 07231-1  du  Code  du  travail\nVu  les d\u00e9crets  n\u00b0 2011-1132  et n\u00b0 2011-1133  du  20  septembre  2011  modifiant  certaines\ndispositions  du  Code  du  travail, relatives au  ch\u00e8que  emploi-service  universel et aux\nservices \u00e0 la personne\nVu  le  d\u00e9crot  2016-750 du 6 juin 2016  relat \u00e0 la  iste des activit\u00e9s de  services \u00e0 Ia personne\nsoumises  \u00e0 agr\u00e9ment  ou  \u00e0 autorisation dans  le cadre  dur\u00e9gime  commun de a d\u00e9claration\nVu  le d\u00e9cret du  31 octobre 2024  portant nomination  de  Monsieur  Alexandre  BRUGERE,  en\n'qualit\u00e9 de Pr\u00e9fet des Hauts-de-Seine\nVu  l'arr\u00eat\u00e9 interminist\u00e9riel du  12 ao\u00fbt  2025  nommant  Monsieur  Fabrice MASI, Directeur\nr\u00e9gional et iterd\u00e9partemental  de  l'\u00e9conomie,  de l'emploi du  travail et des  solidarit\u00e9s d'le-\nde-France  \u00e0 compter  du  25  ao\u00fbt  2025\nVu  l'arr\u00eat\u00e9 pr\u00e9fectoral n'2025-33  du  22  ao\u00fbt  2025  par  lequel le Pr\u00e9fet  des  Hauts-de-Seine\nd\u00e9l\u00e8gue  sa  signature  \u00e0 Monsieur  Fabrice  MASI,  Directeur  r\u00e9gional  etinterd\u00e9partemental\nde  l'\u00e9conomie, de  l'emploi du  travail et des  solidarit\u00e9s d'\u00cele-de-France ;\nVu  la d\u00e9cision n\u00b0 2025-187 du  25  ao\u00fbt  2025  portant subd\u00e9l\u00e9gation  de  signature de  Monsieur\nFabrice  MASI, Directeur  r\u00e9gional  et interd\u00e9partemental  de  l'\u00e9conomie,  de  l'emploi, du\ntravail et des  solidarit\u00e9s d'le-de-France,  aux  agents  de  l'Unit\u00e9 d\u00e9partementale  des  Hauts-\nde-Seine\nVu  la d\u00e9claration  d'actvit\u00e9s de  services  \u00e0 la personne  d\u00e9pos\u00e9es  le  18 janvier 2026  au  nom\nde  La micro-entreprise  BOUDJEMA  KOUSSAILA  sise 3 alle  Fernand  L\u00e9ger \u00e0  NANTERRE\n(82000)\n\nApr\u00e8s  examen  du  dossier,  cette  demande  \u00e9tant  conforme  aux  dispositions  de  Farticle  L. 7232-1-\n1 du  code  du  travail, le pr\u00e9sent  r\u00e9c\u00e9piss\u00e9  de  d\u00e9claration  d activites de  services  \u00e0 la person\n\u00e9t\u00e9  enregistr\u00e9  au  nom  de  la micro-entreprise  BOUDJEMA  KOUSSAILA  sous  le num\u00e9ro  SAP\n994953988,\nLes  activit\u00e9s d\u00e9clar\u00e9es  sont  les suivantes, \u00e0 l'exclusion de  toute  autre\n= Entrotion  de  la  maison  ot  travaux  m\u00e9nager\n+ Livraison  de  repas  \u00e0  domicile\nLivraison  de  courses  \u00e0  domicile;\nPrestations  relevant  du  b\u00e9n\u00e9fice  dela  r\u00e9duction  d'imp\u00f4t  pr\u00e9vue  \u00e0 Varticle 199  sexdecies  du  Code\nG\u00e9n\u00e9ral  des  Imp\u00f4ts.\nLa  structure  exerce  ces  activit\u00e9s  selon  lo  mode  suivant  : PRESTATAIRE\nSous  r\u00e9serve  d'\u00eatre exerc\u00e9es  \u00e0 tire exclusif parle  d\u00e9clarant  (ou sous  r\u00e9serve  d'une  comptablit\u00e9\ns\u00e9par\u00e9e  pour  les personnes  morales  dispens\u00e9es  de  la condition  d'activit\u00e9 exclusive), ces  activit\u00e9s\nouvrent  drot  au  b\u00e9n\u00e9fice  des  dispositions des  articles L. 7233-2  du  code  du  travail et L. 241-10\ndu  code  dela  s\u00e9curit\u00e9  sociale.\nConform\u00e9ment  aux  dispositions  de  'rtcie  R7232-19  du  code  du  travail, organisme  d\u00e9clar\u00e9  doit\nproduire  au  moins  chaque  trimestre un  \u00e9tat d'activit\u00e9 et chaque  ann\u00e9e  un  bilan quantiati  et\nqualtatf de l'activit\u00e9 exerc\u00e9e  au  tre de l'ann\u00e9e \u00e9coul\u00e9e  ainsi qu'un  tableau  statistique annuel.\nSi Forganisme  d\u00e9clar\u00e9  comporte  plusieurs  \u00e9tablissements,  les \u00e9tats statistiques et le bilan annuel\ndistinguent  activit\u00e9  exerc\u00e9e  par  chaque  \u00e9tablissement.\nLe  pr\u00e9sent  r\u00e9c\u00e9piss\u00e9  prond  effet le 18  janvier  2026.\nLenregistroment  de  la d\u00e9claration  pourra  \u00eatre retir\u00e9 si l'organisme  d\u00e9clar\u00e9 cesse de  remplir\nles conditions  ou  de  respecter  les obligations  mentionn\u00e9es  aux  4\u00b0,6\u00b0 et  6\u00b0  de  l'article\nR7282.17  ou  qui  m\u00e9connait  les  obligations  d\u00e9finies  \u00e0 l'article R7232-19  du  code  du  travall,\n'Toute  modification concernant la structure d\u00e9clar\u00e9e ou les activit\u00e9s exercbes devra. sous\npeine  de  retrat de la d\u00e9claration,  faire objet  une  d\u00e9claration  modiicatve  aupr\u00e9s  de  TUnte\nd\u00e9partementale  des  Hauts-de-Seine\nLe  pr\u00e9sent  r\u00e9c\u00e9piss\u00e9  sera  publi\u00e9  au  recuell  des  actes  administratifs  de  la pr\u00e9fecture  des  Hauts-\nde-Seine.\nFait  \u00e0  Nanterre, le 02  f\u00e9vrier  2028.\nPour  Pr\u00e9fet\nPar  d\u00e9l\u00e9gation  et  subd\u00e9l\u00e9gation\nLa  Responsable  du  service\nD\u00e9veloppement  de  l'emplo  et  des\ncomp\u00e9tences\na.(\nmt\n\nvu\nvu\nvu\nvu\nvu\nvu\nvu\nw\nw\nvu\nat\u00bb  Rares\n\u00e9ronuap  \u00e7a\nLe  Pr\u00e9fet des  Hauts-de-Seine\nPR\u00c9FET  DES  HAUTS  DE  SEINE\nDECISION  D'AGR\u00c9MENT  ENTREPRISE  SOLIDAIRE  D'UTILITE  SOCIALE  (ESUS)\nN\u00b02026-088  DU  02  F\u00e9vrier  2026\nSAS  SOSEN\nLE  PREFET  DES  HAUTS-DE  SEINE\nLa lin  2001-182 du  19\u00e9vier  2001  relative \u00e0 \u00e9pargne  salariale;\nLa oi  n*  2008-776 du  4 ao\u00fbt  2008  de modemisaion de l'\u00e9conomie:\nJaloi n\u00b0 2014-856  du  31 juillet 2014  relative \u00e0 l'\u00e9conomie sociale et solidaire;\nLes  articles L 3982-17-1,  R  3332-21 \u00e0  215  du  Code  du  travail\nle  d\u00e9cret n\u00b0  2008-304  du  18  mars  2009  relatif aux  entreprises solidaire\nle d\u00e9cret  n\u00b0  2015-719  du  23  juin 2015  relatif \u00e0 l'agr\u00e9ment  \u00ab entreprise  solidaire d'utilit\u00e9\nsociale\nle d\u00e9cret  n\u00b0 2015-760  du  24  juin pris pour  l'application de  l'article tier, alin\u00e9a  15  de  la loi\ndu  31  jullet 2014  ;\nle  d\u00e9cret n\u00b0  2015-858  du  13 juillet 2015  relatif aux statuts des  soci\u00e9t\u00e9s  commerciales  ayant\nla qualt\u00e9  d'entreprise  de  l'\u00e9conomie  sociale  ot solda\nLe  d\u00e9cret  n\u00b0 2015-1219 du  ter octobre 2015  relatif \u00e0 l'identificationdes  personnes  morales\n'de drot priv\u00e9 ayant la qualit\u00e9 d'entreprises de l'\u00e9conomie  socialeet solidaire ;\nle  d\u00e9cret  du  31  octobre  2024  portant  nomination  de  Monsieur  Alexandre  BRUGERE,  en\n'qualit\u00e9 de Pr\u00e9fet des Hauts-de-Seine ;\nl'ar\u00ebt\u00e9  du  5 ao\u00fbt  2015  fixant la composition  du  dossier  d'agr\u00e9ment\nl'arr\u00eat\u00e9 interminist\u00e9riel du  12  ao\u00fbt  2025  nommant  Monsieur  Fabrice  MASI,  Directeur\nr\u00e9gional  et interd\u00e9partemental  de  l'\u00e9conomie,  de  l'emploi, du  travail et des solidarit\u00e9s d'\u00cele-\nde-France \u00e0 compter  du  25  ao\u00fbt  2025  ;\nl'arr\u00e8t\u00e9 pr\u00e9fectoral n\u00b0202533  du  22  ao\u00fbt  2025  par  lequel  le Pr\u00e9fet  des  Hauts-de-Seine\nd\u00e9l\u00e8gue  sa  signature  \u00e0 Monsieur  Fabrice  MASI,  Directeur  r\u00e9gional  et interd\u00e9partementai\nde l'\u00e9conomie, de l'emploi, du travailet des solidarit\u00e9s dile-de-France;\nLa d\u00e9cision n\u00b0 2025-157  du  25  ao\u00fbt  2025  portant subd\u00e9l\u00e9gaton  de  signature de  Monsieur\nFabrice  MASI,  Directeur  r\u00e9gional  et interd\u00e9partemental  de  l'\u00e9conomie,  de  l'emploi, du\n\ntravail et des  solidart\u00e9s  d'le-de-France,  aux  agents  de  Unit\u00e9  d\u00e9partementale  des  Hauts-\nde-Seine  ;\nVu  la demande  d'agr\u00e9ment  ESUS  de  la SAS  SOSEN  d\u00e9pos\u00e9e  le 06  octobre  2025  aupr\u00e8s  du\n'Service instructeur et d\u00e9ciar\u00e9e  compl\u00e8te  le 09  d\u00e9cembre  2025  ;\n'Vu les demandes  compl\u00e9mentaires  du  service instructeur adress\u00e9es  SAS  SOSEN  par  mais\n'du 14 octobre, du  09  d\u00e9cembre  2025  et du 22 janvier  2028\nVU  les r\u00e9ponses  compl\u00e9mentaires  de  la SAS  SOSEN  transmises  au  service  instructeur par\nmails  des 14 octobre, du 13 et du 18 novembre  2025  ; des 08, 23 et 27janvier 2026 ;\nCONSIDERANT  QUE  les r\u00e9ponses  apport\u00e9es  par la SAS  SOSEN  ont permis  d'\u00e9tablir la\nconformit\u00e9  du  dossier  aux  cri\u00e8res  de  la oi  n\u00b02014-858  du  31  juilet\n2014  relative & l'\u00e9conomie  sociale et  soldaire ;\nD\u00c9CIDE\nARTICLE  tor : La  SAS  SOSEN,  sise 33  Boulevard  de Vaimy  \u00e0 Colombes  (92700)  (n\u00b0 SIREN\n951112086  - Code  APE  :  71128)  est  agr\u00e9\u00e9e  en  qualt\u00e9  d'entreprise solidaire d'utlt\u00e9  sociale\n(ESUS)  au sens de Fartice L3332-17-1 du code du travail\nARTICLE  2: Sauf  modification  de  nature  \u00e0 remettre  en  cause  la qualt\u00e9 d'entreprise  solidaire\nd'utit\u00e9 sociale en  rapport avec  l'aricle L3332-17-1  du  code  du  travail, le pr\u00e9sent agr\u00e9ment  est\naccord\u00e9  pour  une  dur\u00e9e  de  cing  ans \u00e0 compter  du  29 janvier  2026,\nARTICLE  3 : La  Directrice de  l'Unit\u00e9 d\u00e9partementale  des  Hauts-de-Seine  de  la DRIEETS  dll\n'de-France  est charg\u00e9e  de  l'ex\u00e9cution de  la pr\u00e9sente  d\u00e9cision  qu  sera  publi\u00e9e  au  Recuell  des\n'Actes Administratifs  de  la pr\u00e9fecture  des  Hauts-de-Seine,  accessible  sur le site internet de  Ia\npr\u00e9fecture de la r\u00e9gion dilede-France : www o-de-france gouv.fr\nFait \u00e0 Nanterre, le 02  f\u00e9vrier 2026,\nPour  le  Pr\u00e9fet\nPar  d\u00e9l\u00e9gation  ot  subd\u00e9l\u00e9gation\nLa  Responsable  du  service\nent  de l'emploi et des comp\u00e9tences\ni\nWGA\nMarianja CONDE\n\nEE  Direction  r\u00e9gionale  et interd\u00e9partomentale\nMINISTERE ;conomie, de  l'emploi,\nDU  TRAVAIL,  DE  LA  SANT\u00c9,  du travail et des solidarit\u00e9s\nDES  SOLIDARIT\u00c9S\nET  DES  FAMILLES\n=\nR\u00e9c\u00e9piss\u00e9  n\u00b02026-059  de  d\u00e9claration  modificative  d'activit\u00e9s  de  services  \u00e0 la\npersonne  enregistr\u00e9e  sous  le n\u00b0SAPS78869147  au  nom  de  la micro-entreprise\nOUARAB  Mohand  sise  35  Rue  des  Cailloux \u00e0  Clichy  (92110)\nLE  PREFET  DES  HAUTS-DE-SEINE\nVu  la loi n\u00b0  2010-853  du  23juilet  2010  relative aux  r\u00e9seaux  consulaires, au commerce  et \u00e0\nl'artisanat et aux  services  (article 31) ;\n'Vu la loi n\u00b02015-1778  du  28  d\u00e9cembre  2015  relative \u00e0 l'adaptation de  la soci\u00e9t\u00e9  au\nvieilissement\nVu  l'aricie D7231-1  du  Code  du travail;\nVu  les d\u00e9crots  n\u00b0 2011-1132  et n\u00b0  2011-1133  du  20  septembre  2011  modifiant  certaines\ndisposiions  du  Code  du  travail, relatives au  ch\u00e8que  emplo-service  universel  et aux\nservices  \u00e0 la personne\nVu  le d\u00e9cret  n\u00b02016:750  du  6 juin 2016  relatif \u00e0 la ist  des  activit\u00e9s de  services  \u00e0 a  personne\n'soumises \u00e0 agr\u00e9ment ou \u00e0 autorisation dans  le cadre du r\u00e9gime  commun  dela d\u00e9claration;\nVu  le d\u00e9cret du  31 octobre 2024  portant nomination  de  Monsieur  Alexandre  BRUGERE,  en\nualt\u00e9  de Pr\u00e9fet des Hauts-de-Seine\nVu  l'ar\u00e9t\u00e9  interminist\u00e9riel du  12  ao\u00fbt  2025  nommant  Monsieur  Fabrice  MASI,  Directeur\nr\u00e9gionalet interd\u00e9partemental de  l'\u00e9conomie, de l'emploi. du travail et des solidarit\u00e9sdle\nde-France \u00e0 compter  du  25  ao\u00fbt  2025  ;\nVu  l'arr\u00e9t\u00e9 pr\u00e9fectoral n\u00b02025-33  du  22  ao\u00fbt 2025  par lequel le Pr\u00e9fet des  Hauts-de-Seine\nd\u00e9l\u00e8gue  sa  signature  \u00e0 Monsieur  Fabrice  MASI,  Directeur  r\u00e9gional  et iterd\u00e9partemental\nde l'\u00e9conomie, de l'emploi, du travailet des solidart\u00e9s d'le-de-France\nVu  la d\u00e9cision  n\u00b0 2025-187  du  25  ao\u00fbt  2025  portant subd\u00e9l\u00e9gation  de  signature  de  Monsieur\nFabrice MASI,  Directeur r\u00e9gional et interd\u00e9partemental de  l'\u00e9conomie, de  l'emploi. du\nraval  et des  solidart\u00e9s d'\u00cele-de-France, aux  agents  de  l'Unit\u00e9 d\u00e9partementale  des  Hauts-\nde-Seine\nVu  r\u00e9c\u00e9piss\u00e9  de  d\u00e9claration  \u00a2 activit\u00e9 de  services  a  la personne  n'2024-1662  enregistr\u00e9  sous\nle num\u00e9ro  SAP978869147  au  nom  de la micro-entreprise OUARAB  Mohan  \u00e9mis  par l'unit\u00e9\nd\u00e9partementale  dela  Seine-Saint-Denis  (93)  de  la DRIEETS  en  date  du  29  mai  2024  ;\n\nVu  la demande  de  changement  d'adresse  de  l'\u00e9tablissement  principal d\u00e9pos\u00e9e  le 02\nnovembre  2025  au  nom  de la micro-entreprise  OUARAB  Mohand  anciennement  domicili\u00e9\nau  37  rue  des  postes \u00e0 Auberilles  (83300)  ;\nConsid\u00e9rant  que  a  pr\u00e9sente  modification  vise  \u00e0 mettre  \u00e0 jour  l'adresse de  l'\u00e9tablissement\nprincipal et du  si\u00e8ge  social de  la micro-entreprise  OUARAB  Mohand  et que\nle dossier de  demande  est conforme aux  dispositions de  l'article L. 7232-\n1 du  code  du  travail,\nLa  d\u00e9claration  activit\u00e9s  de  services  \u00e0  la personne  du  29  mai  2024  sous  le num\u00e9ro\nSAP978869147  au  nom  de  la micro-entreprise  OUARAB  Mohand est ainsi modifi\u00e9e\nLe  si\u00e8ge  social et l'\u00e9tablissement  principal de  la micro-entreprise  OUARAB  Mohand  sont\n'd\u00e9sormais domicili\u00e9s au  35  rue des  Cailoux  \u00e0 Clichy (82110),\nLes  actvit\u00e9s  d\u00e9clar\u00e9es  sont  les suivantes,  \u00e0 exclusion  de  toute  autre\n= Garde  d'enfants  de  plus  de  trois ans  \u00e0 domicile  ;\n= Entretien  de  la maison  et  travaux  m\u00e9nagers  ;\nPotits travaux  de  jardinage, y compris  les travaux  de  d\u00e9broussailage  ;\nPr\u00e9paration  de  repas  \u00e0  domicile,  y compris  le tomps  pass\u00e9  aux  courses  ;\nLivraison  de  courses  \u00e0  domicile\nLivraison  de  ropas  \u00e0  domicile\nPrestations  relevant  du  b\u00e9n\u00e9fice  de  la r\u00e9duction  d'imp\u00f4t  pr\u00e9vue\nG\u00e9n\u00e9ral  des  Imp\u00f4ts.\nLa  structure  exerce  cos  activit\u00e9s selon  les modes  suivant  : PRESTATAIRE\nSous  r\u00e9serve d'\u00eatre exerc\u00e9es  a ttre exclusif par le d\u00e9clarant (ou sous  r\u00e9serve d'une  comptablit\u00e9\ns\u00e9par\u00e9e  pour  les personnes  morales  dispens\u00e9es  de  a  condition d'actvit\u00e9 exclusive) ces activit\u00e9s\nouvrent drot au  b\u00e9n\u00e9fice des  dispostions  des  articles L. 7233-2  du  code  du  travai et L. 241-10,\ndu  code  de  la s\u00e9curit\u00e9  sociale.\n'Conform\u00e9ment  aux  dispositions de  article R7232-19  du  code  du  travail, l'organisme d\u00e9clar\u00e9 doit\nproduire  au  moins  chaque  trimestre  un  \u00e9tat d'activit\u00e9 et chaque  ann\u00e9e  un  bilan quantitatif et\n'qualtatf de Factvite exerc\u00e9e  au  tre  de  l'ann\u00e9e \u00e9coul\u00e9e  ainsi qu'un  tableau statistique annuel.\nSi l'organisme d\u00e9clar\u00e9 comport  plusieurs \u00e9tablissements, les \u00e9tats statistiques et le bilan annuel\ndistinguent  l'actit\u00e9  exerc\u00e9e  par  chaque  \u00e9tablissement.\nLe  pr\u00e9sent  r\u00e9c\u00e9piss\u00e9  prend  effet le 02  novembre  2025.\nL'enregistrement de la d\u00e9claration  pourra  \u00eatre rotir\u00e9si l'organisme  d\u00e9clar\u00e9 cosse  de remplir\nles conditions  ou  de  respecter  les obligations  mentionn\u00e9es  aux  4\u00b0,5\u00b0 et 6\u00b0 de l'article\nR7232-17  ou  qui  m\u00e9connait  les obligations  d\u00e9finies  \u00e0  article  R7232-19  du  code  du  travail.\npeine de retrat de la d\u00e9ciaralion, fare Fobjet d'une d\u00e9claration modfativeaupr\u00e9s de fUnite\nd\u00e9partementale  des  Hauts-de-Seine.\n\nLe pr\u00e9sent  r\u00e9c\u00e9piss\u00e9 sera publi\u00e9 au  recueil des  actes admiistratfs de la pr\u00e9fecture des  Hauts-\nde-Seine.\nFait  \u00e0  Nanterre, le 02 f\u00e9vrier  2026,\nPour  le Pr\u00e9fet\nPar  d\u00e9l\u00e9gation  et  subd\u00e9l\u00e9gation\nLa  Responsable  du  service\nD\u00e9veloppement de  l'emploi  et des\ncomp\u00e9tences.\nMende\n'Mariama  CONDE\n\nEs  Direction r\u00e9gionale et interd\u00e9partementale\nMINISTERE de l'\u00e9conomie, de l'emploi,\nDU  TRAVAIL,  DE  LA  SANT\u00c9,  du travail et des solidarit\u00e9s\nDES  SOLIDARIT\u00c9S\nET  DES  FAMILLES\nfu\nArr\u00eat\u00e9 DRIEETS-UDS2  n\u00b02026-060  du  02  f\u00e9vrier 2026  modifiant  l'agr\u00e9ment\n'SAP  929283174  de  la SAS  HANDIHEROS  sise 48  Rue  de l'Alma \u00e0 Courbevoie\n(92400)\nLE  PREFET  DES  HAUTS-DE-SEINE\nVu  la loi n\u00b0 2010-853  du  23  jullet 2010  relative aux  r\u00e9seaux  consulaires, au  commerce et \u00e0\nl'aisanat et aux  services (article 31):\nVu  la loi n\u00b02018-1778  du  28  d\u00e9cembre  2015  relative \u00e0 l'adaptation de  la soci\u00e9t\u00e9 au\nvieilissement ;\nVu  l'aricie 07231-1  du Code du  travail\nVu  les d\u00e9crets n\u00b0 2011-1132  et n\u00b0 2011-1133  du  20  septembre  2011  modifiant certaines\ndispostions  du  Code  du  travail, relatives au  ch\u00e8que  emplotservice  universel et aux\n'services  \u00e0  la personne ;\nVu  le d\u00e9cret n\u00b02016750  du  6juin  2016  relatif \u00e0 a  ist  des  activit\u00e9s de  services \u00e0 a  personne\n'soumises \u00e0 agr\u00e9ment ou \u00e0 autorisation dans  le cadre  du  r\u00e9gime  commun  dela d\u00e9claration ;\nVu  le d\u00e9cret du  31 octobre 2024  portant nomination  de  Monsieur  Alexandre  BRUGERE,  en\nqualit\u00e9 de Pr\u00e9fet des Hauts-de-Seine ;\nVu  l'arr\u00eat\u00e9 du  08  juillet 2025  6mis  par l'Unit\u00e9 d\u00e9partementale  de  Paris et accordant l'agr\u00e9ment\nnum\u00e9ro  SAPS29283174  au  nom  de  la SAS  HANDIHEROS\nVu  l'arr\u00eat\u00e9 interminist\u00e9riel du  12  ao\u00fbt 2025  nommant  Monsieur  Fabrice MASI, Directeur\nr\u00e9gionalet interd\u00e9partemental de  l'\u00e9conomie, de l'emploi, du  travailet des solidarit\u00e9s d'le-\nde-France  \u00e0 compter  du  25  ao\u00fbt  2025\nVu  l'arr\u00eat\u00e9 pr\u00e9fectoral n\u00b02025-33  du  22  ao\u00fbt  2025  par lequel le Pr\u00e9fet des  Hauts-de-Seine\nd\u00e9l\u00e8gue  sa signature \u00e0  Monsieur  Fabrice MASI, Directeur r\u00e9gional et interd\u00e9partemental\nde l'\u00e9conomie, de l'emploi, du travailet des solidarit\u00e9s d'\u00cele-de-France;\n'Wu la d\u00e9cision n\u00b0 2025-157  du  25  ao\u00fbt  2025  portant subd\u00e9l\u00e9gation  de  signature de  Monsieur\nFabrice MASI, Directeur r\u00e9gional et interd\u00e9partemental de  l'\u00e9conomie, de  'emplo.  du\n\ntravail et des  so\u00efdart\u00e9s  d'le-de-France,  aux  agents  de  l'Unit\u00e9 d\u00e9partementale  des  Hauts-\nde-Seine  ;\nVu  la demande  de  changement  d'adresse  du  si\u00e8ge  social et de  l'\u00e9tablissement  principal de\nla SAS  HANDIHEROS  d\u00e9pos\u00e9e  en  date du  01  novembre  2025  sur Fextranet  NOVA  :\nConsid\u00e9rant  que  la SAS  HANDIHEROS  est agr\u00e9\u00e9e  depuis  le 02  juin 2025  pour  exercer  les.\nactivit\u00e9s de  services  \u00e0 la personne  aupr\u00e8s  des  enfants  de  moins  de  trois\n'ans  evou  enfants  de  mains  de  dichuit  ans  en  situation de  handicap  en\nmode  mandataire  et prestataire ainsi que les  activit\u00e9s aupr\u00e8s  des personnes\n'\u00e2g\u00e9es et/ou en situation de handicap uniquement en mode  mandataire sur\nles d\u00e9partements  des  Hauts-de-Seine  (92) et de  l'Essonne  (91), des\n'Yvolines (78), de  Paris  (75), de  la Seine-Saint-Denis  (92), du  Val-de-Marne\n(64) et du  Val-d'Oise (85) ; l'agr\u00e9ment est valable jusqu'au 02  juin 2030\nConsid\u00e9rant  que  la SAS  HANDIHEROS  a d\u00e9clar\u00e9  un  changement  d'adresse  de  son  si\u00e8ge\nSocial et de  son  \u00e9tablissement  principal en  date  du  01  novembre  2025\nanciennement domicil\u00e9s au 3 Rue  de Arrive  \u00e0 Paris 154(75015) ;\nConsid\u00e9rant que  le  dossier  de  demande  est conforme  au  cahier  des charges  pr\u00e9vu  \u00e0 l'article\nR.72326  du  Code  du  travail;\nARRETE\nARTICLE 4\nLe  si\u00e8ge  social et r\u00e9tablissement  principal de  la SAS  HANDIHEROS  sont  d\u00e9sormais  domicii\u00e9s\nau  48  Rue  de  l'Alma  \u00e0  Courbevoie  (92400).\nARTICLE 2\nToutes  les autres  dispositions  de  arr\u00e9t\u00e9  du  08  jullet 2025  \u00e9mis  par  l'Unt\u00e9  d\u00e9partementale  de\nParis  (75) et accordant  l'agr\u00e9ment  num\u00e9ro  SAP929283174  \u00e0 la SAS  HANDIHEROS  ainsi que  du\nr\u00e9c\u00e9piss\u00e9  de  d\u00e9claration  aff\u00e9rent demeurent  applicables  dans  la mesure  o\u00f9  elles ne  sont  pas\ncontraires  au  pr\u00e9sent  arr\u00eat\u00e9.\nARTICLE 3\nLa  Directrice de  l'Unit\u00e9 d\u00e9partementale  des  Hauts-de-Seine  de  la DRIEETS  lle-de-France,  est\ncharg\u00e9e  de  l'application du  pr\u00e9sent  arr\u00e9t\u00e9  qui sera  publ\u00e9  au  recueil des  Actes  Administratfs  de\nla Pr\u00e9fecture  des  Hauts-de-Seine\n\nFait \u00e0  Nanterre, le 02 f\u00e9vrier 2026,\nPour  lo Pr\u00e9fet\nPar  d\u00e9l\u00e9gation  et  subd\u00e9l\u00e9gation\nLa  Responsable  du  service\nD\u00e9veloppement  de  l'emploi  et des\n\nEE  Direction  r\u00e9gionale  et interd\u00e9partementale\nMINISTERE de l'\u00e9conomie, de l'emploi,\nDU  TRAVAIL,  DE  LA  SANT\u00c9,  ORAN  SES  SON ENS\nDES  SOLIDARIT\u00c9S\nET  DES  FAMILLES\nLA\nR\u00e9c\u00e9piss\u00e9  n\u00b02026-061  de  d\u00e9claration  modificative  d'activit\u00e9s  de  services  \u00e0 la\npersonne  enregistr\u00e9e  sous  le n\u00b0  SAP929283174  au  nom  de la SAS  HANDIHEROS\nsise  48  Rue  de  l'Alma\u00e0  Courbevoie  (92400)\nLE  PREFET  DES  HAUTS-DE-SEINE\nVu  la loi n\u00b0 2010-853  du  23  jullet 2010  relative aux  r\u00e9seaux  consulaires,  au  commerce  et \u00e0\nl'artisanat et aux  services  (article 31)\nVu  la loi n\u00b02015-1778  du  28  d\u00e9cembre  2015  relative \u00e0 l'adaptation de  la soci\u00e9t\u00e9  au\nVellissement ;\nVu  l'article D7231-1  du  Code  du  travail;\nVu  les d\u00e9crets  n\u00b0 2011-1132  et n\u00b0 2011-1133  du  20  septembre  2011  modifiant  certaines\ndispositions  du  Code  du  travail, relatives au  ch\u00e8que  emploi-service  universel  et aux\nservices  \u00e0 la personne :\nVu  le  d\u00e9cretn\u00b02016-750 du 6 juin 2016  relat la  iste des activit\u00e9s de  services la personne\nsoumises \u00e0 agr\u00e9ment  ou  autorisation dans  le cadre  du  r\u00e9gime  commun  dela  d\u00e9caration;\n'Vu le d\u00e9cret  du  31  octobre  2024  portant  nomination  de  Monsieur  Alexandre  BRUGERE,  en\nqualit\u00e9 de Pr\u00e9fet des Hauts-de-Seine\nVu  l'arr\u00eat\u00e9 interminist\u00e9riel du  12  ao\u00fbt  2025  nommant  Monsieur  Fabrice  MASI,  Directeur\nr\u00e9gional et interd\u00e9partementalde l'\u00e9conomie, de l'emploi, du travailet des soidant\u00e9s dll\nde-France  \u00e0  compter  du  25  ao\u00fbt  2025\nVu  l'ar\u00eat\u00e9  pr\u00e9fectoral n\u00b02025-33  du  22  ao\u00fbt  2025  par  lequel le Pr\u00e9fet des  Hauts-de-Seine\nd\u00e9l\u00e9gue  sa  signature  \u00e0 Monsieur  Fabrice  MASI,  Directeur  r\u00e9gional  et interd\u00e9partemental\nde l'\u00e9conomie, de l'emploi, du travail et des solidarit\u00e9s d'\u00cele-de-France;\nVu  l'ar\u00eat\u00e9 ORIEETS-UD82  n\u00b02026-080  du  02  f\u00e9vrier 2026  modifiant  l'agr\u00e9ment  num\u00e9ro\n'SAP929283174  \u00e0 la SAS  HANDIHEROS  ;\n\nvu\nvu\nla d\u00e9cision  n\u00b0 2025-187  du  25  ao\u00fbt  2025  portant  subd\u00e9l\u00e9gation  de  signature  de  Monsieur\nFabrice  MASI,  Directeur  r\u00e9gional  et interd\u00e9partemental  de  l'\u00e9conomie,  de  l'emploi, du\ntravail et des  solidarit\u00e9s d'lle-de-France, aux  agents  de  l'Unit\u00e9 d\u00e9partementale  des  Hauts-\nde-Seine  ;\nle r\u00e9c\u00e9piss\u00e9  d'activit\u00e9 de  services  \u00e0 la personne  du  21  juilet 2025  \u00e9mis  par  l'Unit\u00e9\n'd\u00e9partementale  de  Paris  (75) et enregistr\u00e9  sous  le num\u00e9ro  SAP929283174  au  nom  de  la\nSAS  HANDIHEROS  :\nla demande  de  changement  d'adresse  de  l'\u00e9tablissement  principal d\u00e9pos\u00e9e  aupr\u00e8s  de\nl'Unit\u00e9 d\u00e9partementale  des  Hauts-de-Seine  de  la DRIEETS  le 01  novembre  2025  par  la\nSAS  HANDIHEROS  anciennement  domicli\u00e9e  au  3  Rue  de  l'Ariv\u00e9e \u00e0 Paris 75%  (75015).\nConsid\u00e9rant  que  a  pr\u00e9sente  modification  vise  \u00e0  mettre  \u00e0 jour  l'adresse  de  l'\u00e9tablissement\nPrincipal et du  si\u00e8ge  social de  la SAS  HANDIHEROS  et  que  le dossier  de\n'demande  est conforme  aux  dispositions  de  article  L. 7232-1-1  du  code  du\ntravail\nLe  r\u00e9c\u00e9piss\u00e9 de  d\u00e9claration d'activit\u00e9s de  services  \u00e0 la personne  du  21  juillet 2025  enregistr\u00e9  sous\nLe num\u00e9ro  SAP929283174  nom  de  la SAS  HANDIHEROS  est ainsi modifi\u00e9\nLe  si\u00e8ge  social et \u00e9tablissement  principal de  la SAS  HANDIHEROS  sont  d\u00e9sormais  domicili\u00e9s\nau 48 Rue  de  l'Aima  \u00e0Courbevoie (92400),\nLes  activit\u00e9s d\u00e9clar\u00e9es  sont  les suivantes,\n= Garde  d'enfants  de  plus de 3  ans  \u00e0  domicile\n| Accompagnement des enfants de plus de  3 ans  dans  leurs d\u00e9placements ;\nEntretien de  la  maison  et travaux  m\u00e9nagers  ;\n= _  Assistance  informatique \u00e0  domic\n= Assistance  administrative  \u00e0  domicile;\n= T\u00e9l\u00e9assistance  et  visio-assistance  ;\nInterpr\u00e8te en langue  des  signes,  technicien  de  l'\u00e9crit et  codeur  en  langage  par\u00e9 et\ncompl\u00e9t\u00e9 ;\n= Prestation  de  conduite  du  v\u00e9hicule  personnel  des  personnes  temporairement\nd\u00e9pendantes  autres  que  personnes  \u00e2g\u00e9es,  handicap\u00e9es  ou  atteintes  de  pathologies\ndomicile  au  travail, sur le leu  de  vacances,  pour  les d\u00e9marches\npersonnes  \u00e2g\u00e9es,  handicap\u00e9es  ou  ateintes  de  pathologies  chroniques,  dans  leurs\nd\u00e9placements en dehors de leur domicile (promenades, aide \u00e0 la mobilt\u00e9 et au\n'anspor,  actes  de  la vie  courante)\n= Assistance  aux  personnes  autres  que  personnes  \u00e2g\u00e9es,  handicap\u00e9es ou  atteintes  de\npathologies chroniques qui ont besoin temporairement d'une aide personnelle \u00e0 leur\n'domicile, \u00e0 l'exclusion des  soins  relevant  d'actes m\u00e9dicaux ;\n= Coordination  et d\u00e9ivrance  des  services \u00e0 la personne\n\na en  mod  LATAIRE\n= Garde  d'enfants de moins  de 3 ans et de  moins  de 18 ans handicap\u00e9s  \u00e0 domicile ;\n= Accompagnement  des enfants  de  moins  de  3 ans  ou de  moins  de  18  ans handicap\u00e9s  ;\nActivit\u00e9 agr\u00e9\u00e9es exerc\u00e9es en mode MANDATAIRE uniquement sur les d\u00e9partements des\nHauts-de-Seine (82) et de l'Essonne (91), des Yvelines (78), de Paris (76), de la Seine-Saint:\n'Denis (83), du Val-de-Marne (94) ot du Val-d'Oise (96):\n= Accompagnement  des  personnes  \u00e2g\u00e9es,  des  personnes handicap\u00e9es  ou  atteintes de\npathologies chroniques, dans  leurs d\u00e9placements  en  dehors  de  leur domicie\n(promenades,  aide \u00e0 la mobilt\u00e9  et au  transport, actes de  la vie courante) quand  cet\naccompagnement est r\u00e9alis\u00e9 dans  les conditions pr\u00e9vues  aux  1\u00b0 et 2\u00b0 de  Fart. 7232-6  du\ncode  di  travail;\n= Assistance  dans  les actes  quotidiens  de  la ie  ou aide \u00e0 insertion sociale  aux  personnes.\n\u00e2g\u00e9es  et aux personnes  handicap\u00e9es  ou  atteintes de  pathologies chroniques  qui ont\nbesoin  de  teles prestations \u00e0 domicile, quand  ces  prestations sont r\u00e9alis\u00e9es dans  les\nConditions  pr\u00e9vues aux 1\u00b0 et 2\u00b0 de l'art 7232-8 du code  du traval \u00e0 l'exclusion d'actes de\nSoins relevant d'actes m\u00e9dicaux  \u00e0 moins  quils ne  soient ex\u00e9cut\u00e9s  dans les conditions\npr\u00e9vues  \u00e0 Fartcle L1111-6-1  du  code  de  la sant\u00e9 publique et du  d\u00e9cret 199-426  du  27\n'mai 1999  habiltant certaines cat\u00e9gories de personnes  \u00e0  effectuer des  aspirations endo-\ntrach\u00e9ales\n= Prestation de  conduite du  v\u00e9hicule personnel  des  personnes  \u00e2g\u00e9es, des  personnes\nhandicap\u00e9es  ou  attentes de  pathologies chroniques  du  domicile au  traval, sur le leu  de\nvacances, pour les d\u00e9marches  administrativesquand cette prestation est r\u00e9alis\u00e9e dans  les\nconditions pr\u00e9vues  aux  1\u00b0 et 2\u00b0 de l'art. 7232-6  du code du travail\nPrestations relevant du b\u00e9n\u00e9fice dela r\u00e9duction d'imp\u00f4t pr\u00e9vue \u00e0 l'article 199 sexdecies du Code\nG\u00e9n\u00e9ral  des  Imp\u00f4ts\n'Sous r\u00e9serve d'\u00eatre exerc\u00e9es  \u00e0 titre exclusif par le d\u00e9clarant (ou sous  r\u00e9serve d'une  comptabilit\u00e9\ns\u00e9par\u00e9e  pour  les personnes  morales dispens\u00e9es  de  a  condition d'activit\u00e9 exclusive), ces  activit\u00e9s\n'ouvrent droit au b\u00e9n\u00e9fice des  dispositions des  articles L. 7233-2  du  code  du  traval et L. 241-10\ndu  code  de  la s\u00e9curit\u00e9  sociale\nConform\u00e9ment  aux  dispositions de  l'article R7232-19  du  code  du  travail, organisme  d\u00e9clar\u00e9 dot\nproduire au moins chaque  trmestre un \u00e9tat activit\u00e9 et chaque ann\u00e9e  un bilan quanttat  et\nqualtatf de Factvite exerc\u00e9e au tre  de l'ann\u00e9e \u00e9coul\u00e9e ainsi qu'un tableau statistique annuel.\nSi l'organisme d\u00e9clar\u00e9 comporte plusieurs \u00e9tablissements, les \u00e9tats statistiques et le bilan annuel\ndistinguent  activit\u00e9  exerc\u00e9e  par  chaque  \u00e9tablissement.\nL'enregistrement de la d\u00e9claration  pourra \u00eatre retir\u00e9 si l'organisme  d\u00e9clar\u00e9  cesse\nles conditions ou de respecter les obligations mentionn\u00e9es  aux  4',5\u00b0 et 6\u00b0\nR7232-17  ou  qui  m\u00e9connat  les obligations  d\u00e9finies \u00e0 l'article R7232-19  du code du  travail.\n\n'Toute modification concemant  la structure d\u00e9clar\u00e9e ou les activit\u00e9s exerc\u00e9es devra sous\npans  de  ra  de  la d\u00e9caraion,  fare  Tobjet une  d\u00e9caralon  modiicatve  aupr\u00e9s  de  fUnte\n'Separtementale  des  Hauts-de-Seine.\nLe  pr\u00e9sent  r\u00e9c\u00e9piss\u00e9  sera  publi\u00e9  au  recuel des actes  adminisralis  de  la pr\u00e9fecture des  Hauts.\nde-Seine.\nFait \u00e0  Nanterre,  le 02  f\u00e9vrier 2026\nPour  le Pr\u00e9fet\nPar  d\u00e9l\u00e9gation  et  subd\u00e9l\u00e9gation\nLa  Responsable  du  service\nD\u00e9veloppement  de  l'emploi  ot des\n\nEx  Direction  r\u00e9gionale et  interd\u00e9partementale\nMINIST\u00c8RE  de l'\u00e9conomie, de l'emploi,\nDU  TRAVAIL,  DE  LA  SANT\u00c9,  du travail et des solidarit\u00e9s\nDES  SOLIDARIT\u00c9S\nET  DES  FAMILLES\nEM\nR\u00e9c\u00e9piss\u00e9  n\u00b02026-062  de  d\u00e9claration  d'activit\u00e9s  de  services  \u00e0 la personne\n'enregistr\u00e9e  sous  le n\u00b0  SAP994676997  au  nom  de  l'Association  FACILIVIE  sise  3\nR\u00e9sidence  la Lut\u00e8ce  178  R\u00e9sidence  la  Lut\u00e8ce \u00e0 RUEIL-MALMAISON  (92500)\nLE  PREFET  DES  HAUTS-DE-SEINE\nVu  la loi n\u00b0  2010-853  du  23  jullet 2010  relative aux  r\u00e9seaux  consulaires, au  commerce et  \u00e0\nl'artisanat et aux  services  (article  31) ;\nVu  la loi n\u00b02015-1776  du  28  d\u00e9cembre  2015  relative  \u00e0  l'adaptation  de  la soci\u00e9t\u00e9  au\nvellissement ;\nVu  l'article D7231-1  du  Code  du  travail;\nVu  les d\u00e9crets  n\u00b0  2011-1132  et n\u00b0  2011-1133  du  20  septembre  2011  modifiant  certaines\ndispositions  du  Code  du  travail, relatives au  ch\u00e8que  emplo-service  universel  et aux\nservices  \u00e0 la personne  ;\nVu  le d\u00e9cret  n\u00b02018-750 du  6 juin 2016  relatif \u00e0 la liste des  activit\u00e9s  de  services  \u00e0 a  personne\n'soumises  \u00e0 agr\u00e9ment ou \u00e0 autorisation dans  le cadre  du  r\u00e9gime  commun  dela d\u00e9claration  ;\nVu  le d\u00e9cret  du  31  octobre  2024  portant  nomination  de  Monsieur  Alexandre  BRUGERE,  en\nqualit\u00e9 de Pr\u00e9fet des Hauts-de-Seine ;\nVu  arr\u00e9t\u00e9  interminist\u00e9riel  du  12  ao\u00fbt  2025  nommant  Monsieur  Fabrice  MASI,  Directeur\nr\u00e9gional et interd\u00e9partemental  de  l'\u00e9conomie, de l'emploi,  du travail  et des  solidarit\u00e9s  dle\nde-France  \u00e0 compter  du  25  ao\u00fbt  2025  ;\nVu  l'arr\u00eat\u00e9 pr\u00e9fectoral n\u00b02025-33  du  22  ao\u00fbt  2025  par  lequel  le Pr\u00e9fet  des  Hauts-de-Seine\nd\u00e9l\u00e8gue  sa  signature \u00e0  Monsieur  Fabrice  MASI,  Directeur  r\u00e9gional  et interd\u00e9partemental\nde  l'\u00e9conomie, de l'emploi, du  travail et des  solidarit\u00e9s d'\u00cele-de-France\nVu  la d\u00e9cision  n\u00b0  2025-187  du  25  ao\u00fbt  2025  portant  subd\u00e9l\u00e9gation  de  signature  de  Monsieur\nFabrice  MASI,  Directeur  r\u00e9gional  et interd\u00e9partemental  de  l'\u00e9conomie,  de  l'emploi, du\ntravail et des  soldart\u00e9s  dlle-de-France,  aux  agents  de  l'Unit\u00e9 d\u00e9partementale  des  Hauts-\nde-Seine\nVu  la d\u00e9claration  d'activit\u00e9s  de  services  \u00e0  la personne  d\u00e9pos\u00e9es  le 8  janvier  2026  au  nom  de\nl'Association  FACILIVIE  sise  3  R\u00e9sidence  la Lut\u00e9ce  178  R\u00e9sidence  la Lut\u00e8ce  \u00e0  RUEIL.\nMALMAISON  (82500)  ;\n\n'Apr\u00e8s  examen  du  dossier, cette demande  \u00e9tant conforme  aux  dispositions  de  Faticle  L. 7232-1-\n1 du  code  du  travail, le pr\u00e9sent  r\u00e9c\u00e9piss\u00e9 de  d\u00e9claration d activit\u00e9s de  services  \u00e0 la personne a\n{te enregistr\u00e9 au  nom  de  l'Association FACILIVIE  sous  le num\u00e9ro  SAP  984676997.\nLes  activit\u00e9s d\u00e9clar\u00e9es  sont  les suivantes, \u00e0 l'exclusion de  toute autre\nEntretion  de  Ia maison  et travaux  m\u00e9nagers\nPetits travaux  de  jardinage, y compris  les travaux  de  d\u00e9broussaillage  ;\n'Travaux  de  petit bricolage  dits  \u00ab homme  toutes  mains\nGarde  d'enfants  de  plus  de  trois ans  \u00e0 domi\n'Accompagnement  des  enfants  de  plus  de  trois ans dans  leurs d\u00e9placements  en\ndehors  de lour  domicile  (promenades,  transports,  actes  de  la vie  courante)  ;\nSoutien  scolaire ou  cours  \u00e0 domicile:\nSoins  d'esth\u00e9tiques  \u00e0 domicile  pour  les personnes  d\u00e9pendantes  ;\nPr\u00e9paration  de  repas  \u00e0  domicile,  y compris  le temps  pass\u00e9  aux  courses  ;\nLivraison  de  repas  \u00e0  domicil\nCCollecte et ivralson  \u00e0 domicile  de  linge ropass\u00e9  ;\nLivraison  de  courses  \u00e0 domicile  ;\n'Assistance  informatique \u00e0  domicile;\nSoins  et promenades  d'animaux  de  compagnie,  \u00e0 l'exception des  soins  v\u00e9t\u00e9rinaires\net  du  tollettage, pour  les personnes  d\u00e9pendantes ;\n= Maintenance,  entretien  et  vigilance  temporaires,  \u00e0  domicik\nprincipale ot secondaire;\n= Assistance  administrative  \u00e0 domicile;\nPrestation  de  condulte  du  v\u00e9hicule  personnel  des  personnes  temporairement\n'd\u00e9pendantes  autres  que  personnes  \u00e2g\u00e9es,  handicap\u00e9es  ou  atteintes de  pathologies\nchroniques,  du  domicile  au travail, sur  le lieu de  vacances,  pour  les d\u00e9marches\nadministratives  ;\nAccompagnement  des  personnes  tomporairement  d\u00e9pendantes  autres  que\npersonnes  \u00e2g\u00e9es,  handicap\u00e9es  ou  atteintes de  pathologies  chroniques, dans  leurs\nd\u00e9placements  en  dehors  de  leur domicile  (promenades,  aide  \u00e0 la mobilt\u00e9  ot au\ntransport,  actes  de  la  vie  courante)  ;\nAssistance  aux  personnes  autres  que  personnes  \u00e2g\u00e9es,  handicap\u00e9es  ou  atteintes\n'do pathologies  chroniques  qui  ont  besoin  temporairement  d'une aide  personnelle  \u00e0\nleur  domicile,  \u00e0 l'exclusion  des  soins  relevant  d'actes  m\u00e9dicaux  ;\ndo  la r\u00e9sidence\nPrestations relevant du  b\u00e9n\u00e9fice de  la r\u00e9duction d'imp\u00f4t pr\u00e9vue \u00e0 l'article 199  sexdecies  du  Code\nG\u00e9n\u00e9ral  des  Imp\u00f4ts.\nLa  structure  exerce  ces activit\u00e9s solon  le mode  suivant  : Prestataire et Mise  \u00e0 disposition\nSous  r\u00e9serve d'\u00eatre exerc\u00e9es  \u00e0 tte  exclusif par le d\u00e9clarant (ou sous  r\u00e9serve d'une  comptabilit\u00e9\ns\u00e9par\u00e9e  pour  les personnes  morales  dispens\u00e9es de la condition d'activit\u00e9 exclusive), ces  actvit\u00e9s\n'ouvrent droit au  b\u00e9n\u00e9fice  des  dispositions  des  articles L. 7233-2  du  code  du  traval et L. 241-10\n'du code  de  la s\u00e9curit\u00e9  sociale.\nConform\u00e9ment  aux  dispostions  de  Fartcle  R7232-19  du  code  du  travail, organisme  d\u00e9ciar\u00e9  dot\nproduire au moins chaque trimestre un \u00e9tat dactivt\u00e9 et chaque ann\u00e9e  un bilan quantitatif et\nualtaf  de  Factvit\u00e9  exerc\u00e9e  au  tire de  l'ann\u00e9e  \u00e9coul\u00e9e  ainsi qu'un  tableau  statistique annuel.\nSi l'organisme  d\u00e9clar\u00e9  comporte  plusieurs  6tabissements,  les \u00e9tats statistiques et le bilan annuel\ndistinguent  factvit\u00e9  exerc\u00e9e  par  chaque  \u00e9tablissement\nLe  pr\u00e9sent  r\u00e9c\u00e9piss\u00e9  prend  effet le 08  janvier  2026.\nL'enregistrement de la d\u00e9claration pourra  \u00eatre retir\u00e9 si l'organisme  d\u00e9clar\u00e9  cesse  de remplir\nles conditions  ou  de  respecter  les obligations  mentionn\u00e9es  aux  4',5\u00b0 et 6\u00b0 de  l'article\n7232.17 ou  qui  m\u00e9connalt  les obligations  d\u00e9finies \u00e0 l'article R7232-19  du  code du  travail,\n\nDeine de  retrat dela  d\u00e9claration, fare  l'objet dune  d\u00e9claration modeste  aupr\u00e9s  de  TUnte\nd\u00e9partementale  des  Hauts-de-Seine.\nLe  pr\u00e9sent  r\u00e9c\u00e9piss\u00e9  sera  publi\u00e9  au  recueil des actes  administratifs de  a  pr\u00e9fecture des  Hauts-\nde-Seine,\nFait  a Nanterre, le 02  f\u00e9vrier 2026.\nPour  le Pr\u00e9fet\nPar  d\u00e9l\u00e9gation  et  subd\u00e9l\u00e9gation\nLa  Responsable  du  service\nD\u00e9veloppement  de  l'emploi et des\ncom\nNake\nMariama  CONDE\n\n=a  Direction r\u00e9gionale et interd\u00e9partementale\nMINIST\u00c8RE de l'\u00e9conomie, de l'emploi,\nDU  TRAVAIL,  DE  LA  SANT\u00c9,  du travail et des solidarit\u00e9s\nDES  SOLIDARIT\u00c9S\nET  DES  FAMILLES\nR\u00e9c\u00e9piss\u00e9  n\u00b02028-063  de  d\u00e9claration  d'activit\u00e9s  de  services  \u00e0 la personne\nenregistr\u00e9e  sous  le n\u00b0 SAP994121663  au  nom  de  la micro-entreprise  ARDITTI\nCyrille  sise  74  Bis  Rue  de  l'Algle  \u00e0  LA  GARENNE-COLOMBES  (92250)\nLE  PREFET  DES  HAUTS-DE-SEINE\nVu  la loi n\u00b0 2010-863  du  23  jullet 2010  relative aux  r\u00e9seaux  consulaires,  au  commerce  et \u00e0\nl'artisanat et aux  services  (article 31)  ;\nVu  la lo  n\u00b02018-1776  du  28  d\u00e9cembre  2015  relative \u00e0 adaptation  de  la soci\u00e9t\u00e9  au\nveilissement ;\n'Vu article  07231-1  du  Code  du  travall ;\nVu  les d\u00e9crets  n\u00b0 2011-1132  et n\u00b0 2011-1133  du  20  septembre  2011  modifiant  certaines:\ndispositions  du  Code  du  travail, relatives au  ch\u00e8que  emploi-service  universel  et aux\nservices \u00e0 la  personne  ;\nVu  le  d\u00e9crotn\u00b02016-750  du  6 juin 2016  relat \u00e0 la  ste  des activit\u00e9s de  services  \u00e0 la personne\nsoumises  \u00e0 agr\u00e9ment ou  \u00e0 autorisation dans  le cadre  dur\u00e9gime  commun  de a d\u00e9claration ;\nVu  le d\u00e9cret  du  31  octobre  2024  portant  nomination  de  Monsieur  Alexandre  BRUGERE,  en\n'qualit\u00e9 de  Pr\u00e9fet des  Hauts-de-Sei\nVu  l'\u00e9t\u00e9  interminist\u00e9riel du  12  ao\u00fbt  2025  nommant  Monsieur  Fabrice  MASI,  Directeur\nr\u00e9gional et interd\u00e9partementalde l'\u00e9conomie, de l'emploi, du travailet des solidant\u00e9s dll\nde-France \u00e0 compter  du  25  ao\u00fbt  2025  ;\nVu  l'arr\u00e9t\u00e9 pr\u00e9fectoral n\u00b02025-33  du  22  ao\u00fbt  2025  par  lequel  le Pr\u00e9fet  des  Hauts-de-Seine\nd\u00e9l\u00e8gue  sa  signature  \u00e0  Monsieur  Fabrice  MASI,  Directeur  r\u00e9gional  et  interd\u00e9partemental\nde  l'\u00e9conomie, de l'emploi, du travailet des solidarit\u00e9s d'\u00cele-de-France\nVu  la d\u00e9cision  n\u00b0 2025-187 du  25 ao\u00fbt  2025  portant  subd\u00e9l\u00e9gation  de  signature  de  Monsieur\nFabrice  MASI,  Directeur  r\u00e9gional  et interd\u00e9partemental  de  l'\u00e9conomie,  de  l'emploi, du\ntravail ot des  solidarit\u00e9s  d'Ile-de-France,  aux  agents  de  l'Unit\u00e9  d\u00e9partementale  des  Hauts-\nde-Seine  ;\nVu  la  d\u00e9claration d'activit\u00e9s de services  \u00e0 la personne  d\u00e9pos\u00e9es  le 02 d\u00e9cembre  2025  au  nom\nde  la micro-entreprise  ARDITTI  Cyrille sise  74  Bis Rue  de  Aigle  \u00e0 LA  GARENNE-\nCOLOMBES  (92250);\n\nApr\u00e8s examen  du dossier, cette demande  \u00e9tant conforme aux dispositions de l'article L 7232\n1 du code  du  traval, le pr\u00e9sent  r\u00e9c\u00e9piss\u00e9  de  d\u00e9ciaration d'activit\u00e9s de  services ala personne  a\n\u00e9t\u00e9  enregistr\u00e9  au  nom  de  la micro-entreprise  ARDITTI  Cyrile  sous  le num\u00e9ro  SAP  894121663.\nLes  activit\u00e9s  d\u00e9ciar\u00e9es  sont  les  suivantes,  a  l'exclusion  de  toute  autre\nPetits  travaux  de  jardinage,  y  compris  es  travaux  de  d\u00e9broussaillage  ;\n=  Travaux  de  petit  bricolage  dits  \u00ab  homme  toutes  mains  \u00bb  ;\nPrestations  relevant  du  b\u00e9n\u00e9fice  de  Ia r\u00e9duction  d'imp\u00f4t  pr\u00e9vue  \u00e0 l'article 199  sexdecies  du  Code\nG\u00e9n\u00e9ral  des  Imp\u00eats.\nLa  structure  exerce  ces  activit\u00e9s  selon  le mode  suivant  : PRESTATAIRE\nSous  r\u00e9serve  d'\u00eatre  exerc\u00e9es  \u00e0  ttre  exclusif  parle  d\u00e9clarant  (ou  sous  r\u00e9serve  dune  comptabilt\u00e9\ns\u00e9par\u00e9e  pour  les personnes  morales  dispens\u00e9es de la condition  d activit\u00e9 exclusive), ces  activit\u00e9s\n'ouvrent droit au  b\u00e9n\u00e9fice  des  dispositions  des  articles L. 7233-2  du  code  du  traval  et L 241-10\n'du code  de  la s\u00e9curit\u00e9  sociale.\nConform\u00e9ment  aux  dispositions  de  l'article R7232-19  du  code  du  traval, l'organisme  d\u00e9clar\u00e9  dot\nproduire au moins chaque trimestre un \u00e9tat activit\u00e9 et chaque ann\u00e9e  un bilan quanttatf et\nqualtatf de  Factivi\u00e9 exerc\u00e9e  au  tire de  l'ann\u00e9e \u00e9coul\u00e9e  ainsi qu'un  tableau statistique annuel.\nSi l'organisme  d\u00e9clar\u00e9  comporte  plusieurs  \u00e9tabissements,  les \u00e9tats statistiques et le bilan annuel\ndistinguent  activit\u00e9  exerc\u00e9e  par  chaque  \u00e9tablissement.\nLo  pr\u00e9sent  r\u00e9c\u00e9piss\u00e9  prond  offet  le 02 d\u00e9cembre  2025,\nL'enregistrement de la d\u00e9claration  pourra  \u00eatre retir\u00e9 si l'organisme  d\u00e9clar\u00e9 cesse  de  remplir\nles conditions  ou  de  respecter  les  obligations  mentionn\u00e9es  aux  4\u00b0,5\u00b0 et  6\u00b0 de  l'article\nR7232417  ou  qui  m\u00e9connalt  los obligations  d\u00e9finies  \u00e0 l'article R7232-19  du  code  du  travail,\no fication concernant  r\npeine de  retrait de  Ia d\u00e9claration, faire l'objet dune  d\u00e9ctaration modificative aupr\u00e9s  de  l'Unit\u00e9\nd\u00e9partementale  des  Hauts-de-Seine.\nLe  pr\u00e9sent  r\u00e9c\u00e9piss\u00e9  sera  publi\u00e9  au  recuell des  actes  administratifs de  la pr\u00e9fecture des  Hauts-\nde  Seine.\nFait \u00e0  Nanterre,  le 02  f\u00e9vrier 2026.\nPour  lo Pr\u00e9fet\nPar  d\u00e9l\u00e9gation  ot  subd\u00e9l\u00e9gation\nLa  Responsable  du  service\nD\u00e9veloppement  de  l'emploi  et des\ncomp\u00e9tences\nMariana CONDE\n\nEn  Direction r\u00e9gionaleet interd\u00e9partementale\nMINISTERE  de l'\u00e9conomie, de l'emploi,\nDU  TRAVAIL,  DE  LA  SANT\u00c9,  du travail et des solidarit\u00e9s\nDES  SOLIDARITES\nET  DES  FAMILLES\nA\nR\u00e9c\u00e9piss\u00e9  n\u00b02026-064  de  d\u00e9claration  d'activit\u00e9s  de  services  \u00e0  la personne\nenregistr\u00e9e  sous  le n\u00b0 SAP100000439  au  nom  de  la micro-entreprise  SAADI  Malik\nsise  101  Boulevard  de  la R\u00e9publique  \u00e0  SAINT-CLOUD  (92210)\nLE  PREFET  DES  HAUTS-DE-SEINE\nVu  la oi  n\u00b0 2010-863  du  23  jullet 2010  relative aux  r\u00e9seaux  consulaires,  au  commerce et  \u00e0\nl'artisanatet  aux  services (article 31)  ;\nVu  la loi n\u00b02015-1776  du  28  d\u00e9cembre  2015  relative \u00e0 l\nveilissement ;\nfaptation de  la soci\u00e9t\u00e9  au\nVu  l'article 07231-1  du  Code  du  travail;\nVu  les d\u00e9crets n\u00b0 2011-1132  et n\u00b0 2011-1133  du  20  septembre  2011  modifiant certaines\ndispostions  du  Code  du  traval, relatives au  ch\u00e8que  emploi-service  universel  et aux\nservices \u00e0 la personne  ;\nVu  le  d\u00e9cret  n\u00b02016750 du  6 jin  2016  relatif \u00e0 la liste des  activi\u00e9s de  services \u00e0 la personne\nsoumises  \u00e0 agr\u00e9ment  ou  \u00e0 autorisation dans  le cadre du  r\u00e9gime  commun  dela d\u00e9claration\nVu  le d\u00e9cret du  31 octobre 2024  portant nomination  de  Monsieur  Alexandre  BRUGERE,  en\nqualit\u00e9 de  Pr\u00e9fet des  Hauts-de-Seine\nVu  Farrbt\u00e9 interminist\u00e9el du  12 ao\u00fbt  2025  nommant  Monsieur  Fabrice MASI,  Directeur\nr\u00e9gional  et  interd\u00e9partementa de  l'\u00e9conomie,  de  l'emploi, du  travailet  des  solidarit\u00e9s dle-\nde-France  \u00e0 compter  du  25  ao\u00fbt  2025\nVu  l'arr\u00eat\u00e9 pr\u00e9fectoral n\u00b02025-33  du  22  ao\u00fbt 2025  par lequel le Pr\u00e9fet des  Hauts-de-Seine\n'd\u00e9l\u00e8gue sa  signature \u00e0 Monsieur  Fabrice  MASI,  Directeur r\u00e9gional et interd\u00e9partemental\n'de l'\u00e9conomie, de l'emploi, du travail et des solidarit\u00e9s dile.de-France\n'Vu la d\u00e9cision  n\u00b0 2025-187  du  25  ao\u00fbt  2025  portant subd\u00e9l\u00e9gation  de  signature  de  Monsieur\nFabrice  MASI,  Directeur  r\u00e9gional  et interd\u00e9partemental  de  l'\u00e9conomie, de  l'emploi, du\ntraval et des  solidarit\u00e9s d'Ile-de-France, aux  agents  de  l'Unit\u00e9 d\u00e9partementale  des  Hauts-\nde-Seine  ;\nVu  la d\u00e9claration  d'actvit\u00e9s  de  services  \u00e0  la personne  d\u00e9pos\u00e9es  le 23  janvier 2026  au  nom\nde  la micro-entreprise  SAADI  Malik sise  101  Boulevard  de la R\u00e9publique  \u00e0  SAINT-CLOUD\n(9210);\n\nApr\u00e8s  examen  du  dossier, cette demande  \u00e9tant conforme  aux  dispositions  de  Fartcie L. 7232-1-\n1 du  code  du  traval  le pr\u00e9sent r\u00e9c\u00e9piss\u00e9 de  d\u00e9claration d actives  de  services \u00e0 la personne  a\n\u00e9t\u00e9 enregistr\u00e9 au  nom  de  la micro-entreprise SAADI  Malik sous  le num\u00e9ro  SAP  100000439,\nLes  activit\u00e9s d\u00e9clar\u00e9es  sont  les suivantes,  \u00e0  l'exclusion de  toute autre\n= Soutien  scolaire  ou  cours  \u00e0  domicile ;\nPrestations relevant du b\u00e9n\u00e9fice dela  r\u00e9duction d'imp\u00f4t pr\u00e9vue  \u00e0 l'article 199  sexdecies du Code\nG\u00e9n\u00e9ral  des  Imp\u00f4ts\nLa  structure  exerce  ces  activit\u00e9s  selon  le mode  suivant  : PRESTATAIRE\nSous  r\u00e9serve  d'\u00eatre exerc\u00e9es  \u00e0 tte  exclusi  par  le d\u00e9clarant  (ou sous  r\u00e9serve  d'une  comptabilit\u00e9\ns\u00e9par\u00e9e  pour  les personnes  morales dispens\u00e9es  de  la condition  d'actvi\u00e9  exclusive), ces  activit\u00e9s,\nouvrent drot au  b\u00e9n\u00e9fice des  dispositions des articles L. 7233-2  du  code  du  travail et L. 241-10,\ndu  code  de  la s\u00e9curit\u00e9  sociale\nConform\u00e9ment  aux  dispositions de  l'article R7232-19  du  code  du  travail l'organisme d\u00e9clar\u00e9 doit\nproduire au  moins  chaque  trimestre un  \u00e9tat d'activit\u00e9 et chaque  ann\u00e9e  un  bilan quantita\u00fcf et\n'Qualtaifde Tactile  exerc\u00e9e  au  tire de  l'ann\u00e9e \u00e9coul\u00e9e  ainsi qu'un  tableau statistique annuel.\nSi l'organisme d\u00e9clar\u00e9 compore  plusieurs \u00e9tablssements,  les \u00e9tats statistiques et le bilan annuel\ndistinguent  Factivit\u00e9 exerc\u00e9e par  chaque  \u00e9tablissement.\nLe  pr\u00e9sent  r\u00e9c\u00e9piss\u00e9  prend  effetle 23 janvier 2026.\nL'enregistrement de  la d\u00e9claration  pourra  \u00eatre  rotir\u00e9 si l'organisme  d\u00e9clar\u00e9  cesse  de  remplir\nles conditions  ou  de  respecter  les obligations  mentionn\u00e9es  aux  4\u00b0,5\u00b0 ot 6\u00b0 de  l'article\nR7232-17  ou  qui  m\u00e9connait  les obligations  d\u00e9finies \u00e0 l'article R7232-19  du  code  du  travail.\ndevra,  sous\npeine  de  retrait de  la d\u00e9claration, faire objet  dune  d\u00e9ctaration modifcate  aupr\u00e9s  de  l'Unit\u00e9\nd\u00e9partementale  des  Hauts-de-Seine.\nLe  pr\u00e9sent  r\u00e9c\u00e9piss\u00e9  sera  publi\u00e9  au  recueil des  actes  administratfs  de  la pr\u00e9fecture  des  Hauts\nde-Seine.\nFait \u00e0  Nanterre, le 03  f\u00e9vrier 2026.\nPour  le Pr\u00e9fet\nr d\u00e9l\u00e9gation  et  subd\u00e9l\u00e9gation\nLa  Responsable  du  service\nD\u00e9veloppement  de  l'emploi  et des\ncomp\u00e9tences\n(Gee\nMariama CONDE\n\nwa  Direction  r\u00e9gionale  et interd\u00e9partementale\nMINISTERE de l'\u00e9conomie, de l'emploi,\nDU  TRAVAIL,  DE  LA  SANT\u00c9,  du travail et des solidarit\u00e9s\nDES  SOLIDARIT\u00c9S\nET  DES  FAMILLES\nR\u00e9c\u00e9piss\u00e9  n\u00b02026-06 de d\u00e9claration  d'activit\u00e9s  de services \u00e0  la personne\nenrogistr\u00e9o  sous  le n\u00b0 SAP999103351  au  nom  de  la SASU  SERENITY  SERVICES\nise  7  Rue Gustave  Calllebotte \u00e0  ASNIERES-SUR-SEINE  (92600)\nLE  PREFET  DES  HAUTS-DE-SEINE\n'Vu la loi n\u00b0 2010-853  du  23  juilet 2010 relative aux  r\u00e9seaux  consulaires, au  commerce et \u00e0\nl'artisanat et aux  services  (article 31)\nVu  la loi n\u00b02015-1778  du  28  d\u00e9cembre  2015  relative \u00e0 l'adaptation de  la soci\u00e9t\u00e9 au\nviilissement\nVu  l'aricie 07231-1  du  Code  du  travail\nVu  les d\u00e9crets n\u00b0 2011-1132  et n\u00b0 2011-1133  du  20  septembre  2011  modifiant certaines.\ndispositions du  Code  du  travail, relatives au  ch\u00e8que  emplo-service  universel et aux\n'services  \u00e0  la personne  ;\nVu  le d\u00e9cret n\u00b02016-750  du  6  jun  2016  relat  \u00e0 a  iste des  activit\u00e9s de  services \u00e0 la personne\nsoumises  \u00e0 agr\u00e9ment ou \u00e0 autorisation dans  le cadre du r\u00e9gime  commun  de  la d\u00e9claration\nVu  le d\u00e9cret du  31 octobre 2024  portant nomination  de  Monsieur  Alexandre  BRUGERE,  en\nualt\u00e9  de Pr\u00e9fet des Hauts-de-Seine ;\nVu  l'arr\u00eat\u00e9 interminist\u00e9riel du  12 ao\u00fbt  2025  nommant  Monsieur  Fabrice MASI, Directeur\nr\u00e9gional  et interd\u00e9partemental  de  l'\u00e9conomie,  de  l'emploi, du  travail et des  soidant\u00e9s  dll\nde-France  \u00e0 compter  du  25  ao\u00fbt  2025  ;\nVu  l'ar\u00eat\u00e9 pr\u00e9fectoral n\u00b02025-33  du  22  ao\u00fbt  2025  par  lequel  le Pr\u00e9fet  des  Hauts-de-Seine\nd\u00e9l\u00e8gue  sa  signature  \u00e0 Monsieur  Fabrice  MASI,  Directeur  r\u00e9gional  et interd\u00e9partemental\n'de l'\u00e9conomie, de l'emploi, du travailet des solidarit\u00e9s d'\u00cele-de-France ;\nVu  la d\u00e9cision n\u00b0 2025-187  du  25  ao\u00fbt  2025  portant subd\u00e9l\u00e9gation  de  signature de  Monsieur\nFabrice  MASI,  Directeur  r\u00e9gional  et interd\u00e9partemental  de  l'\u00e9conomie,  de  l'emploi, du\ntravail et des  soldarit\u00e9s  d'le-de-France,  aux  agents  de  Unit\u00e9  d\u00e9partementale  des  Hauts-\nde-Sein\n'Vu la d\u00e9claration d'actit\u00e9s de services \u00e0 la personne  d\u00e9pos\u00e9es  le 25 janvier 2026  au  nom\nde  la SASU  SERENITY  SERVICES  sise 7 Rue  Gustave  Cailebotte  \u00e0  ASNIERES-SUR-\n'SEINE  (92600)  ;\n\n'Apr\u00e8s examen  du  dossier, cette demande  \u00e9tant conforme aux dispositions de  Farticle L. 7232-1-\ndu  code  du  travail le pr\u00e9sent  r\u00e9c\u00e9piss\u00e9  de  d\u00e9claration  d'activit\u00e9s de  services  \u00e0 la personne  a\nte  enregistr\u00e9au  nom de la SASU  SERENITY  SERVICES  sous le  num\u00e9ro  SAP  999103351\nLes  activit\u00e9s d\u00e9clar\u00e9es  sont les suivantes,  \u00e0 l'exclusion de toute autre\nEntretien  de  la maison  et  travaux  m\u00e9nagers  ;\nPetits  travaux  de  jardinage,  y  compris  les travaux  de  d\u00e9broussailL\nTravaux  de  petit bricolage  dits \u00ab homme  toutes  mains.\nGarde  d'enfants  de  plus  de  trois ans  \u00e0  domicile;\n'Accompagnement  des  enfants  de plus  de  trois ans  dans  leurs  d\u00e9placements  en\ndehors de  leur  domicile  (promenades,  transports,  actes  de  la vie  courante);\nSoutien  scolaire  ou  cours \u00e0  domicile\nPr\u00e9paration  de  repas \u00e0 domicile,  y compris  le temps  pass\u00e9  aux  courses  ;\n\u00e0 domicile,  de  la r\u00e9sidence\nAccompagnement  des  personnes  _ temporairement  d\u00e9pendantes  autres  que\npersonnes  \u00e2g\u00e9es,  handicap\u00e9es  ou  attointes  de  pathologies  chroniques,  dans  leurs.\nd\u00e9placements  en  dehors  de  leur domicile  (promenades,  aide  \u00e0  la mobilit\u00e9 et au\ntransport,  actes  de  la vie courante)  ;\n'Assistance  aux  personnes  autres  que  personnes  \u00e2g\u00e9es,  handicap\u00e9es  ou  atteintes\n'de pathologies  chroniques  qui ont  besoin  temporairement d'une  aide personnelle \u00e0\nleur domicile, \u00e0 l'exclusion des  soins  relevant d'actes  m\u00e9dicaux  ;\nPrestations  relevant du  b\u00e9n\u00e9fice dela  r\u00e9duction  d'imp\u00f4t  pr\u00e9vue  \u00e0 l'article 199  sexdecies du Code\nG\u00e9n\u00e9ral  dos  Imp\u00f4ts.\nLa  structure  exerce  ces  activit\u00e9s  solon  le mode  suivant  : PRESTATAIRE\nSous  r\u00e9serve  d'etre exerc\u00e9es  \u00e0 tre  exclusif par  le d\u00e9clarant  (ou sous  r\u00e9serve  d'une  comptat\ns\u00e9par\u00e9e  pour  les personnes  morales  dispens\u00e9es  de  la condition  activit\u00e9 exclusive). ces  activites\nouvrent  drot  au  b\u00e9n\u00e9fice  des  dispositions  des  articles L. 7233-2  du  code  du  travail et L 241-10\ndu  code  de  la s\u00e9curt\u00e9  sociale.\nConform\u00e9ment  aux  dispositions  de  l'article R7232-19  du  code  du  traval. l'organisme  d\u00e9ctar\u00e9  dot\nproduire au moins chaque  trimestre un \u00e9tat dactivt\u00e9 et chaque  ann\u00e9e  un bilan quanttatt et\n'qualita  de  ractivit\u00e9 exerc\u00e9e  au  te  de  l'ann\u00e9e  \u00e9coul\u00e9e  ainsi qu'un  tableau  statistique annuel.\nSi l'organisme  d\u00e9clar\u00e9  comporte  plusieurs  \u00e9tablissements  les \u00e9tats statistiques et le bilan annuel\ndistinguent  activit\u00e9 exerc\u00e9e  par  chaque  \u00e9tablissement.\nLe  pr\u00e9sent  r\u00e9c\u00e9piss\u00e9  prend  effet le 25  janvier  2026.\nL'enregistrement de la d\u00e9claration  pourra  \u00eatre retir\u00e9si l'organisme d\u00e9clar\u00e9 cesse  de remplir\nles conditions  ou  de  respecter  les obligations  mentionn\u00e9es  aux  4\u00b0\"  ot 6\u00b0 de  l'article\n723247  ou  qui  m\u00e9connalt  les obligations  d\u00e9finies  \u00e0 article  R7232-19 du  code  du  travail.\n\n'Toute modification concernant la structure d\u00e9clar\u00e9e ou les activit\u00e9s exorc\u00e9es devra. sous\npaie  de retrat dela  d\u00e9claration, fave Tobjet dune  d\u00e9claration modiicatve aupr\u00e9s de \"Unit\u00e9\n'Separtementale  des  Hauts-de-Seine\nLe  pr\u00e9sant r\u00e9c\u00e9piss\u00e9 sera pubi\u00e9  au  recuel  des  actes administratifsde  La pr\u00e9fecture des  Hauts-\nde-Sene\nFait \u00e0  Nanterre,  le 04  f\u00e9vrier 2026.\nPour  lo  Pr\u00e9fet\nPar  d\u00e9l\u00e9gation  et  subd\u00e9l\u00e9gation\nLa  Responsable  du  service\nD\u00e9veloppement  de  l'emploi  et  des\ncomp\u00e9tences\nae  Ao\nCONDE\n\nea  Direction r\u00e9gionale et interd\u00e9partementale\nMINISTERE  de l'\u00e9conomie, de l'emploi,\nDU  TRAVAIL, DE LA SANT\u00c9, du travail et des solidarit\u00e9s\nDES  SOLIDARIT\u00c9S\nET  DES  FAMILLES\nPee\nR\u00e9c\u00e9piss\u00e9  n\u00b02026-068  de  d\u00e9claration d'activit\u00e9s de  services \u00e0 la personne\nenregistr\u00e9e  sous  le n\u00b0 SAP977742196  au  nom  de  la micro-entreprise  BRAHMI\nFAYCAL  sise  1 Bis  Rue  Volta  \u00e0  PUTEAUX  (92800)\nLE  PREFET  DES  HAUTS-DE-SEINE\nVu  Ia loi n\u00b0 2010-863  du  23  jullet 2010  relative aux  r\u00e9seaux  consulaires, au commerce  et \u00e0\n'artsanat  et aux  services  (article 31)\nVu  la loi n\u00b02015-1778  du  28  d\u00e9cembre  2015  relative \u00e0 l'adaptation de  la soci\u00e9t\u00e9 au\nviilissement :\nVu  l'aricie 07231-1  du  Code  du travail;\nVu  les d\u00e9crets n\u00b0 2011-1132  et n\u00b0 2011-1133  du  20  septembre  2011  modifiant certaines\ndispostions  du  Code  du  travail, relatives au  ch\u00e8que  emplo-service  universel et aux\nservices  \u00e0 la personne  ;\nVu  le d\u00e9cret n*2016-750 du 6 jun 2016 relatif \u00e0 la liste des activit\u00e9s de services \u00e0 a  personne\nsoumises  \u00e0 agr\u00e9ment ou \u00e0 autorisationdans le cadre du r\u00e9gime  commun  de a d\u00e9claration ;\nVu  le d\u00e9cret du  31 octobre 2024  portant nomination  de  Monsieur  Alexandre  BRUGERE,  en\nquait\u00e9 de Pr\u00e9fet des Hauts-de-Seine ;\nVu  Farrbt\u00e9 interminist\u00e9riel du  12  ao\u00fbt 2025  nommant  Monsieur  Fabrice MASI, Directeur\nr\u00e9gionalet interd\u00e9partemental de l'\u00e9conomie, de l'emploi, du travail et des solidarit\u00e9sdle\nde-France  \u00e0 compter  du  25  ao\u00fbt  2025  ;\nVu  l'ar\u00eat\u00e9 pr\u00e9fectoral n\u00b0202533  du  22  ao\u00fbt 2025  par lequel le Pr\u00e9fet des  Hauts-de-Seine\nd\u00e9l\u00e8gue sa  signature  \u00e0 Monsieur  Fabrice  MASI,  Directeur  r\u00e9gional  et interd\u00e9partemental\nde l'\u00e9conomie, de l'emploi, du travail et des solidarit\u00e9s d'le-de-France\n'Vu la d\u00e9cision n\u00b0 2025-187  du  25  ao\u00fbt 2025  portant subd\u00e9l\u00e9gation  de  signature de  Monsieur\nFabrice MASI,  Directeur r\u00e9gional et interd\u00e9partemental de  l'\u00e9conomie, de  l'emploi. du\ntravail et des  soldarit\u00e9s  dlle-de-France,  aux  agents de l'Unit\u00e9 d\u00e9partementale  des  Hauts-\nde-Seine  ;\nVu  la d\u00e9claration d'actvit\u00e9s de services \u00e0 la personne  d\u00e9pos\u00e9es  le 26 janvier 2026 au nom\n'de la micro-entreprise BRAHMI  FAYCAL  sise 1 Bis Rue  Volta \u00e0 PUTEAUX  (82800)  ;\n\n'Apres examen  du dossier, cette demande  \u00e9tant conforme aux dispositions de l'article L. 7232-1-\n'du code  du  travail, le pr\u00e9sent  r\u00e9c\u00e9piss\u00e9  de  d\u00e9claration  d activit\u00e9s de  services  \u00e0 la personne  a\nnregistr\u00e9 au  nom  de  la micro-entreprise BRAHMI  FAYCAL  sous  le num\u00e9ro  SAP\n977742196,\nLes  activit\u00e9s d\u00e9ctar\u00e9es  sont  les suivantes, & l'exclusion de toute autre\nEntretien  de  la maison  et  travaux  m\u00e9nagers  ;\nPrestations relevant du  b\u00e9n\u00e9fice de  la r\u00e9duction d'imp\u00f4t pr\u00e9vue  \u00e0 Varticle 199  sexdecies  du  Code\nG\u00e9n\u00e9ral  des  Imp\u00f4ts.\nLa  structure  exorce  ces  activit\u00e9s selon  le mode  suivant  : PRESTATAIRE\nSous  r\u00e9serve  d'\u00eatre exerc\u00e9es  \u00e0 tte  exclusif parle  d\u00e9clarant  (ou  sous  r\u00e9serve  dune  comptabilit\u00e9\ns\u00e9par\u00e9e pour les personnes morales dispens\u00e9es de la condition \u00a2 activit\u00e9 exclusive) ces activites\nouvrent droit au  b\u00e9n\u00e9fice des dispositions des  articles L. 7233-2 du code  du  travall et L. 241-10,\ndu  code  de  la s\u00e9curt\u00e9  social.\nConform\u00e9ment  aux dispositions de  l'articie R7232-19  du  code  du  travail, l'organisme d\u00e9clar\u00e9 doit\nproduire  au  moins  chaque  trimestre un  \u00e9tat d'activit\u00e9 et chaque  ann\u00e9e  un  bilan quantitatif et\nqualitatifde l'actit\u00e9 exerc\u00e9e au tire de l'ann\u00e9e \u00e9coui\u00e9e ainsi qu'un tableau statistique annuel\nSi organisme  d\u00e9clar\u00e9 comporte  plusieurs \u00e9tablissements, les \u00e9tats statistiques et le bilan annuel\nistnguent  l'activit\u00e9 exerc\u00e9e  par  chaque  \u00e9tablissement.\nLe  pr\u00e9sent  r\u00e9c\u00e9piss\u00e9  prend  effet le 28  janvier  2026.\nL'enrogistrement  de la d\u00e9claration  pourra  \u00eatre retir\u00e9 si l'organisme  d\u00e9clar\u00e9 cesse  de remplir\nles conditions  ou  de  respecter  les obligations  mentionn\u00e9es  aux  4\u00b0,5\u00b0 et 6\u00b0 de  l'article\nR7232-17  ou  qui  m\u00e9connalt  les obligations  d\u00e9finies \u00e0 l'article R7232-19  du  code  du  travail.\n'Toute modification concernant la structure d\u00e9clar\u00e9e ou les activit\u00e9s exerc\u00e9es devra, sous\npeine de  retrait de  la d\u00e9claration, faire l'objet dune  d\u00e9claration modificative aupr\u00e8s  de  [Unit\u00e9\nd\u00e9partementale  des  Hauts-de-Seine\nLe  pr\u00e9sent r\u00e9c\u00e9piss\u00e9 sera publ\u00e9  au  recueil des  actes administratifsde la pr\u00e9fecture des  Hauts\nde-Soine.\nFait \u00e0 Nanterre,  le 04  f\u00e9vrier 2026.\nPour  le  Pr\u00e9fet\nd\u00e9l\u00e9gation  ot  subd\u00e9l\u00e9gation\nLa  Responsable  du  service\nD\u00e9veloppement  de  l'emploi  et des\nMariama  CONDE\n\nEu  Direction r\u00e9gionale et interd\u00e9partementale\nMINIST\u00c8RE  de l'\u00e9conomie, de l'emploi,\nDU  TRAVAIL,  DE  LA SANT\u00c9,  du travail et des solidarit\u00e9s\nDES  SOLIDARITES\nET  DES  FAMILLES\nss\nR\u00e9c\u00e9piss\u00e9  n\u00b02026-067  de  d\u00e9claration  d'activit\u00e9s de services  \u00e0 la personne\nenregistr\u00e9e  sous  le n\u00b0 SAP100417120  au  nom  de la micro-entreprise  BUZE\nCESARINE  sise 47 rue \u00c9douard  Vaillant \u00e0 LEVALLOIS-PERRET  (92300)\nLE  PREFET  DES  HAUTS-DE-SEINE\nVu  la loi n\u00b0 2010-853 du  23  jullet 2010  relative aux  r\u00e9seaux  consulaires,  au  commerce  et \u00e0\nl'artisanat et aux  services  (article 31) ;\n'Vu la loi n\u00b02015-1778  du  28  d\u00e9cembre  2015  relative \u00e0  l'adaptation de  la soci\u00e9t\u00e9  au\nvellissement\n'Vu l'aricie 07231-1  du  Code du  travail\nVu  les d\u00e9crets n\u00b0 2011-1132  et n\u00b0 2011-1133  du  20  septembre  2011  modifiant certaines\ndispositions  du  Code  du  traval, relatives au  ch\u00e8que  emploi-service  universel et aux\nservices \u00e0 la  personne\nVu  le d\u00e9cret n\u00b02016-750  du  6 juin 2016  relatif \u00e0 la ist  des  activit\u00e9s de  services \u00e0 la personne\nsoumises  \u00e0 agr\u00e9ment ou  autorisation dans  le cadre  du  r\u00e9gime  commun  de  la d\u00e9claration\n'Vu le d\u00e9cret du  31 octobre 2024  portant nomination  de  Monsieur  Alexandre  BRUGERE,  en\n'qualit\u00e9 de Pr\u00e9fet des Hauts-de-Seine ;\nVu  Tarr\u00e9te interminist\u00e9riel du  12 ao\u00fbt  2025  nommant  Monsieur  Fabrice MASI,  Directeur\nr\u00e9gional  et interd\u00e9partemental de l'\u00e9conomie, de l'emploi, du  travailet des solidarit\u00e9s dle\nde-France \u00e0 compter  du  25  ao\u00fbt  2025\nVu  l'arr\u00eat\u00e9 pr\u00e9fectoral n\u00b02025-33  du  22  ao\u00fbt  2025  par lequel le Pr\u00e9fet des  Hauts-de-Seine\nd\u00e9l\u00e8gue  sa  signature \u00e0  Monsieur  Fabrice MASI, Directeur r\u00e9gional et interd\u00e9partemental\nde l'\u00e9conomie, de l'emploi du travailet des solidarit\u00e9s d'\u00cele-de-France;\nVu  la d\u00e9cision n\u00b0 2025-187  du  25  ao\u00fbt  2025  portant subd\u00e9l\u00e9gation  de  signature de  Monsieur\nFabrice  MASI,  Directeur r\u00e9gional et interd\u00e9partemental de  l'\u00e9conomie, de  l'emplo. du\ntravail et des  solidart\u00e9s d'\u00cele-de-France, aux  agents  de  l'Unit\u00e9 d\u00e9partementale  des  Hauts-\nde-Seine\n'Vu la declaration d'activit\u00e9sde services \u00e0 la personne  d\u00e9pos\u00e9es  le 30 janvier 2028  au  nom\nde la micro-entreprise BUZE  CESARINE  sise 47 rue \u00c9douard Vallant \u00e0 LEVALLOIS-\nPERRET  (82300)  ;\n\n'Apres examen  du  dossier, cette demande  \u00e9tant conforme aux dispositions de rarticeL. 7232-1-\n1 du  code  du  traval, le pr\u00e9sent  r\u00e9c\u00e9piss\u00e9  de  d\u00e9ciaration  activit\u00e9s  de  services  a la personne  a\n\u00e9t\u00e9 enregistr\u00e9  au  nom  de  la micro-entreprise  BUZE  CESARINE  sous  le num\u00e9ro  SAP\n400417120.\nLes  activit\u00e9s d\u00e9ciar\u00e9es  sont  les suivantes,  \u00e0  l'exclusion de toute  autre\nEntretien  de  la  maison et  travaux  m\u00e9nagers  ;\n= Soutien  scolaire  ou  cours  \u00e0  domicile  ;\nAccompagnement  des  enfants  de  plus  de  trois ans  dans  leurs  d\u00e9placements  en\ndehors  de  leur  domicile  (promenades,  transports,  actes  de la vie courante) ;\nPrestations relevant du  b\u00e9n\u00e9fice de  la r\u00e9duction d'imp\u00f4t pr\u00e9vus  \u00e0  'ricie  199  sexdecies  du  Code\nG\u00e9n\u00e9ral  des  Imp\u00f4ts.\nLa  structure  exorce  ces  activit\u00e9s selon  le mode  suivant  : PRESTATAIRE\nSous  r\u00e9serve  d'\u00eatre exerc\u00e9es  \u00e0 ttre exclusif par  le d\u00e9clarant  (ou sous  r\u00e9serve  d'une  comptabilit\u00e9\ns\u00e9par\u00e9e  pour  les personnes  morales dispens\u00e9es  de  a  condition d'activit\u00e9 exclusive), ces  activit\u00e9s\n'ouvrent droit au  b\u00e9n\u00e9fice  des  dispositions  des  articles L. 7233-2  du  code  du  travail et L. 241-10\n{du code  de  la s\u00e9curit\u00e9  sociale\nConform\u00e9ment  aux  dispositions  de  l'article R7232-19  du  code  du  travail, Forganisme  d\u00e9clar\u00e9  doit\nproduire  au  moins  chaque  trmestre  un  \u00e9tat d'actvit\u00e9 et chaque  ann\u00e9e  un  blan  quanttatt  et\nqualtatf de l'activit\u00e9 exerc\u00e9e au tire de l'ann\u00e9e \u00e9coul\u00e9e ainsi qu'un tableau statistique annuel.\nSi l'organisme  d\u00e9clar\u00e9  comporte  plusieurs  \u00e9tablissements,  les \u00e9tats statistiques et le bilan annuel\ndistinguent  l'actit\u00e9  exerc\u00e9e  par  chaque  \u00e9tablissement.\nLe  pr\u00e9sent  r\u00e9c\u00e9piss\u00e9  prend  effet le 30  janvier  2026.\nL'enregistrement de la d\u00e9claration  pourra  \u00eatre  retir\u00e9 a  l'organisme  d\u00e9clar\u00e9  cesse  de  remplir\nles conditions  ou  de  respecter  les obligations  mentionn\u00e9es  aux  4\u00b0,6\u00b0 et 8\u00b0 do  l'article\n7232-17 ou  qui  m\u00e9connalt les  obligations  d\u00e9finies \u00e0 l'article R7232-19 du  code  du  traval\nDeine  de  retrat de  a  d\u00e9claration, fare  l'objet dune  declaration modifeatve  aupr\u00e9s  de  FUR\u00c9\nd\u00e9partementale  des  Hauts-de-Seine.\nLe  pr\u00e9sent  r\u00e9c\u00e9piss\u00e9  sera  publi\u00e9  au  recueil des  actes administratis  de  la pr\u00e9fecture des  Hauts-\nde-Seine.\nFait  \u00e0 Nanterre, le 04  f\u00e9vrier 2026\nPour  le Pr\u00e9fet\nPard\u00e9l\u00e9gation  ot  subd\u00e9l\u00e9gation\nLa  Responsable\nD\u00e9veloppement\nee\nM\n\nEs  Direction  r\u00e9gionale  et interd\u00e9partementale\nMINIST\u00c8RE  de l'\u00e9conomie, de l'emploi,\nDU  TRAVAIL,  DE  LA  SANT\u00c9,  du travail ot des solidarit\u00e9s\nDES  SOLIDARIT\u00c9S\nET  DES  FAMILLES\ncay\nR\u00e9c\u00e9piss\u00e9  n\u00b02026-068  de d\u00e9claration d'activit\u00e9s de services  \u00e0 la personne\nenregistr\u00e9e  sous  le n\u00b0 SAP999686785  au  nom  de  la micro-entreprise  Sarah\nMAMCHAOUI  sise 8 Avenue  de  Verdun  \u00e0 FONTENAY-AUX-ROSES  (92260)\nLE  PREFET  DES  HAUTS-DE-SEINE\nVu  la loi n\u00b0 2010-853  du  23  jullet 2010  relative aux  r\u00e9seaux  consulaires, au  commerce  et \u00e0\nFartisanat et aux  services  (article 31)\nVu  la loi n\u00b02015-177  du  28  d\u00e9cembre  2015  relative \u00e0  l'adaptation de  la soci\u00e9t\u00e9 au\nviellissement ;\nVu  Fattcle  07231-1  du  Code  du  travail;\nVu  les d\u00e9crets n\u00b0 2011-1132  et n\u00b0 2011-1133  du  20  septembre  2011  modifiant certaines\ndisposlions  du  Code  du  travail, relatives au  ch\u00e8que  emploi-service universel et aux\nservices  \u00e0  la personne  ;\nVu  le d\u00e9cret n\u00b02016-750  du 6 juin 2016  relat  \u00e0 la liste des  activit\u00e9s de  services \u00e0 la personne\nsoumises  \u00e0 agr\u00e9ment  ou  \u00e0 autorisation dans le cadre  du  r\u00e9gime  commun  dela  d\u00e9claration  ;\nVu  le d\u00e9cret du  31 actobre 2024  portant nomination  de  Monsieur  Alexandre  BRUGERE,  en\n'quait\u00e9 de Pr\u00e9fet des Hauts-de-Seine ;\nVu  l'arr\u00eat\u00e9 interminist\u00e9riel du  12 ao\u00fbt 2025  nommant  Monsieur  Fabrice MASI,  Directeur\nr\u00e9gional et intord\u00e9partementalde l'\u00e9conomie, de l'emploi, du travail et dessolidarit\u00e9sd'le-\n'de-France \u00e0 compter  du 26  ao\u00fbt 2028  ;\nVu  l'ar\u00e9t\u00e9 pr\u00e9fectoral n\u00b02025-33  du  22  ao\u00fbt  2025  par lequel le Pr\u00e9fet des  Hauts-de-Seine\nd\u00e9l\u00e8gue  sa  signature \u00e0  Monsieur  Fabrice  MASI,  Directeur  r\u00e9gional  et interd\u00e9partemental\nde l'\u00e9conomie, de l'emploi, du travail et des solidarit\u00e9s d'\u00cele-de-France ;\nVu  la d\u00e9cision n\u00b0 2025-187  du  25  ao\u00fbt 2025  portant subd\u00e9l\u00e9gation  de  signature de  Monsieur\nFabrice  MASI,  Directeur  r\u00e9gional  et interd\u00e9partemental  de  l'\u00e9conomie,  de  l'emploi, du\ntravail et des  soidarit\u00e9s  d'le-de-France,  aux  agents  de  l'Unit\u00e9 d\u00e9partementale  des  Hauts-\nde-Seine\nVu  la d\u00e9claration d'actvit\u00e9s de services \u00e0 la personne  d\u00e9pos\u00e9es le 30 janvier 2026  au  nom\nde  la micro-entreprise Sarah  MAMCHAOUI  sise8  Avenue  de Verdun  \u00e0 FONTENAY-AUX-\nROSES  (92260)\n\nApr\u00e8s examen  du dossier, cette demande  \u00e9tant conforme aux dispostions de Faticle L. 7232-1\n1 du  code  du  traval, le pr\u00e9sent  r\u00e9c\u00e9piss\u00e9  de  d\u00e9claration  d'activit\u00e9s de  services  \u00e0 Ia personne  a\n\u00e9t\u00e9 enregistr\u00e9 au  nom  de  la micro-entreprise Sarah  MAMCHAOUI  sous  le num\u00e9ro  SAP\n1999686785,\nLes  activit\u00e9s d\u00e9clar\u00e9es  sont  les suivantes,  \u00e0 l'exclusion de  toute  autre\nEntretien  de  la  maison  et travaux  m\u00e9nagers  ;\nGarde  d'enfants  de plus de  trois  ans  \u00e0  domicile;\nAccompagnement  des  enfants  de  plus  de  trois ans  dans  leurs d\u00e9placements  en\ndehors  de  leur  domicile  (promenades,  transport,  actes de la vie courante)\nPrestations  relevant  du  b\u00e9n\u00e9fice  de\nG\u00e9n\u00e9ral  des  Imp\u00f4ts.\nLa  structure  exerce  ces  activit\u00e9s  selon  le mode  suivant  : PRESTATAIRE\nr\u00e9duction  imp  pr\u00e9vue  \u00e0 l'article 199  sexdecies  du  Code\nSous  r\u00e9serve  d'\u00eatre exerc\u00e9es  \u00e0 ttre exclusif par  le d\u00e9clarant  (ou  sous  r\u00e9serve  d'une  comptabilt\u00e9\ns\u00e9par\u00e9e  pour  les personnes  morales  dispens\u00e9es de la condition  d'activit\u00e9 exclusive) ces  activites\nouvrent drot au  b\u00e9n\u00e9fice des  dispositions des  articles L. 7233-2  du  code  du  travall et L. 241-10\ndu  code  de  la s\u00e9curt\u00e9  sociale.\n'Conform\u00e9ment  aux  dispositions de  l'article R7232-19  du  code  du  travail l'organisme d\u00e9ciar\u00e9 doit\nproduire au  moins  chaque  trimestre un \u00e9tat d'activit\u00e9 et chaque ann\u00e9e  un  bilan quantitatif et\nqualtatf de l'actit\u00e9 exerc\u00e9e  au  tire de  l'ann\u00e9e \u00e9coul\u00e9e  ainsi qu'un tableau statstique annuel.\nSi organisme  d\u00e9clar\u00e9  comporte  plusieurs  \u00e9tablissements,  les \u00e9tats statistiques et le bilan annuel\ndistinguent  l'activit\u00e9 exerc\u00e9e  par  chaque  \u00e9tablissement,\nLe  pr\u00e9sent  r\u00e9c\u00e9piss\u00e9  prend  offet lo 30  janvier  2026.\nL'enrogistrement  de  la d\u00e9claration  pourra \u00eatre retir\u00e9 si l'organisme d\u00e9clar\u00e9 cesse  de remplir\nles conditions  ou  de respecter  les obligations  mantionn\u00e9es  aux  4\u00b0,5\u00b0 et 6\u00b0  de  l'article\nR7232-17  ou  qui  m\u00e9connait  los obligations  d\u00e9finies \u00e0 l'article R7232-19  du  code  du  travail.\ndevra,  sous\npeine de  retrait de  la d\u00e9claration, faire l'objet dune  d\u00e9claration modificative aupr\u00e9s  de  Unit\u00e9\nd\u00e9partementale  des  Hauts-de-Seine\nLe  pr\u00e9sent r\u00e9c\u00e9piss\u00e9 sera publi\u00e9 au  recueil des  actes admiristratis de Ia pr\u00e9fecture des  Hauts-\nde-Seine,\nFait a Nanterre,  le 04  f\u00e9vrier 2026.\nPour  le Pr\u00e9fet\nd\u00e9l\u00e9gation  et  subd\u00e9l\u00e9gation\nLa  Responsable  du  service\nD\u00e9veloppement  de  l'emploi  et des\ncomp\u00e9tences.\nCE  TR\nMariamalCOND\u00c9\n\nEE  Direction r\u00e9gionale  et interd\u00e9partementale\nMINISTERE  de l'\u00e9conomie, de l'emploi,\nDU  TRAVAIL,  DE  LA  SANT\u00c9,  du travail et des solidarit\u00e9s\nDES  SOLIDARIT\u00c9S\nET  DES  FAMILLES\nA\nR\u00e9c\u00e9piss\u00e9  n\u00b02026-069  de  d\u00e9claration  d'activit\u00e9s  de  services \u00e0 la personne\n\"enrogistr\u00e9e sous  le n\u00b0 SAP910043215 au  nom  de  la micro-entreprise  MUYUMBA\nDIANE  sise  1 Square  de  l'Abb\u00e9  Maillot  \u00e0  MEUDON  (92360)\nLE  PREFET  DES  HAUTS-DE-SEINE\nVu  la loi n\u00b0 2010-853  du  23  jullet 2010  relative aux  r\u00e9seaux  consulaires, au  commerce et  \u00e0\nl'atisanat et aux  services  (article 31)\nVu  la loi n\u00b02018-1778  du  28  d\u00e9cembre  2015  relative \u00e0 l'adaptation de  la soci\u00e9t\u00e9  au\nviilissement\nVu  l'aricle D7231-1  du  Code  du  travail\nVu  les d\u00e9crets  n\u00b0 2011-1132  et n\u00b0 2011-1133  du  20  septembre  2011  modifiant  certaines\ndispositions du  Code  du  travail, relatives au  ch\u00e8que  emploi-service universel et aux\n'services  \u00e0 la personne ;\nVu  le d\u00e9cret n\u00b02018750 du 8 juin 2016 relatif \u00e0 la liste des activit\u00e9s de services \u00e0 la personne\nsoumises  \u00e0 agr\u00e9ment ou \u00e0  autorisation dans le cadre du  r\u00e9gime  commun  de  la d\u00e9claration ;\nVu  le d\u00e9cret du  31 octobre 2024  portant nomination  de  Monsieur  Alexandre  BRUGERE,  en\nquait\u00e9 de Pr\u00e9fet des Hauts-de-Seine\nVu  l'ar\u00e9t\u00e9 interminist\u00e9riel du  12  ao\u00fbt 2025  nommant  Monsieur  Fabrice MASI, Directeur\nr\u00e9gional et interd\u00e9partemental de l'\u00e9conomie, de l'emploi, du travail et des solidarit\u00e9s dle-\nde-France  \u00e0 compter  du  25  ao\u00fbt  2025  ;\nVu  l'arr\u00eat\u00e9 pr\u00e9fectoral n\u00b02025-33  du  22  ao\u00fbt 2025  par lequel le Pr\u00e9fet des  Hauts-de-Seine\nd\u00e9l\u00e8gue  sa  signature  \u00e0 Monsieur  Fabrice  MASI,  Directeur  r\u00e9gional et interd\u00e9partemental\nde F\u00e9conomie, de l'emploi, du travail et des solidarit\u00e9s d'le-de-France ;\nVu  la d\u00e9cision n\u00b0 2026-187  du  25  ao\u00fbt 2025  portant subd\u00e9l\u00e9gation de  signature de  Monsieur\nFabrice MASI,  Directeur r\u00e9gional et interd\u00e9partemental de  l'\u00e9conomie, de  l'emploi. du\ntravail et des  solidarit\u00e9s dle-de-France,  aux  agents  de  l'Unit\u00e9 d\u00e9partementale  des  Hauts.\nde-Seine  ;\nVu  la d\u00e9claration activit\u00e9s de services \u00e0 la personne  d\u00e9pos\u00e9es  le 03 d\u00e9cembre  2025 au nom\nde  la micro-entreprise MUYUMBA  DIANE  sise 1 Square  de  l'Abb\u00e9 Mallet \u00e0 MEUDON\n(92360) ;\n\nApr\u00e8s  examen  du  dossier,  cette demande  \u00e9tant conforme  aux  dispositions  de  article L. 7232-1-\n1 du  code  du  traval, le pr\u00e9sent  r\u00e9c\u00e9piss\u00e9  de  d\u00e9claration  d'activit\u00e9s de  services  \u00e0  la personne  \u00e0\n\u00e9t\u00e9 enregistr\u00e9  au  nom  de  la micro-entreprise  MUYUMBA  DIANE  sous  le num\u00e9ro  SAP\n910043215,\nLes  activit\u00e9s d\u00e9clar\u00e9es  sont  les suivantes,  \u00e0 l'exclusion de toute autre |\nEntretien  de  la  maison  et  travaux  m\u00e9nagers  ;\n| Garde  d'enfants  de  plus  de  trois ans  \u00e0 domicile ;\n= Accompagnement  des  enfants  de  plus  de  trois  ans  dans  leurs  d\u00e9placements  en\ndehors  de  lour  domicile  (promenades,  transports,  actes  de  la vie courante)  ;\nPrestations  relevant  du  b\u00e9n\u00e9fice  dela  r\u00e9duction  d'imp\u00f4t  pr\u00e9vue  \u00e0 l'article 199  sexdecies  du  Code\nG\u00e9n\u00e9ral  des  Imp\u00f4ts.\nLa  structure  exerce  ces  activit\u00e9s  selon  le mode  suivant PRESTATAIRE\nSous  r\u00e9serve  d'\u00eatre exerc\u00e9es  \u00e0  tire exclusif par  le d\u00e9clarant  (ou sous  r\u00e9serve  dune  comptablit\u00e9\ns\u00e9par\u00e9e  pour  les personnes  morales dispens\u00e9es  de  la condition d'actvi\u00e9 exclusive) ces activites\n'ouvrent droit au  b\u00e9n\u00e9fice  des  dispositions  des  articles L. 72332  du  code  du  travail et L 241-10\ndu  code  de  la  s\u00e9curit\u00e9  social.\n(Conform\u00e9ment  aux  dispositions  de  l'article R7232-19  du  code  du  aval.  l'organisme  d\u00e9clar\u00e9  doit\nproduire au moins chaque timestre un \u00e9tat d'actui\u00e9 et chaque  ann\u00e9e  un bilan quanttatf et\nualtatf  de  l'activit\u00e9 exerc\u00e9e  au  tire de  l'ann\u00e9e \u00e9coul\u00e9e  ainsi qu'un  tableau statistique annuel.\nSi l'organisme  d\u00e9clar\u00e9  compore  plusieurs  \u00e9tablssements,  es  \u00e9tats statistiques ete  blan  annuel\ndistinguent  l'acthit\u00e9 exerc\u00e9  par  chaque  \u00e9tablissement\nLe  pr\u00e9sent  r\u00e9c\u00e9piss\u00e9  prend  affot le 03  d\u00e9cembre  2028.\nL'enregistrement de la d\u00e9claration  pourra  \u00eatre  retir\u00e9 si l'organisme  d\u00e9clar\u00e9  cesse  de  remplir\nles conditions  ou  de  respecter  les  obligations  mentionn\u00e9es  aux  4\u00b0,5\" et 6\u00b0  de  l'article\nR7232-17  ou  qui  m\u00e9connalt los  obligations  d\u00e9finies  \u00e0 l'article R7232-19  du  code  du  travail.\n. P ps devra,  sous\npone  de  reat  dela  d\u00e9claration, fare  l'objet dune d\u00e9claration  modicatve  aupr\u00e9s  de  TUnt\u00e9\nd\u00e9partementale  des  Hauts-de-Seine.\nLe  pr\u00e9sent  r\u00e9c\u00e9piss\u00e9  sera  publi\u00e9  au  recueil des  actes  administratifs de  la pr\u00e9fecture  des  Hauts-\nde-Seine.\nFait  \u00e0  Nanterre,  le 04  f\u00e9vrier  2026.\nPour  le Pr\u00e9fet\nPar  d\u00e9l\u00e9gation  et  subd\u00e9l\u00e9gation\nLa  Responsable  du  sorvice\nD\u00e9veloppement  de  l'emploi  et des\ncomp\u00e9tences  -\nieee\nMariama  CONDE\n\nEn  Direction r\u00e9gionaleet interd\u00e9partementale\nMINIST\u00c8RE  de l'\u00e9conomie, de l'emploi,\nDU  TRAVAIL,  DE LA  SANT\u00c9,  du travail et des solidarit\u00e9s\nDES  SOLIDARIT\u00c9S\nET  DES  FAMILLES\nA\nR\u00e9c\u00e9piss\u00e9  n\u00b02026-070 de  d\u00e9claration  d'activit\u00e9s  de services \u00e0 la personne\nenregistr\u00e9e  sous  le n\u00b0 SAP999894355  au  nom  de  la micro-entreprise  MALINSKY\n'ARNAUD  MAX  MICHEL  sise  2  Rue Galli\u00e9ni  \u00e0  BOIS-COLOMBES  (92270)\nLE  PREFET  DES  HAUTS-DE-SEINE\nVu  ia loi n\u00b0 2010-863  du  23  jullet 2010  relative aux  r\u00e9seaux  consulaires, au  commerce  et \u00e0\nl'artisanat et aux  services  (article 31)  ;\nVu  la loi n\u00b02015-1776  du  28  d\u00e9cembre  2015  relative \u00e0 l'adaptation de  la soci\u00e9t\u00e9  au\nvellissement ;\nVu  l'aicie  D7231-1  du  Code  du travail;\nVu  les d\u00e9crets n\u00b0 2011-1132  et n\u00b0 2011-1133  du  20  septembre  2011  modifiant certaines\ndispositions  du  Code  du  travail, relatives au  ch\u00e8que  emploi-service  universel  et aux\nservices \u00e0 la  personne  ;\nVu  le d\u00e9cret n\u00b02016750 du 6 juin 2016  relatif\u00e0 la liste des activites de services \u00e0 la personne\nsoumises \u00e0 agr\u00e9ment  ou  \u00e0 autorisationdans le cadre du  r\u00e9gime  commun  de  a d\u00e9claration\nVu  le d\u00e9cret du  31 octobre 2024  portant nomination  de  Monsieur  Alexandre  BRUGERE,  en\n'qualit\u00e9 de Pr\u00e9fet des Hauts-de-Seine\nVu  l'arr\u00eat\u00e9 interminist\u00e9riel du  12 ao\u00fbt 2025  nommant  Monsieur  Fabrice MASI, Directeur\nr\u00e9gional et interd\u00e9partemental de  l'\u00e9conomie, de  l'emploi, du  travail et des  solidarit\u00e9s dle-\nde-France  \u00e0  compler  du  25  ao\u00fbt  2025  ;\nVu  Tarr\u00e9te pr\u00e9fectoral n\u00b02025-33  du  22  ao\u00fbt 2025  par  lequel le Pr\u00e9fet des  Hauts-de-Seine\nd\u00e9l\u00e8gue  sa  signature  \u00e0 Monsieur  Fabrice  MASI,  Directeur  r\u00e9gional  et interd\u00e9partemental\nde l'\u00e9conomie, de l'emploi, du travail et des salari\u00e9s  d'\u00cele-de-France\n'Vu la d\u00e9cision n\u00b0 2025-187  du  25  ao\u00fbt 2025  portant subd\u00e9l\u00e9gation de signature de  Monsieur\nFabrice MASI, Directeur r\u00e9gional et interd\u00e9partemental de  l'\u00e9conomie, de  l'emploi, du\ntraval et des  soidart\u00e9s  d'Ile-de-France, aux  agents  de  l'Unit\u00e9 d\u00e9partementale  des  Hauts-\nde-Seine  ;\nVu  la d\u00e9claration d'actvit\u00e9s de  services  \u00e0 la personne  d\u00e9pos\u00e9es  le 19 janvier 2026  au  nom\nde  la micro-entreprise MALINSKY  ARNAUD  MAX  MICHEL  sise 2 Rue  Gali  \u00e0  BOIS-\nCOLOMBES  (92270)  ;\n\n'Apr\u00e8s examen  du  dossier, cette demande  \u00e9tant conforme  aux  dispositions de  article | 7232:\n1 du  code  du  travail ls pr\u00e9sent  r\u00e9c\u00e9piss\u00e9  de d\u00e9claration d activit\u00e9s de  services \u00e0 a  personne  a\n\u00e9t\u00e9 enregistr\u00e9 au  nom  de  la micro-entreprise  MALINSKY  ARNAUD  MAX  MICHEL  sous  le\nnum\u00e9ro  SAP  999894355.\nLes  activit\u00e9s d\u00e9clar\u00e9es  sont  les suivantes,  & l'exclusion de  toute autre\n= Entrotien  de la  maison  et  travaux  m\u00e9nagers  ;\nPrestations  relevant  du  b\u00e9n\u00e9fice  de  la r\u00e9duction  d'imp\u00f4t  pr\u00e9vue  \u00e0 l'article 199  sexdecies  du  Code\nG\u00e9n\u00e9ral  des  Imp\u00f4ts.\nLa  structure  exerce  ces  activit\u00e9s selon  le mode  suivant  :PRESTATAIRE\nSous  r\u00e9serve d'\u00eatre exerc\u00e9es  \u00e0 tire exclusif par  le d\u00e9clarant  (ou sous  r\u00e9serve  d'une  comptabilit\u00e9\ns\u00e9par\u00e9e  pour les personnes  morales  dispens\u00e9es  de  la condition activit\u00e9 exclusive).ces activit\u00e9s\n'ouvrent droit au b\u00e9n\u00e9fice des  dispostions des articles L. 7233-2  du  code  du  travail et L. 241-10\ndu  code de  la  s\u00e9curit\u00e9  sociale\n'Conform\u00e9ment  aux  dispositions  de  article  R7232-19  du  code  du  traval l'organisme  d\u00e9clar\u00e9  doit\nproduire  au  moins  chaque  timestre  un  \u00e9tat d'actvi\u00e9  et chaque  ann\u00e9e  un  bilan quantitati  et\nquaitatf de Factvite exerc\u00e9e au tire de l'ann\u00e9e \u00e9coul\u00e9e ainsi qu'un tableau statistique annuel.\nSi l'organisme d\u00e9clar\u00e9 comporte  plusieurs \u00e9tablissements, les \u00e9tats statistiques et le bilan annuel\ndistinguent  l'activit\u00e9 exerc\u00e9e par chaque  \u00e9tablissement\nLe  pr\u00e9sent  r\u00e9c\u00e9piss\u00e9  prend  effet  le 19janvier  2026.\nL'enrogistroment de la d\u00e9claration pourra \u00eatre retir\u00e9 si  l'organisme d\u00e9clar\u00e9  cosse  de  remplir\nles conditions  ou  de  respecter  les obligations  mentionn\u00e9es  aux  4\u00b0,8\u00b0 ot 6\u00b0 de  l'article\nR7232-7  ou  qui  m\u00e9connalt  les obligations  d\u00e9finies  \u00e0 l'article R7232-1\npaie  de  retrat  dela declaration, fare  Tobjet dune  d\u00e9claration  mocifeatve  aupr\u00e9s de TUnt\u00ae\nd\u00e9partementale  des  Hauts-de-Seine.\nLe  pr\u00e9sent  r\u00e9c\u00e9piss\u00e9  sera  publi\u00e9  au  recueil des  actes  administratifs de la pr\u00e9fecture  des  Hauts-\n'de-Seine.\nFait \u00e0  Nanterre,  le 04  f\u00e9vrier 2026.\nPour  le Pr\u00e9fet\nPar  d\u00e9l\u00e9gation  et  subd\u00e9l\u00e9gation\nLa  Responsable  du  service\nD\u00e9veloppement  de  l'emploi  et  des\ncomp\u00e9tences\n15572\nMariama  CONDE\n\nEx\nMINIST\u00c8RE de l'\u00e9conomie, de l'emploi,\nDU  TRAVAIL,  DE  LA  SANT\u00c9,  du travail et des solidarit\u00e9s.\nDES  SOLIDARIT\u00c9S\nET  DES  FAMILLES\nA\nR\u00e9c\u00e9piss\u00e9  n\u00b02026-072  de d\u00e9claration  d'activit\u00e9s  de services \u00e0  la personne\nenregistr\u00e9e  sous  le n\u00b0  SAP943945097  au  nom  de  la micro-entreprise  DIALLO\nFAYETTE  sise  7  Rue  Paul  Demange  \u00e0  MEUDON  (92360)\nLE  PREFET  DES  HAUTS-DE-SEINE\nVu  la loi n\u00b0  2010-853  du  23  juilet 2010  re\nl'atisanat  et  aux  services  (article 31)  ;\nVu  la loi n\u00b02015-1778  du  28  d\u00e9cembre  2015  relative \u00e0  l'adaptation de  la soci\u00e9t\u00e9  au\nviilissement\ntive aux  r\u00e9seaux  consulaires, au  commerce  et \u00e0\nVu  l'article 07231-1  du  Code  du  travail\nVu  les d\u00e9crets  n\u00b0 2011-1132  et n\u00b0  2011-1133  du  20  septembre  2011  modifiant  certaines\ndispositions  du  Code  du  travail, relatives au  ch\u00e8que  emploi-service  universel et aux\n'srvices  \u00e0la  personne ;\nVu  le d\u00e9cret  n\u00b02018-750  du  6 juin 2016  relatif\u00e0 la liste des  activit\u00e9s de  services  \u00e0 a  personne\nsoumises  \u00e0 agr\u00e9ment  ou  \u00e0  autorisation dans le cadre  du  r\u00e9gime  commun  dela  d\u00e9claration  ;\nVu  le d\u00e9cret du  31 octobre 2024  portant nomination  de  Monsieur  Alexandre  BRUGERE,  en\nquait\u00e9 de Pr\u00e9fet des Hauts-de-Seine ;\nVu  l'ar\u00eat\u00e9 interminist\u00e9riel du  12  ao\u00fbt  2025  nommant  Monsieur  Fabrice  MASI,  Directeur\nr\u00e9gional et  interd\u00e9partemental  de  l'\u00e9conomie, de l'emploi, du  travailet des  soldarites dle\n'de-France  \u00e0 compter  du  25  ao\u00fbt  2025 ;\nVu  l'ar\u00e8t\u00e9 pr\u00e9fectoral n\u00b0202533  du  22  ao\u00fbt  2025  par  lequel  le Pr\u00e9fet  des  Hauts-de-Seine\nd\u00e9l\u00e8gue  sa  signature  \u00e0 Monsieur  Fabrice  MASI,  Directeur  r\u00e9gional  et interd\u00e9partemental\nde  l'\u00e9conomie, de  l'emploi, du  travailet des solidarit\u00e9s d'\u00cele-de-France;\n'Vu la d\u00e9cision  n\u00b0 2025-187  du  25  ao\u00fbt  2025  portant  subd\u00e9l\u00e9gation  de  signature  de  Monsieur\nFabrice  MASI,  Directeur  r\u00e9gional  et interd\u00e9partemental  de  l'\u00e9conomie,  de  l'emploi, du\ntravail et des  soidait\u00e9s  d  le-de-France,  aux  agents  de  l'Unit\u00e9 d\u00e9partementale  des  Hauts-\nde-Seine\nVu  la d\u00e9claration  d'actiit\u00e9s de  services \u00e0 la personne  d\u00e9pos\u00e9es  le 02  f\u00e9vrier 2026  au nom  de\nla micro-entreprise  DIALLO  FAYETTE  sise  7 Rue  Paul  Demange  \u00e0  MEUDON  (82360)  ;\n\n'Apres  examen  du  dossier, cette demande  \u00e9tant conforme  aux  dispositions  de  l'article. 7232\n1 du  code  du  traval  le pr\u00e9sent  r\u00e9c\u00e9piss\u00e9  de  d\u00e9claration d activit\u00e9s de  services \u00e0 la personne  a\n\u00e9t\u00e9  enregistr\u00e9  au  nom  de  la micro-entreprise  DIALLO  FAYETTE  sous  le num\u00e9ro  SAP\n1943945097,\nLes  activites d\u00e9clar\u00e9es  sont  ies suivantes,  \u00e0 l'exclusion de  toute autre\n~ Entrotion  de  la maison  et travaux  m\u00e9nagers  ;\n= Garde  d'enfants  de  plus  de  trois  ans  \u00e0 domicile  ;\nPrestations  relevant du  b\u00e9n\u00e9fice  de  la r\u00e9duction  d'imp\u00f4t  pr\u00e9vue  \u00e0  l'article 199  sexdecies  du  Code\nG\u00e9n\u00e9ral  des  Imp\u00f4ts.\nLa  structure  exerce  ces  activit\u00e9s  selon  le mode  suivant  : PRESTATAIRE\nSous  r\u00e9serve  d'\u00eatre exerc\u00e9es  \u00e0 tire exclusif parle  d\u00e9clarant  (ou sous  r\u00e9serve  d'une  comptabilit\u00e9\ns\u00e9par\u00e9e  pour  les personnes  morales  dispens\u00e9es  de  la condition  d activit\u00e9 exclusive), cesactivites\n'ouvrent droit au b\u00e9n\u00e9fice des dispositions des articles L. 7233-2  du  code  du  travail et L 241-10\ndu  code  de  la s\u00e9curit\u00e9  sociale,\n'Conform\u00e9ment  aux  dispositions  de  l'article R7232-19  du  code  du  travail, forganisme  d\u00e9clar\u00e9  doit\nproduire au moins chaque timestre un \u00e9tat d'actvi\u00e9 et chaque  ann\u00e9e  un blan quanttatit et\nqualtatf de l'activit\u00e9 exerc\u00e9e au tre  de l'ann\u00e9e \u00e9coul\u00e9e ainsi qu'un tableau statistique annuel.\nSi l'organisme d\u00e9clar\u00e9  comporte  plusieurs  \u00e9tablissements,  les \u00e9tats statistiques et le bilan annuel\ndistinguent  Factivit\u00e9 exerc\u00e9e par  chaque  \u00e9tablissement\nLe  pr\u00e9sent  r\u00e9c\u00e9piss\u00e9  prend  effet  le 02  f\u00e9vrier  2028.\nL'enregistrement de  la d\u00e9claration  pourra  \u00eatre retir\u00e9 si l'organisme  d\u00e9clar\u00e9  cesse de  remplir\nles conditions  ou  de  respecter  les  obligations  mentionn\u00e9es  aux  4\u00b0,6\u00b0 et 8\u00b0  do  l'article\n723247  ou  qui m\u00e9connalt  les obligations  d\u00e9finies \u00e0 1u code  du  travail\npainsde retrait'de la d\u00e9claration. 'aire l'objet dune d\u00e9claration modiicatve 'aupr\u00e9s de l'Unit\u00e9\n\u00e9partomentale  des  Hauts-de-Seine\nLe  pr\u00e9sent  r\u00e9c\u00e9piss\u00e9  sera  publi\u00e9  au  recueil des  actes  administratifs de  la pr\u00e9fecture des  Hauts-\nde-Seine,\nFait \u00e0  Nanterre,  le 09 f\u00e9vrier 2026.\nPour  te Pr\u00e9tet\nPar  d\u00e9l\u00e9gation  et  subd\u00e9l\u00e9gation\nLa  Responsable  du  service\nD\u00e9veloppement  de  l'emploi  et des\ncomp\u00e9tences\nGud\u00bb\n'Mariana CONDE\n\nMINIST\u00c8RE\nDU  TRAVAIL,  DE  LA  SANT\u00c9,\nDirection  r\u00e9gionale  et  interd\u00e9partementale\nde  l'\u00e9conomie,  de\nDES  SOLIDARIT\u00c9S\nET  DES  FAMILLES\nom\nR\u00e9c\u00e9plss\u00e9  n\u00b02026-073  de  d\u00e9claration  d'activit\u00e9s  de  services \u00e0  la personne\nenrogistr\u00e9e  sous  le n\u00b0 SAP941219859  au  nom  de  la micro-entreprise  CORDEMY\nMa\u00eblys  sise 7  Rue  De  Verdun  \u00e0  CLAMART  (92140)\nLE  PREFET  DES  HAUTS-DE-SEINE\nVu  la loi n\u00b0 2010-853  du  23  jullet 2010  relative aux  r\u00e9seaux  consulaires, au  commerce  et \u00e0\nl'artisanat et aux  services (article 31) ;\nVu  la loi n\u00b02015-1776  du  28  d\u00e9cembre  2015  relate  \u00e0 l'adaptation de  la soci\u00e9t\u00e9 au\nViellissement ;\nVu  l'article 07231-1  du  Code  du  traval;\nVu  les d\u00e9crets n\u00b0 2011-1132  et n\u00b0 2011-1133  du  20  septembre  2011  modiiant  certaines.\ndispositions  du  Code  du  travail, relatives au  ch\u00e8que  empiol-service  universel et aux\nservices  \u00e0  a  personne  ;\nVu  le d\u00e9cret  n\u00b02016-750  du 6 juin 2016  relatif \u00e0 a  iste  des activit\u00e9s de services \u00e0 la personne\n'soumises  \u00e0 agr\u00e9ment  ou  \u00e0 autorisation dans  le cadre  du  r\u00e9gime  commun  de  la  d\u00e9claration\nVu  le d\u00e9cret  du  31  octobre  2024  portant  nomination  de  Monsieur  Alexandre  BRUGERE,  en\nquait\u00e9 de Pr\u00e9fet des Hauts-de-Seine ;\nVu  l'ar\u00f4t\u00e9 interminist\u00e9riel du  12 ao\u00fbt  2025  nommant  Monsieur  Fabrice MASI, Directeur\nr\u00e9gional  et interd\u00e9partemental  de  l'\u00e9conomie,  de  l'emploi, du  travail et des  soldarites  dle-\nde-France  \u00e0  compter  du  25  ao\u00fbt  2025  ;\nVu  l'ar\u00eat\u00e9  pr\u00e9fectoral n\u00b02025-33  du  22  ao\u00fbt  2025  par  lequel le Pr\u00e9fet  des  Hauts-de-Seine\nd\u00e9l\u00e8gue  sa  signature  \u00e0 Monsieur  Fabrice  MASI,  Directeur  r\u00e9gional  et interd\u00e9partemental\nde l'\u00e9conomie, de l'emploi du travail et des solidarit\u00e9s d'\u00cele-de-France ;\nVu  la d\u00e9cision  n\u00b0 2025-157  du  25  ao\u00fbt  2025  portant  subd\u00e9l\u00e9gation  de  signature  de  Monsieur\nFabrice  MASI,  Directeur  r\u00e9gional  et interd\u00e9partemental  de  l'\u00e9conomie,  de  l'emploi, du\n{travail et des  solidarit\u00e9s d'le-de-France,  aux  agents  de  l'Unit\u00e9 d\u00e9partementale  des  Hauts-\nde-Seine  :\nVu  la d\u00e9claration d'activit\u00e9s de  services \u00e0 Ia personne  d\u00e9pos\u00e9es  le 03  f\u00e9vrier 2026  au nom  de\nLa micro-entreprise  CORDEMY  Ma\u00eblys  sise 7 Rue  De  Verdun  \u00e0  CLAMART  (82140)\nplo,\ndu  travail  et  des  solidarit\u00e9s\n\n'Apr\u00e8s  examen  du  dossier, cette demande  \u00e9tant conforme  aux  dispositions  de  l'article L. 7232\n1 du  code  du  traval  le pr\u00e9sent  r\u00e9c\u00e9piss\u00e9  de  d\u00e9ciaration d'activit\u00e9s de  services \u00e0 la personne  a\n\u00e9t\u00e9  enregistr\u00e9  au  nom  de  la micro-entreprise  CORDEMY  Ma\u00ebiys  sous  le num\u00e9ro  SAP\n1941219859.\nLes  activit\u00e9s d\u00e9clar\u00e9es  sont  les suivantes,  \u00e0  l'exclusion de  toute  autre\n+ Garde  d'enfants  de  plus  de  trois  ans  \u00e0 domicile  ;\nPrestations  relevant  du  b\u00e9n\u00e9fice  de  la r\u00e9duction  d'imp\u00eat  pr\u00e9vue  l'article 199  sexdecies  du  Code\nG\u00e9n\u00e9ral  des  Imp\u00f4t.\nLa  structure  exerce ces  activit\u00e9s  selon  le mode  suivant  : PRESTATAIRE\n'Sous  r\u00e9serve  d'\u00eatre exerc\u00e9es  \u00e0 tire exclusif parle  d\u00e9clarant  (ou sous  r\u00e9serve  d'une  comptabilit\u00e9\n's\u00e9par\u00e9e  pour  les personnes  morales  dispens\u00e9es  de la condition dactvt\u00e9 exclusive), ces activites\n'ouvrent droit au  b\u00e9n\u00e9fice des  dispositions des  articles L. 7233-2  du  code  du  travail et L. 241-10\ndu  code  de la  s\u00e9curit\u00e9  social.\n'Conform\u00e9ment  aux  dispositions  de  article R7232-19  du  code  du  traval, l'organisme  d\u00e9clar\u00e9  doit\nproduire au moins chaque timestre un \u00e9tat d'actvi\u00e9 et chaque  ann\u00e9e  un bilan quanttatit et\nqualtatf de  activit\u00e9 exerc\u00e9e  au  tre  de  l'ann\u00e9e \u00e9coul\u00e9e  ainsi qu'un  tableau statistique annuel.\nSi l'organisme  d\u00e9clar\u00e9  comporte  plusieurs  \u00e9tablissements  les \u00e9tats statistiques et le bilan annuel\ndistinguent  l'activit\u00e9 exerc\u00e9e  par  chaque  \u00e9tablissement.\nLe  pr\u00e9sent  r\u00e9c\u00e9piss\u00e9  prend  effet le 03 f\u00e9vrier 2026.\nL'enrogistrement de  la d\u00e9claration  pourra \u00eatre retir\u00e9 si  l'organisme  d\u00e9clar\u00e9  cesse de  remplir\nles conditions  ou  de  respecter  les  obligations  mentionn\u00e9es  aux  4,5\" et 6\u00b0  de  article\nR7232-17 ou  qui  m\u00e9connalt  les obligations d\u00e9finies  \u00e0 l'article R7232-19 du  code  du  travail.\n'Toute  modification concernant la structure d\u00e9clar\u00e9e ou les activit\u00e9s exerc\u00e9es devra, sous\npeine de retrait de la d\u00e9claration, faire l'objet dune  d\u00e9claration modiicative aupr\u00e9s de Unit\u00e9\nd\u00e9partementale  des  Hauts-de-Seine\nLo  pr\u00e9sent  r\u00e9c\u00e9piss\u00e9  sera  publi\u00e9  au  recueil des  actes administratifs de  la pr\u00e9fecture  des  Hauts-\nde-Seine.\nFait \u00e0 Nantorre,  le 09  f\u00e9vrier 2026.\nPour  le Pr\u00e9fet\nd\u00e9l\u00e9gation  ot subd\u00e9l\u00e9gation\nLa  Responsable  du  service\nD\u00e9veloppement de l'emploi et des\ncomp\u00e9tences  _\nMar CONDE\n\nEs  Direction  r\u00e9gionale  et  interd\u00e9partementale\nMINISTERE de l'\u00e9conomie, de l'emploi,\nDU  TRAVAIL,  DE  LA  SANT\u00c9,  du travailet des solidarit\u00e9s\nDES  SOLIDARIT\u00c9S\nET  DES  FAMILLES\nR\u00e9c\u00e9piss\u00e9  n\u00b02026-074  de  d\u00e9claration  d'activit\u00e9s  de  services  \u00e0  la personne\nenregistr\u00e9e  sous  le n\u00b0  SAP911399137  au  nom  de  l'Association  KOBITRA  sise  31\nRue  de  la Tour \u00e0  MALAKOFF  (92240)\nLE  PREFET  DES  HAUTS-DE-SEINE\nVu  la loi n\u00b0 2010-853  du  23  jullet 2010  relative aux  r\u00e9seaux  consulaires,  au  commerce et  \u00e0\nl'artisanat  et  aux  services  (article 31)  ;\nVu  la loi n\u00b02015-1778  du  28  d\u00e9cembre  2015  relative \u00e0 l'adaptation de  la soci\u00e9t\u00e9  au\nveilissement ;\nVu  l'article  07231-1  du  Code  du travail;\nVu  les d\u00e9crets  n\u00b0 2011-1132  et n\u00b0 2011-1133  du  20  septembre  2011  modifiant  certaines\ndispositions  du  Code  du  travail, relatives au  ch\u00e8que  emplot-service  universel  et aux\nservices  \u00e0 la personne\nVu  le d\u00e9cret \"2016-750  du  6 juin 2016  relat \u00e0  la iste des  activites de  services la personne\nsoumises \u00e0 agr\u00e9ment  ou  \u00e0 autorisation dans  le cadre du  r\u00e9gime  commun  de  la d\u00e9claration  ;\nVu  le  d\u00e9cret du  31 octobre  2024  portant nomination  de  Monsieur  Alexandre  BRUGERE,  en\n'qualit\u00e9 de  Pr\u00e9fet des  Hauts-de-Seine  ;\nVu  l'arr\u00eat\u00e9 interminist\u00e9riel du  12 ao\u00fbt 2025  nommant  Monsieur  Fabrice MASI, Directeur\nr\u00e9gional  et interd\u00e9partemental  de  l'\u00e9conomie, de  l'emploi du  travail et des  solidarit\u00e9s d'le-\nde-France  \u00e0  compter  du  25  ao\u00fbt  2025\nVu  l'arr\u00eat\u00e9 pr\u00e9fectoral n\u00b02025-33  du  22  ao\u00fbt  2025  par  lequel  le Pr\u00e9fet  des  Hauts-de-Seine\nd\u00e9l\u00e8gue  sa  signature  \u00e0 Monsieur  Fabrice  MASI,  Directeur  r\u00e9gional  et interd\u00e9partemental\nde  l'\u00e9conomie, de l'emploi,du travail et des solidarit\u00e9s d'\u00cele-de-France ;\nVu  la d\u00e9cision  n\u00b0  2025-187  du  25  ao\u00fbt  2025  portant  subd\u00e9l\u00e9gation  de  signature  de  Monsieur\nFabrice  MASI,  Directeur  r\u00e9gional  et interd\u00e9partemental  de  l'\u00e9conomie, de  l'emploi. du\ntravail et des  solidarit\u00e9s d'le-de-France, aux  agents  de  l'Unit\u00e9 d\u00e9partementale  des  Hauts-\nde-Seine  ;\n'Vu la d\u00e9claration d'activit\u00e9s de  services \u00e0 la personne  d\u00e9pos\u00e9es  le 15 janvier 2026  au  nom\nde  l'Association KOBITRA  sise 31  Rue  de  la Tour  \u00e0 MALAKOFF  (82240)  ;\n\nApr\u00e8s  examen  du  dossier, cette demande  \u00e9tant conforme  aux  dispositions de  l'article L. 7232-\n1 du  code  du  traval, le pr\u00e9sent  r\u00e9c\u00e9piss\u00e9  de  d\u00e9claration  d'activit\u00e9s de  services  \u00e0 la personne  \u00e0\n\u00e9t\u00e9  enregistr\u00e9  au  nom  de  l'Association KOBITRA  sous  le num\u00e9ro  SAP  811398137,\nLes  activites d\u00e9clar\u00e9es  sont  les suivantes,  \u00e0 l'exclusion de  toute autre\n= Travaux  de  petit bricolage  dits \u00ab homme  toutes  mains\nLivraison  de  courses  \u00e0  domicile\n= Assistance  informatique  \u00e0  domicile\n= Assistance  administrative  \u00e0  domicile\n- T\u00e9l\u00e9assistance  et  visio-assistance  ;\n= Assistance  aux  personnes  autres  que  personnes  \u00e2g\u00e9es,  handicap\u00e9es  ou  atteintes\nde  pathologies  chroniques  qui  ont  besoin  temporairement  d'une  aide  personnelle  \u00e0\nleur  domicile,  \u00e0 l'exclusion  des  soins  relevant  d'actes  m\u00e9dicaux  ;\nPrestations  relevant  du  b\u00e9n\u00e9fice  de  la r\u00e9duction  d'imp\u00f4t  pr\u00e9vue \u00e0 l'article 199 sexdecies du  Code\nG\u00e9n\u00e9ral  des  Imp\u00f4ts.\nLa  structure  exerce  ces  activit\u00e9s  selon  le mode  suivant  : PRESTATAIRE\nSous  r\u00e9serve  d'\u00eatre exerc\u00e9es  \u00e0 tre  exclusif par  le d\u00e9clarant  (ou  sous  r\u00e9serve  d'une  comptabilit\u00e9\ns\u00e9par\u00e9e pour les personnes morales dispens\u00e9es de la condtion d'activit\u00e9 exclusive) ces activites\n'ouvrent droit au b\u00e9n\u00e9fice des  dispositions des  articles L. 7233-2  du  code  du  traval et L 241-10\n{du code  de  la s\u00e9curit\u00e9  sociale,\nConform\u00e9ment  aux  dispositions  de  Farticle R7232-19  du  code  du  travail, l'organisme  d\u00e9clar\u00e9  doit\nproduire au moins chaque  trimestre un \u00e9tat d'activit\u00e9 et chaque  ann\u00e9e  un bilan quanttati et\nqualita  de Factvte exerc\u00e9e au tire de l'ann\u00e9e \u00e9coul\u00e9e ainsi qu'un tableau statistique annuel.\nSi l'organisme d\u00e9clar\u00e9 comporte  plusieurs \u00e9tablissements, les \u00e9tats statistiqueset le bilan annuel\ndistinguent  l'actvit\u00e9 exerc\u00e9e  par  chaque  \u00e9tablissement\nLe  pr\u00e9sent  r\u00e9c\u00e9piss\u00e9  prend  effet  le  16 janvier  2026.\nL'enregistrement dela  d\u00e9claration  pourra \u00eatre retir\u00e9 si l'organisme  d\u00e9clar\u00e9  cesse  de  remplir\nles conditions  ou  de  respecter  les obligations  mentionn\u00e9es  aux  4\u00b0,5\u00b0 ot 6\u00b0  do  l'article\n7232-17  ou  qui  m\u00e9connalt  les obligations  d\u00e9finies  \u00e0 l'article R7232-19  du  code  du  travai\nToute  modification concernant la structure d\u00e9clar\u00e9e ou les activit\u00e9s exerc\u00e9es. devra, sous\npoine  de  retrait de  la d\u00e9claration, faire l'objet dune  d\u00e9ciaration  modificave  aupr\u00e8s  de  l'Unit\u00e9\nd\u00e9partementale  des  Hauts-de-Seine\nLe  pr\u00e9sent  r\u00e9c\u00e9piss\u00e9  sera  publi\u00e9  au  recueil des  actes  administratifs de la pr\u00e9fecture  des  Hauts-\nde-Seine.\nFait \u00e0 Nanterre,  le 09 f\u00e9vrier 2026.\nPour  le Pr\u00e9fet\nPar  d\u00e9l\u00e9gation  et  subd\u00e9l\u00e9gation\nLa  Responsable  du  service\nD\u00e9veloppement  de  l'emploi  et des\ncomp\u00e9tences\nif  A5\nMariam  CONDE\n\n=a  Direction  r\u00e9gionale  et  interd\u00e9partementale\nMINISTERE  de l'\u00e9conomie, de l'emploi,\nDU  TRAVAIL,  DE  LA SANT\u00c9,  du travailet des solidarit\u00e9s\nDES  SOLIDARIT\u00c9S\nET  DES  FAMILLES\nEM\nR\u00e9c\u00e9piss\u00e9  n\u00b02026-075  de  d\u00e9claration  d'activit\u00e9s  de  services  \u00e0 la personne\n'enregistr\u00e9e  sous  le n\u00b0  SAP993032150  au  nom  de  la SARL  HORTAL  sise  31  Bis\nBoulevard  De  la Paix  \u00e0  COURBEVOIE  (32400)\nLE  PREFET  DES  HAUTS-DE-SEINE\nVu  la loi n\u00b0  2010-853  du  23  juil  2010  relative aux  r\u00e9seaux  consulaires, au  commerce  et \u00e0\nl'artisanat  et aux  services  (article 31)\nVu  la loi n\u00b02015-1776  du  28  d\u00e9cembre  2015  relative\nViellissement\nl'adaptation de  la soci\u00e9t\u00e9  au\nVu  l'article D7231-1  du  Code  du  travail;\nVu  les d\u00e9crets  n\u00b0 2011-1132  et n\u00b0 2011-1133  du  20  septembre  2011  modifiant  cortaines\ndispositions  du  Code  du  travail, relatives au  ch\u00e8que  emploi-service  universel et aux\nservices  \u00e0 la personne\nVu  le d\u00e9cret  n\u00b02016.750  du  6 jun  2016  relat  \u00e0 La liste des  activit\u00e9s de  services  \u00e0 a  personne\nsoumises  \u00e0  agr\u00e9ment ou \u00e0  autorisation dans le cadre  du  r\u00e9gime  commun  dela d\u00e9claration\nVu  le d\u00e9cret  du  31  octobre  2024  portant  nomination  de  Monsieur  Alexandre  BRUGERE,  en\nqualit\u00e9 de  Pr\u00e9fet des  Hauts-de-Seine\nVu  l'arr\u00eat\u00e9 interminist\u00e9riel du  12  ao\u00fbt  2025  nommant  Monsieur  Fabrice  MASI,  Directeur\nr\u00e9gional  et  interd\u00e9partemental de  l'\u00e9conomie,  de l'emploi,  du  travail  et des  solidarit\u00e9s d'e-\nde-France  \u00e0 compter  du  25  ao\u00fbt  2025  ;\nVu  l'arr\u00eat\u00e9 pr\u00e9fectoral  n\u00b02025-33  du  22  ao\u00fbt  2025  par  lequel  le Pr\u00e9fet  des  Hauts-de-Seine\nd\u00e9l\u00e8gue  sa  signature  \u00e0 Monsieur  Fabrice  MASI,  Directeur  r\u00e9gional et  Interd\u00e9partemental\nde  l'\u00e9conomie, de  l'emploi, du  travail et des  solidarit\u00e9s d'\u00cele-de-France ;\nVu  la d\u00e9cision  n\u00b0  2025-187  du  25  ao\u00fbt  2025  portant  subd\u00e9l\u00e9gation  de  signature  de  Monsieur\nFabrice  MASI,  Directeur  r\u00e9gional  et interd\u00e9partemental  de  l'\u00e9conomie,  de  l'emploi, du\ntravail et des  soidart\u00e9s  d'Ile-de-France, aux  agents  de  l'Unit\u00e9 d\u00e9partementale des  Hauts-\nde-Seine ;\nVu  la d\u00e9claration  d'actvit\u00e9s  de  services  \u00e0  la personne  d\u00e9pos\u00e9es  le 29 janvier  2026  au  nom\nde  la SARL  HORTAL  sise 31  Bis Boulevard  De  la Paix  \u00e0 COURBEVOIE  (82400)  ;\n\n'Apr\u00e8s  examen  du  dossier, cette demande  \u00e9tant  conforme  aux  dispositions  de  l'article L. 7232-1-\n1 du  code  du  travall le pr\u00e9sent r\u00e9c\u00e9piss\u00e9 de  d\u00e9claration d'activit\u00e9s de  services \u00e0 la personne  a\n\u00e9t\u00e9 enregistr\u00e9 au  nom  de  la SARL  HORTAL  sous  le num\u00e9ro  SAP  993032150,\nLes  activit\u00e9s d\u00e9clar\u00e9es  sont  les  suivantes,  \u00e0 l'exclusion de toute  autre\nEntretien  de  la maison  et travaux  m\u00e9nagers  ;\n= Pr\u00e9paration  de  ropas  \u00e0  domicile, y compris  le temps  pass\u00e9  aux  courses  ;\n= Livraison  de  repas  \u00e0  domicile;\nCollecte  et  livraison  \u00e0  domicile  de  linge  repass\u00e9  ;\nLivraison  de  courses  \u00e0 domicile\nSoins  et promenades  d'animaux  de  compagnie,  \u00e0 l'exception  des  soins  v\u00e9t\u00e9rinaires\net du  tolletage,  pour  les personnes  d\u00e9pendantes\n= Prestation  de  conduite  du  v\u00e9hicule  personnel  des  personnes  temporairement\nd\u00e9pendantes  autres  que  personnes  \u00e2g\u00e9es,  handicap\u00e9es  ou  atteintes de pathologies\nchroniques,  du  domicile au  travail, sur  lo lieu de  vacances,  pour  les d\u00e9marches\nadministratives  ;\nAccompagnement  des  personnes  temporairement  d\u00e9pendantes  autres  que\npersonnes  \u00e2g\u00e9es,  handicap\u00e9es  ou  atteintes  de  pathologies  chroniques,  dans  leurs\nd\u00e9placements  en  dehors  de  leur  domicile  (promenades,  aide  \u00e0 la mobilit\u00e9  et au\ntransport,  actes  de  la vie  courante)\n= Assistance  aux  personnes  autres  que  personnes  \u00e2g\u00e9es,  handicap\u00e9es  ou  atteintes\nde  pathologies  chroniques  qui  ont  besoin  temporairement  d'une  aide  personnelle  \u00e0\nleur domicile,  \u00e0 l'exclusion des  soins  relevant d'actes  m\u00e9dicaux ;\nPrestations  relevant  du  b\u00e9n\u00e9fice  de la r\u00e9duction  d'imp\u00f4t  pr\u00e9vue \u00e0 l'article 199 sexdecies  du  Code\nG\u00e9n\u00e9ral  des  impots.\nLa  structure  exerce  ces  activit\u00e9s  solon  le mode  suivant  : MANDATAIRE\nSous  r\u00e9serve d'tre  exerc\u00e9es  \u00e0 ttre exclusif parle  d\u00e9clarant (ou sous  r\u00e9serve d'une  comptabiit\u00e9\ns\u00e9par\u00e9e  pour  les personnes  morales  dispens\u00e9es  de  la condition  d'activit\u00e9 exclusive), ces  activit\u00e9s,\nouvrent  droit au  b\u00e9n\u00e9fice  des  dispositions  des  articles L. 7233-2  du  code  du  travail et L. 241-10,\n'du code  de  la s\u00e9curit\u00e9 sociale.\nConform\u00e9ment  aux  dispositions de  l'article R7232-19  du code du  travail, l'organisme  d\u00e9clar\u00e9  doit\nproduire au moins chaque  trimestre un \u00e9tat d'activit\u00e9 et chaque ann\u00e9e  un bilan quantitatif et\nxerc\u00e9e  au  tre  de  l'ann\u00e9e  \u00e9coul\u00e9e  ainsi qu'un  tableau  statistique annuel.\ncomporte  plusieurs \u00e9tablissements  les \u00e9tats statistiques et le bilan annuel\ndistinguent  activit\u00e9  exerc\u00e9e  par  chaque  \u00e9tablissement.\nLe  pr\u00e9sent  r\u00e9c\u00e9piss\u00e9  prond  offet lo 29 janvier  2026.\nL'enregistrement de la d\u00e9claration  pourra \u00eatre retir\u00e9 si l'organisme  d\u00e9clar\u00e9 cesse  de remplir\nles conditions  ou  de  respecter  les obligations  mentionn\u00e9es  aux  4\u00b0,5\u00b0 et 6\u00b0 de l'article\n7232.17  ou  qui  m\u00e9connai  les obligations  d\u00e9finies  \u00e0 l'article R7232-19  du  code  du  travail\n\nToute  modification concemant  la structure d\u00e9clar\u00e9e ou les activit\u00e9s exerc\u00e9es devra. sous\npeine  de  ferai  de  a  d\u00e9claration, fie  objet  dune  declaration modifcatve  aupr\u00e8s  de  FUnt\u00e9\nG\u00e9parementale  des  Hauts-de-Seine\nLe  pr\u00e9sent r\u00e9c\u00e9piss\u00e9 sera publi\u00e9 au  recueil des  actes  administratifsde la pr\u00e9fecture des  Hauts-\nde-Seine.\nFait  \u00e0  Nanterre,  le 09  f\u00e9vrier  2028.\nPour  le Pr\u00e9fet\nd\u00e9l\u00e9gation  et  subd\u00e9l\u00e9gation\nLa  Responsable  du  service\nD\u00e9veloppement  de  l'emploi  et des.\ncomp\u00e9tences  \u2014\nJase\nMariama  CONDE\n\nEE  Direction  r\u00e9gionale  otinterd\u00e9partomentale\nMINISTERE de '\u00e9conomie, de l'emploi,\nDU  TRAVAIL,  DE  LA  SANTE,  du travail et des solidarit\u00e9s\nDES  SOLIDARIT\u00c9S\nET  DES  FAMILLES\nfoie\nR\u00e9c\u00e9piss\u00e9  n\u00b02026-076  de  d\u00e9claration  d'activit\u00e9s  de services \u00e0 la personne\nenregistr\u00e9e  sous  le n\u00b0 SAP999922487  au  nom  de  la micro-entreprise  KONE\nROKIATOU  sise  32  Avenue  Jeanne  et  Maurice  Dolivet  \u00e0  FONTENAY-AUX-ROSES\n(92260)\nLE  PREFET  DES  HAUTS-DE-SEINE\nVu  la loi n\u00b0 2010-853 du  23  jullet 2010  relative aux  r\u00e9seaux  consulaires, au  commerce  et \u00e0\nl'artisanat et aux  services  (article 31)\nVu  la loi 1\u00b02015-1776  du  28  d\u00e9cembre  2015  relative \u00e0 l'adaptation de  la soci\u00e9t\u00e9 au\nvieilissement ;\nVu  l'article D7231-1 du  Code  du travail;\nVu  les d\u00e9crets n\u00b0 2011-1132  et n\u00b0 2011-1133  du  20  septembre  2011  modifiant certaines\ndispositions  du  Code  du  travail, relatives au  ch\u00e8que  emploi-service  universel et aux\nservices \u00e0 la personne  ;\nVu  le  d\u00e9cret  n\u00b02016-750 du  6 juin 2016  relat \u00e0 la liste des  activit\u00e9s de  services \u00e0 la personne\nsoumises  \u00e0 agr\u00e9ment  ou  \u00e0 autorisation dans  le cadre  du  r\u00e9gime  commun  de  la d\u00e9claration\nVu  le d\u00e9cret du  31 octobre 2024  portant nomination  de  Monsieur  Alexandre  BRUGERE,  en\nqualt\u00e9 de Pr\u00e9fet des Hauts-de-Seine;\nVu  l'ar\u00e9t\u00e9 interminist\u00e9riel du  12  ao\u00fbt  2025  nommant  Monsieur  Fabrice  MASI,  Directeur\nr\u00e9gional etiterd\u00e9partemental de l'\u00e9conomie, de l'emploi, du traval et des solidarit\u00e9s d'ie-\nde-France \u00e0 compter  du 25  ao\u00fbt  2025  ;\nVu  l'ar\u00eat\u00e9 pr\u00e9fectoral n\u00b02025-33  du  22  ao\u00fbt  2025  par  lequel le Pr\u00e9fet  des  Hauts-de-Seine\nd\u00e9l\u00e8gue  sa  signature \u00e0  Monsieur  Fabrice MASI,  Directeur r\u00e9gional et interd\u00e9partemental\nde l'\u00e9conomie, de l'emploi, du travail et des salari\u00e9s  d'\u00cele-de-France ;\n'Vu la d\u00e9cision  n\u00b0 2025-157  du  25  ao\u00fbt  2025  portant  subd\u00e9l\u00e9gation  de  signature  de  Monsieur\nFabrice  MASI,  Directeur  r\u00e9gional  et interd\u00e9partemental  de  \u00e9conomie,  de  l'emploi, du\ntravail et des  solidait\u00e9s  d'\u00cele-de-France, aux  agents  de  I Unit\u00e9  d\u00e9partementale  des  Hauts-\nde-Seine  ;\nVu  la d\u00e9claration dactivt\u00e9s  de services \u00e0  la personne  d\u00e9pos\u00e9es  le 25 janvier 2026  au  nom\nde  la micro-entreprise  KONE  ROKIATOU  sise  32  Avenue  Jeanne  et Maurice  Dolvet  \u00e0\nFONTENAY-AUX-ROSES  (82260)  ;\n\n'Apres  examen  du  dossier, cette demande  \u00e9tant conforme  aux  dispositions  de  l'article L. 7232-1\n1 du  code  du  traval, le pr\u00e9sent  r\u00e9c\u00e9piss\u00e9  de d\u00e9claration d'activit\u00e9s de  services \u00e0  la personne  a\n\u00e9t\u00e9 enregistr\u00e9 au  nom  de  la micro-entreprise KONE  ROKIATOU  sous  le num\u00e9ro  SAP\n'999922487,\nLes  activites d\u00e9clar\u00e9es  sont  les suivantes, \u00e0 exclusion  de  toute  autre\n~ |  Entretien  dela  maison  et  travaux  m\u00e9nagers  ;\nPetts  travaux  de  jardinage,  y  compris  les  travaux  de  d\u00e9broussalllage ;\n2 Garde  d'enfants  de  plus  de trois  ans  \u00e0 domicile;\n= Maintenance,  entretien  et  vigilance  tomporaires,  \u00e0  domicile,  de  la r\u00e9sidence\nprincipale ot secondaire;\nAccompagnement  des  enfants  de  plus  de  trois ans  dans  leurs  d\u00e9placements  en\ndehors  de  leur  domicile  (promenades,  transports,  actes  de  la vie  courante\nAccompagnement  des. personnes  temporairement  d\u00e9pendantes  autres  que\nPersonnes \u00e2g\u00e9es, handicap\u00e9esou ateintes de pathologies chroniques, dans leurs\nd\u00e9placements  en  dehors  de  leur domicile  (promenades,  aide  \u00e0  la mobilt\u00e9  et au\ntransport,  actes  de a  vie  courante) ;\nAssistance  aux  personnes  autres  que  personnes  \u00e2g\u00e9es,  handicap\u00e9es  ou  atteintes\ndo  pathologies  chroniques  qu  ont  besoin  temporairement  d'une aide  personnelle  \u00e0\nleur  domicle,  \u00e0 l'exclusion des  soins  relevant  d'actes m\u00e9dicaux ;\nPrestations  relevant  du  b\u00e9n\u00e9fice  de la r\u00e9duction  d'imp\u00f4t  pr\u00e9vue \u00e0 l'article 199  sexdecies  du  Code\nG\u00e9n\u00e9ral  des  Imp\u00f4ts.\nLa  structure  exerce  ces  activit\u00e9s selon  le mode  suivant  :  PRESTATAIRE\nSous  r\u00e9serve  d'\u00eatre exerc\u00e9es  \u00e0 ttre exclusif par  le d\u00e9clarant  (ou  sous  r\u00e9serve  d'une  comptabilit\u00e9\ns\u00e9par\u00e9e pour les personnes morales dispens\u00e9es de la condition d'activit\u00e9 exclusive) ces activit\u00e9s\nouvrent droit au  b\u00e9n\u00e9fice des  dispositions des  articles L. 7233-2  du  code  du  travail et L. 241-10\ndu  code  de la s\u00e9curit\u00e9  sociale\n{Conform\u00e9ment  aux  dispositions  de  l'article R7232-19  du  code  du  tr\nproduire au moins chaque  trimestre un \u00e9tat d'activit\u00e9 et chagh\n'qualtatf de  Factivit\u00e9 exerc\u00e9e  au  tire de  l'ann\u00e9e \u00e9coul\u00e9e  ainsi qu'un tableau statistique annuel.\nSi l'organisme  d\u00e9clar\u00e9  comporte  plusieurs  \u00e9tablissements,  les \u00e9tats statistiques et le bilan annuel\ndistinguent  Factivit\u00e9 exerc\u00e9e  par  chaque  \u00e9tablissement\nLe  pr\u00e9sent  r\u00e9c\u00e9piss\u00e9  prend  effet lo 25 janvier  2026.\nL'enregistrement  de  a  d\u00e9claration  pourra  \u00eatre  retir\u00e9 si l'organisme  d\u00e9clar\u00e9 cesse  de  remplir\nles  conditions  ou  de  respecter  les  obligations  me\n7232-17  ou  qui  m\u00e9connalt  les  obligations  d\u00e9finies  \u00e0 l'article R7232-\n\n'Toute modification  Jos activit\u00e9s devra,  sous\npeine  de  retrait de  la d\u00e9claration, faire l'objet dune  d\u00e9ciaration modicative  aupr\u00e9s  de  l'Unit\u00e9\nd\u00e9partemental  des  Hauts-de-Seine.\nLe  pr\u00e9sent  r\u00e9c\u00e9piss\u00e9  sera  publi\u00e9  au  recuell des  actes  administratifs de  la pr\u00e9fecture  des  Hauts-\nde-Seine.\nFait  \u00e0 Nanterre, le 09 f\u00e9vrier 2026.\nPour le Pr\u00e9fet\nPar  d\u00e9l\u00e9gation  et subd\u00e9\u00e9gation\nLa  Responsable du service\nD\u00e9veloppement de 'emplol et des\ncompetences\nJaw\nMariama CONDE\n\nzu  Direction  r\u00e9gionale et  interd\u00e9partementale\nde  l'\u00e9conomie,  de  Templo,\nBUS RAVAIL, DE LA SANT\u00c9, du aval et des soldats\nDES  SOLIDARIT\u00c9S\nET  DES  FAMILLES\nA\nR\u00e9c\u00e9piss\u00e9  n\u00b02026-077  de  d\u00e9claration d'activit\u00e9s de  services  \u00e0 la personne\n'enregistr\u00e9e  sous  le n\u00b0  SAP100319896  au nom  de  la micro-entreprise BELKHIRI\nFAIROUZ  sise 139  Rue  Maurice  Amoux  \u00e0 MONTROUGE  (92120)\nLE  PREFET  DES  HAUTS-DE-SEINE\nVu  la loi n\u00b0 2010-863  du  23  jullet 2010  relative\nFartisanat et aux services  (article 31) ;\nVu  la loi n\u00b02015-1776  du  28  d\u00e9cembre  2016  relative \u00e0  l'adaptation de  la soci\u00e9t\u00e9 au\nvellissement\nVu  l'aricle 07231-1  du  Code  du travail;\nVu  les d\u00e9crets n\u00b0 2011-1132  et n\u00b0 2011-1133  du  20  septembre  2011  modifiant certaines\ndispositions du  Code  du  travail, relatives au  ch\u00e8que  emploi-service universel et aux\nservices  \u00e0 la personne\nVu  le d\u00e9cret  n\u00b02016.750  du  6 juin 2016  relatif \u00e0 a  liste des  activit\u00e9s de  services  \u00e0 la  personne\nsoumises  \u00e0 agr\u00e9ment ou \u00e0 autorisation dans  le cadre  du  r\u00e9gime  commun  dela d\u00e9claration  ;\nVu  le d\u00e9cret du 31 octobre 2024 portant nomination de Monsieur Alexandre BRUGERE,  en\n'qualit\u00e9 de Pr\u00e9fet des Hauts-de-Seine ;\nVu  l'arr\u00eat\u00e9 interministrie! du  12 ao\u00fbt  2025  nommant  Monsieur  Fabrice MASI, Directeur\nr\u00e9gional  et interd\u00e9partemental de l'\u00e9conomie,  de  l'emploi, du traval et  des  solidarit\u00e9s d'le-\nde-France \u00e0 compter  du  26  ao\u00fbt  2025\nVu  l'arr\u00eat\u00e9 pr\u00e9fectoral n\u00b02025-33  du  22  ao\u00fbt 2025  par lequel le Pr\u00e9fet des  Hauts-de-Seine\nd\u00e9l\u00e8gue  sa  signature \u00e0 Monsieur  Fabrice MASI,  Directeur r\u00e9gional et interd\u00e9partemental\nde l'\u00e9conomie, de l'emploi, du travail et des solidarit\u00e9s d'\u00cele-de-France ;\nVu  la d\u00e9cision n\u00b0 2025-187  du  25  ao\u00fbt 2025  portant subd\u00e9l\u00e9gation  de  signature de  Monsieur\nFabrice  MASI,  Directeur  r\u00e9gional  et interd\u00e9partemental  de  l'\u00e9conomie,  de  l'emploi, du\ntravail et des  soldari\u00e9s  d'lle-de-France, aux  agents  de  Unit\u00e9  d\u00e9partementale  des  Hauts-\nde-Seine  ;\nVu  la d\u00e9claration activit\u00e9s de services \u00e0 la personne  d\u00e9pos\u00e9es  le 03 f\u00e9vrier 2026 au nom  de\n{a micro-entreprise  BELKHIRI  FAIROUZ  sise  139  Rue  Maurice  Amoux  \u00e0 MONTROUGE\n(92120);\n\nApr\u00e8s  examen  du  dossier,  cette demande  \u00e9tant conforme  aux  dispositions  de  l'aile  L. 7232-1-\n1 du  code  du  travail, le pr\u00e9sent  r\u00e9c\u00e9piss\u00e9  de  d\u00e9ciaraion  d'activit\u00e9s de  services  \u00e0  la personne  a\n\u00e9t\u00e9 enregistr\u00e9  au  nom  de  la micro-entreprise  BELKHIRI  FAIROUZ  sous  le num\u00e9ro  SAP\n100319896.\nLes  activit\u00e9s d\u00e9clar\u00e9es  sont  les suivantes,  \u00e0  exclusion  de  toute autre  +\n= Entretien  de  la maison  et  travaux  m\u00e9nagers  ;\nPrestations relevant du  b\u00e9n\u00e9fice  de  la r\u00e9duction  d'imp\u00f4t  pr\u00e9vue  \u00e0 Varticle 199 sexdecies  du  Code\nG\u00e9n\u00e9ral  des  Impts.\nLa  structure  exerce  ces  activit\u00e9s  selon  le mode  suivant  : PRESTATAIRE\nSous  r\u00e9serve  d'tre  exerc\u00e9es  \u00e0 ttre exclus  par  le d\u00e9clarant  (ou sous  r\u00e9serve  d'une  comptablit\u00e9\n's\u00e9par\u00e9e  pour  les personnes  morales  dispens\u00e9es  de  la condition  d'actit\u00e9  exclusive), ces  activites\n'ouvrent droit au  b\u00e9n\u00e9fice des dispositionsdes articles L. 7233-2  du  code  du travall et L. 241-10\n'du code  de  la s\u00e9curit\u00e9 sociale.\n(Conform\u00e9ment  aux  dispositions de  l'article R7232-19  du  code  du  travail, organisme  d\u00e9clar\u00e9 doit\nproduire  au  moins  chaque  trmestre  un  \u00e9tat d'activit\u00e9 et chaque  ann\u00e9e  un  bian  quanttatf  et\nualtalf  de  Factvit\u00e9 exerc\u00e9e  au  tre  de  l'ann\u00e9e \u00e9coul\u00e9e  ainsi qu'un  tableau statistique annuel.\nSi l'organisme d\u00e9clar\u00e9 comporte  plusieurs \u00e9tablissements, ls  \u00e9tats statistiques et le bilan annuel\ndistinguent  Factivit\u00e9  exerc\u00e9e par  chaque  \u00e9tablissement.\nLe  pr\u00e9sent  r\u00e9c\u00e9piss\u00e9  prend  effet le 03 f\u00e9vrier 2026.\nL'enregistrement  de  la d\u00e9claration  pourra  \u00eatre  retir\u00e9si l'organisme  d\u00e9clar\u00e9  cesse de  remplir\nles conditions  ou  de  respecter  les obligations  mentionn\u00e9es  aux  4\u00b0,5\u00b0 et 6\u00b0  de  l'article\n'ou qui m\u00e9connait  les obligations  d\u00e9finis  \u00e0 article R7232-19  du  code  du  travail,\nd\u00e9partements des Hauts-de-Seine.\nLe  pr\u00e9sent  r\u00e9c\u00e9piss\u00e9  sera  publi\u00e9  au  recueil des  actes  administratifs de  Ia pr\u00e9fecture  des  Hauts-\nde-Seine.\nFait \u00e0 Nanterre, le 09 f\u00e9vrier 2026,\nPour le Pr\u00e9fet\nPar d\u00e9l\u00e9gation et  subd\u00e9l\u00e9gation\nLa  Responsable du service\nD\u00e9veloppement  de  l'emploi  et des\ncomp\u00e9tences  |\n(Gude\nMariama CONDE\n\nEE  Direction  r\u00e9gionale  et  interd\u00e9partementale\nMINISTERE  de l'\u00e9conomie, de l'emploi,\nDU  TRAVAIL,  DE  LA  SANT\u00c9,  du travail et des solidarit\u00e9s\nDES  SOLIDARIT\u00c9S\nET  DES  FAMILLES\nA\nR\u00e9c\u00e9piss\u00e9  n\u00b02026-078  de  d\u00e9claration  d'activit\u00e9s  de  services  \u00e0  la personne\nenregistr\u00e9s sous  le n\u00b0 SAP999957384  au nom  de la micro-entreprise OUMEZIL\nArthur  sise  114  Avenue  d'Argenteuil  \u00e0  ASNIERES-SUR-SEINE  (92600)\nLE  PREFET  DES  HAUTS-DE-SEINE\nVu  la loi n\u00b0  2010-863  du  23  jullet 2010  relative aux  r\u00e9seaux  consulaires,  au  commerce  et \u00e0\nFartisanat et aux  services  (article 31)\n'Vu la loi n\u00b02015-1778  du  28  d\u00e9combre  2015  relative \u00e0  l'adaptation de  la soci\u00e9t\u00e9  au\nwellissement\nVu  l'aricie D7231-1  du  Code  du  traval\nVu  les d\u00e9crets  n\u00b0 2011-1132  et n\u00b0  2011-1133  du  20  septembre  2011  modifiant  certaines\ndispositions  du  Code  du  aval,  relatives au  ch\u00e8que  emploi-service  universel et aux\nservices  \u00e0 la personne\nVu  le d\u00e9cret  n\u00b02016:750  du  6 jun  2016  rola  \u00e0 la liste des  actvit\u00e9s  de  services  \u00e0 la personne\nsoumises  \u00e0 agr\u00e9ment ou autorisation dans le cadre  du  r\u00e9gime  commun  dela  d\u00e9claration:\nVu  le d\u00e9cret  du  31  octobre  2024  portant nomination  de  Monsieur  Alexandre  BRUGERE,  en\nqualit\u00e9 de Pr\u00e9fet des Hauts-de-Seine\nVu  l'ar\u00e9t\u00e9  interminist\u00e9riel du  12  ao\u00fbt  2025  nommant  Monsieur  Fabrice  MASI,  Directeur\nr\u00e9gional ot  interd\u00e9partemental  de  \u00e9conomie,  de l'emploi, du travail et des  solidarit\u00e9s dle\nde-France  \u00e0 compter  du  25  ao\u00fbt  2025  ;\nVu  l'arr\u00eat\u00e9 pr\u00e9fectoral n\u00b02026-33  du  22  ao\u00fbt  2025  par  lequel  le Pr\u00e9fet  des  Hauts-de-Seine\nd\u00e9l\u00e8gue  sa  signature  \u00e0 Monsieur  Fabrice  MASI,  Directeur  r\u00e9gional  et interd\u00e9partemental\nde l'\u00e9conomie, de l'emploi, du travailet des solidarit\u00e9s d'le-de-France\nVu  la d\u00e9cision  n\u00b0 2025-157  du  25  ao\u00fbt  2025  portant  subd\u00e9l\u00e9gation  de  signature  de  Monsieur\nFabrice  MASI,  Directeur  r\u00e9gional  et interd\u00e9partemental  de  \u00e9conomie,  de  l'emploi,  du\ntravail et des  soidarit\u00e9s  d'\u00cele-de-France, aux  agents  de  l'Unit\u00e9 d\u00e9partementale  des  Hauts-\nde-Seine  ;\nVu  la d\u00e9claration d'actvit\u00e9s de services \u00e0 la personne  d\u00e9pos\u00e9es  le 04  f\u00e9vrier 2026  au nom de\nla micro-entreprise DUMEZIL  Arthur sise 114  Avenue  d'Argenteuil \u00e0 ASNIERES-SUR-\nSEINE  (82600);\n\n'Apres  examen  du  dossier, cette demande  \u00e9tant  conforme  aux  dispostions  de  l'article L. 7232-1-\n1 du  code  du  traval, le pr\u00e9sent  r\u00e9c\u00e9piss\u00e9  de  d\u00e9ciaration  dactivit\u00e9s  de  services  \u00e0 la personne  a\n\u00e9t\u00e9 enregistr\u00e9 au  nom  de  la micro-entreprise OUMEZIL  Arthur sous  le num\u00e9ro  SAP  989957384,\nLes  actvit\u00e9s  d\u00e9clar\u00e9es  sont  les suivantes,  \u00e0 l'exclusion de  toute  autre\nEntretien  de  la maison  et  travaux  m\u00e9nagers  ;\nPetits  travaux  de  jardinage, y  compris les  travaux  de  d\u00e9broussallage  ;\nTravaux  de  petit bricolage  dits  \u00ab homme  toutes  mains  \u00bb ;\nPrestations relevant du  b\u00e9n\u00e9fice de  la r\u00e9duction d'imp\u00f4t pr\u00e9vue  \u00e0 Faticle 199  sexdecies  du  Code\n(G\u00e9n\u00e9ral  des  Imp\u00f4ts.\nLa  structure  exerce  ces  activit\u00e9s  selon  le mode  suivant  : PRESTATAIRE\n'Sous  r\u00e9serve  d'\u00eatre exerc\u00e9es  \u00e0 ttre exclusif par  le d\u00e9clarant  (ou  sous  r\u00e9serve  d'une  comptabilit\u00e9\ns\u00e9par\u00e9e  pour  les personnes  morales  dispens\u00e9es de  la condition  d'actit\u00e9  exclusive). ces  activites\n'ouvrent droit au  b\u00e9n\u00e9fice des  dispositions des  articles L. 7233-2  du  code  du  travail et L. 241-10,\ndu  code  de  la s\u00e9curt\u00e9  sociale.\nConform\u00e9ment  aux  dispositions de  l'article R7232-19  du  code  du  traval, l'organisme d\u00e9ciar\u00e9 doit\nproduire  au  moins  chaque  timestre  un  \u00e9tat d'activit\u00e9 et chaque  ann\u00e9e  un  bilan quantitauf  et\nquaitatf de activit\u00e9 exerc\u00e9e au tire de l'ann\u00e9e \u00e9coul\u00e9e ainsi qu'un tableau statistique annuel\nsir 'd\u00e9clar\u00e9 comporte  plusieurs  \u00e9tablissements,  les \u00e9tats statistiques et le bilan annuel\ndistinguent  l'activit\u00e9 exerc\u00e9e  par  chaque  \u00e9tablissement\nLe  pr\u00e9sent  r\u00e9c\u00e9piss\u00e9  prend  effet le 04  f\u00e9vrier 202\nL'enrogistrement de  la d\u00e9claration  pourra  \u00eatre retir\u00e9 si l'organisme  d\u00e9clar\u00e9  cesse  de  remplir\nles conditions  ou  de  respecter  les obligations  mentionn\u00e9es  aux  4\u00b0,5\u00b0 et 6\u00b0  de  l'article\nR7232-17  ou  qui  m\u00e9connait  les obligations  d\u00e9finies \u00e0 l'article R7232-19  du  code  du  traval\n'Toute modification concernant la structure d\u00e9clar\u00e9e ou les activit\u00e9s exerc\u00e9es devra, sous\npeine de  retrait de  la d\u00e9claration, faire l'objet dune  d\u00e9claration modiicative aupr\u00e8s  de  l'Unit\u00e9\n'd\u00e9partementale  des  Hauts-de-Seine\nLe  pr\u00e9sent  r\u00e9c\u00e9piss\u00e9  sera  publi\u00e9  au  recueil  des  actes  administratifs de  la  pr\u00e9fecture de\nde-Seine,\nHouts-\nFait \u00e0 Nanterre,  le 9 f\u00e9vrier 2026\nPour  le Pr\u00e9fet\nPar  d\u00e9l\u00e9gation  et  subd\u00e9l\u00e9gation\nLa  Responsable  du  service\nD\u00e9veloppement  de  l'emplol  et des\ncomp\u00e9tences\n(are\n1a CONDE\n\nEs  Direction  r\u00e9gionale et  interd\u00e9partementale\nMINIST\u00c8RE  de l'\u00e9conomie, de l'emploi,\nDU  TRAVAIL,  DE  LA  SANT\u00c9,  du travail et des solidarit\u00e9s\nDES  SOLIDARIT\u00c9S\nET  DES  FAMILLES\nA\nR\u00e9c\u00e9piss\u00e9  n\u00b02026-079  de  d\u00e9claration  d'activit\u00e9s  de  services  \u00e0  la personne\nenregistr\u00e9e  sous  le n\u00b0  SAP999349269  au  nom  de  la micro-entreprise  RENAUD\nChiara  sise  177  Avenue du  G\u00e9n\u00e9ral  Leclerc  \u00e0  BOURG-LA-REINE  (92340)\nLE  PREFET  DES  HAUTS-DE-SEINE\nVu  la loi n\u00b0 2010-853  du  23  jullet 2010  relative aux  r\u00e9seaux  consulaires, au  commerce  et \u00e0\nl'artisanat  et  aux  services  (article 31):\nVu  la loi n\u00b02018-1778  du  28  d\u00e9cembre  2015  relative  \u00e0  l'adaptation  de  la soci\u00e9t\u00e9  au\nviilissement ;\nVu  l'aricie 07231-1  du  Code  du  travail;\nVu  les d\u00e9crets  n\u00b0 2011-1132  et n\u00b0 2011-1133  du  20  septembre  2011  modifiant  certaines\ndispostions  du  Code  du  taval,  relatives  au  ch\u00e8que  emploi-service  universel  et aux\n'services \u00e0 la personne  ;\nVu  le d\u00e9cret  n\u00b02016-750  du  6 juin 2016  relatif\u00e0 la liste des  activit\u00e9s de  services  \u00e0 Ia personne\nsoumises \u00e0 agr\u00e9ment  ou  autorisation dans  le cadre  du  r\u00e9gime  commun de  la d\u00e9claration  ;\nVu  le d\u00e9cret  du  31  octobre  2024  portant  nomination  de  Monsieur  Alexandre  BRUGERE,  en\nquait\u00e9 de Pr\u00e9fet des Hauts-de-Seine\nVu  l'ar\u00eat\u00e9 interminist\u00e9riel du  12  ao\u00fbt  2025  nommant  Monsieur  Fabrice  MASI,  Directeur\nr\u00e9gional et interd\u00e9partemental de l'\u00e9conomie, de l'emploi du travail et des solidarit\u00e9s dle-\nde-France \u00e0 compter  du  25  ao\u00fb  2025  ;\nVu  l'arr\u00eat\u00e9 pr\u00e9fectoral n\u00b02025-33  du  22  ao\u00fbt  2025  par  lequel le Pr\u00e9fet  des  Hauts-de-Seine\nd\u00e9l\u00e8gue  sa  signature  \u00e0 Monsieur  Fabrice  MASI,  Directeur  r\u00e9gional  et interd\u00e9partemental\nde  l'\u00e9conamie, de  l'emploi, du  travail et des  solidart\u00e9s d'\u00cele-de-France\nVu  la d\u00e9cision  n\u00b0  2026-187  du  25  ao\u00fbt  2025  portant  subd\u00e9l\u00e9gation  de  signature  de  Monsieur\nFabrice  MASI,  Directeur  r\u00e9gional  et interd\u00e9partemental  de  l'\u00e9conomie,  de  l'emplo.  du\ntravail et des  soldari\u00e9s  dle-de-France,  aux agents de  l'Unit\u00e9 d\u00e9partementale  des  Hauts.\nde-Seine ;\nVu  la d\u00e9claration d'actht\u00e9s  de  services \u00e0 la personne  d\u00e9pos\u00e9es  le 07  f\u00e9vrier 2026  au  nom  de\nla micro-entreprise  RENAUD  Chiara  sise 177  Avenue  du  G\u00e9n\u00e9ral  Leclerc \u00e0 BOURG-LA-\nREINE  (92340)\n\n'Apr\u00e8s  examen du  dossier, cette demande  \u00e9tant conforme  aux  dispostions  de  l'articleL. 7232-1-\n1 du  code  du  traval  le pr\u00e9sent  r\u00e9c\u00e9piss\u00e9  de  d\u00e9claration d  activit\u00e9s de services \u00e0 la personne  a\n\u00e9t\u00e9  enregistr\u00e9 au  nom  de la micro-entreprise RENAUD  Chiara sous  le num\u00e9ro  SAP  999349269,\nLes  activit\u00e9s  d\u00e9clar\u00e9es  sont  les  suivantes,  \u00e0  exclusion  de  toute  autre\n= Soutien  scolaire  ou  cours  \u00e0 domicile  ;\nPrestations relevant du  b\u00e9n\u00e9fice de  la r\u00e9duction d'imp\u00f4t pr\u00e9vue  \u00e0 l'aricie 199  sexdecies  du  Code\n(G\u00e9n\u00e9ral  des  Imp\u00f4ts.\nLa  structure  exerce  ces  activit\u00e9s selon  le mode  suivant  : PRESTATAIRE\nSous  r\u00e9serve  d'tre  exerc\u00e9es  \u00e0  tre  exclusif parle  d\u00e9clarant  (ou  sous  r\u00e9serve  d'une  comptabilit\u00e9\ns\u00e9par\u00e9e  pour les personnes  morales dispens\u00e9es  de  la condition d'activit\u00e9 exclusive) ces  activit\u00e9s\n'ouvrent  droit au  b\u00e9n\u00e9fice  des  dispositions des  articles L. 7233-2  du code  du  traval et L. 241-10\ndu  code  de  la s\u00e9curit\u00e9  sociale,\n(Conform\u00e9ment  aux  dispositions  de  l'article R7232-19  du  code  du  travail, organisme  d\u00e9ciar\u00e9  doit\nproduire au moins chaque timestre un \u00e9tat d'actvi\u00e9 et chaque ann\u00e9e  un bilan quanttatf et\nquaitatf de  l'activit\u00e9 exerc\u00e9e  au  tire de  l'ann\u00e9e \u00e9coul\u00e9e  ainsi qu'un tableau statistique annuel.\nSi l'organisme  d\u00e9clar\u00e9  comporte  plusieurs  \u00e9tablissements,  les \u00e9tats statistiques et le bilan annuel\ndistinguent  l'activit\u00e9 exerc\u00e9e  par  chaque  \u00e9tablissement\nLe  pr\u00e9sent  r\u00e9c\u00e9piss\u00e9  prond  effet  le 07 f\u00e9vrier 2026.\nL'enregistrement de la d\u00e9claration pourra  \u00eatre retir\u00e9 si l'organisme  d\u00e9clar\u00e9  cesse  de remplir\nles conditions  ou  de  respecter  les obligations  mentionn\u00e9es  aux  4\u00b0,5\u00b0 et 6\u00b0 de  l'article\n723247  ou  qui  m\u00e9connalt les  obligations  d\u00e9finies  \u00e0 l'article R7232-19  du code  du  travail.\npaie  de  reat  dela  d\u00e9claration, fare  l'objet dune  d\u00e9claration  modthcale  aupr\u00e9s  de  Unit\u00e9\nd\u00e9partementale  des  Hauts-de-Seine.\nLe pr\u00e9sent  r\u00e9c\u00e9piss\u00e9 sera publi\u00e9 au recueil des actes administratifs de  la pr\u00e9fecture des  Hauts-\nde-Seine.\nFait  a Nanterre, le 10  f\u00e9vrier 2026.\nPour  le Pr\u00e9fot\nPar  d\u00e9l\u00e9gation  et  subd\u00e9l\u00e9gation\nLa  Responsable  du  service\nD\u00e9veloppement  de l'emploi  et  des\ncomp\u00e9tences\nRudi\nMarlarha CONDE\n\n=a  Direction  r\u00e9gionale  ot  interd\u00e9partementale\nMINISTERE  'de l'\u00e9conomie, de l'emploi,\nDU  TRAVAIL,  DE  LA  SANT\u00c9,  du travail et des solidarit\u00e9s\nDES  SOLIDARIT\u00c9S\nET  DES  FAMILLES\nR\u00e9c\u00e9piss\u00e9  n\u00b02026-080  de  d\u00e9claration  d'activit\u00e9s  de  services  \u00e0  la personne\nenregistr\u00e9e  sous  le n\u00b0  SAP100695972  au  nom  de  la micro-entreprise  KROMWEL.\nJosephine  sise  2175  avenue  roger  salengro  \u00e0  CHAVILLE  (92310)\nLE  PREFET  DES  HAUTS-DE-SEINE\nVu  la loi n\u00b0 2010-853  du  23  jullet 2010  relative aux  r\u00e9seaux  consulaires, au  commerce  et \u00e0\nl'atisanat et aux  services  (article 31)\nVu  la loi n\u00b02015-1778  du  28  d\u00e9cembre  2015  relative \u00e0 l'adaptation de  la soci\u00e9t\u00e9  au\nviilissement ;\nVu  l'article 072311  du Code  du travail;\nVu  les d\u00e9crets  n\u00b0 2011-1132  et n\u00b0 2011-1133  du  20  septembre  2011  modifiant  certaines\ndispostions  du  Code  du  travail, relatives au  ch\u00e8que  emploi-service  universel  et aux\n'Services  \u00e0 la personne ;\nVu  le  d\u00e9cratn\u00b02016-750 du  juin 2018  relat \u00e0  la listo des activit\u00e9s de services \u00e0  la personne\nsoumises  \u00e0 agr\u00e9ment  ou  \u00e0 autorisation dans  le cadre du  r\u00e9gime  commun de  la d\u00e9claration\nVu  le d\u00e9cret  du  31  octobre  2024  portant  nomination  de  Monsieur  Alexandre  BRUGERE,  en\nqualit\u00e9 de  Pr\u00e9fet  des  Hauts-de-Seine\nVu  l'arr\u00eat\u00e9 intorminit\u00e9rol  du  12  ao\u00fbt  2025  nommant  Monsieur  Fabrice  MASI,  Directeur\nr\u00e9gional et inters\u00e9partementalde l'\u00e9conomie, de l'emploi, du travailet des solidarit\u00e9s de.\nde-France \u00e0 compter  du  25  ao\u00fbt  2025\nVu  l'arr\u00e8t\u00e9 pr\u00e9fectoral n\u00b02025-33  du  22  ao\u00fbt  2025  par  lequel  le Pr\u00e9fet  des  Hauts-de-Seine\nd\u00e9l\u00e8gue  sa  signature  \u00e0  Monsieur  Fabrice  MASI,  Directeur  r\u00e9glonal  et  interd\u00e9partemental\nde l'\u00e9conomie, de l'emploi du travailet des solidartes d'\u00cele-de-France\nVu  la d\u00e9cision  n\u00b0 2025-157  du  25  ao\u00fbt  2025  portant  subd\u00e9l\u00e9gation  de  signature  de  Monsieur\nFabrice  MASI,  Directeur  r\u00e9gional  et interd\u00e9partemental  de  \u00e9conomie,  de  l'emploi, du\ntravail et  des  solidart\u00e9s  dle-de-France,  aux  agents  de  l'Unit\u00e9  d\u00e9partementale  des  Hauts-\nde-Seine.\n'Vu la  d\u00e9claration d'activit\u00e9s de  services \u00e0 la personne  d\u00e9pos\u00e9es  le 09  f\u00e9vrier 2026  au nom  de\nla micro-entreprise  KROMWEL  Josephine  sise  2175  avenue  roger  salengro  \u00e0  CHAVILLE\n(82310):\n\n'Apr\u00e8s examen  du dossier, cette demande  \u00e9tant conforme aux dispositions de l'article L. 7232-1\n1 du  code  du  travail  ls pr\u00e9sent  r\u00e9c\u00e9piss\u00e9  de d\u00e9claration  d activites de  services  \u00e0 la personne  \u00e0\n\u00e9t\u00e9  enregistr\u00e9  au  nom  de  la micro-entreprise  KROMWEL  Josephine  sous  le num\u00e9ro  SAP\n100605972\nLes  activites d\u00e9clar\u00e9es  sont  es  suivantes, \u00e0  l'exclusion de toute  autre\nSoutien  scolaire  ou  cours  \u00e0  domicile\nPrestations  relevant  du  b\u00e9n\u00e9fice  de  a  r\u00e9duction  d'imp\u00f4t  pr\u00e9vue  \u00e0 Farticle 199  sexdecies  du  Code\nG\u00e9n\u00e9ral  des  Imp\u00f4ts.\nLa  structure  exerce ces  activit\u00e9s  solon  le mode  suivant  : PRESTATAIRE\nSous  r\u00e9serve  d'\u00eatre exerc\u00e9es  a titre exclusif parle  d\u00e9clarant  (ou  sous  r\u00e9serve  d'une  comptabilt\u00e9\ns\u00e9par\u00e9e  pour  les personnes  morales  dispens\u00e9es de  la condition  d'activit\u00e9 exclusive)  ces  activit\u00e9s\nouvrent  drot  au  b\u00e9n\u00e9fice  des  dispositions des  artces  L. 7233-2  du  code  du  traval et L. 241-10\ndu  code  de  la s\u00e9curt\u00e9  sociale.\nConform\u00e9ment  aux  dispositions  de  article R7232-19  du  code  du  travail organisme  d\u00e9ciar\u00e9  doit\nproduire au moins chaque  trimestre un \u00e9tat d'activit\u00e9 et chaque ann\u00e9e  un blan quantitatif et\nqualtatfde active  exerc\u00e9e au tire de l'ann\u00e9e \u00e9coui\u00e9e ainsi qu'un tableau statistique annuel.\nSi l'organisme  d\u00e9clar\u00e9  comporte  plusieurs  \u00e9tablissements,  les \u00e9tats statistiques et le bilan annuel\ndistinguent  l'actit\u00e9  exerc\u00e9e  par  chaque  \u00e9tablissement.\nLe  pr\u00e9sent  r\u00e9c\u00e9piss\u00e9  prend  effet le 09 f\u00e9vrier 2028.\nL'enregistrement de  la d\u00e9claration  pourra \u00eatre  retir\u00e9 si l'organisme  d\u00e9clar\u00e9  cesse  de  remplir\nles conditions  ou  de  respecter  les obligations  montionn\u00e9es  aux  4\u00b0,5\u00b0 et 6\u00b0 de  l'article\nR7232-17  ou  qui  m\u00e9connait  les obligations  d\u00e9finies  \u00e0 l'article R7232-19  du  code  du  travail.\nDeine de reat  de Ta d\u00e9claration, fae  objet d'une d\u00e9claration modifeave  aupr\u00e9s de TUnt\u00ae\nd\u00e9partementale  des  Hauts-de-Seine\nLe  pr\u00e9sent  r\u00e9c\u00e9piss\u00e9  sera  publi\u00e9  au  recueil des  actes  administratifs de  la pr\u00e9fecture  des  Hauts-\nde-Seine.\nFait \u00e0 Nanterre, le 10  f\u00e9vrier 2026.\nPour  lo Pr\u00e9fet\nPar  d\u00e9l\u00e9gation et subd\u00e9l\u00e9gation\nLa  Responsable  du service\nD\u00e9veloppement  de l'emploi et des\ncomp\u00e9tences\nNeuds\nMariama CONDE\n\nEs  Direction  r\u00e9gionale  et  interd\u00e9partementale\nMINIST\u00c8RE de l'\u00e9conomie, de l'emploi,\nDU  TRAVAIL,  DE  LA  SANT\u00c9,  du travail et des solidarit\u00e9s\nDES  SOLIDARIT\u00c9S\nET  DES  FAMILLES\nEM\nR\u00e9c\u00e9piss\u00e9  n\u00b02026-081  de  d\u00e9claration  d'activit\u00e9s de  services \u00e0 la personne\nenregistr\u00e9e  sous  le n\u00b0 SAP100876040  au  nom  de  la micro-entreprise  BOUKEF\nYASMINE  sise  8  Square  de  l'Avre  \u00e0  BOULOGNE-BILLANCOURT  (92100)\nLE  PREFET  DES  HAUTS-DE-SEINE\nVu  la loi n\u00b0  2010-863  du  23  jullet 2010  relative aux  r\u00e9seaux  consulaires,  au  commerce et  \u00e0\nl'artisanat et aux  services  (article 31)\n'Vu la loi n\u00b02015-1776  du  28  d\u00e9cembre  2015  relative \u00e0 l'adaptation de  la soci\u00e9t\u00e9  au\nveilissement ;\nVu  l'aricle D7231-1  du  Code  du  traval;\nVu  les d\u00e9crets  n\u00b0  2011-1132  et n\u00b0 2011-1133  du  20  septembre  2011  modifiant  certaines\ndispositions  du  Code  du  travail, relatives  au  ch\u00e8que  emplo-service  universel  et aux\nservices  \u00e0 la personne  ;\nVu  le d\u00e9cret  n\u00b02016-750  du  6  juin 2016  relatf \u00e0  la iste  des  activit\u00e9s  de  services  \u00e0  la  personne\nsoumises  \u00e0 agr\u00e9ment ou  \u00e0 autorisation dans  le cadre  du  r\u00e9gime  commun  dela d\u00e9claration\nVu  le d\u00e9cret  du  31  octobre  2024  portant  nomination  de  Monsieur  Alexandre  BRUGERE,  en\nquait\u00e9 de Pr\u00e9fet des Hauts-de-Seine ;\nVu  l'ar\u00e9t\u00e9 interminist\u00e9riel du  12  ao\u00fbt  2025  nommant  Monsieur  Fabrice MASI,  Directeur\nr\u00e9gional et interd\u00e9partemental de l'\u00e9conomie, de l'emploi, du travail et des solidarit\u00e9s 'e-\nde-France  \u00e0  compter  du  25  ao\u00fbt  2025  ;\nVu  l'arr\u00eat\u00e9 pr\u00e9fectoral n\u00b0202533  du  22  ao\u00fbt  2025  par  lequel le Pr\u00e9fet des  Hauts-de-Seine\nd\u00e9l\u00e8gue  sa  signature  \u00e0 Monsieur  Fabrice  MASI,  Directeur  r\u00e9gional  et interd\u00e9partemental\n'de l'\u00e9conomie, de  l'emploi, du  travailet des solidarit\u00e9s d'\u00cele-de-France\nVu  la d\u00e9cision  n\u00b0 2025-187  du  25  ao\u00fbt  2025  portant  subd\u00e9l\u00e9gation  de  signature  de  Monsieur\nFabrice  MASI,  Directeur  r\u00e9gional  et interd\u00e9partemental  de  l'\u00e9conomie, de  l'emploi. du\ntravail et des  solidart\u00e9s  dle-de-France,  aux  agents  de  l'Unit\u00e9 d\u00e9partementale  des  Hauts.\nde-Seine\nVu  la d\u00e9claration  dactvit\u00e9s  de  services  \u00e0 la personne  d\u00e9pos\u00e9es  le 06  f\u00e9vrier  2026  au  nom  de\nla micro-entreprise  BOUKEF  YASMINE  sise  8 Square  de  lAvre  \u00e0  BOULOGNE-\nBILLANCOURT  (82100)  ;\n\nApr\u00e8s examen  du dossier, cette demande  \u00e9tant conforme aux dispositions de l'article L. 7232-\n1 du  code  du  travail, le pr\u00e9sent  r\u00e9c\u00e9piss\u00e9  de  d\u00e9claration  d'activit\u00e9s de  services  \u00e0  la personne  a\n\u00e9t\u00e9 enregistr\u00e9 au  nom  de  la micro-entreprise BOUKEF  YASMINE  sous  le num\u00e9ro  SAP\n100576040.\nLes  activit\u00e9s  d\u00e9ciar\u00e9es  sont  les  suivantes,  \u00e0  l'exclusion  de  toute  autre\nEntretien  de  la maison et travaux  m\u00e9nagers  ;\nGarde  d'enfants  de  plus  de  trois  ans  \u00e0  domicile  ;\nSoutien  scolaire  ou  cours  \u00e0 domicile ;\nAccompagnement  des  enfants  de  plus  de  trois ans  dans  leurs  d\u00e9placements  en\ndehors  de  leur  domicile  (promenades,  transports,  actes  de  la vie  courante)\nr\u00e9duction  dimp\u00e9t  pr\u00e9vue  \u00e0  l'article 199  sexdecies du  CodePrestations  relevant  du  b\u00e9n\u00e9fice  de\nG\u00e9n\u00e9ral  des  Imp\u00f4ts.\nLa  structure  exerce  ces  activit\u00e9s  selon  le mode  suivant  : PRESTATAIRE\nSous  r\u00e9serve  d'\u00eatre exerc\u00e9es  \u00e0 ttre exclusf  par  le d\u00e9clarant  (ou sous  r\u00e9serve  d'une  comptabilit\u00e9\ns\u00e9par\u00e9e  pour  les personnes  morales  dispens\u00e9es  de  la condition  d activit\u00e9 exclusive), ces  activit\u00e9s.\n'ouvrent droit au  b\u00e9n\u00e9fice des  dispositions des articles L. 7233-2  du  code  du  travail et L. 241-10\ndu  code  de  la s\u00e9curit\u00e9 sociale.\n{Conform\u00e9ment  aux  dispositions  de  Farticle R7232-19 du  code  du  travail l'organisme  d\u00e9clar\u00e9  dot\nproduire au moins chaque trimestre un \u00e9tat d'activit\u00e9 et chaque  ann\u00e9e  un ban  quanttatf et\nqualtatf de  activit\u00e9 exerc\u00e9e  au  tire de l'ann\u00e9e \u00e9coul\u00e9e  ainsi qu'un  tableau statisique annuel.\nSiTorganisme  d\u00e9clar\u00e9  compore  plusieurs  \u00e9tablissements,  les eas  statstiques  ee  bian  annuel\nistnguent  activit\u00e9 exerc\u00e9e par chaque  \u00e9tabissement\nLe  pr\u00e9sent  r\u00e9c\u00e9piss\u00e9  prond  effet le  06  f\u00e9vrier  2026.\nL'enregistrement  de  la d\u00e9claration  pourra  \u00eatre  retir\u00e9 si l'organisme  d\u00e9clar\u00e9  cesse  de  remplir\nles  conditions  ou  de  respacter  les obligations  mentionn\u00e9es  aux  4\u00b0,5\u00b0 et  6\u00b0 de  l'atick\nR723217  ou  qui m\u00e9connalt  les obligations  d\u00e9finies \u00e0 l'article R7232-19  du  code  du  travail.\npaie  de  retrat de  l\u00e0 d\u00e9claration, are  Tobjet dune  d\u00e9claration modifeatve  aupr\u00e9s  de  TUnte\nd\u00e9partementale  des  Hauts-de-Seine\nLe  pr\u00e9sent  r\u00e9c\u00e9piss\u00e9  sera  publi\u00e9 au recuell des  actes  administratifs de  la pr\u00e9fecture des  Hauts-\nde-Seine.\nFait  \u00e0 Nanterre, le 10  f\u00e9vrier 2026,\nPour  le Pr\u00e9fet\nPar  d\u00e9l\u00e9gation  ot  subd\u00e9l\u00e9gation\nLa  Responsable  du  service\nD\u00e9veloppement  de  l'emploi  et  des\ncomp\u00e9tences\naa\nMariama  COND\u00c9\n\n=a  Direction  r\u00e9gionale  et interd\u00e9partementale\nMINIST\u00c8RE de l'\u00e9conomie, de l'emploi,\nDU  TRAVAIL,  DE  LA  SANT\u00c9,  'du travailet des solidarit\u00e9s\nDES  SOLIDARIT\u00c9S\nET  DES  FAMILLES\nEn\nR\u00e9c\u00e9piss\u00e9  n\u00b02026-082  de  d\u00e9claration d'activit\u00e9s de services  \u00e0 la personne\nenregistr\u00e9e  sous  le n\u00b0  SAP100609676  au  nom  de  la micro-entreprise  AKROUT\nSAOUSSEN  sise 4 Rue  Paul  Gauguin  \u00e0 CHATENAY-MALABRY  (92290)\nLE  PREFET  DES  HAUTS-DE-SEINE\nVu  la loi n\u00b0 2010-853  du  23  juilet 2010  relative aux  r\u00e9seaux  consulaires, au commerce  et \u00e0\nl'artisanat ot aux  services  (article 31);\nVu  la loi n\u00b02015-1776  du  28  d\u00e9cembre  2015  relative \u00e0  l'adaptation de  la soci\u00e9t\u00e9 au\nvieilissement ;\nVu  l'article 07231-1  du  Code  du  traval\nVu  les d\u00e9crets n\u00b0 2011-1132  et n\u00b0 2011-1133  du  20  septembre  2011  modifant  certaines\ndispostions  du  Code  du  travail, relatives au  ch\u00e8que  emploi-service universel et aux\nservices  \u00e0  la personne  ;\nVu  le d\u00e9cret n\u00b02016.750  du  6  juin 2016  relatif \u00e0 la liste des  actvit\u00e9s de  services 4\nsoumises  \u00e0 agr\u00e9ment ou \u00e0 autorisation dans  le cadre  du  r\u00e9gime  commun  del\nVu  le d\u00e9cret du  31 octobre 2024  portant nomination  de  Monsieur  Alexandre  BRUGERE,  en\nquait\u00e9 de Pr\u00e9fet des Hauts-de-Seine ;\nVu  l'arr\u00eat\u00e9 interminist\u00e9riel du  12 ao\u00fbt  2025  nommant  Monsieur  Fabrice MASI, Directeur\nr\u00e9gional  ot interd\u00e9partemental  de  l'\u00e9conomie,  de l'emploi, du  travail et des  solidarit\u00e9s d'le-\nde-France \u00e0 compter  du  25  ao\u00fbt  2025\nVu  l'arr\u00f4t\u00e9 pr\u00e9fectoral n\u00b02025-33  du  22  ao\u00fbt  2025  par  lequel le Pr\u00e9fet  des  Hauts-de-Seine\nd\u00e9l\u00e8gue  sa  signature  \u00e0 Monsieur  Fabrice  MASI,  Directeur  r\u00e9gional  et interd\u00e9partemental\nde l'\u00e9conomie, de l'emploi, du travail et des solidarit\u00e9s d'\u00cele-de-France ;\nVu  la d\u00e9cision n\u00b0 2025-157  du  25  ao\u00fbt  2025  portant subd\u00e9l\u00e9gation  de  signature de  Monsieur\nFabrice  MASI,  Directeur  r\u00e9gional  et interd\u00e9partemental  de  l'\u00e9conomie,  de  l'emploi, du\ntravail et des  soldart\u00e9s  d'le-de-France,  aux  agents  de  l'Unit\u00e9 d\u00e9partementale  des  Hauts-\nde-Seine  ;\n'Vu la d\u00e9claration d'activit\u00e9sde services \u00e0 la personne  d\u00e9pos\u00e9es  le 06 f\u00e9vrier 2028  au nom  de\nla micro-entreprise AKROUT  SAOUSSEN  sise 4 Rue  Paul Gauguin  \u00e0 CHATENAY-\nMALABRY  (92290) ;\n\n1 du code  du  traval, le pr\u00e9sent  r\u00e9c\u00e9piss\u00e9 de  d\u00e9claration d'activit\u00e9s de  services \u00e0 la personne  a\n\u00e9t\u00e9  enregistr\u00e9  au  nom  de  la micro-entreprise  AKROUT  SAOUSSEN  sous  le num\u00e9ro  SAP\n100808676.\nLes  activit\u00e9s d\u00e9clar\u00e9es  sont  les suivantes,  \u00e0 l'exclusion de  toute  autre\n= _Entrotion  de  la maison  ot travaux  m\u00e9nagers  ;\n= Garde  d'enfants  de  plus  de  trois  ans  \u00e0  domicile;\nPr\u00e9paration de  repas \u00e0  domicile,  y  compris  le temps  pass\u00e9  aux courses  ;\nLivraison de  repas \u00e0  domicile;\n= Gollecte et  ivraison  \u00e0  domicile de linge  repass\u00e9  ;\nLivraison  de  courses \u00e0  domicile;\n< Maintenance,  entretien  et  vigilance  temporaires,  \u00e0  domicile,  de  la r\u00e9sidence\nprincipale et secondaire  ;\nAssistance  administrative \u00e0  domicile\n= T\u00e9l\u00e9assistance et  vislo-assistance\nPrestation  de  conduite  du  v\u00e9hicule  personnel  des  personnes.  temporairement\nd\u00e9pendantes  autres que  personnes  \u00e2g\u00e9es, handicap\u00e9es  ou  atteintes  de  pathologies\nchroniques,  du domicile  au  travail, sur  le lieu de vacances,  pour  les d\u00e9marches\nadministratives ;\n= Accompagnement  des  personnes  temporairement  d\u00e9pendantes  autres  que\npersonnes  \u00e2g\u00e9es,  handicap\u00e9es  ou  atteintes de  pathologies  chroniques,  dans  leurs\nd\u00e9placements  en  dehors  de  leur  domicile  (promenades,  aide  \u00e0  la mobilit\u00e9  et au\ntransport,  actes  de  la vie  courante)\n= Assistance  aux  personnes  autres  quo  porsonnes  \u00e2g\u00e9es,  handicap\u00e9es  ou  ateintos\ndde pathologies  chroniques qui  ont besoin  tomporairoment  d'une  aide  personnelle  \u00e0\nleur  domicile  \u00e0 l'exclusion des  soins  relevant  d'actes  m\u00e9dicaux  ;\nPrestations  relevant  du  b\u00e9n\u00e9fice  de  la r\u00e9duction  d'imp\u00f4t  pr\u00e9vue  \u00e0  l'article 199  sexdecies du Code\nG\u00e9n\u00e9ral  des  Imp\u00f4ts.\nLa  structure  exerce  ces  activit\u00e9s  selon  le mode  suivant  : PRESTATAIRE\nSous  r\u00e9serve  d'\u00eatre exerc\u00e9es  \u00e0 tire exclusif par  le d\u00e9clarant  (ou  sous  r\u00e9serve  d'une  comptabiit\u00e9\ns\u00e9par\u00e9e  pour  les personnes  morales  dispens\u00e9es  de  la condition  d'activit\u00e9 exclusive), cos  activit\u00e9s\nouvrent  drot  au b\u00e9n\u00e9fice  des  dispositions  des  articles L. 7233-2  du  code  du  travail et L. 241-10\n'du code  de  la s\u00e9curit\u00e9  sociale,\nConform\u00e9ment  aux  dispositions  de  article  R7232-19  du  code  du  travail, organisme  d\u00e9clar\u00e9  doit\nproduire  au  moins  chaque  trimestre un  \u00e9tat d'activit\u00e9 et chaque  ann\u00e9e  un  bilan quanttatf  et\nqualtatf de l'actit\u00e9  exerc\u00e9e  au  tire de  l'ann\u00e9e  \u00e9coul\u00e9e  ainsi qu'un  tableau  statistique annuel.\nSi l'organisme  d\u00e9clar\u00e9  comport  plusieurs  \u00e9tablissements,  les \u00e9tats statistiques et le bilan annuel\ndistinguent  Factvite  exerc\u00e9e  par  chaque  \u00e9tablissement.\nLe  pr\u00e9sont  r\u00e9c\u00e9piss\u00e9  prend  effet le 06  f\u00e9vrier  2026.\nL'enregistrement de la d\u00e9claration  pourra \u00eatre retir\u00e9 si l'organisme  d\u00e9clar\u00e9  cesse de  remplir\nles conditions  ou  de  respecter  les obligations  mentionn\u00e9es  aux  4\u00b0,6\u00b0 ot 6\u00b0  de  l'article\n723217 ou  qui  m\u00e9connait  les  obligations  d\u00e9finies \u00e0 l'article R7232-19  du  code du  travai\n\nToute  modification concernant la structure d\u00e9clar\u00e9e ou les activit\u00e9s exerc\u00e9es devra, sous\npeine  de  retrat de  a  d\u00e9claration, fare  l'objet dune  d\u00e9claration modifcatve  aupr\u00e9s  de  FUnte\nG\u00e9parementale  des  Hauts-de-Seine\nLe  pr\u00e9sent  r\u00e9c\u00e9piss\u00e9 sera publi\u00e9 au  recueil des  actes administratifsde la pr\u00e9fecture des  Hauts-\nde-Seine.\nFait \u00e0  Nanterre, le 10  f\u00e9vrier 2026.\nPour Pret\nPar  d\u00e9l\u00e9gation et  subd\u00e9igation\nLa  Responsable  du  service\nDeveloppement de  l'empli at  dos\ncomp\u00e9tences\n(ange\nMariama  CONDE:\n\n=n  Direction r\u00e9gionale  et interd\u00e9partementale\nMINISTERE de l'\u00e9conomie, de l'emploi,\nDU  TRAVAIL, DE LA SANT\u00c9, du travail et des solidarit\u00e9s\nDES  SOLIDARIT\u00c9S\nET  DES  FAMILLES\nA\nR\u00e9c\u00e9piss\u00e9  n\u00b02026-083  de  d\u00e9claration  d'activit\u00e9s  de  services  \u00e0 la personne\nenregistr\u00e9e  sous  le n\u00b0 SAP491505335  au  nom  de  la micro-entreprise  Georges\nDEMORY  sise  22  SENTIER  des  Chataigniers  \u00e0  GARCHES  (92380)\nLE  PREFET  DES  HAUTS-DE-SEINE\nVu  la loi n\u00b0 2010-863  du  23  jullet 2010  relative aux  r\u00e9seaux  consulaires, au  commerce et \u00e0\nl'artisanat  et  aux  services  (article 31)  ;\nVu  la loi n\u00b02018-1778  du  28  d\u00e9cembre  2015  relative \u00e0 l'adaptation de  la soci\u00e9t\u00e9 au\nviellissement ;\nVu  l'article D7231-1  du  Code  du travail;\nVu  les d\u00e9crets n\u00b0 2011-1132  et n\u00b0 2011-1133  du  20  septembre  2011  modifiant certaines\ndispositions  du  Code  du  travail, relatives au  ch\u00e8que  emploi-service  universel  et aux\nservices \u00e0 la personne  ;\nVu  le d\u00e9cret  n\u00b02016750 du  6 juin 2016  relatif \u00e0 la liste des activit\u00e9s de  services \u00e0 Ia personne\nsoumises & agr\u00e9ment  ou  \u00e0 autorisationdans le cadre du  r\u00e9gime  commun  de la d\u00e9claration\nVu  le  d\u00e9cret du  31 octobre 2024  portant nomination  de  Monsieur  Alexandre  BRUGERE,  en\n'qualit\u00e9 de  Pr\u00e9fet des  Hauts-de-Seine\nVu  l'arr\u00e9t\u00e9 interminist\u00e9riel du  12 ao\u00fbt 2025  nommant  Monsieur  Fabrice MASI, Directeur\nr\u00e9gionalet interd\u00e9partemental de l'\u00e9conomie, de l'emploi, du travail et des solidarit\u00e9sde.\n'de-France  \u00e0  compter  du  25  ao\u00fbt  2025\nVu  l'arr\u00eat\u00e9 pr\u00e9fectoral n\u00b02025-33  du  22  ao\u00fbt 2025  par lequel le Pr\u00e9fet des  Hauts-de-Seine\nd\u00e9l\u00e8gue  sa  signature \u00e0 Monsieur  Fabrice MASI,  Directeur r\u00e9gional et interd\u00e9partemental\nde l'\u00e9conomie, de l'emploi, du travail et des solidarit\u00e9s d'\u00cele-de-France\nVu  la d\u00e9cision  n\u00b0  2025-157  du  25  ao\u00fbt  2025  portant subd\u00e9l\u00e9gation  de  signature  de  Monsieur\nFabrice  MASI,  Directeur  r\u00e9gional  et interd\u00e9partemental  de  l'\u00e9conomie, de  l'emploi, du\ntravail et des  solidarit\u00e9s d'le-de-France, aux  agents  de  l'Unit\u00e9 d\u00e9partementale  des  Hauts-\nde-Seine\nVu  la d\u00e9claration d'activit\u00e9s de  services \u00e0 la personne  d\u00e9pos\u00e9es  le 08 f\u00e9vrier 2026  au  nom de\nla micro-entreprise  Georges  DEMORY  sise  22  SENTIER  des  Chataigniers  \u00e0  GARCHES\n(82380) ;\n\nApr\u00e8s  examen  du  dossier, cette demande  \u00e9tant  conforme  aux  dispositions  de  l'article L. 7232-\n1 du  code  du  traval, le pr\u00e9sent  r\u00e9c\u00e9piss\u00e9  de  d\u00e9claration  d'activit\u00e9s de  services  \u00e0 la personne  \u00e0\n\u00e9t\u00e9  enregistr\u00e9  au  nom  de  ia micro-entreprise  Georges  DEMORY  sous  le num\u00e9ro  SAP.\n491505335,\nLes  activit\u00e9s d\u00e9clar\u00e9es  sont  es  suivantes,  \u00e0 l'exclusion de  toute  autre\n= Assistance  informatique \u00e0  domicile;\nPrestations  relevant  du  b\u00e9n\u00e9fice  de  la r\u00e9duction  d'imp\u00f4t  pr\u00e9vue \u00e0 l'article 199 sexdecies du  Code\nG\u00e9n\u00e9ral  des  Imp\u00f4ts.\nLa  structure  exerce  ces  activit\u00e9s  selon  le mode  suivant  : PRESTATAIRE\nSous  r\u00e9serve  d'\u00eatre exerc\u00e9es  \u00e0 tre  exclusif parle  d\u00e9clarant  (ou  sous  r\u00e9serve  d'une  comptabilt\u00e9\ns\u00e9par\u00e9e  pour  les personnes  morales  dispens\u00e9es de la condition d'activit\u00e9 exclusive), ces  activit\u00e9s\nouvrent  droit au  b\u00e9n\u00e9fice  des  dispositions  des  articles L. 7233-2  du  code  du  traval  et L  241-10\ndu  code  de  la s\u00e9curte  sociale.\nConform\u00e9ment  aux  dispositions  de  l'articie R7232-19  du  code  du  traval. organisme  d\u00e9ciar\u00e9  doit\nproduire au moins chaque  trimestre un \u00e9tat d'activit\u00e9 et chaque ann\u00e9e  un bilan quanttatf et\nquaitatf de  l'activit\u00e9 exerc\u00e9e  au  tive de  l'ann\u00e9e  \u00e9coul\u00e9e  ainsi qu'un  tableau  statistique annuel\nSi organisme  d\u00e9clar\u00e9  comporte  plusieurs  \u00e9tablissements,  les \u00e9tats statistiques etl  bilan annuel\ndistinguent  l'actit\u00e9  exerc\u00e9e  par  chaque  \u00e9tablissement.\nLe  pr\u00e9sent  r\u00e9c\u00e9piss\u00e9  prend  effet le 06  f\u00e9vrier  2026.\nnregistrement de  la d\u00e9claration  pourra tre  retir\u00e9 si l'organisme  d\u00e9clar\u00e9 cesse  de  remplir\nles conditions  ou  de  respecter  les obligations  montionn\u00e9es  aux  4\u00b0,6\u00b0 et 6\u00b0  de  l'article\nR723217  ou  qui  m\u00e9connalt  les  obligations  d\u00e9finies  \u00e0 l'article R7232-19  du  code  du  travail.\nd\u00e9partementale  des  Hauts-de-Seine.\nLe  pr\u00e9sent  r\u00e9c\u00e9piss\u00e9  sera  publi\u00e9  au  recuell des  actes administratifs de la pr\u00e9fecture  des  Hauts-\nde-Seine.\nFait  \u00e0  Nanterre, le 11  f\u00e9vrier  2026.\nPour  le Pr\u00e9fet\nPar  d\u00e9l\u00e9gation  et subd\u00e9l\u00e9gation\nLa  Responsable  du  service\nD\u00e9veloppement  de l'omplo  ota\ncomp\u00e9tences\nGo\nMariana CONDE\n\nEs  Direction  r\u00e9glonale  etinterd\u00e9partementale\nMINISTERE de l'\u00e9conomie, de l'emploi,\nDU  TRAVAIL,  DE  LA  SANT\u00c9,  du travail et des solidarit\u00e9s\nDES  SOLIDARIT\u00c9S\nET  DES  FAMILLES\nau\nR\u00e9c\u00e9piss\u00e9  n\u00b02026-084  de  d\u00e9claration  d'activit\u00e9s  de  services  \u00e0 la personne\nenregistr\u00e9e  sous  le n\u00b0  SAP899331631  au  nom  de  la micro-entreprise  KUETCHE\nXAVIERA  sise  6  Place  Chabanne  \u00e0  ISSY-LES-MOULINEAUX  (92130)\nLE  PREFET  DES  HAUTS-DE-SEINE\nVu  la loi n\u00b0 2010-853  du  23  jullet 2010  relative aux  r\u00e9seaux  consulaires,  au  commerce  et \u00e0\nl'artisanatet aux  services (article 31)\nVu  la loi n\u00b02015-1776  du  28  d\u00e9cembre  2015  relative \u00e0 l'adaptation de  la soci\u00e9t\u00e9  au\nviellissement ;\nVu  l'article D7231-1  du  Code  du  travail;\nVu  les d\u00e9crets  n\u00b0  2011-1132  et n\u00b0 2011-1133  du  20  septembre  2011  modifiant  certaines\ndispositions du  Code  du  travail, relatives au  ch\u00e8que  emplo-service  universel et aux\n'services \u00e0 la personne  ;\nVu  le d\u00e9cret n\u00b02016-750  du 6 juin 2016  relat  \u00e0 a  iste des  activit\u00e9s de  services \u00e0 la personne\nsoumises  \u00e0 agr\u00e9ment  ou  \u00e0 autorisation dans  le cadre  du  r\u00e9gime  commun  de  ia d\u00e9claration\nVu  le d\u00e9cret du  31 octobre 2024  portant nomination  de  Monsieur  Alexandre  BRUGERE,  en\nquait\u00e9 de Pr\u00e9fet des Hauts-de-Seine ;\nVu  l'\u00e9t\u00e9  interminist\u00e9riel du  12 ao\u00fbt  2025  nommant  Monsieur  Fabrice MASI, Directeur\nr\u00e9gional et interd\u00e9partemental de  l'\u00e9conomie,  de  l'emploi, du  travailet des  solidarit\u00e9s  d'le-\nde-France  \u00e0 compter  du  25  ao\u00fbt  2025  ;\nVu  l'arr\u00eat\u00e9 pr\u00e9fectoral n\u00b02025-33  du  22  ao\u00fbt  2025  par  lequel  le Pr\u00e9fet  des  Hauts-de-Seine\nd\u00e9l\u00e8gue  sa  signature  \u00e0 Monsieur  Fabrice  MASI,  Directeur  r\u00e9gional  et interd\u00e9partemental\nde  l'\u00e9conomie, de l'emploi du  travailet des solidarit\u00e9s d'\u00cele-de-France;\nVu  la d\u00e9cision n\u00b0 2025-187  du  25  ao\u00fbt  2025  portant subd\u00e9l\u00e9gation  de  signature de  Monsieur\nFabrice  MASI,  Directeur  r\u00e9gional  et interd\u00e9partemental  de  l'\u00e9conomie,  de  l'emploi, du\ntravail et des  solidarit\u00e9s d'l-de-France,  aux  agents  de  [Unit\u00e9 d\u00e9partementale  des  Hauts-\nde-Seine  ;\nVu  la d\u00e9claration  d'activit\u00e9s de  services \u00e0 la personne  d\u00e9pos\u00e9es  le 08  f\u00e9vrier 2026  au nom  de\nla micro-entreprise KUETCHE  XAVIERA  sise 6 Place  Chabanne  \u00e0 ISSY.LES-\nMOULINEAUX  (82130)\n\nApr\u00e8s  examen  du  dossier, cette demande  \u00e9tant conforme  aux  dispositions de  l'article L. 7232-1-\n1 du  code  du  traval, le pr\u00e9sent  r\u00e9c\u00e9piss\u00e9  de  d\u00e9claration  activit\u00e9s de  services  \u00e0 la personne  a\n\u00e9t\u00e9  enregistr\u00e9  au  nom  de  la micro-entreprise  KUETCHE  XAVIERA  sous  le num\u00e9ro  SAP\n899331631\nLes  activites d\u00e9clar\u00e9es  sont  les suivantes,  \u00e0 l'exclusion de  toute  autre\nEntretien  de  la maison  et  travaux  m\u00e9nagers  ;\nPrestations  relevant  du  b\u00e9n\u00e9fice  de  a  r\u00e9duction  d'imp\u00f4t  pr\u00e9vue \u00e0 article 199 sexdecies du  Code\nG\u00e9n\u00e9ral  des  Imp\u00f4ts.\nLa  structure  exerce  ces  activit\u00e9s  selon  le mode  suivant  : PRESTATAIRE\nSous  r\u00e9serve  d'\u00eatre exerc\u00e9es  \u00e0 ttre exclusif par  le d\u00e9clarant  (ou  sous  r\u00e9serve  d'une  comptabilt\u00e9\ns\u00e9par\u00e9e pour les personnes morales dispens\u00e9es de la condition d'activit\u00e9 exclusive) ces activites\nouvrent  droit au  b\u00e9n\u00e9fice  des  dispositions  des  artcies L. 7233-2  du  code  du  travail et L. 241-10\n'du code  de la s\u00e9curit\u00e9  sociale,\nConform\u00e9ment  aux  dispositions  de  l'articie R7232-19  du  code  du  travail l'organisme  d\u00e9clar\u00e9  doit\nproduire au moins chaque  trimestre un \u00e9tat d'activit\u00e9 et chaque  ann\u00e9e  un bilan quanttatf et\nqualtatfde l'activit\u00e9 exerc\u00e9e au tire de l'ann\u00e9e \u00e9coul\u00e9e ainsi qu'un tableau statistique annuel.\nSi l'organisme d\u00e9clar\u00e9 comporte  plusieurs \u00e9tablissements, es  \u00e9tats statistiques et le bilan annuel\ndistinguent  activit\u00e9  exerc\u00e9e  par  chaque  \u00e9tablissement\nLe  pr\u00e9sent  r\u00e9c\u00e9piss\u00e9  prend  effet le 08  f\u00e9vrier 2026.\nrogistrement de la d\u00e9claration  pourra \u00eatre retir\u00e9 si l'organisme  d\u00e9clar\u00e9  cesse do  remplir\nles conditions  ou  de  respecter  les obligations  mentionn\u00e9es  aux  4\u00b0,\" et 6\u00b0  de  l'article\nR7232-17  ou  qui  m\u00e9connait  les obligations  d\u00e9finies  \u00e0 l'article R7232-19  du  code  du  travail.\n28 devra,  sous\npaie  de  rerai  de  a  d\u00e9claration, fae  l'objet d'une d\u00e9claration modfcalve  aupr\u00e9s de  fUnte\nd\u00e9partementale  des  Hauts-de-Seine\nLepr\u00e9sent  r\u00e9c\u00e9piss\u00e9  sea  publi\u00e9  au  usuel  des  acte  aint  de  La pr\u00e9fecture  des  Haute\nde-Seine\nFait \u00e0 Nanterre, le 11 f\u00e9vrier 2026.\nour  le Pr\u00e9fet\nd\u00e9l\u00e9gation  et  subd\u00e9l\u00e9gation\nLa  Responsable  du  service\nD\u00e9veloppement  de  l'emploi  et des\ncomp\u00e9tences\n(aa\nMariama COND\u00c9\n\nEx  Direction  r\u00e9gionale et  interd\u00e9partementale\nMINIST\u00c8RE  'de l'\u00e9conomie, de l'emploi,\nDU  TRAVAIL,  DE  LA  SANT\u00c9,  du travail et des solidarit\u00e9s\nDES  SOLIDARIT\u00c9S\nET  DES  FAMILLES\nA\nR\u00e9c\u00e9piss\u00e9  n\u00b02026-085  de  d\u00e9claration  d'activit\u00e9s  de  services  \u00e0  la personne\nenregistr\u00e9e  sous  le n\u00b0 SAP100733799  au  nom  de  la micro-entreprise  TERPEND\nMARIE  sise  69  Rue  du  Pr\u00e9sident  Kennedy  \u00e0  COLOMBES  (92700)\nLE  PREFET  DES  HAUTS-DE-SEINE\nVu  la lo  n\u00b0 2010-853 du  23  jullet 2010relative aux  r\u00e9seaux  consulaires, au  commerce  et \u00e0\nl'artisanat et aux  services  (article 31):\nVu  la loi n\u00b02015-1778  du  28  d\u00e9cembre  2015  relative \u00e0 l'adaptation de\nviilissement ;\nsoci\u00e9t\u00e9 au\nVu  l'aricie  07231-1  du  Code  du  travail\nVu  les d\u00e9crets  n\u00b0 2011-1132  et n\u00b0 2011-1133  du  20  septembre  2011  modifant  certaines\ndispositions  du  Code  du  travail, relatives au  ch\u00e8que  emploi-service  universel et aux\n'services \u00e0 la personne\nVu  le d\u00e9cret  n\u00b02016-750  du  6  juin 2016  relatif \u00e0 la liste des  activit\u00e9s de  services  \u00e0 a  personne\nsoumises  \u00e0 agr\u00e9ment ou  \u00e0 autorisation dans le cadre  du  r\u00e9gime  commun  dela  d\u00e9claration  ;\nVu  le d\u00e9cret  du  31  octobre  2024  portant nomination  de  Monsieur  Alexandre  BRUGERE,  en\nQualit\u00e9 de  Pr\u00e9fet des  Hauts-de-Seine\nVu  l'ar\u00eat\u00e9 interminist\u00e9riel du  12  ao\u00fbt  2025  nommant  Monsieur  Fabrice  MASI,  Directeur\nr\u00e9gional  et interd\u00e9partemental  de  l'\u00e9conomie,  de  l'emploi, du  travail et des  solidarit\u00e9s dle\nde-France  \u00e0 compter  du  25  ao\u00fbt  2025  ;\nVu  l'arr\u00eat\u00e9 pr\u00e9fectoral n\u00b0202533  du  22  ao\u00fbt 2025  par lequel le Pr\u00e9fet des  Hauts-de-Seine\nd\u00e9l\u00e8gue  sa  signature  \u00e0 Monsieur  Fabrice  MASI,  Directeur  r\u00e9gional  et interd\u00e9partemental\nde l'\u00e9conomie, de l'emploi, du travailet des soldari\u00e9s d'\u00cele-de-France ;\n'Vu la d\u00e9cision  n\u00b0 2025-187  du  25  ao\u00fbt  2025  portant  subd\u00e9l\u00e9gation  de  signature  de  Monsieur\nFabrice  MASI,  Directeur  r\u00e9gional  et interd\u00e9partemental  de  l'\u00e9conomie,  de  l'emploi, du\ntravail et  des solidarit\u00e9s\u00a2 le-de-France,  aux  agents  de  l'Unit\u00e9 d\u00e9partementale  des  Hauts-\nde-Seine  ;\nVu  la d\u00e9claration  d'actit\u00e9s  de  services \u00e0 la personne  d\u00e9pos\u00e9es  le 08  f\u00e9vrier 2026  au  nom  de\nla  micro-entreprise  TERPEND  MARIE  sise 69  Rue  du  Pr\u00e9sident  Kennedy  \u00e0 COLOMBES\n(82700):\n\n'Apr\u00e8s examen  du  dossier, cette demande  \u00e9tant conforme  aux  dispositions de  l'article L. 7232-1-\n1 du  code  du  traval, le pr\u00e9sent  r\u00e9c\u00e9piss\u00e9  de  d\u00e9claration  d'activit\u00e9s de  services  \u00e0 la personne  a\n\u00e9t\u00e9 enregistr\u00e9 au  nom  de  la micro-entreprise TERPEND  MARIE  sous  le num\u00e9ro  SAP\n100733799,\nLes  activit\u00e9s  d\u00e9clar\u00e9es  sont  les  suivantes,  & l'exclusion  de  toute  autre\nEntretien  de  la  maison et  travaux  m\u00e9nagers  ;\nPrestations relevant du  b\u00e9n\u00e9fice dela  r\u00e9duction d'imp\u00f4t pr\u00e9vue  \u00e0 l'article 199  sexdecies  du  Code\nG\u00e9n\u00e9ral  des  Imp\u00f4ts,\nLa  structure  exerce  ces  activit\u00e9s  selon  le mode  suivant  : PRESTATAIRE\nSous  r\u00e9serve  d'\u00eatre exerc\u00e9es  \u00e0 tre  exclusf  parle  d\u00e9clarant  (ou sous  r\u00e9serve  d'une  comptabilt\u00e9\ns\u00e9par\u00e9e pour les personnes morales dispens\u00e9es de a  condition d activit\u00e9 exclusive), ces activit\u00e9s.\n'ouvrent droit au  b\u00e9n\u00e9fice  des  dispositions  des  articles L. 7233-2  du  code  du  travail et L. 241-10\n'du code  de  la s\u00e9curit\u00e9  sociale.\n(Conform\u00e9ment  aux  dispositions de  article R7232-19  du  code  du  travail, organisme  d\u00e9clar\u00e9 doit\nproduire  au  moins  chaque  trimestre  un  \u00e9tat d'activit\u00e9 et chaque  ann\u00e9e  un  bilan quantitatif et\n'qualtaf de l'activit\u00e9 exerc\u00e9e au tire de l'ann\u00e9e \u00e9coul\u00e9e ainsi qu'un tableau statistique annuel.\nSi l'organisme  d\u00e9clar\u00e9  compore  plusieurs  \u00e9tablissements, les \u00e9tats statistiques et le bilan annuel\ndistinguent  Factivt\u00e9 exerc\u00e9e  par  chaque  \u00e9tablissement.\nLe  pr\u00e9sont  r\u00e9c\u00e9piss\u00e9  prond effet le 08 f\u00e9vrier  2028.\nL'enregistrement de  la d\u00e9claration  pourra  \u00eatre  retir\u00e9 si l'organisme  d\u00e9clar\u00e9  cesse  de  remplir\nles conditions  ou  de  respecter  les obligations  mentionn\u00e9es  aux  4\u00b0,5\u00b0 et 6\u00b0 de  article\nR7232417  ou  qui m\u00e9connait  les obligations d\u00e9finies \u00e0 l'article R7232-19  du  code  du  travail\npaie  de  rerai  de  la \u00e9ciration.  fare  lobet  d'une  d\u00e9caraton  modiicate  aupr\u00e9s  de  TUnte\nd\u00e9partementale  des  Hauts-de-Seine.\nLe  pr\u00e9sent  r\u00e9c\u00e9piss\u00e9  sera  publi\u00e9  au  recueil des  actes  administratifs de  la pr\u00e9fecture des  Hauts\nde-Seine.\nFait a Nanterre, le 11  f\u00e9vrier 2026.\nPour  le Pr\u00e9fet\nPar  d\u00e9agation  et aubdt\u00e9gaion\n{Responsable  du  service\nDeveloppement  de  l'emploi  et des\ncomp\u00e9tences\nNeuse\nMariana  CONDE\n\n=a  Direction  r\u00e9gionale  et interd\u00e9partementale\nMINISTERE  de l'\u00e9conomie, de l'emploi,\nDU  TRAVAIL,  DE  LA  SANT\u00c9,  du travail et des solidarit\u00e9s\nDES  SOLIDARIT\u00c9S\nET  DES  FAMILLES\nR\u00e9c\u00e9piss\u00e9  n\u00b02026-086  de  d\u00e9claration  d'activit\u00e9s de services  \u00e0 la personne\nenregistr\u00e9e  sous  le n\u00b0  SAP100393180  au  nom  de  la SASU  SAP  FRANCE  sise  224\n'Avenue  Georges  Clemenceau  \u00e0  NANTERRE  (92000)\nLE  PREFET  DES  HAUTS-DE-SEINE\nVu  la loi n\u00b0 2010-853  du  23  jullet 2010  relative aux  r\u00e9seaux  consulaires, au  commerce et  \u00e0\nl'artisanat et aux  services  (article 31) ;\n'Vu la li n\u00b02018-1778  du  28  d\u00e9cembre  2015  relative \u00e0  l'adaptation de  la soci\u00e9t\u00e9  au\nviilissement ;\nVu  l'article 07231-1  du  Code  du  travail\nVu  les d\u00e9crets n\u00b0 2011-1132  et n\u00b0 2011-1133  du  20  septembre  2011  modifiant certaines\ndispositions du  Code  du  travail, relatives au  ch\u00e8que  emploi-service universel et aux\n'services \u00e0 a  personne  ;\nVu  le d\u00e9cret n\u00b02016:750  du  6 juin 2016  relatif\u00e0 la liste des  activit\u00e9s de  services \u00e0 Ia personne\nsoumises \u00e0 agr\u00e9ment  ou  \u00e0  autorisation dans le cadre  du  r\u00e9gime  commun  de la d\u00e9claration ;\nVu  le d\u00e9cret du  31 octobre 2024  portant nomination  de  Monsieur  Alexandre  BRUGERE,  en\nquait\u00e9  de  Pr\u00e9fet des  Hauts-de-Seine  ;\nVu  l'arr\u00eat\u00e9 interminist\u00e9riel du  12  ao\u00fbt 2025  nommant  Monsieur  Fabrice MASI,  Directeur\nr\u00e9gionalet interd\u00e9partemental de  l'\u00e9conomie, de l'emploi, du  travailet des solidarit\u00e9s dle-\n'de-France \u00e0 compter  du  25  ao\u00fbt  2025 ;\nVu  l'ar\u00eat\u00e9 pr\u00e9fectoral n\u00b0202533  du  22  ao\u00fbt 2025  par lequel le Pr\u00e9fet des  Hauts-de-Seine\nd\u00e9l\u00e8gue  sa  signature  \u00e0 Monsieur  Fabrice  MASI,  Directeur  r\u00e9gional  et interd\u00e9partemental\nde l'\u00e9conomie, de l'emploi, du travail et des solidarit\u00e9s d'\u00cele-de-France ;\n'Vu la d\u00e9cision n\u00b0 2025-187  du  25  ao\u00fbt 2025  portant subd\u00e9l\u00e9gation  de  signature de  Monsieur\nFabrice  MASI,  Directeur  r\u00e9gional  et interd\u00e9partemental  de  l'\u00e9conomie,  de  l'emploi, du\ntravail et des  solidarit\u00e9s dle-de-France,  aux  agents  de  l'Unit\u00e9 d\u00e9partementale  des  Hauts-\nde-Seine ;\nVu  la d\u00e9claration activit\u00e9s de services \u00e0 la personne  d\u00e9pos\u00e9es  le 09 f\u00e9vrier 2026 au nom  de\nla SASU  SAP  FRANCE  sise  224  Avenue  Georges  Clemenceau  \u00e0  NANTERRE  (92000);\n\n{Apr\u00e8s  examen  du  dossier,  cette demande  \u00e9tant  conforme  aux  dispositions  de  article L. 7232-1\n1 du  code  du  traval, le pr\u00e9sent  r\u00e9c\u00e9piss\u00e9 de  d\u00e9ciaration d'activit\u00e9s de  services  \u00e0 la personne  a\n\u00e9t\u00e9 enregistr\u00e9 au  nom  de  la SASU  SAP  FRANCE  sous le num\u00e9ro  SAP  100393180.\nLes  activit\u00e9s d\u00e9clar\u00e9es  sont  les  suivantes,  & l'exclusion de  toute  autre\nEntretien  de  la maison  et  travaux  m\u00e9nagers  ;\nPetits  travaux  de  jardinage,  y  compris  les travaux  de  d\u00e9broussaillage  ;\n'Travaux  de  petit  bricolage  dits \u00ab  homme  toutes  mains  \u00bb  ;\nGarde  d'enfants  de  plus  de  trois ans  \u00e0 domicile;\n'Soutien  scolaire  ou  cours  \u00e0 domicile\n'Soins  d'esth\u00e9tiques  \u00e0 domicile  pour  les personnes  d\u00e9pendantes  ;\nPr\u00e9paration  de  repas  \u00e0  domicile, y compris  le temps  pass\u00e9  aux  courses  ;\nLivraison  de  repas  \u00e0  domicil\nCollecte  et livraison  \u00e0  domicile de  linge  repass\u00e9 ;\nLivraison  de  courses  \u00e0  domicile  ;\nAssistance  informatique  \u00e0  domicile;\n'Soins et promenades  d'animaux  de  compagnie,  \u00e0 l'exception des  soins  v\u00e9t\u00e9rinaires\net du  tollettage,  pour les personnes  d\u00e9pendantes  ;\nMaintenance, entretien  et vigilance  temporaires,  \u00e0 domicile,  de  la r\u00e9sidence\nprincipale et secondaire  ;\n= Assistance  administrative  \u00e0  domicile\n= Accompagnement  des  enfants  de  plus  de  trois  ans  dans  leurs  d\u00e9placements  en\ndehors  de  leur  domicile  (promenades,  transports,  actes  de  la vie courante);\nT\u00e9l\u00e9assistance  et visio-assistance ;\nInterpr\u00e8te  en  langue  des  signes,  technicion  de  l'\u00e9crit at codeur  en  langage  parl\u00e9  et\ncompl\u00e9t\u00e9  ;\nPrestation  de  conduite  du  v\u00e9hicule  personnel  des  personnes  temporairement\nd\u00e9pendantes  autres  que  personnes  \u00e2g\u00e9es,  handicap\u00e9es  ou  atteintes  de  pathologies\nchroniques,  du  domicile  au  travail, sur  le lieu de  vacances,  pour  les d\u00e9marches\nadministratives  ;\nAccompagnement  des  personnes  temporairement  d\u00e9pendantes  autres  que\npersonnes  \u00e2g\u00e9es,  handicap\u00e9es  ou  atteintes  de  pathologies  chroniques,  dans leurs\nd\u00e9placements  en  dehors  de  leur  domicile  (promenades,  aide  \u00e0 la mobilit\u00e9  et au\ntransport,  actes  de  la vie  courante)\n= Assistance  aux  personnes  autres  que  personnes  \u00e2g\u00e9es,  handicap\u00e9es  ou  atteintes\n'de pathologies  chroniques  qui  ont  besoin  temporairement  d'une  aide  personnelle \u00e0\nleur  domicile,  \u00e0 l'exclusion  des  soins  relevant  d'actes m\u00e9dicaux  ;\n= Coordination  et d\u00e9livrance  des  services  \u00e0 la personne  ;\nPrestations  relevant  du  b\u00e9n\u00e9fice  de  la r\u00e9duction  d'imp\u00f4t  pr\u00e9vue  \u00e0 l'article 199  sexdecies  du  Code\nG\u00e9n\u00e9ral  des  Imp\u00f4ts.\nLa  structure  exerce ces  activit\u00e9s selon le mode  suivant  :MANDATAIRE  ET  PRESTATAIRE\nSous  r\u00e9serve  d'\u00eatre exerc\u00e9es  \u00e0 ttre exclusif par  le d\u00e9clarant  (ou  sous  r\u00e9serve  d'une  comptabilit\u00e9\ns\u00e9par\u00e9e  pour  les personnes  morales  dispens\u00e9es  de  la condition  d activit\u00e9 exclusive), ces  activites\n'ouvrent droit au  b\u00e9n\u00e9fice  des  dispositions  des  articles L. 7233-2  du  code  du  travail et L. 241-10\ndu  code  de  la s\u00e9curit\u00e9  sociale\nConform\u00e9ment  aux  disposons  de  article R7232-19  du  code  du  traval, l'organisme  d\u00e9clar\u00e9  doit\nproduire au moins chaque  t'mestre un \u00e9tat d'activit\u00e9 et chaque ann\u00e9e  un bilan quanttatit et\nqualitatifde l'activit\u00e9 exerc\u00e9e  au  tre  de  l'ann\u00e9e  \u00e9coul\u00e9e  ainsi qu'un  tableau  statistique annuel.\nSi l'organisme  d\u00e9clar\u00e9  comporte  plusieurs  \u00e9tablissements,  les \u00e9tats statistiques et le bilan annuel\ndistinguent  l'activit\u00e9 exerc\u00e9e  par  chaque  \u00e9tablissement\n\nLe  pr\u00e9sent  r\u00e9c\u00e9piss\u00e9  prend  effet  le 09  f\u00e9vrier  2026.\nL'enregistrement de  la d\u00e9claration  pourra \u00eatre  retir\u00e9 si l'organisme  d\u00e9clar\u00e9  cesse  de  remplir\nles  conditions  ou  de  respecter  les  obligations  mentionn\u00e9es  aux  4\u00b0,5\u00b0  et  6\u00b0 de  l'article\nR7232-17 ou  qui  m\u00e9connalt les  obligations  d\u00e9finies \u00e0 l'article R7232-19  du  code  du  travall\nmodifi vi devra, sous\npeine  de  retrait de  la d\u00e9claration,  faire l'objet dune  d\u00e9claration  modficatve  aupr\u00e8s  de  l'Unit\u00e9\nd\u00e9partementale  des  Hauts-de-Seine\nLe  pr\u00e9sent  r\u00e9c\u00e9piss\u00e9  sera  publi\u00e9  au  recueil des  actes  administratifs de  Ia pr\u00e9fecture des  Hauts-\nde-Seine.\nFait a Nanterre, le 11 f\u00e9vrier 2026.\nLa  Responsable  du  service\nD\u00e9veloppement  de  l'emploi  ot des\n\nEx  Direction  r\u00e9gionale et  interd\u00e9partementale\nMINIST\u00c8RE  de l'\u00e9conomie, de l'emploi,\nDU  TRAVAIL,  DE  LA  SANT\u00c9,  du travail et des solidarit\u00e9s\nDES  SOLIDARIT\u00c9S\nET  DES  FAMILLES\nese\nR\u00e9c\u00e9piss\u00e9  n\u00b02026-087  de  d\u00e9claration  d'activit\u00e9s  de  services  \u00e0  la personne\nenregistr\u00e9e  sous  le n\u00b0 SAP101002095  au  nom  de  la micro-entreprise  ALBEI\nMARGARETA  sise  111  Boulevard  Charles  de  Gaulle  \u00e0  COLOMBES  (92700)\nLE  PREFET  DES  HAUTS-DE-SEINE\nVu  la loi n\u00b0  2010-853  du  23  jullet  2010  relative  aux  r\u00e9seaux  consulaires,  au  commerce et  \u00e0\nl'artisanat et aux  services  (article 31) ;\nVu  la loi n\u00b02018-1778  du  28  d\u00e9cembre  2015  relative \u00e0 l'adaptation de  la soci\u00e9t\u00e9  au\nviilissement ;\nVu  l'article D7231-1  du  Code  du  travail\nVu  les d\u00e9crets  n\u00b0 2011-1132  et n\u00b0  2011-1133  du  20  septembre  2011  modifiant  certaines\ndispositions  du  Code  du  travail, relatives  au  ch\u00e8que  emplot-service  universel  et aux\n'services \u00e0 a  personne ;\nVu  le d\u00e9cret  n\u00b02016:750  du 8 jun  2016 relatif \u00e0 la liste des activit\u00e9s de services \u00e0 Ia personne\nsoumises \u00e0 agr\u00e9ment  ou  \u00e0 autorisation dans  le  cadre  du  r\u00e9gime  commun  de  la d\u00e9claration ;\nVu  le d\u00e9cret  du  31  octobre  2024  portant  nomination  de  Monsieur  Alexandre  BRUGERE,  en\nqualit\u00e9 de Pr\u00e9fet des  Hauts-de-Seine ;\nVu  l'ar\u00eat\u00e9 interminist\u00e9riel du  12  ao\u00fbt 2025  nommant  Monsieur  Fabrice MASI, Directeur\nr\u00e9gionalet interd\u00e9partemental de  l'\u00e9conomie, de l'emploi, du  travail et des soldari\u00e9s  d'le-\n'de-France \u00e0 compter  du  25  ao\u00fbt  2025\nVu  l'ar\u00eat\u00e9 pr\u00e9fectoral n\u00b02025-33  du  22  ao\u00fbt  2025  par  lequel  le Pr\u00e9fet  des  Hauts-de-Seine\nd\u00e9l\u00e8gue  sa  signature  \u00e0  Monsieur  Fabrice  MASI,  Directeur  r\u00e9glonal  et interd\u00e9partemental\nde  l'\u00e9conomie, de l'emploi, du  travail et des solidarit\u00e9s d'\u00cele-de-France ;\nVu  la d\u00e9cision  n\u00b0 2025-187  du  25  ao\u00fbt  2025  portant  subd\u00e9l\u00e9gation  de  signature  de  Monsieur\nFabrice  MASI,  Directeur  r\u00e9gional  et interd\u00e9partemental  de  l'\u00e9conomie,  de  l'emploi, du\ntravail et des  solidarit\u00e9s d'le-de-France,  aux  agents  de  I Unit\u00e9  d\u00e9partementale  des  Hauts-\nde-Seine ;\nVu  la d\u00e9claration d'activit\u00e9s de services \u00e0 la personne d\u00e9pos\u00e9es  le 10 f\u00e9vrier 2026 au nom  de\nla micro-entreprise  ALBEI  MARGARETA  sise  111  Boulevard  Charles  de  Gaulle  \u00e0\nCOLOMBES  (92700)\n\n'Apr\u00e8s examen  du  dossier, cette demande  \u00e9tant conforme aux  dispositions de  l'article L. 7232.\n1 du  code  du  travail  le pr\u00e9sent  r\u00e9c\u00e9piss\u00e9  de  d\u00e9claration  d'activit\u00e9s de  services  \u00e0 la personne  a\n\u00e9t\u00e9  enregistr\u00e9  au  nom  de  la micro-entreprise  ALBE]  MARGARETA  sous  le num\u00e9ro  SAP\n101002005,\nLes  activites d\u00e9clar\u00e9es  sont  les suivantes,  \u00e0 l'exclusion de  toute  autre\nEntretien  de la  maison  et travaux  m\u00e9nagers  ;\nPrestations  relevant  du  b\u00e9n\u00e9fice  de  la r\u00e9duction  d'imp\u00f4t  pr\u00e9vue  \u00e0 l'aricie 199  sexdecies  du  Code\nG\u00e9n\u00e9ral  des  Imp\u00f4ts.\nLa  structure  exorce  ces  activit\u00e9s  solon  le mode  suivant : PRESTATAIRE\nSous  r\u00e9serve  d'\u00eatre  exerc\u00e9es  \u00e0  tire  exclusif  par  le d\u00e9clarant  (ou  sous  r\u00e9serve  d'une  comptabiit\u00e9\ns\u00e9par\u00e9e  pour  les personnes  morales  dispens\u00e9es de la condition \u00a2actvt\u00e9  exclusive) ces  activit\u00e9s\nouvrent  droit au  b\u00e9n\u00e9fice  des  dispositions  des  artcies  L. 7233-2  du  code  du  traval et L. 241-10\ndu  code  de  la s\u00e9curit\u00e9  sociale.\nConform\u00e9ment  aux  dispositions  de  l'articie R7232-19  du  code  du  travail organisme  d\u00e9ciar\u00e9  doit\nproduire au  moins  chaque  trimestre un  \u00e9tat d'activit\u00e9 et chaque ann\u00e9e un  bian  quanttatf  et\n'qualtatf de l'activit\u00e9 exerc\u00e9e  au  tire de  l'ann\u00e9e  \u00e9coul\u00e9e  ainsi qu'un  tableau  statistique annuel.\nSi l'organisme d\u00e9clar\u00e9  comport  plusieurs  \u00e9tablissements,  les \u00e9tats statistiques etl  bilan annuel\ndistinguent  l'actit\u00e9  exerc\u00e9e  par  chaque  \u00e9tablissement.\n6 prend  effet  le 10  f\u00e9vrier 2026.Le  pr\u00e9sent  r\u00e9c\u00e9pi\nL'enregistrement de  la d\u00e9claration  pourra tre  rotir\u00e9 si l'organisme d\u00e9clar\u00e9  cesse  de  remplir\nles conditions  ou  de  respecter  les obligations  montionn\u00e9es  aux  4\u00b0,5\u00b0 et 6\u00b0  de  l'article\n'R7232417  ou  qui  m\u00e9connalt  les obligations  d\u00e9finies  \u00e0 l'article R7232-19 du  code  du  travail,\nDeine de retrait de Ta d\u00e9claration, are  objet dune  d\u00e9claration modifcatve aupros de TUnte\nd\u00e9partementale  des  Hauts-de-Seine\nLe  pr\u00e9sent  r\u00e9c\u00e9piss\u00e9  sera  publi\u00e9  au  recueil  des  actes  administratifs de  la pr\u00e9fecture des  Hauts-\nde-Seine.\nFait  \u00e0  Nanterre,  le 16  f\u00e9vrier  2026,\nPour  le Pr\u00e9fet\nPar  d\u00e9l\u00e9gation  et  subd\u00e9l\u00e9gation\nLa  Responsable  du service\nD\u00e9veloppement  de l'emploi  ot des.\ncomp\u00e9tences\n(Gas\nMarlanta CONDE\n\nEs  Direction  r\u00e9gionale et  interd\u00e9partementale\nMINIST\u00c8RE de l'\u00e9conomie, de l'emploi,\nDU  TRAVAIL,  DE  LA SANT\u00c9,  du travail et des solidarit\u00e9s\nDES  SOLIDARIT\u00c9S\nET  DES  FAMILLES\nie\nR\u00e9c\u00e9piss\u00e9  n\u00b02026-088  de  d\u00e9claration  d'activit\u00e9s de  services  \u00e0  la personne\nenregistr\u00e9e  sous  le n\u00b0  SAP100832187  au  nom  de  la micro-entreprise  ACCIPE\nADELE  sise  19  All\u00e9e  Saint-Paul  \u00e0  VILLENEUVE-LA-GARENNE  (92390)\nLE  PREFET  DES  HAUTS-DE-SEINE\nVu  la loi n\u00b0 2010-853  du  23  jullet 2010  relative aux  r\u00e9seaux  consulaires, au  commerce  et \u00e0\nl'artisanat et aux  services  (article 31)\nVu  ia loi n\u00b02018-1776  du  28  d\u00e9cembre  2015  relative  \u00e0  l'adaptation  de  la soci\u00e9t\u00e9  au\nveilissement ;\nVu  l'article D7231:1  du  Code  du  travail;\nVu  les d\u00e9crets  n\u00b0  2011-1132  et n\u00b0 2011-1133  du  20  septembre  2011  modifiant  certain\ndispositions  du  Code  du  travail, relatives au  ch\u00e8que  emploi-service  universel  et aux\nservices \u00e0 la personne  ;\n16-750  du  8 juin 2016  relatif \u00e0 la liste des  activit\u00e9s de  services  \u00e0 la personne\n\u00e9met  ou \u00e0 autorisationdans  le cadre  du r\u00e9gime  commun  de la d\u00e9claration;\nvu\nVu  le d\u00e9cret  du  31  octobre  2024  portant  nomination  de  Monsieur  Alexandre  BRUGERE,  en\nquait\u00e9 de Pr\u00e9fet des Hauts-de-Seine ;\nVu  Tarr\u00e9t\u00e9  interminist\u00e9riel du  12  ao\u00fbt  2025  nommant  Monsieur  Fabrice  MASI,  Directeur\nr\u00e9gional  et interd\u00e9partemental  de  l'\u00e9conomie, de  l'emploi, du  travail et des  solidarit\u00e9s dll\nde-France  \u00e0  compter  du  25  ao\u00fbt  2025\nVu  l'arr\u00eat\u00e9 pr\u00e9fectoral n\u00b02025-33  du  22  ao\u00fbt  2025  par  lequel  le Pr\u00e9fet des  Hauts-de-Seine\nd\u00e9l\u00e8gue  sa  signature  \u00e0 Monsieur  Fabrice  MASI,  Directeur  r\u00e9gional  et interd\u00e9partemental\nde  l'\u00e9conomie, de  l'emploi, du  travailet des solidartes dile-de-France\nVu  la d\u00e9cision  n\u00b0 2025-187  du  25  ao\u00fbt  2025  portant  subd\u00e9l\u00e9gation  de  signature  de  Monsieur\nFabrice  MASI,  Directeur  r\u00e9gional  et interd\u00e9partemental  de  l'\u00e9conomie,  de  l'emploi, du\ntravail et des  solidart\u00e9s  dle-de-France,  aux  agents  de  l'Unit\u00e9 d\u00e9partementale  des  Hauts-\nde-Seine\nVu  la d\u00e9claration  dactvit\u00e9s  de  services a la personne  d\u00e9pos\u00e9es  le 10  f\u00e9vrier 2026  au nom  de\nla micro-entreprise  ACCIPE  ADELE  sise 19  All\u00e9e Saint-Paul  \u00e0 VILLENEUVE-LA-\nGARENNE  (82390)  ;\n\n'Apr\u00e8s  examen  du  dossier, cette demande  \u00e9tant  conforme  aux  dispositions  de  l'article L. 7232-1-\n1 du  code  du  traval, le pr\u00e9sent  r\u00e9c\u00e9piss\u00e9  de d\u00e9claration activit\u00e9s de  services ala  personne  a\n\u00e9t\u00e9 enregistr\u00e9 au  nom  de  la micro-entreprise ACCIPE  ADELE  sous  le num\u00e9ro  SAP  100832167.\nLes  actvit\u00e9s  d\u00e9clar\u00e9es  sont  les suivantes,  \u00e0 l'exclusion de  toute  autre\n= Entrotion  de  la maison  ot  travaux  m\u00e9nagers  ;\nGarde  d'enfants  de  plus  detrois  ans  \u00e0  domicile;\n= Accompagnement  des  enfants  de  plus  de  trois  ans  dans  leurs  d\u00e9placements  en\ndehors  de  leur  domicile  (promenades,  transports,  actes  de  la vie  courante)  ;\nPrestations  relevant  du  b\u00e9n\u00e9fice  de  la r\u00e9duction  d'imp\u00f4t  pr\u00e9vue  \u00e0 l'article 199  sexdecies  du  Code\nG\u00e9n\u00e9ral  des  Imp\u00f4ts.\nLa  structure  exerce  ces  activit\u00e9s  selon  le mode  suivant :  PRESTATAIRE\nSous  r\u00e9serve  d'\u00eatre exerc\u00e9es  \u00e0 tire exclusif par  le d\u00e9clarant  (ou  sous  r\u00e9serve  d'une  comptabilit\u00e9\ns\u00e9par\u00e9e pour les personnes morales dispens\u00e9es de la condition \u00a2'actvit\u00e9 exclusive), ces activit\u00e9s\n'ouvrent droit au  b\u00e9n\u00e9fice des dispositions des  articles L. 7233-2  du  code  du travailet L. 241-10,\ndu  code  de  la s\u00e9curit\u00e9  sociale.\n'Conform\u00e9ment  aux  dispositions de  article R7232-19 du  code  du  traval, Forganisme  d\u00e9ciar\u00e9  doit\nproduire au moins  chaque timestre un \u00e9tat d'activit\u00e9 et chaque  ann\u00e9e  un blan quanitatf et\nqualtatfde activit\u00e9 exerc\u00e9eau tire de l'ann\u00e9e \u00e9coul\u00e9e ainsi qu'un tableau statistique annuel.\nSi l'organisme d\u00e9clar\u00e9  comporte  plusieurs  \u00e9tablissements,  les \u00e9tats statistiques etl  bilan annuel\nistinguent  l'activit\u00e9 exerc\u00e9e  par chaque  \u00e9tablissement.\nLe  pr\u00e9sent  r\u00e9c\u00e9piss\u00e9  prend  effet le 10  f\u00e9vrier  2026.\nL'enregistrement de  la d\u00e9claration  pourra \u00eatre retir\u00e9 si l'organisme d\u00e9clar\u00e9  cesse  de  remplir\nles conditions  ou  de  respecter  les obligations  montionn\u00e9es  aux  4\u00b0,5\u00b0 et 6\u00b0  do  l'article\nR7232-17  ou  qui  m\u00e9connalt  les obligations  d\u00e9finies  \u00e0 l'article R7232-\npeine de  retrait de  \u00e0\n'd\u00e9partementale  des  Hauts-de-Seine\nLe  pr\u00e9sent  r\u00e9c\u00e9piss\u00e9  sera  publi\u00e9  au  recueil des  actes  administratifs de  la pr\u00e9fecture  des  Hauts.\nde-Seine.\nFait \u00e0  Nanterre,  le 18  f\u00e9vrier 2026.\nPour  le  Pr\u00e9fet\nPar  d\u00e9l\u00e9gation  ot subd\u00e9l\u00e9gation\nLa  Responsable  du  service\nD\u00e9veloppement  de  l'emploi  et  des\ncomp\u00e9tences  ,\nE  AI\nMariama CONDE\n\n=n  Direction r\u00e9gionaleet interd\u00e9partementale\nMINISTERE de l'\u00e9conomie,de l'emploi\nDU  TRAVAIL,  DE  LA  SANT\u00c9,  du traval at des soldantes\nDES  SOLIDARIT\u00c9S\nET  DES  FAMILLES\n[A\nR\u00e9c\u00e9piss\u00e9  n\u00b02026-089  de  d\u00e9claration  d'activit\u00e9s  de  services  \u00e0  la personne\nenregistr\u00e9e  sous  le n\u00b0 SAP101009611  au  nom  de  la micro-entreprise  MACE\nMELANIE  sise  17  avenue  Bontemps  \u00e0  COLOMBES  (92700)\nLE  PREFET  DES  HAUTS-DE-SEINE\nVu  la oi  n\u00b0 2010-853  du  23  juillet 2010  relative aux  r\u00e9seaux  consulaires, au  commerce et \u00e0\nl'artisanatet aux  services (article 31)  ;\nVu  la loi n\u00b02015-1776  du  28  d\u00e9cembre  2015  relative \u00e0 l'adaptation  de  la soci\u00e9t\u00e9  au\nviellissement ;\nVu  l'aricie D7231-1  du  Code du  travail\nVu  les d\u00e9crets  n\u00b0  2011-1132  et n\u00b0  2011-1133  du  20  septembre  2011  modifiant  certaines\ndispositions  du  Code  du  travail, relatves  au  ch\u00e8que  emplo-service  universel  et aux\n'services \u00e0 Ia personne ;\nVu  le d\u00e9cret n\u00b02016-750  du  6  juin 2016  relat  \u00e0 la iste des  activit\u00e9s de  services \u00e0 la personne\n'soumises  \u00e0 agr\u00e9ment  ou  \u00e0 autorisation  dans  le cadre du  r\u00e9gime  commun  de  la d\u00e9claration  ;\nVu  le d\u00e9cret du  31 octobre  2024  portant nomination  de  Monsieur  Alexandre  BRUGERE,  en\nquait\u00e9 de Pr\u00e9fet des Hauts-de-Seine\narr\u00e9t\u00e9  interminist\u00e9riel du  12  ao\u00fbt  2025  nommant  Monsieur  Fabrice  MASI,  Directeur\nr\u00e9gionalet interd\u00e9partemental de l'\u00e9conomie, de l'emplo, du travail ot des solidarit\u00e9s d'le-\nde-France \u00e0 compter du  25  ao\u00fbt  2025\nVu  l'rr\u00e9t\u00e9 pr\u00e9fectoral n\u00b02025-33  du  22  ao\u00fbt  2025  par  lequel le Pr\u00e9fet  des  Hauts-de-Seine\n'd\u00e9l\u00e8gue  sa  signature  \u00e0 Monsieur  Fabrice  MASI,  Directeur  r\u00e9gional  et nterd\u00e9partemental\n'de l'\u00e9conomie, de l'emploi, du  traval et des  solidarit\u00e9s d'\u00eele-de-France ;\nvu\nVu  la d\u00e9cision  n\u00b0 2025-187 du  25  ao\u00fbt  2025  portant subd\u00e9l\u00e9gation de  signature  de  Monsieur\nFabrice  MASI,  Directeur  r\u00e9gional  et interd\u00e9partemental  de  \u00e9conomie,  de  l'emploi, du\ntravail et des  solidarit\u00e9s d'le-de-France,  aux  agents  de  l'Unit\u00e9 d\u00e9partementale  des  Hauts-\nde-Seine  ;\nVu  la d\u00e9claration  d'activit\u00e9s de  services  \u00e0 la personne  d\u00e9pos\u00e9es  le 11 f\u00e9vrier 2026  au  nom  de\nla micro-entreprise  MACE  MELANIE  sise  17  avenue  Bontemps  \u00e0 COLOMBES  (82700)  ;\n\nApr\u00e8s  examen  du  dossier, cette demande  \u00e9tant conforme  aux  dispositions de  article L. 7232-1-\n1 du  code  du  traval le pr\u00e9sent  r\u00e9c\u00e9piss\u00e9  de  d\u00e9ciaration  d'activit\u00e9s de  services  \u00e0  la personne\nt\u00e9  enregisir\u00e9  au  nom  de  la micro-entreprise  MACE  MELANIE  sous  le num\u00e9ro  SAP  101009611.\nLes  activit\u00e9s d\u00e9clar\u00e9es  sont  les  suivantes,  \u00e0 l'exclusionde  toute autre\n\u00a9 Garde  d'enfants de  plus de  trois  ans  \u00e0  domicile ;\n+ Accompagnement  des  enfants  de  plus  de  trois  ans  dans  leurs  d\u00e9placements  en\n'dehors  de  leur  domicile  (promenades,  transports,  actes de  la vie  courante)  ;\nPrestations  relevant  du  b\u00e9n\u00e9fice  de  la r\u00e9duction  d'imp\u00f4t  pr\u00e9vue  \u00e0 l'article 199  sexdecies  du  Code\nG\u00e9n\u00e9ral  des  Imp\u00f4ts.\nLa  structure  exerce  ces  activit\u00e9s  selon  le mode  suivant  : PRESTATAIRE\nSous  r\u00e9serve  d'\u00eatre exerc\u00e9es  \u00e0 tire exclusif parle  d\u00e9clarant  (ou sous  r\u00e9serve  d'une  comptabilt\u00e9\ns\u00e9par\u00e9e  pour  les  personnes  morales  dispens\u00e9es  de  a  condition  d'activit\u00e9 exclusive)  ces  activites\n'ouvrent droit au  b\u00e9n\u00e9fice  des  dispositions  des  articles L. 7233-2  du  code  du  travall et L. 241-10\ndu  code  de  la s\u00e9curit\u00e9  sociale.\nConform\u00e9ment  aux dispositions  de  'artce R7232-19  du  code  du  travail l'organisme  d\u00e9clar\u00e9  doit\nproduire  au  moins  chaque  trimestre un  \u00e9tat \u00a2activt\u00e9  et chaque  ann\u00e9e  un  bilan quanttalf  et\nqualtatf  de  l'activit\u00e9 exerc\u00e9e  au  tire de  l'ann\u00e9e  \u00e9coul\u00e9e  ainsi qu'un  tableau  statistique annuel.\nSi l'organisme  d\u00e9clar\u00e9  comporte  plusieurs  \u00e9tablissements,  les \u00e9tats statiques  et le bilan annuel\ndlistinguent l'acthit\u00e9 exerc\u00e9e  par  chaque  \u00e9tablissement\nLe  pr\u00e9sent  r\u00e9c\u00e9piss\u00e9  prond  offt  le 11  f\u00e9vrier  2026.\nL'enregistrement  de  la d\u00e9claration  pourra \u00eatre retir\u00e9 si l'organisme  d\u00e9clar\u00e9 cosse  de remplir\nles conditions  ou  de  respecter  les obligations  mentionn\u00e9es  aux  4\u00b0,5\u00b0 et  6\u00b0  de  l'article\nR7232-17  ou  qui  m\u00e9connait  les obligations  d\u00e9finies  \u00e0 l'article R7232-19  du  code  du  travail.\nToute  modification concernant ia structure d\u00e9clar\u00e9e ou les activit\u00e9s exerc\u00e9es dovr, sous\nDeine  de  rai  de  fa d\u00e9claration, fae  Fobet  une  d\u00e9caration  modiicaive  aupr\u00e9s  de  l'Unit\u00e9\nd\u00e9partementale  des  Hauts-de-Seine\nLe  pr\u00e9sent r\u00e9c\u00e9piss\u00e9 sera publi\u00e9 au  recuel  des  acts  administratifs dela  pr\u00e9fecture des  Hauts-\nde-Seine\nFait \u00e0  Nanterre,  le 16  f\u00e9vrier  2026,\nPour  le  Pr\u00e9fet\nPar  d\u00e9l\u00e9gation  et  subd\u00e9l\u00e9gation\nLa  Responsable  du\nni\n\\&\nMariama  CONDE\n\nEE  Direction  r\u00e9glonale  et  interd\u00e9partementale\nMINIST\u00c8RE  de l'\u00e9conomie, de l'emploi,\nDU  TRAVAIL,  DE  LA SANT\u00c9,  du travailet des solidarit\u00e9s\nDES  SOLIDARIT\u00c9S\nET  DES  FAMILLES\nLy\nR\u00e9c\u00e9piss6  n\u00b02026-090  de  d\u00e9claration  d'activit\u00e9s  de  services  \u00e0 la personne\nenregistr\u00e9e  sous  le n\u00b0 SAP101025898  au nom  de  la micro-entreprise  KEBBEH\nMANCHITA  sise  1 all\u00e9e  de  Normandie  \u00e0 VILLENEUVE-LA-GARENNE  (92390)\nLE  PREFET  DES  HAUTS-DE-SEINE\nVu  la loi n\u00b0 2010-853  du  23  juilet 2010  relative aux  r\u00e9seaux  consulaires,  au  commerce et \u00e0\nl'artisanat et aux  services  (article 31);\nVu  la li  n\u00b02015-1778  du  28  d\u00e9cembre  2015  relative \u00e0 l'adaptation de  la soci\u00e9t\u00e9  au\nveilissement ;\nVu  l'article D7231:1  du  Code  du  travail\nVu  les d\u00e9crets  n\u00b0  2011-1132  et n\u00b0 2011-1133  du  20  septembre  2011  modifiant  certaines\ndispositions  du  Code  du  travail, relatives  au  ch\u00e8que  emploi-service  universel  et aux\nservices  \u00e0  la personne\nVu  le d\u00e9cretn\u00b02016-750 du 6 juin 2016  relat \u00e0  la iste des activit\u00e9s de services \u00e0 la personne\nsoumises  \u00e0 agr\u00e9ment  ou \u00e0 autorisation dans  le cadre  du  r\u00e9gime  commun  de  la d\u00e9claration  ;\n'Vu le  d\u00e9cret  du  31  octobre  2024  portant  nomination  de  Monsieur  Alexandre  BRUGERE,  en\n'qualit\u00e9 de Pr\u00e9fet des Hauts-de-Seine\nVu  Tarr\u00e9te interminist\u00e9riel du  12 ao\u00fbt  2025  nommant  Monsieur  Fabrice MASI,  Directeur\nr\u00e9gional  et  interd\u00e9partemental de l'\u00e9conomie,  de  l'emploi, du  travail et  des  solidartes dll\nde-France  \u00e0 compter  du  25  ao\u00fbt  2025  ;\nVu  Tarr\u00e9t\u00e9 pr\u00e9fectoral n'2025-33  du  22  ao\u00fbt  2025  par  lequel  le Pr\u00e9fet des  Hauts-de-Seine\nd\u00e9l\u00e8gue  sa  signature  \u00e0 Monsieur  Fabrice  MASI,  Directeur  r\u00e9gional  et interd\u00e9partemental\nde  l'\u00e9conomie, de  l'emploi, du  travailet des solidarit\u00e9s d'\u00cele-de-France;\nVu  la d\u00e9cision n\u00b0 2026-187  du  25  ao\u00fbt  2025  portant subd\u00e9l\u00e9gation  de  signature de  Monsieur\nFabrice  MASI,  Directeur  r\u00e9gional  et interd\u00e9partemental  de  l'\u00e9conomie, de  l'emploi, du\ntravail et des  soldari\u00e9s  d'le-de-France,  aux  agents  de  l'Unit\u00e9 d\u00e9partementale  des  Hauts.\nde-Seine  ;\nVu  la d\u00e9claration  d'activit\u00e9s de  services \u00e0 la personne  d\u00e9pos\u00e9es  le 12  f\u00e9vrier 2026  au  nom  de\nla micro-entreprise  KEBBEH  MANCHITA  sise  1 all\u00e9e de  Normandie \u00e0 VILLENEUVE-LA-\nGARENNE  (82390)\n\nApr\u00e8s examen  du dossier, cette demande  \u00e9tant conforme aux dispositions de FartcieL. 7232-\n1 du  code  du  traval, le pr\u00e9sent  r\u00e9c\u00e9piss\u00e9  de  d\u00e9ciaration  d'activit\u00e9s  de  services  \u00e0  la personne  a\n\u00e9t\u00e9 enregistr\u00e9  au  nom  de  la micro-entreprise  KEBBEH  MANCHITA  sous  le num\u00e9ro  SAP\n101025898,\nLes  activites d\u00e9clar\u00e9es  sont  les  suivantes,  \u00e0  l'exclusion de toute  autre\nEntretien  de  la maison et travaux  m\u00e9nagers\n= Garde  d'enfants  de  plus  de  trois  ans  \u00e0  domicile\n= Accompagnement  des  enfants  de  plus  de  trois  ans  dans  leurs  d\u00e9placements  en\ndehors  de  leur  domicile  (promenades,  transports,  actes  de  la vie courante)  ;\nPrestations relevant du  b\u00e9n\u00e9fice  de  la r\u00e9duction  d'imp\u00f4t  pr\u00e9vue \u00e0 article 199 sexdecies du  Code\n(G\u00e9n\u00e9ral des  Imp\u00f4ts.\nLa  structure  exerce  ces  activit\u00e9s  selon  le mode  suivant  : PRESTATAIRE\n'Sous  r\u00e9serve  d'\u00eatre exerc\u00e9es  \u00e0 tire exclusif par  le d\u00e9clarant  (ou  sous  r\u00e9serve  d'une  comptabilt\u00e9\ns\u00e9par\u00e9e  pour  les personnes  morales  dispens\u00e9es  de  la condition  d'actt\u00e9  exclusive), ces  activites\nouvrent  droit au  b\u00e9n\u00e9fice des  dispositions des  articles L. 7233-2  du  code  du  travail et L. 241-10\ndu  code  de  la s\u00e9curit\u00e9  sociale.\nConform\u00e9ment  aux  dispositions  de  l'article R7232-19  du  code  du  traval,Forganisme  d\u00e9clar\u00e9  doit\nproduire au  moins  chaque  timestre  un  \u00e9tat d'activit\u00e9 et chaque ann\u00e9e  un  bilan quandtatf et\nqualtatf  de  active  exerc\u00e9e  au  tire  de  l'ann\u00e9e  \u00e9coul\u00e9e  ainsi  qu'un  tableau  statistique  annuel.\nl'organisme  d\u00e9clar\u00e9  comporte  plusieurs  \u00e9tablissements,  les  \u00e9tats  statistiques  et  le bilan  annuel\ndlstinguent  l'activit\u00e9 exerc\u00e9e  par  chaque  \u00e9tablissement.\nLe  pr\u00e9sent  r\u00e9c\u00e9piss\u00e9  prend  effet le 12  f\u00e9vrier  2026.\nL'enregistrement  de  la d\u00e9claration  pourra \u00eatre  retir\u00e9 si l'organisme  d\u00e9clar\u00e9  cesse de  remplir\nles conditions  ou  de respecter  les obligations  mentionn\u00e9es  aux  4\u00b0,5\" et 6  de  l'article\nR7232-17  ou  qui  m\u00e9connalt  les obligations  d\u00e9finies  \u00e0 l'article R7232-19 du  code du  travail.\nd\u00e9claration, faire Fobjet  d'une  d\u00e9claration  moafialve  aupr\u00e9s  de  TUnte\n'd\u00e9partementale  des  Hauts-de-Seine\nLe  pr\u00e9sent  r\u00e9c\u00e9piss\u00e9  sera  pubi\u00e9  au  recueil  des  actes  administratifs de  La pr\u00e9fecture  d\nde-Seine.\nHauts\nFait  \u00e0 Nanterre, le 16 f\u00e9vrier 2026.\nPour  le Pr\u00e9fet\nPar  d\u00e9l\u00e9gation  ot subd\u00e9l\u00e9gation\nLa  Responsable  du  service\nD\u00e9veloppement  de  l'emploi  et des\ncomp\u00e9tences\nMariama  CONDE\n\n=n  Direction  r\u00e9gonals  at  intrddpartemontale\nde  l'\u00e9conomie,  de  lempioi\nDUTRAVAIL, DE LA SANT\u00c9, du tava des solidartes\nDES  SOLIDARIT\u00c9S\nET  DES  FAMILLES\nur\nR\u00e9c\u00e9piss\u00e9  n\u00b02026-091  de  d\u00e9claration  d'activit\u00e9s  de  services  \u00e0  la personne\nenregistr\u00e9e  sous  le n\u00b0  SAP101190544  au  nom  de  la micro-entreprise  DIBAGA\nJangume  sise  2  Rue  des  Mouillebooufs  \u00e0  SCEAUX  (92330)\nLE  PREFET  DES  HAUTS-DE-SEINE\nVu  la loi n\u00b0  2010-853 du  23  jullet 2010  relative aux  r\u00e9seaux  consulaires,  au  commerce  et \u00e0\nl'artisanat  et aux  services  (article 31)  ;\nVu  la loi n\u00b020151776  du  28  d\u00e9cembre  2015  relative  \u00e0  adaptation  de  la soci\u00e9t\u00e9  au\nviellissement\nVu  l'aricie  D7231-1  du  Code  du  travail;\nVu  les  d\u00e9crets  n\u00b0  2011-1132  et n\u00b0  2011-1133  du  20  septembre  2011  modifant  certaines\ndispostions  du  Code  du  travail, relatives  au  ch\u00e8que  emplo-service  universel  et  aux\n'sorvices \u00e0 la personne  ;\nVu  le d\u00e9cret  n\u00b02016750  du  6  jun  2016  relatif\u00e0 la liste des  activit\u00e9s  de  services  \u00e0 la personne\nsoumises & agr\u00e9ment  ou  \u00e0 autorisation  dans le cadre  du  r\u00e9gime  commun  de  la d\u00e9claration  ;\nVu  le d\u00e9cret  du  31  octobre  2024  portant  nomination  de  Monsieur  Alexandre  BRUGERE,  en\nquait\u00e9  de  Pr\u00e9fet  des  Hauts-de-Seine  ;\nVu  l'ar\u00e8t\u00e9  interminist\u00e9riel  du  12  ao\u00fbt  2025  nommant  Monsieur  Fabrice  MASI,  Directeur\nr\u00e9gional et interd\u00e9partemental de l'\u00e9conomie, de l'emploi du traval et des soldart\u00e9s d'le-\nde-France \u00e0 compter  du 25  ao\u00fbt  2025  ;\nVu  Farr\u00e9t\u00e9  pr\u00e9fectoral n\u00b02025-33  du  22  ao\u00fbt  2025  par  lequel  le Pr\u00e9fet  des  Hauts-de-Seine\nd\u00e9l\u00e8gue  sa  signature  \u00e0 Monsieur  Fabrice  MASI,  Directeur  r\u00e9gional  et inerd\u00e9partemental\nde  F\u00e9conomie,  de  l'emploi, du  travail et des  solidant\u00e9s d'\u00cele-de-France\nVu  la d\u00e9cision  n\u00b0  2025-187  du  25  ao\u00fbt  2025  portant  subd\u00e9l\u00e9gation  de  signature  de  Monsieur\nFabrice  MASI,  Directeur  r\u00e9gional  et interd\u00e9partemental  de  l'\u00e9conomie,  de  l'emploi, du\naval et des solidart\u00e9s  d'l-de-France,  aux  agents  de  l'Unit\u00e9 d\u00e9partementale  des  Hauts-\nde-Seine  ;\nVu  la d\u00e9claration  d'actit\u00e9s  de services  \u00e0 la personne  d\u00e9pos\u00e9es  le 13  f\u00e9vrier  2026  au  nom  de\nla micro-entreprise  DIBAGA  Jangume  sise  2 Rue  des  Moulleboeuts  \u00e0 SCEAUX  (82330)  ;\n\n{Apr\u00e8s  examen du  dossier, cette demande  \u00e9tant conforme  aux  dispositions  de  l'article L. 7232-1-\n1 du  code  du travail. le pr\u00e9sent  r\u00e9c\u00e9piss\u00e9 de d\u00e9claration d activit\u00e9s de  services \u00e0 la personne a\n\u00e9t\u00e9  enregistr\u00e9  au  nom  de  la micro-entreprise  DIBAGA  Jangume  sous  le num\u00e9ro  SAP\n101190544,\nLes  activit\u00e9s  d\u00e9clar\u00e9es  sont  les  suivantes,  \u00e0  l'exclusion  de  toute  autre\n+ Garde  d'enfants  de  plus  de  trois  ans  \u00e0 domicile  ;\nPrestations relevant du  b\u00e9n\u00e9fice de  la r\u00e9duction d'imp\u00f4t pr\u00e9vue  \u00e0 Varticle 199  sexdecies  du  Code\nG\u00e9n\u00e9ral  des  Imp\u00f4ts.\nLa  structure  exerce  ces  activit\u00e9s  selon  le mode  suivant  : PRESTATAIRE\nSous  r\u00e9serve  d'\u00eatre exerc\u00e9es  \u00e0 titre exclusif parle  d\u00e9clarant  (ou sous  r\u00e9serve  d'une  comptabilit\u00e9\n's\u00e9par\u00e9e  pour  les  personnes  morales  dispens\u00e9es  de  la condition  activit\u00e9  exclusive),  ces activites\n'ouvrent droit au  b\u00e9n\u00e9fice des  dispositions des  articles L. 7233-2  du  code  du  travail et L. 241-10\ndu  code  de  la s\u00e9curit\u00e9  sociale\nConform\u00e9ment  aux  dispositions  de  l'article R7232-19  du  code  du  travail, organisme  d\u00e9clar\u00e9  doit\nproduire au moins chaque trmestre un \u00e9tat d'actvil\u00e9 et chaque  ann\u00e9e  un bilan quantiatt et\nqualtatf  de  l'activit\u00e9 exerc\u00e9e  autire de  l'ann\u00e9e \u00e9coul\u00e9e  ainsi qu'un  tableau  statistique annuel.\nSi l'organisme d\u00e9clar\u00e9  comporte  plusieurs  \u00e9tablissements,  les \u00e9tats statistiques et le bilan annuel\ndistinguent  Factivt\u00e9  exerc\u00e9e  par  chaque  \u00e9tablissement\nLe  pr\u00e9sent  r\u00e9c\u00e9piss\u00e9  prend  effet le 13  f\u00e9vrier  2026.\nL'enrogistremont  de  la d\u00e9claration  pourra  \u00eatre  retir\u00e9 si l'organisme  d\u00e9clar\u00e9  cesse  de  remplir\nles conditions  ou  de  respecter  les obligations  mentionn\u00e9es  aux  4\u00b0,6\u00b0 et 8\u00b0 de  l'article\n723217  ou  qui  m\u00e9connalt  les  obligations  d\u00e9finies  \u00e0 l'article R7232-19  du  code  du  travail.\npeine  de  retrait de  la d\u00e9claration,  faire l'objet dune  d\u00e9claration  modifcative  aupr\u00e8s  de  Unite\nd\u00e9partementale  des  Hauts-de-Seine.\nLe  pr\u00e9sent  r\u00e9c\u00e9piss\u00e9  sera  publi\u00e9  au  recueil des  actes  administratifs de  la pr\u00e9fecture des  Hauts-\n'de-Seine.\nFait \u00e0  Nanterre,  le 16  f\u00e9vrier 2026.\nPour  le Pr\u00e9fet\nPar  d\u00e9l\u00e9gation  et  subd\u00e9l\u00e9gation\nLa  Responsable  du  service\nD\u00e9veloppement  de  l'emploi  et  des\ncomp\u00e9tences\nGA\nMarlama  CONDE\n\n=a  Direction r\u00e9gionale et interd\u00e9partementale\nMINISTERE de l'\u00e9conomie, de l'emploi,\nDU  TRAVAIL,  DE  LA  SANT\u00c9,  dutravail et des solidarit\u00e9s\nDES  SOLIDARIT\u00c9S\nET  DES  FAMILLES\nEM\nR\u00e9c\u00e9piss\u00e9  n\u00b02026-092  de  d\u00e9claration  d'activit\u00e9s  de  services  \u00e0  la personne\nenregistr\u00e9e  sous  le n\u00b0  SAP100156595  au  nom  de  la SAS  NINA  INVEST  sise  2  Rue\nDiderot  \u00e0  VANVES  (92170)\nLE  PREFET  DES  HAUTS-DE-SEINE\nVu  ia loi n\u00b0  2010-859  du  23  jullet 2010  relative  aux  r\u00e9seaux  consulaires,  au  commerce  et  \u00e0\nl'artisanat  et aux  services  (article 31)  ;\n'Vu  la loi n\u00b02015-1778  du  28  d\u00e9cembre  2015  relative  \u00e0  l'adaptation  de\nViellissement ;\nsoci\u00e9t\u00e9  au\nVu  l'article 07231-1  du  Code  du  ravall;\nVu  les  d\u00e9crets  n\u00b0  2011-1132  et n\u00b0  2011-1133  du  20  septembre  2011  modifiant  certaines\ndispositions  du  Code  du  travail, relatives  au  ch\u00e8que  emploi-service  universel  et  aux\nservices  \u00e0 a  personne  ;\nVu  le  d\u00e9crot  \"2016-750 du  6 juin 2016  reat \u00e0  la  iste des activites de  services  \u00e0 la personne\nsoumises  \u00e0  agr\u00e9ment ou  autorisation dans  le  cadre  du  r\u00e9gime  commun de  la d\u00e9claration  ;\nVu  le d\u00e9cret  du  31  octobre  2024  portant  nomination  de  Monsieur  Alexandre  BRUGERE,  en\nquait\u00e9 de Pr\u00e9fet des Hauts-de-Seine\nVu  l'ar\u00e9t\u00e9  interminist\u00e9riel du  12  ao\u00fbt  2025  nommant  Monsieur  Fabrice  MASI,  Directeur\nr\u00e9gional  et  interd\u00e9partemental de  l'\u00e9conomie,  de l'emploi,  du travail  et des  sokdarites  d'le-\nde-France  \u00e0  compter  du  25  ao\u00fbt  2025  ;\nVu  l'ar\u00e8t\u00e9 pr\u00e9fectoral n\u00b02025-33  du  22  ao\u00fbt  2025  par  lequel  le Pr\u00e9fet  des  Hauts-de-Seine\nd\u00e9l\u00e8gue  sa  signature \u00e0  Monsieur  Fabrice  MASI,  Directeur  r\u00e9gional et inerd\u00e9partemental\nde  l'\u00e9conomie, de  l'emploi, du  travail et des  solidarit\u00e9s d'\u00cele-de-France\n'Vu la d\u00e9cision  n\u00b0 2025-157  du  25 ao\u00fbt  2025  portant subd\u00e9l\u00e9gation  de  signature  de  Monsieur\nFabrice  MASI,  Directeur  r\u00e9gional  et  interd\u00e9partemental  de  l'\u00e9conomie,  de  l'emploi, du\ntravail et des  solidart\u00e9s  d'\u00cele-de-France,  aux  agents de  l'Unit\u00e9  d\u00e9partementale  des  Hauts-\nde-Sein\nVu  la d\u00e9claration dactvt\u00e9s  de  services  \u00e0 la personne  d\u00e9pos\u00e9es  le  28  janvier  2028  au  nom\ndela  SAS  NINA  INVEST  sise 2 Rue  Diderot \u00e0  VANVES  (82170) ;\n\n'Apres examen  du dossier, cette demande  \u00e9tant conforme aux dispositions de l'article L. 7232\n1 du  code  du  traval, le pr\u00e9sent  r\u00e9c\u00e9piss\u00e9  de  d\u00e9claration d activit\u00e9s de  services \u00e0 a  personne  \u00e0\n\u00e9t\u00e9  enregistr\u00e9  au  nom  de  la SAS  NINA  INVEST  sous  le num\u00e9ro  SAP  100156595.\nLes  activit\u00e9s  d\u00e9clar\u00e9es  sont  les  suivantes,  \u00e0  exclusion  de  toute  autre\n{Entretien  de  la maison  et travaux  m\u00e9nagers  ;\n'Travaux  de  petit  bricolage  dits  \u00ab  homme  toutes  mains  \u00bb ;\nPr\u00e9paration  de  repas  \u00e0 domicile,  y  compris  le temps  pass\u00e9  aux  courses  ;\nMaintenance,  entretien  et  vigilance  temporaires,  \u00e0  domicile, de  la r\u00e9sidence\nprincipale  et  secondaire  ;\nPrestations  relevant  du  b\u00e9n\u00e9fice  de  la r\u00e9duction  d'imp\u00f4t  pr\u00e9vue  \u00e0  l'article 199  sexdecies du  Code\nG\u00e9n\u00e9ral  des  Imp\u00f4ts.\nLa  structure  exerce  ces  activit\u00e9s  selon  le mode  suivant :MANDATAIRE  ET  PRESTATAIRE\nSous  r\u00e9serve  d'\u00eatre exerc\u00e9es  \u00e0 titre exclusif par  le d\u00e9clarant  (ou  sous  r\u00e9serve  d'une  comptabitt\u00e9\ns\u00e9par\u00e9e  pour  les personnes  morales  dispens\u00e9es  de  la condition activit\u00e9 exclusive), ces  activit\u00e9s\nouvrent  drot  au  b\u00e9n\u00e9fice  des  dispositions  des  articies L. 7233-2  du  code  du  travail et L 241-10\ndu  code  de  la s\u00e9curit\u00e9  sociale,\n'Conform\u00e9ment  aux  dispositions de  article R7232-19 du  code  du  traval,forganisme  d\u00e9ciar\u00e9  doit\nproduire au moins chaque timestre un \u00e9tat dacivt\u00e9  et chaque  ann\u00e9e  un bilan quanttatt et\nqualtatf de  active  exerc\u00e9e  au  titre de  l'ann\u00e9e \u00e9coul\u00e9e  ainsi qu'un  tableau statistique annuel.\nSi  l'organisme  d\u00e9clar\u00e9  comporte  plusieurs  \u00e9tablissements,  es  \u00e9tats  statistiques et le bilan annuel\ndistinguent  l'activit\u00e9 exerc\u00e9e  par  chaque  \u00e9tablissement.\nLe  pr\u00e9sent  r\u00e9c\u00e9piss\u00e9  prend  effet le 28  janvier  2026.\nL'enregistrement de la d\u00e9claration pourra \u00eatre retir\u00e9 si l'organisme  d\u00e9clar\u00e9 cesse de remplir\nles conditions  ou  de  respecter  les obligations  mentionn\u00e9es  aux 4\u00b0,5\" et 6\u00b0 de  l'article\nR7232-17  ou  qui  m\u00e9connait  les obligations  d\u00e9finies  \u00e0 l'article R7232-19 du  code  du  travail.\n'Toute modification concernant la structure d\u00e9clar\u00e9e ou les activit\u00e9s exerc\u00e9es devra, sous\nppoine de  retralt de  fa d\u00e9claration,  fare  l'objet d'une  d\u00e9claration  modificatve  aupr\u00e9s  de  FUnite\nd\u00e9partementale  des  Hauts-de-Seine.\nLe  pr\u00e9sent r\u00e9c\u00e9piss\u00e9 sera publi\u00e9 au  recuel  des  actes administratifs de la pr\u00e9fecture des  Hauts-\ndo-Seine.\nFait \u00e0 Nanterre, le 16  f\u00e9vrier 2028.\nPour  le Pr\u00e9fet\nd\u00e9l\u00e9gation  et  subd\u00e9l\u00e9gation\nLa  Responsable  du  service\nD\u00e9veloppement  de  l'emploi  et des\ncomp\u00e9tences\nMariama  CONDE\n\nEs  Direction r\u00e9gionale et interd\u00e9partementale\nMINISTERE  de l'\u00e9conomie, de l'emploi,\nDU  TRAVAIL,  DE  LA  SANT\u00c9,  du travailet des solidarit\u00e9s\nDES  SOLIDARIT\u00c9S\nET  DES  FAMILLES\nArr\u00eat\u00e9  DRIEETS-UD92  n\u00b02026-093  du  16  f\u00e9vrier  2026  portant  renouvellement  de\nl'agr\u00e9ment  SAP  887656197  \u00e0  la SAS  92  NORD  SERVICES  sise  54  Rue  Gallieni  \u00e0\nBoulogne  Billancourt  (92100)\nLE  PREFET  DES  HAUTS-DE-SEINE\nVu  la  loin'  2010-859 du  23  jullet 2010  relative aux  r\u00e9seaux  consulaires, au  commerce  et \u00e0\nl'artisanat et aux  services  (article 31);\nVu  la loi 1\u00b02018-1776  du  28  d\u00e9cembre  2015  relative  \u00e0  adaptation  de  la soci\u00e9t\u00e9  au\nveilissement ;\nVu  l'aricie 07231-1  du  Code  du  travail\nVu  les d\u00e9crets  n\u00b0 2011-1132  et n\u00b0  2011-1133  du  20  septembre  2011  modifiant  certaines\ndispositions  du  Code  du  travail, relatives  au  ch\u00e8que  emploi-service  universel  et  aux\nservices \u00e0 la personne\nVu  le d\u00e9cret  n\u00b02018750  du  6jun  2016  relatif \u00e0 la liste des  activit\u00e9s de  services  \u00e0 la personne\nsoumises  \u00e0 agr\u00e9ment ou & autorisation dans le cadre  du  r\u00e9gime  commun  de a  d\u00e9claration  ;\nVu  le d\u00e9cret  du  31  octobre  2024  portant  nomination  de  Monsieur  Alexandre  BRUGERE,  en\nqualit\u00e9 de Pr\u00e9fet des Hauts-de-Seine ;\nVu  l'arr\u00eat\u00e9 DIRECCTE-UDS2 n\u00b02021-77  du  28 f\u00e9vrier 2021  accordant  l'agr\u00e9ment  num\u00e9ro  SAP\n88786197 \u00e0 la SAS  92  NORD  SERVICES  ;\nVu  Farr\u00e9t\u00e9 interminist\u00e9riel du  12  ao\u00fbt  2025  nommant  Monsieur  Fabrice  MASI,  Directeur\nr\u00e9gional tinterd\u00e9partementalde l'\u00e9conomie, de l'emplo, du travall et dessolidarit\u00e9sd'le-\nde-France  \u00e0  compter  du  25  ao\u00fbt  2025 ;\nVu  l'ar\u00eat\u00e9 pr\u00e9fectoral n\u00b02025-33  du  22  ao\u00fbt  2025  par  lequel  le Pr\u00e9fet des  Hauts-de-Seine\nd\u00e9l\u00e8gue  sa  signature  \u00e0 Monsieur  Fabrice  MASI,  Directeur  r\u00e9gional  et interd\u00e9partemental\nde  \u00e9conomie,  de l'emploi du  travailet des solidarit\u00e9s d'le-de-France  ;\nVu  la d\u00e9cision  n\u00b0 2026-187  du  25  ao\u00fbt  2025  portant  subd\u00e9l\u00e9gation  de  signature  de  Monsieur\nFabrice  MASI,  Directeur  r\u00e9gional  et interd\u00e9partemental  de  l'\u00e9conomie,  de  l'emploi, du\ntravail et des  soldari\u00e9s  dile-de-France,  aux agents  de  l'Unit\u00e9 d\u00e9partementale  des  Hauts-\nde-Seine  :\n\nVu  la demande  de  renouvellement  d'agr\u00e9ment  d\u00e9pos\u00e9e  le 21  novembre  2025  sur  l'extranet\nNOVA  par la SAS  92  NORD  SERVICES  sise, 54  Rue  Galleni \u00e0 Boulogne-Bilancourt\n(82100), laquelle a \u00e9t\u00e9 d\u00e9clar\u00e9e complete par le service instructeur de l'Unit\u00e9\nd\u00e9partementale  des  Hauts-de-Seine  de  la DRIEETS  Ile-de-France en  date  du  12\nd\u00e9cembre  2025 ;\nVu  les demandes  compl\u00e9mentaires  adress\u00e9es  parle  service instructeur\u00e0 la SAS  92  NORD\nSERVICES  par malls des 12, 22 et 30 d\u00e9cembre  2025  ; des 26, 27 et 30 janvier; du  03 et\ndu  10 f\u00e9vrier 2026  ;\nVu  les pi\u00e8ces justifcatives accompagnant  la demande  ainsi que  les r\u00e9ponses\ncompl\u00e9mentaires  transmises  par la SAS  82  NORD  SERVCIES  par mais  des 12, 22  et 30\nd\u00e9cembre 2025 ; des 12,27 et 30 janvier; du 03 et du 10 f\u00e9vrier 2026 ;\nVu  la demande  d'avis adress\u00e9e  au  Consel  d\u00e9partemental  des  Hauts-de-Seine  (92) en  date\ndu  03  f\u00e9vrier  2026  ;\n'Vu l'avis favorable du  Conseil d\u00e9partemental  des  Hauts-de-Seine  (82) notii\u00e9 en  date du  10\nf\u00e9vrier 2026  ;\nConsid\u00e9rant que  a  SAS  92  NORD  SERVICES  dont le si\u00e8ge social est situ\u00e9 au  54  Rue\nGalleni \u00e0 Boulogne-Bilancourt  (92100)  dispose  d'un agr\u00e9ment  enregistr\u00e9\nsous  num\u00e9ro  SAP887656197  pour  exercer aupr\u00e8s  des  enfants de  moins\nde  trois ans et/ou de  moins de dix-huit ans  en  situation de  handicap  ainsi\nque  des  personnes  \u00e2g\u00e9es  et/ou personne  en situation de  handicap  sur les\nd\u00e9partements  des  Hauts-de-Seine  (92) arivant \u00e0 \u00e9ch\u00e9ance  le 26  f\u00e9vrier\n202:\nConsid\u00e9rant  que  les pl\u00e8ces  justificatives et es  r\u00e9ponses  compl\u00e9mentaires  transmises  par la\nSAS  92  NORD  SERVICES  ont \u00e9t\u00e9 d\u00e9ciar\u00e9es  conformes  au  cahier des\ncharges  pr\u00e9vu  \u00e0 l'article R.7232-6  du  Code  du  travail par le service\ninstructeur le 12  f\u00e9vrier 2026  ;\nARRETE\nARTICLE\nL'agr\u00e9ment  num\u00e9ro  SAP  687656197  de la SAS  92  NORD  SERVICES  54  Rue  Gallen! \u00e0 Boulogne\nBilan\u00e7ourt (92100)  est renouvel\u00e9  conform\u00e9ment  aux  dispostions de  l'article L 7232-1  du  Code  du\n'Travail pour  la fourniture de  services  aux  personnes.\n\nARTICLE 2\nLe  pr\u00e9sent  agr\u00e9ment  est renouvel\u00e9  pour  une  dur\u00e9e  de  5 ans,  \u00e0compter du  28  f\u00e9vrier  2026  pour\nle d\u00e9partement  des  Hauts-de-Seine  (92)\nConform\u00e9ment  aux  dispositions  de  Faticle  R7232-9  du  code  du  traval, l'organisme  agr\u00e9\u00e9  doit\nproduire au  moins  chaque  timestre  un  \u00e9tat d'activit\u00e9 et chaque  ann\u00e9e  un  bian  quanttat  et\nqualtatf  de  l'activit\u00e9 exerc\u00e9e  ainsi qu'un  tableau  statistique.\nSi  l'organisme  comporte  plusieurs  \u00e9tablissements,  les  \u00e9tats  statistiques  et  le bilan  annuel\ndistinguent  l'activit\u00e9 exerc\u00e9e par chaque  \u00e9tablissement.\nL'agr\u00e9ment  peut  \u00eatre  renouvel\u00e9  tactement.  La  demande  de  renouvellement  doi  \u00eatre  d\u00e9pos\u00e9e  au\nlus  tard trois mois  avant  le terme  de  la p\u00e9riode  d'agr\u00e9ment.\nARTICLE 3\nLa  SAS  92  NORD  SERVICES  est  agr\u00e9\u00e9e  pour  la fourniture des  services  suivants\nEn  mode  MANDATAIRE  et  PRESTATAIRE\nGarde  d'enfants  de  moins  de  trois ans  ou  de  moins  de  dix-huit ans  en  situation de\nhandicap  \u00e0  domicile  ;\n| Accompagnement  des  enfants  de  moins  de  trois ans  ou  de  moins  de  dix-huit  ans  en\nSituation de  handicap  dans  leurs d\u00e9placements  en  dehors  de  leur domicile  (promenades,\n'anspor,  actes  de la vie courante\nEn  mode  MANDATAIRE  uniquement  :\nAccompagnement  des  personnes  \u00e2g\u00e9es,  des  personnes  handicap\u00e9es  ou  a\u00efoines  de\npathologies  chroniques,  dans  leurs d\u00e9placements  en  dehors  de  leur domicile\npromenades,  aide \u00e0 la moblt\u00e9  et au transpor, actes de la ie  courante) quand  cet\naccompagnement est r\u00e9alis\u00e9 dans  le  condhons  pr\u00e9vues  aux  1  et 2\u00b0 de  l'a.  7232-8  du\ncode  du  travail:\n'Assistance  dans  les actes quotidiens  de  la vie ou  aide \u00e0insertion  sociale  aux  personnes\n9608  et  aux personnes  handicap\u00e9es  ou  a\u00efentes  de  pathologies  chroniques  qui  ont\nbesoin  do  eles  prestations  \u00e0 domicie,  quand  ces  prestations  sont  r\u00e9alis\u00e9es  dans  les\nConditions  pr\u00e9vues  aux  1\u00b0 et 2\" de  far. 7232-6 du  code  du  tava  \u00e0 exclusion  d'actes de\nsoins  relevant  d'actes m\u00e9cicaux  \u00e0  moins  quis  ne  soient  ex\u00e9cut\u00e9s  dans  les  conditions\npr\u00e9vues \u00e0 l'arlcle L1111-6-1  du  code  dela  sant\u00e9  publique  et du  d\u00e9cret  n\u00b098-426  du  27\nmal  1999  habiltantcertanes  cat\u00e9gories  de  personnes  \u00e0effectuer des  aspirations  endo-\nIracheaies\nPreston de  conduite  du  v\u00e9hicule  personnel  des  personnes  \u00e2g\u00e9es,  des personnes\nhandicap\u00e9es  ou  atteintes de  pathologies  chroniques  du  domicie  au  travall, sure  leu  d\nvacances,  pour  les  d\u00e9marches  administratives  quand  cette  prestation  est  r\u00e9alis\u00e9e  dans\nLes  conditions  pr\u00e9vues  aux  1\" et 2\" de  l'art 7232-8  du code  du  travail;\nPrestations  relevant du  b\u00e9n\u00e9fice  de  la r\u00e9duction  dimp\u00e9t  pr\u00e9vue  \u00e0  l'article 199  sexdecies  du  Code\nG\u00e9n\u00e9ral  des  Imp\u00f4ts.\nARTICLE 4\n\n'SiForganisme  envisage  de  fournir des services autres que ceux pour lesquels est  agr\u00e9\u00e9, devra\n'soliciter une  modification de  son  agr\u00e9ment. La  demande  devra  pr\u00e9ciser les modifications\n\"envisag\u00e9es et  les moyens  nouveaux  correspandants.\nToute  cr\u00e9ation d'activit\u00e9 hors  du  ou  des  d\u00e9partements  pour  lesquels l'organisme est agr\u00e9\u00e9  devra\n{aire l'objet d'une  demande  d'extension aupr\u00e8s du Pr\u00e9fet des  Hauts-de-Seine. Elle donnera  lieu \u00e0\nune  modification  du  pr\u00e9sent  arr\u00e9t\u00e9.\nARTICLE 5\nConform\u00e9ment  aux  dispostions  de  article R7232-12  du  code  du  travail, le pr\u00e9sent agr\u00e9ment\npourra\u00eatre retr\u00e9 si l'organisme agr\u00e9\u00e9\n'+ Cesse  de  remplr  les conditions ou de respecter les obligations mentionn\u00e9es  aux  articles\nR  73324  \u00e0  R  7232-9  du  code  de  travail,\n1+ Ne  respecte pas les dispostions l\u00e9gales relatives \u00e0 la sant\u00e9  et a la s\u00e9curit\u00e9 au travail\n'= Exerce  des  activit\u00e9s autres  que  celles d\u00e9clar\u00e9es  dans  la demande  d'agr\u00e9ment.\n'+ Ne  transmet  pas  au  Pr\u00e9fet comp\u00e9tent,  avant a  fn  du  premier  semestre  de  l'ann\u00e9e, le bilan\n'qualtatf et quanttatf  de  Factvte  exerc\u00e9e  au  ttre de  l'ann\u00e9e \u00e9coul\u00e9e.\nARTICLES\nLa  Directrice de  l'Unit\u00e9 d\u00e9partementale  des  Hauts-de-Seine  de  la DRIEETS  le-de-France, est\n\"charg\u00e9e de l'applcation du  pr\u00e9sent arr\u00e9t\u00e9 qui sera publ\u00e9  au  recueil des Actes Administra\u00effs de\nla Pr\u00e9fecture  des  Hauts-de-Seine.\nFait \u00e0  Nanterre,  le 16  f\u00e9vrier 2026,\nPour  le Pr\u00e9fet\nPar  d\u00e9l\u00e9gation  ot subd\u00e9l\u00e9gation\nLa  Responsable  du  service\nD\u00e9veloppement  de  l'emploi et des\ncoms ar\nMariam CONDI\n\nEx  Direction r\u00e9gionaleet interd\u00e9partementale\nMINIST\u00c8RE de l'\u00e9conomie, de l'emploi,\nDU  TRAVAIL,  DE  LA  SANT\u00c9,  du travail et des solidarit\u00e9s\nDES  SOLIDARIT\u00c9S\nET  DES  FAMILLES\n=\nR\u00e9c\u00e9piss\u00e9  n\u00b02026-094  de  d\u00e9claration  modificative  d'activit\u00e9s  de services  \u00e0 la\npersonne  enregistr\u00e9e sous  le n\u00b0 SAP687656197  au nom  de la SAS  92 NORD\nSERVICES  sise  54  Rue  Gallieni \u00e0  Boulogne-Billancourt  (92100)\nLE  PREFET  DES  HAUTS-DE  SEINE\n'Vu la oi  n\u00b0  2010-853  du  23  juilet 2010  relative aux  r\u00e9seaux  consulaires, au  commerce et  \u00e0\nl'artisanat et aux  services  (article 31);\nVu  la loi 1\u00b02015-1778  du  28  d\u00e9cembre  2015  relative \u00e0 l'adaptation de  la soci\u00e9t\u00e9  au\nviellissement ;\nVu  l'aricle 07231-1  du  Code  du  travail;\nVu  les d\u00e9crets  n\u00b0 2011-1132  et n\u00b0  2011-1133  du  20  septembre  2011  modifiant  certaines\ndisposiions  du  Code  du  travail, relatives au  ch\u00e8que  emploi-service  universel  et aux\n'services  \u00e0  la personne\nVu  le d\u00e9cret  n\u00b02018750  du  8 juin 2016  relatif \u00e0 la liste des activites de  services \u00e0 la personne\nsoumises  \u00e0 agr\u00e9ment  ou  \u00e0 autorisation  dans  le cadre  du  r\u00e9gime  commun  de la d\u00e9claration  ;\nVu  le d\u00e9cret  du  31  octobre  2024  portant  nomination  de  Monsieur  Alexandre  BRUGERE,  en\nqualit\u00e9 de  Pr\u00e9fet des  Hauts-de-Seine  ;\nVu  l'arrbt\u00e9 n\u00b02021-10  du  27  septembre  2021  \u00e9mis  par  le Conseil  d\u00e9partemental  des  Hauts-\nde-Seine  (92) autorisant  la SAS  820  NORD  SERVICES  \u00e0  exercer  les activit\u00e9s en  lien avec\nles personnes  \u00e2g\u00e9es  e/ou  en  situation de  handicap  en  mode  PRESTATAIRE  sur un\nP\u00e9rim\u00e8tre  g\u00e9ographique  restreint dans  le d\u00e9partement  des  Hauts-de-Seine  (82) ;\nVu  l'arr\u00eat\u00e9 interminist\u00e9riel du  12  ao\u00fbt  2025  nommant  Monsieur  Fabrice  MASI,  Directeur\nr\u00e9gionalet interd\u00e9partemental de  l'\u00e9conomie, de l'emploi, du  travail et des solidarit\u00e9sdle\nde-France  \u00e0  compter  du  25  ao\u00fbt  2025  ;\nVu  l'arr\u00eat\u00e9 pr\u00e9fectoral n\u00b02025-33  du  22  ao\u00fbt  2025  par  lequel  le Pr\u00e9fet des  Hauts-de-Seine\nd\u00e9l\u00e8gue  sa  signature  \u00e0  Monsieur  Fabrice  MASI,  Directeur  r\u00e9gional  et iterd\u00e9partemental\nde l'\u00e9conomie, de l'emploi, du travail et des solidarit\u00e9s d'le-de-France ;\nVu  la d\u00e9cision  n\u00b0  2025-157  du  25  ao\u00fbt  2025  portant  subd\u00e9l\u00e9gation  de  signature  de  Monsieur\nFabrice  MASI,  Directeur  r\u00e9gional  et interd\u00e9partemental  de  l'\u00e9conomie,  de  l'emploi, du\n\ntravail et des  solidarit\u00e9s d'le-de-France, aux  agents  de  l'Unit\u00e9 d\u00e9partementale  des  Hauts-\nde-Seine  ;\nVu  l'ar\u00eat\u00e9 DRIEETS-UDS2  n\u00b02026093  du  16  f\u00e9vrier 2026  renouvelant  l'agr\u00e9ment  num\u00e9ro\nSAP  887656197  au  nom  de  la SAS  82  NORD  SERVICES  ;\nVu  le r\u00e9c\u00e9piss\u00e9  de  d\u00e9claration  n\u00b02021-078  du  26  f\u00e9vrier 2021  de  services  \u00e0 la personne\nenregistr\u00e9 sous  le num\u00e9ro  SAP887856197  au  nom  de  la SAS  82  NORD  SERVICES\nVu  la demande  de modificationde la d\u00e9claration d'activit\u00e9s de services \u00e0 la personne d\u00e9pos\u00e9e\nle 16  f\u00e9vrier 2028  aupr\u00e8s  de  l'Unit\u00e9 d\u00e9partementale  des  Hauts-de-Seine de la DRIEETS.\nle 21  novembre  2025  ;\nConsid\u00e9rant  que  a  pr\u00e9sente  modification  vise  \u00e0 indure  les activit\u00e9s relevant  de  l'autorisation\nes! due  au  renouvellement  de  l'agr\u00e9ment  SAP  887656197  de  la SARL  AB\nSENIORS  SERVICES  et \u00e0  faire sulle au  renouvellement  de  l'agr\u00e9ment\n'SAPB87656197  de  la SAS  92  NORD  SERVICES  ;\nle dossier  est  conforme  aux  dispositions  de  article L.7232-1-1  du  Code  du\ntravail\nLe  r\u00e9c\u00e9piss\u00e9 de d\u00e9claration n\u00b02021-078  du 26 f\u00e9vrier 2021 enregistr\u00e9 au nom de a  SAS  92 NORD\nSERVICES  est ainsi modifi\u00e9\nEntretien de  ia maison  et travaux  m\u00e9nagers ;\n= Petits travaux  de  jardinage, y compris  les travaux  de  d\u00e9broussailage\n= Travaux de  petit  bricolage  dits \u00ab homme toutes  mains  \u00bb ;\n= Garde  d'enfants de plus detrois ans \u00e0 domicile;\n= Soins  desth\u00e9tiques  \u00e0 domicile pour  les personnes  d\u00e9pendantes ;\n= Pr\u00e9paration de repas  \u00e0  domicile, y compris  le temps  pass\u00e9  aux  courses  ;\nLivraison  de  repas  \u00e0  domicile;\nCollecte et  ivraison  \u00e0 domicile  de  linge repass\u00e9  ;\nLivraison  de  courses  \u00e0  domicile;\n'Assistance  informatique  \u00e0 domicile;\nSoins  et promenades  d'animaux  de  compag\ntoilettage, pour  les personnes  d\u00e9pendant\n= Maintenance,  entretien et  vigilance temporaires,  \u00e0 domicile, de  la r\u00e9sidence  principale et\nsecondaire  ;\n= Assistance  administrative  \u00e0  domici\nAccompagnement des enfants  de  plus  de trois ans  dans leurs d\u00e9placements en  dehors  de\nexception  des  soins  v\u00e9t\u00e9rinaires et du\nleur  domicile  (promenades,  transports, actes  de  la ie  courante);\n+ T\u00e9l\u00e9assistance  et  visio-assistance  ;\ninterpr\u00e8te  en  langue  des  signes,  technicien  de  l'\u00e9crit et codeur  en  langage  parl\u00e9 et\ncompl\u00e9t\u00e9 ;\n= Preslation  de  conduite  du  v\u00e9hicule  personnel  des  personnes  temporairement\nd\u00e9pendantes  autres  que  personnes  \u00e2g\u00e9es,  handicap\u00e9es  ou  atleintes de  pathologies\nchroniques, du  domicile au  traval, sur le lieu de  vacances,  pour  les d\u00e9marches\nadministratives ;\n\n= Accompagnement  des  personnes  temporairement  d\u00e9pendantes  autres  que  personnes\nAg\u00e9es,  handicap\u00e9es  ou  atteintes de  pathologies  chroniques,  dans  leurs d\u00e9placements en\ndehors  de  leur  domicie  (promenades,  aide  \u00e0  la mobilt\u00e9  et  au  transport,  actes  de  la vie\ncourante)\n~ Assistance  aux  personnes  autres  que  personnes  \u00e2g\u00e9es,  handicap\u00e9es  ou  atteintes de\npathologies  chroniques  qui  ont  besoin  temporairement  d'une  aide  personnelle  \u00e0  leur\ndomicile, \u00e0  l'exclusion des  soins  relevant  d'actes  m\u00e9dicaux\n= Accompagnement  des  personnes  \u00e2g\u00e9es,  des  personnes  handicap\u00e9es  ou  atteintes  de\npathologies chroniques, dans leurs d\u00e9placements en dehors de leur domicile\n(promenades, aide \u00e0 la mobilt\u00e9 et au transpor, actes de la vie courante) quand  cet\naccompagnement  est  r\u00e9alis\u00e9  dans  les  conditions  pr\u00e9vues  aux  1\u00b0  et  2\u00b0  de  l'art. 7232-6  du\ncode  du  traval;\n= _  Assistance  dans  les  actes  quotidiens  de  la  vie  ou  aide  \u00e0 l'insertion  sociale  aux  personnes\n\u00e2g\u00e9es  et aux  personnes  handicap\u00e9es  ou  atteintes de  pathologies  chroniques  qui ont\nbesoin de  teles  prestations  \u00e0 domicile, quand  ces  prestations  sont  r\u00e9alis\u00e9es  dans  les\n'conditions  pr\u00e9vues aux 1\u00b0 et 2\u00b0  de  l'art. 7232-6 du  code  du  travail, \u00e0 l'exclusion d'actes  de\nsoins  relevant  d'actes  m\u00e9dicaux  \u00e0  moins  qu'ils ne  soient  ex\u00e9cut\u00e9s  dans  les  conditions\npr\u00e9vues  \u00e0 l'ricie L1111-6-1  du  code  de  la sant\u00e9  publique  et du  d\u00e9cret  n\u00b099-426  du  27\n'mai 1989  habiltant  certaines  cat\u00e9gories de  personnes  \u00e0  effectuer des  aspirations endo-\ntrach\u00e9ales\nPrestation  de  conduite  du  v\u00e9hicule  personnel  des  personnes  \u00e2g\u00e9es,  des  personnes\nhandicap\u00e9es  ou  atteintes de  pathologies  chroniques  du  domicile  au  travail, sur  le leu  de\nvacances,  pour  les  d\u00e9marches  administratives  quand  cette  prestation  est  r\u00e9alis\u00e9e  dans\nLes conditions  pr\u00e9vues  aux  1\u00b0 et 2\u00b0 de  Fart. 7232-8  du  code  du  travail ;\n= Garde  d'enfants  de  mains  de  trois ans  ou  de  moins  de  dix-hul  ans  en  situation  de  handicap  \u00e0\ndomicile;\n= Accompagnement  des  enfants  de  moins  de  trois  ans  ou  de  moins  de  dx-huit  ans  en  situation\nde  handicap  dans leurs  d\u00e9placements  en  dehors  de  leur  domicile  (promenades, transport,  actes\nde  la vie courante  ;\ni Fr mi TAIRE 8\nHauts-de-Seine (821:\n+ Accompagnement  des  personnes  \u00e2g\u00e9es,  des  personnes  handicap\u00e9es  ou  atteintes de\npathologies chroniques, dans  leurs d\u00e9placements  en  dehors  de  leur domicile\n(promenades,  aide \u00e0 la moblt\u00e9  et au  transport, actes  de  la vie courante) quand  cet\n'accompagnement est r\u00e9alis\u00e9 dans  les conditions  pr\u00e9vues  aux  1\u00b0 et 2\u00b0 de  l'a. 7232-6  du\n'code  du  travail\n= Assistance  dans  les actes  quotidiens  de  la vie ou  ade  \u00e0  insertion  sociale  aux  personnes\n\u00e2g\u00e9es  et aux  personnes  handicap\u00e9es  ou  atteintes de  pathologies chroniques  qui ont\n\nbesoin  de  tels  prestations  \u00e0 domicile, quand  ces  prestations  sont  r\u00e9alis\u00e9es  dans  les\n'conditions pr\u00e9vues  aux  1\u00b0 et 2\u00b0  de  fart. 7232-6  du  code  du  travail \u00e0  l'exclusion d'actes  de\nsoins relevant d'actes m\u00e9dicaux  \u00e0 moins  quils ne  soient ex\u00e9cut\u00e9s  dans  les conditions\npr\u00e9vues \u00e0 article L1111-6-1 du code de la sant\u00e9 publique et du d\u00e9cret n\u00b099-426 du 27\nmai  1999  habiltant  certaines  cat\u00e9gories  de  personnes  \u00e0 effectuer des aspirations  endo-\ntrach\u00e9aes  |\n= Prestation  de  conduite  du  v\u00e9hicule  personnel  des  personnes  \u00e2g\u00e9es,  des  personnes\nhandicap\u00e9es  ou  atteintes de  pathologies  chroniques  du  domicile  au  traval, sur  le  leu  de\n'vacances, pour  les d\u00e9marches  administratives quand  cette prestation est r\u00e9alis\u00e9e dans\nLes conditions  pr\u00e9vues  aux  1\u00b0 et 2\u00b0 de  Fart. 7232-6  du  code  du  travail\nPrestations relevant du  b\u00e9n\u00e9fice dela  r\u00e9duction d'imp\u00f4t pr\u00e9vue  \u00e0 Farce  199  sexdecies  du  Code\nG\u00e9n\u00e9ral  des  impots\nSous  r\u00e9serve d'tre  exerc\u00e9es  \u00e0  ttre exclus par le d\u00e9clarant (ou sous  r\u00e9serve d'une  comptabilit\u00e9\ns\u00e9par\u00e9e  pour  les personnes  morales  dispens\u00e9es  de  la condition  d'actvi\u00e9  exclusive), ces  activites\nouvrent droit au  b\u00e9n\u00e9fice des dispositions des articles |. 7233-2  du  code  du  travail et L. 241-10\n'du code  de  ia s\u00e9curit\u00e9 sociale.\nConform\u00e9ment  aux  dispositions de  l'article R7232-19  du  code  du  traval, l'organisme d\u00e9ciar\u00e9 doit\nproduire au  moins  chaque  trimestre un  \u00e9tat d'activit\u00e9 et chaque  ann\u00e9e  un  bilan quanttatf et\n'qualita de  Factvite exerc\u00e9e  au  tre  de  l'ann\u00e9e \u00e9coul\u00e9e  ainsi qu'un tableau statistique annuel\nSi l'organisme  d\u00e9clar\u00e9  comporte  plusieurs  \u00e9tablissements,  les \u00e9tats statistiques et le bilan annuel\ndistinguent  l'activit\u00e9 exerc\u00e9e  par  chaque  \u00e9tablissement,\nL'enregistrement de  la  d\u00e9claration  pourra \u00eatre rotir\u00e9 si l'organisme  d\u00e9clar\u00e9  cesse de  rempl\nles conditions  ou  de  respecter  les obligations  mentionn\u00e9es  aux  4\".5\u00b0 at 6\u00b0 de  Tart\nR7232-17 ou  qui  m\u00e9connait les obligations  d\u00e9finies  \u00e0 article  R7232-1\npeine  de  retrat de  a  d\u00e9claration, fae  lobe  dune  d\u00e9claration modeste  aupr\u00e9s  de  FUnit\u00e9\n'd\u00e9partementae des  Hauts-de-Seine,\nLe  pr\u00e9sent  r\u00e9c\u00e9piss\u00e9  sera  publi\u00e9  au  recuell des  actes  administratfs  de la pr\u00e9fecture  des  Hauts-\nde-Seine.\nFait\u00e0  Nanterre, le 16 f\u00e9vrier 2026,\nPour le Pr\u00e9fet\nPar d\u00e9l\u00e9gation et subd\u00e9l\u00e9gation\nLa Responsable du  service\nD\u00e9veloppement  de  'empo  des\n=\n\nEu  Direction  r\u00e9gionale et  interd\u00e9partementale\nMINIST\u00c8RE  de l'\u00e9conomie, de l'emploi,\nDU  TRAVAIL,  DE  LA  SANT\u00c9,  du travail et des solidarit\u00e9s\nDES  SOLIDARIT\u00c9S\nET  DES  FAMILLES\nA\nR\u00e9c\u00e9piss\u00e9  n\u00b02026-097  de  d\u00e9claration  d'activit\u00e9s de  services  \u00e0  la personne\nenregistr\u00e9e  sous  le n\u00b0  SAP940260284  au  nom  de  l'EURL  ADOMNET  sise  30  Rue\nMontaigne  \u00e0  ASNIERES-SUR-SEINE  (92600)\nLE  PREFET  DES  HAUTS-DE-SEINE\nVu  la loi n\u00b0 2010-853  du  23  jullet 2010  relative aux  r\u00e9seaux  consulaires, au  commerce  et \u00e0\nl'aisanat et aux  services (article 31) ;\nVu  la loi n\u00b02015-1778  du  28  d\u00e9cembre  2015  relative \u00e0 l'adaptation de  la soci\u00e9t\u00e9  au\nVielissement\nVu  l'article 07231-1  du  Code  du  travail\nVu  les d\u00e9crets  n\u00b0 2011-1132  et n\u00b0 2011-1133  du  20  septembre  2011  modifant  certaines\ndispostions  du  Code  du  travail, relatives au  ch\u00e8que  emploi-service  universel  et aux\nservices  \u00e0 la personne ;\nVu  le d\u00e9crotn\u00b02016-750  du  juin 2016  rot  la ste  des  activit\u00e9s de  services  \u00e0 la personne\nsoumis \u00e0 agr\u00e9ment  ou  \u00e0 autorisation  dans le cadre  du  r\u00e9gime  commun  de la d\u00e9claration\nVu  le d\u00e9cret  du  31  octobre  2024  portant  nomination  de  Monsieur  Alexandre  BRUGERE,  en\n'qualit\u00e9 de  Pr\u00e9fet des  Hauts-de-Seine\nVu  l'\u00e9t\u00e9  interminist\u00e9riel du  12  ao\u00fbt  2025  nommant  Monsieur  Fabrice  MASI,  Directeur\nr\u00e9gional  et  interd\u00e9partemental  de  l'\u00e9conomie,  de  l'emploi, du  travail et  des  solidarit\u00e9s  d'le-\n'de-France \u00e0 compter  du 25  ao\u00fbt  2025  ;\nVu  l'arr\u00eat\u00e9 pr\u00e9fectoral n\u00b02025-33  du  22  ao\u00fbt 2025  par  lequel le Pr\u00e9fet des  Hauts-de-Seine\nd\u00e9l\u00e8gue  sa  signature  \u00e0  Monsieur  Fabrice  MASI,  Directeur  r\u00e9gional  et interd\u00e9partemental\nde l'\u00e9conomie, de l'emploi du travail et des solidarit\u00e9s d'\u00cele-de-France\nVu  la d\u00e9cision  n\u00b0 2025-187  du  25  ao\u00fbt  2025  portant  subd\u00e9l\u00e9gation  de  signature  de  Monsieur\nFabrice  MASI,  Directeur  r\u00e9gional  et  interd\u00e9partemental  de  l'\u00e9conomie,  de  l'emploi, du\ntravail et des  solidarit\u00e9s dle-de-France,  aux  agents  de  l'Unit\u00e9 d\u00e9partementale  des  Hauts-\nde-Seine  ;\nVu  la d\u00e9claration  d'activit\u00e9s de  services  \u00e0 la personne  d\u00e9pos\u00e9es  le 29  janvier  2026  au  nom\n'de lEURL  ADOMNET  sise  30  Rue  Montaigne  \u00e0 ASNIERES-SUR-SEINE  (92600);\n\nApr\u00e8s  examen  du  dossier, cette demande  \u00e9tant  conforme  aux  dispositions  de  l'article L. 7232-1-\n1 du  code  du  traval, le pr\u00e9sent  r\u00e9c\u00e9piss\u00e9  de  d\u00e9claration  activit\u00e9s  de  services  \u00e0 la personne  a\n\u00e9t\u00e9  enregistr\u00e9  au  nom  de  lEURL  ADOMNET  sous  le num\u00e9ro  SAP  940260284,\nLes  activit\u00e9s d\u00e9clar\u00e9es  sont  les suivantes,  \u00e0 l'exclusion de  toute  autre\nEntretien de  la  maison et  travaux  m\u00e9nagers  ;\n= Garde  d'enfants  de  plus  de  trois  ans  \u00e0  domicile;\nMaintenance,  entretien  et vigilance  temporaires,  \u00e0 domicile,  de  la r\u00e9sidence\nprincipale  et  secondaire  ;\nAccompagnement  des  enfants  de  plus  de  trois ans  dans lours  d\u00e9placements  en\ndehors  de  leur  domicile  (promenades,  transports,  actes  de  la vie courante ;\nPrestations  relevant  du  b\u00e9n\u00e9fice de la r\u00e9duction  d'imp\u00f4t  pr\u00e9vue \u00e0 Varticle 199  sexdecies  du  Code\nG\u00e9n\u00e9ral  des  Imp\u00f4ts.\nLa  structure  exerce  ces  activit\u00e9s  solon  le mode  suivant  : MANDATAIRE  ET  PRESTATAIRE\nSous  r\u00e9serve  d'\u00eatre exerc\u00e9es  ttre exclusif parle  d\u00e9clarant  (ou  sous  r\u00e9serve  d'une  comptabilit\u00e9\ns\u00e9par\u00e9e  pour  les personnes  morales  dispens\u00e9es de  la condition  d'activit\u00e9 exclusive)  ces  actvit\u00e9s\nouvrent  drot  au  b\u00e9n\u00e9fice  des  dispositions  des  artcies  L. 7233-2  du  code du  travall et L. 241-10\ndu  code  de  a  s\u00e9curit\u00e9  sociale.\nConform\u00e9ment  aux  dispositions  de  l'article R7232-19  du  code  du  travail l'organisme  d\u00e9ciar\u00e9  doit\nproduire  au  moins  chaque  trimestre  un  \u00e9tat d'activit\u00e9 et chaque  ann\u00e9e  un  bilan quantitatif et\nqualtatf de 'actvit\u00e9 exerc\u00e9e  au  tire de  l'ann\u00e9e \u00e9coul\u00e9e  ainsi qu'un tableau statistique annuel.\nSi l'organisme d\u00e9clar\u00e9 comporte  plusieurs \u00e9tablissements, les \u00e9tats statistiques et le bilan annuel\ndistinguent  activit\u00e9  exerc\u00e9e  par  chaque  \u00e9tablissement.\nLe  pr\u00e9sent  r\u00e9c\u00e9piss\u00e9  prond  affot lo 29  Janvier  2026.\nL'enregistrement de  Ia d\u00e9claration  pourra \u00eatre  retir\u00e9 si l'organisme  d\u00e9clar\u00e9  cosse  de  remp!\nles conditions  ou  de  respecter  les obligations  montionn\u00e9es  aux  4\u00b0,5\u00b0 et 6\u00b0  do  l'article\nR7232-17  ou  qui  m\u00e9connait  les obligations  d\u00e9finies  \u00e0 l'article R7232-19  du  code  du  travail.\npeine de  retrait de  la d\u00e9claration,faire Tobjet dune  d\u00e9ciaration modicatie  aupr\u00e9s  de  l'Unit\u00e9\nd\u00e9partementale des  Hauts-de-Seine.\nLe  pr\u00e9sent  r\u00e9c\u00e9piss\u00e9  sera  publi\u00e9  au  recueil des  actes  administratifs de la pr\u00e9fecture  des  Hauts-\nde-Seine.\nFait  \u00e0 Nanterre, le 18  f\u00e9vrier 2026.\nle Pr\u00e9fet\n\u00e9l\u00e9gation  et  subd\u00e9l\u00e9gation\nLa  Responsable  du  service\nD\u00e9veloppement  de  l'emploi  et des\nde\nCOND\u00c9\n\nEx  Direction r\u00e9gionale et interd\u00e9partementale\nde  l'\u00e9conomie,  de  l'emploi,MINIST\u00c8RE\nDU  TRAVAIL,  DE  LA  SANT\u00c9,  du travail et des solidarit\u00e9s\nDES  SOLIDARIT\u00c9S\nET  DES  FAMILLES\npr\nR\u00e9c\u00e9piss\u00e9  n\u00b02026-098  de  d\u00e9claration  d'activit\u00e9s de services  \u00e0 la personne\n\"enregistr\u00e9e  sous  le n\u00b0  SAP100536671  au  nom  de  l'micro-entreprise  LAMBERT\nJOSEPH  sise  15  Rue  Jean-roger Thorelle  \u00e0  BOURG-LA-REINE  (92340)\nLE  PREFET  DES  HAUTS-DE-SEINE\nVu  Ia loin'  2010-863  du  23  jullet 2010  relative aux  r\u00e9seaux  consulaires,  au  commerce  et \u00e0\nl'artisanatet aux services (article 31) ;\nVu  la loi 0\u00b02018-1776  du  28  d\u00e9cembre  2015  relative \u00e0 l'adaptation de  la soci\u00e9t\u00e9  au\nvieillssement ;\nVu  l'aricie D7231-1  du  Code  du  traval;\nVu  les d\u00e9crets n\u00b0 2011-1132  et n\u00b0 2011-1133  du  20  septembre  2011  modifiant certaines\ndispostions  du  Code  du  traval, relatives au  ch\u00e8que  emploi-service  universel  et aux\nservices  \u00e0 la personne  ;\nVu  le d\u00e9cretn\u00b02016-750  du 6 juin 2016  relat  \u00e0 a  iste des  activites de  services  \u00e0  la personne\nsoumises \u00e0 agr\u00e9ment  ou  \u00e0 autorisation dans  le cadre  du  r\u00e9gime  commun  de  la  d\u00e9claration  ;\nVu  le d\u00e9cret  du  31  octobre  2024  portant  nomination  de  Monsieur  Alexandre  BRUGERE,  en\nqualit\u00e9 de Pr\u00e9fet des Hauts-de-Seine\nVu  l'arr\u00eat\u00e9 interminist\u00e9riel du  12  ao\u00fbt  2025  nommant  Monsieur  Fabrice MASI,  Directeur\nr\u00e9gional et interd\u00e9partementalde l'\u00e9conomie, de l'emploi, du travailet des solidant\u00e9s dll\nde-France  \u00e0 compter  du  25  ao\u00fbt  2025  ;\nVu  l'arr\u00eat\u00e9 pr\u00e9fectoral n\u00b02025-33  du  22  ao\u00fbt  2025  par  lequel le Pr\u00e9fet des  Hauts-de-Seine\nd\u00e9l\u00e8gue  sa  signature  \u00e0 Monsieur  Fabrice  MASI,  Directeur  r\u00e9gional  et interd\u00e9partemental\nde l'\u00e9conomie, de l'emploi du travalet des solidarit\u00e9s dle-de-France\nVu  la d\u00e9cision  n\u00b0 2025-157  du  25  ao\u00fbt  2025  portant  subd\u00e9l\u00e9gation  de  signature  de  Monsieur\nFabrice  MASI,  Directeur  r\u00e9gional  et interd\u00e9partemental  de  l'\u00e9conomie,  de  l'emploi, du\ntravail et des  solidarit\u00e9s dle-de-France,  aux  agents  de  l'Unit\u00e9 d\u00e9partementale  des  Hauts-\nde-Seine  ;\nVu  la d\u00e9claration  d activites de  services \u00e0 la personne  d\u00e9pos\u00e9es  le 1 f\u00e9vrier 2026  au nom  de\nlmiero-entreprise  LAMBERT  JOSEPH  sise 15  Rue  Jean-roger  Thorelle  \u00e0 BOURG-LA-\nREINE  (92340)\n\nApr\u00e8s  examen  du  dossier, cette demande  \u00e9tant  conforme  aux dispositions  de  l'article L. 7232:\n1 du  code  du  travail  pr\u00e9sent  r\u00e9c\u00e9piss\u00e9  de  d\u00e9claration  d'activit\u00e9s  de  services  \u00e0 la personne  a\n\u00e9t\u00e9 enregistr\u00e9  au  nom  de  micro-entreprise  LAMBERT  JOSEPH  sous  le num\u00e9ro  SAP\n100538671,\nLes  activit\u00e9s d\u00e9clar\u00e9es  sont  les suivantes,  \u00e0  l'exclusion de  toute autre\n= Soutien  scolaire  ou  cours  \u00e0  domicile ;\nPrestations  relevant  du  b\u00e9n\u00e9fice  de  la r\u00e9duction  d'imp\u00f4t  pr\u00e9vue  \u00e0 'aricie  199  sexdecies  du  Code\nG\u00e9n\u00e9ral  des  Imp\u00f4ts.\nLa  structure  exerce  ces  activit\u00e9s  selon  le mode  suivant  : PRESTATAIRE\nSous  r\u00e9serve  d'\u00eatre exerc\u00e9es  \u00e0 tire exclusf  par  le  d\u00e9clarant (ou sous  r\u00e9serve  d'une  comptabilit\u00e9\n's\u00e9par\u00e9e  pour  les personnes  morales  dispens\u00e9es  de  la condition  d'activit\u00e9 exclusive). ces  activites\n'ouvrent  droit au  b\u00e9n\u00e9fice des  dispositions  des  articles  L. 7233-2  du  code du  travail et  L. 241-10\ndu  code  de  ia s\u00e9curt\u00e9  sociale.\nConform\u00e9ment  aux  dispositions  de  l'article R7232-19  du  code  du  traval, organisme  d\u00e9clar\u00e9  doit\nProduire  au  moins  chaque  trimestre un  \u00e9tat d'activit\u00e9 et chaque  ann\u00e9e  un  bilan quanttatf  et\n'qualtatf de Factivite exerc\u00e9e au tre  de l'ann\u00e9e \u00e9coul\u00e9e ainsi qu'un tableau statistique annuel.\nSi l'organisme  d\u00e9clar\u00e9  comporte  plusieurs  \u00e9tablissements  les \u00e9tats statistiques et le bilan annuel\ndistinguent  l'actiit\u00e9 exerc\u00e9e par  chaque  \u00e9tablissement\nLe  pr\u00e9sent  r\u00e9c\u00e9piss\u00e9  prend  effet le 1*  f\u00e9vrier  2026.\nLenregistremont de  Ia d\u00e9claration  pourra  \u00eatre rotr\u00e9  si l'organisme  d\u00e9clar\u00e9cosse  de  remplir\nles conditions  ou  de  respecter  les  obligations  mentionn\u00e9es  aux  4\u00b0,6\u00b0 et 6\u00b0  de  l'article\nR7232-17  ou  qui  m\u00e9connalt  les obligations  d\u00e9finies  \u00e0 l'article R7232-19  du  code  du  travail\n'Toute  modification concernant la structure d\u00e9clar\u00e9e ou les activit\u00e9s exerc\u00e9es devra, sous\npeine  de  retrait de  la d\u00e9claration,  faire l'objet d'une  d\u00e9ciaration  modificative  aupr\u00e8s  de  Unit\u00e9\nd\u00e9partementale  des  Hauts-de-Seine.\nLe  pr\u00e9sent  r\u00e9c\u00e9piss\u00e9  sera  publi\u00e9  au  recueil des  actes  administratifs de  la pr\u00e9fecture des  Hauts-\nde  Seine.\nFait \u00e0 Nanterre,  le 18 f\u00e9vrier 2026.\nPour  le Pr\u00e9fet\nPar  d\u00e9l\u00e9gation  et  subd\u00e9l\u00e9gation\nLa  Responsable  du  service\nD\u00e9veloppement  de  l'emploi  et  des\ncomp\u00e9tences  |\nMariana CONDE\n\nBE  Direction  r\u00e9gionale  ot interd\u00e9partomentale\nMINISTERE 'de l'\u00e9conomie, de l'emploi,\nDU  TRAVAIL,  DE  LA  SANT\u00c9,  du travailet des solidarit\u00e9s\nDES  SOLIDARIT\u00c9S\nET  DES  FAMILLES\nEy\nR\u00e9c\u00e9piss\u00e9  n\u00b02026-099  de  d\u00e9claration  d'activit\u00e9s  de  services  \u00e0 la personne\n\"enregistr\u00e9e  sous  le n\u00b0  SAP101148856  au  nom  de  la micro-entreprise  THAUVIN\nJEANNE  HONORINE  NADIA  sise  52  Rue  Gaultier  \u00e0  COURBEVOIE  (92400)\nLE  PREFET  DES  HAUTS-DE-SEINE\nVu  la oi  n\u00b0  2010-853  du  23  juillet 2010  relative aux  r\u00e9seaux  consuiaires,  au  commerce et \u00e0\nl'artisanat et aux  services (article 31) ;\nVu  la loi n\u00b02015-1776  du  28  d\u00e9cembre  2015  relative \u00e0 l\nveilissement ;\niptation  de  la soci\u00e9t\u00e9  au\nVu  l'aricie 07231-1  du  Code  du  travail;\nVu  les d\u00e9crets  n\u00b0  2011-1132  et n\u00b0  2011-1133  du  20  septembre  2011  modifiant  certaines.\ndispostions  du  Code  du  travail, relatives au  ch\u00e8que  emploiservice  universel  et aux\nservices  \u00e0  la personne\nVu  le d\u00e9cret  n\u00b02016-750 du  6 juin 2016  relat  \u00e0  a  iste  des activit\u00e9s de  services  \u00e0 la personne\nsoumises  \u00e0 agr\u00e9ment ou  \u00e0 autorisation dans  le cadre  du  r\u00e9gime  commun  dela  d\u00e9claration  ;\nVu  le d\u00e9cret  du  31  octobre  2024  portant  nomination  de  Monsieur  Alexandre  BRUGERE,  en\nqualt\u00e9  de  Pr\u00e9fet des  Hauts-de-Seine\nVu  l'ar\u00eat\u00e9  imerminist\u00e9rel  du  12  ao\u00fbt  2025  nommant  Monsieur  Fabrice  MASI,  Directeur\nr\u00e9gional  et interd\u00e9partementa  de  l'\u00e9conomie,  de  l'emploi, du  travail et des  solidarit\u00e9s dile-\nde-France  \u00e0 compter  du  25  ao\u00fbt  2025  ;\nVu  Farrbte  pr\u00e9fectoral n\u00b0202533  du  22  ao\u00fbt  2025  par  loquel le Pr\u00e9fet des  Hauts-de-Seine\n'd\u00e9l\u00e8que  sa  signature  \u00e0  Monsieur  Fabrice  MASI,  Directeur  r\u00e9gional  et inerd\u00e9partemental\n'de l'\u00e9conomie, de l'emploi, du travail et des solidarit\u00e9s d'\u00cele-de-France\nVu  la d\u00e9cision  n\u00b0 2025-187  du  25  ao\u00fbt  2025  portant  subd\u00e9l\u00e9gaton  de  signature  de  Monsieur\nFabrice  MASI,  Directeur  r\u00e9gional  et interd\u00e9partemental  de  l'\u00e9conomie,  de  l'emploi, du\ntraval  et  des  solidarit\u00e9s  dle-de-France,  aux  agents  de  l'Unit\u00e9  d\u00e9partementale  des  Hauts-\nde-Seine  ;\nVu  la d\u00e9claration  d activit\u00e9s de  services \u00e0 la personne  d\u00e9pos\u00e9es  le 14  f\u00e9vrier 2026  au nom  de\nla micro-entreprise  THAUVIN  JEANNE  HONORINE  NADIA  sise 52  Rue  Gautier  \u00e0\nCOURBEVOIE  (82400)  ;\n\n'Apr\u00e8s examen  du  dossier, cette demande  \u00e9tant conforme  aux  dispositions de  l'article L, 7232-1-\n1 du  code  du  traval, le pr\u00e9sent  r\u00e9c\u00e9piss\u00e9  de  d\u00e9ciaration  d'activit\u00e9s de  services  \u00e0  la personne  a\n\u00e9t\u00e9  enregistr\u00e9  au  nom  de  la micro-entreprise  THAUVIN  JEANNE  HONORINE  NADIA  sous  le\nnum\u00e9ro  SAP  101148856.\nLes  activites d\u00e9clar\u00e9es  sont  les suivantes, \u00e0 l'exclusion de  toute  autre\nEntretien  de  la  maison  et  travaux  m\u00e9nagers  :\nGarde  d'enfants  de  plus  do  trois  ans  \u00e0 domicile  ;\nPrestations  relevant  du  b\u00e9n\u00e9fice  de\nG\u00e9n\u00e9ral  des  Imp\u00f4ts.\nLa  structure  exerce  ces  activit\u00e9s  selon  le mode  suivant  : PRESTATAIRE\nr\u00e9duction  d'imp\u00f4t  pr\u00e9vue  \u00e0 l'atcie 199  sexdecies  du  Code\nSous  r\u00e9serve  d'\u00eatre exerc\u00e9es  \u00e0 titre exclusif parle  d\u00e9clarant  (ou  sous  r\u00e9serve  d'une  comptabilit\u00e9\ns\u00e9par\u00e9e  pour  les personnes  morales  dispens\u00e9es  de  la condition  d'actvit\u00e9 exclusive) ces  activit\u00e9s\nouvrent  droit au  b\u00e9n\u00e9fice  des  dispositions  des  artcies  L. 7233-2  du  code  du  travall et L. 241-10\ndu  code  de  la s\u00e9curt\u00e9  sociale.\n'Conform\u00e9ment  aux  dispositions  de  l'articie R7232-19  du  code  du  travail l'organisme  d\u00e9ciar\u00e9  doit\nproduire  au  moins  chaque  trimestre  un  \u00e9tat d'activit\u00e9 et chaque  ann\u00e9e  un  bilan quantitatif et\nqualitatifde l'actit\u00e9 exerc\u00e9e au tire de l'ann\u00e9e \u00e9coui\u00e9e ainsi qu'un tableau statistique annuel\nSi organisme  d\u00e9clar\u00e9  comporte  plusieurs  \u00e9tablissements,  les \u00e9tats statistiques et le bilan annuel\ndistinguent  l'activit\u00e9 exerc\u00e9e  par  chaque  \u00e9tablissement.\nLe  pr\u00e9sent  r\u00e9c\u00e9piss\u00e9  prend  effet le 14  f\u00e9vrier  2026.\nL'enregistrement de  la d\u00e9claration  pourra  \u00eatre  retir\u00e9 si l'organisme  d\u00e9clar\u00e9  cosse  de  remplir\nles conditions  ou  de  respecter  les obligations  mentionn\u00e9es  aux  4\u00b0,5\u00b0 et 6\u00b0  do  l'article\nR7232-17  ou  qui  m\u00e9connait  les obligations  d\u00e9finies \u00e0 article  R7232-19  du  code  du  travail.\n'Toute modification concernant la structure d\u00e9clar\u00e9e ou les activit\u00e9s exerc\u00e9es devra, sous\npeine  de  relat  de  Ta d\u00e9claration, faire l'objet dune  declaration  modticatve  aupr\u00e9s  de  FUnt\u00e9\n'Separtomentale  des  Hauts-de-Seine\nLe  pr\u00e9sent  r\u00e9c\u00e9piss\u00e9  sera  publ\u00e9  au  recueil  des  actes  adminstratits de  la pr\u00e9fecture  des  Hauts\nde-Seine.\nFait \u00e0  Nanterre, le 18  f\u00e9vrier 2026.\nPour  le Pr\u00e9fet\nPar  d\u00e9l\u00e9gation  et subd\u00e9l\u00e9gation\nLa  Responsable  du  service\nD\u00e9veloppement  de  l'emploi  et  des.\ncomp\u00e9tences\nJGnde\nMariama  CONDE\n\nEx  Direction  r\u00e9gionale et  interd\u00e9partementale\nMINIST\u00c8RE de l'\u00e9conomie, de l'emploi,\nDU  TRAVAIL,  DE  LA  SANT\u00c9,  du travail et des solidarit\u00e9s\nDES  SOLIDARIT\u00c9S\nET  DES  FAMILLES\nay\nR\u00e9c\u00e9piss\u00e9  n*2026-100  de  d\u00e9claration  d'activit\u00e9s  de  services \u00e0  la personne\nenregistr\u00e9e  sous  le n\u00b0 SAP100272491  au  nom  de  la micro-entreprise  F\u00e9lix\n'CLAVIER  sise  7  Rue  Theophile  Gautier \u00e0 MONTROUGE  (92120)\nLE  PREFET  DES  HAUTS-DE-SEINE\nVu  la loi n\u00b0  2010-853  du  23  juilet 2010  relative aux r\u00e9seaux  consulaires,  au  commerce  et \u00e0\nl'artisanat  et  aux  services  (article 31);\nVu  la loi n\u00b02018-1776  du  28  d\u00e9cembre  2015  relative  \u00e0  l'adaptation  de  la soci\u00e9t\u00e9  au\nvieilissement ;\nVu  l'aricie 07231-1  du  Code  du  travail;\nVu  les  d\u00e9crets  n\u00b0  2011-1132  et n\u00b0  2011-1133  du  20  septembre  2011  modifiant  certaines\ndispositions  du  Code  du  aval,  relatives  au  ch\u00e8que  emploi-service  universel  et aux\nservices \u00e0 la personne  ;\nVu  le d\u00e9cret  n\u00b02016-750  du  6  jun  2016  relat  \u00e0  a  iste  des  activit\u00e9s  de  services  \u00e0  la  personne\nsoumises \u00e0 agr\u00e9ment  ou  \u00e0 autorisation dans  lecadre  du  r\u00e9gime  commun  dela d\u00e9claration  ;\nVu  le d\u00e9cret  du  31  octobre  2024  portant  nomination  de  Monsieur  Alexandre  BRUGERE,  en\nquait\u00e9 de Pr\u00e9fet des Hauts-de-Seine ;\nVu  l'ar\u00e9t\u00e9 interminist\u00e9riel du  12  ao\u00fbt  2025  nommant  Monsieur  Fabrice  MASI,  Directeur\nr\u00e9gional  et interd\u00e9partementa  de  l'\u00e9conomie,  de  l'emploi,  du  travail et des  solidarit\u00e9s  dle\nde-France  \u00e0 compter  du  25  ao\u00fbt  2025\nVu  l'arr\u00eat\u00e9 pr\u00e9fectoral n\u00b02025-33  du  22  ao\u00fbt  2025  par  lequel  le Pr\u00e9fet des  Hauts-de-Seine\nd\u00e9l\u00e8gue  sa  signature  \u00e0  Monsieur  Fabrice  MASI,  Directeur  r\u00e9gional et  iterd\u00e9partemental\nde  l'\u00e9conomie, de  l'emploi, du travail et des solidarit\u00e9s d'\u00cele-de-France\nVu  la d\u00e9cision  n\u00b0 2025-187  du  25  ao\u00fbt  2025  portant subd\u00e9l\u00e9gation  de  signature  de  Monsieur\nFabrice  MASI,  Directeur  r\u00e9gional  et  interd\u00e9partemental  de  l'\u00e9conomie,  de  l'emploi,  du\ntravail et des  solidarit\u00e9s d'Ile-de-France,  aux  agents  de  l'Unit\u00e9 d\u00e9partementale  des  Hauts-\nde-Seine\nVu  la d\u00e9claration  d  activites de  services  \u00e0  la personne  d\u00e9pos\u00e9es  le 27  janvier  2028  au  nom\nde  la micro-entreprise  F\u00e9lix CLAVIER  sise  7  Rue  Theophlle  Gautier  \u00e0 MONTROUGE\n(82120):\n\n'Apr\u00e8s examen  du  dossier, cette demande  \u00e9tant conforme  aux  dispositions de  article L. 7292-1\n1 du  code du  traval  le pr\u00e9sent  r\u00e9c\u00e9piss\u00e9 de  d\u00e9claration d activites de  services  \u00e0 la personne a\n\u00e9t\u00e9  enregistr\u00e9  au  nom  de  la micro-entreprise  F\u00e9lix  CLAVIER  sous  le num\u00e9ro  SAP  100272491,\nLes  activites d\u00e9clar\u00e9es sont  les suivantes,  \u00e0 l'exclusion de  toute  autre:\n= Soutien  scolaire  ou  cours  \u00e0 domicile ;\nPrestations  relevant  du  b\u00e9n\u00e9fice  de  la r\u00e9duction  d'imp\u00f4t  pr\u00e9vue  \u00e0 article 199  sexdecies  du  Code\nG\u00e9n\u00e9ral  des  impots.\nLa  structure  exerce  ces  activit\u00e9s  solon  le mode  suivant  : PRESTATAIRE\nSous r\u00e9serve  d'\u00eatre exerc\u00e9es  \u00e0 ttre exclusif par  le d\u00e9ciarant  (ou sous  r\u00e9serve  dune  comptabilit\u00e9\n's\u00e9par\u00e9e pour les personnes morales dispens\u00e9es dela condition 'acthit\u00e9 exclusive),ces activit\u00e9s\n'ouvrent droit au b\u00e9n\u00e9fice  des  dispositions des  articles L.  7233-2  du  code  du travail et L  241-10\n{du code de  la s\u00e9curit\u00e9 sociale,\nConform\u00e9ment  aux  dispostions  de  article  R7232-19  du  code  du  travail, organisme  d\u00e9clar\u00e9  doit\nproduire au moins chaque  trimestre un \u00e9tat activit\u00e9 et chaque ann\u00e9e  un bilan quanttati et\nualtatf de l'activit\u00e9 exerc\u00e9e  au  tire de  l'ann\u00e9e \u00e9coul\u00e9e  ainsi qu'un  tableau statistique annuel.\nSi l'organisme d\u00e9clar\u00e9  comporte  plusieurs  6tablissements,  les \u00e9tats statistiques et le bilan annuel\ndistinguent  l'actit\u00e9 exerc\u00e9e  par  chaque  \u00e9tablissement.\nLe  pr\u00e9sent  r\u00e9c\u00e9piss\u00e9  prend  effet le  27  janvier  2026.\nL'enregistrement dela  d\u00e9claration  pourra  \u00eatre retir\u00e9 si l'organisme  d\u00e9clar\u00e9  cesse  de  remplir\nles conditions  ou  de  respecter  les obligations  mentionn\u00e9es  aux  4\u00b0,5\u00b0 et 6\u00b0  de  l'article\n7232-17 ou  qui  m\u00e9connalt les  obligations  d\u00e9finies \u00e0 l'article R7232-19 du  code du  travail,\nL  devra,  sous\npeine  de  retrait de  la  d\u00e9claration, faire lobjet dune  d\u00e9claration  modifcatwe  aupr\u00e8s  de  l'Unit\u00e9\nd\u00e9partementale  des  Hauts-de-Seine.\nLe  pr\u00e9sent  r\u00e9c\u00e9piss\u00e9 sera publi\u00e9 au  recueil des  actes  administratifs de  la pr\u00e9fecture des  Hauts-\nde-Seine.\nFait \u00e0 Nanterre, le 18  f\u00e9vrier 2026.\nPour le Pr\u00e9fet\nPar  d\u00e9l\u00e9gation  ot  subd\u00e9l\u00e9gation\nLa  Responsable  du  service\n\n=n  Direction r\u00e9gionale  et interd\u00e9partementale\nMINISTERE  de l'\u00e9conomie, de l'emploi,\nDU  TRAVAIL,  DE  LA  SANT\u00c9,  du travail et des solidarit\u00e9s\nDES  SOLIDARIT\u00c9S\nET  DES  FAMILLES\nA\nR\u00e9c\u00e9piss\u00e9  n\u00b02026-101  de  d\u00e9claration  d'activit\u00e9s  de  services  \u00e0 la personne\nenregistr\u00e9e  sous le n\u00b0 SAP100181692  au  nom  de  la SAS  VITROCLAIR  LYON  sise\n41  Rue  P\u00e9rier \u00e0 MONTROUGE  (92120)\nLE  PREFET  DES  HAUTS-DE-SEINE\nVu  la lo  n\u00b0  2010-863  du  23  juilt  2010  relative aux  r\u00e9seaux  consulaires, au  commerce et  \u00e0\nl'artisanat  et  aux  services  (article 31)  ;\nVu  la loi n\u00b02015-1776  du  28  d\u00e9cembre  2015  relative \u00e0 l'adaptation de  la soci\u00e9t\u00e9  au\nviellissement ;\nVu  l'article 07231-1  du  Code  du  travail;\nVu  les d\u00e9crets  n\u00b0 2011-1132  ot n\u00b0 2011-1133  du  20  septembre  2011  modifiant  certaines\ndispositions  du  Code  du  travail, relatives au  ch\u00e8que  emplo-service  universel  et aux\nservices  \u00e0 la personne\nVu  le  d\u00e9cret  n\u00b02016-750  du  6 juin 2016  relatif \u00e0 la iste des activit\u00e9s de  services \u00e0 la  personne\nsoumises  \u00e0 agr\u00e9ment  ou  \u00e0 autorisation dans  le cadre du  r\u00e9gime  commun  dela d\u00e9claration ;\nVu  le d\u00e9cret du  31 octobre 2024  portant nomination  de  Monsieur  Alexandre  BRUGERE,  en\nqualit\u00e9 de  Pr\u00e9fet des  Hauts-de-Seine  ;\nVu  l'ar\u00e9t\u00e9  interminist\u00e9riel du  12  ao\u00fbt  2025  nommant  Monsieur  Fabrice  MASI,  Directeur\nr\u00e9gional  et nterd\u00e9partemental  de  l'\u00e9conomie,  de  l'emploi, du  travail et des  solidarit\u00e9s dll\nde-France  \u00e0  compter  du  25  ao\u00fbt  2025  ;\nVu  l'arr\u00eat\u00e9 pr\u00e9fectoral n'2025-33  du  22  ao\u00fbt  2025  par lequel le Pr\u00e9fet des  Hauts-de-Seine\nd\u00e9ldgue  sa  signature  \u00e0  Monsieur  Fabrice  MASI,  Directeur  r\u00e9gional  et interd\u00e9partemental\nde l'\u00e9conomie, de l'emploi du travail et des solidarit\u00e9s d'\u00cele-de-France;\nVu  la d\u00e9cision  n\u00b0 2025-187  du  25  ao\u00fbt  2025  portant  subd\u00e9l\u00e9gation  de  signature  de  Monsieur\nFabrice MASI, Directeur r\u00e9gional et interd\u00e9partemental de  l'\u00e9conomie, de  l'emploi, du\naval et des solidarit\u00e9s d'le-de-France, aux  agents de Unit\u00e9  d\u00e9partementale  des  Hauts-\nde-Sein\n'Vu la d\u00e9claration d'activit\u00e9s de  services \u00e0 la personne  d\u00e9pos\u00e9es  le 11 f\u00e9vrier 2026  au nom  de\nla SAS  VITROCLAIR  LYON  sise 41  Rue  P\u00e9rier \u00e0 MONTROUGE  (92120);\n\nApr\u00e8s  examen  du  dossier, cette demande  \u00e9tant  conforme  aux  dispositions  de  l'article L. 7232\n1 du  code  du  travall le pr\u00e9sent  r\u00e9c\u00e9piss\u00e9  de  d\u00e9claration  d'activit\u00e9s de  services  \u00e0 Ia personne  a\n\u00e9t\u00e9  enregistr\u00e9 au  nom  de  la SAS  VITROCLAIR  LYON  sous le num\u00e9ro  SAP  100181682\nLes  activit\u00e9s d\u00e9clar\u00e9es  sont  les suivantes,  \u00e0 l'exclusion de  toute  autre  -\nEntretien  de  la  maison  et  travaux  m\u00e9nagers  ;\nPrestations  relevant  du  b\u00e9n\u00e9fice  de  a  r\u00e9duction  d'imp\u00f4t  pr\u00e9vue  \u00e0 l'article 199  sexdecies  du  Code\nG\u00e9n\u00e9ral  des  impots.\nLa  structure  exerce  ces  activit\u00e9s  selon  le mode  suivant  : PRESTATAIRE\nSous  r\u00e9serve  d'\u00eatre exerc\u00e9es \u00e0 titre exclusif  parle d\u00e9clarant  (ou  sous  r\u00e9serve  d'une  comptabilt\u00e9\ns\u00e9par\u00e9e  pour  les personnes  morales  dispens\u00e9es de la condition  d'activit\u00e9 exclusive)  ces  activites\nouvrent  droit au  b\u00e9n\u00e9fice  des  dispositions  des  articles L. 7233-2  du  code  du  travallet L. 241-10\ndu  code  de  la s\u00e9curt\u00e9  sociale.\nConform\u00e9ment  aux  dispositions de  l'article R7232-19  du  code  du  travail l'organisme d\u00e9clar\u00e9 doit\nproduire au  moins  chaque  trimestre un  \u00e9tat d'activi\u00e9 et chaque ann\u00e9e un  bilan quantitatf et\nqualtat de l'actvit\u00e9 exerc\u00e9e au tire de l'ann\u00e9e \u00e9coul\u00e9e ainsi qu'un tableau statistique annuel.\nSi l'organisme  d\u00e9clar\u00e9  comporte  plusieurs  \u00e9tablissements,  les \u00e9tats statistiques et le ban  annuel\ndistinguent  activit\u00e9 exerc\u00e9e  par  chaque  \u00e9tablissement\nLe  pr\u00e9sent  r\u00e9c\u00e9piss\u00e9  prend  effet  le 11  f\u00e9vrier  2026,\nL'enrogistrement de  la d\u00e9claration  pourra  \u00eatre  retir\u00e9 si l'organisme  d\u00e9clar\u00e9  cesse  de  remplir\nles conditions  ou  de  respecter  les obligations  mentionn\u00e9es  aux  4\u00b0,5\u00b0 et 6\u00b0 de  l'article\nR72327  ou  qui  m\u00e9connalt  les obligations  d\u00e9finies  \u00e0  l'article R7232-19  du  code  du  travall.\n'Toute modification concemant la structure d\u00e9clar\u00e9e ou les activit\u00e9s exerc\u00e9es devra, sous\npeine  de  retrait de  la d\u00e9claration, faire l'objet d'une  d\u00e9claration  modificave  aupr\u00e9s  de  l'Unit\u00e9\nd\u00e9partementale  des  Hauts-de-Seine.\nLe  pr\u00e9sent  r\u00e9c\u00e9piss\u00e9  sera  publi\u00e9  au recueil des  actes  administratifs de la pr\u00e9fecture  des  Hauts-\nde-Seine,\nFait \u00e0 Nanterre,  le 18  f\u00e9vrier 2026.\nPour  le Pr\u00e9fet\nPar d\u00e9l\u00e9gation  et subd\u00e9l\u00e9gation\nLa  Responsable  du  service\nD\u00e9veloppement  del'emploi  et des\ncomp\u00e9tences\n6-3\nMariahna  CONDE\n\nEx  Direction  r\u00e9gionale  et  interd\u00e9partementale\nMINIST\u00c8RE  de l'\u00e9conomie, de l'emploi,\nDU  TRAVAIL,  DE  LA  SANT\u00c9,  du travail et des solidarit\u00e9s\nDES  SOLIDARIT\u00c9S\nET  DES  FAMILLES\nEM\nR\u00e9c\u00e9piss\u00e9  n\u00b02026-102  de  d\u00e9claration  d'activit\u00e9s  de  services  \u00e0  la personne\nenregistr\u00e9e  sous  le n\u00b0  SAP101315562  au  nom  de  la micro-entreprise  CHRISTIA\nMUSQUET  sise  236  Avenue  des  Gr\u00e9sillons  \u00e0  ASNIERES-SUR-SEINE  (92600)\nLE  PREFET  DES  HAUTS-DE-SEINE\nVu  la loi n\u00b0  2010-853  du  23  jullet 2010  relative  aux  r\u00e9seaux  consulaires, au  commerce  et \u00e0\nl'aisanat et aux  services  (article 31) ;\nVu  la loi n\u00b02015-1776  du  28  d\u00e9cembre  2015  relative  \u00e0  l'adaptation  de  la soci\u00e9t\u00e9  au\nvieilissement ;\nVu  l'aricie 07231-1  du  Code  du  travail;\nVu  les d\u00e9crets  n\u00b0  2011-1132  et n\u00b0 2011-1133  du  20  septembre  2011  modifiant  certaines\ndispositions  du  Code  du  travail, relatives au  ch\u00e8que  emploi-service  universel et aux\n'services \u00e0 la personne  ;\nVu  le d\u00e9cret  n\u00b02016-750  du  6 juin 2016  relat  \u00e0 a  iste des  activit\u00e9s de services  \u00e0 la personne\nsoumises  \u00e0 agr\u00e9ment  ou \u00e0 autorisation dans  le cadre du  r\u00e9gime  commun  de  la  d\u00e9ciaraion  ;\nVu  le d\u00e9cret  du  31  octobre  2024  portant  nomination  de  Monsieur  Alexandre  BRUGERE,  en\nquait\u00e9 de Pr\u00e9fet des Hauts-de-Seine ;\nVu  l'ar\u00e8t\u00e9 interminist\u00e9riel du  12  ao\u00fbt  2025  nommant  Monsieur  Fabrice  MASI,  Directeur\nr\u00e9gional et interd\u00e9partemental de l'\u00e9conomie, de l'emploi, du travail et des solidarit\u00e9s d\u00cele-\n'de-France \u00e0 compter  du  25  ao\u00fbt  2025\nVu  l'arr\u00eat\u00e9 pr\u00e9fectoral n\u00b0202533  du  22  ao\u00fbt  2025  par  lequel le Pr\u00e9fet  des  Hauts-de-Seine\nd\u00e9l\u00e8gue  sa  signature  \u00e0 Monsieur  Fabrice  MASI,  Directeur  r\u00e9gional  et interd\u00e9partemental\nde  l'\u00e9conomie, de  l'emploi, du travail et des solidarit\u00e9s d'\u00cele-de-France;\nVu  la d\u00e9cision  n\u00b0  2025-187  du  25  ao\u00fbt  2025  portant  subd\u00e9l\u00e9gation  de  signature  de  Monsieur\nFabrice  MASI,  Directeur  r\u00e9gional  et interd\u00e9partemental  de  l'\u00e9conomie.  de  l'emploi, du\ntravail et  des  solidarit\u00e9s  d'Ile-de-France,  aux  agents  de  l'Unit\u00e9  d\u00e9partementale  des  Hauts-\nde-Seine  ;\nVu  la d\u00e9claration  d'activit\u00e9s de  services  \u00e0 la personne  d\u00e9pos\u00e9es  le 18  f\u00e9vrier 2026  au  nom  de\na  micro-entreprise  CHRISTIA  MUSQUET  sise  236  Avenue  des  Gr\u00e9silons  \u00e0 ASNIERES-\nSUR-SEINE  (92600)\n\n'Apr\u00e8s  examen  du  dossier,  cette demande  \u00e9tant  conforme  aux  dispositions  de  l'article L. 7232-1\n1 du  code  du  traval  le pr\u00e9sent  r\u00e9c\u00e9piss\u00e9  de  d\u00e9claration  d'activit\u00e9s de  services  \u00e0 la personne  a\n\u00e9t\u00e9 enregistr\u00e9 au  nom  de  la micro-entreprise CHRISTIA  MUSQUET  sous  le num\u00e9ro  SAP\n101315562\nLes  activit\u00e9s  d\u00e9clar\u00e9es  sont  les  suivantes,  \u00e0  l'exclusion  de  toute  autre\nEntretien de  la maison  et  travaux  m\u00e9nagers  ;\nPrestations  relevant  du  b\u00e9n\u00e9fice  dela  r\u00e9duction  d'imp\u00f4t  pr\u00e9vue  \u00e0 Varticle 199  sexdecies  du  Code\nGeneral  des  Imp\u00f4ts.\nLa  structure  exerce  ces  activit\u00e9s  selon  le mode  suivant  :PRESTATAIRE\n'Sous  r\u00e9serve  d'\u00eatre exerc\u00e9es  \u00e0 titre exclusif parle  d\u00e9clarant  (ou  sous  r\u00e9serve  d'une  comptabilit\u00e9\n's\u00e9par\u00e9e  pour  les personnes  morales  dispens\u00e9es  de  la condition  d activit\u00e9 exclusive), ces  activit\u00e9s\n'ouvrent droit au  b\u00e9n\u00e9fice  des  dispositions  des articles L. 7233-2  du  code  du  traval  et L 241-10,\ndu  code  de  la s\u00e9curit\u00e9  sociale.\n(Conform\u00e9ment  aux  dispositions  de  l'article R7232-19  du  code  du  traval, organisme  d\u00e9clar\u00e9  dot\nproduire au  moins  chaque  timestre  un  \u00e9tat activit\u00e9  et chaque ann\u00e9e  un  bilan quanttati  et\nquaitatf de  Factvite exerc\u00e9e  au  tre  de  l'ann\u00e9e \u00e9coul\u00e9e  ainsi qu'un  tableau statistique annuel.\n'SiForganisme  d\u00e9clar\u00e9  comporte  plusieurs  \u00e9tablissements,  les \u00e9tats statistiques et le bilan annuel\ndistinguent  Factivt\u00e9  exerc\u00e9e  par  chaque  \u00e9tablissement.\nLo  pr\u00e9sent  r\u00e9c\u00e9piss\u00e9  prend  effet le 18  f\u00e9vrier  2026.\nL'enregistrement dela  d\u00e9claration pourra  \u00eatre retir\u00e9 si l'organisme d\u00e9clar\u00e9  cesse de remplir\nles conditions  ou  de  respecter  les obligations  mentionn\u00e9es  aux  4\u00b0,5\u00b0 et 6\u00b0  de l'article\n723247  ou  qui  m\u00e9connalt  les  obligations  d\u00e9finies \u00e0 l'article R7232-19 du  code  du  travail,\n'Toute  modification concernant la structure d\u00e9clar\u00e9e ou les activit\u00e9s exerc\u00e9es devra, sous\npeine de retrait de la d\u00e9claration, faire l'objet dune  d\u00e9ciaration modifcative aupr\u00e8s de Unit\u00e9\nd\u00e9partementale  des  Hauts-de-Seine.\nLe  pr\u00e9sent  r\u00e9c\u00e9piss\u00e9  sera  publi\u00e9  au  recuell des  actes  administratifs de a  pr\u00e9fecture  des  Hauts-\nde-Soine.\nFait \u00e0 Nanterre, le 19  f\u00e9vrier 2028.\nPour  le Pr\u00e9fet\nPar  d\u00e9l\u00e9gation  ot  subd\u00e9l\u00e9gation\nLa  Responsable du  service\nD\u00e9veloppement  de  l'emploi ot des\n\nEn  Direction r\u00e9gionale  et interd\u00e9partementale\nMINISTERE de l'\u00e9conomie,de l'emploi,\nDU  TRAVAIL,  DE  LA  SANT\u00c9,  du travail et des solidarit\u00e9s\nDES  SOLIDARIT\u00c9S\nET  DES  FAMILLES\npu\nR\u00e9c\u00e9piss\u00e9  n*2026-103 de  d\u00e9claration  d'activit\u00e9s  de  services  \u00e0 la personne\nenregistr\u00e9e  sous  le n\u00b0  SAP819207283  au  nom  de  la micro-entreprise  VOLLE\nANTONIN  sise  17  Rue  Robert  Doisy  \u00e0 ANTONY  (92160)\nLE  PREFET  DES  HAUTS-DE-SEINE\nVu  la loi n\u00b0  2010-853  du  23  jullet 2010  relative  aux  r\u00e9seaux  consulaires,  au commerce  et \u00e0\nl'artisanat et aux  services  (article 31) ;\nVu  la loi n\u00b02015-177  du  28  d\u00e9cembre  2015  relative  \u00e0  l'adaptation  de  la soci\u00e9t\u00e9  au\nVellissement\nVu  l'aricie 07231-1  du  Code  du  travall\nVu  les  d\u00e9crets  n\u00b0  2011-1132  et n\u00b0  2011-1133  du  20  septembre  2011  modifiant  certaines\ndispostions  du  Code  du  travail, relatives au  ch\u00e8que  emplo-service  universel  et aux\n'services \u00e0 la personne  ;\nVu  le  d\u00e9cret  n\u00b02016:750  du  6 jun  2016  relatif \u00e0 la liste des activit\u00e9s de  services \u00e0 la personne\nsoumises \u00e0 agr\u00e9ment  ou  \u00e0 autorisation dans  le cadre  du  r\u00e9gime  commun  de la d\u00e9claration  ;\nVu  le d\u00e9cret  du  31  octobre  2024  portant  nomination  de  Monsieur  Alexandre  BRUGERE,  en\nquait\u00e9 de Pr\u00e9fet des Hauts-de-Seine;\nVu  Farr\u00e9te interminist\u00e9riel du  12  ao\u00fbt  2025  nommant  Monsieur  Fabrice  MASI,  Directeur\nr\u00e9gional etinterd\u00e9partementalde l'\u00e9conomie, de l'emploi, du travailet des solidarit\u00e9s d'Ile\nde-France \u00e0  compler  du  25  ao\u00fbt  2025  ;\nVu  l'ar\u00e8t\u00e9  pr\u00e9fectoral n\u00b02025-33  du  22  ao\u00fbt  2025  par  lequel  le Pr\u00e9fet  des  Hauts-de-Seine\nd\u00e9l\u00e8gue  sa  signature  \u00e0  Monsieur  Fabrice  MASI,  Directeur  r\u00e9gional  et  interd\u00e9partemertal\nde  l'\u00e9conomie, de l'emploi, du  travailet des solidarit\u00e9s d'\u00cele-de-France\nVu  la d\u00e9cision  n\u00b0 2025-187 du  25  ao\u00fbt  2025  portant  subd\u00e9l\u00e9gation  de  signature de  Monsieur\nFabrice  MASI,  Directeur  r\u00e9gional  et interd\u00e9partemental  de  l'\u00e9conomie,  de  l'emploi, du\ntravail et  des  solidart\u00e9s  d'\u00cele-de-France,  aux  agents  de  l'Unit\u00e9  d\u00e9partementale  des  Hauts\nde-Seine  ;\nVu  la d\u00e9claration d'actvit\u00e9s de  services  \u00e0 la personne  d\u00e9pos\u00e9es  le  26  janvier 2028  au  nom\n'dela micro-entreprise VOLLE  ANTONIN  sise  17  Rue  Robert  Doisy  \u00e0 ANTONY  (82160) ;\n\n'Apr\u00e8s examen  du  dossier, cette demande  \u00e9tant conforme  aux  dispositions de  l'article L. 7232-1\n1 du  code  du  traval, le pr\u00e9sent  r\u00e9c\u00e9piss\u00e9  de  d\u00e9ciaration  \u00a2 activit\u00e9s de  services  \u00e0  la personne  a\n\u00e9t\u00e9  enregistr\u00e9  au  nom  de  la micro-entreprise  VOLLE  ANTONIN  sous  le num\u00e9ro  SAP\n819207283,\nLes  activites d\u00e9ciar\u00e9es  sont  les suivantes, \u00e0 l'exclusion de  toute autre:\nSoutien  scolaire  ou  cours  \u00e0  domicile;\nPrestations  relevant  du  b\u00e9n\u00e9fice  de  la r\u00e9duction  d'imp\u00f4t  pr\u00e9vue  \u00e0  l'ricie 199  sexdecies  du  Code\nG\u00e9n\u00e9ral  des  Imp\u00f4ts.\nLa  structure  exerce  ces  activit\u00e9s  solon  le mode  suivant  : PRESTATAIRE\nSous  r\u00e9serve  d'\u00eatre exerc\u00e9es  \u00e0 ttre exclusif par  le d\u00e9clarant  (ou  sous  r\u00e9serve  d'une  comptabilit\u00e9\ns\u00e9par\u00e9e  pour  les personnes  morales  dispens\u00e9es de la concition  d'activit\u00e9 exclusive) ces  activit\u00e9s\nouvrent  droit au  b\u00e9n\u00e9fice  des  dispositions  des articles L. 7283-2  du  code  du  traval  et L. 241-10\ndu  code  de  la s\u00e9curt\u00e9  sociale.\nConform\u00e9ment  aux  dispositions  de  l'article R7232-19  du  code  du  travail, l'organisme  d\u00e9clar\u00e9  doit\nproduire au moins chaque  trimestre un \u00e9tat d'activit\u00e9 et chaque  ann\u00e9e  un bilan quantitalf et\nqualtatf do l'actit\u00e9 exerc\u00e9e  au  tire de  l'ann\u00e9e \u00e9coul\u00e9e  ainsi qu'un  tableau statistique annuel.\nSi l'organisme  d\u00e9clar\u00e9  comporte  plusieurs  \u00e9tablissements,  les \u00e9tats statistiques et le bilan annuel\ndistinguent  l'actit\u00e9  exerc\u00e9e  par  chaque  \u00e9tablissement.\nLe  pr\u00e9sent  r\u00e9c\u00e9piss\u00e9  prend  effet le 28 janvier  2026.\nL'enregistrement de la d\u00e9claration  pourra \u00eatre retir\u00e9 si l'organisme  d\u00e9clar\u00e9 cesse  de  remplir\nles conditions  ou  de  respecter  les obligations  mentionn\u00e9es  aux  4\",6\u00b0 ot 6\u00b0 de  l'article\nR7232-17  ou  qui  m\u00e9connait  les obligations  d\u00e9finies  \u00e0 l'article R7232-19 du  code  du  travail.\ndevra, sous\npaie  de retrait de la d\u00e9ciaration, faire l'objet dune  d\u00e9claration modificative aupr\u00e9s de Unit\u00e9\nd\u00e9partementale  des  Hauts-de-Seine\nLe  pr\u00e9sent r\u00e9c\u00e9piss\u00e9 sera publi\u00e9 au  recueil des  actes admiistratfs de Ia pr\u00e9fecture des Hauts-\nde-Seine.\nLe Poe\nEntreprises, Epil  et Soldart\u00e9\nCm}\nFait \u00e0 Nanterre, le 24  f\u00e9vrier 2026.\n\nEE  Direction  r\u00e9gionale et  interd\u00e9partementale\nMINISTERE de l'\u00e9conomie, de l'emploi,\nDU  TRAVAIL,  DE  LA  SANT\u00c9,  du travail et des solidarit\u00e9s\nDES  SOLIDARIT\u00c9S\nET  DES  FAMILLES\nA\nR\u00e9c\u00e9piss\u00e9  n\u00b02026-104  de  d\u00e9claration  d'activit\u00e9s  de  services  \u00e0 la personne\nenregistr\u00e9e  sous  le n\u00b0  SAP101209260  au  nom  de  la micro-entreprise  HERY  HARY\nLUCILE  sise  4  Rue  Louis  Mercier \u00e0 MALAKOFF  (92240)\nLE  PREFET  DES  HAUTS-DE-SEINE\nVu  la loi n\u00b0  2010-853  du  23  jullet 2010  relative aux  r\u00e9seaux  consulaires, au  commerce  et \u00e0\nl'artisanat et aux  services  (article 31)\nVu  la loi n\u00b02015-1778  du  28  d\u00e9cembre  2015  relative  \u00e0  l'adaptation  de  la soci\u00e9t\u00e9  au\nvellissement ;\nVu  l'article D7231:1  du  Code  du  travail;\nVu  les d\u00e9crets  n\u00b0  2011-1132  et n\u00b0 2011-1133  du  20  septembre  2011  modifant  cortaines\ndispositions  du  Code  du  travail relatives  au  ch\u00e8que  emplo-service  universel  et  aux\nservices  \u00e0 la personne  ;\nVu  le d\u00e9cret  n\u00b02016-750  du  6 juin 2016  relat  \u00e0 la liste des  activit\u00e9s de  services  \u00e0 la personne\nsoumises  \u00e0  agr\u00e9ment  ou  \u00e0  autorisation dans  le cadre  du  r\u00e9gime  commun  de  la d\u00e9claration  ;\nVu  le d\u00e9cret  du  31  octobre  2024  portant  nomination  de  Monsieur  Alexandre  BRUGERE,  en\nquait\u00e9 de Pr\u00e9fet des Hauts-de-Seine;\nVu  l'ar\u00e9t\u00e9 interminist\u00e9riel du  12  ao\u00fbt  2025  nommant  Monsieur  Fabrice  MASI,  Directeur\nr\u00e9gional et  interd\u00e9partemental de  l'\u00e9conomie,  de l'emploi, du  travail et des  solidarit\u00e9s dle\nde-France  \u00e0  compter  du  25  ao\u00fbt  2025\nVu  l'arr\u00eat\u00e9 pr\u00e9fectoral n'2025-33  du  22  ao\u00fbt  2025  par  lequel  le Pr\u00e9fet des  Hauts-de-Seine\nd\u00e9l\u00e8gue  sa  signature  \u00e0 Monsieur  Fabrice  MASI,  Directeur  r\u00e9gional  et interd\u00e9partemental\nde  l'\u00e9conomie, de  l'emploi, du  travail et des  solidarit\u00e9s d'\u00eele-de-France ;\nVu  la d\u00e9cision  n\u00b0  2025-187  du  25  ao\u00fbt  2025  portant  subd\u00e9l\u00e9gation  de  signature  de  Monsieur\nFabrice  MASI,  Directeur  r\u00e9gional  et interd\u00e9partemental  de  l'\u00e9conomie,  de  l'emploi, du\ntravail et des  solidarit\u00e9s \u00a2 le-de-France,  aux  agents  de  l'Unit\u00e9 d\u00e9partementale  des  Hauts-\nde-Seine\nVu  la d\u00e9claration  d'activit\u00e9s  de  services  \u00e0  la personne  d\u00e9pos\u00e9es  le 17  f\u00e9vrier  2026  au  nom  de\nla micro-entreprise  HERY  HARY  LUCILE  sise 4 Rue  Louis  Mercier  \u00e0 MALAKOFF  (92240);\n\nApr\u00e8s examen  du dossier, cette demande  \u00e9tant conforme aux dispositions de FartcleL. 7232-1-\n1 du  code  du  traval, le pr\u00e9sent  r\u00e9c\u00e9piss\u00e9  de  d\u00e9ciaration  d'activit\u00e9s de  services  \u00e0  la personne  a\n\u00e9t\u00e9 enregistr\u00e9  au  nom  de  la micro-entreprise  HERY  HARY  LUCILE  sous  le num\u00e9ro  SAP.\n101209260.\nLes  activites d\u00e9clar\u00e9es  sont  les suivantes,  & l'exclusion de  toute autre\nEntretien  de  la  maison  et  travaux  m\u00e9nagers  ;\nPrestations  relevant  du  b\u00e9n\u00e9fice  de\nG\u00e9n\u00e9ral  des  Imp\u00f4ts.\nr\u00e9duction  d'imp\u00f4t  pr\u00e9vue  \u00e0 l'article 199  sexdecies  du  Code\nLa  structure  exerce  ces  activit\u00e9s selon  le mode  suivant  : PRESTATAIRE\nSous  r\u00e9serve  d'\u00eatre exerc\u00e9es  \u00e0 ttre exclusf  par  le d\u00e9clarant  (ou  sous  r\u00e9serve  d'une  comptabilt\u00e9\ns\u00e9par\u00e9e  pour  les personnes  morales  dispens\u00e9es  de  la condition 'activit\u00e9 exclusive), ces  activit\u00e9s\nouvrent  droit au  b\u00e9n\u00e9fice  des  dispositions  des  articles L. 7233-2  du  code  du  travall et L. 241-10,\n'du code  de  la s\u00e9curit\u00e9  sociale,\nConform\u00e9ment  aux  dispositions  de  l'article R7232-19  du  code  du  travail, l'organisme  d\u00e9clar\u00e9  doit\nproduire au moins chaque  timestre un \u00e9tat d'activit\u00e9 et chaque  ann\u00e9e  un bilan quantitatif et\nqualtatf de  l'activit\u00e9 exerc\u00e9e  au  tre  de  l'ann\u00e9e \u00e9coul\u00e9e  ainsi qu'un  tableau statistique annuel.\nSi l'organisme d\u00e9clar\u00e9 comport  plusieurs \u00e9tablissements, les \u00e9tats statistiques ete  bilan annuel\ndistinguent  l'activit\u00e9 exerc\u00e9e  par  chaque  \u00e9tablissement.\nLe  pr\u00e9sent  r\u00e9c\u00e9piss\u00e9  prond  effet le 17  f\u00e9vrier  2026,\nL'enregistrement  de  la d\u00e9claration  pourra  \u00eatre  retir\u00e9 si l'organisme  d\u00e9clar\u00e9  cesse  de  remplir\nles conditions  ou  de  respecter  les obligations  mentionn\u00e9es  aux  4\u00b0,5\u00b0 et 6\u00b0 do  l'article\nR7232-17  ou  qui  m\u00e9connalt  les obligations  d\u00e9finies  \u00e0 l'article R7232-19  du  code  du  travail.\n'Toute modification concernant la structure d\u00e9clar\u00e9s ou les activit\u00e9s exerc\u00e9es devra, sous\neine  de  retrait de  la d\u00e9claration, faire l'objet d'une  d\u00e9ctaration modifiative  aupr\u00e9s  de  Unite\nd\u00e9partementale  des  Hauts-de-Seine.\nLe  pr\u00e9sent  r\u00e9c\u00e9piss\u00e9  sera  publi\u00e9  au  recueil des  actes  administratfs  de  la pr\u00e9fecture des  Hauts-\nde-Seine.\nFait \u00e0 Nanterre,  le 24  f\u00e9vrier 2026.\n\nEu  Direction  r\u00e9gionale et  interd\u00e9partementale\nMINIST\u00c8RE  de l'\u00e9conomie, de  l'emploi,\nDU  TRAVAIL,  DE  LA  SANT\u00c9,  du travail ot des solidarit\u00e9s\nDES  SOLIDARIT\u00c9S\nET  DES  FAMILLES\nR\u00e9c\u00e9piss\u00e9  n\u00b02026-105  de  d\u00e9claration  d'activit\u00e9s  de  services  \u00e0  la personne\n\"enregistr\u00e9e  sous  le n\u00b0  SAP994135705  au  nom  de  la micro-entreprise  Samy\nHADDAD  sise  2  Square  Claude  Debussy  \u00e0  ANTONY  (92160)\nLE  PREFET  DES  HAUTS-DE-SEINE\nlol n\u00b0 2010-863  du  23  jullet 2010  relative aux  r\u00e9seaux  consulaires, au  commerce et \u00e0\nisanat  et aux  services  (article 31):\nVu  la loi n\u00b0201-1776  du  28  d\u00e9cembre  2015  relative \u00e0 l'adaptation de  la soci\u00e9t\u00e9  au\nellissement\nVu  l'aicie  072311 du  Code  du travail;\nVu  les d\u00e9crets  n\u00b0  2011-1132  et n\u00b0 2011-1139  du  20  septembre  2011  modifiant  certaines\ndispositions  du  Code  du  travail, relatives au  ch\u00e8que  emploi-service  universel  et aux\nservices  \u00e0  la personne ;\nVu  le  d\u00e9cret  2016-750  du  6 juin 2016  relat \u00e0 a  iste des activit\u00e9s de services \u00e0  la personne\nsoumises  \u00e0 agr\u00e9ment  ou  \u00e0 autorisation dans  le cadre  du  r\u00e9gime  commun  de  la d\u00e9claration ;\nVu  le d\u00e9cret  du  31  octobre  2024  portant  nomination  de  Monsieur  Alexandre  BRUGERE,  en\nquait\u00e9  de  Pr\u00e9fet  des  Hauts-de-Seine ;\nVu  l'arr\u00eat\u00e9 interminist\u00e9riel du  12  ao\u00fbt  2025  nommant  Monsieur  Fabrice  MASI,  Directeur\nr\u00e9gional et interd\u00e9partemental de l'\u00e9conomie, de l'emploi, du travail et des solidarit\u00e9s d\u00eel-\nde-France  \u00e0 compter  du  25  ao\u00fbt  2025  ;\nVu  Farr\u00e9te pr\u00e9fectoral n\u00b02025-33  du  22  ao\u00fbt  2025  par  lequel  le Pr\u00e9fet  des  Hauts-de-Seine\nd\u00e9l\u00e8gue  sa  signature  \u00e0 Monsieur  Fabrice  MASI,  Directeur  r\u00e9gional  et interd\u00e9partomental\nde  l'\u00e9conomie, de  l'emploi du  travail et des  solidarit\u00e9s d'\u00cele-de-France\nVu  la d\u00e9cision  n\u00b0 2025-157  du  25  ao\u00fbt  2025  portant  subd\u00e9l\u00e9gation  de  signature  de  Monsieur\nFabrice  MASI,  Directeur  r\u00e9gional  et interd\u00e9partemental  de  l'\u00e9conomie,  de  l'emploi,  du\ntraval  et des  soidart\u00e9s  d'l-de-France,  aux  agents  de  [Unit\u00e9  d\u00e9partementale  des  Hauts-\nde-Seine  ;\nVu  la d\u00e9claration  d'activit\u00e9s de  services \u00e0 la personne  d\u00e9pos\u00e9es  le 15 f\u00e9vrier 2026  au nom  de\nla micro-entreprise  Samy  HADDAD  sise  2  Square  Claude  Debussy  \u00e0 ANTONY  (92160)\n\n'Apr\u00e8s  examen  du  dossier,  cette demande  \u00e9tant conforme  aux  dispositions  de  l'article L. 7232-1\n1 du  code  du travaille pr\u00e9sent  r\u00e9c\u00e9piss\u00e9  de d\u00e9claration d activites de  services \u00e0 la personne a\n\u00e9t\u00e9 enregistr\u00e9 au  nom  de  la micro-entreprise  Samy  HADDAD  sous  le num\u00e9ro  SAP\n994135705.\nLes  activit\u00e9s d\u00e9clar\u00e9es  sont  les suivantes,  \u00e0 l'exclusion de  toute autre\n= Soutien  scolaire  ou  cours  \u00e0 domicile  ;\nPrestations  relevant  du  b\u00e9n\u00e9fice  dela  r\u00e9duction  d'imp\u00f4t  pr\u00e9vue  \u00e0 l'article 199  sexdecies  du  Code\nG\u00e9n\u00e9ral  des  Imp\u00f4ts.\nLa  structure  exerce  ces  activit\u00e9s selon  le mode  suivant  : PRESTATAIRE\n'Sous  r\u00e9serve  d'\u00eatre exerc\u00e9es  \u00e0 tire exclusif par  le d\u00e9clarant  (ou sous  r\u00e9serve  d'une  comptabilit\u00e9\n's\u00e9par\u00e9e pour les personnes morales dispens\u00e9es de la condition d'actt\u00e9  exclusive), ces activit\u00e9s\n'ouvrent droit au  b\u00e9n\u00e9fice des  dispositions des  articles L. 7233-2  du  code  du  travail et L. 241-10\ndu  code  de  la s\u00e9curit\u00e9  sociale\n'Conform\u00e9ment  aux  dispositions de  l'article R7232-19  du  code  du  travail, organisme  d\u00e9clar\u00e9 doit\nproduire  au  moins  chaque  tfmestre  un  \u00e9tat d'actvit\u00e9 et chaque  ann\u00e9e  un  blan  quanttatf  et\nqualitatif de  activit\u00e9  exerc\u00e9e  au  tire de  l'ann\u00e9e  \u00e9coul\u00e9e  ainsi qu'un  tableau  statistique annuel.\nSi l'organisme d\u00e9clar\u00e9 comporte  plusieurs \u00e9tablissements, les \u00e9tats statistiques et l  bilan annuel\ndistinguent  l'actit\u00e9  exerc\u00e9e  par  chaque  \u00e9tablissement\nLo  pr\u00e9sent  r\u00e9c\u00e9piss\u00e9  prend  effet le 16  f\u00e9vrier  2026.\nL'enrogistremont de la d\u00e9claration  pourra  \u00eatre  retir\u00e9 l'organisme  d\u00e9clar\u00e9  cesse  de  remplir\nles conditions  ou  de  respecter  les obligations  mentionn\u00e9es  aux  4,6\"  ot 6\u00b0 de  l'article\n723217  ou  qui m\u00e9connalt  les obligations  d\u00e9finies \u00e0 l'article R7232-19  du  code  du  travail,\no oncernant  la str ctivit\u00e9s exerc\u00e9es devra, sous\nde  retrait de la d\u00e9claration, fare  objet  dune  d\u00e9claration modiicave  aupr\u00e9s  de  iUnte\nG\u00e9parementais  des  Hauts-de  Seine\nLe  pr\u00e9sent  r\u00e9c\u00e9piss\u00e9  sera  publi\u00e9  au  recueil des  actes  administratifs de  la pr\u00e9fecture des  Hauts-\ndeSeine.\nFait \u00e0 Nanterre, le 24  f\u00e9vrier 2026.\n\n=n  Direction  r\u00e9gionale et  interd\u00e9partementale\nde  l'\u00e9conomie,  de  l'emploi,\nRL  rca  SANTE, du travail et des solidarit\u00e9s\nDES  SOLIDARIT\u00c9S\nET  DES  FAMILLES\nese\nR\u00e9c\u00e9piss6  n\u00b02026-106  de  d\u00e9claration  d'activit\u00e9s de  services  \u00e0  la personne\n\"enregistr\u00e9e  sous  le n\u00b0 SAP100411446  au  nom  de  la micro-entreprise  FOURNIER\nVIVIEN  sise  22  Rue  des  Puits  \u00e0 SURESNES  (92150)\nLE  PREFET  DES  HAUTS-DE-SEINE\nVu  la loi n\u00b0 2010-863  du  23  juilet 2010  relative aux  r\u00e9seaux  consulaires,  au  commerce  et \u00e0\nl'artisanat et aux  services  (article 31)\nVu  Ia loi n\u00b02015-1776  du  28  d\u00e9cembre  2015  relative \u00e0\nViellissement ;\nfaptation de  la soci\u00e9t\u00e9 au\nVu  l'article 7281-1  du  Code  du travail;\nVu  les d\u00e9crets  n\u00b0 2011-1132  et n\u00b0 2011-1133  du  20  septembre  2011  modifiant  certaines\ndisposiions  du  Code  du  travail, relatives au  ch\u00e8que  emploi-service  universel et aux\nservices  \u00e0 la personne\nVu  le d\u00e9cret  n\u00b02016.750  du  6  juin 2016  relatif \u00e0 a  iste des  activit\u00e9s de  services  \u00e0 la personne\nsoumises  \u00e0  agr\u00e9ment ou \u00e0  autorisation  dans  le cadre  du  r\u00e9gime  commun  de  la  d\u00e9claration  ;\nVu  le d\u00e9cret  du  31  octobre  2024  portant  nomination  de  Monsieur  Alexandre  BRUGERE,  en\nqualit\u00e9 de  Pr\u00e9fet des  Hauts-de-Seine  ;\nVu  l'arr\u00ebt\u00e9 interminist\u00e9riel du  12  ao\u00fbt  2025  nommant  Monsieur  Fabrice  MASI,  Directeur\nr\u00e9gional et  interd\u00e9partemental  de  l'\u00e9conomie, de  l'emploi, du  travail  et des  solidarit\u00e9s dle\nde-France  \u00e0  compter  du  25  ao\u00fbt  2025  ;\nVu  l'\u00e9t\u00e9  pr\u00e9fectoral  n\u00b0202533  du  22  ao\u00fbt  2026  par  lequel  le Pr\u00e9fet  des  Hauts-de-Seine\nd\u00e9l\u00e8gue  sa  signature  \u00e0 Monsieur  Fabrice  MASI,  Directeur  r\u00e9gional  et interd\u00e9partemental\nde  l'\u00e9conomie, de l'emploi, du  travail et des  solidarit\u00e9s d'\u00cele-de-France ;\nVu  la d\u00e9cision  n\u00b0  2025-187  du  25  ao\u00fbt  2026  portant  subd\u00e9l\u00e9gation  de  signature  de  Monsieur\nFabrice  MASI,  Directeur  r\u00e9gional  et  interd\u00e9partemental  de  l'\u00e9conomie,  de  l'emplo,  du\ntravail et des  solidarit\u00e9s d'le-de-France,  aux  agents  de  l'Unit\u00e9 d\u00e9partementale  des  Hauts-\nde-Seine\nVu  la d\u00e9claration  d'actvites de  services  \u00e0  la personne  d\u00e9pos\u00e9es  le 31  janvier  2026  au  nom\nde  la micro-entreprise  FOURNIER  VIVIEN  sise  22  Rue  des  Puits  \u00e0  SURESNES  (92150)  ;\n\n'Apres  examen  du  dossier, cette demande  \u00e9tant conforme  aux dspostions  de  l'article L. 7232-1-\n1 du  code  du  travail le pr\u00e9sent  r\u00e9c\u00e9piss\u00e9  de  d\u00e9claration d'activit\u00e9s de  services \u00e0 la personne  a\n\u00e9t\u00e9  enregistr\u00e9  au  nom  de  la micro-entreprise  FOURNIER  VIVIEN  sous  le num\u00e9ro  SAP\n100411446\nLes  activit\u00e9s d\u00e9clar\u00e9es  sont  les suivantes,  \u00e0  l'exclusion de  toute autre\n= Soutien  scolaire  ou  cours  \u00e0  domicile  ;\nPrestations  relevant  du  b\u00e9n\u00e9fice  de la r\u00e9duction  d'imp\u00f4t  pr\u00e9vue  \u00e0 l'aile  199 sexdecies du  Code\nG\u00e9n\u00e9ral des  Imp\u00f4ts.\nLa  structure  exerce  ces  activit\u00e9s  selon  le mode  suivant : PRESTATAIRE\nSous  r\u00e9serve  d'\u00eatre exerc\u00e9es  \u00e0 titre exclusif par  le d\u00e9clarant  (ou  sous  r\u00e9serve  d'une  comptabilit\u00e9\ns\u00e9par\u00e9e  pour  les personnes  morales  dispens\u00e9es  de  la condition  activit\u00e9 exclusive), ces  activit\u00e9s\nouvrent  droit au  b\u00e9n\u00e9fice  des  dispositions des  articles L. 7233-2  du  code du  travail et L. 241-10\ndu  code  de  la s\u00e9curt\u00e9  social.\n'Conform\u00e9ment  aux  dispositions  de  l'aticie R7232-19  du  code  du  travail l'organisme  d\u00e9clar\u00e9  doit\nproduire au moins chaque trimestre un \u00e9tat d'activit\u00e9 et chaque  ann\u00e9e  un bilan quanttatf et\nquaitatfde l'activit\u00e9 exerc\u00e9e au tire de l'ann\u00e9e \u00e9coul\u00e9e ainsi qu'un tableau statistique annuel.\nSi  l'organisme  d\u00e9clar\u00e9  comporte  plusieurs  \u00e9tablissements,  les  \u00e9tats  statistiques  etl  bilan annuel\ndistinguent  l'activit\u00e9 exerc\u00e9e  par  chaque  \u00e9tablissement.\nLe  pr\u00e9sent  r\u00e9c\u00e9piss\u00e9  prend  effet le 31  janvier  2026.\nL'enregistrement  de  la d\u00e9claration  pourra \u00eatre retir\u00e9 si l'organisme d\u00e9clar\u00e9  cesse  de  remplir\nles conditions  ou  de respecter  les obligations  mentionn\u00e9es  aux  4,5\" et 6\u00b0  de  l'article\nR7232-17  ou  qui  m\u00e9connait  les obligations d\u00e9finies \u00e0 l'article R7232-19  du  code  du  travail\n'Toute modification concernant la structure d\u00e9clar\u00e9e ou les activit\u00e9s exerc\u00e9es devra. sous\neine  de  retrait de  la d\u00e9ciaration, fare l'objet d'une  d\u00e9claration modificatve aupr\u00e9s  de  FUnite\nd\u00e9partementale  des  Hauts-de-Seine.\nLe  pr\u00e9sent  r\u00e9c\u00e9piss\u00e9  sera  publi\u00e9  au  recuel  des  actes  administratifs de  la pr\u00e9fecture  des  Hauts-\nde-Seine.\nFait \u00e0  Nanterre, le 24  f\u00e9vrier 2026.\n\nEx  Direction r\u00e9gionale et interd\u00e9partementale\nMINIST\u00c8RE de l'\u00e9conomie, de l'emploi,\nDU  TRAVAIL, DE LA SANT\u00c9, du travail et des solidarit\u00e9s\nDES  SOLIDARIT\u00c9S\nET  DES  FAMILLES\nEM\nR\u00e9c\u00e9piss\u00e9  n\u00b02026-107  de d\u00e9claration  d'activit\u00e9s de  services  \u00e0 la personne\n'enregistr\u00e9e sous  le n\u00b0 SAP101100362  au  nom  de la micro-entreprise  HAZI  MALIK\nsise 15 Rue  Raspail  \u00e0 BOIS-COLOMBES  (92270)\nLE  PREFET  DES  HAUTS-DE-SEINE\nloi n\u00b0 2010-863  du  23  juilet 2010  relative aux  r\u00e9seaux  consulaires, au  commerce  et \u00e0\nl'artisanat et aux  services  (article 31)\nVu  la li n\u00b02018-1776  du  28  d\u00e9cembre  2015  relatve \u00e0 l'adaptation de  la soci\u00e9t\u00e9 au\nvieilissement ;\n'Vu l'article D7231-1  du  Code du  travail;\nVu  les d\u00e9crets n\u00b0 2011-1132 et n\u00b0 2011-1133  du 20 septembre 2011 modifiant certaines\ndispositions du  Code  du  travail, relatives au  ch\u00e8que  emploi-service universel et aux\nservices  \u00e0 la personne  ;\nVu  le d\u00e9cret \"2016-750 du 6 juin 2016  relatif \u00e0 la iste des activit\u00e9sde services \u00e0 la personne\nsoumises  \u00e0 agr\u00e9ment  ou \u00e0 autorisation dans le cadre du r\u00e9gime  commun  dela  d\u00e9claration\nVu  le d\u00e9cret du  31 octobre 2024  portant nomination  de  Monsieur  Alexandre  BRUGERE,  en\nQualit\u00e9 de  Pr\u00e9fet des  Hauts-de-Seine ;\nvu arr\u00e9t\u00e9  interminist\u00e9riel du  12  ao\u00fbt  2025  nommant  Monsieur  Fabrice  MASI,  Directeur\nr\u00e9gional et interd\u00e9partemental de  l'\u00e9conomie, de  l'emploi, du  travail et des  solidarit\u00e9s d'le-\n'de-France  \u00e0 compter  du  25  ao\u00fbt  2025 ;\nVu  l'arr\u00eat\u00e9 pr\u00e9fectoral n\u00b02028-33  du  22  ao\u00fbt  2025  par  lequel  le Pr\u00e9fet  des  Hauts-de-Seine\nd\u00e9l\u00e8gue  sa  signature \u00e0 Monsieur  Fabrice  MASI,  Directeur r\u00e9gional et interd\u00e9partemental\n'de l'\u00e9conomie, de l'emploi, du travail et des soldartes d'le-de-France;\nVu  la d\u00e9cision n\u00b0 2025-157  du  25  ao\u00fbt  2025  portant subd\u00e9l\u00e9gation  de  signature de  Monsieur\nFabrice MASI,  Directeur r\u00e9gional et interd\u00e9partemental de  l'\u00e9conomie, de  l'emploi, du\ntravail et des solidarit\u00e9s dile-de-France, aux  agents  de  Unite d\u00e9partementale  des  Hauts-\nde-Seine\nVu  la d\u00e9claration d'activit\u00e9s de services \u00e0 la personne  d\u00e9pos\u00e9es  le 21 f\u00e9vrier 2028  au  nom  de\nla micro-entreprise HAZI  MALIK  sise 15 Rue  Raspail \u00e0 BOIS-COLOMBES  (82270);\n\nApr\u00e8s  examen  du  dossier, cette demande  \u00e9tant conforme  aux  dispositions de  Farticle L. 7232\n1 du  code  du  traval,  le pr\u00e9sent  r\u00e9c\u00e9piss\u00e9  de  d\u00e9claration  activit\u00e9s  de  services  \u00e0  la personne  a\n\u00e9t\u00e9  enregistr\u00e9  au  nom  de  la micro-entreprise  HAZI  MALIK  sous  le num\u00e9ro  SAP  101100352.\nLes  activit\u00e9s  d\u00e9clar\u00e9es  sont  les  suivantes,  a l'exclusion  de  toute  autre  :\n+ Entretien  de  la maison  et  travaux  m\u00e9nagers  ;\nPrestations  relevant  du  b\u00e9n\u00e9fice  de  la r\u00e9duction  d'imp\u00f4t  pr\u00e9vue  \u00e0  l'article 199  sexdecies  du  Code\nG\u00e9n\u00e9ral  des  imp\u00e9ts.\nLa  structure  exerce  ces  activit\u00e9s  selon  le mode  suivant  : PRESTATAIRE\nSous  r\u00e9serve  d'\u00eatre exerc\u00e9es  \u00e0 ttre  exclusif par le d\u00e9clarant  (ou sous  r\u00e9serve  dune  comptablit\u00e9\ns\u00e9par\u00e9e  pour  les personnes  morales  dispens\u00e9es  de  la condition  d'actvi\u00e9  exclusive).  ces  activit\u00e9s\nouvrent  droit  au  b\u00e9n\u00e9fice  des  dispositions  des  articles L.  7233-2  du  code  du  traval  et L.  241-10,\ndu  code  de  la  s\u00e9curit\u00e9 sociale.\nConform\u00e9ment  aux  dispositions  de l'article R7232-19  du  code  du  travail, l'organisme  d\u00e9clar\u00e9  doit\nproduire  au  moins  chaque  trimestre  un  \u00e9tat  activit\u00e9  et  chaque  ann\u00e9e  un  bilan  quantitatif  et\nqualtatf de  l'activit\u00e9 exerc\u00e9e  au  tire de  l'ann\u00e9e \u00e9coul\u00e9e  ainsi qu'un tableau statistique annuel\nSi l'organisme  d\u00e9clar\u00e9  comporte  plusieurs  \u00e9tablissements,  les \u00e9tats statistiques et le bilan annuel\ndistinguent  l'activit\u00e9 exerc\u00e9e  par  chaque  \u00e9tablissement.\nLo  pr\u00e9sent  r\u00e9c\u00e9piss\u00e9  prend  effet le 21  f\u00e9vrier  2026.\nL'enregistrement de  la d\u00e9claration  pourra  \u00eatre  retr\u00e9 si  l'organisme  d\u00e9clar\u00e9  cesse  de  remplir\nles  conditions  ou  de  respecter  les  obligations  mentionn\u00e9es  aux  4\u00b0,5\u00b0 et 6\u00b0  de  l'article\n7232-17  ou  qui  m\u00e9connalt  les obligations  d\u00e9finies  \u00e0 l'article R7232-19  du  code  du  travail.\n'Toute modification concernant la structure d\u00e9clar\u00e9e ou les activit\u00e9s exerc\u00e9es devra, sous\nPeine de  retrait de  Ia d\u00e9ciaration, fare  l'objet d'une  d\u00e9claration modificative aupr\u00e8s  de  {Unite\nd\u00e9partementale  des  Hauts-de-Seine.\nLe  pr\u00e9sent  r\u00e9c\u00e9psst  sera  pub  au  recul  des  actes  adminstatts  de la pr\u00e9fecture des  Haut\ndo-Seine.\nFait \u00e0  Nanterre, le 24  f\u00e9vrier 2028,\n\n=n  Direction r\u00e9gionaleet interd\u00e9partementale\nde  l'\u00e9conomie,  de  l'emploi,MINISTERE\nDU  TRAVAIL,  DE  LA  SANT\u00c9,  du travailet des solidarit\u00e9s\nDES  SOLIDARIT\u00c9S\nET  DES  FAMILLES\nEM\nR\u00e9c\u00e9piss\u00e9  n\u00b02026-108 de  d\u00e9claration  d'activit\u00e9s  de  services  \u00e0  la personne\nenregistr\u00e9e  sous  le n\u00b0  SAP101122287  au  nom  de  la micro-entreprise  FRANCOIS\nAurelie  sise  9 Rue  Aristide  Briand  \u00e0 CHATENAY-MALABRY  (92290)\nLE  PREFET  DES  HAUTS-DE-SEINE\nVu  la loi n\u00b0  2010-853  du  23  juillet 2010  relative aux  r\u00e9seaux  consulaires, au commerce  et \u00e0\nl'artisanatet aux services (article 31);\nVu  la loi n\u00b02015-1776  du  28  d\u00e9cembre  2015  relative \u00e0 I\nviellissement ;\nfaptation  de  la soci\u00e9t\u00e9  au\nVu  l'aricle 07231-1  du  Code  du  travail;\nVu  les d\u00e9crets  n\u00b0  2011-1132  et n\u00b0  2011-1133  du  20  septembre  2011  modifiant  certaines\ndispostions  du  Code  du  travail, relates  au  ch\u00e8que  emploi-service  universel  et aux\nservices \u00e0  la personne ;\nVu  le  d\u00e9cret  n\u00b02016-750  du  6 juin 2016  relatif \u00e0 la iste  des  activit\u00e9s de  services  \u00e0 la personne\nsoumises \u00e0 agr\u00e9ment  ou \u00e0 autorisation  dans  le cadre  du r\u00e9gime  commun  dela  d\u00e9caration ;\nVu  le d\u00e9cret  du  31  octobre  2024  portant  nomination  de  Monsieur  Alexandre  BRUGERE,  en\nquait\u00e9 de Pr\u00e9fet des Hauts-de-Seine ;\nVu  Farr\u00e9te interminist\u00e9riel du  12  ao\u00fbt  2025  nommant  Monsieur  Fabrice  MASI,  Directeur\nr\u00e9gional  et  interd\u00e9partemental de l'\u00e9conomie,  de  l'empll, du  travailet  des  solidant\u00e9s  d'le-\nde-France  \u00e0 compter  du  25  ao\u00fbt  2025\nVu  l'arr\u00eat\u00e9 pr\u00e9fectoral n\u00b02025-33  du  22  ao\u00fbt  2026  par  lequel  le Pr\u00e9fet  des  Hauts-de-Seine\nd\u00e9l\u00e8gue  sa  signature  \u00e0 Monsieur  Fabrice  MASI,  Directeur  r\u00e9gional  et interd\u00e9partemental\nde l'\u00e9conomie, de l'emploi. du travailet des solidarit\u00e9s d'le-de-France;\nVu  la d\u00e9cision  n\u00b0  2025-157  du  25  ao\u00fbt  2025  portant  subd\u00e9l\u00e9gation  de  signature  de  Monsieur\nFabrice  MASI,  Directeur  r\u00e9gional  et interd\u00e9partemental  de  l'\u00e9conomie,  de  l'emploi, du\ntravail et des  solidarit\u00e9s d'Ile-de-France,  aux  agents  de  l'Unit\u00e9 d\u00e9partementale  des  Hauts-\nde-Seine  ;\nVu  la  d\u00e9claration d activit\u00e9s de  services  \u00e0 la personne  d\u00e9pos\u00e9es  le 22 f\u00e9vrier 2026  au  nom  de\nla micro-entreprise  FRANCOIS  Aurelie  sise 9 Rue  Aristide Briand  \u00e0 CHATENAY-\nMALABRY  (02280)  ;\n\nApr\u00e8s  examen  du dossier, cette demande  \u00e9tant conforme  aux dispositionsde FarticleL. 7232-1\n1 du  code  du  travail le pr\u00e9sent  r\u00e9c\u00e9piss\u00e9  de d\u00e9claration d'activit\u00e9s de  services \u00e0 la personne  a\n\u00e9t\u00e9 enregistr\u00e9 au  nom  de  la micro-entreprise FRANCOIS  Aurelie sous  le num\u00e9ro  SAP\n401122287.\nLes  activit\u00e9s d\u00e9clar\u00e9es  sont  les suivantes,  \u00e0  l'exclusion de  toute  autre\n= Assistance  informatique  \u00e0 domicile;\nPrestations  relevant  du  b\u00e9n\u00e9fice  de  la r\u00e9duction  dimp\u00e9t  pr\u00e9vue  \u00e0 l'article 199  sexdecies  du  Code\nG\u00e9n\u00e9ral  des  Imp\u00f4ts.\nLa  structure  exerce  ces  activit\u00e9s solon  le mode  suivant  : PRESTATAIRE\nSous  r\u00e9serve  d'\u00eatre exerc\u00e9es  \u00e0 titre exciusi  par le d\u00e9clarant (ou sous  r\u00e9serve d'une  comptablit\u00e9\ns\u00e9par\u00e9e  pour  les personnes  morales dispens\u00e9es  de  la condition activit\u00e9  exclusive), ces  activit\u00e9s\nouvrent droit au b\u00e9n\u00e9fice des  dispositions des articles L. 7233-2  du  code  du  travail et L 241-10\n'du code  de  la s\u00e9curit\u00e9  sociale\nConform\u00e9ment  aux  dispositions de  article R7232-19  du  code  du  travail l'organisme d\u00e9clar\u00e9 doit\nproduire au moins chaque trimestre un \u00e9tat d'activit\u00e9 et chaque ann\u00e9e un bilan quanttatf et\nqualtatf de l'activit\u00e9 exerc\u00e9e  au  tite de  l'ann\u00e9e \u00e9coul\u00e9e  ainsi qu'un tableau statistique annuel.\nSi forganisme d\u00e9clar\u00e9 comporte  plusieurs \u00e9tablissements, les \u00e9tats statistiques et le bilan annuel\ndistinguent  l'activit\u00e9 exerc\u00e9e  par  chaque  \u00e9tablissement.\nLe  pr\u00e9sent  r\u00e9c\u00e9piss\u00e9  prend  offot le 22  f\u00e9vrier  2026.\nL'enrogistremont de la d\u00e9claration pourra \u00eatre retir\u00e9 si l'organisme d\u00e9clar\u00e9 cesse do remplir\nles conditions ou  de  respecter  les obligations  mentionn\u00e9es  aux  4\u00b0\"  at 6\u00b0 de  l'article\nR723247  ou  qui m\u00e9connalt les obligations d\u00e9finies \u00e0  article  R7232-19  du  code  du  travail.\npeine  de  retrait de  fa declaration, fare Tobjet dune  S\u00e9caraton  modiicave  aupr\u00e9s  de  Unit\u00e9\nd\u00e9partementale  des  Hauts-de-Seine.\nLe pr\u00e9sent r\u00e9c\u00e9piss\u00e9 sera publi\u00e9 au recuel des actes administratifs de la pr\u00e9fecturedes Hauts.\nde-Seine.\nFait \u00e0  Nanterre,  le 24  f\u00e9vrier 2026.\nu dose\n\n=n  Direction r\u00e9gionale et interd\u00e9partementale\nMINISTERE  de l'\u00e9conomie, de l'emploi,\nDU  TRAVAIL,  DE  LA  SANT\u00c9,  du travailet des solidarit\u00e9s\nDES  SOLIDARITES\nET  DES  FAMILLES\nEy\nR\u00e9c\u00e9piss\u00e9  n\u00b02026-109  de d\u00e9claration  d'activit\u00e9s  de  services  \u00e0  la personne\nenregistr\u00e9e  sous  le  n\u00b0  SAP100620640  au  nom  de  la  micro-entreprise  MARTINEZ\nSylvie sise 63 boulevard  Richard  Wallace  \u00e0  PUTEAUX  (92800)\nLE  PREFET  DES  HAUTS-DE-SEINE\nVu  la oi  n\u00b0  2010-853  du  23  juilet 2010  relatve  aux  r\u00e9seaux  consulaires,  au  commerce  et \u00e0\nl'artisanat et aux  services  (article 31) ;\nVu  la loi n\u00b02015-1776  du  28  d\u00e9cembre  2015  relative  &\nViellissement ;\nfaptation  de  la soci\u00e9t\u00e9  au\nVu  l'aricie D7231-1  du Code  du  travail;\nVu  les d\u00e9crots  n\u00b0 2011-1132  et n\u00b0  2011-1133  du  20  septembre  2011  modifiant  certaines\ndispositions  du  Code  du  travail, relatves  au  ch\u00e8que  emploi-service  universel  et aux\n'services \u00e0 la personne ;\nVu  le d\u00e9cret  n\u00b02018.750  du  6 juin 2016  relat \u00e0 la  iste des activit\u00e9s de  services \u00e0 la personne\nsoumises  \u00e0 agr\u00e9ment ou  \u00e0 autorisation dans  le cadre  du  r\u00e9gime  commun  de  la  d\u00e9claration\n'Vu le d\u00e9cret  du  31  octobre  2024  portant  nomination  de  Monsieur  Alexandre  BRUGERE,  en\nqualit\u00e9 de  Pr\u00e9fet des  Hauts-de-Seine\nVu  l'ar\u00e8t\u00e9 interminist\u00e9riel du  12  ao\u00fbt  2025  nommant  Monsieur  Fabrice  MASI,  Directeur\nr\u00e9gional  et interd\u00e9partemental de l'\u00e9conomie, de Tempio,  du travail et des solidarit\u00e9sd'le-\nde-France  \u00e0 compter  du  25  ao\u00fbt  2025 ;\nVu  l'arr\u00e9t\u00e9 pr\u00e9fectoral n\u00b0202533  du  22  ao\u00fbt  2025  par  lequel  le Pr\u00e9fet  des  Hauts-de-Seine\nd\u00e9l\u00e8gue  sa  signature  \u00e0 Monsieur  Fabrice  MASI,  Directeur  r\u00e9gional  et interd\u00e9partemental\nde  l'\u00e9conomie, de  l'emploi, du  travail et des  solidarit\u00e9s d'\u00cele-de-France\nVu  la  d\u00e9cision  n\u00b0 2025-187  du  25  ao\u00fbt  2025  portant  subd\u00e9l\u00e9gation  de  signature  de  Monsieur\nFabrice  MASI,  Directeur  r\u00e9gional  et interd\u00e9partemental  de  l'\u00e9conomie,  de  l'emploi, du\ntravail et des  solidart\u00e9s  d'le-de-France, aux  agents  de  l'Unit\u00e9 d\u00e9partementale  des  Hauts-\nde-Seine ;\nVu  la d\u00e9claration  d'activit\u00e9s de  services  \u00e0 la personne  d\u00e9pos\u00e9es  le  23 f\u00e9vrier 2026  au  nom  de\nla micro-entreprise  MARTINEZ  Sylvie  sise  63  boulevard  Richard  Wallace  \u00e0  PUTEAUX\n(92800)  ;\n\nApr\u00e8s  examen  du  dossier, cette demande  \u00e9tant conforme  aux  dispositions de  Farce  L. 7232-1-\n1 du code  du traval, le pr\u00e9sent r\u00e9c\u00e9piss\u00e9 de d\u00e9claration d'activit\u00e9s de services \u00e0 la personne  \u00e0\n\u00e9t\u00e9 enregistr\u00e9 au  nom  de  la micro-entreprise MARTINEZ  Syvie  sous  le num\u00e9ro  SAP\n1100820640.\nLes  actvits  d\u00e9clar\u00e9es  sont  es  suivantes, clusion  de  toute  autre\n= Entretion  do  la maison  et travaux  m\u00e9nagers  ;\nPrestations relevant du b\u00e9n\u00e9fice de la r\u00e9duction d'impot pr\u00e9vue \u00e0 l'article 199 sexdecies du Code\nG\u00e9n\u00e9ral  des  Imp\u00f4ts.\nLa  structure  exerce  ces  activit\u00e9s selon  le mode  suivant  : PRESTATAIRE\nSous  r\u00e9serve d'\u00eatre exerc\u00e9es  \u00e0 ttre exclusif parle  d\u00e9clarant (ou sous  r\u00e9serve d'une comptabiit\u00e9\ns\u00e9par\u00e9e  pour les personnes  morales dispens\u00e9es  dela  condition d'activit\u00e9 exclusive), ces activit\u00e9s\nouvrent droit au  b\u00e9n\u00e9fice des  dispositions des  articles L. 7233-2  du  code  du  travail et L. 241-10\ndu  code  de  la s\u00e9curit\u00e9  sociale.\nConform\u00e9ment  aux dispositions de Farticle R7232-19  du code du travail, l'organisme d\u00e9clar\u00e9 doit\nproduire au moins chaque  trimeste un \u00e9tat activit\u00e9 et chaque  ann\u00e9e  un bilan quantitatif et\nqualitatif de  Factvi\u00e9  exerc\u00e9e  au  tire de  l'ann\u00e9e \u00e9coul\u00e9e  ainsi qu'un  tableau statistique annuel.\nSi l'organisme d\u00e9clar\u00e9 comporte  plusieurs \u00e9tablissements, les \u00e9tats statistiques ete  bilan annuel\ndistinguent l'activit\u00e9 exerc\u00e9e  par chaque  \u00e9tablissement.\nLe  pr\u00e9sent  r\u00e9c\u00e9piss\u00e9  prend  effot le 23  f\u00e9vrier 2026.\nL'enregistrement de la d\u00e9claration pourra \u00eatre rotir\u00e9 si l'organisme d\u00e9clar\u00e9 cesse de remplir\nles conditions ou de respecter les obligations mentionn\u00e9es  aux  4\u00b0,5\u00b0 et 6\u00b0 de l'article\n7232-17  ou qui m\u00e9connalt les obligations d\u00e9finies \u00e0 article R7232-19 du code du travail.\nd\u00e9partementale  des  Hauts-de-Seine.\nLe pr\u00e9sent r\u00e9c\u00e9piss\u00e9 sera publi\u00e9 au recueil des actes administratifsde la pr\u00e9fecture des Hauts-\nde-Seine.\nFait \u00e0 Nanterre, le 24  f\u00e9vrier 2026\n\n=n  Direction r\u00e9gionale  et interd\u00e9partementale\nde  l'\u00e9conomie,  de  l'emploi,MINIST\u00c8RE\nDU  TRAVAIL,  DE  LA  SANT\u00c9,  du travail et des solidarit\u00e9s\nDES  SOLIDARIT\u00c9S\nET  DES  FAMILLES\nEM\nR\u00e9c\u00e9plss\u00e9  n\u00b02026-110  de  d\u00e9claration  d'activit\u00e9s  de  services  \u00e0  la personne\nenrogistr\u00e9o  sous  le n\u00b0  SAP952615623  au  nom  de  la micro-entreprise  RODRIGUES\nDamien  sise  108  Avenue  du  G\u00e9n\u00e9ral  Leclerc  \u00e0  LA  GARENNE  COLOMBES  (82250)\nLE  PREFET  DES  HAUTS-DE-SEINE\nVu  la loi n\u00b0  2010-853  du  23  juilet  2010  relative  aux  r\u00e9seaux  consulaires,  au  commerce et  \u00e0\nl'artisanat et aux  services (article 31) ;\nVu  la loi n\u00b02018-1776  du  28  d\u00e9cembre  2015  relative  \u00e0  l'adaptation  de  la soci\u00e9t\u00e9  au\nviilissement ;\nVu  l'article 07231-1  du  Code  du  travail;\nVu  les d\u00e9crets  n\u00b0 2011-1132  et n\u00b0 2011-1133  du  20  septembre  2011  modifiant  certaines\ndispositions  du  Code  du  travail, relatives au  ch\u00e8que  emploi-service  universel  et aux\nservices \u00e0 la personne\nVu  le d\u00e9cret  \"2016-750  du  6 juin  2016  relat  \u00e0  la iste  des  activit\u00e9s  de  services  \u00e0  la personne\nsoumises \u00e0 agr\u00e9ment  ou  \u00e0  autorisation dans  le cadre du r\u00e9gime  commun  dela d\u00e9claration  ;\nVu  le d\u00e9cret  du  31  octobre  2024  portant  nomination  de  Monsieur  Alexandre  BRUGERE,  en\n'qualit\u00e9 de  Pr\u00e9fet des  Hauts-de-Seine  ;\nVu  l'ar\u00e8t\u00e9  interminist\u00e9riel du  12  ao\u00fbt  2025  nommant  Monsieur  Fabrice  MASI,  Directeur\nr\u00e9gional et interd\u00e9partemental de  l'\u00e9conomie, de  'emplol, du  travail et des  solidarit\u00e9s  d'le-\nde-France  \u00e0 compter  du  25  ao\u00fbt  2025\nVu  l'arr\u00ebt\u00e9  pr\u00e9fectoral  n\u00b02028-33  du  22  ao\u00fbt  2025  par  lequel  le Pr\u00e9fet  des  Hauts-de-Seine\nd\u00e9l\u00e8gue  sa  signature  \u00e0  Monsieur  Fabrice  MASI,  Directeur  r\u00e9gional  et  interd\u00e9partemental\nde  l'\u00e9conomie, de  l'emploi, du  travail et des  solidarit\u00e9s d'\u00cele-de-France\nVu  la d\u00e9cision  n\u00b0 2025-187  du  25  ao\u00fbt  2025  portant subd\u00e9l\u00e8gation  de  signature  de  Monsieur\nFabrice  MASI,  Directeur  r\u00e9gional  et interd\u00e9partemental  de  l'\u00e9conomie,  de  l'emploi, du\ntravail et des  solidarit\u00e9s d'le-de-France,  aux  agents  de  l'Unit\u00e9 d\u00e9partementale  des  Hauts.\nde-Seine\nVu  la  d\u00e9claration  d'activit\u00e9s  de  services  \u00e0  la personne  d\u00e9pos\u00e9es  le 23 f\u00e9vrier  2026  au  nom  de\nla micro-entreprise  RODRIGUES  Damien  sise  109  Avenue  du  G\u00e9n\u00e9ral  Leclerc  \u00e0  LA\nGARENNE  COLOMBES  (92250)\n\n'Apres  examen  du  dossier,  cette demande  \u00e9tant  conforme  aux  dispositions  de  l'article L. 7232-1-\n1 du  code  du  traval, le pr\u00e9sent  r\u00e9c\u00e9piss\u00e9  de  d\u00e9claration d'activit\u00e9s de  services  \u00e0 la personne  a\n\u00e9t\u00e9 enregistr\u00e9 au  nom  de  la micro-entreprise RODRIGUES  Damien  sous  le num\u00e9ro  SAP\n1952615623.\nLes  activites  d\u00e9clar\u00e9es  sont  les  suivantes,  \u00e0 l'exclusion  de  toute  autre\nEntretien  de  la maison  et  travaux  m\u00e9nagers  ;\n= Travaux de  petit  bricolage  dits  \u00ab  homme  toutes  mains\nPrestations relevant du  b\u00e9n\u00e9fice de  la r\u00e9duction d'imp\u00f4t pr\u00e9vue  \u00e0 article 199  sexdecies du Code\nG\u00e9n\u00e9ral  des  Imp\u00f4ts.\nLa  structure  exerce  ces  activit\u00e9s selon  le mode  suivant  : PRESTATAIRE\nSous  r\u00e9serve  d'\u00eatre exerc\u00e9es  \u00e0 tire exclusif par  le d\u00e9clarant  (ou  sous  r\u00e9serve  dune  comptablit\u00e9\ns\u00e9par\u00e9e  pour  les personnes  morales  dispens\u00e9es de la condition 'activit\u00e9 exclusive), ces  activit\u00e9s\nouvrent droit au  b\u00e9n\u00e9fice des  dispositions des  articles L. 7233-2  du code du  traval et L. 241-10\ndu  code  de  la s\u00e9curit\u00e9  sociale.\nConform\u00e9ment  aux  dispositions de  l'article R7232-19  du  code  du  travail, l'organisme d\u00e9clar\u00e9 doit\nproduire au  moins  chaque  trimestre un  \u00e9tat d'actvit\u00e9 et chaque  ann\u00e9e  un  bilan quantitatif et\nquaitatf  de l'activit\u00e9 exerc\u00e9e  au  tite de  l'ann\u00e9e  \u00e9coul\u00e9e  ainsi qu'un  tableau  statistique annuel\nSi l'organisme d\u00e9clar\u00e9 comporte  plusieurs \u00e9tablissements, les \u00e9tats statistiques ete  bilan annuel\ndistinguent  activit\u00e9  exerc\u00e9e  par  chaque  \u00e9tablissement\nLe  pr\u00e9sent  r\u00e9c\u00e9piss\u00e9  prend  effet le 23 f\u00e9vrier 2026.\nL'enrogistrement  de  la d\u00e9claration  pourra \u00eatre retir\u00e9 si l'organisme  d\u00e9clar\u00e9 cesso  de  remplir\nles conditions  ou  de  respocter  les obligations  mentionn\u00e9es  aux  4\u00b0,5\u00b0 ot 6\u00b0 do  l'article\n7232.17  ou  qui  m\u00e9connai  les  obligations  d\u00e9finies  \u00e0  l'article  R7232-18  du  code  du  traval\n'Toute modification concernant ia structure d\u00e9clar\u00e9e ou las activit\u00e9s exerc\u00e9es devra, sous\npeine de retrait de Ta d\u00e9claration, fave l'objet d'une d\u00e9claration modicatve  aupr\u00e8s de Unite\n'Separtementale  des  Hauts-de-Seine\nLe  pr\u00e9sent r\u00e9c\u00e9piss\u00e9  sera publi\u00e9 au  recuel  des  actes administratifsde la pr\u00e9fecture des Hauts-\nde-Seine,\nFait \u00e0 Nanterre, le 24 f\u00e9vrier 2026.\n\nEE  Direction  r\u00e9gionale  et  interd\u00e9partementale\nMINISTERE  de l'\u00e9conomie, de l'emploi,\nDU  TRAVAIL,  DE  LA  SANT\u00c9,  du travail ot des solidarit\u00e9s\nDES  SOLIDARIT\u00c9S\nET  DES  FAMILLES\nA\nR\u00e9c\u00e9piss\u00e9  n*2026-111  de  d\u00e9claration  d'activit\u00e9s  de  services  \u00e0 la personne\n'enregistr\u00e9e  sous  le n\u00b0  SAP995173853  au  nom  de  la micro-entreprise  STEPHEN\n'CAROLINE  sise  8  Villa la Mesie  \u00e0  CHATILLON  (92320)\nLE  PREFET  DES  HAUTS-DE-SEINE\nVu  la loi n\u00b0 2010-863  du  23  jullet 2010  relative aux  r\u00e9seaux  consulai\nl'isanat  ot  aux  services  (article 31)\nVu  la lo  n\u00b02015-1776  du  28  d\u00e9cembre  2015  relative \u00e0 adaptation  de  la soci\u00e9t\u00e9  au\nviilissement ;\n'au commerce et \u00e0\nVu  l'article D7231-1  du  Code du travail\nVu  les d\u00e9crets  n\u00b0  2011-1132  et n\u00b0  2011-1133  du  20  septembre  2011  modifiant  certaines.\ndispositions  du  Code  du  travail, relatives au  ch\u00e8que  emploi-service  universel  et aux\nservices  \u00e0 la personne\nVu  le d\u00e9cret  n\u00b02016-750  du  6  juin 2016  relat  \u00e0 la liste des  activites de  services  \u00e0 la personne\nsoumises \u00e0 agr\u00e9ment ou  \u00e0 autorisation  dans le cadre  du  r\u00e9gime  commun  de  a  d\u00e9claration;\nVu  le d\u00e9cret  du  31  octobre  2024  portant  nomination  de  Monsieur  Alexandre  BRUGERE,  en\nqualt\u00e9 de Pr\u00e9fet des Hauts-de-Seine \\\nVu  l'ar\u00e9t\u00e9 imerminist\u00e9rel  du  12  ao\u00fbt  2025  nommant  Monsieur  Fabrice  MASI,  Directeur\nr\u00e9gional  et interd\u00e9partemental de \u00e9conomie,  de  l'emploi, du  travail  et des  soldartes dlle-\nde-France  \u00e0  compter  du  25  ao\u00fbt  2025  ;\nVu  l'arr\u00eat\u00e9  pr\u00e9fectoral  n\u00b02025-33  du  22  ao\u00fbt  2025  par  lequel  le Pr\u00e9fet  des  Hauts-de-Seine\nd\u00e9l\u00e8gue  sa  signature  \u00e0 Monsieur  Fabrice  MASI,  Directeur  r\u00e9gional  et interd\u00e9partemental\nde  l'\u00e9conomie, de  l'emploi, du  travailet des solidarit\u00e9s d'\u00cele-de-France\nVu  la d\u00e9cision  n\u00b0 2025-157  du  25  ao\u00fbt  2025  portant subd\u00e9l\u00e9gation  de  signature  de  Monsieur\nFabrice  MASI,  Directeur  r\u00e9gional  et interd\u00e9partemental  de  l'\u00e9conomie.  de  l'emploi,  du\ntravail et des  solidarit\u00e9s dlle-de-France,  aux  agents  de  l'Unit\u00e9 d\u00e9partementale  des  Hauts-\nde-Seine  ;\nVu  la  d\u00e9claration activit\u00e9s de  services  \u00e0 la personne  d\u00e9pos\u00e9es  le 24 f\u00e9vrier 2026  au  nom  de\nLa micro-entreprise  STEPHEN  CAROLINE  sise  8  Vila  la Mesie  \u00e0  CHATILLON  (92320):\n\n'Apr\u00e8s examen  du  dossier, cette demande  \u00e9tant conforme  aux  dispositions de  Fartcie L. 7282-1-\n1 du code  du  travail, le pr\u00e9sent  r\u00e9c\u00e9piss\u00e9  de  d\u00e9claration d'activit\u00e9s de  services \u00e0 la personne a\n\u00e9t\u00e9  enregistr\u00e9  au  nom  de  la micro-entreprise  STEPHEN  CAROLINE  sous  le num\u00e9ro  SAP\n1995173853,\nLes  activit\u00e9s d\u00e9ctar\u00e9es  sont  les suivantes,  & l'exclusion de  toute  autre\nEntretien  do  la maison  ot  travaux  m\u00e9nagers  ;\nPrestations  relevant  du  b\u00e9n\u00e9fice  dela  r\u00e9duction  d'imp\u00f4t  pr\u00e9vue  \u00e0  article  199  sexdecies du  Code\nG\u00e9n\u00e9ral  des  imp\u00e9ts.\nLa  structure  exerce  ces  activit\u00e9s  selon  le mode  suivant:  PRESTATAIRE\nSous  r\u00e9serve  d'\u00eatre exerc\u00e9es  \u00e0  ttre exclus  par  le d\u00e9ciarant  (ou  sous  r\u00e9serve  d'une  comptabilte\ns\u00e9par\u00e9e  pour  les personnes  morales  dispens\u00e9es de la condition d'actvit\u00e9 exclusive), ces  activit\u00e9s\nouvrent  droit au  b\u00e9n\u00e9fice  des  dispositions  des  articles L. 7233-2  du  code  du  travai  et L  241-10\n'du code  de  la s\u00e9curit\u00e9 sociale.\n(Conform\u00e9ment  aux  dispostions  de  l'aticie R7232-19  du  code  du  travail l'organisme  d\u00e9clar\u00e9  doit\nproduire au moins chaque trimestre un \u00e9tat dactivt\u00e9 et chaque  ann\u00e9e  un bilan quanttat et\nqualtatf de l'activit\u00e9 exerc\u00e9e au tire de l'ann\u00e9e \u00e9coul\u00e9e ainsi qu'un tableau statistique annuel.\nSi l'organisme  d\u00e9ciar\u00e9  comporte  plusieurs  \u00e9tablissements,  les \u00e9tats statistiques et le bilan annuel\ndistinguent  Factivit\u00e9 exerc\u00e9e  par  chaque  \u00e9tablissement\nLe  pr\u00e9sent  r\u00e9c\u00e9piss\u00e9  prend  offet le 24  f\u00e9vrier  2026.\nL'enregistrement  de  la d\u00e9claration  pourra  \u00eatre  retir\u00e9 si l'organisme  d\u00e9clar\u00e9 cosse  de  romplir\nles conditions  ou  de  respecter  les obligations  mentionn\u00e9es  aux  4\u00b0,5* ot 6\u00b0 de  l'article\n7282.17  ou  qui  m\u00e9connait  les obligations  d\u00e9finies  \u00e0  article R7232-19  du code  du  travail,\n'Toute modification concemant  la structure d\u00e9clar\u00e9e ou les activit\u00e9s axerc\u00e9es devra, sous\npeine  de  reat  de  la d\u00e9caraton,  fare  l'objet une  d\u00e9claration  morifcatve  aupr\u00e9s  de  FUnit\u00e9\nd\u00e9partementale  des  Hauts-de-Seine.\nLe  pr\u00e9sent  r\u00e9c\u00e9piss\u00e9  sera  publi\u00e9  au  recueil des  actes  administratfs  de  la pr\u00e9fecture  des  Hauts-\nde-Seine,\nFait \u00e0 Nanterre,  le 25  f\u00e9vrier 2028\n\nE  Direction  r\u00e9gionale  et  interd\u00e9partementale\nMINIST\u00c8RE de l'\u00e9conomie, de l'emploi,\nDU  TRAVAIL,  DE  LA  SANT\u00c9,  du travailet des solidarit\u00e9s\nDES  SOLIDARIT\u00c9S\nET  DES  FAMILLES\nfeo\nR\u00e9c\u00e9piss\u00e9  n*2026-112  de  d\u00e9claration  d'activit\u00e9s  de  services  \u00e0  la personne\n'enrogistr\u00e9e  sous  lo n\u00b0  SAP101284131  au  nom  de  la  micro-entroprise  OMAR\nZAKARIA  sise  8  Rue  F\u00e9lix  a COLOMBES  (92700)\nLE  PREFET  DES  HAUTS-DE-SEINE\nVu  la loi n\u00b0 2010-863  du  23  jullet 2010  relative aux  r\u00e9seaux  consulaires, au  commerce  et \u00e0\nl'arisanat et aux  services  (article 31);\nVu  la loi n\u00b02015-1776  du  28  d\u00e9cembre  2015  relative  \u00e0  adaptation  de  la soci\u00e9t\u00e9  au\nViellissement ;\nVu  l'article 07231-1  du  Code  du  travail;\nVu  les d\u00e9crets  n\u00b0 2011-1132  et n\u00b0 2011-1133  du  20  septembre  2011  modfiant  certaines.\ndispositions  du  Code  du  travail, relatives au  ch\u00e8que  emploiservice  universel et aux\nservices \u00e0 la  personne  ;\nVu  le d\u00e9cret  n\u00b02016-750  du  6 juin 2016  relatif \u00e0 la liste des  activit\u00e9s de  services  \u00e0 la personne\nsoumises  \u00e0  agr\u00e9ment ou  \u00e0 autorsation  dans  le cadre  du  r\u00e9gime  commun  de  la d\u00e9claration  ;\nVu  le  d\u00e9cret  du  31  octobre  2024  portant  nomination  de  Monsieur  Alexandre  BRUGERE,  en\nqualt\u00e9  de  Pr\u00e9fet des  Hauts-de-Seine\nVu  l'\u00e9t\u00e9  interminist\u00e9riel du  12  ao\u00fbt  2025  nommant  Monsieur  Fabrice  MASI,  Directeur\nr\u00e9gional et interd\u00e9partemental de  l'\u00e9conomie, de  l'emploi, du travail et des  solidant\u00e9s d'le-\n'de-France  \u00e0  compter  du  25  ao\u00fbt  2025\nVu  l'arr\u00eat\u00e9 pr\u00e9fectoral n\u00b02025-33  du  22  ao\u00fbt  2025  par  lequel  le Pr\u00e9fet  des  Hauts-de-Seine\nd\u00e9l\u00e8gue  sa  signature \u00e0 Monsieur  Fabrice  MASI,  Directeur  r\u00e9gional  et interd\u00e9partemental\nde  l'\u00e9conomie, de  l'emploi,du traval et des soidart\u00e9s  dile-de-France\nVu  la d\u00e9cision  n\u00b0 2025-157  du  25  ao\u00fbt  2025  portant subd\u00e9l\u00e9gation  de  signature  de  Monsieur\nFabrice  MASI,  Directeur  r\u00e9gional  et interd\u00e9partemental  de  l'\u00e9conomie,  de  l'emploi, du\ntravail et  des  solidarit\u00e9s  d'le-de-France,  aux  agents  de  l'Unit\u00e9  d\u00e9partementale  des  Hauts-\nde-Seine\nVu  la d\u00e9claration  'activit\u00e9s de  services  \u00e0 la personne  d\u00e9pos\u00e9es  le  18 f\u00e9vrier 2026  au  nom  de\nla micro-entreprise  OMAR  ZAKARIA  sise  8  Rue  F\u00e9lix  COLOMBES  (92700);\n\nApr\u00e8s  examen  du  dossier, cette demande  \u00e9tant  conforme  aux  dispositions  de  article L. 7232-1\n1 du  code  du  travail, le pr\u00e9sent  r\u00e9c\u00e9piss\u00e9  de  d\u00e9claration  d activites de  services  \u00e0 la personne  a\n\u00e9t\u00e9 enregistr\u00e9  au  nom  de  la micro-entreprise  OMAR  ZAKARIA  sous  le num\u00e9ro  SAP  101284131,\nLes  activites d\u00e9clar\u00e9es  sont  les suivantes,  \u00e0 exclusion  de  toute  autre\n~Entrotien de  la  maison et  travaux  m\u00e9nagers ;\nPrestations  relevant  du  b\u00e9n\u00e9fice  dela  r\u00e9duction  d'imp\u00f4t  pr\u00e9vue  \u00e0 article 199  sexdecies  du  Code\nG\u00e9n\u00e9ral  des  Imp\u00f4ts.\nLa  structure  exerce  ces  activit\u00e9s  selon le mode  suivant  : PRESTATAIRE\nSous r\u00e9serve  d'\u00e9tre exerc\u00e9es  \u00e0 tre  exclus  par  le d\u00e9ciarant  (ou sous  r\u00e9serve  d'une  comptabilit\u00e9\ns\u00e9par\u00e9e pour les personnes morales dispens\u00e9es dela condition d activit\u00e9 exclusive), ces activit\u00e9s\nouvrent dro  au  b\u00e9n\u00e9fice  des  dispositions  des articles L. 7233-2  du  code du traval  et L  241-10\n'du code  de  ia s\u00e9curt\u00e9  sociale.\n(Conform\u00e9ment  aux  dispositions  de  article R7232-19  du  code  du  travail, l'organisme  d\u00e9clar\u00e9  doit\nproduire au  moins  chaque  trimestre un \u00e9tat d'activit\u00e9 et chaque  ann\u00e9e  un  bilan quanttatt et\nquaitatf de l'activit\u00e9 exerc\u00e9e au tire de l'ann\u00e9e \u00e9coul\u00e9e ainsi qu'un tableau statistique annuel.\nSi l'organisme  d\u00e9ciar\u00e9  comporte  plusieurs  \u00e9tablissements,  le  \u00e9tats statistiques et le blan  annuel\ndistinguent  l'activit\u00e9 exerc\u00e9e  par  chaque  \u00e9tablissement\nLe  pr\u00e9sent  r\u00e9c\u00e9piss\u00e9  prend  effet le 18  f\u00e9vrior  2026.\nL'enregistrement  de  la d\u00e9claration  pourra  \u00eatre retir\u00e9 si l'organisme  d\u00e9clar\u00e9  cesse de  remplir\nles conditions  ou  de  respecter  les obligations  mentionn\u00e9es  aux  4\u00b0,5\u00b0 ot 6\u00b0 de  l'article\n723247  ou  qui  m\u00e9connait  les obligations  d\u00e9finies  \u00e0 l'article R7232-19 du code  du  travail,\nToute  modification concernant is structure d\u00e9clar\u00e9e ou les activit\u00e9s exerc\u00e9es devra, sous\npaie  de reat  dela  d\u00e9caraton, fare Tobjet une  d\u00e9caration modiicalve aupr\u00e9s de fUnt\u00ae\nd\u00e9partementale  des  Hauts-de-Seine.\nLe  pr\u00e9sent  r\u00e9c\u00e9piss\u00e9  sera  publi\u00e9  au  recueil des  actes  administratfs  de  la pr\u00e9fecture  des  Hauts-\nde-Seine.\nFait \u00e0 Nanterre,  le 25 f\u00e9vrier 2026.\n\n=e ee SE eee Bm ee a SR EEE SR 2 MR SERIES em 4264 UE D SR\nLAee DRE D DE OS DDD SR\nIMmMRI AA M  =\n= \" \" 1 1 1 x\nrer  nee  er  Mme\n~  , . \u00ab , , 1\nAR IA == a . \" CS  .\n1 \" 1 . . \" oe \" 1. 4  - 1 \"4 1 1\n\u2014_s \u00ab CI oo. an\nxat 1 rr  ATs rT\nzwe  EN UN  ke  me  ere\n156\nRECUEIL DES ACTES ADMINISTRATIFS\nDU\nPR\u00c9FET DES HAUTS-DE-SEINE\nISSN 0985 - 5955\nPour toute correspondance, s'adresser \u00e0 :\nPR\u00c9FET DES HAUTS-DE-SEINE\nSecr\u00e9tariat g\u00e9n\u00e9ral\nSecr\u00e9tariat g\u00e9n\u00e9ral aux affaires d\u00e9partementales\n167/177, Avenue Joliot Curie\n92013 NANTERRE CEDEX\nLe recueil des actes administratifs est consultable en ligne sur le site de la pr\u00e9fecture\nAdresse Internet : https://www.hauts-de-seine.gouv.fr/\nDirecteur de la publication :\nAlexandre BRUG\u00c8RE\nPR\u00c9FET DES HAUTS-DE-SEINE\nLADR DR D D D SU OS E D ER D _ = ~-,\n157\nPR\u00c9FECTURE DES HAUTS-DE-SEINE\n167-177, avenue Joliot Curie 92013 NANTERRE Cedex\nCourriel : sgc-courrier@hauts-de-seine.gouv.fr\nStandard : 01.40.97.20.00 T\u00e9l\u00e9copie 01.40.97.25.21\nAdresse Internet : https://www.hauts-de-seine.gouv.fr/","date":"2026-03-04","first_seen_on":"2026-03-04T17:59:16+00:00","id":"5e1de2684cc827ca1f33159a072fc1cc73aa341c424ddc1b0f29c848c3aff23f","name":"2026-03-04 RAA sp\u00e9cial DRIEETS-UD92 du 04 mars 2026","pdf_creation_date":null,"pdf_modification_date":null,"timezone":"Europe/Paris","url":"https://www.hauts-de-seine.gouv.fr/contenu/telechargement/28295/195786/file/2026-03-04%20RAA%20sp%C3%A9cial%20DRIEETS-UD92%20du%2004%20mars%202026.pdf"}
