{"administration":"prefidf","administration_name":"Pr\u00e9fecture de la r\u00e9gion \u00cele-de-France","content":"PREFECTURE\nREGION ILE DE\nFRANCE\nRECUEIL DES ACTES\nADMINISTRATIFS SP\u00c9CIAL\n(NOMINATIFS)\nN\u00b0IDF-050-2025-10\nPUBLI\u00c9 LE 23 OCTOBRE 2025\nSommaire\nAgence R\u00e9gionale de Sant\u00e9 /\nIDF-2025-10-17-00011 - Arr\u00eat\u00e9 n\u00b0 278/2025 pronon\u00e7ant la\nprolongation de la mise sous administration provisoire de\nl'Etablissement d'H\u00e9bergement pour Personnes Ag\u00e9es\nD\u00e9pendantes (EHPAD) \u00ab R\u00e9sidence les Quatre Saisons \u00bb, situ\u00e9 73,\nrue Louise Michel - 93170 Bagnolet, FINESS n\u00b0 93001944, et g\u00e9r\u00e9 par le\nCentre Intercommunal d'Action Sociale (CIAS) de Bagnolet -\nRomainville (5 pages) Page 3\nAgence R\u00e9gionale de Sant\u00e9 / Agence r\u00e9gionale de sant\u00e9\nd'Ile-de-France-P\u00f4le RH en sant\u00e9\nIDF-2025-10-23-00003 - Arr\u00eat\u00e9 n\u00b0 ARS - DOS - 2025/ 4492 fixant la liste\ndes m\u00e9decins en exercice acc\u00e9dant au troisi\u00e8me cycle des \u00e9tudes\nde m\u00e9decine affect\u00e9s en formation pour le semestre de novembre\n2025 \u00e0 avril 2026 dans la subdivision d'Ile-de-France\n (3 pages) Page 9\nIDF-2025-10-22-00004 - Arr\u00eat\u00e9 n\u00b0 DOS - 2025 / 4498 modifiant\nl'arr\u00eat\u00e9 n\u00b0 DOS/2022-1926 fixant la composition des membres \nde\nla commission r\u00e9gionale de l'activit\u00e9 lib\u00e9rale \n (3 pages) Page 13\nAgence R\u00e9gionale de Sant\u00e9 / Direction de la D\u00e9mocratie en Sant\u00e9 et\nde la Communication-D\u00e9mocratie Sanitaire\nIDF-2025-10-23-00002 - ARR\u00caT\u00c9 n\u00b02025/36\nArr\u00eat\u00e9 modifiant la\nliste des membres de la conf\u00e9rence r\u00e9gionale de la sant\u00e9\net de\nl'autonomie d'\u00cele-de-France (15 pages) Page 17\n2\nAgence R\u00e9gionale de Sant\u00e9\nIDF-2025-10-17-00011\nArr\u00eat\u00e9 n\u00b0 278/2025 pronon\u00e7ant la prolongation\nde la mise sous administration provisoire de\nl'Etablissement d'H\u00e9bergement pour Personnes\nAg\u00e9es D\u00e9pendantes (EHPAD) \u00ab R\u00e9sidence les\nQuatre Saisons \u00bb, situ\u00e9 73, rue Louise Michel -\n93170 Bagnolet, FINESS n\u00b0 93001944, et g\u00e9r\u00e9 par\nle Centre Intercommunal d'Action Sociale (CIAS)\nde Bagnolet - Romainville\nAgence R\u00e9gionale de Sant\u00e9 - IDF-2025-10-17-00011 - Arr\u00eat\u00e9 n\u00b0 278/2025 pronon\u00e7ant la prolongation de la mise sous administration\nprovisoire de l'Etablissement d'H\u00e9bergement pour Personnes Ag\u00e9es D\u00e9pendantes (EHPAD) \u00ab R\u00e9sidence les Quatre Saisons \u00bb, situ\u00e9 73,\nrue Louise Michel - 93170 Bagnolet, FINESS n\u00b0 93001944, et g\u00e9r\u00e9 par le Centre Intercommunal d'Action Sociale (CIAS) de Bagnolet -\nRomainville\n3\nREPUBLIQUE a 4 Seine Sail penisFRAN\u00c7AISE @ D Agence R\u00e9gionale de Sant\u00e9 LE D\u00c9PARTEMENT]Libert\u00e9 \u00cele-de-FranceEgalit\u00e9Fraternit\u00e9\n \n \n \n \n \n \n \nARR\u00caT\u00c9 N\u00b0 278/2025 \n \npronon\u00e7ant la prolongation de la mise sous administration provisoire de l'Etablissement \nd'H\u00e9bergement pour Personnes Ag\u00e9es D\u00e9pendantes (EHPAD) \u00ab R\u00e9sidence les Quatre \nSaisons \u00bb, situ\u00e9 73, rue Louise Michel - 93170 Bagnolet, FINESS n\u00b0 93001944, et g\u00e9r\u00e9 par le \nCentre Intercommunal d'Action Sociale (CIAS) de Bagnolet \u2013 Romainville. \n \n \nLE DIRECTEUR G\u00c9N\u00c9RAL DE L'AGENCE R\u00c9GIONALE DE SANT\u00c9 \u00ceLE-DE-FRANCE \nLE PRESIDENT DU CONSEIL DEPARTEMENTAL DE SEINE-SAINT-DENIS \n \n \nVU le Code de la Sant\u00e9 Publique ; \n \nVU le Code G\u00e9n\u00e9ral des Collectivit\u00e9s Territoriales  et notamment la troisi\u00e8me     \npartie relative au D\u00e9partement ; \n \nVU \n \nle Code de l'Action Sociale et des Familles, et notamment les articles L. 313 -\n14, R. 313-26, R.313-26-1, R.313-27 et R. 331-7 ; \n \nVU le code de justice administrative, et notamment son article R. 312-1 ; \n \nVU le d\u00e9cret n\u00b02010 -336 du 31 mars 2010 portant cr\u00e9ation des Agences   \nr\u00e9gionales de sant\u00e9 (ARS) ; \n \nVU le d\u00e9cret du 10 avril 2024 portant nomination de Monsieur Denis ROBIN,  en \nqualit\u00e9 de Directeur g\u00e9n\u00e9ral de l'Agence r\u00e9gionale de sant\u00e9 \u00cele-de-France ; \n \nVU \n \nl'\u00e9lection le 1 er juillet 2021 de M. St\u00e9phane Troussel \u00e0 la pr\u00e9sidence du      \nConseil D\u00e9partemental de la Seine-Saint-Denis ; \n \nVU  l'arr\u00eat\u00e9 du Pr\u00e9sident du Conseil d\u00e9partemental n\u00b02024 -446 du 29 novembre \n2024 donnant d\u00e9l\u00e9gation de signature \u00e0 Monsieur Olivier Veber, Directeur \ng\u00e9n\u00e9ral des services du D\u00e9partement ; \n \nVU l'inspection de l'EHPAD \u00ab R\u00e9sidence les Quatre Saisons  \u00bb des 13 et 14 juin \n2023 et le courrier d'intention pr\u00e9liminaire en date du 18 juillet 2023 adress\u00e9 \nconjointement par l'A gence r\u00e9gional de sant\u00e9  \u00cele-de-France et le Conseil \nD\u00e9partemental de la Seine -Saint-Denis portant sur six injonctions,  \nsusceptibles, \u00e0 tr\u00e8s court terme, d'affecter la prise en charge des r\u00e9sidents         \net n\u00e9cessitant des mesures imm\u00e9diates ; \n \n \n  \nAgence R\u00e9gionale de Sant\u00e9 - IDF-2025-10-17-00011 - Arr\u00eat\u00e9 n\u00b0 278/2025 pronon\u00e7ant la prolongation de la mise sous administration\nprovisoire de l'Etablissement d'H\u00e9bergement pour Personnes Ag\u00e9es D\u00e9pendantes (EHPAD) \u00ab R\u00e9sidence les Quatre Saisons \u00bb, situ\u00e9 73,\nrue Louise Michel - 93170 Bagnolet, FINESS n\u00b0 93001944, et g\u00e9r\u00e9 par le Centre Intercommunal d'Action Sociale (CIAS) de Bagnolet -\nRomainville\n4\n2 \n \n \nVU la mise en place d'une mission d'appui et sa restitution en date du 1 er septembre \n2023 identifiant des leviers pour s\u00e9curiser la gouvernance de l '\u00e9tablissement et \ninvitant \u00e0 mettre en place une mission d'accompagnement ; \n \nVU les \u00e9changes intervenus entre l'\u00e9tablissement et les autorit\u00e9s durant la  proc\u00e9dure \npr\u00e9liminaire et notamment :  \n- la lettre de d\u00e9cision s du 13 novembre 2023 notifiant le maintien des six \ninjonctions,  \n- les \u00e9l\u00e9ments transmis par l'\u00e9tablissement le 11 d\u00e9cembre 2023 ayant  \npermis de lever deux injonctions sur six ; \n \nVU la lettre d'intention du 24 f\u00e9vrier 2024 adress\u00e9e \u00e0 l'\u00e9tablissement, \u00e0 l'issue de la \nproc\u00e9dure pr\u00e9liminaire, portant sur 14 injonctions, 2 3 prescriptions et 5 8 \nrecommandations ; \n \nVU la mise en place de la mission d'accompagnement de l'\u00e9tablissement en avril 2024 \npuis sa suspension en date du 24 juin 2024 compte tenu de blocage et de l'absence \nd'une vision partag\u00e9e au niveau de la gouvernance ; \n \nVU les \u00e9changes intervenus entre l'\u00e9tablissement et les autorit\u00e9s durant la proc\u00e9dure \ncontradictoire et notamment les \u00e9l\u00e9ments transmis par l'\u00e9tablissement le 2 mai   \n2024 ayant permis de lever 1 injonction sur 14 ; \n \nVU la lettre de d\u00e9cisions adress\u00e9e \u00e0 l'\u00e9tablissement le 16 juillet 2024 \u00e0 l'issue de la \nproc\u00e9dure contradictoire maintenant 13 injonctions, 22 prescriptions et 57 \nrecommandations ; \n \nVU les \u00e9changes intervenus entre l'\u00e9tablissement et les autorit\u00e9s \u00e0 la suite de la lettre \nde d\u00e9cisions d\u00e9finitive et notamment : \n- les \u00e9l\u00e9ments transmis le 5 octobre 2024  par l'\u00e9tablissement. Les r\u00e9ponses \napport\u00e9es et l'absence de transmission d'\u00e9l\u00e9ments de preuve n 'ont pas \npermis la lev\u00e9e de certaines des injonctions ou prescriptions notifi\u00e9es, \n- le courrier conjoint de l' Agence r\u00e9gionale de sant\u00e9  \u00cele-de-France et du \nConseil d\u00e9partemental de la Seine-Saint-Denis du 16 d\u00e9cembre 2024 relatif \n\u00e0 l'engagement d'une d\u00e9marche d'administration provisoire de l'EHPAD \n\u00ab R\u00e9sidence les Quatre Saisons \u00bb, \n- les d\u00e9lib\u00e9rations du Conseil d'administration du CIAS de Bagnolet - \nRomainville du 10 janvier 2025 relatif \u00e0 une mise sous administration \nprovisoire accordant un d\u00e9lai de 6 mois au x nouveaux directeur et \nresponsable des finances ; \n \nVU la mission de suite d'inspection r\u00e9alis\u00e9e sur site le 19 f\u00e9vrier 2025 ; \n \nVU l'arr\u00eat\u00e9 conjoint num\u00e9ro 78/2025 en date du 21 mars 2025 du Directeur G\u00e9n\u00e9ral     \nde l'Agence R\u00e9gionale de Sant\u00e9 \u00cele-de-France et du Pr\u00e9sident du Conseil \nD\u00e9partemental de la Seine -Saint Denis pronon\u00e7ant la mise sous administration \nprovisoire de l'EHPAD \u00ab R\u00e9sidence les Quatre Saisons \u00bb situ\u00e9 73, rue Louise Michel \n\u2013 93170 Bagnolet, FINESS n\u00b093001944, et g\u00e9r\u00e9 par le Centre Intercommunal \nd'Action Sociale (CIAS) de Bagnolet \u2013 Romainville. \n \nCONSID\u00c9RANT que des dysfonctionnements structurels dans la gouvernance, le pilotage et la \ngestion de l'\u00e9tablissement ont \u00e9t\u00e9 constat\u00e9s lors de l'inspection r\u00e9alis\u00e9e par les \nservices de l'A gence r\u00e9gionale de sant\u00e9  \u00cele-de-France et du Conseil \nAgence R\u00e9gionale de Sant\u00e9 - IDF-2025-10-17-00011 - Arr\u00eat\u00e9 n\u00b0 278/2025 pronon\u00e7ant la prolongation de la mise sous administration\nprovisoire de l'Etablissement d'H\u00e9bergement pour Personnes Ag\u00e9es D\u00e9pendantes (EHPAD) \u00ab R\u00e9sidence les Quatre Saisons \u00bb, situ\u00e9 73,\nrue Louise Michel - 93170 Bagnolet, FINESS n\u00b0 93001944, et g\u00e9r\u00e9 par le Centre Intercommunal d'Action Sociale (CIAS) de Bagnolet -\nRomainville\n5\n3 \nd\u00e9partemental de Seine-Saint-Denis les 13 et 14 juin 2023 au sein des locaux de \nl'EHPAD \u00ab R\u00e9sidence les Quatre Saisons \u00bb, situ\u00e9 73, rue Louise Michel - 93170 \nBagnolet ; \n \n \nCONSID\u00c9RANT que les r\u00e9ponses apport\u00e9es par le gestionnaire de l '\u00e9tablissement ne sont pas \nde nature \u00e0 corriger les 1 3 injonctions, 22 prescriptions et \n57 recommandations notifi\u00e9s de mani\u00e8re d\u00e9finitive \u00e0 l'\u00e9tablissement par courrier \ndu 16 juillet 2024. Les 13 injonctions \u00e9tant :  \n- L'\u00e9laboration du projet d'\u00e9tablissement (injonction), \n- La fiche de poste du directeur, et l'\u00e9tendue de sa d\u00e9l\u00e9gation de pouvoir et \nde signature (injonction), \n- La mise en place par l'\u00e9tablissement d'un plan d'am\u00e9lioration de la qualit\u00e9 \n(injonction), \n- La mise en place d'une politique de promotion de la bientraitance et de \nlutte contre la maltraitance (injonction), \n- La proc\u00e9dure de d\u00e9clarations d'EI/EIG aux deux autorit\u00e9s de contr\u00f4le et \nl'effectivit\u00e9 des signalements (injonction), \n- L'\u00e9laboration d'un plan de formation (injonction), \n- La r\u00e9alisation et actualisation des projets de vie individuels des r\u00e9sidents \n(injonction), \n- Le recrutement d'un m\u00e9decin coordonnateur et d'un infirmier cadre de \nsant\u00e9 (injonction), \n- Les conditions de stockage des produits stup\u00e9fiants et proc\u00e9dures li\u00e9es \n(injonction), \n- La gestion du chariot d'urgence et proc\u00e9dures li\u00e9es (injonction), \n- Les protocoles et proc\u00e9dures de soins (manquants, non actualis\u00e9s, non \nsign\u00e9s) (injonction), \n- L'existence d'une convention de partenariat avec un \u00e9tablissement de \nsant\u00e9 (injonction), \n- L'existence d'une convention de partenariat avec un r\u00e9seau \nd'hospitalisation \u00e0 domicile (HAD) (injonction) ; \n \nCONSID\u00c9RANT l'absence d'\u00e9volution positive de la situation de l'\u00e9tablissement avant la mise en \nplace, au regard des dysfonctionnements relev\u00e9s par les autorit\u00e9s, malgr\u00e9 deux \ntentatives d'accompagnement (mission d'appui et mission d'accompagnement) , \nayant conduit \u00e0 la mise en place de l'administration provisoire ; \n \nCONSID\u00c9RANT que les autorit\u00e9s n'ont pu, lors de la mission de suite d'inspection r\u00e9alis\u00e9e sur site \nle 19 f\u00e9vrier 2025 , que constater l'absence de mise en \u0153uvre de mesures \ncorrectrices ne permettant pas la lev\u00e9e des injonctions dont les d\u00e9lais \u00e9taient \n\u00e9chus ; \n \nCONSID\u00c9RANT \n \n \n \n \nque l'EHPAD conna\u00eet une situation financi\u00e8re d\u00e9grad\u00e9e  en d\u00e9pit du soutien \nfinancier des autorit\u00e9s  (1 047  086 \u20ac en 2023 dans le cadre du Fonds \nd'Intervention R\u00e9gional, et 500  000 \u20ac en 2024 au titre des cr\u00e9dits non \nreconductibles d'appui aux \u00e9tablissements en difficult\u00e9s financi\u00e8res). \nCONSID\u00c9RANT \n \n \n \n \n \n \nque deux \u00e9v\u00e8nements ind\u00e9sirables graves li\u00e9s aux soins concernant des erreurs \nm\u00e9dicamenteuses ayant conduit aux  d\u00e9c\u00e8s des r\u00e9sidents se sont produits en \nao\u00fbt 2023 ; que contrairement \u00e0 ses obligations l\u00e9gislatives et r\u00e9glementaires le \ngestionnaire refuse de transmettre des documents de suite, malgr\u00e9 plusieurs \nrelances des autorit\u00e9s, \n \nque l'\u00e9tablissement n'a pas transmis d'EI/EIG depuis ces \u00e9v\u00e8nements, \nAgence R\u00e9gionale de Sant\u00e9 - IDF-2025-10-17-00011 - Arr\u00eat\u00e9 n\u00b0 278/2025 pronon\u00e7ant la prolongation de la mise sous administration\nprovisoire de l'Etablissement d'H\u00e9bergement pour Personnes Ag\u00e9es D\u00e9pendantes (EHPAD) \u00ab R\u00e9sidence les Quatre Saisons \u00bb, situ\u00e9 73,\nrue Louise Michel - 93170 Bagnolet, FINESS n\u00b0 93001944, et g\u00e9r\u00e9 par le Centre Intercommunal d'Action Sociale (CIAS) de Bagnolet -\nRomainville\n6\n4 \nque ces faits interrogent sur la proc\u00e9dure de suivi des incidents et la mise en \nplace de mesures correctives pour \u00e9viter leur r\u00e9it\u00e9ration ;  \n \n  \nCONSID\u00c9RANT que, malgr\u00e9 les actions d\u00e9j\u00e0 mises en \u0153uvre par l'administration provisoire, les \nmotifs list\u00e9s ci-dessus restent encore d'actualit\u00e9,  \n \nque, au regard de l'ensemble de ces \u00e9l\u00e9ments, ainsi que des comit\u00e9s de pilotage \nmensuel, il est n\u00e9cessaire  de prononcer la prolongation de la mise sous \nadministration provisoire de l'EHPAD \u00ab  R\u00e9sidence l es Quatre Saisons \u00bb pour \ncontinuer \u00e0 accomplir les actes d'administration n\u00e9cessaires \u00e0 mettre fin aux \ndysfonctionnements constat\u00e9s et \u00e0 poursuivre le travail de stabilisation et de \np\u00e9rennisation du fonctionnement de l'\u00e9tablissement. \n \n \n \nARR\u00caTENT \n \n \nARTICLE 1 : Il est ordonn\u00e9 l a prolongation du placement sous Administration Provisoire de \nl'EHPAD public territorial \u00ab R\u00e9sidence les Quatre Saisons \u00bb situ\u00e9 73, rue Louise \nMichel - 93170 Bagnolet pour une dur\u00e9e de 6 mois \u00e0 compter du 24 septembre \n2025. \n \nARTICLE 2 : Monsieur Alberto SERRANO est renouvel\u00e9 dans ses fonctions d'Administrateur \nProvisoire de l'\u00e9tablissement sus vis\u00e9 \u00e0 compter du 24 septembre 2025 pour une \ndur\u00e9e suppl\u00e9mentaire de six mois, afin d'assurer les missions pr\u00e9vues \u00e0 l'article \nL 313-14 du Code de l'action sociale et des familles (CASF) \n \nARTICLE 3 : Monsieur Alberto SERRANO a pour mission d'accomplir tous les actes et prendre \ntoutes mesures de nature \u00e0 remettre l'\u00e9tablissement en conformit\u00e9 notamment \nau regard des injonctions, prescriptions et recommandations notifi\u00e9s \u00e0 \nl'\u00e9tablissement \u00e0 la suite de l 'inspection du 13 et 14 juin 2023 et de la visite de \nsuivi du 19 f\u00e9vrier 2025.  \n \nIl a \u00e9galement pour mission d'accomplir les actes d'administration urgents et \nn\u00e9cessaires pour mettre fin aux difficult\u00e9s constat\u00e9es et de prendre toutes les \nmesures permettant le r\u00e9tablissement du fonctionnement normal de \nl'\u00e9tablissement, notamment pour assurer la continuit\u00e9 de la prise en charge des \npersonnes accueillies.  \n \nA cette fin, il dispose de tous les pouvoirs n\u00e9cessaires \u00e0 l'administration et \u00e0 la \ndirection de l'\u00e9tablissement notamment en mati\u00e8re d'engagement juridique, de \ngestion des ressources humaines, de gestion comptable et financi\u00e8re et de \ngestion logistique.  \n \nLes missions de l'administrateur sont pr\u00e9cis\u00e9es dans une lettre de mission qui lui \nsera notifi\u00e9e dans le prolongement du pr\u00e9sent arr\u00eat\u00e9, \u00e9tant pr\u00e9cis\u00e9 que ces \nmissions pourront \u00e9voluer en fonction de l'\u00e9tat d'avancement de sa mission. \n \nARTICLE 4 :  Monsieur Alberto SERRANO est tenu de rendre r\u00e9guli\u00e8rement compte au \nDirecteur G\u00e9n\u00e9ral de l'Agence R\u00e9gionale de Sant\u00e9 et au Pr\u00e9sident du Conseil \nD\u00e9partemental de la Seine -Saint-Denis, de l'\u00e9tat d'avancement de sa mission \nconform\u00e9ment aux dispositions pr\u00e9vues dans la lettre de mission. \n \nAgence R\u00e9gionale de Sant\u00e9 - IDF-2025-10-17-00011 - Arr\u00eat\u00e9 n\u00b0 278/2025 pronon\u00e7ant la prolongation de la mise sous administration\nprovisoire de l'Etablissement d'H\u00e9bergement pour Personnes Ag\u00e9es D\u00e9pendantes (EHPAD) \u00ab R\u00e9sidence les Quatre Saisons \u00bb, situ\u00e9 73,\nrue Louise Michel - 93170 Bagnolet, FINESS n\u00b0 93001944, et g\u00e9r\u00e9 par le Centre Intercommunal d'Action Sociale (CIAS) de Bagnolet -\nRomainville\n7\nGIgn?GIgn?\n5 \nARTICLE 5 : Conform\u00e9ment aux dispositions du second alin\u00e9a de l'article R 313-26 du CASF, \nsa r\u00e9mun\u00e9ration ainsi que les frais annexes seront imput\u00e9s sur le budget de \nl'\u00e9tablissement et un \u00e9tat de ces frais et de leur paiement sera transmis \nr\u00e9guli\u00e8rement aux autorit\u00e9s tarifaires pour informations. \n \nARTICLE 6 : Pour la dur\u00e9e de sa mission, Monsieur Alberto SERRANO contractera une \nassurance couvrant les cons\u00e9quences financi\u00e8res de sa responsabilit\u00e9, \nconform\u00e9ment \u00e0 l'article L  814-5 du code du commerce. Cette assurance sera \nprise en charge par l'\u00e9tablissement administr\u00e9 dans les m\u00eames conditions que la \nr\u00e9mun\u00e9ration. \n  \nARTICLE 7 : Le pr\u00e9sent arr\u00eat\u00e9 sera notifi\u00e9 aux maires de Bagnolet et de Romainville, au \nPr\u00e9sident du CIAS  Bagnolet - Romainville, et au directeur de l'EHPAD \n\u00ab R\u00e9sidence les Quatre Saisons \u00bb.  \n \nARTICLE 8 :  Le pr\u00e9sent arr\u00eat\u00e9 peut faire l'objet d'un recours devant le tribunal administratif \ncomp\u00e9tent dans un d\u00e9lai de deux mois \u00e0 compter de sa notification ou, \nconcernant les tiers \u00e0 compter de sa publication ; \n \nARTICLE 9 : La Directrice  de la D\u00e9l\u00e9gation d\u00e9partementale de la Seine -Saint-Denis de \nl'Agence r\u00e9gionale de sant\u00e9 \u00cele -de-France et le Directeur G\u00e9n\u00e9ral des Services \ndu D\u00e9partement de la Seine -Saint-Denis sont charg\u00e9s, chacun pour ce qui le \nconcerne, de l'ex\u00e9cution du pr\u00e9sent arr\u00eat\u00e9 qui sera notifi\u00e9 au demandeur, publi\u00e9 \naux recueils des actes administratifs de la R\u00e9gion \u00cele -de-France et sur le site \ninternet du D\u00e9partement de la Seine-Saint-Denis. \n \n \n \n \nFait \u00e0 Saint-Denis, le 17/10/2025 \n \n \n \nPour le Pr\u00e9sident du D\u00e9partement de la \nSeine-Saint-Denis et par d\u00e9l\u00e9gation \n \n \nMonsieur Olivier VEBER \nLe Directeur g\u00e9n\u00e9ral de l'Agence r\u00e9gionale \nde sant\u00e9 \u00cele-de-France \n \n \nMonsieur Denis ROBIN \n \n \n \nAgence R\u00e9gionale de Sant\u00e9 - IDF-2025-10-17-00011 - Arr\u00eat\u00e9 n\u00b0 278/2025 pronon\u00e7ant la prolongation de la mise sous administration\nprovisoire de l'Etablissement d'H\u00e9bergement pour Personnes Ag\u00e9es D\u00e9pendantes (EHPAD) \u00ab R\u00e9sidence les Quatre Saisons \u00bb, situ\u00e9 73,\nrue Louise Michel - 93170 Bagnolet, FINESS n\u00b0 93001944, et g\u00e9r\u00e9 par le Centre Intercommunal d'Action Sociale (CIAS) de Bagnolet -\nRomainville\n8\nAgence R\u00e9gionale de Sant\u00e9\nIDF-2025-10-23-00003\nArr\u00eat\u00e9 n\u00b0 ARS - DOS - 2025/ 4492 fixant la liste\ndes m\u00e9decins en exercice acc\u00e9dant au troisi\u00e8me\ncycle des \u00e9tudes de m\u00e9decine affect\u00e9s en\nformation pour le semestre de novembre 2025 \u00e0\navril 2026 dans la subdivision d'Ile-de-France\nAgence R\u00e9gionale de Sant\u00e9 - IDF-2025-10-23-00003 - Arr\u00eat\u00e9 n\u00b0 ARS - DOS - 2025/ 4492 fixant la liste des m\u00e9decins en exercice\nacc\u00e9dant au troisi\u00e8me cycle des \u00e9tudes de m\u00e9decine affect\u00e9s en formation pour le semestre de novembre 2025 \u00e0 avril 2026 dans la\nsubdivision d'Ile-de-France\n9\nREPUBLIQUEFRANCAISELibert\u00e9Egalit\u00e9Fraternit\u00e9\n4\u00a9 \u00bb Agence R\u00e9gionale de Sant\u00e9Ile-de-France\n \n \n1 \n \n \n \n \n \n \n \n \n  ARR\u00caTE N\u00b0 ARS - DOS - 2025/ 4492 \n \nFixant la liste des m\u00e9decins en exercice acc\u00e9dant au troisi\u00e8me cycle des \u00e9tudes de m\u00e9decine \naffect\u00e9s en formation pour le semestre de novembre 2025 \u00e0 avril 2026 dans la subdivision d'Ile-de-\nFrance \n \nLE DIRECTEUR G\u00c9N\u00c9RAL DE L'AGENCE R\u00c9GIONALE DE SANT\u00c9 D'\u00ceLE-DE-FRANCE \nVU le d\u00e9cret n\u00b0 2017-535 du 12 avril 2017 relatif aux conditions d'acc\u00e8s des m\u00e9decins en exercice \nau troisi\u00e8me cycle des \u00e9tudes de m\u00e9decine ; \n \nVU l'arr\u00eat\u00e9 du 25 avril 2022 relatif aux modalit\u00e9s d'acc\u00e8s des m\u00e9decins en exercice au troisi\u00e8me \ncycle des \u00e9tudes de m\u00e9decine. \n \n \nARR\u00caTE \n \n \nArticle 1er : La liste des m\u00e9decins en exercice acc\u00e9dant au troisi\u00e8me cycle des \u00e9tudes de m\u00e9decine \naffect\u00e9s en formation pour le semestre de novembre 2025 \u00e0 avril 2026 est fix\u00e9e comme suit : \n \n \nPromotion NOM Pr\u00e9nom Sp\u00e9cialit\u00e9 Etablissement Service Chef de \nservice \n2023 ZARKA \nJonathan \nDES Anesth\u00e9sie \nR\u00e9animation \nHENRI MONDOR (AP-\nHP)  \nANESTH\u00c9SIE-\nR\u00c9ANIMATION \nQUESNEL \nCHRISTOPHE  \n2023 OLLIER Marie DES Biologie \nM\u00e9dicale \nHOPITAL EUROPEEN \nGEORGE POMPIDOU \n(AP-HP) \n \nBIOCHIMIE \n \nLORIOT \nMARIE-ANNE \n2023 MARCIANO \nElinor \nDES \nDermatologie COCHIN (AP-HP)   DERMATOLOGIE -\nVENEREOLOGIE \nDUPIN \nNICOLAS \n \n2023 MAUNOURY \nCapucine DES Psychiatrie AVICENNE (AP-HP)  PSYCHOPATHOLOGIE \nENFANT ET ADOS \nTHIERRY \nBAUBET \n2023 BENMOUSSA \nLaila  \nDES Radiologie \net imagerie \nm\u00e9dicale \nCH SAINTE ANNE   IMAGERIE \nMORPHOLOGIQUE ET  \nOPPENHEIM \nCATHERINE  \n2024 \nBEHOUHOU \nMohamed \nMaher  \nDES Anesth\u00e9sie \nR\u00e9animation \nARMAND TROUSSEAU \n(AP-HP)  \nANESTHESIE PEDIATRIQUE \nET OBSTETRIQUE  \nCONSTANT \nISABELLE  \nAgence R\u00e9gionale de Sant\u00e9 - IDF-2025-10-23-00003 - Arr\u00eat\u00e9 n\u00b0 ARS - DOS - 2025/ 4492 fixant la liste des m\u00e9decins en exercice\nacc\u00e9dant au troisi\u00e8me cycle des \u00e9tudes de m\u00e9decine affect\u00e9s en formation pour le semestre de novembre 2025 \u00e0 avril 2026 dans la\nsubdivision d'Ile-de-France\n10\n2 \n \n2024 LE MONNIER \nEug\u00e9nie \nDES Biologie \nM\u00e9dicale \nNECKER ENFANTS \nMALADES (AP-HP)  \nSERVICE DE M\u00c9DECINE \nG\u00c9NOMIQUE DES \nMALADIES RARES \n \nROMANA \nSERGE / \nSTEFFANN \nJULIE \n \n2024 MAZEAS \nMargaux \nDES \nDermatologie \nHENRI MONDOR (AP-\nHP)  DERMATOLOGIE  WOLKENSTEI\nN PIERRE  \n2024 MENETRIER \nMelissa \nDES M\u00e9decine \ng\u00e9n\u00e9rale \nCabinet de \ngroupe/MANTES LA \nJOLIE \n \nPEDIATRIE \n \nDIAB ZITOUNI \nNAZEK \n \nPMI/ MANTES \n \nPMI \n \nFILLER \nCAROLINE \n \nCabinet de \ngroupe/PLAISIR \n \nGYNECOLOGIE \n \nWEINSHEIME\nR NINA \n \nPMI/ TRAPPES \n \nPMI \n \nGEFFROY \nSALAUZE \n \n \n2024 REBOH Anne \nSophie \n \nDES Radiologie \net imagerie \nm\u00e9dicale \n \nCH GENERAL \nDELAFONTAINE (ST \nDENIS) \n \nIMAGERIE MEDICALE \n \nPAYEN \nLAURENT \n \n2024 SMIRDEC \nMargot DES Psychiatrie C.H DE MAISON \nBLANCHE  \nSECT. 75 G 26 - HOP. \nLASALLE  \nD'ALBIS \nMARC-\nANTOINE \n \n \n2025 DALTRO DE \nOLIVEIRA \nRafael \n \nFST \nPharmacologie \nM\u00e9dicale et \nTh\u00e9rapeutique  \n \n \nSAINT-LOUIS (AP-HP) \n \nUF PHARMACOLOGIE \nCLINIQUE - CENTRE \nD'INVESTIGATIONS \n \nVINCENT \nLEVY \n \n \n2025 BANCEL Leo-\nPaul \n \nDES \nPneumologie \n \nHOPITAL EUROPEEN \nGEORGE POMPIDOU \n(AP-HP) \n \nPNEUMOLOGIE, SOINS \nINTENSIFS \nRESPIRATOIRES \n \nSANCHEZ \nOLIVIER \n \n \n2025 POLI Antoine DES Psychiatrie \n \nCH SAINTE ANNE \n \nSERVICE HOSPITALO-\nUNIVERSITAIRE \n \nSMADJA \nSARAH \n \n \n2025 \nMIRAMONT \nVincent  \n \nDES Psychiatrie \n \nCOCHIN (AP-HP)  \n \nMAISON DE SOLENN-\nMAISON DES \nADOLESCENTS \n \nMORO MARIE \nROSE \n \n \n2025 BRETAGNE \nMarc-Olivier  \n \nDES M\u00e9decine \nintensive-\nr\u00e9animation \n \nPITIE SALPETRIERE \n(AP-HP) \n \nMALADIES INFECTIEUSES \nET TROPICALES \n \nVALERIE \nPOURCHER \n \n \n2025 SIMON Laurie  \n \nDES Anatomie-\ncyto-pathologie \n \nBICHAT CLAUDE \nBERNARD (AP-HP) \n \nANATOMIE ET CYTOLOGIE \n \nCOUVELARD \nANNE \n \n \n2025 CHEKOUR \nRachid \n \nDES Radiologie \net imagerie \nm\u00e9dicale \n \nPAUL BROUSSE (AP-\nHP) \n \nRADIOLOGIE \n \nLEWIN MAITE \n \nAgence R\u00e9gionale de Sant\u00e9 - IDF-2025-10-23-00003 - Arr\u00eat\u00e9 n\u00b0 ARS - DOS - 2025/ 4492 fixant la liste des m\u00e9decins en exercice\nacc\u00e9dant au troisi\u00e8me cycle des \u00e9tudes de m\u00e9decine affect\u00e9s en formation pour le semestre de novembre 2025 \u00e0 avril 2026 dans la\nsubdivision d'Ile-de-France\n11\nSigne\n3 \n \n \n2025 VU Tuan Anh  \n \nDES M\u00e9decine \nCardiovasculaire  \n \nBICETRE (AP-HP) \n \nCARDIOLOGIE ET \nMALADIES \n \nBAUER \nFABRICE \n \n2025 \nBEN SALAH \nImen  \n \nDES \nDermatologie  \n \nAMBROISE PARE (AP-\nHP) \n \nUF DERMATOLOGIE-\nIMMUNOLOGIE \n \nBOURGAULT-\nVILLADA \nISABELLE \n \n \n \n \nLe praticien en reconversion est rattach\u00e9 administrativement au centre hospitalier universitaire \nd'Ile-de-France, l'Assistance Publique-H\u00f4pitaux de Paris. \n \nArticle 2 : Le directeur de l'offre de soins est charg\u00e9 de l'ex\u00e9cution du pr\u00e9sent arr\u00eat\u00e9. \n \n \nArticle 3 : Le pr\u00e9sent arr\u00eat\u00e9 peut faire l'objet : \n \n- d'une saisine du directeur g\u00e9n\u00e9ral de l'Agence R\u00e9gionale de Sant\u00e9 d'Ile-de-France d'un recours \ngracieux dans un d\u00e9lai de deux mois \u00e0 compter de la date de publication du pr\u00e9sent arr\u00eat\u00e9 ; \n \n- d'une saisine de la ministre de la Sant\u00e9 , des Familles , de l'Autonomie et des Personnes \nhandicap\u00e9es d'un recours hi\u00e9rarchique dans un d\u00e9lai de deux mois \u00e0 compter de la publication \ndu pr\u00e9sent arr\u00eat\u00e9 ; \n \n- d'une saisine du tribunal administratif de Paris d'un recours contentieux, dans un d\u00e9lai de deux \nmois \u00e0 compter de la publication du pr\u00e9sent arr\u00eat\u00e9. \n \n \n \n \n                                                                                                Fait \u00e0 Saint-Denis, le 23 octobre 2025 \n \nP/Le directeur g\u00e9n\u00e9ral  \nde l'Agence r\u00e9gionale de sant\u00e9 \nIle-de-France \nP/Le Directeur de l'Offre de soins \n \n \n \n \n \nArnaud CORVAISIER \nAgence R\u00e9gionale de Sant\u00e9 - IDF-2025-10-23-00003 - Arr\u00eat\u00e9 n\u00b0 ARS - DOS - 2025/ 4492 fixant la liste des m\u00e9decins en exercice\nacc\u00e9dant au troisi\u00e8me cycle des \u00e9tudes de m\u00e9decine affect\u00e9s en formation pour le semestre de novembre 2025 \u00e0 avril 2026 dans la\nsubdivision d'Ile-de-France\n12\nAgence R\u00e9gionale de Sant\u00e9\nIDF-2025-10-22-00004\nArr\u00eat\u00e9 n\u00b0 DOS - 2025 / 4498 modifiant l'arr\u00eat\u00e9 n\u00b0\nDOS/2022-1926 fixant la composition des\nmembres \nde la commission r\u00e9gionale de l'activit\u00e9 lib\u00e9rale \nAgence R\u00e9gionale de Sant\u00e9 - IDF-2025-10-22-00004 - Arr\u00eat\u00e9 n\u00b0 DOS - 2025 / 4498 modifiant l'arr\u00eat\u00e9 n\u00b0 DOS/2022-1926 fixant la\ncomposition des membres \nde la commission r\u00e9gionale de l'activit\u00e9 lib\u00e9rale \n13\nREPUBLIQUEFRANCAISELibert\u00e9Egalit\u00e9Fraternit\u00e9\ne \u00bb Agence R\u00e9gionale de Sant\u00e9Ile-de-France\n \n \n13 rue du Landy \n93200 Saint-Denis \nT\u00e9l : 01 44 02 09 00 \nwww.iledefrance.ars.sante.fr \n \n \n \n \n \n \nAGENCE R\u00c9GIONALE DE SANT\u00c9 \u00ceLE-DE-FRANCE \nARR\u00caT\u00c9 N\u00b0 DOS \u2013 2025 / 4498 \n \nmodifiant l'arr\u00eat\u00e9 n\u00b0 DOS/2022-1926 fixant la composition des membres  \nde la commission r\u00e9gionale de l'activit\u00e9 lib\u00e9rale  \n \nLE DIRECTEUR G\u00c9N\u00c9RAL DE L'AGENCE R\u00c9GIONALE DE SANT\u00c9 \u00ceLE-DE-FRANCE \n \n \n \n \nVU  le code de la sant\u00e9 publique et notamment ses articles L6154-1 \u00e0 L6154-7, R6154-1 \u00e0 R 6154-22 ; \n \nVU  l'article 138 de la loi du 26 janvier 2016 de modernisation de notre syst\u00e8me de sant\u00e9 ;  \n \nVU  l'article 1er de l'ordonnance n\u00b0 2017-31 du 12 janvier 2017 de mise en coh\u00e9rence des textes au regard \ndes dispositions de la loi n\u00b0 2016-41 du 26 janvier 2016 de modernisation de notre syst\u00e8me de sant\u00e9 ; \n \nVU  le d\u00e9cret n\u00b0 2017-523 du 11 avril 2017 modifiant les dispositions relatives \u00e0 l'exercice d'une activit\u00e9 \nlib\u00e9rale dans les \u00e9tablissements publics de sant\u00e9 ; \n \nVU  le d\u00e9cret du 10 avril 2024 portant nomination de Monsieur Denis ROBIN, en qualit\u00e9 de Directeur G\u00e9n\u00e9ral \nde l'Agence R\u00e9gionale de Sant\u00e9 \u00cele-de-France ; \n  \nVU  les d\u00e9signations ou propositions transmises par les autorit\u00e9s, institutions et organismes qui en sont \ncharg\u00e9s ;  \n \n \n \nARR\u00caTE \n \n \nArticle 1 Les membres de la commission r\u00e9gionale de l'activit\u00e9 lib\u00e9rale  sont nomm\u00e9s po ur une \n dur\u00e9e de trois ans par le Directeur g\u00e9n\u00e9ral de l'Agence r\u00e9gionale de sant\u00e9 \u00cele-de-France.  \n \n \n \nArticle 2  La commission r\u00e9gionale de l'activit\u00e9 lib\u00e9rale est compos\u00e9e comme suit :   \n    \n1. En qualit\u00e9 de pr\u00e9sident : Monsieur le Docteur Xavier RIGAUT  \n \n2. Un membre du conseil r\u00e9gional de l'ordre des m\u00e9decins : Madame le Docteur Ya\u00ebl GASMAN \n \n3. Deux directeurs d'\u00e9tablissements publics de sant\u00e9 :  \n \n- Monsieur Kevin MARCOMBE, Directeur adjoint des affaires m\u00e9dicales \u00e0 l'AP-HP  \n- Monsieur Pascal BELLON, Directeur g\u00e9n\u00e9ral du Centre Hospitalier de Versailles - GHT \n78 Sud \nAgence R\u00e9gionale de Sant\u00e9 - IDF-2025-10-22-00004 - Arr\u00eat\u00e9 n\u00b0 DOS - 2025 / 4498 modifiant l'arr\u00eat\u00e9 n\u00b0 DOS/2022-1926 fixant la\ncomposition des membres \nde la commission r\u00e9gionale de l'activit\u00e9 lib\u00e9rale \n14\n \n \n \n4. Deux pr\u00e9sidents de commissions m\u00e9dicales d'\u00e9tablissement :  \n \n- Monsieur le Docteur HARRICHE Nourredine, Pr\u00e9sident de la CME du Centre Hospitalier \nSud Seine et Marne  \n- Madame le Professeur Claire POYART, Pr\u00e9sidente de la CMEL APHP-Centre Universit\u00e9 \nde Paris \n \n5. Le directeur de la Caisse d'assurance retraite et de la sant\u00e9 au travail : \n \n- Monsieur Albert LAUTMAN, Directeur coordonnateur de la gestion du risque pour l' \u00cele-\nde-France (DCGDR)  \n- Suppl\u00e9ant : Nicolas INGRAIN, sous-directeur Cellule DCGDR \n \n     \n6. Deux repr\u00e9sentants des personnels enseignants et hospitaliers titulaires membres de commissions \nde l'activit\u00e9 lib\u00e9rale au sein d'\u00e9tablissements publics de sant\u00e9 : \n \n- Monsieur le Professeur Alexandre DE LA TAILLE, PU -PH, urologue, H\u00f4pital Henri Mondor, \nAP-HP  \n- Monsieur le Professeur Christophe TRESALLET, PU -PH, chirurgien visc\u00e9rale et digestive , \nH\u00f4pitaux Universitaires Paris Seine Saint-Denis, AP-HP \n \n7. Trois praticiens hospitaliers, membres de commissions de l'activit\u00e9 lib\u00e9rale au sein \nd'\u00e9tablissements publics de sant\u00e9 : \n \n- Madame le Docteur Dana RADU , PH en chirurgie thoracique et cardio -vasculaire \u00e0 \nl'H\u00f4pital Avicenne AP-HP  \n- Madame le Docteur Sabine BRECHIGNAC, PH  en m\u00e9decine interne,  sans activit\u00e9 \nlib\u00e9rale, H\u00f4pitaux Universitaires Paris Seine Saint-Denis, AP-HP  \n- Madame le Docteur Amel SEKKAI, PH et chef du service d'oncologie th\u00e9rapeutique \u00e0 \nl'h\u00f4pital Simone Veil  \n \n8. Deux membres de conseils de surveillance non-m\u00e9decins : \n \n- Monsieur Maurice TOULLALAN, membre du conseil de surveillance , CHI Robert \nBallanger, Aulnay-sous-Bois  \n- Monsieur Alain OLYMPIE, membre du conseil de surveillance \u00e0 l'AP-HP \n \n9. Un repr\u00e9sentant des usagers du syst\u00e8me de sant\u00e9 : \n \n- Monsieur Dominique SECHET, repr\u00e9sentant UDAF 94 \n \n \nArticle 3 Si les membres de la commission r\u00e9gionale de l'activit\u00e9 lib\u00e9rale perdent la qualit\u00e9 au titre de \nlaquelle ils ont \u00e9t\u00e9 appel\u00e9s \u00e0 si\u00e9ger, ils sont remplac\u00e9s dans les m\u00eames conditions de \nd\u00e9signation pour la dur\u00e9e du mandat restant \u00e0 courir. \n \n \nArticle 4   Le pr\u00e9sent Arr\u00eat\u00e9 d\u00e9signe les nouveaux membres appel\u00e9s \u00e0 statuer jusqu'au renouvellement \nde la composition de la commission r\u00e9gionale de l'activit\u00e9 lib\u00e9rale pr\u00e9vue en 2028. \n \n \n \n \n \n \nAgence R\u00e9gionale de Sant\u00e9 - IDF-2025-10-22-00004 - Arr\u00eat\u00e9 n\u00b0 DOS - 2025 / 4498 modifiant l'arr\u00eat\u00e9 n\u00b0 DOS/2022-1926 fixant la\ncomposition des membres \nde la commission r\u00e9gionale de l'activit\u00e9 lib\u00e9rale \n15\nSigne\nArticle 5  Le Directeur g\u00e9n\u00e9ral de l'Agence r\u00e9gionale de sant\u00e9 \u00cele-de-France est charg\u00e9 de l'ex\u00e9cution du \npr\u00e9sent arr\u00eat\u00e9. \n \nArticle 6 Le pr\u00e9sent arr\u00eat\u00e9 sera publi\u00e9 au recueil des actes administratifs de la pr\u00e9fecture de la r\u00e9gion \n\u00cele-de-France.  \n \nArticle 7 Un recours contre le pr\u00e9sent arr\u00eat\u00e9 peut \u00eatre form\u00e9 devant le Tribunal Administratif comp\u00e9tent \ndans un d\u00e9lai de deux mois \u00e0 compter de sa publication. \n \n \n \nFait \u00e0 Saint-Denis, le 22 octobre 2025 \n \nPour le Directeur G\u00e9n\u00e9ral de l'Agence \nr\u00e9gionale de sant\u00e9 \u00cele-de-France \nEt par d\u00e9l\u00e9gation \nLe Directeur de l'offre de soins \n \n \n \n \nArnaud CORVAISIER \n \n \n \n \nAgence R\u00e9gionale de Sant\u00e9 - IDF-2025-10-22-00004 - Arr\u00eat\u00e9 n\u00b0 DOS - 2025 / 4498 modifiant l'arr\u00eat\u00e9 n\u00b0 DOS/2022-1926 fixant la\ncomposition des membres \nde la commission r\u00e9gionale de l'activit\u00e9 lib\u00e9rale \n16\nAgence R\u00e9gionale de Sant\u00e9\nIDF-2025-10-23-00002\nARR\u00caT\u00c9 n\u00b02025/36\nArr\u00eat\u00e9 modifiant la liste des membres de la\nconf\u00e9rence r\u00e9gionale de la sant\u00e9\net de l'autonomie d'\u00cele-de-France\nAgence R\u00e9gionale de Sant\u00e9 - IDF-2025-10-23-00002 - ARR\u00caT\u00c9 n\u00b02025/36\nArr\u00eat\u00e9 modifiant la liste des membres de la conf\u00e9rence r\u00e9gionale de la sant\u00e9\net de l'autonomie d'\u00cele-de-France\n17\nREPUBLIQUEFRAN\u00c7AISELibert\u00e9Egalit\u00e9Fraternit\u00e9\n@ D Agence R\u00e9gionale de Sant\u00e9\u00cele-de-France\n \nPage 1 sur 15  \n  \n \n \n \nAGENCE R\u00c9GIONALE DE SANT\u00c9 \u00ceLE-DE-FRANCE \nARR\u00caT\u00c9 n\u00b02025/36 \nArr\u00eat\u00e9 modifiant la liste des membres de la conf\u00e9rence r\u00e9gionale de la sant\u00e9 \net de l'autonomie d'\u00cele-de-France \n \nLE DIRECTEUR G\u00c9N\u00c9RAL DE L'AGENCE R\u00c9GIONALE DE SANT\u00c9 \u00ceLE-DE-FRANCE \n \n \nVU Le code de la sant\u00e9 publique et notamment les articles L.1432-1 et L1432-4, D.1432-28 \u00e0 \nD.1432-53 ; \nVU Le d\u00e9cret du 10 avril 2024 portant nomination de Monsieur Denis ROBIN, Directeur g\u00e9n\u00e9ral \nde l'Agence r\u00e9gionale de sant\u00e9 d'\u00cele-de-France, \u00e0 compter du 29 avril 2024 ; \nVU L'arr\u00eat\u00e9 n\u00b0 2025/34 du 7 octobre 2025 fixant la liste des membres de la Conf\u00e9rence \nR\u00e9gionale de la Sant\u00e9 et de l'Autonomie d'\u00cele-de-France ; \nVU L'arr\u00eat\u00e9 DS n\u00b0104/2024 du 18 juin 2024 portant d\u00e9l\u00e9gation \u00e0 Madame Marion BOUGEARD, \nDirectrice de la d\u00e9mocratie en sant\u00e9 et de la communication de l'Agence R\u00e9gionale de Sant\u00e9 \n\u00cele-de-France ; \nVU Les d\u00e9signations :  \n Au sein du coll\u00e8ge 1 des repr\u00e9sentants des collectivit\u00e9s territoriales :  \n- Au titre du Conseil r\u00e9gional d'\u00cele-de-France de Madame Nicole LANASPRE, \nconseill\u00e8re r\u00e9gionale en tant que titulaire en remplacement de Madame Christel \nROYER. \n \nAu sein du coll\u00e8ge 2 des repr\u00e9sentants des usagers de services de sant\u00e9 ou m\u00e9dico-\nsociaux :  \n \n- Au titre des associations agr\u00e9\u00e9es au titre de l'article L.1114-1 du code de la sant\u00e9 \npublique de Monsieur Dominique ZEZIMA (France Rein PARIS-IDF) en tant que \nsuppl\u00e9ant en remplacement de Madame Odile BASSE  \n \nAu sein du coll\u00e8ge 7 des offreurs des services de sant\u00e9 : \n- Au titre des personnes morales gestionnaires d'institutions accueillant des \npersonnes handicap\u00e9es de Monsieur S\u00e9bastien PAUTASSO-CHADOUTAUD \n(FEHAP IDF) en tant que titulaire en remplacement de Monsieur Lo\u00efc GILBERT et \nde Madame Birgit VILLAIN (FEHAP IDF) en tant que suppl\u00e9ante en remplacement \nde Madame Laurence LECOMTE. \n-   \n \n  \nAgence R\u00e9gionale de Sant\u00e9 - IDF-2025-10-23-00002 - ARR\u00caT\u00c9 n\u00b02025/36\nArr\u00eat\u00e9 modifiant la liste des membres de la conf\u00e9rence r\u00e9gionale de la sant\u00e9\net de l'autonomie d'\u00cele-de-France\n18\nsig\n \nPage 2 sur 15  \n \nARR\u00caTE \n \n \nARTICLE 1er :  La composition de la conf\u00e9rence r\u00e9gionale de la sant\u00e9 et de l'autonomie d'\u00cele -de- \nFrance est fix\u00e9e de la mani\u00e8re figurant en annexe du pr\u00e9sent arr\u00eat\u00e9. \n \n \nARTICLE 2 :   Un recours contre le pr\u00e9sent arr\u00eat\u00e9 peut \u00eatre form\u00e9 aupr\u00e8s du tribunal administratif \nde Montreuil dans un d\u00e9lai de deux mois \u00e0 compter de sa notification. A l'\u00e9gard des \ntiers, ces d\u00e9lais courent \u00e0 compter de la date de publication de la d\u00e9cision au recueil \ndes actes administratifs de la pr\u00e9fecture de la r\u00e9gion d'\u00cele-de-France. \n \n \nARTICLE 3 :  Le Directeur g\u00e9n\u00e9ral est charg\u00e9 de l'ex\u00e9cution du pr\u00e9sent arr\u00eat\u00e9 qui sera publi\u00e9 au \nRecueil des actes administratifs de la pr\u00e9fecture de r\u00e9gion. \n \n \nFait, \u00e0 Saint-Denis le 20/10/2025 \nLe Directeur g\u00e9n\u00e9ral \nde l'Agence r\u00e9gionale de sant\u00e9 \n\u00cele-de-France \n \nDenis ROBIN \nPar d\u00e9l\u00e9gation, \n          \n \nCorentine NEPPEL \nDirectrice adjointe en charge de la \nd\u00e9mocratie en sant\u00e9 \nDirection de la d\u00e9mocratie en sant\u00e9 et \nde la communication - DESCOM \nAgence R\u00e9gionale de Sant\u00e9 - IDF-2025-10-23-00002 - ARR\u00caT\u00c9 n\u00b02025/36\nArr\u00eat\u00e9 modifiant la liste des membres de la conf\u00e9rence r\u00e9gionale de la sant\u00e9\net de l'autonomie d'\u00cele-de-France\n19\n \nPage 3 sur 15  \nANNEXE \n \nComposition de la Conf\u00e9rence r\u00e9gionale de la Sant\u00e9 \net de l'Autonomie d'\u00cele-de-France \n \n1. Pour le coll\u00e8ge des repr\u00e9sentants des collectivit\u00e9s territoriales : \n \n \na) Pour le Conseil r\u00e9gional d'\u00cele-de-France : \n \nTitulaires Suppl\u00e9ants \nMadame Farida ADLANI, vice-pr\u00e9sidente Madame Agn\u00e8s RICARD-HIBON, conseill\u00e8re r\u00e9gionale \nMonsieur Pierre DENIZIOT, conseiller r\u00e9gional Madame Sandrine LAMIRE-BURTIN, conseill\u00e8re r\u00e9gionale \nMadame Nicole LANASPRE, conseill\u00e8re r\u00e9gionale  Madame Sylvie CARILLON, conseill\u00e8re r\u00e9gionale \n \n \nb) Pour les Conseils d\u00e9partementaux : \n \nTitulaires Suppl\u00e9ants \nMadame la Pr\u00e9sidente du Conseil de Paris \nou son repr\u00e9sentant titulaire : \nMadame Anne-Claire BOUX \nMonsieur Jacques GALVANI, conseiller d\u00e9partemental \nMadame V\u00e9ronique LEVIEUX, Adjointe \u00e0 la Maire de \nParis, en charge des Seniors et des Solidarit\u00e9s entre les \nG\u00e9n\u00e9rations \nMonsieur le Pr\u00e9sident du Conseil d\u00e9partemental de \nSeine-et-Marne \nou son repr\u00e9sentant titulaire : \nMadame Anne GBIORCZYK, vice-pr\u00e9sidente d\u00e9l\u00e9gu\u00e9e \nde l'enfance, de la famille et de la pr\u00e9sence m\u00e9dicale \nMonsieur Bernard COZIC, vice-pr\u00e9sident d\u00e9l\u00e9gu\u00e9 aux \nsolidarit\u00e9s \nMadame V\u00e9ronique VEAU, conseill\u00e8re d\u00e9partementale \nMonsieur le Pr\u00e9sident du Conseil d\u00e9partemental des \nYvelines \nou son repr\u00e9sentant titulaire : Madame Marie-H\u00e9l\u00e8ne \nAUBERT, vice-pr\u00e9sidente d\u00e9l\u00e9gu\u00e9e \u00e0 l'Autonomie et \u00e0 la \nCoop\u00e9ration d\u00e9centralis\u00e9e \nMonsieur Marc HERZ, conseiller d\u00e9partemental \nMonsieur le Pr\u00e9sident du Conseil d\u00e9partemental de \nl'Essonne \nou son repr\u00e9sentant titulaire : \nMadame Cendrine CHAUMONT, conseill\u00e8re \nd\u00e9partementale \nMadame Marie-Claire CHAMBARET, vice-pr\u00e9sidente en \ncharge de l'autonomie \nMonsieur le Pr\u00e9sident du Conseil d\u00e9partemental des \nHauts-de-Seine \nou son repr\u00e9sentant titulaire : \nMadame Alexandra FOURCADE, conseill\u00e8re \nd\u00e9partementale d\u00e9l\u00e9gu\u00e9e aux S\u00e9niors, \u00e0 l'Autonomie et \n\u00e0 la Sant\u00e9 \nMadame Rita DEMBLON-POLLET, conseill\u00e8re \nd\u00e9partementale d\u00e9l\u00e9gu\u00e9e \u00e0 la Famille \nAgence R\u00e9gionale de Sant\u00e9 - IDF-2025-10-23-00002 - ARR\u00caT\u00c9 n\u00b02025/36\nArr\u00eat\u00e9 modifiant la liste des membres de la conf\u00e9rence r\u00e9gionale de la sant\u00e9\net de l'autonomie d'\u00cele-de-France\n20\n \nPage 4 sur 15  \nMonsieur le Pr\u00e9sident du Conseil d\u00e9partemental de \nSeine-Saint-Denis \nou son repr\u00e9sentant titulaire : \nMadame Magalie THIBAULT, vice-pr\u00e9sidente du Conseil \nd\u00e9partemental \nMonsieur St\u00e9phane BLANCHET, vice-pr\u00e9sident du \nConseil d\u00e9partemental \nMonsieur le Pr\u00e9sident du Conseil d\u00e9partemental du Val- \nde-Marne \nou son repr\u00e9sentant titulaire : \nMadame Genevi\u00e8ve CARPE, conseill\u00e8re \nd\u00e9partementale d\u00e9l\u00e9gu\u00e9e charg\u00e9e de la sant\u00e9 \nMadame Odile SEGURET, vice -pr\u00e9sidente en charge de \nl'autonomie des personnes \u00e2g\u00e9es et des personnes en \nsituation de handicap \nMonsieur Jean -Pierre BARNAUD, vice -pr\u00e9sident en \ncharge du patrimoine environnemental, de la biodiversit\u00e9, \nde l'agriculture urbaine et du bien-\u00eatre animal \nMadame la Pr\u00e9sidente du Conseil d\u00e9partemental du Val- \nd'Oise \nou son repr\u00e9sentant titulaire : \nMadame Laetitia BOISSEAU \nMadame Anne FROMENTEIL, Conseill\u00e8re \nd\u00e9partementale en charge de la Sant\u00e9 \nMonsieur G\u00e9rard LAMBERT-MOTTE, Vice-pr\u00e9sident du \nConseil d\u00e9partemental d\u00e9l\u00e9gu\u00e9 \u00e0 la Vie Sociale, \u00e0 \nl'Insertion, au Logement Social et \u00e0 la Sant\u00e9. \n \nc) Pour les repr\u00e9sentants des groupements de communes : \n \nTitulaires Suppl\u00e9ants \nEn attente de d\u00e9signation En attente de d\u00e9signation \nd) Pour les repr\u00e9sentants des communes : \n \nTitulaires Suppl\u00e9ants \nMonsieur Claude ROCHER, adjoint au maire de \nBoulogne-Billancourt (92) \n \nEn attente de d\u00e9signation \nMonsieur Thomas CHAZAL, maire de Vigneux-sur-Seine \n(91) \n \nMonsieur Ludovic TORO, maire de Coubron (93) \nMadame Corinne BEBIN, adjointe au maire de Versailles \n(78) \nMonsieur Jo\u00ebl GALLIMIDI, conseiller municipal \nd\u00e9l\u00e9gu\u00e9 Montmorency (95) (95) \n \n2. Pour le coll\u00e8ge des repr\u00e9sentants des usagers de services de sant\u00e9 ou m\u00e9dico-sociaux \n \na) Pour les associations agr\u00e9\u00e9es au titre de l'article L.1114-1 du code de la sant\u00e9 publique : \n \nTitulaires Suppl\u00e9ants \nMadame Martine THUILLIER - Petits fr\u00e8res des pauvres Monsieur Ouramdane GAYA - Association de conseil et \nd'insertion \nMonsieur Alain LAFORET - F\u00e9d\u00e9ration Nationale des \nassociations de retrait\u00e9s (FNAR) \nMadame Fran\u00e7oise PIQUE LE CUN - UFC QUE CHOISIR \nMadame Diane PAOLO - URAF IDF \nAgence R\u00e9gionale de Sant\u00e9 - IDF-2025-10-23-00002 - ARR\u00caT\u00c9 n\u00b02025/36\nArr\u00eat\u00e9 modifiant la liste des membres de la conf\u00e9rence r\u00e9gionale de la sant\u00e9\net de l'autonomie d'\u00cele-de-France\n21\n \nPage 5 sur 15  \nMadame Fran\u00e7oise FORET - Association des familles de \ntraumatis\u00e9s cr\u00e2niens et des c\u00e9r\u00e9bro-l\u00e9s\u00e9s \nMadame Mich\u00e8le DE PREAUDET - Association des \nfamilles de traumatis\u00e9s cr\u00e2niens et des c\u00e9r\u00e9bro-l\u00e9s\u00e9s \nMadame Affou\u00e9 Diane GOLI - APF France Handicap \nMadame Dominique LAMARCHE - Association fran\u00e7aise \ndes H\u00e9mophiles \nMonsieur Thomas SANNIE - Association fran\u00e7aise des \nH\u00e9mophiles \nMadame Christine NOEL - Association fran\u00e7aise de \nl'Atr\u00e9sie de l'\u0153sophage \nMadame Fran\u00e7oise PERROT \u2013 France Alzheimer Paris Madame Dominique MATINTIKA - Association pour le droit \nde mourir dans la dignit\u00e9 \nMadame Catherine BROUTIN PIOLOT - UNAFAM Monsieur Michel BEVE - UNAFAM \nMonsieur Jean-Louis RADET - ARGOS 2001 \nMonsieur Sidi Mohammed GHADI - Association des \nFamilles Victimes du Saturnisme \nMonsieur Dominique ZEZIMA - France Rein IDF \n(Pr\u00e9sident)  \nJean-Pierre BESNARD - VMEH-Visite des malades \ndans les \u00e9tablissements hospitaliers \n \nMonsieur Jean WILS - ALMA Paris \nMadame Karine SCHWAIGHOFER - Comit\u00e9 de la ligue \ncontre le cancer 93 \nMadame Christiane CHEVILLARD - Comit\u00e9 de la ligue \ncontre le cancer 78 \n \nb) Pour les associations de retrait\u00e9s et de personnes \u00e2g\u00e9es : \n \nTitulaires Suppl\u00e9ants \n \nMonsieur Louis-Pascal KNEPPERT CDCA 75 En attente de d\u00e9signation \n \nMonsieur Henri LESCAT, CDCA 77 \nMadame B\u00e9atrice CASANOVA, CDCA 78 \nMadame Myriam HEILBRONN, CDCA 91 \nMadame Monique ZANATTA CDCA 92 Monsieur Fran\u00e7ois CHARLES, CDCA 92 \nMadame Christine MANUEL, CDCA 94 \nMonsieur G\u00e9rard PERRIER, CDCA 93 Monsieur Philippe PINGLIN, CDCA 93 \nMonsieur Alain GAVILLET CDCA 95 \n \nc) Pour les associations de personnes handicap\u00e9es : \n \nTitulaires Suppl\u00e9ants \nMonsieur Daniel CHAZARAIN, CDCA 78 Monsieur Patrick FIZET, CDCA 93 \nMadame Ahlam MARQUE, CDCA 92 \nMonsieur S\u00e9bastien LEGOFF, CDCA 91 En attente de d\u00e9signation \nMonsieur Jean-Michel SECONDY, CDCA 75 Madame Fran\u00e7oise FALLOUS, CDCA 94 \nAgence R\u00e9gionale de Sant\u00e9 - IDF-2025-10-23-00002 - ARR\u00caT\u00c9 n\u00b02025/36\nArr\u00eat\u00e9 modifiant la liste des membres de la conf\u00e9rence r\u00e9gionale de la sant\u00e9\net de l'autonomie d'\u00cele-de-France\n22\n \nPage 6 sur 15  \nEn attente de d\u00e9signation Monsieur Damien GUER, CDCA 77 \n \n \n3. Pour le coll\u00e8ge des repr\u00e9sentants des conseils territoriaux de sant\u00e9 : \n \n \nTitulaires Suppl\u00e9ants \nMonsieur Bernard JABIN CTS 75 Madame Romy LASSERRE CTS 75 \nMadame Anne GBIORCZYK CTS77 Madame Sophie BAUER CTS 77 \nMonsieur Jean-Pierre AQUINO CTS 78 Monsieur Michel BUISSET CTS 78 \nMonsieur Jean-Louis DI TOMMASO CTS 91 Monsieur Vincent CLUZAUD CTS 91 \nMonsieur Francis BRUNELLE CTS 92 Monsieur Michel GIRARD CTS 92 \nMadame Katy BONTINCK CTS93 En attente de d\u00e9signation \nMonsieur Yves TALHOUARN CTS 94 Monsieur Pascal CACOT CTS 94 \nMadame Keltoum ROCHDI CTS 95 En attente de d\u00e9signation \n \n4. Pour le coll\u00e8ge des partenaires sociaux : \n \na) Pour les organisations syndicales de salari\u00e9s repr\u00e9sentatives : \n \nTitulaires Suppl\u00e9ants \nUnion R\u00e9gionale Ile-de-France CFE-CGC : \nMonsieur Jos\u00e9 ALVAREZ \nMadame Marie Laurence BONMARCHAND \nMadame Bettina KEMPF \nUnion R\u00e9gionale Ile-de-France CGT : \nMadame Yasmina SELLOU \nMonsieur Christian GUY-COICHARD \nMadame Corine PEREUR \nUnion R\u00e9gionale des syndicats CFDT d'Ile-de-France : \nMadame Isabelle CAYLA \nMonsieur Philippe PATRY \nMadame Gwenaelle YVINEC \nCGT-FORCE OUVRIERE : \nMonsieur Michel LAURENT \nEn attente de d\u00e9signation \nUnion R\u00e9gionale CFTC Ile-de-France : \nMadame Corinne LAMARCQ \nMonsieur David FILLON \nMonsieur Jean-Marc CICUTO \nAgence R\u00e9gionale de Sant\u00e9 - IDF-2025-10-23-00002 - ARR\u00caT\u00c9 n\u00b02025/36\nArr\u00eat\u00e9 modifiant la liste des membres de la conf\u00e9rence r\u00e9gionale de la sant\u00e9\net de l'autonomie d'\u00cele-de-France\n23\n \nPage 7 sur 15  \nb) Pour les organisations professionnelles d'employeurs repr\u00e9sentatives : \n \nTitulaires Suppl\u00e9ants \nU2P (Union des entreprises de proximit\u00e9) \nMonsieur St\u00e9phane LEVEQUE \nMadame Colette AUBRY \nMonsieur Mouhssine BERRADA \nMEDEF- \u00cele-de-France : \nMadame Nolwenn MARE \nMonsieur Olivier CHALMEAU \nMadame Nathalie ROUANET \nCPME \u00cele-de-France : \nMadame Martine GUIBERT \nMadame H\u00e9l\u00e8ne REQUI \nMadame Evelyne GUFFENS \n \nc) Pour les organisations syndicales repr\u00e9sentatives des artisans, des commer\u00e7ants et des \nprofessions lib\u00e9rales : \n \nTitulaires Suppl\u00e9ants \nEn attente de d\u00e9signation En attente de d\u00e9signation \n \nd) Pour les organisations syndicales repr\u00e9sentatives des exploitants agricoles : \n \nTitulaires Suppl\u00e9ants \nEn attente de d\u00e9signation En attente de d\u00e9signation \n \n5. Pour le coll\u00e8ge des acteurs de la coh\u00e9sion et de la protection sociale : \n \na) Pour les associations \u0153uvrant dans le champ de la lutte contre la pr\u00e9carit\u00e9 : \n \nTitulaires Suppl\u00e9ants \nMadame Gwena\u00eblle MORVAN - Emma\u00fcs Solidarit\u00e9 Madame B\u00e9rang\u00e8re GRISONI - Collectif \u00ab Les morts de la \nrue \u00bb \nMadame Maritsa ANASTASIOU, Association CARITAS \nMonsieur Pascal BOUCART - URIOPSS IDF Monsieur Simon BURRUNI \u2013 URIOPSS IDF \nMadame Judith OLLE \u2013 URIOPSS IDF \nb) Pour l'assurance vieillesse et la branche Accidents du travail-Maladies professionnelles : \n \nTitulaires Suppl\u00e9ants \nMonsieur Noel MOURE, Sous-Directeur du pilotage \n(CRAMIF) \n \nEn attente de d\u00e9signation \nMadame Tamou SOUARY, Pr\u00e9sidente de la Commission \nRetraite et Action Sociale Ile-de-France (CNAVTS) \nMadame Elsa PARLANGE, Directrice de l'action sociale \nIDF (CNAVTS) \nAgence R\u00e9gionale de Sant\u00e9 - IDF-2025-10-23-00002 - ARR\u00caT\u00c9 n\u00b02025/36\nArr\u00eat\u00e9 modifiant la liste des membres de la conf\u00e9rence r\u00e9gionale de la sant\u00e9\net de l'autonomie d'\u00cele-de-France\n24\n \nPage 8 sur 15  \nc) Pour les caisses d'allocations familiales : \n \nTitulaires Suppl\u00e9ants \n \nMonsieur Moulay TAHIRI, Vice-pr\u00e9sident de la CAF (94) \nMadame Dolor\u00e8s DAMBRIN, Administratrice de la CAF (75) \nMadame Marinette SOLER-KERRIEN, Pr\u00e9sidente de la CAF \n(93) \n \nd) Pour la Mutualit\u00e9 Fran\u00e7aise : \n \nTitulaires Suppl\u00e9ants \nMonsieur Aldino IZZI, Membre du bureau Mutualit\u00e9 \nFran\u00e7aise \nMonsieur Philippe HEDIN, Pr\u00e9sident de l'Union des \nMutuelles-Co-g\u00e9r\u00e9es-social \nMadame Carole DECHAMPS, Mutualit\u00e9 Fran\u00e7aise \n \ne) Pour l'Assurance Maladie : \n \nTitulaires Suppl\u00e9ants \n \nMonsieur Albert LAUTMAN (DCGDR - CPAM de Paris) \nMonsieur Nicolas INGRAIN (DCGDR, CPAM de Paris) \nMonsieur Hugo CROMBEZ (CPAM de Paris) \n \nf) Pour les \u00e9tablissements ou services qui assurent l'accueil et l'accompagnement de personnes \nconfront\u00e9es \u00e0 des difficult\u00e9s sp\u00e9cifiques mentionn\u00e9s \u00e0 l'article L 312 -1 du Code de l'Action \nSociale et des Familles : \n \nTitulaires Suppl\u00e9ants \nMonsieur Florian GUYOT - Association AURORE Monsieur Fabrice DU CHATELET \u2013 F\u00e9d\u00e9ration Sant\u00e9 \nHabitat (FSH) \n \n6. Pour le coll\u00e8ge des acteurs de la pr\u00e9vention et de l'\u00e9ducation pour la sant\u00e9 : \na) Pour les services de sant\u00e9 scolaire et universitaire : \n \nTitulaires Suppl\u00e9ants \n \nEn attente de d\u00e9signation \n \nEn attente de d\u00e9signation \nPour l'enseignement sup\u00e9rieur : \nDocteur Herv\u00e9 JAMI, Responsable du SSU (Universit\u00e9 \nParis-Est Cr\u00e9teil) \n \nEn attente de d\u00e9signation \nAgence R\u00e9gionale de Sant\u00e9 - IDF-2025-10-23-00002 - ARR\u00caT\u00c9 n\u00b02025/36\nArr\u00eat\u00e9 modifiant la liste des membres de la conf\u00e9rence r\u00e9gionale de la sant\u00e9\net de l'autonomie d'\u00cele-de-France\n25\n \nPage 9 sur 15  \nb) Pour les services de sant\u00e9 au travail : \n \nTitulaires Suppl\u00e9ants \n \nMadame Sandrine AMAURY, Directrice g\u00e9n\u00e9rale du \nservice de sant\u00e9 au travail SIMT (77) \nDocteur Vinh NGO, Directeur du service de sant\u00e9 au \ntravail centre inter -entreprises et artisanal de sant\u00e9 au \ntravail (CIAMT) (75) \n \nDocteur Karine DURAND Directrice M\u00e9dico Technique \nSPSTN (Service de Pr\u00e9vention et de Sant\u00e9 au travail National) \n \n \nDocteur Karine FERRAND, M\u00e9decin du travail du service \nde sant\u00e9 au travail AMETIF (95)  \n \nDocteur Michel KLERLEIN, M\u00e9decin coordonnateur du \nSST d'AIR FRANCE (95) \nEn attente de d\u00e9signation \n \nc) Pour les services d\u00e9partementaux de protection et de promotion de la sant\u00e9 maternelle et infantile : \n \nTitulaires Suppl\u00e9ants \n \nEn attente de d\u00e9signation \nEn attente de d\u00e9signation  \nMadame Julia PERRET, PMI (75) \nEn attente de d\u00e9signation Docteur Claudette BUISSON, PMI (91) \n \n \nd) Pour les organismes \u0153uvrant dans le champ de la promotion de la sant\u00e9, la pr\u00e9vention et \nl'\u00e9ducation pour la sant\u00e9 : \n \nTitulaires Suppl\u00e9ants \nMadame Isabelle GREMY, Personnalit\u00e9 qualifi\u00e9e - Haut \nConseil de Sant\u00e9 Publique \nDocteur Philippe CARETTE - Institut RENAUDOT \nMonsieur Jean NORMAND - Association Addictions \nEn attente de d\u00e9signation Madame Leslie MESNAY - CLS Les Mureaux 78 \n \ne) Pour les organismes \u0153uvrant dans les domaines de l'observation de la sant\u00e9, de \nl'enseignement sup\u00e9rieur et de la recherche : \n \nTitulaires Suppl\u00e9ants \nMadame Nathalie BELTZER (ORS IDF) Madame Lydie GIBEY (CREAI Ile-de-France) \n \nf) Pour les associations de protection de l'environnement agr\u00e9es au titre de l'article L.141-1 du \ncode de l'environnement : \n \nTitulaires Suppl\u00e9ants \n \nMadame Agn\u00e8s BAUCHE \nFrance Nature Environnement (FNE) \nMadame Marion PEPIN - France Nature Environnement \n(FNE) \nMonsieur Jean-Pierre PARISOT - France Nature \nEnvironnement (FNE) \nAgence R\u00e9gionale de Sant\u00e9 - IDF-2025-10-23-00002 - ARR\u00caT\u00c9 n\u00b02025/36\nArr\u00eat\u00e9 modifiant la liste des membres de la conf\u00e9rence r\u00e9gionale de la sant\u00e9\net de l'autonomie d'\u00cele-de-France\n26\n \nPage 10 sur 15  \n7. Pour le coll\u00e8ge des offreurs des services de sant\u00e9 \n \na) Pour les Etablissements publics de sant\u00e9 : \n \nTitulaires Suppl\u00e9ants \nMonsieur Damien HUGOT, D\u00e9l\u00e9gu\u00e9 r\u00e9gional adjoint (FHF \nIDF) \nMadame Alice JAFFRE, Directrice adjointe, Centre \nHospitalier de Rambouillet (FHF IDF) \nMadame Yolande Di NATALE, Directrice g\u00e9n\u00e9rale du \nGHT Grand-Paris Nord-Est (FHF IDF) \n \n \nMadame Isabelle PERSEC, D\u00e9l\u00e9gu\u00e9e r\u00e9gionale \n(FHF IDF) \nMonsieur Vincent MICHALOUX - Direction de la strat\u00e9gie \net de la transformation (AP-HP) \nMadame Vanessa VILLAFRANCA - Direction de la \nstrat\u00e9gie et de la transformation (AP-HP) \n\u27a2 Au titre des pr\u00e9sidences de commissions m\u00e9dicales d'\u00e9tablissement de centres hospitaliers et \nde centres hospitaliers universitaires : \n \nTitulaires Suppl\u00e9ants \nProfesseur Lo\u00efc de PONTUAL - Chef de service de \np\u00e9diatrie, h\u00f4pital Jean-Verdier (AP HP) \nDocteur Fran\u00e7ois SALACHAS - Coordonnateur du centre \nde r\u00e9f\u00e9rence maladies rares, D\u00e9partement de neurologie, \nLa Piti\u00e9 Salp\u00eatri\u00e8re (AP HP) \nDocteur Edouard DEVAUD, Pr\u00e9sident de la CME du GHT \nNovo (95) \nDocteur Omar BELKHODJA, PCME Grand H\u00f4pital de \nl'Est Francilien \nDocteur Serge LOKO, Pr\u00e9sident de la CME du CH de \nMEULAN LES Mureaux (78) \n\u27a2 Au titre des pr\u00e9sidences de commissions m\u00e9dicales d'\u00e9tablissement de centres hospitaliers en \npsychiatrie : \n \nTitulaires Suppl\u00e9ants \n \nEn attente de d\u00e9signation \n \n \nDocteur Ouardia OTMANI, GH Paul GUIRAUD \n \nb) Pour les \u00e9tablissements priv\u00e9s de sant\u00e9 \u00e0 but lucratif : \n \nTitulaires Suppl\u00e9ants \n \nMadame Helena KISLER-ELKOUBY, D\u00e9l\u00e9gu\u00e9e g\u00e9n\u00e9rale \n(FHP IDF) \nMonsieur Patrick SERRIERE, Pr\u00e9sident de la F\u00e9d\u00e9ration \nHospitali\u00e8re Priv\u00e9e Ile-de-France (FHP) \nMadame Dominique BOULANGE, Vice-Pr\u00e9sidente de la \nF\u00e9d\u00e9ration Hospitali\u00e8re Priv\u00e9e Ile-de-France (FHP) \nAgence R\u00e9gionale de Sant\u00e9 - IDF-2025-10-23-00002 - ARR\u00caT\u00c9 n\u00b02025/36\nArr\u00eat\u00e9 modifiant la liste des membres de la conf\u00e9rence r\u00e9gionale de la sant\u00e9\net de l'autonomie d'\u00cele-de-France\n27\n \nPage 11 sur 15  \n\u27a2 Au titre des pr\u00e9sidents de conf\u00e9rence m\u00e9dicale d'\u00e9tablissement : \n \nTitulaires Suppl\u00e9ants \n \nDocteur Marc ZARKA, Clinique de L'Essonne (91) Docteur J\u00e9r\u00f4me HORVILLEUR, Institut Cardiovasculaire \nParis Sud \nDocteur Marine COROIR, Clinique Maussins-Nollet \n \nc) Pour les \u00e9tablissements priv\u00e9s de sant\u00e9 \u00e0 but non lucratif : \n \nTitulaires Suppl\u00e9ants \n \nMonsieur Renaud COUPRY, Directeur g\u00e9n\u00e9ral \nAssociation la Ch\u00e2taigneraie - CRF MENUCOURT (95), \nD\u00e9l\u00e9gu\u00e9 r\u00e9gional de la FEHAP IDF \nMadame Julie CHASTRES, Directrice g\u00e9n\u00e9rale H\u00f4pital \nSainte Camille (FEHAP) (94) \nMonsieur Guillaume CHESNEL, Directeur g\u00e9n\u00e9ral adjoint \ndu Groupe Hospitalier Diaconesses Croix Saint Simon \n(FEHAP IDF) \n\u27a2 Au titre des pr\u00e9sidents de conf\u00e9rence m\u00e9dicale d'\u00e9tablissement : \n \nTitulaires Suppl\u00e9ants \nDocteur G\u00e9rald CHOUKROUN, Pneumologue et \nr\u00e9animateur m\u00e9dical, Pr\u00e9sident de CME de l'h\u00f4pital \nForcilles et Chef de service de l'USIR et du SRPR \nDocteur Marc ZINS, Pr\u00e9sident de la CME du Groupe \nHospitalier Saint Joseph (FEHAP IDF) \nDocteur Marc BEAUSSIER : Pr\u00e9sident de la CME de \nl'Institut Mutualiste Montsouris (FEHAP IDF) \n \n\u27a2 Au titre des directeurs des \u00e9tablissements de lutte contre le cancer : \n \nTitulaires Suppl\u00e9ants \nMonsieur Sylvain DUCROZ, directeur g\u00e9n\u00e9ral adjoint - \nInstitut GUSTAVE ROUSSY \nMadame Anne-Claire DE REBOUL, Ensemble \nHospitalier de l'institut CURIE \n \nd) Pour les \u00e9tablissements assurant des activit\u00e9s de soins \u00e0 domicile : \n \nTitulaires Suppl\u00e9ants \nMonsieur Ghislain PROMONET, F\u00e9d\u00e9ration Nationale \ndes \u00e9tablissements hospitaliers \u00e0 domicile (FNEHAD) \nMonsieur Florent BOUSQUIE, Directeur HAD AP-HP \nMadame Isabelle BOUVIER, Fondation Croix Saint- \nSimon \nAgence R\u00e9gionale de Sant\u00e9 - IDF-2025-10-23-00002 - ARR\u00caT\u00c9 n\u00b02025/36\nArr\u00eat\u00e9 modifiant la liste des membres de la conf\u00e9rence r\u00e9gionale de la sant\u00e9\net de l'autonomie d'\u00cele-de-France\n28\n \nPage 12 sur 15  \ne) Pour les personnes morales gestionnaires d'institutions accueillant des personnes \nhandicap\u00e9es : \n \nTitulaires Suppl\u00e9ants \nMonsieur Romain DELMAS, Association CARITAS - \nUnion R\u00e9gionale interf\u00e9d\u00e9rale des \u0153uvres et organismes \npriv\u00e9s sanitaires et sociaux (URIOPSS IDF) \nMonsieur Eric d'ALEN\u00c7ON, Fondation Partage et Vie - \nUnion R\u00e9gionale interf\u00e9d\u00e9rale des \u0153uvres et organismes \npriv\u00e9s sanitaires et sociaux (URIOPSS IDF) \nEn attente de d\u00e9signation  \n \n \nMonsieur S\u00e9bastien PAUTASSO-CHATOUDAUD \nDirecteur G\u00e9n\u00e9ral de la Fondation Ellen POIDATZ \n(FEHAP IDF) \n \n \nMadame Birgit VILLAIN, Fondation John Bost \n(FEHAP IDF) \n \nEn attente de d\u00e9signation \nMadame C\u00e9line LAMOUR, Directrice g\u00e9n\u00e9rale de \nl'UNAPEI (NEXEM) \nMonsieur Jean-Fran\u00e7ois GEY, Directeur g\u00e9n\u00e9ral PEP de \nl'Essonne (NEXEM) \n \n \nEn attente de d\u00e9signation \nMadame Catherine HARPEY, Union R\u00e9gionale des \nassociations de parents et amis de personnes \nhandicap\u00e9es mentales (URAPEI) \nMadame Ama\u00eblle PENON, Directrice g\u00e9n\u00e9rale adjointe \nau Handicap Groupe SOS Solidarit\u00e9s \n \nf) Pour les personnes morales gestionnaires d'institutions accueillant des personnes \u00e2g\u00e9es : \n \nTitulaires Suppl\u00e9ants \n \n \nMonsieur Eddy CHENAF, Directeur EHPAD Solemnes \n(SYNERPA) \nMadame Romy LASSERRE SAINT-MAURICE, Directrice \nEPHAD P\u00e9an (SYNERPA) \nMonsieur Marc LAVAUD, vice-pr\u00e9sident de l'association \nACEP - Gestionnaire de l'EPHAD le Patio (FNAQPA) \nMonsieur Emmanuel SYS, Directeur du GCSMS Les \nEHPAD Publics du Val de Marne (FHF) \nMadame Claire DAVY, Direction de la strat\u00e9gie et de la \nTransformation AP-HP \nMadame Audrey VATAN, directrice adjointe Direction \nCommune Fondation Aulagnier et Ehpad Les \nMarronniers (FHF) \nMonsieur Louis MATIAS, Directeur de la Maison Ferrari \n(FEHAP IDF) \nMadame Marie DEROY charg\u00e9e de mission (FEHAP IDF) \nMadame Sophie VILLEDIEU, Fondation L\u00e9opold Bellan \n(FEHAP IDF) \nMadame Claire PARDOEN, Union R\u00e9gionale \ninterf\u00e9d\u00e9rale des \u0153uvres et organismes priv\u00e9s sanitaires \net sociaux (URIOPSS IDF) \nMadame Charlotte LEBRUN Union R\u00e9gionale \ninterf\u00e9d\u00e9rale des \u0153uvres et organismes priv\u00e9s sanitaires \net sociaux (URIOPSS IDF) \nMadame Brigitte VIGROUX, (URIOPSS IDF) \nAgence R\u00e9gionale de Sant\u00e9 - IDF-2025-10-23-00002 - ARR\u00caT\u00c9 n\u00b02025/36\nArr\u00eat\u00e9 modifiant la liste des membres de la conf\u00e9rence r\u00e9gionale de la sant\u00e9\net de l'autonomie d'\u00cele-de-France\n29\n \nPage 13 sur 15  \ng) Pour les personnes morales gestionnaires d'institutions accueillant des personnes en difficult\u00e9s \nsociales : \n \nTitulaires Suppl\u00e9ants \nMonsieur Eric LEMERCIER, Directeur d'\u00e9tablissements \n(Groupe SOS) \nMadame Catherine DELORME, D\u00e9l\u00e9gu\u00e9e r\u00e9gionale IDF \nde la F\u00e9d\u00e9ration Addictions (FA) et Directrice du Trait \nd'Union - Oppelia (92) \nMonsieur Denis JOUTEAU, D\u00e9l\u00e9gu\u00e9 R\u00e9gional F\u00e9d\u00e9ration \nAddictions \n \n \nh) Pour les centres de sant\u00e9, maisons de sant\u00e9 et p\u00f4les de sant\u00e9 : \n \nTitulaires Suppl\u00e9ants \nDocteur Fabrice GIRAUX, f\u00e9d\u00e9ration nationale des \ncentres de sant\u00e9 (FNCS) \nEn attente de d\u00e9signation \ni) Pour les communaut\u00e9s professionnelles territoriales de sant\u00e9 pr\u00e9vues \u00e0 l'article L 1434-12 \ndu Code de la sant\u00e9 publique : \n \nTitulaires Suppl\u00e9ants \nDocteur Jonathan BRAMI, Pr\u00e9sident CPTS 92 \nDocteur Marie-H\u00e9l\u00e8ne CERTAIN, Pr\u00e9sidente CPTS 78 \nDocteur Marie-Laure SALVIATO, Pr\u00e9sidente CPTS 91 \n \nj) Pour les associations de permanence de soins : \n \nTitulaires Suppl\u00e9ants \nDocteur Nathalie LEROY, Secr\u00e9taire g\u00e9n\u00e9rale URPS \nm\u00e9decins lib\u00e9raux IDF \nDocteur Abraham SABBAH (CROM IDF) \nDocteur Laurent DE BASTARD, CROM IDF \n \nk) Pour les services d'aide m\u00e9dicale urgente : \n \nTitulaires Suppl\u00e9ants \nProfesseur Pierre CARLI, Samu - Urgences de France \n(SUdF) \nDocteur Charlotte CHOLLET (SUdF) \nDocteur Olivier RICHARD (SUdF) \nl) Pour les transports sanitaires : \n \nTitulaires Suppl\u00e9ants \nMonsieur Serge BEAUJEAN, Secr\u00e9taire g\u00e9n\u00e9ral de la \nF\u00e9d\u00e9ration Nationale des Artisans Ambulanciers (FNAA) \nMonsieur Robert Romain BIANAY, PDG Groupe \nEMERGENCE, F\u00e9d\u00e9ration nationale des ambulanciers \npriv\u00e9s (FNAP) \nAgence R\u00e9gionale de Sant\u00e9 - IDF-2025-10-23-00002 - ARR\u00caT\u00c9 n\u00b02025/36\nArr\u00eat\u00e9 modifiant la liste des membres de la conf\u00e9rence r\u00e9gionale de la sant\u00e9\net de l'autonomie d'\u00cele-de-France\n30\n \nPage 14 sur 15  \nm) Pour les repr\u00e9sentants des services d\u00e9partementaux d'incendie et de secours ou de la Brigade \ndes sapeurs-pompiers de Paris : \n \nTitulaires Suppl\u00e9ants \nDocteur Patrick HERTGEN, Brigade des Sapeurs- \nPompiers de Paris \nMonsieur Nicolas CHOSSAT, SDIS 91 \n \nn) Pour les organisations syndicales repr\u00e9sentatives de m\u00e9decins des \u00e9tablissements publics de sant\u00e9 : \n \nTitulaires Suppl\u00e9ants \nDocteur St\u00e9phane DAVID, SNAM-PH Docteur Michel TRIANTAFYLLOU, INPH \nDocteur Catherine BOITEUX, CMH \n \n \no) Pour les unions r\u00e9gionales des professionnels de sant\u00e9 lib\u00e9raux : \n \nTitulaires Suppl\u00e9ants \nDocteur Bertrand DE ROCHAMBEAU, Vice-pr\u00e9sident \nURPS IDF- M\u00e9decins lib\u00e9raux \nDocteur Henri GUERINI, URPS IDF - M\u00e9decins lib\u00e9raux \nDocteur Patrick SIMON, tr\u00e9sorier URPS IDF - M\u00e9decins \nlib\u00e9raux \nDocteur Mardoche SEBBAG, URPS IDF - M\u00e9decins \nlib\u00e9raux \nDocteur Arnaud SAADA, URPS IDF - M\u00e9decins lib\u00e9raux \nDocteur Bernard ELGHOZI, tr\u00e9sorier adjoint URPS IDF - \nM\u00e9decins lib\u00e9raux \nDocteur Fabienne ROBICHON, Pr\u00e9sidente URPS - \nChirurgiens-dentistes lib\u00e9raux IDF \nMonsieur Jean-Claude AZOULAY, URPS Biologistes IDF \nDocteur Nicolas GOOSSENS, URPS - Chirurgiens- \ndentistes lib\u00e9raux IDF \nDocteur Delphine CHADOUTAUD, Pr\u00e9sidente de URPS \n- Pharmaciens IDF \nMadame Camille COURCIER, URPS Sages- femmes IDF \n- AUIF \nMadame Bernadette HERAULT, URPS Infirmiers IDF - \nAUIF \nMadame Fatima SAID DAUVERGNE, URPS infirmiers \nIDF AUIF \n \nMonsieur Yvan TOURJANSKY, URPS Masseurs \nkin\u00e9sith\u00e9rapeutes IDF - AUIF \nMonsieur Bertrand AUPICON, URPS Podologues IDF-AUIF \nMadame V\u00e9ronique DISSAT, URPS Orthoptistes- AUIF \nMadame Anne-Sophie HADELER, Pr\u00e9sidente URPS \nOrthophonistes IDF AUIF \nDocteur Eric DOURIEZ, URPS Pharmaciens AUIF \n \np) Pour le conseil r\u00e9gional de l'ordre des m\u00e9decins : \n \nTitulaires Suppl\u00e9ants \nDocteur Jean-Luc THOMAS (Pr\u00e9sident du CROM IDF) Docteur Eric GIBERT (CROM) \nAgence R\u00e9gionale de Sant\u00e9 - IDF-2025-10-23-00002 - ARR\u00caT\u00c9 n\u00b02025/36\nArr\u00eat\u00e9 modifiant la liste des membres de la conf\u00e9rence r\u00e9gionale de la sant\u00e9\net de l'autonomie d'\u00cele-de-France\n31\n \nPage 15 sur 15  \nq) Pour les internes en m\u00e9decine : \n \nTitulaires Suppl\u00e9ants \n \nMarine LOTY (Pr\u00e9sidente SIHP) Ma\u00efssa BOUKERROU (pr\u00e9sidente du SRP-IMG) \nr) Pour le Minist\u00e8re de la D\u00e9fense : \n \nTitulaires Suppl\u00e9ants \nMadame Marion AUBOIN, M\u00e9decin-chef HIA B\u00e9gin Monsieur Gilles KERANGUEVEN \ns) Pour les dispositifs d'appui \u00e0 la coordination (DAC) pr\u00e9vus \u00e0 l'article L 6327-1 et suivants du \ncode de la sant\u00e9 publique : \n \nTitulaires Suppl\u00e9ants \n \nMonsieur Adrien BEAUMEL, Directeur DAC 77 Nord \n \n_______________________________________________ \n \n \nMadame Pauline LOUIS, DAC 94 \nMonsieur Eddy HABIB, Directeur Dacs IDF \nMadame Christine CHANDEMERLE, Directrice DAC 92 \nNord \n________________________________________________ \n \nMadame St\u00e9phanie WILLEMS, Directrice r\u00e9seau de \nn\u00e9phrologie d'Ile-de-France (DSR) \nMadame Catherine MOUZAWAK, R\u00e9seau SEP IDF(DSR) \n \n8. Pour le coll\u00e8ge des personnalit\u00e9s qualifi\u00e9es : \n \nTitulaires \nMadame Olivia GROSS, titulaire de la Chaire de recherche sur l'engagement des patients, Laboratoire Educations et \nPromotion de la Sant\u00e9, UR3412, Universit\u00e9 Sorbonne Paris Nord \nMonsieur Jean-Pierre BURNIER, administrateur de l'Institut GUSTAVE ROUSSY \n9. Pour le coll\u00e8ge des membres avec voix consultative : \n \n- Le pr\u00e9fet de r\u00e9gion ou son repr\u00e9sentant \n- Le pr\u00e9sident du conseil \u00e9conomique social et environnemental r\u00e9gional ou son repr\u00e9sentant \n- Les chefs de services de l'Etat en r\u00e9gion ou leurs repr\u00e9sentants \n- Le directeur g\u00e9n\u00e9ral de l'agence r\u00e9gionale de sant\u00e9 ou son repr\u00e9sentant \n- Un membre des conseils des organismes locaux d'assurance maladie relevant du r\u00e9gime g\u00e9n\u00e9ral \n- Un administrateur d'un organisme local d'assurance maladie relevant de la mutualit\u00e9 sociale agricole \nAgence R\u00e9gionale de Sant\u00e9 - IDF-2025-10-23-00002 - ARR\u00caT\u00c9 n\u00b02025/36\nArr\u00eat\u00e9 modifiant la liste des membres de la conf\u00e9rence r\u00e9gionale de la sant\u00e9\net de l'autonomie d'\u00cele-de-France\n32","date":"2025-10-23","first_seen_on":"2025-10-23T17:19:23+00:00","id":"5e3bd79c9c9a1fc62067f81dd630964e93cce2cec4224e6f2a150232d8fb270e","name":"recueil-idf-050-2025-10-RAA-nominatifs du 23.10.2025","pdf_creation_date":"2025-10-23T14:59:30+00:00","pdf_modification_date":null,"timezone":"Europe/Paris","url":"https://www.prefectures-regions.gouv.fr/ile-de-france/irecontenu/telechargement/132049/969423/file/recueil-idf-050-2025-10-RAA-nominatifs%20du%2023.10.2025.pdf"}
