{"administration":"pref50","administration_name":"Pr\u00e9fecture de la Manche","content":"RECUEIL DES ACTES\nADMINISTRATIFS\nDE LA MANCHE\nDOCUMENTATION\nET\nINFORMATIONS\nJUILLET 2023\nNUMERO SPECIAL N\u00b0 67\nLe contenu int\u00e9gral des textes et/ou les documents et plans annex\u00e9s\npeut \u00eatre consult\u00e9 aupr\u00e8s du service sous le timbre duquel la publication\nest r\u00e9alis\u00e9e et sur le site Internet de la pr\u00e9fecture :\nhttp://www.manche.gouv.fr\nRubrique : Publications - Annonces et avis - Recueil des actes administratifs\n\nS O M M A I R E\nCABINET DU PREFET...............................................................................................................................................................................................2\nArr\u00eat\u00e9 du 31 juillet 2023 instaurant un p\u00e9rim\u00e8tre de protection aux abords de la commune du Mont-Saint-Michel..............................................2\n\uf0bf\nCABINET DU PREFET\nArr\u00eat\u00e9 du 31 juillet 2023 instaurant un p\u00e9rim\u00e8tre de protection aux abords de la commune du Mont-Saint-Michel\nConsid\u00e9rant qu'en application de l'article L. 226-1 du Code de la s\u00e9curit\u00e9 int\u00e9rieure, \u00ab  afin d'assurer la s\u00e9curit\u00e9 d'un lieu ou d'un \u00e9v\u00e9nement\nexpos\u00e9  \u00e0 un risque  d'actes  de terrorisme \u00e0 raison de sa nature  et  de l'ampleur  de sa fr\u00e9quentation,  le repr\u00e9sentant  de l'Etat  dans  le\nd\u00e9partement ou, \u00e0 Paris, le pr\u00e9fet de police peut instituer par arr\u00eat\u00e9 motiv\u00e9 un p\u00e9rim\u00e8tre de protection au sein duquel l'acc\u00e8s et la circulation\ndes personnes sont r\u00e9glement\u00e9s. \u00bb ;\nConsid\u00e9rant la pr\u00e9gnance de menace terroriste sur le territoire national, et notamment sur les sites tr\u00e8s fr\u00e9quent\u00e9s attirant un public touristique\n\u00e0 la fois local et international, et sur les lieux \u00e0 forte symbolique religieuse chr\u00e9tienne, dont le Mont-Saint-Michel fait partie ;\nConsid\u00e9rant que le Mont-Saint-Michel est l'un des principaux sites touristiques fran\u00e7ais et qu'il accueille chaque ann\u00e9e environ 2,5 millions de\npersonnes ;\nConsid\u00e9rant que l'importance de la symbolique religieuse du Mont-Saint-Michel et de son abbaye l'expose \u00e0 un risque d'actes de terrorisme ;\nConsid\u00e9rant que les vacances d'\u00e9t\u00e9 entra\u00eenent une forte hausse de la fr\u00e9quentation en raison des vacances scolaires et de l'afflux de touristes\ninternationaux ;\nConsid\u00e9rant que le mill\u00e9naire de l'abbatiale du Mont-Saint-Michel est c\u00e9l\u00e9br\u00e9 tout au long de l'ann\u00e9e 2023 et que les \u00e9v\u00e9nements d\u00e9j\u00e0\norganis\u00e9s \u00e0 cette occasion, notamment l'exposition \u00ab  La demeure de l'archange  \u00bb en mai 2023 et le spectacle nocturne de lumi\u00e8res \u00ab  Solstice\ndu mill\u00e9naire \u00bb en juin 2023, ont provoqu\u00e9 une affluence particuli\u00e8rement importante ;\nConsid\u00e9rant que durant les vacances d'\u00e9t\u00e9, du 1er au 31 ao\u00fbt 2023 inclus, il y a lieu d'instaurer un p\u00e9rim\u00e8tre de protection aux abords du Mont-\nSaint-Michel aux fins de pr\u00e9vention d'un acte de terrorisme ; que compte tenu de la topographie des lieux, ce p\u00e9rim\u00e8tre doit englober l'ensemble\ndu Mont-Saint-Michel intra-muros et de l'esplanade devant l'entr\u00e9e, de la passerelle, et une partie de la baie aux abords imm\u00e9diats du Mont et\nde la passerelle, ainsi que le site de \u00ab la Caserne \u00bb, conform\u00e9ment au plan en annexe. Ces lieux \u00e9tant les seuls acc\u00e8s possibles au Mont-Saint-\nMichel.\nConsid\u00e9rant qu'il y a lieu d'autoriser les agents de la police municipale du Mont-Saint-Michel \u00e0 participer aux contr\u00f4les d'acc\u00e8s sous l'autorit\u00e9\nd'un officier de police judiciaire, afin de renforcer les effectifs d\u00e9ploy\u00e9s par les services de gendarmerie ;\nConsid\u00e9rant que ce p\u00e9rim\u00e8tre doit \u00eatre instaur\u00e9 du 1er au 31 ao\u00fbt 2023 inclus, de 8h \u00e0 21h,  principale plage horaire de fr\u00e9quentation\ntouristique.\nArt. 1 : Il est instaur\u00e9 un p\u00e9rim\u00e8tre de protection aux abords du Mont-Saint-Michel du 1er au 31 ao\u00fbt 2023  inclus, tous les jours de 8h \u00e0 21h.\nArt. 2     : Le p\u00e9rim\u00e8tre de protection comprend l'ensemble du Mont-Saint-Michel intra-muros et de l'esplanade devant l'entr\u00e9e, la passerelle, et\nune partie de la baie aux abords imm\u00e9diats du Mont et de la passerelle. Il englobe \u00e9galement les parkings et le site de \u00ab  la Caserne  \u00bb,\nconform\u00e9ment au plan en annexe.\nArt. 3 : Les points d'acc\u00e8s \u00e0 ce p\u00e9rim\u00e8tre de protection se situent aux entr\u00e9es du parking, les contr\u00f4les pourront \u00eatre r\u00e9alis\u00e9s \u00e0 l'int\u00e9rieur et aux\nabords du p\u00e9rim\u00e8tre, conform\u00e9ment au plan en annexe.\nArt. 4 : Les mesures de contr\u00f4le suivantes sont autoris\u00e9es :\nPour l'acc\u00e8s des pi\u00e9tons :\n- Palpations de s\u00e9curit\u00e9 par une personne de m\u00eame sexe, inspection visuelle et fouille des bagages par des officiers de police judiciaire\nmentionn\u00e9s aux 2 \u00e0 4 de l'article 16 du Code de Proc\u00e9dure P\u00e9nale, et sous la responsabilit\u00e9 de ceux-ci, les agents de police judiciaire\nmentionn\u00e9s \u00e0 l'article 20 et aux 1, 1 bis et 1 ter de l'article 21 du m\u00eame code ;\n- Sous l'autorit\u00e9 d'un officier de police judiciaire, palpations de s\u00e9curit\u00e9, inspection visuelle et fouille des bagages par les agents de police\nmunicipale.\nCes mesures de v\u00e9rification sont subordonn\u00e9es au consentement des personnes souhaitant acc\u00e9der ou circuler \u00e0 l'int\u00e9rieur du p\u00e9rim\u00e8tre. En\ncas de refus de s'y conformer, ces personnes ne sont pas admises \u00e0 y p\u00e9n\u00e9trer ou peuvent \u00eatre reconduites \u00e0 l'ext\u00e9rieur du p\u00e9rim\u00e8tre par un\nofficier de police judiciaire mentionn\u00e9 aux 2 \u00e0 4 de l'article 16 du Code de Proc\u00e9dure P\u00e9nale, et sous la responsabilit\u00e9 de celui-ci, par un agent\nde police judiciaire mentionn\u00e9 \u00e0 l'article 20 et aux 1, 1 bis et 1 ter de l'article 21 du m\u00eame code.\nPour l'acc\u00e8s des v\u00e9hicules :\nL'acc\u00e8s et la circulation des v\u00e9hicules \u00e0 l'int\u00e9rieur du p\u00e9rim\u00e8tre sont subordonn\u00e9s \u00e0 la visite du v\u00e9hicule avec le consentement du conducteur,\npar des officiers de police judiciaire mentionn\u00e9s aux 2 \u00e0 4 de l'article 16 du Code de Proc\u00e9dure P\u00e9nale, et sous la responsabilit\u00e9 de ceux-ci, les\nagents de police judiciaire mentionn\u00e9s \u00e0 l'article 20 et aux 1, 1 bis et 1 ter de l'article 21 du m\u00eame code ;\nArt. 5 : Les personnes devant acc\u00e9der r\u00e9guli\u00e8rement \u00e0 l'int\u00e9rieur du p\u00e9rim\u00e8tre de protection sont invit\u00e9es \u00e0 se signaler \u00e0 l'autorit\u00e9 administrative\nafin de pouvoir faire l'objet d'une mesure de filtrage acc\u00e9l\u00e9r\u00e9, sur pr\u00e9sentation d'un justificatif de domicile ou d'un contrat de travail d'une\nentreprise riveraine. Les habitants de la commune et les personnes y travaillant sont exempt\u00e9es des mesures de contr\u00f4le. Toute facilit\u00e9 leur est\nfaite pour p\u00e9n\u00e9trer et circuler librement dans le p\u00e9rim\u00e8tre.\nSign\u00e9 : Le Pr\u00e9fet : Fr\u00e9d\u00e9ric PERISSAT\nANNEXE DE L'ARR\u00caT\u00c9 DU 31 JUILLET 2023 INSTAURANT UN P\u00c9RIM\u00c8TRE DE PROTECTION AUX ABORDS DU MONT-SAINT-MICHEL\n\uf0bf\nD\u00e9partement de la Manche - Imprimerie administrative - Directeur de la publication : Mme la Secr\u00e9taire g\u00e9n\u00e9rale","date":"2023-07-31","first_seen_on":"2025-07-18T12:01:34+00:00","id":"5e4b59a40e7fa55b860acd02703c9c7eec9feac575a785769768d57cc19464d1","name":"RAA SP n\u00b067","pdf_creation_date":"2023-07-31T14:01:47+00:00","pdf_modification_date":null,"timezone":"Europe/Paris","url":"https://www.manche.gouv.fr/contenu/telechargement/57159/444198/file/SP%2067.pdf"}
