{"administration":"pref37","administration_name":"Pr\u00e9fecture d\u2019Indre-et-Loire","content":"INDRE-ET-LOIRE\nRECUEIL DES ACTES\nADMINISTRATIFS\nN\u00b037-2024-02031\nPUBLI\u00c9 LE 29 F\u00c9VRIER 2024\nSommaire\nDirection d\u00e9partementale de l'emploi, du travail et des solidarit\u00e9s /\n37-2024-01-12-00003 - RECEPISSE ORGANISME SERVICES A LA PERSONNE \nMadame MERAL MELEK \u00e0 Amboise (1 page) Page 4\nDirection d\u00e9partementale de l'emploi, du travail et des solidarit\u00e9s / P\u00f4le\ninsertion emploi, et protection des plus vuln\u00e9rables\n37-2024-02-15-00002 - Arr\u00eat\u00e9 fixant la liste des candidats s\u00e9lectionn\u00e9s aux\nfins d'agr\u00e9ment en qualit\u00e9 de mandataire judiciaire \u00e0 la protection des\nmajeurs exer\u00e7ant \u00e0 titre individuel dans le d\u00e9partement d'Indre-et-Loire. (1\npage) Page 6\nDirection d\u00e9partementale des Territoires /\n37-2024-02-06-00002 - Arr\u00eat\u00e9 portant modification de l'arr\u00eat\u00e9 du 17\nd\u00e9cembre 2021 d\u00e9limitant les zones contamin\u00e9es par les termites ou\nsusceptible de l'\u00eatre \u00e0 court terme dans le d\u00e9partement d'Indre-et-Loire (3\npages) Page 8\n37-2024-01-25-00003 - Avenant n\u00b01 portant prorogation d\u25a1un an de la\nconvention de mise \u00e0 disposition des services de l\u25a1\u00c9tat pour l\u25a1exercice des\ncomp\u00e9tences d\u25a1attribution des aides \u00e0 la pierre de l\u25a1\u00c9tat pour la p\u00e9riode\n2018-2023 (1 page) Page 12\n37-2024-01-25-00005 - Avenant n\u00b02023-2-A \u00e0 la convention pour la gestion\ndes aides \u00e0 l\u25a1habitat priv\u00e9 (gestion des aides par l\u25a1Anah \u25a1  instruction et\npaiement).odt (1 page) Page 14\n37-2024-01-25-00004 - Avenant n\u00b02023-6- \u00e0 la convention de d\u00e9l\u00e9gation de\ncomp\u00e9tences d\u25a1attribution des aides \u00e0 la pierre de l\u25a1\u00c9tat \u00e0 Tours\nM\u00e9tropole Val de Loire relatif \u00e0 la prorogation de dur\u00e9e sur l\u25a1exercice 2024\n(1 page) Page 16\nPr\u00e9fecture d'Indre et Loire /\n37-2024-01-15-00011 - Arr\u00eat\u00e9 de composition de la CAPD des instituteurs et\nprofesseurs des \u00e9coles (2 pages) Page 18\n37-2024-02-12-00001 - Arr\u00eat\u00e9 prescrivant une amende administrative\namende administrative (3 pages) Page 21\nPr\u00e9fecture d'Indre et Loire / Direction de la citoyennet\u00e9 et de la l\u00e9galit\u00e9\n37-2024-02-16-00001 - Arr\u00eat\u00e9 interpr\u00e9fectoral portant modification des\nstatuts du Syndicat mixte \u00ab Nouvel Espace du Cher \u00bb (2 pages) Page 25\n37-2024-02-21-00001 - Arr\u00eat\u00e9 portant d\u00e9signation des repr\u00e9sentants de\nl'administration pour la fonction publique territoriale au sein du conseil\nm\u00e9dical d\u00e9partemental d'Indre-et-Loire (3 pages) Page 28\n37-2024-02-21-00002 - Arr\u00eat\u00e9 portant d\u00e9signation des repr\u00e9sentants du\npersonnel pour la fonction publique territoriale au sein du conseil m\u00e9dical\nd\u00e9partemental d'Indre-et-Loire  (6 pages) Page 32\n2\n37-2024-02-13-00001 - Arr\u00eat\u00e9 portant modification statutaire de la\ncommunaut\u00e9 de communes du Castelrenaudais (modification de la\ncomp\u00e9tence \u00ab\u00a0Politique sportive et culturelle\u00a0\u00bb) (4 pages) Page 39\n37-2024-02-13-00003 - ARR\u00caT\u00c9 PR\u00c9FECTORAL autorisant la Congr\u00e9gation\ndes S\u25a1urs de la Charit\u00e9-Pr\u00e9sentation de la Sainte Vierge \u00e0 proc\u00e9der \u00e0 la\nvente d\u25a1un ensemble immobilier situ\u00e9 \u00e0 LOURDES (65100) (1 page) Page 44\nSous-Pr\u00e9fecture de Chinon /\n37-2024-02-12-00002 - Arr\u00eat\u00e9 compl\u00e9mentaire portant dissolution de l'AFR\nd'ANTOGNY LE TILLAC (2 pages) Page 46\n37-2024-02-09-00001 - Arr\u00eat\u00e9 portant dissolution de l'AFR d'ANTOGNY LE\nTILLAC (2 pages) Page 49\n3\nDirection d\u00e9partementale de l'emploi, du travail\net des solidarit\u00e9s\n37-2024-01-12-00003\nRECEPISSE ORGANISME SERVICES A LA\nPERSONNE  Madame MERAL MELEK \u00e0 Amboise\nDirection d\u00e9partementale de l'emploi, du travail et des solidarit\u00e9s - 37-2024-01-12-00003 - RECEPISSE ORGANISME SERVICES A LA\nPERSONNE  Madame MERAL MELEK \u00e0 Amboise 4\nDIRECTION DEPARTEMENTALE DE L'EMPLOI, DU TRA V AIL ET DES SOLIDARITES \n \nR\u00e9c\u00e9piss\u00e9 de d\u00e9claration d'un organisme de services \u00e0 la personne enregistr\u00e9 sous le N\u00b0 SAP952943348 \nVu le code du travail et notamment les articles L.7231-1 \u00e0 L.7233-2, R.7232-16 \u00e0 R.7232-22, D.7231-1 et D.7233-1 \u00e0 D.7233-\n5 ;  \nVu la demande de d\u00e9claration d\u00e9pos\u00e9e, le 23/11/2023, par l'organisme \u00ab MERAL MELEK \u00bb dont l'\u00e9tablissement est situ\u00e9, 5 \nRue Joachim du Bellay 37400 AMBOISE; \nLe pr\u00e9fet d'Indre-et-Loire, \nConstate: \nARTICLE 1 : Qu'une d\u00e9claration d'activit\u00e9s de services \u00e0 la personne a \u00e9t\u00e9 d\u00e9pos\u00e9e aupr\u00e8s de la DDETS d 'Indre-et-Loire, le \n23/11/2023, par Mme. Meral Melek en qualit\u00e9 de dirigeante, pour l'organisme \u00ab  MERAL MELEK  \u00bb dont l'\u00e9tablisse ment \nprincipal est situ\u00e9 5 Rue Joachim du Bellay 37400 AMBOISE et enregistr\u00e9 sous le N\u00b0 SAP952943348 pour les activit\u00e9s suivantes : \nActivit\u00e9s relevant uniquement de la d\u00e9claration, en mode prestataire:   \n  \u2022   Entretien de la maison et travaux m\u00e9nagers (mode d'intervention Prestataire)  \n \nARTICLE 2 : Toute modification concernant les activit\u00e9s exerc\u00e9es devra faire l'objet d'une d\u00e9claration modificative pr\u00e9alable. \n \nARTICLE 3 : Sous r\u00e9serve d'\u00eatre exerc\u00e9es \u00e0 titre exclusif (ou sous r\u00e9serve d'une comptabilit\u00e9 s\u00e9par\u00e9e pour les personnes \nmorales dispens\u00e9es de cette condition), ces activit\u00e9s ouvrent droit au b\u00e9n\u00e9fice des dispositions des articles L.7233 -2 du code du \ntravail et L.241-10 du code de la s\u00e9curit\u00e9 sociale dans les conditions pr\u00e9vues par ces articles. Toutefois, en application des \narticles L.7232-1 et R.7232-1 \u00e0 R.7232-15, les activit\u00e9s n\u00e9cessitant un agr\u00e9ment (I de l'article D.7231-1 du code du travail) \nn'ouvrent droit \u00e0 ces dispositions que si la structure a pr\u00e9alablement obtenu l'agr\u00e9ment ou le renouvellement de cet agr\u00e9ment  \ndans le ou les d\u00e9partement(s) d'exercice de ses activit\u00e9s. De m\u00eame, en application de l'article D.312-6-2 du code de l'action \nsociale et des familles, les activit\u00e9s n\u00e9cessitant une autorisation n'ouvrent droit \u00e0 ces dispositions que si l'organisme a \npr\u00e9alablement obtenu l'autorisation ou le renouvellement de cette autorisation. \n \nARTICLE 4 : Les effets de la d\u00e9claration courent \u00e0 compter du jour du d \u00e9p\u00f4t de la d\u00e9claration sous r\u00e9serve des dispositions de \nl'article R.7232-18 du code du travail. Le pr\u00e9sent r\u00e9c\u00e9piss\u00e9 n'est pas limit\u00e9 dans le temps. L'enregistrement de la d\u00e9claration peut \n\u00eatre retir\u00e9 dans les conditions fix\u00e9es aux articles R.7232-20 \u00e0 R.7232-22 du code du travail. \n \nARTICLE 5: Le pr\u00e9sent arr\u00eat\u00e9 est susceptible, dans un d\u00e9lai de deux mois \u00e0 compter de sa notification ou de sa publication de \nfaire l'objet : \n\uf0b7 d'un recours gracieux devant le Pr\u00e9fet d'Indre-et-Loire ; \n\uf0b7 d'un recours hi\u00e9rarchique adress\u00e9 au ministre charg\u00e9 de l '\u00e9conomie-Direction g\u00e9n\u00e9rale des entreprises- sous-direction \ndes services marchands, 61 Boulevard Vincent Auriol, 75703 PARIS CEDEX 13;  \n\uf0b7 d'un recours contentieux devant le tribunal administratif d 'Orl\u00e9ans \u2013 28, rue de la Bretonnerie \u2013 45057 Orl\u00e9ans Cedex \n1 par voie postale ou par voie d\u00e9mat\u00e9rialis\u00e9e via \u00ab t\u00e9l\u00e9recours citoyen \u00bb accessible sur le site Internet www.telerecours.fr. \n \nARTICLE 6 : Le pr\u00e9sent r\u00e9c\u00e9piss\u00e9 est publi\u00e9 au recueil des actes administratifs de la pr\u00e9fecture.  \n \nTours, le 12/01/2024 \nLa directrice d\u00e9partementale et par subd\u00e9l\u00e9gation, \nLe directeur d\u00e9partemental adjoint, \nThierry GROSSIN-MOTTI \n \nDirection d\u00e9partementale de l'emploi, du travail et des solidarit\u00e9s - 37-2024-01-12-00003 - RECEPISSE ORGANISME SERVICES A LA\nPERSONNE  Madame MERAL MELEK \u00e0 Amboise 5\nDirection d\u00e9partementale de l'emploi, du travail\net des solidarit\u00e9s\n37-2024-02-15-00002\nArr\u00eat\u00e9 fixant la liste des candidats s\u00e9lectionn\u00e9s\naux fins d'agr\u00e9ment en qualit\u00e9 de mandataire\njudiciaire \u00e0 la protection des majeurs exer\u00e7ant \u00e0\ntitre individuel dans le d\u00e9partement\nd'Indre-et-Loire.\nDirection d\u00e9partementale de l'emploi, du travail et des solidarit\u00e9s - 37-2024-02-15-00002 - Arr\u00eat\u00e9 fixant la liste des candidats\ns\u00e9lectionn\u00e9s aux fins d'agr\u00e9ment en qualit\u00e9 de mandataire judiciaire \u00e0 la protection des majeurs exer\u00e7ant \u00e0 titre individuel dans le\nd\u00e9partement d'Indre-et-Loire.\n6\nDIRECTION DEPARTEMENTALE DEL'EMPLOI, DU TRAVAIL ET DESSOLIDARITESARRETEFixant la liste des candidats s\u00e9lectionn\u00e9s aux fins d'agr\u00e9ment en qualit\u00e9 demandataire judiciaire \u00e0 la protection des majeurs exer\u00e7ant \u00e0 titre individuel dans led\u00e9partement d'Indre-et-LoireLe pr\u00e9fet d'Indre-et-LoireChevalier de la L\u00e9gion d'honneurOfficier de I'Ordre National du M\u00e9riteVu le code de l'action sociale et des familles, notamment ses articles L.472-1, L.472-1-1et R.4721 ;Vu le sch\u00e9ma r\u00e9gional des mandataires judiciaires \u00e0 la protection des majeurs et des d\u00e9l\u00e9gu\u00e9s auxprestations familiales de la r\u00e9gion Centre Val de Loire 2023-2027;Vu l'avis d'appel \u00e0 candidatures en date du 19 octobre 2023;Vu l'avis de la commission d\u00e9partementale d'agr\u00e9ment en date du 26 janvier 2024;Vu le d\u00e9cret du Pr\u00e9sident de la R\u00e9publique du 7 d\u00e9cembre 2022 portant nomination de MonsieurLATRON Patrice, en qualit\u00e9 de Pr\u00e9fet d'Indre-et-Loire ;Vu l'arr\u00eat\u00e9 du Pr\u00e9fet d'Indre-et-Loire en date du 29 janvier 2024 donnant d\u00e9l\u00e9gation de signature \u00e0Madame RABIN Guillemette, Directrice D\u00e9partementale de I'Emploi, du Travail et des Solidarit\u00e9s pourl'ordonnancement secondaire des recettes et des d\u00e9penses du Budget de l'Etat ;Sur proposition de la directrice d\u00e9partementale de I'emploi, du travail et des solidarit\u00e9s ;ARR\u00caTEArticle 1\u00b0 : La liste des candidats dont la candidature est s\u00e9lectionn\u00e9e au regard des conditionspr\u00e9vues au troisi\u00e8me alin\u00e9a de l'article L.472-1-1 du code susvis\u00e9 est class\u00e9e ainsi qu'il suit :1- Mme MARIE C\u00e9line ;2- M. MAISONNAVE Eric ;3- Mme PRIGENT Marie-Pierre ;4- M. ES-SAMTI HassanArticle 2 : Le pr\u00e9sent arr\u00eat\u00e9 peut faire l'objet d'un recours administratif, soit gracieux aupr\u00e8s du Pr\u00e9fetd'Indre-et-Loire, soit hi\u00e9rarchique aupr\u00e8s du Ministre des Solidarit\u00e9s, de l'Autonomie et des PersonnesHandicap\u00e9es, dans les deux mois suivant sa notification. Un recours contentieux peut \u00eatre d\u00e9pos\u00e9aupr\u00e8s du tribunal administratif d'Orl\u00e9ans, \u00e9galement dans un d\u00e9lai de deux mois \u00e0 compter de lanotification, ou dans le d\u00e9lai de deux mois \u00e0 partir de la r\u00e9ponse de l'administration si un recoursadministratif a \u00e9t\u00e9 d\u00e9pos\u00e9, l'absence de r\u00e9ponse au terme de ce d\u00e9lai valant rejet implicite.Article 3 : Le pr\u00e9sent arr\u00eat\u00e9 sera publi\u00e9 au recueil des actes administratifs d'Indre-et-Loire.Article 4 : Une ampliation du pr\u00e9sent arr\u00eat\u00e9 sera notifi\u00e9e au procureur de la R\u00e9publique pr\u00e8s le TribunalJudiciaire de Tours.Article 5 : Le secr\u00e9taire g\u00e9n\u00e9ral de la pr\u00e9fecture, par int\u00e9rim, et la directrice d\u00e9partementale del'emploi, du travail et des solidarit\u00e9s sont charg\u00e9s, chacun en ce qui le concerne, de |'ex\u00e9cution dupr\u00e9sent arr\u00eat\u00e9.Tours, le 15 f\u00e9vrier 2024Le Pr\u00e9fet,Sign\u00e9 : Patrice LATRON15, rue Bernard Palissy37925 Tours Cedex 9T\u00e9l. : 02 47 64 37 37M\u00e9l : prefecture@indre-et-loire.gouv.frwww.indre-et-loire.gouv.fr\n \n \n \n \n \nDirection d\u00e9partementale de l'emploi, du travail et des solidarit\u00e9s - 37-2024-02-15-00002 - Arr\u00eat\u00e9 fixant la liste des candidats\ns\u00e9lectionn\u00e9s aux fins d'agr\u00e9ment en qualit\u00e9 de mandataire judiciaire \u00e0 la protection des majeurs exer\u00e7ant \u00e0 titre individuel dans le\nd\u00e9partement d'Indre-et-Loire.\n7\nDirection d\u00e9partementale des Territoires\n37-2024-02-06-00002\nArr\u00eat\u00e9 portant modification de l'arr\u00eat\u00e9 du 17\nd\u00e9cembre 2021 d\u00e9limitant les zones\ncontamin\u00e9es par les termites ou susceptible de\nl'\u00eatre \u00e0 court terme dans le d\u00e9partement\nd'Indre-et-Loire\nDirection d\u00e9partementale des Territoires - 37-2024-02-06-00002 - Arr\u00eat\u00e9 portant modification de l'arr\u00eat\u00e9 du 17 d\u00e9cembre 2021\nd\u00e9limitant les zones contamin\u00e9es par les termites ou susceptible de l'\u00eatre \u00e0 court terme dans le d\u00e9partement d'Indre-et-Loire 8\nDirection d\u00e9partementale des territoires d'Indre-et-Loire\nService habitat construction\nARR\u00caT\u00c9 portant modification de l'arr\u00eat\u00e9 du 17 d\u00e9cembre 2021\nd\u00e9limitant les zones contamin\u00e9es par les termites ou susceptibles de l'\u00eatre\n\u00e0 court terme dans le d\u00e9partement d'Indre-et-Loire\nLe pr\u00e9fet d'Indre-et-Loire\nChevalier de la L\u00e9gion d'honneur\nOfficier de l'Ordre National du M\u00e9rite\nVu le Code de la construction et de l'habitation, et notamment ses articles L.126-4, L.126-6 paragraphes I,\nII, III, L.126-23 \u00e0 L.126-24, L.131-2, L.131-3 1 er alinea, L.183-18, L.271-4 \u2013 R.126-1 \u00e0 R.126-4, R126-11,  R.126-42,\nR.131-1 \u00e0 R. 131-4, R.184-7 \u00e0 8, D.126-43, D.271-5 ;\nVu l'arr\u00eat\u00e9 du 17 d\u00e9cembre 2021, d\u00e9limitant les zones contamin\u00e9es par les termites ou susceptibles de\nl'\u00eatre \u00e0 court terme dans le d\u00e9partement d'Indre-et-Loire sur les communes de :\nAzay-le-Rideau, Azay-sur-Cher, Ballan-Mir\u00e9, Beaumont-en-V\u00e9ron, Berthenay, Bl\u00e9r\u00e9 ,  Champigny-sur-Veude,\nChanceaux-sur-Choisille,  Ch\u00e2teau-Renault,  Chaveignes,  Chinon,  Chouz\u00e9-sur-Loire,  Civray-sur-Esves,\nCouesmes,  Cravant-les-Coteaux, Crotelles, Descartes, Druye, Fondettes,  Jou\u00e9-l\u00e8s-Tours, La Celle-Saint-\nAvant, La Riche , La Ville-aux-Dames, L\u00e9mer\u00e9, Ligr\u00e9, Maill\u00e9, Manthelan, Montlouis-sur-Loire, Monts, Notre-\nDame-d'O\u00e9, Nouzilly, Razines, Richelieu, Rivi\u00e8re, Rochecorbon, Saint-Avertin, Saint-Cyr-sur-Loire, Saint-\nGenouph, Saint-Nicolas-de-Bourgueil, Saint-Pierre-des-Corps, Savonni\u00e8res, Sorigny, Thizay, Tours, Vall\u00e8res,\nVillandry ;\nVu l'arr\u00eat\u00e9 du 16 mai 2022, portant modification de l'arr\u00eat\u00e9 du 17 d\u00e9cembre 2021, d\u00e9limitant les zones\ncontamin\u00e9es par les termites ou susceptibles de l'\u00eatre \u00e0 court terme dans le d\u00e9partement d'Indre-et-Loire\nsur les communes de : Montlouis-sur-Loire, Crotelles, Saint-Avertin, Tours, Druye ;\nVu l'arr\u00eat\u00e9 du 27 mars 2023, portant modification de l'arr\u00eat\u00e9 du 17 d\u00e9cembre 2021, d\u00e9limitant les zones\ncontamin\u00e9es par les termites ou susceptibles de l'\u00eatre \u00e0 court terme dans le d\u00e9partement d'Indre-et-Loire\nsur les communes de : Hommes, Saint-Avertin ;\nVu la d\u00e9lib\u00e9ration du conseil municipal de Ligr\u00e9 en date du 12 septembre 2023 ;\nVu la d\u00e9lib\u00e9ration du conseil municipal de Monts en date du 14 novembre 2023 ;\nVu la d\u00e9lib\u00e9ration du conseil municipal de Saint-Avertin en date du 13 d\u00e9cembre 2023 ;\nVu la d\u00e9lib\u00e9ration du conseil municipal de Artannes-sur-Indre en date du 08 janvier 2024 ;\nVu la d\u00e9lib\u00e9ration du conseil municipal de La Tour-Saint-Gelin en date du 09 janvier 2024 ;\nConsid\u00e9rant les d\u00e9clarations de pr\u00e9sence av\u00e9r\u00e9e de termites, d\u00e9pos\u00e9es en mairie et les investigations\nmen\u00e9es par les services de la section d'Indre-et-Loire de la F\u00e9d\u00e9ration r\u00e9gionale de d\u00e9fense contre les\norganismes nuisibles du Centre Val de Loire (FREDON 37) ou d'autres organismes \u00e9galement comp\u00e9tents,\npour d\u00e9terminer les parcelles et immeubles infest\u00e9s par les termites sur les communes susvis\u00e9es et les\nrapports \u00e9tablis \u00e0 l'issue des recherches ;\nConsid\u00e9rant que  les  conclusions  de  ces  \u00e9tudes  conduisent  \u00e0  retenir  des  zonages  coh\u00e9rents  avec  la\nconnaissance du mode de vie de ces insectes et de leur m\u00e9thode de prolif\u00e9ration en fonction des sources\nd'approvisionnement ;\nConsid\u00e9rant que  ces  conclusions  ont  \u00e9t\u00e9  approuv\u00e9es  par  les  conseils  municipaux  des  communes\nconcern\u00e9es ;\nConsid\u00e9rant que le mode de vie et de prolif\u00e9ration des termites, dans le sol et \u00e0 l'abri de la lumi\u00e8re, ainsi\nque les proc\u00e9d\u00e9s existants de recherche, ne peuvent permettre d'affirmer son \u00e9radication d\u00e9finitive par\nles traitements curatifs ou pr\u00e9ventifs ;\n15, rue Bernard Palissy\n37925 Tours Cedex 9\nT\u00e9l. : 02 47 64 37 37\nM\u00e9l : prefecture@indre-et-loire.gouv.fr\nwww.indre-et-loire.gouv.fr \nDirection d\u00e9partementale des Territoires - 37-2024-02-06-00002 - Arr\u00eat\u00e9 portant modification de l'arr\u00eat\u00e9 du 17 d\u00e9cembre 2021\nd\u00e9limitant les zones contamin\u00e9es par les termites ou susceptible de l'\u00eatre \u00e0 court terme dans le d\u00e9partement d'Indre-et-Loire 9\nSur proposition de la directrice d\u00e9partementale des territoires :\nARR\u00caTE\nArticle 1er : Le nom des communes de Artannes-sur-Indre et La Tour Saint Gelin sont ajout\u00e9s \u00e0 la liste des\ncommunes mentionn\u00e9es \u00e0 l'article 1 de l'arr\u00eat\u00e9 initial du 17 d\u00e9cembre 2021, avec le plan des p\u00e9rim\u00e8tres\nconcern\u00e9s.\nPour les communes de Ligr\u00e9, Monts et Saint-Avertin, les plans de situation annex\u00e9s au pr\u00e9sent arr\u00eat\u00e9 \nannulent et remplacent ceux annex\u00e9s \u00e0 l'arr\u00eat\u00e9 initial susvis\u00e9.\nArticle  2 : Le  pr\u00e9sent  arr\u00eat\u00e9  et  ses  annexes  seront  affich\u00e9s  pendant  trois  mois  dans  les  mairies  de\nArtannes-sur-Indre, La Tour Saint Gelin, Ligr\u00e9, Monts et Saint-Avertin.\nIl sera \u00e9galement publi\u00e9 au recueil des actes administratifs de la pr\u00e9fecture.\nLes effets juridiques attach\u00e9s \u00e0 la d\u00e9limitation des zones ont pour point de d\u00e9part la date du premier jour\nde l'affichage de la mairie concern\u00e9e.\nArticle 3 : Le pr\u00e9sent arr\u00eat\u00e9 ainsi que ses annexes peuvent \u00eatre consult\u00e9s dans les mairies des communes\nconcern\u00e9es ainsi qu'\u00e0 la pr\u00e9fecture d'Indre-et-Loire et sur le site Internet de l'\u00c9tat en Indre-et-Loire.\nLes plans de zonage avec la pr\u00e9cision parcellaire sont accessibles sur le site Internet de l'\u00c9tat en Indre-et-\nLoire :\nhttp://www.indre-et-loire.gouv.fr/Politiques-publiques/Risques-naturels-et-technologiques/Termites-\nMerules/Lutte-contre-les-termites-et-autres-insectes-xylophages\nArticle 4 : Le pr\u00e9sent arr\u00eat\u00e9 est susceptible, dans un d\u00e9lai de deux mois \u00e0 compter de sa notification ou\nde sa publication de faire l'objet :\n\u2022 d'un recours gracieux devant le pr\u00e9fet d'Indre-et-Loire ;\n\u2022 d'un recours hi\u00e9rarchique devant le ministre de la Transition \u00e9cologique et de la Coh\u00e9sion des \nterritoires ;\n\u2022 d'un recours contentieux devant le tribunal administratif d'Orl\u00e9ans \u2013 28, rue de la Bretonnerie \u2013\n45057 Orl\u00e9ans Cedex 1 par voie postale ou par voie d\u00e9mat\u00e9rialis\u00e9e via \u00ab  t\u00e9l\u00e9recours citoyen \u00bb\naccessible sur le site Internet www.telerecours.fr.\nArticle  5 : Le  secr\u00e9taire  g\u00e9n\u00e9ral  de  la  pr\u00e9fecture  d'Indre-et-Loire,  la  directrice  d\u00e9partementale  des\nTerritoires,  les  maires  des  communes  concern\u00e9es  sont  charg\u00e9s,  chacun  en  ce  qui  le  concerne,  de\nl'ex\u00e9cution du pr\u00e9sent arr\u00eat\u00e9 dont une copie sera adress\u00e9e pour information \u00e0 :\n\u2022 Mme. la pr\u00e9sidente du Conseil d\u00e9partemental d'Indre-et-Loire,\n\u2022 M. le pr\u00e9sident de l'association des maires d'Indre-et-Loire,\n\u2022 Mme la directrice d\u00e9partementale de la protection des populations,\n\u2022 Mme la directrice d\u00e9partementale de l'Emploi, du Travail et des Solidarit\u00e9s,\n\u2022 Mme la directrice d\u00e9partementale de l'agence r\u00e9gionale de la sant\u00e9 d'Indre-et-Loire,\n\u2022 Mme la directrice d\u00e9partementale de la s\u00e9curit\u00e9 publique,\n\u2022 M. le chef de service de l'unit\u00e9 d\u00e9partementale de l'architecture et du patrimoine,\n\u2022 M. le commandant du groupement de gendarmerie d\u00e9partementale d'Indre-et-Loire,\n\u2022 M. le chef du bureau de la d\u00e9fense nationale et de la protection civile,\n\u2022 Mme la pr\u00e9sidente de la chambre interd\u00e9partementale des notaires du Val de Loire,\n\u2022 Mme la pr\u00e9sidente du Conseil sup\u00e9rieur du notariat,\n\u2022 Mme le B\u00e2tonnier de l'Ordre des avocats au barreau constitu\u00e9 aupr\u00e8s du tribunal de grande instance\nde Tours,\n\u2022 M. le d\u00e9l\u00e9gu\u00e9 local de l'agence nationale de l'habitat (ANAH),\n\u2022 M. le directeur g\u00e9n\u00e9ral de l'Institut technologique for\u00eat cellulose bois-construction Ameublement\n(FCBA),\n\u2022 M. le pr\u00e9sident de la f\u00e9d\u00e9ration r\u00e9gionale de d\u00e9fense contre les organismes nuisibles du Centre Val\nde Loire (FREDON 37).\nDirection d\u00e9partementale des Territoires - 37-2024-02-06-00002 - Arr\u00eat\u00e9 portant modification de l'arr\u00eat\u00e9 du 17 d\u00e9cembre 2021\nd\u00e9limitant les zones contamin\u00e9es par les termites ou susceptible de l'\u00eatre \u00e0 court terme dans le d\u00e9partement d'Indre-et-Loire 10\nFait \u00e0 TOURS, le 06 f\u00e9vrier 2024\nLe pr\u00e9fet,\nSign\u00e9\nPatrice LATRON\nDirection d\u00e9partementale des Territoires - 37-2024-02-06-00002 - Arr\u00eat\u00e9 portant modification de l'arr\u00eat\u00e9 du 17 d\u00e9cembre 2021\nd\u00e9limitant les zones contamin\u00e9es par les termites ou susceptible de l'\u00eatre \u00e0 court terme dans le d\u00e9partement d'Indre-et-Loire 11\nDirection d\u00e9partementale des Territoires\n37-2024-01-25-00003\nAvenant n\u00b01 portant prorogation d\u25a1un an de la\nconvention de mise \u00e0 disposition des services de\nl\u25a1\u00c9tat pour l\u25a1exercice des comp\u00e9tences\nd\u25a1attribution des aides \u00e0 la pierre de l\u25a1\u00c9tat pour\nla p\u00e9riode 2018-2023\nDirection d\u00e9partementale des Territoires - 37-2024-01-25-00003 - Avenant n\u00b01 portant prorogation d\u25a1un an de la convention de mise\n\u00e0 disposition des services de l\u25a1\u00c9tat pour l\u25a1exercice des comp\u00e9tences d\u25a1attribution des aides \u00e0 la pierre de l\u25a1\u00c9tat pour la p\u00e9riode\n2018-2023\n12\nAvenant  n\u00b01 portant prorogation d'un an de la convention de  mise \u00e0 disposition des services de l'\u00c9tat pour l'e xercice des\ncomp\u00e9tences d'attribution des aides \u00e0 la pierre de l'\u00c9tat pour la p\u00e9riode 2018-2023\nLe pr\u00e9sent avenant est \u00e9tabli entre\nTours M\u00e9tropole Val de Loire, repr\u00e9sent\u00e9 par Monsieur Fr\u00e9d\u00e9ric AUGIS, Pr\u00e9sident ;\net\nL'\u00c9tat, repr\u00e9sent\u00e9 par Patrice LATRON, Pr\u00e9fet du d\u00e9partement d'Indre-et-Loire ;\nVU la convention de d\u00e9l\u00e9gation de comp\u00e9tences d'att ribution des aides \u00e0 la pierre pour la p\u00e9riode 2018  - 2023 en date du 5\njuillet 2018 ;\nVU la convention de mise \u00e0 disposition des services  de l'\u00c9tat pour l'exercice des comp\u00e9tences en mati\u00e8 re d'attribution des\naides \u00e0 la pierre pour la p\u00e9riode 2018 - 2023 en date du 5 juillet 2018 ;\nVU la convention de gestion des aides \u00e0 l'habitat priv\u00e9 pour la p\u00e9riode 2018 - 2023 en date du 5 juillet 2018 ;\nVU le courrier du Pr\u00e9sident de Tours M\u00e9tropole Val de Loire du 5 octobre 2023 au Pr\u00e9fet du d\u00e9partement  d'Indre-et-Loire sol-\nlicitant la prorogation d'un an de la convention de  d\u00e9l\u00e9gation des aides \u00e0 la pierre dans les conditio ns de l'article L. 301-5-1\nalin\u00e9a 6 du Code de la construction et de l'habitation (CCH);\nVU le courrier du Pr\u00e9fet du d\u00e9partement d'Indre-et- Loire du 5 d\u00e9cembre 2023 donnant son accord pour pr olonger par avenant\nla d\u00e9l\u00e9gation de comp\u00e9tences pour l'attribution des aides \u00e0 la pierre pour une dur\u00e9e d'un an ;\nVU la d\u00e9lib\u00e9ration du bureau m\u00e9tropolitain du 14 mai 2018, autorisant la signature du pr\u00e9sent avenant ;\nConsid\u00e9rant que le troisi\u00e8me programme local de l'habitat (PLH) de la m\u00e9tropole de Tours est en cours de validit\u00e9 ;\nConsid\u00e9rant que l'\u00e9laboration du quatri\u00e8me PLH a \u00e9t \u00e9 lanc\u00e9e par d\u00e9lib\u00e9ration du conseil m\u00e9tropolitain du 28 f\u00e9vrier 2022 et\nque ce PLH aura un caract\u00e8re ex\u00e9cutoire au cours du 1er semestre 2024 ;\nConsid\u00e9rant la volont\u00e9 de Tours M\u00e9tropole Val de Lo ire de conserver une m\u00eame temporalit\u00e9 entre PLH et d\u00e9l\u00e9gation de\ncomp\u00e9tences des aides publiques \u00e0 la pierre pour en maintenir la coh\u00e9rence et en faciliter la mise en \u0153uvre ;\nIl a \u00e9t\u00e9 convenu ce qui suit :\nArticle 1 : Prorogation de la dur\u00e9e de la convention de mise \u00e0 disposition des services de l'\u00c9tat\nLe pr\u00e9sent avenant a pour objet de proroger d'un an la convention de mise \u00e0 disposition des services de l'\u00c9tat pour l'exercice \ndes comp\u00e9tences en mati\u00e8re d'attribution des aides \u00e0 la pierre pour la p\u00e9riode 2018 - 2023 en date du 5 juillet 2018\nLe dernier alin\u00e9a de l'article 9 intitul\u00e9 \u00ab Dur\u00e9e \u00bb est remplac\u00e9 par la phrase suivante :\n\u00ab La pr\u00e9sente convention, ainsi conclue pour une dur\u00e9e de 7 ans, s'ach\u00e8ve au 31 d\u00e9cembre 2024. \u00bb\nArticle 2 : Autres dispositions \nLes autres dispositions de la convention vis\u00e9e ci-dessus sont sans changement.\nArticle 3 : Publication \nLe pr\u00e9sent avenant fait l'objet d'une publication a u recueil des actes administratifs de la pr\u00e9fecture  et de Tours M\u00e9tropole Val\nde Loire.\nTours, le 25 janvier 2024\nSign\u00e9 : \nLe Pr\u00e9fet d'Indre-et-Loire\nPatrice Latron\nLe Pr\u00e9sident de Tours M\u00e9tropole Val de Loire\nFr\u00e9d\u00e9ric Augis\nDirection d\u00e9partementale des Territoires - 37-2024-01-25-00003 - Avenant n\u00b01 portant prorogation d\u25a1un an de la convention de mise\n\u00e0 disposition des services de l\u25a1\u00c9tat pour l\u25a1exercice des comp\u00e9tences d\u25a1attribution des aides \u00e0 la pierre de l\u25a1\u00c9tat pour la p\u00e9riode\n2018-2023\n13\nDirection d\u00e9partementale des Territoires\n37-2024-01-25-00005\nAvenant n\u00b02023-2-A \u00e0 la convention pour la\ngestion des aides \u00e0 l\u25a1habitat priv\u00e9 (gestion des\naides par l\u25a1Anah \u25a1  instruction et paiement).odt\nDirection d\u00e9partementale des Territoires - 37-2024-01-25-00005 - Avenant n\u00b02023-2-A \u00e0 la convention pour la gestion des aides \u00e0\nl\u25a1habitat priv\u00e9 (gestion des aides par l\u25a1Anah \u25a1  instruction et paiement).odt 14\nAvenant n\u00b02023-2-A \u00e0 la convention pour la gestion des aides \u00e0 l'habitat priv\u00e9 (gestion des aides par l'Anah \u2013  instruction et\npaiement)\nAnnexe n\u00b03 \u00e0 la d\u00e9lib\u00e9ration n\u00b02022-55 du Conseil d 'administration du 22 d\u00e9cembre 2022 approuvant les clauses-types des\nconventions conclues en application de l'article L.321-1-1 du code de la construction et de l'habitation (et leurs avenants)\nTours M\u00e9tropole Val de Loire, repr\u00e9sent\u00e9 par Monsieur Fr\u00e9d\u00e9ric AUGIS, Pr\u00e9sident ;\net\nL'Agence nationale de l'habitat (Anah), repr\u00e9sent\u00e9 par Monsieur Patrice LATRON, d\u00e9l\u00e9gu\u00e9 de l'Anah dans le d\u00e9partement,\nVU la convention de d\u00e9l\u00e9gation de comp\u00e9tence conclu e en application de l'article L. 301-5-1 du code de  la construction et de\nl'habitation en date du 5 juillet 2018,\nVU la convention de mise \u00e0 disposition des services  de l'\u00c9tat pour l'exercice des comp\u00e9tences en mati\u00e8 re d'attribution des\naides \u00e0 la pierre pour la p\u00e9riode 2018 - 2023 en date du 5 juillet 2018 ;\nVU la convention de gestion des aides \u00e0 l'habitat priv\u00e9 conclue avec l'Anah en date du 5 juillet 2018,\nVU le courrier du Pr\u00e9sident de Tours M\u00e9tropole Val de Loire du 5 octobre 2023 au Pr\u00e9fet du d\u00e9partement  d'Indre-et-Loire sol-\nlicitant la prorogation d'un an de la convention de  d\u00e9l\u00e9gation des aides \u00e0 la pierre dans les conditio ns de l'article L. 301-5-1\nalin\u00e9a 6 du Code de la construction et de l'habitation (CCH);\nVU le courrier du Pr\u00e9fet du d\u00e9partement d'Indre-et- Loire du 5 d\u00e9cembre 2023 donnant son accord pour pr olonger par avenant\nla d\u00e9l\u00e9gation de comp\u00e9tences pour l'attribution des aides \u00e0 la pierre pour une dur\u00e9e d'un an ;\nVU l'avenant pour l'ann\u00e9e 2023 n\u00b02023 6-E \u00e0 la convention de d\u00e9l\u00e9gation de comp\u00e9tence des aides \u00e0 la pierre en date du\nVU l'avis du comit\u00e9 r\u00e9gional de l'habitat et de l'h\u00e9bergement du 8 novembre 2023 sur la r\u00e9partition des cr\u00e9dits ;\nVU la circulaire du 20 novembre 2023 sur la mobilisati on du fonds national des aides \u00e0 la pierre (FNAP) p our la production et\nla r\u00e9novation des logements sociaux d'ici la fin de l'ann\u00e9e 2023 ; \nVU la d\u00e9lib\u00e9ration du Bureau m\u00e9tropolitain de Tours  M\u00e9tropole Val de Loire autorisant le Pr\u00e9sident \u00e0 s igner la convention et\nses avenants en date du 14 mai 2018,\nVU l'avis du d\u00e9l\u00e9gu\u00e9 de l'Anah dans la r\u00e9gion en date du  \n Consid\u00e9rant que le troisi\u00e8me programme local de l'habitat (PLH) de la m\u00e9tropole de Tours est en cours de validit\u00e9 ;\nConsid\u00e9rant que l'\u00e9laboration du quatri\u00e8me PLH a \u00e9t \u00e9 lanc\u00e9e par d\u00e9lib\u00e9ration du conseil m\u00e9tropolitain du 28 f\u00e9vrier 2022 et\nque ce PLH aura un caract\u00e8re ex\u00e9cutoire au cours du 1er semestre 2024 ;\nConsid\u00e9rant la volont\u00e9 de Tours M\u00e9tropole Val de Lo ire de conserver une m\u00eame temporalit\u00e9 entre PLH et d\u00e9l\u00e9gation de\ncomp\u00e9tences des aides publiques \u00e0 la pierre pour en maintenir la coh\u00e9rence et en faciliter la mise en \u0153uvre ;\nIl a \u00e9t\u00e9 convenu ce qui suit :\nArticle 1 : Prorogation de la dur\u00e9e de la convention de gestion des aides \u00e0 l'habitat priv\u00e9 :\nLe pr\u00e9sent avenant a pour objet de proroger d'un an  la convention de gestion des aides \u00e0 l'habitat pri v\u00e9 entre Tours M\u00e9tropole\nV al de Loire et l'Agence National de l'Habitat pour la p\u00e9riode 2018 -  2023 en date du 5 juillet 2018.\nA \u00ab L'article 10 : Date d'effet \u2013 Dur\u00e9e de la convention  \u00bb, la phrase \u00ab  Elle prend effet le 1er janvier 2018 pour une dur\u00e9e  de 6\nans \u00bb est remplac\u00e9e par la phrase suivante:\n\u00ab La pr\u00e9sente convention de gestion prend effet \u00e0 compter du 1er janvier 2018 et s'ach\u00e8ve au 31 d\u00e9cembre 2024. \u00bb\nArticle 2 : Autres dispositions \nLes autres dispositions de la convention vis\u00e9e ci-dessus sont sans changement.\nArticle 3 : Publication \nLe pr\u00e9sent avenant fait l'objet d'une publication a u recueil des actes administratifs de la pr\u00e9fecture  et de Tours M\u00e9tropole Val\nde Loire.\nTours, le 25 janvier 2024\nSign\u00e9 : \nLe Pr\u00e9fet, d\u00e9l\u00e9gu\u00e9 de l'Agence dans le d\u00e9partement\nPatrice Latron\nLe Pr\u00e9sident de Tours M\u00e9tropole Val de Loire\nFr\u00e9d\u00e9ric Augis\nDirection d\u00e9partementale des Territoires - 37-2024-01-25-00005 - Avenant n\u00b02023-2-A \u00e0 la convention pour la gestion des aides \u00e0\nl\u25a1habitat priv\u00e9 (gestion des aides par l\u25a1Anah \u25a1  instruction et paiement).odt 15\nDirection d\u00e9partementale des Territoires\n37-2024-01-25-00004\nAvenant n\u00b02023-6- \u00e0 la convention de d\u00e9l\u00e9gation\nde comp\u00e9tences d\u25a1attribution des aides \u00e0 la\npierre de l\u25a1\u00c9tat \u00e0 Tours M\u00e9tropole Val de Loire\nrelatif \u00e0 la prorogation de dur\u00e9e sur l\u25a1exercice\n2024\nDirection d\u00e9partementale des Territoires - 37-2024-01-25-00004 - Avenant n\u00b02023-6- \u00e0 la convention de d\u00e9l\u00e9gation de comp\u00e9tences\nd\u25a1attribution des aides \u00e0 la pierre de l\u25a1\u00c9tat \u00e0 Tours M\u00e9tropole Val de Loire relatif \u00e0 la prorogation de dur\u00e9e sur l\u25a1exercice 2024 16\nAvenant n\u00b02023-6- \u00e0 la convention de d\u00e9l\u00e9gation de comp\u00e9tences d'attribution des aides \u00e0 la pierre de l'\u00c9tat \u00e0 Tours M\u00e9tropole\nVal de Loire relatif \u00e0 la prorogation de dur\u00e9e sur l'exercice 2024\nLe pr\u00e9sent avenant est \u00e9tabli entre\nTours M\u00e9tropole Val de Loire, repr\u00e9sent\u00e9 par Monsieur Fr\u00e9d\u00e9ric AUGIS, Pr\u00e9sident ;\net\nL'\u00c9tat, repr\u00e9sent\u00e9 par Patrice LATRON, Pr\u00e9fet du d\u00e9partement d'Indre-et-Loire ;\nVU la convention de d\u00e9l\u00e9gation de comp\u00e9tences d'att ribution des aides \u00e0 la pierre pour la p\u00e9riode 2018  - 2023 en date du 5\njuillet 2018 ;\nVU la convention de mise \u00e0 disposition des services  de l'\u00c9tat pour l'exercice des comp\u00e9tences en mati\u00e8 re d'attribution des\naides \u00e0 la pierre pour la p\u00e9riode 2018 - 2023 en date du 5 juillet 2018 ;\nVU la convention de gestion des aides \u00e0 l'habitat priv\u00e9 pour la p\u00e9riode 2018 - 2023 en date du 5 juillet 2018 ;\nVU le courrier du Pr\u00e9sident de Tours M\u00e9tropole Val de Loire du 5 octobre 2023 au Pr\u00e9fet du d\u00e9partement  d'Indre-et-Loire sol-\nlicitant la prorogation d'un an de la convention de  d\u00e9l\u00e9gation des aides \u00e0 la pierre dans les conditio ns de l'article L. 301-5-1\nalin\u00e9a 6 du Code de la construction et de l'habitation (CCH);\nVU le courrier du Pr\u00e9fet du d\u00e9partement d'Indre-et- Loire du 5 d\u00e9cembre 2023 donnant son accord pour pr olonger par avenant\nla d\u00e9l\u00e9gation de comp\u00e9tences pour l'attribution des aides \u00e0 la pierre pour une dur\u00e9e d'un an ;\nVU la d\u00e9lib\u00e9ration du bureau m\u00e9tropolitain du 14 mai 2018, autorisant la signature du pr\u00e9sent avenant ;\nConsid\u00e9rant que le troisi\u00e8me programme local de l'habitat (PLH) de la m\u00e9tropole de Tours est en cours de validit\u00e9 ;\nConsid\u00e9rant que l'\u00e9laboration du quatri\u00e8me PLH a \u00e9t \u00e9 lanc\u00e9e par d\u00e9lib\u00e9ration du conseil m\u00e9tropolitain du 28 f\u00e9vrier 2022 et\nque ce PLH aura un caract\u00e8re ex\u00e9cutoire au cours du 1er semestre 2024 ;\nConsid\u00e9rant la volont\u00e9 de Tours M\u00e9tropole Val de Lo ire de conserver une m\u00eame temporalit\u00e9 entre PLH et d\u00e9l\u00e9gation de\ncomp\u00e9tences des aides publiques \u00e0 la pierre pour en maintenir la coh\u00e9rence et en faciliter la mise en \u0153uvre ;\nIl a \u00e9t\u00e9 convenu ce qui suit :\nArticle 1 : Prorogation  de la dur\u00e9e de la convention de d\u00e9l\u00e9gation des comp\u00e9tences d'attribution des aides \u00e0 la pierre\nLe pr\u00e9sent avenant a pour objet de proroger d'un an la convention de d\u00e9l\u00e9gation de comp\u00e9tences d'attribution des aides \u00e0 la \npierre pour la p\u00e9riode 2018 -  2023 en date du 5 juillet 2018.\nLa premi\u00e8re phrase du dernier alin\u00e9a du paragraphe intitul\u00e9 \u00ab objet et dur\u00e9e de la convention \u00bb est remplac\u00e9e par la phrase \nsuivante :\n\u00ab La pr\u00e9sente convention rend effet \u00e0 compter du 1er janvier 2018 et s'ach\u00e8ve au 31 d\u00e9cembre 2024. \u00bb\nArticle 2 : Autres dispositions \nLes autres dispositions de la convention vis\u00e9e ci-dessus sont sans changement.\nArticle 3 : Publication \nLe pr\u00e9sent avenant fait l'objet d'une publication a u recueil des actes administratifs de la pr\u00e9fecture  et de Tours M\u00e9tropole Val\nde Loire.\nTours, le 25 janvier 2024\nSign\u00e9 : \nLe Pr\u00e9fet d'Indre-et-Loire\nPatrice Latron\nLe Pr\u00e9sident de Tours M\u00e9tropole Val de Loire\nFr\u00e9d\u00e9ric Augis\nDirection d\u00e9partementale des Territoires - 37-2024-01-25-00004 - Avenant n\u00b02023-6- \u00e0 la convention de d\u00e9l\u00e9gation de comp\u00e9tences\nd\u25a1attribution des aides \u00e0 la pierre de l\u25a1\u00c9tat \u00e0 Tours M\u00e9tropole Val de Loire relatif \u00e0 la prorogation de dur\u00e9e sur l\u25a1exercice 2024 17\nPr\u00e9fecture d'Indre et Loire\n37-2024-01-15-00011\nArr\u00eat\u00e9 de composition de la CAPD des\ninstituteurs et professeurs des \u00e9coles\nPr\u00e9fecture d'Indre et Loire - 37-2024-01-15-00011 - Arr\u00eat\u00e9 de composition de la CAPD des instituteurs et professeurs des \u00e9coles 18\nDirection des services d\u00e9partementaux \nde l'\u00e9ducation nationale d'Indre-et-Loire\nDivision \nDes personnels enseignants\nL'Inspecteur d'acad\u00e9mie, Directeur des services d\u00e9partementaux de l'\u00c9ducation nationale d'Indre-et-\nLoire\nVU le code de l'Education, notamment l'article L.921-3 ;\nVU        le code g\u00e9n\u00e9ral de la fonction publique, notamment l'article L. 112-1. 2 ;\nVU la loi n\u00b0 2019-828 du 6 ao\u00fbt 2019 de transformation de la fonction publique ;\nVU le d\u00e9cret n\u00b0 82-451 du 28 mai 1982 modifi\u00e9 relatif aux commissions administratives paritaires ; \nVU le d\u00e9cret n\u00b0 2011-958 du 10 ao\u00fbt 2011 modifi\u00e9 portant diverses dispositions relatives aux instances \nrepr\u00e9sentatives et aux statuts particuliers des personnels enseignants et d'\u00e9ducation relevant du ministre \ncharg\u00e9 de l'\u00e9ducation nationale ;\nVU l'arr\u00eat\u00e9 du 26 avril 2022 instituant des commissions administratives paritaires au sein des \nminist\u00e8res                  charg\u00e9s de l'Education nationale, de la jeunesse, des sports et de l'enseignement \nsup\u00e9rieur ; \nVU l'arr\u00eat\u00e9 du 25 juillet 2022 relatif aux modalit\u00e9s d'organisation du vote \u00e9lectronique par internet \ndes personnels relevant des ministres charg\u00e9s de l'Education nationale, de la jeunesse, des sports et de \nl'enseignement sup\u00e9rieur, pour l'\u00e9lection des repr\u00e9sentants des personnels aux comit\u00e9s sociaux \nd'administration, aux commissions administratives paritaires, aux commissions consultatives paritaires, au\ncomit\u00e9 consultatif minist\u00e9riel des ma\u00eetres de l'enseignement priv\u00e9 sous contrat et aux commissions \nconsultatives mixtes pour les \u00e9lections professionnelles du 1er au 8 d\u00e9cembre 2022 ;\nVU les r\u00e9sultats du scrutin du 1er au 8 d\u00e9cembre 2022 relatif aux \u00e9lections des repr\u00e9sentants du \npersonnel \u00e0 la commission administrative paritaire d\u00e9partementale des Instituteurs et des Professeurs \ndes Ecoles d'Indre-et-Loire ;\nARRETE\nARTICLE 1  er   : La composition de la commission administrative paritaire d\u00e9partementale \ncomp\u00e9tente \u00e0 l'\u00e9gard du corps des instituteurs et des professeurs des \u00e9coles \nd'Indre-et-Loire, est modifi\u00e9e comme suit :\nREPRESENTANTS DE L'ADMINISTRATION     :   \nMEMBRES TITULAIRES MEMBRES SUPPLEANTS\nMonsieur Christian MENDIV\u00c9 Monsieur Pascal LETARD, Pr\u00e9sident\nDirecteur acad\u00e9mique des services Directeur acad\u00e9mique adjoint\nde l'Education nationale d'Indre et Loire\nMadame Lise GIRAN Madame Christine BLANCHANDIN\nSecr\u00e9taire G\u00e9n\u00e9rale Cheffe de la division  des \u00e9l\u00e8ves\n \nMadame Florence IMOKRANE Madame Vanessa CONTENTIN\nI.E.N Adjointe \u00e0 l'Inspecteur d'acad\u00e9mie Cheffe de la division de l'organisation scolaire \nMadame Isabelle LECLERC Madame Val\u00e9rie VIGOUROUX\nI.E.N charg\u00e9e de la circonscription de St Cyr sur I.E.N. charg\u00e9e de la circonscription de Chinon\nLoire\nMonsieur Francis DRAGON Madame Florence COPINEAU-GAUDRY\nI.E.N. charg\u00e9 de la circonscription de Tours Centre Cheffe de la division des personnels enseignants\nMadame Sylvie DELAFONT Madame Catherine LARGE\nI.E.N. charg\u00e9e du SEI I.E.N. charg\u00e9 de la circonscription de Loches\nPr\u00e9fecture d'Indre et Loire - 37-2024-01-15-00011 - Arr\u00eat\u00e9 de composition de la CAPD des instituteurs et professeurs des \u00e9coles 19\nMonsieur St\u00e9phane DURAND Madame URIEN-LAURENT\nI.E.N. charg\u00e9 de la circonscription de Langeais I.E.N. charg\u00e9e de la circonscription de Tours Nord-\nSud\nMadame Virginie SALIOU Madame C\u00e9cile LEQUART\nI.E.N. charg\u00e9e de la circonscription de Jou\u00e9 les Tours I.E.N. Maternelle\nMadame Laurence ALBERT Madame Christine Marie MARXUACH\nI.E.N. charg\u00e9e de la circonscription de St Avertin Adjointe au Chef de la division des personnels \nenseignants\nMadame Catherine BOULESTEIX Madame Karine ALVAREZ\nI.E.N. charg\u00e9e de la circonscription d'Amboise Cheffe de la Division des Ressources Humaines\nREPRESENTANTS DES PERSONNELS     :  \nMEMBRES TITULAIRES MEMBRES SUPPLEANTS\nSNUIPP FSU\nMadame Sophie METZINGER Monsieur Kevin COURAUDON\nMonsieur Paul AGARD Madame Elise VEYRET\nMadame Agn\u00e8s MEROUANE Madame Elodie DAMBRINE\nMadame Mariane LE PENNEC Madame Christine GUILLON\nMonsieur Simon DELAS Madame Marie DRUAULT\nMadame Sandra DESSART Madame Adeline ROCHON\nFNEC FP FO\nMonsieur J\u00e9r\u00f4me THEBAUT Madame Avril HAUBOURDIN\nMadame H\u00e9l\u00e8ne NIZOU Madame Fanny BORGEAIS\nMonsieur Baptiste DUC Madame Claire BRAMS-LEGOUT\nMadame Salom\u00e9 OLMEDO Madame No\u00e9mie LE BASTARD\nARTICLE 2     :  La nouvelle composition de la commission administrative paritaire d\u00e9partementale des \nInstituteurs et des Professeurs des Ecoles d'Indre-et-Loire prend effet au 15 janvier 2024. \nARTICLE 3     :  La Secr\u00e9taire G\u00e9n\u00e9ral de la Direction acad\u00e9mique d'Indre-et-Loire est charg\u00e9e de \nl'ex\u00e9cution du pr\u00e9sent arr\u00eat\u00e9.\nFait \u00e0 Tours, le 15 janvier 2024\nLe directeur acad\u00e9mique des services \nde l'\u00e9ducation nationale d'Indre-et-Loire                                                                                                                     \nsign\u00e9\nChristian MENDIV\u00c9\nPr\u00e9fecture d'Indre et Loire - 37-2024-01-15-00011 - Arr\u00eat\u00e9 de composition de la CAPD des instituteurs et professeurs des \u00e9coles 20\nPr\u00e9fecture d'Indre et Loire\n37-2024-02-12-00001\nArr\u00eat\u00e9 prescrivant une amende administrative\namende administrative\nPr\u00e9fecture d'Indre et Loire - 37-2024-02-12-00001 - Arr\u00eat\u00e9 prescrivant une amende administrative amende administrative 21\nArr\u00eat\u00e9 n\u00b0 SAIPP/BE/24-04 prescrivant une amende administrative\npr\u00e9vue par l'article R. 554-35 du Code de l'environnement\nLe pr\u00e9fet d'Indre-et-Loire\nChevalier de la L\u00e9gion d'honneur\nOfficier de l'ordre national du M\u00e9rite\nVu le Code de l'environnement, en particulier les articles L.  554-1, L. 554-4, R. 554-1, R. 554-21, R. 554-24,\nR. 554-35, R. 554-36 et R. 554-37 ;\nVu l'arr\u00eat\u00e9 minist\u00e9riel du 15 f\u00e9vrier 2012 pris en application du chapitre IV du titre V du livre V du Code\nde l'environnement relatif \u00e0 l'ex\u00e9cution de travaux \u00e0 proximit\u00e9 de certains ouvrages souterrains, a\u00e9riens\nou subaquatiques de transport ou de distribution, et en particulier son article 17 ;\nVu l'arr\u00eat\u00e9 minist\u00e9riel du 27 d\u00e9cembre 2016 portant approbation des prescriptions techniques pr\u00e9vues\n\u00e0 l'article R. 554-29 du Code de l'environnement, notamment le fascicule 2 \u2013 guide technique ;\nVu le fascicule 2 \u2013 guide technique de r\u00e9alisation des travaux \u00e0 proximit\u00e9 des r\u00e9seaux ;\nVu la d\u00e9claration d'intention de commencement de travaux n\u00b0 2022102744763S en date du 27 octobre\n2022 pour des travaux r\u00e9alis\u00e9s par la soci\u00e9t\u00e9 CITEOS sur le territoire de la commune de Tours (rue des\nUrsulines) le 8 novembre 2022 ;\nVu la  d\u00e9claration  d'intention  de  commencement  de  travaux  n\u00b0  2022092006457D  en  date  du  20\nseptembre 2022 pour des travaux r\u00e9alis\u00e9s par la soci\u00e9t\u00e9 TPPL sur le territoire de la commune de Tours\n(rue Dublineau), le 8 novembre 2022 ;\nVu le courrier adress\u00e9 par la DREAL Centre-val de Loire \u00e0 TOURS M\u00c9TROPOLE VAL DE LOIRE, le 4 avril\n2023 ;\nVu les courriels de r\u00e9ponse de TOURS M\u00c9TROPOLE VAL DE LOIRE des 13 et 14 avril 2023 ;\nVu le courrier en date du 23 mai 2023 informant TOURS M\u00c9TROPOLE VAL DE LOIRE de l'amende\nsusceptible  de  lui  \u00eatre  inflig\u00e9e  et  du  d\u00e9lai  dont  elle  dispose  pour  formuler  ses  observations,\nconform\u00e9ment aux dispositions de l'article R. 554-37 du Code de l'Environnement ;\nVu l'absence de r\u00e9ponse de TOURS M\u00c9TROPOLE VAL DE LOIRE, dans le cadre du contradictoire ;\nConsid\u00e9rant qu'en application de l'article R. 554-27 du Code de l'Environnement, le responsable du\nprojet proc\u00e8de ou fait proc\u00e9der, sous sa responsabilit\u00e9 et \u00e0 ses frais, \u00e0 un marquage ou un piquetage au\nsol permettant, pendant toute la dur\u00e9e du chantier, de signaler le trac\u00e9 de l'ouvrage et, le cas \u00e9ch\u00e9ant,\nla localisation des points singuliers, tels que les affleurants, les changements de direction et les organes\nvolumineux ou pr\u00e9sentant une sensibilit\u00e9 particuli\u00e8re ;\n15, rue Bernard Palissy\n37925 Tours Cedex 9\nT\u00e9l. : 02 47 64 37 37\nM\u00e9l : prefecture@indre-et-loire.gouv.fr\nwww.indre-et-loire.gouv.fr 1/3\nPr\u00e9fecture d'Indre et Loire - 37-2024-02-12-00001 - Arr\u00eat\u00e9 prescrivant une amende administrative amende administrative 22\nConsid\u00e9rant que le responsable de projet TOURS M\u00c9TROPOLE VAL DE LOIRE, responsable du marquage,\na confirm\u00e9 l'absence de marquage pour les chantiers vis\u00e9s supra\u00a0;\nConsid\u00e9rant que  l'article  R.  554-35  8\u00b0  du  Code  de  l'environnement  dispose  qu'une  amende\nadministrative dont le montant ne peut \u00eatre sup\u00e9rieur \u00e0 1  500 euros peut \u00eatre appliqu\u00e9e lorsque la\npersonne \u00e0 qui incombe le marquage ou piquetage pr\u00e9vu \u00e0 l'article R. 554-27 n'y a pas proc\u00e9d\u00e9 ;\nConsid\u00e9rant que le guide technique prescrit que le responsable de projet r\u00e9alise un compte-rendu de\nmarquage-piquetage avec les classes de pr\u00e9cision des r\u00e9seaux ;\nConsid\u00e9rant que le marquage ou piquetage pr\u00e9vu \u00e0 l'article R. 554-27 du Code de l'environnement fait\nl'objet  d'un  compte-rendu  obligatoirement  remis  \u00e0  l'ex\u00e9cutant  des  travaux,  et  qu'il  est  effectu\u00e9\nconform\u00e9ment au guide technique approuv\u00e9 pr\u00e9vu \u00e0 l'article R. 554-29 du Code de l'environnement, ou\nau  fascicule  3  intitul\u00e9  \u00ab formulaires  et  autres  documents  pratiques \u00bb  du  guide  d'application  de  la\nr\u00e9glementation anti-endommagement ;\nConsid\u00e9rant qu'\u00e0 ce titre aucun compte-rendu de marquage-piquetage n'a \u00e9t\u00e9 \u00e9tabli pour les chantiers\npr\u00e9cit\u00e9s ;\nConsid\u00e9rant que  l'article  R.  554-35  10\u00b0  du  Code  de  l'environnement  dispose  qu'une  amende\nadministrative dont le montant ne peut \u00eatre sup\u00e9rieur \u00e0 1  500 euros peut \u00eatre appliqu\u00e9e lorsque le\nresponsable du projet pr\u00e9pare des travaux ou lorsque l'ex\u00e9cutant des travaux les met en \u0153uvre sans\nrespecter les exigences de l'article R. 554-29 ou de l'article R. 554-31 ;\nConsid\u00e9rant les cons\u00e9quences potentielles sur les personnes et les biens situ\u00e9s dans le p\u00e9rim\u00e8tre des\ntravaux que peuvent engendrer un endommagement du r\u00e9seau de distribution de gaz ;\nSur proposition du secr\u00e9taire g\u00e9n\u00e9rale par int\u00e9rim de la pr\u00e9fecture d'Indre-et-Loire,\nARR\u00caTE\nArticle 1er \u2013 application d'une amende administrative\nConform\u00e9ment  aux  8\u00b0  et  10\u00b0  de  l'article  R.  554-35  du  Code  de  l'environnement,  une  amende\nadministrative, d'un montant de 1 000 euros, est appliqu\u00e9e \u00e0 TOURS M\u00c9TROPOLE VAL DE LOIRE dont le\nsi\u00e8ge social est situ\u00e9 60 avenue Marcel Dassault 37 200 TOURS (SIRET : 24370075400035).\n\u00c0 cet effet, un titre de perception d'un montant de 1  000 euros est rendu imm\u00e9diatement ex\u00e9cutoire\naupr\u00e8s du directeur d\u00e9partemental des finances publiques d'Indre-et-Loire.\nArticle 2 \u2013 voies et d\u00e9lais de recours\nLa pr\u00e9sente d\u00e9cision est soumise \u00e0 un contentieux de pleine juridiction. Elle peut \u00eatre d\u00e9f\u00e9r\u00e9e au\nTribunal administratif situ\u00e9 au 28 rue de la Bretonnerie \u00e0 Orl\u00e9ans (45 057), dans un d\u00e9lai de deux mois \u00e0\ncompter de sa notification ou de sa publication.\nCette d\u00e9cision peut faire l'objet d'un recours gracieux ou hi\u00e9rarchique dans le d\u00e9lai de deux mois. Ce\nrecours administratif prolonge de deux mois les d\u00e9lais mentionn\u00e9s ci-dessus.\nLe  tribunal  administratif  peut  \u00eatre  saisi  par  l'application  informatique  \u00ab T\u00e9l\u00e9recours  citoyens \u00bb\naccessible par le site internet http://www.telerecours.fr .\nTout recours (except\u00e9 t\u00e9l\u00e9recours) doit \u00eatre adress\u00e9 en recommand\u00e9 avec accus\u00e9 de r\u00e9ception.\n15, rue Bernard Palissy\n37925 Tours Cedex 9\nT\u00e9l. : 02 47 64 37 37\nM\u00e9l : prefecture@indre-et-loire.gouv.fr\nwww.indre-et-loire.gouv.fr 2/3\nPr\u00e9fecture d'Indre et Loire - 37-2024-02-12-00001 - Arr\u00eat\u00e9 prescrivant une amende administrative amende administrative 23\nArticle 3 \u2013 notification et publicit\u00e9\nLe pr\u00e9sent arr\u00eat\u00e9 sera notifi\u00e9 \u00e0 TOURS M\u00c9TROPOLE VAL DE LOIRE qui devra s'acquitter de l'amende\nadministrative dans un d\u00e9lai n'exc\u00e9dant pas 45 jours \u00e0 r\u00e9ception du titre de perception conform\u00e9ment\n\u00e0 l'article R. 554-37 du Code de l'environnement.\nUne copie de l'arr\u00eat\u00e9 sera adress\u00e9e au directeur d\u00e9partemental des finances publiques d'Indre-et-Loire.\nL'arr\u00eat\u00e9 sera publi\u00e9 sur le site internet de la pr\u00e9fecture d'Indre-et-Loire pendant une p\u00e9riode minimale\nde 2 mois, conform\u00e9ment \u00e0 l'article R.171-1 du Code de l'environnement.\nArticle 4 \u2013 ex\u00e9cution\nLe  secr\u00e9taire  g\u00e9n\u00e9ral  par  int\u00e9rim  de  la  pr\u00e9fecture  d'Indre-et-Loire,  le  directeur  r\u00e9gional  de\nl'environnement, de l'am\u00e9nagement et du logement Centre-Val de Loire, le directeur d\u00e9partemental des\nfinances publiques d'Indre-et-Loire et l'inspecteur de l'environnement, sont charg\u00e9s, chacun en ce qui le\nconcerne, de l'ex\u00e9cution du pr\u00e9sent arr\u00eat\u00e9.\nTours, le 12 f\u00e9vrier 2024\nPour le pr\u00e9fet et par d\u00e9l\u00e9gation,\nle secr\u00e9taire g\u00e9n\u00e9ral par int\u00e9rim\n[sign\u00e9]\nGuillaume SAINT-CRICQ\n15, rue Bernard Palissy\n37925 Tours Cedex 9\nT\u00e9l. : 02 47 64 37 37\nM\u00e9l : prefecture@indre-et-loire.gouv.fr\nwww.indre-et-loire.gouv.fr 3/3\nPr\u00e9fecture d'Indre et Loire - 37-2024-02-12-00001 - Arr\u00eat\u00e9 prescrivant une amende administrative amende administrative 24\nPr\u00e9fecture d'Indre et Loire\n37-2024-02-16-00001\nArr\u00eat\u00e9 interpr\u00e9fectoral portant modification des\nstatuts du Syndicat mixte \u00ab Nouvel Espace du\nCher \u00bb\nPr\u00e9fecture d'Indre et Loire - 37-2024-02-16-00001 - Arr\u00eat\u00e9 interpr\u00e9fectoral portant modification des statuts du Syndicat mixte \u00ab\nNouvel Espace du Cher \u00bb 25\nPR\u00c9FECTURE D'INDRE-ET-LOIRE\nDIRECTION DE LA CITOYENNET\u00c9 ET DE LA L\u00c9GALIT\u00c9\nBUREAU DES COLLECTIVIT\u00c9S LOCALES\nARR\u00caT\u00c9 INTERPR\u00c9FECTORAL portant modification des statuts du Syndicat mixte \u00ab  Nouvel Espace du\nCher \u00bb\nLe pr\u00e9fet d'Indre-et-Loire, Chevalier de la L\u00e9gion d'honneur, Officier de l'Ordre National du M\u00e9rite,\nLe pr\u00e9fet de Loir-et-Cher,\nVu le code g\u00e9n\u00e9ral des collectivit\u00e9s territoriales et notamment ses articles L. 5211-20 et L. 5711-1,\nVu le d\u00e9cret du 7 d\u00e9cembre 2022 portant nomination de M. Patrice LATRON en qualit\u00e9 de pr\u00e9fet d'Indre-\net-Loire,\nVu le d\u00e9cret du 13 juillet 2023 portant nomination de M. Xavier PELLETIER en qualit\u00e9 de pr\u00e9fet de Loir-et-\nCher,\nVu l'arr\u00eat\u00e9 des pr\u00e9fets d'Indre-et-Loire et de Loir-et-Cher en date du 27 d\u00e9cembre 2017 portant cr\u00e9ation\ndu Syndicat mixte \u00ab  Nouvel Espace du Cher  \u00bb au 1 er janvier 2018, modifi\u00e9 par l'arr\u00eat\u00e9 interpr\u00e9fectoral du\n24 mai 2019,\nVu l'arr\u00eat\u00e9 pr\u00e9fectoral du 27 d\u00e9cembre 2023 donnant d\u00e9l\u00e9gation de signature \u00e0 M. Guillaume SAINT-\nCRICQ, sous-pr\u00e9fet, secr\u00e9taire g\u00e9n\u00e9ral adjoint de la pr\u00e9fecture d'Indre-et-Loire et secr\u00e9taire g\u00e9n\u00e9ral  de la\npr\u00e9fecture d'Indre-et-Loire par int\u00e9rim,\nVu l'arr\u00eat\u00e9 pr\u00e9fectoral du 21 ao\u00fbt 2023 donnant d\u00e9l\u00e9gation de signature \u00e0 M. Faustin GADEN, secr\u00e9taire\ng\u00e9n\u00e9ral de la pr\u00e9fecture de Loir-et-Cher et sous-pr\u00e9fet de l'arrondissement de Blois,\nVu la d\u00e9lib\u00e9ration du comit\u00e9 syndical du Syndicat mixte \u00ab  Nouvel Espace du Cher  \u00bb du 10 octobre 2023\napprouvant la modification de ses statuts,\nVu les d\u00e9lib\u00e9rations concordantes des organes d\u00e9lib\u00e9rants des \u00e9tablissements publics de coop\u00e9ration\nintercommunale d\u00e9sign\u00e9s ci-apr\u00e8s approuvant la modification des statuts du Syndicat mixte \u00ab  Nouvel\nEspace du Cher \u00bb :\n- Communaut\u00e9 de communes Touraine-Est Vall\u00e9es, en date du 16 novembre 2023,\n- Communaut\u00e9 de communes Val de Cher Controis, en date du 18 d\u00e9cembre 2023,\n- Communaut\u00e9  de  communes  Autour  de  Chenonceaux-Bl\u00e9r\u00e9  Val  de  Cher,  en  date  du\n21 d\u00e9cembre 2023,\nVu l'absence de d\u00e9lib\u00e9ration du conseil communautaire de la m\u00e9tropole Tours M\u00e9tropole Val de Loire,\ndans le d\u00e9lai de trois mois fix\u00e9 \u00e0 l'article L. 5211-20 pr\u00e9cit\u00e9, valant d\u00e9cision favorable,\nConsid\u00e9rant qu'il est satisfait aux conditions de majorit\u00e9 pr\u00e9vues \u00e0 l'article L. 5211-20 susvis\u00e9,\nSur proposition du secr\u00e9taire g\u00e9n\u00e9ral par int\u00e9rim de la pr\u00e9fecture d'Indre-et-Loire et du secr\u00e9taire g\u00e9n\u00e9ral\nde la pr\u00e9fecture de Loir-et-Cher,\nARR\u00caTENT\nARTICLE 1er : Les dispositions des articles 11, 12 et 13 de l'arr\u00eat\u00e9 interpr\u00e9fectoral du 27 d\u00e9cembre 2017\nmodifi\u00e9 sont remplac\u00e9es par les dispositions suivantes : \n\u00ab Article  11 :\n 11.1. Contributions des membres\nLa contribution des EPCI-FP aux d\u00e9penses engag\u00e9es par le Syndicat est r\u00e9partie par le comit\u00e9 syndical\nentre les collectivit\u00e9s, dans un souci de solidarit\u00e9 de bassin versant comme suit :\na) Contributions relatives aux comp\u00e9tences obligatoires, au prorata de :\n\u2022 30/100 des populations l\u00e9gales municipales des communes comprises dans le p\u00e9rim\u00e8tre ;\n\u2022 20/100 de la surface comprise sur le bassin du Cher ;\n \u2022 50/100 du lin\u00e9aire du Cher et de ses affluents.\nb) Contributions relatives aux comp\u00e9tences optionnelles :\nLa contribution est r\u00e9partie \u00e9quitablement entre les membres adh\u00e9rant \u00e0 la comp\u00e9tence optionnelle.\nEn cas  d'adh\u00e9sion  d'un  EPCI  post\u00e9rieurement  \u00e0  la  cr\u00e9ation du  Syndicat,  le  nouveau  membre  devra\ns'acquitter d'une contribution financi\u00e8re lors de la premi\u00e8re ann\u00e9e, calcul\u00e9e selon les modalit\u00e9s d\u00e9finies\nau pr\u00e9sent article et ramen\u00e9e au prorata temporis de l'ann\u00e9e en cours.\nLe montant des contributions sera fix\u00e9 chaque ann\u00e9e par d\u00e9lib\u00e9ration du Comit\u00e9 syndical.\n 11.2. Autres recettes\n\u2022 Les revenus des biens, meubles ou immeubles, du Syndicat ;\nPr\u00e9fecture d'Indre et Loire - 37-2024-02-16-00001 - Arr\u00eat\u00e9 interpr\u00e9fectoral portant modification des statuts du Syndicat mixte \u00ab\nNouvel Espace du Cher \u00bb 26\n\u2022 Les sommes qu'il re\u00e7oit des administrations publiques, des associations, des particuliers en \u00e9change\nd'un service rendu ;\n\u2022 Les subventions de l'Union Europ\u00e9enne, de l'\u00c9tat, de la R\u00e9gion, des D\u00e9partements, de l'Agence de\nl'eau ou tout autre \u00e9tablissement public ;\n\u2022 Le produit de dons et legs ;\n\u2022 Le produit des taxes, redevances et contributions correspondant aux services assur\u00e9s ;\n\u2022 Le produit des emprunts.\nArticle 12 :  Le principe d'adh\u00e9sion \u00e0 un syndicat mixte ferm\u00e9 est r\u00e9gi par l'article L.5211-18 du CGCT.\nArticle 13 :  La proc\u00e9dure de retrait d'un membre du Syndicat est r\u00e9gie par l'article L.5211-19 du CGCT. \u00bb\nARTICLE 2 : Le pr\u00e9sent arr\u00eat\u00e9 est susceptible, dans un d\u00e9lai de deux mois \u00e0 compter de sa notification\nou de sa publication de faire l'objet :\n\u2022 d'un recours gracieux devant le pr\u00e9fet d'Indre-et-Loire ;\n\u2022 d'un recours hi\u00e9rarchique devant le ministre de l'Int\u00e9rieur et des Outre-mer ;\n\u2022 d'un recours contentieux devant le tribunal administratif d'Orl\u00e9ans \u2013 28, rue de la Bretonnerie \u2013 45057\nOrl\u00e9ans Cedex 1 par voie postale ou par voie d\u00e9mat\u00e9rialis\u00e9e via \u00ab  t\u00e9l\u00e9recours citoyen \u00bb accessible sur\nle site Internet www.telerecours.fr.\nARTICLE 3 : Les secr\u00e9taires g\u00e9n\u00e9raux des pr\u00e9fectures d'Indre-et-Loire et de Loir-et-Cher, le sous-pr\u00e9fet\nde Loches, les directeurs d\u00e9partementaux des finances publiques d'Indre-et-Loire et de Loir-et-Cher et\nle pr\u00e9sident du syndicat mixte \u00ab  Nouvel Espace du Cher  \u00bb sont charg\u00e9s, chacun en ce qui le concerne,\nde l'ex\u00e9cution du pr\u00e9sent arr\u00eat\u00e9, dont une copie sera adress\u00e9e \u00e0 la pr\u00e9sidente de la communaut\u00e9 de\ncommunes Autour de Chenonceaux-Bl\u00e9r\u00e9 Val de Cher, aux pr\u00e9sidents de la communaut\u00e9 de communes\nTouraine-Est Vall\u00e9es, de la m\u00e9tropole Tours M\u00e9tropole Val de Loire et de la communaut\u00e9 de communes\nVal de Cher-Controis, ainsi qu'\u00e0 la tr\u00e9sori\u00e8re de Loches. Cet arr\u00eat\u00e9 sera publi\u00e9 aux recueils des actes\nadministratifs de la pr\u00e9fecture d'Indre-et-Loire et de la pr\u00e9fecture de Loir-et-Cher.\n\u00c0 Tours, le 16 f\u00e9vrier 2024\nPour le pr\u00e9fet d'Indre-et-Loire et par d\u00e9l\u00e9gation,\nLe secr\u00e9taire g\u00e9n\u00e9ral par int\u00e9rim,\nSign\u00e9 : Guillaume SAINT-CRICQ\n\u00c0 Blois, le 6 f\u00e9vrier 2024\nPour le pr\u00e9fet de Loir-et-Cher et par d\u00e9l\u00e9gation,\nLe secr\u00e9taire g\u00e9n\u00e9ral,\nSign\u00e9 : Faustin GADEN\nPr\u00e9fecture d'Indre et Loire - 37-2024-02-16-00001 - Arr\u00eat\u00e9 interpr\u00e9fectoral portant modification des statuts du Syndicat mixte \u00ab\nNouvel Espace du Cher \u00bb 27\nPr\u00e9fecture d'Indre et Loire\n37-2024-02-21-00001\nArr\u00eat\u00e9 portant d\u00e9signation des repr\u00e9sentants de\nl'administration pour la fonction publique\nterritoriale au sein du conseil m\u00e9dical\nd\u00e9partemental d'Indre-et-Loire\nPr\u00e9fecture d'Indre et Loire - 37-2024-02-21-00001 - Arr\u00eat\u00e9 portant d\u00e9signation des repr\u00e9sentants de l'administration pour la fonction\npublique territoriale au sein du conseil m\u00e9dical d\u00e9partemental d'Indre-et-Loire 28\nDirection de la Citoyennet\u00e9\net de la L\u00e9galit\u00e9\nARR\u00caT\u00c9\nportant d\u00e9signation des repr\u00e9sentants de l'administration pour la fonction publique\nterritoriale au sein du conseil m\u00e9dical d\u00e9partemental d'Indre-et-Loire\n                 \nLe pr\u00e9fet d'Indre-et-Loire\nChevalier de la L\u00e9gion d'honneur\nOfficier de l'Ordre National du M\u00e9rite\nVu le code g\u00e9n\u00e9ral de la fonction publique,\nVu le d\u00e9cret n\u00b0 65-773 du 9 septembre 1965 portant r\u00e8glement d'administration publique et modifiant le\nd\u00e9cret n\u00b0 49-1416 du 5 octobre 1949 pris pour l'application de l'article 3 de l'ordonnance n\u00b0 45-993 du 17\nmai 1945 et relatif au r\u00e9gime de retraite des tributaires de la Caisse nationale de retraite des agents des\ncollectivit\u00e9s locales,\nVu le d\u00e9cret n\u00b0 86-442 du 14 mars 1986 relatif \u00e0 la d\u00e9signation des m\u00e9decins agr\u00e9\u00e9s, \u00e0 l'organisation des\nconseils m\u00e9dicaux, aux conditions d'aptitude physique pour l'admission aux emplois publics et au r\u00e9gime\nde cong\u00e9s de maladie des fonctionnaires, \nVu le d\u00e9cret n\u00b0 87-602 du 30 juillet 1987 pris pour l'application de la loi n\u00b0 84-53 du 26 janvier 1984 portant\ndispositions statutaires relatives \u00e0 la fonction publique territoriale et relatif \u00e0 l'organisation des conseils\nm\u00e9dicaux, aux conditions d'aptitude physique et au r\u00e9gime des cong\u00e9s de maladie des fonctionnaires\nterritoriaux,\nVu le  d\u00e9cret  n\u00b0  2022-350  du  11  mars  2022 relatif  aux  conseils  m\u00e9dicaux  dans  la  fonction  publique\nterritoriale,\nVu l'arr\u00eat\u00e9 pr\u00e9fectoral du 6 juillet 2023 portant d\u00e9signation des repr\u00e9sentants de l'administration pour la\nfonction publique territoriale au sein du conseil m\u00e9dical d\u00e9partemental d'Indre-et-Loire, \nSur proposition de Monsieur le Secr\u00e9taire G\u00e9n\u00e9ral Adjoint de la Pr\u00e9fecture,\nARR\u00caTE\n                                  \nArticle 1er : L'arr\u00eat\u00e9 pr\u00e9fectoral du 6 juillet 2023 portant d\u00e9signation des repr\u00e9sentants de l'administration\npour  la  fonction  publique  territoriale  au  sein  du  conseil  m\u00e9dical  d\u00e9partemental  d'Indre-et-Loire est\nabrog\u00e9.\nArticle 2 : Les repr\u00e9sentants de l'administration membres du conseil m\u00e9dical d\u00e9partemental sont d\u00e9sign\u00e9s\ncomme suit :\nREPR\u00c9SENTANTS DE LA R\u00c9GION CENTRE-VAL DE LOIRE\nTITULAIRE 1er SUPPL\u00c9ANT 2\u00e8me SUPPL\u00c9ANT\nMme Catherine GAY\nConseill\u00e8re r\u00e9gionale\nMme Cathy MUNSCH\nConseill\u00e8re r\u00e9gionale\nM. Pierre-Alain ROIRON\nConseiller r\u00e9gional\nM. Mohamed MOULAY\nConseiller r\u00e9gional\nMme Betsab\u00e9e HAAS\nConseill\u00e8re r\u00e9gionale\nMme Isabelle TEXEIRA \nConseill\u00e8re r\u00e9gionale\nPr\u00e9fecture d'Indre et Loire - 37-2024-02-21-00001 - Arr\u00eat\u00e9 portant d\u00e9signation des repr\u00e9sentants de l'administration pour la fonction\npublique territoriale au sein du conseil m\u00e9dical d\u00e9partemental d'Indre-et-Loire 29\nREPR\u00c9SENTANTS DU CONSEIL D\u00c9PARTEMENTAL D'INDRE-ET-LOIRE\nTITULAIRE 1er SUPPL\u00c9ANT 2\u00e8me SUPPL\u00c9ANT\nMme Val\u00e9rie JABOT\nConseill\u00e8re d\u00e9partementale\nM. Olivier LEBRETON\nConseiller d\u00e9partemental\nMme Agn\u00e8s MONMARCH\u00c9-\nVOISINE\nConseill\u00e8re d\u00e9partementale\nM. Bruno FENET\nConseiller d\u00e9partemental\nMme DEVALL\u00c9E\nConseill\u00e8re d\u00e9partementale\nM. Jean-Marie CARLES\nConseiller d\u00e9partemental\nREPR\u00c9SENTANTS DU SERVICE D\u00c9PARTEMENTAL D'INCENDIE ET DE SECOURS D'INDRE-ET-LOIRE\nTITULAIRE 1er SUPPL\u00c9ANT 2\u00e8me SUPPL\u00c9ANT\nMme Brigitte DUPUIS\nConseill\u00e8re d\u00e9partementale\nM. Alain ANCEAU\nConseiller d\u00e9partemental\nMme Val\u00e9rie JABOT\nConseill\u00e8re d\u00e9partementale \nM. C\u00e9dric DE OLIVEIRA \nConseiller d\u00e9partemental\nMme \u00c9lo\u00efse DRAPEAU\nConseill\u00e8re d\u00e9partementale \nM. G\u00e9rard DUBOIS\nConseiller d\u00e9partemental\nREPR\u00c9SENTANTS DES COLLECTIVIT\u00c9S AFFILI\u00c9ES AU CENTRE DE GESTION D'INDRE-ET-LOIRE\nTITULAIRE 1er SUPPL\u00c9ANT 2\u00e8me SUPPL\u00c9ANT\nM. Michel GILLOT\n1er Vice-Pr\u00e9sident du Centre de \nGestion d'Indre-et-Loire\nAdjoint au Maire de Saint-Cyr-sur-\nLoire\nMme \u00c9lisabeth GRELIER\nConseill\u00e8re municipale d\u00e9l\u00e9gu\u00e9e\naux  Ressources  Humaines  \u00e0\nLoches\nM. Claude COURGEAU\nMaire de Poc\u00e9-sur-Cisse\nM. G\u00e9rard PERRIER\nConseiller municipal \u00e0 Ballan-Mir\u00e9\nM. Alain ANCEAU\nMaire de Saint-Roch\nMme Patricia SUARD\nMaire de Saint-Genouph\nREPR\u00c9SENTANTS DE LA VILLE DE TOURS ET DE SON CCAS\nTITULAIRE 1er SUPPL\u00c9ANT 2\u00e8me SUPPL\u00c9ANT\nMme Alice WANNEROY\nPremi\u00e8re adjointe\nM. Philippe GEIGER \nAdjoint au maire\nMme Oul\u00e9matou BA TALL\nAdjointe au maire\nMme Catherine REYNAUD\nAdjointe au maire\nMme Marie-Lou GUARDIA\nConseill\u00e8re municipale \nMme Delphine DARI\u00c8S\nConseill\u00e8re municipale \nREPR\u00c9SENTANTS DE LA VILLE DE JOU\u00c9-L\u00c8S-TOURS ET DE SON CCAS\nTITULAIRE 1er SUPPL\u00c9ANT 2\u00e8me SUPPL\u00c9ANT\nM. Alain M\u00c9DINA\nAdjoint au maire\nD\u00e9l\u00e9gu\u00e9 aux Ressources \nHumaines, Moyens G\u00e9n\u00e9raux et \nCorrespondant Arm\u00e9es\nMme Dominique BOULOZ\nConseill\u00e8re municipale d\u00e9l\u00e9gu\u00e9e\n\u00e0 l'interg\u00e9n\u00e9rationnel\nM. Michel ALLARD\nConseiller municipal \nPr\u00e9sident du Conseil de Quartier \nAlouette Sud, Vall\u00e9e Violette\nM. Jean-Claude DROUET\nConseiller municipal d\u00e9l\u00e9gu\u00e9 \u00e0 la \ns\u00e9curit\u00e9 publique\nMme Marie-Th\u00e9r\u00e8se LEBLEU\nConseill\u00e8re municipale \nPr\u00e9sidente du Conseil de \nQuartier Alouette Nord, Grande\nBru\u00e8re\nM. Bernard SOL\nAdjoint au maire\nD\u00e9l\u00e9gu\u00e9 \u00e0 l'urbanisme, au Cadre \nde Vie, aux Espaces Verts et aux \nParcs et Jardins\nPr\u00e9fecture d'Indre et Loire - 37-2024-02-21-00001 - Arr\u00eat\u00e9 portant d\u00e9signation des repr\u00e9sentants de l'administration pour la fonction\npublique territoriale au sein du conseil m\u00e9dical d\u00e9partemental d'Indre-et-Loire 30\nArticle 3 : Le pr\u00e9sent arr\u00eat\u00e9 est susceptible, dans un d\u00e9lai de deux mois \u00e0 compter de sa notification ou\nde sa publication de faire l'objet :\n\u2022 d'un recours gracieux devant le pr\u00e9fet d'Indre-et-Loire ;\n\u2022 d'un recours hi\u00e9rarchique devant le ministre de l'Int\u00e9rieur et des Outre-Mer \u2013 Place Beauvau\n75800 Paris cedex 08 ;\n\u2022 d'un recours contentieux devant le tribunal administratif d'Orl\u00e9ans \u2013 28, rue de la Bretonnerie \u2013\n45057 Orl\u00e9ans Cedex 1 par voie postale ou par voie d\u00e9mat\u00e9rialis\u00e9e via \u00ab  t\u00e9l\u00e9recours citoyen \u00bb\naccessible sur le site Internet www.telerecours.fr.\nArticle 4 :  Monsieur le Secr\u00e9taire G\u00e9n\u00e9ral par int\u00e9rim de la Pr\u00e9fecture d'Indre-et-Loire est charg\u00e9 de\nl'ex\u00e9cution du pr\u00e9sent arr\u00eat\u00e9 qui sera notifi\u00e9 \u00e0 Monsieur le Pr\u00e9sident du Centre de Gestion de la\nFonction Publique Territoriale et publi\u00e9 au Recueil des actes administratifs de la Pr\u00e9fecture d'Indre-et-\nLoire.\nUne copie de l'arr\u00eat\u00e9 sera adress\u00e9e \u00e0 chacun des membres int\u00e9ress\u00e9s.\nFait \u00e0 Tours, le 21 f\u00e9vrier 2024\nPour le Pr\u00e9fet et par d\u00e9l\u00e9gation,\nLe Secr\u00e9taire G\u00e9n\u00e9ral par interim,\nSign\u00e9\nGuillaume SAINT-CRICQ\nPr\u00e9fecture d'Indre et Loire - 37-2024-02-21-00001 - Arr\u00eat\u00e9 portant d\u00e9signation des repr\u00e9sentants de l'administration pour la fonction\npublique territoriale au sein du conseil m\u00e9dical d\u00e9partemental d'Indre-et-Loire 31\nPr\u00e9fecture d'Indre et Loire\n37-2024-02-21-00002\nArr\u00eat\u00e9 portant d\u00e9signation des repr\u00e9sentants du\npersonnel pour la fonction publique territoriale\nau sein du conseil m\u00e9dical d\u00e9partemental\nd'Indre-et-Loire \nPr\u00e9fecture d'Indre et Loire - 37-2024-02-21-00002 - Arr\u00eat\u00e9 portant d\u00e9signation des repr\u00e9sentants du personnel pour la fonction\npublique territoriale au sein du conseil m\u00e9dical d\u00e9partemental d'Indre-et-Loire 32\nDirection de la Citoyennet\u00e9\net de la L\u00e9galit\u00e9\nARR\u00caT\u00c9\nportant d\u00e9signation des repr\u00e9sentants du personnel pour la fonction publique\nterritoriale au sein du conseil m\u00e9dical d\u00e9partemental d'Indre-et-Loire\n                 \nLe pr\u00e9fet d'Indre-et-Loire\nChevalier de la L\u00e9gion d'honneur\nOfficier de l'Ordre National du M\u00e9rite\nVu le code g\u00e9n\u00e9ral de la fonction publique,\nVu le d\u00e9cret n\u00b0 65-773 du 9 septembre 1965 portant r\u00e8glement d'administration publique et modifiant le\nd\u00e9cret n\u00b0 49-1416 du 5 octobre 1949 pris pour l'application de l'article 3 de l'ordonnance n\u00b0 45-993 du 17\nmai 1945 et relatif au r\u00e9gime de retraite des tributaires de la Caisse nationale de retraite des agents des\ncollectivit\u00e9s locales,\nVu le d\u00e9cret n\u00b0 86-442 du 14 mars 1986 relatif \u00e0 la d\u00e9signation des m\u00e9decins agr\u00e9\u00e9s, \u00e0 l'organisation des\nconseils m\u00e9dicaux, aux conditions d'aptitude physique pour l'admission aux emplois publics et au r\u00e9gime\nde cong\u00e9s de maladie des fonctionnaires,\nVu le d\u00e9cret n\u00b0 87-602 du 30 juillet 1987 pris pour l'application de la loi n\u00b0 84-53 du 26 janvier 1984 portant\ndispositions statutaires relatives \u00e0 la fonction publique territoriale et relatif \u00e0 l'organisation des conseils\nm\u00e9dicaux, aux conditions d'aptitude physique et au r\u00e9gime des cong\u00e9s de maladie des fonctionnaires\nterritoriaux,\nVu le  d\u00e9cret  n\u00b0  2022-350  du  11  mars  2022 relatif  aux  conseils  m\u00e9dicaux  dans  la  fonction  publique\nterritoriale,\nVu l'arr\u00eat\u00e9 pr\u00e9fectoral du 6 juillet 2023 portant d\u00e9signation des repr\u00e9sentants du personnel au sein du\nconseil m\u00e9dical d\u00e9partemental d'Indre-et-Loire,\nSur proposition de Monsieur le Secr\u00e9taire G\u00e9n\u00e9ral Adjoint de la Pr\u00e9fecture,\nARR\u00caTE\n                                  \nArticle 1 er :  L'arr\u00eat\u00e9 pr\u00e9fectoral du 6 juillet 2023 portant d\u00e9signation des repr\u00e9sentants du personnel au\nsein du conseil m\u00e9dical d\u00e9partemental d'Indre-et-Loire est abrog\u00e9.\nArticle 2  :  Les repr\u00e9sentants du personnel membres du conseil m\u00e9dical d\u00e9partemental sont d\u00e9sign\u00e9s\ncomme suit :\nREPR\u00c9SENTANTS DE LA R\u00c9GION CENTRE -VAL DE LOIRE\nCat\u00e9gorie A\nTITULAIRE 1er SUPPL\u00c9ANT 2\u00e8me SUPPL\u00c9ANT\nM. Eric SAUDRAIX Mme Carole INGE M. S\u00e9bastien GAY\nMme C\u00e9cilia VENTURO Mme Estelle TREIL-EGUIENTA M. Nicolas GONTHIER\nPr\u00e9fecture d'Indre et Loire - 37-2024-02-21-00002 - Arr\u00eat\u00e9 portant d\u00e9signation des repr\u00e9sentants du personnel pour la fonction\npublique territoriale au sein du conseil m\u00e9dical d\u00e9partemental d'Indre-et-Loire 33\nCat\u00e9gorie B\nTITULAIRE 1er SUPPL\u00c9ANT 2\u00e8me SUPPL\u00c9ANT\nMme Armande ROMMEL M. Denis BRETEAU M. Laurent GITTON\nMme Axelle DESCHAMPS Mme Sandra PERRIN M. Daniel FILISETTI\nCat\u00e9gorie C\nTITULAIRE 1er SUPPL\u00c9ANT 2\u00e8me SUPPL\u00c9ANT\nM. Bernardin FERREIRA Mme Claudia CHEREAU Mme Val\u00e9rie BOIVINET\nM. Arnaud THOYON M. Thierry DEAUD M. Eric CAMUS\nREPR\u00c9SENTANTS DU CONSEIL D\u00c9PARTEMENTAL D'INDRE-ET-LOIRE\nCat\u00e9gorie A\nTITULAIRE 1er SUPPL\u00c9ANT 2\u00e8me SUPPL\u00c9ANT\nMme Pascale BEGNON\n(FSU)\nMme Pierre PAPIN\n(FSU)\nMme B\u00e9atrice FAUVINET\n(FSU)\nMme Christine MERIOT\n(FSU)\nMme Isabelle BRUN\n(FSU)\nMme S\u00e9verine MARX\n(FSU)\nCat\u00e9gorie B\nTITULAIRES 1er SUPPL\u00c9ANT 2\u00e8me SUPPL\u00c9ANT\nM. Jean-Fran\u00e7ois THINON\n(FSU)\nMme Violaine BROCHARD\n(FSU)\nMme Catherine GUIDAULT\n(FSU)\nMme Michelle VENANT\n(CGT)\nM. Olivier MALVISI\n(CGT)\nM. Nicolas COUTANT\n(CGT)\nCat\u00e9gorie C\nTITULAIRES 1er SUPPL\u00c9ANT 2\u00e8me SUPPL\u00c9ANT\nMme Annie THUNET\n(FSU)\nM. Alain DENIAU\n(FSU)\nMme Gwena\u00eblle VINCENT\n(FSU)\nM. G\u00e9rald PIGEONNEAU\n(CGT)\nM. Claude VINCENT\n(CGT)\nMme Sylvia GALLAND\n(CGT)\nPr\u00e9fecture d'Indre et Loire - 37-2024-02-21-00002 - Arr\u00eat\u00e9 portant d\u00e9signation des repr\u00e9sentants du personnel pour la fonction\npublique territoriale au sein du conseil m\u00e9dical d\u00e9partemental d'Indre-et-Loire 34\nREPR\u00c9SENTANTS DU SERVICE D\u00c9PARTEMENTAL\nD'INCENDIE ET DE SECOURS D'INDRE-ET-LOIRE\nRepr\u00e9sentants du personnel des sapeurs-pompiers professionnels officiers de cat\u00e9gorie A\nTITULAIRE 1er SUPPL\u00c9ANT 2\u00e8me SUPPL\u00c9ANT\nM. Philippe BRETON\nCommandant\nM. Olivier BOSSARD\nCapitaine\nM. Yann CAPITAINE\nCapitaine\nM. Christophe DUVEAUX\nCadre de sant\u00e9\nMme Cl\u00e9mence CHAMPION\nInfirmi\u00e8re\nM. Alain LIBER\nCommandant\nRepr\u00e9sentants du personnel des sapeurs-pompiers professionnels officiers de cat\u00e9gorie B\nTITULAIRE 1er SUPPL\u00c9ANT 2\u00e8me SUPPL\u00c9ANT\nM. Xavier DELIGEON\nLieutenant 2\u00e8me classe\nM. Christophe COSSON\nLieutenant 2\u00e8me  classe\nM. Nicolas MOREAU\nLieutenant 1\u00e8re classe\nMme M\u00e9lanie DARCY\nLieutenant hors classe\nM. Cyril VENIERE\nLieutenant hors classe\nM. Emmanuel DENIAU\nLieutenant 2\u00e8me classe\nRepr\u00e9sentants du personnel des sapeurs-pompiers professionnels cat\u00e9gorie C\nTITULAIRE 1er SUPPL\u00c9ANT 2\u00e8me SUPPL\u00c9ANT\nM. Nicolas RIVET\nAdjudant-Chef\nM. Morgan DRIESCH\nCaporal-Chef\nMme Emilie JUQUOIS\nAdjudant\nM. Yoann GAILLARD\nSergent\nM. Charles ELISAS\nSergent\nM. Kevin KOLANEK\nSergent\nRepr\u00e9sentants du personnel des agents administratifs et techniques de cat\u00e9gorie A et B\nTITULAIRE 1er SUPPL\u00c9ANT 2\u00e8me SUPPL\u00c9ANT\nMme Evelyne DERUELLE\nTechnicienne principale 1\u00e8re \nclasse\nMme Kelly BLIRANDO\nR\u00e9dactrice principale 1ere classe\nM. Fr\u00e9d\u00e9ric BISSON\nTechnicien principal 1\u00e8re \nclasse\nM. Cl\u00e9ment DEPIN ROUAULT\nIng\u00e9nieur\nMme Isabelle LORHO\nR\u00e9dactrice\nM. Arnaud ROSSIGNOL\nTechnicien\nPr\u00e9fecture d'Indre et Loire - 37-2024-02-21-00002 - Arr\u00eat\u00e9 portant d\u00e9signation des repr\u00e9sentants du personnel pour la fonction\npublique territoriale au sein du conseil m\u00e9dical d\u00e9partemental d'Indre-et-Loire 35\nRepr\u00e9sentants du personnel des agents administratifs et techniques de cat\u00e9gorie C\nTITULAIRE 1er SUPPL\u00c9ANT 2\u00e8me SUPPL\u00c9ANT\nM. R\u00e9gie DELAUNAY\nAgent de maitrise\nM. Mathieu BENEVAUD\nAdjoint technique principal 1ere \nclasse\nMme Blandine MAFFUCCI\nAdjointe administrative \nprincipale 2eme classe\nMme V\u00e9ronique ROCABOY\nAdjointe administrative principale\n1\u00e8re classe\nM. Alan BURGUY\nAgent de maitrise principal\nMme La\u00ebtitia AYMARD\nAdjointe administrative \nprincipale 1\u00e8re classe\nREPR\u00c9SENTANTS DES COLLECTIVIT\u00c9S\nAFFILI\u00c9ES AU CENTRE DE GESTION D'INDRE-ET-LOIRE\nCat\u00e9gorie A\nTITULAIRE 1er SUPPL\u00c9ANT 2\u00e8me SUPPL\u00c9ANT\nMme Sabine GASS Mme Laure SAVARD M. Julien VIELLEVILLE\nMme Marie LEFORT M. Gr\u00e9gory CORTECERO M. J\u00e9r\u00f4me MARDON\nCat\u00e9gorie B\nTITULAIRE 1er SUPPL\u00c9ANT 2\u00e8me SUPPL\u00c9ANT\nM. Fr\u00e9d\u00e9ric GOUBARD M. S\u00e9bastien JEREZ Mme V\u00e9ronique LE NOBLET\nMme Isabelle QUILLET M. G\u00e9rard RATEAU Mme Isabelle PETIT\nCat\u00e9gorie C\nTITULAIRE 1er SUPPL\u00c9ANT 2\u00e8me SUPPL\u00c9ANT\nM. Denis VERNON M. David RUELLAND M. Sylvain VERGNOLLE\nM. Cyrille COUINEAU Mme Sonia ZOUITINA Mme Carine GOFFI\nREPR\u00c9SENTANTS DE LA VILLE DE TOURS ET DE SON CCAS\nCat\u00e9gorie A\nTITULAIRE 1er SUPPL\u00c9ANT 2\u00e8me SUPPL\u00c9ANT\nMme Anne-Fran\u00e7oise BACHELIER\n(CFDT)\nMme Delphine ANDRAULT\n(CFDT)\nM. J\u00e9r\u00f4me LITAUDON\n(CFDT)\n(FO) (FO) (FO)\nPr\u00e9fecture d'Indre et Loire - 37-2024-02-21-00002 - Arr\u00eat\u00e9 portant d\u00e9signation des repr\u00e9sentants du personnel pour la fonction\npublique territoriale au sein du conseil m\u00e9dical d\u00e9partemental d'Indre-et-Loire 36\nCat\u00e9gorie B\nTITULAIRE 1er SUPPL\u00c9ANT 2\u00e8me SUPPL\u00c9ANT\nM. Koffi GHYAMPHY\n(CGT)\nMme Isabelle LOPEZ\n(CGT)\nMme Lise SCHNEL\n(CGT)\nMme Khadija GUEDOUDOU\n(CFDT)\nMme  Mercedes PEZY\n(CFDT)\nM. Bruno GABORIT\n(CFDT)\nCat\u00e9gorie C\nTITULAIRE 1er SUPPL\u00c9ANT 2\u00e8me SUPPL\u00c9ANT\nM. Marc BALITEAU\n(CGT)\nM. Romain RUMEAU\n(CGT)\nMme Val\u00e9rie RIADI\n(CGT)\nMme Christ\u00e8le CORDIER\n(CFDT)\nM. Olivier PORTIER\n(CFDT)\nMme Nathalie LAMBERT\n(CFDT)\nREPR\u00c9SENTANTS DE LA VILLE DE JOU\u00c9-L\u00c8S-TOURS ET DE SON CCAS\nCat\u00e9gorie A\nTITULAIRE 1er SUPPL\u00c9ANT 2\u00e8me SUPPL\u00c9ANT\nMme Pauline TRAORE-MIQUEL\nAssistante socio-\u00e9ducative\nMme Catherine COUSIN\nConseill\u00e8re sup\u00e9rieure socio-\n\u00e9ducative\nM. Olivier CATIN \nAttach\u00e9 territorial\nMme Nathalie RAFFAULT\nAttach\u00e9e territoriale\nMme Jennifer KREGIEL\nPu\u00e9ricultrice\nMme Elisa LEON\nEducatrice territoriale de \njeunes enfants\nCat\u00e9gorie B\nTITULAIRE 1er SUPPL\u00c9ANT 2\u00e8me SUPPL\u00c9ANT\nM. Dominique BOULAY\nChef de service de police \nmunicipale principal de 1\u00e8re classe\nMme Pascale CICE\nR\u00e9dactrice Principale 1\u00e8re classe\nMme Sylvie PINON\nAssistante de Conservation \nPrincipale de 1\u00e8re classe \nM. Jean-Michel CLAVEAU\nR\u00e9dacteur Principal 1\u00e8re classe\nMme Ludivine VENIEN\nR\u00e9dactrice\nMme Violaine ABONNEAU\nR\u00e9dactrice\nPr\u00e9fecture d'Indre et Loire - 37-2024-02-21-00002 - Arr\u00eat\u00e9 portant d\u00e9signation des repr\u00e9sentants du personnel pour la fonction\npublique territoriale au sein du conseil m\u00e9dical d\u00e9partemental d'Indre-et-Loire 37\nCat\u00e9gorie C\nTITULAIRE 1er SUPPL\u00c9ANT 2\u00e8me SUPPL\u00c9ANT\nM. Gr\u00e9gory FANDANT\nAgent de ma\u00eetrise principal\nMme St\u00e9phanie BIGOT\nATSEM 1\u00e8re classe\nM. Christophe ROSSI\nAdjoint d'animation \nprincipal de 1\u00e8re classe\nM. Franck POURIAS\nAgent de ma\u00eetrise\nMme Sonia DOS REIS LOPES\nAdjointe administrative\nMme Elodie ARMANT\nAdjointe administrative\nArticle 3 : Le pr\u00e9sent arr\u00eat\u00e9 est susceptible, dans un d\u00e9lai de deux mois \u00e0 compter de sa notification ou\nde sa publication de faire l'objet :\n\u2022 d'un recours gracieux devant le pr\u00e9fet d'Indre-et-Loire ;\n\u2022 d'un recours hi\u00e9rarchique devant le ministre de l'Int\u00e9rieur et des Outre-Mer \u2013 Place Beauvau\n75800 Paris cedex 08 ;\n\u2022 d'un recours contentieux devant le tribunal administratif d'Orl\u00e9ans \u2013 28, rue de la Bretonnerie \u2013\n45057 Orl\u00e9ans Cedex 1 par voie postale ou par voie d\u00e9mat\u00e9rialis\u00e9e via \u00ab  t\u00e9l\u00e9recours citoyen \u00bb\naccessible sur le site Internet www.telerecours.fr.\nArticle 4 :  Monsieur le Secr\u00e9taire G\u00e9n\u00e9ral par int\u00e9rim de la Pr\u00e9fecture d'Indre-et-Loire est charg\u00e9 de\nl'ex\u00e9cution du pr\u00e9sent arr\u00eat\u00e9 qui sera notifi\u00e9 \u00e0 Monsieur le Pr\u00e9sident du Centre de Gestion de la\nFonction Publique Territoriale et publi\u00e9 au Recueil des actes administratifs de la Pr\u00e9fecture d'Indre-et-\nLoire.\nUne copie de l'arr\u00eat\u00e9 sera adress\u00e9e \u00e0 chacun des membres int\u00e9ress\u00e9s.\nFait \u00e0 Tours, le 21 f\u00e9vrier 2024\nPour le Pr\u00e9fet et par d\u00e9l\u00e9gation,\nLe Secr\u00e9taire G\u00e9n\u00e9ral par interim,\nSign\u00e9\nGuillaume SAINT-CRICQ\nPr\u00e9fecture d'Indre et Loire - 37-2024-02-21-00002 - Arr\u00eat\u00e9 portant d\u00e9signation des repr\u00e9sentants du personnel pour la fonction\npublique territoriale au sein du conseil m\u00e9dical d\u00e9partemental d'Indre-et-Loire 38\nPr\u00e9fecture d'Indre et Loire\n37-2024-02-13-00001\nArr\u00eat\u00e9 portant modification statutaire de la\ncommunaut\u00e9 de communes du Castelrenaudais\n(modification de la comp\u00e9tence \u00ab\u00a0Politique\nsportive et culturelle\u00a0\u00bb)\nPr\u00e9fecture d'Indre et Loire - 37-2024-02-13-00001 - Arr\u00eat\u00e9 portant modification statutaire de la communaut\u00e9 de communes du\nCastelrenaudais (modification de la comp\u00e9tence \u00ab\u00a0Politique sportive et culturelle\u00a0\u00bb) 39\nPR\u00c9FECTURE D'INDRE-ET-LOIRE\nDIRECTION DE LA CITOYENNET\u00c9 ET DE LA L\u00c9GALIT\u00c9\nBUREAU DES COLLECTIVIT\u00c9S LOCALES\nARR\u00caT\u00c9 portant  modification  statutaire  de  la  communaut\u00e9  de  communes  du  Castelrenaudais\n(modification de la comp\u00e9tence \u00ab Politique sportive et culturelle \u00bb)\nLe pr\u00e9fet d'Indre-et-Loire, Chevalier de la L\u00e9gion d'honneur, Officier de l'Ordre National du M\u00e9rite\nVu le code g\u00e9n\u00e9ral des collectivit\u00e9s territoriales et notamment l'article L. 5211-17 ,\nVu l'arr\u00eat\u00e9 interpr\u00e9fectoral en date du 10 juin 1996 portant cr\u00e9ation de la communaut\u00e9 de communes du\nCastelrenaudais, modifi\u00e9 par les arr\u00eat\u00e9s interpr\u00e9fectoraux des 9 et 15 octobre 1998,  31 d\u00e9cembre 1999, 29\nd\u00e9cembre 2000, 24 et 26 d\u00e9cembre 2001 et 27 et 28 d\u00e9cembre 2001, et les arr\u00eat\u00e9s pr\u00e9fectoraux des 7\nnovembre 2002, 28 mai 2003, 24 d\u00e9cembre 2003, 10 f\u00e9vrier 2005, 21 d\u00e9cembre 2005, 12 octobre 2006, 18\navril 2007 , 9 novembre 2007 , 2 mars 2009, 16 juin 2009, 25 mars 2013, 24 novembre 2014, 20 avril 2015, 27\njuillet 2016, 21 d\u00e9cembre 2016, 4 septembre 2017 , 17 et 20 novembre 2017 , 29 mars 2019, 26 octobre 2021,\n6 janvier 2023 et 30 juin 2023,\nVu la d\u00e9lib\u00e9ration du conseil communautaire du Castelrenaudais, en date du 19 juillet 2023, approuvant le\nprojet de portage du PACT (Projets Artistiques et Culturels du Territoire) culture R\u00e9gion Centre par la\ncommunaut\u00e9 de communes,\nVu les d\u00e9lib\u00e9rations des conseils municipaux des communes membres d\u00e9sign\u00e9es ci-apr\u00e8s approuvant la\nmodification correspondante des statuts de la communaut\u00e9 de communes du Castelrenaudais :\nAuzouer-en-Touraine, en date du 29 ao\u00fbt 2023,\nLe Boulay, en date du 26 octobre 2023,\nCh\u00e2teau-Renault, en date du 31 ao\u00fbt 2023,\nCrotelles, en date du 14 septembre 2023,\nDame-Marie-les-Bois, en date du 7 septembre 2023,\nLa Ferri\u00e8re, en date du 21 septembre 2023,\nLes Hermites, en date du 27 septembre 2023,\nMonthodon, en date du 31 ao\u00fbt 2023,\nMorand, en date du 31 ao\u00fbt 2023,\nNeuville-sur-Brenne, en date du 22 septembre 2023,\nNouzilly, en date du 25 septembre 2023,\nSaint-Laurent-en-G\u00e2tines, en date du 12 septembre 2023,\nSaint-Nicolas-des-Motets, en date du 28 ao\u00fbt 2023,\nSaunay, en date du 29 septembre 2023,\nVilled\u00f4mer, en date du 19 septembre 2023,\nVu l'absence de d\u00e9lib\u00e9ration du conseil municipal d'Autr\u00e8che, valant avis favorable, sur la modification\nstatutaire approuv\u00e9e par d\u00e9lib\u00e9ration pr\u00e9cit\u00e9e du conseil communautaire du 19 juillet 2023,\nConsid\u00e9rant qu'il est satisfait aux conditions de majorit\u00e9 pr\u00e9vues \u00e0 l'article L. 5211-17 susvis\u00e9,\nSur proposition de Monsieur le Secr\u00e9taire G\u00e9n\u00e9ral par int\u00e9rim de la pr\u00e9fecture,\nARR\u00caTE\nARTICLE 1 : Les dispositions de l'article 2 de l'arr\u00eat\u00e9 interpr\u00e9fectoral du 10 juin 1996 sont remplac\u00e9es par\nles dispositions suivantes :\n\u00ab Article 2 : La communaut\u00e9 de communes exerce les comp\u00e9tences suivantes :\nI - COMP\u00c9TENCES OBLIGATOIRES\n\u2022 Am\u00e9nagement de l'espace communautaire pour la conduite d'actions d'int\u00e9r\u00eat communautaire ;\n\u2022Sch\u00e9ma de coh\u00e9rence territoriale et sch\u00e9ma de secteur ;\n\u2022Plan local d'urbanisme, document d'urbanisme en tenant lieu et carte communale ;\nPr\u00e9fecture d'Indre et Loire - 37-2024-02-13-00001 - Arr\u00eat\u00e9 portant modification statutaire de la communaut\u00e9 de communes du\nCastelrenaudais (modification de la comp\u00e9tence \u00ab\u00a0Politique sportive et culturelle\u00a0\u00bb) 40\n\u2022 Actions de d\u00e9veloppement \u00e9conomique dans les conditions pr\u00e9vues \u00e0 l'article L 4251-17 du code\ng\u00e9n\u00e9ral des collectivit\u00e9s territoriales dont notamment :\n- Immobilier d'entreprises : construction, achat, vente ou location de locaux d'activit\u00e9s, d'ateliers-\nrelais, de b\u00e2timents d'accueil ;\n- Aides aux entreprises dans le cadre des dispositions l\u00e9gales en vigueur ;\n- Actions de communication et de promotion pour mettre en valeur l'attractivit\u00e9 du territoire.\n\u2022 Cr\u00e9ation, am\u00e9nagement, entretien et gestion de zones d'activit\u00e9s industrielle, commerciale, tertiaire,\nartisanale, touristique, portuaire ou a\u00e9roportuaire ;\n\u2022 Politique locale du commerce et soutien aux activit\u00e9s commerciales d'int\u00e9r\u00eat communautaires :\n- Actions de cr\u00e9ation et de maintien des commerces de premi\u00e8re n\u00e9cessit\u00e9 (boulangerie, \u00e9picerie,\nboucherie et multiservices\u2026)\n- Op\u00e9ration Collective de Modernisation de l'Artisanat, du Commerce et des Services\n\u2022Promotion du tourisme, dont la cr\u00e9ation d'offices de tourisme\n\u2022 Am\u00e9nagement, entretien et gestion de l'aire d'accueil des gens du voyage\n\u2022 Collecte et traitement des d\u00e9chets des m\u00e9nages et d\u00e9chets assimil\u00e9s\n\u2022 GEMAPI : gestion des milieux aquatiques et pr\u00e9vention des inondations, dans les conditions pr\u00e9vues \u00e0\nl'article L 211-7 du code de l'environnement :\n1\u00b0 - Am\u00e9nagement d'un bassin ou d'une fraction de bassin hydrographique.\n2\u00b0 - Entretien et l'am\u00e9nagement d'un cours d'eau, canal, lac ou plan d'eau, y compris l'acc\u00e8s \u00e0 ce\ncours d'eau, \u00e0 ce canal, \u00e0 ce lac ou \u00e0 ce plan d'eau\n5\u00b0 - D\u00e9fense contre les inondations et contre la mer\n8\u00b0 - Protection et restauration des sites, des \u00e9cosyst\u00e8mes aquatiques et des zones humides ainsi que\ndes formations bois\u00e9es riveraines.\nDans  ce  cadre,  la  Communaut\u00e9  de  communes  du  Castelrenaudais  exerce  sa  comp\u00e9tence  par\nd\u00e9l\u00e9gation au(x) syndicat(s) reconnu(s) en EPTB ou en EPAGE.\n\u2022 Plan  climat  Air  \u00c9nergie  Territorial  (PCAET)  en  application  de  l'article  L.  229-26  du  code  de\nl'environnement\nII - COMP\u00c9TENCES FACULTATIVES\n\u2022 Politique du Logement et du cadre de vie\n- \u00c9laboration, gestion et suivi d'un Programme local de l'habitat (PLH) ;\n- Op\u00e9ration Programm\u00e9e d'am\u00e9lioration de l'habitat ;\n- R\u00e9alisation  des  logements  locatifs  sociaux  dans  le  parc  immobilier  communautaire  existant  (\u00e0\nl'exclusion des b\u00e2timents appartenant au domaine public et des constructions neuves) : op\u00e9ration,\nacquisition-r\u00e9habilitation, sous ma\u00eetrise d'ouvrage communautaire ou H.L.M. ;\n- Participation aux op\u00e9rations de r\u00e9habilitation men\u00e9es par les offices d'HLM sur le parc immobilier\npriv\u00e9 non communal existant ;\n- Dans le cadre de la contribution au maintien des commerces et des services de premi\u00e8re n\u00e9cessit\u00e9,\nacquisition, r\u00e9habilitation et gestion des logements locatifs ou locatifs sociaux annex\u00e9s (op\u00e9rations\nmixtes) ;\n- Construction, acquisition, r\u00e9habilitation et gestion des h\u00e9bergements d'urgence ;\n- Participation aux op\u00e9rations de cr\u00e9ation de Structures d'h\u00e9bergement \u00e0 destination des jeunes\ntravailleurs sous ma\u00eetrise d'ouvrage des offices HLM.\n\u2022 Construction,  entretien  et  fonctionnement  d'\u00e9quipements  culturels  et  sportifs  d'int\u00e9r\u00eat\ncommunautaire :\n-Construction, gestion d'une piscine couverte intercommunale.\n-Construction et gestion de la salle de cin\u00e9ma Le Balzac reconnue d'int\u00e9r\u00eat communautaire.\n\u2022 Cr\u00e9ation, am\u00e9nagement et entretien de la voirie d'int\u00e9r\u00eat communautaire : La d\u00e9finition de la voirie\ncommunautaire et l'\u00e9num\u00e9ration des voies r\u00e9pondant \u00e0 cette d\u00e9finition font l'objet de l'annexe 1 aux\npr\u00e9sents statuts.\n\u2022 Cr\u00e9ation et gestion de maisons de services au public et d\u00e9finition des obligations de service public y\naff\u00e9rentes en application de l'article 27-2  de la loi  n\u00b02000-321 du 12  avril relative aux  droits des\ncitoyens dans leurs relations avec les administrations : Cr\u00e9ation et gestion de la MSAP labellis\u00e9e France\nServices au sein du si\u00e8ge communautaire 5 rue du four br\u00fbl\u00e9 \u00e0 Ch\u00e2teau-Renault.\n\u2022 Action sociale d'int\u00e9r\u00eat communautaire :\n  Politique en faveur de la petite enfance :\n-Actions, services et \u00e9quipements en faveur de la petite enfance :\n- Construction, am\u00e9nagement, entretien, gestion et animation des \u00e9quipements existants ou \u00e0 cr\u00e9er\nen  mati\u00e8re  de  multi-accueil  :  cr\u00e8ches  collectives,  haltes-garderies  :  est  reconnu  d'int\u00e9r\u00eat\nPr\u00e9fecture d'Indre et Loire - 37-2024-02-13-00001 - Arr\u00eat\u00e9 portant modification statutaire de la communaut\u00e9 de communes du\nCastelrenaudais (modification de la comp\u00e9tence \u00ab\u00a0Politique sportive et culturelle\u00a0\u00bb) 41\ncommunautaire le p\u00f4le petite enfance, dit du Martin p\u00eacheur, sis 5 rue Ernest-Bellanger \u00e0 Ch\u00e2teau-\nRenault.\n- Am\u00e9nagement, entretien, gestion et animation de Relais Petite Enfance Intercommunaux.\nPolitique en faveur de l'enfance et de la jeunesse :\n- Actions, services et \u00e9quipements en faveur de l'enfance (petites et grandes vacances, mercredis) et\nde la jeunesse :\n- Cr\u00e9ation,  gestion  et  d\u00e9veloppement  de  l'ensemble  des  accueils  collectifs  de  mineurs  sans\nh\u00e9bergement relevant des petites et grandes vacances ainsi que des mercredis.\n\u2022 \u00c9laboration  et  actualisation  du  Projet  de  Territoire  garantissant  la  vitalit\u00e9,  l'attractivit\u00e9  et  le\nd\u00e9veloppement des communes membres.\n\u2022Soutien aux organismes d'aide \u00e0 l'emploi\nConcourir  \u00e0  l'am\u00e9lioration  de  la  formation  professionnelle,  contractualiser  des  objectifs  de\nd\u00e9veloppement de l'emploi et d'insertion professionnelle avec la Mission Locale Loire Touraine, avec\nl'antenne  de  P\u00f4le  Emploi  de  Ch\u00e2teau-Renault  et  avec  tout  organisme  d'insertion,  de  formation\nprofessionnelle et de l'emploi mettant en \u0153uvre une action reconnue d'int\u00e9r\u00eat communautaire.\n\u2022 Protection et mise en valeur de l'environnement\nCr\u00e9ation du Service d'Assainissement Non Collectif (SPANC) :\n- Contr\u00f4le  des  syst\u00e8mes  d'assainissement  non  collectif  conform\u00e9ment  \u00e0  la  r\u00e9glementation  en\nvigueur :\n- Conception / implantation / r\u00e9alisation\n- Fonctionnement,\n- Entretien des syst\u00e8mes d'assainissement non collectif.\n\u2022Politique sportive et culturelle\n- Aides aux associations ayant pour objectif le maintien d'une activit\u00e9 cin\u00e9matographique.\n- Aides aux associations du territoire pr\u00e9sentant un projet p\u00e9dagogique pour l'apprentissage  de la\nmusique  en  coh\u00e9rence  avec  les  orientations  communautaires,  valid\u00e9  par  une  convention\nd'objectifs.\n- Portage du dispositif PACT  culture R\u00e9gion Centre (dispositif Projets Artistiques et  Culturels du\nTerritoire) pour les communes et associations du Castelrenaudais, en soutien \u00e0 l'organisation de\nmanifestations culturelles. Chaque commune ou association concern\u00e9e conventionnera avec la\ncommunaut\u00e9 de communes.\n\u2022 Transport :\n- Organisation de circuits de transports non urbains :\nPour l'organisation des transports non urbains, cette comp\u00e9tence sera exerc\u00e9e dans la mesure o\u00f9 il\nexiste une convention de second rang entre la Communaut\u00e9 de Communes du Castelrenaudais et\nla R\u00e9gion, comp\u00e9tent en mati\u00e8re de transport, au terme de la loi du 16 janvier 2001.\n- Organisation de circuits de transports scolaires :\nLa  Communaut\u00e9  de  Communes  est  comp\u00e9tente,  en  tant  qu'organisateur  secondaire,  par\nd\u00e9l\u00e9gation de la R\u00e9gion, en ce qui concerne l'organisation et le fonctionnement des transports\nscolaires assurant la desserte des \u00e9tablissements scolaires suivants :\n\u25aa\u00c9cole primaire d'Auzouer-en-Touraine,\n\u25aa\u00c9cole primaire du Boulay,\n\u25aa \u00c9coles maternelle et primaire du Regroupement p\u00e9dagogique de Morand, Saint-Nicolas-des-\nMotets et Dame-Marie-les-Bois,\n\u25aa \u00c9coles maternelle et primaire du Regroupement p\u00e9dagogique de Monthodon et des Hermites,\n\u25aa \u00c9coles maternelle et primaire du Regroupement p\u00e9dagogique de Nouzilly et Crotelles,\n\u25aa Coll\u00e8ge Andr\u00e9-Bauchant de Ch\u00e2teau-Renault,\n\u25aa Coll\u00e8ge Le Christ-Roi de Tours,\n\u25aa Lyc\u00e9e Beauregard de Ch\u00e2teau-Renault,\n\u25aa Lyc\u00e9es d'Amboise : L\u00e9onard-de-Vinci et Chaptal,\n\u25aa Lyc\u00e9es de Tours : Eiffel, Clouet, Choiseul et Vaucanson.\nLa Communaut\u00e9 de Communes peut intervenir hors de son territoire par voie de convention,\npour le transport des \u00e9l\u00e8ves en direction d'\u00e9tablissements scolaires ext\u00e9rieurs.\n\u25aa Transport  collectif  des  \u00e9coles  maternelles  et  \u00e9l\u00e9mentaires  publiques  en  direction  de\nl'\u00e9quipement aquatique intercommunal castel'eau au cours de l'ann\u00e9e scolaire\n\u2022 Tourisme\nMise en place et entretien d'une signal\u00e9tique sur l'itin\u00e9raire cyclable jacquaire et des autres itin\u00e9raires\ncyclables du sch\u00e9ma directeur et reconnus d'int\u00e9r\u00eat communautaire\nMise  en  place  et  entretien  d'une  signal\u00e9tique,  et  mise  en  valeur  de  circuits  de  promenade  de\nrandonn\u00e9es p\u00e9destres\n\u2022Num\u00e9rique :\nPr\u00e9fecture d'Indre et Loire - 37-2024-02-13-00001 - Arr\u00eat\u00e9 portant modification statutaire de la communaut\u00e9 de communes du\nCastelrenaudais (modification de la comp\u00e9tence \u00ab\u00a0Politique sportive et culturelle\u00a0\u00bb) 42\n\u00c9tablissement et exploitation d'infrastructures et de r\u00e9seaux de communications \u00e9lectroniques pr\u00e9vue\nau I de l'article L. 1425-1 du code g\u00e9n\u00e9ral des collectivit\u00e9s territoriales.\n\u2022Action m\u00e9dico-sociale :\nConstruction, am\u00e9nagement, entretien, et gestion d'une maison de sant\u00e9 pluridisciplinaire reconnue\nd'int\u00e9r\u00eat communautaire \u00e0 Ch\u00e2teau-Renault,\nAcquisition,  am\u00e9nagement,  entretien  et  gestion  d'une  maison  de  sant\u00e9  reconnue  d'int\u00e9r\u00eat\ncommunautaire \u00e0 Saint-Laurent-en-G\u00e2tines.\n\u2022Gendarmerie : \nConstruction, am\u00e9nagement, entretien, et gestion de la gendarmerie de Ch\u00e2teau-Renault.\n\u2022Prestations de services :\nLa Communaut\u00e9 de Communes pourra effectuer \u00e0 titre accessoire des prestations de service pour le\ncompte de collectivit\u00e9s et d'\u00e9tablissements publics de coop\u00e9ration intercommunale dans le respect\ndes r\u00e8gles de publicit\u00e9 et de mise en concurrence.\n\u2022Adh\u00e9sion \u00e0 un syndicat : \nLa communaut\u00e9 de communes est  autoris\u00e9e \u00e0  adh\u00e9rer  pour  l'exercice de ses comp\u00e9tences \u00e0  un\nsyndicat mixte.\n\u2022\u00c9tudes : \nLa Communaut\u00e9 de communes permet  d'engager des \u00e9tudes g\u00e9n\u00e9rales pour tout autre domaine\nd'int\u00e9r\u00eat g\u00e9n\u00e9ral ou en vue d'appr\u00e9cier l'opportunit\u00e9 de prendre des comp\u00e9tences nouvelles, ou pour\ncoordonner des \u00e9tudes sur tout ou partie du territoire communautaire. \u00bb\nARTICLE 2 : Un exemplaire des statuts modifi\u00e9s est annex\u00e9 au pr\u00e9sent arr\u00eat\u00e9.\nARTICLE 3 : Le pr\u00e9sent arr\u00eat\u00e9 est susceptible, dans un d\u00e9lai de deux mois \u00e0 compter de sa notification\nou de sa publication de faire l'objet :\n\u2022 d'un recours gracieux devant le pr\u00e9fet d'Indre-et-Loire ;\n\u2022d'un recours hi\u00e9rarchique devant le ministre de l'Int\u00e9rieur et des Outre-mer ;\n\u2022d'un recours contentieux devant le tribunal administratif d'Orl\u00e9ans \u2013 28, rue de la Bretonnerie \u2013 45057\nOrl\u00e9ans Cedex 1 par voie postale ou par voie d\u00e9mat\u00e9rialis\u00e9e via \u00ab t\u00e9l\u00e9recours citoyen \u00bb accessible sur le\nsite Internet www.telerecours.fr.\nARTICLE 4 : Monsieur le Secr\u00e9taire g\u00e9n\u00e9ral par int\u00e9rim de la Pr\u00e9fecture, Monsieur le Sous-Pr\u00e9fet de\nLoches,  Monsieur  le Directeur  D\u00e9partemental  des Finances  Publiques,  Madame la Pr\u00e9sidente de la\nCommunaut\u00e9  de  Communes  du  Castelrenaudais  sont  charg\u00e9s,  chacun  en  ce  qui  le  concerne,  de\nl'ex\u00e9cution  du  pr\u00e9sent  arr\u00eat\u00e9,  dont  une  copie  sera  adress\u00e9e  \u00e0  Mesdames  et  Messieurs  les  Maires\nd'Autr\u00e8che,  Auzouer-en-Touraine,  Le  Boulay,  Ch\u00e2teau-Renault,  Crotelles,  Dame-Marie-les-Bois,  La\nFerri\u00e8re,  Les  Hermites,  Monthodon,  Morand,  Neuville-sur-Brenne,  Nouzilly,  Saint-Laurent-en-G\u00e2tines,\nSaint-Nicolas-des-Motets, Saunay, Villed\u00f4mer et \u00e0 Madame la Tr\u00e9sori\u00e8re de Jou\u00e9-l\u00e8s-Tours. Cet arr\u00eat\u00e9\nsera publi\u00e9 au recueil des actes administratifs de la pr\u00e9fecture d'Indre-et-Loire.\nTours, le 13 f\u00e9vrier 2024\nPour le Pr\u00e9fet et par d\u00e9l\u00e9gation\nLe Secr\u00e9taire g\u00e9n\u00e9ral par int\u00e9rim,\nSign\u00e9 : Guillaume SAINT-CRICQ\nPr\u00e9fecture d'Indre et Loire - 37-2024-02-13-00001 - Arr\u00eat\u00e9 portant modification statutaire de la communaut\u00e9 de communes du\nCastelrenaudais (modification de la comp\u00e9tence \u00ab\u00a0Politique sportive et culturelle\u00a0\u00bb) 43\nPr\u00e9fecture d'Indre et Loire\n37-2024-02-13-00003\nARR\u00caT\u00c9 PR\u00c9FECTORAL autorisant la\nCongr\u00e9gation des S\u25a1urs de la\nCharit\u00e9-Pr\u00e9sentation de la Sainte Vierge \u00e0\nproc\u00e9der \u00e0 la vente d\u25a1un ensemble immobilier\nsitu\u00e9 \u00e0 LOURDES (65100)\nPr\u00e9fecture d'Indre et Loire - 37-2024-02-13-00003 - ARR\u00caT\u00c9 PR\u00c9FECTORAL autorisant la Congr\u00e9gation des S\u25a1urs de la\nCharit\u00e9-Pr\u00e9sentation de la Sainte Vierge \u00e0 proc\u00e9der \u00e0 la vente d\u25a1un ensemble immobilier situ\u00e9 \u00e0 LOURDES (65100) 44\nPR\u00c9FECTURE D'INDRE-ET-LOIRE\nDIRECTION DE LA CITOYENNET\u00c9  ET DE LA L\u00c9GALIT\u00c9\nBUREAU DE LA REGLEMENTATION GENERALES, DES ELECTIONS ET DES ASSOCIATIONS\nARR\u00caT\u00c9 PR\u00c9FECTORAL autorisant la Congr\u00e9gation des S\u0153urs de la Charit\u00e9-Pr\u00e9sentation de la Sainte Vierge\n\u00e0 proc\u00e9der \u00e0 la vente d'un ensemble immobilier situ\u00e9 \u00e0 LOURDES (65100)\nLe Pr\u00e9fet d'Indre et Loire, \nVU la loi du 1er juillet 1901 relative au contrat d'association ;\nVU le d\u00e9cret du 16 ao\u00fbt 1901modifi\u00e9 pris pour l'ex\u00e9cution de ladite loi ;\nVU le d\u00e9cret n\u00b0 2002-449 du 2 avril 2002 portant simplification de la proc\u00e9dure administrative applicable aux legs en\nfaveur  de  l'\u00c9tat,  des  d\u00e9partements,  des  communes  et  de  leurs  \u00e9tablissements  et  des  associations,  fondations  et\ncongr\u00e9gations et au contr\u00f4le des actes de disposition des associations ou fondations reconnues d'utilit\u00e9 publique ; \nVU le d\u00e9cret n\u00b0 2007-807 du 11 mai 2007 modifi\u00e9 relatif aux associations, fondations, congr\u00e9gations et \u00e9tablissements\npublics  du culte  et  portant  application de l'article 910 du code civil ; \nVU l'extrait de la d\u00e9lib\u00e9ration du Conseil d'administration de la Congr\u00e9gation des S\u0153urs de la Charit\u00e9 \u2013 Pr\u00e9sentation de\nla Sainte Vierge, en date du 26 octobre 2023, approuvant la vente du bien cadastr\u00e9 section BY n\u00b038 (436 m 2) et n\u00b039\n(223 m2) sur la commune de Lourdes (65100) ;\nVU la promesse d'achat, en date du 2 novembre 2023, entre d'une part la Congr\u00e9gation des S\u0153urs de la Charit\u00e9 \u2013\nPr\u00e9sentation de la Sainte Vierge et d'autre part Madame Marie-C\u00e9lestine AYANOU, demeurant \u00e0 LOURDES (65100),\n23 rue de Bagn\u00e8res ;\nVU la demande en date du 21 novembre 2023, pr\u00e9sent\u00e9e par Ma\u00eetre Jacques L\u00c9GER, notaire, sollicitant, au nom de la\nCongr\u00e9gation des S\u0153urs de la Charit\u00e9 \u2013 Pr\u00e9sentation de la Sainte Vierge, l'autorisation de vendre le bien cadastr\u00e9\nsection BY n\u00b038 et 39 sur la commune de Lourdes (65100);\nVU les autres pi\u00e8ces produites ;\nSUR proposition de M. le Secr\u00e9taire G\u00e9n\u00e9ral adjoint de la Pr\u00e9fecture ;\nA R R \u00ca T E\nARTICLE 1 : La Congr\u00e9gation des S\u0153urs de la Charit\u00e9 \u2013 Pr\u00e9sentation de la Sainte Vierge, reconnue \u00e0 Janville (Eure-et-\nLoir) par d\u00e9cret imp\u00e9rial du 19 janvier 1811, puis transf\u00e9r\u00e9e \u00e0 Tours par d\u00e9cret imp\u00e9rial du 14 ao\u00fbt 1813 et ensuite \u00e0\nSaint-Symphorien (commune rattach\u00e9e depuis \u00e0 la Ville de TOURS)  15 quai Portillon, lieu de son si\u00e8ge actuel par\nordonnance royale du 5 octobre 1845, repr\u00e9sent\u00e9e par Madame la Sup\u00e9rieure G\u00e9n\u00e9rale est autoris\u00e9e \u00e0 proc\u00e9der \u00e0 la\nvente d'un ensemble immobilier cadastr\u00e9  section BY n\u00b038 et 39 , situ\u00e9 4 et 6 rue Philadelphe de Gerde \u00e0 Lourdes\n(65100), au prix de deux cent dix mille euros (210 000 \u20ac), au profit de Madame Marie-C\u00e9lestine AYANOU demeurant\n23 rue de Bagn\u00e8res \u00e0 Lourdes (65100).\nARTICLE 2 :  M. le Secr\u00e9taire G\u00e9n\u00e9ral adjoint de la Pr\u00e9fecture est charg\u00e9 de l'ex\u00e9cution du pr\u00e9sent  arr\u00eat\u00e9, qui sera\nnotifi\u00e9 \u00e0 Mme la Sup\u00e9rieure G\u00e9n\u00e9rale de la Congr\u00e9gation des S\u0153urs de la Charit\u00e9 \u2013 Pr\u00e9sentation de la Sainte Vierge , \u00e0\nMa\u00eetre Jacques L\u00c9GER et publi\u00e9 au recueil des actes administratifs de la pr\u00e9fecture.\nFait \u00e0 TOURS, le 13 f\u00e9vrier 2024\nPour le Pr\u00e9fet et par d\u00e9l\u00e9gation\nLe Secr\u00e9taire G\u00e9n\u00e9ral adjoint de la pr\u00e9fecture,\nSign\u00e9 : Guillaume SAINT-CRICQ\nPr\u00e9fecture d'Indre et Loire - 37-2024-02-13-00003 - ARR\u00caT\u00c9 PR\u00c9FECTORAL autorisant la Congr\u00e9gation des S\u25a1urs de la\nCharit\u00e9-Pr\u00e9sentation de la Sainte Vierge \u00e0 proc\u00e9der \u00e0 la vente d\u25a1un ensemble immobilier situ\u00e9 \u00e0 LOURDES (65100) 45\nSous-Pr\u00e9fecture de Chinon\n37-2024-02-12-00002\nArr\u00eat\u00e9 compl\u00e9mentaire portant dissolution de\nl'AFR d'ANTOGNY LE TILLAC\nSous-Pr\u00e9fecture de Chinon - 37-2024-02-12-00002 - Arr\u00eat\u00e9 compl\u00e9mentaire portant dissolution de l'AFR d'ANTOGNY LE TILLAC 46\nEx Sous-pr\u00e9fet de ChinonPR\u00c9FETD'INDRE-ET-LOIRELibert\u00e9\u00c9galit\u00e9Fraternit\u00e9\nARR\u00caT\u00c9 COMPL\u00c9MENTAIRE N\u00b0 2024-05du 12 f\u00e9vrier 2024\u00e0 l'arr\u00eat\u00e9 n\u00b0 2024-04 du 9 f\u00e9vrier 2024portant dissolution de l'Association Fonci\u00e8rede Remembrement d'ANTOGNY-LE-TILLAC\nLe sous-pr\u00e9fet de Chinon\nVu les articles L123-9, L133-1 \u00e0 L133-6 et R123-8-1, R131-1 \u00e0 R133-10 du code rural et de la p\u00eache maritime ;Vu l'ordonnance n\u00b0 2004-632, notamment son article 40, du 1\u00a2 juillet 2004 relative aux associationssyndicales de propri\u00e9taires, ratifi\u00e9e par la loi n\u00b0 2004-1343 du 9 d\u00e9cembre 2004 relative \u00e0 lasimplification du droit ;Vu l'article 95 de la loi 2005-157 de d\u00e9veloppement des territoires ruraux du 23 f\u00e9vrier 2005 modifi\u00e9epar la loi 2006-11 d'orientation agricole du 5 janvier 2006 ;Vu le d\u00e9cret n\u00b0 2006-504 du 3 mai 2006 portant application de l'ordonnance n\u00b0 2004-632 du 1 juillet2004;Vu l'arr\u00eat\u00e9 pr\u00e9fectoral en date du 1\" septembre 2023 donnant d\u00e9l\u00e9gation de signature \u00e0 M. LaurentVIGNAUD sous-pr\u00e9fet de Chinon ;Vu l'arr\u00eat\u00e9 pr\u00e9fectoral du 19 juin 1967, portant constitution de l'Association Fonci\u00e8re de Remembrementd'ANTOGNY-LE-TILLAC ;Vu la d\u00e9lib\u00e9ration de l'Association Fonci\u00e8re de Remembrement d'ANTOGNY-LE-TILLAC en date du 17juin 2015 demandant sa dissolution ;Vu la d\u00e9lib\u00e9ration du conseil municipal 'ANTOGNY-LE-TILLAC en date du 5 f\u00e9vrier 2024 acceptant ladissolution de l'Association Fonci\u00e8re de Remembrement d'ANTOGNY-LE-TILLAC et d\u00e9cidant que l'actifet le passif de l'Association Fonci\u00e8re de Remembrement d'ANTOGNY-LE-TILLAC soient rachet\u00e9s par lacommune pour l'euro symbolique ;CONSIDERANT l'\u00e9tat de l'actif de l'exercice 2023 \u00e9dit\u00e9 le 11 d\u00e9cembre 2023 de l'Association Fonci\u00e8rede Remembrement d'ANTOGNY-LE-TILLAC ;CONSIDERANT de ce fait que l'objet en vue duquel I'association fonci\u00e8re a \u00e9t\u00e9 cr\u00e9\u00e9e est \u00e9puis\u00e9 ;\n1 Rue Philippe de Commines37501 CHINON CEDEXT\u00e9l. : 02 47 64 37 37M\u00e9l : sp-chinon@indre-et-loire.gouv.frwww.indre-et-loire.gouv.fr 1/2\nSous-Pr\u00e9fecture de Chinon - 37-2024-02-12-00002 - Arr\u00eat\u00e9 compl\u00e9mentaire portant dissolution de l'AFR d'ANTOGNY LE TILLAC 47\nARRETEArticle 1\u00b0: L'Association Fonci\u00e8re de Remembrement d'ANTOGNY-LE-TILLAC est dissoute par arr\u00eat\u00e9pr\u00e9fectoral du 9 f\u00e9vrier 2024, compl\u00e9t\u00e9 par l'article 2 suivant.Article 2 : L'actif et le passif de l'Association Fonci\u00e8re de Remembrement d'ANTOGNY-LE-TILLAC serontrachet\u00e9s par la commune pour l'euro symbolique conform\u00e9ment \u00e0 la d\u00e9lib\u00e9ration du conseil municipald'ANTOGNY-LE-TILLAC du 5 f\u00e9vrier 2024.Article 3 : Monsieur le Sous-pr\u00e9fet de Chinon et Monsieur le Maire d'ANTOGNY-LE-TILEAC sont charg\u00e9s,chacun en ce qui le concerne, de l'ex\u00e9cution du pr\u00e9sent arr\u00eat\u00e9 qui sera ins\u00e9r\u00e9 au recueil des actesadministratifs de la pr\u00e9fecture d'Indre-et-Loire, affich\u00e9 en mairie d'ANTOGNY-LE-TILLAC, notifi\u00e9 auxmembres du bureau de l'Association Fonci\u00e8re de Remembrement d'ANTOGNY-LE-TILLAC par les soinsdu maire d''ANTOGNY-LE-TILLAC, et dont une copie sera transmise \u00e0 M. le Directeur D\u00e9partemental desFinances Publiques et \u00e0 M. le Pr\u00e9sident de la Chambre d'Agriculture.\nChinon, le 12 f\u00e9vrier 2024\nLaurent VIGNAUD\nNB : Le pr\u00e9sent arr\u00eat\u00e9 est susceptible, dans un d\u00e9lai de deux mois \u00e0 compter de sa notification ou de sapublication de faire l'objet :\u00bb d'un recours gracieux devant le pr\u00e9fet d'Indre-et-Loire ;\u00ab d'un recours hi\u00e9rarchique devant le ministre de l'Int\u00e9rieur et des outre-mer ;- d'un recours contentieux devant le tribunal administratif d'Orl\u00e9ans - 28, rue de la Bretonnerie \u201445057 Orl\u00e9ans Cedex 1 par voie postale ou par voie d\u00e9mat\u00e9rialis\u00e9e via \u00ab t\u00e9l\u00e9recours citoyen \u00bb accessiblesur le site Internet www.telerecours.fr.\n1 Rue Philippe de Commines37501 CHINON CEDEXT\u00e9l. : 02 47 64 37 37M\u00e9l : sp-chinon@indre-et-loire.gouv.frwww.indre-et-loire gouv.fr 2/2\nSous-Pr\u00e9fecture de Chinon - 37-2024-02-12-00002 - Arr\u00eat\u00e9 compl\u00e9mentaire portant dissolution de l'AFR d'ANTOGNY LE TILLAC 48\nSous-Pr\u00e9fecture de Chinon\n37-2024-02-09-00001\nArr\u00eat\u00e9 portant dissolution de l'AFR d'ANTOGNY\nLE TILLAC\nSous-Pr\u00e9fecture de Chinon - 37-2024-02-09-00001 - Arr\u00eat\u00e9 portant dissolution de l'AFR d'ANTOGNY LE TILLAC 49\nEx Sous-pr\u00e9fet de ChinonPR\u00c9FETD'INDRE-ET-LOIRELibert\u00e9\u00c9galit\u00e9Fraternit\u00e9\nARR\u00caT\u00c9 N\u00b0 2024-04du 9 f\u00e9vrier 2024portant dissolution de l'Association Fonci\u00e8rede Remembrement d'ANTOGNY-LE-TILLAC\nLe sous-pr\u00e9fet de Chinon\nVu les articles L123-9, L133-1 \u00e0 L133-6 et R123-8-1, R131-1 \u00e0 R133-10 du code rural et de la p\u00eache maritime ;Vu l'ordonnance n\u00b0 2004-632, notamment son article 40, du 1% juillet 2004 relative aux associationssyndicales de propri\u00e9taires, ratifi\u00e9e par la loi n\u00b0 2004-1343 du 9 d\u00e9cembre 2004 relative \u00e0 lasimplification du droit ;Vu l'article 95 de la loi 2005-157 de d\u00e9veloppement des territoires ruraux du 23 f\u00e9vrier 2005 modifi\u00e9epar la loi 2006-11 d'orientation agricole du 5 janvier 2006 ;VU le d\u00e9cret n\u00b0 2006-504 du 3 mai 2006 portant application de l'ordonnance n\u00b0 2004-632 du 1% juillet2004;Vu l'arr\u00eat\u00e9 pr\u00e9fectoral en date du 1\" septembre 2023 donnant d\u00e9l\u00e9gation de signature \u00e0 M. LaurentVIGNAUD sous-pr\u00e9fet de Chinon ;Vu l'arr\u00eat\u00e9 pr\u00e9fectoral du 19 juin 1967, portant constitution de l'Association Fonci\u00e8re de Remembrementd'ANTOGNY-LE-TILLAC ;Vu la d\u00e9lib\u00e9ration de l'Association Fonci\u00e8re de Remembrement d'ANTOGNY-LE-TILLAC en date du 17juin 2015 demandant sa dissolution ;Vu la d\u00e9lib\u00e9ration du conseil municipal d'ANTOGNY-LE-TILLAC en date du 5 f\u00e9vrier 2024 acceptant ladissolution de l'Association Fonci\u00e8re de Remembrement d''ANTOGNY-LE-TILLAC ;CONSIDERANT l'\u00e9tat de l'actif de I'exercice 2023 \u00e9dit\u00e9 le 11 d\u00e9cembre 2023 de l'Association Fonci\u00e8rede Remembrement d'ANTOGNY-LE-TILLAC;CONSIDERANT de ce fait que I'objet en vue duquel l'association fonci\u00e8re a \u00e9t\u00e9 cr\u00e9\u00e9e est \u00e9puis\u00e9 ;\n1 Rue Philippe de Commines37501 CHINON CEDEXT\u00e9l, : 02 47 64 37 37M\u00e9l : sp-chinon@indre-et-loire.gouv.frwww.indre-et-loire.gouv.fr 1/2\nSous-Pr\u00e9fecture de Chinon - 37-2024-02-09-00001 - Arr\u00eat\u00e9 portant dissolution de l'AFR d'ANTOGNY LE TILLAC 50\nARRETEArticle 1\": L'Association Fonci\u00e8re de Remembrement d'ANTOGNY-LE-TILLAC est dissoute.Article 2 : Monsieur le Sous-pr\u00e9fet de Chinon et Monsieur le Maire d'ANTOGNY-LE-TILLAC sont charg\u00e9s,chacun en ce qui le concerne, de l'ex\u00e9cution du pr\u00e9sent arr\u00eat\u00e9 qui sera ins\u00e9r\u00e9 au recueil des actesadministratifs de la pr\u00e9fecture d'Indre-et-Loire, affich\u00e9 en mairie d'ANTOGNY-LE-TILLAC, notifi\u00e9 auxmembres du bureau de l'Association Fonci\u00e8re de Remembrement d'ANTOGNY-LE-TILLAC par les soinsdu maire d'ANTOGNY-LE-TILLAC, et dont une copie sera transmise \u00e0 M. le Directeur D\u00e9partemental desFinances Publiques et \u00e0 M. le Pr\u00e9sident de la Chambre d'Agriculture.\nChinon, le 9 f\u00e9vrier 2024\nLaurent VIGNAUD\nNB : Le pr\u00e9sent arr\u00eat\u00e9 est susceptible, dans un d\u00e9lai de deux mois \u00e0 compter de sa notification ou de sapublication de faire l'objet :\u00bb d'un recours gracieux devant le pr\u00e9fet d'Indre-et-Loire ;\u00ab d'un recours hi\u00e9rarchique devant le ministre de l'Int\u00e9rieur et des outre-mer;d'un recours contentieux devant le tribunal administratif d'Orl\u00e9ans \u2014 28, rue de la Bretonnerie \u201445057 Orl\u00e9ans Cedex 1 par voie postale ou par voie d\u00e9mat\u00e9rialis\u00e9e via \u00ab t\u00e9l\u00e9recours citoyen \u00bb accessiblesur le site Internet www.telerecours.fr.\n1 Rue Philippe de Commines37501 CHINON CEDEXT\u00e9l. : 02 47 64 37 37M\u00e9l : sp-chinon@indre-et-loire.gouv.frwww.indre-et-loire.gouv.fr 2/2\nSous-Pr\u00e9fecture de Chinon - 37-2024-02-09-00001 - Arr\u00eat\u00e9 portant dissolution de l'AFR d'ANTOGNY LE TILLAC 51","date":"2024-02-29","first_seen_on":"2025-09-16T17:00:09+00:00","id":"5e53b524f164c1f362ad4c2bb0dba3b50a5088041f5158bff8711ebb3315f5df","name":"2024-02-29 RAA MENSUEL FEVRIER 2024 1","pdf_creation_date":"2024-02-29T15:27:41+00:00","pdf_modification_date":null,"timezone":"Europe/Paris","url":"https://www.indre-et-loire.gouv.fr/contenu/telechargement/41153/290101/file/2024-02-29%20RAA%20MENSUEL%20FEVRIER%202024%201.pdf"}
