{"administration":"prefidf","administration_name":"Pr\u00e9fecture de la r\u00e9gion \u00cele-de-France","content":"PREFECTURE\nREGION ILE DE\nFRANCE\nRECUEIL DES ACTES\nADMINISTRATIFS SP\u00c9CIAL\n(NOMINATIFS)\nN\u00b0IDF-007-2026-03\nPUBLI\u00c9 LE  4 MARS 2026\nSommaire\nPr\u00e9fecture de la R\u00e9gion d'Ile de France, Pr\u00e9fecture de Paris\n-Secr\u00e9tariat g\u00e9n\u00e9ral aux moyens mutualis\u00e9s / Service des ressources\nhumaines\nIDF-2026-02-26-00016 - Arr\u00eat\u00e9\nmodifiant l'arr\u00eat\u00e9 du 3 avril 2023\nfixant la composition de la section r\u00e9gionale d'\u00cele-de-France du\ncomit\u00e9 interminist\u00e9riel consultatif d'action sociale des\nadministrations de l'\u00c9tat (4 pages) Page 3\n2\nPr\u00e9fecture de la R\u00e9gion d'Ile de France,\nPr\u00e9fecture de Paris -Secr\u00e9tariat g\u00e9n\u00e9ral aux\nmoyens mutualis\u00e9s\nIDF-2026-02-26-00016\nArr\u00eat\u00e9\nmodifiant l'arr\u00eat\u00e9 du 3 avril 2023 fixant la\ncomposition de la section r\u00e9gionale\nd'\u00cele-de-France du comit\u00e9 interminist\u00e9riel\nconsultatif d'action sociale des administrations\nde l'\u00c9tat\nPr\u00e9fecture de la R\u00e9gion d'Ile de France, Pr\u00e9fecture de Paris -Secr\u00e9tariat g\u00e9n\u00e9ral aux moyens mutualis\u00e9s - IDF-2026-02-26-00016 - Arr\u00eat\u00e9\nmodifiant l'arr\u00eat\u00e9 du 3 avril 2023 fixant la composition de la section r\u00e9gionale d'\u00cele-de-France du comit\u00e9 interminist\u00e9riel consultatif\nd'action sociale des administrations de l'\u00c9tat\n3\nE =PREFET _DE LA REGIOND'\u00ceLE-DE-FRANCELibert\u00e9Egalit\u00e9Fraternit\u00e9\n  \n Secr\u00e9tariat g\u00e9n\u00e9ral  \naux moyens mutualis\u00e9s \nService des ressources humaines \n \n \n \n \nArr\u00eat\u00e9 \nmodifiant l'arr\u00eat\u00e9 du 3 avril 2023 fixant la composition de la section r\u00e9gionale d'\u00cele-de-\nFrance du comit\u00e9 interminist\u00e9riel consultatif d'action sociale des administrations de l'\u00c9tat \n \n \nLe pr\u00e9fet de la r\u00e9gion d'Ile-de-France, pr\u00e9fet de Paris \nGrand officier de la l\u00e9gion d'honneur \nOfficier de l'ordre national du m\u00e9rite \n \n \nVu les articles L731-1 \u00e0 L731-5 du code g\u00e9n\u00e9ral de la fonction publique ; \n  \nVu le d\u00e9cret n\u00b0 2004-374 du 29 avril 2004 relatif aux pouvoirs des pr\u00e9fets, \u00e0 l'organisation \net \u00e0 l'action des services de l'Etat dans les r\u00e9gions et d\u00e9partements ; \n  \nVu le d\u00e9cret n\u00b0 2006-21 du 6 janvier 2006 relatif \u00e0 l'action sociale au b\u00e9n\u00e9fice des \npersonnels de l'\u00c9tat ; \n  \nVu l'arr\u00eat\u00e9 du 29 juin 2006 fixant la composition et le fonctionnement des sections \nr\u00e9gionales du comit\u00e9 interminist\u00e9riel consultatif d'action sociale des administrations de \nl'\u00c9tat ; \n  \nVu le d\u00e9cret NOR INTA2002735D du 22 juillet 2020 nommant M. Marc GUILLAUME, pr\u00e9fet \nde la r\u00e9gion d'\u00cele-de-France, pr\u00e9fet de Paris ;  \n  \nVu l'arr\u00eat\u00e9 du 21 janvier 2010 modifiant l'arr\u00eat\u00e9 du 29 juin 2006 fixant la composition et le \nfonctionnement des sections r\u00e9gionales du comit\u00e9 interminist\u00e9riel consultatif d'action \nsociale des administrations de l'\u00c9tat ; \n \nVu l'arr\u00eat\u00e9 pr\u00e9fectoral IDF-2023-04-03-00002 du 3 avril 2023 modifi\u00e9 fixant la composition \nde la section r\u00e9gionale d'\u00cele-de-France du comit\u00e9 interminist\u00e9riel consultatif d'action \nsociale des administrations de l'Etat ; \n \nSur proposition des chefs des services d\u00e9concentr\u00e9s des administrations de l'Etat en \u00cele-de-\nFrance ; \n \nSur proposition des organisations syndicales ; \n  \nSur proposition du pr\u00e9fet, secr\u00e9taire g\u00e9n\u00e9ral aux moyens mutualis\u00e9s, \n \nPr\u00e9fecture de la R\u00e9gion d'Ile de France, Pr\u00e9fecture de Paris -Secr\u00e9tariat g\u00e9n\u00e9ral aux moyens mutualis\u00e9s - IDF-2026-02-26-00016 - Arr\u00eat\u00e9\nmodifiant l'arr\u00eat\u00e9 du 3 avril 2023 fixant la composition de la section r\u00e9gionale d'\u00cele-de-France du comit\u00e9 interminist\u00e9riel consultatif\nd'action sociale des administrations de l'\u00c9tat\n4\n  \nArr\u00eate : \n \nArticle 1er  : \n \nL'arr\u00eat\u00e9 pr\u00e9fectoral du 3 avril 2023 susvis\u00e9 est modifi\u00e9 comme suit : \n \n1.  A l'article 1er, le coll\u00e8ge des \u00ab Repr\u00e9sentants de l'administration \u00bb (12 titulaires et 12 \nsuppl\u00e9ants), est modifi\u00e9 comme suit :  \n \nTitulaires : Mme St\u00e9phanie ABDOULAYE  - DRIHL/UD75 . \n En attente de nomination - Services du Premier min istre \n \n \nArticle 2 : \n \nLa liste des repr\u00e9sentants de l'administration et du personnel si\u00e9geant \u00e0 la section \nr\u00e9gionale d'\u00cele-de-France du comit\u00e9 interminist\u00e9riel consultatif d'action sociale des \nadministrations de l'\u00c9tat, telle que r\u00e9sultant des modifications apport\u00e9es par le pr\u00e9sent \narr\u00eat\u00e9, et des dispositions de l'arr\u00eat\u00e9 pr\u00e9fectoral IDF-2023-04-03-00002 du 3 avril 2023 \nfixant la composition de la section r\u00e9gionale d'\u00cele-de-France du comit\u00e9 interminist\u00e9riel \nconsultatif d'action sociale des administrations de l'\u00c9tat, figure en annexe du pr\u00e9sent \narr\u00eat\u00e9 pour information. \n \n \nArticle 3 : \n \nLe pr\u00e9fet, secr\u00e9taire g\u00e9n\u00e9ral aux moyens mutualis\u00e9s, est charg\u00e9 de l'ex\u00e9cution du pr\u00e9sent \narr\u00eat\u00e9 qui sera publi\u00e9 au recueil des actes administratifs.  \n \nFait \u00e0 Paris, le 26 f\u00e9vrier 2026 \n \nPour le pr\u00e9fet  de la r\u00e9gion d'Ile-de-France,  \npr\u00e9fet de Paris et par d\u00e9l\u00e9gation \nL'adjoint au pr\u00e9fet, secr\u00e9taire g\u00e9n\u00e9ral \naux moyens mutualis\u00e9s \n \nSIGN\u00c9 \n \nChristophe JEAN \n \nPr\u00e9fecture de la R\u00e9gion d'Ile de France, Pr\u00e9fecture de Paris -Secr\u00e9tariat g\u00e9n\u00e9ral aux moyens mutualis\u00e9s - IDF-2026-02-26-00016 - Arr\u00eat\u00e9\nmodifiant l'arr\u00eat\u00e9 du 3 avril 2023 fixant la composition de la section r\u00e9gionale d'\u00cele-de-France du comit\u00e9 interminist\u00e9riel consultatif\nd'action sociale des administrations de l'\u00c9tat\n5\n  \nANNEXE \nde l'arr\u00eat\u00e9 du 3 avril 2023 fixant la composition de la section r\u00e9gionale d'\u00cele-de-France du \ncomit\u00e9 interminist\u00e9riel consultatif d'action sociale des administrations de l'\u00c9tat \n \n- 12 repr\u00e9sentants de l'administration dont : \n \nTitulaires \n \nM. Jean-Fran\u00e7ois LABORIE - Minist\u00e8re de l'Europe et des Affaires \u00c9trang\u00e8res \nMme Sandrine VANDERHOVEN - Minist\u00e8re de l'\u00c9conomie,  des Finances et de la \nSouverainet\u00e9 Industrielle et Num\u00e9rique \nM. Yves RUELLE - Minist\u00e8re de l'\u00c9conomie, des Finances et de la Souverainet\u00e9 Industrielle et \nNum\u00e9rique \nM. Christophe LAURENT - Rectorat de l'acad\u00e9mie de Versailles \nMme St\u00e9phanie MECHINE - Rectorat de l'acad\u00e9mie de Paris \nMme St\u00e9phanie ABDOULAYE - DRIHL/UD75 \nMme Isabelle DALU - DRIEETS \nM. Beno\u00eet GUERARD - Minist\u00e8re de la justice \nM. Bernard PHILIPPE - Minist\u00e8re des Arm\u00e9es \nM. Nabil LAHIANE - DRAC Ile-de-France \nMme Coralie BOUET-LAHOULETTE - Rectorat de l'acad\u00e9mie de Cr\u00e9teil \nEn attente de nomination - Services du Premier ministre \n \nSuppl\u00e9ants \n \nM. Christophe RENGNET-FONTAINE - Pr\u00e9fecture de la r\u00e9gion d'\u00cele-de-France \nMme Florence TOQUET - Minist\u00e8re de l'\u00c9conomie, des Finances et de la Souverainet\u00e9 \nIndustrielle et Num\u00e9rique \nM. Christian BOSC - Minist\u00e8re de l'\u00c9conomie, des Finances et de la Souverainet\u00e9 Industrielle \net Num\u00e9rique \nMme Cathy HANQUIER - Rectorat de l'acad\u00e9mie de Versailles \nM. Felix SALMON - Rectorat de l'acad\u00e9mie de Paris \nM. C\u00e9dric LARVET - DRIHL/UD75 \nMme Bouchra MASMOUDI - Minist\u00e8re de l'Agriculture \nMme Anne FICHOU-GENTE - Minist\u00e8re de la justice \nMme FRAN\u00c7AIS Claire - Minist\u00e8re des Arm\u00e9es \nMme Sophie MIDDLETON - DRAC \u00cele-de-France \nMme Alexandra BEAUPEL - Rectorat de l'acad\u00e9mie de Cr\u00e9teil \nMme Jocelyne ZECLER - Services du Premier ministre  \n \n   \n- 13 repr\u00e9sentants des organisations syndicales, \u00e0 savoir : \n \nTitulaires \n \nM. Gilberto SAINT-NARCISSE - FO \nMme Arya BOCQUET - FO \nM. David BEN ASSAYA - FO \nMme Rachida BOUGHAZI - FSU \nM. Patrice LEGUERINAIS - FSU \nMme Ka\u00efna CHEKKAL - UNSA \nMme C\u00e9line FOUET - UNSA \nM. Fr\u00e9d\u00e9ric DEBRIEU - CFDT \nM. Fr\u00e9d\u00e9ric DEBRIEU - CFDT \nPr\u00e9fecture de la R\u00e9gion d'Ile de France, Pr\u00e9fecture de Paris -Secr\u00e9tariat g\u00e9n\u00e9ral aux moyens mutualis\u00e9s - IDF-2026-02-26-00016 - Arr\u00eat\u00e9\nmodifiant l'arr\u00eat\u00e9 du 3 avril 2023 fixant la composition de la section r\u00e9gionale d'\u00cele-de-France du comit\u00e9 interminist\u00e9riel consultatif\nd'action sociale des administrations de l'\u00c9tat\n6\n  \nM. Julien ANGWE NZE - CGT \nMme Sophie HOUPILLART - CGT \nMme Dalila BOUDADA BENAMARA - CFE-CGC \nM. Henri LOPEZ - Solidaires FP \n \nSuppl\u00e9ants \n \nMme Nazare CHLIEH - FO \nMme Douba SAHLI - FO \nMme Vanessa LEFAIVRE - FO \nMme Monique COQ - FSU  \nM. Youssef CHOUKRI - FSU \nM. Fr\u00e9d\u00e9ric TISLER - UNSA \nM. Dominique DI PONIO - UNSA \nMme Nadia ITCHIR - CFDT \nMme Elisabeth MARGARIA - CFDT \nMme Rapha\u00eble GRAFF-LUCIANI - CGT \u00cele-de-France \nMme Eliane BOCQUET - CGT \u00cele-de-France \nM. Majid BENYOUCEF - CFE-CGC \nM. Baptiste ALAGUILLAUME - Solidaires FP \n \nPr\u00e9fecture de la R\u00e9gion d'Ile de France, Pr\u00e9fecture de Paris -Secr\u00e9tariat g\u00e9n\u00e9ral aux moyens mutualis\u00e9s - IDF-2026-02-26-00016 - Arr\u00eat\u00e9\nmodifiant l'arr\u00eat\u00e9 du 3 avril 2023 fixant la composition de la section r\u00e9gionale d'\u00cele-de-France du comit\u00e9 interminist\u00e9riel consultatif\nd'action sociale des administrations de l'\u00c9tat\n7","date":"2026-03-04","first_seen_on":"2026-03-04T16:20:46+00:00","id":"5e7553cd9b6d31d2f2721e88b7e2506017a7aa9905887264efb52f914b0fc8e8","name":"recueil-idf-007-2026-03-RAA-nominatifs du 04.03.2026","pdf_creation_date":"2026-03-04T15:39:47+00:00","pdf_modification_date":null,"timezone":"Europe/Paris","url":"https://www.prefectures-regions.gouv.fr/ile-de-france/irecontenu/telechargement/136029/995155/file/recueil-idf-007-2026-03-RAA-nominatifs%20du%2004.03.2026.pdf"}
