{"administration":"pref30","administration_name":"Pr\u00e9fecture du Gard","content":"PR\u00c9FET\nDU GARD\nRECUEIL DES ACTES\nADMINISTRATIFS SP\u00c9CIAL\nN\u00b030-2025-070\nPUBLI\u00c9 LE 28 AVRIL 2025\nSommaire\nCour d'Appel de N\u00eemes /\n30-2025-04-10-00001 - D\u00e9l\u00e9gation de signature processus commande\npublique, frais de justice, interventions et d\u00e9placements temporaires (19\npages) Page 3\nPrefecture du Gard /\n30-2025-04-28-00001 - Arr\u00eat\u00e9 confiant la suppl\u00e9ance de M. J\u00e9r\u00f4me\nBONET pr\u00e9fet du Gard, le mardi 6 mai 2025 de huit heures \u00e0 vingt trois\nheures (1 page) Page 23\n30-2025-04-28-00002 - Arr\u00eat\u00e9 donnant d\u00e9l\u00e9gation de signature \u00e0\nM. jean-Louis BIOU, directeur de la citoyennet\u00e9, de la l\u00e9galit\u00e9 et de la\ncoordination \u00e0 la pr\u00e9fecture du Gard (4 pages) Page 25\n30-2025-04-28-00003 - Arr\u00eat\u00e9 portant autorisation de repr\u00e9sentation\ndevant les juridictions administratives (1 page) Page 30\nSous Pr\u00e9fecture d'Al\u00e8s /\n30-2025-04-25-00002 - AP-25-04-54 du 25 avril 2025 portant mesures\ntemporaires sur la navigation int\u00e9rieure du Rh\u00f4ne conc\u00e9d\u00e9 pour des\nexercices pompiers conduits par l'Unit\u00e9 d'Instruction et d'Intervention de\nla S\u00e9curit\u00e9 Civile N\u00b07 de Brignoles (5 pages) Page 32\n30-2025-04-28-00004 - Arr\u00eat\u00e9 N\u00b0 25-04-57 portant reconduction de\nl'autorisation d'exploitation d'une plateforme de d\u00e9collage pour\na\u00e9ronefs ultra-l\u00e9gers motoris\u00e9s ou ULM \u00e0 Souvignargues (8 pages) Page 38\n30-2025-04-28-00005 - Arr\u00eat\u00e9 N\u00b0 25-04-58 portant reconduction de\nl'autorisation d'exploitation d'une plateforme de d\u00e9collage pour\na\u00e9ronefs ultra-l\u00e9gers motoris\u00e9s ou ULM \u00e0 Beaucaire (7 pages) Page 47\n2\nCour d'Appel de N\u00eemes\n30-2025-04-10-00001\nD\u00e9l\u00e9gation de signature processus commande\npublique, frais de justice, interventions et\nd\u00e9placements temporaires\nCour d'Appel de N\u00eemes - 30-2025-04-10-00001 - D\u00e9l\u00e9gation de signature processus commande publique, frais de justice, interventions\net d\u00e9placements temporaires 3\nESMINIST\u00c8REDE LA JUSTICELibert\u00e9Egalit\u00e9Fraternit\u00e9\nCOUR D'APPEL DE NIMESPROCESSUS \u00ab COMMANDE PUBLIQUE \u00bbPROCESSUS \u00ab FRAIS DE JUSTICE \u00bbPROCESSUS \u00ab INTERVENTIONS \u00bbPROCESSUS \u00ab D\u00c9PLACEMENTS TEMPORAIRES \u00bb\nLE PREMIER PRESIDENT DE LA COUR D'APPEL DE NIMESEtLE PROCUREUR G\u00c9N\u00c9RAL PR\u00c8S LADITE COUR\nVu la convention de d\u00e9l\u00e9gation de gestion sign\u00e9e avec les chefs de la cour d'appel de Toulouseen date du 31 octobre 2019;\nD\u00c9CIDENTArticle 1\u00b0 - Dans le cadre du processus de la commande publique, sont habilit\u00e9s \u00e0 effectuer lesdemandes d'achat dans l'application Chorus Formulaires :\n \n \n \n \nPage 1 sur 19 \n \n \n \n \n \n \n \n \n  \n  \n  \n  \n \n \nCour d'Appel de N\u00eemes - 30-2025-04-10-00001 - D\u00e9l\u00e9gation de signature processus commande publique, frais de justice, interventions\net d\u00e9placements temporaires 4\nSERVICE ADMINISTRATIF REGIONAL (SAR) DE LA COUR D'APPEL DE NIMES:BUDGET DE FONCTIONNEMENT\nR\u00e9f\u00e9rent:\nSuppl\u00e9ants :\nCatherine BINOTSecr\u00e9taire Administratif, gestionnaire budgetRgba.sar.ca-nimes@justice.fr04.66.70.35.15\nNathalie VICAdjointe administrative , secr\u00e9taire DDAR]Sec.sar.ca-nimes@justice.frT\u00e9l : 04.66.36.63.40Guillaume YESELNICKResponsable de la gestion budg\u00e9taireRgb.sar.ca-nimes@justice.fr04.66.70.35.12\nYves FORMASecr\u00e9taire administratif, responsable de la gestion budg\u00e9taire adjointRgbmp.sar.ca-nimes@justice.fr04.66.70.35.09Nina LAFUENTESecr\u00e9taire administrative au SAR de la cour d'appel de NimesSec.sar.ca-nimes@justice.frT\u00e9l : 04.66.70.35.07Corinne FRANCOSecr\u00e9taire Administratif, gestionnaire budgetRecouvrement.sar.ca-nimes@justice.fr04.66.70.35.11BUDGET REGIONAL : GESTION IMMOBILIERER\u00e9f\u00e9rent :\nSuppl\u00e9ants :\nC\u00e9line CORSOSecr\u00e9taire Administratif, gestionnaire budgetsqvt.sar.ca-nimes@justice.fr04.66.70.35.25Yves FORMASecr\u00e9taire administratif, responsable de la gestion budg\u00e9taire adjointRgbmp.sar.ca-nimes@justice.fr04.66.70.35.09\n \n \n \n \nPage 2 sur 19 \n \n \n-  \n-  \n \n \n \n-  \n-  \nCour d'Appel de N\u00eemes - 30-2025-04-10-00001 - D\u00e9l\u00e9gation de signature processus commande publique, frais de justice, interventions\net d\u00e9placements temporaires 5\nCatherine BINOTSecr\u00e9taire Administratif, gestionnaire budgetRgba.sar.ca-nimes@justice.fr04.66.7035.15Guillaume YESELNICKResponsable de la gestion budg\u00e9taireRgb.sar.ca-nimes@justice.fr04.66.70.35.12\nBUDGET REGIONAL : GESTION INFORMATIQUER\u00e9f\u00e9rent :\nSuppl\u00e9ants :\nVincent COULONResponsable de la gestion informatiqueRgi.sar.ca-nimes@justice.fr04.66.70.35.18\nSophie PALETTAResponsable de la gestion informatique adjointeRgia.sar.ca-nimes@justice.fr04.66.70.35.16Catherine BINOTSecr\u00e9taire Administratif, gestionnaire budgetRgba.sar.ca-nimes@justice.fr04.66.70.35.15Guillaume YESELNICKResponsable de la gestion budg\u00e9taireRgb.sar.ca-nimes@justice.fr04.66.70.35.12\nBUDGET REGIONAL : FORMATION GENERALE\nR\u00e9f\u00e9rent :\nSuppl\u00e9ants :\nFr\u00e9d\u00e9ric LAUGIERResponsable gestion de la FormationRgf.sar.ca-nimes@ijustice.fr04.66.70.35.04Nathalie VICAdjointe administrative, secr\u00e9taire de la formationrgf.sar.ca-nimes@justice.fr04.66.36.63.40Catherine BINOTSecr\u00e9taire Administratif, gestionnaire budgetRgba.sar.ca-nimes@justice.fr04.66.70.35.15\n \n \n \n \nPage 3 sur 19 \n \n \n-  \n-  \n \n-  \n-  \nCour d'Appel de N\u00eemes - 30-2025-04-10-00001 - D\u00e9l\u00e9gation de signature processus commande publique, frais de justice, interventions\net d\u00e9placements temporaires 6\nGuillaume YESELNICKResponsable de la gestion budg\u00e9taireRgb.sar.ca-nimes@justice.fr04.66.70.35.12\nCOUR D'APPEL DE NIMES:R\u00e9f\u00e9rent :\nSuppl\u00e9ants :\nVirginie LOEUL,Directrice de greffe plac\u00e9e, en mission responsable de la cellule budg\u00e9tairechga.ca-nimes@justice.fr04.66.76.46.66\nDidier SCHELL,Secr\u00e9taire administratif, secr\u00e9tariat de la cellule budg\u00e9tairedidier.schell@justice.fr04.66.76.46.67\nTRIBUNAL JUDICIAIRE DE NIMES:R\u00e9f\u00e9rent :\nSuppl\u00e9ants :\nJonathan DOHYDirecteur de greffeDg.tj-nimes@justice.fr04.66.76.47.63\nCl\u00e9mentine NOELDirectrice de greffe adjointedga.tj-nimes@justice.fr04.66.76.47.61S\u00e9bastien LORANSecr\u00e9taire administratifsebastien.loran@justice.fr04.66.76.47.71\nTRIBUNAL JUDICIAIRE D'ALES:R\u00e9f\u00e9rent :\nSuppl\u00e9ants :\nBryan JACQUEMOTDirecteur de greffe par interimdg.tj-ales@justice.fr04.66.56.28.85\nMuriel LESTREZSecr\u00e9taire administrativeMuriel.lestrez@justice.fr04.34.24.60.83\n \n \n \n \nPage 4 sur 19 \n \n \n-  \n-  \n \n-  \n-  \n \n- \n- \nCour d'Appel de N\u00eemes - 30-2025-04-10-00001 - D\u00e9l\u00e9gation de signature processus commande publique, frais de justice, interventions\net d\u00e9placements temporaires 7\nTRIBUNAL JUDICIAIRE D'AVIGNON :R\u00e9f\u00e9rents :\nSuppl\u00e9ants :\nSophie MOUTONSecr\u00e9taire administrativecle.ti-avignon@iustice.fr04.32.74.75.85\nB\u00e9rang\u00e8re LEONDirectrice de greffeDg.tj-avignon@justice.fr04.32.74.75.89\nIsabelle PANIGUTTICheffe de servicedsgj.pen2.tj-avignon@justice.fr04.32.74.75.84Fabienne ESTIBALDirectrice de greffe adjointedga.tj-avignon@justice.fr04.32.74.75.86\nVal\u00e9rie SAMAINGreffier fonctionnelchg.tprx-pertuis@justice.fr04.90.79.21.16TRIBUNAL JUDICIAIRE DE CARPENTRAS :R\u00e9f\u00e9rent :\nSuppl\u00e9ants :\nNathalie NAVARRODirectrice de greffeDg.tj-carpentras@justice.fr04.90.63.66.17Catherine PERVIERSecr\u00e9taire administrativeSec.dg-tj-carpentras@justice.fr04.90.63.66.07TRIBUNAL JUDICIAIRE DE MENDE:R\u00e9f\u00e9rent :\nSuppl\u00e9ant :\nPatricia ROUDAUT PARODirectrice de greffeDg.tj-mende@justice.fr04.66.65.71.60B\u00e9atrice CARRIEREDirectrice de greffe adjointeDga.tj-mende@justice.fr04.66.65.28.11\n \n \n \n \nPage 5 sur 19 \n \n \n-  \n-  \n \n-            \n                 \n              \n                  \n-        \n             \n              \n              \n \n- \n- \nCour d'Appel de N\u00eemes - 30-2025-04-10-00001 - D\u00e9l\u00e9gation de signature processus commande publique, frais de justice, interventions\net d\u00e9placements temporaires 8\nTRIBUNAL JUDICIAIRE DE PRIVAS :R\u00e9f\u00e9rent :\nSuppl\u00e9ants :\nB\u00e9atrice ALETDirectrice de greffedg.tj-privas@justice.fr04.75.66.40.41Nadine SALVADORIDirectrice Adjointedga2.tj-privas@justice.fr04.75.66.05.23\nDamien GUITONDirecteur de greffe adjointDgal.ti-privas@justice.fr04.75.66.40.42\nTRIBUNAL DE PROXIMITE d'AUBENASR\u00e9f\u00e9rent :\nSuppl\u00e9ants :\nMurielle TERRASSEDirectrice, chef de servicechg.tprx-aubenas@justice.fr04.75.39.11.28\nNathalie DE GEYTERGreffier fonctionnel, chef de service du CPH d'Aubenaschg.cph-aubenas@justice.fr04.75.93.51.84B\u00e9atrice ALETDirectrice de greffedg.tj-privas@justice.fr04.75.66.40.41TRIBUNAL DE PROXIMITE d'ANNONAYR\u00e9f\u00e9rent :\nSuppl\u00e9ant :\nGhislaine DAUBRICOURTGreffier, chef de servicechg.tprx-annonay@justice.fr04.75.33.84.71B\u00e9atrice ALETDirectrice de greffedg.tj-privas@justice.fr04.75.66.40.41\n \n \n \n \nPage 6 sur 19 \n \n \n- \n- \n- \n- \n- \n- \nCour d'Appel de N\u00eemes - 30-2025-04-10-00001 - D\u00e9l\u00e9gation de signature processus commande publique, frais de justice, interventions\net d\u00e9placements temporaires 9\nArticle 2 - Dans le cadre du processus de la commande publique, sont habilit\u00e9s \u00e0 constater leservice fait dans l'application Chorus Formulaires :BUDGET DE FONCTIONNEMENTR\u00e9f\u00e9rent : Nathalie VICAdjointe administrative , secr\u00e9taire DDAR)Sec.sar.ca-nimes@justice.frT\u00e9l : 04.66.36.63.40Suppl\u00e9ants : Catherine BINOTSecr\u00e9taire Administratif, gestionnaire budgetRgba.sar.ca-nimes@justice.fr04.66.70.35.15Guillaume YESELNICKResponsable de la gestion budg\u00e9taireRgb.sar.ca-nimes@justice.fr04.66.70.35.12Yves FORMASecr\u00e9taire administratif, responsable de la gestion budg\u00e9taire adjointRgbmp.sar.ca-nimes@justice.fr04.66.70.35.09Nina LAFUENTESecr\u00e9taire administrative au SAR de la cour d'appel de NimesSec.sar.ca-nimes@justice.frT\u00e9l : 04.66.70.35.07Corinne FRANCOSecr\u00e9taire Administratif, gestionnaire budgetRecouvrement.sar.ca-nimes@justice.fr04.66.70.35.11BUDGET REGIONAL : GESTION IMMOBILIERER\u00e9f\u00e9rent : C\u00e9line CORSOSecr\u00e9taire Administratif, gestionnaire budgetsqvt.sar.ca-nimes@justice.fr04.66.70.35.25Suppl\u00e9ants : Yves FORMASecr\u00e9taire administratif, responsable de la gestion budg\u00e9taire adjointRgbmp.sar.ca-nimes@justice.fr04.66.70.35.09\nCatherine BINOTSecr\u00e9taire Administratif, gestionnaire budgetRgba.sar.ca-nimes@justice.fr04.66.70.35.15\n \n \n \n \nPage 7 sur 19 \n \n \n-  \n \n-  \n \n \n-  \n-  \nCour d'Appel de N\u00eemes - 30-2025-04-10-00001 - D\u00e9l\u00e9gation de signature processus commande publique, frais de justice, interventions\net d\u00e9placements temporaires 10\nGuillaume YESELNICKResponsable de la gestion budg\u00e9taireRgb.sar.ca-nimes@justice.fr04.66.70.35.12\nCharlene BOUTYResponsable de la gestion immobili\u00e9reRgpi.sar.ca-nimes@justice.fr04.66.70.35.26BUDGET REGIONAL : GESTION INFORMATIQUER\u00e9f\u00e9rent : Vincent COULONResponsable de la gestion informatiqueRgi.sar.ca-nimes@justice.fr04.66.70.35.18\nSuppl\u00e9ants : Sophie PALETTAResponsable de la gestion informatique adjointeRgia.sar.ca-nimes@justice.fr04.66.70.35.16Catherine BINOTSecr\u00e9taire Administratif, gestionnaire budgetRgba.sar.ca-nimes@justice.fr04.66.70.35.15Guillaume YESELNICKResponsable de la gestion budg\u00e9taireRgb.sar.ca-nimes@justice.fr04.66.70.35.12BUDGET REGIONAL : FORMATION GENERALER\u00e9f\u00e9rent : Fr\u00e9d\u00e9ric LAUGIERResponsable de la gestion de la formationRgf.sar.ca-nimes@ijustice.fr04.66.70.35.04Suppl\u00e9ants : Nathalie VICAdjointe administrative, secr\u00e9taire de la formationRef.sar.ca-nimes@justice.fr04.66.36.63.40Catherine BINOTSecr\u00e9taire Administratif, gestionnaire budgetRgba.sar.ca-nimes@justice.fr04.66.70.35.15\n \n \n \n \nPage 8 sur 19 \n \n \n-  \n-  \n \n-  \n-  \nCour d'Appel de N\u00eemes - 30-2025-04-10-00001 - D\u00e9l\u00e9gation de signature processus commande publique, frais de justice, interventions\net d\u00e9placements temporaires 11\nGuillaume YESELNICKResponsable de la gestion budg\u00e9taireRgb.sar.ca-nimes@justice.fr04.66.70.35.12\nCOUR D'APPEL DE NIMES:R\u00e9f\u00e9rent : Virginie LOEUL,Directrice de greffe plac\u00e9echga.ca-nimes@justice.fr04.66.76.46.66\nSuppl\u00e9ants : Didier SCHELL,Secr\u00e9taire administratif, secr\u00e9tariat de la cellule budg\u00e9tairedidier.schell@justice.fr04.66.76.46.67TRIBUNAL JUDICIAIRE DE NIMES:R\u00e9f\u00e9rent : Jonathan DOHYDirecteur de greffeDg.tj-nimes@justice.fr04.66.76.47.63\nSuppl\u00e9ants : S\u00e9bastien LORANSecr\u00e9taire administratifsebastien.loran@justice.fr04.66.76.47.71Cl\u00e9mentine NOELDirectrice de greffe adjointedga.tj-nimes@justice.fr04.66.76.47.61\nTRIBUNAL JUDICIAIRE D'ALES:R\u00e9f\u00e9rent : Bryan JACQUEMOTDirecteur de greffe, chef de servicedg.tj-ales@justice.fr04 .66.56.28.85Suppl\u00e9ants : Muriel LESTREZSecr\u00e9taire AdministrativeMuriel.lestrez@justice.fr04.34.24.60.83\n \n \n \n \nPage 9 sur 19 \n \n \n-  \n-  \n \n-  \n-  \n \n- \n- \nCour d'Appel de N\u00eemes - 30-2025-04-10-00001 - D\u00e9l\u00e9gation de signature processus commande publique, frais de justice, interventions\net d\u00e9placements temporaires 12\nTRIBUNAL JUDICIAIRE D'AVIGNON :R\u00e9f\u00e9rents :\nSuppl\u00e9ants :\nSophie MOUTONSecr\u00e9taire administrativeclg.tj-avignon@justice.fr04.32.74.75.85B\u00e9rangere LEONDirectrice de greffeDg.tj-avignon@justice.fr04.32.74.75.89\nIsabelle PANIGUTTICheffe de servicedsgj.pen2.tj-avignon@justice.fr04.32.74.75.84\nFabienne ESTIBALDirectrice de greffe adjointedga.tj-avignon@justice.fr04.32.74.75.86Val\u00e9rie SAMAINGreffier fonctionnelchg.tprx-pertuis@justice.fr04.90.79.21.16TRIBUNAL JUDICIAIRE DE CARPENTRAS :R\u00e9f\u00e9rent :\nSuppl\u00e9ant :\nCatherine PERVIERSecr\u00e9taire administrativeSec.dg-tj-carpentras@justice.fr04.90.63.66.07Nathalie NAVARRODirectrice de greffeDg.tj-carpentras@justice.fr04.90.63.66.17TRIBUNAL JUDICIAIRE DE MENDE :R\u00e9f\u00e9rent :\nSuppl\u00e9ant :\nPatricia ROUDAUT PARODirectrice de greffeDg.tj-mende@justice.fr04.66.65.71.60B\u00e9atrice CARRIEREDirectrice de greffe adjointeDga.tj-mende@justice.fr04.66.65.28.11\n \n \n \n \nPage 10 sur 19 \n \n \n-  \n-  \n \n-              \n             \n              \n                 \n- \n                 \n              \n                  \n \n- \n- \nCour d'Appel de N\u00eemes - 30-2025-04-10-00001 - D\u00e9l\u00e9gation de signature processus commande publique, frais de justice, interventions\net d\u00e9placements temporaires 13\nTRIBUNAL JUDICIAIRE DE PRIVAS :R\u00e9f\u00e9rent :\nSuppl\u00e9ant :\nB\u00e9atrice ALETDirectrice de greffedg.tj-privas@justice.fr04.75.66.40.41Nadine SALVADORIDirectrice Adjointedga2.tj-privas@justice.fr04.75.66.05.23Damien GUITONDirecteur de greffe adjointDgal.ti-privas@justice.fr04.75.66.40.42TRIBUNAL DE PROXIMITE d'AUBENASR\u00e9f\u00e9rent :\nSuppl\u00e9ant 1:\nSuppl\u00e9ant 2:\nMurielle TERRASSEDirectrice, chef de servicechg.tprx-aubenas@justice.fr04.75.39.11.28\nNathalie DE GEYTERGreffier fonctionnel, chef de service du CPH d'Aubenaschg.cph-aubenas@justice.fr04.75.93.51.84\nB\u00e9atrice ALETDirectrice de greffedg.tj-privas@justice.fr04.75.66.40.41TRIBUNAL DE PROXIMITE d'ANNONAYR\u00e9f\u00e9rent :\nSuppl\u00e9ant 2:\nGhislaine DAUBRICOURTGreffier, chef de servicechg.tprx-annonay@justice.fr04.75.33.84.71B\u00e9atrice ALETDirectrice de greffedg.tj-privas@justice.fr04.75.66.40.41\n \n \n \n \nPage 11 sur 19 \n \n \n- \n- \n- \n- \n- \n- \n- \nCour d'Appel de N\u00eemes - 30-2025-04-10-00001 - D\u00e9l\u00e9gation de signature processus commande publique, frais de justice, interventions\net d\u00e9placements temporaires 14\nArticle 3 - Dans le cadre du processus de la commande publique, sont habilit\u00e9s \u00e0 valider lesdemandes d'achat saisies dans l'application Chorus Formulaires :R\u00e9f\u00e9rent : Catherine BINOTSecr\u00e9taire Administratif, gestionnaire budgetRgba.sar.ca-nimes@justice.fr04.66.70.35.15Suppl\u00e9ants : Guillaume YESELNICKResponsable de la gestion budg\u00e9taireRgb.sar.ca-nimes@justice.fr04.66.70.35.12Yves FORMASecr\u00e9taire administratif, responsable de la gestion budg\u00e9taire adjointRgbmp.sar.ca-nimes@justice.fr04.66.70.35.09\nArticle 4 - Dans le cadre du processus des frais de justice, sont habilit\u00e9s \u00e0 certifier et valider lesm\u00e9moires d\u00e9mat\u00e9rialis\u00e9s dans l'application Chorus Formulaires :COUR D'APPEL DE NIMES:R\u00e9f\u00e9rent : Sandrine CHAMPEL,R\u00e9gisseurScfj.ca-nimes@justice.fr04.66.76.46.68\nTRIBUNAL JUDICIAIRE DE NIMES:R\u00e9f\u00e9rent : Marilyn MILLONGreffi\u00e9reMarilyne.millon@justice.fr04.66.76.47.09Bedra SUAUAdjointe administrativebedra.suau@justice.fr04.66.76.47.09Zarah ZELLATSecr\u00e9taire administrativeZarah.zellat@justice.fr04.66.76.47.09Suppl\u00e9ants : S\u00e9bastien LORANSecr\u00e9taire administratifsebastien.loran@justice.fr04.66.76.47.71\n \n \n \n \nPage 12 sur 19 \n \n \n-  \n-  \n \n \n-  \n \n- \n- \nCour d'Appel de N\u00eemes - 30-2025-04-10-00001 - D\u00e9l\u00e9gation de signature processus commande publique, frais de justice, interventions\net d\u00e9placements temporaires 15\nTRIBUNAL JUDICIAIRE D'ALES :R\u00e9f\u00e9rent : Muriel LESTREZSecr\u00e9taire administrativemuriel.lestrez@justice.fr04.34.24.60.83\nTRIBUNAL JUDICIAIRE D'AVIGNON :R\u00e9f\u00e9rents : Sofia KASSIAdjointe administrativeScfj.tj.-avignon@justice.fr04.32.74.75.93\nPhilippe MARXAdjoint administratifScfj.tj.-avignon@justice.fr04.32.74.75.93\nTRIBUNAL JUDICIAIRE DE CARPENTRAS :R\u00e9f\u00e9rents : Catherine PERVIERSecr\u00e9taire administrativeSec.dg.tj-carpentras@justice.fr04.90.63.66.07Elodie DEVESAdjointe administrativeElodie.deves@justice.fr04.90.63.66.74Carole DEVINCENZIAdjointe administrativecarole.devincenzi@justice.fr04.90.63.66.73Suppl\u00e9ants : Nathalie NAVARRODirectrice de greffeDg.tj-carpentras@justice.fr04.90.63.66.17Kelly LOMBARDIDirectrice de greffe adjointeKelly.lombardi@justice.fr04.90.63.66.37\n \n \n \n \nPage 13 sur 19 \n \n \n- \n \n-  \n \n-  \n  \n-  \nCour d'Appel de N\u00eemes - 30-2025-04-10-00001 - D\u00e9l\u00e9gation de signature processus commande publique, frais de justice, interventions\net d\u00e9placements temporaires 16\nTRIBUNAL JUDICIAIRE DE MENDE :R\u00e9f\u00e9rents : Patricia FAIZANDIESecr\u00e9taire administrativesec.pr.tj-mende@justice.fr04.66.65.79.12\nTRIBUNAL JUDICIAIRE DE PRIVAS :R\u00e9f\u00e9rent :\nSuppl\u00e9ant :\nMarie-Denise SATICOUCHESecr\u00e9taire AdministrativeMarie.saticouche@justice.fr04.75.66.40.00B\u00e9atrice ALETDirectrice de greffedg.tj-privas@justice.fr04.75.66.40.41\nArticle 5 - Dans le cadre du processus des demandes d'intervention, sont habilit\u00e9s \u00e0 saisir et \u00e0valider les demandes de subvention dans l'application Chorus Formulaires :R\u00e9f\u00e9rent :\nSuppl\u00e9ants :\nFlora REDONSecr\u00e9taire Administratif, gestionnaire budgetResponsable de la gestion budg\u00e9taireflora.redon@justice.fr04.66.70.35.03Guillaume YESELNICKResponsable de la gestion budg\u00e9taireRgb.sar.ca-nimes@justice.fr04.66.70.35.12Catherine BINOTSecr\u00e9taire Administratif, gestionnaire budgetrgba.sar.ca-nimes@justice.fr04.66.70.35.15Yves FORMASecr\u00e9taire administratif, responsable de la gestion budg\u00e9taire adjointRgbmp.sar.ca-nimes@justice.fr04.66.70.35.09\nArticle 6 - Dans le cadre du processus des d\u00e9placements temporaires, sont habilit\u00e9s \u00e0cr\u00e9er, v\u00e9rifier et \u00e0 pr\u00e9-valider les ordres de mission et \u00e0 cr\u00e9er et a v\u00e9rifier les \u00e9tats defrais de d\u00e9placement des magistrats, fonctionnaires et agents contractuels dansl'application Chorus-DT :\n \n \n \n \nPage 14 sur 19 \n \n \n \n \n- \n- \n \n-  \n-  \n \nCour d'Appel de N\u00eemes - 30-2025-04-10-00001 - D\u00e9l\u00e9gation de signature processus commande publique, frais de justice, interventions\net d\u00e9placements temporaires 17\nR\u00e9f\u00e9rents : Nina LAFUENTESecr\u00e9taire administrative au SARd\u00e9placements.sar.ca-nimes@justice.frT\u00e9l : 04.66.70.35.07Corinne FRANCOSecr\u00e9taire Administratif, gestionnaire budgetRecouvrement.sar.ca-nimes@justice.fr04.66.70.35.11Suppl\u00e9ants : Florence BROCHARDDirectrice d\u00e9l\u00e9gu\u00e9e \u00e0 l'Administration R\u00e9gionale JudiciaireDdarj.sar.ca-nimes@justice.fr04.66.70.35.08Guillaume YESELNICKResponsable de la gestion budg\u00e9taireRgb.sar.ca-nimes@justice.fr04.66.70.35.12Vincent BOYERResponsable de la gestion des ressources humainesRgrh.sar.ca-nimes@justice.fr04.66.70.35.05Vincent COULONResponsable de la gestion informatiqueRgi.sar.ca-nimes@justice.fr04.66.70.35.18\nCharl\u00e8ne BOUTYResponsable de la gestion du patrimoine immobilierRgpi.sar.ca-nimes@justice.fr04.66.70.35.26Fr\u00e9d\u00e9ric LAUGIERResponsable de la gestion de la formationRef.sar.ca-nimes@justice.fr04.66.70.35.04\nArticle 7 - Dans le cadre du processus des d\u00e9placements temporaires, sont habilit\u00e9s \u00e0 v\u00e9rifieret \u00e0 pr\u00e9-valider les \u00e9tats de frais de d\u00e9placement des magistrats, fonctionnaires et agentscontractuels dans l'application Chorus-DT en qualit\u00e9 de gestionnaire contr\u00f4leur :\nR\u00e9f\u00e9rents : Nina LAFUENTESecr\u00e9taire administrative au SARD\u00e9placements.sar.ca-nimes@justice.frT\u00e9l : 04.66.70.35.07\n \n \n \n \nPage 15 sur 19 \n \n-  \n \n-  \n \n-  \n \nCour d'Appel de N\u00eemes - 30-2025-04-10-00001 - D\u00e9l\u00e9gation de signature processus commande publique, frais de justice, interventions\net d\u00e9placements temporaires 18\nSuppl\u00e9ants :\nCorinne FRANCOSecr\u00e9taire Administratif, gestionnaire budgetRecouvrement.sar.ca-nimes@justice.fr04.66.70.35.11Florence BROCHARDDirectrice d\u00e9l\u00e9gu\u00e9e \u00e0 l'Administration R\u00e9gionale JudiciaireDdarj.sar.ca-nimes@justice.fr04.66.70.35.08\nGuillaume YESELNICKResponsable de la gestion budg\u00e9taireRgb.sar.ca-nimes@justice.fr04.66.70.35.12Vincent BOYERResponsable de la gestion des ressources humainesRgrh.sar.ca-nimes@justice.fr04.66.70.35.05Vincent COULONResponsable de la gestion informatiqueRgi.sar.ca-nimes@justice.fr04.66.70.35.18Charlene BOUTYResponsable de la gestion du patrimoine immobilierRgpi.sar.ca-nimes@justice.fr04.66.70.35.26Fr\u00e9d\u00e9ric LAUGIERResponsable de la gestion de la formationRgf.sar.ca-nimes@justice.fr04.66.70.35.04\nArticle 8 - Dans le cadre du processus des d\u00e9placements temporaires, sont habilit\u00e9s \u00e0 validerles ordres de mission des magistrats, fonctionnaires et agents contractuels dans l'applicationChorus-DT et en dehors de l'application Chorus-DT :R\u00e9f\u00e9rents : Nina LAFUENTESecr\u00e9taire administrative au SARD\u00e9placements.sar.ca-nimes@justice.frT\u00e9l : 04.66.70.35.07Corinne FRANCOSecr\u00e9taire Administratif, gestionnaire budgetRecouvrement.sar.ca-nimes@justice.fr04.66.70.35.11\n \n \n \n \nPage 16 sur 19 \n \n-  \n \n-  \nCour d'Appel de N\u00eemes - 30-2025-04-10-00001 - D\u00e9l\u00e9gation de signature processus commande publique, frais de justice, interventions\net d\u00e9placements temporaires 19\nSuppl\u00e9ants : Florence BROCHARDDirectrice d\u00e9l\u00e9gu\u00e9e \u00e0 l'Administration R\u00e9gionale JudiciaireDdarj.sar.ca-nimes@justice.fr04.66.70.35.08Guillaume YESELNICKResponsable de la gestion budg\u00e9taireRgb.sar.ca-nimes@justice.fr04.66.70.35.12Vincent BOYERResponsable de la gestion des ressources humainesRgrh.sar.ca-nimes@justice.fr04.66.70.35.05Vincent COULONResponsable de la gestion informatiqueRgi.sar.ca-nimes@justice.fr04.66.70.35.18Charlene BOUTYResponsable de la gestion du patrimoine immobilierRgpi.sar.ca-nimes@justice.fr04.66.70.35.26Fr\u00e9d\u00e9ric LAUGIERResponsable de la gestion de la formationRef.sar.ca-nimes@justice.fr04.66.70.35.04\nArticle 9 - Dans le cadre du processus des d\u00e9placements temporaires, sont habilit\u00e9s a certifieret a valider les \u00e9tats de frais de d\u00e9placement des magistrats, fonctionnaires et agentscontractuels dans l'application Chorus-DT et en dehors de l'application Chorus-DT :R\u00e9f\u00e9rents :\nSuppl\u00e9ants :\nNina LAFUENTESecr\u00e9taire administrative au SARd\u00e9placements.sar.ca-nimes@justice.fr04.66.70.35.07Corinne FRANCOSecr\u00e9taire Administratif, gestionnaire budgetRecouvrement.sar.ca-nimes@justice.fr04.66.70.35.11\nFlorence BROCHARDDirectrice d\u00e9l\u00e9gu\u00e9e \u00e0 l'Administration R\u00e9gionale JudiciaireDdarj.sar.ca-nimes@justice.fr04.66.70.35.08\n \n \n \n \nPage 17 sur 19 \n \n-  \n \n-  \n-  \nCour d'Appel de N\u00eemes - 30-2025-04-10-00001 - D\u00e9l\u00e9gation de signature processus commande publique, frais de justice, interventions\net d\u00e9placements temporaires 20\nGuillaume YESELNICKResponsable de la gestion budg\u00e9taireRgb.sar.ca-nimes@justice.fr04.66.70.35.12Vincent BOYERResponsable de la gestion des ressources humainesRgrh.sar.ca-nimes@ijustice.fr04.66.70.35.05\nVincent COULONResponsable de la gestion informatiqueRgi.sar.ca-nimes@justice.fr04.66.70.35.18Charlene BOUTYResponsable de la gestion du patrimoine immobilierRgpi.sar.ca-nimes@justice.fr04.66.70.35.26Fr\u00e9d\u00e9ric LAUGIERResponsable de la gestion de la formationRgf.sar.ca-nimes@justice.fr04.66.70.35.04\nArticle 10 - Dans le cadre du processus des d\u00e9placements temporaires, sont habilit\u00e9s acontr\u00f4ler et \u00e0 valider les relev\u00e9s de facture du voyagiste dans l'application Chorus-DT :R\u00e9f\u00e9rent : Nina LAFUENTESecr\u00e9taire administrative au SARd\u00e9placements.sar.ca-nimes@justice.fr04.66.70.35.07\nCorinne FRANCOSecr\u00e9taire Administratif, gestionnaire budgetRecouvrement.sar.ca-nimes@justice.fr04.66.70.35.11Suppl\u00e9ants : Guillaume YESELNICKResponsable de la gestion budg\u00e9taireRgb.sar.ca-nimes@justice.fr04.66.70.35.12Catherine BINOTSecr\u00e9taire Administratif, gestionnaire budgetRgba.sar.ca-nimes@justice.fr04.66.70.35.15Yves FORMASecr\u00e9taire administratif, responsable de la gestion budg\u00e9taire adjointRgbmp.sar.ca-nimes@justice.fr04.66.70.35.09\n \n \n \n \nPage 18 sur 19 \n \n \n-  \n-  \nCour d'Appel de N\u00eemes - 30-2025-04-10-00001 - D\u00e9l\u00e9gation de signature processus commande publique, frais de justice, interventions\net d\u00e9placements temporaires 21\nFlorence BROCHARDDirectrice d\u00e9l\u00e9gu\u00e9e a l'Administration R\u00e9gionale JudiciaireDdarj.sar.ca-nimes@justice.fr04.66.70.35.08Article 11 - Dans le cadre du processus des d\u00e9placements temporaires, sont habilit\u00e9s a g\u00e9rer lestrois enveloppes de moyens dans l'application Chorus-DT :R\u00e9f\u00e9rents : Nina LAFUENTESecr\u00e9taire administrative au SARD\u00e9placements.sar.ca-nimes@justice.fr04.66.70.35.07Florence BROCHARDDirectrice d\u00e9l\u00e9gu\u00e9e \u00e0 l'Administration R\u00e9gionale JudiciaireDdarj.sar.ca-nimes@justice.fr04.66.70.35.08\nGuillaume YESELNICKResponsable de la gestion budg\u00e9taireRgb.sar.ca-nimes@justice.fr04.66.70.35.12Corinne FRANCOSecr\u00e9taire Administratif, gestionnaire budgetRecouvrement.sar.ca-nimes@justice.fr04.66.70.35.11\nLa pr\u00e9sente d\u00e9cision remplace la d\u00e9cision du 27 mars 2025Elle sera communiqu\u00e9e aux personnes nomm\u00e9es ci-dessus, aux chefs de juridiction et auxdirecteurs de greffe des juridictions du ressort de la cour d'appel, au personnel du serviceadministratif r\u00e9gional de ladite cour.\nFait a Nimes, le 10 avril 2025\nLE PROCUREUR GENERAL LE PREMIER PRESIDENT,\nXavier BONHOMME Eric BIENKO VEL BIENEK\n \n \n \n \nPage 19 sur 19 \n \n \n-  \n  \nCour d'Appel de N\u00eemes - 30-2025-04-10-00001 - D\u00e9l\u00e9gation de signature processus commande publique, frais de justice, interventions\net d\u00e9placements temporaires 22\nPrefecture du Gard\n30-2025-04-28-00001\nArr\u00eat\u00e9 confiant la suppl\u00e9ance de M. J\u00e9r\u00f4me\nBONET pr\u00e9fet du Gard, le mardi 6 mai 2025 de\nhuit heures \u00e0 vingt trois heures\nPrefecture du Gard - 30-2025-04-28-00001 - Arr\u00eat\u00e9 confiant la suppl\u00e9ance de M. J\u00e9r\u00f4me BONET pr\u00e9fet du Gard, le mardi 6 mai 2025\nde huit heures \u00e0 vingt trois heures 23\nEuPREFETDU GARDLibert\u00e9Egalit\u00e9Fraternit\u00e9\nDirection de la citoyennet\u00e9, de la l\u00e9galit\u00e9 et de la coordination\nService de la coordination, des politiques publiques et de l'appui territorial \nArr\u00eat\u00e9 n\u00b0 30-2025-04-28-00001\nconfiant la suppl\u00e9ance de M. J\u00e9r\u00f4me BONET, pr\u00e9fet du Gard\nle mardi 6 mai 2025, de huit heures \u00e0 vingt-trois heures \nLe pr\u00e9fet du Gard\nChevalier de la L\u00e9gion d'honneur,\nChevalier de l'ordre national du M\u00e9rite \nVu la  loi  n\u00b0  82-213  du  2  mars  1982  relative  aux  droits  et  libert\u00e9s  des  communes,  des \nd\u00e9partements et des r\u00e9gions, \nVu la  loi  d'orientation  n\u00b092-125  du  6  f\u00e9vrier  1992  modifi\u00e9e  relative  \u00e0  l'administration  \nterritoriale de la R\u00e9publique ;\nVu l e  d\u00e9cret  n\u00b0  2004-374  du  29  avril  2004  modifi\u00e9  relatif  aux  pouvoirs  des  pr\u00e9fets,  \u00e0 \nl'organisation et \u00e0 l'action des services de l'Etat dans les r\u00e9gions et d\u00e9partements ;\nVu le d\u00e9cret n\u00b0 2008-158 du 22 f\u00e9vrier  2008 relatif \u00e0 la suppl\u00e9ance des pr\u00e9fets de r\u00e9gion et \u00e0  \nla  d\u00e9l\u00e9gation  de  signature  des  pr\u00e9fets  et  des  hauts  commissaires  de  la  R\u00e9publique  en \nPolyn\u00e9sie fran\u00e7aise et en Nouvelle-Cal\u00e9donie, \nVu le d\u00e9cret n\u00b0 2009-176 du 16 f\u00e9vrier 2009 modifiant le d\u00e9cret n\u00b0 64-805 du 29 juillet 1964  \nfixant les dispositions r\u00e9glementaires applicables aux pr\u00e9fets,\nVu le d\u00e9cret n\u00b0 2015-510 du 7 mai 2015 portant charte de la d\u00e9concentration ;\nVu le d\u00e9cret du 13 juillet 2023 nommant M. J\u00e9r\u00f4me BONET, pr\u00e9fet du Gard ;\nVu le d\u00e9cret du 22 ao\u00fbt 2023 nommant M. Emile SOUMBO, sous-pr\u00e9fet d'Al\u00e8s ; \nSur proposition du secr\u00e9taire g\u00e9n\u00e9ral de la pr\u00e9fecture du Gard ;\nARRETE\nArticle 1er :  M. Emile SOUMBO, en sa qualit\u00e9 de sous-pr\u00e9fet de l'arrondissement d'Al\u00e8s, est  \ncharg\u00e9 d'assurer la suppl\u00e9ance de  M. J\u00e9r\u00f4me BONET , pr\u00e9fet du Gard, pour la p\u00e9riode  du \nmardi 6 mai 2025, de huit heures \u00e0 vingt-trois heures.\nArticle 2  : D\u00e9l\u00e9gation de signature est donn\u00e9e, \u00e0 ce titre, \u00e0  M. Emile SOUMBO  en toutes  \nmati\u00e8res relevant des attributions du repr\u00e9sentant de l'\u00c9tat dans le d\u00e9partement du Gard \u00e0  \nl'effet d'exercer pleinement cette responsabilit\u00e9.\nArticle 3 : Le pr\u00e9sent arr\u00eat\u00e9 prend effet \u00e0 compter du mardi 6 mai 2025 \u00e0 huit heures.\nArticle 4 : M. J\u00e9r\u00f4me BONET, pr\u00e9fet du Gard, et M. Emile SOUMBO, sous-pr\u00e9fet d\u00e9sign\u00e9 pour \nsa suppl\u00e9ance, sont  charg\u00e9s, chacun en ce qui le concerne, de l'ex\u00e9cution du pr\u00e9sent arr\u00eat\u00e9  \nqui sera publi\u00e9 au recueil des actes administratifs de la pr\u00e9fecture\nN\u00eemes, le 28 avril 2025\nLe pr\u00e9fet,\nsign\u00e9\n   J\u00e9r\u00f4me BONET\nPrefecture du Gard - 30-2025-04-28-00001 - Arr\u00eat\u00e9 confiant la suppl\u00e9ance de M. J\u00e9r\u00f4me BONET pr\u00e9fet du Gard, le mardi 6 mai 2025\nde huit heures \u00e0 vingt trois heures 24\nPrefecture du Gard\n30-2025-04-28-00002\nArr\u00eat\u00e9 donnant d\u00e9l\u00e9gation de signature \u00e0 M.\njean-Louis BIOU, directeur de la citoyennet\u00e9, de\nla l\u00e9galit\u00e9 et de la coordination \u00e0 la pr\u00e9fecture\ndu Gard\nPrefecture du Gard - 30-2025-04-28-00002 - Arr\u00eat\u00e9 donnant d\u00e9l\u00e9gation de signature \u00e0 M. jean-Louis BIOU, directeur de la citoyennet\u00e9,\nde la l\u00e9galit\u00e9 et de la coordination \u00e0 la pr\u00e9fecture du Gard 25\nExPREFETDU GARDLibert\u00e9Egalit\u00e9Fraternit\u00e9\nDirection de la citoyennet\u00e9, de la l\u00e9galit\u00e9 et de la coordination\nService de la coordination des politiques publiques et de l'appui territorial\nArr\u00eat\u00e9\ndonnant d\u00e9l\u00e9gation de signature \u00e0 M. Jean-Louis BIOU,\ndirecteur de la citoyennet\u00e9, de la l\u00e9galit\u00e9 et de la coordination\n\u00e0 la pr\u00e9fecture du Gard\nLe pr\u00e9fet du Gard\nChevalier de la L\u00e9gion d'honneur,\nChevalier de l'ordre national du M\u00e9rite \nVu la  loi  n\u00b0  82-213  du  2  mars  1982  relative  aux  droits  et  libert\u00e9s  des  communes,  des \nd\u00e9partements et des r\u00e9gions, notamment son article 34,\nVu le d\u00e9cret n\u00b0 97-34 du 15 janvier 1997 modifi\u00e9 relatif \u00e0 la d\u00e9concentration des d\u00e9cisions  \nadministratives individuelles,\nVu l e  d\u00e9cret  n\u00b0  2004-374  du  29  avril  2004  modifi\u00e9  relatif  aux  pouvoirs  des  pr\u00e9fets,  \u00e0 \nl'organisation et \u00e0 l'action des services de l'Etat dans les r\u00e9gions et d\u00e9partements,\nVu le d\u00e9cret n\u00b0 2008-158 du 22 f\u00e9vrier  2008 relatif \u00e0 la suppl\u00e9ance des pr\u00e9fets de r\u00e9gion et \u00e0  \nla  d\u00e9l\u00e9gation  de  signature  des  pr\u00e9fets  et  des  hauts  commissaires  de  la  R\u00e9publique  en \nPolyn\u00e9sie fran\u00e7aise et en Nouvelle-Cal\u00e9donie, \nVu le d\u00e9cret n\u00b0 2009-176 du 16 f\u00e9vrier 2009 modifiant le d\u00e9cret n\u00b0 64-805 du 29 juillet 1964  \nfixant les dispositions r\u00e9glementaires applicables aux pr\u00e9fets,\nVu le d\u00e9cret n\u00b0 2015-510 du 7 mai 2015 portant charte de la d\u00e9concentration ;\nVu le d\u00e9cret du 13 juillet 2023 nommant M. J\u00e9r\u00f4me BONET, pr\u00e9fet du Gard ;\nVu l'arr\u00eat\u00e9 30-2024-08-28-00003 du 28 ao\u00fbt 2024 portant organisation en directions, services  \net bureaux de la pr\u00e9fecture du Gard ;\nVu l'arr\u00eat\u00e9 du ministre de l'int\u00e9rieur du 27 juillet 2023 portant affectation de M. Jean-Louis \nBIOU, conseiller d'administration de l'int\u00e9rieur et de l'outre-mer, \u00e0 la pr\u00e9fecture du Gard -  \nsecr\u00e9tariat g\u00e9n\u00e9ral - direction de la citoyennet\u00e9 et de la coordination, \u00e0 compter du 1 er \nseptembre 2023 ; \nVu la note de service du pr\u00e9fet du Gard du 4 septembre 2023 portant affectation de M. Jean-\nLouis BIOU  en qualit\u00e9 de  directeur de la citoyennet\u00e9, de la l\u00e9galit\u00e9  et de la coordination  \n(DCLC), \u00e0 la pr\u00e9fecture du Gard ;\nSur proposition du secr\u00e9taire g\u00e9n\u00e9ral de la pr\u00e9fecture du Gard ;\nPrefecture du Gard - 30-2025-04-28-00002 - Arr\u00eat\u00e9 donnant d\u00e9l\u00e9gation de signature \u00e0 M. jean-Louis BIOU, directeur de la citoyennet\u00e9,\nde la l\u00e9galit\u00e9 et de la coordination \u00e0 la pr\u00e9fecture du Gard 26\nArr\u00eate \nArticle  1er : D\u00e9l\u00e9gation  de  signature  est  donn\u00e9e  \u00e0 M.  Jean-Louis  BIOU,  directeur  de  la \ncitoyennet\u00e9, de la l\u00e9galit\u00e9 et de la coordination  \u00e0 l'effet de signer toutes d\u00e9cisions relevant  \ndes attributions de la direction, \u00e0 l'exception des documents suivants :\n\u2022 convocations des \u00e9lecteurs,\n\u2022 arr\u00eat\u00e9s en mati\u00e8re d'annonces l\u00e9gales,\n\u2022 arr\u00eat\u00e9s portant composition des jurys d'assises\n\u2022 arr\u00eat\u00e9s attributifs de diverses dotations et subventions,\n\u2022 arr\u00eat\u00e9s modifiant les circonscriptions territoriales des communes,\n\u2022 arr\u00eat\u00e9s portant cr\u00e9ation, modification et dissolution des \u00e9tablissements publics de  \ncoop\u00e9ration intercommunale et syndicats mixtes,\n\u2022 arr\u00eat\u00e9s de d\u00e9claration d'utilit\u00e9 publique et de cessibilit\u00e9,\n\u2022 saisines de la chambre r\u00e9gionale des comptes,\n\u2022 r\u00e9f\u00e9r\u00e9s et d\u00e9f\u00e9r\u00e9s (m\u00e9moires introductifs) devant le tribunal administratif et la cour  \nadministrative d'appel,\n\u2022 arr\u00eat\u00e9s  portant  cr\u00e9ation,  constitution  ou  renouvellement  des  commissions  \nr\u00e9glementaires,\n\u2022 arr\u00eat\u00e9s autorisant les installations class\u00e9es pour la protection de l'environnement.\nArticle 2: En mati\u00e8re financi\u00e8re, d\u00e9l\u00e9gation est donn\u00e9e \u00e0  M. Jean-Louis BIOU pour signer les  \nactes relatifs \u00e0 l'engagement, la liquidation et l'ordonnancement ainsi que les expressions de  \nbesoin et constatations des services faits pour les programmes suivants :\n\u2022 Programme  112  \u00abImpulsion  et  coordination  de  la  politique  d'am\u00e9nagement  du \nterritoire\u00bb - FNADT,\n\u2022 Programme  119 \u00abConcours  financiers  aux  collectivit\u00e9s  territoriales  et  \u00e0  leurs  \ngroupements\u00bb : soutien aux projets des communes et groupements de communes,  \ndotation d'\u00e9quipement des territoires ruraux,\n\u2022 Programme 122 \u00abConcours sp\u00e9cifiques et administration\u00bb  : aides exceptionnelles aux  \ncollectivit\u00e9s  territoriales,  calamit\u00e9s  publiques,  subventions  pour  travaux  divers \nd'int\u00e9r\u00eat local,\n\u2022 Programme  176 \u00ab  Police  Nationale \u00bb  -  action  2 \u00ab  s\u00e9curit\u00e9  et  paix  publiques \u00bb : \nindemnisation des gardiens de fourri\u00e8re,\n\u2022 Programme 212 \u00abSoutien de la politique de la d\u00e9fense\u00bb - FRED,\n\u2022 Programme 216 \u00abConduite et pilotage des politiques de l'int\u00e9rieur\u00bb - action 6 \u00ab Affaires \njuridiques et contentieuses \u00bb,\n\u2022 Programme 232 \u00abVie politique, cultuelle et associative\u00bb - \u00e9lections,\n\u2022 Programme 363 \" Plan de relance-Volet comp\u00e9titivit\u00e9\"\n\u2022 Programme 380 \u00abFonds d'acc\u00e9l\u00e9ration de la transition \u00e9cologique dans les territoires\u00bb,\n\u2022 Programme  754 \u00ab  Contribution  \u00e0  l'\u00e9quipement  des  collectivit\u00e9s  territoriales  pour \nl'am\u00e9lioration des transports en commun, de la s\u00e9curit\u00e9 et de la circulation routi\u00e8re  \u00bb : \namendes de police.\nArticle  3 :  En  cas  d'absence  ou  d'emp\u00eachement  de  M.  Jean-Louis  BIOU, d\u00e9l\u00e9gation  de \nsignature, pour toutes d\u00e9cisions relevant des attributions des services, ci-apr\u00e8s d\u00e9finis, est  \ndonn\u00e9e \u00e0 :\nPrefecture du Gard - 30-2025-04-28-00002 - Arr\u00eat\u00e9 donnant d\u00e9l\u00e9gation de signature \u00e0 M. jean-Louis BIOU, directeur de la citoyennet\u00e9,\nde la l\u00e9galit\u00e9 et de la coordination \u00e0 la pr\u00e9fecture du Gard 27\n\uf0d8  Mme B\u00e9reng\u00e8re SOULAGES-PIONCHON, attach\u00e9e principale, chef du service des \n\u00e9lections, de la r\u00e9glementation g\u00e9n\u00e9rale et de l'environnement et, en son absence ou \nen cas d'emp\u00eachement, M. Eric LANSADE, attach\u00e9 d'administration de l'Etat chef du \nbureau de la r\u00e9glementation g\u00e9n\u00e9rale et de l'environnement ou Mme Laurence PEZET, \nsecr\u00e9taire administrative de classe exceptionnelle, cheffe du bureau des \u00e9lections ; \n\uf0d8 Mme Karine PRAT , attach\u00e9e principale, cheffe du service des collectivit\u00e9s et des \nfinances locales et de l'intercommunalit\u00e9 par interim, cheffe du bureau du contr\u00f4le \nde l\u00e9galit\u00e9 et en son absence ou en cas d'emp\u00eachement, Mme  Isabelle   BALAGUE,  \nsecr\u00e9taire administrative de classe exceptionnelle, cheffe du bureau des finances  \nlocales et de l'intercommunalit\u00e9 ;\n\uf0d8   Mme Nesrin YILMAZ, attach\u00e9e principale, cheffe du service de la coordination des \npolitiques  publiques  et  de  l'appui  territorial  et  en  son  absence  ou  en  cas  \nd'emp\u00eachement  Mme  Laurence  RAGOIN,  attach\u00e9e  d'administration  de  l'Etat  \ncharg\u00e9e de mission politiques publiques prioritaires,  Mme Agn\u00e8s TEXIER , attach\u00e9e  \nprincipale  d'administration de l'Etat  charg\u00e9e de mission solidarit\u00e9s, sites et culture,  \nMme  Nathalie  BRICHLER-CHICHIGNOUD,  attach\u00e9e  d'administration  de  l'Etat  \ncharg\u00e9e de mission des territoires, Mme Sylvie QUINTIN, attach\u00e9e d'administration  \nde l'Etat charg\u00e9e de mission d\u00e9veloppement \u00e9conomique et num\u00e9rique, Mme  Anne  \nFILALI,  secr\u00e9taire  administrative  de  classe  sup\u00e9rieure,  cheffe  de  la  section  \ncoordination administrative interne.\npour signer, dans la limite des attributions relevant de leur service respectif, tous documents, \nhors les exceptions vis\u00e9es \u00e0 l'article 1er.\nArticle 4 : En cas d'absence ou d'emp\u00eachement de M. Jean-Louis BIOU et de l'un de ses chefs  \nde service de la direction, les autres chefs de bureaux d\u00e9l\u00e9gataires pr\u00e9sents ou les charg\u00e9s de  \nmission ont d\u00e9l\u00e9gation pour signer en lieu et place du directeur et dudit chef de service  \nconcern\u00e9.\nArticle 5 : En mati\u00e8re budg\u00e9taire, d\u00e9l\u00e9gation de signature est donn\u00e9e \u00e0 :\nObjet de la \nd\u00e9l\u00e9gation\nProgramme B\u00e9n\u00e9ficiaire en  tant qu'op\u00e9rateur CHORUS\n-Saisie des \nengagements \njuridiques\n-Constatation \ndu service \nfait\n176 ; 232 ; 216 \n(6)\nMme B\u00e9reng\u00e8re Soulages-Pionchon ; M. Eric Lansade ; Mme \nLaurence Pezet ; M. Tarik Agouram, Mme H\u00e9l\u00e8ne Lambert ; \nMme Florence Teissier\n112 ; 119 ;122 ; \n216 (6) ; 754\nM. Christophe Malaval ; Mme Isabelle Ballagu\u00e9 ; Mme Karine \nPrat ; Mme Cristel Gaubiac, Mme Agn\u00e8s Mateo, M. Laurent \nRouvi\u00e8re \n112 ; 119, 122, \n212 ; 363 ; 380\nMme Nesrtin Yilmaz ; Mme Laurence Ragoin ; Mme Nathalie \nBrichler-Chichignoud ; Mme Agn\u00e8s Texier ; Mme Sylvie \nQuintin ; M. Marc Compan ; Mme B\u00e9n\u00e9dicte Chevron ; Mme \nCarole Turut\nArticle 6  :  En mati\u00e8re budg\u00e9taire, d\u00e9l\u00e9gation de signature est donn\u00e9e \u00e0  M. Laurent JULITA,  \nsecr\u00e9taire administratif de classe sup\u00e9rieure, pour la saisie dans Chorus des engagements  \njuridiques  et  la  constation  du  service  fait  pour  les  dossiers  relevant  du  Programme  216 \n\u00abConduite  et  pilotage  des  politiques  de  l'int\u00e9rieur\u00bb -  action  6 \u00ab Affaires  juridiques  et \nPrefecture du Gard - 30-2025-04-28-00002 - Arr\u00eat\u00e9 donnant d\u00e9l\u00e9gation de signature \u00e0 M. jean-Louis BIOU, directeur de la citoyennet\u00e9,\nde la l\u00e9galit\u00e9 et de la coordination \u00e0 la pr\u00e9fecture du Gard 28\ncontentieuses \u00bb, instruits et transmis par le service des migrations et de l'int\u00e9gration ; apr\u00e8s  \nvalidation de M. Jean-Louis BIOU.\nArticle 7:  L'arr\u00eat\u00e9 n\u00b0 30-2025-04-07-00002 du 7 avril 2025 donnant d\u00e9l\u00e9gation de signature \u00e0 \nM. Jean-Louis BIOU ,   directeur de la citoyennet\u00e9, de la l\u00e9galit\u00e9  et de la coordination, \u00e0  la  \npr\u00e9fecture du Gard est abrog\u00e9.\nArticle 8 : Le pr\u00e9sent arr\u00eat\u00e9 prend effet \u00e0 compter du 1er mai 2025.\nArticle 9 : Le secr\u00e9taire g\u00e9n\u00e9ral de la pr\u00e9fecture du Gard est charg\u00e9 de l'ex\u00e9cution du pr\u00e9sent \narr\u00eat\u00e9 qui sera publi\u00e9 au recueil des actes administratifs de la pr\u00e9fecture.\nN\u00eemes, le 28 avril 2025\n   Le pr\u00e9fet     \n  \n           sign\u00e9 \n  J\u00e9r\u00f4me BONET\nPrefecture du Gard - 30-2025-04-28-00002 - Arr\u00eat\u00e9 donnant d\u00e9l\u00e9gation de signature \u00e0 M. jean-Louis BIOU, directeur de la citoyennet\u00e9,\nde la l\u00e9galit\u00e9 et de la coordination \u00e0 la pr\u00e9fecture du Gard 29\nPrefecture du Gard\n30-2025-04-28-00003\nArr\u00eat\u00e9 portant autorisation de repr\u00e9sentation\ndevant les juridictions administratives\nPrefecture du Gard - 30-2025-04-28-00003 - Arr\u00eat\u00e9 portant autorisation de repr\u00e9sentation devant les juridictions administratives 30\nEuPREFETDU GARDLibert\u00e9\u00c9galit\u00e9Fraternit\u00e9\nDirection de la citoyennet\u00e9, de la l\u00e9galit\u00e9 et de la coordination\nService de la coordination des politiques publiques et de l'appui territorial\nArr\u00eat\u00e9\nportant autorisation de repr\u00e9sentation devant les juridictions administratives\nLe pr\u00e9fet du Gard\nChevalier de la L\u00e9gion d'honneur,\nChevalier de l'ordre national du M\u00e9rite \nVu le code de justice administrative, et notamment ses articles R431-7 et R431-10 ;\nVu le  d\u00e9cret  n\u00b02004-374  du  29  avril  2004  modifi\u00e9  relatif  aux  pouvoirs  des  pr\u00e9fets,  \u00e0 \nl'organisation et \u00e0 l'action des services de l'\u00c9tat dans les r\u00e9gions et d\u00e9partements ;\nVu le d\u00e9cret du 13 juillet 2023 nommant M. J\u00e9r\u00f4me BONET, pr\u00e9fet du Gard ; \nVu l'arr\u00eat\u00e9 du 28 ao\u00fbt 2024  publi\u00e9 au recueil des actes administratifs de la pr\u00e9fecture du  \nGard sous le n\u00b0 30-2024-08-28-00003 portant organisation en directions, services et bureaux  \nde la pr\u00e9fecture du Gard ;  \nSur proposition du secr\u00e9taire g\u00e9n\u00e9ral de la pr\u00e9fecture du Gard ;\nARRETE :\nArticle 1er \u2013 Les personnes ci-apr\u00e8s d\u00e9sign\u00e9es :\n\u27a2 Mme  Karine  PRAT,  attach\u00e9e  principale,  cheffe  du  service  des  collectivit\u00e9s,  des \nfinances et de l'intercommunalit\u00e9 par interim, cheffe du bureau du contr\u00f4le de l\u00e9galit\u00e9\n\u27a2 Mme Isabelle BALAGU\u00c9, secr\u00e9taire administrative de classe exceptionnelle, cheffe du \nbureau des finances locales et de l'intercommunalit\u00e9\n\u27a2 Mme V\u00e9ronique CHINAMA, secr\u00e9taire administrative de classe exceptionnelle\n\u27a2 M Alain DRUVENT, secr\u00e9taire administratif de classe normale\n\u27a2 Mme Isabelle FLIPO, secr\u00e9taire administratif de classe normale\n\u27a2 Mme Corine GAYOLA, secr\u00e9taire administrative de classe sup\u00e9rieure\n\u27a2 Mme Annick LAVIGNE, adjointe administrative principale 1\u00e8re classe\n\u27a2 Mme Agn\u00e8s MATTEO, secr\u00e9taire administrative de classe sup\u00e9rieure\n\u27a2 Mme B\u00e9atrice PRADIER, secr\u00e9taire administrative de classe sup\u00e9rieure\n\u27a2 Mme B\u00e9atrice VENTUJOL, secr\u00e9taire administrative de classe exceptionnelle\nsont autoris\u00e9es \u00e0 repr\u00e9senter le pr\u00e9fet du Gard aux audiences des juridictions administratives  \npour  toutes  les  affaires  relevant  de  la  comp\u00e9tence  de  la  pr\u00e9fecture,  en  mati\u00e8re  de  \ncontentieux relatifs au contr\u00f4le des actes et documents soumis au contr\u00f4le de l\u00e9galit\u00e9 et aux  \nd\u00e9cisions du pr\u00e9fet en mati\u00e8re d'intercommunalit\u00e9 dans lesquelles le pr\u00e9fet est partie en  \nqualit\u00e9 de repr\u00e9sentant de l'\u00c9tat.  \u00c0 cet effet, elles sont autoris\u00e9es \u00e0 \u00e9mettre toutes les  \nobservations n\u00e9cessaires lors des audiences devant ces juridictions.\nArticle 2  \u2013  Toutes dispositions ant\u00e9rieures relatives \u00e0 une autorisation de repr\u00e9sentation  \ndevant les juridictions administratives sont abrog\u00e9es.\nArticle 3 \u2013  Le pr\u00e9sent arr\u00eat\u00e9 prend effet \u00e0 compter du 1er mai 2025.\nArticle 4 \u2013 Le secr\u00e9taire g\u00e9n\u00e9ral de la pr\u00e9fecture est charg\u00e9 de l'ex\u00e9cution du pr\u00e9sent arr\u00eat\u00e9,  \nqui sera publi\u00e9 au recueil des actes administratifs de la pr\u00e9fecture.\nN\u00eemes, le 28 avril 2025\n  Le Pr\u00e9fet,\n                           sign\u00e9\n    J\u00e9r\u00f4me BONET\nPrefecture du Gard - 30-2025-04-28-00003 - Arr\u00eat\u00e9 portant autorisation de repr\u00e9sentation devant les juridictions administratives 31\nSous Pr\u00e9fecture d'Al\u00e8s\n30-2025-04-25-00002\nAP-25-04-54 du 25 avril 2025 portant mesures\ntemporaires sur la navigation int\u00e9rieure du\nRh\u00f4ne conc\u00e9d\u00e9 pour des exercices pompiers\nconduits par l'Unit\u00e9 d'Instruction et\nd'Intervention de la S\u00e9curit\u00e9 Civile N\u00b07 de\nBrignoles\nSous Pr\u00e9fecture d'Al\u00e8s - 30-2025-04-25-00002 - AP-25-04-54 du 25 avril 2025 portant mesures temporaires sur la navigation int\u00e9rieure\ndu Rh\u00f4ne conc\u00e9d\u00e9 pour des exercices pompiers conduits par l'Unit\u00e9 d'Instruction et d'Intervention de la S\u00e9curit\u00e9 Civile N\u00b07 de\nBrignoles\n32\nVoies Navigables de FrancePREFET Direction Territoriale Rh\u00f4ne Sa\u00f4neDU GARD \u2014_ _ ibn \u00c0 aLibert\u00e9 Unit\u00e9 Territoriale d'Itin\u00e9raireEgalit\u00e9 : Canal du Rh\u00f4ne \u00e0 S\u00e8teFraternit\u00e9\nAffaire suivie par : Joseph VIOLLINT\u00e9l. : 04 90 96 91 37Uti.crs-navigation@vnf.fr\nARR\u00caT\u00c9 PREFECTORAL n\u00b0 25-04-54 du 25 avril 2025Portant mesures temporaires sur la navigation int\u00e9rieure du Rh\u00f4ne conc\u00e9d\u00e9pour des exercices pompiers conduits parl'Unit\u00e9 d'instruction et d'Intervention de la S\u00e9curit\u00e9 Civile N\u00b07 de Brignoles.\nLe pr\u00e9fet du Gard,chevalier de la L\u00e9gion d'honneur,chevalier de l'ordre national du M\u00e9rite,\nVu le code des transports et notamment son article A. 4241-26 ;Vu l'arr\u00eat\u00e9 du 28 juin 2013 modifi\u00e9 portant r\u00e8glement g\u00e9n\u00e9ral de police de la navigationint\u00e9rieure (RGPNI) en vigueur ;Vu l'arr\u00eat\u00e9 inter-pr\u00e9fectoral portant r\u00e8glement particulier de police de la navigation int\u00e9rieuresur itin\u00e9raire Rh\u00f4ne et Sa\u00f4ne \u00e0 grand gabarit en vigueur ;Vu les mesures temporaires pr\u00e9par\u00e9es par la Compagnie Nationale du Rh\u00f4ne (CNR)concessionnaire et port\u00e9es sur l'avis a batellerie annex\u00e9 au pr\u00e9sent arr\u00eat\u00e9 ;Vu l'arr\u00eat\u00e9 pr\u00e9fectoral n\u00b030-2024-10-18-00007 du 18 octobre 2024 donnant d\u00e9l\u00e9gation designature \u00e0 M. Emile Soumbo, sous-pr\u00e9fet de l'arrondissement d'Al\u00e8s ;Consid\u00e9rant la demande de l'Unit\u00e9 d'instruction et d' Intervention de la S\u00e9curit\u00e9 Civile N\u00b07 deBrignoles en date du 10 mars 2025;Consid\u00e9rant le p\u00e9rim\u00e8tre des exercices, en territoire gardois, con\u00e7us par l'Unit\u00e9 d'instruction etd'intervention de la S\u00e9curit\u00e9 Civile N\u00b07 de Brignoles (UIISC7) ;Consid\u00e9rant la comp\u00e9tence du pr\u00e9fet de d\u00e9partement pour prendre toute mesure temporairesur la navigation int\u00e9rieure en mati\u00e8re d'exercices ;Sur proposition du chef de l'unit\u00e9 territoriale d'itin\u00e9raire du canal du Rh\u00f4ne \u00e0 S\u00e8te des voiesnavigables de France ;\n1 Quai de la gare maritime - 13200 ArlesT\u00e9l : 04 90 96 00 85 - www.vnf.fr\nSous Pr\u00e9fecture d'Al\u00e8s - 30-2025-04-25-00002 - AP-25-04-54 du 25 avril 2025 portant mesures temporaires sur la navigation int\u00e9rieure\ndu Rh\u00f4ne conc\u00e9d\u00e9 pour des exercices pompiers conduits par l'Unit\u00e9 d'Instruction et d'Intervention de la S\u00e9curit\u00e9 Civile N\u00b07 de\nBrignoles\n33\nARRETE:\nARTICLE 1 : mesures temporairesEn raison d'exercices pompiers, sur le Rh\u00f4ne conc\u00e9d\u00e9 \u00e0 la CNR en territoire gardois, conduitssous l'autorit\u00e9 de l'Unit\u00e9 d'instruction et d'Intervention de la S\u00e9curit\u00e9 Civile N\u00b07 de Brignolles,les mesures temporaires port\u00e9es sur avis \u00e0 batellerie annex\u00e9 au pr\u00e9sent arr\u00eat\u00e9 sont prises pourles semaines 19 et 20 de l'ann\u00e9e civile 2025.L'avis \u00e0 batellerie annex\u00e9 au pr\u00e9sent arr\u00eat\u00e9 prescrit, en tout point le p\u00e9rim\u00e8tre fluvial ainsi queles plages horaires d'exercice pour chaque journ\u00e9e d'exercices pompiers.Article 2 : mesures de s\u00e9curit\u00e9 minimales eu \u00e9gard \u00e0 la navigation en transitDans le p\u00e9rim\u00e8tre de ses exercices objets du pr\u00e9sent arr\u00eat\u00e9, l'Unit\u00e9 d'instruction etd'intervention de la S\u00e9curit\u00e9 Civile N\u00b07 de Brignoles :- disposera une vigie permanente sur toute navigation en transit, montante comme avalante,ceci avant que celle-ci p\u00e9n\u00e8tre les secteurs de man\u0153uvres,- veillera sur la VHF canal 10 pour intercepter et r\u00e9pondre \u00e0 toute annonce faite par les usagers,- n'empruntera pas les zones, en tout temps interdites, \u00e0 la navigation et la nage par ler\u00e8glement particulier de police du Rh\u00f4ne,- naviguera au radar par visibilit\u00e9 r\u00e9duite dont le brouillard et la nuit p\u00e9riode comprise entre lecoucher et le lever du soleil, ceci dans les conditions du RGPNIet- d\u00e9gagera le chenal navigable pr\u00e9alablement \u00e0 tout transit fluvial tiers \u00e0 ses exercices, ceci dansles conditions du RGPNI.Article 3 : d\u00e9rogationsIl est d\u00e9rog\u00e9 \u00e0 l'interdiction de baignade, dans le canal de fuite de l'am\u00e9nagement deBeaucaire, stipul\u00e9e \u00e0 l'article 38 du R\u00e8glement particulier de police du Rh\u00f4ne, ceci au seulb\u00e9n\u00e9fice des nageurs des exercices de l'UIISC. Par d\u00e9rogation \u00e0 la signalisation de type A1 enplace, les embarcations de l'exercice pourront emprunter le vieux Rh\u00f4ne, ceci depuis l'aval deson seuil dit de Beaucaire et jusqu'\u00e0 sa confluence avec le Rh\u00f4ne plus en aval.Article 4 : prise d'effet et dur\u00e9eLes mesures du pr\u00e9sent.arr\u00eat\u00e9 prennent effet le :05/05/2025 de 10h00 \u00e0 18h0006/05/2025 de 07h00 \u00e0 18h0012/05/2025 de 10h00 \u00e0 18h0013/05/2025 de 07h00 \u00e0 18h0014/05/2025 de 07h00 \u00e0 18h0015/05/2025 de 07h00 \u00e0 12h00Article 5 : publicit\u00e9Le pr\u00e9sent arr\u00eat\u00e9 sera publi\u00e9 au recueil des actes administratifs de la pr\u00e9fecture du Gard. D\u00e9sparution du pr\u00e9sent arr\u00eat\u00e9, celui-ci sera \u00e9galement diffus\u00e9 dans les lignes de Voies Navigablesde France via avis \u00e0 la batellerie modificatif.\n1 Quai de la gare maritime - 13200 ArlesT\u00e9l : 04 90 96 00 85 - www.vnf.fr\nSous Pr\u00e9fecture d'Al\u00e8s - 30-2025-04-25-00002 - AP-25-04-54 du 25 avril 2025 portant mesures temporaires sur la navigation int\u00e9rieure\ndu Rh\u00f4ne conc\u00e9d\u00e9 pour des exercices pompiers conduits par l'Unit\u00e9 d'Instruction et d'Intervention de la S\u00e9curit\u00e9 Civile N\u00b07 de\nBrignoles\n34\nArticle 6 : voies de recours .Le pr\u00e9sent arr\u00eat\u00e9 peut faire l'objet d'un recours contentieux devant le tribunal administratif deN\u00eemes dans un d\u00e9lai de deux mois \u00e0 compter de sa publication, par voie postale (16, avenueFeuch\u00e8res, CS 88010, 30941 NIMES cedex 09) ou par l'interm\u00e9diaire de l'application \u00ab T\u00e9l\u00e9re-cours citoyen \u00bb accessible par le site Internet www.telerecours.fr.Article 7 : ex\u00e9cution de l'arr\u00eat\u00e9Le pr\u00e9fet du Gard, l'Unit\u00e9 d'Instruction et d'intervention de la S\u00e9curit\u00e9 Civile N\u00b07 de Brignolles,Voies Navigables de France et la Compagnie Nationale du Rh\u00f4ne sont charg\u00e9s, chacun en cequi le concerne, de l'ex\u00e9cution du pr\u00e9sent arr\u00eat\u00e9.\nLe pr\u00e9fet,Pour le pr\u00e9fet, et par d\u00e9l\u00e9gation,\n1 Quai de la gare maritime -13200 ArlesT\u00e9l : 04 90 96 00 85 - www.vnf.fr\nSous Pr\u00e9fecture d'Al\u00e8s - 30-2025-04-25-00002 - AP-25-04-54 du 25 avril 2025 portant mesures temporaires sur la navigation int\u00e9rieure\ndu Rh\u00f4ne conc\u00e9d\u00e9 pour des exercices pompiers conduits par l'Unit\u00e9 d'Instruction et d'Intervention de la S\u00e9curit\u00e9 Civile N\u00b07 de\nBrignoles\n35\noies.navigables 1/2_ AVIS A LA BATELLERIE N\u00b0 FR/2025/02560Pris en application :D\u00e9cret n\u00b0 2012-1556 du 28/12/2012 (mesures temporaires)Exercice (autres que militaires) (Semaine 19 et 20)Exercices pompiers de l'UIISC7S'annoncer par VHF (15 minutes pr\u00e9alablement \u00e0 l'entr\u00e9edans le secteur via la canal 10) ( tous les usagers - dans lesdeux sens) |- le 05/05/2025 de 10:00 \u00e0 18:00o Rh\u00f4neentre les pk 259.000 et pk 261.000 - Toute la largeur de la voieo Rh\u00f4neentre les pk 266.000 et pk 270.000 - Toute la largeur de la voiele 06/05/2025 de 07:00 \u00e0 18:00o Rh\u00f4neentre les pk 259.000 et pk 261.000o Rh\u00f4neentre les pk 266.000 et pk 270.000 - Toute la largeur de la voiele 12/05/2025 de 10:00 \u00e0 18:00o Rh\u00f4neentre les pk 259.000 et pk 261.000o Rh\u00f4neentre les pk 266.000 et pk 270.000 - Toute la largeur de la voiele 13/05/2025 de 07:00 \u00e0 18:00o Rh\u00f4neentre les pk 259.000 et pk 261.000o Rh\u00f4neentre les pk 266.000 et pk 270.000 - Toute la largeur de la voiele 14/05/2025 de 07:00 \u00e0 18:00o Rh\u00f4ne |entre les pk 259.000 et pk 261.000o Rh\u00f4neentre les pk 266.000 et pk 270.000 - Toute la largeur de la voiele 15/05/2025 de 07:00 \u00e0 12:00o Rh\u00f4neentre les pk 259.000 et pk 261.000o Rh\u00f4ne\nSous Pr\u00e9fecture d'Al\u00e8s - 30-2025-04-25-00002 - AP-25-04-54 du 25 avril 2025 portant mesures temporaires sur la navigation int\u00e9rieure\ndu Rh\u00f4ne conc\u00e9d\u00e9 pour des exercices pompiers conduits par l'Unit\u00e9 d'Instruction et d'Intervention de la S\u00e9curit\u00e9 Civile N\u00b07 de\nBrignoles\n36\nentre les pk 266.000 et pk 270.000 - Toute la largeur de la voie| 2/2Eviter les remous (en croisant les unit\u00e9s des exercicespompiers) ( tous les usagers - dans les deux sens )le 05/05/2025 de 10:00 \u00e0 18:00o Rh\u00f4neentre les pk 259.000 et pk 261.000 - Toute la largeur de la voieo Rh\u00f4neentre les pk 266.000 et pk 270.000 - Toute la largeur de la voiele 06/05/2025 de 07:00 \u00e0 18:00o Rh\u00f4neentre les pk 259.000 et pk 261.000o Rh\u00f4ne |entre les pk 266.000 et pk 270.000 - Toute la largeur de la voiele 12/05/2025 de 10:00 \u00e0 18:00o Rh\u00f4neentre les pk 259.000 et pk 261.000o Rh\u00f4neentre les pk 266.000 et pk 270.000 - Toute la largeur de la voiele 13/05/2025 de 07:00 \u00e0 18:00o Rh\u00f4neentre les pk 259.000 et pk 261.000o Rh\u00f4neentre les pk 266.000 et pk 270.000 - Toute la largeur de la voiele 14/05/2025 de 07:00 \u00e0 18:00o Rh\u00f4neentre les pk 259.000 et pk 261.000o Rh\u00f4neentre les pk 266.000 et pk 270.000 - Toute la largeur de la voiele 15/05/2025 de 07:00 \u00e0 12:00o Rh\u00f4neentre les pk 259.000 et pk 261.000o Rh\u00f4neentre les pk 266.000 et pk 270.000 - Toute la largeur de la voie\nCommentaire : |Les amplitudes horaires des exercices pompiers de la s\u00e9curit\u00e9 civile seront celles-ci :S19 : du 05/05/25 10h-18h00 au 06/05/2025 7h00-18h00S20 : du 12/05/2025 10h-18h, du 13 au 14/05/2025 07h00-17h00 au 15/05/2025 7h00 - 12h00Pour tout dysfonctionnement de la VHF, la chefferie des manoeuvres sera appel\u00e9e, en substituion, via l'un oul'autre de ces num\u00e9ros :- Lieutenant MANSARD au 06.82.92.14.02 pour la p\u00e9riode du 05 au 06/05/2025- Lieutenant WAY au 06.47.33.68.07 pour la p\u00e9riode du 12 au 15/05/2025Date: 25 AVR, 2095 le pr\u00e9fetLe so\nSous Pr\u00e9fecture d'Al\u00e8s - 30-2025-04-25-00002 - AP-25-04-54 du 25 avril 2025 portant mesures temporaires sur la navigation int\u00e9rieure\ndu Rh\u00f4ne conc\u00e9d\u00e9 pour des exercices pompiers conduits par l'Unit\u00e9 d'Instruction et d'Intervention de la S\u00e9curit\u00e9 Civile N\u00b07 de\nBrignoles\n37\nSous Pr\u00e9fecture d'Al\u00e8s\n30-2025-04-28-00004\nArr\u00eat\u00e9 N\u00b0 25-04-57 portant reconduction de\nl'autorisation d'exploitation d'une plateforme de\nd\u00e9collage pour a\u00e9ronefs ultra-l\u00e9gers motoris\u00e9s\nou ULM \u00e0 Souvignargues\nSous Pr\u00e9fecture d'Al\u00e8s - 30-2025-04-28-00004 - Arr\u00eat\u00e9 N\u00b0 25-04-57 portant reconduction de l'autorisation d'exploitation d'une\nplateforme de d\u00e9collage pour a\u00e9ronefs ultra-l\u00e9gers motoris\u00e9s ou ULM \u00e0 Souvignargues 38\nSous-pr\u00e9fecture d'Al\u00e8sPREFET :DU GARD bureau de l'environnementLibert\u00e9 | et des polices administratives\u00c9galit\u00e9Fraternit\u00e9\nArr\u00eat\u00e9 N\u00b02 S -DU- OFportant reconduction de l'autorisation d'exploitation d'une plateforme de d\u00e9collage poura\u00e9ronefs ultra-l\u00e9gers motoris\u00e9s ou ULM \u00e0 SOUVIGNARGUES\nLe pr\u00e9fet du Gardchevalier de la L\u00e9gion d'honneur,chevalier de l'ordre national du M\u00e9rite,\nLe pr\u00e9fet du Gard, chevalier de la L\u00e9gion d'Honneur,Vu le code de l'aviation civile et notamment les articles R132-1 et 2 et D 132-8,Vu le code des transports et notamment les articles R .6212-6 et R.6212-17,Vu le code des douanes ;Vu l'arr\u00eat\u00e9 du 22 f\u00e9vrier 1971, relatif \u00e0 la r\u00e9glementation de l'utilisation d'h\u00e9lisurfacesaux abords des a\u00e9rodromes,Vu l'arr\u00eat\u00e9 interminist\u00e9riel du 13 mars 1986 modifi\u00e9 fixant les conditions danslesquelles les a\u00e9rodynes ultra-l\u00e9gers motoris\u00e9s ou ULM peuvent atterrir et d\u00e9collerailleurs que sur un a\u00e9rodrome,Vu l'arr\u00eat\u00e9 interminist\u00e9riel en date du 23 septembre 1998 relatif aux ULM, modifi\u00e9 parles arr\u00eat\u00e9s du 15 mai 2001 et 4 mars 2004 ;Vu l'arr\u00eat\u00e9 du 24 juillet 1991 relatif aux conditions d'utilisation des a\u00e9ronefs civils enaviation g\u00e9n\u00e9rale,Vu l'arr\u00eat\u00e9 interminist\u00e9riel du 18 avril 2002 modifiant l'arr\u00eat\u00e9 du 20 avril 1998 portantouverture des a\u00e9rodromes au trafic international ;Vu l'arr\u00eat\u00e9 du 24 f\u00e9vrier 2012 relatif au bruit \u00e9mis par les a\u00e9ronefs ultral\u00e9gersmotoris\u00e9s ;Vu l'arr\u00eat\u00e9 pr\u00e9fectoral n\u00b030-2024-10-18-00007 du 18 octobre 2024 donnant d\u00e9l\u00e9gation designature \u00e0 M. Emile SOUMBO, sous-pr\u00e9fet de l'arrondissement d'Al\u00e9s ;\n3 boulevard Louis Blanc CS 20905 \u2014 30107 Al\u00e8s Cedex \u2014 T\u00e9l\u00e9phone :/04.66.56.39.39 T\u00e9l\u00e9copie : 04.66.86.20.26.Site internet : http://www.gard.gouv.fr\nSous Pr\u00e9fecture d'Al\u00e8s - 30-2025-04-28-00004 - Arr\u00eat\u00e9 N\u00b0 25-04-57 portant reconduction de l'autorisation d'exploitation d'une\nplateforme de d\u00e9collage pour a\u00e9ronefs ultra-l\u00e9gers motoris\u00e9s ou ULM \u00e0 Souvignargues 39\nVu l'arr\u00eat\u00e9 pr\u00e9fectoral n\u00b030-2023-03-30-00002 du 30 mars 2023 portant autorisationd'exploitation d'une plateforme de d\u00e9collage pour a\u00e9ronefs ultra-l\u00e9gers motoris\u00e9s ouULM \u00e0 M.GRENET Philippe sur la commune de Souvignargues pour une dur\u00e9e de 2 ans;Vu la demande pr\u00e9sent\u00e9e par M.Grenet Philippe, sis 215 chemin d'Aujargues \u00e0Villevieille (30250), pour le renouvellement de l'exploitation d'une plateforme Ulm \u00e0Souvignargues lieu dit \u00ab Grand Plantier \u00bb autoris\u00e9e par l'arr\u00eat\u00e9 pr\u00e9fectoral n\u00b030-2023-03-30-00002 du 30 mars 2023 ;Vu l'avis du directeur r\u00e9gional des douanes en date du 15 avril 2025 ;Vu l'avis du directeur de la s\u00e9curit\u00e9 de l'aviation civile Sud \u00e0 Blagnac, en date du27 mars 2025.Vu l'avis de la direction d\u00e9partementale des territoires et de la mer en date du 25mars 2025 ;Vu l'avis du contr\u00f4leur g\u00e9n\u00e9ral, directeur zonal de la police aux fronti\u00e8res Sud \u00e0Marseille, en date du 24 avril 2025 ;Vu l'avis du commandant de la zone a\u00e9rienne de d\u00e9fense sud en date du 26 mars2025 :Sur proposition du sous-pr\u00e9fet d'Al\u00e8s,ARRETE :\nArticle 1er : Monsieur GRENET Philippe, est autoris\u00e9 \u00e0 exploiter une plate-formeULM sur la commune de Souvignargues , au lieu-dit\u00abLe grand Plantier \u00bb .L'autorisation est accord\u00e9e pour une dur\u00e9e de cing ans renouvelable \u00e0 compter de ladate du pr\u00e9sent arr\u00eat\u00e9, sur demande de l'exploitant, deux mois avant l'expiration dece d\u00e9lai.Cette autorisation est accord\u00e9e sous r\u00e9serve du respect des \u00e9l\u00e9ments expos\u00e9s dans ledossier de demande de cr\u00e9ation, de la l\u00e9gislation et de la r\u00e9glementation fix\u00e9es par lestextes susvis\u00e9s et sous les conditions \u00e9nonc\u00e9es aux articles suivants.\nArticle 2 : L'autorisation est soumise aux dispositions g\u00e9n\u00e9rales du contr\u00f4leur g\u00e9n\u00e9ral,directeur zonal de la police aux fronti\u00e8res suivantes :- Respect des termes de l'arr\u00eat\u00e9 interminist\u00e9riel en date du 13 mars 1986, fixant lesconditions dans lesquelles les U.L.M. peuvent atterrir et d\u00e9coller ailleurs que sur una\u00e9rodrome.- Respect de l'arr\u00eat\u00e9 du 23 septembre 1998 relatif aux a\u00e9ronefs ultral\u00e9gers motoris\u00e9s.\nSous Pr\u00e9fecture d'Al\u00e8s - 30-2025-04-28-00004 - Arr\u00eat\u00e9 N\u00b0 25-04-57 portant reconduction de l'autorisation d'exploitation d'une\nplateforme de d\u00e9collage pour a\u00e9ronefs ultra-l\u00e9gers motoris\u00e9s ou ULM \u00e0 Souvignargues 40\n- Respect des arr\u00e9t\u00e9s minist\u00e9riels du 20 avril 1998 et du 18 avril 2002 portant ouverturedes a\u00e9rodromes au trafic international. .- Les axes d'arriv\u00e9e et de d\u00e9part devront \u00eatre enti\u00e8rement d\u00e9gag\u00e9s et d\u00e9finis de tellesorte qu'ils n'entrainent aucun survol en dessous des hauteurs r\u00e9glementairesd'habitations, voies de circulation ou rassemblements de toute nature.- Les \u00e9volutions aux abords de la plateforme devront \u00eatre effectu\u00e9es de telle sorte qu'entoutes circonstances, y compris en cas de panne moteur, l'appareil soit en mesure deregagner la piste ou un terrain d\u00e9gag\u00e9 sans dommage pour les personnes et les biens ausol.- Les documents des pilotes et des appareils devront \u00eatre conformes \u00e0 la r\u00e9glementationen vigueur et en cours de validit\u00e9.- L'acc\u00e8s \u00e0 la plateforme sera interdit \u00e0 toute personne \u00e9trang\u00e8re \u00e0 l'activit\u00e9. Cetteinterdiction sera clairement indiqu\u00e9e au moyen d'une signalisation appropri\u00e9e afind'informer les riverains de l'activit\u00e9 a\u00e9ronautique dans le secteur. A ce titre, un panneausuppl\u00e9mentaire sera ajout\u00e9 \u00e0 hauteur de la D\u00e9partementale 22 pour signaler la pr\u00e9sencede la plateforme ULM, comme convenu avec les utilisateurs de la plateforme.- La plate-forme sera accessible de fa\u00e7on permanente aux autorit\u00e9s charg\u00e9es de lav\u00e9rification et du contr\u00f4le des conditions de son utilisation. Ils devront avoir enpermanence un libre acc\u00e8s \u00e0 cette plateforme et ses d\u00e9pendances.- Le site devra \u00eatre \u00e9quip\u00e9 d'une manche \u00e0 air. Le p\u00e9titionnaire veillera \u00e0 entretenir lapiste et ses servitudes. |- Aucun vol ne devra \u00eatre entrepris \u00e0 destination ou en provenance d'un pays horsSchengen.- Cette autorisation sera pr\u00e9caire et r\u00e9vocable \u00e0 chaque instant si les conditionsd'exploitations de la plateforme et de s\u00e9curit\u00e9 n'\u00e9taient plus remplies.- Tout accident ou incident devra \u00eatre imm\u00e9diatement signal\u00e9 \u00e0 la Brigade de Police ~A\u00e9ronautique de Marseille au 04.84.52.03.65/66/67/68 et 69. En cas d'impossibilit\u00e9 dejoindre ce service, le directeur des vols ou son suppl\u00e9ant contactera le \u00ab 17 \u00bb police-secours en demandant, le cas \u00e9ch\u00e9ant, \u00e0 \u00eatre mis en relation avec le pilote d'astreintezonale via le Centre d'Information et de Commandement (CIC) de la Police Nationaledu d\u00e9partement du Gard au 04.66.27.30.37.\nArticle 3 : L'autorisation est soumise aux prescriptions g\u00e9n\u00e9rales et particuli\u00e8res dudirecteur de la s\u00e9curit\u00e9 de l'aviation civile Sud (DSAC/S) suivantes :\nA - Conditions g\u00e9n\u00e9rales d'utilisationExploitation de la plateforme\nSous Pr\u00e9fecture d'Al\u00e8s - 30-2025-04-28-00004 - Arr\u00eat\u00e9 N\u00b0 25-04-57 portant reconduction de l'autorisation d'exploitation d'une\nplateforme de d\u00e9collage pour a\u00e9ronefs ultra-l\u00e9gers motoris\u00e9s ou ULM \u00e0 Souvignargues 41\nCette plateforme peut \u00eatre utilis\u00e9e conform\u00e9ment \u00e0 la demande formul\u00e9e par lep\u00e9titionnaire en respect de l'arr\u00eat\u00e9 du 13 mars 1986 fixant les conditions danslesquelles les a\u00e9rodynes ultral\u00e9gers motoris\u00e9s (ULM) peuvent atterrir ou d\u00e9collerailleurs que sur un a\u00e9rodrome.Cette plateforme sera exploit\u00e9e sous la responsabilit\u00e9 des pilotes commandants debord autoris\u00e9s par le cr\u00e9ateur de la plateforme. Ils devront s'assurer que le site peut,notamment en termes de d\u00e9gagements a\u00e9ronautiques, accueillir leur activit\u00e9 en toutes\u00e9curit\u00e9 pour les tiers transport\u00e9s et pour eux-m\u00eames ainsi que pour les biens etpersonnes au sol, dans les conditions fix\u00e9es par la r\u00e9glementation de la circulationa\u00e9rienne et dans le cadre de la r\u00e9glementation propre aux a\u00e9ronefs employ\u00e9s.S'agissant d'une plateforme Ulm, aucune norme n'est impos\u00e9e pour les d\u00e9gagementsa\u00e9ronautiques. L'existence d'\u00e9ventuels obstacles actuels ou futurs et leur impact surl'exploitation de la plateforme rel\u00e8ve de la responsabilit\u00e9 de son cr\u00e9ateur. Il luiappartient de s'assurer de la surveillance des obstacles aux abords de sa plateforme etd'estimer le cas \u00e9ch\u00e9ant l'impact sur son l'exploitation par rapport aux performancesde son ou ses appareils.Il appartient au cr\u00e9ateur de la plateforme :D'informer tout utilisateur autoris\u00e9 par lui des caract\u00e9ristiques de la plateforme et.des \u00e9ventuelles contraintes d'exploitation, le commandant de bord \u00e9tant tenu de.s'assurer de l'ad\u00e9quation des caract\u00e9ristiques et performances de son appareil aveccelles de la plateforme, conform\u00e9ment aux dispositions de l'arr\u00eat\u00e9 du 24 juillet 1991modifi\u00e9 relatif aux conditions d'utilisation des a\u00e9ronefs civils en aviation g\u00e9n\u00e9rale.De suivre les \u00e9volutions de la r\u00e9glementation et des espaces a\u00e9riens environnants.De veiller \u00e0 ce que l'exploitation de sa plateforme reste compatible avec les\u00e9volutions de l'espace a\u00e9rien qui pourraient intervenir apr\u00e8s sa cr\u00e9ation.Le responsable de la plateforme informera les pilotes autoris\u00e9s par ses soins desconsignes g\u00e9n\u00e9rales et particuli\u00e8res d'utilisation, par tous les moyens disponibles.Cette plateforme ne fera pas l'objet d'une publication a\u00e9ronautique officielle. Il n'yaura pas d'espace a\u00e9rien associ\u00e9 et en cons\u00e9quence, elle pourra \u00eatre survol\u00e9e \u00e0 toutmoment par d'autres a\u00e9ronefs. |Son utilisation pourra \u00eatre interdite quelques jours par an, \u00e0 l'occasion des exercicesnationaux de d\u00e9fense a\u00e9rienne.Tout incident ou accident devra \u00eatre signal\u00e9 dans les meilleurs d\u00e9lais \u00e0 la DSAC/Sud -Permanence Accident - t\u00e9l. : 06.10.40.84.48.\nSous Pr\u00e9fecture d'Al\u00e8s - 30-2025-04-28-00004 - Arr\u00eat\u00e9 N\u00b0 25-04-57 portant reconduction de l'autorisation d'exploitation d'une\nplateforme de d\u00e9collage pour a\u00e9ronefs ultra-l\u00e9gers motoris\u00e9s ou ULM \u00e0 Souvignargues 42\nB - CONDITIONS PARTICULIERES D'USAGE\n1. Caract\u00e9ristiques de la plateformeCoordonn\u00e9es de la plateforme (PSN moyen) : 43\u00b049'21.61\"N, 004\u00b007'30.96\"ECaract\u00e9ristiques pistes (s) : 400m x 20mOrientation piste : 120\u00b0 / 300\u00b02. Environnement a\u00e9ronautique2.1 - Espace a\u00e9rien :La plateforme est situ\u00e9e dans le SIV Montpellier 4.Elle est situ\u00e9e sous :- La TMA Montpellier 12 TMA MONTPELLIER 12 - Classe D - 3500ft AMSL / FL145- La CTA RHONE 4 - Classe D - 3500ft AMSL / FL 195- La R217/4 RHONE - 3500ft AMSL / FL 195Elle est situ\u00e9e a proximit\u00e9 de :- La CTR GARONS - Classe D - SFC / 2500ft AMSL- TMA MONTPELLIER 10 - Classe D - 2500ft AMSL / FL145- CTA RHONE 3 - Classe D - 2500ft AMSL / FL 195- R217/3 RHONE - 2500ft AMSL / FL 195Concernant les espaces a\u00e9riens contr\u00f4l\u00e9s de classe D, les usagers de la plateformeveilleront au respect des conditions de p\u00e9n\u00e9tration associ\u00e9es \u00e0 ces espaces.S'agissant des zones R, avant chaque vol, le cr\u00e9ateur de la plateforme et les pilotesautoris\u00e9s par ses soins devront s'assurer aupr\u00e8s du SIA de l'activation ou non de ceszones r\u00e9glement\u00e9es. En cas d'activit\u00e9, les pilotes s'assureront du respect desconditions associ\u00e9es \u00e0 chaque zone r\u00e9glement\u00e9e.\n2.2 - Activit\u00e9s a\u00e9ronautiques :La plateforme est situ\u00e9e \u00e0 proximit\u00e9 de l'activit\u00e9 d'a\u00e9romod\u00e9lisme AER 9527Calvisson (QDR 113\u00b0 / 3.5NM).Les usagers de la plateforme Ulm de Souvignargues veilleront a ne pas interf\u00e9rer aveccette activit\u00e9.\n2.3 - Plateformes a\u00e9ronautiques :La plateforme Ulm est situ\u00e9e \u00e0 proximit\u00e9 de :.- La plateforme ballon Combas - QDR 342\u00b0/1.4NM ;- La plateforme ballon Sommi\u00e8res - QDR 218\u00b0/2.8NM ;\nSous Pr\u00e9fecture d'Al\u00e8s - 30-2025-04-28-00004 - Arr\u00eat\u00e9 N\u00b0 25-04-57 portant reconduction de l'autorisation d'exploitation d'une\nplateforme de d\u00e9collage pour a\u00e9ronefs ultra-l\u00e9gers motoris\u00e9s ou ULM \u00e0 Souvignargues 43\nLes usagers de la plateforme Ulm de Souvignargues veilleront a ne pas interf\u00e9rer avecl'activit\u00e9 de ces deux plateformes ballon.En application de la r\u00e9glementation applicables aux plateformes a\u00e9ronautiquesrelevant de l'autorit\u00e9 pr\u00e9fectorale, de nouvelles plateformes pr\u00e9fectorales pourront\u00e9tre cr\u00e9\u00e9es ou exploit\u00e9es au voisinage de la plateforme Ulm. Ces sites ne faisant pasl'objet d'une publication a\u00e9ronautique officielle, l'exploitant de la plateforme Ulmassurera, dans la mesure de ces possibilit\u00e9s, une surveillance particuli\u00e8re du voisinagede son site.Pour tout site connu, il veillera \u00e0 ne pas interf\u00e9rer avec l'activit\u00e9 de celui-ci.\n3. Conditions d'utilisationCompte tenu des \u00e9l\u00e9ments li\u00e9s \u00e0 l'environnement a\u00e9ronautique, l'utilisation de cetteplateforme Ulm demande une bonne connaissance des espaces a\u00e9riens voisins et desactivit\u00e9s environnantes. Le cr\u00e9ateur de cette plateforme Ulm devra respecter les r\u00e8glesde l'air et prendre en compte les \u00e9l\u00e9ments avant le vol (environnement a\u00e9ronautique etNOTAM). Ces derniers sont consultables sur le site officiel du Service de l'InformationA\u00e9ronautique (SIA).4. Information a\u00e9ronautiqueCette plateforme Ulm ne fera pas l'objet d'une publication a\u00e9ronautique officielle parle Service de l'Information A\u00e9ronautique (SIA) de la DGAC.En cons\u00e9quence, toute publication ou diffusion des informations relatives auxconditions d'utilisation de la plateforme Ulm rel\u00e8vent du choix de l'exploitant de cetteplateforme. Celles-ci devront \u00eatre conformes aux dispositions de l'arr\u00eat\u00e9 pr\u00e9fectoralautorisant la plateforme Ulm et ne pas y contrevenir. Elles engagent pleinement laresponsabilit\u00e9 du porteur de l'autorisation.\n5. Aides \u00e0 la navigation a\u00e9rienneLe p\u00e9titionnaire ne mentionne pas ce type d'\u00e9quipement.\n6. S\u00e9curit\u00e9 des tiersIl appartient au cr\u00e9ateur de la plateforme Ulm et aux op\u00e9rateurs a\u00e9riens d'\u00e9valuerl'impact de l'utilisation de la plateforme Ulm sur la s\u00e9curit\u00e9 des tiers au sol, y comprisdu public pouvant acc\u00e9der \u00e0 l'emplacement, et de prendre toute mesure appropri\u00e9epour \u00e9viter les dangers pouvant r\u00e9sulter de son exploitation, notamment les effets li\u00e9sau souffle des a\u00e9ronefs.\nSous Pr\u00e9fecture d'Al\u00e8s - 30-2025-04-28-00004 - Arr\u00eat\u00e9 N\u00b0 25-04-57 portant reconduction de l'autorisation d'exploitation d'une\nplateforme de d\u00e9collage pour a\u00e9ronefs ultra-l\u00e9gers motoris\u00e9s ou ULM \u00e0 Souvignargues 44\n7. Nuisances environnementalesLe demandeur devra prendre en compte les nuisances environnementales g\u00e9n\u00e9r\u00e9es parcette activit\u00e9 ainsi que les dispositions du code de l'environnement.\nArticle 4 : L'autorisation est soumise aux prescriptions particuli\u00e8res de la sous-directionr\u00e9gionale de la circulation a\u00e9rienne militaire Sud suivantes :Strict respect du statut des zones r\u00e9glement\u00e9es ci-dessous, lorsque celles-ci sontactives (cf AIP {publication d'information a\u00e9ronautique} France partie ENR. 5.1. :Cette plate-forme cr\u00e9\u00e9e en 2020 se situe sous la zone r\u00e9glement\u00e9e :+ LF-R 217/3 \u00ab RHONE \u00bb (2500 ft AMSL / FL 195), et la CTA 3 associ\u00e9e, \u00e0 proximit\u00e9imm\u00e9diate de la zone r\u00e9glement\u00e9e : |+ LF-R 217/4 \u00ab RHONE \u00bb (3500ft AMSL / FL 195) et la CTA 4 associ\u00e9e, ainsi qu'\u00e0proximit\u00e9 (3.5 Nm) des zones r\u00e8glement\u00e9es :\u00a2 LF-R 190 A (SFC / 3300ft AMSL), LF-R190 B (SFC / 8300ft AMSL) et LF-R 190 C \u00ab NIMES \u00bb(SFC/FL195), g\u00e9r\u00e9es par le Centre militaire de contr\u00f4le Militaire d'Istres et le centre decontr\u00f4le de N\u00eemes-Courbessac, dans laquelle se d\u00e9roulent des activit\u00e9s sp\u00e9cifiquesD\u00e9fense et l'entra\u00eenement d'a\u00e9ronefs.\nArticle 5_ : L'autorisation est soumise aux prescriptions particuli\u00e8res de la directiond\u00e9partementale des territoires et de la mer suivantes :- Pendant la p\u00e9riode du 1er mai au 31 juillet, les survols \u00e0 basse altitude du terrainsignal\u00e9 sur la carte jointe en annexe devront \u00eatre \u00e9vit\u00e9s. Ce terrain, localis\u00e9imm\u00e9diatement au nord du projet, est recens\u00e9 comme favorable \u00e0 la reproduction del'Outarde canepeti\u00e8re, esp\u00e8ce d'oiseau prot\u00e9g\u00e9e par l'arr\u00eat\u00e9 minist\u00e9riel du 29 octobre2009 et menac\u00e9 d'extinction.\nArticle 6 : Les appareils utilis\u00e9s seront en r\u00e8gle sur le plan douanier.Article 7 : Les agents de l'aviation civile, les agents appartenant aux services charg\u00e9s ducontr\u00f4le aux fronti\u00e8res, les agents des douanes, les agents de la force publique aurontlibre acc\u00e8s, \u00e0 tout moment, \u00e0 cette plate-forme. Toutes facilit\u00e9s leur seront r\u00e9serv\u00e9espour l'accomplissement de leurs t\u00e2ches.Article 8 : Cette autorisation est pr\u00e9caire est r\u00e9vocable. Elle pourra \u00eatre suspendue,restreinte ou retir\u00e9e \u00e0 tout moment notamment en cas d'\u00e9v\u00e8nements de s\u00e9curit\u00e9 li\u00e9 \u00e0la pr\u00e9sence \u00e0 proximit\u00e9 d'autres plateformes, lorsque les conditions ayant pr\u00e9valu \u00e0 sacr\u00e9ation ne sont plus satisfaites, pour des raisons d'ordre et de s\u00e9curit\u00e9 publics, pourdes nuisances sonores ou d'atteinte \u00e0 la vie priv\u00e9e.\nSous Pr\u00e9fecture d'Al\u00e8s - 30-2025-04-28-00004 - Arr\u00eat\u00e9 N\u00b0 25-04-57 portant reconduction de l'autorisation d'exploitation d'une\nplateforme de d\u00e9collage pour a\u00e9ronefs ultra-l\u00e9gers motoris\u00e9s ou ULM \u00e0 Souvignargues 45\nArticle 9 : Le sous-pr\u00e9fet d'Al\u00e9s, le maire de Souvignargues, le directeur de la s\u00e9curit\u00e9de l'aviation civile Sud, le contr\u00f4leur g\u00e9n\u00e9ral, directeur zonal de la police auxfronti\u00e8res Sud a Marseille, le commandant de la zone a\u00e9rienne de D\u00e9fense Sud, ledirecteur r\u00e9gional des douanes, le directeur d\u00e9partemental des territoires et de la mer,sont charg\u00e9s, chacun en ce qui le concerne de l'ex\u00e9cution du pr\u00e9sent arr\u00eat\u00e9 qui seraadress\u00e9 au colonel, commandant du groupement de gendarmerie du Gard, \u00e0 labrigade de gendarmerie des transports a\u00e9riens, publi\u00e9 au recueil des actesadministratifs de la pr\u00e9fecture du Gard et dont copie sera notifi\u00e9 \u00e0 Monsieur PhilippeGRENET.\nLe pr\u00e9fet, 28 AVR. 2025Pour le pr\u00e9fet et par d\u00e9l\u00e9gation,\nEmile SoUmbo\nVoie et d\u00e9lais de recours : Le pr\u00e9sent arr\u00eat\u00e9 peut faire l'objet d'un recours contentieuxdevant le tribunal administratif de N\u00eemes dans un d\u00e9lai de deux mois \u00e0 compter sapublication ou notification, par courrier : 16 avenue Feuch\u00e8res - 30000 N\u00eemes, ou parl'application informatique \"T\u00e9l\u00e9recours Citoyens\" accessible par le site internetwww.telerecours.fr. _\nSous Pr\u00e9fecture d'Al\u00e8s - 30-2025-04-28-00004 - Arr\u00eat\u00e9 N\u00b0 25-04-57 portant reconduction de l'autorisation d'exploitation d'une\nplateforme de d\u00e9collage pour a\u00e9ronefs ultra-l\u00e9gers motoris\u00e9s ou ULM \u00e0 Souvignargues 46\nSous Pr\u00e9fecture d'Al\u00e8s\n30-2025-04-28-00005\nArr\u00eat\u00e9 N\u00b0 25-04-58 portant reconduction de\nl'autorisation d'exploitation d'une plateforme de\nd\u00e9collage pour a\u00e9ronefs ultra-l\u00e9gers motoris\u00e9s\nou ULM \u00e0 Beaucaire\nSous Pr\u00e9fecture d'Al\u00e8s - 30-2025-04-28-00005 - Arr\u00eat\u00e9 N\u00b0 25-04-58 portant reconduction de l'autorisation d'exploitation d'une\nplateforme de d\u00e9collage pour a\u00e9ronefs ultra-l\u00e9gers motoris\u00e9s ou ULM \u00e0 Beaucaire 47\nE = : Sous-pr\u00e9fecture d'Al\u00e8sPREFET | bureau de l'environnementDU GARD | et des polices administrativesLibert\u00e9\u00c9galit\u00e9Fraternit\u00e9\nArr\u00eat\u00e9 N\u00b0 2S -O4-S 38portant reconduction de l'autorisation d'exploitation d'une plateforme de d\u00e9collage poura\u00e9ronefs ultra-l\u00e9gers motoris\u00e9s ou ULM \u00e0 Beaucaire\nLe pr\u00e9fet du Gardchevalier de la L\u00e9gion d'honneur,chevalier de l'ordre national du M\u00e9rite,\nLe pr\u00e9fet du Gard, chevalier de la L\u00e9gion d'Honneur,Vu le code de l'aviation civile et notamment les articles R132-1 et 2 et D 132-8,Vu le code des transports et notamment les articles R .6212-6 et R.6212-17,Vu le code des douanes ;Vu l'arr\u00eat\u00e9 du 22 f\u00e9vrier 1971, relatif \u00e0 la r\u00e9glementation de l'utilisation d'h\u00e9lisurfacesaux abords des a\u00e9rodromes,Vu l'arr\u00eat\u00e9 interminist\u00e9riel du 13 mars 1986 modifi\u00e9 fixant les conditions danslesquelles les a\u00e9rodynes ultra-l\u00e9gers motoris\u00e9s ou ULM peuvent atterrir et d\u00e9collerailleurs que sur un a\u00e9rodrome, |Vu l'arr\u00eat\u00e9 interminist\u00e9riel en date du 23 septembre 1998 relatif aux ULM, modifi\u00e9 parles arr\u00eat\u00e9s du 15 mai 2001 et 4 mars 2004;Vu l'arr\u00eat\u00e9 du 24 juillet 1991 relatif aux conditions d'utilisation des a\u00e9ronefs civils enaviation g\u00e9n\u00e9rale,Vu l'arr\u00eat\u00e9 interminist\u00e9riel du 18 avril 2002 modifiant l'arr\u00eat\u00e9 du 20 avril 1998 portantouverture des a\u00e9rodromes au trafic international :Vu l'arr\u00eat\u00e9 du 24 f\u00e9vrier 2012 relatif au bruit \u00e9mis par les a\u00e9ronefs ultral\u00e9gersmotoris\u00e9s ; xVu l'arr\u00eat\u00e9 pr\u00e9fectoral n\u00b0 30-2024-10-18-00007 du 18 octobre 2024 donnant d\u00e9l\u00e9gationde signature \u00e0 M. Emile Soumbo, sous-pr\u00e9fet d'Al\u00e8s ;Vu l'arr\u00eat\u00e9 pr\u00e9fectoral n\u00b030-2020-03-05-003 du 5 mars 2020 portant autorisationd'exploitation d'une plateforme de d\u00e9collage pour a\u00e9ronefs ultra-l\u00e9gers motoris\u00e9s ouULM \u00e0 M.RABADAN Paul sur la commune de Beaucaire pour une dur\u00e9e de 5 ans;\n3 boulevard Louis Blanc CS 20905 \u2014 30107 Al\u00e8s Cedex \u2014 T\u00e9l\u00e9phone :/04.66.56.39.39 T\u00e9l\u00e9copie : 04.66.86.20.26.Site internet : http://www.gard.gouv.fr\nSous Pr\u00e9fecture d'Al\u00e8s - 30-2025-04-28-00005 - Arr\u00eat\u00e9 N\u00b0 25-04-58 portant reconduction de l'autorisation d'exploitation d'une\nplateforme de d\u00e9collage pour a\u00e9ronefs ultra-l\u00e9gers motoris\u00e9s ou ULM \u00e0 Beaucaire 48\nVu la demande pr\u00e9sent\u00e9e par M. RABADAN Paul, sis 5841 chemin du mas Milord aBeaucaire, pour le renouvellement de l'exploitation d'une plateforme Ulm \u00e0 Beaucairelieu dit \u00ab Plaine de Beaucaire-Mas Fournier \u00bb autoris\u00e9e par l'arr\u00eat\u00e9 pr\u00e9fectoral n\u00b0 30-2020-03-05-003 du 5 mars 2020;Vu l'avis du directeur r\u00e9gional des douanes en date du 13 janvier 2025 ;Vu l'avis du directeur de la s\u00e9curit\u00e9 de l'aviation civile Sud \u00e0 Blagnac, en date du22 janvier 2025.Vu l'avis de la direction d\u00e9partementale des territoires et de la mer en date du 10janvier 2025;Vu l'avis du commandant de la zone a\u00e9rienne de d\u00e9fense sud en date du 24 janvier2025;Vu les pi\u00e8ces compl\u00e9mentaires produites par M. RABADAN le 24 avril 2025 ;Vu l'avis du contr\u00f4leur g\u00e9n\u00e9ral, directeur zonal de la police aux fronti\u00e8res Sud \u00e0Marseille, en date 24 avril 2025 ;\nSur proposition du sous-pr\u00e9fet d'Al\u00e8s,Arr\u00eate :\nArticle 1er : Monsieur RABADAN Paul, est autoris\u00e9 \u00e0 exploiter une plate-forme ULMsur la commune de Beaucaire, au lieu-dit Plaine de Beaucaire-Mas Founier.L'autorisation est accord\u00e9e pour une dur\u00e9e de 5 ans renouvelable \u00e0 compter de ladate du pr\u00e9sent arr\u00eat\u00e9, sur demande de l'exploitant, deux mois avant l'expiration dece d\u00e9lai.Cette autorisation est accord\u00e9e sous r\u00e9serve du respect des \u00e9l\u00e9ments expos\u00e9s dans ledossier de demande de cr\u00e9ation, de la l\u00e9gislation et de la r\u00e9glementation fix\u00e9es par lestextes susvis\u00e9s et sous les conditions \u00e9nonc\u00e9es aux articles suivants.Article 2 : L'autorisation est soumise aux dispositions g\u00e9n\u00e9rales du contr\u00f4leur g\u00e9n\u00e9ral,directeur zonal de la police aux fronti\u00e8res suivantes:- Respect des conditions d'exploitation de l'arr\u00eat\u00e9 de cr\u00e9ation.- Respect des termes de l'arr\u00eat\u00e9 interminist\u00e9riel en date du 23 septembre 1998 relatifaux ULM, modifi\u00e9 par les arr\u00eat\u00e9s du 15 mai 2001 et 4 mars 2004.- Respect des termes de l'arr\u00eat\u00e9 interminist\u00e9riel du 18 avril 2002 modifiant l'arr\u00eat\u00e9 du20 avril 1998 portant ouverture des a\u00e9rodromes au trafic international.- Les axes de d\u00e9part et d'arriv\u00e9e devront \u00eatre enti\u00e8rement d\u00e9gag\u00e9s et d\u00e9finis de tellesorte qu'ils n'entrainent aucun survol en dessous des hauteurs r\u00e9glementairesd'habitations, voies de circulation ou rassemblement de toute nature.\nSous Pr\u00e9fecture d'Al\u00e8s - 30-2025-04-28-00005 - Arr\u00eat\u00e9 N\u00b0 25-04-58 portant reconduction de l'autorisation d'exploitation d'une\nplateforme de d\u00e9collage pour a\u00e9ronefs ultra-l\u00e9gers motoris\u00e9s ou ULM \u00e0 Beaucaire 49\n- Une signalisation adapt\u00e9e sera mise en place sur les voies de circulationsavoisinantes :- Tout accident ou incident devra \u00eatre imm\u00e9diatement signal\u00e9 \u00e0 la brigade de la policea\u00e9ronautique au 06.85.52.07.47 ou en cas d'impossibilit\u00e9 de joindre ce service, aucentre d'information et de commandement de la direction zonale de la police auxfronti\u00e8res \u00e0 Marseille, T\u00e9l. 04 91 53 60 90.Article 3 : L'autorisation est soumise aux prescriptions g\u00e9n\u00e9rales et particuli\u00e8res dudirecteur de la s\u00e9curit\u00e9 de l'aviation civile Sud (DSAC/S) suivantes :\nA - Conditions g\u00e9n\u00e9rales d'utilisationExploitation de la plateformeCette plateforme sera exploit\u00e9e sous la responsabilit\u00e9 des pilotes commandants debord autoris\u00e9s par le cr\u00e9ateur de la plateforme. Ils devront s'assurer que le site peut,notamment en termes de d\u00e9gagements a\u00e9ronautiques, accueillir leur activit\u00e9 en toutes\u00e9curit\u00e9 pour les tiers transport\u00e9s et pour eux-m\u00e9mes ainsi que pour les biens etpersonnes au sol, dans les conditions fix\u00e9es par la r\u00e9glementation de la circulationa\u00e9rienne et dans le cadre de la r\u00e9glementation propre aux a\u00e9ronefs employ\u00e9s.S'agissant d'une plateforme Ulm, aucune norme n'est impos\u00e9e pour les d\u00e9gagementsa\u00e9ronautiques. L'existence d'\u00e9ventuels obstacles actuels ou futurs et leur impact surl'exploitation de la plateforme rel\u00e8ve de la responsabilit\u00e9 de son cr\u00e9ateur. Il luappartient de s'assurer de la surveillance des obstacles aux abords de sa plateforme etd'estimer le cas \u00e9ch\u00e9ant l'impact sur son l'exploitation par rapport aux performancesde son ou ses appareils.Il appartient au cr\u00e9ateur de la plateforme :D'informer tout utilisateur autoris\u00e9 par lui des caract\u00e9ristiques de la plateforme etdes \u00e9ventuelles contraintes d'exploitation, le commandant de bord \u00e9tant tenu des'assurer de l'ad\u00e9quation des caract\u00e9ristiques et performances de son appareil aveccelles de la plateforme, conform\u00e9ment aux dispositions de l'arr\u00eat\u00e9 du 24 juillet 1991modifi\u00e9 relatif aux conditions d'utilisation des a\u00e9ronefs civils en aviation g\u00e9n\u00e9rale.De suivre les \u00e9volutions de la r\u00e9glementation et des espaces a\u00e9riens environnants.De veiller a ce que l'exploitation de sa plateforme reste compatible avec les\u00e9volutions de l'espace a\u00e9rien qui pourraient intervenir apr\u00e8s sa cr\u00e9ation.Le responsable de la plateforme informera les pilotes autoris\u00e9s par ses soins desconsignes g\u00e9n\u00e9rales et particuli\u00e8res d'utilisation, par tous les moyens disponibles.Cette plateforme ne fera pas l'objet d'une publication a\u00e9ronautique officielle. Il n'yaura pas d'espace a\u00e9rien associ\u00e9 et en cons\u00e9quence, elle pourra \u00eatre survol\u00e9e \u00e0 toutmoment par d'autres a\u00e9ronefs.Son utilisation pourra \u00eatre interdite quelques jours par an, \u00e0 l'occasion des exercicesnationaux de d\u00e9fense a\u00e9rienne.Tout incident ou accident devra \u00eatre signal\u00e9 dans les meilleurs d\u00e9lais \u00e0 la DSAC/Sud -Permanence Accident - t\u00e9l. : 06.10.40.84.48.\nSous Pr\u00e9fecture d'Al\u00e8s - 30-2025-04-28-00005 - Arr\u00eat\u00e9 N\u00b0 25-04-58 portant reconduction de l'autorisation d'exploitation d'une\nplateforme de d\u00e9collage pour a\u00e9ronefs ultra-l\u00e9gers motoris\u00e9s ou ULM \u00e0 Beaucaire 50\nB - Conditions particuli\u00e8res d'usage1. Caract\u00e9ristiques de la plateformeType d'a\u00e9ronef : UlmCoordonn\u00e9es de la plateforme (PSN moyen) : 43\u00b056'23.92\"N, 004\u00b014'16.22\"ECaract\u00e9ristiques piste : 300m x 30mOrientation piste : 18/362. Environnement a\u00e9ronautiqueCette plate-forme se situe :2.1 - Espace a\u00e9rien :La plateforme est situ\u00e9e dans le SIV Montpellier 1 (SFC / FL115) de classe G,Elle est situ\u00e9e sous :- La TMA MONTPELLIER 10 (2500 FT AMSL/ FL145) de classe D,- La CTA RHONE 3 (2500 FT AMSL/ FL195) de classe D,- La zone R217/3 (2500 FT AMSL/FL195) d\u00e9di\u00e9e a des activit\u00e9s sp\u00e9cifiquesD\u00e9fense et dont la gestion est assur\u00e9e par le CMC d'Istres,Elle est situ\u00e9e a proximit\u00e9 de:- La TMA MONTPELLIER 12 (3500 FT AMSL/ FL145) de classe D,- La CTA RHONE 4 (3500 FT AMSL/ FL195) de classe D,- La zone R217/4 (3500 FT AMSL/FL195) d\u00e9di\u00e9e a des activit\u00e9s sp\u00e9cifiquesD\u00e9fense et dont la gestion est assur\u00e9e par le CMC d'istres,- La CTR Garons (SFC /2500 FT AMSL) de classe D,- La zone R8 Courbessac (SFC /1000 FT AMSL),- Les zones R190A (SFC /3300 FT AMSL), R190B (SFC /8300 FT AMSL) et R190C(SFC/FL195) d\u00e9di\u00e9es \u00e0 des activit\u00e9s sp\u00e9cifiques D\u00e9fense et dont la gestion estassur\u00e9e par le 2\u00b0\" REI,Concernant les espaces a\u00e9riens cit\u00e9s ci-dessus, les usagers devront respecterstrictement les conditions de p\u00e9n\u00e9tration associ\u00e9es \u00e0 chaque espace.Lorsque les zones R190A, B et C sont actives, le contournement est obligatoire pourl'ensemble des vols VFR.2.2 - Activit\u00e9s a\u00e9ronautiques :La plateforme est situ\u00e9e \u00e0 proximit\u00e9 de l'activit\u00e9 d'a\u00e9romod\u00e9lisme 9528 MOUSSAC -SFC / 500 FT ASFC (RDL 358/1.8 NM).Les usagers de la plateforme veilleront \u00e0 ne pas interf\u00e9rer avec cette activit\u00e9._ 2.3 - Plateformes a\u00e9ronautiques :En outre, une attention particuli\u00e8re devra \u00eatre port\u00e9e, compte tenu dupositionnement relatif et des axes de pistes de l'a\u00e9rodrome priv\u00e9 de Gajan laRouvi\u00e8re (RDL 182 / 1.6NM).\nSous Pr\u00e9fecture d'Al\u00e8s - 30-2025-04-28-00005 - Arr\u00eat\u00e9 N\u00b0 25-04-58 portant reconduction de l'autorisation d'exploitation d'une\nplateforme de d\u00e9collage pour a\u00e9ronefs ultra-l\u00e9gers motoris\u00e9s ou ULM \u00e0 Beaucaire 51\nLes usagers de la plateforme Ulm veilleront \u00e0 ne pas interf\u00e9rer avec l'activit\u00e9 de cet \u2014a\u00e9rodrome priv\u00e9.En application de la r\u00e9glementation applicables aux plateformes a\u00e9ronautiquesrelevant de l'autorit\u00e9 pr\u00e9fectorale, de nouvelles plateformes pr\u00e9fectorales pourront\u00e9tre cr\u00e9\u00e9es ou exploit\u00e9es au voisinage de la plateforme Ulm. Ces sites ne faisant pasl'objet d'une publication a\u00e9ronautique officielle, l'exploitant de la plateforme Ulmassurera, dans la mesure de ces possibilit\u00e9s, une surveillance particuli\u00e8re duvoisinage de son site.Pour tout site connu, il veillera \u00e0 ne pas interf\u00e9rer avec l'activit\u00e9 de celui-ci.3. Conditions d'utilisationCompte tenu des \u00e9l\u00e9ments li\u00e9s \u00e0 l'environnement a\u00e9ronautique, l'utilisation de cetteplateforme Ulm demande une bonne connaissance des espaces a\u00e9riens voisins et desactivit\u00e9s environnantes. Le cr\u00e9ateur de cette plateforme Ulm devra respecter les r\u00e8glesde l'air et prendre en compte les \u00e9l\u00e9ments avant le vol (environnement a\u00e9ronautique etNOTAM). Ces derniers sont consultables sur le site officiel du Service de l'InformationA\u00e9ronautique (SIA).4. Information a\u00e9ronautiqueCette plateforme Ulm ne fera pas l'objet d'une publication a\u00e9ronautique officielle parle Service de l'Information A\u00e9ronautique (SIA) de la DGAC.En cons\u00e9quence, toute publication ou diffusion des informations relatives auxconditions d'utilisation de la plateforme Ulm rel\u00e8vent du choix de l'exploitant de cetteplateforme. Celles-ci devront \u00eatre conformes aux dispositions de l'arr\u00eat\u00e9 pr\u00e9fectoralautorisant la plateforme Ulm et ne pas y contrevenir. Elles engagent pleinement laresponsabilit\u00e9 du porteur de l'autorisation.5, Aides \u00e0 la navigation a\u00e9rienneLe p\u00e9titionnaire ne mentionne pas ce type d'\u00e9quipement.6. S\u00e9curit\u00e9 des tiersIl appartient au cr\u00e9ateur de la plateforme Ulm et aux op\u00e9rateurs a\u00e9riens d'\u00e9valuerl'impact de l'utilisation de la plateforme Ulm sur la s\u00e9curit\u00e9 des tiers au sol, y comprisdu public pouvant acc\u00e9der \u00e0 l'emplacement, et de prendre toute mesure appropri\u00e9epour \u00e9viter les dangers pouvant r\u00e9sulter de son exploitation, notamment les effets li\u00e9sau souffle des a\u00e9ronefs.7. Nuisances environnementalesLe demandeur devra prendre en compte les nuisances environnementales g\u00e9n\u00e9r\u00e9es parcette activit\u00e9 ainsi que les dispositions du code de l'environnement.\nSous Pr\u00e9fecture d'Al\u00e8s - 30-2025-04-28-00005 - Arr\u00eat\u00e9 N\u00b0 25-04-58 portant reconduction de l'autorisation d'exploitation d'une\nplateforme de d\u00e9collage pour a\u00e9ronefs ultra-l\u00e9gers motoris\u00e9s ou ULM \u00e0 Beaucaire 52\nArticle 4 : L'autorisation est soumise aux prescriptions particuli\u00e8res de la sous-direction r\u00e9gionale de la circulation a\u00e9rienne militaire Sud suivantes:Strict respect du statut des zones r\u00e9glement\u00e9es ci-dessous, lorsque celles-ci sontactives (cf AIP {publication d'information a\u00e9ronautique} France partie ENR. 5.1. et AIPFrance partie ENR 2.4):\u00a2 zone r\u00e9glement\u00e9e LF-R 217/3 \u00ab RHONE \u00bb (2500ft AMSL/FL195), g\u00e9r\u00e9e par le centremilitaire de contr\u00f4le (CMC) d'Istres, dans laquelle se d\u00e9roulent des activit\u00e9ssp\u00e9cifiques D\u00e9fense et des vols d'essais, espace commun avec la CTA Rh\u00f4ne partie 3associ\u00e9e ;. zone r\u00e9glement\u00e9e LF-R 217/1 \u00ab RHONE \u00bb (3500ft AMSL/FL195), g\u00e9r\u00e9e par le CMCd'Istres, dans laquelle se d\u00e9roulent \u00e9galement des activit\u00e9s sp\u00e9cifiques D\u00e9fense etdes vols d'essais, espace commun avec la CTA Rh\u00f4ne partie 1 associ\u00e9e ;\u00a2 zone r\u00e9glement\u00e9e LF-R 217/1.1 \u00ab ISTRES \u00bb (surface/FL195), g\u00e9r\u00e9e par le CMC d'istres,dans laquelle se d\u00e9roulent aussi des activit\u00e9s sp\u00e9cifiques D\u00e9fense et des volsd'essais, espace commun avec la CTR Istres partie 1.1 associ\u00e9e. |\u00a2 zone r\u00e9glement\u00e9e LF-R 108 A F1 (surface/FL 195) g\u00e9r\u00e9e par le CMC d'istres ou lecentre de contr\u00f4le d'essai et r\u00e9ception (CCER) Istres, dans laquelle se d\u00e9roulent desactivit\u00e9s sp\u00e9cifiques D\u00e9fense, des vols d'essais et des vols sp\u00e9cifiques.\nArticle 5: Les documents des pilotes et des ULM seront conformes \u00e0 lar\u00e9glementation en vigueur et en cours de validit\u00e9.Les appareils utilis\u00e9s seront en r\u00e8gle sur le plan douanier.\nArticle 6 : Les agents de l'aviation civile, les agents appartenant aux services charg\u00e9sdu contr\u00f4le aux fronti\u00e8res, les agents des douanes, les agents de la force publiqueauront libre acc\u00e8s, \u00e0 tout moment, \u00e0 cette plate-forme. Toutes facilit\u00e9s leur serontr\u00e9serv\u00e9es pour l'accomplissement de leurs t\u00e2ches.\nArticle 7 : Cette autorisation est pr\u00e9caire est r\u00e9vocable. Elle pourra \u00eatre suspendue,restreinte ou retir\u00e9e \u00e0 tout moment notamment en cas d'\u00e9v\u00e8nements de s\u00e9curit\u00e9 li\u00e9 \u00e0la pr\u00e9sence \u00e0 proximit\u00e9 d'autres plateformes, lorsque les conditions ayant pr\u00e9valu \u00e0 sacr\u00e9ation ne sont plus satisfaites, pour des raisons d'ordre et de s\u00e9curit\u00e9 publics, pourdes nuisances sonores ou d'atteinte \u00e0 la vie priv\u00e9e.\nSous Pr\u00e9fecture d'Al\u00e8s - 30-2025-04-28-00005 - Arr\u00eat\u00e9 N\u00b0 25-04-58 portant reconduction de l'autorisation d'exploitation d'une\nplateforme de d\u00e9collage pour a\u00e9ronefs ultra-l\u00e9gers motoris\u00e9s ou ULM \u00e0 Beaucaire 53\nArticle 8 : Le sous-pr\u00e9fet d'Al\u00e9s, le directeur de la s\u00e9curit\u00e9 de l'aviation civile Sud, lecontr\u00f4leur g\u00e9n\u00e9ral, directeur zonal de la police aux fronti\u00e8res Sud \u00e0 Marseille, lecommandant de la zone a\u00e9rienne de D\u00e9fense Sud, le directeur r\u00e9gional des douanes,le directeur d\u00e9partemental des territoires et de la mer, sont charg\u00e9s, chacun en ce quile concerne de l'ex\u00e9cution du pr\u00e9sent arr\u00eat\u00e9 dont copie sera adress\u00e9 au maire deBeaucaire, au commandant du groupement de gendarmerie du Gard, \u00e0 la brigade degendarmerie des transports a\u00e9riens, publi\u00e9 au recueil des actes administratifs de lapr\u00e9fecture du Gard et notifi\u00e9 \u00e0 Monsieur Paul Rabadan. |\nLe pr\u00e9fet, 2 8 AVR. 2025. Pour le pr\u00e9fet et p\u00e2r d\u00e9l\u00e9gation,le sous-pf\u00e9fet,\nEmile Soumbo\nVoie et d\u00e9lais de recours : Le pr\u00e9sent arr\u00eat\u00e9 peut faire l'objet d'un recours contentieuxdevant le tribunal administratif de N\u00eemes dans un d\u00e9lai de deux mois \u00e0 compter sapublication ou notification, par courrier : 16 avenue Feuch\u00e8res - 30000 N\u00eemes, ou parl'application informatique \"T\u00e9l\u00e9recours Citoyens\" accessible par le site internetwww.telerecours.fr.\nSous Pr\u00e9fecture d'Al\u00e8s - 30-2025-04-28-00005 - Arr\u00eat\u00e9 N\u00b0 25-04-58 portant reconduction de l'autorisation d'exploitation d'une\nplateforme de d\u00e9collage pour a\u00e9ronefs ultra-l\u00e9gers motoris\u00e9s ou ULM \u00e0 Beaucaire 54","date":"2025-04-28","first_seen_on":"2025-04-28T16:11:15+00:00","id":"5eec8044a5c47909afffc6a0c20de46e41ebf3c39539bb6bae5b3c1787b8e49c","name":"recueil-30-2025-070-special du 28 04 2025","pdf_creation_date":"2025-04-28T14:39:30+00:00","pdf_modification_date":null,"timezone":"Europe/Paris","url":"https://www.gard.gouv.fr/contenu/telechargement/62979/466061/file/recueil-30-2025-070-special%20du%2028%2004%202025.pdf"}
