{"administration":"pref03","administration_name":"Pr\u00e9fecture de l\u2019Allier","content":"ALLIER\nRECUEIL DES ACTES\nADMINISTRATIFS SP\u00c9CIAL\nN\u00b003-2026-052\nPUBLI\u00c9 LE 12 MARS 2026\nSommaire\n03_Pr\u00e9f_Pr\u00e9fecture de l'Allier / Direction de la Coordination des\nPolitiques Publique\n03-2026-03-12-00001 - Extrait de l'arr\u00eat\u00e9 n\u00b0 528/2026 du 12 mars 2026\nportant d\u00e9l\u00e9gation de signature \u00e0 Monsieur B\u00e9nilde MOREAU,\ndirecteur d\u00e9partemental de la police nationale de l'Allier et chef de la\ncirconscription de police nationale de Moulins (2 pages) Page 3\n03_Pr\u00e9f_Pr\u00e9fecture de l'Allier / Sous-Pr\u00e9fecture de Vichy\n03-2026-03-10-00002 - Homologation du circuit de Montbeugny \u00e0\ncompter du 10 mars 2026 (2 pages) Page 6\n2\n03_Pr\u00e9f_Pr\u00e9fecture de l'Allier\n03-2026-03-12-00001\nExtrait de l'arr\u00eat\u00e9 n\u00b0 528/2026 du 12 mars 2026\nportant d\u00e9l\u00e9gation de signature \u00e0 Monsieur\nB\u00e9nilde MOREAU, directeur d\u00e9partemental de la\npolice nationale de l'Allier et chef de la\ncirconscription de police nationale de Moulins\n03_Pr\u00e9f_Pr\u00e9fecture de l'Allier - 03-2026-03-12-00001 - Extrait de l'arr\u00eat\u00e9 n\u00b0 528/2026 du 12 mars 2026 portant d\u00e9l\u00e9gation de signature \u00e0\nMonsieur B\u00e9nilde MOREAU, directeur d\u00e9partemental de la police nationale de l'Allier et chef de la circonscription de police nationale\nde Moulins\n3\nPREFETDEL'ALLIERLibert\u00e9Egalit\u00e9Fraternit\u00e9\n                                 \n                 \nExtrait de l'arr\u00eat\u00e9 n\u00b0 528/2026 du 12 mars 2026\nportant d\u00e9l\u00e9gation de signature\n\u00e0 Monsieur B\u00e9nilde MOREAU,\ndirecteur d\u00e9partemental de la police nationale de l'Allier\net chef de la circonscription de police nationale de Moulins\nArticle     1  \u00a0:\u00a0D\u00e9l\u00e9gation\u00a0de\u00a0signature\u00a0est\u00a0donn\u00e9e\u00a0\u00e0\u00a0M. B\u00e9nilde MOREAU,\u00a0directeur d\u00e9partemental de\nla police nationale de l'Allier et chef de la circonscription de police nationale de Moulins,\u00a0\u00e0\u00a0l'effet\nde\u00a0signer\u00a0:\n-\u00a0les\u00a0conventions\u00a0\u00e9tablissant\u00a0les\u00a0modalit\u00e9s\u00a0techniques\u00a0et\u00a0financi\u00e8res\u00a0des\u00a0services\u00a0d'ordre\u00a0effectu\u00e9s\u00a0par\nles\u00a0fonctionnaires\u00a0plac\u00e9s\u00a0sous\u00a0son\u00a0autorit\u00e9\u00a0;\n-\u00a0les\u00a0d\u00e9cisions\u00a0d'immobilisation\u00a0ou\u00a0de\u00a0mise\u00a0en\u00a0fourri\u00e8re\u00a0des\u00a0v\u00e9hicules,\u00a0prises\u00a0en\u00a0application\u00a0de\u00a0l'article\nL.325-1-2\u00a0du\u00a0code\u00a0de\u00a0la\u00a0route\u00a0pour\u00a0les\u00a0infractions\u00a0commises\u00a0sur\u00a0sa\u00a0zone\u00a0de\u00a0comp\u00e9tence.\nArticle     2   :\u00a0D\u00e9l\u00e9gation\u00a0de\u00a0signature\u00a0est\u00a0donn\u00e9e\u00a0\u00e0\u00a0M. B\u00e9nilde MOREAU,\u00a0directeur d\u00e9partemental de\nla police nationale de l'Allier et chef de la circonscription de police nationale de Moulins,\u00a0\u00e0\u00a0l'effet\nde\u00a0:\n-\u00a0prononcer\u00a0les\u00a0sanctions\u00a0de\u00a0l'avertissement\u00a0et\u00a0du\u00a0bl\u00e2me\u00a0\u00e0\u00a0l'encontre\u00a0des\u00a0personnels\u00a0(titulaires\u00a0et\nstagiaires)\u00a0 du\u00a0 corps\u00a0 d'encadrement\u00a0 et \u00a0 d'application\u00a0 de\u00a0 la\u00a0 police\u00a0 nationale\u00a0 affect\u00e9s\u00a0 \u00e0 \u00a0 la\u00a0 direction\nd\u00e9partementale\u00a0de\u00a0la\u00a0police\u00a0nationale\u00a0de\u00a0l'Allier\u00a0;\n-\u00a0prononcer\u00a0les\u00a0sanctions\u00a0d'exclusion\u00a0temporaire\u00a0de\u00a0fonctions\u00a0pour\u00a0une\u00a0dur\u00e9e\u00a0maximale\u00a0de\u00a03\u00a0jours\u00a0\u00e0\nl'encontre\u00a0des\u00a0personnels\u00a0actifs\u00a0titulaires\u00a0du\u00a0corps\u00a0d'encadrement\u00a0et\u00a0d'application\u00a0de\u00a0la\u00a0police\u00a0nationale\naffect\u00e9s\u00a0\u00e0\u00a0la\u00a0direction\u00a0d\u00e9partementale\u00a0de\u00a0la\u00a0police\u00a0nationale\u00a0de\u00a0l'Allier\u00a0;\n-\u00a0prononcer\u00a0les\u00a0sanctions\u00a0disciplinaires\u00a0de\u00a0l'avertissement\u00a0et\u00a0du\u00a0bl\u00e2me\u00a0\u00e0\u00a0l'encontre\u00a0des\u00a0techniciens\u00a0de\npolice\u00a0technique\u00a0et\u00a0scientifique\u00a0ou\u00a0des\u00a0agents\u00a0sp\u00e9cialis\u00e9s\u00a0de\u00a0police\u00a0technique\u00a0et\u00a0scientifique\u00a0(titulaires\u00a0et\nstagiaires)\u00a0affect\u00e9s\u00a0\u00e0\u00a0la\u00a0direction\u00a0d\u00e9partementale\u00a0de\u00a0la\u00a0police\u00a0nationale\u00a0de\u00a0l'Allier\u00a0;\nArticle     3   :\u00a0D\u00e9l\u00e9gation\u00a0de\u00a0signature\u00a0est\u00a0donn\u00e9e\u00a0\u00e0\u00a0M. B\u00e9nilde MOREAU,\u00a0directeur d\u00e9partemental de\nla police nationale de l'Allier et chef de la circonscription de police nationale de Moulins,\u00a0 en\nqualit\u00e9\u00a0de\u00a0responsable\u00a0d'unit\u00e9\u00a0op\u00e9rationnelle\u00a0(RUO)\u00a0d\u00e9l\u00e9gu\u00e9\u00a0de\u00a0l'UO\u00a00176-DSUE-D003\u00a0du\u00a0BOP\u00a0Zone\nde\u00a0d\u00e9fense\u00a0Sud-Est\u00a0du\u00a0programme\u00a0176\u00a0\u00abPolice\u00a0nationale\u00bb,\u00a0\u00e0\u00a0l'effet\u00a0de\u00a0:\n-\u00a0effectuer\u00a0la\u00a0programmation\u00a0et\u00a0le\u00a0pilotage\u00a0budg\u00e9taire\u00a0;\n-\u00a0valider\u00a0les\u00a0demandes\u00a0d'engagement,\u00a0la\u00a0liquidation\u00a0et\u00a0l'ordonnancement\u00a0des\u00a0d\u00e9penses\u00a0;\n-\u00a0g\u00e9rer\u00a0les\u00a0engagements\u00a0de\u00a0tiers\u00a0et\u00a0demande\u00a0d'\u00e9mission\u00a0des\u00a0titres\u00a0de\u00a0perception.\nSont\u00a0exclues\u00a0:\n-\u00a0les\u00a0d\u00e9penses\u00a0sup\u00e9rieures\u00a0\u00e0\u00a090\u00a0000\u00a0euros.\nArticle     4   :\u00a0En\u00a0cas\u00a0d'absence\u00a0ou\u00a0d'emp\u00eachement\u00a0de\u00a0M.\u00a0B\u00e9nilde\u00a0MOREAU,\u00a0directeur\u00a0d\u00e9partemental\u00a0de\nla\u00a0police\u00a0nationale\u00a0de\u00a0l'Allier\u00a0et\u00a0chef\u00a0de\u00a0la\u00a0circonscription\u00a0de\u00a0police\u00a0nationale\u00a0de\u00a0Moulins,\u00a0la\u00a0d\u00e9l\u00e9gation\u00a0de\nsignature\u00a0des\u00a0articles\u00a01\u00a0\u00e0\u00a03\u00a0est\u00a0donn\u00e9e\u00a0\u00e0\u00a0M. Armand DELAIR,\u00a0directeur d\u00e9partemental adjoint de la\npolice nationale de l'Allier par int\u00e9rim et chef de la circonscription de police nationale de Vichy.\nArticle     5   :\u00a0En\u00a0 application\u00a0 de\u00a0 l'article\u00a0 44\u00a0 du\u00a0 d\u00e9cret\u00a0 n\u00b02004-374\u00a0 du\u00a0 29\u00a0 avril\u00a0 2004\u00a0 modifi\u00e9\u00a0susvis\u00e9,\nM. B\u00e9nilde MOREAU, directeur d\u00e9partemental de la police nationale de l'Allier\u00a0 et chef de la\ncirconscription de police nationale de Moulins,\u00a0peut,\u00a0sous\u00a0sa\u00a0responsabilit\u00e9,\u00a0donner\u00a0d\u00e9l\u00e9gation\u00a0pour\nsigner\u00a0les\u00a0actes\u00a0relatifs\u00a0aux\u00a0affaires\u00a0pour\u00a0lesquelles\u00a0il\u00a0re\u00e7oit\u00a0la\u00a0pr\u00e9sente\u00a0d\u00e9l\u00e9gation\u00a0de\u00a0signature.\u00a0Il\u00a0en\ncommuniquera\u00a0une\u00a0copie\u00a0au\u00a0Pr\u00e9fet\u00a0qui\u00a0proc\u00e9dera\u00a0\u00e0\u00a0la\u00a0publication\u00a0au\u00a0recueil\u00a0des\u00a0actes\u00a0administratifs.\nDirection de la coordination des politiques publiques\n03_Pr\u00e9f_Pr\u00e9fecture de l'Allier - 03-2026-03-12-00001 - Extrait de l'arr\u00eat\u00e9 n\u00b0 528/2026 du 12 mars 2026 portant d\u00e9l\u00e9gation de signature \u00e0\nMonsieur B\u00e9nilde MOREAU, directeur d\u00e9partemental de la police nationale de l'Allier et chef de la circonscription de police nationale\nde Moulins\n4\nArticle     6   :\u00a0Les\u00a0dispositions\u00a0du\u00a0pr\u00e9sent\u00a0arr\u00eat\u00e9\u00a0entrent\u00a0en\u00a0vigueur\u00a0le\u00a0lendemain\u00a0du\u00a0jour\u00a0de\u00a0sa\u00a0publication\nau\u00a0recueil\u00a0des\u00a0actes\u00a0administratifs\u00a0de\u00a0la\u00a0pr\u00e9fecture\u00a0de\u00a0l'Allier.\nArticle     7   :\u00a0Le\u00a0pr\u00e9sent\u00a0arr\u00eat\u00e9\u00a0abroge\u00a0 l'arr\u00eat\u00e9\u00a0n\u00b0161/2025\u00a0 du\u00a0 27\u00a0 janvier\u00a0 2025\u00a0portant\u00a0 d\u00e9l\u00e9gation\u00a0 de\nsignature\u00a0\u00e0\u00a0M.\u00a0B\u00e9nilde\u00a0MOREAU,\u00a0directeur\u00a0d\u00e9partemental\u00a0de\u00a0la\u00a0police\u00a0nationale\u00a0de\u00a0l'Allier\u00a0et\u00a0chef\u00a0de\u00a0la\ncirconscription\u00a0de\u00a0police\u00a0nationale\u00a0de\u00a0Moulins.\nArticle     8   :\u00a0Un\u00a0recours\u00a0contre\u00a0le\u00a0pr\u00e9sent\u00a0arr\u00eat\u00e9\u00a0peut\u00a0\u00eatre\u00a0form\u00e9\u00a0devant\u00a0le\u00a0Tribunal\u00a0Administratif\u00a0de\nClermont-Ferrand\u00a0dans\u00a0un\u00a0d\u00e9lai\u00a0de\u00a0deux\u00a0mois\u00a0\u00e0\u00a0compter\u00a0de\u00a0sa\u00a0publication.\u00a0En\u00a0application\u00a0du\u00a0d\u00e9cret\nn\u00b0\u00a02018-251\u00a0du\u00a06\u00a0avril\u00a02018,\u00a0les\u00a0particuliers\u00a0et\u00a0les\u00a0personnes\u00a0morales\u00a0de\u00a0droit\u00a0priv\u00e9\u00a0non\u00a0repr\u00e9sent\u00e9s\u00a0par\nun\u00a0avocat\u00a0peuvent\u00a0communiquer\u00a0avec\u00a0un\u00a0Tribunal\u00a0administratif\u00a0par\u00a0la\u00a0voie\u00a0de\u00a0l'application\u00a0informatique\n\u00abT\u00e9l\u00e9recours\u00a0citoyens\u00a0\u00bb\u00a0sur\u00a0le\u00a0site\u00a0www.telerecours.fr.\nArticle     9   :\u00a0Le\u00a0secr\u00e9taire\u00a0g\u00e9n\u00e9ral\u00a0de\u00a0la\u00a0pr\u00e9fecture\u00a0de\u00a0l'Allier\u00a0et\u00a0le\u00a0directeur\u00a0d\u00e9partemental\u00a0de\u00a0la\u00a0police\nnationale\u00a0de\u00a0l'Allier\u00a0et\u00a0chef\u00a0de\u00a0la\u00a0circonscription\u00a0de\u00a0police\u00a0nationale\u00a0de\u00a0Moulins,\u00a0sont\u00a0charg\u00e9s,\u00a0chacun\u00a0en\nce\u00a0qui\u00a0les\u00a0concerne,\u00a0de\u00a0l'ex\u00e9cution\u00a0du\u00a0pr\u00e9sent\u00a0arr\u00eat\u00e9\u00a0qui\u00a0sera\u00a0publi\u00e9\u00a0au\u00a0recueil\u00a0des\u00a0actes\u00a0administratifs\nde\u00a0la\u00a0pr\u00e9fecture\u00a0de\u00a0l'Allier.\nLe\u00a0Pr\u00e9fet\nSign\u00e9\nChristophe\u00a0NO\u00cbL\u00a0du\u00a0PAYRAT\n03_Pr\u00e9f_Pr\u00e9fecture de l'Allier - 03-2026-03-12-00001 - Extrait de l'arr\u00eat\u00e9 n\u00b0 528/2026 du 12 mars 2026 portant d\u00e9l\u00e9gation de signature \u00e0\nMonsieur B\u00e9nilde MOREAU, directeur d\u00e9partemental de la police nationale de l'Allier et chef de la circonscription de police nationale\nde Moulins\n5\n03_Pr\u00e9f_Pr\u00e9fecture de l'Allier\n03-2026-03-10-00002\nHomologation du circuit de Montbeugny \u00e0\ncompter du 10 mars 2026\n03_Pr\u00e9f_Pr\u00e9fecture de l'Allier - 03-2026-03-10-00002 - Homologation du circuit de Montbeugny \u00e0 compter du 10 mars 2026 6\nSous-Pr\u00e9fecture de Vichy\nP\u00f4le population\nExtrait de l'arr\u00eat\u00e9 n\u00b0 29 / 2026 portant renouvellement de l'homologation du circuit du Bourbonnais \u00e0 \nMontbeugny\nARTICLE 1  ER   : Le circuit de vitesse du Bourbonnais sis a\u00e9rodrome de Moulins-Montbeugny \u00e0 Montbeugny, tel \nqu'il est d\u00e9crit au plan masse (annexe 1) et aux plans compl\u00e9mentaires (annexe 2) joints au pr\u00e9sent arr\u00eat\u00e9, est  \nhomologu\u00e9  pour  une  dur\u00e9e  de  quatre  ans  pour  toutes  les  cat\u00e9gories  de  v\u00e9hicules  \u00e0  l'exclusion  des  \ncomp\u00e9titions.\nLe plan d\u00e9taill\u00e9 des zones r\u00e9serv\u00e9es aux spectateurs pr\u00e9vues \u00e0 l'article R. 331-21 du code du sport figure \u00e0  \nl'annexe 2.\nUne nouvelle homologation est n\u00e9cessaire lorsque le trac\u00e9 du circuit fait l'objet d'une modification.\nARTICLE 2   : Le circuit est homologu\u00e9 pour l'organisation d'activit\u00e9s au cours desquelles le d\u00e9part est donn\u00e9  \nsimultan\u00e9ment \u00e0 plus de 2 v\u00e9hicules.\nLe  nombre  maximum  et  les  cat\u00e9gories  de  v\u00e9hicules  admis  simultan\u00e9ment  sur  cette  piste  sont  fix\u00e9s  \nconform\u00e9ment \u00e0 l'annexe 3 jointe au pr\u00e9sent arr\u00eat\u00e9.\nARTICLE 3   :Le  propri\u00e9taire  du  circuit  et  son  exploitant  sont  tenus  de  maintenir  en  \u00e9tat  la  piste,  ses  \nd\u00e9gagements et tous les dispositifs de protection des spectateurs et des concurrents.\nARTICLE 4     : L'homologation pourra \u00eatre r\u00e9voqu\u00e9e s'il appara\u00eet que le gestionnaire du circuit ne respecte pas  \nou ne fait pas respecter les conditions figurant dans le pr\u00e9sent arr\u00eat\u00e9.\nARTICLE 5     :   Afin de pr\u00e9server la tranquillit\u00e9 publique, l'utilisation du circuit est ainsi r\u00e9glement\u00e9e :\n1. l'utilisation de la piste est autoris\u00e9e de 8h30 \u00e0 12h30 et de 14  h \u00e0 19 h du lundi au vendredi, de 9  h \u00e0 \n12 h et de 14 h \u00e0 18 h, les samedis, dimanches et jours f\u00e9ri\u00e9s.\n2. Ne peuvent se d\u00e9rouler sur le circuit que des activit\u00e9s avec des v\u00e9hicules n'entra\u00eenant pas des  \nniveaux sonores sup\u00e9rieurs aux valeurs fix\u00e9es par les f\u00e9d\u00e9rations sportives ayant re\u00e7u d\u00e9l\u00e9gation, en  \napplication des  articles L. 131-14 et suivants du code du sport , et mesur\u00e9s en dynamique ou \u00e0 la  \nsource (au niveau de l'\u00e9mission du syst\u00e8me d'\u00e9chappement de chaque v\u00e9hicule), selon les r\u00e8gles  \ntechniques et de s\u00e9curit\u00e9 fix\u00e9es par ces m\u00eames f\u00e9d\u00e9rations ;\n3. Des d\u00e9rogations aux dispositions vis\u00e9es aux 1 et 2 ci-dessus ne peuvent \u00eatre accord\u00e9es par le Pr\u00e9fet  \nque dans la limite de 10  jours par an et seulement pour des manifestations d\u00fbment d\u00e9clar\u00e9es aupr\u00e8s  \ndu Pr\u00e9fet ;\n4. L'utilisation du circuit est interdite au moins 4 week-ends par an. Le gestionnaire du circuit en  \nadresse  la  liste  au  d\u00e9but  d'ann\u00e9e  au  Pr\u00e9fet  (P\u00f4le  d\u00e9partemental  des  manifestations  sportives  \u00e0 \nVichy) ;\n5. L'exploitant contr\u00f4le les \u00e9missions sonores des v\u00e9hicules et interdit l'acc\u00e8s \u00e0 la piste des v\u00e9hicules  \ndont le bruit \u00e9mis d\u00e9passe les valeurs fix\u00e9es conform\u00e9ment aux dispositions du pr\u00e9sent arr\u00eat\u00e9. Les  \nr\u00e9sultats du contr\u00f4le des \u00e9missions sonores est tenu \u00e0 la disposition du pr\u00e9fet ou de son repr\u00e9sentant,  \n\u00e0 sa demande.\n6. Des mesures de bruit per\u00e7ues dans l'environnement sont effectu\u00e9es chaque ann\u00e9e pendant deux mois  \ncons\u00e9cutifs, sur la p\u00e9riode du 1 er mai au 30 septembre, par l'exploitant dans des conditions d\u00e9finies  \nconjointement  avec  les  services  comp\u00e9tents  de  l'\u00c9tat.  Les  r\u00e9sultats  de  ces  mesures  sont  \ncommuniqu\u00e9s \u00e0 l'autorit\u00e9 pr\u00e9fectorale et \u00e0 l'agence r\u00e9gionale de sant\u00e9 et sont consign\u00e9s dans un  \nregistre conserv\u00e9 par l'exploitant, lequel doit pouvoir les pr\u00e9senter \u00e0 tout moment. \n03_Pr\u00e9f_Pr\u00e9fecture de l'Allier - 03-2026-03-10-00002 - Homologation du circuit de Montbeugny \u00e0 compter du 10 mars 2026 7\n7. L'exploitant pr\u00e9cise, par un r\u00e8glement int\u00e9rieur transmis annuellement au pr\u00e9fet, les conditions  \ng\u00e9n\u00e9rales d'utilisation du circuit.\n8. Les essais de moteur sont interdits de 22 h jusqu'\u00e0 6 h du matin.\nARTICLE 5     : Acc\u00e8s secours\nUne voie d'acc\u00e8s \u00e0 la piste devra \u00eatre pr\u00e9vue pour le cheminement des v\u00e9hicules de secours. Cet acc\u00e8s devra  \n\u00eatre maintenu libre en permanence, prot\u00e9g\u00e9 et signal\u00e9 aux services de secours.\nUn membre de l'organisation devra accueillir les services de secours \u00e0 l'entr\u00e9e du site et les accompagner sur \nla piste ou au centre m\u00e9dical.\nARTICLE 6     :L'arr\u00eat\u00e9 pr\u00e9fectoral n\u00b0 125/2022 en date du 23 mars 2022 portant homologation du circuit du  \nBourbonnais sis a\u00e9rodrome de Moulins-Montbeugny sur la commune de Montbeugny est abrog\u00e9.\nARTICLE 7     :   Le Sous-pr\u00e9fet de l'arrondissement de Vichy est charg\u00e9 de l'ex\u00e9cution du pr\u00e9sent arr\u00eat\u00e9, qui sera  \nnotifi\u00e9 au gestionnaire du circuit et publi\u00e9 au registre des actes administratif. Une copie du pr\u00e9sent arr\u00eat\u00e9 sera  \nadress\u00e9 \u00e0 la D\u00e9l\u00e9gation de la S\u00e9curit\u00e9 routi\u00e8re.\nVichy, le 10 mars 2026\nSign\u00e9 \n                                     \n        \n Le Sous-pr\u00e9fet de l'arrondissement \nde Vichy,    \n                   Michel TOURNAIRE        \n   \n03_Pr\u00e9f_Pr\u00e9fecture de l'Allier - 03-2026-03-10-00002 - Homologation du circuit de Montbeugny \u00e0 compter du 10 mars 2026 8","date":"2026-03-12","first_seen_on":"2026-03-12T15:09:25+00:00","id":"5ef345830efaded72667c3a30e632d92742eff2ed4c941284554d4fa3d9273ed","name":"recueil nr sp\u00e9cial - \u00e9dit\u00e9 le 12 mars 2026","pdf_creation_date":"2026-03-12T14:30:36+00:00","pdf_modification_date":null,"timezone":"Europe/Paris","url":"https://www.allier.gouv.fr/contenu/telechargement/19682/134062/file/recueil-03-2026-052-recueil-des-actes-administratifs-special.pdf"}
