{"administration":"pref92","administration_name":"Pr\u00e9fecture des Hauts-de-Seine","content":"EnPREFETDES HAUTS-DE-SEINELibert\u00e9Egalit\u00e9Fraternit\u00e9\nnn DE ee CU EEE\nmea Ze,\nA On HEE EE SR A ER DL HER LE 0 ONE DD LL Ee ee\nER ER D 2 EE SR R EE = se sl D el A SEM ER EN DU ER ee ee EEE 2 : sl\n1\nRECUEIL\nDES\nACTES ADMINISTRATIFS\nDIRECTION R\u00c9GIONALE ET INTERD\u00c9PARTEMENTALE\nDE L'ENVIRONNEMENT, DE L'AM\u00c9NAGEMENT ET DES\nTRANSPORTS D'ILE-DE-FRANCE\nN\u00b0 Sp\u00e9cial 15 avril 2026\nLAmre  DRD 2\n= ME  mu\nara = L4\nLILI ee  M EIRE\n= 0 Oe ee  ees\nI LA Im CI a\nmm eee  ee\nwe oe v4eel oe a ee\n=  mia _\nTee es\nnase ' ' oe\n=  mia _\nES\n2\nPR\u00c9FET DES HAUTS-DE-SEINE\nRECUEIL DES ACTES ADMINISTRATIFS\nN\u00b0 Sp\u00e9cial DRIEAT-IDF du 15 avril 2026\nSOMMAIRE\nArr\u00eat\u00e9s Dates\nDIRECTION R\u00c9GIONALE ET\nINTERD\u00c9PARTEMENTALE DE\nL'ENVIRONNEMENT, DE L'AM\u00c9NAGEMENT ET\nDES TRANSPORTS D'ILE DE FRANCE\nPages\nDRIEAT-IDF\nN\u00b078-2026-04-\n14-00005\n14.04.2026\nArr\u00eat\u00e9 portant modification des conditions de\ncirculation sur la route nationale RN118 en direction\nde Paris, entre le PR 6+400 dans le d\u00e9partement des\nYvelines et le PR 0+000 dans le d\u00e9partement des\nHauts de Seine, entre le PR4+900 et le PR7+000 en\ndirection de la province dans les d\u00e9partements des\nHauts de Seine et des Yvelines, pour des travaux\nd'entretien courant, hors agglom\u00e9ration\n3\nDRIEAT-IDF\nN\u00b02026-2-048 14.04.2026\nArr\u00eat\u00e9 portant sur la cr\u00e9ation d'un arr\u00eat minute\nr\u00e9serv\u00e9 aux autocars de tourisme, sur une route \u00e0\ngrande circulation (RD7) au 33, quai Gallieni \u00e0\nSuresnes, c\u00f4t\u00e9 habitations\n12\nEnPREFETDES HAUTS-DE-SEINELibert\u00e9Egalit\u00e9Fraternit\u00e9\nPR\u00c9FETDES YVELINESLibert\u00e9\u00c9galit\u00e9Fraternit\u00e9\nDirection r\u00e9gionale et interd\u00e9partementale\nde l'Environnement, de l'Am\u00e9nagement et des\nTransports d'\u00cele-de-France\nDirection d\u00e9partementale des territoires des\nYvelines\nService \u00e9ducation et s\u00e9curit\u00e9 routi\u00e8res\nBureau de la s\u00e9curit\u00e9 routi\u00e8re\nArr\u00eat\u00e9 inter-pr\u00e9fectoral n\u00b0 78-2026-04-14-00005 \nportant modification des conditions de circulation sur la route nationale RN118 en direction de Paris, \nentre le PR 6+400 dans le d\u00e9partement des Yvelines et le PR 0+000 dans le d\u00e9partement des Hauts de \nSeine, entre le PR4+900 et le PR7+000 en direction de la province dans les d\u00e9partements des Hauts de \nSeine et des Yvelines, pour des travaux d'entretien courant, hors agglom\u00e9ration.\nLe Pr\u00e9fet des Hauts de-Seine Le Pr\u00e9fet des Yvelines\nChevalier de la L\u00e9gion d'honneur\nChevalier de l'ordre national du M\u00e9rite\nVu le Code g\u00e9n\u00e9ral des collectivit\u00e9s territoriales, notamment ses articles L. 2215-1, L. 2521-1 et L.2521-\n2 ;\nVu le Code de justice administrative, notamment son article R.421-1 ;\nVu le Code de la route, notamment ses articles L.110-3, L.411-5, et R.411-8-1 ;\nVu le Code de la s\u00e9curit\u00e9 int\u00e9rieure, notamment son article L.131-4 ;\nVu le Code de la voirie routi\u00e8re, notamment ses articles L.115-1 et R*.152-1 ;\nVu le d\u00e9cret n\u00b02004-374 du 29 avril 2004 relatif aux pouvoirs des pr\u00e9fets, \u00e0 l'organisation et \u00e0 l'action\ndes services de l'\u00c9tat dans les r\u00e9gions et les d\u00e9partements ;\nVu le d\u00e9cret n\u00b02025-492 du 2 juin 2025 relatif \u00e0 la consistance du r\u00e9seau routier d\u00e9partemental ;\nVu le d\u00e9cret n\u00b02009-615 du 3 juin 2009 modifi\u00e9 fixant la liste des routes \u00e0 grande circulation ;\nVu le d\u00e9cret n\u00b02021-261 du 10 mars 2021 relatif \u00e0 la direction r\u00e9gionale et interd\u00e9partementale de\nl'environnement, de l'am\u00e9nagement et des transports d'\u00cele-de-France ;\nVu  l'arr\u00eat\u00e9  interminist\u00e9riel  du  24  novembre  1967  relatif  \u00e0  la  signalisation  des  routes  et  des\nautoroutes;\nArr\u00eat\u00e9 inter-pr\u00e9fectoral 78-92\n1\n\nVu  l'arr\u00eat\u00e9  et  l'instruction  interminist\u00e9rielle  sur  la signalisation  routi\u00e8re,  modifi\u00e9s  par  le  texte\nsubs\u00e9quent;\nVu l'arr\u00eat\u00e9 minist\u00e9riel du 8 juillet 2022 portant nomination de Madame Emmanuelle GAY en qualit\u00e9\nde  directrice  r\u00e9gionale  et  interd\u00e9partementale  de  l'environnement,  de  l'am\u00e9nagement  et  des\ntransports d'\u00cele-de-France ;\nVu le d\u00e9cret du 7 f\u00e9vrier 2024 portant nomination de Monsieur Fr\u00e9d\u00e9ric ROSE en qualit\u00e9 du pr\u00e9fet\ndes Yvelines ;\nVu le d\u00e9cret du 31 octobre 2024 portant nomination de Monsieur Alexandre BRUG\u00c8RE en qualit\u00e9 de\npr\u00e9fet des Hauts-de-Seine ;\nVu l'arr\u00eat\u00e9 SGAD n\u00b0 2024-73 du 18 novembre 2024 portan t d\u00e9l\u00e9gation de signature \u00e0 Madame\nEmmanuelle  GAY,  directrice  r\u00e9gionale  et  interd\u00e9partementale  de  l'environnement,  de\nl'am\u00e9nagement et des transports d'\u00cele-de-France ;\nVu la d\u00e9cision \nDRIEAT-IdF du 16 f\u00e9vrier 2026 portant subd\u00e9l\u00e9gation de signature du pr\u00e9fet des\nHauts-de-Seine ;\nVu la  note  du  29 janvier 2026 du  ministre des Transports,  fixant le calendrier  des jours \u00abhors\nchantiers\u00bb de l'ann\u00e9e 2026 et du mois de janvier 2027 ;\nVu l'instruction interminist\u00e9rielle sur la signalisation routi\u00e8re du 7 juin 1977 et ses annexes ;\nVu  l'arr\u00eat\u00e9  pr\u00e9fectoral  n\u00b0  D3Mi  2010.060  du  30  juin  2010  portant,  cr\u00e9ation  de  la  Direction\nD\u00e9partementale des Territoires des Yvelines ;\nVu l'arr\u00eat\u00e9 de la Premi\u00e8re ministre et du ministre de l'Int\u00e9rieur et des outre-mer en date du 28\nnovembre  2023,  Madame  Anne-Florie  CORON,  ing\u00e9nieure  g\u00e9n\u00e9rale  des  mines,  est  nomm\u00e9e\ndirectrice d\u00e9partementale des territoires des Yvelines, \u00e0 compter du 11 d\u00e9cembre 2023 ;\nVu l'arr\u00eat\u00e9 pr\u00e9fectoral n\u00b078-2025-06-25-00006 du 25 juin portant d\u00e9l\u00e9gation de signature \u00e0 Madame\nAnne-Florie CORON, directrice d\u00e9partementale des territoires des Yvelines ;\nVu l'arr\u00eat\u00e9 pr\u00e9fectoral n\u00b078-2026-04-09-00005 du 9 avril 2026 portant subd\u00e9l\u00e9gation de signature \u00e0\nMadame Anne-Florie CORON, directrice d\u00e9partementale des territoires des Yvelines ;\nVu la convention de la concession et le cahier des charges ;\nVu la demande formul\u00e9e par la DIRIF/AGER-O/UER de Jouy-en-Josas en date du 18 mars 2026 ;\nVu l'avis favorable de la Direction des Routes \u00cele-de-France en date du 18 mars 2026 ;\nVu l'avis favorable de Monsieur le commandant de la Compagnie R\u00e9publicaine de S\u00e9curit\u00e9 (CRS)\nautorouti\u00e8re Ouest \u00cele-de-France en date du 18 mars 2026  ;\nVu l'avis favorable de Monsieur le commandant de la Compagnie R\u00e9publicaine de S\u00e9curit\u00e9 (CRS)\nautorouti\u00e8re Sud \u00cele-de-France en date du 19 mars 2026  ;\nVu l'avis favorable de Monsieur le Directeur Interd\u00e9partemental de la Police Nationale des Yvelines\n(DIPN) en date du 18 mars 2026 ;\nVu l'avis favorable de Monsieur le Pr\u00e9sident du Conseil D\u00e9partemental des Yvelines en date du 9 avril\n2026  ;\nVu l'avis favorable de Monsieur le Pr\u00e9sident du Conseil D\u00e9partemental des Hauts-de-Seine du 9 avril\n2026  ;\nArr\u00eat\u00e9 inter-pr\u00e9fectoral 78-92\n2\nVu l'avis favorable de Monsieur le Maire de V\u00e9lizy-Villacoublay en date du 23 mars 2026;\nVu l'avis favorable de Monsieur le Maire de Meudon en date du 30 mars 2026 ; \nVu l'avis favorable de Monsieur le Maire de S\u00e8vres en date du 26 mars 2026 ;\nVu l'avis favorable de Monsieur le Maire de Saint-Cloud en date du 9 avril 2026  ; \nConsid\u00e9rant que les travaux d'entretien courant, n\u00e9cessitent de prendre des mesures de restriction \nde circulation afin d'assurer la s\u00e9curit\u00e9 des usagers et des agents appel\u00e9s \u00e0 intervenir ;\nSur proposition de Madame la Directrice r\u00e9gionale et Interd\u00e9partementale de l'Environnement, de\nl'Am\u00e9nagement et des Transports d'\u00cele-de-France ;\nSur proposition de Madame la Directrice D\u00e9partementale des Territoires des Yvelines \nARR\u00caTENT\nArticle 1     :   \nPendant les p\u00e9riodes du lundi 27 avril jusqu'au jeudi 30 avril, sur la route nationale RN118 en \ndirection de Paris, dans les  d\u00e9partements des Yvelines et des Hauts de Seine, entre le PR 6+400 et le\nPR 0+000, concernant les travaux de l'entretien courant, impliquent des modifications de la \ncirculation.\nLa circulation est interdite sur la RN118 en direction de Paris, sauf n\u00e9cessit\u00e9 du service ou besoin du \nchantier, chaque nuit de 22h00 \u00e0 5h00 pendant les p\u00e9riodes suivantes : \nN\u00b0 semaine jours\nS 18 - lundi 27 avril 2026,\n- mardi 28 avril 2026,\n- mercredi 29 avril 2026.\nNota  : les dates indiqu\u00e9es sont les dates de d\u00e9but de nuit de fermeture, exemple le lundi 27 avril:\n (correspond \u00e0 la nuit du lundi 27 avril et jusqu'au mardi 28 avril 2026).\n                     Des d\u00e9viations sont mises en place dans les conditions suivantes     :\nLes usagers de la route nationale RN118  en direction de Paris au PR 6+400  empruntent :\n\u2022 la bretelle n\u00b05b en direction de l'A86 Versailles \u00ab \u00e9changeur de V\u00e9lizy-sud \u00bb,\n\u2022 la bretelle n\u00b05d en direction de l'A86 Versailles \u00ab \u00e9changeur de V\u00e9lizy-sud \u00bb,\n\u2022 l'A86 en direction de Versailles,\nArr\u00eat\u00e9 inter-pr\u00e9fectoral 78-92\n3\n\u2022 la RN 12 en direction de Dreux,\n\u2022 la bretelle n\u00b08d en direction de l'A12 Paris \u00ab \u00e9changeur d'A12/RN12 \u00bb,\n\u2022 l'A12 en direction de Paris,\n\u2022 l'A13 en direction de Paris, \n\u2022 la sortie n\u00b03a en direction de S\u00e8vres,\n\u2022 la RD7 Quai du Mar\u00e9chal Juin en direction de S\u00e8vres, o\u00f9 ils retrouveront leur route.\nLes usagers de la N385 en direction de Cr\u00e9teil vers la RN118 Paris  bretelle n\u00b04b \u00ab     \u00e9changeur de V\u00e9lizy-  \nsud     \u00bb empruntent :  \n\u2022 l'A86 en direction de Versailles,\n\u2022 la RN 12 en direction de Dreux,\n\u2022 la bretelle n\u00b08d en direction de l'A12 Paris \u00ab \u00e9changeur d'A12/RN12 \u00bb,\n\u2022 l'A12 en direction de Paris,\n\u2022 l'A13 en direction de Paris, \n\u2022 la sortie n\u00b03a en direction de S\u00e8vres,\n\u2022 la RD7 , quai du Mar\u00e9chal Juin en direction de S\u00e8vres, o\u00f9 ils retrouveront leur route.\nLes usagers de la route nationale RN118 en direction de Paris bretellen\u00b0 4d \u00ab     \u00e9changeur de V\u00e9lizy-sud     \u00bb   \nempruntent :\n\u2022 la bretelle n\u00b05b en direction de l'A86 Versailles \u00ab \u00e9changeur de V\u00e9lizy-sud \u00bb,\n\u2022 la bretelle n\u00b05d en direction de l'A86 Versailles \u00ab \u00e9changeur de V\u00e9lizy-sud \u00bb,\n\u2022 l'A86 en direction de Versailles,\n\u2022 la RN 12 en direction de Dreux,\n\u2022 la bretelle n\u00b08d en direction de l'A12 Paris \u00ab \u00e9changeur d'A12/RN12 \u00bb,\n\u2022 l'A12 en direction de Paris,\n\u2022 l'A13 en direction de Paris, \n\u2022 la sortie n\u00b03a en direction de S\u00e8vres,\n\u2022 la RD7 Quai du Mar\u00e9chal Juin en direction de S\u00e8vres, o\u00f9 ils retrouveront leur route.\nLes usagers de l'avenue Morane Saulnier en direction de la RN118 Paris bretelle n\u00b03b \u00ab     \u00e9changeur de   \nMeudon     \u00bb empruntent :  \n\u2022 la rue de la P\u00e9pini\u00e8re en direction de Meudon,\n\u2022 l'avenue Morane Saulnier en direction de V\u00e9lizy-Villacoublay,\n\u2022 l'avenue de l'Europe en direction de l'A86,\n\u2022 la bretelle n\u00b03h en direction de la RN118 Province,\n\u2022 la bretelle n\u00b04b en direction de l'A86 Versailles,\n\u2022 l'A86 en direction de Versailles,\nArr\u00eat\u00e9 inter-pr\u00e9fectoral 78-92\n4\n\u2022 la RN 12 en direction de Dreux,\n\u2022 la bretelle n\u00b08d en direction de l'A12 Paris \u00ab \u00e9changeur d'A12/RN12 \u00bb,\n\u2022 l'A12 en direction de Paris,\n\u2022 l'A13 en direction de Paris, \n\u2022 la sortie n\u00b03a en direction de S\u00e8vres,\n\u2022 la RD7 Quai du Mar\u00e9chal Juin en direction de S\u00e8vres, o\u00f9 ils retrouveront leur route.\nLes usagers de la route du Colonel Marcel Moraine en direction de la RN118 Paris \u00ab     bretelle     Route de   \nVerrieres     \u00bb empruntent :  \n\u2022 la route du colonel Marcel Moraine en direction de Meudon,\n\u2022 l'avenue du Mar\u00e9chal Leclerc,\n\u2022 l'avenue Morane Saulnier en direction de V\u00e9lizy-Villacoublay,\n\u2022 l'avenue de l'Europe en direction de l'A86,\n\u2022 la bretelle n\u00b03h en direction de la RN118 Province,\n\u2022 la bretelle n\u00b04b en direction de l'A86 Versailles,\n\u2022 l'A86 en direction de Versailles,\n\u2022 la RN 12 en direction de Dreux,\n\u2022 la bretelle n\u00b08d en direction de l'A12 Paris \u00ab \u00e9changeur d'A12/RN12 \u00bb,\n\u2022 l'A12 en direction de Paris,\n\u2022 l'A13 en direction de Paris, \n\u2022 la sortie n\u00b03a en direction de S\u00e8vres\n\u2022 la RD7 Quai du Mar\u00e9chal Juin en direction de S\u00e8vres, o\u00f9 ils retrouveront leur route.\nLes usagers de la RD 181 route des Gardes et en direction de la RN118 Paris bretelle n\u00b02b \u00ab     \u00e9changeur des   \nBruy\u00e8res     \u00bb empruntent :  \n\u2022 la Rue des Bruy\u00e8res,\n\u2022 la RD 406 l'Avenue de la division Leclerc,\n\u2022 la RD 910 Grande Rue, o\u00f9 ils retrouveront leur route.\nArticle 2:\nPendant les p\u00e9riodes du lundi 11 mai jusqu'au mercredi 13 mai 2026, sur la RN118 dans le sens de la \nprovince, dans les d\u00e9partements des Yvelines et des Hauts-de-Seine, entre le PR4+900 et le PR7+000, les \ntravaux concernant l'entretien courant, impliquent des modifications de la circulation.\nLa circulation est interdite sur la RN118 en direction de la province (Y), sauf n\u00e9cessit\u00e9 du service ou\nbesoin du chantier, chaque nuit de 22h00 \u00e0 5h00 du matin pendant la p\u00e9riode suivante :\nN\u00b0 semaines jours\nS20 - lundi 11 mai 2026,\nArr\u00eat\u00e9 inter-pr\u00e9fectoral 78-92\n5\n- mardi 12 mai 2026,\n\u2022 Nota  : les dates indiqu\u00e9es sont les dates de d\u00e9but de nuit de fermeture, exemple le lundi 11 mai\n2026  : (correspond \u00e0 la nuit du lundi 11 mai et jusqu'au mardi 12 mai 2026).\nDes d\u00e9viations sont mises en place dans les conditions suivantes     :\nLes usagers en provenance de la nationale RN118 (Paris) et en direction de la province (Y) et de l'A86 en\ndirection de Cr\u00e9teil empruntent     :  \n\u2022 la d\u00e9viation en prenant les bretelles de sortie n\u00b03g en direction de V\u00e9lizy-Villacoublay,\n\u2022 l'avenue Morane Saulnier en direction de V\u00e9lizy-Villacoublay,\n\u2022 l'avenue de l'Europe,\n\u2022 l'avenue Louis Breguet,\n\u2022 la RD53 avenue Robert Wagner en direction de l'A86,\n\u2022 la bretelle n\u00b031c en direction de l'A86 Cr\u00e9teil (\u00e9changeur de V\u00e9lizy-Centre),\n\u2022 l'A86 et la RN 385 en direction de Cr\u00e9teil,\n\u2022 l'A6b en direction de \u00ab Bordeaux/Nantes \u00bb,\n\u2022 l'A10 en direction \u00ab Bordeaux/Nantes \u00bb, o\u00f9 ils retrouveront leur route.\nLes  usagers  souhaitant  se  rendre  vers  Cr\u00e9teil  retrouvent  leur  route  en  empruntant  l'A86  en  vers\nA4/Lille/Cr\u00e9teil.\nLes  usagers  souhaitant  se  rendre  vers  Antony  retrouvent  leur  route  en  empruntant  l'A86  en  vers\nVersailles/Antony.\nLes usagers en provenance de l'avenue Morane Saulnier au niveau de l'\u00e9changeur 3 \u00ab     bretelle n\u00b03h     \u00bb et en  \ndirection de la RN118 vers la province et de l'A86 en direction de Cr\u00e9teil  empruntent :\n\u2022 l'avenue de l'Europe en direction de l'A86 Cr\u00e9teil/Versailles,\n\u2022 la bretelle d'entr\u00e9e sur l'A86 en int\u00e9rieur pour les usagers en direction de Versailles, o\u00f9 ils \nretrouvent leur route,\n\u2022 la bretelle d'entr\u00e9e sur l'A86 en ext\u00e9rieur pour les usagers en direction de l'A86 Cr\u00e9teil et la RN118 \nprovince, \n\u2022 l'A86 et la RN 385 en direction de Cr\u00e9teil, o\u00f9 ils retrouvent leur route. \nLes usagers en provenance du Centre commercial V\u00e9lizy2 et en direction de la RN118 vers la province et\nde l'A86 en direction de Cr\u00e9teil  niveau de l'\u00e9changeur 3 \u00ab     bretelle n\u00b03h     \u00bb  empruntent     :   \n\u2022 l'avenue de l'Europe en direction de l'A86 Cr\u00e9teil/Versailles,\n\u2022 la bretelle d'entr\u00e9e sur l'A86 en int\u00e9rieur pour les usagers en direction de Versailles, o\u00f9 ils \nretrouvent leur route,\n\u2022 la bretelle d'entr\u00e9e sur l'A86 en ext\u00e9rieur pour les usagers en direction de l'A86 Cr\u00e9teil et la RN118 \nprovince, \nArr\u00eat\u00e9 inter-pr\u00e9fectoral 78-92\n6\n\u2022 l'A86 et la RN 385 en direction de Cr\u00e9teil, ou ils retrouvent leur route. \nLes usagers en provenance de la bretelle n\u00b05d  (Petit-Clamart) et en direction la RN118 Province (y)\nBretelle n\u00b05f (\u00e9changeur de V\u00e9lizy-Sud) empruntent     :   \n\u2022 la d\u00e9viation en prenant la bretelle d'entr\u00e9e sur l'A86 en direction de Versailles (bretelle n\u00b05d),\n\u2022 la bretelle de sortie n\u00b031a en direction de Jouy en Josas,\n\u2022 la RD53 avenue Robert Wagner en direction de l'A86,\n\u2022 la bretelle n\u00b031c en direction de l'A86 Cr\u00e9teil (\u00e9changeur de V\u00e9lizy-Centre),\n\u2022 l'A86 et la RN 385 en direction de Cr\u00e9teil,\n\u2022 l'A6b en direction de \u00ab Bordeaux/Nantes \u00bb,\n\u2022 l'A10 en direction \u00ab Bordeaux/Nantes \u00bb, o\u00f9 ils retrouvent leur route.\nLes usagers en provenance de l'A86 bretelle n\u00b05h (Versailles) et en direction la RN118 vers la province (Y)     \nA10-A11  Bretelle n\u00b05e (\u00e9changeur de V\u00e9lizy-Sud) empruntent     :   \n\u2022 la d\u00e9viation en prenant la bretelle d'entr\u00e9e sur l'A86 en direction de Cr\u00e9teil (bretelle n\u00b05h),\n\u2022 la RN385 en direction de Cr\u00e9teil,\n\u2022 l'A6b en direction de \u00ab Bordeaux/Nantes \u00bb,\n\u2022 l'A10 en direction \u00ab Bordeaux/Nantes \u00bb, o\u00f9 ils retrouvent leur route.\nLes usagers en provenance de la rue Jean-Pierre Peugeot \u00ab     ZA du Val de Gr\u00e2ce  et en direction la RN118  \nprovince (Y)  empruntent     :   \n\u2022 la rue Andr\u00e9 Citro\u00ebn en direction de l'usine PSA,\n\u2022 l'A86 et la RN 385 en direction de Cr\u00e9teil,\n\u2022 l'A6b en direction de \u00ab Bordeaux/Nantes \u00bb,\n\u2022 l'A10 en direction \u00ab Bordeaux/Nantes \u00bb, o\u00f9 ils retrouvent leur route.\nArticle 3     :    \nLes  transports  exceptionnels  doivent  respecter  les  prescriptions  g\u00e9n\u00e9rales  de  l'arr\u00eat\u00e9\nn\u00b078-2025-01-24-00010 du 24 janvier 2025 modifiant l'arr\u00eat\u00e9 n\u00b02017122-0002 du 2 mai 2017 d\u00e9finissant les\nr\u00e9seaux routiers \u00ab 120 tonnes \u00bb, \u00ab 94 tonnes \u00bb et c\u00ab 72 tonnes \u00bb du d\u00e9partement des Yvelines accessibles\naux convois exceptionnels sous r\u00e9serve du respect des caract\u00e9ristiques de poids et gabarit maximales et\ndes prescriptions associ\u00e9es.\nLe p\u00e9titionnaire s'engage \u00e0 :\n- ce que les caract\u00e9ristiques de son convoi lui permettent de respecter les conditions \nminimales de franchissement des passages \u00e0 niveau et des ouvrages d'art,\n- reconna\u00eetre, au pr\u00e9alable, l'itin\u00e9raire autoris\u00e9 et avoir v\u00e9rifi\u00e9 qu'aucun obstacle fixe \nnotamment dans les travers\u00e9es d'agglom\u00e9ration ne g\u00eane ou n'emp\u00eache le passage de son \nconvoi,\nArr\u00eat\u00e9 inter-pr\u00e9fectoral 78-92\n7\n- demander l'autorisation du gestionnaire de voirie concern\u00e9 par la d\u00e9viation.\nArticle 4\nLes services de la Direction des Routes \u00cele-de-France assurent la mise en place, la maintenance et le \nrepli de la signalisation temporaire, celle-ci est conforme aux dispositions en vigueur \u00e9dict\u00e9es par \nl'arr\u00eat\u00e9 interminist\u00e9riel du 24 novembre 1967 modifi\u00e9 par les textes subs\u00e9quents et par l'instruction \ninterminist\u00e9rielle sur la signalisation routi\u00e8re, Livre 1 \u2013 8eme Partie \u2013 approuv\u00e9e par l'arr\u00eat\u00e9 du 6 \nNovembre 1992.\nEn compl\u00e9ment de la signalisation temporaire, les fermetures mentionn\u00e9es dans le pr\u00e9sent arr\u00eat\u00e9 \nsont indiqu\u00e9es aux usagers par l'activation de panneaux \u00e0 messages variables (PMV).\nArticle 5     :   \nLes infractions aux r\u00e8gles de circulation d\u00e9coulant du pr\u00e9sent arr\u00eat\u00e9 sont constat\u00e9es et poursuivies \nconform\u00e9ment \u00e0 la r\u00e9glementation en vigueur.\nArticle 6     :   \nLe pr\u00e9sent arr\u00eat\u00e9 peut faire l'objet dans le d\u00e9lai de deux mois \u00e0 compter de sa notification :\n- d'un recours gracieux aupr\u00e8s du pr\u00e9fet des Hauts-de-Seine, adress\u00e9 \u00e0 la direction r\u00e9gionale et \ninterd\u00e9partementale de l'environnement, de l'am\u00e9nagement et des transports d'\u00cele-de-France, 21-23\nrue Miollis  75015 Paris ;\n- d'un recours gracieux aupr\u00e8s du pr\u00e9fet des Yvelines, 2 avenue de l'Europe 78000 Versailles ;\n-  d'un recours hi\u00e9rarchique aupr\u00e8s du minist\u00e8re de l'Int\u00e9rieur ;\n-  d'un recours contentieux aupr\u00e8s du tribunal administratif de Cergy Pontoise ;\n-  d'un recours contentieux aupr\u00e8s du tribunal administratif de Versailles.\nArticle 7     :   \nMonsieur le Secr\u00e9taire g\u00e9n\u00e9ral de la Pr\u00e9fecture des Yvelines ;\nMonsieur le Secr\u00e9taire G\u00e9n\u00e9ral de la Pr\u00e9fecture des Hauts-de-Seine ;\nMadame la Directrice D\u00e9partementale des Territoires des Yvelines ;\nMonsieur le Directeur des Routes d'\u00cele-de-France,\nMonsieur le Directeur Interd\u00e9partemental de la Police Nationale des Yvelines,\nMonsieur le Commandant de la Compagnie R\u00e9publicaine Autorouti\u00e8re Ouest \u00cele-de-France,\nMonsieur le Commandant de la Compagnie R\u00e9publicaine Autorouti\u00e8re Sud \u00cele-de-France,\nMonsieur le Pr\u00e9sident du Conseil D\u00e9partemental des Yvelines,\nMonsieur le Pr\u00e9sident du Conseil D\u00e9partemental des Hauts-de-Seine,\nMonsieur le Maire de V\u00e9lizy-Villacoublay,\nMonsieur le Maire de S\u00e8vres,\nMonsieur le Maire de Saint-Cloud,\nMonsieur le Maire de Meudon,\nArr\u00eat\u00e9 inter-pr\u00e9fectoral 78-92\n8\nFait a Versailles, le 14 avril 2026Pour le Pr\u00e9fet des Yvelines et par d\u00e9l\u00e9gation,Pour la Directrice D\u00e9partementale des territoiresdes Yvelines et par subd\u00e9l\u00e9gation,\nAfainte 4 le Cheffe de Servicede l\u00e9ucstion et de is S\u00e9cunt\u00e9 Routi\u00e8resChefte de l'unit\u00e9 S\u00e9curit\u00e9 Roub\u00e8reJohan\nFait \u00e0 Paris, le 14 avril 2026Pour le pr\u00e9fet des Hauts-de-Seine et parsubd\u00e9l\u00e9gation,le chef de l'unit\u00e9 circulation routi\u00e8reGuillaume THUAULT Signature num\u00e9rique de GuillaumeTHUAULT guillaume.thuaultguillaume.thuault Date: 2026.04.14 17:18:42 +02'00'\nsont charg\u00e9s, chacun en ce qui le concerne, de l'ex\u00e9cution du pr\u00e9sent arr\u00eat\u00e9 qui sera publi\u00e9 \nrespectivement aux recueils des actes administratifs des pr\u00e9fectures des Yvelines et des Hauts-de-\nSeine et dont copie sera adress\u00e9e \u00e0 Monsieur le directeur du service d\u00e9partemental d'incendie et de \nsecours des Yvelines, \u00e0 Monsieur le directeur du service d\u00e9partemental d'incendie et de secours des \nHauts de Seine, \u00e0 Monsieur le directeur du Service d'Aide M\u00e9dicale Urgente (SAMU)  des Yvelines et \n\u00e0 Monsieur le directeur du Service d'Aide M\u00e9dicale Urgente (SAMU) des Hauts de Seine.\nArr\u00eat\u00e9 inter-pr\u00e9fectoral 78-92\n9\n\nPREFET Direction r\u00e9gionale et interd\u00e9partementale deDES HAUTS- l'Environnement, de l'Am\u00e9nagementPESEINE et des Transports d'\u00cele-de-FranceLibert\u00e9\u00c9galit\u00e9Fraternit\u00e9\nArr\u00eat\u00e9 pr\u00e9fectoral DRIEAT-IdF n\u00b0 cf, - L-oLY\nportant sur la cr\u00e9ation d'un arr\u00eat minute r\u00e9serv\u00e9 aux autocars de tourisme, sur une route \u00e0 grandecirculation (RD7) au 33, quai Gallieni \u00e0 Suresnes, c\u00f4t\u00e9 habitations\nLe pr\u00e9fet des Hauts-de-Seine\nVu le code g\u00e9n\u00e9ral des collectivit\u00e9s territoriales, notamment ses articles L. 2215-1, L. 2521-1 et L.2521-2 ;Vu le code dejustice administrative, notamment son article R.421-1;\nVu le code de la route, notamment ses articles L.110-3, L.411-5, et R.411-8-1;\nVu le code de la s\u00e9curit\u00e9 int\u00e9rieure, notamment son article L.131-4;\nVu le code de la voirie routi\u00e8re, notamment ses articles L.115-1 et R.152-1;\nVu le d\u00e9cret n\u00b02004-374 du 29 avril 2004 relatif aux pouvoirs des pr\u00e9fets, \u00e0 l'organisation et \u00e0 l'actiondes services de l'\u00c9tat dans les r\u00e9gions et les d\u00e9partements ;\nVu le d\u00e9cret n\u00b02009-615 du 3 juin 2009 modifi\u00e9 fixant la liste des routes \u00e0 grande circulation ;Vu le d\u00e9cret n\u00b02021-261 du 10 mars 2021 relatif \u00e0 la direction r\u00e9gionale et interd\u00e9partementale del'environnement, de l'am\u00e9nagement et des transports d'\u00cele-de-France ;\nVu l'arr\u00eat\u00e9 interminist\u00e9riel du 24 novembre 1967 relatif \u00e0 la signalisation des routes et des autoroutes ;Vu l'instruction interminist\u00e9rielle sur la signalisation routi\u00e8re du 7 juin 1977 et ses annexes;Vu l'arr\u00eat\u00e9 minist\u00e9riel du 8 juillet 2022 portant nomination de Madame Emmanuelle GAY en qualit\u00e9 dedirectrice r\u00e9gionale et interd\u00e9partementale de l'environnement, de l'am\u00e9nagement et des transportsd'\u00cele-de-France ;\nVu le d\u00e9cret du 31 octobre 2024 portant nomination de Monsieur Alexandre BRUG\u00c8RE en qualit\u00e9 depr\u00e9fet des Hauts-de-Seine ;\nVu la demande formul\u00e9e par Monsieur le Maire de Suresnes en date du 3 f\u00e9vrier 2026:\nVu l'avis r\u00e9put\u00e9 favorable du SMO/Seine Yvelines Voirie - gestionnaire des routes d\u00e9partementales desHauts-de-Seine en date du 18 mars 2026 ;\nVu l'avis favorable du directeur territorial de la s\u00e9curit\u00e9 de proximit\u00e9 des Hauts-de-Seine en date du 2 avril2026;\nVu l'avis r\u00e9put\u00e9 favorable de la RATP-Bus en date du 2 avril 2026 ;\nConsid\u00e9rant que la RD7 \u00e0 Suresnes est class\u00e9e dans la nomenclature des voies \u00e0 grande circulation ;\nSur proposition du directeur de l'unit\u00e9 d\u00e9partementale des Hauts-de-Seine de la direction r\u00e9gionale etinterd\u00e9partementale de l'environnement, de l'am\u00e9nagement et des transports d'\u00cele-de-France ;\n\nARRETE\nArticle 1A compter de la date de publication du pr\u00e9sent arr\u00e9t\u00e9, les conditions de stationnement sontr\u00e9glement\u00e9es au droit du 33 quai Gallieni \u00e0 Suresnes (RD7), \u00e0 l'occasion de la cr\u00e9ation d'une place\u00ab d\u00e9pose minute \u00bb pour les autocars de tourisme.\nArticle 2Une signalisation verticale et horizontale appropri\u00e9e, indiquant clairement la nature de cette place destationnement, exclusivement r\u00e9serv\u00e9e aux autocars de tourisme, sera mise en place dans le cadre destravaux de mise en accessibilit\u00e9 aux passagers des autocars. Tout stationnement d'un v\u00e9hicule nonautoris\u00e9 est soumis \u00e0 une verbalisation conform\u00e9ment \u00e0 la r\u00e9glementation en vigueur.\nArticle 3La gestion et l'entretien de cet emplacement, notamment la signalisation horizontale et verticale sont\u00e0 la charge de la commune de Suresnes, dans le cadre de la convention de coop\u00e9ration communalesign\u00e9e avec le d\u00e9partement des Hauts-de-Seine et le syndicat mixte ouvert Seine et Yvelines Voirie.\nArticle 4Les conditions suivantes sont \u00e0 faire respecter pour l'arr\u00eat minute r\u00e9serv\u00e9 aux autocars de tourisme:* le caract\u00e8re ponctuel de l'arr\u00eat pour ne pas contraindre la circulation des bus urbains et dutrafic v\u00e9hicules ;* toutes dispositions mat\u00e9rielles n\u00e9cessaires pour s\u00e9curiser tant la chauss\u00e9e (ne pas stationnerhors d\u00e9pose/reprise en particulier) que les abords (piste cyclable, trottoir...Le constat de dysfonctionnements peut conduire au retrait de la pr\u00e9sente autorisation.\nArticle 5Les dispositions ant\u00e9rieures, contraires au pr\u00e9sent arr\u00eat\u00e9 sont abrog\u00e9es.\nArticle 6Le pr\u00e9sent arr\u00eat\u00e9 peut faire l'objet dans le d\u00e9lai de deux mois \u00e0 compter de sa notification :* d'un recours gracieux aupr\u00e8s du pr\u00e9fet des Hauts-de-Seine, adress\u00e9 \u00e0 la DRIEAT \u00cele-de-France ;* d'un recours hi\u00e9rarchique aupr\u00e8s du minist\u00e8re de l'Int\u00e9rieur;* d'un recours contentieux aupr\u00e8s du tribunal administratif des Hauts-de-Seine\nArticle 7Le secr\u00e9taire g\u00e9n\u00e9ral de la pr\u00e9fecture des Hauts-de-Seine,le directeur territorial de la s\u00e9curit\u00e9 de proximit\u00e9 des Hauts-de-Seine,le pr\u00e9sident du conseil d\u00e9partemental des Hauts-de-Seine,le maire de Suresnes,sont charg\u00e9s, chacun en ce qui les concerne, de l'ex\u00e9cution du pr\u00e9sent arr\u00eat\u00e9 qui sera publi\u00e9 au recueildes actes administratifs de la pr\u00e9fecture des Hauts-de-Seine et dont copie sera adress\u00e9e aucommandant de la brigade des sapeurs-pompiers de Paris et au directeur du SAMU.\nNanterre, le 14 AVR. 2026\nPour le pr\u00e9fet, par d\u00e9l\u00e9gation,\nPascal GAUCI\n\nee SE ees = DE SR a Se, DE DE SR 2 MR BR SLR FEC em 6 SUEDE ee\nLABR DR DRE DURE CURE OS D D SR\nmms  mm = \u2014_ oo\n= \" \" 1 1 1 x\nrer  ke  ee  mm\n~  , . \u00ab , , 1\nAR IA == a . \" CS  .\n1 \" 1 . \"4 oe \" 1. 4  - 1 \"4 1 1\n\u2014_s \u00ab CI oo. an\nxau 1 rr  ATs rT\nzes  ke  re\n14\nRECUEIL DES ACTES ADMINISTRATIFS\nDU\nPR\u00c9FET DES HAUTS-DE-SEINE\nISSN 0985 - 5955\nPour toute correspondance, s'adresser \u00e0 :\nPR\u00c9FET DES HAUTS-DE-SEINE\nSecr\u00e9tariat g\u00e9n\u00e9ral\nSecr\u00e9tariat g\u00e9n\u00e9ral aux affaires d\u00e9partementales\n167/177, Avenue Joliot Curie\n92013 NANTERRE CEDEX\nLe recueil des actes administratifs est consultable en ligne sur le site de la pr\u00e9fecture\nAdresse Internet : https://www.hauts-de-seine.gouv.fr/\nDirecteur de la publication :\nAlexandre BRUG\u00c8RE\nPR\u00c9FET DES HAUTS-DE-SEINE\nLAee  eee  EE  ER DE eee\n15\nPR\u00c9FECTURE DES HAUTS-DE-SEINE\n167-177, avenue Joliot Curie 92013 NANTERRE Cedex\nCourriel : sgc-courrier@hauts-de-seine.gouv.fr\nStandard : 01.40.97.20.00 T\u00e9l\u00e9copie 01.40.97.25.21\nAdresse Internet : https://www.hauts-de-seine.gouv.fr/","date":"2026-04-15","first_seen_on":"2026-04-15T17:38:29+00:00","id":"5f498a7d13de9ab0be60d159f34a3a1fcfbec91ba73f476a957d7349d2ba61c9","name":"2026-04-15 RAA sp\u00e9cial DRIEAT-IDF du 15 avril 2026","pdf_creation_date":null,"pdf_modification_date":"2026-04-15T15:15:37+00:00","timezone":"Europe/Paris","url":"https://www.hauts-de-seine.gouv.fr/contenu/telechargement/28615/197639/file/2026-04-15%20RAA%20sp%C3%A9cial%20DRIEAT-IDF%20du%2015%20avril%202026.pdf"}
