{"administration":"pref37","administration_name":"Pr\u00e9fecture d\u2019Indre-et-Loire","content":"INDRE-ET-LOIRE\nRECUEIL DES ACTES\nADMINISTRATIFS SP\u00c9CIAL\nN\u00b037-2026-01010\nPUBLI\u00c9 LE  7 JANVIER 2026\nSommaire\nDirection d\u00e9partementale des Territoires /\n37-2026-01-07-00001 - 2026-01-07 RAA fin\narr\u00eat\u00e9-interdictionPL-episode-neige (2 pages) Page 3\n2\nDirection d\u00e9partementale des Territoires\n37-2026-01-07-00001\n2026-01-07 RAA fin\narr\u00eat\u00e9-interdictionPL-episode-neige\nDirection d\u00e9partementale des Territoires - 37-2026-01-07-00001 - 2026-01-07 RAA fin arr\u00eat\u00e9-interdictionPL-episode-neige 3\nDirection D\u00e9partementale des territoires d'Indre-et-Loire\nService Risque et S\u00e9curit\u00e9\nARR\u00caT\u00c9\nlevant la restriction de circulation des v\u00e9hicules dont le poids total en charge est \nsup\u00e9rieur \u00e0 3,5 tonnes et mettant fin \u00e0 l'abaissement de la vitesse pour tous les \nv\u00e9hicules sur le r\u00e9seau routier d'Indre-et-Loire\nLe Pr\u00e9fet d'Indre-et-Loire\nChevalier de la L\u00e9gion d'honneur\nChevalier de l'Ordre national du M\u00e9rite\nVu le Code g\u00e9n\u00e9ral des collectivit\u00e9s territoriales ;\nVu le Code de la route ;\nVu le d\u00e9cret n\u00b02004-374 du 29 avril 2004 modifi\u00e9 relatif aux pouvoirs des pr\u00e9fets, \u00e0 l'organisation et \u00e0  \nl'action des services de l'\u00c9tat dans les r\u00e9gions et les d\u00e9partements ;\nVu le d\u00e9cret du 6 novembre 2024 portant nomination de M. Thomas CAMPEAUX en qualit\u00e9 de pr\u00e9fet  \nd'Indre-et-Loire ;\nVu l'arr\u00eat\u00e9 du Pr\u00e9fet de la zone de d\u00e9fense et de s\u00e9curit\u00e9 Ouest du 13 mars 2025 portant approbation  \ndu plan intemp\u00e9ries de la zone de d\u00e9fense et de s\u00e9curit\u00e9 Ouest (PIZO) ;\nVu  l'arr\u00eat\u00e9 du Pr\u00e9fet de la zone de d\u00e9fense et s\u00e9curit\u00e9 Oues t  portant r\u00e9glementation de circulation  \nrouti\u00e8re sur le r\u00e9seau PIZO en raison des intemp\u00e9ries en date du 6 janvier 2026 ;\nConsid\u00e9rant la fin de la vigilance orange \u00e9mise par M\u00e9t\u00e9o France pour les ph\u00e9nom\u00e8nes \u00ab neige-verglas \u00bb \nle 07 janvier 2026 ;\nSur proposition de la Directrice d\u00e9partementale des territoires :\nARR\u00caTE\nArticle 1er :\nL'arr\u00eat\u00e9 du 6 janvier 2026 interdisant la circulation des v\u00e9hicules et ensembles de v\u00e9hicules dont le  \npoids total autoris\u00e9 en charge (PTAC) est sup\u00e9rieur \u00e0 3,5 tonnes et des v\u00e9hicules affect\u00e9s au transport  \nde mati\u00e8res dangereuses, est abrog\u00e9 \u00e0 effet imm\u00e9diat.\n61, avenue de Grammont\nBP 71655 37016 TOURS GRAND TOURS CEDEX 1\nT\u00e9l. : 02 47 70 80 90\nM\u00e9l : ddt@indre-et-loire.gouv.fr\nwww.indre-et-loire.gouv.fr 1/2\nDirection d\u00e9partementale des Territoires - 37-2026-01-07-00001 - 2026-01-07 RAA fin arr\u00eat\u00e9-interdictionPL-episode-neige 4\nArticle 2 :\nLe pr\u00e9sent arr\u00eat\u00e9 est susceptible, dans un d\u00e9lai de deux mois \u00e0 compter de sa notification ou de sa  \npublication de faire l'objet :\n\u2022 d'un recours gracieux devant le pr\u00e9fet d'Indre-et-Loire ;\n\u2022 d'un recours hi\u00e9rarchique devant le ministre de l'Int\u00e9rieur, place Beauvau 75008 Paris cedex 08;\n\u2022 d'un recours contentieux devant le tribunal administratif d'Orl\u00e9ans \u2013 28, rue de la Bretonnerie \u2013 \n45057 Orl\u00e9ans Cedex 1 par voie postale ou par voie d\u00e9mat\u00e9rialis\u00e9e via \u00ab  t\u00e9l\u00e9recours citoyen \u00bb \naccessible sur le site Internet www.telerecours.fr.\nArticle 7 : \nMadame  la  Secr\u00e9taire  G\u00e9n\u00e9rale,  Monsieur  le  Directeur  de  Cabinet,  Madame  la  Directrice \nD\u00e9partementale des Territoires, Monsieur le Commandant du Groupement de Gendarmerie du Loiret,  \nMadame la Directrice Interd\u00e9partementale de la Police Nationale sont charg\u00e9s chacun en ce qui le  \nconcerne de l'ex\u00e9cution du pr\u00e9sent arr\u00eat\u00e9 qui sera publi\u00e9 au recueil des actes administratifs.\nFait \u00e0 Tours, le 07/01/2026\nPour le pr\u00e9fet et par d\u00e9l\u00e9gation,\nLe sous-pr\u00e9fet, directeur de cabinet\nSign\u00e9 : Pierre-Ange SAVELLI\n2/2\nDirection d\u00e9partementale des Territoires - 37-2026-01-07-00001 - 2026-01-07 RAA fin arr\u00eat\u00e9-interdictionPL-episode-neige 5","date":"2026-01-07","first_seen_on":"2026-01-07T17:22:36+00:00","id":"5f9ec0ff917d5b2e122144633015eb689a8e8c609f254302154673daddbcbac4","name":"2026-01-07 RAA sp\u00e9cial_fin_arr\u00eat\u00e9-interdictionPL-episode-neige","pdf_creation_date":"2026-01-07T15:36:46+00:00","pdf_modification_date":null,"timezone":"Europe/Paris","url":"https://www.indre-et-loire.gouv.fr/contenu/telechargement/48636/367442/file/2026-01-07%20RAA%20sp%C3%A9cial_fin_arr%C3%AAt%C3%A9-interdictionPL-episode-neige.pdf"}
