{"administration":"pref83","administration_name":"Pr\u00e9fecture du Var","content":"VAR\nRECUEIL DES ACTES\nADMINISTRATIFS SP\u00c9CIAL\nN\u00b083-2024-018\nPUBLI\u00c9 LE 28 F\u00c9VRIER 2024\nSommaire\nPr\u00e9fecture du VAR / Direction des s\u00e9curit\u00e9s\n83-2024-02-28-00043 - Arr\u00eat\u00e9 n\u00b0 2024/BSP/04 du 28 f\u00e9vrier 2024 autorisant\nla captation, l\u25a1enregistrement et la transmission d\u25a1images au moyen de\ncam\u00e9ras install\u00e9es sur des a\u00e9ronefs (3 pages) Page 3\n2\nPr\u00e9fecture du VAR\n83-2024-02-28-00043\nArr\u00eat\u00e9 n\u00b0 2024/BSP/04 du 28 f\u00e9vrier 2024\nautorisant la captation, l\u25a1enregistrement et la\ntransmission d\u25a1images au moyen de cam\u00e9ras\ninstall\u00e9es sur des a\u00e9ronefs\nPr\u00e9fecture du VAR - 83-2024-02-28-00043 - Arr\u00eat\u00e9 n\u00b0 2024/BSP/04 du 28 f\u00e9vrier 2024 autorisant la captation, l\u25a1enregistrement et la\ntransmission d\u25a1images au moyen de cam\u00e9ras install\u00e9es sur des a\u00e9ronefs 3\nEx\nPREFET\nDU  VAR\nijerte'\nEgalit\u00e9\nFraternit\u00e9\n1\nCabinet du Pr\u00e9fet\nDirection des s\u00e9curit\u00e9s\nBureau de la s\u00e9curit\u00e9 publique\nArr\u00eat\u00e9 n\u00b0 2024/BSP/04 du 28 f\u00e9vrier 2024\nautorisant la captation, l'enregistrement et la transmission \nd'images au moyen de cam\u00e9ras install\u00e9es sur des a\u00e9ronefs\nLe pr\u00e9fet du Var,\nVu le code de la s\u00e9curit\u00e9 int\u00e9rieure  et notamment ses articles L. 242-1 \u00e0 L. 242-8 et R. 242-8 \u00e0\nR. 242-14 ;\nVu le d\u00e9cret n\u00b0 2004-374 du 29 avril 2004 relatif aux pouvoirs des pr\u00e9fets, \u00e0 l'organisation et \u00e0\nl'action des services de l'\u00c9tat dans les r\u00e9gions et d\u00e9partements  ;\nVu le d\u00e9cret du 13 juillet 2023 portant nomination de Monsieur Philippe MAHE, pr\u00e9fet du\nVar ;\nVu l'arr\u00eat\u00e9 n\u00b0 2024/04/MCI du 09 f\u00e9vrier 2024 portant d\u00e9l\u00e9gation de signature \u00e0 Madame\nAgn\u00e8s  BONJEAN,  sous-pr\u00e9f\u00e8te  charg\u00e9e  de  mission,  secr\u00e9taire  g\u00e9n\u00e9rale  adjointe,  assurant\nl'int\u00e9rim du directeur de cabinet du pr\u00e9fet du Var \u00e0 compter du 12 f\u00e9vrier 2024  ; \nVu l'arr\u00eat\u00e9 du ministre de l'int\u00e9rieur et des outre-mer, en date du 19 avril 2023 relatif au\nnombre maximal de cam\u00e9ras install\u00e9es sur des a\u00e9ronefs pouvant \u00eatre simultan\u00e9ment utilis\u00e9es\ndans chaque d\u00e9partement  et collectivit\u00e9 d'outre-mer ;\nVu la demande  en date du  28 f\u00e9vrier 2024, form\u00e9e par le groupement de gendarmerie du\nVar, visant \u00e0 obtenir l'autorisation de capter, d'enregistrer et de transmettre des images au\nmoyen d'une cam\u00e9ra install\u00e9e sur un a\u00e9ronef, de 15h \u00e0 17h, les 29 f\u00e9vrier et 1er mars 2024 et\nde 15h \u00e0 17h, du 27 au 29 mars 2024, afin de r\u00e9aliser un flagrant d\u00e9lit de d\u00e9p\u00f4t de d\u00e9chets\npolluants et de pr\u00e9venir une atteinte \u00e0 la s\u00e9curit\u00e9 des personnes  ;\nConsid\u00e9rant que les dispositions susvis\u00e9es permettent aux forces de s\u00e9curit\u00e9 int\u00e9rieure, dans\nl'exercice de leurs missions de protection de la s\u00e9curit\u00e9 des personnes et des biens, de\nproc\u00e9der  \u00e0  la  captation,  \u00e0  l'enregistrement  et  \u00e0  la  transmission  d'images  au  moyen  de\ncam\u00e9ras install\u00e9es sur des a\u00e9ronefs aux fins d'assurer la s\u00e9curit\u00e9 des personnes et des biens\nconform\u00e9ment au 1\u00b0 de l'article L. 242-5 susvis\u00e9  ;  \nPr\u00e9fecture du VAR - 83-2024-02-28-00043 - Arr\u00eat\u00e9 n\u00b0 2024/BSP/04 du 28 f\u00e9vrier 2024 autorisant la captation, l\u25a1enregistrement et la\ntransmission d\u25a1images au moyen de cam\u00e9ras install\u00e9es sur des a\u00e9ronefs 4\nConsid\u00e9rant que de nombreuses d\u00e9balles de d\u00e9chets polluants (amiante) ont \u00e9t\u00e9 constat\u00e9es\nsur la route du DOM (RD 98) qui relie les communes de Bormes les Mimosas et de la M\u00f4le  ;\nque ceux-ci \u00e9tant susceptibles de porter atteinte \u00e0 la s\u00e9curit\u00e9 des personnes, des actions\ncoordonn\u00e9es ont \u00e9t\u00e9 mises en place par la brigade de Bormes les Mimosas et de Hy\u00e8res  ; que\nl'usage  d'un  dr\u00f4ne,  comme  appui  des  personnels  au  sol,  peut  permettre  d'identifier\nrapidement les auteurs de ces faits et les lieux de d\u00e9p\u00f4t;\nConsid\u00e9rant que, compte tenu du risque s\u00e9rieux sur la sant\u00e9 de la population d\u00fb \u00e0 la nature\nde ces d\u00e9chets, de l'urgence \u00e0 endiguer ce ph\u00e9nom\u00e8ne, de l'ampleur de la zone \u00e0 s\u00e9curiser et\nde  l'int\u00e9r\u00eat  de  disposer  d'une  vision  en  grand  angle  pour  permettre  l'identification  des\npersonnes commettant ces actes, le recours aux dispositifs de captation install\u00e9s sur des\na\u00e9ronefs est n\u00e9cessaire et adapt\u00e9 ; \nConsid\u00e9rant que la demande porte sur l'engagement d'une cam\u00e9ra a\u00e9roport\u00e9e de 15h \u00e0 17h\nles 29 f\u00e9vrier et 1er mars 2024 et de 15h \u00e0 17h les 27, 28 et 29 mars 2024; que les lieux\nsurveill\u00e9s sont strictement limit\u00e9s \u00e0 la route d\u00e9partementale 98 (route du Dom), o\u00f9 sont\nsusceptibles  de  se  commettre  ces  atteintes  que  l'usage  de  la  cam\u00e9ra  a\u00e9roport\u00e9e  vise  \u00e0\npr\u00e9venir ;  que  la  dur\u00e9e  de  l'autorisation  est  \u00e9galement  strictement  limit\u00e9e  \u00e0  la  dur\u00e9e\nmentionn\u00e9e  ci-dessus  ;  qu'au  regard  des  circonstances  sus-mentionn\u00e9es,  la  demande\nn'appara\u00eet pas disproportionn\u00e9e ; \nConsid\u00e9rant le recours \u00e0 la captation, l'enregistrement et la transmission d'images ne fera pas\nl'objet d'une communication, l'op\u00e9ration devant \u00eatre discr\u00e8te afin de pouvoir r\u00e9aliser un\nflagrant d\u00e9lit ; qu'en outre, aucun public ne sera pr\u00e9sent sur la zone de travail en dehors du\ntrafic routier ; que si une communication sur l'utilisation de ce mat\u00e9riel \u00e9tait effectu\u00e9e, cela\nremettrait en cause l'objectif poursuivi  ; \nSur proposition de la sous-pr\u00e9f\u00e8te charg\u00e9e de mission, secr\u00e9taire g\u00e9n\u00e9rale adjointe ;\nArr\u00eate\nArticle 1er La captation, l'enregistrement et la transmission d'images par le groupement de\ngendarmerie du Var est autoris\u00e9e sur la route d\u00e9partementale 98 (route du Dom) , de 15h \u00e0\n17h les 29 f\u00e9vrier et 1er mars 2024 et de 15h \u00e0 17h les 27, 28 et 29 mars 2024,  afin de pr\u00e9venir\nla s\u00e9curit\u00e9 des personnes pouvant \u00eatre expos\u00e9es \u00e0 des risques sanitaires, suite \u00e0 la d\u00e9balle de\nd\u00e9chets polluants et d'assurer l'appui des personnels au sol, en vue  d'identifier les coupables.\nArticle 2 \u2013 Le nombre maximal de cam\u00e9ras pouvant proc\u00e9der simultan\u00e9ment aux traitements\nmentionn\u00e9s \u00e0 l'article 1er est fix\u00e9 \u00e0 une cam\u00e9ra sur un drone de type DJI Mavic 2 Enterprise\nAdvanced ou DJI Matrice 300 optique Zenmuse  H20T\nArticle 3 \u2013 La pr\u00e9sente autorisation est  limit\u00e9e \u00e0 la route d\u00e9partementale 98 (route du Dom)\nqui relie les communes de Bormes les Mimosas et de la M\u00f4le . \nArticle 4 \u2013 La pr\u00e9sente autorisation est d\u00e9liv r\u00e9e pour la dur\u00e9e de l'op\u00e9ration, soit de 15h \u00e0 17h\nles 29 f\u00e9vrier et 1er mars 2024 et de 15h \u00e0 17h les 27, 28 et 29 mars 2024 .\n2/3Pr\u00e9fecture du VAR - 83-2024-02-28-00043 - Arr\u00eat\u00e9 n\u00b0 2024/BSP/04 du 28 f\u00e9vrier 2024 autorisant la captation, l\u25a1enregistrement et la\ntransmission d\u25a1images au moyen de cam\u00e9ras install\u00e9es sur des a\u00e9ronefs 5\nArticle 5\u2013   Le registre mentionn\u00e9 \u00e0 l'article L. 242-4 du code de la s\u00e9curit\u00e9 int\u00e9rieure est\ntransmis au repr\u00e9sentant de l'Etat dans le d\u00e9partement \u00e0 l'issue du rassemblement/ de la\nmanifestation.\nArticle 6 \u2013 Le pr\u00e9sent arr\u00eat\u00e9 est publi\u00e9 au recueil des actes administratifs de la pr\u00e9fecture et\npeut faire l'objet d'un recours devant le tribunal administratif de  Toulon dans un d\u00e9lai de\ndeux mois \u00e0 compter de sa publication.\nArticle 7 \u2013  La sous-pr\u00e9f\u00e8te charg\u00e9e de mission, secr\u00e9taire g\u00e9n\u00e9rale adjointe du pr\u00e9fet du\nVar et le commandant du groupement de gendarmerie du Var sont charg\u00e9s, chacun en ce qui\nles concerne, de l'ex\u00e9cution du pr\u00e9sent arr\u00eat\u00e9.\nToulon, le 28 f\u00e9vrier 2024\nPour le pr\u00e9fet \n        et par d\u00e9l\u00e9gation \nle Directeur des s\u00e9curit\u00e9s\n     Sign\u00e9\n     Vincent BARASTIER\n3/3Pr\u00e9fecture du VAR - 83-2024-02-28-00043 - Arr\u00eat\u00e9 n\u00b0 2024/BSP/04 du 28 f\u00e9vrier 2024 autorisant la captation, l\u25a1enregistrement et la\ntransmission d\u25a1images au moyen de cam\u00e9ras install\u00e9es sur des a\u00e9ronefs 6","date":"2024-03-01","first_seen_on":"2024-08-21T10:50:38+00:00","id":"606b0ed02ae1cdb41bc04a8d26f48b010f542231f302d60decbf618adbcd5a26","name":"RAA N\u00b0 018 du 28 f\u00e9vrier 2024","pdf_creation_date":"2024-02-28T16:25:09+00:00","pdf_modification_date":"2024-02-28T17:27:06+00:00","timezone":"Europe/Paris","url":"https://www.var.gouv.fr/contenu/telechargement/33391/222698/file/RAA%20n18%20du%2028%2002%202024.pdf"}
