{"administration":"prefidf","administration_name":"Pr\u00e9fecture de la r\u00e9gion \u00cele-de-France","content":"PREFECTURE\nREGION ILE DE\nFRANCE\nRECUEIL DES ACTES\nADMINISTRATIFS SP\u00c9CIAL\nN\u00b0IDF-043-2025-06\nPUBLI\u00c9 LE 23 JUIN 2025\nSommaire\nAgence R\u00e9gionale de Sant\u00e9 /\nIDF-2025-06-03-00005 - Arr\u00eat\u00e9 n\u00b0 2025-170 portant autorisation de\ncr\u00e9ation d'un centre de ressources territorial port\u00e9 par\nl'Etablissement d'H\u00e9bergement pour Personnes \u00c2g\u00e9es\nD\u00e9pendantes (EHPAD) \u00ab Zemgor \u00bb situ\u00e9 35 rue du Martray \u00e0\nCormeilles-en-Parisis (95240) (5 pages) Page 3\nIDF-2025-06-02-00022 - Arr\u00eat\u00e9 n\u00b0 2025-90 portant autorisation de\ncr\u00e9ation d'un centre de ressources territorial\nport\u00e9 par le service\nde soins infirmiers \u00e0 domicile (SSIAD) ANSIAD sis 2 rue de l'Eglise \u00e0\nNeuilly-sur-Seine (92200)\ng\u00e9r\u00e9 par l'association \u00ab ANSIAD \u00bb\n (3\npages) Page 9\nIDF-2025-06-02-00023 - Arr\u00eat\u00e9 n\u00b0 2025-92 portant autorisation de\ncr\u00e9ation d'un centre de ressources territorial\nport\u00e9 par le service\nde soins infirmiers \u00e0 domicile (SSIAD) Sant\u00e9 Service sis 40, rue Ren\u00e9\nLeg\u00e9 \u00e0 Colombes (92 700) g\u00e9r\u00e9 par la Fondation Sant\u00e9 Service \n(3 pages) Page 13\nRectorat de la r\u00e9gion acad\u00e9mique d'Ile-de-France, rectorat de\nl'acad\u00e9mie de Paris /\nIDF-2025-06-16-00008 - Arr\u00eat\u00e9 n\u00b0 2025-075-RRA portant agr\u00e9ment au\ntitre de la Jeunesse et de l'\u00c9ducation Populaire pour l'association ADOS -\nSDJES de Paris  (2 pages) Page 17\nIDF-2025-06-16-00009 - Arr\u00eat\u00e9 n\u00b0 2025-076-RRA portant\nreconnaissance du tronc commun d'agr\u00e9ment d'une association\nADOS - SDJES de Paris (2 pages) Page 20\nIDF-2025-06-16-00010 - Arr\u00eat\u00e9 n\u00b0 2025-077-RRA portant agr\u00e9ment au\ntitre de la Jeunesse et de l'\u00c9ducation Populaire pour l'association LES\nPASSEURS DE CURIOSITES - SDJES de Paris  (2 pages) Page 23\nIDF-2025-06-16-00011 - Arr\u00eat\u00e9 n\u00b0 2025-078-RRA portant reconnaissance\ndu tronc commun d'agr\u00e9ment d'une association LES PASSEURS DE\nCURIOSITES - SDJES de Paris (2 pages) Page 26\n2\nAgence R\u00e9gionale de Sant\u00e9\nIDF-2025-06-03-00005\nArr\u00eat\u00e9 n\u00b0 2025-170 portant autorisation de\ncr\u00e9ation d'un centre de ressources territorial\nport\u00e9 par l'Etablissement d'H\u00e9bergement pour\nPersonnes \u00c2g\u00e9es D\u00e9pendantes (EHPAD) \u00ab\nZemgor \u00bb situ\u00e9 35 rue du Martray \u00e0\nCormeilles-en-Parisis (95240)\nAgence R\u00e9gionale de Sant\u00e9 - IDF-2025-06-03-00005 - Arr\u00eat\u00e9 n\u00b0 2025-170 portant autorisation de cr\u00e9ation d'un centre de ressources\nterritorial port\u00e9 par l'Etablissement d'H\u00e9bergement pour Personnes \u00c2g\u00e9es D\u00e9pendantes (EHPAD) \u00ab Zemgor \u00bb situ\u00e9 35 rue du Martray \u00e0\nCormeilles-en-Parisis (95240)\n3\nREPUBLIQUEFRANCAISELibert\u00e9Egalit\u00e9Fraternit\u00e9\nAr\u00a9 D Agence R\u00e9gionale de Sant\u00e9lle-de-France _ Vald'oisele d\u00e9partement\n \n                                                                \n \n  \n \n \n \nARR\u00caT\u00c9 N\u00b0 2025 - 170 \nportant autorisation de cr\u00e9ation d'un centre de ressources territorial port\u00e9 par \nl'Etablissement d'H\u00e9bergement pour Personnes \u00c2g\u00e9es D\u00e9pendantes (EHPAD) \n\u00ab Zemgor \u00bb situ\u00e9 35 rue du Martray \u00e0 Cormeilles-en-Parisis (95240) \n \ng\u00e9r\u00e9 par la Soci\u00e9t\u00e9 Philanthropique sise 15 rue de Bellechasse \u00e0 Paris (75007)  \n \n \nLE DIRECTEUR G\u00c9N\u00c9RAL DE L'AGENCE R\u00c9GIONALE DE SANT\u00c9 \u00ceLE-DE-FRANCE \nLA PR\u00c9SIDENTE DU CONSEIL D\u00c9PARTEMENTAL DU VAL-D'OISE  \n \n \nVU le code de l'action sociale et des familles et notamment les articles L. 312-1, L. 313-1, L. 314-3 \net suivants ; \n \nVU le code g\u00e9n\u00e9ral des collectivit\u00e9s territoriales ; \n \nVU le d\u00e9cret du 10 avril 2024 portant nomination de Monsieur Denis ROBIN, Directeur de l'Agence \nr\u00e9gionale de sant\u00e9 \u00cele-de-France, \u00e0 compter du 29 avril 2024 ; \n \nVU      l'arr\u00eat\u00e9 DS N\u00b0070/2024 du 29 avril 2024 portant d\u00e9l\u00e9gation de signature \u00e0 Madame St\u00e9phanie \nTALBOT, Directrice de l'autonomie ; \nVU la d\u00e9lib\u00e9ration du Conseil d\u00e9partemental n\u00b00 -01 du 1 er juillet 2021 confiant la pr\u00e9sidence de \nl'Assembl\u00e9e d\u00e9partementale \u00e0 Madame Marie-Christine CAVECCHI ; \n \nVU  l'arr\u00eat\u00e9 DRH n\u00b0 24-15 du 3 avril 2024 , donnant d\u00e9l\u00e9gation de signature \u00e0 Madame Florine \nCOLOMBET, Directrice g\u00e9n\u00e9rale adjointe charg\u00e9e de la solidarit\u00e9 ; \n \nVU         l'arr\u00eat\u00e9 n\u00b0 DIRNOV-2023/08 du 26 octobre 2023 de la Directrice g\u00e9n\u00e9rale de l'Agence r\u00e9gionale \nde sant\u00e9 \u00cele-de-France portant modification du cadre d'orientation strat\u00e9gique 2018 -2028 du \nprojet r\u00e9gional de sant\u00e9 \u00cele-de-France ; \nVU         l'arr\u00eat\u00e9 n\u00b0 DIRNOV-2023/09 du 26 octobre 2023 de la Directrice g\u00e9n\u00e9rale de l'Agence r\u00e9gionale \nde sant\u00e9 \u00cele-de-France portant adoption du sch\u00e9ma r\u00e9gional de sant\u00e9 2023 -2028 du projet \nr\u00e9gional de sant\u00e9 \u00cele-de-France ; \nVU       l'arr\u00eat\u00e9 n\u00b0 2023-162 de la Directrice g\u00e9n\u00e9rale de l'Agence r\u00e9gionale de sant\u00e9 \u00cele -de-France en \ndate du 19 juin 2023 \u00e9tablissant le programme interd\u00e9partemental d'accompagnement des \nhandicaps et de la perte d'autonomie (PRIAC) 2022-2026 pour la r\u00e9gion \u00cele-de-France ; \nVU     le sch\u00e9ma g\u00e9rontologique d\u00e9partemental du Val -d'Oise 2019 -2024, adopt\u00e9 par l'Assembl\u00e9e \nD\u00e9partementale du 29 novembre 2019 ; \nVU l'arr\u00eat\u00e9 n\u00b0 2008-1406 du 29 septembre 2008 du pr\u00e9fet du Val-d'Oise et du Pr\u00e9sident du Conseil \ng\u00e9n\u00e9ral du Val-d'Oise portant transfert de gestion de l'EHPAD \u00ab Zemgor \u00bb sis 35 rue du Martray \n\u00e0 Cormeilles-en-Parisis (95 240), g\u00e9r\u00e9 par l'association \u00ab  Comit\u00e9 Zemgor  \u00bb, au profit de la   \nSoci\u00e9t\u00e9 Philanthropique sise 15 rue de Bellechasse \u00e0 Paris (75007) ;  \n \n \nAgence R\u00e9gionale de Sant\u00e9 - IDF-2025-06-03-00005 - Arr\u00eat\u00e9 n\u00b0 2025-170 portant autorisation de cr\u00e9ation d'un centre de ressources\nterritorial port\u00e9 par l'Etablissement d'H\u00e9bergement pour Personnes \u00c2g\u00e9es D\u00e9pendantes (EHPAD) \u00ab Zemgor \u00bb situ\u00e9 35 rue du Martray \u00e0\nCormeilles-en-Parisis (95240)\n4\n \nVU        l'arr\u00eat\u00e9 n\u00b0  2021-142 du 31 ao \u00fbt 2021  du Directeur g\u00e9n\u00e9ral de l'Agence r\u00e9gionale de sant\u00e9                     \n\u00cele-de-France et de la Pr\u00e9sidente du Conseil d\u00e9partemental du Val-d'Oise autorisant la Soci\u00e9t\u00e9 \nPhilanthropique \u00e0 cr\u00e9er un P\u00f4le d'Activit\u00e9s et de Soins Adapt\u00e9s (PASA) de 12 places et une \nUnit\u00e9 d'H\u00e9bergement Renforc\u00e9e (UHR) de 14 places au sein de l'EHPAD \u00ab  Zemgor \u00bb ; \n \nVU     l'appel \u00e0 candidature s du 2 avril  2024 pour le d\u00e9ploiement de la mission de centres de  \nressources territoriaux \u00e0 destination des personnes \u00e2g\u00e9es en r\u00e9gion \u00cele-de-France ; \n \nVU      l'avis de s\u00e9lection de l'appel \u00e0 candidature s pour le d\u00e9ploiement de  la mission de centres de \nressources territoriaux \u00e0 destination des personnes \u00e2g\u00e9es en r\u00e9gion \u00cele-de-France en date du \n15 novembre 2024 ; \n \n \nCONSIDERANT      que le centre de ressources territorial comporte deux modalit\u00e9s d'intervention \ndevant \u00eatre men\u00e9es conjointement : \n- Volet 1 : une mission d'appui aux professionnels du territoire ; \n- Volet 2 : une mission d'accompagnement renforc\u00e9 pour des personnes \u00e2g\u00e9es \nen perte d'autonomie n\u00e9cessitant un accompagnement \u00e0 domicile plus intensif, \nen alternative \u00e0 l'EHPAD ; \n \nAu titre du volet 2, le centre de ressources territorial dispose d'une file active de 30 \nb\u00e9n\u00e9ficiaires minimum ; \n \n  CONSID\u00c9RANT      que le projet d\u00e9pos\u00e9 par l'EHPAD \u00ab Zemgor \u00bb g\u00e9r\u00e9 par la Soci\u00e9t\u00e9 Philanthropique \na \u00e9t\u00e9 retenu par la commission de s\u00e9lection ;   \n  CONSIDERANT \n \n  CONSIDERANT \n que le projet r\u00e9pond aux besoins identifi\u00e9s sur le d\u00e9partement ; \n \n que le projet est compatible avec les objectifs et r\u00e9pond aux besoins m\u00e9dico -\nsociaux fix\u00e9s par le sch\u00e9ma r\u00e9gional de sant\u00e9 ; \n \nCONSID\u00c9RANT      qu'il satisfait aux r\u00e8gles d'organisation et de fonctionnement pr\u00e9vues par le code \nde l'action sociale et des familles ; \n \n  CONSID\u00c9RANT que l'Agence r\u00e9gionale de sant\u00e9 \u00cele-de-France dispose de cr\u00e9dits n\u00e9cessaires \u00e0 \nsa mise en \u0153uvre \u00e0 hauteur de 400 000 \u20ac au titre des cr\u00e9dits notifi\u00e9s ;  \n \nARR\u00caTENT \n \n \nARTICLE 1er : \n \n \n \nARTICLE 2e :    \n \n \n   \n \n \n \n \n \n \n  \n \nARTICLE 3e : \n \n \nL'autorisation de cr\u00e9ation d'un centre de ressources territorial port\u00e9 par l'EHPAD \n\u00ab Zemgor \u00bb situ\u00e9 35 rue du Martray \u00e0 Cormeilles-en-Parisis (95240) est accord\u00e9e au profit \nde la Soci\u00e9t\u00e9 Philanthropique sise 15 rue de Bellechasse \u00e0 Paris (75007).  \n \nLa capacit\u00e9 totale de l'EHPAD \u00ab Zemgor \u00bb reste inchang\u00e9e soit 220 places r\u00e9parties de \nla mani\u00e8re suivante : \n \n- 208 places d'h\u00e9bergement permanent  \n- 12 places d'accueil de jour. \n \nL'EHPAD comprend un PASA de 12 places, une UHR de 14 places et une plateforme \nd'accompagnement et de r\u00e9pit en soutien des aidants (PFR) adoss\u00e9e \u00e0 l'accueil de jour.  \n \nL'EHPAD est porteur d'un centre de ressources territorial sur le d\u00e9partement du                        \nVal-d'Oise, sur le territoire du dispositif d'appui \u00e0 la coordination (DAC) 95 Sud. \n \nLes 208 places d'h\u00e9bergement permanent sont toutes habilit\u00e9es \u00e0 recevoir les b\u00e9n\u00e9ficiaires \nde l'aide sociale. \n \n \nAgence R\u00e9gionale de Sant\u00e9 - IDF-2025-06-03-00005 - Arr\u00eat\u00e9 n\u00b0 2025-170 portant autorisation de cr\u00e9ation d'un centre de ressources\nterritorial port\u00e9 par l'Etablissement d'H\u00e9bergement pour Personnes \u00c2g\u00e9es D\u00e9pendantes (EHPAD) \u00ab Zemgor \u00bb situ\u00e9 35 rue du Martray \u00e0\nCormeilles-en-Parisis (95240)\n5\nsign?sign?\n  \nARTICLE 4e : Ces \u00e9tablisc  Cet  \u00e9tablissement est r\u00e9pertori\u00e9 dans le Fichier National des Etablissements Sanitaires \net Sociaux (FINESS) de la fa\u00e7on suivante : \nN\u00b0 FINESS de l'\u00e9tablissement : 95 078 039 5 \n \nCode cat\u00e9gorie : [500] Etablissement d'h\u00e9bergement pour personnes \u00e2g\u00e9es \nd\u00e9pendantes (EHPAD) \n \nCodes discipline : [924] Accueil pour personnes \u00e2g\u00e9es                                          \n                             [961] P\u00f4le d'Activit\u00e9s et de Soins Adapt\u00e9s (PASA)                      \n                             [962] Unit\u00e9 d'H\u00e9bergement Renforc\u00e9e (UHR)                              \n                             [963] Plateforme d'accompagnement et de r\u00e9pit en soutien des \naidants (PFR) \n                             [412] Centre de ressources territorial pour personnes \u00e2g\u00e9es \n \nCodes fonctionnement : [11] H\u00e9bergement complet internat   \n(type d'activit\u00e9)                 [21] Accueil de jour \n                                       [48] Tous modes d'accueil et d'accompagnement         \n \nCodes client\u00e8le : [711] Personnes \u00e2g\u00e9es d\u00e9pendantes \n                            [436] Personnes Alzheimer ou maladies apparent\u00e9es \n                            [040] Aidants/aid\u00e9s personnes \u00e2g\u00e9es       \n \n N\u00b0 FINESS du gestionnaire : 75 072 049 2 \n \nCode statut : [61] Association loi 1901 reconnue d'utilit\u00e9 publique \n \nARTICLE 5e : \n \nLa cr\u00e9ation du centre de ressources territorial n'impacte pas le budget du d\u00e9partement  \ndu Val d'Oise et ne sera pas financ\u00e9e par le D\u00e9partement. \n  \nARTICLE 6e : \n \n \n \nARTICLE 7e : \n \n \n \n \nARTICLE 8e : \nTout changement important dans l'activit\u00e9, l'installation, l'organisation, la direction ou le \nfonctionnement de l'\u00e9tablissement ou du service doit \u00eatre port\u00e9 \u00e0 la connaissance des \nautorit\u00e9s comp\u00e9tentes. \n \nLe pr\u00e9sent arr\u00eat\u00e9 est sans effet concernant la dur\u00e9e d'autorisation accord\u00e9e \u00e0 \nl'\u00e9tablissement pour 15 ans \u00e0 compter de sa cr\u00e9ation ou de renouvellement d'autorisation \nconform\u00e9ment aux conditions pr\u00e9vues aux articles L.312-8 et L.313-5 du code de l'action \nsociale et des familles. \n \nUn recours contre le pr\u00e9sent arr\u00eat\u00e9 peut \u00eatre form\u00e9 devant le tribunal administratif \ncomp\u00e9tent dans un d\u00e9lai de deux mois \u00e0 compter de sa notification.   \n  \n ARTICLE 9e : La Directrice de la D\u00e9l\u00e9gation d\u00e9partementale du Val -d'Oise de l'Agence r\u00e9gionale de \nsant\u00e9 \u00cele -de-France et la Pr\u00e9sidente  du Conseil d\u00e9partemental du Val -d'Oise sont \ncharg\u00e9es, chacune en ce qui les concerne, de l'ex\u00e9cution du pr\u00e9sent arr\u00eat\u00e9 qui sera notifi\u00e9 \nau demandeur et publi\u00e9 aux recueils des actes administratifs de la R\u00e9gion \u00cele-de-France et \ndu D\u00e9partement du Val-d'Oise.                                                                                                \n                                                                           Fait \u00e0 Saint Denis, le 03/06/2025 \nPour le Directeur g\u00e9n\u00e9ral                                     \nde l'Agence r\u00e9gional de sant\u00e9                                    \n\u00cele-de-France,  \nLa Directrice de l'Autonomie                                \n \nSt\u00e9phanie TALBOT                                   \nPour la Pr\u00e9sidente du Conseil d\u00e9partemental                    \net par d\u00e9l\u00e9gation \nLa Directrice G\u00e9n\u00e9rale Adjointe charg\u00e9e de la \nSolidarit\u00e9 \n \nFlorine COLOMBET \n \nAgence R\u00e9gionale de Sant\u00e9 - IDF-2025-06-03-00005 - Arr\u00eat\u00e9 n\u00b0 2025-170 portant autorisation de cr\u00e9ation d'un centre de ressources\nterritorial port\u00e9 par l'Etablissement d'H\u00e9bergement pour Personnes \u00c2g\u00e9es D\u00e9pendantes (EHPAD) \u00ab Zemgor \u00bb situ\u00e9 35 rue du Martray \u00e0\nCormeilles-en-Parisis (95240)\n6\n \n                                                                                 \n \n \n \n \n \n \n \n \n \n \n \nAgence R\u00e9gionale de Sant\u00e9 - IDF-2025-06-03-00005 - Arr\u00eat\u00e9 n\u00b0 2025-170 portant autorisation de cr\u00e9ation d'un centre de ressources\nterritorial port\u00e9 par l'Etablissement d'H\u00e9bergement pour Personnes \u00c2g\u00e9es D\u00e9pendantes (EHPAD) \u00ab Zemgor \u00bb situ\u00e9 35 rue du Martray \u00e0\nCormeilles-en-Parisis (95240)\n7\n \nAgence R\u00e9gionale de Sant\u00e9 - IDF-2025-06-03-00005 - Arr\u00eat\u00e9 n\u00b0 2025-170 portant autorisation de cr\u00e9ation d'un centre de ressources\nterritorial port\u00e9 par l'Etablissement d'H\u00e9bergement pour Personnes \u00c2g\u00e9es D\u00e9pendantes (EHPAD) \u00ab Zemgor \u00bb situ\u00e9 35 rue du Martray \u00e0\nCormeilles-en-Parisis (95240)\n8\nAgence R\u00e9gionale de Sant\u00e9\nIDF-2025-06-02-00022\nArr\u00eat\u00e9 n\u00b0 2025-90 portant autorisation de\ncr\u00e9ation d'un centre de ressources territorial\nport\u00e9 par le service de soins infirmiers \u00e0 domicile\n(SSIAD) ANSIAD sis 2 rue de l'Eglise \u00e0\nNeuilly-sur-Seine (92200)\ng\u00e9r\u00e9 par l'association \u00ab ANSIAD \u00bb\nAgence R\u00e9gionale de Sant\u00e9 - IDF-2025-06-02-00022 - Arr\u00eat\u00e9 n\u00b0 2025-90 portant autorisation de cr\u00e9ation d'un centre de ressources\nterritorial\nport\u00e9 par le service de soins infirmiers \u00e0 domicile (SSIAD) ANSIAD sis 2 rue de l'Eglise \u00e0 Neuilly-sur-Seine (92200)\ng\u00e9r\u00e9 par l'association \u00ab ANSIAD \u00bb\n9\nExREPUBLIQUEFRAN\u00c7AISELibert\u00e9Egalit\u00e9Fraternit\u00e9\nAr\u00a9 D Agence R\u00e9gionale de Sant\u00e9\u00cele-de-France\n \n          \n                                                                                                            \n \n \nAGENCE R\u00c9GIONALE DE SANT\u00c9 \u00ceLE-DE-FRANCE \n \nARR\u00caT\u00c9 N\u00b0 2025 \u2013 90 \n \nportant autorisation de cr\u00e9ation d'un centre de ressources territorial \nport\u00e9 par le service de soins infirmiers \u00e0 domicile (SSIAD) ANSIAD \nsis 2 rue de l'Eglise \u00e0 Neuilly-sur-Seine (92200) \ng\u00e9r\u00e9 par l'association \u00ab ANSIAD \u00bb \n     \n \nLE DIRECTEUR G\u00c9N\u00c9RAL DE L'AGENCE R\u00c9GIONALE DE SANT\u00c9 \u00ceLE-DE-FRANCE \n \n  \nVU le code de l'action sociale et des familles et notamment les articles L. 312 -1, L. 313-1, L. 314-3 et \nsuivants ;  \n \nVU le d\u00e9cret du 10 avril 2024 portant nomination de Monsieur Denis ROBIN, Directeur g\u00e9n\u00e9ral de \nl'Agence r\u00e9gionale de sant\u00e9 \u00cele-de-France, \u00e0 compter du 29 avril 2024 ; \n \nVU l'arr\u00eat\u00e9 DS N\u00b0115/2024 du 25 septembre 2024 portant d\u00e9l\u00e9gation de signature \u00e0 Madame \nSt\u00e9phanie TALBOT, Directrice de l'autonomie ; \n \nVU l'arr\u00eat\u00e9 n\u00b0 DIRNOV-2023/08 du 26 octobre 2023 de la Directrice g\u00e9n\u00e9rale de l'Agence r\u00e9gionale de \nsant\u00e9 \u00cele-de-France portant modification du cadre d'orientation strat\u00e9gique 2018 -2028 du projet \nr\u00e9gional de sant\u00e9 \u00cele-de-France ; \n \nVU l'arr\u00eat\u00e9 n\u00b0 DIRNOV-2023/09 du 26 octobre 2023 de la Directrice g\u00e9n\u00e9rale de l'Agence r\u00e9gionale de \nsant\u00e9 \u00cele-de-France portant adoption du sch\u00e9ma r\u00e9gional de sant\u00e9 2023 -2028 du projet r\u00e9gional \nde sant\u00e9 \u00cele-de-France ; \n \nVU l'arr\u00eat\u00e9 n\u00b0 2023-162 de la Directrice g\u00e9n\u00e9rale de l'Agence r\u00e9gionale de sant\u00e9 \u00cele-de-France du 19 \njuin 2023 \u00e9tablissant le programme interd\u00e9partemental d'accompagnement des handicaps et de la \nperte d'autonomie (PRIAC) 2022-2026 pour la r\u00e9gion \u00cele-de-France ; \n \nVU l'arr\u00eat\u00e9 n\u00b0 2024-347 du 13 novembre 2024 portant autorisation d'extension de 331 \u00e0 361 places du \nSSIAD ANSIAD ; \n \nVU l'avis d'appel \u00e0 candidatures du 2 avril 2024 pour le d\u00e9ploiement de la mission de centre s de \nressources territoriaux \u00e0 destination des personnes \u00e2g\u00e9es en R\u00e9gion \u00cele-de-France ; \n  \nVU l'avis de s\u00e9lection de l'appel \u00e0 candidatures pour le d\u00e9ploiement de la mission de centre s de \nressources territoriaux \u00e0 destination des personnes \u00e2g\u00e9es en R\u00e9gion \u00cele-de-France en date du 1 5 \nnovembre 2024 ; \n \n \nCONSID\u00c9RANT que le centre de ressources territorial comporte deux modalit\u00e9s d'intervention devant \n\u00eatre men\u00e9es conjointement :  \n- Volet 1 : une mission d'appui aux professionnels du territoire ; \n- Volet 2 : une mission d'accompagnement renforc\u00e9 pour des personnes \u00e2g\u00e9es en \nperte d'autonomie n\u00e9cessitant un accompagnement \u00e0 domicile plus intensif, en \nalternative \u00e0 l'EHPAD ; \n \nAu titre du volet 2, le centre de ressources territorial dispose d'une file active de 30 \nb\u00e9n\u00e9ficiaires minimum ; \n \n \nAgence R\u00e9gionale de Sant\u00e9 - IDF-2025-06-02-00022 - Arr\u00eat\u00e9 n\u00b0 2025-90 portant autorisation de cr\u00e9ation d'un centre de ressources\nterritorial\nport\u00e9 par le service de soins infirmiers \u00e0 domicile (SSIAD) ANSIAD sis 2 rue de l'Eglise \u00e0 Neuilly-sur-Seine (92200)\ng\u00e9r\u00e9 par l'association \u00ab ANSIAD \u00bb\n10\n2 \n \n \nCONSID\u00c9RANT que le projet d\u00e9pos\u00e9 par le SSIAD ANSIAD, g\u00e9r\u00e9 par  l'association ANSIAD, a \u00e9t\u00e9 \nretenu par la commission de s\u00e9lection ;  \n \nCONSID\u00c9RANT que le projet r\u00e9pond \u00e0 un besoin identifi\u00e9 sur le d\u00e9partement ; \n \nCONSID\u00c9RANT que le projet est compatible avec les objectifs et r\u00e9pond aux besoins m\u00e9dico-sociaux \nfix\u00e9s par le sch\u00e9ma r\u00e9gional de sant\u00e9 ;  \n  \nCONSID\u00c9RANT qu'il satisfait aux r\u00e8gles d'organisation et de fonctionnement pr\u00e9vues par le code de \nl'action sociale et des familles ; \n \n \nARR\u00caTE \n \n \nARTICLE 1er : L'autorisation de cr\u00e9ation d'un centre de ressources territorial port\u00e9  par le SSIAD sis 2 \nrue de l'Eglise \u00e0 Neuilly -sur-Seine (92200)  est accord\u00e9e au profit de l'association \n\u00ab ANSIAD \u00bb situ\u00e9e \u00e0 Neuilly-sur-Seine. \n \nARTICLE 2e : La capacit\u00e9 totale du SSIAD est fix\u00e9e \u00e0 361 places r\u00e9parties de la mani\u00e8re suivante : \n \n- 321 places pour personnes \u00e2g\u00e9es  \n- 10 places pour personnes handicap\u00e9es  \n- 30 places pour personnes \u00e2g\u00e9es atteintes de la maladie d'Alzheimer ou maladies \napparent\u00e9es par l'Equipe Sp\u00e9cialis\u00e9e Alzheimer (ESA). \n \nLe SSIAD est porteur d'un centre de ressources territorial sur le d\u00e9partement des Hauts-\nde-Seine, sur le territoire du dispositif d'appui \u00e0 la coordination (DAC) 92 Nord. \n \nARTICLE 3e : Cette structure est r\u00e9pertori\u00e9e dans le Fichier National des Etablissements Sanitaires et \nSociaux (FINESS) de la fa\u00e7on suivante : \n \nN\u00b0 FINESS Etablissement : 92 080 994 4 \n \nCode cat\u00e9gorie : [354] Service de Soins infirmiers \u00e0 domicile (SSIAD) \n \nCodes discipline : [358] Soins infirmiers \u00e0 domicile  \n    [357] Activit\u00e9 soins d'accompagnement et de r\u00e9habilitation \n    [412] Centre de ressources territorial pour les personnes \u00e2g\u00e9es \n \nCode fonctionnement : [16] Prestation en milieu ordinaire \n                                     [48] Tous modes d'accueil et d'accompagnement \n \nCodes client\u00e8le : [700] Personnes Ag\u00e9es  \n                            [010] Tous Types de D\u00e9ficiences Personnes Handicap\u00e9es  \n                            [436] Personnes Alzheimer ou maladies apparent\u00e9es \n                            [040] Aidants/aid\u00e9s Personnes \u00e2g\u00e9es \n  \n \nN\u00b0 FINESS Gestionnaire : 92 081 513 1 \n \nCode statut : [60] Association Loi 1901 non RUP \n \n \nARTICLE 4e : Tout changement important dans l'activit\u00e9, l'installation, l'organisation, la direction ou le \nfonctionnement d'un \u00e9tablissement ou d'un service par rapport aux caract\u00e9ristiques \nprises en consid\u00e9ration pour son autorisation devra \u00eatre port\u00e9 \u00e0 la connaissanc e des \nautorit\u00e9s comp\u00e9tentes selon l'article L.313-1 du code de l'action sociale et des familles.  \n  L'autorisation ne peut \u00eatre c\u00e9d\u00e9e sans l'accord des autorit\u00e9s comp\u00e9tentes concern\u00e9es.  \n \n \n \nAgence R\u00e9gionale de Sant\u00e9 - IDF-2025-06-02-00022 - Arr\u00eat\u00e9 n\u00b0 2025-90 portant autorisation de cr\u00e9ation d'un centre de ressources\nterritorial\nport\u00e9 par le service de soins infirmiers \u00e0 domicile (SSIAD) ANSIAD sis 2 rue de l'Eglise \u00e0 Neuilly-sur-Seine (92200)\ng\u00e9r\u00e9 par l'association \u00ab ANSIAD \u00bb\n11\nGI\n3 \n \n \nARTICLE 5e : Le pr\u00e9sent arr\u00eat\u00e9 est sans effet concernant la dur\u00e9e d'autorisation accord\u00e9e \u00e0 \nl'\u00e9tablissement pour 15 ans \u00e0 compter de sa date de cr\u00e9ation ou de renouvellement \nd'autorisation conform\u00e9ment aux conditions pr\u00e9vues aux articles L.312 -8 et L.313 -5 du \ncode de l'action sociale et des familles. \n \nARTICLE 6e :  Un recours contre le pr\u00e9sent arr\u00eat\u00e9 peut \u00eatre form\u00e9 devant le tribunal administratif \ncomp\u00e9tent dans un d\u00e9lai de deux mois \u00e0 compter de sa notification.   \n \nARTICLE 7e :   Le Directeur de la D\u00e9l\u00e9gation d\u00e9partementale des Hauts-de-Seine de l'Agence r\u00e9gionale \nde sant\u00e9 \u00cele-de-France est charg\u00e9 de l'ex\u00e9cution du pr\u00e9sent arr\u00eat\u00e9 qui sera notifi\u00e9 aux \nint\u00e9ress\u00e9s et publi\u00e9 au Recueil des actes administratifs de la R\u00e9gion \u00cele-de-France et du \nD\u00e9partement des Hauts-de-Seine. \n \n \n \n       Fait \u00e0 Saint Denis, le 2 juin 2025 \n \n \nPour le Directeur g\u00e9n\u00e9ral \nde l'Agence r\u00e9gionale de sant\u00e9 \n\u00cele-de-France et par d\u00e9l\u00e9gation \n \nSt\u00e9phanie TALBOT                                                           \nDirectrice de l'autonomie \n \n \n \n \n  \nAgence R\u00e9gionale de Sant\u00e9 - IDF-2025-06-02-00022 - Arr\u00eat\u00e9 n\u00b0 2025-90 portant autorisation de cr\u00e9ation d'un centre de ressources\nterritorial\nport\u00e9 par le service de soins infirmiers \u00e0 domicile (SSIAD) ANSIAD sis 2 rue de l'Eglise \u00e0 Neuilly-sur-Seine (92200)\ng\u00e9r\u00e9 par l'association \u00ab ANSIAD \u00bb\n12\nAgence R\u00e9gionale de Sant\u00e9\nIDF-2025-06-02-00023\nArr\u00eat\u00e9 n\u00b0 2025-92 portant autorisation de\ncr\u00e9ation d'un centre de ressources territorial\nport\u00e9 par le service de soins infirmiers \u00e0 domicile\n(SSIAD) Sant\u00e9 Service sis 40, rue Ren\u00e9 Leg\u00e9 \u00e0\nColombes (92 700) g\u00e9r\u00e9 par la Fondation Sant\u00e9\nService \nAgence R\u00e9gionale de Sant\u00e9 - IDF-2025-06-02-00023 - Arr\u00eat\u00e9 n\u00b0 2025-92 portant autorisation de cr\u00e9ation d'un centre de ressources\nterritorial\nport\u00e9 par le service de soins infirmiers \u00e0 domicile (SSIAD) Sant\u00e9 Service sis 40, rue Ren\u00e9 Leg\u00e9 \u00e0 Colombes (92 700) g\u00e9r\u00e9 par la\nFondation Sant\u00e9 Service \n13\nExREPUBLIQUEFRAN\u00c7AISELibert\u00e9Egalit\u00e9Fraternit\u00e9\nAr\u00a9 D Agence R\u00e9gionale de Sant\u00e9\u00cele-de-France\n \n          \n                                                                                                            \n \n \nAGENCE R\u00c9GIONALE DE SANT\u00c9 \u00ceLE-DE-FRANCE \n \nARR\u00caT\u00c9 N\u00b0 2025 \u2013 92 \n \nPortant autorisation de cr\u00e9ation d'un centre de ressources territorial \nport\u00e9 par le service de soins infirmiers \u00e0 domicile (SSIAD) Sant\u00e9 Service                                                   \nsis 40, rue Ren\u00e9 Leg\u00e9 \u00e0 Colombes (92 700)  \ng\u00e9r\u00e9 par la Fondation Sant\u00e9 Service  \n     \n \nLE DIRECTEUR G\u00c9N\u00c9RAL DE L'AGENCE R\u00c9GIONALE DE SANT\u00c9 \u00ceLE-DE-FRANCE \n \n  \nVU le code de l'action sociale et des familles et notamment les articles L. 312 -1, L. 313-1, L. 314-3 et \nsuivants ;  \n \nVU le d\u00e9cret du 10 avril 2024 portant nomination de Monsieur Denis ROBIN, Directeur g\u00e9n\u00e9ral de \nl'Agence r\u00e9gionale de sant\u00e9 \u00cele-de-France, \u00e0 compter du 29 avril 2024 ; \n \nVU l'arr\u00eat\u00e9 DS N\u00b0115/2024 du 25 septembre 2024 portant d\u00e9l\u00e9gation de signature \u00e0 Madame \nSt\u00e9phanie TALBOT, Directrice de l'autonomie ; \n \nVU l'arr\u00eat\u00e9 n\u00b0 DIRNOV-2023/08 du 26 octobre 2023 de la Directrice g\u00e9n\u00e9rale de l'Agence r\u00e9gionale de \nsant\u00e9 \u00cele-de-France portant modification du cadre d'orientation strat\u00e9gique 2018 -2028 du projet \nr\u00e9gional de sant\u00e9 \u00cele-de-France ; \n \nVU l'arr\u00eat\u00e9 n\u00b0 DIRNOV-2023/09 du 26 octobre 2023 de la Directrice g\u00e9n\u00e9rale de l'Agence r\u00e9gionale de \nsant\u00e9 \u00cele-de-France portant adoption du sch\u00e9ma r\u00e9gional de sant\u00e9 2023 -2028 du projet r\u00e9gional \nde sant\u00e9 \u00cele-de-France ; \n \nVU l'arr\u00eat\u00e9 n\u00b0 2023-162 de la Directrice g\u00e9n\u00e9rale de l'Agence r\u00e9gionale de sant\u00e9 \u00cele-de-France du 19 \njuin 2023 \u00e9tablissant le programme interd\u00e9partemental d'accompagnement des handicaps et de la \nperte d'autonomie (PRIAC) 2022-2026 pour la r\u00e9gion \u00cele-de-France ; \n \nVU l'arr\u00eat\u00e9 n\u00b0 2023-284 du 21 novembre 2023 portant regroupement de places de SSIAD au b\u00e9n\u00e9fice \ndu SSIAD Sant\u00e9 Service sis \u00e0 Colombes g\u00e9r\u00e9 par la Fondation Sant\u00e9 Service, portant la capacit\u00e9 \ntotale du SSIAD \u00e0 158 places ;                             \n \nVU l'avis d'appel \u00e0 candidatures du 2 avril 2024 pour le d\u00e9ploiement de la mission de centre s de \nressources territoriaux \u00e0 destination des personnes \u00e2g\u00e9es en R\u00e9gion \u00cele-de-France ; \n  \nVU l'avis de s\u00e9lection de l'appel \u00e0 candidatures pour le d\u00e9ploiement de la mission de centre s de \nressources territoriaux \u00e0 destination des personnes \u00e2g\u00e9es en R\u00e9gion \u00cele-de-France en date du 1 5 \nnovembre 2024 ; \n \n \nCONSID\u00c9RANT que le centre de ressources territorial comporte deux modalit\u00e9s d'intervention devant \n\u00eatre men\u00e9es conjointement :  \n- Volet 1 : une mission d'appui aux professionnels du territoire ; \n- Volet 2 : une mission d'accompagnement renforc\u00e9 pour des personnes \u00e2g\u00e9es en  \nperte d'autonomie n\u00e9cessitant un accompagnement \u00e0 domicile plus intensif, en \nalternative \u00e0 l'EHPAD ; \n \nAu titre du volet 2, le centre de ressources territorial dispose d'une file active de 30 \nb\u00e9n\u00e9ficiaires minimum ; \n \nAgence R\u00e9gionale de Sant\u00e9 - IDF-2025-06-02-00023 - Arr\u00eat\u00e9 n\u00b0 2025-92 portant autorisation de cr\u00e9ation d'un centre de ressources\nterritorial\nport\u00e9 par le service de soins infirmiers \u00e0 domicile (SSIAD) Sant\u00e9 Service sis 40, rue Ren\u00e9 Leg\u00e9 \u00e0 Colombes (92 700) g\u00e9r\u00e9 par la\nFondation Sant\u00e9 Service \n14\n2 \n \n \n \nCONSID\u00c9RANT que le projet d\u00e9pos\u00e9 par le SSIAD Sant\u00e9 Service, g\u00e9r\u00e9 par  la Fondation Sant\u00e9 \nService, a \u00e9t\u00e9 retenu par la commission de s\u00e9lection ; \n \nCONSID\u00c9RANT que le projet r\u00e9pond \u00e0 un besoin identifi\u00e9 sur le d\u00e9partement ; \n \nCONSID\u00c9RANT que le projet est compatible avec les objectifs et r\u00e9pond aux besoins m\u00e9dico-sociaux \nfix\u00e9s par le sch\u00e9ma r\u00e9gional de sant\u00e9 ;  \n  \nCONSID\u00c9RANT qu'il satisfait aux r\u00e8gles d'organisation et de fonctionnement pr\u00e9vues par le code de \nl'action sociale et des familles ; \n \n \n                   ARR\u00caTE \n \n \nARTICLE 1er : L'autorisation de cr\u00e9ation d'un centre de ressources territorial port\u00e9 par le SSIAD Sant\u00e9 \nService sis 40, rue Ren\u00e9 Leg\u00e9 \u00e0 Colombes (92  700), est accord\u00e9e au profit de la \nFondation Sant\u00e9 Service. \n \nARTICLE 2e : La capacit\u00e9 totale du SSIAD est fix\u00e9e \u00e0 158 places r\u00e9parties de la mani\u00e8re suivante : \n \n- 134 places pour personnes \u00e2g\u00e9es  \n- 4 places pour personnes handicap\u00e9es  \n- 20 places de SSIAD renforc\u00e9s pour personnes \u00e2g\u00e9es. \n \nLe SSIAD est porteur d'un centre de ressources territorial sur le d\u00e9partement des Hauts-\nde-Seine, sur le territoire du dispositif d'appui \u00e0 la coordination (DAC) 92 Nord. \n \n \nARTICLE 3e : La zone d'intervention du SSIAD Sant\u00e9 Service s'\u00e9tend sur les communes de Villeneuve-\nla-Garenne, Gennevilliers, Colombes, Clichy, La Garenne-Colombes. \n \nARTICLE 4e : Cette structure est r\u00e9pertori\u00e9e dans le Fichier National des Etablissements Sanitaires et \nSociaux (FINESS) de la fa\u00e7on suivante : \n \n  N\u00b0 FINESS Etablissement : 92 001 961 9 \n \nCode cat\u00e9gorie : [354] Service de Soins infirmiers \u00e0 domicile (SSIAD) \n   \nCodes discipline : [358] Soins infirmiers \u00e0 domicile \n      [412] Centre de ressources territorial pour les personnes \u00e2g\u00e9es \n \nCode fonctionnement : [16] Prestation en milieu ordinaire \n [48] Tous modes d'accueil et d'accompagnement \n \nCodes client\u00e8le : [700] Personnes \u00e2g\u00e9es  \n                  [711] Personnes \u00e2g\u00e9es d\u00e9pendantes \n  [010] Tous Types de D\u00e9ficiences Personnes Handicap\u00e9es  \n  [040] Aidants/aid\u00e9s Personnes \u00e2g\u00e9es \n  \n \nN\u00b0 FINESS Gestionnaire : 92 002 909 7 \n \nCode statut : [63] Fondation  \n \nARTICLE 5e : Tout changement important dans l'activit\u00e9, l'installation, l'organisation, la direction ou le \nfonctionnement d'un \u00e9tablissement ou d'un service par rapport aux caract\u00e9ristiques \nprises en consid\u00e9ration pour son autorisation devra \u00eatre port\u00e9 \u00e0 la connaissanc e des \nautorit\u00e9s comp\u00e9tentes selon l'article L.313-1 du code de l'action sociale et des familles.  \n  L'autorisation ne peut \u00eatre c\u00e9d\u00e9e sans l'accord des autorit\u00e9s comp\u00e9tentes concern\u00e9es.  \n \nAgence R\u00e9gionale de Sant\u00e9 - IDF-2025-06-02-00023 - Arr\u00eat\u00e9 n\u00b0 2025-92 portant autorisation de cr\u00e9ation d'un centre de ressources\nterritorial\nport\u00e9 par le service de soins infirmiers \u00e0 domicile (SSIAD) Sant\u00e9 Service sis 40, rue Ren\u00e9 Leg\u00e9 \u00e0 Colombes (92 700) g\u00e9r\u00e9 par la\nFondation Sant\u00e9 Service \n15\nsig\n3 \n \n \n \nARTICLE 6e : Le pr\u00e9sent arr\u00eat\u00e9 est sans effet concernant la dur\u00e9e d'autorisation accord\u00e9e \u00e0 \nl'\u00e9tablissement pour 15 ans \u00e0 compter de sa date de cr\u00e9ation ou de renouvellement \nd'autorisation conform\u00e9ment aux conditions pr\u00e9vues aux articles L.312 -8 et L.313 -5 du \ncode de l'action sociale et des familles. \n \nARTICLE 7e :  Un recours contre le pr\u00e9sent arr\u00eat\u00e9 peut \u00eatre form\u00e9 devant le tribunal administratif \ncomp\u00e9tent dans un d\u00e9lai de deux mois \u00e0 compter de sa notification.   \n \nARTICLE 8e :   Le Directeur de la D\u00e9l\u00e9gation d\u00e9partementale des Hauts-de-Seine de l'Agence r\u00e9gionale \nde sant\u00e9 \u00cele-de-France est charg\u00e9 de l'ex\u00e9cution du pr\u00e9sent arr\u00eat\u00e9 qui sera notifi\u00e9 aux \nint\u00e9ress\u00e9s et publi\u00e9 aux Recueils des actes administratifs de la R\u00e9gion \u00cele-de-France et \ndu D\u00e9partement des Hauts-de-Seine. \n \n \n \n       Fait \u00e0 Saint Denis, le 2 juin 2025  \n \n \nPour le Directeur g\u00e9n\u00e9ral \nde l'Agence r\u00e9gionale de sant\u00e9 \n\u00cele-de-France et par d\u00e9l\u00e9gation \n \nSt\u00e9phanie TALBOT \nDirectrice de l'autonomie \n \n \n \n \n  \n \n \n \n \nAgence R\u00e9gionale de Sant\u00e9 - IDF-2025-06-02-00023 - Arr\u00eat\u00e9 n\u00b0 2025-92 portant autorisation de cr\u00e9ation d'un centre de ressources\nterritorial\nport\u00e9 par le service de soins infirmiers \u00e0 domicile (SSIAD) Sant\u00e9 Service sis 40, rue Ren\u00e9 Leg\u00e9 \u00e0 Colombes (92 700) g\u00e9r\u00e9 par la\nFondation Sant\u00e9 Service \n16\nRectorat de la r\u00e9gion acad\u00e9mique\nd'Ile-de-France, rectorat de l'acad\u00e9mie de Paris\nIDF-2025-06-16-00008\nArr\u00eat\u00e9 n\u00b0 2025-075-RRA portant agr\u00e9ment au\ntitre de la Jeunesse et de l'\u00c9ducation Populaire\npour l'association ADOS - SDJES de Paris \nRectorat de la r\u00e9gion acad\u00e9mique d'Ile-de-France, rectorat de l'acad\u00e9mie de Paris - IDF-2025-06-16-00008 - Arr\u00eat\u00e9 n\u00b0 2025-075-RRA\nportant agr\u00e9ment au titre de la Jeunesse et de l'\u00c9ducation Populaire pour l'association ADOS - SDJES de Paris 17\nREGION ACADEMIQUE\u00ceLE-DE-FRANCELibert\u00e9\u00c9galit\u00e9Fraternit\u00e9\n  \n \nService d\u00e9partemental \u00e0 la jeunesse,  \n\u00e0 l'engagement et aux sports de Paris  \n \n \n \n \nService D\u00e9partemental \u00e0 la Jeunesse, \u00e0 l'Engagement et aux Sports de Paris \n6/8 rue Eug\u00e8ne Oudin\u00e9 \u2013 CS 81360 - 75634 PARIS CEDEX 13 \n \n \n \n \nARR\u00caT\u00c9 N\u00b02025-075-RRA  \nportant agr\u00e9ment au titre de la Jeunesse et de l'\u00c9ducation Populaire  \n \nLA RECTRICE DE LA R\u00c9GION ACAD\u00c9MIQUE \u00ceLE-DE-FRANCE \nRECTRICE DE PARIS \nCHANCELIERE DES UNIVERSIT\u00c9S DE PARIS  \nET D'\u00ceLE-DE-FRANCE  \n \n \nVu la loi n\u00b0 2001-624 du 17 juillet 2001 portant diverses dispositions d'ordre social, \u00e9ducatif et culturel et notamment \nson article 8 ;  \nVu le d\u00e9cret n\u00b0 2002-571 du 22 avril 2002 pris pour l'application du premier alin\u00e9a de l'article 8 de la loi n\u00b0 2001-624 \net relatif \u00e0 l'agr\u00e9ment des associations de jeunesse et d'\u00e9ducation populaire ;  \nVu le d\u00e9cret n\u00b0 2019-838 du 19 ao\u00fbt 2019 portant diverses mesures de simplification pour le minist\u00e8re de l'\u00e9ducation \nnationale et de la jeunesse ; \nVu le d\u00e9cret du Pr\u00e9sident de la R\u00e9publique du 12 mars 2025 nommant Mme Julie BENETTI, rectrice de la r\u00e9gion \nacad\u00e9mique \u00cele-de-France, rectrice de l'acad\u00e9mie de Paris ;  \nVu l'arr\u00eat\u00e9 n\u00b02020-32 du 21 d\u00e9cembre 2020 modifi\u00e9 portant organisation de la d\u00e9l\u00e9gation r\u00e9gionale acad\u00e9mique \u00e0 \nla jeunesse, \u00e0 l'engagement et aux sports et des services d\u00e9partementaux \u00e0 la jeunesse, \u00e0 l'engagement et aux sports \n; \nVu le protocole r\u00e9gional d\u00e9partemental conclu entre le pr\u00e9fet de la r\u00e9gion d'Ile -de-France, pr\u00e9fet de Paris, et le \nrecteur de la r\u00e9gion acad\u00e9mique d'Ile-de-France, recteur de l'acad\u00e9mie de Paris, le 24 d\u00e9cembre 2020 ; \n \nVu l'arr\u00eat\u00e9 n\u00b0 75-2025-03-26-00004 du 26 mars 2025 portant d\u00e9l\u00e9gation du pr\u00e9fet de la r\u00e9gion d'Ile-de-France, \npr\u00e9fet de Paris \u00e0 Mme Julie BENETTI, rectrice de la r\u00e9gion acad\u00e9mique Ile-de-France, rectrice de l'acad\u00e9mie de \nParis, en mati\u00e8re administrative ; \n \nVu l'arr\u00eat\u00e9 minist\u00e9riel du 4 mai 2021 nommant M me Jeanne DELACOURT dans l'emploi de conseill\u00e8re du directeur \nacad\u00e9mique des services de l'\u00e9ducation en mati\u00e8re de jeunesse, d'engagement et de sports de Paris ; \n \nVu le d\u00e9cret du Pr\u00e9sident de la R\u00e9publique du 26 f\u00e9vrier 2025 portant nomination de M. Laurent NOE en qualit\u00e9 \nde directeur de l'acad\u00e9mie de Paris ;  \n \nVu l'arr\u00eat\u00e9 n\u00b0 2025-033-RRA du 27 mars 2025 portant subd\u00e9l\u00e9gation de signature en mati\u00e8re administrative de la \nrectrice de la r\u00e9gion acad\u00e9mique Ile-de-France, rectrice de l'acad\u00e9mie de Paris pour la mise en \u0153uvre des missions \nde jeunesse, d'engagement et de sports ;  \n \nConsid\u00e9rant la demande compl\u00e8te formul\u00e9e par l'association en date du 23/01/2025; \n \nConsid\u00e9rant que l'association ci-dessous d\u00e9tient un arr\u00eat\u00e9 portant tronc commun d'agr\u00e9ment en c ours de validit\u00e9 \nau moment de l'instruction de la demande ; \nRectorat de la r\u00e9gion acad\u00e9mique d'Ile-de-France, rectorat de l'acad\u00e9mie de Paris - IDF-2025-06-16-00008 - Arr\u00eat\u00e9 n\u00b0 2025-075-RRA\nportant agr\u00e9ment au titre de la Jeunesse et de l'\u00c9ducation Populaire pour l'association ADOS - SDJES de Paris 18\n \n \n2 \n \nConsid\u00e9rant que l'association ci -dessous remplit les conditions r\u00e9glementaires relatives \u00e0 l'agr\u00e9ment des \nassociations de jeunesse et d'\u00e9ducation populaire ; \n \n \nARR\u00caT\u00c9 \nArticle premier : \nL'agr\u00e9ment au titre des associations de jeunesse et d'\u00e9ducation populaire est attribu\u00e9 \u00e0 l'association : \n \nA.D.O.S \nRNA : W751080645 \n \ndont le si\u00e8ge social est situ\u00e9 \u00e0 : 24 rue Polonceau 75018 Paris \n \ndont l'objet statutaire est :  \n \n- offrir aux jeunes du quartier la Goutte d'Or un accompagnement dans leur scolarit\u00e9 ainsi qu'un cadre et des \nactivit\u00e9s destin\u00e9es \u00e0 d\u00e9velopper leur autonomie et \u00e0 susciter leur responsabilisation. \n \nLe num\u00e9ro de l'agr\u00e9ment \u00e0 rappeler dans les correspondances avec l'administration est le suivant :  \n2025-JEP-75-16 \n \nArticle 2 :  \nL'association mentionn\u00e9e ci -dessus est tenue d'informer sans d\u00e9lai l'autorit\u00e9 publique comp\u00e9tente de tout \nchangement relatif aux crit\u00e8res d'attribution du pr\u00e9sent agr\u00e9ment et notamment les changements de si\u00e8ge social, \nde statuts et de repr\u00e9sentant l\u00e9gal. \n \nArticle 3 : \nL'association mentionn\u00e9e ci -dessus tiendra \u00e0 disposition de l'administration, dans le cadre d'un contr\u00f4le, tout \ndocument justifiant de l'agr\u00e9ment et notamment les proc\u00e8s -verbaux d'assembl\u00e9e g\u00e9n\u00e9rale, les rapp orts financiers \ndes exercices \u00e9coul\u00e9s et les rapports annuels d'activit\u00e9s. \n \nArticle 4 : \nCet agr\u00e9ment de jeunesse et d'\u00e9ducation populaire n'est valide que si l'association mentionn\u00e9e ci-dessus d\u00e9tient un \ntronc commun d'agr\u00e9ment en cours de validit\u00e9. \n \nArticle 5 :  \nL'arr\u00eat\u00e9 entre en vigueur \u00e0 compter de la date de sa publication et pour une dur\u00e9e de cinq ans. \n \nArticle 6 : \nLe d\u00e9l\u00e9gu\u00e9 de la r\u00e9gion acad\u00e9mique \u00e0 la jeunesse, \u00e0 l'engagement et aux sports est charg\u00e9 de l'ex\u00e9cution du pr\u00e9sent \narr\u00eat\u00e9 qui sera publi\u00e9 au recueil des actes administratifs de la pr\u00e9fecture de r\u00e9gion d'\u00cele -de-France, pr\u00e9fecture de \nParis. \n \nFait \u00e0 Paris, le 16/06/2025 \n \n  \nPour la rectrice, et par subd\u00e9l\u00e9gation, \nla conseill\u00e8re du directeur de l'acad\u00e9mie de Paris, \ncheffe du service d\u00e9partemental \u00e0 la jeunesse, \u00e0 \nl'engagement et aux sports de Paris \n \nSign\u00e9 \n \nJeanne DELACOURT  \n \n \n \n \nRectorat de la r\u00e9gion acad\u00e9mique d'Ile-de-France, rectorat de l'acad\u00e9mie de Paris - IDF-2025-06-16-00008 - Arr\u00eat\u00e9 n\u00b0 2025-075-RRA\nportant agr\u00e9ment au titre de la Jeunesse et de l'\u00c9ducation Populaire pour l'association ADOS - SDJES de Paris 19\nRectorat de la r\u00e9gion acad\u00e9mique\nd'Ile-de-France, rectorat de l'acad\u00e9mie de Paris\nIDF-2025-06-16-00009\nArr\u00eat\u00e9 n\u00b0 2025-076-RRA portant reconnaissance\ndu tronc commun d'agr\u00e9ment d'une association\nADOS - SDJES de Paris\nRectorat de la r\u00e9gion acad\u00e9mique d'Ile-de-France, rectorat de l'acad\u00e9mie de Paris - IDF-2025-06-16-00009 - Arr\u00eat\u00e9 n\u00b0 2025-076-RRA\nportant reconnaissance du tronc commun d'agr\u00e9ment d'une association ADOS - SDJES de Paris 20\nREGION ACADEMIQUE\u00ceLE-DE-FRANCELibert\u00e9\u00c9galit\u00e9Fraternit\u00e9\n  \n \nService d\u00e9partemental \u00e0 la jeunesse,  \n\u00e0 l'engagement et aux sports de Paris  \n \n \n \n \nService D\u00e9partemental \u00e0 la Jeunesse, \u00e0 l'Engagement et aux Sports de Paris \n6/8 rue Eug\u00e8ne Oudin\u00e9 \u2013 CS 81360 - 75634 PARIS CEDEX 13 \n \n \n \n \n              ARR\u00caT\u00c9 N\u00b02025-076-RRA \nportant reconnaissance du tronc commun d'agr\u00e9ment d'une association \n \nLA RECTRICE DE LA R\u00c9GION ACAD\u00c9MIQUE \u00ceLE-DE-FRANCE \nRECTRICE DE PARIS \nCHANCELIERE DES UNIVERSIT\u00c9S DE PARIS  \nET D'\u00ceLE-DE-FRANCE  \n \n \n \nVU  la loi n\u00b0 2000 -321 du 12 avril 2000 modifi\u00e9e relative aux droits des citoyens dans leurs relations \navec les administrations et notamment son article 25-1 ; \nVU le d\u00e9cret n\u00b0  2017-908 du 6 mai 2017 portant diverses dispositions relatives au r\u00e9gime juridique \ndes associations, des fondations, des fonds de dotation et des organismes faisant appel public \u00e0 \nla g\u00e9n\u00e9rosit\u00e9 et notamment ses articles 15 \u00e0 21 ; \nVU le d\u00e9cret du Pr\u00e9sident de la R\u00e9p ublique du 12 mars 2025 nommant Mme Julie BENETTI, rectrice \nde la r\u00e9gion acad\u00e9mique \u00cele-de-France, rectrice de l'acad\u00e9mie de Paris ;  \nVU l'arr\u00eat\u00e9 n\u00b02020-32 du 21 d\u00e9cembre 2020 modifi\u00e9 portant organisation de la d\u00e9l\u00e9gation r\u00e9gionale \nacad\u00e9mique \u00e0 la jeunesse, \u00e0 l'engagement et aux sports et des services d\u00e9partementaux \u00e0 la \njeunesse, \u00e0 l'engagement et aux sports ; \nVU le protocole r\u00e9gional d\u00e9partemental conclu entre le pr\u00e9fet de la r\u00e9gion d'Ile-de-France, pr\u00e9fet de \nParis, et le recteur de la r\u00e9gion acad\u00e9mique d'Ile-de-France, recteur de l'acad\u00e9mie de Paris, le 24 \nd\u00e9cembre 2020; \n \nVU l'arr\u00eat\u00e9 n\u00b0 75-2025-03-26-00004 du 26 mars 2025 portant d\u00e9l\u00e9gation du pr\u00e9fet de la r\u00e9gion \nd'Ile-de-France, pr\u00e9fet de Paris \u00e0 Mme Julie BENETTI, rectrice de la r\u00e9gion acad\u00e9mique Ile-de-\nFrance, rectrice de l'acad\u00e9mie de Paris, en mati\u00e8re administrative ;  \n \nVU  l'arr\u00eat\u00e9 minist\u00e9riel du 4 mai 2021 nommant Mme Jeanne DELACOURT dans l'emploi de conseill\u00e8re \ndu directeur acad\u00e9mique des services de l'\u00e9ducation en mati\u00e8re de jeunesse, d'engagement et \nde sports de Paris ; \n \nVU  le d\u00e9cret du Pr\u00e9sident de la R\u00e9publique du 26 f\u00e9vrier 2025 portant nomination de M. Laurent \nNOE en qualit\u00e9 de directeur de l'acad\u00e9mie de Paris ;  \n \nVU l'arr\u00eat\u00e9 n\u00b0 2025-033-RRA du 27 mars 2025 portant subd\u00e9l\u00e9gation de signature en mati\u00e8re \nadministrative de la rectrice de la r\u00e9gion acad\u00e9mique Ile-de-France, rectrice de l'acad\u00e9mie de \nParis ; pour la mise en \u0153uvre des missions de jeunesse, d'engagement et de sports ;  \nRectorat de la r\u00e9gion acad\u00e9mique d'Ile-de-France, rectorat de l'acad\u00e9mie de Paris - IDF-2025-06-16-00009 - Arr\u00eat\u00e9 n\u00b0 2025-076-RRA\nportant reconnaissance du tronc commun d'agr\u00e9ment d'une association ADOS - SDJES de Paris 21\n \n \n2 \n \nARR\u00caT\u00c9 \n \n \nArticle premier :  \nL'association suivante est r\u00e9put\u00e9e satisfaire aux conditions portant sur le tronc commun d'agr\u00e9ment  : \nla libert\u00e9 de conscience de ses membres, le respect du principe de non -discrimination, un mode de \nfonctionnement d\u00e9mocratique, une gestion financi\u00e8re tran sparente, permettre l'\u00e9gal acc\u00e8s des \nhommes, des femmes et des jeunes aux instances dirigeantes.et respecter le contrat d'engagement \nr\u00e9publicain. \n \nA.D.O.S \n \nRNA : W751080645 \n \ndont le si\u00e8ge social est situ\u00e9 \u00e0 : 24 rue Polonceau 75018 Paris \n \n \nArticle 2 :  \nL'arr\u00eat\u00e9 entre en vigueur \u00e0 compter de la date de sa publication et pour une dur\u00e9e de cinq ans.  \n \nArticle 3 : \nL'association mentionn\u00e9e ci -dessus est tenue d'informer sans d\u00e9lai l'autorit\u00e9 publique comp\u00e9tente de \ntout changement relatif aux crit\u00e8res d'attribu tion de la pr\u00e9sente reconnaissance et notamment les \nchangements de si\u00e8ge social, de statuts et de repr\u00e9sentant l\u00e9gal. \n \nArticle 4 : \nL'association mentionn\u00e9e ci-dessus tiendra \u00e0 disposition de l'administration, dans le cadre d'un contr\u00f4le, \ntout document just ifiant de la reconnaissance du tronc commun et notamment les proc\u00e8s -verbaux \nd'assembl\u00e9e g\u00e9n\u00e9rale, les rapports financiers des exercices \u00e9coul\u00e9s et les rapports annuels d'activit\u00e9s.  \n \nArticle 5 : \nLe d\u00e9l\u00e9gu\u00e9 de la r\u00e9gion acad\u00e9mique \u00e0 la jeunesse, \u00e0 l'engagement et aux sports est charg\u00e9 de l'ex\u00e9cution \ndu pr\u00e9sent arr\u00eat\u00e9 qui sera publi\u00e9 au recueil des actes administratifs de la pr\u00e9fecture de r\u00e9gion d'\u00cele -de-\nFrance, pr\u00e9fecture de Paris. \n \nFait \u00e0 Paris, le 16/06/2025 \n \n \n \n \n \n \n \n \n \n \n \n \nPour la rectrice, et par subd\u00e9l\u00e9gation, \nla conseill\u00e8re du directeur de l'acad\u00e9mie de \nParis, cheffe du service d\u00e9partemental \u00e0 la \njeunesse, \u00e0 l'engagement et aux sports de Paris \n \nSign\u00e9 \n \nJeanne DELACOURT  \n \n \n \n \n \n \nRectorat de la r\u00e9gion acad\u00e9mique d'Ile-de-France, rectorat de l'acad\u00e9mie de Paris - IDF-2025-06-16-00009 - Arr\u00eat\u00e9 n\u00b0 2025-076-RRA\nportant reconnaissance du tronc commun d'agr\u00e9ment d'une association ADOS - SDJES de Paris 22\nRectorat de la r\u00e9gion acad\u00e9mique\nd'Ile-de-France, rectorat de l'acad\u00e9mie de Paris\nIDF-2025-06-16-00010\nArr\u00eat\u00e9 n\u00b0 2025-077-RRA portant agr\u00e9ment au\ntitre de la Jeunesse et de l'\u00c9ducation Populaire\npour l'association LES PASSEURS DE CURIOSITES\n- SDJES de Paris \nRectorat de la r\u00e9gion acad\u00e9mique d'Ile-de-France, rectorat de l'acad\u00e9mie de Paris - IDF-2025-06-16-00010 - Arr\u00eat\u00e9 n\u00b0 2025-077-RRA\nportant agr\u00e9ment au titre de la Jeunesse et de l'\u00c9ducation Populaire pour l'association LES PASSEURS DE CURIOSITES - SDJES de Paris 23\nREGION ACADEMIQUE\u00ceLE-DE-FRANCELibert\u00e9\u00c9galit\u00e9Fraternit\u00e9\n  \n \nService d\u00e9partemental \u00e0 la jeunesse,  \n\u00e0 l'engagement et aux sports de Paris  \n \n \n \n \nService D\u00e9partemental \u00e0 la Jeunesse, \u00e0 l'Engagement et aux Sports de Paris \n6/8 rue Eug\u00e8ne Oudin\u00e9 \u2013 CS 81360 - 75634 PARIS CEDEX 13 \n \n \n \n \n    ARR\u00caT\u00c9 N\u00b02025-077-RRA  \nportant agr\u00e9ment au titre de la Jeunesse et de l'\u00c9ducation Populaire \n  \nLA RECTRICE DE LA R\u00c9GION ACAD\u00c9MIQUE \u00ceLE-DE-FRANCE \nRECTRICE DE PARIS \nCHANCELIERE DES UNIVERSIT\u00c9S DE PARIS  \nET D'\u00ceLE-DE-FRANCE  \n \n \nVu la loi n\u00b0 2001-624 du 17 juillet 2001 portant diverses dispositions d'ordre social, \u00e9ducatif et culturel et notamment \nson article 8 ;  \nVu le d\u00e9cret n\u00b0 2002-571 du 22 avril 2002 pris pour l'application du premier alin\u00e9a de l'article 8 de la loi n\u00b0 2001-624 \net relatif \u00e0 l'agr\u00e9ment des associations de jeunesse et d'\u00e9ducation populaire ;  \nVu le d\u00e9cret n\u00b0 2019-838 du 19 ao\u00fbt 2019 portant diverses mesures de simplification pour le minist\u00e8re de l'\u00e9ducation \nnationale et de la jeunesse ; \nVu le d\u00e9cret du Pr\u00e9sident de la R\u00e9publique du 12 mars 2025 nommant Mme Julie BENETTI, rectrice de la r\u00e9gion \nacad\u00e9mique \u00cele-de-France, rectrice de l'acad\u00e9mie de Paris ;  \nVu l'arr\u00eat\u00e9 n\u00b02020-32 du 21 d\u00e9cembre 2020 modifi\u00e9 portant organisation de la d\u00e9l\u00e9gation r\u00e9gionale acad\u00e9mique \u00e0 \nla jeunesse, \u00e0 l'engagement et aux sports et des services d\u00e9partementaux \u00e0 la jeunesse, \u00e0 l'engagement et aux sports \n; \nVu le protocole r\u00e9gional d\u00e9partemental conclu entre le pr\u00e9fet de la r\u00e9gion d 'Ile-de-France, pr\u00e9fet de Paris, et le \nrecteur de la r\u00e9gion acad\u00e9mique d'Ile-de-France, recteur de l'acad\u00e9mie de Paris, le 24 d\u00e9cembre 2020 ; \n \nVu l'arr\u00eat\u00e9 n\u00b0 75-2025-03-26-00004 du 26 mars 2025 portant d\u00e9l\u00e9gation du pr\u00e9fet de la r\u00e9gion d'Ile-de-France, \npr\u00e9fet de Paris \u00e0 Mme Julie BENETTI, rectrice de la r\u00e9gion acad\u00e9mique Ile-de-France, rectrice de l'acad\u00e9mie de \nParis, en mati\u00e8re administrative ; \n \nVu l'arr\u00eat\u00e9 minist\u00e9riel du 4 mai 2021 nommant M me Jeanne DELACOURT dans l'emploi de conseill\u00e8re du directeur \nacad\u00e9mique des services de l'\u00e9ducation en mati\u00e8re de jeunesse, d'engagement et de sports de Paris ; \n \nVu le d\u00e9cret du Pr\u00e9sident de la R\u00e9publique du 26 f\u00e9vrier 2025 portant nomination de M. Laurent NOE en qualit\u00e9 \nde directeur de l'acad\u00e9mie de Paris ;  \n \nVu l'arr\u00eat\u00e9 n\u00b0 2025-033-RRA du 27 mars 2025 portant subd\u00e9l\u00e9gation de signature en mati\u00e8re administrative de la \nrectrice de la r\u00e9gion acad\u00e9mique Ile-de-France, rectrice de l'acad\u00e9mie de Paris pour la mise en \u0153uvre des missions \nde jeunesse, d'engagement et de sports ;  \n \nConsid\u00e9rant la demande compl\u00e8te formul\u00e9e par l'association en date du 19/03/2025 ; \n \nConsid\u00e9rant que l'association ci-dessous d\u00e9tient un arr\u00eat\u00e9 portant tronc commun d'agr\u00e9ment en cours de validit\u00e9 \nau moment de l'instruction de la demande ; \n \nRectorat de la r\u00e9gion acad\u00e9mique d'Ile-de-France, rectorat de l'acad\u00e9mie de Paris - IDF-2025-06-16-00010 - Arr\u00eat\u00e9 n\u00b0 2025-077-RRA\nportant agr\u00e9ment au titre de la Jeunesse et de l'\u00c9ducation Populaire pour l'association LES PASSEURS DE CURIOSITES - SDJES de Paris 24\n \n \n2 \nConsid\u00e9rant que l'association ci -dessous remplit les conditions r\u00e9glementaires relatives \u00e0 l'agr\u00e9ment des \nassociations de jeunesse et d'\u00e9ducation populaire ; \n \n \nARR\u00caT\u00c9 \n \nArticle premier : \nL'agr\u00e9ment au titre des associations de jeunesse et d'\u00e9ducation populaire est attribu\u00e9 \u00e0 l'association : \n \nLES PASSEURS DES CURIOSIT\u00c9S \nRNA : W751246079 \n \ndont le si\u00e8ge social est situ\u00e9 \u00e0 : 20 rue Edouard Pailleron 75019 Paris \n \ndont l'objet statutaire est :  \n \n- mettre en lumi\u00e8re, de fa\u00e7on ludique et cr\u00e9ative, le monde merveilleux et complexe du vivant, pour un public \nd'enfants. \n \nLe num\u00e9ro de l'agr\u00e9ment \u00e0 rappeler dans les correspondances avec l'administration est le suivant :  \n2025-JEP-75-17 \n \nArticle 2 :  \nL'association mentionn\u00e9e ci -dessus est tenue d'informer sans d\u00e9lai l'autorit\u00e9 publique comp\u00e9tente de tout \nchangement relatif aux crit\u00e8res d'attribution du pr\u00e9sent agr\u00e9ment et notamment les changements de si\u00e8ge social, \nde statuts et de repr\u00e9sentant l\u00e9gal. \n \nArticle 3 : \nL'association mentionn\u00e9e ci -dessus tiendra \u00e0 disposition de l'administration, dans le cadre d'un contr\u00f4le, tout \ndocument justifiant de l'agr\u00e9ment et notamment les proc\u00e8s -verbaux d'assembl\u00e9e g\u00e9n\u00e9rale, les rapports financiers \ndes exercices \u00e9coul\u00e9s et les rapports annuels d'activit\u00e9s. \n \nArticle 4 : \nCet agr\u00e9ment de jeunesse et d'\u00e9ducation populaire n'est valide que si l'association mentionn\u00e9e ci-dessus d\u00e9tient un \ntronc commun d'agr\u00e9ment en cours de validit\u00e9. \n \nArticle 5 :  \nL'arr\u00eat\u00e9 entre en vigueur \u00e0 compter de la date de sa publication et pour une dur\u00e9e de cinq ans. \n \nArticle 6 : \nLe d\u00e9l\u00e9gu\u00e9 de la r\u00e9gion acad\u00e9mique \u00e0 la jeunesse, \u00e0 l'engagement et aux sports est charg\u00e9 de l'ex\u00e9cution du pr\u00e9sent \narr\u00eat\u00e9 qui sera publi\u00e9 au recueil des actes administratifs de la pr\u00e9fecture de r\u00e9gion d'\u00cele -de-France, pr\u00e9fecture de \nParis. \n \nFait \u00e0 Paris, le 16/06/2025 \n \n  \nPour la rectrice, et par subd\u00e9l\u00e9gation, \nla conseill\u00e8re du directeur de l'acad\u00e9mie de Paris, \ncheffe du service d\u00e9partemental \u00e0 la jeunesse, \u00e0 \nl'engagement et aux sports de Paris \n \nSign\u00e9 \n \nJeanne DELACOURT  \n \n \n \n \nRectorat de la r\u00e9gion acad\u00e9mique d'Ile-de-France, rectorat de l'acad\u00e9mie de Paris - IDF-2025-06-16-00010 - Arr\u00eat\u00e9 n\u00b0 2025-077-RRA\nportant agr\u00e9ment au titre de la Jeunesse et de l'\u00c9ducation Populaire pour l'association LES PASSEURS DE CURIOSITES - SDJES de Paris 25\nRectorat de la r\u00e9gion acad\u00e9mique\nd'Ile-de-France, rectorat de l'acad\u00e9mie de Paris\nIDF-2025-06-16-00011\nArr\u00eat\u00e9 n\u00b0 2025-078-RRA portant reconnaissance\ndu tronc commun d'agr\u00e9ment d'une association\nLES PASSEURS DE CURIOSITES - SDJES de Paris\nRectorat de la r\u00e9gion acad\u00e9mique d'Ile-de-France, rectorat de l'acad\u00e9mie de Paris - IDF-2025-06-16-00011 - Arr\u00eat\u00e9 n\u00b0 2025-078-RRA\nportant reconnaissance du tronc commun d'agr\u00e9ment d'une association LES PASSEURS DE CURIOSITES - SDJES de Paris 26\nREGION ACADEMIQUE\u00ceLE-DE-FRANCELibert\u00e9\u00c9galit\u00e9Fraternit\u00e9\n  \n \nService d\u00e9partemental \u00e0 la jeunesse,  \n\u00e0 l'engagement et aux sports de Paris  \n \n \n \n \nService D\u00e9partemental \u00e0 la Jeunesse, \u00e0 l'Engagement et aux Sports de Paris \n6/8 rue Eug\u00e8ne Oudin\u00e9 \u2013 CS 81360 - 75634 PARIS CEDEX 13 \n \n \n \n \n              ARR\u00caT\u00c9 N\u00b02025-078-RRA \nportant reconnaissance du tronc commun d'agr\u00e9ment d'une association \n \nLA RECTRICE DE LA R\u00c9GION ACAD\u00c9MIQUE \u00ceLE-DE-FRANCE \nRECTRICE DE PARIS \nCHANCELIERE DES UNIVERSIT\u00c9S DE PARIS  \nET D'\u00ceLE-DE-FRANCE  \n \n \n \nVU  la loi n\u00b0 2000 -321 du 12 avril 2000 modifi\u00e9e relative aux droits des citoyens dans leurs relations avec les \nadministrations et notamment son article 25-1 ; \nVU le d\u00e9cret n\u00b0  2017-908 du 6 mai 2017 portant diverses dispositions relatives au r\u00e9gime juridique des \nassociations, des fondations, des fonds de dotation et des organismes faisant appel public \u00e0 la g\u00e9n\u00e9rosit\u00e9 \net notamment ses articles 15 \u00e0 21 ; \nVU le d\u00e9cret du Pr\u00e9sident de la R\u00e9publique du 12 mars 2025 nommant Mme Julie BENETTI, rectrice de la r\u00e9gion \nacad\u00e9mique \u00cele-de-France, rectrice de l'acad\u00e9mie de Paris ;  \nVU l'arr\u00eat\u00e9 n\u00b02020 -32 du 21 d\u00e9cembre 2020 modifi\u00e9 portant organisation de la d\u00e9l\u00e9gation r\u00e9gionale \nacad\u00e9mique \u00e0 la jeunesse, \u00e0 l'engagement et aux sports et des services d\u00e9partementaux \u00e0 la jeunesse, \u00e0 \nl'engagement et aux sports ; \nVU le protocole r\u00e9gional d\u00e9partemental conclu entre le pr\u00e9fet de la r\u00e9gion d'Ile -de-France, pr\u00e9fet de Paris, et \nle recteur de la r\u00e9gion acad\u00e9mique d'Ile-de-France, recteur de l'acad\u00e9mie de Paris, le 24 d\u00e9cembre 2020; \n \nVU l'arr\u00eat\u00e9 n\u00b0 75-2025-03-26-00004 du 26 mars 2025 portant d\u00e9l\u00e9gation du pr\u00e9fet de la r\u00e9gion d'Ile-de-France, \npr\u00e9fet de Paris \u00e0 Mme Julie BENETTI, rectrice de la r\u00e9gion acad\u00e9mique Ile-de-France, rectrice de \nl'acad\u00e9mie de Paris, en mati\u00e8re administrative ; \n \nVU  l'arr\u00eat\u00e9 minist\u00e9riel du 4 mai 2021 nomm ant M me Jeanne DELACOURT dans l'emploi de conseill\u00e8re du \ndirecteur acad\u00e9mique des services de l'\u00e9ducation en mati\u00e8re de jeune sse, d'engagement et de sports de \nParis ; \n \nVU  le d\u00e9cret du Pr\u00e9sident de la R\u00e9publique du 26 f\u00e9vrier 2025 portant nomination de M. Laurent NOE en qualit\u00e9 \nde directeur de l'acad\u00e9mie de Paris ;  \n \nVU l'arr\u00eat\u00e9 n\u00b0 2025-033-RRA du 27 mars 2025 portant subd\u00e9l\u00e9gation de signature en mati\u00e8re administrative \nde la rectrice de la r\u00e9gion acad\u00e9mique Ile-de-France, rectrice de l'acad\u00e9mie de Paris ; pour la mise en \n\u0153uvre des missions de jeunesse, d'engagement et de sports ;  \n \n \n \n \n \n  \n \nRectorat de la r\u00e9gion acad\u00e9mique d'Ile-de-France, rectorat de l'acad\u00e9mie de Paris - IDF-2025-06-16-00011 - Arr\u00eat\u00e9 n\u00b0 2025-078-RRA\nportant reconnaissance du tronc commun d'agr\u00e9ment d'une association LES PASSEURS DE CURIOSITES - SDJES de Paris 27\n \n \n2 \n \nARR\u00caT\u00c9 \n \n \nArticle premier :  \nL'association suivante est r\u00e9put\u00e9e satisfaire aux conditions portant sur le tronc commun d'agr\u00e9ment : \nla libert\u00e9 de conscience de ses membres, le respect du principe de non-discrimination, un mode de fonctionnement \nd\u00e9mocratique, une gestion financi\u00e8re transparente, permettre l'\u00e9gal acc\u00e8s des hommes, des femmes et des jeunes \naux instances dirigeantes.et respecter le contrat d'engagement r\u00e9publicain. \n \nLES PASSEURS DES CURIOSIT\u00c9S \nRNA : W751246079 \n \ndont le si\u00e8ge social est situ\u00e9 \u00e0 : 20 rue Edouard Pailleron 75019 Paris \n \n \nArticle 2 :  \nL'arr\u00eat\u00e9 entre en vigueur \u00e0 compter de la date de sa publication et pour une dur\u00e9e de cinq ans. \n \nArticle 3 : \nL'association mentionn\u00e9e ci -dessus est tenue d'informer sans d\u00e9lai l'autorit\u00e9 publique comp\u00e9tente de tout \nchangement relatif aux crit\u00e8res d'attribution de la pr\u00e9sente reconnaissance et notamment les changements de si\u00e8ge \nsocial, de statuts et de repr\u00e9sentant l\u00e9gal. \n \nArticle 4 : \nL'association mentionn\u00e9e ci -dessus tiendra \u00e0 disposition de l'administration, dans le cadre d'un contr\u00f4le, tout \ndocument justifiant de la reconnaissance du tronc commun et notamment les proc\u00e8s -verbaux d 'assembl\u00e9e \ng\u00e9n\u00e9rale, les rapports financiers des exercices \u00e9coul\u00e9s et les rapports annuels d'activit\u00e9s. \n \nArticle 5 : \nLe d\u00e9l\u00e9gu\u00e9 de la r\u00e9gion acad\u00e9mique \u00e0 la jeunesse, \u00e0 l'engagement et aux sports est charg\u00e9 de l'ex\u00e9cution du pr\u00e9sent \narr\u00eat\u00e9 qui sera publi\u00e9 au recueil des actes administratifs de la pr\u00e9fecture de r\u00e9gion d'\u00cele -de-France, pr\u00e9fecture de \nParis. \n \n \nFait \u00e0 Paris, le 16/06/2025 \n \n \n \n \n \n \n \n \n \n \n \n \nPour la rectrice, et par subd\u00e9l\u00e9gation, \nla conseill\u00e8re du directeur de l'acad\u00e9mie de Paris, \ncheffe du service d\u00e9partemental \u00e0 la jeunesse, \u00e0 \nl'engagement et aux sports de Paris \n \nSign\u00e9 \n \n \nJeanne DELACOURT  \n \n \n \n \n \n \nRectorat de la r\u00e9gion acad\u00e9mique d'Ile-de-France, rectorat de l'acad\u00e9mie de Paris - IDF-2025-06-16-00011 - Arr\u00eat\u00e9 n\u00b0 2025-078-RRA\nportant reconnaissance du tronc commun d'agr\u00e9ment d'une association LES PASSEURS DE CURIOSITES - SDJES de Paris 28","date":"2025-06-23","first_seen_on":"2025-06-23T16:40:20+00:00","id":"60c3d0b038dd6aa4d7ea3ce685f27280f2a2760ff011d697fe20250126e2ffa3","name":"recueil-idf-043-2025-06-recueil-des-actes-administratifs-special du 23.06.2025","pdf_creation_date":"2025-06-23T14:52:28+00:00","pdf_modification_date":null,"timezone":"Europe/Paris","url":"https://www.prefectures-regions.gouv.fr/ile-de-france/irecontenu/telechargement/128745/948907/file/recueil-idf-043-2025-06-recueil-des-actes-administratifs-special%20du%2023.06.2025.pdf"}
