{"administration":"prefidf","administration_name":"Pr\u00e9fecture de la r\u00e9gion \u00cele-de-France","content":"PREFECTURE\nREGION ILE DE\nFRANCE\nRECUEIL DES ACTES\nADMINISTRATIFS SP\u00c9CIAL\n(NOMINATIFS)\nN\u00b0IDF-025-2025-12\nPUBLI\u00c9 LE  9 D\u00c9CEMBRE 2025\nSommaire\nDirection r\u00e9gionale et interd\u00e9partementale de l'\u00e9conomie, de l'emploi,\ndu travail et des solidarit\u00e9s d'\u00cele-de-France /\nIDF-2025-12-09-00003 - Arr\u00eat\u00e9 relatif \u00e0 l'attribution des bourses\ntalents (hors pr\u00e9pa) 2025-2026 (4 pages) Page 3\n2\nDirection r\u00e9gionale et interd\u00e9partementale de\nl'\u00e9conomie, de l'emploi, du travail et des\nsolidarit\u00e9s d'\u00cele-de-France\nIDF-2025-12-09-00003\nArr\u00eat\u00e9 relatif \u00e0 l'attribution des bourses talents\n(hors pr\u00e9pa) 2025-2026\nDirection r\u00e9gionale et interd\u00e9partementale de l'\u00e9conomie, de l'emploi, du travail et des solidarit\u00e9s d'\u00cele-de-France -\nIDF-2025-12-09-00003 - Arr\u00eat\u00e9 relatif \u00e0 l'attribution des bourses talents (hors pr\u00e9pa) 2025-2026 3\nExPR\u00c9FET _DE LA R\u00c9GIONILE-DE-FRANCELibert\u00e9Egalit\u00e9Fraternit\u00e9\n1/4 \n \n     \nARRETE RELATIF A L'ATTRIBUTION DES BOURSES TALENTS (hors pr\u00e9pa) 2025-2026 \nLE PREFET DE LA REGION D'ILE-DE-FRANCE, PREFET DE PARIS, \nCOMMANDEUR DE LA LEGION D'HONNEUR \nOFFICIER DE L'ORDRE NATIONAL DU MERITE \n \nVU le code g\u00e9n\u00e9ral de la fonction publique ; \nVU le d\u00e9cret n\u00b0 2004-374 du 29 avril 2004 relatif aux pouvoirs des pr\u00e9fets, \u00e0 l'organisation et \u00e0 \nl'action des services de l'\u00c9tat dans les r\u00e9gions et d\u00e9partements ; \nVU le d\u00e9cret n\u00b02025-1149 du 28 novembre 2025 relatif au r\u00e9gime des bourses Talents  ; \nVU l'arr\u00eat\u00e9 pr\u00e9fectoral IDF-2025-08-27-00003 du 27 ao\u00fbt 2025 portant d\u00e9l\u00e9gation de signature \n\u00e0 M. Fabrice MASI, directeur r\u00e9gional et interd\u00e9partemental de l'\u00e9conomie, de l'emploi, du \ntravail et des solidarit\u00e9s d'\u00cele-de-France, en mati\u00e8re d'ordonnancement secondaire au titre de \nses responsabilit\u00e9s de niveau r\u00e9gional ; \nVU la circulaire du 7 juillet 2025 relative \u00e0 la mise en \u0153uvre des bourses talents pour la \ncampagne 2025-2026 ; \nSUR proposition du Pr\u00e9fet, secr\u00e9taire g\u00e9n\u00e9ral aux moyens mutualis\u00e9s de la pr\u00e9fecture de r\u00e9gion \nd'Ile-de-France, pr\u00e9fecture de Paris, apr\u00e8s consultation de la commission d'attribution de la \nbourse Talents r\u00e9unie le 17 octobre 2025 ; \nVU l'arr\u00eat\u00e9 n\u00b0IDF -2025-12-03-00008 du 3 d\u00e9cembre 2025 relatif \u00e0 l'attribution des bourses \nTalents (hors pr\u00e9pa) 2025-2026. \nARRETE \nArticle 1 : \nL'annexe de l'arr\u00eat\u00e9  n\u00b0IDF-2025-12-03-00008 du 3 d\u00e9cembre 2025  susvis\u00e9 est remplac\u00e9e par \nl'annexe du pr\u00e9sent arr\u00eat\u00e9. \nArticle 2 : \nLe Pr\u00e9fet, secr\u00e9taire g\u00e9n\u00e9ral aux moyens mutualis\u00e9s de la pr\u00e9fecture de r\u00e9gion d'Ile-de-France, \npr\u00e9fecture de Paris, le Directeur r\u00e9gional et interd\u00e9partemental de l'\u00e9conomie, de l'emploi du \ntravail et des solidarit\u00e9s d'\u00cele-de-France et le Directeur r\u00e9gional des finances publiques d'Ile-de-\nFrance et de Paris sont charg\u00e9s chacun en ce qui le concerne, de l'ex\u00e9cution du pr\u00e9sent arr\u00eat\u00e9. \nFait \u00e0 Saint -Denis, le 9 \nd\u00e9cembre 2025  \nLe c hef du d\u00e9partemen t \nemploi solidarit\u00e9s  \n \nEmmanuel B\u00e9zy  \nDirection r\u00e9gionale et interd\u00e9partementale         \nde l'\u00e9conomie, de l'emploi,                                             \ndu travail et des solidarit\u00e9s \nDirection r\u00e9gionale et interd\u00e9partementale de l'\u00e9conomie, de l'emploi, du travail et des solidarit\u00e9s d'\u00cele-de-France -\nIDF-2025-12-09-00003 - Arr\u00eat\u00e9 relatif \u00e0 l'attribution des bourses talents (hors pr\u00e9pa) 2025-2026 4\n2/4 \n \nANNEXE A L'ARRETE RELATIF A L'ATTRIBUTION DES BOURSES TALENTS 2025 -2026 \nListe des b\u00e9n\u00e9ficiaires des bourses Talents \u00ab hors pr\u00e9pa talent \u00bb de la campagne 2025-2026 \nLISTE PRINCIPALE  \nFait \u00e0 Saint-Denis, le 9 d\u00e9cembre 2025 Le chef du d\u00e9partement emploi solidarit\u00e9s Emmanuel B\u00e9zy  \nCivilit\u00e9 Nom de naissance Nom d'usage Pr\u00e9nom \nMme KRUGER   L\u00e9a \nMme CHAPEL DE LAPCHEVIE    Chiara  \nMme FATTAH   Yasmine \nM. CHAPEL DE LAPACHEVIE CHAPEL DE LAPACHEVIE Joseph \nMme BONEF   Elisa  \nMme BESNARD   Jeanne \nM. BEAUBERT   Mat\u00e9o \nMme COMTET   In\u00e8s \nMme BARCIK   Lilou \nMme PAYET   Marine \nM. BASSI   Eug\u00e8ne \nMme THAZAR   Angeline \nMme JERNIDIER   Fany \nM. FREMONT   Alexis \nMme CLAIN   Mallory \nMme CULOT   Julianne \nM. BOURRANT   L\u00e9o \nMme BOUET   Ma\u00ebllys \nM. SAUZAY   Gaspard \nMme WAMPFLER   Louise \nM. FOUBERT   Arnaud \nM. COUSIN   Martin \nM. HUGONIE   Quentin \nM. PERIANAYAGOM-MARY   Matthieu \nM. JALILYAN   Omar \nM. BIZEANI BIZEANI Essohouna \nM. RANNOU   L\u00e9on \nMme BARBIER   Julie \nMme OTTAVY   Louna \nM. YAHLALI   Farel \nMme DELOUMEAUX    K\u00e9sy  \nMme ABDOUL   Inas \nMme BEECKMAN   Amely \nMme FORTE FORTE-ENGELHARDT Julia \nM. LARRE   Simon \nM. GIUNTA   Ewen \nM. PLASSAIS   Hugo \nMme HRYCKO   Justine \nMme TSEKI MUZINGA   Daniella \nMme ZHAO   Anais \nMme CESAIRE   Kaysha \nMme LOUNIS   Kamilia \nDirection r\u00e9gionale et interd\u00e9partementale de l'\u00e9conomie, de l'emploi, du travail et des solidarit\u00e9s d'\u00cele-de-France -\nIDF-2025-12-09-00003 - Arr\u00eat\u00e9 relatif \u00e0 l'attribution des bourses talents (hors pr\u00e9pa) 2025-2026 5\n3/4 \n \nMme CAMPEAUX   Lucie \nMme PEREZ LARRE-PEREZ Margaux \nMme ELANKOVAN   Apitha \nMme DO CHHONG   May-Line \nMme BECHARD BECHARD Ilona \nM. BARLOY   Renaud \nMme PERRIN   Jade \nMme DEREDJIAN   Laura \nM. HINDO   Wa\u00ebl \nMme POMMEREUL   Sacha  \nMme IVES   Julie \nMme DAUMAS   Abiga\u00eblle \nMme COUDERC   Morgane  \nM. LEANDRI   Charles \nM. JOLY   C\u00f4me \nM. DELAHAIS   Agathe \nMme GUICHARD GUICHARD Alyssia \nM. DIAMBO   Issa \nM. STANKIEWICZ   Dylan \nMme JELEN JELEN Juliette \nMme FANCHONE   Enide \nM. KORICHE   Djibril  \nMme BRISSON   Justine \nMme CHAIGNEAU   Maya \nM. BOISSON   Lucien \nMme GUILLEMANT    Ma\u00eblys  \nM. DAVIAUD   Nathan \nMme MILLER   Capucine \nM. PALICOT   Hugo  \nMme ROSENBERGER--DERANCOURT   Lilla \nMme VERGNOL   Marie \nMme VERON--BRESCHET   Ella \nMme BILLARDELLO   Salom\u00e9 \nM. DEVIE DEVIE F\u00e9licien \nMme CASTETS   Lucie \nMme BERNIER   Nina \nMme CHAMBRY   Oph\u00e9lie \nMme BOUANHAK   Nora \nMme MALKI   Amina \nM. MICAT   Cl\u00e9ment \nMme PRUVOST   Amandine \nMme ALQUIER   Emilie \nM. TAHRAOUI    Nadji \nM. MEZHOUDI    Saber \nMme ESMAILPOUR QOUCHANI  DOLATKHAH  Ghazaleh  \nMme BARAILLE BARAILLE-GAY Mathilde \nMme VASSEUR   Caroline \nMme DOMINGOS TANGUY Simonella \nFait \u00e0 Saint-Denis, le 9 d\u00e9cembre 2025 Le chef du d\u00e9partement emploi solidarit\u00e9s Emmanuel B\u00e9zy  \n  \nDirection r\u00e9gionale et interd\u00e9partementale de l'\u00e9conomie, de l'emploi, du travail et des solidarit\u00e9s d'\u00cele-de-France -\nIDF-2025-12-09-00003 - Arr\u00eat\u00e9 relatif \u00e0 l'attribution des bourses talents (hors pr\u00e9pa) 2025-2026 6\n4/4 \n \nLISTE COMPLEMENTAIRE \n \nCivilit\u00e9 Nom de naissance Nom d'usage Pr\u00e9nom \nMme BEN AMOR    Fatma \nMme CHIKH MILOUD    Aur\u00e9lia  \nMme ANGELO   Tressy  \nM. CIRE   Ely \nM. HAOUZI   Bilal \nMme DAEMEN   Manon \nMme COMERT   Sevgi  \nMme SAID BACAR   Kayissa \nMme JERROUDI  JERROUDI Mounia \nM. LARAVINE   Ulrich \nMme THOUNY   Chlo\u00e9 \nMme MATHON - - VAUQUELIN   Th\u00e9a  \nM. CHASSEVENT   Etienne \nMme BENHADJI   Leyla \nM. BARTUCCIO   Enzo \nMme ALLAIN   S\u00e9l\u00e9na \nM. LEBLANC  LEBLANC Nino \nM. MACHU   Louis-Eloi \nM. VIDAL   L\u00e9o \nMme GOETCHEL   Eve-Marie \nMme ANAGONOU   Ursulla \nM. DIEZ-SOTO   Illian \nMme LANNOY   Alexia \nMme BOSCHER   Manon, Lan \nMme ROUCHES   Marie \nMme DAS   Sornaly \nM. LAUZE   Tony \nM. CORNU DRULHE  Thomas \nFait \u00e0 Saint-Denis, le 9 d\u00e9cembre 2025 Le chef du d\u00e9partement emploi solidarit\u00e9s Emmanuel B\u00e9zy  \n \n \nDirection r\u00e9gionale et interd\u00e9partementale de l'\u00e9conomie, de l'emploi, du travail et des solidarit\u00e9s d'\u00cele-de-France -\nIDF-2025-12-09-00003 - Arr\u00eat\u00e9 relatif \u00e0 l'attribution des bourses talents (hors pr\u00e9pa) 2025-2026 7","date":"2025-12-09","first_seen_on":"2025-12-09T18:28:20+00:00","id":"6190de933924f1f08c2f0b90c53eccf73387a6b13b73aa3c722d9bee2c23e3e0","name":"recueil-idf-025-2025-12-RAA-nominatifs du 09.12.2025","pdf_creation_date":"2025-12-09T16:02:11+00:00","pdf_modification_date":null,"timezone":"Europe/Paris","url":"https://www.prefectures-regions.gouv.fr/ile-de-france/irecontenu/telechargement/133498/978863/file/recueil-idf-025-2025-12-RAA-nominatifs%20du%2009.12.2025.pdf"}
